{"id":14834,"date":"2026-09-05T14:03:11","date_gmt":"2026-09-05T12:03:11","guid":{"rendered":"https:\/\/www.tablaosflamencos.com\/?p=14834"},"modified":"2026-09-05T14:31:51","modified_gmt":"2026-09-05T12:31:51","slug":"waar-flamenco-zien-jerez-tijdens-jerez-fusion","status":"publish","type":"post","link":"https:\/\/www.tablaosflamencos.com\/nl\/waar-flamenco-zien-jerez-tijdens-jerez-fusion.html","title":{"rendered":"Waar je flamenco kunt zien in Jerez tijdens Jerez Fusi\u00f3n"},"content":{"rendered":"<section class=\"l-section wpb_row height_huge\"><div class=\"l-section-h i-cf\"><div class=\"g-cols vc_row via_flex valign_top type_default stacking_default\"><div class=\"vc_col-sm-6 wpb_column vc_column_container\"><div class=\"vc_column-inner\"><div class=\"wpb_wrapper\"><div class=\"wpb_text_column\"><div class=\"wpb_wrapper\"><h2><strong>Flamenco in Jerez<\/strong><\/h2>\n<p><strong>Flamenco zien in Jerez tijdens Jerez Fusi\u00f3n<\/strong> laat je twee manieren combineren om de stad te beleven: de concerten van het festival en een sessie met flamencozang, gitaar en dans in een tablao. De beste keuze hangt af van wat je wilt horen, hoeveel tijd je hebt en welke tickets er per dag beschikbaar zijn.<\/p>\n<p>Als je reist van <strong>10 tot en met 13 september 2026<\/strong>, kies dan eerst de festivalactiviteit die je het meest aanspreekt en reserveer daarna tijd om flamenco in een intiemere vorm te ervaren. Deze gids helpt je bepalen waar je naartoe gaat en hoe je beide ervaringen organiseert.<\/p>\n<\/div><\/div><\/div><\/div><\/div><div class=\"vc_col-sm-6 wpb_column vc_column_container\"><div class=\"vc_column-inner\"><div class=\"wpb_wrapper\"><div class=\"w-image us_custom_83db15f5 has_aspect_ratio align_center\"><div class=\"w-image-h\"><img fetchpriority=\"high\" decoding=\"async\" width=\"1024\" height=\"768\" src=\"https:\/\/www.tablaosflamencos.com\/wp-content\/uploads\/donde-ver-flamenco-en-jerez-durante-jerez-fusion-01-1-1024x768.webp\" class=\"attachment-large size-large\" alt=\"D\u00f3nde ver flamenco en Jerez durante Jerez Fusi\u00f3n\" loading=\"eager\" srcset=\"https:\/\/www.tablaosflamencos.com\/wp-content\/uploads\/donde-ver-flamenco-en-jerez-durante-jerez-fusion-01-1-1024x768.webp 1024w, https:\/\/www.tablaosflamencos.com\/wp-content\/uploads\/donde-ver-flamenco-en-jerez-durante-jerez-fusion-01-1-300x225.webp 300w, https:\/\/www.tablaosflamencos.com\/wp-content\/uploads\/donde-ver-flamenco-en-jerez-durante-jerez-fusion-01-1-600x450.webp 600w, https:\/\/www.tablaosflamencos.com\/wp-content\/uploads\/donde-ver-flamenco-en-jerez-durante-jerez-fusion-01-1-150x113.webp 150w, https:\/\/www.tablaosflamencos.com\/wp-content\/uploads\/donde-ver-flamenco-en-jerez-durante-jerez-fusion-01-1.webp 1448w\" sizes=\"auto, (max-width: 1024px) 100vw, 1024px\" \/><\/div><\/div><\/div><\/div><\/div><\/div><\/div><\/section><section class=\"l-section wpb_row height_huge color_alternate with_shape\"><div class=\"l-section-shape type_zigzag pos_top\" style=\"height:3vmin;\"><svg xmlns=\"http:\/\/www.w3.org\/2000\/svg\" viewBox=\"0 0 64 8\" preserveAspectRatio=\"none\" width=\"100%\" height=\"100%\">\r\n\t<path fill=\"currentColor\" d=\"M64 8 L0 8 L0 0 L20 7.9 L40 3 L48 5 L64 0 Z\"\/>\r\n<\/svg><\/div><div class=\"l-section-shape type_zigzag pos_bottom\" style=\"height:3vmin;\"><svg xmlns=\"http:\/\/www.w3.org\/2000\/svg\" viewBox=\"0 0 64 8\" preserveAspectRatio=\"none\" width=\"100%\" height=\"100%\">\r\n\t<path fill=\"currentColor\" d=\"M64 8 L0 8 L0 0 L20 7.9 L40 3 L48 5 L64 0 Z\"\/>\r\n<\/svg><\/div><div class=\"l-section-h i-cf\"><div class=\"g-cols vc_row via_flex valign_top type_default stacking_default\"><div class=\"vc_col-sm-12 wpb_column vc_column_container\"><div class=\"vc_column-inner\"><div class=\"wpb_wrapper\"><div class=\"wpb_text_column\"><div class=\"wpb_wrapper\"><h2>Snel antwoord: waar kun je flamenco zien tijdens het festival?<\/h2>\n<p>Voor Jerez Fusi\u00f3n vind je de locaties en optredens in het <a href=\"https:\/\/www.jerezfusion.com\/\">offici\u00eble programma<\/a>. Zoek je een tablaoshow die je apart kunt boeken, dan kun je kiezen voor <a href=\"https:\/\/www.tablaosflamencos.com\/tablao\/tablao-flamenco-puro-arte\">Tablao Flamenco Puro Arte<\/a>. Je kunt ook onze pagina over <a href=\"https:\/\/www.tablaosflamencos.com\/flamenco-en-jerez\">flamenco in Jerez<\/a> bekijken voor het beschikbare aanbod.<\/p>\n<p><strong>Een tablaoreservering staat los van het festival.<\/strong> Controleer de datum, het tijdstip en wat bij elke activiteit is inbegrepen voordat je je planning definitief maakt.<\/p>\n<\/div><\/div><\/div><\/div><\/div><\/div><\/div><\/section><section class=\"l-section wpb_row height_huge\"><div class=\"l-section-h i-cf\"><div class=\"g-cols vc_row via_flex valign_top type_default stacking_default\"><div class=\"vc_col-sm-3 wpb_column vc_column_container\"><div class=\"vc_column-inner\"><div class=\"wpb_wrapper\"><\/div><\/div><\/div><div class=\"vc_col-sm-6 wpb_column vc_column_container\"><div class=\"vc_column-inner\"><div class=\"wpb_wrapper\"><div class=\"wpb_text_column\"><div class=\"wpb_wrapper\"><h2>In deze gids<\/h2>\n<ul>\n<li><a href=\"#festival\">De locaties van Jerez Fusi\u00f3n<\/a><\/li>\n<li><a href=\"#puro-arte\">Puro Arte: een tablao-optie<\/a><\/li>\n<li><a href=\"#elegir\">Welk format kies je?<\/a><\/li>\n<li><a href=\"#plan\">Zo plan je de dag<\/a><\/li>\n<li><a href=\"#reservar\">Tickets en reserveren<\/a><\/li>\n<li><a href=\"#preguntas\">Veelgestelde vragen<\/a><\/li>\n<\/ul>\n<\/div><\/div><\/div><\/div><\/div><div class=\"vc_col-sm-3 wpb_column vc_column_container\"><div class=\"vc_column-inner\"><div class=\"wpb_wrapper\"><\/div><\/div><\/div><\/div><\/div><\/section><section class=\"l-section wpb_row height_huge color_alternate with_shape\"><div class=\"l-section-shape type_zigzag pos_top\" style=\"height:3vmin;\"><svg xmlns=\"http:\/\/www.w3.org\/2000\/svg\" viewBox=\"0 0 64 8\" preserveAspectRatio=\"none\" width=\"100%\" height=\"100%\">\r\n\t<path fill=\"currentColor\" d=\"M64 8 L0 8 L0 0 L20 7.9 L40 3 L48 5 L64 0 Z\"\/>\r\n<\/svg><\/div><div class=\"l-section-shape type_zigzag pos_bottom\" style=\"height:3vmin;\"><svg xmlns=\"http:\/\/www.w3.org\/2000\/svg\" viewBox=\"0 0 64 8\" preserveAspectRatio=\"none\" width=\"100%\" height=\"100%\">\r\n\t<path fill=\"currentColor\" d=\"M64 8 L0 8 L0 0 L20 7.9 L40 3 L48 5 L64 0 Z\"\/>\r\n<\/svg><\/div><div class=\"l-section-h i-cf\"><div class=\"g-cols vc_row via_flex valign_top type_default stacking_default\"><div class=\"vc_col-sm-12 wpb_column vc_column_container\"><div class=\"vc_column-inner\"><div class=\"wpb_wrapper\"><div class=\"wpb_text_column\"><div class=\"wpb_wrapper\"><h2 id=\"festival\">De locaties van Jerez Fusi\u00f3n: kies op basis van het optreden<\/h2>\n<p>Jerez Fusi\u00f3n brengt flamenco samen met andere muzikale stijlen en de wijncultuur. Het programma is verdeeld over verschillende locaties, dus het is het handigst om eerst een optreden te kiezen en daarna te bekijken waar het plaatsvindt. Controleer altijd de exacte locatie op je ticket: de naam van het festival verwijst niet naar \u00e9\u00e9n enkel adres.<\/p>\n<p>De <a href=\"https:\/\/www.jerez.es\/eventos\/detalle\/jerez-fusion-flamenco-global-experience\">gemeente Jerez<\/a> plaatst het evenement van 10 tot en met 13 september en noemt Alameda Vieja als locatie van het slotconcert, met een eerbetoon aan Antonio de los R\u00edos, \u201cEl Madriles\u201d, en de deelname van Raimundo Amador. Raadpleeg voor tijden, toegang en mogelijke wijzigingen de informatie die de organisatie voor elk concert publiceert.<\/p>\n<p>Kies dit deel van je reis als je muzikale kruisbestuivingen wilt ontdekken of een artiest uit het programma wilt volgen. Controleer v\u00f3\u00f3r aankoop ook het format: een fusionconcert kan een andere ervaring bieden dan een traditioneel flamenco-ensemble met zang, gitaar en dans.<\/p>\n<\/div><\/div><\/div><\/div><\/div><\/div><\/div><\/section><section class=\"l-section wpb_row height_huge\"><div class=\"l-section-h i-cf\"><div class=\"g-cols vc_row via_flex valign_top type_default stacking_default\"><div class=\"vc_col-sm-6 wpb_column vc_column_container\"><div class=\"vc_column-inner\"><div class=\"wpb_wrapper\"><div class=\"wpb_text_column\"><div class=\"wpb_wrapper\"><h2 id=\"puro-arte\">Tablao Flamenco Puro Arte: zang, gitaar en dans<\/h2>\n<p>Wil je een tablaosessie aan je verblijf toevoegen, <strong>Puro Arte<\/strong> is dan de boekbare optie die je op onze website kunt bekijken. Het bevindt zich aan <strong>calle Madre de Dios, 10<\/strong>, in Jerez de la Frontera, en biedt een show met flamencozang, gitaar en dans.<\/p>\n<p>De pagina van de locatie vermeldt een geschatte duur van <strong>60\u201370 minuten<\/strong>, een bezetting van vijf artiesten en opties met een drankje of een tapasmenu. Controleer de mogelijkheden voor de gekozen sessie, vooral als je eten wilt toevoegen: daarvoor moet je extra tijd inplannen.<\/p>\n<p><a href=\"https:\/\/www.tablaosflamencos.com\/tablao\/tablao-flamenco-puro-arte\">Bekijk de pagina en tickets van Puro Arte<\/a> om de beschikbaarheid te controleren. We presenteren dit bezoek als een apart onderdeel van je verblijf in Jerez, niet als een activiteit die bij Jerez Fusi\u00f3n is inbegrepen.<\/p>\n<\/div><\/div><\/div><\/div><\/div><div class=\"vc_col-sm-6 wpb_column vc_column_container\"><div class=\"vc_column-inner\"><div class=\"wpb_wrapper\"><div class=\"w-image align_center\"><div class=\"w-image-h\"><img decoding=\"async\" width=\"1024\" height=\"684\" src=\"https:\/\/www.tablaosflamencos.com\/wp-content\/uploads\/tablao-flamenco-puro-arte-02-1024x684.webp\" class=\"attachment-large size-large\" alt=\"Tablao Flamenco Jerez | Tablao Puro Arte\" loading=\"eager\" srcset=\"https:\/\/www.tablaosflamencos.com\/wp-content\/uploads\/tablao-flamenco-puro-arte-02-1024x684.webp 1024w, https:\/\/www.tablaosflamencos.com\/wp-content\/uploads\/tablao-flamenco-puro-arte-02-300x200.webp 300w, https:\/\/www.tablaosflamencos.com\/wp-content\/uploads\/tablao-flamenco-puro-arte-02-600x401.webp 600w, https:\/\/www.tablaosflamencos.com\/wp-content\/uploads\/tablao-flamenco-puro-arte-02-150x100.webp 150w, https:\/\/www.tablaosflamencos.com\/wp-content\/uploads\/tablao-flamenco-puro-arte-02.webp 1360w\" sizes=\"auto, (max-width: 1024px) 100vw, 1024px\" \/><\/div><\/div><\/div><\/div><\/div><\/div><\/div><\/section><section class=\"l-section wpb_row height_huge color_alternate with_shape\"><div class=\"l-section-shape type_zigzag pos_top\" style=\"height:3vmin;\"><svg xmlns=\"http:\/\/www.w3.org\/2000\/svg\" viewBox=\"0 0 64 8\" preserveAspectRatio=\"none\" width=\"100%\" height=\"100%\">\r\n\t<path fill=\"currentColor\" d=\"M64 8 L0 8 L0 0 L20 7.9 L40 3 L48 5 L64 0 Z\"\/>\r\n<\/svg><\/div><div class=\"l-section-shape type_zigzag pos_bottom\" style=\"height:3vmin;\"><svg xmlns=\"http:\/\/www.w3.org\/2000\/svg\" viewBox=\"0 0 64 8\" preserveAspectRatio=\"none\" width=\"100%\" height=\"100%\">\r\n\t<path fill=\"currentColor\" d=\"M64 8 L0 8 L0 0 L20 7.9 L40 3 L48 5 L64 0 Z\"\/>\r\n<\/svg><\/div><div class=\"l-section-h i-cf\"><div class=\"g-cols vc_row via_flex valign_top type_default stacking_default\"><div class=\"vc_col-sm-12 wpb_column vc_column_container\"><div class=\"vc_column-inner\"><div class=\"wpb_wrapper\"><div class=\"wpb_text_column\"><div class=\"wpb_wrapper\"><h2 id=\"elegir\">Festival, tablao of lokale agenda: wat past bij jou?<\/h2>\n<h3>Om een artiest te volgen of fusion te ontdekken<\/h3>\n<p>Begin met het festivalprogramma. Luister naar een fragment van het project dat je interessant vindt en kijk wat het concert biedt. Zo kies je op basis van je muzieksmaak en niet alleen omdat er toevallig een activiteit in een vrij tijdslot valt.<\/p>\n<h3>Voor een eerste ervaring met flamencozang, gitaar en dans<\/h3>\n<p>Een tablao maakt het eenvoudig om een bezoek rond een duidelijke show te plannen. Het is een goede keuze als je wilt zien hoe zang, gitaar en dans elkaar begeleiden. Controleer wat de voorstelling aankondigt: niet elke flamencoshow heeft dezelfde bezetting of geeft elke discipline evenveel nadruk.<\/p>\n<h3>Om je planning uit te breiden met pe\u00f1as en tabancos<\/h3>\n<p>Wil je iets uit de lokale agenda toevoegen, zoek dan een recital dat voor jouw data is aangekondigd en controleer de toegangsvoorwaarden. Ga er niet van uit dat elke tabanco een optreden heeft wanneer je aankomt of dat een pe\u00f1a dagelijks concerten organiseert. Een plek met flamencosfeer en een geplande voorstelling zijn twee verschillende dingen; het helpt om te weten wat je zoekt.<\/p>\n<\/div><\/div><\/div><\/div><\/div><\/div><\/div><\/section><section class=\"l-section wpb_row height_huge\"><div class=\"l-section-h i-cf\"><div class=\"g-cols vc_row via_flex valign_top type_default stacking_default\"><div class=\"vc_col-sm-12 wpb_column vc_column_container\"><div class=\"vc_column-inner\"><div class=\"wpb_wrapper\"><div class=\"wpb_text_column\"><div class=\"wpb_wrapper\"><h2 id=\"plan\">Zo combineer je Jerez Fusi\u00f3n en een tablao tijdens dezelfde reis<\/h2>\n<p>Plan je verblijf eerst rond de activiteit met de minste alternatieve data. Is een bepaald concert de belangrijkste reden voor je reis, noteer dan eerst het tijdstip en de locatie. Zoek daarna een tablaosessie die past, zonder de verplaatsingen te krap te plannen.<\/p>\n<h3>Als je maar \u00e9\u00e9n avond hebt<\/h3>\n<p>Kies \u00e9\u00e9n optreden als hoofdplan. Een tweede toevoegen heeft alleen zin als je de duur, het vertrek uit de eerste locatie en de reistijd naar de volgende goed kunt inschatten. Liggen de tijden te dicht bij elkaar, dan is \u00e9\u00e9n ervaring rustig beleven meestal de betere keuze.<\/p>\n<h3>Als je een weekend blijft<\/h3>\n<p>Besteed \u00e9\u00e9n dag aan het festival en een andere aan de tablao. Door ze te scheiden kun je van elk format genieten zonder steeds op de tijd van je volgende ticket te letten. Laat overdag ruimte voor een wandeling, een maaltijd of rust; je hoeft niet elk moment tussen optredens te vullen.<\/p>\n<h3>Als je een diner wilt toevoegen<\/h3>\n<p>Controleer wanneer het wordt geserveerd en hoeveel tijd je nodig hebt. Plan de avond niet alleen op basis van de duur van de show. Eet je liever ergens anders, reserveer je tafel dan met voldoende tijd voor het einde van de voorstelling en de verplaatsing.<\/p>\n<\/div><\/div><\/div><\/div><\/div><\/div><\/div><\/section><section class=\"l-section wpb_row height_huge color_alternate with_shape\"><div class=\"l-section-shape type_zigzag pos_top\" style=\"height:3vmin;\"><svg xmlns=\"http:\/\/www.w3.org\/2000\/svg\" viewBox=\"0 0 64 8\" preserveAspectRatio=\"none\" width=\"100%\" height=\"100%\">\r\n\t<path fill=\"currentColor\" d=\"M64 8 L0 8 L0 0 L20 7.9 L40 3 L48 5 L64 0 Z\"\/>\r\n<\/svg><\/div><div class=\"l-section-shape type_zigzag pos_bottom\" style=\"height:3vmin;\"><svg xmlns=\"http:\/\/www.w3.org\/2000\/svg\" viewBox=\"0 0 64 8\" preserveAspectRatio=\"none\" width=\"100%\" height=\"100%\">\r\n\t<path fill=\"currentColor\" d=\"M64 8 L0 8 L0 0 L20 7.9 L40 3 L48 5 L64 0 Z\"\/>\r\n<\/svg><\/div><div class=\"l-section-h i-cf\"><div class=\"g-cols vc_row via_flex valign_top type_default stacking_default\"><div class=\"vc_col-sm-12 wpb_column vc_column_container\"><div class=\"vc_column-inner\"><div class=\"wpb_wrapper\"><div class=\"wpb_text_column\"><div class=\"wpb_wrapper\"><h2 id=\"reservar\">Wat je moet controleren bij het boeken van flamenco in Jerez<\/h2>\n<p>Voor het festival bekijk je de informatie over elke activiteit op de offici\u00eble website. Voor de tablao gebruik je de pagina van Puro Arte op Tablaos Flamencos. Elke reservering moet duidelijk aangeven wat je koopt en voor welke datum.<\/p>\n<ul>\n<li><strong>Dag en tijd:<\/strong> controleer of ze bij je verblijf passen en niet samenvallen met een ander ticket.<\/li>\n<li><strong>Locatie:<\/strong> bewaar het adres van de exacte locatie en houd rekening met de reistijd vanaf je vorige activiteit.<\/li>\n<li><strong>Optie:<\/strong> controleer of alleen de show, een drankje of eten is inbegrepen.<\/li>\n<li><strong>Totale prijs:<\/strong> controleer de prijs voor alle deelnemers en de voorwaarden voor wijzigingen of annulering.<\/li>\n<li><strong>Behoeften van de groep:<\/strong> controleer de voorwaarden voor kinderen, toegankelijkheid of eventuele dieetopties die je nodig hebt.<\/li>\n<\/ul>\n<p>Beschouw je plaats pas als bevestigd nadat je de aankoop hebt afgerond en de bijbehorende bevestiging hebt ontvangen. Kun je geen beschikbaarheid vinden, probeer dan een andere sessie of pas je dagplanning aan voordat je de overige activiteiten boekt.<\/p>\n<\/div><\/div><\/div><\/div><\/div><\/div><\/div><\/section><section class=\"l-section wpb_row height_huge\"><div class=\"l-section-h i-cf\"><div class=\"g-cols vc_row via_flex valign_top type_default stacking_default\"><div class=\"vc_col-sm-12 wpb_column vc_column_container\"><div class=\"vc_column-inner\"><div class=\"wpb_wrapper\"><div class=\"wpb_text_column\"><div class=\"wpb_wrapper\"><h2>Tips om van de livevoorstelling te genieten<\/h2>\n<p>Kom met de aanbevolen voorsprong die in je reservering staat en bewaar je ticket zo dat je het gemakkelijk kunt tonen. Voor Puro Arte adviseert de pagina om 15 tot 20 minuten eerder aanwezig te zijn. Zo heb je tijd om rustig plaats te nemen en zonder haast aan de ervaring te beginnen.<\/p>\n<p>Bewaar gesprekken tijdens de voorstelling voor later en volg de regels van de locatie over foto&#8217;s en opnames. Luisteren hoort ook bij de ervaring: veranderingen in intensiteit en details in de begeleiding komen beter tot hun recht wanneer je aandachtig kunt volgen.<\/p>\n<p>Reis je met een groep, spreek dan vooraf af hoe jullie teruggaan naar de accommodatie. Als dat deel van de avond van tevoren geregeld is, hoef je het niet tijdens de voorstelling op je telefoon te organiseren.<\/p>\n<\/div><\/div><\/div><\/div><\/div><\/div><\/div><\/section><section class=\"l-section wpb_row height_huge color_alternate with_shape\"><div class=\"l-section-shape type_zigzag pos_top\" style=\"height:3vmin;\"><svg xmlns=\"http:\/\/www.w3.org\/2000\/svg\" viewBox=\"0 0 64 8\" preserveAspectRatio=\"none\" width=\"100%\" height=\"100%\">\r\n\t<path fill=\"currentColor\" d=\"M64 8 L0 8 L0 0 L20 7.9 L40 3 L48 5 L64 0 Z\"\/>\r\n<\/svg><\/div><div class=\"l-section-shape type_zigzag pos_bottom\" style=\"height:3vmin;\"><svg xmlns=\"http:\/\/www.w3.org\/2000\/svg\" viewBox=\"0 0 64 8\" preserveAspectRatio=\"none\" width=\"100%\" height=\"100%\">\r\n\t<path fill=\"currentColor\" d=\"M64 8 L0 8 L0 0 L20 7.9 L40 3 L48 5 L64 0 Z\"\/>\r\n<\/svg><\/div><div class=\"l-section-h i-cf\"><div class=\"g-cols vc_row via_flex valign_top type_default stacking_default\"><div class=\"vc_col-sm-1\/5 wpb_column vc_column_container\"><div class=\"vc_column-inner\"><div class=\"wpb_wrapper\"><\/div><\/div><\/div><div class=\"vc_col-sm-3\/5 wpb_column vc_column_container\"><div class=\"vc_column-inner\"><div class=\"wpb_wrapper\"><div class=\"wpb_text_column\"><div class=\"wpb_wrapper\"><h2 id=\"preguntas\">Veelgestelde vragen<\/h2>\n<\/div><\/div><div class=\"w-separator size_medium\"><\/div><div class=\"w-tabs accordion type_togglable toggle_style_1 has_scrolling\" style=\"--sections-title-size:inherit;--sections-gap:0.5rem;\"><div class=\"w-tabs-sections titles-align_none icon_chevron cpos_right\"><div class=\"w-tabs-section\" id=\"jerez-fusion-faq-1\"><button type=\"button\" class=\"w-tabs-section-header\" aria-controls=\"content-jerez-fusion-faq-1\" aria-expanded=\"false\"><h3 class=\"w-tabs-section-title\">Wanneer vindt Jerez Fusi\u00f3n 2026 plaats?<\/h3><div class=\"w-tabs-section-control\"><\/div><\/button><div  class=\"w-tabs-section-content\" id=\"content-jerez-fusion-faq-1\"><div class=\"w-tabs-section-content-h i-cf\"><div class=\"wpb_text_column\"><div class=\"wpb_wrapper\"><p>Jerez Fusi\u00f3n vindt plaats van 10 tot en met 13 september 2026 in Jerez de la Frontera. Bekijk het offici\u00eble programma voor het tijdstip en de locatie van elke activiteit.<\/p>\n<\/div><\/div><\/div><\/div><\/div><div class=\"w-tabs-section\" id=\"jerez-fusion-faq-2\"><button type=\"button\" class=\"w-tabs-section-header\" aria-controls=\"content-jerez-fusion-faq-2\" aria-expanded=\"false\"><h3 class=\"w-tabs-section-title\">Waar kan ik tijdens mijn verblijf een tablao reserveren?<\/h3><div class=\"w-tabs-section-control\"><\/div><\/button><div  class=\"w-tabs-section-content\" id=\"content-jerez-fusion-faq-2\"><div class=\"w-tabs-section-content-h i-cf\"><div class=\"wpb_text_column\"><div class=\"wpb_wrapper\"><p>Je kunt de beschikbaarheid van Tablao Flamenco Puro Arte bekijken op Tablaos Flamencos. De locatie bevindt zich aan calle Madre de Dios, 10, in Jerez de la Frontera.<\/p>\n<\/div><\/div><\/div><\/div><\/div><div class=\"w-tabs-section\" id=\"jerez-fusion-faq-3\"><button type=\"button\" class=\"w-tabs-section-header\" aria-controls=\"content-jerez-fusion-faq-3\" aria-expanded=\"false\"><h3 class=\"w-tabs-section-title\">Is het ticket voor Puro Arte inbegrepen bij Jerez Fusi\u00f3n?<\/h3><div class=\"w-tabs-section-control\"><\/div><\/button><div  class=\"w-tabs-section-content\" id=\"content-jerez-fusion-faq-3\"><div class=\"w-tabs-section-content-h i-cf\"><div class=\"wpb_text_column\"><div class=\"wpb_wrapper\"><p>De reservering voor Puro Arte die we in deze gids aanbevelen staat los van het festival. Controleer wat bij elk ticket is inbegrepen en regel beide aankopen afzonderlijk.<\/p>\n<\/div><\/div><\/div><\/div><\/div><div class=\"w-tabs-section\" id=\"jerez-fusion-faq-4\"><button type=\"button\" class=\"w-tabs-section-header\" aria-controls=\"content-jerez-fusion-faq-4\" aria-expanded=\"false\"><h3 class=\"w-tabs-section-title\">Kan ik het festival en een tablao op dezelfde dag bezoeken?<\/h3><div class=\"w-tabs-section-control\"><\/div><\/button><div  class=\"w-tabs-section-content\" id=\"content-jerez-fusion-faq-4\"><div class=\"w-tabs-section-content-h i-cf\"><div class=\"wpb_text_column\"><div class=\"wpb_wrapper\"><p>Ja, als de beschikbare tijden dat toelaten. Houd voldoende ruimte voor de duur van de voorstellingen, het verlaten van de locaties, verplaatsingen en eten. Wordt de planning te krap, kies dan verschillende dagen.<\/p>\n<\/div><\/div><\/div><\/div><\/div><div class=\"w-tabs-section\" id=\"jerez-fusion-faq-5\"><button type=\"button\" class=\"w-tabs-section-header\" aria-controls=\"content-jerez-fusion-faq-5\" aria-expanded=\"false\"><h3 class=\"w-tabs-section-title\">Moet ik dineren om de show bij Puro Arte te zien?<\/h3><div class=\"w-tabs-section-control\"><\/div><\/button><div  class=\"w-tabs-section-content\" id=\"content-jerez-fusion-faq-5\"><div class=\"w-tabs-section-content-h i-cf\"><div class=\"wpb_text_column\"><div class=\"wpb_wrapper\"><p>De pagina biedt opties met een drankje en mogelijkheden met een tapasmenu. Controleer welke opties beschikbaar zijn voor de sessie die je wilt boeken.<\/p>\n<\/div><\/div><\/div><\/div><\/div><div class=\"w-tabs-section\" id=\"jerez-fusion-faq-6\"><button type=\"button\" class=\"w-tabs-section-header\" aria-controls=\"content-jerez-fusion-faq-6\" aria-expanded=\"false\"><h3 class=\"w-tabs-section-title\">Is er elke dag flamenco in alle tabancos?<\/h3><div class=\"w-tabs-section-control\"><\/div><\/button><div  class=\"w-tabs-section-content\" id=\"content-jerez-fusion-faq-6\"><div class=\"w-tabs-section-content-h i-cf\"><div class=\"wpb_text_column\"><div class=\"wpb_wrapper\"><p>Ga daar niet automatisch van uit. Controleer of de locatie voor jouw datum een optreden aankondigt en bekijk het tijdstip en de toegangsvoorwaarden voordat je erheen gaat.<\/p>\n<\/div><\/div><\/div><\/div><\/div><\/div><\/div><\/div><\/div><\/div><div class=\"vc_col-sm-1\/5 wpb_column vc_column_container\"><div class=\"vc_column-inner\"><div class=\"wpb_wrapper\"><\/div><\/div><\/div><\/div><\/div><\/section><section class=\"l-section wpb_row height_huge\"><div class=\"l-section-h i-cf\"><div class=\"g-cols vc_row via_flex valign_top type_default stacking_default\"><div class=\"vc_col-sm-12 wpb_column vc_column_container\"><div class=\"vc_column-inner\"><div class=\"wpb_wrapper\"><div class=\"wpb_text_column\"><div class=\"wpb_wrapper\"><h2>Plan je flamencoavond in Jerez<\/h2>\n<p>Kies je concert van Jerez Fusi\u00f3n en bekijk een tablaosessie die bij je reis past. Je kunt beginnen met onze <a href=\"https:\/\/www.tablaosflamencos.com\/flamenco-en-jerez\">selectie flamenco in Jerez<\/a> of rechtstreeks naar de opties van Puro Arte gaan.<\/p>\n<\/div><\/div><div class=\"w-separator size_medium\"><\/div><div class=\"w-hwrapper valign_top align_center\" style=\"--hwrapper-gap:1.2rem\"><div class=\"w-btn-wrapper align_none\"><a class=\"w-btn us-btn-style_1\" href=\"https:\/\/www.tablaosflamencos.com\/nl\/tablao\/tablao-flamenco-puro-arte\"><span class=\"w-btn-label\">Beschikbaarheid van Puro Arte bekijken<\/span><\/a><\/div><\/div><\/div><\/div><\/div><\/div><\/div><\/section>\n","protected":false},"excerpt":{"rendered":"Flamenco in Jerez Flamenco zien in Jerez tijdens Jerez Fusi\u00f3n laat je twee manieren combineren om de stad te beleven: de concerten van het festival en een sessie met flamencozang, gitaar en dans in een tablao. De beste keuze hangt af van wat je wilt horen, hoeveel tijd je hebt en welke tickets er per...","protected":false},"author":1,"featured_media":14752,"comment_status":"closed","ping_status":"closed","sticky":false,"template":"","format":"standard","meta":{"_acf_changed":false,"wpai_generated_summary":"","_ayudawp_aiss_exclude":false,"_ayudawp_aiss_exclude_summary":false,"_ayudawp_aiss_summary":"","_ayudawp_aiss_summary_provider":"","_ayudawp_aiss_summary_hash":"","footnotes":""},"categories":[358,1672],"tags":[2031,2032,2033,2040],"class_list":["post-14834","post","type-post","status-publish","format-standard","has-post-thumbnail","hentry","category-flamenco-per-stad","category-flamencofestivals","tag-flamenco-in-jerez-nl","tag-jerez-fusion-nl","tag-jerez-fusion-2026-nl","tag-waar-flamenco-zien-in-jerez"],"acf":[],"yoast_head":"<!-- This site is optimized with the Yoast SEO Premium plugin v28.4 (Yoast SEO v28.4) - https:\/\/yoast.com\/product\/yoast-seo-premium-wordpress\/ -->\n<title>Waar flamenco zien in Jerez tijdens Jerez Fusi\u00f3n 2026<\/title>\n<meta name=\"description\" content=\"Ontdek waar je flamenco kunt zien in Jerez tijdens Jerez Fusi\u00f3n 2026: festivalconcerten, Puro Arte en tips om je bezoek te plannen en te boeken.\" \/>\n<meta name=\"robots\" content=\"index, follow, max-snippet:-1, max-image-preview:large, max-video-preview:-1\" \/>\n<link rel=\"canonical\" href=\"https:\/\/www.tablaosflamencos.com\/nl\/waar-flamenco-zien-jerez-tijdens-jerez-fusion.html\" \/>\n<meta property=\"og:locale\" content=\"nl_NL\" \/>\n<meta property=\"og:type\" content=\"article\" \/>\n<meta property=\"og:title\" content=\"Waar je flamenco kunt zien in Jerez tijdens Jerez Fusi\u00f3n\" \/>\n<meta property=\"og:description\" content=\"Ontdek waar je flamenco kunt zien in Jerez tijdens Jerez Fusi\u00f3n 2026: festivalconcerten, Puro Arte en tips om je bezoek te plannen en te boeken.\" \/>\n<meta property=\"og:url\" content=\"https:\/\/www.tablaosflamencos.com\/nl\/waar-flamenco-zien-jerez-tijdens-jerez-fusion.html\" \/>\n<meta property=\"og:site_name\" content=\"Tablaos Flamencos\" \/>\n<meta property=\"article:publisher\" content=\"https:\/\/www.facebook.com\/tablaosflamencos\" \/>\n<meta property=\"article:published_time\" content=\"2026-09-05T12:03:11+00:00\" \/>\n<meta property=\"article:modified_time\" content=\"2026-09-05T12:31:51+00:00\" \/>\n<meta property=\"og:image\" content=\"https:\/\/www.tablaosflamencos.com\/wp-content\/uploads\/donde-ver-flamenco-en-jerez-durante-jerez-fusion-01.webp\" \/>\n\t<meta property=\"og:image:width\" content=\"1536\" \/>\n\t<meta property=\"og:image:height\" content=\"1024\" \/>\n\t<meta property=\"og:image:type\" content=\"image\/webp\" \/>\n<meta name=\"author\" content=\"Miguel Ortiz\" \/>\n<meta name=\"twitter:card\" content=\"summary_large_image\" \/>\n<meta name=\"twitter:creator\" content=\"@tablaosflamenco\" \/>\n<meta name=\"twitter:site\" content=\"@tablaosflamenco\" \/>\n<meta name=\"twitter:label1\" content=\"Geschreven door\" \/>\n\t<meta name=\"twitter:data1\" content=\"Miguel Ortiz\" \/>\n\t<meta name=\"twitter:label2\" content=\"Geschatte leestijd\" \/>\n\t<meta name=\"twitter:data2\" content=\"10 minuten\" \/>\n<script type=\"application\/ld+json\" class=\"yoast-schema-graph\">{\"@context\":\"https:\\\/\\\/schema.org\",\"@graph\":[{\"@type\":\"Article\",\"@id\":\"https:\\\/\\\/www.tablaosflamencos.com\\\/nl\\\/waar-flamenco-zien-jerez-tijdens-jerez-fusion.html#article\",\"isPartOf\":{\"@id\":\"https:\\\/\\\/www.tablaosflamencos.com\\\/nl\\\/waar-flamenco-zien-jerez-tijdens-jerez-fusion.html\"},\"author\":{\"name\":\"Miguel Ortiz\",\"@id\":\"https:\\\/\\\/www.tablaosflamencos.com\\\/nl#\\\/schema\\\/person\\\/e7a9ebe14eb75a52ceabfbffb3c54f5d\"},\"headline\":\"Waar je flamenco kunt zien in Jerez tijdens Jerez Fusi\u00f3n\",\"datePublished\":\"2026-09-05T12:03:11+00:00\",\"dateModified\":\"2026-09-05T12:31:51+00:00\",\"mainEntityOfPage\":{\"@id\":\"https:\\\/\\\/www.tablaosflamencos.com\\\/nl\\\/waar-flamenco-zien-jerez-tijdens-jerez-fusion.html\"},\"wordCount\":1996,\"publisher\":{\"@id\":\"https:\\\/\\\/www.tablaosflamencos.com\\\/nl#organization\"},\"image\":{\"@id\":\"https:\\\/\\\/www.tablaosflamencos.com\\\/nl\\\/waar-flamenco-zien-jerez-tijdens-jerez-fusion.html#primaryimage\"},\"thumbnailUrl\":\"https:\\\/\\\/www.tablaosflamencos.com\\\/wp-content\\\/uploads\\\/donde-ver-flamenco-en-jerez-durante-jerez-fusion-01.webp\",\"keywords\":[\"flamenco in Jerez\",\"Jerez Fusi\u00f3n\",\"Jerez Fusi\u00f3n 2026\",\"waar flamenco zien in Jerez\"],\"articleSection\":[\"Flamenco per stad\",\"Flamencofestivals\"],\"inLanguage\":\"nl-NL\"},{\"@type\":\"WebPage\",\"@id\":\"https:\\\/\\\/www.tablaosflamencos.com\\\/nl\\\/waar-flamenco-zien-jerez-tijdens-jerez-fusion.html\",\"url\":\"https:\\\/\\\/www.tablaosflamencos.com\\\/nl\\\/waar-flamenco-zien-jerez-tijdens-jerez-fusion.html\",\"name\":\"Waar flamenco zien in Jerez tijdens Jerez Fusi\u00f3n 2026\",\"isPartOf\":{\"@id\":\"https:\\\/\\\/www.tablaosflamencos.com\\\/nl#website\"},\"primaryImageOfPage\":{\"@id\":\"https:\\\/\\\/www.tablaosflamencos.com\\\/nl\\\/waar-flamenco-zien-jerez-tijdens-jerez-fusion.html#primaryimage\"},\"image\":{\"@id\":\"https:\\\/\\\/www.tablaosflamencos.com\\\/nl\\\/waar-flamenco-zien-jerez-tijdens-jerez-fusion.html#primaryimage\"},\"thumbnailUrl\":\"https:\\\/\\\/www.tablaosflamencos.com\\\/wp-content\\\/uploads\\\/donde-ver-flamenco-en-jerez-durante-jerez-fusion-01.webp\",\"datePublished\":\"2026-09-05T12:03:11+00:00\",\"dateModified\":\"2026-09-05T12:31:51+00:00\",\"description\":\"Ontdek waar je flamenco kunt zien in Jerez tijdens Jerez Fusi\u00f3n 2026: festivalconcerten, Puro Arte en tips om je bezoek te plannen en te boeken.\",\"breadcrumb\":{\"@id\":\"https:\\\/\\\/www.tablaosflamencos.com\\\/nl\\\/waar-flamenco-zien-jerez-tijdens-jerez-fusion.html#breadcrumb\"},\"inLanguage\":\"nl-NL\",\"potentialAction\":[{\"@type\":\"ReadAction\",\"target\":[\"https:\\\/\\\/www.tablaosflamencos.com\\\/nl\\\/waar-flamenco-zien-jerez-tijdens-jerez-fusion.html\"]}]},{\"@type\":\"ImageObject\",\"inLanguage\":\"nl-NL\",\"@id\":\"https:\\\/\\\/www.tablaosflamencos.com\\\/nl\\\/waar-flamenco-zien-jerez-tijdens-jerez-fusion.html#primaryimage\",\"url\":\"https:\\\/\\\/www.tablaosflamencos.com\\\/wp-content\\\/uploads\\\/donde-ver-flamenco-en-jerez-durante-jerez-fusion-01.webp\",\"contentUrl\":\"https:\\\/\\\/www.tablaosflamencos.com\\\/wp-content\\\/uploads\\\/donde-ver-flamenco-en-jerez-durante-jerez-fusion-01.webp\",\"width\":1536,\"height\":1024,\"caption\":\"D\u00f3nde ver flamenco en Jerez durante Jerez Fusi\u00f3n\"},{\"@type\":\"BreadcrumbList\",\"@id\":\"https:\\\/\\\/www.tablaosflamencos.com\\\/nl\\\/waar-flamenco-zien-jerez-tijdens-jerez-fusion.html#breadcrumb\",\"itemListElement\":[{\"@type\":\"ListItem\",\"position\":1,\"name\":\"Home\",\"item\":\"https:\\\/\\\/www.tablaosflamencos.com\\\/nl\"},{\"@type\":\"ListItem\",\"position\":2,\"name\":\"Waar je flamenco kunt zien in Jerez tijdens Jerez Fusi\u00f3n\"}]},{\"@type\":\"WebSite\",\"@id\":\"https:\\\/\\\/www.tablaosflamencos.com\\\/nl#website\",\"url\":\"https:\\\/\\\/www.tablaosflamencos.com\\\/nl\",\"name\":\"Tablaos Flamencos\",\"description\":\"Entradas para tablaos flamencos de Espa\u00f1a\",\"publisher\":{\"@id\":\"https:\\\/\\\/www.tablaosflamencos.com\\\/nl#organization\"},\"alternateName\":\"Tablaos Flamencos\",\"potentialAction\":[{\"@type\":\"SearchAction\",\"target\":{\"@type\":\"EntryPoint\",\"urlTemplate\":\"https:\\\/\\\/www.tablaosflamencos.com\\\/nl?s={search_term_string}\"},\"query-input\":{\"@type\":\"PropertyValueSpecification\",\"valueRequired\":true,\"valueName\":\"search_term_string\"}}],\"inLanguage\":\"nl-NL\"},{\"@type\":[\"Organization\",\"Place\",\"EntertainmentBusiness\"],\"@id\":\"https:\\\/\\\/www.tablaosflamencos.com\\\/nl#organization\",\"name\":\"Tablaos Flamencos\",\"alternateName\":\"Tablaos Flamencos\",\"url\":\"https:\\\/\\\/www.tablaosflamencos.com\\\/nl\",\"logo\":{\"@id\":\"https:\\\/\\\/www.tablaosflamencos.com\\\/nl\\\/waar-flamenco-zien-jerez-tijdens-jerez-fusion.html#local-main-organization-logo\"},\"image\":{\"@id\":\"https:\\\/\\\/www.tablaosflamencos.com\\\/nl\\\/waar-flamenco-zien-jerez-tijdens-jerez-fusion.html#local-main-organization-logo\"},\"sameAs\":[\"https:\\\/\\\/www.facebook.com\\\/tablaosflamencos\",\"https:\\\/\\\/x.com\\\/tablaosflamenco\",\"https:\\\/\\\/mastodon.social\\\/@tablaosflamencos\",\"https:\\\/\\\/www.instagram.com\\\/tablaosflamencos\",\"https:\\\/\\\/tiktok.com\\\/@tablaosflamencos\",\"https:\\\/\\\/www.linkedin.com\\\/company\\\/109408238\\\/\"],\"description\":\"Venta de entradas para espect\u00e1culos flamencos\",\"legalName\":\"Tablaos Flamencos\",\"foundingDate\":\"2015-01-01\",\"numberOfEmployees\":{\"@type\":\"QuantitativeValue\",\"minValue\":\"1\",\"maxValue\":\"10\"},\"address\":{\"@id\":\"https:\\\/\\\/www.tablaosflamencos.com\\\/nl\\\/waar-flamenco-zien-jerez-tijdens-jerez-fusion.html#local-main-place-address\"},\"geo\":{\"@type\":\"GeoCoordinates\",\"latitude\":\"37.3868072\",\"longitude\":\"-5.993280299999999\"},\"telephone\":[\"+34623787787\"],\"contactPoint\":{\"@type\":\"ContactPoint\",\"telephone\":\"+34623787787\",\"email\":\"info@tablaosflamencos.com\"},\"openingHoursSpecification\":{\"@type\":\"OpeningHoursSpecification\",\"dayOfWeek\":[\"Monday\",\"Tuesday\",\"Wednesday\",\"Thursday\",\"Friday\",\"Saturday\",\"Sunday\"],\"opens\":\"00:00\",\"closes\":\"23:59\"},\"email\":\"info@tablaosflamencos.com\",\"priceRange\":\"$$$\",\"currenciesAccepted\":\"\u20ac\"},{\"@type\":\"Person\",\"@id\":\"https:\\\/\\\/www.tablaosflamencos.com\\\/nl#\\\/schema\\\/person\\\/e7a9ebe14eb75a52ceabfbffb3c54f5d\",\"name\":\"Miguel Ortiz\",\"description\":\"Miguel Ortiz es un empresario flamenco, con una s\u00f3lida trayectoria dentro del sector. Ha presidido entidades culturales vinculadas al flamenco y, cuenta con un amplio recorrido profesional en la gesti\u00f3n y promoci\u00f3n de espect\u00e1culos y tablaos flamencos. Su pasi\u00f3n por la historia y el arte flamenco se refleja en cada art\u00edculo, donde combina experiencia, criterio y un profundo respeto por la tradici\u00f3n.\",\"sameAs\":[\"https:\\\/\\\/www.tablaosflamencos.com\",\"https:\\\/\\\/www.instagra.com\\\/miguelortizfe\",\"https:\\\/\\\/www.linkedin.com\\\/in\\\/miguelortizf\\\/\"],\"birthDate\":\"1984-11-22\",\"gender\":\"hombre\",\"knowsLanguage\":[\"espa\u00f1ol\",\"ingl\u00e9s\"],\"jobTitle\":\"Empresario flamenco\"},{\"@type\":\"PostalAddress\",\"@id\":\"https:\\\/\\\/www.tablaosflamencos.com\\\/nl\\\/waar-flamenco-zien-jerez-tijdens-jerez-fusion.html#local-main-place-address\",\"streetAddress\":\"C\\\/ Alemanes, 19\",\"addressLocality\":\"Sevilla\",\"postalCode\":\"41004\",\"addressRegion\":\"Sevilla\",\"addressCountry\":\"ES\"},{\"@type\":\"ImageObject\",\"inLanguage\":\"nl-NL\",\"@id\":\"https:\\\/\\\/www.tablaosflamencos.com\\\/nl\\\/waar-flamenco-zien-jerez-tijdens-jerez-fusion.html#local-main-organization-logo\",\"url\":\"https:\\\/\\\/www.tablaosflamencos.com\\\/wp-content\\\/uploads\\\/tablaos-flamencos-06-3.webp\",\"contentUrl\":\"https:\\\/\\\/www.tablaosflamencos.com\\\/wp-content\\\/uploads\\\/tablaos-flamencos-06-3.webp\",\"width\":600,\"height\":620,\"caption\":\"Tablaos Flamencos\"}]}<\/script>\n<meta name=\"geo.placename\" content=\"Sevilla\" \/>\n<meta name=\"geo.position\" content=\"37.3868072;-5.993280299999999\" \/>\n<meta name=\"geo.region\" content=\"Spanje\" \/>\n<!-- \/ Yoast SEO Premium plugin. -->","yoast_head_json":{"title":"Waar flamenco zien in Jerez tijdens Jerez Fusi\u00f3n 2026","description":"Ontdek waar je flamenco kunt zien in Jerez tijdens Jerez Fusi\u00f3n 2026: festivalconcerten, Puro Arte en tips om je bezoek te plannen en te boeken.","robots":{"index":"index","follow":"follow","max-snippet":"max-snippet:-1","max-image-preview":"max-image-preview:large","max-video-preview":"max-video-preview:-1"},"canonical":"https:\/\/www.tablaosflamencos.com\/nl\/waar-flamenco-zien-jerez-tijdens-jerez-fusion.html","og_locale":"nl_NL","og_type":"article","og_title":"Waar je flamenco kunt zien in Jerez tijdens Jerez Fusi\u00f3n","og_description":"Ontdek waar je flamenco kunt zien in Jerez tijdens Jerez Fusi\u00f3n 2026: festivalconcerten, Puro Arte en tips om je bezoek te plannen en te boeken.","og_url":"https:\/\/www.tablaosflamencos.com\/nl\/waar-flamenco-zien-jerez-tijdens-jerez-fusion.html","og_site_name":"Tablaos Flamencos","article_publisher":"https:\/\/www.facebook.com\/tablaosflamencos","article_published_time":"2026-09-05T12:03:11+00:00","article_modified_time":"2026-09-05T12:31:51+00:00","og_image":[{"width":1536,"height":1024,"url":"https:\/\/www.tablaosflamencos.com\/wp-content\/uploads\/donde-ver-flamenco-en-jerez-durante-jerez-fusion-01.webp","type":"image\/webp"}],"author":"Miguel Ortiz","twitter_card":"summary_large_image","twitter_creator":"@tablaosflamenco","twitter_site":"@tablaosflamenco","twitter_misc":{"Geschreven door":"Miguel Ortiz","Geschatte leestijd":"10 minuten"},"schema":{"@context":"https:\/\/schema.org","@graph":[{"@type":"Article","@id":"https:\/\/www.tablaosflamencos.com\/nl\/waar-flamenco-zien-jerez-tijdens-jerez-fusion.html#article","isPartOf":{"@id":"https:\/\/www.tablaosflamencos.com\/nl\/waar-flamenco-zien-jerez-tijdens-jerez-fusion.html"},"author":{"name":"Miguel Ortiz","@id":"https:\/\/www.tablaosflamencos.com\/nl#\/schema\/person\/e7a9ebe14eb75a52ceabfbffb3c54f5d"},"headline":"Waar je flamenco kunt zien in Jerez tijdens Jerez Fusi\u00f3n","datePublished":"2026-09-05T12:03:11+00:00","dateModified":"2026-09-05T12:31:51+00:00","mainEntityOfPage":{"@id":"https:\/\/www.tablaosflamencos.com\/nl\/waar-flamenco-zien-jerez-tijdens-jerez-fusion.html"},"wordCount":1996,"publisher":{"@id":"https:\/\/www.tablaosflamencos.com\/nl#organization"},"image":{"@id":"https:\/\/www.tablaosflamencos.com\/nl\/waar-flamenco-zien-jerez-tijdens-jerez-fusion.html#primaryimage"},"thumbnailUrl":"https:\/\/www.tablaosflamencos.com\/wp-content\/uploads\/donde-ver-flamenco-en-jerez-durante-jerez-fusion-01.webp","keywords":["flamenco in Jerez","Jerez Fusi\u00f3n","Jerez Fusi\u00f3n 2026","waar flamenco zien in Jerez"],"articleSection":["Flamenco per stad","Flamencofestivals"],"inLanguage":"nl-NL"},{"@type":"WebPage","@id":"https:\/\/www.tablaosflamencos.com\/nl\/waar-flamenco-zien-jerez-tijdens-jerez-fusion.html","url":"https:\/\/www.tablaosflamencos.com\/nl\/waar-flamenco-zien-jerez-tijdens-jerez-fusion.html","name":"Waar flamenco zien in Jerez tijdens Jerez Fusi\u00f3n 2026","isPartOf":{"@id":"https:\/\/www.tablaosflamencos.com\/nl#website"},"primaryImageOfPage":{"@id":"https:\/\/www.tablaosflamencos.com\/nl\/waar-flamenco-zien-jerez-tijdens-jerez-fusion.html#primaryimage"},"image":{"@id":"https:\/\/www.tablaosflamencos.com\/nl\/waar-flamenco-zien-jerez-tijdens-jerez-fusion.html#primaryimage"},"thumbnailUrl":"https:\/\/www.tablaosflamencos.com\/wp-content\/uploads\/donde-ver-flamenco-en-jerez-durante-jerez-fusion-01.webp","datePublished":"2026-09-05T12:03:11+00:00","dateModified":"2026-09-05T12:31:51+00:00","description":"Ontdek waar je flamenco kunt zien in Jerez tijdens Jerez Fusi\u00f3n 2026: festivalconcerten, Puro Arte en tips om je bezoek te plannen en te boeken.","breadcrumb":{"@id":"https:\/\/www.tablaosflamencos.com\/nl\/waar-flamenco-zien-jerez-tijdens-jerez-fusion.html#breadcrumb"},"inLanguage":"nl-NL","potentialAction":[{"@type":"ReadAction","target":["https:\/\/www.tablaosflamencos.com\/nl\/waar-flamenco-zien-jerez-tijdens-jerez-fusion.html"]}]},{"@type":"ImageObject","inLanguage":"nl-NL","@id":"https:\/\/www.tablaosflamencos.com\/nl\/waar-flamenco-zien-jerez-tijdens-jerez-fusion.html#primaryimage","url":"https:\/\/www.tablaosflamencos.com\/wp-content\/uploads\/donde-ver-flamenco-en-jerez-durante-jerez-fusion-01.webp","contentUrl":"https:\/\/www.tablaosflamencos.com\/wp-content\/uploads\/donde-ver-flamenco-en-jerez-durante-jerez-fusion-01.webp","width":1536,"height":1024,"caption":"D\u00f3nde ver flamenco en Jerez durante Jerez Fusi\u00f3n"},{"@type":"BreadcrumbList","@id":"https:\/\/www.tablaosflamencos.com\/nl\/waar-flamenco-zien-jerez-tijdens-jerez-fusion.html#breadcrumb","itemListElement":[{"@type":"ListItem","position":1,"name":"Home","item":"https:\/\/www.tablaosflamencos.com\/nl"},{"@type":"ListItem","position":2,"name":"Waar je flamenco kunt zien in Jerez tijdens Jerez Fusi\u00f3n"}]},{"@type":"WebSite","@id":"https:\/\/www.tablaosflamencos.com\/nl#website","url":"https:\/\/www.tablaosflamencos.com\/nl","name":"Tablaos Flamencos","description":"Entradas para tablaos flamencos de Espa\u00f1a","publisher":{"@id":"https:\/\/www.tablaosflamencos.com\/nl#organization"},"alternateName":"Tablaos Flamencos","potentialAction":[{"@type":"SearchAction","target":{"@type":"EntryPoint","urlTemplate":"https:\/\/www.tablaosflamencos.com\/nl?s={search_term_string}"},"query-input":{"@type":"PropertyValueSpecification","valueRequired":true,"valueName":"search_term_string"}}],"inLanguage":"nl-NL"},{"@type":["Organization","Place","EntertainmentBusiness"],"@id":"https:\/\/www.tablaosflamencos.com\/nl#organization","name":"Tablaos Flamencos","alternateName":"Tablaos Flamencos","url":"https:\/\/www.tablaosflamencos.com\/nl","logo":{"@id":"https:\/\/www.tablaosflamencos.com\/nl\/waar-flamenco-zien-jerez-tijdens-jerez-fusion.html#local-main-organization-logo"},"image":{"@id":"https:\/\/www.tablaosflamencos.com\/nl\/waar-flamenco-zien-jerez-tijdens-jerez-fusion.html#local-main-organization-logo"},"sameAs":["https:\/\/www.facebook.com\/tablaosflamencos","https:\/\/x.com\/tablaosflamenco","https:\/\/mastodon.social\/@tablaosflamencos","https:\/\/www.instagram.com\/tablaosflamencos","https:\/\/tiktok.com\/@tablaosflamencos","https:\/\/www.linkedin.com\/company\/109408238\/"],"description":"Venta de entradas para espect\u00e1culos flamencos","legalName":"Tablaos Flamencos","foundingDate":"2015-01-01","numberOfEmployees":{"@type":"QuantitativeValue","minValue":"1","maxValue":"10"},"address":{"@id":"https:\/\/www.tablaosflamencos.com\/nl\/waar-flamenco-zien-jerez-tijdens-jerez-fusion.html#local-main-place-address"},"geo":{"@type":"GeoCoordinates","latitude":"37.3868072","longitude":"-5.993280299999999"},"telephone":["+34623787787"],"contactPoint":{"@type":"ContactPoint","telephone":"+34623787787","email":"info@tablaosflamencos.com"},"openingHoursSpecification":{"@type":"OpeningHoursSpecification","dayOfWeek":["Monday","Tuesday","Wednesday","Thursday","Friday","Saturday","Sunday"],"opens":"00:00","closes":"23:59"},"email":"info@tablaosflamencos.com","priceRange":"$$$","currenciesAccepted":"\u20ac"},{"@type":"Person","@id":"https:\/\/www.tablaosflamencos.com\/nl#\/schema\/person\/e7a9ebe14eb75a52ceabfbffb3c54f5d","name":"Miguel Ortiz","description":"Miguel Ortiz es un empresario flamenco, con una s\u00f3lida trayectoria dentro del sector. Ha presidido entidades culturales vinculadas al flamenco y, cuenta con un amplio recorrido profesional en la gesti\u00f3n y promoci\u00f3n de espect\u00e1culos y tablaos flamencos. Su pasi\u00f3n por la historia y el arte flamenco se refleja en cada art\u00edculo, donde combina experiencia, criterio y un profundo respeto por la tradici\u00f3n.","sameAs":["https:\/\/www.tablaosflamencos.com","https:\/\/www.instagra.com\/miguelortizfe","https:\/\/www.linkedin.com\/in\/miguelortizf\/"],"birthDate":"1984-11-22","gender":"hombre","knowsLanguage":["espa\u00f1ol","ingl\u00e9s"],"jobTitle":"Empresario flamenco"},{"@type":"PostalAddress","@id":"https:\/\/www.tablaosflamencos.com\/nl\/waar-flamenco-zien-jerez-tijdens-jerez-fusion.html#local-main-place-address","streetAddress":"C\/ Alemanes, 19","addressLocality":"Sevilla","postalCode":"41004","addressRegion":"Sevilla","addressCountry":"ES"},{"@type":"ImageObject","inLanguage":"nl-NL","@id":"https:\/\/www.tablaosflamencos.com\/nl\/waar-flamenco-zien-jerez-tijdens-jerez-fusion.html#local-main-organization-logo","url":"https:\/\/www.tablaosflamencos.com\/wp-content\/uploads\/tablaos-flamencos-06-3.webp","contentUrl":"https:\/\/www.tablaosflamencos.com\/wp-content\/uploads\/tablaos-flamencos-06-3.webp","width":600,"height":620,"caption":"Tablaos Flamencos"}]},"geo.placename":"Sevilla","geo.position":{"lat":"37.3868072","long":"-5.993280299999999"},"geo.region":"Spanje"},"_links":{"self":[{"href":"https:\/\/www.tablaosflamencos.com\/nl\/wp-json\/wp\/v2\/posts\/14834","targetHints":{"allow":["GET"]}}],"collection":[{"href":"https:\/\/www.tablaosflamencos.com\/nl\/wp-json\/wp\/v2\/posts"}],"about":[{"href":"https:\/\/www.tablaosflamencos.com\/nl\/wp-json\/wp\/v2\/types\/post"}],"author":[{"embeddable":true,"href":"https:\/\/www.tablaosflamencos.com\/nl\/wp-json\/wp\/v2\/users\/1"}],"replies":[{"embeddable":true,"href":"https:\/\/www.tablaosflamencos.com\/nl\/wp-json\/wp\/v2\/comments?post=14834"}],"version-history":[{"count":1,"href":"https:\/\/www.tablaosflamencos.com\/nl\/wp-json\/wp\/v2\/posts\/14834\/revisions"}],"predecessor-version":[{"id":14869,"href":"https:\/\/www.tablaosflamencos.com\/nl\/wp-json\/wp\/v2\/posts\/14834\/revisions\/14869"}],"wp:featuredmedia":[{"embeddable":true,"href":"https:\/\/www.tablaosflamencos.com\/nl\/wp-json\/wp\/v2\/media\/14752"}],"wp:attachment":[{"href":"https:\/\/www.tablaosflamencos.com\/nl\/wp-json\/wp\/v2\/media?parent=14834"}],"wp:term":[{"taxonomy":"category","embeddable":true,"href":"https:\/\/www.tablaosflamencos.com\/nl\/wp-json\/wp\/v2\/categories?post=14834"},{"taxonomy":"post_tag","embeddable":true,"href":"https:\/\/www.tablaosflamencos.com\/nl\/wp-json\/wp\/v2\/tags?post=14834"}],"curies":[{"name":"wp","href":"https:\/\/api.w.org\/{rel}","templated":true}]}}