{"id":14829,"date":"2026-09-05T12:42:59","date_gmt":"2026-09-05T10:42:59","guid":{"rendered":"https:\/\/www.tablaosflamencos.com\/?p=14829"},"modified":"2026-09-05T14:24:08","modified_gmt":"2026-09-05T12:24:08","slug":"jerez-fusion-2026-data-programma","status":"publish","type":"post","link":"https:\/\/www.tablaosflamencos.com\/nl\/jerez-fusion-2026-data-programma.html","title":{"rendered":"Jerez Fusi\u00f3n 2026: data, programma en alles wat je moet weten"},"content":{"rendered":"<section class=\"l-section wpb_row height_huge\"><div class=\"l-section-h i-cf\"><div class=\"g-cols vc_row via_flex valign_top type_default stacking_default\"><div class=\"vc_col-sm-6 wpb_column vc_column_container\"><div class=\"vc_column-inner\"><div class=\"wpb_wrapper\"><div class=\"wpb_text_column\"><div class=\"wpb_wrapper\"><h2>Jerez lanceert een nieuw festival voor flamenco, muziek en wijn<\/h2>\n<p><strong>Jerez Fusi\u00f3n 2026<\/strong> beleeft zijn eerste editie van <strong>10 tot en met 13 september 2026<\/strong> in Jerez de la Frontera. Het festival begint met een duidelijk idee: flamenco als vertrekpunt nemen en verbinden met andere muziek, hedendaagse creatie, de culturele sector en de wijn en brandy van Jerez.<\/p>\n<p>Het festival wordt niet op \u00e9\u00e9n terrein gehouden. Het programma is verspreid over <strong>meer dan tien locaties in de stad<\/strong> en combineert concerten, showcases, masterclasses, rondetafelgesprekken, professionele netwerkmomenten, tentoonstellingen, film, theater en gastronomie.<\/p>\n<p>De organisatie is in handen van het <strong>Cl\u00faster Tur\u00edstico Destino Jerez<\/strong>, met steun van de gemeente Jerez en medewerking van FEDEJEREZ. Het project sluit ook aan bij de culturele strategie rond Jerez 2031 en bij de ontwikkeling van een stadsidentiteit die flamenco, cultuur en toerisme verbindt.<\/p>\n<\/div><\/div><\/div><\/div><\/div><div class=\"vc_col-sm-6 wpb_column vc_column_container\"><div class=\"vc_column-inner\"><div class=\"wpb_wrapper\"><div class=\"wpb_text_column\"><div class=\"wpb_wrapper\"><h2>Data en belangrijke informatie over Jerez Fusi\u00f3n 2026<\/h2>\n<ul>\n<li><strong>Data:<\/strong> van donderdag 10 tot en met zondag 13 september 2026.<\/li>\n<li><strong>Stad:<\/strong> Jerez de la Frontera, provincie C\u00e1diz.<\/li>\n<li><strong>Editie:<\/strong> eerste editie.<\/li>\n<li><strong>Opzet:<\/strong> muziek + wijn + stad.<\/li>\n<li><strong>Artiesten:<\/strong> meer dan 12 namen en projecten aangekondigd.<\/li>\n<li><strong>Locaties:<\/strong> meer dan 10 plekken.<\/li>\n<li><strong>Activiteiten:<\/strong> concerten, showcases, masterclasses, rondetafelgesprekken, netwerken, tentoonstellingen, film, theater en gastronomie.<\/li>\n<li><strong>Grote finale:<\/strong> concert op Alameda Vieja met een eerbetoon aan Antonio de los R\u00edos \u201cEl Madriles\u201d en een optreden van Raimundo Amador.<\/li>\n<\/ul>\n<p>De offici\u00eble website gebruikt het concept <strong>Flamenco Global Experience<\/strong>, een omschrijving die het doel goed samenvat: flamenco presenteren die openstaat voor ontmoetingen met jazz, blues, wereldmuziek, elektronische muziek en nieuwe productievormen.<\/p>\n<\/div><\/div><\/div><\/div><\/div><\/div><\/div><\/section><section class=\"l-section wpb_row height_huge color_alternate with_shape\"><div class=\"l-section-shape type_zigzag pos_top hor_flip\" style=\"height:3vmin;\"><svg xmlns=\"http:\/\/www.w3.org\/2000\/svg\" viewBox=\"0 0 64 8\" preserveAspectRatio=\"none\" width=\"100%\" height=\"100%\">\r\n\t<path fill=\"currentColor\" d=\"M64 8 L0 8 L0 0 L20 7.9 L40 3 L48 5 L64 0 Z\"\/>\r\n<\/svg><\/div><div class=\"l-section-shape type_zigzag pos_bottom\" style=\"height:3vmin;\"><svg xmlns=\"http:\/\/www.w3.org\/2000\/svg\" viewBox=\"0 0 64 8\" preserveAspectRatio=\"none\" width=\"100%\" height=\"100%\">\r\n\t<path fill=\"currentColor\" d=\"M64 8 L0 8 L0 0 L20 7.9 L40 3 L48 5 L64 0 Z\"\/>\r\n<\/svg><\/div><div class=\"l-section-h i-cf\"><div class=\"g-cols vc_row via_flex valign_top type_default stacking_default\"><div class=\"vc_col-sm-12 wpb_column vc_column_container\"><div class=\"vc_column-inner\"><div class=\"wpb_wrapper\"><div class=\"wpb_text_column\"><div class=\"wpb_wrapper\"><blockquote>\n<p><strong>In het kort:<\/strong> Jerez Fusi\u00f3n 2026 loopt van <strong>10 tot en met 13 september<\/strong> op verschillende locaties in Jerez de la Frontera. Het programma combineert hedendaagse flamenco met jazz, blues, elektronische muziek en andere genres, naast wijn, showcases, tentoonstellingen en professionele ontmoetingen. Aangekondigde namen zijn onder meer Raimundo Amador, Tomasito, Diego Carrasco, Curro Carrasco, Luis de Perik\u00edn, Jos\u00e9 de los Camarones, Chico P\u00e9rez, Juan Diego Mateos en andere flamencofusionprojecten.<\/p>\n<\/blockquote>\n<p><strong>Laatst bijgewerkt: 5 september 2026.<\/strong> Tijden of locaties kunnen veranderen. Controleer daarom de offici\u00eble website voordat je op pad gaat.<\/p>\n<\/div><\/div><div class=\"w-separator size_medium\"><\/div><div class=\"w-hwrapper valign_top wrap stack_on_mobiles align_center\" style=\"--hwrapper-gap:1.2rem\"><div class=\"w-btn-wrapper align_none\"><a class=\"w-btn us-btn-style_1\" href=\"https:\/\/www.jerezfusion.com\/\"><span class=\"w-btn-label\">Offici\u00eble website van Jerez Fusi\u00f3n<\/span><\/a><\/div><div class=\"w-btn-wrapper align_none\"><a class=\"w-btn us-btn-style_1\" href=\"https:\/\/www.tablaosflamencos.com\/nl\/flamenco-in-jerez\"><span class=\"w-btn-label\">Bekijk flamenco in Jerez<\/span><\/a><\/div><\/div><\/div><\/div><\/div><\/div><\/div><\/section><section class=\"l-section wpb_row height_huge\"><div class=\"l-section-h i-cf\"><div class=\"g-cols vc_row via_flex valign_top type_default stacking_default\"><div class=\"vc_col-sm-3 wpb_column vc_column_container\"><div class=\"vc_column-inner\"><div class=\"wpb_wrapper\"><\/div><\/div><\/div><div class=\"vc_col-sm-6 wpb_column vc_column_container\"><div class=\"vc_column-inner\"><div class=\"wpb_wrapper\"><div class=\"wpb_text_column\"><div class=\"wpb_wrapper\"><h2>Inhoud van deze gids<\/h2>\n<ul>\n<li><a href=\"#que-es\">Wat is Jerez Fusi\u00f3n?<\/a><\/li>\n<li><a href=\"#jueves\">Programma op donderdag 10<\/a><\/li>\n<li><a href=\"#viernes\">Programma op vrijdag 11<\/a><\/li>\n<li><a href=\"#sabado\">Programma op zaterdag 12<\/a><\/li>\n<li><a href=\"#domingo\">Programma op zondag 13<\/a><\/li>\n<li><a href=\"#artistas\">Artiesten in de schijnwerpers<\/a><\/li>\n<li><a href=\"#espacios\">Festivallocaties<\/a><\/li>\n<li><a href=\"#profesional\">Netwerken en professioneel programma<\/a><\/li>\n<li><a href=\"#vino\">Flamenco, wijn en brandy uit Jerez<\/a><\/li>\n<li><a href=\"#entradas\">Tickets en toegang<\/a><\/li>\n<li><a href=\"#planificar\">Je bezoek plannen<\/a><\/li>\n<li><a href=\"#faq\">Veelgestelde vragen<\/a><\/li>\n<\/ul>\n<\/div><\/div><div class=\"w-separator size_medium\"><\/div><div class=\"wpb_text_column\"><div class=\"wpb_wrapper\"><h2 id=\"que-es\">Wat is Jerez Fusi\u00f3n?<\/h2>\n<p>Jerez Fusi\u00f3n ziet flamenco niet als een gesloten of uitsluitend traditionele kunstvorm. Het uitgangspunt is juist het tegenovergestelde: <strong>de wortels als een muzikale taal die zich met andere talen kan vermengen<\/strong>.<\/p>\n<p>Het festival wil flamenco verbinden met jazz, blues, soul, hiphop, elektronische muziek en andere hedendaagse klanken, met Jerez als cultureel middelpunt. De stad is niet alleen een decor: wijnhuizen, zalen, culturele plekken, straten en erfgoed maken deel uit van de ervaring.<\/p>\n<p>Die stedelijke dimensie is belangrijk. Vier dagen lang zijn er artistieke programma&#8217;s, activiteiten voor een breed publiek en ontmoetingen voor artiesten, managers, programmeurs, festivals, bureaus, media en professionals uit de muziekindustrie.<\/p>\n<\/div><\/div><\/div><\/div><\/div><div class=\"vc_col-sm-3 wpb_column vc_column_container\"><div class=\"vc_column-inner\"><div class=\"wpb_wrapper\"><\/div><\/div><\/div><\/div><\/div><\/section><section class=\"l-section wpb_row height_huge color_alternate with_shape\"><div class=\"l-section-shape type_zigzag pos_top\" style=\"height:3vmin;\"><svg xmlns=\"http:\/\/www.w3.org\/2000\/svg\" viewBox=\"0 0 64 8\" preserveAspectRatio=\"none\" width=\"100%\" height=\"100%\">\r\n\t<path fill=\"currentColor\" d=\"M64 8 L0 8 L0 0 L20 7.9 L40 3 L48 5 L64 0 Z\"\/>\r\n<\/svg><\/div><div class=\"l-section-shape type_zigzag pos_bottom\" style=\"height:3vmin;\"><svg xmlns=\"http:\/\/www.w3.org\/2000\/svg\" viewBox=\"0 0 64 8\" preserveAspectRatio=\"none\" width=\"100%\" height=\"100%\">\r\n\t<path fill=\"currentColor\" d=\"M64 8 L0 8 L0 0 L20 7.9 L40 3 L48 5 L64 0 Z\"\/>\r\n<\/svg><\/div><div class=\"l-section-h i-cf\"><div class=\"g-cols vc_row via_flex valign_top type_default stacking_default\"><div class=\"vc_col-sm-6 wpb_column vc_column_container\"><div class=\"vc_column-inner\"><div class=\"wpb_wrapper\"><div class=\"wpb_text_column\"><div class=\"wpb_wrapper\"><h2 id=\"jueves\">Donderdag 10 september: opening en eerste muzikale kruisbestuivingen<\/h2>\n<p>De eerste dag begint met een middag- en avondprogramma in verschillende zalen.<\/p>\n<p><strong>Cuarto Creciente \u00b7 19:00\u201321:00<\/strong><\/p>\n<ul>\n<li><strong>Borondo<\/strong>: een project dat flamenco, klassieke muziek en jazz samenbrengt.<\/li>\n<li><strong>Flamenco FC<\/strong>: een jonge kijk op hedendaagse flamenco.<\/li>\n<\/ul>\n<p><strong>La Guarida del \u00c1ngel \u00b7 21:00\u201301:00<\/strong><\/p>\n<ul>\n<li><strong>Trilog<\/strong>: een ontmoeting tussen flamenco, jazz en Hindoestaanse muziek.<\/li>\n<li><strong>Esther Weekes Triana Blues<\/strong>: een verbinding tussen blues en flamenco.<\/li>\n<\/ul>\n<p>Showcases vullen het middagprogramma aan. Bij <strong>Damajuana<\/strong>, om 17:30, is de aangekondigde act <strong>Naima Jazz<\/strong>. Bij <strong>El 55<\/strong> zijn er middag- en late avondsessies met <strong>Jesule de la Tomasa<\/strong>, zijn band en een dj-set.<\/p>\n<\/div><\/div><\/div><\/div><\/div><div class=\"vc_col-sm-6 wpb_column vc_column_container\"><div class=\"vc_column-inner\"><div class=\"wpb_wrapper\"><div class=\"wpb_text_column\"><div class=\"wpb_wrapper\"><h2 id=\"viernes\">Vrijdag 11: piano, zang, gitaar en een avond vol muziek uit Jerez<\/h2>\n<p>Vrijdag verbreedt het muzikale aanbod en geeft het professionele programma meer gewicht.<\/p>\n<p><strong>Cuarto Creciente \u00b7 19:00\u201321:00<\/strong><\/p>\n<ul>\n<li><strong>Chico P\u00e9rez<\/strong>: piano op het snijvlak van flamenco en jazz.<\/li>\n<li><strong>Juan Diego Mateos en Sole\u00e1 Gatica<\/strong>: een hedendaags flamencoproject.<\/li>\n<\/ul>\n<p><strong>La Guarida del \u00c1ngel \u00b7 21:00\u201301:00<\/strong><\/p>\n<ul>\n<li><strong>Flamencofusionavond uit Jerez<\/strong>.<\/li>\n<li><strong>Jos\u00e9 de los Camarones<\/strong>.<\/li>\n<li><strong>D\u2019Chipen \u2013 El Zambo<\/strong>.<\/li>\n<\/ul>\n<p>Bij Damajuana staat een showcase gepland met <strong>Johnny Ayuga<\/strong> om 17:30, terwijl El 55 &#8217;s avonds een dj-set organiseert.<\/p>\n<\/div><\/div><\/div><\/div><\/div><\/div><\/div><\/section><section class=\"l-section wpb_row height_huge\"><div class=\"l-section-h i-cf\"><div class=\"g-cols vc_row via_flex valign_top type_default stacking_default\"><div class=\"vc_col-sm-6 wpb_column vc_column_container\"><div class=\"vc_column-inner\"><div class=\"wpb_wrapper\"><div class=\"wpb_text_column\"><div class=\"wpb_wrapper\"><h2 id=\"sabado\">Zaterdag 12: grote slotavond op Alameda Vieja<\/h2>\n<p>Hoewel de festivalactiviteiten op zondag 13 doorgaan, brengt zaterdag de grote muzikale finale naar <strong>Alameda Vieja<\/strong>, vanaf <strong>21:00<\/strong>.<\/p>\n<p>Het eerste deel is een <strong>eerbetoon aan Antonio de los R\u00edos \u201cEl Madriles\u201d<\/strong>, een componist die verbonden is met talrijke artiesten en projecten binnen de flamenco van Jerez. Voor deze viering zijn onder anderen aangekondigd: <strong>Tomasito, Curro Carrasco, Luis de Perik\u00edn en Diego Carrasco<\/strong>, naast andere deelnemers.<\/p>\n<p>Daarna volgt een van de bekendste namen op het programma: <strong>Raimundo Amador<\/strong> met zijn voorstelling <em>De Pata Negra a Raimundo<\/em>, een reis door zijn loopbaan en de historische verbinding tussen flamenco, blues en rock die een groot deel van zijn carri\u00e8re heeft bepaald.<\/p>\n<\/div><\/div><\/div><\/div><\/div><div class=\"vc_col-sm-6 wpb_column vc_column_container\"><div class=\"vc_column-inner\"><div class=\"wpb_wrapper\"><div class=\"wpb_text_column\"><div class=\"wpb_wrapper\"><h2 id=\"domingo\">Zondag 13: activiteiten, tentoonstellingen en samen caj\u00f3n spelen<\/h2>\n<p>Zondag is de laatste festivaldag, met activiteiten die overdag toegankelijk zijn voor het publiek.<\/p>\n<p>Een van de aangekondigde onderdelen is een <strong>gezamenlijke caj\u00f3nsessie<\/strong> op <strong>Plaza del Arenal<\/strong>, gepland tussen <strong>12:30 en 15:00<\/strong>.<\/p>\n<p>Ook de tentoonstellingen rond het festival blijven te bezoeken, waaronder een expositie gewijd aan <strong>Fr\u00e9d\u00e9ric Deval<\/strong> in Sherry Gallery en de tentoonstelling <strong>Flamencos<\/strong> in het Centro Andaluz de Flamenco.<\/p>\n<p>De opzet van zondag past bij de algemene festivalgedachte: de ervaring niet beperken tot avondconcerten, maar uitbreiden naar culturele plekken en ontmoetingspunten in de stad.<\/p>\n<\/div><\/div><\/div><\/div><\/div><\/div><\/div><\/section><section class=\"l-section wpb_row height_huge color_alternate with_shape\"><div class=\"l-section-shape type_zigzag pos_top hor_flip\" style=\"height:3vmin;\"><svg xmlns=\"http:\/\/www.w3.org\/2000\/svg\" viewBox=\"0 0 64 8\" preserveAspectRatio=\"none\" width=\"100%\" height=\"100%\">\r\n\t<path fill=\"currentColor\" d=\"M64 8 L0 8 L0 0 L20 7.9 L40 3 L48 5 L64 0 Z\"\/>\r\n<\/svg><\/div><div class=\"l-section-shape type_zigzag pos_bottom\" style=\"height:3vmin;\"><svg xmlns=\"http:\/\/www.w3.org\/2000\/svg\" viewBox=\"0 0 64 8\" preserveAspectRatio=\"none\" width=\"100%\" height=\"100%\">\r\n\t<path fill=\"currentColor\" d=\"M64 8 L0 8 L0 0 L20 7.9 L40 3 L48 5 L64 0 Z\"\/>\r\n<\/svg><\/div><div class=\"l-section-h i-cf\"><div class=\"g-cols vc_row via_flex valign_top type_default stacking_default\"><div class=\"vc_col-sm-12 wpb_column vc_column_container\"><div class=\"vc_column-inner\"><div class=\"wpb_wrapper\"><div class=\"wpb_text_column\"><div class=\"wpb_wrapper\"><h2 id=\"artistas\" style=\"text-align: center;\">Artiesten en projecten in de schijnwerpers bij Jerez Fusi\u00f3n 2026<\/h2>\n<p>&nbsp;<\/p>\n<div style=\"overflow-x: auto;\">\n<table>\n<thead>\n<tr>\n<th>Artiest \/ project<\/th>\n<th>Muzikale focus<\/th>\n<th>Dag<\/th>\n<\/tr>\n<\/thead>\n<tbody>\n<tr>\n<td>Raimundo Amador<\/td>\n<td>Flamenco, blues en rock<\/td>\n<td>Zaterdag 12<\/td>\n<\/tr>\n<tr>\n<td>Tomasito<\/td>\n<td>Flamenco uit Jerez en fusion<\/td>\n<td>Zaterdag 12<\/td>\n<\/tr>\n<tr>\n<td>Diego Carrasco<\/td>\n<td>Flamencowortels en experiment<\/td>\n<td>Zaterdag 12<\/td>\n<\/tr>\n<tr>\n<td>Curro Carrasco<\/td>\n<td>Hedendaagse flamenco<\/td>\n<td>Zaterdag 12<\/td>\n<\/tr>\n<tr>\n<td>Luis de Perik\u00edn<\/td>\n<td>Comp\u00e1s en flamenco uit Jerez<\/td>\n<td>Zaterdag 12<\/td>\n<\/tr>\n<tr>\n<td>Jos\u00e9 de los Camarones<\/td>\n<td>Cante met het karakter van Jerez<\/td>\n<td>Vrijdag 11<\/td>\n<\/tr>\n<tr>\n<td>Chico P\u00e9rez<\/td>\n<td>Piano, flamenco en jazz<\/td>\n<td>Vrijdag 11<\/td>\n<\/tr>\n<tr>\n<td>Juan Diego Mateos + Sole\u00e1 Gatica<\/td>\n<td>Hedendaagse flamenco<\/td>\n<td>Vrijdag 11<\/td>\n<\/tr>\n<tr>\n<td>Borondo<\/td>\n<td>Flamenco, klassieke muziek en jazz<\/td>\n<td>Donderdag 10<\/td>\n<\/tr>\n<tr>\n<td>Trilog<\/td>\n<td>Flamenco, jazz en Hindoestaanse muziek<\/td>\n<td>Donderdag 10<\/td>\n<\/tr>\n<\/tbody>\n<\/table>\n<\/div>\n<\/div><\/div><\/div><\/div><\/div><\/div><\/div><\/section><section class=\"l-section wpb_row height_huge\"><div class=\"l-section-h i-cf\"><div class=\"g-cols vc_row via_flex valign_top type_default stacking_default\"><div class=\"vc_col-sm-6 wpb_column vc_column_container\"><div class=\"vc_column-inner\"><div class=\"wpb_wrapper\"><div class=\"wpb_text_column\"><div class=\"wpb_wrapper\"><h2 id=\"espacios\">Een festival verspreid over Jerez<\/h2>\n<p>Een van de interessantste kenmerken van Jerez Fusi\u00f3n is de verspreiding over verschillende locaties. Het programma noemt onder meer:<\/p>\n<ul>\n<li><strong>Alameda Vieja<\/strong>, de locatie van het grote zaterdagconcert.<\/li>\n<li><strong>La Guarida del \u00c1ngel<\/strong>, een historische zaal met banden met de flamenco van Jerez.<\/li>\n<li><strong>Cuarto Creciente<\/strong>, met een middagprogramma.<\/li>\n<li><strong>Damajuana<\/strong>, de locatie voor showcases.<\/li>\n<li><strong>El 55<\/strong>, met middag- en late avondsessies.<\/li>\n<li><strong>Sherry Gallery<\/strong>, met tentoonstellingen en netwerkmomenten.<\/li>\n<li><strong>Consejo Regulador<\/strong>, de locatie voor professionele activiteiten.<\/li>\n<li><strong>Centro Andaluz de Flamenco<\/strong>, met tentoonstellingen.<\/li>\n<li><strong>Plaza del Arenal<\/strong>, met een afsluitende activiteit op zondag.<\/li>\n<\/ul>\n<p>Deze opzet vraagt om het plannen van je verplaatsingen, maar maakt het festival ook tot een manier om op \u00e9\u00e9n dag verschillende kanten van Jerez te ontdekken.<\/p>\n<\/div><\/div><\/div><\/div><\/div><div class=\"vc_col-sm-6 wpb_column vc_column_container\"><div class=\"vc_column-inner\"><div class=\"wpb_wrapper\"><div class=\"wpb_text_column\"><div class=\"wpb_wrapper\"><h2 id=\"profesional\">Netwerken en professioneel programma<\/h2>\n<p>Jerez Fusi\u00f3n wil ook een ontmoetingsplaats zijn voor de muziekindustrie. De professionele registratie is bedoeld voor artiesten, bands, managers, boekingsbureaus, festivals, culturele programmeurs, organisatoren, labels, media, instellingen en professionals uit de audiovisuele en creatieve sector.<\/p>\n<p>De <strong>netwerk- en zakelijke ontmoetingssessies<\/strong> zijn aangekondigd voor:<\/p>\n<ul>\n<li><strong>11 september<\/strong> in Sherry Gallery.<\/li>\n<li><strong>12 september<\/strong> bij het Consejo Regulador.<\/li>\n<li><strong>Tijd:<\/strong> van 13:00 tot 14:30.<\/li>\n<\/ul>\n<p>Professionele deelname vereist <strong>voorafgaande inschrijving en accreditatie<\/strong> en het aantal plaatsen is beperkt.<\/p>\n<\/div><\/div><\/div><\/div><\/div><\/div><\/div><\/section><section class=\"l-section wpb_row height_huge color_alternate with_shape\"><div class=\"l-section-shape type_zigzag pos_top\" style=\"height:3vmin;\"><svg xmlns=\"http:\/\/www.w3.org\/2000\/svg\" viewBox=\"0 0 64 8\" preserveAspectRatio=\"none\" width=\"100%\" height=\"100%\">\r\n\t<path fill=\"currentColor\" d=\"M64 8 L0 8 L0 0 L20 7.9 L40 3 L48 5 L64 0 Z\"\/>\r\n<\/svg><\/div><div class=\"l-section-shape type_zigzag pos_bottom\" style=\"height:3vmin;\"><svg xmlns=\"http:\/\/www.w3.org\/2000\/svg\" viewBox=\"0 0 64 8\" preserveAspectRatio=\"none\" width=\"100%\" height=\"100%\">\r\n\t<path fill=\"currentColor\" d=\"M64 8 L0 8 L0 0 L20 7.9 L40 3 L48 5 L64 0 Z\"\/>\r\n<\/svg><\/div><div class=\"l-section-h i-cf\"><div class=\"g-cols vc_row via_flex valign_top type_default stacking_default\"><div class=\"vc_col-sm-6 wpb_column vc_column_container\"><div class=\"vc_column-inner\"><div class=\"wpb_wrapper\"><div class=\"wpb_text_column\"><div class=\"wpb_wrapper\"><h2 id=\"vino\">Waarom wijn deel uitmaakt van het festival<\/h2>\n<p>Een van de centrale thema&#8217;s van Jerez Fusi\u00f3n is de relatie tussen <strong>muziek, wijn en brandy<\/strong>. Het gaat niet simpelweg om een glas wijn bij de concerten: de identiteit van het festival is opgebouwd rond producten en plekken die bij de cultuur van Jerez horen.<\/p>\n<p>De samenwerking met FEDEJEREZ en de deelname van locaties uit de wijnsector versterken dat idee. Bovendien valt het festival samen met het laatste deel van de <strong>Wijnoogstfeesten van Jerez 2026<\/strong>, die op 13 september eindigen.<\/p>\n<p>Zo kan je bezoek gemakkelijk uitgroeien tot een uitgebreider weekend: flamenco, wijnhuizen, gastronomie, erfgoed en activiteiten rond de wijnoogst naast het festival.<\/p>\n<\/div><\/div><\/div><\/div><\/div><div class=\"vc_col-sm-6 wpb_column vc_column_container\"><div class=\"vc_column-inner\"><div class=\"wpb_wrapper\"><div class=\"wpb_text_column\"><div class=\"wpb_wrapper\"><h2 id=\"entradas\">Is Jerez Fusi\u00f3n 2026 gratis? Tickets en toegang<\/h2>\n<p>Een groot deel van het aangekondigde programma is <strong>gratis<\/strong>, inclusief het grote concert op zaterdag op Alameda Vieja. Het festival combineert echter veel verschillende formats en locaties, en sommige professionele activiteiten vereisen voorafgaande inschrijving of accreditatie.<\/p>\n<p>Daarom is het handig drie soorten toegang te onderscheiden:<\/p>\n<ul>\n<li><strong>Concerten en openbare activiteiten:<\/strong> controleer de capaciteits- en toegangsvoorwaarden van elke locatie.<\/li>\n<li><strong>Professioneel netwerken:<\/strong> voorafgaande inschrijving en accreditatie.<\/li>\n<li><strong>Specifieke activiteiten:<\/strong> bekijk de offici\u00eble activiteitpagina voordat je gaat.<\/li>\n<\/ul>\n<p>Ga er niet van uit dat voor alle evenementen dezelfde toegangsregels gelden. De offici\u00eble festivalwebsite is altijd de betrouwbaarste referentie.<\/p>\n<\/div><\/div><\/div><\/div><\/div><\/div><\/div><\/section><section class=\"l-section wpb_row height_huge\"><div class=\"l-section-h i-cf\"><div class=\"g-cols vc_row via_flex valign_top type_default stacking_default\"><div class=\"vc_col-sm-6 wpb_column vc_column_container\"><div class=\"vc_column-inner\"><div class=\"wpb_wrapper\"><div class=\"wpb_text_column\"><div class=\"wpb_wrapper\"><h2 id=\"planificar\">Zo plan je een bezoek aan Jerez Fusi\u00f3n<\/h2>\n<p>Als je van buiten Jerez komt, kun je het beste eerst de concerten kiezen die je niet wilt missen en de rest van de dag daaromheen plannen.<\/p>\n<p><strong>Donderdag en vrijdag:<\/strong> de concerten vinden vooral &#8217;s middags en &#8217;s avonds plaats. De ochtend kun je daarom vrijhouden voor het historische centrum, een bezoek aan een wijnhuis of het Centro Andaluz de Flamenco.<\/p>\n<p><strong>Zaterdag:<\/strong> neem voldoende tijd om vroeg op Alameda Vieja aan te komen. Het eerbetoon aan El Madriles en het concert van Raimundo Amador maken dit de dag die waarschijnlijk het meeste publiek trekt.<\/p>\n<p><strong>Zondag:<\/strong> het dagprogramma maakt het mogelijk de afsluiting van het festival te combineren met de laatste activiteiten van de Wijnoogstfeesten.<\/p>\n<p>Wil je ook een reguliere flamencovoorstelling bezoeken? Bekijk dan onze <a href=\"https:\/\/www.tablaosflamencos.com\/nl\/flamenco-in-jerez\"><strong>gids voor flamenco in Jerez<\/strong><\/a>. Jerez biedt ook buiten het festival flamenco, zodat je je reis met \u00e9\u00e9n of meerdere dagen kunt verlengen.<\/p>\n<\/div><\/div><\/div><\/div><\/div><div class=\"vc_col-sm-6 wpb_column vc_column_container\"><div class=\"vc_column-inner\"><div class=\"wpb_wrapper\"><div class=\"wpb_text_column\"><div class=\"wpb_wrapper\"><h2>Jerez Fusi\u00f3n en de flamenco-identiteit van de stad<\/h2>\n<p>De keuze voor fusion heeft in Jerez een bijzondere betekenis: dit is geen stad zonder traditie die zich een flamencolabel probeert toe te eigenen. Jerez is een van de grote historische centra van cante, gitaar, dans en comp\u00e1s.<\/p>\n<p>Juist daarom kan de dialoog met hedendaagse klanken extra interessant zijn: de wortels zijn aanwezig en herkenbaar. De vraag van het festival is niet of Jerez flamenco heeft, maar <strong>wat de stad vandaag met al dat erfgoed kan doen<\/strong>.<\/p>\n<p>Voor een aanvulling op deze hedendaagse blik vanuit andere stedelijke contexten kun je ook onze gids raadplegen over <a href=\"https:\/\/www.tablaosflamencos.com\/nl\/flamenco-in-jerez-feria-del-caballo.html\"><strong>flamenco in Jerez tijdens de Feria del Caballo<\/strong><\/a>, waarin we uitleggen hoe de flamencocultuur verweven is met andere grote evenementen in Jerez.<\/p>\n<\/div><\/div><\/div><\/div><\/div><\/div><\/div><\/section><section class=\"l-section wpb_row height_huge color_alternate with_shape\"><div class=\"l-section-shape type_zigzag pos_top hor_flip\" style=\"height:3vmin;\"><svg xmlns=\"http:\/\/www.w3.org\/2000\/svg\" viewBox=\"0 0 64 8\" preserveAspectRatio=\"none\" width=\"100%\" height=\"100%\">\r\n\t<path fill=\"currentColor\" d=\"M64 8 L0 8 L0 0 L20 7.9 L40 3 L48 5 L64 0 Z\"\/>\r\n<\/svg><\/div><div class=\"l-section-shape type_zigzag pos_bottom\" style=\"height:3vmin;\"><svg xmlns=\"http:\/\/www.w3.org\/2000\/svg\" viewBox=\"0 0 64 8\" preserveAspectRatio=\"none\" width=\"100%\" height=\"100%\">\r\n\t<path fill=\"currentColor\" d=\"M64 8 L0 8 L0 0 L20 7.9 L40 3 L48 5 L64 0 Z\"\/>\r\n<\/svg><\/div><div class=\"l-section-h i-cf\"><div class=\"g-cols vc_row via_flex valign_top type_default stacking_default\"><div class=\"vc_col-sm-12 wpb_column vc_column_container\"><div class=\"vc_column-inner\"><div class=\"wpb_wrapper\"><div class=\"wpb_text_column\"><div class=\"wpb_wrapper\"><h2 style=\"text-align: center;\">Een eerste editie die verder wil kijken dan het festival<\/h2>\n<p style=\"text-align: center;\">Jerez Fusi\u00f3n begint met de ambitie van een project voor de hele stad. Het programmeert niet alleen concerten, maar verbindt locaties, artiesten, wijn, de muziekindustrie, toerisme en erfgoed.<\/p>\n<p style=\"text-align: center;\">Bij deze eerste editie zal moeten blijken of die mix op een natuurlijke manier werkt en of het festival kan uitgroeien tot een jaarlijks evenement op de Spaanse flamencokalender.<\/p>\n<p style=\"text-align: center;\">Voor 2026 is de aantrekkingskracht al duidelijk: <strong>vier dagen om te ontdekken hoe Jerez zijn flamencowortels in gesprek brengt met nieuwe muziek en nieuw publiek<\/strong>.<\/p>\n<\/div><\/div><div class=\"w-separator size_medium\"><\/div><div class=\"w-hwrapper valign_top wrap stack_on_mobiles align_center\" style=\"--hwrapper-gap:1.2rem\"><div class=\"w-btn-wrapper align_none\"><a class=\"w-btn us-btn-style_1\" href=\"https:\/\/www.jerezfusion.com\/\"><span class=\"w-btn-label\">Bekijk het actuele programma<\/span><\/a><\/div><div class=\"w-btn-wrapper align_none\"><a class=\"w-btn us-btn-style_1\" href=\"https:\/\/www.tablaosflamencos.com\/nl\/flamenco-in-jerez\"><span class=\"w-btn-label\">Ontdek flamenco in Jerez<\/span><\/a><\/div><\/div><\/div><\/div><\/div><\/div><\/div><\/section><section class=\"l-section wpb_row height_huge with_shape\"><div class=\"l-section-shape type_zigzag pos_bottom\" style=\"height:3vmin;\"><svg xmlns=\"http:\/\/www.w3.org\/2000\/svg\" viewBox=\"0 0 64 8\" preserveAspectRatio=\"none\" width=\"100%\" height=\"100%\">\r\n\t<path fill=\"currentColor\" d=\"M64 8 L0 8 L0 0 L20 7.9 L40 3 L48 5 L64 0 Z\"\/>\r\n<\/svg><\/div><div class=\"l-section-h i-cf\"><div class=\"g-cols vc_row via_flex valign_top type_default stacking_default\"><div class=\"vc_col-sm-1\/5 wpb_column vc_column_container\"><div class=\"vc_column-inner\"><div class=\"wpb_wrapper\"><\/div><\/div><\/div><div class=\"vc_col-sm-3\/5 wpb_column vc_column_container\"><div class=\"vc_column-inner\"><div class=\"wpb_wrapper\"><div class=\"wpb_text_column\"><div class=\"wpb_wrapper\"><h2 id=\"faq\" style=\"text-align: center;\">Veelgestelde vragen over Jerez Fusi\u00f3n 2026<\/h2>\n<\/div><\/div><div class=\"w-separator size_medium\"><\/div><div class=\"w-tabs accordion toggle_style_1 has_scrolling\" style=\"--sections-title-size:inherit;--sections-gap:0.5rem;\"><div class=\"w-tabs-sections titles-align_none icon_chevron cpos_right\"><div class=\"w-tabs-section\" id=\"r597\"><button type=\"button\" class=\"w-tabs-section-header\" aria-controls=\"content-r597\" aria-expanded=\"false\"><div class=\"w-tabs-section-title\">Wanneer vindt Jerez Fusi\u00f3n 2026 plaats?<\/div><div class=\"w-tabs-section-control\"><\/div><\/button><div  class=\"w-tabs-section-content\" id=\"content-r597\"><div class=\"w-tabs-section-content-h i-cf\"><div class=\"wpb_text_column\"><div class=\"wpb_wrapper\"><p>Jerez Fusi\u00f3n 2026 vindt plaats van donderdag 10 tot en met zondag 13 september 2026 in Jerez de la Frontera.<\/p>\n<\/div><\/div><\/div><\/div><\/div><div class=\"w-tabs-section\" id=\"e687\"><button type=\"button\" class=\"w-tabs-section-header\" aria-controls=\"content-e687\" aria-expanded=\"false\"><div class=\"w-tabs-section-title\">Is dit de eerste editie van Jerez Fusi\u00f3n?<\/div><div class=\"w-tabs-section-control\"><\/div><\/button><div  class=\"w-tabs-section-content\" id=\"content-e687\"><div class=\"w-tabs-section-content-h i-cf\"><div class=\"wpb_text_column\"><div class=\"wpb_wrapper\"><p>Ja. De editie van 2026 is de eerste van Jerez Fusi\u00f3n, een project van het Cl\u00faster Tur\u00edstico Destino Jerez met gemeentelijke steun en medewerking van FEDEJEREZ.<\/p>\n<\/div><\/div><\/div><\/div><\/div><div class=\"w-tabs-section\" id=\"l759\"><button type=\"button\" class=\"w-tabs-section-header\" aria-controls=\"content-l759\" aria-expanded=\"false\"><div class=\"w-tabs-section-title\">Wat voor muziek is er op het festival?<\/div><div class=\"w-tabs-section-control\"><\/div><\/button><div  class=\"w-tabs-section-content\" id=\"content-l759\"><div class=\"w-tabs-section-content-h i-cf\"><div class=\"wpb_text_column\"><div class=\"wpb_wrapper\"><p>Flamenco is het uitgangspunt, maar het programma zoekt verbindingen met jazz, blues, rock, klassieke muziek, wereldmuziek en hedendaagse projecten.<\/p>\n<\/div><\/div><\/div><\/div><\/div><div class=\"w-tabs-section\" id=\"o83c\"><button type=\"button\" class=\"w-tabs-section-header\" aria-controls=\"content-o83c\" aria-expanded=\"false\"><div class=\"w-tabs-section-title\">Welke artiesten staan centraal bij Jerez Fusi\u00f3n 2026?<\/div><div class=\"w-tabs-section-control\"><\/div><\/button><div  class=\"w-tabs-section-content\" id=\"content-o83c\"><div class=\"w-tabs-section-content-h i-cf\"><div class=\"wpb_text_column\"><div class=\"wpb_wrapper\"><p>Aangekondigde namen zijn onder meer Raimundo Amador, Tomasito, Diego Carrasco, Curro Carrasco, Luis de Perik\u00edn, Jos\u00e9 de los Camarones, Chico P\u00e9rez, Juan Diego Mateos, Sole\u00e1 Gatica, Borondo, Trilog en andere projecten.<\/p>\n<\/div><\/div><\/div><\/div><\/div><div class=\"w-tabs-section\" id=\"n922\"><button type=\"button\" class=\"w-tabs-section-header\" aria-controls=\"content-n922\" aria-expanded=\"false\"><div class=\"w-tabs-section-title\">Waar vindt het hoofdconcert van Jerez Fusi\u00f3n plaats?<\/div><div class=\"w-tabs-section-control\"><\/div><\/button><div  class=\"w-tabs-section-content\" id=\"content-n922\"><div class=\"w-tabs-section-content-h i-cf\"><div class=\"wpb_text_column\"><div class=\"wpb_wrapper\"><p>Het grote concert op zaterdag 12 staat gepland op Alameda Vieja, met een eerbetoon aan Antonio de los R\u00edos \u201cEl Madriles\u201d en als afsluiter Raimundo Amador met De Pata Negra a Raimundo.<\/p>\n<\/div><\/div><\/div><\/div><\/div><div class=\"w-tabs-section\" id=\"o9eb\"><button type=\"button\" class=\"w-tabs-section-header\" aria-controls=\"content-o9eb\" aria-expanded=\"false\"><div class=\"w-tabs-section-title\">Is Jerez Fusi\u00f3n 2026 gratis?<\/div><div class=\"w-tabs-section-control\"><\/div><\/button><div  class=\"w-tabs-section-content\" id=\"content-o9eb\"><div class=\"w-tabs-section-content-h i-cf\"><div class=\"wpb_text_column\"><div class=\"wpb_wrapper\"><p>Een groot deel van het aangekondigde openbare programma is gratis, al vereisen sommige professionele activiteiten inschrijving en accreditatie. Controleer de specifieke voorwaarden van elke activiteit op de offici\u00eble website.<\/p>\n<\/div><\/div><\/div><\/div><\/div><div class=\"w-tabs-section\" id=\"yaac\"><button type=\"button\" class=\"w-tabs-section-header\" aria-controls=\"content-yaac\" aria-expanded=\"false\"><div class=\"w-tabs-section-title\">Zijn er activiteiten voor professionals uit de flamenco- en muzieksector?<\/div><div class=\"w-tabs-section-control\"><\/div><\/button><div  class=\"w-tabs-section-content\" id=\"content-yaac\"><div class=\"w-tabs-section-content-h i-cf\"><div class=\"wpb_text_column\"><div class=\"wpb_wrapper\"><p>Ja. Het festival biedt netwerk- en zakelijke ontmoetingssessies voor artiesten, managers, bureaus, festivals, programmeurs, organisatoren, labels, media en instellingen. De belangrijkste sessies zijn aangekondigd voor 11 en 12 september.<\/p>\n<\/div><\/div><\/div><\/div><\/div><div class=\"w-tabs-section\" id=\"xb6c\"><button type=\"button\" class=\"w-tabs-section-header\" aria-controls=\"content-xb6c\" aria-expanded=\"false\"><div class=\"w-tabs-section-title\">Wat is de band tussen het festival en de wijn van Jerez?<\/div><div class=\"w-tabs-section-control\"><\/div><\/button><div  class=\"w-tabs-section-content\" id=\"content-xb6c\"><div class=\"w-tabs-section-content-h i-cf\"><div class=\"wpb_text_column\"><div class=\"wpb_wrapper\"><p>Het festivalconcept combineert muziek, wijn en stad. Wijn en brandy zijn onderdeel van de identiteit van het project, en de organisatie werkt samen met FEDEJEREZ.<\/p>\n<\/div><\/div><\/div><\/div><\/div><div class=\"w-tabs-section\" id=\"gc44\"><button type=\"button\" class=\"w-tabs-section-header\" aria-controls=\"content-gc44\" aria-expanded=\"false\"><div class=\"w-tabs-section-title\">Valt Jerez Fusi\u00f3n samen met de Wijnoogstfeesten?<\/div><div class=\"w-tabs-section-control\"><\/div><\/button><div  class=\"w-tabs-section-content\" id=\"content-gc44\"><div class=\"w-tabs-section-content-h i-cf\"><div class=\"wpb_text_column\"><div class=\"wpb_wrapper\"><p>Ja. De Wijnoogstfeesten van Jerez 2026 duren tot 13 september, waardoor de vier dagen van Jerez Fusi\u00f3n samenvallen met het laatste deel ervan.<\/p>\n<\/div><\/div><\/div><\/div><\/div><div class=\"w-tabs-section\" id=\"id30\"><button type=\"button\" class=\"w-tabs-section-header\" aria-controls=\"content-id30\" aria-expanded=\"false\"><div class=\"w-tabs-section-title\">Waar kan ik eventuele lastminuteveranderingen bekijken?<\/div><div class=\"w-tabs-section-control\"><\/div><\/button><div  class=\"w-tabs-section-content\" id=\"content-id30\"><div class=\"w-tabs-section-content-h i-cf\"><div class=\"wpb_text_column\"><div class=\"wpb_wrapper\"><p>De belangrijkste bron is de offici\u00eble website jerezfusion.com. Omdat het festival over verschillende locaties is verspreid, is het verstandig daar v\u00f3\u00f3r vertrek de tijden, toegangsregels en wijzigingen te controleren.<\/p>\n<\/div><\/div><\/div><\/div><\/div><\/div><\/div><\/div><\/div><\/div><div class=\"vc_col-sm-1\/5 wpb_column vc_column_container\"><div class=\"vc_column-inner\"><div class=\"wpb_wrapper\"><\/div><\/div><\/div><\/div><\/div><\/section>\n","protected":false},"excerpt":{"rendered":"<p>De complete gids voor Jerez Fusi\u00f3n 2026: data, programma, artiesten, locaties, concerten, professionele activiteiten, wijn, tickets en praktische tips voor je festivalbezoek.<\/p>\n","protected":false},"author":1,"featured_media":14719,"comment_status":"closed","ping_status":"closed","sticky":false,"template":"","format":"standard","meta":{"_acf_changed":false,"wpai_generated_summary":"","_ayudawp_aiss_exclude":false,"_ayudawp_aiss_exclude_summary":false,"_ayudawp_aiss_summary":"","_ayudawp_aiss_summary_provider":"","_ayudawp_aiss_summary_hash":"","footnotes":""},"categories":[1672],"tags":[1227,1230,2031,2034,1115,2032,2033],"class_list":["post-14829","post","type-post","status-publish","format-standard","has-post-thumbnail","hentry","category-flamencofestivals","tag-agenda-flamenca","tag-festivales-flamencos","tag-flamenco-in-jerez-nl","tag-flamencofusion-nl","tag-jerez-de-la-frontera","tag-jerez-fusion-nl","tag-jerez-fusion-2026-nl"],"acf":[],"yoast_head":"<!-- This site is optimized with the Yoast SEO Premium plugin v28.4 (Yoast SEO v28.4) - https:\/\/yoast.com\/product\/yoast-seo-premium-wordpress\/ -->\n<title>Jerez Fusi\u00f3n 2026: data, programma, artiesten en gids<\/title>\n<meta name=\"description\" content=\"Jerez Fusi\u00f3n 2026 vindt plaats van 10 tot en met 13 september. Bekijk het programma, artiesten, locaties, concerten, wijn en praktische bezoektips.\" \/>\n<meta name=\"robots\" content=\"index, follow, max-snippet:-1, max-image-preview:large, max-video-preview:-1\" \/>\n<link rel=\"canonical\" href=\"https:\/\/www.tablaosflamencos.com\/nl\/jerez-fusion-2026-data-programma.html\" \/>\n<meta property=\"og:locale\" content=\"nl_NL\" \/>\n<meta property=\"og:type\" content=\"article\" \/>\n<meta property=\"og:title\" content=\"Jerez Fusi\u00f3n 2026: data, programma en alles wat je moet weten\" \/>\n<meta property=\"og:description\" content=\"Jerez Fusi\u00f3n 2026 vindt plaats van 10 tot en met 13 september. Bekijk het programma, artiesten, locaties, concerten, wijn en praktische bezoektips.\" \/>\n<meta property=\"og:url\" content=\"https:\/\/www.tablaosflamencos.com\/nl\/jerez-fusion-2026-data-programma.html\" \/>\n<meta property=\"og:site_name\" content=\"Tablaos Flamencos\" \/>\n<meta property=\"article:publisher\" content=\"https:\/\/www.facebook.com\/tablaosflamencos\" \/>\n<meta property=\"article:published_time\" content=\"2026-09-05T10:42:59+00:00\" \/>\n<meta property=\"article:modified_time\" content=\"2026-09-05T12:24:08+00:00\" \/>\n<meta property=\"og:image\" content=\"https:\/\/www.tablaosflamencos.com\/wp-content\/uploads\/jerez-fusion-2026-fechas-programacion-y-todo-lo-que-debes-saber-01.webp\" \/>\n\t<meta property=\"og:image:width\" content=\"1491\" \/>\n\t<meta property=\"og:image:height\" content=\"1055\" \/>\n\t<meta property=\"og:image:type\" content=\"image\/webp\" \/>\n<meta name=\"author\" content=\"Miguel Ortiz\" \/>\n<meta name=\"twitter:card\" content=\"summary_large_image\" \/>\n<meta name=\"twitter:creator\" content=\"@tablaosflamenco\" \/>\n<meta name=\"twitter:site\" content=\"@tablaosflamenco\" \/>\n<meta name=\"twitter:label1\" content=\"Geschreven door\" \/>\n\t<meta name=\"twitter:data1\" content=\"Miguel Ortiz\" \/>\n\t<meta name=\"twitter:label2\" content=\"Geschatte leestijd\" \/>\n\t<meta name=\"twitter:data2\" content=\"14 minuten\" \/>\n<script type=\"application\/ld+json\" class=\"yoast-schema-graph\">{\"@context\":\"https:\\\/\\\/schema.org\",\"@graph\":[{\"@type\":\"Article\",\"@id\":\"https:\\\/\\\/www.tablaosflamencos.com\\\/nl\\\/jerez-fusion-2026-data-programma.html#article\",\"isPartOf\":{\"@id\":\"https:\\\/\\\/www.tablaosflamencos.com\\\/nl\\\/jerez-fusion-2026-data-programma.html\"},\"author\":{\"name\":\"Miguel Ortiz\",\"@id\":\"https:\\\/\\\/www.tablaosflamencos.com\\\/nl#\\\/schema\\\/person\\\/e7a9ebe14eb75a52ceabfbffb3c54f5d\"},\"headline\":\"Jerez Fusi\u00f3n 2026: data, programma en alles wat je moet weten\",\"datePublished\":\"2026-09-05T10:42:59+00:00\",\"dateModified\":\"2026-09-05T12:24:08+00:00\",\"mainEntityOfPage\":{\"@id\":\"https:\\\/\\\/www.tablaosflamencos.com\\\/nl\\\/jerez-fusion-2026-data-programma.html\"},\"wordCount\":2805,\"publisher\":{\"@id\":\"https:\\\/\\\/www.tablaosflamencos.com\\\/nl#organization\"},\"image\":{\"@id\":\"https:\\\/\\\/www.tablaosflamencos.com\\\/nl\\\/jerez-fusion-2026-data-programma.html#primaryimage\"},\"thumbnailUrl\":\"https:\\\/\\\/www.tablaosflamencos.com\\\/wp-content\\\/uploads\\\/jerez-fusion-2026-fechas-programacion-y-todo-lo-que-debes-saber-01.webp\",\"keywords\":[\"agenda flamenca\",\"festivales flamencos\",\"flamenco in Jerez\",\"flamencofusion\",\"Jerez de la Frontera\",\"Jerez Fusi\u00f3n\",\"Jerez Fusi\u00f3n 2026\"],\"articleSection\":[\"Flamencofestivals\"],\"inLanguage\":\"nl-NL\"},{\"@type\":\"WebPage\",\"@id\":\"https:\\\/\\\/www.tablaosflamencos.com\\\/nl\\\/jerez-fusion-2026-data-programma.html\",\"url\":\"https:\\\/\\\/www.tablaosflamencos.com\\\/nl\\\/jerez-fusion-2026-data-programma.html\",\"name\":\"Jerez Fusi\u00f3n 2026: data, programma, artiesten en gids\",\"isPartOf\":{\"@id\":\"https:\\\/\\\/www.tablaosflamencos.com\\\/nl#website\"},\"primaryImageOfPage\":{\"@id\":\"https:\\\/\\\/www.tablaosflamencos.com\\\/nl\\\/jerez-fusion-2026-data-programma.html#primaryimage\"},\"image\":{\"@id\":\"https:\\\/\\\/www.tablaosflamencos.com\\\/nl\\\/jerez-fusion-2026-data-programma.html#primaryimage\"},\"thumbnailUrl\":\"https:\\\/\\\/www.tablaosflamencos.com\\\/wp-content\\\/uploads\\\/jerez-fusion-2026-fechas-programacion-y-todo-lo-que-debes-saber-01.webp\",\"datePublished\":\"2026-09-05T10:42:59+00:00\",\"dateModified\":\"2026-09-05T12:24:08+00:00\",\"description\":\"Jerez Fusi\u00f3n 2026 vindt plaats van 10 tot en met 13 september. Bekijk het programma, artiesten, locaties, concerten, wijn en praktische bezoektips.\",\"breadcrumb\":{\"@id\":\"https:\\\/\\\/www.tablaosflamencos.com\\\/nl\\\/jerez-fusion-2026-data-programma.html#breadcrumb\"},\"inLanguage\":\"nl-NL\",\"potentialAction\":[{\"@type\":\"ReadAction\",\"target\":[\"https:\\\/\\\/www.tablaosflamencos.com\\\/nl\\\/jerez-fusion-2026-data-programma.html\"]}]},{\"@type\":\"ImageObject\",\"inLanguage\":\"nl-NL\",\"@id\":\"https:\\\/\\\/www.tablaosflamencos.com\\\/nl\\\/jerez-fusion-2026-data-programma.html#primaryimage\",\"url\":\"https:\\\/\\\/www.tablaosflamencos.com\\\/wp-content\\\/uploads\\\/jerez-fusion-2026-fechas-programacion-y-todo-lo-que-debes-saber-01.webp\",\"contentUrl\":\"https:\\\/\\\/www.tablaosflamencos.com\\\/wp-content\\\/uploads\\\/jerez-fusion-2026-fechas-programacion-y-todo-lo-que-debes-saber-01.webp\",\"width\":1491,\"height\":1055,\"caption\":\"Jerez Fusi\u00f3n 2026: fechas, programaci\u00f3n y todo lo que debes saber\"},{\"@type\":\"BreadcrumbList\",\"@id\":\"https:\\\/\\\/www.tablaosflamencos.com\\\/nl\\\/jerez-fusion-2026-data-programma.html#breadcrumb\",\"itemListElement\":[{\"@type\":\"ListItem\",\"position\":1,\"name\":\"Home\",\"item\":\"https:\\\/\\\/www.tablaosflamencos.com\\\/nl\"},{\"@type\":\"ListItem\",\"position\":2,\"name\":\"Jerez Fusi\u00f3n 2026: data, programma en alles wat je moet weten\"}]},{\"@type\":\"WebSite\",\"@id\":\"https:\\\/\\\/www.tablaosflamencos.com\\\/nl#website\",\"url\":\"https:\\\/\\\/www.tablaosflamencos.com\\\/nl\",\"name\":\"Tablaos Flamencos\",\"description\":\"Entradas para tablaos flamencos de Espa\u00f1a\",\"publisher\":{\"@id\":\"https:\\\/\\\/www.tablaosflamencos.com\\\/nl#organization\"},\"alternateName\":\"Tablaos Flamencos\",\"potentialAction\":[{\"@type\":\"SearchAction\",\"target\":{\"@type\":\"EntryPoint\",\"urlTemplate\":\"https:\\\/\\\/www.tablaosflamencos.com\\\/nl?s={search_term_string}\"},\"query-input\":{\"@type\":\"PropertyValueSpecification\",\"valueRequired\":true,\"valueName\":\"search_term_string\"}}],\"inLanguage\":\"nl-NL\"},{\"@type\":[\"Organization\",\"Place\",\"EntertainmentBusiness\"],\"@id\":\"https:\\\/\\\/www.tablaosflamencos.com\\\/nl#organization\",\"name\":\"Tablaos Flamencos\",\"alternateName\":\"Tablaos Flamencos\",\"url\":\"https:\\\/\\\/www.tablaosflamencos.com\\\/nl\",\"logo\":{\"@id\":\"https:\\\/\\\/www.tablaosflamencos.com\\\/nl\\\/jerez-fusion-2026-data-programma.html#local-main-organization-logo\"},\"image\":{\"@id\":\"https:\\\/\\\/www.tablaosflamencos.com\\\/nl\\\/jerez-fusion-2026-data-programma.html#local-main-organization-logo\"},\"sameAs\":[\"https:\\\/\\\/www.facebook.com\\\/tablaosflamencos\",\"https:\\\/\\\/x.com\\\/tablaosflamenco\",\"https:\\\/\\\/mastodon.social\\\/@tablaosflamencos\",\"https:\\\/\\\/www.instagram.com\\\/tablaosflamencos\",\"https:\\\/\\\/tiktok.com\\\/@tablaosflamencos\",\"https:\\\/\\\/www.linkedin.com\\\/company\\\/109408238\\\/\"],\"description\":\"Venta de entradas para espect\u00e1culos flamencos\",\"legalName\":\"Tablaos Flamencos\",\"foundingDate\":\"2015-01-01\",\"numberOfEmployees\":{\"@type\":\"QuantitativeValue\",\"minValue\":\"1\",\"maxValue\":\"10\"},\"address\":{\"@id\":\"https:\\\/\\\/www.tablaosflamencos.com\\\/nl\\\/jerez-fusion-2026-data-programma.html#local-main-place-address\"},\"geo\":{\"@type\":\"GeoCoordinates\",\"latitude\":\"37.3868072\",\"longitude\":\"-5.993280299999999\"},\"telephone\":[\"+34623787787\"],\"contactPoint\":{\"@type\":\"ContactPoint\",\"telephone\":\"+34623787787\",\"email\":\"info@tablaosflamencos.com\"},\"openingHoursSpecification\":{\"@type\":\"OpeningHoursSpecification\",\"dayOfWeek\":[\"Monday\",\"Tuesday\",\"Wednesday\",\"Thursday\",\"Friday\",\"Saturday\",\"Sunday\"],\"opens\":\"00:00\",\"closes\":\"23:59\"},\"email\":\"info@tablaosflamencos.com\",\"priceRange\":\"$$$\",\"currenciesAccepted\":\"\u20ac\"},{\"@type\":\"Person\",\"@id\":\"https:\\\/\\\/www.tablaosflamencos.com\\\/nl#\\\/schema\\\/person\\\/e7a9ebe14eb75a52ceabfbffb3c54f5d\",\"name\":\"Miguel Ortiz\",\"description\":\"Miguel Ortiz es un empresario flamenco, con una s\u00f3lida trayectoria dentro del sector. Ha presidido entidades culturales vinculadas al flamenco y, cuenta con un amplio recorrido profesional en la gesti\u00f3n y promoci\u00f3n de espect\u00e1culos y tablaos flamencos. Su pasi\u00f3n por la historia y el arte flamenco se refleja en cada art\u00edculo, donde combina experiencia, criterio y un profundo respeto por la tradici\u00f3n.\",\"sameAs\":[\"https:\\\/\\\/www.tablaosflamencos.com\",\"https:\\\/\\\/www.instagra.com\\\/miguelortizfe\",\"https:\\\/\\\/www.linkedin.com\\\/in\\\/miguelortizf\\\/\"],\"birthDate\":\"1984-11-22\",\"gender\":\"hombre\",\"knowsLanguage\":[\"espa\u00f1ol\",\"ingl\u00e9s\"],\"jobTitle\":\"Empresario flamenco\"},{\"@type\":\"PostalAddress\",\"@id\":\"https:\\\/\\\/www.tablaosflamencos.com\\\/nl\\\/jerez-fusion-2026-data-programma.html#local-main-place-address\",\"streetAddress\":\"C\\\/ Alemanes, 19\",\"addressLocality\":\"Sevilla\",\"postalCode\":\"41004\",\"addressRegion\":\"Sevilla\",\"addressCountry\":\"ES\"},{\"@type\":\"ImageObject\",\"inLanguage\":\"nl-NL\",\"@id\":\"https:\\\/\\\/www.tablaosflamencos.com\\\/nl\\\/jerez-fusion-2026-data-programma.html#local-main-organization-logo\",\"url\":\"https:\\\/\\\/www.tablaosflamencos.com\\\/wp-content\\\/uploads\\\/tablaos-flamencos-06-3.webp\",\"contentUrl\":\"https:\\\/\\\/www.tablaosflamencos.com\\\/wp-content\\\/uploads\\\/tablaos-flamencos-06-3.webp\",\"width\":600,\"height\":620,\"caption\":\"Tablaos Flamencos\"}]}<\/script>\n<meta name=\"geo.placename\" content=\"Sevilla\" \/>\n<meta name=\"geo.position\" content=\"37.3868072;-5.993280299999999\" \/>\n<meta name=\"geo.region\" content=\"Spanje\" \/>\n<!-- \/ Yoast SEO Premium plugin. -->","yoast_head_json":{"title":"Jerez Fusi\u00f3n 2026: data, programma, artiesten en gids","description":"Jerez Fusi\u00f3n 2026 vindt plaats van 10 tot en met 13 september. Bekijk het programma, artiesten, locaties, concerten, wijn en praktische bezoektips.","robots":{"index":"index","follow":"follow","max-snippet":"max-snippet:-1","max-image-preview":"max-image-preview:large","max-video-preview":"max-video-preview:-1"},"canonical":"https:\/\/www.tablaosflamencos.com\/nl\/jerez-fusion-2026-data-programma.html","og_locale":"nl_NL","og_type":"article","og_title":"Jerez Fusi\u00f3n 2026: data, programma en alles wat je moet weten","og_description":"Jerez Fusi\u00f3n 2026 vindt plaats van 10 tot en met 13 september. Bekijk het programma, artiesten, locaties, concerten, wijn en praktische bezoektips.","og_url":"https:\/\/www.tablaosflamencos.com\/nl\/jerez-fusion-2026-data-programma.html","og_site_name":"Tablaos Flamencos","article_publisher":"https:\/\/www.facebook.com\/tablaosflamencos","article_published_time":"2026-09-05T10:42:59+00:00","article_modified_time":"2026-09-05T12:24:08+00:00","og_image":[{"width":1491,"height":1055,"url":"https:\/\/www.tablaosflamencos.com\/wp-content\/uploads\/jerez-fusion-2026-fechas-programacion-y-todo-lo-que-debes-saber-01.webp","type":"image\/webp"}],"author":"Miguel Ortiz","twitter_card":"summary_large_image","twitter_creator":"@tablaosflamenco","twitter_site":"@tablaosflamenco","twitter_misc":{"Geschreven door":"Miguel Ortiz","Geschatte leestijd":"14 minuten"},"schema":{"@context":"https:\/\/schema.org","@graph":[{"@type":"Article","@id":"https:\/\/www.tablaosflamencos.com\/nl\/jerez-fusion-2026-data-programma.html#article","isPartOf":{"@id":"https:\/\/www.tablaosflamencos.com\/nl\/jerez-fusion-2026-data-programma.html"},"author":{"name":"Miguel Ortiz","@id":"https:\/\/www.tablaosflamencos.com\/nl#\/schema\/person\/e7a9ebe14eb75a52ceabfbffb3c54f5d"},"headline":"Jerez Fusi\u00f3n 2026: data, programma en alles wat je moet weten","datePublished":"2026-09-05T10:42:59+00:00","dateModified":"2026-09-05T12:24:08+00:00","mainEntityOfPage":{"@id":"https:\/\/www.tablaosflamencos.com\/nl\/jerez-fusion-2026-data-programma.html"},"wordCount":2805,"publisher":{"@id":"https:\/\/www.tablaosflamencos.com\/nl#organization"},"image":{"@id":"https:\/\/www.tablaosflamencos.com\/nl\/jerez-fusion-2026-data-programma.html#primaryimage"},"thumbnailUrl":"https:\/\/www.tablaosflamencos.com\/wp-content\/uploads\/jerez-fusion-2026-fechas-programacion-y-todo-lo-que-debes-saber-01.webp","keywords":["agenda flamenca","festivales flamencos","flamenco in Jerez","flamencofusion","Jerez de la Frontera","Jerez Fusi\u00f3n","Jerez Fusi\u00f3n 2026"],"articleSection":["Flamencofestivals"],"inLanguage":"nl-NL"},{"@type":"WebPage","@id":"https:\/\/www.tablaosflamencos.com\/nl\/jerez-fusion-2026-data-programma.html","url":"https:\/\/www.tablaosflamencos.com\/nl\/jerez-fusion-2026-data-programma.html","name":"Jerez Fusi\u00f3n 2026: data, programma, artiesten en gids","isPartOf":{"@id":"https:\/\/www.tablaosflamencos.com\/nl#website"},"primaryImageOfPage":{"@id":"https:\/\/www.tablaosflamencos.com\/nl\/jerez-fusion-2026-data-programma.html#primaryimage"},"image":{"@id":"https:\/\/www.tablaosflamencos.com\/nl\/jerez-fusion-2026-data-programma.html#primaryimage"},"thumbnailUrl":"https:\/\/www.tablaosflamencos.com\/wp-content\/uploads\/jerez-fusion-2026-fechas-programacion-y-todo-lo-que-debes-saber-01.webp","datePublished":"2026-09-05T10:42:59+00:00","dateModified":"2026-09-05T12:24:08+00:00","description":"Jerez Fusi\u00f3n 2026 vindt plaats van 10 tot en met 13 september. Bekijk het programma, artiesten, locaties, concerten, wijn en praktische bezoektips.","breadcrumb":{"@id":"https:\/\/www.tablaosflamencos.com\/nl\/jerez-fusion-2026-data-programma.html#breadcrumb"},"inLanguage":"nl-NL","potentialAction":[{"@type":"ReadAction","target":["https:\/\/www.tablaosflamencos.com\/nl\/jerez-fusion-2026-data-programma.html"]}]},{"@type":"ImageObject","inLanguage":"nl-NL","@id":"https:\/\/www.tablaosflamencos.com\/nl\/jerez-fusion-2026-data-programma.html#primaryimage","url":"https:\/\/www.tablaosflamencos.com\/wp-content\/uploads\/jerez-fusion-2026-fechas-programacion-y-todo-lo-que-debes-saber-01.webp","contentUrl":"https:\/\/www.tablaosflamencos.com\/wp-content\/uploads\/jerez-fusion-2026-fechas-programacion-y-todo-lo-que-debes-saber-01.webp","width":1491,"height":1055,"caption":"Jerez Fusi\u00f3n 2026: fechas, programaci\u00f3n y todo lo que debes saber"},{"@type":"BreadcrumbList","@id":"https:\/\/www.tablaosflamencos.com\/nl\/jerez-fusion-2026-data-programma.html#breadcrumb","itemListElement":[{"@type":"ListItem","position":1,"name":"Home","item":"https:\/\/www.tablaosflamencos.com\/nl"},{"@type":"ListItem","position":2,"name":"Jerez Fusi\u00f3n 2026: data, programma en alles wat je moet weten"}]},{"@type":"WebSite","@id":"https:\/\/www.tablaosflamencos.com\/nl#website","url":"https:\/\/www.tablaosflamencos.com\/nl","name":"Tablaos Flamencos","description":"Entradas para tablaos flamencos de Espa\u00f1a","publisher":{"@id":"https:\/\/www.tablaosflamencos.com\/nl#organization"},"alternateName":"Tablaos Flamencos","potentialAction":[{"@type":"SearchAction","target":{"@type":"EntryPoint","urlTemplate":"https:\/\/www.tablaosflamencos.com\/nl?s={search_term_string}"},"query-input":{"@type":"PropertyValueSpecification","valueRequired":true,"valueName":"search_term_string"}}],"inLanguage":"nl-NL"},{"@type":["Organization","Place","EntertainmentBusiness"],"@id":"https:\/\/www.tablaosflamencos.com\/nl#organization","name":"Tablaos Flamencos","alternateName":"Tablaos Flamencos","url":"https:\/\/www.tablaosflamencos.com\/nl","logo":{"@id":"https:\/\/www.tablaosflamencos.com\/nl\/jerez-fusion-2026-data-programma.html#local-main-organization-logo"},"image":{"@id":"https:\/\/www.tablaosflamencos.com\/nl\/jerez-fusion-2026-data-programma.html#local-main-organization-logo"},"sameAs":["https:\/\/www.facebook.com\/tablaosflamencos","https:\/\/x.com\/tablaosflamenco","https:\/\/mastodon.social\/@tablaosflamencos","https:\/\/www.instagram.com\/tablaosflamencos","https:\/\/tiktok.com\/@tablaosflamencos","https:\/\/www.linkedin.com\/company\/109408238\/"],"description":"Venta de entradas para espect\u00e1culos flamencos","legalName":"Tablaos Flamencos","foundingDate":"2015-01-01","numberOfEmployees":{"@type":"QuantitativeValue","minValue":"1","maxValue":"10"},"address":{"@id":"https:\/\/www.tablaosflamencos.com\/nl\/jerez-fusion-2026-data-programma.html#local-main-place-address"},"geo":{"@type":"GeoCoordinates","latitude":"37.3868072","longitude":"-5.993280299999999"},"telephone":["+34623787787"],"contactPoint":{"@type":"ContactPoint","telephone":"+34623787787","email":"info@tablaosflamencos.com"},"openingHoursSpecification":{"@type":"OpeningHoursSpecification","dayOfWeek":["Monday","Tuesday","Wednesday","Thursday","Friday","Saturday","Sunday"],"opens":"00:00","closes":"23:59"},"email":"info@tablaosflamencos.com","priceRange":"$$$","currenciesAccepted":"\u20ac"},{"@type":"Person","@id":"https:\/\/www.tablaosflamencos.com\/nl#\/schema\/person\/e7a9ebe14eb75a52ceabfbffb3c54f5d","name":"Miguel Ortiz","description":"Miguel Ortiz es un empresario flamenco, con una s\u00f3lida trayectoria dentro del sector. Ha presidido entidades culturales vinculadas al flamenco y, cuenta con un amplio recorrido profesional en la gesti\u00f3n y promoci\u00f3n de espect\u00e1culos y tablaos flamencos. Su pasi\u00f3n por la historia y el arte flamenco se refleja en cada art\u00edculo, donde combina experiencia, criterio y un profundo respeto por la tradici\u00f3n.","sameAs":["https:\/\/www.tablaosflamencos.com","https:\/\/www.instagra.com\/miguelortizfe","https:\/\/www.linkedin.com\/in\/miguelortizf\/"],"birthDate":"1984-11-22","gender":"hombre","knowsLanguage":["espa\u00f1ol","ingl\u00e9s"],"jobTitle":"Empresario flamenco"},{"@type":"PostalAddress","@id":"https:\/\/www.tablaosflamencos.com\/nl\/jerez-fusion-2026-data-programma.html#local-main-place-address","streetAddress":"C\/ Alemanes, 19","addressLocality":"Sevilla","postalCode":"41004","addressRegion":"Sevilla","addressCountry":"ES"},{"@type":"ImageObject","inLanguage":"nl-NL","@id":"https:\/\/www.tablaosflamencos.com\/nl\/jerez-fusion-2026-data-programma.html#local-main-organization-logo","url":"https:\/\/www.tablaosflamencos.com\/wp-content\/uploads\/tablaos-flamencos-06-3.webp","contentUrl":"https:\/\/www.tablaosflamencos.com\/wp-content\/uploads\/tablaos-flamencos-06-3.webp","width":600,"height":620,"caption":"Tablaos Flamencos"}]},"geo.placename":"Sevilla","geo.position":{"lat":"37.3868072","long":"-5.993280299999999"},"geo.region":"Spanje"},"_links":{"self":[{"href":"https:\/\/www.tablaosflamencos.com\/nl\/wp-json\/wp\/v2\/posts\/14829","targetHints":{"allow":["GET"]}}],"collection":[{"href":"https:\/\/www.tablaosflamencos.com\/nl\/wp-json\/wp\/v2\/posts"}],"about":[{"href":"https:\/\/www.tablaosflamencos.com\/nl\/wp-json\/wp\/v2\/types\/post"}],"author":[{"embeddable":true,"href":"https:\/\/www.tablaosflamencos.com\/nl\/wp-json\/wp\/v2\/users\/1"}],"replies":[{"embeddable":true,"href":"https:\/\/www.tablaosflamencos.com\/nl\/wp-json\/wp\/v2\/comments?post=14829"}],"version-history":[{"count":2,"href":"https:\/\/www.tablaosflamencos.com\/nl\/wp-json\/wp\/v2\/posts\/14829\/revisions"}],"predecessor-version":[{"id":14831,"href":"https:\/\/www.tablaosflamencos.com\/nl\/wp-json\/wp\/v2\/posts\/14829\/revisions\/14831"}],"wp:featuredmedia":[{"embeddable":true,"href":"https:\/\/www.tablaosflamencos.com\/nl\/wp-json\/wp\/v2\/media\/14719"}],"wp:attachment":[{"href":"https:\/\/www.tablaosflamencos.com\/nl\/wp-json\/wp\/v2\/media?parent=14829"}],"wp:term":[{"taxonomy":"category","embeddable":true,"href":"https:\/\/www.tablaosflamencos.com\/nl\/wp-json\/wp\/v2\/categories?post=14829"},{"taxonomy":"post_tag","embeddable":true,"href":"https:\/\/www.tablaosflamencos.com\/nl\/wp-json\/wp\/v2\/tags?post=14829"}],"curies":[{"name":"wp","href":"https:\/\/api.w.org\/{rel}","templated":true}]}}