{"id":14783,"date":"2026-09-05T13:50:39","date_gmt":"2026-09-05T11:50:39","guid":{"rendered":"https:\/\/www.tablaosflamencos.com\/?p=14783"},"modified":"2026-09-05T14:11:52","modified_gmt":"2026-09-05T12:11:52","slug":"macarena-flamenca-2026-programma-tickets","status":"publish","type":"post","link":"https:\/\/www.tablaosflamencos.com\/nl\/macarena-flamenca-2026-programma-tickets.html","title":{"rendered":"Macarena Flamenca 2026: programma, tickets en alles wat je moet weten"},"content":{"rendered":"<section class=\"l-section wpb_row height_huge\"><div class=\"l-section-h i-cf\"><div class=\"g-cols vc_row via_flex valign_top type_default stacking_default\"><div class=\"vc_col-sm-6 wpb_column vc_column_container\"><div class=\"vc_column-inner\"><div class=\"wpb_wrapper\"><div class=\"wpb_text_column\"><div class=\"wpb_wrapper\"><h2>Flamenco keert terug naar de straten van de Macarena<\/h2>\n<p>Het <strong>II Festival Macarena Flamenca 2026<\/strong> vindt plaats op zaterdag 5 september op Plaza Virgen del Pilar, in de Sevillaanse wijk La Barzola. Het evenement verandert een plein in het district Macarena in een flamencopodium en draagt de tweede editie op aan <strong>Jos\u00e9 de la Tomasa<\/strong>, een van de belangrijkste stemmen van de Sevillaanse flamencozang.<\/p>\n<p>Het programma brengt zang, gitaar en dans samen met artiesten van verschillende generaties: Potito, Antonio Reyes, Remedios Reyes, Manuel de la Tomasa en Manuela Amador Carrasco, begeleid door hun respectieve ensembles. De toegang is gratis en er hoeft geen ticket te worden gekocht, al hangt de toegang af van de beschikbare capaciteit.<\/p>\n<\/div><\/div><\/div><\/div><\/div><div class=\"vc_col-sm-6 wpb_column vc_column_container\"><div class=\"vc_column-inner\"><div class=\"wpb_wrapper\"><div class=\"wpb_text_column\"><div class=\"wpb_wrapper\"><h2>Belangrijkste gegevens<\/h2>\n<ul>\n<li><strong>Datum:<\/strong> zaterdag 5 september 2026.<\/li>\n<li><strong>Locatie:<\/strong> Plaza Virgen del Pilar, La Barzola, Sevilla.<\/li>\n<li><strong>Meest recente begintijd:<\/strong> 21:30.<\/li>\n<li><strong>Aanbevolen aankomst:<\/strong> v\u00f3\u00f3r 21:00.<\/li>\n<li><strong>Tickets:<\/strong> vrije en gratis toegang.<\/li>\n<li><strong>Eregast:<\/strong> Jos\u00e9 de la Tomasa.<\/li>\n<li><strong>Organisatie:<\/strong> District Macarena van de gemeente Sevilla.<\/li>\n<li><strong>Context:<\/strong> activiteiten voorafgaand aan de 24e Flamenco Bi\u00ebnnale.<\/li>\n<\/ul>\n<\/div><\/div><\/div><\/div><\/div><\/div><\/div><\/section><section class=\"l-section wpb_row height_huge color_alternate with_shape\"><div class=\"l-section-shape type_zigzag pos_top\" style=\"height:3vmin;\"><svg xmlns=\"http:\/\/www.w3.org\/2000\/svg\" viewBox=\"0 0 64 8\" preserveAspectRatio=\"none\" width=\"100%\" height=\"100%\">\r\n\t<path fill=\"currentColor\" d=\"M64 8 L0 8 L0 0 L20 7.9 L40 3 L48 5 L64 0 Z\"\/>\r\n<\/svg><\/div><div class=\"l-section-shape type_zigzag pos_bottom\" style=\"height:3vmin;\"><svg xmlns=\"http:\/\/www.w3.org\/2000\/svg\" viewBox=\"0 0 64 8\" preserveAspectRatio=\"none\" width=\"100%\" height=\"100%\">\r\n\t<path fill=\"currentColor\" d=\"M64 8 L0 8 L0 0 L20 7.9 L40 3 L48 5 L64 0 Z\"\/>\r\n<\/svg><\/div><div class=\"l-section-h i-cf\"><div class=\"g-cols vc_row via_flex valign_top type_default stacking_default\"><div class=\"vc_col-sm-12 wpb_column vc_column_container\"><div class=\"vc_column-inner\"><div class=\"wpb_wrapper\"><div class=\"wpb_text_column\"><div class=\"wpb_wrapper\"><blockquote>\n<p><strong>Kort antwoord:<\/strong> Macarena Flamenca 2026 vindt plaats op zaterdag 5 september op Plaza Virgen del Pilar, in La Barzola. Potito, Antonio Reyes, Remedios Reyes, Manuel de la Tomasa en danseres Manuela Amador Carrasco treden op tijdens een editie ter ere van Jos\u00e9 de la Tomasa. De toegang is gratis en reserveren is niet nodig. De meest recente gemeentelijke informatie noemt 21:30 als begintijd, hoewel een andere offici\u00eble pagina nog 21:00 vermeldt; het verstandigst is om v\u00f3\u00f3r dat tijdstip aan te komen.<\/p>\n<\/blockquote>\n<\/div><\/div><\/div><\/div><\/div><\/div><\/div><\/section><section class=\"l-section wpb_row height_huge\"><div class=\"l-section-h i-cf\"><div class=\"g-cols vc_row via_flex valign_top type_default stacking_default\"><div class=\"vc_col-sm-3 wpb_column vc_column_container\"><div class=\"vc_column-inner\"><div class=\"wpb_wrapper\"><\/div><\/div><\/div><div class=\"vc_col-sm-6 wpb_column vc_column_container\"><div class=\"vc_column-inner\"><div class=\"wpb_wrapper\"><div class=\"wpb_text_column\"><div class=\"wpb_wrapper\"><h2>Inhoud van deze gids<\/h2>\n<ul>\n<li><a href=\"#programa\">Programma en artiesten<\/a><\/li>\n<li><a href=\"#homenaje\">Eerbetoon aan Jos\u00e9 de la Tomasa<\/a><\/li>\n<li><a href=\"#entradas\">Tickets en toegang<\/a><\/li>\n<li><a href=\"#horario\">Tijdstip en offici\u00eble discrepantie<\/a><\/li>\n<li><a href=\"#lugar\">Locatie en aankomst<\/a><\/li>\n<li><a href=\"#bienal\">Relatie met de Bi\u00ebnnale<\/a><\/li>\n<li><a href=\"#consejos\">Praktische tips<\/a><\/li>\n<li><a href=\"#faq\">Veelgestelde vragen<\/a><\/li>\n<\/ul>\n<\/div><\/div><\/div><\/div><\/div><div class=\"vc_col-sm-3 wpb_column vc_column_container\"><div class=\"vc_column-inner\"><div class=\"wpb_wrapper\"><\/div><\/div><\/div><\/div><\/div><\/section><section class=\"l-section wpb_row height_huge color_alternate with_shape\"><div class=\"l-section-shape type_zigzag pos_top\" style=\"height:3vmin;\"><svg xmlns=\"http:\/\/www.w3.org\/2000\/svg\" viewBox=\"0 0 64 8\" preserveAspectRatio=\"none\" width=\"100%\" height=\"100%\">\r\n\t<path fill=\"currentColor\" d=\"M64 8 L0 8 L0 0 L20 7.9 L40 3 L48 5 L64 0 Z\"\/>\r\n<\/svg><\/div><div class=\"l-section-shape type_zigzag pos_bottom\" style=\"height:3vmin;\"><svg xmlns=\"http:\/\/www.w3.org\/2000\/svg\" viewBox=\"0 0 64 8\" preserveAspectRatio=\"none\" width=\"100%\" height=\"100%\">\r\n\t<path fill=\"currentColor\" d=\"M64 8 L0 8 L0 0 L20 7.9 L40 3 L48 5 L64 0 Z\"\/>\r\n<\/svg><\/div><div class=\"l-section-h i-cf\"><div class=\"g-cols vc_row via_flex valign_top type_default stacking_default\"><div class=\"vc_col-sm-6 wpb_column vc_column_container\"><div class=\"vc_column-inner\"><div class=\"wpb_wrapper\"><div class=\"wpb_text_column\"><div class=\"wpb_wrapper\"><h2 id=\"programa\">Programma van Macarena Flamenca 2026<\/h2>\n<p>Het programma brengt vier namen uit de flamencozang en \u00e9\u00e9n dansvoorstelling samen. Er is geen individuele tijdsvolgorde bekendgemaakt, dus het evenement moet worden gezien als \u00e9\u00e9n doorlopende gala-avond en niet als verschillende concerten met afzonderlijke toegang.<\/p>\n<h3>Potito, met Manuel Herrera<\/h3>\n<p>Antonio Vargas Cort\u00e9s, <strong>Potito<\/strong>, heeft een directe band met de Sevillaanse zigeunerflamencozang en een carri\u00e8re die is opgebouwd met recitals en samenwerkingen met grote namen. Op gitaar wordt hij begeleid door <strong>Manuel Herrera<\/strong>.<\/p>\n<h3>Antonio Reyes, met Nono Reyes<\/h3>\n<p><strong>Antonio Reyes<\/strong> is een van de meest gewaardeerde zangers van zijn generatie dankzij zijn gevoel voor comp\u00e1s, zijn zuiverheid en een manier van zingen die traditie en persoonlijkheid combineert. Hij wordt begeleid door <strong>Nono Reyes<\/strong>.<\/p>\n<\/div><\/div><\/div><\/div><\/div><div class=\"vc_col-sm-6 wpb_column vc_column_container\"><div class=\"vc_column-inner\"><div class=\"wpb_wrapper\"><div class=\"wpb_text_column\"><div class=\"wpb_wrapper\"><h3>Remedios Reyes, met Julio Romero<\/h3>\n<p>De zangeres uit Chiclana <strong>Remedios Reyes<\/strong> brengt een interpretatie op het podium die wordt gekenmerkt door expressieve kracht en grondige kennis van de cantes. Op gitaar wordt zij begeleid door <strong>Julio Romero<\/strong>.<\/p>\n<h3>Manuel de la Tomasa, met Nono Reyes<\/h3>\n<p>De aanwezigheid van <strong>Manuel de la Tomasa<\/strong> heeft een bijzondere betekenis op een avond die aan zijn grootvader is opgedragen. Hij vertegenwoordigt de familiecontinu\u00efteit van een belangrijke dynastie binnen de Sevillaanse flamencozang. Ook hij wordt begeleid door Nono Reyes.<\/p>\n<h3>Manuela Amador Carrasco en haar ensemble<\/h3>\n<p>De dans wordt vertegenwoordigd door <strong>Manuela Amador Carrasco<\/strong>, begeleid door <strong>Luis Amador<\/strong> op gitaar en <strong>Emilio Molina<\/strong> en <strong>Manuel Ta\u00f1\u00e9<\/strong> op zang. Hun deelname maakt een programma compleet dat draait om de wisselwerking tussen stem, gitaar, dans en comp\u00e1s.<\/p>\n<p>De artiesten en begeleiders zijn overgenomen uit het gepubliceerde programma. Zoals bij elk openluchtfestival kunnen de volgorde en het uiteindelijke verloop nog worden aangepast.<\/p>\n<\/div><\/div><\/div><\/div><\/div><\/div><\/div><\/section><section class=\"l-section wpb_row height_huge\"><div class=\"l-section-h i-cf\"><div class=\"g-cols vc_row via_flex valign_top type_default stacking_default\"><div class=\"vc_col-sm-6 wpb_column vc_column_container\"><div class=\"vc_column-inner\"><div class=\"wpb_wrapper\"><div class=\"wpb_text_column\"><div class=\"wpb_wrapper\"><h2 id=\"homenaje\">Een editie ter ere van Jos\u00e9 de la Tomasa<\/h2>\n<p>De rode draad van Macarena Flamenca 2026 is het eerbetoon aan <strong>Jos\u00e9 de la Tomasa<\/strong>, die door de gemeente wordt gepresenteerd als een sleutelfiguur van de Sevillaanse flamenco. Hij is geboren en opgegroeid in Sevilla en komt uit een familie die nauw verbonden is met de cante: hij is kleinzoon van Pepe Torre en zoon van Pies de Plomo en Tomasa Soto, al gaat zijn artistieke persoonlijkheid veel verder dan het gewicht van zijn afkomst.<\/p>\n<p>Zijn repertoire, zijn kennis van de stijlen en zijn werk in de overdracht van de traditie hebben hem tot een referentie gemaakt voor liefhebbers en artiesten. Tot zijn recente onderscheidingen behoren de Medaille van de Stad Sevilla, toegekend in 2023, en de Giraldillo Internacional Ciudad de Sevilla, ontvangen in 2024.<\/p>\n<p>De aanwezigheid van Manuel de la Tomasa versterkt het idee van continu\u00efteit. Traditie verschijnt hier als iets dat wordt geleerd, gedeeld en veranderd, niet als iets statisch.<\/p>\n<\/div><\/div><\/div><\/div><\/div><div class=\"vc_col-sm-6 wpb_column vc_column_container\"><div class=\"vc_column-inner\"><div class=\"wpb_wrapper\"><div class=\"wpb_text_column\"><div class=\"wpb_wrapper\"><h2>Treedt Jos\u00e9 de la Tomasa op?<\/h2>\n<p>De offici\u00eble communicatie presenteert de maestro als hoofdfiguur en gehuldigde, maar noemt geen volledig optreden door hem. Daarom is het niet verstandig een eigen optreden te garanderen. Het middelpunt van de avond is zijn persoon, zijn nalatenschap en de erkenning door de wijk, ongeacht of hij tijdens het evenement zelf optreedt.<\/p>\n<p>De opdracht heeft bovendien een lokale dimensie: het eerbetoon vindt plaats in het district Macarena, binnen een festival dat is opgezet om kunst naar de pleinen te brengen. Het verbindt artistieke herinnering, buurt en gemeenschap.<\/p>\n<p>Voor meer context over deze dagen kunt u onze gids raadplegen over <a href=\"https:\/\/www.tablaosflamencos.com\/bienal-flamenco-2026-antes-9-septiembre.html\">de evenementen van de Bi\u00ebnnale v\u00f3\u00f3r 9 september<\/a>.<\/p>\n<\/div><\/div><\/div><\/div><\/div><\/div><\/div><\/section><section class=\"l-section wpb_row height_huge color_alternate with_shape\"><div class=\"l-section-shape type_zigzag pos_top hor_flip\" style=\"height:3vmin;\"><svg xmlns=\"http:\/\/www.w3.org\/2000\/svg\" viewBox=\"0 0 64 8\" preserveAspectRatio=\"none\" width=\"100%\" height=\"100%\">\r\n\t<path fill=\"currentColor\" d=\"M64 8 L0 8 L0 0 L20 7.9 L40 3 L48 5 L64 0 Z\"\/>\r\n<\/svg><\/div><div class=\"l-section-shape type_zigzag pos_bottom\" style=\"height:3vmin;\"><svg xmlns=\"http:\/\/www.w3.org\/2000\/svg\" viewBox=\"0 0 64 8\" preserveAspectRatio=\"none\" width=\"100%\" height=\"100%\">\r\n\t<path fill=\"currentColor\" d=\"M64 8 L0 8 L0 0 L20 7.9 L40 3 L48 5 L64 0 Z\"\/>\r\n<\/svg><\/div><div class=\"l-section-h i-cf\"><div class=\"g-cols vc_row via_flex valign_top type_default stacking_default\"><div class=\"vc_col-sm-6 wpb_column vc_column_container\"><div class=\"vc_column-inner\"><div class=\"wpb_wrapper\"><div class=\"wpb_text_column\"><div class=\"wpb_wrapper\"><h2 id=\"entradas\">Tickets: het festival is gratis<\/h2>\n<p>Er zijn geen betaalde tickets voor Macarena Flamenca 2026. De gemeente kondigt <strong>vrije toegang<\/strong> aan en de Bi\u00ebnnale vermeldt de activiteit bij de gratis programmaonderdelen van Flamenco a pie de calle.<\/p>\n<ul>\n<li>U hoeft geen plaats te kopen.<\/li>\n<li>Er is geen offici\u00eble ticketverkoop.<\/li>\n<li>Er is geen voorafgaande reservering of afhaling van uitnodigingen aangekondigd.<\/li>\n<li>De toegang hangt af van de beschikbare ruimte.<\/li>\n<li>Vroeg komen vergroot de kans op een goede plek.<\/li>\n<\/ul>\n<p>Gratis toegang betekent niet dat een plaats gegarandeerd is. Als het publieksgebied zijn operationele capaciteit bereikt, kan de organisatie de toegang om veiligheidsredenen beperken.<\/p>\n<\/div><\/div><\/div><\/div><\/div><div class=\"vc_col-sm-6 wpb_column vc_column_container\"><div class=\"vc_column-inner\"><div class=\"wpb_wrapper\"><div class=\"wpb_text_column\"><div class=\"wpb_wrapper\"><h2>Moet ik reserveren?<\/h2>\n<p>Op het moment van de laatste update van deze gids <strong>is reserveren niet nodig<\/strong>. Er is ook geen offici\u00eble inschrijvingsprocedure. U hoeft alleen op tijd naar Plaza Virgen del Pilar te komen.<\/p>\n<p>Wees voorzichtig met websites die tickets voor deze gala-avond proberen te verkopen. De gemeentelijke informatie vermeldt het evenement als gratis. Eventuele wijzigingen zouden via de kanalen van de gemeente, het district Macarena of de Bi\u00ebnnale moeten worden gecommuniceerd.<\/p>\n<p>Het festival maakt deel uit van een week met meerdere gratis activiteiten. We hebben die verzameld in onze gids met <a href=\"https:\/\/www.tablaosflamencos.com\/bienal-flamenco-sevilla-2026-gratis.html\">gratis shows en activiteiten tijdens de Bi\u00ebnnale 2026<\/a>.<\/p>\n<\/div><\/div><\/div><\/div><\/div><\/div><\/div><\/section><section class=\"l-section wpb_row height_huge\"><div class=\"l-section-h i-cf\"><div class=\"g-cols vc_row via_flex valign_top type_default stacking_default\"><div class=\"vc_col-sm-6 wpb_column vc_column_container\"><div class=\"vc_column-inner\"><div class=\"wpb_wrapper\"><div class=\"wpb_text_column\"><div class=\"wpb_wrapper\"><h2 id=\"horario\">Begint het om 21:00 of om 21:30?<\/h2>\n<p>De offici\u00eble bronnen noemen niet exact dezelfde tijd. De <a href=\"https:\/\/www.sevilla.org\/distritos\/macarena\/eventos\/ii-festival-macarena-flamenca-2026\" target=\"_blank\" rel=\"noopener\">agenda van het district Macarena<\/a> vermeldt nog steeds <strong>21:00<\/strong>. Het <a href=\"https:\/\/www.sevilla.org\/actualidad\/noticias\/2026\/de-la-cultura-popular-al-flamenco-sevilla-despliega-una-nueva-semana-de-programacion-cultural\" target=\"_blank\" rel=\"noopener\">nieuwsbericht dat de gemeente op 4 september publiceerde<\/a>, dat recenter en uitvoeriger is, noemt echter <strong>21:30<\/strong>. Ook de Bi\u00ebnnale geeft 21:30 als begintijd.<\/p>\n<p>Het praktische advies is om v\u00f3\u00f3r 21:00 aan te komen. Zo is er voldoende tijd om het plein te vinden, de toegang te controleren en een plaats te bemachtigen, ongeacht welk tijdstip uiteindelijk wordt aangehouden.<\/p>\n<\/div><\/div><\/div><\/div><\/div><div class=\"vc_col-sm-6 wpb_column vc_column_container\"><div class=\"vc_column-inner\"><div class=\"wpb_wrapper\"><div class=\"wpb_text_column\"><div class=\"wpb_wrapper\"><h2 id=\"lugar\">Waar het festival plaatsvindt<\/h2>\n<p>Het podium staat op <strong>Plaza Virgen del Pilar<\/strong>, in de wijk <strong>La Barzola<\/strong>, in het district Macarena. De locatie mag niet worden verward met de Bas\u00edlica de la Macarena of met andere plekken in het historische centrum.<\/p>\n<p>Het is aan te raden de route vooraf te controleren, vanuit het centrum bij voorkeur het openbaar vervoer, een taxi of een VTC te nemen en tijd in te plannen voor het laatste stuk te voet. Respecteer ook de zones die door de organisatie zijn gereserveerd, de ingangen van bewoners en de noodroutes.<\/p>\n<p>Dat het evenement buiten theaters wordt gehouden, maakt deel uit van het karakter van het festival: voor \u00e9\u00e9n avond verandert een alledaagse plek in de wijk in een ontmoetingspunt voor artiesten, bewoners, liefhebbers en bezoekers.<\/p>\n<\/div><\/div><\/div><\/div><\/div><\/div><\/div><\/section><section class=\"l-section wpb_row height_huge color_alternate with_shape\"><div class=\"l-section-shape type_zigzag pos_top\" style=\"height:3vmin;\"><svg xmlns=\"http:\/\/www.w3.org\/2000\/svg\" viewBox=\"0 0 64 8\" preserveAspectRatio=\"none\" width=\"100%\" height=\"100%\">\r\n\t<path fill=\"currentColor\" d=\"M64 8 L0 8 L0 0 L20 7.9 L40 3 L48 5 L64 0 Z\"\/>\r\n<\/svg><\/div><div class=\"l-section-shape type_zigzag pos_bottom\" style=\"height:3vmin;\"><svg xmlns=\"http:\/\/www.w3.org\/2000\/svg\" viewBox=\"0 0 64 8\" preserveAspectRatio=\"none\" width=\"100%\" height=\"100%\">\r\n\t<path fill=\"currentColor\" d=\"M64 8 L0 8 L0 0 L20 7.9 L40 3 L48 5 L64 0 Z\"\/>\r\n<\/svg><\/div><div class=\"l-section-h i-cf\"><div class=\"g-cols vc_row via_flex valign_top type_default stacking_default\"><div class=\"vc_col-sm-6 wpb_column vc_column_container\"><div class=\"vc_column-inner\"><div class=\"wpb_wrapper\"><div class=\"wpb_text_column\"><div class=\"wpb_wrapper\"><h2 id=\"bienal\">Macarena Flamenca en de Bi\u00ebnnale van Sevilla<\/h2>\n<p>Het festival maakt deel uit van de activiteiten die voorafgaan aan de 24e Flamenco Bi\u00ebnnale van Sevilla. De offici\u00eble editie loopt van 9 september tot 3 oktober 2026, maar in de dagen ervoor zijn er al tentoonstellingen, optredens in wijken en film.<\/p>\n<p>Macarena Flamenca maakt deel uit van <em>Flamenco a pie de calle<\/em>, een van de nevenprogramma&#8217;s die zang, gitaar en dans naar open ruimtes in Sevilla brengt. De activiteit op de 5e combineert het format van een wijkfestival met een eerbetoon aan een historische figuur.<\/p>\n<p>Bekijk data, locaties en voorstellingen in onze <a href=\"https:\/\/www.tablaosflamencos.com\/bienal-flamenco-sevilla-2026.html\">complete gids voor de Flamenco Bi\u00ebnnale van Sevilla 2026<\/a>.<\/p>\n<\/div><\/div><\/div><\/div><\/div><div class=\"vc_col-sm-6 wpb_column vc_column_container\"><div class=\"vc_column-inner\"><div class=\"wpb_wrapper\"><div class=\"wpb_text_column\"><div class=\"wpb_wrapper\"><h2>Een jong festival met toekomst<\/h2>\n<p>Macarena Flamenca ontstond in 2025 op initiatief van het district Macarena. De tweede editie bevestigt de ambitie om een vaste afspraak met een eigen flamencoprogramma te worden.<\/p>\n<p>Het format brengt artiesten van hoog niveau dicht bij een breed publiek, geeft een wijkplein culturele activiteit en haalt de prijs als drempel weg. Tegelijk brengt een openluchtlocatie eigen uitdagingen mee: capaciteit, zicht, akoestiek en mogelijke weerswijzigingen.<\/p>\n<p>De waarde van het initiatief zit in die combinatie van nabijheid en kwaliteit. Het wil niet concurreren met het theater, maar een andere manier bieden om flamenco te beleven.<\/p>\n<\/div><\/div><\/div><\/div><\/div><\/div><\/div><\/section><section class=\"l-section wpb_row height_huge\"><div class=\"l-section-h i-cf\"><div class=\"g-cols vc_row via_flex valign_top type_default stacking_default\"><div class=\"vc_col-sm-6 wpb_column vc_column_container\"><div class=\"vc_column-inner\"><div class=\"wpb_wrapper\"><div class=\"wpb_text_column\"><div class=\"wpb_wrapper\"><h2 id=\"consejos\">Tips om van het festival te genieten<\/h2>\n<h3>Kom op tijd<\/h3>\n<p>Bij een verwachte start tussen 21:00 en 21:30 is het verstandig om v\u00f3\u00f3r 21:00 in de buurt te zijn. De vrije toegang en het ontbreken van genummerde zitplaatsen maken die extra tijd nuttig.<\/p>\n<h3>Bereid u voor op een openluchtvoorstelling<\/h3>\n<p>Bekijk de weersverwachting, neem water mee en kies geschikte kleding voor een verblijf op een plein. Neem niet meer ruimte in dan nodig.<\/p>\n<h3>Blijf stil tijdens de zang<\/h3>\n<p>Stilte helpt om nuances te horen en bevordert de communicatie tussen artiest en publiek. Zet mobiele telefoons op stil en zorg dat opnames het zicht van anderen niet belemmeren.<\/p>\n<\/div><\/div><\/div><\/div><\/div><div class=\"vc_col-sm-6 wpb_column vc_column_container\"><div class=\"vc_column-inner\"><div class=\"wpb_wrapper\"><div class=\"wpb_text_column\"><div class=\"wpb_wrapper\"><h2>Als u niet meer naar binnen kunt<\/h2>\n<p>Omdat dit een gratis activiteit is, kan een plaats niet worden gegarandeerd. Als u aankomt wanneer het publieksgebied vol is, volg dan de aanwijzingen en vermijd zones die de veiligheid of het samenleven met buurtbewoners kunnen hinderen.<\/p>\n<p>Sevilla heeft ook buiten deze gala-avond en de Bi\u00ebnnale een vast flamencoaanbod. Zoekt u een alternatief met een bevestigde tijd en gereserveerde plaats, bekijk dan onze selectie van <a href=\"https:\/\/www.tablaosflamencos.com\/flamenco-en-sevilla\">flamencoshows in Sevilla<\/a>.<\/p>\n<p>Macarena Flamenca is een eenmalige openbare en gratis activiteit; tablaos bieden een regelmatig professioneel programma en reservering vooraf. Beide formats bieden verschillende manieren om flamenco te beleven.<\/p>\n<\/div><\/div><\/div><\/div><\/div><\/div><\/div><\/section><section class=\"l-section wpb_row height_huge color_alternate with_shape\"><div class=\"l-section-shape type_zigzag pos_top hor_flip\" style=\"height:3vmin;\"><svg xmlns=\"http:\/\/www.w3.org\/2000\/svg\" viewBox=\"0 0 64 8\" preserveAspectRatio=\"none\" width=\"100%\" height=\"100%\">\r\n\t<path fill=\"currentColor\" d=\"M64 8 L0 8 L0 0 L20 7.9 L40 3 L48 5 L64 0 Z\"\/>\r\n<\/svg><\/div><div class=\"l-section-shape type_zigzag pos_bottom\" style=\"height:3vmin;\"><svg xmlns=\"http:\/\/www.w3.org\/2000\/svg\" viewBox=\"0 0 64 8\" preserveAspectRatio=\"none\" width=\"100%\" height=\"100%\">\r\n\t<path fill=\"currentColor\" d=\"M64 8 L0 8 L0 0 L20 7.9 L40 3 L48 5 L64 0 Z\"\/>\r\n<\/svg><\/div><div class=\"l-section-h i-cf\"><div class=\"g-cols vc_row via_flex valign_top type_default stacking_default\"><div class=\"vc_col-sm-12 wpb_column vc_column_container\"><div class=\"vc_column-inner\"><div class=\"wpb_wrapper\"><div class=\"wpb_text_column\"><div class=\"wpb_wrapper\"><h2 style=\"text-align: center;\">Praktische samenvatting<\/h2>\n<div style=\"overflow-x: auto;\">\n<table>\n<thead>\n<tr>\n<th>Vraag<\/th>\n<th>Antwoord<\/th>\n<\/tr>\n<\/thead>\n<tbody>\n<tr>\n<td>Wanneer?<\/td>\n<td>Zaterdag 5 september 2026.<\/td>\n<\/tr>\n<tr>\n<td>Waar?<\/td>\n<td>Plaza Virgen del Pilar, La Barzola, Sevilla.<\/td>\n<\/tr>\n<tr>\n<td>Hoe laat?<\/td>\n<td>De meest recente bron noemt 21:30; een andere offici\u00eble agenda vermeldt 21:00. Het is verstandig om v\u00f3\u00f3r 21:00 aan te komen.<\/td>\n<\/tr>\n<tr>\n<td>Wat kost het?<\/td>\n<td>Het is gratis.<\/td>\n<\/tr>\n<tr>\n<td>Moet ik reserveren?<\/td>\n<td>Er is geen reservering of uitnodiging aangekondigd.<\/td>\n<\/tr>\n<tr>\n<td>Wie wordt ge\u00eberd?<\/td>\n<td>Jos\u00e9 de la Tomasa.<\/td>\n<\/tr>\n<tr>\n<td>Wat omvat het programma?<\/td>\n<td>Flamencozang, gitaar, dans en palmas.<\/td>\n<\/tr>\n<\/tbody>\n<\/table>\n<\/div>\n<\/div><\/div><\/div><\/div><\/div><\/div><\/div><\/section><section class=\"l-section wpb_row height_huge\"><div class=\"l-section-h i-cf\"><div class=\"g-cols vc_row via_flex valign_top type_default stacking_default\"><div class=\"vc_col-sm-12 wpb_column vc_column_container\"><div class=\"vc_column-inner\"><div class=\"wpb_wrapper\"><div class=\"wpb_text_column\"><div class=\"wpb_wrapper\"><h2>Een avond van cante, herinnering en buurtgevoel<\/h2>\n<p>Macarena Flamenca 2026 combineert een betekenisvol eerbetoon met een eersteklas canteprogramma, dans en een plek die openstaat voor de wijk. Jos\u00e9 de la Tomasa brengt historische diepgang; Manuel de la Tomasa legt de verbinding tussen generaties; en Potito, Antonio Reyes en Remedios Reyes bieden verschillende perspectieven op de cante. Manuela Amador Carrasco maakt het programma compleet met dans.<\/p>\n<p>De gratis toegang maakt het evenement toegankelijk, maar vraagt wel om een goede planning van de aankomst. V\u00f3\u00f3r 21:00 aanwezig zijn is door de verschillende tijdsaanduidingen en de mogelijke drukte de veiligste keuze. Daarna hoeft u alleen nog maar te luisteren: voor \u00e9\u00e9n avond wordt het plein een flamencopodium.<\/p>\n<\/div><\/div><div class=\"w-separator size_medium\"><\/div><div class=\"w-hwrapper valign_top wrap align_center\" style=\"--hwrapper-gap:1.2rem\"><div class=\"w-btn-wrapper align_none\"><a class=\"w-btn us-btn-style_1\" href=\"\/?p=13027\"><span class=\"w-btn-label\">Bekijk de complete gids voor de Bi\u00ebnnale 2026<\/span><\/a><\/div><div class=\"w-btn-wrapper align_none\"><a class=\"w-btn us-btn-style_1\" href=\"\/?page_id=8549\"><span class=\"w-btn-label\">Ontdek flamenco in Sevilla<\/span><\/a><\/div><\/div><\/div><\/div><\/div><\/div><\/div><\/section><section class=\"l-section wpb_row height_huge color_alternate with_shape\"><div class=\"l-section-shape type_zigzag pos_top\" style=\"height:3vmin;\"><svg xmlns=\"http:\/\/www.w3.org\/2000\/svg\" viewBox=\"0 0 64 8\" preserveAspectRatio=\"none\" width=\"100%\" height=\"100%\">\r\n\t<path fill=\"currentColor\" d=\"M64 8 L0 8 L0 0 L20 7.9 L40 3 L48 5 L64 0 Z\"\/>\r\n<\/svg><\/div><div class=\"l-section-h i-cf\"><div class=\"g-cols vc_row via_flex valign_top type_default stacking_default\"><div class=\"vc_col-sm-1\/5 wpb_column vc_column_container\"><div class=\"vc_column-inner\"><div class=\"wpb_wrapper\"><\/div><\/div><\/div><div class=\"vc_col-sm-3\/5 wpb_column vc_column_container\"><div class=\"vc_column-inner\"><div class=\"wpb_wrapper\"><div class=\"wpb_text_column\"><div class=\"wpb_wrapper\"><h2 id=\"faq\">Veelgestelde vragen over Macarena Flamenca 2026<\/h2>\n<\/div><\/div><div class=\"w-separator size_medium\"><\/div><div class=\"w-tabs accordion toggle_style_1 has_scrolling\" style=\"--sections-title-size:inherit;--sections-gap:0.5rem;\"><div class=\"w-tabs-sections titles-align_none icon_chevron cpos_right\"><div class=\"w-tabs-section\" id=\"d49e\"><button type=\"button\" class=\"w-tabs-section-header\" aria-controls=\"content-d49e\" aria-expanded=\"false\"><div class=\"w-tabs-section-title\">Wanneer vindt Macarena Flamenca 2026 plaats?<\/div><div class=\"w-tabs-section-control\"><\/div><\/button><div  class=\"w-tabs-section-content\" id=\"content-d49e\"><div class=\"w-tabs-section-content-h i-cf\"><div class=\"wpb_text_column\"><div class=\"wpb_wrapper\"><p>Op zaterdag 5 september 2026 op Plaza Virgen del Pilar, in de Sevillaanse wijk La Barzola.<\/p>\n<\/div><\/div><\/div><\/div><\/div><div class=\"w-tabs-section\" id=\"h5d9\"><button type=\"button\" class=\"w-tabs-section-header\" aria-controls=\"content-h5d9\" aria-expanded=\"false\"><div class=\"w-tabs-section-title\">Hoe laat begint Macarena Flamenca?<\/div><div class=\"w-tabs-section-control\"><\/div><\/button><div  class=\"w-tabs-section-content\" id=\"content-h5d9\"><div class=\"w-tabs-section-content-h i-cf\"><div class=\"wpb_text_column\"><div class=\"wpb_wrapper\"><p>De meest recente gemeentelijke informatie en de Bi\u00ebnnale noemen 21:30, terwijl de agenda van het district Macarena nog 21:00 vermeldt. We raden aan om v\u00f3\u00f3r 21:00 aan te komen.<\/p>\n<\/div><\/div><\/div><\/div><\/div><div class=\"w-tabs-section\" id=\"i6ca\"><button type=\"button\" class=\"w-tabs-section-header\" aria-controls=\"content-i6ca\" aria-expanded=\"false\"><div class=\"w-tabs-section-title\">Moet ik tickets kopen voor Macarena Flamenca?<\/div><div class=\"w-tabs-section-control\"><\/div><\/button><div  class=\"w-tabs-section-content\" id=\"content-i6ca\"><div class=\"w-tabs-section-content-h i-cf\"><div class=\"wpb_text_column\"><div class=\"wpb_wrapper\"><p>Nee. Het festival heeft vrije en gratis toegang. Er is geen offici\u00eble ticketverkoop en er is geen voorafgaande reservering aangekondigd.<\/p>\n<\/div><\/div><\/div><\/div><\/div><div class=\"w-tabs-section\" id=\"s79f\"><button type=\"button\" class=\"w-tabs-section-header\" aria-controls=\"content-s79f\" aria-expanded=\"false\"><div class=\"w-tabs-section-title\">Garandeert gratis toegang een plaats?<\/div><div class=\"w-tabs-section-control\"><\/div><\/button><div  class=\"w-tabs-section-content\" id=\"content-s79f\"><div class=\"w-tabs-section-content-h i-cf\"><div class=\"wpb_text_column\"><div class=\"wpb_wrapper\"><p>Nee. De toegang hangt af van de beschikbare capaciteit en de aanwijzingen van de organisatie. Vroeg aankomen wordt aanbevolen.<\/p>\n<\/div><\/div><\/div><\/div><\/div><div class=\"w-tabs-section\" id=\"x868\"><button type=\"button\" class=\"w-tabs-section-header\" aria-controls=\"content-x868\" aria-expanded=\"false\"><div class=\"w-tabs-section-title\">Wie treden op tijdens Macarena Flamenca 2026?<\/div><div class=\"w-tabs-section-control\"><\/div><\/button><div  class=\"w-tabs-section-content\" id=\"content-x868\"><div class=\"w-tabs-section-content-h i-cf\"><div class=\"wpb_text_column\"><div class=\"wpb_wrapper\"><p>Op het programma staan Potito, Antonio Reyes, Remedios Reyes, Manuel de la Tomasa en Manuela Amador Carrasco, met begeleiding van Manuel Herrera, Nono Reyes, Julio Romero, Luis Amador, Emilio Molina en Manuel Ta\u00f1\u00e9.<\/p>\n<\/div><\/div><\/div><\/div><\/div><div class=\"w-tabs-section\" id=\"j93b\"><button type=\"button\" class=\"w-tabs-section-header\" aria-controls=\"content-j93b\" aria-expanded=\"false\"><div class=\"w-tabs-section-title\">Aan wie is het festival opgedragen?<\/div><div class=\"w-tabs-section-control\"><\/div><\/button><div  class=\"w-tabs-section-content\" id=\"content-j93b\"><div class=\"w-tabs-section-content-h i-cf\"><div class=\"wpb_text_column\"><div class=\"wpb_wrapper\"><p>De tweede editie eert Jos\u00e9 de la Tomasa voor zijn carri\u00e8re, zijn belang voor de Sevillaanse flamencozang en zijn werk in het doorgeven van de traditie.<\/p>\n<\/div><\/div><\/div><\/div><\/div><div class=\"w-tabs-section\" id=\"sa30\"><button type=\"button\" class=\"w-tabs-section-header\" aria-controls=\"content-sa30\" aria-expanded=\"false\"><div class=\"w-tabs-section-title\">Treedt Jos\u00e9 de la Tomasa op tijdens het eerbetoon?<\/div><div class=\"w-tabs-section-control\"><\/div><\/button><div  class=\"w-tabs-section-content\" id=\"content-sa30\"><div class=\"w-tabs-section-content-h i-cf\"><div class=\"wpb_text_column\"><div class=\"wpb_wrapper\"><p>De offici\u00eble bronnen presenteren hem als hoofdfiguur en gehuldigde, maar noemen geen volledig optreden door hem.<\/p>\n<\/div><\/div><\/div><\/div><\/div><div class=\"w-tabs-section\" id=\"daf6\"><button type=\"button\" class=\"w-tabs-section-header\" aria-controls=\"content-daf6\" aria-expanded=\"false\"><div class=\"w-tabs-section-title\">Waar ligt Plaza Virgen del Pilar?<\/div><div class=\"w-tabs-section-control\"><\/div><\/button><div  class=\"w-tabs-section-content\" id=\"content-daf6\"><div class=\"w-tabs-section-content-h i-cf\"><div class=\"wpb_text_column\"><div class=\"wpb_wrapper\"><p>Het plein ligt in de wijk La Barzola, binnen het district Macarena van Sevilla. Het mag niet worden verward met de Bas\u00edlica de la Macarena.<\/p>\n<\/div><\/div><\/div><\/div><\/div><div class=\"w-tabs-section\" id=\"kbb7\"><button type=\"button\" class=\"w-tabs-section-header\" aria-controls=\"content-kbb7\" aria-expanded=\"false\"><div class=\"w-tabs-section-title\">Maakt het deel uit van de Flamenco Bi\u00ebnnale?<\/div><div class=\"w-tabs-section-control\"><\/div><\/button><div  class=\"w-tabs-section-content\" id=\"content-kbb7\"><div class=\"w-tabs-section-content-h i-cf\"><div class=\"wpb_text_column\"><div class=\"wpb_wrapper\"><p>Ja. Het is verbonden met de activiteiten voorafgaand aan de Bi\u00ebnnale en met Flamenco a pie de calle van de 24e Flamenco Bi\u00ebnnale van Sevilla.<\/p>\n<\/div><\/div><\/div><\/div><\/div><div class=\"w-tabs-section\" id=\"oc75\"><button type=\"button\" class=\"w-tabs-section-header\" aria-controls=\"content-oc75\" aria-expanded=\"false\"><div class=\"w-tabs-section-title\">Wat gebeurt er als het regent of de tijd verandert?<\/div><div class=\"w-tabs-section-control\"><\/div><\/button><div  class=\"w-tabs-section-content\" id=\"content-oc75\"><div class=\"w-tabs-section-content-h i-cf\"><div class=\"wpb_text_column\"><div class=\"wpb_wrapper\"><p>Omdat het een openluchtevenement is, kunnen er wijzigingen plaatsvinden. Het is verstandig om op de dag zelf de kanalen van de gemeente, het district Macarena en de Bi\u00ebnnale te controleren.<\/p>\n<\/div><\/div><\/div><\/div><\/div><\/div><\/div><\/div><\/div><\/div><div class=\"vc_col-sm-1\/5 wpb_column vc_column_container\"><div class=\"vc_column-inner\"><div class=\"wpb_wrapper\"><\/div><\/div><\/div><\/div><\/div><\/section>\n","protected":false},"excerpt":{"rendered":"<p>Macarena Flamenca 2026 in Sevilla: programma, artiesten, eerbetoon aan Jos\u00e9 de la Tomasa, begintijd, locatie en gratis toegang.<\/p>\n","protected":false},"author":1,"featured_media":14653,"comment_status":"closed","ping_status":"closed","sticky":false,"template":"","format":"standard","meta":{"_acf_changed":false,"wpai_generated_summary":"","_ayudawp_aiss_exclude":false,"_ayudawp_aiss_exclude_summary":false,"_ayudawp_aiss_summary":"","_ayudawp_aiss_summary_provider":"","_ayudawp_aiss_summary_hash":"","footnotes":""},"categories":[1672],"tags":[1229,1230,1133,1423,1419,1949,423],"class_list":["post-14783","post","type-post","status-publish","format-standard","has-post-thumbnail","hentry","category-flamencofestivals","tag-bienal-de-flamenco","tag-festivales-flamencos","tag-flamenco-en-sevilla","tag-flamencodans","tag-flamencozang","tag-gratis-flamenco","tag-sevilla"],"acf":[],"yoast_head":"<!-- This site is optimized with the Yoast SEO Premium plugin v28.4 (Yoast SEO v28.4) - https:\/\/yoast.com\/product\/yoast-seo-premium-wordpress\/ -->\n<title>Macarena Flamenca 2026: programma, tijd en gratis toegang<\/title>\n<meta name=\"description\" content=\"Macarena Flamenca 2026 in Sevilla: programma, artiesten, eerbetoon aan Jos\u00e9 de la Tomasa, tijd, locatie en gratis toegang.\" \/>\n<meta name=\"robots\" content=\"index, follow, max-snippet:-1, max-image-preview:large, max-video-preview:-1\" \/>\n<link rel=\"canonical\" href=\"https:\/\/www.tablaosflamencos.com\/nl\/macarena-flamenca-2026-programma-tickets.html\" \/>\n<meta property=\"og:locale\" content=\"nl_NL\" \/>\n<meta property=\"og:type\" content=\"article\" \/>\n<meta property=\"og:title\" content=\"Macarena Flamenca 2026: programma, tickets en alles wat je moet weten\" \/>\n<meta property=\"og:description\" content=\"Macarena Flamenca 2026 in Sevilla: programma, artiesten, eerbetoon aan Jos\u00e9 de la Tomasa, tijd, locatie en gratis toegang.\" \/>\n<meta property=\"og:url\" content=\"https:\/\/www.tablaosflamencos.com\/nl\/macarena-flamenca-2026-programma-tickets.html\" \/>\n<meta property=\"og:site_name\" content=\"Tablaos Flamencos\" \/>\n<meta property=\"article:publisher\" content=\"https:\/\/www.facebook.com\/tablaosflamencos\" \/>\n<meta property=\"article:published_time\" content=\"2026-09-05T11:50:39+00:00\" \/>\n<meta property=\"article:modified_time\" content=\"2026-09-05T12:11:52+00:00\" \/>\n<meta property=\"og:image\" content=\"https:\/\/www.tablaosflamencos.com\/wp-content\/uploads\/macarena-flamenca-2026-programacion-entradas-y-todo-lo-que-necesitas-saber-01.webp\" \/>\n\t<meta property=\"og:image:width\" content=\"1672\" \/>\n\t<meta property=\"og:image:height\" content=\"941\" \/>\n\t<meta property=\"og:image:type\" content=\"image\/webp\" \/>\n<meta name=\"author\" content=\"Miguel Ortiz\" \/>\n<meta name=\"twitter:card\" content=\"summary_large_image\" \/>\n<meta name=\"twitter:creator\" content=\"@tablaosflamenco\" \/>\n<meta name=\"twitter:site\" content=\"@tablaosflamenco\" \/>\n<meta name=\"twitter:label1\" content=\"Geschreven door\" \/>\n\t<meta name=\"twitter:data1\" content=\"Miguel Ortiz\" \/>\n\t<meta name=\"twitter:label2\" content=\"Geschatte leestijd\" \/>\n\t<meta name=\"twitter:data2\" content=\"14 minuten\" \/>\n<script type=\"application\/ld+json\" class=\"yoast-schema-graph\">{\"@context\":\"https:\\\/\\\/schema.org\",\"@graph\":[{\"@type\":\"Article\",\"@id\":\"https:\\\/\\\/www.tablaosflamencos.com\\\/nl\\\/macarena-flamenca-2026-programma-tickets.html#article\",\"isPartOf\":{\"@id\":\"https:\\\/\\\/www.tablaosflamencos.com\\\/nl\\\/macarena-flamenca-2026-programma-tickets.html\"},\"author\":{\"name\":\"Miguel Ortiz\",\"@id\":\"https:\\\/\\\/www.tablaosflamencos.com\\\/nl#\\\/schema\\\/person\\\/e7a9ebe14eb75a52ceabfbffb3c54f5d\"},\"headline\":\"Macarena Flamenca 2026: programma, tickets en alles wat je moet weten\",\"datePublished\":\"2026-09-05T11:50:39+00:00\",\"dateModified\":\"2026-09-05T12:11:52+00:00\",\"mainEntityOfPage\":{\"@id\":\"https:\\\/\\\/www.tablaosflamencos.com\\\/nl\\\/macarena-flamenca-2026-programma-tickets.html\"},\"wordCount\":2810,\"publisher\":{\"@id\":\"https:\\\/\\\/www.tablaosflamencos.com\\\/nl#organization\"},\"image\":{\"@id\":\"https:\\\/\\\/www.tablaosflamencos.com\\\/nl\\\/macarena-flamenca-2026-programma-tickets.html#primaryimage\"},\"thumbnailUrl\":\"https:\\\/\\\/www.tablaosflamencos.com\\\/wp-content\\\/uploads\\\/macarena-flamenca-2026-programacion-entradas-y-todo-lo-que-necesitas-saber-01.webp\",\"keywords\":[\"Bienal de Flamenco\",\"festivales flamencos\",\"flamenco en Sevilla\",\"flamencodans\",\"flamencozang\",\"gratis flamenco\",\"sevilla\"],\"articleSection\":[\"Flamencofestivals\"],\"inLanguage\":\"nl-NL\"},{\"@type\":\"WebPage\",\"@id\":\"https:\\\/\\\/www.tablaosflamencos.com\\\/nl\\\/macarena-flamenca-2026-programma-tickets.html\",\"url\":\"https:\\\/\\\/www.tablaosflamencos.com\\\/nl\\\/macarena-flamenca-2026-programma-tickets.html\",\"name\":\"Macarena Flamenca 2026: programma, tijd en gratis toegang\",\"isPartOf\":{\"@id\":\"https:\\\/\\\/www.tablaosflamencos.com\\\/nl#website\"},\"primaryImageOfPage\":{\"@id\":\"https:\\\/\\\/www.tablaosflamencos.com\\\/nl\\\/macarena-flamenca-2026-programma-tickets.html#primaryimage\"},\"image\":{\"@id\":\"https:\\\/\\\/www.tablaosflamencos.com\\\/nl\\\/macarena-flamenca-2026-programma-tickets.html#primaryimage\"},\"thumbnailUrl\":\"https:\\\/\\\/www.tablaosflamencos.com\\\/wp-content\\\/uploads\\\/macarena-flamenca-2026-programacion-entradas-y-todo-lo-que-necesitas-saber-01.webp\",\"datePublished\":\"2026-09-05T11:50:39+00:00\",\"dateModified\":\"2026-09-05T12:11:52+00:00\",\"description\":\"Macarena Flamenca 2026 in Sevilla: programma, artiesten, eerbetoon aan Jos\u00e9 de la Tomasa, tijd, locatie en gratis toegang.\",\"breadcrumb\":{\"@id\":\"https:\\\/\\\/www.tablaosflamencos.com\\\/nl\\\/macarena-flamenca-2026-programma-tickets.html#breadcrumb\"},\"inLanguage\":\"nl-NL\",\"potentialAction\":[{\"@type\":\"ReadAction\",\"target\":[\"https:\\\/\\\/www.tablaosflamencos.com\\\/nl\\\/macarena-flamenca-2026-programma-tickets.html\"]}]},{\"@type\":\"ImageObject\",\"inLanguage\":\"nl-NL\",\"@id\":\"https:\\\/\\\/www.tablaosflamencos.com\\\/nl\\\/macarena-flamenca-2026-programma-tickets.html#primaryimage\",\"url\":\"https:\\\/\\\/www.tablaosflamencos.com\\\/wp-content\\\/uploads\\\/macarena-flamenca-2026-programacion-entradas-y-todo-lo-que-necesitas-saber-01.webp\",\"contentUrl\":\"https:\\\/\\\/www.tablaosflamencos.com\\\/wp-content\\\/uploads\\\/macarena-flamenca-2026-programacion-entradas-y-todo-lo-que-necesitas-saber-01.webp\",\"width\":1672,\"height\":941,\"caption\":\"Macarena Flamenca 2026: programaci\u00f3n, entradas y todo lo que necesitas saber\"},{\"@type\":\"BreadcrumbList\",\"@id\":\"https:\\\/\\\/www.tablaosflamencos.com\\\/nl\\\/macarena-flamenca-2026-programma-tickets.html#breadcrumb\",\"itemListElement\":[{\"@type\":\"ListItem\",\"position\":1,\"name\":\"Home\",\"item\":\"https:\\\/\\\/www.tablaosflamencos.com\\\/nl\"},{\"@type\":\"ListItem\",\"position\":2,\"name\":\"Macarena Flamenca 2026: programma, tickets en alles wat je moet weten\"}]},{\"@type\":\"WebSite\",\"@id\":\"https:\\\/\\\/www.tablaosflamencos.com\\\/nl#website\",\"url\":\"https:\\\/\\\/www.tablaosflamencos.com\\\/nl\",\"name\":\"Tablaos Flamencos\",\"description\":\"Entradas para tablaos flamencos de Espa\u00f1a\",\"publisher\":{\"@id\":\"https:\\\/\\\/www.tablaosflamencos.com\\\/nl#organization\"},\"alternateName\":\"Tablaos Flamencos\",\"potentialAction\":[{\"@type\":\"SearchAction\",\"target\":{\"@type\":\"EntryPoint\",\"urlTemplate\":\"https:\\\/\\\/www.tablaosflamencos.com\\\/nl?s={search_term_string}\"},\"query-input\":{\"@type\":\"PropertyValueSpecification\",\"valueRequired\":true,\"valueName\":\"search_term_string\"}}],\"inLanguage\":\"nl-NL\"},{\"@type\":[\"Organization\",\"Place\",\"EntertainmentBusiness\"],\"@id\":\"https:\\\/\\\/www.tablaosflamencos.com\\\/nl#organization\",\"name\":\"Tablaos Flamencos\",\"alternateName\":\"Tablaos Flamencos\",\"url\":\"https:\\\/\\\/www.tablaosflamencos.com\\\/nl\",\"logo\":{\"@id\":\"https:\\\/\\\/www.tablaosflamencos.com\\\/nl\\\/macarena-flamenca-2026-programma-tickets.html#local-main-organization-logo\"},\"image\":{\"@id\":\"https:\\\/\\\/www.tablaosflamencos.com\\\/nl\\\/macarena-flamenca-2026-programma-tickets.html#local-main-organization-logo\"},\"sameAs\":[\"https:\\\/\\\/www.facebook.com\\\/tablaosflamencos\",\"https:\\\/\\\/x.com\\\/tablaosflamenco\",\"https:\\\/\\\/mastodon.social\\\/@tablaosflamencos\",\"https:\\\/\\\/www.instagram.com\\\/tablaosflamencos\",\"https:\\\/\\\/tiktok.com\\\/@tablaosflamencos\",\"https:\\\/\\\/www.linkedin.com\\\/company\\\/109408238\\\/\"],\"description\":\"Venta de entradas para espect\u00e1culos flamencos\",\"legalName\":\"Tablaos Flamencos\",\"foundingDate\":\"2015-01-01\",\"numberOfEmployees\":{\"@type\":\"QuantitativeValue\",\"minValue\":\"1\",\"maxValue\":\"10\"},\"address\":{\"@id\":\"https:\\\/\\\/www.tablaosflamencos.com\\\/nl\\\/macarena-flamenca-2026-programma-tickets.html#local-main-place-address\"},\"geo\":{\"@type\":\"GeoCoordinates\",\"latitude\":\"37.3868072\",\"longitude\":\"-5.993280299999999\"},\"telephone\":[\"+34623787787\"],\"contactPoint\":{\"@type\":\"ContactPoint\",\"telephone\":\"+34623787787\",\"email\":\"info@tablaosflamencos.com\"},\"openingHoursSpecification\":{\"@type\":\"OpeningHoursSpecification\",\"dayOfWeek\":[\"Monday\",\"Tuesday\",\"Wednesday\",\"Thursday\",\"Friday\",\"Saturday\",\"Sunday\"],\"opens\":\"00:00\",\"closes\":\"23:59\"},\"email\":\"info@tablaosflamencos.com\",\"priceRange\":\"$$$\",\"currenciesAccepted\":\"\u20ac\"},{\"@type\":\"Person\",\"@id\":\"https:\\\/\\\/www.tablaosflamencos.com\\\/nl#\\\/schema\\\/person\\\/e7a9ebe14eb75a52ceabfbffb3c54f5d\",\"name\":\"Miguel Ortiz\",\"description\":\"Miguel Ortiz es un empresario flamenco, con una s\u00f3lida trayectoria dentro del sector. Ha presidido entidades culturales vinculadas al flamenco y, cuenta con un amplio recorrido profesional en la gesti\u00f3n y promoci\u00f3n de espect\u00e1culos y tablaos flamencos. Su pasi\u00f3n por la historia y el arte flamenco se refleja en cada art\u00edculo, donde combina experiencia, criterio y un profundo respeto por la tradici\u00f3n.\",\"sameAs\":[\"https:\\\/\\\/www.tablaosflamencos.com\",\"https:\\\/\\\/www.instagra.com\\\/miguelortizfe\",\"https:\\\/\\\/www.linkedin.com\\\/in\\\/miguelortizf\\\/\"],\"birthDate\":\"1984-11-22\",\"gender\":\"hombre\",\"knowsLanguage\":[\"espa\u00f1ol\",\"ingl\u00e9s\"],\"jobTitle\":\"Empresario flamenco\"},{\"@type\":\"PostalAddress\",\"@id\":\"https:\\\/\\\/www.tablaosflamencos.com\\\/nl\\\/macarena-flamenca-2026-programma-tickets.html#local-main-place-address\",\"streetAddress\":\"C\\\/ Alemanes, 19\",\"addressLocality\":\"Sevilla\",\"postalCode\":\"41004\",\"addressRegion\":\"Sevilla\",\"addressCountry\":\"ES\"},{\"@type\":\"ImageObject\",\"inLanguage\":\"nl-NL\",\"@id\":\"https:\\\/\\\/www.tablaosflamencos.com\\\/nl\\\/macarena-flamenca-2026-programma-tickets.html#local-main-organization-logo\",\"url\":\"https:\\\/\\\/www.tablaosflamencos.com\\\/wp-content\\\/uploads\\\/tablaos-flamencos-06-3.webp\",\"contentUrl\":\"https:\\\/\\\/www.tablaosflamencos.com\\\/wp-content\\\/uploads\\\/tablaos-flamencos-06-3.webp\",\"width\":600,\"height\":620,\"caption\":\"Tablaos Flamencos\"}]}<\/script>\n<meta name=\"geo.placename\" content=\"Sevilla\" \/>\n<meta name=\"geo.position\" content=\"37.3868072;-5.993280299999999\" \/>\n<meta name=\"geo.region\" content=\"Spanje\" \/>\n<!-- \/ Yoast SEO Premium plugin. -->","yoast_head_json":{"title":"Macarena Flamenca 2026: programma, tijd en gratis toegang","description":"Macarena Flamenca 2026 in Sevilla: programma, artiesten, eerbetoon aan Jos\u00e9 de la Tomasa, tijd, locatie en gratis toegang.","robots":{"index":"index","follow":"follow","max-snippet":"max-snippet:-1","max-image-preview":"max-image-preview:large","max-video-preview":"max-video-preview:-1"},"canonical":"https:\/\/www.tablaosflamencos.com\/nl\/macarena-flamenca-2026-programma-tickets.html","og_locale":"nl_NL","og_type":"article","og_title":"Macarena Flamenca 2026: programma, tickets en alles wat je moet weten","og_description":"Macarena Flamenca 2026 in Sevilla: programma, artiesten, eerbetoon aan Jos\u00e9 de la Tomasa, tijd, locatie en gratis toegang.","og_url":"https:\/\/www.tablaosflamencos.com\/nl\/macarena-flamenca-2026-programma-tickets.html","og_site_name":"Tablaos Flamencos","article_publisher":"https:\/\/www.facebook.com\/tablaosflamencos","article_published_time":"2026-09-05T11:50:39+00:00","article_modified_time":"2026-09-05T12:11:52+00:00","og_image":[{"width":1672,"height":941,"url":"https:\/\/www.tablaosflamencos.com\/wp-content\/uploads\/macarena-flamenca-2026-programacion-entradas-y-todo-lo-que-necesitas-saber-01.webp","type":"image\/webp"}],"author":"Miguel Ortiz","twitter_card":"summary_large_image","twitter_creator":"@tablaosflamenco","twitter_site":"@tablaosflamenco","twitter_misc":{"Geschreven door":"Miguel Ortiz","Geschatte leestijd":"14 minuten"},"schema":{"@context":"https:\/\/schema.org","@graph":[{"@type":"Article","@id":"https:\/\/www.tablaosflamencos.com\/nl\/macarena-flamenca-2026-programma-tickets.html#article","isPartOf":{"@id":"https:\/\/www.tablaosflamencos.com\/nl\/macarena-flamenca-2026-programma-tickets.html"},"author":{"name":"Miguel Ortiz","@id":"https:\/\/www.tablaosflamencos.com\/nl#\/schema\/person\/e7a9ebe14eb75a52ceabfbffb3c54f5d"},"headline":"Macarena Flamenca 2026: programma, tickets en alles wat je moet weten","datePublished":"2026-09-05T11:50:39+00:00","dateModified":"2026-09-05T12:11:52+00:00","mainEntityOfPage":{"@id":"https:\/\/www.tablaosflamencos.com\/nl\/macarena-flamenca-2026-programma-tickets.html"},"wordCount":2810,"publisher":{"@id":"https:\/\/www.tablaosflamencos.com\/nl#organization"},"image":{"@id":"https:\/\/www.tablaosflamencos.com\/nl\/macarena-flamenca-2026-programma-tickets.html#primaryimage"},"thumbnailUrl":"https:\/\/www.tablaosflamencos.com\/wp-content\/uploads\/macarena-flamenca-2026-programacion-entradas-y-todo-lo-que-necesitas-saber-01.webp","keywords":["Bienal de Flamenco","festivales flamencos","flamenco en Sevilla","flamencodans","flamencozang","gratis flamenco","sevilla"],"articleSection":["Flamencofestivals"],"inLanguage":"nl-NL"},{"@type":"WebPage","@id":"https:\/\/www.tablaosflamencos.com\/nl\/macarena-flamenca-2026-programma-tickets.html","url":"https:\/\/www.tablaosflamencos.com\/nl\/macarena-flamenca-2026-programma-tickets.html","name":"Macarena Flamenca 2026: programma, tijd en gratis toegang","isPartOf":{"@id":"https:\/\/www.tablaosflamencos.com\/nl#website"},"primaryImageOfPage":{"@id":"https:\/\/www.tablaosflamencos.com\/nl\/macarena-flamenca-2026-programma-tickets.html#primaryimage"},"image":{"@id":"https:\/\/www.tablaosflamencos.com\/nl\/macarena-flamenca-2026-programma-tickets.html#primaryimage"},"thumbnailUrl":"https:\/\/www.tablaosflamencos.com\/wp-content\/uploads\/macarena-flamenca-2026-programacion-entradas-y-todo-lo-que-necesitas-saber-01.webp","datePublished":"2026-09-05T11:50:39+00:00","dateModified":"2026-09-05T12:11:52+00:00","description":"Macarena Flamenca 2026 in Sevilla: programma, artiesten, eerbetoon aan Jos\u00e9 de la Tomasa, tijd, locatie en gratis toegang.","breadcrumb":{"@id":"https:\/\/www.tablaosflamencos.com\/nl\/macarena-flamenca-2026-programma-tickets.html#breadcrumb"},"inLanguage":"nl-NL","potentialAction":[{"@type":"ReadAction","target":["https:\/\/www.tablaosflamencos.com\/nl\/macarena-flamenca-2026-programma-tickets.html"]}]},{"@type":"ImageObject","inLanguage":"nl-NL","@id":"https:\/\/www.tablaosflamencos.com\/nl\/macarena-flamenca-2026-programma-tickets.html#primaryimage","url":"https:\/\/www.tablaosflamencos.com\/wp-content\/uploads\/macarena-flamenca-2026-programacion-entradas-y-todo-lo-que-necesitas-saber-01.webp","contentUrl":"https:\/\/www.tablaosflamencos.com\/wp-content\/uploads\/macarena-flamenca-2026-programacion-entradas-y-todo-lo-que-necesitas-saber-01.webp","width":1672,"height":941,"caption":"Macarena Flamenca 2026: programaci\u00f3n, entradas y todo lo que necesitas saber"},{"@type":"BreadcrumbList","@id":"https:\/\/www.tablaosflamencos.com\/nl\/macarena-flamenca-2026-programma-tickets.html#breadcrumb","itemListElement":[{"@type":"ListItem","position":1,"name":"Home","item":"https:\/\/www.tablaosflamencos.com\/nl"},{"@type":"ListItem","position":2,"name":"Macarena Flamenca 2026: programma, tickets en alles wat je moet weten"}]},{"@type":"WebSite","@id":"https:\/\/www.tablaosflamencos.com\/nl#website","url":"https:\/\/www.tablaosflamencos.com\/nl","name":"Tablaos Flamencos","description":"Entradas para tablaos flamencos de Espa\u00f1a","publisher":{"@id":"https:\/\/www.tablaosflamencos.com\/nl#organization"},"alternateName":"Tablaos Flamencos","potentialAction":[{"@type":"SearchAction","target":{"@type":"EntryPoint","urlTemplate":"https:\/\/www.tablaosflamencos.com\/nl?s={search_term_string}"},"query-input":{"@type":"PropertyValueSpecification","valueRequired":true,"valueName":"search_term_string"}}],"inLanguage":"nl-NL"},{"@type":["Organization","Place","EntertainmentBusiness"],"@id":"https:\/\/www.tablaosflamencos.com\/nl#organization","name":"Tablaos Flamencos","alternateName":"Tablaos Flamencos","url":"https:\/\/www.tablaosflamencos.com\/nl","logo":{"@id":"https:\/\/www.tablaosflamencos.com\/nl\/macarena-flamenca-2026-programma-tickets.html#local-main-organization-logo"},"image":{"@id":"https:\/\/www.tablaosflamencos.com\/nl\/macarena-flamenca-2026-programma-tickets.html#local-main-organization-logo"},"sameAs":["https:\/\/www.facebook.com\/tablaosflamencos","https:\/\/x.com\/tablaosflamenco","https:\/\/mastodon.social\/@tablaosflamencos","https:\/\/www.instagram.com\/tablaosflamencos","https:\/\/tiktok.com\/@tablaosflamencos","https:\/\/www.linkedin.com\/company\/109408238\/"],"description":"Venta de entradas para espect\u00e1culos flamencos","legalName":"Tablaos Flamencos","foundingDate":"2015-01-01","numberOfEmployees":{"@type":"QuantitativeValue","minValue":"1","maxValue":"10"},"address":{"@id":"https:\/\/www.tablaosflamencos.com\/nl\/macarena-flamenca-2026-programma-tickets.html#local-main-place-address"},"geo":{"@type":"GeoCoordinates","latitude":"37.3868072","longitude":"-5.993280299999999"},"telephone":["+34623787787"],"contactPoint":{"@type":"ContactPoint","telephone":"+34623787787","email":"info@tablaosflamencos.com"},"openingHoursSpecification":{"@type":"OpeningHoursSpecification","dayOfWeek":["Monday","Tuesday","Wednesday","Thursday","Friday","Saturday","Sunday"],"opens":"00:00","closes":"23:59"},"email":"info@tablaosflamencos.com","priceRange":"$$$","currenciesAccepted":"\u20ac"},{"@type":"Person","@id":"https:\/\/www.tablaosflamencos.com\/nl#\/schema\/person\/e7a9ebe14eb75a52ceabfbffb3c54f5d","name":"Miguel Ortiz","description":"Miguel Ortiz es un empresario flamenco, con una s\u00f3lida trayectoria dentro del sector. Ha presidido entidades culturales vinculadas al flamenco y, cuenta con un amplio recorrido profesional en la gesti\u00f3n y promoci\u00f3n de espect\u00e1culos y tablaos flamencos. Su pasi\u00f3n por la historia y el arte flamenco se refleja en cada art\u00edculo, donde combina experiencia, criterio y un profundo respeto por la tradici\u00f3n.","sameAs":["https:\/\/www.tablaosflamencos.com","https:\/\/www.instagra.com\/miguelortizfe","https:\/\/www.linkedin.com\/in\/miguelortizf\/"],"birthDate":"1984-11-22","gender":"hombre","knowsLanguage":["espa\u00f1ol","ingl\u00e9s"],"jobTitle":"Empresario flamenco"},{"@type":"PostalAddress","@id":"https:\/\/www.tablaosflamencos.com\/nl\/macarena-flamenca-2026-programma-tickets.html#local-main-place-address","streetAddress":"C\/ Alemanes, 19","addressLocality":"Sevilla","postalCode":"41004","addressRegion":"Sevilla","addressCountry":"ES"},{"@type":"ImageObject","inLanguage":"nl-NL","@id":"https:\/\/www.tablaosflamencos.com\/nl\/macarena-flamenca-2026-programma-tickets.html#local-main-organization-logo","url":"https:\/\/www.tablaosflamencos.com\/wp-content\/uploads\/tablaos-flamencos-06-3.webp","contentUrl":"https:\/\/www.tablaosflamencos.com\/wp-content\/uploads\/tablaos-flamencos-06-3.webp","width":600,"height":620,"caption":"Tablaos Flamencos"}]},"geo.placename":"Sevilla","geo.position":{"lat":"37.3868072","long":"-5.993280299999999"},"geo.region":"Spanje"},"_links":{"self":[{"href":"https:\/\/www.tablaosflamencos.com\/nl\/wp-json\/wp\/v2\/posts\/14783","targetHints":{"allow":["GET"]}}],"collection":[{"href":"https:\/\/www.tablaosflamencos.com\/nl\/wp-json\/wp\/v2\/posts"}],"about":[{"href":"https:\/\/www.tablaosflamencos.com\/nl\/wp-json\/wp\/v2\/types\/post"}],"author":[{"embeddable":true,"href":"https:\/\/www.tablaosflamencos.com\/nl\/wp-json\/wp\/v2\/users\/1"}],"replies":[{"embeddable":true,"href":"https:\/\/www.tablaosflamencos.com\/nl\/wp-json\/wp\/v2\/comments?post=14783"}],"version-history":[{"count":1,"href":"https:\/\/www.tablaosflamencos.com\/nl\/wp-json\/wp\/v2\/posts\/14783\/revisions"}],"predecessor-version":[{"id":14811,"href":"https:\/\/www.tablaosflamencos.com\/nl\/wp-json\/wp\/v2\/posts\/14783\/revisions\/14811"}],"wp:featuredmedia":[{"embeddable":true,"href":"https:\/\/www.tablaosflamencos.com\/nl\/wp-json\/wp\/v2\/media\/14653"}],"wp:attachment":[{"href":"https:\/\/www.tablaosflamencos.com\/nl\/wp-json\/wp\/v2\/media?parent=14783"}],"wp:term":[{"taxonomy":"category","embeddable":true,"href":"https:\/\/www.tablaosflamencos.com\/nl\/wp-json\/wp\/v2\/categories?post=14783"},{"taxonomy":"post_tag","embeddable":true,"href":"https:\/\/www.tablaosflamencos.com\/nl\/wp-json\/wp\/v2\/tags?post=14783"}],"curies":[{"name":"wp","href":"https:\/\/api.w.org\/{rel}","templated":true}]}}