{"id":14728,"date":"2026-09-05T12:21:41","date_gmt":"2026-09-05T10:21:41","guid":{"rendered":"https:\/\/www.tablaosflamencos.com\/?p=14728"},"modified":"2026-09-05T12:56:24","modified_gmt":"2026-09-05T10:56:24","slug":"wat-te-doen-sevilla-tijdens-flamencobiennale-2026","status":"publish","type":"post","link":"https:\/\/www.tablaosflamencos.com\/nl\/wat-te-doen-sevilla-tijdens-flamencobiennale-2026.html","title":{"rendered":"Wat te doen in Sevilla tijdens de Flamencobi\u00ebnnale 2026"},"content":{"rendered":"<section class=\"l-section wpb_row height_huge\"><div class=\"l-section-h i-cf\"><div class=\"g-cols vc_row via_flex valign_middle type_default stacking_default\"><div class=\"vc_col-sm-6 wpb_column vc_column_container\"><div class=\"vc_column-inner\"><div class=\"wpb_wrapper\"><div class=\"wpb_text_column\"><div class=\"wpb_wrapper\"><h2>Sevilla tijdens de Bi\u00ebnnale: veel meer dan van de ene voorstelling naar de andere gaan<\/h2>\n<p>De <strong>Flamencobi\u00ebnnale van Sevilla 2026<\/strong> loopt van <strong>9 september tot en met 3 oktober<\/strong> en in die weken krijgt de stad een ander ritme. Grote theaters, historische locaties en openluchtpodia bieden een uitzonderlijk programma. Maar wie alleen voor de voorstellingen komt en weer vertrekt, mist een belangrijk deel van de ervaring.<\/p>\n<p>De Bi\u00ebnnale beleeft u ook \u2019s ochtends, tussen twee voorstellingen en na het laatste optreden. Er zijn gratis tentoonstellingen, flamenco op straat, wijken die verbonden zijn met de geschiedenis van deze kunst, markten, terrassen, monumenten, wandelingen langs de Guadalquivir en een vast aanbod van tablaos dat onafhankelijk van het offici\u00eble programma doorgaat.<\/p>\n<p>Deze gids is bedoeld voor bezoekers die Sevilla tijdens de Bi\u00ebnnale willen ontdekken en een volledige dag willen plannen: <strong>wat u v\u00f3\u00f3r een voorstelling kunt doen, hoe u de uren tussen optredens benut en waar u uw flamencoavond kunt voortzetten<\/strong>.<\/p>\n<\/div><\/div><\/div><\/div><\/div><div class=\"vc_col-sm-6 wpb_column vc_column_container\"><div class=\"vc_column-inner\"><div class=\"wpb_wrapper\"><div class=\"wpb_text_column\"><div class=\"wpb_wrapper\"><blockquote>\n<p style=\"margin: 0;\"><strong>In het kort:<\/strong> tijdens de Flamencobi\u00ebnnale 2026 kunt u het offici\u00eble programma combineren met de gratis tentoonstelling <em>La noche azul<\/em>, activiteiten van \u2018Otras perlas\u2019, wandelingen door Triana en het historische centrum, bezoeken aan het Real Alc\u00e1zar, de kathedraal of Plaza de Espa\u00f1a, Sevilliaanse gastronomie en flamencoshows buiten het offici\u00eble programma. De sleutel is om uw dag per stadsdeel te plannen en onnodige verplaatsingen te vermijden.<\/p>\n<\/blockquote>\n<\/div><\/div><\/div><\/div><\/div><\/div><\/div><\/section><section class=\"l-section wpb_row height_huge\"><div class=\"l-section-h i-cf\"><div class=\"g-cols vc_row via_flex valign_top type_default stacking_default\"><div class=\"vc_col-sm-3 wpb_column vc_column_container\"><div class=\"vc_column-inner\"><div class=\"wpb_wrapper\"><\/div><\/div><\/div><div class=\"vc_col-sm-6 wpb_column vc_column_container\"><div class=\"vc_column-inner\"><div class=\"wpb_wrapper\"><div class=\"wpb_text_column\"><div class=\"wpb_wrapper\"><h2>Wat te doen in Sevilla tijdens de Flamencobi\u00ebnnale 2026<\/h2>\n<ul>\n<li><a href=\"#manana\">Wat te doen in de ochtend<\/a><\/li>\n<li><a href=\"#otras-perlas\">Nevenactiviteiten van de Bi\u00ebnnale<\/a><\/li>\n<li><a href=\"#barrios\">Wijken die een wandeling waard zijn<\/a><\/li>\n<li><a href=\"#entre-espectaculos\">Wat te doen tussen twee voorstellingen<\/a><\/li>\n<li><a href=\"#comer\">Sevilliaanse gastronomie in uw dagplanning<\/a><\/li>\n<li><a href=\"#noche\">Uw avond voortzetten na een voorstelling van de Bi\u00ebnnale<\/a><\/li>\n<li><a href=\"#itinerarios\">Drie praktische dagroutes<\/a><\/li>\n<li><a href=\"#consejos\">Tips voor het plannen van uw verblijf<\/a><\/li>\n<li><a href=\"#faq\">Veelgestelde vragen<\/a><\/li>\n<\/ul>\n<p>Als u nog kiest welke voorstellingen u wilt bezoeken, raadpleeg dan eerst onze <a href=\"https:\/\/www.tablaosflamencos.com\/nl\/flamenco-biennale-sevilla-2026.html\"><strong>complete gids voor de Flamencobi\u00ebnnale van Sevilla 2026<\/strong><\/a>, met het programma, de data en de locaties.<\/p>\n<\/div><\/div><\/div><\/div><\/div><div class=\"vc_col-sm-3 wpb_column vc_column_container\"><div class=\"vc_column-inner\"><div class=\"wpb_wrapper\"><\/div><\/div><\/div><\/div><\/div><\/section><section class=\"l-section wpb_row height_huge color_alternate with_shape\"><div class=\"l-section-shape type_zigzag pos_top hor_flip\" style=\"height:3vmin;\"><svg xmlns=\"http:\/\/www.w3.org\/2000\/svg\" viewBox=\"0 0 64 8\" preserveAspectRatio=\"none\" width=\"100%\" height=\"100%\">\r\n\t<path fill=\"currentColor\" d=\"M64 8 L0 8 L0 0 L20 7.9 L40 3 L48 5 L64 0 Z\"\/>\r\n<\/svg><\/div><div class=\"l-section-shape type_zigzag pos_bottom\" style=\"height:3vmin;\"><svg xmlns=\"http:\/\/www.w3.org\/2000\/svg\" viewBox=\"0 0 64 8\" preserveAspectRatio=\"none\" width=\"100%\" height=\"100%\">\r\n\t<path fill=\"currentColor\" d=\"M64 8 L0 8 L0 0 L20 7.9 L40 3 L48 5 L64 0 Z\"\/>\r\n<\/svg><\/div><div class=\"l-section-h i-cf\"><div class=\"g-cols vc_row via_flex valign_top type_default stacking_default\"><div class=\"vc_col-sm-12 wpb_column vc_column_container\"><div class=\"vc_column-inner\"><div class=\"wpb_wrapper\"><div class=\"wpb_text_column\"><div class=\"wpb_wrapper\"><h2 id=\"manana\">In de ochtend: Sevilla voordat de flamenco begint<\/h2>\n<p>De meeste podiumvoorstellingen van de Bi\u00ebnnale vinden \u2019s middags en \u2019s avonds plaats, al zijn er ook matinees en speciale activiteiten. Daardoor blijven veel ochtenden vrij om Sevilla te ontdekken zonder de shows te missen.<\/p>\n<h3>Real Alc\u00e1zar en de wijk Santa Cruz<\/h3>\n<p>Het Real Alc\u00e1zar is tijdens deze editie extra interessant omdat het ook een locatie van de Bi\u00ebnnale is. Een bezoek in de ochtend helpt u het historische karakter te begrijpen van een programma dat monumentale gebouwen als podium gebruikt.<\/p>\n<p>Daarna kunt u Santa Cruz verkennen, naar de kathedraal en de Giralda wandelen en verdergaan naar het Archivo de Indias. Deze bezienswaardigheden liggen op korte loopafstand van verschillende vaste Bi\u00ebnnalelocaties. Dat is handig wanneer u \u2019s middags een voorstelling in het centrum bezoekt.<\/p>\n<p>Voor het specifieke programma in dit monument hebben we een gids over <a href=\"https:\/\/www.tablaosflamencos.com\/nl\/flamenco-real-alcazar-flamencobiennale-sevilla-2026.html\"><strong>flamenco in het Real Alc\u00e1zar tijdens de Bi\u00ebnnale 2026<\/strong><\/a>.<\/p>\n<h3>Plaza de Espa\u00f1a en het Mar\u00eda Luisa-park<\/h3>\n<p>Een andere eenvoudige invulling van de ochtend is een wandeling door het Mar\u00eda Luisa-park en over Plaza de Espa\u00f1a. Dit gebied is bijzonder praktisch als u later een voorstelling in het Teatro Lope de Vega bezoekt, dat naast het park ligt.<\/p>\n<p>Het voordeel van een dagplanning rond de locatie van die avond is duidelijk: het centrum van Sevilla is goed te voet te verkennen, maar onnodige verplaatsingen kunnen vermoeiend zijn wanneer u nog meerdere uren aan voorstellingen voor de boeg heeft.<\/p>\n<\/div><\/div><\/div><\/div><\/div><\/div><\/div><\/section><section class=\"l-section wpb_row height_huge\"><div class=\"l-section-h i-cf\"><div class=\"g-cols vc_row via_flex valign_top type_default stacking_default\"><div class=\"vc_col-sm-12 wpb_column vc_column_container\"><div class=\"vc_column-inner\"><div class=\"wpb_wrapper\"><div class=\"wpb_text_column\"><div class=\"wpb_wrapper\"><h2 id=\"otras-perlas\">Benut \u2018Otras perlas\u2019: de Bi\u00ebnnale buiten de theaters<\/h2>\n<p>Het offici\u00eble nevenprogramma van 2026 wordt gepresenteerd onder de naam <strong>\u2018Otras perlas\u2019<\/strong> en omvat tentoonstellingen, straatoptredens, gezinsactiviteiten en andere culturele initiatieven. Het is een van de beste manieren om de uren tussen voorstellingen te vullen zonder de wereld van de flamenco te verlaten.<\/p>\n<h3>La noche azul: een gratis tentoonstelling over \u00d3pera Flamenca<\/h3>\n<p>Van <strong>2 september tot en met 22 november 2026<\/strong>: in de Real F\u00e1brica de Artiller\u00eda is de volgende tentoonstelling te zien: <em>La noche azul. \u00d3pera Flamenca en la colecci\u00f3n de Carlos Mart\u00edn Ballester<\/em>. De tentoonstelling brengt honderden documenten, affiches, platen, grammofoons, foto\u2019s en andere materialen samen over de opkomst van \u00d3pera Flamenca in de eerste helft van de twintigste eeuw.<\/p>\n<p>De toegang is gratis zolang er plaats is. De door de gemeente aangekondigde openingstijden zijn maandag tot en met zaterdag van 10:00 tot 20:00 uur en zondag van 10:00 tot 14:00 uur. Een bezoek in de ochtend of vroege middag is bijzonder aan te raden, omdat u zich kunt verdiepen in de geschiedenis van de cante voordat u live flamenco beluistert.<\/p>\n<p>Meer informatie vindt u in onze gids over <a href=\"https:\/\/www.tablaosflamencos.com\/nl\/de-blauwe-nacht-flamenco-opera-biennale-sevilla-2026.html\"><strong>La noche azul<\/strong><\/a>.<\/p>\n<h3>Flamenco op straat<\/h3>\n<p>De Bi\u00ebnnale brengt een deel van het programma ook naar pleinen en buitenruimtes. Deze activiteiten bieden een ontmoeting met flamenco buiten het gebruikelijke voorstellingsformat en verbinden het festival met verschillende wijken van Sevilla.<\/p>\n<p>Het nevenprogramma omvat daarnaast initiatieven zoals de rondreizende installatie <strong>\u2018Sala de revelado\u2019<\/strong>, die het werk laat zien dat normaal achter de voorstellingen verborgen blijft: repetities, creatieve processen, persoonlijke verhalen en documentair materiaal.<\/p>\n<p>Voor kosteloze activiteiten kunt u onze bijgewerkte selectie raadplegen van <a href=\"https:\/\/www.tablaosflamencos.com\/nl\/flamencobiennale-sevilla-2026-gratis.html\"><strong>gratis voorstellingen en activiteiten van de Bi\u00ebnnale 2026<\/strong><\/a>.<\/p>\n<\/div><\/div><\/div><\/div><\/div><\/div><\/div><\/section><section class=\"l-section wpb_row height_huge color_alternate with_shape\"><div class=\"l-section-shape type_zigzag pos_top hor_flip\" style=\"height:3vmin;\"><svg xmlns=\"http:\/\/www.w3.org\/2000\/svg\" viewBox=\"0 0 64 8\" preserveAspectRatio=\"none\" width=\"100%\" height=\"100%\">\r\n\t<path fill=\"currentColor\" d=\"M64 8 L0 8 L0 0 L20 7.9 L40 3 L48 5 L64 0 Z\"\/>\r\n<\/svg><\/div><div class=\"l-section-shape type_zigzag pos_bottom\" style=\"height:3vmin;\"><svg xmlns=\"http:\/\/www.w3.org\/2000\/svg\" viewBox=\"0 0 64 8\" preserveAspectRatio=\"none\" width=\"100%\" height=\"100%\">\r\n\t<path fill=\"currentColor\" d=\"M64 8 L0 8 L0 0 L20 7.9 L40 3 L48 5 L64 0 Z\"\/>\r\n<\/svg><\/div><div class=\"l-section-h i-cf\"><div class=\"g-cols vc_row via_flex valign_top type_default stacking_default\"><div class=\"vc_col-sm-12 wpb_column vc_column_container\"><div class=\"vc_column-inner\"><div class=\"wpb_wrapper\"><div class=\"wpb_text_column\"><div class=\"wpb_wrapper\"><h2 id=\"barrios\">Verken de flamencowijken van Sevilla<\/h2>\n<h3>Triana: een logische keuze tijdens de Bi\u00ebnnale<\/h3>\n<p>Triana maakt deel uit van de geschiedenis van de Sevilliaanse flamenco en verdient een bezoek, ook wanneer uw voorstelling die avond ergens anders plaatsvindt. U kunt de Puente de Isabel II oversteken, door Calle Pureza lopen, de Mercado de Triana bezoeken, langs Calle Betis wandelen en eindigen aan de rivier.<\/p>\n<p>Tijdens de Bi\u00ebnnale krijgt de wijk extra betekenis door de activiteiten die historisch verbonden zijn met Hotel Triana. Vanwege de grote vraag zijn in 2026 de drie voorstellingen die daar op 17, 18 en 19 september zouden plaatsvinden, verplaatst naar <strong>Muelle de la Sal<\/strong>, met behoud van de aangekondigde data en tijden.<\/p>\n<h3>Het historische centrum: van San Luis naar de Alameda<\/h3>\n<p>In het noordelijke deel van het centrum zijn erfgoed en flamenco gemakkelijk te combineren. De kerk San Luis de los Franceses biedt onderdak aan de <strong>Matin\u00e9s \u00danicas<\/strong> en vlakbij liggen de Alameda de H\u00e9rcules, Calle Feria en interessante plekken om te eten of iets te drinken zonder ver te hoeven lopen.<\/p>\n<p>Raadpleeg v\u00f3\u00f3r uw matineebezoek onze gids over de <a href=\"https:\/\/www.tablaosflamencos.com\/nl\/unieke-matinees-flamencobiennale-sevilla-2026.html\"><strong>Matin\u00e9s \u00danicas van de Bi\u00ebnnale 2026<\/strong><\/a>.<\/p>\n<h3>El Arenal: rivier, Maestranza en Bi\u00ebnnale<\/h3>\n<p>El Arenal is een andere strategisch gelegen wijk. Hier kunt u een wandeling langs de Guadalquivir combineren met de Torre del Oro, de arena van de Real Maestranza, Muelle de la Sal en het Teatro de la Maestranza. Als uw voorstelling op een van deze locaties plaatsvindt, is het praktisch om de hele middag voor dit gebied te reserveren.<\/p>\n<\/div><\/div><\/div><\/div><\/div><\/div><\/div><\/section><section class=\"l-section wpb_row height_huge\"><div class=\"l-section-h i-cf\"><div class=\"g-cols vc_row via_flex valign_top type_default stacking_default\"><div class=\"vc_col-sm-12 wpb_column vc_column_container\"><div class=\"vc_column-inner\"><div class=\"wpb_wrapper\"><div class=\"wpb_text_column\"><div class=\"wpb_wrapper\"><h2 id=\"entre-espectaculos\">Wat te doen tussen twee voorstellingen van de Bi\u00ebnnale<\/h2>\n<p>Een veelvoorkomend planningsprobleem ontstaat wanneer u twee voorstellingen op dezelfde dag boekt en er twee of drie uur tussen zit. In dat geval heeft het weinig zin om nog een volledige monumentenbezichtiging te proberen in te passen.<\/p>\n<h3>Als u in het centrum bent<\/h3>\n<p>U kunt wandelen rond de kathedraal, Avenida de la Constituci\u00f3n, Plaza Nueva en Plaza de San Francisco; iets drinken op een terras; een tentoonstelling bezoeken of naar de Guadalquivir gaan. Dit zijn activiteiten die u op elk moment kunt afronden wanneer u naar de volgende locatie moet vertrekken.<\/p>\n<h3>Als u in Cartuja bent<\/h3>\n<p>Het Teatro Central ligt verder van het historische centrum. Heeft u daar een voorstelling, houd dan extra rekening met de reistijd en plan activiteiten vlak ervoor of erna niet te krap. U kunt in Cartuja blijven of alleen teruggaan naar het centrum wanneer u voldoende tijd heeft.<\/p>\n<h3>Tussen Lope de Vega en Maestranza<\/h3>\n<p>De afstand maakt het mogelijk om een flink deel van het centrum te voet te doorkruisen. U kunt via het Mar\u00eda Luisa-park, Puerta de Jerez, Torre del Oro en Paseo de Col\u00f3n wandelen. Het is een aangename route die de verplaatsing tussen locaties tot onderdeel van uw dagje sightseeing maakt.<\/p>\n<\/div><\/div><\/div><\/div><\/div><\/div><\/div><\/section><section class=\"l-section wpb_row height_huge color_alternate with_shape\"><div class=\"l-section-shape type_zigzag pos_top hor_flip\" style=\"height:3vmin;\"><svg xmlns=\"http:\/\/www.w3.org\/2000\/svg\" viewBox=\"0 0 64 8\" preserveAspectRatio=\"none\" width=\"100%\" height=\"100%\">\r\n\t<path fill=\"currentColor\" d=\"M64 8 L0 8 L0 0 L20 7.9 L40 3 L48 5 L64 0 Z\"\/>\r\n<\/svg><\/div><div class=\"l-section-shape type_zigzag pos_bottom\" style=\"height:3vmin;\"><svg xmlns=\"http:\/\/www.w3.org\/2000\/svg\" viewBox=\"0 0 64 8\" preserveAspectRatio=\"none\" width=\"100%\" height=\"100%\">\r\n\t<path fill=\"currentColor\" d=\"M64 8 L0 8 L0 0 L20 7.9 L40 3 L48 5 L64 0 Z\"\/>\r\n<\/svg><\/div><div class=\"l-section-h i-cf\"><div class=\"g-cols vc_row via_flex valign_top type_default stacking_default\"><div class=\"vc_col-sm-12 wpb_column vc_column_container\"><div class=\"vc_column-inner\"><div class=\"wpb_wrapper\"><div class=\"wpb_text_column\"><div class=\"wpb_wrapper\"><h2 id=\"comer\">Gastronomie: lekker eten zonder te laat bij de voorstelling te komen<\/h2>\n<p>Tijdens de Bi\u00ebnnale is het verstandig uw maaltijden af te stemmen op de geboekte voorstellingen. Sommige shows beginnen om 19:00 of 20:00 uur, andere rond 21:30 uur, terwijl late voorstellingen na 22:00 uur kunnen starten.<\/p>\n<p>Bij een vroege voorstelling kunt u uw hoofdmaaltijd wat later nemen en daarna licht dineren of tapas eten. Begint de voorstelling om 22:30 uur, dan kunt u vooraf dineren, maar vermijd restaurants ver van de locatie en maaltijden die te lang kunnen duren.<\/p>\n<h3>Wat u kunt proeven<\/h3>\n<p>September is nog warm in Sevilla. Gerechten zoals gazpacho, salmorejo, ensaladilla, spinazie met kikkererwten, gebakken vis en koude tapas passen daarom goed bij deze periode. Probeer ook Sevilliaanse klassiekers zoals montaditos, pring\u00e1, varkenshaas in whiskysaus of verschillende kabeljauwgerechten.<\/p>\n<p>In Triana, Arenal, Santa Cruz, Alameda en de omgeving van Calle Feria vindt u genoeg mogelijkheden om uw maaltijd aan de dagroute aan te passen. Tijdens de Bi\u00ebnnale zou de prioriteit moeten liggen bij <strong>eten in de buurt van de volgende voorstelling<\/strong>, niet bij vlak voor aanvang de hele stad doorkruisen voor een bepaald restaurant.<\/p>\n<\/div><\/div><\/div><\/div><\/div><\/div><\/div><\/section><section class=\"l-section wpb_row height_huge\"><div class=\"l-section-h i-cf\"><div class=\"g-cols vc_row via_flex valign_top type_default stacking_default\"><div class=\"vc_col-sm-12 wpb_column vc_column_container\"><div class=\"vc_column-inner\"><div class=\"wpb_wrapper\"><div class=\"wpb_text_column\"><div class=\"wpb_wrapper\"><h2 id=\"noche\">Na de voorstelling: flamenco houdt niet op bij de Bi\u00ebnnale<\/h2>\n<p>Een voorstelling van de Bi\u00ebnnale kan het hoogtepunt van de avond zijn, maar hoeft niet het einde te betekenen. Sevilla heeft het hele jaar door een vast aanbod aan flamencoshows, met tablaos in zeer uiteenlopende formaten en sferen.<\/p>\n<p>Dat is vooral handig in drie situaties: wanneer u geen ticket voor de gewenste voorstelling heeft gevonden, wanneer het offici\u00eble programma slechts een deel van uw verblijf vult of wanneer u een groot theater wilt vergelijken met een kleinere locatie.<\/p>\n<p>Onze gids over <a href=\"https:\/\/www.tablaosflamencos.com\/nl\/flamenco-sevilla-biennale-2026-shows-buiten-officieel-programma.html\"><strong>flamenco in Sevilla tijdens de Bi\u00ebnnale buiten het offici\u00eble programma<\/strong><\/a> biedt alternatieven. Wilt u eerst begrijpen wat een degelijke toeristische show onderscheidt van een artistiek interessantere voorstelling, lees dan ook <a href=\"https:\/\/www.tablaosflamencos.com\/nl\/authentieke-flamenco-sevilla-goede-voorstelling.html\"><strong>waar u authentieke flamenco in Sevilla kunt zien<\/strong><\/a>.<\/p>\n<p>Wanneer een specifieke voorstelling uitverkocht is, hebben we bovendien een aparte gids over <a href=\"https:\/\/www.tablaosflamencos.com\/nl\/flamencobiennale-sevilla-2026-uitverkocht-alternatieven.html\"><strong>wat u kunt zien als er geen tickets voor de Bi\u00ebnnale meer zijn<\/strong><\/a>.<\/p>\n<\/div><\/div><\/div><\/div><\/div><\/div><\/div><\/section><section class=\"l-section wpb_row height_huge color_alternate with_shape\"><div class=\"l-section-shape type_zigzag pos_top hor_flip\" style=\"height:3vmin;\"><svg xmlns=\"http:\/\/www.w3.org\/2000\/svg\" viewBox=\"0 0 64 8\" preserveAspectRatio=\"none\" width=\"100%\" height=\"100%\">\r\n\t<path fill=\"currentColor\" d=\"M64 8 L0 8 L0 0 L20 7.9 L40 3 L48 5 L64 0 Z\"\/>\r\n<\/svg><\/div><div class=\"l-section-shape type_zigzag pos_bottom\" style=\"height:3vmin;\"><svg xmlns=\"http:\/\/www.w3.org\/2000\/svg\" viewBox=\"0 0 64 8\" preserveAspectRatio=\"none\" width=\"100%\" height=\"100%\">\r\n\t<path fill=\"currentColor\" d=\"M64 8 L0 8 L0 0 L20 7.9 L40 3 L48 5 L64 0 Z\"\/>\r\n<\/svg><\/div><div class=\"l-section-h i-cf\"><div class=\"g-cols vc_row via_flex valign_top type_default stacking_default\"><div class=\"vc_col-sm-12 wpb_column vc_column_container\"><div class=\"vc_column-inner\"><div class=\"wpb_wrapper\"><div class=\"wpb_text_column\"><div class=\"wpb_wrapper\"><h2 id=\"itinerarios\">Drie routes om een volledige dag tijdens de Bi\u00ebnnale te benutten<\/h2>\n<h3>Route 1: erfgoed en Bi\u00ebnnale in het centrum<\/h3>\n<ul>\n<li><strong>Ochtend:<\/strong> Real Alc\u00e1zar, kathedraal en de wijk Santa Cruz.<\/li>\n<li><strong>Lunchtijd:<\/strong> eten in het centrum.<\/li>\n<li><strong>Middag:<\/strong> tentoonstelling <em>La noche azul<\/em> in de Real F\u00e1brica de Artiller\u00eda.<\/li>\n<li><strong>Avond:<\/strong> offici\u00eble voorstelling van de Bi\u00ebnnale.<\/li>\n<li><strong>Daarna:<\/strong> wandeling of drankje in Arenal, het centrum of Alameda, afhankelijk van de locatie.<\/li>\n<\/ul>\n<h3>Route 2: Triana, rivier en flamenco<\/h3>\n<ul>\n<li><strong>Ochtend:<\/strong> Mercado de Triana, Calle Pureza en een wandeling door de wijk.<\/li>\n<li><strong>Lunchtijd:<\/strong> tapas in Triana.<\/li>\n<li><strong>Middag:<\/strong> Calle Betis, Triana-brug, Muelle de la Sal en Paseo de Col\u00f3n.<\/li>\n<li><strong>Avond:<\/strong> voorstelling in Maestranza, Arenal of op een andere nabijgelegen locatie.<\/li>\n<li><strong>Daarna:<\/strong> een tablao of een andere show om de avond te verlengen.<\/li>\n<\/ul>\n<h3>Route 3: een volledige flamencodag<\/h3>\n<ul>\n<li><strong>Ochtend:<\/strong> nevenactiviteit of tentoonstelling.<\/li>\n<li><strong>Lunchtijd:<\/strong> wandeling door San Luis, Alameda of Calle Feria.<\/li>\n<li><strong>Middag:<\/strong> eerste voorstelling van de Bi\u00ebnnale of een gratis activiteit.<\/li>\n<li><strong>Avond:<\/strong> tweede voorstelling, een Noche \u00danica of een tablao.<\/li>\n<\/ul>\n<p>Voor voorstellingen die speciaal als eenmalige ervaringen zijn opgezet, raadpleegt u de <a href=\"https:\/\/www.tablaosflamencos.com\/nl\/unieke-avonden-flamenco-biennale-sevilla-2026.html\"><strong>kalender van de Noches \u00danicas van de Bi\u00ebnnale 2026<\/strong><\/a>.<\/p>\n<\/div><\/div><\/div><\/div><\/div><\/div><\/div><\/section><section class=\"l-section wpb_row height_huge\"><div class=\"l-section-h i-cf\"><div class=\"g-cols vc_row via_flex valign_top type_default stacking_default\"><div class=\"vc_col-sm-12 wpb_column vc_column_container\"><div class=\"vc_column-inner\"><div class=\"wpb_wrapper\"><div class=\"wpb_text_column\"><div class=\"wpb_wrapper\"><h2 id=\"consejos\">Tips om Sevilla tijdens de Bi\u00ebnnale te plannen<\/h2>\n<ul>\n<li><strong>Groepeer activiteiten per stadsdeel.<\/strong> Probeer Triana, Cartuja en het Mar\u00eda Luisa-park niet binnen enkele uren te combineren.<\/li>\n<li><strong>Houd v\u00f3\u00f3r elke voorstelling wat tijd vrij.<\/strong> Haast is vooral onhandig bij toegangscontroles, genummerde plaatsen of grote bezoekersaantallen.<\/li>\n<li><strong>Vul niet elk uur van de dag.<\/strong> De Bi\u00ebnnale kan meerdere opeenvolgende avonden met shows betekenen; rustmomenten maken de ervaring aangenamer.<\/li>\n<li><strong>Controleer wijzigingen op het laatste moment.<\/strong> In 2026 zijn bijvoorbeeld de voorstellingen die in Hotel Triana gepland stonden al verplaatst naar Muelle de la Sal.<\/li>\n<li><strong>Maak gebruik van gratis activiteiten.<\/strong> Zo beleeft u de Bi\u00ebnnale ook op dagen waarvoor u geen tickets heeft.<\/li>\n<li><strong>Combineer grote podia met intieme locaties.<\/strong> Een voorstelling in Maestranza of Lope de Vega en een avond in een tablao bieden heel verschillende, aanvullende ervaringen.<\/li>\n<li><strong>Reserveer vooraf.<\/strong> Zowel voor de Bi\u00ebnnale als voor de reguliere shows kan in september veel belangstelling bestaan.<\/li>\n<\/ul>\n<\/div><\/div><\/div><\/div><\/div><\/div><\/div><\/section><section class=\"l-section wpb_row height_huge color_alternate with_shape\"><div class=\"l-section-shape type_zigzag pos_top hor_flip\" style=\"height:3vmin;\"><svg xmlns=\"http:\/\/www.w3.org\/2000\/svg\" viewBox=\"0 0 64 8\" preserveAspectRatio=\"none\" width=\"100%\" height=\"100%\">\r\n\t<path fill=\"currentColor\" d=\"M64 8 L0 8 L0 0 L20 7.9 L40 3 L48 5 L64 0 Z\"\/>\r\n<\/svg><\/div><div class=\"l-section-shape type_zigzag pos_bottom\" style=\"height:3vmin;\"><svg xmlns=\"http:\/\/www.w3.org\/2000\/svg\" viewBox=\"0 0 64 8\" preserveAspectRatio=\"none\" width=\"100%\" height=\"100%\">\r\n\t<path fill=\"currentColor\" d=\"M64 8 L0 8 L0 0 L20 7.9 L40 3 L48 5 L64 0 Z\"\/>\r\n<\/svg><\/div><div class=\"l-section-h i-cf\"><div class=\"g-cols vc_row via_flex valign_top type_default stacking_default\"><div class=\"vc_col-sm-12 wpb_column vc_column_container\"><div class=\"vc_column-inner\"><div class=\"wpb_wrapper\"><div class=\"wpb_text_column\"><div class=\"wpb_wrapper\"><h2>De beste manier om de Bi\u00ebnnale te beleven is festival en stad te combineren<\/h2>\n<p>De Flamencobi\u00ebnnale is een uitzonderlijke kans om artiesten te zien die niet vaak tegelijk in dezelfde stad optreden en om premi\u00e8res, gala\u2019s en speciaal voor deze editie ontwikkelde formats te bezoeken. Maar Sevilla is niet alleen het decor: de stad maakt deel uit van de ervaring.<\/p>\n<p>Een matinee in San Luis, een wandeling door Triana, een tentoonstelling in de Real F\u00e1brica de Artiller\u00eda, een route langs de Guadalquivir en live flamenco als afsluiting van de avond helpen u de relatie tussen de stad en deze kunst beter te begrijpen.<\/p>\n<p>Blijft u meerdere dagen tijdens de Bi\u00ebnnale, probeer dan niet uitsluitend voorstellingen aan elkaar te rijgen. Wissel af tussen <strong>erfgoed, wijken, gastronomie, gratis activiteiten, het offici\u00eble programma en flamenco buiten de grote podia<\/strong>. Die combinatie is waarschijnlijk de meest complete manier om Sevilla tussen 9 september en 3 oktober 2026 te beleven.<\/p>\n<\/div><\/div><\/div><\/div><\/div><\/div><\/div><\/section><section class=\"l-section wpb_row height_huge\"><div class=\"l-section-h i-cf\"><div class=\"g-cols vc_row via_flex valign_top type_default stacking_default\"><div class=\"vc_col-sm-1\/5 wpb_column vc_column_container\"><div class=\"vc_column-inner\"><div class=\"wpb_wrapper\"><\/div><\/div><\/div><div class=\"vc_col-sm-3\/5 wpb_column vc_column_container\"><div class=\"vc_column-inner\"><div class=\"wpb_wrapper\"><div class=\"wpb_text_column\"><div class=\"wpb_wrapper\"><h2 id=\"faq\">Veelgestelde vragen over wat te doen in Sevilla tijdens de Bi\u00ebnnale 2026<\/h2>\n<\/div><\/div><div class=\"w-separator size_medium\"><\/div><div class=\"w-tabs accordion toggle_style_1 has_scrolling\" style=\"--sections-title-size:inherit;--sections-gap:0.5rem;\"><div class=\"w-tabs-sections titles-align_none icon_plus cpos_left\"><div class=\"w-tabs-section\" id=\"b304\" itemscope itemprop=\"mainEntity\" itemtype=\"https:\/\/schema.org\/Question\"><button type=\"button\" class=\"w-tabs-section-header\" aria-controls=\"content-b304\" aria-expanded=\"false\"><h3 class=\"w-tabs-section-title\" itemprop=\"name\">Wanneer is de Flamencobi\u00ebnnale van Sevilla 2026?<\/h3><div class=\"w-tabs-section-control\"><\/div><\/button><div  class=\"w-tabs-section-content\" id=\"content-b304\" itemscope itemprop=\"acceptedAnswer\" itemtype=\"https:\/\/schema.org\/Answer\"><div class=\"w-tabs-section-content-h i-cf\" itemprop=\"text\"><div class=\"wpb_text_column\"><div class=\"wpb_wrapper\"><p>De 24e Flamencobi\u00ebnnale van Sevilla loopt van <strong>9 september tot en met 3 oktober 2026<\/strong>, hoewel sommige nevenactiviteiten al v\u00f3\u00f3r de offici\u00eble opening zijn begonnen.<\/p>\n<\/div><\/div><\/div><\/div><\/div><div class=\"w-tabs-section\" id=\"b47e\" itemscope itemprop=\"mainEntity\" itemtype=\"https:\/\/schema.org\/Question\"><button type=\"button\" class=\"w-tabs-section-header\" aria-controls=\"content-b47e\" aria-expanded=\"false\"><h3 class=\"w-tabs-section-title\" itemprop=\"name\">Zijn er gratis activiteiten tijdens de Bi\u00ebnnale?<\/h3><div class=\"w-tabs-section-control\"><\/div><\/button><div  class=\"w-tabs-section-content\" id=\"content-b47e\" itemscope itemprop=\"acceptedAnswer\" itemtype=\"https:\/\/schema.org\/Answer\"><div class=\"w-tabs-section-content-h i-cf\" itemprop=\"text\"><div class=\"wpb_text_column\"><div class=\"wpb_wrapper\"><p>Ja. Het nevenprogramma omvat tentoonstellingen en activiteiten in openbare ruimtes. De tentoonstelling <em>La noche azul<\/em>, bijvoorbeeld, is gratis toegankelijk zolang er plaats is.<\/p>\n<\/div><\/div><\/div><\/div><\/div><div class=\"w-tabs-section\" id=\"t5a4\" itemscope itemprop=\"mainEntity\" itemtype=\"https:\/\/schema.org\/Question\"><button type=\"button\" class=\"w-tabs-section-header\" aria-controls=\"content-t5a4\" aria-expanded=\"false\"><h3 class=\"w-tabs-section-title\" itemprop=\"name\">Wat kan ik \u2019s ochtends doen als mijn voorstelling \u2019s avonds is?<\/h3><div class=\"w-tabs-section-control\"><\/div><\/button><div  class=\"w-tabs-section-content\" id=\"content-t5a4\" itemscope itemprop=\"acceptedAnswer\" itemtype=\"https:\/\/schema.org\/Answer\"><div class=\"w-tabs-section-content-h i-cf\" itemprop=\"text\"><div class=\"wpb_text_column\"><div class=\"wpb_wrapper\"><p>U kunt het Real Alc\u00e1zar, de kathedraal en Santa Cruz bezoeken; Plaza de Espa\u00f1a en het Mar\u00eda Luisa-park verkennen; Triana ontdekken; of genieten van de tentoonstellingen en nevenactiviteiten van de Bi\u00ebnnale.<\/p>\n<\/div><\/div><\/div><\/div><\/div><div class=\"w-tabs-section\" id=\"b6a0\" itemscope itemprop=\"mainEntity\" itemtype=\"https:\/\/schema.org\/Question\"><button type=\"button\" class=\"w-tabs-section-header\" aria-controls=\"content-b6a0\" aria-expanded=\"false\"><h3 class=\"w-tabs-section-title\" itemprop=\"name\">Kan ik flamenco zien buiten het offici\u00eble programma?<\/h3><div class=\"w-tabs-section-control\"><\/div><\/button><div  class=\"w-tabs-section-content\" id=\"content-b6a0\" itemscope itemprop=\"acceptedAnswer\" itemtype=\"https:\/\/schema.org\/Answer\"><div class=\"w-tabs-section-content-h i-cf\" itemprop=\"text\"><div class=\"wpb_text_column\"><div class=\"wpb_wrapper\"><p>Ja. De tablaos en andere flamencolocaties van Sevilla zetten hun reguliere programma tijdens de Bi\u00ebnnale voort. Daardoor zijn er elke dag alternatieven buiten het offici\u00eble programma.<\/p>\n<\/div><\/div><\/div><\/div><\/div><div class=\"w-tabs-section\" id=\"s7b7\" itemscope itemprop=\"mainEntity\" itemtype=\"https:\/\/schema.org\/Question\"><button type=\"button\" class=\"w-tabs-section-header\" aria-controls=\"content-s7b7\" aria-expanded=\"false\"><h3 class=\"w-tabs-section-title\" itemprop=\"name\">Welke wijk kan ik het beste bezoeken tijdens de Bi\u00ebnnale?<\/h3><div class=\"w-tabs-section-control\"><\/div><\/button><div  class=\"w-tabs-section-content\" id=\"content-s7b7\" itemscope itemprop=\"acceptedAnswer\" itemtype=\"https:\/\/schema.org\/Answer\"><div class=\"w-tabs-section-content-h i-cf\" itemprop=\"text\"><div class=\"wpb_text_column\"><div class=\"wpb_wrapper\"><p>Triana is onmisbaar vanwege de historische band met flamenco, maar ook Arenal, Santa Cruz, San Luis, Alameda en de omgeving van Calle Feria zijn interessant. De beste keuze hangt af van de locatie van uw voorstelling.<\/p>\n<\/div><\/div><\/div><\/div><\/div><div class=\"w-tabs-section\" id=\"v8cc\" itemscope itemprop=\"mainEntity\" itemtype=\"https:\/\/schema.org\/Question\"><button type=\"button\" class=\"w-tabs-section-header\" aria-controls=\"content-v8cc\" aria-expanded=\"false\"><h3 class=\"w-tabs-section-title\" itemprop=\"name\">Kan ik op dezelfde dag twee voorstellingen van de Bi\u00ebnnale bezoeken?<\/h3><div class=\"w-tabs-section-control\"><\/div><\/button><div  class=\"w-tabs-section-content\" id=\"content-v8cc\" itemscope itemprop=\"acceptedAnswer\" itemtype=\"https:\/\/schema.org\/Answer\"><div class=\"w-tabs-section-content-h i-cf\" itemprop=\"text\"><div class=\"wpb_text_column\"><div class=\"wpb_wrapper\"><p>Op sommige dagen wel, omdat de voorstellingen op verschillende tijden beginnen. Controleer v\u00f3\u00f3r aankoop van beide tickets de verwachte eindtijd en de afstand tussen de locaties.<\/p>\n<\/div><\/div><\/div><\/div><\/div><div class=\"w-tabs-section\" id=\"z9c3\" itemscope itemprop=\"mainEntity\" itemtype=\"https:\/\/schema.org\/Question\"><button type=\"button\" class=\"w-tabs-section-header\" aria-controls=\"content-z9c3\" aria-expanded=\"false\"><h3 class=\"w-tabs-section-title\" itemprop=\"name\">Wat moet ik doen als een voorstelling uitverkocht is?<\/h3><div class=\"w-tabs-section-control\"><\/div><\/button><div  class=\"w-tabs-section-content\" id=\"content-z9c3\" itemscope itemprop=\"acceptedAnswer\" itemtype=\"https:\/\/schema.org\/Answer\"><div class=\"w-tabs-section-content-h i-cf\" itemprop=\"text\"><div class=\"wpb_text_column\"><div class=\"wpb_wrapper\"><p>U kunt andere offici\u00eble voorstellingen, gratis activiteiten of het vaste programma van de flamencotablaos in Sevilla bekijken. Vermijd onoffici\u00eble doorverkoop en controleer de kanalen van de Bi\u00ebnnale op eventuele updates.<\/p>\n<\/div><\/div><\/div><\/div><\/div><div class=\"w-tabs-section\" id=\"uac1\" itemscope itemprop=\"mainEntity\" itemtype=\"https:\/\/schema.org\/Question\"><button type=\"button\" class=\"w-tabs-section-header\" aria-controls=\"content-uac1\" aria-expanded=\"false\"><h3 class=\"w-tabs-section-title\" itemprop=\"name\">Heb ik tijdens de Bi\u00ebnnale een auto nodig?<\/h3><div class=\"w-tabs-section-control\"><\/div><\/button><div  class=\"w-tabs-section-content\" id=\"content-uac1\" itemscope itemprop=\"acceptedAnswer\" itemtype=\"https:\/\/schema.org\/Answer\"><div class=\"w-tabs-section-content-h i-cf\" itemprop=\"text\"><div class=\"wpb_text_column\"><div class=\"wpb_wrapper\"><p>Niet voor de meeste activiteiten in het centrum. Veel locaties en toeristische wijken zijn te voet of met het openbaar vervoer bereikbaar. Voor verder gelegen plekken, zoals het Teatro Central in Cartuja, is het verstandig meer reistijd in te plannen.<\/p>\n<\/div><\/div><\/div><\/div><\/div><\/div><\/div><\/div><\/div><\/div><div class=\"vc_col-sm-1\/5 wpb_column vc_column_container\"><div class=\"vc_column-inner\"><div class=\"wpb_wrapper\"><\/div><\/div><\/div><\/div><\/div><\/section>\n","protected":false},"excerpt":{"rendered":"<p>Praktische gids voor Sevilla tijdens de Flamencobi\u00ebnnale 2026: ochtendactiviteiten, gratis evenementen, wijken, gastronomie, dagroutes en flamenco buiten het offici\u00eble programma.<\/p>\n","protected":false},"author":1,"featured_media":14704,"comment_status":"closed","ping_status":"closed","sticky":false,"template":"","format":"standard","meta":{"_acf_changed":false,"wpai_generated_summary":"","_ayudawp_aiss_exclude":false,"_ayudawp_aiss_exclude_summary":false,"_ayudawp_aiss_summary":"","_ayudawp_aiss_summary_provider":"","_ayudawp_aiss_summary_hash":"","footnotes":""},"categories":[1432],"tags":[1228,1229,1866,423,2010],"class_list":["post-14728","post","type-post","status-publish","format-standard","has-post-thumbnail","hentry","category-flamencobiennale","tag-bienal-2026","tag-bienal-de-flamenco","tag-dingen-om-te-doen-in-sevilla","tag-sevilla","tag-wat-te-doen-in-sevilla"],"acf":[],"yoast_head":"<!-- This site is optimized with the Yoast SEO Premium plugin v28.4 (Yoast SEO v28.4) - https:\/\/yoast.com\/product\/yoast-seo-premium-wordpress\/ -->\n<title>Wat te doen in Sevilla tijdens de Flamencobi\u00ebnnale 2026<\/title>\n<meta name=\"description\" content=\"Wat te doen in Sevilla tijdens de Flamencobi\u00ebnnale 2026: gratis activiteiten, wijken, gastronomie, dagroutes en shows buiten het offici\u00eble programma.\" \/>\n<meta name=\"robots\" content=\"index, follow, max-snippet:-1, max-image-preview:large, max-video-preview:-1\" \/>\n<link rel=\"canonical\" href=\"https:\/\/www.tablaosflamencos.com\/nl\/wat-te-doen-sevilla-tijdens-flamencobiennale-2026.html\" \/>\n<meta property=\"og:locale\" content=\"nl_NL\" \/>\n<meta property=\"og:type\" content=\"article\" \/>\n<meta property=\"og:title\" content=\"Wat te doen in Sevilla tijdens de Flamencobi\u00ebnnale 2026\" \/>\n<meta property=\"og:description\" content=\"Wat te doen in Sevilla tijdens de Flamencobi\u00ebnnale 2026: gratis activiteiten, wijken, gastronomie, dagroutes en shows buiten het offici\u00eble programma.\" \/>\n<meta property=\"og:url\" content=\"https:\/\/www.tablaosflamencos.com\/nl\/wat-te-doen-sevilla-tijdens-flamencobiennale-2026.html\" \/>\n<meta property=\"og:site_name\" content=\"Tablaos Flamencos\" \/>\n<meta property=\"article:publisher\" content=\"https:\/\/www.facebook.com\/tablaosflamencos\" \/>\n<meta property=\"article:published_time\" content=\"2026-09-05T10:21:41+00:00\" \/>\n<meta property=\"article:modified_time\" content=\"2026-09-05T10:56:24+00:00\" \/>\n<meta property=\"og:image\" content=\"https:\/\/www.tablaosflamencos.com\/wp-content\/uploads\/que-hacer-en-sevilla-durante-la-bienal-de-flamenco-2026-01.webp\" \/>\n\t<meta property=\"og:image:width\" content=\"1491\" \/>\n\t<meta property=\"og:image:height\" content=\"1055\" \/>\n\t<meta property=\"og:image:type\" content=\"image\/webp\" \/>\n<meta name=\"author\" content=\"Miguel Ortiz\" \/>\n<meta name=\"twitter:card\" content=\"summary_large_image\" \/>\n<meta name=\"twitter:creator\" content=\"@tablaosflamenco\" \/>\n<meta name=\"twitter:site\" content=\"@tablaosflamenco\" \/>\n<meta name=\"twitter:label1\" content=\"Geschreven door\" \/>\n\t<meta name=\"twitter:data1\" content=\"Miguel Ortiz\" \/>\n\t<meta name=\"twitter:label2\" content=\"Geschatte leestijd\" \/>\n\t<meta name=\"twitter:data2\" content=\"15 minuten\" \/>\n<script type=\"application\/ld+json\" class=\"yoast-schema-graph\">{\"@context\":\"https:\\\/\\\/schema.org\",\"@graph\":[{\"@type\":\"Article\",\"@id\":\"https:\\\/\\\/www.tablaosflamencos.com\\\/nl\\\/wat-te-doen-sevilla-tijdens-flamencobiennale-2026.html#article\",\"isPartOf\":{\"@id\":\"https:\\\/\\\/www.tablaosflamencos.com\\\/nl\\\/wat-te-doen-sevilla-tijdens-flamencobiennale-2026.html\"},\"author\":{\"name\":\"Miguel Ortiz\",\"@id\":\"https:\\\/\\\/www.tablaosflamencos.com\\\/nl#\\\/schema\\\/person\\\/e7a9ebe14eb75a52ceabfbffb3c54f5d\"},\"headline\":\"Wat te doen in Sevilla tijdens de Flamencobi\u00ebnnale 2026\",\"datePublished\":\"2026-09-05T10:21:41+00:00\",\"dateModified\":\"2026-09-05T10:56:24+00:00\",\"mainEntityOfPage\":{\"@id\":\"https:\\\/\\\/www.tablaosflamencos.com\\\/nl\\\/wat-te-doen-sevilla-tijdens-flamencobiennale-2026.html\"},\"wordCount\":3041,\"publisher\":{\"@id\":\"https:\\\/\\\/www.tablaosflamencos.com\\\/nl#organization\"},\"image\":{\"@id\":\"https:\\\/\\\/www.tablaosflamencos.com\\\/nl\\\/wat-te-doen-sevilla-tijdens-flamencobiennale-2026.html#primaryimage\"},\"thumbnailUrl\":\"https:\\\/\\\/www.tablaosflamencos.com\\\/wp-content\\\/uploads\\\/que-hacer-en-sevilla-durante-la-bienal-de-flamenco-2026-01.webp\",\"keywords\":[\"Bienal 2026\",\"Bienal de Flamenco\",\"dingen om te doen in Sevilla\",\"sevilla\",\"wat te doen in Sevilla\"],\"articleSection\":[\"Flamencobi\u00ebnnale\"],\"inLanguage\":\"nl-NL\"},{\"@type\":\"WebPage\",\"@id\":\"https:\\\/\\\/www.tablaosflamencos.com\\\/nl\\\/wat-te-doen-sevilla-tijdens-flamencobiennale-2026.html\",\"url\":\"https:\\\/\\\/www.tablaosflamencos.com\\\/nl\\\/wat-te-doen-sevilla-tijdens-flamencobiennale-2026.html\",\"name\":\"Wat te doen in Sevilla tijdens de Flamencobi\u00ebnnale 2026\",\"isPartOf\":{\"@id\":\"https:\\\/\\\/www.tablaosflamencos.com\\\/nl#website\"},\"primaryImageOfPage\":{\"@id\":\"https:\\\/\\\/www.tablaosflamencos.com\\\/nl\\\/wat-te-doen-sevilla-tijdens-flamencobiennale-2026.html#primaryimage\"},\"image\":{\"@id\":\"https:\\\/\\\/www.tablaosflamencos.com\\\/nl\\\/wat-te-doen-sevilla-tijdens-flamencobiennale-2026.html#primaryimage\"},\"thumbnailUrl\":\"https:\\\/\\\/www.tablaosflamencos.com\\\/wp-content\\\/uploads\\\/que-hacer-en-sevilla-durante-la-bienal-de-flamenco-2026-01.webp\",\"datePublished\":\"2026-09-05T10:21:41+00:00\",\"dateModified\":\"2026-09-05T10:56:24+00:00\",\"description\":\"Wat te doen in Sevilla tijdens de Flamencobi\u00ebnnale 2026: gratis activiteiten, wijken, gastronomie, dagroutes en shows buiten het offici\u00eble programma.\",\"breadcrumb\":{\"@id\":\"https:\\\/\\\/www.tablaosflamencos.com\\\/nl\\\/wat-te-doen-sevilla-tijdens-flamencobiennale-2026.html#breadcrumb\"},\"inLanguage\":\"nl-NL\",\"potentialAction\":[{\"@type\":\"ReadAction\",\"target\":[\"https:\\\/\\\/www.tablaosflamencos.com\\\/nl\\\/wat-te-doen-sevilla-tijdens-flamencobiennale-2026.html\"]}]},{\"@type\":\"ImageObject\",\"inLanguage\":\"nl-NL\",\"@id\":\"https:\\\/\\\/www.tablaosflamencos.com\\\/nl\\\/wat-te-doen-sevilla-tijdens-flamencobiennale-2026.html#primaryimage\",\"url\":\"https:\\\/\\\/www.tablaosflamencos.com\\\/wp-content\\\/uploads\\\/que-hacer-en-sevilla-durante-la-bienal-de-flamenco-2026-01.webp\",\"contentUrl\":\"https:\\\/\\\/www.tablaosflamencos.com\\\/wp-content\\\/uploads\\\/que-hacer-en-sevilla-durante-la-bienal-de-flamenco-2026-01.webp\",\"width\":1491,\"height\":1055,\"caption\":\"Qu\u00e9 hacer en Sevilla durante la Bienal de Flamenco 2026\"},{\"@type\":\"BreadcrumbList\",\"@id\":\"https:\\\/\\\/www.tablaosflamencos.com\\\/nl\\\/wat-te-doen-sevilla-tijdens-flamencobiennale-2026.html#breadcrumb\",\"itemListElement\":[{\"@type\":\"ListItem\",\"position\":1,\"name\":\"Home\",\"item\":\"https:\\\/\\\/www.tablaosflamencos.com\\\/nl\"},{\"@type\":\"ListItem\",\"position\":2,\"name\":\"Wat te doen in Sevilla tijdens de Flamencobi\u00ebnnale 2026\"}]},{\"@type\":\"WebSite\",\"@id\":\"https:\\\/\\\/www.tablaosflamencos.com\\\/nl#website\",\"url\":\"https:\\\/\\\/www.tablaosflamencos.com\\\/nl\",\"name\":\"Tablaos Flamencos\",\"description\":\"Entradas para tablaos flamencos de Espa\u00f1a\",\"publisher\":{\"@id\":\"https:\\\/\\\/www.tablaosflamencos.com\\\/nl#organization\"},\"alternateName\":\"Tablaos Flamencos\",\"potentialAction\":[{\"@type\":\"SearchAction\",\"target\":{\"@type\":\"EntryPoint\",\"urlTemplate\":\"https:\\\/\\\/www.tablaosflamencos.com\\\/nl?s={search_term_string}\"},\"query-input\":{\"@type\":\"PropertyValueSpecification\",\"valueRequired\":true,\"valueName\":\"search_term_string\"}}],\"inLanguage\":\"nl-NL\"},{\"@type\":[\"Organization\",\"Place\",\"EntertainmentBusiness\"],\"@id\":\"https:\\\/\\\/www.tablaosflamencos.com\\\/nl#organization\",\"name\":\"Tablaos Flamencos\",\"alternateName\":\"Tablaos Flamencos\",\"url\":\"https:\\\/\\\/www.tablaosflamencos.com\\\/nl\",\"logo\":{\"@id\":\"https:\\\/\\\/www.tablaosflamencos.com\\\/nl\\\/wat-te-doen-sevilla-tijdens-flamencobiennale-2026.html#local-main-organization-logo\"},\"image\":{\"@id\":\"https:\\\/\\\/www.tablaosflamencos.com\\\/nl\\\/wat-te-doen-sevilla-tijdens-flamencobiennale-2026.html#local-main-organization-logo\"},\"sameAs\":[\"https:\\\/\\\/www.facebook.com\\\/tablaosflamencos\",\"https:\\\/\\\/x.com\\\/tablaosflamenco\",\"https:\\\/\\\/mastodon.social\\\/@tablaosflamencos\",\"https:\\\/\\\/www.instagram.com\\\/tablaosflamencos\",\"https:\\\/\\\/tiktok.com\\\/@tablaosflamencos\",\"https:\\\/\\\/www.linkedin.com\\\/company\\\/109408238\\\/\"],\"description\":\"Venta de entradas para espect\u00e1culos flamencos\",\"legalName\":\"Tablaos Flamencos\",\"foundingDate\":\"2015-01-01\",\"numberOfEmployees\":{\"@type\":\"QuantitativeValue\",\"minValue\":\"1\",\"maxValue\":\"10\"},\"address\":{\"@id\":\"https:\\\/\\\/www.tablaosflamencos.com\\\/nl\\\/wat-te-doen-sevilla-tijdens-flamencobiennale-2026.html#local-main-place-address\"},\"geo\":{\"@type\":\"GeoCoordinates\",\"latitude\":\"37.3868072\",\"longitude\":\"-5.993280299999999\"},\"telephone\":[\"+34623787787\"],\"contactPoint\":{\"@type\":\"ContactPoint\",\"telephone\":\"+34623787787\",\"email\":\"info@tablaosflamencos.com\"},\"openingHoursSpecification\":{\"@type\":\"OpeningHoursSpecification\",\"dayOfWeek\":[\"Monday\",\"Tuesday\",\"Wednesday\",\"Thursday\",\"Friday\",\"Saturday\",\"Sunday\"],\"opens\":\"00:00\",\"closes\":\"23:59\"},\"email\":\"info@tablaosflamencos.com\",\"priceRange\":\"$$$\",\"currenciesAccepted\":\"\u20ac\"},{\"@type\":\"Person\",\"@id\":\"https:\\\/\\\/www.tablaosflamencos.com\\\/nl#\\\/schema\\\/person\\\/e7a9ebe14eb75a52ceabfbffb3c54f5d\",\"name\":\"Miguel Ortiz\",\"description\":\"Miguel Ortiz es un empresario flamenco, con una s\u00f3lida trayectoria dentro del sector. Ha presidido entidades culturales vinculadas al flamenco y, cuenta con un amplio recorrido profesional en la gesti\u00f3n y promoci\u00f3n de espect\u00e1culos y tablaos flamencos. Su pasi\u00f3n por la historia y el arte flamenco se refleja en cada art\u00edculo, donde combina experiencia, criterio y un profundo respeto por la tradici\u00f3n.\",\"sameAs\":[\"https:\\\/\\\/www.tablaosflamencos.com\",\"https:\\\/\\\/www.instagra.com\\\/miguelortizfe\",\"https:\\\/\\\/www.linkedin.com\\\/in\\\/miguelortizf\\\/\"],\"birthDate\":\"1984-11-22\",\"gender\":\"hombre\",\"knowsLanguage\":[\"espa\u00f1ol\",\"ingl\u00e9s\"],\"jobTitle\":\"Empresario flamenco\"},{\"@type\":\"PostalAddress\",\"@id\":\"https:\\\/\\\/www.tablaosflamencos.com\\\/nl\\\/wat-te-doen-sevilla-tijdens-flamencobiennale-2026.html#local-main-place-address\",\"streetAddress\":\"C\\\/ Alemanes, 19\",\"addressLocality\":\"Sevilla\",\"postalCode\":\"41004\",\"addressRegion\":\"Sevilla\",\"addressCountry\":\"ES\"},{\"@type\":\"ImageObject\",\"inLanguage\":\"nl-NL\",\"@id\":\"https:\\\/\\\/www.tablaosflamencos.com\\\/nl\\\/wat-te-doen-sevilla-tijdens-flamencobiennale-2026.html#local-main-organization-logo\",\"url\":\"https:\\\/\\\/www.tablaosflamencos.com\\\/wp-content\\\/uploads\\\/tablaos-flamencos-06-3.webp\",\"contentUrl\":\"https:\\\/\\\/www.tablaosflamencos.com\\\/wp-content\\\/uploads\\\/tablaos-flamencos-06-3.webp\",\"width\":600,\"height\":620,\"caption\":\"Tablaos Flamencos\"}]}<\/script>\n<meta name=\"geo.placename\" content=\"Sevilla\" \/>\n<meta name=\"geo.position\" content=\"37.3868072;-5.993280299999999\" \/>\n<meta name=\"geo.region\" content=\"Spanje\" \/>\n<!-- \/ Yoast SEO Premium plugin. -->","yoast_head_json":{"title":"Wat te doen in Sevilla tijdens de Flamencobi\u00ebnnale 2026","description":"Wat te doen in Sevilla tijdens de Flamencobi\u00ebnnale 2026: gratis activiteiten, wijken, gastronomie, dagroutes en shows buiten het offici\u00eble programma.","robots":{"index":"index","follow":"follow","max-snippet":"max-snippet:-1","max-image-preview":"max-image-preview:large","max-video-preview":"max-video-preview:-1"},"canonical":"https:\/\/www.tablaosflamencos.com\/nl\/wat-te-doen-sevilla-tijdens-flamencobiennale-2026.html","og_locale":"nl_NL","og_type":"article","og_title":"Wat te doen in Sevilla tijdens de Flamencobi\u00ebnnale 2026","og_description":"Wat te doen in Sevilla tijdens de Flamencobi\u00ebnnale 2026: gratis activiteiten, wijken, gastronomie, dagroutes en shows buiten het offici\u00eble programma.","og_url":"https:\/\/www.tablaosflamencos.com\/nl\/wat-te-doen-sevilla-tijdens-flamencobiennale-2026.html","og_site_name":"Tablaos Flamencos","article_publisher":"https:\/\/www.facebook.com\/tablaosflamencos","article_published_time":"2026-09-05T10:21:41+00:00","article_modified_time":"2026-09-05T10:56:24+00:00","og_image":[{"width":1491,"height":1055,"url":"https:\/\/www.tablaosflamencos.com\/wp-content\/uploads\/que-hacer-en-sevilla-durante-la-bienal-de-flamenco-2026-01.webp","type":"image\/webp"}],"author":"Miguel Ortiz","twitter_card":"summary_large_image","twitter_creator":"@tablaosflamenco","twitter_site":"@tablaosflamenco","twitter_misc":{"Geschreven door":"Miguel Ortiz","Geschatte leestijd":"15 minuten"},"schema":{"@context":"https:\/\/schema.org","@graph":[{"@type":"Article","@id":"https:\/\/www.tablaosflamencos.com\/nl\/wat-te-doen-sevilla-tijdens-flamencobiennale-2026.html#article","isPartOf":{"@id":"https:\/\/www.tablaosflamencos.com\/nl\/wat-te-doen-sevilla-tijdens-flamencobiennale-2026.html"},"author":{"name":"Miguel Ortiz","@id":"https:\/\/www.tablaosflamencos.com\/nl#\/schema\/person\/e7a9ebe14eb75a52ceabfbffb3c54f5d"},"headline":"Wat te doen in Sevilla tijdens de Flamencobi\u00ebnnale 2026","datePublished":"2026-09-05T10:21:41+00:00","dateModified":"2026-09-05T10:56:24+00:00","mainEntityOfPage":{"@id":"https:\/\/www.tablaosflamencos.com\/nl\/wat-te-doen-sevilla-tijdens-flamencobiennale-2026.html"},"wordCount":3041,"publisher":{"@id":"https:\/\/www.tablaosflamencos.com\/nl#organization"},"image":{"@id":"https:\/\/www.tablaosflamencos.com\/nl\/wat-te-doen-sevilla-tijdens-flamencobiennale-2026.html#primaryimage"},"thumbnailUrl":"https:\/\/www.tablaosflamencos.com\/wp-content\/uploads\/que-hacer-en-sevilla-durante-la-bienal-de-flamenco-2026-01.webp","keywords":["Bienal 2026","Bienal de Flamenco","dingen om te doen in Sevilla","sevilla","wat te doen in Sevilla"],"articleSection":["Flamencobi\u00ebnnale"],"inLanguage":"nl-NL"},{"@type":"WebPage","@id":"https:\/\/www.tablaosflamencos.com\/nl\/wat-te-doen-sevilla-tijdens-flamencobiennale-2026.html","url":"https:\/\/www.tablaosflamencos.com\/nl\/wat-te-doen-sevilla-tijdens-flamencobiennale-2026.html","name":"Wat te doen in Sevilla tijdens de Flamencobi\u00ebnnale 2026","isPartOf":{"@id":"https:\/\/www.tablaosflamencos.com\/nl#website"},"primaryImageOfPage":{"@id":"https:\/\/www.tablaosflamencos.com\/nl\/wat-te-doen-sevilla-tijdens-flamencobiennale-2026.html#primaryimage"},"image":{"@id":"https:\/\/www.tablaosflamencos.com\/nl\/wat-te-doen-sevilla-tijdens-flamencobiennale-2026.html#primaryimage"},"thumbnailUrl":"https:\/\/www.tablaosflamencos.com\/wp-content\/uploads\/que-hacer-en-sevilla-durante-la-bienal-de-flamenco-2026-01.webp","datePublished":"2026-09-05T10:21:41+00:00","dateModified":"2026-09-05T10:56:24+00:00","description":"Wat te doen in Sevilla tijdens de Flamencobi\u00ebnnale 2026: gratis activiteiten, wijken, gastronomie, dagroutes en shows buiten het offici\u00eble programma.","breadcrumb":{"@id":"https:\/\/www.tablaosflamencos.com\/nl\/wat-te-doen-sevilla-tijdens-flamencobiennale-2026.html#breadcrumb"},"inLanguage":"nl-NL","potentialAction":[{"@type":"ReadAction","target":["https:\/\/www.tablaosflamencos.com\/nl\/wat-te-doen-sevilla-tijdens-flamencobiennale-2026.html"]}]},{"@type":"ImageObject","inLanguage":"nl-NL","@id":"https:\/\/www.tablaosflamencos.com\/nl\/wat-te-doen-sevilla-tijdens-flamencobiennale-2026.html#primaryimage","url":"https:\/\/www.tablaosflamencos.com\/wp-content\/uploads\/que-hacer-en-sevilla-durante-la-bienal-de-flamenco-2026-01.webp","contentUrl":"https:\/\/www.tablaosflamencos.com\/wp-content\/uploads\/que-hacer-en-sevilla-durante-la-bienal-de-flamenco-2026-01.webp","width":1491,"height":1055,"caption":"Qu\u00e9 hacer en Sevilla durante la Bienal de Flamenco 2026"},{"@type":"BreadcrumbList","@id":"https:\/\/www.tablaosflamencos.com\/nl\/wat-te-doen-sevilla-tijdens-flamencobiennale-2026.html#breadcrumb","itemListElement":[{"@type":"ListItem","position":1,"name":"Home","item":"https:\/\/www.tablaosflamencos.com\/nl"},{"@type":"ListItem","position":2,"name":"Wat te doen in Sevilla tijdens de Flamencobi\u00ebnnale 2026"}]},{"@type":"WebSite","@id":"https:\/\/www.tablaosflamencos.com\/nl#website","url":"https:\/\/www.tablaosflamencos.com\/nl","name":"Tablaos Flamencos","description":"Entradas para tablaos flamencos de Espa\u00f1a","publisher":{"@id":"https:\/\/www.tablaosflamencos.com\/nl#organization"},"alternateName":"Tablaos Flamencos","potentialAction":[{"@type":"SearchAction","target":{"@type":"EntryPoint","urlTemplate":"https:\/\/www.tablaosflamencos.com\/nl?s={search_term_string}"},"query-input":{"@type":"PropertyValueSpecification","valueRequired":true,"valueName":"search_term_string"}}],"inLanguage":"nl-NL"},{"@type":["Organization","Place","EntertainmentBusiness"],"@id":"https:\/\/www.tablaosflamencos.com\/nl#organization","name":"Tablaos Flamencos","alternateName":"Tablaos Flamencos","url":"https:\/\/www.tablaosflamencos.com\/nl","logo":{"@id":"https:\/\/www.tablaosflamencos.com\/nl\/wat-te-doen-sevilla-tijdens-flamencobiennale-2026.html#local-main-organization-logo"},"image":{"@id":"https:\/\/www.tablaosflamencos.com\/nl\/wat-te-doen-sevilla-tijdens-flamencobiennale-2026.html#local-main-organization-logo"},"sameAs":["https:\/\/www.facebook.com\/tablaosflamencos","https:\/\/x.com\/tablaosflamenco","https:\/\/mastodon.social\/@tablaosflamencos","https:\/\/www.instagram.com\/tablaosflamencos","https:\/\/tiktok.com\/@tablaosflamencos","https:\/\/www.linkedin.com\/company\/109408238\/"],"description":"Venta de entradas para espect\u00e1culos flamencos","legalName":"Tablaos Flamencos","foundingDate":"2015-01-01","numberOfEmployees":{"@type":"QuantitativeValue","minValue":"1","maxValue":"10"},"address":{"@id":"https:\/\/www.tablaosflamencos.com\/nl\/wat-te-doen-sevilla-tijdens-flamencobiennale-2026.html#local-main-place-address"},"geo":{"@type":"GeoCoordinates","latitude":"37.3868072","longitude":"-5.993280299999999"},"telephone":["+34623787787"],"contactPoint":{"@type":"ContactPoint","telephone":"+34623787787","email":"info@tablaosflamencos.com"},"openingHoursSpecification":{"@type":"OpeningHoursSpecification","dayOfWeek":["Monday","Tuesday","Wednesday","Thursday","Friday","Saturday","Sunday"],"opens":"00:00","closes":"23:59"},"email":"info@tablaosflamencos.com","priceRange":"$$$","currenciesAccepted":"\u20ac"},{"@type":"Person","@id":"https:\/\/www.tablaosflamencos.com\/nl#\/schema\/person\/e7a9ebe14eb75a52ceabfbffb3c54f5d","name":"Miguel Ortiz","description":"Miguel Ortiz es un empresario flamenco, con una s\u00f3lida trayectoria dentro del sector. Ha presidido entidades culturales vinculadas al flamenco y, cuenta con un amplio recorrido profesional en la gesti\u00f3n y promoci\u00f3n de espect\u00e1culos y tablaos flamencos. Su pasi\u00f3n por la historia y el arte flamenco se refleja en cada art\u00edculo, donde combina experiencia, criterio y un profundo respeto por la tradici\u00f3n.","sameAs":["https:\/\/www.tablaosflamencos.com","https:\/\/www.instagra.com\/miguelortizfe","https:\/\/www.linkedin.com\/in\/miguelortizf\/"],"birthDate":"1984-11-22","gender":"hombre","knowsLanguage":["espa\u00f1ol","ingl\u00e9s"],"jobTitle":"Empresario flamenco"},{"@type":"PostalAddress","@id":"https:\/\/www.tablaosflamencos.com\/nl\/wat-te-doen-sevilla-tijdens-flamencobiennale-2026.html#local-main-place-address","streetAddress":"C\/ Alemanes, 19","addressLocality":"Sevilla","postalCode":"41004","addressRegion":"Sevilla","addressCountry":"ES"},{"@type":"ImageObject","inLanguage":"nl-NL","@id":"https:\/\/www.tablaosflamencos.com\/nl\/wat-te-doen-sevilla-tijdens-flamencobiennale-2026.html#local-main-organization-logo","url":"https:\/\/www.tablaosflamencos.com\/wp-content\/uploads\/tablaos-flamencos-06-3.webp","contentUrl":"https:\/\/www.tablaosflamencos.com\/wp-content\/uploads\/tablaos-flamencos-06-3.webp","width":600,"height":620,"caption":"Tablaos Flamencos"}]},"geo.placename":"Sevilla","geo.position":{"lat":"37.3868072","long":"-5.993280299999999"},"geo.region":"Spanje"},"_links":{"self":[{"href":"https:\/\/www.tablaosflamencos.com\/nl\/wp-json\/wp\/v2\/posts\/14728","targetHints":{"allow":["GET"]}}],"collection":[{"href":"https:\/\/www.tablaosflamencos.com\/nl\/wp-json\/wp\/v2\/posts"}],"about":[{"href":"https:\/\/www.tablaosflamencos.com\/nl\/wp-json\/wp\/v2\/types\/post"}],"author":[{"embeddable":true,"href":"https:\/\/www.tablaosflamencos.com\/nl\/wp-json\/wp\/v2\/users\/1"}],"replies":[{"embeddable":true,"href":"https:\/\/www.tablaosflamencos.com\/nl\/wp-json\/wp\/v2\/comments?post=14728"}],"version-history":[{"count":0,"href":"https:\/\/www.tablaosflamencos.com\/nl\/wp-json\/wp\/v2\/posts\/14728\/revisions"}],"wp:featuredmedia":[{"embeddable":true,"href":"https:\/\/www.tablaosflamencos.com\/nl\/wp-json\/wp\/v2\/media\/14704"}],"wp:attachment":[{"href":"https:\/\/www.tablaosflamencos.com\/nl\/wp-json\/wp\/v2\/media?parent=14728"}],"wp:term":[{"taxonomy":"category","embeddable":true,"href":"https:\/\/www.tablaosflamencos.com\/nl\/wp-json\/wp\/v2\/categories?post=14728"},{"taxonomy":"post_tag","embeddable":true,"href":"https:\/\/www.tablaosflamencos.com\/nl\/wp-json\/wp\/v2\/tags?post=14728"}],"curies":[{"name":"wp","href":"https:\/\/api.w.org\/{rel}","templated":true}]}}