{"id":14689,"date":"2026-09-05T11:17:33","date_gmt":"2026-09-05T09:17:33","guid":{"rendered":"https:\/\/www.tablaosflamencos.com\/?p=14689"},"modified":"2026-09-05T12:14:54","modified_gmt":"2026-09-05T10:14:54","slug":"nevenactiviteiten-flamencobiennale-sevilla-2026","status":"publish","type":"post","link":"https:\/\/www.tablaosflamencos.com\/nl\/nevenactiviteiten-flamencobiennale-sevilla-2026.html","title":{"rendered":"Nevenactiviteiten van de Bi\u00ebnnale 2026: tentoonstellingen, film, flamenco op straat en meer"},"content":{"rendered":"<section class=\"l-section wpb_row height_huge\"><div class=\"l-section-h i-cf\"><div class=\"g-cols vc_row via_flex valign_top type_default stacking_default\"><div class=\"vc_col-sm-6 wpb_column vc_column_container\"><div class=\"vc_column-inner\"><div class=\"wpb_wrapper\"><div class=\"wpb_text_column\"><div class=\"wpb_wrapper\"><h2>Nevenactiviteiten van de Bi\u00ebnnale 2026: veel meer dan de voorstellingen<\/h2>\n<p>De 24e Flamencobi\u00ebnnale van Sevilla vindt plaats van <strong>9 september tot en met 3 oktober 2026<\/strong>, maar het culturele programma reikt verder dan die data en de grote podia. Onder de naam <strong>\u2018Otras perlas\u2019 (Andere parels)<\/strong> brengt de Bi\u00ebnnale tentoonstellingen, film, flamenco op straat, gezinsactiviteiten, kunstprojecten in de stad en evenementen met culturele instellingen van Sevilla samen.<\/p>\n<p>Dat betekent dat je de Bi\u00ebnnale ook kunt beleven zonder elke dag een theater te bezoeken. Sommige activiteiten zijn gratis, andere vullen het hoofdprogramma aan en verschillende beginnen v\u00f3\u00f3r de offici\u00eble opening of lopen door nadat het festival is afgelopen.<\/p>\n<p>In deze gids verzamelen we de belangrijkste nevenactiviteiten van 2026 en leggen we uit <strong>wat de moeite waard is, wanneer het plaatsvindt en hoe je het kunt inpassen in een bezoek aan Sevilla<\/strong>.<\/p>\n<\/div><\/div><\/div><\/div><\/div><div class=\"vc_col-sm-6 wpb_column vc_column_container\"><div class=\"vc_column-inner\"><div class=\"wpb_wrapper\"><div class=\"wpb_text_column\"><div class=\"wpb_wrapper\"><h2>Wat \u2018Otras perlas\u2019 in 2026 omvat<\/h2>\n<p>Het nevenprogramma is bepaald geen onbelangrijke bijzaak. De Bi\u00ebnnale gebruikt het om flamenco te verbinden met andere uitdrukkingsvormen en andere publieksgroepen: erfgoed, fotografie, documentaires, gezinsactiviteiten, de openbare ruimte en partnerprogramma\u2019s van universiteiten, stichtingen en culturele organisaties.<\/p>\n<p>Tot de belangrijkste onderdelen van 2026 behoren <strong>La noche azul<\/strong>, de reeks <strong>Flamenco a pie de calle<\/strong>, de gezongen openingsproclamatie <strong>Ecos Primitivos<\/strong>, de gezinsworkshop <strong>Tirititr\u00e1n<\/strong>, het stedelijke kunstproject <strong>Sala de revelado<\/strong> en het partnerprogramma <strong>Sevilla se deja ver<\/strong>.<\/p>\n<p>Het praktische voordeel is belangrijk: wanneer je meerdere dagen in Sevilla verblijft, kun je een offici\u00eble avondvoorstelling combineren met tentoonstellingen, film of gratis activiteiten overdag.<\/p>\n<\/div><\/div><\/div><\/div><\/div><\/div><\/div><\/section><section class=\"l-section wpb_row height_huge color_alternate with_shape\"><div class=\"l-section-shape type_zigzag pos_top hor_flip\" style=\"height:3vmin;\"><svg xmlns=\"http:\/\/www.w3.org\/2000\/svg\" viewBox=\"0 0 64 8\" preserveAspectRatio=\"none\" width=\"100%\" height=\"100%\">\r\n\t<path fill=\"currentColor\" d=\"M64 8 L0 8 L0 0 L20 7.9 L40 3 L48 5 L64 0 Z\"\/>\r\n<\/svg><\/div><div class=\"l-section-shape type_zigzag pos_bottom\" style=\"height:3vmin;\"><svg xmlns=\"http:\/\/www.w3.org\/2000\/svg\" viewBox=\"0 0 64 8\" preserveAspectRatio=\"none\" width=\"100%\" height=\"100%\">\r\n\t<path fill=\"currentColor\" d=\"M64 8 L0 8 L0 0 L20 7.9 L40 3 L48 5 L64 0 Z\"\/>\r\n<\/svg><\/div><div class=\"l-section-h i-cf\"><div class=\"g-cols vc_row via_flex valign_top type_default stacking_default\"><div class=\"vc_col-sm-12 wpb_column vc_column_container\"><div class=\"vc_column-inner\"><div class=\"wpb_wrapper\"><div class=\"wpb_text_column\"><div class=\"wpb_wrapper\"><blockquote>\n<p><strong>In het kort:<\/strong> de nevenactiviteiten van de Bi\u00ebnnale 2026 vallen onder het programma <strong>\u2018Otras perlas\u2019<\/strong> en omvatten de gratis tentoonstelling <em>La noche azul<\/em>, optredens van <em>Flamenco a pie de calle<\/em>, de gezongen openingsproclamatie <em>Ecos Primitivos<\/em>, gezinsworkshops met <em>Tirititr\u00e1n<\/em>, stedelijke kunstprojecten zoals <em>Sala de revelado<\/em> en het culturele partnerprogramma <em>Sevilla se deja ver<\/em> met film, tentoonstellingen, lezingen en andere activiteiten.<\/p>\n<\/blockquote>\n<p><strong>Laatst bijgewerkt: 5 september 2026.<\/strong><\/p>\n<p>Zoek je specifiek gratis uitstapjes, bekijk dan ook onze gids <a href=\"https:\/\/www.tablaosflamencos.com\/nl\/flamencobiennale-sevilla-2026-gratis.html\"><strong>Flamencobi\u00ebnnale van Sevilla 2026 gratis<\/strong><\/a>. Voor het plannen van je volledige festivalbezoek is er onze <a href=\"https:\/\/www.tablaosflamencos.com\/nl\/flamenco-biennale-sevilla-2026.html\"><strong>algemene gids voor de Bi\u00ebnnale 2026<\/strong><\/a>.<\/p>\n<\/div><\/div><div class=\"w-separator size_medium\"><\/div><div class=\"w-hwrapper valign_top wrap align_center\" style=\"--hwrapper-gap:1.2rem\"><div class=\"w-btn-wrapper align_none\"><a class=\"w-btn us-btn-style_1\" href=\"https:\/\/www.tablaosflamencos.com\/nl\/flamenco-biennale-sevilla-2026.html\"><span class=\"w-btn-label\">Bekijk de complete Bi\u00ebnnale-gids<\/span><\/a><\/div><div class=\"w-btn-wrapper align_none\"><a class=\"w-btn us-btn-style_11\" href=\"https:\/\/www.tablaosflamencos.com\/nl\/flamencobiennale-sevilla-2026-gratis.html\"><span class=\"w-btn-label\">Bekijk gratis activiteiten<\/span><\/a><\/div><\/div><\/div><\/div><\/div><\/div><\/div><\/section><section class=\"l-section wpb_row height_huge\"><div class=\"l-section-h i-cf\"><div class=\"g-cols vc_row via_flex valign_top type_default stacking_default\"><div class=\"vc_col-sm-3 wpb_column vc_column_container\"><div class=\"vc_column-inner\"><div class=\"wpb_wrapper\"><\/div><\/div><\/div><div class=\"vc_col-sm-6 wpb_column vc_column_container\"><div class=\"vc_column-inner\"><div class=\"wpb_wrapper\"><div class=\"wpb_text_column\"><div class=\"wpb_wrapper\"><h2>Inhoud van deze gids<\/h2>\n<ul>\n<li><a href=\"#resumen\">Nevenactiviteiten in \u00e9\u00e9n oogopslag<\/a><\/li>\n<li><a href=\"#noche-azul\">La noche azul<\/a><\/li>\n<li><a href=\"#calle\">Flamenco a pie de calle<\/a><\/li>\n<li><a href=\"#revelado\">Sala de revelado<\/a><\/li>\n<li><a href=\"#pregon\">Gezongen openingsproclamatie Ecos Primitivos<\/a><\/li>\n<li><a href=\"#familias\">Tirititr\u00e1n: flamenco met het gezin<\/a><\/li>\n<li><a href=\"#sevilla-se-deja-ver\">Sevilla se deja ver: film en cultuur<\/a><\/li>\n<li><a href=\"#organizar\">Zo plan je de activiteiten<\/a><\/li>\n<li><a href=\"#faq\">Veelgestelde vragen<\/a><\/li>\n<\/ul>\n<\/div><\/div><\/div><\/div><\/div><div class=\"vc_col-sm-3 wpb_column vc_column_container\"><div class=\"vc_column-inner\"><div class=\"wpb_wrapper\"><\/div><\/div><\/div><\/div><\/div><\/section><section class=\"l-section wpb_row height_huge\"><div class=\"l-section-h i-cf\"><div class=\"g-cols vc_row via_flex valign_top type_default stacking_default\"><div class=\"vc_col-sm-12 wpb_column vc_column_container\"><div class=\"vc_column-inner\"><div class=\"wpb_wrapper\"><div class=\"wpb_text_column\"><div class=\"wpb_wrapper\"><h2 id=\"resumen\">Overzicht: de nevenactiviteiten van de Bi\u00ebnnale 2026<\/h2>\n<div style=\"overflow-x: auto;\">\n<table>\n<thead>\n<tr>\n<th>Activiteit<\/th>\n<th>Datum<\/th>\n<th>Locatie \/ gebied<\/th>\n<th>Wat je kunt verwachten<\/th>\n<\/tr>\n<\/thead>\n<tbody>\n<tr>\n<td><strong>La noche azul<\/strong><\/td>\n<td>2 september\u201322 november<\/td>\n<td>Real F\u00e1brica de Artiller\u00eda<\/td>\n<td>Grote tentoonstelling over \u00d3pera Flamenca; gratis toegang<\/td>\n<\/tr>\n<tr>\n<td><strong>Flamenco a pie de calle<\/strong><\/td>\n<td>Vanaf 3 september<\/td>\n<td>Verschillende wijken en locaties<\/td>\n<td>Openbare optredens en flamenco buiten de theaters<\/td>\n<\/tr>\n<tr>\n<td><strong>Sala de revelado<\/strong><\/td>\n<td>Vanaf 3 september<\/td>\n<td>Route door de stad Sevilla<\/td>\n<td>Fotografie en geluid over het creatieve proces van Bi\u00ebnnale-artiesten<\/td>\n<\/tr>\n<tr>\n<td><strong>Ecos Primitivos<\/strong><\/td>\n<td>9 september, 20.30 uur<\/td>\n<td>Plaza de San Francisco<\/td>\n<td>Een meeslepende gezongen openingsproclamatie met zang en dans<\/td>\n<\/tr>\n<tr>\n<td><strong>Tirititr\u00e1n<\/strong><\/td>\n<td>11\u201313 september<\/td>\n<td>CaixaForum Sevilla<\/td>\n<td>Gezinsactiviteit om het flamencoritme te ontdekken<\/td>\n<\/tr>\n<tr>\n<td><strong>Flamencas<\/strong><\/td>\n<td>8, 15, 22 en 29 september<\/td>\n<td>Fundaci\u00f3n Tres Culturas<\/td>\n<td>Filmreeks gewijd aan vrouwen in de flamenco<\/td>\n<\/tr>\n<tr>\n<td><strong>Sevilla se deja ver<\/strong><\/td>\n<td>Tijdens de Bi\u00ebnnale<\/td>\n<td>Verschillende instellingen<\/td>\n<td>Film, tentoonstellingen, lezingen en culturele partneractiviteiten<\/td>\n<\/tr>\n<\/tbody>\n<\/table>\n<\/div>\n<p>Data en tijden kunnen tijdens het festival worden uitgebreid of bijgewerkt. Voor gratis lastminuteactiviteiten is het verstandig ook de offici\u00eble kanalen van de Bi\u00ebnnale en van elke deelnemende instelling te raadplegen.<\/p>\n<\/div><\/div><\/div><\/div><\/div><\/div><\/div><\/section><section class=\"l-section wpb_row height_huge color_alternate with_shape\"><div class=\"l-section-shape type_zigzag pos_top\" style=\"height:3vmin;\"><svg xmlns=\"http:\/\/www.w3.org\/2000\/svg\" viewBox=\"0 0 64 8\" preserveAspectRatio=\"none\" width=\"100%\" height=\"100%\">\r\n\t<path fill=\"currentColor\" d=\"M64 8 L0 8 L0 0 L20 7.9 L40 3 L48 5 L64 0 Z\"\/>\r\n<\/svg><\/div><div class=\"l-section-shape type_zigzag pos_bottom\" style=\"height:3vmin;\"><svg xmlns=\"http:\/\/www.w3.org\/2000\/svg\" viewBox=\"0 0 64 8\" preserveAspectRatio=\"none\" width=\"100%\" height=\"100%\">\r\n\t<path fill=\"currentColor\" d=\"M64 8 L0 8 L0 0 L20 7.9 L40 3 L48 5 L64 0 Z\"\/>\r\n<\/svg><\/div><div class=\"l-section-h i-cf\"><div class=\"g-cols vc_row via_flex valign_top type_default stacking_default\"><div class=\"vc_col-sm-6 wpb_column vc_column_container\"><div class=\"vc_column-inner\"><div class=\"wpb_wrapper\"><div class=\"wpb_text_column\"><div class=\"wpb_wrapper\"><h2 id=\"noche-azul\">La noche azul: de grote tentoonstelling van de Bi\u00ebnnale 2026<\/h2>\n<p>De meest ambitieuze nevenactiviteit van deze editie is <strong>\u2018La noche azul. \u00d3pera Flamenca en la colecci\u00f3n de Carlos Mart\u00edn Ballester\u2019<\/strong>. Je kunt de tentoonstelling bezoeken van <strong>2 september tot en met 22 november<\/strong> in de Nave de Grabados van de Real F\u00e1brica de Artiller\u00eda. Ze blijft dus ruim na het einde van de Bi\u00ebnnale open.<\/p>\n<p>De tentoonstelling, samengesteld door Carlos Mart\u00edn Ballester en Zaida Hern\u00e1ndez-\u00darculo, brengt <strong>328 objecten<\/strong> rond het fenomeen \u00d3pera Flamenca samen: affiches, schellakplaten, grammofoons, foto\u2019s en documenten. De route laat zien hoe flamenco tussen de jaren twintig en vijftig uitgroeide tot massavermaak, verbonden met theaters, stierenvechtarena\u2019s, radio en de platenindustrie.<\/p>\n<p>De toegang is <strong>gratis zolang er plaats is<\/strong>. Voor meer verdieping hebben we een aparte gids gemaakt over <a href=\"https:\/\/www.tablaosflamencos.com\/nl\/de-blauwe-nacht-flamenco-opera-biennale-sevilla-2026.html\"><strong>La noche azul en het tijdperk van de \u00d3pera Flamenca<\/strong><\/a>.<\/p>\n<\/div><\/div><\/div><\/div><\/div><div class=\"vc_col-sm-6 wpb_column vc_column_container\"><div class=\"vc_column-inner\"><div class=\"wpb_wrapper\"><div class=\"wpb_text_column\"><div class=\"wpb_wrapper\"><h2>Waarom een bezoek de moeite waard is, ook als je meerdere voorstellingen ziet<\/h2>\n<p>De tentoonstelling biedt iets wat een Bi\u00ebnnale-voorstelling op zichzelf niet kan geven: <strong>historische context<\/strong>. Wanneer je een hedendaagse voorstelling ziet na het bekijken van affiches, opnamen en foto\u2019s van een eeuw geleden, begrijp je beter hoeveel flamenco is veranderd en welke elementen nog steeds voortleven.<\/p>\n<p>De tentoonstelling is ook een handige optie voor het midden van de dag. Je kunt de Real F\u00e1brica de Artiller\u00eda bezoeken en de avond vrijhouden voor een offici\u00eble voorstelling, een tablao of een activiteit op straat.<\/p>\n<p>Doordat de tentoonstelling tot november loopt, is ze bovendien een van de weinige onderdelen van \u2018Otras perlas\u2019 die ook toegankelijk zijn voor bezoekers die pas <strong>na 3 oktober<\/strong> in Sevilla aankomen. Bekijk in dat geval onze gids over <a href=\"https:\/\/www.tablaosflamencos.com\/nl\/flamenco-na-biennale-waar-zien-sevilla.html\"><strong>waar je na de Bi\u00ebnnale flamenco kunt blijven zien in Sevilla<\/strong><\/a>.<\/p>\n<\/div><\/div><\/div><\/div><\/div><\/div><\/div><\/section><section class=\"l-section wpb_row height_huge\"><div class=\"l-section-h i-cf\"><div class=\"g-cols vc_row via_flex valign_top type_default stacking_default\"><div class=\"vc_col-sm-6 wpb_column vc_column_container\"><div class=\"vc_column-inner\"><div class=\"wpb_wrapper\"><div class=\"wpb_text_column\"><div class=\"wpb_wrapper\"><h2 id=\"calle\">Flamenco a pie de calle: de Bi\u00ebnnale verlaat de theaters<\/h2>\n<p>Een van de duidelijkste doelstellingen voor 2026 is om flamenco naar de wijken en alledaagse plekken te brengen. De reeks <strong>Flamenco a pie de calle<\/strong> begon zelfs al v\u00f3\u00f3r de offici\u00eble opening.<\/p>\n<p>Op <strong>3 september<\/strong> was in Pol\u00edgono Sur <em>La noche de las gitanas<\/em> te zien, een collectieve productie rond de herinneringen en flamencocultuur van Roma-vrouwen. Op <strong>4 september<\/strong> presenteerden de broers Diego en Hugo Aguilar <em>Cuesti\u00f3n de tiempo<\/em> in het Monasterio de San Jer\u00f3nimo, een danswerk over herinnering, identiteit en familie-erfgoed.<\/p>\n<p>Op <strong>5 september<\/strong> vindt op de Plaza Virgen del Pilar in La Barzola het tweede Festival Macarena Flamenca plaats, gewijd aan Jos\u00e9 el de la Tomasa. Deze activiteiten laten zien dat de Bi\u00ebnnale 2026 in cultureel opzicht niet pas op de 9e begint: al vanaf begin september verspreidt het programma zich door de stad.<\/p>\n<\/div><\/div><\/div><\/div><\/div><div class=\"vc_col-sm-6 wpb_column vc_column_container\"><div class=\"vc_column-inner\"><div class=\"wpb_wrapper\"><div class=\"wpb_text_column\"><div class=\"wpb_wrapper\"><h2>Een Bi\u00ebnnale op meer plekken in Sevilla<\/h2>\n<p>Het aantrekkelijke van <em>Flamenco a pie de calle<\/em> is niet alleen dat veel activiteiten openbaar toegankelijk zijn. De reeks verandert ook het beeld dat bezoekers van de stad hebben: flamenco blijft niet beperkt tot het monumentale centrum of de grote zalen.<\/p>\n<p>Pol\u00edgono Sur, San Jer\u00f3nimo, Macarena en andere locaties bieden een kennismaking met wijken met uiteenlopende identiteiten. Voor wie meerdere dagen in Sevilla verblijft, zijn deze activiteiten een goede gelegenheid om <strong>de gebruikelijke toeristische route te verlaten<\/strong> en te ontdekken dat de flamencocultuur van de stad niet aan \u00e9\u00e9n wijk toebehoort.<\/p>\n<p>Voor alle gratis mogelijkheden kun je ons artikel bekijken over <a href=\"https:\/\/www.tablaosflamencos.com\/nl\/flamencobiennale-sevilla-2026-gratis.html\"><strong>gratis voorstellingen en activiteiten van de Bi\u00ebnnale 2026<\/strong><\/a>, dat we bijwerken met bevestigde evenementen.<\/p>\n<\/div><\/div><\/div><\/div><\/div><\/div><\/div><\/section><section class=\"l-section wpb_row height_huge color_alternate with_shape\"><div class=\"l-section-shape type_zigzag pos_top hor_flip\" style=\"height:3vmin;\"><svg xmlns=\"http:\/\/www.w3.org\/2000\/svg\" viewBox=\"0 0 64 8\" preserveAspectRatio=\"none\" width=\"100%\" height=\"100%\">\r\n\t<path fill=\"currentColor\" d=\"M64 8 L0 8 L0 0 L20 7.9 L40 3 L48 5 L64 0 Z\"\/>\r\n<\/svg><\/div><div class=\"l-section-shape type_zigzag pos_bottom\" style=\"height:3vmin;\"><svg xmlns=\"http:\/\/www.w3.org\/2000\/svg\" viewBox=\"0 0 64 8\" preserveAspectRatio=\"none\" width=\"100%\" height=\"100%\">\r\n\t<path fill=\"currentColor\" d=\"M64 8 L0 8 L0 0 L20 7.9 L40 3 L48 5 L64 0 Z\"\/>\r\n<\/svg><\/div><div class=\"l-section-h i-cf\"><div class=\"g-cols vc_row via_flex valign_top type_default stacking_default\"><div class=\"vc_col-sm-6 wpb_column vc_column_container\"><div class=\"vc_column-inner\"><div class=\"wpb_wrapper\"><div class=\"wpb_text_column\"><div class=\"wpb_wrapper\"><h2 id=\"revelado\">Sala de revelado: \u2018Ook het onzichtbare is flamenco\u2019<\/h2>\n<p>In september voegde de Bi\u00ebnnale een bijzonder interessant stedelijk kunstproject toe: <strong>\u2018Sala de revelado\u2019<\/strong>. Het project begon op 3 september in de Calle San Jacinto in Triana en is opgezet als een route langs verschillende plekken in de stad, van Triana naar Nervi\u00f3n via de Calle Feria.<\/p>\n<p>Met fotografie en geluid laat het project zien <strong>wat er gebeurt voordat het doek opgaat<\/strong>: repetities, onderzoek, herhaling, zoektochten en de opbouw van voorstellingen.<\/p>\n<p>De offici\u00eble fotograaf van de Bi\u00ebnnale, Laura Le\u00f3n, heeft creatieve processen vastgelegd van artiesten als Manuel Li\u00f1\u00e1n, Ana Morales, Andr\u00e9s Mar\u00edn, David Coria, Patricia Guerrero, het Ballet Flamenco de Andaluc\u00eda en Rosario La Tremendita. Het is een andere manier om de Bi\u00ebnnale te ontdekken zonder een zaal binnen te gaan.<\/p>\n<\/div><\/div><\/div><\/div><\/div><div class=\"vc_col-sm-6 wpb_column vc_column_container\"><div class=\"vc_column-inner\"><div class=\"wpb_wrapper\"><div class=\"wpb_text_column\"><div class=\"wpb_wrapper\"><h2>Flamenco op straat zonder een podium te hoeven zoeken<\/h2>\n<p>Dit initiatief verschilt van <em>Flamenco a pie de calle<\/em>. Het doel is hier niet per se om een volledige voorstelling bij te wonen, maar om <strong>het creatieve proces tegen te komen in de openbare ruimte<\/strong>.<\/p>\n<p>Dat maakt het een bijzonder flexibele activiteit voor bezoekers: je kunt het ontdekken tijdens een wandeling door wijken die al op je route liggen. De Bi\u00ebnnale wil flamenco juist ook laten doordringen tot mensen die niet op zoek waren naar een geplande activiteit.<\/p>\n<p>Het idee past bij een editie die de minder zichtbare kant van het maakproces wil tonen. Wanneer je diezelfde artiesten later op een podium ziet, herken je gemakkelijker hoeveel werk er achter een productie zit.<\/p>\n<\/div><\/div><\/div><\/div><\/div><\/div><\/div><\/section><section class=\"l-section wpb_row height_huge\"><div class=\"l-section-h i-cf\"><div class=\"g-cols vc_row via_flex valign_top type_default stacking_default\"><div class=\"vc_col-sm-6 wpb_column vc_column_container\"><div class=\"vc_column-inner\"><div class=\"wpb_wrapper\"><div class=\"wpb_text_column\"><div class=\"wpb_wrapper\"><h2 id=\"pregon\">Ecos Primitivos: een gezongen openingsproclamatie op de Plaza de San Francisco<\/h2>\n<p>De opening op <strong>9 september<\/strong> omvat een van de bijzonderste activiteiten van het hele nevenprogramma. Om <strong>20.30 uur<\/strong> is de Plaza de San Francisco het decor voor <strong>\u2018Ecos Primitivos. Cante en Altura \u00b7 Danza en Tierra\u2019<\/strong>, opgezet als de gezongen openingsproclamatie van de Bi\u00ebnnale en georganiseerd samen met de Fundaci\u00f3n Cajasol.<\/p>\n<p>De artistieke leiding is in handen van <strong>Segundo Falc\u00f3n<\/strong>. De stemmen van Segundo Falc\u00f3n, Esperanza Fern\u00e1ndez, Pedro El Grana\u00edno, Rafael de Utrera en Mar\u00eda Terremoto klinken vanaf de balkons rond het plein, terwijl <strong>Ana Morales<\/strong> de centrale ruimte met haar dans inneemt.<\/p>\n<p>De stedelijke architectuur wordt zo onderdeel van de dramaturgie: publiek rondom de actie, stemmen vanuit de hoogte en dans op straatniveau. Deze opening is bedoeld als een gezamenlijke belevenis, niet als een gebruikelijke voorstelling waarbij iedereen naar hetzelfde podium kijkt.<\/p>\n<\/div><\/div><\/div><\/div><\/div><div class=\"vc_col-sm-6 wpb_column vc_column_container\"><div class=\"vc_column-inner\"><div class=\"wpb_wrapper\"><div class=\"wpb_text_column\"><div class=\"wpb_wrapper\"><h2>Zo pas je de openingsproclamatie in de eerste Bi\u00ebnnale-avond in<\/h2>\n<p>Door de ligging op de Plaza de San Francisco kun je de proclamatie gemakkelijk combineren met andere plannen in het centrum. De kathedraal, Plaza Nueva, Avenida de la Constituci\u00f3n en de omgeving van het stadhuis liggen op enkele minuten lopen.<\/p>\n<p>Voor de planning van de eerste dagen kun je ook ons artikel raadplegen over <a href=\"https:\/\/www.tablaosflamencos.com\/nl\/opening-flamencobiennale-sevilla-2026.html\"><strong>hoe de opening van de Flamencobi\u00ebnnale 2026 eruitziet<\/strong><\/a> en het artikel <a href=\"https:\/\/www.tablaosflamencos.com\/nl\/flamencobiennale-sevilla-2026-voor-9-september.html\"><strong>De Bi\u00ebnnale begint v\u00f3\u00f3r 9 september<\/strong><\/a>, waarin we de voorafgaande evenementen verzamelen.<\/p>\n<p>Het praktische advies is om ruim op tijd te komen. Omdat de activiteit in de openbare ruimte plaatsvindt, hangt de ervaring sterk af van de plek waar je het samenspel tussen balkons, plein en dans kunt zien en horen.<\/p>\n<\/div><\/div><\/div><\/div><\/div><\/div><\/div><\/section><section class=\"l-section wpb_row height_huge color_alternate with_shape\"><div class=\"l-section-shape type_zigzag pos_top hor_flip\" style=\"height:3vmin;\"><svg xmlns=\"http:\/\/www.w3.org\/2000\/svg\" viewBox=\"0 0 64 8\" preserveAspectRatio=\"none\" width=\"100%\" height=\"100%\">\r\n\t<path fill=\"currentColor\" d=\"M64 8 L0 8 L0 0 L20 7.9 L40 3 L48 5 L64 0 Z\"\/>\r\n<\/svg><\/div><div class=\"l-section-shape type_zigzag pos_bottom\" style=\"height:3vmin;\"><svg xmlns=\"http:\/\/www.w3.org\/2000\/svg\" viewBox=\"0 0 64 8\" preserveAspectRatio=\"none\" width=\"100%\" height=\"100%\">\r\n\t<path fill=\"currentColor\" d=\"M64 8 L0 8 L0 0 L20 7.9 L40 3 L48 5 L64 0 Z\"\/>\r\n<\/svg><\/div><div class=\"l-section-h i-cf\"><div class=\"g-cols vc_row via_flex valign_top type_default stacking_default\"><div class=\"vc_col-sm-6 wpb_column vc_column_container\"><div class=\"vc_column-inner\"><div class=\"wpb_wrapper\"><div class=\"wpb_text_column\"><div class=\"wpb_wrapper\"><h2 id=\"familias\">Tirititr\u00e1n: beleef het flamencoritme met het gezin<\/h2>\n<p>De Bi\u00ebnnale 2026 heeft ook een activiteit die speciaal voor gezinnen is ontwikkeld. <strong>\u2018Kom het flamencoritme beleven met het gezin en Tirititr\u00e1n\u2019<\/strong> vindt plaats in CaixaForum Sevilla op <strong>11, 12 en 13 september<\/strong> met verschillende sessies en tijdstippen.<\/p>\n<p>De workshop onder leiding van <strong>Ra\u00fal Mart\u00ednez<\/strong> gebruikt de alegr\u00edas om kinderen en volwassenen te laten kennismaken met de ritmische cyclus van twaalf tellen, via lichaamspercussie, ritmespelletjes en actief meedoen.<\/p>\n<p>De activiteit is gratis en laat je flamenco van binnenuit ervaren: niet alleen kijken of luisteren, maar <strong>het ritme voelen en meedoen<\/strong>. Voor gezinnen die tijdens de Bi\u00ebnnale naar Sevilla reizen, kan dit een van de toegankelijkste en verrassendste nevenactiviteiten zijn.<\/p>\n<\/div><\/div><\/div><\/div><\/div><div class=\"vc_col-sm-6 wpb_column vc_column_container\"><div class=\"vc_column-inner\"><div class=\"wpb_wrapper\"><div class=\"wpb_text_column\"><div class=\"wpb_wrapper\"><h2>De Bi\u00ebnnale is ook geschikt voor een uitstapje met kinderen<\/h2>\n<p>Een festival van deze omvang hoeft niet uitsluitend \u2019s avonds plaats te vinden of alleen voor volwassenen te zijn. De workshop in CaixaForum maakt flamenco toegankelijk via spel en ritme, zonder dat voorkennis nodig is.<\/p>\n<p>Reis je met het gezin, bekijk dan dagelijks de offici\u00eble agenda, want toegangsvoorwaarden, sessies en capaciteit kunnen per activiteit verschillen. Lees ook bij voorstellingen in theaters en tablaos de specifieke voorwaarden voordat je reserveert.<\/p>\n<p>De combinatie kan heel goed werken: overdag een gezinsworkshop, een wandeling door Sevilla en \u2019s middags of \u2019s avonds een voorstelling die bij het gezelschap past.<\/p>\n<\/div><\/div><\/div><\/div><\/div><\/div><\/div><\/section><section class=\"l-section wpb_row height_huge\"><div class=\"l-section-h i-cf\"><div class=\"g-cols vc_row via_flex valign_top type_default stacking_default\"><div class=\"vc_col-sm-6 wpb_column vc_column_container\"><div class=\"vc_column-inner\"><div class=\"wpb_wrapper\"><div class=\"wpb_text_column\"><div class=\"wpb_wrapper\"><h2 id=\"sevilla-se-deja-ver\">\u2018Sevilla se deja ver\u2019: film, tentoonstellingen en activiteiten van culturele instellingen<\/h2>\n<p>Naast de activiteiten die rechtstreeks door de Bi\u00ebnnale worden geproduceerd, is er een partnerprogramma onder de naam <strong>\u2018Sevilla se deja ver\u2019<\/strong>. Universiteiten, stichtingen en culturele organisaties uit de stad breiden het festival uit met tentoonstellingen, filmvertoningen, lezingen en ontmoetingen.<\/p>\n<p>Film is een van de duidelijkste pijlers. De <strong>Fundaci\u00f3n Tres Culturas del Mediterr\u00e1neo<\/strong> organiseert de reeks <strong>\u2018Flamencas\u2019<\/strong> op <strong>8, 15, 22 en 29 september<\/strong> met documentaires over vrouwen die hebben bijgedragen aan de ontwikkeling, het behoud en de internationale verspreiding van flamenco.<\/p>\n<p>Dit soort programmering biedt een kennismaking met de flamencokunst via herinnering, reflectie en audiovisuele werken. Dat is bijzonder interessant voor wie verder wil kijken dan de podiumvoorstelling.<\/p>\n<\/div><\/div><\/div><\/div><\/div><div class=\"vc_col-sm-6 wpb_column vc_column_container\"><div class=\"vc_column-inner\"><div class=\"wpb_wrapper\"><div class=\"wpb_text_column\"><div class=\"wpb_wrapper\"><h2>Waarom je ook de agenda\u2019s van de instellingen moet bekijken<\/h2>\n<p>Het partnerprogramma is het meest verspreide onderdeel van de Bi\u00ebnnale. Niet alles speelt zich af in de gebruikelijke theaters of volgt dezelfde presentatie- en kaartverkoopstructuur als de belangrijkste voorstellingen.<\/p>\n<p>Blijf je meerdere dagen, dan is het daarom de moeite waard om naast de website van de Bi\u00ebnnale ook de agenda\u2019s van de deelnemende instellingen te raadplegen. Misschien vind je een lezing, filmvertoning of tentoonstelling die precies tussen twee voorstellingen past.<\/p>\n<p>Dit programma verandert de stad bovendien in een soort <strong>uitgebreid festival<\/strong>: bezoekers kunnen de dag beginnen met erfgoed of film en afsluiten met live zang, dans of gitaar.<\/p>\n<\/div><\/div><\/div><\/div><\/div><\/div><\/div><\/section><section class=\"l-section wpb_row height_huge color_alternate with_shape\"><div class=\"l-section-shape type_zigzag pos_top\" style=\"height:3vmin;\"><svg xmlns=\"http:\/\/www.w3.org\/2000\/svg\" viewBox=\"0 0 64 8\" preserveAspectRatio=\"none\" width=\"100%\" height=\"100%\">\r\n\t<path fill=\"currentColor\" d=\"M64 8 L0 8 L0 0 L20 7.9 L40 3 L48 5 L64 0 Z\"\/>\r\n<\/svg><\/div><div class=\"l-section-shape type_zigzag pos_bottom\" style=\"height:3vmin;\"><svg xmlns=\"http:\/\/www.w3.org\/2000\/svg\" viewBox=\"0 0 64 8\" preserveAspectRatio=\"none\" width=\"100%\" height=\"100%\">\r\n\t<path fill=\"currentColor\" d=\"M64 8 L0 8 L0 0 L20 7.9 L40 3 L48 5 L64 0 Z\"\/>\r\n<\/svg><\/div><div class=\"l-section-h i-cf\"><div class=\"g-cols vc_row via_flex valign_top type_default stacking_default\"><div class=\"vc_col-sm-6 wpb_column vc_column_container\"><div class=\"vc_column-inner\"><div class=\"wpb_wrapper\"><div class=\"wpb_text_column\"><div class=\"wpb_wrapper\"><h2 id=\"organizar\">Zo plan je een dag met nevenactiviteiten en flamenco<\/h2>\n<p>Om van de Bi\u00ebnnale te genieten zonder je dag te vol te plannen, is het verstandig ruimte te maken voor <strong>\u00e9\u00e9n activiteit overdag en \u00e9\u00e9n centrale flamencobeleving<\/strong>.<\/p>\n<p>Zo kun je bijvoorbeeld <em>La noche azul<\/em> in de ochtend of middag bezoeken, pauzeren in het centrum en daarna naar een offici\u00eble voorstelling gaan. Een andere optie is een filmvertoning van <em>Flamencas<\/em> kiezen en de avond afsluiten met een tablao.<\/p>\n<p>Past het offici\u00eble programma van die dag niet bij je plannen of is het uitverkocht, raadpleeg dan onze gids <a href=\"https:\/\/www.tablaosflamencos.com\/nl\/flamencobiennale-uitverkocht-flamenco-vanavond-sevilla.html\"><strong>Bi\u00ebnnale uitverkocht: waar je vandaag flamenco kunt zien in Sevilla<\/strong><\/a> of het artikel <a href=\"https:\/\/www.tablaosflamencos.com\/nl\/flamenco-vanavond-sevilla-biennale-2026.html\"><strong>Flamenco vanavond in Sevilla tijdens de Bi\u00ebnnale<\/strong><\/a>.<\/p>\n<\/div><\/div><\/div><\/div><\/div><div class=\"vc_col-sm-6 wpb_column vc_column_container\"><div class=\"vc_column-inner\"><div class=\"wpb_wrapper\"><div class=\"wpb_text_column\"><div class=\"wpb_wrapper\"><h2>Probeer niet alles te doen<\/h2>\n<p>De Bi\u00ebnnale duurt meerdere weken en het nevenprogramma overlapt met tientallen voorstellingen. Te veel activiteiten achter elkaar plannen kan een culturele ervaring veranderen in een race door de stad.<\/p>\n<p>Kies op basis van je interesses: <strong>geschiedenis<\/strong> bij <em>La noche azul<\/em>; <strong>de openbare ruimte<\/strong> bij <em>Flamenco a pie de calle<\/em> en <em>Sala de revelado<\/em>; <strong>gezinnen<\/strong> bij <em>Tirititr\u00e1n<\/em>; <strong>film en reflectie<\/strong> bij <em>Sevilla se deja ver<\/em>; en <strong>een gezamenlijke belevenis<\/strong> bij <em>Ecos Primitivos<\/em>.<\/p>\n<p>Houd daarna tijd over om te wandelen, te eten en van Sevilla te genieten. Tijdens de Bi\u00ebnnale zit flamenco ook in de sfeer van de stad, niet alleen in het volgende evenement op de agenda.<\/p>\n<\/div><\/div><\/div><\/div><\/div><\/div><\/div><\/section><section class=\"l-section wpb_row height_huge\"><div class=\"l-section-h i-cf\"><div class=\"g-cols vc_row via_flex valign_top type_default stacking_default\"><div class=\"vc_col-sm-12 wpb_column vc_column_container\"><div class=\"vc_column-inner\"><div class=\"wpb_wrapper\"><div class=\"wpb_text_column\"><div class=\"wpb_wrapper\"><h2>Welke activiteiten zijn gratis?<\/h2>\n<p>Een belangrijk deel van de nevenactiviteiten wil de Bi\u00ebnnale voor meer mensen toegankelijk maken. <strong>La noche azul<\/strong> is gratis toegankelijk zolang er plaats is; <strong>Tirititr\u00e1n<\/strong> wordt aangeboden als gratis activiteit; en veel evenementen in de openbare ruimte laten je flamenco ontdekken zonder een theaterkaartje te kopen.<\/p>\n<p>Toch betekent \u2018nevenactiviteit\u2019 niet automatisch \u2018gratis activiteit\u2019. Het partnerprogramma kan evenementen bevatten met uiteenlopende voorwaarden, afhankelijk van de organiserende instelling. Controleer daarom altijd de afzonderlijke evenementpagina voordat je op pad gaat.<\/p>\n<p>Om deze twee zoekvragen van elkaar te onderscheiden, verzamelen we in onze gids <a href=\"https:\/\/www.tablaosflamencos.com\/nl\/flamencobiennale-sevilla-2026-gratis.html\"><strong>Flamencobi\u00ebnnale 2026 gratis<\/strong><\/a> specifiek de gratis uitstapjes, terwijl deze pagina een overzicht geeft van het volledige nevenprogramma.<\/p>\n<\/div><\/div><div class=\"w-separator size_medium\"><\/div><div class=\"w-hwrapper valign_top wrap align_center\" style=\"--hwrapper-gap:1.2rem\"><div class=\"w-btn-wrapper align_none\"><a class=\"w-btn us-btn-style_1\" href=\"https:\/\/www.tablaosflamencos.com\/nl\/flamencobiennale-sevilla-2026-gratis.html\"><span class=\"w-btn-label\">Ontdek de Bi\u00ebnnale 2026 gratis<\/span><\/a><\/div><div class=\"w-btn-wrapper align_none\"><a class=\"w-btn us-btn-style_11\" href=\"https:\/\/www.tablaosflamencos.com\/nl\/flamenco-vanavond-sevilla-biennale-2026.html\"><span class=\"w-btn-label\">Flamenco vanavond in Sevilla<\/span><\/a><\/div><\/div><\/div><\/div><\/div><\/div><\/div><\/section><section class=\"l-section wpb_row height_huge color_alternate with_shape\"><div class=\"l-section-shape type_zigzag pos_top hor_flip\" style=\"height:3vmin;\"><svg xmlns=\"http:\/\/www.w3.org\/2000\/svg\" viewBox=\"0 0 64 8\" preserveAspectRatio=\"none\" width=\"100%\" height=\"100%\">\r\n\t<path fill=\"currentColor\" d=\"M64 8 L0 8 L0 0 L20 7.9 L40 3 L48 5 L64 0 Z\"\/>\r\n<\/svg><\/div><div class=\"l-section-shape type_zigzag pos_bottom\" style=\"height:3vmin;\"><svg xmlns=\"http:\/\/www.w3.org\/2000\/svg\" viewBox=\"0 0 64 8\" preserveAspectRatio=\"none\" width=\"100%\" height=\"100%\">\r\n\t<path fill=\"currentColor\" d=\"M64 8 L0 8 L0 0 L20 7.9 L40 3 L48 5 L64 0 Z\"\/>\r\n<\/svg><\/div><div class=\"l-section-h i-cf\"><div class=\"g-cols vc_row via_flex valign_top type_default stacking_default\"><div class=\"vc_col-sm-1\/5 wpb_column vc_column_container\"><div class=\"vc_column-inner\"><div class=\"wpb_wrapper\"><\/div><\/div><\/div><div class=\"vc_col-sm-3\/5 wpb_column vc_column_container\"><div class=\"vc_column-inner\"><div class=\"wpb_wrapper\"><div class=\"wpb_text_column\"><div class=\"wpb_wrapper\"><h2 id=\"faq\">Veelgestelde vragen over de nevenactiviteiten van de Bi\u00ebnnale 2026<\/h2>\n<\/div><\/div><div class=\"w-separator size_medium\"><\/div><div class=\"w-tabs accordion toggle_style_1 has_scrolling\" style=\"--sections-title-size:inherit;--sections-gap:0.5rem;\"><div class=\"w-tabs-sections titles-align_none icon_plus cpos_left\"><div class=\"w-tabs-section\" id=\"p836\" itemscope itemprop=\"mainEntity\" itemtype=\"https:\/\/schema.org\/Question\"><button type=\"button\" class=\"w-tabs-section-header\" aria-controls=\"content-p836\" aria-expanded=\"false\"><h3 class=\"w-tabs-section-title\" itemprop=\"name\">Wat zijn de nevenactiviteiten van de Bi\u00ebnnale 2026?<\/h3><div class=\"w-tabs-section-control\"><\/div><\/button><div  class=\"w-tabs-section-content\" id=\"content-p836\" itemscope itemprop=\"acceptedAnswer\" itemtype=\"https:\/\/schema.org\/Answer\"><div class=\"w-tabs-section-content-h i-cf\" itemprop=\"text\"><div class=\"wpb_text_column\"><div class=\"wpb_wrapper\"><p>Het zijn activiteiten die de belangrijkste voorstellingen van de Bi\u00ebnnale aanvullen: tentoonstellingen, film, optredens in de openbare ruimte, gezinsactiviteiten, ontmoetingen, lezingen en culturele projecten verspreid over Sevilla. Een groot deel valt onder het programma \u2018Otras perlas\u2019.<\/p>\n<\/div><\/div><\/div><\/div><\/div><div class=\"w-tabs-section\" id=\"m952\" itemscope itemprop=\"mainEntity\" itemtype=\"https:\/\/schema.org\/Question\"><button type=\"button\" class=\"w-tabs-section-header\" aria-controls=\"content-m952\" aria-expanded=\"false\"><h3 class=\"w-tabs-section-title\" itemprop=\"name\">Waar kan ik het programma van Otras perlas bekijken?<\/h3><div class=\"w-tabs-section-control\"><\/div><\/button><div  class=\"w-tabs-section-content\" id=\"content-m952\" itemscope itemprop=\"acceptedAnswer\" itemtype=\"https:\/\/schema.org\/Answer\"><div class=\"w-tabs-section-content-h i-cf\" itemprop=\"text\"><div class=\"wpb_text_column\"><div class=\"wpb_wrapper\"><p>De Bi\u00ebnnale heeft op de offici\u00eble website een apart gedeelte voor nevenactiviteiten. Omdat er evenementen kunnen worden toegevoegd of gewijzigd, is het verstandig de agenda tijdens je bezoek opnieuw te bekijken.<\/p>\n<\/div><\/div><\/div><\/div><\/div><div class=\"w-tabs-section\" id=\"da40\" itemscope itemprop=\"mainEntity\" itemtype=\"https:\/\/schema.org\/Question\"><button type=\"button\" class=\"w-tabs-section-header\" aria-controls=\"content-da40\" aria-expanded=\"false\"><h3 class=\"w-tabs-section-title\" itemprop=\"name\">Zijn de nevenactiviteiten gratis?<\/h3><div class=\"w-tabs-section-control\"><\/div><\/button><div  class=\"w-tabs-section-content\" id=\"content-da40\" itemscope itemprop=\"acceptedAnswer\" itemtype=\"https:\/\/schema.org\/Answer\"><div class=\"w-tabs-section-content-h i-cf\" itemprop=\"text\"><div class=\"wpb_text_column\"><div class=\"wpb_wrapper\"><p>Veel wel, vooral sommige straatactiviteiten, La noche azul en gezinsactiviteiten zoals Tirititr\u00e1n. Niet overal gelden echter dezelfde voorwaarden, dus controleer elke evenementpagina afzonderlijk.<\/p>\n<\/div><\/div><\/div><\/div><\/div><div class=\"w-tabs-section\" id=\"xb14\" itemscope itemprop=\"mainEntity\" itemtype=\"https:\/\/schema.org\/Question\"><button type=\"button\" class=\"w-tabs-section-header\" aria-controls=\"content-xb14\" aria-expanded=\"false\"><h3 class=\"w-tabs-section-title\" itemprop=\"name\">Wanneer kan ik La noche azul bezoeken?<\/h3><div class=\"w-tabs-section-control\"><\/div><\/button><div  class=\"w-tabs-section-content\" id=\"content-xb14\" itemscope itemprop=\"acceptedAnswer\" itemtype=\"https:\/\/schema.org\/Answer\"><div class=\"w-tabs-section-content-h i-cf\" itemprop=\"text\"><div class=\"wpb_text_column\"><div class=\"wpb_wrapper\"><p>De tentoonstelling is van 2 september tot en met 22 november 2026 te bezoeken in de Nave de Grabados van de Real F\u00e1brica de Artiller\u00eda. Ze loopt ruim voorbij de offici\u00eble festivaldata van de Bi\u00ebnnale.<\/p>\n<\/div><\/div><\/div><\/div><\/div><div class=\"w-tabs-section\" id=\"fbe2\" itemscope itemprop=\"mainEntity\" itemtype=\"https:\/\/schema.org\/Question\"><button type=\"button\" class=\"w-tabs-section-header\" aria-controls=\"content-fbe2\" aria-expanded=\"false\"><h3 class=\"w-tabs-section-title\" itemprop=\"name\">Is er gratis flamenco op straat tijdens de Bi\u00ebnnale?<\/h3><div class=\"w-tabs-section-control\"><\/div><\/button><div  class=\"w-tabs-section-content\" id=\"content-fbe2\" itemscope itemprop=\"acceptedAnswer\" itemtype=\"https:\/\/schema.org\/Answer\"><div class=\"w-tabs-section-content-h i-cf\" itemprop=\"text\"><div class=\"wpb_text_column\"><div class=\"wpb_wrapper\"><p>Ja. Het programma Flamenco a pie de calle brengt evenementen naar verschillende wijken en plekken in Sevilla. Daarnaast ontwikkelt de Bi\u00ebnnale stedelijke kunstprojecten zoals Sala de revelado en andere openbare evenementen binnen het nevenprogramma.<\/p>\n<\/div><\/div><\/div><\/div><\/div><div class=\"w-tabs-section\" id=\"ncd0\" itemscope itemprop=\"mainEntity\" itemtype=\"https:\/\/schema.org\/Question\"><button type=\"button\" class=\"w-tabs-section-header\" aria-controls=\"content-ncd0\" aria-expanded=\"false\"><h3 class=\"w-tabs-section-title\" itemprop=\"name\">Wat is Ecos Primitivos?<\/h3><div class=\"w-tabs-section-control\"><\/div><\/button><div  class=\"w-tabs-section-content\" id=\"content-ncd0\" itemscope itemprop=\"acceptedAnswer\" itemtype=\"https:\/\/schema.org\/Answer\"><div class=\"w-tabs-section-content-h i-cf\" itemprop=\"text\"><div class=\"wpb_text_column\"><div class=\"wpb_wrapper\"><p>Het is de gezongen openingsproclamatie van de Bi\u00ebnnale 2026, onder leiding van Segundo Falc\u00f3n. Ze vindt plaats op 9 september om 20.30 uur op de Plaza de San Francisco en combineert vijf stemmen vanaf de balkons met de dans van Ana Morales in het midden van het plein.<\/p>\n<\/div><\/div><\/div><\/div><\/div><div class=\"w-tabs-section\" id=\"jdb0\" itemscope itemprop=\"mainEntity\" itemtype=\"https:\/\/schema.org\/Question\"><button type=\"button\" class=\"w-tabs-section-header\" aria-controls=\"content-jdb0\" aria-expanded=\"false\"><h3 class=\"w-tabs-section-title\" itemprop=\"name\">Zijn er Bi\u00ebnnale-activiteiten voor kinderen?<\/h3><div class=\"w-tabs-section-control\"><\/div><\/button><div  class=\"w-tabs-section-content\" id=\"content-jdb0\" itemscope itemprop=\"acceptedAnswer\" itemtype=\"https:\/\/schema.org\/Answer\"><div class=\"w-tabs-section-content-h i-cf\" itemprop=\"text\"><div class=\"wpb_text_column\"><div class=\"wpb_wrapper\"><p>Ja. Tirititr\u00e1n biedt in CaixaForum een kennismaking met het flamencoritme voor het hele gezin, via lichaamspercussie, ritmespelletjes en meedoen. De activiteit staat gepland op 11, 12 en 13 september.<\/p>\n<\/div><\/div><\/div><\/div><\/div><div class=\"w-tabs-section\" id=\"ue7a\" itemscope itemprop=\"mainEntity\" itemtype=\"https:\/\/schema.org\/Question\"><button type=\"button\" class=\"w-tabs-section-header\" aria-controls=\"content-ue7a\" aria-expanded=\"false\"><h3 class=\"w-tabs-section-title\" itemprop=\"name\">Zijn er flamencofilms tijdens de Bi\u00ebnnale 2026?<\/h3><div class=\"w-tabs-section-control\"><\/div><\/button><div  class=\"w-tabs-section-content\" id=\"content-ue7a\" itemscope itemprop=\"acceptedAnswer\" itemtype=\"https:\/\/schema.org\/Answer\"><div class=\"w-tabs-section-content-h i-cf\" itemprop=\"text\"><div class=\"wpb_text_column\"><div class=\"wpb_wrapper\"><p>Ja. Binnen Sevilla se deja ver organiseert de Fundaci\u00f3n Tres Culturas de reeks Flamencas op 8, 15, 22 en 29 september, met documentaires over vrouwen die van grote betekenis zijn voor de geschiedenis en bekendheid van flamenco.<\/p>\n<\/div><\/div><\/div><\/div><\/div><div class=\"w-tabs-section\" id=\"mf3a\" itemscope itemprop=\"mainEntity\" itemtype=\"https:\/\/schema.org\/Question\"><button type=\"button\" class=\"w-tabs-section-header\" aria-controls=\"content-mf3a\" aria-expanded=\"false\"><h3 class=\"w-tabs-section-title\" itemprop=\"name\">Beginnen de nevenactiviteiten v\u00f3\u00f3r 9 september?<\/h3><div class=\"w-tabs-section-control\"><\/div><\/button><div  class=\"w-tabs-section-content\" id=\"content-mf3a\" itemscope itemprop=\"acceptedAnswer\" itemtype=\"https:\/\/schema.org\/Answer\"><div class=\"w-tabs-section-content-h i-cf\" itemprop=\"text\"><div class=\"wpb_text_column\"><div class=\"wpb_wrapper\"><p>Ja. De tentoonstelling La noche azul opende op 2 september en Flamenco a pie de calle begon op de 3e. De culturele activiteiten van de Bi\u00ebnnale starten dus v\u00f3\u00f3r de offici\u00eble openingsdatum van het festival.<\/p>\n<\/div><\/div><\/div><\/div><\/div><div class=\"w-tabs-section\" id=\"rff8\" itemscope itemprop=\"mainEntity\" itemtype=\"https:\/\/schema.org\/Question\"><button type=\"button\" class=\"w-tabs-section-header\" aria-controls=\"content-rff8\" aria-expanded=\"false\"><h3 class=\"w-tabs-section-title\" itemprop=\"name\">Wat kan ik doen als ik geen tickets heb voor een Bi\u00ebnnale-voorstelling?<\/h3><div class=\"w-tabs-section-control\"><\/div><\/button><div  class=\"w-tabs-section-content\" id=\"content-rff8\" itemscope itemprop=\"acceptedAnswer\" itemtype=\"https:\/\/schema.org\/Answer\"><div class=\"w-tabs-section-content-h i-cf\" itemprop=\"text\"><div class=\"wpb_text_column\"><div class=\"wpb_wrapper\"><p>Je kunt tentoonstellingen, film en activiteiten in de openbare ruimte bezoeken. Om de dag af te sluiten met live flamenco, kun je de tablaos in Sevilla vergelijken die nog beschikbaar zijn voor diezelfde avond.<\/p>\n<\/div><\/div><\/div><\/div><\/div><\/div><\/div><\/div><\/div><\/div><div class=\"vc_col-sm-1\/5 wpb_column vc_column_container\"><div class=\"vc_column-inner\"><div class=\"wpb_wrapper\"><\/div><\/div><\/div><\/div><\/div><\/section><section class=\"l-section wpb_row height_huge\"><div class=\"l-section-h i-cf\"><div class=\"g-cols vc_row via_flex valign_top type_default stacking_default\"><div class=\"vc_col-sm-12 wpb_column vc_column_container\"><div class=\"vc_column-inner\"><div class=\"wpb_wrapper\"><div class=\"wpb_text_column\"><div class=\"wpb_wrapper\"><h2 style=\"text-align: center;\">De Bi\u00ebnnale gebeurt ook buiten het podium<\/h2>\n<p style=\"text-align: center;\">Het nevenprogramma van 2026 bevestigt een belangrijk idee: de Bi\u00ebnnale van Sevilla is meer dan een reeks voorstellingen. Gedurende meerdere weken krijgt flamenco een plaats in musea, stichtingen, op pleinen, in wijken, op filmschermen en bij gezinsactiviteiten.<\/p>\n<p style=\"text-align: center;\">Maak tijdens je festivalverblijf in Sevilla tijd voor enkele van deze \u2018Otras perlas\u2019. Een tentoonstelling, filmvertoning of activiteit op straat kan je een andere kijk op flamenco geven en een avond met zang, dans en gitaar perfect aanvullen.<\/p>\n<\/div><\/div><\/div><\/div><\/div><\/div><\/div><\/section>\n","protected":false},"excerpt":{"rendered":"<p>Gids voor de nevenactiviteiten van de Flamencobi\u00ebnnale van Sevilla 2026: tentoonstellingen, film, flamenco op straat, gezinsactiviteiten en het culturele partnerprogramma.<\/p>\n","protected":false},"author":1,"featured_media":14654,"comment_status":"closed","ping_status":"closed","sticky":false,"template":"","format":"standard","meta":{"_acf_changed":false,"wpai_generated_summary":"","_ayudawp_aiss_exclude":false,"_ayudawp_aiss_exclude_summary":false,"_ayudawp_aiss_summary":"","_ayudawp_aiss_summary_provider":"","_ayudawp_aiss_summary_hash":"","footnotes":""},"categories":[1432],"tags":[1227,1228,1229,1230,1133,423],"class_list":["post-14689","post","type-post","status-publish","format-standard","has-post-thumbnail","hentry","category-flamencobiennale","tag-agenda-flamenca","tag-bienal-2026","tag-bienal-de-flamenco","tag-festivales-flamencos","tag-flamenco-en-sevilla","tag-sevilla"],"acf":[],"yoast_head":"<!-- This site is optimized with the Yoast SEO Premium plugin v28.4 (Yoast SEO v28.4) - https:\/\/yoast.com\/product\/yoast-seo-premium-wordpress\/ -->\n<title>Bi\u00ebnnale 2026: nevenactiviteiten, tentoonstellingen en film<\/title>\n<meta name=\"description\" content=\"Ontdek de nevenactiviteiten van de Flamencobi\u00ebnnale Sevilla 2026: tentoonstellingen, film, flamenco op straat, gezinsworkshops en gratis uitstapjes.\" \/>\n<meta name=\"robots\" content=\"index, follow, max-snippet:-1, max-image-preview:large, max-video-preview:-1\" \/>\n<link rel=\"canonical\" href=\"https:\/\/www.tablaosflamencos.com\/nl\/nevenactiviteiten-flamencobiennale-sevilla-2026.html\" \/>\n<meta property=\"og:locale\" content=\"nl_NL\" \/>\n<meta property=\"og:type\" content=\"article\" \/>\n<meta property=\"og:title\" content=\"Nevenactiviteiten van de Bi\u00ebnnale 2026: tentoonstellingen, film, flamenco op straat en meer\" \/>\n<meta property=\"og:description\" content=\"Ontdek de nevenactiviteiten van de Flamencobi\u00ebnnale Sevilla 2026: tentoonstellingen, film, flamenco op straat, gezinsworkshops en gratis uitstapjes.\" \/>\n<meta property=\"og:url\" content=\"https:\/\/www.tablaosflamencos.com\/nl\/nevenactiviteiten-flamencobiennale-sevilla-2026.html\" \/>\n<meta property=\"og:site_name\" content=\"Tablaos Flamencos\" \/>\n<meta property=\"article:publisher\" content=\"https:\/\/www.facebook.com\/tablaosflamencos\" \/>\n<meta property=\"article:published_time\" content=\"2026-09-05T09:17:33+00:00\" \/>\n<meta property=\"article:modified_time\" content=\"2026-09-05T10:14:54+00:00\" \/>\n<meta property=\"og:image\" content=\"https:\/\/www.tablaosflamencos.com\/wp-content\/uploads\/actividades-paralelas-de-la-bienal-2026-exposiciones-cine-flamenco-en-la-calle-y-mas-01.webp\" \/>\n\t<meta property=\"og:image:width\" content=\"1672\" \/>\n\t<meta property=\"og:image:height\" content=\"941\" \/>\n\t<meta property=\"og:image:type\" content=\"image\/webp\" \/>\n<meta name=\"author\" content=\"Miguel Ortiz\" \/>\n<meta name=\"twitter:card\" content=\"summary_large_image\" \/>\n<meta name=\"twitter:creator\" content=\"@tablaosflamenco\" \/>\n<meta name=\"twitter:site\" content=\"@tablaosflamenco\" \/>\n<meta name=\"twitter:label1\" content=\"Geschreven door\" \/>\n\t<meta name=\"twitter:data1\" content=\"Miguel Ortiz\" \/>\n\t<meta name=\"twitter:label2\" content=\"Geschatte leestijd\" \/>\n\t<meta name=\"twitter:data2\" content=\"19 minuten\" \/>\n<script type=\"application\/ld+json\" class=\"yoast-schema-graph\">{\"@context\":\"https:\\\/\\\/schema.org\",\"@graph\":[{\"@type\":\"Article\",\"@id\":\"https:\\\/\\\/www.tablaosflamencos.com\\\/nl\\\/nevenactiviteiten-flamencobiennale-sevilla-2026.html#article\",\"isPartOf\":{\"@id\":\"https:\\\/\\\/www.tablaosflamencos.com\\\/nl\\\/nevenactiviteiten-flamencobiennale-sevilla-2026.html\"},\"author\":{\"name\":\"Miguel Ortiz\",\"@id\":\"https:\\\/\\\/www.tablaosflamencos.com\\\/nl#\\\/schema\\\/person\\\/e7a9ebe14eb75a52ceabfbffb3c54f5d\"},\"headline\":\"Nevenactiviteiten van de Bi\u00ebnnale 2026: tentoonstellingen, film, flamenco op straat en meer\",\"datePublished\":\"2026-09-05T09:17:33+00:00\",\"dateModified\":\"2026-09-05T10:14:54+00:00\",\"mainEntityOfPage\":{\"@id\":\"https:\\\/\\\/www.tablaosflamencos.com\\\/nl\\\/nevenactiviteiten-flamencobiennale-sevilla-2026.html\"},\"wordCount\":3770,\"publisher\":{\"@id\":\"https:\\\/\\\/www.tablaosflamencos.com\\\/nl#organization\"},\"image\":{\"@id\":\"https:\\\/\\\/www.tablaosflamencos.com\\\/nl\\\/nevenactiviteiten-flamencobiennale-sevilla-2026.html#primaryimage\"},\"thumbnailUrl\":\"https:\\\/\\\/www.tablaosflamencos.com\\\/wp-content\\\/uploads\\\/actividades-paralelas-de-la-bienal-2026-exposiciones-cine-flamenco-en-la-calle-y-mas-01.webp\",\"keywords\":[\"agenda flamenca\",\"Bienal 2026\",\"Bienal de Flamenco\",\"festivales flamencos\",\"flamenco en Sevilla\",\"sevilla\"],\"articleSection\":[\"Flamencobi\u00ebnnale\"],\"inLanguage\":\"nl-NL\"},{\"@type\":\"WebPage\",\"@id\":\"https:\\\/\\\/www.tablaosflamencos.com\\\/nl\\\/nevenactiviteiten-flamencobiennale-sevilla-2026.html\",\"url\":\"https:\\\/\\\/www.tablaosflamencos.com\\\/nl\\\/nevenactiviteiten-flamencobiennale-sevilla-2026.html\",\"name\":\"Bi\u00ebnnale 2026: nevenactiviteiten, tentoonstellingen en film\",\"isPartOf\":{\"@id\":\"https:\\\/\\\/www.tablaosflamencos.com\\\/nl#website\"},\"primaryImageOfPage\":{\"@id\":\"https:\\\/\\\/www.tablaosflamencos.com\\\/nl\\\/nevenactiviteiten-flamencobiennale-sevilla-2026.html#primaryimage\"},\"image\":{\"@id\":\"https:\\\/\\\/www.tablaosflamencos.com\\\/nl\\\/nevenactiviteiten-flamencobiennale-sevilla-2026.html#primaryimage\"},\"thumbnailUrl\":\"https:\\\/\\\/www.tablaosflamencos.com\\\/wp-content\\\/uploads\\\/actividades-paralelas-de-la-bienal-2026-exposiciones-cine-flamenco-en-la-calle-y-mas-01.webp\",\"datePublished\":\"2026-09-05T09:17:33+00:00\",\"dateModified\":\"2026-09-05T10:14:54+00:00\",\"description\":\"Ontdek de nevenactiviteiten van de Flamencobi\u00ebnnale Sevilla 2026: tentoonstellingen, film, flamenco op straat, gezinsworkshops en gratis uitstapjes.\",\"breadcrumb\":{\"@id\":\"https:\\\/\\\/www.tablaosflamencos.com\\\/nl\\\/nevenactiviteiten-flamencobiennale-sevilla-2026.html#breadcrumb\"},\"inLanguage\":\"nl-NL\",\"potentialAction\":[{\"@type\":\"ReadAction\",\"target\":[\"https:\\\/\\\/www.tablaosflamencos.com\\\/nl\\\/nevenactiviteiten-flamencobiennale-sevilla-2026.html\"]}]},{\"@type\":\"ImageObject\",\"inLanguage\":\"nl-NL\",\"@id\":\"https:\\\/\\\/www.tablaosflamencos.com\\\/nl\\\/nevenactiviteiten-flamencobiennale-sevilla-2026.html#primaryimage\",\"url\":\"https:\\\/\\\/www.tablaosflamencos.com\\\/wp-content\\\/uploads\\\/actividades-paralelas-de-la-bienal-2026-exposiciones-cine-flamenco-en-la-calle-y-mas-01.webp\",\"contentUrl\":\"https:\\\/\\\/www.tablaosflamencos.com\\\/wp-content\\\/uploads\\\/actividades-paralelas-de-la-bienal-2026-exposiciones-cine-flamenco-en-la-calle-y-mas-01.webp\",\"width\":1672,\"height\":941,\"caption\":\"Actividades paralelas de la Bienal 2026: exposiciones, cine, flamenco en la calle y m\u00e1s\"},{\"@type\":\"BreadcrumbList\",\"@id\":\"https:\\\/\\\/www.tablaosflamencos.com\\\/nl\\\/nevenactiviteiten-flamencobiennale-sevilla-2026.html#breadcrumb\",\"itemListElement\":[{\"@type\":\"ListItem\",\"position\":1,\"name\":\"Home\",\"item\":\"https:\\\/\\\/www.tablaosflamencos.com\\\/nl\"},{\"@type\":\"ListItem\",\"position\":2,\"name\":\"Nevenactiviteiten van de Bi\u00ebnnale 2026: tentoonstellingen, film, flamenco op straat en meer\"}]},{\"@type\":\"WebSite\",\"@id\":\"https:\\\/\\\/www.tablaosflamencos.com\\\/nl#website\",\"url\":\"https:\\\/\\\/www.tablaosflamencos.com\\\/nl\",\"name\":\"Tablaos Flamencos\",\"description\":\"Entradas para tablaos flamencos de Espa\u00f1a\",\"publisher\":{\"@id\":\"https:\\\/\\\/www.tablaosflamencos.com\\\/nl#organization\"},\"alternateName\":\"Tablaos Flamencos\",\"potentialAction\":[{\"@type\":\"SearchAction\",\"target\":{\"@type\":\"EntryPoint\",\"urlTemplate\":\"https:\\\/\\\/www.tablaosflamencos.com\\\/nl?s={search_term_string}\"},\"query-input\":{\"@type\":\"PropertyValueSpecification\",\"valueRequired\":true,\"valueName\":\"search_term_string\"}}],\"inLanguage\":\"nl-NL\"},{\"@type\":[\"Organization\",\"Place\",\"EntertainmentBusiness\"],\"@id\":\"https:\\\/\\\/www.tablaosflamencos.com\\\/nl#organization\",\"name\":\"Tablaos Flamencos\",\"alternateName\":\"Tablaos Flamencos\",\"url\":\"https:\\\/\\\/www.tablaosflamencos.com\\\/nl\",\"logo\":{\"@id\":\"https:\\\/\\\/www.tablaosflamencos.com\\\/nl\\\/nevenactiviteiten-flamencobiennale-sevilla-2026.html#local-main-organization-logo\"},\"image\":{\"@id\":\"https:\\\/\\\/www.tablaosflamencos.com\\\/nl\\\/nevenactiviteiten-flamencobiennale-sevilla-2026.html#local-main-organization-logo\"},\"sameAs\":[\"https:\\\/\\\/www.facebook.com\\\/tablaosflamencos\",\"https:\\\/\\\/x.com\\\/tablaosflamenco\",\"https:\\\/\\\/mastodon.social\\\/@tablaosflamencos\",\"https:\\\/\\\/www.instagram.com\\\/tablaosflamencos\",\"https:\\\/\\\/tiktok.com\\\/@tablaosflamencos\",\"https:\\\/\\\/www.linkedin.com\\\/company\\\/109408238\\\/\"],\"description\":\"Venta de entradas para espect\u00e1culos flamencos\",\"legalName\":\"Tablaos Flamencos\",\"foundingDate\":\"2015-01-01\",\"numberOfEmployees\":{\"@type\":\"QuantitativeValue\",\"minValue\":\"1\",\"maxValue\":\"10\"},\"address\":{\"@id\":\"https:\\\/\\\/www.tablaosflamencos.com\\\/nl\\\/nevenactiviteiten-flamencobiennale-sevilla-2026.html#local-main-place-address\"},\"geo\":{\"@type\":\"GeoCoordinates\",\"latitude\":\"37.3868072\",\"longitude\":\"-5.993280299999999\"},\"telephone\":[\"+34623787787\"],\"contactPoint\":{\"@type\":\"ContactPoint\",\"telephone\":\"+34623787787\",\"email\":\"info@tablaosflamencos.com\"},\"openingHoursSpecification\":{\"@type\":\"OpeningHoursSpecification\",\"dayOfWeek\":[\"Monday\",\"Tuesday\",\"Wednesday\",\"Thursday\",\"Friday\",\"Saturday\",\"Sunday\"],\"opens\":\"00:00\",\"closes\":\"23:59\"},\"email\":\"info@tablaosflamencos.com\",\"priceRange\":\"$$$\",\"currenciesAccepted\":\"\u20ac\"},{\"@type\":\"Person\",\"@id\":\"https:\\\/\\\/www.tablaosflamencos.com\\\/nl#\\\/schema\\\/person\\\/e7a9ebe14eb75a52ceabfbffb3c54f5d\",\"name\":\"Miguel Ortiz\",\"description\":\"Miguel Ortiz es un empresario flamenco, con una s\u00f3lida trayectoria dentro del sector. Ha presidido entidades culturales vinculadas al flamenco y, cuenta con un amplio recorrido profesional en la gesti\u00f3n y promoci\u00f3n de espect\u00e1culos y tablaos flamencos. Su pasi\u00f3n por la historia y el arte flamenco se refleja en cada art\u00edculo, donde combina experiencia, criterio y un profundo respeto por la tradici\u00f3n.\",\"sameAs\":[\"https:\\\/\\\/www.tablaosflamencos.com\",\"https:\\\/\\\/www.instagra.com\\\/miguelortizfe\",\"https:\\\/\\\/www.linkedin.com\\\/in\\\/miguelortizf\\\/\"],\"birthDate\":\"1984-11-22\",\"gender\":\"hombre\",\"knowsLanguage\":[\"espa\u00f1ol\",\"ingl\u00e9s\"],\"jobTitle\":\"Empresario flamenco\"},{\"@type\":\"PostalAddress\",\"@id\":\"https:\\\/\\\/www.tablaosflamencos.com\\\/nl\\\/nevenactiviteiten-flamencobiennale-sevilla-2026.html#local-main-place-address\",\"streetAddress\":\"C\\\/ Alemanes, 19\",\"addressLocality\":\"Sevilla\",\"postalCode\":\"41004\",\"addressRegion\":\"Sevilla\",\"addressCountry\":\"ES\"},{\"@type\":\"ImageObject\",\"inLanguage\":\"nl-NL\",\"@id\":\"https:\\\/\\\/www.tablaosflamencos.com\\\/nl\\\/nevenactiviteiten-flamencobiennale-sevilla-2026.html#local-main-organization-logo\",\"url\":\"https:\\\/\\\/www.tablaosflamencos.com\\\/wp-content\\\/uploads\\\/tablaos-flamencos-06-3.webp\",\"contentUrl\":\"https:\\\/\\\/www.tablaosflamencos.com\\\/wp-content\\\/uploads\\\/tablaos-flamencos-06-3.webp\",\"width\":600,\"height\":620,\"caption\":\"Tablaos Flamencos\"}]}<\/script>\n<meta name=\"geo.placename\" content=\"Sevilla\" \/>\n<meta name=\"geo.position\" content=\"37.3868072;-5.993280299999999\" \/>\n<meta name=\"geo.region\" content=\"Spanje\" \/>\n<!-- \/ Yoast SEO Premium plugin. -->","yoast_head_json":{"title":"Bi\u00ebnnale 2026: nevenactiviteiten, tentoonstellingen en film","description":"Ontdek de nevenactiviteiten van de Flamencobi\u00ebnnale Sevilla 2026: tentoonstellingen, film, flamenco op straat, gezinsworkshops en gratis uitstapjes.","robots":{"index":"index","follow":"follow","max-snippet":"max-snippet:-1","max-image-preview":"max-image-preview:large","max-video-preview":"max-video-preview:-1"},"canonical":"https:\/\/www.tablaosflamencos.com\/nl\/nevenactiviteiten-flamencobiennale-sevilla-2026.html","og_locale":"nl_NL","og_type":"article","og_title":"Nevenactiviteiten van de Bi\u00ebnnale 2026: tentoonstellingen, film, flamenco op straat en meer","og_description":"Ontdek de nevenactiviteiten van de Flamencobi\u00ebnnale Sevilla 2026: tentoonstellingen, film, flamenco op straat, gezinsworkshops en gratis uitstapjes.","og_url":"https:\/\/www.tablaosflamencos.com\/nl\/nevenactiviteiten-flamencobiennale-sevilla-2026.html","og_site_name":"Tablaos Flamencos","article_publisher":"https:\/\/www.facebook.com\/tablaosflamencos","article_published_time":"2026-09-05T09:17:33+00:00","article_modified_time":"2026-09-05T10:14:54+00:00","og_image":[{"width":1672,"height":941,"url":"https:\/\/www.tablaosflamencos.com\/wp-content\/uploads\/actividades-paralelas-de-la-bienal-2026-exposiciones-cine-flamenco-en-la-calle-y-mas-01.webp","type":"image\/webp"}],"author":"Miguel Ortiz","twitter_card":"summary_large_image","twitter_creator":"@tablaosflamenco","twitter_site":"@tablaosflamenco","twitter_misc":{"Geschreven door":"Miguel Ortiz","Geschatte leestijd":"19 minuten"},"schema":{"@context":"https:\/\/schema.org","@graph":[{"@type":"Article","@id":"https:\/\/www.tablaosflamencos.com\/nl\/nevenactiviteiten-flamencobiennale-sevilla-2026.html#article","isPartOf":{"@id":"https:\/\/www.tablaosflamencos.com\/nl\/nevenactiviteiten-flamencobiennale-sevilla-2026.html"},"author":{"name":"Miguel Ortiz","@id":"https:\/\/www.tablaosflamencos.com\/nl#\/schema\/person\/e7a9ebe14eb75a52ceabfbffb3c54f5d"},"headline":"Nevenactiviteiten van de Bi\u00ebnnale 2026: tentoonstellingen, film, flamenco op straat en meer","datePublished":"2026-09-05T09:17:33+00:00","dateModified":"2026-09-05T10:14:54+00:00","mainEntityOfPage":{"@id":"https:\/\/www.tablaosflamencos.com\/nl\/nevenactiviteiten-flamencobiennale-sevilla-2026.html"},"wordCount":3770,"publisher":{"@id":"https:\/\/www.tablaosflamencos.com\/nl#organization"},"image":{"@id":"https:\/\/www.tablaosflamencos.com\/nl\/nevenactiviteiten-flamencobiennale-sevilla-2026.html#primaryimage"},"thumbnailUrl":"https:\/\/www.tablaosflamencos.com\/wp-content\/uploads\/actividades-paralelas-de-la-bienal-2026-exposiciones-cine-flamenco-en-la-calle-y-mas-01.webp","keywords":["agenda flamenca","Bienal 2026","Bienal de Flamenco","festivales flamencos","flamenco en Sevilla","sevilla"],"articleSection":["Flamencobi\u00ebnnale"],"inLanguage":"nl-NL"},{"@type":"WebPage","@id":"https:\/\/www.tablaosflamencos.com\/nl\/nevenactiviteiten-flamencobiennale-sevilla-2026.html","url":"https:\/\/www.tablaosflamencos.com\/nl\/nevenactiviteiten-flamencobiennale-sevilla-2026.html","name":"Bi\u00ebnnale 2026: nevenactiviteiten, tentoonstellingen en film","isPartOf":{"@id":"https:\/\/www.tablaosflamencos.com\/nl#website"},"primaryImageOfPage":{"@id":"https:\/\/www.tablaosflamencos.com\/nl\/nevenactiviteiten-flamencobiennale-sevilla-2026.html#primaryimage"},"image":{"@id":"https:\/\/www.tablaosflamencos.com\/nl\/nevenactiviteiten-flamencobiennale-sevilla-2026.html#primaryimage"},"thumbnailUrl":"https:\/\/www.tablaosflamencos.com\/wp-content\/uploads\/actividades-paralelas-de-la-bienal-2026-exposiciones-cine-flamenco-en-la-calle-y-mas-01.webp","datePublished":"2026-09-05T09:17:33+00:00","dateModified":"2026-09-05T10:14:54+00:00","description":"Ontdek de nevenactiviteiten van de Flamencobi\u00ebnnale Sevilla 2026: tentoonstellingen, film, flamenco op straat, gezinsworkshops en gratis uitstapjes.","breadcrumb":{"@id":"https:\/\/www.tablaosflamencos.com\/nl\/nevenactiviteiten-flamencobiennale-sevilla-2026.html#breadcrumb"},"inLanguage":"nl-NL","potentialAction":[{"@type":"ReadAction","target":["https:\/\/www.tablaosflamencos.com\/nl\/nevenactiviteiten-flamencobiennale-sevilla-2026.html"]}]},{"@type":"ImageObject","inLanguage":"nl-NL","@id":"https:\/\/www.tablaosflamencos.com\/nl\/nevenactiviteiten-flamencobiennale-sevilla-2026.html#primaryimage","url":"https:\/\/www.tablaosflamencos.com\/wp-content\/uploads\/actividades-paralelas-de-la-bienal-2026-exposiciones-cine-flamenco-en-la-calle-y-mas-01.webp","contentUrl":"https:\/\/www.tablaosflamencos.com\/wp-content\/uploads\/actividades-paralelas-de-la-bienal-2026-exposiciones-cine-flamenco-en-la-calle-y-mas-01.webp","width":1672,"height":941,"caption":"Actividades paralelas de la Bienal 2026: exposiciones, cine, flamenco en la calle y m\u00e1s"},{"@type":"BreadcrumbList","@id":"https:\/\/www.tablaosflamencos.com\/nl\/nevenactiviteiten-flamencobiennale-sevilla-2026.html#breadcrumb","itemListElement":[{"@type":"ListItem","position":1,"name":"Home","item":"https:\/\/www.tablaosflamencos.com\/nl"},{"@type":"ListItem","position":2,"name":"Nevenactiviteiten van de Bi\u00ebnnale 2026: tentoonstellingen, film, flamenco op straat en meer"}]},{"@type":"WebSite","@id":"https:\/\/www.tablaosflamencos.com\/nl#website","url":"https:\/\/www.tablaosflamencos.com\/nl","name":"Tablaos Flamencos","description":"Entradas para tablaos flamencos de Espa\u00f1a","publisher":{"@id":"https:\/\/www.tablaosflamencos.com\/nl#organization"},"alternateName":"Tablaos Flamencos","potentialAction":[{"@type":"SearchAction","target":{"@type":"EntryPoint","urlTemplate":"https:\/\/www.tablaosflamencos.com\/nl?s={search_term_string}"},"query-input":{"@type":"PropertyValueSpecification","valueRequired":true,"valueName":"search_term_string"}}],"inLanguage":"nl-NL"},{"@type":["Organization","Place","EntertainmentBusiness"],"@id":"https:\/\/www.tablaosflamencos.com\/nl#organization","name":"Tablaos Flamencos","alternateName":"Tablaos Flamencos","url":"https:\/\/www.tablaosflamencos.com\/nl","logo":{"@id":"https:\/\/www.tablaosflamencos.com\/nl\/nevenactiviteiten-flamencobiennale-sevilla-2026.html#local-main-organization-logo"},"image":{"@id":"https:\/\/www.tablaosflamencos.com\/nl\/nevenactiviteiten-flamencobiennale-sevilla-2026.html#local-main-organization-logo"},"sameAs":["https:\/\/www.facebook.com\/tablaosflamencos","https:\/\/x.com\/tablaosflamenco","https:\/\/mastodon.social\/@tablaosflamencos","https:\/\/www.instagram.com\/tablaosflamencos","https:\/\/tiktok.com\/@tablaosflamencos","https:\/\/www.linkedin.com\/company\/109408238\/"],"description":"Venta de entradas para espect\u00e1culos flamencos","legalName":"Tablaos Flamencos","foundingDate":"2015-01-01","numberOfEmployees":{"@type":"QuantitativeValue","minValue":"1","maxValue":"10"},"address":{"@id":"https:\/\/www.tablaosflamencos.com\/nl\/nevenactiviteiten-flamencobiennale-sevilla-2026.html#local-main-place-address"},"geo":{"@type":"GeoCoordinates","latitude":"37.3868072","longitude":"-5.993280299999999"},"telephone":["+34623787787"],"contactPoint":{"@type":"ContactPoint","telephone":"+34623787787","email":"info@tablaosflamencos.com"},"openingHoursSpecification":{"@type":"OpeningHoursSpecification","dayOfWeek":["Monday","Tuesday","Wednesday","Thursday","Friday","Saturday","Sunday"],"opens":"00:00","closes":"23:59"},"email":"info@tablaosflamencos.com","priceRange":"$$$","currenciesAccepted":"\u20ac"},{"@type":"Person","@id":"https:\/\/www.tablaosflamencos.com\/nl#\/schema\/person\/e7a9ebe14eb75a52ceabfbffb3c54f5d","name":"Miguel Ortiz","description":"Miguel Ortiz es un empresario flamenco, con una s\u00f3lida trayectoria dentro del sector. Ha presidido entidades culturales vinculadas al flamenco y, cuenta con un amplio recorrido profesional en la gesti\u00f3n y promoci\u00f3n de espect\u00e1culos y tablaos flamencos. Su pasi\u00f3n por la historia y el arte flamenco se refleja en cada art\u00edculo, donde combina experiencia, criterio y un profundo respeto por la tradici\u00f3n.","sameAs":["https:\/\/www.tablaosflamencos.com","https:\/\/www.instagra.com\/miguelortizfe","https:\/\/www.linkedin.com\/in\/miguelortizf\/"],"birthDate":"1984-11-22","gender":"hombre","knowsLanguage":["espa\u00f1ol","ingl\u00e9s"],"jobTitle":"Empresario flamenco"},{"@type":"PostalAddress","@id":"https:\/\/www.tablaosflamencos.com\/nl\/nevenactiviteiten-flamencobiennale-sevilla-2026.html#local-main-place-address","streetAddress":"C\/ Alemanes, 19","addressLocality":"Sevilla","postalCode":"41004","addressRegion":"Sevilla","addressCountry":"ES"},{"@type":"ImageObject","inLanguage":"nl-NL","@id":"https:\/\/www.tablaosflamencos.com\/nl\/nevenactiviteiten-flamencobiennale-sevilla-2026.html#local-main-organization-logo","url":"https:\/\/www.tablaosflamencos.com\/wp-content\/uploads\/tablaos-flamencos-06-3.webp","contentUrl":"https:\/\/www.tablaosflamencos.com\/wp-content\/uploads\/tablaos-flamencos-06-3.webp","width":600,"height":620,"caption":"Tablaos Flamencos"}]},"geo.placename":"Sevilla","geo.position":{"lat":"37.3868072","long":"-5.993280299999999"},"geo.region":"Spanje"},"_links":{"self":[{"href":"https:\/\/www.tablaosflamencos.com\/nl\/wp-json\/wp\/v2\/posts\/14689","targetHints":{"allow":["GET"]}}],"collection":[{"href":"https:\/\/www.tablaosflamencos.com\/nl\/wp-json\/wp\/v2\/posts"}],"about":[{"href":"https:\/\/www.tablaosflamencos.com\/nl\/wp-json\/wp\/v2\/types\/post"}],"author":[{"embeddable":true,"href":"https:\/\/www.tablaosflamencos.com\/nl\/wp-json\/wp\/v2\/users\/1"}],"replies":[{"embeddable":true,"href":"https:\/\/www.tablaosflamencos.com\/nl\/wp-json\/wp\/v2\/comments?post=14689"}],"version-history":[{"count":3,"href":"https:\/\/www.tablaosflamencos.com\/nl\/wp-json\/wp\/v2\/posts\/14689\/revisions"}],"predecessor-version":[{"id":14703,"href":"https:\/\/www.tablaosflamencos.com\/nl\/wp-json\/wp\/v2\/posts\/14689\/revisions\/14703"}],"wp:featuredmedia":[{"embeddable":true,"href":"https:\/\/www.tablaosflamencos.com\/nl\/wp-json\/wp\/v2\/media\/14654"}],"wp:attachment":[{"href":"https:\/\/www.tablaosflamencos.com\/nl\/wp-json\/wp\/v2\/media?parent=14689"}],"wp:term":[{"taxonomy":"category","embeddable":true,"href":"https:\/\/www.tablaosflamencos.com\/nl\/wp-json\/wp\/v2\/categories?post=14689"},{"taxonomy":"post_tag","embeddable":true,"href":"https:\/\/www.tablaosflamencos.com\/nl\/wp-json\/wp\/v2\/tags?post=14689"}],"curies":[{"name":"wp","href":"https:\/\/api.w.org\/{rel}","templated":true}]}}