{"id":14542,"date":"2026-09-04T18:48:29","date_gmt":"2026-09-04T16:48:29","guid":{"rendered":"https:\/\/www.tablaosflamencos.com\/?p=14542"},"modified":"2026-09-04T19:16:56","modified_gmt":"2026-09-04T17:16:56","slug":"flamenco-sevilla-dit-weekend-voor-biennale-2026","status":"publish","type":"post","link":"https:\/\/www.tablaosflamencos.com\/nl\/flamenco-sevilla-dit-weekend-voor-biennale-2026.html","title":{"rendered":"Flamenco in Sevilla dit weekend: wat te zien v\u00f3\u00f3r de Bi\u00ebnnale"},"content":{"rendered":"<section class=\"l-section wpb_row height_huge\"><div class=\"l-section-h i-cf\"><div class=\"g-cols vc_row via_flex valign_top type_default stacking_default\"><div class=\"vc_col-sm-6 wpb_column vc_column_container\"><div class=\"vc_column-inner\"><div class=\"wpb_wrapper\"><div class=\"wpb_text_column\"><div class=\"wpb_wrapper\"><h2>Het weekend vlak v\u00f3\u00f3r de Bi\u00ebnnale zit al vol flamenco<\/h2>\n<p>De <strong>24e Flamencobi\u00ebnnale van Sevilla<\/strong> begint officieel op woensdag <strong>9 september 2026<\/strong>, maar wie dit weekend in de stad is hoeft niet tot dan te wachten. Tussen <strong>vrijdag 4 en zondag 6 september<\/strong> zijn er drie gratis flamenco-evenementen die deel uitmaken van het programma voorafgaand aan de Bi\u00ebnnale, naast tentoonstellingen en ervaringen die overdag toegankelijk zijn.<\/p>\n<p>Het is zelfs een van de interessantste weekenden om in Sevilla aan te komen voordat het grote theaterprogramma begint. Er is minder druk op tickets, meerdere activiteiten zijn gratis toegankelijk zolang er plaats is en het programma verspreidt zich over heel verschillende wijken en erfgoedlocaties.<\/p>\n<\/div><\/div><\/div><\/div><\/div><div class=\"vc_col-sm-6 wpb_column vc_column_container\"><div class=\"vc_column-inner\"><div class=\"wpb_wrapper\"><div class=\"wpb_text_column\"><div class=\"wpb_wrapper\"><h2>Wat je van 4 tot 6 september kunt zien<\/h2>\n<p><strong>Vrijdag 4:<\/strong> <em>Cuesti\u00f3n de tiempo<\/em>, van Hermanos Aguilar, in het klooster van San Jer\u00f3nimo.<\/p>\n<p><strong>Zaterdag 5:<\/strong> 2e Festival <em>Macarena Flamenca<\/em>, een eerbetoon aan Jos\u00e9 de la Tomasa, op Plaza Virgen del Pilar in La Barzola.<\/p>\n<p><strong>Zondag 6:<\/strong> <em>Nazareno y Olivares<\/em>, een eerbetoon aan Fosforito, in het Museum voor Volkskunst en Gebruiken.<\/p>\n<p>Alle drie de evenementen beginnen om <strong>21:30<\/strong> en zijn aangekondigd met <strong>vrije toegang zolang er plaats is<\/strong>. Overdag kun je ook de tentoonstelling <em>La noche azul<\/em> bezoeken en vanaf zaterdag de nieuwe <em>Sala de revelado<\/em> van de Bi\u00ebnnale in de Real F\u00e1brica de Artiller\u00eda.<\/p>\n<\/div><\/div><\/div><\/div><\/div><\/div><\/div><\/section><section class=\"l-section wpb_row height_huge color_alternate with_shape\"><div class=\"l-section-shape type_zigzag pos_top hor_flip\" style=\"height:3vmin;\"><svg xmlns=\"http:\/\/www.w3.org\/2000\/svg\" viewBox=\"0 0 64 8\" preserveAspectRatio=\"none\" width=\"100%\" height=\"100%\">\r\n\t<path fill=\"currentColor\" d=\"M64 8 L0 8 L0 0 L20 7.9 L40 3 L48 5 L64 0 Z\"\/>\r\n<\/svg><\/div><div class=\"l-section-shape type_zigzag pos_bottom\" style=\"height:3vmin;\"><svg xmlns=\"http:\/\/www.w3.org\/2000\/svg\" viewBox=\"0 0 64 8\" preserveAspectRatio=\"none\" width=\"100%\" height=\"100%\">\r\n\t<path fill=\"currentColor\" d=\"M64 8 L0 8 L0 0 L20 7.9 L40 3 L48 5 L64 0 Z\"\/>\r\n<\/svg><\/div><div class=\"l-section-h i-cf\"><div class=\"g-cols vc_row via_flex valign_top type_default stacking_default\"><div class=\"vc_col-sm-12 wpb_column vc_column_container\"><div class=\"vc_column-inner\"><div class=\"wpb_wrapper\"><div class=\"wpb_text_column\"><div class=\"wpb_wrapper\"><blockquote>\n<p><strong>Kort antwoord:<\/strong> als je dit weekend, van 4 tot 6 september 2026, flamenco in Sevilla zoekt, is het beste plan om de drie gratis optredens v\u00f3\u00f3r de Bi\u00ebnnale mee te pakken: Hermanos Aguilar op vrijdag, Macarena Flamenca op zaterdag en het eerbetoon aan Fosforito op zondag. Overdag kun je de route aanvullen met <em>La noche azul<\/em> en de <em>Sala de revelado<\/em> in de Real F\u00e1brica de Artiller\u00eda. Als je liever een tijdstip en plaats zeker wilt stellen, behouden de tablaos van Sevilla bovendien hun normale programma.<\/p>\n<\/blockquote>\n<p><strong>Laatst bijgewerkt: 4 september 2026.<\/strong> Bij activiteiten met vrije toegang is het verstandig vroeg te komen, omdat toegang afhankelijk is van de beschikbare capaciteit.<\/p>\n<\/div><\/div><div class=\"w-separator size_medium\"><\/div><div class=\"w-hwrapper valign_top wrap stack_on_mobiles align_center\" style=\"--hwrapper-gap:1.2rem\"><div class=\"w-btn-wrapper align_none\"><a class=\"w-btn us-btn-style_1\" href=\"https:\/\/www.tablaosflamencos.com\/nl\/flamencobiennale-sevilla-2026-voor-9-september.html\"><span class=\"w-btn-label\">Bekijk alle evenementen v\u00f3\u00f3r de Bi\u00ebnnale<\/span><\/a><\/div><div class=\"w-btn-wrapper align_none\"><a class=\"w-btn us-btn-style_1\" href=\"https:\/\/www.tablaosflamencos.com\/nl\/flamenco-sevilla-biennale-2026-shows-buiten-officieel-programma.html\"><span class=\"w-btn-label\">Bekijk flamenco buiten het offici\u00eble programma<\/span><\/a><\/div><\/div><\/div><\/div><\/div><\/div><\/div><\/section><section class=\"l-section wpb_row height_huge\"><div class=\"l-section-h i-cf\"><div class=\"g-cols vc_row via_flex valign_top type_default stacking_default\"><div class=\"vc_col-sm-6 wpb_column vc_column_container\"><div class=\"vc_column-inner\"><div class=\"wpb_wrapper\"><div class=\"wpb_text_column\"><div class=\"wpb_wrapper\"><h2>Inhoud van deze gids<\/h2>\n<ul>\n<li><a href=\"#viernes\">Vrijdag 4: Hermanos Aguilar in San Jer\u00f3nimo<\/a><\/li>\n<li><a href=\"#sabado\">Zaterdag 5: Macarena Flamenca<\/a><\/li>\n<li><a href=\"#domingo\">Zondag 6: eerbetoon aan Fosforito<\/a><\/li>\n<li><a href=\"#dia\">Wat je overdag kunt doen<\/a><\/li>\n<li><a href=\"#artilleria\">La noche azul en Sala de revelado<\/a><\/li>\n<li><a href=\"#tablaos\">Tablaos om het weekend aan te vullen<\/a><\/li>\n<li><a href=\"#agenda\">Snelle agenda van 4 tot 6 september<\/a><\/li>\n<li><a href=\"#organizar\">Zo organiseer je het weekend<\/a><\/li>\n<li><a href=\"#despues\">Wat er daarna komt<\/a><\/li>\n<li><a href=\"#faq\">Veelgestelde vragen<\/a><\/li>\n<\/ul>\n<\/div><\/div><\/div><\/div><\/div><div class=\"vc_col-sm-6 wpb_column vc_column_container\"><div class=\"vc_column-inner\"><div class=\"wpb_wrapper\"><div class=\"wpb_text_column\"><div class=\"wpb_wrapper\"><h2>Een overgangsweekend<\/h2>\n<p>Dit weekend vormt een brug tussen het flamenco-Sevilla van het hele jaar en de stad die vanaf 9 september volledig in het teken van de Bi\u00ebnnale staat. De grote producties in Maestranza, Lope de Vega, Teatro Central en Espacio Turina zijn nog niet begonnen, maar het nevenprogramma vult al wijken, pleinen en erfgoedlocaties.<\/p>\n<p>Daardoor ontstaat een andere sfeer: minder geconcentreerd rond de grote theaters en meer verspreid over de stad. Het is ook een goede gelegenheid om te combineren <strong>gratis flamenco + erfgoed + tablao<\/strong> zonder meerdere offici\u00eble voorstellingen op dezelfde dag achter elkaar te hoeven plannen.<\/p>\n<\/div><\/div><\/div><\/div><\/div><\/div><\/div><\/section><section class=\"l-section wpb_row height_huge color_alternate with_shape\"><div class=\"l-section-shape type_zigzag pos_top\" style=\"height:3vmin;\"><svg xmlns=\"http:\/\/www.w3.org\/2000\/svg\" viewBox=\"0 0 64 8\" preserveAspectRatio=\"none\" width=\"100%\" height=\"100%\">\r\n\t<path fill=\"currentColor\" d=\"M64 8 L0 8 L0 0 L20 7.9 L40 3 L48 5 L64 0 Z\"\/>\r\n<\/svg><\/div><div class=\"l-section-shape type_zigzag pos_bottom\" style=\"height:3vmin;\"><svg xmlns=\"http:\/\/www.w3.org\/2000\/svg\" viewBox=\"0 0 64 8\" preserveAspectRatio=\"none\" width=\"100%\" height=\"100%\">\r\n\t<path fill=\"currentColor\" d=\"M64 8 L0 8 L0 0 L20 7.9 L40 3 L48 5 L64 0 Z\"\/>\r\n<\/svg><\/div><div class=\"l-section-h i-cf\"><div class=\"g-cols vc_row via_flex valign_top type_default stacking_default\"><div class=\"vc_col-sm-6 wpb_column vc_column_container\"><div class=\"vc_column-inner\"><div class=\"wpb_wrapper\"><div class=\"wpb_text_column\"><div class=\"wpb_wrapper\"><h2 id=\"viernes\">Vrijdag 4: <em>Cuesti\u00f3n de tiempo<\/em>, Hermanos Aguilar<\/h2>\n<p><strong>21:30 \u00b7 Klooster van San Jer\u00f3nimo \u00b7 Vrije toegang zolang er plaats is<\/strong><\/p>\n<p>Op vrijdag verhuist het programma voorafgaand aan de Bi\u00ebnnale naar het <strong>klooster van San Jer\u00f3nimo<\/strong> met <em>Cuesti\u00f3n de tiempo<\/em>, een stuk gecre\u00eberd en uitgevoerd door <strong>Diego en Hugo Aguilar<\/strong>.<\/p>\n<p>Het werk draait om herinnering, identiteit, familie-erfenis en de manier waarop tijd relaties verandert. Het bestaat uit vijf aktes \u2014<em>Lembranza, Albor, Confluencia, Soler<\/em> en <em>Umbral<\/em>\u2014 en vertrekt vanuit een heel lichamelijk idee van overdracht: het familieverleden blijft aanwezig in het lichaam van wie danst.<\/p>\n<p>Het is niet enkel bedoeld als dansvertoning. De gebroeders Aguilar brengen een introspectief podiumstuk waarin de vader van de artiesten verschijnt als symbool van oorsprong en continu\u00efteit.<\/p>\n<p><strong>Waarom gaan:<\/strong> omdat je het weekend kunt beginnen met hedendaagse creatie op een erfgoedlocatie die heel anders is dan de belangrijkste theaters van de Bi\u00ebnnale.<\/p>\n<\/div><\/div><\/div><\/div><\/div><div class=\"vc_col-sm-6 wpb_column vc_column_container\"><div class=\"vc_column-inner\"><div class=\"wpb_wrapper\"><div class=\"wpb_text_column\"><div class=\"wpb_wrapper\"><h2 id=\"sabado\">Zaterdag 5: 2e Festival Macarena Flamenca<\/h2>\n<p><strong>21:30 \u00b7 Plaza Virgen del Pilar, La Barzola \u00b7 Vrije toegang zolang er plaats is<\/strong><\/p>\n<p>Op zaterdag verschuift de aandacht naar het district Macarena met de tweede editie van <strong>Macarena Flamenca<\/strong>, een festival dat in 2025 begon en dit jaar hulde brengt aan <strong>Jos\u00e9 de la Tomasa<\/strong> voor zijn loopbaan en zijn belang voor de overdracht van Sevillaanse cantes.<\/p>\n<p>Het programma brengt verschillende generaties en profielen samen. Voor de cante zijn aangekondigd <strong>Potito, Antonio Reyes, Remedios Reyes en Manuel de la Tomasa<\/strong>, met gitaren van Manuel Herrera, Nono Reyes en Julio Romero, naast palmas en begeleiding. Voor de baile neemt deel <strong>Manuela Amador Carrasco<\/strong>, met cante van Emilio Molina en Manuel Ta\u00f1\u00e9 en gitaar van Luis Amador.<\/p>\n<p><strong>Waarom dit h\u00e9t plan van zaterdag kan zijn:<\/strong> omdat het een brede line-up samenbrengt, buiten plaatsvindt in een wijk met een sterke flamenco-identiteit en als volwaardig festival werkt, niet als \u00e9\u00e9n los optreden.<\/p>\n<\/div><\/div><\/div><\/div><\/div><\/div><\/div><\/section><section class=\"l-section wpb_row height_huge\"><div class=\"l-section-h i-cf\"><div class=\"g-cols vc_row via_flex valign_top type_default stacking_default\"><div class=\"vc_col-sm-6 wpb_column vc_column_container\"><div class=\"vc_column-inner\"><div class=\"wpb_wrapper\"><div class=\"wpb_text_column\"><div class=\"wpb_wrapper\"><h2 id=\"domingo\">Zondag 6: <em>Nazareno y Olivares<\/em>, eerbetoon aan Fosforito<\/h2>\n<p><strong>21:30 \u00b7 Museum voor Volkskunst en Gebruiken \u00b7 Vrije toegang zolang er plaats is<\/strong><\/p>\n<p>Op zondag eindigt het weekend op de <strong>Plaza de Am\u00e9rica in het Parque de Mar\u00eda Luisa<\/strong>, met een programma gewijd aan een van de fundamentele figuren van de cante in de 20e eeuw: <strong>Antonio Fern\u00e1ndez D\u00edaz, Fosforito<\/strong>.<\/p>\n<p><em>Nazareno y Olivares<\/em> vertelt over zijn leven en werk via een combinatie van woord, muziek en dans. Onder de aangekondigde deelnemers zijn <strong>Enrique Garc\u00e9s, Bernardo Miranda, Alejandro Hurtado en Yolanda Osuna<\/strong>.<\/p>\n<p>De locatie voegt veel toe aan het plan. Het Museum voor Volkskunst en Gebruiken bevindt zich in het Mud\u00e9jarpaviljoen op Plaza de Am\u00e9rica, zodat je een middag in het Parque de Mar\u00eda Luisa kunt afsluiten met een flamenco-evenement dat verbonden is met herinnering en historisch repertoire.<\/p>\n<p><strong>Ideaal voor:<\/strong> wie de voorkeur geeft aan cante, gitaar, verhaal en erfgoedhulde boven een programma dat uitsluitend op baile gericht is.<\/p>\n<\/div><\/div><\/div><\/div><\/div><div class=\"vc_col-sm-6 wpb_column vc_column_container\"><div class=\"vc_column-inner\"><div class=\"wpb_wrapper\"><div class=\"wpb_text_column\"><div class=\"wpb_wrapper\"><h2 id=\"dia\">Wat je overdag v\u00f3\u00f3r de voorstellingen kunt doen<\/h2>\n<p>Doordat de drie belangrijkste optredens pas om 21:30 beginnen, blijft praktisch de hele dag vrij. Daardoor kun je complete dagen plannen zonder haast.<\/p>\n<p>Op vrijdag kun je de middag in het centrum doorbrengen en daarna naar San Jer\u00f3nimo gaan. Op zaterdag ligt het voor de hand Macarena, Feria, Alameda of het noordelijke deel te verkennen voordat je naar La Barzola gaat. Op zondag kun je juist Parque de Mar\u00eda Luisa, Plaza de Espa\u00f1a en Plaza de Am\u00e9rica zo combineren dat je de hele late middag op slechts enkele minuten van de voorstelling bent.<\/p>\n<p>Daarnaast is er het hele weekend een bijzonder aanbevolen plek voor wie dieper wil ingaan op de geschiedenis en creatieve processen van flamenco: de <strong>Real F\u00e1brica de Artiller\u00eda<\/strong>.<\/p>\n<\/div><\/div><\/div><\/div><\/div><\/div><\/div><\/section><section class=\"l-section wpb_row height_huge color_alternate with_shape\"><div class=\"l-section-shape type_zigzag pos_top hor_flip\" style=\"height:3vmin;\"><svg xmlns=\"http:\/\/www.w3.org\/2000\/svg\" viewBox=\"0 0 64 8\" preserveAspectRatio=\"none\" width=\"100%\" height=\"100%\">\r\n\t<path fill=\"currentColor\" d=\"M64 8 L0 8 L0 0 L20 7.9 L40 3 L48 5 L64 0 Z\"\/>\r\n<\/svg><\/div><div class=\"l-section-shape type_zigzag pos_bottom\" style=\"height:3vmin;\"><svg xmlns=\"http:\/\/www.w3.org\/2000\/svg\" viewBox=\"0 0 64 8\" preserveAspectRatio=\"none\" width=\"100%\" height=\"100%\">\r\n\t<path fill=\"currentColor\" d=\"M64 8 L0 8 L0 0 L20 7.9 L40 3 L48 5 L64 0 Z\"\/>\r\n<\/svg><\/div><div class=\"l-section-h i-cf\"><div class=\"g-cols vc_row via_flex valign_top type_default stacking_default\"><div class=\"vc_col-sm-6 wpb_column vc_column_container\"><div class=\"vc_column-inner\"><div class=\"wpb_wrapper\"><div class=\"wpb_text_column\"><div class=\"wpb_wrapper\"><h2 id=\"artilleria\"><em>La noche azul<\/em>: een tentoonstelling om de \u00d3pera Flamenca te begrijpen<\/h2>\n<p>Sinds 2 september huisvest de Real F\u00e1brica de Artiller\u00eda de tentoonstelling <strong><em>La noche azul. \u00d3pera Flamenca en la colecci\u00f3n de Carlos Mart\u00edn Ballester<\/em><\/strong>.<\/p>\n<p>De tentoonstelling brengt <strong>328 stukken<\/strong> samen, waaronder affiches, schellakplaten, grammofoons, foto&#8217;s en historische documentatie, om te laten zien hoe flamenco ongeveer een eeuw geleden van caf\u00e9s cantantes naar grote theaters, arena&#8217;s, radio en de eerste platenindustrie ging.<\/p>\n<p>De toegang is gratis. De officieel aangekondigde openingstijden zijn <strong>10:00 tot 20:00 van maandag tot en met zaterdag<\/strong> en <strong>10:00 tot 14:00 op zondag<\/strong>. Daardoor is dit bijzonder gemakkelijk in te passen op zaterdag of zondag v\u00f3\u00f3r een van de avondvoorstellingen.<\/p>\n<\/div><\/div><div class=\"w-separator size_medium\"><\/div><div class=\"w-hwrapper valign_top wrap stack_on_mobiles align_center\" style=\"--hwrapper-gap:1.2rem\"><div class=\"w-btn-wrapper align_none\"><a class=\"w-btn us-btn-style_1\" href=\"https:\/\/www.tablaosflamencos.com\/nl\/de-blauwe-nacht-flamenco-opera-biennale-sevilla-2026.html\"><span class=\"w-btn-label\">Gids voor La noche azul<\/span><\/a><\/div><\/div><\/div><\/div><\/div><div class=\"vc_col-sm-6 wpb_column vc_column_container\"><div class=\"vc_column-inner\"><div class=\"wpb_wrapper\"><div class=\"wpb_text_column\"><div class=\"wpb_wrapper\"><h2>Vanaf zaterdag: de nieuwe Sala de revelado<\/h2>\n<p>De Bi\u00ebnnale heeft ook een reizende installatie gelanceerd onder het motto <strong>\u201cOok het onzichtbare is flamenco\u201d<\/strong>. De <em>Sala de revelado<\/em> toont repetitie-, onderzoeks- en creatieprocessen die normaal buiten het zicht van het publiek blijven.<\/p>\n<p>Na passages door Triana, El Prado\/Nervi\u00f3n en Calle Feria is de installatie gevestigd <strong>vanaf zaterdag 5 september in de Real F\u00e1brica de Artiller\u00eda<\/strong>. Daar wordt de ervaring uitgebreid met documentaire foto&#8217;s, getuigenissen, audiomateriaal, podcasts en interviews over de creatieve processen van artiesten van de Bi\u00ebnnale.<\/p>\n<p>De combinatie ligt voor de hand: een bezoek aan <em>La noche azul<\/em> en de <em>Sala de revelado<\/em> in hetzelfde gebouw laat je twee kanten van flamenco ontdekken \u2014 historische herinnering en hedendaagse creatie \u2014 voordat je &#8217;s avonds naar een voorstelling gaat.<\/p>\n<\/div><\/div><\/div><\/div><\/div><\/div><\/div><\/section><section class=\"l-section wpb_row height_huge\"><div class=\"l-section-h i-cf\"><div class=\"g-cols vc_row via_flex valign_top type_default stacking_default\"><div class=\"vc_col-sm-6 wpb_column vc_column_container\"><div class=\"vc_column-inner\"><div class=\"wpb_wrapper\"><div class=\"wpb_text_column\"><div class=\"wpb_wrapper\"><h2 id=\"tablaos\">Als je liever een plaats zeker stelt: tablaos gedurende het hele weekend<\/h2>\n<p>De drie grote evenementen op vrijdag, zaterdag en zondag zijn gratis zolang er plaats is. Dat heeft een duidelijk voordeel, maar ook een beperking: <strong>het is niet hetzelfde als een gegarandeerde zitplaats<\/strong>.<\/p>\n<p>Als je laat aankomt, met een strak schema reist of gewoon liever vooraf reserveert, behouden de tablaos van Sevilla hun normale programma gedurende het hele weekend. Er zijn opties bij Las Setas, Santa Cruz, Arenal, Plaza Nueva, het historische centrum en Triana, meestal met formats van ongeveer een uur.<\/p>\n<p>Het kan ook een goede aanvulling zijn: tentoonstelling of activiteit overdag, gratis evenement om 21:30 en een tablao op een andere dag. Je hoeft niet alles op dezelfde avond te proberen.<\/p>\n<\/div><\/div><div class=\"w-separator size_medium\"><\/div><div class=\"w-hwrapper valign_top wrap stack_on_mobiles align_center\" style=\"--hwrapper-gap:1.2rem\"><div class=\"w-btn-wrapper align_none\"><a class=\"w-btn us-btn-style_1\" href=\"https:\/\/www.tablaosflamencos.com\/nl\/flamenco-sevilla-biennale-2026-shows-buiten-officieel-programma.html\"><span class=\"w-btn-label\">Vergelijk tablaos in Sevilla<\/span><\/a><\/div><\/div><\/div><\/div><\/div><div class=\"vc_col-sm-6 wpb_column vc_column_container\"><div class=\"vc_column-inner\"><div class=\"wpb_wrapper\"><div class=\"wpb_text_column\"><div class=\"wpb_wrapper\"><h2>Welk plan past bij wat je interessant vindt<\/h2>\n<ul>\n<li><strong>Baile en hedendaagse creatie:<\/strong> Hermanos Aguilar, vrijdag 4.<\/li>\n<li><strong>Cantefestival met een brede line-up:<\/strong> Macarena Flamenca, zaterdag 5.<\/li>\n<li><strong>Geschiedenis van de cante en eerbetoon aan een essenti\u00eble figuur:<\/strong> Fosforito, zondag 6.<\/li>\n<li><strong>Geschiedenis en documentair erfgoed:<\/strong> <em>La noche azul<\/em>.<\/li>\n<li><strong>Hedendaagse creatieve processen:<\/strong> <em>Sala de revelado<\/em>.<\/li>\n<li><strong>Gereserveerd tijdstip en vaste voorstelling:<\/strong> tablao.<\/li>\n<\/ul>\n<p>Als je maar \u00e9\u00e9n avond kunt kiezen, hangt de beslissing meer af van het soort flamenco dat je zoekt dan van een absolute rangorde. Het zijn heel verschillende voorstellen en juist die diversiteit is een van de aantrekkelijke kanten van het weekend v\u00f3\u00f3r de Bi\u00ebnnale.<\/p>\n<\/div><\/div><\/div><\/div><\/div><\/div><\/div><\/section><section class=\"l-section wpb_row height_huge color_alternate with_shape\"><div class=\"l-section-shape type_zigzag pos_top\" style=\"height:3vmin;\"><svg xmlns=\"http:\/\/www.w3.org\/2000\/svg\" viewBox=\"0 0 64 8\" preserveAspectRatio=\"none\" width=\"100%\" height=\"100%\">\r\n\t<path fill=\"currentColor\" d=\"M64 8 L0 8 L0 0 L20 7.9 L40 3 L48 5 L64 0 Z\"\/>\r\n<\/svg><\/div><div class=\"l-section-shape type_zigzag pos_bottom\" style=\"height:3vmin;\"><svg xmlns=\"http:\/\/www.w3.org\/2000\/svg\" viewBox=\"0 0 64 8\" preserveAspectRatio=\"none\" width=\"100%\" height=\"100%\">\r\n\t<path fill=\"currentColor\" d=\"M64 8 L0 8 L0 0 L20 7.9 L40 3 L48 5 L64 0 Z\"\/>\r\n<\/svg><\/div><div class=\"l-section-h i-cf\"><div class=\"g-cols vc_row via_flex valign_top type_default stacking_default\"><div class=\"vc_col-sm-12 wpb_column vc_column_container\"><div class=\"vc_column-inner\"><div class=\"wpb_wrapper\"><div class=\"wpb_text_column\"><div class=\"wpb_wrapper\"><h2 id=\"agenda\" style=\"text-align: center;\">Snelle agenda: flamenco in Sevilla van 4 tot 6 september 2026<\/h2>\n<div style=\"overflow-x: auto;\">\n<table>\n<thead>\n<tr>\n<th>Dag<\/th>\n<th>Plan<\/th>\n<th>Tijd<\/th>\n<th>Locatie<\/th>\n<th>Toegang<\/th>\n<\/tr>\n<\/thead>\n<tbody>\n<tr>\n<td>Vrijdag 4<\/td>\n<td><strong>Hermanos Aguilar \u2014 <em>Cuesti\u00f3n de tiempo<\/em><\/strong><\/td>\n<td>21:30<\/td>\n<td>Klooster van San Jer\u00f3nimo<\/td>\n<td>Vrij zolang er plaats is<\/td>\n<\/tr>\n<tr>\n<td>Zaterdag 5<\/td>\n<td><strong>2e Festival Macarena Flamenca<\/strong><\/td>\n<td>21:30<\/td>\n<td>Plaza Virgen del Pilar, La Barzola<\/td>\n<td>Vrij zolang er plaats is<\/td>\n<\/tr>\n<tr>\n<td>Zondag 6<\/td>\n<td><strong><em>Nazareno y Olivares<\/em> \u2014 Eerbetoon aan Fosforito<\/strong><\/td>\n<td>21:30<\/td>\n<td>Museum voor Volkskunst en Gebruiken<\/td>\n<td>Vrij zolang er plaats is<\/td>\n<\/tr>\n<tr>\n<td>Zaterdag 5<\/td>\n<td><strong><em>La noche azul<\/em> + Sala de revelado<\/strong><\/td>\n<td>10:00\u201320:00<\/td>\n<td>Real F\u00e1brica de Artiller\u00eda<\/td>\n<td>Gratis<\/td>\n<\/tr>\n<tr>\n<td>Zondag 6<\/td>\n<td><strong><em>La noche azul<\/em> + Sala de revelado<\/strong><\/td>\n<td>10:00\u201314:00<\/td>\n<td>Real F\u00e1brica de Artiller\u00eda<\/td>\n<td>Gratis<\/td>\n<\/tr>\n<\/tbody>\n<\/table>\n<\/div>\n<\/div><\/div><\/div><\/div><\/div><\/div><\/div><\/section><section class=\"l-section wpb_row height_huge\"><div class=\"l-section-h i-cf\"><div class=\"g-cols vc_row via_flex valign_top type_default stacking_default\"><div class=\"vc_col-sm-6 wpb_column vc_column_container\"><div class=\"vc_column-inner\"><div class=\"wpb_wrapper\"><div class=\"wpb_text_column\"><div class=\"wpb_wrapper\"><h2 id=\"organizar\">Zo organiseer je het weekend zonder te haasten<\/h2>\n<p>Een goede strategie is om elke avond voor \u00e9\u00e9n hoofdactiviteit te reserveren en de dag te gebruiken om de stad te ontdekken. Het weekend hoeft geen marathon te worden.<\/p>\n<p><strong>Vrijdag:<\/strong> historisch centrum in de middag + San Jer\u00f3nimo om 21:30.<\/p>\n<p><strong>Zaterdag:<\/strong> Artiller\u00eda in de ochtend of vroege middag + Macarena en Alameda + Festival Macarena Flamenca in de avond.<\/p>\n<p><strong>Zondag:<\/strong> Artiller\u00eda in de ochtend + Parque de Mar\u00eda Luisa en Plaza de Espa\u00f1a in de middag + eerbetoon aan Fosforito om 21:30.<\/p>\n<p>Voor gratis evenementen raden we aan ruim op tijd te komen. Bij een evenement zonder genummerd ticket is vroeg arriveren veel belangrijker dan bij een gereserveerde voorstelling.<\/p>\n<\/div><\/div><\/div><\/div><\/div><div class=\"vc_col-sm-6 wpb_column vc_column_container\"><div class=\"vc_column-inner\"><div class=\"wpb_wrapper\"><div class=\"wpb_text_column\"><div class=\"wpb_wrapper\"><h2 id=\"despues\">En daarna: de Bi\u00ebnnale begint officieel op de 9e<\/h2>\n<p>Het weekend is niet het einde van dit voorprogramma. Op dinsdag 8 gaat de filmreeks verder <em>Flamencas<\/em> en op woensdag <strong>9 september<\/strong> begint het offici\u00eble programma met de <strong>Preg\u00f3n Cantado<\/strong> op Plaza de San Francisco.<\/p>\n<p>Vanaf dan verandert de schaal: de grote voorstellingen beginnen en het programma breidt zich uit over de belangrijkste locaties van deze editie. Als je langer in Sevilla blijft, kun je vanuit deze weekendgids het beste doorgaan naar onze <strong>complete gids voor de Bi\u00ebnnale<\/strong> en naar het specifieke artikel over <strong>het eerste offici\u00eble weekend<\/strong>, dat de voorstellingen vanaf 9 september al behandelt.<\/p>\n<\/div><\/div><div class=\"w-separator size_medium\"><\/div><div class=\"w-hwrapper valign_top wrap stack_on_mobiles align_center\" style=\"--hwrapper-gap:1.2rem\"><div class=\"w-btn-wrapper align_none\"><a class=\"w-btn us-btn-style_1\" href=\"https:\/\/www.tablaosflamencos.com\/nl\/flamenco-biennale-sevilla-2026.html\"><span class=\"w-btn-label\">Complete gids Bi\u00ebnnale 2026<\/span><\/a><\/div><div class=\"w-btn-wrapper align_none\"><a class=\"w-btn us-btn-style_1\" href=\"https:\/\/www.tablaosflamencos.com\/nl\/wat-te-zien-eerste-weekend-flamencobiennale-sevilla-2026.html\"><span class=\"w-btn-label\">Wat te zien tijdens het eerste offici\u00eble weekend<\/span><\/a><\/div><\/div><\/div><\/div><\/div><\/div><\/div><\/section><section class=\"l-section wpb_row height_huge color_alternate with_shape\"><div class=\"l-section-shape type_zigzag pos_top hor_flip\" style=\"height:3vmin;\"><svg xmlns=\"http:\/\/www.w3.org\/2000\/svg\" viewBox=\"0 0 64 8\" preserveAspectRatio=\"none\" width=\"100%\" height=\"100%\">\r\n\t<path fill=\"currentColor\" d=\"M64 8 L0 8 L0 0 L20 7.9 L40 3 L48 5 L64 0 Z\"\/>\r\n<\/svg><\/div><div class=\"l-section-shape type_zigzag pos_bottom\" style=\"height:3vmin;\"><svg xmlns=\"http:\/\/www.w3.org\/2000\/svg\" viewBox=\"0 0 64 8\" preserveAspectRatio=\"none\" width=\"100%\" height=\"100%\">\r\n\t<path fill=\"currentColor\" d=\"M64 8 L0 8 L0 0 L20 7.9 L40 3 L48 5 L64 0 Z\"\/>\r\n<\/svg><\/div><div class=\"l-section-h i-cf\"><div class=\"g-cols vc_row via_flex valign_top type_default stacking_default\"><div class=\"vc_col-sm-12 wpb_column vc_column_container\"><div class=\"vc_column-inner\"><div class=\"wpb_wrapper\"><div class=\"wpb_text_column\"><div class=\"wpb_wrapper\"><h2 style=\"text-align: center;\">De Bi\u00ebnnale is officieel nog niet begonnen, maar Sevilla staat al in flamenco-modus<\/h2>\n<p style=\"text-align: center;\">Het weekend van 4 tot 6 september biedt een bijzonder aantrekkelijke combinatie: drie gratis avondoptredens, twee culturele dagactiviteiten in de Real F\u00e1brica de Artiller\u00eda en het volledige reguliere programma van de tablaos.<\/p>\n<p style=\"text-align: center;\">Als je deze dagen in Sevilla bent, hoef je niet tot 9 september te wachten om de Bi\u00ebnnale te beginnen beleven. De stad laat al een deel zien van wat eraan komt: <strong>baile, cante, herinnering, erfgoed, creatie en flamenco op straat<\/strong>.<\/p>\n<\/div><\/div><div class=\"w-separator size_medium\"><\/div><div class=\"w-hwrapper valign_top wrap stack_on_mobiles align_center\" style=\"--hwrapper-gap:1.2rem\"><div class=\"w-btn-wrapper align_none\"><a class=\"w-btn us-btn-style_1\" href=\"https:\/\/www.tablaosflamencos.com\/nl\/flamencobiennale-sevilla-2026-gratis.html\"><span class=\"w-btn-label\">Bekijk gratis activiteiten van de Bi\u00ebnnale<\/span><\/a><\/div><\/div><\/div><\/div><\/div><\/div><\/div><\/section><section class=\"l-section wpb_row height_huge with_shape\"><div class=\"l-section-shape type_zigzag pos_bottom\" style=\"height:3vmin;\"><svg xmlns=\"http:\/\/www.w3.org\/2000\/svg\" viewBox=\"0 0 64 8\" preserveAspectRatio=\"none\" width=\"100%\" height=\"100%\">\r\n\t<path fill=\"currentColor\" d=\"M64 8 L0 8 L0 0 L20 7.9 L40 3 L48 5 L64 0 Z\"\/>\r\n<\/svg><\/div><div class=\"l-section-h i-cf\"><div class=\"g-cols vc_row via_flex valign_top type_default stacking_default\"><div class=\"vc_col-sm-1\/5 wpb_column vc_column_container\"><div class=\"vc_column-inner\"><div class=\"wpb_wrapper\"><\/div><\/div><\/div><div class=\"vc_col-sm-3\/5 wpb_column vc_column_container\"><div class=\"vc_column-inner\"><div class=\"wpb_wrapper\"><div class=\"wpb_text_column\"><div class=\"wpb_wrapper\"><h2 id=\"faq\" style=\"text-align: center;\">Veelgestelde vragen over flamenco in Sevilla dit weekend<\/h2>\n<\/div><\/div><div class=\"w-separator size_medium\"><\/div><div class=\"w-tabs accordion toggle_style_1 has_scrolling\" style=\"--sections-title-size:inherit;--sections-gap:0.5rem;\"><div class=\"w-tabs-sections titles-align_none icon_chevron cpos_right\"><div class=\"w-tabs-section\" id=\"z931\"><button type=\"button\" class=\"w-tabs-section-header\" aria-controls=\"content-z931\" aria-expanded=\"false\"><div class=\"w-tabs-section-title\">Welke flamenco is er in Sevilla dit weekend, van 4 tot 6 september 2026?<\/div><div class=\"w-tabs-section-control\"><\/div><\/button><div  class=\"w-tabs-section-content\" id=\"content-z931\"><div class=\"w-tabs-section-content-h i-cf\"><div class=\"wpb_text_column\"><div class=\"wpb_wrapper\"><p>Op vrijdag 4 treden Hermanos Aguilar op met <em>Cuesti\u00f3n de tiempo<\/em> in het klooster van San Jer\u00f3nimo; op zaterdag 5 vindt het 2e Festival Macarena Flamenca plaats op Plaza Virgen del Pilar; en op zondag 6 is er <em>Nazareno y Olivares<\/em>, een eerbetoon aan Fosforito, in het Museum voor Volkskunst en Gebruiken. Alle drie de evenementen beginnen om 21:30.<\/p>\n<\/div><\/div><\/div><\/div><\/div><div class=\"w-tabs-section\" id=\"laa1\"><button type=\"button\" class=\"w-tabs-section-header\" aria-controls=\"content-laa1\" aria-expanded=\"false\"><div class=\"w-tabs-section-title\">Zijn de voorstellingen v\u00f3\u00f3r de Bi\u00ebnnale dit weekend gratis?<\/div><div class=\"w-tabs-section-control\"><\/div><\/button><div  class=\"w-tabs-section-content\" id=\"content-laa1\"><div class=\"w-tabs-section-content-h i-cf\"><div class=\"wpb_text_column\"><div class=\"wpb_wrapper\"><p>Ja. De voorstellingen op 4, 5 en 6 september zijn aangekondigd met vrije toegang zolang er plaats is, dus het is verstandig vroeg te komen.<\/p>\n<\/div><\/div><\/div><\/div><\/div><div class=\"w-tabs-section\" id=\"ic08\"><button type=\"button\" class=\"w-tabs-section-header\" aria-controls=\"content-ic08\" aria-expanded=\"false\"><div class=\"w-tabs-section-title\">Wanneer begint de Flamencobi\u00ebnnale van Sevilla 2026 officieel?<\/div><div class=\"w-tabs-section-control\"><\/div><\/button><div  class=\"w-tabs-section-content\" id=\"content-ic08\"><div class=\"w-tabs-section-content-h i-cf\"><div class=\"wpb_text_column\"><div class=\"wpb_wrapper\"><p>De 24e Flamencobi\u00ebnnale vindt officieel plaats van 9 september tot 3 oktober 2026. Verschillende nevenactiviteiten en voorstellingen beginnen echter al v\u00f3\u00f3r de 9e.<\/p>\n<\/div><\/div><\/div><\/div><\/div><div class=\"w-tabs-section\" id=\"hd5c\"><button type=\"button\" class=\"w-tabs-section-header\" aria-controls=\"content-hd5c\" aria-expanded=\"false\"><div class=\"w-tabs-section-title\">Wat kan ik zien op vrijdag 4 september?<\/div><div class=\"w-tabs-section-control\"><\/div><\/button><div  class=\"w-tabs-section-content\" id=\"content-hd5c\"><div class=\"w-tabs-section-content-h i-cf\"><div class=\"wpb_text_column\"><div class=\"wpb_wrapper\"><p><em>Cuesti\u00f3n de tiempo<\/em>, van Hermanos Aguilar, om 21:30 in het klooster van San Jer\u00f3nimo. Het is een stuk met baile en hedendaagse creatie, gericht op herinnering, identiteit en familie-erfenis.<\/p>\n<\/div><\/div><\/div><\/div><\/div><div class=\"w-tabs-section\" id=\"be9b\"><button type=\"button\" class=\"w-tabs-section-header\" aria-controls=\"content-be9b\" aria-expanded=\"false\"><div class=\"w-tabs-section-title\">Wat is er op zaterdag 5 september?<\/div><div class=\"w-tabs-section-control\"><\/div><\/button><div  class=\"w-tabs-section-content\" id=\"content-be9b\"><div class=\"w-tabs-section-content-h i-cf\"><div class=\"wpb_text_column\"><div class=\"wpb_wrapper\"><p>Het 2e Festival Macarena Flamenca vindt om 21:30 plaats op Plaza Virgen del Pilar in La Barzola en brengt hulde aan Jos\u00e9 de la Tomasa. Op het programma staan onder anderen Potito, Antonio Reyes, Remedios Reyes, Manuel de la Tomasa en Manuela Amador Carrasco.<\/p>\n<\/div><\/div><\/div><\/div><\/div><div class=\"w-tabs-section\" id=\"f013\"><button type=\"button\" class=\"w-tabs-section-header\" aria-controls=\"content-f013\" aria-expanded=\"false\"><div class=\"w-tabs-section-title\">Wat is er op zondag 6 september?<\/div><div class=\"w-tabs-section-control\"><\/div><\/button><div  class=\"w-tabs-section-content\" id=\"content-f013\"><div class=\"w-tabs-section-content-h i-cf\"><div class=\"wpb_text_column\"><div class=\"wpb_wrapper\"><p>Om 21:30 wordt <em>Nazareno y Olivares<\/em> gepresenteerd in het Museum voor Volkskunst en Gebruiken, een programma over het leven en werk van Fosforito via muziek, woord en dans.<\/p>\n<\/div><\/div><\/div><\/div><\/div><div class=\"w-tabs-section\" id=\"a160\"><button type=\"button\" class=\"w-tabs-section-header\" aria-controls=\"content-a160\" aria-expanded=\"false\"><div class=\"w-tabs-section-title\">Zijn er overdag flamenco-activiteiten?<\/div><div class=\"w-tabs-section-control\"><\/div><\/button><div  class=\"w-tabs-section-content\" id=\"content-a160\"><div class=\"w-tabs-section-content-h i-cf\"><div class=\"wpb_text_column\"><div class=\"wpb_wrapper\"><p>Ja. De Real F\u00e1brica de Artiller\u00eda huisvest de gratis tentoonstelling <em>La noche azul<\/em> en vanaf zaterdag 5 ook de <em>Sala de revelado<\/em>, die de creatieve processen van de artiesten van de Bi\u00ebnnale zichtbaar maakt.<\/p>\n<\/div><\/div><\/div><\/div><\/div><div class=\"w-tabs-section\" id=\"r298\"><button type=\"button\" class=\"w-tabs-section-header\" aria-controls=\"content-r298\" aria-expanded=\"false\"><div class=\"w-tabs-section-title\">Wat zijn de openingstijden van La noche azul dit weekend?<\/div><div class=\"w-tabs-section-control\"><\/div><\/button><div  class=\"w-tabs-section-content\" id=\"content-r298\"><div class=\"w-tabs-section-content-h i-cf\"><div class=\"wpb_text_column\"><div class=\"wpb_wrapper\"><p>De offici\u00eble openingstijden van de tentoonstelling zijn maandag tot en met zaterdag van 10:00 tot 20:00 en op zondag van 10:00 tot 14:00. De toegang is gratis.<\/p>\n<\/div><\/div><\/div><\/div><\/div><div class=\"w-tabs-section\" id=\"w3eb\"><button type=\"button\" class=\"w-tabs-section-header\" aria-controls=\"content-w3eb\" aria-expanded=\"false\"><div class=\"w-tabs-section-title\">Kan ik een tablao reserveren als ik niet afhankelijk wil zijn van de capaciteit van de gratis evenementen?<\/div><div class=\"w-tabs-section-control\"><\/div><\/button><div  class=\"w-tabs-section-content\" id=\"content-w3eb\"><div class=\"w-tabs-section-content-h i-cf\"><div class=\"wpb_text_column\"><div class=\"wpb_wrapper\"><p>Ja. De tablaos van Sevilla behouden het hele weekend hun normale programma. Het is een aanbevolen alternatief als je een plaats wilt verzekeren, een specifiek tijdstip wilt kiezen of een van de activiteiten v\u00f3\u00f3r de Bi\u00ebnnale wilt combineren met een andere flamencovoorstelling.<\/p>\n<\/div><\/div><\/div><\/div><\/div><div class=\"w-tabs-section\" id=\"e51b\"><button type=\"button\" class=\"w-tabs-section-header\" aria-controls=\"content-e51b\" aria-expanded=\"false\"><div class=\"w-tabs-section-title\">Wat gebeurt er na dit weekend?<\/div><div class=\"w-tabs-section-control\"><\/div><\/button><div  class=\"w-tabs-section-content\" id=\"content-e51b\"><div class=\"w-tabs-section-content-h i-cf\"><div class=\"wpb_text_column\"><div class=\"wpb_wrapper\"><p>Het voorprogramma gaat verder op 8 september en de Bi\u00ebnnale begint officieel op de 9e. Vanaf dat moment starten de grote producties, premi\u00e8res en reeksen op de belangrijkste locaties van Sevilla.<\/p>\n<\/div><\/div><\/div><\/div><\/div><\/div><\/div><\/div><\/div><\/div><div class=\"vc_col-sm-1\/5 wpb_column vc_column_container\"><div class=\"vc_column-inner\"><div class=\"wpb_wrapper\"><\/div><\/div><\/div><\/div><\/div><\/section>\n","protected":false},"excerpt":{"rendered":"<p>Wat je van 4 tot 6 september 2026 in Sevilla kunt zien v\u00f3\u00f3r de Bi\u00ebnnale: gratis shows, tentoonstellingen, tablaos en praktische plannen.<\/p>\n","protected":false},"author":1,"featured_media":14517,"comment_status":"closed","ping_status":"closed","sticky":false,"template":"","format":"standard","meta":{"_acf_changed":false,"wpai_generated_summary":"","_ayudawp_aiss_exclude":false,"_ayudawp_aiss_exclude_summary":false,"_ayudawp_aiss_summary":"","_ayudawp_aiss_summary_provider":"","_ayudawp_aiss_summary_hash":"","footnotes":""},"categories":[1432],"tags":[1227,1228,1229,1230,1133,423,1231],"class_list":["post-14542","post","type-post","status-publish","format-standard","has-post-thumbnail","hentry","category-flamencobiennale","tag-agenda-flamenca","tag-bienal-2026","tag-bienal-de-flamenco","tag-festivales-flamencos","tag-flamenco-en-sevilla","tag-sevilla","tag-tablaos-de-sevilla"],"acf":[],"yoast_head":"<!-- This site is optimized with the Yoast SEO Premium plugin v28.4 (Yoast SEO v28.4) - https:\/\/yoast.com\/product\/yoast-seo-premium-wordpress\/ -->\n<title>Flamenco in Sevilla dit weekend: 4\u20136 september<\/title>\n<meta name=\"description\" content=\"Wat je van 4 tot 6 september 2026 in Sevilla kunt zien v\u00f3\u00f3r de Bi\u00ebnnale: Hermanos Aguilar, Macarena Flamenca, eerbetoon aan Fosforito, tentoonstellingen en tablaos.\" \/>\n<meta name=\"robots\" content=\"index, follow, max-snippet:-1, max-image-preview:large, max-video-preview:-1\" \/>\n<link rel=\"canonical\" href=\"https:\/\/www.tablaosflamencos.com\/nl\/flamenco-sevilla-dit-weekend-voor-biennale-2026.html\" \/>\n<meta property=\"og:locale\" content=\"nl_NL\" \/>\n<meta property=\"og:type\" content=\"article\" \/>\n<meta property=\"og:title\" content=\"Flamenco in Sevilla dit weekend: wat te zien v\u00f3\u00f3r de Bi\u00ebnnale\" \/>\n<meta property=\"og:description\" content=\"Wat je van 4 tot 6 september 2026 in Sevilla kunt zien v\u00f3\u00f3r de Bi\u00ebnnale: Hermanos Aguilar, Macarena Flamenca, eerbetoon aan Fosforito, tentoonstellingen en tablaos.\" \/>\n<meta property=\"og:url\" content=\"https:\/\/www.tablaosflamencos.com\/nl\/flamenco-sevilla-dit-weekend-voor-biennale-2026.html\" \/>\n<meta property=\"og:site_name\" content=\"Tablaos Flamencos\" \/>\n<meta property=\"article:publisher\" content=\"https:\/\/www.facebook.com\/tablaosflamencos\" \/>\n<meta property=\"article:published_time\" content=\"2026-09-04T16:48:29+00:00\" \/>\n<meta property=\"article:modified_time\" content=\"2026-09-04T17:16:56+00:00\" \/>\n<meta property=\"og:image\" content=\"https:\/\/www.tablaosflamencos.com\/wp-content\/uploads\/flamenco-en-sevilla-este-fin-de-semana-que-ver-antes-de-la-bienal-01.webp\" \/>\n\t<meta property=\"og:image:width\" content=\"1672\" \/>\n\t<meta property=\"og:image:height\" content=\"941\" \/>\n\t<meta property=\"og:image:type\" content=\"image\/webp\" \/>\n<meta name=\"author\" content=\"Miguel Ortiz\" \/>\n<meta name=\"twitter:card\" content=\"summary_large_image\" \/>\n<meta name=\"twitter:creator\" content=\"@tablaosflamenco\" \/>\n<meta name=\"twitter:site\" content=\"@tablaosflamenco\" \/>\n<meta name=\"twitter:label1\" content=\"Geschreven door\" \/>\n\t<meta name=\"twitter:data1\" content=\"Miguel Ortiz\" \/>\n\t<meta name=\"twitter:label2\" content=\"Geschatte leestijd\" \/>\n\t<meta name=\"twitter:data2\" content=\"16 minuten\" \/>\n<script type=\"application\/ld+json\" class=\"yoast-schema-graph\">{\"@context\":\"https:\\\/\\\/schema.org\",\"@graph\":[{\"@type\":\"Article\",\"@id\":\"https:\\\/\\\/www.tablaosflamencos.com\\\/nl\\\/flamenco-sevilla-dit-weekend-voor-biennale-2026.html#article\",\"isPartOf\":{\"@id\":\"https:\\\/\\\/www.tablaosflamencos.com\\\/nl\\\/flamenco-sevilla-dit-weekend-voor-biennale-2026.html\"},\"author\":{\"name\":\"Miguel Ortiz\",\"@id\":\"https:\\\/\\\/www.tablaosflamencos.com\\\/nl#\\\/schema\\\/person\\\/e7a9ebe14eb75a52ceabfbffb3c54f5d\"},\"headline\":\"Flamenco in Sevilla dit weekend: wat te zien v\u00f3\u00f3r de Bi\u00ebnnale\",\"datePublished\":\"2026-09-04T16:48:29+00:00\",\"dateModified\":\"2026-09-04T17:16:56+00:00\",\"mainEntityOfPage\":{\"@id\":\"https:\\\/\\\/www.tablaosflamencos.com\\\/nl\\\/flamenco-sevilla-dit-weekend-voor-biennale-2026.html\"},\"wordCount\":3209,\"publisher\":{\"@id\":\"https:\\\/\\\/www.tablaosflamencos.com\\\/nl#organization\"},\"image\":{\"@id\":\"https:\\\/\\\/www.tablaosflamencos.com\\\/nl\\\/flamenco-sevilla-dit-weekend-voor-biennale-2026.html#primaryimage\"},\"thumbnailUrl\":\"https:\\\/\\\/www.tablaosflamencos.com\\\/wp-content\\\/uploads\\\/flamenco-en-sevilla-este-fin-de-semana-que-ver-antes-de-la-bienal-01.webp\",\"keywords\":[\"agenda flamenca\",\"Bienal 2026\",\"Bienal de Flamenco\",\"festivales flamencos\",\"flamenco en Sevilla\",\"sevilla\",\"tablaos de Sevilla\"],\"articleSection\":[\"Flamencobi\u00ebnnale\"],\"inLanguage\":\"nl-NL\"},{\"@type\":\"WebPage\",\"@id\":\"https:\\\/\\\/www.tablaosflamencos.com\\\/nl\\\/flamenco-sevilla-dit-weekend-voor-biennale-2026.html\",\"url\":\"https:\\\/\\\/www.tablaosflamencos.com\\\/nl\\\/flamenco-sevilla-dit-weekend-voor-biennale-2026.html\",\"name\":\"Flamenco in Sevilla dit weekend: 4\u20136 september\",\"isPartOf\":{\"@id\":\"https:\\\/\\\/www.tablaosflamencos.com\\\/nl#website\"},\"primaryImageOfPage\":{\"@id\":\"https:\\\/\\\/www.tablaosflamencos.com\\\/nl\\\/flamenco-sevilla-dit-weekend-voor-biennale-2026.html#primaryimage\"},\"image\":{\"@id\":\"https:\\\/\\\/www.tablaosflamencos.com\\\/nl\\\/flamenco-sevilla-dit-weekend-voor-biennale-2026.html#primaryimage\"},\"thumbnailUrl\":\"https:\\\/\\\/www.tablaosflamencos.com\\\/wp-content\\\/uploads\\\/flamenco-en-sevilla-este-fin-de-semana-que-ver-antes-de-la-bienal-01.webp\",\"datePublished\":\"2026-09-04T16:48:29+00:00\",\"dateModified\":\"2026-09-04T17:16:56+00:00\",\"description\":\"Wat je van 4 tot 6 september 2026 in Sevilla kunt zien v\u00f3\u00f3r de Bi\u00ebnnale: Hermanos Aguilar, Macarena Flamenca, eerbetoon aan Fosforito, tentoonstellingen en tablaos.\",\"breadcrumb\":{\"@id\":\"https:\\\/\\\/www.tablaosflamencos.com\\\/nl\\\/flamenco-sevilla-dit-weekend-voor-biennale-2026.html#breadcrumb\"},\"inLanguage\":\"nl-NL\",\"potentialAction\":[{\"@type\":\"ReadAction\",\"target\":[\"https:\\\/\\\/www.tablaosflamencos.com\\\/nl\\\/flamenco-sevilla-dit-weekend-voor-biennale-2026.html\"]}]},{\"@type\":\"ImageObject\",\"inLanguage\":\"nl-NL\",\"@id\":\"https:\\\/\\\/www.tablaosflamencos.com\\\/nl\\\/flamenco-sevilla-dit-weekend-voor-biennale-2026.html#primaryimage\",\"url\":\"https:\\\/\\\/www.tablaosflamencos.com\\\/wp-content\\\/uploads\\\/flamenco-en-sevilla-este-fin-de-semana-que-ver-antes-de-la-bienal-01.webp\",\"contentUrl\":\"https:\\\/\\\/www.tablaosflamencos.com\\\/wp-content\\\/uploads\\\/flamenco-en-sevilla-este-fin-de-semana-que-ver-antes-de-la-bienal-01.webp\",\"width\":1672,\"height\":941,\"caption\":\"Flamenco en Sevilla este fin de semana: qu\u00e9 ver antes de la Bienal\"},{\"@type\":\"BreadcrumbList\",\"@id\":\"https:\\\/\\\/www.tablaosflamencos.com\\\/nl\\\/flamenco-sevilla-dit-weekend-voor-biennale-2026.html#breadcrumb\",\"itemListElement\":[{\"@type\":\"ListItem\",\"position\":1,\"name\":\"Home\",\"item\":\"https:\\\/\\\/www.tablaosflamencos.com\\\/nl\"},{\"@type\":\"ListItem\",\"position\":2,\"name\":\"Flamenco in Sevilla dit weekend: wat te zien v\u00f3\u00f3r de Bi\u00ebnnale\"}]},{\"@type\":\"WebSite\",\"@id\":\"https:\\\/\\\/www.tablaosflamencos.com\\\/nl#website\",\"url\":\"https:\\\/\\\/www.tablaosflamencos.com\\\/nl\",\"name\":\"Tablaos Flamencos\",\"description\":\"Entradas para tablaos flamencos de Espa\u00f1a\",\"publisher\":{\"@id\":\"https:\\\/\\\/www.tablaosflamencos.com\\\/nl#organization\"},\"alternateName\":\"Tablaos Flamencos\",\"potentialAction\":[{\"@type\":\"SearchAction\",\"target\":{\"@type\":\"EntryPoint\",\"urlTemplate\":\"https:\\\/\\\/www.tablaosflamencos.com\\\/nl?s={search_term_string}\"},\"query-input\":{\"@type\":\"PropertyValueSpecification\",\"valueRequired\":true,\"valueName\":\"search_term_string\"}}],\"inLanguage\":\"nl-NL\"},{\"@type\":[\"Organization\",\"Place\",\"EntertainmentBusiness\"],\"@id\":\"https:\\\/\\\/www.tablaosflamencos.com\\\/nl#organization\",\"name\":\"Tablaos Flamencos\",\"alternateName\":\"Tablaos Flamencos\",\"url\":\"https:\\\/\\\/www.tablaosflamencos.com\\\/nl\",\"logo\":{\"@id\":\"https:\\\/\\\/www.tablaosflamencos.com\\\/nl\\\/flamenco-sevilla-dit-weekend-voor-biennale-2026.html#local-main-organization-logo\"},\"image\":{\"@id\":\"https:\\\/\\\/www.tablaosflamencos.com\\\/nl\\\/flamenco-sevilla-dit-weekend-voor-biennale-2026.html#local-main-organization-logo\"},\"sameAs\":[\"https:\\\/\\\/www.facebook.com\\\/tablaosflamencos\",\"https:\\\/\\\/x.com\\\/tablaosflamenco\",\"https:\\\/\\\/mastodon.social\\\/@tablaosflamencos\",\"https:\\\/\\\/www.instagram.com\\\/tablaosflamencos\",\"https:\\\/\\\/tiktok.com\\\/@tablaosflamencos\",\"https:\\\/\\\/www.linkedin.com\\\/company\\\/109408238\\\/\"],\"description\":\"Venta de entradas para espect\u00e1culos flamencos\",\"legalName\":\"Tablaos Flamencos\",\"foundingDate\":\"2015-01-01\",\"numberOfEmployees\":{\"@type\":\"QuantitativeValue\",\"minValue\":\"1\",\"maxValue\":\"10\"},\"address\":{\"@id\":\"https:\\\/\\\/www.tablaosflamencos.com\\\/nl\\\/flamenco-sevilla-dit-weekend-voor-biennale-2026.html#local-main-place-address\"},\"geo\":{\"@type\":\"GeoCoordinates\",\"latitude\":\"37.3868072\",\"longitude\":\"-5.993280299999999\"},\"telephone\":[\"+34623787787\"],\"contactPoint\":{\"@type\":\"ContactPoint\",\"telephone\":\"+34623787787\",\"email\":\"info@tablaosflamencos.com\"},\"openingHoursSpecification\":{\"@type\":\"OpeningHoursSpecification\",\"dayOfWeek\":[\"Monday\",\"Tuesday\",\"Wednesday\",\"Thursday\",\"Friday\",\"Saturday\",\"Sunday\"],\"opens\":\"00:00\",\"closes\":\"23:59\"},\"email\":\"info@tablaosflamencos.com\",\"priceRange\":\"$$$\",\"currenciesAccepted\":\"\u20ac\"},{\"@type\":\"Person\",\"@id\":\"https:\\\/\\\/www.tablaosflamencos.com\\\/nl#\\\/schema\\\/person\\\/e7a9ebe14eb75a52ceabfbffb3c54f5d\",\"name\":\"Miguel Ortiz\",\"description\":\"Miguel Ortiz es un empresario flamenco, con una s\u00f3lida trayectoria dentro del sector. Ha presidido entidades culturales vinculadas al flamenco y, cuenta con un amplio recorrido profesional en la gesti\u00f3n y promoci\u00f3n de espect\u00e1culos y tablaos flamencos. Su pasi\u00f3n por la historia y el arte flamenco se refleja en cada art\u00edculo, donde combina experiencia, criterio y un profundo respeto por la tradici\u00f3n.\",\"sameAs\":[\"https:\\\/\\\/www.tablaosflamencos.com\",\"https:\\\/\\\/www.instagra.com\\\/miguelortizfe\",\"https:\\\/\\\/www.linkedin.com\\\/in\\\/miguelortizf\\\/\"],\"birthDate\":\"1984-11-22\",\"gender\":\"hombre\",\"knowsLanguage\":[\"espa\u00f1ol\",\"ingl\u00e9s\"],\"jobTitle\":\"Empresario flamenco\"},{\"@type\":\"PostalAddress\",\"@id\":\"https:\\\/\\\/www.tablaosflamencos.com\\\/nl\\\/flamenco-sevilla-dit-weekend-voor-biennale-2026.html#local-main-place-address\",\"streetAddress\":\"C\\\/ Alemanes, 19\",\"addressLocality\":\"Sevilla\",\"postalCode\":\"41004\",\"addressRegion\":\"Sevilla\",\"addressCountry\":\"ES\"},{\"@type\":\"ImageObject\",\"inLanguage\":\"nl-NL\",\"@id\":\"https:\\\/\\\/www.tablaosflamencos.com\\\/nl\\\/flamenco-sevilla-dit-weekend-voor-biennale-2026.html#local-main-organization-logo\",\"url\":\"https:\\\/\\\/www.tablaosflamencos.com\\\/wp-content\\\/uploads\\\/tablaos-flamencos-06-3.webp\",\"contentUrl\":\"https:\\\/\\\/www.tablaosflamencos.com\\\/wp-content\\\/uploads\\\/tablaos-flamencos-06-3.webp\",\"width\":600,\"height\":620,\"caption\":\"Tablaos Flamencos\"}]}<\/script>\n<meta name=\"geo.placename\" content=\"Sevilla\" \/>\n<meta name=\"geo.position\" content=\"37.3868072;-5.993280299999999\" \/>\n<meta name=\"geo.region\" content=\"Spanje\" \/>\n<!-- \/ Yoast SEO Premium plugin. -->","yoast_head_json":{"title":"Flamenco in Sevilla dit weekend: 4\u20136 september","description":"Wat je van 4 tot 6 september 2026 in Sevilla kunt zien v\u00f3\u00f3r de Bi\u00ebnnale: Hermanos Aguilar, Macarena Flamenca, eerbetoon aan Fosforito, tentoonstellingen en tablaos.","robots":{"index":"index","follow":"follow","max-snippet":"max-snippet:-1","max-image-preview":"max-image-preview:large","max-video-preview":"max-video-preview:-1"},"canonical":"https:\/\/www.tablaosflamencos.com\/nl\/flamenco-sevilla-dit-weekend-voor-biennale-2026.html","og_locale":"nl_NL","og_type":"article","og_title":"Flamenco in Sevilla dit weekend: wat te zien v\u00f3\u00f3r de Bi\u00ebnnale","og_description":"Wat je van 4 tot 6 september 2026 in Sevilla kunt zien v\u00f3\u00f3r de Bi\u00ebnnale: Hermanos Aguilar, Macarena Flamenca, eerbetoon aan Fosforito, tentoonstellingen en tablaos.","og_url":"https:\/\/www.tablaosflamencos.com\/nl\/flamenco-sevilla-dit-weekend-voor-biennale-2026.html","og_site_name":"Tablaos Flamencos","article_publisher":"https:\/\/www.facebook.com\/tablaosflamencos","article_published_time":"2026-09-04T16:48:29+00:00","article_modified_time":"2026-09-04T17:16:56+00:00","og_image":[{"width":1672,"height":941,"url":"https:\/\/www.tablaosflamencos.com\/wp-content\/uploads\/flamenco-en-sevilla-este-fin-de-semana-que-ver-antes-de-la-bienal-01.webp","type":"image\/webp"}],"author":"Miguel Ortiz","twitter_card":"summary_large_image","twitter_creator":"@tablaosflamenco","twitter_site":"@tablaosflamenco","twitter_misc":{"Geschreven door":"Miguel Ortiz","Geschatte leestijd":"16 minuten"},"schema":{"@context":"https:\/\/schema.org","@graph":[{"@type":"Article","@id":"https:\/\/www.tablaosflamencos.com\/nl\/flamenco-sevilla-dit-weekend-voor-biennale-2026.html#article","isPartOf":{"@id":"https:\/\/www.tablaosflamencos.com\/nl\/flamenco-sevilla-dit-weekend-voor-biennale-2026.html"},"author":{"name":"Miguel Ortiz","@id":"https:\/\/www.tablaosflamencos.com\/nl#\/schema\/person\/e7a9ebe14eb75a52ceabfbffb3c54f5d"},"headline":"Flamenco in Sevilla dit weekend: wat te zien v\u00f3\u00f3r de Bi\u00ebnnale","datePublished":"2026-09-04T16:48:29+00:00","dateModified":"2026-09-04T17:16:56+00:00","mainEntityOfPage":{"@id":"https:\/\/www.tablaosflamencos.com\/nl\/flamenco-sevilla-dit-weekend-voor-biennale-2026.html"},"wordCount":3209,"publisher":{"@id":"https:\/\/www.tablaosflamencos.com\/nl#organization"},"image":{"@id":"https:\/\/www.tablaosflamencos.com\/nl\/flamenco-sevilla-dit-weekend-voor-biennale-2026.html#primaryimage"},"thumbnailUrl":"https:\/\/www.tablaosflamencos.com\/wp-content\/uploads\/flamenco-en-sevilla-este-fin-de-semana-que-ver-antes-de-la-bienal-01.webp","keywords":["agenda flamenca","Bienal 2026","Bienal de Flamenco","festivales flamencos","flamenco en Sevilla","sevilla","tablaos de Sevilla"],"articleSection":["Flamencobi\u00ebnnale"],"inLanguage":"nl-NL"},{"@type":"WebPage","@id":"https:\/\/www.tablaosflamencos.com\/nl\/flamenco-sevilla-dit-weekend-voor-biennale-2026.html","url":"https:\/\/www.tablaosflamencos.com\/nl\/flamenco-sevilla-dit-weekend-voor-biennale-2026.html","name":"Flamenco in Sevilla dit weekend: 4\u20136 september","isPartOf":{"@id":"https:\/\/www.tablaosflamencos.com\/nl#website"},"primaryImageOfPage":{"@id":"https:\/\/www.tablaosflamencos.com\/nl\/flamenco-sevilla-dit-weekend-voor-biennale-2026.html#primaryimage"},"image":{"@id":"https:\/\/www.tablaosflamencos.com\/nl\/flamenco-sevilla-dit-weekend-voor-biennale-2026.html#primaryimage"},"thumbnailUrl":"https:\/\/www.tablaosflamencos.com\/wp-content\/uploads\/flamenco-en-sevilla-este-fin-de-semana-que-ver-antes-de-la-bienal-01.webp","datePublished":"2026-09-04T16:48:29+00:00","dateModified":"2026-09-04T17:16:56+00:00","description":"Wat je van 4 tot 6 september 2026 in Sevilla kunt zien v\u00f3\u00f3r de Bi\u00ebnnale: Hermanos Aguilar, Macarena Flamenca, eerbetoon aan Fosforito, tentoonstellingen en tablaos.","breadcrumb":{"@id":"https:\/\/www.tablaosflamencos.com\/nl\/flamenco-sevilla-dit-weekend-voor-biennale-2026.html#breadcrumb"},"inLanguage":"nl-NL","potentialAction":[{"@type":"ReadAction","target":["https:\/\/www.tablaosflamencos.com\/nl\/flamenco-sevilla-dit-weekend-voor-biennale-2026.html"]}]},{"@type":"ImageObject","inLanguage":"nl-NL","@id":"https:\/\/www.tablaosflamencos.com\/nl\/flamenco-sevilla-dit-weekend-voor-biennale-2026.html#primaryimage","url":"https:\/\/www.tablaosflamencos.com\/wp-content\/uploads\/flamenco-en-sevilla-este-fin-de-semana-que-ver-antes-de-la-bienal-01.webp","contentUrl":"https:\/\/www.tablaosflamencos.com\/wp-content\/uploads\/flamenco-en-sevilla-este-fin-de-semana-que-ver-antes-de-la-bienal-01.webp","width":1672,"height":941,"caption":"Flamenco en Sevilla este fin de semana: qu\u00e9 ver antes de la Bienal"},{"@type":"BreadcrumbList","@id":"https:\/\/www.tablaosflamencos.com\/nl\/flamenco-sevilla-dit-weekend-voor-biennale-2026.html#breadcrumb","itemListElement":[{"@type":"ListItem","position":1,"name":"Home","item":"https:\/\/www.tablaosflamencos.com\/nl"},{"@type":"ListItem","position":2,"name":"Flamenco in Sevilla dit weekend: wat te zien v\u00f3\u00f3r de Bi\u00ebnnale"}]},{"@type":"WebSite","@id":"https:\/\/www.tablaosflamencos.com\/nl#website","url":"https:\/\/www.tablaosflamencos.com\/nl","name":"Tablaos Flamencos","description":"Entradas para tablaos flamencos de Espa\u00f1a","publisher":{"@id":"https:\/\/www.tablaosflamencos.com\/nl#organization"},"alternateName":"Tablaos Flamencos","potentialAction":[{"@type":"SearchAction","target":{"@type":"EntryPoint","urlTemplate":"https:\/\/www.tablaosflamencos.com\/nl?s={search_term_string}"},"query-input":{"@type":"PropertyValueSpecification","valueRequired":true,"valueName":"search_term_string"}}],"inLanguage":"nl-NL"},{"@type":["Organization","Place","EntertainmentBusiness"],"@id":"https:\/\/www.tablaosflamencos.com\/nl#organization","name":"Tablaos Flamencos","alternateName":"Tablaos Flamencos","url":"https:\/\/www.tablaosflamencos.com\/nl","logo":{"@id":"https:\/\/www.tablaosflamencos.com\/nl\/flamenco-sevilla-dit-weekend-voor-biennale-2026.html#local-main-organization-logo"},"image":{"@id":"https:\/\/www.tablaosflamencos.com\/nl\/flamenco-sevilla-dit-weekend-voor-biennale-2026.html#local-main-organization-logo"},"sameAs":["https:\/\/www.facebook.com\/tablaosflamencos","https:\/\/x.com\/tablaosflamenco","https:\/\/mastodon.social\/@tablaosflamencos","https:\/\/www.instagram.com\/tablaosflamencos","https:\/\/tiktok.com\/@tablaosflamencos","https:\/\/www.linkedin.com\/company\/109408238\/"],"description":"Venta de entradas para espect\u00e1culos flamencos","legalName":"Tablaos Flamencos","foundingDate":"2015-01-01","numberOfEmployees":{"@type":"QuantitativeValue","minValue":"1","maxValue":"10"},"address":{"@id":"https:\/\/www.tablaosflamencos.com\/nl\/flamenco-sevilla-dit-weekend-voor-biennale-2026.html#local-main-place-address"},"geo":{"@type":"GeoCoordinates","latitude":"37.3868072","longitude":"-5.993280299999999"},"telephone":["+34623787787"],"contactPoint":{"@type":"ContactPoint","telephone":"+34623787787","email":"info@tablaosflamencos.com"},"openingHoursSpecification":{"@type":"OpeningHoursSpecification","dayOfWeek":["Monday","Tuesday","Wednesday","Thursday","Friday","Saturday","Sunday"],"opens":"00:00","closes":"23:59"},"email":"info@tablaosflamencos.com","priceRange":"$$$","currenciesAccepted":"\u20ac"},{"@type":"Person","@id":"https:\/\/www.tablaosflamencos.com\/nl#\/schema\/person\/e7a9ebe14eb75a52ceabfbffb3c54f5d","name":"Miguel Ortiz","description":"Miguel Ortiz es un empresario flamenco, con una s\u00f3lida trayectoria dentro del sector. Ha presidido entidades culturales vinculadas al flamenco y, cuenta con un amplio recorrido profesional en la gesti\u00f3n y promoci\u00f3n de espect\u00e1culos y tablaos flamencos. Su pasi\u00f3n por la historia y el arte flamenco se refleja en cada art\u00edculo, donde combina experiencia, criterio y un profundo respeto por la tradici\u00f3n.","sameAs":["https:\/\/www.tablaosflamencos.com","https:\/\/www.instagra.com\/miguelortizfe","https:\/\/www.linkedin.com\/in\/miguelortizf\/"],"birthDate":"1984-11-22","gender":"hombre","knowsLanguage":["espa\u00f1ol","ingl\u00e9s"],"jobTitle":"Empresario flamenco"},{"@type":"PostalAddress","@id":"https:\/\/www.tablaosflamencos.com\/nl\/flamenco-sevilla-dit-weekend-voor-biennale-2026.html#local-main-place-address","streetAddress":"C\/ Alemanes, 19","addressLocality":"Sevilla","postalCode":"41004","addressRegion":"Sevilla","addressCountry":"ES"},{"@type":"ImageObject","inLanguage":"nl-NL","@id":"https:\/\/www.tablaosflamencos.com\/nl\/flamenco-sevilla-dit-weekend-voor-biennale-2026.html#local-main-organization-logo","url":"https:\/\/www.tablaosflamencos.com\/wp-content\/uploads\/tablaos-flamencos-06-3.webp","contentUrl":"https:\/\/www.tablaosflamencos.com\/wp-content\/uploads\/tablaos-flamencos-06-3.webp","width":600,"height":620,"caption":"Tablaos Flamencos"}]},"geo.placename":"Sevilla","geo.position":{"lat":"37.3868072","long":"-5.993280299999999"},"geo.region":"Spanje"},"_links":{"self":[{"href":"https:\/\/www.tablaosflamencos.com\/nl\/wp-json\/wp\/v2\/posts\/14542","targetHints":{"allow":["GET"]}}],"collection":[{"href":"https:\/\/www.tablaosflamencos.com\/nl\/wp-json\/wp\/v2\/posts"}],"about":[{"href":"https:\/\/www.tablaosflamencos.com\/nl\/wp-json\/wp\/v2\/types\/post"}],"author":[{"embeddable":true,"href":"https:\/\/www.tablaosflamencos.com\/nl\/wp-json\/wp\/v2\/users\/1"}],"replies":[{"embeddable":true,"href":"https:\/\/www.tablaosflamencos.com\/nl\/wp-json\/wp\/v2\/comments?post=14542"}],"version-history":[{"count":2,"href":"https:\/\/www.tablaosflamencos.com\/nl\/wp-json\/wp\/v2\/posts\/14542\/revisions"}],"predecessor-version":[{"id":14582,"href":"https:\/\/www.tablaosflamencos.com\/nl\/wp-json\/wp\/v2\/posts\/14542\/revisions\/14582"}],"wp:featuredmedia":[{"embeddable":true,"href":"https:\/\/www.tablaosflamencos.com\/nl\/wp-json\/wp\/v2\/media\/14517"}],"wp:attachment":[{"href":"https:\/\/www.tablaosflamencos.com\/nl\/wp-json\/wp\/v2\/media?parent=14542"}],"wp:term":[{"taxonomy":"category","embeddable":true,"href":"https:\/\/www.tablaosflamencos.com\/nl\/wp-json\/wp\/v2\/categories?post=14542"},{"taxonomy":"post_tag","embeddable":true,"href":"https:\/\/www.tablaosflamencos.com\/nl\/wp-json\/wp\/v2\/tags?post=14542"}],"curies":[{"name":"wp","href":"https:\/\/api.w.org\/{rel}","templated":true}]}}