{"id":14521,"date":"2026-09-04T18:37:03","date_gmt":"2026-09-04T16:37:03","guid":{"rendered":"https:\/\/www.tablaosflamencos.com\/?p=14521"},"modified":"2026-09-05T00:11:27","modified_gmt":"2026-09-04T22:11:27","slug":"flamenco-vanavond-sevilla-biennale-2026","status":"publish","type":"post","link":"https:\/\/www.tablaosflamencos.com\/nl\/flamenco-vanavond-sevilla-biennale-2026.html","title":{"rendered":"Flamenco vanavond in Sevilla tijdens de Bi\u00ebnnale"},"content":{"rendered":"<section class=\"l-section wpb_row height_huge\"><div class=\"l-section-h i-cf\"><div class=\"g-cols vc_row via_flex valign_top type_default stacking_default\"><div class=\"vc_col-sm-6 wpb_column vc_column_container\"><div class=\"vc_column-inner\"><div class=\"wpb_wrapper\"><div class=\"wpb_text_column\"><div class=\"wpb_wrapper\"><h2>Flamenco vanavond in Sevilla tijdens de Bi\u00ebnnale<\/h2>\n<p>Als je tussen <strong>9 september en 3 oktober 2026<\/strong> in Sevilla bent en vanavond flamenco wilt zien, heb je twee mogelijkheden die elkaar aanvullen: bekijken wat vandaag in het <a href=\"https:\/\/www.labienal.com\/programa-general\" target=\"_blank\" rel=\"noopener\"><strong>offici\u00eble programma van de Bi\u00ebnnale<\/strong><\/a> staat en controleren welke vaste voorstellingen je rechtstreeks in de tablaos van de stad kunt reserveren.<\/p>\n<p>De Bi\u00ebnnale wisselt bijna dagelijks van artiesten, tijden en locaties. Er kunnen voorstellingen zijn in Teatro de la Maestranza, Lope de Vega, Teatro Central, Espacio Turina, Real Alc\u00e1zar, Hotel Triana, Real F\u00e1brica de Artiller\u00eda en andere locaties. Dus als je letterlijk zoekt naar <strong>\u201cflamenco vanavond in Sevilla\u201d<\/strong>, moet je de beslissing nemen met je exacte datum in gedachten.<\/p>\n<\/div><\/div><\/div><\/div><\/div><div class=\"vc_col-sm-6 wpb_column vc_column_container\"><div class=\"vc_column-inner\"><div class=\"wpb_wrapper\"><div class=\"wpb_text_column\"><div class=\"wpb_wrapper\"><h2>De snelste manier om te beslissen wat je vandaag ziet<\/h2>\n<p>Je hoeft niet het hele programma van de Bi\u00ebnnale vanaf het begin door te nemen. Kijk eerst welke offici\u00eble voorstellingen vandaag plaatsvinden en of er nog tickets zijn. Vergelijk die optie daarna met de <strong>tablaos die het hele jaar door spelen<\/strong> en die je rechtstreeks via Tablaos Flamencos kunt reserveren.<\/p>\n<p>Deze tweede stap is vooral handig als je laat in de stad aankomt, als de gewenste voorstelling van de Bi\u00ebnnale uitverkocht is, als je liever een intiemere zaal wilt of als je gewoon een optie met bevestigde beschikbaarheid voor vanavond nodig hebt.<\/p>\n<p>De sleutel is eenvoudig: <strong>leg eerst een voorstelling vast en bouw daarna de rest van de avond eromheen<\/strong>.<\/p>\n<\/div><\/div><\/div><\/div><\/div><\/div><\/div><\/section><section class=\"l-section wpb_row height_huge color_alternate with_shape\"><div class=\"l-section-shape type_zigzag pos_top hor_flip\" style=\"height:3vmin;\"><svg xmlns=\"http:\/\/www.w3.org\/2000\/svg\" viewBox=\"0 0 64 8\" preserveAspectRatio=\"none\" width=\"100%\" height=\"100%\">\r\n\t<path fill=\"currentColor\" d=\"M64 8 L0 8 L0 0 L20 7.9 L40 3 L48 5 L64 0 Z\"\/>\r\n<\/svg><\/div><div class=\"l-section-shape type_zigzag pos_bottom\" style=\"height:3vmin;\"><svg xmlns=\"http:\/\/www.w3.org\/2000\/svg\" viewBox=\"0 0 64 8\" preserveAspectRatio=\"none\" width=\"100%\" height=\"100%\">\r\n\t<path fill=\"currentColor\" d=\"M64 8 L0 8 L0 0 L20 7.9 L40 3 L48 5 L64 0 Z\"\/>\r\n<\/svg><\/div><div class=\"l-section-h i-cf\"><div class=\"g-cols vc_row via_flex valign_top type_default stacking_default\"><div class=\"vc_col-sm-12 wpb_column vc_column_container\"><div class=\"vc_column-inner\"><div class=\"wpb_wrapper\"><div class=\"wpb_text_column\"><div class=\"wpb_wrapper\"><blockquote>\n<p><strong>Snel antwoord:<\/strong> als je tijdens de Bi\u00ebnnale 2026 vanavond flamenco in Sevilla zoekt, bekijk dan eerst het offici\u00eble programma voor jouw datum. Zijn er geen tickets meer, past het tijdstip niet of wil je direct een alternatief, dan kun je via ons platform rechtstreeks tablaos reserveren zoals <a href=\"https:\/\/www.tablaosflamencos.com\/nl\/tablao\/tablao-flamenco-las-setas\"><strong>Tablao Flamenco Las Setas<\/strong><\/a>, <a href=\"https:\/\/www.tablaosflamencos.com\/nl\/tablao\/tablao-flamenco-la-cantaora\"><strong>Tablao Flamenco La Cantaora<\/strong><\/a>, <a href=\"https:\/\/www.tablaosflamencos.com\/nl\/tablao\/casa-duende-tablao\"><strong>Casa Duende Tablao<\/strong><\/a>, <a href=\"https:\/\/www.tablaosflamencos.com\/nl\/tablao\/tablao-flamenco-las-duenas\"><strong>Tablao Flamenco Las Due\u00f1as<\/strong><\/a>, <a href=\"https:\/\/www.tablaosflamencos.com\/nl\/tablao\/tablao-flamenco-casa-inquieta\"><strong>Casa Inquieta<\/strong><\/a>, <a href=\"https:\/\/www.tablaosflamencos.com\/nl\/tablao\/casa-flamenco-azahar\"><strong>Casa Flamenco Azahar<\/strong><\/a>, <a href=\"https:\/\/www.tablaosflamencos.com\/nl\/tablao\/tablao-flamenco-el-jardin-de-murillo\"><strong>El Jard\u00edn de Murillo<\/strong><\/a>, <a href=\"https:\/\/www.tablaosflamencos.com\/nl\/tablao\/baraka-sala-flamenca\"><strong>Baraka Sala Flamenca<\/strong><\/a> of <a href=\"https:\/\/www.tablaosflamencos.com\/nl\/tablao\/tablao-flamenco-triana\"><strong>Tablao Flamenco Triana<\/strong><\/a>.<\/p>\n<\/blockquote>\n<p><strong>Laatst bijgewerkt: 4 september 2026.<\/strong><\/p>\n<p>Als je nog meerdere dagen plant, bekijk dan onze <a href=\"https:\/\/www.tablaosflamencos.com\/nl\/flamenco-biennale-sevilla-2026.html\"><strong>complete gids voor de Flamencobi\u00ebnnale van Sevilla 2026<\/strong><\/a>. Als het probleem is dat er geen tickets meer zijn voor de voorstelling die je wilde, ga dan rechtstreeks naar <a href=\"https:\/\/www.tablaosflamencos.com\/nl\/flamencobiennale-uitverkocht-flamenco-vanavond-sevilla.html\"><strong>Bi\u00ebnnale uitverkocht: waar je vandaag flamenco in Sevilla kunt zien<\/strong><\/a>.<\/p>\n<\/div><\/div><div class=\"w-separator size_medium\"><\/div><div class=\"w-hwrapper valign_top wrap align_center\" style=\"--hwrapper-gap:1.2rem\"><div class=\"w-btn-wrapper align_none\"><a class=\"w-btn us-btn-style_1\" href=\"https:\/\/www.tablaosflamencos.com\/nl\/flamenco-in-sevilla\"><span class=\"w-btn-label\">Flamenco in Sevilla vergelijken<\/span><\/a><\/div><div class=\"w-btn-wrapper align_none\"><a class=\"w-btn us-btn-style_11\" href=\"https:\/\/www.tablaosflamencos.com\/nl\/flamencobiennale-uitverkocht-flamenco-vanavond-sevilla.html\"><span class=\"w-btn-label\">Alternatieven bekijken als de Bi\u00ebnnale uitverkocht is<\/span><\/a><\/div><\/div><\/div><\/div><\/div><\/div><\/div><\/section><section class=\"l-section wpb_row height_huge\"><div class=\"l-section-h i-cf\"><div class=\"g-cols vc_row via_flex valign_top type_default stacking_default\"><div class=\"vc_col-sm-3 wpb_column vc_column_container\"><div class=\"vc_column-inner\"><div class=\"wpb_wrapper\"><\/div><\/div><\/div><div class=\"vc_col-sm-6 wpb_column vc_column_container\"><div class=\"vc_column-inner\"><div class=\"wpb_wrapper\"><div class=\"wpb_text_column\"><div class=\"wpb_wrapper\"><h2>Inhoud van deze gids<\/h2>\n<ul>\n<li><a href=\"#paso-1\">Stap 1: bekijken wat er vandaag op de Bi\u00ebnnale is<\/a><\/li>\n<li><a href=\"#paso-2\">Stap 2: een alternatief in een tablao vastleggen<\/a><\/li>\n<li><a href=\"#tablaos\">Tablaos die je vanavond kunt reserveren<\/a><\/li>\n<li><a href=\"#centro\">Opties in het centrum van Sevilla<\/a><\/li>\n<li><a href=\"#triana\">Opties in Triana<\/a><\/li>\n<li><a href=\"#ultima-hora\">Wat te doen als je last minute zoekt<\/a><\/li>\n<li><a href=\"#combinar\">Bi\u00ebnnale en tablao combineren<\/a><\/li>\n<li><a href=\"#elegir\">In vijf minuten kiezen<\/a><\/li>\n<li><a href=\"#faq\">Veelgestelde vragen<\/a><\/li>\n<\/ul>\n<\/div><\/div><\/div><\/div><\/div><div class=\"vc_col-sm-3 wpb_column vc_column_container\"><div class=\"vc_column-inner\"><div class=\"wpb_wrapper\"><\/div><\/div><\/div><\/div><\/div><\/section><section class=\"l-section wpb_row height_huge color_alternate with_shape\"><div class=\"l-section-shape type_zigzag pos_top\" style=\"height:3vmin;\"><svg xmlns=\"http:\/\/www.w3.org\/2000\/svg\" viewBox=\"0 0 64 8\" preserveAspectRatio=\"none\" width=\"100%\" height=\"100%\">\r\n\t<path fill=\"currentColor\" d=\"M64 8 L0 8 L0 0 L20 7.9 L40 3 L48 5 L64 0 Z\"\/>\r\n<\/svg><\/div><div class=\"l-section-shape type_zigzag pos_bottom\" style=\"height:3vmin;\"><svg xmlns=\"http:\/\/www.w3.org\/2000\/svg\" viewBox=\"0 0 64 8\" preserveAspectRatio=\"none\" width=\"100%\" height=\"100%\">\r\n\t<path fill=\"currentColor\" d=\"M64 8 L0 8 L0 0 L20 7.9 L40 3 L48 5 L64 0 Z\"\/>\r\n<\/svg><\/div><div class=\"l-section-h i-cf\"><div class=\"g-cols vc_row via_flex valign_top type_default stacking_default\"><div class=\"vc_col-sm-6 wpb_column vc_column_container\"><div class=\"vc_column-inner\"><div class=\"wpb_wrapper\"><div class=\"wpb_text_column\"><div class=\"wpb_wrapper\"><h2 id=\"paso-1\">Stap 1: bekijk wat er vandaag op de Bi\u00ebnnale is<\/h2>\n<p>De 24e Flamencobi\u00ebnnale is geen festival dat op \u00e9\u00e9n locatie geconcentreerd is. Elke avond kunnen de voorstellingen over verschillende locaties en tijdstippen worden verdeeld. Het offici\u00eble programma omvat zang, dans en gitaar, naast premi\u00e8res, Noches \u00danicas en producties die speciaal voor deze editie zijn gemaakt.<\/p>\n<p>Als je de Bi\u00ebnnale wilt beleven, open dan eerst het <a href=\"https:\/\/www.labienal.com\/programa-general\" target=\"_blank\" rel=\"noopener\"><strong>offici\u00eble programma<\/strong><\/a> en zoek de datum van vandaag. Controleer drie dingen: <strong>tijd, locatie en ticketbeschikbaarheid<\/strong>.<\/p>\n<p>Kijk niet alleen naar de artiest. De locatie kan de planning van de avond volledig veranderen. Een voorstelling in het Real Alc\u00e1zar plan je anders dan een in Teatro Central of een Noche \u00danica elders in Sevilla.<\/p>\n<p>Bekijk ook ons artikel over <a href=\"https:\/\/www.tablaosflamencos.com\/nl\/spectaculairste-locaties-flamencobiennale-sevilla-2026.html\"><strong>de spectaculairste locaties van de Bi\u00ebnnale 2026<\/strong><\/a> als je tussen verschillende voorstellen twijfelt.<\/p>\n<\/div><\/div><\/div><\/div><\/div><div class=\"vc_col-sm-6 wpb_column vc_column_container\"><div class=\"vc_column-inner\"><div class=\"wpb_wrapper\"><div class=\"wpb_text_column\"><div class=\"wpb_wrapper\"><h2 id=\"paso-2\">Stap 2: leg een alternatief in een tablao vast<\/h2>\n<p>Het programma van de Bi\u00ebnnale is uitzonderlijk, maar voor concrete voorstellingen heb je tickets nodig. Tablaos werken anders: ze hebben een stabiel flamencoprogramma en zijn daardoor de eenvoudigste optie wanneer je <strong>voor vanavond zelf flamenco zoekt<\/strong>.<\/p>\n<p>Dat is tijdens de Bi\u00ebnnale extra handig omdat veel bezoekers specifiek voor flamenco naar de stad komen. Een offici\u00eble voorstelling kan uitverkocht zijn, maar dat betekent niet dat je live zang, dans en gitaar hoeft te missen.<\/p>\n<p>Daarom hebben we ook een aparte gids gemaakt over <a href=\"https:\/\/www.tablaosflamencos.com\/nl\/flamenco-sevilla-biennale-2026-shows-buiten-officieel-programma.html\"><strong>waar je tijdens de Bi\u00ebnnale flamenco kunt zien buiten het offici\u00eble programma<\/strong><\/a>. Dit artikel heeft een nog directer doel: je helpen beslissen wat je <strong>vandaag<\/strong> doet zonder tijd te verliezen.<\/p>\n<p>Vind je een optie die bij je locatie en de beschikbaarheid past, reserveer die dan voordat je verdergaat met het plannen van diner, tapas of een wandeling vooraf.<\/p>\n<\/div><\/div><\/div><\/div><\/div><\/div><\/div><\/section><section class=\"l-section wpb_row height_huge\"><div class=\"l-section-h i-cf\"><div class=\"g-cols vc_row via_flex valign_top type_default stacking_default\"><div class=\"vc_col-sm-12 wpb_column vc_column_container\"><div class=\"vc_column-inner\"><div class=\"wpb_wrapper\"><div class=\"wpb_text_column\"><div class=\"wpb_wrapper\"><h2 id=\"tablaos\">Tablaos die je kunt reserveren voor flamenco vanavond in Sevilla<\/h2>\n<p>De exacte beschikbaarheid hangt altijd van de datum af. De volgende locaties staan op ons platform en laten je de beschikbare voorstelling rechtstreeks bekijken en reserveren.<\/p>\n<div style=\"overflow-x: auto;\">\n<table>\n<thead>\n<tr>\n<th>Tablao<\/th>\n<th>Gebied<\/th>\n<th>Interessant als je zoekt naar&#8230;<\/th>\n<th>Reserveren<\/th>\n<\/tr>\n<\/thead>\n<tbody>\n<tr>\n<td><strong>Tablao Flamenco Las Setas<\/strong><\/td>\n<td>Encarnaci\u00f3n<\/td>\n<td>Een zeer centrale ligging en een verzorgde productie voor een avond in het historische centrum.<\/td>\n<td><a href=\"https:\/\/www.tablaosflamencos.com\/nl\/tablao\/tablao-flamenco-las-setas\"><strong>Beschikbaarheid bekijken<\/strong><\/a><\/td>\n<\/tr>\n<tr>\n<td><strong>Tablao Flamenco La Cantaora<\/strong><\/td>\n<td>Plaza Nueva \/ Centrum<\/td>\n<td>Een centrale optie met de mogelijkheid om flamenco en gastronomie te combineren.<\/td>\n<td><a href=\"https:\/\/www.tablaosflamencos.com\/nl\/tablao\/tablao-flamenco-la-cantaora\"><strong>Beschikbaarheid bekijken<\/strong><\/a><\/td>\n<\/tr>\n<tr>\n<td><strong>Casa Duende Tablao<\/strong><\/td>\n<td>Centrum<\/td>\n<td>Een kleinschalige zaal met de artiesten heel dichtbij.<\/td>\n<td><a href=\"https:\/\/www.tablaosflamencos.com\/nl\/tablao\/casa-duende-tablao\"><strong>Beschikbaarheid bekijken<\/strong><\/a><\/td>\n<\/tr>\n<tr>\n<td><strong>Tablao Flamenco Las Due\u00f1as<\/strong><\/td>\n<td>Santa Catalina \/ Due\u00f1as<\/td>\n<td>Een intiem format vlak bij het historische centrum.<\/td>\n<td><a href=\"https:\/\/www.tablaosflamencos.com\/nl\/tablao\/tablao-flamenco-las-duenas\"><strong>Beschikbaarheid bekijken<\/strong><\/a><\/td>\n<\/tr>\n<tr>\n<td><strong>Casa Inquieta<\/strong><\/td>\n<td>Calle Zaragoza \/ Centrum<\/td>\n<td>Flamenco in een 19e-eeuws stadspaleis en een ervaring van dichtbij.<\/td>\n<td><a href=\"https:\/\/www.tablaosflamencos.com\/nl\/tablao\/tablao-flamenco-casa-inquieta\"><strong>Beschikbaarheid bekijken<\/strong><\/a><\/td>\n<\/tr>\n<tr>\n<td><strong>Casa Flamenco Azahar<\/strong><\/td>\n<td>Santa Cruz<\/td>\n<td>Een bijzonder intieme ervaring, met een kleine capaciteit en zonder versterking.<\/td>\n<td><a href=\"https:\/\/www.tablaosflamencos.com\/nl\/tablao\/casa-flamenco-azahar\"><strong>Beschikbaarheid bekijken<\/strong><\/a><\/td>\n<\/tr>\n<tr>\n<td><strong>El Jard\u00edn de Murillo<\/strong><\/td>\n<td>Santa Cruz<\/td>\n<td>Flamenco inpassen na een bezoek aan het Alc\u00e1zar, de kathedraal of de wijk Santa Cruz.<\/td>\n<td><a href=\"https:\/\/www.tablaosflamencos.com\/nl\/tablao\/tablao-flamenco-el-jardin-de-murillo\"><strong>Beschikbaarheid bekijken<\/strong><\/a><\/td>\n<\/tr>\n<tr>\n<td><strong>Baraka Sala Flamenca<\/strong><\/td>\n<td>Triana<\/td>\n<td>Traditionele flamenco in Triana met de artiesten heel dicht bij het publiek.<\/td>\n<td><a href=\"https:\/\/www.tablaosflamencos.com\/nl\/tablao\/baraka-sala-flamenca\"><strong>Beschikbaarheid bekijken<\/strong><\/a><\/td>\n<\/tr>\n<tr>\n<td><strong>Tablao Flamenco Triana<\/strong><\/td>\n<td>Triana<\/td>\n<td>Een complete avond in de wijk samenstellen met een wandeling, gastronomie en flamenco.<\/td>\n<td><a href=\"https:\/\/www.tablaosflamencos.com\/nl\/tablao\/tablao-flamenco-triana\"><strong>Beschikbaarheid bekijken<\/strong><\/a><\/td>\n<\/tr>\n<\/tbody>\n<\/table>\n<\/div>\n<p>Je hoeft niet het \u201cberoemdste\u201d tablao te kiezen. Voor een last-minuteboeking is het meestal nuttiger om <strong>gebied, beschikbaarheid, zaalgrootte en type ervaring<\/strong>te vergelijken. Je vindt alle opties samen op onze pagina <a href=\"https:\/\/www.tablaosflamencos.com\/nl\/flamenco-in-sevilla\"><strong>flamenco in Sevilla<\/strong><\/a>.<\/p>\n<\/div><\/div><\/div><\/div><\/div><\/div><\/div><\/section><section class=\"l-section wpb_row height_huge color_alternate with_shape\"><div class=\"l-section-shape type_zigzag pos_top hor_flip\" style=\"height:3vmin;\"><svg xmlns=\"http:\/\/www.w3.org\/2000\/svg\" viewBox=\"0 0 64 8\" preserveAspectRatio=\"none\" width=\"100%\" height=\"100%\">\r\n\t<path fill=\"currentColor\" d=\"M64 8 L0 8 L0 0 L20 7.9 L40 3 L48 5 L64 0 Z\"\/>\r\n<\/svg><\/div><div class=\"l-section-shape type_zigzag pos_bottom\" style=\"height:3vmin;\"><svg xmlns=\"http:\/\/www.w3.org\/2000\/svg\" viewBox=\"0 0 64 8\" preserveAspectRatio=\"none\" width=\"100%\" height=\"100%\">\r\n\t<path fill=\"currentColor\" d=\"M64 8 L0 8 L0 0 L20 7.9 L40 3 L48 5 L64 0 Z\"\/>\r\n<\/svg><\/div><div class=\"l-section-h i-cf\"><div class=\"g-cols vc_row via_flex valign_top type_default stacking_default\"><div class=\"vc_col-sm-6 wpb_column vc_column_container\"><div class=\"vc_column-inner\"><div class=\"wpb_wrapper\"><div class=\"wpb_text_column\"><div class=\"wpb_wrapper\"><h2 id=\"centro\">Als je in het centrum wilt blijven<\/h2>\n<p>Als je in het historische centrum verblijft of al de kathedraal, het Alc\u00e1zar, Santa Cruz, Plaza Nueva, Encarnaci\u00f3n of de belangrijkste toeristische zones bezoekt, hoef je waarschijnlijk niet de halve stad door om vanavond flamenco te zien.<\/p>\n<p>Tot de opties op ons platform behoren <a href=\"https:\/\/www.tablaosflamencos.com\/nl\/tablao\/tablao-flamenco-las-setas\"><strong>Las Setas<\/strong><\/a>, <a href=\"https:\/\/www.tablaosflamencos.com\/nl\/tablao\/tablao-flamenco-la-cantaora\"><strong>La Cantaora<\/strong><\/a>, <a href=\"https:\/\/www.tablaosflamencos.com\/nl\/tablao\/casa-duende-tablao\"><strong>Casa Duende<\/strong><\/a>, <a href=\"https:\/\/www.tablaosflamencos.com\/nl\/tablao\/tablao-flamenco-las-duenas\"><strong>Las Due\u00f1as<\/strong><\/a>, <a href=\"https:\/\/www.tablaosflamencos.com\/nl\/tablao\/tablao-flamenco-casa-inquieta\"><strong>Casa Inquieta<\/strong><\/a>, <a href=\"https:\/\/www.tablaosflamencos.com\/nl\/tablao\/casa-flamenco-azahar\"><strong>Casa Flamenco Azahar<\/strong><\/a> en <a href=\"https:\/\/www.tablaosflamencos.com\/nl\/tablao\/tablao-flamenco-el-jardin-de-murillo\"><strong>El Jard\u00edn de Murillo<\/strong><\/a>.<\/p>\n<p>Bij een last-minute beslissing is de ligging belangrijk: hoe minder je hoeft te reizen, hoe makkelijker je de voorstelling met een diner of wandeling kunt combineren zonder haast.<\/p>\n<\/div><\/div><\/div><\/div><\/div><div class=\"vc_col-sm-6 wpb_column vc_column_container\"><div class=\"vc_column-inner\"><div class=\"wpb_wrapper\"><div class=\"wpb_text_column\"><div class=\"wpb_wrapper\"><h2 id=\"triana\">Als je vanavond naar Triana wilt<\/h2>\n<p>Triana laat je van de voorstelling een echte wijkervaring maken. Je kunt de Puente de Isabel II oversteken, door Pureza, San Jacinto of rond calle Betis wandelen en daarna een voorstelling reserveren.<\/p>\n<p>Op ons platform kun je rechtstreeks reserveren bij <a href=\"https:\/\/www.tablaosflamencos.com\/nl\/tablao\/baraka-sala-flamenca\"><strong>Baraka Sala Flamenca<\/strong><\/a> en <a href=\"https:\/\/www.tablaosflamencos.com\/nl\/tablao\/tablao-flamenco-triana\"><strong>Tablao Flamenco Triana<\/strong><\/a>.<\/p>\n<p>Tijdens de Bi\u00ebnnale is Triana bovendien extra interessant vanwege de historische band met flamenco en de bijzondere programmering in de wijk. Wil je het plan uitbreiden, bekijk dan onze gids voor <a href=\"https:\/\/www.tablaosflamencos.com\/nl\/flamenco-in-triana\"><strong>flamenco in Triana<\/strong><\/a> en ons artikel over <a href=\"https:\/\/www.tablaosflamencos.com\/nl\/hotel-triana-flamencobiennale-sevilla-2026.html\"><strong>Hotel Triana tijdens de Bi\u00ebnnale 2026<\/strong><\/a>.<\/p>\n<\/div><\/div><\/div><\/div><\/div><\/div><\/div><\/section><section class=\"l-section wpb_row height_huge\"><div class=\"l-section-h i-cf\"><div class=\"g-cols vc_row via_flex valign_top type_default stacking_default\"><div class=\"vc_col-sm-6 wpb_column vc_column_container\"><div class=\"vc_column-inner\"><div class=\"wpb_wrapper\"><div class=\"wpb_text_column\"><div class=\"wpb_wrapper\"><h2 id=\"ultima-hora\">Zoek je last-minute flamenco?<\/h2>\n<p>Is het al middag of organiseer je de avond met weinig tijd, houd de beslissing dan eenvoudig.<\/p>\n<p><strong>1. Controleer eerst de echte beschikbaarheid.<\/strong> Kies niet op basis van een oude dienstregeling of een algemene aanbeveling: de beschikbaarheid van vandaag is wat telt.<\/p>\n<p><strong>2. Kies het gebied.<\/strong> Centrum en Triana bieden veel opties en laten je de avond grotendeels te voet afleggen.<\/p>\n<p><strong>3. Reserveer v\u00f3\u00f3r het diner.<\/strong> Tijdens de Bi\u00ebnnale zoeken meer bezoekers naar flamenco en locaties met een kleine capaciteit kunnen hun sessies uitverkopen.<\/p>\n<p><strong>4. Reken er niet op dat je aan de deur nog tickets vindt.<\/strong> Als een optie online beschikbaar is en bij je plan past, is direct vastleggen meestal de praktischste keuze.<\/p>\n<p><strong>5. Is de Bi\u00ebnnale uitverkocht, verander dan het format, niet het plan.<\/strong> Je kunt van een grote theaterproductie overstappen naar een intiem tablao en toch een avond beleven die volledig om flamenco draait.<\/p>\n<p>Gebruik voor dat specifieke geval onze gids <a href=\"https:\/\/www.tablaosflamencos.com\/nl\/flamencobiennale-uitverkocht-flamenco-vanavond-sevilla.html\"><strong>Bi\u00ebnnale uitverkocht: waar je vandaag flamenco in Sevilla kunt zien<\/strong><\/a>.<\/p>\n<\/div><\/div><\/div><\/div><\/div><div class=\"vc_col-sm-6 wpb_column vc_column_container\"><div class=\"vc_column-inner\"><div class=\"wpb_wrapper\"><div class=\"wpb_text_column\"><div class=\"wpb_wrapper\"><h2 id=\"combinar\">Kun je op dezelfde avond een voorstelling van de Bi\u00ebnnale en een tablao combineren?<\/h2>\n<p>Op sommige data kan dat mogelijk zijn, omdat het offici\u00eble programma verschillende tijdstippen gebruikt en sommige voorstellingen vroeger of later beginnen. Maak van de avond echter geen race.<\/p>\n<p>Controleer voordat je twee voorstellingen reserveert <strong>de geschatte eindtijd, de afstand tussen locaties en de werkelijke reistijd<\/strong>. Het centrum van Sevilla is goed te voet te doen, maar Teatro Central, Triana en andere locaties kunnen meer tijd vragen.<\/p>\n<p>Heb je al een ticket voor de Bi\u00ebnnale, dan is het meestal beter om de avond rond die voorstelling op te bouwen. Een tablao kan een alternatief zijn voor een andere avond van je verblijf of een oplossing wanneer de offici\u00eble voorstelling niet past.<\/p>\n<p>Duurt je reis meerdere dagen, bekijk dan ook <a href=\"https:\/\/www.tablaosflamencos.com\/nl\/unieke-avonden-flamenco-biennale-sevilla-2026.html\"><strong>de Noches \u00danicas van de Bi\u00ebnnale 2026<\/strong><\/a> en onze gids voor <a href=\"https:\/\/www.tablaosflamencos.com\/nl\/flamencobiennale-sevilla-2026-tickets-prijzen-kortingen.html\"><strong>tickets, prijzen en kortingen<\/strong><\/a> om de ervaringen beter over je verblijf te verdelen.<\/p>\n<\/div><\/div><\/div><\/div><\/div><\/div><\/div><\/section><section class=\"l-section wpb_row height_huge color_alternate with_shape\"><div class=\"l-section-shape type_zigzag pos_top hor_flip\" style=\"height:3vmin;\"><svg xmlns=\"http:\/\/www.w3.org\/2000\/svg\" viewBox=\"0 0 64 8\" preserveAspectRatio=\"none\" width=\"100%\" height=\"100%\">\r\n\t<path fill=\"currentColor\" d=\"M64 8 L0 8 L0 0 L20 7.9 L40 3 L48 5 L64 0 Z\"\/>\r\n<\/svg><\/div><div class=\"l-section-shape type_zigzag pos_bottom\" style=\"height:3vmin;\"><svg xmlns=\"http:\/\/www.w3.org\/2000\/svg\" viewBox=\"0 0 64 8\" preserveAspectRatio=\"none\" width=\"100%\" height=\"100%\">\r\n\t<path fill=\"currentColor\" d=\"M64 8 L0 8 L0 0 L20 7.9 L40 3 L48 5 L64 0 Z\"\/>\r\n<\/svg><\/div><div class=\"l-section-h i-cf\"><div class=\"g-cols vc_row via_flex valign_top type_default stacking_default\"><div class=\"vc_col-sm-6 wpb_column vc_column_container\"><div class=\"vc_column-inner\"><div class=\"wpb_wrapper\"><div class=\"wpb_text_column\"><div class=\"wpb_wrapper\"><h2>Als je een zeer intieme ervaring wilt<\/h2>\n<p>Van een groot theater van de Bi\u00ebnnale naar een kleine zaal gaan kan je beleving van flamenco volledig veranderen. In een dichtbij-format hoor je ademhaling, signalen tussen de artiesten, voetenwerk en de communicatie van het ensemble veel duidelijker.<\/p>\n<p>Binnen ons aanbod passen <a href=\"https:\/\/www.tablaosflamencos.com\/nl\/tablao\/casa-flamenco-azahar\"><strong>Casa Flamenco Azahar<\/strong><\/a> en <a href=\"https:\/\/www.tablaosflamencos.com\/nl\/tablao\/casa-duende-tablao\"><strong>Casa Duende Tablao<\/strong><\/a> bijzonder goed bij die zoektocht naar nabijheid. Ook <a href=\"https:\/\/www.tablaosflamencos.com\/nl\/tablao\/tablao-flamenco-las-duenas\"><strong>Las Due\u00f1as<\/strong><\/a> en <a href=\"https:\/\/www.tablaosflamencos.com\/nl\/tablao\/baraka-sala-flamenca\"><strong>Baraka<\/strong><\/a> kunnen interessant zijn als je de artiesten heel dichtbij wilt beleven.<\/p>\n<p>Een kleine capaciteit heeft een duidelijk gevolg: <strong>zie je beschikbaarheid voor vanavond, stel de beslissing dan niet uit tot het laatste moment<\/strong>.<\/p>\n<\/div><\/div><\/div><\/div><\/div><div class=\"vc_col-sm-6 wpb_column vc_column_container\"><div class=\"vc_column-inner\"><div class=\"wpb_wrapper\"><div class=\"wpb_text_column\"><div class=\"wpb_wrapper\"><h2>Als je een completere avond zoekt<\/h2>\n<p>Andere bezoekers combineren flamenco liever met gastronomie, architectuur of een uitgebreidere enscenering.<\/p>\n<p><a href=\"https:\/\/www.tablaosflamencos.com\/nl\/tablao\/tablao-flamenco-la-cantaora\"><strong>La Cantaora<\/strong><\/a> biedt mogelijkheden die voorstelling en gastronomie combineren. <a href=\"https:\/\/www.tablaosflamencos.com\/nl\/tablao\/tablao-flamenco-las-setas\"><strong>Las Setas<\/strong><\/a> past heel goed in een avond rond Encarnaci\u00f3n en het centrum. <a href=\"https:\/\/www.tablaosflamencos.com\/nl\/tablao\/tablao-flamenco-casa-inquieta\"><strong>Casa Inquieta<\/strong><\/a> voegt de aantrekkingskracht van een 19e-eeuws stadspaleis toe. En <a href=\"https:\/\/www.tablaosflamencos.com\/nl\/tablao\/tablao-flamenco-el-jardin-de-murillo\"><strong>El Jard\u00edn de Murillo<\/strong><\/a> is bijzonder handig als je uit Santa Cruz, van de kathedraal of het Alc\u00e1zar komt.<\/p>\n<p>Als flamenco de hoofdreden van de avond is, raden we nog steeds aan prioriteit te geven aan <strong>de kwaliteit en het format van de voorstelling<\/strong>; het diner kun je ervoor of erna plannen, afhankelijk van je voorkeur.<\/p>\n<\/div><\/div><\/div><\/div><\/div><\/div><\/div><\/section><section class=\"l-section wpb_row height_huge\"><div class=\"l-section-h i-cf\"><div class=\"g-cols vc_row via_flex valign_top type_default stacking_default\"><div class=\"vc_col-sm-12 wpb_column vc_column_container\"><div class=\"vc_column-inner\"><div class=\"wpb_wrapper\"><div class=\"wpb_text_column\"><div class=\"wpb_wrapper\"><h2 id=\"elegir\">Zo kies je in vijf minuten wat je vanavond ziet<\/h2>\n<p>Wil je niet nog een halfuur blijven vergelijken, gebruik dan deze volgorde:<\/p>\n<p><strong>1. Datum:<\/strong> open het offici\u00eble programma en kijk alleen naar wat vandaag plaatsvindt.<\/p>\n<p><strong>2. Beschikbaarheid:<\/strong> schrap voorstellingen waarvoor je geen ticket meer kunt kopen.<\/p>\n<p><strong>3. Gebied:<\/strong> kies tussen centrum, Santa Cruz, Encarnaci\u00f3n of Triana.<\/p>\n<p><strong>4. Format:<\/strong> kies tussen een grote productie van de Bi\u00ebnnale, een intiem tablao of een uitgebreidere ervaring.<\/p>\n<p><strong>5. Reservering:<\/strong> bevestig je ticket voordat je de rest van het plan afmaakt.<\/p>\n<p><strong>6. Diner en wandeling:<\/strong> plan ze rond het tijdstip en de locatie van de voorstelling, niet andersom.<\/p>\n<p><strong>7. Plan B:<\/strong> is de Bi\u00ebnnale uitverkocht, vergelijk dan meteen de beschikbare tablaos op <a href=\"https:\/\/www.tablaosflamencos.com\/nl\/flamenco-in-sevilla\"><strong>flamenco in Sevilla<\/strong><\/a>.<\/p>\n<p>Dit systeem is tijdens de Bi\u00ebnnale extra nuttig omdat het een veelgemaakte fout voorkomt: te lang zoeken naar \u201cde perfecte voorstelling\u201d en daardoor de opties missen die nog beschikbaar waren.<\/p>\n<\/div><\/div><div class=\"w-separator size_medium\"><\/div><div class=\"w-hwrapper valign_top wrap align_center\" style=\"--hwrapper-gap:1.2rem\"><div class=\"w-btn-wrapper align_none\"><a class=\"w-btn us-btn-style_1\" href=\"https:\/\/www.tablaosflamencos.com\/nl\/flamenco-in-sevilla\"><span class=\"w-btn-label\">Beschikbare flamenco in Sevilla bekijken<\/span><\/a><\/div><div class=\"w-btn-wrapper align_none\"><a class=\"w-btn us-btn-style_11\" href=\"https:\/\/www.labienal.com\/programa-general\"><span class=\"w-btn-label\">Officieel programma bekijken<\/span><\/a><\/div><\/div><\/div><\/div><\/div><\/div><\/div><\/section><section class=\"l-section wpb_row height_huge color_alternate with_shape\"><div class=\"l-section-shape type_zigzag pos_top hor_flip\" style=\"height:3vmin;\"><svg xmlns=\"http:\/\/www.w3.org\/2000\/svg\" viewBox=\"0 0 64 8\" preserveAspectRatio=\"none\" width=\"100%\" height=\"100%\">\r\n\t<path fill=\"currentColor\" d=\"M64 8 L0 8 L0 0 L20 7.9 L40 3 L48 5 L64 0 Z\"\/>\r\n<\/svg><\/div><div class=\"l-section-shape type_zigzag pos_bottom\" style=\"height:3vmin;\"><svg xmlns=\"http:\/\/www.w3.org\/2000\/svg\" viewBox=\"0 0 64 8\" preserveAspectRatio=\"none\" width=\"100%\" height=\"100%\">\r\n\t<path fill=\"currentColor\" d=\"M64 8 L0 8 L0 0 L20 7.9 L40 3 L48 5 L64 0 Z\"\/>\r\n<\/svg><\/div><div class=\"l-section-h i-cf\"><div class=\"g-cols vc_row via_flex valign_top type_default stacking_default\"><div class=\"vc_col-sm-1\/5 wpb_column vc_column_container\"><div class=\"vc_column-inner\"><div class=\"wpb_wrapper\"><\/div><\/div><\/div><div class=\"vc_col-sm-3\/5 wpb_column vc_column_container\"><div class=\"vc_column-inner\"><div class=\"wpb_wrapper\"><div class=\"wpb_text_column\"><div class=\"wpb_wrapper\"><h2 id=\"faq\">Veelgestelde vragen over flamenco vanavond in Sevilla tijdens de Bi\u00ebnnale<\/h2>\n<\/div><\/div><div class=\"w-separator size_medium\"><\/div><div class=\"w-tabs accordion toggle_style_1 has_scrolling\" style=\"--sections-title-size:inherit;--sections-gap:0.5rem;\"><div class=\"w-tabs-sections titles-align_none icon_plus cpos_left\"><div class=\"w-tabs-section\" id=\"n936\" itemscope itemprop=\"mainEntity\" itemtype=\"https:\/\/schema.org\/Question\"><button type=\"button\" class=\"w-tabs-section-header\" aria-controls=\"content-n936\" aria-expanded=\"false\"><h3 class=\"w-tabs-section-title\" itemprop=\"name\">Waar kan ik vanavond tijdens de Bi\u00ebnnale flamenco in Sevilla zien?<\/h3><div class=\"w-tabs-section-control\"><\/div><\/button><div  class=\"w-tabs-section-content\" id=\"content-n936\" itemscope itemprop=\"acceptedAnswer\" itemtype=\"https:\/\/schema.org\/Answer\"><div class=\"w-tabs-section-content-h i-cf\" itemprop=\"text\"><div class=\"wpb_text_column\"><div class=\"wpb_wrapper\"><p>Dat hangt van de exacte datum af. Bekijk eerst het offici\u00eble programma van de Bi\u00ebnnale en vergelijk, als je een alternatief of een rechtstreeks te reserveren voorstelling zoekt, de beschikbare tablaos op Tablaos Flamencos. Centrum, Santa Cruz, Encarnaci\u00f3n en Triana bieden meerdere opties.<\/p>\n<\/div><\/div><\/div><\/div><\/div><div class=\"w-tabs-section\" id=\"aab2\" itemscope itemprop=\"mainEntity\" itemtype=\"https:\/\/schema.org\/Question\"><button type=\"button\" class=\"w-tabs-section-header\" aria-controls=\"content-aab2\" aria-expanded=\"false\"><h3 class=\"w-tabs-section-title\" itemprop=\"name\">Heeft de Bi\u00ebnnale elke avond voorstellingen?<\/h3><div class=\"w-tabs-section-control\"><\/div><\/button><div  class=\"w-tabs-section-content\" id=\"content-aab2\" itemscope itemprop=\"acceptedAnswer\" itemtype=\"https:\/\/schema.org\/Answer\"><div class=\"w-tabs-section-content-h i-cf\" itemprop=\"text\"><div class=\"wpb_text_column\"><div class=\"wpb_wrapper\"><p>De Bi\u00ebnnale loopt van 9 september tot 3 oktober 2026 en het programma verandert per datum. Bekijk het offici\u00eble programma om te controleren welke voorstellingen precies plaatsvinden op de dag van je bezoek.<\/p>\n<\/div><\/div><\/div><\/div><\/div><div class=\"w-tabs-section\" id=\"zc07\" itemscope itemprop=\"mainEntity\" itemtype=\"https:\/\/schema.org\/Question\"><button type=\"button\" class=\"w-tabs-section-header\" aria-controls=\"content-zc07\" aria-expanded=\"false\"><h3 class=\"w-tabs-section-title\" itemprop=\"name\">Wat doe ik als de voorstelling van de Bi\u00ebnnale die ik wilde zien uitverkocht is?<\/h3><div class=\"w-tabs-section-control\"><\/div><\/button><div  class=\"w-tabs-section-content\" id=\"content-zc07\" itemscope itemprop=\"acceptedAnswer\" itemtype=\"https:\/\/schema.org\/Answer\"><div class=\"w-tabs-section-content-h i-cf\" itemprop=\"text\"><div class=\"wpb_text_column\"><div class=\"wpb_wrapper\"><p>Je hoeft flamenco niet op te geven. Je kunt een andere offici\u00eble voorstelling met beschikbaarheid zoeken of rechtstreeks een tablao reserveren. Bekijk ook onze specifieke gids Bi\u00ebnnale uitverkocht: waar je vandaag flamenco in Sevilla kunt zien.<\/p>\n<\/div><\/div><\/div><\/div><\/div><div class=\"w-tabs-section\" id=\"jd74\" itemscope itemprop=\"mainEntity\" itemtype=\"https:\/\/schema.org\/Question\"><button type=\"button\" class=\"w-tabs-section-header\" aria-controls=\"content-jd74\" aria-expanded=\"false\"><h3 class=\"w-tabs-section-title\" itemprop=\"name\">Kan ik voor vanavond nog een tablao reserveren?<\/h3><div class=\"w-tabs-section-control\"><\/div><\/button><div  class=\"w-tabs-section-content\" id=\"content-jd74\" itemscope itemprop=\"acceptedAnswer\" itemtype=\"https:\/\/schema.org\/Answer\"><div class=\"w-tabs-section-content-h i-cf\" itemprop=\"text\"><div class=\"wpb_text_column\"><div class=\"wpb_wrapper\"><p>Ja, zolang er plaatsen beschikbaar zijn. Beschikbaarheid verandert per datum en sessie, dus controleer online en reserveer zodra je een optie vindt die bij je plan past.<\/p>\n<\/div><\/div><\/div><\/div><\/div><div class=\"w-tabs-section\" id=\"qeb3\" itemscope itemprop=\"mainEntity\" itemtype=\"https:\/\/schema.org\/Question\"><button type=\"button\" class=\"w-tabs-section-header\" aria-controls=\"content-qeb3\" aria-expanded=\"false\"><h3 class=\"w-tabs-section-title\" itemprop=\"name\">Is de Bi\u00ebnnale beter dan een tablao?<\/h3><div class=\"w-tabs-section-control\"><\/div><\/button><div  class=\"w-tabs-section-content\" id=\"content-qeb3\" itemscope itemprop=\"acceptedAnswer\" itemtype=\"https:\/\/schema.org\/Answer\"><div class=\"w-tabs-section-content-h i-cf\" itemprop=\"text\"><div class=\"wpb_text_column\"><div class=\"wpb_wrapper\"><p>Het zijn verschillende ervaringen. De Bi\u00ebnnale biedt uitzonderlijke producties, premi\u00e8res en eenmalige voorstellingen; een tablao biedt regelmaat, nabijheid en een directe relatie tussen zang, gitaar en dans. Met een verblijf van meerdere dagen kun je beide formats beleven.<\/p>\n<\/div><\/div><\/div><\/div><\/div><div class=\"w-tabs-section\" id=\"tff5\" itemscope itemprop=\"mainEntity\" itemtype=\"https:\/\/schema.org\/Question\"><button type=\"button\" class=\"w-tabs-section-header\" aria-controls=\"content-tff5\" aria-expanded=\"false\"><h3 class=\"w-tabs-section-title\" itemprop=\"name\">Welke wijk is het beste voor last-minute flamenco?<\/h3><div class=\"w-tabs-section-control\"><\/div><\/button><div  class=\"w-tabs-section-content\" id=\"content-tff5\" itemscope itemprop=\"acceptedAnswer\" itemtype=\"https:\/\/schema.org\/Answer\"><div class=\"w-tabs-section-content-h i-cf\" itemprop=\"text\"><div class=\"wpb_text_column\"><div class=\"wpb_wrapper\"><p>Het historische centrum en Triana hebben veel opties en maken het gemakkelijk de voorstelling met andere plannen te combineren. Ben je al in Santa Cruz, Encarnaci\u00f3n of Plaza Nueva, dan bespaart een zaal in de buurt reistijd en wordt de avond eenvoudiger te organiseren.<\/p>\n<\/div><\/div><\/div><\/div><\/div><div class=\"w-tabs-section\" id=\"o131\" itemscope itemprop=\"mainEntity\" itemtype=\"https:\/\/schema.org\/Question\"><button type=\"button\" class=\"w-tabs-section-header\" aria-controls=\"content-o131\" aria-expanded=\"false\"><h3 class=\"w-tabs-section-title\" itemprop=\"name\">Kan ik v\u00f3\u00f3r of na de flamenco eten?<\/h3><div class=\"w-tabs-section-control\"><\/div><\/button><div  class=\"w-tabs-section-content\" id=\"content-o131\" itemscope itemprop=\"acceptedAnswer\" itemtype=\"https:\/\/schema.org\/Answer\"><div class=\"w-tabs-section-content-h i-cf\" itemprop=\"text\"><div class=\"wpb_text_column\"><div class=\"wpb_wrapper\"><p>Ja. Als flamenco je prioriteit is, is het meestal praktisch eerst de voorstelling te reserveren en daarna diner of tapas te plannen op basis van tijdstip en locatie. Sommige locaties bieden ook formules met gastronomie.<\/p>\n<\/div><\/div><\/div><\/div><\/div><div class=\"w-tabs-section\" id=\"y255\" itemscope itemprop=\"mainEntity\" itemtype=\"https:\/\/schema.org\/Question\"><button type=\"button\" class=\"w-tabs-section-header\" aria-controls=\"content-y255\" aria-expanded=\"false\"><h3 class=\"w-tabs-section-title\" itemprop=\"name\">Kunnen kinderen tijdens de Bi\u00ebnnale naar flamenco?<\/h3><div class=\"w-tabs-section-control\"><\/div><\/button><div  class=\"w-tabs-section-content\" id=\"content-y255\" itemscope itemprop=\"acceptedAnswer\" itemtype=\"https:\/\/schema.org\/Answer\"><div class=\"w-tabs-section-content-h i-cf\" itemprop=\"text\"><div class=\"wpb_text_column\"><div class=\"wpb_wrapper\"><p>Dat hangt van de voorstelling en locatie af. Bij tablaos kunnen voorwaarden en eventuele minimumleeftijden verschillen; voor de Bi\u00ebnnale moet je v\u00f3\u00f3r aankoop de specifieke voorwaarden van de gekozen voorstelling controleren.<\/p>\n<\/div><\/div><\/div><\/div><\/div><div class=\"w-tabs-section\" id=\"y373\" itemscope itemprop=\"mainEntity\" itemtype=\"https:\/\/schema.org\/Question\"><button type=\"button\" class=\"w-tabs-section-header\" aria-controls=\"content-y373\" aria-expanded=\"false\"><h3 class=\"w-tabs-section-title\" itemprop=\"name\">Waar zie ik alle tablaos die ik in Sevilla kan reserveren?<\/h3><div class=\"w-tabs-section-control\"><\/div><\/button><div  class=\"w-tabs-section-content\" id=\"content-y373\" itemscope itemprop=\"acceptedAnswer\" itemtype=\"https:\/\/schema.org\/Answer\"><div class=\"w-tabs-section-content-h i-cf\" itemprop=\"text\"><div class=\"wpb_text_column\"><div class=\"wpb_wrapper\"><p>Op onze pagina flamenco in Sevilla kun je beschikbare locaties vergelijken en hun pagina\u2019s openen om de reserveringsopties voor jouw datum te bekijken.<\/p>\n<\/div><\/div><\/div><\/div><\/div><div class=\"w-tabs-section\" id=\"h457\" itemscope itemprop=\"mainEntity\" itemtype=\"https:\/\/schema.org\/Question\"><button type=\"button\" class=\"w-tabs-section-header\" aria-controls=\"content-h457\" aria-expanded=\"false\"><h3 class=\"w-tabs-section-title\" itemprop=\"name\">Wat doe ik als ik zonder plan voor vanavond in Sevilla aankom?<\/h3><div class=\"w-tabs-section-control\"><\/div><\/button><div  class=\"w-tabs-section-content\" id=\"content-h457\" itemscope itemprop=\"acceptedAnswer\" itemtype=\"https:\/\/schema.org\/Answer\"><div class=\"w-tabs-section-content-h i-cf\" itemprop=\"text\"><div class=\"wpb_text_column\"><div class=\"wpb_wrapper\"><p>Controleer eerst welke offici\u00eble voorstellingen van de Bi\u00ebnnale vandaag plaatsvinden en of er nog tickets zijn. Vind je geen geschikte optie, vergelijk dan meteen de tablaos op ons platform op gebied en beschikbaarheid. Reserveer eerst de voorstelling en organiseer daarna de rest van de avond.<\/p>\n<\/div><\/div><\/div><\/div><\/div><\/div><\/div><\/div><\/div><\/div><div class=\"vc_col-sm-1\/5 wpb_column vc_column_container\"><div class=\"vc_column-inner\"><div class=\"wpb_wrapper\"><\/div><\/div><\/div><\/div><\/div><\/section><section class=\"l-section wpb_row height_huge\"><div class=\"l-section-h i-cf\"><div class=\"g-cols vc_row via_flex valign_top type_default stacking_default\"><div class=\"vc_col-sm-12 wpb_column vc_column_container\"><div class=\"vc_column-inner\"><div class=\"wpb_wrapper\"><div class=\"wpb_text_column\"><div class=\"wpb_wrapper\"><h2 style=\"text-align: center;\">Vanavond is er flamenco: zorg eerst dat je ticket vastligt<\/h2>\n<p style=\"text-align: center;\">Tijdens de Bi\u00ebnnale heeft Sevilla extra veel flamenco-opties. Het probleem is meestal niet iets vinden om te zien, maar goed kiezen tussen een uitzonderlijk programma, verschillende tijden, meerdere wijken en locaties die vol kunnen raken.<\/p>\n<p style=\"text-align: center;\">Wil je direct een oplossing, begin dan met de datum van vandaag, bekijk het offici\u00eble programma en vergelijk daarna de vaste voorstellingen die je rechtstreeks kunt reserveren. Zijn er geen tickets meer voor de gewenste voorstelling van de Bi\u00ebnnale, <strong>verander dan niet het plan, maar de locatie<\/strong>.<\/p>\n<p style=\"text-align: center;\">Je kunt vanavond nog steeds zang, dans en gitaar zien in de tablaos van Sevilla en reserveren uit onze selectie van <a href=\"https:\/\/www.tablaosflamencos.com\/nl\/flamenco-in-sevilla\"><strong>flamenco in Sevilla<\/strong><\/a>.<\/p>\n<\/div><\/div><\/div><\/div><\/div><\/div><\/div><\/section>\n","protected":false},"excerpt":{"rendered":"<p>Snelle gids om te kiezen welke flamenco je vanavond in Sevilla ziet tijdens de Bi\u00ebnnale 2026: officieel programma, tablaos, wijken en last-minutereserveringen.<\/p>\n","protected":false},"author":1,"featured_media":14496,"comment_status":"closed","ping_status":"closed","sticky":false,"template":"","format":"standard","meta":{"_acf_changed":false,"wpai_generated_summary":"","_ayudawp_aiss_exclude":false,"_ayudawp_aiss_exclude_summary":false,"_ayudawp_aiss_summary":"","_ayudawp_aiss_summary_provider":"","_ayudawp_aiss_summary_hash":"","footnotes":""},"categories":[1432],"tags":[1227,1228,1229,1230,1133,423,1231],"class_list":["post-14521","post","type-post","status-publish","format-standard","has-post-thumbnail","hentry","category-flamencobiennale","tag-agenda-flamenca","tag-bienal-2026","tag-bienal-de-flamenco","tag-festivales-flamencos","tag-flamenco-en-sevilla","tag-sevilla","tag-tablaos-de-sevilla"],"acf":[],"yoast_head":"<!-- This site is optimized with the Yoast SEO Premium plugin v28.4 (Yoast SEO v28.4) - https:\/\/yoast.com\/product\/yoast-seo-premium-wordpress\/ -->\n<title>Flamenco vanavond in Sevilla tijdens de Bi\u00ebnnale 2026<\/title>\n<meta name=\"description\" content=\"Zoek je vanavond flamenco in Sevilla tijdens de Bi\u00ebnnale 2026? Bekijk het offici\u00eble programma en reserveer alternatieven in tablaos in het centrum en Triana.\" \/>\n<meta name=\"robots\" content=\"index, follow, max-snippet:-1, max-image-preview:large, max-video-preview:-1\" \/>\n<link rel=\"canonical\" href=\"https:\/\/www.tablaosflamencos.com\/nl\/flamenco-vanavond-sevilla-biennale-2026.html\" \/>\n<meta property=\"og:locale\" content=\"nl_NL\" \/>\n<meta property=\"og:type\" content=\"article\" \/>\n<meta property=\"og:title\" content=\"Flamenco vanavond in Sevilla tijdens de Bi\u00ebnnale\" \/>\n<meta property=\"og:description\" content=\"Zoek je vanavond flamenco in Sevilla tijdens de Bi\u00ebnnale 2026? Bekijk het offici\u00eble programma en reserveer alternatieven in tablaos in het centrum en Triana.\" \/>\n<meta property=\"og:url\" content=\"https:\/\/www.tablaosflamencos.com\/nl\/flamenco-vanavond-sevilla-biennale-2026.html\" \/>\n<meta property=\"og:site_name\" content=\"Tablaos Flamencos\" \/>\n<meta property=\"article:publisher\" content=\"https:\/\/www.facebook.com\/tablaosflamencos\" \/>\n<meta property=\"article:published_time\" content=\"2026-09-04T16:37:03+00:00\" \/>\n<meta property=\"article:modified_time\" content=\"2026-09-04T22:11:27+00:00\" \/>\n<meta property=\"og:image\" content=\"https:\/\/www.tablaosflamencos.com\/wp-content\/uploads\/flamenco-esta-noche-en-sevilla-durante-la-bienal-01.webp\" \/>\n\t<meta property=\"og:image:width\" content=\"1672\" \/>\n\t<meta property=\"og:image:height\" content=\"941\" \/>\n\t<meta property=\"og:image:type\" content=\"image\/webp\" \/>\n<meta name=\"author\" content=\"Miguel Ortiz\" \/>\n<meta name=\"twitter:card\" content=\"summary_large_image\" \/>\n<meta name=\"twitter:creator\" content=\"@tablaosflamenco\" \/>\n<meta name=\"twitter:site\" content=\"@tablaosflamenco\" \/>\n<meta name=\"twitter:label1\" content=\"Geschreven door\" \/>\n\t<meta name=\"twitter:data1\" content=\"Miguel Ortiz\" \/>\n\t<meta name=\"twitter:label2\" content=\"Geschatte leestijd\" \/>\n\t<meta name=\"twitter:data2\" content=\"16 minuten\" \/>\n<script type=\"application\/ld+json\" class=\"yoast-schema-graph\">{\"@context\":\"https:\\\/\\\/schema.org\",\"@graph\":[{\"@type\":\"Article\",\"@id\":\"https:\\\/\\\/www.tablaosflamencos.com\\\/nl\\\/flamenco-vanavond-sevilla-biennale-2026.html#article\",\"isPartOf\":{\"@id\":\"https:\\\/\\\/www.tablaosflamencos.com\\\/nl\\\/flamenco-vanavond-sevilla-biennale-2026.html\"},\"author\":{\"name\":\"Miguel Ortiz\",\"@id\":\"https:\\\/\\\/www.tablaosflamencos.com\\\/nl#\\\/schema\\\/person\\\/e7a9ebe14eb75a52ceabfbffb3c54f5d\"},\"headline\":\"Flamenco vanavond in Sevilla tijdens de Bi\u00ebnnale\",\"datePublished\":\"2026-09-04T16:37:03+00:00\",\"dateModified\":\"2026-09-04T22:11:27+00:00\",\"mainEntityOfPage\":{\"@id\":\"https:\\\/\\\/www.tablaosflamencos.com\\\/nl\\\/flamenco-vanavond-sevilla-biennale-2026.html\"},\"wordCount\":3146,\"publisher\":{\"@id\":\"https:\\\/\\\/www.tablaosflamencos.com\\\/nl#organization\"},\"image\":{\"@id\":\"https:\\\/\\\/www.tablaosflamencos.com\\\/nl\\\/flamenco-vanavond-sevilla-biennale-2026.html#primaryimage\"},\"thumbnailUrl\":\"https:\\\/\\\/www.tablaosflamencos.com\\\/wp-content\\\/uploads\\\/flamenco-esta-noche-en-sevilla-durante-la-bienal-01.webp\",\"keywords\":[\"agenda flamenca\",\"Bienal 2026\",\"Bienal de Flamenco\",\"festivales flamencos\",\"flamenco en Sevilla\",\"sevilla\",\"tablaos de Sevilla\"],\"articleSection\":[\"Flamencobi\u00ebnnale\"],\"inLanguage\":\"nl-NL\"},{\"@type\":\"WebPage\",\"@id\":\"https:\\\/\\\/www.tablaosflamencos.com\\\/nl\\\/flamenco-vanavond-sevilla-biennale-2026.html\",\"url\":\"https:\\\/\\\/www.tablaosflamencos.com\\\/nl\\\/flamenco-vanavond-sevilla-biennale-2026.html\",\"name\":\"Flamenco vanavond in Sevilla tijdens de Bi\u00ebnnale 2026\",\"isPartOf\":{\"@id\":\"https:\\\/\\\/www.tablaosflamencos.com\\\/nl#website\"},\"primaryImageOfPage\":{\"@id\":\"https:\\\/\\\/www.tablaosflamencos.com\\\/nl\\\/flamenco-vanavond-sevilla-biennale-2026.html#primaryimage\"},\"image\":{\"@id\":\"https:\\\/\\\/www.tablaosflamencos.com\\\/nl\\\/flamenco-vanavond-sevilla-biennale-2026.html#primaryimage\"},\"thumbnailUrl\":\"https:\\\/\\\/www.tablaosflamencos.com\\\/wp-content\\\/uploads\\\/flamenco-esta-noche-en-sevilla-durante-la-bienal-01.webp\",\"datePublished\":\"2026-09-04T16:37:03+00:00\",\"dateModified\":\"2026-09-04T22:11:27+00:00\",\"description\":\"Zoek je vanavond flamenco in Sevilla tijdens de Bi\u00ebnnale 2026? Bekijk het offici\u00eble programma en reserveer alternatieven in tablaos in het centrum en Triana.\",\"breadcrumb\":{\"@id\":\"https:\\\/\\\/www.tablaosflamencos.com\\\/nl\\\/flamenco-vanavond-sevilla-biennale-2026.html#breadcrumb\"},\"inLanguage\":\"nl-NL\",\"potentialAction\":[{\"@type\":\"ReadAction\",\"target\":[\"https:\\\/\\\/www.tablaosflamencos.com\\\/nl\\\/flamenco-vanavond-sevilla-biennale-2026.html\"]}]},{\"@type\":\"ImageObject\",\"inLanguage\":\"nl-NL\",\"@id\":\"https:\\\/\\\/www.tablaosflamencos.com\\\/nl\\\/flamenco-vanavond-sevilla-biennale-2026.html#primaryimage\",\"url\":\"https:\\\/\\\/www.tablaosflamencos.com\\\/wp-content\\\/uploads\\\/flamenco-esta-noche-en-sevilla-durante-la-bienal-01.webp\",\"contentUrl\":\"https:\\\/\\\/www.tablaosflamencos.com\\\/wp-content\\\/uploads\\\/flamenco-esta-noche-en-sevilla-durante-la-bienal-01.webp\",\"width\":1672,\"height\":941,\"caption\":\"Flamenco esta noche en Sevilla durante la Bienal\"},{\"@type\":\"BreadcrumbList\",\"@id\":\"https:\\\/\\\/www.tablaosflamencos.com\\\/nl\\\/flamenco-vanavond-sevilla-biennale-2026.html#breadcrumb\",\"itemListElement\":[{\"@type\":\"ListItem\",\"position\":1,\"name\":\"Home\",\"item\":\"https:\\\/\\\/www.tablaosflamencos.com\\\/nl\"},{\"@type\":\"ListItem\",\"position\":2,\"name\":\"Flamenco vanavond in Sevilla tijdens de Bi\u00ebnnale\"}]},{\"@type\":\"WebSite\",\"@id\":\"https:\\\/\\\/www.tablaosflamencos.com\\\/nl#website\",\"url\":\"https:\\\/\\\/www.tablaosflamencos.com\\\/nl\",\"name\":\"Tablaos Flamencos\",\"description\":\"Entradas para tablaos flamencos de Espa\u00f1a\",\"publisher\":{\"@id\":\"https:\\\/\\\/www.tablaosflamencos.com\\\/nl#organization\"},\"alternateName\":\"Tablaos Flamencos\",\"potentialAction\":[{\"@type\":\"SearchAction\",\"target\":{\"@type\":\"EntryPoint\",\"urlTemplate\":\"https:\\\/\\\/www.tablaosflamencos.com\\\/nl?s={search_term_string}\"},\"query-input\":{\"@type\":\"PropertyValueSpecification\",\"valueRequired\":true,\"valueName\":\"search_term_string\"}}],\"inLanguage\":\"nl-NL\"},{\"@type\":[\"Organization\",\"Place\",\"EntertainmentBusiness\"],\"@id\":\"https:\\\/\\\/www.tablaosflamencos.com\\\/nl#organization\",\"name\":\"Tablaos Flamencos\",\"alternateName\":\"Tablaos Flamencos\",\"url\":\"https:\\\/\\\/www.tablaosflamencos.com\\\/nl\",\"logo\":{\"@id\":\"https:\\\/\\\/www.tablaosflamencos.com\\\/nl\\\/flamenco-vanavond-sevilla-biennale-2026.html#local-main-organization-logo\"},\"image\":{\"@id\":\"https:\\\/\\\/www.tablaosflamencos.com\\\/nl\\\/flamenco-vanavond-sevilla-biennale-2026.html#local-main-organization-logo\"},\"sameAs\":[\"https:\\\/\\\/www.facebook.com\\\/tablaosflamencos\",\"https:\\\/\\\/x.com\\\/tablaosflamenco\",\"https:\\\/\\\/mastodon.social\\\/@tablaosflamencos\",\"https:\\\/\\\/www.instagram.com\\\/tablaosflamencos\",\"https:\\\/\\\/tiktok.com\\\/@tablaosflamencos\",\"https:\\\/\\\/www.linkedin.com\\\/company\\\/109408238\\\/\"],\"description\":\"Venta de entradas para espect\u00e1culos flamencos\",\"legalName\":\"Tablaos Flamencos\",\"foundingDate\":\"2015-01-01\",\"numberOfEmployees\":{\"@type\":\"QuantitativeValue\",\"minValue\":\"1\",\"maxValue\":\"10\"},\"address\":{\"@id\":\"https:\\\/\\\/www.tablaosflamencos.com\\\/nl\\\/flamenco-vanavond-sevilla-biennale-2026.html#local-main-place-address\"},\"geo\":{\"@type\":\"GeoCoordinates\",\"latitude\":\"37.3868072\",\"longitude\":\"-5.993280299999999\"},\"telephone\":[\"+34623787787\"],\"contactPoint\":{\"@type\":\"ContactPoint\",\"telephone\":\"+34623787787\",\"email\":\"info@tablaosflamencos.com\"},\"openingHoursSpecification\":{\"@type\":\"OpeningHoursSpecification\",\"dayOfWeek\":[\"Monday\",\"Tuesday\",\"Wednesday\",\"Thursday\",\"Friday\",\"Saturday\",\"Sunday\"],\"opens\":\"00:00\",\"closes\":\"23:59\"},\"email\":\"info@tablaosflamencos.com\",\"priceRange\":\"$$$\",\"currenciesAccepted\":\"\u20ac\"},{\"@type\":\"Person\",\"@id\":\"https:\\\/\\\/www.tablaosflamencos.com\\\/nl#\\\/schema\\\/person\\\/e7a9ebe14eb75a52ceabfbffb3c54f5d\",\"name\":\"Miguel Ortiz\",\"description\":\"Miguel Ortiz es un empresario flamenco, con una s\u00f3lida trayectoria dentro del sector. Ha presidido entidades culturales vinculadas al flamenco y, cuenta con un amplio recorrido profesional en la gesti\u00f3n y promoci\u00f3n de espect\u00e1culos y tablaos flamencos. Su pasi\u00f3n por la historia y el arte flamenco se refleja en cada art\u00edculo, donde combina experiencia, criterio y un profundo respeto por la tradici\u00f3n.\",\"sameAs\":[\"https:\\\/\\\/www.tablaosflamencos.com\",\"https:\\\/\\\/www.instagra.com\\\/miguelortizfe\",\"https:\\\/\\\/www.linkedin.com\\\/in\\\/miguelortizf\\\/\"],\"birthDate\":\"1984-11-22\",\"gender\":\"hombre\",\"knowsLanguage\":[\"espa\u00f1ol\",\"ingl\u00e9s\"],\"jobTitle\":\"Empresario flamenco\"},{\"@type\":\"PostalAddress\",\"@id\":\"https:\\\/\\\/www.tablaosflamencos.com\\\/nl\\\/flamenco-vanavond-sevilla-biennale-2026.html#local-main-place-address\",\"streetAddress\":\"C\\\/ Alemanes, 19\",\"addressLocality\":\"Sevilla\",\"postalCode\":\"41004\",\"addressRegion\":\"Sevilla\",\"addressCountry\":\"ES\"},{\"@type\":\"ImageObject\",\"inLanguage\":\"nl-NL\",\"@id\":\"https:\\\/\\\/www.tablaosflamencos.com\\\/nl\\\/flamenco-vanavond-sevilla-biennale-2026.html#local-main-organization-logo\",\"url\":\"https:\\\/\\\/www.tablaosflamencos.com\\\/wp-content\\\/uploads\\\/tablaos-flamencos-06-3.webp\",\"contentUrl\":\"https:\\\/\\\/www.tablaosflamencos.com\\\/wp-content\\\/uploads\\\/tablaos-flamencos-06-3.webp\",\"width\":600,\"height\":620,\"caption\":\"Tablaos Flamencos\"}]}<\/script>\n<meta name=\"geo.placename\" content=\"Sevilla\" \/>\n<meta name=\"geo.position\" content=\"37.3868072;-5.993280299999999\" \/>\n<meta name=\"geo.region\" content=\"Spanje\" \/>\n<!-- \/ Yoast SEO Premium plugin. -->","yoast_head_json":{"title":"Flamenco vanavond in Sevilla tijdens de Bi\u00ebnnale 2026","description":"Zoek je vanavond flamenco in Sevilla tijdens de Bi\u00ebnnale 2026? Bekijk het offici\u00eble programma en reserveer alternatieven in tablaos in het centrum en Triana.","robots":{"index":"index","follow":"follow","max-snippet":"max-snippet:-1","max-image-preview":"max-image-preview:large","max-video-preview":"max-video-preview:-1"},"canonical":"https:\/\/www.tablaosflamencos.com\/nl\/flamenco-vanavond-sevilla-biennale-2026.html","og_locale":"nl_NL","og_type":"article","og_title":"Flamenco vanavond in Sevilla tijdens de Bi\u00ebnnale","og_description":"Zoek je vanavond flamenco in Sevilla tijdens de Bi\u00ebnnale 2026? Bekijk het offici\u00eble programma en reserveer alternatieven in tablaos in het centrum en Triana.","og_url":"https:\/\/www.tablaosflamencos.com\/nl\/flamenco-vanavond-sevilla-biennale-2026.html","og_site_name":"Tablaos Flamencos","article_publisher":"https:\/\/www.facebook.com\/tablaosflamencos","article_published_time":"2026-09-04T16:37:03+00:00","article_modified_time":"2026-09-04T22:11:27+00:00","og_image":[{"width":1672,"height":941,"url":"https:\/\/www.tablaosflamencos.com\/wp-content\/uploads\/flamenco-esta-noche-en-sevilla-durante-la-bienal-01.webp","type":"image\/webp"}],"author":"Miguel Ortiz","twitter_card":"summary_large_image","twitter_creator":"@tablaosflamenco","twitter_site":"@tablaosflamenco","twitter_misc":{"Geschreven door":"Miguel Ortiz","Geschatte leestijd":"16 minuten"},"schema":{"@context":"https:\/\/schema.org","@graph":[{"@type":"Article","@id":"https:\/\/www.tablaosflamencos.com\/nl\/flamenco-vanavond-sevilla-biennale-2026.html#article","isPartOf":{"@id":"https:\/\/www.tablaosflamencos.com\/nl\/flamenco-vanavond-sevilla-biennale-2026.html"},"author":{"name":"Miguel Ortiz","@id":"https:\/\/www.tablaosflamencos.com\/nl#\/schema\/person\/e7a9ebe14eb75a52ceabfbffb3c54f5d"},"headline":"Flamenco vanavond in Sevilla tijdens de Bi\u00ebnnale","datePublished":"2026-09-04T16:37:03+00:00","dateModified":"2026-09-04T22:11:27+00:00","mainEntityOfPage":{"@id":"https:\/\/www.tablaosflamencos.com\/nl\/flamenco-vanavond-sevilla-biennale-2026.html"},"wordCount":3146,"publisher":{"@id":"https:\/\/www.tablaosflamencos.com\/nl#organization"},"image":{"@id":"https:\/\/www.tablaosflamencos.com\/nl\/flamenco-vanavond-sevilla-biennale-2026.html#primaryimage"},"thumbnailUrl":"https:\/\/www.tablaosflamencos.com\/wp-content\/uploads\/flamenco-esta-noche-en-sevilla-durante-la-bienal-01.webp","keywords":["agenda flamenca","Bienal 2026","Bienal de Flamenco","festivales flamencos","flamenco en Sevilla","sevilla","tablaos de Sevilla"],"articleSection":["Flamencobi\u00ebnnale"],"inLanguage":"nl-NL"},{"@type":"WebPage","@id":"https:\/\/www.tablaosflamencos.com\/nl\/flamenco-vanavond-sevilla-biennale-2026.html","url":"https:\/\/www.tablaosflamencos.com\/nl\/flamenco-vanavond-sevilla-biennale-2026.html","name":"Flamenco vanavond in Sevilla tijdens de Bi\u00ebnnale 2026","isPartOf":{"@id":"https:\/\/www.tablaosflamencos.com\/nl#website"},"primaryImageOfPage":{"@id":"https:\/\/www.tablaosflamencos.com\/nl\/flamenco-vanavond-sevilla-biennale-2026.html#primaryimage"},"image":{"@id":"https:\/\/www.tablaosflamencos.com\/nl\/flamenco-vanavond-sevilla-biennale-2026.html#primaryimage"},"thumbnailUrl":"https:\/\/www.tablaosflamencos.com\/wp-content\/uploads\/flamenco-esta-noche-en-sevilla-durante-la-bienal-01.webp","datePublished":"2026-09-04T16:37:03+00:00","dateModified":"2026-09-04T22:11:27+00:00","description":"Zoek je vanavond flamenco in Sevilla tijdens de Bi\u00ebnnale 2026? Bekijk het offici\u00eble programma en reserveer alternatieven in tablaos in het centrum en Triana.","breadcrumb":{"@id":"https:\/\/www.tablaosflamencos.com\/nl\/flamenco-vanavond-sevilla-biennale-2026.html#breadcrumb"},"inLanguage":"nl-NL","potentialAction":[{"@type":"ReadAction","target":["https:\/\/www.tablaosflamencos.com\/nl\/flamenco-vanavond-sevilla-biennale-2026.html"]}]},{"@type":"ImageObject","inLanguage":"nl-NL","@id":"https:\/\/www.tablaosflamencos.com\/nl\/flamenco-vanavond-sevilla-biennale-2026.html#primaryimage","url":"https:\/\/www.tablaosflamencos.com\/wp-content\/uploads\/flamenco-esta-noche-en-sevilla-durante-la-bienal-01.webp","contentUrl":"https:\/\/www.tablaosflamencos.com\/wp-content\/uploads\/flamenco-esta-noche-en-sevilla-durante-la-bienal-01.webp","width":1672,"height":941,"caption":"Flamenco esta noche en Sevilla durante la Bienal"},{"@type":"BreadcrumbList","@id":"https:\/\/www.tablaosflamencos.com\/nl\/flamenco-vanavond-sevilla-biennale-2026.html#breadcrumb","itemListElement":[{"@type":"ListItem","position":1,"name":"Home","item":"https:\/\/www.tablaosflamencos.com\/nl"},{"@type":"ListItem","position":2,"name":"Flamenco vanavond in Sevilla tijdens de Bi\u00ebnnale"}]},{"@type":"WebSite","@id":"https:\/\/www.tablaosflamencos.com\/nl#website","url":"https:\/\/www.tablaosflamencos.com\/nl","name":"Tablaos Flamencos","description":"Entradas para tablaos flamencos de Espa\u00f1a","publisher":{"@id":"https:\/\/www.tablaosflamencos.com\/nl#organization"},"alternateName":"Tablaos Flamencos","potentialAction":[{"@type":"SearchAction","target":{"@type":"EntryPoint","urlTemplate":"https:\/\/www.tablaosflamencos.com\/nl?s={search_term_string}"},"query-input":{"@type":"PropertyValueSpecification","valueRequired":true,"valueName":"search_term_string"}}],"inLanguage":"nl-NL"},{"@type":["Organization","Place","EntertainmentBusiness"],"@id":"https:\/\/www.tablaosflamencos.com\/nl#organization","name":"Tablaos Flamencos","alternateName":"Tablaos Flamencos","url":"https:\/\/www.tablaosflamencos.com\/nl","logo":{"@id":"https:\/\/www.tablaosflamencos.com\/nl\/flamenco-vanavond-sevilla-biennale-2026.html#local-main-organization-logo"},"image":{"@id":"https:\/\/www.tablaosflamencos.com\/nl\/flamenco-vanavond-sevilla-biennale-2026.html#local-main-organization-logo"},"sameAs":["https:\/\/www.facebook.com\/tablaosflamencos","https:\/\/x.com\/tablaosflamenco","https:\/\/mastodon.social\/@tablaosflamencos","https:\/\/www.instagram.com\/tablaosflamencos","https:\/\/tiktok.com\/@tablaosflamencos","https:\/\/www.linkedin.com\/company\/109408238\/"],"description":"Venta de entradas para espect\u00e1culos flamencos","legalName":"Tablaos Flamencos","foundingDate":"2015-01-01","numberOfEmployees":{"@type":"QuantitativeValue","minValue":"1","maxValue":"10"},"address":{"@id":"https:\/\/www.tablaosflamencos.com\/nl\/flamenco-vanavond-sevilla-biennale-2026.html#local-main-place-address"},"geo":{"@type":"GeoCoordinates","latitude":"37.3868072","longitude":"-5.993280299999999"},"telephone":["+34623787787"],"contactPoint":{"@type":"ContactPoint","telephone":"+34623787787","email":"info@tablaosflamencos.com"},"openingHoursSpecification":{"@type":"OpeningHoursSpecification","dayOfWeek":["Monday","Tuesday","Wednesday","Thursday","Friday","Saturday","Sunday"],"opens":"00:00","closes":"23:59"},"email":"info@tablaosflamencos.com","priceRange":"$$$","currenciesAccepted":"\u20ac"},{"@type":"Person","@id":"https:\/\/www.tablaosflamencos.com\/nl#\/schema\/person\/e7a9ebe14eb75a52ceabfbffb3c54f5d","name":"Miguel Ortiz","description":"Miguel Ortiz es un empresario flamenco, con una s\u00f3lida trayectoria dentro del sector. Ha presidido entidades culturales vinculadas al flamenco y, cuenta con un amplio recorrido profesional en la gesti\u00f3n y promoci\u00f3n de espect\u00e1culos y tablaos flamencos. Su pasi\u00f3n por la historia y el arte flamenco se refleja en cada art\u00edculo, donde combina experiencia, criterio y un profundo respeto por la tradici\u00f3n.","sameAs":["https:\/\/www.tablaosflamencos.com","https:\/\/www.instagra.com\/miguelortizfe","https:\/\/www.linkedin.com\/in\/miguelortizf\/"],"birthDate":"1984-11-22","gender":"hombre","knowsLanguage":["espa\u00f1ol","ingl\u00e9s"],"jobTitle":"Empresario flamenco"},{"@type":"PostalAddress","@id":"https:\/\/www.tablaosflamencos.com\/nl\/flamenco-vanavond-sevilla-biennale-2026.html#local-main-place-address","streetAddress":"C\/ Alemanes, 19","addressLocality":"Sevilla","postalCode":"41004","addressRegion":"Sevilla","addressCountry":"ES"},{"@type":"ImageObject","inLanguage":"nl-NL","@id":"https:\/\/www.tablaosflamencos.com\/nl\/flamenco-vanavond-sevilla-biennale-2026.html#local-main-organization-logo","url":"https:\/\/www.tablaosflamencos.com\/wp-content\/uploads\/tablaos-flamencos-06-3.webp","contentUrl":"https:\/\/www.tablaosflamencos.com\/wp-content\/uploads\/tablaos-flamencos-06-3.webp","width":600,"height":620,"caption":"Tablaos Flamencos"}]},"geo.placename":"Sevilla","geo.position":{"lat":"37.3868072","long":"-5.993280299999999"},"geo.region":"Spanje"},"_links":{"self":[{"href":"https:\/\/www.tablaosflamencos.com\/nl\/wp-json\/wp\/v2\/posts\/14521","targetHints":{"allow":["GET"]}}],"collection":[{"href":"https:\/\/www.tablaosflamencos.com\/nl\/wp-json\/wp\/v2\/posts"}],"about":[{"href":"https:\/\/www.tablaosflamencos.com\/nl\/wp-json\/wp\/v2\/types\/post"}],"author":[{"embeddable":true,"href":"https:\/\/www.tablaosflamencos.com\/nl\/wp-json\/wp\/v2\/users\/1"}],"replies":[{"embeddable":true,"href":"https:\/\/www.tablaosflamencos.com\/nl\/wp-json\/wp\/v2\/comments?post=14521"}],"version-history":[{"count":8,"href":"https:\/\/www.tablaosflamencos.com\/nl\/wp-json\/wp\/v2\/posts\/14521\/revisions"}],"predecessor-version":[{"id":14621,"href":"https:\/\/www.tablaosflamencos.com\/nl\/wp-json\/wp\/v2\/posts\/14521\/revisions\/14621"}],"wp:featuredmedia":[{"embeddable":true,"href":"https:\/\/www.tablaosflamencos.com\/nl\/wp-json\/wp\/v2\/media\/14496"}],"wp:attachment":[{"href":"https:\/\/www.tablaosflamencos.com\/nl\/wp-json\/wp\/v2\/media?parent=14521"}],"wp:term":[{"taxonomy":"category","embeddable":true,"href":"https:\/\/www.tablaosflamencos.com\/nl\/wp-json\/wp\/v2\/categories?post=14521"},{"taxonomy":"post_tag","embeddable":true,"href":"https:\/\/www.tablaosflamencos.com\/nl\/wp-json\/wp\/v2\/tags?post=14521"}],"curies":[{"name":"wp","href":"https:\/\/api.w.org\/{rel}","templated":true}]}}