{"id":14504,"date":"2026-09-04T17:20:37","date_gmt":"2026-09-04T15:20:37","guid":{"rendered":"https:\/\/www.tablaosflamencos.com\/?p=14504"},"modified":"2026-09-04T19:09:31","modified_gmt":"2026-09-04T17:09:31","slug":"baraka-sala-flamenca-intieme-flamenco-calle-pureza","status":"publish","type":"post","link":"https:\/\/www.tablaosflamencos.com\/nl\/baraka-sala-flamenca-intieme-flamenco-calle-pureza.html","title":{"rendered":"Baraka Sala Flamenca: intieme flamenco aan de Calle Pureza"},"content":{"rendered":"<section class=\"l-section wpb_row height_huge\"><div class=\"l-section-h i-cf\"><div class=\"g-cols vc_row via_flex valign_top type_default stacking_default\"><div class=\"vc_col-sm-6 wpb_column vc_column_container\"><div class=\"vc_column-inner\"><div class=\"wpb_wrapper\"><div class=\"wpb_text_column\"><div class=\"wpb_wrapper\"><h2>Baraka Sala Flamenca, een tablao om flamenco van dichtbij te beleven<\/h2>\n<p>In een stad met zeer uiteenlopende flamenco-opties neemt <strong>Baraka Sala Flamenca<\/strong> een duidelijk herkenbare plaats in: een zaal met beperkte capaciteit aan de Calle Pureza in Triana, waar het publiek heel dicht bij de zang, gitaar en dans zit. De locatie zoekt niet de schaal van een groot theater en combineert de voorstelling niet met een diner. Het aanbod concentreert zich op de essentie: vier artiesten, een voorstelling van \u00e9\u00e9n uur en \u00e9\u00e9n inbegrepen drankje.<\/p>\n<p>De voorstelling vindt plaats in flamencozaal Lola de los Reyes, een ruimte in Andalusische stijl met 48 plaatsen. Die schaal bepaalt een groot deel van de ervaring. Vanaf bijna elke plek zijn de slag van de hak, de ademhaling van de zang, de falsetas van de gitaar, de handklappen en de blikken waarmee het ensemble zich live organiseert waarneembaar.<\/p>\n<p>Wie tijdens een bezoek aan Triana flamenco wil zien, kan bij Baraka de voorstelling combineren met een wandeling over de Altozano, door de Calle Betis, rond Santa Ana en door de Calle Pureza zelf. De locatie biedt de context; de nabijheid van het podium doet de rest.<\/p>\n<\/div><\/div><\/div><\/div><\/div><div class=\"vc_col-sm-6 wpb_column vc_column_container\"><div class=\"vc_column-inner\"><div class=\"wpb_wrapper\"><div class=\"w-image has_ratio align_center\"><div class=\"w-image-h\"><div style=\"padding-bottom:75%\"><\/div><img fetchpriority=\"high\" decoding=\"async\" width=\"600\" height=\"400\" src=\"https:\/\/www.tablaosflamencos.com\/wp-content\/uploads\/baraka-sala-flamenca-01-1-600x400.webp\" class=\"attachment-us_600_600 size-us_600_600\" alt=\"Baraka Sala Flamenca - Baraka Flamenco show | Tablaos Flamencos\" loading=\"eager\" \/><\/div><\/div><div class=\"wpb_text_column\"><div class=\"wpb_wrapper\"><p style=\"text-align: center;\"><em>Door de beperkte capaciteit kun je de dialoog tussen zang, gitaar en dans van dichtbij volgen.<\/em><\/p>\n<\/div><\/div><\/div><\/div><\/div><\/div><\/div><\/section><section class=\"l-section wpb_row height_huge with_shape\"><div class=\"l-section-overlay\" style=\"background:#f5f5f5\"><\/div><div class=\"l-section-shape type_zigzag pos_top\" style=\"height:3vmin;\"><svg xmlns=\"http:\/\/www.w3.org\/2000\/svg\" viewBox=\"0 0 64 8\" preserveAspectRatio=\"none\" width=\"100%\" height=\"100%\">\r\n\t<path fill=\"currentColor\" d=\"M64 8 L0 8 L0 0 L20 7.9 L40 3 L48 5 L64 0 Z\"\/>\r\n<\/svg><\/div><div class=\"l-section-shape type_zigzag pos_bottom\" style=\"height:3vmin;\"><svg xmlns=\"http:\/\/www.w3.org\/2000\/svg\" viewBox=\"0 0 64 8\" preserveAspectRatio=\"none\" width=\"100%\" height=\"100%\">\r\n\t<path fill=\"currentColor\" d=\"M64 8 L0 8 L0 0 L20 7.9 L40 3 L48 5 L64 0 Z\"\/>\r\n<\/svg><\/div><div class=\"l-section-h i-cf\"><div class=\"g-cols vc_row via_flex valign_top type_default stacking_default\"><div class=\"vc_col-sm-12 wpb_column vc_column_container\"><div class=\"vc_column-inner\"><div class=\"wpb_wrapper\"><div class=\"wpb_text_column\"><div class=\"wpb_wrapper\"><blockquote>\n<p style=\"margin: 0;\"><strong>Kort antwoord:<\/strong> Baraka Sala Flamenca is een intieme tablao aan Calle Pureza 107 in Triana. De voorstelling duurt ongeveer \u00e9\u00e9n uur en brengt vier artiesten \u2014 zang, gitaar, een mannelijke danser en een vrouwelijke danser \u2014 samen in zaal Lola de los Reyes, met een capaciteit van 48 personen. Het ticket omvat \u00e9\u00e9n drankje, maar geen diner. Sessies en prijzen kunnen per datum verschillen; controleer daarom de beschikbaarheid en reserveer vooraf.<\/p>\n<\/blockquote>\n<\/div><\/div><div class=\"w-separator size_medium\"><\/div><div class=\"w-hwrapper valign_top wrap stack_on_mobiles align_center\" style=\"--hwrapper-gap:1.2rem\"><div class=\"w-btn-wrapper align_none\"><a class=\"w-btn us-btn-style_1\" href=\"https:\/\/www.tablaosflamencos.com\/nl\/tablao\/baraka-sala-flamenca\"><span class=\"w-btn-label\">Bekijk de beschikbaarheid bij Baraka<\/span><\/a><\/div><div class=\"w-btn-wrapper align_none\"><a class=\"w-btn us-btn-style_1\" href=\"https:\/\/www.tablaosflamencos.com\/nl\/flamenco-in-triana\"><span class=\"w-btn-label\">Bekijk flamenco in Triana<\/span><\/a><\/div><\/div><\/div><\/div><\/div><\/div><\/div><\/section><section class=\"l-section wpb_row height_huge\"><div class=\"l-section-h i-cf\"><div class=\"g-cols vc_row via_flex valign_top type_default stacking_default\"><div class=\"vc_col-sm-3 wpb_column vc_column_container\"><div class=\"vc_column-inner\"><div class=\"wpb_wrapper\"><\/div><\/div><\/div><div class=\"vc_col-sm-6 wpb_column vc_column_container\"><div class=\"vc_column-inner\"><div class=\"wpb_wrapper\"><div class=\"wpb_text_column\"><div class=\"wpb_wrapper\"><h2>Inhoud van deze gids<\/h2>\n<ul>\n<li><a href=\"#sala-intima\">Wat flamenco in een intieme zaal betekent<\/a><\/li>\n<li><a href=\"#espectaculo\">Hoe de voorstelling van Baraka eruitziet<\/a><\/li>\n<li><a href=\"#calle-pureza\">De ervaring van aankomen via de Calle Pureza<\/a><\/li>\n<li><a href=\"#informacion-practica\">Duur, ticket, drankje en tijden<\/a><\/li>\n<li><a href=\"#para-quien\">Voor wie dit een goede keuze is<\/a><\/li>\n<li><a href=\"#primera-vez\">Wat je kunt verwachten als het je eerste keer is<\/a><\/li>\n<li><a href=\"#plan-triana\">Zo maak je het programma in Triana compleet<\/a><\/li>\n<li><a href=\"#reservar\">Waarom vooraf reserveren verstandig is<\/a><\/li>\n<li><a href=\"#faq\">Veelgestelde vragen<\/a><\/li>\n<\/ul>\n<\/div><\/div><\/div><\/div><\/div><div class=\"vc_col-sm-3 wpb_column vc_column_container\"><div class=\"vc_column-inner\"><div class=\"wpb_wrapper\"><\/div><\/div><\/div><\/div><\/div><\/section><section class=\"l-section wpb_row height_huge with_shape\"><div class=\"l-section-overlay\" style=\"background:#f5f5f5\"><\/div><div class=\"l-section-shape type_zigzag pos_top\" style=\"height:3vmin;\"><svg xmlns=\"http:\/\/www.w3.org\/2000\/svg\" viewBox=\"0 0 64 8\" preserveAspectRatio=\"none\" width=\"100%\" height=\"100%\">\r\n\t<path fill=\"currentColor\" d=\"M64 8 L0 8 L0 0 L20 7.9 L40 3 L48 5 L64 0 Z\"\/>\r\n<\/svg><\/div><div class=\"l-section-shape type_zigzag pos_bottom\" style=\"height:3vmin;\"><svg xmlns=\"http:\/\/www.w3.org\/2000\/svg\" viewBox=\"0 0 64 8\" preserveAspectRatio=\"none\" width=\"100%\" height=\"100%\">\r\n\t<path fill=\"currentColor\" d=\"M64 8 L0 8 L0 0 L20 7.9 L40 3 L48 5 L64 0 Z\"\/>\r\n<\/svg><\/div><div class=\"l-section-h i-cf\"><div class=\"g-cols vc_row via_flex valign_top type_default stacking_default\"><div class=\"vc_col-sm-6 wpb_column vc_column_container\"><div class=\"vc_column-inner\"><div class=\"wpb_wrapper\"><div class=\"wpb_text_column\"><div class=\"wpb_wrapper\"><h2 id=\"sala-intima\">Wat flamenco in een intieme zaal betekent<\/h2>\n<p>Het woord \u2018intiem\u2019 wordt vaak gebruikt om kleine voorstellingen te beschrijven, maar bij Baraka heeft het een concrete betekenis: de capaciteit bedraagt 48 personen. Er is weinig afstand tussen het podium en het publiek, waardoor de voorstelling aanvoelt als een ontmoeting van dichtbij en niet als een beeld dat je van veraf bekijkt.<\/p>\n<p>Bij flamenco maakt die nabijheid elementen zichtbaar en hoorbaar die in een grotere zaal onopgemerkt kunnen blijven. Je hoort hoe de gitaar de zang begeleidt, hoe de handklappen het ritme dragen en hoe de dans op een roep reageert of van intensiteit verandert. Ook zie je de gebaren waarmee de artiesten elkaar ruimte geven, aanmoedigen of een slot voorbereiden.<\/p>\n<p>Nabijheid betekent niet dat de voorstelling van begin tot eind ge\u00efmproviseerd is. Er bestaat een professionele structuur, maar daarbinnen moeten zang, gitaar en dans naar elkaar luisteren. Elke sessie heeft eigen nuances, omdat flamenco op het podium leeft van die directe relatie.<\/p>\n<\/div><\/div><\/div><\/div><\/div><div class=\"vc_col-sm-6 wpb_column vc_column_container\"><div class=\"vc_column-inner\"><div class=\"wpb_wrapper\"><div class=\"wpb_text_column\"><div class=\"wpb_wrapper\"><h3>Een ervaring die zich op het podium concentreert<\/h3>\n<p>Baraka biedt geen diner: de beschikbare formule draait om de voorstelling en omvat \u00e9\u00e9n drankje. Daardoor blijft het podium tijdens het uur van de voorstelling de echte hoofdrolspeler. Wie wil dineren, kan dat voor of na de show in Triana doen, zonder dat eten een verplicht onderdeel van het ticket wordt.<\/p>\n<p>De ruimte in Andalusische stijl draagt bij aan de sfeer, maar vervangt de artistieke inhoud niet. De belangrijkste reden om voor deze zaal te kiezen is dat je een flamenco-ensemble van vier artiesten van dichtbij kunt observeren en de relatie tussen hun disciplines kunt volgen.<\/p>\n<p>Dit format is vooral geschikt voor mensen die concentratie waarderen, de voorkeur geven aan een kleinschalige locatie of hun eerste kennismaking met flamenco direct en gemakkelijk te volgen willen maken. Je hoeft de verschillende palos niet te kennen of alle teksten te begrijpen: let eenvoudig op het ritme, de stiltes, de veranderingen in energie en de communicatie op het podium.<\/p>\n<\/div><\/div><\/div><\/div><\/div><\/div><\/div><\/section><section class=\"l-section wpb_row height_huge\"><div class=\"l-section-h i-cf\"><div class=\"g-cols vc_row via_flex valign_top type_default stacking_default\"><div class=\"vc_col-sm-6 wpb_column vc_column_container\"><div class=\"vc_column-inner\"><div class=\"wpb_wrapper\"><div class=\"wpb_text_column\"><div class=\"wpb_wrapper\"><h2 id=\"espectaculo\">Hoe de voorstelling van Baraka Sala Flamenca eruitziet<\/h2>\n<p>De gebruikelijke bezetting bestaat uit <strong>vier artiesten: een zanger, een gitarist, een mannelijke danser en een vrouwelijke danser<\/strong>. Het is een compact maar voldoende compleet ensemble om de pijlers van een traditionele tablao te tonen.<\/p>\n<p>De zang fungeert niet als achtergrondmuziek: zij bepaalt het karakter van elk moment en gaat in dialoog met de gitaar. De gitaar begeleidt, ondersteunt en opent eigen ruimtes met falsetas. Dans verandert het ritme in beweging en percussie, terwijl handklappen en aanmoedigingen het geheel verbinden.<\/p>\n<p>De aanwezigheid van een mannelijke en een vrouwelijke danser moet niet worden opgevat als twee afzonderlijke, identieke nummers. Iedere artiest brengt een eigen taal, manier van het podium gebruiken en relatie met de musici mee. Afhankelijk van de sessie kunnen volgorde, nuances en intensiteit verschillen. Die variatie hoort bij de levende aard van de tablao.<\/p>\n<\/div><\/div><\/div><\/div><\/div><div class=\"vc_col-sm-6 wpb_column vc_column_container\"><div class=\"vc_column-inner\"><div class=\"wpb_wrapper\"><div class=\"wpb_text_column\"><div class=\"wpb_wrapper\"><h3>E\u00e9n uur met een eigen ritme<\/h3>\n<p>De voorstelling duurt ongeveer 60 minuten. Het is een handig format voor een middag of avond in Sevilla, maar lang genoeg om contrasten te ontwikkelen: luistermomenten, solo\u2019s, dans, ritmewisselingen en intensere finales.<\/p>\n<p>Een uur flamenco is geen ononderbroken reeks voetwerk. Zang en gitaar hebben hun eigen ruimte nodig, en ook stiltes hebben gewicht. Verwacht bij een eerste bezoek niet dat de hele voorstelling hetzelfde tempo aanhoudt. De emotie ontstaat juist uit het contrast tussen beheersing en uitbarsting.<\/p>\n<p>In de zaal kun je technische details zien zonder het gevoel voor het geheel te verliezen. Dat is een van Baraka\u2019s grote voordelen: het format dwingt je niet te kiezen tussen de voeten bekijken en de musici volgen. De nabijheid helpt begrijpen hoe elk onderdeel de andere ondersteunt.<\/p>\n<\/div><\/div><\/div><\/div><\/div><\/div><\/div><\/section><section class=\"l-section wpb_row height_huge with_shape\"><div class=\"l-section-overlay\" style=\"background:#f5f5f5\"><\/div><div class=\"l-section-shape type_zigzag pos_top\" style=\"height:3vmin;\"><svg xmlns=\"http:\/\/www.w3.org\/2000\/svg\" viewBox=\"0 0 64 8\" preserveAspectRatio=\"none\" width=\"100%\" height=\"100%\">\r\n\t<path fill=\"currentColor\" d=\"M64 8 L0 8 L0 0 L20 7.9 L40 3 L48 5 L64 0 Z\"\/>\r\n<\/svg><\/div><div class=\"l-section-shape type_zigzag pos_bottom\" style=\"height:3vmin;\"><svg xmlns=\"http:\/\/www.w3.org\/2000\/svg\" viewBox=\"0 0 64 8\" preserveAspectRatio=\"none\" width=\"100%\" height=\"100%\">\r\n\t<path fill=\"currentColor\" d=\"M64 8 L0 8 L0 0 L20 7.9 L40 3 L48 5 L64 0 Z\"\/>\r\n<\/svg><\/div><div class=\"l-section-h i-cf\"><div class=\"g-cols vc_row via_flex valign_top type_default stacking_default\"><div class=\"vc_col-sm-6 wpb_column vc_column_container\"><div class=\"vc_column-inner\"><div class=\"wpb_wrapper\"><div class=\"wpb_text_column\"><div class=\"wpb_wrapper\"><h2 id=\"calle-pureza\">De ervaring van aankomen via de Calle Pureza<\/h2>\n<p>Baraka ligt op nummer 107 aan de Calle Pureza, een van de bekendste straten van Triana. Vanaf de Isabel II-brug kun je erheen wandelen en zo de route onderdeel van je plan maken. Vanaf de Altozano loopt de weg de wijk in, dicht bij de Real Parroquia de Se\u00f1ora Santa Ana en op korte afstand van de Calle Betis en de Guadalquivir.<\/p>\n<p>Een locatie in Triana maakt niet automatisch elke voorstelling authentiek. Kwaliteit hangt af van de artiesten, het ritme, de livemuziek en het respect voor het podium. De wijk biedt wel een culturele en historische context die het bezoek verrijkt wanneer je haar aandachtig verkent en niet tot decor reduceert.<\/p>\n<\/div><\/div><\/div><\/div><\/div><div class=\"vc_col-sm-6 wpb_column vc_column_container\"><div class=\"vc_column-inner\"><div class=\"wpb_wrapper\"><div class=\"wpb_text_column\"><div class=\"wpb_wrapper\"><h3>Een praktische locatie om de avond te plannen<\/h3>\n<p>Het adres is geschikt voor mensen die in Triana verblijven \u00e9n voor bezoekers die uit het historische centrum komen. Te voet de brug oversteken verbindt de tablao met Plaza Nueva, de Arenal en de omgeving van de kathedraal, zonder dat je per se een voertuig nodig hebt.<\/p>\n<p>Wil je andere mogelijkheden in de buurt ontdekken of formats vergelijken, bekijk dan onze pagina over <a href=\"https:\/\/www.tablaosflamencos.com\/flamenco-en-triana\"><strong>flamenco in Triana<\/strong><\/a>. Wil je de zoektocht uitbreiden naar de hele stad, dan bundelt onze gids met <a href=\"https:\/\/www.tablaosflamencos.com\/flamenco-en-sevilla\"><strong>flamencovoorstellingen in Sevilla<\/strong><\/a> de beschikbare opties per wijk en formule.<\/p>\n<p>Plan voldoende tijd voor de wandeling. Vroeg aankomen voorkomt een gehaaste entree, helpt je de ingang te herkennen en maakt het eenvoudiger om v\u00f3\u00f3r aanvang rustig plaats te nemen.<\/p>\n<\/div><\/div><\/div><\/div><\/div><\/div><\/div><\/section><section class=\"l-section wpb_row height_huge\"><div class=\"l-section-h i-cf\"><div class=\"g-cols vc_row via_flex valign_top type_default stacking_default\"><div class=\"vc_col-sm-6 wpb_column vc_column_container\"><div class=\"vc_column-inner\"><div class=\"wpb_wrapper\"><div class=\"wpb_text_column\"><div class=\"wpb_wrapper\"><h2 id=\"informacion-practica\">Praktische informatie v\u00f3\u00f3r het reserveren<\/h2>\n<ul>\n<li><strong>Adres:<\/strong> Calle Pureza 107, 41010 Sevilla.<\/li>\n<li><strong>Wijk:<\/strong> Triana.<\/li>\n<li><strong>Zaal:<\/strong> Lola de los Reyes.<\/li>\n<li><strong>Duur:<\/strong> ongeveer 60 minuten.<\/li>\n<li><strong>Artiesten:<\/strong> vier artiesten: zang, gitaar, mannelijke danser en vrouwelijke danser.<\/li>\n<li><strong>Capaciteit:<\/strong> 48 personen.<\/li>\n<li><strong>Ticket:<\/strong> voorstelling met \u00e9\u00e9n inbegrepen drankje.<\/li>\n<li><strong>Diner:<\/strong> niet inbegrepen; de zaal serveert drankjes.<\/li>\n<li><strong>Toegankelijkheid:<\/strong> de locatie staat als toegankelijk vermeld.<\/li>\n<li><strong>Kinderen:<\/strong> toegang vanaf 4 jaar, altijd volgens de voorwaarden van het gekozen ticket.<\/li>\n<\/ul>\n<\/div><\/div><\/div><\/div><\/div><div class=\"vc_col-sm-6 wpb_column vc_column_container\"><div class=\"vc_column-inner\"><div class=\"wpb_wrapper\"><div class=\"wpb_text_column\"><div class=\"wpb_wrapper\"><h3>Tijden en prijzen<\/h3>\n<p>Baraka programmeert verschillende sessies en kan de tijden aanpassen aan de dag en het seizoen. Daarom is de informatie die verschijnt wanneer je een concrete datum selecteert het meest relevant. De reserveringspagina toont de beschikbare sessies en de prijs voor elk type ticket.<\/p>\n<p>Bij het opstellen van deze gids vermeldde de pagina tickets vanaf \u20ac 22 en leeftijdsgebonden opties voor kinderen, volwassenen en 65-plussers. Omdat prijzen en sessies kunnen wijzigen, controleer je het totaalbedrag voordat je de aankoop afrondt.<\/p>\n<p>Het is raadzaam om 15 tot 20 minuten eerder te komen. Na de reservering ontvang je het ticket per e-mail en kun je het op je mobiele telefoon tonen; afdrukken is niet nodig. Heb je een specifieke toegankelijkheidsbehoefte, vermeld die dan tijdens het reserveren.<\/p>\n<\/div><\/div><div class=\"w-separator size_medium\"><\/div><div class=\"w-btn-wrapper align_left\"><a class=\"w-btn us-btn-style_1 icon_atleft\" href=\"https:\/\/www.tablaosflamencos.com\/nl\/tablao\/baraka-sala-flamenca\"><i class=\"fas fa-ticket-alt\"><\/i><span class=\"w-btn-label\">Bekijk sessies en prijzen<\/span><\/a><\/div><\/div><\/div><\/div><\/div><\/div><\/section><section class=\"l-section wpb_row height_huge with_shape\"><div class=\"l-section-overlay\" style=\"background:#f5f5f5\"><\/div><div class=\"l-section-shape type_zigzag pos_top\" style=\"height:3vmin;\"><svg xmlns=\"http:\/\/www.w3.org\/2000\/svg\" viewBox=\"0 0 64 8\" preserveAspectRatio=\"none\" width=\"100%\" height=\"100%\">\r\n\t<path fill=\"currentColor\" d=\"M64 8 L0 8 L0 0 L20 7.9 L40 3 L48 5 L64 0 Z\"\/>\r\n<\/svg><\/div><div class=\"l-section-shape type_zigzag pos_bottom\" style=\"height:3vmin;\"><svg xmlns=\"http:\/\/www.w3.org\/2000\/svg\" viewBox=\"0 0 64 8\" preserveAspectRatio=\"none\" width=\"100%\" height=\"100%\">\r\n\t<path fill=\"currentColor\" d=\"M64 8 L0 8 L0 0 L20 7.9 L40 3 L48 5 L64 0 Z\"\/>\r\n<\/svg><\/div><div class=\"l-section-h i-cf\"><div class=\"g-cols vc_row via_flex valign_top type_default stacking_default\"><div class=\"vc_col-sm-6 wpb_column vc_column_container\"><div class=\"vc_column-inner\"><div class=\"wpb_wrapper\"><div class=\"wpb_text_column\"><div class=\"wpb_wrapper\"><h2 id=\"para-quien\">Voor wie dit een goede keuze is<\/h2>\n<h3>Voor wie nabijheid zoekt<\/h3>\n<p>De beperkte capaciteit is Baraka\u2019s duidelijkste kenmerk. Als het voor jou belangrijk is om de gebaren, het voetwerk en de communicatie van het ensemble te onderscheiden, biedt het intieme format een duidelijk voordeel.<\/p>\n<h3>Voor een eerste flamenco-ervaring<\/h3>\n<p>De duur van \u00e9\u00e9n uur en de combinatie van zang, gitaar en twee dansprofielen laten je de belangrijkste elementen ontdekken zonder voorafgaande kennis. Het is een toegankelijke kennismaking met de taal van de tablao.<\/p>\n<h3>Voor wie Triana wil leren kennen<\/h3>\n<p>De Calle Pureza maakt het eenvoudig om de voorstelling in een wandelroute door de wijk op te nemen. Je hoeft daarna niet naar een ander gebied te reizen om de avond compleet te maken.<\/p>\n<\/div><\/div><\/div><\/div><\/div><div class=\"vc_col-sm-6 wpb_column vc_column_container\"><div class=\"vc_column-inner\"><div class=\"wpb_wrapper\"><div class=\"wpb_text_column\"><div class=\"wpb_wrapper\"><h3>Voor wie liever zelf een diner kiest<\/h3>\n<p>Het ticket omvat \u00e9\u00e9n drankje, geen diner. Daardoor kun je voor of na de voorstelling vrij een restaurant, tijd en budget kiezen. Bovendien zijn er tijdens de show minder bewegingen van de bediening.<\/p>\n<h3>Voor stellen, gezinnen en kleine groepen<\/h3>\n<p>De intieme sfeer kan goed passen bij een avond met zijn twee\u00ebn, een gezinsbezoek met kinderen vanaf de toegestane leeftijd of een groep die de ervaring wil delen zonder de nabijheid te verliezen.<\/p>\n<h3>Voor reizigers met een strak programma<\/h3>\n<p>De vaste duur maakt het eenvoudig om de voorstelling met andere plannen te combineren. Plan haar toch niet zonder marge tussen activiteiten: neem tijd om aan te komen, rustig naar binnen te gaan en zonder haast te vertrekken.<\/p>\n<\/div><\/div><\/div><\/div><\/div><\/div><\/div><\/section><section class=\"l-section wpb_row height_huge\"><div class=\"l-section-h i-cf\"><div class=\"g-cols vc_row via_flex valign_top type_default stacking_default\"><div class=\"vc_col-sm-6 wpb_column vc_column_container\"><div class=\"vc_column-inner\"><div class=\"wpb_wrapper\"><div class=\"wpb_text_column\"><div class=\"wpb_wrapper\"><h2 id=\"primera-vez\">Wat je kunt verwachten bij je eerste bezoek aan een tablao<\/h2>\n<p>Je hoeft geen sole\u00e1, alegr\u00edas of buler\u00eda te herkennen om van de voorstelling te genieten. Let eerst op de relatie tussen de artiesten: wie het begin aangeeft, hoe de gitaar antwoordt, wanneer de handklappen inzetten en hoe de dans de accenten gebruikt.<\/p>\n<p>Tijdens de zang wordt de sfeer meestal stiller. In finales en dansmomenten ontstaat een zichtbaardere energie, met aanmoedigingen en reacties van het ensemble. Het publiek mag emotie tonen, maar vermijd gesprekken die met de muziek concurreren.<\/p>\n<p>Foto- en video-opnamen hangen af van de regels van de zaal. Als een foto is toegestaan, maak die dan zonder flits en houd je telefoon niet langdurig omhoog. De nabijheid die Baraka bijzonder maakt, zorgt er ook voor dat iedere afleiding meer opvalt.<\/p>\n<\/div><\/div><\/div><\/div><\/div><div class=\"vc_col-sm-6 wpb_column vc_column_container\"><div class=\"vc_column-inner\"><div class=\"wpb_wrapper\"><div class=\"wpb_text_column\"><div class=\"wpb_wrapper\"><h3>Authenticiteit zonder clich\u00e9s<\/h3>\n<p>Een professionele tablao kan bezoekers uit veel landen ontvangen en authentieke flamenco bieden. De herkomst van het publiek bepaalt de kwaliteit niet. Belangrijk is dat zang, gitaar en dans live zijn, dat de artiesten binnen de flamencotaal werken en dat de zaal de voorstelling goed laat horen.<\/p>\n<p>Ook hoeft niet alles spontaan of informeel te lijken. Stiptheid, verlichting, voorverkoop en een duidelijke organisatie maken de voorstelling niet minder echt; ze scheppen de omstandigheden waarin het ensemble zich kan concentreren.<\/p>\n<p>Wil je deze criteria verder uitdiepen voordat je vergelijkt, lees dan onze gids over <a href=\"https:\/\/www.tablaosflamencos.com\/donde-ver-flamenco-autentico-sevilla.html\"><strong>waar je authentieke flamenco in Sevilla kunt zien<\/strong><\/a>. Die helpt je artistieke kwaliteit van commerci\u00eble labels te onderscheiden.<\/p>\n<\/div><\/div><\/div><\/div><\/div><\/div><\/div><\/section><section class=\"l-section wpb_row height_huge with_shape\"><div class=\"l-section-overlay\" style=\"background:#f5f5f5\"><\/div><div class=\"l-section-shape type_zigzag pos_top\" style=\"height:3vmin;\"><svg xmlns=\"http:\/\/www.w3.org\/2000\/svg\" viewBox=\"0 0 64 8\" preserveAspectRatio=\"none\" width=\"100%\" height=\"100%\">\r\n\t<path fill=\"currentColor\" d=\"M64 8 L0 8 L0 0 L20 7.9 L40 3 L48 5 L64 0 Z\"\/>\r\n<\/svg><\/div><div class=\"l-section-shape type_zigzag pos_bottom\" style=\"height:3vmin;\"><svg xmlns=\"http:\/\/www.w3.org\/2000\/svg\" viewBox=\"0 0 64 8\" preserveAspectRatio=\"none\" width=\"100%\" height=\"100%\">\r\n\t<path fill=\"currentColor\" d=\"M64 8 L0 8 L0 0 L20 7.9 L40 3 L48 5 L64 0 Z\"\/>\r\n<\/svg><\/div><div class=\"l-section-h i-cf\"><div class=\"g-cols vc_row via_flex valign_top type_default stacking_default\"><div class=\"vc_col-sm-6 wpb_column vc_column_container\"><div class=\"vc_column-inner\"><div class=\"wpb_wrapper\"><div class=\"wpb_text_column\"><div class=\"wpb_wrapper\"><h2 id=\"plan-triana\">Zo maak je het programma in Triana compleet<\/h2>\n<p>Een eenvoudige manier om je bezoek te plannen is vroeg aan te komen bij de Altozano, langs de Mercado de Triana te gaan en vervolgens door de Calle Pureza te wandelen. Wil je liever de rivier bekijken, voeg dan v\u00f3\u00f3r de voorstelling een stuk Calle Betis toe.<\/p>\n<p>Afhankelijk van de gekozen sessie kan het diner ervoor of erna plaatsvinden. Omdat Baraka een drankje maar geen eten omvat, hoef je je restaurantkeuze niet aan een vast menu aan te passen. Reserveer in het weekend, op feestdagen of in drukke periodes ook het restaurant als dit een belangrijk onderdeel van je plan is.<\/p>\n<p>Na de voorstelling vormt de wandeling naar de brug een prettige overgang terug naar het centrum. Wil je de avond in Triana voortzetten, controleer dan vooraf de keuken- en vervoerstijden, vooral bij late sessies.<\/p>\n<\/div><\/div><\/div><\/div><\/div><div class=\"vc_col-sm-6 wpb_column vc_column_container\"><div class=\"vc_column-inner\"><div class=\"wpb_wrapper\"><div class=\"wpb_text_column\"><div class=\"wpb_wrapper\"><h3>Een permanent aanbod, niet alleen voor bijzondere data<\/h3>\n<p>Baraka kan deel uitmaken van de Vel\u00e1 de Santa Ana en andere buurtfeesten, maar de aantrekkingskracht hangt niet af van \u00e9\u00e9n evenement. De zaal programmeert het hele jaar door regelmatig en is een vaste optie voor wie flamenco in Triana zoekt.<\/p>\n<p>Bezoek je Sevilla in juli, breid je programma dan uit met onze gids over <a href=\"https:\/\/www.tablaosflamencos.com\/flamenco-en-triana-vela-santa-ana.html\"><strong>flamenco in Triana tijdens de Vel\u00e1 de Santa Ana<\/strong><\/a>. Buiten die data blijft de Calle Pureza aantrekkelijk en blijft de voorstelling het middelpunt van de ervaring.<\/p>\n<p>Het praktische advies is om eerst de sessie te kiezen, je aankomsttijd vast te leggen en de wandeling en maaltijd daaromheen te plannen. Zo voorkom je dat een spontane activiteit je te laat laat komen bij een zaal met beperkte plaatsen.<\/p>\n<\/div><\/div><\/div><\/div><\/div><\/div><\/div><\/section><section class=\"l-section wpb_row height_huge\"><div class=\"l-section-h i-cf\"><div class=\"g-cols vc_row via_flex valign_top type_default stacking_default\"><div class=\"vc_col-sm-6 wpb_column vc_column_container\"><div class=\"vc_column-inner\"><div class=\"wpb_wrapper\"><div class=\"wpb_text_column\"><div class=\"wpb_wrapper\"><h2 id=\"reservar\">Waarom je Baraka het beste vooraf reserveert<\/h2>\n<p>In een zaal met 48 plaatsen kan de beschikbaarheid snel afnemen. Wachten met kopen tot aan de deur beperkt de keuze in tijden en garandeert niet dat er tickets zijn voor de sessie die het beste bij je route past.<\/p>\n<p>Online reserveren laat je de datum selecteren, tickettypes controleren en de bevestiging per e-mail ontvangen. Het ticket op je telefoon vereenvoudigt de toegang en voorkomt afhankelijkheid van een last-minute kassa.<\/p>\n<p>Controleer v\u00f3\u00f3r betaling de datum, sessie, het aantal bezoekers en de leeftijdscategorie. Bekijk ook de toepasselijke verkoopvoorwaarden. Op onze pagina over <a href=\"https:\/\/www.tablaosflamencos.com\/como-reservar\"><strong>hoe je reserveert<\/strong><\/a> leggen we het algemene proces uit en wat je doet nadat je de tickets hebt ontvangen.<\/p>\n<\/div><\/div><\/div><\/div><\/div><div class=\"vc_col-sm-6 wpb_column vc_column_container\"><div class=\"vc_column-inner\"><div class=\"wpb_wrapper\"><div class=\"wpb_text_column\"><div class=\"wpb_wrapper\"><h3>De beste reden om voor Baraka te kiezen<\/h3>\n<p>Baraka hoeft niet op grootte te concurreren. De waarde ligt juist in de schaal: een ensemble van vier artiesten voor een klein publiek, in een zaal waar fysieke afstand de nuances niet afzwakt.<\/p>\n<p>Het is een duidelijke optie voor wie in Triana \u00e9\u00e9n uur aan flamenco wil besteden zonder verplicht diner en met heldere praktische informatie. Het inbegrepen drankje maakt de ontvangst compleet, maar de voorstelling blijft het hart van de reservering.<\/p>\n<p>Past die combinatie bij wat je zoekt, bekijk dan de sessie voor jouw datum en reserveer voordat je de rest van de avond plant. Intimiteit werkt het best wanneer ze niet afhangt van het vinden van een vrije plaats op het laatste moment.<\/p>\n<\/div><\/div><div class=\"w-separator size_medium\"><\/div><div class=\"w-btn-wrapper align_left\"><a class=\"w-btn us-btn-style_1 icon_atleft\" href=\"https:\/\/www.tablaosflamencos.com\/nl\/tablao\/baraka-sala-flamenca\"><i class=\"fas fa-ticket-alt\"><\/i><span class=\"w-btn-label\">Reserveer Baraka Sala Flamenca<\/span><\/a><\/div><\/div><\/div><\/div><\/div><\/div><\/section><section class=\"l-section wpb_row height_huge with_shape\"><div class=\"l-section-overlay\" style=\"background:#f5f5f5\"><\/div><div class=\"l-section-shape type_zigzag pos_top\" style=\"height:3vmin;\"><svg xmlns=\"http:\/\/www.w3.org\/2000\/svg\" viewBox=\"0 0 64 8\" preserveAspectRatio=\"none\" width=\"100%\" height=\"100%\">\r\n\t<path fill=\"currentColor\" d=\"M64 8 L0 8 L0 0 L20 7.9 L40 3 L48 5 L64 0 Z\"\/>\r\n<\/svg><\/div><div class=\"l-section-shape type_zigzag pos_bottom\" style=\"height:3vmin;\"><svg xmlns=\"http:\/\/www.w3.org\/2000\/svg\" viewBox=\"0 0 64 8\" preserveAspectRatio=\"none\" width=\"100%\" height=\"100%\">\r\n\t<path fill=\"currentColor\" d=\"M64 8 L0 8 L0 0 L20 7.9 L40 3 L48 5 L64 0 Z\"\/>\r\n<\/svg><\/div><div class=\"l-section-h i-cf\"><div class=\"g-cols vc_row via_flex valign_top type_default stacking_default\"><div class=\"vc_col-sm-12 wpb_column vc_column_container\"><div class=\"vc_column-inner\"><div class=\"wpb_wrapper\"><div class=\"wpb_text_column\"><div class=\"wpb_wrapper\"><h2 style=\"text-align: center;\">Flamenco op precies de juiste afstand<\/h2>\n<p style=\"text-align: center;\">De ervaring van Baraka Sala Flamenca wordt het best begrepen door de nabijheid. De capaciteit van 48 personen, de bezetting van vier artiesten en het ontbreken van een diner tijdens de voorstelling richten de aandacht op zang, gitaar en dans. De Calle Pureza en Triana bieden de omgeving; de dialoog van het ensemble biedt de inhoud.<\/p>\n<p style=\"text-align: center;\">Bekijk de beschikbare sessies voor jouw datum, kom 15 tot 20 minuten eerder en plan de rest van de avond rond de voorstelling. Zo kun je zonder haast van de wijk genieten en de zaal binnengaan met alle aandacht voor wat je gaat horen.<\/p>\n<\/div><\/div><div class=\"w-separator size_medium\"><\/div><div class=\"w-hwrapper valign_top wrap stack_on_mobiles align_center\" style=\"--hwrapper-gap:1.2rem\"><div class=\"w-btn-wrapper align_none\"><a class=\"w-btn us-btn-style_1\" href=\"https:\/\/www.tablaosflamencos.com\/nl\/tablao\/baraka-sala-flamenca\"><span class=\"w-btn-label\">Bekijk tickets voor Baraka<\/span><\/a><\/div><div class=\"w-btn-wrapper align_none\"><a class=\"w-btn us-btn-style_1\" href=\"https:\/\/www.tablaosflamencos.com\/nl\/flamenco-in-triana\"><span class=\"w-btn-label\">Vergelijk tablaos in Triana<\/span><\/a><\/div><\/div><\/div><\/div><\/div><\/div><\/div><\/section><section class=\"l-section wpb_row height_huge\"><div class=\"l-section-h i-cf\"><div class=\"g-cols vc_row via_flex valign_top type_default stacking_default\"><div class=\"vc_col-sm-1\/5 wpb_column vc_column_container\"><div class=\"vc_column-inner\"><div class=\"wpb_wrapper\"><\/div><\/div><\/div><div class=\"vc_col-sm-3\/5 wpb_column vc_column_container\"><div class=\"vc_column-inner\"><div class=\"wpb_wrapper\"><div class=\"wpb_text_column\"><div class=\"wpb_wrapper\"><h2 id=\"faq\">Veelgestelde vragen over Baraka Sala Flamenca<\/h2>\n<\/div><\/div><div class=\"w-separator size_medium\"><\/div><div class=\"w-tabs accordion toggle_style_1\" style=\"--sections-title-size:inherit;--sections-gap:0.5rem;\"><div class=\"w-tabs-sections titles-align_none icon_chevron cpos_right\"><div class=\"w-tabs-section\" id=\"x012\" itemscope itemprop=\"mainEntity\" itemtype=\"https:\/\/schema.org\/Question\"><button type=\"button\" class=\"w-tabs-section-header\" aria-controls=\"content-x012\" aria-expanded=\"false\"><div class=\"w-tabs-section-title\" itemprop=\"name\">Waar ligt Baraka Sala Flamenca?<\/div><div class=\"w-tabs-section-control\"><\/div><\/button><div  class=\"w-tabs-section-content\" id=\"content-x012\" itemscope itemprop=\"acceptedAnswer\" itemtype=\"https:\/\/schema.org\/Answer\"><div class=\"w-tabs-section-content-h i-cf\" itemprop=\"text\"><div class=\"wpb_text_column\"><div class=\"wpb_wrapper\"><p>Baraka Sala Flamenca ligt aan Calle Pureza 107 in de wijk Triana in Sevilla. De zaal bevindt zich op korte afstand van de Altozano, de Calle Betis, de Guadalquivir en de parochiekerk Santa Ana.<\/p>\n<\/div><\/div><\/div><\/div><\/div><div class=\"w-tabs-section\" id=\"g124\" itemscope itemprop=\"mainEntity\" itemtype=\"https:\/\/schema.org\/Question\"><button type=\"button\" class=\"w-tabs-section-header\" aria-controls=\"content-g124\" aria-expanded=\"false\"><div class=\"w-tabs-section-title\" itemprop=\"name\">Hoe lang duurt de voorstelling van Baraka?<\/div><div class=\"w-tabs-section-control\"><\/div><\/button><div  class=\"w-tabs-section-content\" id=\"content-g124\" itemscope itemprop=\"acceptedAnswer\" itemtype=\"https:\/\/schema.org\/Answer\"><div class=\"w-tabs-section-content-h i-cf\" itemprop=\"text\"><div class=\"wpb_text_column\"><div class=\"wpb_wrapper\"><p>De voorstelling duurt ongeveer 60 minuten. Het is verstandig 15 tot 20 minuten eerder te komen, zodat je rustig kunt binnenkomen en plaatsnemen.<\/p>\n<\/div><\/div><\/div><\/div><\/div><div class=\"w-tabs-section\" id=\"f204\" itemscope itemprop=\"mainEntity\" itemtype=\"https:\/\/schema.org\/Question\"><button type=\"button\" class=\"w-tabs-section-header\" aria-controls=\"content-f204\" aria-expanded=\"false\"><div class=\"w-tabs-section-title\" itemprop=\"name\">Hoeveel artiesten treden op bij Baraka Sala Flamenca?<\/div><div class=\"w-tabs-section-control\"><\/div><\/button><div  class=\"w-tabs-section-content\" id=\"content-f204\" itemscope itemprop=\"acceptedAnswer\" itemtype=\"https:\/\/schema.org\/Answer\"><div class=\"w-tabs-section-content-h i-cf\" itemprop=\"text\"><div class=\"wpb_text_column\"><div class=\"wpb_wrapper\"><p>De gebruikelijke bezetting bestaat uit vier artiesten: een zanger, een gitarist, een mannelijke danser en een vrouwelijke danser. Het ensemble brengt livezang, gitaar en dans.<\/p>\n<\/div><\/div><\/div><\/div><\/div><div class=\"w-tabs-section\" id=\"m309\" itemscope itemprop=\"mainEntity\" itemtype=\"https:\/\/schema.org\/Question\"><button type=\"button\" class=\"w-tabs-section-header\" aria-controls=\"content-m309\" aria-expanded=\"false\"><div class=\"w-tabs-section-title\" itemprop=\"name\">Wat is bij het ticket voor Baraka inbegrepen?<\/div><div class=\"w-tabs-section-control\"><\/div><\/button><div  class=\"w-tabs-section-content\" id=\"content-m309\" itemscope itemprop=\"acceptedAnswer\" itemtype=\"https:\/\/schema.org\/Answer\"><div class=\"w-tabs-section-content-h i-cf\" itemprop=\"text\"><div class=\"wpb_text_column\"><div class=\"wpb_wrapper\"><p>Het ticket omvat de flamencovoorstelling en \u00e9\u00e9n drankje. Controleer de beschikbare opties, prijzen en tijden wanneer je de reserveringsdatum selecteert.<\/p>\n<\/div><\/div><\/div><\/div><\/div><div class=\"w-tabs-section\" id=\"g3e6\" itemscope itemprop=\"mainEntity\" itemtype=\"https:\/\/schema.org\/Question\"><button type=\"button\" class=\"w-tabs-section-header\" aria-controls=\"content-g3e6\" aria-expanded=\"false\"><div class=\"w-tabs-section-title\" itemprop=\"name\">Kun je tijdens de voorstelling dineren?<\/div><div class=\"w-tabs-section-control\"><\/div><\/button><div  class=\"w-tabs-section-content\" id=\"content-g3e6\" itemscope itemprop=\"acceptedAnswer\" itemtype=\"https:\/\/schema.org\/Answer\"><div class=\"w-tabs-section-content-h i-cf\" itemprop=\"text\"><div class=\"wpb_text_column\"><div class=\"wpb_wrapper\"><p>Het ticket omvat geen diner; de zaal serveert drankjes. Je kunt voor of na de voorstelling in Triana eten en het uur van de show volledig aan de voorstelling besteden.<\/p>\n<\/div><\/div><\/div><\/div><\/div><div class=\"w-tabs-section\" id=\"w4b4\" itemscope itemprop=\"mainEntity\" itemtype=\"https:\/\/schema.org\/Question\"><button type=\"button\" class=\"w-tabs-section-header\" aria-controls=\"content-w4b4\" aria-expanded=\"false\"><div class=\"w-tabs-section-title\" itemprop=\"name\">Kunnen kinderen Baraka Sala Flamenca bezoeken?<\/div><div class=\"w-tabs-section-control\"><\/div><\/button><div  class=\"w-tabs-section-content\" id=\"content-w4b4\" itemscope itemprop=\"acceptedAnswer\" itemtype=\"https:\/\/schema.org\/Answer\"><div class=\"w-tabs-section-content-h i-cf\" itemprop=\"text\"><div class=\"wpb_text_column\"><div class=\"wpb_wrapper\"><p>De reserveringspagina staat kinderen vanaf 4 jaar toe en biedt een kinderticket. Kinderen moeten door een volwassene worden begeleid; controleer ook de voorwaarden voor de gekozen datum.<\/p>\n<\/div><\/div><\/div><\/div><\/div><div class=\"w-tabs-section\" id=\"h5a7\" itemscope itemprop=\"mainEntity\" itemtype=\"https:\/\/schema.org\/Question\"><button type=\"button\" class=\"w-tabs-section-header\" aria-controls=\"content-h5a7\" aria-expanded=\"false\"><div class=\"w-tabs-section-title\" itemprop=\"name\">Is Baraka Sala Flamenca toegankelijk?<\/div><div class=\"w-tabs-section-control\"><\/div><\/button><div  class=\"w-tabs-section-content\" id=\"content-h5a7\" itemscope itemprop=\"acceptedAnswer\" itemtype=\"https:\/\/schema.org\/Answer\"><div class=\"w-tabs-section-content-h i-cf\" itemprop=\"text\"><div class=\"wpb_text_column\"><div class=\"wpb_wrapper\"><p>De locatie staat als toegankelijk vermeld. Heb je ruimte voor een rolstoel of een andere specifieke aanpassing nodig, geef dit dan bij de reservering aan zodat de toegang correct kan worden voorbereid.<\/p>\n<\/div><\/div><\/div><\/div><\/div><div class=\"w-tabs-section\" id=\"t692\" itemscope itemprop=\"mainEntity\" itemtype=\"https:\/\/schema.org\/Question\"><button type=\"button\" class=\"w-tabs-section-header\" aria-controls=\"content-t692\" aria-expanded=\"false\"><div class=\"w-tabs-section-title\" itemprop=\"name\">Moet je vooraf reserveren?<\/div><div class=\"w-tabs-section-control\"><\/div><\/button><div  class=\"w-tabs-section-content\" id=\"content-t692\" itemscope itemprop=\"acceptedAnswer\" itemtype=\"https:\/\/schema.org\/Answer\"><div class=\"w-tabs-section-content-h i-cf\" itemprop=\"text\"><div class=\"wpb_text_column\"><div class=\"wpb_wrapper\"><p>Dat is aan te raden. Baraka heeft een capaciteit van 48 personen en sommige sessies kunnen uitverkocht raken. Online reserveren laat je de beschikbaarheid controleren, een sessie kiezen en het ticket op je telefoon ontvangen.<\/p>\n<\/div><\/div><\/div><\/div><\/div><\/div><\/div><\/div><\/div><\/div><div class=\"vc_col-sm-1\/5 wpb_column vc_column_container\"><div class=\"vc_column-inner\"><div class=\"wpb_wrapper\"><\/div><\/div><\/div><\/div><\/div><\/section>\n","protected":false},"excerpt":{"rendered":"<p>Ontdek Baraka Sala Flamenca, een intieme tablao aan de Calle Pureza in Triana, met livezang, gitaar, dans en \u00e9\u00e9n inbegrepen drankje.<\/p>\n","protected":false},"author":1,"featured_media":11530,"comment_status":"closed","ping_status":"closed","sticky":false,"template":"","format":"standard","meta":{"_acf_changed":false,"wpai_generated_summary":"","_ayudawp_aiss_exclude":false,"_ayudawp_aiss_exclude_summary":false,"_ayudawp_aiss_summary":"","_ayudawp_aiss_summary_provider":"","_ayudawp_aiss_summary_hash":"","footnotes":""},"categories":[352],"tags":[1128,1131,1134],"class_list":["post-14504","post","type-post","status-publish","format-standard","has-post-thumbnail","hentry","category-tablaos-en-flamencoshows","tag-baraka-sala-flamenca","tag-calle-pureza","tag-flamenco-en-triana"],"acf":[],"yoast_head":"<!-- This site is optimized with the Yoast SEO Premium plugin v28.4 (Yoast SEO v28.4) - https:\/\/yoast.com\/product\/yoast-seo-premium-wordpress\/ -->\n<title>Baraka Sala Flamenca: intieme flamenco in Triana | Tablaos Flamencos<\/title>\n<meta name=\"description\" content=\"Ontdek Baraka Sala Flamenca aan de Calle Pureza: intieme flamenco in Triana met vier artiesten, een show van \u00e9\u00e9n uur en \u00e9\u00e9n inbegrepen drankje.\" \/>\n<meta name=\"robots\" content=\"index, follow, max-snippet:-1, max-image-preview:large, max-video-preview:-1\" \/>\n<link rel=\"canonical\" href=\"https:\/\/www.tablaosflamencos.com\/nl\/baraka-sala-flamenca-intieme-flamenco-calle-pureza.html\" \/>\n<meta property=\"og:locale\" content=\"nl_NL\" \/>\n<meta property=\"og:type\" content=\"article\" \/>\n<meta property=\"og:title\" content=\"Baraka Sala Flamenca: intieme flamenco aan de Calle Pureza\" \/>\n<meta property=\"og:description\" content=\"Ontdek Baraka Sala Flamenca aan de Calle Pureza: intieme flamenco in Triana met vier artiesten, een show van \u00e9\u00e9n uur en \u00e9\u00e9n inbegrepen drankje.\" \/>\n<meta property=\"og:url\" content=\"https:\/\/www.tablaosflamencos.com\/nl\/baraka-sala-flamenca-intieme-flamenco-calle-pureza.html\" \/>\n<meta property=\"og:site_name\" content=\"Tablaos Flamencos\" \/>\n<meta property=\"article:publisher\" content=\"https:\/\/www.facebook.com\/tablaosflamencos\" \/>\n<meta property=\"article:published_time\" content=\"2026-09-04T15:20:37+00:00\" \/>\n<meta property=\"article:modified_time\" content=\"2026-09-04T17:09:31+00:00\" \/>\n<meta property=\"og:image\" content=\"https:\/\/www.tablaosflamencos.com\/wp-content\/uploads\/baraka-sala-flamenca-01-2.webp\" \/>\n\t<meta property=\"og:image:width\" content=\"1920\" \/>\n\t<meta property=\"og:image:height\" content=\"1281\" \/>\n\t<meta property=\"og:image:type\" content=\"image\/webp\" \/>\n<meta name=\"author\" content=\"Miguel Ortiz\" \/>\n<meta name=\"twitter:card\" content=\"summary_large_image\" \/>\n<meta name=\"twitter:creator\" content=\"@tablaosflamenco\" \/>\n<meta name=\"twitter:site\" content=\"@tablaosflamenco\" \/>\n<meta name=\"twitter:label1\" content=\"Geschreven door\" \/>\n\t<meta name=\"twitter:data1\" content=\"Miguel Ortiz\" \/>\n\t<meta name=\"twitter:label2\" content=\"Geschatte leestijd\" \/>\n\t<meta name=\"twitter:data2\" content=\"18 minuten\" \/>\n<script type=\"application\/ld+json\" class=\"yoast-schema-graph\">{\"@context\":\"https:\\\/\\\/schema.org\",\"@graph\":[{\"@type\":\"Article\",\"@id\":\"https:\\\/\\\/www.tablaosflamencos.com\\\/nl\\\/baraka-sala-flamenca-intieme-flamenco-calle-pureza.html#article\",\"isPartOf\":{\"@id\":\"https:\\\/\\\/www.tablaosflamencos.com\\\/nl\\\/baraka-sala-flamenca-intieme-flamenco-calle-pureza.html\"},\"author\":{\"name\":\"Miguel Ortiz\",\"@id\":\"https:\\\/\\\/www.tablaosflamencos.com\\\/nl#\\\/schema\\\/person\\\/e7a9ebe14eb75a52ceabfbffb3c54f5d\"},\"headline\":\"Baraka Sala Flamenca: intieme flamenco aan de Calle Pureza\",\"datePublished\":\"2026-09-04T15:20:37+00:00\",\"dateModified\":\"2026-09-04T17:09:31+00:00\",\"mainEntityOfPage\":{\"@id\":\"https:\\\/\\\/www.tablaosflamencos.com\\\/nl\\\/baraka-sala-flamenca-intieme-flamenco-calle-pureza.html\"},\"wordCount\":3633,\"publisher\":{\"@id\":\"https:\\\/\\\/www.tablaosflamencos.com\\\/nl#organization\"},\"image\":{\"@id\":\"https:\\\/\\\/www.tablaosflamencos.com\\\/nl\\\/baraka-sala-flamenca-intieme-flamenco-calle-pureza.html#primaryimage\"},\"thumbnailUrl\":\"https:\\\/\\\/www.tablaosflamencos.com\\\/wp-content\\\/uploads\\\/baraka-sala-flamenca-01-2.webp\",\"keywords\":[\"Baraka Sala Flamenca\",\"calle Pureza\",\"flamenco en Triana\"],\"articleSection\":[\"Tablaos en flamencoshows\"],\"inLanguage\":\"nl-NL\"},{\"@type\":\"WebPage\",\"@id\":\"https:\\\/\\\/www.tablaosflamencos.com\\\/nl\\\/baraka-sala-flamenca-intieme-flamenco-calle-pureza.html\",\"url\":\"https:\\\/\\\/www.tablaosflamencos.com\\\/nl\\\/baraka-sala-flamenca-intieme-flamenco-calle-pureza.html\",\"name\":\"Baraka Sala Flamenca: intieme flamenco in Triana | Tablaos Flamencos\",\"isPartOf\":{\"@id\":\"https:\\\/\\\/www.tablaosflamencos.com\\\/nl#website\"},\"primaryImageOfPage\":{\"@id\":\"https:\\\/\\\/www.tablaosflamencos.com\\\/nl\\\/baraka-sala-flamenca-intieme-flamenco-calle-pureza.html#primaryimage\"},\"image\":{\"@id\":\"https:\\\/\\\/www.tablaosflamencos.com\\\/nl\\\/baraka-sala-flamenca-intieme-flamenco-calle-pureza.html#primaryimage\"},\"thumbnailUrl\":\"https:\\\/\\\/www.tablaosflamencos.com\\\/wp-content\\\/uploads\\\/baraka-sala-flamenca-01-2.webp\",\"datePublished\":\"2026-09-04T15:20:37+00:00\",\"dateModified\":\"2026-09-04T17:09:31+00:00\",\"description\":\"Ontdek Baraka Sala Flamenca aan de Calle Pureza: intieme flamenco in Triana met vier artiesten, een show van \u00e9\u00e9n uur en \u00e9\u00e9n inbegrepen drankje.\",\"breadcrumb\":{\"@id\":\"https:\\\/\\\/www.tablaosflamencos.com\\\/nl\\\/baraka-sala-flamenca-intieme-flamenco-calle-pureza.html#breadcrumb\"},\"inLanguage\":\"nl-NL\",\"potentialAction\":[{\"@type\":\"ReadAction\",\"target\":[\"https:\\\/\\\/www.tablaosflamencos.com\\\/nl\\\/baraka-sala-flamenca-intieme-flamenco-calle-pureza.html\"]}]},{\"@type\":\"ImageObject\",\"inLanguage\":\"nl-NL\",\"@id\":\"https:\\\/\\\/www.tablaosflamencos.com\\\/nl\\\/baraka-sala-flamenca-intieme-flamenco-calle-pureza.html#primaryimage\",\"url\":\"https:\\\/\\\/www.tablaosflamencos.com\\\/wp-content\\\/uploads\\\/baraka-sala-flamenca-01-2.webp\",\"contentUrl\":\"https:\\\/\\\/www.tablaosflamencos.com\\\/wp-content\\\/uploads\\\/baraka-sala-flamenca-01-2.webp\",\"width\":1920,\"height\":1281,\"caption\":\"Baraka Sala Flamenca - Baraka Flamenco show | Tablaos Flamencos\"},{\"@type\":\"BreadcrumbList\",\"@id\":\"https:\\\/\\\/www.tablaosflamencos.com\\\/nl\\\/baraka-sala-flamenca-intieme-flamenco-calle-pureza.html#breadcrumb\",\"itemListElement\":[{\"@type\":\"ListItem\",\"position\":1,\"name\":\"Home\",\"item\":\"https:\\\/\\\/www.tablaosflamencos.com\\\/nl\"},{\"@type\":\"ListItem\",\"position\":2,\"name\":\"Baraka Sala Flamenca: intieme flamenco aan de Calle Pureza\"}]},{\"@type\":\"WebSite\",\"@id\":\"https:\\\/\\\/www.tablaosflamencos.com\\\/nl#website\",\"url\":\"https:\\\/\\\/www.tablaosflamencos.com\\\/nl\",\"name\":\"Tablaos Flamencos\",\"description\":\"Entradas para tablaos flamencos de Espa\u00f1a\",\"publisher\":{\"@id\":\"https:\\\/\\\/www.tablaosflamencos.com\\\/nl#organization\"},\"alternateName\":\"Tablaos Flamencos\",\"potentialAction\":[{\"@type\":\"SearchAction\",\"target\":{\"@type\":\"EntryPoint\",\"urlTemplate\":\"https:\\\/\\\/www.tablaosflamencos.com\\\/nl?s={search_term_string}\"},\"query-input\":{\"@type\":\"PropertyValueSpecification\",\"valueRequired\":true,\"valueName\":\"search_term_string\"}}],\"inLanguage\":\"nl-NL\"},{\"@type\":[\"Organization\",\"Place\",\"EntertainmentBusiness\"],\"@id\":\"https:\\\/\\\/www.tablaosflamencos.com\\\/nl#organization\",\"name\":\"Tablaos Flamencos\",\"alternateName\":\"Tablaos Flamencos\",\"url\":\"https:\\\/\\\/www.tablaosflamencos.com\\\/nl\",\"logo\":{\"@id\":\"https:\\\/\\\/www.tablaosflamencos.com\\\/nl\\\/baraka-sala-flamenca-intieme-flamenco-calle-pureza.html#local-main-organization-logo\"},\"image\":{\"@id\":\"https:\\\/\\\/www.tablaosflamencos.com\\\/nl\\\/baraka-sala-flamenca-intieme-flamenco-calle-pureza.html#local-main-organization-logo\"},\"sameAs\":[\"https:\\\/\\\/www.facebook.com\\\/tablaosflamencos\",\"https:\\\/\\\/x.com\\\/tablaosflamenco\",\"https:\\\/\\\/mastodon.social\\\/@tablaosflamencos\",\"https:\\\/\\\/www.instagram.com\\\/tablaosflamencos\",\"https:\\\/\\\/tiktok.com\\\/@tablaosflamencos\",\"https:\\\/\\\/www.linkedin.com\\\/company\\\/109408238\\\/\"],\"description\":\"Venta de entradas para espect\u00e1culos flamencos\",\"legalName\":\"Tablaos Flamencos\",\"foundingDate\":\"2015-01-01\",\"numberOfEmployees\":{\"@type\":\"QuantitativeValue\",\"minValue\":\"1\",\"maxValue\":\"10\"},\"address\":{\"@id\":\"https:\\\/\\\/www.tablaosflamencos.com\\\/nl\\\/baraka-sala-flamenca-intieme-flamenco-calle-pureza.html#local-main-place-address\"},\"geo\":{\"@type\":\"GeoCoordinates\",\"latitude\":\"37.3868072\",\"longitude\":\"-5.993280299999999\"},\"telephone\":[\"+34623787787\"],\"contactPoint\":{\"@type\":\"ContactPoint\",\"telephone\":\"+34623787787\",\"email\":\"info@tablaosflamencos.com\"},\"openingHoursSpecification\":{\"@type\":\"OpeningHoursSpecification\",\"dayOfWeek\":[\"Monday\",\"Tuesday\",\"Wednesday\",\"Thursday\",\"Friday\",\"Saturday\",\"Sunday\"],\"opens\":\"00:00\",\"closes\":\"23:59\"},\"email\":\"info@tablaosflamencos.com\",\"priceRange\":\"$$$\",\"currenciesAccepted\":\"\u20ac\"},{\"@type\":\"Person\",\"@id\":\"https:\\\/\\\/www.tablaosflamencos.com\\\/nl#\\\/schema\\\/person\\\/e7a9ebe14eb75a52ceabfbffb3c54f5d\",\"name\":\"Miguel Ortiz\",\"description\":\"Miguel Ortiz es un empresario flamenco, con una s\u00f3lida trayectoria dentro del sector. Ha presidido entidades culturales vinculadas al flamenco y, cuenta con un amplio recorrido profesional en la gesti\u00f3n y promoci\u00f3n de espect\u00e1culos y tablaos flamencos. Su pasi\u00f3n por la historia y el arte flamenco se refleja en cada art\u00edculo, donde combina experiencia, criterio y un profundo respeto por la tradici\u00f3n.\",\"sameAs\":[\"https:\\\/\\\/www.tablaosflamencos.com\",\"https:\\\/\\\/www.instagra.com\\\/miguelortizfe\",\"https:\\\/\\\/www.linkedin.com\\\/in\\\/miguelortizf\\\/\"],\"birthDate\":\"1984-11-22\",\"gender\":\"hombre\",\"knowsLanguage\":[\"espa\u00f1ol\",\"ingl\u00e9s\"],\"jobTitle\":\"Empresario flamenco\"},{\"@type\":\"PostalAddress\",\"@id\":\"https:\\\/\\\/www.tablaosflamencos.com\\\/nl\\\/baraka-sala-flamenca-intieme-flamenco-calle-pureza.html#local-main-place-address\",\"streetAddress\":\"C\\\/ Alemanes, 19\",\"addressLocality\":\"Sevilla\",\"postalCode\":\"41004\",\"addressRegion\":\"Sevilla\",\"addressCountry\":\"ES\"},{\"@type\":\"ImageObject\",\"inLanguage\":\"nl-NL\",\"@id\":\"https:\\\/\\\/www.tablaosflamencos.com\\\/nl\\\/baraka-sala-flamenca-intieme-flamenco-calle-pureza.html#local-main-organization-logo\",\"url\":\"https:\\\/\\\/www.tablaosflamencos.com\\\/wp-content\\\/uploads\\\/tablaos-flamencos-06-3.webp\",\"contentUrl\":\"https:\\\/\\\/www.tablaosflamencos.com\\\/wp-content\\\/uploads\\\/tablaos-flamencos-06-3.webp\",\"width\":600,\"height\":620,\"caption\":\"Tablaos Flamencos\"}]}<\/script>\n<meta name=\"geo.placename\" content=\"Sevilla\" \/>\n<meta name=\"geo.position\" content=\"37.3868072;-5.993280299999999\" \/>\n<meta name=\"geo.region\" content=\"Spanje\" \/>\n<!-- \/ Yoast SEO Premium plugin. -->","yoast_head_json":{"title":"Baraka Sala Flamenca: intieme flamenco in Triana | Tablaos Flamencos","description":"Ontdek Baraka Sala Flamenca aan de Calle Pureza: intieme flamenco in Triana met vier artiesten, een show van \u00e9\u00e9n uur en \u00e9\u00e9n inbegrepen drankje.","robots":{"index":"index","follow":"follow","max-snippet":"max-snippet:-1","max-image-preview":"max-image-preview:large","max-video-preview":"max-video-preview:-1"},"canonical":"https:\/\/www.tablaosflamencos.com\/nl\/baraka-sala-flamenca-intieme-flamenco-calle-pureza.html","og_locale":"nl_NL","og_type":"article","og_title":"Baraka Sala Flamenca: intieme flamenco aan de Calle Pureza","og_description":"Ontdek Baraka Sala Flamenca aan de Calle Pureza: intieme flamenco in Triana met vier artiesten, een show van \u00e9\u00e9n uur en \u00e9\u00e9n inbegrepen drankje.","og_url":"https:\/\/www.tablaosflamencos.com\/nl\/baraka-sala-flamenca-intieme-flamenco-calle-pureza.html","og_site_name":"Tablaos Flamencos","article_publisher":"https:\/\/www.facebook.com\/tablaosflamencos","article_published_time":"2026-09-04T15:20:37+00:00","article_modified_time":"2026-09-04T17:09:31+00:00","og_image":[{"width":1920,"height":1281,"url":"https:\/\/www.tablaosflamencos.com\/wp-content\/uploads\/baraka-sala-flamenca-01-2.webp","type":"image\/webp"}],"author":"Miguel Ortiz","twitter_card":"summary_large_image","twitter_creator":"@tablaosflamenco","twitter_site":"@tablaosflamenco","twitter_misc":{"Geschreven door":"Miguel Ortiz","Geschatte leestijd":"18 minuten"},"schema":{"@context":"https:\/\/schema.org","@graph":[{"@type":"Article","@id":"https:\/\/www.tablaosflamencos.com\/nl\/baraka-sala-flamenca-intieme-flamenco-calle-pureza.html#article","isPartOf":{"@id":"https:\/\/www.tablaosflamencos.com\/nl\/baraka-sala-flamenca-intieme-flamenco-calle-pureza.html"},"author":{"name":"Miguel Ortiz","@id":"https:\/\/www.tablaosflamencos.com\/nl#\/schema\/person\/e7a9ebe14eb75a52ceabfbffb3c54f5d"},"headline":"Baraka Sala Flamenca: intieme flamenco aan de Calle Pureza","datePublished":"2026-09-04T15:20:37+00:00","dateModified":"2026-09-04T17:09:31+00:00","mainEntityOfPage":{"@id":"https:\/\/www.tablaosflamencos.com\/nl\/baraka-sala-flamenca-intieme-flamenco-calle-pureza.html"},"wordCount":3633,"publisher":{"@id":"https:\/\/www.tablaosflamencos.com\/nl#organization"},"image":{"@id":"https:\/\/www.tablaosflamencos.com\/nl\/baraka-sala-flamenca-intieme-flamenco-calle-pureza.html#primaryimage"},"thumbnailUrl":"https:\/\/www.tablaosflamencos.com\/wp-content\/uploads\/baraka-sala-flamenca-01-2.webp","keywords":["Baraka Sala Flamenca","calle Pureza","flamenco en Triana"],"articleSection":["Tablaos en flamencoshows"],"inLanguage":"nl-NL"},{"@type":"WebPage","@id":"https:\/\/www.tablaosflamencos.com\/nl\/baraka-sala-flamenca-intieme-flamenco-calle-pureza.html","url":"https:\/\/www.tablaosflamencos.com\/nl\/baraka-sala-flamenca-intieme-flamenco-calle-pureza.html","name":"Baraka Sala Flamenca: intieme flamenco in Triana | Tablaos Flamencos","isPartOf":{"@id":"https:\/\/www.tablaosflamencos.com\/nl#website"},"primaryImageOfPage":{"@id":"https:\/\/www.tablaosflamencos.com\/nl\/baraka-sala-flamenca-intieme-flamenco-calle-pureza.html#primaryimage"},"image":{"@id":"https:\/\/www.tablaosflamencos.com\/nl\/baraka-sala-flamenca-intieme-flamenco-calle-pureza.html#primaryimage"},"thumbnailUrl":"https:\/\/www.tablaosflamencos.com\/wp-content\/uploads\/baraka-sala-flamenca-01-2.webp","datePublished":"2026-09-04T15:20:37+00:00","dateModified":"2026-09-04T17:09:31+00:00","description":"Ontdek Baraka Sala Flamenca aan de Calle Pureza: intieme flamenco in Triana met vier artiesten, een show van \u00e9\u00e9n uur en \u00e9\u00e9n inbegrepen drankje.","breadcrumb":{"@id":"https:\/\/www.tablaosflamencos.com\/nl\/baraka-sala-flamenca-intieme-flamenco-calle-pureza.html#breadcrumb"},"inLanguage":"nl-NL","potentialAction":[{"@type":"ReadAction","target":["https:\/\/www.tablaosflamencos.com\/nl\/baraka-sala-flamenca-intieme-flamenco-calle-pureza.html"]}]},{"@type":"ImageObject","inLanguage":"nl-NL","@id":"https:\/\/www.tablaosflamencos.com\/nl\/baraka-sala-flamenca-intieme-flamenco-calle-pureza.html#primaryimage","url":"https:\/\/www.tablaosflamencos.com\/wp-content\/uploads\/baraka-sala-flamenca-01-2.webp","contentUrl":"https:\/\/www.tablaosflamencos.com\/wp-content\/uploads\/baraka-sala-flamenca-01-2.webp","width":1920,"height":1281,"caption":"Baraka Sala Flamenca - Baraka Flamenco show | Tablaos Flamencos"},{"@type":"BreadcrumbList","@id":"https:\/\/www.tablaosflamencos.com\/nl\/baraka-sala-flamenca-intieme-flamenco-calle-pureza.html#breadcrumb","itemListElement":[{"@type":"ListItem","position":1,"name":"Home","item":"https:\/\/www.tablaosflamencos.com\/nl"},{"@type":"ListItem","position":2,"name":"Baraka Sala Flamenca: intieme flamenco aan de Calle Pureza"}]},{"@type":"WebSite","@id":"https:\/\/www.tablaosflamencos.com\/nl#website","url":"https:\/\/www.tablaosflamencos.com\/nl","name":"Tablaos Flamencos","description":"Entradas para tablaos flamencos de Espa\u00f1a","publisher":{"@id":"https:\/\/www.tablaosflamencos.com\/nl#organization"},"alternateName":"Tablaos Flamencos","potentialAction":[{"@type":"SearchAction","target":{"@type":"EntryPoint","urlTemplate":"https:\/\/www.tablaosflamencos.com\/nl?s={search_term_string}"},"query-input":{"@type":"PropertyValueSpecification","valueRequired":true,"valueName":"search_term_string"}}],"inLanguage":"nl-NL"},{"@type":["Organization","Place","EntertainmentBusiness"],"@id":"https:\/\/www.tablaosflamencos.com\/nl#organization","name":"Tablaos Flamencos","alternateName":"Tablaos Flamencos","url":"https:\/\/www.tablaosflamencos.com\/nl","logo":{"@id":"https:\/\/www.tablaosflamencos.com\/nl\/baraka-sala-flamenca-intieme-flamenco-calle-pureza.html#local-main-organization-logo"},"image":{"@id":"https:\/\/www.tablaosflamencos.com\/nl\/baraka-sala-flamenca-intieme-flamenco-calle-pureza.html#local-main-organization-logo"},"sameAs":["https:\/\/www.facebook.com\/tablaosflamencos","https:\/\/x.com\/tablaosflamenco","https:\/\/mastodon.social\/@tablaosflamencos","https:\/\/www.instagram.com\/tablaosflamencos","https:\/\/tiktok.com\/@tablaosflamencos","https:\/\/www.linkedin.com\/company\/109408238\/"],"description":"Venta de entradas para espect\u00e1culos flamencos","legalName":"Tablaos Flamencos","foundingDate":"2015-01-01","numberOfEmployees":{"@type":"QuantitativeValue","minValue":"1","maxValue":"10"},"address":{"@id":"https:\/\/www.tablaosflamencos.com\/nl\/baraka-sala-flamenca-intieme-flamenco-calle-pureza.html#local-main-place-address"},"geo":{"@type":"GeoCoordinates","latitude":"37.3868072","longitude":"-5.993280299999999"},"telephone":["+34623787787"],"contactPoint":{"@type":"ContactPoint","telephone":"+34623787787","email":"info@tablaosflamencos.com"},"openingHoursSpecification":{"@type":"OpeningHoursSpecification","dayOfWeek":["Monday","Tuesday","Wednesday","Thursday","Friday","Saturday","Sunday"],"opens":"00:00","closes":"23:59"},"email":"info@tablaosflamencos.com","priceRange":"$$$","currenciesAccepted":"\u20ac"},{"@type":"Person","@id":"https:\/\/www.tablaosflamencos.com\/nl#\/schema\/person\/e7a9ebe14eb75a52ceabfbffb3c54f5d","name":"Miguel Ortiz","description":"Miguel Ortiz es un empresario flamenco, con una s\u00f3lida trayectoria dentro del sector. Ha presidido entidades culturales vinculadas al flamenco y, cuenta con un amplio recorrido profesional en la gesti\u00f3n y promoci\u00f3n de espect\u00e1culos y tablaos flamencos. Su pasi\u00f3n por la historia y el arte flamenco se refleja en cada art\u00edculo, donde combina experiencia, criterio y un profundo respeto por la tradici\u00f3n.","sameAs":["https:\/\/www.tablaosflamencos.com","https:\/\/www.instagra.com\/miguelortizfe","https:\/\/www.linkedin.com\/in\/miguelortizf\/"],"birthDate":"1984-11-22","gender":"hombre","knowsLanguage":["espa\u00f1ol","ingl\u00e9s"],"jobTitle":"Empresario flamenco"},{"@type":"PostalAddress","@id":"https:\/\/www.tablaosflamencos.com\/nl\/baraka-sala-flamenca-intieme-flamenco-calle-pureza.html#local-main-place-address","streetAddress":"C\/ Alemanes, 19","addressLocality":"Sevilla","postalCode":"41004","addressRegion":"Sevilla","addressCountry":"ES"},{"@type":"ImageObject","inLanguage":"nl-NL","@id":"https:\/\/www.tablaosflamencos.com\/nl\/baraka-sala-flamenca-intieme-flamenco-calle-pureza.html#local-main-organization-logo","url":"https:\/\/www.tablaosflamencos.com\/wp-content\/uploads\/tablaos-flamencos-06-3.webp","contentUrl":"https:\/\/www.tablaosflamencos.com\/wp-content\/uploads\/tablaos-flamencos-06-3.webp","width":600,"height":620,"caption":"Tablaos Flamencos"}]},"geo.placename":"Sevilla","geo.position":{"lat":"37.3868072","long":"-5.993280299999999"},"geo.region":"Spanje"},"_links":{"self":[{"href":"https:\/\/www.tablaosflamencos.com\/nl\/wp-json\/wp\/v2\/posts\/14504","targetHints":{"allow":["GET"]}}],"collection":[{"href":"https:\/\/www.tablaosflamencos.com\/nl\/wp-json\/wp\/v2\/posts"}],"about":[{"href":"https:\/\/www.tablaosflamencos.com\/nl\/wp-json\/wp\/v2\/types\/post"}],"author":[{"embeddable":true,"href":"https:\/\/www.tablaosflamencos.com\/nl\/wp-json\/wp\/v2\/users\/1"}],"replies":[{"embeddable":true,"href":"https:\/\/www.tablaosflamencos.com\/nl\/wp-json\/wp\/v2\/comments?post=14504"}],"version-history":[{"count":5,"href":"https:\/\/www.tablaosflamencos.com\/nl\/wp-json\/wp\/v2\/posts\/14504\/revisions"}],"predecessor-version":[{"id":14579,"href":"https:\/\/www.tablaosflamencos.com\/nl\/wp-json\/wp\/v2\/posts\/14504\/revisions\/14579"}],"wp:featuredmedia":[{"embeddable":true,"href":"https:\/\/www.tablaosflamencos.com\/nl\/wp-json\/wp\/v2\/media\/11530"}],"wp:attachment":[{"href":"https:\/\/www.tablaosflamencos.com\/nl\/wp-json\/wp\/v2\/media?parent=14504"}],"wp:term":[{"taxonomy":"category","embeddable":true,"href":"https:\/\/www.tablaosflamencos.com\/nl\/wp-json\/wp\/v2\/categories?post=14504"},{"taxonomy":"post_tag","embeddable":true,"href":"https:\/\/www.tablaosflamencos.com\/nl\/wp-json\/wp\/v2\/tags?post=14504"}],"curies":[{"name":"wp","href":"https:\/\/api.w.org\/{rel}","templated":true}]}}