{"id":14486,"date":"2026-01-30T18:17:22","date_gmt":"2026-01-30T17:17:22","guid":{"rendered":"https:\/\/www.tablaosflamencos.com\/?p=14486"},"modified":"2026-09-04T18:41:40","modified_gmt":"2026-09-04T16:41:40","slug":"centro-flamenco-sevilla-ontmoetingsplek-flamenco","status":"publish","type":"post","link":"https:\/\/www.tablaosflamencos.com\/nl\/centro-flamenco-sevilla-ontmoetingsplek-flamenco.html","title":{"rendered":"Toen Centro Flamenco de Sevilla een ontmoetingsplek voor flamenco in de stad was"},"content":{"rendered":"<section class=\"l-section wpb_row height_huge\"><div class=\"l-section-h i-cf\"><div class=\"g-cols vc_row via_flex valign_top type_default stacking_default\"><div class=\"vc_col-sm-6 wpb_column vc_column_container\"><div class=\"vc_column-inner\"><div class=\"wpb_wrapper\"><div class=\"wpb_text_column\"><div class=\"wpb_wrapper\"><h2>Toen Centro Flamenco de Sevilla een ontmoetingsplek voor flamenco in de stad was<\/h2>\n<p>Iets meer dan twee jaar lang bevond zich op nummer 33 van calle Francos, op enkele minuten van de kathedraal en de Giralda, een kleine zaal die een heel bijzondere plek innam in het flamenco-ecosysteem van Sevilla. Het <strong>Centro Flamenco de Sevilla<\/strong> opende in 2022 als een intieme plek om zang, dans en gitaar van dichtbij te beleven, maar groeide mettertijd uit tot iets dat moeilijker te meten is: <strong>een ontmoetingsplek voor artiesten, professionals uit de sector, liefhebbers en bezoekers die verbonden waren door dezelfde gesprekken rond flamenco<\/strong>.<\/p>\n<p>De geringe omvang was een van de bepalende kenmerken. In de toeristische documentatie van de stad stond het vermeld met <strong>32 plaatsen<\/strong> en dagelijkse voorstellingen om 18.00 en 20.00 uur. Binnen koos het artistieke concept voor een andere schaal: echte nabijheid, akoestische uitvoering en een directe relatie tussen podium en publiek.<\/p>\n<p>Die nabijheid zorgde ervoor dat veel voorstellingen niet aanvoelden als iets dat op afstand werd bekeken, maar als een gedeelde ervaring. En wanneer de laatste voorstelling eindigde, begon vaak een ander deel van het leven in het centrum: het deel dat in geen enkel programma stond.<\/p>\n<\/div><\/div><\/div><\/div><\/div><div class=\"vc_col-sm-6 wpb_column vc_column_container\"><div class=\"vc_column-inner\"><div class=\"wpb_wrapper\"><div class=\"w-image us_custom_8ec565b2 has_aspect_ratio align_center\"><div class=\"w-image-h\"><img fetchpriority=\"high\" decoding=\"async\" width=\"1024\" height=\"665\" src=\"https:\/\/www.tablaosflamencos.com\/wp-content\/uploads\/centro-flamenco-de-sevilla-01-21-1024x665.webp\" class=\"attachment-large size-large\" alt=\"Centro Flamenco de Sevilla\" loading=\"eager\" srcset=\"https:\/\/www.tablaosflamencos.com\/wp-content\/uploads\/centro-flamenco-de-sevilla-01-21-1024x665.webp 1024w, https:\/\/www.tablaosflamencos.com\/wp-content\/uploads\/centro-flamenco-de-sevilla-01-21-300x195.webp 300w, https:\/\/www.tablaosflamencos.com\/wp-content\/uploads\/centro-flamenco-de-sevilla-01-21-1536x997.webp 1536w, https:\/\/www.tablaosflamencos.com\/wp-content\/uploads\/centro-flamenco-de-sevilla-01-21-600x389.webp 600w, https:\/\/www.tablaosflamencos.com\/wp-content\/uploads\/centro-flamenco-de-sevilla-01-21-150x97.webp 150w, https:\/\/www.tablaosflamencos.com\/wp-content\/uploads\/centro-flamenco-de-sevilla-01-21.webp 1920w\" sizes=\"auto, (max-width: 1024px) 100vw, 1024px\" \/><\/div><\/div><\/div><\/div><\/div><\/div><\/div><\/section><section class=\"l-section wpb_row height_huge\"><div class=\"l-section-h i-cf\"><div class=\"g-cols vc_row via_flex valign_top type_default stacking_default\"><div class=\"vc_col-sm-6 wpb_column vc_column_container\"><div class=\"vc_column-inner\"><div class=\"wpb_wrapper\"><div class=\"w-image us_custom_89826a5b has_aspect_ratio align_center\"><div class=\"w-image-h\"><img decoding=\"async\" width=\"1024\" height=\"683\" src=\"https:\/\/www.tablaosflamencos.com\/wp-content\/uploads\/centro-flamenco-de-sevilla-01-42-1024x683.webp\" class=\"attachment-large size-large\" alt=\"Centro Flamenco de Sevilla\" loading=\"eager\" srcset=\"https:\/\/www.tablaosflamencos.com\/wp-content\/uploads\/centro-flamenco-de-sevilla-01-42-1024x683.webp 1024w, https:\/\/www.tablaosflamencos.com\/wp-content\/uploads\/centro-flamenco-de-sevilla-01-42-300x200.webp 300w, https:\/\/www.tablaosflamencos.com\/wp-content\/uploads\/centro-flamenco-de-sevilla-01-42-1536x1024.webp 1536w, https:\/\/www.tablaosflamencos.com\/wp-content\/uploads\/centro-flamenco-de-sevilla-01-42-600x400.webp 600w, https:\/\/www.tablaosflamencos.com\/wp-content\/uploads\/centro-flamenco-de-sevilla-01-42-150x100.webp 150w, https:\/\/www.tablaosflamencos.com\/wp-content\/uploads\/centro-flamenco-de-sevilla-01-42.webp 1920w\" sizes=\"auto, (max-width: 1024px) 100vw, 1024px\" \/><\/div><\/div><\/div><\/div><\/div><div class=\"vc_col-sm-6 wpb_column vc_column_container\"><div class=\"vc_column-inner\"><div class=\"wpb_wrapper\"><div class=\"wpb_text_column\"><div class=\"wpb_wrapper\"><h3>Een kleine zaal met veel leven eromheen<\/h3>\n<ul>\n<li><strong>Oprichting:<\/strong> 2022.<\/li>\n<li><strong>Locatie:<\/strong> C\/ Francos 33, midden in het historische centrum.<\/li>\n<li><strong>Capaciteit:<\/strong> 32 personen volgens de toeristische documentatie van Sevilla.<\/li>\n<li><strong>Formule:<\/strong> een intieme, akoestische zaal zonder dat versterking nodig was om de ervaring te dragen.<\/li>\n<li><strong>Leiding:<\/strong> opgericht en geleid door Miguel Ortiz, verantwoordelijk voor de algemene en artistieke leiding.<\/li>\n<li><strong>Periode:<\/strong> iets meer dan twee jaar actief, tot de sluiting vanwege stedenbouwkundige kwesties rond het pand.<\/li>\n<li><strong>Identiteit:<\/strong> het samenzijn van gevestigde artiesten en jonge, veelbelovende performers.<\/li>\n<\/ul>\n<p><strong>Meer dan een tablao:<\/strong> de waarde van de plek zat niet alleen in wat er tijdens het uur durende optreden gebeurde, maar ook in de professionele en menselijke relaties die voor en na iedere voorstelling ontstonden.<\/p>\n<\/div><\/div><\/div><\/div><\/div><\/div><\/div><\/section><section class=\"l-section wpb_row height_huge\"><div class=\"l-section-h i-cf\"><div class=\"g-cols vc_row via_flex valign_top type_default stacking_default\"><div class=\"vc_col-sm-12 wpb_column vc_column_container\"><div class=\"vc_column-inner\"><div class=\"wpb_wrapper\"><div class=\"w-grid us_post_list type_grid layout_gallery_default cols_5 preload_style_spinner items_have_ratio\" id=\"us_post_list_xb57\" style=\"--columns:5;--gap:0.5rem;--img-aspect-ratio:1\/1;--item-aspect-ratio:1\/1;\"><style>@media (max-width:1024px){#us_post_list_xb57{--columns:2!important}}@media (max-width:600px){#us_post_list_xb57{--columns:1!important}}.layout_gallery_default .w-grid-item-h{}<\/style><div class=\"w-grid-list\">\t<article class=\"w-grid-item size_1x1 post-14421 attachment type-attachment status-inherit hentry\" data-id=\"14421\">\r\n\t\t<div class=\"w-grid-item-h\">\r\n\t\t\t\t\t\t\t<a ref=\"magnificPopupList\" data-alt=\"Centro Flamenco de Sevilla\" href=\"https:\/\/www.tablaosflamencos.com\/wp-content\/uploads\/centro-flamenco-de-sevilla-01-14.webp\" class=\"w-grid-item-anchor\" aria-label=\"Centro Flamenco de Sevilla\"><\/a>\r\n\t\t\t\t\t\t<div class=\"w-post-elm post_image usg_post_image_1 stretched\"><img decoding=\"async\" width=\"600\" height=\"400\" src=\"https:\/\/www.tablaosflamencos.com\/wp-content\/uploads\/centro-flamenco-de-sevilla-01-14-600x400.webp\" class=\"attachment-us_600_600 size-us_600_600\" alt=\"Centro Flamenco de Sevilla\" srcset=\"https:\/\/www.tablaosflamencos.com\/wp-content\/uploads\/centro-flamenco-de-sevilla-01-14-600x400.webp 600w, https:\/\/www.tablaosflamencos.com\/wp-content\/uploads\/centro-flamenco-de-sevilla-01-14-300x200.webp 300w, https:\/\/www.tablaosflamencos.com\/wp-content\/uploads\/centro-flamenco-de-sevilla-01-14-1024x683.webp 1024w, https:\/\/www.tablaosflamencos.com\/wp-content\/uploads\/centro-flamenco-de-sevilla-01-14-1536x1024.webp 1536w, https:\/\/www.tablaosflamencos.com\/wp-content\/uploads\/centro-flamenco-de-sevilla-01-14-150x100.webp 150w, https:\/\/www.tablaosflamencos.com\/wp-content\/uploads\/centro-flamenco-de-sevilla-01-14.webp 1920w\" sizes=\"(max-width: 600px) 100vw, 600px\" loading=\"eager\" \/><\/div>\t\t<\/div>\r\n\t\t\t<\/article>\r\n\t<article class=\"w-grid-item size_1x1 post-14456 attachment type-attachment status-inherit hentry\" data-id=\"14456\">\r\n\t\t<div class=\"w-grid-item-h\">\r\n\t\t\t\t\t\t\t<a ref=\"magnificPopupList\" data-alt=\"Centro Flamenco de Sevilla\" href=\"https:\/\/www.tablaosflamencos.com\/wp-content\/uploads\/centro-flamenco-de-sevilla-01-49.webp\" class=\"w-grid-item-anchor\" aria-label=\"Centro Flamenco de Sevilla\"><\/a>\r\n\t\t\t\t\t\t<div class=\"w-post-elm post_image usg_post_image_1 stretched\"><img decoding=\"async\" width=\"600\" height=\"400\" src=\"https:\/\/www.tablaosflamencos.com\/wp-content\/uploads\/centro-flamenco-de-sevilla-01-49-600x400.webp\" class=\"attachment-us_600_600 size-us_600_600\" alt=\"Centro Flamenco de Sevilla\" srcset=\"https:\/\/www.tablaosflamencos.com\/wp-content\/uploads\/centro-flamenco-de-sevilla-01-49-600x400.webp 600w, https:\/\/www.tablaosflamencos.com\/wp-content\/uploads\/centro-flamenco-de-sevilla-01-49-300x200.webp 300w, https:\/\/www.tablaosflamencos.com\/wp-content\/uploads\/centro-flamenco-de-sevilla-01-49-1024x683.webp 1024w, https:\/\/www.tablaosflamencos.com\/wp-content\/uploads\/centro-flamenco-de-sevilla-01-49-1536x1024.webp 1536w, https:\/\/www.tablaosflamencos.com\/wp-content\/uploads\/centro-flamenco-de-sevilla-01-49-150x100.webp 150w, https:\/\/www.tablaosflamencos.com\/wp-content\/uploads\/centro-flamenco-de-sevilla-01-49.webp 1920w\" sizes=\"(max-width: 600px) 100vw, 600px\" loading=\"eager\" \/><\/div>\t\t<\/div>\r\n\t\t\t<\/article>\r\n\t<article class=\"w-grid-item size_1x1 post-14464 attachment type-attachment status-inherit hentry\" data-id=\"14464\">\r\n\t\t<div class=\"w-grid-item-h\">\r\n\t\t\t\t\t\t\t<a ref=\"magnificPopupList\" data-alt=\"Centro Flamenco de Sevilla\" href=\"https:\/\/www.tablaosflamencos.com\/wp-content\/uploads\/centro-flamenco-de-sevilla-01-57.webp\" class=\"w-grid-item-anchor\" aria-label=\"Centro Flamenco de Sevilla\"><\/a>\r\n\t\t\t\t\t\t<div class=\"w-post-elm post_image usg_post_image_1 stretched\"><img decoding=\"async\" width=\"600\" height=\"400\" src=\"https:\/\/www.tablaosflamencos.com\/wp-content\/uploads\/centro-flamenco-de-sevilla-01-57-600x400.webp\" class=\"attachment-us_600_600 size-us_600_600\" alt=\"Centro Flamenco de Sevilla\" srcset=\"https:\/\/www.tablaosflamencos.com\/wp-content\/uploads\/centro-flamenco-de-sevilla-01-57-600x400.webp 600w, https:\/\/www.tablaosflamencos.com\/wp-content\/uploads\/centro-flamenco-de-sevilla-01-57-300x200.webp 300w, https:\/\/www.tablaosflamencos.com\/wp-content\/uploads\/centro-flamenco-de-sevilla-01-57-1024x683.webp 1024w, https:\/\/www.tablaosflamencos.com\/wp-content\/uploads\/centro-flamenco-de-sevilla-01-57-1536x1024.webp 1536w, https:\/\/www.tablaosflamencos.com\/wp-content\/uploads\/centro-flamenco-de-sevilla-01-57-150x100.webp 150w, https:\/\/www.tablaosflamencos.com\/wp-content\/uploads\/centro-flamenco-de-sevilla-01-57.webp 1920w\" sizes=\"(max-width: 600px) 100vw, 600px\" loading=\"eager\" \/><\/div>\t\t<\/div>\r\n\t\t\t<\/article>\r\n\t<article class=\"w-grid-item size_1x1 post-14442 attachment type-attachment status-inherit hentry\" data-id=\"14442\">\r\n\t\t<div class=\"w-grid-item-h\">\r\n\t\t\t\t\t\t\t<a ref=\"magnificPopupList\" data-alt=\"Centro Flamenco de Sevilla\" href=\"https:\/\/www.tablaosflamencos.com\/wp-content\/uploads\/centro-flamenco-de-sevilla-01-35.webp\" class=\"w-grid-item-anchor\" aria-label=\"Centro Flamenco de Sevilla\"><\/a>\r\n\t\t\t\t\t\t<div class=\"w-post-elm post_image usg_post_image_1 stretched\"><img decoding=\"async\" width=\"600\" height=\"400\" src=\"https:\/\/www.tablaosflamencos.com\/wp-content\/uploads\/centro-flamenco-de-sevilla-01-35-600x400.webp\" class=\"attachment-us_600_600 size-us_600_600\" alt=\"Centro Flamenco de Sevilla\" srcset=\"https:\/\/www.tablaosflamencos.com\/wp-content\/uploads\/centro-flamenco-de-sevilla-01-35-600x400.webp 600w, https:\/\/www.tablaosflamencos.com\/wp-content\/uploads\/centro-flamenco-de-sevilla-01-35-300x200.webp 300w, https:\/\/www.tablaosflamencos.com\/wp-content\/uploads\/centro-flamenco-de-sevilla-01-35-1024x683.webp 1024w, https:\/\/www.tablaosflamencos.com\/wp-content\/uploads\/centro-flamenco-de-sevilla-01-35-1536x1024.webp 1536w, https:\/\/www.tablaosflamencos.com\/wp-content\/uploads\/centro-flamenco-de-sevilla-01-35-150x100.webp 150w, https:\/\/www.tablaosflamencos.com\/wp-content\/uploads\/centro-flamenco-de-sevilla-01-35.webp 1920w\" sizes=\"(max-width: 600px) 100vw, 600px\" loading=\"eager\" \/><\/div>\t\t<\/div>\r\n\t\t\t<\/article>\r\n\t<article class=\"w-grid-item size_1x1 post-14420 attachment type-attachment status-inherit hentry\" data-id=\"14420\">\r\n\t\t<div class=\"w-grid-item-h\">\r\n\t\t\t\t\t\t\t<a ref=\"magnificPopupList\" data-alt=\"Centro Flamenco de Sevilla\" href=\"https:\/\/www.tablaosflamencos.com\/wp-content\/uploads\/centro-flamenco-de-sevilla-01-13.webp\" class=\"w-grid-item-anchor\" aria-label=\"Centro Flamenco de Sevilla\"><\/a>\r\n\t\t\t\t\t\t<div class=\"w-post-elm post_image usg_post_image_1 stretched\"><img decoding=\"async\" width=\"600\" height=\"400\" src=\"https:\/\/www.tablaosflamencos.com\/wp-content\/uploads\/centro-flamenco-de-sevilla-01-13-600x400.webp\" class=\"attachment-us_600_600 size-us_600_600\" alt=\"Centro Flamenco de Sevilla\" srcset=\"https:\/\/www.tablaosflamencos.com\/wp-content\/uploads\/centro-flamenco-de-sevilla-01-13-600x400.webp 600w, https:\/\/www.tablaosflamencos.com\/wp-content\/uploads\/centro-flamenco-de-sevilla-01-13-300x200.webp 300w, https:\/\/www.tablaosflamencos.com\/wp-content\/uploads\/centro-flamenco-de-sevilla-01-13-1024x683.webp 1024w, https:\/\/www.tablaosflamencos.com\/wp-content\/uploads\/centro-flamenco-de-sevilla-01-13-1536x1024.webp 1536w, https:\/\/www.tablaosflamencos.com\/wp-content\/uploads\/centro-flamenco-de-sevilla-01-13-150x100.webp 150w, https:\/\/www.tablaosflamencos.com\/wp-content\/uploads\/centro-flamenco-de-sevilla-01-13.webp 1920w\" sizes=\"(max-width: 600px) 100vw, 600px\" loading=\"eager\" \/><\/div>\t\t<\/div>\r\n\t\t\t<\/article>\r\n\t<article class=\"w-grid-item size_1x1 post-14432 attachment type-attachment status-inherit hentry\" data-id=\"14432\">\r\n\t\t<div class=\"w-grid-item-h\">\r\n\t\t\t\t\t\t\t<a ref=\"magnificPopupList\" data-alt=\"Centro Flamenco de Sevilla\" href=\"https:\/\/www.tablaosflamencos.com\/wp-content\/uploads\/centro-flamenco-de-sevilla-01-25.webp\" class=\"w-grid-item-anchor\" aria-label=\"Centro Flamenco de Sevilla\"><\/a>\r\n\t\t\t\t\t\t<div class=\"w-post-elm post_image usg_post_image_1 stretched\"><img decoding=\"async\" width=\"600\" height=\"400\" src=\"https:\/\/www.tablaosflamencos.com\/wp-content\/uploads\/centro-flamenco-de-sevilla-01-25-600x400.webp\" class=\"attachment-us_600_600 size-us_600_600\" alt=\"Centro Flamenco de Sevilla\" srcset=\"https:\/\/www.tablaosflamencos.com\/wp-content\/uploads\/centro-flamenco-de-sevilla-01-25-600x400.webp 600w, https:\/\/www.tablaosflamencos.com\/wp-content\/uploads\/centro-flamenco-de-sevilla-01-25-300x200.webp 300w, https:\/\/www.tablaosflamencos.com\/wp-content\/uploads\/centro-flamenco-de-sevilla-01-25-1024x683.webp 1024w, https:\/\/www.tablaosflamencos.com\/wp-content\/uploads\/centro-flamenco-de-sevilla-01-25-1536x1024.webp 1536w, https:\/\/www.tablaosflamencos.com\/wp-content\/uploads\/centro-flamenco-de-sevilla-01-25-150x100.webp 150w, https:\/\/www.tablaosflamencos.com\/wp-content\/uploads\/centro-flamenco-de-sevilla-01-25.webp 1920w\" sizes=\"(max-width: 600px) 100vw, 600px\" loading=\"eager\" \/><\/div>\t\t<\/div>\r\n\t\t\t<\/article>\r\n\t<article class=\"w-grid-item size_1x1 post-14451 attachment type-attachment status-inherit hentry\" data-id=\"14451\">\r\n\t\t<div class=\"w-grid-item-h\">\r\n\t\t\t\t\t\t\t<a ref=\"magnificPopupList\" data-alt=\"Centro Flamenco de Sevilla\" href=\"https:\/\/www.tablaosflamencos.com\/wp-content\/uploads\/centro-flamenco-de-sevilla-01-44.webp\" class=\"w-grid-item-anchor\" aria-label=\"Centro Flamenco de Sevilla\"><\/a>\r\n\t\t\t\t\t\t<div class=\"w-post-elm post_image usg_post_image_1 stretched\"><img decoding=\"async\" width=\"600\" height=\"400\" src=\"https:\/\/www.tablaosflamencos.com\/wp-content\/uploads\/centro-flamenco-de-sevilla-01-44-600x400.webp\" class=\"attachment-us_600_600 size-us_600_600\" alt=\"Centro Flamenco de Sevilla\" srcset=\"https:\/\/www.tablaosflamencos.com\/wp-content\/uploads\/centro-flamenco-de-sevilla-01-44-600x400.webp 600w, https:\/\/www.tablaosflamencos.com\/wp-content\/uploads\/centro-flamenco-de-sevilla-01-44-300x200.webp 300w, https:\/\/www.tablaosflamencos.com\/wp-content\/uploads\/centro-flamenco-de-sevilla-01-44-1024x683.webp 1024w, https:\/\/www.tablaosflamencos.com\/wp-content\/uploads\/centro-flamenco-de-sevilla-01-44-1536x1024.webp 1536w, https:\/\/www.tablaosflamencos.com\/wp-content\/uploads\/centro-flamenco-de-sevilla-01-44-150x100.webp 150w, https:\/\/www.tablaosflamencos.com\/wp-content\/uploads\/centro-flamenco-de-sevilla-01-44.webp 1920w\" sizes=\"(max-width: 600px) 100vw, 600px\" loading=\"eager\" \/><\/div>\t\t<\/div>\r\n\t\t\t<\/article>\r\n\t<article class=\"w-grid-item size_1x1 post-14441 attachment type-attachment status-inherit hentry\" data-id=\"14441\">\r\n\t\t<div class=\"w-grid-item-h\">\r\n\t\t\t\t\t\t\t<a ref=\"magnificPopupList\" data-alt=\"Centro Flamenco de Sevilla\" href=\"https:\/\/www.tablaosflamencos.com\/wp-content\/uploads\/centro-flamenco-de-sevilla-01-34.webp\" class=\"w-grid-item-anchor\" aria-label=\"Centro Flamenco de Sevilla\"><\/a>\r\n\t\t\t\t\t\t<div class=\"w-post-elm post_image usg_post_image_1 stretched\"><img decoding=\"async\" width=\"600\" height=\"400\" src=\"https:\/\/www.tablaosflamencos.com\/wp-content\/uploads\/centro-flamenco-de-sevilla-01-34-600x400.webp\" class=\"attachment-us_600_600 size-us_600_600\" alt=\"Centro Flamenco de Sevilla\" srcset=\"https:\/\/www.tablaosflamencos.com\/wp-content\/uploads\/centro-flamenco-de-sevilla-01-34-600x400.webp 600w, https:\/\/www.tablaosflamencos.com\/wp-content\/uploads\/centro-flamenco-de-sevilla-01-34-300x200.webp 300w, https:\/\/www.tablaosflamencos.com\/wp-content\/uploads\/centro-flamenco-de-sevilla-01-34-1024x683.webp 1024w, https:\/\/www.tablaosflamencos.com\/wp-content\/uploads\/centro-flamenco-de-sevilla-01-34-1536x1024.webp 1536w, https:\/\/www.tablaosflamencos.com\/wp-content\/uploads\/centro-flamenco-de-sevilla-01-34-150x100.webp 150w, https:\/\/www.tablaosflamencos.com\/wp-content\/uploads\/centro-flamenco-de-sevilla-01-34.webp 1920w\" sizes=\"(max-width: 600px) 100vw, 600px\" loading=\"eager\" \/><\/div>\t\t<\/div>\r\n\t\t\t<\/article>\r\n\t<article class=\"w-grid-item size_1x1 post-14458 attachment type-attachment status-inherit hentry\" data-id=\"14458\">\r\n\t\t<div class=\"w-grid-item-h\">\r\n\t\t\t\t\t\t\t<a ref=\"magnificPopupList\" data-alt=\"Centro Flamenco de Sevilla\" href=\"https:\/\/www.tablaosflamencos.com\/wp-content\/uploads\/centro-flamenco-de-sevilla-01-51.webp\" class=\"w-grid-item-anchor\" aria-label=\"Centro Flamenco de Sevilla\"><\/a>\r\n\t\t\t\t\t\t<div class=\"w-post-elm post_image usg_post_image_1 stretched\"><img decoding=\"async\" width=\"400\" height=\"600\" src=\"https:\/\/www.tablaosflamencos.com\/wp-content\/uploads\/centro-flamenco-de-sevilla-01-51-400x600.webp\" class=\"attachment-us_600_600 size-us_600_600\" alt=\"Centro Flamenco de Sevilla\" srcset=\"https:\/\/www.tablaosflamencos.com\/wp-content\/uploads\/centro-flamenco-de-sevilla-01-51-400x600.webp 400w, https:\/\/www.tablaosflamencos.com\/wp-content\/uploads\/centro-flamenco-de-sevilla-01-51-200x300.webp 200w, https:\/\/www.tablaosflamencos.com\/wp-content\/uploads\/centro-flamenco-de-sevilla-01-51-683x1024.webp 683w, https:\/\/www.tablaosflamencos.com\/wp-content\/uploads\/centro-flamenco-de-sevilla-01-51-1025x1536.webp 1025w, https:\/\/www.tablaosflamencos.com\/wp-content\/uploads\/centro-flamenco-de-sevilla-01-51-100x150.webp 100w, https:\/\/www.tablaosflamencos.com\/wp-content\/uploads\/centro-flamenco-de-sevilla-01-51.webp 1281w\" sizes=\"(max-width: 400px) 100vw, 400px\" loading=\"eager\" \/><\/div>\t\t<\/div>\r\n\t\t\t<\/article>\r\n\t<article class=\"w-grid-item size_1x1 post-14443 attachment type-attachment status-inherit hentry\" data-id=\"14443\">\r\n\t\t<div class=\"w-grid-item-h\">\r\n\t\t\t\t\t\t\t<a ref=\"magnificPopupList\" data-alt=\"Centro Flamenco de Sevilla\" href=\"https:\/\/www.tablaosflamencos.com\/wp-content\/uploads\/centro-flamenco-de-sevilla-01-36.webp\" class=\"w-grid-item-anchor\" aria-label=\"Centro Flamenco de Sevilla\"><\/a>\r\n\t\t\t\t\t\t<div class=\"w-post-elm post_image usg_post_image_1 stretched\"><img decoding=\"async\" width=\"600\" height=\"400\" src=\"https:\/\/www.tablaosflamencos.com\/wp-content\/uploads\/centro-flamenco-de-sevilla-01-36-600x400.webp\" class=\"attachment-us_600_600 size-us_600_600\" alt=\"Centro Flamenco de Sevilla\" srcset=\"https:\/\/www.tablaosflamencos.com\/wp-content\/uploads\/centro-flamenco-de-sevilla-01-36-600x400.webp 600w, https:\/\/www.tablaosflamencos.com\/wp-content\/uploads\/centro-flamenco-de-sevilla-01-36-300x200.webp 300w, https:\/\/www.tablaosflamencos.com\/wp-content\/uploads\/centro-flamenco-de-sevilla-01-36-1024x683.webp 1024w, https:\/\/www.tablaosflamencos.com\/wp-content\/uploads\/centro-flamenco-de-sevilla-01-36-1536x1024.webp 1536w, https:\/\/www.tablaosflamencos.com\/wp-content\/uploads\/centro-flamenco-de-sevilla-01-36-150x100.webp 150w, https:\/\/www.tablaosflamencos.com\/wp-content\/uploads\/centro-flamenco-de-sevilla-01-36.webp 1920w\" sizes=\"(max-width: 600px) 100vw, 600px\" loading=\"eager\" \/><\/div>\t\t<\/div>\r\n\t\t\t<\/article>\r\n<\/div><div class=\"g-preloader type_1\"><div><\/div><\/div><div class=\"w-grid-list-json hidden\" onclick='return {&quot;max_num_pages&quot;:0,&quot;paginationBase&quot;:&quot;page&quot;,&quot;pagination&quot;:&quot;none&quot;,&quot;paged&quot;:1,&quot;ajaxData&quot;:{&quot;action&quot;:&quot;us_ajax_post_list&quot;,&quot;meta_type&quot;:&quot;post&quot;,&quot;object_id&quot;:0,&quot;template_vars&quot;:{&quot;shortcode_base&quot;:&quot;us_post_list&quot;,&quot;paged&quot;:1,&quot;max_num_pages&quot;:0,&quot;no_results&quot;:false,&quot;us_post_content_design_css&quot;:[],&quot;found_posts&quot;:0,&quot;per_page&quot;:10,&quot;items_count&quot;:10,&quot;orderby_random_seed&quot;:1190631802,&quot;source&quot;:&quot;media&quot;,&quot;custom_field_name&quot;:&quot;&quot;,&quot;ids&quot;:&quot;&quot;,&quot;post_type&quot;:&quot;post&quot;,&quot;attachment_ids&quot;:&quot;14473,14472,14471,14470,14469,14468,14467,14466,14465,14464,14463,14462,14461,14460,14459,14458,14457,14456,14455,14454,14453,14452,14451,14450,14449,14448,14447,14446,14445,14444,14443,14442,14441,14440,14439,14438,14437,14436,14435,14434,14433,14432,14431,14430,14429,14428,14427,14426,14425,14424,14423,14422,14421,14420,14419,14418,14417,14416,14415,14414,14413,14412,14411,14410,14409,14408,14407&quot;,&quot;include_post_thumbnail&quot;:0,&quot;post_author&quot;:&quot;any&quot;,&quot;post_author_ids&quot;:&quot;&quot;,&quot;apply_url_params&quot;:0,&quot;ignore_sticky_posts&quot;:1,&quot;exclude_children&quot;:0,&quot;exclude_current_post&quot;:1,&quot;exclude_prev_posts&quot;:0,&quot;exclude_past_events&quot;:0,&quot;enable_items_offset&quot;:0,&quot;items_offset&quot;:&quot;1&quot;,&quot;tax_query_relation&quot;:&quot;none&quot;,&quot;tax_query&quot;:[{&quot;operator&quot;:&quot;IN&quot;,&quot;taxonomy&quot;:&quot;category&quot;,&quot;terms&quot;:&quot;&quot;,&quot;include_children&quot;:0}],&quot;meta_query_relation&quot;:&quot;none&quot;,&quot;meta_query&quot;:[{&quot;key&quot;:&quot;custom_field_name&quot;,&quot;compare&quot;:&quot;=&quot;,&quot;value&quot;:&quot;&quot;}],&quot;orderby&quot;:&quot;rand&quot;,&quot;orderby_custom_field&quot;:&quot;&quot;,&quot;orderby_custom_type&quot;:0,&quot;order_invert&quot;:0,&quot;show_all&quot;:0,&quot;quantity&quot;:&quot;10&quot;,&quot;posts_per_archive_page&quot;:0,&quot;no_items_action&quot;:&quot;message&quot;,&quot;no_items_message&quot;:&quot;Geen resultaten gevonden.&quot;,&quot;no_items_page_block&quot;:&quot;&quot;,&quot;pagination&quot;:&quot;none&quot;,&quot;pagination_style&quot;:&quot;&quot;,&quot;pagination_btn_text&quot;:&quot;Laad meer&quot;,&quot;pagination_btn_size&quot;:&quot;&quot;,&quot;pagination_btn_style&quot;:&quot;1&quot;,&quot;pagination_btn_fullwidth&quot;:0,&quot;items_layout&quot;:&quot;gallery_default&quot;,&quot;type&quot;:&quot;grid&quot;,&quot;items_valign&quot;:0,&quot;ignore_items_size&quot;:0,&quot;columns&quot;:&quot;5&quot;,&quot;items_gap&quot;:&quot;0.5rem&quot;,&quot;load_animation&quot;:&quot;none&quot;,&quot;items_preload_style&quot;:&quot;spinner&quot;,&quot;img_size&quot;:&quot;us_600_600&quot;,&quot;img_aspect_ratio&quot;:&quot;1\\\/1&quot;,&quot;title_size&quot;:&quot;&quot;,&quot;item_aspect_ratio&quot;:&quot;1\\\/1&quot;,&quot;overriding_link&quot;:&quot;%7B%22type%22%3A%22popup_image%22%7D&quot;,&quot;popup_page_template&quot;:&quot;0&quot;,&quot;popup_width&quot;:&quot;&quot;,&quot;popup_arrows&quot;:1,&quot;breakpoint_1_width&quot;:&quot;1381px&quot;,&quot;breakpoint_1_cols&quot;:&quot;default&quot;,&quot;breakpoint_1_quantity&quot;:&quot;&quot;,&quot;breakpoint_1_gap&quot;:&quot;&quot;,&quot;breakpoint_2_width&quot;:&quot;1025px&quot;,&quot;breakpoint_2_cols&quot;:&quot;2&quot;,&quot;breakpoint_2_quantity&quot;:&quot;&quot;,&quot;breakpoint_2_gap&quot;:&quot;&quot;,&quot;breakpoint_3_width&quot;:&quot;601px&quot;,&quot;breakpoint_3_cols&quot;:&quot;1&quot;,&quot;breakpoint_3_quantity&quot;:&quot;&quot;,&quot;breakpoint_3_gap&quot;:&quot;&quot;,&quot;conditions_operator&quot;:&quot;always&quot;,&quot;conditions&quot;:[],&quot;css&quot;:null,&quot;el_class&quot;:&quot;&quot;,&quot;el_id&quot;:&quot;&quot;,&quot;enable_custom_html_atts&quot;:0,&quot;custom_html_atts&quot;:null,&quot;hide_on_states&quot;:&quot;&quot;,&quot;hide_for_sticky&quot;:0,&quot;hide_for_not_sticky&quot;:0,&quot;hide_below&quot;:&quot;0px&quot;,&quot;hide_above&quot;:&quot;0px&quot;,&quot;items_ratio&quot;:&quot;&quot;,&quot;items_ratio_width&quot;:&quot;&quot;,&quot;items_ratio_height&quot;:&quot;&quot;,&quot;classes&quot;:&quot;&quot;},&quot;found_posts&quot;:0,&quot;per_page&quot;:10,&quot;orderby_random_seed&quot;:1190631802},&quot;facetedFilter&quot;:[]}'><\/div><\/div><\/div><\/div><\/div><\/div><\/div><\/section><section class=\"l-section wpb_row height_huge color_alternate with_shape\"><div class=\"l-section-shape type_zigzag pos_top\" style=\"height:3vmin;\"><svg xmlns=\"http:\/\/www.w3.org\/2000\/svg\" viewBox=\"0 0 64 8\" preserveAspectRatio=\"none\" width=\"100%\" height=\"100%\">\r\n\t<path fill=\"currentColor\" d=\"M64 8 L0 8 L0 0 L20 7.9 L40 3 L48 5 L64 0 Z\"\/>\r\n<\/svg><\/div><div class=\"l-section-shape type_zigzag pos_bottom\" style=\"height:3vmin;\"><svg xmlns=\"http:\/\/www.w3.org\/2000\/svg\" viewBox=\"0 0 64 8\" preserveAspectRatio=\"none\" width=\"100%\" height=\"100%\">\r\n\t<path fill=\"currentColor\" d=\"M64 8 L0 8 L0 0 L20 7.9 L40 3 L48 5 L64 0 Z\"\/>\r\n<\/svg><\/div><div class=\"l-section-h i-cf\"><div class=\"g-cols vc_row via_flex valign_top type_default stacking_default\"><div class=\"vc_col-sm-6 wpb_column vc_column_container\"><div class=\"vc_column-inner\"><div class=\"wpb_wrapper\"><div class=\"wpb_text_column\"><div class=\"wpb_wrapper\"><blockquote>\n<p><strong>Kort antwoord:<\/strong> tussen 2022 en 2024 was Centro Flamenco de Sevilla een kleinschalige tablao aan C\/ Francos 33 die intieme voorstellingen combineerde met een intens professioneel leven rond de zaal. De beperkte capaciteit, het akoestische karakter van de optredens, de mix van generaties op het podium en de gesprekken na afloop maakten de plek ook tot een ontmoetingspunt voor artiesten en flamencoprofessionals.<\/p>\n<\/blockquote>\n<\/div><\/div><\/div><\/div><\/div><div class=\"vc_col-sm-6 wpb_column vc_column_container\"><div class=\"vc_column-inner\"><div class=\"wpb_wrapper\"><div class=\"wpb_text_column\"><div class=\"wpb_wrapper\"><h3>Wat je vanaf de stoel niet zag<\/h3>\n<p>Het publiek zag een zaal met 32 plaatsen en een podium heel dichtbij. Wie in de sector werkte, kende ook een andere dimensie: artiesten die voor hun voorstelling kwamen, collega\u2019s uit andere tablaos die even binnenliepen om hallo te zeggen, muzikanten en dansers die na afloop bleven, en gesprekken over repertoire, vervangingen, tournees, nieuwe projecten en werkmogelijkheden.<\/p>\n<p>In een stad met zo\u2019n breed flamenco-aanbod werd die informele ruimte uiteindelijk een essentieel onderdeel van de identiteit van het centrum.<\/p>\n<\/div><\/div><\/div><\/div><\/div><\/div><\/div><\/section><section class=\"l-section wpb_row height_huge\"><div class=\"l-section-h i-cf\"><div class=\"g-cols vc_row via_flex valign_top type_default stacking_default\"><div class=\"vc_col-sm-6 wpb_column vc_column_container\"><div class=\"vc_column-inner\"><div class=\"wpb_wrapper\"><div class=\"wpb_text_column\"><div class=\"wpb_wrapper\"><h2>Inhoud van dit verhaal<\/h2>\n<ul>\n<li><a href=\"#sala-intima\">Een intieme zaal midden in het centrum<\/a><\/li>\n<li><a href=\"#escenario-generaciones\">Ervaren en jonge artiesten samen op het podium<\/a><\/li>\n<li><a href=\"#despues-pase\">Wanneer de voorstelling eindigde, begon het gesprek<\/a><\/li>\n<li><a href=\"#punto-encuentro\">Een ontmoetingspunt voor de sector<\/a><\/li>\n<li><a href=\"#gestion-digital\">De onzichtbare kant: beheer en digitalisering<\/a><\/li>\n<li><a href=\"#cronologia-centro\">Tijdlijn van Centro Flamenco de Sevilla<\/a><\/li>\n<li><a href=\"#legado-centro\">Wat er na de sluiting overbleef<\/a><\/li>\n<li><a href=\"#faq-centro\">Veelgestelde vragen<\/a><\/li>\n<\/ul>\n<\/div><\/div><\/div><\/div><\/div><div class=\"vc_col-sm-6 wpb_column vc_column_container\"><div class=\"vc_column-inner\"><div class=\"wpb_wrapper\"><div class=\"w-image us_custom_83db15f5 has_aspect_ratio align_center\"><div class=\"w-image-h\"><img decoding=\"async\" width=\"1024\" height=\"683\" src=\"https:\/\/www.tablaosflamencos.com\/wp-content\/uploads\/centro-flamenco-de-sevilla-01-4-1024x683.webp\" class=\"attachment-large size-large\" alt=\"Centro Flamenco de Sevilla\" loading=\"eager\" srcset=\"https:\/\/www.tablaosflamencos.com\/wp-content\/uploads\/centro-flamenco-de-sevilla-01-4-1024x683.webp 1024w, https:\/\/www.tablaosflamencos.com\/wp-content\/uploads\/centro-flamenco-de-sevilla-01-4-300x200.webp 300w, https:\/\/www.tablaosflamencos.com\/wp-content\/uploads\/centro-flamenco-de-sevilla-01-4-1536x1024.webp 1536w, https:\/\/www.tablaosflamencos.com\/wp-content\/uploads\/centro-flamenco-de-sevilla-01-4-600x400.webp 600w, https:\/\/www.tablaosflamencos.com\/wp-content\/uploads\/centro-flamenco-de-sevilla-01-4-150x100.webp 150w, https:\/\/www.tablaosflamencos.com\/wp-content\/uploads\/centro-flamenco-de-sevilla-01-4.webp 1920w\" sizes=\"auto, (max-width: 1024px) 100vw, 1024px\" \/><\/div><\/div><\/div><\/div><\/div><\/div><\/div><\/section><section class=\"l-section wpb_row height_huge\"><div class=\"l-section-h i-cf\"><div class=\"g-cols vc_row via_flex valign_top type_default stacking_default\"><div class=\"vc_col-sm-6 wpb_column vc_column_container\"><div class=\"vc_column-inner\"><div class=\"wpb_wrapper\"><div class=\"w-image us_custom_09d4d40b has_aspect_ratio align_center\"><div class=\"w-image-h\"><img decoding=\"async\" width=\"1024\" height=\"683\" src=\"https:\/\/www.tablaosflamencos.com\/wp-content\/uploads\/centro-flamenco-de-sevilla-01-61-1024x683.webp\" class=\"attachment-large size-large\" alt=\"Centro Flamenco de Sevilla\" loading=\"eager\" srcset=\"https:\/\/www.tablaosflamencos.com\/wp-content\/uploads\/centro-flamenco-de-sevilla-01-61-1024x683.webp 1024w, https:\/\/www.tablaosflamencos.com\/wp-content\/uploads\/centro-flamenco-de-sevilla-01-61-300x200.webp 300w, https:\/\/www.tablaosflamencos.com\/wp-content\/uploads\/centro-flamenco-de-sevilla-01-61-1536x1024.webp 1536w, https:\/\/www.tablaosflamencos.com\/wp-content\/uploads\/centro-flamenco-de-sevilla-01-61-600x400.webp 600w, https:\/\/www.tablaosflamencos.com\/wp-content\/uploads\/centro-flamenco-de-sevilla-01-61-150x100.webp 150w, https:\/\/www.tablaosflamencos.com\/wp-content\/uploads\/centro-flamenco-de-sevilla-01-61.webp 1920w\" sizes=\"auto, (max-width: 1024px) 100vw, 1024px\" \/><\/div><\/div><\/div><\/div><\/div><div class=\"vc_col-sm-6 wpb_column vc_column_container\"><div class=\"vc_column-inner\"><div class=\"wpb_wrapper\"><div class=\"wpb_text_column\"><div class=\"wpb_wrapper\"><h3>Een blik vanuit herinnering, niet vanuit nostalgie<\/h3>\n<p>Centro Flamenco de Sevilla herinneren betekent niet dat we een plek idealiseren die vandaag niet meer werkt zoals toen. Interessant is juist om te bekijken <strong>welke omstandigheden het mogelijk maakten dat zo\u2019n kleine zaal zoveel leven om zich heen genereerde<\/strong>: nabijheid, artistieke continu\u00efteit, een mix van generaties, een aanwezige leiding, relaties tussen collega\u2019s en een schaal waarop bijna iedereen elkaar uiteindelijk kende.<\/p>\n<p>Dit artikel maakt deel uit van de recente herinnering aan flamenco in Sevilla en steunt zowel op openbare documentatie als op de directe ervaring van mensen die bij het project betrokken waren.<\/p>\n<\/div><\/div><\/div><\/div><\/div><\/div><\/div><\/section><section class=\"l-section wpb_row height_huge color_alternate with_shape\"><div class=\"l-section-shape type_zigzag pos_top hor_flip\" style=\"height:3vmin;\"><svg xmlns=\"http:\/\/www.w3.org\/2000\/svg\" viewBox=\"0 0 64 8\" preserveAspectRatio=\"none\" width=\"100%\" height=\"100%\">\r\n\t<path fill=\"currentColor\" d=\"M64 8 L0 8 L0 0 L20 7.9 L40 3 L48 5 L64 0 Z\"\/>\r\n<\/svg><\/div><div class=\"l-section-shape type_zigzag pos_bottom\" style=\"height:3vmin;\"><svg xmlns=\"http:\/\/www.w3.org\/2000\/svg\" viewBox=\"0 0 64 8\" preserveAspectRatio=\"none\" width=\"100%\" height=\"100%\">\r\n\t<path fill=\"currentColor\" d=\"M64 8 L0 8 L0 0 L20 7.9 L40 3 L48 5 L64 0 Z\"\/>\r\n<\/svg><\/div><div class=\"l-section-h i-cf\"><div class=\"g-cols vc_row via_flex valign_top type_default stacking_default\"><div class=\"vc_col-sm-6 wpb_column vc_column_container\"><div class=\"vc_column-inner\"><div class=\"wpb_wrapper\"><div class=\"wpb_text_column\"><div class=\"wpb_wrapper\"><h2 id=\"sala-intima\">Een intieme zaal midden in het centrum van Sevilla<\/h2>\n<p>Calle Francos is een van die straten in het historische centrum waar dagelijks bewoners, bezoekers en werknemers langsgaan op weg naar de kathedraal, de Alfalfa of Plaza del Salvador. Daar, op nummer 33, bevond Centro Flamenco de Sevilla zich in een kleine ruimte die vroeg om een voorstelling die vanuit nabijheid werd opgebouwd.<\/p>\n<p>Met slechts 32 plaatsen was er niet genoeg afstand om iets te verbergen. Het publiek kon de ademhaling van de zanger horen, de aanslag van de gitaar, het natuurlijke geluid van de voeten en de kleine gebaren zien die in een groot theater verloren kunnen gaan. Het ontbreken van een grote fysieke barri\u00e8re tussen artiesten en publiek versterkte het gevoel dat je midden in de flamenco zat en er niet alleen naar keek.<\/p>\n<p>Dat format sloot aan bij een van de historische kwaliteiten van veel flamencolocaties: <strong>de intensiteit die door nabijheid ontstaat<\/strong>. Meer hierover lees je in ons artikel over de <a href=\"https:\/\/www.tablaosflamencos.com\/cafes-cantantes-sevilla.html\"><strong>caf\u00e9s cantantes van Sevilla<\/strong><\/a>.<\/p>\n<\/div><\/div><\/div><\/div><\/div><div class=\"vc_col-sm-6 wpb_column vc_column_container\"><div class=\"vc_column-inner\"><div class=\"wpb_wrapper\"><div class=\"wpb_text_column\"><div class=\"wpb_wrapper\"><h3>Ook stilte maakte deel uit van de voorstelling<\/h3>\n<p>Een kleine zaal vraagt aandacht. De gitaar hoeft niet te concurreren met een grote ruimte, de zang kan met nuances werken en de dans wordt niet alleen als beeld ervaren, maar ook als geluid en fysieke aanwezigheid.<\/p>\n<p>De akoestische aanpak stimuleerde dat luisteren. In plaats van de voorstelling tot een afstandelijke productie te maken, probeerde iedere sessie de spanning van een ontmoeting van dichtbij te bewaren. Dat veranderde ook het gedrag van het publiek: hoe dichter de artiest was, hoe duidelijker het werd dat stilte, luisteren en de reactie van de zaal onderdeel van de voorstelling waren.<\/p>\n<p>De kleine schaal was geen beperking die verborgen moest worden. <strong>Juist die schaal bepaalde de ervaring.<\/strong><\/p>\n<\/div><\/div><\/div><\/div><\/div><\/div><\/div><\/section><section class=\"l-section wpb_row height_huge\"><div class=\"l-section-h i-cf\"><div class=\"g-cols vc_row via_flex valign_top type_default stacking_default\"><div class=\"vc_col-sm-6 wpb_column vc_column_container\"><div class=\"vc_column-inner\"><div class=\"wpb_wrapper\"><div class=\"wpb_text_column\"><div class=\"wpb_wrapper\"><h2 id=\"escenario-generaciones\">Ervaren en jonge artiesten samen op het podium<\/h2>\n<p>Een van de lijnen die de artistieke leiding van Centro Flamenco de Sevilla bepaalden, was het samenzijn van performers met een gevestigde carri\u00e8re en jonge artiesten die begonnen een professionele plek voor zichzelf op te bouwen.<\/p>\n<p>Jong talent werd niet als een apart of minder belangrijk programma behandeld. Opkomende artiesten konden podium, kleedkamer en werkdynamiek delen met meer ervaren collega\u2019s. Dat samenzijn had een waarde die verder ging dan de affiche: het maakte het mogelijk timing, codes, podiumvaardigheden en manieren van samenspel tussen zang, gitaar en dans te observeren die moeilijk alleen in een les te leren zijn.<\/p>\n<p>Voor sommige jonge artiesten betekende regelmatig werken in een professionele zaal ook echte verantwoordelijkheid: voorbereid komen, zich aanpassen aan verschillende collega\u2019s, iedere dag een artistiek niveau vasthouden en begrijpen dat een tablao leeft van de combinatie van spontaniteit en discipline.<\/p>\n<\/div><\/div><\/div><\/div><\/div><div class=\"vc_col-sm-6 wpb_column vc_column_container\"><div class=\"vc_column-inner\"><div class=\"wpb_wrapper\"><div class=\"wpb_text_column\"><div class=\"wpb_wrapper\"><h3>De tablao als plek van overdracht<\/h3>\n<p>Flamenco wordt op veel manieren doorgegeven. Er zijn formeel onderwijs, academies, conservatoria, families, pe\u00f1as en festivals. Maar de tablao bewaart nog een andere vorm van leren: <strong>praktische overdracht tussen collega\u2019s<\/strong>.<\/p>\n<p>Een zanger leert het lichaam van de danser lezen. De gitarist begrijpt wanneer hij moet ondersteunen en wanneer hij ruimte moet geven. De danser leert te luisteren voordat hij inzet. En jonge artiesten ontdekken dat iedere collega om een andere reactie vraagt.<\/p>\n<p>In Centro Flamenco de Sevilla was die overdracht bijzonder zichtbaar omdat de schaal van de zaal ervoor zorgde dat alles heel dicht bij elkaar gebeurde: podium, kleedkamer, wachten en praten maakten deel uit van dezelfde omgeving.<\/p>\n<\/div><\/div><\/div><\/div><\/div><\/div><\/div><\/section><section class=\"l-section wpb_row height_huge color_alternate with_shape\"><div class=\"l-section-shape type_zigzag pos_top\" style=\"height:3vmin;\"><svg xmlns=\"http:\/\/www.w3.org\/2000\/svg\" viewBox=\"0 0 64 8\" preserveAspectRatio=\"none\" width=\"100%\" height=\"100%\">\r\n\t<path fill=\"currentColor\" d=\"M64 8 L0 8 L0 0 L20 7.9 L40 3 L48 5 L64 0 Z\"\/>\r\n<\/svg><\/div><div class=\"l-section-shape type_zigzag pos_bottom\" style=\"height:3vmin;\"><svg xmlns=\"http:\/\/www.w3.org\/2000\/svg\" viewBox=\"0 0 64 8\" preserveAspectRatio=\"none\" width=\"100%\" height=\"100%\">\r\n\t<path fill=\"currentColor\" d=\"M64 8 L0 8 L0 0 L20 7.9 L40 3 L48 5 L64 0 Z\"\/>\r\n<\/svg><\/div><div class=\"l-section-h i-cf\"><div class=\"g-cols vc_row via_flex valign_top type_default stacking_default\"><div class=\"vc_col-sm-6 wpb_column vc_column_container\"><div class=\"vc_column-inner\"><div class=\"wpb_wrapper\"><div class=\"wpb_text_column\"><div class=\"wpb_wrapper\"><h2 id=\"despues-pase\">Wanneer de voorstelling eindigde, begon een ander deel van de nacht<\/h2>\n<p>Het beeld dat het beste uitlegt waarom het centrum een ontmoetingsplek werd, komt niet noodzakelijk uit een optreden. Vaak verschijnt het <strong>na de laatste voorstelling<\/strong>.<\/p>\n<p>Wanneer het publiek weg was en de commerci\u00eble activiteit voorbij, was het niet ongewoon dat artiesten uit de eigen bezetting, collega\u2019s die in andere tablaos hadden opgetreden, vrienden en professionals uit de sector bleven praten. Die gesprekken konden tot diep in de nacht doorgaan.<\/p>\n<p>Voor die uren was niets geprogrammeerd. Het was geen evenement en geen aangekondigde activiteit. Juist daardoor had het waarde: het was een organische relatie tussen mensen die een beroep, zorgen en een leven rond flamenco deelden.<\/p>\n<\/div><\/div><\/div><\/div><\/div><div class=\"vc_col-sm-6 wpb_column vc_column_container\"><div class=\"vc_column-inner\"><div class=\"wpb_wrapper\"><div class=\"wpb_text_column\"><div class=\"wpb_wrapper\"><h3>De gesprekken die niet in het programma stonden<\/h3>\n<blockquote>\n<p>Een tablao kan de deuren voor het publiek sluiten en toch vol flamenco blijven. Soms begon het belangrijkste deel van de nacht pas wanneer er geen tickets meer te verkopen waren.<\/p>\n<\/blockquote>\n<p>In die gesprekken ging het over artiesten, repertoire, wie waar werkte, tournees, nieuwe zalen, projecten die nog niet bestonden en de dagelijkse problemen van het vak. Soms ging het gewoon om samen zijn.<\/p>\n<p>Dat menselijke aspect verklaart beter dan welk cijfer ook waarom een zaal met 32 plaatsen een relationele invloed kon hebben die veel groter was dan haar capaciteit.<\/p>\n<\/div><\/div><\/div><\/div><\/div><\/div><\/div><\/section><section class=\"l-section wpb_row height_huge\"><div class=\"l-section-h i-cf\"><div class=\"g-cols vc_row via_flex valign_top type_default stacking_default\"><div class=\"vc_col-sm-6 wpb_column vc_column_container\"><div class=\"vc_column-inner\"><div class=\"wpb_wrapper\"><div class=\"wpb_text_column\"><div class=\"wpb_wrapper\"><h2 id=\"punto-encuentro\">Een ontmoetingsplek voor artiesten en flamencoprofessionals<\/h2>\n<p>Sevilla heeft veel locaties, scholen, pe\u00f1as, tablaos, theaters en festivals. Toch cre\u00ebren ze niet allemaal dezelfde soort relatie tussen de mensen die er werken.<\/p>\n<p>Centro Flamenco de Sevilla ontving uiteindelijk niet alleen zijn eigen artiesten en publiek. Ook collega\u2019s uit andere tablaos kwamen langs, evenals professionals uit productie en verkoop, bezoekende artiesten en mensen die rond de flamenco-activiteiten van de stad werkten.<\/p>\n<p>De centrale ligging hielp. Maar doorslaggevend was hoe gemakkelijk iemand kon binnenlopen, even blijven, collega\u2019s zien en uiteindelijk deel worden van een gesprek dat nooit gepland was.<\/p>\n<\/div><\/div><\/div><\/div><\/div><div class=\"vc_col-sm-6 wpb_column vc_column_container\"><div class=\"vc_column-inner\"><div class=\"wpb_wrapper\"><div class=\"wpb_text_column\"><div class=\"wpb_wrapper\"><h3>Een professioneel netwerk op kleine schaal<\/h3>\n<p>Culturele sectoren functioneren ook via informele netwerken. Een last-minute vervanging, een aanbeveling, een samenwerking of een kans kan ontstaan uit een ogenschijnlijk onbelangrijk gesprek.<\/p>\n<p>Tijdens zijn actieve jaren functioneerde Centro Flamenco de Sevilla als een van die knooppunten: <strong>een plek waar artistieke en professionele relaties voortdurend in elkaar overliepen<\/strong>.<\/p>\n<p>Om te begrijpen hoe het flamenco-aanbod van de stad vandaag is opgebouwd, kun je dit historische perspectief combineren met onze gids over <a href=\"https:\/\/www.tablaosflamencos.com\/donde-ver-flamenco-autentico-sevilla.html\"><strong>hoe je een authentieke flamencovoorstelling in Sevilla kiest<\/strong><\/a>.<\/p>\n<\/div><\/div><\/div><\/div><\/div><\/div><\/div><\/section><section class=\"l-section wpb_row height_huge\"><div class=\"l-section-h i-cf\"><div class=\"g-cols vc_row via_flex valign_top type_default stacking_default\"><div class=\"vc_col-sm-12 wpb_column vc_column_container\"><div class=\"vc_column-inner\"><div class=\"wpb_wrapper\"><div class=\"w-grid us_post_list type_grid layout_gallery_default cols_5 preload_style_spinner items_have_ratio\" id=\"us_post_list_ne1a\" style=\"--columns:5;--gap:0.5rem;--img-aspect-ratio:1\/1;--item-aspect-ratio:1\/1;\"><style>@media (max-width:1024px){#us_post_list_ne1a{--columns:2!important}}@media (max-width:600px){#us_post_list_ne1a{--columns:1!important}}<\/style><div class=\"w-grid-list\">\t<article class=\"w-grid-item size_1x1 post-14437 attachment type-attachment status-inherit hentry\" data-id=\"14437\">\r\n\t\t<div class=\"w-grid-item-h\">\r\n\t\t\t\t\t\t\t<a ref=\"magnificPopupList\" data-alt=\"Centro Flamenco de Sevilla\" href=\"https:\/\/www.tablaosflamencos.com\/wp-content\/uploads\/centro-flamenco-de-sevilla-01-30.webp\" class=\"w-grid-item-anchor\" aria-label=\"Centro Flamenco de Sevilla\"><\/a>\r\n\t\t\t\t\t\t<div class=\"w-post-elm post_image usg_post_image_1 stretched\"><img decoding=\"async\" width=\"400\" height=\"600\" src=\"https:\/\/www.tablaosflamencos.com\/wp-content\/uploads\/centro-flamenco-de-sevilla-01-30-400x600.webp\" class=\"attachment-us_600_600 size-us_600_600\" alt=\"Centro Flamenco de Sevilla\" srcset=\"https:\/\/www.tablaosflamencos.com\/wp-content\/uploads\/centro-flamenco-de-sevilla-01-30-400x600.webp 400w, https:\/\/www.tablaosflamencos.com\/wp-content\/uploads\/centro-flamenco-de-sevilla-01-30-200x300.webp 200w, https:\/\/www.tablaosflamencos.com\/wp-content\/uploads\/centro-flamenco-de-sevilla-01-30-683x1024.webp 683w, https:\/\/www.tablaosflamencos.com\/wp-content\/uploads\/centro-flamenco-de-sevilla-01-30-1024x1536.webp 1024w, https:\/\/www.tablaosflamencos.com\/wp-content\/uploads\/centro-flamenco-de-sevilla-01-30-100x150.webp 100w, https:\/\/www.tablaosflamencos.com\/wp-content\/uploads\/centro-flamenco-de-sevilla-01-30.webp 1280w\" sizes=\"(max-width: 400px) 100vw, 400px\" loading=\"eager\" \/><\/div>\t\t<\/div>\r\n\t\t\t<\/article>\r\n\t<article class=\"w-grid-item size_1x1 post-14462 attachment type-attachment status-inherit hentry\" data-id=\"14462\">\r\n\t\t<div class=\"w-grid-item-h\">\r\n\t\t\t\t\t\t\t<a ref=\"magnificPopupList\" data-alt=\"Centro Flamenco de Sevilla\" href=\"https:\/\/www.tablaosflamencos.com\/wp-content\/uploads\/centro-flamenco-de-sevilla-01-55.webp\" class=\"w-grid-item-anchor\" aria-label=\"Centro Flamenco de Sevilla\"><\/a>\r\n\t\t\t\t\t\t<div class=\"w-post-elm post_image usg_post_image_1 stretched\"><img decoding=\"async\" width=\"400\" height=\"600\" src=\"https:\/\/www.tablaosflamencos.com\/wp-content\/uploads\/centro-flamenco-de-sevilla-01-55-400x600.webp\" class=\"attachment-us_600_600 size-us_600_600\" alt=\"Centro Flamenco de Sevilla\" srcset=\"https:\/\/www.tablaosflamencos.com\/wp-content\/uploads\/centro-flamenco-de-sevilla-01-55-400x600.webp 400w, https:\/\/www.tablaosflamencos.com\/wp-content\/uploads\/centro-flamenco-de-sevilla-01-55-200x300.webp 200w, https:\/\/www.tablaosflamencos.com\/wp-content\/uploads\/centro-flamenco-de-sevilla-01-55-683x1024.webp 683w, https:\/\/www.tablaosflamencos.com\/wp-content\/uploads\/centro-flamenco-de-sevilla-01-55-1025x1536.webp 1025w, https:\/\/www.tablaosflamencos.com\/wp-content\/uploads\/centro-flamenco-de-sevilla-01-55-100x150.webp 100w, https:\/\/www.tablaosflamencos.com\/wp-content\/uploads\/centro-flamenco-de-sevilla-01-55.webp 1281w\" sizes=\"(max-width: 400px) 100vw, 400px\" loading=\"eager\" \/><\/div>\t\t<\/div>\r\n\t\t\t<\/article>\r\n\t<article class=\"w-grid-item size_1x1 post-14463 attachment type-attachment status-inherit hentry\" data-id=\"14463\">\r\n\t\t<div class=\"w-grid-item-h\">\r\n\t\t\t\t\t\t\t<a ref=\"magnificPopupList\" data-alt=\"Centro Flamenco de Sevilla\" href=\"https:\/\/www.tablaosflamencos.com\/wp-content\/uploads\/centro-flamenco-de-sevilla-01-56.webp\" class=\"w-grid-item-anchor\" aria-label=\"Centro Flamenco de Sevilla\"><\/a>\r\n\t\t\t\t\t\t<div class=\"w-post-elm post_image usg_post_image_1 stretched\"><img decoding=\"async\" width=\"400\" height=\"600\" src=\"https:\/\/www.tablaosflamencos.com\/wp-content\/uploads\/centro-flamenco-de-sevilla-01-56-400x600.webp\" class=\"attachment-us_600_600 size-us_600_600\" alt=\"Centro Flamenco de Sevilla\" srcset=\"https:\/\/www.tablaosflamencos.com\/wp-content\/uploads\/centro-flamenco-de-sevilla-01-56-400x600.webp 400w, https:\/\/www.tablaosflamencos.com\/wp-content\/uploads\/centro-flamenco-de-sevilla-01-56-200x300.webp 200w, https:\/\/www.tablaosflamencos.com\/wp-content\/uploads\/centro-flamenco-de-sevilla-01-56-683x1024.webp 683w, https:\/\/www.tablaosflamencos.com\/wp-content\/uploads\/centro-flamenco-de-sevilla-01-56-1025x1536.webp 1025w, https:\/\/www.tablaosflamencos.com\/wp-content\/uploads\/centro-flamenco-de-sevilla-01-56-100x150.webp 100w, https:\/\/www.tablaosflamencos.com\/wp-content\/uploads\/centro-flamenco-de-sevilla-01-56.webp 1281w\" sizes=\"(max-width: 400px) 100vw, 400px\" loading=\"eager\" \/><\/div>\t\t<\/div>\r\n\t\t\t<\/article>\r\n\t<article class=\"w-grid-item size_1x1 post-14421 attachment type-attachment status-inherit hentry\" data-id=\"14421\">\r\n\t\t<div class=\"w-grid-item-h\">\r\n\t\t\t\t\t\t\t<a ref=\"magnificPopupList\" data-alt=\"Centro Flamenco de Sevilla\" href=\"https:\/\/www.tablaosflamencos.com\/wp-content\/uploads\/centro-flamenco-de-sevilla-01-14.webp\" class=\"w-grid-item-anchor\" aria-label=\"Centro Flamenco de Sevilla\"><\/a>\r\n\t\t\t\t\t\t<div class=\"w-post-elm post_image usg_post_image_1 stretched\"><img decoding=\"async\" width=\"600\" height=\"400\" src=\"https:\/\/www.tablaosflamencos.com\/wp-content\/uploads\/centro-flamenco-de-sevilla-01-14-600x400.webp\" class=\"attachment-us_600_600 size-us_600_600\" alt=\"Centro Flamenco de Sevilla\" srcset=\"https:\/\/www.tablaosflamencos.com\/wp-content\/uploads\/centro-flamenco-de-sevilla-01-14-600x400.webp 600w, https:\/\/www.tablaosflamencos.com\/wp-content\/uploads\/centro-flamenco-de-sevilla-01-14-300x200.webp 300w, https:\/\/www.tablaosflamencos.com\/wp-content\/uploads\/centro-flamenco-de-sevilla-01-14-1024x683.webp 1024w, https:\/\/www.tablaosflamencos.com\/wp-content\/uploads\/centro-flamenco-de-sevilla-01-14-1536x1024.webp 1536w, https:\/\/www.tablaosflamencos.com\/wp-content\/uploads\/centro-flamenco-de-sevilla-01-14-150x100.webp 150w, https:\/\/www.tablaosflamencos.com\/wp-content\/uploads\/centro-flamenco-de-sevilla-01-14.webp 1920w\" sizes=\"(max-width: 600px) 100vw, 600px\" loading=\"eager\" \/><\/div>\t\t<\/div>\r\n\t\t\t<\/article>\r\n\t<article class=\"w-grid-item size_1x1 post-14438 attachment type-attachment status-inherit hentry\" data-id=\"14438\">\r\n\t\t<div class=\"w-grid-item-h\">\r\n\t\t\t\t\t\t\t<a ref=\"magnificPopupList\" data-alt=\"Centro Flamenco de Sevilla\" href=\"https:\/\/www.tablaosflamencos.com\/wp-content\/uploads\/centro-flamenco-de-sevilla-01-31.webp\" class=\"w-grid-item-anchor\" aria-label=\"Centro Flamenco de Sevilla\"><\/a>\r\n\t\t\t\t\t\t<div class=\"w-post-elm post_image usg_post_image_1 stretched\"><img decoding=\"async\" width=\"600\" height=\"400\" src=\"https:\/\/www.tablaosflamencos.com\/wp-content\/uploads\/centro-flamenco-de-sevilla-01-31-600x400.webp\" class=\"attachment-us_600_600 size-us_600_600\" alt=\"Centro Flamenco de Sevilla\" srcset=\"https:\/\/www.tablaosflamencos.com\/wp-content\/uploads\/centro-flamenco-de-sevilla-01-31-600x400.webp 600w, https:\/\/www.tablaosflamencos.com\/wp-content\/uploads\/centro-flamenco-de-sevilla-01-31-300x200.webp 300w, https:\/\/www.tablaosflamencos.com\/wp-content\/uploads\/centro-flamenco-de-sevilla-01-31-1024x683.webp 1024w, https:\/\/www.tablaosflamencos.com\/wp-content\/uploads\/centro-flamenco-de-sevilla-01-31-1536x1024.webp 1536w, https:\/\/www.tablaosflamencos.com\/wp-content\/uploads\/centro-flamenco-de-sevilla-01-31-150x100.webp 150w, https:\/\/www.tablaosflamencos.com\/wp-content\/uploads\/centro-flamenco-de-sevilla-01-31.webp 1920w\" sizes=\"(max-width: 600px) 100vw, 600px\" loading=\"eager\" \/><\/div>\t\t<\/div>\r\n\t\t\t<\/article>\r\n\t<article class=\"w-grid-item size_1x1 post-14440 attachment type-attachment status-inherit hentry\" data-id=\"14440\">\r\n\t\t<div class=\"w-grid-item-h\">\r\n\t\t\t\t\t\t\t<a ref=\"magnificPopupList\" data-alt=\"Centro Flamenco de Sevilla\" href=\"https:\/\/www.tablaosflamencos.com\/wp-content\/uploads\/centro-flamenco-de-sevilla-01-33.webp\" class=\"w-grid-item-anchor\" aria-label=\"Centro Flamenco de Sevilla\"><\/a>\r\n\t\t\t\t\t\t<div class=\"w-post-elm post_image usg_post_image_1 stretched\"><img decoding=\"async\" width=\"600\" height=\"400\" src=\"https:\/\/www.tablaosflamencos.com\/wp-content\/uploads\/centro-flamenco-de-sevilla-01-33-600x400.webp\" class=\"attachment-us_600_600 size-us_600_600\" alt=\"Centro Flamenco de Sevilla\" srcset=\"https:\/\/www.tablaosflamencos.com\/wp-content\/uploads\/centro-flamenco-de-sevilla-01-33-600x400.webp 600w, https:\/\/www.tablaosflamencos.com\/wp-content\/uploads\/centro-flamenco-de-sevilla-01-33-300x200.webp 300w, https:\/\/www.tablaosflamencos.com\/wp-content\/uploads\/centro-flamenco-de-sevilla-01-33-1024x683.webp 1024w, https:\/\/www.tablaosflamencos.com\/wp-content\/uploads\/centro-flamenco-de-sevilla-01-33-1536x1024.webp 1536w, https:\/\/www.tablaosflamencos.com\/wp-content\/uploads\/centro-flamenco-de-sevilla-01-33-150x100.webp 150w, https:\/\/www.tablaosflamencos.com\/wp-content\/uploads\/centro-flamenco-de-sevilla-01-33.webp 1920w\" sizes=\"(max-width: 600px) 100vw, 600px\" loading=\"eager\" \/><\/div>\t\t<\/div>\r\n\t\t\t<\/article>\r\n\t<article class=\"w-grid-item size_1x1 post-14443 attachment type-attachment status-inherit hentry\" data-id=\"14443\">\r\n\t\t<div class=\"w-grid-item-h\">\r\n\t\t\t\t\t\t\t<a ref=\"magnificPopupList\" data-alt=\"Centro Flamenco de Sevilla\" href=\"https:\/\/www.tablaosflamencos.com\/wp-content\/uploads\/centro-flamenco-de-sevilla-01-36.webp\" class=\"w-grid-item-anchor\" aria-label=\"Centro Flamenco de Sevilla\"><\/a>\r\n\t\t\t\t\t\t<div class=\"w-post-elm post_image usg_post_image_1 stretched\"><img decoding=\"async\" width=\"600\" height=\"400\" src=\"https:\/\/www.tablaosflamencos.com\/wp-content\/uploads\/centro-flamenco-de-sevilla-01-36-600x400.webp\" class=\"attachment-us_600_600 size-us_600_600\" alt=\"Centro Flamenco de Sevilla\" srcset=\"https:\/\/www.tablaosflamencos.com\/wp-content\/uploads\/centro-flamenco-de-sevilla-01-36-600x400.webp 600w, https:\/\/www.tablaosflamencos.com\/wp-content\/uploads\/centro-flamenco-de-sevilla-01-36-300x200.webp 300w, https:\/\/www.tablaosflamencos.com\/wp-content\/uploads\/centro-flamenco-de-sevilla-01-36-1024x683.webp 1024w, https:\/\/www.tablaosflamencos.com\/wp-content\/uploads\/centro-flamenco-de-sevilla-01-36-1536x1024.webp 1536w, https:\/\/www.tablaosflamencos.com\/wp-content\/uploads\/centro-flamenco-de-sevilla-01-36-150x100.webp 150w, https:\/\/www.tablaosflamencos.com\/wp-content\/uploads\/centro-flamenco-de-sevilla-01-36.webp 1920w\" sizes=\"(max-width: 600px) 100vw, 600px\" loading=\"eager\" \/><\/div>\t\t<\/div>\r\n\t\t\t<\/article>\r\n\t<article class=\"w-grid-item size_1x1 post-14430 attachment type-attachment status-inherit hentry\" data-id=\"14430\">\r\n\t\t<div class=\"w-grid-item-h\">\r\n\t\t\t\t\t\t\t<a ref=\"magnificPopupList\" data-alt=\"Centro Flamenco de Sevilla\" href=\"https:\/\/www.tablaosflamencos.com\/wp-content\/uploads\/centro-flamenco-de-sevilla-01-23.webp\" class=\"w-grid-item-anchor\" aria-label=\"Centro Flamenco de Sevilla\"><\/a>\r\n\t\t\t\t\t\t<div class=\"w-post-elm post_image usg_post_image_1 stretched\"><img decoding=\"async\" width=\"600\" height=\"400\" src=\"https:\/\/www.tablaosflamencos.com\/wp-content\/uploads\/centro-flamenco-de-sevilla-01-23-600x400.webp\" class=\"attachment-us_600_600 size-us_600_600\" alt=\"Centro Flamenco de Sevilla\" srcset=\"https:\/\/www.tablaosflamencos.com\/wp-content\/uploads\/centro-flamenco-de-sevilla-01-23-600x400.webp 600w, https:\/\/www.tablaosflamencos.com\/wp-content\/uploads\/centro-flamenco-de-sevilla-01-23-300x200.webp 300w, https:\/\/www.tablaosflamencos.com\/wp-content\/uploads\/centro-flamenco-de-sevilla-01-23-1024x683.webp 1024w, https:\/\/www.tablaosflamencos.com\/wp-content\/uploads\/centro-flamenco-de-sevilla-01-23-1536x1024.webp 1536w, https:\/\/www.tablaosflamencos.com\/wp-content\/uploads\/centro-flamenco-de-sevilla-01-23-150x100.webp 150w, https:\/\/www.tablaosflamencos.com\/wp-content\/uploads\/centro-flamenco-de-sevilla-01-23.webp 1920w\" sizes=\"(max-width: 600px) 100vw, 600px\" loading=\"eager\" \/><\/div>\t\t<\/div>\r\n\t\t\t<\/article>\r\n\t<article class=\"w-grid-item size_1x1 post-14464 attachment type-attachment status-inherit hentry\" data-id=\"14464\">\r\n\t\t<div class=\"w-grid-item-h\">\r\n\t\t\t\t\t\t\t<a ref=\"magnificPopupList\" data-alt=\"Centro Flamenco de Sevilla\" href=\"https:\/\/www.tablaosflamencos.com\/wp-content\/uploads\/centro-flamenco-de-sevilla-01-57.webp\" class=\"w-grid-item-anchor\" aria-label=\"Centro Flamenco de Sevilla\"><\/a>\r\n\t\t\t\t\t\t<div class=\"w-post-elm post_image usg_post_image_1 stretched\"><img decoding=\"async\" width=\"600\" height=\"400\" src=\"https:\/\/www.tablaosflamencos.com\/wp-content\/uploads\/centro-flamenco-de-sevilla-01-57-600x400.webp\" class=\"attachment-us_600_600 size-us_600_600\" alt=\"Centro Flamenco de Sevilla\" srcset=\"https:\/\/www.tablaosflamencos.com\/wp-content\/uploads\/centro-flamenco-de-sevilla-01-57-600x400.webp 600w, https:\/\/www.tablaosflamencos.com\/wp-content\/uploads\/centro-flamenco-de-sevilla-01-57-300x200.webp 300w, https:\/\/www.tablaosflamencos.com\/wp-content\/uploads\/centro-flamenco-de-sevilla-01-57-1024x683.webp 1024w, https:\/\/www.tablaosflamencos.com\/wp-content\/uploads\/centro-flamenco-de-sevilla-01-57-1536x1024.webp 1536w, https:\/\/www.tablaosflamencos.com\/wp-content\/uploads\/centro-flamenco-de-sevilla-01-57-150x100.webp 150w, https:\/\/www.tablaosflamencos.com\/wp-content\/uploads\/centro-flamenco-de-sevilla-01-57.webp 1920w\" sizes=\"(max-width: 600px) 100vw, 600px\" loading=\"eager\" \/><\/div>\t\t<\/div>\r\n\t\t\t<\/article>\r\n\t<article class=\"w-grid-item size_1x1 post-14454 attachment type-attachment status-inherit hentry\" data-id=\"14454\">\r\n\t\t<div class=\"w-grid-item-h\">\r\n\t\t\t\t\t\t\t<a ref=\"magnificPopupList\" data-alt=\"Centro Flamenco de Sevilla\" href=\"https:\/\/www.tablaosflamencos.com\/wp-content\/uploads\/centro-flamenco-de-sevilla-01-47.webp\" class=\"w-grid-item-anchor\" aria-label=\"Centro Flamenco de Sevilla\"><\/a>\r\n\t\t\t\t\t\t<div class=\"w-post-elm post_image usg_post_image_1 stretched\"><img decoding=\"async\" width=\"400\" height=\"600\" src=\"https:\/\/www.tablaosflamencos.com\/wp-content\/uploads\/centro-flamenco-de-sevilla-01-47-400x600.webp\" class=\"attachment-us_600_600 size-us_600_600\" alt=\"Centro Flamenco de Sevilla\" srcset=\"https:\/\/www.tablaosflamencos.com\/wp-content\/uploads\/centro-flamenco-de-sevilla-01-47-400x600.webp 400w, https:\/\/www.tablaosflamencos.com\/wp-content\/uploads\/centro-flamenco-de-sevilla-01-47-200x300.webp 200w, https:\/\/www.tablaosflamencos.com\/wp-content\/uploads\/centro-flamenco-de-sevilla-01-47-683x1024.webp 683w, https:\/\/www.tablaosflamencos.com\/wp-content\/uploads\/centro-flamenco-de-sevilla-01-47-1025x1536.webp 1025w, https:\/\/www.tablaosflamencos.com\/wp-content\/uploads\/centro-flamenco-de-sevilla-01-47-100x150.webp 100w, https:\/\/www.tablaosflamencos.com\/wp-content\/uploads\/centro-flamenco-de-sevilla-01-47.webp 1281w\" sizes=\"(max-width: 400px) 100vw, 400px\" loading=\"eager\" \/><\/div>\t\t<\/div>\r\n\t\t\t<\/article>\r\n<\/div><div class=\"g-preloader type_1\"><div><\/div><\/div><div class=\"w-grid-list-json hidden\" onclick='return {&quot;max_num_pages&quot;:0,&quot;paginationBase&quot;:&quot;page&quot;,&quot;pagination&quot;:&quot;none&quot;,&quot;paged&quot;:1,&quot;ajaxData&quot;:{&quot;action&quot;:&quot;us_ajax_post_list&quot;,&quot;meta_type&quot;:&quot;post&quot;,&quot;object_id&quot;:0,&quot;template_vars&quot;:{&quot;shortcode_base&quot;:&quot;us_post_list&quot;,&quot;paged&quot;:1,&quot;max_num_pages&quot;:0,&quot;no_results&quot;:false,&quot;us_post_content_design_css&quot;:[],&quot;found_posts&quot;:0,&quot;per_page&quot;:10,&quot;items_count&quot;:10,&quot;orderby_random_seed&quot;:797693465,&quot;source&quot;:&quot;media&quot;,&quot;custom_field_name&quot;:&quot;&quot;,&quot;ids&quot;:&quot;&quot;,&quot;post_type&quot;:&quot;post&quot;,&quot;attachment_ids&quot;:&quot;14473,14472,14471,14470,14469,14468,14467,14466,14465,14464,14463,14462,14461,14460,14459,14458,14457,14456,14455,14454,14453,14452,14451,14450,14449,14448,14447,14446,14445,14444,14443,14442,14441,14440,14439,14438,14437,14436,14435,14434,14433,14432,14431,14430,14429,14428,14427,14426,14425,14424,14423,14422,14421,14420,14419,14418,14417,14416,14415,14414,14413,14412,14411,14410,14409,14408,14407&quot;,&quot;include_post_thumbnail&quot;:0,&quot;post_author&quot;:&quot;any&quot;,&quot;post_author_ids&quot;:&quot;&quot;,&quot;apply_url_params&quot;:0,&quot;ignore_sticky_posts&quot;:1,&quot;exclude_children&quot;:0,&quot;exclude_current_post&quot;:1,&quot;exclude_prev_posts&quot;:0,&quot;exclude_past_events&quot;:0,&quot;enable_items_offset&quot;:0,&quot;items_offset&quot;:&quot;1&quot;,&quot;tax_query_relation&quot;:&quot;none&quot;,&quot;tax_query&quot;:[{&quot;operator&quot;:&quot;IN&quot;,&quot;taxonomy&quot;:&quot;category&quot;,&quot;terms&quot;:&quot;&quot;,&quot;include_children&quot;:0}],&quot;meta_query_relation&quot;:&quot;none&quot;,&quot;meta_query&quot;:[{&quot;key&quot;:&quot;custom_field_name&quot;,&quot;compare&quot;:&quot;=&quot;,&quot;value&quot;:&quot;&quot;}],&quot;orderby&quot;:&quot;rand&quot;,&quot;orderby_custom_field&quot;:&quot;&quot;,&quot;orderby_custom_type&quot;:0,&quot;order_invert&quot;:0,&quot;show_all&quot;:0,&quot;quantity&quot;:&quot;10&quot;,&quot;posts_per_archive_page&quot;:0,&quot;no_items_action&quot;:&quot;message&quot;,&quot;no_items_message&quot;:&quot;Geen resultaten gevonden.&quot;,&quot;no_items_page_block&quot;:&quot;&quot;,&quot;pagination&quot;:&quot;none&quot;,&quot;pagination_style&quot;:&quot;&quot;,&quot;pagination_btn_text&quot;:&quot;Laad meer&quot;,&quot;pagination_btn_size&quot;:&quot;&quot;,&quot;pagination_btn_style&quot;:&quot;1&quot;,&quot;pagination_btn_fullwidth&quot;:0,&quot;items_layout&quot;:&quot;gallery_default&quot;,&quot;type&quot;:&quot;grid&quot;,&quot;items_valign&quot;:0,&quot;ignore_items_size&quot;:0,&quot;columns&quot;:&quot;5&quot;,&quot;items_gap&quot;:&quot;0.5rem&quot;,&quot;load_animation&quot;:&quot;none&quot;,&quot;items_preload_style&quot;:&quot;spinner&quot;,&quot;img_size&quot;:&quot;us_600_600&quot;,&quot;img_aspect_ratio&quot;:&quot;1\\\/1&quot;,&quot;title_size&quot;:&quot;&quot;,&quot;item_aspect_ratio&quot;:&quot;1\\\/1&quot;,&quot;overriding_link&quot;:&quot;%7B%22type%22%3A%22popup_image%22%7D&quot;,&quot;popup_page_template&quot;:&quot;0&quot;,&quot;popup_width&quot;:&quot;&quot;,&quot;popup_arrows&quot;:1,&quot;breakpoint_1_width&quot;:&quot;1381px&quot;,&quot;breakpoint_1_cols&quot;:&quot;default&quot;,&quot;breakpoint_1_quantity&quot;:&quot;&quot;,&quot;breakpoint_1_gap&quot;:&quot;&quot;,&quot;breakpoint_2_width&quot;:&quot;1025px&quot;,&quot;breakpoint_2_cols&quot;:&quot;2&quot;,&quot;breakpoint_2_quantity&quot;:&quot;&quot;,&quot;breakpoint_2_gap&quot;:&quot;&quot;,&quot;breakpoint_3_width&quot;:&quot;601px&quot;,&quot;breakpoint_3_cols&quot;:&quot;1&quot;,&quot;breakpoint_3_quantity&quot;:&quot;&quot;,&quot;breakpoint_3_gap&quot;:&quot;&quot;,&quot;conditions_operator&quot;:&quot;always&quot;,&quot;conditions&quot;:[],&quot;css&quot;:null,&quot;el_class&quot;:&quot;&quot;,&quot;el_id&quot;:&quot;&quot;,&quot;enable_custom_html_atts&quot;:0,&quot;custom_html_atts&quot;:null,&quot;hide_on_states&quot;:&quot;&quot;,&quot;hide_for_sticky&quot;:0,&quot;hide_for_not_sticky&quot;:0,&quot;hide_below&quot;:&quot;0px&quot;,&quot;hide_above&quot;:&quot;0px&quot;,&quot;items_ratio&quot;:&quot;&quot;,&quot;items_ratio_width&quot;:&quot;&quot;,&quot;items_ratio_height&quot;:&quot;&quot;,&quot;classes&quot;:&quot;&quot;},&quot;found_posts&quot;:0,&quot;per_page&quot;:10,&quot;orderby_random_seed&quot;:797693465},&quot;facetedFilter&quot;:[]}'><\/div><\/div><\/div><\/div><\/div><\/div><\/div><\/section><section class=\"l-section wpb_row height_huge color_alternate with_shape\"><div class=\"l-section-shape type_zigzag pos_top hor_flip\" style=\"height:3vmin;\"><svg xmlns=\"http:\/\/www.w3.org\/2000\/svg\" viewBox=\"0 0 64 8\" preserveAspectRatio=\"none\" width=\"100%\" height=\"100%\">\r\n\t<path fill=\"currentColor\" d=\"M64 8 L0 8 L0 0 L20 7.9 L40 3 L48 5 L64 0 Z\"\/>\r\n<\/svg><\/div><div class=\"l-section-shape type_zigzag pos_bottom\" style=\"height:3vmin;\"><svg xmlns=\"http:\/\/www.w3.org\/2000\/svg\" viewBox=\"0 0 64 8\" preserveAspectRatio=\"none\" width=\"100%\" height=\"100%\">\r\n\t<path fill=\"currentColor\" d=\"M64 8 L0 8 L0 0 L20 7.9 L40 3 L48 5 L64 0 Z\"\/>\r\n<\/svg><\/div><div class=\"l-section-h i-cf\"><div class=\"g-cols vc_row via_flex valign_top type_default stacking_default\"><div class=\"vc_col-sm-6 wpb_column vc_column_container\"><div class=\"vc_column-inner\"><div class=\"wpb_wrapper\"><div class=\"wpb_text_column\"><div class=\"wpb_wrapper\"><h2 id=\"gestion-digital\">De onzichtbare kant: beheer, reserveringen en digitalisering<\/h2>\n<p>Het artistieke leven van het centrum bestond naast een kant die minder zichtbaar was voor het publiek: sterk gedigitaliseerd beheer. De leiding werkte met online verkoop- en reserveringssystemen, kanaalbeheer en co\u00f6rdinatie tussen directe verkoop en partnerkanalen.<\/p>\n<p>Het doel was dat een kleine zaal kon functioneren met een commerci\u00eble structuur die geavanceerder was dan de omvang deed vermoeden. Directe verkoop, partners, beschikbaarheid en beheer moesten met elkaar communiceren om overboekingen te voorkomen en handmatig werk te verminderen.<\/p>\n<p>Die aanpak verving de artistieke leiding niet. Integendeel: hij moest operationele tijd vrijmaken zodat meer aandacht kon gaan naar de cast, de kwaliteit van de voorstellingen en de relatie met het publiek.<\/p>\n<\/div><\/div><\/div><\/div><\/div><div class=\"vc_col-sm-6 wpb_column vc_column_container\"><div class=\"vc_column-inner\"><div class=\"wpb_wrapper\"><div class=\"wpb_text_column\"><div class=\"wpb_wrapper\"><h3>Een model dat ook na de locatie bleef bestaan<\/h3>\n<p>Een deel van die digitaliserings- en organisatiepraktijken werd later overgedragen aan andere flamencoprojecten in Sevilla. De locatie stopte met haar activiteit, maar sommige methodes die in die jaren waren ontwikkeld, bleven voortleven.<\/p>\n<p>Deze erfenis is minder zichtbaar dan een foto van het podium, maar helpt te begrijpen waarom Centro Flamenco de Sevilla ook een klein managementlaboratorium was: <strong>artistieke traditie op het podium en operationele modernisering erachter<\/strong>.<\/p>\n<p>De geschiedenis van flamenco wordt niet alleen opgebouwd uit stijlen, artiesten en voorstellingen. Ze verandert ook door de manier waarop zalen zich organiseren, verkopen, communiceren en omstandigheden cre\u00ebren waarin artiesten kunnen werken.<\/p>\n<\/div><\/div><\/div><\/div><\/div><\/div><\/div><\/section><section class=\"l-section wpb_row height_huge\"><div class=\"l-section-h i-cf\"><div class=\"g-cols vc_row via_flex valign_top type_default stacking_default\"><div class=\"vc_col-sm-12 wpb_column vc_column_container\"><div class=\"vc_column-inner\"><div class=\"wpb_wrapper\"><div class=\"wpb_text_column\"><div class=\"wpb_wrapper\"><h2 id=\"cronologia-centro\">Tijdlijn van Centro Flamenco de Sevilla<\/h2>\n<div style=\"overflow-x: auto;\">\n<table>\n<thead>\n<tr>\n<th>Periode<\/th>\n<th>Wat er gebeurde<\/th>\n<th>Waarom het belangrijk is<\/th>\n<\/tr>\n<\/thead>\n<tbody>\n<tr>\n<td><strong>2022<\/strong><\/td>\n<td>Opening van Centro Flamenco de Sevilla aan C\/ Francos 33.<\/td>\n<td>Een kleinschalige tablao ontstaat midden in het historische centrum.<\/td>\n<\/tr>\n<tr>\n<td><strong>2022\u20132023<\/strong><\/td>\n<td>Een dagelijks programma met zang, dans en gitaar, met artiesten uit verschillende generaties, raakt stevig verankerd.<\/td>\n<td>De zaal ontwikkelt haar akoestische, intieme en nabije identiteit.<\/td>\n<\/tr>\n<tr>\n<td><strong>2023<\/strong><\/td>\n<td>De regelmatige aanwezigheid van artiesten, bezoekers en professionals maakt de plek tot een vaste ontmoetingsplaats.<\/td>\n<td>Het leven rond het podium wordt even belangrijk als de voorstelling zelf.<\/td>\n<\/tr>\n<tr>\n<td><strong>2023\u20132024<\/strong><\/td>\n<td>Het digitale beheer van reserveringen, directe verkoop en partnerkanalen wordt verder uitgebouwd.<\/td>\n<td>Het centrum combineert een kleinschalig artistiek format met geavanceerd commercieel beheer.<\/td>\n<\/tr>\n<tr>\n<td><strong>2024<\/strong><\/td>\n<td>De fase van het project aan C\/ Francos eindigt vanwege stedenbouwkundige kwesties rond de locatie.<\/td>\n<td>De sluiting be\u00ebindigt de activiteit in de ruimte, maar niet de relaties of methodes die eromheen zijn ontstaan.<\/td>\n<\/tr>\n<tr>\n<td><strong>Daarna<\/strong><\/td>\n<td>Een deel van de artistieke, commerci\u00eble en digitale ervaring wordt meegenomen naar andere projecten in de sector.<\/td>\n<td>De erfenis leeft verder buiten de muren van de zaal.<\/td>\n<\/tr>\n<\/tbody>\n<\/table>\n<\/div>\n<\/div><\/div><\/div><\/div><\/div><\/div><\/div><\/section><section class=\"l-section wpb_row height_huge color_alternate with_shape\"><div class=\"l-section-shape type_zigzag pos_top\" style=\"height:3vmin;\"><svg xmlns=\"http:\/\/www.w3.org\/2000\/svg\" viewBox=\"0 0 64 8\" preserveAspectRatio=\"none\" width=\"100%\" height=\"100%\">\r\n\t<path fill=\"currentColor\" d=\"M64 8 L0 8 L0 0 L20 7.9 L40 3 L48 5 L64 0 Z\"\/>\r\n<\/svg><\/div><div class=\"l-section-shape type_zigzag pos_bottom\" style=\"height:3vmin;\"><svg xmlns=\"http:\/\/www.w3.org\/2000\/svg\" viewBox=\"0 0 64 8\" preserveAspectRatio=\"none\" width=\"100%\" height=\"100%\">\r\n\t<path fill=\"currentColor\" d=\"M64 8 L0 8 L0 0 L20 7.9 L40 3 L48 5 L64 0 Z\"\/>\r\n<\/svg><\/div><div class=\"l-section-h i-cf\"><div class=\"g-cols vc_row via_flex valign_top type_default stacking_default\"><div class=\"vc_col-sm-6 wpb_column vc_column_container\"><div class=\"vc_column-inner\"><div class=\"wpb_wrapper\"><div class=\"wpb_text_column\"><div class=\"wpb_wrapper\"><h2 id=\"legado-centro\">Wat het betekende voor de flamenco in Sevilla<\/h2>\n<p>Het zou onvoldoende zijn om de waarde van een culturele ruimte alleen te meten aan de omvang of het aantal actieve jaren. Bij Centro Flamenco de Sevilla ligt de sleutel juist in de verhouding tussen beide: <strong>een heel kleine zaal met een aanzienlijk menselijk netwerk eromheen<\/strong>.<\/p>\n<p>Het was een professioneel podium, een plek voor praktisch leren, een doorgangsplek voor collega\u2019s en een ruimte voor samenzijn. Iets meer dan twee jaar lang bracht het mensen samen die normaal verspreid waren over verschillende tablaos, theaters, scholen en projecten.<\/p>\n<p>Zulke plekken vervullen een rol die moeilijk in statistieken te vangen is. Ze bouwen vertrouwen op, maken ontmoetingen mogelijk en cre\u00ebren gedeelde herinneringen.<\/p>\n<\/div><\/div><\/div><\/div><\/div><div class=\"vc_col-sm-6 wpb_column vc_column_container\"><div class=\"vc_column-inner\"><div class=\"wpb_wrapper\"><div class=\"wpb_text_column\"><div class=\"wpb_wrapper\"><h3>Wat er na de sluiting overbleef<\/h3>\n<p>De sluiting vanwege stedenbouwkundige kwesties maakte een einde aan de fysieke fase van het centrum, maar wiste de opgebouwde relaties niet uit. Veel mensen die elkaar daar ontmoetten, bleven elkaar in andere zalen en projecten tegenkomen. Ook de ervaring met artistieke leiding, verkoop en beheer bleef buiten de locatie worden toegepast.<\/p>\n<p>En vooral bleef \u00e9\u00e9n eenvoudige gedachte bestaan: <strong>een tablao kan veel meer zijn dan de plek waar een voorstelling wordt gehouden<\/strong>. Wanneer er continu\u00efteit, nabijheid en een professionele gemeenschap zijn, kan zo\u2019n plek een klein zwaartepunt worden voor een deel van het flamencoleven van een stad.<\/p>\n<p>Om dit verhaal in een bredere context te plaatsen, lees ook <a href=\"https:\/\/www.tablaosflamencos.com\/que-es-el-flamenco.html\"><strong>wat flamenco is en wat de fundamentele elementen ervan zijn<\/strong><\/a>.<\/p>\n<\/div><\/div><\/div><\/div><\/div><\/div><\/div><\/section><section class=\"l-section wpb_row height_huge\"><div class=\"l-section-h i-cf\"><div class=\"g-cols vc_row via_flex valign_top type_default stacking_default\"><div class=\"vc_col-sm-1\/5 wpb_column vc_column_container\"><div class=\"vc_column-inner\"><div class=\"wpb_wrapper\"><\/div><\/div><\/div><div class=\"vc_col-sm-3\/5 wpb_column vc_column_container\"><div class=\"vc_column-inner\"><div class=\"wpb_wrapper\"><div class=\"wpb_text_column\"><div class=\"wpb_wrapper\"><h2 id=\"faq-centro\">Veelgestelde vragen over Centro Flamenco de Sevilla<\/h2>\n<p>Een samenvatting van de belangrijkste gegevens uit deze periode van de tablao en zijn rol binnen de flamenco in Sevilla.<\/p>\n<\/div><\/div><div class=\"w-separator size_medium\"><\/div><div class=\"w-tabs accordion toggle_style_1 has_scrolling\" style=\"--sections-title-size:inherit;--sections-gap:0.5rem;\"><div class=\"w-tabs-sections titles-align_none icon_plus cpos_left\"><div class=\"w-tabs-section\" id=\"vc78\" itemscope itemprop=\"mainEntity\" itemtype=\"https:\/\/schema.org\/Question\"><button type=\"button\" class=\"w-tabs-section-header\" aria-controls=\"content-vc78\" aria-expanded=\"false\"><h3 class=\"w-tabs-section-title\" itemprop=\"name\">Wanneer opende Centro Flamenco de Sevilla?<\/h3><div class=\"w-tabs-section-control\"><\/div><\/button><div  class=\"w-tabs-section-content\" id=\"content-vc78\" itemscope itemprop=\"acceptedAnswer\" itemtype=\"https:\/\/schema.org\/Answer\"><div class=\"w-tabs-section-content-h i-cf\" itemprop=\"text\"><div class=\"wpb_text_column\"><div class=\"wpb_wrapper\"><p>Centro Flamenco de Sevilla begon zijn activiteiten in <strong>2022<\/strong> aan C\/ Francos 33, in het historische centrum van Sevilla.<\/p>\n<\/div><\/div><\/div><\/div><\/div><div class=\"w-tabs-section\" id=\"vdc7\" itemscope itemprop=\"mainEntity\" itemtype=\"https:\/\/schema.org\/Question\"><button type=\"button\" class=\"w-tabs-section-header\" aria-controls=\"content-vdc7\" aria-expanded=\"false\"><h3 class=\"w-tabs-section-title\" itemprop=\"name\">Hoeveel mensen pasten er in de zaal?<\/h3><div class=\"w-tabs-section-control\"><\/div><\/button><div  class=\"w-tabs-section-content\" id=\"content-vdc7\" itemscope itemprop=\"acceptedAnswer\" itemtype=\"https:\/\/schema.org\/Answer\"><div class=\"w-tabs-section-content-h i-cf\" itemprop=\"text\"><div class=\"wpb_text_column\"><div class=\"wpb_wrapper\"><p>De offici\u00eble toeristische documentatie van Sevilla vermeldde een <strong>capaciteit van 32 personen<\/strong>, een omvang die het intieme karakter van de ervaring bepaalde.<\/p>\n<\/div><\/div><\/div><\/div><\/div><div class=\"w-tabs-section\" id=\"af34\" itemscope itemprop=\"mainEntity\" itemtype=\"https:\/\/schema.org\/Question\"><button type=\"button\" class=\"w-tabs-section-header\" aria-controls=\"content-af34\" aria-expanded=\"false\"><h3 class=\"w-tabs-section-title\" itemprop=\"name\">Wie richtte Centro Flamenco de Sevilla op en leidde het?<\/h3><div class=\"w-tabs-section-control\"><\/div><\/button><div  class=\"w-tabs-section-content\" id=\"content-af34\" itemscope itemprop=\"acceptedAnswer\" itemtype=\"https:\/\/schema.org\/Answer\"><div class=\"w-tabs-section-content-h i-cf\" itemprop=\"text\"><div class=\"wpb_text_column\"><div class=\"wpb_wrapper\"><p>Het project werd opgericht en geleid door <strong>Miguel Ortiz<\/strong>, verantwoordelijk voor de algemene en artistieke leiding tijdens de actieve periode.<\/p>\n<\/div><\/div><\/div><\/div><\/div><div class=\"w-tabs-section\" id=\"c062\" itemscope itemprop=\"mainEntity\" itemtype=\"https:\/\/schema.org\/Question\"><button type=\"button\" class=\"w-tabs-section-header\" aria-controls=\"content-c062\" aria-expanded=\"false\"><h3 class=\"w-tabs-section-title\" itemprop=\"name\">Hoe zagen de voorstellingen eruit?<\/h3><div class=\"w-tabs-section-control\"><\/div><\/button><div  class=\"w-tabs-section-content\" id=\"content-c062\" itemscope itemprop=\"acceptedAnswer\" itemtype=\"https:\/\/schema.org\/Answer\"><div class=\"w-tabs-section-content-h i-cf\" itemprop=\"text\"><div class=\"wpb_text_column\"><div class=\"wpb_wrapper\"><p>Het format was gebaseerd op <strong>flamencozang, dans en gitaar<\/strong> in een zaal met beperkte capaciteit, met optredens zeer dicht bij het publiek en een akoestische benadering die natuurlijk luisteren stimuleerde.<\/p>\n<\/div><\/div><\/div><\/div><\/div><div class=\"w-tabs-section\" id=\"v152\" itemscope itemprop=\"mainEntity\" itemtype=\"https:\/\/schema.org\/Question\"><button type=\"button\" class=\"w-tabs-section-header\" aria-controls=\"content-v152\" aria-expanded=\"false\"><h3 class=\"w-tabs-section-title\" itemprop=\"name\">Waarom werd het een ontmoetingsplek?<\/h3><div class=\"w-tabs-section-control\"><\/div><\/button><div  class=\"w-tabs-section-content\" id=\"content-v152\" itemscope itemprop=\"acceptedAnswer\" itemtype=\"https:\/\/schema.org\/Answer\"><div class=\"w-tabs-section-content-h i-cf\" itemprop=\"text\"><div class=\"wpb_text_column\"><div class=\"wpb_wrapper\"><p>Naast de eigen artiesten kwamen ook collega\u2019s uit andere tablaos en professionals uit de sector langs. Na de laatste voorstelling waren <strong>gesprekken en informele bijeenkomsten<\/strong> gebruikelijk, die tot diep in de nacht konden doorgaan.<\/p>\n<\/div><\/div><\/div><\/div><\/div><\/div><\/div><div class=\"w-separator size_medium\"><\/div><div class=\"wpb_text_column\"><div class=\"wpb_wrapper\"><h3>Waarom kon zo\u2019n kleine zaal zoveel leven hebben?<\/h3>\n<ul>\n<li>Artiesten en publiek waren fysiek heel dicht bij elkaar.<\/li>\n<li>Er was dagelijks continu\u00efteit in de activiteit.<\/li>\n<li>Performers uit verschillende generaties deelden het podium.<\/li>\n<li>De leiding was betrokken bij zowel de artistieke kant als het dagelijkse beheer.<\/li>\n<li>Professionals van andere locaties kwamen regelmatig langs.<\/li>\n<li>Het einde van de voorstelling betekende niet noodzakelijk het einde van de ontmoeting.<\/li>\n<\/ul>\n<p>&nbsp;<\/p>\n<blockquote>\n<p><strong>De kern:<\/strong> Centro Flamenco de Sevilla was klein qua capaciteit, maar functioneerde tijdens zijn actieve jaren als een zaal met een artistiek en professioneel leven dat veel groter was dan de 32 stoelen.<\/p>\n<\/blockquote>\n<\/div><\/div><\/div><\/div><\/div><div class=\"vc_col-sm-1\/5 wpb_column vc_column_container\"><div class=\"vc_column-inner\"><div class=\"wpb_wrapper\"><\/div><\/div><\/div><\/div><\/div><\/section><section class=\"l-section wpb_row height_huge color_alternate with_shape\"><div class=\"l-section-shape type_zigzag pos_top hor_flip\" style=\"height:3vmin;\"><svg xmlns=\"http:\/\/www.w3.org\/2000\/svg\" viewBox=\"0 0 64 8\" preserveAspectRatio=\"none\" width=\"100%\" height=\"100%\">\r\n\t<path fill=\"currentColor\" d=\"M64 8 L0 8 L0 0 L20 7.9 L40 3 L48 5 L64 0 Z\"\/>\r\n<\/svg><\/div><div class=\"l-section-shape type_zigzag pos_bottom\" style=\"height:3vmin;\"><svg xmlns=\"http:\/\/www.w3.org\/2000\/svg\" viewBox=\"0 0 64 8\" preserveAspectRatio=\"none\" width=\"100%\" height=\"100%\">\r\n\t<path fill=\"currentColor\" d=\"M64 8 L0 8 L0 0 L20 7.9 L40 3 L48 5 L64 0 Z\"\/>\r\n<\/svg><\/div><div class=\"l-section-h i-cf\"><div class=\"g-cols vc_row via_flex valign_top type_default stacking_default\"><div class=\"vc_col-sm-6 wpb_column vc_column_container\"><div class=\"vc_column-inner\"><div class=\"wpb_wrapper\"><div class=\"wpb_text_column\"><div class=\"wpb_wrapper\"><h2>Een recente herinnering aan flamenco in Sevilla<\/h2>\n<p>Centro Flamenco de Sevilla behoort tot een recente periode, maar een die intens genoeg was om heel concrete herinneringen achter te laten: het podium op enkele meters van de eerste rij, artiesten die op hun beurt wachtten, gesprekken na afloop, collega\u2019s die binnenkwamen nadat ze in andere zalen hadden gewerkt, en nachten die veel langer doorgingen dan de verkooptijden.<\/p>\n<p>Niet iedere plek die flamenco programmeert wordt een ontmoetingsplek. Daarvoor zijn tijd, vertrouwen, continu\u00efteit en een gemeenschap nodig die de plek als van zichzelf ervaart.<\/p>\n<p>Iets meer dan twee jaar lang was dat wat er aan C\/ Francos 33 gebeurde.<\/p>\n<\/div><\/div><\/div><\/div><\/div><div class=\"vc_col-sm-6 wpb_column vc_column_container\"><div class=\"vc_column-inner\"><div class=\"wpb_wrapper\"><div class=\"wpb_text_column\"><div class=\"wpb_wrapper\"><h3>Bronnen en herinnering aan het project<\/h3>\n<p>Het bestaan, de locatie, de tijden en de capaciteit van Centro Flamenco de Sevilla zijn vastgelegd in offici\u00eble toeristische materialen van Sevilla die tijdens de actieve periode zijn gepubliceerd. Raadpleeg de <a href=\"https:\/\/visitasevilla.es\/wp-content\/uploads\/2024\/04\/Folleto-Flamenco-ESP.pptx-1_compressed.pdf\" target=\"_blank\" rel=\"noopener\"><strong>offici\u00eble brochure Flamenco in Sevilla<\/strong><\/a>.<\/p>\n<p>De reconstructie van het interne leven van de locatie, de akoestische werking, de gesprekken na de voorstellingen, het samenzijn van generaties en het beheer van het project steunt daarnaast op <strong>interne documentatie en de directe herinnering van de leiding<\/strong>.<\/p>\n<p><strong>Laatst bijgewerkt: 4 september 2026.<\/strong><\/p>\n<\/div><\/div><\/div><\/div><\/div><\/div><\/div><\/section>\n","protected":false},"excerpt":{"rendered":"<p>Het verhaal van Centro Flamenco de Sevilla aan C\/ Francos 33: een intieme zaal die tussen 2022 en 2024 artiesten, professionals en flamencoliefhebbers samenbracht.<\/p>\n","protected":false},"author":1,"featured_media":14456,"comment_status":"closed","ping_status":"closed","sticky":false,"template":"","format":"standard","meta":{"_acf_changed":false,"wpai_generated_summary":"","_ayudawp_aiss_exclude":false,"_ayudawp_aiss_exclude_summary":false,"_ayudawp_aiss_summary":"","_ayudawp_aiss_summary_provider":"","_ayudawp_aiss_summary_hash":"","footnotes":""},"categories":[352],"tags":[1999,1133,1422,423,452,1231],"class_list":["post-14486","post","type-post","status-publish","format-standard","has-post-thumbnail","hentry","category-tablaos-en-flamencoshows","tag-centro-flamenco-de-sevilla-nl","tag-flamenco-en-sevilla","tag-geschiedenis-van-flamenco","tag-sevilla","tag-tablao-flamenco-sevilla","tag-tablaos-de-sevilla"],"acf":[],"yoast_head":"<!-- This site is optimized with the Yoast SEO Premium plugin v28.4 (Yoast SEO v28.4) - https:\/\/yoast.com\/product\/yoast-seo-premium-wordpress\/ -->\n<title>Centro Flamenco de Sevilla: verhaal van een ontmoetingsplek<\/title>\n<meta name=\"description\" content=\"Het verhaal van Centro Flamenco de Sevilla aan C\/ Francos 33: een intieme zaal die tussen 2022 en 2024 artiesten, professionals en flamencoliefhebbers samenbracht.\" \/>\n<meta name=\"robots\" content=\"index, follow, max-snippet:-1, max-image-preview:large, max-video-preview:-1\" \/>\n<link rel=\"canonical\" href=\"https:\/\/www.tablaosflamencos.com\/nl\/centro-flamenco-sevilla-ontmoetingsplek-flamenco.html\" \/>\n<meta property=\"og:locale\" content=\"nl_NL\" \/>\n<meta property=\"og:type\" content=\"article\" \/>\n<meta property=\"og:title\" content=\"Toen Centro Flamenco de Sevilla een ontmoetingsplek voor flamenco in de stad was\" \/>\n<meta property=\"og:description\" content=\"Het verhaal van Centro Flamenco de Sevilla aan C\/ Francos 33: een intieme zaal die tussen 2022 en 2024 artiesten, professionals en flamencoliefhebbers samenbracht.\" \/>\n<meta property=\"og:url\" content=\"https:\/\/www.tablaosflamencos.com\/nl\/centro-flamenco-sevilla-ontmoetingsplek-flamenco.html\" \/>\n<meta property=\"og:site_name\" content=\"Tablaos Flamencos\" \/>\n<meta property=\"article:publisher\" content=\"https:\/\/www.facebook.com\/tablaosflamencos\" \/>\n<meta property=\"article:published_time\" content=\"2026-01-30T17:17:22+00:00\" \/>\n<meta property=\"article:modified_time\" content=\"2026-09-04T16:41:40+00:00\" \/>\n<meta property=\"og:image\" content=\"https:\/\/www.tablaosflamencos.com\/wp-content\/uploads\/centro-flamenco-de-sevilla-01-49.webp\" \/>\n\t<meta property=\"og:image:width\" content=\"1920\" \/>\n\t<meta property=\"og:image:height\" content=\"1280\" \/>\n\t<meta property=\"og:image:type\" content=\"image\/webp\" \/>\n<meta name=\"author\" content=\"Miguel Ortiz\" \/>\n<meta name=\"twitter:card\" content=\"summary_large_image\" \/>\n<meta name=\"twitter:creator\" content=\"@tablaosflamenco\" \/>\n<meta name=\"twitter:site\" content=\"@tablaosflamenco\" \/>\n<meta name=\"twitter:label1\" content=\"Geschreven door\" \/>\n\t<meta name=\"twitter:data1\" content=\"Miguel Ortiz\" \/>\n\t<meta name=\"twitter:label2\" content=\"Geschatte leestijd\" \/>\n\t<meta name=\"twitter:data2\" content=\"17 minuten\" \/>\n<script type=\"application\/ld+json\" class=\"yoast-schema-graph\">{\"@context\":\"https:\\\/\\\/schema.org\",\"@graph\":[{\"@type\":\"Article\",\"@id\":\"https:\\\/\\\/www.tablaosflamencos.com\\\/nl\\\/centro-flamenco-sevilla-ontmoetingsplek-flamenco.html#article\",\"isPartOf\":{\"@id\":\"https:\\\/\\\/www.tablaosflamencos.com\\\/nl\\\/centro-flamenco-sevilla-ontmoetingsplek-flamenco.html\"},\"author\":{\"name\":\"Miguel Ortiz\",\"@id\":\"https:\\\/\\\/www.tablaosflamencos.com\\\/nl#\\\/schema\\\/person\\\/e7a9ebe14eb75a52ceabfbffb3c54f5d\"},\"headline\":\"Toen Centro Flamenco de Sevilla een ontmoetingsplek voor flamenco in de stad was\",\"datePublished\":\"2026-01-30T17:17:22+00:00\",\"dateModified\":\"2026-09-04T16:41:40+00:00\",\"mainEntityOfPage\":{\"@id\":\"https:\\\/\\\/www.tablaosflamencos.com\\\/nl\\\/centro-flamenco-sevilla-ontmoetingsplek-flamenco.html\"},\"wordCount\":3491,\"publisher\":{\"@id\":\"https:\\\/\\\/www.tablaosflamencos.com\\\/nl#organization\"},\"image\":{\"@id\":\"https:\\\/\\\/www.tablaosflamencos.com\\\/nl\\\/centro-flamenco-sevilla-ontmoetingsplek-flamenco.html#primaryimage\"},\"thumbnailUrl\":\"https:\\\/\\\/www.tablaosflamencos.com\\\/wp-content\\\/uploads\\\/centro-flamenco-de-sevilla-01-49.webp\",\"keywords\":[\"Centro Flamenco de Sevilla\",\"flamenco en Sevilla\",\"geschiedenis van flamenco\",\"sevilla\",\"tablao flamenco Sevilla\",\"tablaos de Sevilla\"],\"articleSection\":[\"Tablaos en flamencoshows\"],\"inLanguage\":\"nl-NL\"},{\"@type\":\"WebPage\",\"@id\":\"https:\\\/\\\/www.tablaosflamencos.com\\\/nl\\\/centro-flamenco-sevilla-ontmoetingsplek-flamenco.html\",\"url\":\"https:\\\/\\\/www.tablaosflamencos.com\\\/nl\\\/centro-flamenco-sevilla-ontmoetingsplek-flamenco.html\",\"name\":\"Centro Flamenco de Sevilla: verhaal van een ontmoetingsplek\",\"isPartOf\":{\"@id\":\"https:\\\/\\\/www.tablaosflamencos.com\\\/nl#website\"},\"primaryImageOfPage\":{\"@id\":\"https:\\\/\\\/www.tablaosflamencos.com\\\/nl\\\/centro-flamenco-sevilla-ontmoetingsplek-flamenco.html#primaryimage\"},\"image\":{\"@id\":\"https:\\\/\\\/www.tablaosflamencos.com\\\/nl\\\/centro-flamenco-sevilla-ontmoetingsplek-flamenco.html#primaryimage\"},\"thumbnailUrl\":\"https:\\\/\\\/www.tablaosflamencos.com\\\/wp-content\\\/uploads\\\/centro-flamenco-de-sevilla-01-49.webp\",\"datePublished\":\"2026-01-30T17:17:22+00:00\",\"dateModified\":\"2026-09-04T16:41:40+00:00\",\"description\":\"Het verhaal van Centro Flamenco de Sevilla aan C\\\/ Francos 33: een intieme zaal die tussen 2022 en 2024 artiesten, professionals en flamencoliefhebbers samenbracht.\",\"breadcrumb\":{\"@id\":\"https:\\\/\\\/www.tablaosflamencos.com\\\/nl\\\/centro-flamenco-sevilla-ontmoetingsplek-flamenco.html#breadcrumb\"},\"inLanguage\":\"nl-NL\",\"potentialAction\":[{\"@type\":\"ReadAction\",\"target\":[\"https:\\\/\\\/www.tablaosflamencos.com\\\/nl\\\/centro-flamenco-sevilla-ontmoetingsplek-flamenco.html\"]}]},{\"@type\":\"ImageObject\",\"inLanguage\":\"nl-NL\",\"@id\":\"https:\\\/\\\/www.tablaosflamencos.com\\\/nl\\\/centro-flamenco-sevilla-ontmoetingsplek-flamenco.html#primaryimage\",\"url\":\"https:\\\/\\\/www.tablaosflamencos.com\\\/wp-content\\\/uploads\\\/centro-flamenco-de-sevilla-01-49.webp\",\"contentUrl\":\"https:\\\/\\\/www.tablaosflamencos.com\\\/wp-content\\\/uploads\\\/centro-flamenco-de-sevilla-01-49.webp\",\"width\":1920,\"height\":1280,\"caption\":\"Centro Flamenco de Sevilla\"},{\"@type\":\"BreadcrumbList\",\"@id\":\"https:\\\/\\\/www.tablaosflamencos.com\\\/nl\\\/centro-flamenco-sevilla-ontmoetingsplek-flamenco.html#breadcrumb\",\"itemListElement\":[{\"@type\":\"ListItem\",\"position\":1,\"name\":\"Home\",\"item\":\"https:\\\/\\\/www.tablaosflamencos.com\\\/nl\"},{\"@type\":\"ListItem\",\"position\":2,\"name\":\"Toen Centro Flamenco de Sevilla een ontmoetingsplek voor flamenco in de stad was\"}]},{\"@type\":\"WebSite\",\"@id\":\"https:\\\/\\\/www.tablaosflamencos.com\\\/nl#website\",\"url\":\"https:\\\/\\\/www.tablaosflamencos.com\\\/nl\",\"name\":\"Tablaos Flamencos\",\"description\":\"Entradas para tablaos flamencos de Espa\u00f1a\",\"publisher\":{\"@id\":\"https:\\\/\\\/www.tablaosflamencos.com\\\/nl#organization\"},\"alternateName\":\"Tablaos Flamencos\",\"potentialAction\":[{\"@type\":\"SearchAction\",\"target\":{\"@type\":\"EntryPoint\",\"urlTemplate\":\"https:\\\/\\\/www.tablaosflamencos.com\\\/nl?s={search_term_string}\"},\"query-input\":{\"@type\":\"PropertyValueSpecification\",\"valueRequired\":true,\"valueName\":\"search_term_string\"}}],\"inLanguage\":\"nl-NL\"},{\"@type\":[\"Organization\",\"Place\",\"EntertainmentBusiness\"],\"@id\":\"https:\\\/\\\/www.tablaosflamencos.com\\\/nl#organization\",\"name\":\"Tablaos Flamencos\",\"alternateName\":\"Tablaos Flamencos\",\"url\":\"https:\\\/\\\/www.tablaosflamencos.com\\\/nl\",\"logo\":{\"@id\":\"https:\\\/\\\/www.tablaosflamencos.com\\\/nl\\\/centro-flamenco-sevilla-ontmoetingsplek-flamenco.html#local-main-organization-logo\"},\"image\":{\"@id\":\"https:\\\/\\\/www.tablaosflamencos.com\\\/nl\\\/centro-flamenco-sevilla-ontmoetingsplek-flamenco.html#local-main-organization-logo\"},\"sameAs\":[\"https:\\\/\\\/www.facebook.com\\\/tablaosflamencos\",\"https:\\\/\\\/x.com\\\/tablaosflamenco\",\"https:\\\/\\\/mastodon.social\\\/@tablaosflamencos\",\"https:\\\/\\\/www.instagram.com\\\/tablaosflamencos\",\"https:\\\/\\\/tiktok.com\\\/@tablaosflamencos\",\"https:\\\/\\\/www.linkedin.com\\\/company\\\/109408238\\\/\"],\"description\":\"Venta de entradas para espect\u00e1culos flamencos\",\"legalName\":\"Tablaos Flamencos\",\"foundingDate\":\"2015-01-01\",\"numberOfEmployees\":{\"@type\":\"QuantitativeValue\",\"minValue\":\"1\",\"maxValue\":\"10\"},\"address\":{\"@id\":\"https:\\\/\\\/www.tablaosflamencos.com\\\/nl\\\/centro-flamenco-sevilla-ontmoetingsplek-flamenco.html#local-main-place-address\"},\"geo\":{\"@type\":\"GeoCoordinates\",\"latitude\":\"37.3868072\",\"longitude\":\"-5.993280299999999\"},\"telephone\":[\"+34623787787\"],\"contactPoint\":{\"@type\":\"ContactPoint\",\"telephone\":\"+34623787787\",\"email\":\"info@tablaosflamencos.com\"},\"openingHoursSpecification\":{\"@type\":\"OpeningHoursSpecification\",\"dayOfWeek\":[\"Monday\",\"Tuesday\",\"Wednesday\",\"Thursday\",\"Friday\",\"Saturday\",\"Sunday\"],\"opens\":\"00:00\",\"closes\":\"23:59\"},\"email\":\"info@tablaosflamencos.com\",\"priceRange\":\"$$$\",\"currenciesAccepted\":\"\u20ac\"},{\"@type\":\"Person\",\"@id\":\"https:\\\/\\\/www.tablaosflamencos.com\\\/nl#\\\/schema\\\/person\\\/e7a9ebe14eb75a52ceabfbffb3c54f5d\",\"name\":\"Miguel Ortiz\",\"description\":\"Miguel Ortiz es un empresario flamenco, con una s\u00f3lida trayectoria dentro del sector. Ha presidido entidades culturales vinculadas al flamenco y, cuenta con un amplio recorrido profesional en la gesti\u00f3n y promoci\u00f3n de espect\u00e1culos y tablaos flamencos. Su pasi\u00f3n por la historia y el arte flamenco se refleja en cada art\u00edculo, donde combina experiencia, criterio y un profundo respeto por la tradici\u00f3n.\",\"sameAs\":[\"https:\\\/\\\/www.tablaosflamencos.com\",\"https:\\\/\\\/www.instagra.com\\\/miguelortizfe\",\"https:\\\/\\\/www.linkedin.com\\\/in\\\/miguelortizf\\\/\"],\"birthDate\":\"1984-11-22\",\"gender\":\"hombre\",\"knowsLanguage\":[\"espa\u00f1ol\",\"ingl\u00e9s\"],\"jobTitle\":\"Empresario flamenco\"},{\"@type\":\"PostalAddress\",\"@id\":\"https:\\\/\\\/www.tablaosflamencos.com\\\/nl\\\/centro-flamenco-sevilla-ontmoetingsplek-flamenco.html#local-main-place-address\",\"streetAddress\":\"C\\\/ Alemanes, 19\",\"addressLocality\":\"Sevilla\",\"postalCode\":\"41004\",\"addressRegion\":\"Sevilla\",\"addressCountry\":\"ES\"},{\"@type\":\"ImageObject\",\"inLanguage\":\"nl-NL\",\"@id\":\"https:\\\/\\\/www.tablaosflamencos.com\\\/nl\\\/centro-flamenco-sevilla-ontmoetingsplek-flamenco.html#local-main-organization-logo\",\"url\":\"https:\\\/\\\/www.tablaosflamencos.com\\\/wp-content\\\/uploads\\\/tablaos-flamencos-06-3.webp\",\"contentUrl\":\"https:\\\/\\\/www.tablaosflamencos.com\\\/wp-content\\\/uploads\\\/tablaos-flamencos-06-3.webp\",\"width\":600,\"height\":620,\"caption\":\"Tablaos Flamencos\"}]}<\/script>\n<meta name=\"geo.placename\" content=\"Sevilla\" \/>\n<meta name=\"geo.position\" content=\"37.3868072;-5.993280299999999\" \/>\n<meta name=\"geo.region\" content=\"Spanje\" \/>\n<!-- \/ Yoast SEO Premium plugin. -->","yoast_head_json":{"title":"Centro Flamenco de Sevilla: verhaal van een ontmoetingsplek","description":"Het verhaal van Centro Flamenco de Sevilla aan C\/ Francos 33: een intieme zaal die tussen 2022 en 2024 artiesten, professionals en flamencoliefhebbers samenbracht.","robots":{"index":"index","follow":"follow","max-snippet":"max-snippet:-1","max-image-preview":"max-image-preview:large","max-video-preview":"max-video-preview:-1"},"canonical":"https:\/\/www.tablaosflamencos.com\/nl\/centro-flamenco-sevilla-ontmoetingsplek-flamenco.html","og_locale":"nl_NL","og_type":"article","og_title":"Toen Centro Flamenco de Sevilla een ontmoetingsplek voor flamenco in de stad was","og_description":"Het verhaal van Centro Flamenco de Sevilla aan C\/ Francos 33: een intieme zaal die tussen 2022 en 2024 artiesten, professionals en flamencoliefhebbers samenbracht.","og_url":"https:\/\/www.tablaosflamencos.com\/nl\/centro-flamenco-sevilla-ontmoetingsplek-flamenco.html","og_site_name":"Tablaos Flamencos","article_publisher":"https:\/\/www.facebook.com\/tablaosflamencos","article_published_time":"2026-01-30T17:17:22+00:00","article_modified_time":"2026-09-04T16:41:40+00:00","og_image":[{"width":1920,"height":1280,"url":"https:\/\/www.tablaosflamencos.com\/wp-content\/uploads\/centro-flamenco-de-sevilla-01-49.webp","type":"image\/webp"}],"author":"Miguel Ortiz","twitter_card":"summary_large_image","twitter_creator":"@tablaosflamenco","twitter_site":"@tablaosflamenco","twitter_misc":{"Geschreven door":"Miguel Ortiz","Geschatte leestijd":"17 minuten"},"schema":{"@context":"https:\/\/schema.org","@graph":[{"@type":"Article","@id":"https:\/\/www.tablaosflamencos.com\/nl\/centro-flamenco-sevilla-ontmoetingsplek-flamenco.html#article","isPartOf":{"@id":"https:\/\/www.tablaosflamencos.com\/nl\/centro-flamenco-sevilla-ontmoetingsplek-flamenco.html"},"author":{"name":"Miguel Ortiz","@id":"https:\/\/www.tablaosflamencos.com\/nl#\/schema\/person\/e7a9ebe14eb75a52ceabfbffb3c54f5d"},"headline":"Toen Centro Flamenco de Sevilla een ontmoetingsplek voor flamenco in de stad was","datePublished":"2026-01-30T17:17:22+00:00","dateModified":"2026-09-04T16:41:40+00:00","mainEntityOfPage":{"@id":"https:\/\/www.tablaosflamencos.com\/nl\/centro-flamenco-sevilla-ontmoetingsplek-flamenco.html"},"wordCount":3491,"publisher":{"@id":"https:\/\/www.tablaosflamencos.com\/nl#organization"},"image":{"@id":"https:\/\/www.tablaosflamencos.com\/nl\/centro-flamenco-sevilla-ontmoetingsplek-flamenco.html#primaryimage"},"thumbnailUrl":"https:\/\/www.tablaosflamencos.com\/wp-content\/uploads\/centro-flamenco-de-sevilla-01-49.webp","keywords":["Centro Flamenco de Sevilla","flamenco en Sevilla","geschiedenis van flamenco","sevilla","tablao flamenco Sevilla","tablaos de Sevilla"],"articleSection":["Tablaos en flamencoshows"],"inLanguage":"nl-NL"},{"@type":"WebPage","@id":"https:\/\/www.tablaosflamencos.com\/nl\/centro-flamenco-sevilla-ontmoetingsplek-flamenco.html","url":"https:\/\/www.tablaosflamencos.com\/nl\/centro-flamenco-sevilla-ontmoetingsplek-flamenco.html","name":"Centro Flamenco de Sevilla: verhaal van een ontmoetingsplek","isPartOf":{"@id":"https:\/\/www.tablaosflamencos.com\/nl#website"},"primaryImageOfPage":{"@id":"https:\/\/www.tablaosflamencos.com\/nl\/centro-flamenco-sevilla-ontmoetingsplek-flamenco.html#primaryimage"},"image":{"@id":"https:\/\/www.tablaosflamencos.com\/nl\/centro-flamenco-sevilla-ontmoetingsplek-flamenco.html#primaryimage"},"thumbnailUrl":"https:\/\/www.tablaosflamencos.com\/wp-content\/uploads\/centro-flamenco-de-sevilla-01-49.webp","datePublished":"2026-01-30T17:17:22+00:00","dateModified":"2026-09-04T16:41:40+00:00","description":"Het verhaal van Centro Flamenco de Sevilla aan C\/ Francos 33: een intieme zaal die tussen 2022 en 2024 artiesten, professionals en flamencoliefhebbers samenbracht.","breadcrumb":{"@id":"https:\/\/www.tablaosflamencos.com\/nl\/centro-flamenco-sevilla-ontmoetingsplek-flamenco.html#breadcrumb"},"inLanguage":"nl-NL","potentialAction":[{"@type":"ReadAction","target":["https:\/\/www.tablaosflamencos.com\/nl\/centro-flamenco-sevilla-ontmoetingsplek-flamenco.html"]}]},{"@type":"ImageObject","inLanguage":"nl-NL","@id":"https:\/\/www.tablaosflamencos.com\/nl\/centro-flamenco-sevilla-ontmoetingsplek-flamenco.html#primaryimage","url":"https:\/\/www.tablaosflamencos.com\/wp-content\/uploads\/centro-flamenco-de-sevilla-01-49.webp","contentUrl":"https:\/\/www.tablaosflamencos.com\/wp-content\/uploads\/centro-flamenco-de-sevilla-01-49.webp","width":1920,"height":1280,"caption":"Centro Flamenco de Sevilla"},{"@type":"BreadcrumbList","@id":"https:\/\/www.tablaosflamencos.com\/nl\/centro-flamenco-sevilla-ontmoetingsplek-flamenco.html#breadcrumb","itemListElement":[{"@type":"ListItem","position":1,"name":"Home","item":"https:\/\/www.tablaosflamencos.com\/nl"},{"@type":"ListItem","position":2,"name":"Toen Centro Flamenco de Sevilla een ontmoetingsplek voor flamenco in de stad was"}]},{"@type":"WebSite","@id":"https:\/\/www.tablaosflamencos.com\/nl#website","url":"https:\/\/www.tablaosflamencos.com\/nl","name":"Tablaos Flamencos","description":"Entradas para tablaos flamencos de Espa\u00f1a","publisher":{"@id":"https:\/\/www.tablaosflamencos.com\/nl#organization"},"alternateName":"Tablaos Flamencos","potentialAction":[{"@type":"SearchAction","target":{"@type":"EntryPoint","urlTemplate":"https:\/\/www.tablaosflamencos.com\/nl?s={search_term_string}"},"query-input":{"@type":"PropertyValueSpecification","valueRequired":true,"valueName":"search_term_string"}}],"inLanguage":"nl-NL"},{"@type":["Organization","Place","EntertainmentBusiness"],"@id":"https:\/\/www.tablaosflamencos.com\/nl#organization","name":"Tablaos Flamencos","alternateName":"Tablaos Flamencos","url":"https:\/\/www.tablaosflamencos.com\/nl","logo":{"@id":"https:\/\/www.tablaosflamencos.com\/nl\/centro-flamenco-sevilla-ontmoetingsplek-flamenco.html#local-main-organization-logo"},"image":{"@id":"https:\/\/www.tablaosflamencos.com\/nl\/centro-flamenco-sevilla-ontmoetingsplek-flamenco.html#local-main-organization-logo"},"sameAs":["https:\/\/www.facebook.com\/tablaosflamencos","https:\/\/x.com\/tablaosflamenco","https:\/\/mastodon.social\/@tablaosflamencos","https:\/\/www.instagram.com\/tablaosflamencos","https:\/\/tiktok.com\/@tablaosflamencos","https:\/\/www.linkedin.com\/company\/109408238\/"],"description":"Venta de entradas para espect\u00e1culos flamencos","legalName":"Tablaos Flamencos","foundingDate":"2015-01-01","numberOfEmployees":{"@type":"QuantitativeValue","minValue":"1","maxValue":"10"},"address":{"@id":"https:\/\/www.tablaosflamencos.com\/nl\/centro-flamenco-sevilla-ontmoetingsplek-flamenco.html#local-main-place-address"},"geo":{"@type":"GeoCoordinates","latitude":"37.3868072","longitude":"-5.993280299999999"},"telephone":["+34623787787"],"contactPoint":{"@type":"ContactPoint","telephone":"+34623787787","email":"info@tablaosflamencos.com"},"openingHoursSpecification":{"@type":"OpeningHoursSpecification","dayOfWeek":["Monday","Tuesday","Wednesday","Thursday","Friday","Saturday","Sunday"],"opens":"00:00","closes":"23:59"},"email":"info@tablaosflamencos.com","priceRange":"$$$","currenciesAccepted":"\u20ac"},{"@type":"Person","@id":"https:\/\/www.tablaosflamencos.com\/nl#\/schema\/person\/e7a9ebe14eb75a52ceabfbffb3c54f5d","name":"Miguel Ortiz","description":"Miguel Ortiz es un empresario flamenco, con una s\u00f3lida trayectoria dentro del sector. Ha presidido entidades culturales vinculadas al flamenco y, cuenta con un amplio recorrido profesional en la gesti\u00f3n y promoci\u00f3n de espect\u00e1culos y tablaos flamencos. Su pasi\u00f3n por la historia y el arte flamenco se refleja en cada art\u00edculo, donde combina experiencia, criterio y un profundo respeto por la tradici\u00f3n.","sameAs":["https:\/\/www.tablaosflamencos.com","https:\/\/www.instagra.com\/miguelortizfe","https:\/\/www.linkedin.com\/in\/miguelortizf\/"],"birthDate":"1984-11-22","gender":"hombre","knowsLanguage":["espa\u00f1ol","ingl\u00e9s"],"jobTitle":"Empresario flamenco"},{"@type":"PostalAddress","@id":"https:\/\/www.tablaosflamencos.com\/nl\/centro-flamenco-sevilla-ontmoetingsplek-flamenco.html#local-main-place-address","streetAddress":"C\/ Alemanes, 19","addressLocality":"Sevilla","postalCode":"41004","addressRegion":"Sevilla","addressCountry":"ES"},{"@type":"ImageObject","inLanguage":"nl-NL","@id":"https:\/\/www.tablaosflamencos.com\/nl\/centro-flamenco-sevilla-ontmoetingsplek-flamenco.html#local-main-organization-logo","url":"https:\/\/www.tablaosflamencos.com\/wp-content\/uploads\/tablaos-flamencos-06-3.webp","contentUrl":"https:\/\/www.tablaosflamencos.com\/wp-content\/uploads\/tablaos-flamencos-06-3.webp","width":600,"height":620,"caption":"Tablaos Flamencos"}]},"geo.placename":"Sevilla","geo.position":{"lat":"37.3868072","long":"-5.993280299999999"},"geo.region":"Spanje"},"_links":{"self":[{"href":"https:\/\/www.tablaosflamencos.com\/nl\/wp-json\/wp\/v2\/posts\/14486","targetHints":{"allow":["GET"]}}],"collection":[{"href":"https:\/\/www.tablaosflamencos.com\/nl\/wp-json\/wp\/v2\/posts"}],"about":[{"href":"https:\/\/www.tablaosflamencos.com\/nl\/wp-json\/wp\/v2\/types\/post"}],"author":[{"embeddable":true,"href":"https:\/\/www.tablaosflamencos.com\/nl\/wp-json\/wp\/v2\/users\/1"}],"replies":[{"embeddable":true,"href":"https:\/\/www.tablaosflamencos.com\/nl\/wp-json\/wp\/v2\/comments?post=14486"}],"version-history":[{"count":0,"href":"https:\/\/www.tablaosflamencos.com\/nl\/wp-json\/wp\/v2\/posts\/14486\/revisions"}],"wp:featuredmedia":[{"embeddable":true,"href":"https:\/\/www.tablaosflamencos.com\/nl\/wp-json\/wp\/v2\/media\/14456"}],"wp:attachment":[{"href":"https:\/\/www.tablaosflamencos.com\/nl\/wp-json\/wp\/v2\/media?parent=14486"}],"wp:term":[{"taxonomy":"category","embeddable":true,"href":"https:\/\/www.tablaosflamencos.com\/nl\/wp-json\/wp\/v2\/categories?post=14486"},{"taxonomy":"post_tag","embeddable":true,"href":"https:\/\/www.tablaosflamencos.com\/nl\/wp-json\/wp\/v2\/tags?post=14486"}],"curies":[{"name":"wp","href":"https:\/\/api.w.org\/{rel}","templated":true}]}}