{"id":14398,"date":"2026-09-04T17:00:57","date_gmt":"2026-09-04T15:00:57","guid":{"rendered":"https:\/\/www.tablaosflamencos.com\/?p=14398"},"modified":"2026-09-04T17:31:48","modified_gmt":"2026-09-04T15:31:48","slug":"festival-cante-jondo-antonio-mairena-2026-vanuit-sevilla","status":"publish","type":"post","link":"https:\/\/www.tablaosflamencos.com\/nl\/festival-cante-jondo-antonio-mairena-2026-vanuit-sevilla.html","title":{"rendered":"Festival de Cante Jondo Antonio Mairena 2026: programma, tickets en reizen vanuit Sevilla"},"content":{"rendered":"<section class=\"l-section wpb_row height_huge\"><div class=\"l-section-h i-cf\"><div class=\"g-cols vc_row via_flex valign_middle type_default stacking_default\"><div class=\"vc_col-sm-6 wpb_column vc_column_container\"><div class=\"vc_column-inner\"><div class=\"wpb_wrapper\"><div class=\"wpb_text_column\"><div class=\"wpb_wrapper\"><h2>Een van de grote cante-jondo-evenementen op minder dan een uur van Sevilla<\/h2>\n<p>Het <strong>Festival de Cante Jondo Antonio Mairena 2026<\/strong> viert zijn 65e editie van <strong>1 tot en met 5 september 2026<\/strong> in Mairena del Alcor. Het is uitgeroepen tot Feest van Toeristisch Belang van Andalusi\u00eb en brengt vijf dagen lang cante, dans, gitaar, lezingen en educatieve activiteiten samen op verschillende locaties in deze plaats in de provincie Sevilla.<\/p>\n<p>De editie van 2026 is opgedragen aan cantaor <strong>Diego Clavel<\/strong> en eindigt op zaterdag 5 september met een grote gala in het Auditorio Municipal Manuel Mairena. Op het programma staan Jos\u00e9 Merc\u00e9, La Macanita, Juan de Mairena, Roc\u00edo Luna en Farruquito, samen met gitaristen en begeleidende artiesten van hoog niveau.<\/p>\n<p>In deze gids vindt u het volledige programma, de offici\u00eble ticketprijzen en verkooppunten, de festivallocaties en de praktischste manieren om vanuit Sevilla naar Mairena del Alcor te reizen.<\/p>\n<\/div><\/div><\/div><\/div><\/div><div class=\"vc_col-sm-6 wpb_column vc_column_container\"><div class=\"vc_column-inner\"><div class=\"wpb_wrapper\"><div class=\"wpb_text_column\"><div class=\"wpb_wrapper\"><blockquote>\n<p style=\"margin: 0;\"><strong>Kort antwoord:<\/strong> het Festival de Cante Jondo Antonio Mairena 2026 vindt van 1 tot en met 5 september plaats in Mairena del Alcor. De grote gala is op zaterdag 5 om 22:00 uur in het Auditorio Municipal Manuel Mairena, met Jos\u00e9 Merc\u00e9, La Macanita, Juan de Mairena, Roc\u00edo Luna en Farruquito. Tickets zijn verkrijgbaar vanaf 10 euro via de offici\u00eble kanalen van de gemeente en Giglon.<\/p>\n<\/blockquote>\n<\/div><\/div><\/div><\/div><\/div><\/div><\/div><\/section><section class=\"l-section wpb_row height_huge\"><div class=\"l-section-h i-cf\"><div class=\"g-cols vc_row via_flex valign_top type_default stacking_default\"><div class=\"vc_col-sm-3 wpb_column vc_column_container\"><div class=\"vc_column-inner\"><div class=\"wpb_wrapper\"><\/div><\/div><\/div><div class=\"vc_col-sm-6 wpb_column vc_column_container\"><div class=\"vc_column-inner\"><div class=\"wpb_wrapper\"><div class=\"wpb_text_column\"><div class=\"wpb_wrapper\"><h2>Inhoud van deze gids<\/h2>\n<ul>\n<li><a href=\"#datos-clave\">Belangrijkste gegevens van Festival Antonio Mairena 2026<\/a><\/li>\n<li><a href=\"#programacion\">Volledig programma van 1 tot en met 5 september<\/a><\/li>\n<li><a href=\"#gala\">De grote gala op zaterdag 5<\/a><\/li>\n<li><a href=\"#concurso\">De Nationale Wedstrijd als festival<\/a><\/li>\n<li><a href=\"#entradas\">Tickets, prijzen en waar ze te kopen<\/a><\/li>\n<li><a href=\"#espacios\">Waar het festival plaatsvindt<\/a><\/li>\n<li><a href=\"#desde-sevilla\">Hoe u er vanuit Sevilla komt<\/a><\/li>\n<li><a href=\"#consejos\">Praktische tips<\/a><\/li>\n<li><a href=\"#faq\">Veelgestelde vragen<\/a><\/li>\n<\/ul>\n<\/div><\/div><\/div><\/div><\/div><div class=\"vc_col-sm-3 wpb_column vc_column_container\"><div class=\"vc_column-inner\"><div class=\"wpb_wrapper\"><\/div><\/div><\/div><\/div><\/div><\/section><section class=\"l-section wpb_row height_huge color_alternate with_shape\"><div class=\"l-section-shape type_zigzag pos_top hor_flip\" style=\"height:3vmin;\"><svg xmlns=\"http:\/\/www.w3.org\/2000\/svg\" viewBox=\"0 0 64 8\" preserveAspectRatio=\"none\" width=\"100%\" height=\"100%\">\r\n\t<path fill=\"currentColor\" d=\"M64 8 L0 8 L0 0 L20 7.9 L40 3 L48 5 L64 0 Z\"\/>\r\n<\/svg><\/div><div class=\"l-section-shape type_zigzag pos_bottom\" style=\"height:3vmin;\"><svg xmlns=\"http:\/\/www.w3.org\/2000\/svg\" viewBox=\"0 0 64 8\" preserveAspectRatio=\"none\" width=\"100%\" height=\"100%\">\r\n\t<path fill=\"currentColor\" d=\"M64 8 L0 8 L0 0 L20 7.9 L40 3 L48 5 L64 0 Z\"\/>\r\n<\/svg><\/div><div class=\"l-section-h i-cf\"><div class=\"g-cols vc_row via_flex valign_top type_default stacking_default\"><div class=\"vc_col-sm-12 wpb_column vc_column_container\"><div class=\"vc_column-inner\"><div class=\"wpb_wrapper\"><div class=\"wpb_text_column\"><div class=\"wpb_wrapper\"><h2 id=\"datos-clave\">Festival de Cante Jondo Antonio Mairena 2026: belangrijkste gegevens<\/h2>\n<table>\n<tbody>\n<tr>\n<td><strong>Editie<\/strong><\/td>\n<td>LXV, 65e editie<\/td>\n<\/tr>\n<tr>\n<td><strong>Data<\/strong><\/td>\n<td>1\u20135 september 2026<\/td>\n<\/tr>\n<tr>\n<td><strong>Plaats<\/strong><\/td>\n<td>Mairena del Alcor, Sevilla<\/td>\n<\/tr>\n<tr>\n<td><strong>Ge\u00eberde artiest<\/strong><\/td>\n<td>Diego Clavel<\/td>\n<\/tr>\n<tr>\n<td><strong>Hoofdgala<\/strong><\/td>\n<td>Zaterdag 5 september, 22:00 uur<\/td>\n<\/tr>\n<tr>\n<td><strong>Locatie van de gala<\/strong><\/td>\n<td>Auditorio Municipal Manuel Mairena<\/td>\n<\/tr>\n<tr>\n<td><strong>Prijs<\/strong><\/td>\n<td>Vanaf \u20ac 10; gala vanaf \u20ac 15<\/td>\n<\/tr>\n<tr>\n<td><strong>Verkoop<\/strong><\/td>\n<td>Gemeente Mairena del Alcor, Giglon en verkoop ter plaatse<\/td>\n<\/tr>\n<\/tbody>\n<\/table>\n<p>Het festival ontstond in 1962 en is uitgegroeid tot een van de historische hoogtepunten op de Andalusische flamencokalender. De band met Antonio Mairena en de cantetraditie van Los Alcores geeft het een identiteit die sterk met zang verbonden is, hoewel het huidige programma ook ruimte biedt aan dans, gitaar, opleiding en voorlichting.<\/p>\n<\/div><\/div><\/div><\/div><\/div><\/div><\/div><\/section><section class=\"l-section wpb_row height_huge\"><div class=\"l-section-h i-cf\"><div class=\"g-cols vc_row via_flex valign_top type_default stacking_default\"><div class=\"vc_col-sm-12 wpb_column vc_column_container\"><div class=\"vc_column-inner\"><div class=\"wpb_wrapper\"><div class=\"wpb_text_column\"><div class=\"wpb_wrapper\"><h2 id=\"programacion\">Volledig programma van Festival Antonio Mairena 2026<\/h2>\n<h3>Dinsdag 1 september: opening en eerbetoon aan Diego Clavel<\/h3>\n<p><strong>Casa Palacio de los Duques de Arcos.<\/strong><\/p>\n<ul>\n<li><strong>21:00 uur:<\/strong> offici\u00eble opening van het LXV Festival de Cante Jondo Antonio Mairena.<\/li>\n<li><strong>21:15 uur:<\/strong> lezing \u2018Diego Clavel, ethiek en esthetiek\u2019 door Pedro Lopeh.<\/li>\n<li><strong>22:30 uur:<\/strong> recital van Rubito de Par\u00e1, begeleid door Antonio Carri\u00f3n op gitaar.<\/li>\n<\/ul>\n<p>De openingsavond zet de ge\u00eberde artiest centraal en combineert verdieping met cante. Diego Clavel heeft een historische band met het evenement: in 1970 won hij de Concurso de Cante Jondo Antonio Mairena.<\/p>\n<h3>Woensdag 2 september: Ballet Flamenco de Andaluc\u00eda<\/h3>\n<p><strong>Teatro Municipal Calixto S\u00e1nchez, 21:30 uur.<\/strong> Het Ballet Flamenco de Andaluc\u00eda presenteert <em>Flamenco Patrimonio<\/em>, een voorstelling rond de wortels, overdracht en ontwikkeling van flamenco.<\/p>\n<h3>Donderdag 3 september: opleiding, herinnering en gitaar<\/h3>\n<p>De dag is verdeeld over het Teatro Municipal Calixto S\u00e1nchez en de Casa Palacio de los Duques de Arcos.<\/p>\n<ul>\n<li><strong>11:00 uur:<\/strong> gratis dansmasterclass met Alejandro Rodr\u00edguez, met een beperkt aantal plaatsen.<\/li>\n<li><strong>21:00 uur:<\/strong> ontmoeting \u2018Romerito de Jerez, bijna een eeuw flamencogetuigenis\u2019, met Romerito de Jerez en Juan Garrido.<\/li>\n<li><strong>22:30 uur:<\/strong> gitaarrecital van Diego del Morao.<\/li>\n<\/ul>\n<p>Het recital van Diego del Morao is bijzonder aantrekkelijk voor gitaarliefhebbers: hij behoort tot een van de grote gitaarfamilies van Jerez en zijn stijl combineert traditie, persoonlijkheid en een voluit hedendaagse klank.<\/p>\n<h3 id=\"concurso\">Vrijdag 4 september: LXIV Nationale Cante Jondo-wedstrijd<\/h3>\n<p>In 2026 wordt de wedstrijd uitzonderlijk omgevormd tot <strong>\u2018De wedstrijd wordt een festival\u2019<\/strong>, een bijeenkomst van winnaars uit eerdere jaren, opgedragen aan Aurora Vargas.<\/p>\n<p>Vanaf 22:00 uur treden Remedios Reyes met Julio Romero, Ana La Yiya met Antonio Garc\u00eda, Caracolillo de C\u00e1diz met Nono Reyes, Manuel C\u00e1stulo met Manolo Herrera en Rubio de Pruna met Marcos de Silva op. De avond omvat daarnaast dans van Mar\u00eda T\u00e1vora en haar groep, palmas van Cepa N\u00fa\u00f1ez en Manuel Vinaza en presentatie door Juan Garrido.<\/p>\n<\/div><\/div><\/div><\/div><\/div><\/div><\/div><\/section><section class=\"l-section wpb_row height_huge color_alternate with_shape\"><div class=\"l-section-shape type_zigzag pos_top hor_flip\" style=\"height:3vmin;\"><svg xmlns=\"http:\/\/www.w3.org\/2000\/svg\" viewBox=\"0 0 64 8\" preserveAspectRatio=\"none\" width=\"100%\" height=\"100%\">\r\n\t<path fill=\"currentColor\" d=\"M64 8 L0 8 L0 0 L20 7.9 L40 3 L48 5 L64 0 Z\"\/>\r\n<\/svg><\/div><div class=\"l-section-shape type_zigzag pos_bottom\" style=\"height:3vmin;\"><svg xmlns=\"http:\/\/www.w3.org\/2000\/svg\" viewBox=\"0 0 64 8\" preserveAspectRatio=\"none\" width=\"100%\" height=\"100%\">\r\n\t<path fill=\"currentColor\" d=\"M64 8 L0 8 L0 0 L20 7.9 L40 3 L48 5 L64 0 Z\"\/>\r\n<\/svg><\/div><div class=\"l-section-h i-cf\"><div class=\"g-cols vc_row via_flex valign_top type_default stacking_default\"><div class=\"vc_col-sm-12 wpb_column vc_column_container\"><div class=\"vc_column-inner\"><div class=\"wpb_wrapper\"><div class=\"wpb_text_column\"><div class=\"wpb_wrapper\"><h2 id=\"gala\">Zaterdag 5 september: de grote Gala van het Festival<\/h2>\n<p><strong>Auditorio Municipal Manuel Mairena, 22:00 uur.<\/strong><\/p>\n<p>De grote avond van de LXV editie brengt een programma samen dat verschillende generaties en flamencostijlen met elkaar verbindt.<\/p>\n<ul>\n<li><strong>Cante:<\/strong> Jos\u00e9 Merc\u00e9, La Macanita, Juan de Mairena en Roc\u00edo Luna.<\/li>\n<li><strong>Gitaar:<\/strong> Antonio Higuero, Manuel Valencia en Francis G\u00f3mez.<\/li>\n<li><strong>Dans:<\/strong> Juan Manuel Fern\u00e1ndez Montoya \u2018Farruquito\u2019.<\/li>\n<\/ul>\n<p>Farruquito wordt begeleid door Ismael de la Rosa \u2018Bola\u2019, Manuel de la Nina en Mari Viz\u00e1rraga in de cante, Manuel Valencia op gitaar en Paco Vega op percussie.<\/p>\n<p>Voor wie speciaal vanuit Sevilla voor deze dag reist, is de gala het centrale evenement van het festival. Jos\u00e9 Merc\u00e9 en La Macanita vertegenwoordigen twee essenti\u00eble manieren om de hedendaagse cante te begrijpen, terwijl Roc\u00edo Luna de stem van een jongere generatie toevoegt. De dans van Farruquito geeft de avond een sterke theatrale dimensie, waardoor deze ondanks de historische naam van het festival niet beperkt blijft tot het traditionele recital van cante en gitaar.<\/p>\n<\/div><\/div><\/div><\/div><\/div><\/div><\/div><\/section><section class=\"l-section wpb_row height_huge\"><div class=\"l-section-h i-cf\"><div class=\"g-cols vc_row via_flex valign_top type_default stacking_default\"><div class=\"vc_col-sm-12 wpb_column vc_column_container\"><div class=\"vc_column-inner\"><div class=\"wpb_wrapper\"><div class=\"wpb_text_column\"><div class=\"wpb_wrapper\"><h2 id=\"entradas\">Tickets voor Festival Antonio Mairena 2026: prijzen en offici\u00eble verkoop<\/h2>\n<p>De offici\u00eble verkoop verloopt via de door de organisatie aangekondigde kanalen: de website van de gemeente Mairena del Alcor, het platform Giglon en verkoop ter plaatse in de Villa del Conocimiento y las Artes.<\/p>\n<table>\n<tbody>\n<tr>\n<td><strong>Flamenkada<\/strong><\/td>\n<td>\u20ac 10<\/td>\n<\/tr>\n<tr>\n<td><strong>Flamenkada + Festival<\/strong><\/td>\n<td>\u20ac 20<\/td>\n<\/tr>\n<tr>\n<td><strong>Flamenco Patrimonio<\/strong><\/td>\n<td>\u20ac 10<\/td>\n<\/tr>\n<tr>\n<td><strong>Festivalgala, vrije plaatskeuze<\/strong><\/td>\n<td>\u20ac 15<\/td>\n<\/tr>\n<tr>\n<td><strong>Festivalgala, genummerde plaats<\/strong><\/td>\n<td>\u20ac 20<\/td>\n<\/tr>\n<tr>\n<td><strong>Flamenkada + Flamenco Patrimonio + Gala<\/strong><\/td>\n<td>\u20ac 25<\/td>\n<\/tr>\n<\/tbody>\n<\/table>\n<p>De verkoop ter plaatse vindt plaats in het gebouw <strong>Villa del Conocimiento y las Artes<\/strong>van 9:00 tot 14:00 uur. Zoals bij elk festival met beperkte capaciteit raden we aan de beschikbaarheid via het offici\u00eble kanaal te controleren voordat u vertrekt, vooral voor de gala op zaterdag.<\/p>\n<p>Wij raden af tickets te kopen via tussenpersonen die niet door de organisatie zijn genoemd. Als een voorstelling op het offici\u00eble ticketplatform is uitverkocht, controleer dan ook de meest recente informatie van de gemeente voor eventuele retourtickets, opnieuw vrijgegeven contingenten of specifieke instructies voor de kassa.<\/p>\n<\/div><\/div><div class=\"w-separator size_medium\"><\/div><div class=\"w-hwrapper valign_top align_center\" style=\"--hwrapper-gap:1.2rem\"><div class=\"w-btn-wrapper align_center\"><a class=\"w-btn us-btn-style_1 icon_atleft\" href=\"https:\/\/www.giglon.com\"><i class=\"fas fa-ticket-alt\"><\/i><span class=\"w-btn-label\">Tickets kopen bij Giglon<\/span><\/a><\/div><\/div><\/div><\/div><\/div><\/div><\/div><\/section><section class=\"l-section wpb_row height_huge color_alternate with_shape\"><div class=\"l-section-shape type_zigzag pos_top hor_flip\" style=\"height:3vmin;\"><svg xmlns=\"http:\/\/www.w3.org\/2000\/svg\" viewBox=\"0 0 64 8\" preserveAspectRatio=\"none\" width=\"100%\" height=\"100%\">\r\n\t<path fill=\"currentColor\" d=\"M64 8 L0 8 L0 0 L20 7.9 L40 3 L48 5 L64 0 Z\"\/>\r\n<\/svg><\/div><div class=\"l-section-shape type_zigzag pos_bottom\" style=\"height:3vmin;\"><svg xmlns=\"http:\/\/www.w3.org\/2000\/svg\" viewBox=\"0 0 64 8\" preserveAspectRatio=\"none\" width=\"100%\" height=\"100%\">\r\n\t<path fill=\"currentColor\" d=\"M64 8 L0 8 L0 0 L20 7.9 L40 3 L48 5 L64 0 Z\"\/>\r\n<\/svg><\/div><div class=\"l-section-h i-cf\"><div class=\"g-cols vc_row via_flex valign_top type_default stacking_default\"><div class=\"vc_col-sm-12 wpb_column vc_column_container\"><div class=\"vc_column-inner\"><div class=\"wpb_wrapper\"><div class=\"wpb_text_column\"><div class=\"wpb_wrapper\"><h2 id=\"espacios\">Waar het festival plaatsvindt<\/h2>\n<p>Festival Antonio Mairena vindt niet op \u00e9\u00e9n locatie plaats. Het programma gebruikt verschillende culturele locaties in Mairena del Alcor:<\/p>\n<h3>Casa Palacio de los Duques de Arcos<\/h3>\n<p>Dit is een van de historische locaties van de week en biedt plaats aan lezingen, ontmoetingen en recitals. De sfeer van de binnenplaats zorgt voor een intiemer format, bijzonder geschikt voor cante en gitaar.<\/p>\n<h3>Teatro Municipal Calixto S\u00e1nchez<\/h3>\n<p>Hier vinden theaterproducties plaats, zoals de voorstelling van het Ballet Flamenco de Andaluc\u00eda, evenals educatieve activiteiten.<\/p>\n<h3>Auditorio Municipal Manuel Mairena<\/h3>\n<p>Dit is de grootste locatie en de plek van de grote gala op zaterdag 5. Het ligt in de omgeving van Camino de Alconchel in Mairena del Alcor.<\/p>\n<p>Controleer v\u00f3\u00f3r vertrek de exacte locatie van elke activiteit: niet alle festivaldagen vinden plaats in het Auditorio Manuel Mairena.<\/p>\n<\/div><\/div><\/div><\/div><\/div><\/div><\/div><\/section><section class=\"l-section wpb_row height_huge\"><div class=\"l-section-h i-cf\"><div class=\"g-cols vc_row via_flex valign_top type_default stacking_default\"><div class=\"vc_col-sm-12 wpb_column vc_column_container\"><div class=\"vc_column-inner\"><div class=\"wpb_wrapper\"><div class=\"wpb_text_column\"><div class=\"wpb_wrapper\"><h2 id=\"desde-sevilla\">Hoe reist u vanuit Sevilla naar Festival Antonio Mairena?<\/h2>\n<p>Mairena del Alcor ligt ten oosten van Sevilla, in de streek Los Alcores. Bezoekers die in de stad verblijven hebben twee hoofdopties: auto en streekbus.<\/p>\n<h3>Met de auto vanuit Sevilla<\/h3>\n<p>Dit is de meest flexibele optie, vooral voor de avondgala. De afstand bedraagt afhankelijk van het vertrekpunt ongeveer 25\u201330 kilometer en de rit duurt onder normale omstandigheden doorgaans ongeveer een half uur via de routes richting Alcal\u00e1 de Guada\u00edra en Mairena del Alcor.<\/p>\n<p>Als u naar de gala van 22:00 uur gaat, raden we aan voldoende tijd in te plannen om te parkeren en voor aanvang bij de locatie te zijn. Bij een evenement van deze omvang kan het druk zijn op de toegangswegen rond het auditorium.<\/p>\n<h3>Met de bus vanuit Sevilla<\/h3>\n<p>Mairena del Alcor maakt deel uit van het metropolitane netwerk van het Consorcio de Transportes del \u00c1rea de Sevilla. Er rijden streekbussen tussen Sevilla en de gemeente, maar de dienstregeling verschilt per werkdag, weekend en seizoen.<\/p>\n<p>Bij een avondvoorstelling is niet alleen de heenreis van belang, maar ook de <strong>laatste verbinding terug naar Sevilla<\/strong>. De gala begint om 22:00 uur en kan laat eindigen. Als u afhankelijk bent van het openbaar vervoer, is het daarom essentieel om v\u00f3\u00f3r de aankoop van uw ticket de actuele offici\u00eble dienstregeling te controleren.<\/p>\n<p>Als er geen geschikte terugreis is, zijn eigen vervoer, taxi of VTC alternatieven. Voor groepen van twee tot vier personen kan samen reizen bijzonder praktisch zijn.<\/p>\n<\/div><\/div><\/div><\/div><\/div><\/div><\/div><\/section><section class=\"l-section wpb_row height_huge color_alternate with_shape\"><div class=\"l-section-shape type_zigzag pos_top hor_flip\" style=\"height:3vmin;\"><svg xmlns=\"http:\/\/www.w3.org\/2000\/svg\" viewBox=\"0 0 64 8\" preserveAspectRatio=\"none\" width=\"100%\" height=\"100%\">\r\n\t<path fill=\"currentColor\" d=\"M64 8 L0 8 L0 0 L20 7.9 L40 3 L48 5 L64 0 Z\"\/>\r\n<\/svg><\/div><div class=\"l-section-shape type_zigzag pos_bottom\" style=\"height:3vmin;\"><svg xmlns=\"http:\/\/www.w3.org\/2000\/svg\" viewBox=\"0 0 64 8\" preserveAspectRatio=\"none\" width=\"100%\" height=\"100%\">\r\n\t<path fill=\"currentColor\" d=\"M64 8 L0 8 L0 0 L20 7.9 L40 3 L48 5 L64 0 Z\"\/>\r\n<\/svg><\/div><div class=\"l-section-h i-cf\"><div class=\"g-cols vc_row via_flex valign_top type_default stacking_default\"><div class=\"vc_col-sm-12 wpb_column vc_column_container\"><div class=\"vc_column-inner\"><div class=\"wpb_wrapper\"><div class=\"wpb_text_column\"><div class=\"wpb_wrapper\"><h2 id=\"consejos\">Tips om uw bezoek te organiseren<\/h2>\n<ul>\n<li><strong>Controleer uw ticket voordat u vertrekt.<\/strong> Voor de gala wordt de grootste belangstelling verwacht.<\/li>\n<li><strong>Controleer de exacte locatie.<\/strong> Het festival gebruikt drie verschillende locaties.<\/li>\n<li><strong>Kom op tijd.<\/strong> Vooral als uw ticket geen genummerde plaats heeft.<\/li>\n<li><strong>Plan uw terugreis naar Sevilla.<\/strong> Controleer bij gebruik van de bus de laatste verbinding.<\/li>\n<li><strong>Beperk uw bezoek niet tot de gala.<\/strong> De bijzondere wedstrijd, recitals en ontmoetingen laten een andere kant van het festival zien.<\/li>\n<li><strong>Maak van de gelegenheid gebruik om Mairena del Alcor te ontdekken.<\/strong> Het festival is nauw verbonden met de lokale identiteit en de herinnering aan Antonio Mairena.<\/li>\n<\/ul>\n<p>Als u meerdere dagen in Sevilla verblijft, kunt u deze uitstap combineren met het reguliere aanbod van <a href=\"https:\/\/www.tablaosflamencos.com\/flamenco-en-sevilla\"><strong>flamencotablaos in Sevilla<\/strong><\/a>. De ervaring is anders: Festival Antonio Mairena is een jaarlijks evenement dat verbonden is met de streek en de cantetraditie, terwijl tablaos het hele jaar door voorstellingen bieden die vooraf te reserveren zijn.<\/p>\n<\/div><\/div><\/div><\/div><\/div><\/div><\/div><\/section><section class=\"l-section wpb_row height_huge\"><div class=\"l-section-h i-cf\"><div class=\"g-cols vc_row via_flex valign_top type_default stacking_default\"><div class=\"vc_col-sm-12 wpb_column vc_column_container\"><div class=\"vc_column-inner\"><div class=\"wpb_wrapper\"><div class=\"wpb_text_column\"><div class=\"wpb_wrapper\"><h2>Waarom Festival Antonio Mairena een referentie blijft<\/h2>\n<p>Het belang van het festival is niet alleen te danken aan zijn lange geschiedenis. Mairena del Alcor neemt een bijzondere plaats in de geschiedenis van de flamenco in door de figuur Antonio Mairena, de rol van lokale aficionados en een visie op cante die tientallen jaren invloed had op onderzoek, interpretatie en waardering van bepaalde stijlen.<\/p>\n<p>In de loop der tijd heeft het festival zijn taal verbreed zonder deze wortels te verliezen. In 2026 staan een lezing over Diego Clavel, het Ballet Flamenco de Andaluc\u00eda, een masterclass, een ontmoeting met Romerito de Jerez, de gitaar van Diego del Morao, een avond met voormalige wedstrijdwinnaars en een gala met grote namen uit cante en dans naast elkaar.<\/p>\n<p>Die combinatie verklaart de aantrekkingskracht op verschillende publieken. Aficionados vinden artiesten en formats die diep met de traditie verbonden zijn; bezoekers die voor het eerst kennismaken met flamenco krijgen een gevarieerd programma; en wie in Sevilla verblijft, vindt op korte afstand een evenement met een heel andere identiteit dan de grote theaters van de hoofdstad.<\/p>\n<\/div><\/div><\/div><\/div><\/div><\/div><\/div><\/section><section class=\"l-section wpb_row height_huge\"><div class=\"l-section-h i-cf\"><div class=\"g-cols vc_row via_flex valign_top type_default stacking_default\"><div class=\"vc_col-sm-1\/5 wpb_column vc_column_container\"><div class=\"vc_column-inner\"><div class=\"wpb_wrapper\"><\/div><\/div><\/div><div class=\"vc_col-sm-3\/5 wpb_column vc_column_container\"><div class=\"vc_column-inner\"><div class=\"wpb_wrapper\"><div class=\"wpb_text_column\"><div class=\"wpb_wrapper\"><h2 id=\"faq\">Veelgestelde vragen over Festival Antonio Mairena 2026<\/h2>\n<\/div><\/div><div class=\"w-separator size_medium\"><\/div><div class=\"w-tabs accordion toggle_style_1 has_scrolling\" style=\"--sections-title-size:inherit;--sections-gap:0.5rem;\"><div class=\"w-tabs-sections titles-align_none icon_chevron cpos_right\"><div class=\"w-tabs-section\" id=\"td19\"><button type=\"button\" class=\"w-tabs-section-header\" aria-controls=\"content-td19\" aria-expanded=\"false\"><div class=\"w-tabs-section-title\">Wanneer vindt het Festival de Cante Jondo Antonio Mairena 2026 plaats?<\/div><div class=\"w-tabs-section-control\"><\/div><\/button><div  class=\"w-tabs-section-content\" id=\"content-td19\"><div class=\"w-tabs-section-content-h i-cf\"><div class=\"wpb_text_column\"><div class=\"wpb_wrapper\"><p>De LXV editie vindt plaats <strong>van 1 tot en met 5 september 2026<\/strong> in Mairena del Alcor, provincie Sevilla.<\/p>\n<\/div><\/div><\/div><\/div><\/div><div class=\"w-tabs-section\" id=\"ke22\"><button type=\"button\" class=\"w-tabs-section-header\" aria-controls=\"content-ke22\" aria-expanded=\"false\"><div class=\"w-tabs-section-title\">Wanneer is de grote gala van het festival?<\/div><div class=\"w-tabs-section-control\"><\/div><\/button><div  class=\"w-tabs-section-content\" id=\"content-ke22\"><div class=\"w-tabs-section-content-h i-cf\"><div class=\"wpb_text_column\"><div class=\"wpb_wrapper\"><p>De hoofdgala vindt plaats op <strong>zaterdag 5 september om 22:00 uur<\/strong> in het Auditorio Municipal Manuel Mairena.<\/p>\n<\/div><\/div><\/div><\/div><\/div><div class=\"w-tabs-section\" id=\"pef7\"><button type=\"button\" class=\"w-tabs-section-header\" aria-controls=\"content-pef7\" aria-expanded=\"false\"><div class=\"w-tabs-section-title\">Wie treedt op tijdens de gala van 2026?<\/div><div class=\"w-tabs-section-control\"><\/div><\/button><div  class=\"w-tabs-section-content\" id=\"content-pef7\"><div class=\"w-tabs-section-content-h i-cf\"><div class=\"wpb_text_column\"><div class=\"wpb_wrapper\"><p>Op het programma staan Jos\u00e9 Merc\u00e9, La Macanita, Juan de Mairena en Roc\u00edo Luna in de cante, en Farruquito in de dans, samen met de bijbehorende gitaristen en begeleidende artiesten.<\/p>\n<\/div><\/div><\/div><\/div><\/div><div class=\"w-tabs-section\" id=\"qfca\"><button type=\"button\" class=\"w-tabs-section-header\" aria-controls=\"content-qfca\" aria-expanded=\"false\"><div class=\"w-tabs-section-title\">Hoeveel kosten de tickets?<\/div><div class=\"w-tabs-section-control\"><\/div><\/button><div  class=\"w-tabs-section-content\" id=\"content-qfca\"><div class=\"w-tabs-section-content-h i-cf\"><div class=\"wpb_text_column\"><div class=\"wpb_wrapper\"><p>De prijzen beginnen bij <strong>10 euro<\/strong>. De Festivalgala kost volgens de gepubliceerde offici\u00eble informatie 15 euro voor vrije plaatskeuze en 20 euro voor een genummerde plaats.<\/p>\n<\/div><\/div><\/div><\/div><\/div><div class=\"w-tabs-section\" id=\"n09f\"><button type=\"button\" class=\"w-tabs-section-header\" aria-controls=\"content-n09f\" aria-expanded=\"false\"><div class=\"w-tabs-section-title\">Waar kunt u offici\u00eble tickets kopen?<\/div><div class=\"w-tabs-section-control\"><\/div><\/button><div  class=\"w-tabs-section-content\" id=\"content-n09f\"><div class=\"w-tabs-section-content-h i-cf\"><div class=\"wpb_text_column\"><div class=\"wpb_wrapper\"><p>De organisatie vermeldt verkoop via de gemeente Mairena del Alcor, het platform Giglon en ter plaatse in de Villa del Conocimiento y las Artes.<\/p>\n<\/div><\/div><\/div><\/div><\/div><div class=\"w-tabs-section\" id=\"z18d\"><button type=\"button\" class=\"w-tabs-section-header\" aria-controls=\"content-z18d\" aria-expanded=\"false\"><div class=\"w-tabs-section-title\">Aan wie is de editie van 2026 opgedragen?<\/div><div class=\"w-tabs-section-control\"><\/div><\/button><div  class=\"w-tabs-section-content\" id=\"content-z18d\"><div class=\"w-tabs-section-content-h i-cf\"><div class=\"wpb_text_column\"><div class=\"wpb_wrapper\"><p>De 65e editie is opgedragen aan cantaor <strong>Diego Clavel<\/strong>, winnaar van de Concurso Antonio Mairena in 1970.<\/p>\n<\/div><\/div><\/div><\/div><\/div><div class=\"w-tabs-section\" id=\"h255\"><button type=\"button\" class=\"w-tabs-section-header\" aria-controls=\"content-h255\" aria-expanded=\"false\"><div class=\"w-tabs-section-title\">Kun je vanuit Sevilla met de bus reizen?<\/div><div class=\"w-tabs-section-control\"><\/div><\/button><div  class=\"w-tabs-section-content\" id=\"content-h255\"><div class=\"w-tabs-section-content-h i-cf\"><div class=\"wpb_text_column\"><div class=\"wpb_wrapper\"><p>Ja. Er zijn metropolitane verbindingen tussen Sevilla en Mairena del Alcor. Voor avondactiviteiten is het essentieel om v\u00f3\u00f3r vertrek de laatste terugreis te controleren.<\/p>\n<\/div><\/div><\/div><\/div><\/div><div class=\"w-tabs-section\" id=\"e313\"><button type=\"button\" class=\"w-tabs-section-header\" aria-controls=\"content-e313\" aria-expanded=\"false\"><div class=\"w-tabs-section-title\">Ligt Mairena del Alcor ver van Sevilla?<\/div><div class=\"w-tabs-section-control\"><\/div><\/button><div  class=\"w-tabs-section-content\" id=\"content-e313\"><div class=\"w-tabs-section-content-h i-cf\"><div class=\"wpb_text_column\"><div class=\"wpb_wrapper\"><p>Nee. De plaats ligt ongeveer 25\u201330 kilometer van Sevilla en de autorit duurt onder normale omstandigheden meestal ongeveer een half uur.<\/p>\n<\/div><\/div><\/div><\/div><\/div><\/div><\/div><\/div><\/div><\/div><div class=\"vc_col-sm-1\/5 wpb_column vc_column_container\"><div class=\"vc_column-inner\"><div class=\"wpb_wrapper\"><\/div><\/div><\/div><\/div><\/div><\/section>\n","protected":false},"excerpt":{"rendered":"<p>Gids voor het Festival de Cante Jondo Antonio Mairena 2026: volledig programma, artiesten, tickets, prijzen, locaties en reizen vanuit Sevilla.<\/p>\n","protected":false},"author":1,"featured_media":14378,"comment_status":"closed","ping_status":"closed","sticky":false,"template":"","format":"standard","meta":{"_acf_changed":false,"wpai_generated_summary":"","_ayudawp_aiss_exclude":false,"_ayudawp_aiss_exclude_summary":false,"_ayudawp_aiss_summary":"","_ayudawp_aiss_summary_provider":"","_ayudawp_aiss_summary_hash":"","footnotes":""},"categories":[1672],"tags":[1993,1987,1230,1419],"class_list":["post-14398","post","type-post","status-publish","format-standard","has-post-thumbnail","hentry","category-flamencofestivals","tag-antonio-mairena-nl","tag-antonio-mairena-cante-jondo-festival-nl","tag-festivales-flamencos","tag-flamencozang"],"acf":[],"yoast_head":"<!-- This site is optimized with the Yoast SEO Premium plugin v28.4 (Yoast SEO v28.4) - https:\/\/yoast.com\/product\/yoast-seo-premium-wordpress\/ -->\n<title>Antonio Mairena Festival 2026: programma en tickets<\/title>\n<meta name=\"description\" content=\"Festival de Cante Jondo Antonio Mairena 2026: volledig programma, artiesten, tickets, prijzen, locaties en reizen vanuit Sevilla.\" \/>\n<meta name=\"robots\" content=\"index, follow, max-snippet:-1, max-image-preview:large, max-video-preview:-1\" \/>\n<link rel=\"canonical\" href=\"https:\/\/www.tablaosflamencos.com\/nl\/festival-cante-jondo-antonio-mairena-2026.html\" \/>\n<meta property=\"og:locale\" content=\"nl_NL\" \/>\n<meta property=\"og:type\" content=\"article\" \/>\n<meta property=\"og:title\" content=\"Festival de Cante Jondo Antonio Mairena 2026: programma, tickets en reizen vanuit Sevilla\" \/>\n<meta property=\"og:description\" content=\"Festival de Cante Jondo Antonio Mairena 2026: volledig programma, artiesten, tickets, prijzen, locaties en reizen vanuit Sevilla.\" \/>\n<meta property=\"og:url\" content=\"https:\/\/www.tablaosflamencos.com\/nl\/festival-cante-jondo-antonio-mairena-2026.html\" \/>\n<meta property=\"og:site_name\" content=\"Tablaos Flamencos\" \/>\n<meta property=\"article:publisher\" content=\"https:\/\/www.facebook.com\/tablaosflamencos\" \/>\n<meta property=\"article:published_time\" content=\"2026-09-04T15:00:57+00:00\" \/>\n<meta property=\"article:modified_time\" content=\"2026-09-04T15:31:48+00:00\" \/>\n<meta property=\"og:image\" content=\"https:\/\/www.tablaosflamencos.com\/wp-content\/uploads\/festival-de-cante-jondo-antonio-mairena-2026-programacion-entradas-y-como-llegar-desde-sevilla-01.webp\" \/>\n\t<meta property=\"og:image:width\" content=\"1491\" \/>\n\t<meta property=\"og:image:height\" content=\"1055\" \/>\n\t<meta property=\"og:image:type\" content=\"image\/webp\" \/>\n<meta name=\"author\" content=\"Miguel Ortiz\" \/>\n<meta name=\"twitter:card\" content=\"summary_large_image\" \/>\n<meta name=\"twitter:creator\" content=\"@tablaosflamenco\" \/>\n<meta name=\"twitter:site\" content=\"@tablaosflamenco\" \/>\n<meta name=\"twitter:label1\" content=\"Geschreven door\" \/>\n\t<meta name=\"twitter:data1\" content=\"Miguel Ortiz\" \/>\n\t<meta name=\"twitter:label2\" content=\"Geschatte leestijd\" \/>\n\t<meta name=\"twitter:data2\" content=\"12 minuten\" \/>\n<script type=\"application\/ld+json\" class=\"yoast-schema-graph\">{\"@context\":\"https:\\\/\\\/schema.org\",\"@graph\":[{\"@type\":\"Article\",\"@id\":\"https:\\\/\\\/www.tablaosflamencos.com\\\/nl\\\/festival-cante-jondo-antonio-mairena-2026.html#article\",\"isPartOf\":{\"@id\":\"https:\\\/\\\/www.tablaosflamencos.com\\\/nl\\\/festival-cante-jondo-antonio-mairena-2026-vanuit-sevilla.html\"},\"author\":{\"name\":\"Miguel Ortiz\",\"@id\":\"https:\\\/\\\/www.tablaosflamencos.com\\\/nl#\\\/schema\\\/person\\\/e7a9ebe14eb75a52ceabfbffb3c54f5d\"},\"headline\":\"Festival de Cante Jondo Antonio Mairena 2026: programma, tickets en reizen vanuit Sevilla\",\"datePublished\":\"2026-09-04T15:00:57+00:00\",\"dateModified\":\"2026-09-04T15:31:48+00:00\",\"mainEntityOfPage\":{\"@id\":\"https:\\\/\\\/www.tablaosflamencos.com\\\/nl\\\/festival-cante-jondo-antonio-mairena-2026-vanuit-sevilla.html\"},\"wordCount\":2448,\"publisher\":{\"@id\":\"https:\\\/\\\/www.tablaosflamencos.com\\\/nl#organization\"},\"image\":{\"@id\":\"https:\\\/\\\/www.tablaosflamencos.com\\\/nl\\\/festival-cante-jondo-antonio-mairena-2026.html#primaryimage\"},\"thumbnailUrl\":\"https:\\\/\\\/www.tablaosflamencos.com\\\/wp-content\\\/uploads\\\/festival-de-cante-jondo-antonio-mairena-2026-programacion-entradas-y-como-llegar-desde-sevilla-01.webp\",\"keywords\":[\"Antonio Mairena\",\"Antonio Mairena Cante Jondo Festival\",\"festivales flamencos\",\"flamencozang\"],\"articleSection\":[\"Flamencofestivals\"],\"inLanguage\":\"nl-NL\"},{\"@type\":\"WebPage\",\"@id\":\"https:\\\/\\\/www.tablaosflamencos.com\\\/nl\\\/festival-cante-jondo-antonio-mairena-2026-vanuit-sevilla.html\",\"url\":\"https:\\\/\\\/www.tablaosflamencos.com\\\/nl\\\/festival-cante-jondo-antonio-mairena-2026.html\",\"name\":\"Antonio Mairena Festival 2026: programma en tickets\",\"isPartOf\":{\"@id\":\"https:\\\/\\\/www.tablaosflamencos.com\\\/nl#website\"},\"primaryImageOfPage\":{\"@id\":\"https:\\\/\\\/www.tablaosflamencos.com\\\/nl\\\/festival-cante-jondo-antonio-mairena-2026.html#primaryimage\"},\"image\":{\"@id\":\"https:\\\/\\\/www.tablaosflamencos.com\\\/nl\\\/festival-cante-jondo-antonio-mairena-2026.html#primaryimage\"},\"thumbnailUrl\":\"https:\\\/\\\/www.tablaosflamencos.com\\\/wp-content\\\/uploads\\\/festival-de-cante-jondo-antonio-mairena-2026-programacion-entradas-y-como-llegar-desde-sevilla-01.webp\",\"datePublished\":\"2026-09-04T15:00:57+00:00\",\"dateModified\":\"2026-09-04T15:31:48+00:00\",\"description\":\"Festival de Cante Jondo Antonio Mairena 2026: volledig programma, artiesten, tickets, prijzen, locaties en reizen vanuit Sevilla.\",\"breadcrumb\":{\"@id\":\"https:\\\/\\\/www.tablaosflamencos.com\\\/nl\\\/festival-cante-jondo-antonio-mairena-2026.html#breadcrumb\"},\"inLanguage\":\"nl-NL\",\"potentialAction\":[{\"@type\":\"ReadAction\",\"target\":[\"https:\\\/\\\/www.tablaosflamencos.com\\\/nl\\\/festival-cante-jondo-antonio-mairena-2026.html\"]}]},{\"@type\":\"ImageObject\",\"inLanguage\":\"nl-NL\",\"@id\":\"https:\\\/\\\/www.tablaosflamencos.com\\\/nl\\\/festival-cante-jondo-antonio-mairena-2026.html#primaryimage\",\"url\":\"https:\\\/\\\/www.tablaosflamencos.com\\\/wp-content\\\/uploads\\\/festival-de-cante-jondo-antonio-mairena-2026-programacion-entradas-y-como-llegar-desde-sevilla-01.webp\",\"contentUrl\":\"https:\\\/\\\/www.tablaosflamencos.com\\\/wp-content\\\/uploads\\\/festival-de-cante-jondo-antonio-mairena-2026-programacion-entradas-y-como-llegar-desde-sevilla-01.webp\",\"width\":1491,\"height\":1055,\"caption\":\"Festival de Cante Jondo Antonio Mairena 2026: programaci\u00f3n, entradas y c\u00f3mo llegar desde Sevilla\"},{\"@type\":\"BreadcrumbList\",\"@id\":\"https:\\\/\\\/www.tablaosflamencos.com\\\/nl\\\/festival-cante-jondo-antonio-mairena-2026.html#breadcrumb\",\"itemListElement\":[{\"@type\":\"ListItem\",\"position\":1,\"name\":\"Home\",\"item\":\"https:\\\/\\\/www.tablaosflamencos.com\\\/nl\"},{\"@type\":\"ListItem\",\"position\":2,\"name\":\"Festival de Cante Jondo Antonio Mairena 2026: programma, tickets en reizen vanuit Sevilla\"}]},{\"@type\":\"WebSite\",\"@id\":\"https:\\\/\\\/www.tablaosflamencos.com\\\/nl#website\",\"url\":\"https:\\\/\\\/www.tablaosflamencos.com\\\/nl\",\"name\":\"Tablaos Flamencos\",\"description\":\"Entradas para tablaos flamencos de Espa\u00f1a\",\"publisher\":{\"@id\":\"https:\\\/\\\/www.tablaosflamencos.com\\\/nl#organization\"},\"alternateName\":\"Tablaos Flamencos\",\"potentialAction\":[{\"@type\":\"SearchAction\",\"target\":{\"@type\":\"EntryPoint\",\"urlTemplate\":\"https:\\\/\\\/www.tablaosflamencos.com\\\/nl?s={search_term_string}\"},\"query-input\":{\"@type\":\"PropertyValueSpecification\",\"valueRequired\":true,\"valueName\":\"search_term_string\"}}],\"inLanguage\":\"nl-NL\"},{\"@type\":[\"Organization\",\"Place\",\"EntertainmentBusiness\"],\"@id\":\"https:\\\/\\\/www.tablaosflamencos.com\\\/nl#organization\",\"name\":\"Tablaos Flamencos\",\"alternateName\":\"Tablaos Flamencos\",\"url\":\"https:\\\/\\\/www.tablaosflamencos.com\\\/nl\",\"logo\":{\"@id\":\"https:\\\/\\\/www.tablaosflamencos.com\\\/nl\\\/festival-cante-jondo-antonio-mairena-2026.html#local-main-organization-logo\"},\"image\":{\"@id\":\"https:\\\/\\\/www.tablaosflamencos.com\\\/nl\\\/festival-cante-jondo-antonio-mairena-2026.html#local-main-organization-logo\"},\"sameAs\":[\"https:\\\/\\\/www.facebook.com\\\/tablaosflamencos\",\"https:\\\/\\\/x.com\\\/tablaosflamenco\",\"https:\\\/\\\/mastodon.social\\\/@tablaosflamencos\",\"https:\\\/\\\/www.instagram.com\\\/tablaosflamencos\",\"https:\\\/\\\/tiktok.com\\\/@tablaosflamencos\",\"https:\\\/\\\/www.linkedin.com\\\/company\\\/109408238\\\/\"],\"description\":\"Venta de entradas para espect\u00e1culos flamencos\",\"legalName\":\"Tablaos Flamencos\",\"foundingDate\":\"2015-01-01\",\"numberOfEmployees\":{\"@type\":\"QuantitativeValue\",\"minValue\":\"1\",\"maxValue\":\"10\"},\"address\":{\"@id\":\"https:\\\/\\\/www.tablaosflamencos.com\\\/nl\\\/festival-cante-jondo-antonio-mairena-2026.html#local-main-place-address\"},\"geo\":{\"@type\":\"GeoCoordinates\",\"latitude\":\"37.3868072\",\"longitude\":\"-5.993280299999999\"},\"telephone\":[\"+34623787787\"],\"contactPoint\":{\"@type\":\"ContactPoint\",\"telephone\":\"+34623787787\",\"email\":\"info@tablaosflamencos.com\"},\"openingHoursSpecification\":{\"@type\":\"OpeningHoursSpecification\",\"dayOfWeek\":[\"Monday\",\"Tuesday\",\"Wednesday\",\"Thursday\",\"Friday\",\"Saturday\",\"Sunday\"],\"opens\":\"00:00\",\"closes\":\"23:59\"},\"email\":\"info@tablaosflamencos.com\",\"priceRange\":\"$$$\",\"currenciesAccepted\":\"\u20ac\"},{\"@type\":\"Person\",\"@id\":\"https:\\\/\\\/www.tablaosflamencos.com\\\/nl#\\\/schema\\\/person\\\/e7a9ebe14eb75a52ceabfbffb3c54f5d\",\"name\":\"Miguel Ortiz\",\"description\":\"Miguel Ortiz es un empresario flamenco, con una s\u00f3lida trayectoria dentro del sector. Ha presidido entidades culturales vinculadas al flamenco y, cuenta con un amplio recorrido profesional en la gesti\u00f3n y promoci\u00f3n de espect\u00e1culos y tablaos flamencos. Su pasi\u00f3n por la historia y el arte flamenco se refleja en cada art\u00edculo, donde combina experiencia, criterio y un profundo respeto por la tradici\u00f3n.\",\"sameAs\":[\"https:\\\/\\\/www.tablaosflamencos.com\",\"https:\\\/\\\/www.instagra.com\\\/miguelortizfe\",\"https:\\\/\\\/www.linkedin.com\\\/in\\\/miguelortizf\\\/\"],\"birthDate\":\"1984-11-22\",\"gender\":\"hombre\",\"knowsLanguage\":[\"espa\u00f1ol\",\"ingl\u00e9s\"],\"jobTitle\":\"Empresario flamenco\"},{\"@type\":\"PostalAddress\",\"@id\":\"https:\\\/\\\/www.tablaosflamencos.com\\\/nl\\\/festival-cante-jondo-antonio-mairena-2026.html#local-main-place-address\",\"streetAddress\":\"C\\\/ Alemanes, 19\",\"addressLocality\":\"Sevilla\",\"postalCode\":\"41004\",\"addressRegion\":\"Sevilla\",\"addressCountry\":\"ES\"},{\"@type\":\"ImageObject\",\"inLanguage\":\"nl-NL\",\"@id\":\"https:\\\/\\\/www.tablaosflamencos.com\\\/nl\\\/festival-cante-jondo-antonio-mairena-2026.html#local-main-organization-logo\",\"url\":\"https:\\\/\\\/www.tablaosflamencos.com\\\/wp-content\\\/uploads\\\/tablaos-flamencos-06-3.webp\",\"contentUrl\":\"https:\\\/\\\/www.tablaosflamencos.com\\\/wp-content\\\/uploads\\\/tablaos-flamencos-06-3.webp\",\"width\":600,\"height\":620,\"caption\":\"Tablaos Flamencos\"}]}<\/script>\n<meta name=\"geo.placename\" content=\"Sevilla\" \/>\n<meta name=\"geo.position\" content=\"37.3868072;-5.993280299999999\" \/>\n<meta name=\"geo.region\" content=\"Spanje\" \/>\n<!-- \/ Yoast SEO Premium plugin. -->","yoast_head_json":{"title":"Antonio Mairena Festival 2026: programma en tickets","description":"Festival de Cante Jondo Antonio Mairena 2026: volledig programma, artiesten, tickets, prijzen, locaties en reizen vanuit Sevilla.","robots":{"index":"index","follow":"follow","max-snippet":"max-snippet:-1","max-image-preview":"max-image-preview:large","max-video-preview":"max-video-preview:-1"},"canonical":"https:\/\/www.tablaosflamencos.com\/nl\/festival-cante-jondo-antonio-mairena-2026.html","og_locale":"nl_NL","og_type":"article","og_title":"Festival de Cante Jondo Antonio Mairena 2026: programma, tickets en reizen vanuit Sevilla","og_description":"Festival de Cante Jondo Antonio Mairena 2026: volledig programma, artiesten, tickets, prijzen, locaties en reizen vanuit Sevilla.","og_url":"https:\/\/www.tablaosflamencos.com\/nl\/festival-cante-jondo-antonio-mairena-2026.html","og_site_name":"Tablaos Flamencos","article_publisher":"https:\/\/www.facebook.com\/tablaosflamencos","article_published_time":"2026-09-04T15:00:57+00:00","article_modified_time":"2026-09-04T15:31:48+00:00","og_image":[{"width":1491,"height":1055,"url":"https:\/\/www.tablaosflamencos.com\/wp-content\/uploads\/festival-de-cante-jondo-antonio-mairena-2026-programacion-entradas-y-como-llegar-desde-sevilla-01.webp","type":"image\/webp"}],"author":"Miguel Ortiz","twitter_card":"summary_large_image","twitter_creator":"@tablaosflamenco","twitter_site":"@tablaosflamenco","twitter_misc":{"Geschreven door":"Miguel Ortiz","Geschatte leestijd":"12 minuten"},"schema":{"@context":"https:\/\/schema.org","@graph":[{"@type":"Article","@id":"https:\/\/www.tablaosflamencos.com\/nl\/festival-cante-jondo-antonio-mairena-2026.html#article","isPartOf":{"@id":"https:\/\/www.tablaosflamencos.com\/nl\/festival-cante-jondo-antonio-mairena-2026-vanuit-sevilla.html"},"author":{"name":"Miguel Ortiz","@id":"https:\/\/www.tablaosflamencos.com\/nl#\/schema\/person\/e7a9ebe14eb75a52ceabfbffb3c54f5d"},"headline":"Festival de Cante Jondo Antonio Mairena 2026: programma, tickets en reizen vanuit Sevilla","datePublished":"2026-09-04T15:00:57+00:00","dateModified":"2026-09-04T15:31:48+00:00","mainEntityOfPage":{"@id":"https:\/\/www.tablaosflamencos.com\/nl\/festival-cante-jondo-antonio-mairena-2026-vanuit-sevilla.html"},"wordCount":2448,"publisher":{"@id":"https:\/\/www.tablaosflamencos.com\/nl#organization"},"image":{"@id":"https:\/\/www.tablaosflamencos.com\/nl\/festival-cante-jondo-antonio-mairena-2026.html#primaryimage"},"thumbnailUrl":"https:\/\/www.tablaosflamencos.com\/wp-content\/uploads\/festival-de-cante-jondo-antonio-mairena-2026-programacion-entradas-y-como-llegar-desde-sevilla-01.webp","keywords":["Antonio Mairena","Antonio Mairena Cante Jondo Festival","festivales flamencos","flamencozang"],"articleSection":["Flamencofestivals"],"inLanguage":"nl-NL"},{"@type":"WebPage","@id":"https:\/\/www.tablaosflamencos.com\/nl\/festival-cante-jondo-antonio-mairena-2026-vanuit-sevilla.html","url":"https:\/\/www.tablaosflamencos.com\/nl\/festival-cante-jondo-antonio-mairena-2026.html","name":"Antonio Mairena Festival 2026: programma en tickets","isPartOf":{"@id":"https:\/\/www.tablaosflamencos.com\/nl#website"},"primaryImageOfPage":{"@id":"https:\/\/www.tablaosflamencos.com\/nl\/festival-cante-jondo-antonio-mairena-2026.html#primaryimage"},"image":{"@id":"https:\/\/www.tablaosflamencos.com\/nl\/festival-cante-jondo-antonio-mairena-2026.html#primaryimage"},"thumbnailUrl":"https:\/\/www.tablaosflamencos.com\/wp-content\/uploads\/festival-de-cante-jondo-antonio-mairena-2026-programacion-entradas-y-como-llegar-desde-sevilla-01.webp","datePublished":"2026-09-04T15:00:57+00:00","dateModified":"2026-09-04T15:31:48+00:00","description":"Festival de Cante Jondo Antonio Mairena 2026: volledig programma, artiesten, tickets, prijzen, locaties en reizen vanuit Sevilla.","breadcrumb":{"@id":"https:\/\/www.tablaosflamencos.com\/nl\/festival-cante-jondo-antonio-mairena-2026.html#breadcrumb"},"inLanguage":"nl-NL","potentialAction":[{"@type":"ReadAction","target":["https:\/\/www.tablaosflamencos.com\/nl\/festival-cante-jondo-antonio-mairena-2026.html"]}]},{"@type":"ImageObject","inLanguage":"nl-NL","@id":"https:\/\/www.tablaosflamencos.com\/nl\/festival-cante-jondo-antonio-mairena-2026.html#primaryimage","url":"https:\/\/www.tablaosflamencos.com\/wp-content\/uploads\/festival-de-cante-jondo-antonio-mairena-2026-programacion-entradas-y-como-llegar-desde-sevilla-01.webp","contentUrl":"https:\/\/www.tablaosflamencos.com\/wp-content\/uploads\/festival-de-cante-jondo-antonio-mairena-2026-programacion-entradas-y-como-llegar-desde-sevilla-01.webp","width":1491,"height":1055,"caption":"Festival de Cante Jondo Antonio Mairena 2026: programaci\u00f3n, entradas y c\u00f3mo llegar desde Sevilla"},{"@type":"BreadcrumbList","@id":"https:\/\/www.tablaosflamencos.com\/nl\/festival-cante-jondo-antonio-mairena-2026.html#breadcrumb","itemListElement":[{"@type":"ListItem","position":1,"name":"Home","item":"https:\/\/www.tablaosflamencos.com\/nl"},{"@type":"ListItem","position":2,"name":"Festival de Cante Jondo Antonio Mairena 2026: programma, tickets en reizen vanuit Sevilla"}]},{"@type":"WebSite","@id":"https:\/\/www.tablaosflamencos.com\/nl#website","url":"https:\/\/www.tablaosflamencos.com\/nl","name":"Tablaos Flamencos","description":"Entradas para tablaos flamencos de Espa\u00f1a","publisher":{"@id":"https:\/\/www.tablaosflamencos.com\/nl#organization"},"alternateName":"Tablaos Flamencos","potentialAction":[{"@type":"SearchAction","target":{"@type":"EntryPoint","urlTemplate":"https:\/\/www.tablaosflamencos.com\/nl?s={search_term_string}"},"query-input":{"@type":"PropertyValueSpecification","valueRequired":true,"valueName":"search_term_string"}}],"inLanguage":"nl-NL"},{"@type":["Organization","Place","EntertainmentBusiness"],"@id":"https:\/\/www.tablaosflamencos.com\/nl#organization","name":"Tablaos Flamencos","alternateName":"Tablaos Flamencos","url":"https:\/\/www.tablaosflamencos.com\/nl","logo":{"@id":"https:\/\/www.tablaosflamencos.com\/nl\/festival-cante-jondo-antonio-mairena-2026.html#local-main-organization-logo"},"image":{"@id":"https:\/\/www.tablaosflamencos.com\/nl\/festival-cante-jondo-antonio-mairena-2026.html#local-main-organization-logo"},"sameAs":["https:\/\/www.facebook.com\/tablaosflamencos","https:\/\/x.com\/tablaosflamenco","https:\/\/mastodon.social\/@tablaosflamencos","https:\/\/www.instagram.com\/tablaosflamencos","https:\/\/tiktok.com\/@tablaosflamencos","https:\/\/www.linkedin.com\/company\/109408238\/"],"description":"Venta de entradas para espect\u00e1culos flamencos","legalName":"Tablaos Flamencos","foundingDate":"2015-01-01","numberOfEmployees":{"@type":"QuantitativeValue","minValue":"1","maxValue":"10"},"address":{"@id":"https:\/\/www.tablaosflamencos.com\/nl\/festival-cante-jondo-antonio-mairena-2026.html#local-main-place-address"},"geo":{"@type":"GeoCoordinates","latitude":"37.3868072","longitude":"-5.993280299999999"},"telephone":["+34623787787"],"contactPoint":{"@type":"ContactPoint","telephone":"+34623787787","email":"info@tablaosflamencos.com"},"openingHoursSpecification":{"@type":"OpeningHoursSpecification","dayOfWeek":["Monday","Tuesday","Wednesday","Thursday","Friday","Saturday","Sunday"],"opens":"00:00","closes":"23:59"},"email":"info@tablaosflamencos.com","priceRange":"$$$","currenciesAccepted":"\u20ac"},{"@type":"Person","@id":"https:\/\/www.tablaosflamencos.com\/nl#\/schema\/person\/e7a9ebe14eb75a52ceabfbffb3c54f5d","name":"Miguel Ortiz","description":"Miguel Ortiz es un empresario flamenco, con una s\u00f3lida trayectoria dentro del sector. Ha presidido entidades culturales vinculadas al flamenco y, cuenta con un amplio recorrido profesional en la gesti\u00f3n y promoci\u00f3n de espect\u00e1culos y tablaos flamencos. Su pasi\u00f3n por la historia y el arte flamenco se refleja en cada art\u00edculo, donde combina experiencia, criterio y un profundo respeto por la tradici\u00f3n.","sameAs":["https:\/\/www.tablaosflamencos.com","https:\/\/www.instagra.com\/miguelortizfe","https:\/\/www.linkedin.com\/in\/miguelortizf\/"],"birthDate":"1984-11-22","gender":"hombre","knowsLanguage":["espa\u00f1ol","ingl\u00e9s"],"jobTitle":"Empresario flamenco"},{"@type":"PostalAddress","@id":"https:\/\/www.tablaosflamencos.com\/nl\/festival-cante-jondo-antonio-mairena-2026.html#local-main-place-address","streetAddress":"C\/ Alemanes, 19","addressLocality":"Sevilla","postalCode":"41004","addressRegion":"Sevilla","addressCountry":"ES"},{"@type":"ImageObject","inLanguage":"nl-NL","@id":"https:\/\/www.tablaosflamencos.com\/nl\/festival-cante-jondo-antonio-mairena-2026.html#local-main-organization-logo","url":"https:\/\/www.tablaosflamencos.com\/wp-content\/uploads\/tablaos-flamencos-06-3.webp","contentUrl":"https:\/\/www.tablaosflamencos.com\/wp-content\/uploads\/tablaos-flamencos-06-3.webp","width":600,"height":620,"caption":"Tablaos Flamencos"}]},"geo.placename":"Sevilla","geo.position":{"lat":"37.3868072","long":"-5.993280299999999"},"geo.region":"Spanje"},"_links":{"self":[{"href":"https:\/\/www.tablaosflamencos.com\/nl\/wp-json\/wp\/v2\/posts\/14398","targetHints":{"allow":["GET"]}}],"collection":[{"href":"https:\/\/www.tablaosflamencos.com\/nl\/wp-json\/wp\/v2\/posts"}],"about":[{"href":"https:\/\/www.tablaosflamencos.com\/nl\/wp-json\/wp\/v2\/types\/post"}],"author":[{"embeddable":true,"href":"https:\/\/www.tablaosflamencos.com\/nl\/wp-json\/wp\/v2\/users\/1"}],"replies":[{"embeddable":true,"href":"https:\/\/www.tablaosflamencos.com\/nl\/wp-json\/wp\/v2\/comments?post=14398"}],"version-history":[{"count":0,"href":"https:\/\/www.tablaosflamencos.com\/nl\/wp-json\/wp\/v2\/posts\/14398\/revisions"}],"wp:featuredmedia":[{"embeddable":true,"href":"https:\/\/www.tablaosflamencos.com\/nl\/wp-json\/wp\/v2\/media\/14378"}],"wp:attachment":[{"href":"https:\/\/www.tablaosflamencos.com\/nl\/wp-json\/wp\/v2\/media?parent=14398"}],"wp:term":[{"taxonomy":"category","embeddable":true,"href":"https:\/\/www.tablaosflamencos.com\/nl\/wp-json\/wp\/v2\/categories?post=14398"},{"taxonomy":"post_tag","embeddable":true,"href":"https:\/\/www.tablaosflamencos.com\/nl\/wp-json\/wp\/v2\/tags?post=14398"}],"curies":[{"name":"wp","href":"https:\/\/api.w.org\/{rel}","templated":true}]}}