{"id":14330,"date":"2026-09-03T23:19:59","date_gmt":"2026-09-03T21:19:59","guid":{"rendered":"https:\/\/www.tablaosflamencos.com\/?p=14330"},"modified":"2026-09-04T00:07:24","modified_gmt":"2026-09-03T22:07:24","slug":"andalusische-pena-circuit-2026-gratis-flamencorecitals","status":"publish","type":"post","link":"https:\/\/www.tablaosflamencos.com\/nl\/andalusische-pena-circuit-2026-gratis-flamencorecitals.html","title":{"rendered":"Andalusische Pe\u00f1a-circuit 2026: 225 gratis flamencorecitals"},"content":{"rendered":"<section class=\"l-section wpb_row height_huge\"><div class=\"l-section-h i-cf\"><div class=\"g-cols vc_row via_flex valign_middle type_default stacking_default\"><div class=\"vc_col-sm-6 wpb_column vc_column_container\"><div class=\"vc_column-inner\"><div class=\"wpb_wrapper\"><div class=\"wpb_text_column\"><div class=\"wpb_wrapper\"><h2>225 gratis recitals voor een reis door flamenco-Andalusi\u00eb<\/h2>\n<p>Het <strong>Andalusische Pe\u00f1a-circuit 2026<\/strong> brengt flamenco naar alle acht provincies met een officieel programma van <strong>225 optredens met zang, dans en gitaar<\/strong>. Minstens 470 artiesten nemen deel aan een netwerk van pe\u00f1as dat zich uitstrekt van de provinciehoofdsteden tot gemeenten waar het professionele cultuuraanbod doorgaans veel beperkter is.<\/p>\n<p>De meeste evenementen vinden plaats tussen september en november, hoewel Sevilla en Ja\u00e9n hun reeksen in juni begonnen, Almer\u00eda in augustus en Granada halverwege diezelfde maand. De <strong>toegang is gratis zolang er plaatsen beschikbaar zijn<\/strong>, waardoor dit circuit een van de grootste kansen van het jaar biedt om liveflamenco te horen zonder een kaartje te kopen.<\/p>\n<p>Deze gids bundelt de aangekondigde cijfers, data, eerbetonen en plaatsen, legt uit hoe je het programma van elke provincie raadpleegt en geeft praktische tips voor een bezoek aan de recitals.<\/p>\n<\/div><\/div><\/div><\/div><\/div><div class=\"vc_col-sm-6 wpb_column vc_column_container\"><div class=\"vc_column-inner\"><div class=\"wpb_wrapper\"><div class=\"w-image us_custom_c9d916e8 has_aspect_ratio align_center\"><div class=\"w-image-h\"><img fetchpriority=\"high\" decoding=\"async\" width=\"1024\" height=\"683\" src=\"https:\/\/www.tablaosflamencos.com\/wp-content\/uploads\/circuito-andaluz-de-penas-2026-225-recitales-de-flamenco-gratis-por-toda-andalucia-01-1-1024x683.webp\" class=\"attachment-large size-large\" alt=\"\" loading=\"eager\" srcset=\"https:\/\/www.tablaosflamencos.com\/wp-content\/uploads\/circuito-andaluz-de-penas-2026-225-recitales-de-flamenco-gratis-por-toda-andalucia-01-1-1024x683.webp 1024w, https:\/\/www.tablaosflamencos.com\/wp-content\/uploads\/circuito-andaluz-de-penas-2026-225-recitales-de-flamenco-gratis-por-toda-andalucia-01-1-300x200.webp 300w, https:\/\/www.tablaosflamencos.com\/wp-content\/uploads\/circuito-andaluz-de-penas-2026-225-recitales-de-flamenco-gratis-por-toda-andalucia-01-1-600x400.webp 600w, https:\/\/www.tablaosflamencos.com\/wp-content\/uploads\/circuito-andaluz-de-penas-2026-225-recitales-de-flamenco-gratis-por-toda-andalucia-01-1-150x100.webp 150w, https:\/\/www.tablaosflamencos.com\/wp-content\/uploads\/circuito-andaluz-de-penas-2026-225-recitales-de-flamenco-gratis-por-toda-andalucia-01-1.webp 1536w\" sizes=\"auto, (max-width: 1024px) 100vw, 1024px\" \/><\/div><\/div><\/div><\/div><\/div><\/div><\/div><\/section><section class=\"l-section wpb_row height_huge color_alternate with_shape\"><div class=\"l-section-shape type_zigzag pos_top hor_flip\" style=\"height:3vmin;\"><svg xmlns=\"http:\/\/www.w3.org\/2000\/svg\" viewBox=\"0 0 64 8\" preserveAspectRatio=\"none\" width=\"100%\" height=\"100%\">\r\n\t<path fill=\"currentColor\" d=\"M64 8 L0 8 L0 0 L20 7.9 L40 3 L48 5 L64 0 Z\"\/>\r\n<\/svg><\/div><div class=\"l-section-shape type_zigzag pos_bottom\" style=\"height:3vmin;\"><svg xmlns=\"http:\/\/www.w3.org\/2000\/svg\" viewBox=\"0 0 64 8\" preserveAspectRatio=\"none\" width=\"100%\" height=\"100%\">\r\n\t<path fill=\"currentColor\" d=\"M64 8 L0 8 L0 0 L20 7.9 L40 3 L48 5 L64 0 Z\"\/>\r\n<\/svg><\/div><div class=\"l-section-h i-cf\"><div class=\"g-cols vc_row via_flex valign_top type_default stacking_default\"><div class=\"vc_col-sm-12 wpb_column vc_column_container\"><div class=\"vc_column-inner\"><div class=\"wpb_wrapper\"><div class=\"wpb_text_column\"><div class=\"wpb_wrapper\"><blockquote>\n<p style=\"margin: 0;\"><strong>Kort antwoord:<\/strong> het Andalusische Pe\u00f1a-circuit 2026 programmeert 225 gratis recitals in alle acht provincies van Andalusi\u00eb, met minstens 470 artiesten. De editie omvat 181 zangoptredens, 31 dansoptredens en 13 gitaarrecitals. De provinciale reeksen lopen van 6 juni tot 28 november, met de grootste concentratie tussen september en november. De toegang is gratis zolang er plaatsen beschikbaar zijn; controleer de tijden in de Culturele Agenda van Andalusi\u00eb of rechtstreeks bij de organiserende pe\u00f1a.<\/p>\n<\/blockquote>\n<\/div><\/div><\/div><\/div><\/div><\/div><\/div><\/section><section class=\"l-section wpb_row height_huge\"><div class=\"l-section-h i-cf\"><div class=\"g-cols vc_row via_flex valign_middle type_default stacking_default\"><div class=\"vc_col-sm-3 wpb_column vc_column_container\"><div class=\"vc_column-inner\"><div class=\"wpb_wrapper\"><\/div><\/div><\/div><div class=\"vc_col-sm-6 wpb_column vc_column_container\"><div class=\"vc_column-inner\"><div class=\"wpb_wrapper\"><div class=\"wpb_text_column\"><div class=\"wpb_wrapper\"><h2>Inhoud van deze gids<\/h2>\n<ul>\n<li><a href=\"#datos-clave\">Belangrijkste gegevens van het Andalusische Pe\u00f1a-circuit 2026<\/a><\/li>\n<li><a href=\"#que-es\">Wat is het Andalusische Pe\u00f1a-circuit?<\/a><\/li>\n<li><a href=\"#provincias\">Data en optredens per provincie<\/a><\/li>\n<li><a href=\"#modalidades\">Zang, dans en gitaar: hoe het programma is verdeeld<\/a><\/li>\n<li><a href=\"#gratis\">Zo werkt de gratis toegang<\/a><\/li>\n<li><a href=\"#programa\">Waar je artiesten, pe\u00f1as en tijden vindt<\/a><\/li>\n<li><a href=\"#homenajes\">De eerbetonen van de editie 2026<\/a><\/li>\n<li><a href=\"#papel-penas\">Waarom pe\u00f1as essentieel zijn voor flamenco<\/a><\/li>\n<li><a href=\"#organizar\">Zo plan je een flamencoroute door Andalusi\u00eb<\/a><\/li>\n<li><a href=\"#faq\">Veelgestelde vragen<\/a><\/li>\n<\/ul>\n<\/div><\/div><\/div><\/div><\/div><div class=\"vc_col-sm-3 wpb_column vc_column_container\"><div class=\"vc_column-inner\"><div class=\"wpb_wrapper\"><\/div><\/div><\/div><\/div><\/div><\/section><section class=\"l-section wpb_row height_huge color_alternate with_shape\"><div class=\"l-section-shape type_zigzag pos_top hor_flip\" style=\"height:3vmin;\"><svg xmlns=\"http:\/\/www.w3.org\/2000\/svg\" viewBox=\"0 0 64 8\" preserveAspectRatio=\"none\" width=\"100%\" height=\"100%\">\r\n\t<path fill=\"currentColor\" d=\"M64 8 L0 8 L0 0 L20 7.9 L40 3 L48 5 L64 0 Z\"\/>\r\n<\/svg><\/div><div class=\"l-section-shape type_zigzag pos_bottom\" style=\"height:3vmin;\"><svg xmlns=\"http:\/\/www.w3.org\/2000\/svg\" viewBox=\"0 0 64 8\" preserveAspectRatio=\"none\" width=\"100%\" height=\"100%\">\r\n\t<path fill=\"currentColor\" d=\"M64 8 L0 8 L0 0 L20 7.9 L40 3 L48 5 L64 0 Z\"\/>\r\n<\/svg><\/div><div class=\"l-section-h i-cf\"><div class=\"g-cols vc_row via_flex valign_top type_default stacking_default\"><div class=\"vc_col-sm-12 wpb_column vc_column_container\"><div class=\"vc_column-inner\"><div class=\"wpb_wrapper\"><div class=\"wpb_text_column\"><div class=\"wpb_wrapper\"><h2 id=\"datos-clave\">Andalusische Pe\u00f1a-circuit 2026: belangrijkste gegevens<\/h2>\n<table>\n<thead>\n<tr>\n<th>Onderdeel<\/th>\n<th>Cijfer of offici\u00eble informatie<\/th>\n<\/tr>\n<\/thead>\n<tbody>\n<tr>\n<td><strong>Totaal aantal optredens<\/strong><\/td>\n<td>225 recitals<\/td>\n<\/tr>\n<tr>\n<td><strong>Deelnemende artiesten<\/strong><\/td>\n<td>Minstens 470<\/td>\n<\/tr>\n<tr>\n<td><strong>Zangrecitals<\/strong><\/td>\n<td>181<\/td>\n<\/tr>\n<tr>\n<td><strong>Dansoptredens<\/strong><\/td>\n<td>31<\/td>\n<\/tr>\n<tr>\n<td><strong>Gitaarrecitals<\/strong><\/td>\n<td>13<\/td>\n<\/tr>\n<tr>\n<td><strong>Provincies<\/strong><\/td>\n<td>Almer\u00eda, C\u00e1diz, C\u00f3rdoba, Granada, Huelva, Ja\u00e9n, M\u00e1laga en Sevilla<\/td>\n<\/tr>\n<tr>\n<td><strong>Algemene periode<\/strong><\/td>\n<td>Van 6 juni tot 28 november 2026, afhankelijk van de provincie<\/td>\n<\/tr>\n<tr>\n<td><strong>Prijs<\/strong><\/td>\n<td>Gratis toegang zolang er plaatsen beschikbaar zijn<\/td>\n<\/tr>\n<tr>\n<td><strong>Aangesloten pe\u00f1as in Andalusi\u00eb<\/strong><\/td>\n<td>329<\/td>\n<\/tr>\n<tr>\n<td><strong>Specifieke investering in het circuit<\/strong><\/td>\n<td>250.000 euro<\/td>\n<\/tr>\n<\/tbody>\n<\/table>\n<p>De cijfers tonen duidelijk de omvang van het programma. Het gaat niet om een festival in \u00e9\u00e9n stad of een opeenvolging van grote theaterproducties, maar om een netwerk van kleinschalige recitals dat de ruimtes van de pe\u00f1as gebruikt voor optredens, aandachtig luisteren en samenzijn.<\/p>\n<p>Zang vormt het grootste deel van het programma, maar ook dans en gitaar hebben een eigen plaats. Dankzij die combinatie kan het publiek zowel recitals rond de stem meemaken als optredens waarin het lichaam, het comp\u00e1s of het instrument centraal staat.<\/p>\n<\/div><\/div><\/div><\/div><\/div><\/div><\/div><\/section><section class=\"l-section wpb_row height_huge\"><div class=\"l-section-h i-cf\"><div class=\"g-cols vc_row via_flex valign_top type_default stacking_default\"><div class=\"vc_col-sm-12 wpb_column vc_column_container\"><div class=\"vc_column-inner\"><div class=\"wpb_wrapper\"><div class=\"wpb_text_column\"><div class=\"wpb_wrapper\"><h2 id=\"que-es\">Wat is het Andalusische circuit van flamenco-pe\u00f1as?<\/h2>\n<p>Het Andalusische Pe\u00f1a-circuit is een programma van het <strong>Andalusische Agentschap voor Culturele Instellingen en het Andalusische Flamenco-instituut<\/strong>, in samenwerking met de provinciale federaties van pe\u00f1as. Het doel is professionele zang-, dans- en gitaaroptredens te programmeren in flamencoverenigingen in heel Andalusi\u00eb.<\/p>\n<p>Het model heeft twee kanten. Voor het publiek ontstaat een uitgebreide agenda met gratis flamenco dichtbij huis. Voor artiesten opent het een professioneel circuit waarop ze in zeer uiteenlopende gemeenten kunnen optreden en in contact komen met liefhebbers die gewend zijn aandachtig naar flamenco te luisteren.<\/p>\n<p>Het programma komt niet via een informele selectie tot stand. In 2026 werd een <strong>openbare oproep voor artiesten<\/strong> gepubliceerd en kwamen bijna 300 voorstellen binnen. Deze catalogus vormde de basis waarop de provinciale federaties hun programma\u2019s samenstelden, met zowel gevestigde namen als jonge uitvoerders die hun loopbaan beginnen te verstevigen.<\/p>\n<p>Het circuit valt bovendien binnen de Flamencowet en het Strategisch Plan dat de Andalusische regering in mei 2026 goedkeurde. Dat kader erkent de pe\u00f1as als essenti\u00eble partijen voor het bewaren, verspreiden en doorgeven van het flamenco-erfgoed.<\/p>\n<p>Wil je v\u00f3\u00f3r je bezoek meer artistieke context, lees dan onze gids over <a href=\"https:\/\/www.tablaosflamencos.com\/que-es-el-flamenco.html\"><strong>wat flamenco is, waar het vandaan komt en wat de belangrijkste elementen zijn<\/strong><\/a> . Daarin leggen we uit hoe zang, gitaar, dans en comp\u00e1s met elkaar samenhangen.<\/p>\n<\/div><\/div><\/div><\/div><\/div><\/div><\/div><\/section><section class=\"l-section wpb_row height_huge color_alternate with_shape\"><div class=\"l-section-shape type_zigzag pos_top hor_flip\" style=\"height:3vmin;\"><svg xmlns=\"http:\/\/www.w3.org\/2000\/svg\" viewBox=\"0 0 64 8\" preserveAspectRatio=\"none\" width=\"100%\" height=\"100%\">\r\n\t<path fill=\"currentColor\" d=\"M64 8 L0 8 L0 0 L20 7.9 L40 3 L48 5 L64 0 Z\"\/>\r\n<\/svg><\/div><div class=\"l-section-shape type_zigzag pos_bottom\" style=\"height:3vmin;\"><svg xmlns=\"http:\/\/www.w3.org\/2000\/svg\" viewBox=\"0 0 64 8\" preserveAspectRatio=\"none\" width=\"100%\" height=\"100%\">\r\n\t<path fill=\"currentColor\" d=\"M64 8 L0 8 L0 0 L20 7.9 L40 3 L48 5 L64 0 Z\"\/>\r\n<\/svg><\/div><div class=\"l-section-h i-cf\"><div class=\"g-cols vc_row via_flex valign_top type_default stacking_default\"><div class=\"vc_col-sm-12 wpb_column vc_column_container\"><div class=\"vc_column-inner\"><div class=\"wpb_wrapper\"><div class=\"wpb_text_column\"><div class=\"wpb_wrapper\"><h2 id=\"provincias\">Programma per provincie: data, recitals en disciplines<\/h2>\n<p>Elke provinciale federatie organiseert binnen het gezamenlijke programma haar eigen kalender. Er is daarom geen uniforme startdatum of algemene dienstregeling. De volgende tabel vat de officieel gepubliceerde informatie per gebied samen.<\/p>\n<table>\n<thead>\n<tr>\n<th>Provincie<\/th>\n<th>Data van de reeks<\/th>\n<th>Aangekondigde optredens<\/th>\n<th>Verdeling<\/th>\n<\/tr>\n<\/thead>\n<tbody>\n<tr>\n<td><strong>Sevilla<\/strong><\/td>\n<td>6 juni\u201330 oktober<\/td>\n<td>56<\/td>\n<td>53 zang, 2 dans en 1 gitaar<\/td>\n<\/tr>\n<tr>\n<td><strong>M\u00e1laga<\/strong><\/td>\n<td>5 september\u201328 november<\/td>\n<td>35<\/td>\n<td>21 zang, 8 dans en 6 gitaar of andere instrumenten<\/td>\n<\/tr>\n<tr>\n<td><strong>C\u00e1diz<\/strong><\/td>\n<td>5 september\u201321 november<\/td>\n<td>33<\/td>\n<td>22 zang en 11 dans<\/td>\n<\/tr>\n<tr>\n<td><strong>Ja\u00e9n<\/strong><\/td>\n<td>6 juni\u201311 juli en 12 september\u201328 november<\/td>\n<td>30<\/td>\n<td>27 zang, 1 dans en 2 gitaar<\/td>\n<\/tr>\n<tr>\n<td><strong>C\u00f3rdoba<\/strong><\/td>\n<td>6\u201328 november<\/td>\n<td>30<\/td>\n<td>26 zang, 1 dans en 3 gitaar<\/td>\n<\/tr>\n<tr>\n<td><strong>Granada<\/strong><\/td>\n<td>15 augustus\u201321 november<\/td>\n<td>15<\/td>\n<td>9 zang en 6 dans<\/td>\n<\/tr>\n<tr>\n<td><strong>Huelva<\/strong><\/td>\n<td>5 september\u201321 november<\/td>\n<td>14<\/td>\n<td>12 zang, 1 dans en 1 gitaar<\/td>\n<\/tr>\n<tr>\n<td><strong>Almer\u00eda<\/strong><\/td>\n<td>1 augustus\u201315 november<\/td>\n<td>11<\/td>\n<td>11 zang<\/td>\n<\/tr>\n<\/tbody>\n<\/table>\n<p><strong>Opmerking bij de cijfers:<\/strong> de organisatie meldt in totaal 225 optredens en ook de verdeling per discipline \u2014181 zang, 31 dans en 13 gitaar\u2014 komt uit op 225. De provinciale subtotalen in de presentatie tellen echter op tot 224. Waarschijnlijk ontbreekt nog \u00e9\u00e9n optreden in het overzicht of is \u00e9\u00e9n uitsplitsing nog niet bijgewerkt. Wij houden het offici\u00eble totaal van 225 aan en raden aan v\u00f3\u00f3r het plannen de actuele provinciale agenda te controleren.<\/p>\n<\/div><\/div><\/div><\/div><\/div><\/div><\/div><\/section><section class=\"l-section wpb_row height_huge\"><div class=\"l-section-h i-cf\"><div class=\"g-cols vc_row via_flex valign_top type_default stacking_default\"><div class=\"vc_col-sm-12 wpb_column vc_column_container\"><div class=\"vc_column-inner\"><div class=\"wpb_wrapper\"><div class=\"wpb_text_column\"><div class=\"wpb_wrapper\"><h2>Sevilla: 56 optredens en een eerbetoon aan El Lebrijano<\/h2>\n<p>Sevilla heeft het grootste provinciale programma: <strong>56 optredens in 41 plaatsen<\/strong>. De reeks begon op 6 juni en loopt tot 30 oktober. Twaalf recitals vonden plaats in juni en in september en oktober werd het programma met bijzondere intensiteit hervat.<\/p>\n<p>De editie van Sevilla staat stil bij <strong>50 jaar sinds de uitgave van <em>Persecuci\u00f3n<\/em><\/strong>, het baanbrekende album van Juan Pe\u00f1a \u2018El Lebrijano\u2019. Het programma bereikt de hoofdstad en plaatsen als Lebrija, Alcal\u00e1 de Guada\u00edra, Mairena del Alcor, Mor\u00f3n de la Frontera, \u00c9cija, Dos Hermanas, Coria del R\u00edo, Tomares, Arahal, Paradas, San Jos\u00e9 de la Rinconada en Las Cabezas de San Juan, naast vele andere.<\/p>\n<p>Wie een van deze recitals wil combineren met een regulier programma, kan onze selectie van <a href=\"https:\/\/www.tablaosflamencos.com\/flamenco-en-sevilla\"><strong>flamencoshows in Sevilla<\/strong><\/a>bekijken. Het zijn verschillende ervaringen: een pe\u00f1a biedt een eenmalige afspraak binnen het circuit, terwijl je bij een tablao een voorstelling voor een bepaalde datum kunt reserveren.<\/p>\n<h2>M\u00e1laga: 35 optredens in 30 plaatsen<\/h2>\n<p>De provincie M\u00e1laga organiseert haar circuit van 5 september tot 28 november met <strong>35 optredens<\/strong>: 21 zang, acht dans en zes gitaar of andere instrumenten. De recitals bereiken 30 plaatsen, waaronder M\u00e1laga, Antequera, Marbella, Mijas, Nerja, V\u00e9lez-M\u00e1laga, \u00c1lora, Co\u00edn, C\u00e1rtama, Benalm\u00e1dena, Manilva en verschillende gemeenten in de omgeving van Antequera.<\/p>\n<p>De reeks eert flamenco-onderzoeker en verzamelaar <strong>Luis Soler<\/strong>, wiens onderzoek, archivering en publicaties een essentieel deel van het discografische en documentaire flamencogeheugen hielpen bewaren.<\/p>\n<p>Om een verblijf in de hoofdstad of aan de Costa del Sol aan te vullen, kun je ook bekijken waar je <a href=\"https:\/\/www.tablaosflamencos.com\/flamenco-en-malaga\"><strong>flamenco in M\u00e1laga<\/strong><\/a> op de overige dagen van de week kunt zien.<\/p>\n<\/div><\/div><\/div><\/div><\/div><\/div><\/div><\/section><section class=\"l-section wpb_row height_huge color_alternate with_shape\"><div class=\"l-section-shape type_zigzag pos_top hor_flip\" style=\"height:3vmin;\"><svg xmlns=\"http:\/\/www.w3.org\/2000\/svg\" viewBox=\"0 0 64 8\" preserveAspectRatio=\"none\" width=\"100%\" height=\"100%\">\r\n\t<path fill=\"currentColor\" d=\"M64 8 L0 8 L0 0 L20 7.9 L40 3 L48 5 L64 0 Z\"\/>\r\n<\/svg><\/div><div class=\"l-section-shape type_zigzag pos_bottom\" style=\"height:3vmin;\"><svg xmlns=\"http:\/\/www.w3.org\/2000\/svg\" viewBox=\"0 0 64 8\" preserveAspectRatio=\"none\" width=\"100%\" height=\"100%\">\r\n\t<path fill=\"currentColor\" d=\"M64 8 L0 8 L0 0 L20 7.9 L40 3 L48 5 L64 0 Z\"\/>\r\n<\/svg><\/div><div class=\"l-section-h i-cf\"><div class=\"g-cols vc_row via_flex valign_top type_default stacking_default\"><div class=\"vc_col-sm-12 wpb_column vc_column_container\"><div class=\"vc_column-inner\"><div class=\"wpb_wrapper\"><div class=\"wpb_text_column\"><div class=\"wpb_wrapper\"><h2>C\u00e1diz: 33 recitals ter ere van Mar\u00eda Vargas<\/h2>\n<p>C\u00e1diz programmeert <strong>33 optredens tussen 5 september en 21 november<\/strong>: 22 zang en 11 dans. De reeks is gewijd aan de zangeres uit Sanl\u00facar <strong>Mar\u00eda Vargas Fern\u00e1ndez<\/strong> en doet 22 plaatsen aan, waaronder C\u00e1diz, Jerez, Sanl\u00facar de Barrameda, Chiclana, Chipiona, San Fernando, El Puerto de Santa Mar\u00eda, Arcos, Conil, Barbate, Ubrique, Algeciras, La L\u00ednea, Los Barrios en Puerto Real, plus Ceuta.<\/p>\n<p>Met elf dansoptredens heeft C\u00e1diz binnen deze discipline een bijzonder gewicht. Jerez is een van de interessante haltes op de route en kan worden gecombineerd met het reguliere aanbod van <a href=\"https:\/\/www.tablaosflamencos.com\/flamenco-en-jerez\"><strong>flamenco in Jerez<\/strong><\/a>.<\/p>\n<h2>Ja\u00e9n: twee fasen en de reeks A la Verde Oliva<\/h2>\n<p>Ja\u00e9n was een van de provincies die vroeg van start gingen. De eerste fase, de traditionele reeks <strong>A la Verde Oliva<\/strong>, liep van 6 juni tot 11 juli. De tweede begint op 12 september en eindigt op 28 november.<\/p>\n<p>In totaal zijn <strong>30 optredens in 28 plaatsen<\/strong>aangekondigd: 27 zang, \u00e9\u00e9n dans en twee gitaar. Het programma komt langs Ja\u00e9n, Linares, \u00dabeda, Baeza, And\u00fajar, Martos, Bail\u00e9n, J\u00f3dar, Porcuna, Torredonjimeno, Mancha Real, Torreperogil en veel andere gemeenten in de provincie.<\/p>\n<p>Bezoek je de hoofdstad, dan biedt onze pagina over <a href=\"https:\/\/www.tablaosflamencos.com\/flamenco-en-jaen\"><strong>flamenco in Ja\u00e9n<\/strong><\/a> extra mogelijkheden om je reis compleet te maken.<\/p>\n<\/div><\/div><\/div><\/div><\/div><\/div><\/div><\/section><section class=\"l-section wpb_row height_huge\"><div class=\"l-section-h i-cf\"><div class=\"g-cols vc_row via_flex valign_top type_default stacking_default\"><div class=\"vc_col-sm-12 wpb_column vc_column_container\"><div class=\"vc_column-inner\"><div class=\"wpb_wrapper\"><div class=\"wpb_text_column\"><div class=\"wpb_wrapper\"><h2>C\u00f3rdoba: 30 optredens geconcentreerd in november<\/h2>\n<p>C\u00f3rdoba concentreert het programma in een korte periode, <strong>van 6 tot 28 november<\/strong>. Er zijn 30 optredens \u201426 zang, \u00e9\u00e9n dans en drie gitaar\u2014 verspreid over 28 plaatsen, van de hoofdstad tot Montilla, Lucena, Cabra, Baena, Priego de C\u00f3rdoba, Palma del R\u00edo, Pozoblanco, Pe\u00f1arroya, Montoro en Aguilar de la Frontera.<\/p>\n<p>De editie is opgedragen aan <strong>Antonio Gonz\u00e1lez del Moral<\/strong>, die wordt ge\u00eberd voor zijn loopbaan en zijn bijdrage aan flamenco via fotografie en publicaties in gespecialiseerde media.<\/p>\n<p>Wie meerdere dagen in de provincie verblijft, kan het circuit aanvullen met het beschikbare programma voor <a href=\"https:\/\/www.tablaosflamencos.com\/flamenco-en-cordoba\"><strong>flamenco in C\u00f3rdoba<\/strong><\/a>.<\/p>\n<h2>Granada: 15 evenementen tussen augustus en november<\/h2>\n<p>Het circuit van Granada begon op 15 augustus en eindigt op 21 november. Het omvat <strong>15 optredens<\/strong>, negen zang en zes dans, in evenveel plaatsen: Granada, Motril, Loja, Montefr\u00edo, Hu\u00e9tor Vega, Hu\u00e9tor T\u00e1jar, Peligros, \u00cdllora, Salobre\u00f1a, Maracena, Og\u00edjares en andere gemeenten.<\/p>\n<p>Het programma brengt een eerbetoon aan <strong>Antonio Campos Mu\u00f1oz<\/strong>. De balans tussen zang en dans is gelijkmatiger dan in andere provincies en biedt een goede gelegenheid om choreografisch werk te ontdekken in de intieme sfeer van een pe\u00f1a.<\/p>\n<p>Onze gids over <a href=\"https:\/\/www.tablaosflamencos.com\/flamenco-en-granada\"><strong>flamenco in Granada<\/strong><\/a> helpt deze eenmalige agenda te vergelijken met shows die regelmatig plaatsvinden.<\/p>\n<\/div><\/div><\/div><\/div><\/div><\/div><\/div><\/section><section class=\"l-section wpb_row height_huge color_alternate with_shape\"><div class=\"l-section-shape type_zigzag pos_top hor_flip\" style=\"height:3vmin;\"><svg xmlns=\"http:\/\/www.w3.org\/2000\/svg\" viewBox=\"0 0 64 8\" preserveAspectRatio=\"none\" width=\"100%\" height=\"100%\">\r\n\t<path fill=\"currentColor\" d=\"M64 8 L0 8 L0 0 L20 7.9 L40 3 L48 5 L64 0 Z\"\/>\r\n<\/svg><\/div><div class=\"l-section-shape type_zigzag pos_bottom\" style=\"height:3vmin;\"><svg xmlns=\"http:\/\/www.w3.org\/2000\/svg\" viewBox=\"0 0 64 8\" preserveAspectRatio=\"none\" width=\"100%\" height=\"100%\">\r\n\t<path fill=\"currentColor\" d=\"M64 8 L0 8 L0 0 L20 7.9 L40 3 L48 5 L64 0 Z\"\/>\r\n<\/svg><\/div><div class=\"l-section-h i-cf\"><div class=\"g-cols vc_row via_flex valign_top type_default stacking_default\"><div class=\"vc_col-sm-12 wpb_column vc_column_container\"><div class=\"vc_column-inner\"><div class=\"wpb_wrapper\"><div class=\"wpb_text_column\"><div class=\"wpb_wrapper\"><h2>Huelva: 14 recitals in 12 plaatsen<\/h2>\n<p>Huelva organiseert het programma van 5 september tot 21 november. Het telt <strong>14 optredens<\/strong>: twaalf zang, \u00e9\u00e9n dans en \u00e9\u00e9n gitaar. De recitals vinden plaats in Almonte, Cala\u00f1as, El Campillo, Huelva, Lepe, Moguer, Paterna del Campo, Paymogo, Punta Umbr\u00eda, Santa B\u00e1rbara de las Casas, Valverde del Camino en Villanueva de las Cruces.<\/p>\n<p>De agenda omvat stemmen uit verschillende generaties en een gitaarrecital. Zo laat een relatief compact netwerk zien hoe het de hoofdstad, de kust, de And\u00e9valo en het mijngebied kan verbinden.<\/p>\n<p>Voor andere data kun je ook het aanbod voor <a href=\"https:\/\/www.tablaosflamencos.com\/flamenco-en-huelva\"><strong>flamenco in Huelva<\/strong><\/a> raadplegen.<\/p>\n<h2>Almer\u00eda: elf zangrecitals<\/h2>\n<p>Almer\u00eda begon het circuit op 1 augustus en sluit het op 15 november af. De provincie programmeert <strong>elf optredens, allemaal zang<\/strong>, in pe\u00f1as in Carboneras, Tabernas, Adra, Pechina, El Ejido, Hu\u00e9rcal de Almer\u00eda, Almer\u00eda en Viator.<\/p>\n<p>De editie van Almer\u00eda eert gitarist <strong>Pepe Habichuela<\/strong>, een sleutelfiguur voor het begrijpen van de ontwikkeling van de begeleiding en de hedendaagse flamencogitaar. Hoewel het provinciale programma uit zangrecitals bestaat, benadrukt het eerbetoon de onafscheidelijke dialoog tussen stem en gitaar.<\/p>\n<\/div><\/div><\/div><\/div><\/div><\/div><\/div><\/section><section class=\"l-section wpb_row height_huge\"><div class=\"l-section-h i-cf\"><div class=\"g-cols vc_row via_flex valign_top type_default stacking_default\"><div class=\"vc_col-sm-12 wpb_column vc_column_container\"><div class=\"vc_column-inner\"><div class=\"wpb_wrapper\"><div class=\"wpb_text_column\"><div class=\"wpb_wrapper\"><h2 id=\"modalidades\">Zang, dans en gitaar: hoe het circuit is verdeeld<\/h2>\n<p>Het aangekondigde totaal bestaat uit <strong>181 zangoptredens, 31 dansoptredens en 13 gitaarrecitals<\/strong>. Zang vertegenwoordigt ongeveer vier van elke vijf evenementen, een verhouding die past bij de geschiedenis van veel pe\u00f1as, waar recitals voor stem en gitaar traditioneel centraal staan.<\/p>\n<p>Dat betekent niet dat alle concerten dezelfde opbouw hebben. Een zangrecital kan een zangeres of zanger met een gitarist en, afhankelijk van het formaat, palmas of andere begeleiding samenbrengen. De keuze van palos, teksten en stijlen verschilt per artiest, waardoor twee ogenschijnlijk vergelijkbare avonden heel anders kunnen zijn.<\/p>\n<p>De 31 dansoptredens tonen werk dat is aangepast aan intiemere ruimtes dan een groot theater. In een pe\u00f1a maakt de nabijheid het voetenwerk, de ademhaling, stiltes en de communicatie met zang en gitaar extra goed waarneembaar.<\/p>\n<p>Bij dertien evenementen staat de gitaar centraal. Deze recitals zijn bijzonder interessant om het instrument buiten zijn begeleidende rol te horen, de opbouw van falsetas te waarderen en uitvoerders te ontdekken die met zowel traditie als hedendaagse stijlen in gesprek gaan.<\/p>\n<p>Het naast elkaar bestaan van de disciplines laat zien waarom flamenco niet tot dans alleen mag worden beperkt. Zang, gitaar, comp\u00e1s en beweging vormen een gedeelde taal, ook als elk recital een ander onderdeel belicht.<\/p>\n<\/div><\/div><\/div><\/div><\/div><\/div><\/div><\/section><section class=\"l-section wpb_row height_huge color_alternate with_shape\"><div class=\"l-section-shape type_zigzag pos_top hor_flip\" style=\"height:3vmin;\"><svg xmlns=\"http:\/\/www.w3.org\/2000\/svg\" viewBox=\"0 0 64 8\" preserveAspectRatio=\"none\" width=\"100%\" height=\"100%\">\r\n\t<path fill=\"currentColor\" d=\"M64 8 L0 8 L0 0 L20 7.9 L40 3 L48 5 L64 0 Z\"\/>\r\n<\/svg><\/div><div class=\"l-section-shape type_zigzag pos_bottom\" style=\"height:3vmin;\"><svg xmlns=\"http:\/\/www.w3.org\/2000\/svg\" viewBox=\"0 0 64 8\" preserveAspectRatio=\"none\" width=\"100%\" height=\"100%\">\r\n\t<path fill=\"currentColor\" d=\"M64 8 L0 8 L0 0 L20 7.9 L40 3 L48 5 L64 0 Z\"\/>\r\n<\/svg><\/div><div class=\"l-section-h i-cf\"><div class=\"g-cols vc_row via_flex valign_top type_default stacking_default\"><div class=\"vc_col-sm-12 wpb_column vc_column_container\"><div class=\"vc_column-inner\"><div class=\"wpb_wrapper\"><div class=\"wpb_text_column\"><div class=\"wpb_wrapper\"><h2 id=\"gratis\">Zijn alle recitals gratis? Zo werkt de toegang<\/h2>\n<p>Volgens de offici\u00eble informatie over het circuit is <strong>de toegang tot de recitals gratis zolang er plaatsen beschikbaar zijn<\/strong>. Je hoeft geen kaartje te kopen, maar gratis toegang garandeert geen plaats.<\/p>\n<p>Pe\u00f1as hebben vaak een beperkte capaciteit en sommige optredens kunnen veel meer belangstelling trekken dan de zaal aankan. De praktische organisatie \u2014openingstijd, uitgifte van uitnodigingen, volgorde van toegang of de noodzaak om aanwezigheid te bevestigen\u2014 kan verschillen. Daarom raden we aan de offici\u00eble vermelding te controleren en contact op te nemen met de pe\u00f1a als de procedure niet duidelijk is beschreven.<\/p>\n<p>Zo voorkom je problemen:<\/p>\n<ul>\n<li><strong>Controleer de datum en tijd nogmaals op de dag van het recital.<\/strong> Het programma kan veranderen.<\/li>\n<li><strong>Kom op tijd.<\/strong> \u2018Zolang er plaatsen beschikbaar zijn\u2019 betekent dat de toegang sluit zodra de toegestane capaciteit is bereikt.<\/li>\n<li><strong>Controleer of een reservering of uitnodiging nodig is.<\/strong> De toegang blijft gratis, ook als de organisatie de plaatsen vooraf verdeelt.<\/li>\n<li><strong>Bevestig het exacte adres.<\/strong> Sommige pe\u00f1as hebben vergelijkbare namen of organiseren activiteiten buiten hun gebruikelijke locatie.<\/li>\n<li><strong>Respecteer het verenigingskarakter van de ruimte.<\/strong> Een pe\u00f1a werkt niet precies als een commercieel theater: het is een culturele vereniging die door leden en liefhebbers wordt gedragen.<\/li>\n<\/ul>\n<p>Zoek je op dezelfde data meer gratis activiteiten, bekijk dan ook onze gids over <a href=\"https:\/\/www.tablaosflamencos.com\/bienal-flamenco-sevilla-2026-gratis.html\"><strong>gratis activiteiten tijdens de Flamencobi\u00ebnnale van Sevilla 2026<\/strong><\/a>.<\/p>\n<\/div><\/div><\/div><\/div><\/div><\/div><\/div><\/section><section class=\"l-section wpb_row height_huge\"><div class=\"l-section-h i-cf\"><div class=\"g-cols vc_row via_flex valign_top type_default stacking_default\"><div class=\"vc_col-sm-12 wpb_column vc_column_container\"><div class=\"vc_column-inner\"><div class=\"wpb_wrapper\"><div class=\"wpb_text_column\"><div class=\"wpb_wrapper\"><h2 id=\"programa\">Waar je het volledige programma, de artiesten en tijden vindt<\/h2>\n<p>De belangrijkste bron is de <strong>Culturele Agenda van Andalusi\u00eb<\/strong>. Daar publiceert de regionale overheid per provincie pagina\u2019s met data, pe\u00f1as, plaatsen en artiesten. Het presentatiebericht van het circuit linkt naar de offici\u00eble zoekfunctie voor de provinciale programma\u2019s.<\/p>\n<p>De kalender is zeer uitgebreid en kan worden gecorrigeerd. Daarom vat deze gids de algemene structuur samen in plaats van alle 225 vermeldingen als onveranderlijk over te nemen. Volg voor een specifieke datum deze stappen:<\/p>\n<ol>\n<li>Open het offici\u00eble programma per provincie.<\/li>\n<li>Selecteer de provincie en zoek de gemeente.<\/li>\n<li>Controleer de artiest, pe\u00f1a, datum en tijd.<\/li>\n<li>Bekijk of de vermelding instructies voor toegang bevat.<\/li>\n<li>Ontbreekt er informatie, raadpleeg dan de kanalen van de pe\u00f1a of de provinciale federatie.<\/li>\n<\/ol>\n<p>De Culturele Agenda waarschuwt zelf dat het programma <strong>kan veranderen<\/strong>. Kort voor vertrek opnieuw controleren is vooral belangrijk wanneer je tussen gemeenten reist.<\/p>\n<\/div><\/div><div class=\"w-separator size_medium\"><\/div><div class=\"w-hwrapper valign_top align_center\" style=\"--hwrapper-gap:1.2rem\"><div class=\"w-btn-wrapper align_center\"><a class=\"w-btn us-btn-style_1 icon_atleft\" href=\"https:\/\/www.juntadeandalucia.es\/organismos\/aaic\/servicios\/actualidad\/noticias\/detalle\/681667.html\"><i class=\"fas fa-calendar-alt\"><\/i><span class=\"w-btn-label\">Bekijk het offici\u00eble programma<\/span><\/a><\/div><\/div><\/div><\/div><\/div><\/div><\/div><\/section><section class=\"l-section wpb_row height_huge color_alternate with_shape\"><div class=\"l-section-shape type_zigzag pos_top hor_flip\" style=\"height:3vmin;\"><svg xmlns=\"http:\/\/www.w3.org\/2000\/svg\" viewBox=\"0 0 64 8\" preserveAspectRatio=\"none\" width=\"100%\" height=\"100%\">\r\n\t<path fill=\"currentColor\" d=\"M64 8 L0 8 L0 0 L20 7.9 L40 3 L48 5 L64 0 Z\"\/>\r\n<\/svg><\/div><div class=\"l-section-shape type_zigzag pos_bottom\" style=\"height:3vmin;\"><svg xmlns=\"http:\/\/www.w3.org\/2000\/svg\" viewBox=\"0 0 64 8\" preserveAspectRatio=\"none\" width=\"100%\" height=\"100%\">\r\n\t<path fill=\"currentColor\" d=\"M64 8 L0 8 L0 0 L20 7.9 L40 3 L48 5 L64 0 Z\"\/>\r\n<\/svg><\/div><div class=\"l-section-h i-cf\"><div class=\"g-cols vc_row via_flex valign_top type_default stacking_default\"><div class=\"vc_col-sm-12 wpb_column vc_column_container\"><div class=\"vc_column-inner\"><div class=\"wpb_wrapper\"><div class=\"wpb_text_column\"><div class=\"wpb_wrapper\"><h2 id=\"homenajes\">De eerbetonen die de editie 2026 vormgeven<\/h2>\n<p>Naast het verdelen van de optredens hebben verschillende federaties hun programma opgedragen aan personen of jubilea die met het geheugen van de flamenco zijn verbonden:<\/p>\n<ul>\n<li><strong>Sevilla:<\/strong> 50 jaar <em>Persecuci\u00f3n<\/em>, het album van Juan Pe\u00f1a \u2018El Lebrijano\u2019.<\/li>\n<li><strong>Almer\u00eda:<\/strong> eerbetoon aan gitaarmeester Pepe Habichuela.<\/li>\n<li><strong>C\u00e1diz:<\/strong> opgedragen aan Mar\u00eda Vargas Fern\u00e1ndez, de zangeres uit Sanl\u00facar.<\/li>\n<li><strong>Granada:<\/strong> programma ter ere van Antonio Campos Mu\u00f1oz.<\/li>\n<li><strong>M\u00e1laga:<\/strong> erkenning voor flamenco-onderzoeker en verzamelaar Luis Soler.<\/li>\n<li><strong>C\u00f3rdoba:<\/strong> eerbetoon aan Antonio Gonz\u00e1lez del Moral voor zijn werk in de fotografie en de verspreiding van flamenco.<\/li>\n<\/ul>\n<p>Deze opdrachten verbreden de betekenis van het circuit. Er wordt niet alleen hedendaagse flamenco geprogrammeerd; ook mensen die werk, documenten, beelden, onderzoek of interpretatiestijlen hebben nagelaten die het heden helpen begrijpen, worden uitgelicht.<\/p>\n<p>De keuze voor <em>Persecuci\u00f3n<\/em> is bijzonder betekenisvol. Het album van El Lebrijano, in 1976 uitgebracht met teksten van F\u00e9lix Grande, maakte van de historische herinnering van het Roma-volk een conceptueel werk met enorme impact. Een halve eeuw later verbindt deze herdenking de recitalagenda met een van de fundamentele opnamen van de hedendaagse flamenco.<\/p>\n<\/div><\/div><\/div><\/div><\/div><\/div><\/div><\/section><section class=\"l-section wpb_row height_huge\"><div class=\"l-section-h i-cf\"><div class=\"g-cols vc_row via_flex valign_top type_default stacking_default\"><div class=\"vc_col-sm-12 wpb_column vc_column_container\"><div class=\"vc_column-inner\"><div class=\"wpb_wrapper\"><div class=\"wpb_text_column\"><div class=\"wpb_wrapper\"><h2 id=\"papel-penas\">Waarom pe\u00f1as essentieel zijn voor flamenco<\/h2>\n<p>Andalusi\u00eb telt momenteel <strong>329 aangesloten pe\u00f1as<\/strong>: 14 in Almer\u00eda, 50 in C\u00e1diz, 42 in C\u00f3rdoba, 25 in Granada, 21 in Huelva, 45 in Ja\u00e9n, 52 in M\u00e1laga en 80 in Sevilla. Dit netwerk verklaart hoe een openbaar programma tientallen gemeenten kan bereiken zonder uitsluitend afhankelijk te zijn van theaters of grote festivals.<\/p>\n<p>Een flamenco-pe\u00f1a is een vereniging die is ontstaan rond een gedeelde liefde voor flamenco. De activiteiten kunnen bestaan uit recitals, lezingen, wedstrijden, eerbetonen, tentoonstellingen, lessen, ledenbijeenkomsten en initiatieven om de kunst aan nieuwe generaties door te geven. Elke organisatie heeft haar eigen geschiedenis en karakter; sommige bieden al tientallen jaren een vast programma, terwijl andere actief zijn in kleine plaatsen waar zij een van de belangrijkste culturele centra vormen.<\/p>\n<p>De waarde van het circuit ligt in het activeren van deze sociale infrastructuur. Een artiest komt niet in een onverschillige ruimte terecht, maar voor een publiek dat de taal van flamenco kent, geconcentreerd luistert en een blijvende band met de organisatie heeft. Voor jonge uitvoerders kan optreden voor deze liefhebbers een vormende ervaring en een weg naar erkenning binnen de sector zijn.<\/p>\n<p>Het programma stimuleert ook de <strong>generatiewissel<\/strong>. Naast het algemene circuit hebben de pe\u00f1as provinciale rondes van het Andalusische Circuit voor Jonge Flamenco-artiesten georganiseerd, samen met de federaties en het Andalusische Jeugdinstituut om kansen te cre\u00ebren en nieuwe publieksgroepen te bereiken.<\/p>\n<\/div><\/div><\/div><\/div><\/div><\/div><\/div><\/section><section class=\"l-section wpb_row height_huge color_alternate with_shape\"><div class=\"l-section-shape type_zigzag pos_top hor_flip\" style=\"height:3vmin;\"><svg xmlns=\"http:\/\/www.w3.org\/2000\/svg\" viewBox=\"0 0 64 8\" preserveAspectRatio=\"none\" width=\"100%\" height=\"100%\">\r\n\t<path fill=\"currentColor\" d=\"M64 8 L0 8 L0 0 L20 7.9 L40 3 L48 5 L64 0 Z\"\/>\r\n<\/svg><\/div><div class=\"l-section-shape type_zigzag pos_bottom\" style=\"height:3vmin;\"><svg xmlns=\"http:\/\/www.w3.org\/2000\/svg\" viewBox=\"0 0 64 8\" preserveAspectRatio=\"none\" width=\"100%\" height=\"100%\">\r\n\t<path fill=\"currentColor\" d=\"M64 8 L0 8 L0 0 L20 7.9 L40 3 L48 5 L64 0 Z\"\/>\r\n<\/svg><\/div><div class=\"l-section-h i-cf\"><div class=\"g-cols vc_row via_flex valign_top type_default stacking_default\"><div class=\"vc_col-sm-12 wpb_column vc_column_container\"><div class=\"vc_column-inner\"><div class=\"wpb_wrapper\"><div class=\"wpb_text_column\"><div class=\"wpb_wrapper\"><h2>Publieke investering en selectie van artiesten<\/h2>\n<p>De specifieke totale investering voor het Andalusische Pe\u00f1a-circuit 2026 bedraagt <strong>250.000 euro<\/strong>, 20% meer dan in 2019 voor dit programma werd uitgetrokken. Samen met het Andalusische Circuit voor Jonge Flamenco-artiesten en de subsidieregeling voor verenigingen komt de aangekondigde bijdrage aan de pe\u00f1as uit op 330.000 euro.<\/p>\n<p>Om deel te nemen moesten artiesten of hun vertegenwoordigers een voorstel indienen via een openbare oproep. Een adviescommissie beoordeelde onder meer artistieke kwaliteit, loopbaan, relevantie, toekomstperspectief en geschiktheid voor de opzet van het circuit. De selectie leverde de federaties een bestand van bijna 300 voorstellen op.<\/p>\n<p>Deze procedure verklaart de combinatie van gevestigde namen en opkomende artiesten. Het circuit is niet alleen een podium voor bekende figuren: het biedt ook betaalde optredens en professionele zichtbaarheid aan uitvoerders die aan hun loopbaan bouwen.<\/p>\n<\/div><\/div><\/div><\/div><\/div><\/div><\/div><\/section><section class=\"l-section wpb_row height_huge\"><div class=\"l-section-h i-cf\"><div class=\"g-cols vc_row via_flex valign_top type_default stacking_default\"><div class=\"vc_col-sm-12 wpb_column vc_column_container\"><div class=\"vc_column-inner\"><div class=\"wpb_wrapper\"><div class=\"wpb_text_column\"><div class=\"wpb_wrapper\"><h2 id=\"organizar\">Zo plan je een route om gratis flamenco in Andalusi\u00eb te zien<\/h2>\n<p>Door de omvang van het circuit kun je een korte reis rond een of meerdere recitals plannen. De beste strategie is niet om het hele programma te willen volgen, maar om drie factoren te combineren: provincie, beschikbare data en afstand tussen de plaatsen.<\/p>\n<h3>Als je de grootste variatie zoekt<\/h3>\n<p>Sevilla, M\u00e1laga en C\u00e1diz hebben de meeste evenementen. Het zijn goede keuzes om meerdere optredens in dezelfde week te vinden en deze te combineren met cultuur, gastronomie en andere voorstellingen.<\/p>\n<h3>Als je vooral in zang ge\u00efnteresseerd bent<\/h3>\n<p>Alle provincies bieden zang, maar deze discipline weegt bijzonder zwaar in Sevilla, Ja\u00e9n, C\u00f3rdoba en Almer\u00eda. Die laatste provincie wijdt alle elf optredens aan zang.<\/p>\n<h3>Als je de voorkeur geeft aan dans<\/h3>\n<p>C\u00e1diz kondigt elf dansoptredens aan en M\u00e1laga acht; Granada programmeert er zes op een totaal van vijftien evenementen. Dit zijn de drie provincies met verhoudingsgewijs het grootste dansaanbod in de gepubliceerde uitsplitsing.<\/p>\n<h3>Als je gitaar wilt horen<\/h3>\n<p>M\u00e1laga biedt zes gitaar- of andere instrumentale optredens, C\u00f3rdoba drie, Ja\u00e9n twee, Sevilla \u00e9\u00e9n en Huelva \u00e9\u00e9n. Controleer de vermelding van de artiest, want het kan gaan om een solorecital, een instrumentaal project of een grotere bezetting.<\/p>\n<h3>Als je maar \u00e9\u00e9n specifieke datum hebt<\/h3>\n<p>Gebruik de offici\u00eble agenda als vertrekpunt en breid je zoektocht uit naar nabijgelegen gemeenten. Een optreden op dertig of veertig minuten afstand kan beter passen dan wachten op een datum in de provinciehoofdstad.<\/p>\n<p>Valt het circuit niet samen met je reis, bekijk dan onze gids met <a href=\"https:\/\/www.tablaosflamencos.com\/ciudades\"><strong>flamenco per stad<\/strong><\/a>. Daar vind je regelmatig geprogrammeerde shows die je vooraf kunt reserveren in verschillende Spaanse bestemmingen.<\/p>\n<\/div><\/div><div class=\"w-separator size_medium\"><\/div><div class=\"w-hwrapper valign_top align_center\" style=\"--hwrapper-gap:1.2rem\"><div class=\"w-btn-wrapper align_center\"><a class=\"w-btn us-btn-style_1 icon_atleft\" href=\"https:\/\/www.tablaosflamencos.com\/nl\/steden\"><i class=\"fas fa-map-marker-alt\"><\/i><span class=\"w-btn-label\">Bekijk flamenco per stad<\/span><\/a><\/div><\/div><\/div><\/div><\/div><\/div><\/div><\/section><section class=\"l-section wpb_row height_huge color_alternate with_shape\"><div class=\"l-section-shape type_zigzag pos_top hor_flip\" style=\"height:3vmin;\"><svg xmlns=\"http:\/\/www.w3.org\/2000\/svg\" viewBox=\"0 0 64 8\" preserveAspectRatio=\"none\" width=\"100%\" height=\"100%\">\r\n\t<path fill=\"currentColor\" d=\"M64 8 L0 8 L0 0 L20 7.9 L40 3 L48 5 L64 0 Z\"\/>\r\n<\/svg><\/div><div class=\"l-section-shape type_zigzag pos_bottom\" style=\"height:3vmin;\"><svg xmlns=\"http:\/\/www.w3.org\/2000\/svg\" viewBox=\"0 0 64 8\" preserveAspectRatio=\"none\" width=\"100%\" height=\"100%\">\r\n\t<path fill=\"currentColor\" d=\"M64 8 L0 8 L0 0 L20 7.9 L40 3 L48 5 L64 0 Z\"\/>\r\n<\/svg><\/div><div class=\"l-section-h i-cf\"><div class=\"g-cols vc_row via_flex valign_top type_default stacking_default\"><div class=\"vc_col-sm-12 wpb_column vc_column_container\"><div class=\"vc_column-inner\"><div class=\"wpb_wrapper\"><div class=\"wpb_text_column\"><div class=\"wpb_wrapper\"><h2>Een andere manier om flamenco te beleven in 2026<\/h2>\n<p>Het Andalusische Pe\u00f1a-circuit biedt iets wat niet altijd op de grote affiches staat: de kans om professionele flamenco te horen binnen een cultureel netwerk dat door liefhebbers is opgebouwd. De nabijheid, de afmetingen van de locaties en de diversiteit van de gemeenten veranderen de verhouding tussen podium en publiek.<\/p>\n<p>Voor wie flamenco al kent, is het circuit een kans om bepaalde uitvoerders te volgen, stemmen te ontdekken en provinciale sferen te vergelijken. Voor nieuwkomers kan het een gratis kennismaking zijn, mits zij begrijpen dat een pe\u00f1a eigen codes heeft en dat stilte, stiptheid en respect voor het optreden deel uitmaken van de ervaring.<\/p>\n<p>De 225 aangekondigde optredens maken van de editie 2026 een brede kaart van de hedendaagse Andalusische flamenco: vooral gericht op zang, maar open voor dans en gitaar; met aandacht voor nieuwe generaties en tegelijk verbonden met belangrijke namen uit het verleden.<\/p>\n<\/div><\/div><\/div><\/div><\/div><\/div><\/div><\/section><section class=\"l-section wpb_row height_huge\"><div class=\"l-section-h i-cf\"><div class=\"g-cols vc_row via_flex valign_middle type_default stacking_default\"><div class=\"vc_col-sm-1\/5 wpb_column vc_column_container\"><div class=\"vc_column-inner\"><div class=\"wpb_wrapper\"><\/div><\/div><\/div><div class=\"vc_col-sm-3\/5 wpb_column vc_column_container\"><div class=\"vc_column-inner\"><div class=\"wpb_wrapper\"><div class=\"wpb_text_column\"><div class=\"wpb_wrapper\"><h2 id=\"faq\">Veelgestelde vragen over het Andalusische Pe\u00f1a-circuit 2026<\/h2>\n<\/div><\/div><div class=\"w-separator size_medium\"><\/div><div class=\"w-tabs accordion toggle_style_1 has_scrolling\" style=\"--sections-title-size:inherit;--sections-gap:0.5rem;\"><div class=\"w-tabs-sections titles-align_none icon_chevron cpos_right\"><div class=\"w-tabs-section\" id=\"uff7\"><button type=\"button\" class=\"w-tabs-section-header\" aria-controls=\"content-uff7\" aria-expanded=\"false\"><div class=\"w-tabs-section-title\">Hoeveel recitals omvat het Andalusische Pe\u00f1a-circuit 2026?<\/div><div class=\"w-tabs-section-control\"><\/div><\/button><div  class=\"w-tabs-section-content\" id=\"content-uff7\"><div class=\"w-tabs-section-content-h i-cf\"><div class=\"wpb_text_column\"><div class=\"wpb_wrapper\"><p>Het officieel aangekondigde totaal bedraagt <strong>225 optredens<\/strong> met zang, dans en gitaar in de acht provincies van Andalusi\u00eb.<\/p>\n<\/div><\/div><\/div><\/div><\/div><div class=\"w-tabs-section\" id=\"q0ff\"><button type=\"button\" class=\"w-tabs-section-header\" aria-controls=\"content-q0ff\" aria-expanded=\"false\"><div class=\"w-tabs-section-title\">Zijn de optredens van het circuit gratis?<\/div><div class=\"w-tabs-section-control\"><\/div><\/button><div  class=\"w-tabs-section-content\" id=\"content-q0ff\"><div class=\"w-tabs-section-content-h i-cf\"><div class=\"wpb_text_column\"><div class=\"wpb_wrapper\"><p>Ja. Het offici\u00eble programma vermeldt dat de <strong>toegang gratis is zolang er plaatsen beschikbaar zijn<\/strong>. Sommige pe\u00f1as kunnen met uitnodigingen of aanwezigheidsbevestigingen werken; controleer daarom elke vermelding.<\/p>\n<\/div><\/div><\/div><\/div><\/div><div class=\"w-tabs-section\" id=\"k1dd\"><button type=\"button\" class=\"w-tabs-section-header\" aria-controls=\"content-k1dd\" aria-expanded=\"false\"><div class=\"w-tabs-section-title\">Wanneer vindt het Andalusische Pe\u00f1a-circuit 2026 plaats?<\/div><div class=\"w-tabs-section-control\"><\/div><\/button><div  class=\"w-tabs-section-content\" id=\"content-k1dd\"><div class=\"w-tabs-section-content-h i-cf\"><div class=\"wpb_text_column\"><div class=\"wpb_wrapper\"><p>De volledige kalender loopt van 6 juni tot 28 november 2026, hoewel de data per provincie verschillen. De meeste recitals vinden plaats tussen september en november.<\/p>\n<\/div><\/div><\/div><\/div><\/div><div class=\"w-tabs-section\" id=\"u2c6\"><button type=\"button\" class=\"w-tabs-section-header\" aria-controls=\"content-u2c6\" aria-expanded=\"false\"><div class=\"w-tabs-section-title\">In welke provincies zijn er optredens?<\/div><div class=\"w-tabs-section-control\"><\/div><\/button><div  class=\"w-tabs-section-content\" id=\"content-u2c6\"><div class=\"w-tabs-section-content-h i-cf\"><div class=\"wpb_text_column\"><div class=\"wpb_wrapper\"><p>Het circuit bereikt <strong>Almer\u00eda, C\u00e1diz, C\u00f3rdoba, Granada, Huelva, Ja\u00e9n, M\u00e1laga en Sevilla<\/strong>, met recitals in de hoofdsteden en tal van andere gemeenten.<\/p>\n<\/div><\/div><\/div><\/div><\/div><div class=\"w-tabs-section\" id=\"d3b3\"><button type=\"button\" class=\"w-tabs-section-header\" aria-controls=\"content-d3b3\" aria-expanded=\"false\"><div class=\"w-tabs-section-title\">Welke flamencodisciplines zijn inbegrepen?<\/div><div class=\"w-tabs-section-control\"><\/div><\/button><div  class=\"w-tabs-section-content\" id=\"content-d3b3\"><div class=\"w-tabs-section-content-h i-cf\"><div class=\"wpb_text_column\"><div class=\"wpb_wrapper\"><p>De organisatie kondigt 181 zangoptredens, 31 dansoptredens en 13 gitaarrecitals aan. In totaal nemen minstens 470 artiesten deel.<\/p>\n<\/div><\/div><\/div><\/div><\/div><div class=\"w-tabs-section\" id=\"u4a9\"><button type=\"button\" class=\"w-tabs-section-header\" aria-controls=\"content-u4a9\" aria-expanded=\"false\"><div class=\"w-tabs-section-title\">Waar kan ik de artiesten en tijden vinden?<\/div><div class=\"w-tabs-section-control\"><\/div><\/button><div  class=\"w-tabs-section-content\" id=\"content-u4a9\"><div class=\"w-tabs-section-content-h i-cf\"><div class=\"wpb_text_column\"><div class=\"wpb_wrapper\"><p>De belangrijkste bron is de <strong>Culturele Agenda van Andalusi\u00eb<\/strong>. De offici\u00eble presentatiepagina linkt naar het programma van elke provincie. Het is ook verstandig de kanalen van de gast-pe\u00f1a te raadplegen.<\/p>\n<\/div><\/div><\/div><\/div><\/div><div class=\"w-tabs-section\" id=\"d57c\"><button type=\"button\" class=\"w-tabs-section-header\" aria-controls=\"content-d57c\" aria-expanded=\"false\"><div class=\"w-tabs-section-title\">Moet ik lid zijn van een pe\u00f1a om een recital bij te wonen?<\/div><div class=\"w-tabs-section-control\"><\/div><\/button><div  class=\"w-tabs-section-content\" id=\"content-d57c\"><div class=\"w-tabs-section-content-h i-cf\"><div class=\"wpb_text_column\"><div class=\"wpb_wrapper\"><p>De recitals van het circuit worden aangekondigd als gratis zolang er plaatsen beschikbaar zijn. Controleer wel de toegangsvoorwaarden van het specifieke evenement, want de verdeling van plaatsen kan per organisatie en locatie verschillen.<\/p>\n<\/div><\/div><\/div><\/div><\/div><div class=\"w-tabs-section\" id=\"x645\"><button type=\"button\" class=\"w-tabs-section-header\" aria-controls=\"content-x645\" aria-expanded=\"false\"><div class=\"w-tabs-section-title\">Kan het programma veranderen?<\/div><div class=\"w-tabs-section-control\"><\/div><\/button><div  class=\"w-tabs-section-content\" id=\"content-x645\"><div class=\"w-tabs-section-content-h i-cf\"><div class=\"wpb_text_column\"><div class=\"wpb_wrapper\"><p>Ja. De provinciale agenda\u2019s waarschuwen dat data, tijden of artiesten kunnen veranderen. Bevestig de informatie altijd kort voor vertrek.<\/p>\n<\/div><\/div><\/div><\/div><\/div><div class=\"w-tabs-section\" id=\"o720\"><button type=\"button\" class=\"w-tabs-section-header\" aria-controls=\"content-o720\" aria-expanded=\"false\"><div class=\"w-tabs-section-title\">Welke provincie heeft de meeste recitals?<\/div><div class=\"w-tabs-section-control\"><\/div><\/button><div  class=\"w-tabs-section-content\" id=\"content-o720\"><div class=\"w-tabs-section-content-h i-cf\"><div class=\"wpb_text_column\"><div class=\"wpb_wrapper\"><p>Sevilla voert de provinciale uitsplitsing aan met 56 optredens, gevolgd door M\u00e1laga met 35, C\u00e1diz met 33 en Ja\u00e9n en C\u00f3rdoba met elk 30.<\/p>\n<\/div><\/div><\/div><\/div><\/div><div class=\"w-tabs-section\" id=\"a7ee\"><button type=\"button\" class=\"w-tabs-section-header\" aria-controls=\"content-a7ee\" aria-expanded=\"false\"><div class=\"w-tabs-section-title\">Waarom tellen de provinciale subtotalen niet op tot 225?<\/div><div class=\"w-tabs-section-control\"><\/div><\/button><div  class=\"w-tabs-section-content\" id=\"content-a7ee\"><div class=\"w-tabs-section-content-h i-cf\"><div class=\"wpb_text_column\"><div class=\"wpb_wrapper\"><p>Het door de organisatie gepubliceerde totaalcijfer en de verdeling per discipline komen uit op 225, maar de provinciale subtotalen uit de presentatie tellen op tot 224. Waarschijnlijk is er in een van de overzichten een verschil door een update. Gebruik de Culturele Agenda van Andalusi\u00eb als referentie voor het actuele programma.<\/p>\n<\/div><\/div><\/div><\/div><\/div><\/div><\/div><\/div><\/div><\/div><div class=\"vc_col-sm-1\/5 wpb_column vc_column_container\"><div class=\"vc_column-inner\"><div class=\"wpb_wrapper\"><\/div><\/div><\/div><\/div><\/div><\/section>\n","protected":false},"excerpt":{"rendered":"<p>Het Andalusische Pe\u00f1a-circuit 2026 biedt 225 gratis zang-, dans- en gitaarrecitals in acht provincies. Bekijk data, toegang en programma.<\/p>\n","protected":false},"author":1,"featured_media":14272,"comment_status":"closed","ping_status":"closed","sticky":false,"template":"","format":"standard","meta":{"_acf_changed":false,"wpai_generated_summary":"","_ayudawp_aiss_exclude":false,"_ayudawp_aiss_exclude_summary":false,"_ayudawp_aiss_summary":"","_ayudawp_aiss_summary_provider":"","_ayudawp_aiss_summary_hash":"","footnotes":""},"categories":[1906],"tags":[1942,1939,1230,1423,1944,1419,1949],"class_list":["post-14330","post","type-post","status-publish","format-standard","has-post-thumbnail","hentry","category-flamenco-penas","tag-andalusische-flamenco","tag-andalusische-pena-circuit","tag-festivales-flamencos","tag-flamencodans","tag-flamenco-penas-nl","tag-flamencozang","tag-gratis-flamenco"],"acf":[],"yoast_head":"<!-- This site is optimized with the Yoast SEO Premium plugin v28.4 (Yoast SEO v28.4) - https:\/\/yoast.com\/product\/yoast-seo-premium-wordpress\/ -->\n<title>Andalusische Pe\u00f1a-circuit 2026: 225 gratis recitals<\/title>\n<meta name=\"description\" content=\"Bekijk het Andalusische Pe\u00f1a-circuit 2026: 225 gratis recitals, data per provincie, artiesten, locaties, tijden en toegangsvoorwaarden.\" \/>\n<meta name=\"robots\" content=\"index, follow, max-snippet:-1, max-image-preview:large, max-video-preview:-1\" \/>\n<link rel=\"canonical\" href=\"https:\/\/www.tablaosflamencos.com\/nl\/andalusische-pena-circuit-2026-gratis-flamencorecitals.html\" \/>\n<meta property=\"og:locale\" content=\"nl_NL\" \/>\n<meta property=\"og:type\" content=\"article\" \/>\n<meta property=\"og:title\" content=\"Andalusische Pe\u00f1a-circuit 2026: 225 gratis flamencorecitals\" \/>\n<meta property=\"og:description\" content=\"Bekijk het Andalusische Pe\u00f1a-circuit 2026: 225 gratis recitals, data per provincie, artiesten, locaties, tijden en toegangsvoorwaarden.\" \/>\n<meta property=\"og:url\" content=\"https:\/\/www.tablaosflamencos.com\/nl\/andalusische-pena-circuit-2026-gratis-flamencorecitals.html\" \/>\n<meta property=\"og:site_name\" content=\"Tablaos Flamencos\" \/>\n<meta property=\"article:publisher\" content=\"https:\/\/www.facebook.com\/tablaosflamencos\" \/>\n<meta property=\"article:published_time\" content=\"2026-09-03T21:19:59+00:00\" \/>\n<meta property=\"article:modified_time\" content=\"2026-09-03T22:07:24+00:00\" \/>\n<meta property=\"og:image\" content=\"https:\/\/www.tablaosflamencos.com\/wp-content\/uploads\/circuito-andaluz-de-penas-2026-225-recitales-de-flamenco-gratis-por-toda-andalucia-01.webp\" \/>\n\t<meta property=\"og:image:width\" content=\"1672\" \/>\n\t<meta property=\"og:image:height\" content=\"941\" \/>\n\t<meta property=\"og:image:type\" content=\"image\/webp\" \/>\n<meta name=\"author\" content=\"Miguel Ortiz\" \/>\n<meta name=\"twitter:card\" content=\"summary_large_image\" \/>\n<meta name=\"twitter:creator\" content=\"@tablaosflamenco\" \/>\n<meta name=\"twitter:site\" content=\"@tablaosflamenco\" \/>\n<meta name=\"twitter:label1\" content=\"Geschreven door\" \/>\n\t<meta name=\"twitter:data1\" content=\"Miguel Ortiz\" \/>\n\t<meta name=\"twitter:label2\" content=\"Geschatte leestijd\" \/>\n\t<meta name=\"twitter:data2\" content=\"23 minuten\" \/>\n<script type=\"application\/ld+json\" class=\"yoast-schema-graph\">{\"@context\":\"https:\\\/\\\/schema.org\",\"@graph\":[{\"@type\":\"Article\",\"@id\":\"https:\\\/\\\/www.tablaosflamencos.com\\\/nl\\\/andalusische-pena-circuit-2026-gratis-flamencorecitals.html#article\",\"isPartOf\":{\"@id\":\"https:\\\/\\\/www.tablaosflamencos.com\\\/nl\\\/andalusische-pena-circuit-2026-gratis-flamencorecitals.html\"},\"author\":{\"name\":\"Miguel Ortiz\",\"@id\":\"https:\\\/\\\/www.tablaosflamencos.com\\\/nl#\\\/schema\\\/person\\\/e7a9ebe14eb75a52ceabfbffb3c54f5d\"},\"headline\":\"Andalusische Pe\u00f1a-circuit 2026: 225 gratis flamencorecitals\",\"datePublished\":\"2026-09-03T21:19:59+00:00\",\"dateModified\":\"2026-09-03T22:07:24+00:00\",\"mainEntityOfPage\":{\"@id\":\"https:\\\/\\\/www.tablaosflamencos.com\\\/nl\\\/andalusische-pena-circuit-2026-gratis-flamencorecitals.html\"},\"wordCount\":4544,\"publisher\":{\"@id\":\"https:\\\/\\\/www.tablaosflamencos.com\\\/nl#organization\"},\"image\":{\"@id\":\"https:\\\/\\\/www.tablaosflamencos.com\\\/nl\\\/andalusische-pena-circuit-2026-gratis-flamencorecitals.html#primaryimage\"},\"thumbnailUrl\":\"https:\\\/\\\/www.tablaosflamencos.com\\\/wp-content\\\/uploads\\\/circuito-andaluz-de-penas-2026-225-recitales-de-flamenco-gratis-por-toda-andalucia-01.webp\",\"keywords\":[\"Andalusische flamenco\",\"Andalusische Pe\u00f1a-circuit\",\"festivales flamencos\",\"flamencodans\",\"flamencope\u00f1as\",\"flamencozang\",\"gratis flamenco\"],\"articleSection\":[\"Flamencope\u00f1as\"],\"inLanguage\":\"nl-NL\"},{\"@type\":\"WebPage\",\"@id\":\"https:\\\/\\\/www.tablaosflamencos.com\\\/nl\\\/andalusische-pena-circuit-2026-gratis-flamencorecitals.html\",\"url\":\"https:\\\/\\\/www.tablaosflamencos.com\\\/nl\\\/andalusische-pena-circuit-2026-gratis-flamencorecitals.html\",\"name\":\"Andalusische Pe\u00f1a-circuit 2026: 225 gratis recitals\",\"isPartOf\":{\"@id\":\"https:\\\/\\\/www.tablaosflamencos.com\\\/nl#website\"},\"primaryImageOfPage\":{\"@id\":\"https:\\\/\\\/www.tablaosflamencos.com\\\/nl\\\/andalusische-pena-circuit-2026-gratis-flamencorecitals.html#primaryimage\"},\"image\":{\"@id\":\"https:\\\/\\\/www.tablaosflamencos.com\\\/nl\\\/andalusische-pena-circuit-2026-gratis-flamencorecitals.html#primaryimage\"},\"thumbnailUrl\":\"https:\\\/\\\/www.tablaosflamencos.com\\\/wp-content\\\/uploads\\\/circuito-andaluz-de-penas-2026-225-recitales-de-flamenco-gratis-por-toda-andalucia-01.webp\",\"datePublished\":\"2026-09-03T21:19:59+00:00\",\"dateModified\":\"2026-09-03T22:07:24+00:00\",\"description\":\"Bekijk het Andalusische Pe\u00f1a-circuit 2026: 225 gratis recitals, data per provincie, artiesten, locaties, tijden en toegangsvoorwaarden.\",\"breadcrumb\":{\"@id\":\"https:\\\/\\\/www.tablaosflamencos.com\\\/nl\\\/andalusische-pena-circuit-2026-gratis-flamencorecitals.html#breadcrumb\"},\"inLanguage\":\"nl-NL\",\"potentialAction\":[{\"@type\":\"ReadAction\",\"target\":[\"https:\\\/\\\/www.tablaosflamencos.com\\\/nl\\\/andalusische-pena-circuit-2026-gratis-flamencorecitals.html\"]}]},{\"@type\":\"ImageObject\",\"inLanguage\":\"nl-NL\",\"@id\":\"https:\\\/\\\/www.tablaosflamencos.com\\\/nl\\\/andalusische-pena-circuit-2026-gratis-flamencorecitals.html#primaryimage\",\"url\":\"https:\\\/\\\/www.tablaosflamencos.com\\\/wp-content\\\/uploads\\\/circuito-andaluz-de-penas-2026-225-recitales-de-flamenco-gratis-por-toda-andalucia-01.webp\",\"contentUrl\":\"https:\\\/\\\/www.tablaosflamencos.com\\\/wp-content\\\/uploads\\\/circuito-andaluz-de-penas-2026-225-recitales-de-flamenco-gratis-por-toda-andalucia-01.webp\",\"width\":1672,\"height\":941,\"caption\":\"Circuito Andaluz de Pe\u00f1as 2026: 225 recitales de flamenco gratis por toda Andaluc\u00eda\"},{\"@type\":\"BreadcrumbList\",\"@id\":\"https:\\\/\\\/www.tablaosflamencos.com\\\/nl\\\/andalusische-pena-circuit-2026-gratis-flamencorecitals.html#breadcrumb\",\"itemListElement\":[{\"@type\":\"ListItem\",\"position\":1,\"name\":\"Home\",\"item\":\"https:\\\/\\\/www.tablaosflamencos.com\\\/nl\"},{\"@type\":\"ListItem\",\"position\":2,\"name\":\"Andalusische Pe\u00f1a-circuit 2026: 225 gratis flamencorecitals\"}]},{\"@type\":\"WebSite\",\"@id\":\"https:\\\/\\\/www.tablaosflamencos.com\\\/nl#website\",\"url\":\"https:\\\/\\\/www.tablaosflamencos.com\\\/nl\",\"name\":\"Tablaos Flamencos\",\"description\":\"Entradas para tablaos flamencos de Espa\u00f1a\",\"publisher\":{\"@id\":\"https:\\\/\\\/www.tablaosflamencos.com\\\/nl#organization\"},\"alternateName\":\"Tablaos Flamencos\",\"potentialAction\":[{\"@type\":\"SearchAction\",\"target\":{\"@type\":\"EntryPoint\",\"urlTemplate\":\"https:\\\/\\\/www.tablaosflamencos.com\\\/nl?s={search_term_string}\"},\"query-input\":{\"@type\":\"PropertyValueSpecification\",\"valueRequired\":true,\"valueName\":\"search_term_string\"}}],\"inLanguage\":\"nl-NL\"},{\"@type\":[\"Organization\",\"Place\",\"EntertainmentBusiness\"],\"@id\":\"https:\\\/\\\/www.tablaosflamencos.com\\\/nl#organization\",\"name\":\"Tablaos Flamencos\",\"alternateName\":\"Tablaos Flamencos\",\"url\":\"https:\\\/\\\/www.tablaosflamencos.com\\\/nl\",\"logo\":{\"@id\":\"https:\\\/\\\/www.tablaosflamencos.com\\\/nl\\\/andalusische-pena-circuit-2026-gratis-flamencorecitals.html#local-main-organization-logo\"},\"image\":{\"@id\":\"https:\\\/\\\/www.tablaosflamencos.com\\\/nl\\\/andalusische-pena-circuit-2026-gratis-flamencorecitals.html#local-main-organization-logo\"},\"sameAs\":[\"https:\\\/\\\/www.facebook.com\\\/tablaosflamencos\",\"https:\\\/\\\/x.com\\\/tablaosflamenco\",\"https:\\\/\\\/mastodon.social\\\/@tablaosflamencos\",\"https:\\\/\\\/www.instagram.com\\\/tablaosflamencos\",\"https:\\\/\\\/tiktok.com\\\/@tablaosflamencos\",\"https:\\\/\\\/www.linkedin.com\\\/company\\\/109408238\\\/\"],\"description\":\"Venta de entradas para espect\u00e1culos flamencos\",\"legalName\":\"Tablaos Flamencos\",\"foundingDate\":\"2015-01-01\",\"numberOfEmployees\":{\"@type\":\"QuantitativeValue\",\"minValue\":\"1\",\"maxValue\":\"10\"},\"address\":{\"@id\":\"https:\\\/\\\/www.tablaosflamencos.com\\\/nl\\\/andalusische-pena-circuit-2026-gratis-flamencorecitals.html#local-main-place-address\"},\"geo\":{\"@type\":\"GeoCoordinates\",\"latitude\":\"37.3868072\",\"longitude\":\"-5.993280299999999\"},\"telephone\":[\"+34623787787\"],\"contactPoint\":{\"@type\":\"ContactPoint\",\"telephone\":\"+34623787787\",\"email\":\"info@tablaosflamencos.com\"},\"openingHoursSpecification\":{\"@type\":\"OpeningHoursSpecification\",\"dayOfWeek\":[\"Monday\",\"Tuesday\",\"Wednesday\",\"Thursday\",\"Friday\",\"Saturday\",\"Sunday\"],\"opens\":\"00:00\",\"closes\":\"23:59\"},\"email\":\"info@tablaosflamencos.com\",\"priceRange\":\"$$$\",\"currenciesAccepted\":\"\u20ac\"},{\"@type\":\"Person\",\"@id\":\"https:\\\/\\\/www.tablaosflamencos.com\\\/nl#\\\/schema\\\/person\\\/e7a9ebe14eb75a52ceabfbffb3c54f5d\",\"name\":\"Miguel Ortiz\",\"description\":\"Miguel Ortiz es un empresario flamenco, con una s\u00f3lida trayectoria dentro del sector. Ha presidido entidades culturales vinculadas al flamenco y, cuenta con un amplio recorrido profesional en la gesti\u00f3n y promoci\u00f3n de espect\u00e1culos y tablaos flamencos. Su pasi\u00f3n por la historia y el arte flamenco se refleja en cada art\u00edculo, donde combina experiencia, criterio y un profundo respeto por la tradici\u00f3n.\",\"sameAs\":[\"https:\\\/\\\/www.tablaosflamencos.com\",\"https:\\\/\\\/www.instagra.com\\\/miguelortizfe\",\"https:\\\/\\\/www.linkedin.com\\\/in\\\/miguelortizf\\\/\"],\"birthDate\":\"1984-11-22\",\"gender\":\"hombre\",\"knowsLanguage\":[\"espa\u00f1ol\",\"ingl\u00e9s\"],\"jobTitle\":\"Empresario flamenco\"},{\"@type\":\"PostalAddress\",\"@id\":\"https:\\\/\\\/www.tablaosflamencos.com\\\/nl\\\/andalusische-pena-circuit-2026-gratis-flamencorecitals.html#local-main-place-address\",\"streetAddress\":\"C\\\/ Alemanes, 19\",\"addressLocality\":\"Sevilla\",\"postalCode\":\"41004\",\"addressRegion\":\"Sevilla\",\"addressCountry\":\"ES\"},{\"@type\":\"ImageObject\",\"inLanguage\":\"nl-NL\",\"@id\":\"https:\\\/\\\/www.tablaosflamencos.com\\\/nl\\\/andalusische-pena-circuit-2026-gratis-flamencorecitals.html#local-main-organization-logo\",\"url\":\"https:\\\/\\\/www.tablaosflamencos.com\\\/wp-content\\\/uploads\\\/tablaos-flamencos-06-3.webp\",\"contentUrl\":\"https:\\\/\\\/www.tablaosflamencos.com\\\/wp-content\\\/uploads\\\/tablaos-flamencos-06-3.webp\",\"width\":600,\"height\":620,\"caption\":\"Tablaos Flamencos\"}]}<\/script>\n<meta name=\"geo.placename\" content=\"Sevilla\" \/>\n<meta name=\"geo.position\" content=\"37.3868072;-5.993280299999999\" \/>\n<meta name=\"geo.region\" content=\"Spanje\" \/>\n<!-- \/ Yoast SEO Premium plugin. -->","yoast_head_json":{"title":"Andalusische Pe\u00f1a-circuit 2026: 225 gratis recitals","description":"Bekijk het Andalusische Pe\u00f1a-circuit 2026: 225 gratis recitals, data per provincie, artiesten, locaties, tijden en toegangsvoorwaarden.","robots":{"index":"index","follow":"follow","max-snippet":"max-snippet:-1","max-image-preview":"max-image-preview:large","max-video-preview":"max-video-preview:-1"},"canonical":"https:\/\/www.tablaosflamencos.com\/nl\/andalusische-pena-circuit-2026-gratis-flamencorecitals.html","og_locale":"nl_NL","og_type":"article","og_title":"Andalusische Pe\u00f1a-circuit 2026: 225 gratis flamencorecitals","og_description":"Bekijk het Andalusische Pe\u00f1a-circuit 2026: 225 gratis recitals, data per provincie, artiesten, locaties, tijden en toegangsvoorwaarden.","og_url":"https:\/\/www.tablaosflamencos.com\/nl\/andalusische-pena-circuit-2026-gratis-flamencorecitals.html","og_site_name":"Tablaos Flamencos","article_publisher":"https:\/\/www.facebook.com\/tablaosflamencos","article_published_time":"2026-09-03T21:19:59+00:00","article_modified_time":"2026-09-03T22:07:24+00:00","og_image":[{"width":1672,"height":941,"url":"https:\/\/www.tablaosflamencos.com\/wp-content\/uploads\/circuito-andaluz-de-penas-2026-225-recitales-de-flamenco-gratis-por-toda-andalucia-01.webp","type":"image\/webp"}],"author":"Miguel Ortiz","twitter_card":"summary_large_image","twitter_creator":"@tablaosflamenco","twitter_site":"@tablaosflamenco","twitter_misc":{"Geschreven door":"Miguel Ortiz","Geschatte leestijd":"23 minuten"},"schema":{"@context":"https:\/\/schema.org","@graph":[{"@type":"Article","@id":"https:\/\/www.tablaosflamencos.com\/nl\/andalusische-pena-circuit-2026-gratis-flamencorecitals.html#article","isPartOf":{"@id":"https:\/\/www.tablaosflamencos.com\/nl\/andalusische-pena-circuit-2026-gratis-flamencorecitals.html"},"author":{"name":"Miguel Ortiz","@id":"https:\/\/www.tablaosflamencos.com\/nl#\/schema\/person\/e7a9ebe14eb75a52ceabfbffb3c54f5d"},"headline":"Andalusische Pe\u00f1a-circuit 2026: 225 gratis flamencorecitals","datePublished":"2026-09-03T21:19:59+00:00","dateModified":"2026-09-03T22:07:24+00:00","mainEntityOfPage":{"@id":"https:\/\/www.tablaosflamencos.com\/nl\/andalusische-pena-circuit-2026-gratis-flamencorecitals.html"},"wordCount":4544,"publisher":{"@id":"https:\/\/www.tablaosflamencos.com\/nl#organization"},"image":{"@id":"https:\/\/www.tablaosflamencos.com\/nl\/andalusische-pena-circuit-2026-gratis-flamencorecitals.html#primaryimage"},"thumbnailUrl":"https:\/\/www.tablaosflamencos.com\/wp-content\/uploads\/circuito-andaluz-de-penas-2026-225-recitales-de-flamenco-gratis-por-toda-andalucia-01.webp","keywords":["Andalusische flamenco","Andalusische Pe\u00f1a-circuit","festivales flamencos","flamencodans","flamencope\u00f1as","flamencozang","gratis flamenco"],"articleSection":["Flamencope\u00f1as"],"inLanguage":"nl-NL"},{"@type":"WebPage","@id":"https:\/\/www.tablaosflamencos.com\/nl\/andalusische-pena-circuit-2026-gratis-flamencorecitals.html","url":"https:\/\/www.tablaosflamencos.com\/nl\/andalusische-pena-circuit-2026-gratis-flamencorecitals.html","name":"Andalusische Pe\u00f1a-circuit 2026: 225 gratis recitals","isPartOf":{"@id":"https:\/\/www.tablaosflamencos.com\/nl#website"},"primaryImageOfPage":{"@id":"https:\/\/www.tablaosflamencos.com\/nl\/andalusische-pena-circuit-2026-gratis-flamencorecitals.html#primaryimage"},"image":{"@id":"https:\/\/www.tablaosflamencos.com\/nl\/andalusische-pena-circuit-2026-gratis-flamencorecitals.html#primaryimage"},"thumbnailUrl":"https:\/\/www.tablaosflamencos.com\/wp-content\/uploads\/circuito-andaluz-de-penas-2026-225-recitales-de-flamenco-gratis-por-toda-andalucia-01.webp","datePublished":"2026-09-03T21:19:59+00:00","dateModified":"2026-09-03T22:07:24+00:00","description":"Bekijk het Andalusische Pe\u00f1a-circuit 2026: 225 gratis recitals, data per provincie, artiesten, locaties, tijden en toegangsvoorwaarden.","breadcrumb":{"@id":"https:\/\/www.tablaosflamencos.com\/nl\/andalusische-pena-circuit-2026-gratis-flamencorecitals.html#breadcrumb"},"inLanguage":"nl-NL","potentialAction":[{"@type":"ReadAction","target":["https:\/\/www.tablaosflamencos.com\/nl\/andalusische-pena-circuit-2026-gratis-flamencorecitals.html"]}]},{"@type":"ImageObject","inLanguage":"nl-NL","@id":"https:\/\/www.tablaosflamencos.com\/nl\/andalusische-pena-circuit-2026-gratis-flamencorecitals.html#primaryimage","url":"https:\/\/www.tablaosflamencos.com\/wp-content\/uploads\/circuito-andaluz-de-penas-2026-225-recitales-de-flamenco-gratis-por-toda-andalucia-01.webp","contentUrl":"https:\/\/www.tablaosflamencos.com\/wp-content\/uploads\/circuito-andaluz-de-penas-2026-225-recitales-de-flamenco-gratis-por-toda-andalucia-01.webp","width":1672,"height":941,"caption":"Circuito Andaluz de Pe\u00f1as 2026: 225 recitales de flamenco gratis por toda Andaluc\u00eda"},{"@type":"BreadcrumbList","@id":"https:\/\/www.tablaosflamencos.com\/nl\/andalusische-pena-circuit-2026-gratis-flamencorecitals.html#breadcrumb","itemListElement":[{"@type":"ListItem","position":1,"name":"Home","item":"https:\/\/www.tablaosflamencos.com\/nl"},{"@type":"ListItem","position":2,"name":"Andalusische Pe\u00f1a-circuit 2026: 225 gratis flamencorecitals"}]},{"@type":"WebSite","@id":"https:\/\/www.tablaosflamencos.com\/nl#website","url":"https:\/\/www.tablaosflamencos.com\/nl","name":"Tablaos Flamencos","description":"Entradas para tablaos flamencos de Espa\u00f1a","publisher":{"@id":"https:\/\/www.tablaosflamencos.com\/nl#organization"},"alternateName":"Tablaos Flamencos","potentialAction":[{"@type":"SearchAction","target":{"@type":"EntryPoint","urlTemplate":"https:\/\/www.tablaosflamencos.com\/nl?s={search_term_string}"},"query-input":{"@type":"PropertyValueSpecification","valueRequired":true,"valueName":"search_term_string"}}],"inLanguage":"nl-NL"},{"@type":["Organization","Place","EntertainmentBusiness"],"@id":"https:\/\/www.tablaosflamencos.com\/nl#organization","name":"Tablaos Flamencos","alternateName":"Tablaos Flamencos","url":"https:\/\/www.tablaosflamencos.com\/nl","logo":{"@id":"https:\/\/www.tablaosflamencos.com\/nl\/andalusische-pena-circuit-2026-gratis-flamencorecitals.html#local-main-organization-logo"},"image":{"@id":"https:\/\/www.tablaosflamencos.com\/nl\/andalusische-pena-circuit-2026-gratis-flamencorecitals.html#local-main-organization-logo"},"sameAs":["https:\/\/www.facebook.com\/tablaosflamencos","https:\/\/x.com\/tablaosflamenco","https:\/\/mastodon.social\/@tablaosflamencos","https:\/\/www.instagram.com\/tablaosflamencos","https:\/\/tiktok.com\/@tablaosflamencos","https:\/\/www.linkedin.com\/company\/109408238\/"],"description":"Venta de entradas para espect\u00e1culos flamencos","legalName":"Tablaos Flamencos","foundingDate":"2015-01-01","numberOfEmployees":{"@type":"QuantitativeValue","minValue":"1","maxValue":"10"},"address":{"@id":"https:\/\/www.tablaosflamencos.com\/nl\/andalusische-pena-circuit-2026-gratis-flamencorecitals.html#local-main-place-address"},"geo":{"@type":"GeoCoordinates","latitude":"37.3868072","longitude":"-5.993280299999999"},"telephone":["+34623787787"],"contactPoint":{"@type":"ContactPoint","telephone":"+34623787787","email":"info@tablaosflamencos.com"},"openingHoursSpecification":{"@type":"OpeningHoursSpecification","dayOfWeek":["Monday","Tuesday","Wednesday","Thursday","Friday","Saturday","Sunday"],"opens":"00:00","closes":"23:59"},"email":"info@tablaosflamencos.com","priceRange":"$$$","currenciesAccepted":"\u20ac"},{"@type":"Person","@id":"https:\/\/www.tablaosflamencos.com\/nl#\/schema\/person\/e7a9ebe14eb75a52ceabfbffb3c54f5d","name":"Miguel Ortiz","description":"Miguel Ortiz es un empresario flamenco, con una s\u00f3lida trayectoria dentro del sector. Ha presidido entidades culturales vinculadas al flamenco y, cuenta con un amplio recorrido profesional en la gesti\u00f3n y promoci\u00f3n de espect\u00e1culos y tablaos flamencos. Su pasi\u00f3n por la historia y el arte flamenco se refleja en cada art\u00edculo, donde combina experiencia, criterio y un profundo respeto por la tradici\u00f3n.","sameAs":["https:\/\/www.tablaosflamencos.com","https:\/\/www.instagra.com\/miguelortizfe","https:\/\/www.linkedin.com\/in\/miguelortizf\/"],"birthDate":"1984-11-22","gender":"hombre","knowsLanguage":["espa\u00f1ol","ingl\u00e9s"],"jobTitle":"Empresario flamenco"},{"@type":"PostalAddress","@id":"https:\/\/www.tablaosflamencos.com\/nl\/andalusische-pena-circuit-2026-gratis-flamencorecitals.html#local-main-place-address","streetAddress":"C\/ Alemanes, 19","addressLocality":"Sevilla","postalCode":"41004","addressRegion":"Sevilla","addressCountry":"ES"},{"@type":"ImageObject","inLanguage":"nl-NL","@id":"https:\/\/www.tablaosflamencos.com\/nl\/andalusische-pena-circuit-2026-gratis-flamencorecitals.html#local-main-organization-logo","url":"https:\/\/www.tablaosflamencos.com\/wp-content\/uploads\/tablaos-flamencos-06-3.webp","contentUrl":"https:\/\/www.tablaosflamencos.com\/wp-content\/uploads\/tablaos-flamencos-06-3.webp","width":600,"height":620,"caption":"Tablaos Flamencos"}]},"geo.placename":"Sevilla","geo.position":{"lat":"37.3868072","long":"-5.993280299999999"},"geo.region":"Spanje"},"_links":{"self":[{"href":"https:\/\/www.tablaosflamencos.com\/nl\/wp-json\/wp\/v2\/posts\/14330","targetHints":{"allow":["GET"]}}],"collection":[{"href":"https:\/\/www.tablaosflamencos.com\/nl\/wp-json\/wp\/v2\/posts"}],"about":[{"href":"https:\/\/www.tablaosflamencos.com\/nl\/wp-json\/wp\/v2\/types\/post"}],"author":[{"embeddable":true,"href":"https:\/\/www.tablaosflamencos.com\/nl\/wp-json\/wp\/v2\/users\/1"}],"replies":[{"embeddable":true,"href":"https:\/\/www.tablaosflamencos.com\/nl\/wp-json\/wp\/v2\/comments?post=14330"}],"version-history":[{"count":1,"href":"https:\/\/www.tablaosflamencos.com\/nl\/wp-json\/wp\/v2\/posts\/14330\/revisions"}],"predecessor-version":[{"id":14357,"href":"https:\/\/www.tablaosflamencos.com\/nl\/wp-json\/wp\/v2\/posts\/14330\/revisions\/14357"}],"wp:featuredmedia":[{"embeddable":true,"href":"https:\/\/www.tablaosflamencos.com\/nl\/wp-json\/wp\/v2\/media\/14272"}],"wp:attachment":[{"href":"https:\/\/www.tablaosflamencos.com\/nl\/wp-json\/wp\/v2\/media?parent=14330"}],"wp:term":[{"taxonomy":"category","embeddable":true,"href":"https:\/\/www.tablaosflamencos.com\/nl\/wp-json\/wp\/v2\/categories?post=14330"},{"taxonomy":"post_tag","embeddable":true,"href":"https:\/\/www.tablaosflamencos.com\/nl\/wp-json\/wp\/v2\/tags?post=14330"}],"curies":[{"name":"wp","href":"https:\/\/api.w.org\/{rel}","templated":true}]}}