{"id":14329,"date":"2026-09-03T23:26:41","date_gmt":"2026-09-03T21:26:41","guid":{"rendered":"https:\/\/www.tablaosflamencos.com\/?p=14329"},"modified":"2026-09-03T23:58:05","modified_gmt":"2026-09-03T21:58:05","slug":"flamenco-na-biennale-waar-zien-sevilla","status":"publish","type":"post","link":"https:\/\/www.tablaosflamencos.com\/nl\/flamenco-na-biennale-waar-zien-sevilla.html","title":{"rendered":"Flamenco na de Bi\u00ebnnale: waar je in Sevilla flamenco kunt blijven zien"},"content":{"rendered":"<section class=\"l-section wpb_row height_huge\"><div class=\"l-section-h i-cf\"><div class=\"g-cols vc_row via_flex valign_top type_default stacking_default\"><div class=\"vc_col-sm-6 wpb_column vc_column_container\"><div class=\"vc_column-inner\"><div class=\"wpb_wrapper\"><div class=\"wpb_text_column\"><div class=\"wpb_wrapper\"><h2>Flamenco na de Bi\u00ebnnale: waar je in Sevilla flamenco kunt blijven zien<\/h2>\n<p>De <strong>Flamencobi\u00ebnnale van Sevilla 2026<\/strong> eindigt op 3 oktober, maar dat betekent niet dat de stad geen liveflamenco meer biedt. Gedurende enkele weken brengt de Bi\u00ebnnale premi\u00e8res, grote producties, unieke ontmoetingen en artiesten uit heel Spanje samen; zodra dat uitzonderlijke programma voorbij is, keert Sevilla terug naar zijn gebruikelijke flamencoritme, dat de rest van het jaar zeer levendig blijft.<\/p>\n<p>Het is niet het einde van het flamencoseizoen, maar de terugkeer naar het vaste netwerk van locaties dat het hele jaar door actief is.<\/p>\n<\/div><\/div><\/div><\/div><\/div><div class=\"vc_col-sm-6 wpb_column vc_column_container\"><div class=\"vc_column-inner\"><div class=\"wpb_wrapper\"><div class=\"wpb_text_column\"><div class=\"wpb_wrapper\"><h2>Wat je vanaf 4 oktober vindt<\/h2>\n<p>Voor wie de stad bezoekt <strong>vanaf 4 oktober<\/strong>, is de belangrijkste verandering niet het verdwijnen van flamenco, maar het soort aanbod. De grote theaters functioneren niet langer als een tijdelijk netwerk van festivallocaties en de aandacht verschuift weer naar de <strong>tablaos, culturele locaties, flamencotheaters en vaste voorstellingen<\/strong> die regelmatig programma\u2019s aanbieden.<\/p>\n<p>Bovendien treden op veel van deze podia artiesten op die ook deelnemen aan festivals, bi\u00ebnnales en professionele circuits.<\/p>\n<p>Deze gids is bedoeld voor wie na de Bi\u00ebnnale in Sevilla aankomt en zich afvraagt <strong>waar je goede flamenco kunt blijven zien, welk type voorstelling je moet kiezen en hoe je een flamencoavond plant zonder afhankelijk te zijn van een groot festival<\/strong>.<\/p>\n<\/div><\/div><\/div><\/div><\/div><\/div><\/div><\/section><section class=\"l-section wpb_row height_huge color_alternate with_shape\"><div class=\"l-section-shape type_zigzag pos_top hor_flip\" style=\"height:3vmin;\"><svg xmlns=\"http:\/\/www.w3.org\/2000\/svg\" viewBox=\"0 0 64 8\" preserveAspectRatio=\"none\" width=\"100%\" height=\"100%\">\r\n\t<path fill=\"currentColor\" d=\"M64 8 L0 8 L0 0 L20 7.9 L40 3 L48 5 L64 0 Z\"\/>\r\n<\/svg><\/div><div class=\"l-section-shape type_zigzag pos_bottom\" style=\"height:3vmin;\"><svg xmlns=\"http:\/\/www.w3.org\/2000\/svg\" viewBox=\"0 0 64 8\" preserveAspectRatio=\"none\" width=\"100%\" height=\"100%\">\r\n\t<path fill=\"currentColor\" d=\"M64 8 L0 8 L0 0 L20 7.9 L40 3 L48 5 L64 0 Z\"\/>\r\n<\/svg><\/div><div class=\"l-section-h i-cf\"><div class=\"g-cols vc_row via_flex valign_top type_default stacking_default\"><div class=\"vc_col-sm-12 wpb_column vc_column_container\"><div class=\"vc_column-inner\"><div class=\"wpb_wrapper\"><div class=\"wpb_text_column\"><div class=\"wpb_wrapper\"><blockquote>\n<p><strong>Snel antwoord:<\/strong> na de Flamencobi\u00ebnnale 2026 kun je het hele jaar door flamenco blijven zien in Sevilla. De eenvoudigste optie voor een bezoeker is een vaste voorstelling te boeken in een tablao of flamencotheater. Tot de opties die je rechtstreeks via Tablaos Flamencos kunt boeken behoren <a href=\"https:\/\/www.tablaosflamencos.com\/nl\/tablao\/tablao-flamenco-las-setas\"><strong>Tablao Flamenco Las Setas<\/strong><\/a>, <a href=\"https:\/\/www.tablaosflamencos.com\/nl\/tablao\/tablao-flamenco-la-cantaora\"><strong>Tablao Flamenco La Cantaora<\/strong><\/a>, <a href=\"https:\/\/www.tablaosflamencos.com\/nl\/tablao\/casa-duende-tablao\"><strong>Casa Duende Tablao<\/strong><\/a>, <a href=\"https:\/\/www.tablaosflamencos.com\/nl\/tablao\/tablao-flamenco-las-duenas\"><strong>Tablao Flamenco Las Due\u00f1as<\/strong><\/a>, <a href=\"https:\/\/www.tablaosflamencos.com\/nl\/tablao\/tablao-flamenco-casa-inquieta\"><strong>Casa Inquieta<\/strong><\/a>, <a href=\"https:\/\/www.tablaosflamencos.com\/nl\/tablao\/casa-flamenco-azahar\"><strong>Casa Flamenco Azahar<\/strong><\/a> en <a href=\"https:\/\/www.tablaosflamencos.com\/nl\/tablao\/tablao-flamenco-el-jardin-de-murillo\"><strong>El Jard\u00edn de Murillo<\/strong><\/a>; in Triana kun je boeken bij <a href=\"https:\/\/www.tablaosflamencos.com\/nl\/tablao\/baraka-sala-flamenca\"><strong>Baraka Sala Flamenca<\/strong><\/a> en <a href=\"https:\/\/www.tablaosflamencos.com\/nl\/tablao\/tablao-flamenco-triana\"><strong>Tablao Flamenco Triana<\/strong><\/a>. Tijden, bezettingen en prijzen kunnen veranderen, dus het is verstandig vooraf te reserveren en de beschikbare voorstelling voor jouw specifieke datum te controleren.<\/p>\n<\/blockquote>\n<p><strong>Laatst bijgewerkt: 3 september 2026.<\/strong><\/p>\n<p>Bekijk ook onze <a href=\"https:\/\/www.tablaosflamencos.com\/nl\/flamenco-in-sevilla\"><strong>complete gids om flamenco in Sevilla te zien<\/strong><\/a> en de <a href=\"https:\/\/www.tablaosflamencos.com\/nl\/flamenco-biennale-sevilla-2026.html\"><strong>gids voor de Flamencobi\u00ebnnale van Sevilla 2026<\/strong><\/a>.<\/p>\n<\/div><\/div><div class=\"w-separator size_medium\"><\/div><div class=\"w-hwrapper valign_top wrap align_center\" style=\"--hwrapper-gap:1.2rem\"><div class=\"w-btn-wrapper align_none\"><a class=\"w-btn us-btn-style_1\" href=\"https:\/\/www.tablaosflamencos.com\/nl\/flamenco-in-sevilla\"><span class=\"w-btn-label\">Flamenco in Sevilla bekijken<\/span><\/a><\/div><div class=\"w-btn-wrapper align_none\"><a class=\"w-btn us-btn-style_11\" href=\"https:\/\/www.tablaosflamencos.com\/nl\/hoe-reserveren\"><span class=\"w-btn-label\">Hoe reserveren<\/span><\/a><\/div><\/div><\/div><\/div><\/div><\/div><\/div><\/section><section class=\"l-section wpb_row height_huge\"><div class=\"l-section-h i-cf\"><div class=\"g-cols vc_row via_flex valign_top type_default stacking_default\"><div class=\"vc_col-sm-3 wpb_column vc_column_container\"><div class=\"vc_column-inner\"><div class=\"wpb_wrapper\"><\/div><\/div><\/div><div class=\"vc_col-sm-6 wpb_column vc_column_container\"><div class=\"vc_column-inner\"><div class=\"wpb_wrapper\"><div class=\"wpb_text_column\"><div class=\"wpb_wrapper\"><h2>Inhoud van deze gids<\/h2>\n<ul>\n<li><a href=\"#que-cambia\">Wat verandert wanneer de Bi\u00ebnnale eindigt<\/a><\/li>\n<li><a href=\"#tablaos\">Tablaos: de meest vaste optie<\/a><\/li>\n<li><a href=\"#donde-ver\">Waar je flamenco in Sevilla kunt blijven zien<\/a><\/li>\n<li><a href=\"#triana\">Flamenco blijven beleven in Triana<\/a><\/li>\n<li><a href=\"#intimo\">Intieme locaties en kleinschalige formats<\/a><\/li>\n<li><a href=\"#gran-formato\">Grotere formats<\/a><\/li>\n<li><a href=\"#elegir\">Hoe kies je een goede voorstelling<\/a><\/li>\n<li><a href=\"#plan\">Een praktisch plan voor een flamencoavond<\/a><\/li>\n<li><a href=\"#mas-alla\">Meer dan alleen tablaos<\/a><\/li>\n<li><a href=\"#faq\">Veelgestelde vragen<\/a><\/li>\n<\/ul>\n<\/div><\/div><\/div><\/div><\/div><div class=\"vc_col-sm-3 wpb_column vc_column_container\"><div class=\"vc_column-inner\"><div class=\"wpb_wrapper\"><\/div><\/div><\/div><\/div><\/div><\/section><section class=\"l-section wpb_row height_huge color_alternate with_shape\"><div class=\"l-section-shape type_zigzag pos_top\" style=\"height:3vmin;\"><svg xmlns=\"http:\/\/www.w3.org\/2000\/svg\" viewBox=\"0 0 64 8\" preserveAspectRatio=\"none\" width=\"100%\" height=\"100%\">\r\n\t<path fill=\"currentColor\" d=\"M64 8 L0 8 L0 0 L20 7.9 L40 3 L48 5 L64 0 Z\"\/>\r\n<\/svg><\/div><div class=\"l-section-shape type_zigzag pos_bottom\" style=\"height:3vmin;\"><svg xmlns=\"http:\/\/www.w3.org\/2000\/svg\" viewBox=\"0 0 64 8\" preserveAspectRatio=\"none\" width=\"100%\" height=\"100%\">\r\n\t<path fill=\"currentColor\" d=\"M64 8 L0 8 L0 0 L20 7.9 L40 3 L48 5 L64 0 Z\"\/>\r\n<\/svg><\/div><div class=\"l-section-h i-cf\"><div class=\"g-cols vc_row via_flex valign_top type_default stacking_default\"><div class=\"vc_col-sm-6 wpb_column vc_column_container\"><div class=\"vc_column-inner\"><div class=\"wpb_wrapper\"><div class=\"wpb_text_column\"><div class=\"wpb_wrapper\"><h2 id=\"que-cambia\">Wat verandert er in Sevilla wanneer de Bi\u00ebnnale eindigt<\/h2>\n<p>Tijdens de Bi\u00ebnnale kan de bezoeker flamenco meemaken op plaatsen die normaal gesproken geen deel uitmaken van een dagelijks circuit: grote theaters, monumenten, historische patio\u2019s, voormalige fabrieken, ontwijde kerken of locaties die speciaal voor \u00e9\u00e9n editie van het festival worden gebruikt. Juist die uitzonderlijkheid is een van de grote kwaliteiten van de Bi\u00ebnnale, maar kan ook de verkeerde indruk wekken dat het flamencoaanbod buiten deze periode veel kleiner is.<\/p>\n<p>In werkelijkheid gaat het om twee verschillende modellen. <strong>De Bi\u00ebnnale is een uitzonderlijk evenement; tablaos en flamencolocaties vormen de permanente infrastructuur van de stad.<\/strong><\/p>\n<p>Na 3 oktober hoef je je bezoek niet langer rond de offici\u00eble festivalkalender te plannen. Daardoor wordt het juist veel eenvoudiger om vrij een flamencoavond samen te stellen: kies de wijk, voorstelling, soort zaal, afstand tot het podium en het format van de show op basis van de rest van je reisprogramma.<\/p>\n<p>Bezoekers moeten er ook rekening mee houden dat de bezetting van een tablao meestal niet werkt zoals de vaste cast van een theaterproductie. Artistieke bezettingen kunnen wisselen en die rotatie maakt deel uit van het professionele karakter van deze locaties.<\/p>\n<p>Daarom is het na de Bi\u00ebnnale beter om minder \u00e9\u00e9n specifieke naam na te jagen en meer te <strong>kiezen voor een locatie, ervaring en format die passen bij wat je zoekt<\/strong>.<\/p>\n<\/div><\/div><\/div><\/div><\/div><div class=\"vc_col-sm-6 wpb_column vc_column_container\"><div class=\"vc_column-inner\"><div class=\"wpb_wrapper\"><div class=\"wpb_text_column\"><div class=\"wpb_wrapper\"><h2 id=\"tablaos\">Tablaos: de eenvoudigste manier om flamenco te blijven zien<\/h2>\n<p>Voor een bezoeker die na de Bi\u00ebnnale zeker wil zijn van een flamencoavond, is een tablao meestal de praktischste optie. Het grootste voordeel is de <strong>regelmaat<\/strong>: terwijl een recital in een theater, een pe\u00f1a of een festival van een specifieke datum afhangt, hebben tablaos gedurende een groot deel van het jaar een vast of zeer frequent programma.<\/p>\n<p>Dat betekent niet dat alle tablaos hetzelfde zijn. Sevilla biedt historische locaties met tientallen jaren ervaring, moderne zalen, kleine culturele ruimtes en theaters die speciaal aan flamenco zijn gewijd.<\/p>\n<p>Een goed flamenco-ensemble laat je de drie fundamentele pijlers van de livevoorstelling horen en zien: <strong>zang, dans en gitaar<\/strong>. Afhankelijk van de zaal kunnen palmas, percussie of andere elementen worden toegevoegd, maar het belangrijkste is dat de ervaring draait om echte artiesten en hun interactie.<\/p>\n<p>Als het je eerste keer is, is het doorgaans beter de voorstelling te kiezen op basis van kwaliteit en het type zaal dan op basis van extra diensten. Diner kan in sommige locaties handig zijn, maar is niet nodig om van flamenco te genieten. Als het podium je prioriteit is, is een goede strategie om <strong>de voorstelling te boeken en tapas of diner ervoor of erna te plannen<\/strong>.<\/p>\n<p>Je kunt het actuele aanbod van de stad bekijken op onze pagina <a href=\"https:\/\/www.tablaosflamencos.com\/nl\/flamenco-in-sevilla\"><strong>flamenco in Sevilla<\/strong><\/a> en ook lezen hoe het werkt bij <a href=\"https:\/\/www.tablaosflamencos.com\/nl\/hoe-reserveren\"><strong>Hoe reserveren<\/strong><\/a>.<\/p>\n<\/div><\/div><\/div><\/div><\/div><\/div><\/div><\/section><section class=\"l-section wpb_row height_huge\"><div class=\"l-section-h i-cf\"><div class=\"g-cols vc_row via_flex valign_top type_default stacking_default\"><div class=\"vc_col-sm-12 wpb_column vc_column_container\"><div class=\"vc_column-inner\"><div class=\"wpb_wrapper\"><div class=\"wpb_text_column\"><div class=\"wpb_wrapper\"><h2 id=\"donde-ver\">Waar je na de Bi\u00ebnnale flamenco in Sevilla kunt blijven zien<\/h2>\n<p>Er bestaat niet \u00e9\u00e9n \u201cbeste tablao\u201d voor iedereen. De keuze hangt af van de vraag of je traditie, nabijheid, een grotere visuele productie, een bepaalde locatie of een ervaring in combinatie met andere plannen zoekt. Dit zijn enkele locaties die deel uitmaken van het vaste flamencoaanbod in Sevilla en die als referentie kunnen dienen bij het plannen van je bezoek:<\/p>\n<div style=\"overflow-x: auto;\">\n<table>\n<thead>\n<tr>\n<th>Locatie<\/th>\n<th>Wijk<\/th>\n<th>Interessant als je zoekt naar&#8230;<\/th>\n<\/tr>\n<\/thead>\n<tbody>\n<tr>\n<td><a href=\"https:\/\/www.tablaosflamencos.com\/nl\/tablao\/tablao-flamenco-las-setas\"><strong>Tablao Flamenco Las Setas<\/strong><\/a><\/td>\n<td>Las Setas \/ Encarnaci\u00f3n<\/td>\n<td>Centrale ligging, verzorgd format en de mogelijkheid de voorstelling in een route door het centrum op te nemen.<\/td>\n<\/tr>\n<tr>\n<td><a href=\"https:\/\/www.tablaosflamencos.com\/nl\/tablao\/tablao-flamenco-la-cantaora\"><strong>Tablao Flamenco La Cantaora<\/strong><\/a><\/td>\n<td>Plaza Nueva \/ Centrum<\/td>\n<td>Flamenco en gastronomie combineren in \u00e9\u00e9n reservering.<\/td>\n<\/tr>\n<tr>\n<td><a href=\"https:\/\/www.tablaosflamencos.com\/nl\/tablao\/casa-duende-tablao\"><strong>Casa Duende Tablao<\/strong><\/a><\/td>\n<td>Centrum<\/td>\n<td>Een kleinschalige zaal met veel nabijheid tot de artiesten.<\/td>\n<\/tr>\n<tr>\n<td><a href=\"https:\/\/www.tablaosflamencos.com\/nl\/tablao\/tablao-flamenco-las-duenas\"><strong>Tablao Flamenco Las Due\u00f1as<\/strong><\/a><\/td>\n<td>Santa Catalina \/ Due\u00f1as<\/td>\n<td>Een intiem format tegenover het Palacio de las Due\u00f1as.<\/td>\n<\/tr>\n<tr>\n<td><a href=\"https:\/\/www.tablaosflamencos.com\/nl\/tablao\/tablao-flamenco-casa-inquieta\"><strong>Tablao Flamenco Casa Inquieta<\/strong><\/a><\/td>\n<td>Calle Zaragoza \/ Centrum<\/td>\n<td>Een 19e-eeuws stadspaleis met een flamenco-ensemble in een nabij format.<\/td>\n<\/tr>\n<tr>\n<td><a href=\"https:\/\/www.tablaosflamencos.com\/nl\/tablao\/casa-flamenco-azahar\"><strong>Casa Flamenco Azahar<\/strong><\/a><\/td>\n<td>Santa Cruz<\/td>\n<td>Een bijzonder intieme ervaring, met een zeer kleine capaciteit en zonder versterking.<\/td>\n<\/tr>\n<tr>\n<td><a href=\"https:\/\/www.tablaosflamencos.com\/nl\/tablao\/tablao-flamenco-el-jardin-de-murillo\"><strong>Tablao Flamenco El Jard\u00edn de Murillo<\/strong><\/a><\/td>\n<td>Santa Cruz \/ Jardines de Murillo<\/td>\n<td>Flamenco inplannen na een bezoek aan Alc\u00e1zar, de kathedraal en Santa Cruz.<\/td>\n<\/tr>\n<tr>\n<td><a href=\"https:\/\/www.tablaosflamencos.com\/nl\/tablao\/baraka-sala-flamenca\"><strong>Baraka Sala Flamenca<\/strong><\/a><\/td>\n<td>Triana<\/td>\n<td>Traditionele flamenco in Triana met de artiesten heel dicht bij het publiek.<\/td>\n<\/tr>\n<tr>\n<td><a href=\"https:\/\/www.tablaosflamencos.com\/nl\/tablao\/tablao-flamenco-triana\"><strong>Tablao Flamenco Triana<\/strong><\/a><\/td>\n<td>Triana<\/td>\n<td>Een avond in de wijk afronden met zang, gitaar en dans vlak bij de Guadalquivir.<\/td>\n<\/tr>\n<\/tbody>\n<\/table>\n<\/div>\n<p>Deze lijst is niet bedoeld om het volledige aanbod van de stad weer te geven. Sevilla heeft nog andere tablaos, zalen en culturele locaties en de beschikbaarheid verandert per datum. Het doel is te laten zien dat er, zodra de Bi\u00ebnnale voorbij is, <strong>nog steeds zeer verschillende mogelijkheden zijn<\/strong>.<\/p>\n<p>De betrouwbaarste manier om te kiezen is de beschikbare voorstellingen voor jouw specifieke datum te bekijken en ligging, geschatte duur, zaalgrootte en type ervaring te vergelijken voordat je boekt.<\/p>\n<\/div><\/div><\/div><\/div><\/div><\/div><\/div><\/section><section class=\"l-section wpb_row height_huge color_alternate with_shape\"><div class=\"l-section-shape type_zigzag pos_top hor_flip\" style=\"height:3vmin;\"><svg xmlns=\"http:\/\/www.w3.org\/2000\/svg\" viewBox=\"0 0 64 8\" preserveAspectRatio=\"none\" width=\"100%\" height=\"100%\">\r\n\t<path fill=\"currentColor\" d=\"M64 8 L0 8 L0 0 L20 7.9 L40 3 L48 5 L64 0 Z\"\/>\r\n<\/svg><\/div><div class=\"l-section-shape type_zigzag pos_bottom\" style=\"height:3vmin;\"><svg xmlns=\"http:\/\/www.w3.org\/2000\/svg\" viewBox=\"0 0 64 8\" preserveAspectRatio=\"none\" width=\"100%\" height=\"100%\">\r\n\t<path fill=\"currentColor\" d=\"M64 8 L0 8 L0 0 L20 7.9 L40 3 L48 5 L64 0 Z\"\/>\r\n<\/svg><\/div><div class=\"l-section-h i-cf\"><div class=\"g-cols vc_row via_flex valign_top type_default stacking_default\"><div class=\"vc_col-sm-6 wpb_column vc_column_container\"><div class=\"vc_column-inner\"><div class=\"wpb_wrapper\"><div class=\"wpb_text_column\"><div class=\"wpb_wrapper\"><h2 id=\"triana\">Triana na de Bi\u00ebnnale: steek de rivier over en blijf flamenco beleven<\/h2>\n<p>Triana neemt een bijzondere plaats in binnen de geschiedenis en verbeelding van flamenco in Sevilla. Tijdens de Bi\u00ebnnale kan de wijk verbonden zijn met uitzonderlijke locaties en specifieke projecten; buiten het festival blijft het een van de interessantste plekken om flamenco in een Sevillaanse avond te verwerken.<\/p>\n<p>Het voordeel van Triana kiezen zit niet alleen in de voorstelling. Je kunt er een volledige wandelroute van maken: steek de Isabel II-brug over, wandel langs de omgeving van Calle Betis, ga de wijk in via San Jacinto of Pureza en eindig de avond bij een flamencolocatie.<\/p>\n<p>Via ons platform kun je twee vaste opties in de wijk rechtstreeks boeken: <a href=\"https:\/\/www.tablaosflamencos.com\/nl\/tablao\/baraka-sala-flamenca\"><strong>Baraka Sala Flamenca<\/strong><\/a>, in Calle Pureza, en <a href=\"https:\/\/www.tablaosflamencos.com\/nl\/tablao\/tablao-flamenco-triana\"><strong>Tablao Flamenco Triana<\/strong><\/a>. Beide maken het mogelijk de avond in Triana rond een bevestigde voorstelling te plannen en het programma aan te vullen met een wandeling door de wijk ervoor of erna.<\/p>\n<p>Als je zeker wilt reserveren, is het goed onderscheid te maken tussen <strong>een voorstelling met een bevestigde sessie<\/strong> en de meer open mogelijkheid om spontaan flamenco tegen te komen. Voor een korte reis is eerst reserveren en het onverwachte als extra zien meestal de praktischste keuze.<\/p>\n<p>Bekijk onze speciale gids voor <a href=\"https:\/\/www.tablaosflamencos.com\/nl\/flamenco-in-triana\"><strong>flamenco in Triana<\/strong><\/a> voor meer informatie over dit deel van je reis.<\/p>\n<\/div><\/div><\/div><\/div><\/div><div class=\"vc_col-sm-6 wpb_column vc_column_container\"><div class=\"vc_column-inner\"><div class=\"wpb_wrapper\"><div class=\"wpb_text_column\"><div class=\"wpb_wrapper\"><h2 id=\"intimo\">Als je een intiem format zoekt: minder afstand, meer detail<\/h2>\n<p>Een van de ervaringen die bezoekers vanuit de grote theaters van de Bi\u00ebnnale het meest verrast, is de overstap naar een kleine zaal. De schaalverandering verandert de waarneming volledig: je hoort de ademhaling, de oproepen tussen de artiesten, de slag van de voet op de vloer en de reacties van het ensemble met een nabijheid die een groot podium niet op dezelfde manier kan bieden.<\/p>\n<p>Tot de opties op ons platform die hier het beste bij passen behoren <a href=\"https:\/\/www.tablaosflamencos.com\/nl\/tablao\/casa-flamenco-azahar\"><strong>Casa Flamenco Azahar<\/strong><\/a>, met een zeer kleine maximale capaciteit en zonder microfoons, en <a href=\"https:\/\/www.tablaosflamencos.com\/nl\/tablao\/casa-duende-tablao\"><strong>Casa Duende Tablao<\/strong><\/a>, dat eveneens gericht is op een heel directe ervaring. Voor bezoekers die ge\u00efnteresseerd zijn in zang, gitaar of het van dichtbij volgen van de opbouw van de dans kan dit type format bijzonder geschikt zijn.<\/p>\n<p>Intimiteit mag echter niet worden verward met toeristische improvisatie. Een kleine ruimte kan een zeer professionele voorstelling bieden. Belangrijk zijn een duidelijk programma, een geschikt podium en een aangekondigd artistiek ensemble.<\/p>\n<p>Er is ook een praktische consequentie: <strong>hoe kleiner de capaciteit, hoe belangrijker reserveren wordt<\/strong>. In de herfst kunnen lange weekenden, gewone weekenden en data met congressen of grote evenementen in Sevilla veel vraag veroorzaken, ook wanneer de Bi\u00ebnnale al voorbij is.<\/p>\n<\/div><\/div><\/div><\/div><\/div><\/div><\/div><\/section><section class=\"l-section wpb_row height_huge\"><div class=\"l-section-h i-cf\"><div class=\"g-cols vc_row via_flex valign_top type_default stacking_default\"><div class=\"vc_col-sm-6 wpb_column vc_column_container\"><div class=\"vc_column-inner\"><div class=\"wpb_wrapper\"><div class=\"wpb_text_column\"><div class=\"wpb_wrapper\"><h2 id=\"gran-formato\">Als je het grote format van de Bi\u00ebnnale mist<\/h2>\n<p>Wie tijdens de Bi\u00ebnnale een grote productie in het Maestranza, Lope de Vega of Teatro Central heeft gezien, moet er rekening mee houden dat het gebruikelijke tablaoformat anders is. Een tablao probeert geen festivalproductie in een theater na te bootsen: de kracht zit in nabijheid, wisselende artiesten en de directe relatie tussen zang, gitaar en dans.<\/p>\n<p>Toch bevat ons eigen aanbod ook voorstellingen met een meer gestructureerde enscenering of een bredere ervaring. <a href=\"https:\/\/www.tablaosflamencos.com\/nl\/tablao\/tablao-flamenco-las-setas\"><strong>Tablao Flamenco Las Setas<\/strong><\/a> combineert een moderne omgeving met een verzorgde productie; en <a href=\"https:\/\/www.tablaosflamencos.com\/nl\/tablao\/tablao-flamenco-la-cantaora\"><strong>Tablao Flamenco La Cantaora<\/strong><\/a> biedt formules die voorstelling en gastronomie combineren.<\/p>\n<p>Als je wilt dat architectuur deel uitmaakt van het plan, <a href=\"https:\/\/www.tablaosflamencos.com\/nl\/tablao\/tablao-flamenco-casa-inquieta\"><strong>Casa Inquieta<\/strong><\/a> brengt de voorstelling in een 19e-eeuws stadspaleis en maakt zo het gebouw zelf onderdeel van de flamenco-ervaring.<\/p>\n<p>Er bestaat geen automatische rangorde tussen een grote en kleine zaal. Het zijn verschillende ervaringen. De nuttige vraag is: <strong>wil je flamenco op enkele meters afstand voelen of geef je de voorkeur aan een grotere, theatralere productie?<\/strong><\/p>\n<\/div><\/div><\/div><\/div><\/div><div class=\"vc_col-sm-6 wpb_column vc_column_container\"><div class=\"vc_column-inner\"><div class=\"wpb_wrapper\"><div class=\"wpb_text_column\"><div class=\"wpb_wrapper\"><h2 id=\"elegir\">Hoe kies je een goede voorstelling na de Bi\u00ebnnale<\/h2>\n<p>De enorme kwaliteit en diversiteit van een Bi\u00ebnnale kan de verwachtingen sterk verhogen. Om na het festival goed te kiezen, is het verstandig een ander vergelijkingscriterium te gebruiken: zoek niet naar een kopie van een uitzonderlijke productie, maar naar een goede liveflamenco-ervaring.<\/p>\n<p><strong>1. Controleer of de voorstelling zang, dans en gitaar bevat.<\/strong> Voor een eerste kennismaking helpt een compleet ensemble om beter te begrijpen hoe de drie uitdrukkingsvormen met elkaar samenwerken.<\/p>\n<p><strong>2. Kies de schaal van de zaal die je prettig vindt.<\/strong> Een kleine ruimte biedt nabijheid; een grote zaal kan een spectaculairdere enscenering bieden.<\/p>\n<p><strong>3. Geef de voorstelling prioriteit boven het diner als flamenco de hoofdreden van je bezoek is.<\/strong> Je kunt voor of na de voorstelling dineren of tapas eten en tijdens de show volledig kijken en luisteren.<\/p>\n<p><strong>4. Baseer de hele keuze niet op \u00e9\u00e9n artiest.<\/strong> Bezettingen kunnen wisselen. In een professionele tablao is juist het ontdekken van verschillende combinaties van artiesten een deel van de aantrekkingskracht.<\/p>\n<p><strong>5. Let op de ligging binnen je route.<\/strong> Santa Cruz, Arenal, Encarnaci\u00f3n, het centrum en Triana bieden voor en na de voorstelling heel verschillende ervaringen.<\/p>\n<p><strong>6. Boek online.<\/strong> Het einde van het festival betekent niet dat de vraag verdwijnt. Sevilla ontvangt de hele herfst bezoekers en bepaalde voorstellingen kunnen uitverkocht raken.<\/p>\n<p><strong>7. Reis je met kinderen, controleer dan de voorwaarden van de locatie.<\/strong> Veel voorstellingen zijn geschikt voor gezinnen, maar minimumleeftijden en voorwaarden kunnen per locatie verschillen.<\/p>\n<p>Heb je vragen over het proces, bekijk dan <a href=\"https:\/\/www.tablaosflamencos.com\/nl\/hoe-reserveren\"><strong>hoe je reserveert<\/strong><\/a> en onze <a href=\"https:\/\/www.tablaosflamencos.com\/nl\/verkoop-en-annuleringsvoorwaarden\"><strong>verkoopvoorwaarden<\/strong><\/a> voordat je bevestigt.<\/p>\n<\/div><\/div><\/div><\/div><\/div><\/div><\/div><\/section><section class=\"l-section wpb_row height_huge color_alternate with_shape\"><div class=\"l-section-shape type_zigzag pos_top hor_flip\" style=\"height:3vmin;\"><svg xmlns=\"http:\/\/www.w3.org\/2000\/svg\" viewBox=\"0 0 64 8\" preserveAspectRatio=\"none\" width=\"100%\" height=\"100%\">\r\n\t<path fill=\"currentColor\" d=\"M64 8 L0 8 L0 0 L20 7.9 L40 3 L48 5 L64 0 Z\"\/>\r\n<\/svg><\/div><div class=\"l-section-shape type_zigzag pos_bottom\" style=\"height:3vmin;\"><svg xmlns=\"http:\/\/www.w3.org\/2000\/svg\" viewBox=\"0 0 64 8\" preserveAspectRatio=\"none\" width=\"100%\" height=\"100%\">\r\n\t<path fill=\"currentColor\" d=\"M64 8 L0 8 L0 0 L20 7.9 L40 3 L48 5 L64 0 Z\"\/>\r\n<\/svg><\/div><div class=\"l-section-h i-cf\"><div class=\"g-cols vc_row via_flex valign_top type_default stacking_default\"><div class=\"vc_col-sm-6 wpb_column vc_column_container\"><div class=\"vc_column-inner\"><div class=\"wpb_wrapper\"><div class=\"wpb_text_column\"><div class=\"wpb_wrapper\"><h2 id=\"plan\">Een eenvoudig plan voor een flamencoavond in Sevilla na 3 oktober<\/h2>\n<p>Als je maar \u00e9\u00e9n avond hebt, hoef je de route niet onnodig ingewikkeld te maken. Een effectieve aanpak is eerst de voorstelling te kiezen en de rest daaromheen te plannen.<\/p>\n<p><strong>Optie historisch centrum:<\/strong> wandeling langs de kathedraal, Santa Cruz of de omgeving van het stadhuis; tapas voor de voorstelling; show in een tablao in het centrum; daarna wandelen door de oude stad.<\/p>\n<p><strong>Optie Arenal:<\/strong> wandeling langs de Guadalquivir en Torre del Oro; diner of tapas in de buurt; flamencovoorstelling; daarna te voet terug richting Puerta Jerez of het centrum.<\/p>\n<p><strong>Optie Encarnaci\u00f3n:<\/strong> bezoek aan de omgeving van Las Setas; vroeg diner in het centrum; voorstelling; daarna verder door de straten van het historische centrum.<\/p>\n<p><strong>Optie Triana:<\/strong> steek bij zonsondergang de Isabel II-brug over; wandel door de wijk; bezoek een flamencovoorstelling; sluit af met een drankje of laat diner in Triana.<\/p>\n<p>Deze aanpak heeft een voordeel: je bent niet afhankelijk van het spontaan vinden van flamenco. Eerst verzeker je de voorstelling en daarna laat je ruimte voor wat de stad onverwacht brengt.<\/p>\n<\/div><\/div><\/div><\/div><\/div><div class=\"vc_col-sm-6 wpb_column vc_column_container\"><div class=\"vc_column-inner\"><div class=\"wpb_wrapper\"><div class=\"wpb_text_column\"><div class=\"wpb_wrapper\"><h2 id=\"mas-alla\">Meer dan de tablao: pe\u00f1as, theaters en incidenteel programma<\/h2>\n<p>Na de Bi\u00ebnnale blijft flamenco ook bestaan buiten locaties met een dagelijks programma. Sevilla en de provincie hebben <strong>flamencope\u00f1as, culturele reeksen, theaters en festivals<\/strong> die het hele jaar door recitals en activiteiten organiseren.<\/p>\n<p>Voor een liefhebber kunnen zulke afspraken bijzonder zijn. Ze werken echter niet hetzelfde als een tablao. Ze kunnen eenmaal per maand plaatsvinden, zich concentreren op bepaalde weekenden of specifieke toegangsvoorwaarden hebben. Daarom vormen ze een uitstekende tweede laag voor wie tijd heeft om de agenda te onderzoeken, maar niet altijd de veiligste optie voor een bezoeker die op \u00e9\u00e9n specifieke avond flamenco nodig heeft.<\/p>\n<p>Het is ook de moeite waard de programma\u2019s van de Sevillaanse theaters te volgen. Dat de Bi\u00ebnnale eindigt, betekent niet dat Maestranza, Lope de Vega, Central of Alameda geen flamenco meer programmeren; ze keren simpelweg terug naar hun reguliere seizoenen, waarin het genre ruimte deelt met muziek, dans en theater.<\/p>\n<p>Het belangrijkste verschil is beschikbaarheid: <strong>de tablao biedt continu\u00efteit; culturele programmering biedt losse evenementen<\/strong>. Beide vormen kunnen uitstekend in dezelfde reis samengaan.<\/p>\n<\/div><\/div><\/div><\/div><\/div><\/div><\/div><\/section><section class=\"l-section wpb_row height_huge\"><div class=\"l-section-h i-cf\"><div class=\"g-cols vc_row via_flex valign_top type_default stacking_default\"><div class=\"vc_col-sm-12 wpb_column vc_column_container\"><div class=\"vc_column-inner\"><div class=\"wpb_wrapper\"><div class=\"wpb_text_column\"><div class=\"wpb_wrapper\"><h2>Kom je vlak na de Bi\u00ebnnale?<\/h2>\n<p>De eerste dagen van oktober kunnen bijzonder interessant zijn. Sevilla houdt nog de sfeer van de voorgaande weken vast, een deel van het gespecialiseerde publiek blijft in de stad en het toeristische herfstseizoen zorgt voor veel activiteit in het centrum.<\/p>\n<p>Als je reis begint wanneer de Bi\u00ebnnale al voorbij is, hoef je de data niet te veranderen alleen omdat je denkt dat je flamenco hebt gemist. De ervaring zal anders zijn, maar je kunt nog steeds professionele voorstellingen zien en hebt bovendien veel meer vrijheid om flamenco te combineren met monumenten, gastronomie en wijken van Sevilla.<\/p>\n<p>Als je tijdens de Bi\u00ebnnale vanwege uitverkochte tickets naar alternatieven zocht, kun je ook onze gids bekijken <a href=\"https:\/\/www.tablaosflamencos.com\/nl\/flamencobiennale-uitverkocht-flamenco-vanavond-sevilla.html\"><strong>Bi\u00ebnnale uitverkocht: waar je vandaag flamenco in Sevilla kunt zien<\/strong><\/a>. Veel idee\u00ebn blijven na het festival bruikbaar, juist omdat ze gebaseerd zijn op het vaste flamencoaanbod van de stad.<\/p>\n<\/div><\/div><div class=\"w-separator size_medium\"><\/div><div class=\"w-hwrapper valign_top wrap align_center\" style=\"--hwrapper-gap:1.2rem\"><div class=\"w-btn-wrapper align_none\"><a class=\"w-btn us-btn-style_1\" href=\"https:\/\/www.tablaosflamencos.com\/nl\/flamenco-in-sevilla\"><span class=\"w-btn-label\">Flamenco in Sevilla vergelijken<\/span><\/a><\/div><div class=\"w-btn-wrapper align_none\"><a class=\"w-btn us-btn-style_11\" href=\"https:\/\/www.tablaosflamencos.com\/nl\/flamenco-in-triana\"><span class=\"w-btn-label\">Flamenco in Triana<\/span><\/a><\/div><\/div><\/div><\/div><\/div><\/div><\/div><\/section><section class=\"l-section wpb_row height_huge color_alternate with_shape\"><div class=\"l-section-shape type_zigzag pos_top hor_flip\" style=\"height:3vmin;\"><svg xmlns=\"http:\/\/www.w3.org\/2000\/svg\" viewBox=\"0 0 64 8\" preserveAspectRatio=\"none\" width=\"100%\" height=\"100%\">\r\n\t<path fill=\"currentColor\" d=\"M64 8 L0 8 L0 0 L20 7.9 L40 3 L48 5 L64 0 Z\"\/>\r\n<\/svg><\/div><div class=\"l-section-shape type_zigzag pos_bottom\" style=\"height:3vmin;\"><svg xmlns=\"http:\/\/www.w3.org\/2000\/svg\" viewBox=\"0 0 64 8\" preserveAspectRatio=\"none\" width=\"100%\" height=\"100%\">\r\n\t<path fill=\"currentColor\" d=\"M64 8 L0 8 L0 0 L20 7.9 L40 3 L48 5 L64 0 Z\"\/>\r\n<\/svg><\/div><div class=\"l-section-h i-cf\"><div class=\"g-cols vc_row via_flex valign_top type_default stacking_default\"><div class=\"vc_col-sm-1\/5 wpb_column vc_column_container\"><div class=\"vc_column-inner\"><div class=\"wpb_wrapper\"><\/div><\/div><\/div><div class=\"vc_col-sm-3\/5 wpb_column vc_column_container\"><div class=\"vc_column-inner\"><div class=\"wpb_wrapper\"><div class=\"wpb_text_column\"><div class=\"wpb_wrapper\"><h2 id=\"faq\">Veelgestelde vragen over waar je flamenco kunt zien na de Bi\u00ebnnale<\/h2>\n<\/div><\/div><div class=\"w-separator size_medium\"><\/div><div class=\"w-tabs accordion toggle_style_1 has_scrolling\" style=\"--sections-title-size:inherit;--sections-gap:0.5rem;\"><div class=\"w-tabs-sections titles-align_none icon_plus cpos_left\"><div class=\"w-tabs-section\" id=\"c205\" itemscope itemprop=\"mainEntity\" itemtype=\"https:\/\/schema.org\/Question\"><button type=\"button\" class=\"w-tabs-section-header\" aria-controls=\"content-c205\" aria-expanded=\"false\"><h3 class=\"w-tabs-section-title\" itemprop=\"name\">Kun je in Sevilla flamenco blijven zien wanneer de Bi\u00ebnnale eindigt?<\/h3><div class=\"w-tabs-section-control\"><\/div><\/button><div  class=\"w-tabs-section-content\" id=\"content-c205\" itemscope itemprop=\"acceptedAnswer\" itemtype=\"https:\/\/schema.org\/Answer\"><div class=\"w-tabs-section-content-h i-cf\" itemprop=\"text\"><div class=\"wpb_text_column\"><div class=\"wpb_wrapper\"><p>Ja. De Bi\u00ebnnale eindigt op 3 oktober 2026, maar Sevilla houdt de rest van het jaar een breed aanbod van tablaos, flamencotheaters en culturele locaties met een regelmatig programma. Het uitzonderlijke festivalkalender eindigt, niet de flamencoactiviteit van de stad.<\/p>\n<\/div><\/div><\/div><\/div><\/div><div class=\"w-tabs-section\" id=\"y38e\" itemscope itemprop=\"mainEntity\" itemtype=\"https:\/\/schema.org\/Question\"><button type=\"button\" class=\"w-tabs-section-header\" aria-controls=\"content-y38e\" aria-expanded=\"false\"><h3 class=\"w-tabs-section-title\" itemprop=\"name\">Waar kan ik in Sevilla vanaf 4 oktober 2026 flamenco zien?<\/h3><div class=\"w-tabs-section-control\"><\/div><\/button><div  class=\"w-tabs-section-content\" id=\"content-y38e\" itemscope itemprop=\"acceptedAnswer\" itemtype=\"https:\/\/schema.org\/Answer\"><div class=\"w-tabs-section-content-h i-cf\" itemprop=\"text\"><div class=\"wpb_text_column\"><div class=\"wpb_wrapper\"><p>Je kunt rechtstreeks via ons platform onder meer boeken bij <a href=\"https:\/\/www.tablaosflamencos.com\/nl\/tablao\/tablao-flamenco-las-setas\">Tablao Flamenco Las Setas<\/a>, <a href=\"https:\/\/www.tablaosflamencos.com\/nl\/tablao\/tablao-flamenco-la-cantaora\">La Cantaora<\/a>, <a href=\"https:\/\/www.tablaosflamencos.com\/nl\/tablao\/casa-duende-tablao\">Casa Duende<\/a>, <a href=\"https:\/\/www.tablaosflamencos.com\/nl\/tablao\/tablao-flamenco-las-duenas\">Las Due\u00f1as<\/a>, <a href=\"https:\/\/www.tablaosflamencos.com\/nl\/tablao\/tablao-flamenco-casa-inquieta\">Casa Inquieta<\/a>, <a href=\"https:\/\/www.tablaosflamencos.com\/nl\/tablao\/casa-flamenco-azahar\">Casa Flamenco Azahar<\/a>, <a href=\"https:\/\/www.tablaosflamencos.com\/nl\/tablao\/tablao-flamenco-el-jardin-de-murillo\">El Jard\u00edn de Murillo<\/a>, <a href=\"https:\/\/www.tablaosflamencos.com\/nl\/tablao\/baraka-sala-flamenca\">Baraka Sala Flamenca<\/a> of <a href=\"https:\/\/www.tablaosflamencos.com\/nl\/tablao\/tablao-flamenco-triana\">Tablao Flamenco Triana<\/a>. Controleer altijd de beschikbaarheid voor jouw specifieke datum.<\/p>\n<\/div><\/div><\/div><\/div><\/div><div class=\"w-tabs-section\" id=\"t4d9\" itemscope itemprop=\"mainEntity\" itemtype=\"https:\/\/schema.org\/Question\"><button type=\"button\" class=\"w-tabs-section-header\" aria-controls=\"content-t4d9\" aria-expanded=\"false\"><h3 class=\"w-tabs-section-title\" itemprop=\"name\">Treden artiesten van de Bi\u00ebnnale ook op in tablaos?<\/h3><div class=\"w-tabs-section-control\"><\/div><\/button><div  class=\"w-tabs-section-content\" id=\"content-t4d9\" itemscope itemprop=\"acceptedAnswer\" itemtype=\"https:\/\/schema.org\/Answer\"><div class=\"w-tabs-section-content-h i-cf\" itemprop=\"text\"><div class=\"wpb_text_column\"><div class=\"wpb_wrapper\"><p>Veel professionele artiesten wisselen in hun carri\u00e8re tussen tablaos, gezelschappen, festivals, tournees en theaters. Bezettingen veranderen echter en je moet er niet vanuit gaan dat een specifieke artiest van de Bi\u00ebnnale op een bepaalde datum in een tablao optreedt. Controleer daarom het beschikbare programma.<\/p>\n<\/div><\/div><\/div><\/div><\/div><div class=\"w-tabs-section\" id=\"u61a\" itemscope itemprop=\"mainEntity\" itemtype=\"https:\/\/schema.org\/Question\"><button type=\"button\" class=\"w-tabs-section-header\" aria-controls=\"content-u61a\" aria-expanded=\"false\"><h3 class=\"w-tabs-section-title\" itemprop=\"name\">Is een kleine tablao beter dan een grote?<\/h3><div class=\"w-tabs-section-control\"><\/div><\/button><div  class=\"w-tabs-section-content\" id=\"content-u61a\" itemscope itemprop=\"acceptedAnswer\" itemtype=\"https:\/\/schema.org\/Answer\"><div class=\"w-tabs-section-content-h i-cf\" itemprop=\"text\"><div class=\"wpb_text_column\"><div class=\"wpb_wrapper\"><p>Dat hangt af van de ervaring die je zoekt. Een kleine ruimte biedt meer nabijheid tot zang, gitaar en dans. Een grotere zaal kan een bredere enscenering bieden. Geen enkele grootte is automatisch beter voor iedereen.<\/p>\n<\/div><\/div><\/div><\/div><\/div><div class=\"w-tabs-section\" id=\"m73f\" itemscope itemprop=\"mainEntity\" itemtype=\"https:\/\/schema.org\/Question\"><button type=\"button\" class=\"w-tabs-section-header\" aria-controls=\"content-m73f\" aria-expanded=\"false\"><h3 class=\"w-tabs-section-title\" itemprop=\"name\">Is het de moeite waard om na de Bi\u00ebnnale flamenco in Triana te zien?<\/h3><div class=\"w-tabs-section-control\"><\/div><\/button><div  class=\"w-tabs-section-content\" id=\"content-m73f\" itemscope itemprop=\"acceptedAnswer\" itemtype=\"https:\/\/schema.org\/Answer\"><div class=\"w-tabs-section-content-h i-cf\" itemprop=\"text\"><div class=\"wpb_text_column\"><div class=\"wpb_wrapper\"><p>Ja. Triana is een van de gebieden die het sterkst verbonden zijn met de flamencogeschiedenis van Sevilla en heeft een vast podiumaanbod naast incidentele culturele programmering. Voor bezoekers is het aan te raden eerst een bevestigde voorstelling te boeken en de avond daarna aan te vullen met een wandeling door de wijk.<\/p>\n<\/div><\/div><\/div><\/div><\/div><div class=\"w-tabs-section\" id=\"e871\" itemscope itemprop=\"mainEntity\" itemtype=\"https:\/\/schema.org\/Question\"><button type=\"button\" class=\"w-tabs-section-header\" aria-controls=\"content-e871\" aria-expanded=\"false\"><h3 class=\"w-tabs-section-title\" itemprop=\"name\">Moet ik flamenco in oktober vooraf reserveren?<\/h3><div class=\"w-tabs-section-control\"><\/div><\/button><div  class=\"w-tabs-section-content\" id=\"content-e871\" itemscope itemprop=\"acceptedAnswer\" itemtype=\"https:\/\/schema.org\/Answer\"><div class=\"w-tabs-section-content-h i-cf\" itemprop=\"text\"><div class=\"wpb_text_column\"><div class=\"wpb_wrapper\"><p>Dat is aan te raden. Hoewel de Bi\u00ebnnale voorbij is, blijft de toeristische vraag in Sevilla in de herfst groot en kleinere zalen kunnen bepaalde voorstellingen uitverkopen, vooral in weekenden, tijdens lange weekenden en op data met grote evenementen.<\/p>\n<\/div><\/div><\/div><\/div><\/div><div class=\"w-tabs-section\" id=\"f99d\" itemscope itemprop=\"mainEntity\" itemtype=\"https:\/\/schema.org\/Question\"><button type=\"button\" class=\"w-tabs-section-header\" aria-controls=\"content-f99d\" aria-expanded=\"false\"><h3 class=\"w-tabs-section-title\" itemprop=\"name\">Moet ik diner samen met de voorstelling reserveren?<\/h3><div class=\"w-tabs-section-control\"><\/div><\/button><div  class=\"w-tabs-section-content\" id=\"content-f99d\" itemscope itemprop=\"acceptedAnswer\" itemtype=\"https:\/\/schema.org\/Answer\"><div class=\"w-tabs-section-content-h i-cf\" itemprop=\"text\"><div class=\"wpb_text_column\"><div class=\"wpb_wrapper\"><p>Nee. Als flamenco je prioriteit is, kun je alleen de voorstelling boeken wanneer de locatie die mogelijkheid biedt en diner of tapas ervoor of erna plannen. Diner plus voorstelling is een kwestie van gemak en voorkeur, geen vereiste om van een goede show te genieten.<\/p>\n<\/div><\/div><\/div><\/div><\/div><div class=\"w-tabs-section\" id=\"nab6\" itemscope itemprop=\"mainEntity\" itemtype=\"https:\/\/schema.org\/Question\"><button type=\"button\" class=\"w-tabs-section-header\" aria-controls=\"content-nab6\" aria-expanded=\"false\"><h3 class=\"w-tabs-section-title\" itemprop=\"name\">Is er na de Bi\u00ebnnale flamenco buiten de tablaos?<\/h3><div class=\"w-tabs-section-control\"><\/div><\/button><div  class=\"w-tabs-section-content\" id=\"content-nab6\" itemscope itemprop=\"acceptedAnswer\" itemtype=\"https:\/\/schema.org\/Answer\"><div class=\"w-tabs-section-content-h i-cf\" itemprop=\"text\"><div class=\"wpb_text_column\"><div class=\"wpb_wrapper\"><p>Ja. Er kunnen recitals zijn in theaters, pe\u00f1as, culturele centra, festivals en tijdelijke reeksen. Het verschil is dat deze activiteiten niet altijd dagelijks plaatsvinden, dus het is verstandig de agenda vooraf te bekijken.<\/p>\n<\/div><\/div><\/div><\/div><\/div><div class=\"w-tabs-section\" id=\"rbc7\" itemscope itemprop=\"mainEntity\" itemtype=\"https:\/\/schema.org\/Question\"><button type=\"button\" class=\"w-tabs-section-header\" aria-controls=\"content-rbc7\" aria-expanded=\"false\"><h3 class=\"w-tabs-section-title\" itemprop=\"name\">Kan ik kinderen meenemen naar een flamencovoorstelling?<\/h3><div class=\"w-tabs-section-control\"><\/div><\/button><div  class=\"w-tabs-section-content\" id=\"content-rbc7\" itemscope itemprop=\"acceptedAnswer\" itemtype=\"https:\/\/schema.org\/Answer\"><div class=\"w-tabs-section-content-h i-cf\" itemprop=\"text\"><div class=\"wpb_text_column\"><div class=\"wpb_wrapper\"><p>Veel locaties ontvangen gezinnen, maar voorwaarden en minimumleeftijden verschillen. Controleer voor het reserveren de specifieke voorwaarden van de gekozen voorstelling.<\/p>\n<\/div><\/div><\/div><\/div><\/div><div class=\"w-tabs-section\" id=\"qd04\" itemscope itemprop=\"mainEntity\" itemtype=\"https:\/\/schema.org\/Question\"><button type=\"button\" class=\"w-tabs-section-header\" aria-controls=\"content-qd04\" aria-expanded=\"false\"><h3 class=\"w-tabs-section-title\" itemprop=\"name\">Waar kan ik flamenco-opties in Sevilla vergelijken?<\/h3><div class=\"w-tabs-section-control\"><\/div><\/button><div  class=\"w-tabs-section-content\" id=\"content-qd04\" itemscope itemprop=\"acceptedAnswer\" itemtype=\"https:\/\/schema.org\/Answer\"><div class=\"w-tabs-section-content-h i-cf\" itemprop=\"text\"><div class=\"wpb_text_column\"><div class=\"wpb_wrapper\"><p>Je kunt onze pagina <a href=\"https:\/\/www.tablaosflamencos.com\/nl\/flamenco-in-sevilla\"><strong>flamenco in Sevilla<\/strong><\/a>bekijken, waar we mogelijkheden verzamelen zodat je kunt vergelijken en je reservering kunt plannen op basis van je bezoekdatum.<\/p>\n<\/div><\/div><\/div><\/div><\/div><\/div><\/div><\/div><\/div><\/div><div class=\"vc_col-sm-1\/5 wpb_column vc_column_container\"><div class=\"vc_column-inner\"><div class=\"wpb_wrapper\"><\/div><\/div><\/div><\/div><\/div><\/section><section class=\"l-section wpb_row height_huge\"><div class=\"l-section-h i-cf\"><div class=\"g-cols vc_row via_flex valign_top type_default stacking_default\"><div class=\"vc_col-sm-12 wpb_column vc_column_container\"><div class=\"vc_column-inner\"><div class=\"wpb_wrapper\"><div class=\"wpb_text_column\"><div class=\"wpb_wrapper\"><h2 style=\"text-align: center;\">De Bi\u00ebnnale eindigt; de flamenco van Sevilla gaat door<\/h2>\n<p style=\"text-align: center;\">De Flamencobi\u00ebnnale is een van de meest intense momenten op de culturele kalender van Sevilla, maar niet het enige moment om flamenco in de stad te beleven. Het einde markeert de afsluiting van een uitzonderlijke editie, niet het einde van het flamencoseizoen.<\/p>\n<p style=\"text-align: center;\">Na 3 oktober toont Sevilla opnieuw een van zijn grote sterke punten: een <strong>vast netwerk van tablaos en podiumlocaties<\/strong> dat flamenco kan bieden aan bezoekers die in elke week van het jaar aankomen. De ervaring verandert in schaal, format en ritme, maar je kunt nog steeds zang horen, dans zien en de gitaar van zeer dichtbij voelen.<\/p>\n<p style=\"text-align: center;\">Reis je na de Bi\u00ebnnale, dan is de eenvoudigste strategie om het type ervaring te kiezen dat je wilt, <a href=\"https:\/\/www.tablaosflamencos.com\/nl\/flamenco-in-sevilla\"><strong>de beschikbare flamencovoorstellingen in Sevilla te vergelijken<\/strong><\/a> en te reserveren voordat je aankomt. Het festival heeft tot de volgende editie afscheid genomen; flamenco niet.<\/p>\n<\/div><\/div><\/div><\/div><\/div><\/div><\/div><\/section>\n","protected":false},"excerpt":{"rendered":"<p>De Bi\u00ebnnale eindigt, maar flamenco gaat door in Sevilla. Gids voor tablaos, Triana en vaste voorstellingen na 3 oktober 2026.<\/p>\n","protected":false},"author":1,"featured_media":14271,"comment_status":"closed","ping_status":"closed","sticky":false,"template":"","format":"standard","meta":{"_acf_changed":false,"wpai_generated_summary":"","_ayudawp_aiss_exclude":false,"_ayudawp_aiss_exclude_summary":false,"_ayudawp_aiss_summary":"","_ayudawp_aiss_summary_provider":"","_ayudawp_aiss_summary_hash":"","footnotes":""},"categories":[1432],"tags":[1227,1228,1229,1230,1133,423],"class_list":["post-14329","post","type-post","status-publish","format-standard","has-post-thumbnail","hentry","category-flamencobiennale","tag-agenda-flamenca","tag-bienal-2026","tag-bienal-de-flamenco","tag-festivales-flamencos","tag-flamenco-en-sevilla","tag-sevilla"],"acf":[],"yoast_head":"<!-- This site is optimized with the Yoast SEO Premium plugin v28.4 (Yoast SEO v28.4) - https:\/\/yoast.com\/product\/yoast-seo-premium-wordpress\/ -->\n<title>Flamenco in Sevilla na de Bi\u00ebnnale 2026<\/title>\n<meta name=\"description\" content=\"De Bi\u00ebnnale eindigt op 3 oktober, maar flamenco in Sevilla gaat door. Gids voor tablaos, Triana, voorstellingen en boeken na het festival.\" \/>\n<meta name=\"robots\" content=\"index, follow, max-snippet:-1, max-image-preview:large, max-video-preview:-1\" \/>\n<link rel=\"canonical\" href=\"https:\/\/www.tablaosflamencos.com\/nl\/flamenco-na-biennale-waar-zien-sevilla.html\" \/>\n<meta property=\"og:locale\" content=\"nl_NL\" \/>\n<meta property=\"og:type\" content=\"article\" \/>\n<meta property=\"og:title\" content=\"Flamenco na de Bi\u00ebnnale: waar je in Sevilla flamenco kunt blijven zien\" \/>\n<meta property=\"og:description\" content=\"De Bi\u00ebnnale eindigt op 3 oktober, maar flamenco in Sevilla gaat door. Gids voor tablaos, Triana, voorstellingen en boeken na het festival.\" \/>\n<meta property=\"og:url\" content=\"https:\/\/www.tablaosflamencos.com\/nl\/flamenco-na-biennale-waar-zien-sevilla.html\" \/>\n<meta property=\"og:site_name\" content=\"Tablaos Flamencos\" \/>\n<meta property=\"article:publisher\" content=\"https:\/\/www.facebook.com\/tablaosflamencos\" \/>\n<meta property=\"article:published_time\" content=\"2026-09-03T21:26:41+00:00\" \/>\n<meta property=\"article:modified_time\" content=\"2026-09-03T21:58:05+00:00\" \/>\n<meta property=\"og:image\" content=\"https:\/\/www.tablaosflamencos.com\/wp-content\/uploads\/flamenco-despues-de-la-bienal-donde-seguir-viendo-flamenco-en-sevilla-01.webp\" \/>\n\t<meta property=\"og:image:width\" content=\"1672\" \/>\n\t<meta property=\"og:image:height\" content=\"941\" \/>\n\t<meta property=\"og:image:type\" content=\"image\/webp\" \/>\n<meta name=\"author\" content=\"Miguel Ortiz\" \/>\n<meta name=\"twitter:card\" content=\"summary_large_image\" \/>\n<meta name=\"twitter:creator\" content=\"@tablaosflamenco\" \/>\n<meta name=\"twitter:site\" content=\"@tablaosflamenco\" \/>\n<meta name=\"twitter:label1\" content=\"Geschreven door\" \/>\n\t<meta name=\"twitter:data1\" content=\"Miguel Ortiz\" \/>\n\t<meta name=\"twitter:label2\" content=\"Geschatte leestijd\" \/>\n\t<meta name=\"twitter:data2\" content=\"19 minuten\" \/>\n<script type=\"application\/ld+json\" class=\"yoast-schema-graph\">{\"@context\":\"https:\\\/\\\/schema.org\",\"@graph\":[{\"@type\":\"Article\",\"@id\":\"https:\\\/\\\/www.tablaosflamencos.com\\\/nl\\\/flamenco-na-biennale-waar-zien-sevilla.html#article\",\"isPartOf\":{\"@id\":\"https:\\\/\\\/www.tablaosflamencos.com\\\/nl\\\/flamenco-na-biennale-waar-zien-sevilla.html\"},\"author\":{\"name\":\"Miguel Ortiz\",\"@id\":\"https:\\\/\\\/www.tablaosflamencos.com\\\/nl#\\\/schema\\\/person\\\/e7a9ebe14eb75a52ceabfbffb3c54f5d\"},\"headline\":\"Flamenco na de Bi\u00ebnnale: waar je in Sevilla flamenco kunt blijven zien\",\"datePublished\":\"2026-09-03T21:26:41+00:00\",\"dateModified\":\"2026-09-03T21:58:05+00:00\",\"mainEntityOfPage\":{\"@id\":\"https:\\\/\\\/www.tablaosflamencos.com\\\/nl\\\/flamenco-na-biennale-waar-zien-sevilla.html\"},\"wordCount\":3903,\"publisher\":{\"@id\":\"https:\\\/\\\/www.tablaosflamencos.com\\\/nl#organization\"},\"image\":{\"@id\":\"https:\\\/\\\/www.tablaosflamencos.com\\\/nl\\\/flamenco-na-biennale-waar-zien-sevilla.html#primaryimage\"},\"thumbnailUrl\":\"https:\\\/\\\/www.tablaosflamencos.com\\\/wp-content\\\/uploads\\\/flamenco-despues-de-la-bienal-donde-seguir-viendo-flamenco-en-sevilla-01.webp\",\"keywords\":[\"agenda flamenca\",\"Bienal 2026\",\"Bienal de Flamenco\",\"festivales flamencos\",\"flamenco en Sevilla\",\"sevilla\"],\"articleSection\":[\"Flamencobi\u00ebnnale\"],\"inLanguage\":\"nl-NL\"},{\"@type\":\"WebPage\",\"@id\":\"https:\\\/\\\/www.tablaosflamencos.com\\\/nl\\\/flamenco-na-biennale-waar-zien-sevilla.html\",\"url\":\"https:\\\/\\\/www.tablaosflamencos.com\\\/nl\\\/flamenco-na-biennale-waar-zien-sevilla.html\",\"name\":\"Flamenco in Sevilla na de Bi\u00ebnnale 2026\",\"isPartOf\":{\"@id\":\"https:\\\/\\\/www.tablaosflamencos.com\\\/nl#website\"},\"primaryImageOfPage\":{\"@id\":\"https:\\\/\\\/www.tablaosflamencos.com\\\/nl\\\/flamenco-na-biennale-waar-zien-sevilla.html#primaryimage\"},\"image\":{\"@id\":\"https:\\\/\\\/www.tablaosflamencos.com\\\/nl\\\/flamenco-na-biennale-waar-zien-sevilla.html#primaryimage\"},\"thumbnailUrl\":\"https:\\\/\\\/www.tablaosflamencos.com\\\/wp-content\\\/uploads\\\/flamenco-despues-de-la-bienal-donde-seguir-viendo-flamenco-en-sevilla-01.webp\",\"datePublished\":\"2026-09-03T21:26:41+00:00\",\"dateModified\":\"2026-09-03T21:58:05+00:00\",\"description\":\"De Bi\u00ebnnale eindigt op 3 oktober, maar flamenco in Sevilla gaat door. Gids voor tablaos, Triana, voorstellingen en boeken na het festival.\",\"breadcrumb\":{\"@id\":\"https:\\\/\\\/www.tablaosflamencos.com\\\/nl\\\/flamenco-na-biennale-waar-zien-sevilla.html#breadcrumb\"},\"inLanguage\":\"nl-NL\",\"potentialAction\":[{\"@type\":\"ReadAction\",\"target\":[\"https:\\\/\\\/www.tablaosflamencos.com\\\/nl\\\/flamenco-na-biennale-waar-zien-sevilla.html\"]}]},{\"@type\":\"ImageObject\",\"inLanguage\":\"nl-NL\",\"@id\":\"https:\\\/\\\/www.tablaosflamencos.com\\\/nl\\\/flamenco-na-biennale-waar-zien-sevilla.html#primaryimage\",\"url\":\"https:\\\/\\\/www.tablaosflamencos.com\\\/wp-content\\\/uploads\\\/flamenco-despues-de-la-bienal-donde-seguir-viendo-flamenco-en-sevilla-01.webp\",\"contentUrl\":\"https:\\\/\\\/www.tablaosflamencos.com\\\/wp-content\\\/uploads\\\/flamenco-despues-de-la-bienal-donde-seguir-viendo-flamenco-en-sevilla-01.webp\",\"width\":1672,\"height\":941,\"caption\":\"Flamenco despu\u00e9s de la Bienal: d\u00f3nde seguir viendo flamenco en Sevilla\"},{\"@type\":\"BreadcrumbList\",\"@id\":\"https:\\\/\\\/www.tablaosflamencos.com\\\/nl\\\/flamenco-na-biennale-waar-zien-sevilla.html#breadcrumb\",\"itemListElement\":[{\"@type\":\"ListItem\",\"position\":1,\"name\":\"Home\",\"item\":\"https:\\\/\\\/www.tablaosflamencos.com\\\/nl\"},{\"@type\":\"ListItem\",\"position\":2,\"name\":\"Flamenco na de Bi\u00ebnnale: waar je in Sevilla flamenco kunt blijven zien\"}]},{\"@type\":\"WebSite\",\"@id\":\"https:\\\/\\\/www.tablaosflamencos.com\\\/nl#website\",\"url\":\"https:\\\/\\\/www.tablaosflamencos.com\\\/nl\",\"name\":\"Tablaos Flamencos\",\"description\":\"Entradas para tablaos flamencos de Espa\u00f1a\",\"publisher\":{\"@id\":\"https:\\\/\\\/www.tablaosflamencos.com\\\/nl#organization\"},\"alternateName\":\"Tablaos Flamencos\",\"potentialAction\":[{\"@type\":\"SearchAction\",\"target\":{\"@type\":\"EntryPoint\",\"urlTemplate\":\"https:\\\/\\\/www.tablaosflamencos.com\\\/nl?s={search_term_string}\"},\"query-input\":{\"@type\":\"PropertyValueSpecification\",\"valueRequired\":true,\"valueName\":\"search_term_string\"}}],\"inLanguage\":\"nl-NL\"},{\"@type\":[\"Organization\",\"Place\",\"EntertainmentBusiness\"],\"@id\":\"https:\\\/\\\/www.tablaosflamencos.com\\\/nl#organization\",\"name\":\"Tablaos Flamencos\",\"alternateName\":\"Tablaos Flamencos\",\"url\":\"https:\\\/\\\/www.tablaosflamencos.com\\\/nl\",\"logo\":{\"@id\":\"https:\\\/\\\/www.tablaosflamencos.com\\\/nl\\\/flamenco-na-biennale-waar-zien-sevilla.html#local-main-organization-logo\"},\"image\":{\"@id\":\"https:\\\/\\\/www.tablaosflamencos.com\\\/nl\\\/flamenco-na-biennale-waar-zien-sevilla.html#local-main-organization-logo\"},\"sameAs\":[\"https:\\\/\\\/www.facebook.com\\\/tablaosflamencos\",\"https:\\\/\\\/x.com\\\/tablaosflamenco\",\"https:\\\/\\\/mastodon.social\\\/@tablaosflamencos\",\"https:\\\/\\\/www.instagram.com\\\/tablaosflamencos\",\"https:\\\/\\\/tiktok.com\\\/@tablaosflamencos\",\"https:\\\/\\\/www.linkedin.com\\\/company\\\/109408238\\\/\"],\"description\":\"Venta de entradas para espect\u00e1culos flamencos\",\"legalName\":\"Tablaos Flamencos\",\"foundingDate\":\"2015-01-01\",\"numberOfEmployees\":{\"@type\":\"QuantitativeValue\",\"minValue\":\"1\",\"maxValue\":\"10\"},\"address\":{\"@id\":\"https:\\\/\\\/www.tablaosflamencos.com\\\/nl\\\/flamenco-na-biennale-waar-zien-sevilla.html#local-main-place-address\"},\"geo\":{\"@type\":\"GeoCoordinates\",\"latitude\":\"37.3868072\",\"longitude\":\"-5.993280299999999\"},\"telephone\":[\"+34623787787\"],\"contactPoint\":{\"@type\":\"ContactPoint\",\"telephone\":\"+34623787787\",\"email\":\"info@tablaosflamencos.com\"},\"openingHoursSpecification\":{\"@type\":\"OpeningHoursSpecification\",\"dayOfWeek\":[\"Monday\",\"Tuesday\",\"Wednesday\",\"Thursday\",\"Friday\",\"Saturday\",\"Sunday\"],\"opens\":\"00:00\",\"closes\":\"23:59\"},\"email\":\"info@tablaosflamencos.com\",\"priceRange\":\"$$$\",\"currenciesAccepted\":\"\u20ac\"},{\"@type\":\"Person\",\"@id\":\"https:\\\/\\\/www.tablaosflamencos.com\\\/nl#\\\/schema\\\/person\\\/e7a9ebe14eb75a52ceabfbffb3c54f5d\",\"name\":\"Miguel Ortiz\",\"description\":\"Miguel Ortiz es un empresario flamenco, con una s\u00f3lida trayectoria dentro del sector. Ha presidido entidades culturales vinculadas al flamenco y, cuenta con un amplio recorrido profesional en la gesti\u00f3n y promoci\u00f3n de espect\u00e1culos y tablaos flamencos. Su pasi\u00f3n por la historia y el arte flamenco se refleja en cada art\u00edculo, donde combina experiencia, criterio y un profundo respeto por la tradici\u00f3n.\",\"sameAs\":[\"https:\\\/\\\/www.tablaosflamencos.com\",\"https:\\\/\\\/www.instagra.com\\\/miguelortizfe\",\"https:\\\/\\\/www.linkedin.com\\\/in\\\/miguelortizf\\\/\"],\"birthDate\":\"1984-11-22\",\"gender\":\"hombre\",\"knowsLanguage\":[\"espa\u00f1ol\",\"ingl\u00e9s\"],\"jobTitle\":\"Empresario flamenco\"},{\"@type\":\"PostalAddress\",\"@id\":\"https:\\\/\\\/www.tablaosflamencos.com\\\/nl\\\/flamenco-na-biennale-waar-zien-sevilla.html#local-main-place-address\",\"streetAddress\":\"C\\\/ Alemanes, 19\",\"addressLocality\":\"Sevilla\",\"postalCode\":\"41004\",\"addressRegion\":\"Sevilla\",\"addressCountry\":\"ES\"},{\"@type\":\"ImageObject\",\"inLanguage\":\"nl-NL\",\"@id\":\"https:\\\/\\\/www.tablaosflamencos.com\\\/nl\\\/flamenco-na-biennale-waar-zien-sevilla.html#local-main-organization-logo\",\"url\":\"https:\\\/\\\/www.tablaosflamencos.com\\\/wp-content\\\/uploads\\\/tablaos-flamencos-06-3.webp\",\"contentUrl\":\"https:\\\/\\\/www.tablaosflamencos.com\\\/wp-content\\\/uploads\\\/tablaos-flamencos-06-3.webp\",\"width\":600,\"height\":620,\"caption\":\"Tablaos Flamencos\"}]}<\/script>\n<meta name=\"geo.placename\" content=\"Sevilla\" \/>\n<meta name=\"geo.position\" content=\"37.3868072;-5.993280299999999\" \/>\n<meta name=\"geo.region\" content=\"Spanje\" \/>\n<!-- \/ Yoast SEO Premium plugin. -->","yoast_head_json":{"title":"Flamenco in Sevilla na de Bi\u00ebnnale 2026","description":"De Bi\u00ebnnale eindigt op 3 oktober, maar flamenco in Sevilla gaat door. Gids voor tablaos, Triana, voorstellingen en boeken na het festival.","robots":{"index":"index","follow":"follow","max-snippet":"max-snippet:-1","max-image-preview":"max-image-preview:large","max-video-preview":"max-video-preview:-1"},"canonical":"https:\/\/www.tablaosflamencos.com\/nl\/flamenco-na-biennale-waar-zien-sevilla.html","og_locale":"nl_NL","og_type":"article","og_title":"Flamenco na de Bi\u00ebnnale: waar je in Sevilla flamenco kunt blijven zien","og_description":"De Bi\u00ebnnale eindigt op 3 oktober, maar flamenco in Sevilla gaat door. Gids voor tablaos, Triana, voorstellingen en boeken na het festival.","og_url":"https:\/\/www.tablaosflamencos.com\/nl\/flamenco-na-biennale-waar-zien-sevilla.html","og_site_name":"Tablaos Flamencos","article_publisher":"https:\/\/www.facebook.com\/tablaosflamencos","article_published_time":"2026-09-03T21:26:41+00:00","article_modified_time":"2026-09-03T21:58:05+00:00","og_image":[{"width":1672,"height":941,"url":"https:\/\/www.tablaosflamencos.com\/wp-content\/uploads\/flamenco-despues-de-la-bienal-donde-seguir-viendo-flamenco-en-sevilla-01.webp","type":"image\/webp"}],"author":"Miguel Ortiz","twitter_card":"summary_large_image","twitter_creator":"@tablaosflamenco","twitter_site":"@tablaosflamenco","twitter_misc":{"Geschreven door":"Miguel Ortiz","Geschatte leestijd":"19 minuten"},"schema":{"@context":"https:\/\/schema.org","@graph":[{"@type":"Article","@id":"https:\/\/www.tablaosflamencos.com\/nl\/flamenco-na-biennale-waar-zien-sevilla.html#article","isPartOf":{"@id":"https:\/\/www.tablaosflamencos.com\/nl\/flamenco-na-biennale-waar-zien-sevilla.html"},"author":{"name":"Miguel Ortiz","@id":"https:\/\/www.tablaosflamencos.com\/nl#\/schema\/person\/e7a9ebe14eb75a52ceabfbffb3c54f5d"},"headline":"Flamenco na de Bi\u00ebnnale: waar je in Sevilla flamenco kunt blijven zien","datePublished":"2026-09-03T21:26:41+00:00","dateModified":"2026-09-03T21:58:05+00:00","mainEntityOfPage":{"@id":"https:\/\/www.tablaosflamencos.com\/nl\/flamenco-na-biennale-waar-zien-sevilla.html"},"wordCount":3903,"publisher":{"@id":"https:\/\/www.tablaosflamencos.com\/nl#organization"},"image":{"@id":"https:\/\/www.tablaosflamencos.com\/nl\/flamenco-na-biennale-waar-zien-sevilla.html#primaryimage"},"thumbnailUrl":"https:\/\/www.tablaosflamencos.com\/wp-content\/uploads\/flamenco-despues-de-la-bienal-donde-seguir-viendo-flamenco-en-sevilla-01.webp","keywords":["agenda flamenca","Bienal 2026","Bienal de Flamenco","festivales flamencos","flamenco en Sevilla","sevilla"],"articleSection":["Flamencobi\u00ebnnale"],"inLanguage":"nl-NL"},{"@type":"WebPage","@id":"https:\/\/www.tablaosflamencos.com\/nl\/flamenco-na-biennale-waar-zien-sevilla.html","url":"https:\/\/www.tablaosflamencos.com\/nl\/flamenco-na-biennale-waar-zien-sevilla.html","name":"Flamenco in Sevilla na de Bi\u00ebnnale 2026","isPartOf":{"@id":"https:\/\/www.tablaosflamencos.com\/nl#website"},"primaryImageOfPage":{"@id":"https:\/\/www.tablaosflamencos.com\/nl\/flamenco-na-biennale-waar-zien-sevilla.html#primaryimage"},"image":{"@id":"https:\/\/www.tablaosflamencos.com\/nl\/flamenco-na-biennale-waar-zien-sevilla.html#primaryimage"},"thumbnailUrl":"https:\/\/www.tablaosflamencos.com\/wp-content\/uploads\/flamenco-despues-de-la-bienal-donde-seguir-viendo-flamenco-en-sevilla-01.webp","datePublished":"2026-09-03T21:26:41+00:00","dateModified":"2026-09-03T21:58:05+00:00","description":"De Bi\u00ebnnale eindigt op 3 oktober, maar flamenco in Sevilla gaat door. Gids voor tablaos, Triana, voorstellingen en boeken na het festival.","breadcrumb":{"@id":"https:\/\/www.tablaosflamencos.com\/nl\/flamenco-na-biennale-waar-zien-sevilla.html#breadcrumb"},"inLanguage":"nl-NL","potentialAction":[{"@type":"ReadAction","target":["https:\/\/www.tablaosflamencos.com\/nl\/flamenco-na-biennale-waar-zien-sevilla.html"]}]},{"@type":"ImageObject","inLanguage":"nl-NL","@id":"https:\/\/www.tablaosflamencos.com\/nl\/flamenco-na-biennale-waar-zien-sevilla.html#primaryimage","url":"https:\/\/www.tablaosflamencos.com\/wp-content\/uploads\/flamenco-despues-de-la-bienal-donde-seguir-viendo-flamenco-en-sevilla-01.webp","contentUrl":"https:\/\/www.tablaosflamencos.com\/wp-content\/uploads\/flamenco-despues-de-la-bienal-donde-seguir-viendo-flamenco-en-sevilla-01.webp","width":1672,"height":941,"caption":"Flamenco despu\u00e9s de la Bienal: d\u00f3nde seguir viendo flamenco en Sevilla"},{"@type":"BreadcrumbList","@id":"https:\/\/www.tablaosflamencos.com\/nl\/flamenco-na-biennale-waar-zien-sevilla.html#breadcrumb","itemListElement":[{"@type":"ListItem","position":1,"name":"Home","item":"https:\/\/www.tablaosflamencos.com\/nl"},{"@type":"ListItem","position":2,"name":"Flamenco na de Bi\u00ebnnale: waar je in Sevilla flamenco kunt blijven zien"}]},{"@type":"WebSite","@id":"https:\/\/www.tablaosflamencos.com\/nl#website","url":"https:\/\/www.tablaosflamencos.com\/nl","name":"Tablaos Flamencos","description":"Entradas para tablaos flamencos de Espa\u00f1a","publisher":{"@id":"https:\/\/www.tablaosflamencos.com\/nl#organization"},"alternateName":"Tablaos Flamencos","potentialAction":[{"@type":"SearchAction","target":{"@type":"EntryPoint","urlTemplate":"https:\/\/www.tablaosflamencos.com\/nl?s={search_term_string}"},"query-input":{"@type":"PropertyValueSpecification","valueRequired":true,"valueName":"search_term_string"}}],"inLanguage":"nl-NL"},{"@type":["Organization","Place","EntertainmentBusiness"],"@id":"https:\/\/www.tablaosflamencos.com\/nl#organization","name":"Tablaos Flamencos","alternateName":"Tablaos Flamencos","url":"https:\/\/www.tablaosflamencos.com\/nl","logo":{"@id":"https:\/\/www.tablaosflamencos.com\/nl\/flamenco-na-biennale-waar-zien-sevilla.html#local-main-organization-logo"},"image":{"@id":"https:\/\/www.tablaosflamencos.com\/nl\/flamenco-na-biennale-waar-zien-sevilla.html#local-main-organization-logo"},"sameAs":["https:\/\/www.facebook.com\/tablaosflamencos","https:\/\/x.com\/tablaosflamenco","https:\/\/mastodon.social\/@tablaosflamencos","https:\/\/www.instagram.com\/tablaosflamencos","https:\/\/tiktok.com\/@tablaosflamencos","https:\/\/www.linkedin.com\/company\/109408238\/"],"description":"Venta de entradas para espect\u00e1culos flamencos","legalName":"Tablaos Flamencos","foundingDate":"2015-01-01","numberOfEmployees":{"@type":"QuantitativeValue","minValue":"1","maxValue":"10"},"address":{"@id":"https:\/\/www.tablaosflamencos.com\/nl\/flamenco-na-biennale-waar-zien-sevilla.html#local-main-place-address"},"geo":{"@type":"GeoCoordinates","latitude":"37.3868072","longitude":"-5.993280299999999"},"telephone":["+34623787787"],"contactPoint":{"@type":"ContactPoint","telephone":"+34623787787","email":"info@tablaosflamencos.com"},"openingHoursSpecification":{"@type":"OpeningHoursSpecification","dayOfWeek":["Monday","Tuesday","Wednesday","Thursday","Friday","Saturday","Sunday"],"opens":"00:00","closes":"23:59"},"email":"info@tablaosflamencos.com","priceRange":"$$$","currenciesAccepted":"\u20ac"},{"@type":"Person","@id":"https:\/\/www.tablaosflamencos.com\/nl#\/schema\/person\/e7a9ebe14eb75a52ceabfbffb3c54f5d","name":"Miguel Ortiz","description":"Miguel Ortiz es un empresario flamenco, con una s\u00f3lida trayectoria dentro del sector. Ha presidido entidades culturales vinculadas al flamenco y, cuenta con un amplio recorrido profesional en la gesti\u00f3n y promoci\u00f3n de espect\u00e1culos y tablaos flamencos. Su pasi\u00f3n por la historia y el arte flamenco se refleja en cada art\u00edculo, donde combina experiencia, criterio y un profundo respeto por la tradici\u00f3n.","sameAs":["https:\/\/www.tablaosflamencos.com","https:\/\/www.instagra.com\/miguelortizfe","https:\/\/www.linkedin.com\/in\/miguelortizf\/"],"birthDate":"1984-11-22","gender":"hombre","knowsLanguage":["espa\u00f1ol","ingl\u00e9s"],"jobTitle":"Empresario flamenco"},{"@type":"PostalAddress","@id":"https:\/\/www.tablaosflamencos.com\/nl\/flamenco-na-biennale-waar-zien-sevilla.html#local-main-place-address","streetAddress":"C\/ Alemanes, 19","addressLocality":"Sevilla","postalCode":"41004","addressRegion":"Sevilla","addressCountry":"ES"},{"@type":"ImageObject","inLanguage":"nl-NL","@id":"https:\/\/www.tablaosflamencos.com\/nl\/flamenco-na-biennale-waar-zien-sevilla.html#local-main-organization-logo","url":"https:\/\/www.tablaosflamencos.com\/wp-content\/uploads\/tablaos-flamencos-06-3.webp","contentUrl":"https:\/\/www.tablaosflamencos.com\/wp-content\/uploads\/tablaos-flamencos-06-3.webp","width":600,"height":620,"caption":"Tablaos Flamencos"}]},"geo.placename":"Sevilla","geo.position":{"lat":"37.3868072","long":"-5.993280299999999"},"geo.region":"Spanje"},"_links":{"self":[{"href":"https:\/\/www.tablaosflamencos.com\/nl\/wp-json\/wp\/v2\/posts\/14329","targetHints":{"allow":["GET"]}}],"collection":[{"href":"https:\/\/www.tablaosflamencos.com\/nl\/wp-json\/wp\/v2\/posts"}],"about":[{"href":"https:\/\/www.tablaosflamencos.com\/nl\/wp-json\/wp\/v2\/types\/post"}],"author":[{"embeddable":true,"href":"https:\/\/www.tablaosflamencos.com\/nl\/wp-json\/wp\/v2\/users\/1"}],"replies":[{"embeddable":true,"href":"https:\/\/www.tablaosflamencos.com\/nl\/wp-json\/wp\/v2\/comments?post=14329"}],"version-history":[{"count":3,"href":"https:\/\/www.tablaosflamencos.com\/nl\/wp-json\/wp\/v2\/posts\/14329\/revisions"}],"predecessor-version":[{"id":14349,"href":"https:\/\/www.tablaosflamencos.com\/nl\/wp-json\/wp\/v2\/posts\/14329\/revisions\/14349"}],"wp:featuredmedia":[{"embeddable":true,"href":"https:\/\/www.tablaosflamencos.com\/nl\/wp-json\/wp\/v2\/media\/14271"}],"wp:attachment":[{"href":"https:\/\/www.tablaosflamencos.com\/nl\/wp-json\/wp\/v2\/media?parent=14329"}],"wp:term":[{"taxonomy":"category","embeddable":true,"href":"https:\/\/www.tablaosflamencos.com\/nl\/wp-json\/wp\/v2\/categories?post=14329"},{"taxonomy":"post_tag","embeddable":true,"href":"https:\/\/www.tablaosflamencos.com\/nl\/wp-json\/wp\/v2\/tags?post=14329"}],"curies":[{"name":"wp","href":"https:\/\/api.w.org\/{rel}","templated":true}]}}