{"id":14287,"date":"2026-09-03T22:54:58","date_gmt":"2026-09-03T20:54:58","guid":{"rendered":"https:\/\/www.tablaosflamencos.com\/?p=14287"},"modified":"2026-09-03T23:48:36","modified_gmt":"2026-09-03T21:48:36","slug":"flamenco-sevilla-biennale-2026-shows-buiten-officieel-programma","status":"publish","type":"post","link":"https:\/\/www.tablaosflamencos.com\/nl\/flamenco-sevilla-biennale-2026-shows-buiten-officieel-programma.html","title":{"rendered":"Flamenco in Sevilla tijdens de Bi\u00ebnnale: waar je voorstellingen buiten het offici\u00eble programma ziet"},"content":{"rendered":"<section class=\"l-section wpb_row height_huge\"><div class=\"l-section-h i-cf\"><div class=\"g-cols vc_row via_flex valign_top type_default stacking_default\"><div class=\"vc_col-sm-6 wpb_column vc_column_container\"><div class=\"vc_column-inner\"><div class=\"wpb_wrapper\"><div class=\"wpb_text_column\"><div class=\"wpb_wrapper\"><h2>De Bi\u00ebnnale is niet de enige plek om flamenco in Sevilla te zien<\/h2>\n<p>Tijdens de <strong>Flamencobi\u00ebnnale van Sevilla 2026<\/strong>, beleeft de stad bijna vier weken vol activiteit: grote producties, premi\u00e8res, recitals, dansvoorstellingen, gitaarconcerten en evenementen verspreid over theaters en erfgoedlocaties. Maar flamenco in Sevilla begint en eindigt niet bij het offici\u00eble programma.<\/p>\n<p>Terwijl de Bi\u00ebnnale plaatsvindt tussen <strong>9 september en 3 oktober 2026<\/strong>, zetten de tablaos van de stad hun normale programma voort. Dat biedt een bijzonder interessante mogelijkheid voor wie in die periode naar Sevilla reist: een offici\u00eble voorstelling combineren met een tablaoshow en twee heel verschillende \u2014 en aanvullende \u2014 manieren leren kennen om flamenco te beleven.<\/p>\n<\/div><\/div><\/div><\/div><\/div><div class=\"vc_col-sm-6 wpb_column vc_column_container\"><div class=\"vc_column-inner\"><div class=\"wpb_wrapper\"><div class=\"wpb_text_column\"><div class=\"wpb_wrapper\"><h2>Twee aanvullende manieren om flamenco te beleven<\/h2>\n<p>De Bi\u00ebnnale biedt grote producties, wereldpremi\u00e8res en ontmoetingen die voor een specifieke gelegenheid zijn gecre\u00eberd. De tablao biedt een andere schaal: artiesten op enkele meters afstand, cante, dans en gitaar in direct contact met het publiek, formats van ongeveer een uur en een programma dat veel makkelijker past in een middag of avond sightseeing in de stad.<\/p>\n<p><strong>Het doel van deze gids is niet om te kiezen tussen Bi\u00ebnnale en tablao, maar om je te helpen beide formats tijdens een verblijf in Sevilla te combineren.<\/strong><\/p>\n<\/div><\/div><\/div><\/div><\/div><\/div><\/div><\/section><section class=\"l-section wpb_row height_huge color_alternate with_shape\"><div class=\"l-section-shape type_zigzag pos_top hor_flip\" style=\"height:3vmin;\"><svg xmlns=\"http:\/\/www.w3.org\/2000\/svg\" viewBox=\"0 0 64 8\" preserveAspectRatio=\"none\" width=\"100%\" height=\"100%\">\r\n\t<path fill=\"currentColor\" d=\"M64 8 L0 8 L0 0 L20 7.9 L40 3 L48 5 L64 0 Z\"\/>\r\n<\/svg><\/div><div class=\"l-section-shape type_zigzag pos_bottom\" style=\"height:3vmin;\"><svg xmlns=\"http:\/\/www.w3.org\/2000\/svg\" viewBox=\"0 0 64 8\" preserveAspectRatio=\"none\" width=\"100%\" height=\"100%\">\r\n\t<path fill=\"currentColor\" d=\"M64 8 L0 8 L0 0 L20 7.9 L40 3 L48 5 L64 0 Z\"\/>\r\n<\/svg><\/div><div class=\"l-section-h i-cf\"><div class=\"g-cols vc_row via_flex valign_top type_default stacking_default\"><div class=\"vc_col-sm-12 wpb_column vc_column_container\"><div class=\"vc_column-inner\"><div class=\"wpb_wrapper\"><div class=\"wpb_text_column\"><div class=\"wpb_wrapper\"><blockquote>\n<p><strong>Kort antwoord:<\/strong> tijdens de Flamencobi\u00ebnnale 2026 kun je buiten het offici\u00eble programma nog steeds flamenco zien in tal van tablaos in Sevilla. In het centrum zijn er goede opties rond Las Setas, Plaza Nueva, Santa Cruz, Calle Zaragoza en Corral del Rey; ook in Triana zijn er vaste voorstellingen langs de Guadalquivir. Als je meerdere dagen blijft, is een van de beste manieren om flamenco in Sevilla te begrijpen minstens \u00e9\u00e9n grote Biennalevoorstelling te combineren met een avond in een tablao.<\/p>\n<\/blockquote>\n<p><strong>Laatst bijgewerkt: 3 september 2026.<\/strong> Tijden, prijzen en beschikbaarheid van tablaos kunnen per datum veranderen. Controleer daarom altijd de werkelijke beschikbaarheid voordat je je avond plant.<\/p>\n<\/div><\/div><div class=\"w-separator size_medium\"><\/div><div class=\"w-hwrapper valign_top wrap stack_on_mobiles align_center\" style=\"--hwrapper-gap:1.2rem\"><div class=\"w-btn-wrapper align_none\"><a class=\"w-btn us-btn-style_1\" href=\"https:\/\/www.tablaosflamencos.com\/nl\/flamenco-in-sevilla\"><span class=\"w-btn-label\">Bekijk beschikbare flamenco in Sevilla<\/span><\/a><\/div><div class=\"w-btn-wrapper align_none\"><a class=\"w-btn us-btn-style_1\" href=\"https:\/\/www.tablaosflamencos.com\/nl\/flamenco-biennale-sevilla-2026.html\"><span class=\"w-btn-label\">Complete gids voor de Bi\u00ebnnale 2026<\/span><\/a><\/div><\/div><\/div><\/div><\/div><\/div><\/div><\/section><section class=\"l-section wpb_row height_huge\"><div class=\"l-section-h i-cf\"><div class=\"g-cols vc_row via_flex valign_top type_default stacking_default\"><div class=\"vc_col-sm-3 wpb_column vc_column_container\"><div class=\"vc_column-inner\"><div class=\"wpb_wrapper\"><\/div><\/div><\/div><div class=\"vc_col-sm-6 wpb_column vc_column_container\"><div class=\"vc_column-inner\"><div class=\"wpb_wrapper\"><div class=\"wpb_text_column\"><div class=\"wpb_wrapper\"><h2>Inhoud van deze gids<\/h2>\n<ul>\n<li><a href=\"#dos-formatos\">Bi\u00ebnnale en tablao: twee formats die elkaar aanvullen<\/a><\/li>\n<li><a href=\"#donde-ver\">Waar je flamenco in Sevilla buiten de Bi\u00ebnnale ziet<\/a><\/li>\n<li><a href=\"#las-setas\">Las Setas en het noordelijke centrum<\/a><\/li>\n<li><a href=\"#santa-cruz\">Santa Cruz en de omgeving van het Alc\u00e1zar<\/a><\/li>\n<li><a href=\"#centro\">Historisch centrum, Plaza Nueva en Arenal<\/a><\/li>\n<li><a href=\"#triana\">Triana: steek de rivier over voor een extra perspectief<\/a><\/li>\n<li><a href=\"#comparativa\">Vergelijkingstabel<\/a><\/li>\n<li><a href=\"#combinar\">Hoe je Bi\u00ebnnale en tablao tijdens dezelfde reis combineert<\/a><\/li>\n<li><a href=\"#elegir\">Welke tablao past bij het soort ervaring dat je zoekt<\/a><\/li>\n<li><a href=\"#reservar\">Waarom reserveren tijdens de Bi\u00ebnnale verstandig is<\/a><\/li>\n<li><a href=\"#faq\">Veelgestelde vragen<\/a><\/li>\n<\/ul>\n<\/div><\/div><\/div><\/div><\/div><div class=\"vc_col-sm-3 wpb_column vc_column_container\"><div class=\"vc_column-inner\"><div class=\"wpb_wrapper\"><\/div><\/div><\/div><\/div><\/div><\/section><section class=\"l-section wpb_row height_huge color_alternate with_shape\"><div class=\"l-section-shape type_zigzag pos_top\" style=\"height:3vmin;\"><svg xmlns=\"http:\/\/www.w3.org\/2000\/svg\" viewBox=\"0 0 64 8\" preserveAspectRatio=\"none\" width=\"100%\" height=\"100%\">\r\n\t<path fill=\"currentColor\" d=\"M64 8 L0 8 L0 0 L20 7.9 L40 3 L48 5 L64 0 Z\"\/>\r\n<\/svg><\/div><div class=\"l-section-shape type_zigzag pos_bottom\" style=\"height:3vmin;\"><svg xmlns=\"http:\/\/www.w3.org\/2000\/svg\" viewBox=\"0 0 64 8\" preserveAspectRatio=\"none\" width=\"100%\" height=\"100%\">\r\n\t<path fill=\"currentColor\" d=\"M64 8 L0 8 L0 0 L20 7.9 L40 3 L48 5 L64 0 Z\"\/>\r\n<\/svg><\/div><div class=\"l-section-h i-cf\"><div class=\"g-cols vc_row via_flex valign_top type_default stacking_default\"><div class=\"vc_col-sm-6 wpb_column vc_column_container\"><div class=\"vc_column-inner\"><div class=\"wpb_wrapper\"><div class=\"wpb_text_column\"><div class=\"wpb_wrapper\"><h2 id=\"dos-formatos\">De Bi\u00ebnnale: groot formaat, creatie en uitzonderlijke momenten<\/h2>\n<p>Een van de nuttigste idee\u00ebn bij het plannen van een flamencoreis naar Sevilla is om de Bi\u00ebnnale en tablaos niet langer als elkaar uitsluitende alternatieven te zien. In werkelijkheid tonen ze twee verschillende dimensies van dezelfde kunst.<\/p>\n<p>De <strong>Bi\u00ebnnale<\/strong> brengt creaties samen die zijn ontworpen voor theaters, grote formats, premi\u00e8res, bijzondere ontmoetingen en voorstellingen die vaak nooit meer op precies dezelfde manier terugkomen. De ervaring hangt evenzeer af van de artiest als van het scenische project, de locatie, de belichting, de dramaturgie en het uitzonderlijke karakter van het evenement.<\/p>\n<\/div><\/div><\/div><\/div><\/div><div class=\"vc_col-sm-6 wpb_column vc_column_container\"><div class=\"vc_column-inner\"><div class=\"wpb_wrapper\"><div class=\"wpb_text_column\"><div class=\"wpb_wrapper\"><h2>De tablao: nabijheid, livegevoel en dialoog tussen artiesten<\/h2>\n<p>De <strong>tablao<\/strong> werkt anders. Live flamenco staat centraal: een groep artiesten, een kleinere schaal, minimale fysieke afstand tussen podium en publiek en een structuur die ruimte laat voor dialoog tussen cante, gitaar en dans. Ook wanneer er een vaste artistieke basis is, heeft iedere avond een direct karakter dat verandert met de performers en met de manier waarop ze op elkaar reageren.<\/p>\n<p>Wie alleen producties van de Bi\u00ebnnale ziet, ontdekt een uitzonderlijk deel van de hedendaagse flamenco; wie daar een tablao aan toevoegt, kan ook zien hoe deze kunst van heel dichtbij werkt, zonder de tussenlaag van een groot theaterpodium.<\/p>\n<\/div><\/div><\/div><\/div><\/div><\/div><\/div><\/section><section class=\"l-section wpb_row height_huge\"><div class=\"l-section-h i-cf\"><div class=\"g-cols vc_row via_flex valign_top type_default stacking_default\"><div class=\"vc_col-sm-12 wpb_column vc_column_container\"><div class=\"vc_column-inner\"><div class=\"wpb_wrapper\"><div class=\"wpb_text_column\"><div class=\"wpb_wrapper\"><h2 id=\"donde-ver\" style=\"text-align: center;\">Waar je tijdens de Bi\u00ebnnale flamenco in Sevilla ziet buiten het offici\u00eble programma<\/h2>\n<p style=\"text-align: center;\">Sevilla heeft het hele jaar door een stabiel aanbod van tablaos. Tijdens de Bi\u00ebnnale blijft dat netwerk actief en het kan bijzonder nuttig zijn voor zowel bezoekers die hun reis willen uitbreiden als mensen die enkele avonden vrij willen houden van offici\u00eble voorstellingen.<\/p>\n<p style=\"text-align: center;\">We presenteren de volgende selectie niet als ranglijst. De beste tablao hangt af van de wijk waar je bent, het gewenste tijdstip, de grootte van de zaal die je prefereert, of je gastronomie wilt toevoegen en vooral van de <strong>werkelijke beschikbaarheid op jouw datum<\/strong>.<\/p>\n<\/div><\/div><\/div><\/div><\/div><\/div><\/div><\/section><section class=\"l-section wpb_row height_huge color_alternate with_shape\"><div class=\"l-section-shape type_zigzag pos_top hor_flip\" style=\"height:3vmin;\"><svg xmlns=\"http:\/\/www.w3.org\/2000\/svg\" viewBox=\"0 0 64 8\" preserveAspectRatio=\"none\" width=\"100%\" height=\"100%\">\r\n\t<path fill=\"currentColor\" d=\"M64 8 L0 8 L0 0 L20 7.9 L40 3 L48 5 L64 0 Z\"\/>\r\n<\/svg><\/div><div class=\"l-section-shape type_zigzag pos_bottom\" style=\"height:3vmin;\"><svg xmlns=\"http:\/\/www.w3.org\/2000\/svg\" viewBox=\"0 0 64 8\" preserveAspectRatio=\"none\" width=\"100%\" height=\"100%\">\r\n\t<path fill=\"currentColor\" d=\"M64 8 L0 8 L0 0 L20 7.9 L40 3 L48 5 L64 0 Z\"\/>\r\n<\/svg><\/div><div class=\"l-section-h i-cf\"><div class=\"g-cols vc_row via_flex valign_top type_default stacking_default\"><div class=\"vc_col-sm-6 wpb_column vc_column_container\"><div class=\"vc_column-inner\"><div class=\"wpb_wrapper\"><div class=\"wpb_text_column\"><div class=\"wpb_wrapper\"><h2 id=\"las-setas\">Las Setas: flexibiliteit in het noordelijke centrum<\/h2>\n<p>De omgeving van Plaza de la Encarnaci\u00f3n is bijzonder handig als je het noordelijke centrum, Alameda, Regina, Feria of Santa Catalina verkent. Hier vind je <strong>Tablao Flamenco Las Setas<\/strong>, een van de opties met de grootste flexibiliteit in tijden in de stad.<\/p>\n<p>Het vaste programma maakt iets mogelijk dat tijdens de Bi\u00ebnnale doorslaggevend kan zijn: een voorstelling vinden zonder je hele dag opnieuw te moeten plannen. Het format duurt ongeveer een uur en combineert cante, gitaar en dans in een ruimte die speciaal voor live flamenco is ontworpen.<\/p>\n<p><strong>Dit kan bij je passen als:<\/strong><\/p>\n<ul>\n<li>je in het noordelijke centrum of dicht bij Las Setas verblijft;<\/li>\n<li>je meerdere mogelijke aanvangstijden wilt;<\/li>\n<li>je een voorstelling van ongeveer een uur zoekt;<\/li>\n<li>je flamenco wilt integreren in een dag sightseeing in het historische centrum.<\/li>\n<\/ul>\n<\/div><\/div><\/div><\/div><\/div><div class=\"vc_col-sm-6 wpb_column vc_column_container\"><div class=\"vc_column-inner\"><div class=\"wpb_wrapper\"><div class=\"wpb_text_column\"><div class=\"wpb_wrapper\"><h2 id=\"santa-cruz\">Santa Cruz en de omgeving van het Alc\u00e1zar<\/h2>\n<p>Als je dag draait om het Real Alc\u00e1zar, de Kathedraal, de Giralda of de wijk Santa Cruz, hoef je niet naar de andere kant van Sevilla om de dag met flamenco af te sluiten.<\/p>\n<p><strong>Tablao Flamenco El Jard\u00edn de Murillo<\/strong>, naast Paseo de Catalina de Ribera, biedt een format van ongeveer een uur met cante, gitaar en dans. De locatie is tijdens de Bi\u00ebnnale het grote strategische voordeel: je gaat van een middag vol monumenten naar een flamencovoorstelling zonder grote verplaatsingen.<\/p>\n<p>De beschikbare formules kunnen ook een drankje of eenvoudige gastronomische opties bevatten, wat zowel handig is voor wie zich uitsluitend op de voorstelling wil richten als voor wie de avond wil aanvullen.<\/p>\n<\/div><\/div><div class=\"w-separator size_medium\"><\/div><div class=\"w-hwrapper valign_top wrap stack_on_mobiles align_center\" style=\"--hwrapper-gap:1.2rem\"><div class=\"w-btn-wrapper align_none\"><a class=\"w-btn us-btn-style_1\" href=\"https:\/\/www.tablaosflamencos.com\/nl\/tablao\/tablao-flamenco-el-jardin-de-murillo\"><span class=\"w-btn-label\">Bekijk El Jard\u00edn de Murillo<\/span><\/a><\/div><\/div><\/div><\/div><\/div><\/div><\/div><\/section><section class=\"l-section wpb_row height_huge\"><div class=\"l-section-h i-cf\"><div class=\"g-cols vc_row via_flex valign_top type_default stacking_default\"><div class=\"vc_col-sm-12 wpb_column vc_column_container\"><div class=\"vc_column-inner\"><div class=\"wpb_wrapper\"><div class=\"wpb_text_column\"><div class=\"wpb_wrapper\"><h2 id=\"centro\" style=\"text-align: center;\">Historisch centrum, Plaza Nueva en Arenal: drie verschillende manieren om een tablao te beleven<\/h2>\n<\/div><\/div><div class=\"g-cols wpb_row via_flex valign_top type_default stacking_default\"><div class=\"vc_col-sm-6 wpb_column vc_column_container\"><div class=\"vc_column-inner\"><div class=\"wpb_wrapper\"><div class=\"wpb_text_column\"><div class=\"wpb_wrapper\"><h3>Casa Duende Tablao: klein format en heel dichtbij<\/h3>\n<p><strong>Casa Duende Tablao<\/strong>, aan Corral del Rey, werkt met een zaal met beperkte capaciteit en een voorstelling van ongeveer 50\u201360 minuten. De show combineert solo\u2019s en groepsmomenten tot een fin de fiesta, met formules die een proeverij of tafel kunnen toevoegen.<\/p>\n<p>Dit is vooral interessant voor wie een intieme schaal zoekt en het gevoel wil hebben dat het podium echt maar een paar stappen verwijderd is.<\/p>\n<\/div><\/div><div class=\"w-separator size_medium\"><\/div><div class=\"w-hwrapper valign_top wrap stack_on_mobiles align_center\" style=\"--hwrapper-gap:1.2rem\"><div class=\"w-btn-wrapper align_none\"><a class=\"w-btn us-btn-style_1\" href=\"https:\/\/www.tablaosflamencos.com\/nl\/tablao\/casa-duende-tablao\"><span class=\"w-btn-label\">Bekijk Casa Duende Tablao<\/span><\/a><\/div><\/div><\/div><\/div><\/div><div class=\"vc_col-sm-6 wpb_column vc_column_container\"><div class=\"vc_column-inner\"><div class=\"wpb_wrapper\"><div class=\"wpb_text_column\"><div class=\"wpb_wrapper\"><h3>Casa Inquieta: flamenco in een 19e-eeuws stadspaleis<\/h3>\n<p>Aan Calle Zaragoza, <strong>Tablao Flamenco Casa Inquieta<\/strong> voegt de waarde van de locatie zelf toe aan de ervaring. De voorstelling vindt plaats in een 19e-eeuws stadspaleis en brengt ongeveer een uur lang een groep van vijf artiesten samen.<\/p>\n<p>Het past goed bij wie midden in het centrum wil blijven, zich rond Arenal of Plaza Nueva beweegt en een ervaring zoekt waarin architectuur, sfeer en nabijheid deel van het plan zijn.<\/p>\n<\/div><\/div><div class=\"w-separator size_medium\"><\/div><div class=\"w-hwrapper valign_top wrap stack_on_mobiles align_center\" style=\"--hwrapper-gap:1.2rem\"><div class=\"w-btn-wrapper align_none\"><a class=\"w-btn us-btn-style_1\" href=\"https:\/\/www.tablaosflamencos.com\/nl\/tablao\/tablao-flamenco-casa-inquieta\"><span class=\"w-btn-label\">Bekijk Casa Inquieta<\/span><\/a><\/div><\/div><\/div><\/div><\/div><\/div><\/div><\/div><\/div><\/div><\/div><\/section><section class=\"l-section wpb_row height_huge color_alternate with_shape\"><div class=\"l-section-shape type_zigzag pos_top\" style=\"height:3vmin;\"><svg xmlns=\"http:\/\/www.w3.org\/2000\/svg\" viewBox=\"0 0 64 8\" preserveAspectRatio=\"none\" width=\"100%\" height=\"100%\">\r\n\t<path fill=\"currentColor\" d=\"M64 8 L0 8 L0 0 L20 7.9 L40 3 L48 5 L64 0 Z\"\/>\r\n<\/svg><\/div><div class=\"l-section-shape type_zigzag pos_bottom\" style=\"height:3vmin;\"><svg xmlns=\"http:\/\/www.w3.org\/2000\/svg\" viewBox=\"0 0 64 8\" preserveAspectRatio=\"none\" width=\"100%\" height=\"100%\">\r\n\t<path fill=\"currentColor\" d=\"M64 8 L0 8 L0 0 L20 7.9 L40 3 L48 5 L64 0 Z\"\/>\r\n<\/svg><\/div><div class=\"l-section-h i-cf\"><div class=\"g-cols vc_row via_flex valign_top type_default stacking_default\"><div class=\"vc_col-sm-6 wpb_column vc_column_container\"><div class=\"vc_column-inner\"><div class=\"wpb_wrapper\"><div class=\"wpb_text_column\"><div class=\"wpb_wrapper\"><h2>La Cantaora: flamenco en gastronomie op dezelfde avond<\/h2>\n<p>Vlak bij Plaza Nueva, <strong>Tablao Flamenco La Cantaora<\/strong> is bijzonder handig voor wie diner en voorstelling in \u00e9\u00e9n plan wil combineren. De ruimte is ge\u00efnspireerd op de sfeer van de oude caf\u00e9s cantantes en biedt formules van een voorstelling met cocktail tot tapas- of dineropties.<\/p>\n<p>Tijdens een verblijf dat rond de Bi\u00ebnnale draait kan dit een goede keuze zijn voor een avond zonder offici\u00eble voorstelling, omdat je de hele avond met \u00e9\u00e9n reservering organiseert zonder het historische centrum te verlaten.<\/p>\n<\/div><\/div><div class=\"w-separator size_medium\"><\/div><div class=\"w-hwrapper valign_top wrap stack_on_mobiles align_center\" style=\"--hwrapper-gap:1.2rem\"><div class=\"w-btn-wrapper align_none\"><a class=\"w-btn us-btn-style_1\" href=\"https:\/\/www.tablaosflamencos.com\/nl\/tablao\/tablao-flamenco-la-cantaora\"><span class=\"w-btn-label\">Bekijk Tablao La Cantaora<\/span><\/a><\/div><\/div><\/div><\/div><\/div><div class=\"vc_col-sm-6 wpb_column vc_column_container\"><div class=\"vc_column-inner\"><div class=\"wpb_wrapper\"><div class=\"wpb_text_column\"><div class=\"wpb_wrapper\"><h2 id=\"triana\">Triana: steek de rivier over voor een extra perspectief<\/h2>\n<p>Een flamencoverblijf in Sevilla krijgt een ander karakter zodra je de Guadalquivir oversteekt. Triana maakt deel uit van de historische herinnering van de flamenco en blijft een van de wijken waar veel bezoekers bewust een andere ervaring zoeken dan in het monumentale centrum.<\/p>\n<p><strong>Tablao Flamenco Triana<\/strong>, aan Calle Pureza, biedt een traditioneel format met vier artiesten \u2014 cante, gitaar, een mannelijke danser en een vrouwelijke danser \u2014 in een kleine zaal. De ervaring duurt ongeveer een uur en is makkelijk te combineren met een voorafgaande wandeling over Altozano, Calle Betis of langs de rivier.<\/p>\n<p>Triana hoeft niet als een \u201cauthentieker\u201d alternatief voor het centrum te worden voorgesteld. Het is simpelweg een andere context. Wie al een grote productie van de Bi\u00ebnnale in Maestranza, Lope de Vega of Teatro Central heeft gezien, ervaart flamenco op een volledig andere schaal wanneer hij of zij een andere avond afsluit in een kleine zaal in Triana.<\/p>\n<\/div><\/div><div class=\"w-separator size_medium\"><\/div><div class=\"w-hwrapper valign_top wrap stack_on_mobiles align_center\" style=\"--hwrapper-gap:1.2rem\"><div class=\"w-btn-wrapper align_none\"><a class=\"w-btn us-btn-style_1\" href=\"https:\/\/www.tablaosflamencos.com\/nl\/tablao\/tablao-flamenco-triana\"><span class=\"w-btn-label\">Bekijk Tablao Flamenco Triana<\/span><\/a><\/div><div class=\"w-btn-wrapper align_none\"><a class=\"w-btn us-btn-style_1\" href=\"https:\/\/www.tablaosflamencos.com\/nl\/flamenco-in-triana\"><span class=\"w-btn-label\">Bekijk meer flamenco in Triana<\/span><\/a><\/div><\/div><\/div><\/div><\/div><\/div><\/div><\/section><section class=\"l-section wpb_row height_huge\"><div class=\"l-section-h i-cf\"><div class=\"g-cols vc_row via_flex valign_top type_default stacking_default\"><div class=\"vc_col-sm-12 wpb_column vc_column_container\"><div class=\"vc_column-inner\"><div class=\"wpb_wrapper\"><div class=\"wpb_text_column\"><div class=\"wpb_wrapper\"><h2 id=\"comparativa\">Flamenco-opties buiten de Bi\u00ebnnale in \u00e9\u00e9n oogopslag<\/h2>\n<div style=\"overflow-x: auto;\">\n<table>\n<thead>\n<tr>\n<th>Gebied<\/th>\n<th>Optie<\/th>\n<th>Geschat format<\/th>\n<th>Dit kan bij je passen als&#8230;<\/th>\n<\/tr>\n<\/thead>\n<tbody>\n<tr>\n<td>Las Setas<\/td>\n<td><strong>Tablao Flamenco Las Setas<\/strong><\/td>\n<td>\u2248 60 min \u00b7 meerdere voorstellingen<\/td>\n<td>Je flexibele tijden en een centrale locatie zoekt<\/td>\n<\/tr>\n<tr>\n<td>Santa Cruz<\/td>\n<td><strong>El Jard\u00edn de Murillo<\/strong><\/td>\n<td>\u2248 60 min \u00b7 cante, gitaar en dans<\/td>\n<td>Je van het Alc\u00e1zar, de Kathedraal of Santa Cruz komt<\/td>\n<\/tr>\n<tr>\n<td>Centrum<\/td>\n<td><strong>Casa Duende Tablao<\/strong><\/td>\n<td>\u2248 50\u201360 min \u00b7 kleine capaciteit<\/td>\n<td>Je maximale nabijheid en een intiem format wilt<\/td>\n<\/tr>\n<tr>\n<td>Arenal \/ Zaragoza<\/td>\n<td><strong>Casa Inquieta<\/strong><\/td>\n<td>\u2248 60 min \u00b7 vijf artiesten<\/td>\n<td>Historische ruimtes je aanspreken<\/td>\n<\/tr>\n<tr>\n<td>Plaza Nueva<\/td>\n<td><strong>La Cantaora<\/strong><\/td>\n<td>\u2248 60 min \u00b7 gastronomische opties<\/td>\n<td>Je diner en voorstelling wilt combineren<\/td>\n<\/tr>\n<tr>\n<td>Triana<\/td>\n<td><strong>Tablao Flamenco Triana<\/strong><\/td>\n<td>\u2248 60 min \u00b7 vier artiesten<\/td>\n<td>Je een avond aan de andere kant van de rivier wilt toevoegen<\/td>\n<\/tr>\n<\/tbody>\n<\/table>\n<\/div>\n<\/div><\/div><\/div><\/div><\/div><\/div><\/div><\/section><section class=\"l-section wpb_row height_huge color_alternate with_shape\"><div class=\"l-section-shape type_zigzag pos_top hor_flip\" style=\"height:3vmin;\"><svg xmlns=\"http:\/\/www.w3.org\/2000\/svg\" viewBox=\"0 0 64 8\" preserveAspectRatio=\"none\" width=\"100%\" height=\"100%\">\r\n\t<path fill=\"currentColor\" d=\"M64 8 L0 8 L0 0 L20 7.9 L40 3 L48 5 L64 0 Z\"\/>\r\n<\/svg><\/div><div class=\"l-section-shape type_zigzag pos_bottom\" style=\"height:3vmin;\"><svg xmlns=\"http:\/\/www.w3.org\/2000\/svg\" viewBox=\"0 0 64 8\" preserveAspectRatio=\"none\" width=\"100%\" height=\"100%\">\r\n\t<path fill=\"currentColor\" d=\"M64 8 L0 8 L0 0 L20 7.9 L40 3 L48 5 L64 0 Z\"\/>\r\n<\/svg><\/div><div class=\"l-section-h i-cf\"><div class=\"g-cols vc_row via_flex valign_top type_default stacking_default\"><div class=\"vc_col-sm-12 wpb_column vc_column_container\"><div class=\"vc_column-inner\"><div class=\"wpb_wrapper\"><div class=\"g-cols wpb_row via_flex valign_top type_default stacking_default\"><div class=\"vc_col-sm-6 wpb_column vc_column_container\"><div class=\"vc_column-inner\"><div class=\"wpb_wrapper\"><div class=\"wpb_text_column\"><div class=\"wpb_wrapper\"><h2 id=\"combinar\">Hoe je Bi\u00ebnnale en tablao combineert zonder van de reis een race te maken<\/h2>\n<h3>Optie 1: \u00e9\u00e9n avond Bi\u00ebnnale en een andere avond tablao<\/h3>\n<p>Dit is de eenvoudigste en waarschijnlijk meest aan te raden formule. Kies \u00e9\u00e9n of twee offici\u00eble producties die je echt interesseren en reserveer een andere avond voor een tablao. Zo kun je zonder haast het grote podiumformat vergelijken met de nabijheid van live flamenco.<\/p>\n<h3>Optie 2: Unieke Matinee + tablao in de middag of avond<\/h3>\n<p>De Unieke Matinees van San Luis de los Franceses beginnen rond het middaguur. Op die dagen kun je de rest van de dag vrijhouden om te eten, de stad te verkennen en later een tablao te reserveren zonder dat de ervaringen elkaar overlappen.<\/p>\n<\/div><\/div><\/div><\/div><\/div><div class=\"vc_col-sm-6 wpb_column vc_column_container\"><div class=\"vc_column-inner\"><div class=\"wpb_wrapper\"><div class=\"wpb_text_column\"><div class=\"wpb_wrapper\"><h2>Meer mogelijke combinaties<\/h2>\n<h3>Optie 3: gratis activiteit overdag + tablao<\/h3>\n<p>Het nevenprogramma omvat gratis activiteiten of evenementen waarvoor vooraf reserveren nodig is. Een tentoonstelling, workshop of activiteit overdag combineren met een tablao \u2019s avonds kan een volledige flamencodag opleveren zonder afhankelijk te zijn van een grote offici\u00eble productie.<\/p>\n<h3>Optie 4: als je offici\u00eble voorstelling is uitverkocht<\/h3>\n<p>Als de voorstelling die je wilde zien geen plaatsen meer heeft, is de tablao niet langer alleen een aanvulling en kan hij de hoofdoptie van die avond worden. Dan moet werkelijke beschikbaarheid vooropstaan: kijk eerst welke locaties nog plaatsen hebben en vergelijk daarna ligging en format.<\/p>\n<\/div><\/div><\/div><\/div><\/div><\/div><div class=\"w-separator size_medium\"><\/div><div class=\"w-hwrapper valign_top wrap stack_on_mobiles align_center\" style=\"--hwrapper-gap:1.2rem\"><div class=\"w-btn-wrapper align_none\"><a class=\"w-btn us-btn-style_1\" href=\"https:\/\/www.tablaosflamencos.com\/nl\/flamencobiennale-uitverkocht-flamenco-vanavond-sevilla.html\"><span class=\"w-btn-label\">Wat te doen als de Bi\u00ebnnale is uitverkocht<\/span><\/a><\/div><div class=\"w-btn-wrapper align_none\"><a class=\"w-btn us-btn-style_1\" href=\"https:\/\/www.tablaosflamencos.com\/nl\/flamencobiennale-sevilla-2026-gratis.html\"><span class=\"w-btn-label\">Bekijk gratis activiteiten<\/span><\/a><\/div><\/div><\/div><\/div><\/div><\/div><\/div><\/section><section class=\"l-section wpb_row height_huge\"><div class=\"l-section-h i-cf\"><div class=\"g-cols vc_row via_flex valign_top type_default stacking_default\"><div class=\"vc_col-sm-6 wpb_column vc_column_container\"><div class=\"vc_column-inner\"><div class=\"wpb_wrapper\"><div class=\"wpb_text_column\"><div class=\"wpb_wrapper\"><h2 id=\"elegir\">Wat te kiezen op basis van het soort ervaring dat je zoekt<\/h2>\n<ul>\n<li><strong>Flexibele tijden:<\/strong> bekijk eerst de opties met meerdere dagelijkse voorstellingen in het centrum.<\/li>\n<li><strong>Een bijzonder kleine zaal:<\/strong> Casa Duende werkt op een zeer intieme schaal.<\/li>\n<li><strong>Architectuur en historische sfeer:<\/strong> Casa Inquieta voegt de setting van een 19e-eeuws stadspaleis toe.<\/li>\n<li><strong>Flamenco + gastronomie:<\/strong> La Cantaora laat je de voorstelling combineren met verschillende maaltijd- of dineropties.<\/li>\n<li><strong>Een plan na een bezoek aan Alc\u00e1zar en Santa Cruz:<\/strong> El Jard\u00edn de Murillo beperkt verplaatsingen en houdt de hele dag in het historische centrum.<\/li>\n<li><strong>Een avond in Triana:<\/strong> Tablao Flamenco Triana combineert een wandeling door de wijk met een voorstelling in hetzelfde gebied.<\/li>\n<\/ul>\n<p>De keuze zou niet alleen moeten afhangen van welke plek \u201chet beste\u201d lijkt. Tijdens de Bi\u00ebnnale is de vraag groot, waardoor een realistische combinatie van <strong>beschikbaarheid + gebied + tijd + type ervaring<\/strong> meestal een veel bevredigender plan oplevert dan je op \u00e9\u00e9n enkele naam te richten.<\/p>\n<\/div><\/div><\/div><\/div><\/div><div class=\"vc_col-sm-6 wpb_column vc_column_container\"><div class=\"vc_column-inner\"><div class=\"wpb_wrapper\"><div class=\"wpb_text_column\"><div class=\"wpb_wrapper\"><h2 id=\"reservar\">Tijdens de Bi\u00ebnnale is het ook verstandig tablaos te reserveren<\/h2>\n<p>De concentratie van liefhebbers, professionals en bezoekers in september zorgt ervoor dat de vraag naar flamenco in Sevilla veel hoger is dan normaal. Niet alleen offici\u00eble voorstellingen raken uitverkocht: ook bekende tablaos kunnen bepaalde tijden vullen, vooral in weekenden en op populaire avonduren.<\/p>\n<p>Als je al weet welke dag je vrij wilt houden voor een tablao, hoef je niet te wachten tot je in Sevilla bent. Controleer de beschikbaarheid, kies een tijd en reserveer. Dit is nog belangrijker bij zalen met beperkte capaciteit.<\/p>\n<p>Laat ook wat ruimte tussen verschillende plannen. Als je van een Biennalevoorstelling komt, houd rekening met de reistijd, het verlaten van de locatie en een ontspannen aankomst bij de tablao. 15\u201320 minuten voor aanvang aanwezig zijn is bij deze locaties een gebruikelijke aanbeveling.<\/p>\n<p>Als je nog niet weet welke tablao je wilt kiezen, begin dan het beste bij de pagina <strong>flamenco in Sevilla<\/strong>, beperk de opties op basis van de wijk en open alleen de locaties die op jouw datum beschikbaar zijn.<\/p>\n<\/div><\/div><div class=\"w-separator size_medium\"><\/div><div class=\"w-hwrapper valign_top wrap stack_on_mobiles align_center\" style=\"--hwrapper-gap:1.2rem\"><div class=\"w-btn-wrapper align_none\"><a class=\"w-btn us-btn-style_1\" href=\"https:\/\/www.tablaosflamencos.com\/nl\/flamenco-in-sevilla\"><span class=\"w-btn-label\">Vergelijk tablaos in Sevilla<\/span><\/a><\/div><div class=\"w-btn-wrapper align_none\"><a class=\"w-btn us-btn-style_1\" href=\"https:\/\/www.tablaosflamencos.com\/nl\/flamencobiennale-sevilla-2026-tickets-prijzen-kortingen.html\"><span class=\"w-btn-label\">Bi\u00ebnnale 2026: tickets, prijzen en kortingen<\/span><\/a><\/div><\/div><\/div><\/div><\/div><\/div><\/div><\/section><section class=\"l-section wpb_row height_huge color_alternate with_shape\"><div class=\"l-section-shape type_zigzag pos_top\" style=\"height:3vmin;\"><svg xmlns=\"http:\/\/www.w3.org\/2000\/svg\" viewBox=\"0 0 64 8\" preserveAspectRatio=\"none\" width=\"100%\" height=\"100%\">\r\n\t<path fill=\"currentColor\" d=\"M64 8 L0 8 L0 0 L20 7.9 L40 3 L48 5 L64 0 Z\"\/>\r\n<\/svg><\/div><div class=\"l-section-shape type_zigzag pos_bottom\" style=\"height:3vmin;\"><svg xmlns=\"http:\/\/www.w3.org\/2000\/svg\" viewBox=\"0 0 64 8\" preserveAspectRatio=\"none\" width=\"100%\" height=\"100%\">\r\n\t<path fill=\"currentColor\" d=\"M64 8 L0 8 L0 0 L20 7.9 L40 3 L48 5 L64 0 Z\"\/>\r\n<\/svg><\/div><div class=\"l-section-h i-cf\"><div class=\"g-cols vc_row via_flex valign_top type_default stacking_default\"><div class=\"vc_col-sm-12 wpb_column vc_column_container\"><div class=\"vc_column-inner\"><div class=\"wpb_wrapper\"><div class=\"wpb_text_column\"><div class=\"wpb_wrapper\"><h2 style=\"text-align: center;\">De beste flamencobeleving in Sevilla hoeft niet beperkt te blijven tot het offici\u00eble programma<\/h2>\n<p style=\"text-align: center;\">De Flamencobi\u00ebnnale is juist uitzonderlijk omdat ze in enkele weken een hoeveelheid creatie samenbrengt die op andere momenten moeilijk te vinden is. Tegelijkertijd houdt Sevilla zijn netwerk van tablaos, zalen en vaste voorstellingen actief.<\/p>\n<p style=\"text-align: center;\">Door beide formats te combineren begrijp je de stad beter: op de ene dag zie je een grote productie die is bedacht voor Maestranza, Lope de Vega of een historische locatie; op een andere avond zit je op slechts enkele meters van een cantaor, een gitaar en een dans zonder dat een grote scenische productie nodig is.<\/p>\n<p style=\"text-align: center;\"><strong>Het gaat er niet om te kiezen tussen Bi\u00ebnnale of tablao. In september 2026 kan juist het beleven van beide het interessantst zijn.<\/strong><\/p>\n<\/div><\/div><\/div><\/div><\/div><\/div><\/div><\/section><section class=\"l-section wpb_row height_huge with_shape\"><div class=\"l-section-shape type_zigzag pos_bottom\" style=\"height:3vmin;\"><svg xmlns=\"http:\/\/www.w3.org\/2000\/svg\" viewBox=\"0 0 64 8\" preserveAspectRatio=\"none\" width=\"100%\" height=\"100%\">\r\n\t<path fill=\"currentColor\" d=\"M64 8 L0 8 L0 0 L20 7.9 L40 3 L48 5 L64 0 Z\"\/>\r\n<\/svg><\/div><div class=\"l-section-h i-cf\"><div class=\"g-cols vc_row via_flex valign_top type_default stacking_default\"><div class=\"vc_col-sm-1\/5 wpb_column vc_column_container\"><div class=\"vc_column-inner\"><div class=\"wpb_wrapper\"><\/div><\/div><\/div><div class=\"vc_col-sm-3\/5 wpb_column vc_column_container\"><div class=\"vc_column-inner\"><div class=\"wpb_wrapper\"><div class=\"wpb_text_column\"><div class=\"wpb_wrapper\"><h2 id=\"faq\" style=\"text-align: center;\">Veelgestelde vragen over waar je tijdens de Bi\u00ebnnale flamenco in Sevilla ziet<\/h2>\n<\/div><\/div><div class=\"w-separator size_medium\"><\/div><div class=\"w-tabs accordion toggle_style_1 has_scrolling\" style=\"--sections-title-size:inherit;--sections-gap:0.5rem;\"><div class=\"w-tabs-sections titles-align_none icon_chevron cpos_right\"><div class=\"w-tabs-section\" id=\"pfe2\"><button type=\"button\" class=\"w-tabs-section-header\" aria-controls=\"content-pfe2\" aria-expanded=\"false\"><div class=\"w-tabs-section-title\">Kun je in Sevilla flamenco zien buiten het offici\u00eble programma van de Bi\u00ebnnale?<\/div><div class=\"w-tabs-section-control\"><\/div><\/button><div  class=\"w-tabs-section-content\" id=\"content-pfe2\"><div class=\"w-tabs-section-content-h i-cf\"><div class=\"wpb_text_column\"><div class=\"wpb_wrapper\"><p>Ja. De flamencotablaos van Sevilla behouden tijdens de Bi\u00ebnnale hun vaste programma. Je kunt voorstellingen met cante, gitaar en dans reserveren in het centrum, Santa Cruz, Arenal, Plaza Nueva, Triana en andere delen van de stad.<\/p>\n<\/div><\/div><\/div><\/div><\/div><div class=\"w-tabs-section\" id=\"v0d4\"><button type=\"button\" class=\"w-tabs-section-header\" aria-controls=\"content-v0d4\" aria-expanded=\"false\"><div class=\"w-tabs-section-title\">Is het beter om de Bi\u00ebnnale of een tablao te zien?<\/div><div class=\"w-tabs-section-control\"><\/div><\/button><div  class=\"w-tabs-section-content\" id=\"content-v0d4\"><div class=\"w-tabs-section-content-h i-cf\"><div class=\"wpb_text_column\"><div class=\"wpb_wrapper\"><p>Het zijn verschillende ervaringen. De Bi\u00ebnnale valt op door grote producties, premi\u00e8res en projecten die voor specifieke locaties zijn ontworpen; de tablao biedt nabijheid, een kleiner format en een directere relatie tussen artiesten en publiek. Als je reis het toelaat, geeft de combinatie van beide de meest complete ervaring.<\/p>\n<\/div><\/div><\/div><\/div><\/div><div class=\"w-tabs-section\" id=\"z1c3\"><button type=\"button\" class=\"w-tabs-section-header\" aria-controls=\"content-z1c3\" aria-expanded=\"false\"><div class=\"w-tabs-section-title\">Welke tablao ligt handig als ik Santa Cruz en het Alc\u00e1zar bezoek?<\/div><div class=\"w-tabs-section-control\"><\/div><\/button><div  class=\"w-tabs-section-content\" id=\"content-z1c3\"><div class=\"w-tabs-section-content-h i-cf\"><div class=\"wpb_text_column\"><div class=\"wpb_wrapper\"><p>El Jard\u00edn de Murillo ligt aan Paseo de Catalina de Ribera en heel dicht bij de wijk Santa Cruz, het Alc\u00e1zar, de Kathedraal en de Giralda. Daardoor is het bijzonder handig als je de hele dag in het historische centrum wilt blijven.<\/p>\n<\/div><\/div><\/div><\/div><\/div><div class=\"w-tabs-section\" id=\"z2a9\"><button type=\"button\" class=\"w-tabs-section-header\" aria-controls=\"content-z2a9\" aria-expanded=\"false\"><div class=\"w-tabs-section-title\">Waar kan ik tijdens de Bi\u00ebnnale flamenco in Triana zien?<\/div><div class=\"w-tabs-section-control\"><\/div><\/button><div  class=\"w-tabs-section-content\" id=\"content-z2a9\"><div class=\"w-tabs-section-content-h i-cf\"><div class=\"wpb_text_column\"><div class=\"wpb_wrapper\"><p>Triana heeft een stabiel flamenco-aanbod. Tablao Flamenco Triana aan Calle Pureza is een van de beschikbare opties, en onze pagina over flamenco in Triana verzamelt alternatieven die je per datum kunt vergelijken.<\/p>\n<\/div><\/div><\/div><\/div><\/div><div class=\"w-tabs-section\" id=\"f383\"><button type=\"button\" class=\"w-tabs-section-header\" aria-controls=\"content-f383\" aria-expanded=\"false\"><div class=\"w-tabs-section-title\">Zijn er tablaos met diner tijdens de Bi\u00ebnnale?<\/div><div class=\"w-tabs-section-control\"><\/div><\/button><div  class=\"w-tabs-section-content\" id=\"content-f383\"><div class=\"w-tabs-section-content-h i-cf\"><div class=\"wpb_text_column\"><div class=\"wpb_wrapper\"><p>Ja. Sommige formules bevatten tapas, proeverijen, drankjes of een volledig diner. La Cantaora biedt bijvoorbeeld opties waarmee je voorstelling en gastronomie in \u00e9\u00e9n reservering combineert.<\/p>\n<\/div><\/div><\/div><\/div><\/div><div class=\"w-tabs-section\" id=\"r44a\"><button type=\"button\" class=\"w-tabs-section-header\" aria-controls=\"content-r44a\" aria-expanded=\"false\"><div class=\"w-tabs-section-title\">Hoe lang duurt een tablaovoorstelling in Sevilla meestal?<\/div><div class=\"w-tabs-section-control\"><\/div><\/button><div  class=\"w-tabs-section-content\" id=\"content-r44a\"><div class=\"w-tabs-section-content-h i-cf\"><div class=\"wpb_text_column\"><div class=\"wpb_wrapper\"><p>Veel van de voorstellingen in deze gids duren ongeveer 50 tot 60 minuten. De exacte duur hangt af van de tablao en de geboekte formule, dus controleer altijd de beschrijving voordat je koopt.<\/p>\n<\/div><\/div><\/div><\/div><\/div><div class=\"w-tabs-section\" id=\"n52c\"><button type=\"button\" class=\"w-tabs-section-header\" aria-controls=\"content-n52c\" aria-expanded=\"false\"><div class=\"w-tabs-section-title\">Kan ik naar een tablao als mijn Biennalevoorstelling is uitverkocht?<\/div><div class=\"w-tabs-section-control\"><\/div><\/button><div  class=\"w-tabs-section-content\" id=\"content-n52c\"><div class=\"w-tabs-section-content-h i-cf\"><div class=\"wpb_text_column\"><div class=\"wpb_wrapper\"><p>Ja. Controleer eerst of er een andere offici\u00eble voorstelling met beschikbare plaatsen is. Als niets past, is een tablao met beschikbaarheid die avond een directe optie en vooral een andere manier om flamenco te beleven, geen verkleinde kopie van de voorstelling die je hebt gemist.<\/p>\n<\/div><\/div><\/div><\/div><\/div><div class=\"w-tabs-section\" id=\"c62c\"><button type=\"button\" class=\"w-tabs-section-header\" aria-controls=\"content-c62c\" aria-expanded=\"false\"><div class=\"w-tabs-section-title\">Moet ik een tablao tijdens de Bi\u00ebnnale vooraf reserveren?<\/div><div class=\"w-tabs-section-control\"><\/div><\/button><div  class=\"w-tabs-section-content\" id=\"content-c62c\"><div class=\"w-tabs-section-content-h i-cf\"><div class=\"wpb_text_column\"><div class=\"wpb_wrapper\"><p>Ja. In september is de vraag naar flamenco in Sevilla uitzonderlijk groot en kleinere zalen kunnen bepaalde voorstellingen uitverkopen. Als je de datum al weet, is het verstandig de beschikbaarheid te controleren en te reserveren.<\/p>\n<\/div><\/div><\/div><\/div><\/div><div class=\"w-tabs-section\" id=\"m6fe\"><button type=\"button\" class=\"w-tabs-section-header\" aria-controls=\"content-m6fe\" aria-expanded=\"false\"><div class=\"w-tabs-section-title\">Kun je op dezelfde dag een Unieke Matinee en een tablao combineren?<\/div><div class=\"w-tabs-section-control\"><\/div><\/button><div  class=\"w-tabs-section-content\" id=\"content-m6fe\"><div class=\"w-tabs-section-content-h i-cf\"><div class=\"wpb_text_column\"><div class=\"wpb_wrapper\"><p>Ja. De Unieke Matinees vinden rond het middaguur plaats, waardoor er daarna tijd is om te eten, de stad te verkennen en later een tablao te bezoeken. Het is een van de makkelijkste combinaties voor een volledige flamencodag zonder twee avondvoorstellingen achter elkaar.<\/p>\n<\/div><\/div><\/div><\/div><\/div><div class=\"w-tabs-section\" id=\"h7bf\"><button type=\"button\" class=\"w-tabs-section-header\" aria-controls=\"content-h7bf\" aria-expanded=\"false\"><div class=\"w-tabs-section-title\">Waar kan ik tablaos en beschikbaarheid in Sevilla vergelijken?<\/div><div class=\"w-tabs-section-control\"><\/div><\/button><div  class=\"w-tabs-section-content\" id=\"content-h7bf\"><div class=\"w-tabs-section-content-h i-cf\"><div class=\"wpb_text_column\"><div class=\"wpb_wrapper\"><p>Op de pagina Flamenco in Sevilla van Tablaos Flamencos kun je de beschikbare opties in de stad bekijken, de pagina van elke locatie openen en format, ligging en beschikbaarheid vergelijken voordat je reserveert.<\/p>\n<\/div><\/div><\/div><\/div><\/div><\/div><\/div><\/div><\/div><\/div><div class=\"vc_col-sm-1\/5 wpb_column vc_column_container\"><div class=\"vc_column-inner\"><div class=\"wpb_wrapper\"><\/div><\/div><\/div><\/div><\/div><\/section>\n","protected":false},"excerpt":{"rendered":"<p>Gids voor flamenco in Sevilla tijdens de Flamencobi\u00ebnnale 2026 buiten het offici\u00eble programma: tablaos, wijken, formats en hoe je beide ervaringen combineert.<\/p>\n","protected":false},"author":1,"featured_media":14269,"comment_status":"closed","ping_status":"closed","sticky":false,"template":"","format":"standard","meta":{"_acf_changed":false,"wpai_generated_summary":"","_ayudawp_aiss_exclude":false,"_ayudawp_aiss_exclude_summary":false,"_ayudawp_aiss_summary":"","_ayudawp_aiss_summary_provider":"","_ayudawp_aiss_summary_hash":"","footnotes":""},"categories":[1432],"tags":[1227,1228,1229,1230,1133,423,1231],"class_list":["post-14287","post","type-post","status-publish","format-standard","has-post-thumbnail","hentry","category-flamencobiennale","tag-agenda-flamenca","tag-bienal-2026","tag-bienal-de-flamenco","tag-festivales-flamencos","tag-flamenco-en-sevilla","tag-sevilla","tag-tablaos-de-sevilla"],"acf":[],"yoast_head":"<!-- This site is optimized with the Yoast SEO Premium plugin v28.4 (Yoast SEO v28.4) - https:\/\/yoast.com\/product\/yoast-seo-premium-wordpress\/ -->\n<title>Flamenco in Sevilla tijdens de Bi\u00ebnnale 2026: waar zien<\/title>\n<meta name=\"description\" content=\"Waar flamenco te zien in Sevilla tijdens de Flamencobi\u00ebnnale 2026 buiten het offici\u00eble programma: tablaos, wijken, formats en slimme combinaties.\" \/>\n<meta name=\"robots\" content=\"index, follow, max-snippet:-1, max-image-preview:large, max-video-preview:-1\" \/>\n<link rel=\"canonical\" href=\"https:\/\/www.tablaosflamencos.com\/nl\/flamenco-sevilla-biennale-2026-shows-buiten-officieel-programma.html\" \/>\n<meta property=\"og:locale\" content=\"nl_NL\" \/>\n<meta property=\"og:type\" content=\"article\" \/>\n<meta property=\"og:title\" content=\"Flamenco in Sevilla tijdens de Bi\u00ebnnale: waar je voorstellingen buiten het offici\u00eble programma ziet\" \/>\n<meta property=\"og:description\" content=\"Waar flamenco te zien in Sevilla tijdens de Flamencobi\u00ebnnale 2026 buiten het offici\u00eble programma: tablaos, wijken, formats en slimme combinaties.\" \/>\n<meta property=\"og:url\" content=\"https:\/\/www.tablaosflamencos.com\/nl\/flamenco-sevilla-biennale-2026-shows-buiten-officieel-programma.html\" \/>\n<meta property=\"og:site_name\" content=\"Tablaos Flamencos\" \/>\n<meta property=\"article:publisher\" content=\"https:\/\/www.facebook.com\/tablaosflamencos\" \/>\n<meta property=\"article:published_time\" content=\"2026-09-03T20:54:58+00:00\" \/>\n<meta property=\"article:modified_time\" content=\"2026-09-03T21:48:36+00:00\" \/>\n<meta property=\"og:image\" content=\"https:\/\/www.tablaosflamencos.com\/wp-content\/uploads\/flamenco-en-sevilla-durante-la-bienal-donde-ver-espectaculos-ademas-de-la-programacion-oficial-01.webp\" \/>\n\t<meta property=\"og:image:width\" content=\"1672\" \/>\n\t<meta property=\"og:image:height\" content=\"941\" \/>\n\t<meta property=\"og:image:type\" content=\"image\/webp\" \/>\n<meta name=\"author\" content=\"Miguel Ortiz\" \/>\n<meta name=\"twitter:card\" content=\"summary_large_image\" \/>\n<meta name=\"twitter:creator\" content=\"@tablaosflamenco\" \/>\n<meta name=\"twitter:site\" content=\"@tablaosflamenco\" \/>\n<meta name=\"twitter:label1\" content=\"Geschreven door\" \/>\n\t<meta name=\"twitter:data1\" content=\"Miguel Ortiz\" \/>\n\t<meta name=\"twitter:label2\" content=\"Geschatte leestijd\" \/>\n\t<meta name=\"twitter:data2\" content=\"19 minuten\" \/>\n<script type=\"application\/ld+json\" class=\"yoast-schema-graph\">{\"@context\":\"https:\\\/\\\/schema.org\",\"@graph\":[{\"@type\":\"Article\",\"@id\":\"https:\\\/\\\/www.tablaosflamencos.com\\\/nl\\\/flamenco-sevilla-biennale-2026-shows-buiten-officieel-programma.html#article\",\"isPartOf\":{\"@id\":\"https:\\\/\\\/www.tablaosflamencos.com\\\/nl\\\/flamenco-sevilla-biennale-2026-shows-buiten-officieel-programma.html\"},\"author\":{\"name\":\"Miguel Ortiz\",\"@id\":\"https:\\\/\\\/www.tablaosflamencos.com\\\/nl#\\\/schema\\\/person\\\/e7a9ebe14eb75a52ceabfbffb3c54f5d\"},\"headline\":\"Flamenco in Sevilla tijdens de Bi\u00ebnnale: waar je voorstellingen buiten het offici\u00eble programma ziet\",\"datePublished\":\"2026-09-03T20:54:58+00:00\",\"dateModified\":\"2026-09-03T21:48:36+00:00\",\"mainEntityOfPage\":{\"@id\":\"https:\\\/\\\/www.tablaosflamencos.com\\\/nl\\\/flamenco-sevilla-biennale-2026-shows-buiten-officieel-programma.html\"},\"wordCount\":3760,\"publisher\":{\"@id\":\"https:\\\/\\\/www.tablaosflamencos.com\\\/nl#organization\"},\"image\":{\"@id\":\"https:\\\/\\\/www.tablaosflamencos.com\\\/nl\\\/flamenco-sevilla-biennale-2026-shows-buiten-officieel-programma.html#primaryimage\"},\"thumbnailUrl\":\"https:\\\/\\\/www.tablaosflamencos.com\\\/wp-content\\\/uploads\\\/flamenco-en-sevilla-durante-la-bienal-donde-ver-espectaculos-ademas-de-la-programacion-oficial-01.webp\",\"keywords\":[\"agenda flamenca\",\"Bienal 2026\",\"Bienal de Flamenco\",\"festivales flamencos\",\"flamenco en Sevilla\",\"sevilla\",\"tablaos de Sevilla\"],\"articleSection\":[\"Flamencobi\u00ebnnale\"],\"inLanguage\":\"nl-NL\"},{\"@type\":\"WebPage\",\"@id\":\"https:\\\/\\\/www.tablaosflamencos.com\\\/nl\\\/flamenco-sevilla-biennale-2026-shows-buiten-officieel-programma.html\",\"url\":\"https:\\\/\\\/www.tablaosflamencos.com\\\/nl\\\/flamenco-sevilla-biennale-2026-shows-buiten-officieel-programma.html\",\"name\":\"Flamenco in Sevilla tijdens de Bi\u00ebnnale 2026: waar zien\",\"isPartOf\":{\"@id\":\"https:\\\/\\\/www.tablaosflamencos.com\\\/nl#website\"},\"primaryImageOfPage\":{\"@id\":\"https:\\\/\\\/www.tablaosflamencos.com\\\/nl\\\/flamenco-sevilla-biennale-2026-shows-buiten-officieel-programma.html#primaryimage\"},\"image\":{\"@id\":\"https:\\\/\\\/www.tablaosflamencos.com\\\/nl\\\/flamenco-sevilla-biennale-2026-shows-buiten-officieel-programma.html#primaryimage\"},\"thumbnailUrl\":\"https:\\\/\\\/www.tablaosflamencos.com\\\/wp-content\\\/uploads\\\/flamenco-en-sevilla-durante-la-bienal-donde-ver-espectaculos-ademas-de-la-programacion-oficial-01.webp\",\"datePublished\":\"2026-09-03T20:54:58+00:00\",\"dateModified\":\"2026-09-03T21:48:36+00:00\",\"description\":\"Waar flamenco te zien in Sevilla tijdens de Flamencobi\u00ebnnale 2026 buiten het offici\u00eble programma: tablaos, wijken, formats en slimme combinaties.\",\"breadcrumb\":{\"@id\":\"https:\\\/\\\/www.tablaosflamencos.com\\\/nl\\\/flamenco-sevilla-biennale-2026-shows-buiten-officieel-programma.html#breadcrumb\"},\"inLanguage\":\"nl-NL\",\"potentialAction\":[{\"@type\":\"ReadAction\",\"target\":[\"https:\\\/\\\/www.tablaosflamencos.com\\\/nl\\\/flamenco-sevilla-biennale-2026-shows-buiten-officieel-programma.html\"]}]},{\"@type\":\"ImageObject\",\"inLanguage\":\"nl-NL\",\"@id\":\"https:\\\/\\\/www.tablaosflamencos.com\\\/nl\\\/flamenco-sevilla-biennale-2026-shows-buiten-officieel-programma.html#primaryimage\",\"url\":\"https:\\\/\\\/www.tablaosflamencos.com\\\/wp-content\\\/uploads\\\/flamenco-en-sevilla-durante-la-bienal-donde-ver-espectaculos-ademas-de-la-programacion-oficial-01.webp\",\"contentUrl\":\"https:\\\/\\\/www.tablaosflamencos.com\\\/wp-content\\\/uploads\\\/flamenco-en-sevilla-durante-la-bienal-donde-ver-espectaculos-ademas-de-la-programacion-oficial-01.webp\",\"width\":1672,\"height\":941,\"caption\":\"Flamenco en Sevilla durante la Bienal: d\u00f3nde ver espect\u00e1culos adem\u00e1s de la programaci\u00f3n oficial\"},{\"@type\":\"BreadcrumbList\",\"@id\":\"https:\\\/\\\/www.tablaosflamencos.com\\\/nl\\\/flamenco-sevilla-biennale-2026-shows-buiten-officieel-programma.html#breadcrumb\",\"itemListElement\":[{\"@type\":\"ListItem\",\"position\":1,\"name\":\"Home\",\"item\":\"https:\\\/\\\/www.tablaosflamencos.com\\\/nl\"},{\"@type\":\"ListItem\",\"position\":2,\"name\":\"Flamenco in Sevilla tijdens de Bi\u00ebnnale: waar je voorstellingen buiten het offici\u00eble programma ziet\"}]},{\"@type\":\"WebSite\",\"@id\":\"https:\\\/\\\/www.tablaosflamencos.com\\\/nl#website\",\"url\":\"https:\\\/\\\/www.tablaosflamencos.com\\\/nl\",\"name\":\"Tablaos Flamencos\",\"description\":\"Entradas para tablaos flamencos de Espa\u00f1a\",\"publisher\":{\"@id\":\"https:\\\/\\\/www.tablaosflamencos.com\\\/nl#organization\"},\"alternateName\":\"Tablaos Flamencos\",\"potentialAction\":[{\"@type\":\"SearchAction\",\"target\":{\"@type\":\"EntryPoint\",\"urlTemplate\":\"https:\\\/\\\/www.tablaosflamencos.com\\\/nl?s={search_term_string}\"},\"query-input\":{\"@type\":\"PropertyValueSpecification\",\"valueRequired\":true,\"valueName\":\"search_term_string\"}}],\"inLanguage\":\"nl-NL\"},{\"@type\":[\"Organization\",\"Place\",\"EntertainmentBusiness\"],\"@id\":\"https:\\\/\\\/www.tablaosflamencos.com\\\/nl#organization\",\"name\":\"Tablaos Flamencos\",\"alternateName\":\"Tablaos Flamencos\",\"url\":\"https:\\\/\\\/www.tablaosflamencos.com\\\/nl\",\"logo\":{\"@id\":\"https:\\\/\\\/www.tablaosflamencos.com\\\/nl\\\/flamenco-sevilla-biennale-2026-shows-buiten-officieel-programma.html#local-main-organization-logo\"},\"image\":{\"@id\":\"https:\\\/\\\/www.tablaosflamencos.com\\\/nl\\\/flamenco-sevilla-biennale-2026-shows-buiten-officieel-programma.html#local-main-organization-logo\"},\"sameAs\":[\"https:\\\/\\\/www.facebook.com\\\/tablaosflamencos\",\"https:\\\/\\\/x.com\\\/tablaosflamenco\",\"https:\\\/\\\/mastodon.social\\\/@tablaosflamencos\",\"https:\\\/\\\/www.instagram.com\\\/tablaosflamencos\",\"https:\\\/\\\/tiktok.com\\\/@tablaosflamencos\",\"https:\\\/\\\/www.linkedin.com\\\/company\\\/109408238\\\/\"],\"description\":\"Venta de entradas para espect\u00e1culos flamencos\",\"legalName\":\"Tablaos Flamencos\",\"foundingDate\":\"2015-01-01\",\"numberOfEmployees\":{\"@type\":\"QuantitativeValue\",\"minValue\":\"1\",\"maxValue\":\"10\"},\"address\":{\"@id\":\"https:\\\/\\\/www.tablaosflamencos.com\\\/nl\\\/flamenco-sevilla-biennale-2026-shows-buiten-officieel-programma.html#local-main-place-address\"},\"geo\":{\"@type\":\"GeoCoordinates\",\"latitude\":\"37.3868072\",\"longitude\":\"-5.993280299999999\"},\"telephone\":[\"+34623787787\"],\"contactPoint\":{\"@type\":\"ContactPoint\",\"telephone\":\"+34623787787\",\"email\":\"info@tablaosflamencos.com\"},\"openingHoursSpecification\":{\"@type\":\"OpeningHoursSpecification\",\"dayOfWeek\":[\"Monday\",\"Tuesday\",\"Wednesday\",\"Thursday\",\"Friday\",\"Saturday\",\"Sunday\"],\"opens\":\"00:00\",\"closes\":\"23:59\"},\"email\":\"info@tablaosflamencos.com\",\"priceRange\":\"$$$\",\"currenciesAccepted\":\"\u20ac\"},{\"@type\":\"Person\",\"@id\":\"https:\\\/\\\/www.tablaosflamencos.com\\\/nl#\\\/schema\\\/person\\\/e7a9ebe14eb75a52ceabfbffb3c54f5d\",\"name\":\"Miguel Ortiz\",\"description\":\"Miguel Ortiz es un empresario flamenco, con una s\u00f3lida trayectoria dentro del sector. Ha presidido entidades culturales vinculadas al flamenco y, cuenta con un amplio recorrido profesional en la gesti\u00f3n y promoci\u00f3n de espect\u00e1culos y tablaos flamencos. Su pasi\u00f3n por la historia y el arte flamenco se refleja en cada art\u00edculo, donde combina experiencia, criterio y un profundo respeto por la tradici\u00f3n.\",\"sameAs\":[\"https:\\\/\\\/www.tablaosflamencos.com\",\"https:\\\/\\\/www.instagra.com\\\/miguelortizfe\",\"https:\\\/\\\/www.linkedin.com\\\/in\\\/miguelortizf\\\/\"],\"birthDate\":\"1984-11-22\",\"gender\":\"hombre\",\"knowsLanguage\":[\"espa\u00f1ol\",\"ingl\u00e9s\"],\"jobTitle\":\"Empresario flamenco\"},{\"@type\":\"PostalAddress\",\"@id\":\"https:\\\/\\\/www.tablaosflamencos.com\\\/nl\\\/flamenco-sevilla-biennale-2026-shows-buiten-officieel-programma.html#local-main-place-address\",\"streetAddress\":\"C\\\/ Alemanes, 19\",\"addressLocality\":\"Sevilla\",\"postalCode\":\"41004\",\"addressRegion\":\"Sevilla\",\"addressCountry\":\"ES\"},{\"@type\":\"ImageObject\",\"inLanguage\":\"nl-NL\",\"@id\":\"https:\\\/\\\/www.tablaosflamencos.com\\\/nl\\\/flamenco-sevilla-biennale-2026-shows-buiten-officieel-programma.html#local-main-organization-logo\",\"url\":\"https:\\\/\\\/www.tablaosflamencos.com\\\/wp-content\\\/uploads\\\/tablaos-flamencos-06-3.webp\",\"contentUrl\":\"https:\\\/\\\/www.tablaosflamencos.com\\\/wp-content\\\/uploads\\\/tablaos-flamencos-06-3.webp\",\"width\":600,\"height\":620,\"caption\":\"Tablaos Flamencos\"}]}<\/script>\n<meta name=\"geo.placename\" content=\"Sevilla\" \/>\n<meta name=\"geo.position\" content=\"37.3868072;-5.993280299999999\" \/>\n<meta name=\"geo.region\" content=\"Spanje\" \/>\n<!-- \/ Yoast SEO Premium plugin. -->","yoast_head_json":{"title":"Flamenco in Sevilla tijdens de Bi\u00ebnnale 2026: waar zien","description":"Waar flamenco te zien in Sevilla tijdens de Flamencobi\u00ebnnale 2026 buiten het offici\u00eble programma: tablaos, wijken, formats en slimme combinaties.","robots":{"index":"index","follow":"follow","max-snippet":"max-snippet:-1","max-image-preview":"max-image-preview:large","max-video-preview":"max-video-preview:-1"},"canonical":"https:\/\/www.tablaosflamencos.com\/nl\/flamenco-sevilla-biennale-2026-shows-buiten-officieel-programma.html","og_locale":"nl_NL","og_type":"article","og_title":"Flamenco in Sevilla tijdens de Bi\u00ebnnale: waar je voorstellingen buiten het offici\u00eble programma ziet","og_description":"Waar flamenco te zien in Sevilla tijdens de Flamencobi\u00ebnnale 2026 buiten het offici\u00eble programma: tablaos, wijken, formats en slimme combinaties.","og_url":"https:\/\/www.tablaosflamencos.com\/nl\/flamenco-sevilla-biennale-2026-shows-buiten-officieel-programma.html","og_site_name":"Tablaos Flamencos","article_publisher":"https:\/\/www.facebook.com\/tablaosflamencos","article_published_time":"2026-09-03T20:54:58+00:00","article_modified_time":"2026-09-03T21:48:36+00:00","og_image":[{"width":1672,"height":941,"url":"https:\/\/www.tablaosflamencos.com\/wp-content\/uploads\/flamenco-en-sevilla-durante-la-bienal-donde-ver-espectaculos-ademas-de-la-programacion-oficial-01.webp","type":"image\/webp"}],"author":"Miguel Ortiz","twitter_card":"summary_large_image","twitter_creator":"@tablaosflamenco","twitter_site":"@tablaosflamenco","twitter_misc":{"Geschreven door":"Miguel Ortiz","Geschatte leestijd":"19 minuten"},"schema":{"@context":"https:\/\/schema.org","@graph":[{"@type":"Article","@id":"https:\/\/www.tablaosflamencos.com\/nl\/flamenco-sevilla-biennale-2026-shows-buiten-officieel-programma.html#article","isPartOf":{"@id":"https:\/\/www.tablaosflamencos.com\/nl\/flamenco-sevilla-biennale-2026-shows-buiten-officieel-programma.html"},"author":{"name":"Miguel Ortiz","@id":"https:\/\/www.tablaosflamencos.com\/nl#\/schema\/person\/e7a9ebe14eb75a52ceabfbffb3c54f5d"},"headline":"Flamenco in Sevilla tijdens de Bi\u00ebnnale: waar je voorstellingen buiten het offici\u00eble programma ziet","datePublished":"2026-09-03T20:54:58+00:00","dateModified":"2026-09-03T21:48:36+00:00","mainEntityOfPage":{"@id":"https:\/\/www.tablaosflamencos.com\/nl\/flamenco-sevilla-biennale-2026-shows-buiten-officieel-programma.html"},"wordCount":3760,"publisher":{"@id":"https:\/\/www.tablaosflamencos.com\/nl#organization"},"image":{"@id":"https:\/\/www.tablaosflamencos.com\/nl\/flamenco-sevilla-biennale-2026-shows-buiten-officieel-programma.html#primaryimage"},"thumbnailUrl":"https:\/\/www.tablaosflamencos.com\/wp-content\/uploads\/flamenco-en-sevilla-durante-la-bienal-donde-ver-espectaculos-ademas-de-la-programacion-oficial-01.webp","keywords":["agenda flamenca","Bienal 2026","Bienal de Flamenco","festivales flamencos","flamenco en Sevilla","sevilla","tablaos de Sevilla"],"articleSection":["Flamencobi\u00ebnnale"],"inLanguage":"nl-NL"},{"@type":"WebPage","@id":"https:\/\/www.tablaosflamencos.com\/nl\/flamenco-sevilla-biennale-2026-shows-buiten-officieel-programma.html","url":"https:\/\/www.tablaosflamencos.com\/nl\/flamenco-sevilla-biennale-2026-shows-buiten-officieel-programma.html","name":"Flamenco in Sevilla tijdens de Bi\u00ebnnale 2026: waar zien","isPartOf":{"@id":"https:\/\/www.tablaosflamencos.com\/nl#website"},"primaryImageOfPage":{"@id":"https:\/\/www.tablaosflamencos.com\/nl\/flamenco-sevilla-biennale-2026-shows-buiten-officieel-programma.html#primaryimage"},"image":{"@id":"https:\/\/www.tablaosflamencos.com\/nl\/flamenco-sevilla-biennale-2026-shows-buiten-officieel-programma.html#primaryimage"},"thumbnailUrl":"https:\/\/www.tablaosflamencos.com\/wp-content\/uploads\/flamenco-en-sevilla-durante-la-bienal-donde-ver-espectaculos-ademas-de-la-programacion-oficial-01.webp","datePublished":"2026-09-03T20:54:58+00:00","dateModified":"2026-09-03T21:48:36+00:00","description":"Waar flamenco te zien in Sevilla tijdens de Flamencobi\u00ebnnale 2026 buiten het offici\u00eble programma: tablaos, wijken, formats en slimme combinaties.","breadcrumb":{"@id":"https:\/\/www.tablaosflamencos.com\/nl\/flamenco-sevilla-biennale-2026-shows-buiten-officieel-programma.html#breadcrumb"},"inLanguage":"nl-NL","potentialAction":[{"@type":"ReadAction","target":["https:\/\/www.tablaosflamencos.com\/nl\/flamenco-sevilla-biennale-2026-shows-buiten-officieel-programma.html"]}]},{"@type":"ImageObject","inLanguage":"nl-NL","@id":"https:\/\/www.tablaosflamencos.com\/nl\/flamenco-sevilla-biennale-2026-shows-buiten-officieel-programma.html#primaryimage","url":"https:\/\/www.tablaosflamencos.com\/wp-content\/uploads\/flamenco-en-sevilla-durante-la-bienal-donde-ver-espectaculos-ademas-de-la-programacion-oficial-01.webp","contentUrl":"https:\/\/www.tablaosflamencos.com\/wp-content\/uploads\/flamenco-en-sevilla-durante-la-bienal-donde-ver-espectaculos-ademas-de-la-programacion-oficial-01.webp","width":1672,"height":941,"caption":"Flamenco en Sevilla durante la Bienal: d\u00f3nde ver espect\u00e1culos adem\u00e1s de la programaci\u00f3n oficial"},{"@type":"BreadcrumbList","@id":"https:\/\/www.tablaosflamencos.com\/nl\/flamenco-sevilla-biennale-2026-shows-buiten-officieel-programma.html#breadcrumb","itemListElement":[{"@type":"ListItem","position":1,"name":"Home","item":"https:\/\/www.tablaosflamencos.com\/nl"},{"@type":"ListItem","position":2,"name":"Flamenco in Sevilla tijdens de Bi\u00ebnnale: waar je voorstellingen buiten het offici\u00eble programma ziet"}]},{"@type":"WebSite","@id":"https:\/\/www.tablaosflamencos.com\/nl#website","url":"https:\/\/www.tablaosflamencos.com\/nl","name":"Tablaos Flamencos","description":"Entradas para tablaos flamencos de Espa\u00f1a","publisher":{"@id":"https:\/\/www.tablaosflamencos.com\/nl#organization"},"alternateName":"Tablaos Flamencos","potentialAction":[{"@type":"SearchAction","target":{"@type":"EntryPoint","urlTemplate":"https:\/\/www.tablaosflamencos.com\/nl?s={search_term_string}"},"query-input":{"@type":"PropertyValueSpecification","valueRequired":true,"valueName":"search_term_string"}}],"inLanguage":"nl-NL"},{"@type":["Organization","Place","EntertainmentBusiness"],"@id":"https:\/\/www.tablaosflamencos.com\/nl#organization","name":"Tablaos Flamencos","alternateName":"Tablaos Flamencos","url":"https:\/\/www.tablaosflamencos.com\/nl","logo":{"@id":"https:\/\/www.tablaosflamencos.com\/nl\/flamenco-sevilla-biennale-2026-shows-buiten-officieel-programma.html#local-main-organization-logo"},"image":{"@id":"https:\/\/www.tablaosflamencos.com\/nl\/flamenco-sevilla-biennale-2026-shows-buiten-officieel-programma.html#local-main-organization-logo"},"sameAs":["https:\/\/www.facebook.com\/tablaosflamencos","https:\/\/x.com\/tablaosflamenco","https:\/\/mastodon.social\/@tablaosflamencos","https:\/\/www.instagram.com\/tablaosflamencos","https:\/\/tiktok.com\/@tablaosflamencos","https:\/\/www.linkedin.com\/company\/109408238\/"],"description":"Venta de entradas para espect\u00e1culos flamencos","legalName":"Tablaos Flamencos","foundingDate":"2015-01-01","numberOfEmployees":{"@type":"QuantitativeValue","minValue":"1","maxValue":"10"},"address":{"@id":"https:\/\/www.tablaosflamencos.com\/nl\/flamenco-sevilla-biennale-2026-shows-buiten-officieel-programma.html#local-main-place-address"},"geo":{"@type":"GeoCoordinates","latitude":"37.3868072","longitude":"-5.993280299999999"},"telephone":["+34623787787"],"contactPoint":{"@type":"ContactPoint","telephone":"+34623787787","email":"info@tablaosflamencos.com"},"openingHoursSpecification":{"@type":"OpeningHoursSpecification","dayOfWeek":["Monday","Tuesday","Wednesday","Thursday","Friday","Saturday","Sunday"],"opens":"00:00","closes":"23:59"},"email":"info@tablaosflamencos.com","priceRange":"$$$","currenciesAccepted":"\u20ac"},{"@type":"Person","@id":"https:\/\/www.tablaosflamencos.com\/nl#\/schema\/person\/e7a9ebe14eb75a52ceabfbffb3c54f5d","name":"Miguel Ortiz","description":"Miguel Ortiz es un empresario flamenco, con una s\u00f3lida trayectoria dentro del sector. Ha presidido entidades culturales vinculadas al flamenco y, cuenta con un amplio recorrido profesional en la gesti\u00f3n y promoci\u00f3n de espect\u00e1culos y tablaos flamencos. Su pasi\u00f3n por la historia y el arte flamenco se refleja en cada art\u00edculo, donde combina experiencia, criterio y un profundo respeto por la tradici\u00f3n.","sameAs":["https:\/\/www.tablaosflamencos.com","https:\/\/www.instagra.com\/miguelortizfe","https:\/\/www.linkedin.com\/in\/miguelortizf\/"],"birthDate":"1984-11-22","gender":"hombre","knowsLanguage":["espa\u00f1ol","ingl\u00e9s"],"jobTitle":"Empresario flamenco"},{"@type":"PostalAddress","@id":"https:\/\/www.tablaosflamencos.com\/nl\/flamenco-sevilla-biennale-2026-shows-buiten-officieel-programma.html#local-main-place-address","streetAddress":"C\/ Alemanes, 19","addressLocality":"Sevilla","postalCode":"41004","addressRegion":"Sevilla","addressCountry":"ES"},{"@type":"ImageObject","inLanguage":"nl-NL","@id":"https:\/\/www.tablaosflamencos.com\/nl\/flamenco-sevilla-biennale-2026-shows-buiten-officieel-programma.html#local-main-organization-logo","url":"https:\/\/www.tablaosflamencos.com\/wp-content\/uploads\/tablaos-flamencos-06-3.webp","contentUrl":"https:\/\/www.tablaosflamencos.com\/wp-content\/uploads\/tablaos-flamencos-06-3.webp","width":600,"height":620,"caption":"Tablaos Flamencos"}]},"geo.placename":"Sevilla","geo.position":{"lat":"37.3868072","long":"-5.993280299999999"},"geo.region":"Spanje"},"_links":{"self":[{"href":"https:\/\/www.tablaosflamencos.com\/nl\/wp-json\/wp\/v2\/posts\/14287","targetHints":{"allow":["GET"]}}],"collection":[{"href":"https:\/\/www.tablaosflamencos.com\/nl\/wp-json\/wp\/v2\/posts"}],"about":[{"href":"https:\/\/www.tablaosflamencos.com\/nl\/wp-json\/wp\/v2\/types\/post"}],"author":[{"embeddable":true,"href":"https:\/\/www.tablaosflamencos.com\/nl\/wp-json\/wp\/v2\/users\/1"}],"replies":[{"embeddable":true,"href":"https:\/\/www.tablaosflamencos.com\/nl\/wp-json\/wp\/v2\/comments?post=14287"}],"version-history":[{"count":2,"href":"https:\/\/www.tablaosflamencos.com\/nl\/wp-json\/wp\/v2\/posts\/14287\/revisions"}],"predecessor-version":[{"id":14323,"href":"https:\/\/www.tablaosflamencos.com\/nl\/wp-json\/wp\/v2\/posts\/14287\/revisions\/14323"}],"wp:featuredmedia":[{"embeddable":true,"href":"https:\/\/www.tablaosflamencos.com\/nl\/wp-json\/wp\/v2\/media\/14269"}],"wp:attachment":[{"href":"https:\/\/www.tablaosflamencos.com\/nl\/wp-json\/wp\/v2\/media?parent=14287"}],"wp:term":[{"taxonomy":"category","embeddable":true,"href":"https:\/\/www.tablaosflamencos.com\/nl\/wp-json\/wp\/v2\/categories?post=14287"},{"taxonomy":"post_tag","embeddable":true,"href":"https:\/\/www.tablaosflamencos.com\/nl\/wp-json\/wp\/v2\/tags?post=14287"}],"curies":[{"name":"wp","href":"https:\/\/api.w.org\/{rel}","templated":true}]}}