{"id":14281,"date":"2026-09-03T23:17:01","date_gmt":"2026-09-03T21:17:01","guid":{"rendered":"https:\/\/www.tablaosflamencos.com\/?p=14281"},"modified":"2026-09-03T23:57:23","modified_gmt":"2026-09-03T21:57:23","slug":"flamencodans-biennale-sevilla-2026","status":"publish","type":"post","link":"https:\/\/www.tablaosflamencos.com\/nl\/flamencodans-biennale-sevilla-2026.html","title":{"rendered":"De dans op de Flamencobi\u00ebnnale 2026: van de grote namen tot de nieuwe generatie"},"content":{"rendered":"<section class=\"l-section wpb_row height_huge\"><div class=\"l-section-h i-cf\"><div class=\"g-cols vc_row via_flex valign_top type_default stacking_default\"><div class=\"vc_col-sm-6 wpb_column vc_column_container\"><div class=\"vc_column-inner\"><div class=\"wpb_wrapper\"><div class=\"wpb_text_column\"><div class=\"wpb_wrapper\"><h2>De dans op de Flamencobi\u00ebnnale 2026: van de grote namen tot de nieuwe generatie<\/h2>\n<p>De <strong>24e Flamencobi\u00ebnnale van Sevilla<\/strong> maakt dans tot een van de grote rode draden van het programma. Tussen <strong>9 september en 3 oktober 2026<\/strong>brengt de stad meer dan honderd flamencodansers samen in een editie die vrijwel de hele actuele kaart van de flamencodans bestrijkt: grote gezelschappen, dansrecitals, makers met een eigen signatuur, onderzoeksgerichte voorstellingen, hommages, ensembles en jonge artiesten die steeds nadrukkelijker het middelpunt van het podium innemen.<\/p>\n<p>De affiche is bijzonder breed. <strong>Sara Baras, Israel Galv\u00e1n, Manuel Li\u00f1\u00e1n, Farruquito, Andr\u00e9s Mar\u00edn, Olga Pericet, Ana Morales, Pastora Galv\u00e1n, David Coria, Alfonso Losa, Isabel Bay\u00f3n, Patricia Guerrero, Rafaela Carrasco en Mar\u00eda Moreno<\/strong> staan naast namen als <strong>Juan Tom\u00e1s de la Mol\u00eda, \u00c1gueda Saavedra en Sara Jim\u00e9nez<\/strong>, drie duidelijke voorbeelden van een generatie die niet langer alleen begeleidt, maar eigen creaties draagt.<\/p>\n<p>Deze gids ordent het programma om te begrijpen <strong>welke grote figuren deze editie bepalen, waar nieuwe talen ontstaan en welke voorstellingen de volgende generatie laten ontdekken<\/strong>.<\/p>\n<\/div><\/div><\/div><\/div><\/div><div class=\"vc_col-sm-6 wpb_column vc_column_container\"><div class=\"vc_column-inner\"><div class=\"wpb_wrapper\"><div class=\"wpb_text_column\"><div class=\"wpb_wrapper\"><h3>Een editie die volledig door beweging wordt gedragen<\/h3>\n<ul>\n<li><strong>Meer dan 100 flamencodansers<\/strong> in het volledige programma.<\/li>\n<li>Grote namen en winnaars van de Nationale Dansprijs.<\/li>\n<li>Wereldpremi\u00e8res in dans en podiumcreatie.<\/li>\n<li>Traditionele recitals naast hedendaagse talen.<\/li>\n<li>Gezelschappen, solisten en dansensembles.<\/li>\n<li>Debuten en eigen projecten van een nieuwe generatie.<\/li>\n<\/ul>\n<p><strong>Kernidee:<\/strong> de Bi\u00ebnnale 2026 geeft niet \u00e9\u00e9n definitie van flamencodans. Ze presenteert dans als een taal die een school kan bewaren, haar eigen geschiedenis opnieuw kan bekijken en zich tegelijk kan openen voor nieuwe podiumvormen.<\/p>\n<\/div><\/div><\/div><\/div><\/div><\/div><\/div><\/section><section class=\"l-section wpb_row height_huge color_alternate with_shape\"><div class=\"l-section-shape type_zigzag pos_top\" style=\"height:3vmin;\"><svg xmlns=\"http:\/\/www.w3.org\/2000\/svg\" viewBox=\"0 0 64 8\" preserveAspectRatio=\"none\" width=\"100%\" height=\"100%\">\r\n\t<path fill=\"currentColor\" d=\"M64 8 L0 8 L0 0 L20 7.9 L40 3 L48 5 L64 0 Z\"\/>\r\n<\/svg><\/div><div class=\"l-section-shape type_zigzag pos_bottom\" style=\"height:3vmin;\"><svg xmlns=\"http:\/\/www.w3.org\/2000\/svg\" viewBox=\"0 0 64 8\" preserveAspectRatio=\"none\" width=\"100%\" height=\"100%\">\r\n\t<path fill=\"currentColor\" d=\"M64 8 L0 8 L0 0 L20 7.9 L40 3 L48 5 L64 0 Z\"\/>\r\n<\/svg><\/div><div class=\"l-section-h i-cf\"><div class=\"g-cols vc_row via_flex valign_top type_default stacking_default\"><div class=\"vc_col-sm-6 wpb_column vc_column_container\"><div class=\"vc_column-inner\"><div class=\"wpb_wrapper\"><div class=\"wpb_text_column\"><div class=\"wpb_wrapper\"><blockquote>\n<p><strong>Kort antwoord:<\/strong> als je de dans op de Flamencobi\u00ebnnale Sevilla 2026 wilt volgen, zijn enkele van de belangrijkste voorstellingen Sara Baras met <em>Infinita<\/em>, Manuel Li\u00f1\u00e1n met <em>Bailaor@<\/em>, Olga Pericet met <em>Perspectivas sobre un baile sonoro<\/em>, Andr\u00e9s Mar\u00edn met <em>Desierto<\/em>, Israel Galv\u00e1n met <em>Bolero de blanco y negro<\/em>, Pastora Galv\u00e1n met <em>TRIBUsssh!<\/em>, Farruquito met <em>Ser\u00e1s Farruquito: el musical<\/em>, David Coria met <em>Babel. Torre viva<\/em> en Alfonso Losa met <em>Gesto m\u00ednimo<\/em>.<\/p>\n<\/blockquote>\n<\/div><\/div><\/div><\/div><\/div><div class=\"vc_col-sm-6 wpb_column vc_column_container\"><div class=\"vc_column-inner\"><div class=\"wpb_wrapper\"><div class=\"wpb_text_column\"><div class=\"wpb_wrapper\"><h3>Ook de nieuwe generatie staat centraal<\/h3>\n<p>Deze editie geeft een eigen plek aan <strong>Juan Tom\u00e1s de la Mol\u00eda en \u00c1gueda Saavedra<\/strong> met <em>Te atrevo<\/em>, en aan <strong>Sara Jim\u00e9nez<\/strong> met <em>La compa\u00f1\u00eda<\/em>. De generatiewissel is geen bijzaak in het programma, maar een van de belangrijkste manieren om deze editie te lezen.<\/p>\n<p><strong>Laatst bijgewerkt: 3 september 2026.<\/strong> Programma, tijden en ticketbeschikbaarheid kunnen wijzigen. Controleer altijd de offici\u00eble voorstellingspagina voordat je je bezoek plant.<\/p>\n<p><a href=\"https:\/\/www.tablaosflamencos.com\/bienal-flamenco-sevilla-2026.html\"><strong>Complete gids voor de Bi\u00ebnnale 2026<\/strong><\/a> \u00b7 <a href=\"https:\/\/www.tablaosflamencos.com\/grandes-estrenos-bienal-flamenco-sevilla-2026.html\"><strong>Grote premi\u00e8res<\/strong><\/a> \u00b7 <a href=\"https:\/\/www.labienal.com\/programa-general\" target=\"_blank\" rel=\"noopener\"><strong>Officieel programma<\/strong><\/a><\/p>\n<\/div><\/div><\/div><\/div><\/div><\/div><\/div><\/section><section class=\"l-section wpb_row height_huge\"><div class=\"l-section-h i-cf\"><div class=\"g-cols vc_row via_flex valign_top type_default stacking_default\"><div class=\"vc_col-sm-6 wpb_column vc_column_container\"><div class=\"vc_column-inner\"><div class=\"wpb_wrapper\"><div class=\"wpb_text_column\"><div class=\"wpb_wrapper\"><h2>Inhoud van deze gids<\/h2>\n<ul>\n<li><a href=\"#baile-mapa\">Een kaart van de flamencodans van nu<\/a><\/li>\n<li><a href=\"#grandes-figuras\">De grote namen<\/a><\/li>\n<li><a href=\"#otras-miradas\">Andere gevestigde perspectieven<\/a><\/li>\n<li><a href=\"#nueva-generacion\">De nieuwe generatie<\/a><\/li>\n<li><a href=\"#estrenos-baile\">De danspremi\u00e8res<\/a><\/li>\n<li><a href=\"#fechas-baile\">Belangrijke data<\/a><\/li>\n<li><a href=\"#espacios-baile\">Waar je de beste dans ziet<\/a><\/li>\n<li><a href=\"#elegir-baile\">Wat je kiest volgens je profiel<\/a><\/li>\n<li><a href=\"#faq-baile\">Veelgestelde vragen<\/a><\/li>\n<\/ul>\n<\/div><\/div><\/div><\/div><\/div><div class=\"vc_col-sm-6 wpb_column vc_column_container\"><div class=\"vc_column-inner\"><div class=\"wpb_wrapper\"><div class=\"wpb_text_column\"><div class=\"wpb_wrapper\"><h3>Hoe je het programma kunt lezen<\/h3>\n<p>Het heeft weinig zin om de dans van 2026 alleen te verdelen in \u2018traditie\u2019 en \u2018avant-garde\u2019. De Bi\u00ebnnale mengt scholen, formats en generaties. In \u00e9\u00e9n week kun je van een groot gezelschap naar een bijna uitgekleed recital gaan, van groepschoreografie naar onderzoekswerk of van een hommage aan een meester naar een solodebuut.<\/p>\n<p>Daarom groepeert deze gids de voorstellingen op <strong>artistieke positie<\/strong> en niet alleen op datum: grote figuren, gevestigde makers, nieuwe makers, premi\u00e8res en locaties.<\/p>\n<\/div><\/div><\/div><\/div><\/div><\/div><\/div><\/section><section class=\"l-section wpb_row height_huge color_alternate with_shape\"><div class=\"l-section-shape type_zigzag pos_top\" style=\"height:3vmin;\"><svg xmlns=\"http:\/\/www.w3.org\/2000\/svg\" viewBox=\"0 0 64 8\" preserveAspectRatio=\"none\" width=\"100%\" height=\"100%\">\r\n\t<path fill=\"currentColor\" d=\"M64 8 L0 8 L0 0 L20 7.9 L40 3 L48 5 L64 0 Z\"\/>\r\n<\/svg><\/div><div class=\"l-section-shape type_zigzag pos_bottom\" style=\"height:3vmin;\"><svg xmlns=\"http:\/\/www.w3.org\/2000\/svg\" viewBox=\"0 0 64 8\" preserveAspectRatio=\"none\" width=\"100%\" height=\"100%\">\r\n\t<path fill=\"currentColor\" d=\"M64 8 L0 8 L0 0 L20 7.9 L40 3 L48 5 L64 0 Z\"\/>\r\n<\/svg><\/div><div class=\"l-section-h i-cf\"><div class=\"g-cols vc_row via_flex valign_top type_default stacking_default\"><div class=\"vc_col-sm-6 wpb_column vc_column_container\"><div class=\"vc_column-inner\"><div class=\"wpb_wrapper\"><div class=\"wpb_text_column\"><div class=\"wpb_wrapper\"><h2 id=\"baile-mapa\">De Bi\u00ebnnale 2026 als kaart van de hedendaagse flamencodans<\/h2>\n<p>Een van de beste manieren om het programma van 2026 te begrijpen is het te zien als een kaart van artistieke posities. De Bi\u00ebnnale zelf beschrijft een traject dat loopt <strong>van essenti\u00eble, uitgeklede dans tot grote dansensembles<\/strong>, van de bata de cola tot nieuwe podiumcodes en van schooltraditie tot hedendaagse creatie.<\/p>\n<p>Deze benadering voorkomt een simpele tweedeling tussen \u2018traditioneel\u2019 en \u2018avant-gardistisch\u2019. In werkelijkheid mengen veel voorstellingen beide werelden.<\/p>\n<\/div><\/div><\/div><\/div><\/div><div class=\"vc_col-sm-6 wpb_column vc_column_container\"><div class=\"vc_column-inner\"><div class=\"wpb_wrapper\"><div class=\"wpb_text_column\"><div class=\"wpb_wrapper\"><h3>Traditie, auteurschap en experiment<\/h3>\n<p>Manuel Li\u00f1\u00e1n keert terug naar het recital om over identiteit te spreken; Olga Pericet bekijkt het recital opnieuw vanuit een hedendaags perspectief; Israel Galv\u00e1n gaat in dialoog met Ravel; Farruquito maakt van zijn eigen biografie en familie-erfenis een musical; Ana Morales gebruikt het lichaam om een denkbeeldig ondergronds Sevilla te onderzoeken; en Alfonso Losa kiest een voorstelling waarvan alleen al de titel, <em>Gesto m\u00ednimo<\/em>, naar verfijning en reductie wijst.<\/p>\n<p>De centrale vraag is <strong>hoe dans kan evolueren zonder op te houden herkenbaar flamenco te zijn<\/strong>. Iedere artiest antwoordt vanuit een andere positie.<\/p>\n<\/div><\/div><\/div><\/div><\/div><\/div><\/div><\/section><section class=\"l-section wpb_row height_huge\"><div class=\"l-section-h i-cf\"><div class=\"g-cols vc_row via_flex valign_top type_default stacking_default\"><div class=\"vc_col-sm-6 wpb_column vc_column_container\"><div class=\"vc_column-inner\"><div class=\"wpb_wrapper\"><div class=\"wpb_text_column\"><div class=\"wpb_wrapper\"><h2 id=\"grandes-figuras\">De grote namen: van Sara Baras tot Farruquito<\/h2>\n<h3>Sara Baras: de grote terugkeer<\/h3>\n<p><strong>Sara Baras<\/strong> keert na veertien jaar terug naar de Bi\u00ebnnale met de wereldpremi\u00e8re van <em>Infinita<\/em>, geprogrammeerd op <strong>11, 12 en 13 september<\/strong> in het Teatro de la Maestranza. Het werk draait rond acht vrouwelijke perspectieven en een idee van Andalusische identiteit dat via dans wordt overgebracht.<\/p>\n<p>Haar aanwezigheid staat voor het grote gezelschapsformat en een gevestigde internationale carri\u00e8re, maar ook voor een nieuw werk dat speciaal voor deze editie is gemaakt. Lees meer in onze gids over <a href=\"https:\/\/www.tablaosflamencos.com\/sara-baras-sevilla-2026-infinita-bienal.html\"><strong>Sara Baras in Sevilla 2026<\/strong><\/a>.<\/p>\n<h3>Manuel Li\u00f1\u00e1n: recital en identiteit<\/h3>\n<p>Op <strong>22 september<\/strong>presenteert Manuel Li\u00f1\u00e1n in het Teatro de la Maestranza <em>Bailaor@. Recital de baile<\/em>. De voorstelling keert terug naar iets ogenschijnlijk eenvoudigs: dansen. Maar in die eenvoud zit een duidelijke uitspraak over identiteit, gender en artistieke constructie.<\/p>\n<\/div><\/div><\/div><\/div><\/div><div class=\"vc_col-sm-6 wpb_column vc_column_container\"><div class=\"vc_column-inner\"><div class=\"wpb_wrapper\"><div class=\"wpb_text_column\"><div class=\"wpb_wrapper\"><h3>Israel Galv\u00e1n: Ravel door het flamencolichaam<\/h3>\n<p>Op <strong>26 september<\/strong>gaat Israel Galv\u00e1n in het Teatro de la Maestranza in premi\u00e8re met <em>Bolero de blanco y negro<\/em>. Het werk vertrekt van Maurice Ravel en voegt twee piano\u2019s, flamencozang, percussie en stem toe. Het interessante is hoe Galv\u00e1n het materiaal uiteenrafelt, de ritmische mechaniek zoekt en er zijn eigen choreografische terrein van maakt.<\/p>\n<h3>Farruquito: erfgoed, biografie en groot formaat<\/h3>\n<p>Op <strong>28 september<\/strong>gaat Farruquito in premi\u00e8re met <em>Ser\u00e1s Farruquito: el musical<\/em> in het Teatro de la Maestranza. De voorstelling doorloopt zijn leven in vijf bedrijven \u2014bloed, leren, de wereld, schaduw en nalatenschap\u2014 en maakt zijn biografie tot podiummateriaal.<\/p>\n<p>De productie bevat een dansensemble en een breed verhaal, maar houdt als kern de <strong>familieoverdracht<\/strong>: een ge\u00ebrfde school die tot persoonlijke taal wordt gemaakt en naar de toekomst wordt geprojecteerd.<\/p>\n<\/div><\/div><\/div><\/div><\/div><\/div><\/div><\/section><section class=\"l-section wpb_row height_huge color_alternate with_shape\"><div class=\"l-section-shape type_zigzag pos_top hor_flip\" style=\"height:3vmin;\"><svg xmlns=\"http:\/\/www.w3.org\/2000\/svg\" viewBox=\"0 0 64 8\" preserveAspectRatio=\"none\" width=\"100%\" height=\"100%\">\r\n\t<path fill=\"currentColor\" d=\"M64 8 L0 8 L0 0 L20 7.9 L40 3 L48 5 L64 0 Z\"\/>\r\n<\/svg><\/div><div class=\"l-section-shape type_zigzag pos_bottom\" style=\"height:3vmin;\"><svg xmlns=\"http:\/\/www.w3.org\/2000\/svg\" viewBox=\"0 0 64 8\" preserveAspectRatio=\"none\" width=\"100%\" height=\"100%\">\r\n\t<path fill=\"currentColor\" d=\"M64 8 L0 8 L0 0 L20 7.9 L40 3 L48 5 L64 0 Z\"\/>\r\n<\/svg><\/div><div class=\"l-section-h i-cf\"><div class=\"g-cols vc_row via_flex valign_top type_default stacking_default\"><div class=\"vc_col-sm-6 wpb_column vc_column_container\"><div class=\"vc_column-inner\"><div class=\"wpb_wrapper\"><div class=\"wpb_text_column\"><div class=\"wpb_wrapper\"><h2 id=\"otras-miradas\">Andere gevestigde perspectieven<\/h2>\n<h3>Ana Morales<\/h3>\n<p>winnaar van de Nationale Dansprijs 2022, presenteert op <strong>13 en 14 september<\/strong> in de Real F\u00e1brica de Artiller\u00eda de wereldpremi\u00e8re van <em>Rapsodia. Fantas\u00eda subterr\u00e1nea<\/em>. Het werk stelt een denkbeeldige afdaling naar een ondergronds Sevilla voor en gebruikt het lichaam om het aardse, het jondo en het creatieve proces te onderzoeken.<\/p>\n<h3>Olga Pericet<\/h3>\n<p>winnaar van de Nationale Dansprijs 2018, gaat op <strong>21 september<\/strong> in het Teatro Central in premi\u00e8re met <em>Perspectivas sobre un baile sonoro<\/em>. Na vijfendertig jaar carri\u00e8re bekijkt ze het recitalformat opnieuw vanuit het geheugen van het lichaam en zijn creatieve heden.<\/p>\n<h3>Andr\u00e9s Mar\u00edn<\/h3>\n<p>Premi\u00e8re van <em>Desierto<\/em> op <strong>25 september<\/strong> in het Teatro Central. Hij benadert de herinnering aan de Alameda de H\u00e9rcules via een po\u00ebtische waarheid en een reflectie op eenzaamheid, sporen en wat achterblijft.<\/p>\n<\/div><\/div><\/div><\/div><\/div><div class=\"vc_col-sm-6 wpb_column vc_column_container\"><div class=\"vc_column-inner\"><div class=\"wpb_wrapper\"><div class=\"wpb_text_column\"><div class=\"wpb_wrapper\"><h3>Pastora Galv\u00e1n<\/h3>\n<p>Op <strong>26 september<\/strong> presenteert ze in het Teatro Alameda de wereldpremi\u00e8re van <em>TRIBUsssh!<\/em>, met artistieke leiding en curatorschap van Israel Galv\u00e1n. Het stuk kruist haar dans met twee drumstellen en andere klanken zonder de flamencopuls te verliezen.<\/p>\n<h3>David Coria<\/h3>\n<p>Op <strong>29 september<\/strong> brengt hij naar het Teatro Lope de Vega <em>Babel. Torre viva<\/em>, de Spaanse premi\u00e8re van een werk over verschil, macht, fragmentatie en de mogelijkheid om iets gezamenlijks te bouwen. Het collectieve lichaam wordt podiumarchitectuur.<\/p>\n<h3>Isabel Bay\u00f3n, Mar\u00eda Moreno en Alfonso Losa<\/h3>\n<p>Aan deze kaart worden ook toegevoegd <strong>Isabel Bay\u00f3n<\/strong>, gehuldigd op 15 september; <strong>Mar\u00eda Moreno<\/strong>, hoofdrol in <em>Trilog\u00eda. Al baile<\/em> op 23 september in de Real F\u00e1brica de Artiller\u00eda; en <strong>Alfonso Losa<\/strong>, die <em>Gesto m\u00ednimo<\/em> op 2 oktober in het Teatro Lope de Vega in premi\u00e8re brengt.<\/p>\n<\/div><\/div><\/div><\/div><\/div><\/div><\/div><\/section><section class=\"l-section wpb_row height_huge\"><div class=\"l-section-h i-cf\"><div class=\"g-cols vc_row via_flex valign_top type_default stacking_default\"><div class=\"vc_col-sm-6 wpb_column vc_column_container\"><div class=\"vc_column-inner\"><div class=\"wpb_wrapper\"><div class=\"wpb_text_column\"><div class=\"wpb_wrapper\"><h2 id=\"nueva-generacion\">De nieuwe generatie is niet langer alleen een belofte<\/h2>\n<p>Een van de belangrijkste bewegingen van deze Bi\u00ebnnale is dat verschillende jonge artiesten al <strong>aan het hoofd van hun eigen projecten<\/strong>staan. Ze zitten niet alleen in een dansensemble of als gastartiest in een productie: ze dragen titels, regie en creatieve verantwoordelijkheid.<\/p>\n<h3>Juan Tom\u00e1s de la Mol\u00eda en \u00c1gueda Saavedra: <em>Te atrevo<\/em><\/h3>\n<p>Op <strong>23 september<\/strong>presenteert het Teatro Central de wereldpremi\u00e8re van <em>Te atrevo<\/em>van <strong>Juan Tom\u00e1s de la Mol\u00eda en \u00c1gueda Saavedra<\/strong>, onder regie van Manuel Li\u00f1\u00e1n.<\/p>\n<p>De combinatie is veelzeggend: twee opkomende performers werken onder het oog van een maker die al jaren de grenzen van de hedendaagse flamencodans verruimt. De Bi\u00ebnnale presenteert hen als voorbeeld van een generatie met techniek, persoonlijkheid en het vermogen om een eigen werk te dragen.<\/p>\n<\/div><\/div><\/div><\/div><\/div><div class=\"vc_col-sm-6 wpb_column vc_column_container\"><div class=\"vc_column-inner\"><div class=\"wpb_wrapper\"><div class=\"wpb_text_column\"><div class=\"wpb_wrapper\"><h3>Sara Jim\u00e9nez: gezelschap, creatie en auteurschap<\/h3>\n<p>Op <strong>29 september<\/strong>, eveneens in het Teatro Central, <strong>Sara Jim\u00e9nez<\/strong> gaat in premi\u00e8re met <em>La compa\u00f1\u00eda<\/em>. Ze tekent voor het oorspronkelijke idee, de regie en de choreografie en deelt het podium met Julio Ruiz en Mariana Collado.<\/p>\n<p>De nieuwe generatie wordt niet alleen door leeftijd bepaald, maar door het vermogen om <strong>auteurschap, discours, regie en podiumverantwoordelijkheid<\/strong>.<\/p>\n<h3>\u00c1gueda Saavedra, ook met Alfonso Losa<\/h3>\n<p>\u00c1gueda Saavedra verschijnt opnieuw op <strong>2 oktober<\/strong> in <em>Gesto m\u00ednimo<\/em> van Alfonso Losa, samen met Karen Lugo en Yoel Vargas. Die dubbele aanwezigheid laat zien hoe jonge artiesten bewegen tussen eigen projecten en werk met gevestigde makers.<\/p>\n<p><strong>De nieuwe generatie vervangt de eerdere figuren niet: ze bestaat naast hen.<\/strong> Die kruisbestuiving is een van de sleutels van 2026.<\/p>\n<\/div><\/div><\/div><\/div><\/div><\/div><\/div><\/section><section class=\"l-section wpb_row height_huge color_alternate with_shape\"><div class=\"l-section-shape type_zigzag pos_top\" style=\"height:3vmin;\"><svg xmlns=\"http:\/\/www.w3.org\/2000\/svg\" viewBox=\"0 0 64 8\" preserveAspectRatio=\"none\" width=\"100%\" height=\"100%\">\r\n\t<path fill=\"currentColor\" d=\"M64 8 L0 8 L0 0 L20 7.9 L40 3 L48 5 L64 0 Z\"\/>\r\n<\/svg><\/div><div class=\"l-section-shape type_zigzag pos_bottom\" style=\"height:3vmin;\"><svg xmlns=\"http:\/\/www.w3.org\/2000\/svg\" viewBox=\"0 0 64 8\" preserveAspectRatio=\"none\" width=\"100%\" height=\"100%\">\r\n\t<path fill=\"currentColor\" d=\"M64 8 L0 8 L0 0 L20 7.9 L40 3 L48 5 L64 0 Z\"\/>\r\n<\/svg><\/div><div class=\"l-section-h i-cf\"><div class=\"g-cols vc_row via_flex valign_top type_default stacking_default\"><div class=\"vc_col-sm-6 wpb_column vc_column_container\"><div class=\"vc_column-inner\"><div class=\"wpb_wrapper\"><div class=\"wpb_text_column\"><div class=\"wpb_wrapper\"><h2 id=\"estrenos-baile\">Premi\u00e8res maken dans tot een van de creatieve motoren van 2026<\/h2>\n<p>Het belang van dans is vooral zichtbaar in de premi\u00e8res. Sara Baras, Ana Morales, Olga Pericet, Andr\u00e9s Mar\u00edn, Israel Galv\u00e1n, Pastora Galv\u00e1n, Farruquito, Sara Jim\u00e9nez en Alfonso Losa presenteren nieuw werk of versies die speciaal voor deze editie zijn gemaakt. Juan Tom\u00e1s de la Mol\u00eda en \u00c1gueda Saavedra debuteren samen met <em>Te atrevo<\/em> en Mar\u00eda Moreno neemt deel aan de premi\u00e8re van <em>Trilog\u00eda. Al baile<\/em>.<\/p>\n<p>Veel van deze werken <strong>worden in Sevilla geboren<\/strong> en kunnen daarna doorreizen naar andere theaters en festivals. Een premi\u00e8re bijwonen betekent een werk zien voordat kritiek, tournees en tijd de interpretatie ervan volledig hebben vastgelegd.<\/p>\n<\/div><\/div><\/div><\/div><\/div><div class=\"vc_col-sm-6 wpb_column vc_column_container\"><div class=\"vc_column-inner\"><div class=\"wpb_wrapper\"><div class=\"wpb_text_column\"><div class=\"wpb_wrapper\"><h3>Bijzonder opvallende premi\u00e8res<\/h3>\n<ul>\n<li>Sara Baras \u00b7 <em>Infinita<\/em><\/li>\n<li>Ana Morales \u00b7 <em>Rapsodia. Fantas\u00eda subterr\u00e1nea<\/em><\/li>\n<li>Olga Pericet \u00b7 <em>Perspectivas sobre un baile sonoro<\/em><\/li>\n<li>Juan Tom\u00e1s de la Mol\u00eda en \u00c1gueda Saavedra \u00b7 <em>Te atrevo<\/em><\/li>\n<li>Andr\u00e9s Mar\u00edn \u00b7 <em>Desierto<\/em><\/li>\n<li>Israel Galv\u00e1n \u00b7 <em>Bolero de blanco y negro<\/em><\/li>\n<li>Pastora Galv\u00e1n \u00b7 <em>TRIBUsssh!<\/em><\/li>\n<li>Farruquito \u00b7 <em>Ser\u00e1s Farruquito: el musical<\/em><\/li>\n<li>Sara Jim\u00e9nez \u00b7 <em>La compa\u00f1\u00eda<\/em><\/li>\n<li>Alfonso Losa \u00b7 <em>Gesto m\u00ednimo<\/em><\/li>\n<\/ul>\n<p>Lees voor meer over dit deel van het programma <a href=\"https:\/\/www.tablaosflamencos.com\/grandes-estrenos-bienal-flamenco-sevilla-2026.html\"><strong>de grote premi\u00e8res van de Bi\u00ebnnale 2026<\/strong><\/a>.<\/p>\n<\/div><\/div><\/div><\/div><\/div><\/div><\/div><\/section><section class=\"l-section wpb_row height_huge\"><div class=\"l-section-h i-cf\"><div class=\"g-cols vc_row via_flex valign_top type_default stacking_default\"><div class=\"vc_col-sm-12 wpb_column vc_column_container\"><div class=\"vc_column-inner\"><div class=\"wpb_wrapper\"><div class=\"wpb_text_column\"><div class=\"wpb_wrapper\"><h2 id=\"fechas-baile\">Belangrijke dansdata op de Bi\u00ebnnale 2026<\/h2>\n<div style=\"overflow-x: auto;\">\n<table>\n<thead>\n<tr>\n<th>Datum<\/th>\n<th>Artiest \/ voorstelling<\/th>\n<th>Locatie<\/th>\n<th>Kern<\/th>\n<\/tr>\n<\/thead>\n<tbody>\n<tr>\n<td><strong>10 september<\/strong><\/td>\n<td>Ballet Flamenco de Andaluc\u00eda met Patricia Guerrero \u00b7 <em>El mundo por montera<\/em><\/td>\n<td>Real Maestranza<\/td>\n<td>Gala en groot formaat<\/td>\n<\/tr>\n<tr>\n<td><strong>11\u201313 september<\/strong><\/td>\n<td>Sara Baras \u00b7 <em>Infinita<\/em><\/td>\n<td>Teatro de la Maestranza<\/td>\n<td>Wereldpremi\u00e8re<\/td>\n<\/tr>\n<tr>\n<td><strong>13\u201314 september<\/strong><\/td>\n<td>Ana Morales \u00b7 <em>Rapsodia. Fantas\u00eda subterr\u00e1nea<\/em><\/td>\n<td>Real F\u00e1brica de Artiller\u00eda<\/td>\n<td>Wereldpremi\u00e8re<\/td>\n<\/tr>\n<tr>\n<td><strong>15 september<\/strong><\/td>\n<td>Hommage aan Isabel Bay\u00f3n \u00b7 <em>Ep\u00edlogo de un cante que se hizo baile<\/em><\/td>\n<td>Teatro Central<\/td>\n<td>Herinnering en loopbaan<\/td>\n<\/tr>\n<tr>\n<td><strong>21 september<\/strong><\/td>\n<td>Olga Pericet \u00b7 <em>Perspectivas sobre un baile sonoro<\/em><\/td>\n<td>Teatro Central<\/td>\n<td>Wereldpremi\u00e8re<\/td>\n<\/tr>\n<tr>\n<td><strong>22 september<\/strong><\/td>\n<td>Manuel Li\u00f1\u00e1n \u00b7 <em>Bailaor@<\/em><\/td>\n<td>Teatro de la Maestranza<\/td>\n<td>Unieke avond<\/td>\n<\/tr>\n<tr>\n<td><strong>23 september<\/strong><\/td>\n<td>Juan Tom\u00e1s de la Mol\u00eda &amp; \u00c1gueda Saavedra \u00b7 <em>Te atrevo<\/em><\/td>\n<td>Teatro Central<\/td>\n<td>Nieuwe generatie<\/td>\n<\/tr>\n<tr>\n<td><strong>23 september<\/strong><\/td>\n<td>Mar\u00eda Moreno \u00b7 <em>Trilog\u00eda. Al baile<\/em><\/td>\n<td>Real F\u00e1brica de Artiller\u00eda<\/td>\n<td>Wereldpremi\u00e8re<\/td>\n<\/tr>\n<tr>\n<td><strong>25 september<\/strong><\/td>\n<td>Andr\u00e9s Mar\u00edn \u00b7 <em>Desierto<\/em><\/td>\n<td>Teatro Central<\/td>\n<td>Wereldpremi\u00e8re<\/td>\n<\/tr>\n<tr>\n<td><strong>26 september<\/strong><\/td>\n<td>Israel Galv\u00e1n \u00b7 <em>Bolero de blanco y negro<\/em><\/td>\n<td>Teatro de la Maestranza<\/td>\n<td>Wereldpremi\u00e8re<\/td>\n<\/tr>\n<tr>\n<td><strong>26 september<\/strong><\/td>\n<td>Pastora Galv\u00e1n \u00b7 <em>TRIBUsssh!<\/em><\/td>\n<td>Teatro Alameda<\/td>\n<td>Wereldpremi\u00e8re<\/td>\n<\/tr>\n<tr>\n<td><strong>28 september<\/strong><\/td>\n<td>Farruquito \u00b7 <em>Ser\u00e1s Farruquito: el musical<\/em><\/td>\n<td>Teatro de la Maestranza<\/td>\n<td>Wereldpremi\u00e8re<\/td>\n<\/tr>\n<tr>\n<td><strong>29 september<\/strong><\/td>\n<td>David Coria \u00b7 <em>Babel. Torre viva<\/em><\/td>\n<td>Teatro Lope de Vega<\/td>\n<td>Spaanse premi\u00e8re<\/td>\n<\/tr>\n<tr>\n<td><strong>29 september<\/strong><\/td>\n<td>Sara Jim\u00e9nez \u00b7 <em>La compa\u00f1\u00eda<\/em><\/td>\n<td>Teatro Central<\/td>\n<td>Nieuwe generatie<\/td>\n<\/tr>\n<tr>\n<td><strong>2 oktober<\/strong><\/td>\n<td>Alfonso Losa \u00b7 <em>Gesto m\u00ednimo<\/em><\/td>\n<td>Teatro Lope de Vega<\/td>\n<td>Wereldpremi\u00e8re<\/td>\n<\/tr>\n<tr>\n<td><strong>3 oktober<\/strong><\/td>\n<td>Rafaela Carrasco in <em>Perlas a millares<\/em><\/td>\n<td>Teatro de la Maestranza<\/td>\n<td>Slotvoorstelling<\/td>\n<\/tr>\n<\/tbody>\n<\/table>\n<\/div>\n<p><small>Een indicatieve selectie van bijzonder relevante voorstellingen voor wie de dans wil volgen. Ook in andere Biennale-producties maakt dans deel uit van gala\u2019s, ontmoetingen en gemengde voorstellingen.<\/small><\/p>\n<\/div><\/div><\/div><\/div><\/div><\/div><\/div><\/section><section class=\"l-section wpb_row height_huge color_alternate with_shape\"><div class=\"l-section-shape type_zigzag pos_top hor_flip\" style=\"height:3vmin;\"><svg xmlns=\"http:\/\/www.w3.org\/2000\/svg\" viewBox=\"0 0 64 8\" preserveAspectRatio=\"none\" width=\"100%\" height=\"100%\">\r\n\t<path fill=\"currentColor\" d=\"M64 8 L0 8 L0 0 L20 7.9 L40 3 L48 5 L64 0 Z\"\/>\r\n<\/svg><\/div><div class=\"l-section-shape type_zigzag pos_bottom\" style=\"height:3vmin;\"><svg xmlns=\"http:\/\/www.w3.org\/2000\/svg\" viewBox=\"0 0 64 8\" preserveAspectRatio=\"none\" width=\"100%\" height=\"100%\">\r\n\t<path fill=\"currentColor\" d=\"M64 8 L0 8 L0 0 L20 7.9 L40 3 L48 5 L64 0 Z\"\/>\r\n<\/svg><\/div><div class=\"l-section-h i-cf\"><div class=\"g-cols vc_row via_flex valign_top type_default stacking_default\"><div class=\"vc_col-sm-6 wpb_column vc_column_container\"><div class=\"vc_column-inner\"><div class=\"wpb_wrapper\"><div class=\"wpb_text_column\"><div class=\"wpb_wrapper\"><h2 id=\"espacios-baile\">De locaties veranderen hoe je naar dans kijkt<\/h2>\n<p>Dans is waarschijnlijk de discipline van de Bi\u00ebnnale waarin de relatie tussen lichaam en ruimte het sterkst zichtbaar is. Een groot gezelschap in het Teatro de la Maestranza is een andere ervaring dan onderzoekswerk in het Teatro Central of een stuk binnen de industri\u00eble architectuur van de Real F\u00e1brica de Artiller\u00eda.<\/p>\n<p>Het <strong>Teatro de la Maestranza<\/strong> brengt verschillende grote producties samen: Sara Baras, Manuel Li\u00f1\u00e1n, Israel Galv\u00e1n en Farruquito.<\/p>\n<\/div><\/div><\/div><\/div><\/div><div class=\"vc_col-sm-6 wpb_column vc_column_container\"><div class=\"vc_column-inner\"><div class=\"wpb_wrapper\"><div class=\"wpb_text_column\"><div class=\"wpb_wrapper\"><h3>Een route langs vier podia<\/h3>\n<p>Het <strong>Teatro Central<\/strong> fungeert als laboratorium voor Olga Pericet, Juan Tom\u00e1s de la Mol\u00eda en \u00c1gueda Saavedra, Andr\u00e9s Mar\u00edn en Sara Jim\u00e9nez. De <strong>Real F\u00e1brica de Artiller\u00eda<\/strong> biedt een bijzondere omgeving voor Ana Morales en Mar\u00eda Moreno, terwijl het <strong>Teatro Lope de Vega<\/strong> David Coria en Alfonso Losa ontvangt.<\/p>\n<p>Door deze verdeling kun je een dansroute samenstellen zonder steeds dezelfde podiumervaring te herhalen. Vergelijk de locaties in onze gids van <a href=\"https:\/\/www.tablaosflamencos.com\/espacios-espectaculares-bienal-flamenco-sevilla-2026.html\"><strong>de spectaculairste locaties van de Bi\u00ebnnale 2026<\/strong><\/a>.<\/p>\n<\/div><\/div><\/div><\/div><\/div><\/div><\/div><\/section><section class=\"l-section wpb_row height_huge\"><div class=\"l-section-h i-cf\"><div class=\"g-cols vc_row via_flex valign_top type_default stacking_default\"><div class=\"vc_col-sm-6 wpb_column vc_column_container\"><div class=\"vc_column-inner\"><div class=\"wpb_wrapper\"><div class=\"wpb_text_column\"><div class=\"wpb_wrapper\"><h2 id=\"elegir-baile\">Welke voorstelling kies je volgens het soort dans dat je zoekt?<\/h2>\n<h3>Als je een grote productie wilt<\/h3>\n<p>Begin met <strong>Sara Baras<\/strong> of <strong>Farruquito<\/strong>. Beiden werken met grote formats, dramaturgie, scenografie en een taal die voor grote theaters is gemaakt. Ook het Ballet Flamenco de Andaluc\u00eda in <em>El mundo por montera<\/em> biedt de kans om een institutioneel dansensemble in een uitzonderlijke productie te zien.<\/p>\n<h3>Als je auteursdans zoekt<\/h3>\n<p><strong>Israel Galv\u00e1n, Andr\u00e9s Mar\u00edn, Ana Morales, Olga Pericet en David Coria<\/strong> bieden vijf heel verschillende manieren om te zien hoe flamenco in dialoog gaat met andere muziek, dramaturgie, concepten en fysieke talen.<\/p>\n<\/div><\/div><\/div><\/div><\/div><div class=\"vc_col-sm-6 wpb_column vc_column_container\"><div class=\"vc_column-inner\"><div class=\"wpb_wrapper\"><div class=\"wpb_text_column\"><div class=\"wpb_wrapper\"><h3>Als je liever een recital en een directe relatie met flamenco hebt<\/h3>\n<p><strong>Manuel Li\u00f1\u00e1n<\/strong> maakt het recital zelf tot het centrum van zijn voorstel. <strong>Alfonso Losa<\/strong> kan eveneens bijzonder interessant zijn voor wie choreografische verfijning en aandacht voor gebaar zoekt.<\/p>\n<h3>Als je de nieuwe generatie wilt ontdekken<\/h3>\n<p>Maak ruimte voor <strong>Juan Tom\u00e1s de la Mol\u00eda en \u00c1gueda Saavedra<\/strong> en voor <strong>Sara Jim\u00e9nez<\/strong>.<\/p>\n<h3>Als je een evenwichtige Bi\u00ebnnale wilt<\/h3>\n<p>Combineer minstens drie profielen: een grote figuur, een auteur-maker en een jong project. Bijvoorbeeld: Sara Baras of Farruquito; Israel Galv\u00e1n, Ana Morales of Olga Pericet; en <em>Te atrevo<\/em> of <em>La compa\u00f1\u00eda<\/em>.<\/p>\n<p><a href=\"https:\/\/www.tablaosflamencos.com\/bienal-flamenco-2026-entradas-precios-descuentos.html\"><strong>Tickets, prijzen en kortingen<\/strong><\/a> \u00b7 <a href=\"https:\/\/www.tablaosflamencos.com\/cante-bienal-flamenco-sevilla-2026.html\"><strong>De zang op de Bi\u00ebnnale 2026<\/strong><\/a> \u00b7 <a href=\"https:\/\/www.tablaosflamencos.com\/guitarra-bienal-flamenco-2026-espectaculos-imprescindibles.html\"><strong>De gitaar op de Bi\u00ebnnale 2026<\/strong><\/a><\/p>\n<\/div><\/div><\/div><\/div><\/div><\/div><\/div><\/section><section class=\"l-section wpb_row height_huge color_alternate with_shape\"><div class=\"l-section-shape type_zigzag pos_top\" style=\"height:3vmin;\"><svg xmlns=\"http:\/\/www.w3.org\/2000\/svg\" viewBox=\"0 0 64 8\" preserveAspectRatio=\"none\" width=\"100%\" height=\"100%\">\r\n\t<path fill=\"currentColor\" d=\"M64 8 L0 8 L0 0 L20 7.9 L40 3 L48 5 L64 0 Z\"\/>\r\n<\/svg><\/div><div class=\"l-section-shape type_zigzag pos_bottom\" style=\"height:3vmin;\"><svg xmlns=\"http:\/\/www.w3.org\/2000\/svg\" viewBox=\"0 0 64 8\" preserveAspectRatio=\"none\" width=\"100%\" height=\"100%\">\r\n\t<path fill=\"currentColor\" d=\"M64 8 L0 8 L0 0 L20 7.9 L40 3 L48 5 L64 0 Z\"\/>\r\n<\/svg><\/div><div class=\"l-section-h i-cf\"><div class=\"g-cols vc_row via_flex valign_top type_default stacking_default\"><div class=\"vc_col-sm-1\/5 wpb_column vc_column_container\"><div class=\"vc_column-inner\"><div class=\"wpb_wrapper\"><\/div><\/div><\/div><div class=\"vc_col-sm-3\/5 wpb_column vc_column_container\"><div class=\"vc_column-inner\"><div class=\"wpb_wrapper\"><div class=\"wpb_text_column\"><div class=\"wpb_wrapper\"><h2 id=\"faq-baile\">Veelgestelde vragen over dans op de Bi\u00ebnnale 2026<\/h2>\n<\/div><\/div><div class=\"w-separator size_medium\"><\/div><div class=\"w-tabs accordion toggle_style_1 has_scrolling\" style=\"--sections-title-size:inherit;--sections-gap:0.5rem;\"><div class=\"w-tabs-sections titles-align_none icon_plus cpos_left\"><div class=\"w-tabs-section\" id=\"n351\" itemscope itemprop=\"mainEntity\" itemtype=\"https:\/\/schema.org\/Question\"><button type=\"button\" class=\"w-tabs-section-header\" aria-controls=\"content-n351\" aria-expanded=\"false\"><h3 class=\"w-tabs-section-title\" itemprop=\"name\">Hoeveel dansers nemen deel aan de Bi\u00ebnnale 2026?<\/h3><div class=\"w-tabs-section-control\"><\/div><\/button><div  class=\"w-tabs-section-content\" id=\"content-n351\" itemscope itemprop=\"acceptedAnswer\" itemtype=\"https:\/\/schema.org\/Answer\"><div class=\"w-tabs-section-content-h i-cf\" itemprop=\"text\"><div class=\"wpb_text_column\"><div class=\"wpb_wrapper\"><p>De organisatie spreekt over <strong>meer dan honderd dansers<\/strong> in de hele editie. Het cijfer omvat solisten, gezelschappen, dansensembles en artiesten die deelnemen aan gala\u2019s en gemengde voorstellingen.<\/p>\n<\/div><\/div><\/div><\/div><\/div><div class=\"w-tabs-section\" id=\"c471\" itemscope itemprop=\"mainEntity\" itemtype=\"https:\/\/schema.org\/Question\"><button type=\"button\" class=\"w-tabs-section-header\" aria-controls=\"content-c471\" aria-expanded=\"false\"><h3 class=\"w-tabs-section-title\" itemprop=\"name\">Wie zijn de grote dansfiguren van de Bi\u00ebnnale 2026?<\/h3><div class=\"w-tabs-section-control\"><\/div><\/button><div  class=\"w-tabs-section-content\" id=\"content-c471\" itemscope itemprop=\"acceptedAnswer\" itemtype=\"https:\/\/schema.org\/Answer\"><div class=\"w-tabs-section-content-h i-cf\" itemprop=\"text\"><div class=\"wpb_text_column\"><div class=\"wpb_wrapper\"><p>Tot de belangrijkste namen behoren Sara Baras, Israel Galv\u00e1n, Manuel Li\u00f1\u00e1n, Farruquito, Andr\u00e9s Mar\u00edn, Olga Pericet, Ana Morales, Pastora Galv\u00e1n, David Coria, Alfonso Losa, Isabel Bay\u00f3n, Patricia Guerrero, Rafaela Carrasco en Mar\u00eda Moreno.<\/p>\n<\/div><\/div><\/div><\/div><\/div><div class=\"w-tabs-section\" id=\"n568\" itemscope itemprop=\"mainEntity\" itemtype=\"https:\/\/schema.org\/Question\"><button type=\"button\" class=\"w-tabs-section-header\" aria-controls=\"content-n568\" aria-expanded=\"false\"><h3 class=\"w-tabs-section-title\" itemprop=\"name\">Welke jonge dansers vallen op in 2026?<\/h3><div class=\"w-tabs-section-control\"><\/div><\/button><div  class=\"w-tabs-section-content\" id=\"content-n568\" itemscope itemprop=\"acceptedAnswer\" itemtype=\"https:\/\/schema.org\/Answer\"><div class=\"w-tabs-section-content-h i-cf\" itemprop=\"text\"><div class=\"wpb_text_column\"><div class=\"wpb_wrapper\"><p>De Bi\u00ebnnale zet vooral Juan Tom\u00e1s de la Mol\u00eda, \u00c1gueda Saavedra en Sara Jim\u00e9nez in de kijker, die een eigen hoofdrol in het programma krijgen. Ook jonge performers zijn te zien in gezelschappen en projecten van gevestigde artiesten.<\/p>\n<\/div><\/div><\/div><\/div><\/div><div class=\"w-tabs-section\" id=\"d657\" itemscope itemprop=\"mainEntity\" itemtype=\"https:\/\/schema.org\/Question\"><button type=\"button\" class=\"w-tabs-section-header\" aria-controls=\"content-d657\" aria-expanded=\"false\"><h3 class=\"w-tabs-section-title\" itemprop=\"name\">Wanneer treedt Sara Baras op?<\/h3><div class=\"w-tabs-section-control\"><\/div><\/button><div  class=\"w-tabs-section-content\" id=\"content-d657\" itemscope itemprop=\"acceptedAnswer\" itemtype=\"https:\/\/schema.org\/Answer\"><div class=\"w-tabs-section-content-h i-cf\" itemprop=\"text\"><div class=\"wpb_text_column\"><div class=\"wpb_wrapper\"><p>Sara Baras presenteert <em>Infinita<\/em> in het Teatro de la Maestranza op 11, 12 en 13 september 2026. Het is een wereldpremi\u00e8re en haar terugkeer naar de Bi\u00ebnnale na veertien jaar.<\/p>\n<\/div><\/div><\/div><\/div><\/div><div class=\"w-tabs-section\" id=\"m731\" itemscope itemprop=\"mainEntity\" itemtype=\"https:\/\/schema.org\/Question\"><button type=\"button\" class=\"w-tabs-section-header\" aria-controls=\"content-m731\" aria-expanded=\"false\"><h3 class=\"w-tabs-section-title\" itemprop=\"name\">Welke voorstelling presenteert Israel Galv\u00e1n?<\/h3><div class=\"w-tabs-section-control\"><\/div><\/button><div  class=\"w-tabs-section-content\" id=\"content-m731\" itemscope itemprop=\"acceptedAnswer\" itemtype=\"https:\/\/schema.org\/Answer\"><div class=\"w-tabs-section-content-h i-cf\" itemprop=\"text\"><div class=\"wpb_text_column\"><div class=\"wpb_wrapper\"><p>Israel Galv\u00e1n gaat in premi\u00e8re met <em>Bolero de blanco y negro<\/em> op 26 september in het Teatro de la Maestranza. Het werk gaat vanuit zijn choreografische taal in dialoog met de muziek van Maurice Ravel en andere bolero\u2019s.<\/p>\n<\/div><\/div><\/div><\/div><\/div><div class=\"w-tabs-section\" id=\"p7f8\" itemscope itemprop=\"mainEntity\" itemtype=\"https:\/\/schema.org\/Question\"><button type=\"button\" class=\"w-tabs-section-header\" aria-controls=\"content-p7f8\" aria-expanded=\"false\"><h3 class=\"w-tabs-section-title\" itemprop=\"name\">Waar is de meest experimentele dans geconcentreerd?<\/h3><div class=\"w-tabs-section-control\"><\/div><\/button><div  class=\"w-tabs-section-content\" id=\"content-p7f8\" itemscope itemprop=\"acceptedAnswer\" itemtype=\"https:\/\/schema.org\/Answer\"><div class=\"w-tabs-section-content-h i-cf\" itemprop=\"text\"><div class=\"wpb_text_column\"><div class=\"wpb_wrapper\"><p>Het Teatro Central brengt verschillende voorstellingen samen die sterk op onderzoek en hedendaagse creatie zijn gericht, met onder anderen Olga Pericet, Juan Tom\u00e1s de la Mol\u00eda en \u00c1gueda Saavedra, Andr\u00e9s Mar\u00edn en Sara Jim\u00e9nez.<\/p>\n<\/div><\/div><\/div><\/div><\/div><div class=\"w-tabs-section\" id=\"b8ea\" itemscope itemprop=\"mainEntity\" itemtype=\"https:\/\/schema.org\/Question\"><button type=\"button\" class=\"w-tabs-section-header\" aria-controls=\"content-b8ea\" aria-expanded=\"false\"><h3 class=\"w-tabs-section-title\" itemprop=\"name\">Zijn er dansvoorstellingen in de Real F\u00e1brica de Artiller\u00eda?<\/h3><div class=\"w-tabs-section-control\"><\/div><\/button><div  class=\"w-tabs-section-content\" id=\"content-b8ea\" itemscope itemprop=\"acceptedAnswer\" itemtype=\"https:\/\/schema.org\/Answer\"><div class=\"w-tabs-section-content-h i-cf\" itemprop=\"text\"><div class=\"wpb_text_column\"><div class=\"wpb_wrapper\"><p>Ja. Ana Morales brengt daar de premi\u00e8re van <em>Rapsodia. Fantas\u00eda subterr\u00e1nea<\/em> op 13 en 14 september, en Mar\u00eda Moreno neemt op 23 september deel aan <em>Trilog\u00eda. Al baile<\/em> samen met Pablo Mart\u00edn Caminero.<\/p>\n<\/div><\/div><\/div><\/div><\/div><div class=\"w-tabs-section\" id=\"y9b8\" itemscope itemprop=\"mainEntity\" itemtype=\"https:\/\/schema.org\/Question\"><button type=\"button\" class=\"w-tabs-section-header\" aria-controls=\"content-y9b8\" aria-expanded=\"false\"><h3 class=\"w-tabs-section-title\" itemprop=\"name\">Wat is een goede keuze om de nieuwe generatie te ontdekken?<\/h3><div class=\"w-tabs-section-control\"><\/div><\/button><div  class=\"w-tabs-section-content\" id=\"content-y9b8\" itemscope itemprop=\"acceptedAnswer\" itemtype=\"https:\/\/schema.org\/Answer\"><div class=\"w-tabs-section-content-h i-cf\" itemprop=\"text\"><div class=\"wpb_text_column\"><div class=\"wpb_wrapper\"><p><em>Te atrevo<\/em>van Juan Tom\u00e1s de la Mol\u00eda en \u00c1gueda Saavedra op 23 september, en <em>La compa\u00f1\u00eda<\/em>van Sara Jim\u00e9nez op 29 september zijn twee van de duidelijkste voorstellingen om de nieuwe makers te volgen.<\/p>\n<\/div><\/div><\/div><\/div><\/div><div class=\"w-tabs-section\" id=\"ja96\" itemscope itemprop=\"mainEntity\" itemtype=\"https:\/\/schema.org\/Question\"><button type=\"button\" class=\"w-tabs-section-header\" aria-controls=\"content-ja96\" aria-expanded=\"false\"><h3 class=\"w-tabs-section-title\" itemprop=\"name\">Waar kan ik prijzen zien en tickets kopen?<\/h3><div class=\"w-tabs-section-control\"><\/div><\/button><div  class=\"w-tabs-section-content\" id=\"content-ja96\" itemscope itemprop=\"acceptedAnswer\" itemtype=\"https:\/\/schema.org\/Answer\"><div class=\"w-tabs-section-content-h i-cf\" itemprop=\"text\"><div class=\"wpb_text_column\"><div class=\"wpb_wrapper\"><p>De verkoop verloopt via de offici\u00eble kanalen die op iedere Biennale-pagina worden vermeld. Je kunt ook onze <a href=\"https:\/\/www.tablaosflamencos.com\/bienal-flamenco-2026-entradas-precios-descuentos.html\"><strong>gids met tickets, prijzen en kortingen voor de Bi\u00ebnnale 2026<\/strong><\/a>.<\/p>\n<\/div><\/div><\/div><\/div><\/div><\/div><\/div><\/div><\/div><\/div><div class=\"vc_col-sm-1\/5 wpb_column vc_column_container\"><div class=\"vc_column-inner\"><div class=\"wpb_wrapper\"><\/div><\/div><\/div><\/div><\/div><\/section><section class=\"l-section wpb_row height_huge\"><div class=\"l-section-h i-cf\"><div class=\"g-cols vc_row via_flex valign_top type_default stacking_default\"><div class=\"vc_col-sm-6 wpb_column vc_column_container\"><div class=\"vc_column-inner\"><div class=\"wpb_wrapper\"><div class=\"wpb_text_column\"><div class=\"wpb_wrapper\"><h2>Van erfgoed naar toekomst: een Bi\u00ebnnale die zich dansend laat begrijpen<\/h2>\n<p>Dans op de Bi\u00ebnnale 2026 staat niet los van de rest van het festival. Ze is verbonden met zang, gitaar, geheugen, locaties en de ontwikkeling van flamenco als podiumkunst.<\/p>\n<p>De grote figuren laten zien hoe ver een volwassen carri\u00e8re kan reiken. Gevestigde makers tonen dat er veel manieren zijn om te onderzoeken zonder de wortels te verbreken. En de jonge generatie neemt steeds meer een plaats in waar goed uitvoeren alleen niet meer genoeg is: <strong>je moet voorstellen doen, regisseren, je werk ondertekenen en een eigen blik ontwikkelen<\/strong>.<\/p>\n<\/div><\/div><\/div><\/div><\/div><div class=\"vc_col-sm-6 wpb_column vc_column_container\"><div class=\"vc_column-inner\"><div class=\"wpb_wrapper\"><div class=\"wpb_text_column\"><div class=\"wpb_wrapper\"><h3>Een lichamelijke lezing van de generatiewissel<\/h3>\n<p>Die dialoog tussen autoriteit en vernieuwing maakt dans tot een van de beste ingangen om de 24e Flamencobi\u00ebnnale van Sevilla te begrijpen.<\/p>\n<p>Als zang de overdracht hoorbaar maakt en gitaar laat zien hoe het spel verandert, maakt dans die overgang lichamelijk zichtbaar: <strong>verleden, heden en toekomst op hetzelfde podium<\/strong>.<\/p>\n<\/div><\/div><\/div><\/div><\/div><\/div><\/div><\/section><section class=\"l-section wpb_row height_huge color_alternate with_shape\"><div class=\"l-section-shape type_zigzag pos_top\" style=\"height:3vmin;\"><svg xmlns=\"http:\/\/www.w3.org\/2000\/svg\" viewBox=\"0 0 64 8\" preserveAspectRatio=\"none\" width=\"100%\" height=\"100%\">\r\n\t<path fill=\"currentColor\" d=\"M64 8 L0 8 L0 0 L20 7.9 L40 3 L48 5 L64 0 Z\"\/>\r\n<\/svg><\/div><div class=\"l-section-shape type_zigzag pos_bottom\" style=\"height:3vmin;\"><svg xmlns=\"http:\/\/www.w3.org\/2000\/svg\" viewBox=\"0 0 64 8\" preserveAspectRatio=\"none\" width=\"100%\" height=\"100%\">\r\n\t<path fill=\"currentColor\" d=\"M64 8 L0 8 L0 0 L20 7.9 L40 3 L48 5 L64 0 Z\"\/>\r\n<\/svg><\/div><div class=\"l-section-h i-cf\"><div class=\"g-cols vc_row via_flex valign_top type_default stacking_default\"><div class=\"vc_col-sm-12 wpb_column vc_column_container\"><div class=\"vc_column-inner\"><div class=\"wpb_wrapper\"><div class=\"wpb_text_column\"><div class=\"wpb_wrapper\"><h2>Bronnen en actualisering<\/h2>\n<p>Informatie gecontroleerd aan de hand van het <a href=\"https:\/\/www.labienal.com\/programa-general\" target=\"_blank\" rel=\"noopener\"><strong>offici\u00eble programma van de 24e Flamencobi\u00ebnnale van Sevilla<\/strong><\/a>, de afzonderlijke voorstellingspagina\u2019s en de offici\u00eble informatie van de Bi\u00ebnnale over dans en choreografische creatie in 2026.<\/p>\n<p>Gegevens gecontroleerd op <strong>3 september 2026<\/strong>. De organisatie kan tijden, beschikbaarheid, bezettingen of productiedetails wijzigen.<\/p>\n<\/div><\/div><\/div><\/div><\/div><\/div><\/div><\/section>\n","protected":false},"excerpt":{"rendered":"<p>Gids voor flamencodans tijdens de Flamencobi\u00ebnnale Sevilla 2026: grote namen, nieuwe talenten, premi\u00e8res, locaties en belangrijke data.<\/p>\n","protected":false},"author":1,"featured_media":14270,"comment_status":"closed","ping_status":"closed","sticky":false,"template":"","format":"standard","meta":{"_acf_changed":false,"wpai_generated_summary":"","_ayudawp_aiss_exclude":false,"_ayudawp_aiss_exclude_summary":false,"_ayudawp_aiss_summary":"","_ayudawp_aiss_summary_provider":"","_ayudawp_aiss_summary_hash":"","footnotes":""},"categories":[1432],"tags":[1227,1228,1229,1866,1230,1133,1423,423,1872],"class_list":["post-14281","post","type-post","status-publish","format-standard","has-post-thumbnail","hentry","category-flamencobiennale","tag-agenda-flamenca","tag-bienal-2026","tag-bienal-de-flamenco","tag-dingen-om-te-doen-in-sevilla","tag-festivales-flamencos","tag-flamenco-en-sevilla","tag-flamencodans","tag-sevilla","tag-wat-te-zien-in-sevilla"],"acf":[],"yoast_head":"<!-- This site is optimized with the Yoast SEO Premium plugin v28.4 (Yoast SEO v28.4) - https:\/\/yoast.com\/product\/yoast-seo-premium-wordpress\/ -->\n<title>Dans op de Flamencobi\u00ebnnale Sevilla 2026: grote namen en nieuwe generatie<\/title>\n<meta name=\"description\" content=\"Gids voor flamencodans op de Flamencobi\u00ebnnale Sevilla 2026: Sara Baras, Israel Galv\u00e1n, Manuel Li\u00f1\u00e1n, Farruquito, nieuwe talenten, premi\u00e8res en belangrijke data.\" \/>\n<meta name=\"robots\" content=\"index, follow, max-snippet:-1, max-image-preview:large, max-video-preview:-1\" \/>\n<link rel=\"canonical\" href=\"https:\/\/www.tablaosflamencos.com\/nl\/flamencodans-biennale-sevilla-2026.html\" \/>\n<meta property=\"og:locale\" content=\"nl_NL\" \/>\n<meta property=\"og:type\" content=\"article\" \/>\n<meta property=\"og:title\" content=\"De dans op de Flamencobi\u00ebnnale 2026: van de grote namen tot de nieuwe generatie\" \/>\n<meta property=\"og:description\" content=\"Gids voor flamencodans op de Flamencobi\u00ebnnale Sevilla 2026: Sara Baras, Israel Galv\u00e1n, Manuel Li\u00f1\u00e1n, Farruquito, nieuwe talenten, premi\u00e8res en belangrijke data.\" \/>\n<meta property=\"og:url\" content=\"https:\/\/www.tablaosflamencos.com\/nl\/flamencodans-biennale-sevilla-2026.html\" \/>\n<meta property=\"og:site_name\" content=\"Tablaos Flamencos\" \/>\n<meta property=\"article:publisher\" content=\"https:\/\/www.facebook.com\/tablaosflamencos\" \/>\n<meta property=\"article:published_time\" content=\"2026-09-03T21:17:01+00:00\" \/>\n<meta property=\"article:modified_time\" content=\"2026-09-03T21:57:23+00:00\" \/>\n<meta property=\"og:image\" content=\"https:\/\/www.tablaosflamencos.com\/wp-content\/uploads\/el-baile-en-la-bienal-2026-de-las-grandes-figuras-a-la-nueva-generacion-01.webp\" \/>\n\t<meta property=\"og:image:width\" content=\"1672\" \/>\n\t<meta property=\"og:image:height\" content=\"941\" \/>\n\t<meta property=\"og:image:type\" content=\"image\/webp\" \/>\n<meta name=\"author\" content=\"Miguel Ortiz\" \/>\n<meta name=\"twitter:card\" content=\"summary_large_image\" \/>\n<meta name=\"twitter:creator\" content=\"@tablaosflamenco\" \/>\n<meta name=\"twitter:site\" content=\"@tablaosflamenco\" \/>\n<meta name=\"twitter:label1\" content=\"Geschreven door\" \/>\n\t<meta name=\"twitter:data1\" content=\"Miguel Ortiz\" \/>\n\t<meta name=\"twitter:label2\" content=\"Geschatte leestijd\" \/>\n\t<meta name=\"twitter:data2\" content=\"19 minuten\" \/>\n<script type=\"application\/ld+json\" class=\"yoast-schema-graph\">{\"@context\":\"https:\\\/\\\/schema.org\",\"@graph\":[{\"@type\":\"Article\",\"@id\":\"https:\\\/\\\/www.tablaosflamencos.com\\\/nl\\\/flamencodans-biennale-sevilla-2026.html#article\",\"isPartOf\":{\"@id\":\"https:\\\/\\\/www.tablaosflamencos.com\\\/nl\\\/flamencodans-biennale-sevilla-2026.html\"},\"author\":{\"name\":\"Miguel Ortiz\",\"@id\":\"https:\\\/\\\/www.tablaosflamencos.com\\\/nl#\\\/schema\\\/person\\\/e7a9ebe14eb75a52ceabfbffb3c54f5d\"},\"headline\":\"De dans op de Flamencobi\u00ebnnale 2026: van de grote namen tot de nieuwe generatie\",\"datePublished\":\"2026-09-03T21:17:01+00:00\",\"dateModified\":\"2026-09-03T21:57:23+00:00\",\"mainEntityOfPage\":{\"@id\":\"https:\\\/\\\/www.tablaosflamencos.com\\\/nl\\\/flamencodans-biennale-sevilla-2026.html\"},\"wordCount\":3740,\"publisher\":{\"@id\":\"https:\\\/\\\/www.tablaosflamencos.com\\\/nl#organization\"},\"image\":{\"@id\":\"https:\\\/\\\/www.tablaosflamencos.com\\\/nl\\\/flamencodans-biennale-sevilla-2026.html#primaryimage\"},\"thumbnailUrl\":\"https:\\\/\\\/www.tablaosflamencos.com\\\/wp-content\\\/uploads\\\/el-baile-en-la-bienal-2026-de-las-grandes-figuras-a-la-nueva-generacion-01.webp\",\"keywords\":[\"agenda flamenca\",\"Bienal 2026\",\"Bienal de Flamenco\",\"dingen om te doen in Sevilla\",\"festivales flamencos\",\"flamenco en Sevilla\",\"flamencodans\",\"sevilla\",\"wat te zien in Sevilla\"],\"articleSection\":[\"Flamencobi\u00ebnnale\"],\"inLanguage\":\"nl-NL\"},{\"@type\":\"WebPage\",\"@id\":\"https:\\\/\\\/www.tablaosflamencos.com\\\/nl\\\/flamencodans-biennale-sevilla-2026.html\",\"url\":\"https:\\\/\\\/www.tablaosflamencos.com\\\/nl\\\/flamencodans-biennale-sevilla-2026.html\",\"name\":\"Dans op de Flamencobi\u00ebnnale Sevilla 2026: grote namen en nieuwe generatie\",\"isPartOf\":{\"@id\":\"https:\\\/\\\/www.tablaosflamencos.com\\\/nl#website\"},\"primaryImageOfPage\":{\"@id\":\"https:\\\/\\\/www.tablaosflamencos.com\\\/nl\\\/flamencodans-biennale-sevilla-2026.html#primaryimage\"},\"image\":{\"@id\":\"https:\\\/\\\/www.tablaosflamencos.com\\\/nl\\\/flamencodans-biennale-sevilla-2026.html#primaryimage\"},\"thumbnailUrl\":\"https:\\\/\\\/www.tablaosflamencos.com\\\/wp-content\\\/uploads\\\/el-baile-en-la-bienal-2026-de-las-grandes-figuras-a-la-nueva-generacion-01.webp\",\"datePublished\":\"2026-09-03T21:17:01+00:00\",\"dateModified\":\"2026-09-03T21:57:23+00:00\",\"description\":\"Gids voor flamencodans op de Flamencobi\u00ebnnale Sevilla 2026: Sara Baras, Israel Galv\u00e1n, Manuel Li\u00f1\u00e1n, Farruquito, nieuwe talenten, premi\u00e8res en belangrijke data.\",\"breadcrumb\":{\"@id\":\"https:\\\/\\\/www.tablaosflamencos.com\\\/nl\\\/flamencodans-biennale-sevilla-2026.html#breadcrumb\"},\"inLanguage\":\"nl-NL\",\"potentialAction\":[{\"@type\":\"ReadAction\",\"target\":[\"https:\\\/\\\/www.tablaosflamencos.com\\\/nl\\\/flamencodans-biennale-sevilla-2026.html\"]}]},{\"@type\":\"ImageObject\",\"inLanguage\":\"nl-NL\",\"@id\":\"https:\\\/\\\/www.tablaosflamencos.com\\\/nl\\\/flamencodans-biennale-sevilla-2026.html#primaryimage\",\"url\":\"https:\\\/\\\/www.tablaosflamencos.com\\\/wp-content\\\/uploads\\\/el-baile-en-la-bienal-2026-de-las-grandes-figuras-a-la-nueva-generacion-01.webp\",\"contentUrl\":\"https:\\\/\\\/www.tablaosflamencos.com\\\/wp-content\\\/uploads\\\/el-baile-en-la-bienal-2026-de-las-grandes-figuras-a-la-nueva-generacion-01.webp\",\"width\":1672,\"height\":941,\"caption\":\"El baile en la Bienal 2026: de las grandes figuras a la nueva generaci\u00f3n\"},{\"@type\":\"BreadcrumbList\",\"@id\":\"https:\\\/\\\/www.tablaosflamencos.com\\\/nl\\\/flamencodans-biennale-sevilla-2026.html#breadcrumb\",\"itemListElement\":[{\"@type\":\"ListItem\",\"position\":1,\"name\":\"Home\",\"item\":\"https:\\\/\\\/www.tablaosflamencos.com\\\/nl\"},{\"@type\":\"ListItem\",\"position\":2,\"name\":\"De dans op de Flamencobi\u00ebnnale 2026: van de grote namen tot de nieuwe generatie\"}]},{\"@type\":\"WebSite\",\"@id\":\"https:\\\/\\\/www.tablaosflamencos.com\\\/nl#website\",\"url\":\"https:\\\/\\\/www.tablaosflamencos.com\\\/nl\",\"name\":\"Tablaos Flamencos\",\"description\":\"Entradas para tablaos flamencos de Espa\u00f1a\",\"publisher\":{\"@id\":\"https:\\\/\\\/www.tablaosflamencos.com\\\/nl#organization\"},\"alternateName\":\"Tablaos Flamencos\",\"potentialAction\":[{\"@type\":\"SearchAction\",\"target\":{\"@type\":\"EntryPoint\",\"urlTemplate\":\"https:\\\/\\\/www.tablaosflamencos.com\\\/nl?s={search_term_string}\"},\"query-input\":{\"@type\":\"PropertyValueSpecification\",\"valueRequired\":true,\"valueName\":\"search_term_string\"}}],\"inLanguage\":\"nl-NL\"},{\"@type\":[\"Organization\",\"Place\",\"EntertainmentBusiness\"],\"@id\":\"https:\\\/\\\/www.tablaosflamencos.com\\\/nl#organization\",\"name\":\"Tablaos Flamencos\",\"alternateName\":\"Tablaos Flamencos\",\"url\":\"https:\\\/\\\/www.tablaosflamencos.com\\\/nl\",\"logo\":{\"@id\":\"https:\\\/\\\/www.tablaosflamencos.com\\\/nl\\\/flamencodans-biennale-sevilla-2026.html#local-main-organization-logo\"},\"image\":{\"@id\":\"https:\\\/\\\/www.tablaosflamencos.com\\\/nl\\\/flamencodans-biennale-sevilla-2026.html#local-main-organization-logo\"},\"sameAs\":[\"https:\\\/\\\/www.facebook.com\\\/tablaosflamencos\",\"https:\\\/\\\/x.com\\\/tablaosflamenco\",\"https:\\\/\\\/mastodon.social\\\/@tablaosflamencos\",\"https:\\\/\\\/www.instagram.com\\\/tablaosflamencos\",\"https:\\\/\\\/tiktok.com\\\/@tablaosflamencos\",\"https:\\\/\\\/www.linkedin.com\\\/company\\\/109408238\\\/\"],\"description\":\"Venta de entradas para espect\u00e1culos flamencos\",\"legalName\":\"Tablaos Flamencos\",\"foundingDate\":\"2015-01-01\",\"numberOfEmployees\":{\"@type\":\"QuantitativeValue\",\"minValue\":\"1\",\"maxValue\":\"10\"},\"address\":{\"@id\":\"https:\\\/\\\/www.tablaosflamencos.com\\\/nl\\\/flamencodans-biennale-sevilla-2026.html#local-main-place-address\"},\"geo\":{\"@type\":\"GeoCoordinates\",\"latitude\":\"37.3868072\",\"longitude\":\"-5.993280299999999\"},\"telephone\":[\"+34623787787\"],\"contactPoint\":{\"@type\":\"ContactPoint\",\"telephone\":\"+34623787787\",\"email\":\"info@tablaosflamencos.com\"},\"openingHoursSpecification\":{\"@type\":\"OpeningHoursSpecification\",\"dayOfWeek\":[\"Monday\",\"Tuesday\",\"Wednesday\",\"Thursday\",\"Friday\",\"Saturday\",\"Sunday\"],\"opens\":\"00:00\",\"closes\":\"23:59\"},\"email\":\"info@tablaosflamencos.com\",\"priceRange\":\"$$$\",\"currenciesAccepted\":\"\u20ac\"},{\"@type\":\"Person\",\"@id\":\"https:\\\/\\\/www.tablaosflamencos.com\\\/nl#\\\/schema\\\/person\\\/e7a9ebe14eb75a52ceabfbffb3c54f5d\",\"name\":\"Miguel Ortiz\",\"description\":\"Miguel Ortiz es un empresario flamenco, con una s\u00f3lida trayectoria dentro del sector. Ha presidido entidades culturales vinculadas al flamenco y, cuenta con un amplio recorrido profesional en la gesti\u00f3n y promoci\u00f3n de espect\u00e1culos y tablaos flamencos. Su pasi\u00f3n por la historia y el arte flamenco se refleja en cada art\u00edculo, donde combina experiencia, criterio y un profundo respeto por la tradici\u00f3n.\",\"sameAs\":[\"https:\\\/\\\/www.tablaosflamencos.com\",\"https:\\\/\\\/www.instagra.com\\\/miguelortizfe\",\"https:\\\/\\\/www.linkedin.com\\\/in\\\/miguelortizf\\\/\"],\"birthDate\":\"1984-11-22\",\"gender\":\"hombre\",\"knowsLanguage\":[\"espa\u00f1ol\",\"ingl\u00e9s\"],\"jobTitle\":\"Empresario flamenco\"},{\"@type\":\"PostalAddress\",\"@id\":\"https:\\\/\\\/www.tablaosflamencos.com\\\/nl\\\/flamencodans-biennale-sevilla-2026.html#local-main-place-address\",\"streetAddress\":\"C\\\/ Alemanes, 19\",\"addressLocality\":\"Sevilla\",\"postalCode\":\"41004\",\"addressRegion\":\"Sevilla\",\"addressCountry\":\"ES\"},{\"@type\":\"ImageObject\",\"inLanguage\":\"nl-NL\",\"@id\":\"https:\\\/\\\/www.tablaosflamencos.com\\\/nl\\\/flamencodans-biennale-sevilla-2026.html#local-main-organization-logo\",\"url\":\"https:\\\/\\\/www.tablaosflamencos.com\\\/wp-content\\\/uploads\\\/tablaos-flamencos-06-3.webp\",\"contentUrl\":\"https:\\\/\\\/www.tablaosflamencos.com\\\/wp-content\\\/uploads\\\/tablaos-flamencos-06-3.webp\",\"width\":600,\"height\":620,\"caption\":\"Tablaos Flamencos\"}]}<\/script>\n<meta name=\"geo.placename\" content=\"Sevilla\" \/>\n<meta name=\"geo.position\" content=\"37.3868072;-5.993280299999999\" \/>\n<meta name=\"geo.region\" content=\"Spanje\" \/>\n<!-- \/ Yoast SEO Premium plugin. -->","yoast_head_json":{"title":"Dans op de Flamencobi\u00ebnnale Sevilla 2026: grote namen en nieuwe generatie","description":"Gids voor flamencodans op de Flamencobi\u00ebnnale Sevilla 2026: Sara Baras, Israel Galv\u00e1n, Manuel Li\u00f1\u00e1n, Farruquito, nieuwe talenten, premi\u00e8res en belangrijke data.","robots":{"index":"index","follow":"follow","max-snippet":"max-snippet:-1","max-image-preview":"max-image-preview:large","max-video-preview":"max-video-preview:-1"},"canonical":"https:\/\/www.tablaosflamencos.com\/nl\/flamencodans-biennale-sevilla-2026.html","og_locale":"nl_NL","og_type":"article","og_title":"De dans op de Flamencobi\u00ebnnale 2026: van de grote namen tot de nieuwe generatie","og_description":"Gids voor flamencodans op de Flamencobi\u00ebnnale Sevilla 2026: Sara Baras, Israel Galv\u00e1n, Manuel Li\u00f1\u00e1n, Farruquito, nieuwe talenten, premi\u00e8res en belangrijke data.","og_url":"https:\/\/www.tablaosflamencos.com\/nl\/flamencodans-biennale-sevilla-2026.html","og_site_name":"Tablaos Flamencos","article_publisher":"https:\/\/www.facebook.com\/tablaosflamencos","article_published_time":"2026-09-03T21:17:01+00:00","article_modified_time":"2026-09-03T21:57:23+00:00","og_image":[{"width":1672,"height":941,"url":"https:\/\/www.tablaosflamencos.com\/wp-content\/uploads\/el-baile-en-la-bienal-2026-de-las-grandes-figuras-a-la-nueva-generacion-01.webp","type":"image\/webp"}],"author":"Miguel Ortiz","twitter_card":"summary_large_image","twitter_creator":"@tablaosflamenco","twitter_site":"@tablaosflamenco","twitter_misc":{"Geschreven door":"Miguel Ortiz","Geschatte leestijd":"19 minuten"},"schema":{"@context":"https:\/\/schema.org","@graph":[{"@type":"Article","@id":"https:\/\/www.tablaosflamencos.com\/nl\/flamencodans-biennale-sevilla-2026.html#article","isPartOf":{"@id":"https:\/\/www.tablaosflamencos.com\/nl\/flamencodans-biennale-sevilla-2026.html"},"author":{"name":"Miguel Ortiz","@id":"https:\/\/www.tablaosflamencos.com\/nl#\/schema\/person\/e7a9ebe14eb75a52ceabfbffb3c54f5d"},"headline":"De dans op de Flamencobi\u00ebnnale 2026: van de grote namen tot de nieuwe generatie","datePublished":"2026-09-03T21:17:01+00:00","dateModified":"2026-09-03T21:57:23+00:00","mainEntityOfPage":{"@id":"https:\/\/www.tablaosflamencos.com\/nl\/flamencodans-biennale-sevilla-2026.html"},"wordCount":3740,"publisher":{"@id":"https:\/\/www.tablaosflamencos.com\/nl#organization"},"image":{"@id":"https:\/\/www.tablaosflamencos.com\/nl\/flamencodans-biennale-sevilla-2026.html#primaryimage"},"thumbnailUrl":"https:\/\/www.tablaosflamencos.com\/wp-content\/uploads\/el-baile-en-la-bienal-2026-de-las-grandes-figuras-a-la-nueva-generacion-01.webp","keywords":["agenda flamenca","Bienal 2026","Bienal de Flamenco","dingen om te doen in Sevilla","festivales flamencos","flamenco en Sevilla","flamencodans","sevilla","wat te zien in Sevilla"],"articleSection":["Flamencobi\u00ebnnale"],"inLanguage":"nl-NL"},{"@type":"WebPage","@id":"https:\/\/www.tablaosflamencos.com\/nl\/flamencodans-biennale-sevilla-2026.html","url":"https:\/\/www.tablaosflamencos.com\/nl\/flamencodans-biennale-sevilla-2026.html","name":"Dans op de Flamencobi\u00ebnnale Sevilla 2026: grote namen en nieuwe generatie","isPartOf":{"@id":"https:\/\/www.tablaosflamencos.com\/nl#website"},"primaryImageOfPage":{"@id":"https:\/\/www.tablaosflamencos.com\/nl\/flamencodans-biennale-sevilla-2026.html#primaryimage"},"image":{"@id":"https:\/\/www.tablaosflamencos.com\/nl\/flamencodans-biennale-sevilla-2026.html#primaryimage"},"thumbnailUrl":"https:\/\/www.tablaosflamencos.com\/wp-content\/uploads\/el-baile-en-la-bienal-2026-de-las-grandes-figuras-a-la-nueva-generacion-01.webp","datePublished":"2026-09-03T21:17:01+00:00","dateModified":"2026-09-03T21:57:23+00:00","description":"Gids voor flamencodans op de Flamencobi\u00ebnnale Sevilla 2026: Sara Baras, Israel Galv\u00e1n, Manuel Li\u00f1\u00e1n, Farruquito, nieuwe talenten, premi\u00e8res en belangrijke data.","breadcrumb":{"@id":"https:\/\/www.tablaosflamencos.com\/nl\/flamencodans-biennale-sevilla-2026.html#breadcrumb"},"inLanguage":"nl-NL","potentialAction":[{"@type":"ReadAction","target":["https:\/\/www.tablaosflamencos.com\/nl\/flamencodans-biennale-sevilla-2026.html"]}]},{"@type":"ImageObject","inLanguage":"nl-NL","@id":"https:\/\/www.tablaosflamencos.com\/nl\/flamencodans-biennale-sevilla-2026.html#primaryimage","url":"https:\/\/www.tablaosflamencos.com\/wp-content\/uploads\/el-baile-en-la-bienal-2026-de-las-grandes-figuras-a-la-nueva-generacion-01.webp","contentUrl":"https:\/\/www.tablaosflamencos.com\/wp-content\/uploads\/el-baile-en-la-bienal-2026-de-las-grandes-figuras-a-la-nueva-generacion-01.webp","width":1672,"height":941,"caption":"El baile en la Bienal 2026: de las grandes figuras a la nueva generaci\u00f3n"},{"@type":"BreadcrumbList","@id":"https:\/\/www.tablaosflamencos.com\/nl\/flamencodans-biennale-sevilla-2026.html#breadcrumb","itemListElement":[{"@type":"ListItem","position":1,"name":"Home","item":"https:\/\/www.tablaosflamencos.com\/nl"},{"@type":"ListItem","position":2,"name":"De dans op de Flamencobi\u00ebnnale 2026: van de grote namen tot de nieuwe generatie"}]},{"@type":"WebSite","@id":"https:\/\/www.tablaosflamencos.com\/nl#website","url":"https:\/\/www.tablaosflamencos.com\/nl","name":"Tablaos Flamencos","description":"Entradas para tablaos flamencos de Espa\u00f1a","publisher":{"@id":"https:\/\/www.tablaosflamencos.com\/nl#organization"},"alternateName":"Tablaos Flamencos","potentialAction":[{"@type":"SearchAction","target":{"@type":"EntryPoint","urlTemplate":"https:\/\/www.tablaosflamencos.com\/nl?s={search_term_string}"},"query-input":{"@type":"PropertyValueSpecification","valueRequired":true,"valueName":"search_term_string"}}],"inLanguage":"nl-NL"},{"@type":["Organization","Place","EntertainmentBusiness"],"@id":"https:\/\/www.tablaosflamencos.com\/nl#organization","name":"Tablaos Flamencos","alternateName":"Tablaos Flamencos","url":"https:\/\/www.tablaosflamencos.com\/nl","logo":{"@id":"https:\/\/www.tablaosflamencos.com\/nl\/flamencodans-biennale-sevilla-2026.html#local-main-organization-logo"},"image":{"@id":"https:\/\/www.tablaosflamencos.com\/nl\/flamencodans-biennale-sevilla-2026.html#local-main-organization-logo"},"sameAs":["https:\/\/www.facebook.com\/tablaosflamencos","https:\/\/x.com\/tablaosflamenco","https:\/\/mastodon.social\/@tablaosflamencos","https:\/\/www.instagram.com\/tablaosflamencos","https:\/\/tiktok.com\/@tablaosflamencos","https:\/\/www.linkedin.com\/company\/109408238\/"],"description":"Venta de entradas para espect\u00e1culos flamencos","legalName":"Tablaos Flamencos","foundingDate":"2015-01-01","numberOfEmployees":{"@type":"QuantitativeValue","minValue":"1","maxValue":"10"},"address":{"@id":"https:\/\/www.tablaosflamencos.com\/nl\/flamencodans-biennale-sevilla-2026.html#local-main-place-address"},"geo":{"@type":"GeoCoordinates","latitude":"37.3868072","longitude":"-5.993280299999999"},"telephone":["+34623787787"],"contactPoint":{"@type":"ContactPoint","telephone":"+34623787787","email":"info@tablaosflamencos.com"},"openingHoursSpecification":{"@type":"OpeningHoursSpecification","dayOfWeek":["Monday","Tuesday","Wednesday","Thursday","Friday","Saturday","Sunday"],"opens":"00:00","closes":"23:59"},"email":"info@tablaosflamencos.com","priceRange":"$$$","currenciesAccepted":"\u20ac"},{"@type":"Person","@id":"https:\/\/www.tablaosflamencos.com\/nl#\/schema\/person\/e7a9ebe14eb75a52ceabfbffb3c54f5d","name":"Miguel Ortiz","description":"Miguel Ortiz es un empresario flamenco, con una s\u00f3lida trayectoria dentro del sector. Ha presidido entidades culturales vinculadas al flamenco y, cuenta con un amplio recorrido profesional en la gesti\u00f3n y promoci\u00f3n de espect\u00e1culos y tablaos flamencos. Su pasi\u00f3n por la historia y el arte flamenco se refleja en cada art\u00edculo, donde combina experiencia, criterio y un profundo respeto por la tradici\u00f3n.","sameAs":["https:\/\/www.tablaosflamencos.com","https:\/\/www.instagra.com\/miguelortizfe","https:\/\/www.linkedin.com\/in\/miguelortizf\/"],"birthDate":"1984-11-22","gender":"hombre","knowsLanguage":["espa\u00f1ol","ingl\u00e9s"],"jobTitle":"Empresario flamenco"},{"@type":"PostalAddress","@id":"https:\/\/www.tablaosflamencos.com\/nl\/flamencodans-biennale-sevilla-2026.html#local-main-place-address","streetAddress":"C\/ Alemanes, 19","addressLocality":"Sevilla","postalCode":"41004","addressRegion":"Sevilla","addressCountry":"ES"},{"@type":"ImageObject","inLanguage":"nl-NL","@id":"https:\/\/www.tablaosflamencos.com\/nl\/flamencodans-biennale-sevilla-2026.html#local-main-organization-logo","url":"https:\/\/www.tablaosflamencos.com\/wp-content\/uploads\/tablaos-flamencos-06-3.webp","contentUrl":"https:\/\/www.tablaosflamencos.com\/wp-content\/uploads\/tablaos-flamencos-06-3.webp","width":600,"height":620,"caption":"Tablaos Flamencos"}]},"geo.placename":"Sevilla","geo.position":{"lat":"37.3868072","long":"-5.993280299999999"},"geo.region":"Spanje"},"_links":{"self":[{"href":"https:\/\/www.tablaosflamencos.com\/nl\/wp-json\/wp\/v2\/posts\/14281","targetHints":{"allow":["GET"]}}],"collection":[{"href":"https:\/\/www.tablaosflamencos.com\/nl\/wp-json\/wp\/v2\/posts"}],"about":[{"href":"https:\/\/www.tablaosflamencos.com\/nl\/wp-json\/wp\/v2\/types\/post"}],"author":[{"embeddable":true,"href":"https:\/\/www.tablaosflamencos.com\/nl\/wp-json\/wp\/v2\/users\/1"}],"replies":[{"embeddable":true,"href":"https:\/\/www.tablaosflamencos.com\/nl\/wp-json\/wp\/v2\/comments?post=14281"}],"version-history":[{"count":2,"href":"https:\/\/www.tablaosflamencos.com\/nl\/wp-json\/wp\/v2\/posts\/14281\/revisions"}],"predecessor-version":[{"id":14328,"href":"https:\/\/www.tablaosflamencos.com\/nl\/wp-json\/wp\/v2\/posts\/14281\/revisions\/14328"}],"wp:featuredmedia":[{"embeddable":true,"href":"https:\/\/www.tablaosflamencos.com\/nl\/wp-json\/wp\/v2\/media\/14270"}],"wp:attachment":[{"href":"https:\/\/www.tablaosflamencos.com\/nl\/wp-json\/wp\/v2\/media?parent=14281"}],"wp:term":[{"taxonomy":"category","embeddable":true,"href":"https:\/\/www.tablaosflamencos.com\/nl\/wp-json\/wp\/v2\/categories?post=14281"},{"taxonomy":"post_tag","embeddable":true,"href":"https:\/\/www.tablaosflamencos.com\/nl\/wp-json\/wp\/v2\/tags?post=14281"}],"curies":[{"name":"wp","href":"https:\/\/api.w.org\/{rel}","templated":true}]}}