{"id":14196,"date":"2026-09-03T01:21:11","date_gmt":"2026-09-02T23:21:11","guid":{"rendered":"https:\/\/www.tablaosflamencos.com\/?p=14196"},"modified":"2026-09-03T01:39:10","modified_gmt":"2026-09-02T23:39:10","slug":"hotel-triana-flamencobiennale-sevilla-2026","status":"publish","type":"post","link":"https:\/\/www.tablaosflamencos.com\/nl\/hotel-triana-flamencobiennale-sevilla-2026.html","title":{"rendered":"De Bi\u00ebnnale keert terug naar Hotel Triana: drie flamencoavonden in een historische woonhof"},"content":{"rendered":"<section class=\"l-section wpb_row height_huge\"><div class=\"l-section-h i-cf\"><div class=\"g-cols vc_row via_flex valign_middle type_default stacking_default\"><div class=\"vc_col-sm-6 wpb_column vc_column_container\"><div class=\"vc_column-inner\"><div class=\"wpb_wrapper\"><div class=\"wpb_text_column\"><div class=\"wpb_wrapper\"><p>De <a href=\"https:\/\/www.tablaosflamencos.com\/bienal-flamenco-sevilla-2026.html\"><strong>Flamencobi\u00ebnnale van Sevilla 2026<\/strong><\/a> brengt een van de locaties terug die het nauwst met haar recente geschiedenis verbonden zijn. Na vier jaar buiten het programma opent Hotel Triana zijn binnenplaats opnieuw voor flamenco tijdens drie opeenvolgende late avonden, op <strong>17, 18 en 19 september 2026<\/strong>, telkens om <strong>23.00 uur<\/strong>.<\/p>\n<p>Het is geen conventioneel theater en ook geen hotel dat in bedrijf is. Het historische gebouw werd opgetrokken voor de Ibero-Amerikaanse Tentoonstelling van 1929 en later omgevormd tot een corral de vecinos, een gemeenschappelijke woonvorm rond een binnenplaats. De galerijen, U-vormige plattegrond en nabijheid van artiesten en publiek maken elke voorstelling tot een ervaring die op geen andere locatie van de Bi\u00ebnnale gemakkelijk te evenaren is.<\/p>\n<\/div><\/div><\/div><\/div><\/div><div class=\"vc_col-sm-6 wpb_column vc_column_container\"><div class=\"vc_column-inner\"><div class=\"wpb_wrapper\"><div class=\"w-image us_custom_83db15f5 has_aspect_ratio align_center\"><div class=\"w-image-h\"><img fetchpriority=\"high\" decoding=\"async\" width=\"1024\" height=\"683\" src=\"https:\/\/www.tablaosflamencos.com\/wp-content\/uploads\/hotel-triana-bienal-flamenco-sevilla-2026-patio-1024x683.webp\" class=\"attachment-large size-large\" alt=\"La Bienal vuelve al Hotel Triana: tres noches de flamenco en un antiguo corral de vecinos\" loading=\"eager\" srcset=\"https:\/\/www.tablaosflamencos.com\/wp-content\/uploads\/hotel-triana-bienal-flamenco-sevilla-2026-patio-1024x683.webp 1024w, https:\/\/www.tablaosflamencos.com\/wp-content\/uploads\/hotel-triana-bienal-flamenco-sevilla-2026-patio-300x200.webp 300w, https:\/\/www.tablaosflamencos.com\/wp-content\/uploads\/hotel-triana-bienal-flamenco-sevilla-2026-patio-600x400.webp 600w, https:\/\/www.tablaosflamencos.com\/wp-content\/uploads\/hotel-triana-bienal-flamenco-sevilla-2026-patio-150x100.webp 150w, https:\/\/www.tablaosflamencos.com\/wp-content\/uploads\/hotel-triana-bienal-flamenco-sevilla-2026-patio.webp 1536w\" sizes=\"auto, (max-width: 1024px) 100vw, 1024px\" \/><\/div><\/div><\/div><\/div><\/div><\/div><\/div><\/section><section class=\"l-section wpb_row height_huge color_alternate with_shape\"><div class=\"l-section-shape type_zigzag pos_top hor_flip\" style=\"height:3vmin;\"><svg xmlns=\"http:\/\/www.w3.org\/2000\/svg\" viewBox=\"0 0 64 8\" preserveAspectRatio=\"none\" width=\"100%\" height=\"100%\">\r\n\t<path fill=\"currentColor\" d=\"M64 8 L0 8 L0 0 L20 7.9 L40 3 L48 5 L64 0 Z\"\/>\r\n<\/svg><\/div><div class=\"l-section-shape type_zigzag pos_bottom\" style=\"height:3vmin;\"><svg xmlns=\"http:\/\/www.w3.org\/2000\/svg\" viewBox=\"0 0 64 8\" preserveAspectRatio=\"none\" width=\"100%\" height=\"100%\">\r\n\t<path fill=\"currentColor\" d=\"M64 8 L0 8 L0 0 L20 7.9 L40 3 L48 5 L64 0 Z\"\/>\r\n<\/svg><\/div><div class=\"l-section-h i-cf\"><div class=\"g-cols vc_row via_flex valign_top type_default stacking_default\"><div class=\"vc_col-sm-12 wpb_column vc_column_container\"><div class=\"vc_column-inner\"><div class=\"wpb_wrapper\"><div class=\"wpb_text_column\"><div class=\"wpb_wrapper\"><blockquote>\n<p><strong>Kort antwoord:<\/strong> Hotel Triana organiseert drie Unieke Avonden van de Bi\u00ebnnale 2026: <em>Mujeres gitanas<\/em>, op 17 september; <em>Uvitas negras<\/em>, op de 18e; en <em>Andaluc\u00eda en el tiempo<\/em>, op de 19e. De drie avonden beginnen om 23.00 uur en zijn respectievelijk gewijd aan Gitano-vrouwen, de flamenco van Los Palacios en de herinnering aan de cantes uit de acht Andalusische provincies.<\/p>\n<\/blockquote>\n<\/div><\/div><\/div><\/div><\/div><\/div><\/div><\/section><section class=\"l-section wpb_row height_huge\"><div class=\"l-section-h i-cf\"><div class=\"g-cols vc_row via_flex valign_top type_default stacking_default\"><div class=\"vc_col-sm-12 wpb_column vc_column_container\"><div class=\"vc_column-inner\"><div class=\"wpb_wrapper\"><div class=\"wpb_text_column\"><div class=\"wpb_wrapper\"><h2>Programma van Hotel Triana tijdens de Bi\u00ebnnale 2026<\/h2>\n<div style=\"overflow-x: auto;\">\n<table>\n<thead>\n<tr>\n<th>Datum<\/th>\n<th>Tijd<\/th>\n<th>Voorstelling<\/th>\n<th>Artiesten<\/th>\n<\/tr>\n<\/thead>\n<tbody>\n<tr>\n<td>17 september<\/td>\n<td>23.00 uur<\/td>\n<td><strong>Mujeres gitanas<\/strong><\/td>\n<td>Remedios Amaya, Montse Cort\u00e9s, La Fabi en Josemi Carmona<\/td>\n<\/tr>\n<tr>\n<td>18 september<\/td>\n<td>23.00 uur<\/td>\n<td><strong>Uvitas negras<\/strong><\/td>\n<td>75-jarig bestaan van Pe\u00f1a El Pozo de las Penas uit Los Palacios<\/td>\n<\/tr>\n<tr>\n<td>19 september<\/td>\n<td>23.00 uur<\/td>\n<td><strong>Andaluc\u00eda en el tiempo<\/strong><\/td>\n<td>Artiesten uit de acht Andalusische provincies onder leiding van Manuel Curao<\/td>\n<\/tr>\n<\/tbody>\n<\/table>\n<\/div>\n<p>&nbsp;<\/p>\n<p>De drie producties zijn geclassificeerd als <strong>Unieke Avonden<\/strong>: ontmoetingen die speciaal voor deze editie zijn gecre\u00eberd en die met dezelfde bezetting en in dezelfde context moeilijk opnieuw te beleven zullen zijn. Bekijk hun plaats binnen de rest van de reeks in onze gids over de <a href=\"https:\/\/www.tablaosflamencos.com\/noches-unicas-bienal-flamenco-sevilla-2026.html\"><strong>Unieke Avonden van de Bi\u00ebnnale 2026<\/strong><\/a>.<\/p>\n<\/div><\/div><div class=\"w-separator size_medium\"><\/div><div class=\"w-hwrapper valign_top wrap align_center\" style=\"--hwrapper-gap:1.2rem\"><div class=\"w-btn-wrapper align_none\"><a class=\"w-btn us-btn-style_1\" href=\"https:\/\/www.tablaosflamencos.com\/bienal-flamenco-sevilla-2026.html\"><span class=\"w-btn-label\">Volledige gids voor de Bi\u00ebnnale 2026<\/span><\/a><\/div><div class=\"w-btn-wrapper align_none\"><a class=\"w-btn us-btn-style_11\" href=\"https:\/\/www.tablaosflamencos.com\/noches-unicas-bienal-flamenco-sevilla-2026.html\"><span class=\"w-btn-label\">Kalender van de Unieke Avonden<\/span><\/a><\/div><\/div><\/div><\/div><\/div><\/div><\/div><\/section><section class=\"l-section wpb_row height_huge color_alternate with_shape\"><div class=\"l-section-shape type_zigzag pos_top hor_flip\" style=\"height:3vmin;\"><svg xmlns=\"http:\/\/www.w3.org\/2000\/svg\" viewBox=\"0 0 64 8\" preserveAspectRatio=\"none\" width=\"100%\" height=\"100%\">\r\n\t<path fill=\"currentColor\" d=\"M64 8 L0 8 L0 0 L20 7.9 L40 3 L48 5 L64 0 Z\"\/>\r\n<\/svg><\/div><div class=\"l-section-shape type_tilt pos_bottom\" style=\"height:3vmin;\"><svg xmlns=\"http:\/\/www.w3.org\/2000\/svg\" viewBox=\"0 0 64 8\" preserveAspectRatio=\"none\" width=\"100%\" height=\"100%\">\r\n\t<path fill=\"currentColor\" d=\"M64 7.9 L64 10 L0 10 L0 0 Z\"\/>\r\n<\/svg><\/div><div class=\"l-section-h i-cf\"><div class=\"g-cols vc_row via_flex valign_top type_default stacking_default\"><div class=\"vc_col-sm-6 wpb_column vc_column_container\"><div class=\"vc_column-inner\"><div class=\"wpb_wrapper\"><div class=\"wpb_text_column\"><div class=\"wpb_wrapper\"><h2>Waarom de terugkeer van Hotel Triana een van de grote verhalen van de Bi\u00ebnnale is<\/h2>\n<p>Hotel Triana keert niet alleen als schilderachtige locatie terug in het programma. De Bi\u00ebnnale heeft deze binnenplaats van oudsher gebruikt om een manier van flamenco beleven te herstellen die verbonden is met buurten, families, pe\u00f1as en bijeenkomsten die tot diep in de nacht doorgaan. De laatste editie met deze locatie was die van 2022; de terugkeer in 2026 volgt dus <strong>vier jaar later<\/strong>.<\/p>\n<p>De directeur van de Bi\u00ebnnale, Luis Ybarra, heeft deze avonden opgevat als een viering van authenticiteit, een ontmoetingspunt voor flamenco laat op de avond en een oefening in herinnering. Dat idee loopt door het hele programma: eerst drie Gitano-vrouwen met zeer verschillende loopbanen, daarna drie generaties flamenco uit Los Palacios en tot slot vertolkers die stijlen en repertoires bewaren die met verschillende delen van Andalusi\u00eb verbonden zijn.<\/p>\n<p>De terugkeer van Hotel Triana sluit bovendien aan bij een andere belangrijke heropleving in 2026: de heropening van Teatro Lope de Vega. Toch vervullen beide locaties tegengestelde en aanvullende functies. Het Lope biedt de plechtigheid van een historisch theater; Hotel Triana geeft het festival de intieme sfeer van een bewoonde binnenplaats terug, met het publiek rondom en de volksarchitectuur als onderdeel van het toneel.<\/p>\n<p>In een editie met grote producties, premi\u00e8res en onderzoekende voorstellingen kiezen deze drie nachten voor mondelinge overdracht, cante, gebied en herinnering. Daarin schuilt hun bijzondere karakter.<\/p>\n<\/div><\/div><\/div><\/div><\/div><div class=\"vc_col-sm-6 wpb_column vc_column_container\"><div class=\"vc_column-inner\"><div class=\"wpb_wrapper\"><div class=\"wpb_text_column\"><div class=\"wpb_wrapper\"><h2>Een voormalig hotel uit 1929 dat een corral de vecinos werd<\/h2>\n<p>Het gebouw staat aan <strong>Calle Clara de Jes\u00fas Montero 28<\/strong>, tussen deze straat en Calle Manuel Arellano. Het werd tussen 1927 en 1929 gebouwd om bezoekers van de Ibero-Amerikaanse Tentoonstelling te huisvesten, maar heeft uiteindelijk nooit als het geplande hotel gefunctioneerd. Later werd het een gemeenschappelijke woning en ging het deel uitmaken van de traditie van de corrales de vecinos van Triana.<\/p>\n<p>Het telt drie verdiepingen, binnengalerijen en een U-vormige structuur rond de binnenplaats. In de jaren tachtig werd het gerenoveerd met de bedoeling traditionele buurtfamilies er te laten wonen. Het pand is eigendom van de gemeente Sevilla en heeft nog altijd een woonfunctie. Daarom is het belangrijk te weten: <strong>Hotel Triana is geen toeristische accommodatie en evenmin een permanent geopende culturele locatie<\/strong>.<\/p>\n<p>Juist daarom zijn voorstellingen op de binnenplaats uitzonderlijk. De architectuur is geen decor dat het buurtleven moet oproepen; het is de echte architectuur van de corral, met balkons, galerijen en huiselijke verhoudingen. Het publiek luistert niet alleen naar de cante: enkele uren lang betreedt het een plek die een deel van de sociale geschiedenis van Triana bewaart.<\/p>\n<p>Wil je andere bijzondere locaties van deze editie ontdekken, bekijk dan onze selectie van <a href=\"https:\/\/www.tablaosflamencos.com\/espacios-espectaculares-bienal-flamenco-sevilla-2026.html\"><strong>de spectaculairste locaties van de Flamencobi\u00ebnnale van Sevilla 2026<\/strong><\/a>.<\/p>\n<\/div><\/div><\/div><\/div><\/div><\/div><\/div><\/section><section class=\"l-section wpb_row height_huge\"><div class=\"l-section-h i-cf\"><div class=\"g-cols vc_row via_flex valign_top type_default stacking_default\"><div class=\"vc_col-sm-12 wpb_column vc_column_container\"><div class=\"vc_column-inner\"><div class=\"wpb_wrapper\"><div class=\"wpb_text_column\"><div class=\"wpb_wrapper\"><h2>17 september: Mujeres gitanas<\/h2>\n<p>De eerste avond brengt samen: <strong>Remedios Amaya, Montse Cort\u00e9s en La Fabi<\/strong>, op gitaar begeleid door <strong>Josemi Carmona<\/strong>. De ontmoeting komt voort uit een idee rond de flamencomusical <em>La verdad duele<\/em> en wil een directe, organische expressie zonder overbodige elementen terugbrengen, met de Gitano-vrouw centraal in het verhaal.<\/p>\n<p>De drie zangeressen vertegenwoordigen zeer verschillende ervaringen. Remedios Amaya heeft een nauwe band met Triana en neemt een eigen plaats in onder de grote flamencostemmen van de afgelopen decennia. Haar cante kan van diepe ernst overgaan in een ritmische energie die vanaf de eerste maten herkenbaar is.<\/p>\n<p>Montse Cort\u00e9s brengt een interpretatieve diepgang mee die ze ontwikkelde naast grootheden als Paco de Luc\u00eda, Sara Baras en Farruquito. La Fabi heeft op haar beurt veel ervaring met zang voor dans en een beheersing van de comp\u00e1s die haar tot een van de meest gevraagde stemmen bij grote dansers en gezelschappen heeft gemaakt.<\/p>\n<p>Josemi Carmona slaat de muzikale brug tussen traditie en het heden. De offici\u00eble vermelding omvat ook Jos\u00e9 Serrano, Israel Guti\u00e9rrez \u2018Pira\u00f1a\u2019, \u00c1lvaro Llanos en Los Cherokee. De avond is meer dan een opeenvolging van afzonderlijke recitals: hij is bedoeld als ontmoeting tussen stemmen, familieherinnering en verschillende manieren om cante te begrijpen.<\/p>\n<p>Het concept past bijzonder goed bij Hotel Triana. Spreken over mondelinge overdracht en flamenco die door samenleven wordt geleerd, krijgt een andere betekenis op de binnenplaats van een voormalige gemeenschappelijke woning.<\/p>\n<h2>18 september: Uvitas negras en de flamenco van Los Palacios<\/h2>\n<p>De tweede avond viert het <strong>75-jarig bestaan van Pe\u00f1a Flamenca El Pozo de las Penas<\/strong>, een centrale instelling in het culturele leven van Los Palacios y Villafranca. Het is de eerste keer dat deze plaats als gastgebied aan de Bi\u00ebnnale deelneemt.<\/p>\n<p>De titel <em>Uvitas negras<\/em> verwijst naar de bekende straatroep die Manolo Caracol aan de druif uit Los Palacios wijdde. Vanuit die verwijzing roept de voorstelling de flamencobijeenkomsten van de pe\u00f1a op en brengt zij verschillende generaties artiesten samen die met de gemeente verbonden zijn.<\/p>\n<p>De bezetting omvat <strong>Itoly de Los Palacios, Juan \u2018El Distinguido\u2019, Nene Escalera, Manuel Orta, Miguel Ortega, Jos\u00e9 \u00c1ngel Carmona, Anabel de Vico en Juanelo<\/strong>. Een van de meest verwachte momenten van de avond wordt bovendien de terugkeer van <strong>Juan Manuel \u2018El Mistela\u2019<\/strong> als danser op de podia van Sevilla.<\/p>\n<p>Op gitaar spelen Ni\u00f1o Fraile en als gasten Salvador Guti\u00e9rrez en Juan Requena. De artistieke leiding is in handen van <strong>Manuel Curao<\/strong>. Het doel is niet om een stilstaand beeld van het verleden te tonen, maar om de continu\u00efteit zichtbaar te maken tussen historische artiesten, vertolkers in hun volle artistieke rijpheid en jongere generaties.<\/p>\n<p>Los Palacios heeft een eigen flamenco-identiteit en een uitzonderlijk belangrijk netwerk van pe\u00f1as. <em>Uvitas negras<\/em> laat horen hoe die identiteit zeven en een half decennium lang is doorgegeven, veranderd en levend gehouden.<\/p>\n<h2>19 september: Andaluc\u00eda en el tiempo<\/h2>\n<p>De laatste avond verruimt de blik van \u00e9\u00e9n gemeente naar heel Andalusi\u00eb. <em>Andaluc\u00eda en el tiempo<\/em> brengt zangers en zangeressen uit de verschillende provincies samen, van wie velen tegenwoordig buiten de gebruikelijke circuits staan of zich van het podium hebben teruggetrokken.<\/p>\n<p>De aangekondigde bezetting omvat <strong>El Pecas<\/strong>, uit Huelva; <strong>Diego \u2018El Boquer\u00f3n\u2019<\/strong>, uit Sevilla; <strong>Carmen de la Jara<\/strong>, uit C\u00e1diz; <strong>Curro Lucena<\/strong>, uit C\u00f3rdoba; <strong>Joselete de Linares<\/strong>, uit Ja\u00e9n; <strong>Jaime \u2018El Parr\u00f3n\u2019<\/strong>, uit Granada; <strong>Paqui Corpas<\/strong>, uit M\u00e1laga; en <strong>Jos\u00e9 Sorroche<\/strong>, uit Almer\u00eda. Ook <strong>Romerito de Jerez<\/strong>sluit aan, een bijzonder waardevolle aanwezigheid vanwege zijn leeftijd, geheugen en loopbaan.<\/p>\n<p>De gitaren van <strong>Antonio Carri\u00f3n en Eduardo Rebollar<\/strong> begeleiden een tocht langs sole\u00e1s, seguiriyas, tangos, fandangos, malague\u00f1as, abandolaos, cantes mineros, canti\u00f1as en buler\u00edas. Manuel Curao neemt opnieuw de artistieke leiding op zich.<\/p>\n<p>Het doel is niet een starre catalogus te maken waarin elke provincie tot \u00e9\u00e9n palo wordt beperkt. De voorstelling wil de diversiteit tonen van accenten, scholen, lokale varianten en manieren van zingen die samen de Andalusische flamencogeografie vormen. Door deze artiesten op \u00e9\u00e9n binnenplaats bijeen te brengen, wordt de avond een zeldzame kans om repertoires en stemmen te horen die op hedendaagse festivals nauwelijks samenkomen.<\/p>\n<\/div><\/div><\/div><\/div><\/div><\/div><\/div><\/section><section class=\"l-section wpb_row height_huge color_alternate with_shape\"><div class=\"l-section-shape type_zigzag pos_top\" style=\"height:3vmin;\"><svg xmlns=\"http:\/\/www.w3.org\/2000\/svg\" viewBox=\"0 0 64 8\" preserveAspectRatio=\"none\" width=\"100%\" height=\"100%\">\r\n\t<path fill=\"currentColor\" d=\"M64 8 L0 8 L0 0 L20 7.9 L40 3 L48 5 L64 0 Z\"\/>\r\n<\/svg><\/div><div class=\"l-section-shape type_zigzag pos_bottom\" style=\"height:3vmin;\"><svg xmlns=\"http:\/\/www.w3.org\/2000\/svg\" viewBox=\"0 0 64 8\" preserveAspectRatio=\"none\" width=\"100%\" height=\"100%\">\r\n\t<path fill=\"currentColor\" d=\"M64 8 L0 8 L0 0 L20 7.9 L40 3 L48 5 L64 0 Z\"\/>\r\n<\/svg><\/div><div class=\"l-section-h i-cf\"><div class=\"g-cols vc_row via_flex valign_top type_default stacking_default\"><div class=\"vc_col-sm-12 wpb_column vc_column_container\"><div class=\"vc_column-inner\"><div class=\"wpb_wrapper\"><div class=\"wpb_text_column\"><div class=\"wpb_wrapper\"><h2>Zo verlopen de late avonden<\/h2>\n<p>Alle drie de voorstellingen beginnen om <strong>23.00 uur<\/strong>. Het tijdstip is bewust gekozen: Hotel Triana sluit de programma\u2019s op 17, 18 en 19 september af met een andere sfeer dan de vroegere voorstellingen. Het concept van de late avond nodigt uit om het flamencogesprek van de dag voort te zetten en te eindigen op een plek waar nabijheid belangrijker is dan een grootschalige toneelproductie.<\/p>\n<p>De binnenplaats en galerijen bevorderen een directe relatie met het geluid. Door de menselijke schaal kan de ervaring doen denken aan een bijeenkomst of een vroegere flamenco-convivencia, al blijft het een geplande en georganiseerde voorstelling binnen de Bi\u00ebnnale.<\/p>\n<p>Sommige avonden zijn ook te combineren met andere voorstellingen. Op 17 september treedt Arc\u00e1ngel om 20.00 uur op in het Lope de Vega, v\u00f3\u00f3r <em>Mujeres gitanas<\/em>. Op de 18e presenteert Antonio Reyes <em>Seis cuerdas, seis<\/em> om 20.00 uur, eveneens in het Lope, v\u00f3\u00f3r <em>Uvitas negras<\/em>. Op de 19e beginnen Ca\u00f1izares en het Koninklijk Symfonieorkest van Sevilla om 20.00 uur in het Teatro de la Maestranza, drie uur v\u00f3\u00f3r <em>Andaluc\u00eda en el tiempo<\/em>.<\/p>\n<p>Voor deze combinaties moet je rekening houden met reistijd en het verlaten van elke locatie. Plan activiteiten niet te strak en ga er niet van uit dat elke voorstelling exact op een bepaald tijdstip eindigt.<\/p>\n<h2>Praktische informatie: locatie, tickets en aanbevelingen<\/h2>\n<ul>\n<li><strong>Locatie:<\/strong> Hotel Triana, Calle Clara de Jes\u00fas Montero 28, Sevilla.<\/li>\n<li><strong>Data:<\/strong> 17, 18 en 19 september 2026.<\/li>\n<li><strong>Tijd:<\/strong> 23.00 uur op alle drie de avonden.<\/li>\n<li><strong>Type programma:<\/strong> Unieke Avonden van de 24e Flamencobi\u00ebnnale.<\/li>\n<li><strong>Tickets:<\/strong> verkoop en beschikbaarheid via de offici\u00eble kanalen van de Bi\u00ebnnale.<\/li>\n<\/ul>\n<p>Met drie eenmalige bezettingen en zo\u2019n bijzondere locatie is het raadzaam de beschikbaarheid vooraf te controleren. Onze gids over <a href=\"https:\/\/www.tablaosflamencos.com\/bienal-flamenco-2026-entradas-precios-descuentos.html\"><strong>tickets, prijzen en kortingen voor de Bi\u00ebnnale 2026<\/strong><\/a> legt de verkoopkanalen, aangekondigde kortingen en aanbevelingen uit om doorverkoop of niet-offici\u00eble links te vermijden.<\/p>\n<p>Kom ruim op tijd, controleer de toegangsvoorwaarden op je ticket en raadpleeg de organisatie als je specifieke informatie over mobiliteit of toegankelijkheid nodig hebt. Omdat dit een woongebouw is dat bij uitzondering voor een cultureel evenement wordt geopend, moeten de aanwijzingen van het personeel en het dagelijkse leven van de bewoners altijd worden gerespecteerd.<\/p>\n<p>Het programma en de beschikbaarheid kunnen veranderen. Controleer v\u00f3\u00f3r vertrek altijd de <a href=\"https:\/\/www.labienal.com\/programa-general\/hotel-triana\" target=\"_blank\" rel=\"noopener\"><strong>offici\u00eble pagina van Hotel Triana op de website van de Bi\u00ebnnale<\/strong><\/a>.<\/p>\n<\/div><\/div><div class=\"w-separator size_medium\"><\/div><div class=\"w-hwrapper valign_top wrap align_center\" style=\"--hwrapper-gap:1.2rem\"><div class=\"w-btn-wrapper align_none\"><a class=\"w-btn us-btn-style_1\" href=\"https:\/\/www.tablaosflamencos.com\/bienal-flamenco-2026-entradas-precios-descuentos.html\"><span class=\"w-btn-label\">Tickets, prijzen en kortingen<\/span><\/a><\/div><div class=\"w-btn-wrapper align_none\"><a class=\"w-btn us-btn-style_11\" href=\"https:\/\/www.labienal.com\/programa-general\/hotel-triana\"><span class=\"w-btn-label\">Officieel programma van Hotel Triana<\/span><\/a><\/div><\/div><\/div><\/div><\/div><\/div><\/div><\/section><section class=\"l-section wpb_row height_huge\"><div class=\"l-section-h i-cf\"><div class=\"g-cols vc_row via_flex valign_top type_default stacking_default\"><div class=\"vc_col-sm-1\/5 wpb_column vc_column_container\"><div class=\"vc_column-inner\"><div class=\"wpb_wrapper\"><\/div><\/div><\/div><div class=\"vc_col-sm-3\/5 wpb_column vc_column_container\"><div class=\"vc_column-inner\"><div class=\"wpb_wrapper\"><div class=\"wpb_text_column\"><div class=\"wpb_wrapper\"><h2>Veelgestelde vragen over Hotel Triana tijdens de Bi\u00ebnnale 2026<\/h2>\n<\/div><\/div><div class=\"w-separator size_medium\"><\/div><div class=\"w-tabs accordion toggle_style_1 has_scrolling\" style=\"--sections-title-size:inherit;--sections-gap:0.5rem;\"><div class=\"w-tabs-sections titles-align_none icon_chevron cpos_right\"><div class=\"w-tabs-section\" id=\"z05c\" itemscope itemprop=\"mainEntity\" itemtype=\"https:\/\/schema.org\/Question\"><button type=\"button\" class=\"w-tabs-section-header\" aria-controls=\"content-z05c\" aria-expanded=\"false\"><div class=\"w-tabs-section-title\" itemprop=\"name\">Op welke dagen is er flamenco in Hotel Triana tijdens de Bi\u00ebnnale 2026?<\/div><div class=\"w-tabs-section-control\"><\/div><\/button><div  class=\"w-tabs-section-content\" id=\"content-z05c\" itemscope itemprop=\"acceptedAnswer\" itemtype=\"https:\/\/schema.org\/Answer\"><div class=\"w-tabs-section-content-h i-cf\" itemprop=\"text\"><div class=\"wpb_text_column\"><div class=\"wpb_wrapper\"><p>Hotel Triana organiseert voorstellingen op 17, 18 en 19 september 2026. Alle drie beginnen om 23.00 uur.<\/p>\n<\/div><\/div><\/div><\/div><\/div><div class=\"w-tabs-section\" id=\"b17f\" itemscope itemprop=\"mainEntity\" itemtype=\"https:\/\/schema.org\/Question\"><button type=\"button\" class=\"w-tabs-section-header\" aria-controls=\"content-b17f\" aria-expanded=\"false\"><div class=\"w-tabs-section-title\" itemprop=\"name\">Welke voorstellingen vinden plaats in Hotel Triana?<\/div><div class=\"w-tabs-section-control\"><\/div><\/button><div  class=\"w-tabs-section-content\" id=\"content-b17f\" itemscope itemprop=\"acceptedAnswer\" itemtype=\"https:\/\/schema.org\/Answer\"><div class=\"w-tabs-section-content-h i-cf\" itemprop=\"text\"><div class=\"wpb_text_column\"><div class=\"wpb_wrapper\"><p>Op 17 september staat <em>Mujeres gitanas<\/em>op het programma, op de 18e <em>Uvitas negras<\/em>en op de 19e <em>Andaluc\u00eda en el tiempo<\/em>. Alle drie zijn Unieke Avonden die voor de Bi\u00ebnnale zijn gecre\u00eberd.<\/p>\n<\/div><\/div><\/div><\/div><\/div><div class=\"w-tabs-section\" id=\"p267\" itemscope itemprop=\"mainEntity\" itemtype=\"https:\/\/schema.org\/Question\"><button type=\"button\" class=\"w-tabs-section-header\" aria-controls=\"content-p267\" aria-expanded=\"false\"><div class=\"w-tabs-section-title\" itemprop=\"name\">Is Hotel Triana een hotel waar ik een kamer kan boeken?<\/div><div class=\"w-tabs-section-control\"><\/div><\/button><div  class=\"w-tabs-section-content\" id=\"content-p267\" itemscope itemprop=\"acceptedAnswer\" itemtype=\"https:\/\/schema.org\/Answer\"><div class=\"w-tabs-section-content-h i-cf\" itemprop=\"text\"><div class=\"wpb_text_column\"><div class=\"wpb_wrapper\"><p>Nee. Hoewel het werd gebouwd om tijdens de Ibero-Amerikaanse Tentoonstelling van 1929 als hotel te dienen, werd het uiteindelijk een corral de vecinos. Tegenwoordig is het een gemeentelijk woongebouw dat zijn binnenplaats alleen voor bepaalde culturele activiteiten opent.<\/p>\n<\/div><\/div><\/div><\/div><\/div><div class=\"w-tabs-section\" id=\"d337\" itemscope itemprop=\"mainEntity\" itemtype=\"https:\/\/schema.org\/Question\"><button type=\"button\" class=\"w-tabs-section-header\" aria-controls=\"content-d337\" aria-expanded=\"false\"><div class=\"w-tabs-section-title\" itemprop=\"name\">Waar ligt Hotel Triana?<\/div><div class=\"w-tabs-section-control\"><\/div><\/button><div  class=\"w-tabs-section-content\" id=\"content-d337\" itemscope itemprop=\"acceptedAnswer\" itemtype=\"https:\/\/schema.org\/Answer\"><div class=\"w-tabs-section-content-h i-cf\" itemprop=\"text\"><div class=\"wpb_text_column\"><div class=\"wpb_wrapper\"><p>Het ligt aan Calle Clara de Jes\u00fas Montero 28 in de wijk Triana, tussen deze straat en Calle Manuel Arellano.<\/p>\n<\/div><\/div><\/div><\/div><\/div><div class=\"w-tabs-section\" id=\"p412\" itemscope itemprop=\"mainEntity\" itemtype=\"https:\/\/schema.org\/Question\"><button type=\"button\" class=\"w-tabs-section-header\" aria-controls=\"content-p412\" aria-expanded=\"false\"><div class=\"w-tabs-section-title\" itemprop=\"name\">Waar kan ik tickets kopen?<\/div><div class=\"w-tabs-section-control\"><\/div><\/button><div  class=\"w-tabs-section-content\" id=\"content-p412\" itemscope itemprop=\"acceptedAnswer\" itemtype=\"https:\/\/schema.org\/Answer\"><div class=\"w-tabs-section-content-h i-cf\" itemprop=\"text\"><div class=\"wpb_text_column\"><div class=\"wpb_wrapper\"><p>Tickets moeten worden gekocht via de offici\u00eble kanalen waarnaar de website van de Flamencobi\u00ebnnale verwijst. Controleer daar zowel de beschikbaarheid als eventuele wijzigingen op het laatste moment.<\/p>\n<\/div><\/div><\/div><\/div><\/div><div class=\"w-tabs-section\" id=\"a4dd\" itemscope itemprop=\"mainEntity\" itemtype=\"https:\/\/schema.org\/Question\"><button type=\"button\" class=\"w-tabs-section-header\" aria-controls=\"content-a4dd\" aria-expanded=\"false\"><div class=\"w-tabs-section-title\" itemprop=\"name\">Zijn de voorstellingen in Hotel Triana wereldpremi\u00e8res?<\/div><div class=\"w-tabs-section-control\"><\/div><\/button><div  class=\"w-tabs-section-content\" id=\"content-a4dd\" itemscope itemprop=\"acceptedAnswer\" itemtype=\"https:\/\/schema.org\/Answer\"><div class=\"w-tabs-section-content-h i-cf\" itemprop=\"text\"><div class=\"wpb_text_column\"><div class=\"wpb_wrapper\"><p>Het programma presenteert ze als Unieke Avonden, niet als wereldpremi\u00e8res. Het zijn ontmoetingen die speciaal voor deze editie zijn bedacht, met bezettingen en inhoud die geen deel uitmaken van een reguliere tournee.<\/p>\n<\/div><\/div><\/div><\/div><\/div><div class=\"w-tabs-section\" id=\"s5b6\" itemscope itemprop=\"mainEntity\" itemtype=\"https:\/\/schema.org\/Question\"><button type=\"button\" class=\"w-tabs-section-header\" aria-controls=\"content-s5b6\" aria-expanded=\"false\"><div class=\"w-tabs-section-title\" itemprop=\"name\">Kan ik Hotel Triana op dezelfde dag combineren met een andere voorstelling?<\/div><div class=\"w-tabs-section-control\"><\/div><\/button><div  class=\"w-tabs-section-content\" id=\"content-s5b6\" itemscope itemprop=\"acceptedAnswer\" itemtype=\"https:\/\/schema.org\/Answer\"><div class=\"w-tabs-section-content-h i-cf\" itemprop=\"text\"><div class=\"wpb_text_column\"><div class=\"wpb_wrapper\"><p>Ja. Op 17, 18 en 19 september zijn er eerder op de dag voorstellingen op andere locaties van de Bi\u00ebnnale. Omdat Hotel Triana om 23.00 uur begint, zijn sommige combinaties mogelijk, maar houd voldoende tijd over voor het einde van de voorstelling en de reis tussen de locaties.<\/p>\n<\/div><\/div><\/div><\/div><\/div><\/div><\/div><\/div><\/div><\/div><div class=\"vc_col-sm-1\/5 wpb_column vc_column_container\"><div class=\"vc_column-inner\"><div class=\"wpb_wrapper\"><\/div><\/div><\/div><\/div><\/div><\/section><section class=\"l-section wpb_row height_huge color_alternate with_shape\"><div class=\"l-section-shape type_zigzag pos_top hor_flip\" style=\"height:3vmin;\"><svg xmlns=\"http:\/\/www.w3.org\/2000\/svg\" viewBox=\"0 0 64 8\" preserveAspectRatio=\"none\" width=\"100%\" height=\"100%\">\r\n\t<path fill=\"currentColor\" d=\"M64 8 L0 8 L0 0 L20 7.9 L40 3 L48 5 L64 0 Z\"\/>\r\n<\/svg><\/div><div class=\"l-section-shape type_zigzag pos_bottom\" style=\"height:3vmin;\"><svg xmlns=\"http:\/\/www.w3.org\/2000\/svg\" viewBox=\"0 0 64 8\" preserveAspectRatio=\"none\" width=\"100%\" height=\"100%\">\r\n\t<path fill=\"currentColor\" d=\"M64 8 L0 8 L0 0 L20 7.9 L40 3 L48 5 L64 0 Z\"\/>\r\n<\/svg><\/div><div class=\"l-section-h i-cf\"><div class=\"g-cols vc_row via_flex valign_top type_default stacking_default\"><div class=\"vc_col-sm-12 wpb_column vc_column_container\"><div class=\"vc_column-inner\"><div class=\"wpb_wrapper\"><div class=\"wpb_text_column\"><div class=\"wpb_wrapper\"><h2>Drie nachten om naar het levende geheugen van de flamenco te luisteren<\/h2>\n<p>De terugkeer van Hotel Triana vat een essentieel deel van de Bi\u00ebnnale 2026 samen. Niet alles gebeurt in de grote theaters en niet alles hoeft als een grootschalige productie te worden gepresenteerd. Flamenco leeft ook voort in families, pe\u00f1as, lokale repertoires, artiesten die uit de gebruikelijke circuits zijn verdwenen en plekken waar samenleven deel uitmaakte van het leerproces.<\/p>\n<p><em>Mujeres gitanas<\/em>, <em>Uvitas negras<\/em> en <em>Andaluc\u00eda en el tiempo<\/em> tonen drie niveaus van die herinnering: overdracht binnen de familie, de identiteit van een plaats en de diversiteit van een hele autonome regio. De oude corral de vecinos biedt het passende decor om ze te verkennen.<\/p>\n<p>Wie een van deze avonden kan bijwonen, beleeft meer dan alleen een concert. Diegene betreedt een van de plekken waar de Bi\u00ebnnale een deel van haar eigen identiteit heeft opgebouwd en waar de afstand tussen erfgoed, buurt en flamenco vrijwel verdwijnt.<\/p>\n<p>Zijn de tickets uitverkocht of passen de data niet bij je reis, dan biedt Sevilla nog steeds elke avond een ruim aanbod aan flamencovoorstellingen. Onze gids over de <a href=\"https:\/\/www.tablaosflamencos.com\/bienal-flamenco-2026-entradas-agotadas-que-ver.html\"><strong>Bi\u00ebnnale 2026 bij uitverkochte tickets<\/strong><\/a> bundelt alternatieven om tijdens het festival toch van flamenco te blijven genieten.<\/p>\n<\/div><\/div><div class=\"w-separator size_medium\"><\/div><div class=\"w-hwrapper valign_top wrap align_center\" style=\"--hwrapper-gap:1.2rem\"><div class=\"w-btn-wrapper align_none\"><a class=\"w-btn us-btn-style_1\" href=\"https:\/\/www.tablaosflamencos.com\/bienal-flamenco-2026-entradas-agotadas-que-ver.html\"><span class=\"w-btn-label\">Wat te zien als tickets zijn uitverkocht<\/span><\/a><\/div><div class=\"w-btn-wrapper align_none\"><a class=\"w-btn us-btn-style_11\" href=\"https:\/\/www.tablaosflamencos.com\/espacios-espectaculares-bienal-flamenco-sevilla-2026.html\"><span class=\"w-btn-label\">Andere spectaculaire locaties<\/span><\/a><\/div><\/div><\/div><\/div><\/div><\/div><\/div><\/section>\n","protected":false},"excerpt":{"rendered":"<p>Hotel Triana keert terug naar de Flamencobi\u00ebnnale 2026 met drie Unieke Avonden: Mujeres gitanas, Uvitas negras en Andaluc\u00eda en el tiempo. Data, artiesten, geschiedenis en tickets.<\/p>\n","protected":false},"author":1,"featured_media":14087,"comment_status":"closed","ping_status":"closed","sticky":false,"template":"","format":"standard","meta":{"_acf_changed":false,"wpai_generated_summary":"","_ayudawp_aiss_exclude":false,"_ayudawp_aiss_exclude_summary":false,"_ayudawp_aiss_summary":"","_ayudawp_aiss_summary_provider":"","_ayudawp_aiss_summary_hash":"","footnotes":""},"categories":[1432],"tags":[1227,1228,1229,1230,1133,1134,423],"class_list":["post-14196","post","type-post","status-publish","format-standard","has-post-thumbnail","hentry","category-flamencobiennale","tag-agenda-flamenca","tag-bienal-2026","tag-bienal-de-flamenco","tag-festivales-flamencos","tag-flamenco-en-sevilla","tag-flamenco-en-triana","tag-sevilla"],"acf":[],"yoast_head":"<!-- This site is optimized with the Yoast SEO Premium plugin v28.4 (Yoast SEO v28.4) - https:\/\/yoast.com\/product\/yoast-seo-premium-wordpress\/ -->\n<title>Hotel Triana op de Bi\u00ebnnale 2026: programma en drie avonden<\/title>\n<meta name=\"description\" content=\"Hotel Triana keert terug naar de Bi\u00ebnnale 2026 met Mujeres gitanas, Uvitas negras en Andaluc\u00eda en el tiempo: data, artiesten, tijden en tickets.\" \/>\n<meta name=\"robots\" content=\"index, follow, max-snippet:-1, max-image-preview:large, max-video-preview:-1\" \/>\n<link rel=\"canonical\" href=\"https:\/\/www.tablaosflamencos.com\/nl\/hotel-triana-flamencobiennale-sevilla-2026.html\" \/>\n<meta property=\"og:locale\" content=\"nl_NL\" \/>\n<meta property=\"og:type\" content=\"article\" \/>\n<meta property=\"og:title\" content=\"De Bi\u00ebnnale keert terug naar Hotel Triana: drie flamencoavonden in een historische woonhof\" \/>\n<meta property=\"og:description\" content=\"Hotel Triana keert terug naar de Bi\u00ebnnale 2026 met Mujeres gitanas, Uvitas negras en Andaluc\u00eda en el tiempo: data, artiesten, tijden en tickets.\" \/>\n<meta property=\"og:url\" content=\"https:\/\/www.tablaosflamencos.com\/nl\/hotel-triana-flamencobiennale-sevilla-2026.html\" \/>\n<meta property=\"og:site_name\" content=\"Tablaos Flamencos\" \/>\n<meta property=\"article:publisher\" content=\"https:\/\/www.facebook.com\/tablaosflamencos\" \/>\n<meta property=\"article:published_time\" content=\"2026-09-02T23:21:11+00:00\" \/>\n<meta property=\"article:modified_time\" content=\"2026-09-02T23:39:10+00:00\" \/>\n<meta property=\"og:image\" content=\"https:\/\/www.tablaosflamencos.com\/wp-content\/uploads\/hotel-triana-bienal-2026-flamenco.webp\" \/>\n\t<meta property=\"og:image:width\" content=\"1536\" \/>\n\t<meta property=\"og:image:height\" content=\"1024\" \/>\n\t<meta property=\"og:image:type\" content=\"image\/webp\" \/>\n<meta name=\"author\" content=\"Miguel Ortiz\" \/>\n<meta name=\"twitter:card\" content=\"summary_large_image\" \/>\n<meta name=\"twitter:creator\" content=\"@tablaosflamenco\" \/>\n<meta name=\"twitter:site\" content=\"@tablaosflamenco\" \/>\n<meta name=\"twitter:label1\" content=\"Geschreven door\" \/>\n\t<meta name=\"twitter:data1\" content=\"Miguel Ortiz\" \/>\n\t<meta name=\"twitter:label2\" content=\"Geschatte leestijd\" \/>\n\t<meta name=\"twitter:data2\" content=\"14 minuten\" \/>\n<script type=\"application\/ld+json\" class=\"yoast-schema-graph\">{\"@context\":\"https:\\\/\\\/schema.org\",\"@graph\":[{\"@type\":\"Article\",\"@id\":\"https:\\\/\\\/www.tablaosflamencos.com\\\/nl\\\/hotel-triana-flamencobiennale-sevilla-2026.html#article\",\"isPartOf\":{\"@id\":\"https:\\\/\\\/www.tablaosflamencos.com\\\/nl\\\/hotel-triana-flamencobiennale-sevilla-2026.html\"},\"author\":{\"name\":\"Miguel Ortiz\",\"@id\":\"https:\\\/\\\/www.tablaosflamencos.com\\\/nl#\\\/schema\\\/person\\\/e7a9ebe14eb75a52ceabfbffb3c54f5d\"},\"headline\":\"De Bi\u00ebnnale keert terug naar Hotel Triana: drie flamencoavonden in een historische woonhof\",\"datePublished\":\"2026-09-02T23:21:11+00:00\",\"dateModified\":\"2026-09-02T23:39:10+00:00\",\"mainEntityOfPage\":{\"@id\":\"https:\\\/\\\/www.tablaosflamencos.com\\\/nl\\\/hotel-triana-flamencobiennale-sevilla-2026.html\"},\"wordCount\":2833,\"publisher\":{\"@id\":\"https:\\\/\\\/www.tablaosflamencos.com\\\/nl#organization\"},\"image\":{\"@id\":\"https:\\\/\\\/www.tablaosflamencos.com\\\/nl\\\/hotel-triana-flamencobiennale-sevilla-2026.html#primaryimage\"},\"thumbnailUrl\":\"https:\\\/\\\/www.tablaosflamencos.com\\\/wp-content\\\/uploads\\\/hotel-triana-bienal-2026-flamenco.webp\",\"keywords\":[\"agenda flamenca\",\"Bienal 2026\",\"Bienal de Flamenco\",\"festivales flamencos\",\"flamenco en Sevilla\",\"flamenco en Triana\",\"sevilla\"],\"articleSection\":[\"Flamencobi\u00ebnnale\"],\"inLanguage\":\"nl-NL\"},{\"@type\":\"WebPage\",\"@id\":\"https:\\\/\\\/www.tablaosflamencos.com\\\/nl\\\/hotel-triana-flamencobiennale-sevilla-2026.html\",\"url\":\"https:\\\/\\\/www.tablaosflamencos.com\\\/nl\\\/hotel-triana-flamencobiennale-sevilla-2026.html\",\"name\":\"Hotel Triana op de Bi\u00ebnnale 2026: programma en drie avonden\",\"isPartOf\":{\"@id\":\"https:\\\/\\\/www.tablaosflamencos.com\\\/nl#website\"},\"primaryImageOfPage\":{\"@id\":\"https:\\\/\\\/www.tablaosflamencos.com\\\/nl\\\/hotel-triana-flamencobiennale-sevilla-2026.html#primaryimage\"},\"image\":{\"@id\":\"https:\\\/\\\/www.tablaosflamencos.com\\\/nl\\\/hotel-triana-flamencobiennale-sevilla-2026.html#primaryimage\"},\"thumbnailUrl\":\"https:\\\/\\\/www.tablaosflamencos.com\\\/wp-content\\\/uploads\\\/hotel-triana-bienal-2026-flamenco.webp\",\"datePublished\":\"2026-09-02T23:21:11+00:00\",\"dateModified\":\"2026-09-02T23:39:10+00:00\",\"description\":\"Hotel Triana keert terug naar de Bi\u00ebnnale 2026 met Mujeres gitanas, Uvitas negras en Andaluc\u00eda en el tiempo: data, artiesten, tijden en tickets.\",\"breadcrumb\":{\"@id\":\"https:\\\/\\\/www.tablaosflamencos.com\\\/nl\\\/hotel-triana-flamencobiennale-sevilla-2026.html#breadcrumb\"},\"inLanguage\":\"nl-NL\",\"potentialAction\":[{\"@type\":\"ReadAction\",\"target\":[\"https:\\\/\\\/www.tablaosflamencos.com\\\/nl\\\/hotel-triana-flamencobiennale-sevilla-2026.html\"]}]},{\"@type\":\"ImageObject\",\"inLanguage\":\"nl-NL\",\"@id\":\"https:\\\/\\\/www.tablaosflamencos.com\\\/nl\\\/hotel-triana-flamencobiennale-sevilla-2026.html#primaryimage\",\"url\":\"https:\\\/\\\/www.tablaosflamencos.com\\\/wp-content\\\/uploads\\\/hotel-triana-bienal-2026-flamenco.webp\",\"contentUrl\":\"https:\\\/\\\/www.tablaosflamencos.com\\\/wp-content\\\/uploads\\\/hotel-triana-bienal-2026-flamenco.webp\",\"width\":1536,\"height\":1024,\"caption\":\"La Bienal vuelve al Hotel Triana: tres noches de flamenco en un antiguo corral de vecinos\"},{\"@type\":\"BreadcrumbList\",\"@id\":\"https:\\\/\\\/www.tablaosflamencos.com\\\/nl\\\/hotel-triana-flamencobiennale-sevilla-2026.html#breadcrumb\",\"itemListElement\":[{\"@type\":\"ListItem\",\"position\":1,\"name\":\"Home\",\"item\":\"https:\\\/\\\/www.tablaosflamencos.com\\\/nl\"},{\"@type\":\"ListItem\",\"position\":2,\"name\":\"De Bi\u00ebnnale keert terug naar Hotel Triana: drie flamencoavonden in een historische woonhof\"}]},{\"@type\":\"WebSite\",\"@id\":\"https:\\\/\\\/www.tablaosflamencos.com\\\/nl#website\",\"url\":\"https:\\\/\\\/www.tablaosflamencos.com\\\/nl\",\"name\":\"Tablaos Flamencos\",\"description\":\"Entradas para tablaos flamencos de Espa\u00f1a\",\"publisher\":{\"@id\":\"https:\\\/\\\/www.tablaosflamencos.com\\\/nl#organization\"},\"alternateName\":\"Tablaos Flamencos\",\"potentialAction\":[{\"@type\":\"SearchAction\",\"target\":{\"@type\":\"EntryPoint\",\"urlTemplate\":\"https:\\\/\\\/www.tablaosflamencos.com\\\/nl?s={search_term_string}\"},\"query-input\":{\"@type\":\"PropertyValueSpecification\",\"valueRequired\":true,\"valueName\":\"search_term_string\"}}],\"inLanguage\":\"nl-NL\"},{\"@type\":[\"Organization\",\"Place\",\"EntertainmentBusiness\"],\"@id\":\"https:\\\/\\\/www.tablaosflamencos.com\\\/nl#organization\",\"name\":\"Tablaos Flamencos\",\"alternateName\":\"Tablaos Flamencos\",\"url\":\"https:\\\/\\\/www.tablaosflamencos.com\\\/nl\",\"logo\":{\"@id\":\"https:\\\/\\\/www.tablaosflamencos.com\\\/nl\\\/hotel-triana-flamencobiennale-sevilla-2026.html#local-main-organization-logo\"},\"image\":{\"@id\":\"https:\\\/\\\/www.tablaosflamencos.com\\\/nl\\\/hotel-triana-flamencobiennale-sevilla-2026.html#local-main-organization-logo\"},\"sameAs\":[\"https:\\\/\\\/www.facebook.com\\\/tablaosflamencos\",\"https:\\\/\\\/x.com\\\/tablaosflamenco\",\"https:\\\/\\\/mastodon.social\\\/@tablaosflamencos\",\"https:\\\/\\\/www.instagram.com\\\/tablaosflamencos\",\"https:\\\/\\\/tiktok.com\\\/@tablaosflamencos\",\"https:\\\/\\\/www.linkedin.com\\\/company\\\/109408238\\\/\"],\"description\":\"Venta de entradas para espect\u00e1culos flamencos\",\"legalName\":\"Tablaos Flamencos\",\"foundingDate\":\"2015-01-01\",\"numberOfEmployees\":{\"@type\":\"QuantitativeValue\",\"minValue\":\"1\",\"maxValue\":\"10\"},\"address\":{\"@id\":\"https:\\\/\\\/www.tablaosflamencos.com\\\/nl\\\/hotel-triana-flamencobiennale-sevilla-2026.html#local-main-place-address\"},\"geo\":{\"@type\":\"GeoCoordinates\",\"latitude\":\"37.3868072\",\"longitude\":\"-5.993280299999999\"},\"telephone\":[\"+34623787787\"],\"contactPoint\":{\"@type\":\"ContactPoint\",\"telephone\":\"+34623787787\",\"email\":\"info@tablaosflamencos.com\"},\"openingHoursSpecification\":{\"@type\":\"OpeningHoursSpecification\",\"dayOfWeek\":[\"Monday\",\"Tuesday\",\"Wednesday\",\"Thursday\",\"Friday\",\"Saturday\",\"Sunday\"],\"opens\":\"00:00\",\"closes\":\"23:59\"},\"email\":\"info@tablaosflamencos.com\",\"priceRange\":\"$$$\",\"currenciesAccepted\":\"\u20ac\"},{\"@type\":\"Person\",\"@id\":\"https:\\\/\\\/www.tablaosflamencos.com\\\/nl#\\\/schema\\\/person\\\/e7a9ebe14eb75a52ceabfbffb3c54f5d\",\"name\":\"Miguel Ortiz\",\"description\":\"Miguel Ortiz es un empresario flamenco, con una s\u00f3lida trayectoria dentro del sector. Ha presidido entidades culturales vinculadas al flamenco y, cuenta con un amplio recorrido profesional en la gesti\u00f3n y promoci\u00f3n de espect\u00e1culos y tablaos flamencos. Su pasi\u00f3n por la historia y el arte flamenco se refleja en cada art\u00edculo, donde combina experiencia, criterio y un profundo respeto por la tradici\u00f3n.\",\"sameAs\":[\"https:\\\/\\\/www.tablaosflamencos.com\",\"https:\\\/\\\/www.instagra.com\\\/miguelortizfe\",\"https:\\\/\\\/www.linkedin.com\\\/in\\\/miguelortizf\\\/\"],\"birthDate\":\"1984-11-22\",\"gender\":\"hombre\",\"knowsLanguage\":[\"espa\u00f1ol\",\"ingl\u00e9s\"],\"jobTitle\":\"Empresario flamenco\"},{\"@type\":\"PostalAddress\",\"@id\":\"https:\\\/\\\/www.tablaosflamencos.com\\\/nl\\\/hotel-triana-flamencobiennale-sevilla-2026.html#local-main-place-address\",\"streetAddress\":\"C\\\/ Alemanes, 19\",\"addressLocality\":\"Sevilla\",\"postalCode\":\"41004\",\"addressRegion\":\"Sevilla\",\"addressCountry\":\"ES\"},{\"@type\":\"ImageObject\",\"inLanguage\":\"nl-NL\",\"@id\":\"https:\\\/\\\/www.tablaosflamencos.com\\\/nl\\\/hotel-triana-flamencobiennale-sevilla-2026.html#local-main-organization-logo\",\"url\":\"https:\\\/\\\/www.tablaosflamencos.com\\\/wp-content\\\/uploads\\\/tablaos-flamencos-06-3.webp\",\"contentUrl\":\"https:\\\/\\\/www.tablaosflamencos.com\\\/wp-content\\\/uploads\\\/tablaos-flamencos-06-3.webp\",\"width\":600,\"height\":620,\"caption\":\"Tablaos Flamencos\"}]}<\/script>\n<meta name=\"geo.placename\" content=\"Sevilla\" \/>\n<meta name=\"geo.position\" content=\"37.3868072;-5.993280299999999\" \/>\n<meta name=\"geo.region\" content=\"Spanje\" \/>\n<!-- \/ Yoast SEO Premium plugin. -->","yoast_head_json":{"title":"Hotel Triana op de Bi\u00ebnnale 2026: programma en drie avonden","description":"Hotel Triana keert terug naar de Bi\u00ebnnale 2026 met Mujeres gitanas, Uvitas negras en Andaluc\u00eda en el tiempo: data, artiesten, tijden en tickets.","robots":{"index":"index","follow":"follow","max-snippet":"max-snippet:-1","max-image-preview":"max-image-preview:large","max-video-preview":"max-video-preview:-1"},"canonical":"https:\/\/www.tablaosflamencos.com\/nl\/hotel-triana-flamencobiennale-sevilla-2026.html","og_locale":"nl_NL","og_type":"article","og_title":"De Bi\u00ebnnale keert terug naar Hotel Triana: drie flamencoavonden in een historische woonhof","og_description":"Hotel Triana keert terug naar de Bi\u00ebnnale 2026 met Mujeres gitanas, Uvitas negras en Andaluc\u00eda en el tiempo: data, artiesten, tijden en tickets.","og_url":"https:\/\/www.tablaosflamencos.com\/nl\/hotel-triana-flamencobiennale-sevilla-2026.html","og_site_name":"Tablaos Flamencos","article_publisher":"https:\/\/www.facebook.com\/tablaosflamencos","article_published_time":"2026-09-02T23:21:11+00:00","article_modified_time":"2026-09-02T23:39:10+00:00","og_image":[{"width":1536,"height":1024,"url":"https:\/\/www.tablaosflamencos.com\/wp-content\/uploads\/hotel-triana-bienal-2026-flamenco.webp","type":"image\/webp"}],"author":"Miguel Ortiz","twitter_card":"summary_large_image","twitter_creator":"@tablaosflamenco","twitter_site":"@tablaosflamenco","twitter_misc":{"Geschreven door":"Miguel Ortiz","Geschatte leestijd":"14 minuten"},"schema":{"@context":"https:\/\/schema.org","@graph":[{"@type":"Article","@id":"https:\/\/www.tablaosflamencos.com\/nl\/hotel-triana-flamencobiennale-sevilla-2026.html#article","isPartOf":{"@id":"https:\/\/www.tablaosflamencos.com\/nl\/hotel-triana-flamencobiennale-sevilla-2026.html"},"author":{"name":"Miguel Ortiz","@id":"https:\/\/www.tablaosflamencos.com\/nl#\/schema\/person\/e7a9ebe14eb75a52ceabfbffb3c54f5d"},"headline":"De Bi\u00ebnnale keert terug naar Hotel Triana: drie flamencoavonden in een historische woonhof","datePublished":"2026-09-02T23:21:11+00:00","dateModified":"2026-09-02T23:39:10+00:00","mainEntityOfPage":{"@id":"https:\/\/www.tablaosflamencos.com\/nl\/hotel-triana-flamencobiennale-sevilla-2026.html"},"wordCount":2833,"publisher":{"@id":"https:\/\/www.tablaosflamencos.com\/nl#organization"},"image":{"@id":"https:\/\/www.tablaosflamencos.com\/nl\/hotel-triana-flamencobiennale-sevilla-2026.html#primaryimage"},"thumbnailUrl":"https:\/\/www.tablaosflamencos.com\/wp-content\/uploads\/hotel-triana-bienal-2026-flamenco.webp","keywords":["agenda flamenca","Bienal 2026","Bienal de Flamenco","festivales flamencos","flamenco en Sevilla","flamenco en Triana","sevilla"],"articleSection":["Flamencobi\u00ebnnale"],"inLanguage":"nl-NL"},{"@type":"WebPage","@id":"https:\/\/www.tablaosflamencos.com\/nl\/hotel-triana-flamencobiennale-sevilla-2026.html","url":"https:\/\/www.tablaosflamencos.com\/nl\/hotel-triana-flamencobiennale-sevilla-2026.html","name":"Hotel Triana op de Bi\u00ebnnale 2026: programma en drie avonden","isPartOf":{"@id":"https:\/\/www.tablaosflamencos.com\/nl#website"},"primaryImageOfPage":{"@id":"https:\/\/www.tablaosflamencos.com\/nl\/hotel-triana-flamencobiennale-sevilla-2026.html#primaryimage"},"image":{"@id":"https:\/\/www.tablaosflamencos.com\/nl\/hotel-triana-flamencobiennale-sevilla-2026.html#primaryimage"},"thumbnailUrl":"https:\/\/www.tablaosflamencos.com\/wp-content\/uploads\/hotel-triana-bienal-2026-flamenco.webp","datePublished":"2026-09-02T23:21:11+00:00","dateModified":"2026-09-02T23:39:10+00:00","description":"Hotel Triana keert terug naar de Bi\u00ebnnale 2026 met Mujeres gitanas, Uvitas negras en Andaluc\u00eda en el tiempo: data, artiesten, tijden en tickets.","breadcrumb":{"@id":"https:\/\/www.tablaosflamencos.com\/nl\/hotel-triana-flamencobiennale-sevilla-2026.html#breadcrumb"},"inLanguage":"nl-NL","potentialAction":[{"@type":"ReadAction","target":["https:\/\/www.tablaosflamencos.com\/nl\/hotel-triana-flamencobiennale-sevilla-2026.html"]}]},{"@type":"ImageObject","inLanguage":"nl-NL","@id":"https:\/\/www.tablaosflamencos.com\/nl\/hotel-triana-flamencobiennale-sevilla-2026.html#primaryimage","url":"https:\/\/www.tablaosflamencos.com\/wp-content\/uploads\/hotel-triana-bienal-2026-flamenco.webp","contentUrl":"https:\/\/www.tablaosflamencos.com\/wp-content\/uploads\/hotel-triana-bienal-2026-flamenco.webp","width":1536,"height":1024,"caption":"La Bienal vuelve al Hotel Triana: tres noches de flamenco en un antiguo corral de vecinos"},{"@type":"BreadcrumbList","@id":"https:\/\/www.tablaosflamencos.com\/nl\/hotel-triana-flamencobiennale-sevilla-2026.html#breadcrumb","itemListElement":[{"@type":"ListItem","position":1,"name":"Home","item":"https:\/\/www.tablaosflamencos.com\/nl"},{"@type":"ListItem","position":2,"name":"De Bi\u00ebnnale keert terug naar Hotel Triana: drie flamencoavonden in een historische woonhof"}]},{"@type":"WebSite","@id":"https:\/\/www.tablaosflamencos.com\/nl#website","url":"https:\/\/www.tablaosflamencos.com\/nl","name":"Tablaos Flamencos","description":"Entradas para tablaos flamencos de Espa\u00f1a","publisher":{"@id":"https:\/\/www.tablaosflamencos.com\/nl#organization"},"alternateName":"Tablaos Flamencos","potentialAction":[{"@type":"SearchAction","target":{"@type":"EntryPoint","urlTemplate":"https:\/\/www.tablaosflamencos.com\/nl?s={search_term_string}"},"query-input":{"@type":"PropertyValueSpecification","valueRequired":true,"valueName":"search_term_string"}}],"inLanguage":"nl-NL"},{"@type":["Organization","Place","EntertainmentBusiness"],"@id":"https:\/\/www.tablaosflamencos.com\/nl#organization","name":"Tablaos Flamencos","alternateName":"Tablaos Flamencos","url":"https:\/\/www.tablaosflamencos.com\/nl","logo":{"@id":"https:\/\/www.tablaosflamencos.com\/nl\/hotel-triana-flamencobiennale-sevilla-2026.html#local-main-organization-logo"},"image":{"@id":"https:\/\/www.tablaosflamencos.com\/nl\/hotel-triana-flamencobiennale-sevilla-2026.html#local-main-organization-logo"},"sameAs":["https:\/\/www.facebook.com\/tablaosflamencos","https:\/\/x.com\/tablaosflamenco","https:\/\/mastodon.social\/@tablaosflamencos","https:\/\/www.instagram.com\/tablaosflamencos","https:\/\/tiktok.com\/@tablaosflamencos","https:\/\/www.linkedin.com\/company\/109408238\/"],"description":"Venta de entradas para espect\u00e1culos flamencos","legalName":"Tablaos Flamencos","foundingDate":"2015-01-01","numberOfEmployees":{"@type":"QuantitativeValue","minValue":"1","maxValue":"10"},"address":{"@id":"https:\/\/www.tablaosflamencos.com\/nl\/hotel-triana-flamencobiennale-sevilla-2026.html#local-main-place-address"},"geo":{"@type":"GeoCoordinates","latitude":"37.3868072","longitude":"-5.993280299999999"},"telephone":["+34623787787"],"contactPoint":{"@type":"ContactPoint","telephone":"+34623787787","email":"info@tablaosflamencos.com"},"openingHoursSpecification":{"@type":"OpeningHoursSpecification","dayOfWeek":["Monday","Tuesday","Wednesday","Thursday","Friday","Saturday","Sunday"],"opens":"00:00","closes":"23:59"},"email":"info@tablaosflamencos.com","priceRange":"$$$","currenciesAccepted":"\u20ac"},{"@type":"Person","@id":"https:\/\/www.tablaosflamencos.com\/nl#\/schema\/person\/e7a9ebe14eb75a52ceabfbffb3c54f5d","name":"Miguel Ortiz","description":"Miguel Ortiz es un empresario flamenco, con una s\u00f3lida trayectoria dentro del sector. Ha presidido entidades culturales vinculadas al flamenco y, cuenta con un amplio recorrido profesional en la gesti\u00f3n y promoci\u00f3n de espect\u00e1culos y tablaos flamencos. Su pasi\u00f3n por la historia y el arte flamenco se refleja en cada art\u00edculo, donde combina experiencia, criterio y un profundo respeto por la tradici\u00f3n.","sameAs":["https:\/\/www.tablaosflamencos.com","https:\/\/www.instagra.com\/miguelortizfe","https:\/\/www.linkedin.com\/in\/miguelortizf\/"],"birthDate":"1984-11-22","gender":"hombre","knowsLanguage":["espa\u00f1ol","ingl\u00e9s"],"jobTitle":"Empresario flamenco"},{"@type":"PostalAddress","@id":"https:\/\/www.tablaosflamencos.com\/nl\/hotel-triana-flamencobiennale-sevilla-2026.html#local-main-place-address","streetAddress":"C\/ Alemanes, 19","addressLocality":"Sevilla","postalCode":"41004","addressRegion":"Sevilla","addressCountry":"ES"},{"@type":"ImageObject","inLanguage":"nl-NL","@id":"https:\/\/www.tablaosflamencos.com\/nl\/hotel-triana-flamencobiennale-sevilla-2026.html#local-main-organization-logo","url":"https:\/\/www.tablaosflamencos.com\/wp-content\/uploads\/tablaos-flamencos-06-3.webp","contentUrl":"https:\/\/www.tablaosflamencos.com\/wp-content\/uploads\/tablaos-flamencos-06-3.webp","width":600,"height":620,"caption":"Tablaos Flamencos"}]},"geo.placename":"Sevilla","geo.position":{"lat":"37.3868072","long":"-5.993280299999999"},"geo.region":"Spanje"},"_links":{"self":[{"href":"https:\/\/www.tablaosflamencos.com\/nl\/wp-json\/wp\/v2\/posts\/14196","targetHints":{"allow":["GET"]}}],"collection":[{"href":"https:\/\/www.tablaosflamencos.com\/nl\/wp-json\/wp\/v2\/posts"}],"about":[{"href":"https:\/\/www.tablaosflamencos.com\/nl\/wp-json\/wp\/v2\/types\/post"}],"author":[{"embeddable":true,"href":"https:\/\/www.tablaosflamencos.com\/nl\/wp-json\/wp\/v2\/users\/1"}],"replies":[{"embeddable":true,"href":"https:\/\/www.tablaosflamencos.com\/nl\/wp-json\/wp\/v2\/comments?post=14196"}],"version-history":[{"count":0,"href":"https:\/\/www.tablaosflamencos.com\/nl\/wp-json\/wp\/v2\/posts\/14196\/revisions"}],"wp:featuredmedia":[{"embeddable":true,"href":"https:\/\/www.tablaosflamencos.com\/nl\/wp-json\/wp\/v2\/media\/14087"}],"wp:attachment":[{"href":"https:\/\/www.tablaosflamencos.com\/nl\/wp-json\/wp\/v2\/media?parent=14196"}],"wp:term":[{"taxonomy":"category","embeddable":true,"href":"https:\/\/www.tablaosflamencos.com\/nl\/wp-json\/wp\/v2\/categories?post=14196"},{"taxonomy":"post_tag","embeddable":true,"href":"https:\/\/www.tablaosflamencos.com\/nl\/wp-json\/wp\/v2\/tags?post=14196"}],"curies":[{"name":"wp","href":"https:\/\/api.w.org\/{rel}","templated":true}]}}