{"id":14195,"date":"2026-09-03T01:18:36","date_gmt":"2026-09-02T23:18:36","guid":{"rendered":"https:\/\/www.tablaosflamencos.com\/?p=14195"},"modified":"2026-09-03T01:40:54","modified_gmt":"2026-09-02T23:40:54","slug":"flamencozang-flamencobiennale-sevilla-2026","status":"publish","type":"post","link":"https:\/\/www.tablaosflamencos.com\/nl\/flamencozang-flamencobiennale-sevilla-2026.html","title":{"rendered":"Flamencozang op de Bi\u00ebnnale 2026: generaties, artiesten en grote stemmen"},"content":{"rendered":"<section class=\"l-section wpb_row height_huge\"><div class=\"l-section-h i-cf\"><div class=\"g-cols vc_row via_flex valign_top type_default stacking_default\"><div class=\"vc_col-sm-6 wpb_column vc_column_container\"><div class=\"vc_column-inner\"><div class=\"wpb_wrapper\"><div class=\"wpb_text_column\"><div class=\"wpb_wrapper\"><h2>Flamencozang op de Bi\u00ebnnale 2026: generaties, artiesten en grote stemmen<\/h2>\n<p>De <strong>24e Flamencobi\u00ebnnale van Sevilla<\/strong> plaatst de flamencozang in een van de zwaartepunten van haar programma. Tussen <strong>9 september en 3 oktober 2026<\/strong> brengt Sevilla stemmen van verschillende generaties, scholen en regio\u2019s samen in een editie die de organisatie zelf samenvat met een bijzonder veelzeggend cijfer: <strong>bijna dertig programmaonderdelen rond flamencozang en meer dan honderd stemmen<\/strong> tijdens het festival.<\/p>\n<p>Er is daarom niet \u00e9\u00e9n enkele manier om de flamencozang tijdens deze Bi\u00ebnnale te volgen. Het programma loopt van historische figuren als <strong>Jos\u00e9 Merc\u00e9, Carmen Linares en Jos\u00e9 de la Tomasa<\/strong> via volledig gevestigde artiesten als <strong>Arc\u00e1ngel, Mayte Mart\u00edn, Marina Heredia, Israel Fern\u00e1ndez, Antonio Reyes en La Tremendita<\/strong> naar een jongere generatie met namen als <strong>\u00c1ngeles Toledano, Mar\u00eda Terremoto, Roc\u00edo Luna, El Perrete en Manuel de la Tomasa<\/strong>.<\/p>\n<p>Deze gids ordent dat landschap om je te helpen begrijpen <strong>welke generaties naast elkaar staan, welke artiesten de moeite waard zijn om te volgen en welke afspraken tot de belangrijkste behoren als je flamencozang als rode draad door je Bi\u00ebnnale 2026 wilt laten lopen<\/strong>.<\/p>\n<\/div><\/div><\/div><\/div><\/div><div class=\"vc_col-sm-6 wpb_column vc_column_container\"><div class=\"vc_column-inner\"><div class=\"wpb_wrapper\"><div class=\"w-image us_custom_8ec565b2 has_aspect_ratio align_center\"><div class=\"w-image-h\"><img fetchpriority=\"high\" decoding=\"async\" width=\"1024\" height=\"768\" src=\"https:\/\/www.tablaosflamencos.com\/wp-content\/uploads\/el-cante-en-la-bienal-2026-generaciones-artistas-y-grandes-voces-01-1-1024x768.webp\" class=\"attachment-large size-large\" alt=\"El cante en la Bienal 2026: generaciones, artistas y grandes voces\" loading=\"eager\" srcset=\"https:\/\/www.tablaosflamencos.com\/wp-content\/uploads\/el-cante-en-la-bienal-2026-generaciones-artistas-y-grandes-voces-01-1-1024x768.webp 1024w, https:\/\/www.tablaosflamencos.com\/wp-content\/uploads\/el-cante-en-la-bienal-2026-generaciones-artistas-y-grandes-voces-01-1-300x225.webp 300w, https:\/\/www.tablaosflamencos.com\/wp-content\/uploads\/el-cante-en-la-bienal-2026-generaciones-artistas-y-grandes-voces-01-1-600x450.webp 600w, https:\/\/www.tablaosflamencos.com\/wp-content\/uploads\/el-cante-en-la-bienal-2026-generaciones-artistas-y-grandes-voces-01-1-150x113.webp 150w, https:\/\/www.tablaosflamencos.com\/wp-content\/uploads\/el-cante-en-la-bienal-2026-generaciones-artistas-y-grandes-voces-01-1.webp 1448w\" sizes=\"auto, (max-width: 1024px) 100vw, 1024px\" \/><\/div><\/div><\/div><\/div><\/div><\/div><\/div><\/section><section class=\"l-section wpb_row height_huge color_alternate with_shape\"><div class=\"l-section-shape type_zigzag pos_top hor_flip\" style=\"height:3vmin;\"><svg xmlns=\"http:\/\/www.w3.org\/2000\/svg\" viewBox=\"0 0 64 8\" preserveAspectRatio=\"none\" width=\"100%\" height=\"100%\">\r\n\t<path fill=\"currentColor\" d=\"M64 8 L0 8 L0 0 L20 7.9 L40 3 L48 5 L64 0 Z\"\/>\r\n<\/svg><\/div><div class=\"l-section-shape type_zigzag pos_bottom\" style=\"height:3vmin;\"><svg xmlns=\"http:\/\/www.w3.org\/2000\/svg\" viewBox=\"0 0 64 8\" preserveAspectRatio=\"none\" width=\"100%\" height=\"100%\">\r\n\t<path fill=\"currentColor\" d=\"M64 8 L0 8 L0 0 L20 7.9 L40 3 L48 5 L64 0 Z\"\/>\r\n<\/svg><\/div><div class=\"l-section-h i-cf\"><div class=\"g-cols vc_row via_flex valign_top type_default stacking_default\"><div class=\"vc_col-sm-12 wpb_column vc_column_container\"><div class=\"vc_column-inner\"><div class=\"wpb_wrapper\"><div class=\"wpb_text_column\"><div class=\"wpb_wrapper\"><blockquote>\n<p><strong>Snel antwoord:<\/strong> de Flamencobi\u00ebnnale van Sevilla 2026 biedt een van haar breedste en generationeel meest diverse programma\u2019s rond flamencozang. Tot de belangrijkste afspraken behoren de gala-avond <em>El mundo por montera<\/em>, \u00c1ngeles Toledano, Israel Fern\u00e1ndez, Rancapino Chico, Arc\u00e1ngel, Antonio Reyes, Jos\u00e9 Merc\u00e9, Mayte Mart\u00edn, Marina Heredia en de afsluiting van Carmen Linares met Marina Heredia, Mar\u00eda Terremoto en Roc\u00edo Luna. De aantrekkingskracht van het programma zit niet alleen in de grote namen, maar ook in de manier waarop het traditie en heden tegenover elkaar zet, flamencofamilies samenbrengt en dialogen tussen generaties cre\u00ebert.<\/p>\n<\/blockquote>\n<p><strong>Laatst bijgewerkt: 2 september 2026.<\/strong> Het programma en de beschikbaarheid van tickets kunnen veranderen. Controleer altijd de offici\u00eble pagina van elke voorstelling voordat je je bezoek plant.<\/p>\n<p><a href=\"https:\/\/www.tablaosflamencos.com\/nl\/flamenco-biennale-sevilla-2026.html\"><strong>Complete gids voor de Bi\u00ebnnale 2026<\/strong><\/a> \u00b7 <a href=\"https:\/\/www.tablaosflamencos.com\/nl\/unieke-avonden-flamenco-biennale-sevilla-2026.html\"><strong>Eenmalige Avonden<\/strong><\/a> \u00b7 <a href=\"https:\/\/www.labienal.com\/programa-general\" target=\"_blank\" rel=\"noopener\"><strong>Officieel programma<\/strong><\/a><\/p>\n<\/div><\/div><\/div><\/div><\/div><\/div><\/div><\/section><section class=\"l-section wpb_row height_huge\"><div class=\"l-section-h i-cf\"><div class=\"g-cols vc_row via_flex valign_top type_default stacking_default\"><div class=\"vc_col-sm-1\/5 wpb_column vc_column_container\"><div class=\"vc_column-inner\"><div class=\"wpb_wrapper\"><\/div><\/div><\/div><div class=\"vc_col-sm-3\/5 wpb_column vc_column_container\"><div class=\"vc_column-inner\"><div class=\"wpb_wrapper\"><div class=\"wpb_text_column\"><div class=\"wpb_wrapper\"><h2>Inhoud van deze gids<\/h2>\n<ul>\n<li><a href=\"#cante-corazon\">Waarom flamencozang een centrale plaats inneemt<\/a><\/li>\n<li><a href=\"#maestros\">Meesters en grote referenties<\/a><\/li>\n<li><a href=\"#consolidados\">De gevestigde generatie<\/a><\/li>\n<li><a href=\"#jovenes\">De nieuwe stemmen<\/a><\/li>\n<li><a href=\"#sagas\">Flamencofamilies, regio\u2019s en herinnering<\/a><\/li>\n<li><a href=\"#mujeres\">De vrouwelijke stemmen<\/a><\/li>\n<li><a href=\"#fechas-clave\">Belangrijke data<\/a><\/li>\n<li><a href=\"#elegir\">Wat kiezen volgens je profiel<\/a><\/li>\n<li><a href=\"#faq-cante\">Veelgestelde vragen<\/a><\/li>\n<\/ul>\n<\/div><\/div><\/div><\/div><\/div><div class=\"vc_col-sm-1\/5 wpb_column vc_column_container\"><div class=\"vc_column-inner\"><div class=\"wpb_wrapper\"><\/div><\/div><\/div><\/div><\/div><\/section><section class=\"l-section wpb_row height_huge color_alternate with_shape\"><div class=\"l-section-shape type_zigzag pos_top\" style=\"height:3vmin;\"><svg xmlns=\"http:\/\/www.w3.org\/2000\/svg\" viewBox=\"0 0 64 8\" preserveAspectRatio=\"none\" width=\"100%\" height=\"100%\">\r\n\t<path fill=\"currentColor\" d=\"M64 8 L0 8 L0 0 L20 7.9 L40 3 L48 5 L64 0 Z\"\/>\r\n<\/svg><\/div><div class=\"l-section-shape type_zigzag pos_bottom\" style=\"height:3vmin;\"><svg xmlns=\"http:\/\/www.w3.org\/2000\/svg\" viewBox=\"0 0 64 8\" preserveAspectRatio=\"none\" width=\"100%\" height=\"100%\">\r\n\t<path fill=\"currentColor\" d=\"M64 8 L0 8 L0 0 L20 7.9 L40 3 L48 5 L64 0 Z\"\/>\r\n<\/svg><\/div><div class=\"l-section-h i-cf\"><div class=\"g-cols vc_row via_flex valign_top type_default stacking_default\"><div class=\"vc_col-sm-12 wpb_column vc_column_container\"><div class=\"vc_column-inner\"><div class=\"wpb_wrapper\"><div class=\"wpb_text_column\"><div class=\"wpb_wrapper\"><h2 id=\"cante-corazon\">Flamencozang in het hart van de 24e Bi\u00ebnnale<\/h2>\n<p>Meer dan honderd stemmen betekent niet dat de Bi\u00ebnnale een ge\u00efsoleerd blok heeft gebouwd dat uitsluitend aan zang is gewijd. Het tegendeel is waar: <strong>de stem loopt door de hele editie<\/strong>. Ze klinkt in klassieke recitals, wereldpremi\u00e8res, grote producties in het Teatro de la Maestranza, ontmoetingen tussen flamencofamilies, dansvoorstellingen waarin de zang een structurele rol speelt en Eenmalige Avonden die speciaal voor Sevilla zijn gecre\u00eberd.<\/p>\n<p>Het offici\u00eble programma spreekt over generaties, regio\u2019s, scholen en gevoeligheden. Dat idee helpt de editie van 2026 beter te begrijpen: het doel is niet \u00e9\u00e9n esthetiek van de flamencozang te verdedigen, maar te tonen hoe verschillende manieren van omgaan met traditie naast elkaar bestaan.<\/p>\n<p>Binnen hetzelfde festival zijn radicaal verschillende voorstellen te horen: Mayte Mart\u00edns terugkeer naar oud repertoire, de herinnering aan 78-toerenplaten die Rancapino Chico inspireert, de hedendaagse muzikale persoonlijkheid van Israel Fern\u00e1ndez, de eigen schrijfstijl en verbeeldingswereld van \u00c1ngeles Toledano of een grootschalige symfonische productie van Marina Heredia.<\/p>\n<p>Een van de grote sterke punten van 2026 is dat het publiek kan vergelijken hoe verschillende generaties essenti\u00eble vragen binnen de flamenco benaderen: <strong>wat het betekent om traditie te respecteren, hoe ver een repertoire kan worden veranderd, hoe een cante wordt doorgegeven en waar persoonlijke creatie begint<\/strong>.<\/p>\n<\/div><\/div><\/div><\/div><\/div><\/div><\/div><\/section><section class=\"l-section wpb_row height_huge\"><div class=\"l-section-h i-cf\"><div class=\"g-cols vc_row via_flex valign_top type_default stacking_default\"><div class=\"vc_col-sm-12 wpb_column vc_column_container\"><div class=\"vc_column-inner\"><div class=\"wpb_wrapper\"><div class=\"wpb_text_column\"><div class=\"wpb_wrapper\"><h2 id=\"maestros\">De meesters: herinnering, gezag en overdracht<\/h2>\n<p>Onder de stemmen met de langste loopbaan neemt <strong>Jos\u00e9 Merc\u00e9<\/strong> een centrale plaats in. Op 20 september keert hij terug naar het Teatro de la Maestranza met <em>Toquen a rebato<\/em>, een Eenmalige Avond die een idee herneemt dat al tijdens de Bi\u00ebnnale van 2016 werkte: zijn stem tegenover drie gitaren plaatsen. Ditmaal ontstaat de dialoog met een jongere generatie gitaristen \u2014David de Arahal, Jos\u00e9 del Tomate en Manuel Cerpa\u2014 waardoor het idee van overdracht heel concreet wordt.<\/p>\n<p>Ook <strong>Carmen Linares<\/strong>heeft een bijzonder gewicht als hoofdfiguur van een van de grote slotafspraken. Op 3 oktober <em>Perlas a millares<\/em> viert de dertigste verjaardag van haar <em>Antolog\u00eda de la Mujer en el Cante<\/em> en brengt Marina Heredia, Mar\u00eda Terremoto en Roc\u00edo Luna samen, met Rafaela Carrasco in de dans. De voorstelling werkt niet alleen als eerbetoon: ze maakt van de herinnering aan vrouwelijke flamencozang een dialoog tussen verschillende generaties.<\/p>\n<p>Bij deze referenties komen namen als <strong>Jos\u00e9 de la Tomasa<\/strong>, aanwezig in de grote openingsgala, en zeer karaktervolle stemmen als <strong>Aurora Vargas<\/strong>, in een editie die veel aandacht heeft voor herinnering en rechtstreeks doorgegeven repertoire.<\/p>\n<h3>Mayte Mart\u00edn: terugkijken om het heden te bevestigen<\/h3>\n<p>Op 30 september ontvangt het Teatro Lope de Vega <strong>Mayte Mart\u00edn<\/strong> met <em>Arqueolog\u00eda de lo puro<\/em>. De voorstelling vertrekt vanuit een duidelijke esthetische keuze: grote werken uit de oude flamenco terughalen, waaronder stukken die naar de achtergrond zijn verdwenen, en ze verdedigen zonder ze aan hedendaagse trends te onderwerpen.<\/p>\n<p>Het gaat niet om nostalgie. Terugkijken dient om een artistieke positie in het heden op te bouwen. Daardoor is Mayte Mart\u00edn een van de nuttigste referenties om het debat te begrijpen dat door de hele Bi\u00ebnnale loopt: <strong>hoe je kunt bewaren zonder te bevriezen en cre\u00ebren zonder de herinnering te verliezen<\/strong>.<\/p>\n<\/div><\/div><\/div><\/div><\/div><\/div><\/div><\/section><section class=\"l-section wpb_row height_huge color_alternate with_shape\"><div class=\"l-section-shape type_zigzag pos_top\" style=\"height:3vmin;\"><svg xmlns=\"http:\/\/www.w3.org\/2000\/svg\" viewBox=\"0 0 64 8\" preserveAspectRatio=\"none\" width=\"100%\" height=\"100%\">\r\n\t<path fill=\"currentColor\" d=\"M64 8 L0 8 L0 0 L20 7.9 L40 3 L48 5 L64 0 Z\"\/>\r\n<\/svg><\/div><div class=\"l-section-shape type_zigzag pos_bottom\" style=\"height:3vmin;\"><svg xmlns=\"http:\/\/www.w3.org\/2000\/svg\" viewBox=\"0 0 64 8\" preserveAspectRatio=\"none\" width=\"100%\" height=\"100%\">\r\n\t<path fill=\"currentColor\" d=\"M64 8 L0 8 L0 0 L20 7.9 L40 3 L48 5 L64 0 Z\"\/>\r\n<\/svg><\/div><div class=\"l-section-h i-cf\"><div class=\"g-cols vc_row via_flex valign_top type_default stacking_default\"><div class=\"vc_col-sm-12 wpb_column vc_column_container\"><div class=\"vc_column-inner\"><div class=\"wpb_wrapper\"><div class=\"wpb_text_column\"><div class=\"wpb_wrapper\"><h2 id=\"consolidados\">De gevestigde generatie: Arc\u00e1ngel, Marina Heredia, Israel Fern\u00e1ndez en Antonio Reyes<\/h2>\n<p>Tussen de historische meesters en de jongste stemmen staat een generatie die de hedendaagse flamencozang al jaren mede bepaalt. De Bi\u00ebnnale 2026 geeft haar een zeer zichtbare plaats.<\/p>\n<p><strong>Arc\u00e1ngel<\/strong> presenteert op 17 september in het Teatro Lope de Vega <em>La copla del cante<\/em>, een Eenmalige Avond die de relatie tussen flamenco en copla opnieuw bekijkt via de herinnering aan artiesten als Marchena, Caracol, Pepe Pinto, Canalejas en La Paquera de Jerez.<\/p>\n<p>De volgende dag <strong>Antonio Reyes<\/strong> presenteert <em>Seis cuerdas, seis<\/em>, eveneens in het Lope de Vega, als dialoog tussen zijn zang en zes gitaristen: Rafael Riqueni, Manolo Franco, Diego del Morao, Joni Jim\u00e9nez, Jos\u00e9 del Tomate en Nono Reyes.<\/p>\n<p>Daarnaast <strong>Israel Fern\u00e1ndez<\/strong> brengt <em>De oro y marfil<\/em> op 14 september naar de Patio de la Monter\u00eda van het Real Alc\u00e1zar, met Diego del Morao en een bredere muzikale bezetting. Het is een van de producties die het best laten zien hoe flamencowortels vanuit een volledig hedendaagse klanktaal kunnen worden geprojecteerd.<\/p>\n<h3>Marina Heredia: flamencozang in groot formaat<\/h3>\n<p>Op 1 oktober <strong>Marina Heredia<\/strong> treedt in het Teatro de la Maestranza op met het Koninklijk Symfonieorkest van Sevilla in <em>\u00a1En libertad! El camino de los gitanos<\/em>. De voorstelling verbindt historische herinnering, Roma-identiteit en grootschalige muzikale creatie.<\/p>\n<p>Haar aanwezigheid toont een andere dimensie van flamencozang: de stem verschijnt niet alleen in het format zanger-gitaar. Ze kan samengaan met een orkest, een uitgebreide dramaturgie en historisch onderzoek, zonder haar rol als expressief centrum van de productie te verliezen.<\/p>\n<\/div><\/div><\/div><\/div><\/div><\/div><\/div><\/section><section class=\"l-section wpb_row height_huge\"><div class=\"l-section-h i-cf\"><div class=\"g-cols vc_row via_flex valign_top type_default stacking_default\"><div class=\"vc_col-sm-12 wpb_column vc_column_container\"><div class=\"vc_column-inner\"><div class=\"wpb_wrapper\"><div class=\"wpb_text_column\"><div class=\"wpb_wrapper\"><h2 id=\"jovenes\">De nieuwe stemmen: een generatie die al een eigen taal cre\u00ebert<\/h2>\n<p>Een van de interessantste ontwikkelingen van de Bi\u00ebnnale 2026 is de komst van jonge artiesten die niet alleen als gasten deelnemen, maar met <strong>eigen projecten en persoonlijke artistieke verhalen<\/strong>.<\/p>\n<p>Het duidelijkste voorbeeld is <strong>\u00c1ngeles Toledano<\/strong>. Op 12 september presenteert ze in het Teatro Alameda de wereldpremi\u00e8re van <em>La misma sangre del cuerpo<\/em>, haar eerste eigen voorstelling op de Bi\u00ebnnale. De productie bouwt voort op de wereld van haar album <em>Sangre Sucia<\/em> en plaatst een zangeres met een klassieke vorming tegenover een zeer persoonlijke schrijfstijl, esthetiek en podiumtaal.<\/p>\n<p>Haar positie is bijzonder veelzeggend: ze neemt ook deel aan <em>El mundo por montera<\/em>, de grote gala-avond van 10 september, naast artiesten als Jos\u00e9 Merc\u00e9, Jos\u00e9 de la Tomasa, Arc\u00e1ngel en La Tremendita. In slechts twee dagen plaatst de Bi\u00ebnnale haar eerst binnen een collectieve genealogie en daarna aan het hoofd van haar eigen creatie.<\/p>\n<p><strong>Mar\u00eda Terremoto<\/strong> staat voor een heel directe continu\u00efteit met de grote zangfamilies van Jerez, terwijl <strong>Roc\u00edo Luna<\/strong> op de grote slotavond naast Carmen Linares en Marina Heredia verschijnt als een van de jonge stemmen die worden opgenomen in een historische vertelling over vrouwelijke flamencozang.<\/p>\n<p><strong>El Perrete<\/strong> en <strong>Manuel de la Tomasa<\/strong> nemen deel aan de gala-avond <em>El mundo por montera<\/em>. Daarbij komt de <strong>Gala van het Andalusische Circuit voor Jonge Flamencoartiesten<\/strong>, gepland op 20 september in het Teatro Alameda.<\/p>\n<\/div><\/div><\/div><\/div><\/div><\/div><\/div><\/section><section class=\"l-section wpb_row height_huge color_alternate with_shape\"><div class=\"l-section-shape type_zigzag pos_top hor_flip\" style=\"height:3vmin;\"><svg xmlns=\"http:\/\/www.w3.org\/2000\/svg\" viewBox=\"0 0 64 8\" preserveAspectRatio=\"none\" width=\"100%\" height=\"100%\">\r\n\t<path fill=\"currentColor\" d=\"M64 8 L0 8 L0 0 L20 7.9 L40 3 L48 5 L64 0 Z\"\/>\r\n<\/svg><\/div><div class=\"l-section-shape type_zigzag pos_bottom\" style=\"height:3vmin;\"><svg xmlns=\"http:\/\/www.w3.org\/2000\/svg\" viewBox=\"0 0 64 8\" preserveAspectRatio=\"none\" width=\"100%\" height=\"100%\">\r\n\t<path fill=\"currentColor\" d=\"M64 8 L0 8 L0 0 L20 7.9 L40 3 L48 5 L64 0 Z\"\/>\r\n<\/svg><\/div><div class=\"l-section-h i-cf\"><div class=\"g-cols vc_row via_flex valign_top type_default stacking_default\"><div class=\"vc_col-sm-12 wpb_column vc_column_container\"><div class=\"vc_column-inner\"><div class=\"wpb_wrapper\"><div class=\"wpb_text_column\"><div class=\"wpb_wrapper\"><h2 id=\"sagas\">Flamencofamilies, regio\u2019s en manieren om zang door te geven<\/h2>\n<p>De Bi\u00ebnnale organiseert haar stemmen niet alleen op leeftijd. Ze verbindt ze ook via <strong>regio, familie en uitvoeringstraditie<\/strong>.<\/p>\n<p>Het Real Alc\u00e1zar biedt een bijzonder duidelijk voorbeeld. Na Israel Fern\u00e1ndez brengt op 15 september <strong>Rancapino Chico<\/strong> de wereldpremi\u00e8re van <em>Pizarra<\/em>, een project ge\u00efnspireerd door oude 78-toerenopnamen en de grote meesters van de cante. De volgende dag <em>Xerezan\u00edas<\/em> brengt Luis El Zambo, Dolores Agujetas, Antonio de la Malena, Manuel Valencia en Las Tatas de Jerez samen.<\/p>\n<p>In drie opeenvolgende avonden gaat de Patio de la Monter\u00eda zo van een grote hedendaagse stem naar een reflectie op de herinnering van oude opnamen en uiteindelijk naar een ontmoeting van flamencofamilies en lijnen uit Jerez. Voor liefhebbers die willen begrijpen hoe de cante wordt doorgegeven, is dit een van de meest samenhangende blokken van de hele editie.<\/p>\n<p><a href=\"https:\/\/www.tablaosflamencos.com\/nl\/flamenco-real-alcazar-flamencobiennale-sevilla-2026.html\"><strong>Bekijk onze gids voor flamenco in het Real Alc\u00e1zar tijdens de Bi\u00ebnnale 2026<\/strong><\/a>.<\/p>\n<h3>Een vocale kaart van Andalusi\u00eb<\/h3>\n<p>Jerez is sterk aanwezig via Merc\u00e9, de families van <em>Xerezan\u00edas<\/em>, Mar\u00eda Terremoto, Capullo de Jerez en Jos\u00e9 de los Camarones. C\u00e1diz is aanwezig in Rancapino Chico\u2019s manier om de cante te benaderen en bij artiesten als Encarna Anillo. Huelva heeft een fundamentele stem in Arc\u00e1ngel; Granada in Marina Heredia; en Sevilla draagt eigen figuren en lijnen bij, naast ontmoetingen die speciaal voor de stad zijn gecre\u00eberd.<\/p>\n<\/div><\/div><\/div><\/div><\/div><\/div><\/div><\/section><section class=\"l-section wpb_row height_huge\"><div class=\"l-section-h i-cf\"><div class=\"g-cols vc_row via_flex valign_top type_default stacking_default\"><div class=\"vc_col-sm-12 wpb_column vc_column_container\"><div class=\"vc_column-inner\"><div class=\"wpb_wrapper\"><div class=\"wpb_text_column\"><div class=\"wpb_wrapper\"><h2 id=\"mujeres\">De vrouwelijke stemmen: van Carmen Linares tot \u00c1ngeles Toledano en Roc\u00edo Luna<\/h2>\n<p>Vrouwelijke flamencozang heeft in de editie van 2026 een structureel gewicht, niet alleen door het aantal artiesten, maar door de manier waarop het programma een historische dialoog opbouwt.<\/p>\n<p>Carmen Linares sluit de Bi\u00ebnnale af met een nieuwe benadering van haar <em>Antolog\u00eda de la Mujer en el Cante<\/em>, een bepalend werk dat repertoires van grote zangeressen uit het verleden terughaalde en centraal stelde. Het programma van <em>Perlas a millares<\/em> roept namen op als Ni\u00f1a de los Peines, La Mejorana, La Trini, La Serneta en La Repompa en voegt actuele stemmen van verschillende generaties toe.<\/p>\n<p>Marina Heredia, Mar\u00eda Terremoto en Roc\u00edo Luna maken van dat eerbetoon een levende lijn, geen museale terugblik. Elders in het programma brengt \u00c1ngeles Toledano een wereldpremi\u00e8re vanuit haar eigen creatieve universum en <strong>La Tremendita<\/strong> presenteert <em>Menos es m\u00e1s<\/em>, een wereldpremi\u00e8re op 11 september in het Teatro Central.<\/p>\n<p>Een van de interessantste lezingen van het vrouwelijke programma is juist het naast elkaar bestaan van twee schijnbaar tegengestelde bewegingen: <strong>repertoires terughalen en een eigen stem schrijven<\/strong>.<\/p>\n<\/div><\/div><\/div><\/div><\/div><\/div><\/div><\/section><section class=\"l-section wpb_row height_huge color_alternate with_shape\"><div class=\"l-section-shape type_zigzag pos_top hor_flip\" style=\"height:3vmin;\"><svg xmlns=\"http:\/\/www.w3.org\/2000\/svg\" viewBox=\"0 0 64 8\" preserveAspectRatio=\"none\" width=\"100%\" height=\"100%\">\r\n\t<path fill=\"currentColor\" d=\"M64 8 L0 8 L0 0 L20 7.9 L40 3 L48 5 L64 0 Z\"\/>\r\n<\/svg><\/div><div class=\"l-section-shape type_zigzag pos_bottom\" style=\"height:3vmin;\"><svg xmlns=\"http:\/\/www.w3.org\/2000\/svg\" viewBox=\"0 0 64 8\" preserveAspectRatio=\"none\" width=\"100%\" height=\"100%\">\r\n\t<path fill=\"currentColor\" d=\"M64 8 L0 8 L0 0 L20 7.9 L40 3 L48 5 L64 0 Z\"\/>\r\n<\/svg><\/div><div class=\"l-section-h i-cf\"><div class=\"g-cols vc_row via_flex valign_top type_default stacking_default\"><div class=\"vc_col-sm-12 wpb_column vc_column_container\"><div class=\"vc_column-inner\"><div class=\"wpb_wrapper\"><div class=\"wpb_text_column\"><div class=\"wpb_wrapper\"><h2 id=\"fechas-clave\">Belangrijke data voor flamencozang op de Bi\u00ebnnale 2026<\/h2>\n<div style=\"overflow-x: auto;\">\n<table>\n<thead>\n<tr>\n<th>Datum<\/th>\n<th>Artiest \/ productie<\/th>\n<th>Locatie<\/th>\n<th>Kernpunt<\/th>\n<\/tr>\n<\/thead>\n<tbody>\n<tr>\n<td><strong>10 september<\/strong><\/td>\n<td><em>El mundo por montera<\/em><\/td>\n<td>Real Maestranza<\/td>\n<td>Intergenerationele gala<\/td>\n<\/tr>\n<tr>\n<td><strong>11 september<\/strong><\/td>\n<td>La Tremendita \u00b7 <em>Menos es m\u00e1s<\/em><\/td>\n<td>Teatro Central<\/td>\n<td>Wereldpremi\u00e8re<\/td>\n<\/tr>\n<tr>\n<td><strong>12 september<\/strong><\/td>\n<td>\u00c1ngeles Toledano \u00b7 <em>La misma sangre del cuerpo<\/em><\/td>\n<td>Teatro Alameda<\/td>\n<td>Wereldpremi\u00e8re<\/td>\n<\/tr>\n<tr>\n<td><strong>14 september<\/strong><\/td>\n<td>Israel Fern\u00e1ndez \u00b7 <em>De oro y marfil<\/em><\/td>\n<td>Real Alc\u00e1zar<\/td>\n<td>Hedendaagse flamencozang<\/td>\n<\/tr>\n<tr>\n<td><strong>15 september<\/strong><\/td>\n<td>Rancapino Chico \u00b7 <em>Pizarra<\/em><\/td>\n<td>Real Alc\u00e1zar<\/td>\n<td>Wereldpremi\u00e8re<\/td>\n<\/tr>\n<tr>\n<td><strong>16 september<\/strong><\/td>\n<td><em>Xerezan\u00edas<\/em><\/td>\n<td>Real Alc\u00e1zar<\/td>\n<td>Flamencofamilies uit Jerez<\/td>\n<\/tr>\n<tr>\n<td><strong>17 september<\/strong><\/td>\n<td>Arc\u00e1ngel \u00b7 <em>La copla del cante<\/em><\/td>\n<td>Lope de Vega<\/td>\n<td>Eenmalige Avond<\/td>\n<\/tr>\n<tr>\n<td><strong>18 september<\/strong><\/td>\n<td>Antonio Reyes \u00b7 <em>Seis cuerdas, seis<\/em><\/td>\n<td>Lope de Vega<\/td>\n<td>Cante en zes gitaren<\/td>\n<\/tr>\n<tr>\n<td><strong>20 september<\/strong><\/td>\n<td>Jos\u00e9 Merc\u00e9 \u00b7 <em>Toquen a rebato<\/em><\/td>\n<td>Maestranza<\/td>\n<td>Eenmalige Avond<\/td>\n<\/tr>\n<tr>\n<td><strong>30 september<\/strong><\/td>\n<td>Mayte Mart\u00edn \u00b7 <em>Arqueolog\u00eda de lo puro<\/em><\/td>\n<td>Lope de Vega<\/td>\n<td>Oud repertoire<\/td>\n<\/tr>\n<tr>\n<td><strong>1 oktober<\/strong><\/td>\n<td>Marina Heredia + ROSS<\/td>\n<td>Maestranza<\/td>\n<td>Grootschalig symfonisch format<\/td>\n<\/tr>\n<tr>\n<td><strong>3 oktober<\/strong><\/td>\n<td>Carmen Linares + gasten \u00b7 <em>Perlas a millares<\/em><\/td>\n<td>Maestranza<\/td>\n<td>Intergenerationele afsluiting<\/td>\n<\/tr>\n<\/tbody>\n<\/table>\n<\/div>\n<p><small>Selectie van bijzonder relevante afspraken om de flamencozang te volgen. De Bi\u00ebnnale omvat nog veel andere optredens waarin de flamencostem een hoofdrol speelt.<\/small><\/p>\n<\/div><\/div><\/div><\/div><\/div><\/div><\/div><\/section><section class=\"l-section wpb_row height_huge\"><div class=\"l-section-h i-cf\"><div class=\"g-cols vc_row via_flex valign_top type_default stacking_default\"><div class=\"vc_col-sm-12 wpb_column vc_column_container\"><div class=\"vc_column-inner\"><div class=\"wpb_wrapper\"><div class=\"wpb_text_column\"><div class=\"wpb_wrapper\"><h2 id=\"elegir\">Wat zien volgens het soort flamencozang dat je zoekt<\/h2>\n<h3>Als je traditionele flamencozang zoekt<\/h3>\n<p>Als je vooral klassieke vormen en een heel directe relatie tussen stem, repertoire en gitaar wilt horen, let dan vooral op <strong>Mayte Mart\u00edn, Rancapino Chico, Jos\u00e9 Merc\u00e9, Antonio Reyes<\/strong> en verschillende ontmoetingen van flamencofamilies. Ook bijzonder interessant kan zijn <em>A canela y clavo<\/em>, met Esperanza Fern\u00e1ndez, Duquende, Jos\u00e9 Valencia, Pepe Torres en Nazaret Reyes.<\/p>\n<h3>Als je de meest hedendaagse flamencozang zoekt<\/h3>\n<p>Voor een opener blik op actuele creatie bieden <strong>\u00c1ngeles Toledano, La Tremendita, Israel Fern\u00e1ndez en Marina Heredia<\/strong> vier heel verschillende routes. Er bestaat niet \u00e9\u00e9n enkele \u201cavant-garde van de cante\u201d: de Bi\u00ebnnale toont meerdere manieren om vooruit te gaan.<\/p>\n<h3>Als je de generaties wilt begrijpen<\/h3>\n<p>De beste strategie is om niet te veel op elkaar lijkende artiesten te kiezen. Bouw een klein generatiepad: een grote historische referentie, een gevestigde stem en een jonge productie. Bijvoorbeeld Jos\u00e9 Merc\u00e9 of Mayte Mart\u00edn; Israel Fern\u00e1ndez, Arc\u00e1ngel of Marina Heredia; en \u00c1ngeles Toledano of een van de jongere voorstellen.<\/p>\n<p><a href=\"https:\/\/www.tablaosflamencos.com\/nl\/flamencobiennale-sevilla-2026-tickets-prijzen-kortingen.html\"><strong>Tickets, prijzen en kortingen<\/strong><\/a> \u00b7 <a href=\"https:\/\/www.tablaosflamencos.com\/nl\/grote-premieres-flamencobiennale-sevilla-2026.html\"><strong>Grote premi\u00e8res<\/strong><\/a> \u00b7 <a href=\"https:\/\/www.tablaosflamencos.com\/nl\/flamencobiennale-sevilla-2026-uitverkocht-alternatieven.html\"><strong>Wat zien als er geen tickets meer zijn<\/strong><\/a><\/p>\n<\/div><\/div><\/div><\/div><\/div><\/div><\/div><\/section><section class=\"l-section wpb_row height_huge color_alternate with_shape\"><div class=\"l-section-shape type_zigzag pos_top hor_flip\" style=\"height:3vmin;\"><svg xmlns=\"http:\/\/www.w3.org\/2000\/svg\" viewBox=\"0 0 64 8\" preserveAspectRatio=\"none\" width=\"100%\" height=\"100%\">\r\n\t<path fill=\"currentColor\" d=\"M64 8 L0 8 L0 0 L20 7.9 L40 3 L48 5 L64 0 Z\"\/>\r\n<\/svg><\/div><div class=\"l-section-shape type_zigzag pos_bottom\" style=\"height:3vmin;\"><svg xmlns=\"http:\/\/www.w3.org\/2000\/svg\" viewBox=\"0 0 64 8\" preserveAspectRatio=\"none\" width=\"100%\" height=\"100%\">\r\n\t<path fill=\"currentColor\" d=\"M64 8 L0 8 L0 0 L20 7.9 L40 3 L48 5 L64 0 Z\"\/>\r\n<\/svg><\/div><div class=\"l-section-h i-cf\"><div class=\"g-cols vc_row via_flex valign_top type_default stacking_default\"><div class=\"vc_col-sm-1\/5 wpb_column vc_column_container\"><div class=\"vc_column-inner\"><div class=\"wpb_wrapper\"><\/div><\/div><\/div><div class=\"vc_col-sm-3\/5 wpb_column vc_column_container\"><div class=\"vc_column-inner\"><div class=\"wpb_wrapper\"><div class=\"wpb_text_column\"><div class=\"wpb_wrapper\"><h2 id=\"faq-cante\">Veelgestelde vragen over flamencozang op de Bi\u00ebnnale 2026<\/h2>\n<\/div><\/div><div class=\"w-separator size_medium\"><\/div><div class=\"w-tabs accordion toggle_style_1 has_scrolling\" style=\"--sections-title-size:inherit;--sections-gap:0.5rem;\"><div class=\"w-tabs-sections titles-align_none icon_plus cpos_left\"><div class=\"w-tabs-section\" id=\"hc86\" itemscope itemprop=\"mainEntity\" itemtype=\"https:\/\/schema.org\/Question\"><button type=\"button\" class=\"w-tabs-section-header\" aria-controls=\"content-hc86\" aria-expanded=\"false\"><h3 class=\"w-tabs-section-title\" itemprop=\"name\">Hoeveel stemmen nemen deel aan de Flamencobi\u00ebnnale 2026?<\/h3><div class=\"w-tabs-section-control\"><\/div><\/button><div  class=\"w-tabs-section-content\" id=\"content-hc86\" itemscope itemprop=\"acceptedAnswer\" itemtype=\"https:\/\/schema.org\/Answer\"><div class=\"w-tabs-section-content-h i-cf\" itemprop=\"text\"><div class=\"wpb_text_column\"><div class=\"wpb_wrapper\"><p>De organisatie spreekt over <strong>meer dan honderd stemmen<\/strong> verdeeld over bijna dertig programmaonderdelen rond flamencozang. Niet alles zijn exclusieve recitals: veel stemmen maken deel uit van gala\u2019s, ontmoetingen, dansvoorstellingen of grootschalige producties.<\/p>\n<\/div><\/div><\/div><\/div><\/div><div class=\"w-tabs-section\" id=\"nda1\" itemscope itemprop=\"mainEntity\" itemtype=\"https:\/\/schema.org\/Question\"><button type=\"button\" class=\"w-tabs-section-header\" aria-controls=\"content-nda1\" aria-expanded=\"false\"><h3 class=\"w-tabs-section-title\" itemprop=\"name\">Wie zijn enkele van de grote flamencozangers op de Bi\u00ebnnale 2026?<\/h3><div class=\"w-tabs-section-control\"><\/div><\/button><div  class=\"w-tabs-section-content\" id=\"content-nda1\" itemscope itemprop=\"acceptedAnswer\" itemtype=\"https:\/\/schema.org\/Answer\"><div class=\"w-tabs-section-content-h i-cf\" itemprop=\"text\"><div class=\"wpb_text_column\"><div class=\"wpb_wrapper\"><p>Tot de opvallendste namen behoren Jos\u00e9 Merc\u00e9, Carmen Linares, Jos\u00e9 de la Tomasa, Mayte Mart\u00edn, Arc\u00e1ngel, Marina Heredia, Israel Fern\u00e1ndez, Antonio Reyes, La Tremendita, Rancapino Chico, \u00c1ngeles Toledano, Mar\u00eda Terremoto en Roc\u00edo Luna, naast vele anderen.<\/p>\n<\/div><\/div><\/div><\/div><\/div><div class=\"w-tabs-section\" id=\"se96\" itemscope itemprop=\"mainEntity\" itemtype=\"https:\/\/schema.org\/Question\"><button type=\"button\" class=\"w-tabs-section-header\" aria-controls=\"content-se96\" aria-expanded=\"false\"><h3 class=\"w-tabs-section-title\" itemprop=\"name\">Zijn er jonge flamencozangers op de Bi\u00ebnnale 2026?<\/h3><div class=\"w-tabs-section-control\"><\/div><\/button><div  class=\"w-tabs-section-content\" id=\"content-se96\" itemscope itemprop=\"acceptedAnswer\" itemtype=\"https:\/\/schema.org\/Answer\"><div class=\"w-tabs-section-content-h i-cf\" itemprop=\"text\"><div class=\"wpb_text_column\"><div class=\"wpb_wrapper\"><p>Ja. \u00c1ngeles Toledano presenteert voor het eerst een eigen voorstelling op de Bi\u00ebnnale en ook stemmen als Roc\u00edo Luna, Mar\u00eda Terremoto, El Perrete en Manuel de la Tomasa zijn aanwezig, naast de Gala van het Andalusische Circuit voor Jonge Flamencoartiesten.<\/p>\n<\/div><\/div><\/div><\/div><\/div><div class=\"w-tabs-section\" id=\"xf93\" itemscope itemprop=\"mainEntity\" itemtype=\"https:\/\/schema.org\/Question\"><button type=\"button\" class=\"w-tabs-section-header\" aria-controls=\"content-xf93\" aria-expanded=\"false\"><h3 class=\"w-tabs-section-title\" itemprop=\"name\">Wat is een van de beste data om meerdere generaties samen te horen?<\/h3><div class=\"w-tabs-section-control\"><\/div><\/button><div  class=\"w-tabs-section-content\" id=\"content-xf93\" itemscope itemprop=\"acceptedAnswer\" itemtype=\"https:\/\/schema.org\/Answer\"><div class=\"w-tabs-section-content-h i-cf\" itemprop=\"text\"><div class=\"wpb_text_column\"><div class=\"wpb_wrapper\"><p>De gala-avond <em>El mundo por montera<\/em> op 10 september in de Real Maestranza brengt Jos\u00e9 Merc\u00e9, Jos\u00e9 de la Tomasa, Arc\u00e1ngel, La Tremendita, \u00c1ngeles Toledano, El Perrete en Manuel de la Tomasa samen, naast andere artiesten.<\/p>\n<\/div><\/div><\/div><\/div><\/div><div class=\"w-tabs-section\" id=\"k071\" itemscope itemprop=\"mainEntity\" itemtype=\"https:\/\/schema.org\/Question\"><button type=\"button\" class=\"w-tabs-section-header\" aria-controls=\"content-k071\" aria-expanded=\"false\"><h3 class=\"w-tabs-section-title\" itemprop=\"name\">Welke voorstelling is gewijd aan vrouwelijke flamencozang?<\/h3><div class=\"w-tabs-section-control\"><\/div><\/button><div  class=\"w-tabs-section-content\" id=\"content-k071\" itemscope itemprop=\"acceptedAnswer\" itemtype=\"https:\/\/schema.org\/Answer\"><div class=\"w-tabs-section-content-h i-cf\" itemprop=\"text\"><div class=\"wpb_text_column\"><div class=\"wpb_wrapper\"><p><em>Perlas a millares<\/em> op 3 oktober in het Teatro de la Maestranza viert de dertigste verjaardag van <em>Antolog\u00eda de la Mujer en el Cante<\/em>  van Carmen Linares. Marina Heredia, Mar\u00eda Terremoto en Roc\u00edo Luna nemen ook deel.<\/p>\n<\/div><\/div><\/div><\/div><\/div><div class=\"w-tabs-section\" id=\"n144\" itemscope itemprop=\"mainEntity\" itemtype=\"https:\/\/schema.org\/Question\"><button type=\"button\" class=\"w-tabs-section-header\" aria-controls=\"content-n144\" aria-expanded=\"false\"><h3 class=\"w-tabs-section-title\" itemprop=\"name\">Welk recital is interessant als ik oude flamenco zoek?<\/h3><div class=\"w-tabs-section-control\"><\/div><\/button><div  class=\"w-tabs-section-content\" id=\"content-n144\" itemscope itemprop=\"acceptedAnswer\" itemtype=\"https:\/\/schema.org\/Answer\"><div class=\"w-tabs-section-content-h i-cf\" itemprop=\"text\"><div class=\"wpb_text_column\"><div class=\"wpb_wrapper\"><p>Een van de duidelijkste opties is <em>Arqueolog\u00eda de lo puro<\/em> van Mayte Mart\u00edn, op 30 september in het Teatro Lope de Vega. Ook <em>Pizarra<\/em> van Rancapino Chico is ge\u00efnspireerd door oude 78-toerenopnamen.<\/p>\n<\/div><\/div><\/div><\/div><\/div><div class=\"w-tabs-section\" id=\"c223\" itemscope itemprop=\"mainEntity\" itemtype=\"https:\/\/schema.org\/Question\"><button type=\"button\" class=\"w-tabs-section-header\" aria-controls=\"content-c223\" aria-expanded=\"false\"><h3 class=\"w-tabs-section-title\" itemprop=\"name\">Waar concentreert de flamencozang uit Jerez zich?<\/h3><div class=\"w-tabs-section-control\"><\/div><\/button><div  class=\"w-tabs-section-content\" id=\"content-c223\" itemscope itemprop=\"acceptedAnswer\" itemtype=\"https:\/\/schema.org\/Answer\"><div class=\"w-tabs-section-content-h i-cf\" itemprop=\"text\"><div class=\"wpb_text_column\"><div class=\"wpb_wrapper\"><p>Jerez verschijnt op veel momenten in het programma. Hoogtepunten zijn Jos\u00e9 Merc\u00e9, Mar\u00eda Terremoto en vooral <em>Xerezan\u00edas<\/em> op 16 september in het Real Alc\u00e1zar, met Luis El Zambo, Dolores Agujetas, Antonio de la Malena, Manuel Valencia en Las Tatas de Jerez.<\/p>\n<\/div><\/div><\/div><\/div><\/div><div class=\"w-tabs-section\" id=\"f311\" itemscope itemprop=\"mainEntity\" itemtype=\"https:\/\/schema.org\/Question\"><button type=\"button\" class=\"w-tabs-section-header\" aria-controls=\"content-f311\" aria-expanded=\"false\"><h3 class=\"w-tabs-section-title\" itemprop=\"name\">Zijn er wereldpremi\u00e8res die met flamencozang te maken hebben?<\/h3><div class=\"w-tabs-section-control\"><\/div><\/button><div  class=\"w-tabs-section-content\" id=\"content-f311\" itemscope itemprop=\"acceptedAnswer\" itemtype=\"https:\/\/schema.org\/Answer\"><div class=\"w-tabs-section-content-h i-cf\" itemprop=\"text\"><div class=\"wpb_text_column\"><div class=\"wpb_wrapper\"><p>Ja. Daartoe behoren <em>Menos es m\u00e1s<\/em> van La Tremendita, <em>La misma sangre del cuerpo<\/em> van \u00c1ngeles Toledano en <em>Pizarra<\/em> van Rancapino Chico.<\/p>\n<\/div><\/div><\/div><\/div><\/div><div class=\"w-tabs-section\" id=\"j3e5\" itemscope itemprop=\"mainEntity\" itemtype=\"https:\/\/schema.org\/Question\"><button type=\"button\" class=\"w-tabs-section-header\" aria-controls=\"content-j3e5\" aria-expanded=\"false\"><h3 class=\"w-tabs-section-title\" itemprop=\"name\">Waar kan ik de data bekijken en tickets kopen?<\/h3><div class=\"w-tabs-section-control\"><\/div><\/button><div  class=\"w-tabs-section-content\" id=\"content-j3e5\" itemscope itemprop=\"acceptedAnswer\" itemtype=\"https:\/\/schema.org\/Answer\"><div class=\"w-tabs-section-content-h i-cf\" itemprop=\"text\"><div class=\"wpb_text_column\"><div class=\"wpb_wrapper\"><p>Het volledige programma en de verkooplinks staan op de offici\u00eble website van de Bi\u00ebnnale. Je kunt ook onze <a href=\"https:\/\/www.tablaosflamencos.com\/nl\/flamencobiennale-sevilla-2026-tickets-prijzen-kortingen.html\"><strong>gids voor tickets, prijzen en kortingen<\/strong><\/a>.<\/p>\n<\/div><\/div><\/div><\/div><\/div><div class=\"w-tabs-section\" id=\"z4b1\" itemscope itemprop=\"mainEntity\" itemtype=\"https:\/\/schema.org\/Question\"><button type=\"button\" class=\"w-tabs-section-header\" aria-controls=\"content-z4b1\" aria-expanded=\"false\"><h3 class=\"w-tabs-section-title\" itemprop=\"name\">Wat doe ik als de voorstelling die ik wil zien is uitverkocht?<\/h3><div class=\"w-tabs-section-control\"><\/div><\/button><div  class=\"w-tabs-section-content\" id=\"content-z4b1\" itemscope itemprop=\"acceptedAnswer\" itemtype=\"https:\/\/schema.org\/Answer\"><div class=\"w-tabs-section-content-h i-cf\" itemprop=\"text\"><div class=\"wpb_text_column\"><div class=\"wpb_wrapper\"><p>Controleer eerst de offici\u00eble kanalen voor het geval er nieuwe plaatsen beschikbaar komen. Als er niets beschikbaar is, bekijk dan onze gids over <a href=\"https:\/\/www.tablaosflamencos.com\/nl\/flamencobiennale-sevilla-2026-uitverkocht-alternatieven.html\"><strong>wat je kunt zien als de tickets voor de Bi\u00ebnnale zijn uitverkocht<\/strong><\/a>.<\/p>\n<\/div><\/div><\/div><\/div><\/div><\/div><\/div><\/div><\/div><\/div><div class=\"vc_col-sm-1\/5 wpb_column vc_column_container\"><div class=\"vc_column-inner\"><div class=\"wpb_wrapper\"><\/div><\/div><\/div><\/div><\/div><\/section><section class=\"l-section wpb_row height_huge\"><div class=\"l-section-h i-cf\"><div class=\"g-cols vc_row via_flex valign_top type_default stacking_default\"><div class=\"vc_col-sm-12 wpb_column vc_column_container\"><div class=\"vc_column-inner\"><div class=\"wpb_wrapper\"><div class=\"wpb_text_column\"><div class=\"wpb_wrapper\"><h2>Een Bi\u00ebnnale om te horen waar de cante vandaan komt en waar die naartoe kan gaan<\/h2>\n<p>Het programma van 2026 presenteert flamencozang niet als een stilstaand beeld van het verleden. Het toont haar als een bewegende keten van overdracht: meesters die referenties blijven, gevestigde artiesten die een eigen taal hebben ontwikkeld en jonge stemmen die steeds meer creatieve verantwoordelijkheid krijgen.<\/p>\n<p>Juist die ontmoeting tussen generaties is waarschijnlijk een van de beste redenen om flamencozang als rode draad door de 24e Flamencobi\u00ebnnale van Sevilla te volgen.<\/p>\n<\/div><\/div><\/div><\/div><\/div><\/div><\/div><\/section>\n","protected":false},"excerpt":{"rendered":"<p>Gids voor flamencozang op de Flamencobi\u00ebnnale van Sevilla 2026: grote meesters, gevestigde stemmen, nieuw talent, flamencofamilies, voorstellingen en belangrijke data.<\/p>\n","protected":false},"author":1,"featured_media":14112,"comment_status":"closed","ping_status":"closed","sticky":false,"template":"","format":"standard","meta":{"_acf_changed":false,"wpai_generated_summary":"","_ayudawp_aiss_exclude":false,"_ayudawp_aiss_exclude_summary":false,"_ayudawp_aiss_summary":"","_ayudawp_aiss_summary_provider":"","_ayudawp_aiss_summary_hash":"","footnotes":""},"categories":[1432],"tags":[1227,1228,1229,1230,1133,423],"class_list":["post-14195","post","type-post","status-publish","format-standard","has-post-thumbnail","hentry","category-flamencobiennale","tag-agenda-flamenca","tag-bienal-2026","tag-bienal-de-flamenco","tag-festivales-flamencos","tag-flamenco-en-sevilla","tag-sevilla"],"acf":[],"yoast_head":"<!-- This site is optimized with the Yoast SEO Premium plugin v28.4 (Yoast SEO v28.4) - https:\/\/yoast.com\/product\/yoast-seo-premium-wordpress\/ -->\n<title>Flamencozang op de Flamencobi\u00ebnnale 2026<\/title>\n<meta name=\"description\" content=\"Gids voor flamencozang op de Bi\u00ebnnale 2026: Jos\u00e9 Merc\u00e9, Carmen Linares, Mayte Mart\u00edn, Israel Fern\u00e1ndez, nieuwe stemmen en belangrijke data.\" \/>\n<meta name=\"robots\" content=\"index, follow, max-snippet:-1, max-image-preview:large, max-video-preview:-1\" \/>\n<link rel=\"canonical\" href=\"https:\/\/www.tablaosflamencos.com\/nl\/flamencozang-flamencobiennale-sevilla-2026.html\" \/>\n<meta property=\"og:locale\" content=\"nl_NL\" \/>\n<meta property=\"og:type\" content=\"article\" \/>\n<meta property=\"og:title\" content=\"Flamencozang op de Bi\u00ebnnale 2026: generaties, artiesten en grote stemmen\" \/>\n<meta property=\"og:description\" content=\"Gids voor flamencozang op de Bi\u00ebnnale 2026: Jos\u00e9 Merc\u00e9, Carmen Linares, Mayte Mart\u00edn, Israel Fern\u00e1ndez, nieuwe stemmen en belangrijke data.\" \/>\n<meta property=\"og:url\" content=\"https:\/\/www.tablaosflamencos.com\/nl\/flamencozang-flamencobiennale-sevilla-2026.html\" \/>\n<meta property=\"og:site_name\" content=\"Tablaos Flamencos\" \/>\n<meta property=\"article:publisher\" content=\"https:\/\/www.facebook.com\/tablaosflamencos\" \/>\n<meta property=\"article:published_time\" content=\"2026-09-02T23:18:36+00:00\" \/>\n<meta property=\"article:modified_time\" content=\"2026-09-02T23:40:54+00:00\" \/>\n<meta property=\"og:image\" content=\"https:\/\/www.tablaosflamencos.com\/wp-content\/uploads\/el-cante-en-la-bienal-2026-generaciones-artistas-y-grandes-voces-01.webp\" \/>\n\t<meta property=\"og:image:width\" content=\"1672\" \/>\n\t<meta property=\"og:image:height\" content=\"941\" \/>\n\t<meta property=\"og:image:type\" content=\"image\/webp\" \/>\n<meta name=\"author\" content=\"Miguel Ortiz\" \/>\n<meta name=\"twitter:card\" content=\"summary_large_image\" \/>\n<meta name=\"twitter:creator\" content=\"@tablaosflamenco\" \/>\n<meta name=\"twitter:site\" content=\"@tablaosflamenco\" \/>\n<meta name=\"twitter:label1\" content=\"Geschreven door\" \/>\n\t<meta name=\"twitter:data1\" content=\"Miguel Ortiz\" \/>\n\t<meta name=\"twitter:label2\" content=\"Geschatte leestijd\" \/>\n\t<meta name=\"twitter:data2\" content=\"16 minuten\" \/>\n<script type=\"application\/ld+json\" class=\"yoast-schema-graph\">{\"@context\":\"https:\\\/\\\/schema.org\",\"@graph\":[{\"@type\":\"Article\",\"@id\":\"https:\\\/\\\/www.tablaosflamencos.com\\\/nl\\\/flamencozang-flamencobiennale-sevilla-2026.html#article\",\"isPartOf\":{\"@id\":\"https:\\\/\\\/www.tablaosflamencos.com\\\/nl\\\/flamencozang-flamencobiennale-sevilla-2026.html\"},\"author\":{\"name\":\"Miguel Ortiz\",\"@id\":\"https:\\\/\\\/www.tablaosflamencos.com\\\/nl#\\\/schema\\\/person\\\/e7a9ebe14eb75a52ceabfbffb3c54f5d\"},\"headline\":\"Flamencozang op de Bi\u00ebnnale 2026: generaties, artiesten en grote stemmen\",\"datePublished\":\"2026-09-02T23:18:36+00:00\",\"dateModified\":\"2026-09-02T23:40:54+00:00\",\"mainEntityOfPage\":{\"@id\":\"https:\\\/\\\/www.tablaosflamencos.com\\\/nl\\\/flamencozang-flamencobiennale-sevilla-2026.html\"},\"wordCount\":3306,\"publisher\":{\"@id\":\"https:\\\/\\\/www.tablaosflamencos.com\\\/nl#organization\"},\"image\":{\"@id\":\"https:\\\/\\\/www.tablaosflamencos.com\\\/nl\\\/flamencozang-flamencobiennale-sevilla-2026.html#primaryimage\"},\"thumbnailUrl\":\"https:\\\/\\\/www.tablaosflamencos.com\\\/wp-content\\\/uploads\\\/el-cante-en-la-bienal-2026-generaciones-artistas-y-grandes-voces-01.webp\",\"keywords\":[\"agenda flamenca\",\"Bienal 2026\",\"Bienal de Flamenco\",\"festivales flamencos\",\"flamenco en Sevilla\",\"sevilla\"],\"articleSection\":[\"Flamencobi\u00ebnnale\"],\"inLanguage\":\"nl-NL\"},{\"@type\":\"WebPage\",\"@id\":\"https:\\\/\\\/www.tablaosflamencos.com\\\/nl\\\/flamencozang-flamencobiennale-sevilla-2026.html\",\"url\":\"https:\\\/\\\/www.tablaosflamencos.com\\\/nl\\\/flamencozang-flamencobiennale-sevilla-2026.html\",\"name\":\"Flamencozang op de Flamencobi\u00ebnnale 2026\",\"isPartOf\":{\"@id\":\"https:\\\/\\\/www.tablaosflamencos.com\\\/nl#website\"},\"primaryImageOfPage\":{\"@id\":\"https:\\\/\\\/www.tablaosflamencos.com\\\/nl\\\/flamencozang-flamencobiennale-sevilla-2026.html#primaryimage\"},\"image\":{\"@id\":\"https:\\\/\\\/www.tablaosflamencos.com\\\/nl\\\/flamencozang-flamencobiennale-sevilla-2026.html#primaryimage\"},\"thumbnailUrl\":\"https:\\\/\\\/www.tablaosflamencos.com\\\/wp-content\\\/uploads\\\/el-cante-en-la-bienal-2026-generaciones-artistas-y-grandes-voces-01.webp\",\"datePublished\":\"2026-09-02T23:18:36+00:00\",\"dateModified\":\"2026-09-02T23:40:54+00:00\",\"description\":\"Gids voor flamencozang op de Bi\u00ebnnale 2026: Jos\u00e9 Merc\u00e9, Carmen Linares, Mayte Mart\u00edn, Israel Fern\u00e1ndez, nieuwe stemmen en belangrijke data.\",\"breadcrumb\":{\"@id\":\"https:\\\/\\\/www.tablaosflamencos.com\\\/nl\\\/flamencozang-flamencobiennale-sevilla-2026.html#breadcrumb\"},\"inLanguage\":\"nl-NL\",\"potentialAction\":[{\"@type\":\"ReadAction\",\"target\":[\"https:\\\/\\\/www.tablaosflamencos.com\\\/nl\\\/flamencozang-flamencobiennale-sevilla-2026.html\"]}]},{\"@type\":\"ImageObject\",\"inLanguage\":\"nl-NL\",\"@id\":\"https:\\\/\\\/www.tablaosflamencos.com\\\/nl\\\/flamencozang-flamencobiennale-sevilla-2026.html#primaryimage\",\"url\":\"https:\\\/\\\/www.tablaosflamencos.com\\\/wp-content\\\/uploads\\\/el-cante-en-la-bienal-2026-generaciones-artistas-y-grandes-voces-01.webp\",\"contentUrl\":\"https:\\\/\\\/www.tablaosflamencos.com\\\/wp-content\\\/uploads\\\/el-cante-en-la-bienal-2026-generaciones-artistas-y-grandes-voces-01.webp\",\"width\":1672,\"height\":941,\"caption\":\"El cante en la Bienal 2026: generaciones, artistas y grandes voces\"},{\"@type\":\"BreadcrumbList\",\"@id\":\"https:\\\/\\\/www.tablaosflamencos.com\\\/nl\\\/flamencozang-flamencobiennale-sevilla-2026.html#breadcrumb\",\"itemListElement\":[{\"@type\":\"ListItem\",\"position\":1,\"name\":\"Home\",\"item\":\"https:\\\/\\\/www.tablaosflamencos.com\\\/nl\"},{\"@type\":\"ListItem\",\"position\":2,\"name\":\"Flamencozang op de Bi\u00ebnnale 2026: generaties, artiesten en grote stemmen\"}]},{\"@type\":\"WebSite\",\"@id\":\"https:\\\/\\\/www.tablaosflamencos.com\\\/nl#website\",\"url\":\"https:\\\/\\\/www.tablaosflamencos.com\\\/nl\",\"name\":\"Tablaos Flamencos\",\"description\":\"Entradas para tablaos flamencos de Espa\u00f1a\",\"publisher\":{\"@id\":\"https:\\\/\\\/www.tablaosflamencos.com\\\/nl#organization\"},\"alternateName\":\"Tablaos Flamencos\",\"potentialAction\":[{\"@type\":\"SearchAction\",\"target\":{\"@type\":\"EntryPoint\",\"urlTemplate\":\"https:\\\/\\\/www.tablaosflamencos.com\\\/nl?s={search_term_string}\"},\"query-input\":{\"@type\":\"PropertyValueSpecification\",\"valueRequired\":true,\"valueName\":\"search_term_string\"}}],\"inLanguage\":\"nl-NL\"},{\"@type\":[\"Organization\",\"Place\",\"EntertainmentBusiness\"],\"@id\":\"https:\\\/\\\/www.tablaosflamencos.com\\\/nl#organization\",\"name\":\"Tablaos Flamencos\",\"alternateName\":\"Tablaos Flamencos\",\"url\":\"https:\\\/\\\/www.tablaosflamencos.com\\\/nl\",\"logo\":{\"@id\":\"https:\\\/\\\/www.tablaosflamencos.com\\\/nl\\\/flamencozang-flamencobiennale-sevilla-2026.html#local-main-organization-logo\"},\"image\":{\"@id\":\"https:\\\/\\\/www.tablaosflamencos.com\\\/nl\\\/flamencozang-flamencobiennale-sevilla-2026.html#local-main-organization-logo\"},\"sameAs\":[\"https:\\\/\\\/www.facebook.com\\\/tablaosflamencos\",\"https:\\\/\\\/x.com\\\/tablaosflamenco\",\"https:\\\/\\\/mastodon.social\\\/@tablaosflamencos\",\"https:\\\/\\\/www.instagram.com\\\/tablaosflamencos\",\"https:\\\/\\\/tiktok.com\\\/@tablaosflamencos\",\"https:\\\/\\\/www.linkedin.com\\\/company\\\/109408238\\\/\"],\"description\":\"Venta de entradas para espect\u00e1culos flamencos\",\"legalName\":\"Tablaos Flamencos\",\"foundingDate\":\"2015-01-01\",\"numberOfEmployees\":{\"@type\":\"QuantitativeValue\",\"minValue\":\"1\",\"maxValue\":\"10\"},\"address\":{\"@id\":\"https:\\\/\\\/www.tablaosflamencos.com\\\/nl\\\/flamencozang-flamencobiennale-sevilla-2026.html#local-main-place-address\"},\"geo\":{\"@type\":\"GeoCoordinates\",\"latitude\":\"37.3868072\",\"longitude\":\"-5.993280299999999\"},\"telephone\":[\"+34623787787\"],\"contactPoint\":{\"@type\":\"ContactPoint\",\"telephone\":\"+34623787787\",\"email\":\"info@tablaosflamencos.com\"},\"openingHoursSpecification\":{\"@type\":\"OpeningHoursSpecification\",\"dayOfWeek\":[\"Monday\",\"Tuesday\",\"Wednesday\",\"Thursday\",\"Friday\",\"Saturday\",\"Sunday\"],\"opens\":\"00:00\",\"closes\":\"23:59\"},\"email\":\"info@tablaosflamencos.com\",\"priceRange\":\"$$$\",\"currenciesAccepted\":\"\u20ac\"},{\"@type\":\"Person\",\"@id\":\"https:\\\/\\\/www.tablaosflamencos.com\\\/nl#\\\/schema\\\/person\\\/e7a9ebe14eb75a52ceabfbffb3c54f5d\",\"name\":\"Miguel Ortiz\",\"description\":\"Miguel Ortiz es un empresario flamenco, con una s\u00f3lida trayectoria dentro del sector. Ha presidido entidades culturales vinculadas al flamenco y, cuenta con un amplio recorrido profesional en la gesti\u00f3n y promoci\u00f3n de espect\u00e1culos y tablaos flamencos. Su pasi\u00f3n por la historia y el arte flamenco se refleja en cada art\u00edculo, donde combina experiencia, criterio y un profundo respeto por la tradici\u00f3n.\",\"sameAs\":[\"https:\\\/\\\/www.tablaosflamencos.com\",\"https:\\\/\\\/www.instagra.com\\\/miguelortizfe\",\"https:\\\/\\\/www.linkedin.com\\\/in\\\/miguelortizf\\\/\"],\"birthDate\":\"1984-11-22\",\"gender\":\"hombre\",\"knowsLanguage\":[\"espa\u00f1ol\",\"ingl\u00e9s\"],\"jobTitle\":\"Empresario flamenco\"},{\"@type\":\"PostalAddress\",\"@id\":\"https:\\\/\\\/www.tablaosflamencos.com\\\/nl\\\/flamencozang-flamencobiennale-sevilla-2026.html#local-main-place-address\",\"streetAddress\":\"C\\\/ Alemanes, 19\",\"addressLocality\":\"Sevilla\",\"postalCode\":\"41004\",\"addressRegion\":\"Sevilla\",\"addressCountry\":\"ES\"},{\"@type\":\"ImageObject\",\"inLanguage\":\"nl-NL\",\"@id\":\"https:\\\/\\\/www.tablaosflamencos.com\\\/nl\\\/flamencozang-flamencobiennale-sevilla-2026.html#local-main-organization-logo\",\"url\":\"https:\\\/\\\/www.tablaosflamencos.com\\\/wp-content\\\/uploads\\\/tablaos-flamencos-06-3.webp\",\"contentUrl\":\"https:\\\/\\\/www.tablaosflamencos.com\\\/wp-content\\\/uploads\\\/tablaos-flamencos-06-3.webp\",\"width\":600,\"height\":620,\"caption\":\"Tablaos Flamencos\"}]}<\/script>\n<meta name=\"geo.placename\" content=\"Sevilla\" \/>\n<meta name=\"geo.position\" content=\"37.3868072;-5.993280299999999\" \/>\n<meta name=\"geo.region\" content=\"Spanje\" \/>\n<!-- \/ Yoast SEO Premium plugin. -->","yoast_head_json":{"title":"Flamencozang op de Flamencobi\u00ebnnale 2026","description":"Gids voor flamencozang op de Bi\u00ebnnale 2026: Jos\u00e9 Merc\u00e9, Carmen Linares, Mayte Mart\u00edn, Israel Fern\u00e1ndez, nieuwe stemmen en belangrijke data.","robots":{"index":"index","follow":"follow","max-snippet":"max-snippet:-1","max-image-preview":"max-image-preview:large","max-video-preview":"max-video-preview:-1"},"canonical":"https:\/\/www.tablaosflamencos.com\/nl\/flamencozang-flamencobiennale-sevilla-2026.html","og_locale":"nl_NL","og_type":"article","og_title":"Flamencozang op de Bi\u00ebnnale 2026: generaties, artiesten en grote stemmen","og_description":"Gids voor flamencozang op de Bi\u00ebnnale 2026: Jos\u00e9 Merc\u00e9, Carmen Linares, Mayte Mart\u00edn, Israel Fern\u00e1ndez, nieuwe stemmen en belangrijke data.","og_url":"https:\/\/www.tablaosflamencos.com\/nl\/flamencozang-flamencobiennale-sevilla-2026.html","og_site_name":"Tablaos Flamencos","article_publisher":"https:\/\/www.facebook.com\/tablaosflamencos","article_published_time":"2026-09-02T23:18:36+00:00","article_modified_time":"2026-09-02T23:40:54+00:00","og_image":[{"width":1672,"height":941,"url":"https:\/\/www.tablaosflamencos.com\/wp-content\/uploads\/el-cante-en-la-bienal-2026-generaciones-artistas-y-grandes-voces-01.webp","type":"image\/webp"}],"author":"Miguel Ortiz","twitter_card":"summary_large_image","twitter_creator":"@tablaosflamenco","twitter_site":"@tablaosflamenco","twitter_misc":{"Geschreven door":"Miguel Ortiz","Geschatte leestijd":"16 minuten"},"schema":{"@context":"https:\/\/schema.org","@graph":[{"@type":"Article","@id":"https:\/\/www.tablaosflamencos.com\/nl\/flamencozang-flamencobiennale-sevilla-2026.html#article","isPartOf":{"@id":"https:\/\/www.tablaosflamencos.com\/nl\/flamencozang-flamencobiennale-sevilla-2026.html"},"author":{"name":"Miguel Ortiz","@id":"https:\/\/www.tablaosflamencos.com\/nl#\/schema\/person\/e7a9ebe14eb75a52ceabfbffb3c54f5d"},"headline":"Flamencozang op de Bi\u00ebnnale 2026: generaties, artiesten en grote stemmen","datePublished":"2026-09-02T23:18:36+00:00","dateModified":"2026-09-02T23:40:54+00:00","mainEntityOfPage":{"@id":"https:\/\/www.tablaosflamencos.com\/nl\/flamencozang-flamencobiennale-sevilla-2026.html"},"wordCount":3306,"publisher":{"@id":"https:\/\/www.tablaosflamencos.com\/nl#organization"},"image":{"@id":"https:\/\/www.tablaosflamencos.com\/nl\/flamencozang-flamencobiennale-sevilla-2026.html#primaryimage"},"thumbnailUrl":"https:\/\/www.tablaosflamencos.com\/wp-content\/uploads\/el-cante-en-la-bienal-2026-generaciones-artistas-y-grandes-voces-01.webp","keywords":["agenda flamenca","Bienal 2026","Bienal de Flamenco","festivales flamencos","flamenco en Sevilla","sevilla"],"articleSection":["Flamencobi\u00ebnnale"],"inLanguage":"nl-NL"},{"@type":"WebPage","@id":"https:\/\/www.tablaosflamencos.com\/nl\/flamencozang-flamencobiennale-sevilla-2026.html","url":"https:\/\/www.tablaosflamencos.com\/nl\/flamencozang-flamencobiennale-sevilla-2026.html","name":"Flamencozang op de Flamencobi\u00ebnnale 2026","isPartOf":{"@id":"https:\/\/www.tablaosflamencos.com\/nl#website"},"primaryImageOfPage":{"@id":"https:\/\/www.tablaosflamencos.com\/nl\/flamencozang-flamencobiennale-sevilla-2026.html#primaryimage"},"image":{"@id":"https:\/\/www.tablaosflamencos.com\/nl\/flamencozang-flamencobiennale-sevilla-2026.html#primaryimage"},"thumbnailUrl":"https:\/\/www.tablaosflamencos.com\/wp-content\/uploads\/el-cante-en-la-bienal-2026-generaciones-artistas-y-grandes-voces-01.webp","datePublished":"2026-09-02T23:18:36+00:00","dateModified":"2026-09-02T23:40:54+00:00","description":"Gids voor flamencozang op de Bi\u00ebnnale 2026: Jos\u00e9 Merc\u00e9, Carmen Linares, Mayte Mart\u00edn, Israel Fern\u00e1ndez, nieuwe stemmen en belangrijke data.","breadcrumb":{"@id":"https:\/\/www.tablaosflamencos.com\/nl\/flamencozang-flamencobiennale-sevilla-2026.html#breadcrumb"},"inLanguage":"nl-NL","potentialAction":[{"@type":"ReadAction","target":["https:\/\/www.tablaosflamencos.com\/nl\/flamencozang-flamencobiennale-sevilla-2026.html"]}]},{"@type":"ImageObject","inLanguage":"nl-NL","@id":"https:\/\/www.tablaosflamencos.com\/nl\/flamencozang-flamencobiennale-sevilla-2026.html#primaryimage","url":"https:\/\/www.tablaosflamencos.com\/wp-content\/uploads\/el-cante-en-la-bienal-2026-generaciones-artistas-y-grandes-voces-01.webp","contentUrl":"https:\/\/www.tablaosflamencos.com\/wp-content\/uploads\/el-cante-en-la-bienal-2026-generaciones-artistas-y-grandes-voces-01.webp","width":1672,"height":941,"caption":"El cante en la Bienal 2026: generaciones, artistas y grandes voces"},{"@type":"BreadcrumbList","@id":"https:\/\/www.tablaosflamencos.com\/nl\/flamencozang-flamencobiennale-sevilla-2026.html#breadcrumb","itemListElement":[{"@type":"ListItem","position":1,"name":"Home","item":"https:\/\/www.tablaosflamencos.com\/nl"},{"@type":"ListItem","position":2,"name":"Flamencozang op de Bi\u00ebnnale 2026: generaties, artiesten en grote stemmen"}]},{"@type":"WebSite","@id":"https:\/\/www.tablaosflamencos.com\/nl#website","url":"https:\/\/www.tablaosflamencos.com\/nl","name":"Tablaos Flamencos","description":"Entradas para tablaos flamencos de Espa\u00f1a","publisher":{"@id":"https:\/\/www.tablaosflamencos.com\/nl#organization"},"alternateName":"Tablaos Flamencos","potentialAction":[{"@type":"SearchAction","target":{"@type":"EntryPoint","urlTemplate":"https:\/\/www.tablaosflamencos.com\/nl?s={search_term_string}"},"query-input":{"@type":"PropertyValueSpecification","valueRequired":true,"valueName":"search_term_string"}}],"inLanguage":"nl-NL"},{"@type":["Organization","Place","EntertainmentBusiness"],"@id":"https:\/\/www.tablaosflamencos.com\/nl#organization","name":"Tablaos Flamencos","alternateName":"Tablaos Flamencos","url":"https:\/\/www.tablaosflamencos.com\/nl","logo":{"@id":"https:\/\/www.tablaosflamencos.com\/nl\/flamencozang-flamencobiennale-sevilla-2026.html#local-main-organization-logo"},"image":{"@id":"https:\/\/www.tablaosflamencos.com\/nl\/flamencozang-flamencobiennale-sevilla-2026.html#local-main-organization-logo"},"sameAs":["https:\/\/www.facebook.com\/tablaosflamencos","https:\/\/x.com\/tablaosflamenco","https:\/\/mastodon.social\/@tablaosflamencos","https:\/\/www.instagram.com\/tablaosflamencos","https:\/\/tiktok.com\/@tablaosflamencos","https:\/\/www.linkedin.com\/company\/109408238\/"],"description":"Venta de entradas para espect\u00e1culos flamencos","legalName":"Tablaos Flamencos","foundingDate":"2015-01-01","numberOfEmployees":{"@type":"QuantitativeValue","minValue":"1","maxValue":"10"},"address":{"@id":"https:\/\/www.tablaosflamencos.com\/nl\/flamencozang-flamencobiennale-sevilla-2026.html#local-main-place-address"},"geo":{"@type":"GeoCoordinates","latitude":"37.3868072","longitude":"-5.993280299999999"},"telephone":["+34623787787"],"contactPoint":{"@type":"ContactPoint","telephone":"+34623787787","email":"info@tablaosflamencos.com"},"openingHoursSpecification":{"@type":"OpeningHoursSpecification","dayOfWeek":["Monday","Tuesday","Wednesday","Thursday","Friday","Saturday","Sunday"],"opens":"00:00","closes":"23:59"},"email":"info@tablaosflamencos.com","priceRange":"$$$","currenciesAccepted":"\u20ac"},{"@type":"Person","@id":"https:\/\/www.tablaosflamencos.com\/nl#\/schema\/person\/e7a9ebe14eb75a52ceabfbffb3c54f5d","name":"Miguel Ortiz","description":"Miguel Ortiz es un empresario flamenco, con una s\u00f3lida trayectoria dentro del sector. Ha presidido entidades culturales vinculadas al flamenco y, cuenta con un amplio recorrido profesional en la gesti\u00f3n y promoci\u00f3n de espect\u00e1culos y tablaos flamencos. Su pasi\u00f3n por la historia y el arte flamenco se refleja en cada art\u00edculo, donde combina experiencia, criterio y un profundo respeto por la tradici\u00f3n.","sameAs":["https:\/\/www.tablaosflamencos.com","https:\/\/www.instagra.com\/miguelortizfe","https:\/\/www.linkedin.com\/in\/miguelortizf\/"],"birthDate":"1984-11-22","gender":"hombre","knowsLanguage":["espa\u00f1ol","ingl\u00e9s"],"jobTitle":"Empresario flamenco"},{"@type":"PostalAddress","@id":"https:\/\/www.tablaosflamencos.com\/nl\/flamencozang-flamencobiennale-sevilla-2026.html#local-main-place-address","streetAddress":"C\/ Alemanes, 19","addressLocality":"Sevilla","postalCode":"41004","addressRegion":"Sevilla","addressCountry":"ES"},{"@type":"ImageObject","inLanguage":"nl-NL","@id":"https:\/\/www.tablaosflamencos.com\/nl\/flamencozang-flamencobiennale-sevilla-2026.html#local-main-organization-logo","url":"https:\/\/www.tablaosflamencos.com\/wp-content\/uploads\/tablaos-flamencos-06-3.webp","contentUrl":"https:\/\/www.tablaosflamencos.com\/wp-content\/uploads\/tablaos-flamencos-06-3.webp","width":600,"height":620,"caption":"Tablaos Flamencos"}]},"geo.placename":"Sevilla","geo.position":{"lat":"37.3868072","long":"-5.993280299999999"},"geo.region":"Spanje"},"_links":{"self":[{"href":"https:\/\/www.tablaosflamencos.com\/nl\/wp-json\/wp\/v2\/posts\/14195","targetHints":{"allow":["GET"]}}],"collection":[{"href":"https:\/\/www.tablaosflamencos.com\/nl\/wp-json\/wp\/v2\/posts"}],"about":[{"href":"https:\/\/www.tablaosflamencos.com\/nl\/wp-json\/wp\/v2\/types\/post"}],"author":[{"embeddable":true,"href":"https:\/\/www.tablaosflamencos.com\/nl\/wp-json\/wp\/v2\/users\/1"}],"replies":[{"embeddable":true,"href":"https:\/\/www.tablaosflamencos.com\/nl\/wp-json\/wp\/v2\/comments?post=14195"}],"version-history":[{"count":2,"href":"https:\/\/www.tablaosflamencos.com\/nl\/wp-json\/wp\/v2\/posts\/14195\/revisions"}],"predecessor-version":[{"id":14214,"href":"https:\/\/www.tablaosflamencos.com\/nl\/wp-json\/wp\/v2\/posts\/14195\/revisions\/14214"}],"wp:featuredmedia":[{"embeddable":true,"href":"https:\/\/www.tablaosflamencos.com\/nl\/wp-json\/wp\/v2\/media\/14112"}],"wp:attachment":[{"href":"https:\/\/www.tablaosflamencos.com\/nl\/wp-json\/wp\/v2\/media?parent=14195"}],"wp:term":[{"taxonomy":"category","embeddable":true,"href":"https:\/\/www.tablaosflamencos.com\/nl\/wp-json\/wp\/v2\/categories?post=14195"},{"taxonomy":"post_tag","embeddable":true,"href":"https:\/\/www.tablaosflamencos.com\/nl\/wp-json\/wp\/v2\/tags?post=14195"}],"curies":[{"name":"wp","href":"https:\/\/api.w.org\/{rel}","templated":true}]}}