{"id":14182,"date":"2026-09-03T00:45:32","date_gmt":"2026-09-02T22:45:32","guid":{"rendered":"https:\/\/www.tablaosflamencos.com\/?p=14182"},"modified":"2026-09-03T01:31:53","modified_gmt":"2026-09-02T23:31:53","slug":"gitaar-flamencobiennale-sevilla-2026-niet-te-missen-shows","status":"publish","type":"post","link":"https:\/\/www.tablaosflamencos.com\/nl\/gitaar-flamencobiennale-sevilla-2026-niet-te-missen-shows.html","title":{"rendered":"De gitaar op de Flamencobi\u00ebnnale Sevilla 2026: niet te missen shows"},"content":{"rendered":"<section class=\"l-section wpb_row height_huge\"><div class=\"l-section-h i-cf\"><div class=\"g-cols vc_row via_flex valign_top type_default stacking_default\"><div class=\"vc_col-sm-6 wpb_column vc_column_container\"><div class=\"vc_column-inner\"><div class=\"wpb_wrapper\"><div class=\"wpb_text_column\"><div class=\"wpb_wrapper\"><h2>De gitaar, een van de grote hoofdrolspelers van de Flamencobi\u00ebnnale 2026<\/h2>\n<p>De <strong>flamencogitaar<\/strong> neemt een uitzonderlijke plaats in binnen de <strong>XXIVe Flamencobi\u00ebnnale van Sevilla 2026<\/strong>. De editie, die plaatsvindt van <strong>9 september tot en met 3 oktober<\/strong>, heeft een programma samengesteld waarin het gitaarspel niet alleen begeleiding is, maar de absolute hoofdrol krijgt in concerten, premi\u00e8res, ontmoetingen tussen generaties en dialogen met andere muziekstijlen.<\/p>\n<p>De Bi\u00ebnnale zelf presenteert deze editie als een van de grote internationale ontmoetingen voor de <strong>flamencoconcertgitaar<\/strong>, met ongeveer vijftien programmaonderdelen die rechtstreeks rond het instrument draaien. Het <strong>Espacio Turina<\/strong> is de belangrijkste locatie, met negen concerten tussen 11 en 27 september, maar enkele van de bijzonderste gitaarmomenten vinden ook plaats in San Luis de los Franceses, Teatro Lope de Vega en Teatro de la Maestranza.<\/p>\n<\/div><\/div><\/div><\/div><\/div><div class=\"vc_col-sm-6 wpb_column vc_column_container\"><div class=\"vc_column-inner\"><div class=\"wpb_wrapper\"><div class=\"wpb_text_column\"><div class=\"wpb_wrapper\"><p style=\"text-align: center; font-size: 54px; line-height: 1; margin-bottom: 10px;\"><strong>15<\/strong><\/p>\n<h3 style=\"text-align: center;\">programmaonderdelen met de gitaar centraal<\/h3>\n<p style=\"text-align: center; font-size: 46px; line-height: 1; margin: 25px 0 10px;\"><strong>9<\/strong><\/p>\n<h3 style=\"text-align: center;\">concerten in Espacio Turina<\/h3>\n<p style=\"text-align: center; font-size: 42px; line-height: 1; margin: 25px 0 10px;\"><strong>11\u201327 SEP<\/strong><\/p>\n<h3 style=\"text-align: center;\">grote gitaarreeks<\/h3>\n<\/div><\/div><\/div><\/div><\/div><\/div><\/div><\/section><section class=\"l-section wpb_row height_huge color_alternate with_shape\"><div class=\"l-section-shape type_zigzag pos_top\" style=\"height:3vmin;\"><svg xmlns=\"http:\/\/www.w3.org\/2000\/svg\" viewBox=\"0 0 64 8\" preserveAspectRatio=\"none\" width=\"100%\" height=\"100%\">\r\n\t<path fill=\"currentColor\" d=\"M64 8 L0 8 L0 0 L20 7.9 L40 3 L48 5 L64 0 Z\"\/>\r\n<\/svg><\/div><div class=\"l-section-shape type_zigzag pos_bottom\" style=\"height:3vmin;\"><svg xmlns=\"http:\/\/www.w3.org\/2000\/svg\" viewBox=\"0 0 64 8\" preserveAspectRatio=\"none\" width=\"100%\" height=\"100%\">\r\n\t<path fill=\"currentColor\" d=\"M64 8 L0 8 L0 0 L20 7.9 L40 3 L48 5 L64 0 Z\"\/>\r\n<\/svg><\/div><div class=\"l-section-h i-cf\"><div class=\"g-cols vc_row via_flex valign_top type_default stacking_default\"><div class=\"vc_col-sm-12 wpb_column vc_column_container\"><div class=\"vc_column-inner\"><div class=\"wpb_wrapper\"><div class=\"wpb_text_column\"><div class=\"wpb_wrapper\"><blockquote>\n<p><strong>Kort antwoord:<\/strong> wil je flamencogitaar horen tijdens de Bi\u00ebnnale 2026, dan behoren tot de belangrijkste data <strong>Antonio Rey, Jos\u00e9 Ferm\u00edn Fern\u00e1ndez, Juan Requena, Alejandro Hurtado, Juan Manuel Ca\u00f1izares, Rafael Riqueni, Diego del Morao en Dani de Mor\u00f3n<\/strong>. Espacio Turina huisvest de meeste recitals, terwijl San Luis, Lope de Vega en Maestranza enkele van de uitzonderlijkste producties van de hele editie presenteren.<\/p>\n<\/blockquote>\n<p><strong>Laatst bijgewerkt: 2 september 2026.<\/strong> De beschikbaarheid van tickets kan snel veranderen. Controleer daarom altijd de offici\u00eble pagina van elke voorstelling voordat je je bezoek plant.<\/p>\n<\/div><\/div><div class=\"w-separator size_medium\"><\/div><div class=\"w-hwrapper valign_top wrap stack_on_mobiles align_center\" style=\"--hwrapper-gap:1.2rem\"><div class=\"w-btn-wrapper align_none\"><a class=\"w-btn us-btn-style_1\" href=\"https:\/\/www.tablaosflamencos.com\/nl\/flamenco-biennale-sevilla-2026.html\"><span class=\"w-btn-label\">Complete gids voor de Bi\u00ebnnale 2026<\/span><\/a><\/div><div class=\"w-btn-wrapper align_none\"><a class=\"w-btn us-btn-style_1\" href=\"https:\/\/www.tablaosflamencos.com\/nl\/flamencobiennale-sevilla-2026-tickets-prijzen-kortingen.html\"><span class=\"w-btn-label\">Tickets, prijzen en kortingen<\/span><\/a><\/div><\/div><\/div><\/div><\/div><\/div><\/div><\/section><section class=\"l-section wpb_row height_huge\"><div class=\"l-section-h i-cf\"><div class=\"g-cols vc_row via_flex valign_top type_default stacking_default\"><div class=\"vc_col-sm-3 wpb_column vc_column_container\"><div class=\"vc_column-inner\"><div class=\"wpb_wrapper\"><\/div><\/div><\/div><div class=\"vc_col-sm-6 wpb_column vc_column_container\"><div class=\"vc_column-inner\"><div class=\"wpb_wrapper\"><div class=\"wpb_text_column\"><div class=\"wpb_wrapper\"><h2>Inhoud van deze gids<\/h2>\n<ul>\n<li><a href=\"#por-que-guitarra\">Waarom de gitaar zo belangrijk is op de Bi\u00ebnnale 2026<\/a><\/li>\n<li><a href=\"#turina\">Espacio Turina: de grote tempel van de gitaar<\/a><\/li>\n<li><a href=\"#imprescindibles\">De niet te missen gitaarshows<\/a><\/li>\n<li><a href=\"#antonio-rey\">Antonio Rey: Historias de un flamenco<\/a><\/li>\n<li><a href=\"#jose-fermin\">Jos\u00e9 Ferm\u00edn Fern\u00e1ndez: Guitarra desnuda<\/a><\/li>\n<li><a href=\"#juan-requena\">Juan Requena: Requeneando<\/a><\/li>\n<li><a href=\"#alejandro-hurtado\">Alejandro Hurtado: Devenir de la guitarra<\/a><\/li>\n<li><a href=\"#canizares\">Ca\u00f1izares sinf\u00f3nico<\/a><\/li>\n<li><a href=\"#riqueni\">Rafael Riqueni &amp; Tim Ries: Tunisia<\/a><\/li>\n<li><a href=\"#diego-morao\">Diego del Morao: M\u00e1s Morao<\/a><\/li>\n<li><a href=\"#dani-moron\">Dani de Mor\u00f3n: Cuadro<\/a><\/li>\n<li><a href=\"#calendario\">Uitgebreide gitaarkalender<\/a><\/li>\n<li><a href=\"#elegir\">Welk concert kies je volgens je smaak?<\/a><\/li>\n<li><a href=\"#faq-guitarra\">Veelgestelde vragen<\/a><\/li>\n<\/ul>\n<\/div><\/div><\/div><\/div><\/div><div class=\"vc_col-sm-3 wpb_column vc_column_container\"><div class=\"vc_column-inner\"><div class=\"wpb_wrapper\"><\/div><\/div><\/div><\/div><\/div><\/section><section class=\"l-section wpb_row height_huge color_alternate with_shape\"><div class=\"l-section-shape type_tilt pos_top hor_flip\" style=\"height:3vmin;\"><svg xmlns=\"http:\/\/www.w3.org\/2000\/svg\" viewBox=\"0 0 64 8\" preserveAspectRatio=\"none\" width=\"100%\" height=\"100%\">\r\n\t<path fill=\"currentColor\" d=\"M64 7.9 L64 10 L0 10 L0 0 Z\"\/>\r\n<\/svg><\/div><div class=\"l-section-shape type_zigzag pos_bottom\" style=\"height:3vmin;\"><svg xmlns=\"http:\/\/www.w3.org\/2000\/svg\" viewBox=\"0 0 64 8\" preserveAspectRatio=\"none\" width=\"100%\" height=\"100%\">\r\n\t<path fill=\"currentColor\" d=\"M64 8 L0 8 L0 0 L20 7.9 L40 3 L48 5 L64 0 Z\"\/>\r\n<\/svg><\/div><div class=\"l-section-h i-cf\"><div class=\"g-cols vc_row via_flex valign_top type_default stacking_default\"><div class=\"vc_col-sm-6 wpb_column vc_column_container\"><div class=\"vc_column-inner\"><div class=\"wpb_wrapper\"><div class=\"wpb_text_column\"><div class=\"wpb_wrapper\"><h2 id=\"por-que-guitarra\">Waarom de gitaar zo belangrijk is op de Bi\u00ebnnale 2026<\/h2>\n<p>Niet elke editie van de Bi\u00ebnnale geeft de sologitaar zo\u2019n prominente plaats. In 2026 komen verschillende generaties spelers, sterk uiteenlopende esthetieken en \u00e9\u00e9n gemeenschappelijk idee samen: laten zien dat de hedendaagse flamencogitaar op zichzelf een volledig artistiek verhaal kan dragen.<\/p>\n<p>Het programma combineert <strong>gevestigde meesters<\/strong>, gitaristen met een sterke creatieve identiteit, artiesten die voor het eerst een eigen voorstelling presenteren en musici die de traditionele grenzen van het instrument verruimen via jazz, symfonische muziek, oude muziek en rootsmuziek.<\/p>\n<\/div><\/div><\/div><\/div><\/div><div class=\"vc_col-sm-6 wpb_column vc_column_container\"><div class=\"vc_column-inner\"><div class=\"wpb_wrapper\"><div class=\"wpb_text_column\"><div class=\"wpb_wrapper\"><h2 id=\"turina\">Espacio Turina: de grote tempel van de flamencogitaar<\/h2>\n<p>Het <strong>Espacio Turina<\/strong>, aan de Calle Lara\u00f1a, programmeert negen concerten tussen 11 en 27 september. Dankzij de akoestiek en het relatief intieme formaat is het bijzonder geschikt om nuances in aanslag, comp\u00e1s, harmonie en dynamiek te horen die in grotere zalen anders kunnen overkomen.<\/p>\n<p>In Turina spelen Antonio Rey, Canito &amp; Ra\u00fal Rodr\u00edguez, Jos\u00e9 Ferm\u00edn Fern\u00e1ndez, Juan Requena, Mar\u00eda Mar\u00edn, Manuel de la Luz &amp; Manuel Im\u00e1n, Diego del Morao, Juan Medina en Dani de Mor\u00f3n. Voor wie de huidige ontwikkeling van het flamencogitaarspel wil volgen, is dit waarschijnlijk het meest samenhangende onderdeel van het hele programma.<\/p>\n<\/div><\/div><\/div><\/div><\/div><\/div><\/div><\/section><section class=\"l-section wpb_row height_huge\"><div class=\"l-section-h i-cf\"><div class=\"g-cols vc_row via_flex valign_top type_default stacking_default\"><div class=\"vc_col-sm-12 wpb_column vc_column_container\"><div class=\"vc_column-inner\"><div class=\"wpb_wrapper\"><div class=\"wpb_text_column\"><div class=\"wpb_wrapper\"><h2 id=\"imprescindibles\" style=\"text-align: center;\">8 niet te missen shows voor gitaarliefhebbers<\/h2>\n<p style=\"text-align: center;\">De volgende selectie wil van gitaar geen wedstrijd maken. Elke voorstelling vertrekt vanuit een andere esthetiek, en precies daarin ligt een van de grootste aantrekkingskrachten van de Bi\u00ebnnale 2026.<\/p>\n<\/div><\/div><\/div><\/div><\/div><\/div><\/div><\/section><section class=\"l-section wpb_row height_huge\"><div class=\"l-section-h i-cf\"><div class=\"g-cols vc_row via_flex valign_top type_default stacking_default\"><div class=\"vc_col-sm-6 wpb_column vc_column_container\"><div class=\"vc_column-inner\"><div class=\"wpb_wrapper\"><div class=\"wpb_text_column\"><div class=\"wpb_wrapper\"><h2 id=\"antonio-rey\">1. Antonio Rey \u2014 <em>Historias de un flamenco<\/em><\/h2>\n<p><strong>11 september \u00b7 19:00 \u00b7 Espacio Turina<\/strong><\/p>\n<p>Antonio Rey opent de grote gitaarreeks van Turina met <em>Historias de un flamenco<\/em>. Zijn programma omvat taranta, rumba, alegr\u00edas, buler\u00edas, minera en andere composities uit zijn recente repertoire.<\/p>\n<p>Het is een van de duidelijkste keuzes voor wie een hedendaagse, technisch briljante gitaar zoekt die tegelijk sterk met de traditie verbonden blijft. Het concert brengt Mara Rey op cante, Manuel Heredia als tweede gitarist, Juan Parrilla op fluit en Bandolero op percussie.<\/p>\n<p><strong>Waarom we dit onmisbaar vinden:<\/strong> hij behoort tot de belangrijkste Spaanse concertgitaristen van dit moment en komt naar Sevilla met een volwassen repertoire, na een internationale carri\u00e8re en verschillende onderscheidingen voor zijn opnames.<\/p>\n<\/div><\/div><\/div><\/div><\/div><div class=\"vc_col-sm-6 wpb_column vc_column_container\"><div class=\"vc_column-inner\"><div class=\"wpb_wrapper\"><div class=\"wpb_text_column\"><div class=\"wpb_wrapper\"><h2 id=\"jose-fermin\">2. Jos\u00e9 Ferm\u00edn Fern\u00e1ndez \u2014 <em>Guitarra desnuda<\/em><\/h2>\n<p><strong>13 september \u00b7 19:00 \u00b7 Espacio Turina \u00b7 Eenmalige voorstelling<\/strong><\/p>\n<p>Hier verandert het concept radicaal: <strong>solo gitaar<\/strong>, zonder scenische ondersteuning of begeleiding. Jos\u00e9 Ferm\u00edn Fern\u00e1ndez presenteert een recital rond verschillende traditionele palos en de verhalende kracht van het instrument.<\/p>\n<p>Zijn solodebuut op de Bi\u00ebnnale is ook een kans om een gitarist van een jongere generatie te horen in een vorm waarin niets verborgen kan blijven: klank, stemming, comp\u00e1s, intentie en muzikaliteit liggen volledig bloot.<\/p>\n<p><strong>Ideaal voor:<\/strong> liefhebbers die concertgitaar in haar meest pure vorm willen horen.<\/p>\n<\/div><\/div><\/div><\/div><\/div><\/div><\/div><\/section><section class=\"l-section wpb_row height_huge color_alternate with_shape\"><div class=\"l-section-shape type_zigzag pos_top hor_flip\" style=\"height:3vmin;\"><svg xmlns=\"http:\/\/www.w3.org\/2000\/svg\" viewBox=\"0 0 64 8\" preserveAspectRatio=\"none\" width=\"100%\" height=\"100%\">\r\n\t<path fill=\"currentColor\" d=\"M64 8 L0 8 L0 0 L20 7.9 L40 3 L48 5 L64 0 Z\"\/>\r\n<\/svg><\/div><div class=\"l-section-shape type_zigzag pos_bottom\" style=\"height:3vmin;\"><svg xmlns=\"http:\/\/www.w3.org\/2000\/svg\" viewBox=\"0 0 64 8\" preserveAspectRatio=\"none\" width=\"100%\" height=\"100%\">\r\n\t<path fill=\"currentColor\" d=\"M64 8 L0 8 L0 0 L20 7.9 L40 3 L48 5 L64 0 Z\"\/>\r\n<\/svg><\/div><div class=\"l-section-h i-cf\"><div class=\"g-cols vc_row via_flex valign_top type_default stacking_default\"><div class=\"vc_col-sm-6 wpb_column vc_column_container\"><div class=\"vc_column-inner\"><div class=\"wpb_wrapper\"><div class=\"wpb_text_column\"><div class=\"wpb_wrapper\"><h2 id=\"juan-requena\">3. Juan Requena \u2014 <em>Requeneando<\/em><\/h2>\n<p><strong>18 september \u00b7 19:00 \u00b7 Espacio Turina \u00b7 Eenmalige voorstelling<\/strong><\/p>\n<p>Juan Requena krijgt op de Bi\u00ebnnale voor het eerst de hoofdrol in een eigen voorstelling. <em>Requeneando<\/em> is opgezet als een reis door verschillende palos die zijn carri\u00e8re, gevoeligheid en muzikale taal weerspiegelen.<\/p>\n<p>Hij wordt begeleid door Los Makarines met koorzang en palmas, met een bijzondere bijdrage van zanger en multi-instrumentalist Jos\u00e9 \u00c1ngel Carmona.<\/p>\n<p><strong>Wat het anders maakt:<\/strong> het is niet alleen een virtuoos recital, maar de presentatie van een persoonlijk creatief universum dat bovendien materiaal uit zijn volgende opnameproject vooruitblikt.<\/p>\n<\/div><\/div><\/div><\/div><\/div><div class=\"vc_col-sm-6 wpb_column vc_column_container\"><div class=\"vc_column-inner\"><div class=\"wpb_wrapper\"><div class=\"wpb_text_column\"><div class=\"wpb_wrapper\"><h2 id=\"alejandro-hurtado\">4. Alejandro Hurtado &amp; Enrike Solin\u00eds \u2014 <em>Devenir de la guitarra<\/em><\/h2>\n<p><strong>19 en 20 september \u00b7 12:00 \u00b7 Kerk van San Luis de los Franceses<\/strong><\/p>\n<p>Dit is een van de conceptueel interessantste voorstellen van de editie. Alejandro Hurtado brengt de flamencogitaar in dialoog met <strong>historische gitaar en oude muziek<\/strong>, samen met Enrike Solin\u00eds en in samenwerking met het Festival voor Oude Muziek van Sevilla.<\/p>\n<p>Het programma bevat eigen composities van Hurtado naast historische referenties en verbindt verschillende fasen in de ontwikkeling van de gitaar.<\/p>\n<p>De barokke omgeving van <strong>San Luis de los Franceses<\/strong> voegt bovendien een heel bijzondere ruimtelijke en akoestische dimensie toe.<\/p>\n<\/div><\/div><\/div><\/div><\/div><\/div><\/div><\/section><section class=\"l-section wpb_row height_huge\"><div class=\"l-section-h i-cf\"><div class=\"g-cols vc_row via_flex valign_top type_default stacking_default\"><div class=\"vc_col-sm-6 wpb_column vc_column_container\"><div class=\"vc_column-inner\"><div class=\"wpb_wrapper\"><div class=\"wpb_text_column\"><div class=\"wpb_wrapper\"><h2 id=\"canizares\">5. Ca\u00f1izares &amp; ROSS \u2014 <em>Ca\u00f1izares sinf\u00f3nico<\/em><\/h2>\n<p><strong>19 september \u00b7 20:00 \u00b7 Teatro de la Maestranza \u00b7 Eenmalige voorstelling<\/strong><\/p>\n<p>Juan Manuel Ca\u00f1izares treedt als sologitarist op met de <strong>Real Orquesta Sinf\u00f3nica de Sevilla<\/strong>, onder leiding van Santiago Serrate.<\/p>\n<p>Het programma omvat het <em>Concierto Al-\u00c1ndalus voor gitaar en orkest<\/em>, opgedragen aan de herinnering aan Paco de Luc\u00eda, en het <em>Concierto Mediterr\u00e1neo<\/em>, opgedragen aan Joaqu\u00edn Rodrigo.<\/p>\n<p><strong>Waarom dit bijzonder is:<\/strong> dit is de duidelijkst symfonische keuze van het hele gitaarprogramma. Wie wil horen hoe flamencogitaar zich tegenover een groot orkest projecteert, vindt hier een van de sleutelavonden van de Bi\u00ebnnale.<\/p>\n<\/div><\/div><\/div><\/div><\/div><div class=\"vc_col-sm-6 wpb_column vc_column_container\"><div class=\"vc_column-inner\"><div class=\"wpb_wrapper\"><div class=\"wpb_text_column\"><div class=\"wpb_wrapper\"><h2 id=\"riqueni\">6. Rafael Riqueni &amp; Tim Ries \u2014 <em>Tunisia<\/em><\/h2>\n<p><strong>21 september \u00b7 20:00 \u00b7 Teatro Lope de Vega \u00b7 Wereldpremi\u00e8re<\/strong><\/p>\n<p>Een van de bijzonderste ontmoetingen van 2026 brengt de Sevillaanse gitarist <strong>Rafael Riqueni<\/strong> samen met de Amerikaanse saxofonist en fluitist <strong>Tim Ries<\/strong>.<\/p>\n<p>Het repertoire kruist composities uit Riqueni\u2019s muzikale wereld met andere stukken en opent een gesprek tussen flamencogitaar, jazz en kamermuzikale gevoeligheid.<\/p>\n<p><strong>Ideaal voor:<\/strong> wie een minder orthodoxe, genre-overstijgende voorstelling zoekt, met tegelijk een van de historische grootheden van de Sevillaanse gitaar centraal.<\/p>\n<\/div><\/div><\/div><\/div><\/div><\/div><\/div><\/section><section class=\"l-section wpb_row height_huge color_alternate with_shape\"><div class=\"l-section-shape type_zigzag pos_top hor_flip\" style=\"height:3vmin;\"><svg xmlns=\"http:\/\/www.w3.org\/2000\/svg\" viewBox=\"0 0 64 8\" preserveAspectRatio=\"none\" width=\"100%\" height=\"100%\">\r\n\t<path fill=\"currentColor\" d=\"M64 8 L0 8 L0 0 L20 7.9 L40 3 L48 5 L64 0 Z\"\/>\r\n<\/svg><\/div><div class=\"l-section-shape type_zigzag pos_bottom\" style=\"height:3vmin;\"><svg xmlns=\"http:\/\/www.w3.org\/2000\/svg\" viewBox=\"0 0 64 8\" preserveAspectRatio=\"none\" width=\"100%\" height=\"100%\">\r\n\t<path fill=\"currentColor\" d=\"M64 8 L0 8 L0 0 L20 7.9 L40 3 L48 5 L64 0 Z\"\/>\r\n<\/svg><\/div><div class=\"l-section-h i-cf\"><div class=\"g-cols vc_row via_flex valign_top type_default stacking_default\"><div class=\"vc_col-sm-6 wpb_column vc_column_container\"><div class=\"vc_column-inner\"><div class=\"wpb_wrapper\"><div class=\"wpb_text_column\"><div class=\"wpb_wrapper\"><h2 id=\"diego-morao\">7. Diego del Morao \u2014 <em>M\u00e1s Morao<\/em><\/h2>\n<p><strong>25 september \u00b7 19:00 \u00b7 Espacio Turina \u00b7 Eenmalige voorstelling<\/strong><\/p>\n<p>Diego del Morao vertegenwoordigt een van de herkenbaarste klanken van de hedendaagse gitaar uit Jerez. <em>M\u00e1s Morao<\/em> zet zijn toque centraal, gedragen door de puls van een ensemble dat nauw verbonden is met de esthetiek van Jerez en de wijk Santiago.<\/p>\n<p>Met hem spelen An\u00e9 Carrasco op percussie en Maloko op cante, naast andere medewerkers die nog worden bevestigd.<\/p>\n<p><strong>Waarom we dit niet zouden missen:<\/strong> weinig hedendaagse gitaristen hebben zo\u2019n herkenbare ritmische persoonlijkheid. Vooral aanbevolen voor wie comp\u00e1s, de klank van Jerez en een zeer persoonlijke manier van begeleiden en falsetas opbouwen waardeert.<\/p>\n<\/div><\/div><\/div><\/div><\/div><div class=\"vc_col-sm-6 wpb_column vc_column_container\"><div class=\"vc_column-inner\"><div class=\"wpb_wrapper\"><div class=\"wpb_text_column\"><div class=\"wpb_wrapper\"><h2 id=\"dani-moron\">8. Dani de Mor\u00f3n \u2014 <em>Cuadro<\/em><\/h2>\n<p><strong>27 september \u00b7 19:00 \u00b7 Espacio Turina \u00b7 Eenmalige voorstelling<\/strong><\/p>\n<p>Dani de Mor\u00f3n sluit de Turina-reeks af met een voorstelling die het idee van het <strong>flamencocuadro als levend organisme<\/strong>terugbrengt. Zijn gitaar gaat in dialoog met de stemmen van Sergio El Colorao, Amparo Lagares en Ismael El Bola, de dans van Claudia La Debla en de palmas van Los Mellis.<\/p>\n<p>Het programma voert langs buler\u00edas, sole\u00e1, ton\u00e1s, tientos, canti\u00f1as, romance, farruca, seguiriya, tangos en andere stijlen.<\/p>\n<p><strong>Wat het toevoegt:<\/strong> je hoort de gitaar niet alleen als solo-instrument, maar als muzikale architectuur die cante, dans, comp\u00e1s en collectieve creatie organiseert.<\/p>\n<\/div><\/div><\/div><\/div><\/div><\/div><\/div><\/section><section class=\"l-section wpb_row height_huge\"><div class=\"l-section-h i-cf\"><div class=\"g-cols vc_row via_flex valign_top type_default stacking_default\"><div class=\"vc_col-sm-12 wpb_column vc_column_container\"><div class=\"vc_column-inner\"><div class=\"wpb_wrapper\"><div class=\"wpb_text_column\"><div class=\"wpb_wrapper\"><h2 id=\"calendario\">Uitgebreide gitaarkalender van de Bi\u00ebnnale 2026<\/h2>\n<div style=\"overflow-x: auto;\">\n<table>\n<thead>\n<tr>\n<th>Datum<\/th>\n<th>Artiest \/ voorstelling<\/th>\n<th>Locatie<\/th>\n<th>Kenmerk<\/th>\n<\/tr>\n<\/thead>\n<tbody>\n<tr>\n<td>11 sep<\/td>\n<td><strong>Antonio Rey \u2014 Historias de un flamenco<\/strong><\/td>\n<td>Espacio Turina<\/td>\n<td>Hedendaags recital<\/td>\n<\/tr>\n<tr>\n<td>12 sep<\/td>\n<td><strong>Canito &amp; Ra\u00fal Rodr\u00edguez \u2014 La cuerda al aire<\/strong><\/td>\n<td>Espacio Turina<\/td>\n<td>Gitaar en tres flamenco<\/td>\n<\/tr>\n<tr>\n<td>13 sep<\/td>\n<td><strong>Jos\u00e9 Ferm\u00edn Fern\u00e1ndez \u2014 Guitarra desnuda<\/strong><\/td>\n<td>Espacio Turina<\/td>\n<td>Solo gitaar<\/td>\n<\/tr>\n<tr>\n<td>18 sep<\/td>\n<td><strong>Juan Requena \u2014 Requeneando<\/strong><\/td>\n<td>Espacio Turina<\/td>\n<td>Persoonlijke creatie<\/td>\n<\/tr>\n<tr>\n<td>18 sep<\/td>\n<td><strong>Antonio Reyes \u2014 Seis cuerdas, seis<\/strong><\/td>\n<td>Teatro Lope de Vega<\/td>\n<td>Cante en gitaar<\/td>\n<\/tr>\n<tr>\n<td>19 sep<\/td>\n<td><strong>Alejandro Hurtado &amp; Enrike Solin\u00eds \u2014 Devenir de la guitarra<\/strong><\/td>\n<td>San Luis<\/td>\n<td>Flamenco en historische gitaar<\/td>\n<\/tr>\n<tr>\n<td>19 sep<\/td>\n<td><strong>Mar\u00eda Mar\u00edn \u2014 Las Tres Mar\u00edas<\/strong><\/td>\n<td>Espacio Turina<\/td>\n<td>Gitaar en stem \u00b7 premi\u00e8re<\/td>\n<\/tr>\n<tr>\n<td>19 sep<\/td>\n<td><strong>Ca\u00f1izares &amp; ROSS \u2014 Ca\u00f1izares sinf\u00f3nico<\/strong><\/td>\n<td>Maestranza<\/td>\n<td>Gitaar en orkest<\/td>\n<\/tr>\n<tr>\n<td>20 sep<\/td>\n<td><strong>Alejandro Hurtado &amp; Enrike Solin\u00eds \u2014 Devenir de la guitarra<\/strong><\/td>\n<td>San Luis<\/td>\n<td>Tweede voorstelling<\/td>\n<\/tr>\n<tr>\n<td>20 sep<\/td>\n<td><strong>Manuel de la Luz &amp; Manuel Im\u00e1n \u2014 Manos que hablan<\/strong><\/td>\n<td>Espacio Turina<\/td>\n<td>Dialoog tussen gitaren<\/td>\n<\/tr>\n<tr>\n<td>21 sep<\/td>\n<td><strong>Rafael Riqueni &amp; Tim Ries \u2014 Tunisia<\/strong><\/td>\n<td>Lope de Vega<\/td>\n<td>Premi\u00e8re \u00b7 flamenco en jazz<\/td>\n<\/tr>\n<tr>\n<td>25 sep<\/td>\n<td><strong>Diego del Morao \u2014 M\u00e1s Morao<\/strong><\/td>\n<td>Espacio Turina<\/td>\n<td>Gitaar uit Jerez<\/td>\n<\/tr>\n<tr>\n<td>26 sep<\/td>\n<td><strong>Juan Medina \u2014 Fugaz<\/strong><\/td>\n<td>Espacio Turina<\/td>\n<td>Nieuwe generatie<\/td>\n<\/tr>\n<tr>\n<td>27 sep<\/td>\n<td><strong>Dani de Mor\u00f3n \u2014 Cuadro<\/strong><\/td>\n<td>Espacio Turina<\/td>\n<td>Gitaar, cante en dans<\/td>\n<\/tr>\n<\/tbody>\n<\/table>\n<\/div>\n<\/div><\/div><\/div><\/div><\/div><\/div><\/div><\/section><section class=\"l-section wpb_row height_huge color_alternate with_shape\"><div class=\"l-section-shape type_zigzag pos_top hor_flip\" style=\"height:3vmin;\"><svg xmlns=\"http:\/\/www.w3.org\/2000\/svg\" viewBox=\"0 0 64 8\" preserveAspectRatio=\"none\" width=\"100%\" height=\"100%\">\r\n\t<path fill=\"currentColor\" d=\"M64 8 L0 8 L0 0 L20 7.9 L40 3 L48 5 L64 0 Z\"\/>\r\n<\/svg><\/div><div class=\"l-section-shape type_zigzag pos_bottom\" style=\"height:3vmin;\"><svg xmlns=\"http:\/\/www.w3.org\/2000\/svg\" viewBox=\"0 0 64 8\" preserveAspectRatio=\"none\" width=\"100%\" height=\"100%\">\r\n\t<path fill=\"currentColor\" d=\"M64 8 L0 8 L0 0 L20 7.9 L40 3 L48 5 L64 0 Z\"\/>\r\n<\/svg><\/div><div class=\"l-section-h i-cf\"><div class=\"g-cols vc_row via_flex valign_top type_default stacking_default\"><div class=\"vc_col-sm-6 wpb_column vc_column_container\"><div class=\"vc_column-inner\"><div class=\"wpb_wrapper\"><div class=\"wpb_text_column\"><div class=\"wpb_wrapper\"><h2 id=\"elegir\">Welk concert kies je volgens je smaak?<\/h2>\n<ul>\n<li><strong>Pure sologitaar:<\/strong> Jos\u00e9 Ferm\u00edn Fern\u00e1ndez.<\/li>\n<li><strong>Groot hedendaags concertspel:<\/strong> Antonio Rey.<\/li>\n<li><strong>Comp\u00e1s en de school van Jerez:<\/strong> Diego del Morao.<\/li>\n<li><strong>Flamenco en historische traditie:<\/strong> Alejandro Hurtado &amp; Enrike Solin\u00eds.<\/li>\n<li><strong>Gitaar met orkest:<\/strong> Ca\u00f1izares &amp; ROSS.<\/li>\n<li><strong>Flamenco in dialoog met jazz:<\/strong> Rafael Riqueni &amp; Tim Ries.<\/li>\n<li><strong>Gitaar binnen het flamencocuadro:<\/strong> Dani de Mor\u00f3n.<\/li>\n<li><strong>Nieuwe stemmen van het toque:<\/strong> Juan Requena, Jos\u00e9 Ferm\u00edn Fern\u00e1ndez, Mar\u00eda Mar\u00edn of Juan Medina.<\/li>\n<\/ul>\n<\/div><\/div><\/div><\/div><\/div><div class=\"vc_col-sm-6 wpb_column vc_column_container\"><div class=\"vc_column-inner\"><div class=\"wpb_wrapper\"><div class=\"wpb_text_column\"><div class=\"wpb_wrapper\"><h2>Is het de moeite waard om meerdere middagen voor Turina te reserveren?<\/h2>\n<p>Ja, vooral als de gitaar een van je belangrijkste redenen is om de Bi\u00ebnnale te bezoeken. Het Turina-programma herhaalt niet \u00e9\u00e9n recitalmodel: er is sologitaar, begeleiding, dialoog tussen instrumenten, gitaar en stem, de school van Jerez en collectieve producties.<\/p>\n<p>Een goede strategie kan zijn om <strong>twee of drie concerten met verschillende profielen<\/strong>te kiezen. Bijvoorbeeld Jos\u00e9 Ferm\u00edn om het instrument volledig onbedekt te horen, Diego del Morao om de taal van Jerez binnen te gaan en Dani de Mor\u00f3n om te zien hoe de gitaar een compleet cuadro structureert.<\/p>\n<\/div><\/div><\/div><\/div><\/div><\/div><\/div><\/section><section class=\"l-section wpb_row height_huge\"><div class=\"l-section-h i-cf\"><div class=\"g-cols vc_row via_flex valign_top type_default stacking_default\"><div class=\"vc_col-sm-12 wpb_column vc_column_container\"><div class=\"vc_column-inner\"><div class=\"wpb_wrapper\"><div class=\"wpb_text_column\"><div class=\"wpb_wrapper\"><h2>Tickets en planning<\/h2>\n<p>De voorstellingen in Espacio Turina zijn goedkoper dan sommige grote producties in het Maestranza. Toch zijn verschillende data aangekondigd als <strong>Unieke Avonden<\/strong>, waardoor er binnen de Bi\u00ebnnale maar \u00e9\u00e9n kans is om ze te zien.<\/p>\n<p>Voor actuele prijzen, kortingen, Hora Joven en offici\u00eble verkoopkanalen kun je onze gids gebruiken over <a href=\"https:\/\/www.tablaosflamencos.com\/bienal-flamenco-2026-entradas-precios-descuentos.html\"><strong>tickets, prijzen en kortingen voor de Bi\u00ebnnale 2026<\/strong><\/a>.<\/p>\n<p>We raden ook aan om het <a href=\"https:\/\/www.labienal.com\/programa-general\" target=\"_blank\" rel=\"noopener\"><strong>offici\u00eble programma van de Bi\u00ebnnale<\/strong><\/a> te controleren voordat je op pad gaat, omdat de beschikbaarheid verandert naarmate elke datum dichterbij komt.<\/p>\n<\/div><\/div><div class=\"w-separator size_medium\"><\/div><div class=\"w-hwrapper valign_top wrap stack_on_mobiles align_center\" style=\"--hwrapper-gap:1.2rem\"><div class=\"w-btn-wrapper align_none\"><a class=\"w-btn us-btn-style_1\" href=\"https:\/\/www.tablaosflamencos.com\/nl\/unieke-matinees-flamencobiennale-sevilla-2026.html\"><span class=\"w-btn-label\">Bekijk de Unieke Matinees<\/span><\/a><\/div><div class=\"w-btn-wrapper align_none\"><a class=\"w-btn us-btn-style_1\" href=\"https:\/\/www.tablaosflamencos.com\/nl\/unieke-avonden-flamenco-biennale-sevilla-2026.html\"><span class=\"w-btn-label\">Bekijk de Unieke Avonden<\/span><\/a><\/div><\/div><\/div><\/div><\/div><\/div><\/div><\/section><section class=\"l-section wpb_row height_huge color_alternate with_shape\"><div class=\"l-section-shape type_zigzag pos_top\" style=\"height:3vmin;\"><svg xmlns=\"http:\/\/www.w3.org\/2000\/svg\" viewBox=\"0 0 64 8\" preserveAspectRatio=\"none\" width=\"100%\" height=\"100%\">\r\n\t<path fill=\"currentColor\" d=\"M64 8 L0 8 L0 0 L20 7.9 L40 3 L48 5 L64 0 Z\"\/>\r\n<\/svg><\/div><div class=\"l-section-shape type_zigzag pos_bottom\" style=\"height:3vmin;\"><svg xmlns=\"http:\/\/www.w3.org\/2000\/svg\" viewBox=\"0 0 64 8\" preserveAspectRatio=\"none\" width=\"100%\" height=\"100%\">\r\n\t<path fill=\"currentColor\" d=\"M64 8 L0 8 L0 0 L20 7.9 L40 3 L48 5 L64 0 Z\"\/>\r\n<\/svg><\/div><div class=\"l-section-h i-cf\"><div class=\"g-cols vc_row via_flex valign_top type_default stacking_default\"><div class=\"vc_col-sm-12 wpb_column vc_column_container\"><div class=\"vc_column-inner\"><div class=\"wpb_wrapper\"><div class=\"wpb_text_column\"><div class=\"wpb_wrapper\"><h2 style=\"text-align: center;\">Een Bi\u00ebnnale om te horen hoe de flamencogitaar van vandaag klinkt<\/h2>\n<p style=\"text-align: center;\">De gitaar van 2026 verschijnt op de Bi\u00ebnnale niet als \u00e9\u00e9n homogeen blok. Traditie, experiment, begeleiding, solorecital, orkest, jazz, oude muziek en nieuwe generaties bestaan naast elkaar.<\/p>\n<p style=\"text-align: center;\">Juist dat contrast maakt het programma tot een bijzonder waardevolle kans om te begrijpen <strong>waar de hedendaagse flamencogitaar naartoe beweegt zonder haar wortels uit het oog te verliezen<\/strong>.<\/p>\n<p style=\"text-align: center;\">Als gitaar een prioriteit is tijdens je reis naar Sevilla, kun je met deze editie praktisch een festival binnen het festival samenstellen.<\/p>\n<\/div><\/div><\/div><\/div><\/div><\/div><\/div><\/section><section class=\"l-section wpb_row height_huge with_shape\"><div class=\"l-section-shape type_zigzag pos_bottom\" style=\"height:3vmin;\"><svg xmlns=\"http:\/\/www.w3.org\/2000\/svg\" viewBox=\"0 0 64 8\" preserveAspectRatio=\"none\" width=\"100%\" height=\"100%\">\r\n\t<path fill=\"currentColor\" d=\"M64 8 L0 8 L0 0 L20 7.9 L40 3 L48 5 L64 0 Z\"\/>\r\n<\/svg><\/div><div class=\"l-section-h i-cf\"><div class=\"g-cols vc_row via_flex valign_top type_default stacking_default\"><div class=\"vc_col-sm-1\/5 wpb_column vc_column_container\"><div class=\"vc_column-inner\"><div class=\"wpb_wrapper\"><\/div><\/div><\/div><div class=\"vc_col-sm-3\/5 wpb_column vc_column_container\"><div class=\"vc_column-inner\"><div class=\"wpb_wrapper\"><div class=\"wpb_text_column\"><div class=\"wpb_wrapper\"><h2 id=\"faq-guitarra\" style=\"text-align: center;\">Veelgestelde vragen over gitaar op de Bi\u00ebnnale 2026<\/h2>\n<\/div><\/div><div class=\"w-separator size_medium\"><\/div><div class=\"w-tabs accordion toggle_style_1 has_scrolling\" style=\"--sections-title-size:inherit;--sections-gap:0.5rem;\"><div class=\"w-tabs-sections titles-align_none icon_chevron cpos_right\"><div class=\"w-tabs-section\" id=\"e2c0\"><button type=\"button\" class=\"w-tabs-section-header\" aria-controls=\"content-e2c0\" aria-expanded=\"false\"><div class=\"w-tabs-section-title\">Hoeveel gitaarshows zijn er op de Bi\u00ebnnale 2026?<\/div><div class=\"w-tabs-section-control\"><\/div><\/button><div  class=\"w-tabs-section-content\" id=\"content-e2c0\"><div class=\"w-tabs-section-content-h i-cf\"><div class=\"wpb_text_column\"><div class=\"wpb_wrapper\"><p>De Bi\u00ebnnale heeft ongeveer <strong>vijftien producties<\/strong> uitgelicht waarin de flamencoconcertgitaar een centrale rol speelt, verspreid over onder meer Espacio Turina, San Luis de los Franceses, Teatro Lope de Vega en Teatro de la Maestranza.<\/p>\n<\/div><\/div><\/div><\/div><\/div><div class=\"w-tabs-section\" id=\"l403\"><button type=\"button\" class=\"w-tabs-section-header\" aria-controls=\"content-l403\" aria-expanded=\"false\"><div class=\"w-tabs-section-title\">Waar concentreert het gitaarprogramma zich?<\/div><div class=\"w-tabs-section-control\"><\/div><\/button><div  class=\"w-tabs-section-content\" id=\"content-l403\"><div class=\"w-tabs-section-content-h i-cf\"><div class=\"wpb_text_column\"><div class=\"wpb_wrapper\"><p>De belangrijkste locatie is het <strong>Espacio Turina<\/strong>, waar tussen 11 en 27 september 2026 negen gitaarconcerten plaatsvinden.<\/p>\n<\/div><\/div><\/div><\/div><\/div><div class=\"w-tabs-section\" id=\"m4fd\"><button type=\"button\" class=\"w-tabs-section-header\" aria-controls=\"content-m4fd\" aria-expanded=\"false\"><div class=\"w-tabs-section-title\">Welke belangrijke gitaristen spelen op de Bi\u00ebnnale 2026?<\/div><div class=\"w-tabs-section-control\"><\/div><\/button><div  class=\"w-tabs-section-content\" id=\"content-m4fd\"><div class=\"w-tabs-section-content-h i-cf\"><div class=\"wpb_text_column\"><div class=\"wpb_wrapper\"><p>Onder anderen Antonio Rey, Rafael Riqueni, Juan Manuel Ca\u00f1izares, Diego del Morao, Dani de Mor\u00f3n, Alejandro Hurtado, Jos\u00e9 Ferm\u00edn Fern\u00e1ndez, Juan Requena, Mar\u00eda Mar\u00edn, Manuel de la Luz, Manuel Im\u00e1n en Juan Medina staan op het programma.<\/p>\n<\/div><\/div><\/div><\/div><\/div><div class=\"w-tabs-section\" id=\"b633\"><button type=\"button\" class=\"w-tabs-section-header\" aria-controls=\"content-b633\" aria-expanded=\"false\"><div class=\"w-tabs-section-title\">Zijn er recitals voor solo gitaar?<\/div><div class=\"w-tabs-section-control\"><\/div><\/button><div  class=\"w-tabs-section-content\" id=\"content-b633\"><div class=\"w-tabs-section-content-h i-cf\"><div class=\"wpb_text_column\"><div class=\"wpb_wrapper\"><p>Ja. Een van de duidelijkste voorbeelden is <em>Guitarra desnuda<\/em>van Jos\u00e9 Ferm\u00edn Fern\u00e1ndez, op 13 september in Espacio Turina, opgezet om de gitaar in haar meest pure expressie centraal te zetten.<\/p>\n<\/div><\/div><\/div><\/div><\/div><div class=\"w-tabs-section\" id=\"k766\"><button type=\"button\" class=\"w-tabs-section-header\" aria-controls=\"content-k766\" aria-expanded=\"false\"><div class=\"w-tabs-section-title\">Is er flamencogitaar met een symfonieorkest?<\/div><div class=\"w-tabs-section-control\"><\/div><\/button><div  class=\"w-tabs-section-content\" id=\"content-k766\"><div class=\"w-tabs-section-content-h i-cf\"><div class=\"wpb_text_column\"><div class=\"wpb_wrapper\"><p>Ja. Juan Manuel Ca\u00f1izares treedt op 19 september in Teatro de la Maestranza op met de Real Orquesta Sinf\u00f3nica de Sevilla in <em>Ca\u00f1izares sinf\u00f3nico<\/em>.<\/p>\n<\/div><\/div><\/div><\/div><\/div><div class=\"w-tabs-section\" id=\"b84e\"><button type=\"button\" class=\"w-tabs-section-header\" aria-controls=\"content-b84e\" aria-expanded=\"false\"><div class=\"w-tabs-section-title\">Welk concert combineert flamencogitaar en jazz?<\/div><div class=\"w-tabs-section-control\"><\/div><\/button><div  class=\"w-tabs-section-content\" id=\"content-b84e\"><div class=\"w-tabs-section-content-h i-cf\"><div class=\"wpb_text_column\"><div class=\"wpb_wrapper\"><p><em>Tunisia<\/em>van Rafael Riqueni en Tim Ries brengt de flamencogitaar van de Sevillaanse meester in dialoog met de saxofoons en fluit van de Amerikaanse muzikant. De wereldpremi\u00e8re staat gepland op 21 september in het Lope de Vega.<\/p>\n<\/div><\/div><\/div><\/div><\/div><div class=\"w-tabs-section\" id=\"w95e\"><button type=\"button\" class=\"w-tabs-section-header\" aria-controls=\"content-w95e\" aria-expanded=\"false\"><div class=\"w-tabs-section-title\">Waar kan ik Diego del Morao horen?<\/div><div class=\"w-tabs-section-control\"><\/div><\/button><div  class=\"w-tabs-section-content\" id=\"content-w95e\"><div class=\"w-tabs-section-content-h i-cf\"><div class=\"wpb_text_column\"><div class=\"wpb_wrapper\"><p>Diego del Morao presenteert <em>M\u00e1s Morao<\/em> op <strong>25 september om 19:00<\/strong> in Espacio Turina. Het is aangekondigd als een eenmalige voorstelling.<\/p>\n<\/div><\/div><\/div><\/div><\/div><div class=\"w-tabs-section\" id=\"ba3a\"><button type=\"button\" class=\"w-tabs-section-header\" aria-controls=\"content-ba3a\" aria-expanded=\"false\"><div class=\"w-tabs-section-title\">Wanneer treedt Dani de Mor\u00f3n op?<\/div><div class=\"w-tabs-section-control\"><\/div><\/button><div  class=\"w-tabs-section-content\" id=\"content-ba3a\"><div class=\"w-tabs-section-content-h i-cf\"><div class=\"wpb_text_column\"><div class=\"wpb_wrapper\"><p>Dani de Mor\u00f3n presenteert <em>Cuadro<\/em> op <strong>27 september om 19:00<\/strong> in Espacio Turina, eveneens als eenmalige voorstelling.<\/p>\n<\/div><\/div><\/div><\/div><\/div><div class=\"w-tabs-section\" id=\"sb06\"><button type=\"button\" class=\"w-tabs-section-header\" aria-controls=\"content-sb06\" aria-expanded=\"false\"><div class=\"w-tabs-section-title\">Is er gitaar tijdens de Unieke Matinees?<\/div><div class=\"w-tabs-section-control\"><\/div><\/button><div  class=\"w-tabs-section-content\" id=\"content-sb06\"><div class=\"w-tabs-section-content-h i-cf\"><div class=\"wpb_text_column\"><div class=\"wpb_wrapper\"><p>Ja. Alejandro Hurtado presenteert <em>Devenir de la guitarra<\/em> met Enrike Solin\u00eds op 19 en 20 september om 12:00 in de Kerk van San Luis de los Franceses.<\/p>\n<\/div><\/div><\/div><\/div><\/div><div class=\"w-tabs-section\" id=\"gbdf\"><button type=\"button\" class=\"w-tabs-section-header\" aria-controls=\"content-gbdf\" aria-expanded=\"false\"><div class=\"w-tabs-section-title\">Waar koop je tickets voor de gitaarconcerten?<\/div><div class=\"w-tabs-section-control\"><\/div><\/button><div  class=\"w-tabs-section-content\" id=\"content-gbdf\"><div class=\"w-tabs-section-content-h i-cf\"><div class=\"wpb_text_column\"><div class=\"wpb_wrapper\"><p>De veiligste manier is om de pagina van elke voorstelling te openen vanuit het offici\u00eble programma van de Bi\u00ebnnale. Bij Tablaos Flamencos houden we daarnaast een speciale gids bij met prijzen, kortingen, kassa-informatie en aankoopadvies.<\/p>\n<\/div><\/div><\/div><\/div><\/div><\/div><\/div><\/div><\/div><\/div><div class=\"vc_col-sm-1\/5 wpb_column vc_column_container\"><div class=\"vc_column-inner\"><div class=\"wpb_wrapper\"><\/div><\/div><\/div><\/div><\/div><\/section>\n","protected":false},"excerpt":{"rendered":"<p>Gids met de niet te missen flamencogitaarshows van de Flamencobi\u00ebnnale Sevilla 2026, met Antonio Rey, Riqueni, Ca\u00f1izares, Diego del Morao, Dani de Mor\u00f3n en meer.<\/p>\n","protected":false},"author":1,"featured_media":14100,"comment_status":"closed","ping_status":"closed","sticky":false,"template":"","format":"standard","meta":{"_acf_changed":false,"wpai_generated_summary":"","_ayudawp_aiss_exclude":false,"_ayudawp_aiss_exclude_summary":false,"_ayudawp_aiss_summary":"","_ayudawp_aiss_summary_provider":"","_ayudawp_aiss_summary_hash":"","footnotes":""},"categories":[1432],"tags":[1227,1228,1229,1230,1133,1424,423],"class_list":["post-14182","post","type-post","status-publish","format-standard","has-post-thumbnail","hentry","category-flamencobiennale","tag-agenda-flamenca","tag-bienal-2026","tag-bienal-de-flamenco","tag-festivales-flamencos","tag-flamenco-en-sevilla","tag-flamencogitaar","tag-sevilla"],"acf":[],"yoast_head":"<!-- This site is optimized with the Yoast SEO Premium plugin v28.4 (Yoast SEO v28.4) - https:\/\/yoast.com\/product\/yoast-seo-premium-wordpress\/ -->\n<title>Gitaar op de Flamencobi\u00ebnnale Sevilla 2026: highlights<\/title>\n<meta name=\"description\" content=\"De niet te missen flamencogitaarshows van de Flamencobi\u00ebnnale Sevilla 2026: Antonio Rey, Riqueni, Ca\u00f1izares, Diego del Morao, Dani de Mor\u00f3n en meer.\" \/>\n<meta name=\"robots\" content=\"index, follow, max-snippet:-1, max-image-preview:large, max-video-preview:-1\" \/>\n<link rel=\"canonical\" href=\"https:\/\/www.tablaosflamencos.com\/nl\/gitaar-flamencobiennale-sevilla-2026-niet-te-missen-shows.html\" \/>\n<meta property=\"og:locale\" content=\"nl_NL\" \/>\n<meta property=\"og:type\" content=\"article\" \/>\n<meta property=\"og:title\" content=\"De gitaar op de Flamencobi\u00ebnnale Sevilla 2026: niet te missen shows\" \/>\n<meta property=\"og:description\" content=\"De niet te missen flamencogitaarshows van de Flamencobi\u00ebnnale Sevilla 2026: Antonio Rey, Riqueni, Ca\u00f1izares, Diego del Morao, Dani de Mor\u00f3n en meer.\" \/>\n<meta property=\"og:url\" content=\"https:\/\/www.tablaosflamencos.com\/nl\/gitaar-flamencobiennale-sevilla-2026-niet-te-missen-shows.html\" \/>\n<meta property=\"og:site_name\" content=\"Tablaos Flamencos\" \/>\n<meta property=\"article:publisher\" content=\"https:\/\/www.facebook.com\/tablaosflamencos\" \/>\n<meta property=\"article:published_time\" content=\"2026-09-02T22:45:32+00:00\" \/>\n<meta property=\"article:modified_time\" content=\"2026-09-02T23:31:53+00:00\" \/>\n<meta property=\"og:image\" content=\"https:\/\/www.tablaosflamencos.com\/wp-content\/uploads\/la-guitarra-en-la-bienal-de-flamenco-2026-espectaculos-imprescindibles-01.webp\" \/>\n\t<meta property=\"og:image:width\" content=\"1672\" \/>\n\t<meta property=\"og:image:height\" content=\"941\" \/>\n\t<meta property=\"og:image:type\" content=\"image\/webp\" \/>\n<meta name=\"author\" content=\"Miguel Ortiz\" \/>\n<meta name=\"twitter:card\" content=\"summary_large_image\" \/>\n<meta name=\"twitter:creator\" content=\"@tablaosflamenco\" \/>\n<meta name=\"twitter:site\" content=\"@tablaosflamenco\" \/>\n<meta name=\"twitter:label1\" content=\"Geschreven door\" \/>\n\t<meta name=\"twitter:data1\" content=\"Miguel Ortiz\" \/>\n\t<meta name=\"twitter:label2\" content=\"Geschatte leestijd\" \/>\n\t<meta name=\"twitter:data2\" content=\"15 minuten\" \/>\n<script type=\"application\/ld+json\" class=\"yoast-schema-graph\">{\"@context\":\"https:\\\/\\\/schema.org\",\"@graph\":[{\"@type\":\"Article\",\"@id\":\"https:\\\/\\\/www.tablaosflamencos.com\\\/nl\\\/gitaar-flamencobiennale-sevilla-2026-niet-te-missen-shows.html#article\",\"isPartOf\":{\"@id\":\"https:\\\/\\\/www.tablaosflamencos.com\\\/nl\\\/gitaar-flamencobiennale-sevilla-2026-niet-te-missen-shows.html\"},\"author\":{\"name\":\"Miguel Ortiz\",\"@id\":\"https:\\\/\\\/www.tablaosflamencos.com\\\/nl#\\\/schema\\\/person\\\/e7a9ebe14eb75a52ceabfbffb3c54f5d\"},\"headline\":\"De gitaar op de Flamencobi\u00ebnnale Sevilla 2026: niet te missen shows\",\"datePublished\":\"2026-09-02T22:45:32+00:00\",\"dateModified\":\"2026-09-02T23:31:53+00:00\",\"mainEntityOfPage\":{\"@id\":\"https:\\\/\\\/www.tablaosflamencos.com\\\/nl\\\/gitaar-flamencobiennale-sevilla-2026-niet-te-missen-shows.html\"},\"wordCount\":3053,\"publisher\":{\"@id\":\"https:\\\/\\\/www.tablaosflamencos.com\\\/nl#organization\"},\"image\":{\"@id\":\"https:\\\/\\\/www.tablaosflamencos.com\\\/nl\\\/gitaar-flamencobiennale-sevilla-2026-niet-te-missen-shows.html#primaryimage\"},\"thumbnailUrl\":\"https:\\\/\\\/www.tablaosflamencos.com\\\/wp-content\\\/uploads\\\/la-guitarra-en-la-bienal-de-flamenco-2026-espectaculos-imprescindibles-01.webp\",\"keywords\":[\"agenda flamenca\",\"Bienal 2026\",\"Bienal de Flamenco\",\"festivales flamencos\",\"flamenco en Sevilla\",\"flamencogitaar\",\"sevilla\"],\"articleSection\":[\"Flamencobi\u00ebnnale\"],\"inLanguage\":\"nl-NL\"},{\"@type\":\"WebPage\",\"@id\":\"https:\\\/\\\/www.tablaosflamencos.com\\\/nl\\\/gitaar-flamencobiennale-sevilla-2026-niet-te-missen-shows.html\",\"url\":\"https:\\\/\\\/www.tablaosflamencos.com\\\/nl\\\/gitaar-flamencobiennale-sevilla-2026-niet-te-missen-shows.html\",\"name\":\"Gitaar op de Flamencobi\u00ebnnale Sevilla 2026: highlights\",\"isPartOf\":{\"@id\":\"https:\\\/\\\/www.tablaosflamencos.com\\\/nl#website\"},\"primaryImageOfPage\":{\"@id\":\"https:\\\/\\\/www.tablaosflamencos.com\\\/nl\\\/gitaar-flamencobiennale-sevilla-2026-niet-te-missen-shows.html#primaryimage\"},\"image\":{\"@id\":\"https:\\\/\\\/www.tablaosflamencos.com\\\/nl\\\/gitaar-flamencobiennale-sevilla-2026-niet-te-missen-shows.html#primaryimage\"},\"thumbnailUrl\":\"https:\\\/\\\/www.tablaosflamencos.com\\\/wp-content\\\/uploads\\\/la-guitarra-en-la-bienal-de-flamenco-2026-espectaculos-imprescindibles-01.webp\",\"datePublished\":\"2026-09-02T22:45:32+00:00\",\"dateModified\":\"2026-09-02T23:31:53+00:00\",\"description\":\"De niet te missen flamencogitaarshows van de Flamencobi\u00ebnnale Sevilla 2026: Antonio Rey, Riqueni, Ca\u00f1izares, Diego del Morao, Dani de Mor\u00f3n en meer.\",\"breadcrumb\":{\"@id\":\"https:\\\/\\\/www.tablaosflamencos.com\\\/nl\\\/gitaar-flamencobiennale-sevilla-2026-niet-te-missen-shows.html#breadcrumb\"},\"inLanguage\":\"nl-NL\",\"potentialAction\":[{\"@type\":\"ReadAction\",\"target\":[\"https:\\\/\\\/www.tablaosflamencos.com\\\/nl\\\/gitaar-flamencobiennale-sevilla-2026-niet-te-missen-shows.html\"]}]},{\"@type\":\"ImageObject\",\"inLanguage\":\"nl-NL\",\"@id\":\"https:\\\/\\\/www.tablaosflamencos.com\\\/nl\\\/gitaar-flamencobiennale-sevilla-2026-niet-te-missen-shows.html#primaryimage\",\"url\":\"https:\\\/\\\/www.tablaosflamencos.com\\\/wp-content\\\/uploads\\\/la-guitarra-en-la-bienal-de-flamenco-2026-espectaculos-imprescindibles-01.webp\",\"contentUrl\":\"https:\\\/\\\/www.tablaosflamencos.com\\\/wp-content\\\/uploads\\\/la-guitarra-en-la-bienal-de-flamenco-2026-espectaculos-imprescindibles-01.webp\",\"width\":1672,\"height\":941,\"caption\":\"La guitarra en la Bienal de Flamenco 2026: espect\u00e1culos imprescindibles\"},{\"@type\":\"BreadcrumbList\",\"@id\":\"https:\\\/\\\/www.tablaosflamencos.com\\\/nl\\\/gitaar-flamencobiennale-sevilla-2026-niet-te-missen-shows.html#breadcrumb\",\"itemListElement\":[{\"@type\":\"ListItem\",\"position\":1,\"name\":\"Home\",\"item\":\"https:\\\/\\\/www.tablaosflamencos.com\\\/nl\"},{\"@type\":\"ListItem\",\"position\":2,\"name\":\"De gitaar op de Flamencobi\u00ebnnale Sevilla 2026: niet te missen shows\"}]},{\"@type\":\"WebSite\",\"@id\":\"https:\\\/\\\/www.tablaosflamencos.com\\\/nl#website\",\"url\":\"https:\\\/\\\/www.tablaosflamencos.com\\\/nl\",\"name\":\"Tablaos Flamencos\",\"description\":\"Entradas para tablaos flamencos de Espa\u00f1a\",\"publisher\":{\"@id\":\"https:\\\/\\\/www.tablaosflamencos.com\\\/nl#organization\"},\"alternateName\":\"Tablaos Flamencos\",\"potentialAction\":[{\"@type\":\"SearchAction\",\"target\":{\"@type\":\"EntryPoint\",\"urlTemplate\":\"https:\\\/\\\/www.tablaosflamencos.com\\\/nl?s={search_term_string}\"},\"query-input\":{\"@type\":\"PropertyValueSpecification\",\"valueRequired\":true,\"valueName\":\"search_term_string\"}}],\"inLanguage\":\"nl-NL\"},{\"@type\":[\"Organization\",\"Place\",\"EntertainmentBusiness\"],\"@id\":\"https:\\\/\\\/www.tablaosflamencos.com\\\/nl#organization\",\"name\":\"Tablaos Flamencos\",\"alternateName\":\"Tablaos Flamencos\",\"url\":\"https:\\\/\\\/www.tablaosflamencos.com\\\/nl\",\"logo\":{\"@id\":\"https:\\\/\\\/www.tablaosflamencos.com\\\/nl\\\/gitaar-flamencobiennale-sevilla-2026-niet-te-missen-shows.html#local-main-organization-logo\"},\"image\":{\"@id\":\"https:\\\/\\\/www.tablaosflamencos.com\\\/nl\\\/gitaar-flamencobiennale-sevilla-2026-niet-te-missen-shows.html#local-main-organization-logo\"},\"sameAs\":[\"https:\\\/\\\/www.facebook.com\\\/tablaosflamencos\",\"https:\\\/\\\/x.com\\\/tablaosflamenco\",\"https:\\\/\\\/mastodon.social\\\/@tablaosflamencos\",\"https:\\\/\\\/www.instagram.com\\\/tablaosflamencos\",\"https:\\\/\\\/tiktok.com\\\/@tablaosflamencos\",\"https:\\\/\\\/www.linkedin.com\\\/company\\\/109408238\\\/\"],\"description\":\"Venta de entradas para espect\u00e1culos flamencos\",\"legalName\":\"Tablaos Flamencos\",\"foundingDate\":\"2015-01-01\",\"numberOfEmployees\":{\"@type\":\"QuantitativeValue\",\"minValue\":\"1\",\"maxValue\":\"10\"},\"address\":{\"@id\":\"https:\\\/\\\/www.tablaosflamencos.com\\\/nl\\\/gitaar-flamencobiennale-sevilla-2026-niet-te-missen-shows.html#local-main-place-address\"},\"geo\":{\"@type\":\"GeoCoordinates\",\"latitude\":\"37.3868072\",\"longitude\":\"-5.993280299999999\"},\"telephone\":[\"+34623787787\"],\"contactPoint\":{\"@type\":\"ContactPoint\",\"telephone\":\"+34623787787\",\"email\":\"info@tablaosflamencos.com\"},\"openingHoursSpecification\":{\"@type\":\"OpeningHoursSpecification\",\"dayOfWeek\":[\"Monday\",\"Tuesday\",\"Wednesday\",\"Thursday\",\"Friday\",\"Saturday\",\"Sunday\"],\"opens\":\"00:00\",\"closes\":\"23:59\"},\"email\":\"info@tablaosflamencos.com\",\"priceRange\":\"$$$\",\"currenciesAccepted\":\"\u20ac\"},{\"@type\":\"Person\",\"@id\":\"https:\\\/\\\/www.tablaosflamencos.com\\\/nl#\\\/schema\\\/person\\\/e7a9ebe14eb75a52ceabfbffb3c54f5d\",\"name\":\"Miguel Ortiz\",\"description\":\"Miguel Ortiz es un empresario flamenco, con una s\u00f3lida trayectoria dentro del sector. Ha presidido entidades culturales vinculadas al flamenco y, cuenta con un amplio recorrido profesional en la gesti\u00f3n y promoci\u00f3n de espect\u00e1culos y tablaos flamencos. Su pasi\u00f3n por la historia y el arte flamenco se refleja en cada art\u00edculo, donde combina experiencia, criterio y un profundo respeto por la tradici\u00f3n.\",\"sameAs\":[\"https:\\\/\\\/www.tablaosflamencos.com\",\"https:\\\/\\\/www.instagra.com\\\/miguelortizfe\",\"https:\\\/\\\/www.linkedin.com\\\/in\\\/miguelortizf\\\/\"],\"birthDate\":\"1984-11-22\",\"gender\":\"hombre\",\"knowsLanguage\":[\"espa\u00f1ol\",\"ingl\u00e9s\"],\"jobTitle\":\"Empresario flamenco\"},{\"@type\":\"PostalAddress\",\"@id\":\"https:\\\/\\\/www.tablaosflamencos.com\\\/nl\\\/gitaar-flamencobiennale-sevilla-2026-niet-te-missen-shows.html#local-main-place-address\",\"streetAddress\":\"C\\\/ Alemanes, 19\",\"addressLocality\":\"Sevilla\",\"postalCode\":\"41004\",\"addressRegion\":\"Sevilla\",\"addressCountry\":\"ES\"},{\"@type\":\"ImageObject\",\"inLanguage\":\"nl-NL\",\"@id\":\"https:\\\/\\\/www.tablaosflamencos.com\\\/nl\\\/gitaar-flamencobiennale-sevilla-2026-niet-te-missen-shows.html#local-main-organization-logo\",\"url\":\"https:\\\/\\\/www.tablaosflamencos.com\\\/wp-content\\\/uploads\\\/tablaos-flamencos-06-3.webp\",\"contentUrl\":\"https:\\\/\\\/www.tablaosflamencos.com\\\/wp-content\\\/uploads\\\/tablaos-flamencos-06-3.webp\",\"width\":600,\"height\":620,\"caption\":\"Tablaos Flamencos\"}]}<\/script>\n<meta name=\"geo.placename\" content=\"Sevilla\" \/>\n<meta name=\"geo.position\" content=\"37.3868072;-5.993280299999999\" \/>\n<meta name=\"geo.region\" content=\"Spanje\" \/>\n<!-- \/ Yoast SEO Premium plugin. -->","yoast_head_json":{"title":"Gitaar op de Flamencobi\u00ebnnale Sevilla 2026: highlights","description":"De niet te missen flamencogitaarshows van de Flamencobi\u00ebnnale Sevilla 2026: Antonio Rey, Riqueni, Ca\u00f1izares, Diego del Morao, Dani de Mor\u00f3n en meer.","robots":{"index":"index","follow":"follow","max-snippet":"max-snippet:-1","max-image-preview":"max-image-preview:large","max-video-preview":"max-video-preview:-1"},"canonical":"https:\/\/www.tablaosflamencos.com\/nl\/gitaar-flamencobiennale-sevilla-2026-niet-te-missen-shows.html","og_locale":"nl_NL","og_type":"article","og_title":"De gitaar op de Flamencobi\u00ebnnale Sevilla 2026: niet te missen shows","og_description":"De niet te missen flamencogitaarshows van de Flamencobi\u00ebnnale Sevilla 2026: Antonio Rey, Riqueni, Ca\u00f1izares, Diego del Morao, Dani de Mor\u00f3n en meer.","og_url":"https:\/\/www.tablaosflamencos.com\/nl\/gitaar-flamencobiennale-sevilla-2026-niet-te-missen-shows.html","og_site_name":"Tablaos Flamencos","article_publisher":"https:\/\/www.facebook.com\/tablaosflamencos","article_published_time":"2026-09-02T22:45:32+00:00","article_modified_time":"2026-09-02T23:31:53+00:00","og_image":[{"width":1672,"height":941,"url":"https:\/\/www.tablaosflamencos.com\/wp-content\/uploads\/la-guitarra-en-la-bienal-de-flamenco-2026-espectaculos-imprescindibles-01.webp","type":"image\/webp"}],"author":"Miguel Ortiz","twitter_card":"summary_large_image","twitter_creator":"@tablaosflamenco","twitter_site":"@tablaosflamenco","twitter_misc":{"Geschreven door":"Miguel Ortiz","Geschatte leestijd":"15 minuten"},"schema":{"@context":"https:\/\/schema.org","@graph":[{"@type":"Article","@id":"https:\/\/www.tablaosflamencos.com\/nl\/gitaar-flamencobiennale-sevilla-2026-niet-te-missen-shows.html#article","isPartOf":{"@id":"https:\/\/www.tablaosflamencos.com\/nl\/gitaar-flamencobiennale-sevilla-2026-niet-te-missen-shows.html"},"author":{"name":"Miguel Ortiz","@id":"https:\/\/www.tablaosflamencos.com\/nl#\/schema\/person\/e7a9ebe14eb75a52ceabfbffb3c54f5d"},"headline":"De gitaar op de Flamencobi\u00ebnnale Sevilla 2026: niet te missen shows","datePublished":"2026-09-02T22:45:32+00:00","dateModified":"2026-09-02T23:31:53+00:00","mainEntityOfPage":{"@id":"https:\/\/www.tablaosflamencos.com\/nl\/gitaar-flamencobiennale-sevilla-2026-niet-te-missen-shows.html"},"wordCount":3053,"publisher":{"@id":"https:\/\/www.tablaosflamencos.com\/nl#organization"},"image":{"@id":"https:\/\/www.tablaosflamencos.com\/nl\/gitaar-flamencobiennale-sevilla-2026-niet-te-missen-shows.html#primaryimage"},"thumbnailUrl":"https:\/\/www.tablaosflamencos.com\/wp-content\/uploads\/la-guitarra-en-la-bienal-de-flamenco-2026-espectaculos-imprescindibles-01.webp","keywords":["agenda flamenca","Bienal 2026","Bienal de Flamenco","festivales flamencos","flamenco en Sevilla","flamencogitaar","sevilla"],"articleSection":["Flamencobi\u00ebnnale"],"inLanguage":"nl-NL"},{"@type":"WebPage","@id":"https:\/\/www.tablaosflamencos.com\/nl\/gitaar-flamencobiennale-sevilla-2026-niet-te-missen-shows.html","url":"https:\/\/www.tablaosflamencos.com\/nl\/gitaar-flamencobiennale-sevilla-2026-niet-te-missen-shows.html","name":"Gitaar op de Flamencobi\u00ebnnale Sevilla 2026: highlights","isPartOf":{"@id":"https:\/\/www.tablaosflamencos.com\/nl#website"},"primaryImageOfPage":{"@id":"https:\/\/www.tablaosflamencos.com\/nl\/gitaar-flamencobiennale-sevilla-2026-niet-te-missen-shows.html#primaryimage"},"image":{"@id":"https:\/\/www.tablaosflamencos.com\/nl\/gitaar-flamencobiennale-sevilla-2026-niet-te-missen-shows.html#primaryimage"},"thumbnailUrl":"https:\/\/www.tablaosflamencos.com\/wp-content\/uploads\/la-guitarra-en-la-bienal-de-flamenco-2026-espectaculos-imprescindibles-01.webp","datePublished":"2026-09-02T22:45:32+00:00","dateModified":"2026-09-02T23:31:53+00:00","description":"De niet te missen flamencogitaarshows van de Flamencobi\u00ebnnale Sevilla 2026: Antonio Rey, Riqueni, Ca\u00f1izares, Diego del Morao, Dani de Mor\u00f3n en meer.","breadcrumb":{"@id":"https:\/\/www.tablaosflamencos.com\/nl\/gitaar-flamencobiennale-sevilla-2026-niet-te-missen-shows.html#breadcrumb"},"inLanguage":"nl-NL","potentialAction":[{"@type":"ReadAction","target":["https:\/\/www.tablaosflamencos.com\/nl\/gitaar-flamencobiennale-sevilla-2026-niet-te-missen-shows.html"]}]},{"@type":"ImageObject","inLanguage":"nl-NL","@id":"https:\/\/www.tablaosflamencos.com\/nl\/gitaar-flamencobiennale-sevilla-2026-niet-te-missen-shows.html#primaryimage","url":"https:\/\/www.tablaosflamencos.com\/wp-content\/uploads\/la-guitarra-en-la-bienal-de-flamenco-2026-espectaculos-imprescindibles-01.webp","contentUrl":"https:\/\/www.tablaosflamencos.com\/wp-content\/uploads\/la-guitarra-en-la-bienal-de-flamenco-2026-espectaculos-imprescindibles-01.webp","width":1672,"height":941,"caption":"La guitarra en la Bienal de Flamenco 2026: espect\u00e1culos imprescindibles"},{"@type":"BreadcrumbList","@id":"https:\/\/www.tablaosflamencos.com\/nl\/gitaar-flamencobiennale-sevilla-2026-niet-te-missen-shows.html#breadcrumb","itemListElement":[{"@type":"ListItem","position":1,"name":"Home","item":"https:\/\/www.tablaosflamencos.com\/nl"},{"@type":"ListItem","position":2,"name":"De gitaar op de Flamencobi\u00ebnnale Sevilla 2026: niet te missen shows"}]},{"@type":"WebSite","@id":"https:\/\/www.tablaosflamencos.com\/nl#website","url":"https:\/\/www.tablaosflamencos.com\/nl","name":"Tablaos Flamencos","description":"Entradas para tablaos flamencos de Espa\u00f1a","publisher":{"@id":"https:\/\/www.tablaosflamencos.com\/nl#organization"},"alternateName":"Tablaos Flamencos","potentialAction":[{"@type":"SearchAction","target":{"@type":"EntryPoint","urlTemplate":"https:\/\/www.tablaosflamencos.com\/nl?s={search_term_string}"},"query-input":{"@type":"PropertyValueSpecification","valueRequired":true,"valueName":"search_term_string"}}],"inLanguage":"nl-NL"},{"@type":["Organization","Place","EntertainmentBusiness"],"@id":"https:\/\/www.tablaosflamencos.com\/nl#organization","name":"Tablaos Flamencos","alternateName":"Tablaos Flamencos","url":"https:\/\/www.tablaosflamencos.com\/nl","logo":{"@id":"https:\/\/www.tablaosflamencos.com\/nl\/gitaar-flamencobiennale-sevilla-2026-niet-te-missen-shows.html#local-main-organization-logo"},"image":{"@id":"https:\/\/www.tablaosflamencos.com\/nl\/gitaar-flamencobiennale-sevilla-2026-niet-te-missen-shows.html#local-main-organization-logo"},"sameAs":["https:\/\/www.facebook.com\/tablaosflamencos","https:\/\/x.com\/tablaosflamenco","https:\/\/mastodon.social\/@tablaosflamencos","https:\/\/www.instagram.com\/tablaosflamencos","https:\/\/tiktok.com\/@tablaosflamencos","https:\/\/www.linkedin.com\/company\/109408238\/"],"description":"Venta de entradas para espect\u00e1culos flamencos","legalName":"Tablaos Flamencos","foundingDate":"2015-01-01","numberOfEmployees":{"@type":"QuantitativeValue","minValue":"1","maxValue":"10"},"address":{"@id":"https:\/\/www.tablaosflamencos.com\/nl\/gitaar-flamencobiennale-sevilla-2026-niet-te-missen-shows.html#local-main-place-address"},"geo":{"@type":"GeoCoordinates","latitude":"37.3868072","longitude":"-5.993280299999999"},"telephone":["+34623787787"],"contactPoint":{"@type":"ContactPoint","telephone":"+34623787787","email":"info@tablaosflamencos.com"},"openingHoursSpecification":{"@type":"OpeningHoursSpecification","dayOfWeek":["Monday","Tuesday","Wednesday","Thursday","Friday","Saturday","Sunday"],"opens":"00:00","closes":"23:59"},"email":"info@tablaosflamencos.com","priceRange":"$$$","currenciesAccepted":"\u20ac"},{"@type":"Person","@id":"https:\/\/www.tablaosflamencos.com\/nl#\/schema\/person\/e7a9ebe14eb75a52ceabfbffb3c54f5d","name":"Miguel Ortiz","description":"Miguel Ortiz es un empresario flamenco, con una s\u00f3lida trayectoria dentro del sector. Ha presidido entidades culturales vinculadas al flamenco y, cuenta con un amplio recorrido profesional en la gesti\u00f3n y promoci\u00f3n de espect\u00e1culos y tablaos flamencos. Su pasi\u00f3n por la historia y el arte flamenco se refleja en cada art\u00edculo, donde combina experiencia, criterio y un profundo respeto por la tradici\u00f3n.","sameAs":["https:\/\/www.tablaosflamencos.com","https:\/\/www.instagra.com\/miguelortizfe","https:\/\/www.linkedin.com\/in\/miguelortizf\/"],"birthDate":"1984-11-22","gender":"hombre","knowsLanguage":["espa\u00f1ol","ingl\u00e9s"],"jobTitle":"Empresario flamenco"},{"@type":"PostalAddress","@id":"https:\/\/www.tablaosflamencos.com\/nl\/gitaar-flamencobiennale-sevilla-2026-niet-te-missen-shows.html#local-main-place-address","streetAddress":"C\/ Alemanes, 19","addressLocality":"Sevilla","postalCode":"41004","addressRegion":"Sevilla","addressCountry":"ES"},{"@type":"ImageObject","inLanguage":"nl-NL","@id":"https:\/\/www.tablaosflamencos.com\/nl\/gitaar-flamencobiennale-sevilla-2026-niet-te-missen-shows.html#local-main-organization-logo","url":"https:\/\/www.tablaosflamencos.com\/wp-content\/uploads\/tablaos-flamencos-06-3.webp","contentUrl":"https:\/\/www.tablaosflamencos.com\/wp-content\/uploads\/tablaos-flamencos-06-3.webp","width":600,"height":620,"caption":"Tablaos Flamencos"}]},"geo.placename":"Sevilla","geo.position":{"lat":"37.3868072","long":"-5.993280299999999"},"geo.region":"Spanje"},"_links":{"self":[{"href":"https:\/\/www.tablaosflamencos.com\/nl\/wp-json\/wp\/v2\/posts\/14182","targetHints":{"allow":["GET"]}}],"collection":[{"href":"https:\/\/www.tablaosflamencos.com\/nl\/wp-json\/wp\/v2\/posts"}],"about":[{"href":"https:\/\/www.tablaosflamencos.com\/nl\/wp-json\/wp\/v2\/types\/post"}],"author":[{"embeddable":true,"href":"https:\/\/www.tablaosflamencos.com\/nl\/wp-json\/wp\/v2\/users\/1"}],"replies":[{"embeddable":true,"href":"https:\/\/www.tablaosflamencos.com\/nl\/wp-json\/wp\/v2\/comments?post=14182"}],"version-history":[{"count":1,"href":"https:\/\/www.tablaosflamencos.com\/nl\/wp-json\/wp\/v2\/posts\/14182\/revisions"}],"predecessor-version":[{"id":14194,"href":"https:\/\/www.tablaosflamencos.com\/nl\/wp-json\/wp\/v2\/posts\/14182\/revisions\/14194"}],"wp:featuredmedia":[{"embeddable":true,"href":"https:\/\/www.tablaosflamencos.com\/nl\/wp-json\/wp\/v2\/media\/14100"}],"wp:attachment":[{"href":"https:\/\/www.tablaosflamencos.com\/nl\/wp-json\/wp\/v2\/media?parent=14182"}],"wp:term":[{"taxonomy":"category","embeddable":true,"href":"https:\/\/www.tablaosflamencos.com\/nl\/wp-json\/wp\/v2\/categories?post=14182"},{"taxonomy":"post_tag","embeddable":true,"href":"https:\/\/www.tablaosflamencos.com\/nl\/wp-json\/wp\/v2\/tags?post=14182"}],"curies":[{"name":"wp","href":"https:\/\/api.w.org\/{rel}","templated":true}]}}