{"id":14154,"date":"2026-09-03T00:15:18","date_gmt":"2026-09-02T22:15:18","guid":{"rendered":"https:\/\/www.tablaosflamencos.com\/?p=14154"},"modified":"2026-09-03T01:31:10","modified_gmt":"2026-09-02T23:31:10","slug":"jose-merce-flamencobiennale-2026-toquen-a-rebato","status":"publish","type":"post","link":"https:\/\/www.tablaosflamencos.com\/nl\/jose-merce-flamencobiennale-2026-toquen-a-rebato.html","title":{"rendered":"Jos\u00e9 Merc\u00e9 op de Flamencobi\u00ebnnale 2026: Toquen a rebato"},"content":{"rendered":"<section class=\"l-section wpb_row height_huge\"><div class=\"l-section-h i-cf\"><div class=\"g-cols vc_row via_flex valign_top type_default stacking_default\"><div class=\"vc_col-sm-6 wpb_column vc_column_container\"><div class=\"vc_column-inner\"><div class=\"wpb_wrapper\"><div class=\"wpb_text_column\"><div class=\"wpb_wrapper\"><h2>Jos\u00e9 Merc\u00e9 keert terug naar de Bi\u00ebnnale met een noodsignaal voor de cante<\/h2>\n<p>Op <strong>20 september 2026<\/strong>keert Jos\u00e9 Merc\u00e9 terug naar het Teatro de la Maestranza voor de 24e Flamencobi\u00ebnnale van Sevilla met <strong><em>Toquen a rebato<\/em><\/strong>, een van de Unieke Avonden van deze editie. Het recital is niet opgezet als een eenvoudige terugblik op successen of een conventionele presentatie van repertoire: de Bi\u00ebnnale ziet het als een ontmoeting tussen een van de herkenbaarste stemmen van de hedendaagse flamenco en drie jonge gitaristen die een belangrijke plaats in het huidige gitaarspel lijken te gaan innemen.<\/p>\n<p>Het idee heeft een voorgeschiedenis. Tien jaar eerder, in 2016, sloot Merc\u00e9 die Bi\u00ebnnale af in hetzelfde theater, begeleid door Tomatito, Pepe Habichuela en Alfredo Lagos. Het succes van die avond ligt aan de basis van dit nieuwe project. In 2026 keert de formule terug vanuit een ander generatieperspectief: <strong>David de Arahal, Jos\u00e9 del Tomate en Manuel Cerpa<\/strong> bespelen de gitaren, terwijl Merc\u00e9 de cantes verkent die hij het beste beheerst door de ogen van \u2018degenen die eraan komen\u2019.<\/p>\n<p>Het idee vat een van de spanningen in de huidige flamenco goed samen: hoe bewaar je een artistiek geheugen zonder er een museumstuk van te maken? <em>Toquen a rebato<\/em> lijkt precies rond die vraag te zijn opgebouwd.<\/p>\n<\/div><\/div><\/div><\/div><\/div><div class=\"vc_col-sm-6 wpb_column vc_column_container\"><div class=\"vc_column-inner\"><div class=\"wpb_wrapper\"><div class=\"wpb_text_column\"><div class=\"wpb_wrapper\"><h3>Jos\u00e9 Merc\u00e9 op de Bi\u00ebnnale 2026: praktische informatie<\/h3>\n<ul>\n<li><strong>Voorstelling:<\/strong> <em>Toquen a rebato<\/em>.<\/li>\n<li><strong>Artiest:<\/strong> Jos\u00e9 Merc\u00e9.<\/li>\n<li><strong>Datum:<\/strong> zondag 20 september 2026.<\/li>\n<li><strong>Tijd:<\/strong> 20.00 uur.<\/li>\n<li><strong>Locatie:<\/strong> Teatro de la Maestranza, Sevilla.<\/li>\n<li><strong>Format:<\/strong> Unieke Avond van de 24e Flamencobi\u00ebnnale.<\/li>\n<li><strong>Gitaren:<\/strong> David de Arahal, Jos\u00e9 del Tomate en Manuel Cerpa.<\/li>\n<li><strong>Percussie:<\/strong> David del Gasolina.<\/li>\n<li><strong>Achtergrondzang en palmas:<\/strong> V\u00edctor Carrasco, Chicharito de Jerez, Jorge Bautista en Merce Garc\u00eda.<\/li>\n<\/ul>\n<\/div><\/div><\/div><\/div><\/div><\/div><\/div><\/section><section class=\"l-section wpb_row height_huge color_alternate with_shape\"><div class=\"l-section-shape type_zigzag pos_top hor_flip\" style=\"height:3vmin;\"><svg xmlns=\"http:\/\/www.w3.org\/2000\/svg\" viewBox=\"0 0 64 8\" preserveAspectRatio=\"none\" width=\"100%\" height=\"100%\">\r\n\t<path fill=\"currentColor\" d=\"M64 8 L0 8 L0 0 L20 7.9 L40 3 L48 5 L64 0 Z\"\/>\r\n<\/svg><\/div><div class=\"l-section-shape type_zigzag pos_bottom\" style=\"height:3vmin;\"><svg xmlns=\"http:\/\/www.w3.org\/2000\/svg\" viewBox=\"0 0 64 8\" preserveAspectRatio=\"none\" width=\"100%\" height=\"100%\">\r\n\t<path fill=\"currentColor\" d=\"M64 8 L0 8 L0 0 L20 7.9 L40 3 L48 5 L64 0 Z\"\/>\r\n<\/svg><\/div><div class=\"l-section-h i-cf\"><div class=\"g-cols vc_row via_flex valign_top type_default stacking_default\"><div class=\"vc_col-sm-12 wpb_column vc_column_container\"><div class=\"vc_column-inner\"><div class=\"wpb_wrapper\"><div class=\"wpb_text_column\"><div class=\"wpb_wrapper\"><h2>Wat betekent \u2018Toquen a rebato\u2019?<\/h2>\n<p>De titel is niet toevallig gekozen. De Bi\u00ebnnale legt uit dat <strong>\u2018Toquen a rebato\u2019 enerzijds verwijst naar een sole\u00e1 van Juanito Mojama<\/strong>, een cantaor voor wie Jos\u00e9 Merc\u00e9 grote bewondering heeft. Tegelijkertijd is \u2018tocar a rebato\u2019 een traditionele Spaanse uitdrukking voor een dringend alarmsignaal, dat vroeger werd doorgegeven door snel klokkengelui of tromgeroffel.<\/p>\n<p>De voorstelling maakt van die uitdrukking een artistiek statement. Het alarm dat Merc\u00e9 slaat, kan worden samengevat in \u00e9\u00e9n vraag: <strong>wat gebeurt er als de cante verloren gaat?<\/strong> Het antwoord op die mogelijkheid bestaat niet uit uitsluitend achteromkijken. Het project plaatst Merc\u00e9 naast een nieuwe generatie gitaristen, zodat de overdracht op het podium en in real time plaatsvindt.<\/p>\n<p>Daarom werkt de titel in verschillende richtingen. Hij houdt de herinnering aan een historische cantaor levend, verwijst naar de volkstaal en vormt tegelijk een hedendaagse oproep om de cante als levend erfgoed te verdedigen. Merc\u00e9s \u2018klokslag\u2019 wil de flamenco niet bevriezen, maar repertoire, ervaring en een bepaalde manier om het genre te begrijpen aan jongere musici doorgeven.<\/p>\n<\/div><\/div><\/div><\/div><\/div><\/div><\/div><\/section><section class=\"l-section wpb_row height_huge\"><div class=\"l-section-h i-cf\"><div class=\"g-cols vc_row via_flex valign_top type_default stacking_default\"><div class=\"vc_col-sm-12 wpb_column vc_column_container\"><div class=\"vc_column-inner\"><div class=\"wpb_wrapper\"><div class=\"wpb_text_column\"><div class=\"wpb_wrapper\"><h2>Een terugkeer die rechtstreeks naar de Bi\u00ebnnale van 2016 kijkt<\/h2>\n<p>De vergelijking met 2016 is essentieel om de voorstelling te begrijpen. Dat jaar verzorgde Jos\u00e9 Merc\u00e9 een veelbesproken slotavond in het Teatro de la Maestranza, begeleid door <strong>Tomatito, Pepe Habichuela en Alfredo Lagos<\/strong>, drie namen die verschillende generaties en scholen van de flamencogitaar vertegenwoordigden.<\/p>\n<p>Tien jaar later pakt de Bi\u00ebnnale het idee opnieuw op, maar verandert het perspectief. Merc\u00e9 blijft het middelpunt van de zang, terwijl de gitaren in handen komen van drie vertolkers die tussen 1998 en 2003 zijn geboren. Het contrast is bewust gekozen: een stem met tientallen jaren podiumervaring en een uitgebreide discografie gaat in dialoog met gitaristen die de continu\u00efteit van het genre belichamen.<\/p>\n<p>We krijgen dus geen nostalgische herhaling van de avond uit 2016. <strong>Het concept wordt opnieuw gebruikt om te onderzoeken wat er in tien jaar is veranderd<\/strong>: hoe een jonge generatie naar Merc\u00e9s cantes luistert, hoe zij hem begeleidt en wat zij kan ontvangen van een artiest die zowel de traditionele flamenco als de opening naar een groot publiek heeft meegemaakt.<\/p>\n<\/div><\/div><\/div><\/div><\/div><\/div><\/div><\/section><section class=\"l-section wpb_row height_huge color_alternate with_shape\"><div class=\"l-section-shape type_zigzag pos_top hor_flip\" style=\"height:3vmin;\"><svg xmlns=\"http:\/\/www.w3.org\/2000\/svg\" viewBox=\"0 0 64 8\" preserveAspectRatio=\"none\" width=\"100%\" height=\"100%\">\r\n\t<path fill=\"currentColor\" d=\"M64 8 L0 8 L0 0 L20 7.9 L40 3 L48 5 L64 0 Z\"\/>\r\n<\/svg><\/div><div class=\"l-section-shape type_zigzag pos_bottom\" style=\"height:3vmin;\"><svg xmlns=\"http:\/\/www.w3.org\/2000\/svg\" viewBox=\"0 0 64 8\" preserveAspectRatio=\"none\" width=\"100%\" height=\"100%\">\r\n\t<path fill=\"currentColor\" d=\"M64 8 L0 8 L0 0 L20 7.9 L40 3 L48 5 L64 0 Z\"\/>\r\n<\/svg><\/div><div class=\"l-section-h i-cf\"><div class=\"g-cols vc_row via_flex valign_top type_default stacking_default\"><div class=\"vc_col-sm-12 wpb_column vc_column_container\"><div class=\"vc_column-inner\"><div class=\"wpb_wrapper\"><div class=\"wpb_text_column\"><div class=\"wpb_wrapper\"><h2>De drie gitaristen van Jos\u00e9 Merc\u00e9 op de Bi\u00ebnnale 2026<\/h2>\n<p>De gitaar is een van de grote troeven van <em>Toquen a rebato<\/em>. Elke begeleider brengt een ander parcours en een eigen relatie met de traditie mee.<\/p>\n<p><strong>David de Arahal<\/strong>, geboren in 2000, behoort tot de opvallendste jonge stemmen van de Sevillaanse gitaarscene. Ondanks zijn leeftijd heeft zijn loopbaan hem al naast belangrijke artiesten gebracht, en de Bi\u00ebnnale zelf presenteert hem als een musicus die een plaats tussen de groten heeft veroverd.<\/p>\n<p><strong>Jos\u00e9 del Tomate<\/strong>, geboren in Almer\u00eda in 1998, behoort tot een van de grote gitaardynastie\u00ebn van de flamenco. Hij is de zoon van Tomatito en beschouwt ook zijn oom Ni\u00f1o Miguel als voorbeeld. Zijn aanwezigheid slaat bovendien een bijzonder aantrekkelijke brug naar de voorstelling van 2016, waarin juist Tomatito Merc\u00e9 begeleidde.<\/p>\n<p><strong>Manuel Cerpa<\/strong>, geboren in Chipiona in 2003, is de jongste van de drie. Zijn deelname heeft een andere dimensie, omdat hij al regelmatig met Jos\u00e9 Merc\u00e9 op tournee gaat. Er bestaat dus al een artistieke relatie, die voor een andere vorm van samenspel kan zorgen dan een eenmalige ontmoeting.<\/p>\n<p>De combinatie van de drie voorkomt dat de \u2018nieuwe generatie\u2019 een abstract begrip blijft: het zijn drie gitaristen met verschillende achtergronden, scholen en banden met de cante.<\/p>\n<\/div><\/div><\/div><\/div><\/div><\/div><\/div><\/section><section class=\"l-section wpb_row height_huge\"><div class=\"l-section-h i-cf\"><div class=\"g-cols vc_row via_flex valign_top type_default stacking_default\"><div class=\"vc_col-sm-12 wpb_column vc_column_container\"><div class=\"vc_column-inner\"><div class=\"wpb_wrapper\"><div class=\"wpb_text_column\"><div class=\"wpb_wrapper\"><h2>Wat u kunt verwachten te horen in \u2018Toquen a rebato\u2019<\/h2>\n<p>De Bi\u00ebnnale publiceert geen vaste, nummer-voor-nummer opgebouwde setlist, wat logisch is voor een flamencorecital van dit type, maar geeft wel duidelijke aanwijzingen over de muzikale richting. Het programma kondigt een reis aan langs <strong>de palos waarin Jos\u00e9 Merc\u00e9 het sterkst is<\/strong>, opnieuw bekeken vanuit het perspectief van de jonge gitaristen.<\/p>\n<p>Twee referenties lijken onvermijdelijk. De eerste zijn de <strong>buler\u00edas uit Jerez<\/strong>, natuurlijk terrein voor een cantaor die in de wijk Santiago werd geboren en diep verbonden is met de traditie van Jerez. De tweede zijn de <strong>alegr\u00edas<\/strong>. De organisatie laat ook weten dat er ruimte zal zijn voor enkele knipogen naar de grote successen uit zijn carri\u00e8re.<\/p>\n<p>Dat doet een recital vermoeden dat geen strakke scheidslijn trekt tussen de meest orthodoxe Merc\u00e9 en de artiest die erin slaagde flamenco bij een massaal publiek te brengen. Een van de bijzondere kenmerken van zijn loopbaan is juist dat hij tussen die werelden kon bewegen zonder zijn identiteit als cantaor op te geven.<\/p>\n<p>De aantrekkingskracht van de avond ligt daarom minder in een nooit eerder gehoorde lijst met nummers dan in het observeren van <strong>hoe de begeleiding verandert wanneer drie jonge gitaristen repertoire betreden dat Merc\u00e9 al tientallen jaren zingt<\/strong>.<\/p>\n<\/div><\/div><\/div><\/div><\/div><\/div><\/div><\/section><section class=\"l-section wpb_row height_huge color_alternate with_shape\"><div class=\"l-section-shape type_zigzag pos_top hor_flip\" style=\"height:3vmin;\"><svg xmlns=\"http:\/\/www.w3.org\/2000\/svg\" viewBox=\"0 0 64 8\" preserveAspectRatio=\"none\" width=\"100%\" height=\"100%\">\r\n\t<path fill=\"currentColor\" d=\"M64 8 L0 8 L0 0 L20 7.9 L40 3 L48 5 L64 0 Z\"\/>\r\n<\/svg><\/div><div class=\"l-section-shape type_zigzag pos_bottom\" style=\"height:3vmin;\"><svg xmlns=\"http:\/\/www.w3.org\/2000\/svg\" viewBox=\"0 0 64 8\" preserveAspectRatio=\"none\" width=\"100%\" height=\"100%\">\r\n\t<path fill=\"currentColor\" d=\"M64 8 L0 8 L0 0 L20 7.9 L40 3 L48 5 L64 0 Z\"\/>\r\n<\/svg><\/div><div class=\"l-section-h i-cf\"><div class=\"g-cols vc_row via_flex valign_top type_default stacking_default\"><div class=\"vc_col-sm-12 wpb_column vc_column_container\"><div class=\"vc_column-inner\"><div class=\"wpb_wrapper\"><div class=\"wpb_text_column\"><div class=\"wpb_wrapper\"><h2>De volledige bezetting van de avond<\/h2>\n<p>Hoewel de drie gitaren veel aandacht trekken, treedt in <em>Toquen a rebato<\/em> een grotere bezetting aan. De offici\u00eble artistieke fiche vermeldt <strong>Jos\u00e9 Merc\u00e9 als zanger<\/strong>, begeleid door David de Arahal, Jos\u00e9 del Tomate en Manuel Cerpa op gitaar.<\/p>\n<p>De ritmesectie wordt aangevuld door <strong>David del Gasolina<\/strong> op caj\u00f3n en percussie. <strong>V\u00edctor Carrasco, Chicharito de Jerez, Jorge Bautista en Merce Garc\u00eda<\/strong>verzorgen de achtergrondzang en palmas.<\/p>\n<p>Deze bezetting wijst op een voorstelling die kan bewegen tussen sterk uitgeklede momenten \u2014stem en gitaar\u2014 en passages met meer ritmische kracht. In repertoire waarin de buler\u00edas naar verwachting een belangrijke rol spelen, zijn de palmas en achtergrondzang geen bijzaak: ze kunnen een essentieel onderdeel van de muzikale architectuur van de avond worden.<\/p>\n<\/div><\/div><\/div><\/div><\/div><\/div><\/div><\/section><section class=\"l-section wpb_row height_huge\"><div class=\"l-section-h i-cf\"><div class=\"g-cols vc_row via_flex valign_top type_default stacking_default\"><div class=\"vc_col-sm-12 wpb_column vc_column_container\"><div class=\"vc_column-inner\"><div class=\"wpb_wrapper\"><div class=\"wpb_text_column\"><div class=\"wpb_wrapper\"><h2>Jos\u00e9 Merc\u00e9 en de overdracht van de cante<\/h2>\n<p>Het idee van overdracht krijgt bijzonder gewicht wanneer Jos\u00e9 Merc\u00e9 centraal staat. Hij werd in 1955 als Jos\u00e9 Soto Soto geboren in Jerez de la Frontera en komt uit een lange flamencolijn: hij is achterkleinzoon van Paco de la Luz, neef van Manuel Soto \u2018Sordera\u2019 en volle neef van Vicente Soto \u2018Sordera\u2019.<\/p>\n<p>Zijn eigen levensverhaal is opgebouwd uit een keten van leerervaringen en podia. Als kind zong hij in de koorschool van de Bas\u00edlica de La Merced \u2014daaraan dankt hij zijn artiestennaam\u2014, trad hij op tijdens de Jueves Flamencos in Jerez en vertrok hij al op jonge leeftijd naar Madrid, waar hij in Torres Bermejas werkte. In de loop van zijn carri\u00e8re werd hij begeleid door gitaristen als Manolo Sanl\u00facar en Paco de Luc\u00eda, waarna hij uitgroeide tot een van de cantaores die het genre bij een zeer breed publiek konden brengen.<\/p>\n<p>Die weg maakt het bijzonder passend dat de Bi\u00ebnnale hem nu in het hart van een generatieproject plaatst. <strong>Merc\u00e9 verschijnt niet alleen als vertolker, maar als schakel in een keten<\/strong>: iemand die een traditie ontving, die gedurende zijn loopbaan transformeerde en haar nu confronteert met musici die hun eigen traject beginnen uit te bouwen.<\/p>\n<\/div><\/div><\/div><\/div><\/div><\/div><\/div><\/section><section class=\"l-section wpb_row height_huge color_alternate with_shape\"><div class=\"l-section-shape type_zigzag pos_top hor_flip\" style=\"height:3vmin;\"><svg xmlns=\"http:\/\/www.w3.org\/2000\/svg\" viewBox=\"0 0 64 8\" preserveAspectRatio=\"none\" width=\"100%\" height=\"100%\">\r\n\t<path fill=\"currentColor\" d=\"M64 8 L0 8 L0 0 L20 7.9 L40 3 L48 5 L64 0 Z\"\/>\r\n<\/svg><\/div><div class=\"l-section-shape type_zigzag pos_bottom\" style=\"height:3vmin;\"><svg xmlns=\"http:\/\/www.w3.org\/2000\/svg\" viewBox=\"0 0 64 8\" preserveAspectRatio=\"none\" width=\"100%\" height=\"100%\">\r\n\t<path fill=\"currentColor\" d=\"M64 8 L0 8 L0 0 L20 7.9 L40 3 L48 5 L64 0 Z\"\/>\r\n<\/svg><\/div><div class=\"l-section-h i-cf\"><div class=\"g-cols vc_row via_flex valign_top type_default stacking_default\"><div class=\"vc_col-sm-12 wpb_column vc_column_container\"><div class=\"vc_column-inner\"><div class=\"wpb_wrapper\"><div class=\"wpb_text_column\"><div class=\"wpb_wrapper\"><h2>Een Unieke Avond in het Teatro de la Maestranza<\/h2>\n<p>De Bi\u00ebnnale classificeert <em>Toquen a rebato<\/em> als een <strong>Unieke Avond<\/strong>. Deze benaming verwijst naar voorstellingen die als eenmalige gebeurtenissen binnen deze editie zijn bedacht en niet simpelweg een halte van een gewone tournee in Sevilla vormen.<\/p>\n<p>In 2026 heeft de Bi\u00ebnnale 26 projecten onder deze noemer samengebracht. Jos\u00e9 Merc\u00e9 neemt ook deel aan een ander project: het gala <em>El mundo por montera<\/em>, dat op 10 september in de Plaza de Toros de la Real Maestranza plaatsvindt. <em>Toquen a rebato<\/em> is echter zijn eigen afspraak als absolute hoofdrolspeler binnen het programma.<\/p>\n<p>De gekozen locatie is het <strong>Teatro de la Maestranza<\/strong>, een van de grote podia van de Bi\u00ebnnale 2026 en een plaats met een bijzondere band met de recente festivalgeschiedenis van de zanger. De terugkeer naar precies het theater waar de avond van 2016 plaatsvond, versterkt de lezing van deze voorstelling als een gesprek tussen twee momenten met tien jaar ertussen.<\/p>\n<\/div><\/div><\/div><\/div><\/div><\/div><\/div><\/section><section class=\"l-section wpb_row height_huge\"><div class=\"l-section-h i-cf\"><div class=\"g-cols vc_row via_flex valign_top type_default stacking_default\"><div class=\"vc_col-sm-12 wpb_column vc_column_container\"><div class=\"vc_column-inner\"><div class=\"wpb_wrapper\"><div class=\"wpb_text_column\"><div class=\"wpb_wrapper\"><h2>Hoe Jos\u00e9 Merc\u00e9 in het programma van 20 september past<\/h2>\n<p>Zondag 20 september wordt een bijzonder drukke dag op de Bi\u00ebnnale. Voor Merc\u00e9s recital is er in San Luis de los Franceses een Unieke Matinee van <strong>Alejandro Hurtado met Enrique Solin\u00eds<\/strong> , terwijl <strong>Manuel de la Luz en Manuel Im\u00e1n<\/strong> om 19.00 uur <em>Manos que hablan<\/em> presenteren in Espacio Turina. Later ontvangt het Teatro Alameda de Gala del Circuito Andaluz de J\u00f3venes Flamencos.<\/p>\n<p>Binnen die context bezet <em>Toquen a rebato<\/em> om <strong>20.00 uur<\/strong>het grote avondtijdstip in het Teatro de la Maestranza. Wie meerdere dagen Bi\u00ebnnale plant, doet er goed aan de tijden zorgvuldig te controleren, omdat sommige activiteiten elkaar gedeeltelijk of volledig overlappen.<\/p>\n<p>Bekijk ook onze <a href=\"https:\/\/www.tablaosflamencos.com\/nl\/unieke-avonden-flamenco-biennale-sevilla-2026.html\">volledige gids voor de Unieke Avonden van de Bi\u00ebnnale 2026<\/a> en de <a href=\"https:\/\/www.tablaosflamencos.com\/nl\/flamenco-biennale-sevilla-2026.html\">algemene gids voor de Flamencobi\u00ebnnale van Sevilla 2026<\/a> om dit recital binnen de volledige kalender te plaatsen.<\/p>\n<\/div><\/div><\/div><\/div><\/div><\/div><\/div><\/section><section class=\"l-section wpb_row height_huge color_alternate with_shape\"><div class=\"l-section-shape type_zigzag pos_top hor_flip\" style=\"height:3vmin;\"><svg xmlns=\"http:\/\/www.w3.org\/2000\/svg\" viewBox=\"0 0 64 8\" preserveAspectRatio=\"none\" width=\"100%\" height=\"100%\">\r\n\t<path fill=\"currentColor\" d=\"M64 8 L0 8 L0 0 L20 7.9 L40 3 L48 5 L64 0 Z\"\/>\r\n<\/svg><\/div><div class=\"l-section-shape type_zigzag pos_bottom\" style=\"height:3vmin;\"><svg xmlns=\"http:\/\/www.w3.org\/2000\/svg\" viewBox=\"0 0 64 8\" preserveAspectRatio=\"none\" width=\"100%\" height=\"100%\">\r\n\t<path fill=\"currentColor\" d=\"M64 8 L0 8 L0 0 L20 7.9 L40 3 L48 5 L64 0 Z\"\/>\r\n<\/svg><\/div><div class=\"l-section-h i-cf\"><div class=\"g-cols vc_row via_flex valign_top type_default stacking_default\"><div class=\"vc_col-sm-12 wpb_column vc_column_container\"><div class=\"vc_column-inner\"><div class=\"wpb_wrapper\"><div class=\"wpb_text_column\"><div class=\"wpb_wrapper\"><h2>Voor wie kan deze voorstelling bijzonder interessant zijn?<\/h2>\n<p><em>Toquen a rebato<\/em> biedt verschillende leeslagen en kan uiteenlopende publieksgroepen aanspreken. Wie de carri\u00e8re van Jos\u00e9 Merc\u00e9 kent, zal willen horen hoe hij zijn vertrouwde terrein opnieuw bezoekt met drie gitaren van een andere generatie. Voor liefhebbers van de flamencogitaar biedt de avond de zeldzame kans om drie jonge gitaristen met dezelfde cantaor te horen dialogeren binnen \u00e9\u00e9n gezamenlijk concept.<\/p>\n<p>Het kan ook een goede keuze zijn voor wie via een zeer herkenbare artiest kennis wil maken met de cante. Merc\u00e9 combineert al tientallen jaren diep in de flamenco geworteld repertoire met een communicatief vermogen waarmee hij een publiek ver buiten de traditionele kring van aficionados heeft bereikt.<\/p>\n<p>En voor wie de Bi\u00ebnnale van 2016 heeft gevolgd, is er nog een extra aantrekkingskracht: <strong>twee avonden vergelijken die rond hetzelfde idee zijn opgebouwd, maar door tien jaar en twee verschillende generaties gitaristen van elkaar worden gescheiden<\/strong>.<\/p>\n<\/div><\/div><\/div><\/div><\/div><\/div><\/div><\/section><section class=\"l-section wpb_row height_huge\"><div class=\"l-section-h i-cf\"><div class=\"g-cols vc_row via_flex valign_top type_default stacking_default\"><div class=\"vc_col-sm-12 wpb_column vc_column_container\"><div class=\"vc_column-inner\"><div class=\"wpb_wrapper\"><div class=\"wpb_text_column\"><div class=\"wpb_wrapper\"><h2>Praktische tips voor uw bezoek<\/h2>\n<p><strong>Controleer de beschikbaarheid ruim van tevoren.<\/strong> De Bi\u00ebnnale omschrijft het recital als een Unieke Avond, waardoor dit de enige datum in het offici\u00eble programma is.<\/p>\n<p><strong>Houd rekening met de overlappingen op 20 september.<\/strong> Wilt u meerdere voorstellingen combineren, let dan vooral op de voorstelling in Espacio Turina die om 19.00 uur begint en op de overige activiteiten van die dag.<\/p>\n<p><strong>Neem voldoende tijd om bij het Teatro de la Maestranza aan te komen.<\/strong> Het is een van de grootste en belangrijkste festivallocaties, en op dagen met een druk programma kan het in de omgeving bijzonder levendig zijn.<\/p>\n<p><strong>Verwacht niet per se een \u2018greatest hits\u2019-concert.<\/strong> De offici\u00eble informatie legt de nadruk op een reis langs de palos waarin Merc\u00e9 het sterkst is en op de muzikale dialoog met de drie gitaristen. Er kunnen verwijzingen naar populaire nummers uit zijn carri\u00e8re zijn, maar het concept van de voorstelling is in essentie flamenco.<\/p>\n<\/div><\/div><\/div><\/div><\/div><\/div><\/div><\/section><section class=\"l-section wpb_row height_huge color_alternate with_shape\"><div class=\"l-section-shape type_zigzag pos_top hor_flip\" style=\"height:3vmin;\"><svg xmlns=\"http:\/\/www.w3.org\/2000\/svg\" viewBox=\"0 0 64 8\" preserveAspectRatio=\"none\" width=\"100%\" height=\"100%\">\r\n\t<path fill=\"currentColor\" d=\"M64 8 L0 8 L0 0 L20 7.9 L40 3 L48 5 L64 0 Z\"\/>\r\n<\/svg><\/div><div class=\"l-section-shape type_zigzag pos_bottom\" style=\"height:3vmin;\"><svg xmlns=\"http:\/\/www.w3.org\/2000\/svg\" viewBox=\"0 0 64 8\" preserveAspectRatio=\"none\" width=\"100%\" height=\"100%\">\r\n\t<path fill=\"currentColor\" d=\"M64 8 L0 8 L0 0 L20 7.9 L40 3 L48 5 L64 0 Z\"\/>\r\n<\/svg><\/div><div class=\"l-section-h i-cf\"><div class=\"g-cols vc_row via_flex valign_top type_default stacking_default\"><div class=\"vc_col-sm-1\/5 wpb_column vc_column_container\"><div class=\"vc_column-inner\"><div class=\"wpb_wrapper\"><\/div><\/div><\/div><div class=\"vc_col-sm-3\/5 wpb_column vc_column_container\"><div class=\"vc_column-inner\"><div class=\"wpb_wrapper\"><div class=\"wpb_text_column\"><div class=\"wpb_wrapper\"><h2>Veelgestelde vragen over Jos\u00e9 Merc\u00e9 op de Bi\u00ebnnale 2026<\/h2>\n<\/div><\/div><div class=\"w-separator size_medium\"><\/div><div class=\"w-tabs accordion toggle_style_1 has_scrolling\" style=\"--sections-title-size:inherit;--sections-gap:0.5rem;\"><div class=\"w-tabs-sections titles-align_none icon_plus cpos_left\"><div class=\"w-tabs-section\" id=\"s311\" itemscope itemprop=\"mainEntity\" itemtype=\"https:\/\/schema.org\/Question\"><button type=\"button\" class=\"w-tabs-section-header\" aria-controls=\"content-s311\" aria-expanded=\"false\"><h3 class=\"w-tabs-section-title\" itemprop=\"name\">Wanneer treedt Jos\u00e9 Merc\u00e9 op tijdens de Flamencobi\u00ebnnale 2026?<\/h3><div class=\"w-tabs-section-control\"><\/div><\/button><div  class=\"w-tabs-section-content\" id=\"content-s311\" itemscope itemprop=\"acceptedAnswer\" itemtype=\"https:\/\/schema.org\/Answer\"><div class=\"w-tabs-section-content-h i-cf\" itemprop=\"text\"><div class=\"wpb_text_column\"><div class=\"wpb_wrapper\"><p>Jos\u00e9 Merc\u00e9 presenteert <em>Toquen a rebato<\/em> op zondag 20 september 2026 om 20.00 uur.<\/p>\n<\/div><\/div><\/div><\/div><\/div><div class=\"w-tabs-section\" id=\"v401\" itemscope itemprop=\"mainEntity\" itemtype=\"https:\/\/schema.org\/Question\"><button type=\"button\" class=\"w-tabs-section-header\" aria-controls=\"content-v401\" aria-expanded=\"false\"><h3 class=\"w-tabs-section-title\" itemprop=\"name\">Waar vindt de voorstelling Toquen a rebato plaats?<\/h3><div class=\"w-tabs-section-control\"><\/div><\/button><div  class=\"w-tabs-section-content\" id=\"content-v401\" itemscope itemprop=\"acceptedAnswer\" itemtype=\"https:\/\/schema.org\/Answer\"><div class=\"w-tabs-section-content-h i-cf\" itemprop=\"text\"><div class=\"wpb_text_column\"><div class=\"wpb_wrapper\"><p>Het recital vindt plaats in het Teatro de la Maestranza in Sevilla, een van de belangrijkste locaties van de 24e Flamencobi\u00ebnnale.<\/p>\n<\/div><\/div><\/div><\/div><\/div><div class=\"w-tabs-section\" id=\"n4e0\" itemscope itemprop=\"mainEntity\" itemtype=\"https:\/\/schema.org\/Question\"><button type=\"button\" class=\"w-tabs-section-header\" aria-controls=\"content-n4e0\" aria-expanded=\"false\"><h3 class=\"w-tabs-section-title\" itemprop=\"name\">Welke gitaristen begeleiden Jos\u00e9 Merc\u00e9?<\/h3><div class=\"w-tabs-section-control\"><\/div><\/button><div  class=\"w-tabs-section-content\" id=\"content-n4e0\" itemscope itemprop=\"acceptedAnswer\" itemtype=\"https:\/\/schema.org\/Answer\"><div class=\"w-tabs-section-content-h i-cf\" itemprop=\"text\"><div class=\"wpb_text_column\"><div class=\"wpb_wrapper\"><p>Hij wordt begeleid door David de Arahal, Jos\u00e9 del Tomate en Manuel Cerpa, drie jonge gitaristen met uiteenlopende achtergronden en loopbanen.<\/p>\n<\/div><\/div><\/div><\/div><\/div><div class=\"w-tabs-section\" id=\"f5a9\" itemscope itemprop=\"mainEntity\" itemtype=\"https:\/\/schema.org\/Question\"><button type=\"button\" class=\"w-tabs-section-header\" aria-controls=\"content-f5a9\" aria-expanded=\"false\"><h3 class=\"w-tabs-section-title\" itemprop=\"name\">Wat betekent de titel Toquen a rebato?<\/h3><div class=\"w-tabs-section-control\"><\/div><\/button><div  class=\"w-tabs-section-content\" id=\"content-f5a9\" itemscope itemprop=\"acceptedAnswer\" itemtype=\"https:\/\/schema.org\/Answer\"><div class=\"w-tabs-section-content-h i-cf\" itemprop=\"text\"><div class=\"wpb_text_column\"><div class=\"wpb_wrapper\"><p>De titel verwijst naar een sole\u00e1 van Juanito Mojama en naar de traditionele Spaanse uitdrukking \u2018tocar a rebato\u2019, een dringende alarmoproep. De voorstelling gebruikt dat idee als symbolische waarschuwing voor het risico dat de cante verloren gaat en als gebaar van overdracht aan een nieuwe generatie.<\/p>\n<\/div><\/div><\/div><\/div><\/div><div class=\"w-tabs-section\" id=\"p66d\" itemscope itemprop=\"mainEntity\" itemtype=\"https:\/\/schema.org\/Question\"><button type=\"button\" class=\"w-tabs-section-header\" aria-controls=\"content-p66d\" aria-expanded=\"false\"><h3 class=\"w-tabs-section-title\" itemprop=\"name\">Welke palos zal Jos\u00e9 Merc\u00e9 zingen?<\/h3><div class=\"w-tabs-section-control\"><\/div><\/button><div  class=\"w-tabs-section-content\" id=\"content-p66d\" itemscope itemprop=\"acceptedAnswer\" itemtype=\"https:\/\/schema.org\/Answer\"><div class=\"w-tabs-section-content-h i-cf\" itemprop=\"text\"><div class=\"wpb_text_column\"><div class=\"wpb_wrapper\"><p>De Bi\u00ebnnale publiceert geen vaste setlist, maar kondigt een reis aan langs de palos waarin Merc\u00e9 het sterkst is. Ze noemt uitdrukkelijk buler\u00edas uit Jerez, alegr\u00edas en mogelijke verwijzingen naar enkele van zijn successen.<\/p>\n<\/div><\/div><\/div><\/div><\/div><div class=\"w-tabs-section\" id=\"k745\" itemscope itemprop=\"mainEntity\" itemtype=\"https:\/\/schema.org\/Question\"><button type=\"button\" class=\"w-tabs-section-header\" aria-controls=\"content-k745\" aria-expanded=\"false\"><h3 class=\"w-tabs-section-title\" itemprop=\"name\">Is dit een nieuwe productie van Jos\u00e9 Merc\u00e9?<\/h3><div class=\"w-tabs-section-control\"><\/div><\/button><div  class=\"w-tabs-section-content\" id=\"content-k745\" itemscope itemprop=\"acceptedAnswer\" itemtype=\"https:\/\/schema.org\/Answer\"><div class=\"w-tabs-section-content-h i-cf\" itemprop=\"text\"><div class=\"wpb_text_column\"><div class=\"wpb_wrapper\"><p>De Bi\u00ebnnale presenteert de voorstelling als een Unieke Avond. Het concept grijpt terug op de vorm van Merc\u00e9s recital in het Maestranza in 2016 met drie grote gitaristen, maar ontwikkelt die nu verder met een nieuwe generatie flamencogitaristen.<\/p>\n<\/div><\/div><\/div><\/div><\/div><div class=\"w-tabs-section\" id=\"p817\" itemscope itemprop=\"mainEntity\" itemtype=\"https:\/\/schema.org\/Question\"><button type=\"button\" class=\"w-tabs-section-header\" aria-controls=\"content-p817\" aria-expanded=\"false\"><h3 class=\"w-tabs-section-title\" itemprop=\"name\">Neemt Jos\u00e9 Merc\u00e9 deel aan nog een voorstelling van de Bi\u00ebnnale 2026?<\/h3><div class=\"w-tabs-section-control\"><\/div><\/button><div  class=\"w-tabs-section-content\" id=\"content-p817\" itemscope itemprop=\"acceptedAnswer\" itemtype=\"https:\/\/schema.org\/Answer\"><div class=\"w-tabs-section-content-h i-cf\" itemprop=\"text\"><div class=\"wpb_text_column\"><div class=\"wpb_wrapper\"><p>Ja. Hij maakt ook deel uit van <em>El mundo por montera<\/em>, het gala van de 24e Bi\u00ebnnale dat op 10 september in de Plaza de Toros de la Real Maestranza plaatsvindt.<\/p>\n<\/div><\/div><\/div><\/div><\/div><\/div><\/div><\/div><\/div><\/div><div class=\"vc_col-sm-1\/5 wpb_column vc_column_container\"><div class=\"vc_column-inner\"><div class=\"wpb_wrapper\"><\/div><\/div><\/div><\/div><\/div><\/section><section class=\"l-section wpb_row height_huge\"><div class=\"l-section-h i-cf\"><div class=\"g-cols vc_row via_flex valign_top type_default stacking_default\"><div class=\"vc_col-sm-12 wpb_column vc_column_container\"><div class=\"vc_column-inner\"><div class=\"wpb_wrapper\"><div class=\"wpb_text_column\"><div class=\"wpb_wrapper\"><h2>Een klokslag tussen herinnering en toekomst<\/h2>\n<p><em>Toquen a rebato<\/em> heeft een eenvoudig maar voor een Bi\u00ebnnale bijzonder vruchtbaar uitgangspunt: Jos\u00e9 Merc\u00e9s ervaring tegenover drie jonge manieren om de gitaar te begrijpen plaatsen. Het recital kijkt naar Juanito Mojama, naar Jerez, naar Merc\u00e9s eigen geschiedenis en naar die avond in 2016, maar voorkomt dat het eerbetoon in nostalgie verandert.<\/p>\n<p>De sleutel ligt in de overdracht. David de Arahal, Jos\u00e9 del Tomate en Manuel Cerpa zijn niet alleen begeleiders, maar maken deel uit van het artistieke argument. Zij zijn \u2018degenen die eraan komen\u2019, terwijl Merc\u00e9 een stem inbrengt die al tot het collectieve geheugen van de flamenco behoort.<\/p>\n<p>Op 20 september is het Teatro de la Maestranza de plaats waar deze twee tijden elkaar ontmoeten. Als de alarmoproep waarschuwt dat de cante verloren kan gaan, biedt het bestaan van de voorstelling zelf een antwoord: <strong>de cante leeft voort wanneer hij wordt gehoord, gedeeld en opnieuw van het ene paar handen naar het andere wordt doorgegeven<\/strong>.<\/p>\n<\/div><\/div><\/div><\/div><\/div><\/div><\/div><\/section><section class=\"l-section wpb_row height_huge color_alternate with_shape\"><div class=\"l-section-shape type_zigzag pos_top hor_flip\" style=\"height:3vmin;\"><svg xmlns=\"http:\/\/www.w3.org\/2000\/svg\" viewBox=\"0 0 64 8\" preserveAspectRatio=\"none\" width=\"100%\" height=\"100%\">\r\n\t<path fill=\"currentColor\" d=\"M64 8 L0 8 L0 0 L20 7.9 L40 3 L48 5 L64 0 Z\"\/>\r\n<\/svg><\/div><div class=\"l-section-shape type_zigzag pos_bottom\" style=\"height:3vmin;\"><svg xmlns=\"http:\/\/www.w3.org\/2000\/svg\" viewBox=\"0 0 64 8\" preserveAspectRatio=\"none\" width=\"100%\" height=\"100%\">\r\n\t<path fill=\"currentColor\" d=\"M64 8 L0 8 L0 0 L20 7.9 L40 3 L48 5 L64 0 Z\"\/>\r\n<\/svg><\/div><div class=\"l-section-h i-cf\"><div class=\"g-cols vc_row via_flex valign_top type_default stacking_default\"><div class=\"vc_col-sm-12 wpb_column vc_column_container\"><div class=\"vc_column-inner\"><div class=\"wpb_wrapper\"><div class=\"wpb_text_column\"><div class=\"wpb_wrapper\"><h2>Geraadpleegde bronnen<\/h2>\n<ul>\n<li><a href=\"https:\/\/www.labienal.com\/programa-general\/teatro-de-la-maestranza\/jose-merce\" target=\"_blank\" rel=\"noopener\">Flamencobi\u00ebnnale van Sevilla \u2014 Jos\u00e9 Merc\u00e9, <em>Toquen a rebato<\/em><\/a>.<\/li>\n<li><a href=\"https:\/\/www.labienal.com\/noticias\/la-bienal-viste-de-flamenco-al-teatro-de-la-maestranza\" target=\"_blank\" rel=\"noopener\">Flamencobi\u00ebnnale \u2014 programma van het Teatro de la Maestranza<\/a>.<\/li>\n<li><a href=\"https:\/\/www.labienal.com\/noticias\/la-bienal-presenta-26-noches-unicas-espectaculos-irrepetibles-que-solo-podran-vivirse-en-sevilla\" target=\"_blank\" rel=\"noopener\">Flamencobi\u00ebnnale \u2014 26 Unieke Avonden in 2026<\/a>.<\/li>\n<li><a href=\"https:\/\/www.labienal.com\/noticias\/la-bienal-de-flamenco-situa-el-cante-en-el-corazon-de-su-xxiv-edicion-con-mas-de-un-centenar-de-voces\" target=\"_blank\" rel=\"noopener\">Flamencobi\u00ebnnale \u2014 de cante in de 24e editie<\/a>.<\/li>\n<\/ul>\n<p><small>Informatie gecontroleerd op 2 september 2026. Tijden, beschikbaarheid en toegangsvoorwaarden kunnen wijzigen; controleer v\u00f3\u00f3r uw bezoek de offici\u00eble informatie.<\/small><\/p>\n<\/div><\/div><\/div><\/div><\/div><\/div><\/div><\/section>\n","protected":false},"excerpt":{"rendered":"<p>Jos\u00e9 Merc\u00e9 keert op 20 september 2026 terug naar de Flamencobi\u00ebnnale van Sevilla met Toquen a rebato, een Unieke Avond in het Teatro de la Maestranza met David de Arahal, Jos\u00e9 del Tomate en Manuel Cerpa.<\/p>\n","protected":false},"author":1,"featured_media":14099,"comment_status":"closed","ping_status":"closed","sticky":false,"template":"","format":"standard","meta":{"_acf_changed":false,"wpai_generated_summary":"","_ayudawp_aiss_exclude":false,"_ayudawp_aiss_exclude_summary":false,"_ayudawp_aiss_summary":"","_ayudawp_aiss_summary_provider":"","_ayudawp_aiss_summary_hash":"","footnotes":""},"categories":[1432,376],"tags":[1228,1229,1891,423,1892],"class_list":["post-14154","post","type-post","status-publish","format-standard","has-post-thumbnail","hentry","category-flamencobiennale","category-flamenco-nieuws","tag-bienal-2026","tag-bienal-de-flamenco","tag-jose-merce-nl","tag-sevilla","tag-toquen-a-rebato-nl"],"acf":[],"yoast_head":"<!-- This site is optimized with the Yoast SEO Premium plugin v28.4 (Yoast SEO v28.4) - https:\/\/yoast.com\/product\/yoast-seo-premium-wordpress\/ -->\n<title>Jos\u00e9 Merc\u00e9 op de Bi\u00ebnnale 2026: Toquen a rebato<\/title>\n<meta name=\"description\" content=\"Jos\u00e9 Merc\u00e9 presenteert Toquen a rebato op de Flamencobi\u00ebnnale 2026: datum, Teatro de la Maestranza, gitaristen, repertoire en achtergronden.\" \/>\n<meta name=\"robots\" content=\"index, follow, max-snippet:-1, max-image-preview:large, max-video-preview:-1\" \/>\n<link rel=\"canonical\" href=\"https:\/\/www.tablaosflamencos.com\/nl\/jose-merce-flamencobiennale-2026-toquen-a-rebato.html\" \/>\n<meta property=\"og:locale\" content=\"nl_NL\" \/>\n<meta property=\"og:type\" content=\"article\" \/>\n<meta property=\"og:title\" content=\"Jos\u00e9 Merc\u00e9 op de Flamencobi\u00ebnnale 2026: Toquen a rebato\" \/>\n<meta property=\"og:description\" content=\"Jos\u00e9 Merc\u00e9 presenteert Toquen a rebato op de Flamencobi\u00ebnnale 2026: datum, Teatro de la Maestranza, gitaristen, repertoire en achtergronden.\" \/>\n<meta property=\"og:url\" content=\"https:\/\/www.tablaosflamencos.com\/nl\/jose-merce-flamencobiennale-2026-toquen-a-rebato.html\" \/>\n<meta property=\"og:site_name\" content=\"Tablaos Flamencos\" \/>\n<meta property=\"article:publisher\" content=\"https:\/\/www.facebook.com\/tablaosflamencos\" \/>\n<meta property=\"article:published_time\" content=\"2026-09-02T22:15:18+00:00\" \/>\n<meta property=\"article:modified_time\" content=\"2026-09-02T23:31:10+00:00\" \/>\n<meta property=\"og:image\" content=\"https:\/\/www.tablaosflamencos.com\/wp-content\/uploads\/jose-merce-op-de-flamencobiennale-2026-toquen-a-rebato.webp\" \/>\n\t<meta property=\"og:image:width\" content=\"1672\" \/>\n\t<meta property=\"og:image:height\" content=\"941\" \/>\n\t<meta property=\"og:image:type\" content=\"image\/webp\" \/>\n<meta name=\"author\" content=\"Miguel Ortiz\" \/>\n<meta name=\"twitter:card\" content=\"summary_large_image\" \/>\n<meta name=\"twitter:creator\" content=\"@tablaosflamenco\" \/>\n<meta name=\"twitter:site\" content=\"@tablaosflamenco\" \/>\n<meta name=\"twitter:label1\" content=\"Geschreven door\" \/>\n\t<meta name=\"twitter:data1\" content=\"Miguel Ortiz\" \/>\n\t<meta name=\"twitter:label2\" content=\"Geschatte leestijd\" \/>\n\t<meta name=\"twitter:data2\" content=\"15 minuten\" \/>\n<script type=\"application\/ld+json\" class=\"yoast-schema-graph\">{\"@context\":\"https:\\\/\\\/schema.org\",\"@graph\":[{\"@type\":\"Article\",\"@id\":\"https:\\\/\\\/www.tablaosflamencos.com\\\/nl\\\/jose-merce-flamencobiennale-2026-toquen-a-rebato.html#article\",\"isPartOf\":{\"@id\":\"https:\\\/\\\/www.tablaosflamencos.com\\\/nl\\\/jose-merce-flamencobiennale-2026-toquen-a-rebato.html\"},\"author\":{\"name\":\"Miguel Ortiz\",\"@id\":\"https:\\\/\\\/www.tablaosflamencos.com\\\/nl#\\\/schema\\\/person\\\/e7a9ebe14eb75a52ceabfbffb3c54f5d\"},\"headline\":\"Jos\u00e9 Merc\u00e9 op de Flamencobi\u00ebnnale 2026: Toquen a rebato\",\"datePublished\":\"2026-09-02T22:15:18+00:00\",\"dateModified\":\"2026-09-02T23:31:10+00:00\",\"mainEntityOfPage\":{\"@id\":\"https:\\\/\\\/www.tablaosflamencos.com\\\/nl\\\/jose-merce-flamencobiennale-2026-toquen-a-rebato.html\"},\"wordCount\":3060,\"publisher\":{\"@id\":\"https:\\\/\\\/www.tablaosflamencos.com\\\/nl#organization\"},\"image\":{\"@id\":\"https:\\\/\\\/www.tablaosflamencos.com\\\/nl\\\/jose-merce-flamencobiennale-2026-toquen-a-rebato.html#primaryimage\"},\"thumbnailUrl\":\"https:\\\/\\\/www.tablaosflamencos.com\\\/wp-content\\\/uploads\\\/jose-merce-op-de-flamencobiennale-2026-toquen-a-rebato.webp\",\"keywords\":[\"Bienal 2026\",\"Bienal de Flamenco\",\"Jos\u00e9 Merc\u00e9\",\"sevilla\",\"Toquen a rebato\"],\"articleSection\":[\"Flamencobi\u00ebnnale\",\"Nieuws \\\/ Updates\"],\"inLanguage\":\"nl-NL\"},{\"@type\":\"WebPage\",\"@id\":\"https:\\\/\\\/www.tablaosflamencos.com\\\/nl\\\/jose-merce-flamencobiennale-2026-toquen-a-rebato.html\",\"url\":\"https:\\\/\\\/www.tablaosflamencos.com\\\/nl\\\/jose-merce-flamencobiennale-2026-toquen-a-rebato.html\",\"name\":\"Jos\u00e9 Merc\u00e9 op de Bi\u00ebnnale 2026: Toquen a rebato\",\"isPartOf\":{\"@id\":\"https:\\\/\\\/www.tablaosflamencos.com\\\/nl#website\"},\"primaryImageOfPage\":{\"@id\":\"https:\\\/\\\/www.tablaosflamencos.com\\\/nl\\\/jose-merce-flamencobiennale-2026-toquen-a-rebato.html#primaryimage\"},\"image\":{\"@id\":\"https:\\\/\\\/www.tablaosflamencos.com\\\/nl\\\/jose-merce-flamencobiennale-2026-toquen-a-rebato.html#primaryimage\"},\"thumbnailUrl\":\"https:\\\/\\\/www.tablaosflamencos.com\\\/wp-content\\\/uploads\\\/jose-merce-op-de-flamencobiennale-2026-toquen-a-rebato.webp\",\"datePublished\":\"2026-09-02T22:15:18+00:00\",\"dateModified\":\"2026-09-02T23:31:10+00:00\",\"description\":\"Jos\u00e9 Merc\u00e9 presenteert Toquen a rebato op de Flamencobi\u00ebnnale 2026: datum, Teatro de la Maestranza, gitaristen, repertoire en achtergronden.\",\"breadcrumb\":{\"@id\":\"https:\\\/\\\/www.tablaosflamencos.com\\\/nl\\\/jose-merce-flamencobiennale-2026-toquen-a-rebato.html#breadcrumb\"},\"inLanguage\":\"nl-NL\",\"potentialAction\":[{\"@type\":\"ReadAction\",\"target\":[\"https:\\\/\\\/www.tablaosflamencos.com\\\/nl\\\/jose-merce-flamencobiennale-2026-toquen-a-rebato.html\"]}]},{\"@type\":\"ImageObject\",\"inLanguage\":\"nl-NL\",\"@id\":\"https:\\\/\\\/www.tablaosflamencos.com\\\/nl\\\/jose-merce-flamencobiennale-2026-toquen-a-rebato.html#primaryimage\",\"url\":\"https:\\\/\\\/www.tablaosflamencos.com\\\/wp-content\\\/uploads\\\/jose-merce-op-de-flamencobiennale-2026-toquen-a-rebato.webp\",\"contentUrl\":\"https:\\\/\\\/www.tablaosflamencos.com\\\/wp-content\\\/uploads\\\/jose-merce-op-de-flamencobiennale-2026-toquen-a-rebato.webp\",\"width\":1672,\"height\":941,\"caption\":\"Jos\u00e9 Merc\u00e9 en la Bienal de Flamenco 2026: Toquen a rebato\"},{\"@type\":\"BreadcrumbList\",\"@id\":\"https:\\\/\\\/www.tablaosflamencos.com\\\/nl\\\/jose-merce-flamencobiennale-2026-toquen-a-rebato.html#breadcrumb\",\"itemListElement\":[{\"@type\":\"ListItem\",\"position\":1,\"name\":\"Home\",\"item\":\"https:\\\/\\\/www.tablaosflamencos.com\\\/nl\"},{\"@type\":\"ListItem\",\"position\":2,\"name\":\"Jos\u00e9 Merc\u00e9 op de Flamencobi\u00ebnnale 2026: Toquen a rebato\"}]},{\"@type\":\"WebSite\",\"@id\":\"https:\\\/\\\/www.tablaosflamencos.com\\\/nl#website\",\"url\":\"https:\\\/\\\/www.tablaosflamencos.com\\\/nl\",\"name\":\"Tablaos Flamencos\",\"description\":\"Entradas para tablaos flamencos de Espa\u00f1a\",\"publisher\":{\"@id\":\"https:\\\/\\\/www.tablaosflamencos.com\\\/nl#organization\"},\"alternateName\":\"Tablaos Flamencos\",\"potentialAction\":[{\"@type\":\"SearchAction\",\"target\":{\"@type\":\"EntryPoint\",\"urlTemplate\":\"https:\\\/\\\/www.tablaosflamencos.com\\\/nl?s={search_term_string}\"},\"query-input\":{\"@type\":\"PropertyValueSpecification\",\"valueRequired\":true,\"valueName\":\"search_term_string\"}}],\"inLanguage\":\"nl-NL\"},{\"@type\":[\"Organization\",\"Place\",\"EntertainmentBusiness\"],\"@id\":\"https:\\\/\\\/www.tablaosflamencos.com\\\/nl#organization\",\"name\":\"Tablaos Flamencos\",\"alternateName\":\"Tablaos Flamencos\",\"url\":\"https:\\\/\\\/www.tablaosflamencos.com\\\/nl\",\"logo\":{\"@id\":\"https:\\\/\\\/www.tablaosflamencos.com\\\/nl\\\/jose-merce-flamencobiennale-2026-toquen-a-rebato.html#local-main-organization-logo\"},\"image\":{\"@id\":\"https:\\\/\\\/www.tablaosflamencos.com\\\/nl\\\/jose-merce-flamencobiennale-2026-toquen-a-rebato.html#local-main-organization-logo\"},\"sameAs\":[\"https:\\\/\\\/www.facebook.com\\\/tablaosflamencos\",\"https:\\\/\\\/x.com\\\/tablaosflamenco\",\"https:\\\/\\\/mastodon.social\\\/@tablaosflamencos\",\"https:\\\/\\\/www.instagram.com\\\/tablaosflamencos\",\"https:\\\/\\\/tiktok.com\\\/@tablaosflamencos\",\"https:\\\/\\\/www.linkedin.com\\\/company\\\/109408238\\\/\"],\"description\":\"Venta de entradas para espect\u00e1culos flamencos\",\"legalName\":\"Tablaos Flamencos\",\"foundingDate\":\"2015-01-01\",\"numberOfEmployees\":{\"@type\":\"QuantitativeValue\",\"minValue\":\"1\",\"maxValue\":\"10\"},\"address\":{\"@id\":\"https:\\\/\\\/www.tablaosflamencos.com\\\/nl\\\/jose-merce-flamencobiennale-2026-toquen-a-rebato.html#local-main-place-address\"},\"geo\":{\"@type\":\"GeoCoordinates\",\"latitude\":\"37.3868072\",\"longitude\":\"-5.993280299999999\"},\"telephone\":[\"+34623787787\"],\"contactPoint\":{\"@type\":\"ContactPoint\",\"telephone\":\"+34623787787\",\"email\":\"info@tablaosflamencos.com\"},\"openingHoursSpecification\":{\"@type\":\"OpeningHoursSpecification\",\"dayOfWeek\":[\"Monday\",\"Tuesday\",\"Wednesday\",\"Thursday\",\"Friday\",\"Saturday\",\"Sunday\"],\"opens\":\"00:00\",\"closes\":\"23:59\"},\"email\":\"info@tablaosflamencos.com\",\"priceRange\":\"$$$\",\"currenciesAccepted\":\"\u20ac\"},{\"@type\":\"Person\",\"@id\":\"https:\\\/\\\/www.tablaosflamencos.com\\\/nl#\\\/schema\\\/person\\\/e7a9ebe14eb75a52ceabfbffb3c54f5d\",\"name\":\"Miguel Ortiz\",\"description\":\"Miguel Ortiz es un empresario flamenco, con una s\u00f3lida trayectoria dentro del sector. Ha presidido entidades culturales vinculadas al flamenco y, cuenta con un amplio recorrido profesional en la gesti\u00f3n y promoci\u00f3n de espect\u00e1culos y tablaos flamencos. Su pasi\u00f3n por la historia y el arte flamenco se refleja en cada art\u00edculo, donde combina experiencia, criterio y un profundo respeto por la tradici\u00f3n.\",\"sameAs\":[\"https:\\\/\\\/www.tablaosflamencos.com\",\"https:\\\/\\\/www.instagra.com\\\/miguelortizfe\",\"https:\\\/\\\/www.linkedin.com\\\/in\\\/miguelortizf\\\/\"],\"birthDate\":\"1984-11-22\",\"gender\":\"hombre\",\"knowsLanguage\":[\"espa\u00f1ol\",\"ingl\u00e9s\"],\"jobTitle\":\"Empresario flamenco\"},{\"@type\":\"PostalAddress\",\"@id\":\"https:\\\/\\\/www.tablaosflamencos.com\\\/nl\\\/jose-merce-flamencobiennale-2026-toquen-a-rebato.html#local-main-place-address\",\"streetAddress\":\"C\\\/ Alemanes, 19\",\"addressLocality\":\"Sevilla\",\"postalCode\":\"41004\",\"addressRegion\":\"Sevilla\",\"addressCountry\":\"ES\"},{\"@type\":\"ImageObject\",\"inLanguage\":\"nl-NL\",\"@id\":\"https:\\\/\\\/www.tablaosflamencos.com\\\/nl\\\/jose-merce-flamencobiennale-2026-toquen-a-rebato.html#local-main-organization-logo\",\"url\":\"https:\\\/\\\/www.tablaosflamencos.com\\\/wp-content\\\/uploads\\\/tablaos-flamencos-06-3.webp\",\"contentUrl\":\"https:\\\/\\\/www.tablaosflamencos.com\\\/wp-content\\\/uploads\\\/tablaos-flamencos-06-3.webp\",\"width\":600,\"height\":620,\"caption\":\"Tablaos Flamencos\"}]}<\/script>\n<meta name=\"geo.placename\" content=\"Sevilla\" \/>\n<meta name=\"geo.position\" content=\"37.3868072;-5.993280299999999\" \/>\n<meta name=\"geo.region\" content=\"Spanje\" \/>\n<!-- \/ Yoast SEO Premium plugin. -->","yoast_head_json":{"title":"Jos\u00e9 Merc\u00e9 op de Bi\u00ebnnale 2026: Toquen a rebato","description":"Jos\u00e9 Merc\u00e9 presenteert Toquen a rebato op de Flamencobi\u00ebnnale 2026: datum, Teatro de la Maestranza, gitaristen, repertoire en achtergronden.","robots":{"index":"index","follow":"follow","max-snippet":"max-snippet:-1","max-image-preview":"max-image-preview:large","max-video-preview":"max-video-preview:-1"},"canonical":"https:\/\/www.tablaosflamencos.com\/nl\/jose-merce-flamencobiennale-2026-toquen-a-rebato.html","og_locale":"nl_NL","og_type":"article","og_title":"Jos\u00e9 Merc\u00e9 op de Flamencobi\u00ebnnale 2026: Toquen a rebato","og_description":"Jos\u00e9 Merc\u00e9 presenteert Toquen a rebato op de Flamencobi\u00ebnnale 2026: datum, Teatro de la Maestranza, gitaristen, repertoire en achtergronden.","og_url":"https:\/\/www.tablaosflamencos.com\/nl\/jose-merce-flamencobiennale-2026-toquen-a-rebato.html","og_site_name":"Tablaos Flamencos","article_publisher":"https:\/\/www.facebook.com\/tablaosflamencos","article_published_time":"2026-09-02T22:15:18+00:00","article_modified_time":"2026-09-02T23:31:10+00:00","og_image":[{"width":1672,"height":941,"url":"https:\/\/www.tablaosflamencos.com\/wp-content\/uploads\/jose-merce-op-de-flamencobiennale-2026-toquen-a-rebato.webp","type":"image\/webp"}],"author":"Miguel Ortiz","twitter_card":"summary_large_image","twitter_creator":"@tablaosflamenco","twitter_site":"@tablaosflamenco","twitter_misc":{"Geschreven door":"Miguel Ortiz","Geschatte leestijd":"15 minuten"},"schema":{"@context":"https:\/\/schema.org","@graph":[{"@type":"Article","@id":"https:\/\/www.tablaosflamencos.com\/nl\/jose-merce-flamencobiennale-2026-toquen-a-rebato.html#article","isPartOf":{"@id":"https:\/\/www.tablaosflamencos.com\/nl\/jose-merce-flamencobiennale-2026-toquen-a-rebato.html"},"author":{"name":"Miguel Ortiz","@id":"https:\/\/www.tablaosflamencos.com\/nl#\/schema\/person\/e7a9ebe14eb75a52ceabfbffb3c54f5d"},"headline":"Jos\u00e9 Merc\u00e9 op de Flamencobi\u00ebnnale 2026: Toquen a rebato","datePublished":"2026-09-02T22:15:18+00:00","dateModified":"2026-09-02T23:31:10+00:00","mainEntityOfPage":{"@id":"https:\/\/www.tablaosflamencos.com\/nl\/jose-merce-flamencobiennale-2026-toquen-a-rebato.html"},"wordCount":3060,"publisher":{"@id":"https:\/\/www.tablaosflamencos.com\/nl#organization"},"image":{"@id":"https:\/\/www.tablaosflamencos.com\/nl\/jose-merce-flamencobiennale-2026-toquen-a-rebato.html#primaryimage"},"thumbnailUrl":"https:\/\/www.tablaosflamencos.com\/wp-content\/uploads\/jose-merce-op-de-flamencobiennale-2026-toquen-a-rebato.webp","keywords":["Bienal 2026","Bienal de Flamenco","Jos\u00e9 Merc\u00e9","sevilla","Toquen a rebato"],"articleSection":["Flamencobi\u00ebnnale","Nieuws \/ Updates"],"inLanguage":"nl-NL"},{"@type":"WebPage","@id":"https:\/\/www.tablaosflamencos.com\/nl\/jose-merce-flamencobiennale-2026-toquen-a-rebato.html","url":"https:\/\/www.tablaosflamencos.com\/nl\/jose-merce-flamencobiennale-2026-toquen-a-rebato.html","name":"Jos\u00e9 Merc\u00e9 op de Bi\u00ebnnale 2026: Toquen a rebato","isPartOf":{"@id":"https:\/\/www.tablaosflamencos.com\/nl#website"},"primaryImageOfPage":{"@id":"https:\/\/www.tablaosflamencos.com\/nl\/jose-merce-flamencobiennale-2026-toquen-a-rebato.html#primaryimage"},"image":{"@id":"https:\/\/www.tablaosflamencos.com\/nl\/jose-merce-flamencobiennale-2026-toquen-a-rebato.html#primaryimage"},"thumbnailUrl":"https:\/\/www.tablaosflamencos.com\/wp-content\/uploads\/jose-merce-op-de-flamencobiennale-2026-toquen-a-rebato.webp","datePublished":"2026-09-02T22:15:18+00:00","dateModified":"2026-09-02T23:31:10+00:00","description":"Jos\u00e9 Merc\u00e9 presenteert Toquen a rebato op de Flamencobi\u00ebnnale 2026: datum, Teatro de la Maestranza, gitaristen, repertoire en achtergronden.","breadcrumb":{"@id":"https:\/\/www.tablaosflamencos.com\/nl\/jose-merce-flamencobiennale-2026-toquen-a-rebato.html#breadcrumb"},"inLanguage":"nl-NL","potentialAction":[{"@type":"ReadAction","target":["https:\/\/www.tablaosflamencos.com\/nl\/jose-merce-flamencobiennale-2026-toquen-a-rebato.html"]}]},{"@type":"ImageObject","inLanguage":"nl-NL","@id":"https:\/\/www.tablaosflamencos.com\/nl\/jose-merce-flamencobiennale-2026-toquen-a-rebato.html#primaryimage","url":"https:\/\/www.tablaosflamencos.com\/wp-content\/uploads\/jose-merce-op-de-flamencobiennale-2026-toquen-a-rebato.webp","contentUrl":"https:\/\/www.tablaosflamencos.com\/wp-content\/uploads\/jose-merce-op-de-flamencobiennale-2026-toquen-a-rebato.webp","width":1672,"height":941,"caption":"Jos\u00e9 Merc\u00e9 en la Bienal de Flamenco 2026: Toquen a rebato"},{"@type":"BreadcrumbList","@id":"https:\/\/www.tablaosflamencos.com\/nl\/jose-merce-flamencobiennale-2026-toquen-a-rebato.html#breadcrumb","itemListElement":[{"@type":"ListItem","position":1,"name":"Home","item":"https:\/\/www.tablaosflamencos.com\/nl"},{"@type":"ListItem","position":2,"name":"Jos\u00e9 Merc\u00e9 op de Flamencobi\u00ebnnale 2026: Toquen a rebato"}]},{"@type":"WebSite","@id":"https:\/\/www.tablaosflamencos.com\/nl#website","url":"https:\/\/www.tablaosflamencos.com\/nl","name":"Tablaos Flamencos","description":"Entradas para tablaos flamencos de Espa\u00f1a","publisher":{"@id":"https:\/\/www.tablaosflamencos.com\/nl#organization"},"alternateName":"Tablaos Flamencos","potentialAction":[{"@type":"SearchAction","target":{"@type":"EntryPoint","urlTemplate":"https:\/\/www.tablaosflamencos.com\/nl?s={search_term_string}"},"query-input":{"@type":"PropertyValueSpecification","valueRequired":true,"valueName":"search_term_string"}}],"inLanguage":"nl-NL"},{"@type":["Organization","Place","EntertainmentBusiness"],"@id":"https:\/\/www.tablaosflamencos.com\/nl#organization","name":"Tablaos Flamencos","alternateName":"Tablaos Flamencos","url":"https:\/\/www.tablaosflamencos.com\/nl","logo":{"@id":"https:\/\/www.tablaosflamencos.com\/nl\/jose-merce-flamencobiennale-2026-toquen-a-rebato.html#local-main-organization-logo"},"image":{"@id":"https:\/\/www.tablaosflamencos.com\/nl\/jose-merce-flamencobiennale-2026-toquen-a-rebato.html#local-main-organization-logo"},"sameAs":["https:\/\/www.facebook.com\/tablaosflamencos","https:\/\/x.com\/tablaosflamenco","https:\/\/mastodon.social\/@tablaosflamencos","https:\/\/www.instagram.com\/tablaosflamencos","https:\/\/tiktok.com\/@tablaosflamencos","https:\/\/www.linkedin.com\/company\/109408238\/"],"description":"Venta de entradas para espect\u00e1culos flamencos","legalName":"Tablaos Flamencos","foundingDate":"2015-01-01","numberOfEmployees":{"@type":"QuantitativeValue","minValue":"1","maxValue":"10"},"address":{"@id":"https:\/\/www.tablaosflamencos.com\/nl\/jose-merce-flamencobiennale-2026-toquen-a-rebato.html#local-main-place-address"},"geo":{"@type":"GeoCoordinates","latitude":"37.3868072","longitude":"-5.993280299999999"},"telephone":["+34623787787"],"contactPoint":{"@type":"ContactPoint","telephone":"+34623787787","email":"info@tablaosflamencos.com"},"openingHoursSpecification":{"@type":"OpeningHoursSpecification","dayOfWeek":["Monday","Tuesday","Wednesday","Thursday","Friday","Saturday","Sunday"],"opens":"00:00","closes":"23:59"},"email":"info@tablaosflamencos.com","priceRange":"$$$","currenciesAccepted":"\u20ac"},{"@type":"Person","@id":"https:\/\/www.tablaosflamencos.com\/nl#\/schema\/person\/e7a9ebe14eb75a52ceabfbffb3c54f5d","name":"Miguel Ortiz","description":"Miguel Ortiz es un empresario flamenco, con una s\u00f3lida trayectoria dentro del sector. Ha presidido entidades culturales vinculadas al flamenco y, cuenta con un amplio recorrido profesional en la gesti\u00f3n y promoci\u00f3n de espect\u00e1culos y tablaos flamencos. Su pasi\u00f3n por la historia y el arte flamenco se refleja en cada art\u00edculo, donde combina experiencia, criterio y un profundo respeto por la tradici\u00f3n.","sameAs":["https:\/\/www.tablaosflamencos.com","https:\/\/www.instagra.com\/miguelortizfe","https:\/\/www.linkedin.com\/in\/miguelortizf\/"],"birthDate":"1984-11-22","gender":"hombre","knowsLanguage":["espa\u00f1ol","ingl\u00e9s"],"jobTitle":"Empresario flamenco"},{"@type":"PostalAddress","@id":"https:\/\/www.tablaosflamencos.com\/nl\/jose-merce-flamencobiennale-2026-toquen-a-rebato.html#local-main-place-address","streetAddress":"C\/ Alemanes, 19","addressLocality":"Sevilla","postalCode":"41004","addressRegion":"Sevilla","addressCountry":"ES"},{"@type":"ImageObject","inLanguage":"nl-NL","@id":"https:\/\/www.tablaosflamencos.com\/nl\/jose-merce-flamencobiennale-2026-toquen-a-rebato.html#local-main-organization-logo","url":"https:\/\/www.tablaosflamencos.com\/wp-content\/uploads\/tablaos-flamencos-06-3.webp","contentUrl":"https:\/\/www.tablaosflamencos.com\/wp-content\/uploads\/tablaos-flamencos-06-3.webp","width":600,"height":620,"caption":"Tablaos Flamencos"}]},"geo.placename":"Sevilla","geo.position":{"lat":"37.3868072","long":"-5.993280299999999"},"geo.region":"Spanje"},"_links":{"self":[{"href":"https:\/\/www.tablaosflamencos.com\/nl\/wp-json\/wp\/v2\/posts\/14154","targetHints":{"allow":["GET"]}}],"collection":[{"href":"https:\/\/www.tablaosflamencos.com\/nl\/wp-json\/wp\/v2\/posts"}],"about":[{"href":"https:\/\/www.tablaosflamencos.com\/nl\/wp-json\/wp\/v2\/types\/post"}],"author":[{"embeddable":true,"href":"https:\/\/www.tablaosflamencos.com\/nl\/wp-json\/wp\/v2\/users\/1"}],"replies":[{"embeddable":true,"href":"https:\/\/www.tablaosflamencos.com\/nl\/wp-json\/wp\/v2\/comments?post=14154"}],"version-history":[{"count":2,"href":"https:\/\/www.tablaosflamencos.com\/nl\/wp-json\/wp\/v2\/posts\/14154\/revisions"}],"predecessor-version":[{"id":14172,"href":"https:\/\/www.tablaosflamencos.com\/nl\/wp-json\/wp\/v2\/posts\/14154\/revisions\/14172"}],"wp:featuredmedia":[{"embeddable":true,"href":"https:\/\/www.tablaosflamencos.com\/nl\/wp-json\/wp\/v2\/media\/14099"}],"wp:attachment":[{"href":"https:\/\/www.tablaosflamencos.com\/nl\/wp-json\/wp\/v2\/media?parent=14154"}],"wp:term":[{"taxonomy":"category","embeddable":true,"href":"https:\/\/www.tablaosflamencos.com\/nl\/wp-json\/wp\/v2\/categories?post=14154"},{"taxonomy":"post_tag","embeddable":true,"href":"https:\/\/www.tablaosflamencos.com\/nl\/wp-json\/wp\/v2\/tags?post=14154"}],"curies":[{"name":"wp","href":"https:\/\/api.w.org\/{rel}","templated":true}]}}