{"id":14111,"date":"2026-09-03T01:13:43","date_gmt":"2026-09-02T23:13:43","guid":{"rendered":"https:\/\/www.tablaosflamencos.com\/?p=14111"},"modified":"2026-09-03T01:33:11","modified_gmt":"2026-09-02T23:33:11","slug":"carmen-linares-flamencobiennale-sevilla-2026-perlas-a-millares","status":"publish","type":"post","link":"https:\/\/www.tablaosflamencos.com\/nl\/carmen-linares-flamencobiennale-sevilla-2026-perlas-a-millares.html","title":{"rendered":"Carmen Linares sluit de Bi\u00ebnnale 2026 af: Perlas a millares"},"content":{"rendered":"<section class=\"l-section wpb_row height_huge\"><div class=\"l-section-h i-cf\"><div class=\"g-cols vc_row via_flex valign_top type_default stacking_default\"><div class=\"vc_col-sm-6 wpb_column vc_column_container\"><div class=\"vc_column-inner\"><div class=\"wpb_wrapper\"><div class=\"wpb_text_column\"><div class=\"wpb_wrapper\"><h2>Een slotavond rond een historisch werk<\/h2>\n<p>De <strong>24e Flamencobi\u00ebnnale van Sevilla<\/strong> wordt afgesloten op <strong>3 oktober 2026<\/strong> met een van de meest symbolische evenementen van de editie. <strong>Carmen Linares<\/strong> komt naar het <strong>Teatro de la Maestranza<\/strong> met <em>Perlas a millares<\/em>, een voorstelling die is bedacht ter viering van <strong>30 jaar <em>Antolog\u00eda de la mujer en el cante<\/em><\/strong>, het album dat in 1996 een keerpunt in haar loopbaan betekende.<\/p>\n<p>Het wordt niet zomaar een extra voorstelling op de kalender. De organisatie presenteert de avond als een <strong>Unieke Avond<\/strong> en als de offici\u00eble afsluiting van een editie die op 9 september begon en bijna een maand lang zang, dans en gitaar naar theaters, monumenten, binnenplaatsen en historische locaties in Sevilla heeft gebracht.<\/p>\n<p>Carmen Linares staat er niet alleen. Ze deelt het podium met <strong>Marina Heredia, Mar\u00eda Terremoto en Roc\u00edo Luna<\/strong> voor de zang, en met <strong>Rafaela Carrasco<\/strong> voor de dans, in een voorstelling die zowel terugkijkt naar de vrouwelijke flamencotraditie als naar de generaties die dat erfgoed vandaag voortzetten.<\/p>\n<\/div><\/div><\/div><\/div><\/div><div class=\"vc_col-sm-6 wpb_column vc_column_container\"><div class=\"vc_column-inner\"><div class=\"wpb_wrapper\"><div class=\"wpb_text_column\"><div class=\"wpb_wrapper\"><h3>Belangrijkste gegevens<\/h3>\n<ul>\n<li><strong>Voorstelling:<\/strong> <em>Perlas a millares<\/em><\/li>\n<li><strong>Datum:<\/strong> 3 oktober 2026<\/li>\n<li><strong>Tijd:<\/strong> 20:00<\/li>\n<li><strong>Locatie:<\/strong> Teatro de la Maestranza<\/li>\n<li><strong>Format:<\/strong> Unieke Avond<\/li>\n<li><strong>Aanleiding:<\/strong> 30-jarig jubileum van <em>Antolog\u00eda de la mujer en el cante<\/em><\/li>\n<\/ul>\n<\/div><\/div><\/div><\/div><\/div><\/div><\/div><\/section><section class=\"l-section wpb_row height_huge color_alternate with_shape\"><div class=\"l-section-shape type_zigzag pos_top\" style=\"height:3vmin;\"><svg xmlns=\"http:\/\/www.w3.org\/2000\/svg\" viewBox=\"0 0 64 8\" preserveAspectRatio=\"none\" width=\"100%\" height=\"100%\">\r\n\t<path fill=\"currentColor\" d=\"M64 8 L0 8 L0 0 L20 7.9 L40 3 L48 5 L64 0 Z\"\/>\r\n<\/svg><\/div><div class=\"l-section-shape type_zigzag pos_bottom\" style=\"height:3vmin;\"><svg xmlns=\"http:\/\/www.w3.org\/2000\/svg\" viewBox=\"0 0 64 8\" preserveAspectRatio=\"none\" width=\"100%\" height=\"100%\">\r\n\t<path fill=\"currentColor\" d=\"M64 8 L0 8 L0 0 L20 7.9 L40 3 L48 5 L64 0 Z\"\/>\r\n<\/svg><\/div><div class=\"l-section-h i-cf\"><div class=\"g-cols vc_row via_flex valign_top type_default stacking_default\"><div class=\"vc_col-sm-12 wpb_column vc_column_container\"><div class=\"vc_column-inner\"><div class=\"wpb_wrapper\"><div class=\"wpb_text_column\"><div class=\"wpb_wrapper\"><blockquote>\n<p><strong>Kort antwoord:<\/strong> Carmen Linares sluit de Flamencobi\u00ebnnale van Sevilla 2026 af op zaterdag 3 oktober om 20:00 in het Teatro de la Maestranza met <em>Perlas a millares<\/em>, samen met Marina Heredia, Mar\u00eda Terremoto, Roc\u00edo Luna en Rafaela Carrasco. De voorstelling viert 30 jaar <em>Antolog\u00eda de la mujer en el cante<\/em>, een van de belangrijkste werken uit haar carri\u00e8re.<\/p>\n<\/blockquote>\n<p><strong>Laatste update: 2 september 2026.<\/strong> De beschikbaarheid van plaatsen en sommige productiedetails kunnen veranderen. Controleer altijd de offici\u00eble informatie.<\/p>\n<\/div><\/div><div class=\"w-separator size_medium\"><\/div><div class=\"w-hwrapper valign_top wrap stack_on_mobiles align_center\" style=\"--hwrapper-gap:1.2rem\"><div class=\"w-btn-wrapper align_none\"><a class=\"w-btn us-btn-style_1\" href=\"https:\/\/www.tablaosflamencos.com\/nl\/flamenco-biennale-sevilla-2026.html\"><span class=\"w-btn-label\">Complete gids voor de Bi\u00ebnnale 2026<\/span><\/a><\/div><div class=\"w-btn-wrapper align_none\"><a class=\"w-btn us-btn-style_1\" href=\"https:\/\/www.tablaosflamencos.com\/nl\/unieke-avonden-flamenco-biennale-sevilla-2026.html\"><span class=\"w-btn-label\">Unieke Avonden van de Bi\u00ebnnale<\/span><\/a><\/div><\/div><\/div><\/div><\/div><\/div><\/div><\/section><section class=\"l-section wpb_row height_huge\"><div class=\"l-section-h i-cf\"><div class=\"g-cols vc_row via_flex valign_top type_default stacking_default\"><div class=\"vc_col-sm-3 wpb_column vc_column_container\"><div class=\"vc_column-inner\"><div class=\"wpb_wrapper\"><\/div><\/div><\/div><div class=\"vc_col-sm-6 wpb_column vc_column_container\"><div class=\"vc_column-inner\"><div class=\"wpb_wrapper\"><div class=\"wpb_text_column\"><div class=\"wpb_wrapper\"><h2>Inhoud van deze gids<\/h2>\n<ul>\n<li><a href=\"#clausura\">Waarom deze afsluiting een bijzondere betekenis heeft<\/a><\/li>\n<li><a href=\"#antologia\">30 jaar <em>Antolog\u00eda de la mujer en el cante<\/em><\/a><\/li>\n<li><a href=\"#artistas\">De gastartiesten<\/a><\/li>\n<li><a href=\"#programa\">Wat er wordt gezongen in <em>Perlas a millares<\/em><\/a><\/li>\n<li><a href=\"#equipo\">Artistiek en muzikaal team<\/a><\/li>\n<li><a href=\"#maestranza\">Het Teatro de la Maestranza als decor voor de afsluiting<\/a><\/li>\n<li><a href=\"#entradas\">Tickets en praktische tips<\/a><\/li>\n<li><a href=\"#faq\">Veelgestelde vragen<\/a><\/li>\n<\/ul>\n<\/div><\/div><\/div><\/div><\/div><div class=\"vc_col-sm-3 wpb_column vc_column_container\"><div class=\"vc_column-inner\"><div class=\"wpb_wrapper\"><\/div><\/div><\/div><\/div><\/div><\/section><section class=\"l-section wpb_row height_huge color_alternate with_shape\"><div class=\"l-section-shape type_zigzag pos_top\" style=\"height:3vmin;\"><svg xmlns=\"http:\/\/www.w3.org\/2000\/svg\" viewBox=\"0 0 64 8\" preserveAspectRatio=\"none\" width=\"100%\" height=\"100%\">\r\n\t<path fill=\"currentColor\" d=\"M64 8 L0 8 L0 0 L20 7.9 L40 3 L48 5 L64 0 Z\"\/>\r\n<\/svg><\/div><div class=\"l-section-shape type_zigzag pos_bottom\" style=\"height:3vmin;\"><svg xmlns=\"http:\/\/www.w3.org\/2000\/svg\" viewBox=\"0 0 64 8\" preserveAspectRatio=\"none\" width=\"100%\" height=\"100%\">\r\n\t<path fill=\"currentColor\" d=\"M64 8 L0 8 L0 0 L20 7.9 L40 3 L48 5 L64 0 Z\"\/>\r\n<\/svg><\/div><div class=\"l-section-h i-cf\"><div class=\"g-cols vc_row via_flex valign_top type_default stacking_default\"><div class=\"vc_col-sm-6 wpb_column vc_column_container\"><div class=\"vc_column-inner\"><div class=\"wpb_wrapper\"><div class=\"wpb_text_column\"><div class=\"wpb_wrapper\"><h2 id=\"clausura\">Een afsluiting in het teken van herinnering<\/h2>\n<p>De keuze voor Carmen Linares als afsluiter van de Bi\u00ebnnale 2026 heeft een betekenis die verder gaat dan alleen de reputatie van haar naam. De zangeres behoort tot een generatie die van doorslaggevend belang was voor de modernisering en internationale uitstraling van de flamenco, en haar loopbaan liep parallel aan enkele van de belangrijkste hoofdstukken van het genre in de afgelopen decennia.<\/p>\n<p>De slotavond volgt bovendien op een editie waarin de zang een bijzonder belangrijke plaats inneemt. De Bi\u00ebnnale zelf heeft gewezen op de aanwezigheid van meer dan honderd stemmen in het programma, van grote meesters tot jonge artiesten. Dat de laatste avond aan Carmen Linares is toevertrouwd, onderstreept het idee van continu\u00efteit: een historische figuur die ruimte maakt en repertoire deelt met artiesten uit verschillende generaties.<\/p>\n<p><em>Perlas a millares<\/em> functioneert zo zowel als festivalfinale als een gebaar van overdracht. Het gaat niet simpelweg om het opnieuw bekijken van een oud album: de voorstelling keert terug naar een repertoire dat is opgebouwd uit de stemmen en stijlen van belangrijke vrouwen in de flamenco en brengt dat opnieuw naar een groot hedendaags podium.<\/p>\n<\/div><\/div><\/div><\/div><\/div><div class=\"vc_col-sm-6 wpb_column vc_column_container\"><div class=\"vc_column-inner\"><div class=\"wpb_wrapper\"><div class=\"wpb_text_column\"><div class=\"wpb_wrapper\"><h3>De laatste grote act van de 24e Bi\u00ebnnale<\/h3>\n<p>De voorstelling op 3 oktober is het laatste evenement van het algemene programma. Een dag eerder zal de Bi\u00ebnnale haar laatste premi\u00e8res op andere locaties in de stad hebben gepresenteerd; de avond erna concentreert het Maestranza de institutionele en artistieke afsluiting van de editie.<\/p>\n<p>Daarom is de voorstelling opgenomen in de reeks <strong>Unieke Avonden<\/strong>, waarin producties worden samengebracht die als eenmalige gebeurtenissen zijn bedacht. In dit geval rust het uitzonderlijke karakter op het jubileum, de samenkomst van artiesten en het historische gewicht van het repertoire.<\/p>\n<\/div><\/div><\/div><\/div><\/div><\/div><\/div><\/section><section class=\"l-section wpb_row height_huge\"><div class=\"l-section-h i-cf\"><div class=\"g-cols vc_row via_flex valign_top type_default stacking_default\"><div class=\"vc_col-sm-6 wpb_column vc_column_container\"><div class=\"vc_column-inner\"><div class=\"wpb_wrapper\"><div class=\"wpb_text_column\"><div class=\"wpb_wrapper\"><h2 id=\"antologia\">30 jaar <em>Antolog\u00eda de la mujer en el cante<\/em><\/h2>\n<p>In 1996 bracht Carmen Linares <em>Antolog\u00eda de la mujer en el cante<\/em>uit, een project dat repertoires van grote zangeressen uit de flamencogeschiedenis herontdekte en opnieuw interpreteerde. De opname verscheen in een bijzonder vruchtbare periode voor de flamenco, waarin sterke artistieke vernieuwing samengaat met een steeds bewustere blik op het discografische geheugen en de traditie.<\/p>\n<p>De Bi\u00ebnnale herinnert eraan dat gitaristen als <strong>Vicente Amigo, Tomatito, Rafael Riqueni en Mora\u00edto<\/strong>aan het album meewerkten. Het album groeide uit tot een centraal referentiepunt in de discografie van Carmen Linares en tot een van de meest aangehaalde werken wanneer het gaat over de rol van vrouwen in de geschiedenis van de flamencozang.<\/p>\n<p>Dertig jaar later keert <em>Perlas a millares<\/em> terug naar dat materiaal, niet als een letterlijke reconstructie maar als een theatraal eerbetoon. Carmen Linares selecteert essenti\u00eble stijlen uit het album en deelt die met hedendaagse stemmen die verschillende richtingen binnen de flamenco vertegenwoordigen.<\/p>\n<\/div><\/div><\/div><\/div><\/div><div class=\"vc_col-sm-6 wpb_column vc_column_container\"><div class=\"vc_column-inner\"><div class=\"wpb_wrapper\"><div class=\"wpb_text_column\"><div class=\"wpb_wrapper\"><h3>Waarom was dat album belangrijk?<\/h3>\n<p>De waarde van het werk ligt zowel in het repertoire als in het concept. De anthologie vestigde de aandacht op zangeressen en makers die vaak verspreid waren gebleven in de mondelinge overlevering, historische opnamen of specialistische bronnen.<\/p>\n<p>Namen als <strong>Ni\u00f1a de los Peines, La Mejorana, La Trini, La Serneta, La Repompa of Perla de C\u00e1diz<\/strong> werden binnen \u00e9\u00e9n artistiek verhaal met elkaar verbonden. Carmen Linares citeerde die repertoires niet alleen, maar herinterpreteerde ze vanuit haar eigen persoonlijkheid en hielp nieuwe generaties om ze opnieuw te beluisteren en te bestuderen.<\/p>\n<p>De viering van het 30-jarig jubileum op de Bi\u00ebnnale plaatst die vrouwelijke genealogie opnieuw centraal.<\/p>\n<\/div><\/div><\/div><\/div><\/div><\/div><\/div><\/section><section class=\"l-section wpb_row height_huge color_alternate with_shape\"><div class=\"l-section-shape type_zigzag pos_top\" style=\"height:3vmin;\"><svg xmlns=\"http:\/\/www.w3.org\/2000\/svg\" viewBox=\"0 0 64 8\" preserveAspectRatio=\"none\" width=\"100%\" height=\"100%\">\r\n\t<path fill=\"currentColor\" d=\"M64 8 L0 8 L0 0 L20 7.9 L40 3 L48 5 L64 0 Z\"\/>\r\n<\/svg><\/div><div class=\"l-section-shape type_zigzag pos_bottom\" style=\"height:3vmin;\"><svg xmlns=\"http:\/\/www.w3.org\/2000\/svg\" viewBox=\"0 0 64 8\" preserveAspectRatio=\"none\" width=\"100%\" height=\"100%\">\r\n\t<path fill=\"currentColor\" d=\"M64 8 L0 8 L0 0 L20 7.9 L40 3 L48 5 L64 0 Z\"\/>\r\n<\/svg><\/div><div class=\"l-section-h i-cf\"><div class=\"g-cols vc_row via_flex valign_top type_default stacking_default\"><div class=\"vc_col-sm-12 wpb_column vc_column_container\"><div class=\"vc_column-inner\"><div class=\"wpb_wrapper\"><div class=\"wpb_text_column\"><div class=\"wpb_wrapper\"><h2 id=\"artistas\">Carmen Linares met Marina Heredia, Mar\u00eda Terremoto, Roc\u00edo Luna en Rafaela Carrasco<\/h2>\n<p>Een van de grootste aantrekkingskrachten van <em>Perlas a millares<\/em> is de samenkomst van artiesten. Carmen Linares staat centraal, maar de voorstelling is opgezet als een dialoog tussen generaties.<\/p>\n<p><strong>Marina Heredia<\/strong> brengt een van de meest herkenbare stemmen van de hedendaagse flamenco en komt naar de slotavond nadat ze op 1 oktober haar eigen concert met de Real Orquesta Sinf\u00f3nica de Sevilla heeft gegeven. <strong>Mar\u00eda Terremoto<\/strong> vertegenwoordigt een lijn die rechtstreeks verbonden is met de zangtraditie van Jerez. <strong>Roc\u00edo Luna<\/strong>, winnares van de L\u00e1mpara Minera in 2023, vertegenwoordigt een nog jongere generatie en deelt in deze editie het podium met een van de grote meesters van de flamencozang.<\/p>\n<p>De dans wordt verzorgd door <strong>Rafaela Carrasco<\/strong>, choreografe en danseres met een lange carri\u00e8re, wier aanwezigheid de voorstelling verder brengt dan het formaat van een recital. De ontmoeting tussen zang, gitaar en dans versterkt het idee van een levende anthologie, vertaald naar de podiumtaal van 2026.<\/p>\n<\/div><\/div><\/div><\/div><\/div><\/div><\/div><\/section><section class=\"l-section wpb_row height_huge\"><div class=\"l-section-h i-cf\"><div class=\"g-cols vc_row via_flex valign_top type_default stacking_default\"><div class=\"vc_col-sm-6 wpb_column vc_column_container\"><div class=\"vc_column-inner\"><div class=\"wpb_wrapper\"><div class=\"wpb_text_column\"><div class=\"wpb_wrapper\"><h2 id=\"programa\">Het programma: een reis langs stijlen en historische zangeressen<\/h2>\n<p>Het offici\u00eble programma van de Bi\u00ebnnale beschrijft een bijzonder brede reis. Het repertoire omvat <strong>fandangos uit Lucena en ronde\u00f1a<\/strong>, verbonden met Dolores de la Huerta en Concha la Pe\u00f1aranda; <strong>alegr\u00edas en cantinas<\/strong> geassocieerd met Ni\u00f1a de los Peines, La Mejorana en Rosario la del Colorao; en <strong>tientos<\/strong> uit de kring van Pastora Pav\u00f3n.<\/p>\n<p>Er zijn ook <strong>bamberas en fandangos uit Huelva<\/strong>, een instrumentaal gedeelte, <strong>grana\u00edna, malague\u00f1a en taranta<\/strong>, evenals <strong>buler\u00eda por sole\u00e1<\/strong>, tangos, seguiriyas, buler\u00edas en ton\u00e1s.<\/p>\n<p>Het programma probeert niet alle flamencopalos te vertegenwoordigen, maar herneemt een selectie van stijlen die verbonden zijn met vrouwen die een beslissende stempel op de zang hebben gedrukt. De variatie geeft de gastartiesten bovendien verschillende plekken binnen de voorstelling.<\/p>\n<\/div><\/div><\/div><\/div><\/div><div class=\"vc_col-sm-6 wpb_column vc_column_container\"><div class=\"vc_column-inner\"><div class=\"wpb_wrapper\"><div class=\"wpb_text_column\"><div class=\"wpb_wrapper\"><h3>Enkele vrouwelijke referenties uit het repertoire<\/h3>\n<ul>\n<li>Ni\u00f1a de los Peines<\/li>\n<li>La Mejorana<\/li>\n<li>Rosario la del Colorao<\/li>\n<li>Mar\u00eda la Conejilla<\/li>\n<li>Juana Mar\u00eda<\/li>\n<li>T\u00eda Marina Habichuela<\/li>\n<li>La Trini<\/li>\n<li>La Serneta<\/li>\n<li>La Moreno<\/li>\n<li>La Jilica de Marchena<\/li>\n<li>La Repompa<\/li>\n<li>Perla de C\u00e1diz<\/li>\n<li>Antonia Pozo<\/li>\n<li>Juana Cruz<\/li>\n<\/ul>\n<p>De titel <em>Perlas a millares<\/em> past bijzonder goed bij een voorstelling die juist uit deze optelsom van stemmen, stijlen en herinneringen is opgebouwd.<\/p>\n<\/div><\/div><\/div><\/div><\/div><\/div><\/div><\/section><section class=\"l-section wpb_row height_huge color_alternate with_shape\"><div class=\"l-section-shape type_zigzag pos_top\" style=\"height:3vmin;\"><svg xmlns=\"http:\/\/www.w3.org\/2000\/svg\" viewBox=\"0 0 64 8\" preserveAspectRatio=\"none\" width=\"100%\" height=\"100%\">\r\n\t<path fill=\"currentColor\" d=\"M64 8 L0 8 L0 0 L20 7.9 L40 3 L48 5 L64 0 Z\"\/>\r\n<\/svg><\/div><div class=\"l-section-shape type_zigzag pos_bottom\" style=\"height:3vmin;\"><svg xmlns=\"http:\/\/www.w3.org\/2000\/svg\" viewBox=\"0 0 64 8\" preserveAspectRatio=\"none\" width=\"100%\" height=\"100%\">\r\n\t<path fill=\"currentColor\" d=\"M64 8 L0 8 L0 0 L20 7.9 L40 3 L48 5 L64 0 Z\"\/>\r\n<\/svg><\/div><div class=\"l-section-h i-cf\"><div class=\"g-cols vc_row via_flex valign_top type_default stacking_default\"><div class=\"vc_col-sm-6 wpb_column vc_column_container\"><div class=\"vc_column-inner\"><div class=\"wpb_wrapper\"><div class=\"wpb_text_column\"><div class=\"wpb_wrapper\"><h2 id=\"equipo\">Het muzikale team van <em>Perlas a millares<\/em><\/h2>\n<p>De muzikale leiding is in handen van <strong>Carmen Linares<\/strong>. Op gitaar spelen <strong>Salvador Guti\u00e9rrez<\/strong> en <strong>Edu Esp\u00edn<\/strong>; <strong>Pablo Su\u00e1rez<\/strong> verzorgt de piano en <strong>Dani Su\u00e1rez<\/strong> de percussie.<\/p>\n<p>De koorzang en palmas worden verzorgd door <strong>Ana Mar\u00eda Gonz\u00e1lez<\/strong> en <strong>Rosario Amador<\/strong>. Het geluidsontwerp is van \u00c1lvaro Barco en Miguel Torroja, terwijl de belichting wordt verzorgd door Antonio Valiente. Lourdes Garc\u00eda tekent voor de productie en <strong>Miguel Esp\u00edn Pacheco<\/strong> voor de artistieke co\u00f6rdinatie.<\/p>\n<p>Het is een team dat een grootschalige voorstelling kan dragen zonder het zwaartepunt van het project uit het oog te verliezen: de zang en het geheugen van dit repertoire.<\/p>\n<\/div><\/div><\/div><\/div><\/div><div class=\"vc_col-sm-6 wpb_column vc_column_container\"><div class=\"vc_column-inner\"><div class=\"wpb_wrapper\"><div class=\"wpb_text_column\"><div class=\"wpb_wrapper\"><h2 id=\"maestranza\">Het Teatro de la Maestranza, podium van de afsluiting<\/h2>\n<p>Het <strong>Teatro de la Maestranza<\/strong> is een van de belangrijkste locaties van de Bi\u00ebnnale 2026. Sara Baras, Jos\u00e9 Merc\u00e9, Israel Galv\u00e1n, Farruquito, Marina Heredia en andere namen staan er op het podium voordat Carmen Linares de editie afsluit.<\/p>\n<p>De technische mogelijkheden en schaal van het theater maken producties mogelijk die een grote speelvloer, complexe belichting en een sterke akoestische respons nodig hebben. Voor een slotavond als <em>Perlas a millares<\/em>voegt de locatie bovendien een ceremoni\u00eble dimensie toe die past bij het karakter van eerbetoon en afsluiting.<\/p>\n<p>Wil je deze zaal vergelijken met andere podia uit het programma, bekijk dan onze gids met de <a href=\"https:\/\/www.tablaosflamencos.com\/espacios-espectaculares-bienal-flamenco-sevilla-2026.html\">spectaculairste locaties van de Bi\u00ebnnale 2026<\/a>.<\/p>\n<\/div><\/div><\/div><\/div><\/div><\/div><\/div><\/section><section class=\"l-section wpb_row height_huge\"><div class=\"l-section-h i-cf\"><div class=\"g-cols vc_row via_flex valign_top type_default stacking_default\"><div class=\"vc_col-sm-12 wpb_column vc_column_container\"><div class=\"vc_column-inner\"><div class=\"wpb_wrapper\"><div class=\"wpb_text_column\"><div class=\"wpb_wrapper\"><h2 id=\"entradas\">Tickets en tips voor de slotavond<\/h2>\n<p>De voorstelling staat gepland voor <strong>zaterdag 3 oktober om 20:00<\/strong>. Omdat dit de afsluiting en een Unieke Avond is, is het verstandig de aankoop niet tot het laatste moment uit te stellen.<\/p>\n<p>De vraag naar verschillende belangrijke voorstellingen van de Bi\u00ebnnale is zeer groot geweest en het Teatro de la Maestranza huisvest enkele evenementen met een grote publieks aantrekkingskracht. Controleer v\u00f3\u00f3r aankoop altijd de actuele beschikbaarheid en het specifieke zaalvak via de offici\u00eble kanalen.<\/p>\n<p>Voor een vergelijking van prijzen, kortingen en verkoopvoorwaarden kun je onze gids raadplegen over <a href=\"https:\/\/www.tablaosflamencos.com\/bienal-flamenco-2026-entradas-precios-descuentos.html\">tickets, prijzen en kortingen voor de Bi\u00ebnnale 2026<\/a>. Als een bepaalde voorstelling is uitverkocht, hebben we ook een gids opgesteld over <a href=\"https:\/\/www.tablaosflamencos.com\/bienal-flamenco-2026-entradas-agotadas-que-ver.html\">wat je kunt doen als je geen tickets voor de Bi\u00ebnnale kunt vinden<\/a>.<\/p>\n<p>En als je de avond in Sevilla wilt voortzetten, kun je ook onze selectie bekijken om <a href=\"https:\/\/www.tablaosflamencos.com\/flamenco-en-sevilla\">flamenco in Sevilla te zien<\/a> buiten het offici\u00eble festivalprogramma.<\/p>\n<\/div><\/div><div class=\"w-separator size_medium\"><\/div><div class=\"w-hwrapper valign_top wrap stack_on_mobiles align_center\" style=\"--hwrapper-gap:1.2rem\"><div class=\"w-btn-wrapper align_none\"><a class=\"w-btn us-btn-style_1\" href=\"https:\/\/www.tablaosflamencos.com\/nl\/flamencobiennale-sevilla-2026-tickets-prijzen-kortingen.html\"><span class=\"w-btn-label\">Tickets, prijzen en kortingen<\/span><\/a><\/div><div class=\"w-btn-wrapper align_none\"><a class=\"w-btn us-btn-style_1\" href=\"https:\/\/www.tablaosflamencos.com\/nl\/flamenco-in-sevilla\"><span class=\"w-btn-label\">Flamenco in Sevilla zien<\/span><\/a><\/div><\/div><\/div><\/div><\/div><\/div><\/div><\/section><section class=\"l-section wpb_row height_huge color_alternate with_shape\"><div class=\"l-section-shape type_zigzag pos_top\" style=\"height:3vmin;\"><svg xmlns=\"http:\/\/www.w3.org\/2000\/svg\" viewBox=\"0 0 64 8\" preserveAspectRatio=\"none\" width=\"100%\" height=\"100%\">\r\n\t<path fill=\"currentColor\" d=\"M64 8 L0 8 L0 0 L20 7.9 L40 3 L48 5 L64 0 Z\"\/>\r\n<\/svg><\/div><div class=\"l-section-shape type_zigzag pos_bottom\" style=\"height:3vmin;\"><svg xmlns=\"http:\/\/www.w3.org\/2000\/svg\" viewBox=\"0 0 64 8\" preserveAspectRatio=\"none\" width=\"100%\" height=\"100%\">\r\n\t<path fill=\"currentColor\" d=\"M64 8 L0 8 L0 0 L20 7.9 L40 3 L48 5 L64 0 Z\"\/>\r\n<\/svg><\/div><div class=\"l-section-h i-cf\"><div class=\"g-cols vc_row via_flex valign_top type_default stacking_default\"><div class=\"vc_col-sm-12 wpb_column vc_column_container\"><div class=\"vc_column-inner\"><div class=\"wpb_wrapper\"><div class=\"wpb_text_column\"><div class=\"wpb_wrapper\"><h2 style=\"text-align: center;\">Een passende manier om de Bi\u00ebnnale af te sluiten<\/h2>\n<p style=\"text-align: center;\">De afsluiting van 2026 is niet bedoeld als samenvatting van de editie, maar als een zelfstandige artistieke verklaring. Carmen Linares keert terug naar het album dat haar carri\u00e8re veranderde en maakt er een collectieve viering van van de vrouwen die een essentieel deel van de flamencozang hebben gevormd.<\/p>\n<p style=\"text-align: center;\">De aanwezigheid van Marina Heredia, Mar\u00eda Terremoto, Roc\u00edo Luna en Rafaela Carrasco voorkomt dat het eerbetoon in nostalgie blijft steken. Het resultaat wil iets anders laten zien: hoe een historisch repertoire van de ene generatie op de andere kan worden doorgegeven zonder diepgang of identiteit te verliezen.<\/p>\n<p style=\"text-align: center;\">Na bijna een maand programmering zal <em>Perlas a millares<\/em> de laatste comp\u00e1s van de 24e Bi\u00ebnnale laten klinken. En dat gebeurt door terug te kijken om juist te verklaren waarom dat verleden in de flamenco van vandaag levend blijft.<\/p>\n<\/div><\/div><\/div><\/div><\/div><\/div><\/div><\/section><section class=\"l-section wpb_row height_huge\"><div class=\"l-section-h i-cf\"><div class=\"g-cols vc_row via_flex valign_top type_default stacking_default\"><div class=\"vc_col-sm-1\/5 wpb_column vc_column_container\"><div class=\"vc_column-inner\"><div class=\"wpb_wrapper\"><\/div><\/div><\/div><div class=\"vc_col-sm-3\/5 wpb_column vc_column_container\"><div class=\"vc_column-inner\"><div class=\"wpb_wrapper\"><div class=\"wpb_text_column\"><div class=\"wpb_wrapper\"><h2 id=\"faq\" style=\"text-align: center;\">Veelgestelde vragen over Carmen Linares en <em>Perlas a millares<\/em><\/h2>\n<\/div><\/div><div class=\"w-separator size_medium\"><\/div><div class=\"w-tabs accordion toggle_style_1 has_scrolling\" style=\"--sections-title-size:inherit;--sections-gap:0.5rem;\"><div class=\"w-tabs-sections titles-align_none icon_chevron cpos_right\"><div class=\"w-tabs-section\" id=\"o4b5\"><button type=\"button\" class=\"w-tabs-section-header\" aria-controls=\"content-o4b5\" aria-expanded=\"false\"><div class=\"w-tabs-section-title\">Wanneer treedt Carmen Linares op tijdens de Bi\u00ebnnale 2026?<\/div><div class=\"w-tabs-section-control\"><\/div><\/button><div  class=\"w-tabs-section-content\" id=\"content-o4b5\"><div class=\"w-tabs-section-content-h i-cf\"><div class=\"wpb_text_column\"><div class=\"wpb_wrapper\"><p>Carmen Linares treedt op zaterdag 3 oktober 2026 om 20:00 op in het Teatro de la Maestranza.<\/p>\n<\/div><\/div><\/div><\/div><\/div><div class=\"w-tabs-section\" id=\"k5c0\"><button type=\"button\" class=\"w-tabs-section-header\" aria-controls=\"content-k5c0\" aria-expanded=\"false\"><div class=\"w-tabs-section-title\">Is Perlas a millares de afsluitende voorstelling van de Bi\u00ebnnale?<\/div><div class=\"w-tabs-section-control\"><\/div><\/button><div  class=\"w-tabs-section-content\" id=\"content-k5c0\"><div class=\"w-tabs-section-content-h i-cf\"><div class=\"wpb_text_column\"><div class=\"wpb_wrapper\"><p>Ja. Het is het laatste evenement van het algemene programma en de Bi\u00ebnnale presenteert het als de afsluitende voorstelling van de 24e editie.<\/p>\n<\/div><\/div><\/div><\/div><\/div><div class=\"w-tabs-section\" id=\"i6ac\"><button type=\"button\" class=\"w-tabs-section-header\" aria-controls=\"content-i6ac\" aria-expanded=\"false\"><div class=\"w-tabs-section-title\">Wat viert Perlas a millares?<\/div><div class=\"w-tabs-section-control\"><\/div><\/button><div  class=\"w-tabs-section-content\" id=\"content-i6ac\"><div class=\"w-tabs-section-content-h i-cf\"><div class=\"wpb_text_column\"><div class=\"wpb_wrapper\"><p>De voorstelling viert het 30-jarig jubileum van <em>Antolog\u00eda de la mujer en el cante<\/em>, het album dat Carmen Linares in 1996 uitbracht.<\/p>\n<\/div><\/div><\/div><\/div><\/div><div class=\"w-tabs-section\" id=\"h78d\"><button type=\"button\" class=\"w-tabs-section-header\" aria-controls=\"content-h78d\" aria-expanded=\"false\"><div class=\"w-tabs-section-title\">Welke artiesten begeleiden Carmen Linares?<\/div><div class=\"w-tabs-section-control\"><\/div><\/button><div  class=\"w-tabs-section-content\" id=\"content-h78d\"><div class=\"w-tabs-section-content-h i-cf\"><div class=\"wpb_text_column\"><div class=\"wpb_wrapper\"><p>Marina Heredia, Mar\u00eda Terremoto en Roc\u00edo Luna nemen deel als gastzangeressen, en Rafaela Carrasco verzorgt de dans.<\/p>\n<\/div><\/div><\/div><\/div><\/div><div class=\"w-tabs-section\" id=\"d858\"><button type=\"button\" class=\"w-tabs-section-header\" aria-controls=\"content-d858\" aria-expanded=\"false\"><div class=\"w-tabs-section-title\">Welke flamencopalos staan op het programma?<\/div><div class=\"w-tabs-section-control\"><\/div><\/button><div  class=\"w-tabs-section-content\" id=\"content-d858\"><div class=\"w-tabs-section-content-h i-cf\"><div class=\"wpb_text_column\"><div class=\"wpb_wrapper\"><p>Het programma omvat onder meer fandangos, ronde\u00f1a, alegr\u00edas, cantinas, tientos, bamberas, grana\u00edna, malague\u00f1a, taranta, buler\u00eda por sole\u00e1, tangos, seguiriyas, buler\u00edas en ton\u00e1s.<\/p>\n<\/div><\/div><\/div><\/div><\/div><div class=\"w-tabs-section\" id=\"e92d\"><button type=\"button\" class=\"w-tabs-section-header\" aria-controls=\"content-e92d\" aria-expanded=\"false\"><div class=\"w-tabs-section-title\">Waar vindt de voorstelling plaats?<\/div><div class=\"w-tabs-section-control\"><\/div><\/button><div  class=\"w-tabs-section-content\" id=\"content-e92d\"><div class=\"w-tabs-section-content-h i-cf\"><div class=\"wpb_text_column\"><div class=\"wpb_wrapper\"><p>In het Teatro de la Maestranza in Sevilla, een van de belangrijkste grote podia van de Bi\u00ebnnale 2026.<\/p>\n<\/div><\/div><\/div><\/div><\/div><div class=\"w-tabs-section\" id=\"aa0c\"><button type=\"button\" class=\"w-tabs-section-header\" aria-controls=\"content-aa0c\" aria-expanded=\"false\"><div class=\"w-tabs-section-title\">Is het een Unieke Avond?<\/div><div class=\"w-tabs-section-control\"><\/div><\/button><div  class=\"w-tabs-section-content\" id=\"content-aa0c\"><div class=\"w-tabs-section-content-h i-cf\"><div class=\"wpb_text_column\"><div class=\"wpb_wrapper\"><p>Ja. De Bi\u00ebnnale neemt <em>Perlas a millares<\/em> op in het programma van de Unieke Avonden.<\/p>\n<\/div><\/div><\/div><\/div><\/div><div class=\"w-tabs-section\" id=\"madd\"><button type=\"button\" class=\"w-tabs-section-header\" aria-controls=\"content-madd\" aria-expanded=\"false\"><div class=\"w-tabs-section-title\">Waar kun je tickets kopen?<\/div><div class=\"w-tabs-section-control\"><\/div><\/button><div  class=\"w-tabs-section-content\" id=\"content-madd\"><div class=\"w-tabs-section-content-h i-cf\"><div class=\"wpb_text_column\"><div class=\"wpb_wrapper\"><p>Tickets moeten worden gekocht via de offici\u00eble kanalen van de Bi\u00ebnnale en het Teatro de la Maestranza. Controleer beschikbaarheid en prijzen voordat je vertrekt.<\/p>\n<\/div><\/div><\/div><\/div><\/div><\/div><\/div><\/div><\/div><\/div><div class=\"vc_col-sm-1\/5 wpb_column vc_column_container\"><div class=\"vc_column-inner\"><div class=\"wpb_wrapper\"><\/div><\/div><\/div><\/div><\/div><\/section><section class=\"l-section wpb_row height_huge\"><div class=\"l-section-h i-cf\"><div class=\"g-cols vc_row via_flex valign_top type_default stacking_default\"><div class=\"vc_col-sm-12 wpb_column vc_column_container\"><div class=\"vc_column-inner\"><div class=\"wpb_wrapper\"><div class=\"wpb_text_column\"><div class=\"wpb_wrapper\"><h3>Bronnen en update<\/h3>\n<p>De informatie is gecontroleerd aan de hand van het offici\u00eble programma van de 24e Flamencobi\u00ebnnale van Sevilla en de pagina van <em>Perlas a millares<\/em>. Gegevens gecontroleerd op 2 september 2026. De organisatie kan tijden, beschikbaarheid of productiedetails wijzigen.<\/p>\n<\/div><\/div><\/div><\/div><\/div><\/div><\/div><\/section>\n","protected":false},"excerpt":{"rendered":"<p>Carmen Linares sluit de Flamencobi\u00ebnnale van Sevilla 2026 af met Perlas a millares, een unieke avond voor 30 jaar Antolog\u00eda de la mujer en el cante.<\/p>\n","protected":false},"author":1,"featured_media":14103,"comment_status":"closed","ping_status":"closed","sticky":false,"template":"","format":"standard","meta":{"_acf_changed":false,"wpai_generated_summary":"","_ayudawp_aiss_exclude":false,"_ayudawp_aiss_exclude_summary":false,"_ayudawp_aiss_summary":"","_ayudawp_aiss_summary_provider":"","_ayudawp_aiss_summary_hash":"","footnotes":""},"categories":[1432],"tags":[1227,1228,1229,1898,1230,1133,1419,423],"class_list":["post-14111","post","type-post","status-publish","format-standard","has-post-thumbnail","hentry","category-flamencobiennale","tag-agenda-flamenca","tag-bienal-2026","tag-bienal-de-flamenco","tag-carmen-linares-nl","tag-festivales-flamencos","tag-flamenco-en-sevilla","tag-flamencozang","tag-sevilla"],"acf":[],"yoast_head":"<!-- This site is optimized with the Yoast SEO Premium plugin v28.4 (Yoast SEO v28.4) - https:\/\/yoast.com\/product\/yoast-seo-premium-wordpress\/ -->\n<title>Carmen Linares op de Bi\u00ebnnale 2026: Perlas a millares<\/title>\n<meta name=\"description\" content=\"Carmen Linares sluit de Flamencobi\u00ebnnale Sevilla 2026 af met Perlas a millares: datum, artiesten, programma, 30-jarig jubileum en tickets.\" \/>\n<meta name=\"robots\" content=\"index, follow, max-snippet:-1, max-image-preview:large, max-video-preview:-1\" \/>\n<link rel=\"canonical\" href=\"https:\/\/www.tablaosflamencos.com\/nl\/carmen-linares-flamencobiennale-sevilla-2026-perlas-a-millares.html\" \/>\n<meta property=\"og:locale\" content=\"nl_NL\" \/>\n<meta property=\"og:type\" content=\"article\" \/>\n<meta property=\"og:title\" content=\"Carmen Linares sluit de Bi\u00ebnnale 2026 af: Perlas a millares\" \/>\n<meta property=\"og:description\" content=\"Carmen Linares sluit de Flamencobi\u00ebnnale Sevilla 2026 af met Perlas a millares: datum, artiesten, programma, 30-jarig jubileum en tickets.\" \/>\n<meta property=\"og:url\" content=\"https:\/\/www.tablaosflamencos.com\/nl\/carmen-linares-flamencobiennale-sevilla-2026-perlas-a-millares.html\" \/>\n<meta property=\"og:site_name\" content=\"Tablaos Flamencos\" \/>\n<meta property=\"article:publisher\" content=\"https:\/\/www.facebook.com\/tablaosflamencos\" \/>\n<meta property=\"article:published_time\" content=\"2026-09-02T23:13:43+00:00\" \/>\n<meta property=\"article:modified_time\" content=\"2026-09-02T23:33:11+00:00\" \/>\n<meta property=\"og:image\" content=\"https:\/\/www.tablaosflamencos.com\/wp-content\/uploads\/carmen-linares-cerrara-la-bienal-2026-perlas-a-millares-01.webp\" \/>\n\t<meta property=\"og:image:width\" content=\"1672\" \/>\n\t<meta property=\"og:image:height\" content=\"941\" \/>\n\t<meta property=\"og:image:type\" content=\"image\/webp\" \/>\n<meta name=\"author\" content=\"Miguel Ortiz\" \/>\n<meta name=\"twitter:card\" content=\"summary_large_image\" \/>\n<meta name=\"twitter:creator\" content=\"@tablaosflamenco\" \/>\n<meta name=\"twitter:site\" content=\"@tablaosflamenco\" \/>\n<meta name=\"twitter:label1\" content=\"Geschreven door\" \/>\n\t<meta name=\"twitter:data1\" content=\"Miguel Ortiz\" \/>\n\t<meta name=\"twitter:label2\" content=\"Geschatte leestijd\" \/>\n\t<meta name=\"twitter:data2\" content=\"14 minuten\" \/>\n<script type=\"application\/ld+json\" class=\"yoast-schema-graph\">{\"@context\":\"https:\\\/\\\/schema.org\",\"@graph\":[{\"@type\":\"Article\",\"@id\":\"https:\\\/\\\/www.tablaosflamencos.com\\\/nl\\\/carmen-linares-flamencobiennale-sevilla-2026-perlas-a-millares.html#article\",\"isPartOf\":{\"@id\":\"https:\\\/\\\/www.tablaosflamencos.com\\\/nl\\\/carmen-linares-flamencobiennale-sevilla-2026-perlas-a-millares.html\"},\"author\":{\"name\":\"Miguel Ortiz\",\"@id\":\"https:\\\/\\\/www.tablaosflamencos.com\\\/nl#\\\/schema\\\/person\\\/e7a9ebe14eb75a52ceabfbffb3c54f5d\"},\"headline\":\"Carmen Linares sluit de Bi\u00ebnnale 2026 af: Perlas a millares\",\"datePublished\":\"2026-09-02T23:13:43+00:00\",\"dateModified\":\"2026-09-02T23:33:11+00:00\",\"mainEntityOfPage\":{\"@id\":\"https:\\\/\\\/www.tablaosflamencos.com\\\/nl\\\/carmen-linares-flamencobiennale-sevilla-2026-perlas-a-millares.html\"},\"wordCount\":2734,\"publisher\":{\"@id\":\"https:\\\/\\\/www.tablaosflamencos.com\\\/nl#organization\"},\"image\":{\"@id\":\"https:\\\/\\\/www.tablaosflamencos.com\\\/nl\\\/carmen-linares-flamencobiennale-sevilla-2026-perlas-a-millares.html#primaryimage\"},\"thumbnailUrl\":\"https:\\\/\\\/www.tablaosflamencos.com\\\/wp-content\\\/uploads\\\/carmen-linares-cerrara-la-bienal-2026-perlas-a-millares-01.webp\",\"keywords\":[\"agenda flamenca\",\"Bienal 2026\",\"Bienal de Flamenco\",\"Carmen Linares\",\"festivales flamencos\",\"flamenco en Sevilla\",\"flamencozang\",\"sevilla\"],\"articleSection\":[\"Flamencobi\u00ebnnale\"],\"inLanguage\":\"nl-NL\"},{\"@type\":\"WebPage\",\"@id\":\"https:\\\/\\\/www.tablaosflamencos.com\\\/nl\\\/carmen-linares-flamencobiennale-sevilla-2026-perlas-a-millares.html\",\"url\":\"https:\\\/\\\/www.tablaosflamencos.com\\\/nl\\\/carmen-linares-flamencobiennale-sevilla-2026-perlas-a-millares.html\",\"name\":\"Carmen Linares op de Bi\u00ebnnale 2026: Perlas a millares\",\"isPartOf\":{\"@id\":\"https:\\\/\\\/www.tablaosflamencos.com\\\/nl#website\"},\"primaryImageOfPage\":{\"@id\":\"https:\\\/\\\/www.tablaosflamencos.com\\\/nl\\\/carmen-linares-flamencobiennale-sevilla-2026-perlas-a-millares.html#primaryimage\"},\"image\":{\"@id\":\"https:\\\/\\\/www.tablaosflamencos.com\\\/nl\\\/carmen-linares-flamencobiennale-sevilla-2026-perlas-a-millares.html#primaryimage\"},\"thumbnailUrl\":\"https:\\\/\\\/www.tablaosflamencos.com\\\/wp-content\\\/uploads\\\/carmen-linares-cerrara-la-bienal-2026-perlas-a-millares-01.webp\",\"datePublished\":\"2026-09-02T23:13:43+00:00\",\"dateModified\":\"2026-09-02T23:33:11+00:00\",\"description\":\"Carmen Linares sluit de Flamencobi\u00ebnnale Sevilla 2026 af met Perlas a millares: datum, artiesten, programma, 30-jarig jubileum en tickets.\",\"breadcrumb\":{\"@id\":\"https:\\\/\\\/www.tablaosflamencos.com\\\/nl\\\/carmen-linares-flamencobiennale-sevilla-2026-perlas-a-millares.html#breadcrumb\"},\"inLanguage\":\"nl-NL\",\"potentialAction\":[{\"@type\":\"ReadAction\",\"target\":[\"https:\\\/\\\/www.tablaosflamencos.com\\\/nl\\\/carmen-linares-flamencobiennale-sevilla-2026-perlas-a-millares.html\"]}]},{\"@type\":\"ImageObject\",\"inLanguage\":\"nl-NL\",\"@id\":\"https:\\\/\\\/www.tablaosflamencos.com\\\/nl\\\/carmen-linares-flamencobiennale-sevilla-2026-perlas-a-millares.html#primaryimage\",\"url\":\"https:\\\/\\\/www.tablaosflamencos.com\\\/wp-content\\\/uploads\\\/carmen-linares-cerrara-la-bienal-2026-perlas-a-millares-01.webp\",\"contentUrl\":\"https:\\\/\\\/www.tablaosflamencos.com\\\/wp-content\\\/uploads\\\/carmen-linares-cerrara-la-bienal-2026-perlas-a-millares-01.webp\",\"width\":1672,\"height\":941,\"caption\":\"Carmen Linares cerrar\u00e1 la Bienal 2026: Perlas a millares\"},{\"@type\":\"BreadcrumbList\",\"@id\":\"https:\\\/\\\/www.tablaosflamencos.com\\\/nl\\\/carmen-linares-flamencobiennale-sevilla-2026-perlas-a-millares.html#breadcrumb\",\"itemListElement\":[{\"@type\":\"ListItem\",\"position\":1,\"name\":\"Home\",\"item\":\"https:\\\/\\\/www.tablaosflamencos.com\\\/nl\"},{\"@type\":\"ListItem\",\"position\":2,\"name\":\"Carmen Linares sluit de Bi\u00ebnnale 2026 af: Perlas a millares\"}]},{\"@type\":\"WebSite\",\"@id\":\"https:\\\/\\\/www.tablaosflamencos.com\\\/nl#website\",\"url\":\"https:\\\/\\\/www.tablaosflamencos.com\\\/nl\",\"name\":\"Tablaos Flamencos\",\"description\":\"Entradas para tablaos flamencos de Espa\u00f1a\",\"publisher\":{\"@id\":\"https:\\\/\\\/www.tablaosflamencos.com\\\/nl#organization\"},\"alternateName\":\"Tablaos Flamencos\",\"potentialAction\":[{\"@type\":\"SearchAction\",\"target\":{\"@type\":\"EntryPoint\",\"urlTemplate\":\"https:\\\/\\\/www.tablaosflamencos.com\\\/nl?s={search_term_string}\"},\"query-input\":{\"@type\":\"PropertyValueSpecification\",\"valueRequired\":true,\"valueName\":\"search_term_string\"}}],\"inLanguage\":\"nl-NL\"},{\"@type\":[\"Organization\",\"Place\",\"EntertainmentBusiness\"],\"@id\":\"https:\\\/\\\/www.tablaosflamencos.com\\\/nl#organization\",\"name\":\"Tablaos Flamencos\",\"alternateName\":\"Tablaos Flamencos\",\"url\":\"https:\\\/\\\/www.tablaosflamencos.com\\\/nl\",\"logo\":{\"@id\":\"https:\\\/\\\/www.tablaosflamencos.com\\\/nl\\\/carmen-linares-flamencobiennale-sevilla-2026-perlas-a-millares.html#local-main-organization-logo\"},\"image\":{\"@id\":\"https:\\\/\\\/www.tablaosflamencos.com\\\/nl\\\/carmen-linares-flamencobiennale-sevilla-2026-perlas-a-millares.html#local-main-organization-logo\"},\"sameAs\":[\"https:\\\/\\\/www.facebook.com\\\/tablaosflamencos\",\"https:\\\/\\\/x.com\\\/tablaosflamenco\",\"https:\\\/\\\/mastodon.social\\\/@tablaosflamencos\",\"https:\\\/\\\/www.instagram.com\\\/tablaosflamencos\",\"https:\\\/\\\/tiktok.com\\\/@tablaosflamencos\",\"https:\\\/\\\/www.linkedin.com\\\/company\\\/109408238\\\/\"],\"description\":\"Venta de entradas para espect\u00e1culos flamencos\",\"legalName\":\"Tablaos Flamencos\",\"foundingDate\":\"2015-01-01\",\"numberOfEmployees\":{\"@type\":\"QuantitativeValue\",\"minValue\":\"1\",\"maxValue\":\"10\"},\"address\":{\"@id\":\"https:\\\/\\\/www.tablaosflamencos.com\\\/nl\\\/carmen-linares-flamencobiennale-sevilla-2026-perlas-a-millares.html#local-main-place-address\"},\"geo\":{\"@type\":\"GeoCoordinates\",\"latitude\":\"37.3868072\",\"longitude\":\"-5.993280299999999\"},\"telephone\":[\"+34623787787\"],\"contactPoint\":{\"@type\":\"ContactPoint\",\"telephone\":\"+34623787787\",\"email\":\"info@tablaosflamencos.com\"},\"openingHoursSpecification\":{\"@type\":\"OpeningHoursSpecification\",\"dayOfWeek\":[\"Monday\",\"Tuesday\",\"Wednesday\",\"Thursday\",\"Friday\",\"Saturday\",\"Sunday\"],\"opens\":\"00:00\",\"closes\":\"23:59\"},\"email\":\"info@tablaosflamencos.com\",\"priceRange\":\"$$$\",\"currenciesAccepted\":\"\u20ac\"},{\"@type\":\"Person\",\"@id\":\"https:\\\/\\\/www.tablaosflamencos.com\\\/nl#\\\/schema\\\/person\\\/e7a9ebe14eb75a52ceabfbffb3c54f5d\",\"name\":\"Miguel Ortiz\",\"description\":\"Miguel Ortiz es un empresario flamenco, con una s\u00f3lida trayectoria dentro del sector. Ha presidido entidades culturales vinculadas al flamenco y, cuenta con un amplio recorrido profesional en la gesti\u00f3n y promoci\u00f3n de espect\u00e1culos y tablaos flamencos. Su pasi\u00f3n por la historia y el arte flamenco se refleja en cada art\u00edculo, donde combina experiencia, criterio y un profundo respeto por la tradici\u00f3n.\",\"sameAs\":[\"https:\\\/\\\/www.tablaosflamencos.com\",\"https:\\\/\\\/www.instagra.com\\\/miguelortizfe\",\"https:\\\/\\\/www.linkedin.com\\\/in\\\/miguelortizf\\\/\"],\"birthDate\":\"1984-11-22\",\"gender\":\"hombre\",\"knowsLanguage\":[\"espa\u00f1ol\",\"ingl\u00e9s\"],\"jobTitle\":\"Empresario flamenco\"},{\"@type\":\"PostalAddress\",\"@id\":\"https:\\\/\\\/www.tablaosflamencos.com\\\/nl\\\/carmen-linares-flamencobiennale-sevilla-2026-perlas-a-millares.html#local-main-place-address\",\"streetAddress\":\"C\\\/ Alemanes, 19\",\"addressLocality\":\"Sevilla\",\"postalCode\":\"41004\",\"addressRegion\":\"Sevilla\",\"addressCountry\":\"ES\"},{\"@type\":\"ImageObject\",\"inLanguage\":\"nl-NL\",\"@id\":\"https:\\\/\\\/www.tablaosflamencos.com\\\/nl\\\/carmen-linares-flamencobiennale-sevilla-2026-perlas-a-millares.html#local-main-organization-logo\",\"url\":\"https:\\\/\\\/www.tablaosflamencos.com\\\/wp-content\\\/uploads\\\/tablaos-flamencos-06-3.webp\",\"contentUrl\":\"https:\\\/\\\/www.tablaosflamencos.com\\\/wp-content\\\/uploads\\\/tablaos-flamencos-06-3.webp\",\"width\":600,\"height\":620,\"caption\":\"Tablaos Flamencos\"}]}<\/script>\n<meta name=\"geo.placename\" content=\"Sevilla\" \/>\n<meta name=\"geo.position\" content=\"37.3868072;-5.993280299999999\" \/>\n<meta name=\"geo.region\" content=\"Spanje\" \/>\n<!-- \/ Yoast SEO Premium plugin. -->","yoast_head_json":{"title":"Carmen Linares op de Bi\u00ebnnale 2026: Perlas a millares","description":"Carmen Linares sluit de Flamencobi\u00ebnnale Sevilla 2026 af met Perlas a millares: datum, artiesten, programma, 30-jarig jubileum en tickets.","robots":{"index":"index","follow":"follow","max-snippet":"max-snippet:-1","max-image-preview":"max-image-preview:large","max-video-preview":"max-video-preview:-1"},"canonical":"https:\/\/www.tablaosflamencos.com\/nl\/carmen-linares-flamencobiennale-sevilla-2026-perlas-a-millares.html","og_locale":"nl_NL","og_type":"article","og_title":"Carmen Linares sluit de Bi\u00ebnnale 2026 af: Perlas a millares","og_description":"Carmen Linares sluit de Flamencobi\u00ebnnale Sevilla 2026 af met Perlas a millares: datum, artiesten, programma, 30-jarig jubileum en tickets.","og_url":"https:\/\/www.tablaosflamencos.com\/nl\/carmen-linares-flamencobiennale-sevilla-2026-perlas-a-millares.html","og_site_name":"Tablaos Flamencos","article_publisher":"https:\/\/www.facebook.com\/tablaosflamencos","article_published_time":"2026-09-02T23:13:43+00:00","article_modified_time":"2026-09-02T23:33:11+00:00","og_image":[{"width":1672,"height":941,"url":"https:\/\/www.tablaosflamencos.com\/wp-content\/uploads\/carmen-linares-cerrara-la-bienal-2026-perlas-a-millares-01.webp","type":"image\/webp"}],"author":"Miguel Ortiz","twitter_card":"summary_large_image","twitter_creator":"@tablaosflamenco","twitter_site":"@tablaosflamenco","twitter_misc":{"Geschreven door":"Miguel Ortiz","Geschatte leestijd":"14 minuten"},"schema":{"@context":"https:\/\/schema.org","@graph":[{"@type":"Article","@id":"https:\/\/www.tablaosflamencos.com\/nl\/carmen-linares-flamencobiennale-sevilla-2026-perlas-a-millares.html#article","isPartOf":{"@id":"https:\/\/www.tablaosflamencos.com\/nl\/carmen-linares-flamencobiennale-sevilla-2026-perlas-a-millares.html"},"author":{"name":"Miguel Ortiz","@id":"https:\/\/www.tablaosflamencos.com\/nl#\/schema\/person\/e7a9ebe14eb75a52ceabfbffb3c54f5d"},"headline":"Carmen Linares sluit de Bi\u00ebnnale 2026 af: Perlas a millares","datePublished":"2026-09-02T23:13:43+00:00","dateModified":"2026-09-02T23:33:11+00:00","mainEntityOfPage":{"@id":"https:\/\/www.tablaosflamencos.com\/nl\/carmen-linares-flamencobiennale-sevilla-2026-perlas-a-millares.html"},"wordCount":2734,"publisher":{"@id":"https:\/\/www.tablaosflamencos.com\/nl#organization"},"image":{"@id":"https:\/\/www.tablaosflamencos.com\/nl\/carmen-linares-flamencobiennale-sevilla-2026-perlas-a-millares.html#primaryimage"},"thumbnailUrl":"https:\/\/www.tablaosflamencos.com\/wp-content\/uploads\/carmen-linares-cerrara-la-bienal-2026-perlas-a-millares-01.webp","keywords":["agenda flamenca","Bienal 2026","Bienal de Flamenco","Carmen Linares","festivales flamencos","flamenco en Sevilla","flamencozang","sevilla"],"articleSection":["Flamencobi\u00ebnnale"],"inLanguage":"nl-NL"},{"@type":"WebPage","@id":"https:\/\/www.tablaosflamencos.com\/nl\/carmen-linares-flamencobiennale-sevilla-2026-perlas-a-millares.html","url":"https:\/\/www.tablaosflamencos.com\/nl\/carmen-linares-flamencobiennale-sevilla-2026-perlas-a-millares.html","name":"Carmen Linares op de Bi\u00ebnnale 2026: Perlas a millares","isPartOf":{"@id":"https:\/\/www.tablaosflamencos.com\/nl#website"},"primaryImageOfPage":{"@id":"https:\/\/www.tablaosflamencos.com\/nl\/carmen-linares-flamencobiennale-sevilla-2026-perlas-a-millares.html#primaryimage"},"image":{"@id":"https:\/\/www.tablaosflamencos.com\/nl\/carmen-linares-flamencobiennale-sevilla-2026-perlas-a-millares.html#primaryimage"},"thumbnailUrl":"https:\/\/www.tablaosflamencos.com\/wp-content\/uploads\/carmen-linares-cerrara-la-bienal-2026-perlas-a-millares-01.webp","datePublished":"2026-09-02T23:13:43+00:00","dateModified":"2026-09-02T23:33:11+00:00","description":"Carmen Linares sluit de Flamencobi\u00ebnnale Sevilla 2026 af met Perlas a millares: datum, artiesten, programma, 30-jarig jubileum en tickets.","breadcrumb":{"@id":"https:\/\/www.tablaosflamencos.com\/nl\/carmen-linares-flamencobiennale-sevilla-2026-perlas-a-millares.html#breadcrumb"},"inLanguage":"nl-NL","potentialAction":[{"@type":"ReadAction","target":["https:\/\/www.tablaosflamencos.com\/nl\/carmen-linares-flamencobiennale-sevilla-2026-perlas-a-millares.html"]}]},{"@type":"ImageObject","inLanguage":"nl-NL","@id":"https:\/\/www.tablaosflamencos.com\/nl\/carmen-linares-flamencobiennale-sevilla-2026-perlas-a-millares.html#primaryimage","url":"https:\/\/www.tablaosflamencos.com\/wp-content\/uploads\/carmen-linares-cerrara-la-bienal-2026-perlas-a-millares-01.webp","contentUrl":"https:\/\/www.tablaosflamencos.com\/wp-content\/uploads\/carmen-linares-cerrara-la-bienal-2026-perlas-a-millares-01.webp","width":1672,"height":941,"caption":"Carmen Linares cerrar\u00e1 la Bienal 2026: Perlas a millares"},{"@type":"BreadcrumbList","@id":"https:\/\/www.tablaosflamencos.com\/nl\/carmen-linares-flamencobiennale-sevilla-2026-perlas-a-millares.html#breadcrumb","itemListElement":[{"@type":"ListItem","position":1,"name":"Home","item":"https:\/\/www.tablaosflamencos.com\/nl"},{"@type":"ListItem","position":2,"name":"Carmen Linares sluit de Bi\u00ebnnale 2026 af: Perlas a millares"}]},{"@type":"WebSite","@id":"https:\/\/www.tablaosflamencos.com\/nl#website","url":"https:\/\/www.tablaosflamencos.com\/nl","name":"Tablaos Flamencos","description":"Entradas para tablaos flamencos de Espa\u00f1a","publisher":{"@id":"https:\/\/www.tablaosflamencos.com\/nl#organization"},"alternateName":"Tablaos Flamencos","potentialAction":[{"@type":"SearchAction","target":{"@type":"EntryPoint","urlTemplate":"https:\/\/www.tablaosflamencos.com\/nl?s={search_term_string}"},"query-input":{"@type":"PropertyValueSpecification","valueRequired":true,"valueName":"search_term_string"}}],"inLanguage":"nl-NL"},{"@type":["Organization","Place","EntertainmentBusiness"],"@id":"https:\/\/www.tablaosflamencos.com\/nl#organization","name":"Tablaos Flamencos","alternateName":"Tablaos Flamencos","url":"https:\/\/www.tablaosflamencos.com\/nl","logo":{"@id":"https:\/\/www.tablaosflamencos.com\/nl\/carmen-linares-flamencobiennale-sevilla-2026-perlas-a-millares.html#local-main-organization-logo"},"image":{"@id":"https:\/\/www.tablaosflamencos.com\/nl\/carmen-linares-flamencobiennale-sevilla-2026-perlas-a-millares.html#local-main-organization-logo"},"sameAs":["https:\/\/www.facebook.com\/tablaosflamencos","https:\/\/x.com\/tablaosflamenco","https:\/\/mastodon.social\/@tablaosflamencos","https:\/\/www.instagram.com\/tablaosflamencos","https:\/\/tiktok.com\/@tablaosflamencos","https:\/\/www.linkedin.com\/company\/109408238\/"],"description":"Venta de entradas para espect\u00e1culos flamencos","legalName":"Tablaos Flamencos","foundingDate":"2015-01-01","numberOfEmployees":{"@type":"QuantitativeValue","minValue":"1","maxValue":"10"},"address":{"@id":"https:\/\/www.tablaosflamencos.com\/nl\/carmen-linares-flamencobiennale-sevilla-2026-perlas-a-millares.html#local-main-place-address"},"geo":{"@type":"GeoCoordinates","latitude":"37.3868072","longitude":"-5.993280299999999"},"telephone":["+34623787787"],"contactPoint":{"@type":"ContactPoint","telephone":"+34623787787","email":"info@tablaosflamencos.com"},"openingHoursSpecification":{"@type":"OpeningHoursSpecification","dayOfWeek":["Monday","Tuesday","Wednesday","Thursday","Friday","Saturday","Sunday"],"opens":"00:00","closes":"23:59"},"email":"info@tablaosflamencos.com","priceRange":"$$$","currenciesAccepted":"\u20ac"},{"@type":"Person","@id":"https:\/\/www.tablaosflamencos.com\/nl#\/schema\/person\/e7a9ebe14eb75a52ceabfbffb3c54f5d","name":"Miguel Ortiz","description":"Miguel Ortiz es un empresario flamenco, con una s\u00f3lida trayectoria dentro del sector. Ha presidido entidades culturales vinculadas al flamenco y, cuenta con un amplio recorrido profesional en la gesti\u00f3n y promoci\u00f3n de espect\u00e1culos y tablaos flamencos. Su pasi\u00f3n por la historia y el arte flamenco se refleja en cada art\u00edculo, donde combina experiencia, criterio y un profundo respeto por la tradici\u00f3n.","sameAs":["https:\/\/www.tablaosflamencos.com","https:\/\/www.instagra.com\/miguelortizfe","https:\/\/www.linkedin.com\/in\/miguelortizf\/"],"birthDate":"1984-11-22","gender":"hombre","knowsLanguage":["espa\u00f1ol","ingl\u00e9s"],"jobTitle":"Empresario flamenco"},{"@type":"PostalAddress","@id":"https:\/\/www.tablaosflamencos.com\/nl\/carmen-linares-flamencobiennale-sevilla-2026-perlas-a-millares.html#local-main-place-address","streetAddress":"C\/ Alemanes, 19","addressLocality":"Sevilla","postalCode":"41004","addressRegion":"Sevilla","addressCountry":"ES"},{"@type":"ImageObject","inLanguage":"nl-NL","@id":"https:\/\/www.tablaosflamencos.com\/nl\/carmen-linares-flamencobiennale-sevilla-2026-perlas-a-millares.html#local-main-organization-logo","url":"https:\/\/www.tablaosflamencos.com\/wp-content\/uploads\/tablaos-flamencos-06-3.webp","contentUrl":"https:\/\/www.tablaosflamencos.com\/wp-content\/uploads\/tablaos-flamencos-06-3.webp","width":600,"height":620,"caption":"Tablaos Flamencos"}]},"geo.placename":"Sevilla","geo.position":{"lat":"37.3868072","long":"-5.993280299999999"},"geo.region":"Spanje"},"_links":{"self":[{"href":"https:\/\/www.tablaosflamencos.com\/nl\/wp-json\/wp\/v2\/posts\/14111","targetHints":{"allow":["GET"]}}],"collection":[{"href":"https:\/\/www.tablaosflamencos.com\/nl\/wp-json\/wp\/v2\/posts"}],"about":[{"href":"https:\/\/www.tablaosflamencos.com\/nl\/wp-json\/wp\/v2\/types\/post"}],"author":[{"embeddable":true,"href":"https:\/\/www.tablaosflamencos.com\/nl\/wp-json\/wp\/v2\/users\/1"}],"replies":[{"embeddable":true,"href":"https:\/\/www.tablaosflamencos.com\/nl\/wp-json\/wp\/v2\/comments?post=14111"}],"version-history":[{"count":2,"href":"https:\/\/www.tablaosflamencos.com\/nl\/wp-json\/wp\/v2\/posts\/14111\/revisions"}],"predecessor-version":[{"id":14176,"href":"https:\/\/www.tablaosflamencos.com\/nl\/wp-json\/wp\/v2\/posts\/14111\/revisions\/14176"}],"wp:featuredmedia":[{"embeddable":true,"href":"https:\/\/www.tablaosflamencos.com\/nl\/wp-json\/wp\/v2\/media\/14103"}],"wp:attachment":[{"href":"https:\/\/www.tablaosflamencos.com\/nl\/wp-json\/wp\/v2\/media?parent=14111"}],"wp:term":[{"taxonomy":"category","embeddable":true,"href":"https:\/\/www.tablaosflamencos.com\/nl\/wp-json\/wp\/v2\/categories?post=14111"},{"taxonomy":"post_tag","embeddable":true,"href":"https:\/\/www.tablaosflamencos.com\/nl\/wp-json\/wp\/v2\/tags?post=14111"}],"curies":[{"name":"wp","href":"https:\/\/api.w.org\/{rel}","templated":true}]}}