{"id":14028,"date":"2026-09-01T12:18:55","date_gmt":"2026-09-01T10:18:55","guid":{"rendered":"https:\/\/www.tablaosflamencos.com\/?p=14028"},"modified":"2026-09-02T12:14:01","modified_gmt":"2026-09-02T10:14:01","slug":"grote-premieres-flamencobiennale-sevilla-2026","status":"publish","type":"post","link":"https:\/\/www.tablaosflamencos.com\/nl\/grote-premieres-flamencobiennale-sevilla-2026.html","title":{"rendered":"De grote premi\u00e8res van de Flamencobi\u00ebnnale van Sevilla 2026"},"content":{"rendered":"<section class=\"l-section wpb_row height_huge\"><div class=\"l-section-h i-cf\"><div class=\"g-cols vc_row via_flex valign_top type_default stacking_default\"><div class=\"vc_col-sm-12 wpb_column vc_column_container\"><div class=\"vc_column-inner\"><div class=\"wpb_wrapper\"><div class=\"wpb_text_column\"><div class=\"wpb_wrapper\"><h2>De grote premi\u00e8res van de Flamenco Bi\u00ebnnale van Sevilla 2026<\/h2>\n<p>De <strong>XXIV Flamencobi\u00ebnnale van Sevilla<\/strong>, die wordt vastgehouden <strong>9 september tot 3 oktober 2026<\/strong>, verandert de stad opnieuw in een groot laboratorium voor creatie. Naast het samenbrengen van gevestigde figuren, is een van de kenmerken van de Bi\u00ebnnale het dienen als startpunt voor werken die in Sevilla zijn geboren en die later door festivals en theaters over de hele wereld kunnen toeren.<\/p>\n<p>Het aantal premi\u00e8res veranderde naarmate de programmering stopte. In februari sprak de organisatie er tijdens de eerste presentatie over <strong>22 absolute premi\u00e8res<\/strong>. Op 18 augustus publiceerde het een specifieke update waarin het saldo op <strong>20 absolute premi\u00e8res<\/strong>. En de huidige programmering introduceert een belangrijke nuance: <em>Babel. Levende toren.<\/em>, door David Coria, verschijnt nu als <strong>nationale premi\u00e8re<\/strong>, terwijl de familieworkshop <em>Tirititran<\/em>, binnen de parallelle activiteiten van CaixaForum, verschijnt als <strong>absolute premi\u00e8re<\/strong>.<\/p>\n<p>Daarom nemen we voor deze handleiding als referentie de <strong>classificatie die momenteel in de offici\u00eble bladen voorkomt<\/strong>: 20 absolute premi\u00e8res als de algemene podiumprogrammering en <em>Tirititran<\/em>, plus de nationale premi\u00e8re van David Coria.<\/p>\n<p><strong>Laatste update:<\/strong> 1 september 2026. Tickets, tijden en beschikbaarheid kunnen blijven veranderen, dus het is een goed idee om het offici\u00eble schema te controleren voordat je kaartjes koopt.<\/p>\n<\/div><\/div><\/div><\/div><\/div><\/div><\/div><\/section><section class=\"l-section wpb_row height_huge color_alternate with_shape\"><div class=\"l-section-shape type_zigzag pos_top hor_flip\" style=\"height:3vmin;\"><svg xmlns=\"http:\/\/www.w3.org\/2000\/svg\" viewBox=\"0 0 64 8\" preserveAspectRatio=\"none\" width=\"100%\" height=\"100%\">\r\n\t<path fill=\"currentColor\" d=\"M64 8 L0 8 L0 0 L20 7.9 L40 3 L48 5 L64 0 Z\"\/>\r\n<\/svg><\/div><div class=\"l-section-shape type_zigzag pos_bottom\" style=\"height:3vmin;\"><svg xmlns=\"http:\/\/www.w3.org\/2000\/svg\" viewBox=\"0 0 64 8\" preserveAspectRatio=\"none\" width=\"100%\" height=\"100%\">\r\n\t<path fill=\"currentColor\" d=\"M64 8 L0 8 L0 0 L20 7.9 L40 3 L48 5 L64 0 Z\"\/>\r\n<\/svg><\/div><div class=\"l-section-h i-cf\"><div class=\"g-cols vc_row via_flex valign_top type_default stacking_default\"><div class=\"vc_col-sm-12 wpb_column vc_column_container\"><div class=\"vc_column-inner\"><div class=\"wpb_wrapper\"><div class=\"wpb_text_column\"><div class=\"wpb_wrapper\"><blockquote>\n<p><strong>Snel antwoord:<\/strong> de grote premi\u00e8res van de Flamenco Bi\u00ebnnale 2026 beginnen het eerste weekend met <em>Oneindig<\/em> door Sara Baras, <em>Minder is meer<\/em> van La Tremendita, <em>Geheimzinnige fractal<\/em> van Dorantes, <em>Hetzelfde bloed van het lichaam<\/em> door \u00c1ngeles Toledano en <em>Rhapsodie. ondergrondse fantasie<\/em> door Ana Morales. Dan arriveren onder meer Rafael Riqueni en Tim Ries, Olga Pericet, Andr\u00e9s Mar\u00edn, Israel en Pastora Galv\u00e1n, Farruquito, Sara Jim\u00e9nez, Alfonso Losa en Sandra Carrasco samen met David de Arahal. De huidige programmering voegt daar ook aan toe <em>Tirititran<\/em> als een absolute familiepremi\u00e8re en classificeert <em>Babel. Levende toren.<\/em>, door David Coria, als nationale premi\u00e8re.<\/p>\n<\/blockquote>\n<\/div><\/div><div class=\"w-separator size_medium\"><\/div><div class=\"w-hwrapper valign_top wrap stack_on_mobiles align_center\" style=\"--hwrapper-gap:1.2rem\"><div class=\"w-btn-wrapper align_none\"><a class=\"w-btn us-btn-style_1\" href=\"https:\/\/www.tablaosflamencos.com\/nl\/flamenco-biennale-sevilla-2026.html\"><span class=\"w-btn-label\">Volledige gids voor de Bi\u00ebnnale van 2026<\/span><\/a><\/div><div class=\"w-btn-wrapper align_none\"><a class=\"w-btn us-btn-style_1\" href=\"https:\/\/www.tablaosflamencos.com\/nl\/wat-te-zien-eerste-weekend-flamencobiennale-sevilla-2026.html\"><span class=\"w-btn-label\">Eerste weekend van de Bi\u00ebnnale<\/span><\/a><\/div><div class=\"w-btn-wrapper align_none\"><a class=\"w-btn us-btn-style_1\" target=\"_blank\" href=\"https:\/\/www.labienal.com\/programa-general\"><span class=\"w-btn-label\">Offici\u00eble programmering<\/span><\/a><\/div><\/div><\/div><\/div><\/div><\/div><\/div><\/section><section class=\"l-section wpb_row height_huge\"><div class=\"l-section-h i-cf\"><div class=\"g-cols vc_row via_flex valign_top type_default stacking_default\"><div class=\"vc_col-sm-12 wpb_column vc_column_container\"><div class=\"vc_column-inner\"><div class=\"wpb_wrapper\"><div class=\"wpb_text_column\"><div class=\"wpb_wrapper\"><h2>Waarom premi\u00e8res een van de sleutels tot de Bi\u00ebnnale zijn<\/h2>\n<p>Een Bi\u00ebnnale beperkt zich niet tot het samenbrengen van goede bestaande voorstellingen. Een deel van zijn prestige zit erin <strong>oorzaak creatie<\/strong>: nieuwe projecten in opdracht geven, coproduceren, promoten of hosten en deze een context bieden waarin artiesten, critici, programmeurs en fans ze tegelijkertijd ontdekken.<\/p>\n<p>De absolute premi\u00e8re voegt een element toe dat niet bestaat als je naar een werk gaat dat al verfilmd is. Er is nog steeds geen geconsolideerde kritiek, geen algemene publieke reactie, noch een grote verzameling video&#8217;s waarmee we precies kunnen anticiperen op wat er op het podium zal gebeuren. De kijker is getuige van de geboorte van het stuk.<\/p>\n<p>Anno 2026 is deze creatie verspreid over heel verschillende ruimtes. Het Teatro de la Maestranza concentreert grote formaten; het Centraal Theater fungeert als onderzoeksgebied; de Lope de Vega herwint zijn historische rol binnen de Bi\u00ebnnale; De Royal Artillery Factory opent landschappelijke mogelijkheden die verband houden met de architectuur; het Alameda Theater brengt nieuwe stemmen en danstalen samen; de Turina Space versterkt spel en instrumentale creatie; het Real Alc\u00e1zar plaatst zingen in zijn erfgoed; en CaixaForum omvat het familieaspect.<\/p>\n<p>Als u een reis rond de <a href=\"https:\/\/www.tablaosflamencos.com\/bienal-flamenco-sevilla-2026.html\"><strong>Flamencobi\u00ebnnale van Sevilla 2026<\/strong><\/a>, het programma is niet alleen de moeite waard om te bekijken vanwege de naam van de artiest, maar ook vanwege \u00e9\u00e9n vraag: <strong>welke werken zijn hier voor het eerst te zien?<\/strong><\/p>\n<\/div><\/div><\/div><\/div><\/div><\/div><\/div><\/section><section class=\"l-section wpb_row height_huge color_alternate with_shape\"><div class=\"l-section-shape type_zigzag pos_top hor_flip\" style=\"height:3vmin;\"><svg xmlns=\"http:\/\/www.w3.org\/2000\/svg\" viewBox=\"0 0 64 8\" preserveAspectRatio=\"none\" width=\"100%\" height=\"100%\">\r\n\t<path fill=\"currentColor\" d=\"M64 8 L0 8 L0 0 L20 7.9 L40 3 L48 5 L64 0 Z\"\/>\r\n<\/svg><\/div><div class=\"l-section-shape type_zigzag pos_bottom\" style=\"height:3vmin;\"><svg xmlns=\"http:\/\/www.w3.org\/2000\/svg\" viewBox=\"0 0 64 8\" preserveAspectRatio=\"none\" width=\"100%\" height=\"100%\">\r\n\t<path fill=\"currentColor\" d=\"M64 8 L0 8 L0 0 L20 7.9 L40 3 L48 5 L64 0 Z\"\/>\r\n<\/svg><\/div><div class=\"l-section-h i-cf\"><div class=\"g-cols vc_row via_flex valign_top type_default stacking_default\"><div class=\"vc_col-sm-12 wpb_column vc_column_container\"><div class=\"vc_column-inner\"><div class=\"wpb_wrapper\"><div class=\"wpb_text_column\"><div class=\"wpb_wrapper\"><h2>De 20 absolute premi\u00e8res van de Bi\u00ebnnale 2026, \u00e9\u00e9n voor \u00e9\u00e9n<\/h2>\n<div style=\"overflow-x: auto;\">\n<table>\n<thead>\n<tr>\n<th>Datum<\/th>\n<th>Tijd<\/th>\n<th>Artiest \/ activiteit<\/th>\n<th>Tonen<\/th>\n<th>Ruimte<\/th>\n<th>Typ<\/th>\n<\/tr>\n<\/thead>\n<tbody>\n<tr>\n<td>11-13 september<\/td>\n<td>Verschillende sessies<\/td>\n<td>Familie-flamencoworkshop<\/td>\n<td><em>Tirititran<\/em><\/td>\n<td>CaixaForum<\/td>\n<td>Absolute premi\u00e8re \u00b7 gratis activiteit<\/td>\n<\/tr>\n<tr>\n<td>11-13 september<\/td>\n<td>20:00<\/td>\n<td>Sara Baras<\/td>\n<td><em>Oneindig<\/em><\/td>\n<td>Maestranza Theater<\/td>\n<td>Absolute premi\u00e8re<\/td>\n<\/tr>\n<tr>\n<td>11 september<\/td>\n<td>22:30<\/td>\n<td>Rosario La Tremendita<\/td>\n<td><em>Minder is meer<\/em><\/td>\n<td>Centraal Theater<\/td>\n<td>Absolute premi\u00e8re<\/td>\n<\/tr>\n<tr>\n<td>12 september<\/td>\n<td>20:00<\/td>\n<td>Dorantes<\/td>\n<td><em>Geheimzinnige fractal<\/em><\/td>\n<td>Lope de Vega Theater<\/td>\n<td>Absolute premi\u00e8re<\/td>\n<\/tr>\n<tr>\n<td>12 september<\/td>\n<td>22:30<\/td>\n<td>\u00c1ngeles Toledano<\/td>\n<td><em>Hetzelfde bloed van het lichaam<\/em><\/td>\n<td>Alameda Theater<\/td>\n<td>Absolute premi\u00e8re<\/td>\n<\/tr>\n<tr>\n<td>13-14 september<\/td>\n<td>21:00<\/td>\n<td>Ana Morales<\/td>\n<td><em>Rhapsodie. ondergrondse fantasie<\/em><\/td>\n<td>Koninklijke Artilleriefabriek<\/td>\n<td>Absolute premi\u00e8re<\/td>\n<\/tr>\n<tr>\n<td>14 september<\/td>\n<td>22:30<\/td>\n<td>Macarena L\u00f3pez<\/td>\n<td><em>Boven alles<\/em><\/td>\n<td>Alameda Theater<\/td>\n<td>Absolute premi\u00e8re<\/td>\n<\/tr>\n<tr>\n<td>15 september<\/td>\n<td>21:30<\/td>\n<td>Rancapino Chico<\/td>\n<td><em>Schoolbord<\/em><\/td>\n<td>Echt Alc\u00e1zar<\/td>\n<td>Absolute premi\u00e8re<\/td>\n<\/tr>\n<tr>\n<td>19 september<\/td>\n<td>19:00<\/td>\n<td>Mar\u00eda Mar\u00edn<\/td>\n<td><em>De drie Maria&#8217;s<\/em><\/td>\n<td>Turina-ruimte<\/td>\n<td>Absolute premi\u00e8re<\/td>\n<\/tr>\n<tr>\n<td>21 september<\/td>\n<td>20:00<\/td>\n<td>Rafael Riqueni &#038; Tim Ries<\/td>\n<td><em>Tunesi\u00eb<\/em><\/td>\n<td>Lope de Vega Theater<\/td>\n<td>Absolute premi\u00e8re<\/td>\n<\/tr>\n<tr>\n<td>21 september<\/td>\n<td>22:30<\/td>\n<td>Olga Pericet<\/td>\n<td><em>Perspectief op een klankdans<\/em><\/td>\n<td>Centraal Theater<\/td>\n<td>Absolute premi\u00e8re<\/td>\n<\/tr>\n<tr>\n<td>23 september<\/td>\n<td>21:00<\/td>\n<td>Pablo Mart\u00edn Caminero met Mar\u00eda Moreno<\/td>\n<td><em>Trilogie. naar de dans<\/em><\/td>\n<td>Koninklijke Artilleriefabriek<\/td>\n<td>Absolute premi\u00e8re<\/td>\n<\/tr>\n<tr>\n<td>23 september<\/td>\n<td>22:30<\/td>\n<td>Juan Tom\u00e1s de la Mol\u00eda &#038; \u00c1gueda Saavedra<\/td>\n<td><em>Ik daag je uit<\/em><\/td>\n<td>Centraal Theater<\/td>\n<td>Absolute premi\u00e8re<\/td>\n<\/tr>\n<tr>\n<td>25 september<\/td>\n<td>22:30<\/td>\n<td>Andr\u00e9s Mar\u00edn<\/td>\n<td><em>Woestijn<\/em><\/td>\n<td>Centraal Theater<\/td>\n<td>Absolute premi\u00e8re<\/td>\n<\/tr>\n<tr>\n<td>26 september<\/td>\n<td>20:00<\/td>\n<td>Isra\u00ebl Galv\u00e1n<\/td>\n<td><em>Zwart-witte bolero<\/em><\/td>\n<td>Maestranza Theater<\/td>\n<td>Absolute premi\u00e8re<\/td>\n<\/tr>\n<tr>\n<td>26 september<\/td>\n<td>22:30<\/td>\n<td>Pastora Galv\u00e1n<\/td>\n<td><em>TRIBEsssh!<\/em><\/td>\n<td>Alameda Theater<\/td>\n<td>Absolute premi\u00e8re<\/td>\n<\/tr>\n<tr>\n<td>28 september<\/td>\n<td>20:00<\/td>\n<td>Farruquito<\/td>\n<td><em>Jij zult Farruquito zijn: de musical<\/em><\/td>\n<td>Maestranza Theater<\/td>\n<td>Absolute premi\u00e8re<\/td>\n<\/tr>\n<tr>\n<td>29 september<\/td>\n<td>22:30<\/td>\n<td>Sara Jim\u00e9nez in gezelschap<\/td>\n<td><em>Het bedrijf<\/em><\/td>\n<td>Centraal Theater<\/td>\n<td>Absolute premi\u00e8re<\/td>\n<\/tr>\n<tr>\n<td>2 oktober<\/td>\n<td>20:00<\/td>\n<td>Alfonso Losa<\/td>\n<td><em>Minimaal gebaar<\/em><\/td>\n<td>Lope de Vega Theater<\/td>\n<td>Absolute premi\u00e8re<\/td>\n<\/tr>\n<tr>\n<td>2 oktober<\/td>\n<td>22:30<\/td>\n<td>Sandra Carrasco &#038; David de Arahal<\/td>\n<td><em>Gedicht van de vrijheid<\/em><\/td>\n<td>Centraal Theater<\/td>\n<td>Absolute premi\u00e8re<\/td>\n<\/tr>\n<\/tbody>\n<\/table>\n<\/div>\n<p><small>Classificatie opgesteld op basis van de offici\u00eble documenten die van kracht waren op 1 september 2026. De drie dagen van <em>Tirititran<\/em> komen overeen met dezelfde absolute premi\u00e8re met meerdere sessies.<\/small><\/p>\n<\/div><\/div><\/div><\/div><\/div><\/div><\/div><\/section><section class=\"l-section wpb_row height_huge\"><div class=\"l-section-h i-cf\"><div class=\"g-cols vc_row via_flex valign_top type_default stacking_default\"><div class=\"vc_col-sm-12 wpb_column vc_column_container\"><div class=\"vc_column-inner\"><div class=\"wpb_wrapper\"><div class=\"wpb_text_column\"><div class=\"wpb_wrapper\"><h2>En een nationale premi\u00e8re: Babel. Levende toren. van David Coria<\/h2>\n<p>De situatie van <strong>David Coria<\/strong> verdient een toelichting omdat het de belangrijkste bron van verwarring is tussen de verschillende uitingen van de Bi\u00ebnnale. In informatie gepubliceerd op 18 augustus, <em>Babel. Levende toren.<\/em> verscheen in het nieuwe creatieblok van de editie. Het huidige offici\u00eble record van de show identificeert het echter als <strong>nationale premi\u00e8re<\/strong> en vestigt zijn vertegenwoordiging voor de <strong>29 september om 20:00 uur<\/strong> in het Lope de Vega Theater.<\/p>\n<p>Een wereldpremi\u00e8re is de eerste publieke presentatie van een werk waar dan ook. Uit een nationale premi\u00e8re blijkt dat de productie al buiten Spanje is uitgevoerd, maar voor het eerst in het land wordt gepresenteerd. Het verschil doet niets af aan de interesse van het project: Coria vertrekt van de mythe van de toren van Babel om breuken, talen, co\u00ebxistentie en ontmoetingsmogelijkheden aan te pakken vanuit een hedendaagse fysieke en choreografische taal.<\/p>\n<p>De huidige classificatie is vooral nuttig omdat er mogelijk nog ouder nieuws en materiaal aanwezig kan zijn <em>Babel. Levende toren.<\/em> als absolute premi\u00e8re. In deze gids prevaleert altijd <strong>meest recente offici\u00eble bestand<\/strong>.<\/p>\n<\/div><\/div><\/div><\/div><\/div><\/div><\/div><\/section><section class=\"l-section wpb_row height_huge color_alternate with_shape\"><div class=\"l-section-shape type_zigzag pos_top hor_flip\" style=\"height:3vmin;\"><svg xmlns=\"http:\/\/www.w3.org\/2000\/svg\" viewBox=\"0 0 64 8\" preserveAspectRatio=\"none\" width=\"100%\" height=\"100%\">\r\n\t<path fill=\"currentColor\" d=\"M64 8 L0 8 L0 0 L20 7.9 L40 3 L48 5 L64 0 Z\"\/>\r\n<\/svg><\/div><div class=\"l-section-shape type_zigzag pos_bottom\" style=\"height:3vmin;\"><svg xmlns=\"http:\/\/www.w3.org\/2000\/svg\" viewBox=\"0 0 64 8\" preserveAspectRatio=\"none\" width=\"100%\" height=\"100%\">\r\n\t<path fill=\"currentColor\" d=\"M64 8 L0 8 L0 0 L20 7.9 L40 3 L48 5 L64 0 Z\"\/>\r\n<\/svg><\/div><div class=\"l-section-h i-cf\"><div class=\"g-cols vc_row via_flex valign_top type_default stacking_default\"><div class=\"vc_col-sm-12 wpb_column vc_column_container\"><div class=\"vc_column-inner\"><div class=\"wpb_wrapper\"><div class=\"wpb_text_column\"><div class=\"wpb_wrapper\"><h2>Het eerste weekend concentreert zich op vijf grote podiumpremi\u00e8res<\/h2>\n<p>De eerste grote golf arriveert tussen 11 en 14 september. Sara Baras keert na veertien jaar terug naar de Bi\u00ebnnale <strong><em>Oneindig<\/em><\/strong>, gemaakt voor de editie en gearticuleerd rond acht vrouwelijke perspectieven die symbolisch verbonden zijn met de acht Andalusische provincies. Haar drie optredens in de Maestranza maken de terugkeer van de danseres tot een van de grote gebeurtenissen van het begin.<\/p>\n<p>Diezelfde vrijdag de 11e gaat Rosario La Tremendita in premi\u00e8re in het Teatro Central <strong><em>Minder is meer<\/em><\/strong>. Zang, bas, gitaar, drums en keyboards vormen een voorstel dat openstaat voor onderzoek en dialoog met andere muzikale talen. Op zaterdag de 12e presenteert Dorantes <strong><em>Geheimzinnige fractal<\/em><\/strong> bij de premi\u00e8res van Lope de Vega en \u00c1ngeles Toledano <strong><em>Hetzelfde bloed van het lichaam<\/em><\/strong> in the Alameda.<\/p>\n<p>Op zondag de 13e en maandag de 14e bezet Ana Morales de Royal Artillery Factory met <strong><em>Rhapsodie. ondergrondse fantasie<\/em><\/strong>, een creatie verbonden met een underground, historisch en denkbeeldig Sevilla en met muzikale leiding van Ni\u00f1o de Elche. Hun optredens waren voor aanvang van het festival uitverkocht.<\/p>\n<p>Toegevoegd aan deze podiumpremi\u00e8res is <strong><em>Tirititran<\/em><\/strong>, het gratis familievoorstel van CaixaForum, dat in de offici\u00eble programmering ook als een absolute premi\u00e8re wordt geclassificeerd en dat plaatsvindt op de 11e, 12e en 13e met verschillende sessies.<\/p>\n<p>Om alle wedstrijden van die dagen te bestellen kunt u onze gids raadplegen <a href=\"https:\/\/www.tablaosflamencos.com\/primer-fin-semana-bienal-flamenco-sevilla-2026.html\"><strong>wat is er te zien tijdens het eerste weekend van de Bi\u00ebnnale van 2026<\/strong><\/a>.<\/p>\n<\/div><\/div><\/div><\/div><\/div><\/div><\/div><\/section><section class=\"l-section wpb_row height_huge\"><div class=\"l-section-h i-cf\"><div class=\"g-cols vc_row via_flex valign_top type_default stacking_default\"><div class=\"vc_col-sm-12 wpb_column vc_column_container\"><div class=\"vc_column-inner\"><div class=\"wpb_wrapper\"><div class=\"wpb_text_column\"><div class=\"wpb_wrapper\"><h2>From archival singing to new voices<\/h2>\n<p>Het hoofdstuk zingen laat zien dat debuteren niet noodzakelijk betekent breken met de traditie. <strong>Rancapino Chico<\/strong> zal op 15 september presenteren in het Real Alc\u00e1zar <strong><em>Schoolbord<\/em><\/strong>, een recital ge\u00efnspireerd op oude 78-toerenplaten en het klankgeheugen van meesters als Tom\u00e1s Pav\u00f3n of Manuel Torre. Het is een premi\u00e8re die terugkijkt om een \u200b\u200bactuele lezing van de bronnen van de zang op te bouwen.<\/p>\n<p>Aan het andere generatie-uiteinde, <strong>\u00c1ngeles Toledano<\/strong> zet het universum van zijn opnamewerk en zijn relatie met traditionele zang om in podiummateriaal voor <em>The same blood of the body<\/em>. La Tremendita op haar beurt gebruikt de wortel als uitgangspunt voor een veel opener muzikale architectuur.<\/p>\n<p>Op 2 oktober <strong>Sandra Carrasco and David de Arahal<\/strong> will close this tour with <strong><em>Poem of freedom<\/em><\/strong>. Het project neemt Pepe Marchena als referentie op de 50e verjaardag van zijn dood en bespreekt zijn nalatenschap uit de relatie tussen zang en gitaar, waarmee de creatieve vrijheid wordt gerechtvaardigd die een van de fundamentele figuren van de zogenaamde Flamenco Opera vergezelde.<\/p>\n<p>Die historische context kan worden uitgebreid in onze gids over <a href=\"https:\/\/www.tablaosflamencos.com\/la-noche-azul-opera-flamenca-bienal-sevilla-2026.html\"><strong>De blauwe nacht en de tijd van de Flamenco Opera<\/strong><\/a>.<\/p>\n<\/div><\/div><\/div><\/div><\/div><\/div><\/div><\/section><section class=\"l-section wpb_row height_huge color_alternate with_shape\"><div class=\"l-section-shape type_zigzag pos_top hor_flip\" style=\"height:3vmin;\"><svg xmlns=\"http:\/\/www.w3.org\/2000\/svg\" viewBox=\"0 0 64 8\" preserveAspectRatio=\"none\" width=\"100%\" height=\"100%\">\r\n\t<path fill=\"currentColor\" d=\"M64 8 L0 8 L0 0 L20 7.9 L40 3 L48 5 L64 0 Z\"\/>\r\n<\/svg><\/div><div class=\"l-section-shape type_zigzag pos_bottom\" style=\"height:3vmin;\"><svg xmlns=\"http:\/\/www.w3.org\/2000\/svg\" viewBox=\"0 0 64 8\" preserveAspectRatio=\"none\" width=\"100%\" height=\"100%\">\r\n\t<path fill=\"currentColor\" d=\"M64 8 L0 8 L0 0 L20 7.9 L40 3 L48 5 L64 0 Z\"\/>\r\n<\/svg><\/div><div class=\"l-section-h i-cf\"><div class=\"g-cols vc_row via_flex valign_top type_default stacking_default\"><div class=\"vc_col-sm-12 wpb_column vc_column_container\"><div class=\"vc_column-inner\"><div class=\"wpb_wrapper\"><div class=\"wpb_text_column\"><div class=\"wpb_wrapper\"><h2>Aanraking en instrumentale creatie breiden de kaart uit<\/h2>\n<p>De <strong>19 september<\/strong>, Mar\u00eda Mar\u00edn will present <strong><em>The Three Marys<\/em><\/strong> in Turina Space. Gitarist, zanger en componist Mar\u00edn beweegt zich tussen de flamencotraditie, populaire muziek en hedendaagse experimenten, met muzikale productie van Ra\u00fal Cantizano.<\/p>\n<p>Twee dagen later komt Lope de Vega samen <strong>Rafael Riqueni and Tim Ries<\/strong> nl <strong><em>Tunesi\u00eb<\/em><\/strong>. De gitaar van de Triana-maestro gaat in dialoog met de saxofoons en fluit van de Amerikaanse muzikant in een project dat flamenco, jazz, improvisatie en muzikale vrijheid kruist.<\/p>\n<p>Dorantes opent dit gebied een paar dagen eerder met <em>Geheimzinnige fractal<\/em>, waarbij de piano en het klappen centraal staan in een bijzonder verfijnd voorstel. En de Royal Artillery Factory zal van 22 tot 24 september gastheer zijn <strong><em>Trilogie<\/em> by Pablo Mart\u00edn Caminero<\/strong>. De hoofdstukken <em>Aanrakend<\/em> y <em>Zingen<\/em> frame the absolute premiere of <strong><em>Trilogie. naar de dans<\/em><\/strong>, with Mar\u00eda Moreno, on September 23.<\/p>\n<p>Het belangrijkste is dat de instrumentale premi\u00e8re van 2026 niet beperkt blijft tot sologitaar: piano, contrabas, saxofoon, fluit en andere klanken verbreden het muzikale landschap van de Bi\u00ebnnale.<\/p>\n<\/div><\/div><\/div><\/div><\/div><\/div><\/div><\/section><section class=\"l-section wpb_row height_huge\"><div class=\"l-section-h i-cf\"><div class=\"g-cols vc_row via_flex valign_top type_default stacking_default\"><div class=\"vc_col-sm-12 wpb_column vc_column_container\"><div class=\"vc_column-inner\"><div class=\"wpb_wrapper\"><div class=\"wpb_text_column\"><div class=\"wpb_wrapper\"><h2>Het Centrale Theater, laboratorium van nieuwe talen<\/h2>\n<p>Het Centraal Theater concentreert een groot deel van de projecten die het meest verband houden met scenisch onderzoek. De <strong>21 september<\/strong>, Olga Pericet zal presenteren <strong><em>Perspectief op een klankdans<\/em><\/strong>, naam die momenteel wordt gebruikt door het offici\u00eble bestand. Het voorstel grijpt opnieuw naar zijn eigen lichamelijke en artistieke geheugen en schept nieuwe mogelijkheden voor het flamencorecital.<\/p>\n<p>De <strong>23 september<\/strong>, <strong>Juan Tom\u00e1s de la Mol\u00eda en \u00c1gueda Saavedra<\/strong> zal worden vrijgegeven <strong><em>Ik daag je uit<\/em><\/strong> onder leiding van Manuel Li\u00f1\u00e1n. De <strong>25<\/strong> zal arriveren <strong>Andr\u00e9s Mar\u00edn<\/strong> met <strong><em>Woestijn<\/em><\/strong>, een werk dat is gebaseerd op het po\u00ebtische geheugen van de Alameda de H\u00e9rcules en met Jos\u00e9 de la Tomasa als gastkunstenaar.<\/p>\n<p>De <strong>29 september<\/strong>, <strong>Sara Jim\u00e9nez in gezelschap<\/strong> gaat in premi\u00e8re <strong><em>Het bedrijf<\/em><\/strong>, een podiumfabel die flamenco, hedendaagse dans, theater en circusbeelden combineert om na te denken over identiteit, verschil en de plaats van de kunstenaar.<\/p>\n<p>en de <strong>2 oktober<\/strong>, Sandra Carrasco en David de Arahal zullen presenteren <em>Gedicht van de vrijheid<\/em>. De Central stelt ons dus in staat om, bijna als een festival binnen het festival, enkele van de meest open paden van de hedendaagse flamenco te volgen.<\/p>\n<\/div><\/div><\/div><\/div><\/div><\/div><\/div><\/section><section class=\"l-section wpb_row height_huge color_alternate with_shape\"><div class=\"l-section-shape type_zigzag pos_top hor_flip\" style=\"height:3vmin;\"><svg xmlns=\"http:\/\/www.w3.org\/2000\/svg\" viewBox=\"0 0 64 8\" preserveAspectRatio=\"none\" width=\"100%\" height=\"100%\">\r\n\t<path fill=\"currentColor\" d=\"M64 8 L0 8 L0 0 L20 7.9 L40 3 L48 5 L64 0 Z\"\/>\r\n<\/svg><\/div><div class=\"l-section-shape type_zigzag pos_bottom\" style=\"height:3vmin;\"><svg xmlns=\"http:\/\/www.w3.org\/2000\/svg\" viewBox=\"0 0 64 8\" preserveAspectRatio=\"none\" width=\"100%\" height=\"100%\">\r\n\t<path fill=\"currentColor\" d=\"M64 8 L0 8 L0 0 L20 7.9 L40 3 L48 5 L64 0 Z\"\/>\r\n<\/svg><\/div><div class=\"l-section-h i-cf\"><div class=\"g-cols vc_row via_flex valign_top type_default stacking_default\"><div class=\"vc_col-sm-12 wpb_column vc_column_container\"><div class=\"vc_column-inner\"><div class=\"wpb_wrapper\"><div class=\"wpb_text_column\"><div class=\"wpb_wrapper\"><h2>Israel Galv\u00e1n, Pastora Galv\u00e1n en Farruquito: de grote danssectie<\/h2>\n<p>De <strong>26 september<\/strong> concentreert twee bijzonder aantrekkelijke premi\u00e8res voor degenen die de Sevilliaanse dans volgen. Om 20.00 uur, in het Maestranza Theater, <strong>Isra\u00ebl Galv\u00e1n<\/strong> zal presenteren <strong><em>Zwart-witte bolero<\/em><\/strong>, zijn benadering van het universum van Maurice Ravel en het bolero-genre.<\/p>\n<p>Om 22.30 uur ontvangt het Alameda Theater <strong>Pastora Galv\u00e1n<\/strong> met <strong><em>TRIBEsssh!<\/em><\/strong>, een werk dat haar podiumpersoonlijkheid en de traditie van de Sevilliaanse vrouwendans in dialoog brengt met een breder muzikaal denkbeeld.<\/p>\n<p>Twee dagen later werd de <strong>28 september<\/strong>, <strong>Farruquito<\/strong> gaat in premi\u00e8re in het Teatro de la Maestranza <strong><em>Jij zult Farruquito zijn: de musical<\/em><\/strong>. Het project wijkt af van het conventionele recitalformat en bouwt een emotionele biografie op rond zijn persoonlijke, familie- en artistieke geschiedenis, met zijn eigen archieven, een dansgroep en uitgebreide muzikale opleiding.<\/p>\n<p>De danstournee wordt aangevuld met Macarena L\u00f3pez, Ana Morales, Olga Pericet, Andr\u00e9s Mar\u00edn, Sara Jim\u00e9nez, Alfonso Losa en de nationale premi\u00e8re van David Coria, die laat zien in welke mate de editie van 2026 het lichaam gebruikt als territorium van herinnering, onderzoek en creatie.<\/p>\n<\/div><\/div><\/div><\/div><\/div><\/div><\/div><\/section><section class=\"l-section wpb_row height_huge\"><div class=\"l-section-h i-cf\"><div class=\"g-cols vc_row via_flex valign_top type_default stacking_default\"><div class=\"vc_col-sm-12 wpb_column vc_column_container\"><div class=\"vc_column-inner\"><div class=\"wpb_wrapper\"><div class=\"wpb_text_column\"><div class=\"wpb_wrapper\"><h2>De creatieve afsluiting: minimaal gebaar en gedicht van vrijheid<\/h2>\n<p>De <strong>2 oktober<\/strong>, slechts \u00e9\u00e9n dag voor de sluiting, zal de Bi\u00ebnnale twee zeer verschillende absolute premi\u00e8res concentreren.<\/p>\n<p>Om 20:00 uur bij Lope de Vega, <strong>Alfonso Losa<\/strong> zal presenteren <strong><em>Minimaal gebaar<\/em><\/strong>, een onderzoek naar het lichaam als ontmoetingsruimte en het idee van een \u2018dansgemeenschap\u2019. Het werk gebruikt kleine choreografische gebaren om na te denken over het samenleven, de kwetsbaarheid en de relatie tussen lichamen.<\/p>\n<p>Om 22.30 uur in het Centraal Theater, <strong>Sandra Carrasco en David de Arahal<\/strong> zal worden vrijgegeven <strong><em>Gedicht van de vrijheid<\/em><\/strong>. De bespreking van Pepe Marchena&#8217;s nalatenschap sluit aan bij een van de grote historische lijnen van deze editie: de eeuw die is verstreken sinds de consolidatie van Flamenco Opera als een schilderachtig en populair fenomeen.<\/p>\n<p>Deze dubbele afsluiting vat de breedte van het programma goed samen: een hedendaags choreografisch onderzoek en een herlezing van de herinnering aan het zingen bestaan \u200b\u200bin dezelfde avond naast elkaar.<\/p>\n<\/div><\/div><\/div><\/div><\/div><\/div><\/div><\/section><section class=\"l-section wpb_row height_huge color_alternate with_shape\"><div class=\"l-section-shape type_zigzag pos_top hor_flip\" style=\"height:3vmin;\"><svg xmlns=\"http:\/\/www.w3.org\/2000\/svg\" viewBox=\"0 0 64 8\" preserveAspectRatio=\"none\" width=\"100%\" height=\"100%\">\r\n\t<path fill=\"currentColor\" d=\"M64 8 L0 8 L0 0 L20 7.9 L40 3 L48 5 L64 0 Z\"\/>\r\n<\/svg><\/div><div class=\"l-section-shape type_zigzag pos_bottom\" style=\"height:3vmin;\"><svg xmlns=\"http:\/\/www.w3.org\/2000\/svg\" viewBox=\"0 0 64 8\" preserveAspectRatio=\"none\" width=\"100%\" height=\"100%\">\r\n\t<path fill=\"currentColor\" d=\"M64 8 L0 8 L0 0 L20 7.9 L40 3 L48 5 L64 0 Z\"\/>\r\n<\/svg><\/div><div class=\"l-section-h i-cf\"><div class=\"g-cols vc_row via_flex valign_top type_default stacking_default\"><div class=\"vc_col-sm-12 wpb_column vc_column_container\"><div class=\"vc_column-inner\"><div class=\"wpb_wrapper\"><div class=\"wpb_text_column\"><div class=\"wpb_wrapper\"><h2>Hoe je kunt kiezen tussen zoveel premi\u00e8res<\/h2>\n<p>Als je maar een dag of twee in Sevilla bent, is het zoeken naar \u201cde beste premi\u00e8re\u201d misschien minder nuttig dan beslissen wat voor soort flamenco je wilt zien.<\/p>\n<p>Als je zoekt <strong>groot formaat en dans<\/strong>, Sara Baras, Israel Galv\u00e1n of Farruquito zijn duidelijke referenties. Als je ge\u00efnteresseerd bent <strong>choreografisch onderzoek<\/strong>, kijk naar Ana Morales, Olga Pericet, Andr\u00e9s Mar\u00edn, Sara Jim\u00e9nez, Alfonso Losa of David Coria. Voor <strong>zang en nieuwe stemmen<\/strong>, La Tremendita, \u00c1ngeles Toledano, Rancapino Chico of Sandra Carrasco bieden heel verschillende paden. En als uw prioriteit is <strong>aanraking en instrumentale muziek<\/strong>, Dorantes, Mar\u00eda Mar\u00edn, Rafael Riqueni met Tim Ries en Pablo Mart\u00edn Caminero vormen een uitzonderlijke tournee.<\/p>\n<p>Het is ook een goed idee om de beschikbaarheid te controleren voordat u uw reis en accommodatie definitief maakt. Sommige functies zijn al een tijdje niet meer op voorraad. Onze gids voor <a href=\"https:\/\/www.tablaosflamencos.com\/bienal-flamenco-2026-entradas-agotadas-que-ver.html\"><strong>uitverkochte tickets voor de Bi\u00ebnnale van 2026<\/strong><\/a> legt uit welke alternatieven er zijn als een eerste optie niet meer beschikbaar is.<\/p>\n<p>Niet alle grote evenementen van de editie zijn premi\u00e8res. Ook de Bi\u00ebnnale heeft dit aangekondigd <a href=\"https:\/\/www.tablaosflamencos.com\/noches-unicas-bienal-flamenco-sevilla-2026.html\"><strong>26 unieke nachten<\/strong><\/a>, maar ook tentoonstellingen, parallelle activiteiten en gratis voorstellen. U kunt onze lijst met <a href=\"https:\/\/www.tablaosflamencos.com\/bienal-flamenco-sevilla-2026-gratis.html\"><strong>gratis activiteiten van de Bi\u00ebnnale 2026<\/strong><\/a> om de reis te voltooien zonder uitsluitend afhankelijk te zijn van theatertickets.<\/p>\n<p>Raadpleeg voor het bevestigen van dienstregelingen, last-minute wijzigingen en kaartverkoop altijd de <a href=\"https:\/\/www.labienal.com\/programa-general\" target=\"_blank\" rel=\"noopener\"><strong>offici\u00eble programmering van de Bi\u00ebnnale<\/strong><\/a>.<\/p>\n<\/div><\/div><div class=\"w-separator size_medium\"><\/div><div class=\"w-hwrapper valign_top wrap stack_on_mobiles align_center\" style=\"--hwrapper-gap:1.2rem\"><div class=\"w-btn-wrapper align_none\"><a class=\"w-btn us-btn-style_1\" href=\"https:\/\/www.tablaosflamencos.com\/nl\/flamenco-biennale-sevilla-2026.html\"><span class=\"w-btn-label\">Volledige gids voor de Bi\u00ebnnale van 2026<\/span><\/a><\/div><div class=\"w-btn-wrapper align_none\"><a class=\"w-btn us-btn-style_1\" href=\"https:\/\/www.tablaosflamencos.com\/nl\/flamencobiennale-sevilla-2026-uitverkocht-alternatieven.html\"><span class=\"w-btn-label\">Wat te doen als er geen tickets meer zijn<\/span><\/a><\/div><div class=\"w-btn-wrapper align_none\"><a class=\"w-btn us-btn-style_1\" href=\"https:\/\/www.tablaosflamencos.com\/nl\/flamenco-in-sevilla\"><span class=\"w-btn-label\">Zie flamenco in Sevilla<\/span><\/a><\/div><\/div><\/div><\/div><\/div><\/div><\/div><\/section><section class=\"l-section wpb_row height_huge\"><div class=\"l-section-h i-cf\"><div class=\"g-cols vc_row via_flex valign_top type_default stacking_default\"><div class=\"vc_col-sm-1\/5 wpb_column vc_column_container\"><div class=\"vc_column-inner\"><div class=\"wpb_wrapper\"><\/div><\/div><\/div><div class=\"vc_col-sm-3\/5 wpb_column vc_column_container\"><div class=\"vc_column-inner\"><div class=\"wpb_wrapper\"><div class=\"wpb_text_column\"><div class=\"wpb_wrapper\"><h2 style=\"text-align: center;\">Veelgestelde vragen over de premi\u00e8res van de Bi\u00ebnnale 2026<\/h2>\n<\/div><\/div><div class=\"w-separator size_medium\"><\/div><div class=\"w-tabs accordion toggle_style_1 has_scrolling\" style=\"--sections-title-size:inherit;--sections-gap:0.5rem;\"><div class=\"w-tabs-sections titles-align_none icon_plus cpos_left\"><div class=\"w-tabs-section\" id=\"c9f9\" itemscope itemprop=\"mainEntity\" itemtype=\"https:\/\/schema.org\/Question\"><button type=\"button\" class=\"w-tabs-section-header\" aria-controls=\"content-c9f9\" aria-expanded=\"false\"><h3 class=\"w-tabs-section-title\" itemprop=\"name\">Hoeveel absolute premi\u00e8res kent de Flamenco Bi\u00ebnnale 2026?<\/h3><div class=\"w-tabs-section-control\"><\/div><\/button><div  class=\"w-tabs-section-content\" id=\"content-c9f9\" itemscope itemprop=\"acceptedAnswer\" itemtype=\"https:\/\/schema.org\/Answer\"><div class=\"w-tabs-section-content-h i-cf\" itemprop=\"text\"><div class=\"wpb_text_column\"><div class=\"wpb_wrapper\"><p>18 augustus offici\u00eble update aangekondigd <strong>20 absolute premi\u00e8res<\/strong>. Bij het doornemen van de op 1 september geldende lijsten zijn er 19 absolute premi\u00e8res in de algemene toneelprogrammering en <em>Tirititran<\/em> als absolute premi\u00e8re in de parallelle activiteiten van CaixaForum. David Coria staat momenteel vermeld als nationale premi\u00e8re.<\/p>\n<\/div><\/div><\/div><\/div><\/div><div class=\"w-tabs-section\" id=\"sb6a\" itemscope itemprop=\"mainEntity\" itemtype=\"https:\/\/schema.org\/Question\"><button type=\"button\" class=\"w-tabs-section-header\" aria-controls=\"content-sb6a\" aria-expanded=\"false\"><h3 class=\"w-tabs-section-title\" itemprop=\"name\">Waarom spreken sommige nieuwsberichten over 22 absolute premi\u00e8res?<\/h3><div class=\"w-tabs-section-control\"><\/div><\/button><div  class=\"w-tabs-section-content\" id=\"content-sb6a\" itemscope itemprop=\"acceptedAnswer\" itemtype=\"https:\/\/schema.org\/Answer\"><div class=\"w-tabs-section-content-h i-cf\" itemprop=\"text\"><div class=\"wpb_text_column\"><div class=\"wpb_wrapper\"><p>Bij de eerste presentatie in februari 2026 kondigde de Bi\u00ebnnale 22 absolute premi\u00e8res aan. De programmering werd aangepast en op 18 augustus publiceerde de organisatie zelf een specifieke update waarin het over 20 ging. Voor deze gids gebruiken we altijd de meest recente classificatie van de offici\u00eble bestanden.<\/p>\n<\/div><\/div><\/div><\/div><\/div><div class=\"w-tabs-section\" id=\"gce8\" itemscope itemprop=\"mainEntity\" itemtype=\"https:\/\/schema.org\/Question\"><button type=\"button\" class=\"w-tabs-section-header\" aria-controls=\"content-gce8\" aria-expanded=\"false\"><h3 class=\"w-tabs-section-title\" itemprop=\"name\">Wat betekent absolute premi\u00e8re op de Bi\u00ebnnale?<\/h3><div class=\"w-tabs-section-control\"><\/div><\/button><div  class=\"w-tabs-section-content\" id=\"content-gce8\" itemscope itemprop=\"acceptedAnswer\" itemtype=\"https:\/\/schema.org\/Answer\"><div class=\"w-tabs-section-content-h i-cf\" itemprop=\"text\"><div class=\"wpb_text_column\"><div class=\"wpb_wrapper\"><p>Een absolute premi\u00e8re is de <strong>eerste publieke presentatie van een werk<\/strong>. Als het blad een nationale premi\u00e8re aangeeft, betekent dit dat de show al buiten Spanje is opgevoerd en voor het eerst in het land wordt gepresenteerd.<\/p>\n<\/div><\/div><\/div><\/div><\/div><div class=\"w-tabs-section\" id=\"he59\" itemscope itemprop=\"mainEntity\" itemtype=\"https:\/\/schema.org\/Question\"><button type=\"button\" class=\"w-tabs-section-header\" aria-controls=\"content-he59\" aria-expanded=\"false\"><h3 class=\"w-tabs-section-title\" itemprop=\"name\">Wanneer komt Infinita van Sara Baras uit?<\/h3><div class=\"w-tabs-section-control\"><\/div><\/button><div  class=\"w-tabs-section-content\" id=\"content-he59\" itemscope itemprop=\"acceptedAnswer\" itemtype=\"https:\/\/schema.org\/Answer\"><div class=\"w-tabs-section-content-h i-cf\" itemprop=\"text\"><div class=\"wpb_text_column\"><div class=\"wpb_wrapper\"><p><em>Oneindig<\/em> komt voor op dagen <strong>11, 12 en 13 september 2026 om 20:00 uur<\/strong> in het Maestranza Theater. De eerste uitvoering op de 11e vormt de absolute premi\u00e8re van het werk.<\/p>\n<\/div><\/div><\/div><\/div><\/div><div class=\"w-tabs-section\" id=\"dfa8\" itemscope itemprop=\"mainEntity\" itemtype=\"https:\/\/schema.org\/Question\"><button type=\"button\" class=\"w-tabs-section-header\" aria-controls=\"content-dfa8\" aria-expanded=\"false\"><h3 class=\"w-tabs-section-title\" itemprop=\"name\">Geldt Tirititr\u00e1n als een absolute premi\u00e8re?<\/h3><div class=\"w-tabs-section-control\"><\/div><\/button><div  class=\"w-tabs-section-content\" id=\"content-dfa8\" itemscope itemprop=\"acceptedAnswer\" itemtype=\"https:\/\/schema.org\/Answer\"><div class=\"w-tabs-section-content-h i-cf\" itemprop=\"text\"><div class=\"wpb_text_column\"><div class=\"wpb_wrapper\"><p>Ja. Het offici\u00eble verslag van gezinsactiviteiten <em>Tirititran<\/em> identificeert haar als <strong>absolute premi\u00e8re<\/strong>. Het wordt gehouden in CaixaForum van 11 tot 13 september, met verschillende sessies, en is een gratis activiteit op voorafgaande reservering.<\/p>\n<\/div><\/div><\/div><\/div><\/div><div class=\"w-tabs-section\" id=\"p120\" itemscope itemprop=\"mainEntity\" itemtype=\"https:\/\/schema.org\/Question\"><button type=\"button\" class=\"w-tabs-section-header\" aria-controls=\"content-p120\" aria-expanded=\"false\"><h3 class=\"w-tabs-section-title\" itemprop=\"name\">Babel. Levende toren. van David Coria een absolute premi\u00e8re is?<\/h3><div class=\"w-tabs-section-control\"><\/div><\/button><div  class=\"w-tabs-section-content\" id=\"content-p120\" itemscope itemprop=\"acceptedAnswer\" itemtype=\"https:\/\/schema.org\/Answer\"><div class=\"w-tabs-section-content-h i-cf\" itemprop=\"text\"><div class=\"wpb_text_column\"><div class=\"wpb_wrapper\"><p>Het huidige offici\u00eble bestand identificeert <em>Babel. Levende toren.<\/em> als <strong>nationale premi\u00e8re<\/strong>. Het staat gepland op 29 september 2026 om 20.00 uur. in het Lope de Vega Theater.<\/p>\n<\/div><\/div><\/div><\/div><\/div><div class=\"w-tabs-section\" id=\"v293\" itemscope itemprop=\"mainEntity\" itemtype=\"https:\/\/schema.org\/Question\"><button type=\"button\" class=\"w-tabs-section-header\" aria-controls=\"content-v293\" aria-expanded=\"false\"><h3 class=\"w-tabs-section-title\" itemprop=\"name\">Wanneer wordt de zwart-witte Bolero van Israel Galv\u00e1n uitgebracht?<\/h3><div class=\"w-tabs-section-control\"><\/div><\/button><div  class=\"w-tabs-section-content\" id=\"content-v293\" itemscope itemprop=\"acceptedAnswer\" itemtype=\"https:\/\/schema.org\/Answer\"><div class=\"w-tabs-section-content-h i-cf\" itemprop=\"text\"><div class=\"wpb_text_column\"><div class=\"wpb_wrapper\"><p>Isra\u00ebl Galv\u00e1n gaat in premi\u00e8re <em>Zwart-witte bolero<\/em> de <strong>26 september 2026 om 20:00 uur<\/strong> in het Maestranza Theater.<\/p>\n<\/div><\/div><\/div><\/div><\/div><div class=\"w-tabs-section\" id=\"r3ff\" itemscope itemprop=\"mainEntity\" itemtype=\"https:\/\/schema.org\/Question\"><button type=\"button\" class=\"w-tabs-section-header\" aria-controls=\"content-r3ff\" aria-expanded=\"false\"><h3 class=\"w-tabs-section-title\" itemprop=\"name\">Wanneer gaat de nieuwe show van Farruquito in premi\u00e8re?<\/h3><div class=\"w-tabs-section-control\"><\/div><\/button><div  class=\"w-tabs-section-content\" id=\"content-r3ff\" itemscope itemprop=\"acceptedAnswer\" itemtype=\"https:\/\/schema.org\/Answer\"><div class=\"w-tabs-section-content-h i-cf\" itemprop=\"text\"><div class=\"wpb_text_column\"><div class=\"wpb_wrapper\"><p>Farruquito zal presenteren <em>Jij zult Farruquito zijn: de musical<\/em> de <strong>28 september 2026 om 20:00 uur<\/strong> in het Maestranza Theater.<\/p>\n<\/div><\/div><\/div><\/div><\/div><div class=\"w-tabs-section\" id=\"d567\" itemscope itemprop=\"mainEntity\" itemtype=\"https:\/\/schema.org\/Question\"><button type=\"button\" class=\"w-tabs-section-header\" aria-controls=\"content-d567\" aria-expanded=\"false\"><h3 class=\"w-tabs-section-title\" itemprop=\"name\">Welke touch en instrumentale premi\u00e8res vallen op?<\/h3><div class=\"w-tabs-section-control\"><\/div><\/button><div  class=\"w-tabs-section-content\" id=\"content-d567\" itemscope itemprop=\"acceptedAnswer\" itemtype=\"https:\/\/schema.org\/Answer\"><div class=\"w-tabs-section-content-h i-cf\" itemprop=\"text\"><div class=\"wpb_text_column\"><div class=\"wpb_wrapper\"><p>Van de instrumentale voorstellen vallen de volgende op: <em>Geheimzinnige fractal<\/em> van Dorantes, <em>De drie Maria&#8217;s<\/em> door Mar\u00eda Mar\u00edn, <em>Tunesi\u00eb<\/em> door Rafael Riqueni en Tim Ries en <em>Trilogie. naar de dans<\/em> door Pablo Mart\u00edn Caminero met Mar\u00eda Moreno.<\/p>\n<\/div><\/div><\/div><\/div><\/div><div class=\"w-tabs-section\" id=\"d6c3\" itemscope itemprop=\"mainEntity\" itemtype=\"https:\/\/schema.org\/Question\"><button type=\"button\" class=\"w-tabs-section-header\" aria-controls=\"content-d6c3\" aria-expanded=\"false\"><h3 class=\"w-tabs-section-title\" itemprop=\"name\">Waar kan ik kaartjes kopen en wijzigingen controleren?<\/h3><div class=\"w-tabs-section-control\"><\/div><\/button><div  class=\"w-tabs-section-content\" id=\"content-d6c3\" itemscope itemprop=\"acceptedAnswer\" itemtype=\"https:\/\/schema.org\/Answer\"><div class=\"w-tabs-section-content-h i-cf\" itemprop=\"text\"><div class=\"wpb_text_column\"><div class=\"wpb_wrapper\"><p>De hoofdreferentie moet de <a href=\"https:\/\/www.labienal.com\/programa-general\" target=\"_blank\" rel=\"noopener\"><strong>offici\u00eble programmering van de Bi\u00ebnnale<\/strong><\/a>, waar de details van elke show, schema&#8217;s, ruimtes en offici\u00eble verkoopkanalen verschijnen. Bij Tablaos Flamencos onderhouden we ook specifieke gidsen over beschikbaarheid, gratis activiteiten en aanbevolen programmering.<\/p>\n<\/div><\/div><\/div><\/div><\/div><\/div><\/div><\/div><\/div><\/div><div class=\"vc_col-sm-1\/5 wpb_column vc_column_container\"><div class=\"vc_column-inner\"><div class=\"wpb_wrapper\"><\/div><\/div><\/div><\/div><\/div><\/section><section class=\"l-section wpb_row height_huge color_alternate with_shape\"><div class=\"l-section-shape type_zigzag pos_top hor_flip\" style=\"height:3vmin;\"><svg xmlns=\"http:\/\/www.w3.org\/2000\/svg\" viewBox=\"0 0 64 8\" preserveAspectRatio=\"none\" width=\"100%\" height=\"100%\">\r\n\t<path fill=\"currentColor\" d=\"M64 8 L0 8 L0 0 L20 7.9 L40 3 L48 5 L64 0 Z\"\/>\r\n<\/svg><\/div><div class=\"l-section-shape type_zigzag pos_bottom\" style=\"height:3vmin;\"><svg xmlns=\"http:\/\/www.w3.org\/2000\/svg\" viewBox=\"0 0 64 8\" preserveAspectRatio=\"none\" width=\"100%\" height=\"100%\">\r\n\t<path fill=\"currentColor\" d=\"M64 8 L0 8 L0 0 L20 7.9 L40 3 L48 5 L64 0 Z\"\/>\r\n<\/svg><\/div><div class=\"l-section-h i-cf\"><div class=\"g-cols vc_row via_flex valign_top type_default stacking_default\"><div class=\"vc_col-sm-12 wpb_column vc_column_container\"><div class=\"vc_column-inner\"><div class=\"wpb_wrapper\"><div class=\"wpb_text_column\"><div class=\"wpb_wrapper\"><h2>Sevilla is opnieuw de plek waar nieuwe flamencoshows worden geboren<\/h2>\n<p>De dimensie van een bi\u00ebnnale wordt ook afgemeten aan wat hij na afloop achterlaat. In oktober zullen veel van deze werken hun reis beginnen of voortzetten en in andere steden en landen in de programmering verschijnen. Maar in september 2026 zal er een moment komen waarop er nog steeds geen geconsolideerde publieke lezing is van wat zojuist is geboren.<\/p>\n<p>Dat moment is de premi\u00e8re.<\/p>\n<p>De Flamenco Bi\u00ebnnale van Sevilla positioneert zich dus opnieuw niet alleen als etalage voor grote artiesten, maar ook als <strong>geboorteplaats van nieuwe repertoires, choreografie\u00ebn en formats<\/strong>. Voor de fan is de mogelijkheid om er voor het eerst aanwezig te zijn \u00e9\u00e9n van de krachtigste redenen om het festival live mee te maken.<\/p>\n<p>En als uw data niet samenvallen met de premi\u00e8re die u zoekt &#8211; of als de tickets al uitverkocht zijn &#8211; biedt Sevilla elke avond een breed scala aan tablaos en flamencoshows. Op onze pagina kunt u de mogelijkheden vergelijken <a href=\"https:\/\/www.tablaosflamencos.com\/flamenco-en-sevilla\"><strong>flamenco in Sevilla<\/strong><\/a>.<\/p>\n<\/div><\/div><\/div><\/div><\/div><\/div><\/div><\/section>\n","protected":false},"excerpt":{"rendered":"<p>Gids met 20 wereldpremi\u00e8res tijdens de Flamencobi\u00ebnnale van Sevilla 2026: data, artiesten, locaties en de Spaanse premi\u00e8re van David Coria.<\/p>\n","protected":false},"author":1,"featured_media":13846,"comment_status":"closed","ping_status":"closed","sticky":false,"template":"","format":"standard","meta":{"_acf_changed":false,"wpai_generated_summary":"","_ayudawp_aiss_exclude":false,"_ayudawp_aiss_exclude_summary":false,"_ayudawp_aiss_summary":"","_ayudawp_aiss_summary_provider":"","_ayudawp_aiss_summary_hash":"","footnotes":""},"categories":[1432],"tags":[1227,1228,1229,1230,1133,423],"class_list":["post-14028","post","type-post","status-publish","format-standard","has-post-thumbnail","hentry","category-flamencobiennale","tag-agenda-flamenca","tag-bienal-2026","tag-bienal-de-flamenco","tag-festivales-flamencos","tag-flamenco-en-sevilla","tag-sevilla"],"acf":[],"yoast_head":"<!-- This site is optimized with the Yoast SEO Premium plugin v28.4 (Yoast SEO v28.4) - https:\/\/yoast.com\/product\/yoast-seo-premium-wordpress\/ -->\n<title>Premi\u00e8res Flamencobi\u00ebnnale 2026: 20 sleutelwerken<\/title>\n<meta name=\"description\" content=\"Gids met 20 wereldpremi\u00e8res tijdens de Flamencobi\u00ebnnale van Sevilla 2026: data, artiesten, locaties en de Spaanse premi\u00e8re van David Coria.\" \/>\n<meta name=\"robots\" content=\"index, follow, max-snippet:-1, max-image-preview:large, max-video-preview:-1\" \/>\n<link rel=\"canonical\" href=\"https:\/\/www.tablaosflamencos.com\/nl\/grote-premieres-flamencobiennale-sevilla-2026.html\" \/>\n<meta property=\"og:locale\" content=\"nl_NL\" \/>\n<meta property=\"og:type\" content=\"article\" \/>\n<meta property=\"og:title\" content=\"De grote premi\u00e8res van de Flamencobi\u00ebnnale van Sevilla 2026\" \/>\n<meta property=\"og:description\" content=\"Gids met 20 wereldpremi\u00e8res tijdens de Flamencobi\u00ebnnale van Sevilla 2026: data, artiesten, locaties en de Spaanse premi\u00e8re van David Coria.\" \/>\n<meta property=\"og:url\" content=\"https:\/\/www.tablaosflamencos.com\/nl\/grote-premieres-flamencobiennale-sevilla-2026.html\" \/>\n<meta property=\"og:site_name\" content=\"Tablaos Flamencos\" \/>\n<meta property=\"article:publisher\" content=\"https:\/\/www.facebook.com\/tablaosflamencos\" \/>\n<meta property=\"article:published_time\" content=\"2026-09-01T10:18:55+00:00\" \/>\n<meta property=\"article:modified_time\" content=\"2026-09-02T10:14:01+00:00\" \/>\n<meta property=\"og:image\" content=\"https:\/\/www.tablaosflamencos.com\/wp-content\/uploads\/los-grandes-estrenos-de-la-bienal-2026-01.webp\" \/>\n\t<meta property=\"og:image:width\" content=\"1920\" \/>\n\t<meta property=\"og:image:height\" content=\"1072\" \/>\n\t<meta property=\"og:image:type\" content=\"image\/webp\" \/>\n<meta name=\"author\" content=\"Miguel Ortiz\" \/>\n<meta name=\"twitter:card\" content=\"summary_large_image\" \/>\n<meta name=\"twitter:creator\" content=\"@tablaosflamenco\" \/>\n<meta name=\"twitter:site\" content=\"@tablaosflamenco\" \/>\n<meta name=\"twitter:label1\" content=\"Geschreven door\" \/>\n\t<meta name=\"twitter:data1\" content=\"Miguel Ortiz\" \/>\n\t<meta name=\"twitter:label2\" content=\"Geschatte leestijd\" \/>\n\t<meta name=\"twitter:data2\" content=\"19 minuten\" \/>\n<script type=\"application\/ld+json\" class=\"yoast-schema-graph\">{\"@context\":\"https:\\\/\\\/schema.org\",\"@graph\":[{\"@type\":\"Article\",\"@id\":\"https:\\\/\\\/www.tablaosflamencos.com\\\/nl\\\/grote-premieres-flamencobiennale-sevilla-2026.html#article\",\"isPartOf\":{\"@id\":\"https:\\\/\\\/www.tablaosflamencos.com\\\/nl\\\/grote-premieres-flamencobiennale-sevilla-2026.html\"},\"author\":{\"name\":\"Miguel Ortiz\",\"@id\":\"https:\\\/\\\/www.tablaosflamencos.com\\\/nl#\\\/schema\\\/person\\\/e7a9ebe14eb75a52ceabfbffb3c54f5d\"},\"headline\":\"De grote premi\u00e8res van de Flamencobi\u00ebnnale van Sevilla 2026\",\"datePublished\":\"2026-09-01T10:18:55+00:00\",\"dateModified\":\"2026-09-02T10:14:01+00:00\",\"mainEntityOfPage\":{\"@id\":\"https:\\\/\\\/www.tablaosflamencos.com\\\/nl\\\/grote-premieres-flamencobiennale-sevilla-2026.html\"},\"wordCount\":3848,\"publisher\":{\"@id\":\"https:\\\/\\\/www.tablaosflamencos.com\\\/nl#organization\"},\"image\":{\"@id\":\"https:\\\/\\\/www.tablaosflamencos.com\\\/nl\\\/grote-premieres-flamencobiennale-sevilla-2026.html#primaryimage\"},\"thumbnailUrl\":\"https:\\\/\\\/www.tablaosflamencos.com\\\/wp-content\\\/uploads\\\/los-grandes-estrenos-de-la-bienal-2026-01.webp\",\"keywords\":[\"agenda flamenca\",\"Bienal 2026\",\"Bienal de Flamenco\",\"festivales flamencos\",\"flamenco en Sevilla\",\"sevilla\"],\"articleSection\":[\"Flamencobi\u00ebnnale\"],\"inLanguage\":\"nl-NL\"},{\"@type\":\"WebPage\",\"@id\":\"https:\\\/\\\/www.tablaosflamencos.com\\\/nl\\\/grote-premieres-flamencobiennale-sevilla-2026.html\",\"url\":\"https:\\\/\\\/www.tablaosflamencos.com\\\/nl\\\/grote-premieres-flamencobiennale-sevilla-2026.html\",\"name\":\"Premi\u00e8res Flamencobi\u00ebnnale 2026: 20 sleutelwerken\",\"isPartOf\":{\"@id\":\"https:\\\/\\\/www.tablaosflamencos.com\\\/nl#website\"},\"primaryImageOfPage\":{\"@id\":\"https:\\\/\\\/www.tablaosflamencos.com\\\/nl\\\/grote-premieres-flamencobiennale-sevilla-2026.html#primaryimage\"},\"image\":{\"@id\":\"https:\\\/\\\/www.tablaosflamencos.com\\\/nl\\\/grote-premieres-flamencobiennale-sevilla-2026.html#primaryimage\"},\"thumbnailUrl\":\"https:\\\/\\\/www.tablaosflamencos.com\\\/wp-content\\\/uploads\\\/los-grandes-estrenos-de-la-bienal-2026-01.webp\",\"datePublished\":\"2026-09-01T10:18:55+00:00\",\"dateModified\":\"2026-09-02T10:14:01+00:00\",\"description\":\"Gids met 20 wereldpremi\u00e8res tijdens de Flamencobi\u00ebnnale van Sevilla 2026: data, artiesten, locaties en de Spaanse premi\u00e8re van David Coria.\",\"breadcrumb\":{\"@id\":\"https:\\\/\\\/www.tablaosflamencos.com\\\/nl\\\/grote-premieres-flamencobiennale-sevilla-2026.html#breadcrumb\"},\"inLanguage\":\"nl-NL\",\"potentialAction\":[{\"@type\":\"ReadAction\",\"target\":[\"https:\\\/\\\/www.tablaosflamencos.com\\\/nl\\\/grote-premieres-flamencobiennale-sevilla-2026.html\"]}]},{\"@type\":\"ImageObject\",\"inLanguage\":\"nl-NL\",\"@id\":\"https:\\\/\\\/www.tablaosflamencos.com\\\/nl\\\/grote-premieres-flamencobiennale-sevilla-2026.html#primaryimage\",\"url\":\"https:\\\/\\\/www.tablaosflamencos.com\\\/wp-content\\\/uploads\\\/los-grandes-estrenos-de-la-bienal-2026-01.webp\",\"contentUrl\":\"https:\\\/\\\/www.tablaosflamencos.com\\\/wp-content\\\/uploads\\\/los-grandes-estrenos-de-la-bienal-2026-01.webp\",\"width\":1920,\"height\":1072,\"caption\":\"Los grandes estrenos de la Bienal 2026\"},{\"@type\":\"BreadcrumbList\",\"@id\":\"https:\\\/\\\/www.tablaosflamencos.com\\\/nl\\\/grote-premieres-flamencobiennale-sevilla-2026.html#breadcrumb\",\"itemListElement\":[{\"@type\":\"ListItem\",\"position\":1,\"name\":\"Home\",\"item\":\"https:\\\/\\\/www.tablaosflamencos.com\\\/nl\"},{\"@type\":\"ListItem\",\"position\":2,\"name\":\"De grote premi\u00e8res van de Flamencobi\u00ebnnale van Sevilla 2026\"}]},{\"@type\":\"WebSite\",\"@id\":\"https:\\\/\\\/www.tablaosflamencos.com\\\/nl#website\",\"url\":\"https:\\\/\\\/www.tablaosflamencos.com\\\/nl\",\"name\":\"Tablaos Flamencos\",\"description\":\"Entradas para tablaos flamencos de Espa\u00f1a\",\"publisher\":{\"@id\":\"https:\\\/\\\/www.tablaosflamencos.com\\\/nl#organization\"},\"alternateName\":\"Tablaos Flamencos\",\"potentialAction\":[{\"@type\":\"SearchAction\",\"target\":{\"@type\":\"EntryPoint\",\"urlTemplate\":\"https:\\\/\\\/www.tablaosflamencos.com\\\/nl?s={search_term_string}\"},\"query-input\":{\"@type\":\"PropertyValueSpecification\",\"valueRequired\":true,\"valueName\":\"search_term_string\"}}],\"inLanguage\":\"nl-NL\"},{\"@type\":[\"Organization\",\"Place\",\"EntertainmentBusiness\"],\"@id\":\"https:\\\/\\\/www.tablaosflamencos.com\\\/nl#organization\",\"name\":\"Tablaos Flamencos\",\"alternateName\":\"Tablaos Flamencos\",\"url\":\"https:\\\/\\\/www.tablaosflamencos.com\\\/nl\",\"logo\":{\"@id\":\"https:\\\/\\\/www.tablaosflamencos.com\\\/nl\\\/grote-premieres-flamencobiennale-sevilla-2026.html#local-main-organization-logo\"},\"image\":{\"@id\":\"https:\\\/\\\/www.tablaosflamencos.com\\\/nl\\\/grote-premieres-flamencobiennale-sevilla-2026.html#local-main-organization-logo\"},\"sameAs\":[\"https:\\\/\\\/www.facebook.com\\\/tablaosflamencos\",\"https:\\\/\\\/x.com\\\/tablaosflamenco\",\"https:\\\/\\\/mastodon.social\\\/@tablaosflamencos\",\"https:\\\/\\\/www.instagram.com\\\/tablaosflamencos\",\"https:\\\/\\\/tiktok.com\\\/@tablaosflamencos\",\"https:\\\/\\\/www.linkedin.com\\\/company\\\/109408238\\\/\"],\"description\":\"Venta de entradas para espect\u00e1culos flamencos\",\"legalName\":\"Tablaos Flamencos\",\"foundingDate\":\"2015-01-01\",\"numberOfEmployees\":{\"@type\":\"QuantitativeValue\",\"minValue\":\"1\",\"maxValue\":\"10\"},\"address\":{\"@id\":\"https:\\\/\\\/www.tablaosflamencos.com\\\/nl\\\/grote-premieres-flamencobiennale-sevilla-2026.html#local-main-place-address\"},\"geo\":{\"@type\":\"GeoCoordinates\",\"latitude\":\"37.3868072\",\"longitude\":\"-5.993280299999999\"},\"telephone\":[\"+34623787787\"],\"contactPoint\":{\"@type\":\"ContactPoint\",\"telephone\":\"+34623787787\",\"email\":\"info@tablaosflamencos.com\"},\"openingHoursSpecification\":{\"@type\":\"OpeningHoursSpecification\",\"dayOfWeek\":[\"Monday\",\"Tuesday\",\"Wednesday\",\"Thursday\",\"Friday\",\"Saturday\",\"Sunday\"],\"opens\":\"00:00\",\"closes\":\"23:59\"},\"email\":\"info@tablaosflamencos.com\",\"priceRange\":\"$$$\",\"currenciesAccepted\":\"\u20ac\"},{\"@type\":\"Person\",\"@id\":\"https:\\\/\\\/www.tablaosflamencos.com\\\/nl#\\\/schema\\\/person\\\/e7a9ebe14eb75a52ceabfbffb3c54f5d\",\"name\":\"Miguel Ortiz\",\"description\":\"Miguel Ortiz es un empresario flamenco, con una s\u00f3lida trayectoria dentro del sector. Ha presidido entidades culturales vinculadas al flamenco y, cuenta con un amplio recorrido profesional en la gesti\u00f3n y promoci\u00f3n de espect\u00e1culos y tablaos flamencos. Su pasi\u00f3n por la historia y el arte flamenco se refleja en cada art\u00edculo, donde combina experiencia, criterio y un profundo respeto por la tradici\u00f3n.\",\"sameAs\":[\"https:\\\/\\\/www.tablaosflamencos.com\",\"https:\\\/\\\/www.instagra.com\\\/miguelortizfe\",\"https:\\\/\\\/www.linkedin.com\\\/in\\\/miguelortizf\\\/\"],\"birthDate\":\"1984-11-22\",\"gender\":\"hombre\",\"knowsLanguage\":[\"espa\u00f1ol\",\"ingl\u00e9s\"],\"jobTitle\":\"Empresario flamenco\"},{\"@type\":\"PostalAddress\",\"@id\":\"https:\\\/\\\/www.tablaosflamencos.com\\\/nl\\\/grote-premieres-flamencobiennale-sevilla-2026.html#local-main-place-address\",\"streetAddress\":\"C\\\/ Alemanes, 19\",\"addressLocality\":\"Sevilla\",\"postalCode\":\"41004\",\"addressRegion\":\"Sevilla\",\"addressCountry\":\"ES\"},{\"@type\":\"ImageObject\",\"inLanguage\":\"nl-NL\",\"@id\":\"https:\\\/\\\/www.tablaosflamencos.com\\\/nl\\\/grote-premieres-flamencobiennale-sevilla-2026.html#local-main-organization-logo\",\"url\":\"https:\\\/\\\/www.tablaosflamencos.com\\\/wp-content\\\/uploads\\\/tablaos-flamencos-06-3.webp\",\"contentUrl\":\"https:\\\/\\\/www.tablaosflamencos.com\\\/wp-content\\\/uploads\\\/tablaos-flamencos-06-3.webp\",\"width\":600,\"height\":620,\"caption\":\"Tablaos Flamencos\"}]}<\/script>\n<meta name=\"geo.placename\" content=\"Sevilla\" \/>\n<meta name=\"geo.position\" content=\"37.3868072;-5.993280299999999\" \/>\n<meta name=\"geo.region\" content=\"Spanje\" \/>\n<!-- \/ Yoast SEO Premium plugin. -->","yoast_head_json":{"title":"Premi\u00e8res Flamencobi\u00ebnnale 2026: 20 sleutelwerken","description":"Gids met 20 wereldpremi\u00e8res tijdens de Flamencobi\u00ebnnale van Sevilla 2026: data, artiesten, locaties en de Spaanse premi\u00e8re van David Coria.","robots":{"index":"index","follow":"follow","max-snippet":"max-snippet:-1","max-image-preview":"max-image-preview:large","max-video-preview":"max-video-preview:-1"},"canonical":"https:\/\/www.tablaosflamencos.com\/nl\/grote-premieres-flamencobiennale-sevilla-2026.html","og_locale":"nl_NL","og_type":"article","og_title":"De grote premi\u00e8res van de Flamencobi\u00ebnnale van Sevilla 2026","og_description":"Gids met 20 wereldpremi\u00e8res tijdens de Flamencobi\u00ebnnale van Sevilla 2026: data, artiesten, locaties en de Spaanse premi\u00e8re van David Coria.","og_url":"https:\/\/www.tablaosflamencos.com\/nl\/grote-premieres-flamencobiennale-sevilla-2026.html","og_site_name":"Tablaos Flamencos","article_publisher":"https:\/\/www.facebook.com\/tablaosflamencos","article_published_time":"2026-09-01T10:18:55+00:00","article_modified_time":"2026-09-02T10:14:01+00:00","og_image":[{"width":1920,"height":1072,"url":"https:\/\/www.tablaosflamencos.com\/wp-content\/uploads\/los-grandes-estrenos-de-la-bienal-2026-01.webp","type":"image\/webp"}],"author":"Miguel Ortiz","twitter_card":"summary_large_image","twitter_creator":"@tablaosflamenco","twitter_site":"@tablaosflamenco","twitter_misc":{"Geschreven door":"Miguel Ortiz","Geschatte leestijd":"19 minuten"},"schema":{"@context":"https:\/\/schema.org","@graph":[{"@type":"Article","@id":"https:\/\/www.tablaosflamencos.com\/nl\/grote-premieres-flamencobiennale-sevilla-2026.html#article","isPartOf":{"@id":"https:\/\/www.tablaosflamencos.com\/nl\/grote-premieres-flamencobiennale-sevilla-2026.html"},"author":{"name":"Miguel Ortiz","@id":"https:\/\/www.tablaosflamencos.com\/nl#\/schema\/person\/e7a9ebe14eb75a52ceabfbffb3c54f5d"},"headline":"De grote premi\u00e8res van de Flamencobi\u00ebnnale van Sevilla 2026","datePublished":"2026-09-01T10:18:55+00:00","dateModified":"2026-09-02T10:14:01+00:00","mainEntityOfPage":{"@id":"https:\/\/www.tablaosflamencos.com\/nl\/grote-premieres-flamencobiennale-sevilla-2026.html"},"wordCount":3848,"publisher":{"@id":"https:\/\/www.tablaosflamencos.com\/nl#organization"},"image":{"@id":"https:\/\/www.tablaosflamencos.com\/nl\/grote-premieres-flamencobiennale-sevilla-2026.html#primaryimage"},"thumbnailUrl":"https:\/\/www.tablaosflamencos.com\/wp-content\/uploads\/los-grandes-estrenos-de-la-bienal-2026-01.webp","keywords":["agenda flamenca","Bienal 2026","Bienal de Flamenco","festivales flamencos","flamenco en Sevilla","sevilla"],"articleSection":["Flamencobi\u00ebnnale"],"inLanguage":"nl-NL"},{"@type":"WebPage","@id":"https:\/\/www.tablaosflamencos.com\/nl\/grote-premieres-flamencobiennale-sevilla-2026.html","url":"https:\/\/www.tablaosflamencos.com\/nl\/grote-premieres-flamencobiennale-sevilla-2026.html","name":"Premi\u00e8res Flamencobi\u00ebnnale 2026: 20 sleutelwerken","isPartOf":{"@id":"https:\/\/www.tablaosflamencos.com\/nl#website"},"primaryImageOfPage":{"@id":"https:\/\/www.tablaosflamencos.com\/nl\/grote-premieres-flamencobiennale-sevilla-2026.html#primaryimage"},"image":{"@id":"https:\/\/www.tablaosflamencos.com\/nl\/grote-premieres-flamencobiennale-sevilla-2026.html#primaryimage"},"thumbnailUrl":"https:\/\/www.tablaosflamencos.com\/wp-content\/uploads\/los-grandes-estrenos-de-la-bienal-2026-01.webp","datePublished":"2026-09-01T10:18:55+00:00","dateModified":"2026-09-02T10:14:01+00:00","description":"Gids met 20 wereldpremi\u00e8res tijdens de Flamencobi\u00ebnnale van Sevilla 2026: data, artiesten, locaties en de Spaanse premi\u00e8re van David Coria.","breadcrumb":{"@id":"https:\/\/www.tablaosflamencos.com\/nl\/grote-premieres-flamencobiennale-sevilla-2026.html#breadcrumb"},"inLanguage":"nl-NL","potentialAction":[{"@type":"ReadAction","target":["https:\/\/www.tablaosflamencos.com\/nl\/grote-premieres-flamencobiennale-sevilla-2026.html"]}]},{"@type":"ImageObject","inLanguage":"nl-NL","@id":"https:\/\/www.tablaosflamencos.com\/nl\/grote-premieres-flamencobiennale-sevilla-2026.html#primaryimage","url":"https:\/\/www.tablaosflamencos.com\/wp-content\/uploads\/los-grandes-estrenos-de-la-bienal-2026-01.webp","contentUrl":"https:\/\/www.tablaosflamencos.com\/wp-content\/uploads\/los-grandes-estrenos-de-la-bienal-2026-01.webp","width":1920,"height":1072,"caption":"Los grandes estrenos de la Bienal 2026"},{"@type":"BreadcrumbList","@id":"https:\/\/www.tablaosflamencos.com\/nl\/grote-premieres-flamencobiennale-sevilla-2026.html#breadcrumb","itemListElement":[{"@type":"ListItem","position":1,"name":"Home","item":"https:\/\/www.tablaosflamencos.com\/nl"},{"@type":"ListItem","position":2,"name":"De grote premi\u00e8res van de Flamencobi\u00ebnnale van Sevilla 2026"}]},{"@type":"WebSite","@id":"https:\/\/www.tablaosflamencos.com\/nl#website","url":"https:\/\/www.tablaosflamencos.com\/nl","name":"Tablaos Flamencos","description":"Entradas para tablaos flamencos de Espa\u00f1a","publisher":{"@id":"https:\/\/www.tablaosflamencos.com\/nl#organization"},"alternateName":"Tablaos Flamencos","potentialAction":[{"@type":"SearchAction","target":{"@type":"EntryPoint","urlTemplate":"https:\/\/www.tablaosflamencos.com\/nl?s={search_term_string}"},"query-input":{"@type":"PropertyValueSpecification","valueRequired":true,"valueName":"search_term_string"}}],"inLanguage":"nl-NL"},{"@type":["Organization","Place","EntertainmentBusiness"],"@id":"https:\/\/www.tablaosflamencos.com\/nl#organization","name":"Tablaos Flamencos","alternateName":"Tablaos Flamencos","url":"https:\/\/www.tablaosflamencos.com\/nl","logo":{"@id":"https:\/\/www.tablaosflamencos.com\/nl\/grote-premieres-flamencobiennale-sevilla-2026.html#local-main-organization-logo"},"image":{"@id":"https:\/\/www.tablaosflamencos.com\/nl\/grote-premieres-flamencobiennale-sevilla-2026.html#local-main-organization-logo"},"sameAs":["https:\/\/www.facebook.com\/tablaosflamencos","https:\/\/x.com\/tablaosflamenco","https:\/\/mastodon.social\/@tablaosflamencos","https:\/\/www.instagram.com\/tablaosflamencos","https:\/\/tiktok.com\/@tablaosflamencos","https:\/\/www.linkedin.com\/company\/109408238\/"],"description":"Venta de entradas para espect\u00e1culos flamencos","legalName":"Tablaos Flamencos","foundingDate":"2015-01-01","numberOfEmployees":{"@type":"QuantitativeValue","minValue":"1","maxValue":"10"},"address":{"@id":"https:\/\/www.tablaosflamencos.com\/nl\/grote-premieres-flamencobiennale-sevilla-2026.html#local-main-place-address"},"geo":{"@type":"GeoCoordinates","latitude":"37.3868072","longitude":"-5.993280299999999"},"telephone":["+34623787787"],"contactPoint":{"@type":"ContactPoint","telephone":"+34623787787","email":"info@tablaosflamencos.com"},"openingHoursSpecification":{"@type":"OpeningHoursSpecification","dayOfWeek":["Monday","Tuesday","Wednesday","Thursday","Friday","Saturday","Sunday"],"opens":"00:00","closes":"23:59"},"email":"info@tablaosflamencos.com","priceRange":"$$$","currenciesAccepted":"\u20ac"},{"@type":"Person","@id":"https:\/\/www.tablaosflamencos.com\/nl#\/schema\/person\/e7a9ebe14eb75a52ceabfbffb3c54f5d","name":"Miguel Ortiz","description":"Miguel Ortiz es un empresario flamenco, con una s\u00f3lida trayectoria dentro del sector. Ha presidido entidades culturales vinculadas al flamenco y, cuenta con un amplio recorrido profesional en la gesti\u00f3n y promoci\u00f3n de espect\u00e1culos y tablaos flamencos. Su pasi\u00f3n por la historia y el arte flamenco se refleja en cada art\u00edculo, donde combina experiencia, criterio y un profundo respeto por la tradici\u00f3n.","sameAs":["https:\/\/www.tablaosflamencos.com","https:\/\/www.instagra.com\/miguelortizfe","https:\/\/www.linkedin.com\/in\/miguelortizf\/"],"birthDate":"1984-11-22","gender":"hombre","knowsLanguage":["espa\u00f1ol","ingl\u00e9s"],"jobTitle":"Empresario flamenco"},{"@type":"PostalAddress","@id":"https:\/\/www.tablaosflamencos.com\/nl\/grote-premieres-flamencobiennale-sevilla-2026.html#local-main-place-address","streetAddress":"C\/ Alemanes, 19","addressLocality":"Sevilla","postalCode":"41004","addressRegion":"Sevilla","addressCountry":"ES"},{"@type":"ImageObject","inLanguage":"nl-NL","@id":"https:\/\/www.tablaosflamencos.com\/nl\/grote-premieres-flamencobiennale-sevilla-2026.html#local-main-organization-logo","url":"https:\/\/www.tablaosflamencos.com\/wp-content\/uploads\/tablaos-flamencos-06-3.webp","contentUrl":"https:\/\/www.tablaosflamencos.com\/wp-content\/uploads\/tablaos-flamencos-06-3.webp","width":600,"height":620,"caption":"Tablaos Flamencos"}]},"geo.placename":"Sevilla","geo.position":{"lat":"37.3868072","long":"-5.993280299999999"},"geo.region":"Spanje"},"_links":{"self":[{"href":"https:\/\/www.tablaosflamencos.com\/nl\/wp-json\/wp\/v2\/posts\/14028","targetHints":{"allow":["GET"]}}],"collection":[{"href":"https:\/\/www.tablaosflamencos.com\/nl\/wp-json\/wp\/v2\/posts"}],"about":[{"href":"https:\/\/www.tablaosflamencos.com\/nl\/wp-json\/wp\/v2\/types\/post"}],"author":[{"embeddable":true,"href":"https:\/\/www.tablaosflamencos.com\/nl\/wp-json\/wp\/v2\/users\/1"}],"replies":[{"embeddable":true,"href":"https:\/\/www.tablaosflamencos.com\/nl\/wp-json\/wp\/v2\/comments?post=14028"}],"version-history":[{"count":1,"href":"https:\/\/www.tablaosflamencos.com\/nl\/wp-json\/wp\/v2\/posts\/14028\/revisions"}],"predecessor-version":[{"id":14038,"href":"https:\/\/www.tablaosflamencos.com\/nl\/wp-json\/wp\/v2\/posts\/14028\/revisions\/14038"}],"wp:featuredmedia":[{"embeddable":true,"href":"https:\/\/www.tablaosflamencos.com\/nl\/wp-json\/wp\/v2\/media\/13846"}],"wp:attachment":[{"href":"https:\/\/www.tablaosflamencos.com\/nl\/wp-json\/wp\/v2\/media?parent=14028"}],"wp:term":[{"taxonomy":"category","embeddable":true,"href":"https:\/\/www.tablaosflamencos.com\/nl\/wp-json\/wp\/v2\/categories?post=14028"},{"taxonomy":"post_tag","embeddable":true,"href":"https:\/\/www.tablaosflamencos.com\/nl\/wp-json\/wp\/v2\/tags?post=14028"}],"curies":[{"name":"wp","href":"https:\/\/api.w.org\/{rel}","templated":true}]}}