{"id":14015,"date":"2026-09-02T00:28:39","date_gmt":"2026-09-01T22:28:39","guid":{"rendered":"https:\/\/www.tablaosflamencos.com\/?p=14015"},"modified":"2026-09-02T00:56:56","modified_gmt":"2026-09-01T22:56:56","slug":"spectaculairste-locaties-flamencobiennale-sevilla-2026","status":"publish","type":"post","link":"https:\/\/www.tablaosflamencos.com\/nl\/spectaculairste-locaties-flamencobiennale-sevilla-2026.html","title":{"rendered":"De spectaculairste locaties van de Flamencobi\u00ebnnale Sevilla 2026"},"content":{"rendered":"<section class=\"l-section wpb_row height_huge\"><div class=\"l-section-h i-cf\"><div class=\"g-cols vc_row via_flex valign_top type_default stacking_default\"><div class=\"vc_col-sm-6 wpb_column vc_column_container\"><div class=\"vc_column-inner\"><div class=\"wpb_wrapper\"><div class=\"wpb_text_column\"><div class=\"wpb_wrapper\"><h2>Wanneer ook de stad deel van de voorstelling wordt<\/h2>\n<p>De <strong>Flamencobi\u00ebnnale Sevilla 2026<\/strong> wordt niet alleen bepaald door de artiesten die het podium betreden. Een essentieel deel van haar karakter ligt in de locaties die voor elk programmaonderdeel zijn gekozen. Tijdens de 24e editie, die plaatsvindt van <strong>9 september tot 3 oktober 2026<\/strong>, neemt flamenco historische theaters, monumentale binnenplaatsen, een voormalige artilleriefabriek, een traditionele gemeenschappelijke woonhof, een barokke kerk en zelfs de arena van een van de meest herkenbare gebouwen van Sevilla in.<\/p>\n<p>Het offici\u00eble programma is verspreid over <strong>11 locaties<\/strong>, maar sommige maken de architectuur zelf tot een onlosmakelijk onderdeel van de voorstelling. Een recital bijwonen in de Patio de la Monter\u00eda van het Real Alc\u00e1zar, om twaalf uur \u2019s middags cante horen in San Luis de los Franceses of de nacht afsluiten onder de open hemel van Hotel Triana geeft een heel andere ervaring dan een grootschalige productie in het Teatro de la Maestranza.<\/p>\n<p>Deze gids selecteert de <strong>spectaculairste locaties van de Flamencobi\u00ebnnale Sevilla 2026<\/strong>, legt uit wat ze van elkaar onderscheidt en vermeldt welke voorstellingen op elke plek zijn geprogrammeerd.<\/p>\n<\/div><\/div><\/div><\/div><\/div><div class=\"vc_col-sm-6 wpb_column vc_column_container\"><div class=\"vc_column-inner\"><div class=\"wpb_wrapper\"><div class=\"wpb_text_column\"><div class=\"wpb_wrapper\"><p style=\"text-align: center; font-size: 58px; line-height: 1; margin-bottom: 10px;\"><strong>11<\/strong><\/p>\n<h3 style=\"text-align: center;\">offici\u00eble locaties<\/h3>\n<p style=\"text-align: center;\"><strong>7 bijzonder unieke locaties<\/strong><\/p>\n<p style=\"text-align: center;\">Erfgoed, architectuur en flamenco<\/p>\n<p style=\"text-align: center;\">Van <strong>9 september tot 3 oktober 2026<\/strong><\/p>\n<\/div><\/div><\/div><\/div><\/div><\/div><\/div><\/section><section class=\"l-section wpb_row height_huge color_alternate with_shape\"><div class=\"l-section-shape type_zigzag pos_top\" style=\"height:3vmin;\"><svg xmlns=\"http:\/\/www.w3.org\/2000\/svg\" viewBox=\"0 0 64 8\" preserveAspectRatio=\"none\" width=\"100%\" height=\"100%\">\r\n\t<path fill=\"currentColor\" d=\"M64 8 L0 8 L0 0 L20 7.9 L40 3 L48 5 L64 0 Z\"\/>\r\n<\/svg><\/div><div class=\"l-section-shape type_zigzag pos_bottom\" style=\"height:3vmin;\"><svg xmlns=\"http:\/\/www.w3.org\/2000\/svg\" viewBox=\"0 0 64 8\" preserveAspectRatio=\"none\" width=\"100%\" height=\"100%\">\r\n\t<path fill=\"currentColor\" d=\"M64 8 L0 8 L0 0 L20 7.9 L40 3 L48 5 L64 0 Z\"\/>\r\n<\/svg><\/div><div class=\"l-section-h i-cf\"><div class=\"g-cols vc_row via_flex valign_top type_default stacking_default\"><div class=\"vc_col-sm-12 wpb_column vc_column_container\"><div class=\"vc_column-inner\"><div class=\"wpb_wrapper\"><div class=\"wpb_text_column\"><div class=\"wpb_wrapper\"><blockquote>\n<p><strong>Kort antwoord:<\/strong> als je de bijzonderste locaties van de Bi\u00ebnnale 2026 zoekt, springen vooral de <strong>Patio de la Monter\u00eda van het Real Alc\u00e1zar<\/strong> eruit door zijn monumentale karakter, <strong>San Luis de los Franceses<\/strong> door de intieme baroksfeer, de <strong>Real F\u00e1brica de Artiller\u00eda<\/strong> door de industri\u00eble architectuur, <strong>Hotel Triana<\/strong> door de sfeer van een traditionele gemeenschappelijke woonhof, de <strong>Plaza de Toros de la Real Maestranza<\/strong> door de grote gala-avond op 10 september, het gerestaureerde <strong>Teatro Lope de Vega<\/strong> door zijn historische terugkeer en het <strong>Teatro de la Maestranza<\/strong> voor de grootste producties.<\/p>\n<\/blockquote>\n<p><strong>Laatst bijgewerkt: 1 september 2026.<\/strong> Programma, toegangen en beschikbaarheid van plaatsen kunnen veranderen. Controleer daarom altijd de offici\u00eble informatie bij elke voorstelling.<\/p>\n<\/div><\/div><div class=\"w-separator size_medium\"><\/div><div class=\"w-hwrapper valign_top wrap stack_on_mobiles align_center\" style=\"--hwrapper-gap:1.2rem\"><div class=\"w-btn-wrapper align_none\"><a class=\"w-btn us-btn-style_1\" href=\"https:\/\/www.tablaosflamencos.com\/nl\/flamenco-biennale-sevilla-2026.html\"><span class=\"w-btn-label\">Complete gids voor de Bi\u00ebnnale 2026<\/span><\/a><\/div><div class=\"w-btn-wrapper align_none\"><a class=\"w-btn us-btn-style_1\" href=\"https:\/\/www.tablaosflamencos.com\/nl\/flamencobiennale-sevilla\"><span class=\"w-btn-label\">Bekijk al het nieuws over de Bi\u00ebnnale<\/span><\/a><\/div><\/div><\/div><\/div><\/div><\/div><\/div><\/section><section class=\"l-section wpb_row height_huge\"><div class=\"l-section-h i-cf\"><div class=\"g-cols vc_row via_flex valign_top type_default stacking_default\"><div class=\"vc_col-sm-12 wpb_column vc_column_container\"><div class=\"vc_column-inner\"><div class=\"wpb_wrapper\"><div class=\"wpb_text_column\"><div class=\"wpb_wrapper\"><h2>De spectaculairste locaties van de Bi\u00ebnnale 2026 in \u00e9\u00e9n oogopslag<\/h2>\n<div style=\"overflow-x: auto;\">\n<table>\n<thead>\n<tr>\n<th>Locatie<\/th>\n<th>Wat maakt deze plek bijzonder<\/th>\n<th>Uitgelicht programma<\/th>\n<\/tr>\n<\/thead>\n<tbody>\n<tr>\n<td><strong>Real Alc\u00e1zar \u00b7 Patio de la Monter\u00eda<\/strong><\/td>\n<td>Historisch paleis en grote monumentale binnenplaats in de openlucht<\/td>\n<td>Israel Fern\u00e1ndez, Rancapino Chico en <em>Xerezan\u00edas<\/em><\/td>\n<\/tr>\n<tr>\n<td><strong>Real F\u00e1brica de Artiller\u00eda<\/strong><\/td>\n<td>Industri\u00eble architectuur uit de 18e eeuw en hedendaagse expressie<\/td>\n<td>Ana Morales en de trilogie van Pablo Mart\u00edn Caminero<\/td>\n<\/tr>\n<tr>\n<td><strong>San Luis de los Franceses<\/strong><\/td>\n<td>Barok, intieme akoestiek en voorstellingen rond het middaguur<\/td>\n<td>Zes Unieke Matinees<\/td>\n<\/tr>\n<tr>\n<td><strong>Hotel Triana<\/strong><\/td>\n<td>Historische gemeenschappelijke woonhof, open patio en flamencoherinnering<\/td>\n<td>Drie late-avondvoorstellingen van 17 tot 19 september<\/td>\n<\/tr>\n<tr>\n<td><strong>Plaza de Toros de la Real Maestranza<\/strong><\/td>\n<td>Grote historische openluchtlocatie<\/td>\n<td>Gala <em>El mundo por montera<\/em>, 10 september<\/td>\n<\/tr>\n<tr>\n<td><strong>Teatro Lope de Vega<\/strong><\/td>\n<td>Neobarok theater uit 1929, heropend na restauratie<\/td>\n<td>Dorantes, Arc\u00e1ngel, Riqueni, Aurora Vargas, Mayte Mart\u00edn&#8230;<\/td>\n<\/tr>\n<tr>\n<td><strong>Teatro de la Maestranza<\/strong><\/td>\n<td>Groot podium voor grootschalige producties<\/td>\n<td>Sara Baras, Israel Galv\u00e1n, Jos\u00e9 Merc\u00e9, Farruquito en de afsluiting van de Bi\u00ebnnale<\/td>\n<\/tr>\n<\/tbody>\n<\/table>\n<\/div>\n<\/div><\/div><\/div><\/div><\/div><\/div><\/div><\/section><section class=\"l-section wpb_row height_huge color_alternate with_shape\"><div class=\"l-section-shape type_zigzag pos_top\" style=\"height:3vmin;\"><svg xmlns=\"http:\/\/www.w3.org\/2000\/svg\" viewBox=\"0 0 64 8\" preserveAspectRatio=\"none\" width=\"100%\" height=\"100%\">\r\n\t<path fill=\"currentColor\" d=\"M64 8 L0 8 L0 0 L20 7.9 L40 3 L48 5 L64 0 Z\"\/>\r\n<\/svg><\/div><div class=\"l-section-shape type_zigzag pos_bottom\" style=\"height:3vmin;\"><svg xmlns=\"http:\/\/www.w3.org\/2000\/svg\" viewBox=\"0 0 64 8\" preserveAspectRatio=\"none\" width=\"100%\" height=\"100%\">\r\n\t<path fill=\"currentColor\" d=\"M64 8 L0 8 L0 0 L20 7.9 L40 3 L48 5 L64 0 Z\"\/>\r\n<\/svg><\/div><div class=\"l-section-h i-cf\"><div class=\"g-cols vc_row via_flex valign_top type_default stacking_default\"><div class=\"vc_col-sm-6 wpb_column vc_column_container\"><div class=\"vc_column-inner\"><div class=\"wpb_wrapper\"><div class=\"wpb_text_column\"><div class=\"wpb_wrapper\"><h2 id=\"real-alcazar\">1. Patio de la Monter\u00eda van het Real Alc\u00e1zar: flamenco tegenover eeuwen geschiedenis<\/h2>\n<p>Het <strong>Real Alc\u00e1zar van Sevilla<\/strong> is zo\u2019n plek waar bezoekers enkele seconden nodig hebben om te beslissen waar ze eerst moeten kijken. De oorsprong van het paleiscomplex gaat terug tot de 10e eeuw en door eeuwenlange veranderingen zijn er islamitische, Mud\u00e9jar-, gotische, renaissance- en barokke lagen samengekomen.<\/p>\n<p>De Bi\u00ebnnale gebruikt de <strong>Patio de la Monter\u00eda<\/strong>, een grote open ruimte v\u00f3\u00f3r de buitengewone gevel van het Mud\u00e9jar-paleis van Pedro I. \u2019s Avonds, met de monumentale verlichting en de Giralda die vanuit bepaalde hoeken zichtbaar is, krijgt de locatie een uitstraling die in een conventioneel theater nauwelijks te reproduceren is.<\/p>\n<p>Hier is het erfgoed geen neutrale achtergrond. De schaal van de patio, de steen, de open hemel en zelfs de toegang tot het complex maken van de voorstelling een ervaring die rechtstreeks met Sevilla verbonden is.<\/p>\n<\/div><\/div><\/div><\/div><\/div><div class=\"vc_col-sm-6 wpb_column vc_column_container\"><div class=\"vc_column-inner\"><div class=\"wpb_wrapper\"><div class=\"wpb_text_column\"><div class=\"wpb_wrapper\"><h2>Wat je tijdens de Bi\u00ebnnale 2026 in het Real Alc\u00e1zar kunt zien<\/h2>\n<p>Het programma concentreert zich op drie opeenvolgende avonden:<\/p>\n<ul>\n<li><strong>14 september:<\/strong> Israel Fern\u00e1ndez presenteert <em>De oro y marfil<\/em>.<\/li>\n<li><strong>15 september:<\/strong> Rancapino Chico brengt de premi\u00e8re van <em>Pizarra<\/em>.<\/li>\n<li><strong>16 september:<\/strong> <em>Xerezan\u00edas<\/em> brengt Luis El Zambo, Dolores Agujetas, Antonio de la Malena, Manuel Valencia en Las Tatas de Jerez samen.<\/li>\n<\/ul>\n<p>Deze keuze past bij een locatie als deze: recitals en ontmoetingen waarin de kracht ligt in de aanwezigheid van de artiesten, de zang en de gitaar, zonder dat de patio met decor hoeft te worden gevuld.<\/p>\n<p><strong>Ideaal voor:<\/strong> wie een Bi\u00ebnnale-avond wil beleven in een onmiskenbaar Sevillaanse monumentale omgeving.<\/p>\n<\/div><\/div><\/div><\/div><\/div><\/div><\/div><\/section><section class=\"l-section wpb_row height_huge\"><div class=\"l-section-h i-cf\"><div class=\"g-cols vc_row via_flex valign_top type_default stacking_default\"><div class=\"vc_col-sm-6 wpb_column vc_column_container\"><div class=\"vc_column-inner\"><div class=\"wpb_wrapper\"><div class=\"wpb_text_column\"><div class=\"wpb_wrapper\"><h2 id=\"artilleria\">2. Real F\u00e1brica de Artiller\u00eda: industrieel erfgoed voor de meest hedendaagse flamenco<\/h2>\n<p>De <strong>Real F\u00e1brica de Artiller\u00eda<\/strong> biedt een totaal andere ervaring. De oorsprong gaat terug tot de bronsgieterij van de familie Morel in de 16e eeuw, al kreeg het grote huidige gebouw vooral in de 18e eeuw vorm en werd het onder Karel III sterk uitgebreid.<\/p>\n<p>De hallen, gewelven, binnenplaatsen, voormalige gietzones en industri\u00eble schaal maken van Artiller\u00eda een van de krachtigste erfgoedlocaties van de stad. Na tientallen jaren verbonden te zijn geweest met militaire productie, wordt het terrein nu herontwikkeld tot een belangrijk cultureel centrum.<\/p>\n<p>Het rauwe karakter van het gebouw werkt bijzonder goed met projecten die nieuwe talen onderzoeken. Waar San Luis uitnodigt tot verstilling, biedt Artiller\u00eda diepte, materiaal, schaduw en een bijna cinematografische sfeer.<\/p>\n<\/div><\/div><\/div><\/div><\/div><div class=\"vc_col-sm-6 wpb_column vc_column_container\"><div class=\"vc_column-inner\"><div class=\"wpb_wrapper\"><div class=\"wpb_text_column\"><div class=\"wpb_wrapper\"><h2>Wat de Bi\u00ebnnale 2026 programmeert in Artiller\u00eda<\/h2>\n<p>De editie van 2026 gebruikt de locatie voor twee grote creatieve lijnen:<\/p>\n<ul>\n<li><strong>13 en 14 september:<\/strong> Ana Morales presenteert de wereldpremi\u00e8re van <em>Rapsodia. Fantas\u00eda subterr\u00e1nea<\/em>.<\/li>\n<li><strong>22 september:<\/strong> <em>Trilog\u00eda. Al toque<\/em>, van Pablo Mart\u00edn Caminero.<\/li>\n<li><strong>23 september:<\/strong> <em>Trilog\u00eda. Al baile<\/em>, met Mar\u00eda Moreno.<\/li>\n<li><strong>24 september:<\/strong> <em>Trilog\u00eda. Al cante<\/em>, met David Carpio.<\/li>\n<\/ul>\n<p>De dialoog tussen een historisch industrieel complex en experimentele podiumprojecten maakt deze locatie tot een van de duidelijkste voorbeelden van een Bi\u00ebnnale die traditie en avant-garde niet van elkaar scheidt.<\/p>\n<p><strong>Ideaal voor:<\/strong> wie een visueel krachtige ervaring en hedendaagse creatieve flamenco zoekt.<\/p>\n<\/div><\/div><\/div><\/div><\/div><\/div><\/div><\/section><section class=\"l-section wpb_row height_huge color_alternate with_shape\"><div class=\"l-section-shape type_zigzag pos_top\" style=\"height:3vmin;\"><svg xmlns=\"http:\/\/www.w3.org\/2000\/svg\" viewBox=\"0 0 64 8\" preserveAspectRatio=\"none\" width=\"100%\" height=\"100%\">\r\n\t<path fill=\"currentColor\" d=\"M64 8 L0 8 L0 0 L20 7.9 L40 3 L48 5 L64 0 Z\"\/>\r\n<\/svg><\/div><div class=\"l-section-shape type_zigzag pos_bottom\" style=\"height:3vmin;\"><svg xmlns=\"http:\/\/www.w3.org\/2000\/svg\" viewBox=\"0 0 64 8\" preserveAspectRatio=\"none\" width=\"100%\" height=\"100%\">\r\n\t<path fill=\"currentColor\" d=\"M64 8 L0 8 L0 0 L20 7.9 L40 3 L48 5 L64 0 Z\"\/>\r\n<\/svg><\/div><div class=\"l-section-h i-cf\"><div class=\"g-cols vc_row via_flex valign_top type_default stacking_default\"><div class=\"vc_col-sm-6 wpb_column vc_column_container\"><div class=\"vc_column-inner\"><div class=\"wpb_wrapper\"><div class=\"wpb_text_column\"><div class=\"wpb_wrapper\"><h2 id=\"san-luis\">3. San Luis de los Franceses: zes matinees in een barok juweel<\/h2>\n<p>De <strong>kerk San Luis de los Franceses<\/strong> is waarschijnlijk de meest intieme en rijkst gedecoreerde locatie in deze lijst. Het complex, gebouwd tussen <strong>1699 en 1731<\/strong> naar een ontwerp van <strong>Leonardo de Figueroa<\/strong>, geldt als een van de grote voorbeelden van de volle Sevillaanse barok.<\/p>\n<p>De architectuur is ontworpen om de bezoeker te omhullen. Altaarstukken, schilderkunst, beeldhouwkunst, licht en verhoudingen werken samen en maken elke muzikale uitvoering anders dan een recital in een conventionele concertzaal.<\/p>\n<p>De Bi\u00ebnnale benut bovendien een bijzondere omstandigheid: de voorstellingen vinden plaats om <strong>12:00 uur<\/strong>. Daglicht en het kleinschalige formaat veranderen het gebruikelijke ritme van een festival dat grotendeels met de nacht wordt geassocieerd.<\/p>\n<\/div><\/div><\/div><\/div><\/div><div class=\"vc_col-sm-6 wpb_column vc_column_container\"><div class=\"vc_column-inner\"><div class=\"wpb_wrapper\"><div class=\"wpb_text_column\"><div class=\"wpb_wrapper\"><h2>De Unieke Matinees van San Luis<\/h2>\n<p>San Luis ontvangt zes voorstellingen in dialoog met de wereld van de oude muziek:<\/p>\n<ul>\n<li><strong>12 en 13 september:<\/strong> Pedro El Grana\u00edno, <em>Pan de oro<\/em>, met Daniel Oyarz\u00e1bal.<\/li>\n<li><strong>19 en 20 september:<\/strong> Alejandro Hurtado, <em>Devenir de la guitarra<\/em>, met Enrike Solin\u00eds.<\/li>\n<li><strong>26 en 27 september:<\/strong> Encarna Anillo, <em>Camino de flores<\/em>, met Miguel Rinc\u00f3n.<\/li>\n<\/ul>\n<p>We hebben een aparte gids gemaakt met het programma en de belangrijkste informatie over deze reeks <a href=\"https:\/\/www.tablaosflamencos.com\/matines-unicas-bienal-flamenco-sevilla-2026.html\"><strong>Unieke Matinees van de Bi\u00ebnnale 2026<\/strong><\/a>.<\/p>\n<p><strong>Ideaal voor:<\/strong> wie houdt van nabijheid, natuurlijke akoestiek, erfgoed en rustig luisteren.<\/p>\n<\/div><\/div><\/div><\/div><\/div><\/div><\/div><\/section><section class=\"l-section wpb_row height_huge\"><div class=\"l-section-h i-cf\"><div class=\"g-cols vc_row via_flex valign_top type_default stacking_default\"><div class=\"vc_col-sm-6 wpb_column vc_column_container\"><div class=\"vc_column-inner\"><div class=\"wpb_wrapper\"><div class=\"wpb_text_column\"><div class=\"wpb_wrapper\"><h2 id=\"hotel-triana\">4. Hotel Triana: een traditionele gemeenschappelijke woonhof met de hemel als dak<\/h2>\n<p>De naam kan misleidend zijn. Het <strong>Hotel Triana<\/strong> functioneert tegenwoordig niet als toeristisch hotel. Het werd gebouwd voor de Ibero-Amerikaanse Tentoonstelling van 1929 om bezoekers te huisvesten, maar vervulde die functie nooit en werd uiteindelijk omgevormd tot een <strong>traditionele gemeenschappelijke woonhof<\/strong>.<\/p>\n<p>De U-vormige structuur rond een grote patio bewaart de gemeenschappelijke logica van veel traditionele woningen in Triana. Het als cultureel erfgoed beschermde gebouw heeft een bijzonder sterke band met de Bi\u00ebnnale en met het flamencogeheugen van de wijk.<\/p>\n<p>Hier verdwijnt de formele afstand van een theater. De patio, galerijen, binnengevels en open hemel cre\u00ebren een sfeer die eraan herinnert dat een groot deel van de sociale geschiedenis van flamenco zich afspeelde in gedeelde ruimtes, patio\u2019s, bijeenkomsten en feesten.<\/p>\n<\/div><\/div><\/div><\/div><\/div><div class=\"vc_col-sm-6 wpb_column vc_column_container\"><div class=\"vc_column-inner\"><div class=\"wpb_wrapper\"><div class=\"wpb_text_column\"><div class=\"wpb_wrapper\"><h2>De terugkeer van Hotel Triana in 2026<\/h2>\n<p>Na vier jaar afwezigheid in het programma keert de locatie terug met drie opeenvolgende nachten die zijn opgezet als <strong>late-avondvoorstellingen<\/strong> van de Bi\u00ebnnale:<\/p>\n<ul>\n<li><strong>17 september:<\/strong> <em>Mujeres gitanas<\/em>, met Remedios Amaya, Montse Cort\u00e9s, La Fabi en andere artiesten.<\/li>\n<li><strong>18 september:<\/strong> <em>Uvitas negras<\/em>, verbonden aan het 75-jarig bestaan van Pe\u00f1a Pozo de las Penas.<\/li>\n<li><strong>19 september:<\/strong> <em>Andaluc\u00eda en el Tiempo<\/em>, met artiesten uit verschillende Andalusische provincies.<\/li>\n<\/ul>\n<p>Alle drie zijn opgezet als <a href=\"https:\/\/www.tablaosflamencos.com\/noches-unicas-bienal-flamenco-sevilla-2026.html\"><strong>Unieke Nachten<\/strong><\/a>, ontmoetingen die bedoeld zijn om op een onherhaalbare manier plaats te vinden.<\/p>\n<p><strong>Ideaal voor:<\/strong> wie een van de meest flamenco-achtige en minst conventionele sferen van de hele Bi\u00ebnnale wil beleven.<\/p>\n<\/div><\/div><\/div><\/div><\/div><\/div><\/div><\/section><section class=\"l-section wpb_row height_huge color_alternate with_shape\"><div class=\"l-section-shape type_zigzag pos_top\" style=\"height:3vmin;\"><svg xmlns=\"http:\/\/www.w3.org\/2000\/svg\" viewBox=\"0 0 64 8\" preserveAspectRatio=\"none\" width=\"100%\" height=\"100%\">\r\n\t<path fill=\"currentColor\" d=\"M64 8 L0 8 L0 0 L20 7.9 L40 3 L48 5 L64 0 Z\"\/>\r\n<\/svg><\/div><div class=\"l-section-shape type_zigzag pos_bottom\" style=\"height:3vmin;\"><svg xmlns=\"http:\/\/www.w3.org\/2000\/svg\" viewBox=\"0 0 64 8\" preserveAspectRatio=\"none\" width=\"100%\" height=\"100%\">\r\n\t<path fill=\"currentColor\" d=\"M64 8 L0 8 L0 0 L20 7.9 L40 3 L48 5 L64 0 Z\"\/>\r\n<\/svg><\/div><div class=\"l-section-h i-cf\"><div class=\"g-cols vc_row via_flex valign_top type_default stacking_default\"><div class=\"vc_col-sm-6 wpb_column vc_column_container\"><div class=\"vc_column-inner\"><div class=\"wpb_wrapper\"><div class=\"wpb_text_column\"><div class=\"wpb_wrapper\"><h2 id=\"plaza-toros\">5. Plaza de Toros de la Real Maestranza: een gala dat de hele arena vult<\/h2>\n<p>De <strong>Plaza de Toros de la Real Maestranza de Caballer\u00eda<\/strong> is een van de grote architectonische iconen van Sevilla. De stenen bouw begon in de 18e eeuw en het complex werd uiteindelijk in 1881 voltooid, na een proces van meer dan een eeuw.<\/p>\n<p>De arena van geel zand, de wit-okerkleurige bogen en de ronde schaal vormen een beeld dat radicaal verschilt van elk theater. Voor een flamencovoorstelling betekent dit bovendien spelen in een enorme openluchtruimte, met het publiek rondom de sc\u00e8ne.<\/p>\n<p>In 2026 gebruikt de Bi\u00ebnnale de arena voor \u00e9\u00e9n groot evenement, wat het bijzondere karakter ervan versterkt.<\/p>\n<\/div><\/div><\/div><\/div><\/div><div class=\"vc_col-sm-6 wpb_column vc_column_container\"><div class=\"vc_column-inner\"><div class=\"wpb_wrapper\"><div class=\"wpb_text_column\"><div class=\"wpb_wrapper\"><h2><em>El mundo por montera<\/em>: het grote gala op 10 september<\/h2>\n<p>Op <strong>10 september om 21:30 uur<\/strong>vindt in de Plaza de Toros het gala van de 24e Bi\u00ebnnale plaats: <em>El mundo por montera<\/em>, met Jos\u00e9 Merc\u00e9, Jos\u00e9 de la Tomasa, Martirio, Arc\u00e1ngel, La Tremendita, \u00c1ngeles Toledano, El Perrete, Manuel de la Tomasa en het Ballet Flamenco de Andaluc\u00eda onder leiding van Patricia Guerrero.<\/p>\n<p>Het evenement vindt \u00e9\u00e9n dag na de openingsrede op 9 september plaats en geldt als een van de grote publieke openingen van deze editie. Meer informatie vind je in onze gids over <a href=\"https:\/\/www.tablaosflamencos.com\/inauguracion-bienal-flamenco-sevilla-2026.html\"><strong>hoe de Bi\u00ebnnale 2026 wordt geopend<\/strong><\/a>.<\/p>\n<p><strong>Ideaal voor:<\/strong> wie schaal, de sfeer van een groot evenement en een drukbezochte avond in een symbool van Sevilla zoekt.<\/p>\n<\/div><\/div><\/div><\/div><\/div><\/div><\/div><\/section><section class=\"l-section wpb_row height_huge\"><div class=\"l-section-h i-cf\"><div class=\"g-cols vc_row via_flex valign_top type_default stacking_default\"><div class=\"vc_col-sm-6 wpb_column vc_column_container\"><div class=\"vc_column-inner\"><div class=\"wpb_wrapper\"><div class=\"wpb_text_column\"><div class=\"wpb_wrapper\"><h2 id=\"lope-vega\">6. Teatro Lope de Vega: de grote terugkeer van de Bi\u00ebnnale 2026<\/h2>\n<p>Het <strong>Teatro Lope de Vega<\/strong> geeft deze editie een extra emotionele dimensie. Het werd gebouwd voor de Ibero-Amerikaanse Tentoonstelling van <strong>1929<\/strong>, en het neobarokke gebouw maakte samen met het Casino de la Exposici\u00f3n deel uit van het voormalige Paviljoen van Sevilla.<\/p>\n<p>Na een sluiting wegens werkzaamheden gaat het theater precies voor de Bi\u00ebnnale weer open voor publiek. De volledige restauratie kostte meer dan <strong>9,5 miljoen euro<\/strong> en maakt de terugkeer tot een van de culturele gebeurtenissen van het jaar in Sevilla.<\/p>\n<p>Voor het festival is dit niet zomaar een locatie. Het Lope is al tientallen jaren verbonden met de geschiedenis van de Bi\u00ebnnale en de heropening brengt een zaal terug die de theatrale dimensie van flamenco in de stad bijzonder goed vertegenwoordigt.<\/p>\n<\/div><\/div><\/div><\/div><\/div><div class=\"vc_col-sm-6 wpb_column vc_column_container\"><div class=\"vc_column-inner\"><div class=\"wpb_wrapper\"><div class=\"wpb_text_column\"><div class=\"wpb_wrapper\"><h2>Een programma dat past bij de heropening<\/h2>\n<p>De eerste artiest die het gerestaureerde podium betreedt is <strong>Dorantes<\/strong>, op 12 september, met de wereldpremi\u00e8re van <em>Fractal Arcano<\/em>. Daarna volgen Arc\u00e1ngel, Antonio Reyes, Rafael Riqueni met Tim Ries, Aurora Vargas en Juana Amaya, David Coria, Mayte Mart\u00edn, Alfonso Losa en andere namen.<\/p>\n<p>De combinatie van wereldpremi\u00e8res, unieke nachten en artiesten uit verschillende generaties maakt het Lope tot een van de locaties met het meest complete programma van de hele editie.<\/p>\n<p>De uitstraling van een historisch theater biedt bovendien een heel andere ervaring dan de moderniteit van het Teatro Central of de grote schaal van het Maestranza.<\/p>\n<p><strong>Ideaal voor:<\/strong> wie klassiek theater, de geschiedenis van de Bi\u00ebnnale en de symboliek van een heropening waardeert.<\/p>\n<\/div><\/div><\/div><\/div><\/div><\/div><\/div><\/section><section class=\"l-section wpb_row height_huge color_alternate with_shape\"><div class=\"l-section-shape type_zigzag pos_top\" style=\"height:3vmin;\"><svg xmlns=\"http:\/\/www.w3.org\/2000\/svg\" viewBox=\"0 0 64 8\" preserveAspectRatio=\"none\" width=\"100%\" height=\"100%\">\r\n\t<path fill=\"currentColor\" d=\"M64 8 L0 8 L0 0 L20 7.9 L40 3 L48 5 L64 0 Z\"\/>\r\n<\/svg><\/div><div class=\"l-section-shape type_zigzag pos_bottom\" style=\"height:3vmin;\"><svg xmlns=\"http:\/\/www.w3.org\/2000\/svg\" viewBox=\"0 0 64 8\" preserveAspectRatio=\"none\" width=\"100%\" height=\"100%\">\r\n\t<path fill=\"currentColor\" d=\"M64 8 L0 8 L0 0 L20 7.9 L40 3 L48 5 L64 0 Z\"\/>\r\n<\/svg><\/div><div class=\"l-section-h i-cf\"><div class=\"g-cols vc_row via_flex valign_top type_default stacking_default\"><div class=\"vc_col-sm-6 wpb_column vc_column_container\"><div class=\"vc_column-inner\"><div class=\"wpb_wrapper\"><div class=\"wpb_text_column\"><div class=\"wpb_wrapper\"><h2 id=\"teatro-maestranza\">7. Teatro de la Maestranza: het podium voor grootschalige producties<\/h2>\n<p>Het <strong>Teatro de la Maestranza<\/strong> vertegenwoordigt de meest hedendaagse en technisch ambitieuze kant van deze selectie. Het theater werd in 1991 geopend en ontworpen door de architecten Aurelio del Pozo en Luis Mar\u00edn. Het ontstond als een groot multifunctioneel auditorium en werd later technisch aangepast aan de eisen van opera en andere grote producties.<\/p>\n<p>Binnen de Bi\u00ebnnale is dit de natuurlijke plek voor voorstellingen die ruimte, toneelmachinerie, een grote capaciteit en geavanceerde technische mogelijkheden nodig hebben. In tegenstelling tot het historische karakter van het Alc\u00e1zar of San Luis ligt hier de nadruk op wat er op het podium kan worden gebouwd.<\/p>\n<p>Dat betekent niet dat het theater geen eigen identiteit heeft: de band met muziek en podiumkunsten in Sevilla sinds Expo \u201992 heeft het tot een van de grote theaters van Spanje gemaakt.<\/p>\n<\/div><\/div><\/div><\/div><\/div><div class=\"vc_col-sm-6 wpb_column vc_column_container\"><div class=\"vc_column-inner\"><div class=\"wpb_wrapper\"><div class=\"wpb_text_column\"><div class=\"wpb_wrapper\"><h2>Sara Baras, Israel Galv\u00e1n, Farruquito en de afsluiting<\/h2>\n<p>Het programma van het Maestranza is een van de sterkste van 2026. Sara Baras opent haar reeks op <strong>11, 12 en 13 september<\/strong> met de wereldpremi\u00e8re van <em>Infinita<\/em>, haar terugkeer naar de Bi\u00ebnnale na veertien jaar. Alle details lees je in onze gids over <a href=\"https:\/\/www.tablaosflamencos.com\/sara-baras-sevilla-2026-infinita-bienal.html\"><strong>Sara Baras in Sevilla 2026<\/strong><\/a>.<\/p>\n<p>Daarna ontvangt het theater onder anderen Ca\u00f1izares met de ROSS, Jos\u00e9 Merc\u00e9, Manuel Li\u00f1\u00e1n, Israel Galv\u00e1n, Farruquito en Marina Heredia. Op <strong>3 oktober<\/strong> staat ook <em>Perlas a Millares<\/em>op het programma, de productie die de 24e editie afsluit.<\/p>\n<p><strong>Ideaal voor:<\/strong> wie de grootste producties en enkele van de belangrijkste namen op het programma wil zien.<\/p>\n<\/div><\/div><\/div><\/div><\/div><\/div><\/div><\/section><section class=\"l-section wpb_row height_huge\"><div class=\"l-section-h i-cf\"><div class=\"g-cols vc_row via_flex valign_top type_default stacking_default\"><div class=\"vc_col-sm-12 wpb_column vc_column_container\"><div class=\"vc_column-inner\"><div class=\"wpb_wrapper\"><div class=\"wpb_text_column\"><div class=\"wpb_wrapper\"><h2 id=\"como-elegir\">Welke locatie kies je? De ervaring verandert volledig<\/h2>\n<p>Er bestaat geen universeel \u2018beste\u2019 locatie. De keuze hangt meer af van de ervaring die je wilt beleven dan van een architectonische rangorde.<\/p>\n<div style=\"overflow-x: auto;\">\n<table>\n<thead>\n<tr>\n<th>Als je zoekt naar&#8230;<\/th>\n<th>Kies&#8230;<\/th>\n<\/tr>\n<\/thead>\n<tbody>\n<tr>\n<td>De indrukwekkendste monumentale omgeving<\/td>\n<td><strong>Real Alc\u00e1zar<\/strong><\/td>\n<\/tr>\n<tr>\n<td>Intimiteit, akoestiek en barok erfgoed<\/td>\n<td><strong>San Luis de los Franceses<\/strong><\/td>\n<\/tr>\n<tr>\n<td>Een flamencosfeer van patio en wijk<\/td>\n<td><strong>Hotel Triana<\/strong><\/td>\n<\/tr>\n<tr>\n<td>Industri\u00eble architectuur en hedendaagse creatie<\/td>\n<td><strong>Real F\u00e1brica de Artiller\u00eda<\/strong><\/td>\n<\/tr>\n<tr>\n<td>Een grote avond in de openlucht<\/td>\n<td><strong>Plaza de Toros de la Real Maestranza<\/strong><\/td>\n<\/tr>\n<tr>\n<td>Een pas gerestaureerd historisch theater<\/td>\n<td><strong>Teatro Lope de Vega<\/strong><\/td>\n<\/tr>\n<tr>\n<td>Grote producties en maximale podiumcapaciteit<\/td>\n<td><strong>Teatro de la Maestranza<\/strong><\/td>\n<\/tr>\n<\/tbody>\n<\/table>\n<\/div>\n<\/div><\/div><\/div><\/div><\/div><\/div><\/div><\/section><section class=\"l-section wpb_row height_huge color_alternate with_shape\"><div class=\"l-section-shape type_zigzag pos_top\" style=\"height:3vmin;\"><svg xmlns=\"http:\/\/www.w3.org\/2000\/svg\" viewBox=\"0 0 64 8\" preserveAspectRatio=\"none\" width=\"100%\" height=\"100%\">\r\n\t<path fill=\"currentColor\" d=\"M64 8 L0 8 L0 0 L20 7.9 L40 3 L48 5 L64 0 Z\"\/>\r\n<\/svg><\/div><div class=\"l-section-shape type_zigzag pos_bottom\" style=\"height:3vmin;\"><svg xmlns=\"http:\/\/www.w3.org\/2000\/svg\" viewBox=\"0 0 64 8\" preserveAspectRatio=\"none\" width=\"100%\" height=\"100%\">\r\n\t<path fill=\"currentColor\" d=\"M64 8 L0 8 L0 0 L20 7.9 L40 3 L48 5 L64 0 Z\"\/>\r\n<\/svg><\/div><div class=\"l-section-h i-cf\"><div class=\"g-cols vc_row via_flex valign_top type_default stacking_default\"><div class=\"vc_col-sm-6 wpb_column vc_column_container\"><div class=\"vc_column-inner\"><div class=\"wpb_wrapper\"><div class=\"wpb_text_column\"><div class=\"wpb_wrapper\"><h2 id=\"resto-espacios\">De andere offici\u00eble locaties van de Bi\u00ebnnale 2026<\/h2>\n<p>De bovenstaande selectie betekent niet dat de overige locaties minder belangrijk zijn. De Bi\u00ebnnale gebruikt ook plekken met duidelijk afgebakende artistieke functies:<\/p>\n<ul>\n<li><strong>Teatro Central:<\/strong> de belangrijkste plek voor podiumcreatie en avant-gardistische flamenco.<\/li>\n<li><strong>Espacio Turina:<\/strong> bijzonder geschikt voor gitaar, muziek en recitals op kleinere schaal.<\/li>\n<li><strong>Teatro Alameda:<\/strong> biedt premi\u00e8res, jonge makers en programma\u2019s rond zang, dans en gitaar.<\/li>\n<li><strong>CaixaForum Sevilla:<\/strong> voegt familieprogramma\u2019s toe met <em>Tirititr\u00e1n<\/em>.<\/li>\n<\/ul>\n<p>Alles samen presenteert de organisatie de stad als \u00e9\u00e9n groot open podium waarin elke locatie een andere rol speelt in het verhaal van deze editie.<\/p>\n<\/div><\/div><\/div><\/div><\/div><div class=\"vc_col-sm-6 wpb_column vc_column_container\"><div class=\"vc_column-inner\"><div class=\"wpb_wrapper\"><div class=\"wpb_text_column\"><div class=\"wpb_wrapper\"><h2>Real Maestranza en Teatro de la Maestranza: niet dezelfde plek<\/h2>\n<p>Het is een vrij veelvoorkomende verwarring en in 2026 is het belangrijk die te vermijden, omdat beide locaties een belangrijk programma hebben.<\/p>\n<p>De <strong>Plaza de Toros de la Real Maestranza de Caballer\u00eda<\/strong> is de historische arena in de wijk Arenal waar het gala <em>El mundo por montera<\/em> op 10 september plaatsvindt.<\/p>\n<p>Het <strong>Teatro de la Maestranza<\/strong>, eveneens aan de rivier maar in een ander gebouw, is het grote theater dat in 1991 werd geopend en waar Sara Baras, Jos\u00e9 Merc\u00e9, Israel Galv\u00e1n, Farruquito en andere artiesten optreden.<\/p>\n<p>Controleer voordat je naar een voorstelling gaat altijd de volledige naam van de locatie op je ticket.<\/p>\n<\/div><\/div><\/div><\/div><\/div><\/div><\/div><\/section><section class=\"l-section wpb_row height_huge\"><div class=\"l-section-h i-cf\"><div class=\"g-cols vc_row via_flex valign_top type_default stacking_default\"><div class=\"vc_col-sm-12 wpb_column vc_column_container\"><div class=\"vc_column-inner\"><div class=\"wpb_wrapper\"><div class=\"wpb_text_column\"><div class=\"wpb_wrapper\"><h2 id=\"consejos\">Praktische tips om de Bi\u00ebnnale via haar locaties te ontdekken<\/h2>\n<ul>\n<li><strong>Kies niet alleen op basis van de artiest.<\/strong> In deze editie zijn sommige projecten speciaal ontworpen om in dialoog te gaan met hun locatie.<\/li>\n<li><strong>Controleer of de voorstelling binnen of buiten plaatsvindt.<\/strong> Real Alc\u00e1zar, Hotel Triana en de Plaza de Toros bieden een heel andere ervaring dan gesloten theaters.<\/li>\n<li><strong>Houd rekening met verplaatsingen.<\/strong> Hoewel veel locaties in het centrum of relatief dicht bij elkaar liggen, verspreidt de Bi\u00ebnnale zich over Arenal, Triana, San Bernardo, Cartuja, Macarena en andere delen van de stad.<\/li>\n<li><strong>Controleer de exacte ingang.<\/strong> Bij monumentale gebouwen kan de ingang voor een voorstelling anders zijn dan die voor een gewoon toeristisch bezoek.<\/li>\n<li><strong>Kom ruim op tijd.<\/strong> Vooral op premi\u00e8reavonden, bij grote gala\u2019s en op erfgoedlocaties.<\/li>\n<li><strong>Combineer verschillende formats.<\/strong> Een van de beste manieren om deze editie te begrijpen is een matinee, een recital in een monument en een grote theaterproductie te combineren.<\/li>\n<\/ul>\n<p>Als je meerdere dagen in Sevilla bent, kan onze gids over <a href=\"https:\/\/www.tablaosflamencos.com\/primer-fin-semana-bienal-flamenco-sevilla-2026.html\"><strong>wat je tijdens het eerste weekend van de Bi\u00ebnnale 2026 kunt zien<\/strong><\/a> je helpen een compleet programma samen te stellen.<\/p>\n<\/div><\/div><div class=\"w-separator size_medium\"><\/div><div class=\"w-hwrapper valign_top wrap stack_on_mobiles align_center\" style=\"--hwrapper-gap:1.2rem\"><div class=\"w-btn-wrapper align_none\"><a class=\"w-btn us-btn-style_1\" href=\"https:\/\/www.tablaosflamencos.com\/nl\/flamenco-biennale-sevilla-2026.html\"><span class=\"w-btn-label\">Programma en complete gids<\/span><\/a><\/div><div class=\"w-btn-wrapper align_none\"><a class=\"w-btn us-btn-style_1\" href=\"https:\/\/www.tablaosflamencos.com\/nl\/flamenco-in-sevilla\"><span class=\"w-btn-label\">Flamenco bekijken in Sevilla<\/span><\/a><\/div><\/div><\/div><\/div><\/div><\/div><\/div><\/section><section class=\"l-section wpb_row height_huge color_alternate with_shape\"><div class=\"l-section-shape type_zigzag pos_top\" style=\"height:3vmin;\"><svg xmlns=\"http:\/\/www.w3.org\/2000\/svg\" viewBox=\"0 0 64 8\" preserveAspectRatio=\"none\" width=\"100%\" height=\"100%\">\r\n\t<path fill=\"currentColor\" d=\"M64 8 L0 8 L0 0 L20 7.9 L40 3 L48 5 L64 0 Z\"\/>\r\n<\/svg><\/div><div class=\"l-section-shape type_zigzag pos_bottom\" style=\"height:3vmin;\"><svg xmlns=\"http:\/\/www.w3.org\/2000\/svg\" viewBox=\"0 0 64 8\" preserveAspectRatio=\"none\" width=\"100%\" height=\"100%\">\r\n\t<path fill=\"currentColor\" d=\"M64 8 L0 8 L0 0 L20 7.9 L40 3 L48 5 L64 0 Z\"\/>\r\n<\/svg><\/div><div class=\"l-section-h i-cf\"><div class=\"g-cols vc_row via_flex valign_top type_default stacking_default\"><div class=\"vc_col-sm-12 wpb_column vc_column_container\"><div class=\"vc_column-inner\"><div class=\"wpb_wrapper\"><div class=\"wpb_text_column\"><div class=\"wpb_wrapper\"><h2 id=\"por-que-importan\" style=\"text-align: center;\">De Bi\u00ebnnale wordt ook herinnerd om de plekken waar zij plaatsvond<\/h2>\n<p style=\"text-align: center;\">Een groot festival zou zich kunnen beperken tot het boeken van artiesten en die over theaters verdelen. De Bi\u00ebnnale van Sevilla doet iets interessanters: ze gebruikt de stad zelf als onderdeel van de taal van het festival.<\/p>\n<p style=\"text-align: center;\">In 2026 is dat idee bijzonder duidelijk. De terugkeer van het Lope de Vega na de restauratie, de herwaardering van Hotel Triana, het creatieve gebruik van de Real F\u00e1brica de Artiller\u00eda, de barokke matinees in San Luis, de avonden in het Alc\u00e1zar en het grote gala in de Plaza de Toros vormen samen een flamencogeografie die alleen in Sevilla kan bestaan.<\/p>\n<p style=\"text-align: center;\">Dus als twee voorstellingen je evenveel interesseren, kijk dan ook naar de locatie. Op de Bi\u00ebnnale is soms <strong>de locatie de artiest die niet op de affiche staat<\/strong>.<\/p>\n<\/div><\/div><\/div><\/div><\/div><\/div><\/div><\/section><section class=\"l-section wpb_row height_huge\"><div class=\"l-section-h i-cf\"><div class=\"g-cols vc_row via_flex valign_top type_default stacking_default\"><div class=\"vc_col-sm-12 wpb_column vc_column_container\"><div class=\"vc_column-inner\"><div class=\"wpb_wrapper\"><div class=\"wpb_text_column\"><div class=\"wpb_wrapper\"><h2 id=\"fuentes\">Bronnen en update<\/h2>\n<p>Voor deze gids hebben we de <a href=\"https:\/\/www.labienal.com\/espacios\" target=\"_blank\" rel=\"noopener\"><strong>offici\u00eble lijst van locaties van de 24e Bi\u00ebnnale<\/strong><\/a>, het <a href=\"https:\/\/www.labienal.com\/programa-general\/programacion-por-espacios\" target=\"_blank\" rel=\"noopener\"><strong>offici\u00eble programma per locatie<\/strong><\/a> en de erfgoedinformatie van de gemeente Sevilla, ICAS, Real Alc\u00e1zar, Real Maestranza en Teatro de la Maestranza gecontroleerd.<\/p>\n<p><strong>Informatie gecontroleerd op 1 september 2026.<\/strong> Data, tijden, toegangen en beschikbaarheid kunnen door de organisatoren worden gewijzigd.<\/p>\n<\/div><\/div><\/div><\/div><\/div><\/div><\/div><\/section><section class=\"l-section wpb_row height_huge\"><div class=\"l-section-h i-cf\"><div class=\"g-cols vc_row via_flex valign_top type_default stacking_default\"><div class=\"vc_col-sm-1\/5 wpb_column vc_column_container\"><div class=\"vc_column-inner\"><div class=\"wpb_wrapper\"><\/div><\/div><\/div><div class=\"vc_col-sm-3\/5 wpb_column vc_column_container\"><div class=\"vc_column-inner\"><div class=\"wpb_wrapper\"><div class=\"wpb_text_column\"><div class=\"wpb_wrapper\"><h2 id=\"faq\" style=\"text-align: center;\">Veelgestelde vragen over de locaties van de Flamencobi\u00ebnnale Sevilla 2026<\/h2>\n<\/div><\/div><div class=\"w-separator size_medium\"><\/div><div class=\"w-tabs accordion toggle_style_1 has_scrolling\" style=\"--sections-title-size:inherit;--sections-gap:0.5rem;\"><div class=\"w-tabs-sections titles-align_none icon_chevron cpos_right\"><div class=\"w-tabs-section\" id=\"j738\"><button type=\"button\" class=\"w-tabs-section-header\" aria-controls=\"content-j738\" aria-expanded=\"false\"><div class=\"w-tabs-section-title\">Hoeveel locaties heeft de Flamencobi\u00ebnnale Sevilla 2026?<\/div><div class=\"w-tabs-section-control\"><\/div><\/button><div  class=\"w-tabs-section-content\" id=\"content-j738\"><div class=\"w-tabs-section-content-h i-cf\"><div class=\"wpb_text_column\"><div class=\"wpb_wrapper\"><p>Het programma van de 24e Bi\u00ebnnale is verdeeld over <strong>11 locaties<\/strong> in Sevilla, waaronder theaters, monumenten, historische patio\u2019s en culturele centra.<\/p>\n<\/div><\/div><\/div><\/div><\/div><div class=\"w-tabs-section\" id=\"t830\"><button type=\"button\" class=\"w-tabs-section-header\" aria-controls=\"content-t830\" aria-expanded=\"false\"><div class=\"w-tabs-section-title\">Wat is de meest monumentale locatie van de Bi\u00ebnnale 2026?<\/div><div class=\"w-tabs-section-control\"><\/div><\/button><div  class=\"w-tabs-section-content\" id=\"content-t830\"><div class=\"w-tabs-section-content-h i-cf\"><div class=\"wpb_text_column\"><div class=\"wpb_wrapper\"><p>De <strong>Patio de la Monter\u00eda van het Real Alc\u00e1zar<\/strong> is waarschijnlijk de meest uitzonderlijke monumentale omgeving dankzij de historische context en de openluchtvoorstellingen v\u00f3\u00f3r het Mud\u00e9jar-paleis.<\/p>\n<\/div><\/div><\/div><\/div><\/div><div class=\"w-tabs-section\" id=\"n92e\"><button type=\"button\" class=\"w-tabs-section-header\" aria-controls=\"content-n92e\" aria-expanded=\"false\"><div class=\"w-tabs-section-title\">Waar vinden de Unieke Matinees plaats?<\/div><div class=\"w-tabs-section-control\"><\/div><\/button><div  class=\"w-tabs-section-content\" id=\"content-n92e\"><div class=\"w-tabs-section-content-h i-cf\"><div class=\"wpb_text_column\"><div class=\"wpb_wrapper\"><p>De zes Unieke Matinees vinden plaats in de <strong>kerk San Luis de los Franceses<\/strong> op 12, 13, 19, 20, 26 en 27 september, telkens om 12:00 uur.<\/p>\n<\/div><\/div><\/div><\/div><\/div><div class=\"w-tabs-section\" id=\"qa13\"><button type=\"button\" class=\"w-tabs-section-header\" aria-controls=\"content-qa13\" aria-expanded=\"false\"><div class=\"w-tabs-section-title\">Wat is Hotel Triana?<\/div><div class=\"w-tabs-section-control\"><\/div><\/button><div  class=\"w-tabs-section-content\" id=\"content-qa13\"><div class=\"w-tabs-section-content-h i-cf\"><div class=\"wpb_text_column\"><div class=\"wpb_wrapper\"><p>Het is een gebouw dat voor de Ibero-Amerikaanse Tentoonstelling van 1929 werd gebouwd, nooit als hotel functioneerde en later werd omgevormd tot een <strong>traditionele gemeenschappelijke woonhof<\/strong>. De patio is een van de locaties van de Bi\u00ebnnale met de meeste persoonlijkheid en flamencoherinnering.<\/p>\n<\/div><\/div><\/div><\/div><\/div><div class=\"w-tabs-section\" id=\"naec\"><button type=\"button\" class=\"w-tabs-section-header\" aria-controls=\"content-naec\" aria-expanded=\"false\"><div class=\"w-tabs-section-title\">Wanneer gaat het Teatro Lope de Vega weer open?<\/div><div class=\"w-tabs-section-control\"><\/div><\/button><div  class=\"w-tabs-section-content\" id=\"content-naec\"><div class=\"w-tabs-section-content-h i-cf\"><div class=\"wpb_text_column\"><div class=\"wpb_wrapper\"><p>Het Lope de Vega opent na een volledige restauratie opnieuw voor het publiek tijdens de Bi\u00ebnnale 2026. De eerste Bi\u00ebnnalevoorstelling op het podium is <em>Fractal Arcano<\/em>, van Dorantes, op <strong>12 september<\/strong>.<\/p>\n<\/div><\/div><\/div><\/div><\/div><div class=\"w-tabs-section\" id=\"vbc2\"><button type=\"button\" class=\"w-tabs-section-header\" aria-controls=\"content-vbc2\" aria-expanded=\"false\"><div class=\"w-tabs-section-title\">Zijn de Plaza de Toros en het Teatro de la Maestranza dezelfde locatie?<\/div><div class=\"w-tabs-section-control\"><\/div><\/button><div  class=\"w-tabs-section-content\" id=\"content-vbc2\"><div class=\"w-tabs-section-content-h i-cf\"><div class=\"wpb_text_column\"><div class=\"wpb_wrapper\"><p>Nee. Het zijn twee verschillende gebouwen. De <strong>Plaza de Toros de la Real Maestranza<\/strong> ontvangt het grote gala op 10 september; het <strong>Teatro de la Maestranza<\/strong> ontvangt Sara Baras, Israel Galv\u00e1n, Jos\u00e9 Merc\u00e9, Farruquito en andere grootschalige producties.<\/p>\n<\/div><\/div><\/div><\/div><\/div><div class=\"w-tabs-section\" id=\"tcaf\"><button type=\"button\" class=\"w-tabs-section-header\" aria-controls=\"content-tcaf\" aria-expanded=\"false\"><div class=\"w-tabs-section-title\">Welke locatie is het beste voor avant-gardistische flamenco?<\/div><div class=\"w-tabs-section-control\"><\/div><\/button><div  class=\"w-tabs-section-content\" id=\"content-tcaf\"><div class=\"w-tabs-section-content-h i-cf\"><div class=\"wpb_text_column\"><div class=\"wpb_wrapper\"><p>De <strong>Real F\u00e1brica de Artiller\u00eda<\/strong> en het <strong>Teatro Central<\/strong> zijn twee van de locaties die binnen het programma van 2026 het sterkst verbonden zijn met onderzoek en hedendaagse expressievormen.<\/p>\n<\/div><\/div><\/div><\/div><\/div><div class=\"w-tabs-section\" id=\"id7d\"><button type=\"button\" class=\"w-tabs-section-header\" aria-controls=\"content-id7d\" aria-expanded=\"false\"><div class=\"w-tabs-section-title\">Waar kan ik het programma per locatie bekijken?<\/div><div class=\"w-tabs-section-control\"><\/div><\/button><div  class=\"w-tabs-section-content\" id=\"content-id7d\"><div class=\"w-tabs-section-content-h i-cf\"><div class=\"wpb_text_column\"><div class=\"wpb_wrapper\"><p>De offici\u00eble website van de Bi\u00ebnnale heeft een aparte sectie voor het <strong>programma per locatie<\/strong>. Je kunt ook onze complete gids voor de Flamencobi\u00ebnnale Sevilla 2026 gebruiken om je bezoek te plannen.<\/p>\n<\/div><\/div><\/div><\/div><\/div><\/div><\/div><\/div><\/div><\/div><div class=\"vc_col-sm-1\/5 wpb_column vc_column_container\"><div class=\"vc_column-inner\"><div class=\"wpb_wrapper\"><\/div><\/div><\/div><\/div><\/div><\/section>\n","protected":false},"excerpt":{"rendered":"<p>Ontdek de spectaculairste locaties van de Flamencobi\u00ebnnale Sevilla 2026: Real Alc\u00e1zar, Maestranza, San Luis, Hotel Triana, Artiller\u00eda en meer.<\/p>\n","protected":false},"author":1,"featured_media":13957,"comment_status":"closed","ping_status":"closed","sticky":false,"template":"","format":"standard","meta":{"_acf_changed":false,"wpai_generated_summary":"","_ayudawp_aiss_exclude":false,"_ayudawp_aiss_exclude_summary":false,"_ayudawp_aiss_summary":"","_ayudawp_aiss_summary_provider":"","_ayudawp_aiss_summary_hash":"","footnotes":""},"categories":[1432],"tags":[1227,1228,1229,1866,1230,1133,423,1872],"class_list":["post-14015","post","type-post","status-publish","format-standard","has-post-thumbnail","hentry","category-flamencobiennale","tag-agenda-flamenca","tag-bienal-2026","tag-bienal-de-flamenco","tag-dingen-om-te-doen-in-sevilla","tag-festivales-flamencos","tag-flamenco-en-sevilla","tag-sevilla","tag-wat-te-zien-in-sevilla"],"acf":[],"yoast_head":"<!-- This site is optimized with the Yoast SEO Premium plugin v28.4 (Yoast SEO v28.4) - https:\/\/yoast.com\/product\/yoast-seo-premium-wordpress\/ -->\n<title>Locaties van de Flamencobi\u00ebnnale Sevilla 2026<\/title>\n<meta name=\"description\" content=\"Ontdek de spectaculairste locaties van de Flamencobi\u00ebnnale Sevilla 2026: Real Alc\u00e1zar, Maestranza, San Luis, Hotel Triana, Artiller\u00eda en meer.\" \/>\n<meta name=\"robots\" content=\"index, follow, max-snippet:-1, max-image-preview:large, max-video-preview:-1\" \/>\n<link rel=\"canonical\" href=\"https:\/\/www.tablaosflamencos.com\/nl\/spectaculairste-locaties-flamencobiennale-sevilla-2026.html\" \/>\n<meta property=\"og:locale\" content=\"nl_NL\" \/>\n<meta property=\"og:type\" content=\"article\" \/>\n<meta property=\"og:title\" content=\"De spectaculairste locaties van de Flamencobi\u00ebnnale Sevilla 2026\" \/>\n<meta property=\"og:description\" content=\"Ontdek de spectaculairste locaties van de Flamencobi\u00ebnnale Sevilla 2026: Real Alc\u00e1zar, Maestranza, San Luis, Hotel Triana, Artiller\u00eda en meer.\" \/>\n<meta property=\"og:url\" content=\"https:\/\/www.tablaosflamencos.com\/nl\/spectaculairste-locaties-flamencobiennale-sevilla-2026.html\" \/>\n<meta property=\"og:site_name\" content=\"Tablaos Flamencos\" \/>\n<meta property=\"article:publisher\" content=\"https:\/\/www.facebook.com\/tablaosflamencos\" \/>\n<meta property=\"article:published_time\" content=\"2026-09-01T22:28:39+00:00\" \/>\n<meta property=\"article:modified_time\" content=\"2026-09-01T22:56:56+00:00\" \/>\n<meta property=\"og:image\" content=\"https:\/\/www.tablaosflamencos.com\/wp-content\/uploads\/los-espacios-mas-espectaculares-de-la-bienal-de-flamenco-de-sevilla-2026-01.webp\" \/>\n\t<meta property=\"og:image:width\" content=\"1920\" \/>\n\t<meta property=\"og:image:height\" content=\"1072\" \/>\n\t<meta property=\"og:image:type\" content=\"image\/webp\" \/>\n<meta name=\"author\" content=\"Miguel Ortiz\" \/>\n<meta name=\"twitter:card\" content=\"summary_large_image\" \/>\n<meta name=\"twitter:creator\" content=\"@tablaosflamenco\" \/>\n<meta name=\"twitter:site\" content=\"@tablaosflamenco\" \/>\n<meta name=\"twitter:label1\" content=\"Geschreven door\" \/>\n\t<meta name=\"twitter:data1\" content=\"Miguel Ortiz\" \/>\n\t<meta name=\"twitter:label2\" content=\"Geschatte leestijd\" \/>\n\t<meta name=\"twitter:data2\" content=\"20 minuten\" \/>\n<script type=\"application\/ld+json\" class=\"yoast-schema-graph\">{\"@context\":\"https:\\\/\\\/schema.org\",\"@graph\":[{\"@type\":\"Article\",\"@id\":\"https:\\\/\\\/www.tablaosflamencos.com\\\/nl\\\/spectaculairste-locaties-flamencobiennale-sevilla-2026.html#article\",\"isPartOf\":{\"@id\":\"https:\\\/\\\/www.tablaosflamencos.com\\\/nl\\\/spectaculairste-locaties-flamencobiennale-sevilla-2026.html\"},\"author\":{\"name\":\"Miguel Ortiz\",\"@id\":\"https:\\\/\\\/www.tablaosflamencos.com\\\/nl#\\\/schema\\\/person\\\/e7a9ebe14eb75a52ceabfbffb3c54f5d\"},\"headline\":\"De spectaculairste locaties van de Flamencobi\u00ebnnale Sevilla 2026\",\"datePublished\":\"2026-09-01T22:28:39+00:00\",\"dateModified\":\"2026-09-01T22:56:56+00:00\",\"mainEntityOfPage\":{\"@id\":\"https:\\\/\\\/www.tablaosflamencos.com\\\/nl\\\/spectaculairste-locaties-flamencobiennale-sevilla-2026.html\"},\"wordCount\":4009,\"publisher\":{\"@id\":\"https:\\\/\\\/www.tablaosflamencos.com\\\/nl#organization\"},\"image\":{\"@id\":\"https:\\\/\\\/www.tablaosflamencos.com\\\/nl\\\/spectaculairste-locaties-flamencobiennale-sevilla-2026.html#primaryimage\"},\"thumbnailUrl\":\"https:\\\/\\\/www.tablaosflamencos.com\\\/wp-content\\\/uploads\\\/los-espacios-mas-espectaculares-de-la-bienal-de-flamenco-de-sevilla-2026-01.webp\",\"keywords\":[\"agenda flamenca\",\"Bienal 2026\",\"Bienal de Flamenco\",\"dingen om te doen in Sevilla\",\"festivales flamencos\",\"flamenco en Sevilla\",\"sevilla\",\"wat te zien in Sevilla\"],\"articleSection\":[\"Flamencobi\u00ebnnale\"],\"inLanguage\":\"nl-NL\"},{\"@type\":\"WebPage\",\"@id\":\"https:\\\/\\\/www.tablaosflamencos.com\\\/nl\\\/spectaculairste-locaties-flamencobiennale-sevilla-2026.html\",\"url\":\"https:\\\/\\\/www.tablaosflamencos.com\\\/nl\\\/spectaculairste-locaties-flamencobiennale-sevilla-2026.html\",\"name\":\"Locaties van de Flamencobi\u00ebnnale Sevilla 2026\",\"isPartOf\":{\"@id\":\"https:\\\/\\\/www.tablaosflamencos.com\\\/nl#website\"},\"primaryImageOfPage\":{\"@id\":\"https:\\\/\\\/www.tablaosflamencos.com\\\/nl\\\/spectaculairste-locaties-flamencobiennale-sevilla-2026.html#primaryimage\"},\"image\":{\"@id\":\"https:\\\/\\\/www.tablaosflamencos.com\\\/nl\\\/spectaculairste-locaties-flamencobiennale-sevilla-2026.html#primaryimage\"},\"thumbnailUrl\":\"https:\\\/\\\/www.tablaosflamencos.com\\\/wp-content\\\/uploads\\\/los-espacios-mas-espectaculares-de-la-bienal-de-flamenco-de-sevilla-2026-01.webp\",\"datePublished\":\"2026-09-01T22:28:39+00:00\",\"dateModified\":\"2026-09-01T22:56:56+00:00\",\"description\":\"Ontdek de spectaculairste locaties van de Flamencobi\u00ebnnale Sevilla 2026: Real Alc\u00e1zar, Maestranza, San Luis, Hotel Triana, Artiller\u00eda en meer.\",\"breadcrumb\":{\"@id\":\"https:\\\/\\\/www.tablaosflamencos.com\\\/nl\\\/spectaculairste-locaties-flamencobiennale-sevilla-2026.html#breadcrumb\"},\"inLanguage\":\"nl-NL\",\"potentialAction\":[{\"@type\":\"ReadAction\",\"target\":[\"https:\\\/\\\/www.tablaosflamencos.com\\\/nl\\\/spectaculairste-locaties-flamencobiennale-sevilla-2026.html\"]}]},{\"@type\":\"ImageObject\",\"inLanguage\":\"nl-NL\",\"@id\":\"https:\\\/\\\/www.tablaosflamencos.com\\\/nl\\\/spectaculairste-locaties-flamencobiennale-sevilla-2026.html#primaryimage\",\"url\":\"https:\\\/\\\/www.tablaosflamencos.com\\\/wp-content\\\/uploads\\\/los-espacios-mas-espectaculares-de-la-bienal-de-flamenco-de-sevilla-2026-01.webp\",\"contentUrl\":\"https:\\\/\\\/www.tablaosflamencos.com\\\/wp-content\\\/uploads\\\/los-espacios-mas-espectaculares-de-la-bienal-de-flamenco-de-sevilla-2026-01.webp\",\"width\":1920,\"height\":1072,\"caption\":\"Los espacios m\u00e1s espectaculares de la Bienal de Flamenco de Sevilla 2026\"},{\"@type\":\"BreadcrumbList\",\"@id\":\"https:\\\/\\\/www.tablaosflamencos.com\\\/nl\\\/spectaculairste-locaties-flamencobiennale-sevilla-2026.html#breadcrumb\",\"itemListElement\":[{\"@type\":\"ListItem\",\"position\":1,\"name\":\"Home\",\"item\":\"https:\\\/\\\/www.tablaosflamencos.com\\\/nl\"},{\"@type\":\"ListItem\",\"position\":2,\"name\":\"De spectaculairste locaties van de Flamencobi\u00ebnnale Sevilla 2026\"}]},{\"@type\":\"WebSite\",\"@id\":\"https:\\\/\\\/www.tablaosflamencos.com\\\/nl#website\",\"url\":\"https:\\\/\\\/www.tablaosflamencos.com\\\/nl\",\"name\":\"Tablaos Flamencos\",\"description\":\"Entradas para tablaos flamencos de Espa\u00f1a\",\"publisher\":{\"@id\":\"https:\\\/\\\/www.tablaosflamencos.com\\\/nl#organization\"},\"alternateName\":\"Tablaos Flamencos\",\"potentialAction\":[{\"@type\":\"SearchAction\",\"target\":{\"@type\":\"EntryPoint\",\"urlTemplate\":\"https:\\\/\\\/www.tablaosflamencos.com\\\/nl?s={search_term_string}\"},\"query-input\":{\"@type\":\"PropertyValueSpecification\",\"valueRequired\":true,\"valueName\":\"search_term_string\"}}],\"inLanguage\":\"nl-NL\"},{\"@type\":[\"Organization\",\"Place\",\"EntertainmentBusiness\"],\"@id\":\"https:\\\/\\\/www.tablaosflamencos.com\\\/nl#organization\",\"name\":\"Tablaos Flamencos\",\"alternateName\":\"Tablaos Flamencos\",\"url\":\"https:\\\/\\\/www.tablaosflamencos.com\\\/nl\",\"logo\":{\"@id\":\"https:\\\/\\\/www.tablaosflamencos.com\\\/nl\\\/spectaculairste-locaties-flamencobiennale-sevilla-2026.html#local-main-organization-logo\"},\"image\":{\"@id\":\"https:\\\/\\\/www.tablaosflamencos.com\\\/nl\\\/spectaculairste-locaties-flamencobiennale-sevilla-2026.html#local-main-organization-logo\"},\"sameAs\":[\"https:\\\/\\\/www.facebook.com\\\/tablaosflamencos\",\"https:\\\/\\\/x.com\\\/tablaosflamenco\",\"https:\\\/\\\/mastodon.social\\\/@tablaosflamencos\",\"https:\\\/\\\/www.instagram.com\\\/tablaosflamencos\",\"https:\\\/\\\/tiktok.com\\\/@tablaosflamencos\",\"https:\\\/\\\/www.linkedin.com\\\/company\\\/109408238\\\/\"],\"description\":\"Venta de entradas para espect\u00e1culos flamencos\",\"legalName\":\"Tablaos Flamencos\",\"foundingDate\":\"2015-01-01\",\"numberOfEmployees\":{\"@type\":\"QuantitativeValue\",\"minValue\":\"1\",\"maxValue\":\"10\"},\"address\":{\"@id\":\"https:\\\/\\\/www.tablaosflamencos.com\\\/nl\\\/spectaculairste-locaties-flamencobiennale-sevilla-2026.html#local-main-place-address\"},\"geo\":{\"@type\":\"GeoCoordinates\",\"latitude\":\"37.3868072\",\"longitude\":\"-5.993280299999999\"},\"telephone\":[\"+34623787787\"],\"contactPoint\":{\"@type\":\"ContactPoint\",\"telephone\":\"+34623787787\",\"email\":\"info@tablaosflamencos.com\"},\"openingHoursSpecification\":{\"@type\":\"OpeningHoursSpecification\",\"dayOfWeek\":[\"Monday\",\"Tuesday\",\"Wednesday\",\"Thursday\",\"Friday\",\"Saturday\",\"Sunday\"],\"opens\":\"00:00\",\"closes\":\"23:59\"},\"email\":\"info@tablaosflamencos.com\",\"priceRange\":\"$$$\",\"currenciesAccepted\":\"\u20ac\"},{\"@type\":\"Person\",\"@id\":\"https:\\\/\\\/www.tablaosflamencos.com\\\/nl#\\\/schema\\\/person\\\/e7a9ebe14eb75a52ceabfbffb3c54f5d\",\"name\":\"Miguel Ortiz\",\"description\":\"Miguel Ortiz es un empresario flamenco, con una s\u00f3lida trayectoria dentro del sector. Ha presidido entidades culturales vinculadas al flamenco y, cuenta con un amplio recorrido profesional en la gesti\u00f3n y promoci\u00f3n de espect\u00e1culos y tablaos flamencos. Su pasi\u00f3n por la historia y el arte flamenco se refleja en cada art\u00edculo, donde combina experiencia, criterio y un profundo respeto por la tradici\u00f3n.\",\"sameAs\":[\"https:\\\/\\\/www.tablaosflamencos.com\",\"https:\\\/\\\/www.instagra.com\\\/miguelortizfe\",\"https:\\\/\\\/www.linkedin.com\\\/in\\\/miguelortizf\\\/\"],\"birthDate\":\"1984-11-22\",\"gender\":\"hombre\",\"knowsLanguage\":[\"espa\u00f1ol\",\"ingl\u00e9s\"],\"jobTitle\":\"Empresario flamenco\"},{\"@type\":\"PostalAddress\",\"@id\":\"https:\\\/\\\/www.tablaosflamencos.com\\\/nl\\\/spectaculairste-locaties-flamencobiennale-sevilla-2026.html#local-main-place-address\",\"streetAddress\":\"C\\\/ Alemanes, 19\",\"addressLocality\":\"Sevilla\",\"postalCode\":\"41004\",\"addressRegion\":\"Sevilla\",\"addressCountry\":\"ES\"},{\"@type\":\"ImageObject\",\"inLanguage\":\"nl-NL\",\"@id\":\"https:\\\/\\\/www.tablaosflamencos.com\\\/nl\\\/spectaculairste-locaties-flamencobiennale-sevilla-2026.html#local-main-organization-logo\",\"url\":\"https:\\\/\\\/www.tablaosflamencos.com\\\/wp-content\\\/uploads\\\/tablaos-flamencos-06-3.webp\",\"contentUrl\":\"https:\\\/\\\/www.tablaosflamencos.com\\\/wp-content\\\/uploads\\\/tablaos-flamencos-06-3.webp\",\"width\":600,\"height\":620,\"caption\":\"Tablaos Flamencos\"}]}<\/script>\n<meta name=\"geo.placename\" content=\"Sevilla\" \/>\n<meta name=\"geo.position\" content=\"37.3868072;-5.993280299999999\" \/>\n<meta name=\"geo.region\" content=\"Spanje\" \/>\n<!-- \/ Yoast SEO Premium plugin. -->","yoast_head_json":{"title":"Locaties van de Flamencobi\u00ebnnale Sevilla 2026","description":"Ontdek de spectaculairste locaties van de Flamencobi\u00ebnnale Sevilla 2026: Real Alc\u00e1zar, Maestranza, San Luis, Hotel Triana, Artiller\u00eda en meer.","robots":{"index":"index","follow":"follow","max-snippet":"max-snippet:-1","max-image-preview":"max-image-preview:large","max-video-preview":"max-video-preview:-1"},"canonical":"https:\/\/www.tablaosflamencos.com\/nl\/spectaculairste-locaties-flamencobiennale-sevilla-2026.html","og_locale":"nl_NL","og_type":"article","og_title":"De spectaculairste locaties van de Flamencobi\u00ebnnale Sevilla 2026","og_description":"Ontdek de spectaculairste locaties van de Flamencobi\u00ebnnale Sevilla 2026: Real Alc\u00e1zar, Maestranza, San Luis, Hotel Triana, Artiller\u00eda en meer.","og_url":"https:\/\/www.tablaosflamencos.com\/nl\/spectaculairste-locaties-flamencobiennale-sevilla-2026.html","og_site_name":"Tablaos Flamencos","article_publisher":"https:\/\/www.facebook.com\/tablaosflamencos","article_published_time":"2026-09-01T22:28:39+00:00","article_modified_time":"2026-09-01T22:56:56+00:00","og_image":[{"width":1920,"height":1072,"url":"https:\/\/www.tablaosflamencos.com\/wp-content\/uploads\/los-espacios-mas-espectaculares-de-la-bienal-de-flamenco-de-sevilla-2026-01.webp","type":"image\/webp"}],"author":"Miguel Ortiz","twitter_card":"summary_large_image","twitter_creator":"@tablaosflamenco","twitter_site":"@tablaosflamenco","twitter_misc":{"Geschreven door":"Miguel Ortiz","Geschatte leestijd":"20 minuten"},"schema":{"@context":"https:\/\/schema.org","@graph":[{"@type":"Article","@id":"https:\/\/www.tablaosflamencos.com\/nl\/spectaculairste-locaties-flamencobiennale-sevilla-2026.html#article","isPartOf":{"@id":"https:\/\/www.tablaosflamencos.com\/nl\/spectaculairste-locaties-flamencobiennale-sevilla-2026.html"},"author":{"name":"Miguel Ortiz","@id":"https:\/\/www.tablaosflamencos.com\/nl#\/schema\/person\/e7a9ebe14eb75a52ceabfbffb3c54f5d"},"headline":"De spectaculairste locaties van de Flamencobi\u00ebnnale Sevilla 2026","datePublished":"2026-09-01T22:28:39+00:00","dateModified":"2026-09-01T22:56:56+00:00","mainEntityOfPage":{"@id":"https:\/\/www.tablaosflamencos.com\/nl\/spectaculairste-locaties-flamencobiennale-sevilla-2026.html"},"wordCount":4009,"publisher":{"@id":"https:\/\/www.tablaosflamencos.com\/nl#organization"},"image":{"@id":"https:\/\/www.tablaosflamencos.com\/nl\/spectaculairste-locaties-flamencobiennale-sevilla-2026.html#primaryimage"},"thumbnailUrl":"https:\/\/www.tablaosflamencos.com\/wp-content\/uploads\/los-espacios-mas-espectaculares-de-la-bienal-de-flamenco-de-sevilla-2026-01.webp","keywords":["agenda flamenca","Bienal 2026","Bienal de Flamenco","dingen om te doen in Sevilla","festivales flamencos","flamenco en Sevilla","sevilla","wat te zien in Sevilla"],"articleSection":["Flamencobi\u00ebnnale"],"inLanguage":"nl-NL"},{"@type":"WebPage","@id":"https:\/\/www.tablaosflamencos.com\/nl\/spectaculairste-locaties-flamencobiennale-sevilla-2026.html","url":"https:\/\/www.tablaosflamencos.com\/nl\/spectaculairste-locaties-flamencobiennale-sevilla-2026.html","name":"Locaties van de Flamencobi\u00ebnnale Sevilla 2026","isPartOf":{"@id":"https:\/\/www.tablaosflamencos.com\/nl#website"},"primaryImageOfPage":{"@id":"https:\/\/www.tablaosflamencos.com\/nl\/spectaculairste-locaties-flamencobiennale-sevilla-2026.html#primaryimage"},"image":{"@id":"https:\/\/www.tablaosflamencos.com\/nl\/spectaculairste-locaties-flamencobiennale-sevilla-2026.html#primaryimage"},"thumbnailUrl":"https:\/\/www.tablaosflamencos.com\/wp-content\/uploads\/los-espacios-mas-espectaculares-de-la-bienal-de-flamenco-de-sevilla-2026-01.webp","datePublished":"2026-09-01T22:28:39+00:00","dateModified":"2026-09-01T22:56:56+00:00","description":"Ontdek de spectaculairste locaties van de Flamencobi\u00ebnnale Sevilla 2026: Real Alc\u00e1zar, Maestranza, San Luis, Hotel Triana, Artiller\u00eda en meer.","breadcrumb":{"@id":"https:\/\/www.tablaosflamencos.com\/nl\/spectaculairste-locaties-flamencobiennale-sevilla-2026.html#breadcrumb"},"inLanguage":"nl-NL","potentialAction":[{"@type":"ReadAction","target":["https:\/\/www.tablaosflamencos.com\/nl\/spectaculairste-locaties-flamencobiennale-sevilla-2026.html"]}]},{"@type":"ImageObject","inLanguage":"nl-NL","@id":"https:\/\/www.tablaosflamencos.com\/nl\/spectaculairste-locaties-flamencobiennale-sevilla-2026.html#primaryimage","url":"https:\/\/www.tablaosflamencos.com\/wp-content\/uploads\/los-espacios-mas-espectaculares-de-la-bienal-de-flamenco-de-sevilla-2026-01.webp","contentUrl":"https:\/\/www.tablaosflamencos.com\/wp-content\/uploads\/los-espacios-mas-espectaculares-de-la-bienal-de-flamenco-de-sevilla-2026-01.webp","width":1920,"height":1072,"caption":"Los espacios m\u00e1s espectaculares de la Bienal de Flamenco de Sevilla 2026"},{"@type":"BreadcrumbList","@id":"https:\/\/www.tablaosflamencos.com\/nl\/spectaculairste-locaties-flamencobiennale-sevilla-2026.html#breadcrumb","itemListElement":[{"@type":"ListItem","position":1,"name":"Home","item":"https:\/\/www.tablaosflamencos.com\/nl"},{"@type":"ListItem","position":2,"name":"De spectaculairste locaties van de Flamencobi\u00ebnnale Sevilla 2026"}]},{"@type":"WebSite","@id":"https:\/\/www.tablaosflamencos.com\/nl#website","url":"https:\/\/www.tablaosflamencos.com\/nl","name":"Tablaos Flamencos","description":"Entradas para tablaos flamencos de Espa\u00f1a","publisher":{"@id":"https:\/\/www.tablaosflamencos.com\/nl#organization"},"alternateName":"Tablaos Flamencos","potentialAction":[{"@type":"SearchAction","target":{"@type":"EntryPoint","urlTemplate":"https:\/\/www.tablaosflamencos.com\/nl?s={search_term_string}"},"query-input":{"@type":"PropertyValueSpecification","valueRequired":true,"valueName":"search_term_string"}}],"inLanguage":"nl-NL"},{"@type":["Organization","Place","EntertainmentBusiness"],"@id":"https:\/\/www.tablaosflamencos.com\/nl#organization","name":"Tablaos Flamencos","alternateName":"Tablaos Flamencos","url":"https:\/\/www.tablaosflamencos.com\/nl","logo":{"@id":"https:\/\/www.tablaosflamencos.com\/nl\/spectaculairste-locaties-flamencobiennale-sevilla-2026.html#local-main-organization-logo"},"image":{"@id":"https:\/\/www.tablaosflamencos.com\/nl\/spectaculairste-locaties-flamencobiennale-sevilla-2026.html#local-main-organization-logo"},"sameAs":["https:\/\/www.facebook.com\/tablaosflamencos","https:\/\/x.com\/tablaosflamenco","https:\/\/mastodon.social\/@tablaosflamencos","https:\/\/www.instagram.com\/tablaosflamencos","https:\/\/tiktok.com\/@tablaosflamencos","https:\/\/www.linkedin.com\/company\/109408238\/"],"description":"Venta de entradas para espect\u00e1culos flamencos","legalName":"Tablaos Flamencos","foundingDate":"2015-01-01","numberOfEmployees":{"@type":"QuantitativeValue","minValue":"1","maxValue":"10"},"address":{"@id":"https:\/\/www.tablaosflamencos.com\/nl\/spectaculairste-locaties-flamencobiennale-sevilla-2026.html#local-main-place-address"},"geo":{"@type":"GeoCoordinates","latitude":"37.3868072","longitude":"-5.993280299999999"},"telephone":["+34623787787"],"contactPoint":{"@type":"ContactPoint","telephone":"+34623787787","email":"info@tablaosflamencos.com"},"openingHoursSpecification":{"@type":"OpeningHoursSpecification","dayOfWeek":["Monday","Tuesday","Wednesday","Thursday","Friday","Saturday","Sunday"],"opens":"00:00","closes":"23:59"},"email":"info@tablaosflamencos.com","priceRange":"$$$","currenciesAccepted":"\u20ac"},{"@type":"Person","@id":"https:\/\/www.tablaosflamencos.com\/nl#\/schema\/person\/e7a9ebe14eb75a52ceabfbffb3c54f5d","name":"Miguel Ortiz","description":"Miguel Ortiz es un empresario flamenco, con una s\u00f3lida trayectoria dentro del sector. Ha presidido entidades culturales vinculadas al flamenco y, cuenta con un amplio recorrido profesional en la gesti\u00f3n y promoci\u00f3n de espect\u00e1culos y tablaos flamencos. Su pasi\u00f3n por la historia y el arte flamenco se refleja en cada art\u00edculo, donde combina experiencia, criterio y un profundo respeto por la tradici\u00f3n.","sameAs":["https:\/\/www.tablaosflamencos.com","https:\/\/www.instagra.com\/miguelortizfe","https:\/\/www.linkedin.com\/in\/miguelortizf\/"],"birthDate":"1984-11-22","gender":"hombre","knowsLanguage":["espa\u00f1ol","ingl\u00e9s"],"jobTitle":"Empresario flamenco"},{"@type":"PostalAddress","@id":"https:\/\/www.tablaosflamencos.com\/nl\/spectaculairste-locaties-flamencobiennale-sevilla-2026.html#local-main-place-address","streetAddress":"C\/ Alemanes, 19","addressLocality":"Sevilla","postalCode":"41004","addressRegion":"Sevilla","addressCountry":"ES"},{"@type":"ImageObject","inLanguage":"nl-NL","@id":"https:\/\/www.tablaosflamencos.com\/nl\/spectaculairste-locaties-flamencobiennale-sevilla-2026.html#local-main-organization-logo","url":"https:\/\/www.tablaosflamencos.com\/wp-content\/uploads\/tablaos-flamencos-06-3.webp","contentUrl":"https:\/\/www.tablaosflamencos.com\/wp-content\/uploads\/tablaos-flamencos-06-3.webp","width":600,"height":620,"caption":"Tablaos Flamencos"}]},"geo.placename":"Sevilla","geo.position":{"lat":"37.3868072","long":"-5.993280299999999"},"geo.region":"Spanje"},"_links":{"self":[{"href":"https:\/\/www.tablaosflamencos.com\/nl\/wp-json\/wp\/v2\/posts\/14015","targetHints":{"allow":["GET"]}}],"collection":[{"href":"https:\/\/www.tablaosflamencos.com\/nl\/wp-json\/wp\/v2\/posts"}],"about":[{"href":"https:\/\/www.tablaosflamencos.com\/nl\/wp-json\/wp\/v2\/types\/post"}],"author":[{"embeddable":true,"href":"https:\/\/www.tablaosflamencos.com\/nl\/wp-json\/wp\/v2\/users\/1"}],"replies":[{"embeddable":true,"href":"https:\/\/www.tablaosflamencos.com\/nl\/wp-json\/wp\/v2\/comments?post=14015"}],"version-history":[{"count":1,"href":"https:\/\/www.tablaosflamencos.com\/nl\/wp-json\/wp\/v2\/posts\/14015\/revisions"}],"predecessor-version":[{"id":14022,"href":"https:\/\/www.tablaosflamencos.com\/nl\/wp-json\/wp\/v2\/posts\/14015\/revisions\/14022"}],"wp:featuredmedia":[{"embeddable":true,"href":"https:\/\/www.tablaosflamencos.com\/nl\/wp-json\/wp\/v2\/media\/13957"}],"wp:attachment":[{"href":"https:\/\/www.tablaosflamencos.com\/nl\/wp-json\/wp\/v2\/media?parent=14015"}],"wp:term":[{"taxonomy":"category","embeddable":true,"href":"https:\/\/www.tablaosflamencos.com\/nl\/wp-json\/wp\/v2\/categories?post=14015"},{"taxonomy":"post_tag","embeddable":true,"href":"https:\/\/www.tablaosflamencos.com\/nl\/wp-json\/wp\/v2\/tags?post=14015"}],"curies":[{"name":"wp","href":"https:\/\/api.w.org\/{rel}","templated":true}]}}