{"id":13988,"date":"2026-09-02T00:19:31","date_gmt":"2026-09-01T22:19:31","guid":{"rendered":"https:\/\/www.tablaosflamencos.com\/?p=13988"},"modified":"2026-09-02T00:39:51","modified_gmt":"2026-09-01T22:39:51","slug":"flamenco-ayamonte-traditie-waar-beleven","status":"publish","type":"post","link":"https:\/\/www.tablaosflamencos.com\/nl\/flamenco-ayamonte-traditie-waar-beleven.html","title":{"rendered":"Flamenco in Ayamonte: flamencotraditie en waar je ervan kunt genieten"},"content":{"rendered":"<section class=\"l-section wpb_row height_huge\"><div class=\"l-section-h i-cf\"><div class=\"g-cols vc_row via_flex valign_top type_default stacking_default\"><div class=\"vc_col-sm-6 wpb_column vc_column_container\"><div class=\"vc_column-inner\"><div class=\"wpb_wrapper\"><div class=\"wpb_text_column\"><div class=\"wpb_wrapper\"><h2>Ayamonte, een toegangspoort tot flamenco aan de westelijke rand van Andalusi\u00eb<\/h2>\n<p>Wie spreekt over <strong>flamenco in Ayamonte<\/strong> moet verder kijken dan \u00e9\u00e9n enkele voorstelling. De stad ligt op een van de meest bijzondere punten van de Andalusische flamencokaart: aan de monding van de Guadiana, tegenover Portugal en in de provincie Huelva, die flamenco een van zijn herkenbaarste families van cantes heeft gegeven, de fandango.<\/p>\n<p>Ayamonte verschijnt meestal niet in de grote historische verhalen op hetzelfde niveau als Jerez, Triana, C\u00e1diz of Utrera, maar dat betekent niet dat flamenco geen deel uitmaakt van het culturele leven. Integendeel: festivals, concerten, eerbetonen, gemeentelijke initiatieven en, in de afgelopen jaren, de vestiging van een vaste tablao hebben geleidelijk een klein ecosysteem gecre\u00eberd waarin flamenco op verschillende manieren kan worden beleefd.<\/p>\n<p>Deze gids richt zich precies op die culturele dimensie: <strong>welke flamencotraditie Ayamonte omringt, hoe die samenhangt met de flamenco van Huelva en waar bezoekers die vandaag kunnen ervaren<\/strong>, zowel in een tablao als op festivals, in theaters en via speciale culturele programma\u2019s.<\/p>\n<\/div><\/div><\/div><\/div><\/div><div class=\"vc_col-sm-6 wpb_column vc_column_container\"><div class=\"vc_column-inner\"><div class=\"wpb_wrapper\"><div class=\"wpb_text_column\"><div class=\"wpb_wrapper\"><h3>Flamenco in Ayamonte: kort antwoord<\/h3>\n<ul>\n<li><strong>Traditie:<\/strong> Ayamonte maakt deel uit van het flamencogebied van Huelva, waar de fandango historisch een fundamentele rol speelt.<\/li>\n<li><strong>Belangrijk:<\/strong> het is niet verstandig om over een \u2018fandango van Ayamonte\u2019 te spreken alsof dit een volledig gevestigde flamencostijl is; de belangrijkste provinciale referenties liggen in centra zoals Alosno en Huelva.<\/li>\n<li><strong>Regelmatige flamenco:<\/strong> Tablao Flamenco La Puerta Ancha biedt regelmatig live flamenco in het centrum van de stad.<\/li>\n<li><strong>Cultureel programma:<\/strong> Teatro Cardenio, Casa Grande, Patio de la Jaboner\u00eda en andere locaties organiseren afhankelijk van het seizoen flamencoconcerten en -reeksen.<\/li>\n<li><strong>Gemeentelijk initiatief:<\/strong> het stadsbestuur lanceerde \u2018Flamenco Ayamonte\u2019 als een programma dat specifiek aan deze kunstvorm is gewijd.<\/li>\n<li><strong>Geografisch voordeel:<\/strong> Ayamonte fungeert ook als toegangspoort tot flamenco voor reizigers die in Isla Canela en de oostelijke Algarve verblijven.<\/li>\n<\/ul>\n<\/div><\/div><\/div><\/div><\/div><\/div><\/div><\/section><section class=\"l-section wpb_row height_huge color_alternate with_shape\"><div class=\"l-section-shape type_zigzag pos_top hor_flip\" style=\"height:3vmin;\"><svg xmlns=\"http:\/\/www.w3.org\/2000\/svg\" viewBox=\"0 0 64 8\" preserveAspectRatio=\"none\" width=\"100%\" height=\"100%\">\r\n\t<path fill=\"currentColor\" d=\"M64 8 L0 8 L0 0 L20 7.9 L40 3 L48 5 L64 0 Z\"\/>\r\n<\/svg><\/div><div class=\"l-section-shape type_zigzag pos_bottom\" style=\"height:3vmin;\"><svg xmlns=\"http:\/\/www.w3.org\/2000\/svg\" viewBox=\"0 0 64 8\" preserveAspectRatio=\"none\" width=\"100%\" height=\"100%\">\r\n\t<path fill=\"currentColor\" d=\"M64 8 L0 8 L0 0 L20 7.9 L40 3 L48 5 L64 0 Z\"\/>\r\n<\/svg><\/div><div class=\"l-section-h i-cf\"><div class=\"g-cols vc_row via_flex valign_top type_default stacking_default\"><div class=\"vc_col-sm-12 wpb_column vc_column_container\"><div class=\"vc_column-inner\"><div class=\"wpb_wrapper\"><div class=\"wpb_text_column\"><div class=\"wpb_wrapper\"><h2>Welke flamencotraditie heeft Ayamonte?<\/h2>\n<p>Ayamonte behoort tot een provincie met een eigen flamencopersoonlijkheid. In Huelva is de <strong>fandango<\/strong> niet zomaar een extra palo in het repertoire: het is een familie van lokale stijlen, varianten en interpretatievormen die al tientallen jaren tot de belangrijkste muzikale kenmerken van het gebied behoren.<\/p>\n<p>Die werkelijkheid vraagt echter om nauwkeurigheid. De flamencoliteratuur erkent niet met dezelfde consensus een stijl die specifiek wordt aangeduid als <strong>fandango van Ayamonte<\/strong>. Sommige historische onderzoeken hebben betwijfeld of er een zelfstandige flamencovorm bestond die aan de plaats kan worden toegeschreven. Daarom is het correcter om Ayamonte te plaatsen binnen de <strong>culturele omgeving van de fandango van Huelva<\/strong> dan een lokale benaming te verzinnen die in de flamencologie niet stevig is verankerd.<\/p>\n<p>De band van Ayamonte met flamenco is op andere manieren zichtbaar: in de programmering, in de voortdurende aanwezigheid van artiesten uit Huelva, in eerbetonen aan belangrijke figuren uit de provincie en in het vermogen van de culturele locaties om voorstellen te ontvangen die vari\u00ebren van traditionele cante tot hedendaagse creaties.<\/p>\n<p>Al in 1980 vermeldde een gemeentelijke publicatie uit die tijd een lezing over flamencologie in Ayamonte, ge\u00efllustreerd door Paco Toronjo en Isidro, twee namen die verbonden zijn met de fandango van Huelva. Decennia later blijft die band zichtbaar in festivals en eerbetonen die in de stad worden georganiseerd.<\/p>\n<\/div><\/div><\/div><\/div><\/div><\/div><\/div><\/section><section class=\"l-section wpb_row height_huge\"><div class=\"l-section-h i-cf\"><div class=\"g-cols vc_row via_flex valign_top type_default stacking_default\"><div class=\"vc_col-sm-12 wpb_column vc_column_container\"><div class=\"vc_column-inner\"><div class=\"wpb_wrapper\"><div class=\"wpb_text_column\"><div class=\"wpb_wrapper\"><h2>De fandango van Huelva: de grote flamencoreferentie van het gebied<\/h2>\n<p>Om flamenco in Ayamonte te begrijpen, is het nuttig om naar de hele provincie te kijken. Huelva heeft een buitengewoon rijke fandangogeografie, met stijlen en vormen die aan verschillende plaatsen zijn verbonden. Van al deze centra neemt <strong>Alosno<\/strong> een essenti\u00eble plaats in en werd de figuur van <strong>Paco Toronjo<\/strong> een beslissende referentie voor de verspreiding en consolidatie van de fandango van Huelva in de 20e eeuw.<\/p>\n<p>Ayamonte heeft die culturele verbinding levend gehouden in zijn eigen programmering. Het Festival Internacional de M\u00fasica Ciudad de Ayamonte heeft in verschillende edities flamencoprojecten opgenomen die met deze traditie verbonden zijn. In 2018 stond bijvoorbeeld <em>Vive Alosno. 20 a\u00f1os sin Paco Toronjo<\/em>op het programma. En in augustus 2026 organiseerde Patio de la Jaboner\u00eda opnieuw een <strong>Noche Alosnera met Jeromo Segura<\/strong> als eerbetoon aan Paco Toronjo.<\/p>\n<p>Het gaat er niet om Ayamonte uit te roepen tot bakermat van stijlen die historisch bij andere gemeenten horen, maar om zijn rol te begrijpen als <strong>podium en verspreidingspunt van de flamencocultuur van Huelva<\/strong>. Dat onderscheid maakt het mogelijk om de traditie nauwkeuriger te beschrijven en tegelijk uit te leggen waarom reizigers hier flamencoprogramma\u2019s kunnen vinden die diep geworteld zijn in de identiteit van Huelva.<\/p>\n<\/div><\/div><\/div><\/div><\/div><\/div><\/div><\/section><section class=\"l-section wpb_row height_huge color_alternate with_shape\"><div class=\"l-section-shape type_zigzag pos_top hor_flip\" style=\"height:3vmin;\"><svg xmlns=\"http:\/\/www.w3.org\/2000\/svg\" viewBox=\"0 0 64 8\" preserveAspectRatio=\"none\" width=\"100%\" height=\"100%\">\r\n\t<path fill=\"currentColor\" d=\"M64 8 L0 8 L0 0 L20 7.9 L40 3 L48 5 L64 0 Z\"\/>\r\n<\/svg><\/div><div class=\"l-section-shape type_zigzag pos_bottom\" style=\"height:3vmin;\"><svg xmlns=\"http:\/\/www.w3.org\/2000\/svg\" viewBox=\"0 0 64 8\" preserveAspectRatio=\"none\" width=\"100%\" height=\"100%\">\r\n\t<path fill=\"currentColor\" d=\"M64 8 L0 8 L0 0 L20 7.9 L40 3 L48 5 L64 0 Z\"\/>\r\n<\/svg><\/div><div class=\"l-section-h i-cf\"><div class=\"g-cols vc_row via_flex valign_top type_default stacking_default\"><div class=\"vc_col-sm-12 wpb_column vc_column_container\"><div class=\"vc_column-inner\"><div class=\"wpb_wrapper\"><div class=\"wpb_text_column\"><div class=\"wpb_wrapper\"><h2>\u2018Flamenco Ayamonte\u2019: flamenco als onderdeel van het culturele stadsprogramma<\/h2>\n<p>Een van de interessantste stappen van de afgelopen jaren was de oprichting door de gemeente van het programma <strong>\u2018Flamenco Ayamonte\u2019<\/strong>. De eerste offici\u00eble editie werd in 2024 gepresenteerd rond de Internationale Dag van de Flamenco en had een duidelijk doel: de kennis van flamencokunst versterken en de stad tot een cultureel ontmoetingspunt rond dit erfgoed maken.<\/p>\n<p>Het programma combineerde verschillende vormen. Er was inhoudelijke verdieping met de lezing <em>Flamenco. Arqueolog\u00eda de lo Jondo<\/em>; een tentoonstelling van het Instituto Andaluz del Flamenco, <em>Flamenco. C\u00f3digo Abierto<\/em>; podiumvoorstellingen en een flamencoconcert. Opvallend is dat het initiatief zich niet beperkte tot het boeken van een optreden, maar ook <strong>geschiedenis, kennis, erfgoed en podiumkunst<\/strong>omvatte.<\/p>\n<p>De gemeentelijke toeristische agenda nam \u2018Flamenco Ayamonte\u2019 in november 2025 opnieuw op, met tentoonstellingen, lezingen en concerten in ruimtes zoals Casa Grande en Teatro Cardenio. De continu\u00efteit van dit soort programmering is bijzonder relevant, omdat ze wijst op de wens om flamenco op te nemen in de hedendaagse culturele identiteit van de stad.<\/p>\n<p>Voor toekomstige edities is het verstandig om in de herfst de culturele agenda van Ayamonte te raadplegen, vooral rond de Internationale Dag van de Flamenco, omdat data en inhoud elk jaar kunnen veranderen.<\/p>\n<\/div><\/div><\/div><\/div><\/div><\/div><\/div><\/section><section class=\"l-section wpb_row height_huge\"><div class=\"l-section-h i-cf\"><div class=\"g-cols vc_row via_flex valign_top type_default stacking_default\"><div class=\"vc_col-sm-6 wpb_column vc_column_container\"><div class=\"vc_column-inner\"><div class=\"wpb_wrapper\"><div class=\"wpb_text_column\"><div class=\"wpb_wrapper\"><h2>Tablao Flamenco La Puerta Ancha: live flamenco in het centrum van Ayamonte<\/h2>\n<p>Voor wie niet afhankelijk wil zijn van het toevallig samenvallen met een festival of een eenmalig concert, is de duidelijkste referentie <strong>Tablao Flamenco La Puerta Ancha<\/strong>, gelegen aan Plaza de la Laguna. Het belang ervan binnen het lokale aanbod ligt juist in het tablaoformat: een intieme ruimte, veel nabijheid tot de artiesten en een ervaring die draait om cante, gitaar en dans.<\/p>\n<p>La Puerta Ancha zorgt ervoor dat Ayamonte een stabieler flamencoaanbod heeft dan een stad die uitsluitend afhankelijk is van zomerfestivals. De centrale ligging maakt het bovendien gemakkelijk om de voorstelling te combineren met een wandeling door het historische centrum, waardoor flamenco een natuurlijk onderdeel wordt van een avond in de stad.<\/p>\n<p>Op Tablaos Flamencos hebben we een aparte gids over de locatie, het format en hoe je een bezoek kunt organiseren vanuit Ayamonte, Isla Canela of Portugal.<\/p>\n<\/div><\/div><div class=\"w-btn-wrapper align_none\"><a class=\"w-btn us-btn-style_1\" href=\"https:\/\/www.tablaosflamencos.com\/nl\/tablao-flamenco-la-puerta-ancha-ayamonte.html\"><span class=\"w-btn-label\">Bekijk de gids voor Tablao La Puerta Ancha<\/span><\/a><\/div><\/div><\/div><\/div><div class=\"vc_col-sm-6 wpb_column vc_column_container\"><div class=\"vc_column-inner\"><div class=\"wpb_wrapper\"><div class=\"wpb_text_column\"><div class=\"wpb_wrapper\"><h2>Teatro Cardenio, Casa Grande en Patio de la Jaboner\u00eda<\/h2>\n<p>Flamenco in Ayamonte beperkt zich niet tot de tablao. De stad heeft verschillende culturele locaties waar flamencovoorstellingen en projecten rond het genre zijn georganiseerd.<\/p>\n<p><strong>Teatro Cardenio<\/strong> verschijnt regelmatig in de lokale culturele agenda en heeft concerten en voorstellingen rond flamenco en copla ontvangen. <strong>Casa Grande<\/strong>heeft naast tentoonstellingen en andere culturele activiteiten ook deelgenomen aan specifieke programma\u2019s zoals \u2018Flamenco Ayamonte\u2019.<\/p>\n<p>De <strong>Patio de la Jaboner\u00eda<\/strong> is vooral interessant tijdens het Festival Internacional de M\u00fasica Ciudad de Ayamonte. Het programma van 2026 omvatte onder andere flamencopianist Dorantes en een avond ter ere van Paco Toronjo met Jeromo Segura. In andere edities traden artiesten als Arc\u00e1ngel en Alba Molina op tijdens dit festival.<\/p>\n<p>Voor bezoekers is het belangrijk om onderscheid te maken tussen <strong>regelmatig aanbod<\/strong> en <strong>tijdelijke culturele programmering<\/strong>: deze locaties functioneren niet als permanente tablaos, maar kunnen enkele van de interessantste flamencoavonden van het jaar bieden wanneer de programmering met je bezoek samenvalt.<\/p>\n<\/div><\/div><\/div><\/div><\/div><\/div><\/div><\/section><section class=\"l-section wpb_row height_huge color_alternate with_shape\"><div class=\"l-section-shape type_zigzag pos_top hor_flip\" style=\"height:3vmin;\"><svg xmlns=\"http:\/\/www.w3.org\/2000\/svg\" viewBox=\"0 0 64 8\" preserveAspectRatio=\"none\" width=\"100%\" height=\"100%\">\r\n\t<path fill=\"currentColor\" d=\"M64 8 L0 8 L0 0 L20 7.9 L40 3 L48 5 L64 0 Z\"\/>\r\n<\/svg><\/div><div class=\"l-section-shape type_zigzag pos_bottom\" style=\"height:3vmin;\"><svg xmlns=\"http:\/\/www.w3.org\/2000\/svg\" viewBox=\"0 0 64 8\" preserveAspectRatio=\"none\" width=\"100%\" height=\"100%\">\r\n\t<path fill=\"currentColor\" d=\"M64 8 L0 8 L0 0 L20 7.9 L40 3 L48 5 L64 0 Z\"\/>\r\n<\/svg><\/div><div class=\"l-section-h i-cf\"><div class=\"g-cols vc_row via_flex valign_top type_default stacking_default\"><div class=\"vc_col-sm-12 wpb_column vc_column_container\"><div class=\"vc_column-inner\"><div class=\"wpb_wrapper\"><div class=\"wpb_text_column\"><div class=\"wpb_wrapper\"><h2>Punta del Moral en de kust: festivals die ook flamencoherinnering hebben opgebouwd<\/h2>\n<p>De relatie tussen Ayamonte en flamenco strekt zich ook uit tot de kustplaatsen. <strong>Punta del Moral<\/strong> heeft jarenlang specifiek flamencogerichte evenementen georganiseerd. Een van de meest representatieve was het <strong>Festival Flamenco Antonia L\u00f3pez Ciudad de Ayamonte<\/strong>, dat in 2018 zijn tiende editie bereikte met onder meer Antonia L\u00f3pez, Roc\u00edo Segura en Roc\u00edo M\u00e1rquez op het programma.<\/p>\n<p>Dit soort festivals helpt te begrijpen hoe flamenco in het gebied wordt beleefd: niet alleen als toeristische voorstelling, maar ook als <strong>ontmoetingspunt voor liefhebbers, artiesten en lokaal publiek<\/strong>. Zoals bij veel zomerevenementen moeten continu\u00efteit en data per editie worden gecontroleerd; het is daarom niet verstandig om een reis op oude kalenders te baseren.<\/p>\n<p>De kust voegt nog een interessant element toe. Ayamonte, Isla Canela en Punta del Moral ontvangen in de zomermaanden veel bezoekers, waardoor het potenti\u00eble publiek voor voorstellingen en festivals groeit en de culturele agenda in het hoogseizoen intensiever kan worden.<\/p>\n<\/div><\/div><\/div><\/div><\/div><\/div><\/div><\/section><section class=\"l-section wpb_row height_huge\"><div class=\"l-section-h i-cf\"><div class=\"g-cols vc_row via_flex valign_top type_default stacking_default\"><div class=\"vc_col-sm-12 wpb_column vc_column_container\"><div class=\"vc_column-inner\"><div class=\"wpb_wrapper\"><div class=\"wpb_text_column\"><div class=\"wpb_wrapper\"><h2>Flamenco in Ayamonte in 2026: een agenda die blijft groeien<\/h2>\n<p>De programmering van 2026 bevestigt dat flamenco aanwezig blijft in het culturele aanbod van Ayamonte. Het 37e Festival Internacional de M\u00fasica Ciudad de Ayamonte bevatte verschillende producties die direct met het genre verbonden waren. De cantaora uit Huelva <strong>Argentina<\/strong> presenteerde in augustus haar project <em>Utrera Flamenco Fet\u00e9n<\/em>; pianist <strong>Dorantes<\/strong> maakte deel uit van het programma van Patio de la Jaboner\u00eda; en <strong>Jeromo Segura<\/strong> stond centraal tijdens een Alosno-avond als eerbetoon aan Paco Toronjo.<\/p>\n<p>Het interessante is niet alleen de concerten op te sommen, maar het patroon te zien: Ayamonte combineert artiesten uit de provincie, eerbetonen aan de traditie van Huelva en hedendaagse flamenco binnen het algemene culturele programma. Daardoor kunnen bezoekers afhankelijk van de tijd van het jaar heel verschillende voorstellingen tegenkomen.<\/p>\n<p>Daarom moet een evergreen gids over flamenco in Ayamonte vermijden om vaste aanvangstijden te publiceren alsof die permanent zijn. De beste aanpak is om kort voor de reis de gemeentelijke agenda en de programmering van de culturele locaties te controleren.<\/p>\n<\/div><\/div><\/div><\/div><\/div><\/div><\/div><\/section><section class=\"l-section wpb_row height_huge color_alternate with_shape\"><div class=\"l-section-shape type_zigzag pos_top hor_flip\" style=\"height:3vmin;\"><svg xmlns=\"http:\/\/www.w3.org\/2000\/svg\" viewBox=\"0 0 64 8\" preserveAspectRatio=\"none\" width=\"100%\" height=\"100%\">\r\n\t<path fill=\"currentColor\" d=\"M64 8 L0 8 L0 0 L20 7.9 L40 3 L48 5 L64 0 Z\"\/>\r\n<\/svg><\/div><div class=\"l-section-shape type_zigzag pos_bottom\" style=\"height:3vmin;\"><svg xmlns=\"http:\/\/www.w3.org\/2000\/svg\" viewBox=\"0 0 64 8\" preserveAspectRatio=\"none\" width=\"100%\" height=\"100%\">\r\n\t<path fill=\"currentColor\" d=\"M64 8 L0 8 L0 0 L20 7.9 L40 3 L48 5 L64 0 Z\"\/>\r\n<\/svg><\/div><div class=\"l-section-h i-cf\"><div class=\"g-cols vc_row via_flex valign_top type_default stacking_default\"><div class=\"vc_col-sm-12 wpb_column vc_column_container\"><div class=\"vc_column-inner\"><div class=\"wpb_wrapper\"><div class=\"wpb_text_column\"><div class=\"wpb_wrapper\"><h2>Ayamonte en de Algarve: een bijzondere ligging om flamenco te ontdekken<\/h2>\n<p>E\u00e9n factor onderscheidt Ayamonte van bijna elke andere Andalusische flamencobestemming: de dagelijkse relatie met Portugal. Tegenover de stad ligt <strong>Vila Real de Santo Ant\u00f3nio<\/strong>, en de oostelijke Algarve ligt vlakbij. Daardoor is Ayamonte een natuurlijke toegangspoort tot flamenco voor reizigers die hun vakantie aan de andere kant van de grens doorbrengen.<\/p>\n<p>Wie verblijft in Monte Gordo, Vila Real de Santo Ant\u00f3nio, Castro Marim of omliggende plaatsen, kan met een oversteek naar Ayamonte een flamencoervaring toevoegen aan een reis door Portugal zonder helemaal naar Sevilla te hoeven reizen. Hetzelfde geldt voor bezoekers van Isla Canela en andere plaatsen aan de westkust van Huelva.<\/p>\n<p>Dit grenskarakter geeft de stad ook een eigen toeristische persoonlijkheid. Flamenco bestaat hier naast de maritieme sfeer, centrale pleinen, de monding van de Guadiana en een voortdurende stroom Spaanse en Portugese bezoekers. Daardoor kan de ervaring minder aanvoelen als een uitsluitend flamencogerichte excursie en meer als een <strong>complete culturele avond in een Andalusische grensstad<\/strong>.<\/p>\n<\/div><\/div><\/div><\/div><\/div><\/div><\/div><\/section><section class=\"l-section wpb_row height_huge\"><div class=\"l-section-h i-cf\"><div class=\"g-cols vc_row via_flex valign_top type_default stacking_default\"><div class=\"vc_col-sm-12 wpb_column vc_column_container\"><div class=\"vc_column-inner\"><div class=\"wpb_wrapper\"><div class=\"wpb_text_column\"><div class=\"wpb_wrapper\"><h2>Drie verschillende manieren om van flamenco in Ayamonte te genieten<\/h2>\n<p>Er bestaat niet \u00e9\u00e9n juiste manier om flamenco in de stad te benaderen. De keuze hangt af van wat iedere bezoeker zoekt.<\/p>\n<p><strong>1. Een tablao.<\/strong> Dit is de meest directe optie als je cante, dans en gitaar in een intieme ruimte wilt zien, met een ervaring die volledig rond flamenco is ontworpen. Voor een eerste bezoek is dit meestal de eenvoudigste keuze om te organiseren.<\/p>\n<p><strong>2. Een concert of festival.<\/strong> Dat kan grotere artistieke formats, specifieke artiesten of projecten bieden die niet noodzakelijk binnen de structuur van een tablao passen. Het internationale muziekfestival en andere culturele reeksen zijn goede kansen wanneer de data samenvallen met je verblijf.<\/p>\n<p><strong>3. Een culturele of informatieve activiteit.<\/strong> Programma\u2019s zoals \u2018Flamenco Ayamonte\u2019 laten zien dat flamenco ook via lezingen, tentoonstellingen en ontmoetingen kan worden ontdekt. Voor wie al liefhebber is, bieden deze activiteiten de mogelijkheid om verder te gaan dan de voorstelling en de geschiedenis en codes beter te begrijpen.<\/p>\n<p>Als de reis het toelaat, is een combinatie ideaal: een avond in een tablao en, als het met je verblijf samenvalt, een culturele activiteit of speciaal concert.<\/p>\n<\/div><\/div><\/div><\/div><\/div><\/div><\/div><\/section><section class=\"l-section wpb_row height_huge color_alternate with_shape\"><div class=\"l-section-shape type_zigzag pos_top hor_flip\" style=\"height:3vmin;\"><svg xmlns=\"http:\/\/www.w3.org\/2000\/svg\" viewBox=\"0 0 64 8\" preserveAspectRatio=\"none\" width=\"100%\" height=\"100%\">\r\n\t<path fill=\"currentColor\" d=\"M64 8 L0 8 L0 0 L20 7.9 L40 3 L48 5 L64 0 Z\"\/>\r\n<\/svg><\/div><div class=\"l-section-shape type_zigzag pos_bottom\" style=\"height:3vmin;\"><svg xmlns=\"http:\/\/www.w3.org\/2000\/svg\" viewBox=\"0 0 64 8\" preserveAspectRatio=\"none\" width=\"100%\" height=\"100%\">\r\n\t<path fill=\"currentColor\" d=\"M64 8 L0 8 L0 0 L20 7.9 L40 3 L48 5 L64 0 Z\"\/>\r\n<\/svg><\/div><div class=\"l-section-h i-cf\"><div class=\"g-cols vc_row via_flex valign_top type_default stacking_default\"><div class=\"vc_col-sm-12 wpb_column vc_column_container\"><div class=\"vc_column-inner\"><div class=\"wpb_wrapper\"><div class=\"wpb_text_column\"><div class=\"wpb_wrapper\"><h2>Als je vooral wilt weten waar je flamenco in Ayamonte kunt zien<\/h2>\n<p>Dit artikel is bedoeld om de <strong>traditie en culturele context<\/strong>uit te leggen. Als je vooral een praktisch antwoord nodig hebt \u2014welk format je kiest, hoe je de avond organiseert of welke optie het beste past als je voorstelling en gastronomie wilt combineren\u2014 hebben we een andere gids die volledig op die vraag is gericht.<\/p>\n<\/div><\/div><div class=\"w-separator size_medium\"><\/div><div class=\"w-btn-wrapper align_none\"><a class=\"w-btn us-btn-style_1\" href=\"https:\/\/www.tablaosflamencos.com\/nl\/flamenco-in-ayamonte.html\"><span class=\"w-btn-label\">Bekijk de praktische gids voor flamenco in Ayamonte<\/span><\/a><\/div><div class=\"w-separator size_small\"><\/div><div class=\"w-btn-wrapper align_none\"><a class=\"w-btn us-btn-style_1\" href=\"https:\/\/www.tablaosflamencos.com\/nl\/tablao\/tablao-flamenco-la-puerta-ancha\"><span class=\"w-btn-label\">Bekijk beschikbaarheid voor flamenco in Ayamonte<\/span><\/a><\/div><\/div><\/div><\/div><\/div><\/div><\/section><section class=\"l-section wpb_row height_huge\"><div class=\"l-section-h i-cf\"><div class=\"g-cols vc_row via_flex valign_top type_default stacking_default\"><div class=\"vc_col-sm-12 wpb_column vc_column_container\"><div class=\"vc_column-inner\"><div class=\"wpb_wrapper\"><div class=\"wpb_text_column\"><div class=\"wpb_wrapper\"><h2>Tips voor het plannen van een flamencoavond in Ayamonte<\/h2>\n<p><strong>Controleer de agenda voordat je reist.<\/strong> Festivals en bijzondere concerten veranderen van seizoen tot seizoen. Als je een specifieke artiest zoekt, controleer dan enkele weken vooraf het culturele programma.<\/p>\n<p><strong>Als je een regelmatige optie wilt, kies dan bij voorkeur de tablao.<\/strong> Dat is de eenvoudigste manier om niet afhankelijk te zijn van het toevallig samenvallen met een festival of gemeentelijke reeks.<\/p>\n<p><strong>Verwar de fandango van Huelva niet met een vermeende eigen lokale stijl.<\/strong> Ayamonte maakt volledig deel uit van het culturele gebied van Huelva, maar flamencologie vereist voorzichtigheid bij het toeschrijven van specifieke lokale stijlen.<\/p>\n<p><strong>Als je uit Portugal komt, plan dan de terugreis.<\/strong> De nabijheid van de Algarve is een voordeel, maar controleer vooraf welke vervoersoptie geschikt is voor het tijdstip waarop je wilt terugkeren.<\/p>\n<p><strong>Maak ook tijd voor de stad.<\/strong> Het centrum van Ayamonte is v\u00f3\u00f3r of na de voorstelling een wandeling waard. Plaza de la Laguna, de omgeving van de Guadiana en de straten van het historische centrum zorgen ervoor dat flamenco deel kan worden van een bredere ervaring.<\/p>\n<\/div><\/div><\/div><\/div><\/div><\/div><\/div><\/section><section class=\"l-section wpb_row height_huge color_alternate with_shape\"><div class=\"l-section-shape type_zigzag pos_top hor_flip\" style=\"height:3vmin;\"><svg xmlns=\"http:\/\/www.w3.org\/2000\/svg\" viewBox=\"0 0 64 8\" preserveAspectRatio=\"none\" width=\"100%\" height=\"100%\">\r\n\t<path fill=\"currentColor\" d=\"M64 8 L0 8 L0 0 L20 7.9 L40 3 L48 5 L64 0 Z\"\/>\r\n<\/svg><\/div><div class=\"l-section-shape type_zigzag pos_bottom\" style=\"height:3vmin;\"><svg xmlns=\"http:\/\/www.w3.org\/2000\/svg\" viewBox=\"0 0 64 8\" preserveAspectRatio=\"none\" width=\"100%\" height=\"100%\">\r\n\t<path fill=\"currentColor\" d=\"M64 8 L0 8 L0 0 L20 7.9 L40 3 L48 5 L64 0 Z\"\/>\r\n<\/svg><\/div><div class=\"l-section-h i-cf\"><div class=\"g-cols vc_row via_flex valign_top type_default stacking_default\"><div class=\"vc_col-sm-1\/5 wpb_column vc_column_container\"><div class=\"vc_column-inner\"><div class=\"wpb_wrapper\"><\/div><\/div><\/div><div class=\"vc_col-sm-3\/5 wpb_column vc_column_container\"><div class=\"vc_column-inner\"><div class=\"wpb_wrapper\"><div class=\"wpb_text_column\"><div class=\"wpb_wrapper\"><h2>Veelgestelde vragen over flamenco in Ayamonte<\/h2>\n<\/div><\/div><div class=\"w-separator size_medium\"><\/div><div class=\"w-tabs accordion toggle_style_1 has_scrolling\" style=\"--sections-title-size:inherit;--sections-gap:0.5rem;\"><div class=\"w-tabs-sections titles-align_none icon_plus cpos_left\"><div class=\"w-tabs-section\" id=\"m697\" itemscope itemprop=\"mainEntity\" itemtype=\"https:\/\/schema.org\/Question\"><button type=\"button\" class=\"w-tabs-section-header\" aria-controls=\"content-m697\" aria-expanded=\"false\"><h3 class=\"w-tabs-section-title\" itemprop=\"name\">Heeft Ayamonte een flamencotraditie?<\/h3><div class=\"w-tabs-section-control\"><\/div><\/button><div  class=\"w-tabs-section-content\" id=\"content-m697\" itemscope itemprop=\"acceptedAnswer\" itemtype=\"https:\/\/schema.org\/Answer\"><div class=\"w-tabs-section-content-h i-cf\" itemprop=\"text\"><div class=\"wpb_text_column\"><div class=\"wpb_wrapper\"><p>Ja. Ayamonte maakt deel uit van de flamencocontext van de provincie Huelva en heeft het genre voortdurend aanwezig gehouden via festivals, concerten, gemeentelijke initiatieven en livevoorstellingen. De flamenco-identiteit van de stad is beter te begrijpen binnen de bredere traditie van Huelva dan als een ge\u00efsoleerde school.<\/p>\n<\/div><\/div><\/div><\/div><\/div><div class=\"w-tabs-section\" id=\"s813\" itemscope itemprop=\"mainEntity\" itemtype=\"https:\/\/schema.org\/Question\"><button type=\"button\" class=\"w-tabs-section-header\" aria-controls=\"content-s813\" aria-expanded=\"false\"><h3 class=\"w-tabs-section-title\" itemprop=\"name\">Bestaat er een fandango van Ayamonte?<\/h3><div class=\"w-tabs-section-control\"><\/div><\/button><div  class=\"w-tabs-section-content\" id=\"content-s813\" itemscope itemprop=\"acceptedAnswer\" itemtype=\"https:\/\/schema.org\/Answer\"><div class=\"w-tabs-section-content-h i-cf\" itemprop=\"text\"><div class=\"wpb_text_column\"><div class=\"wpb_wrapper\"><p>Er bestaat niet dezelfde flamencologische consensus als bij stijlen die met andere centra in Huelva verbonden zijn. Sommige onderzoeken ontkennen het bestaan van een zelfstandige flamencovorm uit Ayamonte. Daarom is het nauwkeuriger om te spreken over de relatie van de stad met de fandango van Huelva en met de flamencotraditie van de provincie.<\/p>\n<\/div><\/div><\/div><\/div><\/div><div class=\"w-tabs-section\" id=\"c956\" itemscope itemprop=\"mainEntity\" itemtype=\"https:\/\/schema.org\/Question\"><button type=\"button\" class=\"w-tabs-section-header\" aria-controls=\"content-c956\" aria-expanded=\"false\"><h3 class=\"w-tabs-section-title\" itemprop=\"name\">Waar kun je live flamenco zien in Ayamonte?<\/h3><div class=\"w-tabs-section-control\"><\/div><\/button><div  class=\"w-tabs-section-content\" id=\"content-c956\" itemscope itemprop=\"acceptedAnswer\" itemtype=\"https:\/\/schema.org\/Answer\"><div class=\"w-tabs-section-content-h i-cf\" itemprop=\"text\"><div class=\"wpb_text_column\"><div class=\"wpb_wrapper\"><p>De duidelijkste regelmatige optie is Tablao Flamenco La Puerta Ancha in het centrum van Ayamonte. Daarnaast kunnen culturele locaties zoals Teatro Cardenio, Casa Grande en Patio de la Jaboner\u00eda binnen hun tijdelijke programma flamencoconcerten en -activiteiten organiseren.<\/p>\n<\/div><\/div><\/div><\/div><\/div><div class=\"w-tabs-section\" id=\"va98\" itemscope itemprop=\"mainEntity\" itemtype=\"https:\/\/schema.org\/Question\"><button type=\"button\" class=\"w-tabs-section-header\" aria-controls=\"content-va98\" aria-expanded=\"false\"><h3 class=\"w-tabs-section-title\" itemprop=\"name\">Zijn er het hele jaar door flamencovoorstellingen?<\/h3><div class=\"w-tabs-section-control\"><\/div><\/button><div  class=\"w-tabs-section-content\" id=\"content-va98\" itemscope itemprop=\"acceptedAnswer\" itemtype=\"https:\/\/schema.org\/Answer\"><div class=\"w-tabs-section-content-h i-cf\" itemprop=\"text\"><div class=\"wpb_text_column\"><div class=\"wpb_wrapper\"><p>Regelmatig aanbod en bijzondere programmering zijn verschillend. De tablao biedt live flamenco regelmatiger, terwijl festivals, reeksen en concerten afhangen van het programma van elk seizoen. Controleer de beschikbaarheid voor je specifieke reisdatum.<\/p>\n<\/div><\/div><\/div><\/div><\/div><div class=\"w-tabs-section\" id=\"lbf1\" itemscope itemprop=\"mainEntity\" itemtype=\"https:\/\/schema.org\/Question\"><button type=\"button\" class=\"w-tabs-section-header\" aria-controls=\"content-lbf1\" aria-expanded=\"false\"><h3 class=\"w-tabs-section-title\" itemprop=\"name\">Wat is Flamenco Ayamonte?<\/h3><div class=\"w-tabs-section-control\"><\/div><\/button><div  class=\"w-tabs-section-content\" id=\"content-lbf1\" itemscope itemprop=\"acceptedAnswer\" itemtype=\"https:\/\/schema.org\/Answer\"><div class=\"w-tabs-section-content-h i-cf\" itemprop=\"text\"><div class=\"wpb_text_column\"><div class=\"wpb_wrapper\"><p>Het is een cultureel initiatief van de gemeente Ayamonte om flamenco meer zichtbaarheid te geven via activiteiten zoals voorstellingen, tentoonstellingen, lezingen en concerten. Het eerste offici\u00eble programma werd in 2024 gepresenteerd en verscheen in 2025 opnieuw in de gemeentelijke culturele agenda.<\/p>\n<\/div><\/div><\/div><\/div><\/div><div class=\"w-tabs-section\" id=\"ld34\" itemscope itemprop=\"mainEntity\" itemtype=\"https:\/\/schema.org\/Question\"><button type=\"button\" class=\"w-tabs-section-header\" aria-controls=\"content-ld34\" aria-expanded=\"false\"><h3 class=\"w-tabs-section-title\" itemprop=\"name\">Is het de moeite waard om voor flamenco naar Ayamonte te gaan als ik in de Algarve verblijf?<\/h3><div class=\"w-tabs-section-control\"><\/div><\/button><div  class=\"w-tabs-section-content\" id=\"content-ld34\" itemscope itemprop=\"acceptedAnswer\" itemtype=\"https:\/\/schema.org\/Answer\"><div class=\"w-tabs-section-content-h i-cf\" itemprop=\"text\"><div class=\"wpb_text_column\"><div class=\"wpb_wrapper\"><p>Ja, vooral als je in de oostelijke Algarve verblijft. Ayamonte ligt tegenover Vila Real de Santo Ant\u00f3nio en maakt het mogelijk een bezoek aan Andalusi\u00eb te combineren met een flamencoervaring zonder een lange reis naar Sevilla of andere grote steden te maken.<\/p>\n<\/div><\/div><\/div><\/div><\/div><div class=\"w-tabs-section\" id=\"je71\" itemscope itemprop=\"mainEntity\" itemtype=\"https:\/\/schema.org\/Question\"><button type=\"button\" class=\"w-tabs-section-header\" aria-controls=\"content-je71\" aria-expanded=\"false\"><h3 class=\"w-tabs-section-title\" itemprop=\"name\">Waar kan ik het flamencoprogramma van Ayamonte het beste bekijken?<\/h3><div class=\"w-tabs-section-control\"><\/div><\/button><div  class=\"w-tabs-section-content\" id=\"content-je71\" itemscope itemprop=\"acceptedAnswer\" itemtype=\"https:\/\/schema.org\/Answer\"><div class=\"w-tabs-section-content-h i-cf\" itemprop=\"text\"><div class=\"wpb_text_column\"><div class=\"wpb_wrapper\"><p>Controleer voor regelmatige voorstellingen de beschikbaarheid van de tablao. Voor concerten, festivals en bijzondere culturele activiteiten zijn de agenda van de gemeente Ayamonte, Ayamonte Turismo en de programma\u2019s van de culturele locaties in de stad de nuttigste bronnen.<\/p>\n<\/div><\/div><\/div><\/div><\/div><\/div><\/div><\/div><\/div><\/div><div class=\"vc_col-sm-1\/5 wpb_column vc_column_container\"><div class=\"vc_column-inner\"><div class=\"wpb_wrapper\"><\/div><\/div><\/div><\/div><\/div><\/section><section class=\"l-section wpb_row height_huge\"><div class=\"l-section-h i-cf\"><div class=\"g-cols vc_row via_flex valign_top type_default stacking_default\"><div class=\"vc_col-sm-12 wpb_column vc_column_container\"><div class=\"vc_column-inner\"><div class=\"wpb_wrapper\"><div class=\"wpb_text_column\"><div class=\"wpb_wrapper\"><h2>Ayamonte: flamenco tussen Huelva, de Guadiana en Portugal<\/h2>\n<p>Ayamonte hoeft zichzelf niet het etiket \u2018bakermat van de flamenco\u2019 te geven om interessant te zijn. De waarde ligt juist in een andere combinatie: de stad behoort tot een provincie met een van de belangrijkste fandangotradities van Andalusi\u00eb, heeft een voortdurende flamencoprogrammering behouden, beschikt tegenwoordig over een tablao in het centrum en ligt aan de grens, waardoor deze kunst dichter bij bezoekers aan de kust van Huelva en de Algarve komt.<\/p>\n<p>Voor reizigers levert dit verschillende mogelijkheden op. Ze kunnen flamenco intiem beleven in een tablao, een grote artiest zien in Teatro Cardenio of Patio de la Jaboner\u00eda, deelnemen aan een informatieve activiteit tijdens \u2018Flamenco Ayamonte\u2019 of toevallig een zomerfestival meemaken. <strong>De beste manier om van flamenco in Ayamonte te genieten is te begrijpen dat het niet om \u00e9\u00e9n zaal of \u00e9\u00e9n datum gaat, maar om een culturele aanwezigheid die op verschillende plekken in de stad zichtbaar wordt.<\/strong><\/p>\n<\/div><\/div><\/div><\/div><\/div><\/div><\/div><\/section><section class=\"l-section wpb_row height_huge color_alternate with_shape\"><div class=\"l-section-shape type_zigzag pos_top hor_flip\" style=\"height:3vmin;\"><svg xmlns=\"http:\/\/www.w3.org\/2000\/svg\" viewBox=\"0 0 64 8\" preserveAspectRatio=\"none\" width=\"100%\" height=\"100%\">\r\n\t<path fill=\"currentColor\" d=\"M64 8 L0 8 L0 0 L20 7.9 L40 3 L48 5 L64 0 Z\"\/>\r\n<\/svg><\/div><div class=\"l-section-shape type_zigzag pos_bottom\" style=\"height:3vmin;\"><svg xmlns=\"http:\/\/www.w3.org\/2000\/svg\" viewBox=\"0 0 64 8\" preserveAspectRatio=\"none\" width=\"100%\" height=\"100%\">\r\n\t<path fill=\"currentColor\" d=\"M64 8 L0 8 L0 0 L20 7.9 L40 3 L48 5 L64 0 Z\"\/>\r\n<\/svg><\/div><div class=\"l-section-h i-cf\"><div class=\"g-cols vc_row via_flex valign_top type_default stacking_default\"><div class=\"vc_col-sm-12 wpb_column vc_column_container\"><div class=\"vc_column-inner\"><div class=\"wpb_wrapper\"><div class=\"wpb_text_column\"><div class=\"wpb_wrapper\"><h2>Geraadpleegde bronnen<\/h2>\n<ul>\n<li><a href=\"https:\/\/ayamonte.es\/el-ayuntamiento-de-ayamonte-presenta-flamenco-ayamonte-un-programa-de-actividades-con-motivo-del-dia-internacional-del-flamenco\/\" target=\"_blank\" rel=\"noopener\">Gemeente Ayamonte \u2014 presentatie van Flamenco Ayamonte<\/a>.<\/li>\n<li><a href=\"https:\/\/ayamonteturismo.com\/events\/flamenco-ayamonte\/\" target=\"_blank\" rel=\"noopener\">Ayamonte Turismo \u2014 Flamenco Ayamonte<\/a>.<\/li>\n<li><a href=\"https:\/\/www.patiodelajaboneria.es\/entradas\" target=\"_blank\" rel=\"noopener\">Festival Internacional de M\u00fasica Ciudad de Ayamonte \u2014 programma 2026<\/a>.<\/li>\n<li><a href=\"https:\/\/ayamonte.es\/events\/festival-internacional-de-musica-vive-alosno\/\" target=\"_blank\" rel=\"noopener\">Gemeente Ayamonte \u2014 Vive Alosno, eerbetoon aan Paco Toronjo<\/a>.<\/li>\n<li><a href=\"https:\/\/ayamonte.es\/wp-content\/uploads\/2018\/07\/Julio-2018.pdf\" target=\"_blank\" rel=\"noopener\">Gemeente Ayamonte \u2014 10e Festival Flamenco Antonia L\u00f3pez Ciudad de Ayamonte<\/a>.<\/li>\n<\/ul>\n<p><small>Informatie gecontroleerd op 1 september 2026. De programmering van concerten, festivals en culturele activiteiten kan van seizoen tot seizoen veranderen.<\/small><\/p>\n<\/div><\/div><\/div><\/div><\/div><\/div><\/div><\/section>\n","protected":false},"excerpt":{"rendered":"<p>Ontdek de flamencotraditie van Ayamonte, de band met de fandango van Huelva en waar je vandaag flamenco kunt beleven in tablaos, op festivals en bij culturele evenementen.<\/p>\n","protected":false},"author":1,"featured_media":13900,"comment_status":"closed","ping_status":"closed","sticky":false,"template":"","format":"standard","meta":{"_acf_changed":false,"wpai_generated_summary":"","_ayudawp_aiss_exclude":false,"_ayudawp_aiss_exclude_summary":false,"_ayudawp_aiss_summary":"","_ayudawp_aiss_summary_provider":"","_ayudawp_aiss_summary_hash":"","footnotes":""},"categories":[358],"tags":[1874,1876,1877,1477,1873,1875,613],"class_list":["post-13988","post","type-post","status-publish","format-standard","has-post-thumbnail","hentry","category-flamenco-per-stad","tag-ayamonte-nl","tag-fandango-van-huelva","tag-flamenco-ayamonte-programma-nl","tag-flamenco-in-ayamonte","tag-flamencotablao-ayamonte-nl","tag-huelva-nl","tag-la-puerta-ancha"],"acf":[],"yoast_head":"<!-- This site is optimized with the Yoast SEO Premium plugin v28.4 (Yoast SEO v28.4) - https:\/\/yoast.com\/product\/yoast-seo-premium-wordpress\/ -->\n<title>Flamenco in Ayamonte: traditie en waar beleven | Tablaos Flamencos<\/title>\n<meta name=\"description\" content=\"Ontdek de flamencotraditie van Ayamonte, de band met de fandango van Huelva en waar je vandaag live flamenco, festivals en cultuur kunt beleven.\" \/>\n<meta name=\"robots\" content=\"index, follow, max-snippet:-1, max-image-preview:large, max-video-preview:-1\" \/>\n<link rel=\"canonical\" href=\"https:\/\/www.tablaosflamencos.com\/nl\/flamenco-ayamonte-traditie-waar-beleven.html\" \/>\n<meta property=\"og:locale\" content=\"nl_NL\" \/>\n<meta property=\"og:type\" content=\"article\" \/>\n<meta property=\"og:title\" content=\"Flamenco in Ayamonte: flamencotraditie en waar je ervan kunt genieten\" \/>\n<meta property=\"og:description\" content=\"Ontdek de flamencotraditie van Ayamonte, de band met de fandango van Huelva en waar je vandaag live flamenco, festivals en cultuur kunt beleven.\" \/>\n<meta property=\"og:url\" content=\"https:\/\/www.tablaosflamencos.com\/nl\/flamenco-ayamonte-traditie-waar-beleven.html\" \/>\n<meta property=\"og:site_name\" content=\"Tablaos Flamencos\" \/>\n<meta property=\"article:publisher\" content=\"https:\/\/www.facebook.com\/tablaosflamencos\" \/>\n<meta property=\"article:published_time\" content=\"2026-09-01T22:19:31+00:00\" \/>\n<meta property=\"article:modified_time\" content=\"2026-09-01T22:39:51+00:00\" \/>\n<meta property=\"og:image\" content=\"https:\/\/www.tablaosflamencos.com\/wp-content\/uploads\/flamenco-en-ayamonte-tradicion-flamenca-y-donde-disfrutarla-01.webp\" \/>\n\t<meta property=\"og:image:width\" content=\"1920\" \/>\n\t<meta property=\"og:image:height\" content=\"1440\" \/>\n\t<meta property=\"og:image:type\" content=\"image\/webp\" \/>\n<meta name=\"author\" content=\"Miguel Ortiz\" \/>\n<meta name=\"twitter:card\" content=\"summary_large_image\" \/>\n<meta name=\"twitter:creator\" content=\"@tablaosflamenco\" \/>\n<meta name=\"twitter:site\" content=\"@tablaosflamenco\" \/>\n<meta name=\"twitter:label1\" content=\"Geschreven door\" \/>\n\t<meta name=\"twitter:data1\" content=\"Miguel Ortiz\" \/>\n\t<meta name=\"twitter:label2\" content=\"Geschatte leestijd\" \/>\n\t<meta name=\"twitter:data2\" content=\"17 minuten\" \/>\n<script type=\"application\/ld+json\" class=\"yoast-schema-graph\">{\"@context\":\"https:\\\/\\\/schema.org\",\"@graph\":[{\"@type\":\"Article\",\"@id\":\"https:\\\/\\\/www.tablaosflamencos.com\\\/nl\\\/flamenco-ayamonte-traditie-waar-beleven.html#article\",\"isPartOf\":{\"@id\":\"https:\\\/\\\/www.tablaosflamencos.com\\\/nl\\\/flamenco-ayamonte-traditie-waar-beleven.html\"},\"author\":{\"name\":\"Miguel Ortiz\",\"@id\":\"https:\\\/\\\/www.tablaosflamencos.com\\\/nl#\\\/schema\\\/person\\\/e7a9ebe14eb75a52ceabfbffb3c54f5d\"},\"headline\":\"Flamenco in Ayamonte: flamencotraditie en waar je ervan kunt genieten\",\"datePublished\":\"2026-09-01T22:19:31+00:00\",\"dateModified\":\"2026-09-01T22:39:51+00:00\",\"mainEntityOfPage\":{\"@id\":\"https:\\\/\\\/www.tablaosflamencos.com\\\/nl\\\/flamenco-ayamonte-traditie-waar-beleven.html\"},\"wordCount\":3445,\"publisher\":{\"@id\":\"https:\\\/\\\/www.tablaosflamencos.com\\\/nl#organization\"},\"image\":{\"@id\":\"https:\\\/\\\/www.tablaosflamencos.com\\\/nl\\\/flamenco-ayamonte-traditie-waar-beleven.html#primaryimage\"},\"thumbnailUrl\":\"https:\\\/\\\/www.tablaosflamencos.com\\\/wp-content\\\/uploads\\\/flamenco-en-ayamonte-tradicion-flamenca-y-donde-disfrutarla-01.webp\",\"keywords\":[\"Ayamonte\",\"fandango van Huelva\",\"Flamenco Ayamonte\",\"flamenco in Ayamonte\",\"flamencotablao in Ayamonte\",\"Huelva\",\"La Puerta Ancha\"],\"articleSection\":[\"Flamenco per stad\"],\"inLanguage\":\"nl-NL\"},{\"@type\":\"WebPage\",\"@id\":\"https:\\\/\\\/www.tablaosflamencos.com\\\/nl\\\/flamenco-ayamonte-traditie-waar-beleven.html\",\"url\":\"https:\\\/\\\/www.tablaosflamencos.com\\\/nl\\\/flamenco-ayamonte-traditie-waar-beleven.html\",\"name\":\"Flamenco in Ayamonte: traditie en waar beleven | Tablaos Flamencos\",\"isPartOf\":{\"@id\":\"https:\\\/\\\/www.tablaosflamencos.com\\\/nl#website\"},\"primaryImageOfPage\":{\"@id\":\"https:\\\/\\\/www.tablaosflamencos.com\\\/nl\\\/flamenco-ayamonte-traditie-waar-beleven.html#primaryimage\"},\"image\":{\"@id\":\"https:\\\/\\\/www.tablaosflamencos.com\\\/nl\\\/flamenco-ayamonte-traditie-waar-beleven.html#primaryimage\"},\"thumbnailUrl\":\"https:\\\/\\\/www.tablaosflamencos.com\\\/wp-content\\\/uploads\\\/flamenco-en-ayamonte-tradicion-flamenca-y-donde-disfrutarla-01.webp\",\"datePublished\":\"2026-09-01T22:19:31+00:00\",\"dateModified\":\"2026-09-01T22:39:51+00:00\",\"description\":\"Ontdek de flamencotraditie van Ayamonte, de band met de fandango van Huelva en waar je vandaag live flamenco, festivals en cultuur kunt beleven.\",\"breadcrumb\":{\"@id\":\"https:\\\/\\\/www.tablaosflamencos.com\\\/nl\\\/flamenco-ayamonte-traditie-waar-beleven.html#breadcrumb\"},\"inLanguage\":\"nl-NL\",\"potentialAction\":[{\"@type\":\"ReadAction\",\"target\":[\"https:\\\/\\\/www.tablaosflamencos.com\\\/nl\\\/flamenco-ayamonte-traditie-waar-beleven.html\"]}]},{\"@type\":\"ImageObject\",\"inLanguage\":\"nl-NL\",\"@id\":\"https:\\\/\\\/www.tablaosflamencos.com\\\/nl\\\/flamenco-ayamonte-traditie-waar-beleven.html#primaryimage\",\"url\":\"https:\\\/\\\/www.tablaosflamencos.com\\\/wp-content\\\/uploads\\\/flamenco-en-ayamonte-tradicion-flamenca-y-donde-disfrutarla-01.webp\",\"contentUrl\":\"https:\\\/\\\/www.tablaosflamencos.com\\\/wp-content\\\/uploads\\\/flamenco-en-ayamonte-tradicion-flamenca-y-donde-disfrutarla-01.webp\",\"width\":1920,\"height\":1440,\"caption\":\"Flamenco en Ayamonte: tradici\u00f3n flamenca y d\u00f3nde disfrutarla\"},{\"@type\":\"BreadcrumbList\",\"@id\":\"https:\\\/\\\/www.tablaosflamencos.com\\\/nl\\\/flamenco-ayamonte-traditie-waar-beleven.html#breadcrumb\",\"itemListElement\":[{\"@type\":\"ListItem\",\"position\":1,\"name\":\"Home\",\"item\":\"https:\\\/\\\/www.tablaosflamencos.com\\\/nl\"},{\"@type\":\"ListItem\",\"position\":2,\"name\":\"Flamenco in Ayamonte: flamencotraditie en waar je ervan kunt genieten\"}]},{\"@type\":\"WebSite\",\"@id\":\"https:\\\/\\\/www.tablaosflamencos.com\\\/nl#website\",\"url\":\"https:\\\/\\\/www.tablaosflamencos.com\\\/nl\",\"name\":\"Tablaos Flamencos\",\"description\":\"Entradas para tablaos flamencos de Espa\u00f1a\",\"publisher\":{\"@id\":\"https:\\\/\\\/www.tablaosflamencos.com\\\/nl#organization\"},\"alternateName\":\"Tablaos Flamencos\",\"potentialAction\":[{\"@type\":\"SearchAction\",\"target\":{\"@type\":\"EntryPoint\",\"urlTemplate\":\"https:\\\/\\\/www.tablaosflamencos.com\\\/nl?s={search_term_string}\"},\"query-input\":{\"@type\":\"PropertyValueSpecification\",\"valueRequired\":true,\"valueName\":\"search_term_string\"}}],\"inLanguage\":\"nl-NL\"},{\"@type\":[\"Organization\",\"Place\",\"EntertainmentBusiness\"],\"@id\":\"https:\\\/\\\/www.tablaosflamencos.com\\\/nl#organization\",\"name\":\"Tablaos Flamencos\",\"alternateName\":\"Tablaos Flamencos\",\"url\":\"https:\\\/\\\/www.tablaosflamencos.com\\\/nl\",\"logo\":{\"@id\":\"https:\\\/\\\/www.tablaosflamencos.com\\\/nl\\\/flamenco-ayamonte-traditie-waar-beleven.html#local-main-organization-logo\"},\"image\":{\"@id\":\"https:\\\/\\\/www.tablaosflamencos.com\\\/nl\\\/flamenco-ayamonte-traditie-waar-beleven.html#local-main-organization-logo\"},\"sameAs\":[\"https:\\\/\\\/www.facebook.com\\\/tablaosflamencos\",\"https:\\\/\\\/x.com\\\/tablaosflamenco\",\"https:\\\/\\\/mastodon.social\\\/@tablaosflamencos\",\"https:\\\/\\\/www.instagram.com\\\/tablaosflamencos\",\"https:\\\/\\\/tiktok.com\\\/@tablaosflamencos\",\"https:\\\/\\\/www.linkedin.com\\\/company\\\/109408238\\\/\"],\"description\":\"Venta de entradas para espect\u00e1culos flamencos\",\"legalName\":\"Tablaos Flamencos\",\"foundingDate\":\"2015-01-01\",\"numberOfEmployees\":{\"@type\":\"QuantitativeValue\",\"minValue\":\"1\",\"maxValue\":\"10\"},\"address\":{\"@id\":\"https:\\\/\\\/www.tablaosflamencos.com\\\/nl\\\/flamenco-ayamonte-traditie-waar-beleven.html#local-main-place-address\"},\"geo\":{\"@type\":\"GeoCoordinates\",\"latitude\":\"37.3868072\",\"longitude\":\"-5.993280299999999\"},\"telephone\":[\"+34623787787\"],\"contactPoint\":{\"@type\":\"ContactPoint\",\"telephone\":\"+34623787787\",\"email\":\"info@tablaosflamencos.com\"},\"openingHoursSpecification\":{\"@type\":\"OpeningHoursSpecification\",\"dayOfWeek\":[\"Monday\",\"Tuesday\",\"Wednesday\",\"Thursday\",\"Friday\",\"Saturday\",\"Sunday\"],\"opens\":\"00:00\",\"closes\":\"23:59\"},\"email\":\"info@tablaosflamencos.com\",\"priceRange\":\"$$$\",\"currenciesAccepted\":\"\u20ac\"},{\"@type\":\"Person\",\"@id\":\"https:\\\/\\\/www.tablaosflamencos.com\\\/nl#\\\/schema\\\/person\\\/e7a9ebe14eb75a52ceabfbffb3c54f5d\",\"name\":\"Miguel Ortiz\",\"description\":\"Miguel Ortiz es un empresario flamenco, con una s\u00f3lida trayectoria dentro del sector. Ha presidido entidades culturales vinculadas al flamenco y, cuenta con un amplio recorrido profesional en la gesti\u00f3n y promoci\u00f3n de espect\u00e1culos y tablaos flamencos. Su pasi\u00f3n por la historia y el arte flamenco se refleja en cada art\u00edculo, donde combina experiencia, criterio y un profundo respeto por la tradici\u00f3n.\",\"sameAs\":[\"https:\\\/\\\/www.tablaosflamencos.com\",\"https:\\\/\\\/www.instagra.com\\\/miguelortizfe\",\"https:\\\/\\\/www.linkedin.com\\\/in\\\/miguelortizf\\\/\"],\"birthDate\":\"1984-11-22\",\"gender\":\"hombre\",\"knowsLanguage\":[\"espa\u00f1ol\",\"ingl\u00e9s\"],\"jobTitle\":\"Empresario flamenco\"},{\"@type\":\"PostalAddress\",\"@id\":\"https:\\\/\\\/www.tablaosflamencos.com\\\/nl\\\/flamenco-ayamonte-traditie-waar-beleven.html#local-main-place-address\",\"streetAddress\":\"C\\\/ Alemanes, 19\",\"addressLocality\":\"Sevilla\",\"postalCode\":\"41004\",\"addressRegion\":\"Sevilla\",\"addressCountry\":\"ES\"},{\"@type\":\"ImageObject\",\"inLanguage\":\"nl-NL\",\"@id\":\"https:\\\/\\\/www.tablaosflamencos.com\\\/nl\\\/flamenco-ayamonte-traditie-waar-beleven.html#local-main-organization-logo\",\"url\":\"https:\\\/\\\/www.tablaosflamencos.com\\\/wp-content\\\/uploads\\\/tablaos-flamencos-06-3.webp\",\"contentUrl\":\"https:\\\/\\\/www.tablaosflamencos.com\\\/wp-content\\\/uploads\\\/tablaos-flamencos-06-3.webp\",\"width\":600,\"height\":620,\"caption\":\"Tablaos Flamencos\"}]}<\/script>\n<meta name=\"geo.placename\" content=\"Sevilla\" \/>\n<meta name=\"geo.position\" content=\"37.3868072;-5.993280299999999\" \/>\n<meta name=\"geo.region\" content=\"Spanje\" \/>\n<!-- \/ Yoast SEO Premium plugin. -->","yoast_head_json":{"title":"Flamenco in Ayamonte: traditie en waar beleven | Tablaos Flamencos","description":"Ontdek de flamencotraditie van Ayamonte, de band met de fandango van Huelva en waar je vandaag live flamenco, festivals en cultuur kunt beleven.","robots":{"index":"index","follow":"follow","max-snippet":"max-snippet:-1","max-image-preview":"max-image-preview:large","max-video-preview":"max-video-preview:-1"},"canonical":"https:\/\/www.tablaosflamencos.com\/nl\/flamenco-ayamonte-traditie-waar-beleven.html","og_locale":"nl_NL","og_type":"article","og_title":"Flamenco in Ayamonte: flamencotraditie en waar je ervan kunt genieten","og_description":"Ontdek de flamencotraditie van Ayamonte, de band met de fandango van Huelva en waar je vandaag live flamenco, festivals en cultuur kunt beleven.","og_url":"https:\/\/www.tablaosflamencos.com\/nl\/flamenco-ayamonte-traditie-waar-beleven.html","og_site_name":"Tablaos Flamencos","article_publisher":"https:\/\/www.facebook.com\/tablaosflamencos","article_published_time":"2026-09-01T22:19:31+00:00","article_modified_time":"2026-09-01T22:39:51+00:00","og_image":[{"width":1920,"height":1440,"url":"https:\/\/www.tablaosflamencos.com\/wp-content\/uploads\/flamenco-en-ayamonte-tradicion-flamenca-y-donde-disfrutarla-01.webp","type":"image\/webp"}],"author":"Miguel Ortiz","twitter_card":"summary_large_image","twitter_creator":"@tablaosflamenco","twitter_site":"@tablaosflamenco","twitter_misc":{"Geschreven door":"Miguel Ortiz","Geschatte leestijd":"17 minuten"},"schema":{"@context":"https:\/\/schema.org","@graph":[{"@type":"Article","@id":"https:\/\/www.tablaosflamencos.com\/nl\/flamenco-ayamonte-traditie-waar-beleven.html#article","isPartOf":{"@id":"https:\/\/www.tablaosflamencos.com\/nl\/flamenco-ayamonte-traditie-waar-beleven.html"},"author":{"name":"Miguel Ortiz","@id":"https:\/\/www.tablaosflamencos.com\/nl#\/schema\/person\/e7a9ebe14eb75a52ceabfbffb3c54f5d"},"headline":"Flamenco in Ayamonte: flamencotraditie en waar je ervan kunt genieten","datePublished":"2026-09-01T22:19:31+00:00","dateModified":"2026-09-01T22:39:51+00:00","mainEntityOfPage":{"@id":"https:\/\/www.tablaosflamencos.com\/nl\/flamenco-ayamonte-traditie-waar-beleven.html"},"wordCount":3445,"publisher":{"@id":"https:\/\/www.tablaosflamencos.com\/nl#organization"},"image":{"@id":"https:\/\/www.tablaosflamencos.com\/nl\/flamenco-ayamonte-traditie-waar-beleven.html#primaryimage"},"thumbnailUrl":"https:\/\/www.tablaosflamencos.com\/wp-content\/uploads\/flamenco-en-ayamonte-tradicion-flamenca-y-donde-disfrutarla-01.webp","keywords":["Ayamonte","fandango van Huelva","Flamenco Ayamonte","flamenco in Ayamonte","flamencotablao in Ayamonte","Huelva","La Puerta Ancha"],"articleSection":["Flamenco per stad"],"inLanguage":"nl-NL"},{"@type":"WebPage","@id":"https:\/\/www.tablaosflamencos.com\/nl\/flamenco-ayamonte-traditie-waar-beleven.html","url":"https:\/\/www.tablaosflamencos.com\/nl\/flamenco-ayamonte-traditie-waar-beleven.html","name":"Flamenco in Ayamonte: traditie en waar beleven | Tablaos Flamencos","isPartOf":{"@id":"https:\/\/www.tablaosflamencos.com\/nl#website"},"primaryImageOfPage":{"@id":"https:\/\/www.tablaosflamencos.com\/nl\/flamenco-ayamonte-traditie-waar-beleven.html#primaryimage"},"image":{"@id":"https:\/\/www.tablaosflamencos.com\/nl\/flamenco-ayamonte-traditie-waar-beleven.html#primaryimage"},"thumbnailUrl":"https:\/\/www.tablaosflamencos.com\/wp-content\/uploads\/flamenco-en-ayamonte-tradicion-flamenca-y-donde-disfrutarla-01.webp","datePublished":"2026-09-01T22:19:31+00:00","dateModified":"2026-09-01T22:39:51+00:00","description":"Ontdek de flamencotraditie van Ayamonte, de band met de fandango van Huelva en waar je vandaag live flamenco, festivals en cultuur kunt beleven.","breadcrumb":{"@id":"https:\/\/www.tablaosflamencos.com\/nl\/flamenco-ayamonte-traditie-waar-beleven.html#breadcrumb"},"inLanguage":"nl-NL","potentialAction":[{"@type":"ReadAction","target":["https:\/\/www.tablaosflamencos.com\/nl\/flamenco-ayamonte-traditie-waar-beleven.html"]}]},{"@type":"ImageObject","inLanguage":"nl-NL","@id":"https:\/\/www.tablaosflamencos.com\/nl\/flamenco-ayamonte-traditie-waar-beleven.html#primaryimage","url":"https:\/\/www.tablaosflamencos.com\/wp-content\/uploads\/flamenco-en-ayamonte-tradicion-flamenca-y-donde-disfrutarla-01.webp","contentUrl":"https:\/\/www.tablaosflamencos.com\/wp-content\/uploads\/flamenco-en-ayamonte-tradicion-flamenca-y-donde-disfrutarla-01.webp","width":1920,"height":1440,"caption":"Flamenco en Ayamonte: tradici\u00f3n flamenca y d\u00f3nde disfrutarla"},{"@type":"BreadcrumbList","@id":"https:\/\/www.tablaosflamencos.com\/nl\/flamenco-ayamonte-traditie-waar-beleven.html#breadcrumb","itemListElement":[{"@type":"ListItem","position":1,"name":"Home","item":"https:\/\/www.tablaosflamencos.com\/nl"},{"@type":"ListItem","position":2,"name":"Flamenco in Ayamonte: flamencotraditie en waar je ervan kunt genieten"}]},{"@type":"WebSite","@id":"https:\/\/www.tablaosflamencos.com\/nl#website","url":"https:\/\/www.tablaosflamencos.com\/nl","name":"Tablaos Flamencos","description":"Entradas para tablaos flamencos de Espa\u00f1a","publisher":{"@id":"https:\/\/www.tablaosflamencos.com\/nl#organization"},"alternateName":"Tablaos Flamencos","potentialAction":[{"@type":"SearchAction","target":{"@type":"EntryPoint","urlTemplate":"https:\/\/www.tablaosflamencos.com\/nl?s={search_term_string}"},"query-input":{"@type":"PropertyValueSpecification","valueRequired":true,"valueName":"search_term_string"}}],"inLanguage":"nl-NL"},{"@type":["Organization","Place","EntertainmentBusiness"],"@id":"https:\/\/www.tablaosflamencos.com\/nl#organization","name":"Tablaos Flamencos","alternateName":"Tablaos Flamencos","url":"https:\/\/www.tablaosflamencos.com\/nl","logo":{"@id":"https:\/\/www.tablaosflamencos.com\/nl\/flamenco-ayamonte-traditie-waar-beleven.html#local-main-organization-logo"},"image":{"@id":"https:\/\/www.tablaosflamencos.com\/nl\/flamenco-ayamonte-traditie-waar-beleven.html#local-main-organization-logo"},"sameAs":["https:\/\/www.facebook.com\/tablaosflamencos","https:\/\/x.com\/tablaosflamenco","https:\/\/mastodon.social\/@tablaosflamencos","https:\/\/www.instagram.com\/tablaosflamencos","https:\/\/tiktok.com\/@tablaosflamencos","https:\/\/www.linkedin.com\/company\/109408238\/"],"description":"Venta de entradas para espect\u00e1culos flamencos","legalName":"Tablaos Flamencos","foundingDate":"2015-01-01","numberOfEmployees":{"@type":"QuantitativeValue","minValue":"1","maxValue":"10"},"address":{"@id":"https:\/\/www.tablaosflamencos.com\/nl\/flamenco-ayamonte-traditie-waar-beleven.html#local-main-place-address"},"geo":{"@type":"GeoCoordinates","latitude":"37.3868072","longitude":"-5.993280299999999"},"telephone":["+34623787787"],"contactPoint":{"@type":"ContactPoint","telephone":"+34623787787","email":"info@tablaosflamencos.com"},"openingHoursSpecification":{"@type":"OpeningHoursSpecification","dayOfWeek":["Monday","Tuesday","Wednesday","Thursday","Friday","Saturday","Sunday"],"opens":"00:00","closes":"23:59"},"email":"info@tablaosflamencos.com","priceRange":"$$$","currenciesAccepted":"\u20ac"},{"@type":"Person","@id":"https:\/\/www.tablaosflamencos.com\/nl#\/schema\/person\/e7a9ebe14eb75a52ceabfbffb3c54f5d","name":"Miguel Ortiz","description":"Miguel Ortiz es un empresario flamenco, con una s\u00f3lida trayectoria dentro del sector. Ha presidido entidades culturales vinculadas al flamenco y, cuenta con un amplio recorrido profesional en la gesti\u00f3n y promoci\u00f3n de espect\u00e1culos y tablaos flamencos. Su pasi\u00f3n por la historia y el arte flamenco se refleja en cada art\u00edculo, donde combina experiencia, criterio y un profundo respeto por la tradici\u00f3n.","sameAs":["https:\/\/www.tablaosflamencos.com","https:\/\/www.instagra.com\/miguelortizfe","https:\/\/www.linkedin.com\/in\/miguelortizf\/"],"birthDate":"1984-11-22","gender":"hombre","knowsLanguage":["espa\u00f1ol","ingl\u00e9s"],"jobTitle":"Empresario flamenco"},{"@type":"PostalAddress","@id":"https:\/\/www.tablaosflamencos.com\/nl\/flamenco-ayamonte-traditie-waar-beleven.html#local-main-place-address","streetAddress":"C\/ Alemanes, 19","addressLocality":"Sevilla","postalCode":"41004","addressRegion":"Sevilla","addressCountry":"ES"},{"@type":"ImageObject","inLanguage":"nl-NL","@id":"https:\/\/www.tablaosflamencos.com\/nl\/flamenco-ayamonte-traditie-waar-beleven.html#local-main-organization-logo","url":"https:\/\/www.tablaosflamencos.com\/wp-content\/uploads\/tablaos-flamencos-06-3.webp","contentUrl":"https:\/\/www.tablaosflamencos.com\/wp-content\/uploads\/tablaos-flamencos-06-3.webp","width":600,"height":620,"caption":"Tablaos Flamencos"}]},"geo.placename":"Sevilla","geo.position":{"lat":"37.3868072","long":"-5.993280299999999"},"geo.region":"Spanje"},"_links":{"self":[{"href":"https:\/\/www.tablaosflamencos.com\/nl\/wp-json\/wp\/v2\/posts\/13988","targetHints":{"allow":["GET"]}}],"collection":[{"href":"https:\/\/www.tablaosflamencos.com\/nl\/wp-json\/wp\/v2\/posts"}],"about":[{"href":"https:\/\/www.tablaosflamencos.com\/nl\/wp-json\/wp\/v2\/types\/post"}],"author":[{"embeddable":true,"href":"https:\/\/www.tablaosflamencos.com\/nl\/wp-json\/wp\/v2\/users\/1"}],"replies":[{"embeddable":true,"href":"https:\/\/www.tablaosflamencos.com\/nl\/wp-json\/wp\/v2\/comments?post=13988"}],"version-history":[{"count":1,"href":"https:\/\/www.tablaosflamencos.com\/nl\/wp-json\/wp\/v2\/posts\/13988\/revisions"}],"predecessor-version":[{"id":14001,"href":"https:\/\/www.tablaosflamencos.com\/nl\/wp-json\/wp\/v2\/posts\/13988\/revisions\/14001"}],"wp:featuredmedia":[{"embeddable":true,"href":"https:\/\/www.tablaosflamencos.com\/nl\/wp-json\/wp\/v2\/media\/13900"}],"wp:attachment":[{"href":"https:\/\/www.tablaosflamencos.com\/nl\/wp-json\/wp\/v2\/media?parent=13988"}],"wp:term":[{"taxonomy":"category","embeddable":true,"href":"https:\/\/www.tablaosflamencos.com\/nl\/wp-json\/wp\/v2\/categories?post=13988"},{"taxonomy":"post_tag","embeddable":true,"href":"https:\/\/www.tablaosflamencos.com\/nl\/wp-json\/wp\/v2\/tags?post=13988"}],"curies":[{"name":"wp","href":"https:\/\/api.w.org\/{rel}","templated":true}]}}