{"id":13936,"date":"2026-09-01T23:44:31","date_gmt":"2026-09-01T21:44:31","guid":{"rendered":"https:\/\/www.tablaosflamencos.com\/?p=13936"},"modified":"2026-09-02T00:23:33","modified_gmt":"2026-09-01T22:23:33","slug":"flamenco-real-alcazar-flamencobiennale-sevilla-2026","status":"publish","type":"post","link":"https:\/\/www.tablaosflamencos.com\/nl\/flamenco-real-alcazar-flamencobiennale-sevilla-2026.html","title":{"rendered":"Flamenco in het Real Alc\u00e1zar tijdens de Flamencobi\u00ebnnale 2026"},"content":{"rendered":"<section class=\"l-section wpb_row height_huge\"><div class=\"l-section-h i-cf\"><div class=\"g-cols vc_row via_flex valign_top type_default stacking_default\"><div class=\"vc_col-sm-6 wpb_column vc_column_container\"><div class=\"vc_column-inner\"><div class=\"wpb_wrapper\"><div class=\"wpb_text_column\"><div class=\"wpb_wrapper\"><h2>Flamenco in het Real Alc\u00e1zar tijdens de Flamencobi\u00ebnnale 2026<\/h2>\n<p>De <strong>24e Flamencobi\u00ebnnale van Sevilla<\/strong> maakt van het <strong>Real Alc\u00e1zar<\/strong> drie avonden lang een van haar meest bijzondere podia. Van <strong>14 tot en met 16 september 2026<\/strong> vormt de <strong>Patio de la Monter\u00eda<\/strong> het decor voor een programma rond flamencozang, herinnering en grote flamencolijnen: Israel Fern\u00e1ndez, Rancapino Chico en de ontmoeting uit Jerez <em>Xerezan\u00edas<\/em>.<\/p>\n<p>Dit is niet zomaar een locatie op de kaart van de Bi\u00ebnnale. Het Alc\u00e1zar biedt iets wat maar weinig podia kunnen evenaren: een historisch monument dat deel uitmaakt van de identiteit van Sevilla en dat enkele uren lang niet alleen een bezienswaardigheid is, maar een flamencopodium in de avond.<\/p>\n<p>Deze gids bundelt <strong>data, tijden, artiesten, tickets, de belangrijkste kenmerken van elke voorstelling en praktische tips<\/strong> zodat je kunt kiezen op welke avond je flamenco in het Real Alc\u00e1zar tijdens de Bi\u00ebnnale 2026 wilt beleven.<\/p>\n<\/div><\/div><\/div><\/div><\/div><div class=\"vc_col-sm-6 wpb_column vc_column_container\"><div class=\"vc_column-inner\"><div class=\"wpb_wrapper\"><div class=\"wpb_text_column\"><div class=\"wpb_wrapper\"><p style=\"text-align: center; font-size: 48px; line-height: 1; margin-bottom: 8px;\"><strong>14\u201316<\/strong><\/p>\n<h3 style=\"text-align: center;\">september 2026<\/h3>\n<p style=\"text-align: center;\"><strong>Patio de la Monter\u00eda \u00b7 Real Alc\u00e1zar<\/strong><\/p>\n<p style=\"text-align: center;\">Drie avonden \u00b7 21.30 uur<\/p>\n<p style=\"text-align: center;\">Israel Fern\u00e1ndez \u00b7 Rancapino Chico \u00b7 Xerezan\u00edas<\/p>\n<p style=\"text-align: center;\">Algemene prijs gepubliceerd door de Bi\u00ebnnale: <strong>\u20ac 30<\/strong><\/p>\n<\/div><\/div><\/div><\/div><\/div><\/div><\/div><\/section><section class=\"l-section wpb_row height_huge color_alternate with_shape\"><div class=\"l-section-shape type_zigzag pos_top\" style=\"height:3vmin;\"><svg xmlns=\"http:\/\/www.w3.org\/2000\/svg\" viewBox=\"0 0 64 8\" preserveAspectRatio=\"none\" width=\"100%\" height=\"100%\">\r\n\t<path fill=\"currentColor\" d=\"M64 8 L0 8 L0 0 L20 7.9 L40 3 L48 5 L64 0 Z\"\/>\r\n<\/svg><\/div><div class=\"l-section-shape type_zigzag pos_bottom\" style=\"height:3vmin;\"><svg xmlns=\"http:\/\/www.w3.org\/2000\/svg\" viewBox=\"0 0 64 8\" preserveAspectRatio=\"none\" width=\"100%\" height=\"100%\">\r\n\t<path fill=\"currentColor\" d=\"M64 8 L0 8 L0 0 L20 7.9 L40 3 L48 5 L64 0 Z\"\/>\r\n<\/svg><\/div><div class=\"l-section-h i-cf\"><div class=\"g-cols vc_row via_flex valign_top type_default stacking_default\"><div class=\"vc_col-sm-12 wpb_column vc_column_container\"><div class=\"vc_column-inner\"><div class=\"wpb_wrapper\"><div class=\"wpb_text_column\"><div class=\"wpb_wrapper\"><blockquote>\n<p><strong>Snel antwoord:<\/strong> het Real Alc\u00e1zar ontvangt drie voorstellingen van de Flamencobi\u00ebnnale 2026, allemaal om 21.30 uur in de Patio de la Monter\u00eda. Op maandag 14 treedt <strong>Israel Fern\u00e1ndez<\/strong> op met <em>De oro y marfil<\/em>; op dinsdag 15 brengt <strong>Rancapino Chico<\/strong> de wereldpremi\u00e8re van <em>Pizarra<\/em>; en op woensdag 16 volgt <strong><em>Xerezan\u00edas<\/em><\/strong>, een eenmalige avond met Luis El Zambo, Dolores Agujetas, Antonio de la Malena, Manuel Valencia en Las Tatas de Jerez. De algemene prijs voor het Real Alc\u00e1zar bedraagt volgens de Bi\u00ebnnale \u20ac 30 per voorstelling.<\/p>\n<\/blockquote>\n<p><strong>Laatst bijgewerkt: 1 september 2026.<\/strong> De beschikbaarheid van tickets kan veranderen. Controleer altijd de offici\u00eble pagina van elke voorstelling voordat je je bezoek plant.<\/p>\n<\/div><\/div><div class=\"w-separator size_medium\"><\/div><div class=\"w-hwrapper valign_top wrap stack_on_mobiles align_center\" style=\"--hwrapper-gap:1.2rem\"><div class=\"w-btn-wrapper align_none\"><a class=\"w-btn us-btn-style_1\" href=\"https:\/\/www.tablaosflamencos.com\/nl\/flamenco-biennale-sevilla-2026.html\"><span class=\"w-btn-label\">Complete gids voor de Bi\u00ebnnale 2026<\/span><\/a><\/div><div class=\"w-btn-wrapper align_none\"><a class=\"w-btn us-btn-style_1\" target=\"_blank\" href=\"https:\/\/www.labienal.com\/programa-general\/real-alcazar\"><span class=\"w-btn-label\">Officieel programma van het Real Alc\u00e1zar<\/span><\/a><\/div><div class=\"w-btn-wrapper align_none\"><a class=\"w-btn us-btn-style_1\" href=\"https:\/\/www.tablaosflamencos.com\/nl\/flamenco-in-sevilla\"><span class=\"w-btn-label\">Flamenco bekijken in Sevilla<\/span><\/a><\/div><\/div><\/div><\/div><\/div><\/div><\/div><\/section><section class=\"l-section wpb_row height_huge\"><div class=\"l-section-h i-cf\"><div class=\"g-cols vc_row via_flex valign_top type_default stacking_default\"><div class=\"vc_col-sm-3 wpb_column vc_column_container\"><div class=\"vc_column-inner\"><div class=\"wpb_wrapper\"><\/div><\/div><\/div><div class=\"vc_col-sm-6 wpb_column vc_column_container\"><div class=\"vc_column-inner\"><div class=\"wpb_wrapper\"><div class=\"wpb_text_column\"><div class=\"wpb_wrapper\"><h2>Inhoud van deze gids<\/h2>\n<ul>\n<li><a href=\"#alcazar-bienal\">Waarom het Real Alc\u00e1zar een van de bijzondere locaties van de Bi\u00ebnnale is<\/a><\/li>\n<li><a href=\"#programa-alcazar\">Volledig programma van 14 tot en met 16 september<\/a><\/li>\n<li><a href=\"#israel-fernandez\">14 september: Israel Fern\u00e1ndez<\/a><\/li>\n<li><a href=\"#rancapino\">15 september: Rancapino Chico<\/a><\/li>\n<li><a href=\"#xerezanias\">16 september: Xerezan\u00edas<\/a><\/li>\n<li><a href=\"#que-elegir\">Welke avond kiezen?<\/a><\/li>\n<li><a href=\"#entradas-alcazar\">Tickets, prijs en beschikbaarheid<\/a><\/li>\n<li><a href=\"#como-llegar\">Hoe kom je er en hoe plan je de avond?<\/a><\/li>\n<li><a href=\"#visita-alcazar\">Kun je de voorstelling combineren met een bezoek aan het Alc\u00e1zar?<\/a><\/li>\n<li><a href=\"#faq-alcazar\">Veelgestelde vragen<\/a><\/li>\n<\/ul>\n<\/div><\/div><\/div><\/div><\/div><div class=\"vc_col-sm-3 wpb_column vc_column_container\"><div class=\"vc_column-inner\"><div class=\"wpb_wrapper\"><\/div><\/div><\/div><\/div><\/div><\/section><section class=\"l-section wpb_row height_huge color_alternate with_shape\"><div class=\"l-section-shape type_zigzag pos_top\" style=\"height:3vmin;\"><svg xmlns=\"http:\/\/www.w3.org\/2000\/svg\" viewBox=\"0 0 64 8\" preserveAspectRatio=\"none\" width=\"100%\" height=\"100%\">\r\n\t<path fill=\"currentColor\" d=\"M64 8 L0 8 L0 0 L20 7.9 L40 3 L48 5 L64 0 Z\"\/>\r\n<\/svg><\/div><div class=\"l-section-shape type_zigzag pos_bottom\" style=\"height:3vmin;\"><svg xmlns=\"http:\/\/www.w3.org\/2000\/svg\" viewBox=\"0 0 64 8\" preserveAspectRatio=\"none\" width=\"100%\" height=\"100%\">\r\n\t<path fill=\"currentColor\" d=\"M64 8 L0 8 L0 0 L20 7.9 L40 3 L48 5 L64 0 Z\"\/>\r\n<\/svg><\/div><div class=\"l-section-h i-cf\"><div class=\"g-cols vc_row via_flex valign_top type_default stacking_default\"><div class=\"vc_col-sm-6 wpb_column vc_column_container\"><div class=\"vc_column-inner\"><div class=\"wpb_wrapper\"><div class=\"wpb_text_column\"><div class=\"wpb_wrapper\"><h2 id=\"alcazar-bienal\">Het Real Alc\u00e1zar: erfgoed dat een flamencopodium wordt<\/h2>\n<p>Het Real Alc\u00e1zar is een van de oudste nog gebruikte koninklijke paleizen ter wereld en een van de belangrijkste erfgoedsymbolen van Sevilla. De architectuur is het resultaat van eeuwenlange veranderingen en de opeenstapeling van verschillende culturen, stijlen en tijdperken. Juist dat karakter van een levende plek past bijzonder goed bij een Bi\u00ebnnale die traditie, herinnering en hedendaagse creatie met elkaar verbindt.<\/p>\n<p>De organisatie wijst zelf de <strong>Patio de la Monter\u00eda<\/strong> aan als locatie voor de drie voorstellingen van 2026. Het is een monumentale binnenplaats in het hart van het paleiscomplex, historisch verbonden met het Paleis van Pedro I en bij bijzondere gelegenheden gebruikt als decor voor concerten en culturele evenementen.<\/p>\n<p>De ervaring zal heel anders zijn dan in een conventioneel theater. Hier maakt de architectuur deel uit van de beleving: de binnenplaats, de paleisgevels, de Sevillaanse nacht en het uitzonderlijke karakter van toegang tot het complex voor een voorstelling van de Bi\u00ebnnale veranderen de relatie tussen publiek, flamencozang en ruimte.<\/p>\n<\/div><\/div><\/div><\/div><\/div><div class=\"vc_col-sm-6 wpb_column vc_column_container\"><div class=\"vc_column-inner\"><div class=\"wpb_wrapper\"><div class=\"wpb_text_column\"><div class=\"wpb_wrapper\"><h2>Een programma met een zeer duidelijke identiteit<\/h2>\n<p>Anders dan op andere locaties van de Bi\u00ebnnale, waar dans, gitaar, experiment en grote producties samenkomen, concentreert het Real Alc\u00e1zar drie avonden die vooral verbonden zijn met <strong>flamencozang en flamencoherinnering<\/strong>.<\/p>\n<p>Israel Fern\u00e1ndez vertegenwoordigt een generatie die de traditie diepgaand kent, maar die vanuit een hedendaagse muzikale persoonlijkheid naar voren brengt. Rancapino Chico presenteert een wereldpremi\u00e8re die rechtstreeks teruggrijpt op oude 78-toerenplaten en de grote meesters van de cante. En <em>Xerezan\u00edas<\/em> brengt meerdere grote zangfamilies uit Jerez samen in een eenmalige avond rond klassieke vormen en mondelinge overdracht.<\/p>\n<p>Als jouw prioriteit tijdens de Bi\u00ebnnale dus de <strong>flamencozang<\/strong> is, kan de Alc\u00e1zar-reeks een van de meest samenhangende onderdelen van het hele programma zijn.<\/p>\n<\/div><\/div><\/div><\/div><\/div><\/div><\/div><\/section><section class=\"l-section wpb_row height_huge\"><div class=\"l-section-h i-cf\"><div class=\"g-cols vc_row via_flex valign_top type_default stacking_default\"><div class=\"vc_col-sm-12 wpb_column vc_column_container\"><div class=\"vc_column-inner\"><div class=\"wpb_wrapper\"><div class=\"wpb_text_column\"><div class=\"wpb_wrapper\"><h2 id=\"programa-alcazar\">Flamencoprogramma in het Real Alc\u00e1zar tijdens de Bi\u00ebnnale 2026<\/h2>\n<div style=\"overflow-x: auto;\">\n<table>\n<thead>\n<tr>\n<th>Datum<\/th>\n<th>Tijd<\/th>\n<th>Artiest<\/th>\n<th>Voorstelling<\/th>\n<th>Type<\/th>\n<th>Locatie<\/th>\n<\/tr>\n<\/thead>\n<tbody>\n<tr>\n<td><strong>Maandag 14 september<\/strong><\/td>\n<td>21.30 uur<\/td>\n<td>Israel Fern\u00e1ndez<\/td>\n<td><em>De oro y marfil<\/em><\/td>\n<td>Flamencozang \u00b7 concert<\/td>\n<td>Patio de la Monter\u00eda<\/td>\n<\/tr>\n<tr>\n<td><strong>Dinsdag 15 september<\/strong><\/td>\n<td>21.30 uur<\/td>\n<td>Rancapino Chico<\/td>\n<td><em>Pizarra<\/em><\/td>\n<td><strong>Wereldpremi\u00e8re<\/strong><\/td>\n<td>Patio de la Monter\u00eda<\/td>\n<\/tr>\n<tr>\n<td><strong>Woensdag 16 september<\/strong><\/td>\n<td>21.30 uur<\/td>\n<td>Luis El Zambo, Dolores Agujetas, Antonio de la Malena, Manuel Valencia en Las Tatas de Jerez<\/td>\n<td><em>Xerezan\u00edas<\/em><\/td>\n<td><strong>Eenmalige avond<\/strong><\/td>\n<td>Patio de la Monter\u00eda<\/td>\n<\/tr>\n<\/tbody>\n<\/table>\n<\/div>\n<p><small>Programma volgens de offici\u00eble gegevens die op 1 september 2026 geldig waren. Tijden en beschikbaarheid kunnen wijzigen.<\/small><\/p>\n<\/div><\/div><\/div><\/div><\/div><\/div><\/div><\/section><section class=\"l-section wpb_row height_huge color_alternate with_shape\"><div class=\"l-section-shape type_zigzag pos_top\" style=\"height:3vmin;\"><svg xmlns=\"http:\/\/www.w3.org\/2000\/svg\" viewBox=\"0 0 64 8\" preserveAspectRatio=\"none\" width=\"100%\" height=\"100%\">\r\n\t<path fill=\"currentColor\" d=\"M64 8 L0 8 L0 0 L20 7.9 L40 3 L48 5 L64 0 Z\"\/>\r\n<\/svg><\/div><div class=\"l-section-shape type_zigzag pos_bottom\" style=\"height:3vmin;\"><svg xmlns=\"http:\/\/www.w3.org\/2000\/svg\" viewBox=\"0 0 64 8\" preserveAspectRatio=\"none\" width=\"100%\" height=\"100%\">\r\n\t<path fill=\"currentColor\" d=\"M64 8 L0 8 L0 0 L20 7.9 L40 3 L48 5 L64 0 Z\"\/>\r\n<\/svg><\/div><div class=\"l-section-h i-cf\"><div class=\"g-cols vc_row via_flex valign_top type_default stacking_default\"><div class=\"vc_col-sm-6 wpb_column vc_column_container\"><div class=\"vc_column-inner\"><div class=\"wpb_wrapper\"><div class=\"wpb_text_column\"><div class=\"wpb_wrapper\"><h2 id=\"israel-fernandez\">14 september: Israel Fern\u00e1ndez en De oro y marfil<\/h2>\n<p>De reeks begint op maandag 14 met <strong>Israel Fern\u00e1ndez<\/strong>, een van de meest toonaangevende flamencozangers van zijn generatie. <em>De oro y marfil<\/em> neemt het publiek mee door zijn persoonlijke visie op flamenco en combineert eigen composities met nieuwe interpretaties van klassieke stukken in een muzikale enscenering die breder is dan een traditioneel zangrecital.<\/p>\n<p>Volgens de offici\u00eble bezetting zingt Israel zelf, <strong>Diego del Morao<\/strong> speelt gitaar, An\u00e9 Carrasco percussie en Pirulo en Marcos Carpio verzorgen palmas en achtergrondzang, aangevuld met een groep strijkers en stemmen. Dankzij die opzet kan de cante op verschillende intensiteitsniveaus worden ervaren: van intiem tot een meer omhullende muzikale architectuur.<\/p>\n<p>De samenwerking tussen Israel Fern\u00e1ndez en Diego del Morao is bovendien een van de herkenbaarste creatieve verbanden in de recente flamenco. In een ruimte als de Patio de la Monter\u00eda kan die combinatie bijzonder aantrekkelijk zijn voor wie een toegankelijke, muzikale eerste avond van hoog artistiek niveau zoekt.<\/p>\n<\/div><\/div><\/div><\/div><\/div><div class=\"vc_col-sm-6 wpb_column vc_column_container\"><div class=\"vc_column-inner\"><div class=\"wpb_wrapper\"><div class=\"wpb_text_column\"><div class=\"wpb_wrapper\"><h2>Voor wie raden we deze avond aan?<\/h2>\n<p>De voorstelling van Israel Fern\u00e1ndez is misschien de meest veelzijdige van de drie als je een ervaring zoekt met duidelijke flamencowortels en tegelijk een hedendaagse muzikale opbouw.<\/p>\n<p>Deze avond is vooral aan te raden als:<\/p>\n<ul>\n<li>je een van de grote huidige stemmen van de flamenco wilt horen;<\/li>\n<li>je ge\u00efnteresseerd bent in de gitaar van Diego del Morao;<\/li>\n<li>je liever een uitgebreidere muziekproductie ziet dan een kaal zangrecital;<\/li>\n<li>dit je eerste Bi\u00ebnnale is en je een relatief toegankelijke kennismaking zoekt.<\/li>\n<\/ul>\n<p>Op 14 september vinden in Sevilla nog andere belangrijke voorstellingen plaats, dus het is verstandig om combinaties met te krappe tijden te vermijden. Onze <a href=\"https:\/\/www.tablaosflamencos.com\/bienal-flamenco-sevilla-2026.html\"><strong>algemene gids voor de Bi\u00ebnnale 2026<\/strong><\/a> helpt je de rest van de dag te plannen.<\/p>\n<\/div><\/div><\/div><\/div><\/div><\/div><\/div><\/section><section class=\"l-section wpb_row height_huge\"><div class=\"l-section-h i-cf\"><div class=\"g-cols vc_row via_flex valign_top type_default stacking_default\"><div class=\"vc_col-sm-6 wpb_column vc_column_container\"><div class=\"vc_column-inner\"><div class=\"wpb_wrapper\"><div class=\"wpb_text_column\"><div class=\"wpb_wrapper\"><h2 id=\"rancapino\">15 september: Rancapino Chico brengt Pizarra in wereldpremi\u00e8re<\/h2>\n<p>De tweede avond is een van de interessantste voor wie de <strong>wereldpremi\u00e8res van de Bi\u00ebnnale 2026<\/strong> volgt. Rancapino Chico presenteert <strong><em>Pizarra<\/em><\/strong>, een project dat is opgebouwd rond oude 78-toerenopnamen en de klankherinnering aan de grote meesters.<\/p>\n<p>De productie wil het archief niet veranderen in een museale reconstructie. Rancapino Chico gebruikt die opnamen om terug te keren naar de oorsprong van de cantes en ze vanuit zijn eigen stem, familie-erfgoed en de vrijheid van het moment te benaderen. De artistieke bezetting vermeldt <strong>Antonio Higuero<\/strong> op gitaar en Edu G\u00f3mez en Naim Real voor palmas en jaleos.<\/p>\n<p>In een editie met veel onderzoeks- en avant-gardeprojecten herinnert <em>Pizarra<\/em> eraan dat nieuwe creatie ook kan ontstaan door heel diep naar het verleden te kijken.<\/p>\n<\/div><\/div><\/div><\/div><\/div><div class=\"vc_col-sm-6 wpb_column vc_column_container\"><div class=\"vc_column-inner\"><div class=\"wpb_wrapper\"><div class=\"wpb_text_column\"><div class=\"wpb_wrapper\"><h2>Een avond voor wie klassieke cante en flamencolijnen zoekt<\/h2>\n<p>Rancapino Chico komt uit een familie met een enorme flamencotraditie en heeft een groot deel van zijn artistieke identiteit opgebouwd rond de cantes van C\u00e1diz, klassieke stijlen en een manier van zingen die de overdracht tussen generaties centraal stelt.<\/p>\n<p>De keuze voor het Real Alc\u00e1zar versterkt dat verhaal: een wereldpremi\u00e8re gewijd aan de bronnen van de cante in een van de belangrijkste historische ruimtes van Sevilla.<\/p>\n<p>Als je vooral ge\u00efnteresseerd bent in nieuwe producties die tijdens de Bi\u00ebnnale ontstaan, kun je deze voorstelling aanvullen met onze gids over <a href=\"https:\/\/www.tablaosflamencos.com\/grandes-estrenos-bienal-flamenco-sevilla-2026.html\"><strong>de grote premi\u00e8res van de Bi\u00ebnnale 2026<\/strong><\/a>.<\/p>\n<\/div><\/div><\/div><\/div><\/div><\/div><\/div><\/section><section class=\"l-section wpb_row height_huge color_alternate with_shape\"><div class=\"l-section-shape type_zigzag pos_top\" style=\"height:3vmin;\"><svg xmlns=\"http:\/\/www.w3.org\/2000\/svg\" viewBox=\"0 0 64 8\" preserveAspectRatio=\"none\" width=\"100%\" height=\"100%\">\r\n\t<path fill=\"currentColor\" d=\"M64 8 L0 8 L0 0 L20 7.9 L40 3 L48 5 L64 0 Z\"\/>\r\n<\/svg><\/div><div class=\"l-section-shape type_zigzag pos_bottom\" style=\"height:3vmin;\"><svg xmlns=\"http:\/\/www.w3.org\/2000\/svg\" viewBox=\"0 0 64 8\" preserveAspectRatio=\"none\" width=\"100%\" height=\"100%\">\r\n\t<path fill=\"currentColor\" d=\"M64 8 L0 8 L0 0 L20 7.9 L40 3 L48 5 L64 0 Z\"\/>\r\n<\/svg><\/div><div class=\"l-section-h i-cf\"><div class=\"g-cols vc_row via_flex valign_top type_default stacking_default\"><div class=\"vc_col-sm-6 wpb_column vc_column_container\"><div class=\"vc_column-inner\"><div class=\"wpb_wrapper\"><div class=\"wpb_text_column\"><div class=\"wpb_wrapper\"><h2 id=\"xerezanias\">16 september: Xerezan\u00edas, een eenmalige avond uit Jerez<\/h2>\n<p>Op woensdag 16 verschuift de aandacht in het Real Alc\u00e1zar van \u00e9\u00e9n artiest naar een ontmoeting van grote flamencolijnen. <strong><em>Xerezan\u00edas<\/em><\/strong> brengt Luis El Zambo, Dolores Agujetas, Antonio de la Malena, Manuel Valencia en Las Tatas de Jerez samen in een productie die de Bi\u00ebnnale aanduidt als <strong>eenmalige avond<\/strong>.<\/p>\n<p>Het doel is de klassieke vormen van de zang uit Jerez te belichten via artiesten die nauw verbonden zijn met families en wijken die fundamenteel zijn in de flamencogeschiedenis van Jerez. De Zambo-familie verwijst naar de wijk Santiago, de Agujetas naar La Plazuela en de Malena vormen een van de historische verbindingen tussen Jerez en Lebrija.<\/p>\n<p>Manuel Valencia leidt een avond waarop zang en gitaar centraal staan, terwijl Las Tatas de Jerez de feestelijke dimensie van de buler\u00edas toevoegen.<\/p>\n<\/div><\/div><\/div><\/div><\/div><div class=\"vc_col-sm-6 wpb_column vc_column_container\"><div class=\"vc_column-inner\"><div class=\"wpb_wrapper\"><div class=\"wpb_text_column\"><div class=\"wpb_wrapper\"><h2>De meest onherhaalbare keuze van de drie<\/h2>\n<p>Waar Israel Fern\u00e1ndez een grote productie van hedendaagse cante brengt en Rancapino Chico een wereldpremi\u00e8re presenteert, speelt <em>Xerezan\u00edas<\/em> een andere troef uit: <strong>de ontmoeting<\/strong>.<\/p>\n<p>Alleen al het label \u2018eenmalige avond\u2019 laat zien dat de Bi\u00ebnnale deze combinatie speciaal voor deze editie en deze datum heeft samengesteld. Voor liefhebbers die ge\u00efnteresseerd zijn in Jerez, zangfamilies en cante die via het samenleven wordt doorgegeven, kan dit een van de bijzonderste afspraken van de reeks zijn.<\/p>\n<p>Het is ook een goede keuze voor wie sommige van deze artiesten al afzonderlijk heeft gezien en ze nu in een collectieve vorm en op een uitzonderlijke locatie wil beleven.<\/p>\n<\/div><\/div><\/div><\/div><\/div><\/div><\/div><\/section><section class=\"l-section wpb_row height_huge\"><div class=\"l-section-h i-cf\"><div class=\"g-cols vc_row via_flex valign_top type_default stacking_default\"><div class=\"vc_col-sm-12 wpb_column vc_column_container\"><div class=\"vc_column-inner\"><div class=\"wpb_wrapper\"><div class=\"wpb_text_column\"><div class=\"wpb_wrapper\"><h2 id=\"que-elegir\" style=\"text-align: center;\">Welke avond kiezen in het Real Alc\u00e1zar?<\/h2>\n<p style=\"text-align: center;\">De drie voorstellingen vinden op dezelfde tijd en locatie plaats, maar bieden heel verschillende ervaringen.<\/p>\n<\/div><\/div><div class=\"w-separator size_medium\"><\/div><div class=\"g-cols wpb_row via_flex valign_top type_default stacking_default\"><div class=\"vc_col-sm-4 wpb_column vc_column_container\"><div class=\"vc_column-inner\"><div class=\"wpb_wrapper\"><div class=\"wpb_text_column\"><div class=\"wpb_wrapper\"><h3>Israel Fern\u00e1ndez<\/h3>\n<p><strong>Kies de 14e als je zoekt naar:<\/strong><\/p>\n<ul>\n<li>een grote huidige stem;<\/li>\n<li>Diego del Morao op gitaar;<\/li>\n<li>een brede muziekproductie;<\/li>\n<li>traditie in een hedendaagse taal.<\/li>\n<\/ul>\n<\/div><\/div><\/div><\/div><\/div><div class=\"vc_col-sm-4 wpb_column vc_column_container\"><div class=\"vc_column-inner\"><div class=\"wpb_wrapper\"><div class=\"wpb_text_column\"><div class=\"wpb_wrapper\"><h3>Rancapino Chico<\/h3>\n<p><strong>Kies de 15e als je zoekt naar:<\/strong><\/p>\n<ul>\n<li>een wereldpremi\u00e8re;<\/li>\n<li>klassieke flamencozang;<\/li>\n<li>de herinnering aan oude 78-toerenplaten;<\/li>\n<li>een productie die op de wortels is gericht.<\/li>\n<\/ul>\n<\/div><\/div><\/div><\/div><\/div><div class=\"vc_col-sm-4 wpb_column vc_column_container\"><div class=\"vc_column-inner\"><div class=\"wpb_wrapper\"><div class=\"wpb_text_column\"><div class=\"wpb_wrapper\"><h3>Xerezan\u00edas<\/h3>\n<p><strong>Kies de 16e als je zoekt naar:<\/strong><\/p>\n<ul>\n<li>een eenmalige avond;<\/li>\n<li>flamencozang uit Jerez;<\/li>\n<li>grote flamencofamilies;<\/li>\n<li>een collectieve ervaring die moeilijk te herhalen is.<\/li>\n<\/ul>\n<\/div><\/div><\/div><\/div><\/div><\/div><\/div><\/div><\/div><\/div><\/div><\/section><section class=\"l-section wpb_row height_huge color_alternate with_shape\"><div class=\"l-section-shape type_zigzag pos_top\" style=\"height:3vmin;\"><svg xmlns=\"http:\/\/www.w3.org\/2000\/svg\" viewBox=\"0 0 64 8\" preserveAspectRatio=\"none\" width=\"100%\" height=\"100%\">\r\n\t<path fill=\"currentColor\" d=\"M64 8 L0 8 L0 0 L20 7.9 L40 3 L48 5 L64 0 Z\"\/>\r\n<\/svg><\/div><div class=\"l-section-shape type_zigzag pos_bottom\" style=\"height:3vmin;\"><svg xmlns=\"http:\/\/www.w3.org\/2000\/svg\" viewBox=\"0 0 64 8\" preserveAspectRatio=\"none\" width=\"100%\" height=\"100%\">\r\n\t<path fill=\"currentColor\" d=\"M64 8 L0 8 L0 0 L20 7.9 L40 3 L48 5 L64 0 Z\"\/>\r\n<\/svg><\/div><div class=\"l-section-h i-cf\"><div class=\"g-cols vc_row via_flex valign_top type_default stacking_default\"><div class=\"vc_col-sm-6 wpb_column vc_column_container\"><div class=\"vc_column-inner\"><div class=\"wpb_wrapper\"><div class=\"wpb_text_column\"><div class=\"wpb_wrapper\"><h2 id=\"entradas-alcazar\">Tickets voor flamenco in het Real Alc\u00e1zar<\/h2>\n<p>De offici\u00eble verkoopinformatie van de 24e Bi\u00ebnnale vermeldt voor het <strong>Real Alc\u00e1zar een algemene prijs van \u20ac 30<\/strong> per ticket. De aankoop verloopt via de offici\u00eble verkoopkanalen die vanaf de pagina van elke voorstelling worden gelinkt.<\/p>\n<p>De beschikbaarheid is dynamisch. Een voorstelling die vandaag nog te koop is, kan later uitverkocht raken, vooral naarmate de festivaldata dichterbij komen. Controleer daarom altijd de specifieke pagina voordat je andere plannen voor de avond vastlegt.<\/p>\n<p>We raden niet-gecontroleerde doorverkoop af. Als een van de drie avonden is uitverkocht, controleer dan eerst de offici\u00eble kanalen en bekijk daarna alternatieven binnen het programma van de Bi\u00ebnnale of het vaste flamenco-aanbod van de stad.<\/p>\n<\/div><\/div><div class=\"w-separator size_medium\"><\/div><div class=\"w-btn-wrapper align_none\"><a class=\"w-btn us-btn-style_1\" target=\"_blank\" href=\"https:\/\/www.labienal.com\/venta-de-entradas-xxiv-bienal-de-flamenco-sevilla-2026\"><span class=\"w-btn-label\">Offici\u00eble ticketinformatie<\/span><\/a><\/div><\/div><\/div><\/div><div class=\"vc_col-sm-6 wpb_column vc_column_container\"><div class=\"vc_column-inner\"><div class=\"wpb_wrapper\"><div class=\"wpb_text_column\"><div class=\"wpb_wrapper\"><h2>Wat als er geen tickets meer zijn?<\/h2>\n<p>Het Alc\u00e1zar biedt tijdens de hele Bi\u00ebnnale slechts drie voorstellingen, waardoor extra data beperkt mogelijk zijn. Als je eerste keuze is uitverkocht, blijven er op die dagen andere voorstellingen in locaties zoals de Real F\u00e1brica de Artiller\u00eda, Teatro Central, Teatro Alameda en Espacio Turina.<\/p>\n<p>Je kunt ook onze gids gebruiken over <a href=\"https:\/\/www.tablaosflamencos.com\/bienal-flamenco-2026-entradas-agotadas-que-ver.html\"><strong>wat je kunt zien wanneer tickets voor de Bi\u00ebnnale zijn uitverkocht<\/strong><\/a>.<\/p>\n<p>En als je een andere ervaring dan de Bi\u00ebnnale zoekt, maar wel rond live flamenco, blijven de <a href=\"https:\/\/www.tablaosflamencos.com\/flamenco-en-sevilla\"><strong>flamencotablaos van Sevilla<\/strong><\/a> hun gewone programma tijdens het festival aanbieden.<\/p>\n<\/div><\/div><\/div><\/div><\/div><\/div><\/div><\/section><section class=\"l-section wpb_row height_huge\"><div class=\"l-section-h i-cf\"><div class=\"g-cols vc_row via_flex valign_top type_default stacking_default\"><div class=\"vc_col-sm-6 wpb_column vc_column_container\"><div class=\"vc_column-inner\"><div class=\"wpb_wrapper\"><div class=\"wpb_text_column\"><div class=\"wpb_wrapper\"><h2 id=\"como-llegar\">Hoe kom je voor de Bi\u00ebnnale bij het Real Alc\u00e1zar?<\/h2>\n<p>De locatie-informatie van de Bi\u00ebnnale gebruikt de <strong>Patio de Banderas<\/strong> als referentiepunt, midden in het monumentale centrum van Sevilla. De omgeving is bijzonder gemakkelijk te voet bereikbaar vanaf de Kathedraal, het Archivo de Indias, Puerta Jerez, Santa Cruz en een groot deel van het historische centrum.<\/p>\n<p>De organisatie noemt onder meer de volgende opties voor openbaar vervoer:<\/p>\n<ul>\n<li><strong>Metro:<\/strong> lijn 1, station Puerta Jerez.<\/li>\n<li><strong>Metrocentro:<\/strong> halte Archivo de Indias.<\/li>\n<li><strong>TUSSAM-bus:<\/strong> C5, C4, C3, 21, 40, 41 en EA, met verschillende haltes in de omgeving.<\/li>\n<li><strong>Taxi:<\/strong> er zijn taxistandplaatsen in de buurt bij Puerta Jerez en Avenida de la Constituci\u00f3n.<\/li>\n<\/ul>\n<p>Omdat dit het historische centrum is, raden we aan ruim op tijd te komen en de specifieke toegangsinstructies van de organisatie voor elke voorstelling te volgen.<\/p>\n<\/div><\/div><\/div><\/div><\/div><div class=\"vc_col-sm-6 wpb_column vc_column_container\"><div class=\"vc_column-inner\"><div class=\"wpb_wrapper\"><div class=\"wpb_text_column\"><div class=\"wpb_wrapper\"><h2>Plan de avond goed<\/h2>\n<p>Alle drie de voorstellingen beginnen om <strong>21.30 uur<\/strong>. Daardoor kun je vroeg in het centrum eten of pas na afloop dineren, maar het is niet verstandig om een te krappe combinatie met een eerdere voorstelling te plannen.<\/p>\n<p>Zo treedt Ana Morales op 14 september om 21.00 uur op in de Real F\u00e1brica de Artiller\u00eda en Macarena L\u00f3pez om 22.30 uur in Teatro Alameda. Geen van beide is realistisch te combineren met Israel Fern\u00e1ndez in het Alc\u00e1zar. Hetzelfde geldt op de 15e voor andere avondvoorstellingen.<\/p>\n<p>Het voordeel van het Alc\u00e1zar is dat je na afloop midden in het monumentale hart van Sevilla bent, op slechts enkele minuten lopen van het historische centrum. Als je vooral van de locatie wilt genieten, maak van deze avond dan geen race tussen verschillende zalen.<\/p>\n<\/div><\/div><\/div><\/div><\/div><\/div><\/div><\/section><section class=\"l-section wpb_row height_huge color_alternate with_shape\"><div class=\"l-section-shape type_zigzag pos_top\" style=\"height:3vmin;\"><svg xmlns=\"http:\/\/www.w3.org\/2000\/svg\" viewBox=\"0 0 64 8\" preserveAspectRatio=\"none\" width=\"100%\" height=\"100%\">\r\n\t<path fill=\"currentColor\" d=\"M64 8 L0 8 L0 0 L20 7.9 L40 3 L48 5 L64 0 Z\"\/>\r\n<\/svg><\/div><div class=\"l-section-shape type_zigzag pos_bottom\" style=\"height:3vmin;\"><svg xmlns=\"http:\/\/www.w3.org\/2000\/svg\" viewBox=\"0 0 64 8\" preserveAspectRatio=\"none\" width=\"100%\" height=\"100%\">\r\n\t<path fill=\"currentColor\" d=\"M64 8 L0 8 L0 0 L20 7.9 L40 3 L48 5 L64 0 Z\"\/>\r\n<\/svg><\/div><div class=\"l-section-h i-cf\"><div class=\"g-cols vc_row via_flex valign_top type_default stacking_default\"><div class=\"vc_col-sm-6 wpb_column vc_column_container\"><div class=\"vc_column-inner\"><div class=\"wpb_wrapper\"><div class=\"wpb_text_column\"><div class=\"wpb_wrapper\"><h2 id=\"visita-alcazar\">Kun je de voorstelling combineren met een toeristisch bezoek aan het Alc\u00e1zar?<\/h2>\n<p>Ja, je kunt beide ervaringen op dezelfde dag plannen, maar het is beter om ze als <strong>afzonderlijke activiteiten<\/strong> te behandelen. Een normaal toeristisch bezoek aan het Real Alc\u00e1zar heeft eigen openingstijden, tarieven en een apart ticketsysteem. In september gelden de gepubliceerde zomertijden, terwijl de voorstellingen van de Bi\u00ebnnale om 21.30 uur beginnen.<\/p>\n<p>Ga er dus niet van uit dat een ticket voor de Bi\u00ebnnale ook een volledige bezichtiging van het monument omvat. Als je overdag de paleizen en tuinen wilt bekijken en \u2019s avonds terug wilt komen voor de voorstelling, controleer dan de offici\u00eble bezoekersinformatie van het Alc\u00e1zar en het ticket van de Bi\u00ebnnale afzonderlijk.<\/p>\n<p>Die combinatie kan wel een van de meest complete culturele plannen van deze editie zijn: het monument bij daglicht ontdekken en enkele uren later terugkomen wanneer het in een flamencopodium is veranderd.<\/p>\n<\/div><\/div><div class=\"w-separator size_medium\"><\/div><div class=\"w-btn-wrapper align_none\"><a class=\"w-btn us-btn-style_1\" target=\"_blank\" href=\"https:\/\/alcazarsevilla.org\/prepara-la-visita\/\"><span class=\"w-btn-label\">Offici\u00eble informatie van het Real Alc\u00e1zar<\/span><\/a><\/div><\/div><\/div><\/div><div class=\"vc_col-sm-6 wpb_column vc_column_container\"><div class=\"vc_column-inner\"><div class=\"wpb_wrapper\"><div class=\"wpb_text_column\"><div class=\"wpb_wrapper\"><h2>Waarom deze locatie bijzonder goed bij flamencozang past<\/h2>\n<p>De artistieke selectie van 2026 lijkt zo samengesteld dat de locatie zelf echt een rol in het programma speelt. Alle drie de avonden draaien om idee\u00ebn als herinnering, afkomst en overdracht.<\/p>\n<p>Israel Fern\u00e1ndez bekijkt klassiek repertoire opnieuw vanuit een hedendaagse stem. Rancapino Chico maakt van de eerste flamenco-opnamen het vertrekpunt voor een nieuwe creatie. <em>Xerezan\u00edas<\/em> brengt families op het podium die vormen van overdracht vertegenwoordigen waarin flamenco net zozeer in het dagelijks samenleven als op het podium wordt geleerd.<\/p>\n<p>Het Alc\u00e1zar, een gebouw waarin eeuwen geschiedenis samenkomen zonder bij \u00e9\u00e9n tijdperk te horen, is daarmee meer dan een monumentale achtergrond. Het wordt een opvallend passende metafoor voor deze drie avonden: <strong>erfgoed dat levend blijft doordat het zich blijft ontwikkelen<\/strong>.<\/p>\n<\/div><\/div><\/div><\/div><\/div><\/div><\/div><\/section><section class=\"l-section wpb_row height_huge\"><div class=\"l-section-h i-cf\"><div class=\"g-cols vc_row via_flex valign_top type_default stacking_default\"><div class=\"vc_col-sm-1\/5 wpb_column vc_column_container\"><div class=\"vc_column-inner\"><div class=\"wpb_wrapper\"><\/div><\/div><\/div><div class=\"vc_col-sm-3\/5 wpb_column vc_column_container\"><div class=\"vc_column-inner\"><div class=\"wpb_wrapper\"><div class=\"wpb_text_column\"><div class=\"wpb_wrapper\"><h2 id=\"faq-alcazar\" style=\"text-align: center;\">Veelgestelde vragen over flamenco in het Real Alc\u00e1zar tijdens de Bi\u00ebnnale 2026<\/h2>\n<\/div><\/div><div class=\"w-separator size_medium\"><\/div><div class=\"w-tabs accordion toggle_style_1 has_scrolling\" style=\"--sections-title-size:inherit;--sections-gap:0.5rem;\"><div class=\"w-tabs-sections titles-align_none icon_plus cpos_left\"><div class=\"w-tabs-section\" id=\"nf3a\" itemscope itemprop=\"mainEntity\" itemtype=\"https:\/\/schema.org\/Question\"><button type=\"button\" class=\"w-tabs-section-header\" aria-controls=\"content-nf3a\" aria-expanded=\"false\"><h3 class=\"w-tabs-section-title\" itemprop=\"name\">Op welke dagen is er flamenco in het Real Alc\u00e1zar tijdens de Bi\u00ebnnale 2026?<\/h3><div class=\"w-tabs-section-control\"><\/div><\/button><div  class=\"w-tabs-section-content\" id=\"content-nf3a\" itemscope itemprop=\"acceptedAnswer\" itemtype=\"https:\/\/schema.org\/Answer\"><div class=\"w-tabs-section-content-h i-cf\" itemprop=\"text\"><div class=\"wpb_text_column\"><div class=\"wpb_wrapper\"><p>Het Real Alc\u00e1zar ontvangt voorstellingen op <strong>14, 15 en 16 september 2026<\/strong>, allemaal om 21.30 uur in de Patio de la Monter\u00eda.<\/p>\n<\/div><\/div><\/div><\/div><\/div><div class=\"w-tabs-section\" id=\"a06d\" itemscope itemprop=\"mainEntity\" itemtype=\"https:\/\/schema.org\/Question\"><button type=\"button\" class=\"w-tabs-section-header\" aria-controls=\"content-a06d\" aria-expanded=\"false\"><h3 class=\"w-tabs-section-title\" itemprop=\"name\">Wie treedt op in het Real Alc\u00e1zar tijdens de Bi\u00ebnnale 2026?<\/h3><div class=\"w-tabs-section-control\"><\/div><\/button><div  class=\"w-tabs-section-content\" id=\"content-a06d\" itemscope itemprop=\"acceptedAnswer\" itemtype=\"https:\/\/schema.org\/Answer\"><div class=\"w-tabs-section-content-h i-cf\" itemprop=\"text\"><div class=\"wpb_text_column\"><div class=\"wpb_wrapper\"><p>Op 14 september treedt Israel Fern\u00e1ndez op met <em>De oro y marfil<\/em>; op de 15e brengt Rancapino Chico de wereldpremi\u00e8re van <em>Pizarra<\/em>; en op de 16e vindt <em>Xerezan\u00edas<\/em> plaats met Luis El Zambo, Dolores Agujetas, Antonio de la Malena, Manuel Valencia en Las Tatas de Jerez.<\/p>\n<\/div><\/div><\/div><\/div><\/div><div class=\"w-tabs-section\" id=\"a17b\" itemscope itemprop=\"mainEntity\" itemtype=\"https:\/\/schema.org\/Question\"><button type=\"button\" class=\"w-tabs-section-header\" aria-controls=\"content-a17b\" aria-expanded=\"false\"><h3 class=\"w-tabs-section-title\" itemprop=\"name\">Hoe laat beginnen de voorstellingen?<\/h3><div class=\"w-tabs-section-control\"><\/div><\/button><div  class=\"w-tabs-section-content\" id=\"content-a17b\" itemscope itemprop=\"acceptedAnswer\" itemtype=\"https:\/\/schema.org\/Answer\"><div class=\"w-tabs-section-content-h i-cf\" itemprop=\"text\"><div class=\"wpb_text_column\"><div class=\"wpb_wrapper\"><p>Alle drie de voorstellingen staan gepland om <strong>21.30 uur<\/strong>.<\/p>\n<\/div><\/div><\/div><\/div><\/div><div class=\"w-tabs-section\" id=\"g2cd\" itemscope itemprop=\"mainEntity\" itemtype=\"https:\/\/schema.org\/Question\"><button type=\"button\" class=\"w-tabs-section-header\" aria-controls=\"content-g2cd\" aria-expanded=\"false\"><h3 class=\"w-tabs-section-title\" itemprop=\"name\">Waar vinden de voorstellingen precies plaats?<\/h3><div class=\"w-tabs-section-control\"><\/div><\/button><div  class=\"w-tabs-section-content\" id=\"content-g2cd\" itemscope itemprop=\"acceptedAnswer\" itemtype=\"https:\/\/schema.org\/Answer\"><div class=\"w-tabs-section-content-h i-cf\" itemprop=\"text\"><div class=\"wpb_text_column\"><div class=\"wpb_wrapper\"><p>De Bi\u00ebnnale organiseert alle drie de voorstellingen in de <strong>Patio de la Monter\u00eda van het Real Alc\u00e1zar van Sevilla<\/strong>.<\/p>\n<\/div><\/div><\/div><\/div><\/div><div class=\"w-tabs-section\" id=\"l424\" itemscope itemprop=\"mainEntity\" itemtype=\"https:\/\/schema.org\/Question\"><button type=\"button\" class=\"w-tabs-section-header\" aria-controls=\"content-l424\" aria-expanded=\"false\"><h3 class=\"w-tabs-section-title\" itemprop=\"name\">Hoeveel kosten de tickets?<\/h3><div class=\"w-tabs-section-control\"><\/div><\/button><div  class=\"w-tabs-section-content\" id=\"content-l424\" itemscope itemprop=\"acceptedAnswer\" itemtype=\"https:\/\/schema.org\/Answer\"><div class=\"w-tabs-section-content-h i-cf\" itemprop=\"text\"><div class=\"wpb_text_column\"><div class=\"wpb_wrapper\"><p>De offici\u00eble verkoopinformatie van de 24e Bi\u00ebnnale vermeldt een algemene prijs van <strong>\u20ac 30<\/strong> voor de voorstellingen in het Real Alc\u00e1zar. Controleer de pagina van elke voorstelling op eventuele wijzigingen of beperkte beschikbaarheid.<\/p>\n<\/div><\/div><\/div><\/div><\/div><div class=\"w-tabs-section\" id=\"f56c\" itemscope itemprop=\"mainEntity\" itemtype=\"https:\/\/schema.org\/Question\"><button type=\"button\" class=\"w-tabs-section-header\" aria-controls=\"content-f56c\" aria-expanded=\"false\"><h3 class=\"w-tabs-section-title\" itemprop=\"name\">Is Pizarra van Rancapino Chico een premi\u00e8re?<\/h3><div class=\"w-tabs-section-control\"><\/div><\/button><div  class=\"w-tabs-section-content\" id=\"content-f56c\" itemscope itemprop=\"acceptedAnswer\" itemtype=\"https:\/\/schema.org\/Answer\"><div class=\"w-tabs-section-content-h i-cf\" itemprop=\"text\"><div class=\"wpb_text_column\"><div class=\"wpb_wrapper\"><p>Ja. <em>Pizarra<\/em> wordt door de Bi\u00ebnnale aangeduid als <strong>wereldpremi\u00e8re<\/strong> en wordt op 15 september om 21.30 uur gepresenteerd.<\/p>\n<\/div><\/div><\/div><\/div><\/div><div class=\"w-tabs-section\" id=\"r6bd\" itemscope itemprop=\"mainEntity\" itemtype=\"https:\/\/schema.org\/Question\"><button type=\"button\" class=\"w-tabs-section-header\" aria-controls=\"content-r6bd\" aria-expanded=\"false\"><h3 class=\"w-tabs-section-title\" itemprop=\"name\">Wordt Xerezan\u00edas meer dan \u00e9\u00e9n keer opgevoerd?<\/h3><div class=\"w-tabs-section-control\"><\/div><\/button><div  class=\"w-tabs-section-content\" id=\"content-r6bd\" itemscope itemprop=\"acceptedAnswer\" itemtype=\"https:\/\/schema.org\/Answer\"><div class=\"w-tabs-section-content-h i-cf\" itemprop=\"text\"><div class=\"wpb_text_column\"><div class=\"wpb_wrapper\"><p>De Bi\u00ebnnale presenteert <em>Xerezan\u00edas<\/em> als <strong>eenmalige avond<\/strong> op 16 september. Juist deze uitzonderlijke samenkomst van de bezetting op \u00e9\u00e9n datum is daarmee een van de belangrijkste aantrekkingspunten.<\/p>\n<\/div><\/div><\/div><\/div><\/div><div class=\"w-tabs-section\" id=\"j7fd\" itemscope itemprop=\"mainEntity\" itemtype=\"https:\/\/schema.org\/Question\"><button type=\"button\" class=\"w-tabs-section-header\" aria-controls=\"content-j7fd\" aria-expanded=\"false\"><h3 class=\"w-tabs-section-title\" itemprop=\"name\">Is bij het ticket voor de voorstelling ook een bezoek aan het Real Alc\u00e1zar inbegrepen?<\/h3><div class=\"w-tabs-section-control\"><\/div><\/button><div  class=\"w-tabs-section-content\" id=\"content-j7fd\" itemscope itemprop=\"acceptedAnswer\" itemtype=\"https:\/\/schema.org\/Answer\"><div class=\"w-tabs-section-content-h i-cf\" itemprop=\"text\"><div class=\"wpb_text_column\"><div class=\"wpb_wrapper\"><p>Een regulier toeristisch bezoek aan het Real Alc\u00e1zar en de voorstellingen van de Bi\u00ebnnale hebben aparte openingstijden en tickets. Als je het monument overdag wilt bezoeken, raden we aan dat bezoek afzonderlijk te boeken en te controleren.<\/p>\n<\/div><\/div><\/div><\/div><\/div><div class=\"w-tabs-section\" id=\"e934\" itemscope itemprop=\"mainEntity\" itemtype=\"https:\/\/schema.org\/Question\"><button type=\"button\" class=\"w-tabs-section-header\" aria-controls=\"content-e934\" aria-expanded=\"false\"><h3 class=\"w-tabs-section-title\" itemprop=\"name\">Hoe kom ik bij het Real Alc\u00e1zar?<\/h3><div class=\"w-tabs-section-control\"><\/div><\/button><div  class=\"w-tabs-section-content\" id=\"content-e934\" itemscope itemprop=\"acceptedAnswer\" itemtype=\"https:\/\/schema.org\/Answer\"><div class=\"w-tabs-section-content-h i-cf\" itemprop=\"text\"><div class=\"wpb_text_column\"><div class=\"wpb_wrapper\"><p>Het complex ligt in het monumentale centrum van Sevilla. De Bi\u00ebnnale gebruikt Patio de Banderas als referentiepunt. De handigste opties met het openbaar vervoer zijn de metro naar Puerta Jerez en de Metrocentro naar Archivo de Indias, naast verschillende TUSSAM-buslijnen.<\/p>\n<\/div><\/div><\/div><\/div><\/div><div class=\"w-tabs-section\" id=\"ha88\" itemscope itemprop=\"mainEntity\" itemtype=\"https:\/\/schema.org\/Question\"><button type=\"button\" class=\"w-tabs-section-header\" aria-controls=\"content-ha88\" aria-expanded=\"false\"><h3 class=\"w-tabs-section-title\" itemprop=\"name\">Waar kan ik de offici\u00eble tickets kopen?<\/h3><div class=\"w-tabs-section-control\"><\/div><\/button><div  class=\"w-tabs-section-content\" id=\"content-ha88\" itemscope itemprop=\"acceptedAnswer\" itemtype=\"https:\/\/schema.org\/Answer\"><div class=\"w-tabs-section-content-h i-cf\" itemprop=\"text\"><div class=\"wpb_text_column\"><div class=\"wpb_wrapper\"><p>De veiligste manier is om naar het <a href=\"https:\/\/www.labienal.com\/programa-general\/real-alcazar\" target=\"_blank\" rel=\"noopener\"><strong>offici\u00eble programma van het Real Alc\u00e1zar tijdens de Bi\u00ebnnale<\/strong><\/a> te gaan en vanaf de pagina van elke voorstelling naar het bijbehorende offici\u00eble verkoopkanaal door te klikken.<\/p>\n<\/div><\/div><\/div><\/div><\/div><\/div><\/div><\/div><\/div><\/div><div class=\"vc_col-sm-1\/5 wpb_column vc_column_container\"><div class=\"vc_column-inner\"><div class=\"wpb_wrapper\"><\/div><\/div><\/div><\/div><\/div><\/section><section class=\"l-section wpb_row height_huge color_alternate with_shape\"><div class=\"l-section-shape type_zigzag pos_top\" style=\"height:3vmin;\"><svg xmlns=\"http:\/\/www.w3.org\/2000\/svg\" viewBox=\"0 0 64 8\" preserveAspectRatio=\"none\" width=\"100%\" height=\"100%\">\r\n\t<path fill=\"currentColor\" d=\"M64 8 L0 8 L0 0 L20 7.9 L40 3 L48 5 L64 0 Z\"\/>\r\n<\/svg><\/div><div class=\"l-section-shape type_zigzag pos_bottom\" style=\"height:3vmin;\"><svg xmlns=\"http:\/\/www.w3.org\/2000\/svg\" viewBox=\"0 0 64 8\" preserveAspectRatio=\"none\" width=\"100%\" height=\"100%\">\r\n\t<path fill=\"currentColor\" d=\"M64 8 L0 8 L0 0 L20 7.9 L40 3 L48 5 L64 0 Z\"\/>\r\n<\/svg><\/div><div class=\"l-section-h i-cf\"><div class=\"g-cols vc_row via_flex valign_top type_default stacking_default\"><div class=\"vc_col-sm-12 wpb_column vc_column_container\"><div class=\"vc_column-inner\"><div class=\"wpb_wrapper\"><div class=\"wpb_text_column\"><div class=\"wpb_wrapper\"><h2 style=\"text-align: center;\">Drie avonden om het geheugen van de flamenco te horen in een van de grote monumenten van Sevilla<\/h2>\n<p style=\"text-align: center;\">De reeks in het Real Alc\u00e1zar telt weinig voorstellingen, maar heeft een zeer duidelijke identiteit. In slechts drie avonden gaat zij van een van de belangrijkste stemmen van de hedendaagse flamenco naar een premi\u00e8re die is opgebouwd rond historische opnamen van de cante, om af te sluiten met verschillende flamencolijnen uit Jerez in \u00e9\u00e9n unieke ontmoeting.<\/p>\n<p style=\"text-align: center;\">Als je een ervaring tijdens de Bi\u00ebnnale zoekt waarbij de locatie even belangrijk is als het programma, verdient de Patio de la Monter\u00eda absoluut een plek op je lijst.<\/p>\n<\/div><\/div><div class=\"w-separator size_medium\"><\/div><div class=\"w-hwrapper valign_top wrap stack_on_mobiles align_center\" style=\"--hwrapper-gap:1.2rem\"><div class=\"w-btn-wrapper align_none\"><a class=\"w-btn us-btn-style_1\" href=\"https:\/\/www.tablaosflamencos.com\/nl\/flamencobiennale-sevilla\"><span class=\"w-btn-label\">Flamencobi\u00ebnnale van Sevilla 2026<\/span><\/a><\/div><div class=\"w-btn-wrapper align_none\"><a class=\"w-btn us-btn-style_1\" href=\"https:\/\/www.tablaosflamencos.com\/grandes-estrenos-bienal-flamenco-sevilla-2026.html\"><span class=\"w-btn-label\">Grote premi\u00e8res van de Bi\u00ebnnale<\/span><\/a><\/div><div class=\"w-btn-wrapper align_none\"><a class=\"w-btn us-btn-style_1\" href=\"https:\/\/www.tablaosflamencos.com\/nl\/flamenco-in-sevilla\"><span class=\"w-btn-label\">Flamenco bekijken in Sevilla<\/span><\/a><\/div><\/div><\/div><\/div><\/div><\/div><\/div><\/section>\n","protected":false},"excerpt":{"rendered":"<p>Complete gids voor flamenco in het Real Alc\u00e1zar tijdens de Flamencobi\u00ebnnale van Sevilla 2026: programma van 14 tot 16 september, artiesten, tijden, tickets, prijs en praktische tips.<\/p>\n","protected":false},"author":1,"featured_media":13859,"comment_status":"closed","ping_status":"closed","sticky":false,"template":"","format":"standard","meta":{"_acf_changed":false,"wpai_generated_summary":"","_ayudawp_aiss_exclude":false,"_ayudawp_aiss_exclude_summary":false,"_ayudawp_aiss_summary":"","_ayudawp_aiss_summary_provider":"","_ayudawp_aiss_summary_hash":"","footnotes":""},"categories":[1432],"tags":[1227,1228,1229,1230,1133,423],"class_list":["post-13936","post","type-post","status-publish","format-standard","has-post-thumbnail","hentry","category-flamencobiennale","tag-agenda-flamenca","tag-bienal-2026","tag-bienal-de-flamenco","tag-festivales-flamencos","tag-flamenco-en-sevilla","tag-sevilla"],"acf":[],"yoast_head":"<!-- This site is optimized with the Yoast SEO Premium plugin v28.4 (Yoast SEO v28.4) - https:\/\/yoast.com\/product\/yoast-seo-premium-wordpress\/ -->\n<title>Flamenco in het Real Alc\u00e1zar: Bi\u00ebnnale 2026<\/title>\n<meta name=\"description\" content=\"Gids voor flamenco in het Real Alc\u00e1zar tijdens de Bi\u00ebnnale 2026: Israel Fern\u00e1ndez, Rancapino Chico en Xerezan\u00edas, data, tijden, tickets en prijs.\" \/>\n<meta name=\"robots\" content=\"index, follow, max-snippet:-1, max-image-preview:large, max-video-preview:-1\" \/>\n<link rel=\"canonical\" href=\"https:\/\/www.tablaosflamencos.com\/nl\/flamenco-real-alcazar-flamencobiennale-sevilla-2026.html\" \/>\n<meta property=\"og:locale\" content=\"nl_NL\" \/>\n<meta property=\"og:type\" content=\"article\" \/>\n<meta property=\"og:title\" content=\"Flamenco in het Real Alc\u00e1zar tijdens de Flamencobi\u00ebnnale 2026\" \/>\n<meta property=\"og:description\" content=\"Gids voor flamenco in het Real Alc\u00e1zar tijdens de Bi\u00ebnnale 2026: Israel Fern\u00e1ndez, Rancapino Chico en Xerezan\u00edas, data, tijden, tickets en prijs.\" \/>\n<meta property=\"og:url\" content=\"https:\/\/www.tablaosflamencos.com\/nl\/flamenco-real-alcazar-flamencobiennale-sevilla-2026.html\" \/>\n<meta property=\"og:site_name\" content=\"Tablaos Flamencos\" \/>\n<meta property=\"article:publisher\" content=\"https:\/\/www.facebook.com\/tablaosflamencos\" \/>\n<meta property=\"article:published_time\" content=\"2026-09-01T21:44:31+00:00\" \/>\n<meta property=\"article:modified_time\" content=\"2026-09-01T22:23:33+00:00\" \/>\n<meta property=\"og:image\" content=\"https:\/\/www.tablaosflamencos.com\/wp-content\/uploads\/flamenco-en-el-real-alcazar-durante-la-bienal-2026-01.webp\" \/>\n\t<meta property=\"og:image:width\" content=\"1672\" \/>\n\t<meta property=\"og:image:height\" content=\"941\" \/>\n\t<meta property=\"og:image:type\" content=\"image\/webp\" \/>\n<meta name=\"author\" content=\"Miguel Ortiz\" \/>\n<meta name=\"twitter:card\" content=\"summary_large_image\" \/>\n<meta name=\"twitter:creator\" content=\"@tablaosflamenco\" \/>\n<meta name=\"twitter:site\" content=\"@tablaosflamenco\" \/>\n<meta name=\"twitter:label1\" content=\"Geschreven door\" \/>\n\t<meta name=\"twitter:data1\" content=\"Miguel Ortiz\" \/>\n\t<meta name=\"twitter:label2\" content=\"Geschatte leestijd\" \/>\n\t<meta name=\"twitter:data2\" content=\"19 minuten\" \/>\n<script type=\"application\/ld+json\" class=\"yoast-schema-graph\">{\"@context\":\"https:\\\/\\\/schema.org\",\"@graph\":[{\"@type\":\"Article\",\"@id\":\"https:\\\/\\\/www.tablaosflamencos.com\\\/nl\\\/flamenco-real-alcazar-flamencobiennale-sevilla-2026.html#article\",\"isPartOf\":{\"@id\":\"https:\\\/\\\/www.tablaosflamencos.com\\\/nl\\\/flamenco-real-alcazar-flamencobiennale-sevilla-2026.html\"},\"author\":{\"name\":\"Miguel Ortiz\",\"@id\":\"https:\\\/\\\/www.tablaosflamencos.com\\\/nl#\\\/schema\\\/person\\\/e7a9ebe14eb75a52ceabfbffb3c54f5d\"},\"headline\":\"Flamenco in het Real Alc\u00e1zar tijdens de Flamencobi\u00ebnnale 2026\",\"datePublished\":\"2026-09-01T21:44:31+00:00\",\"dateModified\":\"2026-09-01T22:23:33+00:00\",\"mainEntityOfPage\":{\"@id\":\"https:\\\/\\\/www.tablaosflamencos.com\\\/nl\\\/flamenco-real-alcazar-flamencobiennale-sevilla-2026.html\"},\"wordCount\":3888,\"publisher\":{\"@id\":\"https:\\\/\\\/www.tablaosflamencos.com\\\/nl#organization\"},\"image\":{\"@id\":\"https:\\\/\\\/www.tablaosflamencos.com\\\/nl\\\/flamenco-real-alcazar-flamencobiennale-sevilla-2026.html#primaryimage\"},\"thumbnailUrl\":\"https:\\\/\\\/www.tablaosflamencos.com\\\/wp-content\\\/uploads\\\/flamenco-en-el-real-alcazar-durante-la-bienal-2026-01.webp\",\"keywords\":[\"agenda flamenca\",\"Bienal 2026\",\"Bienal de Flamenco\",\"festivales flamencos\",\"flamenco en Sevilla\",\"sevilla\"],\"articleSection\":[\"Flamencobi\u00ebnnale\"],\"inLanguage\":\"nl-NL\"},{\"@type\":\"WebPage\",\"@id\":\"https:\\\/\\\/www.tablaosflamencos.com\\\/nl\\\/flamenco-real-alcazar-flamencobiennale-sevilla-2026.html\",\"url\":\"https:\\\/\\\/www.tablaosflamencos.com\\\/nl\\\/flamenco-real-alcazar-flamencobiennale-sevilla-2026.html\",\"name\":\"Flamenco in het Real Alc\u00e1zar: Bi\u00ebnnale 2026\",\"isPartOf\":{\"@id\":\"https:\\\/\\\/www.tablaosflamencos.com\\\/nl#website\"},\"primaryImageOfPage\":{\"@id\":\"https:\\\/\\\/www.tablaosflamencos.com\\\/nl\\\/flamenco-real-alcazar-flamencobiennale-sevilla-2026.html#primaryimage\"},\"image\":{\"@id\":\"https:\\\/\\\/www.tablaosflamencos.com\\\/nl\\\/flamenco-real-alcazar-flamencobiennale-sevilla-2026.html#primaryimage\"},\"thumbnailUrl\":\"https:\\\/\\\/www.tablaosflamencos.com\\\/wp-content\\\/uploads\\\/flamenco-en-el-real-alcazar-durante-la-bienal-2026-01.webp\",\"datePublished\":\"2026-09-01T21:44:31+00:00\",\"dateModified\":\"2026-09-01T22:23:33+00:00\",\"description\":\"Gids voor flamenco in het Real Alc\u00e1zar tijdens de Bi\u00ebnnale 2026: Israel Fern\u00e1ndez, Rancapino Chico en Xerezan\u00edas, data, tijden, tickets en prijs.\",\"breadcrumb\":{\"@id\":\"https:\\\/\\\/www.tablaosflamencos.com\\\/nl\\\/flamenco-real-alcazar-flamencobiennale-sevilla-2026.html#breadcrumb\"},\"inLanguage\":\"nl-NL\",\"potentialAction\":[{\"@type\":\"ReadAction\",\"target\":[\"https:\\\/\\\/www.tablaosflamencos.com\\\/nl\\\/flamenco-real-alcazar-flamencobiennale-sevilla-2026.html\"]}]},{\"@type\":\"ImageObject\",\"inLanguage\":\"nl-NL\",\"@id\":\"https:\\\/\\\/www.tablaosflamencos.com\\\/nl\\\/flamenco-real-alcazar-flamencobiennale-sevilla-2026.html#primaryimage\",\"url\":\"https:\\\/\\\/www.tablaosflamencos.com\\\/wp-content\\\/uploads\\\/flamenco-en-el-real-alcazar-durante-la-bienal-2026-01.webp\",\"contentUrl\":\"https:\\\/\\\/www.tablaosflamencos.com\\\/wp-content\\\/uploads\\\/flamenco-en-el-real-alcazar-durante-la-bienal-2026-01.webp\",\"width\":1672,\"height\":941,\"caption\":\"Flamenco en el Real Alc\u00e1zar durante la Bienal 2026\"},{\"@type\":\"BreadcrumbList\",\"@id\":\"https:\\\/\\\/www.tablaosflamencos.com\\\/nl\\\/flamenco-real-alcazar-flamencobiennale-sevilla-2026.html#breadcrumb\",\"itemListElement\":[{\"@type\":\"ListItem\",\"position\":1,\"name\":\"Home\",\"item\":\"https:\\\/\\\/www.tablaosflamencos.com\\\/nl\"},{\"@type\":\"ListItem\",\"position\":2,\"name\":\"Flamenco in het Real Alc\u00e1zar tijdens de Flamencobi\u00ebnnale 2026\"}]},{\"@type\":\"WebSite\",\"@id\":\"https:\\\/\\\/www.tablaosflamencos.com\\\/nl#website\",\"url\":\"https:\\\/\\\/www.tablaosflamencos.com\\\/nl\",\"name\":\"Tablaos Flamencos\",\"description\":\"Entradas para tablaos flamencos de Espa\u00f1a\",\"publisher\":{\"@id\":\"https:\\\/\\\/www.tablaosflamencos.com\\\/nl#organization\"},\"alternateName\":\"Tablaos Flamencos\",\"potentialAction\":[{\"@type\":\"SearchAction\",\"target\":{\"@type\":\"EntryPoint\",\"urlTemplate\":\"https:\\\/\\\/www.tablaosflamencos.com\\\/nl?s={search_term_string}\"},\"query-input\":{\"@type\":\"PropertyValueSpecification\",\"valueRequired\":true,\"valueName\":\"search_term_string\"}}],\"inLanguage\":\"nl-NL\"},{\"@type\":[\"Organization\",\"Place\",\"EntertainmentBusiness\"],\"@id\":\"https:\\\/\\\/www.tablaosflamencos.com\\\/nl#organization\",\"name\":\"Tablaos Flamencos\",\"alternateName\":\"Tablaos Flamencos\",\"url\":\"https:\\\/\\\/www.tablaosflamencos.com\\\/nl\",\"logo\":{\"@id\":\"https:\\\/\\\/www.tablaosflamencos.com\\\/nl\\\/flamenco-real-alcazar-flamencobiennale-sevilla-2026.html#local-main-organization-logo\"},\"image\":{\"@id\":\"https:\\\/\\\/www.tablaosflamencos.com\\\/nl\\\/flamenco-real-alcazar-flamencobiennale-sevilla-2026.html#local-main-organization-logo\"},\"sameAs\":[\"https:\\\/\\\/www.facebook.com\\\/tablaosflamencos\",\"https:\\\/\\\/x.com\\\/tablaosflamenco\",\"https:\\\/\\\/mastodon.social\\\/@tablaosflamencos\",\"https:\\\/\\\/www.instagram.com\\\/tablaosflamencos\",\"https:\\\/\\\/tiktok.com\\\/@tablaosflamencos\",\"https:\\\/\\\/www.linkedin.com\\\/company\\\/109408238\\\/\"],\"description\":\"Venta de entradas para espect\u00e1culos flamencos\",\"legalName\":\"Tablaos Flamencos\",\"foundingDate\":\"2015-01-01\",\"numberOfEmployees\":{\"@type\":\"QuantitativeValue\",\"minValue\":\"1\",\"maxValue\":\"10\"},\"address\":{\"@id\":\"https:\\\/\\\/www.tablaosflamencos.com\\\/nl\\\/flamenco-real-alcazar-flamencobiennale-sevilla-2026.html#local-main-place-address\"},\"geo\":{\"@type\":\"GeoCoordinates\",\"latitude\":\"37.3868072\",\"longitude\":\"-5.993280299999999\"},\"telephone\":[\"+34623787787\"],\"contactPoint\":{\"@type\":\"ContactPoint\",\"telephone\":\"+34623787787\",\"email\":\"info@tablaosflamencos.com\"},\"openingHoursSpecification\":{\"@type\":\"OpeningHoursSpecification\",\"dayOfWeek\":[\"Monday\",\"Tuesday\",\"Wednesday\",\"Thursday\",\"Friday\",\"Saturday\",\"Sunday\"],\"opens\":\"00:00\",\"closes\":\"23:59\"},\"email\":\"info@tablaosflamencos.com\",\"priceRange\":\"$$$\",\"currenciesAccepted\":\"\u20ac\"},{\"@type\":\"Person\",\"@id\":\"https:\\\/\\\/www.tablaosflamencos.com\\\/nl#\\\/schema\\\/person\\\/e7a9ebe14eb75a52ceabfbffb3c54f5d\",\"name\":\"Miguel Ortiz\",\"description\":\"Miguel Ortiz es un empresario flamenco, con una s\u00f3lida trayectoria dentro del sector. Ha presidido entidades culturales vinculadas al flamenco y, cuenta con un amplio recorrido profesional en la gesti\u00f3n y promoci\u00f3n de espect\u00e1culos y tablaos flamencos. Su pasi\u00f3n por la historia y el arte flamenco se refleja en cada art\u00edculo, donde combina experiencia, criterio y un profundo respeto por la tradici\u00f3n.\",\"sameAs\":[\"https:\\\/\\\/www.tablaosflamencos.com\",\"https:\\\/\\\/www.instagra.com\\\/miguelortizfe\",\"https:\\\/\\\/www.linkedin.com\\\/in\\\/miguelortizf\\\/\"],\"birthDate\":\"1984-11-22\",\"gender\":\"hombre\",\"knowsLanguage\":[\"espa\u00f1ol\",\"ingl\u00e9s\"],\"jobTitle\":\"Empresario flamenco\"},{\"@type\":\"PostalAddress\",\"@id\":\"https:\\\/\\\/www.tablaosflamencos.com\\\/nl\\\/flamenco-real-alcazar-flamencobiennale-sevilla-2026.html#local-main-place-address\",\"streetAddress\":\"C\\\/ Alemanes, 19\",\"addressLocality\":\"Sevilla\",\"postalCode\":\"41004\",\"addressRegion\":\"Sevilla\",\"addressCountry\":\"ES\"},{\"@type\":\"ImageObject\",\"inLanguage\":\"nl-NL\",\"@id\":\"https:\\\/\\\/www.tablaosflamencos.com\\\/nl\\\/flamenco-real-alcazar-flamencobiennale-sevilla-2026.html#local-main-organization-logo\",\"url\":\"https:\\\/\\\/www.tablaosflamencos.com\\\/wp-content\\\/uploads\\\/tablaos-flamencos-06-3.webp\",\"contentUrl\":\"https:\\\/\\\/www.tablaosflamencos.com\\\/wp-content\\\/uploads\\\/tablaos-flamencos-06-3.webp\",\"width\":600,\"height\":620,\"caption\":\"Tablaos Flamencos\"}]}<\/script>\n<meta name=\"geo.placename\" content=\"Sevilla\" \/>\n<meta name=\"geo.position\" content=\"37.3868072;-5.993280299999999\" \/>\n<meta name=\"geo.region\" content=\"Spanje\" \/>\n<!-- \/ Yoast SEO Premium plugin. -->","yoast_head_json":{"title":"Flamenco in het Real Alc\u00e1zar: Bi\u00ebnnale 2026","description":"Gids voor flamenco in het Real Alc\u00e1zar tijdens de Bi\u00ebnnale 2026: Israel Fern\u00e1ndez, Rancapino Chico en Xerezan\u00edas, data, tijden, tickets en prijs.","robots":{"index":"index","follow":"follow","max-snippet":"max-snippet:-1","max-image-preview":"max-image-preview:large","max-video-preview":"max-video-preview:-1"},"canonical":"https:\/\/www.tablaosflamencos.com\/nl\/flamenco-real-alcazar-flamencobiennale-sevilla-2026.html","og_locale":"nl_NL","og_type":"article","og_title":"Flamenco in het Real Alc\u00e1zar tijdens de Flamencobi\u00ebnnale 2026","og_description":"Gids voor flamenco in het Real Alc\u00e1zar tijdens de Bi\u00ebnnale 2026: Israel Fern\u00e1ndez, Rancapino Chico en Xerezan\u00edas, data, tijden, tickets en prijs.","og_url":"https:\/\/www.tablaosflamencos.com\/nl\/flamenco-real-alcazar-flamencobiennale-sevilla-2026.html","og_site_name":"Tablaos Flamencos","article_publisher":"https:\/\/www.facebook.com\/tablaosflamencos","article_published_time":"2026-09-01T21:44:31+00:00","article_modified_time":"2026-09-01T22:23:33+00:00","og_image":[{"width":1672,"height":941,"url":"https:\/\/www.tablaosflamencos.com\/wp-content\/uploads\/flamenco-en-el-real-alcazar-durante-la-bienal-2026-01.webp","type":"image\/webp"}],"author":"Miguel Ortiz","twitter_card":"summary_large_image","twitter_creator":"@tablaosflamenco","twitter_site":"@tablaosflamenco","twitter_misc":{"Geschreven door":"Miguel Ortiz","Geschatte leestijd":"19 minuten"},"schema":{"@context":"https:\/\/schema.org","@graph":[{"@type":"Article","@id":"https:\/\/www.tablaosflamencos.com\/nl\/flamenco-real-alcazar-flamencobiennale-sevilla-2026.html#article","isPartOf":{"@id":"https:\/\/www.tablaosflamencos.com\/nl\/flamenco-real-alcazar-flamencobiennale-sevilla-2026.html"},"author":{"name":"Miguel Ortiz","@id":"https:\/\/www.tablaosflamencos.com\/nl#\/schema\/person\/e7a9ebe14eb75a52ceabfbffb3c54f5d"},"headline":"Flamenco in het Real Alc\u00e1zar tijdens de Flamencobi\u00ebnnale 2026","datePublished":"2026-09-01T21:44:31+00:00","dateModified":"2026-09-01T22:23:33+00:00","mainEntityOfPage":{"@id":"https:\/\/www.tablaosflamencos.com\/nl\/flamenco-real-alcazar-flamencobiennale-sevilla-2026.html"},"wordCount":3888,"publisher":{"@id":"https:\/\/www.tablaosflamencos.com\/nl#organization"},"image":{"@id":"https:\/\/www.tablaosflamencos.com\/nl\/flamenco-real-alcazar-flamencobiennale-sevilla-2026.html#primaryimage"},"thumbnailUrl":"https:\/\/www.tablaosflamencos.com\/wp-content\/uploads\/flamenco-en-el-real-alcazar-durante-la-bienal-2026-01.webp","keywords":["agenda flamenca","Bienal 2026","Bienal de Flamenco","festivales flamencos","flamenco en Sevilla","sevilla"],"articleSection":["Flamencobi\u00ebnnale"],"inLanguage":"nl-NL"},{"@type":"WebPage","@id":"https:\/\/www.tablaosflamencos.com\/nl\/flamenco-real-alcazar-flamencobiennale-sevilla-2026.html","url":"https:\/\/www.tablaosflamencos.com\/nl\/flamenco-real-alcazar-flamencobiennale-sevilla-2026.html","name":"Flamenco in het Real Alc\u00e1zar: Bi\u00ebnnale 2026","isPartOf":{"@id":"https:\/\/www.tablaosflamencos.com\/nl#website"},"primaryImageOfPage":{"@id":"https:\/\/www.tablaosflamencos.com\/nl\/flamenco-real-alcazar-flamencobiennale-sevilla-2026.html#primaryimage"},"image":{"@id":"https:\/\/www.tablaosflamencos.com\/nl\/flamenco-real-alcazar-flamencobiennale-sevilla-2026.html#primaryimage"},"thumbnailUrl":"https:\/\/www.tablaosflamencos.com\/wp-content\/uploads\/flamenco-en-el-real-alcazar-durante-la-bienal-2026-01.webp","datePublished":"2026-09-01T21:44:31+00:00","dateModified":"2026-09-01T22:23:33+00:00","description":"Gids voor flamenco in het Real Alc\u00e1zar tijdens de Bi\u00ebnnale 2026: Israel Fern\u00e1ndez, Rancapino Chico en Xerezan\u00edas, data, tijden, tickets en prijs.","breadcrumb":{"@id":"https:\/\/www.tablaosflamencos.com\/nl\/flamenco-real-alcazar-flamencobiennale-sevilla-2026.html#breadcrumb"},"inLanguage":"nl-NL","potentialAction":[{"@type":"ReadAction","target":["https:\/\/www.tablaosflamencos.com\/nl\/flamenco-real-alcazar-flamencobiennale-sevilla-2026.html"]}]},{"@type":"ImageObject","inLanguage":"nl-NL","@id":"https:\/\/www.tablaosflamencos.com\/nl\/flamenco-real-alcazar-flamencobiennale-sevilla-2026.html#primaryimage","url":"https:\/\/www.tablaosflamencos.com\/wp-content\/uploads\/flamenco-en-el-real-alcazar-durante-la-bienal-2026-01.webp","contentUrl":"https:\/\/www.tablaosflamencos.com\/wp-content\/uploads\/flamenco-en-el-real-alcazar-durante-la-bienal-2026-01.webp","width":1672,"height":941,"caption":"Flamenco en el Real Alc\u00e1zar durante la Bienal 2026"},{"@type":"BreadcrumbList","@id":"https:\/\/www.tablaosflamencos.com\/nl\/flamenco-real-alcazar-flamencobiennale-sevilla-2026.html#breadcrumb","itemListElement":[{"@type":"ListItem","position":1,"name":"Home","item":"https:\/\/www.tablaosflamencos.com\/nl"},{"@type":"ListItem","position":2,"name":"Flamenco in het Real Alc\u00e1zar tijdens de Flamencobi\u00ebnnale 2026"}]},{"@type":"WebSite","@id":"https:\/\/www.tablaosflamencos.com\/nl#website","url":"https:\/\/www.tablaosflamencos.com\/nl","name":"Tablaos Flamencos","description":"Entradas para tablaos flamencos de Espa\u00f1a","publisher":{"@id":"https:\/\/www.tablaosflamencos.com\/nl#organization"},"alternateName":"Tablaos Flamencos","potentialAction":[{"@type":"SearchAction","target":{"@type":"EntryPoint","urlTemplate":"https:\/\/www.tablaosflamencos.com\/nl?s={search_term_string}"},"query-input":{"@type":"PropertyValueSpecification","valueRequired":true,"valueName":"search_term_string"}}],"inLanguage":"nl-NL"},{"@type":["Organization","Place","EntertainmentBusiness"],"@id":"https:\/\/www.tablaosflamencos.com\/nl#organization","name":"Tablaos Flamencos","alternateName":"Tablaos Flamencos","url":"https:\/\/www.tablaosflamencos.com\/nl","logo":{"@id":"https:\/\/www.tablaosflamencos.com\/nl\/flamenco-real-alcazar-flamencobiennale-sevilla-2026.html#local-main-organization-logo"},"image":{"@id":"https:\/\/www.tablaosflamencos.com\/nl\/flamenco-real-alcazar-flamencobiennale-sevilla-2026.html#local-main-organization-logo"},"sameAs":["https:\/\/www.facebook.com\/tablaosflamencos","https:\/\/x.com\/tablaosflamenco","https:\/\/mastodon.social\/@tablaosflamencos","https:\/\/www.instagram.com\/tablaosflamencos","https:\/\/tiktok.com\/@tablaosflamencos","https:\/\/www.linkedin.com\/company\/109408238\/"],"description":"Venta de entradas para espect\u00e1culos flamencos","legalName":"Tablaos Flamencos","foundingDate":"2015-01-01","numberOfEmployees":{"@type":"QuantitativeValue","minValue":"1","maxValue":"10"},"address":{"@id":"https:\/\/www.tablaosflamencos.com\/nl\/flamenco-real-alcazar-flamencobiennale-sevilla-2026.html#local-main-place-address"},"geo":{"@type":"GeoCoordinates","latitude":"37.3868072","longitude":"-5.993280299999999"},"telephone":["+34623787787"],"contactPoint":{"@type":"ContactPoint","telephone":"+34623787787","email":"info@tablaosflamencos.com"},"openingHoursSpecification":{"@type":"OpeningHoursSpecification","dayOfWeek":["Monday","Tuesday","Wednesday","Thursday","Friday","Saturday","Sunday"],"opens":"00:00","closes":"23:59"},"email":"info@tablaosflamencos.com","priceRange":"$$$","currenciesAccepted":"\u20ac"},{"@type":"Person","@id":"https:\/\/www.tablaosflamencos.com\/nl#\/schema\/person\/e7a9ebe14eb75a52ceabfbffb3c54f5d","name":"Miguel Ortiz","description":"Miguel Ortiz es un empresario flamenco, con una s\u00f3lida trayectoria dentro del sector. Ha presidido entidades culturales vinculadas al flamenco y, cuenta con un amplio recorrido profesional en la gesti\u00f3n y promoci\u00f3n de espect\u00e1culos y tablaos flamencos. Su pasi\u00f3n por la historia y el arte flamenco se refleja en cada art\u00edculo, donde combina experiencia, criterio y un profundo respeto por la tradici\u00f3n.","sameAs":["https:\/\/www.tablaosflamencos.com","https:\/\/www.instagra.com\/miguelortizfe","https:\/\/www.linkedin.com\/in\/miguelortizf\/"],"birthDate":"1984-11-22","gender":"hombre","knowsLanguage":["espa\u00f1ol","ingl\u00e9s"],"jobTitle":"Empresario flamenco"},{"@type":"PostalAddress","@id":"https:\/\/www.tablaosflamencos.com\/nl\/flamenco-real-alcazar-flamencobiennale-sevilla-2026.html#local-main-place-address","streetAddress":"C\/ Alemanes, 19","addressLocality":"Sevilla","postalCode":"41004","addressRegion":"Sevilla","addressCountry":"ES"},{"@type":"ImageObject","inLanguage":"nl-NL","@id":"https:\/\/www.tablaosflamencos.com\/nl\/flamenco-real-alcazar-flamencobiennale-sevilla-2026.html#local-main-organization-logo","url":"https:\/\/www.tablaosflamencos.com\/wp-content\/uploads\/tablaos-flamencos-06-3.webp","contentUrl":"https:\/\/www.tablaosflamencos.com\/wp-content\/uploads\/tablaos-flamencos-06-3.webp","width":600,"height":620,"caption":"Tablaos Flamencos"}]},"geo.placename":"Sevilla","geo.position":{"lat":"37.3868072","long":"-5.993280299999999"},"geo.region":"Spanje"},"_links":{"self":[{"href":"https:\/\/www.tablaosflamencos.com\/nl\/wp-json\/wp\/v2\/posts\/13936","targetHints":{"allow":["GET"]}}],"collection":[{"href":"https:\/\/www.tablaosflamencos.com\/nl\/wp-json\/wp\/v2\/posts"}],"about":[{"href":"https:\/\/www.tablaosflamencos.com\/nl\/wp-json\/wp\/v2\/types\/post"}],"author":[{"embeddable":true,"href":"https:\/\/www.tablaosflamencos.com\/nl\/wp-json\/wp\/v2\/users\/1"}],"replies":[{"embeddable":true,"href":"https:\/\/www.tablaosflamencos.com\/nl\/wp-json\/wp\/v2\/comments?post=13936"}],"version-history":[{"count":2,"href":"https:\/\/www.tablaosflamencos.com\/nl\/wp-json\/wp\/v2\/posts\/13936\/revisions"}],"predecessor-version":[{"id":13950,"href":"https:\/\/www.tablaosflamencos.com\/nl\/wp-json\/wp\/v2\/posts\/13936\/revisions\/13950"}],"wp:featuredmedia":[{"embeddable":true,"href":"https:\/\/www.tablaosflamencos.com\/nl\/wp-json\/wp\/v2\/media\/13859"}],"wp:attachment":[{"href":"https:\/\/www.tablaosflamencos.com\/nl\/wp-json\/wp\/v2\/media?parent=13936"}],"wp:term":[{"taxonomy":"category","embeddable":true,"href":"https:\/\/www.tablaosflamencos.com\/nl\/wp-json\/wp\/v2\/categories?post=13936"},{"taxonomy":"post_tag","embeddable":true,"href":"https:\/\/www.tablaosflamencos.com\/nl\/wp-json\/wp\/v2\/tags?post=13936"}],"curies":[{"name":"wp","href":"https:\/\/api.w.org\/{rel}","templated":true}]}}