{"id":13925,"date":"2026-09-01T23:35:30","date_gmt":"2026-09-01T21:35:30","guid":{"rendered":"https:\/\/www.tablaosflamencos.com\/?p=13925"},"modified":"2026-09-02T00:44:46","modified_gmt":"2026-09-01T22:44:46","slug":"flamencobiennale-sevilla-2026-tickets-prijzen-kortingen","status":"publish","type":"post","link":"https:\/\/www.tablaosflamencos.com\/nl\/flamencobiennale-sevilla-2026-tickets-prijzen-kortingen.html","title":{"rendered":"Flamencobi\u00ebnnale Sevilla 2026: tickets, prijzen en kortingen"},"content":{"rendered":"<section class=\"l-section wpb_row height_huge\"><div class=\"l-section-h i-cf\"><div class=\"g-cols vc_row via_flex valign_top type_default stacking_default\"><div class=\"vc_col-sm-6 wpb_column vc_column_container\"><div class=\"vc_column-inner\"><div class=\"wpb_wrapper\"><div class=\"wpb_text_column\"><div class=\"wpb_wrapper\"><h2>Tickets voor de Flamencobi\u00ebnnale 2026: prijzen en hoe je ze koopt<\/h2>\n<p>De <strong>Flamencobi\u00ebnnale van Sevilla 2026<\/strong> vindt plaats van <strong>9 september tot en met 3 oktober<\/strong> en brengt tientallen voorstellingen samen in theaters, monumentale locaties en bijzondere ruimtes in de stad. Als je je bezoek plant, is een van de belangrijkste vragen heel concreet: <strong>wat kosten de tickets, waar koop je ze en welke kortingen zijn nog beschikbaar<\/strong>.<\/p>\n<p>Het antwoord hangt af van de locatie en, in sommige gevallen, van de gekozen zitplaatscategorie. De organisatie heeft prijzen gepubliceerd vanaf <strong>\u20ac12<\/strong> voor de zijdelingse bovenring van Teatro Lope de Vega tot <strong>\u20ac75<\/strong> voor de beste plaatsen voor <em>Infinita<\/em>, van Sara Baras, in Teatro de la Maestranza. Daarnaast zijn er voorstellingen met een vaste prijs van \u20ac30, tickets vanaf \u20ac15 in Espacio Turina en plaatsen vanaf \u20ac25 in de Plaza de Toros.<\/p>\n<\/div><\/div><\/div><\/div><\/div><div class=\"vc_col-sm-6 wpb_column vc_column_container\"><div class=\"vc_column-inner\"><div class=\"wpb_wrapper\"><div class=\"wpb_text_column\"><div class=\"wpb_wrapper\"><p style=\"text-align: center; font-size: 54px; line-height: 1; margin-bottom: 10px;\"><strong>\u20ac12<\/strong><\/p>\n<h3 style=\"text-align: center;\">Laagst gepubliceerde ticketprijs<\/h3>\n<p style=\"text-align: center; font-size: 40px; line-height: 1; margin: 25px 0 10px;\"><strong>\u20ac75<\/strong><\/p>\n<h3 style=\"text-align: center;\">Hoogst gepubliceerde prijs<\/h3>\n<p style=\"text-align: center; font-size: 40px; line-height: 1; margin: 25px 0 10px;\"><strong>50%<\/strong><\/p>\n<h3 style=\"text-align: center;\">Hora Joven voor jongeren onder 30<\/h3>\n<\/div><\/div><\/div><\/div><\/div><\/div><\/div><\/section><section class=\"l-section wpb_row height_huge color_alternate\"><div class=\"l-section-h i-cf\"><div class=\"g-cols vc_row via_flex valign_top type_default stacking_default\"><div class=\"vc_col-sm-12 wpb_column vc_column_container\"><div class=\"vc_column-inner\"><div class=\"wpb_wrapper\"><div class=\"wpb_text_column\"><div class=\"wpb_wrapper\"><blockquote>\n<p><strong>Kort antwoord:<\/strong> tickets voor de Flamencobi\u00ebnnale van Sevilla 2026 kosten officieel tussen <strong>\u20ac12 en \u20ac75<\/strong>, afhankelijk van de locatie en zitplaatscategorie. De vroegboekkortingen van 10% en 5% zijn inmiddels afgelopen, maar de <strong>Hora Joven<\/strong>blijft beschikbaar: jongeren onder 30 kunnen een <strong>korting van 50%<\/strong> krijgen aan de kassa, \u00e9\u00e9n uur voor de voorstelling, zolang er nog plaatsen beschikbaar zijn. Tickets koop je via de offici\u00eble pagina van elke voorstelling in het programma van de Bi\u00ebnnale.<\/p>\n<\/blockquote>\n<p><strong>Laatst bijgewerkt: 1 september 2026.<\/strong> De prijzen op deze pagina zijn de tarieven die officieel door de Bi\u00ebnnale zijn gepubliceerd. De beschikbaarheid kan op elk moment veranderen en voor sommige voorstellingen is al gemeld dat ze vol of uitverkocht zijn.<\/p>\n<\/div><\/div><div class=\"w-separator size_medium\"><\/div><div class=\"w-hwrapper valign_top wrap stack_on_mobiles align_center\" style=\"--hwrapper-gap:1.2rem\"><div class=\"w-btn-wrapper align_none\"><a class=\"w-btn us-btn-style_1\" href=\"https:\/\/www.tablaosflamencos.com\/nl\/flamenco-biennale-sevilla-2026.html\"><span class=\"w-btn-label\">Complete gids voor de Bi\u00ebnnale 2026<\/span><\/a><\/div><div class=\"w-btn-wrapper align_none\"><a class=\"w-btn us-btn-style_1\" href=\"https:\/\/www.tablaosflamencos.com\/nl\/flamencobiennale-sevilla\"><span class=\"w-btn-label\">Bekijk al ons nieuws over de Bi\u00ebnnale<\/span><\/a><\/div><\/div><\/div><\/div><\/div><\/div><\/div><\/section><section class=\"l-section wpb_row height_huge\"><div class=\"l-section-h i-cf\"><div class=\"g-cols vc_row via_flex valign_top type_default stacking_default\"><div class=\"vc_col-sm-3 wpb_column vc_column_container\"><div class=\"vc_column-inner\"><div class=\"wpb_wrapper\"><\/div><\/div><\/div><div class=\"vc_col-sm-6 wpb_column vc_column_container\"><div class=\"vc_column-inner\"><div class=\"wpb_wrapper\"><div class=\"wpb_text_column\"><div class=\"wpb_wrapper\"><h2>Inhoud van deze gids<\/h2>\n<ul>\n<li><a href=\"#como-comprar\">Tickets kopen voor de Bi\u00ebnnale 2026<\/a><\/li>\n<li><a href=\"#precios\">Offici\u00eble prijzen per locatie<\/a><\/li>\n<li><a href=\"#descuentos\">Kortingen voor de Bi\u00ebnnale 2026<\/a><\/li>\n<li><a href=\"#hora-joven\">Hora Joven: 50% korting voor jongeren onder 30<\/a><\/li>\n<li><a href=\"#sara-baras\">Speciale prijzen voor Sara Baras<\/a><\/li>\n<li><a href=\"#taquillas\">Verkoop aan de kassa en tickets op de dag zelf<\/a><\/li>\n<li><a href=\"#agotadas\">Wat te doen als er geen tickets meer zijn<\/a><\/li>\n<li><a href=\"#gratis\">Gratis alternatieven<\/a><\/li>\n<li><a href=\"#consejos\">Tips om slimmer tickets te kopen<\/a><\/li>\n<li><a href=\"#faq-entradas\">Veelgestelde vragen<\/a><\/li>\n<\/ul>\n<\/div><\/div><\/div><\/div><\/div><div class=\"vc_col-sm-3 wpb_column vc_column_container\"><div class=\"vc_column-inner\"><div class=\"wpb_wrapper\"><\/div><\/div><\/div><\/div><\/div><\/section><section class=\"l-section wpb_row height_huge color_alternate\"><div class=\"l-section-h i-cf\"><div class=\"g-cols vc_row via_flex valign_top type_default stacking_default\"><div class=\"vc_col-sm-6 wpb_column vc_column_container\"><div class=\"vc_column-inner\"><div class=\"wpb_wrapper\"><div class=\"wpb_text_column\"><div class=\"wpb_wrapper\"><h2 id=\"como-comprar\">Tickets kopen voor de Flamencobi\u00ebnnale 2026<\/h2>\n<p>De algemene ticketverkoop begon op <strong>11 februari 2026 om 10:00 uur<\/strong>. De meest directe manier om te kopen is via het <strong>Algemene Programma<\/strong> van de Bi\u00ebnnale en vervolgens de pagina te openen van de voorstelling die je wilt zien. Als er nog plaatsen zijn, bevat die pagina de offici\u00eble optie <strong>\u2018Tickets kopen\u2019<\/strong>.<\/p>\n<p>Je kunt het <a href=\"https:\/\/www.labienal.com\/programa-general\" target=\"_blank\" rel=\"noopener\"><strong>offici\u00eble programma van de Bi\u00ebnnale<\/strong><\/a> raadplegen om de actuele beschikbaarheid van elke voorstelling te controleren. Het is beter om via de specifieke voorstellingspagina te gaan dan via oude zoekresultaten, omdat de beschikbaarheid snel kan veranderen.<\/p>\n<p>De Bi\u00ebnnale vermeldt ook het e-mailadres van de kassa, <strong>taquillaseulen.icas@gmail.com<\/strong>, en het telefoonnummer <strong>955 472 822<\/strong> voor vragen over de aankoop.<\/p>\n<\/div><\/div><\/div><\/div><\/div><div class=\"vc_col-sm-6 wpb_column vc_column_container\"><div class=\"vc_column-inner\"><div class=\"wpb_wrapper\"><div class=\"wpb_text_column\"><div class=\"wpb_wrapper\"><h2>Is er \u00e9\u00e9n ticketplatform voor alle voorstellingen?<\/h2>\n<p>In de praktijk centraliseert de Bi\u00ebnnale de toegang tot de ticketverkoop via het eigen programma. Dat is handig omdat deze editie over veel locaties verspreid is: Teatro Lope de Vega, Teatro de la Maestranza, Teatro Central, Espacio Turina, Teatro Alameda, San Luis de los Franceses, Real F\u00e1brica de Artiller\u00eda, Real Alc\u00e1zar, Hotel Triana en de Plaza de Toros, naast andere locaties.<\/p>\n<p>Ons advies is eenvoudig: <strong>begin altijd op de offici\u00eble website van de Bi\u00ebnnale<\/strong>. Zo verklein je het risico dat je op een verouderde pagina, een doorverkoopsite of een kanaal terechtkomt dat niet de werkelijk beschikbare capaciteit toont.<\/p>\n<p>Als je verschillende dagen vergelijkt, kun je eerst onze <a href=\"https:\/\/www.tablaosflamencos.com\/bienal-flamenco-sevilla-2026.html\"><strong>complete gids voor de Flamencobi\u00ebnnale van Sevilla 2026<\/strong><\/a> openen en daarna de ticketverkoop controleren voor elke voorstelling die in je planning past.<\/p>\n<\/div><\/div><\/div><\/div><\/div><\/div><\/div><\/section><section class=\"l-section wpb_row height_huge\"><div class=\"l-section-h i-cf\"><div class=\"g-cols vc_row via_flex valign_top type_default stacking_default\"><div class=\"vc_col-sm-12 wpb_column vc_column_container\"><div class=\"vc_column-inner\"><div class=\"wpb_wrapper\"><div class=\"wpb_text_column\"><div class=\"wpb_wrapper\"><h2 id=\"precios\">Ticketprijzen voor de Flamencobi\u00ebnnale 2026 per locatie<\/h2>\n<p>De offici\u00eble prijzen zijn niet op alle locaties hetzelfde. Sommige locaties werken met een <strong>vaste prijs<\/strong> en andere verdelen de zaal in verschillende categorie\u00ebn. Dit is de prijslijst die de organisatie voor de XXIVe Bi\u00ebnnale heeft gepubliceerd:<\/p>\n<div style=\"overflow-x: auto;\">\n<table>\n<thead>\n<tr>\n<th>Locatie<\/th>\n<th>Zone \/ zitplaats<\/th>\n<th>Prijs<\/th>\n<\/tr>\n<\/thead>\n<tbody>\n<tr>\n<td rowspan=\"6\"><strong>Plaza de Toros<\/strong><\/td>\n<td>Arena<\/td>\n<td>\u20ac50<\/td>\n<\/tr>\n<tr>\n<td>Barri\u00e8re<\/td>\n<td>\u20ac45<\/td>\n<\/tr>\n<tr>\n<td>Tribune<\/td>\n<td>\u20ac40<\/td>\n<\/tr>\n<tr>\n<td>Tribunezitplaats<\/td>\n<td>\u20ac35<\/td>\n<\/tr>\n<tr>\n<td>Loge<\/td>\n<td>\u20ac30<\/td>\n<\/tr>\n<tr>\n<td>Bovenring<\/td>\n<td>\u20ac25<\/td>\n<\/tr>\n<tr>\n<td rowspan=\"2\"><strong>Espacio Turina<\/strong><\/td>\n<td>Algemeen<\/td>\n<td>\u20ac25<\/td>\n<\/tr>\n<tr>\n<td>Bovenring<\/td>\n<td>\u20ac15<\/td>\n<\/tr>\n<tr>\n<td rowspan=\"11\"><strong>Teatro de la Maestranza<\/strong><\/td>\n<td>Parterre A<\/td>\n<td>\u20ac55<\/td>\n<\/tr>\n<tr>\n<td>Parterre B<\/td>\n<td>\u20ac50<\/td>\n<\/tr>\n<tr>\n<td>Balkon A<\/td>\n<td>\u20ac48<\/td>\n<\/tr>\n<tr>\n<td>Balkon B<\/td>\n<td>\u20ac45<\/td>\n<\/tr>\n<tr>\n<td>Terras A<\/td>\n<td>\u20ac42<\/td>\n<\/tr>\n<tr>\n<td>Terras B<\/td>\n<td>\u20ac40<\/td>\n<\/tr>\n<tr>\n<td>Terras C<\/td>\n<td>\u20ac37<\/td>\n<\/tr>\n<tr>\n<td>Bovenring A<\/td>\n<td>\u20ac35<\/td>\n<\/tr>\n<tr>\n<td>Bovenring B<\/td>\n<td>\u20ac32<\/td>\n<\/tr>\n<tr>\n<td>Bovenring C<\/td>\n<td>\u20ac30<\/td>\n<\/tr>\n<tr>\n<td>Bovenring D<\/td>\n<td>\u20ac28<\/td>\n<\/tr>\n<tr>\n<td rowspan=\"8\"><strong>Teatro Lope de Vega<\/strong><\/td>\n<td>Parterreplaats<\/td>\n<td>\u20ac35<\/td>\n<\/tr>\n<tr>\n<td>Platea<\/td>\n<td>\u20ac35<\/td>\n<\/tr>\n<tr>\n<td>Centrale loge<\/td>\n<td>\u20ac35<\/td>\n<\/tr>\n<tr>\n<td>Zijloge<\/td>\n<td>\u20ac30<\/td>\n<\/tr>\n<tr>\n<td>Amfitheaterplaats<\/td>\n<td>\u20ac25<\/td>\n<\/tr>\n<tr>\n<td>Amfitheaterloge<\/td>\n<td>\u20ac20<\/td>\n<\/tr>\n<tr>\n<td>Centrale bovenringplaats<\/td>\n<td>\u20ac15<\/td>\n<\/tr>\n<tr>\n<td>Zijplaats bovenring<\/td>\n<td>\u20ac12<\/td>\n<\/tr>\n<tr>\n<td><strong>Teatro Central<\/strong><\/td>\n<td>Gepubliceerde prijs<\/td>\n<td>\u20ac30<\/td>\n<\/tr>\n<tr>\n<td><strong>Kerk van San Luis<\/strong><\/td>\n<td>Gepubliceerde prijs<\/td>\n<td>\u20ac30<\/td>\n<\/tr>\n<tr>\n<td><strong>Teatro Alameda<\/strong><\/td>\n<td>Gepubliceerde prijs<\/td>\n<td>\u20ac30<\/td>\n<\/tr>\n<tr>\n<td><strong>Real F\u00e1brica de Artiller\u00eda<\/strong><\/td>\n<td>Gepubliceerde prijs<\/td>\n<td>\u20ac30<\/td>\n<\/tr>\n<tr>\n<td><strong>Real Alc\u00e1zar<\/strong><\/td>\n<td>Gepubliceerde prijs<\/td>\n<td>\u20ac30<\/td>\n<\/tr>\n<tr>\n<td><strong>Hotel Triana<\/strong><\/td>\n<td>Gepubliceerde prijs<\/td>\n<td>\u20ac30<\/td>\n<\/tr>\n<\/tbody>\n<\/table>\n<\/div>\n<p>&nbsp;<\/p>\n<p>Voor veel voorstellingen is het daarom redelijk om rekening te houden met een budget van <strong>\u20ac25 tot \u20ac35 per voorstelling<\/strong>, al kunnen plaatsen in het Maestranza en bepaalde speciale evenementen duurder zijn. Het Lope de Vega biedt de laagst gepubliceerde ticketprijs, met plaatsen vanaf \u20ac12.<\/p>\n<\/div><\/div><\/div><\/div><\/div><\/div><\/div><\/section><section class=\"l-section wpb_row height_huge color_alternate\"><div class=\"l-section-h i-cf\"><div class=\"g-cols vc_row via_flex valign_top type_default stacking_default\"><div class=\"vc_col-sm-6 wpb_column vc_column_container\"><div class=\"vc_column-inner\"><div class=\"wpb_wrapper\"><div class=\"wpb_text_column\"><div class=\"wpb_wrapper\"><h2 id=\"descuentos\">Kortingen voor de Flamencobi\u00ebnnale 2026<\/h2>\n<p>Bij de start van de verkoop bood de Bi\u00ebnnale twee periodes met vroegboekkorting aan:<\/p>\n<ul>\n<li><strong>10% korting<\/strong> voor tickets gekocht tussen 11 februari en 10 maart 2026.<\/li>\n<li><strong>5% korting<\/strong> voor aankopen tussen 11 maart en 11 april 2026.<\/li>\n<\/ul>\n<p>Op de datum van deze update, <strong>1 september 2026, zijn beide kortingen inmiddels afgelopen<\/strong>. Dit is belangrijk om te vermelden, omdat oudere pagina\u2019s of zoekresultaten de actie nog kunnen noemen zonder duidelijk te maken dat deze slechts tijdelijk gold.<\/p>\n<p>De offici\u00eble informatie vermeldt daarnaast een uitzondering: de vroegboekkortingen <strong>waren niet van toepassing op de tweede en derde voorstelling van <em>Infinita<\/em>, van Sara Baras<\/strong>.<\/p>\n<\/div><\/div><\/div><\/div><\/div><div class=\"vc_col-sm-6 wpb_column vc_column_container\"><div class=\"vc_column-inner\"><div class=\"wpb_wrapper\"><div class=\"wpb_text_column\"><div class=\"wpb_wrapper\"><h2 id=\"hora-joven\">Hora Joven: 50% korting voor jongeren onder 30<\/h2>\n<p>De interessantste korting voor wie nog geen ticket heeft gekocht, is de <strong>Hora Joven<\/strong>. Bezoekers <strong>onder 30 jaar<\/strong> kunnen een <strong>korting van 50%<\/strong> krijgen bij aankoop aan de kassa <strong>\u00e9\u00e9n uur voor de voorstelling<\/strong>.<\/p>\n<p>Er is \u00e9\u00e9n doorslaggevende voorwaarde: <strong>de korting geldt alleen als er nog plaatsen te koop zijn<\/strong>. Het is daarom geen goede keuze als je speciaal naar Sevilla reist voor \u00e9\u00e9n bepaalde voorstelling of als het om een zeer gewilde show gaat.<\/p>\n<p>Voor inwoners, flexibele bezoekers of liefhebbers die pas op het laatste moment willen beslissen, kan het juist een uitstekende kans zijn. Bij een langverwachte premi\u00e8re, een Noche \u00danica of een zaal met beperkte capaciteit betekent wachten op de Hora Joven dat je het risico accepteert dat je geen plaats meer krijgt.<\/p>\n<\/div><\/div><\/div><\/div><\/div><\/div><\/div><\/section><section class=\"l-section wpb_row height_huge\"><div class=\"l-section-h i-cf\"><div class=\"g-cols vc_row via_flex valign_top type_default stacking_default\"><div class=\"vc_col-sm-6 wpb_column vc_column_container\"><div class=\"vc_column-inner\"><div class=\"wpb_wrapper\"><div class=\"wpb_text_column\"><div class=\"wpb_wrapper\"><h2 id=\"sara-baras\">Wat kosten tickets voor Sara Baras tijdens de Bi\u00ebnnale 2026?<\/h2>\n<p><em>Infinita<\/em>, de terugkeer van <strong>Sara Baras<\/strong> naar de Bi\u00ebnnale, heeft een eigen prijsschaal in Teatro de la Maestranza en omvat de duurste gepubliceerde zitplaatsen van deze editie:<\/p>\n<ul>\n<li>Parterre A en Parterre B: <strong>\u20ac75<\/strong><\/li>\n<li>Balkon A en B: <strong>\u20ac70<\/strong><\/li>\n<li>Terras A en B: <strong>\u20ac65<\/strong><\/li>\n<li>Terras C: <strong>\u20ac58<\/strong><\/li>\n<li>Bovenring A: <strong>\u20ac54<\/strong><\/li>\n<li>Bovenring B: <strong>\u20ac48<\/strong><\/li>\n<li>Bovenring C: <strong>\u20ac46<\/strong><\/li>\n<li>Bovenring D: <strong>\u20ac42<\/strong><\/li>\n<\/ul>\n<\/div><\/div><\/div><\/div><\/div><div class=\"vc_col-sm-6 wpb_column vc_column_container\"><div class=\"vc_column-inner\"><div class=\"wpb_wrapper\"><div class=\"wpb_text_column\"><div class=\"wpb_wrapper\"><h2>Waarom hebben tickets voor Sara Baras andere prijzen?<\/h2>\n<p>Het gepubliceerde tarief voor <em>Infinita<\/em> ligt hoger dan de algemene prijstabel van het Maestranza. Voor de overige voorstellingen in het theater loopt de offici\u00eble prijsrange van <strong>\u20ac28 tot \u20ac55<\/strong>, terwijl die voor Sara Baras tussen <strong>\u20ac42 en \u20ac75<\/strong>ligt.<\/p>\n<p>Daarmee vormt <em>Infinita<\/em> een duidelijke uitzondering binnen het prijsbeleid van de Bi\u00ebnnale. Als je budget belangrijk is, vergelijk dan de ligging en het zicht van de verschillende categorie\u00ebn voordat je kiest.<\/p>\n<p>Je kunt ook ons specifieke artikel lezen over <a href=\"https:\/\/www.tablaosflamencos.com\/sara-baras-sevilla-2026-infinita-bienal.html\"><strong>Sara Baras in Sevilla 2026: <em>Infinita<\/em> en haar terugkeer naar de Bi\u00ebnnale<\/strong><\/a> voor meer informatie over de voorstelling.<\/p>\n<\/div><\/div><\/div><\/div><\/div><\/div><\/div><\/section><section class=\"l-section wpb_row height_huge color_alternate\"><div class=\"l-section-h i-cf\"><div class=\"g-cols vc_row via_flex valign_top type_default stacking_default\"><div class=\"vc_col-sm-6 wpb_column vc_column_container\"><div class=\"vc_column-inner\"><div class=\"wpb_wrapper\"><div class=\"wpb_text_column\"><div class=\"wpb_wrapper\"><h2 id=\"taquillas\">Verkoop aan de kassa en tickets op dezelfde dag<\/h2>\n<p>De organisatie maakt het mogelijk tickets te kopen <strong>\u00e9\u00e9n uur voor de voorstelling op de locatie zelf<\/strong>, zolang er nog plaatsen beschikbaar zijn. Deze lastminuteverkoop kan handig zijn voor voorstellingen met resterende beschikbaarheid of voor bezoekers die al in Sevilla zijn en flexibel kunnen plannen.<\/p>\n<p>De centrale kassa van de <strong>Real F\u00e1brica de Artiller\u00eda<\/strong> heeft volgens de gepubliceerde informatie doorgaans openingstijden van maandag tot en met vrijdag van <strong>10:00 tot 14:00 en van 17:00 tot 20:00<\/strong>, en is in het weekend en op feestdagen gesloten.<\/p>\n<p>Tijdens de Semana Santa, de Feria en in de zomer zijn de vermelde openingstijden van maandag tot en met vrijdag van <strong>9:00 tot 14:00<\/strong>. Controleer voordat je er speciaal naartoe gaat of deze openingstijden nog gelden.<\/p>\n<\/div><\/div><\/div><\/div><\/div><div class=\"vc_col-sm-6 wpb_column vc_column_container\"><div class=\"vc_column-inner\"><div class=\"wpb_wrapper\"><div class=\"wpb_text_column\"><div class=\"wpb_wrapper\"><h2>Is het verstandig om tot het laatste moment te wachten?<\/h2>\n<p>Dat hangt af van de voorstelling. De editie van 2026 gaat september in met meerdere voorstellingen die al als <strong>uitverkocht<\/strong>zijn gemeld. Locaties zoals San Luis de los Franceses en de Real F\u00e1brica de Artiller\u00eda hebben een kleinere capaciteit dan de grote theaters, waardoor bepaalde producties veel eerder kunnen uitverkopen.<\/p>\n<p>Als je een heel specifieke artistieke voorkeur hebt, is de veiligste strategie om te kopen zodra je beschikbaarheid vindt. Wil je vooral de Bi\u00ebnnale beleven zonder \u00e9\u00e9n absolute must-see, dan geeft lastminute kopen meer ruimte om vrijgekomen plaatsen of de Hora Joven te benutten.<\/p>\n<\/div><\/div><\/div><\/div><\/div><\/div><\/div><\/section><section class=\"l-section wpb_row height_huge\"><div class=\"l-section-h i-cf\"><div class=\"g-cols vc_row via_flex valign_top type_default stacking_default\"><div class=\"vc_col-sm-12 wpb_column vc_column_container\"><div class=\"vc_column-inner\"><div class=\"wpb_wrapper\"><div class=\"wpb_text_column\"><div class=\"wpb_wrapper\"><h2 id=\"agotadas\">Wat te doen als de voorstelling die je wilt zien uitverkocht is<\/h2>\n<p>Dat \u00e9\u00e9n voorstelling vol zit, betekent niet dat je Bi\u00ebnnale voorbij is. De editie van 2026 duurt bijna een maand en verdeelt het programma over tal van locaties, tijden en formats.<\/p>\n<p>Controleer als eerste de <strong>offici\u00eble pagina van de specifieke datum<\/strong>. Ga er niet van uit dat een productie volledig uitverkocht is alleen omdat een eerdere datum vol zat. Sommige projecten hebben twee of meer voorstellingen en de beschikbaarheid kan per datum verschillen.<\/p>\n<p>Als er echt geen tickets meer zijn, raden we onze gids aan: <a href=\"https:\/\/www.tablaosflamencos.com\/bienal-flamenco-2026-entradas-agotadas-que-ver.html\"><strong>Flamencobi\u00ebnnale 2026: uitverkochte tickets en wat je kunt zien als je geen plaatsen meer vindt<\/strong><\/a>. We hebben ook een specifieke gids gemaakt voor wie direct een alternatief zoekt: <a href=\"https:\/\/www.tablaosflamencos.com\/bienal-agotada-donde-ver-flamenco-hoy-sevilla.html\"><strong>Bi\u00ebnnale uitverkocht: waar je vandaag flamenco kunt zien in Sevilla<\/strong><\/a>.<\/p>\n<\/div><\/div><div class=\"w-separator size_medium\"><\/div><div class=\"w-hwrapper valign_top wrap stack_on_mobiles align_center\" style=\"--hwrapper-gap:1.2rem\"><div class=\"w-btn-wrapper align_none\"><a class=\"w-btn us-btn-style_1\" href=\"https:\/\/www.tablaosflamencos.com\/nl\/flamencobiennale-sevilla-2026-uitverkocht-alternatieven.html\"><span class=\"w-btn-label\">Wat te doen als er geen tickets meer zijn<\/span><\/a><\/div><div class=\"w-btn-wrapper align_none\"><a class=\"w-btn us-btn-style_1\" href=\"https:\/\/www.tablaosflamencos.com\/nl\/flamenco-in-sevilla\"><span class=\"w-btn-label\">Flamenco zien in Sevilla<\/span><\/a><\/div><\/div><\/div><\/div><\/div><\/div><\/div><\/section><section class=\"l-section wpb_row height_huge color_alternate\"><div class=\"l-section-h i-cf\"><div class=\"g-cols vc_row via_flex valign_top type_default stacking_default\"><div class=\"vc_col-sm-6 wpb_column vc_column_container\"><div class=\"vc_column-inner\"><div class=\"wpb_wrapper\"><div class=\"wpb_text_column\"><div class=\"wpb_wrapper\"><h2 id=\"gratis\">Zijn er gratis voorstellingen en activiteiten tijdens de Bi\u00ebnnale 2026?<\/h2>\n<p>Ja. De Bi\u00ebnnale bevestigt zelf dat de editie van 2026 <strong>gratis activiteiten<\/strong> omvat binnen het parallelprogramma. Zo kun je de festivalsfeer beleven zonder voor elke dag een ticket te kopen.<\/p>\n<p>Tentoonstellingen, culturele activiteiten, ontmoetingen en andere evenementen kunnen een betaalde voorstelling uitstekend aanvullen. Voor bezoekers die meerdere dagen in Sevilla verblijven, helpt de combinatie van voorstellingen van \u20ac25 of \u20ac30 met gratis activiteiten bovendien om het totale reisbudget onder controle te houden.<\/p>\n<p>Bekijk onze gids <a href=\"https:\/\/www.tablaosflamencos.com\/bienal-flamenco-sevilla-2026-gratis.html\"><strong>Flamencobi\u00ebnnale van Sevilla 2026 gratis: gratis voorstellingen en activiteiten<\/strong><\/a> om de mogelijkheden te bekijken die we hebben verzameld.<\/p>\n<\/div><\/div><\/div><\/div><\/div><div class=\"vc_col-sm-6 wpb_column vc_column_container\"><div class=\"vc_column-inner\"><div class=\"wpb_wrapper\"><div class=\"wpb_text_column\"><div class=\"wpb_wrapper\"><h2>Wat kan een dag tijdens de Bi\u00ebnnale kosten?<\/h2>\n<p>Een dag kan sterk verschillen afhankelijk van je plannen. Met een plaats van \u20ac15 of \u20ac20 in het Lope de Vega of Espacio Turina en een gratis activiteit kun je het festival met een beperkt budget beleven. Een ticket met een vaste prijs kost op veel locaties <strong>\u20ac30<\/strong>.<\/p>\n<p>Wil je op dezelfde dag twee betaalde voorstellingen combineren, dan ligt een gebruikelijk budget ongeveer tussen <strong>\u20ac50 en \u20ac70<\/strong>, afhankelijk van de locaties. Aan de bovenkant kost een premiumplaats voor Sara Baras \u20ac75, nog v\u00f3\u00f3r je een andere voorstelling van die dag toevoegt.<\/p>\n<p>Daarom raden we aan eerst \u00e9\u00e9n of twee voorstellingen te kiezen die echt prioriteit hebben en je programma daarna aan te vullen met voordeligere, gratis of andere flamenco-opties elders in Sevilla.<\/p>\n<\/div><\/div><\/div><\/div><\/div><\/div><\/div><\/section><section class=\"l-section wpb_row height_huge\"><div class=\"l-section-h i-cf\"><div class=\"g-cols vc_row via_flex valign_top type_default stacking_default\"><div class=\"vc_col-sm-12 wpb_column vc_column_container\"><div class=\"vc_column-inner\"><div class=\"wpb_wrapper\"><div class=\"wpb_text_column\"><div class=\"wpb_wrapper\"><h2 id=\"consejos\" style=\"text-align: center;\">Tips voor het kopen van tickets voor de Bi\u00ebnnale 2026<\/h2>\n<ul>\n<li><strong>Koop eerst tickets voor de voorstellingen die je echt niet wilt missen.<\/strong> Reis je voor een specifieke artiest, wacht dan niet tot de datum dichtbij komt.<\/li>\n<li><strong>Vergelijk zitplaatscategorie\u00ebn, niet alleen prijzen.<\/strong> In het Maestranza en Lope de Vega zijn er belangrijke verschillen tussen de zitplaatsen.<\/li>\n<li><strong>Controleer elke datum afzonderlijk.<\/strong> Een voorstelling kan op de ene dag uitverkocht zijn en op een andere datum nog tickets hebben.<\/li>\n<li><strong>Ben je jonger dan 30, overweeg dan de Hora Joven.<\/strong> De besparing van 50% is aanzienlijk, maar je moet het risico accepteren dat er geen tickets meer over zijn.<\/li>\n<li><strong>Reken niet meer op de vroegboekkortingen.<\/strong> De acties met 10% en 5% korting eindigden in maart en april.<\/li>\n<li><strong>Gebruik het offici\u00eble verkoopkanaal.<\/strong> Open de pagina van elke voorstelling vanuit het programma van de Bi\u00ebnnale.<\/li>\n<li><strong>Combineer betaalde en gratis activiteiten.<\/strong> Met het parallelprogramma kun je festivaldagen samenstellen voor heel verschillende budgetten.<\/li>\n<li><strong>Zorg voor een plan B.<\/strong> Sevilla biedt dagelijks flamenco, ook buiten het offici\u00eble programma van de Bi\u00ebnnale.<\/li>\n<\/ul>\n<\/div><\/div><\/div><\/div><\/div><\/div><\/div><\/section><section class=\"l-section wpb_row height_huge color_alternate\"><div class=\"l-section-h i-cf\"><div class=\"g-cols vc_row via_flex valign_top type_default stacking_default\"><div class=\"vc_col-sm-12 wpb_column vc_column_container\"><div class=\"vc_column-inner\"><div class=\"wpb_wrapper\"><div class=\"wpb_text_column\"><div class=\"wpb_wrapper\"><h2 style=\"text-align: center;\">Een Bi\u00ebnnale met zeer verschillende prijzen, afhankelijk van de ervaring<\/h2>\n<p style=\"text-align: center;\">De Bi\u00ebnnale 2026 maakt heel verschillende ervaringen mogelijk. In sommige categorie\u00ebn kun je voor \u20ac12 of \u20ac15 naar binnen, veel voorstellingen kosten \u20ac30 en grote producties in het Maestranza zijn duurder.<\/p>\n<p style=\"text-align: center;\">Op dit moment in de kalender draait het niet meer om wachten op een nieuwe vroegboekactie, maar om <strong>voorstellingen vergelijken, de beschikbaarheid volgen en de Hora Joven benutten als je aan de voorwaarden voldoet<\/strong>.<\/p>\n<p style=\"text-align: center;\">En als \u00e9\u00e9n voorstelling uitverkocht raakt, laat je hele bezoek dan niet afhangen van \u00e9\u00e9n ticket: de Bi\u00ebnnale vult de stad wekenlang en Sevilla biedt veel andere mogelijkheden om flamenco te blijven zien.<\/p>\n<\/div><\/div><div class=\"w-separator size_medium\"><\/div><div class=\"w-hwrapper valign_top wrap stack_on_mobiles align_center\" style=\"--hwrapper-gap:1.2rem\"><div class=\"w-btn-wrapper align_none\"><a class=\"w-btn us-btn-style_1\" href=\"https:\/\/www.tablaosflamencos.com\/nl\/flamencobiennale-sevilla\"><span class=\"w-btn-label\">Bekijk de landingspagina van de Bi\u00ebnnale<\/span><\/a><\/div><div class=\"w-btn-wrapper align_none\"><a class=\"w-btn us-btn-style_1\" href=\"https:\/\/www.tablaosflamencos.com\/nl\/flamencobiennale-sevilla-2026-gratis.html\"><span class=\"w-btn-label\">Gratis activiteiten van de Bi\u00ebnnale 2026<\/span><\/a><\/div><\/div><\/div><\/div><\/div><\/div><\/div><\/section><section class=\"l-section wpb_row height_huge with_shape\"><div class=\"l-section-shape type_zigzag pos_bottom\" style=\"height:3vmin;\"><svg xmlns=\"http:\/\/www.w3.org\/2000\/svg\" viewBox=\"0 0 64 8\" preserveAspectRatio=\"none\" width=\"100%\" height=\"100%\">\r\n\t<path fill=\"currentColor\" d=\"M64 8 L0 8 L0 0 L20 7.9 L40 3 L48 5 L64 0 Z\"\/>\r\n<\/svg><\/div><div class=\"l-section-h i-cf\"><div class=\"g-cols vc_row via_flex valign_top type_default stacking_default\"><div class=\"vc_col-sm-1\/5 wpb_column vc_column_container\"><div class=\"vc_column-inner\"><div class=\"wpb_wrapper\"><\/div><\/div><\/div><div class=\"vc_col-sm-3\/5 wpb_column vc_column_container\"><div class=\"vc_column-inner\"><div class=\"wpb_wrapper\"><div class=\"wpb_text_column\"><div class=\"wpb_wrapper\"><h2 id=\"faq-entradas\" style=\"text-align: center;\">Veelgestelde vragen over tickets, prijzen en kortingen van de Bi\u00ebnnale 2026<\/h2>\n<\/div><\/div><div class=\"w-separator size_medium\"><\/div><div class=\"w-tabs accordion toggle_style_1 has_scrolling\" style=\"--sections-title-size:inherit;--sections-gap:0.5rem;\"><div class=\"w-tabs-sections titles-align_none icon_chevron cpos_right\"><div class=\"w-tabs-section\" id=\"t507\"><button type=\"button\" class=\"w-tabs-section-header\" aria-controls=\"content-t507\" aria-expanded=\"false\"><div class=\"w-tabs-section-title\">Wat kosten tickets voor de Flamencobi\u00ebnnale van Sevilla 2026?<\/div><div class=\"w-tabs-section-control\"><\/div><\/button><div  class=\"w-tabs-section-content\" id=\"content-t507\"><div class=\"w-tabs-section-content-h i-cf\"><div class=\"wpb_text_column\"><div class=\"wpb_wrapper\"><p>De gepubliceerde prijzen liggen tussen <strong>\u20ac12 en \u20ac75<\/strong>. Het ticket van \u20ac12 geldt voor de zijdelingse bovenring van Teatro Lope de Vega en \u20ac75 voor parterreplaatsen bij <em>Infinita<\/em>, van Sara Baras, in Teatro de la Maestranza.<\/p>\n<\/div><\/div><\/div><\/div><\/div><div class=\"w-tabs-section\" id=\"o699\"><button type=\"button\" class=\"w-tabs-section-header\" aria-controls=\"content-o699\" aria-expanded=\"false\"><div class=\"w-tabs-section-title\">Waar koop je tickets voor de Bi\u00ebnnale 2026?<\/div><div class=\"w-tabs-section-control\"><\/div><\/button><div  class=\"w-tabs-section-content\" id=\"content-o699\"><div class=\"w-tabs-section-content-h i-cf\"><div class=\"wpb_text_column\"><div class=\"wpb_wrapper\"><p>Tickets koop je via de <strong>offici\u00eble pagina van elke voorstelling<\/strong> in het Algemene Programma van de Bi\u00ebnnale. Als er nog plaatsen beschikbaar zijn, toont de pagina de toegang tot het bijbehorende offici\u00eble verkoopkanaal.<\/p>\n<\/div><\/div><\/div><\/div><\/div><div class=\"w-tabs-section\" id=\"f7ed\"><button type=\"button\" class=\"w-tabs-section-header\" aria-controls=\"content-f7ed\" aria-expanded=\"false\"><div class=\"w-tabs-section-title\">Is de vroegboekkorting van 10% nog beschikbaar?<\/div><div class=\"w-tabs-section-control\"><\/div><\/button><div  class=\"w-tabs-section-content\" id=\"content-f7ed\"><div class=\"w-tabs-section-content-h i-cf\"><div class=\"wpb_text_column\"><div class=\"wpb_wrapper\"><p>Nee. De korting van 10% gold van 11 februari tot en met 10 maart 2026. Daarna gold een korting van 5% van 11 maart tot en met 11 april. Beide periodes zijn inmiddels afgelopen.<\/p>\n<\/div><\/div><\/div><\/div><\/div><div class=\"w-tabs-section\" id=\"n94c\"><button type=\"button\" class=\"w-tabs-section-header\" aria-controls=\"content-n94c\" aria-expanded=\"false\"><div class=\"w-tabs-section-title\">Wat is de Hora Joven van de Bi\u00ebnnale?<\/div><div class=\"w-tabs-section-control\"><\/div><\/button><div  class=\"w-tabs-section-content\" id=\"content-n94c\"><div class=\"w-tabs-section-content-h i-cf\"><div class=\"wpb_text_column\"><div class=\"wpb_wrapper\"><p>Het is een <strong>korting van 50%<\/strong> voor jongeren onder 30 die \u00e9\u00e9n uur voor de voorstelling aan de kassa kopen, zolang er nog plaatsen beschikbaar zijn.<\/p>\n<\/div><\/div><\/div><\/div><\/div><div class=\"w-tabs-section\" id=\"rac9\"><button type=\"button\" class=\"w-tabs-section-header\" aria-controls=\"content-rac9\" aria-expanded=\"false\"><div class=\"w-tabs-section-title\">Kan ik op de dag van de voorstelling zelf nog een ticket kopen?<\/div><div class=\"w-tabs-section-control\"><\/div><\/button><div  class=\"w-tabs-section-content\" id=\"content-rac9\"><div class=\"w-tabs-section-content-h i-cf\"><div class=\"wpb_text_column\"><div class=\"wpb_wrapper\"><p>Ja. De Bi\u00ebnnale geeft aan dat tickets \u00e9\u00e9n uur vooraf kunnen worden gekocht op de locatie waar de voorstelling plaatsvindt, <strong>zolang er nog tickets beschikbaar zijn<\/strong>.<\/p>\n<\/div><\/div><\/div><\/div><\/div><div class=\"w-tabs-section\" id=\"ac32\"><button type=\"button\" class=\"w-tabs-section-header\" aria-controls=\"content-ac32\" aria-expanded=\"false\"><div class=\"w-tabs-section-title\">Wat kosten tickets voor Sara Baras?<\/div><div class=\"w-tabs-section-control\"><\/div><\/button><div  class=\"w-tabs-section-content\" id=\"content-ac32\"><div class=\"w-tabs-section-content-h i-cf\"><div class=\"wpb_text_column\"><div class=\"wpb_wrapper\"><p>Voor <em>Infinita<\/em>, van Sara Baras, lopen de gepubliceerde prijzen in Teatro de la Maestranza van <strong>\u20ac42 tot \u20ac75<\/strong>, afhankelijk van de zitplaatscategorie.<\/p>\n<\/div><\/div><\/div><\/div><\/div><div class=\"w-tabs-section\" id=\"qdd2\"><button type=\"button\" class=\"w-tabs-section-header\" aria-controls=\"content-qdd2\" aria-expanded=\"false\"><div class=\"w-tabs-section-title\">Zijn er tickets voor de Bi\u00ebnnale van \u20ac30?<\/div><div class=\"w-tabs-section-control\"><\/div><\/button><div  class=\"w-tabs-section-content\" id=\"content-qdd2\"><div class=\"w-tabs-section-content-h i-cf\"><div class=\"wpb_text_column\"><div class=\"wpb_wrapper\"><p>Ja. Teatro Central, de Kerk van San Luis, Teatro Alameda, Real F\u00e1brica de Artiller\u00eda, Real Alc\u00e1zar en Hotel Triana staan vermeld met een <strong>gepubliceerde prijs van \u20ac30<\/strong> voor hun voorstellingen tijdens de Bi\u00ebnnale.<\/p>\n<\/div><\/div><\/div><\/div><\/div><div class=\"w-tabs-section\" id=\"pf27\"><button type=\"button\" class=\"w-tabs-section-header\" aria-controls=\"content-pf27\" aria-expanded=\"false\"><div class=\"w-tabs-section-title\">Zijn er gratis activiteiten tijdens de Bi\u00ebnnale 2026?<\/div><div class=\"w-tabs-section-control\"><\/div><\/button><div  class=\"w-tabs-section-content\" id=\"content-pf27\"><div class=\"w-tabs-section-content-h i-cf\"><div class=\"wpb_text_column\"><div class=\"wpb_wrapper\"><p>Ja. De Bi\u00ebnnale omvat gratis activiteiten in het parallelprogramma. Controleer de actuele programmering voor beschikbaarheid en data.<\/p>\n<\/div><\/div><\/div><\/div><\/div><div class=\"w-tabs-section\" id=\"l0a4\"><button type=\"button\" class=\"w-tabs-section-header\" aria-controls=\"content-l0a4\" aria-expanded=\"false\"><div class=\"w-tabs-section-title\">Wat moet ik doen als de tickets die ik wil uitverkocht zijn?<\/div><div class=\"w-tabs-section-control\"><\/div><\/button><div  class=\"w-tabs-section-content\" id=\"content-l0a4\"><div class=\"w-tabs-section-content-h i-cf\"><div class=\"wpb_text_column\"><div class=\"wpb_wrapper\"><p>Controleer eerst andere data van dezelfde voorstelling. Als daar geen beschikbaarheid is, zoek dan naar andere voorstellingen van de Bi\u00ebnnale, gratis activiteiten of flamencoshows in Sevilla. Bij Tablaos Flamencos houden we speciale gidsen bij met alternatieven voor uitverkochte voorstellingen.<\/p>\n<\/div><\/div><\/div><\/div><\/div><div class=\"w-tabs-section\" id=\"a200\"><button type=\"button\" class=\"w-tabs-section-header\" aria-controls=\"content-a200\" aria-expanded=\"false\"><div class=\"w-tabs-section-title\">Kan ik de gebruikelijke theaterkortingen toepassen op tickets voor de Bi\u00ebnnale?<\/div><div class=\"w-tabs-section-control\"><\/div><\/button><div  class=\"w-tabs-section-content\" id=\"content-a200\"><div class=\"w-tabs-section-content-h i-cf\"><div class=\"wpb_text_column\"><div class=\"wpb_wrapper\"><p>Ga daar niet automatisch van uit. De specifieke verkoopinformatie van de Bi\u00ebnnale vermeldt eigen voorwaarden en kortingen. Controleer v\u00f3\u00f3r de aankoop altijd de voorwaarden van de betreffende voorstelling of neem contact op met de kassa.<\/p>\n<\/div><\/div><\/div><\/div><\/div><\/div><\/div><\/div><\/div><\/div><div class=\"vc_col-sm-1\/5 wpb_column vc_column_container\"><div class=\"vc_column-inner\"><div class=\"wpb_wrapper\"><\/div><\/div><\/div><\/div><\/div><\/section>\n","protected":false},"excerpt":{"rendered":"<p>Actuele gids voor tickets voor de Flamencobi\u00ebnnale van Sevilla 2026: prijzen per locatie, kortingen, Hora Joven, kassa\u2019s en wat te doen als een voorstelling is uitverkocht.<\/p>\n","protected":false},"author":1,"featured_media":13857,"comment_status":"closed","ping_status":"closed","sticky":false,"template":"","format":"standard","meta":{"_acf_changed":false,"wpai_generated_summary":"","_ayudawp_aiss_exclude":false,"_ayudawp_aiss_exclude_summary":false,"_ayudawp_aiss_summary":"","_ayudawp_aiss_summary_provider":"","_ayudawp_aiss_summary_hash":"","footnotes":""},"categories":[1432],"tags":[1227,1228,1229,1230,1133,1836,423],"class_list":["post-13925","post","type-post","status-publish","format-standard","has-post-thumbnail","hentry","category-flamencobiennale","tag-agenda-flamenca","tag-bienal-2026","tag-bienal-de-flamenco","tag-festivales-flamencos","tag-flamenco-en-sevilla","tag-flamencotickets","tag-sevilla"],"acf":[],"yoast_head":"<!-- This site is optimized with the Yoast SEO Premium plugin v28.4 (Yoast SEO v28.4) - https:\/\/yoast.com\/product\/yoast-seo-premium-wordpress\/ -->\n<title>Tickets Flamencobi\u00ebnnale Sevilla 2026: prijzen en kortingen<\/title>\n<meta name=\"description\" content=\"Prijzen en kortingen voor de Flamencobi\u00ebnnale Sevilla 2026: tickets vanaf \u20ac12, 50% Hora Joven, kassa\u2019s, online aankoop en prijzen per locatie.\" \/>\n<meta name=\"robots\" content=\"index, follow, max-snippet:-1, max-image-preview:large, max-video-preview:-1\" \/>\n<link rel=\"canonical\" href=\"https:\/\/www.tablaosflamencos.com\/nl\/flamencobiennale-sevilla-2026-tickets-prijzen-kortingen.html\" \/>\n<meta property=\"og:locale\" content=\"nl_NL\" \/>\n<meta property=\"og:type\" content=\"article\" \/>\n<meta property=\"og:title\" content=\"Flamencobi\u00ebnnale Sevilla 2026: tickets, prijzen en kortingen\" \/>\n<meta property=\"og:description\" content=\"Prijzen en kortingen voor de Flamencobi\u00ebnnale Sevilla 2026: tickets vanaf \u20ac12, 50% Hora Joven, kassa\u2019s, online aankoop en prijzen per locatie.\" \/>\n<meta property=\"og:url\" content=\"https:\/\/www.tablaosflamencos.com\/nl\/flamencobiennale-sevilla-2026-tickets-prijzen-kortingen.html\" \/>\n<meta property=\"og:site_name\" content=\"Tablaos Flamencos\" \/>\n<meta property=\"article:publisher\" content=\"https:\/\/www.facebook.com\/tablaosflamencos\" \/>\n<meta property=\"article:published_time\" content=\"2026-09-01T21:35:30+00:00\" \/>\n<meta property=\"article:modified_time\" content=\"2026-09-01T22:44:46+00:00\" \/>\n<meta property=\"og:image\" content=\"https:\/\/www.tablaosflamencos.com\/wp-content\/uploads\/bienal-de-flamenco-2026-entradas-precios-y-descuentos-01.webp\" \/>\n\t<meta property=\"og:image:width\" content=\"1672\" \/>\n\t<meta property=\"og:image:height\" content=\"941\" \/>\n\t<meta property=\"og:image:type\" content=\"image\/webp\" \/>\n<meta name=\"author\" content=\"Miguel Ortiz\" \/>\n<meta name=\"twitter:card\" content=\"summary_large_image\" \/>\n<meta name=\"twitter:creator\" content=\"@tablaosflamenco\" \/>\n<meta name=\"twitter:site\" content=\"@tablaosflamenco\" \/>\n<meta name=\"twitter:label1\" content=\"Geschreven door\" \/>\n\t<meta name=\"twitter:data1\" content=\"Miguel Ortiz\" \/>\n\t<meta name=\"twitter:label2\" content=\"Geschatte leestijd\" \/>\n\t<meta name=\"twitter:data2\" content=\"15 minuten\" \/>\n<script type=\"application\/ld+json\" class=\"yoast-schema-graph\">{\"@context\":\"https:\\\/\\\/schema.org\",\"@graph\":[{\"@type\":\"Article\",\"@id\":\"https:\\\/\\\/www.tablaosflamencos.com\\\/nl\\\/flamencobiennale-sevilla-2026-tickets-prijzen-kortingen.html#article\",\"isPartOf\":{\"@id\":\"https:\\\/\\\/www.tablaosflamencos.com\\\/nl\\\/flamencobiennale-sevilla-2026-tickets-prijzen-kortingen.html\"},\"author\":{\"name\":\"Miguel Ortiz\",\"@id\":\"https:\\\/\\\/www.tablaosflamencos.com\\\/nl#\\\/schema\\\/person\\\/e7a9ebe14eb75a52ceabfbffb3c54f5d\"},\"headline\":\"Flamencobi\u00ebnnale Sevilla 2026: tickets, prijzen en kortingen\",\"datePublished\":\"2026-09-01T21:35:30+00:00\",\"dateModified\":\"2026-09-01T22:44:46+00:00\",\"mainEntityOfPage\":{\"@id\":\"https:\\\/\\\/www.tablaosflamencos.com\\\/nl\\\/flamencobiennale-sevilla-2026-tickets-prijzen-kortingen.html\"},\"wordCount\":3087,\"publisher\":{\"@id\":\"https:\\\/\\\/www.tablaosflamencos.com\\\/nl#organization\"},\"image\":{\"@id\":\"https:\\\/\\\/www.tablaosflamencos.com\\\/nl\\\/flamencobiennale-sevilla-2026-tickets-prijzen-kortingen.html#primaryimage\"},\"thumbnailUrl\":\"https:\\\/\\\/www.tablaosflamencos.com\\\/wp-content\\\/uploads\\\/bienal-de-flamenco-2026-entradas-precios-y-descuentos-01.webp\",\"keywords\":[\"agenda flamenca\",\"Bienal 2026\",\"Bienal de Flamenco\",\"festivales flamencos\",\"flamenco en Sevilla\",\"Flamencotickets\",\"sevilla\"],\"articleSection\":[\"Flamencobi\u00ebnnale\"],\"inLanguage\":\"nl-NL\"},{\"@type\":\"WebPage\",\"@id\":\"https:\\\/\\\/www.tablaosflamencos.com\\\/nl\\\/flamencobiennale-sevilla-2026-tickets-prijzen-kortingen.html\",\"url\":\"https:\\\/\\\/www.tablaosflamencos.com\\\/nl\\\/flamencobiennale-sevilla-2026-tickets-prijzen-kortingen.html\",\"name\":\"Tickets Flamencobi\u00ebnnale Sevilla 2026: prijzen en kortingen\",\"isPartOf\":{\"@id\":\"https:\\\/\\\/www.tablaosflamencos.com\\\/nl#website\"},\"primaryImageOfPage\":{\"@id\":\"https:\\\/\\\/www.tablaosflamencos.com\\\/nl\\\/flamencobiennale-sevilla-2026-tickets-prijzen-kortingen.html#primaryimage\"},\"image\":{\"@id\":\"https:\\\/\\\/www.tablaosflamencos.com\\\/nl\\\/flamencobiennale-sevilla-2026-tickets-prijzen-kortingen.html#primaryimage\"},\"thumbnailUrl\":\"https:\\\/\\\/www.tablaosflamencos.com\\\/wp-content\\\/uploads\\\/bienal-de-flamenco-2026-entradas-precios-y-descuentos-01.webp\",\"datePublished\":\"2026-09-01T21:35:30+00:00\",\"dateModified\":\"2026-09-01T22:44:46+00:00\",\"description\":\"Prijzen en kortingen voor de Flamencobi\u00ebnnale Sevilla 2026: tickets vanaf \u20ac12, 50% Hora Joven, kassa\u2019s, online aankoop en prijzen per locatie.\",\"breadcrumb\":{\"@id\":\"https:\\\/\\\/www.tablaosflamencos.com\\\/nl\\\/flamencobiennale-sevilla-2026-tickets-prijzen-kortingen.html#breadcrumb\"},\"inLanguage\":\"nl-NL\",\"potentialAction\":[{\"@type\":\"ReadAction\",\"target\":[\"https:\\\/\\\/www.tablaosflamencos.com\\\/nl\\\/flamencobiennale-sevilla-2026-tickets-prijzen-kortingen.html\"]}]},{\"@type\":\"ImageObject\",\"inLanguage\":\"nl-NL\",\"@id\":\"https:\\\/\\\/www.tablaosflamencos.com\\\/nl\\\/flamencobiennale-sevilla-2026-tickets-prijzen-kortingen.html#primaryimage\",\"url\":\"https:\\\/\\\/www.tablaosflamencos.com\\\/wp-content\\\/uploads\\\/bienal-de-flamenco-2026-entradas-precios-y-descuentos-01.webp\",\"contentUrl\":\"https:\\\/\\\/www.tablaosflamencos.com\\\/wp-content\\\/uploads\\\/bienal-de-flamenco-2026-entradas-precios-y-descuentos-01.webp\",\"width\":1672,\"height\":941,\"caption\":\"Bienal de Flamenco 2026: entradas, precios y descuentos\"},{\"@type\":\"BreadcrumbList\",\"@id\":\"https:\\\/\\\/www.tablaosflamencos.com\\\/nl\\\/flamencobiennale-sevilla-2026-tickets-prijzen-kortingen.html#breadcrumb\",\"itemListElement\":[{\"@type\":\"ListItem\",\"position\":1,\"name\":\"Home\",\"item\":\"https:\\\/\\\/www.tablaosflamencos.com\\\/nl\"},{\"@type\":\"ListItem\",\"position\":2,\"name\":\"Flamencobi\u00ebnnale Sevilla 2026: tickets, prijzen en kortingen\"}]},{\"@type\":\"WebSite\",\"@id\":\"https:\\\/\\\/www.tablaosflamencos.com\\\/nl#website\",\"url\":\"https:\\\/\\\/www.tablaosflamencos.com\\\/nl\",\"name\":\"Tablaos Flamencos\",\"description\":\"Entradas para tablaos flamencos de Espa\u00f1a\",\"publisher\":{\"@id\":\"https:\\\/\\\/www.tablaosflamencos.com\\\/nl#organization\"},\"alternateName\":\"Tablaos Flamencos\",\"potentialAction\":[{\"@type\":\"SearchAction\",\"target\":{\"@type\":\"EntryPoint\",\"urlTemplate\":\"https:\\\/\\\/www.tablaosflamencos.com\\\/nl?s={search_term_string}\"},\"query-input\":{\"@type\":\"PropertyValueSpecification\",\"valueRequired\":true,\"valueName\":\"search_term_string\"}}],\"inLanguage\":\"nl-NL\"},{\"@type\":[\"Organization\",\"Place\",\"EntertainmentBusiness\"],\"@id\":\"https:\\\/\\\/www.tablaosflamencos.com\\\/nl#organization\",\"name\":\"Tablaos Flamencos\",\"alternateName\":\"Tablaos Flamencos\",\"url\":\"https:\\\/\\\/www.tablaosflamencos.com\\\/nl\",\"logo\":{\"@id\":\"https:\\\/\\\/www.tablaosflamencos.com\\\/nl\\\/flamencobiennale-sevilla-2026-tickets-prijzen-kortingen.html#local-main-organization-logo\"},\"image\":{\"@id\":\"https:\\\/\\\/www.tablaosflamencos.com\\\/nl\\\/flamencobiennale-sevilla-2026-tickets-prijzen-kortingen.html#local-main-organization-logo\"},\"sameAs\":[\"https:\\\/\\\/www.facebook.com\\\/tablaosflamencos\",\"https:\\\/\\\/x.com\\\/tablaosflamenco\",\"https:\\\/\\\/mastodon.social\\\/@tablaosflamencos\",\"https:\\\/\\\/www.instagram.com\\\/tablaosflamencos\",\"https:\\\/\\\/tiktok.com\\\/@tablaosflamencos\",\"https:\\\/\\\/www.linkedin.com\\\/company\\\/109408238\\\/\"],\"description\":\"Venta de entradas para espect\u00e1culos flamencos\",\"legalName\":\"Tablaos Flamencos\",\"foundingDate\":\"2015-01-01\",\"numberOfEmployees\":{\"@type\":\"QuantitativeValue\",\"minValue\":\"1\",\"maxValue\":\"10\"},\"address\":{\"@id\":\"https:\\\/\\\/www.tablaosflamencos.com\\\/nl\\\/flamencobiennale-sevilla-2026-tickets-prijzen-kortingen.html#local-main-place-address\"},\"geo\":{\"@type\":\"GeoCoordinates\",\"latitude\":\"37.3868072\",\"longitude\":\"-5.993280299999999\"},\"telephone\":[\"+34623787787\"],\"contactPoint\":{\"@type\":\"ContactPoint\",\"telephone\":\"+34623787787\",\"email\":\"info@tablaosflamencos.com\"},\"openingHoursSpecification\":{\"@type\":\"OpeningHoursSpecification\",\"dayOfWeek\":[\"Monday\",\"Tuesday\",\"Wednesday\",\"Thursday\",\"Friday\",\"Saturday\",\"Sunday\"],\"opens\":\"00:00\",\"closes\":\"23:59\"},\"email\":\"info@tablaosflamencos.com\",\"priceRange\":\"$$$\",\"currenciesAccepted\":\"\u20ac\"},{\"@type\":\"Person\",\"@id\":\"https:\\\/\\\/www.tablaosflamencos.com\\\/nl#\\\/schema\\\/person\\\/e7a9ebe14eb75a52ceabfbffb3c54f5d\",\"name\":\"Miguel Ortiz\",\"description\":\"Miguel Ortiz es un empresario flamenco, con una s\u00f3lida trayectoria dentro del sector. Ha presidido entidades culturales vinculadas al flamenco y, cuenta con un amplio recorrido profesional en la gesti\u00f3n y promoci\u00f3n de espect\u00e1culos y tablaos flamencos. Su pasi\u00f3n por la historia y el arte flamenco se refleja en cada art\u00edculo, donde combina experiencia, criterio y un profundo respeto por la tradici\u00f3n.\",\"sameAs\":[\"https:\\\/\\\/www.tablaosflamencos.com\",\"https:\\\/\\\/www.instagra.com\\\/miguelortizfe\",\"https:\\\/\\\/www.linkedin.com\\\/in\\\/miguelortizf\\\/\"],\"birthDate\":\"1984-11-22\",\"gender\":\"hombre\",\"knowsLanguage\":[\"espa\u00f1ol\",\"ingl\u00e9s\"],\"jobTitle\":\"Empresario flamenco\"},{\"@type\":\"PostalAddress\",\"@id\":\"https:\\\/\\\/www.tablaosflamencos.com\\\/nl\\\/flamencobiennale-sevilla-2026-tickets-prijzen-kortingen.html#local-main-place-address\",\"streetAddress\":\"C\\\/ Alemanes, 19\",\"addressLocality\":\"Sevilla\",\"postalCode\":\"41004\",\"addressRegion\":\"Sevilla\",\"addressCountry\":\"ES\"},{\"@type\":\"ImageObject\",\"inLanguage\":\"nl-NL\",\"@id\":\"https:\\\/\\\/www.tablaosflamencos.com\\\/nl\\\/flamencobiennale-sevilla-2026-tickets-prijzen-kortingen.html#local-main-organization-logo\",\"url\":\"https:\\\/\\\/www.tablaosflamencos.com\\\/wp-content\\\/uploads\\\/tablaos-flamencos-06-3.webp\",\"contentUrl\":\"https:\\\/\\\/www.tablaosflamencos.com\\\/wp-content\\\/uploads\\\/tablaos-flamencos-06-3.webp\",\"width\":600,\"height\":620,\"caption\":\"Tablaos Flamencos\"}]}<\/script>\n<meta name=\"geo.placename\" content=\"Sevilla\" \/>\n<meta name=\"geo.position\" content=\"37.3868072;-5.993280299999999\" \/>\n<meta name=\"geo.region\" content=\"Spanje\" \/>\n<!-- \/ Yoast SEO Premium plugin. -->","yoast_head_json":{"title":"Tickets Flamencobi\u00ebnnale Sevilla 2026: prijzen en kortingen","description":"Prijzen en kortingen voor de Flamencobi\u00ebnnale Sevilla 2026: tickets vanaf \u20ac12, 50% Hora Joven, kassa\u2019s, online aankoop en prijzen per locatie.","robots":{"index":"index","follow":"follow","max-snippet":"max-snippet:-1","max-image-preview":"max-image-preview:large","max-video-preview":"max-video-preview:-1"},"canonical":"https:\/\/www.tablaosflamencos.com\/nl\/flamencobiennale-sevilla-2026-tickets-prijzen-kortingen.html","og_locale":"nl_NL","og_type":"article","og_title":"Flamencobi\u00ebnnale Sevilla 2026: tickets, prijzen en kortingen","og_description":"Prijzen en kortingen voor de Flamencobi\u00ebnnale Sevilla 2026: tickets vanaf \u20ac12, 50% Hora Joven, kassa\u2019s, online aankoop en prijzen per locatie.","og_url":"https:\/\/www.tablaosflamencos.com\/nl\/flamencobiennale-sevilla-2026-tickets-prijzen-kortingen.html","og_site_name":"Tablaos Flamencos","article_publisher":"https:\/\/www.facebook.com\/tablaosflamencos","article_published_time":"2026-09-01T21:35:30+00:00","article_modified_time":"2026-09-01T22:44:46+00:00","og_image":[{"width":1672,"height":941,"url":"https:\/\/www.tablaosflamencos.com\/wp-content\/uploads\/bienal-de-flamenco-2026-entradas-precios-y-descuentos-01.webp","type":"image\/webp"}],"author":"Miguel Ortiz","twitter_card":"summary_large_image","twitter_creator":"@tablaosflamenco","twitter_site":"@tablaosflamenco","twitter_misc":{"Geschreven door":"Miguel Ortiz","Geschatte leestijd":"15 minuten"},"schema":{"@context":"https:\/\/schema.org","@graph":[{"@type":"Article","@id":"https:\/\/www.tablaosflamencos.com\/nl\/flamencobiennale-sevilla-2026-tickets-prijzen-kortingen.html#article","isPartOf":{"@id":"https:\/\/www.tablaosflamencos.com\/nl\/flamencobiennale-sevilla-2026-tickets-prijzen-kortingen.html"},"author":{"name":"Miguel Ortiz","@id":"https:\/\/www.tablaosflamencos.com\/nl#\/schema\/person\/e7a9ebe14eb75a52ceabfbffb3c54f5d"},"headline":"Flamencobi\u00ebnnale Sevilla 2026: tickets, prijzen en kortingen","datePublished":"2026-09-01T21:35:30+00:00","dateModified":"2026-09-01T22:44:46+00:00","mainEntityOfPage":{"@id":"https:\/\/www.tablaosflamencos.com\/nl\/flamencobiennale-sevilla-2026-tickets-prijzen-kortingen.html"},"wordCount":3087,"publisher":{"@id":"https:\/\/www.tablaosflamencos.com\/nl#organization"},"image":{"@id":"https:\/\/www.tablaosflamencos.com\/nl\/flamencobiennale-sevilla-2026-tickets-prijzen-kortingen.html#primaryimage"},"thumbnailUrl":"https:\/\/www.tablaosflamencos.com\/wp-content\/uploads\/bienal-de-flamenco-2026-entradas-precios-y-descuentos-01.webp","keywords":["agenda flamenca","Bienal 2026","Bienal de Flamenco","festivales flamencos","flamenco en Sevilla","Flamencotickets","sevilla"],"articleSection":["Flamencobi\u00ebnnale"],"inLanguage":"nl-NL"},{"@type":"WebPage","@id":"https:\/\/www.tablaosflamencos.com\/nl\/flamencobiennale-sevilla-2026-tickets-prijzen-kortingen.html","url":"https:\/\/www.tablaosflamencos.com\/nl\/flamencobiennale-sevilla-2026-tickets-prijzen-kortingen.html","name":"Tickets Flamencobi\u00ebnnale Sevilla 2026: prijzen en kortingen","isPartOf":{"@id":"https:\/\/www.tablaosflamencos.com\/nl#website"},"primaryImageOfPage":{"@id":"https:\/\/www.tablaosflamencos.com\/nl\/flamencobiennale-sevilla-2026-tickets-prijzen-kortingen.html#primaryimage"},"image":{"@id":"https:\/\/www.tablaosflamencos.com\/nl\/flamencobiennale-sevilla-2026-tickets-prijzen-kortingen.html#primaryimage"},"thumbnailUrl":"https:\/\/www.tablaosflamencos.com\/wp-content\/uploads\/bienal-de-flamenco-2026-entradas-precios-y-descuentos-01.webp","datePublished":"2026-09-01T21:35:30+00:00","dateModified":"2026-09-01T22:44:46+00:00","description":"Prijzen en kortingen voor de Flamencobi\u00ebnnale Sevilla 2026: tickets vanaf \u20ac12, 50% Hora Joven, kassa\u2019s, online aankoop en prijzen per locatie.","breadcrumb":{"@id":"https:\/\/www.tablaosflamencos.com\/nl\/flamencobiennale-sevilla-2026-tickets-prijzen-kortingen.html#breadcrumb"},"inLanguage":"nl-NL","potentialAction":[{"@type":"ReadAction","target":["https:\/\/www.tablaosflamencos.com\/nl\/flamencobiennale-sevilla-2026-tickets-prijzen-kortingen.html"]}]},{"@type":"ImageObject","inLanguage":"nl-NL","@id":"https:\/\/www.tablaosflamencos.com\/nl\/flamencobiennale-sevilla-2026-tickets-prijzen-kortingen.html#primaryimage","url":"https:\/\/www.tablaosflamencos.com\/wp-content\/uploads\/bienal-de-flamenco-2026-entradas-precios-y-descuentos-01.webp","contentUrl":"https:\/\/www.tablaosflamencos.com\/wp-content\/uploads\/bienal-de-flamenco-2026-entradas-precios-y-descuentos-01.webp","width":1672,"height":941,"caption":"Bienal de Flamenco 2026: entradas, precios y descuentos"},{"@type":"BreadcrumbList","@id":"https:\/\/www.tablaosflamencos.com\/nl\/flamencobiennale-sevilla-2026-tickets-prijzen-kortingen.html#breadcrumb","itemListElement":[{"@type":"ListItem","position":1,"name":"Home","item":"https:\/\/www.tablaosflamencos.com\/nl"},{"@type":"ListItem","position":2,"name":"Flamencobi\u00ebnnale Sevilla 2026: tickets, prijzen en kortingen"}]},{"@type":"WebSite","@id":"https:\/\/www.tablaosflamencos.com\/nl#website","url":"https:\/\/www.tablaosflamencos.com\/nl","name":"Tablaos Flamencos","description":"Entradas para tablaos flamencos de Espa\u00f1a","publisher":{"@id":"https:\/\/www.tablaosflamencos.com\/nl#organization"},"alternateName":"Tablaos Flamencos","potentialAction":[{"@type":"SearchAction","target":{"@type":"EntryPoint","urlTemplate":"https:\/\/www.tablaosflamencos.com\/nl?s={search_term_string}"},"query-input":{"@type":"PropertyValueSpecification","valueRequired":true,"valueName":"search_term_string"}}],"inLanguage":"nl-NL"},{"@type":["Organization","Place","EntertainmentBusiness"],"@id":"https:\/\/www.tablaosflamencos.com\/nl#organization","name":"Tablaos Flamencos","alternateName":"Tablaos Flamencos","url":"https:\/\/www.tablaosflamencos.com\/nl","logo":{"@id":"https:\/\/www.tablaosflamencos.com\/nl\/flamencobiennale-sevilla-2026-tickets-prijzen-kortingen.html#local-main-organization-logo"},"image":{"@id":"https:\/\/www.tablaosflamencos.com\/nl\/flamencobiennale-sevilla-2026-tickets-prijzen-kortingen.html#local-main-organization-logo"},"sameAs":["https:\/\/www.facebook.com\/tablaosflamencos","https:\/\/x.com\/tablaosflamenco","https:\/\/mastodon.social\/@tablaosflamencos","https:\/\/www.instagram.com\/tablaosflamencos","https:\/\/tiktok.com\/@tablaosflamencos","https:\/\/www.linkedin.com\/company\/109408238\/"],"description":"Venta de entradas para espect\u00e1culos flamencos","legalName":"Tablaos Flamencos","foundingDate":"2015-01-01","numberOfEmployees":{"@type":"QuantitativeValue","minValue":"1","maxValue":"10"},"address":{"@id":"https:\/\/www.tablaosflamencos.com\/nl\/flamencobiennale-sevilla-2026-tickets-prijzen-kortingen.html#local-main-place-address"},"geo":{"@type":"GeoCoordinates","latitude":"37.3868072","longitude":"-5.993280299999999"},"telephone":["+34623787787"],"contactPoint":{"@type":"ContactPoint","telephone":"+34623787787","email":"info@tablaosflamencos.com"},"openingHoursSpecification":{"@type":"OpeningHoursSpecification","dayOfWeek":["Monday","Tuesday","Wednesday","Thursday","Friday","Saturday","Sunday"],"opens":"00:00","closes":"23:59"},"email":"info@tablaosflamencos.com","priceRange":"$$$","currenciesAccepted":"\u20ac"},{"@type":"Person","@id":"https:\/\/www.tablaosflamencos.com\/nl#\/schema\/person\/e7a9ebe14eb75a52ceabfbffb3c54f5d","name":"Miguel Ortiz","description":"Miguel Ortiz es un empresario flamenco, con una s\u00f3lida trayectoria dentro del sector. Ha presidido entidades culturales vinculadas al flamenco y, cuenta con un amplio recorrido profesional en la gesti\u00f3n y promoci\u00f3n de espect\u00e1culos y tablaos flamencos. Su pasi\u00f3n por la historia y el arte flamenco se refleja en cada art\u00edculo, donde combina experiencia, criterio y un profundo respeto por la tradici\u00f3n.","sameAs":["https:\/\/www.tablaosflamencos.com","https:\/\/www.instagra.com\/miguelortizfe","https:\/\/www.linkedin.com\/in\/miguelortizf\/"],"birthDate":"1984-11-22","gender":"hombre","knowsLanguage":["espa\u00f1ol","ingl\u00e9s"],"jobTitle":"Empresario flamenco"},{"@type":"PostalAddress","@id":"https:\/\/www.tablaosflamencos.com\/nl\/flamencobiennale-sevilla-2026-tickets-prijzen-kortingen.html#local-main-place-address","streetAddress":"C\/ Alemanes, 19","addressLocality":"Sevilla","postalCode":"41004","addressRegion":"Sevilla","addressCountry":"ES"},{"@type":"ImageObject","inLanguage":"nl-NL","@id":"https:\/\/www.tablaosflamencos.com\/nl\/flamencobiennale-sevilla-2026-tickets-prijzen-kortingen.html#local-main-organization-logo","url":"https:\/\/www.tablaosflamencos.com\/wp-content\/uploads\/tablaos-flamencos-06-3.webp","contentUrl":"https:\/\/www.tablaosflamencos.com\/wp-content\/uploads\/tablaos-flamencos-06-3.webp","width":600,"height":620,"caption":"Tablaos Flamencos"}]},"geo.placename":"Sevilla","geo.position":{"lat":"37.3868072","long":"-5.993280299999999"},"geo.region":"Spanje"},"_links":{"self":[{"href":"https:\/\/www.tablaosflamencos.com\/nl\/wp-json\/wp\/v2\/posts\/13925","targetHints":{"allow":["GET"]}}],"collection":[{"href":"https:\/\/www.tablaosflamencos.com\/nl\/wp-json\/wp\/v2\/posts"}],"about":[{"href":"https:\/\/www.tablaosflamencos.com\/nl\/wp-json\/wp\/v2\/types\/post"}],"author":[{"embeddable":true,"href":"https:\/\/www.tablaosflamencos.com\/nl\/wp-json\/wp\/v2\/users\/1"}],"replies":[{"embeddable":true,"href":"https:\/\/www.tablaosflamencos.com\/nl\/wp-json\/wp\/v2\/comments?post=13925"}],"version-history":[{"count":2,"href":"https:\/\/www.tablaosflamencos.com\/nl\/wp-json\/wp\/v2\/posts\/13925\/revisions"}],"predecessor-version":[{"id":14007,"href":"https:\/\/www.tablaosflamencos.com\/nl\/wp-json\/wp\/v2\/posts\/13925\/revisions\/14007"}],"wp:featuredmedia":[{"embeddable":true,"href":"https:\/\/www.tablaosflamencos.com\/nl\/wp-json\/wp\/v2\/media\/13857"}],"wp:attachment":[{"href":"https:\/\/www.tablaosflamencos.com\/nl\/wp-json\/wp\/v2\/media?parent=13925"}],"wp:term":[{"taxonomy":"category","embeddable":true,"href":"https:\/\/www.tablaosflamencos.com\/nl\/wp-json\/wp\/v2\/categories?post=13925"},{"taxonomy":"post_tag","embeddable":true,"href":"https:\/\/www.tablaosflamencos.com\/nl\/wp-json\/wp\/v2\/tags?post=13925"}],"curies":[{"name":"wp","href":"https:\/\/api.w.org\/{rel}","templated":true}]}}