{"id":13847,"date":"2026-09-01T11:41:25","date_gmt":"2026-09-01T09:41:25","guid":{"rendered":"https:\/\/www.tablaosflamencos.com\/?p=13847"},"modified":"2026-09-01T12:28:16","modified_gmt":"2026-09-01T10:28:16","slug":"opening-flamencobiennale-sevilla-2026","status":"publish","type":"post","link":"https:\/\/www.tablaosflamencos.com\/nl\/opening-flamencobiennale-sevilla-2026.html","title":{"rendered":"Zo verloopt de opening van de Flamencobi\u00ebnnale van Sevilla 2026"},"content":{"rendered":"<section class=\"l-section wpb_row height_huge\"><div class=\"l-section-h i-cf\"><div class=\"g-cols vc_row via_flex valign_top type_default stacking_default\"><div class=\"vc_col-sm-6 wpb_column vc_column_container\"><div class=\"vc_column-inner\"><div class=\"wpb_wrapper\"><div class=\"wpb_text_column\"><div class=\"wpb_wrapper\"><h2>De Flamencobi\u00ebnnale van Sevilla 2026 opent met een gezongen preg\u00f3n midden in de stad<\/h2>\n<p>De <strong>24e Flamencobi\u00ebnnale van Sevilla<\/strong> begint officieel op <strong>woensdag 9 september 2026<\/strong> met een opening die sterk afwijkt van een conventionele gala-avond. Er komt geen frontaal podium in een theater: de <strong>Plaza de San Francisco<\/strong> wordt een immersieve speelruimte waar de stemmen vanaf de balkons klinken en de dans het midden van het plein inneemt.<\/p>\n<p>De productie heet <em>Ecos primitivos. Cante en altura, danza en tierra<\/em> en is opgezet als een <strong>gezongen preg\u00f3n<\/strong> onder artistieke leiding van Segundo Falc\u00f3n. De voorstelling begint om <strong>20:30<\/strong> en brengt Segundo Falc\u00f3n, Esperanza Fern\u00e1ndez, Pedro El Grana\u00edno, Rafael de Utrera en Mar\u00eda Terremoto samen voor de cante, met <strong>Ana Morales<\/strong> als hoofdrolspeler in de dans.<\/p>\n<p>Het idee is dat het publiek de opening niet vanuit \u00e9\u00e9n richting bekijkt, maar zich midden in een geluidsarchitectuur van <strong>360 graden<\/strong>bevindt. De stad zelf wordt het podium: de balkons, de stenen van het plein, de stemmen en het lichaam van de bailaora maken deel uit van de dramaturgie.<\/p>\n<\/div><\/div><\/div><\/div><\/div><div class=\"vc_col-sm-6 wpb_column vc_column_container\"><div class=\"vc_column-inner\"><div class=\"wpb_wrapper\"><div class=\"wpb_text_column\"><div class=\"wpb_wrapper\"><h3>Opening van de Bi\u00ebnnale 2026: de belangrijkste gegevens<\/h3>\n<ul>\n<li><strong>Datum:<\/strong> woensdag 9 september 2026.<\/li>\n<li><strong>Tijd:<\/strong> 20:30.<\/li>\n<li><strong>Locatie:<\/strong> Plaza de San Francisco, Sevilla.<\/li>\n<li><strong>Productie:<\/strong> <em>Ecos primitivos. Cante en altura, danza en tierra<\/em>.<\/li>\n<li><strong>Format:<\/strong> gezongen preg\u00f3n en immersieve 360\u00ba-podiumervaring.<\/li>\n<li><strong>Artistieke leiding:<\/strong> Segundo Falc\u00f3n.<\/li>\n<li><strong>Cante:<\/strong> Segundo Falc\u00f3n, Esperanza Fern\u00e1ndez, Pedro El Grana\u00edno, Rafael de Utrera en Mar\u00eda Terremoto.<\/li>\n<li><strong>Dans:<\/strong> Ana Morales.<\/li>\n<li><strong>Organisatie:<\/strong> Flamencobi\u00ebnnale van Sevilla, mede georganiseerd met Fundaci\u00f3n Cajasol.<\/li>\n<\/ul>\n<p><small>Op het moment van publicatie vermeldt de offici\u00eble pagina van de preg\u00f3n geen prijs of systeem voor de aankoop van tickets. Controleer v\u00f3\u00f3r vertrek de actuele toegangsvoorwaarden.<\/small><\/p>\n<\/div><\/div><\/div><\/div><\/div><\/div><\/div><\/section><section class=\"l-section wpb_row height_huge color_alternate with_shape\"><div class=\"l-section-shape type_zigzag pos_top hor_flip\" style=\"height:3vmin;\"><svg xmlns=\"http:\/\/www.w3.org\/2000\/svg\" viewBox=\"0 0 64 8\" preserveAspectRatio=\"none\" width=\"100%\" height=\"100%\">\r\n\t<path fill=\"currentColor\" d=\"M64 8 L0 8 L0 0 L20 7.9 L40 3 L48 5 L64 0 Z\"\/>\r\n<\/svg><\/div><div class=\"l-section-shape type_zigzag pos_bottom\" style=\"height:3vmin;\"><svg xmlns=\"http:\/\/www.w3.org\/2000\/svg\" viewBox=\"0 0 64 8\" preserveAspectRatio=\"none\" width=\"100%\" height=\"100%\">\r\n\t<path fill=\"currentColor\" d=\"M64 8 L0 8 L0 0 L20 7.9 L40 3 L48 5 L64 0 Z\"\/>\r\n<\/svg><\/div><div class=\"l-section-h i-cf\"><div class=\"g-cols vc_row via_flex valign_top type_default stacking_default\"><div class=\"vc_col-sm-12 wpb_column vc_column_container\"><div class=\"vc_column-inner\"><div class=\"wpb_wrapper\"><div class=\"wpb_text_column\"><div class=\"wpb_wrapper\"><h2>Ecos primitivos: een opening die speciaal voor Plaza de San Francisco is ontworpen<\/h2>\n<p>Voor de opening wordt geen bestaande theaterproductie naar een buitenlocatie verplaatst. <em>Ecos primitivos<\/em> is speciaal ontworpen voor de Bi\u00ebnnale en voor de <strong>Plaza de San Francisco<\/strong>. Dat verschil is belangrijk, want de architectuur zal niet alleen als achtergrond dienen: zij wordt een actief onderdeel van de voorstelling.<\/p>\n<p>De productie vertrekt vanuit een verticaal idee. <strong>Vijf flamencozangers nemen plaats op verschillende balkons rond het plein<\/strong>, waardoor een geluidskaart ontstaat die het publiek omringt. Tegenover die stemmen uit de hoogte ontwikkelt Ana Morales haar choreografie op straatniveau, in het midden van de ruimte.<\/p>\n<p>De Bi\u00ebnnale omschrijft het concept als een dialoog tussen <strong>cante in de hoogte en dans op de grond<\/strong>. De tegenstelling tussen stem en lichaam, balkons en grond, herinnering en hedendaagse creatie vormt de visuele en muzikale as van de hele opening.<\/p>\n<p>De voorstelling wil breken met de gebruikelijke verhouding tussen podium en toeschouwer. Er is geen enkel frontaal gezichtspunt: het publiek wordt onderdeel van het gebeuren en hoort stemmen uit verschillende richtingen terwijl de dans zich in het midden ontvouwt.<\/p>\n<\/div><\/div><\/div><\/div><\/div><\/div><\/div><\/section><section class=\"l-section wpb_row height_huge\"><div class=\"l-section-h i-cf\"><div class=\"g-cols vc_row via_flex valign_top type_default stacking_default\"><div class=\"vc_col-sm-12 wpb_column vc_column_container\"><div class=\"vc_column-inner\"><div class=\"wpb_wrapper\"><div class=\"wpb_text_column\"><div class=\"wpb_wrapper\"><h2>Vijf stemmen op de balkons: wat iedere artiest zal zingen<\/h2>\n<p>Een van de interessantste details die de organisatie al heeft bekendgemaakt, is de verdeling van de cantes. Elke stem krijgt een specifieke rol binnen deze geluidsarchitectuur en wordt gekoppeld aan een repertoire met diepe wortels.<\/p>\n<table>\n<thead>\n<tr>\n<th>Artiest<\/th>\n<th>Geplande cante<\/th>\n<th>Rol binnen de productie<\/th>\n<\/tr>\n<\/thead>\n<tbody>\n<tr>\n<td><strong>Segundo Falc\u00f3n<\/strong><\/td>\n<td>Trilla en ton\u00e1 liviana<\/td>\n<td>Herinnering aan het landwerk en een essenti\u00eble, van opsmuk ontdane cante.<\/td>\n<\/tr>\n<tr>\n<td><strong>Rafael de Utrera<\/strong><\/td>\n<td>Romance<\/td>\n<td>Gewortelde vertelling en vocale soberheid.<\/td>\n<\/tr>\n<tr>\n<td><strong>Mar\u00eda Terremoto<\/strong><\/td>\n<td>Martinete<\/td>\n<td>Een cante die verbonden is met de smidse, de klacht en het verzet.<\/td>\n<\/tr>\n<tr>\n<td><strong>Esperanza Fern\u00e1ndez<\/strong><\/td>\n<td>Romance \/ corrido gitano<\/td>\n<td>Herinnering die via het gezongen woord wordt doorgegeven.<\/td>\n<\/tr>\n<tr>\n<td><strong>Pedro El Grana\u00edno<\/strong><\/td>\n<td>Saeta<\/td>\n<td>Een stem die is opgevat als een verticale aanroeping vanuit de hoogte.<\/td>\n<\/tr>\n<\/tbody>\n<\/table>\n<p>Deze keuze helpt de titel <em>Ecos primitivos<\/em>te begrijpen. Het is geen tocht langs de meest feestelijke of populaire palos, maar een zoektocht naar vormen die verbonden zijn met mondelinge vertelling, arbeid, de smidse, overdracht en aanroeping.<\/p>\n<\/div><\/div><\/div><\/div><\/div><\/div><\/div><\/section><section class=\"l-section wpb_row height_huge color_alternate with_shape\"><div class=\"l-section-shape type_zigzag pos_top hor_flip\" style=\"height:3vmin;\"><svg xmlns=\"http:\/\/www.w3.org\/2000\/svg\" viewBox=\"0 0 64 8\" preserveAspectRatio=\"none\" width=\"100%\" height=\"100%\">\r\n\t<path fill=\"currentColor\" d=\"M64 8 L0 8 L0 0 L20 7.9 L40 3 L48 5 L64 0 Z\"\/>\r\n<\/svg><\/div><div class=\"l-section-shape type_zigzag pos_bottom\" style=\"height:3vmin;\"><svg xmlns=\"http:\/\/www.w3.org\/2000\/svg\" viewBox=\"0 0 64 8\" preserveAspectRatio=\"none\" width=\"100%\" height=\"100%\">\r\n\t<path fill=\"currentColor\" d=\"M64 8 L0 8 L0 0 L20 7.9 L40 3 L48 5 L64 0 Z\"\/>\r\n<\/svg><\/div><div class=\"l-section-h i-cf\"><div class=\"g-cols vc_row via_flex valign_top type_default stacking_default\"><div class=\"vc_col-sm-12 wpb_column vc_column_container\"><div class=\"vc_column-inner\"><div class=\"wpb_wrapper\"><div class=\"wpb_text_column\"><div class=\"wpb_wrapper\"><h2>Ana Morales danst in het midden van het plein<\/h2>\n<p>Terwijl de stemmen de balkons bezetten, <strong>Ana Morales<\/strong> concentreert de fysieke dimensie van de opening op de grond van Plaza de San Francisco. Haar dans is geen decoratieve begeleiding van de cante: de choreografie is bedacht als lichamelijk antwoord op de stemmen die van boven komen.<\/p>\n<p>De organisatie beschrijft haar benadering aan de hand van drie principes: <strong>organische en lichamelijke beweging<\/strong>, <strong>fragmentatie en reconstructie van het gebaar<\/strong> en een <strong>directe relatie met de grond als symbolische ruimte<\/strong>.<\/p>\n<p>Die benadering past bij het artistieke traject van Morales, die voortdurend werkt rond de relatie tussen flamencotraditie, hedendaagse taal, ruimte en lichaam. Hier zal het contrast bijzonder zichtbaar zijn: de cante blijft verhoogd rond het publiek, terwijl de dans zich op het plaveisel van het plein aftekent.<\/p>\n<\/div><\/div><\/div><\/div><\/div><\/div><\/div><\/section><section class=\"l-section wpb_row height_huge\"><div class=\"l-section-h i-cf\"><div class=\"g-cols vc_row via_flex valign_top type_default stacking_default\"><div class=\"vc_col-sm-6 wpb_column vc_column_container\"><div class=\"vc_column-inner\"><div class=\"wpb_wrapper\"><div class=\"wpb_text_column\"><div class=\"wpb_wrapper\"><h2>Zo wordt de ruimte ingericht<\/h2>\n<p>De offici\u00eble informatie kondigt een zeer precieze scenische opstelling aan:<\/p>\n<ul>\n<li><strong>Balkons rond het plein<\/strong> voor de vijf stemmen.<\/li>\n<li><strong>Centraal podium op straatniveau<\/strong>.<\/li>\n<li><strong>Choreografische zone<\/strong> voor Ana Morales.<\/li>\n<li><strong>Publiek rondom in 360\u00ba<\/strong>.<\/li>\n<\/ul>\n<p>Er is dus geen enkel bevoorrecht perspectief dat vergelijkbaar is met een centrale theaterstoel. De ervaring hangt deels af van waar iedere toeschouwer op het plein staat en van de manier waarop de stemmen zich akoestisch tussen de gevels verplaatsen.<\/p>\n<\/div><\/div><\/div><\/div><\/div><div class=\"vc_col-sm-6 wpb_column vc_column_container\"><div class=\"vc_column-inner\"><div class=\"wpb_wrapper\"><div class=\"wpb_text_column\"><div class=\"wpb_wrapper\"><h2>Plaza de San Francisco als onderdeel van de dramaturgie<\/h2>\n<p>De keuze voor Plaza de San Francisco onderstreept de wens om Sevilla zelf tot podium van de Bi\u00ebnnale te maken. Het is een van de grote historische plekken in het stadscentrum, naast het stadhuis en rechtstreeks verbonden met Plaza Nueva en de Avenida de la Constituci\u00f3n.<\/p>\n<p>In <em>Ecos primitivos<\/em>, dienen de gevels en balkons niet alleen als decor. De architectuur maakt het mogelijk de voorstelling verticaal op te bouwen en de stemmen rondom het publiek te verspreiden. Zo verandert een alledaagse plek in het historische centrum tijdelijk in een soort stedelijk openluchttheater.<\/p>\n<\/div><\/div><\/div><\/div><\/div><\/div><\/div><\/section><section class=\"l-section wpb_row height_huge color_alternate with_shape\"><div class=\"l-section-shape type_zigzag pos_top hor_flip\" style=\"height:3vmin;\"><svg xmlns=\"http:\/\/www.w3.org\/2000\/svg\" viewBox=\"0 0 64 8\" preserveAspectRatio=\"none\" width=\"100%\" height=\"100%\">\r\n\t<path fill=\"currentColor\" d=\"M64 8 L0 8 L0 0 L20 7.9 L40 3 L48 5 L64 0 Z\"\/>\r\n<\/svg><\/div><div class=\"l-section-shape type_zigzag pos_bottom\" style=\"height:3vmin;\"><svg xmlns=\"http:\/\/www.w3.org\/2000\/svg\" viewBox=\"0 0 64 8\" preserveAspectRatio=\"none\" width=\"100%\" height=\"100%\">\r\n\t<path fill=\"currentColor\" d=\"M64 8 L0 8 L0 0 L20 7.9 L40 3 L48 5 L64 0 Z\"\/>\r\n<\/svg><\/div><div class=\"l-section-h i-cf\"><div class=\"g-cols vc_row via_flex valign_top type_default stacking_default\"><div class=\"vc_col-sm-12 wpb_column vc_column_container\"><div class=\"vc_column-inner\"><div class=\"wpb_wrapper\"><div class=\"wpb_text_column\"><div class=\"wpb_wrapper\"><h2>Waarom een gezongen preg\u00f3n en geen conventionele opening?<\/h2>\n<p>De Bi\u00ebnnale kiest ervoor deze editie te beginnen met het herstel van een collectieve dimensie van flamenco. In plaats van artiesten, podium en toeschouwers strikt te scheiden, zoekt de opening een ritueler idee op: stemmen die vanaf verschillende punten verschijnen, een lichaam dat vanuit het midden antwoordt en een publiek dat deel uitmaakt van de geluidsruimte.<\/p>\n<p>Die keuze sluit ook aan bij een van de grote thema\u2019s van de 24e editie: terugkijken naar het geheugen van flamenco zonder er een archeologische reconstructie van te maken. Het programma van 2026 herinnert aan de eeuw sinds de opkomst van de zogenoemde \u00d3pera Flamenca en combineert die historische reflectie met talrijke premi\u00e8res en hedendaagse talen.<\/p>\n<p><em>Ecos primitivos<\/em> werkt zo als een intentieverklaring: de Bi\u00ebnnale openen met oude vormen van overdracht \u2014romance, martinete, trilla, ton\u00e1, saeta\u2014, maar opnieuw geordend via een hedendaagse en voor de huidige stad ontworpen enscenering.<\/p>\n<\/div><\/div><\/div><\/div><\/div><\/div><\/div><\/section><section class=\"l-section wpb_row height_huge\"><div class=\"l-section-h i-cf\"><div class=\"g-cols vc_row via_flex valign_top type_default stacking_default\"><div class=\"vc_col-sm-12 wpb_column vc_column_container\"><div class=\"vc_column-inner\"><div class=\"wpb_wrapper\"><div class=\"wpb_text_column\"><div class=\"wpb_wrapper\"><h2>De 9e is de offici\u00eble opening, maar het grote gala volgt op de 10e<\/h2>\n<p>Het is belangrijk verschillende data uit elkaar te houden, omdat de opening van de Bi\u00ebnnale 2026 tot verwarring kan leiden. <strong>9 september is de offici\u00eble start<\/strong> met de gezongen preg\u00f3n op Plaza de San Francisco. Het eerste grote gala van het algemene programma volgt echter de dag erna.<\/p>\n<p>Op <strong>donderdag 10 september om 21:30<\/strong>presenteert de arena van de Real Maestranza <em>El mundo por montera<\/em>, een Noche \u00danica met Jos\u00e9 Merc\u00e9, Jos\u00e9 el de la Tomasa, Martirio, Arc\u00e1ngel, La Tremendita, \u00c1ngeles Toledano, El Perrete en Manuel de la Tomasa, evenals het Ballet Flamenco de Andaluc\u00eda met Patricia Guerrero. De artistieke leiding is in handen van Andr\u00e9s Mar\u00edn en Luis Ybarra.<\/p>\n<p>En op <strong>11 september<\/strong> komt het programma volledig op gang in verschillende grote speelplekken: Antonio Rey treedt op in Espacio Turina, Sara Baras brengt <em>Infinita<\/em> in premi\u00e8re in Teatro de la Maestranza en Rosario La Tremendita presenteert <em>Menos es m\u00e1s<\/em> in Teatro Central.<\/p>\n<p>De opening van 2026 kan daarom worden gezien als een meerdaagse reeks: <strong>stedelijke preg\u00f3n op de 9e, groot gala op de 10e en het volledige theaterprogramma vanaf de 11e<\/strong>.<\/p>\n<\/div><\/div><\/div><\/div><\/div><\/div><\/div><\/section><section class=\"l-section wpb_row height_huge color_alternate with_shape\"><div class=\"l-section-shape type_zigzag pos_top hor_flip\" style=\"height:3vmin;\"><svg xmlns=\"http:\/\/www.w3.org\/2000\/svg\" viewBox=\"0 0 64 8\" preserveAspectRatio=\"none\" width=\"100%\" height=\"100%\">\r\n\t<path fill=\"currentColor\" d=\"M64 8 L0 8 L0 0 L20 7.9 L40 3 L48 5 L64 0 Z\"\/>\r\n<\/svg><\/div><div class=\"l-section-shape type_zigzag pos_bottom\" style=\"height:3vmin;\"><svg xmlns=\"http:\/\/www.w3.org\/2000\/svg\" viewBox=\"0 0 64 8\" preserveAspectRatio=\"none\" width=\"100%\" height=\"100%\">\r\n\t<path fill=\"currentColor\" d=\"M64 8 L0 8 L0 0 L20 7.9 L40 3 L48 5 L64 0 Z\"\/>\r\n<\/svg><\/div><div class=\"l-section-h i-cf\"><div class=\"g-cols vc_row via_flex valign_top type_default stacking_default\"><div class=\"vc_col-sm-12 wpb_column vc_column_container\"><div class=\"vc_column-inner\"><div class=\"wpb_wrapper\"><div class=\"wpb_text_column\"><div class=\"wpb_wrapper\"><h2>In werkelijkheid begint de activiteit van de Bi\u00ebnnale al enkele dagen eerder<\/h2>\n<p>Hoewel 9 september de offici\u00eble openingsdatum is, kan het publiek de sfeer van de Bi\u00ebnnale al beleven vanaf <strong>2 september<\/strong>. De tentoonstelling <em>La noche azul<\/em> opent die dag in de Real F\u00e1brica de Artiller\u00eda en tussen de 3e en 6e volgen verschillende activiteiten vooraf in wijken en erfgoedlocaties van Sevilla.<\/p>\n<p>Op Tablaos Flamencos hebben we een aparte gids gemaakt met alles wat tijdens die dagen gebeurt voor bezoekers die v\u00f3\u00f3r de opening in Sevilla aankomen.<\/p>\n<p><a href=\"https:\/\/www.tablaosflamencos.com\/bienal-flamenco-2026-antes-9-septiembre.html\"><strong>Bekijk de evenementen en activiteiten van de Bi\u00ebnnale v\u00f3\u00f3r 9 september<\/strong><\/a>.<\/p>\n<p>Je kunt ook onze <a href=\"https:\/\/www.tablaosflamencos.com\/bienal-flamenco-sevilla-2026.html\"><strong>volledige gids voor de Flamencobi\u00ebnnale van Sevilla 2026<\/strong><\/a>raadplegen, met data, locaties, programma en gerelateerde inhoud.<\/p>\n<\/div><\/div><\/div><\/div><\/div><\/div><\/div><\/section><section class=\"l-section wpb_row height_huge\"><div class=\"l-section-h i-cf\"><div class=\"g-cols vc_row via_flex valign_top type_default stacking_default\"><div class=\"vc_col-sm-12 wpb_column vc_column_container\"><div class=\"vc_column-inner\"><div class=\"wpb_wrapper\"><div class=\"wpb_text_column\"><div class=\"wpb_wrapper\"><h2>Tips voor een bezoek aan de opening<\/h2>\n<p>De organisatie kan nog aanvullende aanwijzingen publiceren over toegang en de verdeling van het publiek. Op basis van de beschikbare informatie zijn er enkele zaken om rekening mee te houden.<\/p>\n<p><strong>Kom ruim op tijd.<\/strong> Plaza de San Francisco ligt midden in het historische centrum en de productie is gebaseerd op een omringende opstelling van het publiek. Als er toegangscontroles of capaciteitslimieten worden ingesteld, is vroeg komen extra verstandig.<\/p>\n<p><strong>Zoek niet per se naar \u00e9\u00e9n enkele \u2018beste plek\u2019.<\/strong> Omdat het om een 360-gradenvoorstelling gaat, zijn de stemmen verdeeld over verschillende balkons en vindt de dans in het midden plaats. Het concept vermijdt bewust \u00e9\u00e9n frontale kijkrichting.<\/p>\n<p><strong>Controleer de offici\u00eble pagina op de dag zelf.<\/strong> Op het moment van publicatie toont de pagina van de preg\u00f3n geen prijs, aankoopknop of gedetailleerde toegangsvoorwaarden. Ga niet uit van een bepaald toegangssysteem totdat de organisatie het heeft bevestigd.<\/p>\n<p><strong>Houd er rekening mee dat het een openluchtvoorstelling is.<\/strong> Weersomstandigheden of technische vereisten kunnen leiden tot specifieke aanwijzingen op het laatste moment.<\/p>\n<\/div><\/div><\/div><\/div><\/div><\/div><\/div><\/section><section class=\"l-section wpb_row height_huge color_alternate with_shape\"><div class=\"l-section-shape type_zigzag pos_top hor_flip\" style=\"height:3vmin;\"><svg xmlns=\"http:\/\/www.w3.org\/2000\/svg\" viewBox=\"0 0 64 8\" preserveAspectRatio=\"none\" width=\"100%\" height=\"100%\">\r\n\t<path fill=\"currentColor\" d=\"M64 8 L0 8 L0 0 L20 7.9 L40 3 L48 5 L64 0 Z\"\/>\r\n<\/svg><\/div><div class=\"l-section-shape type_zigzag pos_bottom\" style=\"height:3vmin;\"><svg xmlns=\"http:\/\/www.w3.org\/2000\/svg\" viewBox=\"0 0 64 8\" preserveAspectRatio=\"none\" width=\"100%\" height=\"100%\">\r\n\t<path fill=\"currentColor\" d=\"M64 8 L0 8 L0 0 L20 7.9 L40 3 L48 5 L64 0 Z\"\/>\r\n<\/svg><\/div><div class=\"l-section-h i-cf\"><div class=\"g-cols vc_row via_flex valign_top type_default stacking_default\"><div class=\"vc_col-sm-1\/5 wpb_column vc_column_container\"><div class=\"vc_column-inner\"><div class=\"wpb_wrapper\"><\/div><\/div><\/div><div class=\"vc_col-sm-3\/5 wpb_column vc_column_container\"><div class=\"vc_column-inner\"><div class=\"wpb_wrapper\"><div class=\"wpb_text_column\"><div class=\"wpb_wrapper\"><h2>Veelgestelde vragen over de opening van de Bi\u00ebnnale 2026<\/h2>\n<\/div><\/div><div class=\"w-separator size_medium\"><\/div><div class=\"w-tabs accordion toggle_style_1 has_scrolling\" style=\"--sections-title-size:inherit;--sections-gap:0.5rem;\"><div class=\"w-tabs-sections titles-align_none icon_plus cpos_left\"><div class=\"w-tabs-section\" id=\"h4fb\" itemscope itemprop=\"mainEntity\" itemtype=\"https:\/\/schema.org\/Question\"><button type=\"button\" class=\"w-tabs-section-header\" aria-controls=\"content-h4fb\" aria-expanded=\"false\"><h3 class=\"w-tabs-section-title\" itemprop=\"name\">Wanneer wordt de Flamencobi\u00ebnnale van Sevilla 2026 officieel geopend?<\/h3><div class=\"w-tabs-section-control\"><\/div><\/button><div  class=\"w-tabs-section-content\" id=\"content-h4fb\" itemscope itemprop=\"acceptedAnswer\" itemtype=\"https:\/\/schema.org\/Answer\"><div class=\"w-tabs-section-content-h i-cf\" itemprop=\"text\"><div class=\"wpb_text_column\"><div class=\"wpb_wrapper\"><p>De offici\u00eble opening vindt plaats op woensdag 9 september 2026 om 20:30 op Plaza de San Francisco in Sevilla.<\/p>\n<\/div><\/div><\/div><\/div><\/div><div class=\"w-tabs-section\" id=\"c627\" itemscope itemprop=\"mainEntity\" itemtype=\"https:\/\/schema.org\/Question\"><button type=\"button\" class=\"w-tabs-section-header\" aria-controls=\"content-c627\" aria-expanded=\"false\"><h3 class=\"w-tabs-section-title\" itemprop=\"name\">Hoe heet de openingsvoorstelling?<\/h3><div class=\"w-tabs-section-control\"><\/div><\/button><div  class=\"w-tabs-section-content\" id=\"content-c627\" itemscope itemprop=\"acceptedAnswer\" itemtype=\"https:\/\/schema.org\/Answer\"><div class=\"w-tabs-section-content-h i-cf\" itemprop=\"text\"><div class=\"wpb_text_column\"><div class=\"wpb_wrapper\"><p>De opening heet <em>Ecos primitivos. Cante en altura, danza en tierra<\/em>. Ze wordt gepresenteerd als een gezongen preg\u00f3n en een immersieve podiumervaring die speciaal voor Plaza de San Francisco is ontworpen.<\/p>\n<\/div><\/div><\/div><\/div><\/div><div class=\"w-tabs-section\" id=\"q70d\" itemscope itemprop=\"mainEntity\" itemtype=\"https:\/\/schema.org\/Question\"><button type=\"button\" class=\"w-tabs-section-header\" aria-controls=\"content-q70d\" aria-expanded=\"false\"><h3 class=\"w-tabs-section-title\" itemprop=\"name\">Wie leidt de opening van de Bi\u00ebnnale 2026?<\/h3><div class=\"w-tabs-section-control\"><\/div><\/button><div  class=\"w-tabs-section-content\" id=\"content-q70d\" itemscope itemprop=\"acceptedAnswer\" itemtype=\"https:\/\/schema.org\/Answer\"><div class=\"w-tabs-section-content-h i-cf\" itemprop=\"text\"><div class=\"wpb_text_column\"><div class=\"wpb_wrapper\"><p>De artistieke leiding en de belangrijkste zanginterpretatie zijn in handen van cantaor Segundo Falc\u00f3n.<\/p>\n<\/div><\/div><\/div><\/div><\/div><div class=\"w-tabs-section\" id=\"g7dc\" itemscope itemprop=\"mainEntity\" itemtype=\"https:\/\/schema.org\/Question\"><button type=\"button\" class=\"w-tabs-section-header\" aria-controls=\"content-g7dc\" aria-expanded=\"false\"><h3 class=\"w-tabs-section-title\" itemprop=\"name\">Welke artiesten nemen deel aan Ecos primitivos?<\/h3><div class=\"w-tabs-section-control\"><\/div><\/button><div  class=\"w-tabs-section-content\" id=\"content-g7dc\" itemscope itemprop=\"acceptedAnswer\" itemtype=\"https:\/\/schema.org\/Answer\"><div class=\"w-tabs-section-content-h i-cf\" itemprop=\"text\"><div class=\"wpb_text_column\"><div class=\"wpb_wrapper\"><p>Voor de cante nemen Segundo Falc\u00f3n, Esperanza Fern\u00e1ndez, Pedro El Grana\u00edno, Rafael de Utrera en Mar\u00eda Terremoto deel. Ana Morales verzorgt de dans.<\/p>\n<\/div><\/div><\/div><\/div><\/div><div class=\"w-tabs-section\" id=\"s8a7\" itemscope itemprop=\"mainEntity\" itemtype=\"https:\/\/schema.org\/Question\"><button type=\"button\" class=\"w-tabs-section-header\" aria-controls=\"content-s8a7\" aria-expanded=\"false\"><h3 class=\"w-tabs-section-title\" itemprop=\"name\">Wat zingt iedere artiest tijdens de opening?<\/h3><div class=\"w-tabs-section-control\"><\/div><\/button><div  class=\"w-tabs-section-content\" id=\"content-s8a7\" itemscope itemprop=\"acceptedAnswer\" itemtype=\"https:\/\/schema.org\/Answer\"><div class=\"w-tabs-section-content-h i-cf\" itemprop=\"text\"><div class=\"wpb_text_column\"><div class=\"wpb_wrapper\"><p>Segundo Falc\u00f3n zingt trilla en ton\u00e1 liviana; Rafael de Utrera romance; Mar\u00eda Terremoto martinete; Esperanza Fern\u00e1ndez romance of corrido gitano; en Pedro El Grana\u00edno saeta.<\/p>\n<\/div><\/div><\/div><\/div><\/div><div class=\"w-tabs-section\" id=\"b9b1\" itemscope itemprop=\"mainEntity\" itemtype=\"https:\/\/schema.org\/Question\"><button type=\"button\" class=\"w-tabs-section-header\" aria-controls=\"content-b9b1\" aria-expanded=\"false\"><h3 class=\"w-tabs-section-title\" itemprop=\"name\">Is de opening van de Bi\u00ebnnale 2026 gratis?<\/h3><div class=\"w-tabs-section-control\"><\/div><\/button><div  class=\"w-tabs-section-content\" id=\"content-b9b1\" itemscope itemprop=\"acceptedAnswer\" itemtype=\"https:\/\/schema.org\/Answer\"><div class=\"w-tabs-section-content-h i-cf\" itemprop=\"text\"><div class=\"wpb_text_column\"><div class=\"wpb_wrapper\"><p>Op het moment van publicatie vermeldt de offici\u00eble pagina van de preg\u00f3n geen prijs, aankoopknop voor tickets of specifieke toegangsinstructies. We raden aan de offici\u00eble informatie v\u00f3\u00f3r je bezoek te controleren en niet uit te gaan van een toegangssysteem totdat de organisatie dit bevestigt.<\/p>\n<\/div><\/div><\/div><\/div><\/div><div class=\"w-tabs-section\" id=\"sab6\" itemscope itemprop=\"mainEntity\" itemtype=\"https:\/\/schema.org\/Question\"><button type=\"button\" class=\"w-tabs-section-header\" aria-controls=\"content-sab6\" aria-expanded=\"false\"><h3 class=\"w-tabs-section-title\" itemprop=\"name\">Is het gala in de Maestranza de opening van de Bi\u00ebnnale?<\/h3><div class=\"w-tabs-section-control\"><\/div><\/button><div  class=\"w-tabs-section-content\" id=\"content-sab6\" itemscope itemprop=\"acceptedAnswer\" itemtype=\"https:\/\/schema.org\/Answer\"><div class=\"w-tabs-section-content-h i-cf\" itemprop=\"text\"><div class=\"wpb_text_column\"><div class=\"wpb_wrapper\"><p>De offici\u00eble opening is op 9 september met <em>Ecos primitivos<\/em>. Het grote gala <em>El mundo por montera<\/em> vindt de volgende dag, 10 september, om 21:30 plaats in de arena van de Real Maestranza.<\/p>\n<\/div><\/div><\/div><\/div><\/div><div class=\"w-tabs-section\" id=\"mb8e\" itemscope itemprop=\"mainEntity\" itemtype=\"https:\/\/schema.org\/Question\"><button type=\"button\" class=\"w-tabs-section-header\" aria-controls=\"content-mb8e\" aria-expanded=\"false\"><h3 class=\"w-tabs-section-title\" itemprop=\"name\">Waar kan ik updates over de opening vinden?<\/h3><div class=\"w-tabs-section-control\"><\/div><\/button><div  class=\"w-tabs-section-content\" id=\"content-mb8e\" itemscope itemprop=\"acceptedAnswer\" itemtype=\"https:\/\/schema.org\/Answer\"><div class=\"w-tabs-section-content-h i-cf\" itemprop=\"text\"><div class=\"wpb_text_column\"><div class=\"wpb_wrapper\"><p>De belangrijkste bron is de offici\u00eble website van de Flamencobi\u00ebnnale van Sevilla. Tablaos Flamencos werkt deze gids ook bij wanneer nieuwe toegangsvoorwaarden, tijdswijzigingen of relevante praktische informatie worden gepubliceerd.<\/p>\n<\/div><\/div><\/div><\/div><\/div><\/div><\/div><\/div><\/div><\/div><div class=\"vc_col-sm-1\/5 wpb_column vc_column_container\"><div class=\"vc_column-inner\"><div class=\"wpb_wrapper\"><\/div><\/div><\/div><\/div><\/div><\/section><section class=\"l-section wpb_row height_huge\"><div class=\"l-section-h i-cf\"><div class=\"g-cols vc_row via_flex valign_top type_default stacking_default\"><div class=\"vc_col-sm-12 wpb_column vc_column_container\"><div class=\"vc_column-inner\"><div class=\"wpb_wrapper\"><div class=\"wpb_text_column\"><div class=\"wpb_wrapper\"><h2>Een opening die het centrum van Sevilla tot podium maakt<\/h2>\n<p>De opening van de 24e Bi\u00ebnnale wordt niet opgevat als een institutionele proloog die losstaat van het artistieke programma. Het is meteen een flamencocreatie op zichzelf: vijf stemmen vanaf de balkons, een bailaora in het midden, het publiek eromheen en de architectuur van Plaza de San Francisco als onderdeel van het werk.<\/p>\n<p>Deze aanpak vat de ambitie van <em>Ecos primitivos<\/em>goed samen: elementen uit de oudste vormen van overdracht van de cante terughalen en ze tegenover een hedendaagse dramaturgie plaatsen. <strong>Op 9 september om 20:30 begint de Bi\u00ebnnale door Sevilla tot haar eerste grote podium te maken.<\/strong><\/p>\n<\/div><\/div><\/div><\/div><\/div><\/div><\/div><\/section><section class=\"l-section wpb_row height_huge color_alternate with_shape\"><div class=\"l-section-shape type_zigzag pos_top hor_flip\" style=\"height:3vmin;\"><svg xmlns=\"http:\/\/www.w3.org\/2000\/svg\" viewBox=\"0 0 64 8\" preserveAspectRatio=\"none\" width=\"100%\" height=\"100%\">\r\n\t<path fill=\"currentColor\" d=\"M64 8 L0 8 L0 0 L20 7.9 L40 3 L48 5 L64 0 Z\"\/>\r\n<\/svg><\/div><div class=\"l-section-shape type_zigzag pos_bottom\" style=\"height:3vmin;\"><svg xmlns=\"http:\/\/www.w3.org\/2000\/svg\" viewBox=\"0 0 64 8\" preserveAspectRatio=\"none\" width=\"100%\" height=\"100%\">\r\n\t<path fill=\"currentColor\" d=\"M64 8 L0 8 L0 0 L20 7.9 L40 3 L48 5 L64 0 Z\"\/>\r\n<\/svg><\/div><div class=\"l-section-h i-cf\"><div class=\"g-cols vc_row via_flex valign_top type_default stacking_default\"><div class=\"vc_col-sm-12 wpb_column vc_column_container\"><div class=\"vc_column-inner\"><div class=\"wpb_wrapper\"><div class=\"wpb_text_column\"><div class=\"wpb_wrapper\"><h2>Offici\u00eble bronnen<\/h2>\n<ul>\n<li><a href=\"https:\/\/www.labienal.com\/otras-perlas-actividades-paralelas\/pregon-inaugural\" target=\"_blank\" rel=\"noopener\">Flamencobi\u00ebnnale van Sevilla \u2014 Gezongen preg\u00f3n: Ecos primitivos<\/a>.<\/li>\n<li><a href=\"https:\/\/www.labienal.com\/noticias\/las-otras-perlas-de-la-bienal\" target=\"_blank\" rel=\"noopener\">Flamencobi\u00ebnnale van Sevilla \u2014 De andere parels van de Bi\u00ebnnale<\/a>.<\/li>\n<li><a href=\"https:\/\/www.labienal.com\/programa-general\/plaza-de-la-real-maestranza\/gala-inaugural\" target=\"_blank\" rel=\"noopener\">Flamencobi\u00ebnnale van Sevilla \u2014 El mundo por montera<\/a>.<\/li>\n<li><a href=\"https:\/\/www.labienal.com\/programa-general\" target=\"_blank\" rel=\"noopener\">Algemeen programma van de 24e Flamencobi\u00ebnnale<\/a>.<\/li>\n<\/ul>\n<p><small>Informatie gecontroleerd op 31 augustus 2026. Tijden, toegang en deelnamevoorwaarden kunnen door de organisatie worden bijgewerkt.<\/small><\/p>\n<\/div><\/div><\/div><\/div><\/div><\/div><\/div><\/section>\n","protected":false},"excerpt":{"rendered":"<p>De Flamencobi\u00ebnnale van Sevilla 2026 opent op 9 september met Ecos primitivos, een immersieve gezongen preg\u00f3n op Plaza de San Francisco, met vijf stemmen op de balkons en Ana Morales in het midden.<\/p>\n","protected":false},"author":1,"featured_media":13829,"comment_status":"closed","ping_status":"closed","sticky":false,"template":"","format":"standard","meta":{"_acf_changed":false,"wpai_generated_summary":"","_ayudawp_aiss_exclude":false,"_ayudawp_aiss_exclude_summary":false,"_ayudawp_aiss_summary":"","_ayudawp_aiss_summary_provider":"","_ayudawp_aiss_summary_hash":"","footnotes":""},"categories":[1432,376],"tags":[1825,1823,1826,1821,1822,1824,423],"class_list":["post-13847","post","type-post","status-publish","format-standard","has-post-thumbnail","hentry","category-flamencobiennale","category-flamenco-nieuws","tag-ana-morales-nl","tag-biennale-2026-nl","tag-ecos-primitivos-nl","tag-flamenco-in-sevilla-nl","tag-flamencobiennale-tag-nl","tag-segundo-falcon-nl","tag-sevilla"],"acf":[],"yoast_head":"<!-- This site is optimized with the Yoast SEO Premium plugin v28.3 (Yoast SEO v28.3) - https:\/\/yoast.com\/product\/yoast-seo-premium-wordpress\/ -->\n<title>Opening Flamencobi\u00ebnnale Sevilla 2026 | Gids<\/title>\n<meta name=\"description\" content=\"Ontdek hoe de opening van de Flamencobi\u00ebnnale Sevilla 2026 verloopt: Ecos primitivos, artiesten, cantes, tijd, Plaza de San Francisco en immersieve enscenering.\" \/>\n<meta name=\"robots\" content=\"index, follow, max-snippet:-1, max-image-preview:large, max-video-preview:-1\" \/>\n<link rel=\"canonical\" href=\"https:\/\/www.tablaosflamencos.com\/nl\/opening-flamencobiennale-sevilla-2026.html\" \/>\n<meta property=\"og:locale\" content=\"nl_NL\" \/>\n<meta property=\"og:type\" content=\"article\" \/>\n<meta property=\"og:title\" content=\"Zo verloopt de opening van de Flamencobi\u00ebnnale van Sevilla 2026\" \/>\n<meta property=\"og:description\" content=\"Ontdek hoe de opening van de Flamencobi\u00ebnnale Sevilla 2026 verloopt: Ecos primitivos, artiesten, cantes, tijd, Plaza de San Francisco en immersieve enscenering.\" \/>\n<meta property=\"og:url\" content=\"https:\/\/www.tablaosflamencos.com\/nl\/opening-flamencobiennale-sevilla-2026.html\" \/>\n<meta property=\"og:site_name\" content=\"Tablaos Flamencos\" \/>\n<meta property=\"article:publisher\" content=\"https:\/\/www.facebook.com\/tablaosflamencos\" \/>\n<meta property=\"article:published_time\" content=\"2026-09-01T09:41:25+00:00\" \/>\n<meta property=\"article:modified_time\" content=\"2026-09-01T10:28:16+00:00\" \/>\n<meta property=\"og:image\" content=\"https:\/\/www.tablaosflamencos.com\/wp-content\/uploads\/como-sera-la-inauguracion-de-la-bienal-de-flamenco-de-sevilla-2026-01.webp\" \/>\n\t<meta property=\"og:image:width\" content=\"1920\" \/>\n\t<meta property=\"og:image:height\" content=\"1072\" \/>\n\t<meta property=\"og:image:type\" content=\"image\/webp\" \/>\n<meta name=\"author\" content=\"Miguel Ortiz\" \/>\n<meta name=\"twitter:card\" content=\"summary_large_image\" \/>\n<meta name=\"twitter:creator\" content=\"@tablaosflamenco\" \/>\n<meta name=\"twitter:site\" content=\"@tablaosflamenco\" \/>\n<meta name=\"twitter:label1\" content=\"Geschreven door\" \/>\n\t<meta name=\"twitter:data1\" content=\"Miguel Ortiz\" \/>\n\t<meta name=\"twitter:label2\" content=\"Geschatte leestijd\" \/>\n\t<meta name=\"twitter:data2\" content=\"13 minuten\" \/>\n<script type=\"application\/ld+json\" class=\"yoast-schema-graph\">{\"@context\":\"https:\\\/\\\/schema.org\",\"@graph\":[{\"@type\":\"Article\",\"@id\":\"https:\\\/\\\/www.tablaosflamencos.com\\\/nl\\\/opening-flamencobiennale-sevilla-2026.html#article\",\"isPartOf\":{\"@id\":\"https:\\\/\\\/www.tablaosflamencos.com\\\/nl\\\/opening-flamencobiennale-sevilla-2026.html\"},\"author\":{\"name\":\"Miguel Ortiz\",\"@id\":\"https:\\\/\\\/www.tablaosflamencos.com\\\/nl#\\\/schema\\\/person\\\/e7a9ebe14eb75a52ceabfbffb3c54f5d\"},\"headline\":\"Zo verloopt de opening van de Flamencobi\u00ebnnale van Sevilla 2026\",\"datePublished\":\"2026-09-01T09:41:25+00:00\",\"dateModified\":\"2026-09-01T10:28:16+00:00\",\"mainEntityOfPage\":{\"@id\":\"https:\\\/\\\/www.tablaosflamencos.com\\\/nl\\\/opening-flamencobiennale-sevilla-2026.html\"},\"wordCount\":2606,\"publisher\":{\"@id\":\"https:\\\/\\\/www.tablaosflamencos.com\\\/nl#organization\"},\"image\":{\"@id\":\"https:\\\/\\\/www.tablaosflamencos.com\\\/nl\\\/opening-flamencobiennale-sevilla-2026.html#primaryimage\"},\"thumbnailUrl\":\"https:\\\/\\\/www.tablaosflamencos.com\\\/wp-content\\\/uploads\\\/como-sera-la-inauguracion-de-la-bienal-de-flamenco-de-sevilla-2026-01.webp\",\"keywords\":[\"Ana Morales\",\"Bi\u00ebnnale 2026\",\"Ecos primitivos\",\"flamenco in Sevilla\",\"Flamencobi\u00ebnnale\",\"Segundo Falc\u00f3n\",\"sevilla\"],\"articleSection\":[\"Flamencobi\u00ebnnale\",\"Nieuws \\\/ Updates\"],\"inLanguage\":\"nl-NL\"},{\"@type\":\"WebPage\",\"@id\":\"https:\\\/\\\/www.tablaosflamencos.com\\\/nl\\\/opening-flamencobiennale-sevilla-2026.html\",\"url\":\"https:\\\/\\\/www.tablaosflamencos.com\\\/nl\\\/opening-flamencobiennale-sevilla-2026.html\",\"name\":\"Opening Flamencobi\u00ebnnale Sevilla 2026 | Gids\",\"isPartOf\":{\"@id\":\"https:\\\/\\\/www.tablaosflamencos.com\\\/nl#website\"},\"primaryImageOfPage\":{\"@id\":\"https:\\\/\\\/www.tablaosflamencos.com\\\/nl\\\/opening-flamencobiennale-sevilla-2026.html#primaryimage\"},\"image\":{\"@id\":\"https:\\\/\\\/www.tablaosflamencos.com\\\/nl\\\/opening-flamencobiennale-sevilla-2026.html#primaryimage\"},\"thumbnailUrl\":\"https:\\\/\\\/www.tablaosflamencos.com\\\/wp-content\\\/uploads\\\/como-sera-la-inauguracion-de-la-bienal-de-flamenco-de-sevilla-2026-01.webp\",\"datePublished\":\"2026-09-01T09:41:25+00:00\",\"dateModified\":\"2026-09-01T10:28:16+00:00\",\"description\":\"Ontdek hoe de opening van de Flamencobi\u00ebnnale Sevilla 2026 verloopt: Ecos primitivos, artiesten, cantes, tijd, Plaza de San Francisco en immersieve enscenering.\",\"breadcrumb\":{\"@id\":\"https:\\\/\\\/www.tablaosflamencos.com\\\/nl\\\/opening-flamencobiennale-sevilla-2026.html#breadcrumb\"},\"inLanguage\":\"nl-NL\",\"potentialAction\":[{\"@type\":\"ReadAction\",\"target\":[\"https:\\\/\\\/www.tablaosflamencos.com\\\/nl\\\/opening-flamencobiennale-sevilla-2026.html\"]}]},{\"@type\":\"ImageObject\",\"inLanguage\":\"nl-NL\",\"@id\":\"https:\\\/\\\/www.tablaosflamencos.com\\\/nl\\\/opening-flamencobiennale-sevilla-2026.html#primaryimage\",\"url\":\"https:\\\/\\\/www.tablaosflamencos.com\\\/wp-content\\\/uploads\\\/como-sera-la-inauguracion-de-la-bienal-de-flamenco-de-sevilla-2026-01.webp\",\"contentUrl\":\"https:\\\/\\\/www.tablaosflamencos.com\\\/wp-content\\\/uploads\\\/como-sera-la-inauguracion-de-la-bienal-de-flamenco-de-sevilla-2026-01.webp\",\"width\":1920,\"height\":1072,\"caption\":\"C\u00f3mo ser\u00e1 la inauguraci\u00f3n de la Bienal de Flamenco de Sevilla 2026\"},{\"@type\":\"BreadcrumbList\",\"@id\":\"https:\\\/\\\/www.tablaosflamencos.com\\\/nl\\\/opening-flamencobiennale-sevilla-2026.html#breadcrumb\",\"itemListElement\":[{\"@type\":\"ListItem\",\"position\":1,\"name\":\"Home\",\"item\":\"https:\\\/\\\/www.tablaosflamencos.com\\\/nl\"},{\"@type\":\"ListItem\",\"position\":2,\"name\":\"Zo verloopt de opening van de Flamencobi\u00ebnnale van Sevilla 2026\"}]},{\"@type\":\"WebSite\",\"@id\":\"https:\\\/\\\/www.tablaosflamencos.com\\\/nl#website\",\"url\":\"https:\\\/\\\/www.tablaosflamencos.com\\\/nl\",\"name\":\"Tablaos Flamencos\",\"description\":\"Entradas para tablaos flamencos de Espa\u00f1a\",\"publisher\":{\"@id\":\"https:\\\/\\\/www.tablaosflamencos.com\\\/nl#organization\"},\"alternateName\":\"Tablaos Flamencos\",\"potentialAction\":[{\"@type\":\"SearchAction\",\"target\":{\"@type\":\"EntryPoint\",\"urlTemplate\":\"https:\\\/\\\/www.tablaosflamencos.com\\\/nl?s={search_term_string}\"},\"query-input\":{\"@type\":\"PropertyValueSpecification\",\"valueRequired\":true,\"valueName\":\"search_term_string\"}}],\"inLanguage\":\"nl-NL\"},{\"@type\":[\"Organization\",\"Place\",\"EntertainmentBusiness\"],\"@id\":\"https:\\\/\\\/www.tablaosflamencos.com\\\/nl#organization\",\"name\":\"Tablaos Flamencos\",\"alternateName\":\"Tablaos Flamencos\",\"url\":\"https:\\\/\\\/www.tablaosflamencos.com\\\/nl\",\"logo\":{\"@id\":\"https:\\\/\\\/www.tablaosflamencos.com\\\/nl\\\/opening-flamencobiennale-sevilla-2026.html#local-main-organization-logo\"},\"image\":{\"@id\":\"https:\\\/\\\/www.tablaosflamencos.com\\\/nl\\\/opening-flamencobiennale-sevilla-2026.html#local-main-organization-logo\"},\"sameAs\":[\"https:\\\/\\\/www.facebook.com\\\/tablaosflamencos\",\"https:\\\/\\\/x.com\\\/tablaosflamenco\",\"https:\\\/\\\/mastodon.social\\\/@tablaosflamencos\",\"https:\\\/\\\/www.instagram.com\\\/tablaosflamencos\",\"https:\\\/\\\/tiktok.com\\\/@tablaosflamencos\",\"https:\\\/\\\/www.linkedin.com\\\/company\\\/109408238\\\/\"],\"description\":\"Venta de entradas para espect\u00e1culos flamencos\",\"legalName\":\"Tablaos Flamencos\",\"foundingDate\":\"2015-01-01\",\"numberOfEmployees\":{\"@type\":\"QuantitativeValue\",\"minValue\":\"1\",\"maxValue\":\"10\"},\"address\":{\"@id\":\"https:\\\/\\\/www.tablaosflamencos.com\\\/nl\\\/opening-flamencobiennale-sevilla-2026.html#local-main-place-address\"},\"geo\":{\"@type\":\"GeoCoordinates\",\"latitude\":\"37.3868072\",\"longitude\":\"-5.993280299999999\"},\"telephone\":[\"+34623787787\"],\"contactPoint\":{\"@type\":\"ContactPoint\",\"telephone\":\"+34623787787\",\"email\":\"info@tablaosflamencos.com\"},\"openingHoursSpecification\":{\"@type\":\"OpeningHoursSpecification\",\"dayOfWeek\":[\"Monday\",\"Tuesday\",\"Wednesday\",\"Thursday\",\"Friday\",\"Saturday\",\"Sunday\"],\"opens\":\"00:00\",\"closes\":\"23:59\"},\"email\":\"info@tablaosflamencos.com\",\"priceRange\":\"$$$\",\"currenciesAccepted\":\"\u20ac\"},{\"@type\":\"Person\",\"@id\":\"https:\\\/\\\/www.tablaosflamencos.com\\\/nl#\\\/schema\\\/person\\\/e7a9ebe14eb75a52ceabfbffb3c54f5d\",\"name\":\"Miguel Ortiz\",\"description\":\"Miguel Ortiz es un empresario flamenco, con una s\u00f3lida trayectoria dentro del sector. Ha presidido entidades culturales vinculadas al flamenco y, cuenta con un amplio recorrido profesional en la gesti\u00f3n y promoci\u00f3n de espect\u00e1culos y tablaos flamencos. Su pasi\u00f3n por la historia y el arte flamenco se refleja en cada art\u00edculo, donde combina experiencia, criterio y un profundo respeto por la tradici\u00f3n.\",\"sameAs\":[\"https:\\\/\\\/www.tablaosflamencos.com\",\"https:\\\/\\\/www.instagra.com\\\/miguelortizfe\",\"https:\\\/\\\/www.linkedin.com\\\/in\\\/miguelortizf\\\/\"],\"birthDate\":\"1984-11-22\",\"gender\":\"hombre\",\"knowsLanguage\":[\"espa\u00f1ol\",\"ingl\u00e9s\"],\"jobTitle\":\"Empresario flamenco\"},{\"@type\":\"PostalAddress\",\"@id\":\"https:\\\/\\\/www.tablaosflamencos.com\\\/nl\\\/opening-flamencobiennale-sevilla-2026.html#local-main-place-address\",\"streetAddress\":\"C\\\/ Alemanes, 19\",\"addressLocality\":\"Sevilla\",\"postalCode\":\"41004\",\"addressRegion\":\"Sevilla\",\"addressCountry\":\"ES\"},{\"@type\":\"ImageObject\",\"inLanguage\":\"nl-NL\",\"@id\":\"https:\\\/\\\/www.tablaosflamencos.com\\\/nl\\\/opening-flamencobiennale-sevilla-2026.html#local-main-organization-logo\",\"url\":\"https:\\\/\\\/www.tablaosflamencos.com\\\/wp-content\\\/uploads\\\/tablaos-flamencos-06-3.webp\",\"contentUrl\":\"https:\\\/\\\/www.tablaosflamencos.com\\\/wp-content\\\/uploads\\\/tablaos-flamencos-06-3.webp\",\"width\":600,\"height\":620,\"caption\":\"Tablaos Flamencos\"}]}<\/script>\n<meta name=\"geo.placename\" content=\"Sevilla\" \/>\n<meta name=\"geo.position\" content=\"37.3868072;-5.993280299999999\" \/>\n<meta name=\"geo.region\" content=\"Spanje\" \/>\n<!-- \/ Yoast SEO Premium plugin. -->","yoast_head_json":{"title":"Opening Flamencobi\u00ebnnale Sevilla 2026 | Gids","description":"Ontdek hoe de opening van de Flamencobi\u00ebnnale Sevilla 2026 verloopt: Ecos primitivos, artiesten, cantes, tijd, Plaza de San Francisco en immersieve enscenering.","robots":{"index":"index","follow":"follow","max-snippet":"max-snippet:-1","max-image-preview":"max-image-preview:large","max-video-preview":"max-video-preview:-1"},"canonical":"https:\/\/www.tablaosflamencos.com\/nl\/opening-flamencobiennale-sevilla-2026.html","og_locale":"nl_NL","og_type":"article","og_title":"Zo verloopt de opening van de Flamencobi\u00ebnnale van Sevilla 2026","og_description":"Ontdek hoe de opening van de Flamencobi\u00ebnnale Sevilla 2026 verloopt: Ecos primitivos, artiesten, cantes, tijd, Plaza de San Francisco en immersieve enscenering.","og_url":"https:\/\/www.tablaosflamencos.com\/nl\/opening-flamencobiennale-sevilla-2026.html","og_site_name":"Tablaos Flamencos","article_publisher":"https:\/\/www.facebook.com\/tablaosflamencos","article_published_time":"2026-09-01T09:41:25+00:00","article_modified_time":"2026-09-01T10:28:16+00:00","og_image":[{"width":1920,"height":1072,"url":"https:\/\/www.tablaosflamencos.com\/wp-content\/uploads\/como-sera-la-inauguracion-de-la-bienal-de-flamenco-de-sevilla-2026-01.webp","type":"image\/webp"}],"author":"Miguel Ortiz","twitter_card":"summary_large_image","twitter_creator":"@tablaosflamenco","twitter_site":"@tablaosflamenco","twitter_misc":{"Geschreven door":"Miguel Ortiz","Geschatte leestijd":"13 minuten"},"schema":{"@context":"https:\/\/schema.org","@graph":[{"@type":"Article","@id":"https:\/\/www.tablaosflamencos.com\/nl\/opening-flamencobiennale-sevilla-2026.html#article","isPartOf":{"@id":"https:\/\/www.tablaosflamencos.com\/nl\/opening-flamencobiennale-sevilla-2026.html"},"author":{"name":"Miguel Ortiz","@id":"https:\/\/www.tablaosflamencos.com\/nl#\/schema\/person\/e7a9ebe14eb75a52ceabfbffb3c54f5d"},"headline":"Zo verloopt de opening van de Flamencobi\u00ebnnale van Sevilla 2026","datePublished":"2026-09-01T09:41:25+00:00","dateModified":"2026-09-01T10:28:16+00:00","mainEntityOfPage":{"@id":"https:\/\/www.tablaosflamencos.com\/nl\/opening-flamencobiennale-sevilla-2026.html"},"wordCount":2606,"publisher":{"@id":"https:\/\/www.tablaosflamencos.com\/nl#organization"},"image":{"@id":"https:\/\/www.tablaosflamencos.com\/nl\/opening-flamencobiennale-sevilla-2026.html#primaryimage"},"thumbnailUrl":"https:\/\/www.tablaosflamencos.com\/wp-content\/uploads\/como-sera-la-inauguracion-de-la-bienal-de-flamenco-de-sevilla-2026-01.webp","keywords":["Ana Morales","Bi\u00ebnnale 2026","Ecos primitivos","flamenco in Sevilla","Flamencobi\u00ebnnale","Segundo Falc\u00f3n","sevilla"],"articleSection":["Flamencobi\u00ebnnale","Nieuws \/ Updates"],"inLanguage":"nl-NL"},{"@type":"WebPage","@id":"https:\/\/www.tablaosflamencos.com\/nl\/opening-flamencobiennale-sevilla-2026.html","url":"https:\/\/www.tablaosflamencos.com\/nl\/opening-flamencobiennale-sevilla-2026.html","name":"Opening Flamencobi\u00ebnnale Sevilla 2026 | Gids","isPartOf":{"@id":"https:\/\/www.tablaosflamencos.com\/nl#website"},"primaryImageOfPage":{"@id":"https:\/\/www.tablaosflamencos.com\/nl\/opening-flamencobiennale-sevilla-2026.html#primaryimage"},"image":{"@id":"https:\/\/www.tablaosflamencos.com\/nl\/opening-flamencobiennale-sevilla-2026.html#primaryimage"},"thumbnailUrl":"https:\/\/www.tablaosflamencos.com\/wp-content\/uploads\/como-sera-la-inauguracion-de-la-bienal-de-flamenco-de-sevilla-2026-01.webp","datePublished":"2026-09-01T09:41:25+00:00","dateModified":"2026-09-01T10:28:16+00:00","description":"Ontdek hoe de opening van de Flamencobi\u00ebnnale Sevilla 2026 verloopt: Ecos primitivos, artiesten, cantes, tijd, Plaza de San Francisco en immersieve enscenering.","breadcrumb":{"@id":"https:\/\/www.tablaosflamencos.com\/nl\/opening-flamencobiennale-sevilla-2026.html#breadcrumb"},"inLanguage":"nl-NL","potentialAction":[{"@type":"ReadAction","target":["https:\/\/www.tablaosflamencos.com\/nl\/opening-flamencobiennale-sevilla-2026.html"]}]},{"@type":"ImageObject","inLanguage":"nl-NL","@id":"https:\/\/www.tablaosflamencos.com\/nl\/opening-flamencobiennale-sevilla-2026.html#primaryimage","url":"https:\/\/www.tablaosflamencos.com\/wp-content\/uploads\/como-sera-la-inauguracion-de-la-bienal-de-flamenco-de-sevilla-2026-01.webp","contentUrl":"https:\/\/www.tablaosflamencos.com\/wp-content\/uploads\/como-sera-la-inauguracion-de-la-bienal-de-flamenco-de-sevilla-2026-01.webp","width":1920,"height":1072,"caption":"C\u00f3mo ser\u00e1 la inauguraci\u00f3n de la Bienal de Flamenco de Sevilla 2026"},{"@type":"BreadcrumbList","@id":"https:\/\/www.tablaosflamencos.com\/nl\/opening-flamencobiennale-sevilla-2026.html#breadcrumb","itemListElement":[{"@type":"ListItem","position":1,"name":"Home","item":"https:\/\/www.tablaosflamencos.com\/nl"},{"@type":"ListItem","position":2,"name":"Zo verloopt de opening van de Flamencobi\u00ebnnale van Sevilla 2026"}]},{"@type":"WebSite","@id":"https:\/\/www.tablaosflamencos.com\/nl#website","url":"https:\/\/www.tablaosflamencos.com\/nl","name":"Tablaos Flamencos","description":"Entradas para tablaos flamencos de Espa\u00f1a","publisher":{"@id":"https:\/\/www.tablaosflamencos.com\/nl#organization"},"alternateName":"Tablaos Flamencos","potentialAction":[{"@type":"SearchAction","target":{"@type":"EntryPoint","urlTemplate":"https:\/\/www.tablaosflamencos.com\/nl?s={search_term_string}"},"query-input":{"@type":"PropertyValueSpecification","valueRequired":true,"valueName":"search_term_string"}}],"inLanguage":"nl-NL"},{"@type":["Organization","Place","EntertainmentBusiness"],"@id":"https:\/\/www.tablaosflamencos.com\/nl#organization","name":"Tablaos Flamencos","alternateName":"Tablaos Flamencos","url":"https:\/\/www.tablaosflamencos.com\/nl","logo":{"@id":"https:\/\/www.tablaosflamencos.com\/nl\/opening-flamencobiennale-sevilla-2026.html#local-main-organization-logo"},"image":{"@id":"https:\/\/www.tablaosflamencos.com\/nl\/opening-flamencobiennale-sevilla-2026.html#local-main-organization-logo"},"sameAs":["https:\/\/www.facebook.com\/tablaosflamencos","https:\/\/x.com\/tablaosflamenco","https:\/\/mastodon.social\/@tablaosflamencos","https:\/\/www.instagram.com\/tablaosflamencos","https:\/\/tiktok.com\/@tablaosflamencos","https:\/\/www.linkedin.com\/company\/109408238\/"],"description":"Venta de entradas para espect\u00e1culos flamencos","legalName":"Tablaos Flamencos","foundingDate":"2015-01-01","numberOfEmployees":{"@type":"QuantitativeValue","minValue":"1","maxValue":"10"},"address":{"@id":"https:\/\/www.tablaosflamencos.com\/nl\/opening-flamencobiennale-sevilla-2026.html#local-main-place-address"},"geo":{"@type":"GeoCoordinates","latitude":"37.3868072","longitude":"-5.993280299999999"},"telephone":["+34623787787"],"contactPoint":{"@type":"ContactPoint","telephone":"+34623787787","email":"info@tablaosflamencos.com"},"openingHoursSpecification":{"@type":"OpeningHoursSpecification","dayOfWeek":["Monday","Tuesday","Wednesday","Thursday","Friday","Saturday","Sunday"],"opens":"00:00","closes":"23:59"},"email":"info@tablaosflamencos.com","priceRange":"$$$","currenciesAccepted":"\u20ac"},{"@type":"Person","@id":"https:\/\/www.tablaosflamencos.com\/nl#\/schema\/person\/e7a9ebe14eb75a52ceabfbffb3c54f5d","name":"Miguel Ortiz","description":"Miguel Ortiz es un empresario flamenco, con una s\u00f3lida trayectoria dentro del sector. Ha presidido entidades culturales vinculadas al flamenco y, cuenta con un amplio recorrido profesional en la gesti\u00f3n y promoci\u00f3n de espect\u00e1culos y tablaos flamencos. Su pasi\u00f3n por la historia y el arte flamenco se refleja en cada art\u00edculo, donde combina experiencia, criterio y un profundo respeto por la tradici\u00f3n.","sameAs":["https:\/\/www.tablaosflamencos.com","https:\/\/www.instagra.com\/miguelortizfe","https:\/\/www.linkedin.com\/in\/miguelortizf\/"],"birthDate":"1984-11-22","gender":"hombre","knowsLanguage":["espa\u00f1ol","ingl\u00e9s"],"jobTitle":"Empresario flamenco"},{"@type":"PostalAddress","@id":"https:\/\/www.tablaosflamencos.com\/nl\/opening-flamencobiennale-sevilla-2026.html#local-main-place-address","streetAddress":"C\/ Alemanes, 19","addressLocality":"Sevilla","postalCode":"41004","addressRegion":"Sevilla","addressCountry":"ES"},{"@type":"ImageObject","inLanguage":"nl-NL","@id":"https:\/\/www.tablaosflamencos.com\/nl\/opening-flamencobiennale-sevilla-2026.html#local-main-organization-logo","url":"https:\/\/www.tablaosflamencos.com\/wp-content\/uploads\/tablaos-flamencos-06-3.webp","contentUrl":"https:\/\/www.tablaosflamencos.com\/wp-content\/uploads\/tablaos-flamencos-06-3.webp","width":600,"height":620,"caption":"Tablaos Flamencos"}]},"geo.placename":"Sevilla","geo.position":{"lat":"37.3868072","long":"-5.993280299999999"},"geo.region":"Spanje"},"_links":{"self":[{"href":"https:\/\/www.tablaosflamencos.com\/nl\/wp-json\/wp\/v2\/posts\/13847","targetHints":{"allow":["GET"]}}],"collection":[{"href":"https:\/\/www.tablaosflamencos.com\/nl\/wp-json\/wp\/v2\/posts"}],"about":[{"href":"https:\/\/www.tablaosflamencos.com\/nl\/wp-json\/wp\/v2\/types\/post"}],"author":[{"embeddable":true,"href":"https:\/\/www.tablaosflamencos.com\/nl\/wp-json\/wp\/v2\/users\/1"}],"replies":[{"embeddable":true,"href":"https:\/\/www.tablaosflamencos.com\/nl\/wp-json\/wp\/v2\/comments?post=13847"}],"version-history":[{"count":1,"href":"https:\/\/www.tablaosflamencos.com\/nl\/wp-json\/wp\/v2\/posts\/13847\/revisions"}],"predecessor-version":[{"id":13848,"href":"https:\/\/www.tablaosflamencos.com\/nl\/wp-json\/wp\/v2\/posts\/13847\/revisions\/13848"}],"wp:featuredmedia":[{"embeddable":true,"href":"https:\/\/www.tablaosflamencos.com\/nl\/wp-json\/wp\/v2\/media\/13829"}],"wp:attachment":[{"href":"https:\/\/www.tablaosflamencos.com\/nl\/wp-json\/wp\/v2\/media?parent=13847"}],"wp:term":[{"taxonomy":"category","embeddable":true,"href":"https:\/\/www.tablaosflamencos.com\/nl\/wp-json\/wp\/v2\/categories?post=13847"},{"taxonomy":"post_tag","embeddable":true,"href":"https:\/\/www.tablaosflamencos.com\/nl\/wp-json\/wp\/v2\/tags?post=13847"}],"curies":[{"name":"wp","href":"https:\/\/api.w.org\/{rel}","templated":true}]}}