{"id":13801,"date":"2026-08-31T20:03:41","date_gmt":"2026-08-31T18:03:41","guid":{"rendered":"https:\/\/www.tablaosflamencos.com\/?p=13801"},"modified":"2026-08-31T20:29:45","modified_gmt":"2026-08-31T18:29:45","slug":"wat-te-zien-eerste-weekend-flamencobiennale-sevilla-2026","status":"publish","type":"post","link":"https:\/\/www.tablaosflamencos.com\/nl\/wat-te-zien-eerste-weekend-flamencobiennale-sevilla-2026.html","title":{"rendered":"Wat te zien tijdens het eerste weekend van de Flamencobi\u00ebnnale Sevilla 2026"},"content":{"rendered":"<section class=\"l-section wpb_row height_huge\"><div class=\"l-section-h i-cf\"><div class=\"g-cols vc_row via_flex valign_top type_default stacking_default\"><div class=\"vc_col-sm-6 wpb_column vc_column_container\"><div class=\"vc_column-inner\"><div class=\"wpb_wrapper\"><div class=\"wpb_text_column\"><div class=\"wpb_wrapper\"><h2>Wat te zien tijdens het eerste weekend van de Flamencobi\u00ebnnale 2026<\/h2>\n<p>Het <strong>eerste volledige weekend van de Flamencobi\u00ebnnale Sevilla 2026<\/strong>, van vrijdag 11 tot en met zondag 13 september, brengt in slechts drie dagen een buitengewoon breed overzicht samen van wat deze 24e editie te bieden heeft: grote namen, wereldpremi\u00e8res, concertgitaar, nieuwe stemmen, hedendaagse dans, een Unieke Matinee en gratis activiteiten voor gezinnen.<\/p>\n<p>Het probleem zal niet zijn om iets te vinden dat de moeite waard is, maar om <strong>goed te kiezen<\/strong>. Sommige voorstellingen overlappen, andere zijn al maanden uitverkocht en verschillende producties maken heel uiteenlopende combinaties mogelijk, afhankelijk van of je op zoek bent naar zang, dans, gitaar, avant-garde of een gezinsprogramma.<\/p>\n<p>Deze gids ordent het hele weekend en stelt realistische routes voor, zodat je van de Bi\u00ebnnale kunt genieten zonder drie dagen flamenco te veranderen in een race tussen theaters.<\/p>\n<\/div><\/div><\/div><\/div><\/div><div class=\"vc_col-sm-6 wpb_column vc_column_container\"><div class=\"vc_column-inner\"><div class=\"wpb_wrapper\"><div class=\"wpb_text_column\"><div class=\"wpb_wrapper\"><p style=\"text-align: center; font-size: 52px; line-height: 1; margin-bottom: 10px;\"><strong>11\u201313<\/strong><\/p>\n<h3 style=\"text-align: center;\">september 2026<\/h3>\n<p style=\"text-align: center;\"><strong>Vrijdag, zaterdag en zondag<\/strong><\/p>\n<p style=\"text-align: center;\">Zang \u00b7 dans \u00b7 gitaar \u00b7 creatie \u00b7 gezin<\/p>\n<p style=\"text-align: center;\">Van San Luis tot Maestranza, Turina, Central, Lope de Vega, Alameda, Artiller\u00eda en CaixaForum<\/p>\n<\/div><\/div><\/div><\/div><\/div><\/div><\/div><\/section><section class=\"l-section wpb_row height_huge color_alternate with_shape\"><div class=\"l-section-shape type_zigzag pos_top\" style=\"height:3vmin;\"><svg xmlns=\"http:\/\/www.w3.org\/2000\/svg\" viewBox=\"0 0 64 8\" preserveAspectRatio=\"none\" width=\"100%\" height=\"100%\">\r\n\t<path fill=\"currentColor\" d=\"M64 8 L0 8 L0 0 L20 7.9 L40 3 L48 5 L64 0 Z\"\/>\r\n<\/svg><\/div><div class=\"l-section-shape type_zigzag pos_bottom\" style=\"height:3vmin;\"><svg xmlns=\"http:\/\/www.w3.org\/2000\/svg\" viewBox=\"0 0 64 8\" preserveAspectRatio=\"none\" width=\"100%\" height=\"100%\">\r\n\t<path fill=\"currentColor\" d=\"M64 8 L0 8 L0 0 L20 7.9 L40 3 L48 5 L64 0 Z\"\/>\r\n<\/svg><\/div><div class=\"l-section-h i-cf\"><div class=\"g-cols vc_row via_flex valign_top type_default stacking_default\"><div class=\"vc_col-sm-12 wpb_column vc_column_container\"><div class=\"vc_column-inner\"><div class=\"wpb_wrapper\"><div class=\"wpb_text_column\"><div class=\"wpb_wrapper\"><blockquote>\n<p><strong>Kort antwoord:<\/strong> als je maar een paar afspraken van het eerste weekend kunt kiezen, staat op vrijdag de gitaar van <strong>Antonio Rey<\/strong> tegenover de grote premi\u00e8re van <strong>Sara Baras<\/strong> en eindigt de avond met het project van <strong>La Tremendita<\/strong>; zaterdag brengt de Matinee van <strong>Pedro El Grana\u00edno<\/strong>, de Unieke Avond van <strong>Canito &amp; Ra\u00fal Rodr\u00edguez<\/strong>, de terugkeer van flamenco naar het Lope de Vega met <strong>Dorantes<\/strong>, nog een voorstelling van Sara Baras en de premi\u00e8re van <strong>\u00c1ngeles Toledano<\/strong>samen; en op zondag kun je van <strong>Jos\u00e9 Ferm\u00edn Fern\u00e1ndez<\/strong> naar <strong>Ana Morales<\/strong>, Sara Baras of <strong>Jos\u00e9 Maya<\/strong>. Verschillende van deze voorstellingen zijn uitverkocht, dus bouw je planning het best op basis van de daadwerkelijke beschikbaarheid.<\/p>\n<\/blockquote>\n<p><strong>Laatst bijgewerkt: 31 augustus 2026.<\/strong> De beschikbaarheid van tickets kan zelfs van de ene op de andere dag veranderen. Controleer elke voorstelling altijd via de offici\u00eble kanalen van de Bi\u00ebnnale voordat je verplaatsingen of aankopen plant.<\/p>\n<\/div><\/div><div class=\"w-separator size_medium\"><\/div><div class=\"w-hwrapper valign_top wrap stack_on_mobiles align_center\" style=\"--hwrapper-gap:1.2rem\"><div class=\"w-btn-wrapper align_none\"><a class=\"w-btn us-btn-style_1\" href=\"https:\/\/www.tablaosflamencos.com\/nl\/flamenco-biennale-sevilla-2026.html\"><span class=\"w-btn-label\">Complete gids voor de Bi\u00ebnnale 2026<\/span><\/a><\/div><div class=\"w-btn-wrapper align_none\"><a class=\"w-btn us-btn-style_1\" href=\"https:\/\/www.tablaosflamencos.com\/nl\/flamencobiennale-sevilla-2026-uitverkocht-alternatieven.html\"><span class=\"w-btn-label\">Wat te doen als er geen tickets meer zijn<\/span><\/a><\/div><div class=\"w-btn-wrapper align_none\"><a class=\"w-btn us-btn-style_1\" target=\"_blank\" href=\"https:\/\/www.labienal.com\/programa-general\"><span class=\"w-btn-label\">Officieel programma van de Bi\u00ebnnale<\/span><\/a><\/div><\/div><\/div><\/div><\/div><\/div><\/div><\/section><section class=\"l-section wpb_row height_huge\"><div class=\"l-section-h i-cf\"><div class=\"g-cols vc_row via_flex valign_top type_default stacking_default\"><div class=\"vc_col-sm-3 wpb_column vc_column_container\"><div class=\"vc_column-inner\"><div class=\"wpb_wrapper\"><\/div><\/div><\/div><div class=\"vc_col-sm-6 wpb_column vc_column_container\"><div class=\"vc_column-inner\"><div class=\"wpb_wrapper\"><div class=\"wpb_text_column\"><div class=\"wpb_wrapper\"><h2>Inhoud van deze gids<\/h2>\n<ul>\n<li><a href=\"#primer-fin-semana\">Waarom dit weekend bijzonder is<\/a><\/li>\n<li><a href=\"#programa-completo\">Volledig programma van 11 tot 13 september<\/a><\/li>\n<li><a href=\"#viernes-11\">Vrijdag 11: gitaar, Sara Baras en La Tremendita<\/a><\/li>\n<li><a href=\"#sabado-12\">Zaterdag 12: de moeilijkste dag om te kiezen<\/a><\/li>\n<li><a href=\"#domingo-13\">Zondag 13: gitaar, creatie en dans<\/a><\/li>\n<li><a href=\"#itinerarios\">Drie aanbevolen routes<\/a><\/li>\n<li><a href=\"#por-perfiles\">Wat te kiezen afhankelijk van het soort flamenco dat je zoekt<\/a><\/li>\n<li><a href=\"#agotadas\">Uitverkochte voorstellingen en alternatieven<\/a><\/li>\n<li><a href=\"#familias\">Gezinsprogramma en gratis flamenco<\/a><\/li>\n<li><a href=\"#logistica\">Hoe je locaties combineert zonder te laat te komen<\/a><\/li>\n<li><a href=\"#faq-fin-semana\">Veelgestelde vragen<\/a><\/li>\n<\/ul>\n<\/div><\/div><\/div><\/div><\/div><div class=\"vc_col-sm-3 wpb_column vc_column_container\"><div class=\"vc_column-inner\"><div class=\"wpb_wrapper\"><\/div><\/div><\/div><\/div><\/div><\/section><section class=\"l-section wpb_row height_huge color_alternate with_shape\"><div class=\"l-section-shape type_zigzag pos_top\" style=\"height:3vmin;\"><svg xmlns=\"http:\/\/www.w3.org\/2000\/svg\" viewBox=\"0 0 64 8\" preserveAspectRatio=\"none\" width=\"100%\" height=\"100%\">\r\n\t<path fill=\"currentColor\" d=\"M64 8 L0 8 L0 0 L20 7.9 L40 3 L48 5 L64 0 Z\"\/>\r\n<\/svg><\/div><div class=\"l-section-shape type_zigzag pos_bottom\" style=\"height:3vmin;\"><svg xmlns=\"http:\/\/www.w3.org\/2000\/svg\" viewBox=\"0 0 64 8\" preserveAspectRatio=\"none\" width=\"100%\" height=\"100%\">\r\n\t<path fill=\"currentColor\" d=\"M64 8 L0 8 L0 0 L20 7.9 L40 3 L48 5 L64 0 Z\"\/>\r\n<\/svg><\/div><div class=\"l-section-h i-cf\"><div class=\"g-cols vc_row via_flex valign_top type_default stacking_default\"><div class=\"vc_col-sm-6 wpb_column vc_column_container\"><div class=\"vc_column-inner\"><div class=\"wpb_wrapper\"><div class=\"wpb_text_column\"><div class=\"wpb_wrapper\"><h2 id=\"primer-fin-semana\">Het eerste weekend: de Bi\u00ebnnale trekt volop de theaters in<\/h2>\n<p>De 24e Bi\u00ebnnale begint officieel op woensdag 9 september met de gezongen openingsrede en viert op donderdag 10 september haar grote gala <em>El mundo por montera<\/em>. Maar pas tussen vrijdag 11 en zondag 13 september komt het festival voor het eerst in een <strong>volledig weekendritme<\/strong> en ontvouwt het tegelijkertijd een groot deel van zijn formats.<\/p>\n<p>In die drie dagen komen het Teatro de la Maestranza, Lope de Vega, Teatro Central, Alameda, Espacio Turina, San Luis de los Franceses, de Real F\u00e1brica de Artiller\u00eda en CaixaForum aan bod. Met andere woorden: grote podia, middelgrote zalen, een barokke erfgoedlocatie, industri\u00eble architectuur en gezinsprogrammering.<\/p>\n<p>Daardoor kun je binnen \u00e9\u00e9n Bi\u00ebnnale meerdere verschillende Bi\u00ebnnales ervaren.<\/p>\n<\/div><\/div><\/div><\/div><\/div><div class=\"vc_col-sm-6 wpb_column vc_column_container\"><div class=\"vc_column-inner\"><div class=\"wpb_wrapper\"><div class=\"wpb_text_column\"><div class=\"wpb_wrapper\"><h2>Een uitzonderlijke concentratie van premi\u00e8res en formats<\/h2>\n<p>Het weekend brengt <strong>wereldpremi\u00e8res<\/strong> samen zoals <em>Infinita<\/em>, <em>Menos es m\u00e1s<\/em>, <em>Fractal Arcano<\/em>, <em>La misma sangre del cuerpo<\/em> en <em>Rapsodia. Fantas\u00eda subterr\u00e1nea<\/em>; een <strong>Unieke Matinee<\/strong> met Pedro El Grana\u00edno; twee van de eerste <strong>Unieke Avonden<\/strong> van de gitaarcyclus in Turina; en een gratis participatieve activiteit voor gezinnen.<\/p>\n<p>Er bestaat geen universeel juiste keuze. De overlap dwingt je zelfs partij te kiezen: zaterdag om 20:00 moet je kiezen tussen Sara Baras en Dorantes, terwijl zondag tussen 19:00 en 22:30 vier zeer aantrekkelijke voorstellen samenkomen.<\/p>\n<p>Daarom draait deze gids om keuzes maken, niet alleen om een lijst.<\/p>\n<\/div><\/div><\/div><\/div><\/div><\/div><\/div><\/section><section class=\"l-section wpb_row height_huge\"><div class=\"l-section-h i-cf\"><div class=\"g-cols vc_row via_flex valign_top type_default stacking_default\"><div class=\"vc_col-sm-12 wpb_column vc_column_container\"><div class=\"vc_column-inner\"><div class=\"wpb_wrapper\"><div class=\"wpb_text_column\"><div class=\"wpb_wrapper\"><h2 id=\"programa-completo\">Programma van het eerste weekend van de Flamencobi\u00ebnnale 2026<\/h2>\n<div style=\"overflow-x: auto;\">\n<table>\n<thead>\n<tr>\n<th>Datum<\/th>\n<th>Tijd<\/th>\n<th>Locatie<\/th>\n<th>Artiest \/ activiteit<\/th>\n<th>Type<\/th>\n<th>Status<\/th>\n<\/tr>\n<\/thead>\n<tbody>\n<tr>\n<td><strong>Vr. 11<\/strong><\/td>\n<td>17:30 en 19:00<\/td>\n<td>CaixaForum<\/td>\n<td><em>Tirititr\u00e1n<\/em><\/td>\n<td>Familieworkshop<\/td>\n<td>Gratis met reservering<\/td>\n<\/tr>\n<tr>\n<td><strong>Vr. 11<\/strong><\/td>\n<td>19:00<\/td>\n<td>Espacio Turina<\/td>\n<td>Antonio Rey \u2014 <em>Historias de un flamenco<\/em><\/td>\n<td>Gitaar<\/td>\n<td>Beschikbaarheid controleren<\/td>\n<\/tr>\n<tr>\n<td><strong>Vr. 11<\/strong><\/td>\n<td>20:00<\/td>\n<td>Teatro de la Maestranza<\/td>\n<td>Sara Baras \u2014 <em>Infinita<\/em><\/td>\n<td>Wereldpremi\u00e8re<\/td>\n<td>Zeer grote vraag<\/td>\n<\/tr>\n<tr>\n<td><strong>Vr. 11<\/strong><\/td>\n<td>22:30<\/td>\n<td>Teatro Central<\/td>\n<td>La Tremendita \u2014 <em>Menos es m\u00e1s<\/em><\/td>\n<td>Wereldpremi\u00e8re<\/td>\n<td>Beschikbaarheid controleren<\/td>\n<\/tr>\n<tr>\n<td><strong>Za. 12<\/strong><\/td>\n<td>11:30, 13:00, 17:00 en 18:30<\/td>\n<td>CaixaForum<\/td>\n<td><em>Tirititr\u00e1n<\/em><\/td>\n<td>Familieworkshop<\/td>\n<td>Gratis met reservering<\/td>\n<\/tr>\n<tr>\n<td><strong>Za. 12<\/strong><\/td>\n<td>12:00<\/td>\n<td>San Luis de los Franceses<\/td>\n<td>Pedro El Grana\u00edno + Daniel Oyarz\u00e1bal \u2014 <em>Pan de oro<\/em><\/td>\n<td>Unieke Matinee<\/td>\n<td><strong>Bevestigd uitverkocht<\/strong><\/td>\n<\/tr>\n<tr>\n<td><strong>Za. 12<\/strong><\/td>\n<td>18:00 en 19:00<\/td>\n<td>CaixaForum<\/td>\n<td>Gabriel D&#8217;Ario<\/td>\n<td>Gitaarmicroconcert<\/td>\n<td>Gratis zolang er plaats is<\/td>\n<\/tr>\n<tr>\n<td><strong>Za. 12<\/strong><\/td>\n<td>19:00<\/td>\n<td>Espacio Turina<\/td>\n<td>Canito &amp; Ra\u00fal Rodr\u00edguez \u2014 <em>La cuerda al aire<\/em><\/td>\n<td>Unieke Avond<\/td>\n<td>Beschikbaarheid controleren<\/td>\n<\/tr>\n<tr>\n<td><strong>Za. 12<\/strong><\/td>\n<td>20:00<\/td>\n<td>Teatro Lope de Vega<\/td>\n<td>Dorantes \u2014 <em>Fractal Arcano<\/em><\/td>\n<td>Wereldpremi\u00e8re<\/td>\n<td><strong>Bevestigd uitverkocht<\/strong><\/td>\n<\/tr>\n<tr>\n<td><strong>Za. 12<\/strong><\/td>\n<td>20:00<\/td>\n<td>Teatro de la Maestranza<\/td>\n<td>Sara Baras \u2014 <em>Infinita<\/em><\/td>\n<td>Wereldpremi\u00e8re<\/td>\n<td>Zeer grote vraag<\/td>\n<\/tr>\n<tr>\n<td><strong>Za. 12<\/strong><\/td>\n<td>22:30<\/td>\n<td>Teatro Alameda<\/td>\n<td>\u00c1ngeles Toledano \u2014 <em>La misma sangre del cuerpo<\/em><\/td>\n<td>Wereldpremi\u00e8re<\/td>\n<td><strong>Bevestigd uitverkocht<\/strong><\/td>\n<\/tr>\n<tr>\n<td><strong>Zo. 13<\/strong><\/td>\n<td>11:30, 13:00 en 17:00<\/td>\n<td>CaixaForum<\/td>\n<td><em>Tirititr\u00e1n<\/em><\/td>\n<td>Familieworkshop<\/td>\n<td>Gratis met reservering<\/td>\n<\/tr>\n<tr>\n<td><strong>Zo. 13<\/strong><\/td>\n<td>12:00<\/td>\n<td>San Luis de los Franceses<\/td>\n<td>Pedro El Grana\u00edno + Daniel Oyarz\u00e1bal \u2014 <em>Pan de oro<\/em><\/td>\n<td>Unieke Matinee<\/td>\n<td><strong>Bevestigd uitverkocht<\/strong><\/td>\n<\/tr>\n<tr>\n<td><strong>Zo. 13<\/strong><\/td>\n<td>19:00<\/td>\n<td>Espacio Turina<\/td>\n<td>Jos\u00e9 Ferm\u00edn Fern\u00e1ndez \u2014 <em>Guitarra desnuda<\/em><\/td>\n<td>Unieke Avond<\/td>\n<td>Beschikbaarheid controleren<\/td>\n<\/tr>\n<tr>\n<td><strong>Zo. 13<\/strong><\/td>\n<td>20:00<\/td>\n<td>Teatro de la Maestranza<\/td>\n<td>Sara Baras \u2014 <em>Infinita<\/em><\/td>\n<td>Wereldpremi\u00e8re<\/td>\n<td>Zeer grote vraag<\/td>\n<\/tr>\n<tr>\n<td><strong>Zo. 13<\/strong><\/td>\n<td>21:00<\/td>\n<td>Real F\u00e1brica de Artiller\u00eda<\/td>\n<td>Ana Morales \u2014 <em>Rapsodia. Fantas\u00eda subterr\u00e1nea<\/em><\/td>\n<td>Wereldpremi\u00e8re<\/td>\n<td><strong>Bevestigd uitverkocht<\/strong><\/td>\n<\/tr>\n<tr>\n<td><strong>Zo. 13<\/strong><\/td>\n<td>22:30<\/td>\n<td>Teatro Central<\/td>\n<td>Jos\u00e9 Maya \u2014 <em>Lejano<\/em><\/td>\n<td>Dans<\/td>\n<td>Beschikbaarheid controleren<\/td>\n<\/tr>\n<\/tbody>\n<\/table>\n<\/div>\n<p>&nbsp;<\/p>\n<p><strong>Belangrijk:<\/strong> de tabel geeft de uitverkochte voorstellingen weer die de organisatie publiekelijk heeft bevestigd en de situatie zoals die bekend was bij het afsluiten van deze gids. Ook een voorstelling die als \u201cbeschikbaarheid controleren\u201d staat aangegeven, kan uitverkocht raken. In het geval van <em>Infinita<\/em>was de vraag uitzonderlijk groot en eind augustus werd de productie al genoemd onder de uitverkochte titels van deze editie; controleer daarom de specifieke voorstelling voordat je plannen maakt.<\/p>\n<\/div><\/div><\/div><\/div><\/div><\/div><\/div><\/section><section class=\"l-section wpb_row height_huge color_alternate with_shape\"><div class=\"l-section-shape type_zigzag pos_top\" style=\"height:3vmin;\"><svg xmlns=\"http:\/\/www.w3.org\/2000\/svg\" viewBox=\"0 0 64 8\" preserveAspectRatio=\"none\" width=\"100%\" height=\"100%\">\r\n\t<path fill=\"currentColor\" d=\"M64 8 L0 8 L0 0 L20 7.9 L40 3 L48 5 L64 0 Z\"\/>\r\n<\/svg><\/div><div class=\"l-section-shape type_zigzag pos_bottom\" style=\"height:3vmin;\"><svg xmlns=\"http:\/\/www.w3.org\/2000\/svg\" viewBox=\"0 0 64 8\" preserveAspectRatio=\"none\" width=\"100%\" height=\"100%\">\r\n\t<path fill=\"currentColor\" d=\"M64 8 L0 8 L0 0 L20 7.9 L40 3 L48 5 L64 0 Z\"\/>\r\n<\/svg><\/div><div class=\"l-section-h i-cf\"><div class=\"g-cols vc_row via_flex valign_top type_default stacking_default\"><div class=\"vc_col-sm-6 wpb_column vc_column_container\"><div class=\"vc_column-inner\"><div class=\"wpb_wrapper\"><div class=\"wpb_text_column\"><div class=\"wpb_wrapper\"><h2 id=\"viernes-11\">Vrijdag 11: Antonio Rey of Sara Baras, en La Tremendita als afsluiter<\/h2>\n<p>Vrijdag vraagt meteen om een belangrijke keuze. Om <strong>19:00 in Espacio Turina<\/strong>presenteert Antonio Rey <em>Historias de un flamenco<\/em>, een recital gebaseerd op het album waarmee hij zijn tweede Latin Grammy voor Beste Flamenco Muziekalbum won. Gitaar, zang, tweede gitaar, fluit en percussie vormen een concertformat dat een uitstekende toegangspoort tot het weekend kan zijn.<\/p>\n<p>Een uur later, om <strong>20:00 in het Teatro de la Maestranza<\/strong>gaat Sara Baras in premi\u00e8re met <em>Infinita<\/em>, een van de grote evenementen van deze editie. Het project ontwikkelt acht vrouwelijke perspectieven die verbonden zijn met de acht Andalusische provincies en markeert de terugkeer van de danseres naar de Bi\u00ebnnale met een nieuwe grootschalige productie.<\/p>\n<p>Door de tijden heeft het geen zin om beide te proberen bij te wonen. Je moet kiezen.<\/p>\n<\/div><\/div><\/div><\/div><\/div><div class=\"vc_col-sm-6 wpb_column vc_column_container\"><div class=\"vc_column-inner\"><div class=\"wpb_wrapper\"><div class=\"wpb_text_column\"><div class=\"wpb_wrapper\"><h2>22:30: La Tremendita brengt de zang naar andere gebieden<\/h2>\n<p>De grote afsluiting van vrijdag vindt plaats in het <strong>Teatro Central<\/strong>. Rosario La Tremendita presenteert <em>Menos es m\u00e1s<\/em>, een wereldpremi\u00e8re waarin ze opnieuw vanuit haar eigen muzikale taal werkt: zang, bas, gitaar, drums, keyboards en een muzikale visie die openstaat voor experiment.<\/p>\n<p>De gedeelde muzikale leiding met Dani de Mor\u00f3n en een bezetting met Juanfe P\u00e9rez, Manuel Reina en David Sancho wijzen op een heel andere voorstelling dan het gitaarconcert in Turina en het grote dansgezelschap in het Maestranza.<\/p>\n<p><strong>Onze keuze als je contrast zoekt:<\/strong> Antonio Rey vroeg op de avond en La Tremendita om 22:30 vormen samen een bijzonder interessante vrijdag vanwege de esthetische afstand tussen beide voorstellen. Als het grote podiumevenement je prioriteit is, moet Sara Baras centraal staan in je avond.<\/p>\n<\/div><\/div><\/div><\/div><\/div><\/div><\/div><\/section><section class=\"l-section wpb_row height_huge\"><div class=\"l-section-h i-cf\"><div class=\"g-cols vc_row via_flex valign_top type_default stacking_default\"><div class=\"vc_col-sm-6 wpb_column vc_column_container\"><div class=\"vc_column-inner\"><div class=\"wpb_wrapper\"><div class=\"wpb_text_column\"><div class=\"wpb_wrapper\"><h2 id=\"sabado-12\">Zaterdag 12: de dag met de meeste moeilijke keuzes<\/h2>\n<p>Zaterdag kan om twaalf uur beginnen met <em>Pan de oro<\/em>, van Pedro El Grana\u00edno en Daniel Oyarz\u00e1bal, in San Luis de los Franceses. Beide voorstellingen op 12 en 13 september waren ruim van tevoren uitverkocht, maar ze horen in deze gids omdat ze een van de meest bijzondere formats van de Bi\u00ebnnale laten zien: zang, gitaar, klavecimbel en altviool in een van Sevilla&#8217;s grote barokke juweeltjes.<\/p>\n<p>Heb je geen ticket, <strong>dan biedt CaixaForum een gratis alternatief<\/strong>. <em>Tirititr\u00e1n<\/em> laat gezinnen en kinderen kennismaken met het comp\u00e1s via handgeklap, lichaam, stem en caj\u00f3n; op zaterdag komt daar ook het gitaarmicroconcert van Gabriel D&#8217;Ario bij.<\/p>\n<p>In de namiddag begint de echte puzzel.<\/p>\n<\/div><\/div><\/div><\/div><\/div><div class=\"vc_col-sm-6 wpb_column vc_column_container\"><div class=\"vc_column-inner\"><div class=\"wpb_wrapper\"><div class=\"wpb_text_column\"><div class=\"wpb_wrapper\"><h2>19:00, 20:00 en 22:30: drie tijdvakken die je dwingen prioriteiten te stellen<\/h2>\n<p>Om <strong>19:00<\/strong>presenteren Canito en Ra\u00fal Rodr\u00edguez in Turina <em>La cuerda al aire<\/em>, een Unieke Avond die gitaar en tres flamenco met elkaar in gesprek brengt vanuit rootsmuziek.<\/p>\n<p>Om <strong>20:00<\/strong> vallen twee grote evenementen samen. Dorantes brengt de wereldpremi\u00e8re van <em>Fractal Arcano<\/em> in het Teatro Lope de Vega, in een bijzonder symbolische voorstelling omdat flamenco daarmee terugkeert naar dit historische theater van de Bi\u00ebnnale. Die voorstelling is uitverkocht. Op hetzelfde tijdstip geeft Sara Baras de tweede voorstelling van <em>Infinita<\/em> in het Maestranza.<\/p>\n<p>Om <strong>22:30<\/strong>presenteert \u00c1ngeles Toledano in het Teatro Alameda <em>La misma sangre del cuerpo<\/em>, haar eerste eigen voorstelling op de Bi\u00ebnnale. Ook deze was al maanden van tevoren uitverkocht.<\/p>\n<\/div><\/div><\/div><\/div><\/div><\/div><\/div><\/section><section class=\"l-section wpb_row height_huge color_alternate with_shape\"><div class=\"l-section-shape type_zigzag pos_top\" style=\"height:3vmin;\"><svg xmlns=\"http:\/\/www.w3.org\/2000\/svg\" viewBox=\"0 0 64 8\" preserveAspectRatio=\"none\" width=\"100%\" height=\"100%\">\r\n\t<path fill=\"currentColor\" d=\"M64 8 L0 8 L0 0 L20 7.9 L40 3 L48 5 L64 0 Z\"\/>\r\n<\/svg><\/div><div class=\"l-section-shape type_zigzag pos_bottom\" style=\"height:3vmin;\"><svg xmlns=\"http:\/\/www.w3.org\/2000\/svg\" viewBox=\"0 0 64 8\" preserveAspectRatio=\"none\" width=\"100%\" height=\"100%\">\r\n\t<path fill=\"currentColor\" d=\"M64 8 L0 8 L0 0 L20 7.9 L40 3 L48 5 L64 0 Z\"\/>\r\n<\/svg><\/div><div class=\"l-section-h i-cf\"><div class=\"g-cols vc_row via_flex valign_top type_default stacking_default\"><div class=\"vc_col-sm-6 wpb_column vc_column_container\"><div class=\"vc_column-inner\"><div class=\"wpb_wrapper\"><div class=\"wpb_text_column\"><div class=\"wpb_wrapper\"><h2 id=\"domingo-13\">Zondag 13: van pure gitaar tot de dans van Jos\u00e9 Maya<\/h2>\n<p>Op zondag is er opnieuw <em>Pan de oro<\/em> om 12:00 \u2014 eveneens uitverkocht \u2014 en zijn er verschillende gratis sessies van <em>Tirititr\u00e1n<\/em> in CaixaForum. De late namiddag en avond vormen echter een van de aantrekkelijkste reeksen van het eerste weekend.<\/p>\n<p>Om <strong>19:00 in Turina<\/strong>maakt Jos\u00e9 Ferm\u00edn Fern\u00e1ndez zijn solodebuut op de Bi\u00ebnnale met <em>Guitarra desnuda<\/em>, een Unieke Avond die is opgezet als een verhalende reis langs verschillende flamencostijlen en als eerbetoon aan de traditie van de flamencoconcertgitaar.<\/p>\n<p>Wie een minder voor de hand liggende naam uit het programma wil ontdekken, vindt hier mogelijk een van de keuzes met de beste balans tussen eigenheid en verrassing.<\/p>\n<\/div><\/div><\/div><\/div><\/div><div class=\"vc_col-sm-6 wpb_column vc_column_container\"><div class=\"vc_column-inner\"><div class=\"wpb_wrapper\"><div class=\"wpb_text_column\"><div class=\"wpb_wrapper\"><h2>20:00, 21:00 of 22:30: drie manieren om het weekend af te sluiten<\/h2>\n<p>Om <strong>20:00<\/strong>geeft Sara Baras de derde voorstelling van <em>Infinita<\/em>. Om <strong>21:00<\/strong>brengt Ana Morales de wereldpremi\u00e8re van <em>Rapsodia. Fantas\u00eda subterr\u00e1nea<\/em> in de Real F\u00e1brica de Artiller\u00eda, een creatie die verbonden is met de ondergrond en historische doorgangen van Sevilla, met muzikale leiding van Ni\u00f1o de Elche. Deze voorstelling is uitverkocht.<\/p>\n<p>Om <strong>22:30 in het Teatro Central<\/strong>presenteert Jos\u00e9 Maya <em>Lejano<\/em>, een werk van 75 minuten waarin dans op een bewust sobere sc\u00e8ne de confrontatie aangaat met herinnering, oorsprong en tijd.<\/p>\n<p>Heb je geen ticket voor Sara Baras of Ana Morales, <strong>dan kan Jos\u00e9 Maya een van de beste nog beschikbare afsluiters van het weekend zijn<\/strong>.<\/p>\n<\/div><\/div><\/div><\/div><\/div><\/div><\/div><\/section><section class=\"l-section wpb_row height_huge\"><div class=\"l-section-h i-cf\"><div class=\"g-cols vc_row via_flex valign_top type_default stacking_default\"><div class=\"vc_col-sm-12 wpb_column vc_column_container\"><div class=\"vc_column-inner\"><div class=\"wpb_wrapper\"><div class=\"g-cols wpb_row via_flex valign_top type_default stacking_default\"><div class=\"vc_col-sm-1\/5 wpb_column vc_column_container\"><div class=\"vc_column-inner\"><div class=\"wpb_wrapper\"><\/div><\/div><\/div><div class=\"vc_col-sm-3\/5 wpb_column vc_column_container\"><div class=\"vc_column-inner\"><div class=\"wpb_wrapper\"><div class=\"wpb_text_column\"><div class=\"wpb_wrapper\"><h2 id=\"itinerarios\" style=\"text-align: center;\">Drie aanbevolen routes voor het eerste weekend<\/h2>\n<p style=\"text-align: center;\">We raden niet aan om alles te proberen zien. De Bi\u00ebnnale beleef je beter door een afwisselende route samen te stellen en tijd over te laten om te eten, je te verplaatsen en te verwerken wat je hebt gezien.<\/p>\n<\/div><\/div><\/div><\/div><\/div><div class=\"vc_col-sm-1\/5 wpb_column vc_column_container\"><div class=\"vc_column-inner\"><div class=\"wpb_wrapper\"><\/div><\/div><\/div><\/div><div class=\"w-separator size_medium\"><\/div><div class=\"g-cols wpb_row via_flex valign_top type_default stacking_default\"><div class=\"vc_col-sm-4 wpb_column vc_column_container\"><div class=\"vc_column-inner\"><div class=\"wpb_wrapper\"><div class=\"wpb_text_column\"><div class=\"wpb_wrapper\"><h3>1. Route voor gitaar en muziek<\/h3>\n<p><strong>Vrijdag:<\/strong> Antonio Rey \u00b7 19:00<\/p>\n<p><strong>Zaterdag:<\/strong> Canito &amp; Ra\u00fal Rodr\u00edguez \u00b7 19:00<\/p>\n<p><strong>Zondag:<\/strong> Jos\u00e9 Ferm\u00edn Fern\u00e1ndez \u00b7 19:00<\/p>\n<p>Dit is de meest samenhangende route voor wie de gitaar als hoofdrolspeler wil horen. Drie generaties, drie muzikale talen en drie manieren om gitaar en rootsmuziek te benaderen.<\/p>\n<\/div><\/div><\/div><\/div><\/div><div class=\"vc_col-sm-4 wpb_column vc_column_container\"><div class=\"vc_column-inner\"><div class=\"wpb_wrapper\"><div class=\"wpb_text_column\"><div class=\"wpb_wrapper\"><h3>2. Route voor hedendaagse creatie<\/h3>\n<p><strong>Vrijdag:<\/strong> La Tremendita \u00b7 22:30<\/p>\n<p><strong>Zaterdag:<\/strong> Dorantes \u00b7 20:00, als je al een ticket hebt<\/p>\n<p><strong>Zondag:<\/strong> Ana Morales \u00b7 21:00, als je al een ticket hebt; of Jos\u00e9 Maya \u00b7 22:30<\/p>\n<p>Dit is de beste optie voor wie zoekt naar een Bi\u00ebnnale van onderzoek, podiumtaal en de verbreding van flamenco voorbij conventionele formats.<\/p>\n<\/div><\/div><\/div><\/div><\/div><div class=\"vc_col-sm-4 wpb_column vc_column_container\"><div class=\"vc_column-inner\"><div class=\"wpb_wrapper\"><div class=\"wpb_text_column\"><div class=\"wpb_wrapper\"><h3>3. Route voor een eerste Bi\u00ebnnale<\/h3>\n<p><strong>Vrijdag:<\/strong> Sara Baras \u00b7 20:00, indien beschikbaar<\/p>\n<p><strong>Zaterdag:<\/strong> Canito &amp; Ra\u00fal Rodr\u00edguez \u00b7 19:00<\/p>\n<p><strong>Zondag:<\/strong> Jos\u00e9 Maya \u00b7 22:30<\/p>\n<p>Deze route combineert een grote productie, een intiemer concertformat en een dansvoorstelling in het Central. Als Sara Baras is uitverkocht, is Antonio Rey een uitstekend alternatief om te beginnen.<\/p>\n<\/div><\/div><\/div><\/div><\/div><\/div><\/div><\/div><\/div><\/div><\/div><\/section><section class=\"l-section wpb_row height_huge color_alternate with_shape\"><div class=\"l-section-shape type_zigzag pos_top\" style=\"height:3vmin;\"><svg xmlns=\"http:\/\/www.w3.org\/2000\/svg\" viewBox=\"0 0 64 8\" preserveAspectRatio=\"none\" width=\"100%\" height=\"100%\">\r\n\t<path fill=\"currentColor\" d=\"M64 8 L0 8 L0 0 L20 7.9 L40 3 L48 5 L64 0 Z\"\/>\r\n<\/svg><\/div><div class=\"l-section-shape type_zigzag pos_bottom\" style=\"height:3vmin;\"><svg xmlns=\"http:\/\/www.w3.org\/2000\/svg\" viewBox=\"0 0 64 8\" preserveAspectRatio=\"none\" width=\"100%\" height=\"100%\">\r\n\t<path fill=\"currentColor\" d=\"M64 8 L0 8 L0 0 L20 7.9 L40 3 L48 5 L64 0 Z\"\/>\r\n<\/svg><\/div><div class=\"l-section-h i-cf\"><div class=\"g-cols vc_row via_flex valign_top type_default stacking_default\"><div class=\"vc_col-sm-6 wpb_column vc_column_container\"><div class=\"vc_column-inner\"><div class=\"wpb_wrapper\"><div class=\"wpb_text_column\"><div class=\"wpb_wrapper\"><h2 id=\"por-perfiles\">Als je zang en traditie zoekt<\/h2>\n<p>Het eerste weekend is niet het rijkst aan klassieke zangrecitals, maar biedt wel verschillende ingangen. Pedro El Grana\u00edno is de meest geconcentreerde en plechtige optie, hoewel beide voorstellingen zijn uitverkocht. La Tremendita vertrekt vanuit de flamencozang en brengt die naar een hedendaagse muzikale constructie, terwijl \u00c1ngeles Toledano haar eigen muzikale universum als vertrekpunt gebruikt voor een nieuw podiumwerk.<\/p>\n<p>Heb je geen tickets voor de uitverkochte voorstellingen, sluit dan het vaste aanbod van de stad niet uit. Tijdens de Bi\u00ebnnale blijven de <strong>flamencotablaos in Sevilla<\/strong> elke avond actief en bieden ze een ander, intiemer format dat draait om de directe relatie tussen zang, dans en gitaar.<\/p>\n<\/div><\/div><div class=\"w-separator size_medium\"><\/div><div class=\"w-btn-wrapper align_none\"><a class=\"w-btn us-btn-style_1\" href=\"https:\/\/www.tablaosflamencos.com\/nl\/flamenco-in-sevilla\"><span class=\"w-btn-label\">Flamenco bekijken in Sevilla<\/span><\/a><\/div><\/div><\/div><\/div><div class=\"vc_col-sm-6 wpb_column vc_column_container\"><div class=\"vc_column-inner\"><div class=\"wpb_wrapper\"><div class=\"wpb_text_column\"><div class=\"wpb_wrapper\"><h2>Als je dans zoekt<\/h2>\n<p>De meest voor de hand liggende naam is Sara Baras, met drie opeenvolgende voorstellingen van <em>Infinita<\/em>. Maar zondag biedt twee heel verschillende alternatieven: Ana Morales cre\u00ebert een werk dat verbonden is met de Real F\u00e1brica de Artiller\u00eda en met scenisch onderzoek naar de ondergrond van Sevilla; Jos\u00e9 Maya kiest juist voor een kale sc\u00e8ne en dans die steunt op herinnering, zang en oorsprong.<\/p>\n<p>De voorstelling van Ana Morales is uitverkocht. Juist daarom loont het om verder te kijken dan de grote naam: <em>Lejano<\/em> kan een bijzonder interessante keuze zijn om zondag af te sluiten.<\/p>\n<\/div><\/div><\/div><\/div><\/div><\/div><\/div><\/section><section class=\"l-section wpb_row height_huge\"><div class=\"l-section-h i-cf\"><div class=\"g-cols vc_row via_flex valign_top type_default stacking_default\"><div class=\"vc_col-sm-6 wpb_column vc_column_container\"><div class=\"vc_column-inner\"><div class=\"wpb_wrapper\"><div class=\"wpb_text_column\"><div class=\"wpb_wrapper\"><h2>Als je gitaar zoekt<\/h2>\n<p>Dit weekend is uitzonderlijk. Antonio Rey komt met een gevestigd repertoire en een indrukwekkende internationale carri\u00e8re. Canito en Ra\u00fal Rodr\u00edguez stellen een eenmalige ontmoeting voor tussen instrumenten en rootsmuziek. Dorantes maakt de piano tot het centrum van een muzikale architectuur die de Bi\u00ebnnale als wereldpremi\u00e8re presenteert. Jos\u00e9 Ferm\u00edn Fern\u00e1ndez kiest voor het meest pure format, rechtstreeks verbonden met de traditie van de sologitaar.<\/p>\n<p>Voor een gitaarliefhebber is het heel goed mogelijk om <strong>alle drie de dagen aan gitaar te wijden zonder dezelfde ervaring te herhalen<\/strong>.<\/p>\n<\/div><\/div><\/div><\/div><\/div><div class=\"vc_col-sm-6 wpb_column vc_column_container\"><div class=\"vc_column-inner\"><div class=\"wpb_wrapper\"><div class=\"wpb_text_column\"><div class=\"wpb_wrapper\"><h2>Als je artiesten wilt ontdekken<\/h2>\n<p>Een Bi\u00ebnnale zou je niet alleen moeten beleven door de bekendste namen achterna te gaan. Het eerste weekend biedt bijzonder goede kansen om nieuwe artiesten te ontdekken.<\/p>\n<p><strong>Jos\u00e9 Ferm\u00edn Fern\u00e1ndez<\/strong> maakt zijn solodebuut op het festival. <strong>Canito &amp; Ra\u00fal Rodr\u00edguez<\/strong> presenteren een combinatie die speciaal is opgezet als Unieke Avond. <strong>\u00c1ngeles Toledano<\/strong>, die al veel kritische aandacht krijgt, presenteert voor het eerst een eigen voorstelling op de Bi\u00ebnnale.<\/p>\n<p>Een van deze voorstellen kiezen kan een verrassender ervaring opleveren dan uitsluitend te proberen binnen te komen bij de meest mediagenieke voorstellingen.<\/p>\n<\/div><\/div><\/div><\/div><\/div><\/div><\/div><\/section><section class=\"l-section wpb_row height_huge color_alternate with_shape\"><div class=\"l-section-shape type_zigzag pos_top\" style=\"height:3vmin;\"><svg xmlns=\"http:\/\/www.w3.org\/2000\/svg\" viewBox=\"0 0 64 8\" preserveAspectRatio=\"none\" width=\"100%\" height=\"100%\">\r\n\t<path fill=\"currentColor\" d=\"M64 8 L0 8 L0 0 L20 7.9 L40 3 L48 5 L64 0 Z\"\/>\r\n<\/svg><\/div><div class=\"l-section-shape type_zigzag pos_bottom\" style=\"height:3vmin;\"><svg xmlns=\"http:\/\/www.w3.org\/2000\/svg\" viewBox=\"0 0 64 8\" preserveAspectRatio=\"none\" width=\"100%\" height=\"100%\">\r\n\t<path fill=\"currentColor\" d=\"M64 8 L0 8 L0 0 L20 7.9 L40 3 L48 5 L64 0 Z\"\/>\r\n<\/svg><\/div><div class=\"l-section-h i-cf\"><div class=\"g-cols vc_row via_flex valign_top type_default stacking_default\"><div class=\"vc_col-sm-12 wpb_column vc_column_container\"><div class=\"vc_column-inner\"><div class=\"wpb_wrapper\"><div class=\"g-cols wpb_row via_flex valign_top type_default stacking_default\"><div class=\"vc_col-sm-6 wpb_column vc_column_container\"><div class=\"vc_column-inner\"><div class=\"wpb_wrapper\"><div class=\"wpb_text_column\"><div class=\"wpb_wrapper\"><h2 id=\"agotadas\">Wat is uitverkocht en hoe je het weekend opnieuw kunt indelen<\/h2>\n<p>De 24e Bi\u00ebnnale heeft uitzonderlijke voorverkoopcijfers geboekt. Maanden voor het festival bevestigde de organisatie al dat onder andere waren uitverkocht: <strong>beide voorstellingen van Pedro El Grana\u00edno, Dorantes en \u00c1ngeles Toledano<\/strong>. In augustus werden bovendien de voorstellingen van <strong>Ana Morales<\/strong> in de Real F\u00e1brica de Artiller\u00eda als uitverkocht bevestigd.<\/p>\n<p>Eind augustus sprak de directie over <strong>meer dan dertig uitverkochte voorstellingen<\/strong> in de hele Bi\u00ebnnale, en <em>Infinita<\/em> behoorde tot de titels met de grootste vraag.<\/p>\n<p>De praktische les is eenvoudig: als een voorstelling dit weekend nog beschikbaar is en je die echt wilt zien, stel de aankoop dan niet te lang uit.<\/p>\n<\/div><\/div><\/div><\/div><\/div><div class=\"vc_col-sm-6 wpb_column vc_column_container\"><div class=\"vc_column-inner\"><div class=\"wpb_wrapper\"><div class=\"wpb_text_column\"><div class=\"wpb_wrapper\"><h2>Een uitverkochte voorstelling verpest je dag niet<\/h2>\n<p>Heb je geen ticket voor <em>Pan de oro<\/em>, dan kun je de ochtend gebruiken voor <em>Tirititr\u00e1n<\/em>, een bezoek aan <a href=\"https:\/\/www.tablaosflamencos.com\/la-noche-azul-opera-flamenca-bienal-sevilla-2026.html\"><strong>La noche azul<\/strong><\/a> of een wandeling door Sevilla voordat het middagprogramma begint.<\/p>\n<p>Heb je geen tickets voor Dorantes of \u00c1ngeles Toledano, dan biedt zaterdag nog steeds Canito &amp; Ra\u00fal Rodr\u00edguez en het vaste flamencoaanbod van de stad. Heb je geen ticket voor Ana Morales, dan blijven Jos\u00e9 Ferm\u00edn Fern\u00e1ndez en Jos\u00e9 Maya op zondag twee zeer aantrekkelijke opties.<\/p>\n<p>We raden af om het weekend te plannen rond niet-geverifieerde doorverkoop. Controleer eerst de offici\u00eble kanalen en bouw daarna een echt alternatief programma.<\/p>\n<\/div><\/div><\/div><\/div><\/div><\/div><div class=\"w-separator size_medium\"><\/div><div class=\"w-hwrapper valign_top wrap stack_on_mobiles align_center\" style=\"--hwrapper-gap:1.2rem\"><div class=\"w-btn-wrapper align_none\"><a class=\"w-btn us-btn-style_1\" href=\"https:\/\/www.tablaosflamencos.com\/nl\/flamencobiennale-sevilla-2026-uitverkocht-alternatieven.html\"><span class=\"w-btn-label\">Gids voor uitverkochte voorstellingen<\/span><\/a><\/div><div class=\"w-btn-wrapper align_none\"><a class=\"w-btn us-btn-style_1\" href=\"https:\/\/www.tablaosflamencos.com\/nl\/unieke-matinees-flamencobiennale-sevilla-2026.html\"><span class=\"w-btn-label\">Bekijk Unieke Matinees<\/span><\/a><\/div><\/div><\/div><\/div><\/div><\/div><\/div><\/section><section class=\"l-section wpb_row height_huge\"><div class=\"l-section-h i-cf\"><div class=\"g-cols vc_row via_flex valign_top type_default stacking_default\"><div class=\"vc_col-sm-6 wpb_column vc_column_container\"><div class=\"vc_column-inner\"><div class=\"wpb_wrapper\"><div class=\"wpb_text_column\"><div class=\"wpb_wrapper\"><h2 id=\"familias\">Een eerste weekend dat ook geschikt is voor gezinnen<\/h2>\n<p><em>Tirititr\u00e1n<\/em> is een van de beste nieuwigheden in het nevenprogramma voor wie met kinderen reist. De workshop nodigt uit om het ritme van de alegr\u00edas te ontdekken via lichaamspercussie, handgeklap, stem, woorden en flamencocaj\u00f3n.<\/p>\n<p>CaixaForum programmeert de activiteit van 11 tot 13 september met meerdere sessies per dag en beveelt haar aan voor <strong>gezinnen met kinderen vanaf 7 jaar<\/strong>. De activiteit is gratis, maar reserveren is verplicht; de reservering opent de dag v\u00f3\u00f3r elke sessie.<\/p>\n<p>Zo kun je de Bi\u00ebnnale opnemen in een gezinsreis zonder dat de hele ervaring afhankelijk is van een avondvoorstelling in het theater.<\/p>\n<\/div><\/div><\/div><\/div><\/div><div class=\"vc_col-sm-6 wpb_column vc_column_container\"><div class=\"vc_column-inner\"><div class=\"wpb_wrapper\"><div class=\"wpb_text_column\"><div class=\"wpb_wrapper\"><h2>Gratis flamenco tijdens het weekend<\/h2>\n<p>Naast <em>Tirititr\u00e1n<\/em>kondigt CaixaForum op zaterdag microconcerten aan van <strong>Gabriel D&#8217;Ario<\/strong> om 18:00 en 19:00, met gratis toegang zolang er plaats is.<\/p>\n<p>Het nevenprogramma van 2026 breidt de Bi\u00ebnnale bovendien uit naar tentoonstellingen, film, openbare ruimtes en andere instellingen. Wil je een dag met een lager budget plannen, bekijk dan onze speciale gids met <strong>gratis activiteiten van de Bi\u00ebnnale<\/strong>.<\/p>\n<\/div><\/div><div class=\"w-separator size_medium\"><\/div><div class=\"w-btn-wrapper align_none\"><a class=\"w-btn us-btn-style_1\" href=\"https:\/\/www.tablaosflamencos.com\/nl\/flamencobiennale-sevilla-2026-gratis.html\"><span class=\"w-btn-label\">Bi\u00ebnnale 2026 gratis<\/span><\/a><\/div><\/div><\/div><\/div><\/div><\/div><\/section><section class=\"l-section wpb_row height_huge color_alternate with_shape\"><div class=\"l-section-shape type_zigzag pos_top\" style=\"height:3vmin;\"><svg xmlns=\"http:\/\/www.w3.org\/2000\/svg\" viewBox=\"0 0 64 8\" preserveAspectRatio=\"none\" width=\"100%\" height=\"100%\">\r\n\t<path fill=\"currentColor\" d=\"M64 8 L0 8 L0 0 L20 7.9 L40 3 L48 5 L64 0 Z\"\/>\r\n<\/svg><\/div><div class=\"l-section-shape type_zigzag pos_bottom\" style=\"height:3vmin;\"><svg xmlns=\"http:\/\/www.w3.org\/2000\/svg\" viewBox=\"0 0 64 8\" preserveAspectRatio=\"none\" width=\"100%\" height=\"100%\">\r\n\t<path fill=\"currentColor\" d=\"M64 8 L0 8 L0 0 L20 7.9 L40 3 L48 5 L64 0 Z\"\/>\r\n<\/svg><\/div><div class=\"l-section-h i-cf\"><div class=\"g-cols vc_row via_flex valign_top type_default stacking_default\"><div class=\"vc_col-sm-6 wpb_column vc_column_container\"><div class=\"vc_column-inner\"><div class=\"wpb_wrapper\"><div class=\"wpb_text_column\"><div class=\"wpb_wrapper\"><h2 id=\"logistica\">Maak van de Bi\u00ebnnale geen race tussen theaters<\/h2>\n<p>Op papier lijken sommige tijden goed combineerbaar. In de praktijk moet je ook rekening houden met de werkelijke speelduur, applaus, het verlaten van de zaal, verkeer, wachten op een taxi en toegang tot de volgende locatie.<\/p>\n<p>Espacio Turina ligt midden in het centrum. Maestranza en Lope de Vega liggen in de monumentale zone. Teatro Alameda ligt ten noorden van het historische centrum. Teatro Central en CaixaForum bevinden zich op Isla de la Cartuja, terwijl de Real F\u00e1brica de Artiller\u00eda in San Bernardo ligt.<\/p>\n<p>Dat betekent dat <strong>twee voorstellingen met slechts \u00e9\u00e9n uur ertussen niet als combineerbaar moeten worden beschouwd<\/strong> als ze op verschillende locaties beginnen.<\/p>\n<\/div><\/div><\/div><\/div><\/div><div class=\"vc_col-sm-6 wpb_column vc_column_container\"><div class=\"vc_column-inner\"><div class=\"wpb_wrapper\"><div class=\"wpb_text_column\"><div class=\"wpb_wrapper\"><h2>Logische combinaties en combinaties die we zouden vermijden<\/h2>\n<ul>\n<li><strong>Antonio Rey 19:00 + La Tremendita 22:30:<\/strong> een haalbare combinatie met voldoende tijd om Turina te verlaten en naar het Central te gaan.<\/li>\n<li><strong>Sara Baras 20:00 + La Tremendita 22:30:<\/strong> alleen mogelijk als de speelduur en het verlaten van de voorstelling een rustige verplaatsing toelaten; zonder de tijden te controleren zouden we dit niet als gegarandeerd beschouwen.<\/li>\n<li><strong>Canito &amp; Ra\u00fal Rodr\u00edguez 19:00 + Dorantes\/Sara Baras 20:00:<\/strong> niet aanbevolen. De tijden overlappen daadwerkelijk.<\/li>\n<li><strong>Jos\u00e9 Ferm\u00edn Fern\u00e1ndez 19:00 + Jos\u00e9 Maya 22:30:<\/strong> een van de meest realistische combinaties op zondag.<\/li>\n<li><strong>Sara Baras 20:00 + Ana Morales 21:00:<\/strong> niet combineerbaar.<\/li>\n<\/ul>\n<\/div><\/div><\/div><\/div><\/div><\/div><\/div><\/section><section class=\"l-section wpb_row height_huge\"><div class=\"l-section-h i-cf\"><div class=\"g-cols vc_row via_flex valign_top type_default stacking_default\"><div class=\"vc_col-sm-1\/5 wpb_column vc_column_container\"><div class=\"vc_column-inner\"><div class=\"wpb_wrapper\"><\/div><\/div><\/div><div class=\"vc_col-sm-3\/5 wpb_column vc_column_container\"><div class=\"vc_column-inner\"><div class=\"wpb_wrapper\"><div class=\"wpb_text_column\"><div class=\"wpb_wrapper\"><h2 style=\"text-align: center;\">Onze selectie voor wie nog niets heeft gekocht<\/h2>\n<p style=\"text-align: center;\">Op 31 augustus zijn enkele van de meest prominente voorstellingen al uitverkocht. Daarom raden we niet aan om het ideale programma van februari na te jagen, maar om op basis van de huidige beschikbaarheid het best mogelijke programma samen te stellen.<\/p>\n<p style=\"text-align: center;\"><strong>Vrijdag:<\/strong> Antonio Rey of Sara Baras, en overweeg La Tremendita als afsluiter. <strong>Zaterdag:<\/strong> Canito &amp; Ra\u00fal Rodr\u00edguez als een van de meest bijzondere opties die nog het overwegen waard zijn, aangevuld met CaixaForum als je overdag iets wilt doen. <strong>Zondag:<\/strong> Jos\u00e9 Ferm\u00edn Fern\u00e1ndez en Jos\u00e9 Maya vormen een bijzonder aantrekkelijke combinatie als de grote voorstellingen ertussen al volgeboekt zijn.<\/p>\n<p style=\"text-align: center;\">En als er voor een avond geen offici\u00eble tickets meer zijn, is een tablao geen identieke vervanging voor de Bi\u00ebnnale: het is een andere manier om flamenco te beleven. Juist daarom kan het de reis heel goed aanvullen.<\/p>\n<\/div><\/div><div class=\"w-separator size_medium\"><\/div><div class=\"w-hwrapper valign_top wrap stack_on_mobiles align_center\" style=\"--hwrapper-gap:1.2rem\"><div class=\"w-btn-wrapper align_none\"><a class=\"w-btn us-btn-style_1\" href=\"https:\/\/www.tablaosflamencos.com\/nl\/flamencobiennale-sevilla\"><span class=\"w-btn-label\">Bekijk de Bi\u00ebnnale-pagina<\/span><\/a><\/div><div class=\"w-btn-wrapper align_none\"><a class=\"w-btn us-btn-style_1\" href=\"https:\/\/www.tablaosflamencos.com\/nl\/unieke-avonden-flamenco-biennale-sevilla-2026.html\"><span class=\"w-btn-label\">Unieke Avonden 2026<\/span><\/a><\/div><div class=\"w-btn-wrapper align_none\"><a class=\"w-btn us-btn-style_1\" href=\"https:\/\/www.tablaosflamencos.com\/nl\/flamenco-in-sevilla\"><span class=\"w-btn-label\">Flamenco bekijken in Sevilla<\/span><\/a><\/div><\/div><\/div><\/div><\/div><div class=\"vc_col-sm-1\/5 wpb_column vc_column_container\"><div class=\"vc_column-inner\"><div class=\"wpb_wrapper\"><\/div><\/div><\/div><\/div><\/div><\/section><section class=\"l-section wpb_row height_huge color_alternate with_shape\"><div class=\"l-section-shape type_zigzag pos_top\" style=\"height:3vmin;\"><svg xmlns=\"http:\/\/www.w3.org\/2000\/svg\" viewBox=\"0 0 64 8\" preserveAspectRatio=\"none\" width=\"100%\" height=\"100%\">\r\n\t<path fill=\"currentColor\" d=\"M64 8 L0 8 L0 0 L20 7.9 L40 3 L48 5 L64 0 Z\"\/>\r\n<\/svg><\/div><div class=\"l-section-shape type_zigzag pos_bottom\" style=\"height:3vmin;\"><svg xmlns=\"http:\/\/www.w3.org\/2000\/svg\" viewBox=\"0 0 64 8\" preserveAspectRatio=\"none\" width=\"100%\" height=\"100%\">\r\n\t<path fill=\"currentColor\" d=\"M64 8 L0 8 L0 0 L20 7.9 L40 3 L48 5 L64 0 Z\"\/>\r\n<\/svg><\/div><div class=\"l-section-h i-cf\"><div class=\"g-cols vc_row via_flex valign_top type_default stacking_default\"><div class=\"vc_col-sm-1\/5 wpb_column vc_column_container\"><div class=\"vc_column-inner\"><div class=\"wpb_wrapper\"><\/div><\/div><\/div><div class=\"vc_col-sm-3\/5 wpb_column vc_column_container\"><div class=\"vc_column-inner\"><div class=\"wpb_wrapper\"><div class=\"wpb_text_column\"><div class=\"wpb_wrapper\"><h2 id=\"faq-fin-semana\" style=\"text-align: center;\">Veelgestelde vragen over het eerste weekend van de Bi\u00ebnnale 2026<\/h2>\n<\/div><\/div><div class=\"w-separator size_medium\"><\/div><div class=\"w-tabs accordion toggle_style_1 has_scrolling\" style=\"--sections-title-size:inherit;--sections-gap:0.5rem;\"><div class=\"w-tabs-sections titles-align_none icon_chevron cpos_right\"><div class=\"w-tabs-section\" id=\"o1d9\"><button type=\"button\" class=\"w-tabs-section-header\" aria-controls=\"content-o1d9\" aria-expanded=\"false\"><div class=\"w-tabs-section-title\">Wanneer is het eerste weekend van de Flamencobi\u00ebnnale 2026?<\/div><div class=\"w-tabs-section-control\"><\/div><\/button><div  class=\"w-tabs-section-content\" id=\"content-o1d9\"><div class=\"w-tabs-section-content-h i-cf\"><div class=\"wpb_text_column\"><div class=\"wpb_wrapper\"><p>Het eerste volledige weekend loopt van <strong>vrijdag 11 tot en met zondag 13 september 2026<\/strong>. De Bi\u00ebnnale begint officieel op woensdag 9 september.<\/p>\n<\/div><\/div><\/div><\/div><\/div><div class=\"w-tabs-section\" id=\"l35d\"><button type=\"button\" class=\"w-tabs-section-header\" aria-controls=\"content-l35d\" aria-expanded=\"false\"><div class=\"w-tabs-section-title\">Welke voorstellingen zijn er op vrijdag 11 september?<\/div><div class=\"w-tabs-section-control\"><\/div><\/button><div  class=\"w-tabs-section-content\" id=\"content-l35d\"><div class=\"w-tabs-section-content-h i-cf\"><div class=\"wpb_text_column\"><div class=\"wpb_wrapper\"><p>Op vrijdag staan geprogrammeerd: <em>Tirititr\u00e1n<\/em> in CaixaForum, Antonio Rey in Espacio Turina, Sara Baras in het Teatro de la Maestranza en La Tremendita in het Teatro Central.<\/p>\n<\/div><\/div><\/div><\/div><\/div><div class=\"w-tabs-section\" id=\"v4b8\"><button type=\"button\" class=\"w-tabs-section-header\" aria-controls=\"content-v4b8\" aria-expanded=\"false\"><div class=\"w-tabs-section-title\">Welke voorstellingen zijn er op zaterdag 12 september?<\/div><div class=\"w-tabs-section-control\"><\/div><\/button><div  class=\"w-tabs-section-content\" id=\"content-v4b8\"><div class=\"w-tabs-section-content-h i-cf\"><div class=\"wpb_text_column\"><div class=\"wpb_wrapper\"><p>Zaterdag omvat <em>Tirititr\u00e1n<\/em> en een gitaarmicroconcert in CaixaForum, Pedro El Grana\u00edno in San Luis, Canito &amp; Ra\u00fal Rodr\u00edguez in Turina, Dorantes in Lope de Vega, Sara Baras in het Maestranza en \u00c1ngeles Toledano in het Teatro Alameda.<\/p>\n<\/div><\/div><\/div><\/div><\/div><div class=\"w-tabs-section\" id=\"c5dd\"><button type=\"button\" class=\"w-tabs-section-header\" aria-controls=\"content-c5dd\" aria-expanded=\"false\"><div class=\"w-tabs-section-title\">Welke voorstellingen zijn er op zondag 13 september?<\/div><div class=\"w-tabs-section-control\"><\/div><\/button><div  class=\"w-tabs-section-content\" id=\"content-c5dd\"><div class=\"w-tabs-section-content-h i-cf\"><div class=\"wpb_text_column\"><div class=\"wpb_wrapper\"><p>Op zondag zijn er <em>Tirititr\u00e1n<\/em>, Pedro El Grana\u00edno, Jos\u00e9 Ferm\u00edn Fern\u00e1ndez, Sara Baras, Ana Morales en Jos\u00e9 Maya, verspreid over CaixaForum, San Luis de los Franceses, Espacio Turina, Maestranza, Real F\u00e1brica de Artiller\u00eda en Teatro Central.<\/p>\n<\/div><\/div><\/div><\/div><\/div><div class=\"w-tabs-section\" id=\"v71c\"><button type=\"button\" class=\"w-tabs-section-header\" aria-controls=\"content-v71c\" aria-expanded=\"false\"><div class=\"w-tabs-section-title\">Welke voorstellingen van het eerste weekend zijn uitverkocht?<\/div><div class=\"w-tabs-section-control\"><\/div><\/button><div  class=\"w-tabs-section-content\" id=\"content-v71c\"><div class=\"w-tabs-section-content-h i-cf\"><div class=\"wpb_text_column\"><div class=\"wpb_wrapper\"><p>De organisatie bevestigde ruim van tevoren dat beide voorstellingen van <em>Pan de oro<\/em> van Pedro El Grana\u00edno, <em>Fractal Arcano<\/em> van Dorantes en <em>La misma sangre del cuerpo<\/em> van \u00c1ngeles Toledano uitverkocht waren. Ook de voorstellingen van <em>Rapsodia. Fantas\u00eda subterr\u00e1nea<\/em> van Ana Morales zijn uitverkocht. De status van andere voorstellingen kan veranderen, dus controleer altijd de offici\u00eble ticketverkoop.<\/p>\n<\/div><\/div><\/div><\/div><\/div><div class=\"w-tabs-section\" id=\"t859\"><button type=\"button\" class=\"w-tabs-section-header\" aria-controls=\"content-t859\" aria-expanded=\"false\"><div class=\"w-tabs-section-title\">Zijn er dat weekend gratis activiteiten?<\/div><div class=\"w-tabs-section-control\"><\/div><\/button><div  class=\"w-tabs-section-content\" id=\"content-t859\"><div class=\"w-tabs-section-content-h i-cf\"><div class=\"wpb_text_column\"><div class=\"wpb_wrapper\"><p>Ja. <em>Tirititr\u00e1n<\/em> vindt gratis plaats in CaixaForum met voorafgaande reservering, en op zaterdag zijn er bovendien gratis gitaarmicroconcerten van Gabriel D&#8217;Ario zolang er plaats is.<\/p>\n<\/div><\/div><\/div><\/div><\/div><div class=\"w-tabs-section\" id=\"r967\"><button type=\"button\" class=\"w-tabs-section-header\" aria-controls=\"content-r967\" aria-expanded=\"false\"><div class=\"w-tabs-section-title\">Wat is de beste keuze als ik vooral ge\u00efnteresseerd ben in gitaar?<\/div><div class=\"w-tabs-section-control\"><\/div><\/button><div  class=\"w-tabs-section-content\" id=\"content-r967\"><div class=\"w-tabs-section-content-h i-cf\"><div class=\"wpb_text_column\"><div class=\"wpb_wrapper\"><p>Antonio Rey op vrijdag, Canito &amp; Ra\u00fal Rodr\u00edguez op zaterdag en Jos\u00e9 Ferm\u00edn Fern\u00e1ndez op zondag maken een driedaagse route mogelijk rond gitaar en rootsmuziek. Dorantes voegt daar een perspectief vanuit de piano aan toe, al is zijn voorstelling uitverkocht.<\/p>\n<\/div><\/div><\/div><\/div><\/div><div class=\"w-tabs-section\" id=\"ha72\"><button type=\"button\" class=\"w-tabs-section-header\" aria-controls=\"content-ha72\" aria-expanded=\"false\"><div class=\"w-tabs-section-title\">Kan ik op dezelfde dag twee voorstellingen zien?<\/div><div class=\"w-tabs-section-control\"><\/div><\/button><div  class=\"w-tabs-section-content\" id=\"content-ha72\"><div class=\"w-tabs-section-content-h i-cf\"><div class=\"wpb_text_column\"><div class=\"wpb_wrapper\"><p>In sommige gevallen wel, maar je moet rekening houden met de speelduur en de verplaatsingen tussen locaties. Antonio Rey om 19:00 en La Tremendita om 22:30 vormen bijvoorbeeld een haalbare combinatie; Canito &amp; Ra\u00fal Rodr\u00edguez om 19:00 en een voorstelling om 20:00 zijn niet combineerbaar.<\/p>\n<\/div><\/div><\/div><\/div><\/div><div class=\"w-tabs-section\" id=\"ubab\"><button type=\"button\" class=\"w-tabs-section-header\" aria-controls=\"content-ubab\" aria-expanded=\"false\"><div class=\"w-tabs-section-title\">Waar kan ik tickets kopen?<\/div><div class=\"w-tabs-section-control\"><\/div><\/button><div  class=\"w-tabs-section-content\" id=\"content-ubab\"><div class=\"w-tabs-section-content-h i-cf\"><div class=\"wpb_text_column\"><div class=\"wpb_wrapper\"><p>De veiligste manier is om de pagina van elke voorstelling te openen via het <a href=\"https:\/\/www.labienal.com\/programa-general\" target=\"_blank\" rel=\"noopener\"><strong>offici\u00eble programma van de Bi\u00ebnnale<\/strong><\/a> en van daaruit het bijbehorende offici\u00eble verkoopkanaal te gebruiken.<\/p>\n<\/div><\/div><\/div><\/div><\/div><\/div><\/div><\/div><\/div><\/div><div class=\"vc_col-sm-1\/5 wpb_column vc_column_container\"><div class=\"vc_column-inner\"><div class=\"wpb_wrapper\"><\/div><\/div><\/div><\/div><\/div><\/section>\n","protected":false},"excerpt":{"rendered":"<p>Wat te zien van 11 tot 13 september tijdens de Flamencobi\u00ebnnale Sevilla 2026: volledig programma, aanbevelingen, uitverkochte voorstellingen, routes en gratis activiteiten.<\/p>\n","protected":false},"author":1,"featured_media":13733,"comment_status":"closed","ping_status":"closed","sticky":false,"template":"","format":"standard","meta":{"_acf_changed":false,"wpai_generated_summary":"","_ayudawp_aiss_exclude":false,"_ayudawp_aiss_exclude_summary":false,"_ayudawp_aiss_summary":"","_ayudawp_aiss_summary_provider":"","_ayudawp_aiss_summary_hash":"","footnotes":""},"categories":[1432],"tags":[1227,1228,1229,1230,1133,423],"class_list":["post-13801","post","type-post","status-publish","format-standard","has-post-thumbnail","hentry","category-flamencobiennale","tag-agenda-flamenca","tag-bienal-2026","tag-bienal-de-flamenco","tag-festivales-flamencos","tag-flamenco-en-sevilla","tag-sevilla"],"acf":[],"yoast_head":"<!-- This site is optimized with the Yoast SEO Premium plugin v28.3 (Yoast SEO v28.3) - https:\/\/yoast.com\/product\/yoast-seo-premium-wordpress\/ -->\n<title>Eerste weekend Bi\u00ebnnale 2026: wat zien in Sevilla<\/title>\n<meta name=\"description\" content=\"Wat te zien van 11 tot 13 september tijdens de Flamencobi\u00ebnnale Sevilla 2026: programma, aanbevelingen, uitverkochte voorstellingen, routes en gratis activiteiten.\" \/>\n<meta name=\"robots\" content=\"index, follow, max-snippet:-1, max-image-preview:large, max-video-preview:-1\" \/>\n<link rel=\"canonical\" href=\"https:\/\/www.tablaosflamencos.com\/nl\/wat-te-zien-eerste-weekend-flamencobiennale-sevilla-2026.html\" \/>\n<meta property=\"og:locale\" content=\"nl_NL\" \/>\n<meta property=\"og:type\" content=\"article\" \/>\n<meta property=\"og:title\" content=\"Wat te zien tijdens het eerste weekend van de Flamencobi\u00ebnnale Sevilla 2026\" \/>\n<meta property=\"og:description\" content=\"Wat te zien van 11 tot 13 september tijdens de Flamencobi\u00ebnnale Sevilla 2026: programma, aanbevelingen, uitverkochte voorstellingen, routes en gratis activiteiten.\" \/>\n<meta property=\"og:url\" content=\"https:\/\/www.tablaosflamencos.com\/nl\/wat-te-zien-eerste-weekend-flamencobiennale-sevilla-2026.html\" \/>\n<meta property=\"og:site_name\" content=\"Tablaos Flamencos\" \/>\n<meta property=\"article:publisher\" content=\"https:\/\/www.facebook.com\/tablaosflamencos\" \/>\n<meta property=\"article:published_time\" content=\"2026-08-31T18:03:41+00:00\" \/>\n<meta property=\"article:modified_time\" content=\"2026-08-31T18:29:45+00:00\" \/>\n<meta property=\"og:image\" content=\"https:\/\/www.tablaosflamencos.com\/wp-content\/uploads\/que-ver-el-primer-fin-de-semana-de-la-bienal-de-flamenco-2026-01.webp\" \/>\n\t<meta property=\"og:image:width\" content=\"1920\" \/>\n\t<meta property=\"og:image:height\" content=\"1072\" \/>\n\t<meta property=\"og:image:type\" content=\"image\/webp\" \/>\n<meta name=\"author\" content=\"Miguel Ortiz\" \/>\n<meta name=\"twitter:card\" content=\"summary_large_image\" \/>\n<meta name=\"twitter:creator\" content=\"@tablaosflamenco\" \/>\n<meta name=\"twitter:site\" content=\"@tablaosflamenco\" \/>\n<meta name=\"twitter:label1\" content=\"Geschreven door\" \/>\n\t<meta name=\"twitter:data1\" content=\"Miguel Ortiz\" \/>\n\t<meta name=\"twitter:label2\" content=\"Geschatte leestijd\" \/>\n\t<meta name=\"twitter:data2\" content=\"23 minuten\" \/>\n<script type=\"application\/ld+json\" class=\"yoast-schema-graph\">{\"@context\":\"https:\\\/\\\/schema.org\",\"@graph\":[{\"@type\":\"Article\",\"@id\":\"https:\\\/\\\/www.tablaosflamencos.com\\\/nl\\\/wat-te-zien-eerste-weekend-flamencobiennale-sevilla-2026.html#article\",\"isPartOf\":{\"@id\":\"https:\\\/\\\/www.tablaosflamencos.com\\\/nl\\\/wat-te-zien-eerste-weekend-flamencobiennale-sevilla-2026.html\"},\"author\":{\"name\":\"Miguel Ortiz\",\"@id\":\"https:\\\/\\\/www.tablaosflamencos.com\\\/nl#\\\/schema\\\/person\\\/e7a9ebe14eb75a52ceabfbffb3c54f5d\"},\"headline\":\"Wat te zien tijdens het eerste weekend van de Flamencobi\u00ebnnale Sevilla 2026\",\"datePublished\":\"2026-08-31T18:03:41+00:00\",\"dateModified\":\"2026-08-31T18:29:45+00:00\",\"mainEntityOfPage\":{\"@id\":\"https:\\\/\\\/www.tablaosflamencos.com\\\/nl\\\/wat-te-zien-eerste-weekend-flamencobiennale-sevilla-2026.html\"},\"wordCount\":4609,\"publisher\":{\"@id\":\"https:\\\/\\\/www.tablaosflamencos.com\\\/nl#organization\"},\"image\":{\"@id\":\"https:\\\/\\\/www.tablaosflamencos.com\\\/nl\\\/wat-te-zien-eerste-weekend-flamencobiennale-sevilla-2026.html#primaryimage\"},\"thumbnailUrl\":\"https:\\\/\\\/www.tablaosflamencos.com\\\/wp-content\\\/uploads\\\/que-ver-el-primer-fin-de-semana-de-la-bienal-de-flamenco-2026-01.webp\",\"keywords\":[\"agenda flamenca\",\"Bienal 2026\",\"Bienal de Flamenco\",\"festivales flamencos\",\"flamenco en Sevilla\",\"sevilla\"],\"articleSection\":[\"Flamencobi\u00ebnnale\"],\"inLanguage\":\"nl-NL\"},{\"@type\":\"WebPage\",\"@id\":\"https:\\\/\\\/www.tablaosflamencos.com\\\/nl\\\/wat-te-zien-eerste-weekend-flamencobiennale-sevilla-2026.html\",\"url\":\"https:\\\/\\\/www.tablaosflamencos.com\\\/nl\\\/wat-te-zien-eerste-weekend-flamencobiennale-sevilla-2026.html\",\"name\":\"Eerste weekend Bi\u00ebnnale 2026: wat zien in Sevilla\",\"isPartOf\":{\"@id\":\"https:\\\/\\\/www.tablaosflamencos.com\\\/nl#website\"},\"primaryImageOfPage\":{\"@id\":\"https:\\\/\\\/www.tablaosflamencos.com\\\/nl\\\/wat-te-zien-eerste-weekend-flamencobiennale-sevilla-2026.html#primaryimage\"},\"image\":{\"@id\":\"https:\\\/\\\/www.tablaosflamencos.com\\\/nl\\\/wat-te-zien-eerste-weekend-flamencobiennale-sevilla-2026.html#primaryimage\"},\"thumbnailUrl\":\"https:\\\/\\\/www.tablaosflamencos.com\\\/wp-content\\\/uploads\\\/que-ver-el-primer-fin-de-semana-de-la-bienal-de-flamenco-2026-01.webp\",\"datePublished\":\"2026-08-31T18:03:41+00:00\",\"dateModified\":\"2026-08-31T18:29:45+00:00\",\"description\":\"Wat te zien van 11 tot 13 september tijdens de Flamencobi\u00ebnnale Sevilla 2026: programma, aanbevelingen, uitverkochte voorstellingen, routes en gratis activiteiten.\",\"breadcrumb\":{\"@id\":\"https:\\\/\\\/www.tablaosflamencos.com\\\/nl\\\/wat-te-zien-eerste-weekend-flamencobiennale-sevilla-2026.html#breadcrumb\"},\"inLanguage\":\"nl-NL\",\"potentialAction\":[{\"@type\":\"ReadAction\",\"target\":[\"https:\\\/\\\/www.tablaosflamencos.com\\\/nl\\\/wat-te-zien-eerste-weekend-flamencobiennale-sevilla-2026.html\"]}]},{\"@type\":\"ImageObject\",\"inLanguage\":\"nl-NL\",\"@id\":\"https:\\\/\\\/www.tablaosflamencos.com\\\/nl\\\/wat-te-zien-eerste-weekend-flamencobiennale-sevilla-2026.html#primaryimage\",\"url\":\"https:\\\/\\\/www.tablaosflamencos.com\\\/wp-content\\\/uploads\\\/que-ver-el-primer-fin-de-semana-de-la-bienal-de-flamenco-2026-01.webp\",\"contentUrl\":\"https:\\\/\\\/www.tablaosflamencos.com\\\/wp-content\\\/uploads\\\/que-ver-el-primer-fin-de-semana-de-la-bienal-de-flamenco-2026-01.webp\",\"width\":1920,\"height\":1072,\"caption\":\"Qu\u00e9 ver el primer fin de semana de la Bienal de Flamenco 2026\"},{\"@type\":\"BreadcrumbList\",\"@id\":\"https:\\\/\\\/www.tablaosflamencos.com\\\/nl\\\/wat-te-zien-eerste-weekend-flamencobiennale-sevilla-2026.html#breadcrumb\",\"itemListElement\":[{\"@type\":\"ListItem\",\"position\":1,\"name\":\"Home\",\"item\":\"https:\\\/\\\/www.tablaosflamencos.com\\\/nl\"},{\"@type\":\"ListItem\",\"position\":2,\"name\":\"Wat te zien tijdens het eerste weekend van de Flamencobi\u00ebnnale Sevilla 2026\"}]},{\"@type\":\"WebSite\",\"@id\":\"https:\\\/\\\/www.tablaosflamencos.com\\\/nl#website\",\"url\":\"https:\\\/\\\/www.tablaosflamencos.com\\\/nl\",\"name\":\"Tablaos Flamencos\",\"description\":\"Entradas para tablaos flamencos de Espa\u00f1a\",\"publisher\":{\"@id\":\"https:\\\/\\\/www.tablaosflamencos.com\\\/nl#organization\"},\"alternateName\":\"Tablaos Flamencos\",\"potentialAction\":[{\"@type\":\"SearchAction\",\"target\":{\"@type\":\"EntryPoint\",\"urlTemplate\":\"https:\\\/\\\/www.tablaosflamencos.com\\\/nl?s={search_term_string}\"},\"query-input\":{\"@type\":\"PropertyValueSpecification\",\"valueRequired\":true,\"valueName\":\"search_term_string\"}}],\"inLanguage\":\"nl-NL\"},{\"@type\":[\"Organization\",\"Place\",\"EntertainmentBusiness\"],\"@id\":\"https:\\\/\\\/www.tablaosflamencos.com\\\/nl#organization\",\"name\":\"Tablaos Flamencos\",\"alternateName\":\"Tablaos Flamencos\",\"url\":\"https:\\\/\\\/www.tablaosflamencos.com\\\/nl\",\"logo\":{\"@id\":\"https:\\\/\\\/www.tablaosflamencos.com\\\/nl\\\/wat-te-zien-eerste-weekend-flamencobiennale-sevilla-2026.html#local-main-organization-logo\"},\"image\":{\"@id\":\"https:\\\/\\\/www.tablaosflamencos.com\\\/nl\\\/wat-te-zien-eerste-weekend-flamencobiennale-sevilla-2026.html#local-main-organization-logo\"},\"sameAs\":[\"https:\\\/\\\/www.facebook.com\\\/tablaosflamencos\",\"https:\\\/\\\/x.com\\\/tablaosflamenco\",\"https:\\\/\\\/mastodon.social\\\/@tablaosflamencos\",\"https:\\\/\\\/www.instagram.com\\\/tablaosflamencos\",\"https:\\\/\\\/tiktok.com\\\/@tablaosflamencos\",\"https:\\\/\\\/www.linkedin.com\\\/company\\\/109408238\\\/\"],\"description\":\"Venta de entradas para espect\u00e1culos flamencos\",\"legalName\":\"Tablaos Flamencos\",\"foundingDate\":\"2015-01-01\",\"numberOfEmployees\":{\"@type\":\"QuantitativeValue\",\"minValue\":\"1\",\"maxValue\":\"10\"},\"address\":{\"@id\":\"https:\\\/\\\/www.tablaosflamencos.com\\\/nl\\\/wat-te-zien-eerste-weekend-flamencobiennale-sevilla-2026.html#local-main-place-address\"},\"geo\":{\"@type\":\"GeoCoordinates\",\"latitude\":\"37.3868072\",\"longitude\":\"-5.993280299999999\"},\"telephone\":[\"+34623787787\"],\"contactPoint\":{\"@type\":\"ContactPoint\",\"telephone\":\"+34623787787\",\"email\":\"info@tablaosflamencos.com\"},\"openingHoursSpecification\":{\"@type\":\"OpeningHoursSpecification\",\"dayOfWeek\":[\"Monday\",\"Tuesday\",\"Wednesday\",\"Thursday\",\"Friday\",\"Saturday\",\"Sunday\"],\"opens\":\"00:00\",\"closes\":\"23:59\"},\"email\":\"info@tablaosflamencos.com\",\"priceRange\":\"$$$\",\"currenciesAccepted\":\"\u20ac\"},{\"@type\":\"Person\",\"@id\":\"https:\\\/\\\/www.tablaosflamencos.com\\\/nl#\\\/schema\\\/person\\\/e7a9ebe14eb75a52ceabfbffb3c54f5d\",\"name\":\"Miguel Ortiz\",\"description\":\"Miguel Ortiz es un empresario flamenco, con una s\u00f3lida trayectoria dentro del sector. Ha presidido entidades culturales vinculadas al flamenco y, cuenta con un amplio recorrido profesional en la gesti\u00f3n y promoci\u00f3n de espect\u00e1culos y tablaos flamencos. Su pasi\u00f3n por la historia y el arte flamenco se refleja en cada art\u00edculo, donde combina experiencia, criterio y un profundo respeto por la tradici\u00f3n.\",\"sameAs\":[\"https:\\\/\\\/www.tablaosflamencos.com\",\"https:\\\/\\\/www.instagra.com\\\/miguelortizfe\",\"https:\\\/\\\/www.linkedin.com\\\/in\\\/miguelortizf\\\/\"],\"birthDate\":\"1984-11-22\",\"gender\":\"hombre\",\"knowsLanguage\":[\"espa\u00f1ol\",\"ingl\u00e9s\"],\"jobTitle\":\"Empresario flamenco\"},{\"@type\":\"PostalAddress\",\"@id\":\"https:\\\/\\\/www.tablaosflamencos.com\\\/nl\\\/wat-te-zien-eerste-weekend-flamencobiennale-sevilla-2026.html#local-main-place-address\",\"streetAddress\":\"C\\\/ Alemanes, 19\",\"addressLocality\":\"Sevilla\",\"postalCode\":\"41004\",\"addressRegion\":\"Sevilla\",\"addressCountry\":\"ES\"},{\"@type\":\"ImageObject\",\"inLanguage\":\"nl-NL\",\"@id\":\"https:\\\/\\\/www.tablaosflamencos.com\\\/nl\\\/wat-te-zien-eerste-weekend-flamencobiennale-sevilla-2026.html#local-main-organization-logo\",\"url\":\"https:\\\/\\\/www.tablaosflamencos.com\\\/wp-content\\\/uploads\\\/tablaos-flamencos-06-3.webp\",\"contentUrl\":\"https:\\\/\\\/www.tablaosflamencos.com\\\/wp-content\\\/uploads\\\/tablaos-flamencos-06-3.webp\",\"width\":600,\"height\":620,\"caption\":\"Tablaos Flamencos\"}]}<\/script>\n<meta name=\"geo.placename\" content=\"Sevilla\" \/>\n<meta name=\"geo.position\" content=\"37.3868072;-5.993280299999999\" \/>\n<meta name=\"geo.region\" content=\"Spanje\" \/>\n<!-- \/ Yoast SEO Premium plugin. -->","yoast_head_json":{"title":"Eerste weekend Bi\u00ebnnale 2026: wat zien in Sevilla","description":"Wat te zien van 11 tot 13 september tijdens de Flamencobi\u00ebnnale Sevilla 2026: programma, aanbevelingen, uitverkochte voorstellingen, routes en gratis activiteiten.","robots":{"index":"index","follow":"follow","max-snippet":"max-snippet:-1","max-image-preview":"max-image-preview:large","max-video-preview":"max-video-preview:-1"},"canonical":"https:\/\/www.tablaosflamencos.com\/nl\/wat-te-zien-eerste-weekend-flamencobiennale-sevilla-2026.html","og_locale":"nl_NL","og_type":"article","og_title":"Wat te zien tijdens het eerste weekend van de Flamencobi\u00ebnnale Sevilla 2026","og_description":"Wat te zien van 11 tot 13 september tijdens de Flamencobi\u00ebnnale Sevilla 2026: programma, aanbevelingen, uitverkochte voorstellingen, routes en gratis activiteiten.","og_url":"https:\/\/www.tablaosflamencos.com\/nl\/wat-te-zien-eerste-weekend-flamencobiennale-sevilla-2026.html","og_site_name":"Tablaos Flamencos","article_publisher":"https:\/\/www.facebook.com\/tablaosflamencos","article_published_time":"2026-08-31T18:03:41+00:00","article_modified_time":"2026-08-31T18:29:45+00:00","og_image":[{"width":1920,"height":1072,"url":"https:\/\/www.tablaosflamencos.com\/wp-content\/uploads\/que-ver-el-primer-fin-de-semana-de-la-bienal-de-flamenco-2026-01.webp","type":"image\/webp"}],"author":"Miguel Ortiz","twitter_card":"summary_large_image","twitter_creator":"@tablaosflamenco","twitter_site":"@tablaosflamenco","twitter_misc":{"Geschreven door":"Miguel Ortiz","Geschatte leestijd":"23 minuten"},"schema":{"@context":"https:\/\/schema.org","@graph":[{"@type":"Article","@id":"https:\/\/www.tablaosflamencos.com\/nl\/wat-te-zien-eerste-weekend-flamencobiennale-sevilla-2026.html#article","isPartOf":{"@id":"https:\/\/www.tablaosflamencos.com\/nl\/wat-te-zien-eerste-weekend-flamencobiennale-sevilla-2026.html"},"author":{"name":"Miguel Ortiz","@id":"https:\/\/www.tablaosflamencos.com\/nl#\/schema\/person\/e7a9ebe14eb75a52ceabfbffb3c54f5d"},"headline":"Wat te zien tijdens het eerste weekend van de Flamencobi\u00ebnnale Sevilla 2026","datePublished":"2026-08-31T18:03:41+00:00","dateModified":"2026-08-31T18:29:45+00:00","mainEntityOfPage":{"@id":"https:\/\/www.tablaosflamencos.com\/nl\/wat-te-zien-eerste-weekend-flamencobiennale-sevilla-2026.html"},"wordCount":4609,"publisher":{"@id":"https:\/\/www.tablaosflamencos.com\/nl#organization"},"image":{"@id":"https:\/\/www.tablaosflamencos.com\/nl\/wat-te-zien-eerste-weekend-flamencobiennale-sevilla-2026.html#primaryimage"},"thumbnailUrl":"https:\/\/www.tablaosflamencos.com\/wp-content\/uploads\/que-ver-el-primer-fin-de-semana-de-la-bienal-de-flamenco-2026-01.webp","keywords":["agenda flamenca","Bienal 2026","Bienal de Flamenco","festivales flamencos","flamenco en Sevilla","sevilla"],"articleSection":["Flamencobi\u00ebnnale"],"inLanguage":"nl-NL"},{"@type":"WebPage","@id":"https:\/\/www.tablaosflamencos.com\/nl\/wat-te-zien-eerste-weekend-flamencobiennale-sevilla-2026.html","url":"https:\/\/www.tablaosflamencos.com\/nl\/wat-te-zien-eerste-weekend-flamencobiennale-sevilla-2026.html","name":"Eerste weekend Bi\u00ebnnale 2026: wat zien in Sevilla","isPartOf":{"@id":"https:\/\/www.tablaosflamencos.com\/nl#website"},"primaryImageOfPage":{"@id":"https:\/\/www.tablaosflamencos.com\/nl\/wat-te-zien-eerste-weekend-flamencobiennale-sevilla-2026.html#primaryimage"},"image":{"@id":"https:\/\/www.tablaosflamencos.com\/nl\/wat-te-zien-eerste-weekend-flamencobiennale-sevilla-2026.html#primaryimage"},"thumbnailUrl":"https:\/\/www.tablaosflamencos.com\/wp-content\/uploads\/que-ver-el-primer-fin-de-semana-de-la-bienal-de-flamenco-2026-01.webp","datePublished":"2026-08-31T18:03:41+00:00","dateModified":"2026-08-31T18:29:45+00:00","description":"Wat te zien van 11 tot 13 september tijdens de Flamencobi\u00ebnnale Sevilla 2026: programma, aanbevelingen, uitverkochte voorstellingen, routes en gratis activiteiten.","breadcrumb":{"@id":"https:\/\/www.tablaosflamencos.com\/nl\/wat-te-zien-eerste-weekend-flamencobiennale-sevilla-2026.html#breadcrumb"},"inLanguage":"nl-NL","potentialAction":[{"@type":"ReadAction","target":["https:\/\/www.tablaosflamencos.com\/nl\/wat-te-zien-eerste-weekend-flamencobiennale-sevilla-2026.html"]}]},{"@type":"ImageObject","inLanguage":"nl-NL","@id":"https:\/\/www.tablaosflamencos.com\/nl\/wat-te-zien-eerste-weekend-flamencobiennale-sevilla-2026.html#primaryimage","url":"https:\/\/www.tablaosflamencos.com\/wp-content\/uploads\/que-ver-el-primer-fin-de-semana-de-la-bienal-de-flamenco-2026-01.webp","contentUrl":"https:\/\/www.tablaosflamencos.com\/wp-content\/uploads\/que-ver-el-primer-fin-de-semana-de-la-bienal-de-flamenco-2026-01.webp","width":1920,"height":1072,"caption":"Qu\u00e9 ver el primer fin de semana de la Bienal de Flamenco 2026"},{"@type":"BreadcrumbList","@id":"https:\/\/www.tablaosflamencos.com\/nl\/wat-te-zien-eerste-weekend-flamencobiennale-sevilla-2026.html#breadcrumb","itemListElement":[{"@type":"ListItem","position":1,"name":"Home","item":"https:\/\/www.tablaosflamencos.com\/nl"},{"@type":"ListItem","position":2,"name":"Wat te zien tijdens het eerste weekend van de Flamencobi\u00ebnnale Sevilla 2026"}]},{"@type":"WebSite","@id":"https:\/\/www.tablaosflamencos.com\/nl#website","url":"https:\/\/www.tablaosflamencos.com\/nl","name":"Tablaos Flamencos","description":"Entradas para tablaos flamencos de Espa\u00f1a","publisher":{"@id":"https:\/\/www.tablaosflamencos.com\/nl#organization"},"alternateName":"Tablaos Flamencos","potentialAction":[{"@type":"SearchAction","target":{"@type":"EntryPoint","urlTemplate":"https:\/\/www.tablaosflamencos.com\/nl?s={search_term_string}"},"query-input":{"@type":"PropertyValueSpecification","valueRequired":true,"valueName":"search_term_string"}}],"inLanguage":"nl-NL"},{"@type":["Organization","Place","EntertainmentBusiness"],"@id":"https:\/\/www.tablaosflamencos.com\/nl#organization","name":"Tablaos Flamencos","alternateName":"Tablaos Flamencos","url":"https:\/\/www.tablaosflamencos.com\/nl","logo":{"@id":"https:\/\/www.tablaosflamencos.com\/nl\/wat-te-zien-eerste-weekend-flamencobiennale-sevilla-2026.html#local-main-organization-logo"},"image":{"@id":"https:\/\/www.tablaosflamencos.com\/nl\/wat-te-zien-eerste-weekend-flamencobiennale-sevilla-2026.html#local-main-organization-logo"},"sameAs":["https:\/\/www.facebook.com\/tablaosflamencos","https:\/\/x.com\/tablaosflamenco","https:\/\/mastodon.social\/@tablaosflamencos","https:\/\/www.instagram.com\/tablaosflamencos","https:\/\/tiktok.com\/@tablaosflamencos","https:\/\/www.linkedin.com\/company\/109408238\/"],"description":"Venta de entradas para espect\u00e1culos flamencos","legalName":"Tablaos Flamencos","foundingDate":"2015-01-01","numberOfEmployees":{"@type":"QuantitativeValue","minValue":"1","maxValue":"10"},"address":{"@id":"https:\/\/www.tablaosflamencos.com\/nl\/wat-te-zien-eerste-weekend-flamencobiennale-sevilla-2026.html#local-main-place-address"},"geo":{"@type":"GeoCoordinates","latitude":"37.3868072","longitude":"-5.993280299999999"},"telephone":["+34623787787"],"contactPoint":{"@type":"ContactPoint","telephone":"+34623787787","email":"info@tablaosflamencos.com"},"openingHoursSpecification":{"@type":"OpeningHoursSpecification","dayOfWeek":["Monday","Tuesday","Wednesday","Thursday","Friday","Saturday","Sunday"],"opens":"00:00","closes":"23:59"},"email":"info@tablaosflamencos.com","priceRange":"$$$","currenciesAccepted":"\u20ac"},{"@type":"Person","@id":"https:\/\/www.tablaosflamencos.com\/nl#\/schema\/person\/e7a9ebe14eb75a52ceabfbffb3c54f5d","name":"Miguel Ortiz","description":"Miguel Ortiz es un empresario flamenco, con una s\u00f3lida trayectoria dentro del sector. Ha presidido entidades culturales vinculadas al flamenco y, cuenta con un amplio recorrido profesional en la gesti\u00f3n y promoci\u00f3n de espect\u00e1culos y tablaos flamencos. Su pasi\u00f3n por la historia y el arte flamenco se refleja en cada art\u00edculo, donde combina experiencia, criterio y un profundo respeto por la tradici\u00f3n.","sameAs":["https:\/\/www.tablaosflamencos.com","https:\/\/www.instagra.com\/miguelortizfe","https:\/\/www.linkedin.com\/in\/miguelortizf\/"],"birthDate":"1984-11-22","gender":"hombre","knowsLanguage":["espa\u00f1ol","ingl\u00e9s"],"jobTitle":"Empresario flamenco"},{"@type":"PostalAddress","@id":"https:\/\/www.tablaosflamencos.com\/nl\/wat-te-zien-eerste-weekend-flamencobiennale-sevilla-2026.html#local-main-place-address","streetAddress":"C\/ Alemanes, 19","addressLocality":"Sevilla","postalCode":"41004","addressRegion":"Sevilla","addressCountry":"ES"},{"@type":"ImageObject","inLanguage":"nl-NL","@id":"https:\/\/www.tablaosflamencos.com\/nl\/wat-te-zien-eerste-weekend-flamencobiennale-sevilla-2026.html#local-main-organization-logo","url":"https:\/\/www.tablaosflamencos.com\/wp-content\/uploads\/tablaos-flamencos-06-3.webp","contentUrl":"https:\/\/www.tablaosflamencos.com\/wp-content\/uploads\/tablaos-flamencos-06-3.webp","width":600,"height":620,"caption":"Tablaos Flamencos"}]},"geo.placename":"Sevilla","geo.position":{"lat":"37.3868072","long":"-5.993280299999999"},"geo.region":"Spanje"},"_links":{"self":[{"href":"https:\/\/www.tablaosflamencos.com\/nl\/wp-json\/wp\/v2\/posts\/13801","targetHints":{"allow":["GET"]}}],"collection":[{"href":"https:\/\/www.tablaosflamencos.com\/nl\/wp-json\/wp\/v2\/posts"}],"about":[{"href":"https:\/\/www.tablaosflamencos.com\/nl\/wp-json\/wp\/v2\/types\/post"}],"author":[{"embeddable":true,"href":"https:\/\/www.tablaosflamencos.com\/nl\/wp-json\/wp\/v2\/users\/1"}],"replies":[{"embeddable":true,"href":"https:\/\/www.tablaosflamencos.com\/nl\/wp-json\/wp\/v2\/comments?post=13801"}],"version-history":[{"count":1,"href":"https:\/\/www.tablaosflamencos.com\/nl\/wp-json\/wp\/v2\/posts\/13801\/revisions"}],"predecessor-version":[{"id":13812,"href":"https:\/\/www.tablaosflamencos.com\/nl\/wp-json\/wp\/v2\/posts\/13801\/revisions\/13812"}],"wp:featuredmedia":[{"embeddable":true,"href":"https:\/\/www.tablaosflamencos.com\/nl\/wp-json\/wp\/v2\/media\/13733"}],"wp:attachment":[{"href":"https:\/\/www.tablaosflamencos.com\/nl\/wp-json\/wp\/v2\/media?parent=13801"}],"wp:term":[{"taxonomy":"category","embeddable":true,"href":"https:\/\/www.tablaosflamencos.com\/nl\/wp-json\/wp\/v2\/categories?post=13801"},{"taxonomy":"post_tag","embeddable":true,"href":"https:\/\/www.tablaosflamencos.com\/nl\/wp-json\/wp\/v2\/tags?post=13801"}],"curies":[{"name":"wp","href":"https:\/\/api.w.org\/{rel}","templated":true}]}}