{"id":13754,"date":"2026-08-31T19:32:09","date_gmt":"2026-08-31T17:32:09","guid":{"rendered":"https:\/\/www.tablaosflamencos.com\/?p=13754"},"modified":"2026-08-31T20:16:26","modified_gmt":"2026-08-31T18:16:26","slug":"flamencobiennale-uitverkocht-flamenco-vanavond-sevilla","status":"publish","type":"post","link":"https:\/\/www.tablaosflamencos.com\/nl\/flamencobiennale-uitverkocht-flamenco-vanavond-sevilla.html","title":{"rendered":"Flamencobi\u00ebnnale uitverkocht: waar je vanavond flamenco ziet in Sevilla"},"content":{"rendered":"<section class=\"l-section wpb_row height_huge\"><div class=\"l-section-h i-cf\"><div class=\"g-cols vc_row via_flex valign_top type_default stacking_default\"><div class=\"vc_col-sm-12 wpb_column vc_column_container\"><div class=\"vc_column-inner\"><div class=\"wpb_wrapper\"><div class=\"wpb_text_column\"><div class=\"wpb_wrapper\"><h2>Bi\u00ebnnale uitverkocht: zo vind je voor vanavond nog flamenco in Sevilla<\/h2>\n<p>Je bent in Sevilla aangekomen tijdens de <strong>XXIV Flamencobi\u00ebnnale<\/strong>, je wilde een specifieke voorstelling zien en zodra je de offici\u00eble ticketverkoop opent, verschijnt het bericht dat niemand wil zien: <strong>uitverkocht<\/strong>. Als er bovendien nog maar een paar uur tot de voorstelling zijn, is de vraag niet meer wat je tijdens de rest van het festival kunt doen, maar iets veel praktischers: <strong>waar kan ik vanavond flamenco zien in Sevilla?<\/strong><\/p>\n<p>Het goede nieuws is dat een uitverkochte voorstelling van de Bi\u00ebnnale niet betekent dat je een avond zonder flamenco hebt. Sevilla heeft het hele jaar door een stabiel aanbod van tablaos en zalen met zang, dans en gitaar, vaak met meerdere voorstellingen, online reservering en onmiddellijke bevestiging. Tijdens de weken van de Bi\u00ebnnale zijn deze locaties bovendien een bijzonder logisch alternatief voor wie de avond goed wil benutten zonder afhankelijk te zijn van een lastminute-annulering.<\/p>\n<p>Deze gids is precies voor dat moment bedoeld. Hij vervangt niet onze algemene gids over <a href=\"https:\/\/www.tablaosflamencos.com\/bienal-flamenco-2026-entradas-agotadas-que-ver.html\"><strong>wat je kunt doen als een voorstelling van de Bi\u00ebnnale is uitverkocht<\/strong><\/a>. Hier gaan we een stap verder: als de voorstelling vanavond zou zijn, helpen we je te beslissen <strong>welke tablao je kiest, in welke buurt je zoekt en hoe je zonder tijdverlies een ticket bemachtigt<\/strong>.<\/p>\n<p>De XXIV Bi\u00ebnnale vindt plaats van <strong>9 september tot en met 3 oktober 2026<\/strong>. De beschikbaarheid van het offici\u00eble programma en van de tablaos verandert voortdurend, dus controleer altijd de werkelijk beschikbare plaatsen op het moment van boeken.<\/p>\n<\/div><\/div><div class=\"w-separator size_medium\"><\/div><div class=\"w-hwrapper valign_top wrap stack_on_mobiles align_center\" style=\"--hwrapper-gap:1.2rem\"><div class=\"w-btn-wrapper align_none\"><a class=\"w-btn us-btn-style_1\" href=\"https:\/\/www.tablaosflamencos.com\/nl\/flamenco-in-sevilla\"><span class=\"w-btn-label\">Beschikbare flamenco in Sevilla bekijken<\/span><\/a><\/div><div class=\"w-btn-wrapper align_none\"><a class=\"w-btn us-btn-style_1\" href=\"https:\/\/www.tablaosflamencos.com\/nl\/flamencobiennale-sevilla-2026-uitverkocht-alternatieven.html\"><span class=\"w-btn-label\">Wat te doen als de Bi\u00ebnnale is uitverkocht<\/span><\/a><\/div><\/div><\/div><\/div><\/div><\/div><\/div><\/section><section class=\"l-section wpb_row height_huge color_alternate with_shape\"><div class=\"l-section-shape type_zigzag pos_top hor_flip\" style=\"height:3vmin;\"><svg xmlns=\"http:\/\/www.w3.org\/2000\/svg\" viewBox=\"0 0 64 8\" preserveAspectRatio=\"none\" width=\"100%\" height=\"100%\">\r\n\t<path fill=\"currentColor\" d=\"M64 8 L0 8 L0 0 L20 7.9 L40 3 L48 5 L64 0 Z\"\/>\r\n<\/svg><\/div><div class=\"l-section-shape type_zigzag pos_bottom\" style=\"height:3vmin;\"><svg xmlns=\"http:\/\/www.w3.org\/2000\/svg\" viewBox=\"0 0 64 8\" preserveAspectRatio=\"none\" width=\"100%\" height=\"100%\">\r\n\t<path fill=\"currentColor\" d=\"M64 8 L0 8 L0 0 L20 7.9 L40 3 L48 5 L64 0 Z\"\/>\r\n<\/svg><\/div><div class=\"l-section-h i-cf\"><div class=\"g-cols vc_row via_flex valign_top type_default stacking_default\"><div class=\"vc_col-sm-12 wpb_column vc_column_container\"><div class=\"vc_column-inner\"><div class=\"wpb_wrapper\"><div class=\"wpb_text_column\"><div class=\"wpb_wrapper\"><blockquote>\n<p><strong>Kort antwoord:<\/strong> als de voorstelling van de Bi\u00ebnnale die je wilde zien is uitverkocht, controleer dan eerst of er nog tickets zijn voor een andere offici\u00eble voorstelling. Zoek je nog voor vanavond flamenco, wacht dan niet op een mogelijke annulering: open onze selectie van <strong>flamenco in Sevilla<\/strong>, controleer de beschikbaarheid voor vandaag en kies een tablao op basis van je locatie en het soort ervaring dat je zoekt. In het centrum zijn er opties bij Las Setas, Plaza Nueva, Santa Cruz, de Giralda, Las Due\u00f1as en calle Zaragoza, van zalen met nauwelijks 20 plaatsen tot tablaos met gastronomie en verschillende ticketformules.<\/p>\n<\/blockquote>\n<\/div><\/div><\/div><\/div><\/div><\/div><\/div><\/section><section class=\"l-section wpb_row height_huge\"><div class=\"l-section-h i-cf\"><div class=\"g-cols vc_row via_flex valign_top type_default stacking_default\"><div class=\"vc_col-sm-1\/5 wpb_column vc_column_container\"><div class=\"vc_column-inner\"><div class=\"wpb_wrapper\"><\/div><\/div><\/div><div class=\"vc_col-sm-3\/5 wpb_column vc_column_container\"><div class=\"vc_column-inner\"><div class=\"wpb_wrapper\"><div class=\"wpb_text_column\"><div class=\"wpb_wrapper\"><h2 style=\"text-align: center;\">Inhoud van deze gids<\/h2>\n<ul>\n<li><a href=\"#comprobar-bienal\">Eerst: controleer of alleen jouw voorstelling of het hele tijdsblok is uitverkocht<\/a><\/li>\n<li><a href=\"#si-faltan-pocas-horas\">Wat te doen als er nog maar een paar uur tot de voorstelling zijn<\/a><\/li>\n<li><a href=\"#donde-ver-flamenco-hoy-sevilla\">Waar je vanavond flamenco kunt zien in Sevilla<\/a><\/li>\n<li><a href=\"#tablaos-segun-zona\">Tablaos per buurt en type ervaring<\/a><\/li>\n<li><a href=\"#elegir-tablao-experiencia\">Wat te kiezen als je diner, intimiteit of een centrale locatie wilt<\/a><\/li>\n<li><a href=\"#flamenco-ultima-hora\">Wat te doen als het al 19.00 of 20.00 uur is<\/a><\/li>\n<li><a href=\"#bienal-y-tablao\">Bi\u00ebnnale en tablao: twee verschillende ervaringen<\/a><\/li>\n<li><a href=\"#errores-evitar\">Fouten die je beter vermijdt<\/a><\/li>\n<li><a href=\"#preguntas-frecuentes\">Veelgestelde vragen<\/a><\/li>\n<\/ul>\n<\/div><\/div><\/div><\/div><\/div><div class=\"vc_col-sm-1\/5 wpb_column vc_column_container\"><div class=\"vc_column-inner\"><div class=\"wpb_wrapper\"><\/div><\/div><\/div><\/div><\/div><\/section><section class=\"l-section wpb_row height_huge\"><div class=\"l-section-h i-cf\"><div class=\"g-cols vc_row via_flex valign_top type_default stacking_default\"><div class=\"vc_col-sm-12 wpb_column vc_column_container\"><div class=\"vc_column-inner\"><div class=\"wpb_wrapper\"><div class=\"wpb_text_column\"><div class=\"wpb_wrapper\"><h2 id=\"comprobar-bienal\">Eerst: \u00e9\u00e9n uitverkochte voorstelling betekent niet dat de hele Bi\u00ebnnale is uitverkocht<\/h2>\n<p>Voordat je je plan verandert, is \u00e9\u00e9n eenvoudige controle de moeite waard. Voor de Bi\u00ebnnale bestaat geen enkel algemeen ticket: <strong>elke voorstelling wordt afzonderlijk verkocht<\/strong>, met een eigen locatie en capaciteit. Daardoor kan \u00e9\u00e9n voorstelling uitverkocht zijn terwijl een andere op dezelfde avond nog plaatsen heeft.<\/p>\n<p>De editie van 2026 kent een bijzonder grote vraag. De organisatie heeft meerdere uitverkochte voorstellingen gemeld, waaronder producties van Ana Morales en Encarna Anillo, terwijl andere data al maanden voor de start van het festival het bordje <em>sold out<\/em> hadden. Dat betekent echter niet dat je kunt zeggen dat \u201cde hele Bi\u00ebnnale is uitverkocht\u201d.<\/p>\n<p>Als je nog enkele uren hebt, ga dan eerst naar het <a href=\"https:\/\/www.labienal.com\/programa-general\" target=\"_blank\" rel=\"noopener\"><strong>offici\u00eble programma van de Bi\u00ebnnale<\/strong><\/a> en bekijk wat er op diezelfde datum plaatsvindt. Je eerste keuze kan vol zijn terwijl er nog een andere passende voorstelling beschikbaar is.<\/p>\n<p>De organisatie geeft bovendien aan dat er \u00e9\u00e9n uur voor iedere voorstelling verkoop aan de locatie kan zijn <strong>als er nog plaatsen beschikbaar zijn<\/strong>. Dat betekent niet dat er tickets worden achtergehouden voor een voorstelling die al is uitverkocht. Als het offici\u00eble systeem <em>sold out<\/em> aangeeft, moet naar de kassa gaan worden gezien als een onzekere mogelijkheid en niet als je belangrijkste plan voor de avond.<\/p>\n<\/div><\/div><\/div><\/div><\/div><\/div><\/div><\/section><section class=\"l-section wpb_row height_huge color_alternate with_shape\"><div class=\"l-section-shape type_zigzag pos_top hor_flip\" style=\"height:3vmin;\"><svg xmlns=\"http:\/\/www.w3.org\/2000\/svg\" viewBox=\"0 0 64 8\" preserveAspectRatio=\"none\" width=\"100%\" height=\"100%\">\r\n\t<path fill=\"currentColor\" d=\"M64 8 L0 8 L0 0 L20 7.9 L40 3 L48 5 L64 0 Z\"\/>\r\n<\/svg><\/div><div class=\"l-section-shape type_zigzag pos_bottom\" style=\"height:3vmin;\"><svg xmlns=\"http:\/\/www.w3.org\/2000\/svg\" viewBox=\"0 0 64 8\" preserveAspectRatio=\"none\" width=\"100%\" height=\"100%\">\r\n\t<path fill=\"currentColor\" d=\"M64 8 L0 8 L0 0 L20 7.9 L40 3 L48 5 L64 0 Z\"\/>\r\n<\/svg><\/div><div class=\"l-section-h i-cf\"><div class=\"g-cols vc_row via_flex valign_top type_default stacking_default\"><div class=\"vc_col-sm-4 wpb_column vc_column_container\"><div class=\"vc_column-inner\"><div class=\"wpb_wrapper\"><div class=\"wpb_text_column\"><div class=\"wpb_wrapper\"><h3 id=\"si-faltan-pocas-horas\">1. Controleer de Bi\u00ebnnale<\/h3>\n<p>Bekijk het offici\u00eble programma voor jouw datum en bevestig dat je voorstelling echt is uitverkocht. Als er een andere voorstelling is die je aanspreekt en waarvoor nog tickets zijn, boek die dan voordat je verder vergelijkt.<\/p>\n<\/div><\/div><\/div><\/div><\/div><div class=\"vc_col-sm-4 wpb_column vc_column_container\"><div class=\"vc_column-inner\"><div class=\"wpb_wrapper\"><div class=\"wpb_text_column\"><div class=\"wpb_wrapper\"><h3>2. Stel een uiterste tijd vast<\/h3>\n<p>Wil je vanavond flamenco zien, wacht dan niet eindeloos op een annulering. Bepaal tot hoe laat je de optie van de Bi\u00ebnnale open wilt houden en leg daarna een andere voorstelling vast.<\/p>\n<\/div><\/div><\/div><\/div><\/div><div class=\"vc_col-sm-4 wpb_column vc_column_container\"><div class=\"vc_column-inner\"><div class=\"wpb_wrapper\"><div class=\"wpb_text_column\"><div class=\"wpb_wrapper\"><h3>3. Boek de tablao<\/h3>\n<p>Vergelijk de tablaos in Sevilla, kies degene die past bij je locatie, tijd en type avond en rond de reservering af. Tijdens de Bi\u00ebnnale kan de vraag ook toenemen bij de vaste flamencovoorstellingen van de stad.<\/p>\n<\/div><\/div><\/div><\/div><\/div><\/div><\/div><\/section><section class=\"l-section wpb_row height_huge\"><div class=\"l-section-h i-cf\"><div class=\"g-cols vc_row via_flex valign_top type_default stacking_default\"><div class=\"vc_col-sm-12 wpb_column vc_column_container\"><div class=\"vc_column-inner\"><div class=\"wpb_wrapper\"><div class=\"wpb_text_column\"><div class=\"wpb_wrapper\"><h2 id=\"donde-ver-flamenco-hoy-sevilla\">Waar je vanavond flamenco kunt zien in Sevilla als je geen ticket voor de Bi\u00ebnnale hebt<\/h2>\n<p>Het beste alternatief hangt minder af van het vinden van een vermeende \u201cbeste tablao\u201d dan van het kiezen van de locatie die bij jouw werkelijke situatie past. Ben je in Santa Cruz en heb je nog twee uur, dan heeft het weinig zin om voor een klein verschil de hele stad door te reizen. Wil je tijdens de ervaring eten, kies dan een plek waar gastronomie al onderdeel van het aanbod is. Zocht je bij de Bi\u00ebnnale vooral nabijheid en aandachtig luisteren, dan kan een zeer kleine zaal precies zijn wat je nodig hebt.<\/p>\n<p>Dit zijn enkele van de opties die je op onze website kunt vergelijken. <strong>De exacte beschikbaarheid moet bij het boeken worden gecontroleerd voor je datum en het aantal personen.<\/strong><\/p>\n<\/div><\/div><\/div><\/div><\/div><\/div><\/div><\/section><section class=\"l-section wpb_row height_huge\"><div class=\"l-section-h i-cf\"><div class=\"g-cols vc_row via_flex valign_top type_default stacking_default\"><div class=\"vc_col-sm-6 wpb_column vc_column_container\"><div class=\"vc_column-inner\"><div class=\"wpb_wrapper\"><div class=\"wpb_text_column\"><div class=\"wpb_wrapper\"><h2>Tablao Flamenco Las Setas: zeer centraal en gemakkelijk in je avond in te passen<\/h2>\n<p>Als je rond Encarnaci\u00f3n, Alameda, Regina of in het noordelijke deel van het historische centrum bent, <a href=\"https:\/\/www.tablaosflamencos.com\/tablao\/tablao-flamenco-las-setas\"><strong>Tablao Flamenco Las Setas<\/strong><\/a> is een van de eenvoudigste alternatieven voor een avond zonder ticket voor de Bi\u00ebnnale. De locatie ligt bij het Metropol Parasol en biedt een verzorgde, intieme ervaring die gemakkelijk te combineren is met een middag in het centrum.<\/p>\n<p>Het is vooral interessant voor wie comfort en een hoog scenisch niveau zoekt, met opties die afhankelijk van de beschikbare formule drankjes, sherrywijnen of tapas kunnen omvatten. Ben je al bij Las Setas, dan is logistiek het grootste voordeel: je kunt je avond opnieuw indelen zonder veel tijd aan verplaatsingen kwijt te zijn.<\/p>\n<\/div><\/div><\/div><\/div><\/div><div class=\"vc_col-sm-6 wpb_column vc_column_container\"><div class=\"vc_column-inner\"><div class=\"wpb_wrapper\"><div class=\"wpb_text_column\"><div class=\"wpb_wrapper\"><h3>Dit kan bij je passen als&#8230;<\/h3>\n<ul>\n<li>Je bij Las Setas, Alameda of in het noordelijke centrum bent.<\/li>\n<li>Je een verzorgde en centrale ervaring zoekt.<\/li>\n<li>Je de avond met weinig verplaatsing wilt organiseren.<\/li>\n<li>Je verschillende ticketformules wilt vergelijken.<\/li>\n<\/ul>\n<\/div><\/div><\/div><\/div><\/div><\/div><\/div><\/section><section class=\"l-section wpb_row height_huge color_alternate with_shape\"><div class=\"l-section-shape type_zigzag pos_top hor_flip\" style=\"height:3vmin;\"><svg xmlns=\"http:\/\/www.w3.org\/2000\/svg\" viewBox=\"0 0 64 8\" preserveAspectRatio=\"none\" width=\"100%\" height=\"100%\">\r\n\t<path fill=\"currentColor\" d=\"M64 8 L0 8 L0 0 L20 7.9 L40 3 L48 5 L64 0 Z\"\/>\r\n<\/svg><\/div><div class=\"l-section-shape type_zigzag pos_bottom\" style=\"height:3vmin;\"><svg xmlns=\"http:\/\/www.w3.org\/2000\/svg\" viewBox=\"0 0 64 8\" preserveAspectRatio=\"none\" width=\"100%\" height=\"100%\">\r\n\t<path fill=\"currentColor\" d=\"M64 8 L0 8 L0 0 L20 7.9 L40 3 L48 5 L64 0 Z\"\/>\r\n<\/svg><\/div><div class=\"l-section-h i-cf\"><div class=\"g-cols vc_row via_flex valign_top type_default stacking_default\"><div class=\"vc_col-sm-6 wpb_column vc_column_container\"><div class=\"vc_column-inner\"><div class=\"wpb_wrapper\"><div class=\"wpb_text_column\"><div class=\"wpb_wrapper\"><h2>Tablao Flamenco La Cantaora: als je plan B wilt veranderen in een complete avond<\/h2>\n<p>Voor wie v\u00f3\u00f3r of na de Bi\u00ebnnale wilde dineren, <a href=\"https:\/\/www.tablaosflamencos.com\/tablao\/tablao-flamenco-la-cantaora\"><strong>Tablao Flamenco La Cantaora<\/strong><\/a> heeft \u00e9\u00e9n duidelijk voordeel: flamenco en gastronomie kunnen in \u00e9\u00e9n plan worden gecombineerd. De locatie ligt naast Plaza Nueva, midden in het centrum, en het concept is ge\u00efnspireerd op de sfeer van de historische caf\u00e9s cantantes.<\/p>\n<p>De capaciteit is beperkt en er zijn formules met cocktail, tapa, voorkeurszitplaats of volledig diner. Dat is vooral praktisch als de wijziging van je oorspronkelijke plan er ook voor heeft gezorgd dat je geen dinerreservering meer hebt: in plaats van twee plaatsen last minute te regelen, kun je de hele avond in \u00e9\u00e9n ervaring samenbrengen.<\/p>\n<\/div><\/div><\/div><\/div><\/div><div class=\"vc_col-sm-6 wpb_column vc_column_container\"><div class=\"vc_column-inner\"><div class=\"wpb_wrapper\"><div class=\"wpb_text_column\"><div class=\"wpb_wrapper\"><h3>Dit kan bij je passen als&#8230;<\/h3>\n<ul>\n<li>Je dicht bij Plaza Nueva, Arenal of de kathedraal bent.<\/li>\n<li>Je voorstelling en gastronomie wilt combineren.<\/li>\n<li>Je met z\u2019n twee\u00ebn reist of een complete avond zoekt.<\/li>\n<li>Je de voorkeur geeft aan een kleine en comfortabele ruimte.<\/li>\n<\/ul>\n<\/div><\/div><\/div><\/div><\/div><\/div><\/div><\/section><section class=\"l-section wpb_row height_huge\"><div class=\"l-section-h i-cf\"><div class=\"g-cols vc_row via_flex valign_top type_default stacking_default\"><div class=\"vc_col-sm-6 wpb_column vc_column_container\"><div class=\"vc_column-inner\"><div class=\"wpb_wrapper\"><div class=\"wpb_text_column\"><div class=\"wpb_wrapper\"><h2>Casa Duende Tablao: flamenco in de oude stad met een interactief format<\/h2>\n<p><a href=\"https:\/\/www.tablaosflamencos.com\/tablao\/casa-duende-tablao\"><strong>Casa Duende Tablao<\/strong><\/a> biedt in de oude stad een voorstelling van ongeveer een uur, met zang, dans en gitaar en een meer interactieve finale. Het kan een goede keuze zijn voor wie flamenco voor het eerst beleeft en een direct, toegankelijk en dichtbij format zoekt.<\/p>\n<p>Er zijn ook formules met proeverij en tafel, zodat je de avond kunt aanpassen zonder er een formeel diner van te maken. Reis je met vrienden, familie of een kleine groep, dan kan deze openere sfeer beter passen dan een erg plechtige ervaring.<\/p>\n<\/div><\/div><\/div><\/div><\/div><div class=\"vc_col-sm-6 wpb_column vc_column_container\"><div class=\"vc_column-inner\"><div class=\"wpb_wrapper\"><div class=\"wpb_text_column\"><div class=\"wpb_wrapper\"><h3>Dit kan bij je passen als&#8230;<\/h3>\n<ul>\n<li>Je een toegankelijk format wilt voor een eerste flamenco-ervaring.<\/li>\n<li>Je als stel, gezin of groep reist.<\/li>\n<li>Je de voorstelling wilt combineren met een kleine proeverij.<\/li>\n<li>Je sfeer en nabijheid zoekt in de oude stad.<\/li>\n<\/ul>\n<\/div><\/div><\/div><\/div><\/div><\/div><\/div><\/section><section class=\"l-section wpb_row height_huge color_alternate with_shape\"><div class=\"l-section-shape type_zigzag pos_top hor_flip\" style=\"height:3vmin;\"><svg xmlns=\"http:\/\/www.w3.org\/2000\/svg\" viewBox=\"0 0 64 8\" preserveAspectRatio=\"none\" width=\"100%\" height=\"100%\">\r\n\t<path fill=\"currentColor\" d=\"M64 8 L0 8 L0 0 L20 7.9 L40 3 L48 5 L64 0 Z\"\/>\r\n<\/svg><\/div><div class=\"l-section-shape type_zigzag pos_bottom\" style=\"height:3vmin;\"><svg xmlns=\"http:\/\/www.w3.org\/2000\/svg\" viewBox=\"0 0 64 8\" preserveAspectRatio=\"none\" width=\"100%\" height=\"100%\">\r\n\t<path fill=\"currentColor\" d=\"M64 8 L0 8 L0 0 L20 7.9 L40 3 L48 5 L64 0 Z\"\/>\r\n<\/svg><\/div><div class=\"l-section-h i-cf\"><div class=\"g-cols vc_row via_flex valign_top type_default stacking_default\"><div class=\"vc_col-sm-6 wpb_column vc_column_container\"><div class=\"vc_column-inner\"><div class=\"wpb_wrapper\"><div class=\"wpb_text_column\"><div class=\"wpb_wrapper\"><h2>Flamenco Las Due\u00f1as: een intiem alternatief bij Palacio de las Due\u00f1as<\/h2>\n<p>Als je in Santa Catalina, San Marcos, Feria of rond Palacio de las Due\u00f1as bent, <a href=\"https:\/\/www.tablaosflamencos.com\/tablao\/tablao-flamenco-las-duenas\"><strong>Flamenco Las Due\u00f1as<\/strong><\/a> kun je de avond in dit deel van het centrum houden zonder terug te hoeven richting de kathedraal of Arenal.<\/p>\n<p>Het concept draait om nabijheid: zang, gitaar en dans in een intieme ruimte. Het is geschikt voor wie een directe, traditionele voorstelling zoekt en vooral voor wie de avond wil laten aansluiten op de wandeling of het diner dat al gepland stond.<\/p>\n<\/div><\/div><\/div><\/div><\/div><div class=\"vc_col-sm-6 wpb_column vc_column_container\"><div class=\"vc_column-inner\"><div class=\"wpb_wrapper\"><div class=\"wpb_text_column\"><div class=\"wpb_wrapper\"><h3>Dit kan bij je passen als&#8230;<\/h3>\n<ul>\n<li>Je in Santa Catalina, Feria of San Marcos bent.<\/li>\n<li>Je een intieme zaal wilt.<\/li>\n<li>Je de voorkeur geeft aan een traditioneel format met zang, dans en gitaar.<\/li>\n<li>Je niet naar de monumentale zone wilt verplaatsen.<\/li>\n<\/ul>\n<\/div><\/div><\/div><\/div><\/div><\/div><\/div><\/section><section class=\"l-section wpb_row height_huge\"><div class=\"l-section-h i-cf\"><div class=\"g-cols vc_row via_flex valign_top type_default stacking_default\"><div class=\"vc_col-sm-6 wpb_column vc_column_container\"><div class=\"vc_column-inner\"><div class=\"wpb_wrapper\"><div class=\"wpb_text_column\"><div class=\"wpb_wrapper\"><h2>Tablao Flamenco Giralda: flamenco, wijn en tapas bij de monumentale zone<\/h2>\n<p>Als je avond zich afspeelt op de as Kathedraal\u2013Giralda\u2013Santa Cruz, <a href=\"https:\/\/www.tablaosflamencos.com\/tablao\/tablao-flamenco-giralda\"><strong>Tablao Flamenco Giralda<\/strong><\/a> is een bijzonder praktisch alternatief. Het combineert een intieme voorstelling met een flamencotaverne en opties met wijn en tapas, zodat je hele avond in het monumentale centrum kan blijven.<\/p>\n<p>Dat is logisch als je de logistiek eenvoudig wilt houden: rond je bezoek, wandeling of diner in de buurt af en voeg flamenco toe zonder de hele avond opnieuw te moeten plannen.<\/p>\n<\/div><\/div><\/div><\/div><\/div><div class=\"vc_col-sm-6 wpb_column vc_column_container\"><div class=\"vc_column-inner\"><div class=\"wpb_wrapper\"><div class=\"wpb_text_column\"><div class=\"wpb_wrapper\"><h3>Dit kan bij je passen als&#8230;<\/h3>\n<ul>\n<li>Je bij de kathedraal, Giralda of Santa Cruz bent.<\/li>\n<li>Je de voorstelling wilt combineren met tapas of drankjes.<\/li>\n<li>Je een praktische, centrale optie zoekt.<\/li>\n<li>Je een voorstelling van ongeveer een uur zoekt.<\/li>\n<\/ul>\n<\/div><\/div><\/div><\/div><\/div><\/div><\/div><\/section><section class=\"l-section wpb_row height_huge color_alternate with_shape\"><div class=\"l-section-shape type_zigzag pos_top hor_flip\" style=\"height:3vmin;\"><svg xmlns=\"http:\/\/www.w3.org\/2000\/svg\" viewBox=\"0 0 64 8\" preserveAspectRatio=\"none\" width=\"100%\" height=\"100%\">\r\n\t<path fill=\"currentColor\" d=\"M64 8 L0 8 L0 0 L20 7.9 L40 3 L48 5 L64 0 Z\"\/>\r\n<\/svg><\/div><div class=\"l-section-shape type_zigzag pos_bottom\" style=\"height:3vmin;\"><svg xmlns=\"http:\/\/www.w3.org\/2000\/svg\" viewBox=\"0 0 64 8\" preserveAspectRatio=\"none\" width=\"100%\" height=\"100%\">\r\n\t<path fill=\"currentColor\" d=\"M64 8 L0 8 L0 0 L20 7.9 L40 3 L48 5 L64 0 Z\"\/>\r\n<\/svg><\/div><div class=\"l-section-h i-cf\"><div class=\"g-cols vc_row via_flex valign_top type_default stacking_default\"><div class=\"vc_col-sm-6 wpb_column vc_column_container\"><div class=\"vc_column-inner\"><div class=\"wpb_wrapper\"><div class=\"wpb_text_column\"><div class=\"wpb_wrapper\"><h2>El Jard\u00edn de Murillo: een eenvoudige optie in de wijk Santa Cruz<\/h2>\n<p><a href=\"https:\/\/www.tablaosflamencos.com\/tablao\/tablao-flamenco-el-jardin-de-murillo\"><strong>Tablao Flamenco El Jard\u00edn de Murillo<\/strong><\/a> ligt naast de Jardines de Murillo, heel dicht bij het Alc\u00e1zar, de kathedraal en het hart van Santa Cruz. Het concept draait om de nabijheid van de artiesten en een bezetting met zang, gitaar en dans zonder grote theatrale effecten.<\/p>\n<p>Het kan een van de meest natuurlijke opties zijn als je dag al rond de monumentale zone was gepland en de voorstelling van de Bi\u00ebnnale uit je programma valt. In plaats van helemaal opnieuw te beginnen, kun je diner, wandeling en de rest van je route behouden en alleen de voorstelling vervangen.<\/p>\n<\/div><\/div><\/div><\/div><\/div><div class=\"vc_col-sm-6 wpb_column vc_column_container\"><div class=\"vc_column-inner\"><div class=\"wpb_wrapper\"><div class=\"wpb_text_column\"><div class=\"wpb_wrapper\"><h3>Dit kan bij je passen als&#8230;<\/h3>\n<ul>\n<li>Je in Santa Cruz of bij het Alc\u00e1zar bent.<\/li>\n<li>Je dicht bij de artiesten wilt zitten.<\/li>\n<li>Je de rest van je plan ongewijzigd wilt houden.<\/li>\n<li>Je de voorkeur geeft aan een directe flamenco-ervaring.<\/li>\n<\/ul>\n<\/div><\/div><\/div><\/div><\/div><\/div><\/div><\/section><section class=\"l-section wpb_row height_huge\"><div class=\"l-section-h i-cf\"><div class=\"g-cols vc_row via_flex valign_top type_default stacking_default\"><div class=\"vc_col-sm-6 wpb_column vc_column_container\"><div class=\"vc_column-inner\"><div class=\"wpb_wrapper\"><div class=\"wpb_text_column\"><div class=\"wpb_wrapper\"><h2>Casa Flamenco Azahar: als je maximale intimiteit zoekt<\/h2>\n<p>Voor wie bij de Bi\u00ebnnale vooral luisterervaring, detail en nabijheid zocht, <a href=\"https:\/\/www.tablaosflamencos.com\/tablao\/casa-flamenco-azahar\"><strong>Casa Flamenco Azahar<\/strong><\/a> biedt in Santa Cruz een zeer bijzonder format. De maximale capaciteit is slechts 20 personen en de voorstelling vindt zonder microfoons plaats, met drie artiesten en minimale afstand tussen podium en publiek.<\/p>\n<p>Dit is waarschijnlijk de optie in deze lijst die de schaal van de ervaring het sterkst verandert. Ze probeert niet te concurreren met een grote theaterproductie, maar biedt juist het tegenovergestelde. Was jouw voorstelling van de Bi\u00ebnnale een grote productie, dan kan het bijzonder interessant zijn om de avond af te sluiten met flamenco in een bijna huiselijke setting.<\/p>\n<\/div><\/div><\/div><\/div><\/div><div class=\"vc_col-sm-6 wpb_column vc_column_container\"><div class=\"vc_column-inner\"><div class=\"wpb_wrapper\"><div class=\"wpb_text_column\"><div class=\"wpb_wrapper\"><h3>Dit kan bij je passen als&#8230;<\/h3>\n<ul>\n<li>Je stilte, aandachtig luisteren en nabijheid waardeert.<\/li>\n<li>Je een uiterst kleine capaciteit wilt.<\/li>\n<li>Je een voorstelling zonder versterking wilt meemaken.<\/li>\n<li>Je iets heel anders zoekt dan een grote theaterproductie.<\/li>\n<\/ul>\n<\/div><\/div><\/div><\/div><\/div><\/div><\/div><\/section><section class=\"l-section wpb_row height_huge color_alternate with_shape\"><div class=\"l-section-shape type_zigzag pos_top hor_flip\" style=\"height:3vmin;\"><svg xmlns=\"http:\/\/www.w3.org\/2000\/svg\" viewBox=\"0 0 64 8\" preserveAspectRatio=\"none\" width=\"100%\" height=\"100%\">\r\n\t<path fill=\"currentColor\" d=\"M64 8 L0 8 L0 0 L20 7.9 L40 3 L48 5 L64 0 Z\"\/>\r\n<\/svg><\/div><div class=\"l-section-shape type_zigzag pos_bottom\" style=\"height:3vmin;\"><svg xmlns=\"http:\/\/www.w3.org\/2000\/svg\" viewBox=\"0 0 64 8\" preserveAspectRatio=\"none\" width=\"100%\" height=\"100%\">\r\n\t<path fill=\"currentColor\" d=\"M64 8 L0 8 L0 0 L20 7.9 L40 3 L48 5 L64 0 Z\"\/>\r\n<\/svg><\/div><div class=\"l-section-h i-cf\"><div class=\"g-cols vc_row via_flex valign_top type_default stacking_default\"><div class=\"vc_col-sm-6 wpb_column vc_column_container\"><div class=\"vc_column-inner\"><div class=\"wpb_wrapper\"><div class=\"wpb_text_column\"><div class=\"wpb_wrapper\"><h2>Casa Inquieta: flamenco in een stadspaleis uit de 19e eeuw<\/h2>\n<p><a href=\"https:\/\/www.tablaosflamencos.com\/tablao\/tablao-flamenco-casa-inquieta\"><strong>Casa Inquieta<\/strong><\/a> ligt in calle Zaragoza, vlak bij de as Plaza Nueva\u2013Arenal. De locatie bevindt zich in een stadspaleis uit de 19e eeuw en biedt een intiem format met vijf artiesten en een voorstelling van ongeveer een uur.<\/p>\n<p>Het is een aantrekkelijk alternatief voor wie flamenco wil combineren met de architectonische waarde van de locatie en in het centrum wil blijven. Heb je net gezien dat de offici\u00eble voorstelling is uitverkocht en dineer je al in Arenal, Plaza Nueva of Reyes Cat\u00f3licos, dan past deze optie gemakkelijk in je avond.<\/p>\n<\/div><\/div><\/div><\/div><\/div><div class=\"vc_col-sm-6 wpb_column vc_column_container\"><div class=\"vc_column-inner\"><div class=\"wpb_wrapper\"><div class=\"wpb_text_column\"><div class=\"wpb_wrapper\"><h3>Dit kan bij je passen als&#8230;<\/h3>\n<ul>\n<li>Je in Arenal, Plaza Nueva of calle Zaragoza bent.<\/li>\n<li>Historische ruimtes je aanspreken.<\/li>\n<li>Je een intiem en elegant format wilt.<\/li>\n<li>Je een alternatief zoekt dat eenvoudig in een avond in het centrum past.<\/li>\n<\/ul>\n<\/div><\/div><\/div><\/div><\/div><\/div><\/div><\/section><section class=\"l-section wpb_row height_huge\"><div class=\"l-section-h i-cf\"><div class=\"g-cols vc_row via_flex valign_top type_default stacking_default\"><div class=\"vc_col-sm-12 wpb_column vc_column_container\"><div class=\"vc_column-inner\"><div class=\"wpb_wrapper\"><div class=\"wpb_text_column\"><div class=\"wpb_wrapper\"><h2 id=\"tablaos-segun-zona\">Welke tablao kies je afhankelijk van waar je in Sevilla bent?<\/h2>\n<p>Bij een lastminute-boeking is de locatie extra belangrijk. Tien minuten minder lopen kan nuttiger zijn dan een half uur twee voorstellingen vergelijken die je nog niet kent. Als praktische richtlijn:<\/p>\n<ul>\n<li><strong>Als je in Santa Cruz, bij de kathedraal of het Alc\u00e1zar bent:<\/strong> bekijk Tablao Flamenco Giralda, El Jard\u00edn de Murillo en Casa Flamenco Azahar.<\/li>\n<li><strong>Als je bij Las Setas, Regina, Feria of Santa Catalina bent:<\/strong> vergelijk Tablao Flamenco Las Setas en Flamenco Las Due\u00f1as.<\/li>\n<li><strong>Als je in Plaza Nueva, Arenal of calle Zaragoza bent:<\/strong> La Cantaora en Casa Inquieta zijn bijzonder praktische opties.<\/li>\n<li><strong>Als je een complete avond met gastronomie zoekt:<\/strong> La Cantaora onderscheidt zich met verschillende dinerformules; ook Giralda en Casa Duende laten je de voorstelling combineren met gastronomische opties of een proeverij.<\/li>\n<li><strong>Als je maximale intimiteit wilt:<\/strong> Casa Flamenco Azahar werkt met maximaal 20 personen en bevindt zich op een totaal andere schaal.<\/li>\n<\/ul>\n<p>Zie deze indeling niet als een ranglijst. De beste tablao voor vanavond is degene met <strong>werkelijke beschikbaarheid, een tijdstip dat je kunt halen en een format dat past bij wat je zoekt<\/strong>.<\/p>\n<\/div><\/div><div class=\"w-separator size_medium\"><\/div><div class=\"w-hwrapper valign_top wrap stack_on_mobiles align_center\" style=\"--hwrapper-gap:1.2rem\"><div class=\"w-btn-wrapper align_none\"><a class=\"w-btn us-btn-style_1\" href=\"https:\/\/www.tablaosflamencos.com\/nl\/flamenco-in-sevilla\"><span class=\"w-btn-label\">Tablaos in Sevilla vergelijken<\/span><\/a><\/div><\/div><\/div><\/div><\/div><\/div><\/div><\/section><section class=\"l-section wpb_row height_huge color_alternate with_shape\"><div class=\"l-section-shape type_zigzag pos_top hor_flip\" style=\"height:3vmin;\"><svg xmlns=\"http:\/\/www.w3.org\/2000\/svg\" viewBox=\"0 0 64 8\" preserveAspectRatio=\"none\" width=\"100%\" height=\"100%\">\r\n\t<path fill=\"currentColor\" d=\"M64 8 L0 8 L0 0 L20 7.9 L40 3 L48 5 L64 0 Z\"\/>\r\n<\/svg><\/div><div class=\"l-section-shape type_zigzag pos_bottom\" style=\"height:3vmin;\"><svg xmlns=\"http:\/\/www.w3.org\/2000\/svg\" viewBox=\"0 0 64 8\" preserveAspectRatio=\"none\" width=\"100%\" height=\"100%\">\r\n\t<path fill=\"currentColor\" d=\"M64 8 L0 8 L0 0 L20 7.9 L40 3 L48 5 L64 0 Z\"\/>\r\n<\/svg><\/div><div class=\"l-section-h i-cf\"><div class=\"g-cols vc_row via_flex valign_top type_default stacking_default\"><div class=\"vc_col-sm-12 wpb_column vc_column_container\"><div class=\"vc_column-inner\"><div class=\"wpb_wrapper\"><div class=\"wpb_text_column\"><div class=\"wpb_wrapper\"><h2 id=\"flamenco-ultima-hora\">Wat te doen als het al 19.00 of 20.00 uur is?<\/h2>\n<p>Op dat tijdstip moet je strategie veranderen. Je plant geen reis meer: je organiseert je avond.<\/p>\n<p><strong>Ten eerste: vergelijk niet meer te veel opties.<\/strong> Open de pagina flamenco in Sevilla en controleer welke tablaos nog boekbaar zijn voor je datum en aantal personen. Spreekt een optie je aan en is het tijdstip haalbaar, leg die dan vast.<\/p>\n<p><strong>Ten tweede: plan je aankomst realistisch.<\/strong> Veel locaties adviseren om 15 tot 20 minuten eerder aanwezig te zijn. Boek geen voorstelling die je alleen kunt halen door vanaf de andere kant van het centrum te rennen.<\/p>\n<p><strong>Ten derde: controleer wat het ticket omvat.<\/strong> Heb je nog niet gegeten, dan kan een formule met tapas of diner twee zaken tegelijk oplossen. Heb je al gegeten, dan is alleen de voorstelling waarschijnlijk verstandiger en betaal je niet voor diensten die je niet gebruikt.<\/p>\n<p><strong>Ten vierde: ga er niet van uit dat je gewoon aan de deur kunt kopen.<\/strong> Online reserveren met onmiddellijke bevestiging is veel veiliger als er nog maar een paar uur over zijn. Tijdens de Bi\u00ebnnale kan de extra vraag van bezoekers zich juist concentreren op lastminutevoorstellingen.<\/p>\n<\/div><\/div><\/div><\/div><\/div><\/div><\/div><\/section><section class=\"l-section wpb_row height_huge\"><div class=\"l-section-h i-cf\"><div class=\"g-cols vc_row via_flex valign_top type_default stacking_default\"><div class=\"vc_col-sm-12 wpb_column vc_column_container\"><div class=\"vc_column-inner\"><div class=\"wpb_wrapper\"><div class=\"wpb_text_column\"><div class=\"wpb_wrapper\"><h2 id=\"elegir-tablao-experiencia\">Als je diner, een kleine zaal of een premiumervaring wilt<\/h2>\n<p>De vraag \u201cwaar kan ik vanavond flamenco zien?\u201d is gemakkelijker te beantwoorden als je een tweede voorwaarde toevoegt.<\/p>\n<h3>Ik wil dineren en flamenco zien<\/h3>\n<p>La Cantaora is door de gastronomische formules een van de duidelijkste opties. Je kunt ook Giralda of Casa Duende overwegen als je iets minder formeels wilt en tapas, drankjes of een proeverij wilt toevoegen.<\/p>\n<h3>Ik wil heel dicht bij de artiesten zijn<\/h3>\n<p>Casa Flamenco Azahar valt op door de maximale capaciteit van 20 personen en het ontbreken van microfoons. Ook Casa Inquieta en Las Due\u00f1as bieden intieme formaten in kleine ruimtes.<\/p>\n<h3>Ik wil iets heel centraals en eenvoudigs<\/h3>\n<p>Las Setas, La Cantaora, Giralda, Jard\u00edn de Murillo en Casa Inquieta maken het mogelijk de avond rond het historische centrum te organiseren zonder grote verplaatsingen.<\/p>\n<h3>Ik wil een alternatief dat niet als een troostprijs voelt<\/h3>\n<p>Probeer de gemiste voorstelling van de Bi\u00ebnnale niet exact te vervangen. Was het een grote dansproductie, dan kan een piepkleine zaal zonder microfoons je een totaal andere ervaring bieden. Was het een zangrecital, dan kan een tablao met een grotere bezetting je de interactie tussen zang, dans en gitaar laten zien. <strong>Een andere schaal kan plan B veranderen in een van de meest memorabele avonden van je reis.<\/strong><\/p>\n<\/div><\/div><\/div><\/div><\/div><\/div><\/div><\/section><section class=\"l-section wpb_row height_huge color_alternate with_shape\"><div class=\"l-section-shape type_zigzag pos_top hor_flip\" style=\"height:3vmin;\"><svg xmlns=\"http:\/\/www.w3.org\/2000\/svg\" viewBox=\"0 0 64 8\" preserveAspectRatio=\"none\" width=\"100%\" height=\"100%\">\r\n\t<path fill=\"currentColor\" d=\"M64 8 L0 8 L0 0 L20 7.9 L40 3 L48 5 L64 0 Z\"\/>\r\n<\/svg><\/div><div class=\"l-section-shape type_zigzag pos_bottom\" style=\"height:3vmin;\"><svg xmlns=\"http:\/\/www.w3.org\/2000\/svg\" viewBox=\"0 0 64 8\" preserveAspectRatio=\"none\" width=\"100%\" height=\"100%\">\r\n\t<path fill=\"currentColor\" d=\"M64 8 L0 8 L0 0 L20 7.9 L40 3 L48 5 L64 0 Z\"\/>\r\n<\/svg><\/div><div class=\"l-section-h i-cf\"><div class=\"g-cols vc_row via_flex valign_top type_default stacking_default\"><div class=\"vc_col-sm-6 wpb_column vc_column_container\"><div class=\"vc_column-inner\"><div class=\"wpb_wrapper\"><div class=\"wpb_text_column\"><div class=\"wpb_wrapper\"><h2 id=\"bienal-y-tablao\">Bi\u00ebnnale en tablao zijn niet dezelfde ervaring<\/h2>\n<p>Het is belangrijk om de tablao niet voor te stellen als een simpele kopie van de Bi\u00ebnnale. Het zijn verschillende formaten en juist daarom vullen ze elkaar goed aan.<\/p>\n<p>De Bi\u00ebnnale bundelt premi\u00e8res, grote producties, voor specifieke locaties ontworpen voorstellingen, unieke ontmoetingen en onderzoekende projecten. Een tablao werkt anders: nabijheid, wisselende artiestenbezettingen en een veel directere relatie tussen zang, gitaar, dans en publiek.<\/p>\n<p>Als je geen ticket voor de Bi\u00ebnnale krijgt en uiteindelijk in een tablao belandt, zie je niet \u201cde kleine versie\u201d van wat je wilde. Je leert een ander essentieel format kennen om te begrijpen hoe flamenco in Sevilla wordt beleefd.<\/p>\n<\/div><\/div><\/div><\/div><\/div><div class=\"vc_col-sm-6 wpb_column vc_column_container\"><div class=\"vc_column-inner\"><div class=\"wpb_wrapper\"><div class=\"wpb_text_column\"><div class=\"wpb_wrapper\"><h3>Een nog betere combinatie<\/h3>\n<p>Als je meerdere dagen blijft, kan een bijzonder complete combinatie zijn:<\/p>\n<ul>\n<li>een grote voorstelling van de Bi\u00ebnnale,<\/li>\n<li>op een andere avond een tablao,<\/li>\n<li>en overdag een nevenactiviteit of tentoonstelling.<\/li>\n<\/ul>\n<p>Voor de gratis en aanvullende activiteiten van deze editie kun je onze gids raadplegen over de <a href=\"https:\/\/www.tablaosflamencos.com\/bienal-flamenco-sevilla-2026-gratis.html\"><strong>gratis Flamencobi\u00ebnnale Sevilla 2026<\/strong><\/a>.<\/p>\n<\/div><\/div><\/div><\/div><\/div><\/div><\/div><\/section><section class=\"l-section wpb_row height_huge\"><div class=\"l-section-h i-cf\"><div class=\"g-cols vc_row via_flex valign_top type_default stacking_default\"><div class=\"vc_col-sm-12 wpb_column vc_column_container\"><div class=\"vc_column-inner\"><div class=\"wpb_wrapper\"><div class=\"wpb_text_column\"><div class=\"wpb_wrapper\"><h2 id=\"errores-evitar\">Wat we niet aanraden als de voorstelling is uitverkocht<\/h2>\n<p>We raden niet aan om de hele middag een uitverkochte pagina te blijven vernieuwen terwijl de beschikbare alternatieven ondertussen ook worden verkocht. Vertrouw er evenmin op dat verkoop aan de kassa op dezelfde dag plotseling tickets oplevert voor een officieel uitverkochte voorstelling.<\/p>\n<p>Vermijd ook impulsieve aankopen via doorverkoopkanalen die je niet kunt controleren. Bij grote vraag is het gemakkelijk te veel te betalen voor een ticket zonder garanties. Voor de Bi\u00ebnnale blijft het offici\u00eble verkoopkanaal de referentie.<\/p>\n<p>Maak van een uitverkochte voorstelling vooral geen verloren avond. Als je voor flamenco naar Sevilla bent gereisd, heeft de stad genoeg vaste opties om een ander goed plan te maken.<\/p>\n<\/div><\/div><\/div><\/div><\/div><\/div><\/div><\/section><section class=\"l-section wpb_row height_huge color_alternate with_shape\"><div class=\"l-section-shape type_zigzag pos_top hor_flip\" style=\"height:3vmin;\"><svg xmlns=\"http:\/\/www.w3.org\/2000\/svg\" viewBox=\"0 0 64 8\" preserveAspectRatio=\"none\" width=\"100%\" height=\"100%\">\r\n\t<path fill=\"currentColor\" d=\"M64 8 L0 8 L0 0 L20 7.9 L40 3 L48 5 L64 0 Z\"\/>\r\n<\/svg><\/div><div class=\"l-section-shape type_zigzag pos_bottom\" style=\"height:3vmin;\"><svg xmlns=\"http:\/\/www.w3.org\/2000\/svg\" viewBox=\"0 0 64 8\" preserveAspectRatio=\"none\" width=\"100%\" height=\"100%\">\r\n\t<path fill=\"currentColor\" d=\"M64 8 L0 8 L0 0 L20 7.9 L40 3 L48 5 L64 0 Z\"\/>\r\n<\/svg><\/div><div class=\"l-section-h i-cf\"><div class=\"g-cols vc_row via_flex valign_top type_default stacking_default\"><div class=\"vc_col-sm-1\/5 wpb_column vc_column_container\"><div class=\"vc_column-inner\"><div class=\"wpb_wrapper\"><\/div><\/div><\/div><div class=\"vc_col-sm-3\/5 wpb_column vc_column_container\"><div class=\"vc_column-inner\"><div class=\"wpb_wrapper\"><div class=\"wpb_text_column\"><div class=\"wpb_wrapper\"><h2 id=\"preguntas-frecuentes\" style=\"text-align: center;\">Veelgestelde vragen: waar je tijdens de Bi\u00ebnnale vanavond flamenco kunt zien in Sevilla<\/h2>\n<\/div><\/div><div class=\"w-separator size_medium\"><\/div><div class=\"w-tabs accordion toggle_style_1 has_scrolling\" style=\"--sections-title-size:inherit;--sections-gap:0.5rem;\"><div class=\"w-tabs-sections titles-align_none icon_chevron cpos_right\"><div class=\"w-tabs-section\" id=\"lc68\"><button type=\"button\" class=\"w-tabs-section-header\" aria-controls=\"content-lc68\" aria-expanded=\"false\"><div class=\"w-tabs-section-title\">Is de hele Flamencobi\u00ebnnale Sevilla 2026 uitverkocht?<\/div><div class=\"w-tabs-section-control\"><\/div><\/button><div  class=\"w-tabs-section-content\" id=\"content-lc68\"><div class=\"w-tabs-section-content-h i-cf\"><div class=\"wpb_text_column\"><div class=\"wpb_wrapper\"><p>Nee. Elke voorstelling wordt afzonderlijk verkocht. Sommige zijn uitverkocht, maar andere kunnen nog plaatsen hebben. Controleer altijd het offici\u00eble programma voor jouw datum.<\/p>\n<\/div><\/div><\/div><\/div><\/div><div class=\"w-tabs-section\" id=\"hd5f\"><button type=\"button\" class=\"w-tabs-section-header\" aria-controls=\"content-hd5f\" aria-expanded=\"false\"><div class=\"w-tabs-section-title\">Waar kan ik vanavond flamenco zien in Sevilla als mijn voorstelling is uitverkocht?<\/div><div class=\"w-tabs-section-control\"><\/div><\/button><div  class=\"w-tabs-section-content\" id=\"content-hd5f\"><div class=\"w-tabs-section-content-h i-cf\"><div class=\"wpb_text_column\"><div class=\"wpb_wrapper\"><p>Je kunt de beschikbare tablaos in Sevilla vergelijken en voor jouw datum boeken. In het centrum zijn er onder meer opties bij Las Setas, Plaza Nueva, Santa Cruz, de Giralda, Las Due\u00f1as en calle Zaragoza.<\/p>\n<\/div><\/div><\/div><\/div><\/div><div class=\"w-tabs-section\" id=\"ke58\"><button type=\"button\" class=\"w-tabs-section-header\" aria-controls=\"content-ke58\" aria-expanded=\"false\"><div class=\"w-tabs-section-title\">Kan ik \u00e9\u00e9n uur voor de voorstelling aan de kassa een ticket voor de Bi\u00ebnnale kopen?<\/div><div class=\"w-tabs-section-control\"><\/div><\/button><div  class=\"w-tabs-section-content\" id=\"content-ke58\"><div class=\"w-tabs-section-content-h i-cf\"><div class=\"wpb_text_column\"><div class=\"wpb_wrapper\"><p>De organisatie voorziet verkoop op de locatie \u00e9\u00e9n uur voor de voorstelling als er nog plaatsen beschikbaar zijn. Dat betekent niet dat er tickets worden gereserveerd voor voorstellingen die al als uitverkocht staan aangegeven.<\/p>\n<\/div><\/div><\/div><\/div><\/div><div class=\"w-tabs-section\" id=\"nf26\"><button type=\"button\" class=\"w-tabs-section-header\" aria-controls=\"content-nf26\" aria-expanded=\"false\"><div class=\"w-tabs-section-title\">Kan ik een tablao nog op dezelfde dag boeken?<\/div><div class=\"w-tabs-section-control\"><\/div><\/button><div  class=\"w-tabs-section-content\" id=\"content-nf26\"><div class=\"w-tabs-section-content-h i-cf\"><div class=\"wpb_text_column\"><div class=\"wpb_wrapper\"><p>Ja, als de voorstelling nog beschikbaarheid heeft. Of dat mogelijk is, hangt af van datum, voorstelling en aantal personen. Tijdens de Bi\u00ebnnale is het verstandig te boeken zodra je een passende optie vindt.<\/p>\n<\/div><\/div><\/div><\/div><\/div><div class=\"w-tabs-section\" id=\"yfe9\"><button type=\"button\" class=\"w-tabs-section-header\" aria-controls=\"content-yfe9\" aria-expanded=\"false\"><div class=\"w-tabs-section-title\">Welke tablao kies ik als ik in Santa Cruz ben?<\/div><div class=\"w-tabs-section-control\"><\/div><\/button><div  class=\"w-tabs-section-content\" id=\"content-yfe9\"><div class=\"w-tabs-section-content-h i-cf\"><div class=\"wpb_text_column\"><div class=\"wpb_wrapper\"><p>Je kunt opties bekijken zoals Tablao Flamenco Giralda, El Jard\u00edn de Murillo en Casa Flamenco Azahar. De beste keuze hangt af van het tijdstip en de beschikbaarheid die avond.<\/p>\n<\/div><\/div><\/div><\/div><\/div><div class=\"w-tabs-section\" id=\"p0a9\"><button type=\"button\" class=\"w-tabs-section-header\" aria-controls=\"content-p0a9\" aria-expanded=\"false\"><div class=\"w-tabs-section-title\">Welke optie kies ik als ik diner en flamenco wil?<\/div><div class=\"w-tabs-section-control\"><\/div><\/button><div  class=\"w-tabs-section-content\" id=\"content-p0a9\"><div class=\"w-tabs-section-content-h i-cf\"><div class=\"wpb_text_column\"><div class=\"wpb_wrapper\"><p>La Cantaora heeft formules die diner en voorstelling combineren. Andere tablaos zoals Giralda of Casa Duende laten je flamenco, afhankelijk van het gekozen ticket, combineren met tapas, drankjes of proeverijen.<\/p>\n<\/div><\/div><\/div><\/div><\/div><div class=\"w-tabs-section\" id=\"u198\"><button type=\"button\" class=\"w-tabs-section-header\" aria-controls=\"content-u198\" aria-expanded=\"false\"><div class=\"w-tabs-section-title\">Wat is een goede optie als ik een zeer intieme voorstelling wil?<\/div><div class=\"w-tabs-section-control\"><\/div><\/button><div  class=\"w-tabs-section-content\" id=\"content-u198\"><div class=\"w-tabs-section-content-h i-cf\"><div class=\"wpb_text_column\"><div class=\"wpb_wrapper\"><p>Casa Flamenco Azahar heeft maximaal 20 plaatsen en werkt zonder microfoons. Je kunt ook andere kleine locaties overwegen, zoals Casa Inquieta of Flamenco Las Due\u00f1as.<\/p>\n<\/div><\/div><\/div><\/div><\/div><div class=\"w-tabs-section\" id=\"b2a2\"><button type=\"button\" class=\"w-tabs-section-header\" aria-controls=\"content-b2a2\" aria-expanded=\"false\"><div class=\"w-tabs-section-title\">Vervangt een tablao een voorstelling van de Bi\u00ebnnale?<\/div><div class=\"w-tabs-section-control\"><\/div><\/button><div  class=\"w-tabs-section-content\" id=\"content-b2a2\"><div class=\"w-tabs-section-content-h i-cf\"><div class=\"wpb_text_column\"><div class=\"wpb_wrapper\"><p>Niet precies. De Bi\u00ebnnale en de tablao zijn verschillende formaten. De Bi\u00ebnnale bundelt premi\u00e8res en speciale producties; de tablao biedt nabijheid en directere interactie tussen zang, dans en gitaar. Beide ervaringen kunnen elkaar aanvullen.<\/p>\n<\/div><\/div><\/div><\/div><\/div><div class=\"w-tabs-section\" id=\"o37e\"><button type=\"button\" class=\"w-tabs-section-header\" aria-controls=\"content-o37e\" aria-expanded=\"false\"><div class=\"w-tabs-section-title\">Waar kan ik de beschikbare tablaos in Sevilla vergelijken?<\/div><div class=\"w-tabs-section-control\"><\/div><\/button><div  class=\"w-tabs-section-content\" id=\"content-o37e\"><div class=\"w-tabs-section-content-h i-cf\"><div class=\"wpb_text_column\"><div class=\"wpb_wrapper\"><p>Op de pagina flamenco in Sevilla van Tablaos Flamencos kun je de beschikbare opties vergelijken, de afzonderlijke pagina\u2019s bekijken en voor jouw datum boeken.<\/p>\n<\/div><\/div><\/div><\/div><\/div><\/div><\/div><\/div><\/div><\/div><div class=\"vc_col-sm-1\/5 wpb_column vc_column_container\"><div class=\"vc_column-inner\"><div class=\"wpb_wrapper\"><\/div><\/div><\/div><\/div><\/div><\/section><section class=\"l-section wpb_row height_huge\"><div class=\"l-section-h i-cf\"><div class=\"g-cols vc_row via_flex valign_top type_default stacking_default\"><div class=\"vc_col-sm-12 wpb_column vc_column_container\"><div class=\"vc_column-inner\"><div class=\"wpb_wrapper\"><div class=\"wpb_text_column\"><div class=\"wpb_wrapper\"><h2>Als de Bi\u00ebnnale vanavond is uitverkocht, heeft Sevilla nog steeds flamenco<\/h2>\n<p>Een uitverkochte voorstelling verandert je plan, maar niet de stad. Tijdens de Bi\u00ebnnale brengt Sevilla een buitengewoon aantal artiesten, liefhebbers en bezoekers samen, terwijl de tablaos doorgaan zoals in de rest van het jaar.<\/p>\n<p>Heeft de voorstelling die je wilde zien geen plaatsen meer, controleer dan eerst de offici\u00eble alternatieven. Past geen daarvan, ga dan snel door naar de volgende stap: <strong>kies een tablao met beschikbaarheid, boek en geniet van de avond<\/strong>.<\/p>\n<p>Je hoeft geen kopie van de gemiste voorstelling te vinden. Zoek liever een andere schaal, een andere sfeer en een andere manier om flamenco te beleven. Een ruimte voor twintig personen, een stadspaleis, een taverne bij de Giralda of een tablao onder Las Setas kan je uiteindelijk een kant van Sevilla laten zien die niet in je oorspronkelijke reisplan stond.<\/p>\n<p>Bekijk voor echte opties, tijden en reserveringen onze selectie van <a href=\"https:\/\/www.tablaosflamencos.com\/flamenco-en-sevilla\"><strong>flamenco in Sevilla<\/strong><\/a>.<\/p>\n<\/div><\/div><div class=\"w-separator size_medium\"><\/div><div class=\"w-hwrapper valign_top wrap stack_on_mobiles align_center\" style=\"--hwrapper-gap:1.2rem\"><div class=\"w-btn-wrapper align_none\"><a class=\"w-btn us-btn-style_1\" href=\"https:\/\/www.tablaosflamencos.com\/nl\/flamenco-in-sevilla\"><span class=\"w-btn-label\">Beschikbare tablaos in Sevilla bekijken<\/span><\/a><\/div><div class=\"w-btn-wrapper align_none\"><a class=\"w-btn us-btn-style_1\" href=\"https:\/\/www.tablaosflamencos.com\/nl\/flamenco-biennale-sevilla-2026.html\"><span class=\"w-btn-label\">Volledige gids van de Bi\u00ebnnale bekijken<\/span><\/a><\/div><\/div><\/div><\/div><\/div><\/div><\/div><\/section>\n","protected":false},"excerpt":{"rendered":"<p>Is je voorstelling van de Bi\u00ebnnale uitverkocht? Ontdek waar je vanavond flamenco in Sevilla kunt zien, welke tablaos passen bij je locatie en ervaring en hoe je voor vanavond boekt.<\/p>\n","protected":false},"author":1,"featured_media":13703,"comment_status":"closed","ping_status":"closed","sticky":false,"template":"","format":"standard","meta":{"_acf_changed":false,"wpai_generated_summary":"","_ayudawp_aiss_exclude":false,"_ayudawp_aiss_exclude_summary":false,"_ayudawp_aiss_summary":"","_ayudawp_aiss_summary_provider":"","_ayudawp_aiss_summary_hash":"","footnotes":""},"categories":[358,1432],"tags":[1783,1781,1786,1785,1782,1780,1784],"class_list":["post-13754","post","type-post","status-publish","format-standard","has-post-thumbnail","hentry","category-flamenco-per-stad","category-flamencobiennale","tag-biennale-2026-nl","tag-flamenco-in-sevilla-tag-nl","tag-flamenco-vanavond-in-sevilla","tag-flamencoagenda-nl","tag-flamencobiennale-tag-nl","tag-sevilla-biennale-nl","tag-tablaos-in-sevilla-nl"],"acf":[],"yoast_head":"<!-- This site is optimized with the Yoast SEO Premium plugin v28.3 (Yoast SEO v28.3) - https:\/\/yoast.com\/product\/yoast-seo-premium-wordpress\/ -->\n<title>Bi\u00ebnnale uitverkocht: flamenco vanavond in Sevilla | Tablaos Flamencos<\/title>\n<meta name=\"description\" content=\"Is je voorstelling van de Bi\u00ebnnale uitverkocht? Ontdek waar je vanavond flamenco in Sevilla ziet, vergelijk tablaos per buurt en ervaring en boek voor vanavond.\" \/>\n<meta name=\"robots\" content=\"index, follow, max-snippet:-1, max-image-preview:large, max-video-preview:-1\" \/>\n<link rel=\"canonical\" href=\"https:\/\/www.tablaosflamencos.com\/nl\/flamencobiennale-uitverkocht-flamenco-vanavond-sevilla.html\" \/>\n<meta property=\"og:locale\" content=\"nl_NL\" \/>\n<meta property=\"og:type\" content=\"article\" \/>\n<meta property=\"og:title\" content=\"Flamencobi\u00ebnnale uitverkocht: waar je vanavond flamenco ziet in Sevilla\" \/>\n<meta property=\"og:description\" content=\"Is je voorstelling van de Bi\u00ebnnale uitverkocht? Ontdek waar je vanavond flamenco in Sevilla ziet, vergelijk tablaos per buurt en ervaring en boek voor vanavond.\" \/>\n<meta property=\"og:url\" content=\"https:\/\/www.tablaosflamencos.com\/nl\/flamencobiennale-uitverkocht-flamenco-vanavond-sevilla.html\" \/>\n<meta property=\"og:site_name\" content=\"Tablaos Flamencos\" \/>\n<meta property=\"article:publisher\" content=\"https:\/\/www.facebook.com\/tablaosflamencos\" \/>\n<meta property=\"article:published_time\" content=\"2026-08-31T17:32:09+00:00\" \/>\n<meta property=\"article:modified_time\" content=\"2026-08-31T18:16:26+00:00\" \/>\n<meta property=\"og:image\" content=\"https:\/\/www.tablaosflamencos.com\/wp-content\/uploads\/bienal-agotada-donde-ver-flamenco-hoy-en-sevilla-01.webp\" \/>\n\t<meta property=\"og:image:width\" content=\"1672\" \/>\n\t<meta property=\"og:image:height\" content=\"941\" \/>\n\t<meta property=\"og:image:type\" content=\"image\/webp\" \/>\n<meta name=\"author\" content=\"Miguel Ortiz\" \/>\n<meta name=\"twitter:card\" content=\"summary_large_image\" \/>\n<meta name=\"twitter:creator\" content=\"@tablaosflamenco\" \/>\n<meta name=\"twitter:site\" content=\"@tablaosflamenco\" \/>\n<meta name=\"twitter:label1\" content=\"Geschreven door\" \/>\n\t<meta name=\"twitter:data1\" content=\"Miguel Ortiz\" \/>\n\t<meta name=\"twitter:label2\" content=\"Geschatte leestijd\" \/>\n\t<meta name=\"twitter:data2\" content=\"23 minuten\" \/>\n<script type=\"application\/ld+json\" class=\"yoast-schema-graph\">{\"@context\":\"https:\\\/\\\/schema.org\",\"@graph\":[{\"@type\":\"Article\",\"@id\":\"https:\\\/\\\/www.tablaosflamencos.com\\\/nl\\\/flamencobiennale-uitverkocht-flamenco-vanavond-sevilla.html#article\",\"isPartOf\":{\"@id\":\"https:\\\/\\\/www.tablaosflamencos.com\\\/nl\\\/flamencobiennale-uitverkocht-flamenco-vanavond-sevilla.html\"},\"author\":{\"name\":\"Miguel Ortiz\",\"@id\":\"https:\\\/\\\/www.tablaosflamencos.com\\\/nl#\\\/schema\\\/person\\\/e7a9ebe14eb75a52ceabfbffb3c54f5d\"},\"headline\":\"Flamencobi\u00ebnnale uitverkocht: waar je vanavond flamenco ziet in Sevilla\",\"datePublished\":\"2026-08-31T17:32:09+00:00\",\"dateModified\":\"2026-08-31T18:16:26+00:00\",\"mainEntityOfPage\":{\"@id\":\"https:\\\/\\\/www.tablaosflamencos.com\\\/nl\\\/flamencobiennale-uitverkocht-flamenco-vanavond-sevilla.html\"},\"wordCount\":4609,\"publisher\":{\"@id\":\"https:\\\/\\\/www.tablaosflamencos.com\\\/nl#organization\"},\"image\":{\"@id\":\"https:\\\/\\\/www.tablaosflamencos.com\\\/nl\\\/flamencobiennale-uitverkocht-flamenco-vanavond-sevilla.html#primaryimage\"},\"thumbnailUrl\":\"https:\\\/\\\/www.tablaosflamencos.com\\\/wp-content\\\/uploads\\\/bienal-agotada-donde-ver-flamenco-hoy-en-sevilla-01.webp\",\"keywords\":[\"Bi\u00ebnnale 2026\",\"flamenco in Sevilla\",\"flamenco vanavond in Sevilla\",\"flamencoagenda\",\"Flamencobi\u00ebnnale\",\"Sevilla\",\"tablaos in Sevilla\"],\"articleSection\":[\"Flamenco per stad\",\"Flamencobi\u00ebnnale\"],\"inLanguage\":\"nl-NL\"},{\"@type\":\"WebPage\",\"@id\":\"https:\\\/\\\/www.tablaosflamencos.com\\\/nl\\\/flamencobiennale-uitverkocht-flamenco-vanavond-sevilla.html\",\"url\":\"https:\\\/\\\/www.tablaosflamencos.com\\\/nl\\\/flamencobiennale-uitverkocht-flamenco-vanavond-sevilla.html\",\"name\":\"Bi\u00ebnnale uitverkocht: flamenco vanavond in Sevilla | Tablaos Flamencos\",\"isPartOf\":{\"@id\":\"https:\\\/\\\/www.tablaosflamencos.com\\\/nl#website\"},\"primaryImageOfPage\":{\"@id\":\"https:\\\/\\\/www.tablaosflamencos.com\\\/nl\\\/flamencobiennale-uitverkocht-flamenco-vanavond-sevilla.html#primaryimage\"},\"image\":{\"@id\":\"https:\\\/\\\/www.tablaosflamencos.com\\\/nl\\\/flamencobiennale-uitverkocht-flamenco-vanavond-sevilla.html#primaryimage\"},\"thumbnailUrl\":\"https:\\\/\\\/www.tablaosflamencos.com\\\/wp-content\\\/uploads\\\/bienal-agotada-donde-ver-flamenco-hoy-en-sevilla-01.webp\",\"datePublished\":\"2026-08-31T17:32:09+00:00\",\"dateModified\":\"2026-08-31T18:16:26+00:00\",\"description\":\"Is je voorstelling van de Bi\u00ebnnale uitverkocht? Ontdek waar je vanavond flamenco in Sevilla ziet, vergelijk tablaos per buurt en ervaring en boek voor vanavond.\",\"breadcrumb\":{\"@id\":\"https:\\\/\\\/www.tablaosflamencos.com\\\/nl\\\/flamencobiennale-uitverkocht-flamenco-vanavond-sevilla.html#breadcrumb\"},\"inLanguage\":\"nl-NL\",\"potentialAction\":[{\"@type\":\"ReadAction\",\"target\":[\"https:\\\/\\\/www.tablaosflamencos.com\\\/nl\\\/flamencobiennale-uitverkocht-flamenco-vanavond-sevilla.html\"]}]},{\"@type\":\"ImageObject\",\"inLanguage\":\"nl-NL\",\"@id\":\"https:\\\/\\\/www.tablaosflamencos.com\\\/nl\\\/flamencobiennale-uitverkocht-flamenco-vanavond-sevilla.html#primaryimage\",\"url\":\"https:\\\/\\\/www.tablaosflamencos.com\\\/wp-content\\\/uploads\\\/bienal-agotada-donde-ver-flamenco-hoy-en-sevilla-01.webp\",\"contentUrl\":\"https:\\\/\\\/www.tablaosflamencos.com\\\/wp-content\\\/uploads\\\/bienal-agotada-donde-ver-flamenco-hoy-en-sevilla-01.webp\",\"width\":1672,\"height\":941,\"caption\":\"Bienal agotada: d\u00f3nde ver flamenco hoy en Sevilla\"},{\"@type\":\"BreadcrumbList\",\"@id\":\"https:\\\/\\\/www.tablaosflamencos.com\\\/nl\\\/flamencobiennale-uitverkocht-flamenco-vanavond-sevilla.html#breadcrumb\",\"itemListElement\":[{\"@type\":\"ListItem\",\"position\":1,\"name\":\"Home\",\"item\":\"https:\\\/\\\/www.tablaosflamencos.com\\\/nl\"},{\"@type\":\"ListItem\",\"position\":2,\"name\":\"Flamencobi\u00ebnnale uitverkocht: waar je vanavond flamenco ziet in Sevilla\"}]},{\"@type\":\"WebSite\",\"@id\":\"https:\\\/\\\/www.tablaosflamencos.com\\\/nl#website\",\"url\":\"https:\\\/\\\/www.tablaosflamencos.com\\\/nl\",\"name\":\"Tablaos Flamencos\",\"description\":\"Entradas para tablaos flamencos de Espa\u00f1a\",\"publisher\":{\"@id\":\"https:\\\/\\\/www.tablaosflamencos.com\\\/nl#organization\"},\"alternateName\":\"Tablaos Flamencos\",\"potentialAction\":[{\"@type\":\"SearchAction\",\"target\":{\"@type\":\"EntryPoint\",\"urlTemplate\":\"https:\\\/\\\/www.tablaosflamencos.com\\\/nl?s={search_term_string}\"},\"query-input\":{\"@type\":\"PropertyValueSpecification\",\"valueRequired\":true,\"valueName\":\"search_term_string\"}}],\"inLanguage\":\"nl-NL\"},{\"@type\":[\"Organization\",\"Place\",\"EntertainmentBusiness\"],\"@id\":\"https:\\\/\\\/www.tablaosflamencos.com\\\/nl#organization\",\"name\":\"Tablaos Flamencos\",\"alternateName\":\"Tablaos Flamencos\",\"url\":\"https:\\\/\\\/www.tablaosflamencos.com\\\/nl\",\"logo\":{\"@id\":\"https:\\\/\\\/www.tablaosflamencos.com\\\/nl\\\/flamencobiennale-uitverkocht-flamenco-vanavond-sevilla.html#local-main-organization-logo\"},\"image\":{\"@id\":\"https:\\\/\\\/www.tablaosflamencos.com\\\/nl\\\/flamencobiennale-uitverkocht-flamenco-vanavond-sevilla.html#local-main-organization-logo\"},\"sameAs\":[\"https:\\\/\\\/www.facebook.com\\\/tablaosflamencos\",\"https:\\\/\\\/x.com\\\/tablaosflamenco\",\"https:\\\/\\\/mastodon.social\\\/@tablaosflamencos\",\"https:\\\/\\\/www.instagram.com\\\/tablaosflamencos\",\"https:\\\/\\\/tiktok.com\\\/@tablaosflamencos\",\"https:\\\/\\\/www.linkedin.com\\\/company\\\/109408238\\\/\"],\"description\":\"Venta de entradas para espect\u00e1culos flamencos\",\"legalName\":\"Tablaos Flamencos\",\"foundingDate\":\"2015-01-01\",\"numberOfEmployees\":{\"@type\":\"QuantitativeValue\",\"minValue\":\"1\",\"maxValue\":\"10\"},\"address\":{\"@id\":\"https:\\\/\\\/www.tablaosflamencos.com\\\/nl\\\/flamencobiennale-uitverkocht-flamenco-vanavond-sevilla.html#local-main-place-address\"},\"geo\":{\"@type\":\"GeoCoordinates\",\"latitude\":\"37.3868072\",\"longitude\":\"-5.993280299999999\"},\"telephone\":[\"+34623787787\"],\"contactPoint\":{\"@type\":\"ContactPoint\",\"telephone\":\"+34623787787\",\"email\":\"info@tablaosflamencos.com\"},\"openingHoursSpecification\":{\"@type\":\"OpeningHoursSpecification\",\"dayOfWeek\":[\"Monday\",\"Tuesday\",\"Wednesday\",\"Thursday\",\"Friday\",\"Saturday\",\"Sunday\"],\"opens\":\"00:00\",\"closes\":\"23:59\"},\"email\":\"info@tablaosflamencos.com\",\"priceRange\":\"$$$\",\"currenciesAccepted\":\"\u20ac\"},{\"@type\":\"Person\",\"@id\":\"https:\\\/\\\/www.tablaosflamencos.com\\\/nl#\\\/schema\\\/person\\\/e7a9ebe14eb75a52ceabfbffb3c54f5d\",\"name\":\"Miguel Ortiz\",\"description\":\"Miguel Ortiz es un empresario flamenco, con una s\u00f3lida trayectoria dentro del sector. Ha presidido entidades culturales vinculadas al flamenco y, cuenta con un amplio recorrido profesional en la gesti\u00f3n y promoci\u00f3n de espect\u00e1culos y tablaos flamencos. Su pasi\u00f3n por la historia y el arte flamenco se refleja en cada art\u00edculo, donde combina experiencia, criterio y un profundo respeto por la tradici\u00f3n.\",\"sameAs\":[\"https:\\\/\\\/www.tablaosflamencos.com\",\"https:\\\/\\\/www.instagra.com\\\/miguelortizfe\",\"https:\\\/\\\/www.linkedin.com\\\/in\\\/miguelortizf\\\/\"],\"birthDate\":\"1984-11-22\",\"gender\":\"hombre\",\"knowsLanguage\":[\"espa\u00f1ol\",\"ingl\u00e9s\"],\"jobTitle\":\"Empresario flamenco\"},{\"@type\":\"PostalAddress\",\"@id\":\"https:\\\/\\\/www.tablaosflamencos.com\\\/nl\\\/flamencobiennale-uitverkocht-flamenco-vanavond-sevilla.html#local-main-place-address\",\"streetAddress\":\"C\\\/ Alemanes, 19\",\"addressLocality\":\"Sevilla\",\"postalCode\":\"41004\",\"addressRegion\":\"Sevilla\",\"addressCountry\":\"ES\"},{\"@type\":\"ImageObject\",\"inLanguage\":\"nl-NL\",\"@id\":\"https:\\\/\\\/www.tablaosflamencos.com\\\/nl\\\/flamencobiennale-uitverkocht-flamenco-vanavond-sevilla.html#local-main-organization-logo\",\"url\":\"https:\\\/\\\/www.tablaosflamencos.com\\\/wp-content\\\/uploads\\\/tablaos-flamencos-06-3.webp\",\"contentUrl\":\"https:\\\/\\\/www.tablaosflamencos.com\\\/wp-content\\\/uploads\\\/tablaos-flamencos-06-3.webp\",\"width\":600,\"height\":620,\"caption\":\"Tablaos Flamencos\"}]}<\/script>\n<meta name=\"geo.placename\" content=\"Sevilla\" \/>\n<meta name=\"geo.position\" content=\"37.3868072;-5.993280299999999\" \/>\n<meta name=\"geo.region\" content=\"Spanje\" \/>\n<!-- \/ Yoast SEO Premium plugin. -->","yoast_head_json":{"title":"Bi\u00ebnnale uitverkocht: flamenco vanavond in Sevilla | Tablaos Flamencos","description":"Is je voorstelling van de Bi\u00ebnnale uitverkocht? Ontdek waar je vanavond flamenco in Sevilla ziet, vergelijk tablaos per buurt en ervaring en boek voor vanavond.","robots":{"index":"index","follow":"follow","max-snippet":"max-snippet:-1","max-image-preview":"max-image-preview:large","max-video-preview":"max-video-preview:-1"},"canonical":"https:\/\/www.tablaosflamencos.com\/nl\/flamencobiennale-uitverkocht-flamenco-vanavond-sevilla.html","og_locale":"nl_NL","og_type":"article","og_title":"Flamencobi\u00ebnnale uitverkocht: waar je vanavond flamenco ziet in Sevilla","og_description":"Is je voorstelling van de Bi\u00ebnnale uitverkocht? Ontdek waar je vanavond flamenco in Sevilla ziet, vergelijk tablaos per buurt en ervaring en boek voor vanavond.","og_url":"https:\/\/www.tablaosflamencos.com\/nl\/flamencobiennale-uitverkocht-flamenco-vanavond-sevilla.html","og_site_name":"Tablaos Flamencos","article_publisher":"https:\/\/www.facebook.com\/tablaosflamencos","article_published_time":"2026-08-31T17:32:09+00:00","article_modified_time":"2026-08-31T18:16:26+00:00","og_image":[{"width":1672,"height":941,"url":"https:\/\/www.tablaosflamencos.com\/wp-content\/uploads\/bienal-agotada-donde-ver-flamenco-hoy-en-sevilla-01.webp","type":"image\/webp"}],"author":"Miguel Ortiz","twitter_card":"summary_large_image","twitter_creator":"@tablaosflamenco","twitter_site":"@tablaosflamenco","twitter_misc":{"Geschreven door":"Miguel Ortiz","Geschatte leestijd":"23 minuten"},"schema":{"@context":"https:\/\/schema.org","@graph":[{"@type":"Article","@id":"https:\/\/www.tablaosflamencos.com\/nl\/flamencobiennale-uitverkocht-flamenco-vanavond-sevilla.html#article","isPartOf":{"@id":"https:\/\/www.tablaosflamencos.com\/nl\/flamencobiennale-uitverkocht-flamenco-vanavond-sevilla.html"},"author":{"name":"Miguel Ortiz","@id":"https:\/\/www.tablaosflamencos.com\/nl#\/schema\/person\/e7a9ebe14eb75a52ceabfbffb3c54f5d"},"headline":"Flamencobi\u00ebnnale uitverkocht: waar je vanavond flamenco ziet in Sevilla","datePublished":"2026-08-31T17:32:09+00:00","dateModified":"2026-08-31T18:16:26+00:00","mainEntityOfPage":{"@id":"https:\/\/www.tablaosflamencos.com\/nl\/flamencobiennale-uitverkocht-flamenco-vanavond-sevilla.html"},"wordCount":4609,"publisher":{"@id":"https:\/\/www.tablaosflamencos.com\/nl#organization"},"image":{"@id":"https:\/\/www.tablaosflamencos.com\/nl\/flamencobiennale-uitverkocht-flamenco-vanavond-sevilla.html#primaryimage"},"thumbnailUrl":"https:\/\/www.tablaosflamencos.com\/wp-content\/uploads\/bienal-agotada-donde-ver-flamenco-hoy-en-sevilla-01.webp","keywords":["Bi\u00ebnnale 2026","flamenco in Sevilla","flamenco vanavond in Sevilla","flamencoagenda","Flamencobi\u00ebnnale","Sevilla","tablaos in Sevilla"],"articleSection":["Flamenco per stad","Flamencobi\u00ebnnale"],"inLanguage":"nl-NL"},{"@type":"WebPage","@id":"https:\/\/www.tablaosflamencos.com\/nl\/flamencobiennale-uitverkocht-flamenco-vanavond-sevilla.html","url":"https:\/\/www.tablaosflamencos.com\/nl\/flamencobiennale-uitverkocht-flamenco-vanavond-sevilla.html","name":"Bi\u00ebnnale uitverkocht: flamenco vanavond in Sevilla | Tablaos Flamencos","isPartOf":{"@id":"https:\/\/www.tablaosflamencos.com\/nl#website"},"primaryImageOfPage":{"@id":"https:\/\/www.tablaosflamencos.com\/nl\/flamencobiennale-uitverkocht-flamenco-vanavond-sevilla.html#primaryimage"},"image":{"@id":"https:\/\/www.tablaosflamencos.com\/nl\/flamencobiennale-uitverkocht-flamenco-vanavond-sevilla.html#primaryimage"},"thumbnailUrl":"https:\/\/www.tablaosflamencos.com\/wp-content\/uploads\/bienal-agotada-donde-ver-flamenco-hoy-en-sevilla-01.webp","datePublished":"2026-08-31T17:32:09+00:00","dateModified":"2026-08-31T18:16:26+00:00","description":"Is je voorstelling van de Bi\u00ebnnale uitverkocht? Ontdek waar je vanavond flamenco in Sevilla ziet, vergelijk tablaos per buurt en ervaring en boek voor vanavond.","breadcrumb":{"@id":"https:\/\/www.tablaosflamencos.com\/nl\/flamencobiennale-uitverkocht-flamenco-vanavond-sevilla.html#breadcrumb"},"inLanguage":"nl-NL","potentialAction":[{"@type":"ReadAction","target":["https:\/\/www.tablaosflamencos.com\/nl\/flamencobiennale-uitverkocht-flamenco-vanavond-sevilla.html"]}]},{"@type":"ImageObject","inLanguage":"nl-NL","@id":"https:\/\/www.tablaosflamencos.com\/nl\/flamencobiennale-uitverkocht-flamenco-vanavond-sevilla.html#primaryimage","url":"https:\/\/www.tablaosflamencos.com\/wp-content\/uploads\/bienal-agotada-donde-ver-flamenco-hoy-en-sevilla-01.webp","contentUrl":"https:\/\/www.tablaosflamencos.com\/wp-content\/uploads\/bienal-agotada-donde-ver-flamenco-hoy-en-sevilla-01.webp","width":1672,"height":941,"caption":"Bienal agotada: d\u00f3nde ver flamenco hoy en Sevilla"},{"@type":"BreadcrumbList","@id":"https:\/\/www.tablaosflamencos.com\/nl\/flamencobiennale-uitverkocht-flamenco-vanavond-sevilla.html#breadcrumb","itemListElement":[{"@type":"ListItem","position":1,"name":"Home","item":"https:\/\/www.tablaosflamencos.com\/nl"},{"@type":"ListItem","position":2,"name":"Flamencobi\u00ebnnale uitverkocht: waar je vanavond flamenco ziet in Sevilla"}]},{"@type":"WebSite","@id":"https:\/\/www.tablaosflamencos.com\/nl#website","url":"https:\/\/www.tablaosflamencos.com\/nl","name":"Tablaos Flamencos","description":"Entradas para tablaos flamencos de Espa\u00f1a","publisher":{"@id":"https:\/\/www.tablaosflamencos.com\/nl#organization"},"alternateName":"Tablaos Flamencos","potentialAction":[{"@type":"SearchAction","target":{"@type":"EntryPoint","urlTemplate":"https:\/\/www.tablaosflamencos.com\/nl?s={search_term_string}"},"query-input":{"@type":"PropertyValueSpecification","valueRequired":true,"valueName":"search_term_string"}}],"inLanguage":"nl-NL"},{"@type":["Organization","Place","EntertainmentBusiness"],"@id":"https:\/\/www.tablaosflamencos.com\/nl#organization","name":"Tablaos Flamencos","alternateName":"Tablaos Flamencos","url":"https:\/\/www.tablaosflamencos.com\/nl","logo":{"@id":"https:\/\/www.tablaosflamencos.com\/nl\/flamencobiennale-uitverkocht-flamenco-vanavond-sevilla.html#local-main-organization-logo"},"image":{"@id":"https:\/\/www.tablaosflamencos.com\/nl\/flamencobiennale-uitverkocht-flamenco-vanavond-sevilla.html#local-main-organization-logo"},"sameAs":["https:\/\/www.facebook.com\/tablaosflamencos","https:\/\/x.com\/tablaosflamenco","https:\/\/mastodon.social\/@tablaosflamencos","https:\/\/www.instagram.com\/tablaosflamencos","https:\/\/tiktok.com\/@tablaosflamencos","https:\/\/www.linkedin.com\/company\/109408238\/"],"description":"Venta de entradas para espect\u00e1culos flamencos","legalName":"Tablaos Flamencos","foundingDate":"2015-01-01","numberOfEmployees":{"@type":"QuantitativeValue","minValue":"1","maxValue":"10"},"address":{"@id":"https:\/\/www.tablaosflamencos.com\/nl\/flamencobiennale-uitverkocht-flamenco-vanavond-sevilla.html#local-main-place-address"},"geo":{"@type":"GeoCoordinates","latitude":"37.3868072","longitude":"-5.993280299999999"},"telephone":["+34623787787"],"contactPoint":{"@type":"ContactPoint","telephone":"+34623787787","email":"info@tablaosflamencos.com"},"openingHoursSpecification":{"@type":"OpeningHoursSpecification","dayOfWeek":["Monday","Tuesday","Wednesday","Thursday","Friday","Saturday","Sunday"],"opens":"00:00","closes":"23:59"},"email":"info@tablaosflamencos.com","priceRange":"$$$","currenciesAccepted":"\u20ac"},{"@type":"Person","@id":"https:\/\/www.tablaosflamencos.com\/nl#\/schema\/person\/e7a9ebe14eb75a52ceabfbffb3c54f5d","name":"Miguel Ortiz","description":"Miguel Ortiz es un empresario flamenco, con una s\u00f3lida trayectoria dentro del sector. Ha presidido entidades culturales vinculadas al flamenco y, cuenta con un amplio recorrido profesional en la gesti\u00f3n y promoci\u00f3n de espect\u00e1culos y tablaos flamencos. Su pasi\u00f3n por la historia y el arte flamenco se refleja en cada art\u00edculo, donde combina experiencia, criterio y un profundo respeto por la tradici\u00f3n.","sameAs":["https:\/\/www.tablaosflamencos.com","https:\/\/www.instagra.com\/miguelortizfe","https:\/\/www.linkedin.com\/in\/miguelortizf\/"],"birthDate":"1984-11-22","gender":"hombre","knowsLanguage":["espa\u00f1ol","ingl\u00e9s"],"jobTitle":"Empresario flamenco"},{"@type":"PostalAddress","@id":"https:\/\/www.tablaosflamencos.com\/nl\/flamencobiennale-uitverkocht-flamenco-vanavond-sevilla.html#local-main-place-address","streetAddress":"C\/ Alemanes, 19","addressLocality":"Sevilla","postalCode":"41004","addressRegion":"Sevilla","addressCountry":"ES"},{"@type":"ImageObject","inLanguage":"nl-NL","@id":"https:\/\/www.tablaosflamencos.com\/nl\/flamencobiennale-uitverkocht-flamenco-vanavond-sevilla.html#local-main-organization-logo","url":"https:\/\/www.tablaosflamencos.com\/wp-content\/uploads\/tablaos-flamencos-06-3.webp","contentUrl":"https:\/\/www.tablaosflamencos.com\/wp-content\/uploads\/tablaos-flamencos-06-3.webp","width":600,"height":620,"caption":"Tablaos Flamencos"}]},"geo.placename":"Sevilla","geo.position":{"lat":"37.3868072","long":"-5.993280299999999"},"geo.region":"Spanje"},"_links":{"self":[{"href":"https:\/\/www.tablaosflamencos.com\/nl\/wp-json\/wp\/v2\/posts\/13754","targetHints":{"allow":["GET"]}}],"collection":[{"href":"https:\/\/www.tablaosflamencos.com\/nl\/wp-json\/wp\/v2\/posts"}],"about":[{"href":"https:\/\/www.tablaosflamencos.com\/nl\/wp-json\/wp\/v2\/types\/post"}],"author":[{"embeddable":true,"href":"https:\/\/www.tablaosflamencos.com\/nl\/wp-json\/wp\/v2\/users\/1"}],"replies":[{"embeddable":true,"href":"https:\/\/www.tablaosflamencos.com\/nl\/wp-json\/wp\/v2\/comments?post=13754"}],"version-history":[{"count":2,"href":"https:\/\/www.tablaosflamencos.com\/nl\/wp-json\/wp\/v2\/posts\/13754\/revisions"}],"predecessor-version":[{"id":13769,"href":"https:\/\/www.tablaosflamencos.com\/nl\/wp-json\/wp\/v2\/posts\/13754\/revisions\/13769"}],"wp:featuredmedia":[{"embeddable":true,"href":"https:\/\/www.tablaosflamencos.com\/nl\/wp-json\/wp\/v2\/media\/13703"}],"wp:attachment":[{"href":"https:\/\/www.tablaosflamencos.com\/nl\/wp-json\/wp\/v2\/media?parent=13754"}],"wp:term":[{"taxonomy":"category","embeddable":true,"href":"https:\/\/www.tablaosflamencos.com\/nl\/wp-json\/wp\/v2\/categories?post=13754"},{"taxonomy":"post_tag","embeddable":true,"href":"https:\/\/www.tablaosflamencos.com\/nl\/wp-json\/wp\/v2\/tags?post=13754"}],"curies":[{"name":"wp","href":"https:\/\/api.w.org\/{rel}","templated":true}]}}