{"id":13753,"date":"2026-08-31T19:52:12","date_gmt":"2026-08-31T17:52:12","guid":{"rendered":"https:\/\/www.tablaosflamencos.com\/?p=13753"},"modified":"2026-08-31T20:17:45","modified_gmt":"2026-08-31T18:17:45","slug":"sara-baras-sevilla-2026-infinita-biennale","status":"publish","type":"post","link":"https:\/\/www.tablaosflamencos.com\/nl\/sara-baras-sevilla-2026-infinita-biennale.html","title":{"rendered":"Sara Baras in Sevilla 2026: Infinita en haar terugkeer naar de Bi\u00ebnnale"},"content":{"rendered":"<section class=\"l-section wpb_row height_huge\"><div class=\"l-section-h i-cf\"><div class=\"g-cols vc_row via_flex valign_top type_default stacking_default\"><div class=\"vc_col-sm-6 wpb_column vc_column_container\"><div class=\"vc_column-inner\"><div class=\"wpb_wrapper\"><div class=\"wpb_text_column\"><div class=\"wpb_wrapper\"><h2>Sara Baras keert veertien jaar later terug naar de Bi\u00ebnnale van Sevilla<\/h2>\n<p><strong>Sara Baras keert in 2026 terug naar de Flamencobi\u00ebnnale van Sevilla<\/strong> met een van de meest verwachte gebeurtenissen van de 24e editie: de <strong>wereldpremi\u00e8re van <em>Infinita<\/em><\/strong>, haar twintigste voorstelling en een liefdesverklaring aan Andalusi\u00eb, opgebouwd vanuit dans, herinnering, folklore en de identiteit van de acht provincies.<\/p>\n<p>De danseres uit C\u00e1diz staat in het <strong>Teatro de la Maestranza op 11, 12 en 13 september 2026, telkens om 20:00 uur<\/strong>. Dit is niet zomaar een bezoek. De Bi\u00ebnnale presenteert deze terugkeer als een van de grote gebeurtenissen van de editie en als de opening van het Maestranza-programma binnen het festival, evenals het begin van het theaterseizoen.<\/p>\n<p>Het cijfer dat de ware betekenis van deze hereniging laat zien, is de verstreken tijd: <strong>veertien jaar sinds haar laatste Bi\u00ebnnale<\/strong>. In 2012 bracht ze op hetzelfde podium <em>La Pepa<\/em>, eveneens gedurende drie avonden, en toen waren alle 5.100 beschikbare plaatsen uitverkocht.<\/p>\n<\/div><\/div><\/div><\/div><\/div><div class=\"vc_col-sm-6 wpb_column vc_column_container\"><div class=\"vc_column-inner\"><div class=\"wpb_wrapper\"><div class=\"wpb_text_column\"><div class=\"wpb_wrapper\"><p style=\"text-align: center; font-size: 58px; line-height: 1; margin-bottom: 10px;\"><strong>14<\/strong><\/p>\n<h3 style=\"text-align: center;\">jaar later<\/h3>\n<p style=\"text-align: center;\"><strong>11, 12 en 13 september 2026<\/strong><\/p>\n<p style=\"text-align: center;\">20:00 uur \u00b7 Teatro de la Maestranza<\/p>\n<p style=\"text-align: center;\"><strong>Wereldpremi\u00e8re van <em>Infinita<\/em><\/strong><\/p>\n<p style=\"text-align: center;\">Regie, script en choreografie: Sara Baras<\/p>\n<p style=\"text-align: center;\">Originele muziek: Keko Baldomero<\/p>\n<\/div><\/div><\/div><\/div><\/div><\/div><\/div><\/section><section class=\"l-section wpb_row height_huge color_alternate with_shape\"><div class=\"l-section-shape type_zigzag pos_top\" style=\"height:3vmin;\"><svg xmlns=\"http:\/\/www.w3.org\/2000\/svg\" viewBox=\"0 0 64 8\" preserveAspectRatio=\"none\" width=\"100%\" height=\"100%\">\r\n\t<path fill=\"currentColor\" d=\"M64 8 L0 8 L0 0 L20 7.9 L40 3 L48 5 L64 0 Z\"\/>\r\n<\/svg><\/div><div class=\"l-section-shape type_zigzag pos_bottom\" style=\"height:3vmin;\"><svg xmlns=\"http:\/\/www.w3.org\/2000\/svg\" viewBox=\"0 0 64 8\" preserveAspectRatio=\"none\" width=\"100%\" height=\"100%\">\r\n\t<path fill=\"currentColor\" d=\"M64 8 L0 8 L0 0 L20 7.9 L40 3 L48 5 L64 0 Z\"\/>\r\n<\/svg><\/div><div class=\"l-section-h i-cf\"><div class=\"g-cols vc_row via_flex valign_top type_default stacking_default\"><div class=\"vc_col-sm-12 wpb_column vc_column_container\"><div class=\"vc_column-inner\"><div class=\"wpb_wrapper\"><div class=\"wpb_text_column\"><div class=\"wpb_wrapper\"><blockquote>\n<p><strong>Kort antwoord:<\/strong> Sara Baras presenteert <em>Infinita<\/em> op de Flamencobi\u00ebnnale van Sevilla op <strong>11, 12 en 13 september 2026 om 20:00 uur<\/strong> in het Teatro de la Maestranza. Het is een wereldpremi\u00e8re die speciaal voor de Bi\u00ebnnale is gemaakt, een eerbetoon aan Andalusi\u00eb via acht vrouwen die de acht provincies vertegenwoordigen, en het markeert de terugkeer van de artieste naar het festival, veertien jaar na <em>La Pepa<\/em> (2012).<\/p>\n<\/blockquote>\n<p><strong>Laatst bijgewerkt: 31 augustus 2026.<\/strong> Alle drie de voorstellingen van <em>Infinita<\/em> staan vermeld als uitverkocht binnen deze editie. De beschikbaarheid kan veranderen als er plaatsen vrijkomen, dus controleer altijd de offici\u00eble kanalen.<\/p>\n<\/div><\/div><div class=\"w-separator size_medium\"><\/div><div class=\"w-hwrapper valign_top wrap stack_on_mobiles align_center\" style=\"--hwrapper-gap:1.2rem\"><div class=\"w-btn-wrapper align_none\"><a class=\"w-btn us-btn-style_1\" href=\"https:\/\/www.tablaosflamencos.com\/nl\/flamenco-biennale-sevilla-2026.html\"><span class=\"w-btn-label\">Volledige gids voor de Bi\u00ebnnale 2026<\/span><\/a><\/div><div class=\"w-btn-wrapper align_none\"><a class=\"w-btn us-btn-style_1\" href=\"https:\/\/www.labienal.com\/programa-general\/teatro-de-la-maestranza\/sara-baras\"><span class=\"w-btn-label\">Bekijk de offici\u00eble pagina van Infinita<\/span><\/a><\/div><\/div><\/div><\/div><\/div><\/div><\/div><\/section><section class=\"l-section wpb_row height_huge\"><div class=\"l-section-h i-cf\"><div class=\"g-cols vc_row via_flex valign_top type_default stacking_default\"><div class=\"vc_col-sm-1\/5 wpb_column vc_column_container\"><div class=\"vc_column-inner\"><div class=\"wpb_wrapper\"><\/div><\/div><\/div><div class=\"vc_col-sm-3\/5 wpb_column vc_column_container\"><div class=\"vc_column-inner\"><div class=\"wpb_wrapper\"><div class=\"wpb_text_column\"><div class=\"wpb_wrapper\"><h2>Inhoud van deze gids<\/h2>\n<ul>\n<li><a href=\"#regreso-bienal\">De terugkeer van Sara Baras naar de Bi\u00ebnnale<\/a><\/li>\n<li><a href=\"#fechas-infinita\">Data, tijd en locatie van Infinita<\/a><\/li>\n<li><a href=\"#que-es-infinita\">Wat is Infinita?<\/a><\/li>\n<li><a href=\"#ocho-provincias\">Acht vrouwen voor de acht Andalusische provincies<\/a><\/li>\n<li><a href=\"#flamenco-folclore\">Van folklore tot flamenco: de muzikale landschappen<\/a><\/li>\n<li><a href=\"#equipo-artistico\">Regie, choreografie en originele muziek<\/a><\/li>\n<li><a href=\"#sara-baras-bienal\">Sara Baras en de Bi\u00ebnnale: van 1994 tot 2026<\/a><\/li>\n<li><a href=\"#entradas-infinita\">Tickets, prijzen en uitverkochte voorstellingen<\/a><\/li>\n<li><a href=\"#maestranza-infinita\">Waarom het Maestranza het podium van de terugkeer is<\/a><\/li>\n<li><a href=\"#despues-sevilla\">Waar Infinita na Sevilla te zien is<\/a><\/li>\n<li><a href=\"#faq-infinita\">Veelgestelde vragen<\/a><\/li>\n<\/ul>\n<\/div><\/div><\/div><\/div><\/div><div class=\"vc_col-sm-1\/5 wpb_column vc_column_container\"><div class=\"vc_column-inner\"><div class=\"wpb_wrapper\"><\/div><\/div><\/div><\/div><\/div><\/section><section class=\"l-section wpb_row height_huge color_alternate with_shape\"><div class=\"l-section-shape type_zigzag pos_top\" style=\"height:3vmin;\"><svg xmlns=\"http:\/\/www.w3.org\/2000\/svg\" viewBox=\"0 0 64 8\" preserveAspectRatio=\"none\" width=\"100%\" height=\"100%\">\r\n\t<path fill=\"currentColor\" d=\"M64 8 L0 8 L0 0 L20 7.9 L40 3 L48 5 L64 0 Z\"\/>\r\n<\/svg><\/div><div class=\"l-section-shape type_zigzag pos_bottom\" style=\"height:3vmin;\"><svg xmlns=\"http:\/\/www.w3.org\/2000\/svg\" viewBox=\"0 0 64 8\" preserveAspectRatio=\"none\" width=\"100%\" height=\"100%\">\r\n\t<path fill=\"currentColor\" d=\"M64 8 L0 8 L0 0 L20 7.9 L40 3 L48 5 L64 0 Z\"\/>\r\n<\/svg><\/div><div class=\"l-section-h i-cf\"><div class=\"g-cols vc_row via_flex valign_top type_default stacking_default\"><div class=\"vc_col-sm-6 wpb_column vc_column_container\"><div class=\"vc_column-inner\"><div class=\"wpb_wrapper\"><div class=\"wpb_text_column\"><div class=\"wpb_wrapper\"><h2 id=\"regreso-bienal\">De terugkeer van Sara Baras naar de Bi\u00ebnnale: waarom dit een van de grote verhalen van 2026 is<\/h2>\n<p>Toen het programma van de 24e Bi\u00ebnnale in februari werd gepresenteerd, stond de naam Sara Baras voor een idee dat veel verder ging dan het boeken van een grootschalige productie: <strong>de terugkeer van een internationale grootheid van de flamencodans na veertien jaar afwezigheid<\/strong>.<\/p>\n<p>De organisatie heeft deze hereniging tot een van de symbolische pijlers van de editie gemaakt. <em>Infinita<\/em> komt niet naar Sevilla nadat het elders in premi\u00e8re is gegaan en ook niet als een volgende halte van een tournee. <strong>Het werk is voor de Bi\u00ebnnale gemaakt en beleeft hier zijn wereldpremi\u00e8re.<\/strong><\/p>\n<p>Dat exclusieve karakter van de creatie is belangrijk. De Bi\u00ebnnale van 2026 wil dat een groot deel van het programma als een gebeurtenis op zichzelf wordt ervaren en niet alleen als een opeenvolging van voorstellingen. Bij Sara Baras wordt die inzet onderstreept door drie opeenvolgende voorstellingen in de Grote Zaal van het Teatro de la Maestranza.<\/p>\n<\/div><\/div><\/div><\/div><\/div><div class=\"vc_col-sm-6 wpb_column vc_column_container\"><div class=\"vc_column-inner\"><div class=\"wpb_wrapper\"><div class=\"wpb_text_column\"><div class=\"wpb_wrapper\"><h2>Een terugkeer vol herinnering: van <em>La Pepa<\/em> naar <em>Infinita<\/em><\/h2>\n<p>De laatste keer dat Sara Baras deelnam aan de Bi\u00ebnnale was in <strong>september 2012<\/strong>. Ze presenteerde <em>La Pepa<\/em>, een voorstelling ge\u00efnspireerd op de Grondwet van C\u00e1diz van 1812, waarvan kort daarvoor het tweehonderdjarig bestaan was gevierd.<\/p>\n<p>Ook toen reserveerde het Maestranza drie avonden voor het gezelschap: <strong>14, 15 en 16 september 2012<\/strong>. De 5.100 beschikbare plaatsen voor die voorstellingen waren uitverkocht.<\/p>\n<p>De vergelijking met 2026 ligt voor de hand. Veertien jaar later keert ze terug naar hetzelfde theater, opnieuw voor drie dagen en opnieuw met een vraag die al v\u00f3\u00f3r het begin van de Bi\u00ebnnale tot een volledige uitverkoop heeft geleid. Maar het artistieke uitgangspunt is heel anders: waar <em>La Pepa<\/em> naar een concrete historische episode keek, richt <em>Infinita<\/em> de blik op <strong>heel Andalusi\u00eb, de artistieke rijpheid van de artieste en het erfgoed dat via flamenco wordt doorgegeven<\/strong>.<\/p>\n<\/div><\/div><\/div><\/div><\/div><\/div><\/div><\/section><section class=\"l-section wpb_row height_huge\"><div class=\"l-section-h i-cf\"><div class=\"g-cols vc_row via_flex valign_top type_default stacking_default\"><div class=\"vc_col-sm-12 wpb_column vc_column_container\"><div class=\"vc_column-inner\"><div class=\"wpb_wrapper\"><div class=\"wpb_text_column\"><div class=\"wpb_wrapper\"><h2 id=\"fechas-infinita\">Sara Baras in Sevilla 2026: data, tijd en Teatro de la Maestranza<\/h2>\n<div style=\"overflow-x: auto;\">\n<table>\n<thead>\n<tr>\n<th>Datum<\/th>\n<th>Tijd<\/th>\n<th>Voorstelling<\/th>\n<th>Locatie<\/th>\n<th>Status<\/th>\n<\/tr>\n<\/thead>\n<tbody>\n<tr>\n<td><strong>Vrijdag 11 september<\/strong><\/td>\n<td>20:00<\/td>\n<td><em>Infinita<\/em> \u00b7 wereldpremi\u00e8re<\/td>\n<td>Teatro de la Maestranza<\/td>\n<td>Uitverkocht<\/td>\n<\/tr>\n<tr>\n<td><strong>Zaterdag 12 september<\/strong><\/td>\n<td>20:00<\/td>\n<td><em>Infinita<\/em><\/td>\n<td>Teatro de la Maestranza<\/td>\n<td>Uitverkocht<\/td>\n<\/tr>\n<tr>\n<td><strong>Zondag 13 september<\/strong><\/td>\n<td>20:00<\/td>\n<td><em>Infinita<\/em><\/td>\n<td>Teatro de la Maestranza<\/td>\n<td>Uitverkocht<\/td>\n<\/tr>\n<\/tbody>\n<\/table>\n<\/div>\n<p>&nbsp;<\/p>\n<p>Alle drie de voorstellingen maken deel uit van de <strong>24e Flamencobi\u00ebnnale van Sevilla<\/strong>, die plaatsvindt van 9 september tot en met 3 oktober. De voorstelling van de 11e is de wereldpremi\u00e8re van het werk en opent het programma van het Teatro de la Maestranza binnen het festival.<\/p>\n<p>Eerder, op <strong>10 september<\/strong>, organiseert de Bi\u00ebnnale het grote gala <em>El mundo por montera<\/em> in de stierenarena van de Real Maestranza. Daarom is het nauwkeuriger om <em>Infinita<\/em> te zien als de grote podiumopening van het Maestranza en een van de openingsmomenten van de editie, en niet als de chronologisch eerste activiteit van het hele festival.<\/p>\n<\/div><\/div><\/div><\/div><\/div><\/div><\/div><\/section><section class=\"l-section wpb_row height_huge color_alternate with_shape\"><div class=\"l-section-shape type_zigzag pos_top\" style=\"height:3vmin;\"><svg xmlns=\"http:\/\/www.w3.org\/2000\/svg\" viewBox=\"0 0 64 8\" preserveAspectRatio=\"none\" width=\"100%\" height=\"100%\">\r\n\t<path fill=\"currentColor\" d=\"M64 8 L0 8 L0 0 L20 7.9 L40 3 L48 5 L64 0 Z\"\/>\r\n<\/svg><\/div><div class=\"l-section-shape type_zigzag pos_bottom\" style=\"height:3vmin;\"><svg xmlns=\"http:\/\/www.w3.org\/2000\/svg\" viewBox=\"0 0 64 8\" preserveAspectRatio=\"none\" width=\"100%\" height=\"100%\">\r\n\t<path fill=\"currentColor\" d=\"M64 8 L0 8 L0 0 L20 7.9 L40 3 L48 5 L64 0 Z\"\/>\r\n<\/svg><\/div><div class=\"l-section-h i-cf\"><div class=\"g-cols vc_row via_flex valign_top type_default stacking_default\"><div class=\"vc_col-sm-6 wpb_column vc_column_container\"><div class=\"vc_column-inner\"><div class=\"wpb_wrapper\"><div class=\"wpb_text_column\"><div class=\"wpb_wrapper\"><h2 id=\"que-es-infinita\">Wat is <em>Infinita<\/em>?<\/h2>\n<p><em>Infinita<\/em> vertrekt vanuit een vraag die Sara Baras zelf stelt bij de presentatie van het project: <strong>hoe geef je aan een land terug wat dat land een artieste heeft gegeven<\/strong>.<\/p>\n<p>Het antwoord is een voorstelling gewijd aan Andalusi\u00eb. Het wil geen letterlijke gids langs de provincies zijn en evenmin een verzameling regionale ansichtkaarten. De benadering is theatraler en emotioneler: een land bekijken via zijn verschillen en zoeken naar de gemeenschappelijke hartslag die ze verbindt.<\/p>\n<p>Het werk is bovendien de <strong>twintigste voorstelling in de geschiedenis van het gezelschap<\/strong>. Dat gegeven plaatst de premi\u00e8re op een moment van reflectie en artistieke rijpheid. Na decennia waarin Baras flamenco naar internationale podia bracht, gebruikt ze nu haar eigen land als creatief materiaal.<\/p>\n<p>De productie werkt met dans, muziek, scenografie, licht en kostuums om Andalusische identiteiten, landschappen, bewegingen en herinneringen te verkennen.<\/p>\n<\/div><\/div><\/div><\/div><\/div><div class=\"vc_col-sm-6 wpb_column vc_column_container\"><div class=\"vc_column-inner\"><div class=\"wpb_wrapper\"><div class=\"wpb_text_column\"><div class=\"wpb_wrapper\"><h2>Een voorstelling over Andalusi\u00eb, maar ook over rijpheid<\/h2>\n<p>In interviews voorafgaand aan de premi\u00e8re heeft Sara Baras <em>Infinita<\/em> verbonden met een levensfase waarin ze dans anders beleeft. Rijpheid wordt niet voorgesteld als het opgeven van fysieke kracht, maar als een manier om <strong>energie te doseren, naar het lichaam te luisteren en bewuster te beslissen waar elke beweging wordt geplaatst<\/strong>.<\/p>\n<p>Die benadering past bij de filosofie die de artieste voor de productie heeft toegelicht: na een leven gewijd aan flamenco wordt kunst steeds minder uitsluitend als vertoon gezien en steeds meer als een vorm van geven.<\/p>\n<p>Daarom kan <em>Infinita<\/em> op twee niveaus worden gelezen. Het eerste is collectief: Andalusi\u00eb als gebied van acht identiteiten. Het tweede is persoonlijk: een danseres die na veertien jaar terugkeert naar de Bi\u00ebnnale en die terugkeer gebruikt om zich af te vragen wat ze heeft ontvangen en wat ze wil teruggeven.<\/p>\n<\/div><\/div><\/div><\/div><\/div><\/div><\/div><\/section><section class=\"l-section wpb_row height_huge\"><div class=\"l-section-h i-cf\"><div class=\"g-cols vc_row via_flex valign_top type_default stacking_default\"><div class=\"vc_col-sm-6 wpb_column vc_column_container\"><div class=\"vc_column-inner\"><div class=\"wpb_wrapper\"><div class=\"wpb_text_column\"><div class=\"wpb_wrapper\"><h2 id=\"ocho-provincias\">Acht vrouwen voor de acht Andalusische provincies<\/h2>\n<p>De conceptuele kern van <em>Infinita<\/em> bestaat uit <strong>acht vrouwen die de acht provincies van Andalusi\u00eb belichamen<\/strong>. Elke vrouw heeft haar eigen persoonlijkheid, ritme, landschap en manier van kijken.<\/p>\n<p>Het idee vermijdt Andalusi\u00eb als een uniforme identiteit te presenteren. C\u00e1diz is Granada niet; Huelva is Ja\u00e9n niet; Almer\u00eda is Sevilla niet. Er zijn zee, bergen, platteland, grensgebieden, stad, rurale herinneringen en talloze accenten. De productie wil die verschillen op het podium laten verschijnen zonder het gevoel te verliezen dat ze tot hetzelfde culturele gebied behoren.<\/p>\n<p>De vrouw vormt het voertuig voor die representatie. Dat is niet ongewoon in het werk van Baras, die voorstellingen heeft opgebouwd rond vrouwelijke figuren en werelden zoals <em>Juana la Loca<\/em>, <em>Mariana Pineda<\/em> of <em>Carmen<\/em>.<\/p>\n<\/div><\/div><\/div><\/div><\/div><div class=\"vc_col-sm-6 wpb_column vc_column_container\"><div class=\"vc_column-inner\"><div class=\"wpb_wrapper\"><div class=\"wpb_text_column\"><div class=\"wpb_wrapper\"><h2>Een Andalusi\u00eb dat niet ophoudt bij zijn grenzen<\/h2>\n<p>Een van de interessantste aspecten van het project is dat de Andalusische identiteit niet als iets gesloten wordt voorgesteld. De internationale ervaring van het gezelschap loopt door het concept van het werk heen: <strong>wortels reizen mee<\/strong> en kunnen deel van iemand blijven, ver van de plaats van herkomst.<\/p>\n<p>Sara Baras treedt al tientallen jaren op in Europa, Amerika en Azi\u00eb. Haar manier om Andalusi\u00eb te verbeelden is daarom zowel van binnenuit als op afstand gevormd.<\/p>\n<p><em>Infinita<\/em> probeert die ervaring om te zetten in een podiumtaal. Het land verschijnt als oorsprong, maar ook als draagbare herinnering. Daarom zoekt de voorstelling een open blik op de wereld in plaats van een folkloristische voorstelling die in zichzelf opgesloten blijft.<\/p>\n<\/div><\/div><\/div><\/div><\/div><\/div><\/div><\/section><section class=\"l-section wpb_row height_huge color_alternate with_shape\"><div class=\"l-section-shape type_zigzag pos_top\" style=\"height:3vmin;\"><svg xmlns=\"http:\/\/www.w3.org\/2000\/svg\" viewBox=\"0 0 64 8\" preserveAspectRatio=\"none\" width=\"100%\" height=\"100%\">\r\n\t<path fill=\"currentColor\" d=\"M64 8 L0 8 L0 0 L20 7.9 L40 3 L48 5 L64 0 Z\"\/>\r\n<\/svg><\/div><div class=\"l-section-shape type_zigzag pos_bottom\" style=\"height:3vmin;\"><svg xmlns=\"http:\/\/www.w3.org\/2000\/svg\" viewBox=\"0 0 64 8\" preserveAspectRatio=\"none\" width=\"100%\" height=\"100%\">\r\n\t<path fill=\"currentColor\" d=\"M64 8 L0 8 L0 0 L20 7.9 L40 3 L48 5 L64 0 Z\"\/>\r\n<\/svg><\/div><div class=\"l-section-h i-cf\"><div class=\"g-cols vc_row via_flex valign_top type_default stacking_default\"><div class=\"vc_col-sm-6 wpb_column vc_column_container\"><div class=\"vc_column-inner\"><div class=\"wpb_wrapper\"><div class=\"wpb_text_column\"><div class=\"wpb_wrapper\"><h2 id=\"flamenco-folclore\">Van folklore tot flamenco: de muzikale landschappen van <em>Infinita<\/em><\/h2>\n<p>De presentatie van de voorstelling spreekt zelf over <strong>bruggen tussen flamenco en folklore<\/strong>. Muziek, choreografie, scenografie, licht en kostuums verkennen deze gebieden zonder het populaire, traditionele en flamenco rigide van elkaar te scheiden.<\/p>\n<p>De aangekondigde reis voert langs heel verschillende vormen en referenties:<\/p>\n<ul>\n<li>romance en fandango,<\/li>\n<li>taranto en malague\u00f1a,<\/li>\n<li>verdial en serrana,<\/li>\n<li>trilla en aceitunera,<\/li>\n<li>grana\u00edna en sole\u00e1,<\/li>\n<li>sevillanas en tanguillo,<\/li>\n<li>alegr\u00edas en buler\u00edas.<\/li>\n<\/ul>\n<p>Niet al deze vormen behoren tot hetzelfde domein of hebben dezelfde geschiedenis. Juist daarin ligt een deel van het idee: <strong>luisteren naar de verbindingen tussen de populaire repertoires van Andalusi\u00eb en de talen die flamenco heeft ontwikkeld<\/strong>.<\/p>\n<\/div><\/div><\/div><\/div><\/div><div class=\"vc_col-sm-6 wpb_column vc_column_container\"><div class=\"vc_column-inner\"><div class=\"wpb_wrapper\"><div class=\"wpb_text_column\"><div class=\"wpb_wrapper\"><h2>Is het een fusie van flamenco en folklore?<\/h2>\n<p>Het woord \u2018fusie\u2019 is misschien te beperkt. <em>Infinita<\/em> lijkt minder ge\u00efnteresseerd in het van buitenaf mengen van genres dan in het onderzoeken van raakvlakken die al in de Andalusische cultuur bestaan.<\/p>\n<p>Verdiales, trillas, fandangos, sevillanas en tanguillos bestaan historisch naast elkaar in een gebied waar de grenzen tussen volksfeest, zang, dans en flamenco nooit volledig ondoordringbaar zijn geweest.<\/p>\n<p>De voorstelling gebruikt dit materiaal als choreografisch en muzikaal vertrekpunt. Het resultaat wil geen geschiedenisles geven of gesloten genealogie\u00ebn vastleggen, maar een <strong>emotionele kaart van Andalusi\u00eb bouwen via beweging en comp\u00e1s<\/strong>.<\/p>\n<\/div><\/div><\/div><\/div><\/div><\/div><\/div><\/section><section class=\"l-section wpb_row height_huge\"><div class=\"l-section-h i-cf\"><div class=\"g-cols vc_row via_flex valign_top type_default stacking_default\"><div class=\"vc_col-sm-12 wpb_column vc_column_container\"><div class=\"vc_column-inner\"><div class=\"wpb_wrapper\"><div class=\"wpb_text_column\"><div class=\"wpb_wrapper\"><h2 id=\"equipo-artistico\">Regie, script, choreografie en muziek van <em>Infinita<\/em><\/h2>\n<p>De creatie draagt rechtstreeks de handtekening van <strong>Sara Baras voor regie, script en choreografie<\/strong>. De originele muziek is gecomponeerd door <strong>Keko Baldomero<\/strong>, muzikaal leider van het gezelschap en vaste medewerker bij de ontwikkeling van het klanklandschap van haar voorstellingen.<\/p>\n<p>Die creatieve controle verklaart waarom <em>Infinita<\/em> wordt gepresenteerd als een bijzonder persoonlijk werk. Het is niet alleen een choreografie met Baras in de hoofdrol, maar een project waarvan idee, dramatische structuur en bewegingstaal uit haar eigen visie voortkomen.<\/p>\n<p>De offici\u00eble website van de artieste benadrukt dat alle talen van de productie \u2014 muziek, choreografie, scenografie, licht en kostuums \u2014 deelnemen aan deze reis door de acht Andalusische identiteiten. Het doel is elke provincie een eigen kleur en persoonlijkheid te geven zonder de eenheid van de voorstelling te breken.<\/p>\n<p>De productie volgt bovendien op <em>Vuela<\/em> (2024), Sara Baras\u2019 eerbetoon aan Paco de Luc\u00eda, en wordt gepresenteerd als de twintigste titel van een onafhankelijk gezelschap dat al bijna drie decennia internationaal toert.<\/p>\n<\/div><\/div><\/div><\/div><\/div><\/div><\/div><\/section><section class=\"l-section wpb_row height_huge color_alternate with_shape\"><div class=\"l-section-shape type_zigzag pos_top\" style=\"height:3vmin;\"><svg xmlns=\"http:\/\/www.w3.org\/2000\/svg\" viewBox=\"0 0 64 8\" preserveAspectRatio=\"none\" width=\"100%\" height=\"100%\">\r\n\t<path fill=\"currentColor\" d=\"M64 8 L0 8 L0 0 L20 7.9 L40 3 L48 5 L64 0 Z\"\/>\r\n<\/svg><\/div><div class=\"l-section-shape type_zigzag pos_bottom\" style=\"height:3vmin;\"><svg xmlns=\"http:\/\/www.w3.org\/2000\/svg\" viewBox=\"0 0 64 8\" preserveAspectRatio=\"none\" width=\"100%\" height=\"100%\">\r\n\t<path fill=\"currentColor\" d=\"M64 8 L0 8 L0 0 L20 7.9 L40 3 L48 5 L64 0 Z\"\/>\r\n<\/svg><\/div><div class=\"l-section-h i-cf\"><div class=\"g-cols vc_row via_flex valign_top type_default stacking_default\"><div class=\"vc_col-sm-6 wpb_column vc_column_container\"><div class=\"vc_column-inner\"><div class=\"wpb_wrapper\"><div class=\"wpb_text_column\"><div class=\"wpb_wrapper\"><h2 id=\"sara-baras-bienal\">Sara Baras en de Bi\u00ebnnale: een relatie die in 1994 begon<\/h2>\n<p>De geschiedenis van Sara Baras met de Bi\u00ebnnale begon lang voordat ze een van de herkenbaarste figuren van de internationale flamenco werd. Volgens de door de organisatie gepubliceerde biografie vond haar <strong>eerste optreden op het festival in 1994 plaats<\/strong>, in een periode waarin haar solocarri\u00e8re zich begon te vestigen.<\/p>\n<p>In die jaren had ze al gewerkt in gezelschappen en projecten van artiesten als Merche Esmeralda en Antonio Canales en had ze tournees door Japan, Frankrijk, New York en verschillende Europese landen achter de rug.<\/p>\n<p>In 1998 richtte ze Ballet Flamenco Sara Baras op en ging <em>Sensaciones<\/em>in premi\u00e8re, het begin van een lange reeks eigen producties, gevolgd door <em>Sue\u00f1os<\/em>, <em>Juana la Loca<\/em>, <em>Mariana Pineda<\/em>, <em>Sabores<\/em>, <em>Carmen<\/em>, <em>Esencia<\/em>, <em>La Pepa<\/em>, <em>Medusa<\/em>, <em>Sombras<\/em>, <em>Alma<\/em>, <em>Vuela<\/em> en andere titels.<\/p>\n<\/div><\/div><\/div><\/div><\/div><div class=\"vc_col-sm-6 wpb_column vc_column_container\"><div class=\"vc_column-inner\"><div class=\"wpb_wrapper\"><div class=\"wpb_text_column\"><div class=\"wpb_wrapper\"><h2>Van jonge bailaora tot internationale persoonlijkheid<\/h2>\n<p>De terugkeer in 2026 laat ook zien hoe de positie van Sara Baras binnen de flamenco is veranderd. De artieste die in de jaren negentig naar de Bi\u00ebnnale kwam, is tegenwoordig <strong>winnares van de Nationale Dansprijs, de Gouden Medaille van Andalusi\u00eb, de Gouden Medaille voor Verdienste in de Schone Kunsten en een Olivier Award<\/strong>, naast andere onderscheidingen.<\/p>\n<p>Haar gezelschap heeft grootschalige flamenco omgevormd tot een taal die naar internationale theaters kan reizen zonder de centrale rol van dans en comp\u00e1s los te laten.<\/p>\n<p>Daarom heeft de Bi\u00ebnnale <em>Infinita<\/em> gepresenteerd als een terugkeer met institutioneel en artistiek gewicht. Het gaat niet alleen om het terughalen van een artieste die sinds 2012 niet op het festival stond: ze keert terug op een moment van rijpheid, met een nieuw werk en met Sevilla als vertrekpunt van haar volgende creatieve fase.<\/p>\n<\/div><\/div><\/div><\/div><\/div><\/div><\/div><\/section><section class=\"l-section wpb_row height_huge\"><div class=\"l-section-h i-cf\"><div class=\"g-cols vc_row via_flex valign_top type_default stacking_default\"><div class=\"vc_col-sm-12 wpb_column vc_column_container\"><div class=\"vc_column-inner\"><div class=\"wpb_wrapper\"><div class=\"wpb_text_column\"><div class=\"wpb_wrapper\"><h2 id=\"entradas-infinita\">Tickets voor Sara Baras in Sevilla 2026: prijzen en uitverkochte voorstellingen<\/h2>\n<p>De tickets voor de Bi\u00ebnnale 2026 gingen in de verkoop op <strong>11 februari<\/strong>. De algemene prijsklasse van het festival loopt van voordelige plaatsen in sommige locaties tot de <strong>75 euro<\/strong> die de organisatie zelf noemt als maximumprijs voor Sara Baras in Patio A van het Teatro de la Maestranza.<\/p>\n<p>Eind augustus bevestigde de directie van de Bi\u00ebnnale dat meer dan dertig voorstellingen van deze editie al waren uitverkocht en noemde zij <strong><em>Infinita<\/em> onder de voorstellingen waarvoor geen plaatsen meer beschikbaar waren<\/strong>. De drie data behoren daarmee tot de grote uitverkochte voorstellingen v\u00f3\u00f3r de start van het festival.<\/p>\n<p>Dat betekent niet dat er onmogelijk op het laatste moment nog een plaats beschikbaar komt. Bij grote producties kunnen retouren, wijzigingen in contingenten of incidentele vrijgaven voorkomen. Als je het wilt proberen, is de enige betrouwbare referentie de offici\u00eble ticketverkoop waarnaar de Bi\u00ebnnale en het Teatro de la Maestranza verwijzen.<\/p>\n<p>Vermijd te hoge prijzen via niet-offici\u00eble kanalen. Als er geen tickets meer zijn, biedt de Bi\u00ebnnale tientallen andere voorstellingen en heeft Sevilla in deze periode dagelijks tablaos en flamencozalen op het programma.<\/p>\n<\/div><\/div><div class=\"w-separator size_medium\"><\/div><div class=\"w-hwrapper valign_top wrap stack_on_mobiles align_center\" style=\"--hwrapper-gap:1.2rem\"><div class=\"w-btn-wrapper align_none\"><a class=\"w-btn us-btn-style_1\" href=\"https:\/\/www.tablaosflamencos.com\/nl\/flamencobiennale-sevilla-2026-uitverkocht-alternatieven.html\"><span class=\"w-btn-label\">Wat te doen als er geen tickets meer zijn<\/span><\/a><\/div><div class=\"w-btn-wrapper align_none\"><a class=\"w-btn us-btn-style_1\" href=\"https:\/\/www.tablaosflamencos.com\/nl\/flamenco-in-sevilla\"><span class=\"w-btn-label\">Flamenco bekijken in Sevilla<\/span><\/a><\/div><\/div><\/div><\/div><\/div><\/div><\/div><\/section><section class=\"l-section wpb_row height_huge color_alternate with_shape\"><div class=\"l-section-shape type_zigzag pos_top\" style=\"height:3vmin;\"><svg xmlns=\"http:\/\/www.w3.org\/2000\/svg\" viewBox=\"0 0 64 8\" preserveAspectRatio=\"none\" width=\"100%\" height=\"100%\">\r\n\t<path fill=\"currentColor\" d=\"M64 8 L0 8 L0 0 L20 7.9 L40 3 L48 5 L64 0 Z\"\/>\r\n<\/svg><\/div><div class=\"l-section-shape type_zigzag pos_bottom\" style=\"height:3vmin;\"><svg xmlns=\"http:\/\/www.w3.org\/2000\/svg\" viewBox=\"0 0 64 8\" preserveAspectRatio=\"none\" width=\"100%\" height=\"100%\">\r\n\t<path fill=\"currentColor\" d=\"M64 8 L0 8 L0 0 L20 7.9 L40 3 L48 5 L64 0 Z\"\/>\r\n<\/svg><\/div><div class=\"l-section-h i-cf\"><div class=\"g-cols vc_row via_flex valign_top type_default stacking_default\"><div class=\"vc_col-sm-6 wpb_column vc_column_container\"><div class=\"vc_column-inner\"><div class=\"wpb_wrapper\"><div class=\"wpb_text_column\"><div class=\"wpb_wrapper\"><h2 id=\"maestranza-infinita\">Het Teatro de la Maestranza, podium van de terugkeer<\/h2>\n<p>Het <strong>Teatro de la Maestranza<\/strong> is een van de grootste en meest prominente locaties van de Bi\u00ebnnale en huisvest in 2026 een groot deel van de grootschalige producties.<\/p>\n<p>Dat <em>Infinita<\/em> daar in premi\u00e8re gaat, heeft ook een biografische betekenis. Het was het podium van <em>La Pepa<\/em> op de Bi\u00ebnnale van 2012 en is veertien jaar later opnieuw de gekozen plaats voor de hereniging.<\/p>\n<p>Later in de Bi\u00ebnnale staan in het theater onder anderen Ca\u00f1izares met het Real Orquesta Sinf\u00f3nica de Sevilla, Jos\u00e9 Merc\u00e9, Manuel Li\u00f1\u00e1n, Israel Galv\u00e1n, Farruquito, Marina Heredia en de slotproductie <em>Perlas a Millares<\/em>. <em>Infinita<\/em> opent daarmee een reeks grote namen die het Maestranza tot een van de belangrijkste zwaartepunten van deze editie maakt.<\/p>\n<\/div><\/div><\/div><\/div><\/div><div class=\"vc_col-sm-6 wpb_column vc_column_container\"><div class=\"vc_column-inner\"><div class=\"wpb_wrapper\"><div class=\"wpb_text_column\"><div class=\"wpb_wrapper\"><h2>Praktische tips voor de voorstellingen van 11, 12 en 13 september<\/h2>\n<ul>\n<li><strong>Controleer je datum.<\/strong> Alle drie de voorstellingen beginnen om 20:00 uur.<\/li>\n<li><strong>Kom ruim op tijd.<\/strong> Een premi\u00e8re met zoveel belangstelling zal veel publiek bij de ingangen trekken.<\/li>\n<li><strong>Controleer de toegangsvoorwaarden.<\/strong> Als je op het laatste moment een vrijgekomen plaats krijgt, controleer dan altijd of die via het offici\u00eble kanaal wordt aangeboden.<\/li>\n<li><strong>Verwar de Real Maestranza niet met het Teatro de la Maestranza.<\/strong> Het gala op de 10e vindt plaats in de stierenarena; Sara Baras treedt op in het theater.<\/li>\n<li><strong>Bekijk wat er daarna op het programma staat.<\/strong> Op 11, 12 en 13 september zijn er ook andere Bi\u00ebnnale-voorstellingen op verschillende locaties in Sevilla.<\/li>\n<\/ul>\n<\/div><\/div><\/div><\/div><\/div><\/div><\/div><\/section><section class=\"l-section wpb_row height_huge\"><div class=\"l-section-h i-cf\"><div class=\"g-cols vc_row via_flex valign_top type_default stacking_default\"><div class=\"vc_col-sm-12 wpb_column vc_column_container\"><div class=\"vc_column-inner\"><div class=\"wpb_wrapper\"><div class=\"wpb_text_column\"><div class=\"wpb_wrapper\"><h2 id=\"despues-sevilla\">Waar is <em>Infinita<\/em> na Sevilla te zien?<\/h2>\n<p>De wereldpremi\u00e8re vindt plaats op de Bi\u00ebnnale, maar <em>Infinita<\/em> reist daarna verder naar andere theaters. Onder de reeds aangekondigde speelsteden bevinden zich <strong>M\u00e1laga, Pamplona en Jerez de la Frontera<\/strong>.<\/p>\n<p>Het Teatro Cervantes in M\u00e1laga heeft vier voorstellingen gepland van 24 tot en met 27 oktober; Baluarte in Pamplona ontvangt de voorstelling op 20 december; en het Teatro Villamarta in Jerez brengt haar op 29 en 30 december op de planken.<\/p>\n<p>Voor het publiek in Sevilla hebben de voorstellingen in september echter een unieke waarde: het zijn de eerste openbare uitvoeringen van het werk en de plaats waar voor het eerst zichtbaar wordt hoe Sara Baras\u2019 reis door de acht Andalusi\u00ebs op het podium vorm krijgt.<\/p>\n<\/div><\/div><\/div><\/div><\/div><\/div><\/div><\/section><section class=\"l-section wpb_row height_huge color_alternate with_shape\"><div class=\"l-section-shape type_zigzag pos_top\" style=\"height:3vmin;\"><svg xmlns=\"http:\/\/www.w3.org\/2000\/svg\" viewBox=\"0 0 64 8\" preserveAspectRatio=\"none\" width=\"100%\" height=\"100%\">\r\n\t<path fill=\"currentColor\" d=\"M64 8 L0 8 L0 0 L20 7.9 L40 3 L48 5 L64 0 Z\"\/>\r\n<\/svg><\/div><div class=\"l-section-shape type_zigzag pos_bottom\" style=\"height:3vmin;\"><svg xmlns=\"http:\/\/www.w3.org\/2000\/svg\" viewBox=\"0 0 64 8\" preserveAspectRatio=\"none\" width=\"100%\" height=\"100%\">\r\n\t<path fill=\"currentColor\" d=\"M64 8 L0 8 L0 0 L20 7.9 L40 3 L48 5 L64 0 Z\"\/>\r\n<\/svg><\/div><div class=\"l-section-h i-cf\"><div class=\"g-cols vc_row via_flex valign_top type_default stacking_default\"><div class=\"vc_col-sm-1\/5 wpb_column vc_column_container\"><div class=\"vc_column-inner\"><div class=\"wpb_wrapper\"><\/div><\/div><\/div><div class=\"vc_col-sm-3\/5 wpb_column vc_column_container\"><div class=\"vc_column-inner\"><div class=\"wpb_wrapper\"><div class=\"wpb_text_column\"><div class=\"wpb_wrapper\"><h2 style=\"text-align: center;\">Een premi\u00e8re die terugkeer, herinnering en nieuwe creatie samenbrengt<\/h2>\n<p style=\"text-align: center;\"><em>Infinita<\/em> bevat bijna alle ingredi\u00ebnten die een voorstelling op de Bi\u00ebnnale tot een gebeurtenis maken: een wereldpremi\u00e8re, een artieste met enorme internationale uitstraling, drie avonden in het Maestranza, een lange afwezigheid en een werk dat uitdrukkelijk is bedacht met Andalusi\u00eb als onderwerp.<\/p>\n<p style=\"text-align: center;\">De interesse ligt niet alleen in de vraag of Sara Baras nog steeds een groot theater kan vullen \u2014 de kaartverkoop heeft die vraag al beantwoord \u2014, maar in wat een artieste met tientallen jaren podiumervaring doet wanneer ze besluit haar eigen land tot choreografisch materiaal te maken.<\/p>\n<p style=\"text-align: center;\">Veertien jaar liggen tussen <em>La Pepa<\/em> en <em>Infinita<\/em>. Sevilla krijgt drie avonden om te ervaren wat tussen beide voorstellingen is veranderd en wat in de dans van Sara Baras nog steeds met dezelfde hartslag klopt.<\/p>\n<\/div><\/div><div class=\"w-separator size_medium\"><\/div><div class=\"w-hwrapper valign_top wrap stack_on_mobiles align_center\" style=\"--hwrapper-gap:1.2rem\"><div class=\"w-btn-wrapper align_none\"><a class=\"w-btn us-btn-style_1\" href=\"https:\/\/www.tablaosflamencos.com\/nl\/flamencobiennale-sevilla\"><span class=\"w-btn-label\">Bekijk al het nieuws over de Bi\u00ebnnale<\/span><\/a><\/div><div class=\"w-btn-wrapper align_none\"><a class=\"w-btn us-btn-style_1\" href=\"https:\/\/www.tablaosflamencos.com\/nl\/flamenco-biennale-sevilla-2026.html\"><span class=\"w-btn-label\">Bekijk het volledige programma<\/span><\/a><\/div><\/div><\/div><\/div><\/div><div class=\"vc_col-sm-1\/5 wpb_column vc_column_container\"><div class=\"vc_column-inner\"><div class=\"wpb_wrapper\"><\/div><\/div><\/div><\/div><\/div><\/section><section class=\"l-section wpb_row height_huge\"><div class=\"l-section-h i-cf\"><div class=\"g-cols vc_row via_flex valign_top type_default stacking_default\"><div class=\"vc_col-sm-1\/5 wpb_column vc_column_container\"><div class=\"vc_column-inner\"><div class=\"wpb_wrapper\"><\/div><\/div><\/div><div class=\"vc_col-sm-3\/5 wpb_column vc_column_container\"><div class=\"vc_column-inner\"><div class=\"wpb_wrapper\"><div class=\"wpb_text_column\"><div class=\"wpb_wrapper\"><h2 id=\"faq-infinita\" style=\"text-align: center;\">Veelgestelde vragen over Sara Baras en <em>Infinita<\/em> in Sevilla<\/h2>\n<\/div><\/div><div class=\"w-separator size_medium\"><\/div><div class=\"w-tabs accordion toggle_style_1 has_scrolling\" style=\"--sections-title-size:inherit;--sections-gap:0.5rem;\"><div class=\"w-tabs-sections titles-align_none icon_chevron cpos_right\"><div class=\"w-tabs-section\" id=\"h179\"><button type=\"button\" class=\"w-tabs-section-header\" aria-controls=\"content-h179\" aria-expanded=\"false\"><div class=\"w-tabs-section-title\">Wanneer treedt Sara Baras in 2026 op in Sevilla?<\/div><div class=\"w-tabs-section-control\"><\/div><\/button><div  class=\"w-tabs-section-content\" id=\"content-h179\"><div class=\"w-tabs-section-content-h i-cf\"><div class=\"wpb_text_column\"><div class=\"wpb_wrapper\"><p>Sara Baras presenteert <em>Infinita<\/em> op <strong>11, 12 en 13 september 2026 om 20:00 uur<\/strong> in het Teatro de la Maestranza, als onderdeel van de 24e Flamencobi\u00ebnnale van Sevilla.<\/p>\n<\/div><\/div><\/div><\/div><\/div><div class=\"w-tabs-section\" id=\"y272\"><button type=\"button\" class=\"w-tabs-section-header\" aria-controls=\"content-y272\" aria-expanded=\"false\"><div class=\"w-tabs-section-title\">Is Infinita een premi\u00e8re?<\/div><div class=\"w-tabs-section-control\"><\/div><\/button><div  class=\"w-tabs-section-content\" id=\"content-y272\"><div class=\"w-tabs-section-content-h i-cf\"><div class=\"wpb_text_column\"><div class=\"wpb_wrapper\"><p>Ja. De voorstelling van 11 september is de <strong>wereldpremi\u00e8re<\/strong> van <em>Infinita<\/em>. De voorstelling is voor de Bi\u00ebnnale gemaakt en zet daarna haar tournee voort in andere theaters.<\/p>\n<\/div><\/div><\/div><\/div><\/div><div class=\"w-tabs-section\" id=\"a350\"><button type=\"button\" class=\"w-tabs-section-header\" aria-controls=\"content-a350\" aria-expanded=\"false\"><div class=\"w-tabs-section-title\">Waar gaat Infinita over?<\/div><div class=\"w-tabs-section-control\"><\/div><\/button><div  class=\"w-tabs-section-content\" id=\"content-a350\"><div class=\"w-tabs-section-content-h i-cf\"><div class=\"wpb_text_column\"><div class=\"wpb_wrapper\"><p><em>Infinita<\/em> is een eerbetoon aan Andalusi\u00eb, opgebouwd rond <strong>acht vrouwen die de acht provincies vertegenwoordigen<\/strong>. De productie gebruikt flamenco, folklore, muziek, choreografie, scenografie, licht en kostuums om de verschillen en de gemeenschappelijke hartslag van de Andalusische identiteit te verkennen.<\/p>\n<\/div><\/div><\/div><\/div><\/div><div class=\"w-tabs-section\" id=\"g442\"><button type=\"button\" class=\"w-tabs-section-header\" aria-controls=\"content-g442\" aria-expanded=\"false\"><div class=\"w-tabs-section-title\">Wie regisseert en choreografeert Infinita?<\/div><div class=\"w-tabs-section-control\"><\/div><\/button><div  class=\"w-tabs-section-content\" id=\"content-g442\"><div class=\"w-tabs-section-content-h i-cf\"><div class=\"wpb_text_column\"><div class=\"wpb_wrapper\"><p><strong>Sara Baras is verantwoordelijk voor de regie, het script en de choreografie.<\/strong> De originele muziek is van Keko Baldomero, muzikaal leider van het gezelschap.<\/p>\n<\/div><\/div><\/div><\/div><\/div><div class=\"w-tabs-section\" id=\"a583\"><button type=\"button\" class=\"w-tabs-section-header\" aria-controls=\"content-a583\" aria-expanded=\"false\"><div class=\"w-tabs-section-title\">Hoeveel jaar had Sara Baras niet op de Bi\u00ebnnale opgetreden?<\/div><div class=\"w-tabs-section-control\"><\/div><\/button><div  class=\"w-tabs-section-content\" id=\"content-a583\"><div class=\"w-tabs-section-content-h i-cf\"><div class=\"wpb_text_column\"><div class=\"wpb_wrapper\"><p>Haar laatste deelname was in 2012 met <em>La Pepa<\/em>. Daarmee markeert <em>Infinita<\/em> haar terugkeer naar de Bi\u00ebnnale <strong>veertien jaar later<\/strong>.<\/p>\n<\/div><\/div><\/div><\/div><\/div><div class=\"w-tabs-section\" id=\"d675\"><button type=\"button\" class=\"w-tabs-section-header\" aria-controls=\"content-d675\" aria-expanded=\"false\"><div class=\"w-tabs-section-title\">Waar vond Sara Baras\u2019 laatste Bi\u00ebnnale v\u00f3\u00f3r 2026 plaats?<\/div><div class=\"w-tabs-section-control\"><\/div><\/button><div  class=\"w-tabs-section-content\" id=\"content-d675\"><div class=\"w-tabs-section-content-h i-cf\"><div class=\"wpb_text_column\"><div class=\"wpb_wrapper\"><p>In 2012 presenteerde ze <em>La Pepa<\/em> in het <strong>Teatro de la Maestranza<\/strong>, hetzelfde podium waarnaar ze in 2026 terugkeert. Voor de drie voorstellingen van die editie werden alle 5.100 beschikbare plaatsen verkocht.<\/p>\n<\/div><\/div><\/div><\/div><\/div><div class=\"w-tabs-section\" id=\"j76c\"><button type=\"button\" class=\"w-tabs-section-header\" aria-controls=\"content-j76c\" aria-expanded=\"false\"><div class=\"w-tabs-section-title\">Zijn er tickets voor Sara Baras op de Bi\u00ebnnale 2026?<\/div><div class=\"w-tabs-section-control\"><\/div><\/button><div  class=\"w-tabs-section-content\" id=\"content-j76c\"><div class=\"w-tabs-section-content-h i-cf\"><div class=\"wpb_text_column\"><div class=\"wpb_wrapper\"><p>Op 31 augustus 2026 staat <em>Infinita<\/em> vermeld als een van de <strong>uitverkochte<\/strong> voorstellingen van de Bi\u00ebnnale. Het is verstandig de offici\u00eble kanalen te controleren voor eventueel vrijgekomen plaatsen op het laatste moment en niet-geautoriseerde doorverkoop te vermijden.<\/p>\n<\/div><\/div><\/div><\/div><\/div><div class=\"w-tabs-section\" id=\"n860\"><button type=\"button\" class=\"w-tabs-section-header\" aria-controls=\"content-n860\" aria-expanded=\"false\"><div class=\"w-tabs-section-title\">Hoeveel kostten de tickets?<\/div><div class=\"w-tabs-section-control\"><\/div><\/button><div  class=\"w-tabs-section-content\" id=\"content-n860\"><div class=\"w-tabs-section-content-h i-cf\"><div class=\"wpb_text_column\"><div class=\"wpb_wrapper\"><p>De Bi\u00ebnnale meldt dat de hoogste ticketprijs in 2026 <strong>75 euro<\/strong> bedraagt, specifiek voor Sara Baras, voor plaatsen in Patio A van het Teatro de la Maestranza.<\/p>\n<\/div><\/div><\/div><\/div><\/div><div class=\"w-tabs-section\" id=\"z978\"><button type=\"button\" class=\"w-tabs-section-header\" aria-controls=\"content-z978\" aria-expanded=\"false\"><div class=\"w-tabs-section-title\">Is Infinita ook in andere steden te zien?<\/div><div class=\"w-tabs-section-control\"><\/div><\/button><div  class=\"w-tabs-section-content\" id=\"content-z978\"><div class=\"w-tabs-section-content-h i-cf\"><div class=\"wpb_text_column\"><div class=\"wpb_wrapper\"><p>Ja. Na de premi\u00e8re in Sevilla zijn er onder meer voorstellingen aangekondigd in <strong>M\u00e1laga, Pamplona en Jerez de la Frontera<\/strong> in het laatste kwartaal van 2026.<\/p>\n<\/div><\/div><\/div><\/div><\/div><\/div><\/div><\/div><\/div><\/div><div class=\"vc_col-sm-1\/5 wpb_column vc_column_container\"><div class=\"vc_column-inner\"><div class=\"wpb_wrapper\"><\/div><\/div><\/div><\/div><\/div><\/section><section class=\"l-section wpb_row height_huge color_alternate with_shape\"><div class=\"l-section-shape type_zigzag pos_top\" style=\"height:3vmin;\"><svg xmlns=\"http:\/\/www.w3.org\/2000\/svg\" viewBox=\"0 0 64 8\" preserveAspectRatio=\"none\" width=\"100%\" height=\"100%\">\r\n\t<path fill=\"currentColor\" d=\"M64 8 L0 8 L0 0 L20 7.9 L40 3 L48 5 L64 0 Z\"\/>\r\n<\/svg><\/div><div class=\"l-section-h i-cf\"><div class=\"g-cols vc_row via_flex valign_top type_default stacking_default\"><div class=\"vc_col-sm-12 wpb_column vc_column_container\"><div class=\"vc_column-inner\"><div class=\"wpb_wrapper\"><div class=\"wpb_text_column\"><div class=\"wpb_wrapper\"><h2>Bronnen en actualisering<\/h2>\n<p>Voor deze gids hebben we informatie vergeleken van de <a href=\"https:\/\/www.labienal.com\/noticias\/sara-baras-regresa-a-la-bienal-con-el-estreno-absoluto-de-201cinfinita201d\" target=\"_blank\" rel=\"noopener\"><strong>Flamencobi\u00ebnnale van Sevilla<\/strong><\/a>, de <a href=\"https:\/\/www.labienal.com\/programa-general\/teatro-de-la-maestranza\/sara-baras\" target=\"_blank\" rel=\"noopener\"><strong>offici\u00eble pagina van <em>Infinita<\/em><\/strong><\/a>, het <a href=\"https:\/\/www.teatrodelamaestranza.es\/es\/detalle\/508\/sara-baras\/\" target=\"_blank\" rel=\"noopener\"><strong>Teatro de la Maestranza<\/strong><\/a> en de <a href=\"https:\/\/sarabarasvuela.com\/infinita\/\" target=\"_blank\" rel=\"noopener\"><strong>offici\u00eble website van Sara Baras<\/strong><\/a>.<\/p>\n<p><strong>Informatie gecontroleerd op 31 augustus 2026.<\/strong> Tijden, ticketbeschikbaarheid en toegangsvoorwaarden kunnen door de organisatoren worden gewijzigd.<\/p>\n<\/div><\/div><\/div><\/div><\/div><\/div><\/div><\/section>\n","protected":false},"excerpt":{"rendered":"<p>Sara Baras keert na 14 jaar terug naar de Flamencobi\u00ebnnale van Sevilla met Infinita: wereldpremi\u00e8re, data, concept, tickets en de belangrijkste details van de voorstelling.<\/p>\n","protected":false},"author":1,"featured_media":13720,"comment_status":"closed","ping_status":"closed","sticky":false,"template":"","format":"standard","meta":{"_acf_changed":false,"wpai_generated_summary":"","_ayudawp_aiss_exclude":false,"_ayudawp_aiss_exclude_summary":false,"_ayudawp_aiss_summary":"","_ayudawp_aiss_summary_provider":"","_ayudawp_aiss_summary_hash":"","footnotes":""},"categories":[1432],"tags":[1227,1228,1229,1230,1133,1423,1765,423],"class_list":["post-13753","post","type-post","status-publish","format-standard","has-post-thumbnail","hentry","category-flamencobiennale","tag-agenda-flamenca","tag-bienal-2026","tag-bienal-de-flamenco","tag-festivales-flamencos","tag-flamenco-en-sevilla","tag-flamencodans","tag-sara-baras-nl","tag-sevilla"],"acf":[],"yoast_head":"<!-- This site is optimized with the Yoast SEO Premium plugin v28.3 (Yoast SEO v28.3) - https:\/\/yoast.com\/product\/yoast-seo-premium-wordpress\/ -->\n<title>Sara Baras in Sevilla 2026: Infinita op de Bi\u00ebnnale<\/title>\n<meta name=\"description\" content=\"Sara Baras keert na 14 jaar terug naar de Flamencobi\u00ebnnale van Sevilla met Infinita: wereldpremi\u00e8re, data, concept, tickets en belangrijke details.\" \/>\n<meta name=\"robots\" content=\"index, follow, max-snippet:-1, max-image-preview:large, max-video-preview:-1\" \/>\n<link rel=\"canonical\" href=\"https:\/\/www.tablaosflamencos.com\/nl\/sara-baras-sevilla-2026-infinita-biennale.html\" \/>\n<meta property=\"og:locale\" content=\"nl_NL\" \/>\n<meta property=\"og:type\" content=\"article\" \/>\n<meta property=\"og:title\" content=\"Sara Baras in Sevilla 2026: Infinita en haar terugkeer naar de Bi\u00ebnnale\" \/>\n<meta property=\"og:description\" content=\"Sara Baras keert na 14 jaar terug naar de Flamencobi\u00ebnnale van Sevilla met Infinita: wereldpremi\u00e8re, data, concept, tickets en belangrijke details.\" \/>\n<meta property=\"og:url\" content=\"https:\/\/www.tablaosflamencos.com\/nl\/sara-baras-sevilla-2026-infinita-biennale.html\" \/>\n<meta property=\"og:site_name\" content=\"Tablaos Flamencos\" \/>\n<meta property=\"article:publisher\" content=\"https:\/\/www.facebook.com\/tablaosflamencos\" \/>\n<meta property=\"article:published_time\" content=\"2026-08-31T17:52:12+00:00\" \/>\n<meta property=\"article:modified_time\" content=\"2026-08-31T18:17:45+00:00\" \/>\n<meta property=\"og:image\" content=\"https:\/\/www.tablaosflamencos.com\/wp-content\/uploads\/que-es-un-tablao-flamenco-y-como-elegir-el-adecuado-guia-practica-01.webp\" \/>\n\t<meta property=\"og:image:width\" content=\"1920\" \/>\n\t<meta property=\"og:image:height\" content=\"1072\" \/>\n\t<meta property=\"og:image:type\" content=\"image\/webp\" \/>\n<meta name=\"author\" content=\"Miguel Ortiz\" \/>\n<meta name=\"twitter:card\" content=\"summary_large_image\" \/>\n<meta name=\"twitter:creator\" content=\"@tablaosflamenco\" \/>\n<meta name=\"twitter:site\" content=\"@tablaosflamenco\" \/>\n<meta name=\"twitter:label1\" content=\"Geschreven door\" \/>\n\t<meta name=\"twitter:data1\" content=\"Miguel Ortiz\" \/>\n\t<meta name=\"twitter:label2\" content=\"Geschatte leestijd\" \/>\n\t<meta name=\"twitter:data2\" content=\"20 minuten\" \/>\n<script type=\"application\/ld+json\" class=\"yoast-schema-graph\">{\"@context\":\"https:\\\/\\\/schema.org\",\"@graph\":[{\"@type\":\"Article\",\"@id\":\"https:\\\/\\\/www.tablaosflamencos.com\\\/nl\\\/sara-baras-sevilla-2026-infinita-biennale.html#article\",\"isPartOf\":{\"@id\":\"https:\\\/\\\/www.tablaosflamencos.com\\\/nl\\\/sara-baras-sevilla-2026-infinita-biennale.html\"},\"author\":{\"name\":\"Miguel Ortiz\",\"@id\":\"https:\\\/\\\/www.tablaosflamencos.com\\\/nl#\\\/schema\\\/person\\\/e7a9ebe14eb75a52ceabfbffb3c54f5d\"},\"headline\":\"Sara Baras in Sevilla 2026: Infinita en haar terugkeer naar de Bi\u00ebnnale\",\"datePublished\":\"2026-08-31T17:52:12+00:00\",\"dateModified\":\"2026-08-31T18:17:45+00:00\",\"mainEntityOfPage\":{\"@id\":\"https:\\\/\\\/www.tablaosflamencos.com\\\/nl\\\/sara-baras-sevilla-2026-infinita-biennale.html\"},\"wordCount\":3990,\"publisher\":{\"@id\":\"https:\\\/\\\/www.tablaosflamencos.com\\\/nl#organization\"},\"image\":{\"@id\":\"https:\\\/\\\/www.tablaosflamencos.com\\\/nl\\\/sara-baras-sevilla-2026-infinita-biennale.html#primaryimage\"},\"thumbnailUrl\":\"https:\\\/\\\/www.tablaosflamencos.com\\\/wp-content\\\/uploads\\\/sara-baras-en-sevilla-2026-infinita-y-su-regreso-a-la-bienal-01.avif\",\"keywords\":[\"agenda flamenca\",\"Bienal 2026\",\"Bienal de Flamenco\",\"festivales flamencos\",\"flamenco en Sevilla\",\"flamencodans\",\"Sara Baras\",\"sevilla\"],\"articleSection\":[\"Flamencobi\u00ebnnale\"],\"inLanguage\":\"nl-NL\"},{\"@type\":\"WebPage\",\"@id\":\"https:\\\/\\\/www.tablaosflamencos.com\\\/nl\\\/sara-baras-sevilla-2026-infinita-biennale.html\",\"url\":\"https:\\\/\\\/www.tablaosflamencos.com\\\/nl\\\/sara-baras-sevilla-2026-infinita-biennale.html\",\"name\":\"Sara Baras in Sevilla 2026: Infinita op de Bi\u00ebnnale\",\"isPartOf\":{\"@id\":\"https:\\\/\\\/www.tablaosflamencos.com\\\/nl#website\"},\"primaryImageOfPage\":{\"@id\":\"https:\\\/\\\/www.tablaosflamencos.com\\\/nl\\\/sara-baras-sevilla-2026-infinita-biennale.html#primaryimage\"},\"image\":{\"@id\":\"https:\\\/\\\/www.tablaosflamencos.com\\\/nl\\\/sara-baras-sevilla-2026-infinita-biennale.html#primaryimage\"},\"thumbnailUrl\":\"https:\\\/\\\/www.tablaosflamencos.com\\\/wp-content\\\/uploads\\\/sara-baras-en-sevilla-2026-infinita-y-su-regreso-a-la-bienal-01.avif\",\"datePublished\":\"2026-08-31T17:52:12+00:00\",\"dateModified\":\"2026-08-31T18:17:45+00:00\",\"description\":\"Sara Baras keert na 14 jaar terug naar de Flamencobi\u00ebnnale van Sevilla met Infinita: wereldpremi\u00e8re, data, concept, tickets en belangrijke details.\",\"breadcrumb\":{\"@id\":\"https:\\\/\\\/www.tablaosflamencos.com\\\/nl\\\/sara-baras-sevilla-2026-infinita-biennale.html#breadcrumb\"},\"inLanguage\":\"nl-NL\",\"potentialAction\":[{\"@type\":\"ReadAction\",\"target\":[\"https:\\\/\\\/www.tablaosflamencos.com\\\/nl\\\/sara-baras-sevilla-2026-infinita-biennale.html\"]}]},{\"@type\":\"ImageObject\",\"inLanguage\":\"nl-NL\",\"@id\":\"https:\\\/\\\/www.tablaosflamencos.com\\\/nl\\\/sara-baras-sevilla-2026-infinita-biennale.html#primaryimage\",\"url\":\"https:\\\/\\\/www.tablaosflamencos.com\\\/wp-content\\\/uploads\\\/sara-baras-en-sevilla-2026-infinita-y-su-regreso-a-la-bienal-01.avif\",\"contentUrl\":\"https:\\\/\\\/www.tablaosflamencos.com\\\/wp-content\\\/uploads\\\/sara-baras-en-sevilla-2026-infinita-y-su-regreso-a-la-bienal-01.avif\",\"width\":1920,\"height\":1279,\"caption\":\"Sara Baras en Sevilla 2026: Infinita y su regreso a la Bienal\"},{\"@type\":\"BreadcrumbList\",\"@id\":\"https:\\\/\\\/www.tablaosflamencos.com\\\/nl\\\/sara-baras-sevilla-2026-infinita-biennale.html#breadcrumb\",\"itemListElement\":[{\"@type\":\"ListItem\",\"position\":1,\"name\":\"Home\",\"item\":\"https:\\\/\\\/www.tablaosflamencos.com\\\/nl\"},{\"@type\":\"ListItem\",\"position\":2,\"name\":\"Sara Baras in Sevilla 2026: Infinita en haar terugkeer naar de Bi\u00ebnnale\"}]},{\"@type\":\"WebSite\",\"@id\":\"https:\\\/\\\/www.tablaosflamencos.com\\\/nl#website\",\"url\":\"https:\\\/\\\/www.tablaosflamencos.com\\\/nl\",\"name\":\"Tablaos Flamencos\",\"description\":\"Entradas para tablaos flamencos de Espa\u00f1a\",\"publisher\":{\"@id\":\"https:\\\/\\\/www.tablaosflamencos.com\\\/nl#organization\"},\"alternateName\":\"Tablaos Flamencos\",\"potentialAction\":[{\"@type\":\"SearchAction\",\"target\":{\"@type\":\"EntryPoint\",\"urlTemplate\":\"https:\\\/\\\/www.tablaosflamencos.com\\\/nl?s={search_term_string}\"},\"query-input\":{\"@type\":\"PropertyValueSpecification\",\"valueRequired\":true,\"valueName\":\"search_term_string\"}}],\"inLanguage\":\"nl-NL\"},{\"@type\":[\"Organization\",\"Place\",\"EntertainmentBusiness\"],\"@id\":\"https:\\\/\\\/www.tablaosflamencos.com\\\/nl#organization\",\"name\":\"Tablaos Flamencos\",\"alternateName\":\"Tablaos Flamencos\",\"url\":\"https:\\\/\\\/www.tablaosflamencos.com\\\/nl\",\"logo\":{\"@id\":\"https:\\\/\\\/www.tablaosflamencos.com\\\/nl\\\/sara-baras-sevilla-2026-infinita-biennale.html#local-main-organization-logo\"},\"image\":{\"@id\":\"https:\\\/\\\/www.tablaosflamencos.com\\\/nl\\\/sara-baras-sevilla-2026-infinita-biennale.html#local-main-organization-logo\"},\"sameAs\":[\"https:\\\/\\\/www.facebook.com\\\/tablaosflamencos\",\"https:\\\/\\\/x.com\\\/tablaosflamenco\",\"https:\\\/\\\/mastodon.social\\\/@tablaosflamencos\",\"https:\\\/\\\/www.instagram.com\\\/tablaosflamencos\",\"https:\\\/\\\/tiktok.com\\\/@tablaosflamencos\",\"https:\\\/\\\/www.linkedin.com\\\/company\\\/109408238\\\/\"],\"description\":\"Venta de entradas para espect\u00e1culos flamencos\",\"legalName\":\"Tablaos Flamencos\",\"foundingDate\":\"2015-01-01\",\"numberOfEmployees\":{\"@type\":\"QuantitativeValue\",\"minValue\":\"1\",\"maxValue\":\"10\"},\"address\":{\"@id\":\"https:\\\/\\\/www.tablaosflamencos.com\\\/nl\\\/sara-baras-sevilla-2026-infinita-biennale.html#local-main-place-address\"},\"geo\":{\"@type\":\"GeoCoordinates\",\"latitude\":\"37.3868072\",\"longitude\":\"-5.993280299999999\"},\"telephone\":[\"+34623787787\"],\"contactPoint\":{\"@type\":\"ContactPoint\",\"telephone\":\"+34623787787\",\"email\":\"info@tablaosflamencos.com\"},\"openingHoursSpecification\":{\"@type\":\"OpeningHoursSpecification\",\"dayOfWeek\":[\"Monday\",\"Tuesday\",\"Wednesday\",\"Thursday\",\"Friday\",\"Saturday\",\"Sunday\"],\"opens\":\"00:00\",\"closes\":\"23:59\"},\"email\":\"info@tablaosflamencos.com\",\"priceRange\":\"$$$\",\"currenciesAccepted\":\"\u20ac\"},{\"@type\":\"Person\",\"@id\":\"https:\\\/\\\/www.tablaosflamencos.com\\\/nl#\\\/schema\\\/person\\\/e7a9ebe14eb75a52ceabfbffb3c54f5d\",\"name\":\"Miguel Ortiz\",\"description\":\"Miguel Ortiz es un empresario flamenco, con una s\u00f3lida trayectoria dentro del sector. Ha presidido entidades culturales vinculadas al flamenco y, cuenta con un amplio recorrido profesional en la gesti\u00f3n y promoci\u00f3n de espect\u00e1culos y tablaos flamencos. Su pasi\u00f3n por la historia y el arte flamenco se refleja en cada art\u00edculo, donde combina experiencia, criterio y un profundo respeto por la tradici\u00f3n.\",\"sameAs\":[\"https:\\\/\\\/www.tablaosflamencos.com\",\"https:\\\/\\\/www.instagra.com\\\/miguelortizfe\",\"https:\\\/\\\/www.linkedin.com\\\/in\\\/miguelortizf\\\/\"],\"birthDate\":\"1984-11-22\",\"gender\":\"hombre\",\"knowsLanguage\":[\"espa\u00f1ol\",\"ingl\u00e9s\"],\"jobTitle\":\"Empresario flamenco\"},{\"@type\":\"PostalAddress\",\"@id\":\"https:\\\/\\\/www.tablaosflamencos.com\\\/nl\\\/sara-baras-sevilla-2026-infinita-biennale.html#local-main-place-address\",\"streetAddress\":\"C\\\/ Alemanes, 19\",\"addressLocality\":\"Sevilla\",\"postalCode\":\"41004\",\"addressRegion\":\"Sevilla\",\"addressCountry\":\"ES\"},{\"@type\":\"ImageObject\",\"inLanguage\":\"nl-NL\",\"@id\":\"https:\\\/\\\/www.tablaosflamencos.com\\\/nl\\\/sara-baras-sevilla-2026-infinita-biennale.html#local-main-organization-logo\",\"url\":\"https:\\\/\\\/www.tablaosflamencos.com\\\/wp-content\\\/uploads\\\/tablaos-flamencos-06-3.webp\",\"contentUrl\":\"https:\\\/\\\/www.tablaosflamencos.com\\\/wp-content\\\/uploads\\\/tablaos-flamencos-06-3.webp\",\"width\":600,\"height\":620,\"caption\":\"Tablaos Flamencos\"}]}<\/script>\n<meta name=\"geo.placename\" content=\"Sevilla\" \/>\n<meta name=\"geo.position\" content=\"37.3868072;-5.993280299999999\" \/>\n<meta name=\"geo.region\" content=\"Spanje\" \/>\n<!-- \/ Yoast SEO Premium plugin. -->","yoast_head_json":{"title":"Sara Baras in Sevilla 2026: Infinita op de Bi\u00ebnnale","description":"Sara Baras keert na 14 jaar terug naar de Flamencobi\u00ebnnale van Sevilla met Infinita: wereldpremi\u00e8re, data, concept, tickets en belangrijke details.","robots":{"index":"index","follow":"follow","max-snippet":"max-snippet:-1","max-image-preview":"max-image-preview:large","max-video-preview":"max-video-preview:-1"},"canonical":"https:\/\/www.tablaosflamencos.com\/nl\/sara-baras-sevilla-2026-infinita-biennale.html","og_locale":"nl_NL","og_type":"article","og_title":"Sara Baras in Sevilla 2026: Infinita en haar terugkeer naar de Bi\u00ebnnale","og_description":"Sara Baras keert na 14 jaar terug naar de Flamencobi\u00ebnnale van Sevilla met Infinita: wereldpremi\u00e8re, data, concept, tickets en belangrijke details.","og_url":"https:\/\/www.tablaosflamencos.com\/nl\/sara-baras-sevilla-2026-infinita-biennale.html","og_site_name":"Tablaos Flamencos","article_publisher":"https:\/\/www.facebook.com\/tablaosflamencos","article_published_time":"2026-08-31T17:52:12+00:00","article_modified_time":"2026-08-31T18:17:45+00:00","og_image":[{"width":1920,"height":1072,"url":"https:\/\/www.tablaosflamencos.com\/wp-content\/uploads\/que-es-un-tablao-flamenco-y-como-elegir-el-adecuado-guia-practica-01.webp","type":"image\/webp"}],"author":"Miguel Ortiz","twitter_card":"summary_large_image","twitter_creator":"@tablaosflamenco","twitter_site":"@tablaosflamenco","twitter_misc":{"Geschreven door":"Miguel Ortiz","Geschatte leestijd":"20 minuten"},"schema":{"@context":"https:\/\/schema.org","@graph":[{"@type":"Article","@id":"https:\/\/www.tablaosflamencos.com\/nl\/sara-baras-sevilla-2026-infinita-biennale.html#article","isPartOf":{"@id":"https:\/\/www.tablaosflamencos.com\/nl\/sara-baras-sevilla-2026-infinita-biennale.html"},"author":{"name":"Miguel Ortiz","@id":"https:\/\/www.tablaosflamencos.com\/nl#\/schema\/person\/e7a9ebe14eb75a52ceabfbffb3c54f5d"},"headline":"Sara Baras in Sevilla 2026: Infinita en haar terugkeer naar de Bi\u00ebnnale","datePublished":"2026-08-31T17:52:12+00:00","dateModified":"2026-08-31T18:17:45+00:00","mainEntityOfPage":{"@id":"https:\/\/www.tablaosflamencos.com\/nl\/sara-baras-sevilla-2026-infinita-biennale.html"},"wordCount":3990,"publisher":{"@id":"https:\/\/www.tablaosflamencos.com\/nl#organization"},"image":{"@id":"https:\/\/www.tablaosflamencos.com\/nl\/sara-baras-sevilla-2026-infinita-biennale.html#primaryimage"},"thumbnailUrl":"https:\/\/www.tablaosflamencos.com\/wp-content\/uploads\/sara-baras-en-sevilla-2026-infinita-y-su-regreso-a-la-bienal-01.avif","keywords":["agenda flamenca","Bienal 2026","Bienal de Flamenco","festivales flamencos","flamenco en Sevilla","flamencodans","Sara Baras","sevilla"],"articleSection":["Flamencobi\u00ebnnale"],"inLanguage":"nl-NL"},{"@type":"WebPage","@id":"https:\/\/www.tablaosflamencos.com\/nl\/sara-baras-sevilla-2026-infinita-biennale.html","url":"https:\/\/www.tablaosflamencos.com\/nl\/sara-baras-sevilla-2026-infinita-biennale.html","name":"Sara Baras in Sevilla 2026: Infinita op de Bi\u00ebnnale","isPartOf":{"@id":"https:\/\/www.tablaosflamencos.com\/nl#website"},"primaryImageOfPage":{"@id":"https:\/\/www.tablaosflamencos.com\/nl\/sara-baras-sevilla-2026-infinita-biennale.html#primaryimage"},"image":{"@id":"https:\/\/www.tablaosflamencos.com\/nl\/sara-baras-sevilla-2026-infinita-biennale.html#primaryimage"},"thumbnailUrl":"https:\/\/www.tablaosflamencos.com\/wp-content\/uploads\/sara-baras-en-sevilla-2026-infinita-y-su-regreso-a-la-bienal-01.avif","datePublished":"2026-08-31T17:52:12+00:00","dateModified":"2026-08-31T18:17:45+00:00","description":"Sara Baras keert na 14 jaar terug naar de Flamencobi\u00ebnnale van Sevilla met Infinita: wereldpremi\u00e8re, data, concept, tickets en belangrijke details.","breadcrumb":{"@id":"https:\/\/www.tablaosflamencos.com\/nl\/sara-baras-sevilla-2026-infinita-biennale.html#breadcrumb"},"inLanguage":"nl-NL","potentialAction":[{"@type":"ReadAction","target":["https:\/\/www.tablaosflamencos.com\/nl\/sara-baras-sevilla-2026-infinita-biennale.html"]}]},{"@type":"ImageObject","inLanguage":"nl-NL","@id":"https:\/\/www.tablaosflamencos.com\/nl\/sara-baras-sevilla-2026-infinita-biennale.html#primaryimage","url":"https:\/\/www.tablaosflamencos.com\/wp-content\/uploads\/sara-baras-en-sevilla-2026-infinita-y-su-regreso-a-la-bienal-01.avif","contentUrl":"https:\/\/www.tablaosflamencos.com\/wp-content\/uploads\/sara-baras-en-sevilla-2026-infinita-y-su-regreso-a-la-bienal-01.avif","width":1920,"height":1279,"caption":"Sara Baras en Sevilla 2026: Infinita y su regreso a la Bienal"},{"@type":"BreadcrumbList","@id":"https:\/\/www.tablaosflamencos.com\/nl\/sara-baras-sevilla-2026-infinita-biennale.html#breadcrumb","itemListElement":[{"@type":"ListItem","position":1,"name":"Home","item":"https:\/\/www.tablaosflamencos.com\/nl"},{"@type":"ListItem","position":2,"name":"Sara Baras in Sevilla 2026: Infinita en haar terugkeer naar de Bi\u00ebnnale"}]},{"@type":"WebSite","@id":"https:\/\/www.tablaosflamencos.com\/nl#website","url":"https:\/\/www.tablaosflamencos.com\/nl","name":"Tablaos Flamencos","description":"Entradas para tablaos flamencos de Espa\u00f1a","publisher":{"@id":"https:\/\/www.tablaosflamencos.com\/nl#organization"},"alternateName":"Tablaos Flamencos","potentialAction":[{"@type":"SearchAction","target":{"@type":"EntryPoint","urlTemplate":"https:\/\/www.tablaosflamencos.com\/nl?s={search_term_string}"},"query-input":{"@type":"PropertyValueSpecification","valueRequired":true,"valueName":"search_term_string"}}],"inLanguage":"nl-NL"},{"@type":["Organization","Place","EntertainmentBusiness"],"@id":"https:\/\/www.tablaosflamencos.com\/nl#organization","name":"Tablaos Flamencos","alternateName":"Tablaos Flamencos","url":"https:\/\/www.tablaosflamencos.com\/nl","logo":{"@id":"https:\/\/www.tablaosflamencos.com\/nl\/sara-baras-sevilla-2026-infinita-biennale.html#local-main-organization-logo"},"image":{"@id":"https:\/\/www.tablaosflamencos.com\/nl\/sara-baras-sevilla-2026-infinita-biennale.html#local-main-organization-logo"},"sameAs":["https:\/\/www.facebook.com\/tablaosflamencos","https:\/\/x.com\/tablaosflamenco","https:\/\/mastodon.social\/@tablaosflamencos","https:\/\/www.instagram.com\/tablaosflamencos","https:\/\/tiktok.com\/@tablaosflamencos","https:\/\/www.linkedin.com\/company\/109408238\/"],"description":"Venta de entradas para espect\u00e1culos flamencos","legalName":"Tablaos Flamencos","foundingDate":"2015-01-01","numberOfEmployees":{"@type":"QuantitativeValue","minValue":"1","maxValue":"10"},"address":{"@id":"https:\/\/www.tablaosflamencos.com\/nl\/sara-baras-sevilla-2026-infinita-biennale.html#local-main-place-address"},"geo":{"@type":"GeoCoordinates","latitude":"37.3868072","longitude":"-5.993280299999999"},"telephone":["+34623787787"],"contactPoint":{"@type":"ContactPoint","telephone":"+34623787787","email":"info@tablaosflamencos.com"},"openingHoursSpecification":{"@type":"OpeningHoursSpecification","dayOfWeek":["Monday","Tuesday","Wednesday","Thursday","Friday","Saturday","Sunday"],"opens":"00:00","closes":"23:59"},"email":"info@tablaosflamencos.com","priceRange":"$$$","currenciesAccepted":"\u20ac"},{"@type":"Person","@id":"https:\/\/www.tablaosflamencos.com\/nl#\/schema\/person\/e7a9ebe14eb75a52ceabfbffb3c54f5d","name":"Miguel Ortiz","description":"Miguel Ortiz es un empresario flamenco, con una s\u00f3lida trayectoria dentro del sector. Ha presidido entidades culturales vinculadas al flamenco y, cuenta con un amplio recorrido profesional en la gesti\u00f3n y promoci\u00f3n de espect\u00e1culos y tablaos flamencos. Su pasi\u00f3n por la historia y el arte flamenco se refleja en cada art\u00edculo, donde combina experiencia, criterio y un profundo respeto por la tradici\u00f3n.","sameAs":["https:\/\/www.tablaosflamencos.com","https:\/\/www.instagra.com\/miguelortizfe","https:\/\/www.linkedin.com\/in\/miguelortizf\/"],"birthDate":"1984-11-22","gender":"hombre","knowsLanguage":["espa\u00f1ol","ingl\u00e9s"],"jobTitle":"Empresario flamenco"},{"@type":"PostalAddress","@id":"https:\/\/www.tablaosflamencos.com\/nl\/sara-baras-sevilla-2026-infinita-biennale.html#local-main-place-address","streetAddress":"C\/ Alemanes, 19","addressLocality":"Sevilla","postalCode":"41004","addressRegion":"Sevilla","addressCountry":"ES"},{"@type":"ImageObject","inLanguage":"nl-NL","@id":"https:\/\/www.tablaosflamencos.com\/nl\/sara-baras-sevilla-2026-infinita-biennale.html#local-main-organization-logo","url":"https:\/\/www.tablaosflamencos.com\/wp-content\/uploads\/tablaos-flamencos-06-3.webp","contentUrl":"https:\/\/www.tablaosflamencos.com\/wp-content\/uploads\/tablaos-flamencos-06-3.webp","width":600,"height":620,"caption":"Tablaos Flamencos"}]},"geo.placename":"Sevilla","geo.position":{"lat":"37.3868072","long":"-5.993280299999999"},"geo.region":"Spanje"},"_links":{"self":[{"href":"https:\/\/www.tablaosflamencos.com\/nl\/wp-json\/wp\/v2\/posts\/13753","targetHints":{"allow":["GET"]}}],"collection":[{"href":"https:\/\/www.tablaosflamencos.com\/nl\/wp-json\/wp\/v2\/posts"}],"about":[{"href":"https:\/\/www.tablaosflamencos.com\/nl\/wp-json\/wp\/v2\/types\/post"}],"author":[{"embeddable":true,"href":"https:\/\/www.tablaosflamencos.com\/nl\/wp-json\/wp\/v2\/users\/1"}],"replies":[{"embeddable":true,"href":"https:\/\/www.tablaosflamencos.com\/nl\/wp-json\/wp\/v2\/comments?post=13753"}],"version-history":[{"count":1,"href":"https:\/\/www.tablaosflamencos.com\/nl\/wp-json\/wp\/v2\/posts\/13753\/revisions"}],"predecessor-version":[{"id":13781,"href":"https:\/\/www.tablaosflamencos.com\/nl\/wp-json\/wp\/v2\/posts\/13753\/revisions\/13781"}],"wp:featuredmedia":[{"embeddable":true,"href":"https:\/\/www.tablaosflamencos.com\/nl\/wp-json\/wp\/v2\/media\/13720"}],"wp:attachment":[{"href":"https:\/\/www.tablaosflamencos.com\/nl\/wp-json\/wp\/v2\/media?parent=13753"}],"wp:term":[{"taxonomy":"category","embeddable":true,"href":"https:\/\/www.tablaosflamencos.com\/nl\/wp-json\/wp\/v2\/categories?post=13753"},{"taxonomy":"post_tag","embeddable":true,"href":"https:\/\/www.tablaosflamencos.com\/nl\/wp-json\/wp\/v2\/tags?post=13753"}],"curies":[{"name":"wp","href":"https:\/\/api.w.org\/{rel}","templated":true}]}}