{"id":13695,"date":"2026-08-31T19:04:44","date_gmt":"2026-08-31T17:04:44","guid":{"rendered":"https:\/\/www.tablaosflamencos.com\/?p=13695"},"modified":"2026-08-31T19:27:14","modified_gmt":"2026-08-31T17:27:14","slug":"unieke-matinees-flamencobiennale-sevilla-2026","status":"publish","type":"post","link":"https:\/\/www.tablaosflamencos.com\/nl\/unieke-matinees-flamencobiennale-sevilla-2026.html","title":{"rendered":"Unieke Matinees van de Flamencobi\u00ebnnale Sevilla 2026: programma, data en San Luis de los Franceses"},"content":{"rendered":"<section class=\"l-section wpb_row height_huge\"><div class=\"l-section-h i-cf\"><div class=\"g-cols vc_row via_flex valign_top type_default stacking_default\"><div class=\"vc_col-sm-6 wpb_column vc_column_container\"><div class=\"vc_column-inner\"><div class=\"wpb_wrapper\"><div class=\"wpb_text_column\"><div class=\"wpb_wrapper\"><h2>Unieke Matinees van de Bi\u00ebnnale 2026: flamenco rond het middaguur in een barokjuweel<\/h2>\n<p>De <strong>Unieke Matinees van de Flamencobi\u00ebnnale Sevilla 2026<\/strong> vormen een van de meest bijzondere reeksen van de 24e editie. Zes voorstellingen, altijd om <strong>12:00 uur<\/strong>, maken de kerk van <strong>San Luis de los Franceses<\/strong> drie weekenden lang tot een ontmoetingsplek voor flamenco en oude muziek.<\/p>\n<p>Het programma brengt <strong>Pedro El Grana\u00edno, Alejandro Hurtado en Encarna Anillo<\/strong>samen, ieder met twee voorstellingen en met gastmusici die verbonden zijn aan historische instrumenten en repertoires. Het klavecimbel van Daniel Oyarz\u00e1bal, de gitaar van Enrike Solin\u00eds en de luit van Miguel Rinc\u00f3n gaan zo in dialoog met flamencozang en flamencogitaar.<\/p>\n<p>Het is niet simpelweg een ander tijdstip binnen het programma. De Bi\u00ebnnale presenteert de matinees als een ervaring van <strong>intiem en rustig luisteren<\/strong>, waarbij de architectuur, het ochtendlicht, de stilte en de akoestiek van San Luis deel uitmaken van de voorstelling zelf.<\/p>\n<\/div><\/div><\/div><\/div><\/div><div class=\"vc_col-sm-6 wpb_column vc_column_container\"><div class=\"vc_column-inner\"><div class=\"wpb_wrapper\"><div class=\"wpb_text_column\"><div class=\"wpb_wrapper\"><p style=\"text-align: center; font-size: 64px; line-height: 1; margin-bottom: 10px;\"><strong>6<\/strong><\/p>\n<h3 style=\"text-align: center;\">Unieke Matinees<\/h3>\n<p style=\"text-align: center;\"><strong>12, 13, 19, 20, 26 en 27 september<\/strong><\/p>\n<p style=\"text-align: center;\">Allemaal om <strong>12:00 uur<\/strong><\/p>\n<p style=\"text-align: center;\">Kerk van San Luis de los Franceses<\/p>\n<\/div><\/div><\/div><\/div><\/div><\/div><\/div><\/section><section class=\"l-section wpb_row height_huge color_alternate with_shape\"><div class=\"l-section-shape type_zigzag pos_top\" style=\"height:3vmin;\"><svg xmlns=\"http:\/\/www.w3.org\/2000\/svg\" viewBox=\"0 0 64 8\" preserveAspectRatio=\"none\" width=\"100%\" height=\"100%\">\r\n\t<path fill=\"currentColor\" d=\"M64 8 L0 8 L0 0 L20 7.9 L40 3 L48 5 L64 0 Z\"\/>\r\n<\/svg><\/div><div class=\"l-section-shape type_zigzag pos_bottom\" style=\"height:3vmin;\"><svg xmlns=\"http:\/\/www.w3.org\/2000\/svg\" viewBox=\"0 0 64 8\" preserveAspectRatio=\"none\" width=\"100%\" height=\"100%\">\r\n\t<path fill=\"currentColor\" d=\"M64 8 L0 8 L0 0 L20 7.9 L40 3 L48 5 L64 0 Z\"\/>\r\n<\/svg><\/div><div class=\"l-section-h i-cf\"><div class=\"g-cols vc_row via_flex valign_top type_default stacking_default\"><div class=\"vc_col-sm-12 wpb_column vc_column_container\"><div class=\"vc_column-inner\"><div class=\"wpb_wrapper\"><div class=\"wpb_text_column\"><div class=\"wpb_wrapper\"><blockquote>\n<p><strong>Kort antwoord:<\/strong> de Unieke Matinees van de Bi\u00ebnnale 2026 zijn zes ochtendvoorstellingen in San Luis de los Franceses. Pedro El Grana\u00edno presenteert <em>Pan de oro<\/em> op 12 en 13 september; Alejandro Hurtado, <em>Devenir de la guitarra<\/em> op 19 en 20 september; en Encarna Anillo, <em>Camino de flores<\/em> op 26 en 27 september. Alle voorstellingen beginnen om 12:00 uur en onderzoeken vanuit verschillende perspectieven de dialoog tussen flamenco, oude muziek en erfgoed.<\/p>\n<\/blockquote>\n<p><strong>Laatst bijgewerkt: 31 augustus 2026.<\/strong> De beschikbaarheid van tickets kan veranderen. Controleer altijd de actuele status van elke voorstelling op de offici\u00eble website van de Bi\u00ebnnale.<\/p>\n<\/div><\/div><div class=\"w-separator size_medium\"><\/div><div class=\"w-hwrapper valign_top wrap stack_on_mobiles align_center\" style=\"--hwrapper-gap:1.2rem\"><div class=\"w-btn-wrapper align_none\"><a class=\"w-btn us-btn-style_1\" href=\"https:\/\/www.tablaosflamencos.com\/nl\/flamenco-biennale-sevilla-2026.html\"><span class=\"w-btn-label\">Complete gids voor de Bi\u00ebnnale 2026<\/span><\/a><\/div><div class=\"w-btn-wrapper align_none\"><a class=\"w-btn us-btn-style_1\" href=\"https:\/\/www.tablaosflamencos.com\/nl\/flamencobiennale-sevilla\"><span class=\"w-btn-label\">Bekijk al ons nieuws over de Bi\u00ebnnale<\/span><\/a><\/div><\/div><\/div><\/div><\/div><\/div><\/div><\/section><section class=\"l-section wpb_row height_huge\"><div class=\"l-section-h i-cf\"><div class=\"g-cols vc_row via_flex valign_top type_default stacking_default\"><div class=\"vc_col-sm-1\/5 wpb_column vc_column_container\"><div class=\"vc_column-inner\"><div class=\"wpb_wrapper\"><\/div><\/div><\/div><div class=\"vc_col-sm-3\/5 wpb_column vc_column_container\"><div class=\"vc_column-inner\"><div class=\"wpb_wrapper\"><div class=\"wpb_text_column\"><div class=\"wpb_wrapper\"><h2>Inhoud van deze gids<\/h2>\n<ul>\n<li><a href=\"#que-son-matines\">Wat zijn de Unieke Matinees?<\/a><\/li>\n<li><a href=\"#calendario-matines\">Volledige kalender<\/a><\/li>\n<li><a href=\"#pan-de-oro\">Pedro El Grana\u00edno: Pan de oro<\/a><\/li>\n<li><a href=\"#devenir-guitarra\">Alejandro Hurtado: Devenir de la guitarra<\/a><\/li>\n<li><a href=\"#camino-flores\">Encarna Anillo: Camino de flores<\/a><\/li>\n<li><a href=\"#san-luis\">Waarom San Luis de los Franceses deel van de voorstelling is<\/a><\/li>\n<li><a href=\"#flamenco-musica-antigua\">Flamenco en oude muziek<\/a><\/li>\n<li><a href=\"#entradas-matines\">Tickets en beschikbaarheid<\/a><\/li>\n<li><a href=\"#como-llegar\">Hoe kom je er en praktische tips<\/a><\/li>\n<li><a href=\"#faq-matines\">Veelgestelde vragen<\/a><\/li>\n<\/ul>\n<\/div><\/div><\/div><\/div><\/div><div class=\"vc_col-sm-1\/5 wpb_column vc_column_container\"><div class=\"vc_column-inner\"><div class=\"wpb_wrapper\"><\/div><\/div><\/div><\/div><\/div><\/section><section class=\"l-section wpb_row height_huge color_alternate with_shape\"><div class=\"l-section-shape type_zigzag pos_top\" style=\"height:3vmin;\"><svg xmlns=\"http:\/\/www.w3.org\/2000\/svg\" viewBox=\"0 0 64 8\" preserveAspectRatio=\"none\" width=\"100%\" height=\"100%\">\r\n\t<path fill=\"currentColor\" d=\"M64 8 L0 8 L0 0 L20 7.9 L40 3 L48 5 L64 0 Z\"\/>\r\n<\/svg><\/div><div class=\"l-section-shape type_zigzag pos_bottom\" style=\"height:3vmin;\"><svg xmlns=\"http:\/\/www.w3.org\/2000\/svg\" viewBox=\"0 0 64 8\" preserveAspectRatio=\"none\" width=\"100%\" height=\"100%\">\r\n\t<path fill=\"currentColor\" d=\"M64 8 L0 8 L0 0 L20 7.9 L40 3 L48 5 L64 0 Z\"\/>\r\n<\/svg><\/div><div class=\"l-section-h i-cf\"><div class=\"g-cols vc_row via_flex valign_top type_default stacking_default\"><div class=\"vc_col-sm-6 wpb_column vc_column_container\"><div class=\"vc_column-inner\"><div class=\"wpb_wrapper\"><div class=\"wpb_text_column\"><div class=\"wpb_wrapper\"><h2 id=\"que-son-matines\">Wat zijn de Unieke Matinees van de Bi\u00ebnnale?<\/h2>\n<p>De Unieke Matinees brengen het concept van een eenmalige gebeurtenis van de Bi\u00ebnnale naar een ander format dan de <a href=\"https:\/\/www.tablaosflamencos.com\/noches-unicas-bienal-flamenco-sevilla-2026.html\"><strong>Unieke Avonden<\/strong><\/a>. In plaats van grote theaters, late avondvoorstellingen of grotere producties draait het hier om <strong>nabijheid, verstilling en aandachtig luisteren<\/strong>.<\/p>\n<p>De 24e Bi\u00ebnnale programmeert zes momenten tussen 12 en 27 september. In feite gaat het om <strong>drie artistieke voorstellen, elk op twee opeenvolgende ochtenden<\/strong>. Ze vinden allemaal om 12:00 uur plaats in de kerk van San Luis de los Franceses.<\/p>\n<p>De reeks slaat bovendien een brug naar het <strong>Festival voor Oude Muziek van Sevilla (FeM\u00c0S)<\/strong>. Het idee is flamenco te benaderen als muziek die in dialoog kan gaan met een historisch ge\u00efnformeerde blik, met musici en instrumenten uit oude repertoires zonder het resultaat tot oppervlakkige fusion te maken.<\/p>\n<\/div><\/div><\/div><\/div><\/div><div class=\"vc_col-sm-6 wpb_column vc_column_container\"><div class=\"vc_column-inner\"><div class=\"wpb_wrapper\"><div class=\"wpb_text_column\"><div class=\"wpb_wrapper\"><h2>Een format om op een andere manier te luisteren<\/h2>\n<p>De organisatie zelf omschrijft deze voorstellingen als een uitnodiging om te vertragen. De schaal van de ruimte en het tijdstip maken het mogelijk afstand te nemen van de logica van de grote avondshow en dichter bij de details van zang en gitaarspel te komen.<\/p>\n<p>San Luis de los Franceses is hier niet zomaar een decor. De plattegrond, de barokke ornamentiek, het ochtendlicht en het ceremoni\u00eble karakter van het complex be\u00efnvloeden de beleving.<\/p>\n<p>Dat past bijzonder goed bij de drie gekozen projecten: de diepe en plechtige zang van Pedro El Grana\u00edno, Alejandro Hurtado\u2019s historische blik op de gitaar en de emotionele reis van Encarna Anillo.<\/p>\n<\/div><\/div><\/div><\/div><\/div><\/div><\/div><\/section><section class=\"l-section wpb_row height_huge\"><div class=\"l-section-h i-cf\"><div class=\"g-cols vc_row via_flex valign_top type_default stacking_default\"><div class=\"vc_col-sm-12 wpb_column vc_column_container\"><div class=\"vc_column-inner\"><div class=\"wpb_wrapper\"><div class=\"wpb_text_column\"><div class=\"wpb_wrapper\"><h2 id=\"calendario-matines\">Kalender van de Unieke Matinees van de Bi\u00ebnnale 2026<\/h2>\n<div style=\"overflow-x: auto;\">\n<table>\n<thead>\n<tr>\n<th>Datum<\/th>\n<th>Tijd<\/th>\n<th>Artiest<\/th>\n<th>Voorstelling<\/th>\n<th>Bijzondere samenwerking<\/th>\n<\/tr>\n<\/thead>\n<tbody>\n<tr>\n<td><strong>12 september<\/strong><\/td>\n<td>12:00<\/td>\n<td>Pedro El Grana\u00edno<\/td>\n<td><em>Pan de oro<\/em><\/td>\n<td>Daniel Oyarz\u00e1bal, klavecimbel<\/td>\n<\/tr>\n<tr>\n<td><strong>13 september<\/strong><\/td>\n<td>12:00<\/td>\n<td>Pedro El Grana\u00edno<\/td>\n<td><em>Pan de oro<\/em><\/td>\n<td>Daniel Oyarz\u00e1bal, klavecimbel<\/td>\n<\/tr>\n<tr>\n<td><strong>19 september<\/strong><\/td>\n<td>12:00<\/td>\n<td>Alejandro Hurtado<\/td>\n<td><em>Devenir de la guitarra<\/em><\/td>\n<td>Enrike Solin\u00eds<\/td>\n<\/tr>\n<tr>\n<td><strong>20 september<\/strong><\/td>\n<td>12:00<\/td>\n<td>Alejandro Hurtado<\/td>\n<td><em>Devenir de la guitarra<\/em><\/td>\n<td>Enrike Solin\u00eds<\/td>\n<\/tr>\n<tr>\n<td><strong>26 september<\/strong><\/td>\n<td>12:00<\/td>\n<td>Encarna Anillo<\/td>\n<td><em>Camino de flores<\/em><\/td>\n<td>Miguel Rinc\u00f3n, luit<\/td>\n<\/tr>\n<tr>\n<td><strong>27 september<\/strong><\/td>\n<td>12:00<\/td>\n<td>Encarna Anillo<\/td>\n<td><em>Camino de flores<\/em><\/td>\n<td>Miguel Rinc\u00f3n, luit<\/td>\n<\/tr>\n<\/tbody>\n<\/table>\n<\/div>\n<p>&nbsp;<\/p>\n<p>Alle zes voorstellingen vinden plaats in de <strong>kerk van San Luis de los Franceses<\/strong>. Het offici\u00eble programma en de aankooplinks zijn te vinden op <a href=\"https:\/\/www.labienal.com\/programa-general\/iglesia-san-luis-de-los-franceses\" target=\"_blank\" rel=\"noopener\"><strong>de pagina van de Bi\u00ebnnale over deze locatie<\/strong><\/a>.<\/p>\n<\/div><\/div><\/div><\/div><\/div><\/div><\/div><\/section><section class=\"l-section wpb_row height_huge color_alternate with_shape\"><div class=\"l-section-shape type_zigzag pos_top\" style=\"height:3vmin;\"><svg xmlns=\"http:\/\/www.w3.org\/2000\/svg\" viewBox=\"0 0 64 8\" preserveAspectRatio=\"none\" width=\"100%\" height=\"100%\">\r\n\t<path fill=\"currentColor\" d=\"M64 8 L0 8 L0 0 L20 7.9 L40 3 L48 5 L64 0 Z\"\/>\r\n<\/svg><\/div><div class=\"l-section-shape type_zigzag pos_bottom\" style=\"height:3vmin;\"><svg xmlns=\"http:\/\/www.w3.org\/2000\/svg\" viewBox=\"0 0 64 8\" preserveAspectRatio=\"none\" width=\"100%\" height=\"100%\">\r\n\t<path fill=\"currentColor\" d=\"M64 8 L0 8 L0 0 L20 7.9 L40 3 L48 5 L64 0 Z\"\/>\r\n<\/svg><\/div><div class=\"l-section-h i-cf\"><div class=\"g-cols vc_row via_flex valign_top type_default stacking_default\"><div class=\"vc_col-sm-6 wpb_column vc_column_container\"><div class=\"vc_column-inner\"><div class=\"wpb_wrapper\"><div class=\"wpb_text_column\"><div class=\"wpb_wrapper\"><h2 id=\"pan-de-oro\">Pedro El Grana\u00edno en Daniel Oyarz\u00e1bal: <em>Pan de oro<\/em><\/h2>\n<p><strong>12 en 13 september \u00b7 12:00 uur<\/strong><\/p>\n<p>Pedro El Grana\u00edno opent de reeks met een project dat speciaal voor de Bi\u00ebnnale is ontwikkeld. <em>Pan de oro<\/em> zoekt een plechtige en intieme sfeer waarin flamencozang het geluid van het klavecimbel ontmoet.<\/p>\n<p>De artistieke bezetting bestaat uit <strong>Pedro El Grana\u00edno als zanger, Daniel Oyarz\u00e1bal op klavecimbel, Rosa Escobar op altviool en Patrocinio Hijo op gitaar<\/strong>. Strijkers, klavecimbel en gitaar cre\u00ebren een ongebruikelijk klanklandschap rond een stem die sterk verbonden is met de diepste registers van de flamenco.<\/p>\n<p>Het aangekondigde repertoire omvat <strong>grana\u00edna, malague\u00f1a, sole\u00e1, fandangos en saeta<\/strong>, naast andere vormen. Deze stijlen kunnen in de verstilde sfeer van San Luis een bijzonder passende context vinden.<\/p>\n<\/div><\/div><\/div><\/div><\/div><div class=\"vc_col-sm-6 wpb_column vc_column_container\"><div class=\"vc_column-inner\"><div class=\"wpb_wrapper\"><div class=\"wpb_text_column\"><div class=\"wpb_wrapper\"><h2>Waarom <em>Pan de oro<\/em> bij San Luis past<\/h2>\n<p>Het concept probeert flamencozang niet in barokmuziek te veranderen. Het interessante is juist dat de identiteiten behouden blijven en dat we kunnen horen wat er gebeurt wanneer stem, gitaar en een instrument als het klavecimbel een ruimte vol historische resonantie delen.<\/p>\n<p>De titel <em>Pan de oro<\/em> roept bovendien onvermijdelijk een associatie op met de visuele rijkdom van de kerk zelf. In een ruimte waar altaarstukken, schilderijen en architectuur samen een zintuiglijke ervaring cre\u00ebren, vertaalt het project dat gevoel van plechtigheid naar klank.<\/p>\n<p>Voor wie flamencozang op een andere schaal wil horen dan op de grote podia van de Bi\u00ebnnale, is dit waarschijnlijk een van de meest bijzondere voorstellen van de editie.<\/p>\n<\/div><\/div><\/div><\/div><\/div><\/div><\/div><\/section><section class=\"l-section wpb_row height_huge\"><div class=\"l-section-h i-cf\"><div class=\"g-cols vc_row via_flex valign_top type_default stacking_default\"><div class=\"vc_col-sm-6 wpb_column vc_column_container\"><div class=\"vc_column-inner\"><div class=\"wpb_wrapper\"><div class=\"wpb_text_column\"><div class=\"wpb_wrapper\"><h2 id=\"devenir-guitarra\">Alejandro Hurtado en Enrike Solin\u00eds: <em>Devenir de la guitarra<\/em><\/h2>\n<p><strong>19 en 20 september \u00b7 12:00 uur<\/strong><\/p>\n<p>Een week later staat de gitaar centraal. <strong>Alejandro Hurtado<\/strong> stelt een reis voor die verschillende periodes en talen van de Spaanse en flamencogitaar met elkaar verbindt, met de speciale medewerking van <strong>Enrike Solin\u00eds<\/strong> en in samenwerking met FeM\u00c0S.<\/p>\n<p>Het programma combineert eigen composities van Hurtado met werken die verbonden zijn aan belangrijke figuren uit de gitaarhistorie. Er zijn verwijzingen naar <strong>Francisco T\u00e1rrega, Ram\u00f3n Montoya en Ni\u00f1o Ricardo<\/strong>, naast grana\u00edna, alegr\u00edas, farruca, seguiriya, zapateado, taranta, habanera, panaderos, wiegelied en buler\u00edas.<\/p>\n<p>Solin\u00eds brengt bovendien historische gitaarrepertoires in het gesprek en opent daarmee een ander venster op de ontwikkeling van het instrument.<\/p>\n<\/div><\/div><\/div><\/div><\/div><div class=\"vc_col-sm-6 wpb_column vc_column_container\"><div class=\"vc_column-inner\"><div class=\"wpb_wrapper\"><div class=\"wpb_text_column\"><div class=\"wpb_wrapper\"><h2>Een kleine geschiedenis van de gitaar binnen de Bi\u00ebnnale<\/h2>\n<p><em>Devenir de la guitarra<\/em> sluit bijzonder goed aan bij een van de grote thema\u2019s van de editie van 2026: de concertgitaar. In San Luis wordt de benadering echter bijna archeologisch.<\/p>\n<p>Alejandro Hurtado brengt niet alleen een recital met eigen composities. Het programma laat horen hoe technieken, vormen en gevoeligheden uit verschillende tijden de gitaar hebben gevormd die we vandaag met flamenco identificeren.<\/p>\n<p>De samenwerking met Enrike Solin\u00eds versterkt deze historische lezing. In plaats van een simpele tegenstelling tussen \u201coude gitaar\u201d en \u201cflamencogitaar\u201d nodigt de matinee uit om het instrument te begrijpen als een continu\u00fcm vol kruisingen, transformaties en ontleningen.<\/p>\n<\/div><\/div><\/div><\/div><\/div><\/div><\/div><\/section><section class=\"l-section wpb_row height_huge color_alternate with_shape\"><div class=\"l-section-shape type_zigzag pos_top\" style=\"height:3vmin;\"><svg xmlns=\"http:\/\/www.w3.org\/2000\/svg\" viewBox=\"0 0 64 8\" preserveAspectRatio=\"none\" width=\"100%\" height=\"100%\">\r\n\t<path fill=\"currentColor\" d=\"M64 8 L0 8 L0 0 L20 7.9 L40 3 L48 5 L64 0 Z\"\/>\r\n<\/svg><\/div><div class=\"l-section-shape type_zigzag pos_bottom\" style=\"height:3vmin;\"><svg xmlns=\"http:\/\/www.w3.org\/2000\/svg\" viewBox=\"0 0 64 8\" preserveAspectRatio=\"none\" width=\"100%\" height=\"100%\">\r\n\t<path fill=\"currentColor\" d=\"M64 8 L0 8 L0 0 L20 7.9 L40 3 L48 5 L64 0 Z\"\/>\r\n<\/svg><\/div><div class=\"l-section-h i-cf\"><div class=\"g-cols vc_row via_flex valign_top type_default stacking_default\"><div class=\"vc_col-sm-6 wpb_column vc_column_container\"><div class=\"vc_column-inner\"><div class=\"wpb_wrapper\"><div class=\"wpb_text_column\"><div class=\"wpb_wrapper\"><h2 id=\"camino-flores\">Encarna Anillo en Miguel Rinc\u00f3n: <em>Camino de flores<\/em><\/h2>\n<p><strong>26 en 27 september \u00b7 12:00 uur<\/strong><\/p>\n<p>Encarna Anillo sluit de Unieke Matinees af met een veel verhalender en autobiografischer project. <em>Camino de flores<\/em> doorloopt verschillende emotionele fases van haar leven en verbindt die met verschillende flamencopalos en <strong>Bach-bloesemremedies<\/strong>.<\/p>\n<p>Het programma gaat langs alegr\u00edas de C\u00f3rdoba, marianas en tientos, petenera, seguiriya, fandango, milonga, sole\u00e1 de C\u00e1diz en buler\u00eda. Elke zangvorm staat voor een toestand: jeugd en onschuld, teleurstelling, wanhoop, angst, liefde, verandering of viering.<\/p>\n<p>De zangeres wordt begeleid door <strong>Andr\u00e9s Hern\u00e1ndez \u201cPituquete\u201d op gitaar<\/strong>, Roberto Ja\u00e9n en Diego Montoya met palmas, met medewerking van <strong>luitist Miguel Rinc\u00f3n<\/strong> in de dialoog met oude muziek.<\/p>\n<\/div><\/div><\/div><\/div><\/div><div class=\"vc_col-sm-6 wpb_column vc_column_container\"><div class=\"vc_column-inner\"><div class=\"wpb_wrapper\"><div class=\"wpb_text_column\"><div class=\"wpb_wrapper\"><h2>Een recital opgevat als levensreis<\/h2>\n<p>De organisatie presenteert <em>Camino de flores<\/em> als een reis waarin flamenco tegelijk werkt als herinnering, wortel en middel tot verandering. De opeenvolging van palos volgt niet alleen een muzikaal criterium: ze structureert het persoonlijke verhaal van de artieste.<\/p>\n<p>De keuze voor San Luis versterkt die introspectieve dimensie. Waar <em>Pan de oro<\/em> speelt met plechtigheid en <em>Devenir de la guitarra<\/em> met de geschiedenis van het instrument, is de relatie met de ruimte hier emotioneel en bijna ritueel.<\/p>\n<p>Eind augustus bevestigde de Bi\u00ebnnale dat <strong>de voorstellingen van Encarna Anillo waren uitverkocht<\/strong>. De beschikbaarheid van de rest van de reeks moet rechtstreeks via de offici\u00eble kanalen worden gecontroleerd, omdat die kan veranderen naarmate de data dichterbij komen.<\/p>\n<\/div><\/div><\/div><\/div><\/div><\/div><\/div><\/section><section class=\"l-section wpb_row height_huge\"><div class=\"l-section-h i-cf\"><div class=\"g-cols vc_row via_flex valign_top type_default stacking_default\"><div class=\"vc_col-sm-1\/5 wpb_column vc_column_container\"><div class=\"vc_column-inner\"><div class=\"wpb_wrapper\"><\/div><\/div><\/div><div class=\"vc_col-sm-3\/5 wpb_column vc_column_container\"><div class=\"vc_column-inner\"><div class=\"wpb_wrapper\"><div class=\"wpb_text_column\"><div class=\"wpb_wrapper\"><h2 id=\"san-luis\" style=\"text-align: center;\">San Luis de los Franceses: wanneer de ruimte deel van de muziek wordt<\/h2>\n<p style=\"text-align: center;\">Het monumentale complex San Luis de los Franceses werd gebouwd tussen <strong>1699 en 1731<\/strong> en geldt als een van de best bewaarde voorbeelden van de volle barok in Sevilla. Het ontwerp is van <strong>Leonardo de Figueroa<\/strong> en maakte deel uit van het voormalige noviciaat van de jezu\u00efeten.<\/p>\n<p style=\"text-align: center;\">Het artistieke programma combineert architectuur, beeldhouwkunst en schilderkunst met een sterke symbolische en scenografische bedoeling. Dat barokke karakter is vooral bij de matinees belangrijk: de ruimte is ontworpen om de bezoeker te omringen en een zintuiglijke ervaring op te roepen.<\/p>\n<p style=\"text-align: center;\">De Bi\u00ebnnale benut juist die eigenschappen. Het middaglicht, de intieme schaal en de stilte van de kerk veranderen de manier waarop een stem of gitaar wordt gehoord. Daarom kunnen de Unieke Matinees niet zomaar naar een ander podium worden verplaatst zonder een belangrijk deel van hun betekenis te verliezen.<\/p>\n<\/div><\/div><\/div><\/div><\/div><div class=\"vc_col-sm-1\/5 wpb_column vc_column_container\"><div class=\"vc_column-inner\"><div class=\"wpb_wrapper\"><\/div><\/div><\/div><\/div><\/div><\/section><section class=\"l-section wpb_row height_huge color_alternate with_shape\"><div class=\"l-section-shape type_zigzag pos_top\" style=\"height:3vmin;\"><svg xmlns=\"http:\/\/www.w3.org\/2000\/svg\" viewBox=\"0 0 64 8\" preserveAspectRatio=\"none\" width=\"100%\" height=\"100%\">\r\n\t<path fill=\"currentColor\" d=\"M64 8 L0 8 L0 0 L20 7.9 L40 3 L48 5 L64 0 Z\"\/>\r\n<\/svg><\/div><div class=\"l-section-shape type_zigzag pos_bottom\" style=\"height:3vmin;\"><svg xmlns=\"http:\/\/www.w3.org\/2000\/svg\" viewBox=\"0 0 64 8\" preserveAspectRatio=\"none\" width=\"100%\" height=\"100%\">\r\n\t<path fill=\"currentColor\" d=\"M64 8 L0 8 L0 0 L20 7.9 L40 3 L48 5 L64 0 Z\"\/>\r\n<\/svg><\/div><div class=\"l-section-h i-cf\"><div class=\"g-cols vc_row via_flex valign_top type_default stacking_default\"><div class=\"vc_col-sm-6 wpb_column vc_column_container\"><div class=\"vc_column-inner\"><div class=\"wpb_wrapper\"><div class=\"wpb_text_column\"><div class=\"wpb_wrapper\"><h2 id=\"flamenco-musica-antigua\">Flamenco en oude muziek: wat wil deze reeks bereiken?<\/h2>\n<p>Een van de interessantste aspecten van de matinees is dat de Bi\u00ebnnale de barok niet alleen als visuele omgeving gebruikt. Er is een echte samenwerking met de wereld van de <strong>oude muziek<\/strong>.<\/p>\n<p>Klavecinist Daniel Oyarz\u00e1bal, Enrike Solin\u00eds en luitist Miguel Rinc\u00f3n brengen klanken binnen die normaal geen deel uitmaken van een conventioneel flamencorecital. Maar elk project gebruikt die ontmoeting op een andere manier.<\/p>\n<ul>\n<li><strong><em>Pan de oro<\/em><\/strong> zoekt plechtigheid en verstilling rond de zang.<\/li>\n<li><strong><em>Devenir de la guitarra<\/em><\/strong> kijkt naar de geschiedenis en ontwikkeling van het instrument.<\/li>\n<li><strong><em>Camino de flores<\/em><\/strong> gebruikt de dialoog van klankkleuren binnen een emotioneel verhaal.<\/li>\n<\/ul>\n<\/div><\/div><\/div><\/div><\/div><div class=\"vc_col-sm-6 wpb_column vc_column_container\"><div class=\"vc_column-inner\"><div class=\"wpb_wrapper\"><div class=\"wpb_text_column\"><div class=\"wpb_wrapper\"><h2>Zijn dit barokconcerten met flamenco?<\/h2>\n<p>Niet precies. Flamenco blijft het middelpunt van alle drie de projecten. Oude muziek fungeert als gesprekspartner en maakt het mogelijk elementen die al in zang en gitaarspel aanwezig zijn anders te horen: ornamentiek, spanning, herhaling, improvisatie, resonantie en ceremonieel karakter.<\/p>\n<p>Deze benadering vermijdt een simplistisch idee van \u201cfusion\u201d. De reeks lijkt meer op een gesprek tussen tradities, tijdperken en manieren om muziek te begrijpen.<\/p>\n<p>Voor publiek dat zowel ge\u00efnteresseerd is in de <strong>geschiedenis van flamenco<\/strong> als in de ontwikkeling van zijn muzikale taal bieden deze zes voorstellingen een ander perspectief dan de rest van het programma.<\/p>\n<\/div><\/div><\/div><\/div><\/div><\/div><\/div><\/section><section class=\"l-section wpb_row height_huge\"><div class=\"l-section-h i-cf\"><div class=\"g-cols vc_row via_flex valign_top type_default stacking_default\"><div class=\"vc_col-sm-12 wpb_column vc_column_container\"><div class=\"vc_column-inner\"><div class=\"wpb_wrapper\"><div class=\"wpb_text_column\"><div class=\"wpb_wrapper\"><h2 id=\"entradas-matines\">Tickets voor de Unieke Matinees van de Bi\u00ebnnale 2026<\/h2>\n<p>Tickets worden verkocht via de offici\u00eble pagina\u2019s van de afzonderlijke voorstellingen op de website van de Bi\u00ebnnale. Door de beperkte capaciteit en het intieme karakter van de locatie kan de beschikbaarheid snel veranderen.<\/p>\n<p>De vraag is al maanden voor het begin van het festival bijzonder groot. In het voorjaar meldde de Bi\u00ebnnale al verschillende voorstellingen in San Luis als uitverkocht en op 26 augustus maakte zij uitdrukkelijk bekend dat <strong><em>Camino de flores<\/em>van Encarna Anillo was uitverkocht<\/strong>.<\/p>\n<p>Controleer daarom de pagina van de exacte datum en vertrouw niet op oudere lijsten. Als er een offici\u00eble aankoopoptie staat, controleer daar op dat moment de beschikbaarheid.<\/p>\n<p>Is de matinee die je wilde bijwonen vol, bekijk dan onze gids over <a href=\"https:\/\/www.tablaosflamencos.com\/bienal-flamenco-2026-entradas-agotadas-que-ver.html\"><strong>wat je kunt doen als er geen tickets meer zijn voor de Bi\u00ebnnale<\/strong><\/a>. Het programma is zeer uitgebreid en er zijn andere voorstellingen, gratis activiteiten en flamenco-opties in de hele stad.<\/p>\n<\/div><\/div><div class=\"w-separator size_medium\"><\/div><div class=\"w-hwrapper valign_top wrap stack_on_mobiles align_center\" style=\"--hwrapper-gap:1.2rem\"><div class=\"w-btn-wrapper align_none\"><a class=\"w-btn us-btn-style_1\" href=\"https:\/\/www.tablaosflamencos.com\/nl\/flamencobiennale-sevilla-2026-uitverkocht-alternatieven.html\"><span class=\"w-btn-label\">Wat te doen als tickets uitverkocht zijn<\/span><\/a><\/div><div class=\"w-btn-wrapper align_none\"><a class=\"w-btn us-btn-style_1\" href=\"https:\/\/www.tablaosflamencos.com\/nl\/flamenco-in-sevilla\"><span class=\"w-btn-label\">Bekijk flamenco in Sevilla<\/span><\/a><\/div><\/div><\/div><\/div><\/div><\/div><\/div><\/section><section class=\"l-section wpb_row height_huge color_alternate with_shape\"><div class=\"l-section-shape type_zigzag pos_top\" style=\"height:3vmin;\"><svg xmlns=\"http:\/\/www.w3.org\/2000\/svg\" viewBox=\"0 0 64 8\" preserveAspectRatio=\"none\" width=\"100%\" height=\"100%\">\r\n\t<path fill=\"currentColor\" d=\"M64 8 L0 8 L0 0 L20 7.9 L40 3 L48 5 L64 0 Z\"\/>\r\n<\/svg><\/div><div class=\"l-section-shape type_zigzag pos_bottom\" style=\"height:3vmin;\"><svg xmlns=\"http:\/\/www.w3.org\/2000\/svg\" viewBox=\"0 0 64 8\" preserveAspectRatio=\"none\" width=\"100%\" height=\"100%\">\r\n\t<path fill=\"currentColor\" d=\"M64 8 L0 8 L0 0 L20 7.9 L40 3 L48 5 L64 0 Z\"\/>\r\n<\/svg><\/div><div class=\"l-section-h i-cf\"><div class=\"g-cols vc_row via_flex valign_top type_default stacking_default\"><div class=\"vc_col-sm-6 wpb_column vc_column_container\"><div class=\"vc_column-inner\"><div class=\"wpb_wrapper\"><div class=\"wpb_text_column\"><div class=\"wpb_wrapper\"><h2 id=\"como-llegar\">Hoe kom je bij San Luis de los Franceses<\/h2>\n<p>Het monumentale complex bevindt zich aan <strong>Calle San Luis 37<\/strong>, in het historische centrum van Sevilla, ten noorden van de Calle Feria en relatief dicht bij de basiliek van La Macarena.<\/p>\n<p>Volgens informatie van de locatie zelf brengen verschillende TUSSAM-buslijnen je in de buurt, waaronder <strong>02, 14, 27, 32 en C1<\/strong>.<\/p>\n<p>Als je vanuit het monumentale centrum loopt, plan dan voldoende tijd voor de route. De matinees beginnen om 12:00 uur en toegang tot een voorstelling van de Bi\u00ebnnale is niet hetzelfde als een regulier toeristisch bezoek aan het monumentale complex.<\/p>\n<\/div><\/div><\/div><\/div><\/div><div class=\"vc_col-sm-6 wpb_column vc_column_container\"><div class=\"vc_column-inner\"><div class=\"wpb_wrapper\"><div class=\"wpb_text_column\"><div class=\"wpb_wrapper\"><h2>Tips om van een matinee te genieten<\/h2>\n<ul>\n<li><strong>Kom op tijd.<\/strong> Het format nodigt uit om zonder haast binnen te komen en voor aanvang rustig plaats te nemen.<\/li>\n<li><strong>Controleer de exacte datum.<\/strong> Elke voorstelling wordt op zaterdag en zondag herhaald, maar de beschikbaarheid kan verschillen.<\/li>\n<li><strong>Plan een volgende activiteit niet te krap.<\/strong> Neem tijd om de locatie te verlaten en de omgeving te verkennen.<\/li>\n<li><strong>Maak gebruik van de buurt.<\/strong> San Luis, Feria, de Alameda en La Macarena maken het mogelijk om rond de voorstelling een cultureel en gastronomisch programma samen te stellen.<\/li>\n<li><strong>Bekijk het programma van dezelfde dag.<\/strong> Een matinee kan later worden gecombineerd met andere voorstellingen van de Bi\u00ebnnale in de middag of avond.<\/li>\n<\/ul>\n<\/div><\/div><\/div><\/div><\/div><\/div><\/div><\/section><section class=\"l-section wpb_row height_huge\"><div class=\"l-section-h i-cf\"><div class=\"g-cols vc_row via_flex valign_top type_default stacking_default\"><div class=\"vc_col-sm-12 wpb_column vc_column_container\"><div class=\"vc_column-inner\"><div class=\"wpb_wrapper\"><div class=\"wpb_text_column\"><div class=\"wpb_wrapper\"><h2>Hoe combineer je de Unieke Matinees met de rest van de Bi\u00ebnnale<\/h2>\n<p>Het aanvangstijdstip van 12:00 uur maakt deze reeks tot een van de eenvoudigste manieren om een volledige Bi\u00ebnnaledag samen te stellen. Na een matinee is er genoeg tijd om te lunchen, uit te rusten en later nog een voorstelling bij te wonen.<\/p>\n<p>Op <strong>12 september<\/strong>gaat de dag bijvoorbeeld verder met voorstellingen in Espacio Turina, Teatro Lope de Vega, Teatro de la Maestranza en Teatro Alameda. Op <strong>20 september<\/strong>staan na Alejandro Hurtado onder meer Manuel de la Luz en Manuel Im\u00e1n, Jos\u00e9 Merc\u00e9 en het Gala van het Andalusische Circuit voor Jonge Flamencoartiesten op het programma. Op <strong>27 september<\/strong>volgen na Encarna Anillo Dani de Mor\u00f3n, <em>Fue tu querer<\/em> en Est\u00e9vez \/ Pa\u00f1os y Compa\u00f1\u00eda.<\/p>\n<p>Toch is het voordeel van een matinee juist dat je haar in een ander tempo kunt beleven. Het is niet de moeite waard San Luis te verlaten en meteen aan de volgende haastige tocht tussen theaters te denken.<\/p>\n<\/div><\/div><\/div><\/div><\/div><\/div><\/div><\/section><section class=\"l-section wpb_row height_huge color_alternate with_shape\"><div class=\"l-section-shape type_zigzag pos_top\" style=\"height:3vmin;\"><svg xmlns=\"http:\/\/www.w3.org\/2000\/svg\" viewBox=\"0 0 64 8\" preserveAspectRatio=\"none\" width=\"100%\" height=\"100%\">\r\n\t<path fill=\"currentColor\" d=\"M64 8 L0 8 L0 0 L20 7.9 L40 3 L48 5 L64 0 Z\"\/>\r\n<\/svg><\/div><div class=\"l-section-shape type_zigzag pos_bottom\" style=\"height:3vmin;\"><svg xmlns=\"http:\/\/www.w3.org\/2000\/svg\" viewBox=\"0 0 64 8\" preserveAspectRatio=\"none\" width=\"100%\" height=\"100%\">\r\n\t<path fill=\"currentColor\" d=\"M64 8 L0 8 L0 0 L20 7.9 L40 3 L48 5 L64 0 Z\"\/>\r\n<\/svg><\/div><div class=\"l-section-h i-cf\"><div class=\"g-cols vc_row via_flex valign_top type_default stacking_default\"><div class=\"vc_col-sm-1\/5 wpb_column vc_column_container\"><div class=\"vc_column-inner\"><div class=\"wpb_wrapper\"><\/div><\/div><\/div><div class=\"vc_col-sm-3\/5 wpb_column vc_column_container\"><div class=\"vc_column-inner\"><div class=\"wpb_wrapper\"><div class=\"wpb_text_column\"><div class=\"wpb_wrapper\"><h2 style=\"text-align: center;\">Drie weekenden om een andere kant van de Bi\u00ebnnale te ontdekken<\/h2>\n<p style=\"text-align: center;\">De Unieke Matinees vormen qua aantal maar een klein onderdeel van een enorm programma, maar vatten een van de interessantste idee\u00ebn van de 24e Bi\u00ebnnale goed samen: flamenco hoeft niet altijd luider of groter te worden om een bijzondere gebeurtenis te cre\u00ebren.<\/p>\n<p style=\"text-align: center;\">Hier zit de luxe in de nabijheid. Een stem tegenover een klavecimbel. Een flamencogitaar die naar haar eigen geschiedenis luistert. Een luit naast autobiografische zang. Alles binnen een van de uitzonderlijkste barokke ruimtes van Sevilla en bij vol daglicht.<\/p>\n<p style=\"text-align: center;\">Als er voor een van de data tijdens je reis nog tickets beschikbaar zijn, is dit een reeks die zeker het overwegen waard is. En als alles al is uitverkocht, biedt de Bi\u00ebnnale zelf nog veel andere manieren om een complete flamencodag samen te stellen.<\/p>\n<\/div><\/div><div class=\"w-separator size_medium\"><\/div><div class=\"w-hwrapper valign_top wrap stack_on_mobiles align_center\" style=\"--hwrapper-gap:1.2rem\"><div class=\"w-btn-wrapper align_none\"><a class=\"w-btn us-btn-style_1\" href=\"https:\/\/www.tablaosflamencos.com\/nl\/flamencobiennale-sevilla\"><span class=\"w-btn-label\">Bekijk de hoofdpagina van de Bi\u00ebnnale<\/span><\/a><\/div><div class=\"w-btn-wrapper align_none\"><a class=\"w-btn us-btn-style_1\" href=\"https:\/\/www.tablaosflamencos.com\/nl\/unieke-avonden-flamenco-biennale-sevilla-2026.html\"><span class=\"w-btn-label\">Bekijk de Unieke Avonden 2026<\/span><\/a><\/div><\/div><\/div><\/div><\/div><div class=\"vc_col-sm-1\/5 wpb_column vc_column_container\"><div class=\"vc_column-inner\"><div class=\"wpb_wrapper\"><\/div><\/div><\/div><\/div><\/div><\/section><section class=\"l-section wpb_row height_huge\"><div class=\"l-section-h i-cf\"><div class=\"g-cols vc_row via_flex valign_top type_default stacking_default\"><div class=\"vc_col-sm-1\/5 wpb_column vc_column_container\"><div class=\"vc_column-inner\"><div class=\"wpb_wrapper\"><\/div><\/div><\/div><div class=\"vc_col-sm-3\/5 wpb_column vc_column_container\"><div class=\"vc_column-inner\"><div class=\"wpb_wrapper\"><div class=\"wpb_text_column\"><div class=\"wpb_wrapper\"><h2 id=\"faq-matines\" style=\"text-align: center;\">Veelgestelde vragen over de Unieke Matinees van de Bi\u00ebnnale 2026<\/h2>\n<\/div><\/div><div class=\"w-separator size_medium\"><\/div><div class=\"w-tabs accordion toggle_style_1 has_scrolling\" style=\"--sections-title-size:inherit;--sections-gap:0.5rem;\"><div class=\"w-tabs-sections titles-align_none icon_chevron cpos_right\"><div class=\"w-tabs-section\" id=\"q818\"><button type=\"button\" class=\"w-tabs-section-header\" aria-controls=\"content-q818\" aria-expanded=\"false\"><div class=\"w-tabs-section-title\">Hoeveel Unieke Matinees zijn er tijdens de Flamencobi\u00ebnnale Sevilla 2026?<\/div><div class=\"w-tabs-section-control\"><\/div><\/button><div  class=\"w-tabs-section-content\" id=\"content-q818\"><div class=\"w-tabs-section-content-h i-cf\"><div class=\"wpb_text_column\"><div class=\"wpb_wrapper\"><p>Er zijn <strong>zes voorstellingen<\/strong>, verdeeld over drie shows die elk op twee opeenvolgende dagen worden gepresenteerd.<\/p>\n<\/div><\/div><\/div><\/div><\/div><div class=\"w-tabs-section\" id=\"p913\"><button type=\"button\" class=\"w-tabs-section-header\" aria-controls=\"content-p913\" aria-expanded=\"false\"><div class=\"w-tabs-section-title\">Wanneer vinden de Unieke Matinees plaats?<\/div><div class=\"w-tabs-section-control\"><\/div><\/button><div  class=\"w-tabs-section-content\" id=\"content-p913\"><div class=\"w-tabs-section-content-h i-cf\"><div class=\"wpb_text_column\"><div class=\"wpb_wrapper\"><p>Ze vinden plaats op <strong>12, 13, 19, 20, 26 en 27 september 2026<\/strong>. Alle voorstellingen beginnen om 12:00 uur.<\/p>\n<\/div><\/div><\/div><\/div><\/div><div class=\"w-tabs-section\" id=\"c9fe\"><button type=\"button\" class=\"w-tabs-section-header\" aria-controls=\"content-c9fe\" aria-expanded=\"false\"><div class=\"w-tabs-section-title\">Waar vinden ze plaats?<\/div><div class=\"w-tabs-section-control\"><\/div><\/button><div  class=\"w-tabs-section-content\" id=\"content-c9fe\"><div class=\"w-tabs-section-content-h i-cf\"><div class=\"wpb_text_column\"><div class=\"wpb_wrapper\"><p>Alle Unieke Matinees vinden plaats in de <strong>kerk van San Luis de los Franceses<\/strong>, aan de Calle San Luis in Sevilla.<\/p>\n<\/div><\/div><\/div><\/div><\/div><div class=\"w-tabs-section\" id=\"daf2\"><button type=\"button\" class=\"w-tabs-section-header\" aria-controls=\"content-daf2\" aria-expanded=\"false\"><div class=\"w-tabs-section-title\">Welke artiesten doen mee?<\/div><div class=\"w-tabs-section-control\"><\/div><\/button><div  class=\"w-tabs-section-content\" id=\"content-daf2\"><div class=\"w-tabs-section-content-h i-cf\"><div class=\"wpb_text_column\"><div class=\"wpb_wrapper\"><p>Pedro El Grana\u00edno presenteert <em>Pan de oro<\/em> met Daniel Oyarz\u00e1bal; Alejandro Hurtado presenteert <em>Devenir de la guitarra<\/em> met Enrike Solin\u00eds; en Encarna Anillo presenteert <em>Camino de flores<\/em> met medewerking van luitist Miguel Rinc\u00f3n.<\/p>\n<\/div><\/div><\/div><\/div><\/div><div class=\"w-tabs-section\" id=\"lbbd\"><button type=\"button\" class=\"w-tabs-section-header\" aria-controls=\"content-lbbd\" aria-expanded=\"false\"><div class=\"w-tabs-section-title\">Wat is de relatie tussen de matinees en oude muziek?<\/div><div class=\"w-tabs-section-control\"><\/div><\/button><div  class=\"w-tabs-section-content\" id=\"content-lbbd\"><div class=\"w-tabs-section-content-h i-cf\"><div class=\"wpb_text_column\"><div class=\"wpb_wrapper\"><p>De reeks cre\u00ebert een dialoog tussen flamenco en historische muziek door musici en instrumenten zoals klavecimbel en luit, naast de samenwerking met het Festival voor Oude Muziek van Sevilla.<\/p>\n<\/div><\/div><\/div><\/div><\/div><div class=\"w-tabs-section\" id=\"hc8f\"><button type=\"button\" class=\"w-tabs-section-header\" aria-controls=\"content-hc8f\" aria-expanded=\"false\"><div class=\"w-tabs-section-title\">Maken de Unieke Matinees deel uit van de Unieke Avonden?<\/div><div class=\"w-tabs-section-control\"><\/div><\/button><div  class=\"w-tabs-section-content\" id=\"content-hc8f\"><div class=\"w-tabs-section-content-h i-cf\"><div class=\"wpb_text_column\"><div class=\"wpb_wrapper\"><p>Nee. Het is een aparte aanvullende reeks. De Unieke Avonden hebben hun eigen kalender binnen het programma van de Bi\u00ebnnale.<\/p>\n<\/div><\/div><\/div><\/div><\/div><div class=\"w-tabs-section\" id=\"bd66\"><button type=\"button\" class=\"w-tabs-section-header\" aria-controls=\"content-bd66\" aria-expanded=\"false\"><div class=\"w-tabs-section-title\">Zijn er voorstellingen uitverkocht?<\/div><div class=\"w-tabs-section-control\"><\/div><\/button><div  class=\"w-tabs-section-content\" id=\"content-bd66\"><div class=\"w-tabs-section-content-h i-cf\"><div class=\"wpb_text_column\"><div class=\"wpb_wrapper\"><p>Ja. De vraag naar deze reeks is zeer groot geweest. Eind augustus bevestigde de Bi\u00ebnnale uitdrukkelijk dat beide voorstellingen van <em>Camino de flores<\/em>van Encarna Anillo waren uitverkocht. Controleer altijd de actuele beschikbaarheid van iedere datum op de offici\u00eble website.<\/p>\n<\/div><\/div><\/div><\/div><\/div><div class=\"w-tabs-section\" id=\"ce41\"><button type=\"button\" class=\"w-tabs-section-header\" aria-controls=\"content-ce41\" aria-expanded=\"false\"><div class=\"w-tabs-section-title\">Hoe laat beginnen de matinees?<\/div><div class=\"w-tabs-section-control\"><\/div><\/button><div  class=\"w-tabs-section-content\" id=\"content-ce41\"><div class=\"w-tabs-section-content-h i-cf\"><div class=\"wpb_text_column\"><div class=\"wpb_wrapper\"><p>Ze beginnen allemaal om <strong>12:00 uur<\/strong>.<\/p>\n<\/div><\/div><\/div><\/div><\/div><\/div><\/div><\/div><\/div><\/div><div class=\"vc_col-sm-1\/5 wpb_column vc_column_container\"><div class=\"vc_column-inner\"><div class=\"wpb_wrapper\"><\/div><\/div><\/div><\/div><\/div><\/section>\n","protected":false},"excerpt":{"rendered":"<p>Complete gids voor de Unieke Matinees van de Flamencobi\u00ebnnale Sevilla 2026: data, programma, artiesten, San Luis de los Franceses, tickets en praktische informatie.<\/p>\n","protected":false},"author":1,"featured_media":13683,"comment_status":"closed","ping_status":"closed","sticky":false,"template":"","format":"standard","meta":{"_acf_changed":false,"wpai_generated_summary":"","_ayudawp_aiss_exclude":false,"_ayudawp_aiss_exclude_summary":false,"_ayudawp_aiss_summary":"","_ayudawp_aiss_summary_provider":"","_ayudawp_aiss_summary_hash":"","footnotes":""},"categories":[1432],"tags":[1227,1228,1229,1230,1133,423,1734],"class_list":["post-13695","post","type-post","status-publish","format-standard","has-post-thumbnail","hentry","category-flamencobiennale","tag-agenda-flamenca","tag-bienal-2026","tag-bienal-de-flamenco","tag-festivales-flamencos","tag-flamenco-en-sevilla","tag-sevilla","tag-unieke-matinees"],"acf":[],"yoast_head":"<!-- This site is optimized with the Yoast SEO Premium plugin v28.3 (Yoast SEO v28.3) - https:\/\/yoast.com\/product\/yoast-seo-premium-wordpress\/ -->\n<title>Unieke Matinees Bi\u00ebnnale 2026: programma en San Luis<\/title>\n<meta name=\"description\" content=\"Ontdek de Unieke Matinees van de Flamencobi\u00ebnnale Sevilla 2026: data, programma, artiesten, San Luis de los Franceses, tickets en praktische informatie.\" \/>\n<meta name=\"robots\" content=\"index, follow, max-snippet:-1, max-image-preview:large, max-video-preview:-1\" \/>\n<link rel=\"canonical\" href=\"https:\/\/www.tablaosflamencos.com\/nl\/unieke-matinees-flamencobiennale-sevilla-2026.html\" \/>\n<meta property=\"og:locale\" content=\"nl_NL\" \/>\n<meta property=\"og:type\" content=\"article\" \/>\n<meta property=\"og:title\" content=\"Unieke Matinees van de Flamencobi\u00ebnnale Sevilla 2026: programma, data en San Luis de los Franceses\" \/>\n<meta property=\"og:description\" content=\"Ontdek de Unieke Matinees van de Flamencobi\u00ebnnale Sevilla 2026: data, programma, artiesten, San Luis de los Franceses, tickets en praktische informatie.\" \/>\n<meta property=\"og:url\" content=\"https:\/\/www.tablaosflamencos.com\/nl\/unieke-matinees-flamencobiennale-sevilla-2026.html\" \/>\n<meta property=\"og:site_name\" content=\"Tablaos Flamencos\" \/>\n<meta property=\"article:publisher\" content=\"https:\/\/www.facebook.com\/tablaosflamencos\" \/>\n<meta property=\"article:published_time\" content=\"2026-08-31T17:04:44+00:00\" \/>\n<meta property=\"article:modified_time\" content=\"2026-08-31T17:27:14+00:00\" \/>\n<meta property=\"og:image\" content=\"https:\/\/www.tablaosflamencos.com\/wp-content\/uploads\/matines-unicas-de-la-bienal-de-flamenco-2026-programa-fechas-y-san-luis-de-los-franceses-01.webp\" \/>\n\t<meta property=\"og:image:width\" content=\"1920\" \/>\n\t<meta property=\"og:image:height\" content=\"1072\" \/>\n\t<meta property=\"og:image:type\" content=\"image\/webp\" \/>\n<meta name=\"author\" content=\"Miguel Ortiz\" \/>\n<meta name=\"twitter:card\" content=\"summary_large_image\" \/>\n<meta name=\"twitter:creator\" content=\"@tablaosflamenco\" \/>\n<meta name=\"twitter:site\" content=\"@tablaosflamenco\" \/>\n<meta name=\"twitter:label1\" content=\"Geschreven door\" \/>\n\t<meta name=\"twitter:data1\" content=\"Miguel Ortiz\" \/>\n\t<meta name=\"twitter:label2\" content=\"Geschatte leestijd\" \/>\n\t<meta name=\"twitter:data2\" content=\"18 minuten\" \/>\n<script type=\"application\/ld+json\" class=\"yoast-schema-graph\">{\"@context\":\"https:\\\/\\\/schema.org\",\"@graph\":[{\"@type\":\"Article\",\"@id\":\"https:\\\/\\\/www.tablaosflamencos.com\\\/nl\\\/unieke-matinees-flamencobiennale-sevilla-2026.html#article\",\"isPartOf\":{\"@id\":\"https:\\\/\\\/www.tablaosflamencos.com\\\/nl\\\/unieke-matinees-flamencobiennale-sevilla-2026.html\"},\"author\":{\"name\":\"Miguel Ortiz\",\"@id\":\"https:\\\/\\\/www.tablaosflamencos.com\\\/nl#\\\/schema\\\/person\\\/e7a9ebe14eb75a52ceabfbffb3c54f5d\"},\"headline\":\"Unieke Matinees van de Flamencobi\u00ebnnale Sevilla 2026: programma, data en San Luis de los Franceses\",\"datePublished\":\"2026-08-31T17:04:44+00:00\",\"dateModified\":\"2026-08-31T17:27:14+00:00\",\"mainEntityOfPage\":{\"@id\":\"https:\\\/\\\/www.tablaosflamencos.com\\\/nl\\\/unieke-matinees-flamencobiennale-sevilla-2026.html\"},\"wordCount\":3569,\"publisher\":{\"@id\":\"https:\\\/\\\/www.tablaosflamencos.com\\\/nl#organization\"},\"image\":{\"@id\":\"https:\\\/\\\/www.tablaosflamencos.com\\\/nl\\\/unieke-matinees-flamencobiennale-sevilla-2026.html#primaryimage\"},\"thumbnailUrl\":\"https:\\\/\\\/www.tablaosflamencos.com\\\/wp-content\\\/uploads\\\/matines-unicas-de-la-bienal-de-flamenco-2026-programa-fechas-y-san-luis-de-los-franceses-01.webp\",\"keywords\":[\"agenda flamenca\",\"Bienal 2026\",\"Bienal de Flamenco\",\"festivales flamencos\",\"flamenco en Sevilla\",\"sevilla\",\"Unieke Matinees\"],\"articleSection\":[\"Flamencobi\u00ebnnale\"],\"inLanguage\":\"nl-NL\"},{\"@type\":\"WebPage\",\"@id\":\"https:\\\/\\\/www.tablaosflamencos.com\\\/nl\\\/unieke-matinees-flamencobiennale-sevilla-2026.html\",\"url\":\"https:\\\/\\\/www.tablaosflamencos.com\\\/nl\\\/unieke-matinees-flamencobiennale-sevilla-2026.html\",\"name\":\"Unieke Matinees Bi\u00ebnnale 2026: programma en San Luis\",\"isPartOf\":{\"@id\":\"https:\\\/\\\/www.tablaosflamencos.com\\\/nl#website\"},\"primaryImageOfPage\":{\"@id\":\"https:\\\/\\\/www.tablaosflamencos.com\\\/nl\\\/unieke-matinees-flamencobiennale-sevilla-2026.html#primaryimage\"},\"image\":{\"@id\":\"https:\\\/\\\/www.tablaosflamencos.com\\\/nl\\\/unieke-matinees-flamencobiennale-sevilla-2026.html#primaryimage\"},\"thumbnailUrl\":\"https:\\\/\\\/www.tablaosflamencos.com\\\/wp-content\\\/uploads\\\/matines-unicas-de-la-bienal-de-flamenco-2026-programa-fechas-y-san-luis-de-los-franceses-01.webp\",\"datePublished\":\"2026-08-31T17:04:44+00:00\",\"dateModified\":\"2026-08-31T17:27:14+00:00\",\"description\":\"Ontdek de Unieke Matinees van de Flamencobi\u00ebnnale Sevilla 2026: data, programma, artiesten, San Luis de los Franceses, tickets en praktische informatie.\",\"breadcrumb\":{\"@id\":\"https:\\\/\\\/www.tablaosflamencos.com\\\/nl\\\/unieke-matinees-flamencobiennale-sevilla-2026.html#breadcrumb\"},\"inLanguage\":\"nl-NL\",\"potentialAction\":[{\"@type\":\"ReadAction\",\"target\":[\"https:\\\/\\\/www.tablaosflamencos.com\\\/nl\\\/unieke-matinees-flamencobiennale-sevilla-2026.html\"]}]},{\"@type\":\"ImageObject\",\"inLanguage\":\"nl-NL\",\"@id\":\"https:\\\/\\\/www.tablaosflamencos.com\\\/nl\\\/unieke-matinees-flamencobiennale-sevilla-2026.html#primaryimage\",\"url\":\"https:\\\/\\\/www.tablaosflamencos.com\\\/wp-content\\\/uploads\\\/matines-unicas-de-la-bienal-de-flamenco-2026-programa-fechas-y-san-luis-de-los-franceses-01.webp\",\"contentUrl\":\"https:\\\/\\\/www.tablaosflamencos.com\\\/wp-content\\\/uploads\\\/matines-unicas-de-la-bienal-de-flamenco-2026-programa-fechas-y-san-luis-de-los-franceses-01.webp\",\"width\":1920,\"height\":1072,\"caption\":\"Matin\u00e9s \u00danicas de la Bienal de Flamenco 2026: programa, fechas y San Luis de los Franceses\"},{\"@type\":\"BreadcrumbList\",\"@id\":\"https:\\\/\\\/www.tablaosflamencos.com\\\/nl\\\/unieke-matinees-flamencobiennale-sevilla-2026.html#breadcrumb\",\"itemListElement\":[{\"@type\":\"ListItem\",\"position\":1,\"name\":\"Home\",\"item\":\"https:\\\/\\\/www.tablaosflamencos.com\\\/nl\"},{\"@type\":\"ListItem\",\"position\":2,\"name\":\"Unieke Matinees van de Flamencobi\u00ebnnale Sevilla 2026: programma, data en San Luis de los Franceses\"}]},{\"@type\":\"WebSite\",\"@id\":\"https:\\\/\\\/www.tablaosflamencos.com\\\/nl#website\",\"url\":\"https:\\\/\\\/www.tablaosflamencos.com\\\/nl\",\"name\":\"Tablaos Flamencos\",\"description\":\"Entradas para tablaos flamencos de Espa\u00f1a\",\"publisher\":{\"@id\":\"https:\\\/\\\/www.tablaosflamencos.com\\\/nl#organization\"},\"alternateName\":\"Tablaos Flamencos\",\"potentialAction\":[{\"@type\":\"SearchAction\",\"target\":{\"@type\":\"EntryPoint\",\"urlTemplate\":\"https:\\\/\\\/www.tablaosflamencos.com\\\/nl?s={search_term_string}\"},\"query-input\":{\"@type\":\"PropertyValueSpecification\",\"valueRequired\":true,\"valueName\":\"search_term_string\"}}],\"inLanguage\":\"nl-NL\"},{\"@type\":[\"Organization\",\"Place\",\"EntertainmentBusiness\"],\"@id\":\"https:\\\/\\\/www.tablaosflamencos.com\\\/nl#organization\",\"name\":\"Tablaos Flamencos\",\"alternateName\":\"Tablaos Flamencos\",\"url\":\"https:\\\/\\\/www.tablaosflamencos.com\\\/nl\",\"logo\":{\"@id\":\"https:\\\/\\\/www.tablaosflamencos.com\\\/nl\\\/unieke-matinees-flamencobiennale-sevilla-2026.html#local-main-organization-logo\"},\"image\":{\"@id\":\"https:\\\/\\\/www.tablaosflamencos.com\\\/nl\\\/unieke-matinees-flamencobiennale-sevilla-2026.html#local-main-organization-logo\"},\"sameAs\":[\"https:\\\/\\\/www.facebook.com\\\/tablaosflamencos\",\"https:\\\/\\\/x.com\\\/tablaosflamenco\",\"https:\\\/\\\/mastodon.social\\\/@tablaosflamencos\",\"https:\\\/\\\/www.instagram.com\\\/tablaosflamencos\",\"https:\\\/\\\/tiktok.com\\\/@tablaosflamencos\",\"https:\\\/\\\/www.linkedin.com\\\/company\\\/109408238\\\/\"],\"description\":\"Venta de entradas para espect\u00e1culos flamencos\",\"legalName\":\"Tablaos Flamencos\",\"foundingDate\":\"2015-01-01\",\"numberOfEmployees\":{\"@type\":\"QuantitativeValue\",\"minValue\":\"1\",\"maxValue\":\"10\"},\"address\":{\"@id\":\"https:\\\/\\\/www.tablaosflamencos.com\\\/nl\\\/unieke-matinees-flamencobiennale-sevilla-2026.html#local-main-place-address\"},\"geo\":{\"@type\":\"GeoCoordinates\",\"latitude\":\"37.3868072\",\"longitude\":\"-5.993280299999999\"},\"telephone\":[\"+34623787787\"],\"contactPoint\":{\"@type\":\"ContactPoint\",\"telephone\":\"+34623787787\",\"email\":\"info@tablaosflamencos.com\"},\"openingHoursSpecification\":{\"@type\":\"OpeningHoursSpecification\",\"dayOfWeek\":[\"Monday\",\"Tuesday\",\"Wednesday\",\"Thursday\",\"Friday\",\"Saturday\",\"Sunday\"],\"opens\":\"00:00\",\"closes\":\"23:59\"},\"email\":\"info@tablaosflamencos.com\",\"priceRange\":\"$$$\",\"currenciesAccepted\":\"\u20ac\"},{\"@type\":\"Person\",\"@id\":\"https:\\\/\\\/www.tablaosflamencos.com\\\/nl#\\\/schema\\\/person\\\/e7a9ebe14eb75a52ceabfbffb3c54f5d\",\"name\":\"Miguel Ortiz\",\"description\":\"Miguel Ortiz es un empresario flamenco, con una s\u00f3lida trayectoria dentro del sector. Ha presidido entidades culturales vinculadas al flamenco y, cuenta con un amplio recorrido profesional en la gesti\u00f3n y promoci\u00f3n de espect\u00e1culos y tablaos flamencos. Su pasi\u00f3n por la historia y el arte flamenco se refleja en cada art\u00edculo, donde combina experiencia, criterio y un profundo respeto por la tradici\u00f3n.\",\"sameAs\":[\"https:\\\/\\\/www.tablaosflamencos.com\",\"https:\\\/\\\/www.instagra.com\\\/miguelortizfe\",\"https:\\\/\\\/www.linkedin.com\\\/in\\\/miguelortizf\\\/\"],\"birthDate\":\"1984-11-22\",\"gender\":\"hombre\",\"knowsLanguage\":[\"espa\u00f1ol\",\"ingl\u00e9s\"],\"jobTitle\":\"Empresario flamenco\"},{\"@type\":\"PostalAddress\",\"@id\":\"https:\\\/\\\/www.tablaosflamencos.com\\\/nl\\\/unieke-matinees-flamencobiennale-sevilla-2026.html#local-main-place-address\",\"streetAddress\":\"C\\\/ Alemanes, 19\",\"addressLocality\":\"Sevilla\",\"postalCode\":\"41004\",\"addressRegion\":\"Sevilla\",\"addressCountry\":\"ES\"},{\"@type\":\"ImageObject\",\"inLanguage\":\"nl-NL\",\"@id\":\"https:\\\/\\\/www.tablaosflamencos.com\\\/nl\\\/unieke-matinees-flamencobiennale-sevilla-2026.html#local-main-organization-logo\",\"url\":\"https:\\\/\\\/www.tablaosflamencos.com\\\/wp-content\\\/uploads\\\/tablaos-flamencos-06-3.webp\",\"contentUrl\":\"https:\\\/\\\/www.tablaosflamencos.com\\\/wp-content\\\/uploads\\\/tablaos-flamencos-06-3.webp\",\"width\":600,\"height\":620,\"caption\":\"Tablaos Flamencos\"}]}<\/script>\n<meta name=\"geo.placename\" content=\"Sevilla\" \/>\n<meta name=\"geo.position\" content=\"37.3868072;-5.993280299999999\" \/>\n<meta name=\"geo.region\" content=\"Spanje\" \/>\n<!-- \/ Yoast SEO Premium plugin. -->","yoast_head_json":{"title":"Unieke Matinees Bi\u00ebnnale 2026: programma en San Luis","description":"Ontdek de Unieke Matinees van de Flamencobi\u00ebnnale Sevilla 2026: data, programma, artiesten, San Luis de los Franceses, tickets en praktische informatie.","robots":{"index":"index","follow":"follow","max-snippet":"max-snippet:-1","max-image-preview":"max-image-preview:large","max-video-preview":"max-video-preview:-1"},"canonical":"https:\/\/www.tablaosflamencos.com\/nl\/unieke-matinees-flamencobiennale-sevilla-2026.html","og_locale":"nl_NL","og_type":"article","og_title":"Unieke Matinees van de Flamencobi\u00ebnnale Sevilla 2026: programma, data en San Luis de los Franceses","og_description":"Ontdek de Unieke Matinees van de Flamencobi\u00ebnnale Sevilla 2026: data, programma, artiesten, San Luis de los Franceses, tickets en praktische informatie.","og_url":"https:\/\/www.tablaosflamencos.com\/nl\/unieke-matinees-flamencobiennale-sevilla-2026.html","og_site_name":"Tablaos Flamencos","article_publisher":"https:\/\/www.facebook.com\/tablaosflamencos","article_published_time":"2026-08-31T17:04:44+00:00","article_modified_time":"2026-08-31T17:27:14+00:00","og_image":[{"width":1920,"height":1072,"url":"https:\/\/www.tablaosflamencos.com\/wp-content\/uploads\/matines-unicas-de-la-bienal-de-flamenco-2026-programa-fechas-y-san-luis-de-los-franceses-01.webp","type":"image\/webp"}],"author":"Miguel Ortiz","twitter_card":"summary_large_image","twitter_creator":"@tablaosflamenco","twitter_site":"@tablaosflamenco","twitter_misc":{"Geschreven door":"Miguel Ortiz","Geschatte leestijd":"18 minuten"},"schema":{"@context":"https:\/\/schema.org","@graph":[{"@type":"Article","@id":"https:\/\/www.tablaosflamencos.com\/nl\/unieke-matinees-flamencobiennale-sevilla-2026.html#article","isPartOf":{"@id":"https:\/\/www.tablaosflamencos.com\/nl\/unieke-matinees-flamencobiennale-sevilla-2026.html"},"author":{"name":"Miguel Ortiz","@id":"https:\/\/www.tablaosflamencos.com\/nl#\/schema\/person\/e7a9ebe14eb75a52ceabfbffb3c54f5d"},"headline":"Unieke Matinees van de Flamencobi\u00ebnnale Sevilla 2026: programma, data en San Luis de los Franceses","datePublished":"2026-08-31T17:04:44+00:00","dateModified":"2026-08-31T17:27:14+00:00","mainEntityOfPage":{"@id":"https:\/\/www.tablaosflamencos.com\/nl\/unieke-matinees-flamencobiennale-sevilla-2026.html"},"wordCount":3569,"publisher":{"@id":"https:\/\/www.tablaosflamencos.com\/nl#organization"},"image":{"@id":"https:\/\/www.tablaosflamencos.com\/nl\/unieke-matinees-flamencobiennale-sevilla-2026.html#primaryimage"},"thumbnailUrl":"https:\/\/www.tablaosflamencos.com\/wp-content\/uploads\/matines-unicas-de-la-bienal-de-flamenco-2026-programa-fechas-y-san-luis-de-los-franceses-01.webp","keywords":["agenda flamenca","Bienal 2026","Bienal de Flamenco","festivales flamencos","flamenco en Sevilla","sevilla","Unieke Matinees"],"articleSection":["Flamencobi\u00ebnnale"],"inLanguage":"nl-NL"},{"@type":"WebPage","@id":"https:\/\/www.tablaosflamencos.com\/nl\/unieke-matinees-flamencobiennale-sevilla-2026.html","url":"https:\/\/www.tablaosflamencos.com\/nl\/unieke-matinees-flamencobiennale-sevilla-2026.html","name":"Unieke Matinees Bi\u00ebnnale 2026: programma en San Luis","isPartOf":{"@id":"https:\/\/www.tablaosflamencos.com\/nl#website"},"primaryImageOfPage":{"@id":"https:\/\/www.tablaosflamencos.com\/nl\/unieke-matinees-flamencobiennale-sevilla-2026.html#primaryimage"},"image":{"@id":"https:\/\/www.tablaosflamencos.com\/nl\/unieke-matinees-flamencobiennale-sevilla-2026.html#primaryimage"},"thumbnailUrl":"https:\/\/www.tablaosflamencos.com\/wp-content\/uploads\/matines-unicas-de-la-bienal-de-flamenco-2026-programa-fechas-y-san-luis-de-los-franceses-01.webp","datePublished":"2026-08-31T17:04:44+00:00","dateModified":"2026-08-31T17:27:14+00:00","description":"Ontdek de Unieke Matinees van de Flamencobi\u00ebnnale Sevilla 2026: data, programma, artiesten, San Luis de los Franceses, tickets en praktische informatie.","breadcrumb":{"@id":"https:\/\/www.tablaosflamencos.com\/nl\/unieke-matinees-flamencobiennale-sevilla-2026.html#breadcrumb"},"inLanguage":"nl-NL","potentialAction":[{"@type":"ReadAction","target":["https:\/\/www.tablaosflamencos.com\/nl\/unieke-matinees-flamencobiennale-sevilla-2026.html"]}]},{"@type":"ImageObject","inLanguage":"nl-NL","@id":"https:\/\/www.tablaosflamencos.com\/nl\/unieke-matinees-flamencobiennale-sevilla-2026.html#primaryimage","url":"https:\/\/www.tablaosflamencos.com\/wp-content\/uploads\/matines-unicas-de-la-bienal-de-flamenco-2026-programa-fechas-y-san-luis-de-los-franceses-01.webp","contentUrl":"https:\/\/www.tablaosflamencos.com\/wp-content\/uploads\/matines-unicas-de-la-bienal-de-flamenco-2026-programa-fechas-y-san-luis-de-los-franceses-01.webp","width":1920,"height":1072,"caption":"Matin\u00e9s \u00danicas de la Bienal de Flamenco 2026: programa, fechas y San Luis de los Franceses"},{"@type":"BreadcrumbList","@id":"https:\/\/www.tablaosflamencos.com\/nl\/unieke-matinees-flamencobiennale-sevilla-2026.html#breadcrumb","itemListElement":[{"@type":"ListItem","position":1,"name":"Home","item":"https:\/\/www.tablaosflamencos.com\/nl"},{"@type":"ListItem","position":2,"name":"Unieke Matinees van de Flamencobi\u00ebnnale Sevilla 2026: programma, data en San Luis de los Franceses"}]},{"@type":"WebSite","@id":"https:\/\/www.tablaosflamencos.com\/nl#website","url":"https:\/\/www.tablaosflamencos.com\/nl","name":"Tablaos Flamencos","description":"Entradas para tablaos flamencos de Espa\u00f1a","publisher":{"@id":"https:\/\/www.tablaosflamencos.com\/nl#organization"},"alternateName":"Tablaos Flamencos","potentialAction":[{"@type":"SearchAction","target":{"@type":"EntryPoint","urlTemplate":"https:\/\/www.tablaosflamencos.com\/nl?s={search_term_string}"},"query-input":{"@type":"PropertyValueSpecification","valueRequired":true,"valueName":"search_term_string"}}],"inLanguage":"nl-NL"},{"@type":["Organization","Place","EntertainmentBusiness"],"@id":"https:\/\/www.tablaosflamencos.com\/nl#organization","name":"Tablaos Flamencos","alternateName":"Tablaos Flamencos","url":"https:\/\/www.tablaosflamencos.com\/nl","logo":{"@id":"https:\/\/www.tablaosflamencos.com\/nl\/unieke-matinees-flamencobiennale-sevilla-2026.html#local-main-organization-logo"},"image":{"@id":"https:\/\/www.tablaosflamencos.com\/nl\/unieke-matinees-flamencobiennale-sevilla-2026.html#local-main-organization-logo"},"sameAs":["https:\/\/www.facebook.com\/tablaosflamencos","https:\/\/x.com\/tablaosflamenco","https:\/\/mastodon.social\/@tablaosflamencos","https:\/\/www.instagram.com\/tablaosflamencos","https:\/\/tiktok.com\/@tablaosflamencos","https:\/\/www.linkedin.com\/company\/109408238\/"],"description":"Venta de entradas para espect\u00e1culos flamencos","legalName":"Tablaos Flamencos","foundingDate":"2015-01-01","numberOfEmployees":{"@type":"QuantitativeValue","minValue":"1","maxValue":"10"},"address":{"@id":"https:\/\/www.tablaosflamencos.com\/nl\/unieke-matinees-flamencobiennale-sevilla-2026.html#local-main-place-address"},"geo":{"@type":"GeoCoordinates","latitude":"37.3868072","longitude":"-5.993280299999999"},"telephone":["+34623787787"],"contactPoint":{"@type":"ContactPoint","telephone":"+34623787787","email":"info@tablaosflamencos.com"},"openingHoursSpecification":{"@type":"OpeningHoursSpecification","dayOfWeek":["Monday","Tuesday","Wednesday","Thursday","Friday","Saturday","Sunday"],"opens":"00:00","closes":"23:59"},"email":"info@tablaosflamencos.com","priceRange":"$$$","currenciesAccepted":"\u20ac"},{"@type":"Person","@id":"https:\/\/www.tablaosflamencos.com\/nl#\/schema\/person\/e7a9ebe14eb75a52ceabfbffb3c54f5d","name":"Miguel Ortiz","description":"Miguel Ortiz es un empresario flamenco, con una s\u00f3lida trayectoria dentro del sector. Ha presidido entidades culturales vinculadas al flamenco y, cuenta con un amplio recorrido profesional en la gesti\u00f3n y promoci\u00f3n de espect\u00e1culos y tablaos flamencos. Su pasi\u00f3n por la historia y el arte flamenco se refleja en cada art\u00edculo, donde combina experiencia, criterio y un profundo respeto por la tradici\u00f3n.","sameAs":["https:\/\/www.tablaosflamencos.com","https:\/\/www.instagra.com\/miguelortizfe","https:\/\/www.linkedin.com\/in\/miguelortizf\/"],"birthDate":"1984-11-22","gender":"hombre","knowsLanguage":["espa\u00f1ol","ingl\u00e9s"],"jobTitle":"Empresario flamenco"},{"@type":"PostalAddress","@id":"https:\/\/www.tablaosflamencos.com\/nl\/unieke-matinees-flamencobiennale-sevilla-2026.html#local-main-place-address","streetAddress":"C\/ Alemanes, 19","addressLocality":"Sevilla","postalCode":"41004","addressRegion":"Sevilla","addressCountry":"ES"},{"@type":"ImageObject","inLanguage":"nl-NL","@id":"https:\/\/www.tablaosflamencos.com\/nl\/unieke-matinees-flamencobiennale-sevilla-2026.html#local-main-organization-logo","url":"https:\/\/www.tablaosflamencos.com\/wp-content\/uploads\/tablaos-flamencos-06-3.webp","contentUrl":"https:\/\/www.tablaosflamencos.com\/wp-content\/uploads\/tablaos-flamencos-06-3.webp","width":600,"height":620,"caption":"Tablaos Flamencos"}]},"geo.placename":"Sevilla","geo.position":{"lat":"37.3868072","long":"-5.993280299999999"},"geo.region":"Spanje"},"_links":{"self":[{"href":"https:\/\/www.tablaosflamencos.com\/nl\/wp-json\/wp\/v2\/posts\/13695","targetHints":{"allow":["GET"]}}],"collection":[{"href":"https:\/\/www.tablaosflamencos.com\/nl\/wp-json\/wp\/v2\/posts"}],"about":[{"href":"https:\/\/www.tablaosflamencos.com\/nl\/wp-json\/wp\/v2\/types\/post"}],"author":[{"embeddable":true,"href":"https:\/\/www.tablaosflamencos.com\/nl\/wp-json\/wp\/v2\/users\/1"}],"replies":[{"embeddable":true,"href":"https:\/\/www.tablaosflamencos.com\/nl\/wp-json\/wp\/v2\/comments?post=13695"}],"version-history":[{"count":1,"href":"https:\/\/www.tablaosflamencos.com\/nl\/wp-json\/wp\/v2\/posts\/13695\/revisions"}],"predecessor-version":[{"id":13702,"href":"https:\/\/www.tablaosflamencos.com\/nl\/wp-json\/wp\/v2\/posts\/13695\/revisions\/13702"}],"wp:featuredmedia":[{"embeddable":true,"href":"https:\/\/www.tablaosflamencos.com\/nl\/wp-json\/wp\/v2\/media\/13683"}],"wp:attachment":[{"href":"https:\/\/www.tablaosflamencos.com\/nl\/wp-json\/wp\/v2\/media?parent=13695"}],"wp:term":[{"taxonomy":"category","embeddable":true,"href":"https:\/\/www.tablaosflamencos.com\/nl\/wp-json\/wp\/v2\/categories?post=13695"},{"taxonomy":"post_tag","embeddable":true,"href":"https:\/\/www.tablaosflamencos.com\/nl\/wp-json\/wp\/v2\/tags?post=13695"}],"curies":[{"name":"wp","href":"https:\/\/api.w.org\/{rel}","templated":true}]}}