{"id":13672,"date":"2026-08-31T18:07:57","date_gmt":"2026-08-31T16:07:57","guid":{"rendered":"https:\/\/www.tablaosflamencos.com\/?p=13672"},"modified":"2026-08-31T18:27:04","modified_gmt":"2026-08-31T16:27:04","slug":"festival-cante-jondo-antonio-mairena-2026","status":"publish","type":"post","link":"https:\/\/www.tablaosflamencos.com\/nl\/festival-cante-jondo-antonio-mairena-2026.html","title":{"rendered":"Festival de Cante Jondo Antonio Mairena 2026: programma, artiesten, data en tickets"},"content":{"rendered":"<section class=\"l-section wpb_row height_huge\"><div class=\"l-section-h i-cf\"><div class=\"g-cols vc_row via_flex valign_top type_default stacking_default\"><div class=\"vc_col-sm-6 wpb_column vc_column_container\"><div class=\"vc_column-inner\"><div class=\"wpb_wrapper\"><div class=\"wpb_text_column\"><div class=\"wpb_wrapper\"><h2>Festival de Cante Jondo Antonio Mairena 2026: vijf dagen flamenco in een van zijn grote tempels<\/h2>\n<p>Mairena del Alcor wordt opnieuw een van de centra van de Andalusische flamenco met de viering van het <strong>65e Festival de Cante Jondo Antonio Mairena<\/strong>, dat plaatsvindt <strong>van 1 tot en met 5 september 2026<\/strong>. Deze editie brengt cante, gitaar, dans, lezingen, een masterclass, het historische Nationale Cante Jondo Concours en een groot slotgala samen, met namen als <strong>Jos\u00e9 Merc\u00e9, La Macanita en Farruquito<\/strong>.<\/p>\n<p>Het festival van 2026 is <strong>opgedragen aan Diego Clavel<\/strong> en behoudt de missie die dit evenement vanaf het begin heeft gekenmerkt: de cante centraal stellen, het flamenco-erfgoed doorgeven en verschillende generaties artiesten samenbrengen in Mairena del Alcor, een plaats die nauw verbonden is met Antonio Mairena.<\/p>\n<p>Het programma is verdeeld over de <strong>Casa Palacio de los Duques de Arcos<\/strong>, het <strong>Teatro Municipal Calixto S\u00e1nchez<\/strong> en het <strong>Auditorio Municipal Manuel Mairena<\/strong>. Daarnaast vindt op 28 augustus als voorprogramma de <strong>Flamenkedada<\/strong>plaats, een flamenco-fusionprogramma dat vooral op een jonger publiek is gericht.<\/p>\n<\/div><\/div><\/div><\/div><\/div><div class=\"vc_col-sm-6 wpb_column vc_column_container\"><div class=\"vc_column-inner\"><div class=\"wpb_wrapper\"><div class=\"wpb_text_column\"><div class=\"wpb_wrapper\"><h3>Festival Antonio Mairena 2026: belangrijkste informatie<\/h3>\n<ul>\n<li><strong>Editie:<\/strong> 65e Festival de Cante Jondo Antonio Mairena.<\/li>\n<li><strong>Data:<\/strong> 1 tot en met 5 september 2026.<\/li>\n<li><strong>Plaats:<\/strong> Mairena del Alcor, Sevilla.<\/li>\n<li><strong>Opgedragen aan:<\/strong> Diego Clavel.<\/li>\n<li><strong>Slotgala:<\/strong> 5 september, 22:00 uur.<\/li>\n<li><strong>Artiesten tijdens het gala:<\/strong> Jos\u00e9 Merc\u00e9, La Macanita, Juan de Mairena, Roc\u00edo Luna en Farruquito, onder anderen.<\/li>\n<li><strong>Tickets:<\/strong> vanaf \u20ac 10 voor betaalde voorstellingen, afhankelijk van het type ticket.<\/li>\n<li><strong>Verkoop:<\/strong> offici\u00eble website, Giglon en de door de gemeente aangegeven verkooppunten.<\/li>\n<\/ul>\n<p><small>Het programma en de verkoopvoorwaarden kunnen wijzigen. Controleer daarom voor vertrek de offici\u00eble informatie.<\/small><\/p>\n<\/div><\/div><div class=\"w-separator size_medium\"><\/div><div class=\"w-hwrapper valign_top wrap stack_on_mobiles align_center\" style=\"--hwrapper-gap:1.2rem\"><div class=\"w-btn-wrapper align_none\"><a class=\"w-btn us-btn-style_1\" href=\"https:\/\/festivalmairena.com\/\"><span class=\"w-btn-label\">Offici\u00eble festivalwebsite<\/span><\/a><\/div><\/div><\/div><\/div><\/div><\/div><\/div><\/section><section class=\"l-section wpb_row height_huge color_alternate with_shape\"><div class=\"l-section-shape type_zigzag pos_top hor_flip\" style=\"height:3vmin;\"><svg xmlns=\"http:\/\/www.w3.org\/2000\/svg\" viewBox=\"0 0 64 8\" preserveAspectRatio=\"none\" width=\"100%\" height=\"100%\">\r\n\t<path fill=\"currentColor\" d=\"M64 8 L0 8 L0 0 L20 7.9 L40 3 L48 5 L64 0 Z\"\/>\r\n<\/svg><\/div><div class=\"l-section-shape type_zigzag pos_bottom\" style=\"height:3vmin;\"><svg xmlns=\"http:\/\/www.w3.org\/2000\/svg\" viewBox=\"0 0 64 8\" preserveAspectRatio=\"none\" width=\"100%\" height=\"100%\">\r\n\t<path fill=\"currentColor\" d=\"M64 8 L0 8 L0 0 L20 7.9 L40 3 L48 5 L64 0 Z\"\/>\r\n<\/svg><\/div><div class=\"l-section-h i-cf\"><div class=\"g-cols vc_row via_flex valign_top type_default stacking_default\"><div class=\"vc_col-sm-12 wpb_column vc_column_container\"><div class=\"vc_column-inner\"><div class=\"wpb_wrapper\"><div class=\"wpb_text_column\"><div class=\"wpb_wrapper\"><h2>Volledig programma van het Festival de Cante Jondo Antonio Mairena 2026<\/h2>\n<p>De editie van 2026 combineert recitals, verdieping, opleiding, dans en competitie. Het hoofdprogramma loopt van dinsdag 1 tot en met zaterdag 5 september, terwijl de Flamenkedada op 28 augustus als proloog dient.<\/p>\n<h3>Dinsdag 1 september: opening, Diego Clavel en Rubito de Par\u00e1<\/h3>\n<p>De <strong>Casa Palacio de los Duques de Arcos<\/strong> staat centraal op de eerste dag. Om <strong>21:00 uur<\/strong> staat de offici\u00eble opening gepland. Vervolgens geeft Pedro L\u00f3phe om <strong>21:15 uur<\/strong>de lezing <em>Diego Clavel: ethiek en esthetiek<\/em>, die aansluit bij de opdracht van deze editie.<\/p>\n<p>De avond eindigt om <strong>22:30 uur<\/strong> met een flamencorecital van <strong>Rubito de Par\u00e1<\/strong>, op gitaar begeleid door <strong>Antonio Carri\u00f3n<\/strong>. De aangekondigde activiteiten van deze eerste avond zijn gratis toegankelijk zolang er plaats is.<\/p>\n<h3>Woensdag 2 september: Ballet Flamenco de Andaluc\u00eda<\/h3>\n<p>Het <strong>Teatro Municipal Calixto S\u00e1nchez<\/strong> presenteert om <strong>21:30 uur<\/strong> de voorstelling <em>Flamenco Patrimonio<\/em>van het <strong>Ballet Flamenco de Andaluc\u00eda<\/strong>. Dit is een van de belangrijkste podiumvoorstellingen van de week en hiervoor is een betaald ticket nodig.<\/p>\n<h3>Donderdag 3 september: opleiding, herinnering en gitaar<\/h3>\n<p>De dag begint om <strong>11:00 uur<\/strong> in het Teatro Municipal Calixto S\u00e1nchez met een <strong>masterclass flamencodans van Alejandro Rodr\u00edguez<\/strong>. De organisatie kondigde gratis inschrijving en een beperkt aantal plaatsen aan.<\/p>\n<p>\u2019s Avonds keert het programma terug naar de Casa Palacio de los Duques de Arcos. Om <strong>21:00 uur<\/strong> vindt de bijeenkomst <em>Romerito de Jerez, bijna een eeuw flamencogetuigenis<\/em>plaats, met <strong>Romerito de Jerez en Juan Garrido<\/strong>. Om <strong>22:30 uur<\/strong>, <strong>Diego del Morao<\/strong> geeft een flamencogitaarrecital.<\/p>\n<\/div><\/div><\/div><\/div><\/div><\/div><\/div><\/section><section class=\"l-section wpb_row height_huge\"><div class=\"l-section-h i-cf\"><div class=\"g-cols vc_row via_flex valign_top type_default stacking_default\"><div class=\"vc_col-sm-6 wpb_column vc_column_container\"><div class=\"vc_column-inner\"><div class=\"wpb_wrapper\"><div class=\"wpb_text_column\"><div class=\"wpb_wrapper\"><h2>4 september: het Nationale Concours wordt een festival<\/h2>\n<p>Vrijdag 4 september staat een van de meest karaktervolle avonden van deze editie op het programma: het <strong>64e Nationale Cante Jondo Concours Antonio Mairena<\/strong>, gepland om <strong>22:00 uur<\/strong> in het Auditorio Municipal Manuel Mairena.<\/p>\n<p>Deze editie is <strong>opgedragen aan Aurora Vargas<\/strong> en wordt gepresenteerd onder het motto <em>Het concours als festival<\/em>. Op het aangekondigde programma staan <strong>Remedios Reyes<\/strong>, met Julio Romero op gitaar; <strong>Ana La Yiya<\/strong>, met Antonio Garc\u00eda; <strong>Caracolillo de C\u00e1diz<\/strong>, met Nono Reyes; <strong>Manuel C\u00e1stulo<\/strong>, met Manolo Herrera; en <strong>Rubio de Pruna<\/strong>, begeleid door Marcos de Silva.<\/p>\n<p>De avond omvat daarnaast dans van <strong>Mar\u00eda T\u00e1vora en haar ensemble<\/strong>, palmas van Cepa N\u00fa\u00f1ez en Manuel Vinaza en de presentatie door <strong>Juan Garrido<\/strong>.<\/p>\n<p>Het Nationale Concours is een fundamenteel onderdeel van de flamenco-identiteit van Mairena del Alcor en vult het festivalprogramma aan met een avond die specifiek rond de cante draait.<\/p>\n<\/div><\/div><\/div><\/div><\/div><div class=\"vc_col-sm-6 wpb_column vc_column_container\"><div class=\"vc_column-inner\"><div class=\"wpb_wrapper\"><div class=\"wpb_text_column\"><div class=\"wpb_wrapper\"><h2>5 september: groot Gala met Jos\u00e9 Merc\u00e9, La Macanita en Farruquito<\/h2>\n<p>Op zaterdag 5 september om <strong>22:00 uur<\/strong>vindt in het <strong>Auditorio Municipal Manuel Mairena<\/strong> het grote Gala van het 65e Festival plaats. Het is de centrale avond met de meest uitgebreide line-up van deze editie.<\/p>\n<p><strong>Voor de zang<\/strong> treden op <strong>Jos\u00e9 Merc\u00e9, La Macanita, Juan de Mairena en Roc\u00edo Luna<\/strong>. De gitaristen zijn <strong>Antonio Higuero, Manuel Valencia en Francisco G\u00f3mez<\/strong>.<\/p>\n<p>De hoofdrol in de dans is voor <strong>Juan Manuel Fern\u00e1ndez Montoya \u201cFarruquito\u201d<\/strong>, begeleid door de zangers Ismael de la Rosa \u201cEl Bola\u201d, Manuel de la Nina en Mari Viz\u00e1rraga; Manuel Valencia op gitaar en Paco Vega op percussie.<\/p>\n<p>Het gala wordt gepresenteerd door <strong>Manuel Mart\u00edn Mart\u00edn<\/strong>. Door het belang van de artiesten en het afsluitende karakter van deze avond is het vooral voor deze datum verstandig om de beschikbaarheid van tickets vooraf te controleren.<\/p>\n<\/div><\/div><\/div><\/div><\/div><\/div><\/div><\/section><section class=\"l-section wpb_row height_huge color_alternate with_shape\"><div class=\"l-section-shape type_zigzag pos_top hor_flip\" style=\"height:3vmin;\"><svg xmlns=\"http:\/\/www.w3.org\/2000\/svg\" viewBox=\"0 0 64 8\" preserveAspectRatio=\"none\" width=\"100%\" height=\"100%\">\r\n\t<path fill=\"currentColor\" d=\"M64 8 L0 8 L0 0 L20 7.9 L40 3 L48 5 L64 0 Z\"\/>\r\n<\/svg><\/div><div class=\"l-section-shape type_zigzag pos_bottom\" style=\"height:3vmin;\"><svg xmlns=\"http:\/\/www.w3.org\/2000\/svg\" viewBox=\"0 0 64 8\" preserveAspectRatio=\"none\" width=\"100%\" height=\"100%\">\r\n\t<path fill=\"currentColor\" d=\"M64 8 L0 8 L0 0 L20 7.9 L40 3 L48 5 L64 0 Z\"\/>\r\n<\/svg><\/div><div class=\"l-section-h i-cf\"><div class=\"g-cols vc_row via_flex valign_top type_default stacking_default\"><div class=\"vc_col-sm-12 wpb_column vc_column_container\"><div class=\"vc_column-inner\"><div class=\"wpb_wrapper\"><div class=\"wpb_text_column\"><div class=\"wpb_wrapper\"><h2>Tickets en prijzen voor het Festival Antonio Mairena 2026<\/h2>\n<p>Volgens de door offici\u00eble instanties gepubliceerde informatie beginnen de prijzen bij <strong>10 euro<\/strong>. Voor het Festivalgala zijn zowel ongenummerde als genummerde tickets aangekondigd, terwijl sommige activiteiten tijdens de eerste dagen gratis toegankelijk zijn zolang er plaats is.<\/p>\n<p>De gepubliceerde prijzen voor de editie van 2026 omvatten onder meer:<\/p>\n<ul>\n<li><strong>Flamenkedada:<\/strong> \u20ac 10.<\/li>\n<li><strong>Flamenco Patrimonio:<\/strong> \u20ac 10.<\/li>\n<li><strong>Festivalgala:<\/strong> \u20ac 15 voor ongenummerde plaatsen en \u20ac 20 voor genummerde plaatsen, volgens de gepubliceerde informatie.<\/li>\n<li><strong>Combitickets:<\/strong> er zijn opties die meerdere betaalde activiteiten combineren.<\/li>\n<\/ul>\n<p>De organisatie verkoopt tickets via de <strong>offici\u00eble festivalwebsite<\/strong>, het platform <strong>Giglon<\/strong> en de fysieke verkooppunten die door de gemeente Mairena del Alcor zijn aangekondigd. Op het moment dat wij het programma controleerden, stond de voorstelling <em>Flamenco Patrimonio<\/em> op de offici\u00eble website vermeld als uitsluitend verkrijgbaar aan de kassa.<\/p>\n<p>Omdat de beschikbaarheid in de laatste dagen snel kan veranderen, is het verstandig om het offici\u00eble verkoopkanaal vooraf te controleren en er niet vanuit te gaan dat er aan de deur nog tickets verkrijgbaar zijn.<\/p>\n<\/div><\/div><div class=\"w-separator size_medium\"><\/div><div class=\"w-hwrapper valign_top wrap stack_on_mobiles align_center\" style=\"--hwrapper-gap:1.2rem\"><div class=\"w-btn-wrapper align_none\"><a class=\"w-btn us-btn-style_1\" href=\"https:\/\/festivalmairena.com\/\"><span class=\"w-btn-label\">Bekijk festivaltickets<\/span><\/a><\/div><\/div><\/div><\/div><\/div><\/div><\/div><\/section><section class=\"l-section wpb_row height_huge\"><div class=\"l-section-h i-cf\"><div class=\"g-cols vc_row via_flex valign_top type_default stacking_default\"><div class=\"vc_col-sm-6 wpb_column vc_column_container\"><div class=\"vc_column-inner\"><div class=\"wpb_wrapper\"><div class=\"wpb_text_column\"><div class=\"wpb_wrapper\"><h2>Flamenkedada: de proloog op 28 augustus<\/h2>\n<p>Hoewel de offici\u00eble data van het 65e Festival van 1 tot en met 5 september zijn, omvat het programma enkele dagen eerder de <strong>Flamenkedada<\/strong>, gepland voor <strong>28 augustus<\/strong> in het Auditorio Municipal Manuel Mairena.<\/p>\n<p>Dit initiatief verbreedt het traditionele festivalprogramma met <strong>flamenco fusion<\/strong> en richt zich vooral op een jong publiek. Voor de editie van 2026 zijn aangekondigd <strong>Gonzalo Alhambra en Cristian de Moret<\/strong> en tickets zijn verkrijgbaar vanaf 10 euro.<\/p>\n<p>Voor wie de flamencosfeer van Mairena al v\u00f3\u00f3r het hoofdprogramma wil beleven, vormt deze avond een echte informele opening van de week.<\/p>\n<\/div><\/div><\/div><\/div><\/div><div class=\"vc_col-sm-6 wpb_column vc_column_container\"><div class=\"vc_column-inner\"><div class=\"wpb_wrapper\"><div class=\"wpb_text_column\"><div class=\"wpb_wrapper\"><h2>Drie locaties voor een flamencoweek<\/h2>\n<p>Het festival vindt niet op \u00e9\u00e9n enkele locatie plaats. Dankzij deze spreiding worden erfgoed, theater en grotere openlucht- of auditoriumformats gecombineerd.<\/p>\n<p><strong>Casa Palacio de los Duques de Arcos.<\/strong> Dit is een van de belangrijkste historische locaties van Mairena del Alcor en biedt ruimte aan de opening, lezingen, ontmoetingen en intiemere recitals.<\/p>\n<p><strong>Teatro Municipal Calixto S\u00e1nchez.<\/strong> Hier vinden de voorstelling van het Ballet Flamenco de Andaluc\u00eda en de dansmasterclass plaats.<\/p>\n<p><strong>Auditorio Municipal Manuel Mairena.<\/strong> Hier vinden de avonden met de grootste capaciteit plaats, waaronder het Nationale Concours en het slotgala.<\/p>\n<p>Wie meerdere activiteiten tijdens de week wil bezoeken, doet er goed aan vooraf per dag de locatie te controleren, omdat tijden en locaties van dag tot dag verschillen.<\/p>\n<\/div><\/div><\/div><\/div><\/div><\/div><\/div><\/section><section class=\"l-section wpb_row height_huge color_alternate with_shape\"><div class=\"l-section-shape type_zigzag pos_top hor_flip\" style=\"height:3vmin;\"><svg xmlns=\"http:\/\/www.w3.org\/2000\/svg\" viewBox=\"0 0 64 8\" preserveAspectRatio=\"none\" width=\"100%\" height=\"100%\">\r\n\t<path fill=\"currentColor\" d=\"M64 8 L0 8 L0 0 L20 7.9 L40 3 L48 5 L64 0 Z\"\/>\r\n<\/svg><\/div><div class=\"l-section-shape type_zigzag pos_bottom\" style=\"height:3vmin;\"><svg xmlns=\"http:\/\/www.w3.org\/2000\/svg\" viewBox=\"0 0 64 8\" preserveAspectRatio=\"none\" width=\"100%\" height=\"100%\">\r\n\t<path fill=\"currentColor\" d=\"M64 8 L0 8 L0 0 L20 7.9 L40 3 L48 5 L64 0 Z\"\/>\r\n<\/svg><\/div><div class=\"l-section-h i-cf\"><div class=\"g-cols vc_row via_flex valign_top type_default stacking_default\"><div class=\"vc_col-sm-12 wpb_column vc_column_container\"><div class=\"vc_column-inner\"><div class=\"wpb_wrapper\"><div class=\"wpb_text_column\"><div class=\"wpb_wrapper\"><h2>Waarom het Festival de Cante Jondo Antonio Mairena een historisch evenement is<\/h2>\n<p>De oorsprong van het festival gaat terug tot <strong>1962<\/strong>. Volgens de geschiedenis die door de organisatie is gepubliceerd, begon het als een benefietevenement op initiatief van <strong>Antonio Mairena<\/strong> in samenwerking met de plaatselijke pastoor en kreeg het al snel ook steun van de gemeente.<\/p>\n<p>Sindsdien is Mairena del Alcor verbonden met een van de langstlopende flamenco-evenementen. Het festival programmeert niet alleen voorstellingen: de opzet combineert cante, onderzoek en kennisoverdracht, erkenning van ervaren artiesten, nieuwe generaties, gitaar, dans en het Nationale Concours.<\/p>\n<p>Antonio Mairena is onlosmakelijk verbonden met deze identiteit. De zanger uit Mairena was een van de grote referentiepunten van de cante in de 20e eeuw en ontving in 1962 de <strong>III Llave de Oro del Cante<\/strong>. Zijn artistieke invloed en zijn werk aan het herstellen en ordenen van repertoires bepaalden een belangrijk deel van het flamencodebat van zijn tijd.<\/p>\n<p>Het festival behoudt die band met het verleden, maar neemt iedere editie ook hedendaagse artiesten en formats op. De aanwezigheid in 2026 van Jos\u00e9 Merc\u00e9, La Macanita, Roc\u00edo Luna, Diego del Morao, Farruquito en het Ballet Flamenco de Andaluc\u00eda laat precies die dialoog zien tussen traditie, gevestigde artiesten en jongere generaties.<\/p>\n<\/div><\/div><\/div><\/div><\/div><\/div><\/div><\/section><section class=\"l-section wpb_row height_huge\"><div class=\"l-section-h i-cf\"><div class=\"g-cols vc_row via_flex valign_top type_default stacking_default\"><div class=\"vc_col-sm-12 wpb_column vc_column_container\"><div class=\"vc_column-inner\"><div class=\"wpb_wrapper\"><div class=\"wpb_text_column\"><div class=\"wpb_wrapper\"><h2>Zo combineer je het Festival van Mairena met een flamencobezoek aan Sevilla<\/h2>\n<p>Mairena del Alcor ligt in de provincie Sevilla en het festival valt in een periode waarin de flamenco in de regio bijzonder levendig is. Voor bezoekers die meerdere dagen in Sevilla verblijven, kan het programma in Mairena een avondexcursie zijn die goed te combineren is met andere flamencovoorstellingen en -ervaringen in de hoofdstad.<\/p>\n<p>Het is verstandig om niet iedere festivaldag op dezelfde manier te benaderen. De recitals in de Casa Palacio hebben een andere sfeer dan het Nationale Concours of het slotgala, terwijl Sevilla dagelijks tablaovoorstellingen aanbiedt waarmee je de reis kunt aanvullen op avonden waarop je niet naar het festival gaat of wanneer een bepaalde voorstelling is uitverkocht.<\/p>\n<p>Bij Tablaos Flamencos kun je de beschikbare voorstellingen in Sevilla bekijken en vergelijken om de rest van je verblijf te plannen.<\/p>\n<\/div><\/div><div class=\"w-separator size_medium\"><\/div><div class=\"w-hwrapper valign_top wrap stack_on_mobiles align_center\" style=\"--hwrapper-gap:1.2rem\"><div class=\"w-btn-wrapper align_none\"><a class=\"w-btn us-btn-style_1\" href=\"https:\/\/www.tablaosflamencos.com\/nl\/flamenco-in-sevilla\"><span class=\"w-btn-label\">Bekijk flamenco in Sevilla<\/span><\/a><\/div><\/div><\/div><\/div><\/div><\/div><\/div><\/section><section class=\"l-section wpb_row height_huge color_alternate with_shape\"><div class=\"l-section-shape type_zigzag pos_top hor_flip\" style=\"height:3vmin;\"><svg xmlns=\"http:\/\/www.w3.org\/2000\/svg\" viewBox=\"0 0 64 8\" preserveAspectRatio=\"none\" width=\"100%\" height=\"100%\">\r\n\t<path fill=\"currentColor\" d=\"M64 8 L0 8 L0 0 L20 7.9 L40 3 L48 5 L64 0 Z\"\/>\r\n<\/svg><\/div><div class=\"l-section-shape type_zigzag pos_bottom\" style=\"height:3vmin;\"><svg xmlns=\"http:\/\/www.w3.org\/2000\/svg\" viewBox=\"0 0 64 8\" preserveAspectRatio=\"none\" width=\"100%\" height=\"100%\">\r\n\t<path fill=\"currentColor\" d=\"M64 8 L0 8 L0 0 L20 7.9 L40 3 L48 5 L64 0 Z\"\/>\r\n<\/svg><\/div><div class=\"l-section-h i-cf\"><div class=\"g-cols vc_row via_flex valign_top type_default stacking_default\"><div class=\"vc_col-sm-1\/5 wpb_column vc_column_container\"><div class=\"vc_column-inner\"><div class=\"wpb_wrapper\"><\/div><\/div><\/div><div class=\"vc_col-sm-3\/5 wpb_column vc_column_container\"><div class=\"vc_column-inner\"><div class=\"wpb_wrapper\"><div class=\"wpb_text_column\"><div class=\"wpb_wrapper\"><h2>Veelgestelde vragen over het Festival Antonio Mairena 2026<\/h2>\n<\/div><\/div><div class=\"w-separator size_medium\"><\/div><div class=\"w-tabs accordion toggle_style_1 has_scrolling\" style=\"--sections-title-size:inherit;--sections-gap:0.5rem;\"><div class=\"w-tabs-sections titles-align_none icon_plus cpos_left\"><div class=\"w-tabs-section\" id=\"e877\" itemscope itemprop=\"mainEntity\" itemtype=\"https:\/\/schema.org\/Question\"><button type=\"button\" class=\"w-tabs-section-header\" aria-controls=\"content-e877\" aria-expanded=\"false\"><h3 class=\"w-tabs-section-title\" itemprop=\"name\">Wanneer vindt het Festival de Cante Jondo Antonio Mairena 2026 plaats?<\/h3><div class=\"w-tabs-section-control\"><\/div><\/button><div  class=\"w-tabs-section-content\" id=\"content-e877\" itemscope itemprop=\"acceptedAnswer\" itemtype=\"https:\/\/schema.org\/Answer\"><div class=\"w-tabs-section-content-h i-cf\" itemprop=\"text\"><div class=\"wpb_text_column\"><div class=\"wpb_wrapper\"><p>Het 65e Festival de Cante Jondo Antonio Mairena vindt van 1 tot en met 5 september 2026 plaats in Mairena del Alcor, Sevilla. De Flamenkedada staat eerder gepland, op 28 augustus, als voorprogramma van het festival.<\/p>\n<\/div><\/div><\/div><\/div><\/div><div class=\"w-tabs-section\" id=\"k976\" itemscope itemprop=\"mainEntity\" itemtype=\"https:\/\/schema.org\/Question\"><button type=\"button\" class=\"w-tabs-section-header\" aria-controls=\"content-k976\" aria-expanded=\"false\"><h3 class=\"w-tabs-section-title\" itemprop=\"name\">Wie treedt op tijdens het Gala van het Festival Antonio Mairena 2026?<\/h3><div class=\"w-tabs-section-control\"><\/div><\/button><div  class=\"w-tabs-section-content\" id=\"content-k976\" itemscope itemprop=\"acceptedAnswer\" itemtype=\"https:\/\/schema.org\/Answer\"><div class=\"w-tabs-section-content-h i-cf\" itemprop=\"text\"><div class=\"wpb_text_column\"><div class=\"wpb_wrapper\"><p>Tijdens het gala op 5 september zingen Jos\u00e9 Merc\u00e9, La Macanita, Juan de Mairena en Roc\u00edo Luna. Farruquito staat centraal in de dans, begeleid door zijn ensemble, en Antonio Higuero, Manuel Valencia en Francisco G\u00f3mez spelen gitaar.<\/p>\n<\/div><\/div><\/div><\/div><\/div><div class=\"w-tabs-section\" id=\"fa57\" itemscope itemprop=\"mainEntity\" itemtype=\"https:\/\/schema.org\/Question\"><button type=\"button\" class=\"w-tabs-section-header\" aria-controls=\"content-fa57\" aria-expanded=\"false\"><h3 class=\"w-tabs-section-title\" itemprop=\"name\">Hoeveel kosten de tickets?<\/h3><div class=\"w-tabs-section-control\"><\/div><\/button><div  class=\"w-tabs-section-content\" id=\"content-fa57\" itemscope itemprop=\"acceptedAnswer\" itemtype=\"https:\/\/schema.org\/Answer\"><div class=\"w-tabs-section-content-h i-cf\" itemprop=\"text\"><div class=\"wpb_text_column\"><div class=\"wpb_wrapper\"><p>Er zijn gratis activiteiten en betaalde voorstellingen. De gepubliceerde prijzen beginnen bij 10 euro. Voor het gala zijn tickets van 15 euro voor ongenummerde plaatsen en 20 euro voor genummerde plaatsen aangekondigd, evenals combitickets. Controleer v\u00f3\u00f3r aankoop de actuele prijs en eventuele boekingskosten via het offici\u00eble verkoopkanaal.<\/p>\n<\/div><\/div><\/div><\/div><\/div><div class=\"w-tabs-section\" id=\"bb20\" itemscope itemprop=\"mainEntity\" itemtype=\"https:\/\/schema.org\/Question\"><button type=\"button\" class=\"w-tabs-section-header\" aria-controls=\"content-bb20\" aria-expanded=\"false\"><h3 class=\"w-tabs-section-title\" itemprop=\"name\">Waar koop je tickets voor het Festival van Mairena?<\/h3><div class=\"w-tabs-section-control\"><\/div><\/button><div  class=\"w-tabs-section-content\" id=\"content-bb20\" itemscope itemprop=\"acceptedAnswer\" itemtype=\"https:\/\/schema.org\/Answer\"><div class=\"w-tabs-section-content-h i-cf\" itemprop=\"text\"><div class=\"wpb_text_column\"><div class=\"wpb_wrapper\"><p>De organisatie verwijst naar de offici\u00eble website, het Giglon-platform en de fysieke verkooppunten die door de gemeente Mairena del Alcor zijn aangekondigd. Sommige activiteiten kunnen specifieke verkoopvoorwaarden hebben of gratis toegankelijk zijn zolang er plaats is.<\/p>\n<\/div><\/div><\/div><\/div><\/div><div class=\"w-tabs-section\" id=\"ybe0\" itemscope itemprop=\"mainEntity\" itemtype=\"https:\/\/schema.org\/Question\"><button type=\"button\" class=\"w-tabs-section-header\" aria-controls=\"content-ybe0\" aria-expanded=\"false\"><h3 class=\"w-tabs-section-title\" itemprop=\"name\">Waar vindt het festival plaats?<\/h3><div class=\"w-tabs-section-control\"><\/div><\/button><div  class=\"w-tabs-section-content\" id=\"content-ybe0\" itemscope itemprop=\"acceptedAnswer\" itemtype=\"https:\/\/schema.org\/Answer\"><div class=\"w-tabs-section-content-h i-cf\" itemprop=\"text\"><div class=\"wpb_text_column\"><div class=\"wpb_wrapper\"><p>Het programma maakt gebruik van verschillende locaties in Mairena del Alcor: Casa Palacio de los Duques de Arcos, Teatro Municipal Calixto S\u00e1nchez en Auditorio Municipal Manuel Mairena. Controleer voor elke activiteit de exacte locatie.<\/p>\n<\/div><\/div><\/div><\/div><\/div><div class=\"w-tabs-section\" id=\"vc9d\" itemscope itemprop=\"mainEntity\" itemtype=\"https:\/\/schema.org\/Question\"><button type=\"button\" class=\"w-tabs-section-header\" aria-controls=\"content-vc9d\" aria-expanded=\"false\"><h3 class=\"w-tabs-section-title\" itemprop=\"name\">Aan wie is het festival in 2026 opgedragen?<\/h3><div class=\"w-tabs-section-control\"><\/div><\/button><div  class=\"w-tabs-section-content\" id=\"content-vc9d\" itemscope itemprop=\"acceptedAnswer\" itemtype=\"https:\/\/schema.org\/Answer\"><div class=\"w-tabs-section-content-h i-cf\" itemprop=\"text\"><div class=\"wpb_text_column\"><div class=\"wpb_wrapper\"><p>De 65e editie is opgedragen aan zanger Diego Clavel. Daarnaast brengt het Nationale Concours op 4 september een eerbetoon aan Aurora Vargas.<\/p>\n<\/div><\/div><\/div><\/div><\/div><\/div><\/div><\/div><\/div><\/div><div class=\"vc_col-sm-1\/5 wpb_column vc_column_container\"><div class=\"vc_column-inner\"><div class=\"wpb_wrapper\"><\/div><\/div><\/div><\/div><\/div><\/section><section class=\"l-section wpb_row height_huge\"><div class=\"l-section-h i-cf\"><div class=\"g-cols vc_row via_flex valign_top type_default stacking_default\"><div class=\"vc_col-sm-12 wpb_column vc_column_container\"><div class=\"vc_column-inner\"><div class=\"wpb_wrapper\"><div class=\"wpb_text_column\"><div class=\"wpb_wrapper\"><h2>Een week om Mairena vanuit verschillende invalshoeken te beleven<\/h2>\n<p>Het Festival de Cante Jondo Antonio Mairena bereikt zijn 65e editie met een programma dat flamenco niet tot \u00e9\u00e9n formule beperkt. Er is concertcante, sologitaar, dans, institutionele creatie, opleiding, mondelinge geschiedenis, competitie en een gala met grote namen.<\/p>\n<p>Voor wie in september een van de grote flamenco-evenementen van Andalusi\u00eb zoekt, <strong>biedt Mairena del Alcor vijf bijzonder intensieve dagen van 1 tot en met 5 september 2026<\/strong>. De combinatie van historische locaties, gevestigde artiesten en de voortzetting van een traditie die in 1962 begon, verklaart waarom het festival een referentie blijft op de Spaanse flamencokalender.<\/p>\n<\/div><\/div><\/div><\/div><\/div><\/div><\/div><\/section><section class=\"l-section wpb_row height_huge color_alternate with_shape\"><div class=\"l-section-shape type_zigzag pos_top hor_flip\" style=\"height:3vmin;\"><svg xmlns=\"http:\/\/www.w3.org\/2000\/svg\" viewBox=\"0 0 64 8\" preserveAspectRatio=\"none\" width=\"100%\" height=\"100%\">\r\n\t<path fill=\"currentColor\" d=\"M64 8 L0 8 L0 0 L20 7.9 L40 3 L48 5 L64 0 Z\"\/>\r\n<\/svg><\/div><div class=\"l-section-shape type_zigzag pos_bottom\" style=\"height:3vmin;\"><svg xmlns=\"http:\/\/www.w3.org\/2000\/svg\" viewBox=\"0 0 64 8\" preserveAspectRatio=\"none\" width=\"100%\" height=\"100%\">\r\n\t<path fill=\"currentColor\" d=\"M64 8 L0 8 L0 0 L20 7.9 L40 3 L48 5 L64 0 Z\"\/>\r\n<\/svg><\/div><div class=\"l-section-h i-cf\"><div class=\"g-cols vc_row via_flex valign_top type_default stacking_default\"><div class=\"vc_col-sm-12 wpb_column vc_column_container\"><div class=\"vc_column-inner\"><div class=\"wpb_wrapper\"><div class=\"wpb_text_column\"><div class=\"wpb_wrapper\"><h2>Bronnen en actualisering<\/h2>\n<p>Voor deze gids hebben we de informatie van de festivalorganisatie, de gemeente Mairena del Alcor, de Culturele Agenda van Andalusi\u00eb en Toerisme van de Provincie Sevilla met elkaar vergeleken.<\/p>\n<ul>\n<li><a href=\"https:\/\/festivalmairena.com\/\" target=\"_blank\" rel=\"noopener\">Festival de Cante Jondo Antonio Mairena \u2014 offici\u00eble website<\/a>.<\/li>\n<li><a href=\"https:\/\/www.mairenadelalcor.es\/es\/ayuntamiento\/taquillaonline\/\" target=\"_blank\" rel=\"noopener\">Gemeente Mairena del Alcor \u2014 online ticketverkoop<\/a>.<\/li>\n<li><a href=\"https:\/\/www.juntadeandalucia.es\/cultura\/agendaculturaldeandalucia\/evento\/lxv-festival-de-cante-jondo-antonio-mairena-en-mairena-del-alcor\" target=\"_blank\" rel=\"noopener\">Culturele Agenda van Andalusi\u00eb \u2014 65e Festival<\/a>.<\/li>\n<li><a href=\"https:\/\/turismosevilla.org\/es\/eventos-y-fiestas\/lxv-festival-de-cante-jondo-antonio-mairena\" target=\"_blank\" rel=\"noopener\">Toerisme van de Provincie Sevilla \u2014 Festival Antonio Mairena 2026<\/a>.<\/li>\n<\/ul>\n<p><small>Informatie gecontroleerd op 31 augustus 2026. Het programma, de prijzen, tijden en toegangsvoorwaarden kunnen door de organisatie worden gewijzigd.<\/small><\/p>\n<\/div><\/div><\/div><\/div><\/div><\/div><\/div><\/section>\n","protected":false},"excerpt":{"rendered":"<p>Gids voor het Festival de Cante Jondo Antonio Mairena 2026: volledig programma, artiesten, tijden, Nationaal Concours, slotgala, prijzen en tickets van 1 t\/m 5 september.<\/p>\n","protected":false},"author":1,"featured_media":13661,"comment_status":"closed","ping_status":"closed","sticky":false,"template":"","format":"standard","meta":{"_acf_changed":false,"wpai_generated_summary":"","_ayudawp_aiss_exclude":false,"_ayudawp_aiss_exclude_summary":false,"_ayudawp_aiss_summary":"","_ayudawp_aiss_summary_provider":"","_ayudawp_aiss_summary_hash":"","footnotes":""},"categories":[1672],"tags":[1230,1133,1728,1419],"class_list":["post-13672","post","type-post","status-publish","format-standard","has-post-thumbnail","hentry","category-flamencofestivals","tag-festivales-flamencos","tag-flamenco-en-sevilla","tag-flamencoartiesten","tag-flamencozang"],"acf":[],"yoast_head":"<!-- This site is optimized with the Yoast SEO Premium plugin v28.3 (Yoast SEO v28.3) - https:\/\/yoast.com\/product\/yoast-seo-premium-wordpress\/ -->\n<title>Festival Antonio Mairena 2026: programma en tickets<\/title>\n<meta name=\"description\" content=\"Programma van het Festival de Cante Jondo Antonio Mairena 2026: data, artiesten, tijden, Nationaal Concours, gala, prijzen en tickets van 1 t\/m 5 september.\" \/>\n<meta name=\"robots\" content=\"index, follow, max-snippet:-1, max-image-preview:large, max-video-preview:-1\" \/>\n<link rel=\"canonical\" href=\"https:\/\/www.tablaosflamencos.com\/nl\/festival-cante-jondo-antonio-mairena-2026.html\" \/>\n<meta property=\"og:locale\" content=\"nl_NL\" \/>\n<meta property=\"og:type\" content=\"article\" \/>\n<meta property=\"og:title\" content=\"Festival de Cante Jondo Antonio Mairena 2026: programma, artiesten, data en tickets\" \/>\n<meta property=\"og:description\" content=\"Programma van het Festival de Cante Jondo Antonio Mairena 2026: data, artiesten, tijden, Nationaal Concours, gala, prijzen en tickets van 1 t\/m 5 september.\" \/>\n<meta property=\"og:url\" content=\"https:\/\/www.tablaosflamencos.com\/nl\/festival-cante-jondo-antonio-mairena-2026.html\" \/>\n<meta property=\"og:site_name\" content=\"Tablaos Flamencos\" \/>\n<meta property=\"article:publisher\" content=\"https:\/\/www.facebook.com\/tablaosflamencos\" \/>\n<meta property=\"article:published_time\" content=\"2026-08-31T16:07:57+00:00\" \/>\n<meta property=\"article:modified_time\" content=\"2026-08-31T16:27:04+00:00\" \/>\n<meta property=\"og:image\" content=\"https:\/\/www.tablaosflamencos.com\/wp-content\/uploads\/festival-de-cante-jondo-antonio-mairena-2026-programa-artistas-fechas-y-entradas-01.webp\" \/>\n\t<meta property=\"og:image:width\" content=\"1477\" \/>\n\t<meta property=\"og:image:height\" content=\"1920\" \/>\n\t<meta property=\"og:image:type\" content=\"image\/webp\" \/>\n<meta name=\"author\" content=\"Miguel Ortiz\" \/>\n<meta name=\"twitter:card\" content=\"summary_large_image\" \/>\n<meta name=\"twitter:creator\" content=\"@tablaosflamenco\" \/>\n<meta name=\"twitter:site\" content=\"@tablaosflamenco\" \/>\n<meta name=\"twitter:label1\" content=\"Geschreven door\" \/>\n\t<meta name=\"twitter:data1\" content=\"Miguel Ortiz\" \/>\n\t<meta name=\"twitter:label2\" content=\"Geschatte leestijd\" \/>\n\t<meta name=\"twitter:data2\" content=\"13 minuten\" \/>\n<script type=\"application\/ld+json\" class=\"yoast-schema-graph\">{\"@context\":\"https:\\\/\\\/schema.org\",\"@graph\":[{\"@type\":\"Article\",\"@id\":\"https:\\\/\\\/www.tablaosflamencos.com\\\/nl\\\/festival-cante-jondo-antonio-mairena-2026.html#article\",\"isPartOf\":{\"@id\":\"https:\\\/\\\/www.tablaosflamencos.com\\\/nl\\\/festival-cante-jondo-antonio-mairena-2026.html\"},\"author\":{\"name\":\"Miguel Ortiz\",\"@id\":\"https:\\\/\\\/www.tablaosflamencos.com\\\/nl#\\\/schema\\\/person\\\/e7a9ebe14eb75a52ceabfbffb3c54f5d\"},\"headline\":\"Festival de Cante Jondo Antonio Mairena 2026: programma, artiesten, data en tickets\",\"datePublished\":\"2026-08-31T16:07:57+00:00\",\"dateModified\":\"2026-08-31T16:27:04+00:00\",\"mainEntityOfPage\":{\"@id\":\"https:\\\/\\\/www.tablaosflamencos.com\\\/nl\\\/festival-cante-jondo-antonio-mairena-2026.html\"},\"wordCount\":2533,\"publisher\":{\"@id\":\"https:\\\/\\\/www.tablaosflamencos.com\\\/nl#organization\"},\"image\":{\"@id\":\"https:\\\/\\\/www.tablaosflamencos.com\\\/nl\\\/festival-cante-jondo-antonio-mairena-2026.html#primaryimage\"},\"thumbnailUrl\":\"https:\\\/\\\/www.tablaosflamencos.com\\\/wp-content\\\/uploads\\\/festival-de-cante-jondo-antonio-mairena-2026-programa-artistas-fechas-y-entradas-01.webp\",\"keywords\":[\"festivales flamencos\",\"flamenco en Sevilla\",\"flamencoartiesten\",\"flamencozang\"],\"articleSection\":[\"Flamencofestivals\"],\"inLanguage\":\"nl-NL\"},{\"@type\":\"WebPage\",\"@id\":\"https:\\\/\\\/www.tablaosflamencos.com\\\/nl\\\/festival-cante-jondo-antonio-mairena-2026.html\",\"url\":\"https:\\\/\\\/www.tablaosflamencos.com\\\/nl\\\/festival-cante-jondo-antonio-mairena-2026.html\",\"name\":\"Festival Antonio Mairena 2026: programma en tickets\",\"isPartOf\":{\"@id\":\"https:\\\/\\\/www.tablaosflamencos.com\\\/nl#website\"},\"primaryImageOfPage\":{\"@id\":\"https:\\\/\\\/www.tablaosflamencos.com\\\/nl\\\/festival-cante-jondo-antonio-mairena-2026.html#primaryimage\"},\"image\":{\"@id\":\"https:\\\/\\\/www.tablaosflamencos.com\\\/nl\\\/festival-cante-jondo-antonio-mairena-2026.html#primaryimage\"},\"thumbnailUrl\":\"https:\\\/\\\/www.tablaosflamencos.com\\\/wp-content\\\/uploads\\\/festival-de-cante-jondo-antonio-mairena-2026-programa-artistas-fechas-y-entradas-01.webp\",\"datePublished\":\"2026-08-31T16:07:57+00:00\",\"dateModified\":\"2026-08-31T16:27:04+00:00\",\"description\":\"Programma van het Festival de Cante Jondo Antonio Mairena 2026: data, artiesten, tijden, Nationaal Concours, gala, prijzen en tickets van 1 t\\\/m 5 september.\",\"breadcrumb\":{\"@id\":\"https:\\\/\\\/www.tablaosflamencos.com\\\/nl\\\/festival-cante-jondo-antonio-mairena-2026.html#breadcrumb\"},\"inLanguage\":\"nl-NL\",\"potentialAction\":[{\"@type\":\"ReadAction\",\"target\":[\"https:\\\/\\\/www.tablaosflamencos.com\\\/nl\\\/festival-cante-jondo-antonio-mairena-2026.html\"]}]},{\"@type\":\"ImageObject\",\"inLanguage\":\"nl-NL\",\"@id\":\"https:\\\/\\\/www.tablaosflamencos.com\\\/nl\\\/festival-cante-jondo-antonio-mairena-2026.html#primaryimage\",\"url\":\"https:\\\/\\\/www.tablaosflamencos.com\\\/wp-content\\\/uploads\\\/festival-de-cante-jondo-antonio-mairena-2026-programa-artistas-fechas-y-entradas-01.webp\",\"contentUrl\":\"https:\\\/\\\/www.tablaosflamencos.com\\\/wp-content\\\/uploads\\\/festival-de-cante-jondo-antonio-mairena-2026-programa-artistas-fechas-y-entradas-01.webp\",\"width\":1477,\"height\":1920,\"caption\":\"Festival de Cante Jondo Antonio Mairena 2026: programa, artistas, fechas y entradas\"},{\"@type\":\"BreadcrumbList\",\"@id\":\"https:\\\/\\\/www.tablaosflamencos.com\\\/nl\\\/festival-cante-jondo-antonio-mairena-2026.html#breadcrumb\",\"itemListElement\":[{\"@type\":\"ListItem\",\"position\":1,\"name\":\"Home\",\"item\":\"https:\\\/\\\/www.tablaosflamencos.com\\\/nl\"},{\"@type\":\"ListItem\",\"position\":2,\"name\":\"Festival de Cante Jondo Antonio Mairena 2026: programma, artiesten, data en tickets\"}]},{\"@type\":\"WebSite\",\"@id\":\"https:\\\/\\\/www.tablaosflamencos.com\\\/nl#website\",\"url\":\"https:\\\/\\\/www.tablaosflamencos.com\\\/nl\",\"name\":\"Tablaos Flamencos\",\"description\":\"Entradas para tablaos flamencos de Espa\u00f1a\",\"publisher\":{\"@id\":\"https:\\\/\\\/www.tablaosflamencos.com\\\/nl#organization\"},\"alternateName\":\"Tablaos Flamencos\",\"potentialAction\":[{\"@type\":\"SearchAction\",\"target\":{\"@type\":\"EntryPoint\",\"urlTemplate\":\"https:\\\/\\\/www.tablaosflamencos.com\\\/nl?s={search_term_string}\"},\"query-input\":{\"@type\":\"PropertyValueSpecification\",\"valueRequired\":true,\"valueName\":\"search_term_string\"}}],\"inLanguage\":\"nl-NL\"},{\"@type\":[\"Organization\",\"Place\",\"EntertainmentBusiness\"],\"@id\":\"https:\\\/\\\/www.tablaosflamencos.com\\\/nl#organization\",\"name\":\"Tablaos Flamencos\",\"alternateName\":\"Tablaos Flamencos\",\"url\":\"https:\\\/\\\/www.tablaosflamencos.com\\\/nl\",\"logo\":{\"@id\":\"https:\\\/\\\/www.tablaosflamencos.com\\\/nl\\\/festival-cante-jondo-antonio-mairena-2026.html#local-main-organization-logo\"},\"image\":{\"@id\":\"https:\\\/\\\/www.tablaosflamencos.com\\\/nl\\\/festival-cante-jondo-antonio-mairena-2026.html#local-main-organization-logo\"},\"sameAs\":[\"https:\\\/\\\/www.facebook.com\\\/tablaosflamencos\",\"https:\\\/\\\/x.com\\\/tablaosflamenco\",\"https:\\\/\\\/mastodon.social\\\/@tablaosflamencos\",\"https:\\\/\\\/www.instagram.com\\\/tablaosflamencos\",\"https:\\\/\\\/tiktok.com\\\/@tablaosflamencos\",\"https:\\\/\\\/www.linkedin.com\\\/company\\\/109408238\\\/\"],\"description\":\"Venta de entradas para espect\u00e1culos flamencos\",\"legalName\":\"Tablaos Flamencos\",\"foundingDate\":\"2015-01-01\",\"numberOfEmployees\":{\"@type\":\"QuantitativeValue\",\"minValue\":\"1\",\"maxValue\":\"10\"},\"address\":{\"@id\":\"https:\\\/\\\/www.tablaosflamencos.com\\\/nl\\\/festival-cante-jondo-antonio-mairena-2026.html#local-main-place-address\"},\"geo\":{\"@type\":\"GeoCoordinates\",\"latitude\":\"37.3868072\",\"longitude\":\"-5.993280299999999\"},\"telephone\":[\"+34623787787\"],\"contactPoint\":{\"@type\":\"ContactPoint\",\"telephone\":\"+34623787787\",\"email\":\"info@tablaosflamencos.com\"},\"openingHoursSpecification\":{\"@type\":\"OpeningHoursSpecification\",\"dayOfWeek\":[\"Monday\",\"Tuesday\",\"Wednesday\",\"Thursday\",\"Friday\",\"Saturday\",\"Sunday\"],\"opens\":\"00:00\",\"closes\":\"23:59\"},\"email\":\"info@tablaosflamencos.com\",\"priceRange\":\"$$$\",\"currenciesAccepted\":\"\u20ac\"},{\"@type\":\"Person\",\"@id\":\"https:\\\/\\\/www.tablaosflamencos.com\\\/nl#\\\/schema\\\/person\\\/e7a9ebe14eb75a52ceabfbffb3c54f5d\",\"name\":\"Miguel Ortiz\",\"description\":\"Miguel Ortiz es un empresario flamenco, con una s\u00f3lida trayectoria dentro del sector. Ha presidido entidades culturales vinculadas al flamenco y, cuenta con un amplio recorrido profesional en la gesti\u00f3n y promoci\u00f3n de espect\u00e1culos y tablaos flamencos. Su pasi\u00f3n por la historia y el arte flamenco se refleja en cada art\u00edculo, donde combina experiencia, criterio y un profundo respeto por la tradici\u00f3n.\",\"sameAs\":[\"https:\\\/\\\/www.tablaosflamencos.com\",\"https:\\\/\\\/www.instagra.com\\\/miguelortizfe\",\"https:\\\/\\\/www.linkedin.com\\\/in\\\/miguelortizf\\\/\"],\"birthDate\":\"1984-11-22\",\"gender\":\"hombre\",\"knowsLanguage\":[\"espa\u00f1ol\",\"ingl\u00e9s\"],\"jobTitle\":\"Empresario flamenco\"},{\"@type\":\"PostalAddress\",\"@id\":\"https:\\\/\\\/www.tablaosflamencos.com\\\/nl\\\/festival-cante-jondo-antonio-mairena-2026.html#local-main-place-address\",\"streetAddress\":\"C\\\/ Alemanes, 19\",\"addressLocality\":\"Sevilla\",\"postalCode\":\"41004\",\"addressRegion\":\"Sevilla\",\"addressCountry\":\"ES\"},{\"@type\":\"ImageObject\",\"inLanguage\":\"nl-NL\",\"@id\":\"https:\\\/\\\/www.tablaosflamencos.com\\\/nl\\\/festival-cante-jondo-antonio-mairena-2026.html#local-main-organization-logo\",\"url\":\"https:\\\/\\\/www.tablaosflamencos.com\\\/wp-content\\\/uploads\\\/tablaos-flamencos-06-3.webp\",\"contentUrl\":\"https:\\\/\\\/www.tablaosflamencos.com\\\/wp-content\\\/uploads\\\/tablaos-flamencos-06-3.webp\",\"width\":600,\"height\":620,\"caption\":\"Tablaos Flamencos\"}]}<\/script>\n<meta name=\"geo.placename\" content=\"Sevilla\" \/>\n<meta name=\"geo.position\" content=\"37.3868072;-5.993280299999999\" \/>\n<meta name=\"geo.region\" content=\"Spanje\" \/>\n<!-- \/ Yoast SEO Premium plugin. -->","yoast_head_json":{"title":"Festival Antonio Mairena 2026: programma en tickets","description":"Programma van het Festival de Cante Jondo Antonio Mairena 2026: data, artiesten, tijden, Nationaal Concours, gala, prijzen en tickets van 1 t\/m 5 september.","robots":{"index":"index","follow":"follow","max-snippet":"max-snippet:-1","max-image-preview":"max-image-preview:large","max-video-preview":"max-video-preview:-1"},"canonical":"https:\/\/www.tablaosflamencos.com\/nl\/festival-cante-jondo-antonio-mairena-2026.html","og_locale":"nl_NL","og_type":"article","og_title":"Festival de Cante Jondo Antonio Mairena 2026: programma, artiesten, data en tickets","og_description":"Programma van het Festival de Cante Jondo Antonio Mairena 2026: data, artiesten, tijden, Nationaal Concours, gala, prijzen en tickets van 1 t\/m 5 september.","og_url":"https:\/\/www.tablaosflamencos.com\/nl\/festival-cante-jondo-antonio-mairena-2026.html","og_site_name":"Tablaos Flamencos","article_publisher":"https:\/\/www.facebook.com\/tablaosflamencos","article_published_time":"2026-08-31T16:07:57+00:00","article_modified_time":"2026-08-31T16:27:04+00:00","og_image":[{"width":1477,"height":1920,"url":"https:\/\/www.tablaosflamencos.com\/wp-content\/uploads\/festival-de-cante-jondo-antonio-mairena-2026-programa-artistas-fechas-y-entradas-01.webp","type":"image\/webp"}],"author":"Miguel Ortiz","twitter_card":"summary_large_image","twitter_creator":"@tablaosflamenco","twitter_site":"@tablaosflamenco","twitter_misc":{"Geschreven door":"Miguel Ortiz","Geschatte leestijd":"13 minuten"},"schema":{"@context":"https:\/\/schema.org","@graph":[{"@type":"Article","@id":"https:\/\/www.tablaosflamencos.com\/nl\/festival-cante-jondo-antonio-mairena-2026.html#article","isPartOf":{"@id":"https:\/\/www.tablaosflamencos.com\/nl\/festival-cante-jondo-antonio-mairena-2026.html"},"author":{"name":"Miguel Ortiz","@id":"https:\/\/www.tablaosflamencos.com\/nl#\/schema\/person\/e7a9ebe14eb75a52ceabfbffb3c54f5d"},"headline":"Festival de Cante Jondo Antonio Mairena 2026: programma, artiesten, data en tickets","datePublished":"2026-08-31T16:07:57+00:00","dateModified":"2026-08-31T16:27:04+00:00","mainEntityOfPage":{"@id":"https:\/\/www.tablaosflamencos.com\/nl\/festival-cante-jondo-antonio-mairena-2026.html"},"wordCount":2533,"publisher":{"@id":"https:\/\/www.tablaosflamencos.com\/nl#organization"},"image":{"@id":"https:\/\/www.tablaosflamencos.com\/nl\/festival-cante-jondo-antonio-mairena-2026.html#primaryimage"},"thumbnailUrl":"https:\/\/www.tablaosflamencos.com\/wp-content\/uploads\/festival-de-cante-jondo-antonio-mairena-2026-programa-artistas-fechas-y-entradas-01.webp","keywords":["festivales flamencos","flamenco en Sevilla","flamencoartiesten","flamencozang"],"articleSection":["Flamencofestivals"],"inLanguage":"nl-NL"},{"@type":"WebPage","@id":"https:\/\/www.tablaosflamencos.com\/nl\/festival-cante-jondo-antonio-mairena-2026.html","url":"https:\/\/www.tablaosflamencos.com\/nl\/festival-cante-jondo-antonio-mairena-2026.html","name":"Festival Antonio Mairena 2026: programma en tickets","isPartOf":{"@id":"https:\/\/www.tablaosflamencos.com\/nl#website"},"primaryImageOfPage":{"@id":"https:\/\/www.tablaosflamencos.com\/nl\/festival-cante-jondo-antonio-mairena-2026.html#primaryimage"},"image":{"@id":"https:\/\/www.tablaosflamencos.com\/nl\/festival-cante-jondo-antonio-mairena-2026.html#primaryimage"},"thumbnailUrl":"https:\/\/www.tablaosflamencos.com\/wp-content\/uploads\/festival-de-cante-jondo-antonio-mairena-2026-programa-artistas-fechas-y-entradas-01.webp","datePublished":"2026-08-31T16:07:57+00:00","dateModified":"2026-08-31T16:27:04+00:00","description":"Programma van het Festival de Cante Jondo Antonio Mairena 2026: data, artiesten, tijden, Nationaal Concours, gala, prijzen en tickets van 1 t\/m 5 september.","breadcrumb":{"@id":"https:\/\/www.tablaosflamencos.com\/nl\/festival-cante-jondo-antonio-mairena-2026.html#breadcrumb"},"inLanguage":"nl-NL","potentialAction":[{"@type":"ReadAction","target":["https:\/\/www.tablaosflamencos.com\/nl\/festival-cante-jondo-antonio-mairena-2026.html"]}]},{"@type":"ImageObject","inLanguage":"nl-NL","@id":"https:\/\/www.tablaosflamencos.com\/nl\/festival-cante-jondo-antonio-mairena-2026.html#primaryimage","url":"https:\/\/www.tablaosflamencos.com\/wp-content\/uploads\/festival-de-cante-jondo-antonio-mairena-2026-programa-artistas-fechas-y-entradas-01.webp","contentUrl":"https:\/\/www.tablaosflamencos.com\/wp-content\/uploads\/festival-de-cante-jondo-antonio-mairena-2026-programa-artistas-fechas-y-entradas-01.webp","width":1477,"height":1920,"caption":"Festival de Cante Jondo Antonio Mairena 2026: programa, artistas, fechas y entradas"},{"@type":"BreadcrumbList","@id":"https:\/\/www.tablaosflamencos.com\/nl\/festival-cante-jondo-antonio-mairena-2026.html#breadcrumb","itemListElement":[{"@type":"ListItem","position":1,"name":"Home","item":"https:\/\/www.tablaosflamencos.com\/nl"},{"@type":"ListItem","position":2,"name":"Festival de Cante Jondo Antonio Mairena 2026: programma, artiesten, data en tickets"}]},{"@type":"WebSite","@id":"https:\/\/www.tablaosflamencos.com\/nl#website","url":"https:\/\/www.tablaosflamencos.com\/nl","name":"Tablaos Flamencos","description":"Entradas para tablaos flamencos de Espa\u00f1a","publisher":{"@id":"https:\/\/www.tablaosflamencos.com\/nl#organization"},"alternateName":"Tablaos Flamencos","potentialAction":[{"@type":"SearchAction","target":{"@type":"EntryPoint","urlTemplate":"https:\/\/www.tablaosflamencos.com\/nl?s={search_term_string}"},"query-input":{"@type":"PropertyValueSpecification","valueRequired":true,"valueName":"search_term_string"}}],"inLanguage":"nl-NL"},{"@type":["Organization","Place","EntertainmentBusiness"],"@id":"https:\/\/www.tablaosflamencos.com\/nl#organization","name":"Tablaos Flamencos","alternateName":"Tablaos Flamencos","url":"https:\/\/www.tablaosflamencos.com\/nl","logo":{"@id":"https:\/\/www.tablaosflamencos.com\/nl\/festival-cante-jondo-antonio-mairena-2026.html#local-main-organization-logo"},"image":{"@id":"https:\/\/www.tablaosflamencos.com\/nl\/festival-cante-jondo-antonio-mairena-2026.html#local-main-organization-logo"},"sameAs":["https:\/\/www.facebook.com\/tablaosflamencos","https:\/\/x.com\/tablaosflamenco","https:\/\/mastodon.social\/@tablaosflamencos","https:\/\/www.instagram.com\/tablaosflamencos","https:\/\/tiktok.com\/@tablaosflamencos","https:\/\/www.linkedin.com\/company\/109408238\/"],"description":"Venta de entradas para espect\u00e1culos flamencos","legalName":"Tablaos Flamencos","foundingDate":"2015-01-01","numberOfEmployees":{"@type":"QuantitativeValue","minValue":"1","maxValue":"10"},"address":{"@id":"https:\/\/www.tablaosflamencos.com\/nl\/festival-cante-jondo-antonio-mairena-2026.html#local-main-place-address"},"geo":{"@type":"GeoCoordinates","latitude":"37.3868072","longitude":"-5.993280299999999"},"telephone":["+34623787787"],"contactPoint":{"@type":"ContactPoint","telephone":"+34623787787","email":"info@tablaosflamencos.com"},"openingHoursSpecification":{"@type":"OpeningHoursSpecification","dayOfWeek":["Monday","Tuesday","Wednesday","Thursday","Friday","Saturday","Sunday"],"opens":"00:00","closes":"23:59"},"email":"info@tablaosflamencos.com","priceRange":"$$$","currenciesAccepted":"\u20ac"},{"@type":"Person","@id":"https:\/\/www.tablaosflamencos.com\/nl#\/schema\/person\/e7a9ebe14eb75a52ceabfbffb3c54f5d","name":"Miguel Ortiz","description":"Miguel Ortiz es un empresario flamenco, con una s\u00f3lida trayectoria dentro del sector. Ha presidido entidades culturales vinculadas al flamenco y, cuenta con un amplio recorrido profesional en la gesti\u00f3n y promoci\u00f3n de espect\u00e1culos y tablaos flamencos. Su pasi\u00f3n por la historia y el arte flamenco se refleja en cada art\u00edculo, donde combina experiencia, criterio y un profundo respeto por la tradici\u00f3n.","sameAs":["https:\/\/www.tablaosflamencos.com","https:\/\/www.instagra.com\/miguelortizfe","https:\/\/www.linkedin.com\/in\/miguelortizf\/"],"birthDate":"1984-11-22","gender":"hombre","knowsLanguage":["espa\u00f1ol","ingl\u00e9s"],"jobTitle":"Empresario flamenco"},{"@type":"PostalAddress","@id":"https:\/\/www.tablaosflamencos.com\/nl\/festival-cante-jondo-antonio-mairena-2026.html#local-main-place-address","streetAddress":"C\/ Alemanes, 19","addressLocality":"Sevilla","postalCode":"41004","addressRegion":"Sevilla","addressCountry":"ES"},{"@type":"ImageObject","inLanguage":"nl-NL","@id":"https:\/\/www.tablaosflamencos.com\/nl\/festival-cante-jondo-antonio-mairena-2026.html#local-main-organization-logo","url":"https:\/\/www.tablaosflamencos.com\/wp-content\/uploads\/tablaos-flamencos-06-3.webp","contentUrl":"https:\/\/www.tablaosflamencos.com\/wp-content\/uploads\/tablaos-flamencos-06-3.webp","width":600,"height":620,"caption":"Tablaos Flamencos"}]},"geo.placename":"Sevilla","geo.position":{"lat":"37.3868072","long":"-5.993280299999999"},"geo.region":"Spanje"},"_links":{"self":[{"href":"https:\/\/www.tablaosflamencos.com\/nl\/wp-json\/wp\/v2\/posts\/13672","targetHints":{"allow":["GET"]}}],"collection":[{"href":"https:\/\/www.tablaosflamencos.com\/nl\/wp-json\/wp\/v2\/posts"}],"about":[{"href":"https:\/\/www.tablaosflamencos.com\/nl\/wp-json\/wp\/v2\/types\/post"}],"author":[{"embeddable":true,"href":"https:\/\/www.tablaosflamencos.com\/nl\/wp-json\/wp\/v2\/users\/1"}],"replies":[{"embeddable":true,"href":"https:\/\/www.tablaosflamencos.com\/nl\/wp-json\/wp\/v2\/comments?post=13672"}],"version-history":[{"count":1,"href":"https:\/\/www.tablaosflamencos.com\/nl\/wp-json\/wp\/v2\/posts\/13672\/revisions"}],"predecessor-version":[{"id":13680,"href":"https:\/\/www.tablaosflamencos.com\/nl\/wp-json\/wp\/v2\/posts\/13672\/revisions\/13680"}],"wp:featuredmedia":[{"embeddable":true,"href":"https:\/\/www.tablaosflamencos.com\/nl\/wp-json\/wp\/v2\/media\/13661"}],"wp:attachment":[{"href":"https:\/\/www.tablaosflamencos.com\/nl\/wp-json\/wp\/v2\/media?parent=13672"}],"wp:term":[{"taxonomy":"category","embeddable":true,"href":"https:\/\/www.tablaosflamencos.com\/nl\/wp-json\/wp\/v2\/categories?post=13672"},{"taxonomy":"post_tag","embeddable":true,"href":"https:\/\/www.tablaosflamencos.com\/nl\/wp-json\/wp\/v2\/tags?post=13672"}],"curies":[{"name":"wp","href":"https:\/\/api.w.org\/{rel}","templated":true}]}}