{"id":13647,"date":"2026-08-31T15:23:02","date_gmt":"2026-08-31T13:23:02","guid":{"rendered":"https:\/\/www.tablaosflamencos.com\/?p=13647"},"modified":"2026-08-31T17:55:02","modified_gmt":"2026-08-31T15:55:02","slug":"flamencobiennale-sevilla-2026-voor-9-september","status":"publish","type":"post","link":"https:\/\/www.tablaosflamencos.com\/nl\/flamencobiennale-sevilla-2026-voor-9-september.html","title":{"rendered":"De Bi\u00ebnnale begint v\u00f3\u00f3r 9 september: eerste evenementen en activiteiten"},"content":{"rendered":"<section class=\"l-section wpb_row height_huge\"><div class=\"l-section-h i-cf\"><div class=\"g-cols vc_row via_flex valign_top type_default stacking_default\"><div class=\"vc_col-sm-6 wpb_column vc_column_container\"><div class=\"vc_column-inner\"><div class=\"wpb_wrapper\"><div class=\"wpb_text_column\"><div class=\"wpb_wrapper\"><h2>De Flamencobi\u00ebnnale 2026 begint v\u00f3\u00f3r de offici\u00eble opening<\/h2>\n<p>De 24e Flamencobi\u00ebnnale van Sevilla maakt officieel haar belangrijkste data bekend <strong>van 9 september tot en met 3 oktober 2026<\/strong>. Wie echter tot de 9e wacht om de Bi\u00ebnnale te gaan volgen, is al enkele dagen te laat: het programma rond deze editie begint namelijk al <strong>op woensdag 2 september<\/strong> en vanaf dat moment volgen bijna dagelijks tentoonstellingen, gratis voorstellingen in verschillende wijken van Sevilla en een eerste filmactiviteit.<\/p>\n<p>Het is de opmaat naar de Bi\u00ebnnale: een week waarin flamenco de grote theaters verlaat en neerstrijkt in een historische fabriek, de Pol\u00edgono Sur, San Jer\u00f3nimo, La Barzola, het Mar\u00eda Luisa-park en de Cartuja. Het programma maakt het bovendien mogelijk meerdere activiteiten bij te wonen zonder een ticket voor de hoofdvoorstellingen te kopen.<\/p>\n<p>Tussen 2 en 8 september volgen onder meer <em>La noche azul<\/em>, <em>La noche de las gitanas<\/em>, <em>Cuesti\u00f3n de tiempo<\/em>, het II Festival Macarena Flamenca, het scenische eerbetoon aan Fosforito <em>Nazareno y Olivares<\/em> en de eerste vertoning van de filmreeks <em>Flamencas<\/em>. Op 9 september markeert de gezongen openingsproloog <em>Ecos primitivos<\/em> de offici\u00eble opening.<\/p>\n<\/div><\/div><\/div><\/div><\/div><div class=\"vc_col-sm-6 wpb_column vc_column_container\"><div class=\"vc_column-inner\"><div class=\"wpb_wrapper\"><div class=\"wpb_text_column\"><div class=\"wpb_wrapper\"><h3>Programma v\u00f3\u00f3r de Bi\u00ebnnale 2026<\/h3>\n<ul>\n<li><strong>2 september:<\/strong> opening van <em>La noche azul<\/em>, Real F\u00e1brica de Artiller\u00eda.<\/li>\n<li><strong>3 september, 21:30:<\/strong> <em>La noche de las gitanas<\/em>, Pol\u00edgono Sur.<\/li>\n<li><strong>4 september, 21:30:<\/strong> <em>Cuesti\u00f3n de tiempo<\/em>, de gebroeders Aguilar, klooster van San Jer\u00f3nimo.<\/li>\n<li><strong>5 september, 21:30:<\/strong> II Festival Macarena Flamenca, Plaza Virgen del Pilar.<\/li>\n<li><strong>6 september, 21:30:<\/strong> <em>Nazareno y Olivares<\/em>, eerbetoon aan Fosforito, Museum voor Volkskunst en Volksgebruiken.<\/li>\n<li><strong>8 september, 20:30:<\/strong> filmreeks <em>Flamencas<\/em>, Fundaci\u00f3n Tres Culturas.<\/li>\n<li><strong>9 september, 20:30:<\/strong> gezongen openingsproloog <em>Ecos primitivos<\/em>, Plaza de San Francisco.<\/li>\n<\/ul>\n<p><small>Het programma kan worden gewijzigd. Controleer v\u00f3\u00f3r vertrek de actuele tijden, toegangsvoorwaarden en eventuele reserveringsvereisten op de offici\u00eble websites.<\/small><\/p>\n<\/div><\/div><\/div><\/div><\/div><\/div><\/div><\/section><section class=\"l-section wpb_row height_huge color_alternate with_shape\"><div class=\"l-section-shape type_zigzag pos_top hor_flip\" style=\"height:3vmin;\"><svg xmlns=\"http:\/\/www.w3.org\/2000\/svg\" viewBox=\"0 0 64 8\" preserveAspectRatio=\"none\" width=\"100%\" height=\"100%\">\r\n\t<path fill=\"currentColor\" d=\"M64 8 L0 8 L0 0 L20 7.9 L40 3 L48 5 L64 0 Z\"\/>\r\n<\/svg><\/div><div class=\"l-section-shape type_zigzag pos_bottom\" style=\"height:3vmin;\"><svg xmlns=\"http:\/\/www.w3.org\/2000\/svg\" viewBox=\"0 0 64 8\" preserveAspectRatio=\"none\" width=\"100%\" height=\"100%\">\r\n\t<path fill=\"currentColor\" d=\"M64 8 L0 8 L0 0 L20 7.9 L40 3 L48 5 L64 0 Z\"\/>\r\n<\/svg><\/div><div class=\"l-section-h i-cf\"><div class=\"g-cols vc_row via_flex valign_top type_default stacking_default\"><div class=\"vc_col-sm-12 wpb_column vc_column_container\"><div class=\"vc_column-inner\"><div class=\"wpb_wrapper\"><div class=\"wpb_text_column\"><div class=\"wpb_wrapper\"><h2>2 september: La noche azul opent de Bi\u00ebnnale een week eerder<\/h2>\n<p>Het eerste onmiskenbare teken dat de Bi\u00ebnnale 2026 al v\u00f3\u00f3r de 9e begint, komt op <strong>woensdag 2 september<\/strong>. Die dag opent in de Nave de Grabados van de Real F\u00e1brica de Artiller\u00eda de tentoonstelling <em>La noche azul. \u00d3pera flamenca in de collectie van Carlos Mart\u00edn Ballester<\/em>.<\/p>\n<p>De tentoonstelling brengt ongeveer <strong>150 historische stukken<\/strong> \u2014affiches, foto&#8217;s, grammofoonplaten, manuscripten, reclame en documentatie\u2014 samen en voegt daar een speciaal voor de gelegenheid gedigitaliseerde selectie opnamen aan toe. De rode draad is de zogenoemde \u00d3pera Flamenca, de periode die in de eerste decennia van de 20e eeuw de publieke schaal van flamenco veranderde en een van de grote historische pijlers vormt van deze 24e editie.<\/p>\n<p>De tentoonstelling brengt bezoekers in contact met de herinnering aan figuren als La Ni\u00f1a de los Peines, Manuel Vallejo, Pepe Pinto, Ram\u00f3n Montoya, Ni\u00f1o Ricardo en Manolo Caracol. Bovendien eindigt zij niet met de Bi\u00ebnnale, maar blijft zij geopend <strong>tot en met 22 november 2026<\/strong>.<\/p>\n<p>In onze speciale gids over de tentoonstelling gaan we er uitgebreid op in.<\/p>\n<\/div><\/div><div class=\"w-separator size_medium\"><\/div><div class=\"w-hwrapper valign_top wrap stack_on_mobiles align_center\" style=\"--hwrapper-gap:1.2rem\"><div class=\"w-btn-wrapper align_none\"><a class=\"w-btn us-btn-style_1\" href=\"https:\/\/www.tablaosflamencos.com\/nl\/de-blauwe-nacht-flamenco-opera-biennale-sevilla-2026.html\"><span class=\"w-btn-label\">Volledige gids voor La noche azul<\/span><\/a><\/div><\/div><\/div><\/div><\/div><\/div><\/div><\/section><section class=\"l-section wpb_row height_huge\"><div class=\"l-section-h i-cf\"><div class=\"g-cols vc_row via_flex valign_top type_default stacking_default\"><div class=\"vc_col-sm-6 wpb_column vc_column_container\"><div class=\"vc_column-inner\"><div class=\"wpb_wrapper\"><div class=\"wpb_text_column\"><div class=\"wpb_wrapper\"><h2>3 september: La noche de las gitanas in de Pol\u00edgono Sur<\/h2>\n<p>Op donderdag de 3e begint het programmaonderdeel <strong>Flamenco op straat<\/strong>, een van de initiatieven van <em>Andere parels<\/em>, het parallelprogramma van de Bi\u00ebnnale dat een deel van de flamencoactiviteiten buiten de gebruikelijke podia wil brengen.<\/p>\n<p>De eerste voorstelling is <em>La noche de las gitanas<\/em>, om <strong>21:30<\/strong> in Parque Pepa La Calzona, in de Pol\u00edgono Sur. De voorstelling is opgezet als een collectief portret van de vrouwelijke en Roma-overdracht van flamenco en verbindt familieherinnering, wijk, identiteit en cultureel verzet.<\/p>\n<p>De cante wordt verzorgd door <strong>Herminia Borja, Mara Rey en Zamara Carrasco<\/strong>; de baile is in handen van <strong>Manuela Vargas<\/strong>, met Luis Amador op gitaar, Pepe de Pura voor de begeleidende cante, Fali El El\u00e9ctrico op percussie en Emilio Casta\u00f1eda voor de palmas. De artistieke leiding is van Antonio Amaya <em>El Petete<\/em>.<\/p>\n<p>Volgens de offici\u00eble informatie duurt de voorstelling ongeveer \u00e9\u00e9n uur en twintig minuten. Zij maakt deel uit van het gratis programma en is vrij toegankelijk zolang er plaatsen beschikbaar zijn.<\/p>\n<\/div><\/div><\/div><\/div><\/div><div class=\"vc_col-sm-6 wpb_column vc_column_container\"><div class=\"vc_column-inner\"><div class=\"wpb_wrapper\"><div class=\"wpb_text_column\"><div class=\"wpb_wrapper\"><h2>4 september: de gebroeders Aguilar strijken neer in San Jer\u00f3nimo<\/h2>\n<p>Op vrijdag de 4e, eveneens om <strong>21:30<\/strong>, presenteert het klooster van San Jer\u00f3nimo <em>Cuesti\u00f3n de tiempo<\/em>, een stuk gemaakt en uitgevoerd door de broers <strong>Diego en Hugo Aguilar<\/strong>.<\/p>\n<p>Het werk onderzoekt herinnering, identiteit, familie-erfgoed en volwassenwording via lichaam en baile. Het wil geen conventioneel verhaal vertellen, maar bouwt een traject op in vijf bewegingen \u2014<em>Lembranza, Albor, Confluencia, Soler<\/em> en <em>Umbral<\/em>\u2014 dat vertrekt vanuit de familieoorsprong en naar een gedeelde toekomst voert.<\/p>\n<p>Een van de meest betekenisvolle elementen is de aanwezigheid van de vader van de artiesten aan het begin van het stuk, als symbool van overdracht. Ook het klooster van San Jer\u00f3nimo zelf geeft een extra erfgoeddimensie aan een werk waarin verleden en heden expliciet met elkaar in dialoog gaan.<\/p>\n<p>Ook deze activiteit heeft <strong>vrije toegang zolang er plaatsen beschikbaar zijn<\/strong>.<\/p>\n<\/div><\/div><\/div><\/div><\/div><\/div><\/div><\/section><section class=\"l-section wpb_row height_huge color_alternate with_shape\"><div class=\"l-section-shape type_zigzag pos_top hor_flip\" style=\"height:3vmin;\"><svg xmlns=\"http:\/\/www.w3.org\/2000\/svg\" viewBox=\"0 0 64 8\" preserveAspectRatio=\"none\" width=\"100%\" height=\"100%\">\r\n\t<path fill=\"currentColor\" d=\"M64 8 L0 8 L0 0 L20 7.9 L40 3 L48 5 L64 0 Z\"\/>\r\n<\/svg><\/div><div class=\"l-section-shape type_zigzag pos_bottom\" style=\"height:3vmin;\"><svg xmlns=\"http:\/\/www.w3.org\/2000\/svg\" viewBox=\"0 0 64 8\" preserveAspectRatio=\"none\" width=\"100%\" height=\"100%\">\r\n\t<path fill=\"currentColor\" d=\"M64 8 L0 8 L0 0 L20 7.9 L40 3 L48 5 L64 0 Z\"\/>\r\n<\/svg><\/div><div class=\"l-section-h i-cf\"><div class=\"g-cols vc_row via_flex valign_top type_default stacking_default\"><div class=\"vc_col-sm-12 wpb_column vc_column_container\"><div class=\"vc_column-inner\"><div class=\"wpb_wrapper\"><div class=\"wpb_text_column\"><div class=\"wpb_wrapper\"><h2>5 september: Macarena Flamenca brengt een eerbetoon aan Jos\u00e9 de la Tomasa<\/h2>\n<p>Op zaterdag de 5e verhuist het programma naar de <strong>Plaza Virgen del Pilar, in de wijk La Barzola<\/strong>, waar de tweede editie van Festival Macarena Flamenca wordt gehouden. De speciale pagina van de Bi\u00ebnnale vermeldt als aanvangstijd <strong>21:30<\/strong>.<\/p>\n<p>Het festival ontstond in 2025 op initiatief van het district Macarena en wil uitgroeien tot een vaste flamenco-ontmoeting in een van de wijken van Sevilla met de sterkste volkse en jonda-traditie. De tweede editie is opgedragen aan <strong>Jos\u00e9 de la Tomasa<\/strong>, een sleutelfiguur van de Sevillaanse cante en erfgenaam van een van de historische flamencofamilies.<\/p>\n<p>Op het programma staan <strong>Potito<\/strong>, begeleid door Manuel Herrera; <strong>Antonio Reyes<\/strong>, met Nono Reyes; <strong>Remedios Reyes<\/strong>, met Julio Romero; en <strong>Manuel de la Tomasa<\/strong>, eveneens met Nono Reyes. De baile wordt vertegenwoordigd door <strong>Manuela Amador Carrasco<\/strong>, met Luis Amador op gitaar en Emilio Molina en Manuel Ta\u00f1\u00e9 voor de cante.<\/p>\n<p>Naast het eerbetoon heeft Macarena Flamenca een uitgesproken wijkgericht karakter: cante, toque en baile worden naar een open, alledaagse en toegankelijke plek gebracht. De toegang is vrij zolang er plaatsen beschikbaar zijn.<\/p>\n<\/div><\/div><\/div><\/div><\/div><\/div><\/div><\/section><section class=\"l-section wpb_row height_huge\"><div class=\"l-section-h i-cf\"><div class=\"g-cols vc_row via_flex valign_top type_default stacking_default\"><div class=\"vc_col-sm-12 wpb_column vc_column_container\"><div class=\"vc_column-inner\"><div class=\"wpb_wrapper\"><div class=\"wpb_text_column\"><div class=\"wpb_wrapper\"><h2>6 september: Fosforito, levende herinnering in het Mar\u00eda Luisa-park<\/h2>\n<p>Op zondag de 6e, om <strong>21:30<\/strong>, presenteert het Museum voor Volkskunst en Volksgebruiken van Sevilla <em>Nazareno y Olivares<\/em>, een scenische productie die het leven en werk volgt van <strong>Antonio Fern\u00e1ndez D\u00edaz, Fosforito<\/strong>.<\/p>\n<p>De keuze van deze hoofdpersoon heeft bijzondere betekenis. Fosforito is onmisbaar om de flamenco van de tweede helft van de 20e eeuw te begrijpen: een cantaor met een uitzonderlijk breed repertoire, hoofdfiguur van het Concurso Nacional de Arte Flamenco de C\u00f3rdoba van 1956 en sinds 2005 drager van de Llave de Oro del Cante.<\/p>\n<p>De Bi\u00ebnnale presenteert <em>Nazareno y Olivares<\/em> als een benadering van zijn loopbaan via <strong>woord, muziek en dans<\/strong>. Onder anderen Enrique Garc\u00e9s, Bernardo Miranda, Alejandro Hurtado en Yolanda Osuna nemen deel.<\/p>\n<p>De locatie is het Museum voor Volkskunst en Volksgebruiken aan de Plaza de Am\u00e9rica in het Mar\u00eda Luisa-park, opnieuw een voorbeeld van hoe dit voorprogramma erfgoedlocaties in de stad gebruikt in plaats van zich tot theaters te beperken. De activiteit is gratis zolang er plaatsen beschikbaar zijn.<\/p>\n<\/div><\/div><\/div><\/div><\/div><\/div><\/div><\/section><section class=\"l-section wpb_row height_huge color_alternate with_shape\"><div class=\"l-section-shape type_zigzag pos_top hor_flip\" style=\"height:3vmin;\"><svg xmlns=\"http:\/\/www.w3.org\/2000\/svg\" viewBox=\"0 0 64 8\" preserveAspectRatio=\"none\" width=\"100%\" height=\"100%\">\r\n\t<path fill=\"currentColor\" d=\"M64 8 L0 8 L0 0 L20 7.9 L40 3 L48 5 L64 0 Z\"\/>\r\n<\/svg><\/div><div class=\"l-section-shape type_zigzag pos_bottom\" style=\"height:3vmin;\"><svg xmlns=\"http:\/\/www.w3.org\/2000\/svg\" viewBox=\"0 0 64 8\" preserveAspectRatio=\"none\" width=\"100%\" height=\"100%\">\r\n\t<path fill=\"currentColor\" d=\"M64 8 L0 8 L0 0 L20 7.9 L40 3 L48 5 L64 0 Z\"\/>\r\n<\/svg><\/div><div class=\"l-section-h i-cf\"><div class=\"g-cols vc_row via_flex valign_top type_default stacking_default\"><div class=\"vc_col-sm-12 wpb_column vc_column_container\"><div class=\"vc_column-inner\"><div class=\"wpb_wrapper\"><div class=\"wpb_text_column\"><div class=\"wpb_wrapper\"><h2>7 september: een pauze v\u00f3\u00f3r de film<\/h2>\n<p>Op het moment van publicatie vermeldt het geraadpleegde offici\u00eble programma geen specifieke openbare Bi\u00ebnnale-activiteit voor maandag 7 september. Na vier opeenvolgende avonden met <em>Flamenco op straat<\/em>wordt het programma op dinsdag de 8e hervat.<\/p>\n<p>Die dag kan bijvoorbeeld worden gebruikt voor een bezoek aan <em>La noche azul<\/em>, dat in de Real F\u00e1brica de Artiller\u00eda geopend blijft, of om de centrale festivaldagen te plannen. Vanaf de 9e groeit het aantal activiteiten snel en overlappen voorstellingen op verschillende locaties in Sevilla elkaar.<\/p>\n<\/div><\/div><\/div><\/div><\/div><\/div><\/div><\/section><section class=\"l-section wpb_row height_huge\"><div class=\"l-section-h i-cf\"><div class=\"g-cols vc_row via_flex valign_top type_default stacking_default\"><div class=\"vc_col-sm-6 wpb_column vc_column_container\"><div class=\"vc_column-inner\"><div class=\"wpb_wrapper\"><div class=\"wpb_text_column\"><div class=\"wpb_wrapper\"><h2>8 september: flamenco komt naar de filmzaal<\/h2>\n<p>Een dag v\u00f3\u00f3r de offici\u00eble opening bereikt de Bi\u00ebnnale ook de <strong>Fundaci\u00f3n Tres Culturas del Mediterr\u00e1neo<\/strong>, op Isla de la Cartuja, met de filmreeks <em>Flamencas<\/em>.<\/p>\n<p>Het programma van deze reeks is gewijzigd ten opzichte van de eerste aankondigingen. <strong>Op het moment van publicatie vermeldt de offici\u00eble agenda van Fundaci\u00f3n Tres Culturas voor 8 september om 20:30 de vertoning van <em>Flamencas, mujeres, fuerza y duende<\/em><\/strong>, een documentaire van Marcos Medina en Jonathan Gonz\u00e1lez.<\/p>\n<p>De film van 98 minuten volgt de aanwezigheid, ontwikkeling en strijd van vrouwen binnen de flamenco aan de hand van de levensverhalen van <strong>60 cantaoras, gitaristes en bailaoras<\/strong> uit verschillende generaties, van diepgewortelde traditie tot fusiontalen.<\/p>\n<p>De vertoning staat als gratis vermeld. Omdat het toegangs- en reserveringssysteem kan worden aangepast, is het verstandig de beschikbaarheid rechtstreeks bij Fundaci\u00f3n Tres Culturas te controleren voordat je gaat.<\/p>\n<\/div><\/div><\/div><\/div><\/div><div class=\"vc_col-sm-6 wpb_column vc_column_container\"><div class=\"vc_column-inner\"><div class=\"wpb_wrapper\"><div class=\"wpb_text_column\"><div class=\"wpb_wrapper\"><h2>9 september: nu begint de 24e Bi\u00ebnnale officieel<\/h2>\n<p>Na deze voorafgaande week komt op woensdag de 9e de datum die als offici\u00eble festivalstart wordt vermeld. Om <strong>20:30<\/strong>vindt op de Plaza de San Francisco de gezongen openingsproloog plaats <em>Ecos primitivos. Cante en altura, danza en tierra<\/em>, onder leiding van <strong>Segundo Falc\u00f3n<\/strong>.<\/p>\n<p>De productie verandert het plein in een omhullend podium: de stemmen van Segundo Falc\u00f3n, Mar\u00eda Terremoto, Rafael de Utrera, Esperanza Fern\u00e1ndez en Pedro El Grana\u00edno worden over verschillende balkons verdeeld, terwijl <strong>Ana Morales<\/strong> het choreografische gedeelte in de centrale ruimte uitvoert.<\/p>\n<p>Deze proloog vormt de echte brug tussen het voorprogramma en het hoofdprogramma. De volgende dag, 10 september, volgt <em>El mundo por montera<\/em>, de grote gala-avond van de 24e Bi\u00ebnnale in de Plaza de Toros de la Real Maestranza, en vanaf de 11e komt het gelijktijdige programma in theaters, erfgoedlocaties en Noches \u00danicas volledig op gang.<\/p>\n<\/div><\/div><\/div><\/div><\/div><\/div><\/div><\/section><section class=\"l-section wpb_row height_huge color_alternate with_shape\"><div class=\"l-section-shape type_zigzag pos_top hor_flip\" style=\"height:3vmin;\"><svg xmlns=\"http:\/\/www.w3.org\/2000\/svg\" viewBox=\"0 0 64 8\" preserveAspectRatio=\"none\" width=\"100%\" height=\"100%\">\r\n\t<path fill=\"currentColor\" d=\"M64 8 L0 8 L0 0 L20 7.9 L40 3 L48 5 L64 0 Z\"\/>\r\n<\/svg><\/div><div class=\"l-section-shape type_zigzag pos_bottom\" style=\"height:3vmin;\"><svg xmlns=\"http:\/\/www.w3.org\/2000\/svg\" viewBox=\"0 0 64 8\" preserveAspectRatio=\"none\" width=\"100%\" height=\"100%\">\r\n\t<path fill=\"currentColor\" d=\"M64 8 L0 8 L0 0 L20 7.9 L40 3 L48 5 L64 0 Z\"\/>\r\n<\/svg><\/div><div class=\"l-section-h i-cf\"><div class=\"g-cols vc_row via_flex valign_top type_default stacking_default\"><div class=\"vc_col-sm-12 wpb_column vc_column_container\"><div class=\"vc_column-inner\"><div class=\"wpb_wrapper\"><div class=\"wpb_text_column\"><div class=\"wpb_wrapper\"><h2>Een voorafgaande week die bijna volledig gratis is<\/h2>\n<p>De aantrekkingskracht van deze eerste week zit niet alleen in het feit dat zij v\u00f3\u00f3r de offici\u00eble start plaatsvindt. Ze laat ook een kant van de Bi\u00ebnnale zien die bijzonder openstaat voor de stad.<\/p>\n<p>De voorstellingen van <em>Flamenco op straat<\/em> op 3, 4, 5 en 6 september zijn aangekondigd als <strong>gratis zolang er plaatsen beschikbaar zijn<\/strong>. Ook de filmvertoning op de 8e staat als gratis vermeld, al kan reservering of het vooraf ophalen van een uitnodiging vereist zijn. De tentoonstelling <em>La noche azul<\/em> heeft een eigen programma en het is verstandig de actuele bezoekvoorwaarden te controleren.<\/p>\n<p>Dat maakt de dagen v\u00f3\u00f3r 9 september bijzonder interessant voor inwoners en bezoekers die de Bi\u00ebnnale willen meemaken zonder uitsluitend afhankelijk te zijn van tickets voor de grote voorstellingen, waarvan veel al zeer gewild zijn.<\/p>\n<p>In onze speciale gids verzamelen we bovendien de belangrijkste gratis activiteiten van de hele editie.<\/p>\n<\/div><\/div><div class=\"w-separator size_medium\"><\/div><div class=\"w-hwrapper valign_top wrap stack_on_mobiles align_center\" style=\"--hwrapper-gap:1.2rem\"><div class=\"w-btn-wrapper align_none\"><a class=\"w-btn us-btn-style_1\" href=\"https:\/\/www.tablaosflamencos.com\/nl\/flamencobiennale-sevilla-2026-gratis.html\"><span class=\"w-btn-label\">Bekijk gratis activiteiten van de Bi\u00ebnnale<\/span><\/a><\/div><div class=\"w-btn-wrapper align_none\"><a class=\"w-btn us-btn-style_1\" href=\"https:\/\/www.tablaosflamencos.com\/nl\/flamenco-biennale-sevilla-2026.html\"><span class=\"w-btn-label\">Volledige gids Bi\u00ebnnale 2026<\/span><\/a><\/div><\/div><\/div><\/div><\/div><\/div><\/div><\/section><section class=\"l-section wpb_row height_huge\"><div class=\"l-section-h i-cf\"><div class=\"g-cols vc_row via_flex valign_top type_default stacking_default\"><div class=\"vc_col-sm-12 wpb_column vc_column_container\"><div class=\"vc_column-inner\"><div class=\"wpb_wrapper\"><div class=\"wpb_text_column\"><div class=\"wpb_wrapper\"><h2>Waar je rekening mee moet houden als je gaat<\/h2>\n<p>De activiteiten vooraf vinden plaats in zeer verschillende delen van Sevilla. Het is daarom belangrijk ze niet te beschouwen alsof ze deel uitmaken van \u00e9\u00e9n festivalterrein. Pol\u00edgono Sur, San Jer\u00f3nimo, Macarena, het Mar\u00eda Luisa-park, Real F\u00e1brica de Artiller\u00eda en Cartuja vereisen verschillende verplaatsingen.<\/p>\n<p>Bij gratis openluchtvoorstellingen of activiteiten met toegang zolang er plaatsen beschikbaar zijn, is het sterk aan te raden ruim op tijd te komen. Dat een activiteit gratis is, betekent niet dat toegang gegarandeerd is zodra de maximale capaciteit is bereikt.<\/p>\n<p>Controleer ook op de dag zelf de offici\u00eble informatie. Parallelprogramma&#8217;s zijn gevoeliger voor wijzigingen in tijden, locaties of reserveringssystemen dan voorstellingen met genummerde tickets. De filmreeks is daarvan een goed voorbeeld: Fundaci\u00f3n Tres Culturas heeft de volgorde van de films aangepast ten opzichte van de eerste gepubliceerde agenda&#8217;s.<\/p>\n<p>Wie meerdere dagen in Sevilla verblijft, kan deze voorafgaande week gebruiken om erfgoed, openbare activiteiten en live flamenco te combineren voordat het festival vanaf de 9e en vooral op 10 en 11 september zijn grootste intensiteit bereikt.<\/p>\n<\/div><\/div><\/div><\/div><\/div><\/div><\/div><\/section><section class=\"l-section wpb_row height_huge color_alternate with_shape\"><div class=\"l-section-shape type_zigzag pos_top hor_flip\" style=\"height:3vmin;\"><svg xmlns=\"http:\/\/www.w3.org\/2000\/svg\" viewBox=\"0 0 64 8\" preserveAspectRatio=\"none\" width=\"100%\" height=\"100%\">\r\n\t<path fill=\"currentColor\" d=\"M64 8 L0 8 L0 0 L20 7.9 L40 3 L48 5 L64 0 Z\"\/>\r\n<\/svg><\/div><div class=\"l-section-shape type_zigzag pos_bottom\" style=\"height:3vmin;\"><svg xmlns=\"http:\/\/www.w3.org\/2000\/svg\" viewBox=\"0 0 64 8\" preserveAspectRatio=\"none\" width=\"100%\" height=\"100%\">\r\n\t<path fill=\"currentColor\" d=\"M64 8 L0 8 L0 0 L20 7.9 L40 3 L48 5 L64 0 Z\"\/>\r\n<\/svg><\/div><div class=\"l-section-h i-cf\"><div class=\"g-cols vc_row via_flex valign_top type_default stacking_default\"><div class=\"vc_col-sm-1\/5 wpb_column vc_column_container\"><div class=\"vc_column-inner\"><div class=\"wpb_wrapper\"><\/div><\/div><\/div><div class=\"vc_col-sm-3\/5 wpb_column vc_column_container\"><div class=\"vc_column-inner\"><div class=\"wpb_wrapper\"><div class=\"wpb_text_column\"><div class=\"wpb_wrapper\"><h2>Veelgestelde vragen over de dagen v\u00f3\u00f3r de Bi\u00ebnnale 2026<\/h2>\n<\/div><\/div><div class=\"w-separator size_medium\"><\/div><div class=\"w-tabs accordion toggle_style_1 has_scrolling\" style=\"--sections-title-size:inherit;--sections-gap:0.5rem;\"><div class=\"w-tabs-sections titles-align_none icon_plus cpos_left\"><div class=\"w-tabs-section\" id=\"sccf\" itemscope itemprop=\"mainEntity\" itemtype=\"https:\/\/schema.org\/Question\"><button type=\"button\" class=\"w-tabs-section-header\" aria-controls=\"content-sccf\" aria-expanded=\"false\"><h3 class=\"w-tabs-section-title\" itemprop=\"name\">Wanneer begint de Flamencobi\u00ebnnale van Sevilla 2026 echt?<\/h3><div class=\"w-tabs-section-control\"><\/div><\/button><div  class=\"w-tabs-section-content\" id=\"content-sccf\" itemscope itemprop=\"acceptedAnswer\" itemtype=\"https:\/\/schema.org\/Answer\"><div class=\"w-tabs-section-content-h i-cf\" itemprop=\"text\"><div class=\"wpb_text_column\"><div class=\"wpb_wrapper\"><p>De offici\u00eble data van de 24e Flamencobi\u00ebnnale lopen van 9 september tot en met 3 oktober 2026, maar de activiteiten rond deze editie beginnen eerder. De tentoonstelling <em>La noche azul<\/em> opent op 2 september en tussen de 3e en de 8e vinden gratis voorstellingen en de eerste vertoning van de filmreeks van de Bi\u00ebnnale plaats.<\/p>\n<\/div><\/div><\/div><\/div><\/div><div class=\"w-tabs-section\" id=\"de6a\" itemscope itemprop=\"mainEntity\" itemtype=\"https:\/\/schema.org\/Question\"><button type=\"button\" class=\"w-tabs-section-header\" aria-controls=\"content-de6a\" aria-expanded=\"false\"><h3 class=\"w-tabs-section-title\" itemprop=\"name\">Welke activiteiten van de Bi\u00ebnnale zijn er v\u00f3\u00f3r 9 september?<\/h3><div class=\"w-tabs-section-control\"><\/div><\/button><div  class=\"w-tabs-section-content\" id=\"content-de6a\" itemscope itemprop=\"acceptedAnswer\" itemtype=\"https:\/\/schema.org\/Answer\"><div class=\"w-tabs-section-content-h i-cf\" itemprop=\"text\"><div class=\"wpb_text_column\"><div class=\"wpb_wrapper\"><p>Voor de offici\u00eble opening staan op het programma <em>La noche azul<\/em> op de 2e; <em>La noche de las gitanas<\/em> op de 3e; <em>Cuesti\u00f3n de tiempo<\/em> van de gebroeders Aguilar op de 4e; het II Festival Macarena Flamenca op de 5e; <em>Nazareno y Olivares<\/em>, het eerbetoon aan Fosforito, op de 6e; en de eerste vertoning van de filmreeks <em>Flamencas<\/em> op de 8e.<\/p>\n<\/div><\/div><\/div><\/div><\/div><div class=\"w-tabs-section\" id=\"wfb4\" itemscope itemprop=\"mainEntity\" itemtype=\"https:\/\/schema.org\/Question\"><button type=\"button\" class=\"w-tabs-section-header\" aria-controls=\"content-wfb4\" aria-expanded=\"false\"><h3 class=\"w-tabs-section-title\" itemprop=\"name\">Zijn de voorstellingen op 3, 4, 5 en 6 september gratis?<\/h3><div class=\"w-tabs-section-control\"><\/div><\/button><div  class=\"w-tabs-section-content\" id=\"content-wfb4\" itemscope itemprop=\"acceptedAnswer\" itemtype=\"https:\/\/schema.org\/Answer\"><div class=\"w-tabs-section-content-h i-cf\" itemprop=\"text\"><div class=\"wpb_text_column\"><div class=\"wpb_wrapper\"><p>Ja. De vier activiteiten van <em>Flamenco op straat<\/em> zijn aangekondigd als gratis activiteiten met vrije toegang zolang er plaatsen beschikbaar zijn. Daarom is het verstandig vroeg te komen, vooral op locaties met een beperkte capaciteit.<\/p>\n<\/div><\/div><\/div><\/div><\/div><div class=\"w-tabs-section\" id=\"c0eb\" itemscope itemprop=\"mainEntity\" itemtype=\"https:\/\/schema.org\/Question\"><button type=\"button\" class=\"w-tabs-section-header\" aria-controls=\"content-c0eb\" aria-expanded=\"false\"><h3 class=\"w-tabs-section-title\" itemprop=\"name\">Welke film wordt op 8 september vertoond bij Fundaci\u00f3n Tres Culturas?<\/h3><div class=\"w-tabs-section-control\"><\/div><\/button><div  class=\"w-tabs-section-content\" id=\"content-c0eb\" itemscope itemprop=\"acceptedAnswer\" itemtype=\"https:\/\/schema.org\/Answer\"><div class=\"w-tabs-section-content-h i-cf\" itemprop=\"text\"><div class=\"wpb_text_column\"><div class=\"wpb_wrapper\"><p>Op het moment van publicatie vermeldt het bijgewerkte programma van Fundaci\u00f3n Tres Culturas voor 8 september om 20:30 <em>Flamencas, mujeres, fuerza y duende<\/em>, van Marcos Medina en Jonathan Gonz\u00e1lez. Sommige eerdere agenda&#8217;s tonen een andere volgorde van de films; daarom raden we aan de offici\u00eble evenementpagina v\u00f3\u00f3r je bezoek te controleren.<\/p>\n<\/div><\/div><\/div><\/div><\/div><div class=\"w-tabs-section\" id=\"s24c\" itemscope itemprop=\"mainEntity\" itemtype=\"https:\/\/schema.org\/Question\"><button type=\"button\" class=\"w-tabs-section-header\" aria-controls=\"content-s24c\" aria-expanded=\"false\"><h3 class=\"w-tabs-section-title\" itemprop=\"name\">Wat gebeurt er op 9 september tijdens de Bi\u00ebnnale?<\/h3><div class=\"w-tabs-section-control\"><\/div><\/button><div  class=\"w-tabs-section-content\" id=\"content-s24c\" itemscope itemprop=\"acceptedAnswer\" itemtype=\"https:\/\/schema.org\/Answer\"><div class=\"w-tabs-section-content-h i-cf\" itemprop=\"text\"><div class=\"wpb_text_column\"><div class=\"wpb_wrapper\"><p>Op 9 september vindt de offici\u00eble opening plaats met de gezongen proloog <em>Ecos primitivos. Cante en altura, danza en tierra<\/em>, onder leiding van Segundo Falc\u00f3n op de Plaza de San Francisco om 20:30. Onder anderen Mar\u00eda Terremoto, Rafael de Utrera, Esperanza Fern\u00e1ndez, Pedro El Grana\u00edno en bailaora Ana Morales nemen deel.<\/p>\n<\/div><\/div><\/div><\/div><\/div><div class=\"w-tabs-section\" id=\"k37d\" itemscope itemprop=\"mainEntity\" itemtype=\"https:\/\/schema.org\/Question\"><button type=\"button\" class=\"w-tabs-section-header\" aria-controls=\"content-k37d\" aria-expanded=\"false\"><h3 class=\"w-tabs-section-title\" itemprop=\"name\">Waar kan ik het volledige programma van de Bi\u00ebnnale 2026 bekijken?<\/h3><div class=\"w-tabs-section-control\"><\/div><\/button><div  class=\"w-tabs-section-content\" id=\"content-k37d\" itemscope itemprop=\"acceptedAnswer\" itemtype=\"https:\/\/schema.org\/Answer\"><div class=\"w-tabs-section-content-h i-cf\" itemprop=\"text\"><div class=\"wpb_text_column\"><div class=\"wpb_wrapper\"><p>Het volledige programma en eventuele updates moeten worden geraadpleegd op de offici\u00eble website van de Flamencobi\u00ebnnale van Sevilla. Op Tablaos Flamencos houden we daarnaast een algemene gids voor de editie van 2026 bij, evenals afzonderlijke artikelen over gratis activiteiten, Noches \u00danicas, uitverkochte tickets en tentoonstellingen.<\/p>\n<\/div><\/div><\/div><\/div><\/div><\/div><\/div><\/div><\/div><\/div><div class=\"vc_col-sm-1\/5 wpb_column vc_column_container\"><div class=\"vc_column-inner\"><div class=\"wpb_wrapper\"><\/div><\/div><\/div><\/div><\/div><\/section><section class=\"l-section wpb_row height_huge\"><div class=\"l-section-h i-cf\"><div class=\"g-cols vc_row via_flex valign_top type_default stacking_default\"><div class=\"vc_col-sm-12 wpb_column vc_column_container\"><div class=\"vc_column-inner\"><div class=\"wpb_wrapper\"><div class=\"wpb_text_column\"><div class=\"wpb_wrapper\"><h2>De Bi\u00ebnnale verspreidt zich door Sevilla nog v\u00f3\u00f3r het doek opgaat<\/h2>\n<p>De vroege start van de 24e Bi\u00ebnnale maakt een van de centrale idee\u00ebn van deze editie duidelijk: het festival wil zich niet beperken tot een reeks voorstellingen in theaters. Nog v\u00f3\u00f3r de openingsproloog zal flamenco al aanwezig zijn geweest in een historische tentoonstelling, wijken met een eigen identiteit, erfgoedlocaties en een filmzaal.<\/p>\n<p>Wie in de eerste week van september in Sevilla is en tot de 9e wacht, mist een belangrijk deel van de ervaring. <strong>De Bi\u00ebnnale is vanaf 2 september al voelbaar<\/strong> en bouwt gedurende zes dagen een introductie op waarin herinnering, baile, cante, eerbetoon, burgerparticipatie en audiovisuele cultuur samenkomen.<\/p>\n<p>Daarna begint het hoofdprogramma. Maar tegen die tijd leeft Sevilla al een week in het ritme van de Bi\u00ebnnale.<\/p>\n<\/div><\/div><\/div><\/div><\/div><\/div><\/div><\/section><section class=\"l-section wpb_row height_huge color_alternate with_shape\"><div class=\"l-section-shape type_zigzag pos_top hor_flip\" style=\"height:3vmin;\"><svg xmlns=\"http:\/\/www.w3.org\/2000\/svg\" viewBox=\"0 0 64 8\" preserveAspectRatio=\"none\" width=\"100%\" height=\"100%\">\r\n\t<path fill=\"currentColor\" d=\"M64 8 L0 8 L0 0 L20 7.9 L40 3 L48 5 L64 0 Z\"\/>\r\n<\/svg><\/div><div class=\"l-section-h i-cf\"><div class=\"g-cols vc_row via_flex valign_top type_default stacking_default\"><div class=\"vc_col-sm-12 wpb_column vc_column_container\"><div class=\"vc_column-inner\"><div class=\"wpb_wrapper\"><div class=\"wpb_text_column\"><div class=\"wpb_wrapper\"><h2>Bronnen en programma-updates<\/h2>\n<p>Voor deze gids hebben we het algemene programma en de parallelle activiteiten van de 24e Bi\u00ebnnale vergeleken met de afzonderlijke informatie over de eerste evenementen en met de bijgewerkte agenda van Fundaci\u00f3n Tres Culturas del Mediterr\u00e1neo.<\/p>\n<ul>\n<li><a href=\"https:\/\/www.labienal.com\/\" target=\"_blank\" rel=\"noopener\">Flamencobi\u00ebnnale van Sevilla \u2014 offici\u00eble website<\/a>.<\/li>\n<li><a href=\"https:\/\/www.labienal.com\/noticias\/las-otras-perlas-de-la-bienal\" target=\"_blank\" rel=\"noopener\">Andere parels \u2014 parallelprogramma van de Bi\u00ebnnale<\/a>.<\/li>\n<li><a href=\"https:\/\/www.labienal.com\/otras-perlas-actividades-paralelas\/flamenco-a-pie-de-calle\/la-noche-de-las-gitanas\" target=\"_blank\" rel=\"noopener\">La noche de las gitanas \u2014 offici\u00eble evenementpagina<\/a>.<\/li>\n<li><a href=\"https:\/\/www.labienal.com\/otras-perlas-actividades-paralelas\/flamenco-a-pie-de-calle\/cuestion-de-tiempo-hermanos-aguilar\" target=\"_blank\" rel=\"noopener\">Cuesti\u00f3n de tiempo \u2014 gebroeders Aguilar<\/a>.<\/li>\n<li><a href=\"https:\/\/www.labienal.com\/otras-perlas-actividades-paralelas\/flamenco-a-pie-de-calle\/festival-macarena-flamenca\" target=\"_blank\" rel=\"noopener\">Festival Macarena Flamenca \u2014 offici\u00eble evenementpagina<\/a>.<\/li>\n<li><a href=\"https:\/\/tresculturas.org\/actividad\/bienal-de-flamenco-de-sevilla-2026-ciclo-de-cine-flamencas-flamencas-mujeres-fuerza-y-duende\/\" target=\"_blank\" rel=\"noopener\">Fundaci\u00f3n Tres Culturas \u2014 filmreeks Flamencas, 8 september<\/a>.<\/li>\n<\/ul>\n<p><small>Informatie gecontroleerd op 30 augustus 2026. Organisatoren kunnen tijden, toegang of programmering wijzigen.<\/small><\/p>\n<\/div><\/div><\/div><\/div><\/div><\/div><\/div><\/section>\n","protected":false},"excerpt":{"rendered":"<p>De Flamencobi\u00ebnnale van Sevilla 2026 begint al v\u00f3\u00f3r 9 september, met tentoonstellingen, gratis flamenco, film en activiteiten van 2 tot en met 8 september.<\/p>\n","protected":false},"author":1,"featured_media":13615,"comment_status":"closed","ping_status":"closed","sticky":false,"template":"","format":"standard","meta":{"_acf_changed":false,"wpai_generated_summary":"","_ayudawp_aiss_exclude":false,"_ayudawp_aiss_exclude_summary":false,"_ayudawp_aiss_summary":"","_ayudawp_aiss_summary_provider":"","_ayudawp_aiss_summary_hash":"","footnotes":""},"categories":[1432,376],"tags":[1720,1715,1721,1719,1716,1717,1718,423],"class_list":["post-13647","post","type-post","status-publish","format-standard","has-post-thumbnail","hentry","category-flamencobiennale","category-flamenco-nieuws","tag-andere-parels","tag-flamenco-in-sevilla-nl","tag-flamenco-op-straat","tag-flamencoagenda-nl","tag-flamencobiennale-tag-nl","tag-flamencobiennale-2026-nl","tag-flamencofestivals-nl","tag-sevilla"],"acf":[],"yoast_head":"<!-- This site is optimized with the Yoast SEO Premium plugin v28.3 (Yoast SEO v28.3) - https:\/\/yoast.com\/product\/yoast-seo-premium-wordpress\/ -->\n<title>Flamencobi\u00ebnnale Sevilla 2026 v\u00f3\u00f3r 9 september | Tablaos Flamencos<\/title>\n<meta name=\"description\" content=\"De Flamencobi\u00ebnnale van Sevilla 2026 begint al v\u00f3\u00f3r 9 september: tentoonstelling, gratis flamenco, film en activiteiten van 2 tot en met 8 september.\" \/>\n<meta name=\"robots\" content=\"index, follow, max-snippet:-1, max-image-preview:large, max-video-preview:-1\" \/>\n<link rel=\"canonical\" href=\"https:\/\/www.tablaosflamencos.com\/nl\/flamencobiennale-sevilla-2026-voor-9-september.html\" \/>\n<meta property=\"og:locale\" content=\"nl_NL\" \/>\n<meta property=\"og:type\" content=\"article\" \/>\n<meta property=\"og:title\" content=\"De Bi\u00ebnnale begint v\u00f3\u00f3r 9 september: eerste evenementen en activiteiten\" \/>\n<meta property=\"og:description\" content=\"De Flamencobi\u00ebnnale van Sevilla 2026 begint al v\u00f3\u00f3r 9 september: tentoonstelling, gratis flamenco, film en activiteiten van 2 tot en met 8 september.\" \/>\n<meta property=\"og:url\" content=\"https:\/\/www.tablaosflamencos.com\/nl\/flamencobiennale-sevilla-2026-voor-9-september.html\" \/>\n<meta property=\"og:site_name\" content=\"Tablaos Flamencos\" \/>\n<meta property=\"article:publisher\" content=\"https:\/\/www.facebook.com\/tablaosflamencos\" \/>\n<meta property=\"article:published_time\" content=\"2026-08-31T13:23:02+00:00\" \/>\n<meta property=\"article:modified_time\" content=\"2026-08-31T15:55:02+00:00\" \/>\n<meta property=\"og:image\" content=\"https:\/\/www.tablaosflamencos.com\/wp-content\/uploads\/la-bienal-empieza-antes-del-9-de-septiembre-primeros-eventos-y-actividades-01.webp\" \/>\n\t<meta property=\"og:image:width\" content=\"1920\" \/>\n\t<meta property=\"og:image:height\" content=\"1072\" \/>\n\t<meta property=\"og:image:type\" content=\"image\/webp\" \/>\n<meta name=\"author\" content=\"Miguel Ortiz\" \/>\n<meta name=\"twitter:card\" content=\"summary_large_image\" \/>\n<meta name=\"twitter:creator\" content=\"@tablaosflamenco\" \/>\n<meta name=\"twitter:site\" content=\"@tablaosflamenco\" \/>\n<meta name=\"twitter:label1\" content=\"Geschreven door\" \/>\n\t<meta name=\"twitter:data1\" content=\"Miguel Ortiz\" \/>\n\t<meta name=\"twitter:label2\" content=\"Geschatte leestijd\" \/>\n\t<meta name=\"twitter:data2\" content=\"15 minuten\" \/>\n<script type=\"application\/ld+json\" class=\"yoast-schema-graph\">{\"@context\":\"https:\\\/\\\/schema.org\",\"@graph\":[{\"@type\":\"Article\",\"@id\":\"https:\\\/\\\/www.tablaosflamencos.com\\\/nl\\\/flamencobiennale-sevilla-2026-voor-9-september.html#article\",\"isPartOf\":{\"@id\":\"https:\\\/\\\/www.tablaosflamencos.com\\\/nl\\\/flamencobiennale-sevilla-2026-voor-9-september.html\"},\"author\":{\"name\":\"Miguel Ortiz\",\"@id\":\"https:\\\/\\\/www.tablaosflamencos.com\\\/nl#\\\/schema\\\/person\\\/e7a9ebe14eb75a52ceabfbffb3c54f5d\"},\"headline\":\"De Bi\u00ebnnale begint v\u00f3\u00f3r 9 september: eerste evenementen en activiteiten\",\"datePublished\":\"2026-08-31T13:23:02+00:00\",\"dateModified\":\"2026-08-31T15:55:02+00:00\",\"mainEntityOfPage\":{\"@id\":\"https:\\\/\\\/www.tablaosflamencos.com\\\/nl\\\/flamencobiennale-sevilla-2026-voor-9-september.html\"},\"wordCount\":3101,\"publisher\":{\"@id\":\"https:\\\/\\\/www.tablaosflamencos.com\\\/nl#organization\"},\"image\":{\"@id\":\"https:\\\/\\\/www.tablaosflamencos.com\\\/nl\\\/flamencobiennale-sevilla-2026-voor-9-september.html#primaryimage\"},\"thumbnailUrl\":\"https:\\\/\\\/www.tablaosflamencos.com\\\/wp-content\\\/uploads\\\/la-bienal-empieza-antes-del-9-de-septiembre-primeros-eventos-y-actividades-01.webp\",\"keywords\":[\"Andere parels\",\"flamenco in Sevilla\",\"Flamenco op straat\",\"flamencoagenda\",\"Flamencobi\u00ebnnale\",\"Flamencobi\u00ebnnale 2026\",\"flamencofestivals\",\"sevilla\"],\"articleSection\":[\"Flamencobi\u00ebnnale\",\"Nieuws \\\/ Updates\"],\"inLanguage\":\"nl-NL\"},{\"@type\":\"WebPage\",\"@id\":\"https:\\\/\\\/www.tablaosflamencos.com\\\/nl\\\/flamencobiennale-sevilla-2026-voor-9-september.html\",\"url\":\"https:\\\/\\\/www.tablaosflamencos.com\\\/nl\\\/flamencobiennale-sevilla-2026-voor-9-september.html\",\"name\":\"Flamencobi\u00ebnnale Sevilla 2026 v\u00f3\u00f3r 9 september | Tablaos Flamencos\",\"isPartOf\":{\"@id\":\"https:\\\/\\\/www.tablaosflamencos.com\\\/nl#website\"},\"primaryImageOfPage\":{\"@id\":\"https:\\\/\\\/www.tablaosflamencos.com\\\/nl\\\/flamencobiennale-sevilla-2026-voor-9-september.html#primaryimage\"},\"image\":{\"@id\":\"https:\\\/\\\/www.tablaosflamencos.com\\\/nl\\\/flamencobiennale-sevilla-2026-voor-9-september.html#primaryimage\"},\"thumbnailUrl\":\"https:\\\/\\\/www.tablaosflamencos.com\\\/wp-content\\\/uploads\\\/la-bienal-empieza-antes-del-9-de-septiembre-primeros-eventos-y-actividades-01.webp\",\"datePublished\":\"2026-08-31T13:23:02+00:00\",\"dateModified\":\"2026-08-31T15:55:02+00:00\",\"description\":\"De Flamencobi\u00ebnnale van Sevilla 2026 begint al v\u00f3\u00f3r 9 september: tentoonstelling, gratis flamenco, film en activiteiten van 2 tot en met 8 september.\",\"breadcrumb\":{\"@id\":\"https:\\\/\\\/www.tablaosflamencos.com\\\/nl\\\/flamencobiennale-sevilla-2026-voor-9-september.html#breadcrumb\"},\"inLanguage\":\"nl-NL\",\"potentialAction\":[{\"@type\":\"ReadAction\",\"target\":[\"https:\\\/\\\/www.tablaosflamencos.com\\\/nl\\\/flamencobiennale-sevilla-2026-voor-9-september.html\"]}]},{\"@type\":\"ImageObject\",\"inLanguage\":\"nl-NL\",\"@id\":\"https:\\\/\\\/www.tablaosflamencos.com\\\/nl\\\/flamencobiennale-sevilla-2026-voor-9-september.html#primaryimage\",\"url\":\"https:\\\/\\\/www.tablaosflamencos.com\\\/wp-content\\\/uploads\\\/la-bienal-empieza-antes-del-9-de-septiembre-primeros-eventos-y-actividades-01.webp\",\"contentUrl\":\"https:\\\/\\\/www.tablaosflamencos.com\\\/wp-content\\\/uploads\\\/la-bienal-empieza-antes-del-9-de-septiembre-primeros-eventos-y-actividades-01.webp\",\"width\":1920,\"height\":1072,\"caption\":\"La Bienal empieza antes del 9 de septiembre: primeros eventos y actividades\"},{\"@type\":\"BreadcrumbList\",\"@id\":\"https:\\\/\\\/www.tablaosflamencos.com\\\/nl\\\/flamencobiennale-sevilla-2026-voor-9-september.html#breadcrumb\",\"itemListElement\":[{\"@type\":\"ListItem\",\"position\":1,\"name\":\"Home\",\"item\":\"https:\\\/\\\/www.tablaosflamencos.com\\\/nl\"},{\"@type\":\"ListItem\",\"position\":2,\"name\":\"De Bi\u00ebnnale begint v\u00f3\u00f3r 9 september: eerste evenementen en activiteiten\"}]},{\"@type\":\"WebSite\",\"@id\":\"https:\\\/\\\/www.tablaosflamencos.com\\\/nl#website\",\"url\":\"https:\\\/\\\/www.tablaosflamencos.com\\\/nl\",\"name\":\"Tablaos Flamencos\",\"description\":\"Entradas para tablaos flamencos de Espa\u00f1a\",\"publisher\":{\"@id\":\"https:\\\/\\\/www.tablaosflamencos.com\\\/nl#organization\"},\"alternateName\":\"Tablaos Flamencos\",\"potentialAction\":[{\"@type\":\"SearchAction\",\"target\":{\"@type\":\"EntryPoint\",\"urlTemplate\":\"https:\\\/\\\/www.tablaosflamencos.com\\\/nl?s={search_term_string}\"},\"query-input\":{\"@type\":\"PropertyValueSpecification\",\"valueRequired\":true,\"valueName\":\"search_term_string\"}}],\"inLanguage\":\"nl-NL\"},{\"@type\":[\"Organization\",\"Place\",\"EntertainmentBusiness\"],\"@id\":\"https:\\\/\\\/www.tablaosflamencos.com\\\/nl#organization\",\"name\":\"Tablaos Flamencos\",\"alternateName\":\"Tablaos Flamencos\",\"url\":\"https:\\\/\\\/www.tablaosflamencos.com\\\/nl\",\"logo\":{\"@id\":\"https:\\\/\\\/www.tablaosflamencos.com\\\/nl\\\/flamencobiennale-sevilla-2026-voor-9-september.html#local-main-organization-logo\"},\"image\":{\"@id\":\"https:\\\/\\\/www.tablaosflamencos.com\\\/nl\\\/flamencobiennale-sevilla-2026-voor-9-september.html#local-main-organization-logo\"},\"sameAs\":[\"https:\\\/\\\/www.facebook.com\\\/tablaosflamencos\",\"https:\\\/\\\/x.com\\\/tablaosflamenco\",\"https:\\\/\\\/mastodon.social\\\/@tablaosflamencos\",\"https:\\\/\\\/www.instagram.com\\\/tablaosflamencos\",\"https:\\\/\\\/tiktok.com\\\/@tablaosflamencos\",\"https:\\\/\\\/www.linkedin.com\\\/company\\\/109408238\\\/\"],\"description\":\"Venta de entradas para espect\u00e1culos flamencos\",\"legalName\":\"Tablaos Flamencos\",\"foundingDate\":\"2015-01-01\",\"numberOfEmployees\":{\"@type\":\"QuantitativeValue\",\"minValue\":\"1\",\"maxValue\":\"10\"},\"address\":{\"@id\":\"https:\\\/\\\/www.tablaosflamencos.com\\\/nl\\\/flamencobiennale-sevilla-2026-voor-9-september.html#local-main-place-address\"},\"geo\":{\"@type\":\"GeoCoordinates\",\"latitude\":\"37.3868072\",\"longitude\":\"-5.993280299999999\"},\"telephone\":[\"+34623787787\"],\"contactPoint\":{\"@type\":\"ContactPoint\",\"telephone\":\"+34623787787\",\"email\":\"info@tablaosflamencos.com\"},\"openingHoursSpecification\":{\"@type\":\"OpeningHoursSpecification\",\"dayOfWeek\":[\"Monday\",\"Tuesday\",\"Wednesday\",\"Thursday\",\"Friday\",\"Saturday\",\"Sunday\"],\"opens\":\"00:00\",\"closes\":\"23:59\"},\"email\":\"info@tablaosflamencos.com\",\"priceRange\":\"$$$\",\"currenciesAccepted\":\"\u20ac\"},{\"@type\":\"Person\",\"@id\":\"https:\\\/\\\/www.tablaosflamencos.com\\\/nl#\\\/schema\\\/person\\\/e7a9ebe14eb75a52ceabfbffb3c54f5d\",\"name\":\"Miguel Ortiz\",\"description\":\"Miguel Ortiz es un empresario flamenco, con una s\u00f3lida trayectoria dentro del sector. Ha presidido entidades culturales vinculadas al flamenco y, cuenta con un amplio recorrido profesional en la gesti\u00f3n y promoci\u00f3n de espect\u00e1culos y tablaos flamencos. Su pasi\u00f3n por la historia y el arte flamenco se refleja en cada art\u00edculo, donde combina experiencia, criterio y un profundo respeto por la tradici\u00f3n.\",\"sameAs\":[\"https:\\\/\\\/www.tablaosflamencos.com\",\"https:\\\/\\\/www.instagra.com\\\/miguelortizfe\",\"https:\\\/\\\/www.linkedin.com\\\/in\\\/miguelortizf\\\/\"],\"birthDate\":\"1984-11-22\",\"gender\":\"hombre\",\"knowsLanguage\":[\"espa\u00f1ol\",\"ingl\u00e9s\"],\"jobTitle\":\"Empresario flamenco\"},{\"@type\":\"PostalAddress\",\"@id\":\"https:\\\/\\\/www.tablaosflamencos.com\\\/nl\\\/flamencobiennale-sevilla-2026-voor-9-september.html#local-main-place-address\",\"streetAddress\":\"C\\\/ Alemanes, 19\",\"addressLocality\":\"Sevilla\",\"postalCode\":\"41004\",\"addressRegion\":\"Sevilla\",\"addressCountry\":\"ES\"},{\"@type\":\"ImageObject\",\"inLanguage\":\"nl-NL\",\"@id\":\"https:\\\/\\\/www.tablaosflamencos.com\\\/nl\\\/flamencobiennale-sevilla-2026-voor-9-september.html#local-main-organization-logo\",\"url\":\"https:\\\/\\\/www.tablaosflamencos.com\\\/wp-content\\\/uploads\\\/tablaos-flamencos-06-3.webp\",\"contentUrl\":\"https:\\\/\\\/www.tablaosflamencos.com\\\/wp-content\\\/uploads\\\/tablaos-flamencos-06-3.webp\",\"width\":600,\"height\":620,\"caption\":\"Tablaos Flamencos\"}]}<\/script>\n<meta name=\"geo.placename\" content=\"Sevilla\" \/>\n<meta name=\"geo.position\" content=\"37.3868072;-5.993280299999999\" \/>\n<meta name=\"geo.region\" content=\"Spanje\" \/>\n<!-- \/ Yoast SEO Premium plugin. -->","yoast_head_json":{"title":"Flamencobi\u00ebnnale Sevilla 2026 v\u00f3\u00f3r 9 september | Tablaos Flamencos","description":"De Flamencobi\u00ebnnale van Sevilla 2026 begint al v\u00f3\u00f3r 9 september: tentoonstelling, gratis flamenco, film en activiteiten van 2 tot en met 8 september.","robots":{"index":"index","follow":"follow","max-snippet":"max-snippet:-1","max-image-preview":"max-image-preview:large","max-video-preview":"max-video-preview:-1"},"canonical":"https:\/\/www.tablaosflamencos.com\/nl\/flamencobiennale-sevilla-2026-voor-9-september.html","og_locale":"nl_NL","og_type":"article","og_title":"De Bi\u00ebnnale begint v\u00f3\u00f3r 9 september: eerste evenementen en activiteiten","og_description":"De Flamencobi\u00ebnnale van Sevilla 2026 begint al v\u00f3\u00f3r 9 september: tentoonstelling, gratis flamenco, film en activiteiten van 2 tot en met 8 september.","og_url":"https:\/\/www.tablaosflamencos.com\/nl\/flamencobiennale-sevilla-2026-voor-9-september.html","og_site_name":"Tablaos Flamencos","article_publisher":"https:\/\/www.facebook.com\/tablaosflamencos","article_published_time":"2026-08-31T13:23:02+00:00","article_modified_time":"2026-08-31T15:55:02+00:00","og_image":[{"width":1920,"height":1072,"url":"https:\/\/www.tablaosflamencos.com\/wp-content\/uploads\/la-bienal-empieza-antes-del-9-de-septiembre-primeros-eventos-y-actividades-01.webp","type":"image\/webp"}],"author":"Miguel Ortiz","twitter_card":"summary_large_image","twitter_creator":"@tablaosflamenco","twitter_site":"@tablaosflamenco","twitter_misc":{"Geschreven door":"Miguel Ortiz","Geschatte leestijd":"15 minuten"},"schema":{"@context":"https:\/\/schema.org","@graph":[{"@type":"Article","@id":"https:\/\/www.tablaosflamencos.com\/nl\/flamencobiennale-sevilla-2026-voor-9-september.html#article","isPartOf":{"@id":"https:\/\/www.tablaosflamencos.com\/nl\/flamencobiennale-sevilla-2026-voor-9-september.html"},"author":{"name":"Miguel Ortiz","@id":"https:\/\/www.tablaosflamencos.com\/nl#\/schema\/person\/e7a9ebe14eb75a52ceabfbffb3c54f5d"},"headline":"De Bi\u00ebnnale begint v\u00f3\u00f3r 9 september: eerste evenementen en activiteiten","datePublished":"2026-08-31T13:23:02+00:00","dateModified":"2026-08-31T15:55:02+00:00","mainEntityOfPage":{"@id":"https:\/\/www.tablaosflamencos.com\/nl\/flamencobiennale-sevilla-2026-voor-9-september.html"},"wordCount":3101,"publisher":{"@id":"https:\/\/www.tablaosflamencos.com\/nl#organization"},"image":{"@id":"https:\/\/www.tablaosflamencos.com\/nl\/flamencobiennale-sevilla-2026-voor-9-september.html#primaryimage"},"thumbnailUrl":"https:\/\/www.tablaosflamencos.com\/wp-content\/uploads\/la-bienal-empieza-antes-del-9-de-septiembre-primeros-eventos-y-actividades-01.webp","keywords":["Andere parels","flamenco in Sevilla","Flamenco op straat","flamencoagenda","Flamencobi\u00ebnnale","Flamencobi\u00ebnnale 2026","flamencofestivals","sevilla"],"articleSection":["Flamencobi\u00ebnnale","Nieuws \/ Updates"],"inLanguage":"nl-NL"},{"@type":"WebPage","@id":"https:\/\/www.tablaosflamencos.com\/nl\/flamencobiennale-sevilla-2026-voor-9-september.html","url":"https:\/\/www.tablaosflamencos.com\/nl\/flamencobiennale-sevilla-2026-voor-9-september.html","name":"Flamencobi\u00ebnnale Sevilla 2026 v\u00f3\u00f3r 9 september | Tablaos Flamencos","isPartOf":{"@id":"https:\/\/www.tablaosflamencos.com\/nl#website"},"primaryImageOfPage":{"@id":"https:\/\/www.tablaosflamencos.com\/nl\/flamencobiennale-sevilla-2026-voor-9-september.html#primaryimage"},"image":{"@id":"https:\/\/www.tablaosflamencos.com\/nl\/flamencobiennale-sevilla-2026-voor-9-september.html#primaryimage"},"thumbnailUrl":"https:\/\/www.tablaosflamencos.com\/wp-content\/uploads\/la-bienal-empieza-antes-del-9-de-septiembre-primeros-eventos-y-actividades-01.webp","datePublished":"2026-08-31T13:23:02+00:00","dateModified":"2026-08-31T15:55:02+00:00","description":"De Flamencobi\u00ebnnale van Sevilla 2026 begint al v\u00f3\u00f3r 9 september: tentoonstelling, gratis flamenco, film en activiteiten van 2 tot en met 8 september.","breadcrumb":{"@id":"https:\/\/www.tablaosflamencos.com\/nl\/flamencobiennale-sevilla-2026-voor-9-september.html#breadcrumb"},"inLanguage":"nl-NL","potentialAction":[{"@type":"ReadAction","target":["https:\/\/www.tablaosflamencos.com\/nl\/flamencobiennale-sevilla-2026-voor-9-september.html"]}]},{"@type":"ImageObject","inLanguage":"nl-NL","@id":"https:\/\/www.tablaosflamencos.com\/nl\/flamencobiennale-sevilla-2026-voor-9-september.html#primaryimage","url":"https:\/\/www.tablaosflamencos.com\/wp-content\/uploads\/la-bienal-empieza-antes-del-9-de-septiembre-primeros-eventos-y-actividades-01.webp","contentUrl":"https:\/\/www.tablaosflamencos.com\/wp-content\/uploads\/la-bienal-empieza-antes-del-9-de-septiembre-primeros-eventos-y-actividades-01.webp","width":1920,"height":1072,"caption":"La Bienal empieza antes del 9 de septiembre: primeros eventos y actividades"},{"@type":"BreadcrumbList","@id":"https:\/\/www.tablaosflamencos.com\/nl\/flamencobiennale-sevilla-2026-voor-9-september.html#breadcrumb","itemListElement":[{"@type":"ListItem","position":1,"name":"Home","item":"https:\/\/www.tablaosflamencos.com\/nl"},{"@type":"ListItem","position":2,"name":"De Bi\u00ebnnale begint v\u00f3\u00f3r 9 september: eerste evenementen en activiteiten"}]},{"@type":"WebSite","@id":"https:\/\/www.tablaosflamencos.com\/nl#website","url":"https:\/\/www.tablaosflamencos.com\/nl","name":"Tablaos Flamencos","description":"Entradas para tablaos flamencos de Espa\u00f1a","publisher":{"@id":"https:\/\/www.tablaosflamencos.com\/nl#organization"},"alternateName":"Tablaos Flamencos","potentialAction":[{"@type":"SearchAction","target":{"@type":"EntryPoint","urlTemplate":"https:\/\/www.tablaosflamencos.com\/nl?s={search_term_string}"},"query-input":{"@type":"PropertyValueSpecification","valueRequired":true,"valueName":"search_term_string"}}],"inLanguage":"nl-NL"},{"@type":["Organization","Place","EntertainmentBusiness"],"@id":"https:\/\/www.tablaosflamencos.com\/nl#organization","name":"Tablaos Flamencos","alternateName":"Tablaos Flamencos","url":"https:\/\/www.tablaosflamencos.com\/nl","logo":{"@id":"https:\/\/www.tablaosflamencos.com\/nl\/flamencobiennale-sevilla-2026-voor-9-september.html#local-main-organization-logo"},"image":{"@id":"https:\/\/www.tablaosflamencos.com\/nl\/flamencobiennale-sevilla-2026-voor-9-september.html#local-main-organization-logo"},"sameAs":["https:\/\/www.facebook.com\/tablaosflamencos","https:\/\/x.com\/tablaosflamenco","https:\/\/mastodon.social\/@tablaosflamencos","https:\/\/www.instagram.com\/tablaosflamencos","https:\/\/tiktok.com\/@tablaosflamencos","https:\/\/www.linkedin.com\/company\/109408238\/"],"description":"Venta de entradas para espect\u00e1culos flamencos","legalName":"Tablaos Flamencos","foundingDate":"2015-01-01","numberOfEmployees":{"@type":"QuantitativeValue","minValue":"1","maxValue":"10"},"address":{"@id":"https:\/\/www.tablaosflamencos.com\/nl\/flamencobiennale-sevilla-2026-voor-9-september.html#local-main-place-address"},"geo":{"@type":"GeoCoordinates","latitude":"37.3868072","longitude":"-5.993280299999999"},"telephone":["+34623787787"],"contactPoint":{"@type":"ContactPoint","telephone":"+34623787787","email":"info@tablaosflamencos.com"},"openingHoursSpecification":{"@type":"OpeningHoursSpecification","dayOfWeek":["Monday","Tuesday","Wednesday","Thursday","Friday","Saturday","Sunday"],"opens":"00:00","closes":"23:59"},"email":"info@tablaosflamencos.com","priceRange":"$$$","currenciesAccepted":"\u20ac"},{"@type":"Person","@id":"https:\/\/www.tablaosflamencos.com\/nl#\/schema\/person\/e7a9ebe14eb75a52ceabfbffb3c54f5d","name":"Miguel Ortiz","description":"Miguel Ortiz es un empresario flamenco, con una s\u00f3lida trayectoria dentro del sector. Ha presidido entidades culturales vinculadas al flamenco y, cuenta con un amplio recorrido profesional en la gesti\u00f3n y promoci\u00f3n de espect\u00e1culos y tablaos flamencos. Su pasi\u00f3n por la historia y el arte flamenco se refleja en cada art\u00edculo, donde combina experiencia, criterio y un profundo respeto por la tradici\u00f3n.","sameAs":["https:\/\/www.tablaosflamencos.com","https:\/\/www.instagra.com\/miguelortizfe","https:\/\/www.linkedin.com\/in\/miguelortizf\/"],"birthDate":"1984-11-22","gender":"hombre","knowsLanguage":["espa\u00f1ol","ingl\u00e9s"],"jobTitle":"Empresario flamenco"},{"@type":"PostalAddress","@id":"https:\/\/www.tablaosflamencos.com\/nl\/flamencobiennale-sevilla-2026-voor-9-september.html#local-main-place-address","streetAddress":"C\/ Alemanes, 19","addressLocality":"Sevilla","postalCode":"41004","addressRegion":"Sevilla","addressCountry":"ES"},{"@type":"ImageObject","inLanguage":"nl-NL","@id":"https:\/\/www.tablaosflamencos.com\/nl\/flamencobiennale-sevilla-2026-voor-9-september.html#local-main-organization-logo","url":"https:\/\/www.tablaosflamencos.com\/wp-content\/uploads\/tablaos-flamencos-06-3.webp","contentUrl":"https:\/\/www.tablaosflamencos.com\/wp-content\/uploads\/tablaos-flamencos-06-3.webp","width":600,"height":620,"caption":"Tablaos Flamencos"}]},"geo.placename":"Sevilla","geo.position":{"lat":"37.3868072","long":"-5.993280299999999"},"geo.region":"Spanje"},"_links":{"self":[{"href":"https:\/\/www.tablaosflamencos.com\/nl\/wp-json\/wp\/v2\/posts\/13647","targetHints":{"allow":["GET"]}}],"collection":[{"href":"https:\/\/www.tablaosflamencos.com\/nl\/wp-json\/wp\/v2\/posts"}],"about":[{"href":"https:\/\/www.tablaosflamencos.com\/nl\/wp-json\/wp\/v2\/types\/post"}],"author":[{"embeddable":true,"href":"https:\/\/www.tablaosflamencos.com\/nl\/wp-json\/wp\/v2\/users\/1"}],"replies":[{"embeddable":true,"href":"https:\/\/www.tablaosflamencos.com\/nl\/wp-json\/wp\/v2\/comments?post=13647"}],"version-history":[{"count":1,"href":"https:\/\/www.tablaosflamencos.com\/nl\/wp-json\/wp\/v2\/posts\/13647\/revisions"}],"predecessor-version":[{"id":13658,"href":"https:\/\/www.tablaosflamencos.com\/nl\/wp-json\/wp\/v2\/posts\/13647\/revisions\/13658"}],"wp:featuredmedia":[{"embeddable":true,"href":"https:\/\/www.tablaosflamencos.com\/nl\/wp-json\/wp\/v2\/media\/13615"}],"wp:attachment":[{"href":"https:\/\/www.tablaosflamencos.com\/nl\/wp-json\/wp\/v2\/media?parent=13647"}],"wp:term":[{"taxonomy":"category","embeddable":true,"href":"https:\/\/www.tablaosflamencos.com\/nl\/wp-json\/wp\/v2\/categories?post=13647"},{"taxonomy":"post_tag","embeddable":true,"href":"https:\/\/www.tablaosflamencos.com\/nl\/wp-json\/wp\/v2\/tags?post=13647"}],"curies":[{"name":"wp","href":"https:\/\/api.w.org\/{rel}","templated":true}]}}