{"id":13583,"date":"2026-08-30T18:38:34","date_gmt":"2026-08-30T16:38:34","guid":{"rendered":"https:\/\/www.tablaosflamencos.com\/?p=13583"},"modified":"2026-08-31T13:51:47","modified_gmt":"2026-08-31T11:51:47","slug":"cafes-cantantes-sevilla","status":"publish","type":"post","link":"https:\/\/www.tablaosflamencos.com\/nl\/cafes-cantantes-sevilla.html","title":{"rendered":"Caf\u00e9s cantantes in Sevilla: geschiedenis, locaties en hun rol in de ontwikkeling van flamenco"},"content":{"rendered":"<section class=\"l-section wpb_row height_huge\"><div class=\"l-section-h i-cf\"><div class=\"g-cols vc_row via_flex valign_middle type_default stacking_default\"><div class=\"vc_col-sm-12 wpb_column vc_column_container\"><div class=\"vc_column-inner\"><div class=\"wpb_wrapper\"><div class=\"g-cols wpb_row via_flex valign_top type_default stacking_default\"><div class=\"vc_col-sm-6 wpb_column vc_column_container\"><div class=\"vc_column-inner\"><div class=\"wpb_wrapper\"><div class=\"wpb_text_column\"><div class=\"wpb_wrapper\"><h2>Caf\u00e9s cantantes in Sevilla: de podia die flamenco veranderden<\/h2>\n<p>Wie over de geschiedenis van flamenco in Sevilla spreekt, kan niet om de <strong>caf\u00e9s cantantes<\/strong> heen. In de tweede helft van de 19e eeuw en de eerste decennia van de 20e veranderden deze gelegenheden de manier waarop zangers, dansers en gitaristen werkten. Ze cre\u00eberden een vast publiek, stimuleerden de uitwisseling van artiesten tussen steden en hielpen een repertoire dat nog in ontwikkeling was te veranderen in een professionele voorstelling met eigen regels, hi\u00ebrarchie\u00ebn, sterren en speelruimtes.<\/p>\n<p>Ze waren echter geen plotselinge uitvinding en functioneerden ook niet allemaal op dezelfde manier. Voordat de flamencocaf\u00e9s hun hoogtijdagen bereikten, bestonden er al dansacademies, salons, caf\u00e9-concerts, theaters en uitgaansgelegenheden waar bolerodansen, liederen, komische nummers, populaire muziek en optredens die geleidelijk als \u00abflamenco\u00bb werden aangeduid naast elkaar bestonden.<\/p>\n<p>Sevilla was een van de grote laboratoria van dit proces. Rond namen als <strong>Silverio Franconetti<\/strong> en <strong>Manuel Ojeda \u00abEl Burrero\u00bb<\/strong>, en rond locaties als Sal\u00f3n del Recreo, Caf\u00e9 de Silverio, Caf\u00e9 del Burrero en het latere Sal\u00f3n Novedades, kreeg flamenco een publieke en professionele dimensie die beslissend zou zijn voor de verdere ontwikkeling.<\/p>\n<p>Dit artikel reconstrueert die geschiedenis aan de hand van historische kranten, academisch onderzoek en flamencologische studies, en maakt daarbij onderscheid tussen goed gedocumenteerde feiten en traditionele beweringen die tegenwoordig genuanceerd moeten worden.<\/p>\n<\/div><\/div><\/div><\/div><\/div><div class=\"vc_col-sm-6 wpb_column vc_column_container\"><div class=\"vc_column-inner\"><div class=\"wpb_wrapper\"><div class=\"w-image us_custom_f1169fbd has_aspect_ratio align_center meta_simple\"><div class=\"w-image-h\"><img fetchpriority=\"high\" decoding=\"async\" width=\"1024\" height=\"799\" src=\"https:\/\/www.tablaosflamencos.com\/wp-content\/uploads\/cafes-cantantes-en-sevilla-historia-locales-y-papel-en-el-desarrollo-del-flamenco-01-1024x799.webp\" class=\"attachment-large size-large\" alt=\"Caf\u00e9 Cantante | Reproducci\u00f3n por Miguel Ortiz\" loading=\"eager\" srcset=\"https:\/\/www.tablaosflamencos.com\/wp-content\/uploads\/cafes-cantantes-en-sevilla-historia-locales-y-papel-en-el-desarrollo-del-flamenco-01-1024x799.webp 1024w, https:\/\/www.tablaosflamencos.com\/wp-content\/uploads\/cafes-cantantes-en-sevilla-historia-locales-y-papel-en-el-desarrollo-del-flamenco-01-300x234.webp 300w, https:\/\/www.tablaosflamencos.com\/wp-content\/uploads\/cafes-cantantes-en-sevilla-historia-locales-y-papel-en-el-desarrollo-del-flamenco-01-1536x1198.webp 1536w, https:\/\/www.tablaosflamencos.com\/wp-content\/uploads\/cafes-cantantes-en-sevilla-historia-locales-y-papel-en-el-desarrollo-del-flamenco-01-600x468.webp 600w, https:\/\/www.tablaosflamencos.com\/wp-content\/uploads\/cafes-cantantes-en-sevilla-historia-locales-y-papel-en-el-desarrollo-del-flamenco-01-150x117.webp 150w, https:\/\/www.tablaosflamencos.com\/wp-content\/uploads\/cafes-cantantes-en-sevilla-historia-locales-y-papel-en-el-desarrollo-del-flamenco-01.webp 1920w\" sizes=\"auto, (max-width: 1024px) 100vw, 1024px\" \/><\/div><div class=\"w-image-meta\"><div class=\"w-image-title\">Caf\u00e9 Cantante | Reproducci\u00f3n por Miguel Ortiz<\/div><div class=\"w-image-description\">Caf\u00e9 Cantante | Reproducci\u00f3n por Miguel Ortiz<\/div><\/div><\/div><\/div><\/div><\/div><\/div><div class=\"w-separator size_medium\"><\/div><div class=\"wpb_text_column\"><div class=\"wpb_wrapper\"><h2>Kort antwoord<\/h2>\n<p>De <strong>caf\u00e9s cantantes in Sevilla<\/strong> waren uitgaansgelegenheden met drankjes en liveoptredens die in de 19e en vroege 20e eeuw een fundamentele rol speelden in de ontwikkeling van flamenco. Niet allemaal waren ze uitsluitend aan het genre gewijd, maar de invloedrijkste professionaliseerden artiesten, vormden vaste ensembles, ontwikkelden een arbeidsmarkt voor optredens en stimuleerden concurrentie en uitwisseling van repertoire.<\/p>\n<p>Tot de belangrijkste namen behoren het <strong>Caf\u00e9 de Silverio<\/strong>, geopend in de Calle Rosario in 1881; het <strong>Caf\u00e9 del Burrero<\/strong>, eerst in de Calle Tarifa en vanaf 1888 in de Calle Sierpes; en het <strong>Sal\u00f3n Novedades<\/strong>, geopend in 1897 bij La Campana. Hun erfenis is terug te vinden in de latere flamencotablaos, al zijn het caf\u00e9 cantante en de tablao historisch gezien niet precies dezelfde instelling.<\/p>\n<\/div><\/div><\/div><\/div><\/div><\/div><\/div><\/section><section class=\"l-section wpb_row height_huge color_alternate with_shape\"><div class=\"l-section-shape type_zigzag pos_top\" style=\"height:3vmin;\"><svg xmlns=\"http:\/\/www.w3.org\/2000\/svg\" viewBox=\"0 0 64 8\" preserveAspectRatio=\"none\" width=\"100%\" height=\"100%\">\r\n\t<path fill=\"currentColor\" d=\"M64 8 L0 8 L0 0 L20 7.9 L40 3 L48 5 L64 0 Z\"\/>\r\n<\/svg><\/div><div class=\"l-section-shape type_zigzag pos_bottom\" style=\"height:3vmin;\"><svg xmlns=\"http:\/\/www.w3.org\/2000\/svg\" viewBox=\"0 0 64 8\" preserveAspectRatio=\"none\" width=\"100%\" height=\"100%\">\r\n\t<path fill=\"currentColor\" d=\"M64 8 L0 8 L0 0 L20 7.9 L40 3 L48 5 L64 0 Z\"\/>\r\n<\/svg><\/div><div class=\"l-section-h i-cf\"><div class=\"g-cols vc_row via_flex valign_top type_default stacking_default\"><div class=\"vc_col-sm-1\/5 wpb_column vc_column_container\"><div class=\"vc_column-inner\"><div class=\"wpb_wrapper\"><\/div><\/div><\/div><div class=\"vc_col-sm-3\/5 wpb_column vc_column_container\"><div class=\"vc_column-inner\"><div class=\"wpb_wrapper\"><div class=\"wpb_text_column\"><div class=\"wpb_wrapper\"><h2 style=\"text-align: center;\">Inhoud van deze gids<\/h2>\n<ul>\n<li><a href=\"#que-eran\">Wat caf\u00e9s cantantes werkelijk waren<\/a><\/li>\n<li><a href=\"#antes-cafes\">Wat eraan voorafging: academies, salons en caf\u00e9-concerts<\/a><\/li>\n<li><a href=\"#lombardos\">Het probleem van Los Lombardos en het \u00abeerste caf\u00e9 cantante\u00bb<\/a><\/li>\n<li><a href=\"#salon-oriente\">Sal\u00f3n de Oriente en het woord \u00abflamenco\u00bb in 1866<\/a><\/li>\n<li><a href=\"#silverio\">Silverio Franconetti en de opbouw van het professionele model<\/a><\/li>\n<li><a href=\"#burrero\">Caf\u00e9 del Burrero<\/a><\/li>\n<li><a href=\"#cafe-silverio\">Caf\u00e9 de Silverio in de Calle Rosario<\/a><\/li>\n<li><a href=\"#novedades\">Sal\u00f3n Novedades<\/a><\/li>\n<li><a href=\"#otros-locales\">Andere flamencocaf\u00e9s en salons in Sevilla<\/a><\/li>\n<li><a href=\"#profesionalizacion\">Hoe zij flamenco professionaliseerden<\/a><\/li>\n<li><a href=\"#cante\">Hun invloed op de zang<\/a><\/li>\n<li><a href=\"#baile\">Hun invloed op de dans<\/a><\/li>\n<li><a href=\"#guitarra\">Hun invloed op de gitaar<\/a><\/li>\n<li><a href=\"#mujeres\">Danseressen, zangeressen en professionele ongelijkheid<\/a><\/li>\n<li><a href=\"#publico\">Publiek, toerisme, pers en slechte reputatie<\/a><\/li>\n<li><a href=\"#declive\">De neergang van de caf\u00e9s cantantes<\/a><\/li>\n<li><a href=\"#legado\">Van caf\u00e9 cantante naar moderne tablao<\/a><\/li>\n<li><a href=\"#faq\">Veelgestelde vragen<\/a><\/li>\n<\/ul>\n<\/div><\/div><\/div><\/div><\/div><div class=\"vc_col-sm-1\/5 wpb_column vc_column_container\"><div class=\"vc_column-inner\"><div class=\"wpb_wrapper\"><\/div><\/div><\/div><\/div><\/div><\/section><section class=\"l-section wpb_row height_huge\"><div class=\"l-section-h i-cf\"><div class=\"g-cols vc_row via_flex valign_top type_default stacking_default\"><div class=\"vc_col-sm-12 wpb_column vc_column_container\"><div class=\"vc_column-inner\"><div class=\"wpb_wrapper\"><div class=\"wpb_text_column\"><div class=\"wpb_wrapper\"><h2 id=\"que-eran\">Wat caf\u00e9s cantantes werkelijk waren<\/h2>\n<p>De term <em>caf\u00e9 cantante<\/em> kan doen denken aan een soort 19e-eeuwse flamencotablao, maar de werkelijkheid was gevarieerder. In brede zin waren het sociale uitgaansgelegenheden waar het drinken van consumpties werd gecombineerd met muzikale en scenische optredens. Het programma kon liederen, nationale dansen, de escuela bolera, vari\u00e9t\u00e9 en steeds vaker flamencozang en -dans omvatten.<\/p>\n<p>Het onderzoek van Miguel Ortiz en Mercedes G\u00f3mez-Garc\u00eda Plata naar de caf\u00e9s van Sevilla en Madrid benadrukt juist dit karakter als <strong>stedelijke vrijetijdsindustrie<\/strong>. Muzikale optredens waren niet langer alleen incidentele activiteiten, maar werden onderdeel van een georganiseerd bedrijf: er waren openingstijden, ondernemers, gecontracteerde artiesten, reclame, concurrentie tussen locaties en een publiek dat programma&#8217;s met elkaar kon vergelijken.<\/p>\n<p>De locaties hadden meestal een zaal met tafels, drankbediening en een verhoging of podium. De bewaard gebleven iconografie toont spiegels, schilderijen, affiches en costumbristische decoratie. De podiumruimte was relatief klein en bracht artiesten en publiek dicht bij elkaar, een nabijheid die later ook kenmerkend zou worden voor de flamencotablao.<\/p>\n<p>Het is echter verkeerd om vanaf het eerste moment een uitsluitend \u00abjondo\u00bb programma voor te stellen. De specialisatie verliep geleidelijk. Flamenco kreeg steeds meer ruimte binnen een veel heterogener amusementsaanbod, totdat sommige ondernemers beseften dat zang, dans en gitaar op zichzelf een programma konden dragen en een trouw publiek konden aantrekken.<\/p>\n<\/div><\/div><div class=\"w-separator size_medium\"><\/div><div class=\"wpb_text_column\"><div class=\"wpb_wrapper\"><h2 id=\"antes-cafes\">V\u00f3\u00f3r de caf\u00e9s: academies, salons en dansvoorstellingen<\/h2>\n<p>De caf\u00e9s cantantes ontstonden niet uit het niets. In het Sevilla van het midden van de 19e eeuw bestonden al <strong>dansacademies<\/strong> en salons waarin meesters van de escuela bolera voorstellingen organiseerden voor inwoners van Sevilla en reizigers. Deze ruimtes waren beslissend omdat zij praktijken samenbrachten die tot dan toe verspreid voorkwamen in feesten, volksdansen, theaters en priv\u00e9bijeenkomsten.<\/p>\n<p>Onderzoek naar de Sevillaanse dansschool laat zien dat de zogenoemde flamencodansen in de jaren 1860 een steeds prominentere plaats in deze salons kregen. De grens tussen academie, danszaal, caf\u00e9-concert en caf\u00e9 cantante was niet altijd scherp: sommige locaties veranderden meerdere keren van naam, eigenaar en richting, en eenzelfde zaak kon overdag lesgeven combineren met avondvoorstellingen.<\/p>\n<p>Deze continu\u00efteit verklaart waarom het riskant is om naar \u00e9\u00e9n exacte datum voor de \u00abgeboorte\u00bb van het flamenco-caf\u00e9 cantante te zoeken. Er vond eerder een geleidelijke transformatie van het stedelijke uitgaansleven in Sevilla plaats, totdat een ruimte ontstond die steeds sterker gespecialiseerd was in artiesten die al als flamenco-artiesten werden herkend.<\/p>\n<\/div><\/div><\/div><\/div><\/div><\/div><\/div><\/section><section class=\"l-section wpb_row height_huge color_alternate with_shape\"><div class=\"l-section-shape type_zigzag pos_top\" style=\"height:3vmin;\"><svg xmlns=\"http:\/\/www.w3.org\/2000\/svg\" viewBox=\"0 0 64 8\" preserveAspectRatio=\"none\" width=\"100%\" height=\"100%\">\r\n\t<path fill=\"currentColor\" d=\"M64 8 L0 8 L0 0 L20 7.9 L40 3 L48 5 L64 0 Z\"\/>\r\n<\/svg><\/div><div class=\"l-section-shape type_zigzag pos_bottom\" style=\"height:3vmin;\"><svg xmlns=\"http:\/\/www.w3.org\/2000\/svg\" viewBox=\"0 0 64 8\" preserveAspectRatio=\"none\" width=\"100%\" height=\"100%\">\r\n\t<path fill=\"currentColor\" d=\"M64 8 L0 8 L0 0 L20 7.9 L40 3 L48 5 L64 0 Z\"\/>\r\n<\/svg><\/div><div class=\"l-section-h i-cf\"><div class=\"g-cols vc_row via_flex valign_top type_default stacking_default\"><div class=\"vc_col-sm-12 wpb_column vc_column_container\"><div class=\"vc_column-inner\"><div class=\"wpb_wrapper\"><div class=\"wpb_text_column\"><div class=\"wpb_wrapper\"><h2 id=\"lombardos\">Los Lombardos: was dit werkelijk het eerste caf\u00e9 cantante van Sevilla?<\/h2>\n<p>Een van de vaakst herhaalde verhalen plaatst de oorsprong van de Sevillaanse caf\u00e9s cantantes bij het <strong>Caf\u00e9 de los Lombardos<\/strong>. Fernando el de Triana noemde het decennia later in <em>Arte y artistas flamencos<\/em>, en Jos\u00e9 Blas Vega nam het op in de klassieke geschiedschrijving van het genre.<\/p>\n<p>Later onderzoek dwingt echter tot nuance. G\u00f3mez-Garc\u00eda Plata wijst op basis van de toenmalige Sevillaanse pers en het onderzoek van Jos\u00e9 Luis Ortiz Nuevo erop dat de in <strong>1847<\/strong> geopende zaak verbonden was met het Teatro de San Fernando en dat de eerste advertenties nog niet de kenmerken tonen die we later met een gespecialiseerd flamencocaf\u00e9 associ\u00ebren.<\/p>\n<p>De voorzichtigste formulering is daarom niet dat Los Lombardos \u00abde eerste flamencotablao van Sevilla\u00bb was, maar dat het een van de <strong>vroege voorlopers van de caf\u00e9- en amusementscultuur<\/strong> was waaruit uiteindelijk het flamenco-caf\u00e9 cantante zou voortkomen.<\/p>\n<p>Er is bovendien een goed voorbeeld van waarom bronnen zorgvuldig moeten worden behandeld: sommige moderne verhalen hebben de locatie verbonden met artiesten die pas tientallen jaren na de vermeende eerste periode werden geboren. Het flamencogeheugen is buitengewoon rijk, maar functioneert niet altijd als een exacte documentaire chronologie.<\/p>\n<\/div><\/div><div class=\"w-separator size_medium\"><\/div><div class=\"wpb_text_column\"><div class=\"wpb_wrapper\"><h2 id=\"salon-oriente\">Sal\u00f3n de Oriente en een sleuteldatum: 21 april 1866<\/h2>\n<p>Veel sterker is de documentatie rond het <strong>Sal\u00f3n de Oriente<\/strong>, dat ook verbonden is met de naam Sal\u00f3n Barrera en de familie Barrera van dansmeesters. Op 21 april 1866 verscheen in Sevilla een advertentie voor een \u00abgroot concert met dansen van het land en flamencozang en -dans\u00bb.<\/p>\n<p>Die advertentie is bijzonder belangrijk omdat zij laat zien hoe het woord <strong>flamenco<\/strong> openlijk begon te functioneren als benaming voor een specifiek type zang en dans, naast of in plaats van eerdere uitdrukkingen als \u00abAndalusische zang\u00bb, \u00abdansen van het land\u00bb of \u00abop zigeunerwijze\u00bb.<\/p>\n<p>Dat betekent niet dat flamenco die dag werd geboren. Het toont wel aan dat het Sevillaanse publiek rond het midden van de jaren 1860 een podiumaanbod kon herkennen dat als flamenco werd omschreven en dat ondernemers het woord aantrekkelijk genoeg vonden om het in advertenties te gebruiken.<\/p>\n<p>Sal\u00f3n de Oriente vormt daarmee de brug tussen de dansacademies en de periode van de grote professionele caf\u00e9s die de volgende decennia zouden domineren.<\/p>\n<\/div><\/div><\/div><\/div><\/div><\/div><\/div><\/section><section class=\"l-section wpb_row height_huge\"><div class=\"l-section-h i-cf\"><div class=\"g-cols vc_row via_flex valign_top type_default stacking_default\"><div class=\"vc_col-sm-12 wpb_column vc_column_container\"><div class=\"vc_column-inner\"><div class=\"wpb_wrapper\"><div class=\"wpb_text_column\"><div class=\"wpb_wrapper\"><h2 id=\"silverio\" style=\"text-align: center;\">Silverio Franconetti en de geboorte van een flamenco-industrie<\/h2>\n<p style=\"text-align: center;\">Als er \u00e9\u00e9n figuur onlosmakelijk verbonden is met de professionalisering van flamenco in de Sevillaanse caf\u00e9s, dan is het Silverio Franconetti. Zijn belang ligt minder in het \u00abuitvinden\u00bb van flamenco of het openen van de eerste uitgaansgelegenheid met zang, dan in het begrijpen van het genre als een georganiseerd professioneel spektakel.<\/p>\n<\/div><\/div><div class=\"w-separator size_medium\"><\/div><div class=\"wpb_text_column\"><div class=\"wpb_wrapper\"><h3>Artiest en ondernemer<\/h3>\n<p>Silverio combineerde twee beslissende kwaliteiten: hij was een zanger met enorm prestige en begreep tegelijk de zakelijke logica van het amusementsbedrijf. Daardoor kon hij artiesten selecteren, programma&#8217;s samenstellen en zijn eigen naam als kwaliteitsgarantie gebruiken.<\/p>\n<h3>Een repertoire om naar te luisteren<\/h3>\n<p>De aanwezigheid van een grote zanger als ondernemer vergrootte het belang van zang in locaties waar aanvankelijk de dans de voornaamste trekpleister kon zijn. Het publiek begon ook speciaal te komen om stijlen te horen en uitvoerders te vergelijken.<\/p>\n<h3>Een netwerk van artiesten<\/h3>\n<p>Op zijn podia verschenen uitvoerders uit verschillende Andalusische steden. Die mobiliteit bevorderde de uitwisseling van repertoire, varianten en uitvoeringswijzen en verminderde het isolement van strikt lokale tradities.<\/p>\n<\/div><\/div><div class=\"w-separator size_medium\"><\/div><div class=\"wpb_text_column\"><div class=\"wpb_wrapper\"><p>In de jaren 1870 was Silverio betrokken bij de leiding en programmering van Sevillaanse locaties zoals Sal\u00f3n del Recreo. In <strong>1878<\/strong> opende hij bovendien een in de pers gedocumenteerd zomercaf\u00e9 cantante aan de Alameda de H\u00e9rcules. Kort daarna, in 1881, ging hij uit elkaar met Manuel Ojeda en opende hij in de Calle Rosario de zaak die definitief met zijn naam verbonden zou blijven.<\/p>\n<p>Zelfs enkele biografische details over Silverio \u2014 waaronder zijn exacte geboortejaar \u2014 worden in de literatuur betwist. Dat is een reden om de geschiedenis van de caf\u00e9s niet op niet-essenti\u00eble biografische data te bouwen. Wat buiten twijfel staat, is dat hij in 1889 stierf en dat zijn invloed op de professionele vormgeving van flamenco toen al buitengewoon groot was.<\/p>\n<\/div><\/div><\/div><\/div><\/div><\/div><\/div><\/section><section class=\"l-section wpb_row height_huge color_alternate with_shape\"><div class=\"l-section-shape type_zigzag pos_top\" style=\"height:3vmin;\"><svg xmlns=\"http:\/\/www.w3.org\/2000\/svg\" viewBox=\"0 0 64 8\" preserveAspectRatio=\"none\" width=\"100%\" height=\"100%\">\r\n\t<path fill=\"currentColor\" d=\"M64 8 L0 8 L0 0 L20 7.9 L40 3 L48 5 L64 0 Z\"\/>\r\n<\/svg><\/div><div class=\"l-section-shape type_zigzag pos_bottom\" style=\"height:3vmin;\"><svg xmlns=\"http:\/\/www.w3.org\/2000\/svg\" viewBox=\"0 0 64 8\" preserveAspectRatio=\"none\" width=\"100%\" height=\"100%\">\r\n\t<path fill=\"currentColor\" d=\"M64 8 L0 8 L0 0 L20 7.9 L40 3 L48 5 L64 0 Z\"\/>\r\n<\/svg><\/div><div class=\"l-section-h i-cf\"><div class=\"g-cols vc_row via_flex valign_top type_default stacking_default\"><div class=\"vc_col-sm-12 wpb_column vc_column_container\"><div class=\"vc_column-inner\"><div class=\"wpb_wrapper\"><div class=\"wpb_text_column\"><div class=\"wpb_wrapper\"><h2 id=\"burrero\">Caf\u00e9 del Burrero: concurrentie, spektakel en legende<\/h2>\n<p><strong>Manuel Ojeda Rodr\u00edguez<\/strong>, bekend als El Burrero, was een andere grote ondernemer uit deze periode. Volgens de biografische overlevering kwam zijn bijnaam voort uit een jeugdige betrokkenheid bij de verkoop van ezelinnenmelk. Zijn carri\u00e8re kruiste die van Silverio in het oude Sal\u00f3n del Recreo aan de Calle Tarifa.<\/p>\n<p>De namen van de locatie veranderen per periode en bron: Sal\u00f3n del Recreo, Caf\u00e9 de la Escalerilla, Caf\u00e9 de Manuel Ojeda en uiteindelijk Caf\u00e9 del Burrero. Belangrijk is dat na de scheiding van beide ondernemers in 1881 <strong>Ojeda zijn eigen zaak behield en de belangrijkste concurrent van Silverio werd<\/strong>.<\/p>\n<p>In <strong>1888<\/strong> verhuisde El Burrero naar nummer 11 in de Calle Sierpes, naar een groter pand met toegangen naar nabijgelegen straten. Daar verwierf het enorme bekendheid en bleef het ongeveer tot 1897 bestaan.<\/p>\n<p>Tot de artiesten die met de podia verbonden worden behoren namen als <strong>Fosforito el Viejo, El Canario, Concha La Carbonera, La Pe\u00f1aranda, Gabriela Ortega<\/strong> en andere belangrijke uitvoerders van die periode.<\/p>\n<\/div><\/div><div class=\"w-separator size_medium\"><\/div><div class=\"g-cols wpb_row via_flex valign_middle type_default stacking_default\"><div class=\"vc_col-sm-6 wpb_column vc_column_container\"><div class=\"vc_column-inner\"><div class=\"wpb_wrapper\"><div class=\"wpb_text_column\"><div class=\"wpb_wrapper\"><h2>De beroemdste foto van een caf\u00e9 cantante<\/h2>\n<p>Caf\u00e9 del Burrero heeft bovendien uitzonderlijk documentair belang dankzij de foto&#8217;s van <strong>Emilio Beauchy Cano<\/strong>. De beroemde afbeelding met de eenvoudige titel <em>Caf\u00e9 Cantante<\/em> toont een groot ensemble van artiesten op een verhoging en het publiek aan tafels.<\/p>\n<p>Lange tijd werd de foto automatisch gedateerd op 1881 of 1888. Hedendaags fotografisch onderzoek is voorzichtiger: Beauchy Photo plaatst de bekende afdrukken in de <strong>jaren 1880<\/strong> en erkent dat de exacte datering nog openstaat, hoewel exemplaren bekend zijn die v\u00f3\u00f3r 1891 werden verkocht.<\/p>\n<p>De afbeelding is niet alleen waardevol vanwege mogelijke identificaties van de afgebeelde personen. Ze laat de fysieke organisatie van de locatie zien, de meerderheid van vrouwen in het dansensemble, de gitaar als begeleiding, het verhoogde podium, de tafels, drankjes en de nabijheid tussen voorstelling en publiek.<\/p>\n<p>Waarschijnlijk is dit de visuele voorstelling die ons beeld van een 19e-eeuws flamenco-caf\u00e9 cantante het sterkst heeft gevormd.<\/p>\n<\/div><\/div><\/div><\/div><\/div><div class=\"vc_col-sm-6 wpb_column vc_column_container\"><div class=\"vc_column-inner\"><div class=\"wpb_wrapper\"><div class=\"w-image align_center\"><div class=\"w-image-h\"><img decoding=\"async\" width=\"1024\" height=\"800\" src=\"https:\/\/www.tablaosflamencos.com\/wp-content\/uploads\/cafes-cantantes-en-sevilla-historia-locales-y-papel-en-el-desarrollo-del-flamenco-01-1-1024x800.webp\" class=\"attachment-large size-large\" alt=\"Caf\u00e9s cantantes en Sevilla: historia, locales y papel en el desarrollo del flamenco\" loading=\"eager\" srcset=\"https:\/\/www.tablaosflamencos.com\/wp-content\/uploads\/cafes-cantantes-en-sevilla-historia-locales-y-papel-en-el-desarrollo-del-flamenco-01-1-1024x800.webp 1024w, https:\/\/www.tablaosflamencos.com\/wp-content\/uploads\/cafes-cantantes-en-sevilla-historia-locales-y-papel-en-el-desarrollo-del-flamenco-01-1-300x234.webp 300w, https:\/\/www.tablaosflamencos.com\/wp-content\/uploads\/cafes-cantantes-en-sevilla-historia-locales-y-papel-en-el-desarrollo-del-flamenco-01-1-1536x1200.webp 1536w, https:\/\/www.tablaosflamencos.com\/wp-content\/uploads\/cafes-cantantes-en-sevilla-historia-locales-y-papel-en-el-desarrollo-del-flamenco-01-1-600x469.webp 600w, https:\/\/www.tablaosflamencos.com\/wp-content\/uploads\/cafes-cantantes-en-sevilla-historia-locales-y-papel-en-el-desarrollo-del-flamenco-01-1-150x117.webp 150w, https:\/\/www.tablaosflamencos.com\/wp-content\/uploads\/cafes-cantantes-en-sevilla-historia-locales-y-papel-en-el-desarrollo-del-flamenco-01-1.webp 1920w\" sizes=\"auto, (max-width: 1024px) 100vw, 1024px\" \/><\/div><\/div><\/div><\/div><\/div><\/div><\/div><\/div><\/div><\/div><\/div><\/section><section class=\"l-section wpb_row height_huge\"><div class=\"l-section-h i-cf\"><div class=\"g-cols vc_row via_flex valign_top type_default stacking_default\"><div class=\"vc_col-sm-12 wpb_column vc_column_container\"><div class=\"vc_column-inner\"><div class=\"wpb_wrapper\"><div class=\"wpb_text_column\"><div class=\"wpb_wrapper\"><h2 id=\"cafe-silverio\">Caf\u00e9 de Silverio in de Calle Rosario<\/h2>\n<p>Na het be\u00ebindigen van zijn samenwerking met Ojeda opende Silverio in <strong>1881<\/strong> een nieuw caf\u00e9 op nummer 4 in de Calle Rosario, midden in het centrum van Sevilla. Dit is de locatie die terecht moet worden aangeduid als het grote <strong>Caf\u00e9 de Silverio<\/strong> uit zijn rijpe periode.<\/p>\n<p>De reputatie was gebaseerd op de kwaliteit van het ensemble en de artistieke autoriteit van de eigenaar. Antonio Machado y \u00c1lvarez, <strong>Dem\u00f3filo<\/strong>, kende Silverio persoonlijk en vond in die omgeving beslissende informatie voor zijn <em>Colecci\u00f3n de cantes flamencos<\/em>, gepubliceerd in 1881 en een van de grondleggende werken van het flamenco-onderzoek.<\/p>\n<p>Tot de artiesten die met de kring rond het caf\u00e9 verbonden zijn, behoren <strong>Antonio Chac\u00f3n, La Serneta, La Parrala, La Macarrona, La Malena<\/strong> en talrijke zangers en danseressen die later deel zouden uitmaken van de historische flamencocanon.<\/p>\n<p>De rivaliteit met El Burrero leidde bovendien tot echte concurrentie om de beste artiesten en het publiek. Meer dan een kleurrijke anekdote was die competitie een sleutel tot de esthetische ontwikkeling van de periode: wie zijn klanten wilde behouden, moest sterren, nieuwigheden en gedenkwaardige optredens bieden.<\/p>\n<\/div><\/div><div class=\"w-separator size_medium\"><\/div><div class=\"wpb_text_column\"><div class=\"wpb_wrapper\"><h2>Een belangrijke correctie: Silverio richtte Sal\u00f3n Novedades van 1897 niet op<\/h2>\n<p>Sommige moderne publicaties hebben twee verschillende chronologie\u00ebn vermengd en schrijven Silverio v\u00f3\u00f3r 1889 een vermeend \u00abCaf\u00e9 Novedades\u00bb bij La Campana toe. Die bewering past niet bij de beschikbare documentatie over het grote <strong>Sal\u00f3n Novedades<\/strong> dat we historisch kennen.<\/p>\n<p>De zaak bij La Campana werd in <strong>1897<\/strong> opgericht door <strong>Fernando Gonz\u00e1lez de la Serna y Pino<\/strong>, acht jaar na de dood van Silverio. Bronnen uit die tijd en later onderzoek presenteren het juist als een initiatief om de artistieke ruimte terug te winnen die de caf\u00e9s van Silverio, El Burrero en andere historische locaties hadden achtergelaten.<\/p>\n<p>Mogelijk is er verwarring ontstaan tussen verschillende zaken, handelsnamen of eerdere programma&#8217;s, maar het is niet verantwoord om Novedades van 1897 als een tweede vestiging van Silverio voor te stellen.<\/p>\n<p>Dit onderscheid is belangrijk omdat het laat zien hoe mondelinge geschiedenis en bibliografische herhaling verschillende locaties en data uiteindelijk met elkaar kunnen versmelten.<\/p>\n<\/div><\/div><\/div><\/div><\/div><\/div><\/div><\/section><section class=\"l-section wpb_row height_huge color_alternate with_shape\"><div class=\"l-section-shape type_zigzag pos_top\" style=\"height:3vmin;\"><svg xmlns=\"http:\/\/www.w3.org\/2000\/svg\" viewBox=\"0 0 64 8\" preserveAspectRatio=\"none\" width=\"100%\" height=\"100%\">\r\n\t<path fill=\"currentColor\" d=\"M64 8 L0 8 L0 0 L20 7.9 L40 3 L48 5 L64 0 Z\"\/>\r\n<\/svg><\/div><div class=\"l-section-shape type_zigzag pos_bottom\" style=\"height:3vmin;\"><svg xmlns=\"http:\/\/www.w3.org\/2000\/svg\" viewBox=\"0 0 64 8\" preserveAspectRatio=\"none\" width=\"100%\" height=\"100%\">\r\n\t<path fill=\"currentColor\" d=\"M64 8 L0 8 L0 0 L20 7.9 L40 3 L48 5 L64 0 Z\"\/>\r\n<\/svg><\/div><div class=\"l-section-h i-cf\"><div class=\"g-cols vc_row via_flex valign_top type_default stacking_default\"><div class=\"vc_col-sm-12 wpb_column vc_column_container\"><div class=\"vc_column-inner\"><div class=\"wpb_wrapper\"><div class=\"wpb_text_column\"><div class=\"wpb_wrapper\"><h2 id=\"novedades\" style=\"text-align: center;\">Sal\u00f3n Novedades: het grote caf\u00e9 van de volgende generatie<\/h2>\n<p style=\"text-align: center;\">Novedades, geopend in 1897 rond La Campana, behoort al tot een fase na Silverio. Het vertegenwoordigt de voortzetting van het caf\u00e9-cantante-model op een moment dat flamenco volledig geprofessionaliseerd was en nieuwe vormen van stedelijk amusement begonnen te groeien.<\/p>\n<h3>Locatie<\/h3>\n<p>Het bevond zich op nummer 7 van de voormalige Calle Santa Mar\u00eda de Gracia, op de hoek bij Mart\u00edn Villa en La Campana. Het gebouw maakte decennialang deel uit van het straatbeeld op een van de drukste plekken van Sevilla.<\/p>\n<h3>Artiesten<\/h3>\n<p>Op het podium verschenen figuren als Manuel Torre, La Coquinera, La Ni\u00f1a de los Peines en andere artiesten die de klassieke caf\u00e9periode verbinden met de flamenco van het eerste derde deel van de 20e eeuw.<\/p>\n<h3>Einde<\/h3>\n<p>Het gebouw verdween in 1923. De sloop werd fotografisch vastgelegd en werd door een deel van de Sevillaanse samenleving ervaren als het verdwijnen van een plek vol volks- en flamencoherinneringen.<\/p>\n<\/div><\/div><div class=\"w-separator size_medium\"><\/div><div class=\"wpb_text_column\"><div class=\"wpb_wrapper\"><p>Het belang van Novedades helpt bovendien een te eenvoudige kijk op de geschiedenis te corrigeren: de caf\u00e9s cantantes eindigden niet toen Silverio stierf en werden ook niet plotseling door theaters vervangen. Het proces verliep geleidelijk en in de eerste decennia van de 20e eeuw bestonden caf\u00e9s, salons, music-halls, theaters, vari\u00e9t\u00e9 en nieuwe vormen van entertainment naast elkaar.<\/p>\n<\/div><\/div><\/div><\/div><\/div><\/div><\/div><\/section><section class=\"l-section wpb_row height_huge\"><div class=\"l-section-h i-cf\"><div class=\"g-cols vc_row via_flex valign_top type_default stacking_default\"><div class=\"vc_col-sm-12 wpb_column vc_column_container\"><div class=\"vc_column-inner\"><div class=\"wpb_wrapper\"><div class=\"wpb_text_column\"><div class=\"wpb_wrapper\"><h2 id=\"otros-locales\">Andere caf\u00e9s cantantes, salons en flamencolocaties in Sevilla<\/h2>\n<p>De geschiedenis van Sevilla beperken tot Silverio, El Burrero en Novedades zou een veel groter netwerk van locaties buiten beschouwing laten. Stadsgidsen, de pers en gespecialiseerde literatuur noemen talrijke zaken die met wisselende intensiteit en gedurende verschillende periodes flamenco-optredens organiseerden.<\/p>\n<h3>Caf\u00e9 Filarm\u00f3nico<\/h3>\n<p>Actief in de omgeving van de Alameda en Amor de Dios, wordt het in documenten uit de jaren 1870 genoemd als een van de zaken die flamencovoorstellingen in het programma opnamen. De pers stelde zelfs de geringe belangstelling voor klassieke concerten tegenover de volle \u00abfilharmonisch-flamenco\u00bb salons.<\/p>\n<h3>Caf\u00e9 de Variedades en Sal\u00f3n de Variedades<\/h3>\n<p>In verschillende periodes en op locaties dicht bij de Alameda tonen deze ruimtes de continu\u00efteit tussen vari\u00e9t\u00e9, dans en flamenco. In de 20e eeuw maakte Sal\u00f3n de Variedades tot in de jaren 1930 deel uit van het nachtleven van de omgeving.<\/p>\n<h3>Caf\u00e9 del Arenal en Caf\u00e9 de la Marina<\/h3>\n<p>Ook de omgeving van de Arenal en de huidige Garc\u00eda de Vinuesa kende caf\u00e9s die met entertainment verbonden waren. Er is minder documentatie over dan over de grote namen, maar ze helpen de geografische omvang van het verschijnsel te begrijpen.<\/p>\n<h3>Caf\u00e9 Teatro Suizo<\/h3>\n<p>Gelegen in de Calle Sierpes was dit een belangrijke 19e-eeuwse uitgaansgelegenheid. Het programma was niet uitsluitend flamenco, maar de locatie maakte deel uit van het ecosysteem van caf\u00e9s, theaters en salons waarin het Sevillaanse amusementsleven zich ontwikkelde.<\/p>\n<h3>De caf\u00e9s Los Cagajones en Las Triperas<\/h3>\n<p>De flamencologische traditie bewaart deze populaire namen in verband met delen van het centrum die inmiddels sterk veranderd zijn. Het zijn voorbeelden van locaties waarvan de geschiedenis wordt gereconstrueerd uit herinneringen van artiesten, kranten en verspreide verwijzingen.<\/p>\n<h3>Kursaal, Ideal Concert, Olimpia en El Tron\u00edo<\/h3>\n<p>In de 20e eeuw tonen locaties als Kursaal, Ideal Concert, Sal\u00f3n Olimpia en El Tron\u00edo de overgang naar caf\u00e9-concerts en vari\u00e9t\u00e9zaken die de aanwezigheid van flamenco in het nachtleven van Sevilla verlengden terwijl het bedrijfsmodel veranderde.<\/p>\n<\/div><\/div><\/div><\/div><\/div><\/div><\/div><\/section><section class=\"l-section wpb_row height_huge color_alternate with_shape\"><div class=\"l-section-shape type_zigzag pos_top\" style=\"height:3vmin;\"><svg xmlns=\"http:\/\/www.w3.org\/2000\/svg\" viewBox=\"0 0 64 8\" preserveAspectRatio=\"none\" width=\"100%\" height=\"100%\">\r\n\t<path fill=\"currentColor\" d=\"M64 8 L0 8 L0 0 L20 7.9 L40 3 L48 5 L64 0 Z\"\/>\r\n<\/svg><\/div><div class=\"l-section-shape type_zigzag pos_bottom\" style=\"height:3vmin;\"><svg xmlns=\"http:\/\/www.w3.org\/2000\/svg\" viewBox=\"0 0 64 8\" preserveAspectRatio=\"none\" width=\"100%\" height=\"100%\">\r\n\t<path fill=\"currentColor\" d=\"M64 8 L0 8 L0 0 L20 7.9 L40 3 L48 5 L64 0 Z\"\/>\r\n<\/svg><\/div><div class=\"l-section-h i-cf\"><div class=\"g-cols vc_row via_flex valign_top type_default stacking_default\"><div class=\"vc_col-sm-12 wpb_column vc_column_container\"><div class=\"vc_column-inner\"><div class=\"wpb_wrapper\"><div class=\"wpb_text_column\"><div class=\"wpb_wrapper\"><h2 id=\"profesionalizacion\" style=\"text-align: center;\">Waarom de caf\u00e9s cantantes beslissend waren voor de professionalisering van flamenco<\/h2>\n<p style=\"text-align: center;\">De grote verandering was niet alleen artistiek. De caf\u00e9s cre\u00eberden een economische structuur die flamenco voor een groeiend aantal uitvoerders tot een duurzame professionele bezigheid kon maken.<\/p>\n<p>V\u00f3\u00f3r deze periode kon een zanger of danser optreden op priv\u00e9feesten, in ventas, tavernes, familiefeesten of incidentele voorstellingen. Het caf\u00e9 cantante maakte het mogelijk om <strong>regelmatig op te treden voor een publiek dat de voorstelling indirect via consumpties betaalde<\/strong> en in bepaalde periodes via entreebewijzen of andere commerci\u00eble modellen.<\/p>\n<p>Zo ontstond een vaste relatie tussen ondernemer en artiest. Er werden <strong>flamenco-ensembles<\/strong> gevormd, salarissen onderhandeld, sterren geadverteerd en voorstellingen gepland. Het succes van een uitvoerder kon de gage verhogen en ertoe leiden dat een concurrerend caf\u00e9 hem of haar probeerde te contracteren.<\/p>\n<p>De uitbreiding van de spoorwegen en betere verbindingen vergemakkelijkten bovendien het reizen tussen Sevilla, C\u00e1diz, Jerez, C\u00f3rdoba, M\u00e1laga en Madrid. De professionele artiest was niet langer uitsluitend afhankelijk van de directe omgeving en kon een carri\u00e8re in verschillende steden opbouwen.<\/p>\n<p>Deze mobiliteit had een diep artistiek effect: stijlen die met bepaalde families of gebieden verbonden waren, werden buiten hun oorsprongsgebied gehoord. Uitvoerders leerden van elkaar en het publiek begon repertoires, scholen en individuele persoonlijkheden te herkennen.<\/p>\n<\/div><\/div><\/div><\/div><\/div><\/div><\/div><\/section><section class=\"l-section wpb_row height_huge\"><div class=\"l-section-h i-cf\"><div class=\"g-cols vc_row via_flex valign_top type_default stacking_default\"><div class=\"vc_col-sm-12 wpb_column vc_column_container\"><div class=\"vc_column-inner\"><div class=\"wpb_wrapper\"><div class=\"wpb_text_column\"><div class=\"wpb_wrapper\"><h2 id=\"cante\">De zang: van tussennummer naar middelpunt<\/h2>\n<p>In de vroege salons had dans een enorme visuele aantrekkingskracht. Zang kon als begeleiding of tussen dansnummers verschijnen. De caf\u00e9periode leerde het publiek ook om <strong>naar de zanger als hoofdfiguur te luisteren<\/strong>.<\/p>\n<p>Figuren als Silverio, Chac\u00f3n, Juan Breva en Fosforito konden op eigen kracht aficionados aantrekken. De vergelijking tussen artiesten cre\u00eberde een steeds gespecialiseerder publiek dat aandacht had voor stijlen, tercios, melodische varianten en interpretatieve persoonlijkheid.<\/p>\n<p>Deze ontwikkeling moet niet worden gezien als een absolute \u00abvastlegging\u00bb van de palos. Flamenco bleef mondeling en veranderlijk. Maar de publieke herhaling van repertoire en de concurrentie hielpen veel vormen duidelijker herkenbaar te maken en sommige persoonlijke stijlen tot modellen te maken die aan latere generaties werden doorgegeven.<\/p>\n<\/div><\/div><div class=\"w-separator size_medium\"><\/div><div class=\"wpb_text_column\"><div class=\"wpb_wrapper\"><h2 id=\"baile\">De dans: het houten podium verandert de techniek<\/h2>\n<p>De dansgeschiedschrijving beschouwt de periode van de caf\u00e9s als een van de beslissendste fases van consolidatie. Het nieuwe houten podium maakte het voetenwerk beter hoorbaar en maakte de ontwikkeling van de <strong>zapateado<\/strong> mogelijk met een precisie en theatrale kracht die in andere ruimtes moeilijk te bereiken waren.<\/p>\n<p>De studies van Juan Zagalaz en Javier Cach\u00f3n-Zagalaz vatten een brede consensus samen: in deze jaren werden ritmes gedisciplineerder, podiumconventies steviger en nam de professionalisering toe. De dans maakte zich geleidelijk los van de zang en ontwikkelde een eigen artistieke persoonlijkheid.<\/p>\n<p>Ook de consolidatie van visuele en stilistische elementen die later kenmerkend zouden worden voor de flamencodans wordt aan deze periode toegeschreven, al verschillen exacte dateringen per auteur. Sole\u00e1, alegr\u00edas en tangos verschijnen herhaaldelijk in de bronnen; later zouden farruca, garrot\u00edn en andere stijlen belangrijker worden.<\/p>\n<\/div><\/div><div class=\"w-separator size_medium\"><\/div><div class=\"wpb_text_column\"><div class=\"wpb_wrapper\"><h2 id=\"guitarra\">De gitaar: van begeleiding naar gespecialiseerd beroep<\/h2>\n<p>De gitaar kreeg een steeds duidelijker rol als essentieel flamenco-instrument. Het caf\u00e9 cantante had gitaristen nodig die verschillende zangers en dansers konden begeleiden, zich aan gevarieerd repertoire konden aanpassen en in realtime konden reageren op llamadas, afsluitingen en veranderingen in dynamiek.<\/p>\n<p>Deze professionele vraag stimuleerde de specialisatie van de <strong>flamencobegeleidingsgitarist<\/strong>. Het instrument ontwikkelde eigen begeleidingsmiddelen en geleidelijk grotere instrumentale ruimtes via falsetas en solo&#8217;s.<\/p>\n<p>Deze periode sluit aan op figuren als Paco de Lucena en andere gitaristen die de weg voorbereidden voor de grote ontwikkeling van de flamencogitaar in de 20e eeuw. De gitaar was niet langer alleen harmonische ondersteuning en werd een van de drie fundamentele talen van de flamencovoorstelling.<\/p>\n<\/div><\/div><\/div><\/div><\/div><\/div><\/div><\/section><section class=\"l-section wpb_row height_huge color_alternate with_shape\"><div class=\"l-section-shape type_zigzag pos_top\" style=\"height:3vmin;\"><svg xmlns=\"http:\/\/www.w3.org\/2000\/svg\" viewBox=\"0 0 64 8\" preserveAspectRatio=\"none\" width=\"100%\" height=\"100%\">\r\n\t<path fill=\"currentColor\" d=\"M64 8 L0 8 L0 0 L20 7.9 L40 3 L48 5 L64 0 Z\"\/>\r\n<\/svg><\/div><div class=\"l-section-shape type_zigzag pos_bottom\" style=\"height:3vmin;\"><svg xmlns=\"http:\/\/www.w3.org\/2000\/svg\" viewBox=\"0 0 64 8\" preserveAspectRatio=\"none\" width=\"100%\" height=\"100%\">\r\n\t<path fill=\"currentColor\" d=\"M64 8 L0 8 L0 0 L20 7.9 L40 3 L48 5 L64 0 Z\"\/>\r\n<\/svg><\/div><div class=\"l-section-h i-cf\"><div class=\"g-cols vc_row via_flex valign_top type_default stacking_default\"><div class=\"vc_col-sm-12 wpb_column vc_column_container\"><div class=\"vc_column-inner\"><div class=\"wpb_wrapper\"><div class=\"wpb_text_column\"><div class=\"wpb_wrapper\"><h2 id=\"mujeres\">Danseressen en zangeressen: hoofdrollen met ongelijke salarissen<\/h2>\n<p>Vrouwen stonden absoluut centraal in het visuele en artistieke succes van de caf\u00e9s cantantes. De iconografie uit die tijd toont ensembles met veel danseressen en de geschiedschrijving wijst erop dat vrouwen in de dans veel talrijker waren dan mannen.<\/p>\n<p>Namen als <strong>La Macarrona, La Malena, Concha La Carbonera, La Serneta, La Parrala, Gabriela Ortega en La Coquinera<\/strong> maken deel uit van de geschiedenis van deze podia. Via hen ontwikkelden zich stijlen, scenische middelen, manieren om armen en bovenlichaam te bewegen en een esthetiek die de latere dans diepgaand be\u00efnvloedde.<\/p>\n<p>Professionalisering maakte echter geen einde aan ongelijkheid. Door historici bestudeerde bronnen herinneren eraan dat de salarissen van vrouwen veel lager konden zijn dan die van de grote mannelijke zangers. Een vaak aangehaalde bron uit de jaren 1890 plaatst Chac\u00f3n en Juan Breva bij de bestbetaalden, terwijl zelfs een figuur als La Macarrona aanzienlijk minder verdiende.<\/p>\n<p>Vrouwelijke artiesten kregen bovendien te maken met sterke morele stigmatisering. Nachtwerk, contact met klanten en de associatie van bepaalde caf\u00e9s met prostitutie en nachtleven veroorzaakten vooroordelen die vooral danseressen en zangeressen troffen.<\/p>\n<\/div><\/div><div class=\"w-separator size_medium\"><\/div><div class=\"wpb_text_column\"><div class=\"wpb_wrapper\"><h2 id=\"publico\">Een nieuw publiek: aficionados, welgestelde jongeren, reizigers en nieuwsgierigen<\/h2>\n<p>De caf\u00e9s cantantes verbreedden het publiek van flamenco. Ze werden bezocht door populaire aficionados, arbeiders, burgers, jongeren uit welgestelde families, reizigers en buitenlanders die werden aangetrokken door het romantische beeld van Andalusi\u00eb.<\/p>\n<p>Deze sociale mengeling was niet altijd harmonieus. De caf\u00e9s maakten deel uit van het nachtleven en sommige waren het toneel van vechtpartijen, diefstal, prostitutie, overmatig alcoholgebruik en andere incidenten die de pers graag uitvergrootte. De dood van <strong>El Canario<\/strong> in 1885 bij de zomerse horecagelegenheid die met El Burrero verbonden was, droeg sterk bij aan de donkere reputatie van deze milieus.<\/p>\n<p>Het zou echter onjuist zijn ze te reduceren tot marginale of gewelddadige plaatsen. Tegelijk waren het <strong>artistieke centra van het hoogste niveau<\/strong>, bezocht door schrijvers, journalisten, fotografen en reizigers. Die blik van buitenaf hielp flamenco te documenteren en buiten de oorspronkelijke circuits te verspreiden.<\/p>\n<p>Ook de pers was fundamenteel. Advertenties maakten programma&#8217;s, namen van artiesten en tijden bekend; berichten en misdaadnieuws legden het dagelijkse leven van de locaties vast. Een groot deel van wat we vandaag over 19e-eeuwse flamenco weten, komt juist uit die krantenpagina&#8217;s.<\/p>\n<\/div><\/div><\/div><\/div><\/div><\/div><\/div><\/section><section class=\"l-section wpb_row height_huge\"><div class=\"l-section-h i-cf\"><div class=\"g-cols vc_row via_flex valign_top type_default stacking_default\"><div class=\"vc_col-sm-12 wpb_column vc_column_container\"><div class=\"vc_column-inner\"><div class=\"wpb_wrapper\"><div class=\"wpb_text_column\"><div class=\"wpb_wrapper\"><h2 style=\"text-align: center;\">Een globale chronologie van de Sevillaanse caf\u00e9s cantantes<\/h2>\n<p style=\"text-align: center;\">De data moeten worden gelezen als ijkpunten in een complexe ontwikkeling: veel locaties veranderden van naam, eigenaar of activiteit en sommige chronologie\u00ebn blijven onderwerp van discussie.<\/p>\n<\/div><\/div><div class=\"w-separator size_medium\"><\/div><div class=\"wpb_text_column\"><div class=\"wpb_wrapper\"><h3>1847 \u00b7 Los Lombardos<\/h3>\n<p>Een vroege voorloper van de caf\u00e9- en amusementscultuur. De status als eerste gespecialiseerde flamencocaf\u00e9 kan niet als bewezen worden beschouwd.<\/p>\n<h3>1866 \u00b7 Sal\u00f3n de Oriente<\/h3>\n<p>Een Sevillaanse advertentie gebruikt de uitdrukking \u00abflamencozang en -dans\u00bb, wat laat zien dat de nieuwe benaming al publiekelijk functioneerde.<\/p>\n<h3>1881 \u00b7 Silverio en El Burrero<\/h3>\n<p>De scheiding van beide ondernemers opent een periode van sterke rivaliteit: Silverio opent zijn grote caf\u00e9 in de Calle Rosario en Ojeda zet zijn eigen zaak voort.<\/p>\n<h3>1897 \u00b7 Sal\u00f3n Novedades<\/h3>\n<p>Een nieuwe generatie caf\u00e9s neemt bij La Campana het stokje over en verlengt het bestaan van het model tot in het eerste kwart van de 20e eeuw.<\/p>\n<\/div><\/div><\/div><\/div><\/div><\/div><\/div><\/section><section class=\"l-section wpb_row height_huge color_alternate with_shape\"><div class=\"l-section-shape type_zigzag pos_top\" style=\"height:3vmin;\"><svg xmlns=\"http:\/\/www.w3.org\/2000\/svg\" viewBox=\"0 0 64 8\" preserveAspectRatio=\"none\" width=\"100%\" height=\"100%\">\r\n\t<path fill=\"currentColor\" d=\"M64 8 L0 8 L0 0 L20 7.9 L40 3 L48 5 L64 0 Z\"\/>\r\n<\/svg><\/div><div class=\"l-section-shape type_zigzag pos_bottom\" style=\"height:3vmin;\"><svg xmlns=\"http:\/\/www.w3.org\/2000\/svg\" viewBox=\"0 0 64 8\" preserveAspectRatio=\"none\" width=\"100%\" height=\"100%\">\r\n\t<path fill=\"currentColor\" d=\"M64 8 L0 8 L0 0 L20 7.9 L40 3 L48 5 L64 0 Z\"\/>\r\n<\/svg><\/div><div class=\"l-section-h i-cf\"><div class=\"g-cols vc_row via_flex valign_top type_default stacking_default\"><div class=\"vc_col-sm-12 wpb_column vc_column_container\"><div class=\"vc_column-inner\"><div class=\"wpb_wrapper\"><div class=\"wpb_text_column\"><div class=\"wpb_wrapper\"><h2 id=\"declive\" style=\"text-align: center;\">Waarom de caf\u00e9s cantantes verdwenen<\/h2>\n<p style=\"text-align: center;\">Er was niet \u00e9\u00e9n oorzaak en ook geen dag waarop ze allemaal sloten. Het model verloor geleidelijk zijn centrale positie terwijl de stad, de wetgeving en de amusementsindustrie veranderden.<\/p>\n<p>In <strong>1908<\/strong> verplichtte een ministerieel besluit bepaalde nachtelijke voorstellingen uiterlijk om middernacht te eindigen, een maatregel die verband hield met herhaalde klachten over lawaai, ongeregeldheden en openbare zedelijkheid. Dat was een klap voor de bedrijfstak, maar betekende niet dat alle zaken onmiddellijk sloten.<\/p>\n<p>Tegelijk groeiden theaters, caf\u00e9-concerts, cinema en vari\u00e9t\u00e9. Het publiek kreeg meer vrijetijdsopties en flamenco-artiesten begonnen kansen te vinden op grotere podia.<\/p>\n<p>Technologie bracht nog een verandering. De eerste fonografische opnamen en later grammofoonplaten maakten het mogelijk artiesten buiten de locatie te horen. Flamenco begon daarmee ook een opname-industrie te worden.<\/p>\n<p>In de jaren 1910 en 1920 verschoof het grote flamencospektakel steeds meer naar theaters, arena&#8217;s en grotere tournees. De zogenoemde <strong>\u00d3pera Flamenca<\/strong> ontstond niet van de ene dag op de andere, maar als onderdeel van deze zakelijke transformatie. Sommige caf\u00e9s en salons bleven tot in de jaren 1920 en zelfs 1930 bestaan, maar inmiddels binnen een ander vrijetijdsecosysteem.<\/p>\n<\/div><\/div><\/div><\/div><\/div><\/div><\/div><\/section><section class=\"l-section wpb_row height_huge\"><div class=\"l-section-h i-cf\"><div class=\"g-cols vc_row via_flex valign_top type_default stacking_default\"><div class=\"vc_col-sm-12 wpb_column vc_column_container\"><div class=\"vc_column-inner\"><div class=\"wpb_wrapper\"><div class=\"wpb_text_column\"><div class=\"wpb_wrapper\"><h2 id=\"legado\">Van caf\u00e9 cantante naar flamencotablao<\/h2>\n<p>De tablaos die zich in het midden van de 20e eeuw vestigden, erfden verschillende kenmerken van de caf\u00e9s cantantes: nabijheid tussen publiek en artiesten, voorstellingen georganiseerd rond ensembles, de combinatie van zang, dans en gitaar, professionele contractering en de mogelijkheid om de voorstelling met drank of eten te combineren.<\/p>\n<p>Maar het is niet precies hetzelfde. Het caf\u00e9 cantante behoorde tot een zeer specifieke stedelijke vrijetijdscultuur waarin flamenco naast andere vormen van entertainment bestond en waarin de sociale codes van de 19e eeuw golden. De moderne tablao ontstond in een andere toeristische, discografische en theatrale context.<\/p>\n<p>Toch is de genealogische lijn duidelijk. Zonder de professionalisering die in de caf\u00e9s begon, zijn de flamenco-ondernemer, het vaste artiestenensemble, de hi\u00ebrarchie van artiesten, de opbouw van een voorstelling en zelfs het idee om flamenco in een gespecialiseerde locatie te beluisteren moeilijk te verklaren.<\/p>\n<p>Daarom mogen de caf\u00e9s cantantes niet als een verdwenen curiositeit worden bestudeerd. Ze vormen een van de hoofdstukken die het beste uitleggen <strong>hoe flamenco van verspreide sociale en scenische praktijken uitgroeide tot een modern artistiek beroep<\/strong>.<\/p>\n<\/div><\/div><div class=\"w-separator size_medium\"><\/div><div class=\"wpb_text_column\"><div class=\"wpb_wrapper\"><h2>Sevilla als laboratorium van de moderne flamenco<\/h2>\n<p>De rol van Sevilla was niet exclusief: C\u00e1diz, Jerez, M\u00e1laga, Granada, C\u00f3rdoba, Madrid en andere steden ontwikkelden eveneens belangrijke circuits. Maar de Andalusische hoofdstad bracht een uitzonderlijke combinatie van artiesten, ondernemers, publiek, reizigers, pers en speelruimtes bijeen.<\/p>\n<p>De concentratie van caf\u00e9s in het centrum en rond de Alameda, de spoorverbindingen met andere flamencocentra en de enorme aantrekkingskracht van Sevilla op bezoekers hielpen de stad functioneren als een belangrijke professionele markt.<\/p>\n<p>In de caf\u00e9s ontmoetten Roma- en niet-Roma-artiesten, uitvoerders uit verschillende provincies, meesters van de escuela bolera en nieuwe flamencogeneraties elkaar. Dat voortdurende contact versnelde overnames, rivaliteit en stilistische veranderingen.<\/p>\n<p>Historisch is het daarom nauwkeuriger om niet te zeggen dat \u00abflamenco in de caf\u00e9s werd geboren\u00bb, maar dat <strong>flamenco in de caf\u00e9s cantantes een groot deel van de professionele, scenische en publieke vorm kreeg waarmee het de 20e eeuw binnenging<\/strong>.<\/p>\n<\/div><\/div><\/div><\/div><\/div><\/div><\/div><\/section><section class=\"l-section wpb_row height_huge color_alternate with_shape\"><div class=\"l-section-shape type_zigzag pos_top\" style=\"height:3vmin;\"><svg xmlns=\"http:\/\/www.w3.org\/2000\/svg\" viewBox=\"0 0 64 8\" preserveAspectRatio=\"none\" width=\"100%\" height=\"100%\">\r\n\t<path fill=\"currentColor\" d=\"M64 8 L0 8 L0 0 L20 7.9 L40 3 L48 5 L64 0 Z\"\/>\r\n<\/svg><\/div><div class=\"l-section-shape type_zigzag pos_bottom\" style=\"height:3vmin;\"><svg xmlns=\"http:\/\/www.w3.org\/2000\/svg\" viewBox=\"0 0 64 8\" preserveAspectRatio=\"none\" width=\"100%\" height=\"100%\">\r\n\t<path fill=\"currentColor\" d=\"M64 8 L0 8 L0 0 L20 7.9 L40 3 L48 5 L64 0 Z\"\/>\r\n<\/svg><\/div><div class=\"l-section-h i-cf\"><div class=\"g-cols vc_row via_flex valign_top type_default stacking_default\"><div class=\"vc_col-sm-1\/5 wpb_column vc_column_container\"><div class=\"vc_column-inner\"><div class=\"wpb_wrapper\"><\/div><\/div><\/div><div class=\"vc_col-sm-3\/5 wpb_column vc_column_container\"><div class=\"vc_column-inner\"><div class=\"wpb_wrapper\"><div class=\"wpb_text_column\"><div class=\"wpb_wrapper\"><h2 id=\"faq\" style=\"text-align: center;\">Veelgestelde vragen over de caf\u00e9s cantantes in Sevilla<\/h2>\n<\/div><\/div><div class=\"w-separator size_medium\"><\/div><div class=\"w-tabs accordion toggle_style_1 has_scrolling\" style=\"--sections-title-size:inherit;--sections-gap:0.5rem;\"><div class=\"w-tabs-sections titles-align_none icon_chevron cpos_right\"><div class=\"w-tabs-section\" id=\"rf2a\"><button type=\"button\" class=\"w-tabs-section-header\" aria-controls=\"content-rf2a\" aria-expanded=\"false\"><div class=\"w-tabs-section-title\">Wat was een caf\u00e9 cantante?<\/div><div class=\"w-tabs-section-control\"><\/div><\/button><div  class=\"w-tabs-section-content\" id=\"content-rf2a\"><div class=\"w-tabs-section-content-h i-cf\"><div class=\"wpb_text_column\"><div class=\"wpb_wrapper\"><p>Het was een uitgaansgelegenheid met drankjes en muzikale of dansvoorstellingen. In Andalusi\u00eb en Madrid namen veel zaken flamenco in hun programma op en sommige specialiseerden zich uiteindelijk in zang, dans en gitaar, hoewel ze niet allemaal uitsluitend flamencorepertoire boden.<\/p>\n<\/div><\/div><\/div><\/div><\/div><div class=\"w-tabs-section\" id=\"y071\"><button type=\"button\" class=\"w-tabs-section-header\" aria-controls=\"content-y071\" aria-expanded=\"false\"><div class=\"w-tabs-section-title\">Wat was het eerste caf\u00e9 cantante van Sevilla?<\/div><div class=\"w-tabs-section-control\"><\/div><\/button><div  class=\"w-tabs-section-content\" id=\"content-y071\"><div class=\"w-tabs-section-content-h i-cf\"><div class=\"wpb_text_column\"><div class=\"wpb_wrapper\"><p>Er is geen volledig definitief antwoord. De flamencologische traditie noemt Caf\u00e9 de los Lombardos, geopend in 1847, maar onderzoek in de historische pers wijst erop dat het in zijn eerste periode niet zonder voorbehoud als gespecialiseerd flamencocaf\u00e9 kan worden beschouwd. De academies en salons van de volgende decennia tonen een geleidelijke overgang naar het volwaardige flamenco-model.<\/p>\n<\/div><\/div><\/div><\/div><\/div><div class=\"w-tabs-section\" id=\"n197\"><button type=\"button\" class=\"w-tabs-section-header\" aria-controls=\"content-n197\" aria-expanded=\"false\"><div class=\"w-tabs-section-title\">Wanneer opende Caf\u00e9 de Silverio?<\/div><div class=\"w-tabs-section-control\"><\/div><\/button><div  class=\"w-tabs-section-content\" id=\"content-n197\"><div class=\"w-tabs-section-content-h i-cf\"><div class=\"wpb_text_column\"><div class=\"wpb_wrapper\"><p>Het grote Caf\u00e9 de Silverio op nummer 4 in de Calle Rosario opende in 1881 na de professionele scheiding tussen Silverio Franconetti en Manuel Ojeda \u00abEl Burrero\u00bb. Silverio had eerder andere locaties geleid en geprogrammeerd en opende in 1878 ook een zomercaf\u00e9 cantante aan de Alameda.<\/p>\n<\/div><\/div><\/div><\/div><\/div><div class=\"w-tabs-section\" id=\"m289\"><button type=\"button\" class=\"w-tabs-section-header\" aria-controls=\"content-m289\" aria-expanded=\"false\"><div class=\"w-tabs-section-title\">Waar lag Caf\u00e9 del Burrero?<\/div><div class=\"w-tabs-section-control\"><\/div><\/button><div  class=\"w-tabs-section-content\" id=\"content-m289\"><div class=\"w-tabs-section-content-h i-cf\"><div class=\"wpb_text_column\"><div class=\"wpb_wrapper\"><p>De zaak van Manuel Ojeda was eerst verbonden met het voormalige Sal\u00f3n del Recreo in de Calle Tarifa, op de hoek met Amor de Dios. In 1888 verhuisde Caf\u00e9 del Burrero naar nummer 11 in de Calle Sierpes, waar het ongeveer tot 1897 bleef.<\/p>\n<\/div><\/div><\/div><\/div><\/div><div class=\"w-tabs-section\" id=\"t359\"><button type=\"button\" class=\"w-tabs-section-header\" aria-controls=\"content-t359\" aria-expanded=\"false\"><div class=\"w-tabs-section-title\">Richtte Silverio Franconetti Sal\u00f3n Novedades op?<\/div><div class=\"w-tabs-section-control\"><\/div><\/button><div  class=\"w-tabs-section-content\" id=\"content-t359\"><div class=\"w-tabs-section-content-h i-cf\"><div class=\"wpb_text_column\"><div class=\"wpb_wrapper\"><p>Niet het Sal\u00f3n Novedades bij La Campana dat aan het einde van de 19e eeuw beroemd werd. Die zaak werd in 1897 opgericht door Fernando Gonz\u00e1lez de la Serna y Pino, acht jaar na de dood van Silverio. Sommige moderne publicaties vermengen verschillende chronologie\u00ebn en locaties.<\/p>\n<\/div><\/div><\/div><\/div><\/div><div class=\"w-tabs-section\" id=\"x420\"><button type=\"button\" class=\"w-tabs-section-header\" aria-controls=\"content-x420\" aria-expanded=\"false\"><div class=\"w-tabs-section-title\">Waarom waren de caf\u00e9s cantantes zo belangrijk voor flamenco?<\/div><div class=\"w-tabs-section-control\"><\/div><\/button><div  class=\"w-tabs-section-content\" id=\"content-x420\"><div class=\"w-tabs-section-content-h i-cf\"><div class=\"wpb_text_column\"><div class=\"wpb_wrapper\"><p>Omdat ze een stabiel professioneel circuit cre\u00eberden. Ze maakten regelmatige betaling voor veel artiesten mogelijk, bevorderden concurrentie en uitwisseling tussen uitvoerders uit verschillende steden, vormden een gespecialiseerd publiek en droegen bij aan de technische en scenische ontwikkeling van zang, dans en gitaar.<\/p>\n<\/div><\/div><\/div><\/div><\/div><div class=\"w-tabs-section\" id=\"u506\"><button type=\"button\" class=\"w-tabs-section-header\" aria-controls=\"content-u506\" aria-expanded=\"false\"><div class=\"w-tabs-section-title\">Welke artiesten traden op in de caf\u00e9s cantantes van Sevilla?<\/div><div class=\"w-tabs-section-control\"><\/div><\/button><div  class=\"w-tabs-section-content\" id=\"content-u506\"><div class=\"w-tabs-section-content-h i-cf\"><div class=\"wpb_text_column\"><div class=\"wpb_wrapper\"><p>Onder vele anderen worden Silverio Franconetti, Antonio Chac\u00f3n, Juan Breva, Fosforito el Viejo, El Canario, La Serneta, La Parrala, Concha La Carbonera, La Macarrona, La Malena, Gabriela Ortega, Manuel Torre en La Ni\u00f1a de los Peines met deze podia verbonden, al traden ze niet allemaal in dezelfde locaties of dezelfde decennia op.<\/p>\n<\/div><\/div><\/div><\/div><\/div><div class=\"w-tabs-section\" id=\"v5e3\"><button type=\"button\" class=\"w-tabs-section-header\" aria-controls=\"content-v5e3\" aria-expanded=\"false\"><div class=\"w-tabs-section-title\">Wanneer verdwenen de caf\u00e9s cantantes?<\/div><div class=\"w-tabs-section-control\"><\/div><\/button><div  class=\"w-tabs-section-content\" id=\"content-v5e3\"><div class=\"w-tabs-section-content-h i-cf\"><div class=\"wpb_text_column\"><div class=\"wpb_wrapper\"><p>Hun neergang verliep geleidelijk. Een ministerieel besluit uit 1908 beperkte het nachtleven, terwijl de groei van theaters, vari\u00e9t\u00e9, cinema en nieuwe vormen van entertainment het model steeds meer verdrong. Veel zaken sloten in de jaren 1910 en 1920, hoewel enkele verwante salons tot in de jaren 1930 bleven bestaan.<\/p>\n<\/div><\/div><\/div><\/div><\/div><div class=\"w-tabs-section\" id=\"c6c3\"><button type=\"button\" class=\"w-tabs-section-header\" aria-controls=\"content-c6c3\" aria-expanded=\"false\"><div class=\"w-tabs-section-title\">Was een caf\u00e9 cantante hetzelfde als een flamencotablao?<\/div><div class=\"w-tabs-section-control\"><\/div><\/button><div  class=\"w-tabs-section-content\" id=\"content-c6c3\"><div class=\"w-tabs-section-content-h i-cf\"><div class=\"wpb_text_column\"><div class=\"wpb_wrapper\"><p>Niet precies. De moderne tablao erfde belangrijke kenmerken van het caf\u00e9 cantante \u2014 nabijheid, een professioneel artiestenensemble, zang, dans en gitaar \u2014 maar behoort tot een latere historische context en is doorgaans veel sterker in flamenco gespecialiseerd.<\/p>\n<\/div><\/div><\/div><\/div><\/div><div class=\"w-tabs-section\" id=\"z7d8\"><button type=\"button\" class=\"w-tabs-section-header\" aria-controls=\"content-z7d8\" aria-expanded=\"false\"><div class=\"w-tabs-section-title\">Is er nog een historisch caf\u00e9 cantante in Sevilla bewaard zoals het oorspronkelijk was?<\/div><div class=\"w-tabs-section-control\"><\/div><\/button><div  class=\"w-tabs-section-content\" id=\"content-z7d8\"><div class=\"w-tabs-section-content-h i-cf\"><div class=\"wpb_text_column\"><div class=\"wpb_wrapper\"><p>De meeste grote locaties verdwenen of kregen een volledig andere functie. Foto&#8217;s, gravures, krantenadvertenties en documenten zijn bewaard gebleven en maken reconstructie mogelijk. De beroemde fotoserie van Emilio Beauchy over Caf\u00e9 del Burrero is een van de belangrijkste visuele getuigenissen.<\/p>\n<\/div><\/div><\/div><\/div><\/div><\/div><\/div><\/div><\/div><\/div><div class=\"vc_col-sm-1\/5 wpb_column vc_column_container\"><div class=\"vc_column-inner\"><div class=\"wpb_wrapper\"><\/div><\/div><\/div><\/div><\/div><\/section><section class=\"l-section wpb_row height_huge\"><div class=\"l-section-h i-cf\"><div class=\"g-cols vc_row via_flex valign_top type_default stacking_default\"><div class=\"vc_col-sm-12 wpb_column vc_column_container\"><div class=\"vc_column-inner\"><div class=\"wpb_wrapper\"><div class=\"wpb_text_column\"><div class=\"wpb_wrapper\"><h2 style=\"text-align: center;\">Bronnen en referenties voor verder onderzoek<\/h2>\n<p style=\"text-align: center;\">De geschiedenis van de caf\u00e9s cantantes bevat tegenstrijdigheden in data, namen en locaties. Voor dit artikel is prioriteit gegeven aan academische studies, historische pers en gespecialiseerd onderzoek waarmee de flamencologische traditie aan documentaire bronnen kan worden getoetst.<\/p>\n<ul>\n<li><a href=\"https:\/\/www.guiasevillana.com\/cafes-cantantes-en-sevilla.html\" target=\"_blank\" rel=\"noopener\">Gu\u00eda Sevillana: Caf\u00e9s cantantes in Sevilla<\/a>, de publicatie die als uitgangspunt is gebruikt en kritisch sterk is uitgebreid.<\/li>\n<li><a href=\"https:\/\/crec-paris3.fr\/wp-content\/uploads\/2011\/07\/07-gomezm.pdf\" target=\"_blank\" rel=\"noopener\">Mercedes G\u00f3mez-Garc\u00eda Plata: Les caf\u00e9s cantantes de 1850 \u00e0 1900<\/a>, een academische studie over Sevilla en Madrid op basis van historische pers en literatuur.<\/li>\n<li><a href=\"https:\/\/www.flamencoinvestigacion.es\/articulos\/050501-2012\/cafe-cantante-castellano.html\" target=\"_blank\" rel=\"noopener\">Juan Zagalaz en Javier Cach\u00f3n-Zagalaz: Flamencodans in de tijd van de caf\u00e9s cantantes<\/a>, een historiografisch overzicht van professionalisering en de ontwikkeling van de dans.<\/li>\n<li><a href=\"https:\/\/www.juntadeandalucia.es\/cultura\/flamenco\/sites\/default\/files\/flamenco\/docs\/revista%2017%20pag%2092-94%20Observatorio-Daniel%20Pineda%20Novo.pdf\" target=\"_blank\" rel=\"noopener\">Andalusisch Flamenco-instituut: Dem\u00f3filo en flamenco<\/a>, met verwijzingen naar het zomercaf\u00e9 van Silverio en zijn relatie met Antonio Machado y \u00c1lvarez.<\/li>\n<li><a href=\"https:\/\/beauchyphoto.com\/el-cafe-cantante-el-burrero-de-emilio-beauchy-un-espacio-testimonial-del-germen-del-flamenco-en-sevilla\/\" target=\"_blank\" rel=\"noopener\">Beauchy Photo: Caf\u00e9 Cantante del Burrero<\/a>, onderzoek naar de locatie en de beroemde fotoserie van Emilio Beauchy.<\/li>\n<li><a href=\"https:\/\/historia-hispanica.rah.es\/biografias\/17276-silverio-franconetti-aguilar\" target=\"_blank\" rel=\"noopener\">Real Academia de la Historia: Silverio Franconetti Aguilar<\/a>.<\/li>\n<li><a href=\"https:\/\/www.diariodesevilla.es\/ocio\/cafes-cantantes-sevilla_0_2003530052.html\" target=\"_blank\" rel=\"noopener\">Diario de Sevilla: De Caf\u00e9s Cantantes van Sevilla<\/a>, een overzicht van literaire documentatie over Novedades en de caf\u00e9s uit het eerste derde deel van de 20e eeuw.<\/li>\n<\/ul>\n<\/div><\/div><div class=\"w-separator size_medium\"><\/div><div class=\"w-hwrapper valign_top wrap stack_on_mobiles align_center\" style=\"--hwrapper-gap:1.2rem\"><div class=\"w-btn-wrapper align_none\"><a class=\"w-btn us-btn-style_1\" href=\"https:\/\/www.tablaosflamencos.com\/nl\/wat-is-flamenco.html\"><span class=\"w-btn-label\">Lees wat flamenco is<\/span><\/a><\/div><div class=\"w-btn-wrapper align_none\"><a class=\"w-btn us-btn-style_1\" href=\"https:\/\/www.tablaosflamencos.com\/nl\/flamenco-in-sevilla\"><span class=\"w-btn-label\">Bekijk flamenco in Sevilla<\/span><\/a><\/div><\/div><\/div><\/div><\/div><\/div><\/div><\/section>\n","protected":false},"excerpt":{"rendered":"<p>Geschiedenis van de caf\u00e9s cantantes in Sevilla: belangrijke locaties, artiesten, rivaliteit en hun beslissende rol in de professionalisering van flamenco.<\/p>\n","protected":false},"author":1,"featured_media":13572,"comment_status":"closed","ping_status":"closed","sticky":false,"template":"","format":"standard","meta":{"_acf_changed":false,"wpai_generated_summary":"","_ayudawp_aiss_exclude":false,"_ayudawp_aiss_exclude_summary":false,"_ayudawp_aiss_summary":"","_ayudawp_aiss_summary_provider":"","_ayudawp_aiss_summary_hash":"","footnotes":""},"categories":[364],"tags":[1662,1663,1660,1665,1423,1424,1419,1422,1664,1674,1661],"class_list":["post-13583","post","type-post","status-publish","format-standard","has-post-thumbnail","hentry","category-geschiedenis-van-flamenco","tag-cafe-de-silverio-nl","tag-cafe-del-burrero-nl","tag-cafes-cantantes-nl","tag-flamenco-in-sevilla-nl","tag-flamencodans","tag-flamencogitaar","tag-flamencozang","tag-geschiedenis-van-flamenco","tag-salon-novedades-nl","tag-sevilla-nl","tag-silverio-franconetti-nl"],"acf":[],"yoast_head":"<!-- This site is optimized with the Yoast SEO Premium plugin v28.3 (Yoast SEO v28.3) - https:\/\/yoast.com\/product\/yoast-seo-premium-wordpress\/ -->\n<title>Caf\u00e9s cantantes in Sevilla: geschiedenis en locaties | Tablaos Flamencos<\/title>\n<meta name=\"description\" content=\"Geschiedenis van de caf\u00e9s cantantes in Sevilla: Silverio, El Burrero, Novedades en hun rol in de professionalisering van flamencozang, dans en gitaar.\" \/>\n<meta name=\"robots\" content=\"index, follow, max-snippet:-1, max-image-preview:large, max-video-preview:-1\" \/>\n<link rel=\"canonical\" href=\"https:\/\/www.tablaosflamencos.com\/nl\/cafes-cantantes-sevilla.html\" \/>\n<meta property=\"og:locale\" content=\"nl_NL\" \/>\n<meta property=\"og:type\" content=\"article\" \/>\n<meta property=\"og:title\" content=\"Caf\u00e9s cantantes in Sevilla: geschiedenis, locaties en hun rol in de ontwikkeling van flamenco\" \/>\n<meta property=\"og:description\" content=\"Geschiedenis van de caf\u00e9s cantantes in Sevilla: Silverio, El Burrero, Novedades en hun rol in de professionalisering van flamencozang, dans en gitaar.\" \/>\n<meta property=\"og:url\" content=\"https:\/\/www.tablaosflamencos.com\/nl\/cafes-cantantes-sevilla.html\" \/>\n<meta property=\"og:site_name\" content=\"Tablaos Flamencos\" \/>\n<meta property=\"article:publisher\" content=\"https:\/\/www.facebook.com\/tablaosflamencos\" \/>\n<meta property=\"article:published_time\" content=\"2026-08-30T16:38:34+00:00\" \/>\n<meta property=\"article:modified_time\" content=\"2026-08-31T11:51:47+00:00\" \/>\n<meta property=\"og:image\" content=\"https:\/\/www.tablaosflamencos.com\/wp-content\/uploads\/cafes-cantantes-en-sevilla-historia-locales-y-papel-en-el-desarrollo-del-flamenco-01.webp\" \/>\n\t<meta property=\"og:image:width\" content=\"1920\" \/>\n\t<meta property=\"og:image:height\" content=\"1498\" \/>\n\t<meta property=\"og:image:type\" content=\"image\/webp\" \/>\n<meta name=\"author\" content=\"Miguel Ortiz\" \/>\n<meta name=\"twitter:card\" content=\"summary_large_image\" \/>\n<meta name=\"twitter:creator\" content=\"@tablaosflamenco\" \/>\n<meta name=\"twitter:site\" content=\"@tablaosflamenco\" \/>\n<meta name=\"twitter:label1\" content=\"Geschreven door\" \/>\n\t<meta name=\"twitter:data1\" content=\"Miguel Ortiz\" \/>\n\t<meta name=\"twitter:label2\" content=\"Geschatte leestijd\" \/>\n\t<meta name=\"twitter:data2\" content=\"30 minuten\" \/>\n<script type=\"application\/ld+json\" class=\"yoast-schema-graph\">{\"@context\":\"https:\\\/\\\/schema.org\",\"@graph\":[{\"@type\":\"Article\",\"@id\":\"https:\\\/\\\/www.tablaosflamencos.com\\\/nl\\\/cafes-cantantes-sevilla.html#article\",\"isPartOf\":{\"@id\":\"https:\\\/\\\/www.tablaosflamencos.com\\\/nl\\\/cafes-cantantes-sevilla.html\"},\"author\":{\"name\":\"Miguel Ortiz\",\"@id\":\"https:\\\/\\\/www.tablaosflamencos.com\\\/nl#\\\/schema\\\/person\\\/e7a9ebe14eb75a52ceabfbffb3c54f5d\"},\"headline\":\"Caf\u00e9s cantantes in Sevilla: geschiedenis, locaties en hun rol in de ontwikkeling van flamenco\",\"datePublished\":\"2026-08-30T16:38:34+00:00\",\"dateModified\":\"2026-08-31T11:51:47+00:00\",\"mainEntityOfPage\":{\"@id\":\"https:\\\/\\\/www.tablaosflamencos.com\\\/nl\\\/cafes-cantantes-sevilla.html\"},\"wordCount\":5991,\"publisher\":{\"@id\":\"https:\\\/\\\/www.tablaosflamencos.com\\\/nl#organization\"},\"image\":{\"@id\":\"https:\\\/\\\/www.tablaosflamencos.com\\\/nl\\\/cafes-cantantes-sevilla.html#primaryimage\"},\"thumbnailUrl\":\"https:\\\/\\\/www.tablaosflamencos.com\\\/wp-content\\\/uploads\\\/cafes-cantantes-en-sevilla-historia-locales-y-papel-en-el-desarrollo-del-flamenco-01.webp\",\"keywords\":[\"Caf\u00e9 de Silverio\",\"Caf\u00e9 del Burrero\",\"caf\u00e9s cantantes\",\"flamenco in Sevilla\",\"flamencodans\",\"flamencogitaar\",\"flamencozang\",\"geschiedenis van flamenco\",\"Sal\u00f3n Novedades\",\"Sevilla\",\"Silverio Franconetti\"],\"articleSection\":[\"Geschiedenis van flamenco\"],\"inLanguage\":\"nl-NL\"},{\"@type\":\"WebPage\",\"@id\":\"https:\\\/\\\/www.tablaosflamencos.com\\\/nl\\\/cafes-cantantes-sevilla.html\",\"url\":\"https:\\\/\\\/www.tablaosflamencos.com\\\/nl\\\/cafes-cantantes-sevilla.html\",\"name\":\"Caf\u00e9s cantantes in Sevilla: geschiedenis en locaties | Tablaos Flamencos\",\"isPartOf\":{\"@id\":\"https:\\\/\\\/www.tablaosflamencos.com\\\/nl#website\"},\"primaryImageOfPage\":{\"@id\":\"https:\\\/\\\/www.tablaosflamencos.com\\\/nl\\\/cafes-cantantes-sevilla.html#primaryimage\"},\"image\":{\"@id\":\"https:\\\/\\\/www.tablaosflamencos.com\\\/nl\\\/cafes-cantantes-sevilla.html#primaryimage\"},\"thumbnailUrl\":\"https:\\\/\\\/www.tablaosflamencos.com\\\/wp-content\\\/uploads\\\/cafes-cantantes-en-sevilla-historia-locales-y-papel-en-el-desarrollo-del-flamenco-01.webp\",\"datePublished\":\"2026-08-30T16:38:34+00:00\",\"dateModified\":\"2026-08-31T11:51:47+00:00\",\"description\":\"Geschiedenis van de caf\u00e9s cantantes in Sevilla: Silverio, El Burrero, Novedades en hun rol in de professionalisering van flamencozang, dans en gitaar.\",\"breadcrumb\":{\"@id\":\"https:\\\/\\\/www.tablaosflamencos.com\\\/nl\\\/cafes-cantantes-sevilla.html#breadcrumb\"},\"inLanguage\":\"nl-NL\",\"potentialAction\":[{\"@type\":\"ReadAction\",\"target\":[\"https:\\\/\\\/www.tablaosflamencos.com\\\/nl\\\/cafes-cantantes-sevilla.html\"]}]},{\"@type\":\"ImageObject\",\"inLanguage\":\"nl-NL\",\"@id\":\"https:\\\/\\\/www.tablaosflamencos.com\\\/nl\\\/cafes-cantantes-sevilla.html#primaryimage\",\"url\":\"https:\\\/\\\/www.tablaosflamencos.com\\\/wp-content\\\/uploads\\\/cafes-cantantes-en-sevilla-historia-locales-y-papel-en-el-desarrollo-del-flamenco-01.webp\",\"contentUrl\":\"https:\\\/\\\/www.tablaosflamencos.com\\\/wp-content\\\/uploads\\\/cafes-cantantes-en-sevilla-historia-locales-y-papel-en-el-desarrollo-del-flamenco-01.webp\",\"width\":1920,\"height\":1498,\"caption\":\"Caf\u00e9 Cantante | Reproducci\u00f3n por Miguel Ortiz\"},{\"@type\":\"BreadcrumbList\",\"@id\":\"https:\\\/\\\/www.tablaosflamencos.com\\\/nl\\\/cafes-cantantes-sevilla.html#breadcrumb\",\"itemListElement\":[{\"@type\":\"ListItem\",\"position\":1,\"name\":\"Home\",\"item\":\"https:\\\/\\\/www.tablaosflamencos.com\\\/nl\"},{\"@type\":\"ListItem\",\"position\":2,\"name\":\"Caf\u00e9s cantantes in Sevilla: geschiedenis, locaties en hun rol in de ontwikkeling van flamenco\"}]},{\"@type\":\"WebSite\",\"@id\":\"https:\\\/\\\/www.tablaosflamencos.com\\\/nl#website\",\"url\":\"https:\\\/\\\/www.tablaosflamencos.com\\\/nl\",\"name\":\"Tablaos Flamencos\",\"description\":\"Entradas para tablaos flamencos de Espa\u00f1a\",\"publisher\":{\"@id\":\"https:\\\/\\\/www.tablaosflamencos.com\\\/nl#organization\"},\"alternateName\":\"Tablaos Flamencos\",\"potentialAction\":[{\"@type\":\"SearchAction\",\"target\":{\"@type\":\"EntryPoint\",\"urlTemplate\":\"https:\\\/\\\/www.tablaosflamencos.com\\\/nl?s={search_term_string}\"},\"query-input\":{\"@type\":\"PropertyValueSpecification\",\"valueRequired\":true,\"valueName\":\"search_term_string\"}}],\"inLanguage\":\"nl-NL\"},{\"@type\":[\"Organization\",\"Place\",\"EntertainmentBusiness\"],\"@id\":\"https:\\\/\\\/www.tablaosflamencos.com\\\/nl#organization\",\"name\":\"Tablaos Flamencos\",\"alternateName\":\"Tablaos Flamencos\",\"url\":\"https:\\\/\\\/www.tablaosflamencos.com\\\/nl\",\"logo\":{\"@id\":\"https:\\\/\\\/www.tablaosflamencos.com\\\/nl\\\/cafes-cantantes-sevilla.html#local-main-organization-logo\"},\"image\":{\"@id\":\"https:\\\/\\\/www.tablaosflamencos.com\\\/nl\\\/cafes-cantantes-sevilla.html#local-main-organization-logo\"},\"sameAs\":[\"https:\\\/\\\/www.facebook.com\\\/tablaosflamencos\",\"https:\\\/\\\/x.com\\\/tablaosflamenco\",\"https:\\\/\\\/mastodon.social\\\/@tablaosflamencos\",\"https:\\\/\\\/www.instagram.com\\\/tablaosflamencos\",\"https:\\\/\\\/tiktok.com\\\/@tablaosflamencos\",\"https:\\\/\\\/www.linkedin.com\\\/company\\\/109408238\\\/\"],\"description\":\"Venta de entradas para espect\u00e1culos flamencos\",\"legalName\":\"Tablaos Flamencos\",\"foundingDate\":\"2015-01-01\",\"numberOfEmployees\":{\"@type\":\"QuantitativeValue\",\"minValue\":\"1\",\"maxValue\":\"10\"},\"address\":{\"@id\":\"https:\\\/\\\/www.tablaosflamencos.com\\\/nl\\\/cafes-cantantes-sevilla.html#local-main-place-address\"},\"geo\":{\"@type\":\"GeoCoordinates\",\"latitude\":\"37.3868072\",\"longitude\":\"-5.993280299999999\"},\"telephone\":[\"+34623787787\"],\"contactPoint\":{\"@type\":\"ContactPoint\",\"telephone\":\"+34623787787\",\"email\":\"info@tablaosflamencos.com\"},\"openingHoursSpecification\":{\"@type\":\"OpeningHoursSpecification\",\"dayOfWeek\":[\"Monday\",\"Tuesday\",\"Wednesday\",\"Thursday\",\"Friday\",\"Saturday\",\"Sunday\"],\"opens\":\"00:00\",\"closes\":\"23:59\"},\"email\":\"info@tablaosflamencos.com\",\"priceRange\":\"$$$\",\"currenciesAccepted\":\"\u20ac\"},{\"@type\":\"Person\",\"@id\":\"https:\\\/\\\/www.tablaosflamencos.com\\\/nl#\\\/schema\\\/person\\\/e7a9ebe14eb75a52ceabfbffb3c54f5d\",\"name\":\"Miguel Ortiz\",\"description\":\"Miguel Ortiz es un empresario flamenco, con una s\u00f3lida trayectoria dentro del sector. Ha presidido entidades culturales vinculadas al flamenco y, cuenta con un amplio recorrido profesional en la gesti\u00f3n y promoci\u00f3n de espect\u00e1culos y tablaos flamencos. Su pasi\u00f3n por la historia y el arte flamenco se refleja en cada art\u00edculo, donde combina experiencia, criterio y un profundo respeto por la tradici\u00f3n.\",\"sameAs\":[\"https:\\\/\\\/www.tablaosflamencos.com\",\"https:\\\/\\\/www.instagra.com\\\/miguelortizfe\",\"https:\\\/\\\/www.linkedin.com\\\/in\\\/miguelortizf\\\/\"],\"birthDate\":\"1984-11-22\",\"gender\":\"hombre\",\"knowsLanguage\":[\"espa\u00f1ol\",\"ingl\u00e9s\"],\"jobTitle\":\"Empresario flamenco\"},{\"@type\":\"PostalAddress\",\"@id\":\"https:\\\/\\\/www.tablaosflamencos.com\\\/nl\\\/cafes-cantantes-sevilla.html#local-main-place-address\",\"streetAddress\":\"C\\\/ Alemanes, 19\",\"addressLocality\":\"Sevilla\",\"postalCode\":\"41004\",\"addressRegion\":\"Sevilla\",\"addressCountry\":\"ES\"},{\"@type\":\"ImageObject\",\"inLanguage\":\"nl-NL\",\"@id\":\"https:\\\/\\\/www.tablaosflamencos.com\\\/nl\\\/cafes-cantantes-sevilla.html#local-main-organization-logo\",\"url\":\"https:\\\/\\\/www.tablaosflamencos.com\\\/wp-content\\\/uploads\\\/tablaos-flamencos-06-3.webp\",\"contentUrl\":\"https:\\\/\\\/www.tablaosflamencos.com\\\/wp-content\\\/uploads\\\/tablaos-flamencos-06-3.webp\",\"width\":600,\"height\":620,\"caption\":\"Tablaos Flamencos\"}]}<\/script>\n<meta name=\"geo.placename\" content=\"Sevilla\" \/>\n<meta name=\"geo.position\" content=\"37.3868072;-5.993280299999999\" \/>\n<meta name=\"geo.region\" content=\"Spanje\" \/>\n<!-- \/ Yoast SEO Premium plugin. -->","yoast_head_json":{"title":"Caf\u00e9s cantantes in Sevilla: geschiedenis en locaties | Tablaos Flamencos","description":"Geschiedenis van de caf\u00e9s cantantes in Sevilla: Silverio, El Burrero, Novedades en hun rol in de professionalisering van flamencozang, dans en gitaar.","robots":{"index":"index","follow":"follow","max-snippet":"max-snippet:-1","max-image-preview":"max-image-preview:large","max-video-preview":"max-video-preview:-1"},"canonical":"https:\/\/www.tablaosflamencos.com\/nl\/cafes-cantantes-sevilla.html","og_locale":"nl_NL","og_type":"article","og_title":"Caf\u00e9s cantantes in Sevilla: geschiedenis, locaties en hun rol in de ontwikkeling van flamenco","og_description":"Geschiedenis van de caf\u00e9s cantantes in Sevilla: Silverio, El Burrero, Novedades en hun rol in de professionalisering van flamencozang, dans en gitaar.","og_url":"https:\/\/www.tablaosflamencos.com\/nl\/cafes-cantantes-sevilla.html","og_site_name":"Tablaos Flamencos","article_publisher":"https:\/\/www.facebook.com\/tablaosflamencos","article_published_time":"2026-08-30T16:38:34+00:00","article_modified_time":"2026-08-31T11:51:47+00:00","og_image":[{"width":1920,"height":1498,"url":"https:\/\/www.tablaosflamencos.com\/wp-content\/uploads\/cafes-cantantes-en-sevilla-historia-locales-y-papel-en-el-desarrollo-del-flamenco-01.webp","type":"image\/webp"}],"author":"Miguel Ortiz","twitter_card":"summary_large_image","twitter_creator":"@tablaosflamenco","twitter_site":"@tablaosflamenco","twitter_misc":{"Geschreven door":"Miguel Ortiz","Geschatte leestijd":"30 minuten"},"schema":{"@context":"https:\/\/schema.org","@graph":[{"@type":"Article","@id":"https:\/\/www.tablaosflamencos.com\/nl\/cafes-cantantes-sevilla.html#article","isPartOf":{"@id":"https:\/\/www.tablaosflamencos.com\/nl\/cafes-cantantes-sevilla.html"},"author":{"name":"Miguel Ortiz","@id":"https:\/\/www.tablaosflamencos.com\/nl#\/schema\/person\/e7a9ebe14eb75a52ceabfbffb3c54f5d"},"headline":"Caf\u00e9s cantantes in Sevilla: geschiedenis, locaties en hun rol in de ontwikkeling van flamenco","datePublished":"2026-08-30T16:38:34+00:00","dateModified":"2026-08-31T11:51:47+00:00","mainEntityOfPage":{"@id":"https:\/\/www.tablaosflamencos.com\/nl\/cafes-cantantes-sevilla.html"},"wordCount":5991,"publisher":{"@id":"https:\/\/www.tablaosflamencos.com\/nl#organization"},"image":{"@id":"https:\/\/www.tablaosflamencos.com\/nl\/cafes-cantantes-sevilla.html#primaryimage"},"thumbnailUrl":"https:\/\/www.tablaosflamencos.com\/wp-content\/uploads\/cafes-cantantes-en-sevilla-historia-locales-y-papel-en-el-desarrollo-del-flamenco-01.webp","keywords":["Caf\u00e9 de Silverio","Caf\u00e9 del Burrero","caf\u00e9s cantantes","flamenco in Sevilla","flamencodans","flamencogitaar","flamencozang","geschiedenis van flamenco","Sal\u00f3n Novedades","Sevilla","Silverio Franconetti"],"articleSection":["Geschiedenis van flamenco"],"inLanguage":"nl-NL"},{"@type":"WebPage","@id":"https:\/\/www.tablaosflamencos.com\/nl\/cafes-cantantes-sevilla.html","url":"https:\/\/www.tablaosflamencos.com\/nl\/cafes-cantantes-sevilla.html","name":"Caf\u00e9s cantantes in Sevilla: geschiedenis en locaties | Tablaos Flamencos","isPartOf":{"@id":"https:\/\/www.tablaosflamencos.com\/nl#website"},"primaryImageOfPage":{"@id":"https:\/\/www.tablaosflamencos.com\/nl\/cafes-cantantes-sevilla.html#primaryimage"},"image":{"@id":"https:\/\/www.tablaosflamencos.com\/nl\/cafes-cantantes-sevilla.html#primaryimage"},"thumbnailUrl":"https:\/\/www.tablaosflamencos.com\/wp-content\/uploads\/cafes-cantantes-en-sevilla-historia-locales-y-papel-en-el-desarrollo-del-flamenco-01.webp","datePublished":"2026-08-30T16:38:34+00:00","dateModified":"2026-08-31T11:51:47+00:00","description":"Geschiedenis van de caf\u00e9s cantantes in Sevilla: Silverio, El Burrero, Novedades en hun rol in de professionalisering van flamencozang, dans en gitaar.","breadcrumb":{"@id":"https:\/\/www.tablaosflamencos.com\/nl\/cafes-cantantes-sevilla.html#breadcrumb"},"inLanguage":"nl-NL","potentialAction":[{"@type":"ReadAction","target":["https:\/\/www.tablaosflamencos.com\/nl\/cafes-cantantes-sevilla.html"]}]},{"@type":"ImageObject","inLanguage":"nl-NL","@id":"https:\/\/www.tablaosflamencos.com\/nl\/cafes-cantantes-sevilla.html#primaryimage","url":"https:\/\/www.tablaosflamencos.com\/wp-content\/uploads\/cafes-cantantes-en-sevilla-historia-locales-y-papel-en-el-desarrollo-del-flamenco-01.webp","contentUrl":"https:\/\/www.tablaosflamencos.com\/wp-content\/uploads\/cafes-cantantes-en-sevilla-historia-locales-y-papel-en-el-desarrollo-del-flamenco-01.webp","width":1920,"height":1498,"caption":"Caf\u00e9 Cantante | Reproducci\u00f3n por Miguel Ortiz"},{"@type":"BreadcrumbList","@id":"https:\/\/www.tablaosflamencos.com\/nl\/cafes-cantantes-sevilla.html#breadcrumb","itemListElement":[{"@type":"ListItem","position":1,"name":"Home","item":"https:\/\/www.tablaosflamencos.com\/nl"},{"@type":"ListItem","position":2,"name":"Caf\u00e9s cantantes in Sevilla: geschiedenis, locaties en hun rol in de ontwikkeling van flamenco"}]},{"@type":"WebSite","@id":"https:\/\/www.tablaosflamencos.com\/nl#website","url":"https:\/\/www.tablaosflamencos.com\/nl","name":"Tablaos Flamencos","description":"Entradas para tablaos flamencos de Espa\u00f1a","publisher":{"@id":"https:\/\/www.tablaosflamencos.com\/nl#organization"},"alternateName":"Tablaos Flamencos","potentialAction":[{"@type":"SearchAction","target":{"@type":"EntryPoint","urlTemplate":"https:\/\/www.tablaosflamencos.com\/nl?s={search_term_string}"},"query-input":{"@type":"PropertyValueSpecification","valueRequired":true,"valueName":"search_term_string"}}],"inLanguage":"nl-NL"},{"@type":["Organization","Place","EntertainmentBusiness"],"@id":"https:\/\/www.tablaosflamencos.com\/nl#organization","name":"Tablaos Flamencos","alternateName":"Tablaos Flamencos","url":"https:\/\/www.tablaosflamencos.com\/nl","logo":{"@id":"https:\/\/www.tablaosflamencos.com\/nl\/cafes-cantantes-sevilla.html#local-main-organization-logo"},"image":{"@id":"https:\/\/www.tablaosflamencos.com\/nl\/cafes-cantantes-sevilla.html#local-main-organization-logo"},"sameAs":["https:\/\/www.facebook.com\/tablaosflamencos","https:\/\/x.com\/tablaosflamenco","https:\/\/mastodon.social\/@tablaosflamencos","https:\/\/www.instagram.com\/tablaosflamencos","https:\/\/tiktok.com\/@tablaosflamencos","https:\/\/www.linkedin.com\/company\/109408238\/"],"description":"Venta de entradas para espect\u00e1culos flamencos","legalName":"Tablaos Flamencos","foundingDate":"2015-01-01","numberOfEmployees":{"@type":"QuantitativeValue","minValue":"1","maxValue":"10"},"address":{"@id":"https:\/\/www.tablaosflamencos.com\/nl\/cafes-cantantes-sevilla.html#local-main-place-address"},"geo":{"@type":"GeoCoordinates","latitude":"37.3868072","longitude":"-5.993280299999999"},"telephone":["+34623787787"],"contactPoint":{"@type":"ContactPoint","telephone":"+34623787787","email":"info@tablaosflamencos.com"},"openingHoursSpecification":{"@type":"OpeningHoursSpecification","dayOfWeek":["Monday","Tuesday","Wednesday","Thursday","Friday","Saturday","Sunday"],"opens":"00:00","closes":"23:59"},"email":"info@tablaosflamencos.com","priceRange":"$$$","currenciesAccepted":"\u20ac"},{"@type":"Person","@id":"https:\/\/www.tablaosflamencos.com\/nl#\/schema\/person\/e7a9ebe14eb75a52ceabfbffb3c54f5d","name":"Miguel Ortiz","description":"Miguel Ortiz es un empresario flamenco, con una s\u00f3lida trayectoria dentro del sector. Ha presidido entidades culturales vinculadas al flamenco y, cuenta con un amplio recorrido profesional en la gesti\u00f3n y promoci\u00f3n de espect\u00e1culos y tablaos flamencos. Su pasi\u00f3n por la historia y el arte flamenco se refleja en cada art\u00edculo, donde combina experiencia, criterio y un profundo respeto por la tradici\u00f3n.","sameAs":["https:\/\/www.tablaosflamencos.com","https:\/\/www.instagra.com\/miguelortizfe","https:\/\/www.linkedin.com\/in\/miguelortizf\/"],"birthDate":"1984-11-22","gender":"hombre","knowsLanguage":["espa\u00f1ol","ingl\u00e9s"],"jobTitle":"Empresario flamenco"},{"@type":"PostalAddress","@id":"https:\/\/www.tablaosflamencos.com\/nl\/cafes-cantantes-sevilla.html#local-main-place-address","streetAddress":"C\/ Alemanes, 19","addressLocality":"Sevilla","postalCode":"41004","addressRegion":"Sevilla","addressCountry":"ES"},{"@type":"ImageObject","inLanguage":"nl-NL","@id":"https:\/\/www.tablaosflamencos.com\/nl\/cafes-cantantes-sevilla.html#local-main-organization-logo","url":"https:\/\/www.tablaosflamencos.com\/wp-content\/uploads\/tablaos-flamencos-06-3.webp","contentUrl":"https:\/\/www.tablaosflamencos.com\/wp-content\/uploads\/tablaos-flamencos-06-3.webp","width":600,"height":620,"caption":"Tablaos Flamencos"}]},"geo.placename":"Sevilla","geo.position":{"lat":"37.3868072","long":"-5.993280299999999"},"geo.region":"Spanje"},"_links":{"self":[{"href":"https:\/\/www.tablaosflamencos.com\/nl\/wp-json\/wp\/v2\/posts\/13583","targetHints":{"allow":["GET"]}}],"collection":[{"href":"https:\/\/www.tablaosflamencos.com\/nl\/wp-json\/wp\/v2\/posts"}],"about":[{"href":"https:\/\/www.tablaosflamencos.com\/nl\/wp-json\/wp\/v2\/types\/post"}],"author":[{"embeddable":true,"href":"https:\/\/www.tablaosflamencos.com\/nl\/wp-json\/wp\/v2\/users\/1"}],"replies":[{"embeddable":true,"href":"https:\/\/www.tablaosflamencos.com\/nl\/wp-json\/wp\/v2\/comments?post=13583"}],"version-history":[{"count":2,"href":"https:\/\/www.tablaosflamencos.com\/nl\/wp-json\/wp\/v2\/posts\/13583\/revisions"}],"predecessor-version":[{"id":13592,"href":"https:\/\/www.tablaosflamencos.com\/nl\/wp-json\/wp\/v2\/posts\/13583\/revisions\/13592"}],"wp:featuredmedia":[{"embeddable":true,"href":"https:\/\/www.tablaosflamencos.com\/nl\/wp-json\/wp\/v2\/media\/13572"}],"wp:attachment":[{"href":"https:\/\/www.tablaosflamencos.com\/nl\/wp-json\/wp\/v2\/media?parent=13583"}],"wp:term":[{"taxonomy":"category","embeddable":true,"href":"https:\/\/www.tablaosflamencos.com\/nl\/wp-json\/wp\/v2\/categories?post=13583"},{"taxonomy":"post_tag","embeddable":true,"href":"https:\/\/www.tablaosflamencos.com\/nl\/wp-json\/wp\/v2\/tags?post=13583"}],"curies":[{"name":"wp","href":"https:\/\/api.w.org\/{rel}","templated":true}]}}