{"id":13282,"date":"2026-08-29T18:16:39","date_gmt":"2026-08-29T16:16:39","guid":{"rendered":"https:\/\/www.tablaosflamencos.com\/?p=13282"},"modified":"2026-08-29T18:53:12","modified_gmt":"2026-08-29T16:53:12","slug":"korting-el-jardin-de-murillo-murillo15","status":"publish","type":"post","link":"https:\/\/www.tablaosflamencos.com\/nl\/korting-el-jardin-de-murillo-murillo15.html","title":{"rendered":"15% korting bij El Jard\u00edn de Murillo met code MURILLO15"},"content":{"rendered":"<section class=\"l-section wpb_row height_huge\"><div class=\"l-section-h i-cf\"><div class=\"g-cols vc_row via_flex valign_middle type_default stacking_default\"><div class=\"vc_col-sm-6 wpb_column vc_column_container\"><div class=\"vc_column-inner\"><div class=\"wpb_wrapper\"><div class=\"wpb_text_column\"><div class=\"wpb_wrapper\"><h2>15% korting bij El Jard\u00edn de Murillo tot en met 31 augustus<\/h2>\n<p>Als je tijdens deze laatste dagen van augustus wilt genieten van een flamencoavond in Sevilla, heb je een mooie kans om te reserveren <strong>Tablao Flamenco El Jard\u00edn de Murillo met 15% korting<\/strong>.<\/p>\n<p>De actie is beschikbaar wanneer je via Tablaos Flamencos reserveert en de code invoert <strong>MURILLO15<\/strong> tijdens het boekingsproces. De code is geldig <strong>tot en met 31 augustus<\/strong>.<\/p>\n<p>El Jard\u00edn de Murillo ligt in een van de bijzonderste delen van het historische centrum van Sevilla, naast de Jardines de Murillo en de wijk Santa Cruz. Het is een aantrekkelijke keuze om een wandeling door het monumentale centrum te combineren met een live flamenco-ervaring.<\/p>\n<\/div><\/div><\/div><\/div><\/div><div class=\"vc_col-sm-6 wpb_column vc_column_container\"><div class=\"vc_column-inner\"><div class=\"wpb_wrapper\"><div class=\"w-image us_custom_89826a5b has_aspect_ratio align_center\"><div class=\"w-image-h\"><img fetchpriority=\"high\" decoding=\"async\" width=\"683\" height=\"1024\" src=\"https:\/\/www.tablaosflamencos.com\/wp-content\/uploads\/15-de-descuento-en-el-jardin-de-murillo-con-el-codigo-murillo15-01-2-683x1024.webp\" class=\"attachment-large size-large\" alt=\"15% de descuento en El Jard\u00edn de Murillo con el c\u00f3digo MURILLO15\" loading=\"eager\" srcset=\"https:\/\/www.tablaosflamencos.com\/wp-content\/uploads\/15-de-descuento-en-el-jardin-de-murillo-con-el-codigo-murillo15-01-2-683x1024.webp 683w, https:\/\/www.tablaosflamencos.com\/wp-content\/uploads\/15-de-descuento-en-el-jardin-de-murillo-con-el-codigo-murillo15-01-2-200x300.webp 200w, https:\/\/www.tablaosflamencos.com\/wp-content\/uploads\/15-de-descuento-en-el-jardin-de-murillo-con-el-codigo-murillo15-01-2-1024x1536.webp 1024w, https:\/\/www.tablaosflamencos.com\/wp-content\/uploads\/15-de-descuento-en-el-jardin-de-murillo-con-el-codigo-murillo15-01-2-400x600.webp 400w, https:\/\/www.tablaosflamencos.com\/wp-content\/uploads\/15-de-descuento-en-el-jardin-de-murillo-con-el-codigo-murillo15-01-2-100x150.webp 100w, https:\/\/www.tablaosflamencos.com\/wp-content\/uploads\/15-de-descuento-en-el-jardin-de-murillo-con-el-codigo-murillo15-01-2.webp 1280w\" sizes=\"auto, (max-width: 683px) 100vw, 683px\" \/><\/div><\/div><\/div><\/div><\/div><\/div><\/div><\/section><section class=\"l-section wpb_row height_huge color_alternate with_shape\"><div class=\"l-section-shape type_zigzag pos_top hor_flip\" style=\"height:3vmin;\"><svg xmlns=\"http:\/\/www.w3.org\/2000\/svg\" viewBox=\"0 0 64 8\" preserveAspectRatio=\"none\" width=\"100%\" height=\"100%\">\r\n\t<path fill=\"currentColor\" d=\"M64 8 L0 8 L0 0 L20 7.9 L40 3 L48 5 L64 0 Z\"\/>\r\n<\/svg><\/div><div class=\"l-section-shape type_zigzag pos_bottom\" style=\"height:3vmin;\"><svg xmlns=\"http:\/\/www.w3.org\/2000\/svg\" viewBox=\"0 0 64 8\" preserveAspectRatio=\"none\" width=\"100%\" height=\"100%\">\r\n\t<path fill=\"currentColor\" d=\"M64 8 L0 8 L0 0 L20 7.9 L40 3 L48 5 L64 0 Z\"\/>\r\n<\/svg><\/div><div class=\"l-section-h i-cf\"><div class=\"g-cols vc_row via_flex valign_top type_default stacking_default\"><div class=\"vc_col-sm-12 wpb_column vc_column_container\"><div class=\"vc_column-inner\"><div class=\"wpb_wrapper\"><div class=\"wpb_text_column\"><div class=\"wpb_wrapper\"><h2 style=\"text-align: center;\">Actiecode: MURILLO15<\/h2>\n<p style=\"text-align: center;\"><strong>Ontvang 15% korting<\/strong> bij het reserveren van Tablao Flamenco El Jard\u00edn de Murillo en het invoeren van de code <strong>MURILLO15<\/strong>.<\/p>\n<p style=\"text-align: center;\">Actie geldig tot en met <strong>31 augustus<\/strong>. Beschikbaarheid is afhankelijk van de beschikbare plaatsen op de gekozen datum.<\/p>\n<\/div><\/div><div class=\"w-separator size_medium\"><\/div><div class=\"w-hwrapper valign_top wrap stack_on_mobiles align_center\" style=\"--hwrapper-gap:1.2rem\"><div class=\"w-btn-wrapper align_none\"><a class=\"w-btn us-btn-style_1\" href=\"https:\/\/www.tablaosflamencos.com\/nl\/tablao\/tablao-flamenco-el-jardin-de-murillo\"><span class=\"w-btn-label\">Boek met 15% korting<\/span><\/a><\/div><\/div><\/div><\/div><\/div><\/div><\/div><\/section><section class=\"l-section wpb_row height_huge\"><div class=\"l-section-h i-cf\"><div class=\"g-cols vc_row via_flex valign_top type_default stacking_default\"><div class=\"vc_col-sm-12 wpb_column vc_column_container\"><div class=\"vc_column-inner\"><div class=\"wpb_wrapper\"><div class=\"wpb_text_column\"><div class=\"wpb_wrapper\"><h2>Flamenco bij de Jardines de Murillo en de wijk Santa Cruz<\/h2>\n<p>Het <strong>Tablao Flamenco El Jard\u00edn de Murillo<\/strong> ligt aan de Paseo de Catalina de Ribera, naast de Jardines de Murillo en op een paar stappen van enkele van de meest bezochte bezienswaardigheden van Sevilla, zoals het Real Alc\u00e1zar, de kathedraal en de Giralda.<\/p>\n<p>Dankzij de ligging kun je eenvoudig een typisch Sevilliaanse middag of avond plannen zonder grote afstanden af te leggen: wandel door Santa Cruz, verken de monumentale omgeving en sluit de dag af met een live flamencoshow.<\/p>\n<p>Het tablao is juist ontworpen rond nabijheid. De capaciteit bedraagt ongeveer <strong>100 personen<\/strong>, waardoor je zang, gitaar en dans van dichtbij beleeft en details kunt waarnemen die in grotere zalen verloren gaan.<\/p>\n<\/div><\/div><\/div><\/div><\/div><\/div><\/div><\/section><section class=\"l-section wpb_row height_huge color_alternate with_shape\"><div class=\"l-section-shape type_zigzag pos_top hor_flip\" style=\"height:3vmin;\"><svg xmlns=\"http:\/\/www.w3.org\/2000\/svg\" viewBox=\"0 0 64 8\" preserveAspectRatio=\"none\" width=\"100%\" height=\"100%\">\r\n\t<path fill=\"currentColor\" d=\"M64 8 L0 8 L0 0 L20 7.9 L40 3 L48 5 L64 0 Z\"\/>\r\n<\/svg><\/div><div class=\"l-section-shape type_zigzag pos_bottom\" style=\"height:3vmin;\"><svg xmlns=\"http:\/\/www.w3.org\/2000\/svg\" viewBox=\"0 0 64 8\" preserveAspectRatio=\"none\" width=\"100%\" height=\"100%\">\r\n\t<path fill=\"currentColor\" d=\"M64 8 L0 8 L0 0 L20 7.9 L40 3 L48 5 L64 0 Z\"\/>\r\n<\/svg><\/div><div class=\"l-section-h i-cf\"><div class=\"g-cols vc_row via_flex valign_top type_default stacking_default\"><div class=\"vc_col-sm-4 wpb_column vc_column_container\"><div class=\"vc_column-inner\"><div class=\"wpb_wrapper\"><div class=\"wpb_text_column\"><div class=\"wpb_wrapper\"><h3 style=\"text-align: center;\">Show van 1 uur<\/h3>\n<p style=\"text-align: center;\">Een live flamencoshow die de intensiteit van zang, gitaarspel en dans samenbrengt in een ervaring van ongeveer \u00e9\u00e9n uur.<\/p>\n<\/div><\/div><\/div><\/div><\/div><div class=\"vc_col-sm-4 wpb_column vc_column_container\"><div class=\"vc_column-inner\"><div class=\"wpb_wrapper\"><div class=\"wpb_text_column\"><div class=\"wpb_wrapper\"><h3 style=\"text-align: center;\">Flamenco heel dicht bij de artiesten<\/h3>\n<p style=\"text-align: center;\">Het intieme format en de beperkte capaciteit laten je de comp\u00e1s, het voetenwerk, de gitaar en de expressie van de artiesten van dichtbij ervaren.<\/p>\n<\/div><\/div><\/div><\/div><\/div><div class=\"vc_col-sm-4 wpb_column vc_column_container\"><div class=\"vc_column-inner\"><div class=\"wpb_wrapper\"><div class=\"wpb_text_column\"><div class=\"wpb_wrapper\"><h3 style=\"text-align: center;\">Drankjes en gastronomische opties<\/h3>\n<p style=\"text-align: center;\">Naast tickets met een drankje zijn er formules met een plank Iberische vleeswaren en opties om te delen.<\/p>\n<\/div><\/div><\/div><\/div><\/div><\/div><\/div><\/section><section class=\"l-section wpb_row height_huge\"><div class=\"l-section-h i-cf\"><div class=\"g-cols vc_row via_flex valign_middle type_default stacking_default\"><div class=\"vc_col-sm-6 wpb_column vc_column_container\"><div class=\"vc_column-inner\"><div class=\"wpb_wrapper\"><div class=\"w-image us_custom_8ec565b2 has_aspect_ratio align_center\"><div class=\"w-image-h\"><img decoding=\"async\" width=\"683\" height=\"1024\" src=\"https:\/\/www.tablaosflamencos.com\/wp-content\/uploads\/15-de-descuento-en-el-jardin-de-murillo-con-el-codigo-murillo15-01-1-683x1024.webp\" class=\"attachment-large size-large\" alt=\"15% de descuento en El Jard\u00edn de Murillo con el c\u00f3digo MURILLO15\" loading=\"eager\" srcset=\"https:\/\/www.tablaosflamencos.com\/wp-content\/uploads\/15-de-descuento-en-el-jardin-de-murillo-con-el-codigo-murillo15-01-1-683x1024.webp 683w, https:\/\/www.tablaosflamencos.com\/wp-content\/uploads\/15-de-descuento-en-el-jardin-de-murillo-con-el-codigo-murillo15-01-1-200x300.webp 200w, https:\/\/www.tablaosflamencos.com\/wp-content\/uploads\/15-de-descuento-en-el-jardin-de-murillo-con-el-codigo-murillo15-01-1-1024x1536.webp 1024w, https:\/\/www.tablaosflamencos.com\/wp-content\/uploads\/15-de-descuento-en-el-jardin-de-murillo-con-el-codigo-murillo15-01-1-400x600.webp 400w, https:\/\/www.tablaosflamencos.com\/wp-content\/uploads\/15-de-descuento-en-el-jardin-de-murillo-con-el-codigo-murillo15-01-1-100x150.webp 100w, https:\/\/www.tablaosflamencos.com\/wp-content\/uploads\/15-de-descuento-en-el-jardin-de-murillo-con-el-codigo-murillo15-01-1.webp 1280w\" sizes=\"auto, (max-width: 683px) 100vw, 683px\" \/><\/div><\/div><\/div><\/div><\/div><div class=\"vc_col-sm-6 wpb_column vc_column_container\"><div class=\"vc_column-inner\"><div class=\"wpb_wrapper\"><div class=\"wpb_text_column\"><div class=\"wpb_wrapper\"><h2>Wat je vindt bij El Jard\u00edn de Murillo<\/h2>\n<p>Het aanbod draait om de essenti\u00eble elementen van flamenco: <strong>live zang, gitaar en dans<\/strong>. Het is geen afstandelijke voorstelling, maar een ervaring waarbij het publiek de communicatie tussen de artiesten, de wisselingen in intensiteit en de improvisatie van elke voorstelling van dichtbij kan volgen.<\/p>\n<p>De ervaring kan op verschillende manieren worden beleefd. Er zijn opties met de show en een drankje, en andere die een gastronomisch aanbod met Iberische producten toevoegen. Er is ook een formule voor koppels met tickets, drankjes en een plank om te delen.<\/p>\n<p>De locatie is toegankelijk en dankzij de ligging in de oude binnenstad is ze gemakkelijk te combineren met een bezoek aan het centrum van Sevilla.<\/p>\n<\/div><\/div><div class=\"w-separator size_medium\"><\/div><div class=\"w-btn-wrapper align_none\"><a class=\"w-btn us-btn-style_1\" href=\"https:\/\/www.tablaosflamencos.com\/nl\/tablao\/tablao-flamenco-el-jardin-de-murillo\"><span class=\"w-btn-label\">Bekijk El Jard\u00edn de Murillo en boek<\/span><\/a><\/div><\/div><\/div><\/div><\/div><\/div><\/section><section class=\"l-section wpb_row height_huge color_alternate with_shape\"><div class=\"l-section-shape type_zigzag pos_top hor_flip\" style=\"height:3vmin;\"><svg xmlns=\"http:\/\/www.w3.org\/2000\/svg\" viewBox=\"0 0 64 8\" preserveAspectRatio=\"none\" width=\"100%\" height=\"100%\">\r\n\t<path fill=\"currentColor\" d=\"M64 8 L0 8 L0 0 L20 7.9 L40 3 L48 5 L64 0 Z\"\/>\r\n<\/svg><\/div><div class=\"l-section-shape type_zigzag pos_bottom\" style=\"height:3vmin;\"><svg xmlns=\"http:\/\/www.w3.org\/2000\/svg\" viewBox=\"0 0 64 8\" preserveAspectRatio=\"none\" width=\"100%\" height=\"100%\">\r\n\t<path fill=\"currentColor\" d=\"M64 8 L0 8 L0 0 L20 7.9 L40 3 L48 5 L64 0 Z\"\/>\r\n<\/svg><\/div><div class=\"l-section-h i-cf\"><div class=\"g-cols vc_row via_flex valign_top type_default stacking_default\"><div class=\"vc_col-sm-12 wpb_column vc_column_container\"><div class=\"vc_column-inner\"><div class=\"wpb_wrapper\"><div class=\"wpb_text_column\"><div class=\"wpb_wrapper\"><h2 style=\"text-align: center;\">Zo gebruik je de code MURILLO15<\/h2>\n<p style=\"text-align: center;\">Gebruikmaken van de actie is eenvoudig. Boek via de pagina van El Jard\u00edn de Murillo op Tablaos Flamencos en pas de code toe voordat je de aankoop afrondt.<\/p>\n<\/div><\/div><div class=\"w-separator size_medium\"><\/div><div class=\"g-cols wpb_row via_flex valign_top type_default stacking_default\"><div class=\"vc_col-sm-4 wpb_column vc_column_container\"><div class=\"vc_column-inner\"><div class=\"wpb_wrapper\"><div class=\"wpb_text_column\"><div class=\"wpb_wrapper\"><h3 style=\"text-align: center;\">1. Open de pagina<\/h3>\n<p style=\"text-align: center;\">Ga rechtstreeks naar de pagina van Tablao Flamenco El Jard\u00edn de Murillo op Tablaos Flamencos.<\/p>\n<\/div><\/div><\/div><\/div><\/div><div class=\"vc_col-sm-4 wpb_column vc_column_container\"><div class=\"vc_column-inner\"><div class=\"wpb_wrapper\"><div class=\"wpb_text_column\"><div class=\"wpb_wrapper\"><h3 style=\"text-align: center;\">2. Kies je reservering<\/h3>\n<p style=\"text-align: center;\">Selecteer de datum en ticketoptie die je wilt boeken, afhankelijk van de beschikbaarheid.<\/p>\n<\/div><\/div><\/div><\/div><\/div><div class=\"vc_col-sm-4 wpb_column vc_column_container\"><div class=\"vc_column-inner\"><div class=\"wpb_wrapper\"><div class=\"wpb_text_column\"><div class=\"wpb_wrapper\"><h3 style=\"text-align: center;\">3. Voer MURILLO15 in<\/h3>\n<p style=\"text-align: center;\">Voer de code <strong>MURILLO15<\/strong> in tijdens het boekingsproces om <strong>15% korting<\/strong>.<\/p>\n<\/div><\/div><\/div><\/div><\/div><\/div><div class=\"w-separator size_medium\"><\/div><div class=\"w-hwrapper valign_top wrap stack_on_mobiles align_center\" style=\"--hwrapper-gap:1.2rem\"><div class=\"w-btn-wrapper align_none\"><a class=\"w-btn us-btn-style_1\" href=\"https:\/\/www.tablaosflamencos.com\/nl\/tablao\/tablao-flamenco-el-jardin-de-murillo\"><span class=\"w-btn-label\">Ga naar de boeking van El Jard\u00edn de Murillo<\/span><\/a><\/div><\/div><\/div><\/div><\/div><\/div><\/div><\/section><section class=\"l-section wpb_row height_huge\"><div class=\"l-section-h i-cf\"><div class=\"g-cols vc_row via_flex valign_top type_default stacking_default\"><div class=\"vc_col-sm-6 wpb_column vc_column_container\"><div class=\"vc_column-inner\"><div class=\"wpb_wrapper\"><div class=\"wpb_text_column\"><div class=\"wpb_wrapper\"><h2>Een perfect plan voor een avond in het centrum van Sevilla<\/h2>\n<p>De ligging van El Jard\u00edn de Murillo maakt het eenvoudig om de show onderdeel te maken van een uitgebreider avondprogramma. Voor de voorstelling kun je door Santa Cruz wandelen, de omgeving van het Alc\u00e1zar verkennen of richting de kathedraal en de Giralda lopen. Daarna biedt het historische centrum volop mogelijkheden om de avond voort te zetten.<\/p>\n<p>Voor bezoekers die slechts enkele dagen in Sevilla zijn, heeft deze combinatie een belangrijk voordeel: erfgoed, sfeer, gastronomie en flamenco liggen allemaal in dezelfde omgeving.<\/p>\n<\/div><\/div><\/div><\/div><\/div><div class=\"vc_col-sm-6 wpb_column vc_column_container\"><div class=\"vc_column-inner\"><div class=\"wpb_wrapper\"><div class=\"wpb_text_column\"><div class=\"wpb_wrapper\"><h2>Boek voordat de actie afloopt<\/h2>\n<p>De code <strong>MURILLO15<\/strong> is alleen geldig <strong>tot en met 31 augustus<\/strong>. Als je tijdens deze periode al van plan bent een flamencoshow in Sevilla bij te wonen, is het verstandig om zo snel mogelijk de beschikbaarheid van het tablao te controleren.<\/p>\n<p>De reservering wordt rechtstreeks gemaakt via de <a href=\"https:\/\/www.tablaosflamencos.com\/tablao\/tablao-flamenco-el-jardin-de-murillo\"><strong>pagina van Tablao Flamenco El Jard\u00edn de Murillo<\/strong><\/a>, waar je de beschikbare opties voor de gekozen datum kunt bekijken.<\/p>\n<\/div><\/div><\/div><\/div><\/div><\/div><\/div><\/section><section class=\"l-section wpb_row height_huge color_alternate with_shape\"><div class=\"l-section-shape type_zigzag pos_top hor_flip\" style=\"height:3vmin;\"><svg xmlns=\"http:\/\/www.w3.org\/2000\/svg\" viewBox=\"0 0 64 8\" preserveAspectRatio=\"none\" width=\"100%\" height=\"100%\">\r\n\t<path fill=\"currentColor\" d=\"M64 8 L0 8 L0 0 L20 7.9 L40 3 L48 5 L64 0 Z\"\/>\r\n<\/svg><\/div><div class=\"l-section-shape type_zigzag pos_bottom\" style=\"height:3vmin;\"><svg xmlns=\"http:\/\/www.w3.org\/2000\/svg\" viewBox=\"0 0 64 8\" preserveAspectRatio=\"none\" width=\"100%\" height=\"100%\">\r\n\t<path fill=\"currentColor\" d=\"M64 8 L0 8 L0 0 L20 7.9 L40 3 L48 5 L64 0 Z\"\/>\r\n<\/svg><\/div><div class=\"l-section-h i-cf\"><div class=\"g-cols vc_row via_flex valign_middle type_default stacking_default\"><div class=\"vc_col-sm-12 wpb_column vc_column_container\"><div class=\"vc_column-inner\"><div class=\"wpb_wrapper\"><div class=\"wpb_text_column\"><div class=\"wpb_wrapper\"><h2 style=\"text-align: center;\">15% korting met MURILLO15<\/h2>\n<p style=\"text-align: center;\">Boek je ervaring bij Tablao Flamenco El Jard\u00edn de Murillo, voer <strong>MURILLO15<\/strong> in en profiteer van <strong>15% korting<\/strong> voordat de actie op 31 augustus eindigt.<\/p>\n<\/div><\/div><div class=\"w-separator size_medium\"><\/div><div class=\"w-hwrapper valign_top wrap stack_on_mobiles align_center\" style=\"--hwrapper-gap:1.2rem\"><div class=\"w-btn-wrapper align_none\"><a class=\"w-btn us-btn-style_1\" href=\"https:\/\/www.tablaosflamencos.com\/nl\/tablao\/tablao-flamenco-el-jardin-de-murillo\"><span class=\"w-btn-label\">Boek El Jard\u00edn de Murillo<\/span><\/a><\/div><\/div><\/div><\/div><\/div><\/div><\/div><\/section><section class=\"l-section wpb_row height_huge\"><div class=\"l-section-h i-cf\"><div class=\"g-cols vc_row via_flex valign_top type_default stacking_default\"><div class=\"vc_col-sm-1\/5 wpb_column vc_column_container\"><div class=\"vc_column-inner\"><div class=\"wpb_wrapper\"><\/div><\/div><\/div><div class=\"vc_col-sm-3\/5 wpb_column vc_column_container\"><div class=\"vc_column-inner\"><div class=\"wpb_wrapper\"><div class=\"wpb_text_column\"><div class=\"wpb_wrapper\"><h2 style=\"text-align: center;\">Veelgestelde vragen over de actie van El Jard\u00edn de Murillo<\/h2>\n<\/div><\/div><div class=\"w-separator size_medium\"><\/div><div class=\"w-tabs accordion toggle_style_1 has_scrolling\" style=\"--sections-title-size:inherit;--sections-gap:0.5rem;\"><div class=\"w-tabs-sections titles-align_none icon_chevron cpos_right\"><div class=\"w-tabs-section\" id=\"a7d9\"><button type=\"button\" class=\"w-tabs-section-header\" aria-controls=\"content-a7d9\" aria-expanded=\"false\"><div class=\"w-tabs-section-title\">Wat is de kortingscode voor El Jard\u00edn de Murillo?<\/div><div class=\"w-tabs-section-control\"><\/div><\/button><div  class=\"w-tabs-section-content\" id=\"content-a7d9\"><div class=\"w-tabs-section-content-h i-cf\"><div class=\"wpb_text_column\"><div class=\"wpb_wrapper\"><p>De actiecode is <strong>MURILLO15<\/strong> en geeft 15% korting bij het maken van de reservering.<\/p>\n<\/div><\/div><\/div><\/div><\/div><div class=\"w-tabs-section\" id=\"z919\"><button type=\"button\" class=\"w-tabs-section-header\" aria-controls=\"content-z919\" aria-expanded=\"false\"><div class=\"w-tabs-section-title\">Tot wanneer is de korting beschikbaar?<\/div><div class=\"w-tabs-section-control\"><\/div><\/button><div  class=\"w-tabs-section-content\" id=\"content-z919\"><div class=\"w-tabs-section-content-h i-cf\"><div class=\"wpb_text_column\"><div class=\"wpb_wrapper\"><p>De actie loopt tot en met <strong>31 augustus<\/strong>.<\/p>\n<\/div><\/div><\/div><\/div><\/div><div class=\"w-tabs-section\" id=\"da09\"><button type=\"button\" class=\"w-tabs-section-header\" aria-controls=\"content-da09\" aria-expanded=\"false\"><div class=\"w-tabs-section-title\">Waar moet ik boeken om MURILLO15 te gebruiken?<\/div><div class=\"w-tabs-section-control\"><\/div><\/button><div  class=\"w-tabs-section-content\" id=\"content-da09\"><div class=\"w-tabs-section-content-h i-cf\"><div class=\"wpb_text_column\"><div class=\"wpb_wrapper\"><p>De reservering moet worden gemaakt via de pagina van <a href=\"https:\/\/www.tablaosflamencos.com\/tablao\/tablao-flamenco-el-jardin-de-murillo\">Tablao Flamenco El Jard\u00edn de Murillo op Tablaos Flamencos<\/a> en de code moet tijdens het afrekenen worden ingevoerd.<\/p>\n<\/div><\/div><\/div><\/div><\/div><div class=\"w-tabs-section\" id=\"caef\"><button type=\"button\" class=\"w-tabs-section-header\" aria-controls=\"content-caef\" aria-expanded=\"false\"><div class=\"w-tabs-section-title\">Waar ligt El Jard\u00edn de Murillo?<\/div><div class=\"w-tabs-section-control\"><\/div><\/button><div  class=\"w-tabs-section-content\" id=\"content-caef\"><div class=\"w-tabs-section-content-h i-cf\"><div class=\"wpb_text_column\"><div class=\"wpb_wrapper\"><p>Het ligt aan de Paseo de Catalina de Ribera, naast de Jardines de Murillo en de wijk Santa Cruz, midden in het historische centrum van Sevilla.<\/p>\n<\/div><\/div><\/div><\/div><\/div><div class=\"w-tabs-section\" id=\"lbc3\"><button type=\"button\" class=\"w-tabs-section-header\" aria-controls=\"content-lbc3\" aria-expanded=\"false\"><div class=\"w-tabs-section-title\">Hoe lang duurt de show?<\/div><div class=\"w-tabs-section-control\"><\/div><\/button><div  class=\"w-tabs-section-content\" id=\"content-lbc3\"><div class=\"w-tabs-section-content-h i-cf\"><div class=\"wpb_text_column\"><div class=\"wpb_wrapper\"><p>De show duurt ongeveer \u00e9\u00e9n uur en combineert live flamencozang, gitaar en dans.<\/p>\n<\/div><\/div><\/div><\/div><\/div><\/div><\/div><\/div><\/div><\/div><div class=\"vc_col-sm-1\/5 wpb_column vc_column_container\"><div class=\"vc_column-inner\"><div class=\"wpb_wrapper\"><\/div><\/div><\/div><\/div><\/div><\/section>\n","protected":false},"excerpt":{"rendered":"<p>Boek Tablao Flamenco El Jard\u00edn de Murillo in Sevilla met 15% korting met code MURILLO15. Actie geldig tot en met 31 augustus.<\/p>\n","protected":false},"author":1,"featured_media":13264,"comment_status":"closed","ping_status":"closed","sticky":false,"template":"","format":"standard","meta":{"_acf_changed":false,"wpai_generated_summary":"","_ayudawp_aiss_exclude":false,"_ayudawp_aiss_exclude_summary":false,"_ayudawp_aiss_summary":"","_ayudawp_aiss_summary_provider":"","_ayudawp_aiss_summary_hash":"","footnotes":""},"categories":[1438],"tags":[1463,1133,1461,1464,1462,423,452],"class_list":["post-13282","post","type-post","status-publish","format-standard","has-post-thumbnail","hentry","category-acties","tag-el-jardin-de-murillo-nl","tag-flamenco-en-sevilla","tag-flamenco-sevilla-boeken","tag-flamencokorting-sevilla","tag-flamencotickets-sevilla","tag-sevilla","tag-tablao-flamenco-sevilla"],"acf":[],"yoast_head":"<!-- This site is optimized with the Yoast SEO Premium plugin v28.3 (Yoast SEO v28.3) - https:\/\/yoast.com\/product\/yoast-seo-premium-wordpress\/ -->\n<title>15% korting bij El Jard\u00edn de Murillo: MURILLO15 | Tablaos Flamencos<\/title>\n<meta name=\"description\" content=\"Boek El Jard\u00edn de Murillo in Sevilla met 15% korting met code MURILLO15. Actie geldig tot en met 31 augustus.\" \/>\n<meta name=\"robots\" content=\"index, follow, max-snippet:-1, max-image-preview:large, max-video-preview:-1\" \/>\n<link rel=\"canonical\" href=\"https:\/\/www.tablaosflamencos.com\/nl\/korting-el-jardin-de-murillo-murillo15.html\" \/>\n<meta property=\"og:locale\" content=\"nl_NL\" \/>\n<meta property=\"og:type\" content=\"article\" \/>\n<meta property=\"og:title\" content=\"15% korting bij El Jard\u00edn de Murillo met code MURILLO15\" \/>\n<meta property=\"og:description\" content=\"Boek El Jard\u00edn de Murillo in Sevilla met 15% korting met code MURILLO15. Actie geldig tot en met 31 augustus.\" \/>\n<meta property=\"og:url\" content=\"https:\/\/www.tablaosflamencos.com\/nl\/korting-el-jardin-de-murillo-murillo15.html\" \/>\n<meta property=\"og:site_name\" content=\"Tablaos Flamencos\" \/>\n<meta property=\"article:publisher\" content=\"https:\/\/www.facebook.com\/tablaosflamencos\" \/>\n<meta property=\"article:published_time\" content=\"2026-08-29T16:16:39+00:00\" \/>\n<meta property=\"article:modified_time\" content=\"2026-08-29T16:53:12+00:00\" \/>\n<meta property=\"og:image\" content=\"https:\/\/www.tablaosflamencos.com\/wp-content\/uploads\/15-de-descuento-en-el-jardin-de-murillo-con-el-codigo-murillo15-01-3.webp\" \/>\n\t<meta property=\"og:image:width\" content=\"1280\" \/>\n\t<meta property=\"og:image:height\" content=\"1920\" \/>\n\t<meta property=\"og:image:type\" content=\"image\/webp\" \/>\n<meta name=\"author\" content=\"Miguel Ortiz\" \/>\n<meta name=\"twitter:card\" content=\"summary_large_image\" \/>\n<meta name=\"twitter:creator\" content=\"@tablaosflamenco\" \/>\n<meta name=\"twitter:site\" content=\"@tablaosflamenco\" \/>\n<meta name=\"twitter:label1\" content=\"Geschreven door\" \/>\n\t<meta name=\"twitter:data1\" content=\"Miguel Ortiz\" \/>\n\t<meta name=\"twitter:label2\" content=\"Geschatte leestijd\" \/>\n\t<meta name=\"twitter:data2\" content=\"8 minuten\" \/>\n<script type=\"application\/ld+json\" class=\"yoast-schema-graph\">{\"@context\":\"https:\\\/\\\/schema.org\",\"@graph\":[{\"@type\":\"Article\",\"@id\":\"https:\\\/\\\/www.tablaosflamencos.com\\\/nl\\\/korting-el-jardin-de-murillo-murillo15.html#article\",\"isPartOf\":{\"@id\":\"https:\\\/\\\/www.tablaosflamencos.com\\\/nl\\\/korting-el-jardin-de-murillo-murillo15.html\"},\"author\":{\"name\":\"Miguel Ortiz\",\"@id\":\"https:\\\/\\\/www.tablaosflamencos.com\\\/nl#\\\/schema\\\/person\\\/e7a9ebe14eb75a52ceabfbffb3c54f5d\"},\"headline\":\"15% korting bij El Jard\u00edn de Murillo met code MURILLO15\",\"datePublished\":\"2026-08-29T16:16:39+00:00\",\"dateModified\":\"2026-08-29T16:53:12+00:00\",\"mainEntityOfPage\":{\"@id\":\"https:\\\/\\\/www.tablaosflamencos.com\\\/nl\\\/korting-el-jardin-de-murillo-murillo15.html\"},\"wordCount\":1517,\"publisher\":{\"@id\":\"https:\\\/\\\/www.tablaosflamencos.com\\\/nl#organization\"},\"image\":{\"@id\":\"https:\\\/\\\/www.tablaosflamencos.com\\\/nl\\\/korting-el-jardin-de-murillo-murillo15.html#primaryimage\"},\"thumbnailUrl\":\"https:\\\/\\\/www.tablaosflamencos.com\\\/wp-content\\\/uploads\\\/15-de-descuento-en-el-jardin-de-murillo-con-el-codigo-murillo15-01-3.webp\",\"keywords\":[\"El Jard\u00edn de Murillo\",\"flamenco en Sevilla\",\"flamenco Sevilla boeken\",\"flamencokorting Sevilla\",\"flamencotickets Sevilla\",\"sevilla\",\"tablao flamenco Sevilla\"],\"articleSection\":[\"Acties\"],\"inLanguage\":\"nl-NL\"},{\"@type\":\"WebPage\",\"@id\":\"https:\\\/\\\/www.tablaosflamencos.com\\\/nl\\\/korting-el-jardin-de-murillo-murillo15.html\",\"url\":\"https:\\\/\\\/www.tablaosflamencos.com\\\/nl\\\/korting-el-jardin-de-murillo-murillo15.html\",\"name\":\"15% korting bij El Jard\u00edn de Murillo: MURILLO15 | Tablaos Flamencos\",\"isPartOf\":{\"@id\":\"https:\\\/\\\/www.tablaosflamencos.com\\\/nl#website\"},\"primaryImageOfPage\":{\"@id\":\"https:\\\/\\\/www.tablaosflamencos.com\\\/nl\\\/korting-el-jardin-de-murillo-murillo15.html#primaryimage\"},\"image\":{\"@id\":\"https:\\\/\\\/www.tablaosflamencos.com\\\/nl\\\/korting-el-jardin-de-murillo-murillo15.html#primaryimage\"},\"thumbnailUrl\":\"https:\\\/\\\/www.tablaosflamencos.com\\\/wp-content\\\/uploads\\\/15-de-descuento-en-el-jardin-de-murillo-con-el-codigo-murillo15-01-3.webp\",\"datePublished\":\"2026-08-29T16:16:39+00:00\",\"dateModified\":\"2026-08-29T16:53:12+00:00\",\"description\":\"Boek El Jard\u00edn de Murillo in Sevilla met 15% korting met code MURILLO15. Actie geldig tot en met 31 augustus.\",\"breadcrumb\":{\"@id\":\"https:\\\/\\\/www.tablaosflamencos.com\\\/nl\\\/korting-el-jardin-de-murillo-murillo15.html#breadcrumb\"},\"inLanguage\":\"nl-NL\",\"potentialAction\":[{\"@type\":\"ReadAction\",\"target\":[\"https:\\\/\\\/www.tablaosflamencos.com\\\/nl\\\/korting-el-jardin-de-murillo-murillo15.html\"]}]},{\"@type\":\"ImageObject\",\"inLanguage\":\"nl-NL\",\"@id\":\"https:\\\/\\\/www.tablaosflamencos.com\\\/nl\\\/korting-el-jardin-de-murillo-murillo15.html#primaryimage\",\"url\":\"https:\\\/\\\/www.tablaosflamencos.com\\\/wp-content\\\/uploads\\\/15-de-descuento-en-el-jardin-de-murillo-con-el-codigo-murillo15-01-3.webp\",\"contentUrl\":\"https:\\\/\\\/www.tablaosflamencos.com\\\/wp-content\\\/uploads\\\/15-de-descuento-en-el-jardin-de-murillo-con-el-codigo-murillo15-01-3.webp\",\"width\":1280,\"height\":1920,\"caption\":\"15% de descuento en El Jard\u00edn de Murillo con el c\u00f3digo MURILLO15\"},{\"@type\":\"BreadcrumbList\",\"@id\":\"https:\\\/\\\/www.tablaosflamencos.com\\\/nl\\\/korting-el-jardin-de-murillo-murillo15.html#breadcrumb\",\"itemListElement\":[{\"@type\":\"ListItem\",\"position\":1,\"name\":\"Home\",\"item\":\"https:\\\/\\\/www.tablaosflamencos.com\\\/nl\"},{\"@type\":\"ListItem\",\"position\":2,\"name\":\"15% korting bij El Jard\u00edn de Murillo met code MURILLO15\"}]},{\"@type\":\"WebSite\",\"@id\":\"https:\\\/\\\/www.tablaosflamencos.com\\\/nl#website\",\"url\":\"https:\\\/\\\/www.tablaosflamencos.com\\\/nl\",\"name\":\"Tablaos Flamencos\",\"description\":\"Entradas para tablaos flamencos de Espa\u00f1a\",\"publisher\":{\"@id\":\"https:\\\/\\\/www.tablaosflamencos.com\\\/nl#organization\"},\"alternateName\":\"Tablaos Flamencos\",\"potentialAction\":[{\"@type\":\"SearchAction\",\"target\":{\"@type\":\"EntryPoint\",\"urlTemplate\":\"https:\\\/\\\/www.tablaosflamencos.com\\\/nl?s={search_term_string}\"},\"query-input\":{\"@type\":\"PropertyValueSpecification\",\"valueRequired\":true,\"valueName\":\"search_term_string\"}}],\"inLanguage\":\"nl-NL\"},{\"@type\":[\"Organization\",\"Place\",\"EntertainmentBusiness\"],\"@id\":\"https:\\\/\\\/www.tablaosflamencos.com\\\/nl#organization\",\"name\":\"Tablaos Flamencos\",\"alternateName\":\"Tablaos Flamencos\",\"url\":\"https:\\\/\\\/www.tablaosflamencos.com\\\/nl\",\"logo\":{\"@id\":\"https:\\\/\\\/www.tablaosflamencos.com\\\/nl\\\/korting-el-jardin-de-murillo-murillo15.html#local-main-organization-logo\"},\"image\":{\"@id\":\"https:\\\/\\\/www.tablaosflamencos.com\\\/nl\\\/korting-el-jardin-de-murillo-murillo15.html#local-main-organization-logo\"},\"sameAs\":[\"https:\\\/\\\/www.facebook.com\\\/tablaosflamencos\",\"https:\\\/\\\/x.com\\\/tablaosflamenco\",\"https:\\\/\\\/mastodon.social\\\/@tablaosflamencos\",\"https:\\\/\\\/www.instagram.com\\\/tablaosflamencos\",\"https:\\\/\\\/tiktok.com\\\/@tablaosflamencos\",\"https:\\\/\\\/www.linkedin.com\\\/company\\\/109408238\\\/\"],\"description\":\"Venta de entradas para espect\u00e1culos flamencos\",\"legalName\":\"Tablaos Flamencos\",\"foundingDate\":\"2015-01-01\",\"numberOfEmployees\":{\"@type\":\"QuantitativeValue\",\"minValue\":\"1\",\"maxValue\":\"10\"},\"address\":{\"@id\":\"https:\\\/\\\/www.tablaosflamencos.com\\\/nl\\\/korting-el-jardin-de-murillo-murillo15.html#local-main-place-address\"},\"geo\":{\"@type\":\"GeoCoordinates\",\"latitude\":\"37.3868072\",\"longitude\":\"-5.993280299999999\"},\"telephone\":[\"+34623787787\"],\"contactPoint\":{\"@type\":\"ContactPoint\",\"telephone\":\"+34623787787\",\"email\":\"info@tablaosflamencos.com\"},\"openingHoursSpecification\":{\"@type\":\"OpeningHoursSpecification\",\"dayOfWeek\":[\"Monday\",\"Tuesday\",\"Wednesday\",\"Thursday\",\"Friday\",\"Saturday\",\"Sunday\"],\"opens\":\"00:00\",\"closes\":\"23:59\"},\"email\":\"info@tablaosflamencos.com\",\"priceRange\":\"$$$\",\"currenciesAccepted\":\"\u20ac\"},{\"@type\":\"Person\",\"@id\":\"https:\\\/\\\/www.tablaosflamencos.com\\\/nl#\\\/schema\\\/person\\\/e7a9ebe14eb75a52ceabfbffb3c54f5d\",\"name\":\"Miguel Ortiz\",\"description\":\"Miguel Ortiz es un empresario flamenco, con una s\u00f3lida trayectoria dentro del sector. Ha presidido entidades culturales vinculadas al flamenco y, cuenta con un amplio recorrido profesional en la gesti\u00f3n y promoci\u00f3n de espect\u00e1culos y tablaos flamencos. Su pasi\u00f3n por la historia y el arte flamenco se refleja en cada art\u00edculo, donde combina experiencia, criterio y un profundo respeto por la tradici\u00f3n.\",\"sameAs\":[\"https:\\\/\\\/www.tablaosflamencos.com\",\"https:\\\/\\\/www.instagra.com\\\/miguelortizfe\",\"https:\\\/\\\/www.linkedin.com\\\/in\\\/miguelortizf\\\/\"],\"birthDate\":\"1984-11-22\",\"gender\":\"hombre\",\"knowsLanguage\":[\"espa\u00f1ol\",\"ingl\u00e9s\"],\"jobTitle\":\"Empresario flamenco\"},{\"@type\":\"PostalAddress\",\"@id\":\"https:\\\/\\\/www.tablaosflamencos.com\\\/nl\\\/korting-el-jardin-de-murillo-murillo15.html#local-main-place-address\",\"streetAddress\":\"C\\\/ Alemanes, 19\",\"addressLocality\":\"Sevilla\",\"postalCode\":\"41004\",\"addressRegion\":\"Sevilla\",\"addressCountry\":\"ES\"},{\"@type\":\"ImageObject\",\"inLanguage\":\"nl-NL\",\"@id\":\"https:\\\/\\\/www.tablaosflamencos.com\\\/nl\\\/korting-el-jardin-de-murillo-murillo15.html#local-main-organization-logo\",\"url\":\"https:\\\/\\\/www.tablaosflamencos.com\\\/wp-content\\\/uploads\\\/tablaos-flamencos-06-3.webp\",\"contentUrl\":\"https:\\\/\\\/www.tablaosflamencos.com\\\/wp-content\\\/uploads\\\/tablaos-flamencos-06-3.webp\",\"width\":600,\"height\":620,\"caption\":\"Tablaos Flamencos\"}]}<\/script>\n<meta name=\"geo.placename\" content=\"Sevilla\" \/>\n<meta name=\"geo.position\" content=\"37.3868072;-5.993280299999999\" \/>\n<meta name=\"geo.region\" content=\"Spanje\" \/>\n<!-- \/ Yoast SEO Premium plugin. -->","yoast_head_json":{"title":"15% korting bij El Jard\u00edn de Murillo: MURILLO15 | Tablaos Flamencos","description":"Boek El Jard\u00edn de Murillo in Sevilla met 15% korting met code MURILLO15. Actie geldig tot en met 31 augustus.","robots":{"index":"index","follow":"follow","max-snippet":"max-snippet:-1","max-image-preview":"max-image-preview:large","max-video-preview":"max-video-preview:-1"},"canonical":"https:\/\/www.tablaosflamencos.com\/nl\/korting-el-jardin-de-murillo-murillo15.html","og_locale":"nl_NL","og_type":"article","og_title":"15% korting bij El Jard\u00edn de Murillo met code MURILLO15","og_description":"Boek El Jard\u00edn de Murillo in Sevilla met 15% korting met code MURILLO15. Actie geldig tot en met 31 augustus.","og_url":"https:\/\/www.tablaosflamencos.com\/nl\/korting-el-jardin-de-murillo-murillo15.html","og_site_name":"Tablaos Flamencos","article_publisher":"https:\/\/www.facebook.com\/tablaosflamencos","article_published_time":"2026-08-29T16:16:39+00:00","article_modified_time":"2026-08-29T16:53:12+00:00","og_image":[{"width":1280,"height":1920,"url":"https:\/\/www.tablaosflamencos.com\/wp-content\/uploads\/15-de-descuento-en-el-jardin-de-murillo-con-el-codigo-murillo15-01-3.webp","type":"image\/webp"}],"author":"Miguel Ortiz","twitter_card":"summary_large_image","twitter_creator":"@tablaosflamenco","twitter_site":"@tablaosflamenco","twitter_misc":{"Geschreven door":"Miguel Ortiz","Geschatte leestijd":"8 minuten"},"schema":{"@context":"https:\/\/schema.org","@graph":[{"@type":"Article","@id":"https:\/\/www.tablaosflamencos.com\/nl\/korting-el-jardin-de-murillo-murillo15.html#article","isPartOf":{"@id":"https:\/\/www.tablaosflamencos.com\/nl\/korting-el-jardin-de-murillo-murillo15.html"},"author":{"name":"Miguel Ortiz","@id":"https:\/\/www.tablaosflamencos.com\/nl#\/schema\/person\/e7a9ebe14eb75a52ceabfbffb3c54f5d"},"headline":"15% korting bij El Jard\u00edn de Murillo met code MURILLO15","datePublished":"2026-08-29T16:16:39+00:00","dateModified":"2026-08-29T16:53:12+00:00","mainEntityOfPage":{"@id":"https:\/\/www.tablaosflamencos.com\/nl\/korting-el-jardin-de-murillo-murillo15.html"},"wordCount":1517,"publisher":{"@id":"https:\/\/www.tablaosflamencos.com\/nl#organization"},"image":{"@id":"https:\/\/www.tablaosflamencos.com\/nl\/korting-el-jardin-de-murillo-murillo15.html#primaryimage"},"thumbnailUrl":"https:\/\/www.tablaosflamencos.com\/wp-content\/uploads\/15-de-descuento-en-el-jardin-de-murillo-con-el-codigo-murillo15-01-3.webp","keywords":["El Jard\u00edn de Murillo","flamenco en Sevilla","flamenco Sevilla boeken","flamencokorting Sevilla","flamencotickets Sevilla","sevilla","tablao flamenco Sevilla"],"articleSection":["Acties"],"inLanguage":"nl-NL"},{"@type":"WebPage","@id":"https:\/\/www.tablaosflamencos.com\/nl\/korting-el-jardin-de-murillo-murillo15.html","url":"https:\/\/www.tablaosflamencos.com\/nl\/korting-el-jardin-de-murillo-murillo15.html","name":"15% korting bij El Jard\u00edn de Murillo: MURILLO15 | Tablaos Flamencos","isPartOf":{"@id":"https:\/\/www.tablaosflamencos.com\/nl#website"},"primaryImageOfPage":{"@id":"https:\/\/www.tablaosflamencos.com\/nl\/korting-el-jardin-de-murillo-murillo15.html#primaryimage"},"image":{"@id":"https:\/\/www.tablaosflamencos.com\/nl\/korting-el-jardin-de-murillo-murillo15.html#primaryimage"},"thumbnailUrl":"https:\/\/www.tablaosflamencos.com\/wp-content\/uploads\/15-de-descuento-en-el-jardin-de-murillo-con-el-codigo-murillo15-01-3.webp","datePublished":"2026-08-29T16:16:39+00:00","dateModified":"2026-08-29T16:53:12+00:00","description":"Boek El Jard\u00edn de Murillo in Sevilla met 15% korting met code MURILLO15. Actie geldig tot en met 31 augustus.","breadcrumb":{"@id":"https:\/\/www.tablaosflamencos.com\/nl\/korting-el-jardin-de-murillo-murillo15.html#breadcrumb"},"inLanguage":"nl-NL","potentialAction":[{"@type":"ReadAction","target":["https:\/\/www.tablaosflamencos.com\/nl\/korting-el-jardin-de-murillo-murillo15.html"]}]},{"@type":"ImageObject","inLanguage":"nl-NL","@id":"https:\/\/www.tablaosflamencos.com\/nl\/korting-el-jardin-de-murillo-murillo15.html#primaryimage","url":"https:\/\/www.tablaosflamencos.com\/wp-content\/uploads\/15-de-descuento-en-el-jardin-de-murillo-con-el-codigo-murillo15-01-3.webp","contentUrl":"https:\/\/www.tablaosflamencos.com\/wp-content\/uploads\/15-de-descuento-en-el-jardin-de-murillo-con-el-codigo-murillo15-01-3.webp","width":1280,"height":1920,"caption":"15% de descuento en El Jard\u00edn de Murillo con el c\u00f3digo MURILLO15"},{"@type":"BreadcrumbList","@id":"https:\/\/www.tablaosflamencos.com\/nl\/korting-el-jardin-de-murillo-murillo15.html#breadcrumb","itemListElement":[{"@type":"ListItem","position":1,"name":"Home","item":"https:\/\/www.tablaosflamencos.com\/nl"},{"@type":"ListItem","position":2,"name":"15% korting bij El Jard\u00edn de Murillo met code MURILLO15"}]},{"@type":"WebSite","@id":"https:\/\/www.tablaosflamencos.com\/nl#website","url":"https:\/\/www.tablaosflamencos.com\/nl","name":"Tablaos Flamencos","description":"Entradas para tablaos flamencos de Espa\u00f1a","publisher":{"@id":"https:\/\/www.tablaosflamencos.com\/nl#organization"},"alternateName":"Tablaos Flamencos","potentialAction":[{"@type":"SearchAction","target":{"@type":"EntryPoint","urlTemplate":"https:\/\/www.tablaosflamencos.com\/nl?s={search_term_string}"},"query-input":{"@type":"PropertyValueSpecification","valueRequired":true,"valueName":"search_term_string"}}],"inLanguage":"nl-NL"},{"@type":["Organization","Place","EntertainmentBusiness"],"@id":"https:\/\/www.tablaosflamencos.com\/nl#organization","name":"Tablaos Flamencos","alternateName":"Tablaos Flamencos","url":"https:\/\/www.tablaosflamencos.com\/nl","logo":{"@id":"https:\/\/www.tablaosflamencos.com\/nl\/korting-el-jardin-de-murillo-murillo15.html#local-main-organization-logo"},"image":{"@id":"https:\/\/www.tablaosflamencos.com\/nl\/korting-el-jardin-de-murillo-murillo15.html#local-main-organization-logo"},"sameAs":["https:\/\/www.facebook.com\/tablaosflamencos","https:\/\/x.com\/tablaosflamenco","https:\/\/mastodon.social\/@tablaosflamencos","https:\/\/www.instagram.com\/tablaosflamencos","https:\/\/tiktok.com\/@tablaosflamencos","https:\/\/www.linkedin.com\/company\/109408238\/"],"description":"Venta de entradas para espect\u00e1culos flamencos","legalName":"Tablaos Flamencos","foundingDate":"2015-01-01","numberOfEmployees":{"@type":"QuantitativeValue","minValue":"1","maxValue":"10"},"address":{"@id":"https:\/\/www.tablaosflamencos.com\/nl\/korting-el-jardin-de-murillo-murillo15.html#local-main-place-address"},"geo":{"@type":"GeoCoordinates","latitude":"37.3868072","longitude":"-5.993280299999999"},"telephone":["+34623787787"],"contactPoint":{"@type":"ContactPoint","telephone":"+34623787787","email":"info@tablaosflamencos.com"},"openingHoursSpecification":{"@type":"OpeningHoursSpecification","dayOfWeek":["Monday","Tuesday","Wednesday","Thursday","Friday","Saturday","Sunday"],"opens":"00:00","closes":"23:59"},"email":"info@tablaosflamencos.com","priceRange":"$$$","currenciesAccepted":"\u20ac"},{"@type":"Person","@id":"https:\/\/www.tablaosflamencos.com\/nl#\/schema\/person\/e7a9ebe14eb75a52ceabfbffb3c54f5d","name":"Miguel Ortiz","description":"Miguel Ortiz es un empresario flamenco, con una s\u00f3lida trayectoria dentro del sector. Ha presidido entidades culturales vinculadas al flamenco y, cuenta con un amplio recorrido profesional en la gesti\u00f3n y promoci\u00f3n de espect\u00e1culos y tablaos flamencos. Su pasi\u00f3n por la historia y el arte flamenco se refleja en cada art\u00edculo, donde combina experiencia, criterio y un profundo respeto por la tradici\u00f3n.","sameAs":["https:\/\/www.tablaosflamencos.com","https:\/\/www.instagra.com\/miguelortizfe","https:\/\/www.linkedin.com\/in\/miguelortizf\/"],"birthDate":"1984-11-22","gender":"hombre","knowsLanguage":["espa\u00f1ol","ingl\u00e9s"],"jobTitle":"Empresario flamenco"},{"@type":"PostalAddress","@id":"https:\/\/www.tablaosflamencos.com\/nl\/korting-el-jardin-de-murillo-murillo15.html#local-main-place-address","streetAddress":"C\/ Alemanes, 19","addressLocality":"Sevilla","postalCode":"41004","addressRegion":"Sevilla","addressCountry":"ES"},{"@type":"ImageObject","inLanguage":"nl-NL","@id":"https:\/\/www.tablaosflamencos.com\/nl\/korting-el-jardin-de-murillo-murillo15.html#local-main-organization-logo","url":"https:\/\/www.tablaosflamencos.com\/wp-content\/uploads\/tablaos-flamencos-06-3.webp","contentUrl":"https:\/\/www.tablaosflamencos.com\/wp-content\/uploads\/tablaos-flamencos-06-3.webp","width":600,"height":620,"caption":"Tablaos Flamencos"}]},"geo.placename":"Sevilla","geo.position":{"lat":"37.3868072","long":"-5.993280299999999"},"geo.region":"Spanje"},"_links":{"self":[{"href":"https:\/\/www.tablaosflamencos.com\/nl\/wp-json\/wp\/v2\/posts\/13282","targetHints":{"allow":["GET"]}}],"collection":[{"href":"https:\/\/www.tablaosflamencos.com\/nl\/wp-json\/wp\/v2\/posts"}],"about":[{"href":"https:\/\/www.tablaosflamencos.com\/nl\/wp-json\/wp\/v2\/types\/post"}],"author":[{"embeddable":true,"href":"https:\/\/www.tablaosflamencos.com\/nl\/wp-json\/wp\/v2\/users\/1"}],"replies":[{"embeddable":true,"href":"https:\/\/www.tablaosflamencos.com\/nl\/wp-json\/wp\/v2\/comments?post=13282"}],"version-history":[{"count":1,"href":"https:\/\/www.tablaosflamencos.com\/nl\/wp-json\/wp\/v2\/posts\/13282\/revisions"}],"predecessor-version":[{"id":13288,"href":"https:\/\/www.tablaosflamencos.com\/nl\/wp-json\/wp\/v2\/posts\/13282\/revisions\/13288"}],"wp:featuredmedia":[{"embeddable":true,"href":"https:\/\/www.tablaosflamencos.com\/nl\/wp-json\/wp\/v2\/media\/13264"}],"wp:attachment":[{"href":"https:\/\/www.tablaosflamencos.com\/nl\/wp-json\/wp\/v2\/media?parent=13282"}],"wp:term":[{"taxonomy":"category","embeddable":true,"href":"https:\/\/www.tablaosflamencos.com\/nl\/wp-json\/wp\/v2\/categories?post=13282"},{"taxonomy":"post_tag","embeddable":true,"href":"https:\/\/www.tablaosflamencos.com\/nl\/wp-json\/wp\/v2\/tags?post=13282"}],"curies":[{"name":"wp","href":"https:\/\/api.w.org\/{rel}","templated":true}]}}