{"id":15168,"date":"2026-09-06T16:53:49","date_gmt":"2026-09-06T14:53:49","guid":{"rendered":"https:\/\/www.tablaosflamencos.com\/?p=15168"},"modified":"2026-09-06T19:54:14","modified_gmt":"2026-09-06T17:54:14","slug":"trasnoches-flamencos-2026-malaga-programma-biglietti","status":"publish","type":"post","link":"https:\/\/www.tablaosflamencos.com\/it\/trasnoches-flamencos-2026-malaga-programma-biglietti.html","title":{"rendered":"Trasnoches Flamencos 2026: sette appuntamenti di chitarra, cante e danza a Malaga"},"content":{"rendered":"<section class=\"l-section wpb_row height_huge\"><div class=\"l-section-h i-cf\"><div class=\"g-cols vc_row via_flex valign_top type_default stacking_default\"><div class=\"vc_col-sm-6 wpb_column vc_column_container\"><div class=\"vc_column-inner\"><div class=\"wpb_wrapper\"><div class=\"wpb_text_column\"><div class=\"wpb_wrapper\"><h2>Trasnoches Flamencos 2026 a Malaga<\/h2>\n<p>A settembre Malaga diventa una delle capitali spagnole della chitarra e, nell&#8217;ambito del <strong>V Festival Internazionale della Chitarra di Malaga Pepe Romero<\/strong>, il flamenco ha un ciclo tutto suo. <strong>Trasnoches Flamencos 2026<\/strong> riunisce sette appuntamenti tra il 4 e il 26 settembre con alcuni dei nomi pi\u00f9 interessanti della chitarra flamenca contemporanea, oltre a canto e danza.<\/p>\n<p>Il programma combina recital di chitarra solista con incontri in cui il toque si apre al cante e alla danza. Alejandro Hurtado e Inmaculada Salom\u00f3n hanno inaugurato il ciclo il 4 settembre; seguono El Amir, Pituquete con Encarna Anillo, Daniel Casares, Jos\u00e9 Ferm\u00edn Fern\u00e1ndez, Joni Jim\u00e9nez con Jes\u00fas M\u00e9ndez e Ricardo Fern\u00e1ndez del Moral.<\/p>\n<\/div><\/div><\/div><\/div><\/div><div class=\"vc_col-sm-6 wpb_column vc_column_container\"><div class=\"vc_column-inner\"><div class=\"wpb_wrapper\"><div class=\"wpb_text_column\"><div class=\"wpb_wrapper\"><h2>Informazioni essenziali<\/h2>\n<ul>\n<li><strong>Date:<\/strong> dal 4 al 26 settembre 2026.<\/li>\n<li><strong>Numero di appuntamenti:<\/strong> 7.<\/li>\n<li><strong>Citt\u00e0:<\/strong> Malaga.<\/li>\n<li><strong>Sedi:<\/strong> Sala Fundaci\u00f3n Unicaja Mar\u00eda Cristina e Patio de Surtidores dell&#8217;Alcazaba.<\/li>\n<li><strong>Prezzi:<\/strong> da 10 a 18 \u20ac.<\/li>\n<li><strong>Vendita:<\/strong> MiEntrada.<\/li>\n<li><strong>Focus:<\/strong> chitarra flamenca, cante e danza.<\/li>\n<\/ul>\n<\/div><\/div><\/div><\/div><\/div><\/div><\/div><\/section><section class=\"l-section wpb_row height_huge color_alternate with_shape\"><div class=\"l-section-shape type_zigzag pos_top\" style=\"height:3vmin;\"><svg xmlns=\"http:\/\/www.w3.org\/2000\/svg\" viewBox=\"0 0 64 8\" preserveAspectRatio=\"none\" width=\"100%\" height=\"100%\">\r\n\t<path fill=\"currentColor\" d=\"M64 8 L0 8 L0 0 L20 7.9 L40 3 L48 5 L64 0 Z\"\/>\r\n<\/svg><\/div><div class=\"l-section-shape type_zigzag pos_bottom\" style=\"height:3vmin;\"><svg xmlns=\"http:\/\/www.w3.org\/2000\/svg\" viewBox=\"0 0 64 8\" preserveAspectRatio=\"none\" width=\"100%\" height=\"100%\">\r\n\t<path fill=\"currentColor\" d=\"M64 8 L0 8 L0 0 L20 7.9 L40 3 L48 5 L64 0 Z\"\/>\r\n<\/svg><\/div><div class=\"l-section-h i-cf\"><div class=\"g-cols vc_row via_flex valign_top type_default stacking_default\"><div class=\"vc_col-sm-12 wpb_column vc_column_container\"><div class=\"vc_column-inner\"><div class=\"wpb_wrapper\"><div class=\"wpb_text_column\"><div class=\"wpb_wrapper\"><blockquote>\n<p><strong>Risposta rapida:<\/strong> Trasnoches Flamencos 2026 comprende sette spettacoli a Malaga dal 4 al 26 settembre. Si tengono nella Sala Fundaci\u00f3n Unicaja Mar\u00eda Cristina e nel Patio de Surtidores dell&#8217;Alcazaba di Malaga. I biglietti costano tra 10 e 18 euro e sono venduti tramite MiEntrada.<\/p>\n<\/blockquote>\n<\/div><\/div><\/div><\/div><\/div><\/div><\/div><\/section><section class=\"l-section wpb_row height_huge\"><div class=\"l-section-h i-cf\"><div class=\"g-cols vc_row via_flex valign_top type_default stacking_default\"><div class=\"vc_col-sm-3 wpb_column vc_column_container\"><div class=\"vc_column-inner\"><div class=\"wpb_wrapper\"><\/div><\/div><\/div><div class=\"vc_col-sm-6 wpb_column vc_column_container\"><div class=\"vc_column-inner\"><div class=\"wpb_wrapper\"><div class=\"wpb_text_column\"><div class=\"wpb_wrapper\"><h2>Contenuto di questa guida<\/h2>\n<ul>\n<li><a href=\"#programa\">Programma completo<\/a><\/li>\n<li><a href=\"#ciclo\">Cos&#8217;\u00e8 Trasnoches Flamencos<\/a><\/li>\n<li><a href=\"#artistas\">I sette appuntamenti<\/a><\/li>\n<li><a href=\"#sedes\">Sedi<\/a><\/li>\n<li><a href=\"#entradas\">Biglietti<\/a><\/li>\n<li><a href=\"#elegir\">Quale concerto scegliere<\/a><\/li>\n<li><a href=\"#faq\">Domande frequenti<\/a><\/li>\n<\/ul>\n<\/div><\/div><\/div><\/div><\/div><div class=\"vc_col-sm-3 wpb_column vc_column_container\"><div class=\"vc_column-inner\"><div class=\"wpb_wrapper\"><\/div><\/div><\/div><\/div><\/div><\/section><section class=\"l-section wpb_row height_huge color_alternate with_shape\"><div class=\"l-section-shape type_zigzag pos_top\" style=\"height:3vmin;\"><svg xmlns=\"http:\/\/www.w3.org\/2000\/svg\" viewBox=\"0 0 64 8\" preserveAspectRatio=\"none\" width=\"100%\" height=\"100%\">\r\n\t<path fill=\"currentColor\" d=\"M64 8 L0 8 L0 0 L20 7.9 L40 3 L48 5 L64 0 Z\"\/>\r\n<\/svg><\/div><div class=\"l-section-shape type_zigzag pos_bottom\" style=\"height:3vmin;\"><svg xmlns=\"http:\/\/www.w3.org\/2000\/svg\" viewBox=\"0 0 64 8\" preserveAspectRatio=\"none\" width=\"100%\" height=\"100%\">\r\n\t<path fill=\"currentColor\" d=\"M64 8 L0 8 L0 0 L20 7.9 L40 3 L48 5 L64 0 Z\"\/>\r\n<\/svg><\/div><div class=\"l-section-h i-cf\"><div class=\"g-cols vc_row via_flex valign_top type_default stacking_default\"><div class=\"vc_col-sm-12 wpb_column vc_column_container\"><div class=\"vc_column-inner\"><div class=\"wpb_wrapper\"><div class=\"wpb_text_column\"><div class=\"wpb_wrapper\"><h2 id=\"programa\">Programma di Trasnoches Flamencos 2026 a Malaga<\/h2>\n<div style=\"overflow-x: auto;\">\n<table>\n<thead>\n<tr>\n<th>Data<\/th>\n<th>Artisti<\/th>\n<th>Ora<\/th>\n<th>Luogo<\/th>\n<th>Prezzo<\/th>\n<\/tr>\n<\/thead>\n<tbody>\n<tr>\n<td>4 settembre<\/td>\n<td>Alejandro Hurtado + Inmaculada Salom\u00f3n<\/td>\n<td>19:30<\/td>\n<td>Sala Fundaci\u00f3n Unicaja Mar\u00eda Cristina<\/td>\n<td>12 \u20ac<\/td>\n<\/tr>\n<tr>\n<td>11 settembre<\/td>\n<td>El Amir<\/td>\n<td>19:30<\/td>\n<td>Sala Fundaci\u00f3n Unicaja Mar\u00eda Cristina<\/td>\n<td>10 \u20ac<\/td>\n<\/tr>\n<tr>\n<td>17 settembre<\/td>\n<td>Pituquete + Encarna Anillo<\/td>\n<td>21:30<\/td>\n<td>Patio de Surtidores, Alcazaba di Malaga<\/td>\n<td>15 \u20ac<\/td>\n<\/tr>\n<tr>\n<td>19 settembre<\/td>\n<td>Daniel Casares<\/td>\n<td>19:30<\/td>\n<td>Sala Fundaci\u00f3n Unicaja Mar\u00eda Cristina<\/td>\n<td>12 \u20ac<\/td>\n<\/tr>\n<tr>\n<td>24 settembre<\/td>\n<td>Jos\u00e9 Ferm\u00edn Fern\u00e1ndez<\/td>\n<td>21:30<\/td>\n<td>Patio de Surtidores, Alcazaba di Malaga<\/td>\n<td>15 \u20ac<\/td>\n<\/tr>\n<tr>\n<td>25 settembre<\/td>\n<td>Joni Jim\u00e9nez + Jes\u00fas M\u00e9ndez<\/td>\n<td>19:30<\/td>\n<td>Sala Fundaci\u00f3n Unicaja Mar\u00eda Cristina<\/td>\n<td>10 \u20ac<\/td>\n<\/tr>\n<tr>\n<td>26 settembre<\/td>\n<td>Ricardo Fern\u00e1ndez del Moral<\/td>\n<td>21:30<\/td>\n<td>Patio de Surtidores, Alcazaba di Malaga<\/td>\n<td>18 \u20ac<\/td>\n<\/tr>\n<\/tbody>\n<\/table>\n<\/div>\n<p>Il primo appuntamento si \u00e8 svolto il 4 settembre. I sei restanti sono concentrati tra l&#8217;11 e il 26 settembre.<\/p>\n<\/div><\/div><\/div><\/div><\/div><\/div><\/div><\/section><section class=\"l-section wpb_row height_huge\"><div class=\"l-section-h i-cf\"><div class=\"g-cols vc_row via_flex valign_top type_default stacking_default\"><div class=\"vc_col-sm-6 wpb_column vc_column_container\"><div class=\"vc_column-inner\"><div class=\"wpb_wrapper\"><div class=\"wpb_text_column\"><div class=\"wpb_wrapper\"><h2 id=\"ciclo\">Cos&#8217;\u00e8 Trasnoches Flamencos<\/h2>\n<p><strong>Trasnoches Flamencos<\/strong> \u00e8 la sezione specificamente flamenca del Festival Internazionale della Chitarra di Malaga Pepe Romero. La quinta edizione del festival propone un totale di 15 concerti tra il 4 e il 30 settembre 2026, con programmi di chitarra classica, spagnola e flamenca, oltre a proposte legate alla musica antica e alla creazione sinfonica.<\/p>\n<p>All&#8217;interno di questo programma generale, le sette serate identificate come Trasnoches Flamencos formano un piccolo festival nel festival. La chitarra \u00e8 il filo conduttore, ma la selezione permette di ascoltare modi diversi di intendere il toque contemporaneo: dalla chitarra da concerto all&#8217;accompagnamento del cante, al dialogo con la danza e alle proposte che incrociano il flamenco con altre musiche.<\/p>\n<\/div><\/div><\/div><\/div><\/div><div class=\"vc_col-sm-6 wpb_column vc_column_container\"><div class=\"vc_column-inner\"><div class=\"wpb_wrapper\"><div class=\"wpb_text_column\"><div class=\"wpb_wrapper\"><h2>Il festival e i suoi spazi<\/h2>\n<p>L&#8217;organizzazione \u00e8 curata dalla European Guitar Foundation e il festival porta il nome di Pepe Romero, uno dei chitarristi malaguegni di maggiore proiezione internazionale.<\/p>\n<p>L&#8217;edizione 2026 si svolge in diversi spazi della citt\u00e0, ma Trasnoches Flamencos si concentra in due sedi: la Sala Fundaci\u00f3n Unicaja Mar\u00eda Cristina e il Patio de Surtidores dell&#8217;Alcazaba.<\/p>\n<p>Se vuoi scoprire anche altri spettacoli di flamenco durante il tuo soggiorno, consulta la nostra guida al <a href=\"https:\/\/www.tablaosflamencos.com\/flamenco-en-malaga\">flamenco a Malaga<\/a>.<\/p>\n<\/div><\/div><\/div><\/div><\/div><\/div><\/div><\/section><section class=\"l-section wpb_row height_huge color_alternate with_shape\"><div class=\"l-section-shape type_zigzag pos_top hor_flip\" style=\"height:3vmin;\"><svg xmlns=\"http:\/\/www.w3.org\/2000\/svg\" viewBox=\"0 0 64 8\" preserveAspectRatio=\"none\" width=\"100%\" height=\"100%\">\r\n\t<path fill=\"currentColor\" d=\"M64 8 L0 8 L0 0 L20 7.9 L40 3 L48 5 L64 0 Z\"\/>\r\n<\/svg><\/div><div class=\"l-section-shape type_zigzag pos_bottom\" style=\"height:3vmin;\"><svg xmlns=\"http:\/\/www.w3.org\/2000\/svg\" viewBox=\"0 0 64 8\" preserveAspectRatio=\"none\" width=\"100%\" height=\"100%\">\r\n\t<path fill=\"currentColor\" d=\"M64 8 L0 8 L0 0 L20 7.9 L40 3 L48 5 L64 0 Z\"\/>\r\n<\/svg><\/div><div class=\"l-section-h i-cf\"><div class=\"g-cols vc_row via_flex valign_top type_default stacking_default\"><div class=\"vc_col-sm-6 wpb_column vc_column_container\"><div class=\"vc_column-inner\"><div class=\"wpb_wrapper\"><div class=\"wpb_text_column\"><div class=\"wpb_wrapper\"><h2 id=\"artistas\">I sette appuntamenti di Trasnoches Flamencos 2026<\/h2>\n<h3>4 settembre: Alejandro Hurtado e Inmaculada Salom\u00f3n<\/h3>\n<p>Il ciclo si \u00e8 aperto con una proposta che univa <strong>chitarra e danza<\/strong>. Alejandro Hurtado, vincitore del Bord\u00f3n Minero nel 2017 e uno dei giovani chitarristi pi\u00f9 presenti nel circuito attuale, ha condiviso il palco con Inmaculada Salom\u00f3n, prima ballerina del Ballet Nacional de Espa\u00f1a.<\/p>\n<p>\u00c8 stato l&#8217;unico appuntamento del ciclo in cui la danza compare come protagonista esplicita insieme alla chitarra.<\/p>\n<h3>11 settembre: El Amir<\/h3>\n<p><strong>El Amir<\/strong>, nome d&#8217;arte di Amir John Haddad, propone una visione del flamenco aperta al Mediterraneo, al Medio Oriente e ad altri linguaggi musicali. La sua presenza in tourn\u00e9e e registrazioni legate a Hans Zimmer gli ha dato una proiezione internazionale poco comune nel circuito flamenco.<\/p>\n<\/div><\/div><\/div><\/div><\/div><div class=\"vc_col-sm-6 wpb_column vc_column_container\"><div class=\"vc_column-inner\"><div class=\"wpb_wrapper\"><div class=\"wpb_text_column\"><div class=\"wpb_wrapper\"><h3>17 settembre: Pituquete ed Encarna Anillo<\/h3>\n<p>Il terzo appuntamento si sposta nel <strong>Patio de Surtidores dell&#8217;Alcazaba di Malaga<\/strong>. La chitarra di Pituquete unisce radici latinoamericane, linguaggio flamenco e creazione contemporanea. Al suo fianco ci sar\u00e0 la cantaora <strong>Encarna Anillo<\/strong>.<\/p>\n<h3>19 settembre: Daniel Casares<\/h3>\n<p><strong>Daniel Casares<\/strong> \u00e8 uno dei nomi affermati della chitarra flamenca contemporanea. Per il pubblico che cerca una serata quasi interamente incentrata sul toque, senza bisogno di altri elementi scenici, questo \u00e8 uno degli appuntamenti pi\u00f9 chiari del programma.<\/p>\n<\/div><\/div><\/div><\/div><\/div><\/div><\/div><\/section><section class=\"l-section wpb_row height_huge\"><div class=\"l-section-h i-cf\"><div class=\"g-cols vc_row via_flex valign_top type_default stacking_default\"><div class=\"vc_col-sm-6 wpb_column vc_column_container\"><div class=\"vc_column-inner\"><div class=\"wpb_wrapper\"><div class=\"wpb_text_column\"><div class=\"wpb_wrapper\"><h3>24 settembre: Jos\u00e9 Ferm\u00edn Fern\u00e1ndez<\/h3>\n<p>Il granadino <strong>Jos\u00e9 Ferm\u00edn Fern\u00e1ndez<\/strong> \u00e8 uno dei chitarristi flamencos della sua generazione pi\u00f9 premiati in concorsi e festival. Il suo percorso comprende due riconoscimenti di grande peso: il Bord\u00f3n Minero del Festival Internacional del Cante de las Minas e il primo premio di chitarra del Concurso Nacional de Arte Flamenco de C\u00f3rdoba.<\/p>\n<p>Il recital si terr\u00e0 il 24 settembre alle <strong>21:30<\/strong> nel Patio de Surtidores dell&#8217;Alcazaba. Sia la biglietteria ufficiale sia il programma generale del festival indicano questo orario.<\/p>\n<\/div><\/div><\/div><\/div><\/div><div class=\"vc_col-sm-6 wpb_column vc_column_container\"><div class=\"vc_column-inner\"><div class=\"wpb_wrapper\"><div class=\"wpb_text_column\"><div class=\"wpb_wrapper\"><h3>25 settembre: Joni Jim\u00e9nez e Jes\u00fas M\u00e9ndez<\/h3>\n<p>Una delle serate pi\u00f9 interessanti per gli appassionati di cante riunisce il chitarrista <strong>Joni Jim\u00e9nez<\/strong> e il cantaor <strong>Jes\u00fas M\u00e9ndez<\/strong>. L&#8217;appuntamento mostra con chiarezza il ruolo della chitarra flamenca come accompagnamento, risposta e sostegno del canto.<\/p>\n<h3>26 settembre: Ricardo Fern\u00e1ndez del Moral<\/h3>\n<p>Trasnoches Flamencos 2026 si conclude con <strong>Ricardo Fern\u00e1ndez del Moral<\/strong>, cantaor e chitarrista capace di assumere da solo i due ruoli principali del recital flamenco. La chiusura sar\u00e0 alle 21:30 nel Patio de Surtidores dell&#8217;Alcazaba.<\/p>\n<\/div><\/div><\/div><\/div><\/div><\/div><\/div><\/section><section class=\"l-section wpb_row height_huge color_alternate with_shape\"><div class=\"l-section-shape type_zigzag pos_top\" style=\"height:3vmin;\"><svg xmlns=\"http:\/\/www.w3.org\/2000\/svg\" viewBox=\"0 0 64 8\" preserveAspectRatio=\"none\" width=\"100%\" height=\"100%\">\r\n\t<path fill=\"currentColor\" d=\"M64 8 L0 8 L0 0 L20 7.9 L40 3 L48 5 L64 0 Z\"\/>\r\n<\/svg><\/div><div class=\"l-section-shape type_zigzag pos_bottom\" style=\"height:3vmin;\"><svg xmlns=\"http:\/\/www.w3.org\/2000\/svg\" viewBox=\"0 0 64 8\" preserveAspectRatio=\"none\" width=\"100%\" height=\"100%\">\r\n\t<path fill=\"currentColor\" d=\"M64 8 L0 8 L0 0 L20 7.9 L40 3 L48 5 L64 0 Z\"\/>\r\n<\/svg><\/div><div class=\"l-section-h i-cf\"><div class=\"g-cols vc_row via_flex valign_top type_default stacking_default\"><div class=\"vc_col-sm-6 wpb_column vc_column_container\"><div class=\"vc_column-inner\"><div class=\"wpb_wrapper\"><div class=\"wpb_text_column\"><div class=\"wpb_wrapper\"><h2 id=\"sedes\">Due spazi per il flamenco<\/h2>\n<p>La <strong>Sala Fundaci\u00f3n Unicaja Mar\u00eda Cristina<\/strong>, nel centro storico, ospita gli appuntamenti del 4, 11, 19 e 25 settembre. \u00c8 una sala particolarmente adatta ad ascoltare la chitarra con attenzione e vicinanza.<\/p>\n<p>Il <strong>Patio de Surtidores dell&#8217;Alcazaba di Malaga<\/strong> ospita i concerti del 17, 24 e 26 settembre. La fortezza-palazzo offre un contesto storico molto diverso, particolarmente suggestivo per gli spettacoli serali.<\/p>\n<\/div><\/div><\/div><\/div><\/div><div class=\"vc_col-sm-6 wpb_column vc_column_container\"><div class=\"vc_column-inner\"><div class=\"wpb_wrapper\"><div class=\"wpb_text_column\"><div class=\"wpb_wrapper\"><h2>Come abbinare il festival a Malaga<\/h2>\n<p>Per i concerti all&#8217;Alcazaba, la biglietteria ufficiale indica l&#8217;accesso da Calle Guill\u00e9n Sotelo, all&#8217;ingresso dell&#8217;ascensore dell&#8217;Alcazaba.<\/p>\n<p>Chi viaggia appositamente per uno di questi concerti pu\u00f2 approfittare del soggiorno per unire il festival ad altri programmi culturali e alla consueta offerta di <a href=\"https:\/\/www.tablaosflamencos.com\/flamenco-en-malaga\">tablaos e spettacoli di flamenco a Malaga<\/a>.<\/p>\n<\/div><\/div><\/div><\/div><\/div><\/div><\/div><\/section><section class=\"l-section wpb_row height_huge\"><div class=\"l-section-h i-cf\"><div class=\"g-cols vc_row via_flex valign_top type_default stacking_default\"><div class=\"vc_col-sm-6 wpb_column vc_column_container\"><div class=\"vc_column-inner\"><div class=\"wpb_wrapper\"><div class=\"wpb_text_column\"><div class=\"wpb_wrapper\"><h2 id=\"entradas\">Biglietti per Trasnoches Flamencos 2026<\/h2>\n<p>I biglietti sono venduti tramite <strong>MiEntrada<\/strong>, la piattaforma collegata dal sito ufficiale del Festival Internazionale della Chitarra di Malaga Pepe Romero. I prezzi vanno da <strong>10 a 18 euro<\/strong> a seconda del concerto.<\/p>\n<ul>\n<li>El Amir: 10 \u20ac<\/li>\n<li>Joni Jim\u00e9nez + Jes\u00fas M\u00e9ndez: 10 \u20ac<\/li>\n<li>Alejandro Hurtado + Inmaculada Salom\u00f3n: 12 \u20ac<\/li>\n<li>Daniel Casares: 12 \u20ac<\/li>\n<li>Pituquete + Encarna Anillo: 15 \u20ac<\/li>\n<li>Jos\u00e9 Ferm\u00edn Fern\u00e1ndez: 15 \u20ac<\/li>\n<li>Ricardo Fern\u00e1ndez del Moral: 18 \u20ac<\/li>\n<\/ul>\n<\/div><\/div><\/div><\/div><\/div><div class=\"vc_col-sm-6 wpb_column vc_column_container\"><div class=\"vc_column-inner\"><div class=\"wpb_wrapper\"><div class=\"wpb_text_column\"><div class=\"wpb_wrapper\"><h2>Acquisto e disponibilit\u00e0<\/h2>\n<p>Poich\u00e9 gli spazi hanno capienza limitata e nelle edizioni precedenti alcuni concerti hanno registrato il tutto esaurito, \u00e8 consigliabile controllare la disponibilit\u00e0 in anticipo, soprattutto per gli spettacoli dell&#8217;Alcazaba e per gli appuntamenti con pi\u00f9 artisti.<\/p>\n<p><a href=\"https:\/\/www.mientrada.net\/\" target=\"_blank\" rel=\"nofollow noopener\"><strong>Controlla i biglietti su MiEntrada<\/strong><\/a> \u00b7 <a href=\"https:\/\/www.malagaguitarfestival.com\/\" target=\"_blank\" rel=\"nofollow noopener\"><strong>Vedi il programma ufficiale del festival<\/strong><\/a><\/p>\n<\/div><\/div><\/div><\/div><\/div><\/div><\/div><\/section><section class=\"l-section wpb_row height_huge color_alternate with_shape\"><div class=\"l-section-shape type_zigzag pos_top hor_flip\" style=\"height:3vmin;\"><svg xmlns=\"http:\/\/www.w3.org\/2000\/svg\" viewBox=\"0 0 64 8\" preserveAspectRatio=\"none\" width=\"100%\" height=\"100%\">\r\n\t<path fill=\"currentColor\" d=\"M64 8 L0 8 L0 0 L20 7.9 L40 3 L48 5 L64 0 Z\"\/>\r\n<\/svg><\/div><div class=\"l-section-shape type_zigzag pos_bottom\" style=\"height:3vmin;\"><svg xmlns=\"http:\/\/www.w3.org\/2000\/svg\" viewBox=\"0 0 64 8\" preserveAspectRatio=\"none\" width=\"100%\" height=\"100%\">\r\n\t<path fill=\"currentColor\" d=\"M64 8 L0 8 L0 0 L20 7.9 L40 3 L48 5 L64 0 Z\"\/>\r\n<\/svg><\/div><div class=\"l-section-h i-cf\"><div class=\"g-cols vc_row via_flex valign_top type_default stacking_default\"><div class=\"vc_col-sm-6 wpb_column vc_column_container\"><div class=\"vc_column-inner\"><div class=\"wpb_wrapper\"><div class=\"wpb_text_column\"><div class=\"wpb_wrapper\"><h2 id=\"elegir\">Quale concerto scegliere<\/h2>\n<p>Se puoi partecipare a un solo appuntamento, la scelta dipende molto dal tipo di flamenco che vuoi vedere. Per chi privilegia la <strong>chitarra solista<\/strong>, Daniel Casares e Jos\u00e9 Ferm\u00edn Fern\u00e1ndez sono due opzioni particolarmente chiare. Se cerchi una proposta pi\u00f9 contaminata e aperta ad altri linguaggi, El Amir o Pituquete possono essere pi\u00f9 adatti.<\/p>\n<p>Per ascoltare <strong>cante con chitarra<\/strong>, la serata di Joni Jim\u00e9nez e Jes\u00fas M\u00e9ndez \u00e8 una delle pi\u00f9 interessanti del ciclo. Ricardo Fern\u00e1ndez del Moral offre una variante diversa: canto e toque concentrati in un unico interprete.<\/p>\n<\/div><\/div><\/div><\/div><\/div><div class=\"vc_col-sm-6 wpb_column vc_column_container\"><div class=\"vc_column-inner\"><div class=\"wpb_wrapper\"><div class=\"wpb_text_column\"><div class=\"wpb_wrapper\"><h2>Il mio consiglio in base alla sede<\/h2>\n<p>I recital dell&#8217;Alcazaba hanno il valore aggiunto di svolgersi in uno dei monumenti pi\u00f9 riconoscibili di Malaga, mentre Mar\u00eda Cristina offre un formato da sala pi\u00f9 orientato all&#8217;ascolto.<\/p>\n<p>Se l&#8217;atmosfera del luogo conta quanto il cartellone, sceglierei una delle tre serate all&#8217;Alcazaba. Se la priorit\u00e0 \u00e8 ascoltare la chitarra con la massima attenzione, Mar\u00eda Cristina \u00e8 particolarmente adatta.<\/p>\n<\/div><\/div><\/div><\/div><\/div><\/div><\/div><\/section><section class=\"l-section wpb_row height_huge\"><div class=\"l-section-h i-cf\"><div class=\"g-cols vc_row via_flex valign_top type_default stacking_default\"><div class=\"vc_col-sm-12 wpb_column vc_column_container\"><div class=\"vc_column-inner\"><div class=\"wpb_wrapper\"><div class=\"wpb_text_column\"><div class=\"wpb_wrapper\"><h2>Un settembre di chitarra flamenca a Malaga<\/h2>\n<p>Trasnoches Flamencos trasforma il programma generale del Pepe Romero Guitar Festival in un&#8217;occasione per attraversare diverse generazioni e sensibilit\u00e0 del toque attuale. In appena tre settimane si susseguono chitarra solista, accompagnamento al cante, dialogo con la danza e proposte che ampliano i confini abituali del flamenco.<\/p>\n<p>Con biglietti a partire da 10 euro e due sedi nel centro di Malaga, il ciclo \u00e8 uno degli appuntamenti flamencos pi\u00f9 interessanti di settembre 2026 in citt\u00e0. Il consiglio pratico \u00e8 semplice: controllare la disponibilit\u00e0 per ogni data e, se il concerto scelto si svolge all&#8217;Alcazaba, verificare in anticipo il punto di accesso indicato dall&#8217;organizzazione.<\/p>\n<\/div><\/div><div class=\"w-separator size_medium\"><\/div><div class=\"w-hwrapper valign_top wrap align_center\" style=\"--hwrapper-gap:1.2rem\"><div class=\"w-btn-wrapper align_none\"><a class=\"w-btn us-btn-style_1\" href=\"\/?page_id=8784\"><span class=\"w-btn-label\">Scopri il flamenco a Malaga<\/span><\/a><\/div><div class=\"w-btn-wrapper align_none\"><a class=\"w-btn us-btn-style_1\" target=\" _blank\" rel=\" nofollow noopener\" href=\"https:\/\/www.malagaguitarfestival.com\/\"><span class=\"w-btn-label\">Vedi il programma ufficiale<\/span><\/a><\/div><\/div><\/div><\/div><\/div><\/div><\/div><\/section><section class=\"l-section wpb_row height_huge color_alternate with_shape\"><div class=\"l-section-shape type_zigzag pos_top\" style=\"height:3vmin;\"><svg xmlns=\"http:\/\/www.w3.org\/2000\/svg\" viewBox=\"0 0 64 8\" preserveAspectRatio=\"none\" width=\"100%\" height=\"100%\">\r\n\t<path fill=\"currentColor\" d=\"M64 8 L0 8 L0 0 L20 7.9 L40 3 L48 5 L64 0 Z\"\/>\r\n<\/svg><\/div><div class=\"l-section-h i-cf\"><div class=\"g-cols vc_row via_flex valign_top type_default stacking_default\"><div class=\"vc_col-sm-1\/5 wpb_column vc_column_container\"><div class=\"vc_column-inner\"><div class=\"wpb_wrapper\"><\/div><\/div><\/div><div class=\"vc_col-sm-3\/5 wpb_column vc_column_container\"><div class=\"vc_column-inner\"><div class=\"wpb_wrapper\"><div class=\"wpb_text_column\"><div class=\"wpb_wrapper\"><h2 id=\"faq\">Domande frequenti su Trasnoches Flamencos 2026<\/h2>\n<\/div><\/div><div class=\"w-separator size_medium\"><\/div><div class=\"w-tabs accordion toggle_style_1 has_scrolling\" style=\"--sections-title-size:inherit;--sections-gap:0.5rem;\"><div class=\"w-tabs-sections titles-align_none icon_chevron cpos_right\"><div class=\"w-tabs-section\" id=\"n9bb\"><button type=\"button\" class=\"w-tabs-section-header\" aria-controls=\"content-n9bb\" aria-expanded=\"false\"><div class=\"w-tabs-section-title\">Quando si svolge Trasnoches Flamencos 2026?<\/div><div class=\"w-tabs-section-control\"><\/div><\/button><div  class=\"w-tabs-section-content\" id=\"content-n9bb\"><div class=\"w-tabs-section-content-h i-cf\"><div class=\"wpb_text_column\"><div class=\"wpb_wrapper\"><p>Il ciclo si svolge dal 4 al 26 settembre 2026 nell&#8217;ambito del V Festival Internazionale della Chitarra di Malaga Pepe Romero.<\/p>\n<\/div><\/div><\/div><\/div><\/div><div class=\"w-tabs-section\" id=\"tab2\"><button type=\"button\" class=\"w-tabs-section-header\" aria-controls=\"content-tab2\" aria-expanded=\"false\"><div class=\"w-tabs-section-title\">Quanti spettacoli compongono il ciclo?<\/div><div class=\"w-tabs-section-control\"><\/div><\/button><div  class=\"w-tabs-section-content\" id=\"content-tab2\"><div class=\"w-tabs-section-content-h i-cf\"><div class=\"wpb_text_column\"><div class=\"wpb_wrapper\"><p>Sono sette gli appuntamenti ufficialmente identificati come Trasnoches Flamencos.<\/p>\n<\/div><\/div><\/div><\/div><\/div><div class=\"w-tabs-section\" id=\"mb9b\"><button type=\"button\" class=\"w-tabs-section-header\" aria-controls=\"content-mb9b\" aria-expanded=\"false\"><div class=\"w-tabs-section-title\">Dove si tengono i concerti?<\/div><div class=\"w-tabs-section-control\"><\/div><\/button><div  class=\"w-tabs-section-content\" id=\"content-mb9b\"><div class=\"w-tabs-section-content-h i-cf\"><div class=\"wpb_text_column\"><div class=\"wpb_wrapper\"><p>In due spazi di Malaga: la Sala Fundaci\u00f3n Unicaja Mar\u00eda Cristina e il Patio de Surtidores dell&#8217;Alcazaba di Malaga.<\/p>\n<\/div><\/div><\/div><\/div><\/div><div class=\"w-tabs-section\" id=\"ic81\"><button type=\"button\" class=\"w-tabs-section-header\" aria-controls=\"content-ic81\" aria-expanded=\"false\"><div class=\"w-tabs-section-title\">Quanto costano i biglietti?<\/div><div class=\"w-tabs-section-control\"><\/div><\/button><div  class=\"w-tabs-section-content\" id=\"content-ic81\"><div class=\"w-tabs-section-content-h i-cf\"><div class=\"wpb_text_column\"><div class=\"wpb_wrapper\"><p>I prezzi annunciati vanno da 10 a 18 euro a seconda del concerto.<\/p>\n<\/div><\/div><\/div><\/div><\/div><div class=\"w-tabs-section\" id=\"td4f\"><button type=\"button\" class=\"w-tabs-section-header\" aria-controls=\"content-td4f\" aria-expanded=\"false\"><div class=\"w-tabs-section-title\">Dove si acquistano i biglietti?<\/div><div class=\"w-tabs-section-control\"><\/div><\/button><div  class=\"w-tabs-section-content\" id=\"content-td4f\"><div class=\"w-tabs-section-content-h i-cf\"><div class=\"wpb_text_column\"><div class=\"wpb_wrapper\"><p>Il sito ufficiale del festival rimanda la vendita dei sette appuntamenti a MiEntrada.<\/p>\n<\/div><\/div><\/div><\/div><\/div><div class=\"w-tabs-section\" id=\"he29\"><button type=\"button\" class=\"w-tabs-section-header\" aria-controls=\"content-he29\" aria-expanded=\"false\"><div class=\"w-tabs-section-title\">Ci sono anche cante e danza oltre alla chitarra?<\/div><div class=\"w-tabs-section-control\"><\/div><\/button><div  class=\"w-tabs-section-content\" id=\"content-he29\"><div class=\"w-tabs-section-content-h i-cf\"><div class=\"wpb_text_column\"><div class=\"wpb_wrapper\"><p>S\u00ec. Anche se la chitarra \u00e8 il filo conduttore del ciclo, l&#8217;apertura include la danza con Alejandro Hurtado e Inmaculada Salom\u00f3n, il cante con Encarna Anillo e Jes\u00fas M\u00e9ndez, mentre Ricardo Fern\u00e1ndez del Moral propone canto e chitarra.<\/p>\n<\/div><\/div><\/div><\/div><\/div><\/div><\/div><\/div><\/div><\/div><div class=\"vc_col-sm-1\/5 wpb_column vc_column_container\"><div class=\"vc_column-inner\"><div class=\"wpb_wrapper\"><\/div><\/div><\/div><\/div><\/div><\/section>\n","protected":false},"excerpt":{"rendered":"<p>Trasnoches Flamencos 2026 riunisce sette spettacoli di chitarra flamenca, cante e danza a Malaga dal 4 al 26 settembre. Programma, artisti, orari, sedi, prezzi e biglietti.<\/p>\n","protected":false},"author":1,"featured_media":14935,"comment_status":"closed","ping_status":"closed","sticky":false,"template":"","format":"standard","meta":{"_acf_changed":false,"wpai_generated_summary":"","_ayudawp_aiss_exclude":false,"_ayudawp_aiss_exclude_summary":false,"_ayudawp_aiss_summary":"","_ayudawp_aiss_summary_provider":"","_ayudawp_aiss_summary_hash":"","footnotes":""},"categories":[1670],"tags":[1398,1403,1402,1252],"class_list":["post-15168","post","type-post","status-publish","format-standard","has-post-thumbnail","hentry","category-festival-flamenco","tag-cante-flamenco-it","tag-chitarra-flamenca","tag-danza-flamenca","tag-festivales-flamencos"],"acf":[],"yoast_head":"<!-- This site is optimized with the Yoast SEO Premium plugin v28.4 (Yoast SEO v28.4) - https:\/\/yoast.com\/product\/yoast-seo-premium-wordpress\/ -->\n<title>Trasnoches Flamencos 2026 a Malaga: programma e biglietti<\/title>\n<meta name=\"description\" content=\"Trasnoches Flamencos 2026 porta sette spettacoli di chitarra, cante e danza a Malaga dal 4 al 26 settembre. Programma, artisti, sedi e biglietti.\" \/>\n<meta name=\"robots\" content=\"index, follow, max-snippet:-1, max-image-preview:large, max-video-preview:-1\" \/>\n<link rel=\"canonical\" href=\"https:\/\/www.tablaosflamencos.com\/it\/trasnoches-flamencos-2026-malaga-programma-biglietti.html\" \/>\n<meta property=\"og:locale\" content=\"it_IT\" \/>\n<meta property=\"og:type\" content=\"article\" \/>\n<meta property=\"og:title\" content=\"Trasnoches Flamencos 2026: sette appuntamenti di chitarra, cante e danza a Malaga\" \/>\n<meta property=\"og:description\" content=\"Trasnoches Flamencos 2026 porta sette spettacoli di chitarra, cante e danza a Malaga dal 4 al 26 settembre. Programma, artisti, sedi e biglietti.\" \/>\n<meta property=\"og:url\" content=\"https:\/\/www.tablaosflamencos.com\/it\/trasnoches-flamencos-2026-malaga-programma-biglietti.html\" \/>\n<meta property=\"og:site_name\" content=\"Tablaos Flamencos\" \/>\n<meta property=\"article:publisher\" content=\"https:\/\/www.facebook.com\/tablaosflamencos\" \/>\n<meta property=\"article:published_time\" content=\"2026-09-06T14:53:49+00:00\" \/>\n<meta property=\"article:modified_time\" content=\"2026-09-06T17:54:14+00:00\" \/>\n<meta property=\"og:image\" content=\"https:\/\/www.tablaosflamencos.com\/wp-content\/uploads\/trasnoches-flamencos-2026-siete-citas-de-guitarra-cante-y-baile-en-malaga-01.webp\" \/>\n\t<meta property=\"og:image:width\" content=\"1672\" \/>\n\t<meta property=\"og:image:height\" content=\"941\" \/>\n\t<meta property=\"og:image:type\" content=\"image\/webp\" \/>\n<meta name=\"author\" content=\"Miguel Ortiz\" \/>\n<meta name=\"twitter:card\" content=\"summary_large_image\" \/>\n<meta name=\"twitter:creator\" content=\"@tablaosflamenco\" \/>\n<meta name=\"twitter:site\" content=\"@tablaosflamenco\" \/>\n<meta name=\"twitter:label1\" content=\"Scritto da\" \/>\n\t<meta name=\"twitter:data1\" content=\"Miguel Ortiz\" \/>\n\t<meta name=\"twitter:label2\" content=\"Tempo di lettura stimato\" \/>\n\t<meta name=\"twitter:data2\" content=\"11 minuti\" \/>\n<script type=\"application\/ld+json\" class=\"yoast-schema-graph\">{\"@context\":\"https:\\\/\\\/schema.org\",\"@graph\":[{\"@type\":\"Article\",\"@id\":\"https:\\\/\\\/www.tablaosflamencos.com\\\/it\\\/trasnoches-flamencos-2026-malaga-programma-biglietti.html#article\",\"isPartOf\":{\"@id\":\"https:\\\/\\\/www.tablaosflamencos.com\\\/it\\\/trasnoches-flamencos-2026-malaga-programma-biglietti.html\"},\"author\":{\"name\":\"Miguel Ortiz\",\"@id\":\"https:\\\/\\\/www.tablaosflamencos.com\\\/it#\\\/schema\\\/person\\\/e7a9ebe14eb75a52ceabfbffb3c54f5d\"},\"headline\":\"Trasnoches Flamencos 2026: sette appuntamenti di chitarra, cante e danza a Malaga\",\"datePublished\":\"2026-09-06T14:53:49+00:00\",\"dateModified\":\"2026-09-06T17:54:14+00:00\",\"mainEntityOfPage\":{\"@id\":\"https:\\\/\\\/www.tablaosflamencos.com\\\/it\\\/trasnoches-flamencos-2026-malaga-programma-biglietti.html\"},\"wordCount\":2177,\"publisher\":{\"@id\":\"https:\\\/\\\/www.tablaosflamencos.com\\\/it#organization\"},\"image\":{\"@id\":\"https:\\\/\\\/www.tablaosflamencos.com\\\/it\\\/trasnoches-flamencos-2026-malaga-programma-biglietti.html#primaryimage\"},\"thumbnailUrl\":\"https:\\\/\\\/www.tablaosflamencos.com\\\/wp-content\\\/uploads\\\/trasnoches-flamencos-2026-siete-citas-de-guitarra-cante-y-baile-en-malaga-01.webp\",\"keywords\":[\"cante flamenco\",\"chitarra flamenca\",\"danza flamenca\",\"festivales flamencos\"],\"articleSection\":[\"Festival di flamenco\"],\"inLanguage\":\"it-IT\"},{\"@type\":\"WebPage\",\"@id\":\"https:\\\/\\\/www.tablaosflamencos.com\\\/it\\\/trasnoches-flamencos-2026-malaga-programma-biglietti.html\",\"url\":\"https:\\\/\\\/www.tablaosflamencos.com\\\/it\\\/trasnoches-flamencos-2026-malaga-programma-biglietti.html\",\"name\":\"Trasnoches Flamencos 2026 a Malaga: programma e biglietti\",\"isPartOf\":{\"@id\":\"https:\\\/\\\/www.tablaosflamencos.com\\\/it#website\"},\"primaryImageOfPage\":{\"@id\":\"https:\\\/\\\/www.tablaosflamencos.com\\\/it\\\/trasnoches-flamencos-2026-malaga-programma-biglietti.html#primaryimage\"},\"image\":{\"@id\":\"https:\\\/\\\/www.tablaosflamencos.com\\\/it\\\/trasnoches-flamencos-2026-malaga-programma-biglietti.html#primaryimage\"},\"thumbnailUrl\":\"https:\\\/\\\/www.tablaosflamencos.com\\\/wp-content\\\/uploads\\\/trasnoches-flamencos-2026-siete-citas-de-guitarra-cante-y-baile-en-malaga-01.webp\",\"datePublished\":\"2026-09-06T14:53:49+00:00\",\"dateModified\":\"2026-09-06T17:54:14+00:00\",\"description\":\"Trasnoches Flamencos 2026 porta sette spettacoli di chitarra, cante e danza a Malaga dal 4 al 26 settembre. Programma, artisti, sedi e biglietti.\",\"breadcrumb\":{\"@id\":\"https:\\\/\\\/www.tablaosflamencos.com\\\/it\\\/trasnoches-flamencos-2026-malaga-programma-biglietti.html#breadcrumb\"},\"inLanguage\":\"it-IT\",\"potentialAction\":[{\"@type\":\"ReadAction\",\"target\":[\"https:\\\/\\\/www.tablaosflamencos.com\\\/it\\\/trasnoches-flamencos-2026-malaga-programma-biglietti.html\"]}]},{\"@type\":\"ImageObject\",\"inLanguage\":\"it-IT\",\"@id\":\"https:\\\/\\\/www.tablaosflamencos.com\\\/it\\\/trasnoches-flamencos-2026-malaga-programma-biglietti.html#primaryimage\",\"url\":\"https:\\\/\\\/www.tablaosflamencos.com\\\/wp-content\\\/uploads\\\/trasnoches-flamencos-2026-siete-citas-de-guitarra-cante-y-baile-en-malaga-01.webp\",\"contentUrl\":\"https:\\\/\\\/www.tablaosflamencos.com\\\/wp-content\\\/uploads\\\/trasnoches-flamencos-2026-siete-citas-de-guitarra-cante-y-baile-en-malaga-01.webp\",\"width\":1672,\"height\":941,\"caption\":\"Trasnoches Flamencos 2026: siete citas de guitarra, cante y baile en M\u00e1laga\"},{\"@type\":\"BreadcrumbList\",\"@id\":\"https:\\\/\\\/www.tablaosflamencos.com\\\/it\\\/trasnoches-flamencos-2026-malaga-programma-biglietti.html#breadcrumb\",\"itemListElement\":[{\"@type\":\"ListItem\",\"position\":1,\"name\":\"Home\",\"item\":\"https:\\\/\\\/www.tablaosflamencos.com\\\/it\"},{\"@type\":\"ListItem\",\"position\":2,\"name\":\"Trasnoches Flamencos 2026: sette appuntamenti di chitarra, cante e danza a Malaga\"}]},{\"@type\":\"WebSite\",\"@id\":\"https:\\\/\\\/www.tablaosflamencos.com\\\/it#website\",\"url\":\"https:\\\/\\\/www.tablaosflamencos.com\\\/it\",\"name\":\"Tablaos Flamencos\",\"description\":\"Entradas para tablaos flamencos de Espa\u00f1a\",\"publisher\":{\"@id\":\"https:\\\/\\\/www.tablaosflamencos.com\\\/it#organization\"},\"alternateName\":\"Tablaos Flamencos\",\"potentialAction\":[{\"@type\":\"SearchAction\",\"target\":{\"@type\":\"EntryPoint\",\"urlTemplate\":\"https:\\\/\\\/www.tablaosflamencos.com\\\/it?s={search_term_string}\"},\"query-input\":{\"@type\":\"PropertyValueSpecification\",\"valueRequired\":true,\"valueName\":\"search_term_string\"}}],\"inLanguage\":\"it-IT\"},{\"@type\":[\"Organization\",\"Place\",\"EntertainmentBusiness\"],\"@id\":\"https:\\\/\\\/www.tablaosflamencos.com\\\/it#organization\",\"name\":\"Tablaos Flamencos\",\"alternateName\":\"Tablaos Flamencos\",\"url\":\"https:\\\/\\\/www.tablaosflamencos.com\\\/it\",\"logo\":{\"@id\":\"https:\\\/\\\/www.tablaosflamencos.com\\\/it\\\/trasnoches-flamencos-2026-malaga-programma-biglietti.html#local-main-organization-logo\"},\"image\":{\"@id\":\"https:\\\/\\\/www.tablaosflamencos.com\\\/it\\\/trasnoches-flamencos-2026-malaga-programma-biglietti.html#local-main-organization-logo\"},\"sameAs\":[\"https:\\\/\\\/www.facebook.com\\\/tablaosflamencos\",\"https:\\\/\\\/x.com\\\/tablaosflamenco\",\"https:\\\/\\\/mastodon.social\\\/@tablaosflamencos\",\"https:\\\/\\\/www.instagram.com\\\/tablaosflamencos\",\"https:\\\/\\\/tiktok.com\\\/@tablaosflamencos\",\"https:\\\/\\\/www.linkedin.com\\\/company\\\/109408238\\\/\"],\"description\":\"Venta de entradas para espect\u00e1culos flamencos\",\"legalName\":\"Tablaos Flamencos\",\"foundingDate\":\"2015-01-01\",\"numberOfEmployees\":{\"@type\":\"QuantitativeValue\",\"minValue\":\"1\",\"maxValue\":\"10\"},\"address\":{\"@id\":\"https:\\\/\\\/www.tablaosflamencos.com\\\/it\\\/trasnoches-flamencos-2026-malaga-programma-biglietti.html#local-main-place-address\"},\"geo\":{\"@type\":\"GeoCoordinates\",\"latitude\":\"37.3868072\",\"longitude\":\"-5.993280299999999\"},\"telephone\":[\"+34623787787\"],\"contactPoint\":{\"@type\":\"ContactPoint\",\"telephone\":\"+34623787787\",\"email\":\"info@tablaosflamencos.com\"},\"openingHoursSpecification\":{\"@type\":\"OpeningHoursSpecification\",\"dayOfWeek\":[\"Monday\",\"Tuesday\",\"Wednesday\",\"Thursday\",\"Friday\",\"Saturday\",\"Sunday\"],\"opens\":\"00:00\",\"closes\":\"23:59\"},\"email\":\"info@tablaosflamencos.com\",\"priceRange\":\"$$$\",\"currenciesAccepted\":\"\u20ac\"},{\"@type\":\"Person\",\"@id\":\"https:\\\/\\\/www.tablaosflamencos.com\\\/it#\\\/schema\\\/person\\\/e7a9ebe14eb75a52ceabfbffb3c54f5d\",\"name\":\"Miguel Ortiz\",\"description\":\"Miguel Ortiz es un empresario flamenco, con una s\u00f3lida trayectoria dentro del sector. Ha presidido entidades culturales vinculadas al flamenco y, cuenta con un amplio recorrido profesional en la gesti\u00f3n y promoci\u00f3n de espect\u00e1culos y tablaos flamencos. Su pasi\u00f3n por la historia y el arte flamenco se refleja en cada art\u00edculo, donde combina experiencia, criterio y un profundo respeto por la tradici\u00f3n.\",\"sameAs\":[\"https:\\\/\\\/www.tablaosflamencos.com\",\"https:\\\/\\\/www.instagra.com\\\/miguelortizfe\",\"https:\\\/\\\/www.linkedin.com\\\/in\\\/miguelortizf\\\/\"],\"birthDate\":\"1984-11-22\",\"gender\":\"hombre\",\"knowsLanguage\":[\"espa\u00f1ol\",\"ingl\u00e9s\"],\"jobTitle\":\"Empresario flamenco\"},{\"@type\":\"PostalAddress\",\"@id\":\"https:\\\/\\\/www.tablaosflamencos.com\\\/it\\\/trasnoches-flamencos-2026-malaga-programma-biglietti.html#local-main-place-address\",\"streetAddress\":\"C\\\/ Alemanes, 19\",\"addressLocality\":\"Sevilla\",\"postalCode\":\"41004\",\"addressRegion\":\"Sevilla\",\"addressCountry\":\"ES\"},{\"@type\":\"ImageObject\",\"inLanguage\":\"it-IT\",\"@id\":\"https:\\\/\\\/www.tablaosflamencos.com\\\/it\\\/trasnoches-flamencos-2026-malaga-programma-biglietti.html#local-main-organization-logo\",\"url\":\"https:\\\/\\\/www.tablaosflamencos.com\\\/wp-content\\\/uploads\\\/tablaos-flamencos-06-3.webp\",\"contentUrl\":\"https:\\\/\\\/www.tablaosflamencos.com\\\/wp-content\\\/uploads\\\/tablaos-flamencos-06-3.webp\",\"width\":600,\"height\":620,\"caption\":\"Tablaos Flamencos\"}]}<\/script>\n<meta name=\"geo.placename\" content=\"Sevilla\" \/>\n<meta name=\"geo.position\" content=\"37.3868072;-5.993280299999999\" \/>\n<meta name=\"geo.region\" content=\"Spagna\" \/>\n<!-- \/ Yoast SEO Premium plugin. -->","yoast_head_json":{"title":"Trasnoches Flamencos 2026 a Malaga: programma e biglietti","description":"Trasnoches Flamencos 2026 porta sette spettacoli di chitarra, cante e danza a Malaga dal 4 al 26 settembre. Programma, artisti, sedi e biglietti.","robots":{"index":"index","follow":"follow","max-snippet":"max-snippet:-1","max-image-preview":"max-image-preview:large","max-video-preview":"max-video-preview:-1"},"canonical":"https:\/\/www.tablaosflamencos.com\/it\/trasnoches-flamencos-2026-malaga-programma-biglietti.html","og_locale":"it_IT","og_type":"article","og_title":"Trasnoches Flamencos 2026: sette appuntamenti di chitarra, cante e danza a Malaga","og_description":"Trasnoches Flamencos 2026 porta sette spettacoli di chitarra, cante e danza a Malaga dal 4 al 26 settembre. Programma, artisti, sedi e biglietti.","og_url":"https:\/\/www.tablaosflamencos.com\/it\/trasnoches-flamencos-2026-malaga-programma-biglietti.html","og_site_name":"Tablaos Flamencos","article_publisher":"https:\/\/www.facebook.com\/tablaosflamencos","article_published_time":"2026-09-06T14:53:49+00:00","article_modified_time":"2026-09-06T17:54:14+00:00","og_image":[{"width":1672,"height":941,"url":"https:\/\/www.tablaosflamencos.com\/wp-content\/uploads\/trasnoches-flamencos-2026-siete-citas-de-guitarra-cante-y-baile-en-malaga-01.webp","type":"image\/webp"}],"author":"Miguel Ortiz","twitter_card":"summary_large_image","twitter_creator":"@tablaosflamenco","twitter_site":"@tablaosflamenco","twitter_misc":{"Scritto da":"Miguel Ortiz","Tempo di lettura stimato":"11 minuti"},"schema":{"@context":"https:\/\/schema.org","@graph":[{"@type":"Article","@id":"https:\/\/www.tablaosflamencos.com\/it\/trasnoches-flamencos-2026-malaga-programma-biglietti.html#article","isPartOf":{"@id":"https:\/\/www.tablaosflamencos.com\/it\/trasnoches-flamencos-2026-malaga-programma-biglietti.html"},"author":{"name":"Miguel Ortiz","@id":"https:\/\/www.tablaosflamencos.com\/it#\/schema\/person\/e7a9ebe14eb75a52ceabfbffb3c54f5d"},"headline":"Trasnoches Flamencos 2026: sette appuntamenti di chitarra, cante e danza a Malaga","datePublished":"2026-09-06T14:53:49+00:00","dateModified":"2026-09-06T17:54:14+00:00","mainEntityOfPage":{"@id":"https:\/\/www.tablaosflamencos.com\/it\/trasnoches-flamencos-2026-malaga-programma-biglietti.html"},"wordCount":2177,"publisher":{"@id":"https:\/\/www.tablaosflamencos.com\/it#organization"},"image":{"@id":"https:\/\/www.tablaosflamencos.com\/it\/trasnoches-flamencos-2026-malaga-programma-biglietti.html#primaryimage"},"thumbnailUrl":"https:\/\/www.tablaosflamencos.com\/wp-content\/uploads\/trasnoches-flamencos-2026-siete-citas-de-guitarra-cante-y-baile-en-malaga-01.webp","keywords":["cante flamenco","chitarra flamenca","danza flamenca","festivales flamencos"],"articleSection":["Festival di flamenco"],"inLanguage":"it-IT"},{"@type":"WebPage","@id":"https:\/\/www.tablaosflamencos.com\/it\/trasnoches-flamencos-2026-malaga-programma-biglietti.html","url":"https:\/\/www.tablaosflamencos.com\/it\/trasnoches-flamencos-2026-malaga-programma-biglietti.html","name":"Trasnoches Flamencos 2026 a Malaga: programma e biglietti","isPartOf":{"@id":"https:\/\/www.tablaosflamencos.com\/it#website"},"primaryImageOfPage":{"@id":"https:\/\/www.tablaosflamencos.com\/it\/trasnoches-flamencos-2026-malaga-programma-biglietti.html#primaryimage"},"image":{"@id":"https:\/\/www.tablaosflamencos.com\/it\/trasnoches-flamencos-2026-malaga-programma-biglietti.html#primaryimage"},"thumbnailUrl":"https:\/\/www.tablaosflamencos.com\/wp-content\/uploads\/trasnoches-flamencos-2026-siete-citas-de-guitarra-cante-y-baile-en-malaga-01.webp","datePublished":"2026-09-06T14:53:49+00:00","dateModified":"2026-09-06T17:54:14+00:00","description":"Trasnoches Flamencos 2026 porta sette spettacoli di chitarra, cante e danza a Malaga dal 4 al 26 settembre. Programma, artisti, sedi e biglietti.","breadcrumb":{"@id":"https:\/\/www.tablaosflamencos.com\/it\/trasnoches-flamencos-2026-malaga-programma-biglietti.html#breadcrumb"},"inLanguage":"it-IT","potentialAction":[{"@type":"ReadAction","target":["https:\/\/www.tablaosflamencos.com\/it\/trasnoches-flamencos-2026-malaga-programma-biglietti.html"]}]},{"@type":"ImageObject","inLanguage":"it-IT","@id":"https:\/\/www.tablaosflamencos.com\/it\/trasnoches-flamencos-2026-malaga-programma-biglietti.html#primaryimage","url":"https:\/\/www.tablaosflamencos.com\/wp-content\/uploads\/trasnoches-flamencos-2026-siete-citas-de-guitarra-cante-y-baile-en-malaga-01.webp","contentUrl":"https:\/\/www.tablaosflamencos.com\/wp-content\/uploads\/trasnoches-flamencos-2026-siete-citas-de-guitarra-cante-y-baile-en-malaga-01.webp","width":1672,"height":941,"caption":"Trasnoches Flamencos 2026: siete citas de guitarra, cante y baile en M\u00e1laga"},{"@type":"BreadcrumbList","@id":"https:\/\/www.tablaosflamencos.com\/it\/trasnoches-flamencos-2026-malaga-programma-biglietti.html#breadcrumb","itemListElement":[{"@type":"ListItem","position":1,"name":"Home","item":"https:\/\/www.tablaosflamencos.com\/it"},{"@type":"ListItem","position":2,"name":"Trasnoches Flamencos 2026: sette appuntamenti di chitarra, cante e danza a Malaga"}]},{"@type":"WebSite","@id":"https:\/\/www.tablaosflamencos.com\/it#website","url":"https:\/\/www.tablaosflamencos.com\/it","name":"Tablaos Flamencos","description":"Entradas para tablaos flamencos de Espa\u00f1a","publisher":{"@id":"https:\/\/www.tablaosflamencos.com\/it#organization"},"alternateName":"Tablaos Flamencos","potentialAction":[{"@type":"SearchAction","target":{"@type":"EntryPoint","urlTemplate":"https:\/\/www.tablaosflamencos.com\/it?s={search_term_string}"},"query-input":{"@type":"PropertyValueSpecification","valueRequired":true,"valueName":"search_term_string"}}],"inLanguage":"it-IT"},{"@type":["Organization","Place","EntertainmentBusiness"],"@id":"https:\/\/www.tablaosflamencos.com\/it#organization","name":"Tablaos Flamencos","alternateName":"Tablaos Flamencos","url":"https:\/\/www.tablaosflamencos.com\/it","logo":{"@id":"https:\/\/www.tablaosflamencos.com\/it\/trasnoches-flamencos-2026-malaga-programma-biglietti.html#local-main-organization-logo"},"image":{"@id":"https:\/\/www.tablaosflamencos.com\/it\/trasnoches-flamencos-2026-malaga-programma-biglietti.html#local-main-organization-logo"},"sameAs":["https:\/\/www.facebook.com\/tablaosflamencos","https:\/\/x.com\/tablaosflamenco","https:\/\/mastodon.social\/@tablaosflamencos","https:\/\/www.instagram.com\/tablaosflamencos","https:\/\/tiktok.com\/@tablaosflamencos","https:\/\/www.linkedin.com\/company\/109408238\/"],"description":"Venta de entradas para espect\u00e1culos flamencos","legalName":"Tablaos Flamencos","foundingDate":"2015-01-01","numberOfEmployees":{"@type":"QuantitativeValue","minValue":"1","maxValue":"10"},"address":{"@id":"https:\/\/www.tablaosflamencos.com\/it\/trasnoches-flamencos-2026-malaga-programma-biglietti.html#local-main-place-address"},"geo":{"@type":"GeoCoordinates","latitude":"37.3868072","longitude":"-5.993280299999999"},"telephone":["+34623787787"],"contactPoint":{"@type":"ContactPoint","telephone":"+34623787787","email":"info@tablaosflamencos.com"},"openingHoursSpecification":{"@type":"OpeningHoursSpecification","dayOfWeek":["Monday","Tuesday","Wednesday","Thursday","Friday","Saturday","Sunday"],"opens":"00:00","closes":"23:59"},"email":"info@tablaosflamencos.com","priceRange":"$$$","currenciesAccepted":"\u20ac"},{"@type":"Person","@id":"https:\/\/www.tablaosflamencos.com\/it#\/schema\/person\/e7a9ebe14eb75a52ceabfbffb3c54f5d","name":"Miguel Ortiz","description":"Miguel Ortiz es un empresario flamenco, con una s\u00f3lida trayectoria dentro del sector. Ha presidido entidades culturales vinculadas al flamenco y, cuenta con un amplio recorrido profesional en la gesti\u00f3n y promoci\u00f3n de espect\u00e1culos y tablaos flamencos. Su pasi\u00f3n por la historia y el arte flamenco se refleja en cada art\u00edculo, donde combina experiencia, criterio y un profundo respeto por la tradici\u00f3n.","sameAs":["https:\/\/www.tablaosflamencos.com","https:\/\/www.instagra.com\/miguelortizfe","https:\/\/www.linkedin.com\/in\/miguelortizf\/"],"birthDate":"1984-11-22","gender":"hombre","knowsLanguage":["espa\u00f1ol","ingl\u00e9s"],"jobTitle":"Empresario flamenco"},{"@type":"PostalAddress","@id":"https:\/\/www.tablaosflamencos.com\/it\/trasnoches-flamencos-2026-malaga-programma-biglietti.html#local-main-place-address","streetAddress":"C\/ Alemanes, 19","addressLocality":"Sevilla","postalCode":"41004","addressRegion":"Sevilla","addressCountry":"ES"},{"@type":"ImageObject","inLanguage":"it-IT","@id":"https:\/\/www.tablaosflamencos.com\/it\/trasnoches-flamencos-2026-malaga-programma-biglietti.html#local-main-organization-logo","url":"https:\/\/www.tablaosflamencos.com\/wp-content\/uploads\/tablaos-flamencos-06-3.webp","contentUrl":"https:\/\/www.tablaosflamencos.com\/wp-content\/uploads\/tablaos-flamencos-06-3.webp","width":600,"height":620,"caption":"Tablaos Flamencos"}]},"geo.placename":"Sevilla","geo.position":{"lat":"37.3868072","long":"-5.993280299999999"},"geo.region":"Spagna"},"_links":{"self":[{"href":"https:\/\/www.tablaosflamencos.com\/it\/wp-json\/wp\/v2\/posts\/15168","targetHints":{"allow":["GET"]}}],"collection":[{"href":"https:\/\/www.tablaosflamencos.com\/it\/wp-json\/wp\/v2\/posts"}],"about":[{"href":"https:\/\/www.tablaosflamencos.com\/it\/wp-json\/wp\/v2\/types\/post"}],"author":[{"embeddable":true,"href":"https:\/\/www.tablaosflamencos.com\/it\/wp-json\/wp\/v2\/users\/1"}],"replies":[{"embeddable":true,"href":"https:\/\/www.tablaosflamencos.com\/it\/wp-json\/wp\/v2\/comments?post=15168"}],"version-history":[{"count":1,"href":"https:\/\/www.tablaosflamencos.com\/it\/wp-json\/wp\/v2\/posts\/15168\/revisions"}],"predecessor-version":[{"id":15187,"href":"https:\/\/www.tablaosflamencos.com\/it\/wp-json\/wp\/v2\/posts\/15168\/revisions\/15187"}],"wp:featuredmedia":[{"embeddable":true,"href":"https:\/\/www.tablaosflamencos.com\/it\/wp-json\/wp\/v2\/media\/14935"}],"wp:attachment":[{"href":"https:\/\/www.tablaosflamencos.com\/it\/wp-json\/wp\/v2\/media?parent=15168"}],"wp:term":[{"taxonomy":"category","embeddable":true,"href":"https:\/\/www.tablaosflamencos.com\/it\/wp-json\/wp\/v2\/categories?post=15168"},{"taxonomy":"post_tag","embeddable":true,"href":"https:\/\/www.tablaosflamencos.com\/it\/wp-json\/wp\/v2\/tags?post=15168"}],"curies":[{"name":"wp","href":"https:\/\/api.w.org\/{rel}","templated":true}]}}