{"id":15121,"date":"2026-09-06T16:35:28","date_gmt":"2026-09-06T14:35:28","guid":{"rendered":"https:\/\/www.tablaosflamencos.com\/?p=15121"},"modified":"2026-09-06T19:42:07","modified_gmt":"2026-09-06T17:42:07","slug":"cosa-fare-jerez-durante-jerez-fusion-2026","status":"publish","type":"post","link":"https:\/\/www.tablaosflamencos.com\/it\/cosa-fare-jerez-durante-jerez-fusion-2026.html","title":{"rendered":"Cosa fare a Jerez durante Jerez Fusi\u00f3n 2026"},"content":{"rendered":"<section class=\"l-section wpb_row height_huge\"><div class=\"l-section-h i-cf\"><div class=\"g-cols vc_row via_flex valign_top type_default stacking_default\"><div class=\"vc_col-sm-6 wpb_column vc_column_container\"><div class=\"vc_column-inner\"><div class=\"wpb_wrapper\"><div class=\"wpb_text_column\"><div class=\"wpb_wrapper\"><p>Jerez Fusi\u00f3n 2026 si svolge dal 10 al 13 settembre, in uno dei periodi pi\u00f9 intensi del calendario di Jerez de la Frontera. Il festival coincide con gli ultimi giorni delle Fiestas de la Vendimia, le feste della vendemmia, con attivit\u00e0 dedicate al vino, flamenco, mostre e appuntamenti culturali in tutta la citt\u00e0. Si aggiungono il VII Campionato mondiale di equitazione da lavoro e, gioved\u00ec 10, l&#8217;arrivo a Jerez di una tappa a cronometro della Vuelta.<\/p>\n<p>Il soggiorno diventa cos\u00ec molto pi\u00f9 di una serie di concerti. Organizzando bene i tempi, puoi abbinare Jerez Fusi\u00f3n a una bodega, una passeggiata nel centro storico, una serata di flamenco, un&#8217;attivit\u00e0 della vendemmia o una visita legata ai cavalli. L&#8217;importante \u00e8 non voler fare tutto e prestare particolare attenzione agli spostamenti di gioved\u00ec 10 settembre.<\/p>\n<\/div><\/div><\/div><\/div><\/div><div class=\"vc_col-sm-6 wpb_column vc_column_container\"><div class=\"vc_column-inner\"><div class=\"wpb_wrapper\"><div class=\"wpb_text_column\"><div class=\"wpb_wrapper\"><blockquote>\n<p><strong>Risposta rapida:<\/strong> durante Jerez Fusi\u00f3n 2026 vale la pena abbinare il festival alle feste della vendemmia, al centro storico e alla cultura del vino di Jerez, al flamenco fuori dal festival e, se ti interessano i cavalli, al Campionato mondiale di equitazione da lavoro. Sabato 12 spicca anche la Verbena Flamenca de la Asunci\u00f3n, con ingresso libero fino a esaurimento posti. Gioved\u00ec 10 sono previste importanti chiusure stradali per la Vuelta: meglio muoversi a piedi in centro e lasciare tempo tra le attivit\u00e0.<\/p>\n<\/blockquote>\n<p><strong>Ultimo aggiornamento:<\/strong> 5 settembre 2026. Orari e attivit\u00e0 possono cambiare; consulta le informazioni ufficiali prima di partire.<\/p>\n<\/div><\/div><\/div><\/div><\/div><\/div><\/div><\/section><section class=\"l-section wpb_row height_huge color_alternate with_shape\"><div class=\"l-section-shape type_zigzag pos_top hor_flip\" style=\"height:3vmin;\"><svg xmlns=\"http:\/\/www.w3.org\/2000\/svg\" viewBox=\"0 0 64 8\" preserveAspectRatio=\"none\" width=\"100%\" height=\"100%\">\r\n\t<path fill=\"currentColor\" d=\"M64 8 L0 8 L0 0 L20 7.9 L40 3 L48 5 L64 0 Z\"\/>\r\n<\/svg><\/div><div class=\"l-section-shape type_zigzag pos_bottom\" style=\"height:3vmin;\"><svg xmlns=\"http:\/\/www.w3.org\/2000\/svg\" viewBox=\"0 0 64 8\" preserveAspectRatio=\"none\" width=\"100%\" height=\"100%\">\r\n\t<path fill=\"currentColor\" d=\"M64 8 L0 8 L0 0 L20 7.9 L40 3 L48 5 L64 0 Z\"\/>\r\n<\/svg><\/div><div class=\"l-section-h i-cf\"><div class=\"g-cols vc_row via_flex valign_top type_default stacking_default\"><div class=\"vc_col-sm-3 wpb_column vc_column_container\"><div class=\"vc_column-inner\"><div class=\"wpb_wrapper\"><\/div><\/div><\/div><div class=\"vc_col-sm-6 wpb_column vc_column_container\"><div class=\"vc_column-inner\"><div class=\"wpb_wrapper\"><div class=\"wpb_text_column\"><div class=\"wpb_wrapper\"><h2>Indice della guida<\/h2>\n<ul>\n<li><a href=\"#fin-de-semana-especial\">Perch\u00e9 questo fine settimana \u00e8 speciale<\/a><\/li>\n<li><a href=\"#jueves-10\">Gioved\u00ec 10: Vuelta, vino e inizio di Jerez Fusi\u00f3n<\/a><\/li>\n<li><a href=\"#viernes-11\">Venerd\u00ec 11: festival e atmosfera della vendemmia<\/a><\/li>\n<li><a href=\"#sabado-12\">Sabato 12: vigne, festival e festa flamenca<\/a><\/li>\n<li><a href=\"#domingo-13\">Domenica 13: ultimo giorno di Jerez Fusi\u00f3n e della vendemmia<\/a><\/li>\n<li><a href=\"#centro-historico\">Cosa vedere nel centro storico tra un concerto e l&#8217;altro<\/a><\/li>\n<li><a href=\"#jerez-del-vino\">Scoprire la Jerez del vino<\/a><\/li>\n<li><a href=\"#mas-flamenco\">Dove vedere altro flamenco durante il festival<\/a><\/li>\n<li><a href=\"#caballo\">I cavalli come programma alternativo<\/a><\/li>\n<li><a href=\"#consejos\">Consigli su spostamenti e prenotazioni<\/a><\/li>\n<li><a href=\"#itinerarios\">Itinerari consigliati<\/a><\/li>\n<li><a href=\"#faq\">Domande frequenti<\/a><\/li>\n<\/ul>\n<\/div><\/div><\/div><\/div><\/div><div class=\"vc_col-sm-3 wpb_column vc_column_container\"><div class=\"vc_column-inner\"><div class=\"wpb_wrapper\"><\/div><\/div><\/div><\/div><\/div><\/section><section class=\"l-section wpb_row height_huge\"><div class=\"l-section-h i-cf\"><div class=\"g-cols vc_row via_flex valign_top type_default stacking_default\"><div class=\"vc_col-sm-12 wpb_column vc_column_container\"><div class=\"vc_column-inner\"><div class=\"wpb_wrapper\"><div class=\"wpb_text_column\"><div class=\"wpb_wrapper\"><h2 id=\"fin-de-semana-especial\">Perch\u00e9 Jerez Fusi\u00f3n coincide con un fine settimana particolarmente ricco<\/h2>\n<p>Jerez Fusi\u00f3n non si svolge in una settimana qualunque. Le quattro giornate, da gioved\u00ec 10 a domenica 13 settembre, coincidono con la conclusione delle feste della vendemmia di Jerez 2026, iniziate il 29 agosto, con oltre cento attivit\u00e0 in decine di luoghi della citt\u00e0.<\/p>\n<p>La coincidenza \u00e8 interessante perch\u00e9 i due programmi si completano. Jerez Fusi\u00f3n propone uno sguardo contemporaneo che intreccia flamenco, altre musiche e vino di Jerez; la vendemmia estende questo legame al vino attraverso degustazioni, percorsi, mostre, attivit\u00e0 per famiglie e appuntamenti in centro e nei quartieri.<\/p>\n<p>Se viaggi appositamente per il festival, ti consigliamo di farne il punto di riferimento del soggiorno e scegliere una o due attivit\u00e0 complementari al giorno. Partecipare a tutto sarebbe impossibile e toglierebbe tempo alla citt\u00e0.<\/p>\n<p>Se non hai ancora consultato artisti, date e modalit\u00e0 dell&#8217;evento, comincia dalla nostra <a href=\"https:\/\/www.tablaosflamencos.com\/it\/jerez-fusion-2026-date-programma.html\">guida completa a Jerez Fusi\u00f3n 2026<\/a>. Questo articolo risponde a un&#8217;altra domanda: cosa fare nelle ore libere prima, tra o dopo le attivit\u00e0 del festival.<\/p>\n<\/div><\/div><\/div><\/div><\/div><\/div><\/div><\/section><section class=\"l-section wpb_row height_huge color_alternate with_shape\"><div class=\"l-section-shape type_zigzag pos_top hor_flip\" style=\"height:3vmin;\"><svg xmlns=\"http:\/\/www.w3.org\/2000\/svg\" viewBox=\"0 0 64 8\" preserveAspectRatio=\"none\" width=\"100%\" height=\"100%\">\r\n\t<path fill=\"currentColor\" d=\"M64 8 L0 8 L0 0 L20 7.9 L40 3 L48 5 L64 0 Z\"\/>\r\n<\/svg><\/div><div class=\"l-section-shape type_zigzag pos_bottom\" style=\"height:3vmin;\"><svg xmlns=\"http:\/\/www.w3.org\/2000\/svg\" viewBox=\"0 0 64 8\" preserveAspectRatio=\"none\" width=\"100%\" height=\"100%\">\r\n\t<path fill=\"currentColor\" d=\"M64 8 L0 8 L0 0 L20 7.9 L40 3 L48 5 L64 0 Z\"\/>\r\n<\/svg><\/div><div class=\"l-section-h i-cf\"><div class=\"g-cols vc_row via_flex valign_top type_default stacking_default\"><div class=\"vc_col-sm-12 wpb_column vc_column_container\"><div class=\"vc_column-inner\"><div class=\"wpb_wrapper\"><div class=\"wpb_text_column\"><div class=\"wpb_wrapper\"><h2 id=\"jueves-10\">Gioved\u00ec 10 settembre: una giornata che richiede di pianificare gli spostamenti<\/h2>\n<p>Il primo giorno di Jerez Fusi\u00f3n sar\u00e0 anche il pi\u00f9 delicato per muoversi. Gioved\u00ec 10 settembre arriva a Jerez la 18\u00aa tappa della Vuelta Ciclista a Espa\u00f1a, una cronometro individuale tra El Puerto de Santa Mar\u00eda e Jerez.<\/p>\n<p>Il piano comunale prevede forti limitazioni al traffico per buona parte della giornata, con il circuito urbano chiuso indicativamente dalle 11:00 alle 18:00 e ulteriori misure nella zona di arrivo. Se arrivi proprio gioved\u00ec, non organizzare la giornata come se fosse una giornata normale.<\/p>\n<p>Il consiglio \u00e8 chiaro: se alloggi in centro o a una distanza ragionevole, privilegia gli spostamenti a piedi. Se arrivi in auto, verifica prima l&#8217;accesso all&#8217;hotel, al parcheggio o alla zona d&#8217;ingresso ed evita prenotazioni con tempi troppo stretti.<\/p>\n<p>Risolta la logistica, il gioved\u00ec propone una combinazione molto jerezana. Il programma comunale della vendemmia comprende il <strong>Desaf\u00edo Cata a Ciegas, sfida di degustazione alla cieca<\/strong> dalle 12:00, con qualificazioni gioved\u00ec e venerd\u00ec, mentre Jerez Fusi\u00f3n compare nell&#8217;agenda comunale dalle 15:00.<\/p>\n<p>La sera arriva uno degli appuntamenti pi\u00f9 interessanti per chi vuole dedicare qualche ora al vino: <strong>De Copa en Copa<\/strong>, ai Claustros de Santo Domingo, inizia alle 20:30 e prosegue fino a mezzanotte. Riunisce vini delle denominazioni Jerez-X\u00e9r\u00e8s-Sherry e Manzanilla-Sanl\u00facar de Barrameda e permette di assaggiare etichette di diverse bodegas.<\/p>\n<p>La combinazione migliore dipende dagli orari delle tue attivit\u00e0 di Jerez Fusi\u00f3n. Se si sovrappongono, dai priorit\u00e0 al festival; De Copa en Copa pu\u00f2 essere un&#8217;alternativa per chi ha una fascia serale libera o preferisce un&#8217;esperienza pi\u00f9 legata al vino.<\/p>\n<\/div><\/div><\/div><\/div><\/div><\/div><\/div><\/section><section class=\"l-section wpb_row height_huge\"><div class=\"l-section-h i-cf\"><div class=\"g-cols vc_row via_flex valign_top type_default stacking_default\"><div class=\"vc_col-sm-12 wpb_column vc_column_container\"><div class=\"vc_column-inner\"><div class=\"wpb_wrapper\"><div class=\"wpb_text_column\"><div class=\"wpb_wrapper\"><h2 id=\"viernes-11\">Venerd\u00ec 11: godersi Jerez senza riempire ogni minuto<\/h2>\n<p>Il venerd\u00ec \u00e8 probabilmente uno dei giorni migliori per abbinare festival e citt\u00e0. Jerez Fusi\u00f3n propone concerti, masterclass, showcase, tavole rotonde, mostre e altre attivit\u00e0, mentre la vendemmia continua.<\/p>\n<p>Evita di costruire un itinerario turistico troppo ambizioso. Jerez si apprezza camminando e molte esperienze hanno senso proprio lasciandosi tempo: fermarsi in una piazza, entrare in un tabanco, bere un fino o un amontillado, scoprire una chiesa o sedersi a mangiare senza trasformare ogni ora in una corsa.<\/p>\n<p>Se hai una mattinata libera, dedicala ai monumenti del centro storico. L&#8217;Alc\u00e1zar di Jerez, la cattedrale e le vie che collegano Plaza del Arenal con Santiago e San Miguel permettono una visita completa senza grandi spostamenti.<\/p>\n<p>Un&#8217;altra opzione \u00e8 prenotare una visita in bodega. Jerez non \u00e8 soltanto una citt\u00e0 dove si produce vino: paesaggio urbano, architettura delle cantine e storia commerciale sono legati al sistema di criaderas e solera. Una visita guidata aiuta a capire perch\u00e9 il vino rientri cos\u00ec naturalmente nel concetto di Jerez Fusi\u00f3n.<\/p>\n<p>L&#8217;agenda della vendemmia annuncia anche un <strong>Mercadillo de la Vendimia, mercatino della vendemmia<\/strong> venerd\u00ec 11 dalle 19:00. Se gli orari lo permettono, pu\u00f2 essere una breve tappa prima di tornare al programma principale.<\/p>\n<\/div><\/div><\/div><\/div><\/div><\/div><\/div><\/section><section class=\"l-section wpb_row height_huge color_alternate with_shape\"><div class=\"l-section-shape type_zigzag pos_top hor_flip\" style=\"height:3vmin;\"><svg xmlns=\"http:\/\/www.w3.org\/2000\/svg\" viewBox=\"0 0 64 8\" preserveAspectRatio=\"none\" width=\"100%\" height=\"100%\">\r\n\t<path fill=\"currentColor\" d=\"M64 8 L0 8 L0 0 L20 7.9 L40 3 L48 5 L64 0 Z\"\/>\r\n<\/svg><\/div><div class=\"l-section-shape type_zigzag pos_bottom\" style=\"height:3vmin;\"><svg xmlns=\"http:\/\/www.w3.org\/2000\/svg\" viewBox=\"0 0 64 8\" preserveAspectRatio=\"none\" width=\"100%\" height=\"100%\">\r\n\t<path fill=\"currentColor\" d=\"M64 8 L0 8 L0 0 L20 7.9 L40 3 L48 5 L64 0 Z\"\/>\r\n<\/svg><\/div><div class=\"l-section-h i-cf\"><div class=\"g-cols vc_row via_flex valign_top type_default stacking_default\"><div class=\"vc_col-sm-12 wpb_column vc_column_container\"><div class=\"vc_column-inner\"><div class=\"wpb_wrapper\"><div class=\"wpb_text_column\"><div class=\"wpb_wrapper\"><h2 id=\"sabado-12\">Sabato 12: vigne al mattino e flamenco di quartiere la sera<\/h2>\n<p>Il sabato riunisce alcune delle migliori possibilit\u00e0 per ampliare il viaggio oltre il festival.<\/p>\n<p>Alle 10:00 \u00e8 prevista la <strong>II Ruta entre Vi\u00f1as, passeggiata tra le vigne<\/strong>, una proposta per conoscere il paesaggio viticolo intorno a Jerez. Se partecipi, lascia abbastanza tempo per rientrare e raggiungere Jerez Fusi\u00f3n: un&#8217;escursione in vigna non dovrebbe diventare un&#8217;attivit\u00e0 frettolosa.<\/p>\n<p>Il programma della vendemmia comprende anche l&#8217; <strong>XI Concurso de Venencia Infantil, concorso infantile di servizio del vino con la venencia<\/strong> alle 11:30 e la finale della sfida di degustazione alla cieca. Sono esempi di come la cultura del vino a Jerez vada ben oltre la visita turistica in cantina.<\/p>\n<p>Ma il grande appuntamento complementare del sabato per gli appassionati di flamenco arriva la sera. La <strong>Verbena Flamenca de la Asunci\u00f3n<\/strong> si tiene il 12 settembre dalle 20:00, di fronte al centro commerciale La Asunci\u00f3n, con ingresso libero fino a esaurimento posti.<\/p>\n<p>Al canto partecipano Antonio Flores U\u00f1o, Eva del Cristo, \u00c1ngel Rayo, Jos\u00e9 de la Lela, Mar\u00eda Jos\u00e9 Bernal, Pesca\u00edlla de Jerez, Juan de la Mar\u00eda e Luis Moneo. Alla chitarra ci sono Agust\u00edn de la Fuente, Manuel Jero, Jes\u00fas Agarrado \u201cEl Guardia\u201d, Jes\u00fas Rodr\u00edguez, Juan Manuel Moneo e Santiago Moreno, con Jos\u00e9 de Cantarote e \u00c1ngel Pe\u00f1a alle palmas.<\/p>\n<p>Non dare per scontato di poter abbinare la Verbena a qualsiasi spettacolo del sabato di Jerez Fusi\u00f3n. Controlla prima orari e distanze. Se hai la serata libera, per\u00f2, \u00e8 un&#8217;ottima occasione per vivere un flamenco in un contesto molto diverso: un incontro di quartiere in una zona dalla forte identit\u00e0 flamenca.<\/p>\n<p>Se vuoi soprattutto ascoltare altro flamenco a Jerez in quei giorni, consulta la nostra guida su <a href=\"https:\/\/www.tablaosflamencos.com\/it\/dove-vedere-flamenco-jerez-durante-jerez-fusion.html\">dove vedere flamenco a Jerez durante Jerez Fusi\u00f3n<\/a>.<\/p>\n<\/div><\/div><\/div><\/div><\/div><\/div><\/div><\/section><section class=\"l-section wpb_row height_huge\"><div class=\"l-section-h i-cf\"><div class=\"g-cols vc_row via_flex valign_top type_default stacking_default\"><div class=\"vc_col-sm-12 wpb_column vc_column_container\"><div class=\"vc_column-inner\"><div class=\"wpb_wrapper\"><div class=\"wpb_text_column\"><div class=\"wpb_wrapper\"><h2 id=\"domingo-13\">Domenica 13: salutare il festival e concludere la vendemmia<\/h2>\n<p>Domenica 13 \u00e8 l&#8217;ultima giornata sia di Jerez Fusi\u00f3n sia delle feste della vendemmia. Termina anche il VII Campionato mondiale di equitazione da lavoro alla Real Escuela Andaluza del Arte Ecuestre.<\/p>\n<p>La domenica \u00e8 quindi ideale per scegliere un&#8217;ultima attivit\u00e0 secondo i tuoi interessi. Se hai dedicato i giorni precedenti quasi interamente alla musica, riserva la mattina al centro storico. Se hai gi\u00e0 visitato la citt\u00e0, il mondo equestre offre un&#8217;alternativa tipica di Jerez. Se resta prioritario il festival, evita impegni superflui e goditi il programma conclusivo.<\/p>\n<p>Pu\u00f2 essere anche una buona giornata per un pranzo senza fretta e per assaggiare cucina locale con vini della regione di Jerez. Dopo quattro giornate intense, lasciare tempo libero pu\u00f2 essere pi\u00f9 sensato che aggiungere un&#8217;altra visita.<\/p>\n<\/div><\/div><\/div><\/div><\/div><\/div><\/div><\/section><section class=\"l-section wpb_row height_huge color_alternate with_shape\"><div class=\"l-section-shape type_zigzag pos_top hor_flip\" style=\"height:3vmin;\"><svg xmlns=\"http:\/\/www.w3.org\/2000\/svg\" viewBox=\"0 0 64 8\" preserveAspectRatio=\"none\" width=\"100%\" height=\"100%\">\r\n\t<path fill=\"currentColor\" d=\"M64 8 L0 8 L0 0 L20 7.9 L40 3 L48 5 L64 0 Z\"\/>\r\n<\/svg><\/div><div class=\"l-section-shape type_zigzag pos_bottom\" style=\"height:3vmin;\"><svg xmlns=\"http:\/\/www.w3.org\/2000\/svg\" viewBox=\"0 0 64 8\" preserveAspectRatio=\"none\" width=\"100%\" height=\"100%\">\r\n\t<path fill=\"currentColor\" d=\"M64 8 L0 8 L0 0 L20 7.9 L40 3 L48 5 L64 0 Z\"\/>\r\n<\/svg><\/div><div class=\"l-section-h i-cf\"><div class=\"g-cols vc_row via_flex valign_top type_default stacking_default\"><div class=\"vc_col-sm-12 wpb_column vc_column_container\"><div class=\"vc_column-inner\"><div class=\"wpb_wrapper\"><div class=\"wpb_text_column\"><div class=\"wpb_wrapper\"><h2 id=\"centro-historico\">Cosa vedere nel centro storico tra un concerto e l&#8217;altro<\/h2>\n<p>Uno dei punti di forza di Jerez \u00e8 poter includere molti luoghi d&#8217;interesse in una passeggiata relativamente compatta.<\/p>\n<p>L&#8217;Alc\u00e1zar \u00e8 uno dei maggiori monumenti cittadini e permette di capire la storia di Jerez molto prima dello sviluppo vinicolo moderno. La cattedrale \u00e8 vicinissima; da l\u00ec \u00e8 facile proseguire verso Plaza del Arenal, Plaza de la Asunci\u00f3n e le strade del centro storico.<\/p>\n<p>In un viaggio flamenco, due quartieri hanno un peso speciale: <strong>Santiago e San Miguel<\/strong>. Non sono scenografie tematiche n\u00e9 zone create per i turisti. Sono quartieri fondamentali per comprendere la geografia umana del flamenco jerezano e il rapporto con famiglie, artisti e forme di trasmissione che hanno segnato canto e danza.<\/p>\n<p>Merita una visita anche il <strong>Centro Cultural Lola Flores<\/strong> se compatibile con i tuoi orari. \u00c8 particolarmente adatto a un viaggio per Jerez Fusi\u00f3n perch\u00e9 collega l&#8217;esperienza contemporanea del festival a una delle figure popolari pi\u00f9 universali nate in citt\u00e0.<\/p>\n<p>Prima di spostarti, verifica sempre gli orari aggiornati di monumenti e spazi culturali, soprattutto la domenica.<\/p>\n<\/div><\/div><\/div><\/div><\/div><\/div><\/div><\/section><section class=\"l-section wpb_row height_huge\"><div class=\"l-section-h i-cf\"><div class=\"g-cols vc_row via_flex valign_top type_default stacking_default\"><div class=\"vc_col-sm-12 wpb_column vc_column_container\"><div class=\"vc_column-inner\"><div class=\"wpb_wrapper\"><div class=\"wpb_text_column\"><div class=\"wpb_wrapper\"><h2 id=\"jerez-del-vino\">Scoprire la Jerez del vino durante il festival<\/h2>\n<p>A Jerez il vino non dovrebbe essere un&#8217;aggiunta turistica scollegata dal flamenco. Fa parte del paesaggio culturale che spiega il festival stesso.<\/p>\n<p>Ci sono tre modi diversi per avvicinarsi a questa cultura.<\/p>\n<p><strong>1. Visitare una bodega.<\/strong> \u00c8 l&#8217;opzione pi\u00f9 didattica per capire l&#8217;invecchiamento e il sistema di criaderas e solera. Prenota in anticipo, soprattutto in un fine settimana cos\u00ec ricco.<\/p>\n<p><strong>2. Partecipare alle attivit\u00e0 speciali della vendemmia.<\/strong> De Copa en Copa ne \u00e8 l&#8217;esempio pi\u00f9 chiaro durante Jerez Fusi\u00f3n: un evento ai Claustros de Santo Domingo per confrontare vini di diverse bodegas.<\/p>\n<p><strong>3. Entrare in un tabanco.<\/strong> Questi piccoli locali appartengono a una cultura urbana tipica di Jerez, dove convivono vino, conversazione e, talvolta, flamenco. Non tutti offrono spettacoli ogni giorno: se cerchi musica dal vivo, verifica prima.<\/p>\n<p>Il modo migliore \u00e8 assegnare un ruolo a ciascuna esperienza. La bodega aiuta a capire il vino; il tabanco ne mostra la dimensione quotidiana; Jerez Fusi\u00f3n esplora il rapporto con i linguaggi artistici contemporanei.<\/p>\n<\/div><\/div><\/div><\/div><\/div><\/div><\/div><\/section><section class=\"l-section wpb_row height_huge color_alternate with_shape\"><div class=\"l-section-shape type_zigzag pos_top hor_flip\" style=\"height:3vmin;\"><svg xmlns=\"http:\/\/www.w3.org\/2000\/svg\" viewBox=\"0 0 64 8\" preserveAspectRatio=\"none\" width=\"100%\" height=\"100%\">\r\n\t<path fill=\"currentColor\" d=\"M64 8 L0 8 L0 0 L20 7.9 L40 3 L48 5 L64 0 Z\"\/>\r\n<\/svg><\/div><div class=\"l-section-shape type_zigzag pos_bottom\" style=\"height:3vmin;\"><svg xmlns=\"http:\/\/www.w3.org\/2000\/svg\" viewBox=\"0 0 64 8\" preserveAspectRatio=\"none\" width=\"100%\" height=\"100%\">\r\n\t<path fill=\"currentColor\" d=\"M64 8 L0 8 L0 0 L20 7.9 L40 3 L48 5 L64 0 Z\"\/>\r\n<\/svg><\/div><div class=\"l-section-h i-cf\"><div class=\"g-cols vc_row via_flex valign_top type_default stacking_default\"><div class=\"vc_col-sm-12 wpb_column vc_column_container\"><div class=\"vc_column-inner\"><div class=\"wpb_wrapper\"><div class=\"wpb_text_column\"><div class=\"wpb_wrapper\"><h2 id=\"mas-flamenco\">Dove vedere altro flamenco durante Jerez Fusi\u00f3n<\/h2>\n<p>Jerez Fusi\u00f3n nasce dal flamenco, ma questo non significa che esaurisca l&#8217;offerta flamenca della citt\u00e0.<\/p>\n<p>Per un&#8217;esperienza regolare prenotabile in anticipo, consulta la nostra pagina sul <a href=\"https:\/\/www.tablaosflamencos.com\/it\/flamenco-a-jerez\">flamenco a Jerez<\/a>. Tra le opzioni disponibili c&#8217;\u00e8 il <a href=\"https:\/\/www.tablaosflamencos.com\/it\/tablao\/tablao-flamenco-puro-arte\">Tablao Flamenco Puro Arte<\/a>, ospitato in una bodega storica e con spettacoli di canto, chitarra e danza pensati per vivere il palco da vicino.<\/p>\n<p>Pu\u00f2 essere particolarmente utile se arrivi un giorno prima, resti dopo il festival o hai una serata libera che non coincide con gli appuntamenti che ti interessano di pi\u00f9.<\/p>\n<p>Sabato la Verbena Flamenca de la Asunci\u00f3n aggiunge un formato diverso: flamenco di quartiere aperto alla citt\u00e0, con ingresso libero fino a esaurimento posti.<\/p>\n<p>Consigliamo di non contrapporre \u201cfestival\u201d e \u201cflamenco autentico\u201d. Sono contesti diversi. Jerez Fusi\u00f3n esplora contaminazioni, nuovi linguaggi e rapporti con il vino; un tablao offre continuit\u00e0 professionale e vicinanza; una festa flamenca di quartiere propone un altro modo di condividere canto e chitarra.<\/p>\n<\/div><\/div><\/div><\/div><\/div><\/div><\/div><\/section><section class=\"l-section wpb_row height_huge\"><div class=\"l-section-h i-cf\"><div class=\"g-cols vc_row via_flex valign_top type_default stacking_default\"><div class=\"vc_col-sm-12 wpb_column vc_column_container\"><div class=\"vc_column-inner\"><div class=\"wpb_wrapper\"><div class=\"wpb_text_column\"><div class=\"wpb_wrapper\"><h2 id=\"caballo\">Il cavallo: la grande alternativa dall&#8217;8 al 13 settembre<\/h2>\n<p>Jerez \u00e8 anche una delle grandi capitali equestri della Spagna. Nelle stesse date del festival, la Real Escuela Andaluza del Arte Ecuestre ospita il <strong>VII Campionato mondiale di equitazione da lavoro<\/strong>, dall&#8217;8 al 13 settembre.<\/p>\n<p>\u00c8 la prima volta che la Spagna ospita il campionato, con 74 binomi provenienti da 22 paesi. Per chi si interessa di cavalli, \u00e8 una coincidenza eccezionale.<\/p>\n<p>Non serve un viaggio a tema equestre per valutare questa possibilit\u00e0. Proprio perch\u00e9 Jerez Fusi\u00f3n occupa buona parte di pomeriggi e serate, una gara o un&#8217;attivit\u00e0 diurna pu\u00f2 completare il soggiorno.<\/p>\n<p>Acquista o conferma l&#8217;accesso in anticipo e consulta il programma ufficiale della Real Escuela. Contenuti e orari cambiano da un giorno all&#8217;altro.<\/p>\n<\/div><\/div><\/div><\/div><\/div><\/div><\/div><\/section><section class=\"l-section wpb_row height_huge color_alternate with_shape\"><div class=\"l-section-shape type_zigzag pos_top hor_flip\" style=\"height:3vmin;\"><svg xmlns=\"http:\/\/www.w3.org\/2000\/svg\" viewBox=\"0 0 64 8\" preserveAspectRatio=\"none\" width=\"100%\" height=\"100%\">\r\n\t<path fill=\"currentColor\" d=\"M64 8 L0 8 L0 0 L20 7.9 L40 3 L48 5 L64 0 Z\"\/>\r\n<\/svg><\/div><div class=\"l-section-shape type_zigzag pos_bottom\" style=\"height:3vmin;\"><svg xmlns=\"http:\/\/www.w3.org\/2000\/svg\" viewBox=\"0 0 64 8\" preserveAspectRatio=\"none\" width=\"100%\" height=\"100%\">\r\n\t<path fill=\"currentColor\" d=\"M64 8 L0 8 L0 0 L20 7.9 L40 3 L48 5 L64 0 Z\"\/>\r\n<\/svg><\/div><div class=\"l-section-h i-cf\"><div class=\"g-cols vc_row via_flex valign_top type_default stacking_default\"><div class=\"vc_col-sm-12 wpb_column vc_column_container\"><div class=\"vc_column-inner\"><div class=\"wpb_wrapper\"><div class=\"wpb_text_column\"><div class=\"wpb_wrapper\"><h2 id=\"consejos\">Consigli pratici: alloggio, prenotazioni e spostamenti<\/h2>\n<p>In questi quattro giorni coincidono eventi capaci di aumentare la domanda. Jerez Fusi\u00f3n, la conclusione della vendemmia, il campionato equestre e la Vuelta concentrano visitatori e attivit\u00e0.<\/p>\n<ul>\n<li><strong>Scegli una posizione pratica.<\/strong> Se devi ancora prenotare l&#8217;alloggio, stare vicino al centro pu\u00f2 ridurre gli spostamenti ed essere utile soprattutto gioved\u00ec 10.<\/li>\n<li><strong>Prenota in anticipo.<\/strong> Ristoranti, bodegas, visite guidate e spettacoli con posti limitati possono riempirsi.<\/li>\n<li><strong>Lascia margine tra le attivit\u00e0.<\/strong> Una coda, un pranzo prolungato, un cambio di sede o l&#8217;atmosfera della citt\u00e0 possono modificare un itinerario troppo serrato.<\/li>\n<li><strong>Controlla gli spostamenti di gioved\u00ec 10.<\/strong> La Vuelta cambier\u00e0 il traffico per diverse ore. Consulta le restrizioni aggiornate prima di partire.<\/li>\n<li><strong>Non dipendere dall&#8217;auto per muoverti in centro.<\/strong> Quando il percorso lo permette, camminare sar\u00e0 la soluzione pi\u00f9 semplice nei momenti di maggiore attivit\u00e0.<\/li>\n<\/ul>\n<\/div><\/div><\/div><\/div><\/div><\/div><\/div><\/section><section class=\"l-section wpb_row height_huge\"><div class=\"l-section-h i-cf\"><div class=\"g-cols vc_row via_flex valign_top type_default stacking_default\"><div class=\"vc_col-sm-12 wpb_column vc_column_container\"><div class=\"vc_column-inner\"><div class=\"wpb_wrapper\"><div class=\"wpb_text_column\"><div class=\"wpb_wrapper\"><h2 id=\"itinerarios\">Itinerari consigliati secondo il tempo disponibile<\/h2>\n<h3>Se hai soltanto un giorno<\/h3>\n<p>Scegli prima l&#8217;attivit\u00e0 imperdibile di Jerez Fusi\u00f3n. Aggiungi una passeggiata nel centro storico e un&#8217;esperienza legata al vino. Se gli orari lo consentono, concludi con flamenco o un&#8217;attivit\u00e0 della vendemmia.<\/p>\n<h3>Se hai due giorni<\/h3>\n<p>Dedicane uno a festival e centro storico e l&#8217;altro a vino e flamenco. Bodega al mattino, pranzo in centro, Jerez Fusi\u00f3n nel pomeriggio e spettacolo flamenco la sera compongono una giornata completa senza uscire dalla citt\u00e0.<\/p>\n<h3>Se resti tutti e quattro i giorni<\/h3>\n<p>Varia le attivit\u00e0: festival, centro storico, bodega, tabanco, flamenco regolare, vendemmia e cavalli. Jerez offre abbastanza diversit\u00e0 da dare a ogni giornata un carattere distinto.<\/p>\n<p><strong>La nostra proposta per sabato 12:<\/strong> una mattina dedicata al vino o alle vigne, pomeriggio a Jerez Fusi\u00f3n e Verbena Flamenca de la Asunci\u00f3n soltanto se gli orari consentono di arrivare senza fretta.<\/p>\n<p><strong>Per domenica 13:<\/strong> una giornata pi\u00f9 leggera: centro storico o attivit\u00e0 equestre al mattino, pranzo tranquillo e saluto con il programma conclusivo di Jerez Fusi\u00f3n.<\/p>\n<\/div><\/div><\/div><\/div><\/div><\/div><\/div><\/section><section class=\"l-section wpb_row height_huge color_alternate with_shape\"><div class=\"l-section-shape type_zigzag pos_top hor_flip\" style=\"height:3vmin;\"><svg xmlns=\"http:\/\/www.w3.org\/2000\/svg\" viewBox=\"0 0 64 8\" preserveAspectRatio=\"none\" width=\"100%\" height=\"100%\">\r\n\t<path fill=\"currentColor\" d=\"M64 8 L0 8 L0 0 L20 7.9 L40 3 L48 5 L64 0 Z\"\/>\r\n<\/svg><\/div><div class=\"l-section-shape type_zigzag pos_bottom\" style=\"height:3vmin;\"><svg xmlns=\"http:\/\/www.w3.org\/2000\/svg\" viewBox=\"0 0 64 8\" preserveAspectRatio=\"none\" width=\"100%\" height=\"100%\">\r\n\t<path fill=\"currentColor\" d=\"M64 8 L0 8 L0 0 L20 7.9 L40 3 L48 5 L64 0 Z\"\/>\r\n<\/svg><\/div><div class=\"l-section-h i-cf\"><div class=\"g-cols vc_row via_flex valign_top type_default stacking_default\"><div class=\"vc_col-sm-12 wpb_column vc_column_container\"><div class=\"vc_column-inner\"><div class=\"wpb_wrapper\"><div class=\"wpb_text_column\"><div class=\"wpb_wrapper\"><h2>Jerez Fusi\u00f3n come occasione per conoscere la citt\u00e0<\/h2>\n<p>Un buon festival non dovrebbe costringere a trascorrere quattro giorni chiusi nelle sale. Jerez Fusi\u00f3n ha un vantaggio speciale: si svolge in una citt\u00e0 in cui i suoi tre grandi temi \u2014 flamenco, vino e cultura \u2014 esistono anche fuori dal programma.<\/p>\n<p>Allontanarsi per qualche ora non significa perdere il festival. Pu\u00f2 significare capirlo meglio.<\/p>\n<p>Ascoltare flamenco in un altro contesto, visitare una bodega, passeggiare per Santiago o San Miguel, assaggiare vino in un tabanco o scoprire il ruolo del cavallo nell&#8217;identit\u00e0 locale permette di tornare a Jerez Fusi\u00f3n con pi\u00f9 riferimenti.<\/p>\n<p>Se viaggi dal 10 al 13 settembre, costruisci quindi un itinerario flessibile. Prenota ci\u00f2 che davvero non vuoi perdere e lascia spazio a Jerez. In queste date, la citt\u00e0 stessa propone un programma parallelo.<\/p>\n<\/div><\/div><\/div><\/div><\/div><\/div><\/div><\/section><section class=\"l-section wpb_row height_huge\"><div class=\"l-section-h i-cf\"><div class=\"g-cols vc_row via_flex valign_top type_default stacking_default\"><div class=\"vc_col-sm-1\/5 wpb_column vc_column_container\"><div class=\"vc_column-inner\"><div class=\"wpb_wrapper\"><\/div><\/div><\/div><div class=\"vc_col-sm-3\/5 wpb_column vc_column_container\"><div class=\"vc_column-inner\"><div class=\"wpb_wrapper\"><div class=\"wpb_text_column\"><div class=\"wpb_wrapper\"><h2 id=\"faq\">Domande frequenti su cosa fare a Jerez durante Jerez Fusi\u00f3n 2026<\/h2>\n<\/div><\/div><div class=\"w-tabs accordion toggle_style_1 has_scrolling\" style=\"--sections-title-size:inherit;--sections-gap:0.5rem;\"><div class=\"w-tabs-sections titles-align_none icon_plus cpos_left\"><div class=\"w-tabs-section\" id=\"jerez-planes-faq-1\"><button type=\"button\" class=\"w-tabs-section-header\" aria-controls=\"content-jerez-planes-faq-1\" aria-expanded=\"false\"><h3 class=\"w-tabs-section-title\">Quando si svolge Jerez Fusi\u00f3n 2026?<\/h3><div class=\"w-tabs-section-control\"><\/div><\/button><div  class=\"w-tabs-section-content\" id=\"content-jerez-planes-faq-1\"><div class=\"w-tabs-section-content-h i-cf\"><div class=\"wpb_text_column\"><div class=\"wpb_wrapper\"><p>Jerez Fusi\u00f3n si svolge da gioved\u00ec 10 a domenica 13 settembre 2026 a Jerez de la Frontera. Il festival unisce musica e vino, con attivit\u00e0 in diverse sale e spazi.<\/p>\n<\/div><\/div><\/div><\/div><\/div><div class=\"w-tabs-section\" id=\"jerez-planes-faq-2\"><button type=\"button\" class=\"w-tabs-section-header\" aria-controls=\"content-jerez-planes-faq-2\" aria-expanded=\"false\"><h3 class=\"w-tabs-section-title\">Quali altri eventi coincidono con Jerez Fusi\u00f3n?<\/h3><div class=\"w-tabs-section-control\"><\/div><\/button><div  class=\"w-tabs-section-content\" id=\"content-jerez-planes-faq-2\"><div class=\"w-tabs-section-content-h i-cf\"><div class=\"wpb_text_column\"><div class=\"wpb_wrapper\"><p>Gli ultimi quattro giorni delle feste della vendemmia 2026, il VII Campionato mondiale di equitazione da lavoro e, gioved\u00ec 10, l&#8217;arrivo a Jerez di una tappa a cronometro della Vuelta Ciclista a Espa\u00f1a.<\/p>\n<\/div><\/div><\/div><\/div><\/div><div class=\"w-tabs-section\" id=\"jerez-planes-faq-3\"><button type=\"button\" class=\"w-tabs-section-header\" aria-controls=\"content-jerez-planes-faq-3\" aria-expanded=\"false\"><h3 class=\"w-tabs-section-title\">Ci saranno problemi di traffico durante Jerez Fusi\u00f3n?<\/h3><div class=\"w-tabs-section-control\"><\/div><\/button><div  class=\"w-tabs-section-content\" id=\"content-jerez-planes-faq-3\"><div class=\"w-tabs-section-content-h i-cf\"><div class=\"wpb_text_column\"><div class=\"wpb_wrapper\"><p>Il giorno pi\u00f9 complicato sar\u00e0 gioved\u00ec 10 settembre per la Vuelta. Sono annunciate chiusure e restrizioni per diverse ore: consulta gli aggiornamenti comunali e muoviti a piedi in centro quando possibile.<\/p>\n<\/div><\/div><\/div><\/div><\/div><div class=\"w-tabs-section\" id=\"jerez-planes-faq-4\"><button type=\"button\" class=\"w-tabs-section-header\" aria-controls=\"content-jerez-planes-faq-4\" aria-expanded=\"false\"><h3 class=\"w-tabs-section-title\">C&#8217;\u00e8 flamenco fuori da Jerez Fusi\u00f3n in quei giorni?<\/h3><div class=\"w-tabs-section-control\"><\/div><\/button><div  class=\"w-tabs-section-content\" id=\"content-jerez-planes-faq-4\"><div class=\"w-tabs-section-content-h i-cf\"><div class=\"wpb_text_column\"><div class=\"wpb_wrapper\"><p>S\u00ec. Oltre all&#8217;offerta regolare di Jerez, sabato 12 si tiene la Verbena Flamenca de la Asunci\u00f3n, con ingresso libero fino a esaurimento posti. Puoi anche prenotare spettacoli in spazi con programmazione regolare.<\/p>\n<\/div><\/div><\/div><\/div><\/div><div class=\"w-tabs-section\" id=\"jerez-planes-faq-5\"><button type=\"button\" class=\"w-tabs-section-header\" aria-controls=\"content-jerez-planes-faq-5\" aria-expanded=\"false\"><h3 class=\"w-tabs-section-title\">Vale la pena visitare una bodega durante il festival?<\/h3><div class=\"w-tabs-section-control\"><\/div><\/button><div  class=\"w-tabs-section-content\" id=\"content-jerez-planes-faq-5\"><div class=\"w-tabs-section-content-h i-cf\"><div class=\"wpb_text_column\"><div class=\"wpb_wrapper\"><p>S\u00ec, soprattutto alla prima visita a Jerez. Una bodega aiuta a capire l&#8217;invecchiamento e la cultura del vino che fanno parte del concetto di Jerez Fusi\u00f3n. Conviene prenotare in anticipo.<\/p>\n<\/div><\/div><\/div><\/div><\/div><div class=\"w-tabs-section\" id=\"jerez-planes-faq-6\"><button type=\"button\" class=\"w-tabs-section-header\" aria-controls=\"content-jerez-planes-faq-6\" aria-expanded=\"false\"><h3 class=\"w-tabs-section-title\">Cosa posso fare sabato 12 settembre?<\/h3><div class=\"w-tabs-section-control\"><\/div><\/button><div  class=\"w-tabs-section-content\" id=\"content-jerez-planes-faq-6\"><div class=\"w-tabs-section-content-h i-cf\"><div class=\"wpb_text_column\"><div class=\"wpb_wrapper\"><p>Oltre a Jerez Fusi\u00f3n, il programma della vendemmia comprende la II Ruta entre Vi\u00f1as, il concorso infantile di venencia e la finale della degustazione alla cieca. La sera si tiene la Verbena Flamenca de la Asunci\u00f3n.<\/p>\n<\/div><\/div><\/div><\/div><\/div><div class=\"w-tabs-section\" id=\"jerez-planes-faq-7\"><button type=\"button\" class=\"w-tabs-section-header\" aria-controls=\"content-jerez-planes-faq-7\" aria-expanded=\"false\"><h3 class=\"w-tabs-section-title\">Cosa posso fare domenica 13?<\/h3><div class=\"w-tabs-section-control\"><\/div><\/button><div  class=\"w-tabs-section-content\" id=\"content-jerez-planes-faq-7\"><div class=\"w-tabs-section-content-h i-cf\"><div class=\"wpb_text_column\"><div class=\"wpb_wrapper\"><p>La domenica conclude Jerez Fusi\u00f3n, le feste della vendemmia e il Campionato mondiale di equitazione da lavoro. Puoi abbinare il festival al centro storico, a un pranzo tranquillo o a un&#8217;attivit\u00e0 equestre, secondo gli orari.<\/p>\n<\/div><\/div><\/div><\/div><\/div><div class=\"w-tabs-section\" id=\"jerez-planes-faq-8\"><button type=\"button\" class=\"w-tabs-section-header\" aria-controls=\"content-jerez-planes-faq-8\" aria-expanded=\"false\"><h3 class=\"w-tabs-section-title\">Dove posso consultare il programma completo di Jerez Fusi\u00f3n?<\/h3><div class=\"w-tabs-section-control\"><\/div><\/button><div  class=\"w-tabs-section-content\" id=\"content-jerez-planes-faq-8\"><div class=\"w-tabs-section-content-h i-cf\"><div class=\"wpb_text_column\"><div class=\"wpb_wrapper\"><p>Nella nostra <a href=\"https:\/\/www.tablaosflamencos.com\/it\/jerez-fusion-2026-date-programma.html\">guida a Jerez Fusi\u00f3n 2026<\/a> trovi le informazioni principali del festival. Per cambiamenti dell&#8217;ultimo minuto, controlla anche i canali ufficiali dell&#8217;evento.<\/p>\n<\/div><\/div><\/div><\/div><\/div><\/div><\/div><\/div><\/div><\/div><div class=\"vc_col-sm-1\/5 wpb_column vc_column_container\"><div class=\"vc_column-inner\"><div class=\"wpb_wrapper\"><\/div><\/div><\/div><\/div><\/div><\/section>\n","protected":false},"excerpt":{"rendered":"<p>Guida a Jerez Fusi\u00f3n 2026 con flamenco, vino, vendemmia, centro storico, cavalli e consigli pratici per il soggiorno dal 10 al 13 settembre.<\/p>\n","protected":false},"author":1,"featured_media":15148,"comment_status":"closed","ping_status":"closed","sticky":false,"template":"","format":"standard","meta":{"_acf_changed":false,"wpai_generated_summary":"","_ayudawp_aiss_exclude":false,"_ayudawp_aiss_exclude_summary":false,"_ayudawp_aiss_summary":"","_ayudawp_aiss_summary_provider":"","_ayudawp_aiss_summary_hash":"","footnotes":""},"categories":[1670,355],"tags":[1252,2023,1085,2024,2025],"class_list":["post-15121","post","type-post","status-publish","format-standard","has-post-thumbnail","hentry","category-festival-flamenco","category-flamenco-per-citta","tag-festivales-flamencos","tag-flamenco-a-jerez-it","tag-jerez-de-la-frontera","tag-jerez-fusion-it","tag-jerez-fusion-2026-it"],"acf":[],"yoast_head":"<!-- This site is optimized with the Yoast SEO Premium plugin v28.4 (Yoast SEO v28.4) - https:\/\/yoast.com\/product\/yoast-seo-premium-wordpress\/ -->\n<title>Cosa fare a Jerez durante Jerez Fusi\u00f3n 2026<\/title>\n<meta name=\"description\" content=\"Scopri cosa fare a Jerez durante Jerez Fusi\u00f3n 2026: flamenco, bodegas, vendemmia, centro storico e consigli pratici dal 10 al 13 settembre.\" \/>\n<meta name=\"robots\" content=\"index, follow, max-snippet:-1, max-image-preview:large, max-video-preview:-1\" \/>\n<link rel=\"canonical\" href=\"https:\/\/www.tablaosflamencos.com\/it\/cosa-fare-jerez-durante-jerez-fusion-2026.html\" \/>\n<meta property=\"og:locale\" content=\"it_IT\" \/>\n<meta property=\"og:type\" content=\"article\" \/>\n<meta property=\"og:title\" content=\"Cosa fare a Jerez durante Jerez Fusi\u00f3n 2026\" \/>\n<meta property=\"og:description\" content=\"Scopri cosa fare a Jerez durante Jerez Fusi\u00f3n 2026: flamenco, bodegas, vendemmia, centro storico e consigli pratici dal 10 al 13 settembre.\" \/>\n<meta property=\"og:url\" content=\"https:\/\/www.tablaosflamencos.com\/it\/cosa-fare-jerez-durante-jerez-fusion-2026.html\" \/>\n<meta property=\"og:site_name\" content=\"Tablaos Flamencos\" \/>\n<meta property=\"article:publisher\" content=\"https:\/\/www.facebook.com\/tablaosflamencos\" \/>\n<meta property=\"article:published_time\" content=\"2026-09-06T14:35:28+00:00\" \/>\n<meta property=\"article:modified_time\" content=\"2026-09-06T17:42:07+00:00\" \/>\n<meta property=\"og:image\" content=\"https:\/\/www.tablaosflamencos.com\/wp-content\/uploads\/Cosa-fare-a-Jerez-durante-Jerez-Fusion-2026.webp\" \/>\n\t<meta property=\"og:image:width\" content=\"1536\" \/>\n\t<meta property=\"og:image:height\" content=\"1024\" \/>\n\t<meta property=\"og:image:type\" content=\"image\/webp\" \/>\n<meta name=\"author\" content=\"Miguel Ortiz\" \/>\n<meta name=\"twitter:card\" content=\"summary_large_image\" \/>\n<meta name=\"twitter:creator\" content=\"@tablaosflamenco\" \/>\n<meta name=\"twitter:site\" content=\"@tablaosflamenco\" \/>\n<meta name=\"twitter:label1\" content=\"Scritto da\" \/>\n\t<meta name=\"twitter:data1\" content=\"Miguel Ortiz\" \/>\n\t<meta name=\"twitter:label2\" content=\"Tempo di lettura stimato\" \/>\n\t<meta name=\"twitter:data2\" content=\"17 minuti\" \/>\n<script type=\"application\/ld+json\" class=\"yoast-schema-graph\">{\"@context\":\"https:\\\/\\\/schema.org\",\"@graph\":[{\"@type\":\"Article\",\"@id\":\"https:\\\/\\\/www.tablaosflamencos.com\\\/it\\\/cosa-fare-jerez-durante-jerez-fusion-2026.html#article\",\"isPartOf\":{\"@id\":\"https:\\\/\\\/www.tablaosflamencos.com\\\/it\\\/cosa-fare-jerez-durante-jerez-fusion-2026.html\"},\"author\":{\"name\":\"Miguel Ortiz\",\"@id\":\"https:\\\/\\\/www.tablaosflamencos.com\\\/it#\\\/schema\\\/person\\\/e7a9ebe14eb75a52ceabfbffb3c54f5d\"},\"headline\":\"Cosa fare a Jerez durante Jerez Fusi\u00f3n 2026\",\"datePublished\":\"2026-09-06T14:35:28+00:00\",\"dateModified\":\"2026-09-06T17:42:07+00:00\",\"mainEntityOfPage\":{\"@id\":\"https:\\\/\\\/www.tablaosflamencos.com\\\/it\\\/cosa-fare-jerez-durante-jerez-fusion-2026.html\"},\"wordCount\":3450,\"publisher\":{\"@id\":\"https:\\\/\\\/www.tablaosflamencos.com\\\/it#organization\"},\"image\":{\"@id\":\"https:\\\/\\\/www.tablaosflamencos.com\\\/it\\\/cosa-fare-jerez-durante-jerez-fusion-2026.html#primaryimage\"},\"thumbnailUrl\":\"https:\\\/\\\/www.tablaosflamencos.com\\\/wp-content\\\/uploads\\\/Cosa-fare-a-Jerez-durante-Jerez-Fusion-2026.webp\",\"keywords\":[\"festivales flamencos\",\"flamenco a Jerez\",\"Jerez de la Frontera\",\"Jerez Fusi\u00f3n\",\"Jerez Fusi\u00f3n 2026\"],\"articleSection\":[\"Festival di flamenco\",\"Flamenco per citt\u00e0\"],\"inLanguage\":\"it-IT\"},{\"@type\":\"WebPage\",\"@id\":\"https:\\\/\\\/www.tablaosflamencos.com\\\/it\\\/cosa-fare-jerez-durante-jerez-fusion-2026.html\",\"url\":\"https:\\\/\\\/www.tablaosflamencos.com\\\/it\\\/cosa-fare-jerez-durante-jerez-fusion-2026.html\",\"name\":\"Cosa fare a Jerez durante Jerez Fusi\u00f3n 2026\",\"isPartOf\":{\"@id\":\"https:\\\/\\\/www.tablaosflamencos.com\\\/it#website\"},\"primaryImageOfPage\":{\"@id\":\"https:\\\/\\\/www.tablaosflamencos.com\\\/it\\\/cosa-fare-jerez-durante-jerez-fusion-2026.html#primaryimage\"},\"image\":{\"@id\":\"https:\\\/\\\/www.tablaosflamencos.com\\\/it\\\/cosa-fare-jerez-durante-jerez-fusion-2026.html#primaryimage\"},\"thumbnailUrl\":\"https:\\\/\\\/www.tablaosflamencos.com\\\/wp-content\\\/uploads\\\/Cosa-fare-a-Jerez-durante-Jerez-Fusion-2026.webp\",\"datePublished\":\"2026-09-06T14:35:28+00:00\",\"dateModified\":\"2026-09-06T17:42:07+00:00\",\"description\":\"Scopri cosa fare a Jerez durante Jerez Fusi\u00f3n 2026: flamenco, bodegas, vendemmia, centro storico e consigli pratici dal 10 al 13 settembre.\",\"breadcrumb\":{\"@id\":\"https:\\\/\\\/www.tablaosflamencos.com\\\/it\\\/cosa-fare-jerez-durante-jerez-fusion-2026.html#breadcrumb\"},\"inLanguage\":\"it-IT\",\"potentialAction\":[{\"@type\":\"ReadAction\",\"target\":[\"https:\\\/\\\/www.tablaosflamencos.com\\\/it\\\/cosa-fare-jerez-durante-jerez-fusion-2026.html\"]}]},{\"@type\":\"ImageObject\",\"inLanguage\":\"it-IT\",\"@id\":\"https:\\\/\\\/www.tablaosflamencos.com\\\/it\\\/cosa-fare-jerez-durante-jerez-fusion-2026.html#primaryimage\",\"url\":\"https:\\\/\\\/www.tablaosflamencos.com\\\/wp-content\\\/uploads\\\/Cosa-fare-a-Jerez-durante-Jerez-Fusion-2026.webp\",\"contentUrl\":\"https:\\\/\\\/www.tablaosflamencos.com\\\/wp-content\\\/uploads\\\/Cosa-fare-a-Jerez-durante-Jerez-Fusion-2026.webp\",\"width\":1536,\"height\":1024,\"caption\":\"Cosa fare a Jerez durante Jerez Fusi\u00f3n 2026\"},{\"@type\":\"BreadcrumbList\",\"@id\":\"https:\\\/\\\/www.tablaosflamencos.com\\\/it\\\/cosa-fare-jerez-durante-jerez-fusion-2026.html#breadcrumb\",\"itemListElement\":[{\"@type\":\"ListItem\",\"position\":1,\"name\":\"Home\",\"item\":\"https:\\\/\\\/www.tablaosflamencos.com\\\/it\"},{\"@type\":\"ListItem\",\"position\":2,\"name\":\"Cosa fare a Jerez durante Jerez Fusi\u00f3n 2026\"}]},{\"@type\":\"WebSite\",\"@id\":\"https:\\\/\\\/www.tablaosflamencos.com\\\/it#website\",\"url\":\"https:\\\/\\\/www.tablaosflamencos.com\\\/it\",\"name\":\"Tablaos Flamencos\",\"description\":\"Entradas para tablaos flamencos de Espa\u00f1a\",\"publisher\":{\"@id\":\"https:\\\/\\\/www.tablaosflamencos.com\\\/it#organization\"},\"alternateName\":\"Tablaos Flamencos\",\"potentialAction\":[{\"@type\":\"SearchAction\",\"target\":{\"@type\":\"EntryPoint\",\"urlTemplate\":\"https:\\\/\\\/www.tablaosflamencos.com\\\/it?s={search_term_string}\"},\"query-input\":{\"@type\":\"PropertyValueSpecification\",\"valueRequired\":true,\"valueName\":\"search_term_string\"}}],\"inLanguage\":\"it-IT\"},{\"@type\":[\"Organization\",\"Place\",\"EntertainmentBusiness\"],\"@id\":\"https:\\\/\\\/www.tablaosflamencos.com\\\/it#organization\",\"name\":\"Tablaos Flamencos\",\"alternateName\":\"Tablaos Flamencos\",\"url\":\"https:\\\/\\\/www.tablaosflamencos.com\\\/it\",\"logo\":{\"@id\":\"https:\\\/\\\/www.tablaosflamencos.com\\\/it\\\/cosa-fare-jerez-durante-jerez-fusion-2026.html#local-main-organization-logo\"},\"image\":{\"@id\":\"https:\\\/\\\/www.tablaosflamencos.com\\\/it\\\/cosa-fare-jerez-durante-jerez-fusion-2026.html#local-main-organization-logo\"},\"sameAs\":[\"https:\\\/\\\/www.facebook.com\\\/tablaosflamencos\",\"https:\\\/\\\/x.com\\\/tablaosflamenco\",\"https:\\\/\\\/mastodon.social\\\/@tablaosflamencos\",\"https:\\\/\\\/www.instagram.com\\\/tablaosflamencos\",\"https:\\\/\\\/tiktok.com\\\/@tablaosflamencos\",\"https:\\\/\\\/www.linkedin.com\\\/company\\\/109408238\\\/\"],\"description\":\"Venta de entradas para espect\u00e1culos flamencos\",\"legalName\":\"Tablaos Flamencos\",\"foundingDate\":\"2015-01-01\",\"numberOfEmployees\":{\"@type\":\"QuantitativeValue\",\"minValue\":\"1\",\"maxValue\":\"10\"},\"address\":{\"@id\":\"https:\\\/\\\/www.tablaosflamencos.com\\\/it\\\/cosa-fare-jerez-durante-jerez-fusion-2026.html#local-main-place-address\"},\"geo\":{\"@type\":\"GeoCoordinates\",\"latitude\":\"37.3868072\",\"longitude\":\"-5.993280299999999\"},\"telephone\":[\"+34623787787\"],\"contactPoint\":{\"@type\":\"ContactPoint\",\"telephone\":\"+34623787787\",\"email\":\"info@tablaosflamencos.com\"},\"openingHoursSpecification\":{\"@type\":\"OpeningHoursSpecification\",\"dayOfWeek\":[\"Monday\",\"Tuesday\",\"Wednesday\",\"Thursday\",\"Friday\",\"Saturday\",\"Sunday\"],\"opens\":\"00:00\",\"closes\":\"23:59\"},\"email\":\"info@tablaosflamencos.com\",\"priceRange\":\"$$$\",\"currenciesAccepted\":\"\u20ac\"},{\"@type\":\"Person\",\"@id\":\"https:\\\/\\\/www.tablaosflamencos.com\\\/it#\\\/schema\\\/person\\\/e7a9ebe14eb75a52ceabfbffb3c54f5d\",\"name\":\"Miguel Ortiz\",\"description\":\"Miguel Ortiz es un empresario flamenco, con una s\u00f3lida trayectoria dentro del sector. Ha presidido entidades culturales vinculadas al flamenco y, cuenta con un amplio recorrido profesional en la gesti\u00f3n y promoci\u00f3n de espect\u00e1culos y tablaos flamencos. Su pasi\u00f3n por la historia y el arte flamenco se refleja en cada art\u00edculo, donde combina experiencia, criterio y un profundo respeto por la tradici\u00f3n.\",\"sameAs\":[\"https:\\\/\\\/www.tablaosflamencos.com\",\"https:\\\/\\\/www.instagra.com\\\/miguelortizfe\",\"https:\\\/\\\/www.linkedin.com\\\/in\\\/miguelortizf\\\/\"],\"birthDate\":\"1984-11-22\",\"gender\":\"hombre\",\"knowsLanguage\":[\"espa\u00f1ol\",\"ingl\u00e9s\"],\"jobTitle\":\"Empresario flamenco\"},{\"@type\":\"PostalAddress\",\"@id\":\"https:\\\/\\\/www.tablaosflamencos.com\\\/it\\\/cosa-fare-jerez-durante-jerez-fusion-2026.html#local-main-place-address\",\"streetAddress\":\"C\\\/ Alemanes, 19\",\"addressLocality\":\"Sevilla\",\"postalCode\":\"41004\",\"addressRegion\":\"Sevilla\",\"addressCountry\":\"ES\"},{\"@type\":\"ImageObject\",\"inLanguage\":\"it-IT\",\"@id\":\"https:\\\/\\\/www.tablaosflamencos.com\\\/it\\\/cosa-fare-jerez-durante-jerez-fusion-2026.html#local-main-organization-logo\",\"url\":\"https:\\\/\\\/www.tablaosflamencos.com\\\/wp-content\\\/uploads\\\/tablaos-flamencos-06-3.webp\",\"contentUrl\":\"https:\\\/\\\/www.tablaosflamencos.com\\\/wp-content\\\/uploads\\\/tablaos-flamencos-06-3.webp\",\"width\":600,\"height\":620,\"caption\":\"Tablaos Flamencos\"}]}<\/script>\n<meta name=\"geo.placename\" content=\"Sevilla\" \/>\n<meta name=\"geo.position\" content=\"37.3868072;-5.993280299999999\" \/>\n<meta name=\"geo.region\" content=\"Spagna\" \/>\n<!-- \/ Yoast SEO Premium plugin. -->","yoast_head_json":{"title":"Cosa fare a Jerez durante Jerez Fusi\u00f3n 2026","description":"Scopri cosa fare a Jerez durante Jerez Fusi\u00f3n 2026: flamenco, bodegas, vendemmia, centro storico e consigli pratici dal 10 al 13 settembre.","robots":{"index":"index","follow":"follow","max-snippet":"max-snippet:-1","max-image-preview":"max-image-preview:large","max-video-preview":"max-video-preview:-1"},"canonical":"https:\/\/www.tablaosflamencos.com\/it\/cosa-fare-jerez-durante-jerez-fusion-2026.html","og_locale":"it_IT","og_type":"article","og_title":"Cosa fare a Jerez durante Jerez Fusi\u00f3n 2026","og_description":"Scopri cosa fare a Jerez durante Jerez Fusi\u00f3n 2026: flamenco, bodegas, vendemmia, centro storico e consigli pratici dal 10 al 13 settembre.","og_url":"https:\/\/www.tablaosflamencos.com\/it\/cosa-fare-jerez-durante-jerez-fusion-2026.html","og_site_name":"Tablaos Flamencos","article_publisher":"https:\/\/www.facebook.com\/tablaosflamencos","article_published_time":"2026-09-06T14:35:28+00:00","article_modified_time":"2026-09-06T17:42:07+00:00","og_image":[{"width":1536,"height":1024,"url":"https:\/\/www.tablaosflamencos.com\/wp-content\/uploads\/Cosa-fare-a-Jerez-durante-Jerez-Fusion-2026.webp","type":"image\/webp"}],"author":"Miguel Ortiz","twitter_card":"summary_large_image","twitter_creator":"@tablaosflamenco","twitter_site":"@tablaosflamenco","twitter_misc":{"Scritto da":"Miguel Ortiz","Tempo di lettura stimato":"17 minuti"},"schema":{"@context":"https:\/\/schema.org","@graph":[{"@type":"Article","@id":"https:\/\/www.tablaosflamencos.com\/it\/cosa-fare-jerez-durante-jerez-fusion-2026.html#article","isPartOf":{"@id":"https:\/\/www.tablaosflamencos.com\/it\/cosa-fare-jerez-durante-jerez-fusion-2026.html"},"author":{"name":"Miguel Ortiz","@id":"https:\/\/www.tablaosflamencos.com\/it#\/schema\/person\/e7a9ebe14eb75a52ceabfbffb3c54f5d"},"headline":"Cosa fare a Jerez durante Jerez Fusi\u00f3n 2026","datePublished":"2026-09-06T14:35:28+00:00","dateModified":"2026-09-06T17:42:07+00:00","mainEntityOfPage":{"@id":"https:\/\/www.tablaosflamencos.com\/it\/cosa-fare-jerez-durante-jerez-fusion-2026.html"},"wordCount":3450,"publisher":{"@id":"https:\/\/www.tablaosflamencos.com\/it#organization"},"image":{"@id":"https:\/\/www.tablaosflamencos.com\/it\/cosa-fare-jerez-durante-jerez-fusion-2026.html#primaryimage"},"thumbnailUrl":"https:\/\/www.tablaosflamencos.com\/wp-content\/uploads\/Cosa-fare-a-Jerez-durante-Jerez-Fusion-2026.webp","keywords":["festivales flamencos","flamenco a Jerez","Jerez de la Frontera","Jerez Fusi\u00f3n","Jerez Fusi\u00f3n 2026"],"articleSection":["Festival di flamenco","Flamenco per citt\u00e0"],"inLanguage":"it-IT"},{"@type":"WebPage","@id":"https:\/\/www.tablaosflamencos.com\/it\/cosa-fare-jerez-durante-jerez-fusion-2026.html","url":"https:\/\/www.tablaosflamencos.com\/it\/cosa-fare-jerez-durante-jerez-fusion-2026.html","name":"Cosa fare a Jerez durante Jerez Fusi\u00f3n 2026","isPartOf":{"@id":"https:\/\/www.tablaosflamencos.com\/it#website"},"primaryImageOfPage":{"@id":"https:\/\/www.tablaosflamencos.com\/it\/cosa-fare-jerez-durante-jerez-fusion-2026.html#primaryimage"},"image":{"@id":"https:\/\/www.tablaosflamencos.com\/it\/cosa-fare-jerez-durante-jerez-fusion-2026.html#primaryimage"},"thumbnailUrl":"https:\/\/www.tablaosflamencos.com\/wp-content\/uploads\/Cosa-fare-a-Jerez-durante-Jerez-Fusion-2026.webp","datePublished":"2026-09-06T14:35:28+00:00","dateModified":"2026-09-06T17:42:07+00:00","description":"Scopri cosa fare a Jerez durante Jerez Fusi\u00f3n 2026: flamenco, bodegas, vendemmia, centro storico e consigli pratici dal 10 al 13 settembre.","breadcrumb":{"@id":"https:\/\/www.tablaosflamencos.com\/it\/cosa-fare-jerez-durante-jerez-fusion-2026.html#breadcrumb"},"inLanguage":"it-IT","potentialAction":[{"@type":"ReadAction","target":["https:\/\/www.tablaosflamencos.com\/it\/cosa-fare-jerez-durante-jerez-fusion-2026.html"]}]},{"@type":"ImageObject","inLanguage":"it-IT","@id":"https:\/\/www.tablaosflamencos.com\/it\/cosa-fare-jerez-durante-jerez-fusion-2026.html#primaryimage","url":"https:\/\/www.tablaosflamencos.com\/wp-content\/uploads\/Cosa-fare-a-Jerez-durante-Jerez-Fusion-2026.webp","contentUrl":"https:\/\/www.tablaosflamencos.com\/wp-content\/uploads\/Cosa-fare-a-Jerez-durante-Jerez-Fusion-2026.webp","width":1536,"height":1024,"caption":"Cosa fare a Jerez durante Jerez Fusi\u00f3n 2026"},{"@type":"BreadcrumbList","@id":"https:\/\/www.tablaosflamencos.com\/it\/cosa-fare-jerez-durante-jerez-fusion-2026.html#breadcrumb","itemListElement":[{"@type":"ListItem","position":1,"name":"Home","item":"https:\/\/www.tablaosflamencos.com\/it"},{"@type":"ListItem","position":2,"name":"Cosa fare a Jerez durante Jerez Fusi\u00f3n 2026"}]},{"@type":"WebSite","@id":"https:\/\/www.tablaosflamencos.com\/it#website","url":"https:\/\/www.tablaosflamencos.com\/it","name":"Tablaos Flamencos","description":"Entradas para tablaos flamencos de Espa\u00f1a","publisher":{"@id":"https:\/\/www.tablaosflamencos.com\/it#organization"},"alternateName":"Tablaos Flamencos","potentialAction":[{"@type":"SearchAction","target":{"@type":"EntryPoint","urlTemplate":"https:\/\/www.tablaosflamencos.com\/it?s={search_term_string}"},"query-input":{"@type":"PropertyValueSpecification","valueRequired":true,"valueName":"search_term_string"}}],"inLanguage":"it-IT"},{"@type":["Organization","Place","EntertainmentBusiness"],"@id":"https:\/\/www.tablaosflamencos.com\/it#organization","name":"Tablaos Flamencos","alternateName":"Tablaos Flamencos","url":"https:\/\/www.tablaosflamencos.com\/it","logo":{"@id":"https:\/\/www.tablaosflamencos.com\/it\/cosa-fare-jerez-durante-jerez-fusion-2026.html#local-main-organization-logo"},"image":{"@id":"https:\/\/www.tablaosflamencos.com\/it\/cosa-fare-jerez-durante-jerez-fusion-2026.html#local-main-organization-logo"},"sameAs":["https:\/\/www.facebook.com\/tablaosflamencos","https:\/\/x.com\/tablaosflamenco","https:\/\/mastodon.social\/@tablaosflamencos","https:\/\/www.instagram.com\/tablaosflamencos","https:\/\/tiktok.com\/@tablaosflamencos","https:\/\/www.linkedin.com\/company\/109408238\/"],"description":"Venta de entradas para espect\u00e1culos flamencos","legalName":"Tablaos Flamencos","foundingDate":"2015-01-01","numberOfEmployees":{"@type":"QuantitativeValue","minValue":"1","maxValue":"10"},"address":{"@id":"https:\/\/www.tablaosflamencos.com\/it\/cosa-fare-jerez-durante-jerez-fusion-2026.html#local-main-place-address"},"geo":{"@type":"GeoCoordinates","latitude":"37.3868072","longitude":"-5.993280299999999"},"telephone":["+34623787787"],"contactPoint":{"@type":"ContactPoint","telephone":"+34623787787","email":"info@tablaosflamencos.com"},"openingHoursSpecification":{"@type":"OpeningHoursSpecification","dayOfWeek":["Monday","Tuesday","Wednesday","Thursday","Friday","Saturday","Sunday"],"opens":"00:00","closes":"23:59"},"email":"info@tablaosflamencos.com","priceRange":"$$$","currenciesAccepted":"\u20ac"},{"@type":"Person","@id":"https:\/\/www.tablaosflamencos.com\/it#\/schema\/person\/e7a9ebe14eb75a52ceabfbffb3c54f5d","name":"Miguel Ortiz","description":"Miguel Ortiz es un empresario flamenco, con una s\u00f3lida trayectoria dentro del sector. Ha presidido entidades culturales vinculadas al flamenco y, cuenta con un amplio recorrido profesional en la gesti\u00f3n y promoci\u00f3n de espect\u00e1culos y tablaos flamencos. Su pasi\u00f3n por la historia y el arte flamenco se refleja en cada art\u00edculo, donde combina experiencia, criterio y un profundo respeto por la tradici\u00f3n.","sameAs":["https:\/\/www.tablaosflamencos.com","https:\/\/www.instagra.com\/miguelortizfe","https:\/\/www.linkedin.com\/in\/miguelortizf\/"],"birthDate":"1984-11-22","gender":"hombre","knowsLanguage":["espa\u00f1ol","ingl\u00e9s"],"jobTitle":"Empresario flamenco"},{"@type":"PostalAddress","@id":"https:\/\/www.tablaosflamencos.com\/it\/cosa-fare-jerez-durante-jerez-fusion-2026.html#local-main-place-address","streetAddress":"C\/ Alemanes, 19","addressLocality":"Sevilla","postalCode":"41004","addressRegion":"Sevilla","addressCountry":"ES"},{"@type":"ImageObject","inLanguage":"it-IT","@id":"https:\/\/www.tablaosflamencos.com\/it\/cosa-fare-jerez-durante-jerez-fusion-2026.html#local-main-organization-logo","url":"https:\/\/www.tablaosflamencos.com\/wp-content\/uploads\/tablaos-flamencos-06-3.webp","contentUrl":"https:\/\/www.tablaosflamencos.com\/wp-content\/uploads\/tablaos-flamencos-06-3.webp","width":600,"height":620,"caption":"Tablaos Flamencos"}]},"geo.placename":"Sevilla","geo.position":{"lat":"37.3868072","long":"-5.993280299999999"},"geo.region":"Spagna"},"_links":{"self":[{"href":"https:\/\/www.tablaosflamencos.com\/it\/wp-json\/wp\/v2\/posts\/15121","targetHints":{"allow":["GET"]}}],"collection":[{"href":"https:\/\/www.tablaosflamencos.com\/it\/wp-json\/wp\/v2\/posts"}],"about":[{"href":"https:\/\/www.tablaosflamencos.com\/it\/wp-json\/wp\/v2\/types\/post"}],"author":[{"embeddable":true,"href":"https:\/\/www.tablaosflamencos.com\/it\/wp-json\/wp\/v2\/users\/1"}],"replies":[{"embeddable":true,"href":"https:\/\/www.tablaosflamencos.com\/it\/wp-json\/wp\/v2\/comments?post=15121"}],"version-history":[{"count":2,"href":"https:\/\/www.tablaosflamencos.com\/it\/wp-json\/wp\/v2\/posts\/15121\/revisions"}],"predecessor-version":[{"id":15138,"href":"https:\/\/www.tablaosflamencos.com\/it\/wp-json\/wp\/v2\/posts\/15121\/revisions\/15138"}],"wp:featuredmedia":[{"embeddable":true,"href":"https:\/\/www.tablaosflamencos.com\/it\/wp-json\/wp\/v2\/media\/15148"}],"wp:attachment":[{"href":"https:\/\/www.tablaosflamencos.com\/it\/wp-json\/wp\/v2\/media?parent=15121"}],"wp:term":[{"taxonomy":"category","embeddable":true,"href":"https:\/\/www.tablaosflamencos.com\/it\/wp-json\/wp\/v2\/categories?post=15121"},{"taxonomy":"post_tag","embeddable":true,"href":"https:\/\/www.tablaosflamencos.com\/it\/wp-json\/wp\/v2\/tags?post=15121"}],"curies":[{"name":"wp","href":"https:\/\/api.w.org\/{rel}","templated":true}]}}