{"id":15091,"date":"2026-09-06T16:39:25","date_gmt":"2026-09-06T14:39:25","guid":{"rendered":"https:\/\/www.tablaosflamencos.com\/?p=15091"},"modified":"2026-09-06T19:31:44","modified_gmt":"2026-09-06T17:31:44","slug":"festival-chitarra-pepe-romero-malaga-2026","status":"publish","type":"post","link":"https:\/\/www.tablaosflamencos.com\/it\/festival-chitarra-pepe-romero-malaga-2026.html","title":{"rendered":"Festival Internazionale di Chitarra Pepe Romero 2026 a Malaga: programma, artisti, concerti flamenco, sedi e biglietti"},"content":{"rendered":"<section class=\"l-section wpb_row height_huge\"><div class=\"l-section-h i-cf\"><div class=\"g-cols vc_row via_flex valign_top type_default stacking_default\"><div class=\"vc_col-sm-6 wpb_column vc_column_container\"><div class=\"vc_column-inner\"><div class=\"wpb_wrapper\"><div class=\"wpb_text_column\"><div class=\"wpb_wrapper\"><h2>Un mese di chitarra a Malaga con il flamenco come uno dei suoi grandi protagonisti<\/h2>\n<p>Il <strong>V Festival Internazionale di Chitarra di Malaga Pepe Romero 2026<\/strong> si svolge dal 4 al 30 settembre con quindici concerti distribuiti in quattro spazi della citt\u00e0. L\u2019edizione riunisce chitarra classica, musica spagnola, musica antica e flamenco, con una presenza particolarmente importante del toque flamenco attraverso il ciclo <strong>Trasnoches Flamencos<\/strong>.<\/p>\n<p>Il festival \u00e8 iniziato il 4 settembre con Alejandro Hurtado e Inmaculada Salom\u00f3n e prosegue per tutto il mese con nomi come El Amir, Pituquete ed Encarna Anillo, Daniel Casares, Jos\u00e9 Ferm\u00edn Fern\u00e1ndez, Joni Jim\u00e9nez e Jes\u00fas M\u00e9ndez, Ricardo Fern\u00e1ndez del Moral, Mabel Mill\u00e1n, Daniel Zapico o Pepe Romero. La chiusura arriver\u00e0 il 30 settembre al Teatro Cervantes.<\/p>\n<\/div><\/div><\/div><\/div><\/div><div class=\"vc_col-sm-6 wpb_column vc_column_container\"><div class=\"vc_column-inner\"><div class=\"wpb_wrapper\"><div class=\"wpb_text_column\"><div class=\"wpb_wrapper\"><h2>Informazioni essenziali sul festival<\/h2>\n<ul>\n<li><strong>Date:<\/strong> dal 4 al 30 settembre 2026.<\/li>\n<li><strong>Edizione:<\/strong> quinta.<\/li>\n<li><strong>Numero di concerti:<\/strong> 15.<\/li>\n<li><strong>Citt\u00e0:<\/strong> Malaga.<\/li>\n<li><strong>Organizzazione:<\/strong> European Guitar Foundation.<\/li>\n<li><strong>Direttore:<\/strong> Vicente Coves Merino.<\/li>\n<li><strong>Prezzi:<\/strong> tra 10 e 20 \u20ac a seconda del concerto.<\/li>\n<li><strong>Biglietti:<\/strong> MiEntrada per la maggior parte del programma; la chiusura al Teatro Cervantes \u00e8 venduta tramite UniEntradas.<\/li>\n<li><strong>Sedi:<\/strong> Alcazaba di Malaga, Sala Fundaci\u00f3n Unicaja Mar\u00eda Cristina, Centro Cultural Fundaci\u00f3n Unicaja di Malaga e Teatro Cervantes.<\/li>\n<\/ul>\n<\/div><\/div><\/div><\/div><\/div><\/div><\/div><\/section><section class=\"l-section wpb_row height_huge color_alternate with_shape\"><div class=\"l-section-shape type_zigzag pos_top\" style=\"height:3vmin;\"><svg xmlns=\"http:\/\/www.w3.org\/2000\/svg\" viewBox=\"0 0 64 8\" preserveAspectRatio=\"none\" width=\"100%\" height=\"100%\">\r\n\t<path fill=\"currentColor\" d=\"M64 8 L0 8 L0 0 L20 7.9 L40 3 L48 5 L64 0 Z\"\/>\r\n<\/svg><\/div><div class=\"l-section-shape type_zigzag pos_bottom\" style=\"height:3vmin;\"><svg xmlns=\"http:\/\/www.w3.org\/2000\/svg\" viewBox=\"0 0 64 8\" preserveAspectRatio=\"none\" width=\"100%\" height=\"100%\">\r\n\t<path fill=\"currentColor\" d=\"M64 8 L0 8 L0 0 L20 7.9 L40 3 L48 5 L64 0 Z\"\/>\r\n<\/svg><\/div><div class=\"l-section-h i-cf\"><div class=\"g-cols vc_row via_flex valign_top type_default stacking_default\"><div class=\"vc_col-sm-12 wpb_column vc_column_container\"><div class=\"vc_column-inner\"><div class=\"wpb_wrapper\"><div class=\"wpb_text_column\"><div class=\"wpb_wrapper\"><blockquote>\n<p><strong>Risposta rapida:<\/strong> il Festival Internazionale di Chitarra Pepe Romero 2026 si svolge a Malaga dal 4 al 30 settembre con 15 concerti. Il flamenco ha un ciclo dedicato, Trasnoches Flamencos, con Alejandro Hurtado e Inmaculada Salom\u00f3n, El Amir, Pituquete ed Encarna Anillo, Daniel Casares, Jos\u00e9 Ferm\u00edn Fern\u00e1ndez, Joni Jim\u00e9nez con Jes\u00fas M\u00e9ndez e Ricardo Fern\u00e1ndez del Moral. I biglietti costano tra 10 e 20 \u20ac. La maggior parte viene venduta su MiEntrada, mentre il concerto di chiusura di Pepe Romero con l\u2019Orquesta Filarm\u00f3nica de M\u00e1laga, al Teatro Cervantes, \u00e8 venduto tramite UniEntradas.<\/p>\n<\/blockquote>\n<\/div><\/div><\/div><\/div><\/div><\/div><\/div><\/section><section class=\"l-section wpb_row height_huge\"><div class=\"l-section-h i-cf\"><div class=\"g-cols vc_row via_flex valign_top type_default stacking_default\"><div class=\"vc_col-sm-3 wpb_column vc_column_container\"><div class=\"vc_column-inner\"><div class=\"wpb_wrapper\"><\/div><\/div><\/div><div class=\"vc_col-sm-6 wpb_column vc_column_container\"><div class=\"vc_column-inner\"><div class=\"wpb_wrapper\"><div class=\"wpb_text_column\"><div class=\"wpb_wrapper\"><h2>Contenuto di questa guida<\/h2>\n<ul>\n<li><a href=\"#programa\">Programma completo<\/a><\/li>\n<li><a href=\"#flamenco\">Concerti flamenco<\/a><\/li>\n<li><a href=\"#recomendaciones\">Quale concerto flamenco scegliere<\/a><\/li>\n<li><a href=\"#otros-conciertos\">Chitarra classica e altri concerti<\/a><\/li>\n<li><a href=\"#sedes\">Sedi e spazi<\/a><\/li>\n<li><a href=\"#entradas\">Biglietti e prezzi<\/a><\/li>\n<li><a href=\"#homenajes\">Omagi dell\u2019edizione 2026<\/a><\/li>\n<li><a href=\"#faq\">Domande frequenti<\/a><\/li>\n<\/ul>\n<\/div><\/div><\/div><\/div><\/div><div class=\"vc_col-sm-3 wpb_column vc_column_container\"><div class=\"vc_column-inner\"><div class=\"wpb_wrapper\"><\/div><\/div><\/div><\/div><\/div><\/section><section class=\"l-section wpb_row height_huge color_alternate with_shape\"><div class=\"l-section-shape type_zigzag pos_top\" style=\"height:3vmin;\"><svg xmlns=\"http:\/\/www.w3.org\/2000\/svg\" viewBox=\"0 0 64 8\" preserveAspectRatio=\"none\" width=\"100%\" height=\"100%\">\r\n\t<path fill=\"currentColor\" d=\"M64 8 L0 8 L0 0 L20 7.9 L40 3 L48 5 L64 0 Z\"\/>\r\n<\/svg><\/div><div class=\"l-section-shape type_zigzag pos_bottom\" style=\"height:3vmin;\"><svg xmlns=\"http:\/\/www.w3.org\/2000\/svg\" viewBox=\"0 0 64 8\" preserveAspectRatio=\"none\" width=\"100%\" height=\"100%\">\r\n\t<path fill=\"currentColor\" d=\"M64 8 L0 8 L0 0 L20 7.9 L40 3 L48 5 L64 0 Z\"\/>\r\n<\/svg><\/div><div class=\"l-section-h i-cf\"><div class=\"g-cols vc_row via_flex valign_top type_default stacking_default\"><div class=\"vc_col-sm-12 wpb_column vc_column_container\"><div class=\"vc_column-inner\"><div class=\"wpb_wrapper\"><div class=\"wpb_text_column\"><div class=\"wpb_wrapper\"><h2 id=\"programa\" style=\"text-align: center;\">Programma completo del Festival Internazionale di Chitarra Pepe Romero 2026<\/h2>\n<div style=\"overflow-x: auto;\">\n<table>\n<thead>\n<tr>\n<th>Data<\/th>\n<th>Ora<\/th>\n<th>Artista \/ programma<\/th>\n<th>Sede<\/th>\n<th>Prezzo<\/th>\n<\/tr>\n<\/thead>\n<tbody>\n<tr>\n<td>4 settembre<\/td>\n<td>19:30<\/td>\n<td>Alejandro Hurtado + Inmaculada Salom\u00f3n<\/td>\n<td>Sala Fundaci\u00f3n Unicaja Mar\u00eda Cristina<\/td>\n<td>12 \u20ac<\/td>\n<\/tr>\n<tr>\n<td>5 settembre<\/td>\n<td>21:30<\/td>\n<td>Jacob Kellerman con la chitarra Antonio de Torres di T\u00e1rrega del 1888<\/td>\n<td>Patio de Surtidores dell\u2019Alcazaba<\/td>\n<td>18 \u20ac<\/td>\n<\/tr>\n<tr>\n<td>6 settembre<\/td>\n<td>12:00<\/td>\n<td>Quinteto 1909<\/td>\n<td>Centro Cultural Fundaci\u00f3n Unicaja di Malaga<\/td>\n<td>15 \u20ac<\/td>\n<\/tr>\n<tr>\n<td>11 settembre<\/td>\n<td>19:30<\/td>\n<td>El Amir \u2013 Alma Flamenca<\/td>\n<td>Sala Fundaci\u00f3n Unicaja Mar\u00eda Cristina<\/td>\n<td>10 \u20ac<\/td>\n<\/tr>\n<tr>\n<td>12 settembre<\/td>\n<td>21:30<\/td>\n<td>Ausi\u00e0s Parejo \u2013 150 anni di Manuel de Falla<\/td>\n<td>Patio de Surtidores dell\u2019Alcazaba<\/td>\n<td>15 \u20ac<\/td>\n<\/tr>\n<tr>\n<td>13 settembre<\/td>\n<td>12:00<\/td>\n<td>Filip Miskovic<\/td>\n<td>Centro Cultural Fundaci\u00f3n Unicaja di Malaga<\/td>\n<td>10 \u20ac<\/td>\n<\/tr>\n<tr>\n<td>17 settembre<\/td>\n<td>21:30<\/td>\n<td>Pituquete + Encarna Anillo<\/td>\n<td>Patio de Surtidores dell\u2019Alcazaba<\/td>\n<td>15 \u20ac<\/td>\n<\/tr>\n<tr>\n<td>18 settembre<\/td>\n<td>21:30<\/td>\n<td>Mabel Mill\u00e1n<\/td>\n<td>Patio de Surtidores dell\u2019Alcazaba<\/td>\n<td>18 \u20ac<\/td>\n<\/tr>\n<tr>\n<td>19 settembre<\/td>\n<td>19:30<\/td>\n<td>Daniel Casares<\/td>\n<td>Sala Fundaci\u00f3n Unicaja Mar\u00eda Cristina<\/td>\n<td>12 \u20ac<\/td>\n<\/tr>\n<tr>\n<td>20 settembre<\/td>\n<td>12:00<\/td>\n<td>Daniel Zapico<\/td>\n<td>Centro Cultural Fundaci\u00f3n Unicaja di Malaga<\/td>\n<td>15 \u20ac<\/td>\n<\/tr>\n<tr>\n<td>24 settembre<\/td>\n<td>21:30<\/td>\n<td>Jos\u00e9 Ferm\u00edn Fern\u00e1ndez<\/td>\n<td>Patio de Surtidores dell\u2019Alcazaba<\/td>\n<td>15 \u20ac<\/td>\n<\/tr>\n<tr>\n<td>25 settembre<\/td>\n<td>19:30<\/td>\n<td>Joni Jim\u00e9nez + Jes\u00fas M\u00e9ndez<\/td>\n<td>Sala Fundaci\u00f3n Unicaja Mar\u00eda Cristina<\/td>\n<td>10 \u20ac<\/td>\n<\/tr>\n<tr>\n<td>26 settembre<\/td>\n<td>21:30<\/td>\n<td>Ricardo Fern\u00e1ndez del Moral<\/td>\n<td>Patio de Surtidores dell\u2019Alcazaba<\/td>\n<td>18 \u20ac<\/td>\n<\/tr>\n<tr>\n<td>27 settembre<\/td>\n<td>12:00<\/td>\n<td>Jos\u00e9 Luis Ruiz del Puerto<\/td>\n<td>Centro Cultural Fundaci\u00f3n Unicaja di Malaga<\/td>\n<td>10 \u20ac<\/td>\n<\/tr>\n<tr>\n<td>30 settembre<\/td>\n<td>20:00<\/td>\n<td>Pepe Romero + Orquesta Filarm\u00f3nica de M\u00e1laga + Jos\u00e9 Mar\u00eda Moreno<\/td>\n<td>Teatro Cervantes<\/td>\n<td>20 \u20ac<\/td>\n<\/tr>\n<\/tbody>\n<\/table>\n<\/div>\n<p>Il concerto inaugurale del giorno 4 si \u00e8 gi\u00e0 svolto. Al 5 settembre, la biglietteria indica come <strong>esauriti<\/strong> i biglietti per Jacob Kellerman, previsto per questa sera, e per Ausi\u00e0s Parejo il giorno 12. La disponibilit\u00e0 degli altri concerti pu\u00f2 cambiare, quindi conviene verificarla prima di spostarsi.<\/p>\n<\/div><\/div><\/div><\/div><\/div><\/div><\/div><\/section><section class=\"l-section wpb_row height_huge\"><div class=\"l-section-h i-cf\"><div class=\"g-cols vc_row via_flex valign_top type_default stacking_default\"><div class=\"vc_col-sm-6 wpb_column vc_column_container\"><div class=\"vc_column-inner\"><div class=\"wpb_wrapper\"><div class=\"wpb_text_column\"><div class=\"wpb_wrapper\"><h2 id=\"flamenco\">Trasnoches Flamencos: sette appuntamenti con il toque protagonista<\/h2>\n<p>La parte pi\u00f9 direttamente legata al flamenco si concentra in <strong>Trasnoches Flamencos<\/strong>, un ciclo che esplora diversi modi di intendere la chitarra: accompagnamento alla danza, concerto solista, dialogo con il canto e proposte aperte ad altre musiche.<\/p>\n<h3>4 settembre: Alejandro Hurtado + Inmaculada Salom\u00f3n<\/h3>\n<p>Il festival si \u00e8 aperto con <strong>Alejandro Hurtado<\/strong>, chitarrista premiato con il Bord\u00f3n Minero, insieme a <strong>Inmaculada Salom\u00f3n<\/strong>, prima ballerina del Ballet Nacional de Espa\u00f1a. \u00c8 stato l\u2019unico appuntamento del ciclo chiaramente concepito attorno all\u2019incontro tra chitarra e danza. Il concerto si \u00e8 gi\u00e0 svolto e i biglietti sono andati esauriti.<\/p>\n<h3>11 settembre: El Amir \u2013 Alma Flamenca<\/h3>\n<p><em>El Amir<\/em>, chitarrista, compositore e polistrumentista, presenta una proposta flamenca caratterizzata dall\u2019ampiezza musicale e dall\u2019esperienza internazionale. \u00c8 noto anche per aver preso parte alle tourn\u00e9e di Hans Zimmer. Il recital si tiene alle 19:30 nella Sala Fundaci\u00f3n Unicaja Mar\u00eda Cristina e costa 10 \u20ac.<\/p>\n<\/div><\/div><\/div><\/div><\/div><div class=\"vc_col-sm-6 wpb_column vc_column_container\"><div class=\"vc_column-inner\"><div class=\"wpb_wrapper\"><div class=\"wpb_text_column\"><div class=\"wpb_wrapper\"><h3>17 settembre: Pituquete + Encarna Anillo<\/h3>\n<p>Il chitarrista <strong>Pituquete<\/strong> arriva al Patio de Surtidores dell\u2019Alcazaba accompagnato dalla cantaora <strong>Encarna Anillo<\/strong> come artista ospite. L\u2019organizzazione presenta l\u2019incontro attraverso il legame tra flamenco, radici latinoamericane e una voce musicale personale. Prezzo: 15 \u20ac.<\/p>\n<h3>19 settembre: Daniel Casares<\/h3>\n<p>Uno dei nomi della chitarra flamenca malague\u00f1a con maggiore proiezione internazionale. <strong>Daniel Casares<\/strong> si esibir\u00e0 alle 19:30 nella Sala Fundaci\u00f3n Unicaja Mar\u00eda Cristina. Per chi cerca un recital incentrato sulla chitarra flamenca da concerto e su un artista strettamente legato a Malaga, \u00e8 una delle date pi\u00f9 interessanti del programma. Prezzo: 12 \u20ac.<\/p>\n<h3>24 settembre: Jos\u00e9 Ferm\u00edn Fern\u00e1ndez<\/h3>\n<p>Il granadino <strong>Jos\u00e9 Ferm\u00edn Fern\u00e1ndez<\/strong> rappresenta una generazione di chitarristi che combina una tecnica molto sviluppata con composizione propria e linguaggio contemporaneo. Si esibir\u00e0 alle 21:30 all\u2019Alcazaba. Prezzo: 15 \u20ac.<\/p>\n<\/div><\/div><\/div><\/div><\/div><\/div><\/div><\/section><section class=\"l-section wpb_row height_huge color_alternate with_shape\"><div class=\"l-section-shape type_zigzag pos_top\" style=\"height:3vmin;\"><svg xmlns=\"http:\/\/www.w3.org\/2000\/svg\" viewBox=\"0 0 64 8\" preserveAspectRatio=\"none\" width=\"100%\" height=\"100%\">\r\n\t<path fill=\"currentColor\" d=\"M64 8 L0 8 L0 0 L20 7.9 L40 3 L48 5 L64 0 Z\"\/>\r\n<\/svg><\/div><div class=\"l-section-shape type_zigzag pos_bottom\" style=\"height:3vmin;\"><svg xmlns=\"http:\/\/www.w3.org\/2000\/svg\" viewBox=\"0 0 64 8\" preserveAspectRatio=\"none\" width=\"100%\" height=\"100%\">\r\n\t<path fill=\"currentColor\" d=\"M64 8 L0 8 L0 0 L20 7.9 L40 3 L48 5 L64 0 Z\"\/>\r\n<\/svg><\/div><div class=\"l-section-h i-cf\"><div class=\"g-cols vc_row via_flex valign_top type_default stacking_default\"><div class=\"vc_col-sm-6 wpb_column vc_column_container\"><div class=\"vc_column-inner\"><div class=\"wpb_wrapper\"><div class=\"wpb_text_column\"><div class=\"wpb_wrapper\"><h3>25 settembre: Joni Jim\u00e9nez + Jes\u00fas M\u00e9ndez<\/h3>\n<p>L\u2019appuntamento del 25 combina due elementi essenziali del flamenco tradizionale: toque e canto. <strong>Joni Jim\u00e9nez<\/strong>, vincitore del Bord\u00f3n Minero, sar\u00e0 accompagnato da <strong>Jes\u00fas M\u00e9ndez<\/strong>, uno dei cantaores di riferimento della sua generazione. Il concerto si tiene alle 19:30 nella Sala Fundaci\u00f3n Unicaja Mar\u00eda Cristina e, con un prezzo di 10 \u20ac, \u00e8 uno dei biglietti pi\u00f9 economici del ciclo.<\/p>\n<h3>26 settembre: Ricardo Fern\u00e1ndez del Moral<\/h3>\n<p>La chiusura di Trasnoches Flamencos \u00e8 affidata a <strong>Ricardo Fern\u00e1ndez del Moral<\/strong>, una figura singolare perch\u00e9 riunisce canto e chitarra nello stesso interprete. L\u2019organizzazione lo presenta come l\u2019unico vincitore sia della L\u00e1mpara Minera sia dei cinque premi di canto di La Uni\u00f3n. Il recital sar\u00e0 alle 21:30 nel Patio de Surtidores dell\u2019Alcazaba. Prezzo: 18 \u20ac.<\/p>\n<\/div><\/div><\/div><\/div><\/div><div class=\"vc_col-sm-6 wpb_column vc_column_container\"><div class=\"vc_column-inner\"><div class=\"wpb_wrapper\"><div class=\"wpb_text_column\"><div class=\"wpb_wrapper\"><h2 id=\"recomendaciones\">Quale concerto flamenco scegliere<\/h2>\n<p>Non tutti i concerti di Trasnoches Flamencos offrono la stessa esperienza. Se puoi assistere a uno solo, queste sono le nostre raccomandazioni:<\/p>\n<ul>\n<li><strong>Per ascoltare chitarra flamenca da concerto:<\/strong> Daniel Casares, il 19 settembre.<\/li>\n<li><strong>Per un recital di canto e chitarra:<\/strong> Joni Jim\u00e9nez con Jes\u00fas M\u00e9ndez, il 25.<\/li>\n<li><strong>Per un\u2019esperienza davvero singolare:<\/strong> Ricardo Fern\u00e1ndez del Moral, cantando e accompagnandosi da solo alla chitarra, il 26.<\/li>\n<li><strong>Per scoprire la chitarra flamenca contemporanea:<\/strong> Jos\u00e9 Ferm\u00edn Fern\u00e1ndez, il 24.<\/li>\n<li><strong>Per una proposta aperta e meticcia:<\/strong> El Amir, l\u201911.<\/li>\n<li><strong>Per ascoltare chitarra con canto ospite:<\/strong> Pituquete ed Encarna Anillo, il 17.<\/li>\n<\/ul>\n<p>Chi cerca specificamente la danza deve tenere presente che l\u2019appuntamento di Alejandro Hurtado e Inmaculada Salom\u00f3n si \u00e8 gi\u00e0 svolto il 4 settembre.<\/p>\n<\/div><\/div><\/div><\/div><\/div><\/div><\/div><\/section><section class=\"l-section wpb_row height_huge\"><div class=\"l-section-h i-cf\"><div class=\"g-cols vc_row via_flex valign_top type_default stacking_default\"><div class=\"vc_col-sm-6 wpb_column vc_column_container\"><div class=\"vc_column-inner\"><div class=\"wpb_wrapper\"><div class=\"wpb_text_column\"><div class=\"wpb_wrapper\"><h2 id=\"otros-conciertos\">Oltre il flamenco: chitarra classica, musica spagnola e repertori storici<\/h2>\n<p>Il festival non \u00e8 esclusivamente flamenco. La sua identit\u00e0 ruota attorno alla chitarra spagnola in senso ampio.<\/p>\n<p>Il 5 settembre, <strong>Jacob Kellerman<\/strong> suona una chitarra Antonio de Torres del 1888 legata a Francisco T\u00e1rrega. La particolarit\u00e0 non risiede solo nel repertorio, ma nell\u2019ascolto di uno strumento storico di enorme valore simbolico. I biglietti risultano esauriti.<\/p>\n<p>Il 6, <strong>Quinteto 1909<\/strong> presenta <em>5 chitarre e un cuore<\/em>, in memoria di \u00c1ngel G. Pi\u00f1ero. Il 12, <strong>Ausi\u00e0s Parejo<\/strong> dedica il suo recital al 150\u00ba anniversario di Manuel de Falla; anche questi biglietti risultano esauriti.<\/p>\n<p>Il 13 si esibisce <strong>Filip Miskovic<\/strong>, vincitore del 40\u00ba Certamen Internacional Andr\u00e9s Segovia de La Herradura, nell\u2019ambito dell\u2019impegno del festival verso i giovani interpreti.<\/p>\n<\/div><\/div><\/div><\/div><\/div><div class=\"vc_col-sm-6 wpb_column vc_column_container\"><div class=\"vc_column-inner\"><div class=\"wpb_wrapper\"><div class=\"wpb_text_column\"><div class=\"wpb_wrapper\"><p>Il 18, <strong>Mabel Mill\u00e1n<\/strong>, vincitrice di un Latin Grammy nel 2017, presenta un programma di musica spagnola. Il 20, <strong>Daniel Zapico<\/strong> porta il suono della musica antica, ampliando lo sguardo oltre la chitarra moderna.<\/p>\n<p>Il 27, <strong>Jos\u00e9 Luis Ruiz del Puerto<\/strong>, nominato ai Latin Grammy nel 2025, propone un programma incentrato sulle compositrici e sull\u2019omaggio a Mar\u00eda Luisa Anido.<\/p>\n<p>La grande chiusura arriva il 30 settembre con <strong>Pepe Romero<\/strong>, l\u2019 <strong>Orquesta Filarm\u00f3nica de M\u00e1laga<\/strong> e il direttore <strong>Jos\u00e9 Mar\u00eda Moreno<\/strong>. Il programma unisce il <em>Concierto de Aranjuez<\/em> di Joaqu\u00edn Rodrigo alla musica da film di John Williams. Sar\u00e0 alle 20:00 al Teatro Cervantes, con biglietti da 20 \u20ac.<\/p>\n<\/div><\/div><\/div><\/div><\/div><\/div><\/div><\/section><section class=\"l-section wpb_row height_huge color_alternate with_shape\"><div class=\"l-section-shape type_zigzag pos_top hor_flip\" style=\"height:3vmin;\"><svg xmlns=\"http:\/\/www.w3.org\/2000\/svg\" viewBox=\"0 0 64 8\" preserveAspectRatio=\"none\" width=\"100%\" height=\"100%\">\r\n\t<path fill=\"currentColor\" d=\"M64 8 L0 8 L0 0 L20 7.9 L40 3 L48 5 L64 0 Z\"\/>\r\n<\/svg><\/div><div class=\"l-section-shape type_zigzag pos_bottom\" style=\"height:3vmin;\"><svg xmlns=\"http:\/\/www.w3.org\/2000\/svg\" viewBox=\"0 0 64 8\" preserveAspectRatio=\"none\" width=\"100%\" height=\"100%\">\r\n\t<path fill=\"currentColor\" d=\"M64 8 L0 8 L0 0 L20 7.9 L40 3 L48 5 L64 0 Z\"\/>\r\n<\/svg><\/div><div class=\"l-section-h i-cf\"><div class=\"g-cols vc_row via_flex valign_top type_default stacking_default\"><div class=\"vc_col-sm-6 wpb_column vc_column_container\"><div class=\"vc_column-inner\"><div class=\"wpb_wrapper\"><div class=\"wpb_text_column\"><div class=\"wpb_wrapper\"><h2 id=\"sedes\">Le quattro sedi del festival<\/h2>\n<h3>Patio de Surtidores dell\u2019Alcazaba di Malaga<\/h3>\n<p>\u00c8 lo scenario pi\u00f9 monumentale del programma. La combinazione di architettura storica, notte e chitarra rende gli appuntamenti dell\u2019Alcazaba alcune delle esperienze pi\u00f9 speciali del festival. Per i concerti, MiEntrada indica l\u2019accesso da <strong>calle Guill\u00e9n Sotelo, 1<\/strong>, accanto alla porta dell\u2019ascensore dell\u2019Alcazaba.<\/p>\n<h3>Sala Fundaci\u00f3n Unicaja Mar\u00eda Cristina<\/h3>\n<p>Situata in <strong>calle Marqu\u00e9s de Valdeca\u00f1as, 2<\/strong>, ospita gran parte del programma flamenco: El Amir, Daniel Casares e Joni Jim\u00e9nez con Jes\u00fas M\u00e9ndez, oltre all\u2019inaugurazione con Alejandro Hurtado e Inmaculada Salom\u00f3n.<\/p>\n<p>Il formato da sala da concerto favorisce un ascolto ravvicinato, particolarmente importante nei recital in cui i dettagli del toque e del canto sono protagonisti.<\/p>\n<\/div><\/div><\/div><\/div><\/div><div class=\"vc_col-sm-6 wpb_column vc_column_container\"><div class=\"vc_column-inner\"><div class=\"wpb_wrapper\"><div class=\"wpb_text_column\"><div class=\"wpb_wrapper\"><h3>Centro Cultural Fundaci\u00f3n Unicaja di Malaga<\/h3>\n<p>In <strong>Plaza del Obispo, 6<\/strong>, di fronte alla Cattedrale, si tengono i concerti mattutini di Quinteto 1909, Filip Miskovic, Daniel Zapico e Jos\u00e9 Luis Ruiz del Puerto. \u00c8 la sede associata alla programmazione delle 12:00.<\/p>\n<h3>Teatro Cervantes<\/h3>\n<p>La chiusura si sposta nel principale teatro della citt\u00e0, in <strong>calle Ramos Mar\u00edn, s\/n<\/strong>. L\u00ec si esibiranno Pepe Romero, l\u2019Orquesta Filarm\u00f3nica de M\u00e1laga e Jos\u00e9 Mar\u00eda Moreno il 30 settembre.<\/p>\n<p>La distribuzione del festival permette di combinare sale storiche, patrimonio all\u2019aperto e un grande teatro. Se hai intenzione di assistere a pi\u00f9 date, conviene verificare la sede di ogni concerto: non esiste un unico luogo per tutto il festival.<\/p>\n<\/div><\/div><\/div><\/div><\/div><\/div><\/div><\/section><section class=\"l-section wpb_row height_huge\"><div class=\"l-section-h i-cf\"><div class=\"g-cols vc_row via_flex valign_top type_default stacking_default\"><div class=\"vc_col-sm-6 wpb_column vc_column_container\"><div class=\"vc_column-inner\"><div class=\"wpb_wrapper\"><div class=\"wpb_text_column\"><div class=\"wpb_wrapper\"><h2 id=\"entradas\">Biglietti: prezzi, vendita e concerti esauriti<\/h2>\n<p>I biglietti sono relativamente accessibili per un festival di queste caratteristiche: la fascia generale va da <strong>10 a 20 \u20ac<\/strong>.<\/p>\n<p>La maggior parte del programma \u00e8 venduta tramite <a href=\"https:\/\/www.mientrada.net\/eventos\/categoria\/pepe-romero-guitar-festival-malaga\/\" target=\"_blank\" rel=\"noopener\">MiEntrada<\/a>. La chiusura del 30 settembre al Teatro Cervantes \u00e8 collegata dal sito ufficiale a <a href=\"https:\/\/www.unientradas.es\/\" target=\"_blank\" rel=\"noopener\">UniEntradas<\/a>.<\/p>\n<p>Al 5 settembre, MiEntrada indica come esauriti:<\/p>\n<ul>\n<li>Jacob Kellerman, 5 settembre.<\/li>\n<li>Ausi\u00e0s Parejo, 12 settembre.<\/li>\n<\/ul>\n<p>Anche il concerto inaugurale di Alejandro Hurtado e Inmaculada Salom\u00f3n, tenutosi il 4, ha registrato il tutto esaurito.<\/p>\n<\/div><\/div><\/div><\/div><\/div><div class=\"vc_col-sm-6 wpb_column vc_column_container\"><div class=\"vc_column-inner\"><div class=\"wpb_wrapper\"><div class=\"wpb_text_column\"><div class=\"wpb_wrapper\"><h2>Conviene acquistare in anticipo?<\/h2>\n<p>S\u00ec. Anche se diversi appuntamenti mantengono prezzi di 10, 12 o 15 \u20ac, i primi sold out mostrano che la capienza di alcuni spazi \u00e8 limitata e che determinate proposte generano una domanda elevata.<\/p>\n<p>Consigliamo di acquistare esclusivamente dal <a href=\"https:\/\/www.malagaguitarfestival.com\/\" target=\"_blank\" rel=\"noopener\">sito ufficiale del Festival Internazionale di Chitarra di Malaga Pepe Romero<\/a> o dalle piattaforme di biglietteria indicate dall\u2019organizzazione. Verifica sempre data, ora e sede prima di completare il pagamento.<\/p>\n<p>Se un concerto risulta esaurito, evita di acquistare biglietti da sconosciuti o attraverso canali non autorizzati. L\u2019organizzazione pu\u00f2 aggiornare la disponibilit\u00e0, ma la rivendita informale comporta rischi inutili.<\/p>\n<\/div><\/div><\/div><\/div><\/div><\/div><\/div><\/section><section class=\"l-section wpb_row height_huge color_alternate with_shape\"><div class=\"l-section-shape type_zigzag pos_top\" style=\"height:3vmin;\"><svg xmlns=\"http:\/\/www.w3.org\/2000\/svg\" viewBox=\"0 0 64 8\" preserveAspectRatio=\"none\" width=\"100%\" height=\"100%\">\r\n\t<path fill=\"currentColor\" d=\"M64 8 L0 8 L0 0 L20 7.9 L40 3 L48 5 L64 0 Z\"\/>\r\n<\/svg><\/div><div class=\"l-section-shape type_zigzag pos_bottom\" style=\"height:3vmin;\"><svg xmlns=\"http:\/\/www.w3.org\/2000\/svg\" viewBox=\"0 0 64 8\" preserveAspectRatio=\"none\" width=\"100%\" height=\"100%\">\r\n\t<path fill=\"currentColor\" d=\"M64 8 L0 8 L0 0 L20 7.9 L40 3 L48 5 L64 0 Z\"\/>\r\n<\/svg><\/div><div class=\"l-section-h i-cf\"><div class=\"g-cols vc_row via_flex valign_top type_default stacking_default\"><div class=\"vc_col-sm-6 wpb_column vc_column_container\"><div class=\"vc_column-inner\"><div class=\"wpb_wrapper\"><div class=\"wpb_text_column\"><div class=\"wpb_wrapper\"><h2 id=\"homenajes\">Un\u2019edizione dedicata a Joaqu\u00edn Rodrigo, Cel\u00edn Romero e \u00c1ngel Romero<\/h2>\n<p>La quinta edizione ha una forte componente commemorativa. Il festival rende omaggio a <strong>Joaqu\u00edn Rodrigo<\/strong> per il 125\u00ba anniversario della nascita e a due membri fondatori del Quartetto Romero: <strong>Cel\u00edn Romero<\/strong>, nel 90\u00ba anniversario della nascita, e <strong>\u00c1ngel Romero<\/strong>, che compie 80 anni.<\/p>\n<p>Il concerto di chiusura riassume questo approccio. Pepe Romero interpreta il <em>Concierto de Aranjuez<\/em>, una delle opere pi\u00f9 universali scritte per chitarra e orchestra, accompagnato dall\u2019Orquesta Filarm\u00f3nica de M\u00e1laga sotto la direzione di Jos\u00e9 Mar\u00eda Moreno.<\/p>\n<p>Il programma si completa con musica cinematografica di John Williams ed \u00e8 collegato anche al 250\u00ba anniversario dell\u2019indipendenza degli Stati Uniti.<\/p>\n<\/div><\/div><\/div><\/div><\/div><div class=\"vc_col-sm-6 wpb_column vc_column_container\"><div class=\"vc_column-inner\"><div class=\"wpb_wrapper\"><div class=\"wpb_text_column\"><div class=\"wpb_wrapper\"><h2>Perch\u00e9 il festival \u00e8 particolarmente interessante per gli appassionati di flamenco<\/h2>\n<p>I festival di chitarra possono talvolta essere separati per generi. A Malaga, invece, il programma colloca la chitarra classica e quella flamenca all\u2019interno dello stesso racconto sulla chitarra spagnola.<\/p>\n<p>Questo permette di ascoltare in poche settimane approcci molto diversi: il toque solista di Daniel Casares, il rapporto tra chitarra e canto di Joni Jim\u00e9nez e Jes\u00fas M\u00e9ndez, l\u2019autonomia di un artista che canta e suona come Ricardo Fern\u00e1ndez del Moral, la chitarra contemporanea di Jos\u00e9 Ferm\u00edn Fern\u00e1ndez o uno strumento storico associato a T\u00e1rrega nelle mani di Jacob Kellerman.<\/p>\n<p>Chi visita Malaga e vuole completare il festival con un\u2019esperienza flamenca regolare pu\u00f2 consultare la nostra guida al <a href=\"https:\/\/www.tablaosflamencos.com\/flamenco-en-malaga\">flamenco a Malaga<\/a>, con spettacoli e tablaos disponibili in citt\u00e0.<\/p>\n<\/div><\/div><\/div><\/div><\/div><\/div><\/div><\/section><section class=\"l-section wpb_row height_huge\"><div class=\"l-section-h i-cf\"><div class=\"g-cols vc_row via_flex valign_top type_default stacking_default\"><div class=\"vc_col-sm-6 wpb_column vc_column_container\"><div class=\"vc_column-inner\"><div class=\"wpb_wrapper\"><div class=\"wpb_text_column\"><div class=\"wpb_wrapper\"><h2>Come organizzare una visita al festival<\/h2>\n<p>Se viaggi appositamente per il festival, il primo passo \u00e8 scegliere concerto e sede prima di prenotare altri programmi. Gli appuntamenti sono distribuiti nel centro di Malaga e hanno orari molto diversi: alcuni iniziano alle 12:00, altri alle 19:30, 20:00 o 21:30.<\/p>\n<p>Per i concerti dell\u2019Alcazaba conviene arrivare con anticipo e seguire le indicazioni specifiche di accesso pubblicate dalla biglietteria. Per i concerti serali, prenotare in anticipo evita di dipendere dalla disponibilit\u00e0 dell\u2019ultimo momento.<\/p>\n<p>Se la tua priorit\u00e0 \u00e8 il flamenco, la seconda met\u00e0 del mese concentra particolarmente bene il programma: tra il 17 e il 26 settembre si susseguono Pituquete ed Encarna Anillo, Daniel Casares, Jos\u00e9 Ferm\u00edn Fern\u00e1ndez, Joni Jim\u00e9nez con Jes\u00fas M\u00e9ndez e Ricardo Fern\u00e1ndez del Moral.<\/p>\n<\/div><\/div><\/div><\/div><\/div><div class=\"vc_col-sm-6 wpb_column vc_column_container\"><div class=\"vc_column-inner\"><div class=\"wpb_wrapper\"><div class=\"wpb_text_column\"><div class=\"wpb_wrapper\"><h2>Un\u2019opportunit\u00e0 per scoprire Malaga attraverso la chitarra<\/h2>\n<p>La distribuzione delle sedi permette al festival di funzionare anche come percorso culturale. L\u2019Alcazaba colloca la chitarra all\u2019interno di uno dei grandi monumenti della citt\u00e0; il Centro Cultural Fundaci\u00f3n Unicaja la porta in Plaza del Obispo; Mar\u00eda Cristina offre una sala storica; e il Teatro Cervantes riserva il formato sinfonico alla chiusura.<\/p>\n<p>Questa diversit\u00e0 trasforma il festival in qualcosa di pi\u00f9 di una successione di recital. La citt\u00e0 fa parte dell\u2019esperienza e il programma invita sia gli appassionati esperti sia i visitatori che vogliono avvicinarsi per la prima volta alla chitarra spagnola.<\/p>\n<p>Il fatto che i biglietti partano da 10 \u20ac rende facile combinare pi\u00f9 appuntamenti e confrontare linguaggi musicali molto diversi all\u2019interno della stessa edizione.<\/p>\n<\/div><\/div><\/div><\/div><\/div><\/div><\/div><\/section><section class=\"l-section wpb_row height_huge color_alternate with_shape\"><div class=\"l-section-shape type_zigzag pos_top hor_flip\" style=\"height:3vmin;\"><svg xmlns=\"http:\/\/www.w3.org\/2000\/svg\" viewBox=\"0 0 64 8\" preserveAspectRatio=\"none\" width=\"100%\" height=\"100%\">\r\n\t<path fill=\"currentColor\" d=\"M64 8 L0 8 L0 0 L20 7.9 L40 3 L48 5 L64 0 Z\"\/>\r\n<\/svg><\/div><div class=\"l-section-shape type_zigzag pos_bottom\" style=\"height:3vmin;\"><svg xmlns=\"http:\/\/www.w3.org\/2000\/svg\" viewBox=\"0 0 64 8\" preserveAspectRatio=\"none\" width=\"100%\" height=\"100%\">\r\n\t<path fill=\"currentColor\" d=\"M64 8 L0 8 L0 0 L20 7.9 L40 3 L48 5 L64 0 Z\"\/>\r\n<\/svg><\/div><div class=\"l-section-h i-cf\"><div class=\"g-cols vc_row via_flex valign_top type_default stacking_default\"><div class=\"vc_col-sm-12 wpb_column vc_column_container\"><div class=\"vc_column-inner\"><div class=\"wpb_wrapper\"><div class=\"wpb_text_column\"><div class=\"wpb_wrapper\"><h2 style=\"text-align: center;\">Riepilogo pratico<\/h2>\n<div style=\"overflow-x: auto;\">\n<table>\n<thead>\n<tr>\n<th>Domanda<\/th>\n<th>Risposta<\/th>\n<\/tr>\n<\/thead>\n<tbody>\n<tr>\n<td>Quando si svolge?<\/td>\n<td>Dal 4 al 30 settembre 2026.<\/td>\n<\/tr>\n<tr>\n<td>Quanti concerti ci sono?<\/td>\n<td>15.<\/td>\n<\/tr>\n<tr>\n<td>Quanti concerti flamenco include?<\/td>\n<td>Sette nel ciclo Trasnoches Flamencos.<\/td>\n<\/tr>\n<tr>\n<td>Quanto costano i biglietti?<\/td>\n<td>Tra 10 e 20 \u20ac.<\/td>\n<\/tr>\n<tr>\n<td>Dove si acquistano?<\/td>\n<td>Principalmente su MiEntrada; la chiusura tramite UniEntradas.<\/td>\n<\/tr>\n<tr>\n<td>Quali concerti sono esauriti?<\/td>\n<td>Al 5 settembre: Jacob Kellerman e Ausi\u00e0s Parejo; anche l\u2019apertura del 4 ha registrato il tutto esaurito.<\/td>\n<\/tr>\n<tr>\n<td>Dove si svolge?<\/td>\n<td>Alcazaba, Sala Fundaci\u00f3n Unicaja Mar\u00eda Cristina, Centro Cultural Fundaci\u00f3n Unicaja di Malaga e Teatro Cervantes.<\/td>\n<\/tr>\n<tr>\n<td>Chi chiude il festival?<\/td>\n<td>Pepe Romero con l\u2019Orquesta Filarm\u00f3nica de M\u00e1laga e Jos\u00e9 Mar\u00eda Moreno.<\/td>\n<\/tr>\n<\/tbody>\n<\/table>\n<\/div>\n<\/div><\/div><\/div><\/div><\/div><\/div><\/div><\/section><section class=\"l-section wpb_row height_huge\"><div class=\"l-section-h i-cf\"><div class=\"g-cols vc_row via_flex valign_top type_default stacking_default\"><div class=\"vc_col-sm-12 wpb_column vc_column_container\"><div class=\"vc_column-inner\"><div class=\"wpb_wrapper\"><div class=\"wpb_text_column\"><div class=\"wpb_wrapper\"><h2>Un festival per ascoltare la chitarra attraverso mondi diversi<\/h2>\n<p>Il Pepe Romero Guitar Festival M\u00e1laga 2026 riunisce in meno di un mese strumenti storici, giovani interpreti, grandi nomi della chitarra spagnola e un ciclo flamenco con una propria identit\u00e0. Per il pubblico di Tablaos Flamencos, l\u2019attrazione principale risiede nella continuit\u00e0 di Trasnoches Flamencos e nella variet\u00e0 di formati proposti.<\/p>\n<p>Daniel Casares offre il grande appuntamento di chitarra flamenca solista; Joni Jim\u00e9nez e Jes\u00fas M\u00e9ndez uniscono toque e canto; Ricardo Fern\u00e1ndez del Moral porta entrambi i linguaggi in una sola persona; Jos\u00e9 Ferm\u00edn Fern\u00e1ndez rappresenta uno sguardo contemporaneo; El Amir e Pituquete aprono il programma ad altre connessioni musicali.<\/p>\n<p>La chiusura di Pepe Romero completa l\u2019arco del festival da un\u2019altra tradizione chitarristica. Malaga utilizza cos\u00ec quattro spazi emblematici per ricordare che la chitarra spagnola non appartiene a un\u2019unica estetica e che il flamenco \u00e8 una parte essenziale della sua ricchezza.<\/p>\n<\/div><\/div><div class=\"w-separator size_medium\"><\/div><div class=\"w-hwrapper valign_top wrap align_center\" style=\"--hwrapper-gap:1.2rem\"><div class=\"w-btn-wrapper align_none\"><a class=\"w-btn us-btn-style_1\" href=\"\/?page_id=8784\"><span class=\"w-btn-label\">Vedere flamenco a Malaga<\/span><\/a><\/div><div class=\"w-btn-wrapper align_none\"><a class=\"w-btn us-btn-style_1\" href=\"\/tablaos-flamencos\"><span class=\"w-btn-label\">Scoprire i tablaos flamencos<\/span><\/a><\/div><\/div><\/div><\/div><\/div><\/div><\/div><\/section><section class=\"l-section wpb_row height_huge color_alternate with_shape\"><div class=\"l-section-shape type_zigzag pos_top\" style=\"height:3vmin;\"><svg xmlns=\"http:\/\/www.w3.org\/2000\/svg\" viewBox=\"0 0 64 8\" preserveAspectRatio=\"none\" width=\"100%\" height=\"100%\">\r\n\t<path fill=\"currentColor\" d=\"M64 8 L0 8 L0 0 L20 7.9 L40 3 L48 5 L64 0 Z\"\/>\r\n<\/svg><\/div><div class=\"l-section-h i-cf\"><div class=\"g-cols vc_row via_flex valign_top type_default stacking_default\"><div class=\"vc_col-sm-1\/5 wpb_column vc_column_container\"><div class=\"vc_column-inner\"><div class=\"wpb_wrapper\"><\/div><\/div><\/div><div class=\"vc_col-sm-3\/5 wpb_column vc_column_container\"><div class=\"vc_column-inner\"><div class=\"wpb_wrapper\"><div class=\"wpb_text_column\"><div class=\"wpb_wrapper\"><h2 id=\"faq\">Domande frequenti sul Festival Internazionale di Chitarra Pepe Romero 2026<\/h2>\n<\/div><\/div><div class=\"w-separator size_medium\"><\/div><div class=\"w-tabs accordion toggle_style_1 has_scrolling\" style=\"--sections-title-size:inherit;--sections-gap:0.5rem;\"><div class=\"w-tabs-sections titles-align_none icon_chevron cpos_right\"><div class=\"w-tabs-section\" id=\"g3eb\"><button type=\"button\" class=\"w-tabs-section-header\" aria-controls=\"content-g3eb\" aria-expanded=\"false\"><div class=\"w-tabs-section-title\">Quando si svolge il Festival Internazionale di Chitarra Pepe Romero 2026?<\/div><div class=\"w-tabs-section-control\"><\/div><\/button><div  class=\"w-tabs-section-content\" id=\"content-g3eb\"><div class=\"w-tabs-section-content-h i-cf\"><div class=\"wpb_text_column\"><div class=\"wpb_wrapper\"><p>La quinta edizione si svolge a Malaga dal 4 al 30 settembre 2026.<\/p>\n<\/div><\/div><\/div><\/div><\/div><div class=\"w-tabs-section\" id=\"e53b\"><button type=\"button\" class=\"w-tabs-section-header\" aria-controls=\"content-e53b\" aria-expanded=\"false\"><div class=\"w-tabs-section-title\">Quanti concerti ha il festival?<\/div><div class=\"w-tabs-section-control\"><\/div><\/button><div  class=\"w-tabs-section-content\" id=\"content-e53b\"><div class=\"w-tabs-section-content-h i-cf\"><div class=\"wpb_text_column\"><div class=\"wpb_wrapper\"><p>Il programma ufficiale \u00e8 composto da 15 concerti distribuiti durante il mese di settembre.<\/p>\n<\/div><\/div><\/div><\/div><\/div><div class=\"w-tabs-section\" id=\"s648\"><button type=\"button\" class=\"w-tabs-section-header\" aria-controls=\"content-s648\" aria-expanded=\"false\"><div class=\"w-tabs-section-title\">Quali concerti flamenco ci sono al Pepe Romero Guitar Festival?<\/div><div class=\"w-tabs-section-control\"><\/div><\/button><div  class=\"w-tabs-section-content\" id=\"content-s648\"><div class=\"w-tabs-section-content-h i-cf\"><div class=\"wpb_text_column\"><div class=\"wpb_wrapper\"><p>Il ciclo Trasnoches Flamencos comprende Alejandro Hurtado e Inmaculada Salom\u00f3n, El Amir, Pituquete con Encarna Anillo, Daniel Casares, Jos\u00e9 Ferm\u00edn Fern\u00e1ndez, Joni Jim\u00e9nez con Jes\u00fas M\u00e9ndez e Ricardo Fern\u00e1ndez del Moral. Il primo di questi appuntamenti si \u00e8 svolto il 4 settembre.<\/p>\n<\/div><\/div><\/div><\/div><\/div><div class=\"w-tabs-section\" id=\"h738\"><button type=\"button\" class=\"w-tabs-section-header\" aria-controls=\"content-h738\" aria-expanded=\"false\"><div class=\"w-tabs-section-title\">Quanto costano i biglietti?<\/div><div class=\"w-tabs-section-control\"><\/div><\/button><div  class=\"w-tabs-section-content\" id=\"content-h738\"><div class=\"w-tabs-section-content-h i-cf\"><div class=\"wpb_text_column\"><div class=\"wpb_wrapper\"><p>I prezzi pubblicati per il 2026 vanno da 10 a 20 \u20ac, a seconda del concerto.<\/p>\n<\/div><\/div><\/div><\/div><\/div><div class=\"w-tabs-section\" id=\"x80f\"><button type=\"button\" class=\"w-tabs-section-header\" aria-controls=\"content-x80f\" aria-expanded=\"false\"><div class=\"w-tabs-section-title\">Dove si acquistano i biglietti?<\/div><div class=\"w-tabs-section-control\"><\/div><\/button><div  class=\"w-tabs-section-content\" id=\"content-x80f\"><div class=\"w-tabs-section-content-h i-cf\"><div class=\"wpb_text_column\"><div class=\"wpb_wrapper\"><p>La maggior parte dei concerti viene venduta tramite MiEntrada. Il sito ufficiale collega la chiusura del 30 settembre al Teatro Cervantes a UniEntradas.<\/p>\n<\/div><\/div><\/div><\/div><\/div><div class=\"w-tabs-section\" id=\"x8f5\"><button type=\"button\" class=\"w-tabs-section-header\" aria-controls=\"content-x8f5\" aria-expanded=\"false\"><div class=\"w-tabs-section-title\">Ci sono concerti esauriti?<\/div><div class=\"w-tabs-section-control\"><\/div><\/button><div  class=\"w-tabs-section-content\" id=\"content-x8f5\"><div class=\"w-tabs-section-content-h i-cf\"><div class=\"wpb_text_column\"><div class=\"wpb_wrapper\"><p>Al 5 settembre risultano esauriti i biglietti per Jacob Kellerman il 5 e Ausi\u00e0s Parejo il 12. Anche l\u2019apertura del 4 settembre con Alejandro Hurtado e Inmaculada Salom\u00f3n ha registrato il tutto esaurito.<\/p>\n<\/div><\/div><\/div><\/div><\/div><div class=\"w-tabs-section\" id=\"u9e2\"><button type=\"button\" class=\"w-tabs-section-header\" aria-controls=\"content-u9e2\" aria-expanded=\"false\"><div class=\"w-tabs-section-title\">Dove si tengono i concerti?<\/div><div class=\"w-tabs-section-control\"><\/div><\/button><div  class=\"w-tabs-section-content\" id=\"content-u9e2\"><div class=\"w-tabs-section-content-h i-cf\"><div class=\"wpb_text_column\"><div class=\"wpb_wrapper\"><p>Le quattro sedi principali sono il Patio de Surtidores dell\u2019Alcazaba di Malaga, la Sala Fundaci\u00f3n Unicaja Mar\u00eda Cristina, il Centro Cultural Fundaci\u00f3n Unicaja di Malaga e il Teatro Cervantes.<\/p>\n<\/div><\/div><\/div><\/div><\/div><div class=\"w-tabs-section\" id=\"eae4\"><button type=\"button\" class=\"w-tabs-section-header\" aria-controls=\"content-eae4\" aria-expanded=\"false\"><div class=\"w-tabs-section-title\">Quando si esibisce Daniel Casares?<\/div><div class=\"w-tabs-section-control\"><\/div><\/button><div  class=\"w-tabs-section-content\" id=\"content-eae4\"><div class=\"w-tabs-section-content-h i-cf\"><div class=\"wpb_text_column\"><div class=\"wpb_wrapper\"><p>Daniel Casares si esibisce sabato 19 settembre alle 19:30 nella Sala Fundaci\u00f3n Unicaja Mar\u00eda Cristina. Il prezzo pubblicato del biglietto \u00e8 12 \u20ac.<\/p>\n<\/div><\/div><\/div><\/div><\/div><div class=\"w-tabs-section\" id=\"wbbb\"><button type=\"button\" class=\"w-tabs-section-header\" aria-controls=\"content-wbbb\" aria-expanded=\"false\"><div class=\"w-tabs-section-title\">Quando si esibiscono Joni Jim\u00e9nez e Jes\u00fas M\u00e9ndez?<\/div><div class=\"w-tabs-section-control\"><\/div><\/button><div  class=\"w-tabs-section-content\" id=\"content-wbbb\"><div class=\"w-tabs-section-content-h i-cf\"><div class=\"wpb_text_column\"><div class=\"wpb_wrapper\"><p>Si esibiscono venerd\u00ec 25 settembre alle 19:30 nella Sala Fundaci\u00f3n Unicaja Mar\u00eda Cristina. Il biglietto costa 10 \u20ac secondo il programma ufficiale.<\/p>\n<\/div><\/div><\/div><\/div><\/div><div class=\"w-tabs-section\" id=\"mcbf\"><button type=\"button\" class=\"w-tabs-section-header\" aria-controls=\"content-mcbf\" aria-expanded=\"false\"><div class=\"w-tabs-section-title\">Chi chiude il festival?<\/div><div class=\"w-tabs-section-control\"><\/div><\/button><div  class=\"w-tabs-section-content\" id=\"content-mcbf\"><div class=\"w-tabs-section-content-h i-cf\"><div class=\"wpb_text_column\"><div class=\"wpb_wrapper\"><p>Pepe Romero chiude la quinta edizione il 30 settembre al Teatro Cervantes insieme all\u2019Orquesta Filarm\u00f3nica de M\u00e1laga e al direttore Jos\u00e9 Mar\u00eda Moreno, con un programma che comprende il Concierto de Aranjuez di Joaqu\u00edn Rodrigo e musica da film di John Williams.<\/p>\n<\/div><\/div><\/div><\/div><\/div><\/div><\/div><\/div><\/div><\/div><div class=\"vc_col-sm-1\/5 wpb_column vc_column_container\"><div class=\"vc_column-inner\"><div class=\"wpb_wrapper\"><\/div><\/div><\/div><\/div><\/div><\/section>\n","protected":false},"excerpt":{"rendered":"<p>Guida completa al Festival Internazionale di Chitarra Pepe Romero 2026 a Malaga: 15 concerti, flamenco, artisti, sedi, prezzi e biglietti.<\/p>\n","protected":false},"author":1,"featured_media":14939,"comment_status":"closed","ping_status":"closed","sticky":false,"template":"","format":"standard","meta":{"_acf_changed":false,"wpai_generated_summary":"","_ayudawp_aiss_exclude":false,"_ayudawp_aiss_exclude_summary":false,"_ayudawp_aiss_summary":"","_ayudawp_aiss_summary_provider":"","_ayudawp_aiss_summary_hash":"","footnotes":""},"categories":[1670],"tags":[1403],"class_list":["post-15091","post","type-post","status-publish","format-standard","has-post-thumbnail","hentry","category-festival-flamenco","tag-chitarra-flamenca"],"acf":[],"yoast_head":"<!-- This site is optimized with the Yoast SEO Premium plugin v28.4 (Yoast SEO v28.4) - https:\/\/yoast.com\/product\/yoast-seo-premium-wordpress\/ -->\n<title>Festival Chitarra Pepe Romero Malaga 2026: programma e biglietti<\/title>\n<meta name=\"description\" content=\"Festival Internazionale di Chitarra Pepe Romero 2026 a Malaga: 15 concerti, flamenco, artisti, sedi, prezzi e biglietti.\" \/>\n<meta name=\"robots\" content=\"index, follow, max-snippet:-1, max-image-preview:large, max-video-preview:-1\" \/>\n<link rel=\"canonical\" href=\"https:\/\/www.tablaosflamencos.com\/it\/festival-chitarra-pepe-romero-malaga-2026.html\" \/>\n<meta property=\"og:locale\" content=\"it_IT\" \/>\n<meta property=\"og:type\" content=\"article\" \/>\n<meta property=\"og:title\" content=\"Festival Internazionale di Chitarra Pepe Romero 2026 a Malaga: programma, artisti, concerti flamenco, sedi e biglietti\" \/>\n<meta property=\"og:description\" content=\"Festival Internazionale di Chitarra Pepe Romero 2026 a Malaga: 15 concerti, flamenco, artisti, sedi, prezzi e biglietti.\" \/>\n<meta property=\"og:url\" content=\"https:\/\/www.tablaosflamencos.com\/it\/festival-chitarra-pepe-romero-malaga-2026.html\" \/>\n<meta property=\"og:site_name\" content=\"Tablaos Flamencos\" \/>\n<meta property=\"article:publisher\" content=\"https:\/\/www.facebook.com\/tablaosflamencos\" \/>\n<meta property=\"article:published_time\" content=\"2026-09-06T14:39:25+00:00\" \/>\n<meta property=\"article:modified_time\" content=\"2026-09-06T17:31:44+00:00\" \/>\n<meta property=\"og:image\" content=\"https:\/\/www.tablaosflamencos.com\/wp-content\/uploads\/festival-internacional-de-guitarra-pepe-romero-2026-en-malaga-programa-artistas-conciertos-flamencos-sedes-y-entradas-01.webp\" \/>\n\t<meta property=\"og:image:width\" content=\"1672\" \/>\n\t<meta property=\"og:image:height\" content=\"941\" \/>\n\t<meta property=\"og:image:type\" content=\"image\/webp\" \/>\n<meta name=\"author\" content=\"Miguel Ortiz\" \/>\n<meta name=\"twitter:card\" content=\"summary_large_image\" \/>\n<meta name=\"twitter:creator\" content=\"@tablaosflamenco\" \/>\n<meta name=\"twitter:site\" content=\"@tablaosflamenco\" \/>\n<meta name=\"twitter:label1\" content=\"Scritto da\" \/>\n\t<meta name=\"twitter:data1\" content=\"Miguel Ortiz\" \/>\n\t<meta name=\"twitter:label2\" content=\"Tempo di lettura stimato\" \/>\n\t<meta name=\"twitter:data2\" content=\"18 minuti\" \/>\n<script type=\"application\/ld+json\" class=\"yoast-schema-graph\">{\"@context\":\"https:\\\/\\\/schema.org\",\"@graph\":[{\"@type\":\"Article\",\"@id\":\"https:\\\/\\\/www.tablaosflamencos.com\\\/it\\\/festival-chitarra-pepe-romero-malaga-2026.html#article\",\"isPartOf\":{\"@id\":\"https:\\\/\\\/www.tablaosflamencos.com\\\/it\\\/festival-chitarra-pepe-romero-malaga-2026.html\"},\"author\":{\"name\":\"Miguel Ortiz\",\"@id\":\"https:\\\/\\\/www.tablaosflamencos.com\\\/it#\\\/schema\\\/person\\\/e7a9ebe14eb75a52ceabfbffb3c54f5d\"},\"headline\":\"Festival Internazionale di Chitarra Pepe Romero 2026 a Malaga: programma, artisti, concerti flamenco, sedi e biglietti\",\"datePublished\":\"2026-09-06T14:39:25+00:00\",\"dateModified\":\"2026-09-06T17:31:44+00:00\",\"mainEntityOfPage\":{\"@id\":\"https:\\\/\\\/www.tablaosflamencos.com\\\/it\\\/festival-chitarra-pepe-romero-malaga-2026.html\"},\"wordCount\":3559,\"publisher\":{\"@id\":\"https:\\\/\\\/www.tablaosflamencos.com\\\/it#organization\"},\"image\":{\"@id\":\"https:\\\/\\\/www.tablaosflamencos.com\\\/it\\\/festival-chitarra-pepe-romero-malaga-2026.html#primaryimage\"},\"thumbnailUrl\":\"https:\\\/\\\/www.tablaosflamencos.com\\\/wp-content\\\/uploads\\\/festival-internacional-de-guitarra-pepe-romero-2026-en-malaga-programa-artistas-conciertos-flamencos-sedes-y-entradas-01.webp\",\"keywords\":[\"chitarra flamenca\"],\"articleSection\":[\"Festival di flamenco\"],\"inLanguage\":\"it-IT\"},{\"@type\":\"WebPage\",\"@id\":\"https:\\\/\\\/www.tablaosflamencos.com\\\/it\\\/festival-chitarra-pepe-romero-malaga-2026.html\",\"url\":\"https:\\\/\\\/www.tablaosflamencos.com\\\/it\\\/festival-chitarra-pepe-romero-malaga-2026.html\",\"name\":\"Festival Chitarra Pepe Romero Malaga 2026: programma e biglietti\",\"isPartOf\":{\"@id\":\"https:\\\/\\\/www.tablaosflamencos.com\\\/it#website\"},\"primaryImageOfPage\":{\"@id\":\"https:\\\/\\\/www.tablaosflamencos.com\\\/it\\\/festival-chitarra-pepe-romero-malaga-2026.html#primaryimage\"},\"image\":{\"@id\":\"https:\\\/\\\/www.tablaosflamencos.com\\\/it\\\/festival-chitarra-pepe-romero-malaga-2026.html#primaryimage\"},\"thumbnailUrl\":\"https:\\\/\\\/www.tablaosflamencos.com\\\/wp-content\\\/uploads\\\/festival-internacional-de-guitarra-pepe-romero-2026-en-malaga-programa-artistas-conciertos-flamencos-sedes-y-entradas-01.webp\",\"datePublished\":\"2026-09-06T14:39:25+00:00\",\"dateModified\":\"2026-09-06T17:31:44+00:00\",\"description\":\"Festival Internazionale di Chitarra Pepe Romero 2026 a Malaga: 15 concerti, flamenco, artisti, sedi, prezzi e biglietti.\",\"breadcrumb\":{\"@id\":\"https:\\\/\\\/www.tablaosflamencos.com\\\/it\\\/festival-chitarra-pepe-romero-malaga-2026.html#breadcrumb\"},\"inLanguage\":\"it-IT\",\"potentialAction\":[{\"@type\":\"ReadAction\",\"target\":[\"https:\\\/\\\/www.tablaosflamencos.com\\\/it\\\/festival-chitarra-pepe-romero-malaga-2026.html\"]}]},{\"@type\":\"ImageObject\",\"inLanguage\":\"it-IT\",\"@id\":\"https:\\\/\\\/www.tablaosflamencos.com\\\/it\\\/festival-chitarra-pepe-romero-malaga-2026.html#primaryimage\",\"url\":\"https:\\\/\\\/www.tablaosflamencos.com\\\/wp-content\\\/uploads\\\/festival-internacional-de-guitarra-pepe-romero-2026-en-malaga-programa-artistas-conciertos-flamencos-sedes-y-entradas-01.webp\",\"contentUrl\":\"https:\\\/\\\/www.tablaosflamencos.com\\\/wp-content\\\/uploads\\\/festival-internacional-de-guitarra-pepe-romero-2026-en-malaga-programa-artistas-conciertos-flamencos-sedes-y-entradas-01.webp\",\"width\":1672,\"height\":941,\"caption\":\"Guitarrista en concierto nocturno en M\u00e1laga para el Festival Internacional de Guitarra Pepe Romero 2026\"},{\"@type\":\"BreadcrumbList\",\"@id\":\"https:\\\/\\\/www.tablaosflamencos.com\\\/it\\\/festival-chitarra-pepe-romero-malaga-2026.html#breadcrumb\",\"itemListElement\":[{\"@type\":\"ListItem\",\"position\":1,\"name\":\"Home\",\"item\":\"https:\\\/\\\/www.tablaosflamencos.com\\\/it\"},{\"@type\":\"ListItem\",\"position\":2,\"name\":\"Festival Internazionale di Chitarra Pepe Romero 2026 a Malaga: programma, artisti, concerti flamenco, sedi e biglietti\"}]},{\"@type\":\"WebSite\",\"@id\":\"https:\\\/\\\/www.tablaosflamencos.com\\\/it#website\",\"url\":\"https:\\\/\\\/www.tablaosflamencos.com\\\/it\",\"name\":\"Tablaos Flamencos\",\"description\":\"Entradas para tablaos flamencos de Espa\u00f1a\",\"publisher\":{\"@id\":\"https:\\\/\\\/www.tablaosflamencos.com\\\/it#organization\"},\"alternateName\":\"Tablaos Flamencos\",\"potentialAction\":[{\"@type\":\"SearchAction\",\"target\":{\"@type\":\"EntryPoint\",\"urlTemplate\":\"https:\\\/\\\/www.tablaosflamencos.com\\\/it?s={search_term_string}\"},\"query-input\":{\"@type\":\"PropertyValueSpecification\",\"valueRequired\":true,\"valueName\":\"search_term_string\"}}],\"inLanguage\":\"it-IT\"},{\"@type\":[\"Organization\",\"Place\",\"EntertainmentBusiness\"],\"@id\":\"https:\\\/\\\/www.tablaosflamencos.com\\\/it#organization\",\"name\":\"Tablaos Flamencos\",\"alternateName\":\"Tablaos Flamencos\",\"url\":\"https:\\\/\\\/www.tablaosflamencos.com\\\/it\",\"logo\":{\"@id\":\"https:\\\/\\\/www.tablaosflamencos.com\\\/it\\\/festival-chitarra-pepe-romero-malaga-2026.html#local-main-organization-logo\"},\"image\":{\"@id\":\"https:\\\/\\\/www.tablaosflamencos.com\\\/it\\\/festival-chitarra-pepe-romero-malaga-2026.html#local-main-organization-logo\"},\"sameAs\":[\"https:\\\/\\\/www.facebook.com\\\/tablaosflamencos\",\"https:\\\/\\\/x.com\\\/tablaosflamenco\",\"https:\\\/\\\/mastodon.social\\\/@tablaosflamencos\",\"https:\\\/\\\/www.instagram.com\\\/tablaosflamencos\",\"https:\\\/\\\/tiktok.com\\\/@tablaosflamencos\",\"https:\\\/\\\/www.linkedin.com\\\/company\\\/109408238\\\/\"],\"description\":\"Venta de entradas para espect\u00e1culos flamencos\",\"legalName\":\"Tablaos Flamencos\",\"foundingDate\":\"2015-01-01\",\"numberOfEmployees\":{\"@type\":\"QuantitativeValue\",\"minValue\":\"1\",\"maxValue\":\"10\"},\"address\":{\"@id\":\"https:\\\/\\\/www.tablaosflamencos.com\\\/it\\\/festival-chitarra-pepe-romero-malaga-2026.html#local-main-place-address\"},\"geo\":{\"@type\":\"GeoCoordinates\",\"latitude\":\"37.3868072\",\"longitude\":\"-5.993280299999999\"},\"telephone\":[\"+34623787787\"],\"contactPoint\":{\"@type\":\"ContactPoint\",\"telephone\":\"+34623787787\",\"email\":\"info@tablaosflamencos.com\"},\"openingHoursSpecification\":{\"@type\":\"OpeningHoursSpecification\",\"dayOfWeek\":[\"Monday\",\"Tuesday\",\"Wednesday\",\"Thursday\",\"Friday\",\"Saturday\",\"Sunday\"],\"opens\":\"00:00\",\"closes\":\"23:59\"},\"email\":\"info@tablaosflamencos.com\",\"priceRange\":\"$$$\",\"currenciesAccepted\":\"\u20ac\"},{\"@type\":\"Person\",\"@id\":\"https:\\\/\\\/www.tablaosflamencos.com\\\/it#\\\/schema\\\/person\\\/e7a9ebe14eb75a52ceabfbffb3c54f5d\",\"name\":\"Miguel Ortiz\",\"description\":\"Miguel Ortiz es un empresario flamenco, con una s\u00f3lida trayectoria dentro del sector. Ha presidido entidades culturales vinculadas al flamenco y, cuenta con un amplio recorrido profesional en la gesti\u00f3n y promoci\u00f3n de espect\u00e1culos y tablaos flamencos. Su pasi\u00f3n por la historia y el arte flamenco se refleja en cada art\u00edculo, donde combina experiencia, criterio y un profundo respeto por la tradici\u00f3n.\",\"sameAs\":[\"https:\\\/\\\/www.tablaosflamencos.com\",\"https:\\\/\\\/www.instagra.com\\\/miguelortizfe\",\"https:\\\/\\\/www.linkedin.com\\\/in\\\/miguelortizf\\\/\"],\"birthDate\":\"1984-11-22\",\"gender\":\"hombre\",\"knowsLanguage\":[\"espa\u00f1ol\",\"ingl\u00e9s\"],\"jobTitle\":\"Empresario flamenco\"},{\"@type\":\"PostalAddress\",\"@id\":\"https:\\\/\\\/www.tablaosflamencos.com\\\/it\\\/festival-chitarra-pepe-romero-malaga-2026.html#local-main-place-address\",\"streetAddress\":\"C\\\/ Alemanes, 19\",\"addressLocality\":\"Sevilla\",\"postalCode\":\"41004\",\"addressRegion\":\"Sevilla\",\"addressCountry\":\"ES\"},{\"@type\":\"ImageObject\",\"inLanguage\":\"it-IT\",\"@id\":\"https:\\\/\\\/www.tablaosflamencos.com\\\/it\\\/festival-chitarra-pepe-romero-malaga-2026.html#local-main-organization-logo\",\"url\":\"https:\\\/\\\/www.tablaosflamencos.com\\\/wp-content\\\/uploads\\\/tablaos-flamencos-06-3.webp\",\"contentUrl\":\"https:\\\/\\\/www.tablaosflamencos.com\\\/wp-content\\\/uploads\\\/tablaos-flamencos-06-3.webp\",\"width\":600,\"height\":620,\"caption\":\"Tablaos Flamencos\"}]}<\/script>\n<meta name=\"geo.placename\" content=\"Sevilla\" \/>\n<meta name=\"geo.position\" content=\"37.3868072;-5.993280299999999\" \/>\n<meta name=\"geo.region\" content=\"Spagna\" \/>\n<!-- \/ Yoast SEO Premium plugin. -->","yoast_head_json":{"title":"Festival Chitarra Pepe Romero Malaga 2026: programma e biglietti","description":"Festival Internazionale di Chitarra Pepe Romero 2026 a Malaga: 15 concerti, flamenco, artisti, sedi, prezzi e biglietti.","robots":{"index":"index","follow":"follow","max-snippet":"max-snippet:-1","max-image-preview":"max-image-preview:large","max-video-preview":"max-video-preview:-1"},"canonical":"https:\/\/www.tablaosflamencos.com\/it\/festival-chitarra-pepe-romero-malaga-2026.html","og_locale":"it_IT","og_type":"article","og_title":"Festival Internazionale di Chitarra Pepe Romero 2026 a Malaga: programma, artisti, concerti flamenco, sedi e biglietti","og_description":"Festival Internazionale di Chitarra Pepe Romero 2026 a Malaga: 15 concerti, flamenco, artisti, sedi, prezzi e biglietti.","og_url":"https:\/\/www.tablaosflamencos.com\/it\/festival-chitarra-pepe-romero-malaga-2026.html","og_site_name":"Tablaos Flamencos","article_publisher":"https:\/\/www.facebook.com\/tablaosflamencos","article_published_time":"2026-09-06T14:39:25+00:00","article_modified_time":"2026-09-06T17:31:44+00:00","og_image":[{"width":1672,"height":941,"url":"https:\/\/www.tablaosflamencos.com\/wp-content\/uploads\/festival-internacional-de-guitarra-pepe-romero-2026-en-malaga-programa-artistas-conciertos-flamencos-sedes-y-entradas-01.webp","type":"image\/webp"}],"author":"Miguel Ortiz","twitter_card":"summary_large_image","twitter_creator":"@tablaosflamenco","twitter_site":"@tablaosflamenco","twitter_misc":{"Scritto da":"Miguel Ortiz","Tempo di lettura stimato":"18 minuti"},"schema":{"@context":"https:\/\/schema.org","@graph":[{"@type":"Article","@id":"https:\/\/www.tablaosflamencos.com\/it\/festival-chitarra-pepe-romero-malaga-2026.html#article","isPartOf":{"@id":"https:\/\/www.tablaosflamencos.com\/it\/festival-chitarra-pepe-romero-malaga-2026.html"},"author":{"name":"Miguel Ortiz","@id":"https:\/\/www.tablaosflamencos.com\/it#\/schema\/person\/e7a9ebe14eb75a52ceabfbffb3c54f5d"},"headline":"Festival Internazionale di Chitarra Pepe Romero 2026 a Malaga: programma, artisti, concerti flamenco, sedi e biglietti","datePublished":"2026-09-06T14:39:25+00:00","dateModified":"2026-09-06T17:31:44+00:00","mainEntityOfPage":{"@id":"https:\/\/www.tablaosflamencos.com\/it\/festival-chitarra-pepe-romero-malaga-2026.html"},"wordCount":3559,"publisher":{"@id":"https:\/\/www.tablaosflamencos.com\/it#organization"},"image":{"@id":"https:\/\/www.tablaosflamencos.com\/it\/festival-chitarra-pepe-romero-malaga-2026.html#primaryimage"},"thumbnailUrl":"https:\/\/www.tablaosflamencos.com\/wp-content\/uploads\/festival-internacional-de-guitarra-pepe-romero-2026-en-malaga-programa-artistas-conciertos-flamencos-sedes-y-entradas-01.webp","keywords":["chitarra flamenca"],"articleSection":["Festival di flamenco"],"inLanguage":"it-IT"},{"@type":"WebPage","@id":"https:\/\/www.tablaosflamencos.com\/it\/festival-chitarra-pepe-romero-malaga-2026.html","url":"https:\/\/www.tablaosflamencos.com\/it\/festival-chitarra-pepe-romero-malaga-2026.html","name":"Festival Chitarra Pepe Romero Malaga 2026: programma e biglietti","isPartOf":{"@id":"https:\/\/www.tablaosflamencos.com\/it#website"},"primaryImageOfPage":{"@id":"https:\/\/www.tablaosflamencos.com\/it\/festival-chitarra-pepe-romero-malaga-2026.html#primaryimage"},"image":{"@id":"https:\/\/www.tablaosflamencos.com\/it\/festival-chitarra-pepe-romero-malaga-2026.html#primaryimage"},"thumbnailUrl":"https:\/\/www.tablaosflamencos.com\/wp-content\/uploads\/festival-internacional-de-guitarra-pepe-romero-2026-en-malaga-programa-artistas-conciertos-flamencos-sedes-y-entradas-01.webp","datePublished":"2026-09-06T14:39:25+00:00","dateModified":"2026-09-06T17:31:44+00:00","description":"Festival Internazionale di Chitarra Pepe Romero 2026 a Malaga: 15 concerti, flamenco, artisti, sedi, prezzi e biglietti.","breadcrumb":{"@id":"https:\/\/www.tablaosflamencos.com\/it\/festival-chitarra-pepe-romero-malaga-2026.html#breadcrumb"},"inLanguage":"it-IT","potentialAction":[{"@type":"ReadAction","target":["https:\/\/www.tablaosflamencos.com\/it\/festival-chitarra-pepe-romero-malaga-2026.html"]}]},{"@type":"ImageObject","inLanguage":"it-IT","@id":"https:\/\/www.tablaosflamencos.com\/it\/festival-chitarra-pepe-romero-malaga-2026.html#primaryimage","url":"https:\/\/www.tablaosflamencos.com\/wp-content\/uploads\/festival-internacional-de-guitarra-pepe-romero-2026-en-malaga-programa-artistas-conciertos-flamencos-sedes-y-entradas-01.webp","contentUrl":"https:\/\/www.tablaosflamencos.com\/wp-content\/uploads\/festival-internacional-de-guitarra-pepe-romero-2026-en-malaga-programa-artistas-conciertos-flamencos-sedes-y-entradas-01.webp","width":1672,"height":941,"caption":"Guitarrista en concierto nocturno en M\u00e1laga para el Festival Internacional de Guitarra Pepe Romero 2026"},{"@type":"BreadcrumbList","@id":"https:\/\/www.tablaosflamencos.com\/it\/festival-chitarra-pepe-romero-malaga-2026.html#breadcrumb","itemListElement":[{"@type":"ListItem","position":1,"name":"Home","item":"https:\/\/www.tablaosflamencos.com\/it"},{"@type":"ListItem","position":2,"name":"Festival Internazionale di Chitarra Pepe Romero 2026 a Malaga: programma, artisti, concerti flamenco, sedi e biglietti"}]},{"@type":"WebSite","@id":"https:\/\/www.tablaosflamencos.com\/it#website","url":"https:\/\/www.tablaosflamencos.com\/it","name":"Tablaos Flamencos","description":"Entradas para tablaos flamencos de Espa\u00f1a","publisher":{"@id":"https:\/\/www.tablaosflamencos.com\/it#organization"},"alternateName":"Tablaos Flamencos","potentialAction":[{"@type":"SearchAction","target":{"@type":"EntryPoint","urlTemplate":"https:\/\/www.tablaosflamencos.com\/it?s={search_term_string}"},"query-input":{"@type":"PropertyValueSpecification","valueRequired":true,"valueName":"search_term_string"}}],"inLanguage":"it-IT"},{"@type":["Organization","Place","EntertainmentBusiness"],"@id":"https:\/\/www.tablaosflamencos.com\/it#organization","name":"Tablaos Flamencos","alternateName":"Tablaos Flamencos","url":"https:\/\/www.tablaosflamencos.com\/it","logo":{"@id":"https:\/\/www.tablaosflamencos.com\/it\/festival-chitarra-pepe-romero-malaga-2026.html#local-main-organization-logo"},"image":{"@id":"https:\/\/www.tablaosflamencos.com\/it\/festival-chitarra-pepe-romero-malaga-2026.html#local-main-organization-logo"},"sameAs":["https:\/\/www.facebook.com\/tablaosflamencos","https:\/\/x.com\/tablaosflamenco","https:\/\/mastodon.social\/@tablaosflamencos","https:\/\/www.instagram.com\/tablaosflamencos","https:\/\/tiktok.com\/@tablaosflamencos","https:\/\/www.linkedin.com\/company\/109408238\/"],"description":"Venta de entradas para espect\u00e1culos flamencos","legalName":"Tablaos Flamencos","foundingDate":"2015-01-01","numberOfEmployees":{"@type":"QuantitativeValue","minValue":"1","maxValue":"10"},"address":{"@id":"https:\/\/www.tablaosflamencos.com\/it\/festival-chitarra-pepe-romero-malaga-2026.html#local-main-place-address"},"geo":{"@type":"GeoCoordinates","latitude":"37.3868072","longitude":"-5.993280299999999"},"telephone":["+34623787787"],"contactPoint":{"@type":"ContactPoint","telephone":"+34623787787","email":"info@tablaosflamencos.com"},"openingHoursSpecification":{"@type":"OpeningHoursSpecification","dayOfWeek":["Monday","Tuesday","Wednesday","Thursday","Friday","Saturday","Sunday"],"opens":"00:00","closes":"23:59"},"email":"info@tablaosflamencos.com","priceRange":"$$$","currenciesAccepted":"\u20ac"},{"@type":"Person","@id":"https:\/\/www.tablaosflamencos.com\/it#\/schema\/person\/e7a9ebe14eb75a52ceabfbffb3c54f5d","name":"Miguel Ortiz","description":"Miguel Ortiz es un empresario flamenco, con una s\u00f3lida trayectoria dentro del sector. Ha presidido entidades culturales vinculadas al flamenco y, cuenta con un amplio recorrido profesional en la gesti\u00f3n y promoci\u00f3n de espect\u00e1culos y tablaos flamencos. Su pasi\u00f3n por la historia y el arte flamenco se refleja en cada art\u00edculo, donde combina experiencia, criterio y un profundo respeto por la tradici\u00f3n.","sameAs":["https:\/\/www.tablaosflamencos.com","https:\/\/www.instagra.com\/miguelortizfe","https:\/\/www.linkedin.com\/in\/miguelortizf\/"],"birthDate":"1984-11-22","gender":"hombre","knowsLanguage":["espa\u00f1ol","ingl\u00e9s"],"jobTitle":"Empresario flamenco"},{"@type":"PostalAddress","@id":"https:\/\/www.tablaosflamencos.com\/it\/festival-chitarra-pepe-romero-malaga-2026.html#local-main-place-address","streetAddress":"C\/ Alemanes, 19","addressLocality":"Sevilla","postalCode":"41004","addressRegion":"Sevilla","addressCountry":"ES"},{"@type":"ImageObject","inLanguage":"it-IT","@id":"https:\/\/www.tablaosflamencos.com\/it\/festival-chitarra-pepe-romero-malaga-2026.html#local-main-organization-logo","url":"https:\/\/www.tablaosflamencos.com\/wp-content\/uploads\/tablaos-flamencos-06-3.webp","contentUrl":"https:\/\/www.tablaosflamencos.com\/wp-content\/uploads\/tablaos-flamencos-06-3.webp","width":600,"height":620,"caption":"Tablaos Flamencos"}]},"geo.placename":"Sevilla","geo.position":{"lat":"37.3868072","long":"-5.993280299999999"},"geo.region":"Spagna"},"_links":{"self":[{"href":"https:\/\/www.tablaosflamencos.com\/it\/wp-json\/wp\/v2\/posts\/15091","targetHints":{"allow":["GET"]}}],"collection":[{"href":"https:\/\/www.tablaosflamencos.com\/it\/wp-json\/wp\/v2\/posts"}],"about":[{"href":"https:\/\/www.tablaosflamencos.com\/it\/wp-json\/wp\/v2\/types\/post"}],"author":[{"embeddable":true,"href":"https:\/\/www.tablaosflamencos.com\/it\/wp-json\/wp\/v2\/users\/1"}],"replies":[{"embeddable":true,"href":"https:\/\/www.tablaosflamencos.com\/it\/wp-json\/wp\/v2\/comments?post=15091"}],"version-history":[{"count":1,"href":"https:\/\/www.tablaosflamencos.com\/it\/wp-json\/wp\/v2\/posts\/15091\/revisions"}],"predecessor-version":[{"id":15125,"href":"https:\/\/www.tablaosflamencos.com\/it\/wp-json\/wp\/v2\/posts\/15091\/revisions\/15125"}],"wp:featuredmedia":[{"embeddable":true,"href":"https:\/\/www.tablaosflamencos.com\/it\/wp-json\/wp\/v2\/media\/14939"}],"wp:attachment":[{"href":"https:\/\/www.tablaosflamencos.com\/it\/wp-json\/wp\/v2\/media?parent=15091"}],"wp:term":[{"taxonomy":"category","embeddable":true,"href":"https:\/\/www.tablaosflamencos.com\/it\/wp-json\/wp\/v2\/categories?post=15091"},{"taxonomy":"post_tag","embeddable":true,"href":"https:\/\/www.tablaosflamencos.com\/it\/wp-json\/wp\/v2\/tags?post=15091"}],"curies":[{"name":"wp","href":"https:\/\/api.w.org\/{rel}","templated":true}]}}