{"id":15064,"date":"2026-09-06T16:35:39","date_gmt":"2026-09-06T14:35:39","guid":{"rendered":"https:\/\/www.tablaosflamencos.com\/?p=15064"},"modified":"2026-09-06T17:04:22","modified_gmt":"2026-09-06T15:04:22","slug":"sala-sviluppo-biennale-flamenco-siviglia-2026","status":"publish","type":"post","link":"https:\/\/www.tablaosflamencos.com\/it\/sala-sviluppo-biennale-flamenco-siviglia-2026.html","title":{"rendered":"Sala di sviluppo della Biennale di Flamenco 2026: \u00abAnche l\u2019invisibile \u00e8 flamenco\u00bb"},"content":{"rendered":"<section class=\"l-section wpb_row height_huge\"><div class=\"l-section-h i-cf\"><div class=\"g-cols vc_row via_flex valign_top type_default stacking_default\"><div class=\"vc_col-sm-12 wpb_column vc_column_container\"><div class=\"vc_column-inner\"><div class=\"wpb_wrapper\"><div class=\"wpb_text_column\"><div class=\"wpb_wrapper\"><p>La XXIV Biennale di Flamenco di Siviglia vuole che il pubblico non veda soltanto il risultato finale sul palcoscenico. Con il motto <strong>\u00abAnche l\u2019invisibile \u00e8 flamenco\u00bb<\/strong>, l\u2019edizione 2026 ha creato una <strong>Sala di sviluppo<\/strong> che mostra una parte del lavoro che normalmente resta fuori dallo sguardo dello spettatore: prove, ricerche, tentativi, decisioni, conversazioni e processi creativi di alcuni degli artisti partecipanti.<\/p>\n<p>L\u2019installazione ha iniziato il suo percorso per Siviglia il 3 settembre, passando per Triana, Nervi\u00f3n e la zona di calle Feria. <strong>Da sabato 5 settembre 2026 \u00e8 collocata presso la Real F\u00e1brica de Artiller\u00eda<\/strong>, uno degli spazi della Biennale, dove il racconto prosegue con fotografie, contenuti sonori, interviste e podcast. \u00c8 inoltre una delle proposte pi\u00f9 interessanti per comprendere la Biennale al di l\u00e0 del suo cartellone di spettacoli.<\/p>\n<\/div><\/div><\/div><\/div><\/div><\/div><\/div><\/section><section class=\"l-section wpb_row height_huge color_alternate with_shape\"><div class=\"l-section-shape type_zigzag pos_top hor_flip\" style=\"height:3vmin;\"><svg xmlns=\"http:\/\/www.w3.org\/2000\/svg\" viewBox=\"0 0 64 8\" preserveAspectRatio=\"none\" width=\"100%\" height=\"100%\">\r\n\t<path fill=\"currentColor\" d=\"M64 8 L0 8 L0 0 L20 7.9 L40 3 L48 5 L64 0 Z\"\/>\r\n<\/svg><\/div><div class=\"l-section-shape type_zigzag pos_bottom\" style=\"height:3vmin;\"><svg xmlns=\"http:\/\/www.w3.org\/2000\/svg\" viewBox=\"0 0 64 8\" preserveAspectRatio=\"none\" width=\"100%\" height=\"100%\">\r\n\t<path fill=\"currentColor\" d=\"M64 8 L0 8 L0 0 L20 7.9 L40 3 L48 5 L64 0 Z\"\/>\r\n<\/svg><\/div><div class=\"l-section-h i-cf\"><div class=\"g-cols vc_row via_flex valign_top type_default stacking_default\"><div class=\"vc_col-sm-12 wpb_column vc_column_container\"><div class=\"vc_column-inner\"><div class=\"wpb_wrapper\"><div class=\"wpb_text_column\"><div class=\"wpb_wrapper\"><blockquote>\n<p><strong>Risposta rapida:<\/strong> la Sala di sviluppo \u00e8 un\u2019installazione visiva e sonora della Biennale di Flamenco di Siviglia 2026 che permette di scoprire come lavorano gli artisti prima di arrivare sul palcoscenico. Dopo aver attraversato diversi quartieri di Siviglia, dal 5 settembre si trova presso la <strong>Real F\u00e1brica de Artiller\u00eda<\/strong>. L\u2019organizzazione non ha ancora pubblicato un orario indipendente specifico per la Sala, quindi \u00e8 consigliabile consultare le informazioni ufficiali del luogo prima della visita.<\/p>\n<\/blockquote>\n<\/div><\/div><\/div><\/div><\/div><\/div><\/div><\/section><section class=\"l-section wpb_row height_huge\"><div class=\"l-section-h i-cf\"><div class=\"g-cols vc_row via_flex valign_top type_default stacking_default\"><div class=\"vc_col-sm-12 wpb_column vc_column_container\"><div class=\"vc_column-inner\"><div class=\"wpb_wrapper\"><div class=\"wpb_text_column\"><div class=\"wpb_wrapper\"><h2>Che cos\u2019\u00e8 la Sala di sviluppo della Biennale 2026?<\/h2>\n<p>La Sala di sviluppo \u00e8 un dispositivo espositivo ed esperienziale ideato da <strong>Surnames e La Ejecutora<\/strong> per la XXIV Biennale di Flamenco di Siviglia. Il suo obiettivo \u00e8 semplice da spiegare, ma insolito per un festival: mostrare al pubblico ci\u00f2 che accade <em>prima<\/em> che un\u2019opera sia terminata.<\/p>\n<p>Di solito conosciamo uno spettacolo quando arriva a teatro. Vediamo la coreografia completa, ascoltiamo la musica gi\u00e0 organizzata e assistiamo a una proposta che ha attraversato molte settimane o mesi di lavoro. Restano per\u00f2 nascosti le prove, i dubbi, gli scarti, le scoperte inaspettate e il modo in cui ogni artista costruisce il proprio linguaggio.<\/p>\n<p>La Biennale trasforma questo processo in parte del racconto stesso del 2026. L\u2019installazione evoca deliberatamente un <strong>laboratorio di sviluppo fotografico<\/strong>: proprio come un\u2019immagine appare poco a poco sulla carta, la Sala cerca di rendere visibile un lavoro che era gi\u00e0 presente, anche se il pubblico non poteva ancora vederlo.<\/p>\n<p>Questa idea si collega direttamente al concetto generale dell\u2019edizione. La Biennale non si presenta soltanto come le settimane in cui Siviglia concentra decine di spettacoli, ma come il risultato di una rete artistica e umana che lavora tutto l\u2019anno. Per questo la proposta invita a guardare il flamenco non soltanto come spettacolo, ma anche come ricerca, mestiere e processo creativo.<\/p>\n<\/div><\/div><\/div><\/div><\/div><\/div><\/div><\/section><section class=\"l-section wpb_row height_huge color_alternate with_shape\"><div class=\"l-section-shape type_zigzag pos_top hor_flip\" style=\"height:3vmin;\"><svg xmlns=\"http:\/\/www.w3.org\/2000\/svg\" viewBox=\"0 0 64 8\" preserveAspectRatio=\"none\" width=\"100%\" height=\"100%\">\r\n\t<path fill=\"currentColor\" d=\"M64 8 L0 8 L0 0 L20 7.9 L40 3 L48 5 L64 0 Z\"\/>\r\n<\/svg><\/div><div class=\"l-section-shape type_zigzag pos_bottom\" style=\"height:3vmin;\"><svg xmlns=\"http:\/\/www.w3.org\/2000\/svg\" viewBox=\"0 0 64 8\" preserveAspectRatio=\"none\" width=\"100%\" height=\"100%\">\r\n\t<path fill=\"currentColor\" d=\"M64 8 L0 8 L0 0 L20 7.9 L40 3 L48 5 L64 0 Z\"\/>\r\n<\/svg><\/div><div class=\"l-section-h i-cf\"><div class=\"g-cols vc_row via_flex valign_top type_default stacking_default\"><div class=\"vc_col-sm-12 wpb_column vc_column_container\"><div class=\"vc_column-inner\"><div class=\"wpb_wrapper\"><div class=\"wpb_text_column\"><div class=\"wpb_wrapper\"><h2>Dove si trova la Sala di sviluppo: percorso a Siviglia e ubicazione attuale<\/h2>\n<p>L\u2019installazione \u00e8 nata con carattere itinerante e ha iniziato a percorrere la citt\u00e0 ancora prima dell\u2019avvio ufficiale della Biennale, la cui programmazione scenica si svolge dal 9 settembre al 3 ottobre.<\/p>\n<ul>\n<li><strong>3 settembre:<\/strong> presentazione in calle San Jacinto, a Triana.<\/li>\n<li><strong>4 settembre, ore 12:00:<\/strong> calle Enramadilla, nella zona di El Prado\/Nervi\u00f3n.<\/li>\n<li><strong>4 settembre, ore 18:30:<\/strong> Plaza Calder\u00f3n de la Barca, accanto al Palacio de los Marqueses de la Algaba e alla zona di calle Feria.<\/li>\n<li><strong>Dal 5 settembre:<\/strong> <strong>Real F\u00e1brica de Artiller\u00eda<\/strong>, tappa finale del percorso itinerante.<\/li>\n<\/ul>\n<p>La scelta di questi luoghi permette all\u2019iniziativa di uscire dal circuito strettamente teatrale e di incontrare residenti e visitatori in diverse zone di Siviglia. L\u2019ultima tappa ha inoltre un interesse particolare: la Real F\u00e1brica de Artiller\u00eda \u00e8 uno degli spazi protagonisti della Biennale 2026 e ospita anche altre proposte culturali.<\/p>\n<p>Se vuoi recarti appositamente a visitare l\u2019installazione, tieni presente che le informazioni ufficiali pubblicate finora <strong>non stabiliscono un orario proprio e indipendente per la Sala di sviluppo<\/strong>. Consigliamo di verificare le novit\u00e0 della Biennale e le condizioni di accesso alla Real F\u00e1brica de Artiller\u00eda il giorno stesso della visita.<\/p>\n<\/div><\/div><\/div><\/div><\/div><\/div><\/div><\/section><section class=\"l-section wpb_row height_huge\"><div class=\"l-section-h i-cf\"><div class=\"g-cols vc_row via_flex valign_top type_default stacking_default\"><div class=\"vc_col-sm-12 wpb_column vc_column_container\"><div class=\"vc_column-inner\"><div class=\"wpb_wrapper\"><div class=\"wpb_text_column\"><div class=\"wpb_wrapper\"><h2>Che cosa si pu\u00f2 vedere e ascoltare<\/h2>\n<p>L\u2019esperienza combina diversi livelli. Non si tratta semplicemente di una mostra fotografica. L\u2019installazione \u00e8 concepita affinch\u00e9 il visitatore scopra progressivamente ci\u00f2 che accade negli spazi di lavoro degli artisti.<\/p>\n<h3>Fotografie dei processi creativi<\/h3>\n<p>Una parte essenziale del progetto sono le immagini realizzate dalla fotografa <strong>Laura Le\u00f3n<\/strong>, che ha accompagnato diversi artisti della Biennale in studi e sale prova. La sua macchina fotografica documenta momenti di ricerca, ripetizione, concentrazione e dialogo che normalmente scompaiono quando un\u2019opera arriva sul palco nella sua forma definitiva.<\/p>\n<p>La stessa architettura dell\u2019installazione gioca con l\u2019idea di guardare e scoprire. Dall\u2019esterno si pu\u00f2 osservare attraverso piccoli spioncini, mentre l\u2019accesso all\u2019interno consente di approfondire i contenuti. Il visitatore non riceve il risultato tutto in una volta: lo va \u00absviluppando\u00bb.<\/p>\n<h3>Voci, interviste e podcast<\/h3>\n<p>La proposta aggiunge le voci dei protagonisti attraverso interviste e podcast realizzati per l\u2019iniziativa. \u00c8 particolarmente interessante perch\u00e9 permette di ascoltare gli artisti spiegare come prendono le decisioni, che cosa ricercano, che cosa cambia durante le prove e quali parti di una creazione finiscono per diventare fondamentali o, al contrario, vengono scartate.<\/p>\n<p>Per chi segue la programmazione della <a href=\"https:\/\/www.tablaosflamencos.com\/bienal-flamenco-sevilla\">Biennale di Flamenco di Siviglia<\/a>, queste testimonianze offrono un contesto che pu\u00f2 cambiare il modo di vedere successivamente gli spettacoli. Conoscere il percorso precedente aiuta a capire meglio perch\u00e9 un\u2019opera abbia una determinata struttura, una sonorit\u00e0 specifica o un modo particolare di mettere in relazione danza, canto e musica.<\/p>\n<\/div><\/div><\/div><\/div><\/div><\/div><\/div><\/section><section class=\"l-section wpb_row height_huge color_alternate with_shape\"><div class=\"l-section-shape type_zigzag pos_top hor_flip\" style=\"height:3vmin;\"><svg xmlns=\"http:\/\/www.w3.org\/2000\/svg\" viewBox=\"0 0 64 8\" preserveAspectRatio=\"none\" width=\"100%\" height=\"100%\">\r\n\t<path fill=\"currentColor\" d=\"M64 8 L0 8 L0 0 L20 7.9 L40 3 L48 5 L64 0 Z\"\/>\r\n<\/svg><\/div><div class=\"l-section-shape type_zigzag pos_bottom\" style=\"height:3vmin;\"><svg xmlns=\"http:\/\/www.w3.org\/2000\/svg\" viewBox=\"0 0 64 8\" preserveAspectRatio=\"none\" width=\"100%\" height=\"100%\">\r\n\t<path fill=\"currentColor\" d=\"M64 8 L0 8 L0 0 L20 7.9 L40 3 L48 5 L64 0 Z\"\/>\r\n<\/svg><\/div><div class=\"l-section-h i-cf\"><div class=\"g-cols vc_row via_flex valign_top type_default stacking_default\"><div class=\"vc_col-sm-12 wpb_column vc_column_container\"><div class=\"vc_column-inner\"><div class=\"wpb_wrapper\"><div class=\"wpb_text_column\"><div class=\"wpb_wrapper\"><h2>Quali artisti partecipano a \u00abAnche l\u2019invisibile \u00e8 flamenco\u00bb<\/h2>\n<p>La Biennale ha riunito per questo progetto artisti di diverse generazioni e discipline. Tra i nomi comunicati dall\u2019organizzazione figurano:<\/p>\n<ul>\n<li><strong>Patricia Guerrero<\/strong> e il Ballet Flamenco de Andaluc\u00eda.<\/li>\n<li><strong>Manuel Li\u00f1\u00e1n<\/strong>.<\/li>\n<li><strong>Ana Morales<\/strong>.<\/li>\n<li><strong>Andr\u00e9s Mar\u00edn<\/strong>.<\/li>\n<li><strong>David Coria<\/strong>.<\/li>\n<li><strong>Juan Tom\u00e1s de la Mol\u00eda<\/strong>.<\/li>\n<li><strong>\u00c1gueda Saavedra<\/strong>.<\/li>\n<li><strong>Rosario La Tremendita<\/strong>.<\/li>\n<li><strong>Encarna Anillo<\/strong>.<\/li>\n<li><strong>Rafael Riqueni<\/strong>.<\/li>\n<li>Il sassofonista <strong>Tim Ries<\/strong>.<\/li>\n<li>La <strong>Real Orquesta Sinf\u00f3nica de Sevilla (ROSS)<\/strong>.<\/li>\n<\/ul>\n<p>La presenza di profili cos\u00ec diversi \u00e8 uno dei punti di forza della Sala. Permette di constatare che non esiste un unico modo di creare flamenco. Un ballerino, una cantante, un chitarrista, una compagnia o un\u2019orchestra partono da strumenti e tempi differenti. Proprio per questo \u00e8 interessante osservare gli elementi che condividono: ripetizione, ascolto, ricerca, memoria, intuizione e un processo costante di trasformazione.<\/p>\n<p>La comunicazione iniziale della Biennale citava anche <strong>Marina Heredia<\/strong>, anche se in quel primo annuncio la sua partecipazione risultava ancora in attesa di conferma. Preferiamo mantenere questa precisazione fino a quando l\u2019organizzazione non aggiorner\u00e0 definitivamente questo punto.<\/p>\n<\/div><\/div><\/div><\/div><\/div><\/div><\/div><\/section><section class=\"l-section wpb_row height_huge\"><div class=\"l-section-h i-cf\"><div class=\"g-cols vc_row via_flex valign_top type_default stacking_default\"><div class=\"vc_col-sm-12 wpb_column vc_column_container\"><div class=\"vc_column-inner\"><div class=\"wpb_wrapper\"><div class=\"wpb_text_column\"><div class=\"wpb_wrapper\"><h2>Laura Le\u00f3n: la fotografia come porta d\u2019ingresso alle prove<\/h2>\n<p>La scelta di Laura Le\u00f3n non \u00e8 un elemento secondario. La fotografa ha una lunga carriera documentaristica e ha collaborato con media nazionali e internazionali come <em>The New York Times<\/em>, <em>Time<\/em>, <em>Der Spiegel<\/em>, <em>The Guardian<\/em> o <em>El Pa\u00eds Semanal<\/em>. La Biennale l\u2019ha collocata in una posizione privilegiata: non fotografare lo spettacolo finito, ma entrare nei luoghi in cui viene costruito.<\/p>\n<p>Questo cambio di punto di vista modifica anche la natura delle immagini. Una prova non \u00e8 pensata per essere vista da un pubblico. Ci sono gesti di concentrazione, pause, conversazioni e ripetizioni che non fanno parte della scena finale, ma raccontano molto di essa. La Sala di sviluppo trasforma queste immagini in memoria del processo e non soltanto in materiale promozionale.<\/p>\n<p>Per un\u2019edizione che insiste sul fatto che \u00abanche l\u2019invisibile \u00e8 flamenco\u00bb, la fotografia documentaria funziona come uno strumento particolarmente coerente: fissa qualcosa che normalmente scompare non appena termina la prova e permette allo spettatore di osservarlo in seguito.<\/p>\n<\/div><\/div><\/div><\/div><\/div><\/div><\/div><\/section><section class=\"l-section wpb_row height_huge color_alternate with_shape\"><div class=\"l-section-shape type_zigzag pos_top hor_flip\" style=\"height:3vmin;\"><svg xmlns=\"http:\/\/www.w3.org\/2000\/svg\" viewBox=\"0 0 64 8\" preserveAspectRatio=\"none\" width=\"100%\" height=\"100%\">\r\n\t<path fill=\"currentColor\" d=\"M64 8 L0 8 L0 0 L20 7.9 L40 3 L48 5 L64 0 Z\"\/>\r\n<\/svg><\/div><div class=\"l-section-shape type_zigzag pos_bottom\" style=\"height:3vmin;\"><svg xmlns=\"http:\/\/www.w3.org\/2000\/svg\" viewBox=\"0 0 64 8\" preserveAspectRatio=\"none\" width=\"100%\" height=\"100%\">\r\n\t<path fill=\"currentColor\" d=\"M64 8 L0 8 L0 0 L20 7.9 L40 3 L48 5 L64 0 Z\"\/>\r\n<\/svg><\/div><div class=\"l-section-h i-cf\"><div class=\"g-cols vc_row via_flex valign_top type_default stacking_default\"><div class=\"vc_col-sm-12 wpb_column vc_column_container\"><div class=\"vc_column-inner\"><div class=\"wpb_wrapper\"><div class=\"wpb_text_column\"><div class=\"wpb_wrapper\"><h2>La Biennale si rivela anche su internet<\/h2>\n<p>Il progetto non finisce con l\u2019installazione fisica. La Biennale ha creato anche la piattaforma digitale <a href=\"https:\/\/labienalserevela.com\/\" target=\"_blank\" rel=\"noopener\">La Bienal se revela<\/a>, che completa il sito ufficiale e raccoglie interviste, cronache, gallerie, audio, podcast e video legati ai processi creativi e alle azioni sviluppate intorno all\u2019edizione 2026.<\/p>\n<p>Questo permette di seguire il progetto anche a chi non pu\u00f2 visitare Siviglia in quei giorni. E soprattutto prolunga il valore documentario dell\u2019iniziativa: prove e testimonianze smettono di essere un\u2019azione effimera per diventare un archivio a cui tornare.<\/p>\n<p>La proposta si inserisce in una tendenza particolarmente interessante del flamenco contemporaneo: documentare non solo l\u2019opera finale, ma anche la ricerca che la rende possibile. Per appassionati, studenti e professionisti pu\u00f2 essere una fonte di grande valore perch\u00e9 permette di osservare decisioni creative che quasi mai entrano nei programmi di sala o nelle tradizionali interviste promozionali.<\/p>\n<\/div><\/div><\/div><\/div><\/div><\/div><\/div><\/section><section class=\"l-section wpb_row height_huge\"><div class=\"l-section-h i-cf\"><div class=\"g-cols vc_row via_flex valign_top type_default stacking_default\"><div class=\"vc_col-sm-12 wpb_column vc_column_container\"><div class=\"vc_column-inner\"><div class=\"wpb_wrapper\"><div class=\"wpb_text_column\"><div class=\"wpb_wrapper\"><h2>Un\u2019esperienza partecipativa: il sorteggio dei biglietti della Biennale<\/h2>\n<p>Durante il percorso della Sala, la performer flamenca <strong>Noem\u00ed Mart\u00ednez Chico<\/strong>, specializzata in interventi in spazi non convenzionali, ha accompagnato l\u2019installazione e invitato il pubblico a \u00abrivelare il proprio lato pi\u00f9 flamenco\u00bb davanti alla macchina fotografica.<\/p>\n<p>La Biennale ha collegato questa partecipazione a un <strong>sorteggio di biglietti per i suoi spettacoli<\/strong>. Secondo le indicazioni diffuse dall\u2019organizzazione, chi partecipa di persona pu\u00f2 entrare nel sorteggio ed esiste anche una modalit\u00e0 per partecipare attraverso i social network, taggando <strong>@labienaldeflamenco<\/strong> e utilizzando il messaggio indicato dalla stessa Biennale.<\/p>\n<p>Poich\u00e9 le condizioni di questo tipo di iniziative possono essere aggiornate, consigliamo di consultare i profili ufficiali prima di partecipare. L\u2019aspetto pi\u00f9 interessante, in ogni caso, \u00e8 che l\u2019installazione non considera il visitatore un osservatore completamente passivo: lo integra nel racconto e trasforma la strada e lo spazio espositivo in punti d\u2019incontro.<\/p>\n<\/div><\/div><\/div><\/div><\/div><\/div><\/div><\/section><section class=\"l-section wpb_row height_huge color_alternate with_shape\"><div class=\"l-section-shape type_zigzag pos_top hor_flip\" style=\"height:3vmin;\"><svg xmlns=\"http:\/\/www.w3.org\/2000\/svg\" viewBox=\"0 0 64 8\" preserveAspectRatio=\"none\" width=\"100%\" height=\"100%\">\r\n\t<path fill=\"currentColor\" d=\"M64 8 L0 8 L0 0 L20 7.9 L40 3 L48 5 L64 0 Z\"\/>\r\n<\/svg><\/div><div class=\"l-section-shape type_zigzag pos_bottom\" style=\"height:3vmin;\"><svg xmlns=\"http:\/\/www.w3.org\/2000\/svg\" viewBox=\"0 0 64 8\" preserveAspectRatio=\"none\" width=\"100%\" height=\"100%\">\r\n\t<path fill=\"currentColor\" d=\"M64 8 L0 8 L0 0 L20 7.9 L40 3 L48 5 L64 0 Z\"\/>\r\n<\/svg><\/div><div class=\"l-section-h i-cf\"><div class=\"g-cols vc_row via_flex valign_top type_default stacking_default\"><div class=\"vc_col-sm-12 wpb_column vc_column_container\"><div class=\"vc_column-inner\"><div class=\"wpb_wrapper\"><div class=\"wpb_text_column\"><div class=\"wpb_wrapper\"><h2>Che cos\u2019altro vedere alla Real F\u00e1brica de Artiller\u00eda durante la Biennale<\/h2>\n<p>L\u2019arrivo della Sala di sviluppo alla Real F\u00e1brica de Artiller\u00eda rende particolarmente consigliabile includere questo spazio in una giornata dedicata alla Biennale. Qui si pu\u00f2 visitare anche <a href=\"https:\/\/www.tablaosflamencos.com\/la-noche-azul-opera-flamenca-bienal-sevilla-2026.html\"><strong>La noche azul<\/strong>, la mostra dedicata all\u2019epoca dell\u2019\u00d3pera Flamenca<\/a>, con un\u2019eccezionale selezione di documenti e pezzi storici.<\/p>\n<p>Il contrasto tra le due proposte \u00e8 molto suggestivo. <em>La noche azul<\/em> guarda a un momento fondamentale della storia del flamenco, mentre la Sala di sviluppo osserva il presente ancora in costruzione. Una conserva le tracce del passato; l\u2019altra documenta ci\u00f2 che sta accadendo ora e che tra qualche anno far\u00e0 anch\u2019esso parte della memoria flamenca.<\/p>\n<p>Se stai organizzando diversi programmi intorno al festival, consulta anche la nostra guida alle <a href=\"https:\/\/www.tablaosflamencos.com\/actividades-paralelas-bienal-flamenco-sevilla-2026.html\">attivit\u00e0 parallele della Biennale 2026<\/a>, la selezione di <a href=\"https:\/\/www.tablaosflamencos.com\/bienal-flamenco-sevilla-2026-gratis.html\">spettacoli e attivit\u00e0 della Biennale che si possono vivere gratuitamente<\/a> e la nostra guida su <a href=\"https:\/\/www.tablaosflamencos.com\/que-hacer-sevilla-durante-bienal-flamenco-2026.html\">cosa fare a Siviglia durante la Biennale di Flamenco 2026<\/a>.<\/p>\n<\/div><\/div><\/div><\/div><\/div><\/div><\/div><\/section><section class=\"l-section wpb_row height_huge\"><div class=\"l-section-h i-cf\"><div class=\"g-cols vc_row via_flex valign_top type_default stacking_default\"><div class=\"vc_col-sm-12 wpb_column vc_column_container\"><div class=\"vc_column-inner\"><div class=\"wpb_wrapper\"><div class=\"wpb_text_column\"><div class=\"wpb_wrapper\"><h2>Informazioni pratiche<\/h2>\n<table>\n<tbody>\n<tr>\n<th>Attivit\u00e0<\/th>\n<td>Sala di sviluppo \u2014 \u00abAnche l\u2019invisibile \u00e8 flamenco\u00bb<\/td>\n<\/tr>\n<tr>\n<th>Evento<\/th>\n<td>XXIV Biennale di Flamenco di Siviglia 2026<\/td>\n<\/tr>\n<tr>\n<th>Tipo<\/th>\n<td>Installazione visiva, sonora e partecipativa sui processi creativi<\/td>\n<\/tr>\n<tr>\n<th>Ubicazione dal 5 settembre<\/th>\n<td>Real F\u00e1brica de Artiller\u00eda, Siviglia<\/td>\n<\/tr>\n<tr>\n<th>Percorso precedente<\/th>\n<td>San Jacinto (Triana), Enramadilla (Prado\/Nervi\u00f3n) e Plaza Calder\u00f3n de la Barca (calle Feria)<\/td>\n<\/tr>\n<tr>\n<th>Contenuti<\/th>\n<td>Fotografie, prove, testimonianze, podcast, interviste e video<\/td>\n<\/tr>\n<tr>\n<th>Fotografia<\/th>\n<td>Laura Le\u00f3n<\/td>\n<\/tr>\n<tr>\n<th>Orari<\/th>\n<td>Nelle informazioni consultate l\u2019organizzazione non ha pubblicato un orario indipendente specifico per la Sala<\/td>\n<\/tr>\n<tr>\n<th>Informazioni ufficiali<\/th>\n<td><a href=\"https:\/\/www.labienal.com\/\" target=\"_blank\" rel=\"noopener\">labienal.com<\/a> e <a href=\"https:\/\/labienalserevela.com\/\" target=\"_blank\" rel=\"noopener\">labienalserevela.com<\/a><\/td>\n<\/tr>\n<\/tbody>\n<\/table>\n<p><small>Informazioni verificate il 5 settembre 2026. La programmazione, le condizioni di accesso e le attivit\u00e0 partecipative possono subire modifiche, quindi consigliamo di controllare i canali ufficiali prima di spostarsi.<\/small><\/p>\n<\/div><\/div><\/div><\/div><\/div><\/div><\/div><\/section><section class=\"l-section wpb_row height_huge color_alternate with_shape\"><div class=\"l-section-shape type_zigzag pos_top hor_flip\" style=\"height:3vmin;\"><svg xmlns=\"http:\/\/www.w3.org\/2000\/svg\" viewBox=\"0 0 64 8\" preserveAspectRatio=\"none\" width=\"100%\" height=\"100%\">\r\n\t<path fill=\"currentColor\" d=\"M64 8 L0 8 L0 0 L20 7.9 L40 3 L48 5 L64 0 Z\"\/>\r\n<\/svg><\/div><div class=\"l-section-shape type_zigzag pos_bottom\" style=\"height:3vmin;\"><svg xmlns=\"http:\/\/www.w3.org\/2000\/svg\" viewBox=\"0 0 64 8\" preserveAspectRatio=\"none\" width=\"100%\" height=\"100%\">\r\n\t<path fill=\"currentColor\" d=\"M64 8 L0 8 L0 0 L20 7.9 L40 3 L48 5 L64 0 Z\"\/>\r\n<\/svg><\/div><div class=\"l-section-h i-cf\"><div class=\"g-cols vc_row via_flex valign_top type_default stacking_default\"><div class=\"vc_col-sm-12 wpb_column vc_column_container\"><div class=\"vc_column-inner\"><div class=\"wpb_wrapper\"><div class=\"wpb_text_column\"><div class=\"wpb_wrapper\"><h2>Il nostro consiglio<\/h2>\n<p>La Sala di sviluppo merita una visita soprattutto se hai gi\u00e0 i biglietti per uno degli artisti presenti nel progetto. Vedere prima una parte del suo processo creativo e assistere poi allo spettacolo pu\u00f2 offrire una lettura diversa dell\u2019opera.<\/p>\n<p>La consigliamo anche a chi \u00e8 curioso di capire come si costruisce il flamenco contemporaneo. Non \u00e8 una proposta pensata soltanto per gli specialisti: uno dei suoi obiettivi \u00e8 proprio avvicinare questo lavoro invisibile a persone che forse non sono mai entrate in una sala prove. Per chi studia danza, canto, chitarra, composizione, regia scenica o fotografia, l\u2019interesse \u00e8 ancora maggiore.<\/p>\n<p>C\u2019\u00e8 inoltre un altro motivo per visitarla: questa attivit\u00e0 riassume molto bene una delle idee pi\u00f9 interessanti della Biennale 2026. Il flamenco non comincia quando si alza il sipario. Prima ci sono ore di lavoro che raramente vediamo. La Sala di sviluppo mette l\u2019attenzione esattamente l\u00ec.<\/p>\n<\/div><\/div><\/div><\/div><\/div><\/div><\/div><\/section><section class=\"l-section wpb_row height_huge\"><div class=\"l-section-h i-cf\"><div class=\"g-cols vc_row via_flex valign_top type_default stacking_default\"><div class=\"vc_col-sm-1\/5 wpb_column vc_column_container\"><div class=\"vc_column-inner\"><div class=\"wpb_wrapper\"><\/div><\/div><\/div><div class=\"vc_col-sm-3\/5 wpb_column vc_column_container\"><div class=\"vc_column-inner\"><div class=\"wpb_wrapper\"><div class=\"wpb_text_column\"><div class=\"wpb_wrapper\"><h2>Domande frequenti sulla Sala di sviluppo<\/h2>\n<\/div><\/div><div class=\"w-separator size_medium\"><\/div><div class=\"w-tabs accordion toggle_style_1 has_scrolling\" style=\"--sections-title-size:inherit;--sections-gap:0.5rem;\"><div class=\"w-tabs-sections titles-align_none icon_chevron cpos_right\"><div class=\"w-tabs-section\" id=\"l8c2\"><button type=\"button\" class=\"w-tabs-section-header\" aria-controls=\"content-l8c2\" aria-expanded=\"false\"><div class=\"w-tabs-section-title\">Dove si trova adesso la Sala di sviluppo della Biennale 2026?<\/div><div class=\"w-tabs-section-control\"><\/div><\/button><div  class=\"w-tabs-section-content\" id=\"content-l8c2\"><div class=\"w-tabs-section-content-h i-cf\"><div class=\"wpb_text_column\"><div class=\"wpb_wrapper\"><p>Da sabato 5 settembre 2026 l\u2019installazione si trova presso la <strong>Real F\u00e1brica de Artiller\u00eda di Siviglia<\/strong>, dopo essere passata per Triana, la zona di El Prado\/Nervi\u00f3n e i dintorni di calle Feria.<\/p>\n<\/div><\/div><\/div><\/div><\/div><div class=\"w-tabs-section\" id=\"t9c2\"><button type=\"button\" class=\"w-tabs-section-header\" aria-controls=\"content-t9c2\" aria-expanded=\"false\"><div class=\"w-tabs-section-title\">Che cosa si vede nella Sala di sviluppo?<\/div><div class=\"w-tabs-section-control\"><\/div><\/button><div  class=\"w-tabs-section-content\" id=\"content-t9c2\"><div class=\"w-tabs-section-content-h i-cf\"><div class=\"wpb_text_column\"><div class=\"wpb_wrapper\"><p>Fotografie documentarie dei processi creativi, momenti di prova e materiali che mostrano come lavorano diversi artisti della Biennale. L\u2019esperienza si amplia con interviste, voci, podcast e altri contenuti audiovisivi.<\/p>\n<\/div><\/div><\/div><\/div><\/div><div class=\"w-tabs-section\" id=\"aaaf\"><button type=\"button\" class=\"w-tabs-section-header\" aria-controls=\"content-aaaf\" aria-expanded=\"false\"><div class=\"w-tabs-section-title\">Quali artisti compaiono nel progetto?<\/div><div class=\"w-tabs-section-control\"><\/div><\/button><div  class=\"w-tabs-section-content\" id=\"content-aaaf\"><div class=\"w-tabs-section-content-h i-cf\"><div class=\"wpb_text_column\"><div class=\"wpb_wrapper\"><p>Tra i nomi diffusi dalla Biennale figurano Patricia Guerrero e il Ballet Flamenco de Andaluc\u00eda, Manuel Li\u00f1\u00e1n, Ana Morales, Andr\u00e9s Mar\u00edn, David Coria, Juan Tom\u00e1s de la Mol\u00eda, \u00c1gueda Saavedra, Rosario La Tremendita, Encarna Anillo, Rafael Riqueni, Tim Ries e la Real Orquesta Sinf\u00f3nica de Sevilla.<\/p>\n<\/div><\/div><\/div><\/div><\/div><div class=\"w-tabs-section\" id=\"fb8c\"><button type=\"button\" class=\"w-tabs-section-header\" aria-controls=\"content-fb8c\" aria-expanded=\"false\"><div class=\"w-tabs-section-title\">Bisogna acquistare un biglietto per la Sala di sviluppo?<\/div><div class=\"w-tabs-section-control\"><\/div><\/button><div  class=\"w-tabs-section-content\" id=\"content-fb8c\"><div class=\"w-tabs-section-content-h i-cf\"><div class=\"wpb_text_column\"><div class=\"wpb_wrapper\"><p>Le informazioni ufficiali consultate non indicano un biglietto, un prezzo o un sistema di prenotazione specifico per questa installazione. Durante il percorso iniziale si \u00e8 trattato di un\u2019azione aperta al pubblico in diversi punti della strada. Da quando \u00e8 installata alla Real F\u00e1brica de Artiller\u00eda, consigliamo di verificare le condizioni di accesso aggiornate del luogo e della Biennale.<\/p>\n<\/div><\/div><\/div><\/div><\/div><div class=\"w-tabs-section\" id=\"xc8d\"><button type=\"button\" class=\"w-tabs-section-header\" aria-controls=\"content-xc8d\" aria-expanded=\"false\"><div class=\"w-tabs-section-title\">Quali sono gli orari della Sala di sviluppo?<\/div><div class=\"w-tabs-section-control\"><\/div><\/button><div  class=\"w-tabs-section-content\" id=\"content-xc8d\"><div class=\"w-tabs-section-content-h i-cf\"><div class=\"wpb_text_column\"><div class=\"wpb_wrapper\"><p>Nelle informazioni consultate la Biennale non ha pubblicato un orario indipendente specifico per la Sala una volta installata alla Real F\u00e1brica de Artiller\u00eda. \u00c8 consigliabile consultare il sito e i profili ufficiali prima della visita.<\/p>\n<\/div><\/div><\/div><\/div><\/div><div class=\"w-tabs-section\" id=\"id6a\"><button type=\"button\" class=\"w-tabs-section-header\" aria-controls=\"content-id6a\" aria-expanded=\"false\"><div class=\"w-tabs-section-title\">Si pu\u00f2 partecipare al sorteggio dei biglietti della Biennale?<\/div><div class=\"w-tabs-section-control\"><\/div><\/button><div  class=\"w-tabs-section-content\" id=\"content-id6a\"><div class=\"w-tabs-section-content-h i-cf\"><div class=\"wpb_text_column\"><div class=\"wpb_wrapper\"><p>S\u00ec. L\u2019organizzazione ha collegato l\u2019azione partecipativa di \u00abrivelare il proprio lato pi\u00f9 flamenco\u00bb a un sorteggio di biglietti. Poich\u00e9 le istruzioni possono essere aggiornate, consigliamo di consultare i profili ufficiali della Biennale per conoscere le condizioni in vigore.<\/p>\n<\/div><\/div><\/div><\/div><\/div><\/div><\/div><\/div><\/div><\/div><div class=\"vc_col-sm-1\/5 wpb_column vc_column_container\"><div class=\"vc_column-inner\"><div class=\"wpb_wrapper\"><\/div><\/div><\/div><\/div><\/div><\/section><section class=\"l-section wpb_row height_huge\"><div class=\"l-section-h i-cf\"><div class=\"g-cols vc_row via_flex valign_top type_default stacking_default\"><div class=\"vc_col-sm-12 wpb_column vc_column_container\"><div class=\"vc_column-inner\"><div class=\"wpb_wrapper\"><div class=\"wpb_text_column\"><div class=\"wpb_wrapper\"><h2>Maggiori informazioni sulla Biennale di Flamenco di Siviglia 2026<\/h2>\n<p>La Sala di sviluppo fa parte di un\u2019edizione particolarmente ampia, con spettacoli, mostre, incontri e attivit\u00e0 in diversi spazi di Siviglia. Puoi seguire tutta la nostra copertura nella <a href=\"https:\/\/www.tablaosflamencos.com\/bienal-flamenco-sevilla\"><strong>guida alla Biennale di Flamenco di Siviglia<\/strong><\/a>, dove raccogliamo programmazione, biglietti, artisti, spazi e consigli pratici.<\/p>\n<\/div><\/div><\/div><\/div><\/div><\/div><\/div><\/section>\n","protected":false},"excerpt":{"rendered":"<p>Scopri la Sala di sviluppo della Biennale di Flamenco di Siviglia 2026, un\u2019installazione su prove, processi creativi, fotografie, interviste e podcast dietro gli spettacoli.<\/p>\n","protected":false},"author":1,"featured_media":14945,"comment_status":"closed","ping_status":"closed","sticky":false,"template":"","format":"standard","meta":{"_acf_changed":false,"wpai_generated_summary":"","_ayudawp_aiss_exclude":false,"_ayudawp_aiss_exclude_summary":false,"_ayudawp_aiss_summary":"","_ayudawp_aiss_summary_provider":"","_ayudawp_aiss_summary_hash":"","footnotes":""},"categories":[1429],"tags":[1250,1251,1864,1177,1253],"class_list":["post-15064","post","type-post","status-publish","format-standard","has-post-thumbnail","hentry","category-biennale-di-flamenco","tag-bienal-2026","tag-bienal-de-flamenco","tag-cose-da-fare-a-siviglia","tag-flamenco-en-sevilla","tag-sevilla"],"acf":[],"yoast_head":"<!-- This site is optimized with the Yoast SEO Premium plugin v28.4 (Yoast SEO v28.4) - https:\/\/yoast.com\/product\/yoast-seo-premium-wordpress\/ -->\n<title>Sala di sviluppo Biennale di Flamenco 2026<\/title>\n<meta name=\"description\" content=\"Scopri la Sala di sviluppo della Biennale di Flamenco 2026: artisti, percorso, fotografie, podcast e sede alla Real F\u00e1brica de Artiller\u00eda.\" \/>\n<meta name=\"robots\" content=\"index, follow, max-snippet:-1, max-image-preview:large, max-video-preview:-1\" \/>\n<link rel=\"canonical\" href=\"https:\/\/www.tablaosflamencos.com\/it\/sala-sviluppo-biennale-flamenco-siviglia-2026.html\" \/>\n<meta property=\"og:locale\" content=\"it_IT\" \/>\n<meta property=\"og:type\" content=\"article\" \/>\n<meta property=\"og:title\" content=\"Sala di sviluppo della Biennale di Flamenco 2026: \u00abAnche l\u2019invisibile \u00e8 flamenco\u00bb\" \/>\n<meta property=\"og:description\" content=\"Scopri la Sala di sviluppo della Biennale di Flamenco 2026: artisti, percorso, fotografie, podcast e sede alla Real F\u00e1brica de Artiller\u00eda.\" \/>\n<meta property=\"og:url\" content=\"https:\/\/www.tablaosflamencos.com\/it\/sala-sviluppo-biennale-flamenco-siviglia-2026.html\" \/>\n<meta property=\"og:site_name\" content=\"Tablaos Flamencos\" \/>\n<meta property=\"article:publisher\" content=\"https:\/\/www.facebook.com\/tablaosflamencos\" \/>\n<meta property=\"article:published_time\" content=\"2026-09-06T14:35:39+00:00\" \/>\n<meta property=\"article:modified_time\" content=\"2026-09-06T15:04:22+00:00\" \/>\n<meta property=\"og:image\" content=\"https:\/\/www.tablaosflamencos.com\/wp-content\/uploads\/sala-de-revelado-de-la-bienal-de-flamenco-2026-lo-invisible-tambien-es-flamenco-01.webp\" \/>\n\t<meta property=\"og:image:width\" content=\"1672\" \/>\n\t<meta property=\"og:image:height\" content=\"941\" \/>\n\t<meta property=\"og:image:type\" content=\"image\/webp\" \/>\n<meta name=\"author\" content=\"Miguel Ortiz\" \/>\n<meta name=\"twitter:card\" content=\"summary_large_image\" \/>\n<meta name=\"twitter:creator\" content=\"@tablaosflamenco\" \/>\n<meta name=\"twitter:site\" content=\"@tablaosflamenco\" \/>\n<meta name=\"twitter:label1\" content=\"Scritto da\" \/>\n\t<meta name=\"twitter:data1\" content=\"Miguel Ortiz\" \/>\n\t<meta name=\"twitter:label2\" content=\"Tempo di lettura stimato\" \/>\n\t<meta name=\"twitter:data2\" content=\"14 minuti\" \/>\n<script type=\"application\/ld+json\" class=\"yoast-schema-graph\">{\"@context\":\"https:\\\/\\\/schema.org\",\"@graph\":[{\"@type\":\"Article\",\"@id\":\"https:\\\/\\\/www.tablaosflamencos.com\\\/it\\\/sala-sviluppo-biennale-flamenco-siviglia-2026.html#article\",\"isPartOf\":{\"@id\":\"https:\\\/\\\/www.tablaosflamencos.com\\\/it\\\/sala-sviluppo-biennale-flamenco-siviglia-2026.html\"},\"author\":{\"name\":\"Miguel Ortiz\",\"@id\":\"https:\\\/\\\/www.tablaosflamencos.com\\\/it#\\\/schema\\\/person\\\/e7a9ebe14eb75a52ceabfbffb3c54f5d\"},\"headline\":\"Sala di sviluppo della Biennale di Flamenco 2026: \u00abAnche l\u2019invisibile \u00e8 flamenco\u00bb\",\"datePublished\":\"2026-09-06T14:35:39+00:00\",\"dateModified\":\"2026-09-06T15:04:22+00:00\",\"mainEntityOfPage\":{\"@id\":\"https:\\\/\\\/www.tablaosflamencos.com\\\/it\\\/sala-sviluppo-biennale-flamenco-siviglia-2026.html\"},\"wordCount\":2831,\"publisher\":{\"@id\":\"https:\\\/\\\/www.tablaosflamencos.com\\\/it#organization\"},\"image\":{\"@id\":\"https:\\\/\\\/www.tablaosflamencos.com\\\/it\\\/sala-sviluppo-biennale-flamenco-siviglia-2026.html#primaryimage\"},\"thumbnailUrl\":\"https:\\\/\\\/www.tablaosflamencos.com\\\/wp-content\\\/uploads\\\/sala-de-revelado-de-la-bienal-de-flamenco-2026-lo-invisible-tambien-es-flamenco-01.webp\",\"keywords\":[\"Bienal 2026\",\"Bienal de Flamenco\",\"cose da fare a Siviglia\",\"flamenco en Sevilla\",\"sevilla\"],\"articleSection\":[\"Biennale di Flamenco\"],\"inLanguage\":\"it-IT\"},{\"@type\":\"WebPage\",\"@id\":\"https:\\\/\\\/www.tablaosflamencos.com\\\/it\\\/sala-sviluppo-biennale-flamenco-siviglia-2026.html\",\"url\":\"https:\\\/\\\/www.tablaosflamencos.com\\\/it\\\/sala-sviluppo-biennale-flamenco-siviglia-2026.html\",\"name\":\"Sala di sviluppo Biennale di Flamenco 2026\",\"isPartOf\":{\"@id\":\"https:\\\/\\\/www.tablaosflamencos.com\\\/it#website\"},\"primaryImageOfPage\":{\"@id\":\"https:\\\/\\\/www.tablaosflamencos.com\\\/it\\\/sala-sviluppo-biennale-flamenco-siviglia-2026.html#primaryimage\"},\"image\":{\"@id\":\"https:\\\/\\\/www.tablaosflamencos.com\\\/it\\\/sala-sviluppo-biennale-flamenco-siviglia-2026.html#primaryimage\"},\"thumbnailUrl\":\"https:\\\/\\\/www.tablaosflamencos.com\\\/wp-content\\\/uploads\\\/sala-de-revelado-de-la-bienal-de-flamenco-2026-lo-invisible-tambien-es-flamenco-01.webp\",\"datePublished\":\"2026-09-06T14:35:39+00:00\",\"dateModified\":\"2026-09-06T15:04:22+00:00\",\"description\":\"Scopri la Sala di sviluppo della Biennale di Flamenco 2026: artisti, percorso, fotografie, podcast e sede alla Real F\u00e1brica de Artiller\u00eda.\",\"breadcrumb\":{\"@id\":\"https:\\\/\\\/www.tablaosflamencos.com\\\/it\\\/sala-sviluppo-biennale-flamenco-siviglia-2026.html#breadcrumb\"},\"inLanguage\":\"it-IT\",\"potentialAction\":[{\"@type\":\"ReadAction\",\"target\":[\"https:\\\/\\\/www.tablaosflamencos.com\\\/it\\\/sala-sviluppo-biennale-flamenco-siviglia-2026.html\"]}]},{\"@type\":\"ImageObject\",\"inLanguage\":\"it-IT\",\"@id\":\"https:\\\/\\\/www.tablaosflamencos.com\\\/it\\\/sala-sviluppo-biennale-flamenco-siviglia-2026.html#primaryimage\",\"url\":\"https:\\\/\\\/www.tablaosflamencos.com\\\/wp-content\\\/uploads\\\/sala-de-revelado-de-la-bienal-de-flamenco-2026-lo-invisible-tambien-es-flamenco-01.webp\",\"contentUrl\":\"https:\\\/\\\/www.tablaosflamencos.com\\\/wp-content\\\/uploads\\\/sala-de-revelado-de-la-bienal-de-flamenco-2026-lo-invisible-tambien-es-flamenco-01.webp\",\"width\":1672,\"height\":941,\"caption\":\"Sala de revelado de la Bienal de Flamenco 2026: \u201cLo invisible tambi\u00e9n es flamenco\u201d\"},{\"@type\":\"BreadcrumbList\",\"@id\":\"https:\\\/\\\/www.tablaosflamencos.com\\\/it\\\/sala-sviluppo-biennale-flamenco-siviglia-2026.html#breadcrumb\",\"itemListElement\":[{\"@type\":\"ListItem\",\"position\":1,\"name\":\"Home\",\"item\":\"https:\\\/\\\/www.tablaosflamencos.com\\\/it\"},{\"@type\":\"ListItem\",\"position\":2,\"name\":\"Sala di sviluppo della Biennale di Flamenco 2026: \u00abAnche l\u2019invisibile \u00e8 flamenco\u00bb\"}]},{\"@type\":\"WebSite\",\"@id\":\"https:\\\/\\\/www.tablaosflamencos.com\\\/it#website\",\"url\":\"https:\\\/\\\/www.tablaosflamencos.com\\\/it\",\"name\":\"Tablaos Flamencos\",\"description\":\"Entradas para tablaos flamencos de Espa\u00f1a\",\"publisher\":{\"@id\":\"https:\\\/\\\/www.tablaosflamencos.com\\\/it#organization\"},\"alternateName\":\"Tablaos Flamencos\",\"potentialAction\":[{\"@type\":\"SearchAction\",\"target\":{\"@type\":\"EntryPoint\",\"urlTemplate\":\"https:\\\/\\\/www.tablaosflamencos.com\\\/it?s={search_term_string}\"},\"query-input\":{\"@type\":\"PropertyValueSpecification\",\"valueRequired\":true,\"valueName\":\"search_term_string\"}}],\"inLanguage\":\"it-IT\"},{\"@type\":[\"Organization\",\"Place\",\"EntertainmentBusiness\"],\"@id\":\"https:\\\/\\\/www.tablaosflamencos.com\\\/it#organization\",\"name\":\"Tablaos Flamencos\",\"alternateName\":\"Tablaos Flamencos\",\"url\":\"https:\\\/\\\/www.tablaosflamencos.com\\\/it\",\"logo\":{\"@id\":\"https:\\\/\\\/www.tablaosflamencos.com\\\/it\\\/sala-sviluppo-biennale-flamenco-siviglia-2026.html#local-main-organization-logo\"},\"image\":{\"@id\":\"https:\\\/\\\/www.tablaosflamencos.com\\\/it\\\/sala-sviluppo-biennale-flamenco-siviglia-2026.html#local-main-organization-logo\"},\"sameAs\":[\"https:\\\/\\\/www.facebook.com\\\/tablaosflamencos\",\"https:\\\/\\\/x.com\\\/tablaosflamenco\",\"https:\\\/\\\/mastodon.social\\\/@tablaosflamencos\",\"https:\\\/\\\/www.instagram.com\\\/tablaosflamencos\",\"https:\\\/\\\/tiktok.com\\\/@tablaosflamencos\",\"https:\\\/\\\/www.linkedin.com\\\/company\\\/109408238\\\/\"],\"description\":\"Venta de entradas para espect\u00e1culos flamencos\",\"legalName\":\"Tablaos Flamencos\",\"foundingDate\":\"2015-01-01\",\"numberOfEmployees\":{\"@type\":\"QuantitativeValue\",\"minValue\":\"1\",\"maxValue\":\"10\"},\"address\":{\"@id\":\"https:\\\/\\\/www.tablaosflamencos.com\\\/it\\\/sala-sviluppo-biennale-flamenco-siviglia-2026.html#local-main-place-address\"},\"geo\":{\"@type\":\"GeoCoordinates\",\"latitude\":\"37.3868072\",\"longitude\":\"-5.993280299999999\"},\"telephone\":[\"+34623787787\"],\"contactPoint\":{\"@type\":\"ContactPoint\",\"telephone\":\"+34623787787\",\"email\":\"info@tablaosflamencos.com\"},\"openingHoursSpecification\":{\"@type\":\"OpeningHoursSpecification\",\"dayOfWeek\":[\"Monday\",\"Tuesday\",\"Wednesday\",\"Thursday\",\"Friday\",\"Saturday\",\"Sunday\"],\"opens\":\"00:00\",\"closes\":\"23:59\"},\"email\":\"info@tablaosflamencos.com\",\"priceRange\":\"$$$\",\"currenciesAccepted\":\"\u20ac\"},{\"@type\":\"Person\",\"@id\":\"https:\\\/\\\/www.tablaosflamencos.com\\\/it#\\\/schema\\\/person\\\/e7a9ebe14eb75a52ceabfbffb3c54f5d\",\"name\":\"Miguel Ortiz\",\"description\":\"Miguel Ortiz es un empresario flamenco, con una s\u00f3lida trayectoria dentro del sector. Ha presidido entidades culturales vinculadas al flamenco y, cuenta con un amplio recorrido profesional en la gesti\u00f3n y promoci\u00f3n de espect\u00e1culos y tablaos flamencos. Su pasi\u00f3n por la historia y el arte flamenco se refleja en cada art\u00edculo, donde combina experiencia, criterio y un profundo respeto por la tradici\u00f3n.\",\"sameAs\":[\"https:\\\/\\\/www.tablaosflamencos.com\",\"https:\\\/\\\/www.instagra.com\\\/miguelortizfe\",\"https:\\\/\\\/www.linkedin.com\\\/in\\\/miguelortizf\\\/\"],\"birthDate\":\"1984-11-22\",\"gender\":\"hombre\",\"knowsLanguage\":[\"espa\u00f1ol\",\"ingl\u00e9s\"],\"jobTitle\":\"Empresario flamenco\"},{\"@type\":\"PostalAddress\",\"@id\":\"https:\\\/\\\/www.tablaosflamencos.com\\\/it\\\/sala-sviluppo-biennale-flamenco-siviglia-2026.html#local-main-place-address\",\"streetAddress\":\"C\\\/ Alemanes, 19\",\"addressLocality\":\"Sevilla\",\"postalCode\":\"41004\",\"addressRegion\":\"Sevilla\",\"addressCountry\":\"ES\"},{\"@type\":\"ImageObject\",\"inLanguage\":\"it-IT\",\"@id\":\"https:\\\/\\\/www.tablaosflamencos.com\\\/it\\\/sala-sviluppo-biennale-flamenco-siviglia-2026.html#local-main-organization-logo\",\"url\":\"https:\\\/\\\/www.tablaosflamencos.com\\\/wp-content\\\/uploads\\\/tablaos-flamencos-06-3.webp\",\"contentUrl\":\"https:\\\/\\\/www.tablaosflamencos.com\\\/wp-content\\\/uploads\\\/tablaos-flamencos-06-3.webp\",\"width\":600,\"height\":620,\"caption\":\"Tablaos Flamencos\"}]}<\/script>\n<meta name=\"geo.placename\" content=\"Sevilla\" \/>\n<meta name=\"geo.position\" content=\"37.3868072;-5.993280299999999\" \/>\n<meta name=\"geo.region\" content=\"Spagna\" \/>\n<!-- \/ Yoast SEO Premium plugin. -->","yoast_head_json":{"title":"Sala di sviluppo Biennale di Flamenco 2026","description":"Scopri la Sala di sviluppo della Biennale di Flamenco 2026: artisti, percorso, fotografie, podcast e sede alla Real F\u00e1brica de Artiller\u00eda.","robots":{"index":"index","follow":"follow","max-snippet":"max-snippet:-1","max-image-preview":"max-image-preview:large","max-video-preview":"max-video-preview:-1"},"canonical":"https:\/\/www.tablaosflamencos.com\/it\/sala-sviluppo-biennale-flamenco-siviglia-2026.html","og_locale":"it_IT","og_type":"article","og_title":"Sala di sviluppo della Biennale di Flamenco 2026: \u00abAnche l\u2019invisibile \u00e8 flamenco\u00bb","og_description":"Scopri la Sala di sviluppo della Biennale di Flamenco 2026: artisti, percorso, fotografie, podcast e sede alla Real F\u00e1brica de Artiller\u00eda.","og_url":"https:\/\/www.tablaosflamencos.com\/it\/sala-sviluppo-biennale-flamenco-siviglia-2026.html","og_site_name":"Tablaos Flamencos","article_publisher":"https:\/\/www.facebook.com\/tablaosflamencos","article_published_time":"2026-09-06T14:35:39+00:00","article_modified_time":"2026-09-06T15:04:22+00:00","og_image":[{"width":1672,"height":941,"url":"https:\/\/www.tablaosflamencos.com\/wp-content\/uploads\/sala-de-revelado-de-la-bienal-de-flamenco-2026-lo-invisible-tambien-es-flamenco-01.webp","type":"image\/webp"}],"author":"Miguel Ortiz","twitter_card":"summary_large_image","twitter_creator":"@tablaosflamenco","twitter_site":"@tablaosflamenco","twitter_misc":{"Scritto da":"Miguel Ortiz","Tempo di lettura stimato":"14 minuti"},"schema":{"@context":"https:\/\/schema.org","@graph":[{"@type":"Article","@id":"https:\/\/www.tablaosflamencos.com\/it\/sala-sviluppo-biennale-flamenco-siviglia-2026.html#article","isPartOf":{"@id":"https:\/\/www.tablaosflamencos.com\/it\/sala-sviluppo-biennale-flamenco-siviglia-2026.html"},"author":{"name":"Miguel Ortiz","@id":"https:\/\/www.tablaosflamencos.com\/it#\/schema\/person\/e7a9ebe14eb75a52ceabfbffb3c54f5d"},"headline":"Sala di sviluppo della Biennale di Flamenco 2026: \u00abAnche l\u2019invisibile \u00e8 flamenco\u00bb","datePublished":"2026-09-06T14:35:39+00:00","dateModified":"2026-09-06T15:04:22+00:00","mainEntityOfPage":{"@id":"https:\/\/www.tablaosflamencos.com\/it\/sala-sviluppo-biennale-flamenco-siviglia-2026.html"},"wordCount":2831,"publisher":{"@id":"https:\/\/www.tablaosflamencos.com\/it#organization"},"image":{"@id":"https:\/\/www.tablaosflamencos.com\/it\/sala-sviluppo-biennale-flamenco-siviglia-2026.html#primaryimage"},"thumbnailUrl":"https:\/\/www.tablaosflamencos.com\/wp-content\/uploads\/sala-de-revelado-de-la-bienal-de-flamenco-2026-lo-invisible-tambien-es-flamenco-01.webp","keywords":["Bienal 2026","Bienal de Flamenco","cose da fare a Siviglia","flamenco en Sevilla","sevilla"],"articleSection":["Biennale di Flamenco"],"inLanguage":"it-IT"},{"@type":"WebPage","@id":"https:\/\/www.tablaosflamencos.com\/it\/sala-sviluppo-biennale-flamenco-siviglia-2026.html","url":"https:\/\/www.tablaosflamencos.com\/it\/sala-sviluppo-biennale-flamenco-siviglia-2026.html","name":"Sala di sviluppo Biennale di Flamenco 2026","isPartOf":{"@id":"https:\/\/www.tablaosflamencos.com\/it#website"},"primaryImageOfPage":{"@id":"https:\/\/www.tablaosflamencos.com\/it\/sala-sviluppo-biennale-flamenco-siviglia-2026.html#primaryimage"},"image":{"@id":"https:\/\/www.tablaosflamencos.com\/it\/sala-sviluppo-biennale-flamenco-siviglia-2026.html#primaryimage"},"thumbnailUrl":"https:\/\/www.tablaosflamencos.com\/wp-content\/uploads\/sala-de-revelado-de-la-bienal-de-flamenco-2026-lo-invisible-tambien-es-flamenco-01.webp","datePublished":"2026-09-06T14:35:39+00:00","dateModified":"2026-09-06T15:04:22+00:00","description":"Scopri la Sala di sviluppo della Biennale di Flamenco 2026: artisti, percorso, fotografie, podcast e sede alla Real F\u00e1brica de Artiller\u00eda.","breadcrumb":{"@id":"https:\/\/www.tablaosflamencos.com\/it\/sala-sviluppo-biennale-flamenco-siviglia-2026.html#breadcrumb"},"inLanguage":"it-IT","potentialAction":[{"@type":"ReadAction","target":["https:\/\/www.tablaosflamencos.com\/it\/sala-sviluppo-biennale-flamenco-siviglia-2026.html"]}]},{"@type":"ImageObject","inLanguage":"it-IT","@id":"https:\/\/www.tablaosflamencos.com\/it\/sala-sviluppo-biennale-flamenco-siviglia-2026.html#primaryimage","url":"https:\/\/www.tablaosflamencos.com\/wp-content\/uploads\/sala-de-revelado-de-la-bienal-de-flamenco-2026-lo-invisible-tambien-es-flamenco-01.webp","contentUrl":"https:\/\/www.tablaosflamencos.com\/wp-content\/uploads\/sala-de-revelado-de-la-bienal-de-flamenco-2026-lo-invisible-tambien-es-flamenco-01.webp","width":1672,"height":941,"caption":"Sala de revelado de la Bienal de Flamenco 2026: \u201cLo invisible tambi\u00e9n es flamenco\u201d"},{"@type":"BreadcrumbList","@id":"https:\/\/www.tablaosflamencos.com\/it\/sala-sviluppo-biennale-flamenco-siviglia-2026.html#breadcrumb","itemListElement":[{"@type":"ListItem","position":1,"name":"Home","item":"https:\/\/www.tablaosflamencos.com\/it"},{"@type":"ListItem","position":2,"name":"Sala di sviluppo della Biennale di Flamenco 2026: \u00abAnche l\u2019invisibile \u00e8 flamenco\u00bb"}]},{"@type":"WebSite","@id":"https:\/\/www.tablaosflamencos.com\/it#website","url":"https:\/\/www.tablaosflamencos.com\/it","name":"Tablaos Flamencos","description":"Entradas para tablaos flamencos de Espa\u00f1a","publisher":{"@id":"https:\/\/www.tablaosflamencos.com\/it#organization"},"alternateName":"Tablaos Flamencos","potentialAction":[{"@type":"SearchAction","target":{"@type":"EntryPoint","urlTemplate":"https:\/\/www.tablaosflamencos.com\/it?s={search_term_string}"},"query-input":{"@type":"PropertyValueSpecification","valueRequired":true,"valueName":"search_term_string"}}],"inLanguage":"it-IT"},{"@type":["Organization","Place","EntertainmentBusiness"],"@id":"https:\/\/www.tablaosflamencos.com\/it#organization","name":"Tablaos Flamencos","alternateName":"Tablaos Flamencos","url":"https:\/\/www.tablaosflamencos.com\/it","logo":{"@id":"https:\/\/www.tablaosflamencos.com\/it\/sala-sviluppo-biennale-flamenco-siviglia-2026.html#local-main-organization-logo"},"image":{"@id":"https:\/\/www.tablaosflamencos.com\/it\/sala-sviluppo-biennale-flamenco-siviglia-2026.html#local-main-organization-logo"},"sameAs":["https:\/\/www.facebook.com\/tablaosflamencos","https:\/\/x.com\/tablaosflamenco","https:\/\/mastodon.social\/@tablaosflamencos","https:\/\/www.instagram.com\/tablaosflamencos","https:\/\/tiktok.com\/@tablaosflamencos","https:\/\/www.linkedin.com\/company\/109408238\/"],"description":"Venta de entradas para espect\u00e1culos flamencos","legalName":"Tablaos Flamencos","foundingDate":"2015-01-01","numberOfEmployees":{"@type":"QuantitativeValue","minValue":"1","maxValue":"10"},"address":{"@id":"https:\/\/www.tablaosflamencos.com\/it\/sala-sviluppo-biennale-flamenco-siviglia-2026.html#local-main-place-address"},"geo":{"@type":"GeoCoordinates","latitude":"37.3868072","longitude":"-5.993280299999999"},"telephone":["+34623787787"],"contactPoint":{"@type":"ContactPoint","telephone":"+34623787787","email":"info@tablaosflamencos.com"},"openingHoursSpecification":{"@type":"OpeningHoursSpecification","dayOfWeek":["Monday","Tuesday","Wednesday","Thursday","Friday","Saturday","Sunday"],"opens":"00:00","closes":"23:59"},"email":"info@tablaosflamencos.com","priceRange":"$$$","currenciesAccepted":"\u20ac"},{"@type":"Person","@id":"https:\/\/www.tablaosflamencos.com\/it#\/schema\/person\/e7a9ebe14eb75a52ceabfbffb3c54f5d","name":"Miguel Ortiz","description":"Miguel Ortiz es un empresario flamenco, con una s\u00f3lida trayectoria dentro del sector. Ha presidido entidades culturales vinculadas al flamenco y, cuenta con un amplio recorrido profesional en la gesti\u00f3n y promoci\u00f3n de espect\u00e1culos y tablaos flamencos. Su pasi\u00f3n por la historia y el arte flamenco se refleja en cada art\u00edculo, donde combina experiencia, criterio y un profundo respeto por la tradici\u00f3n.","sameAs":["https:\/\/www.tablaosflamencos.com","https:\/\/www.instagra.com\/miguelortizfe","https:\/\/www.linkedin.com\/in\/miguelortizf\/"],"birthDate":"1984-11-22","gender":"hombre","knowsLanguage":["espa\u00f1ol","ingl\u00e9s"],"jobTitle":"Empresario flamenco"},{"@type":"PostalAddress","@id":"https:\/\/www.tablaosflamencos.com\/it\/sala-sviluppo-biennale-flamenco-siviglia-2026.html#local-main-place-address","streetAddress":"C\/ Alemanes, 19","addressLocality":"Sevilla","postalCode":"41004","addressRegion":"Sevilla","addressCountry":"ES"},{"@type":"ImageObject","inLanguage":"it-IT","@id":"https:\/\/www.tablaosflamencos.com\/it\/sala-sviluppo-biennale-flamenco-siviglia-2026.html#local-main-organization-logo","url":"https:\/\/www.tablaosflamencos.com\/wp-content\/uploads\/tablaos-flamencos-06-3.webp","contentUrl":"https:\/\/www.tablaosflamencos.com\/wp-content\/uploads\/tablaos-flamencos-06-3.webp","width":600,"height":620,"caption":"Tablaos Flamencos"}]},"geo.placename":"Sevilla","geo.position":{"lat":"37.3868072","long":"-5.993280299999999"},"geo.region":"Spagna"},"_links":{"self":[{"href":"https:\/\/www.tablaosflamencos.com\/it\/wp-json\/wp\/v2\/posts\/15064","targetHints":{"allow":["GET"]}}],"collection":[{"href":"https:\/\/www.tablaosflamencos.com\/it\/wp-json\/wp\/v2\/posts"}],"about":[{"href":"https:\/\/www.tablaosflamencos.com\/it\/wp-json\/wp\/v2\/types\/post"}],"author":[{"embeddable":true,"href":"https:\/\/www.tablaosflamencos.com\/it\/wp-json\/wp\/v2\/users\/1"}],"replies":[{"embeddable":true,"href":"https:\/\/www.tablaosflamencos.com\/it\/wp-json\/wp\/v2\/comments?post=15064"}],"version-history":[{"count":0,"href":"https:\/\/www.tablaosflamencos.com\/it\/wp-json\/wp\/v2\/posts\/15064\/revisions"}],"wp:featuredmedia":[{"embeddable":true,"href":"https:\/\/www.tablaosflamencos.com\/it\/wp-json\/wp\/v2\/media\/14945"}],"wp:attachment":[{"href":"https:\/\/www.tablaosflamencos.com\/it\/wp-json\/wp\/v2\/media?parent=15064"}],"wp:term":[{"taxonomy":"category","embeddable":true,"href":"https:\/\/www.tablaosflamencos.com\/it\/wp-json\/wp\/v2\/categories?post=15064"},{"taxonomy":"post_tag","embeddable":true,"href":"https:\/\/www.tablaosflamencos.com\/it\/wp-json\/wp\/v2\/tags?post=15064"}],"curies":[{"name":"wp","href":"https:\/\/api.w.org\/{rel}","templated":true}]}}