{"id":15039,"date":"2026-09-06T16:15:05","date_gmt":"2026-09-06T14:15:05","guid":{"rendered":"https:\/\/www.tablaosflamencos.com\/?p=15039"},"modified":"2026-09-06T19:46:26","modified_gmt":"2026-09-06T17:46:26","slug":"festival-el-bucaro-2026-programma-artisti-data-biglietti","status":"publish","type":"post","link":"https:\/\/www.tablaosflamencos.com\/it\/festival-el-bucaro-2026-programma-artisti-data-biglietti.html","title":{"rendered":"Festival El B\u00facaro 2026: programma, artisti, data e tutto quello che c\u2019\u00e8 da sapere"},"content":{"rendered":"<section class=\"l-section wpb_row height_huge\"><div class=\"l-section-h i-cf\"><div class=\"g-cols vc_row via_flex valign_top type_default stacking_default\"><div class=\"vc_col-sm-6 wpb_column vc_column_container\"><div class=\"vc_column-inner\"><div class=\"wpb_wrapper\"><div class=\"wpb_text_column\"><div class=\"wpb_wrapper\"><h2>Festival El B\u00facaro 2026: una delle grandi serate di cante flamenco di settembre a Siviglia<\/h2>\n<p>Il <strong>43\u00ba Festival de Cante Flamenco El B\u00facaro<\/strong> si terr\u00e0 <strong>venerd\u00ec 18 settembre 2026 alle 22:00<\/strong> presso la <strong>Hacienda Santa Cruz di La Rinconada<\/strong>, in provincia di Siviglia. La 43\u00aa edizione presenta un cartellone guidato da <strong>El Pele<\/strong>, affiancato al cante da <strong>Consuelo Hald\u00f3n, Rubito Hijo, Caracolillo de C\u00e1diz e Fernando El Goyo<\/strong>.<\/p>\n<p>La serata riunir\u00e0 inoltre alcuni dei nomi pi\u00f9 noti della chitarra flamenca sivigliana: <strong>Antonio Carri\u00f3n, Ni\u00f1o Seve, Manuel Herrera e Juan Quir\u00f3s<\/strong> accompagneranno i cantaores, mentre <strong>Manuel Herrera Hijo<\/strong> avr\u00e0 uno spazio come chitarrista solista. <strong>Concha Carri\u00f3n e \u00c1ngel Pe\u00f1a<\/strong> saranno alle palmas e <strong>Salvador Milla<\/strong> presenter\u00e0 nuovamente il festival.<\/p>\n<p>&nbsp;<\/p>\n<blockquote>\n<p><strong>Risposta rapida:<\/strong> il Festival El B\u00facaro 2026 si svolge il 18 settembre alle 22:00 presso la Hacienda Santa Cruz di La Rinconada. Il biglietto costa 10 \u20ac, viene venduto di persona al Centro Cultural de La Villa e, se restano posti, alla biglietteria della Hacienda da un\u2019ora prima dell\u2019inizio. Il cartellone comprende El Pele, Consuelo Hald\u00f3n, Rubito Hijo, Caracolillo de C\u00e1diz e Fernando El Goyo.<\/p>\n<\/blockquote>\n<\/div><\/div><\/div><\/div><\/div><div class=\"vc_col-sm-6 wpb_column vc_column_container\"><div class=\"vc_column-inner\"><div class=\"wpb_wrapper\"><div class=\"wpb_text_column\"><div class=\"wpb_wrapper\"><h3>El B\u00facaro 2026: informazioni essenziali<\/h3>\n<ul>\n<li><strong>Evento:<\/strong> 43\u00ba Festival de Cante Flamenco El B\u00facaro.<\/li>\n<li><strong>Data:<\/strong> venerd\u00ec 18 settembre 2026.<\/li>\n<li><strong>Ora:<\/strong> 22:00.<\/li>\n<li><strong>Luogo:<\/strong> Hacienda Santa Cruz.<\/li>\n<li><strong>Indirizzo:<\/strong> Carretera de la Estaci\u00f3n, 2, San Jos\u00e9 de La Rinconada, Siviglia.<\/li>\n<li><strong>Prezzo:<\/strong> 10 \u20ac.<\/li>\n<li><strong>Prevendita:<\/strong> Centro Cultural de La Villa, dalle 10:00 alle 13:00.<\/li>\n<li><strong>Biglietteria:<\/strong> dalle 21:00 il giorno del festival, solo se restano posti disponibili.<\/li>\n<li><strong>Organizzazione:<\/strong> Pe\u00f1a Cultural Flamenca El B\u00facaro, con la collaborazione del Comune di La Rinconada.<\/li>\n<li><strong>Presenta:<\/strong> Salvador Milla.<\/li>\n<li><strong>Dedica 2026:<\/strong> Jafelin Helten, fondatrice di ExpoFlamenco.<\/li>\n<\/ul>\n<p><small>L\u2019organizzazione pu\u00f2 modificare orari, disponibilit\u00e0 o condizioni di accesso. Consigliamo di controllare le informazioni ufficiali prima di partire.<\/small><\/p>\n<\/div><\/div><div class=\"w-separator size_medium\"><\/div><div class=\"w-hwrapper valign_top wrap stack_on_mobiles align_center\" style=\"--hwrapper-gap:1.2rem\"><div class=\"w-btn-wrapper align_none\"><a class=\"w-btn us-btn-style_1\" href=\"https:\/\/www.larinconada.es\/es\/noticias\/15493\/el-xliii-festival-de-cante-flamenco-el-bucaro-convierte-a-la-rinconada-en-referente-del-arte-jondo\"><span class=\"w-btn-label\">Consulta le informazioni ufficiali<\/span><\/a><\/div><\/div><\/div><\/div><\/div><\/div><\/div><\/section><section class=\"l-section wpb_row height_huge color_alternate with_shape\"><div class=\"l-section-shape type_zigzag pos_top hor_flip\" style=\"height:3vmin;\"><svg xmlns=\"http:\/\/www.w3.org\/2000\/svg\" viewBox=\"0 0 64 8\" preserveAspectRatio=\"none\" width=\"100%\" height=\"100%\">\r\n\t<path fill=\"currentColor\" d=\"M64 8 L0 8 L0 0 L20 7.9 L40 3 L48 5 L64 0 Z\"\/>\r\n<\/svg><\/div><div class=\"l-section-shape type_zigzag pos_bottom\" style=\"height:3vmin;\"><svg xmlns=\"http:\/\/www.w3.org\/2000\/svg\" viewBox=\"0 0 64 8\" preserveAspectRatio=\"none\" width=\"100%\" height=\"100%\">\r\n\t<path fill=\"currentColor\" d=\"M64 8 L0 8 L0 0 L20 7.9 L40 3 L48 5 L64 0 Z\"\/>\r\n<\/svg><\/div><div class=\"l-section-h i-cf\"><div class=\"g-cols vc_row via_flex valign_top type_default stacking_default\"><div class=\"vc_col-sm-12 wpb_column vc_column_container\"><div class=\"vc_column-inner\"><div class=\"wpb_wrapper\"><div class=\"wpb_text_column\"><div class=\"wpb_wrapper\"><h2>Programma e artisti del Festival El B\u00facaro 2026<\/h2>\n<p>L\u2019edizione 2026 \u00e8 concepita come una <strong>grande serata di flamenco in un\u2019unica notte<\/strong>. L\u2019inizio \u00e8 previsto alle 22:00 e il programma riunisce cante, chitarra di accompagnamento, chitarra solista e palmas. Al momento della preparazione di questa guida, l\u2019organizzazione aveva pubblicato il cartellone completo, ma <strong>non un ordine di esibizione individuale n\u00e9 orari separati per ciascun artista<\/strong>.<\/p>\n<p>Il programma va quindi interpretato come un cartellone unico e non come una successione di set con orari indipendenti. Questi sono gli artisti annunciati ufficialmente.<\/p>\n<\/div><\/div><div class=\"w-separator size_medium\"><\/div><div class=\"g-cols wpb_row via_flex valign_top type_default stacking_default\"><div class=\"vc_col-sm-4 wpb_column vc_column_container\"><div class=\"vc_column-inner\"><div class=\"wpb_wrapper\"><div class=\"wpb_text_column\"><div class=\"wpb_wrapper\"><h3>Al cante<\/h3>\n<ul>\n<li><strong>El Pele<\/strong>.<\/li>\n<li><strong>Consuelo Hald\u00f3n<\/strong>.<\/li>\n<li><strong>Rubito Hijo<\/strong>.<\/li>\n<li><strong>Caracolillo de C\u00e1diz<\/strong>.<\/li>\n<li><strong>Fernando El Goyo<\/strong>.<\/li>\n<\/ul>\n<\/div><\/div><\/div><\/div><\/div><div class=\"vc_col-sm-4 wpb_column vc_column_container\"><div class=\"vc_column-inner\"><div class=\"wpb_wrapper\"><div class=\"wpb_text_column\"><div class=\"wpb_wrapper\"><h3>Alla chitarra<\/h3>\n<ul>\n<li><strong>Antonio Carri\u00f3n<\/strong>.<\/li>\n<li><strong>Ni\u00f1o Seve<\/strong>.<\/li>\n<li><strong>Manuel Herrera<\/strong>.<\/li>\n<li><strong>Juan Quir\u00f3s<\/strong>.<\/li>\n<\/ul>\n<\/div><\/div><\/div><\/div><\/div><div class=\"vc_col-sm-4 wpb_column vc_column_container\"><div class=\"vc_column-inner\"><div class=\"wpb_wrapper\"><div class=\"wpb_text_column\"><div class=\"wpb_wrapper\"><h3>Chitarra solista e palmas<\/h3>\n<ul>\n<li><strong>Manuel Herrera Hijo<\/strong>, chitarra solista.<\/li>\n<li><strong>Concha Carri\u00f3n<\/strong>, palmas.<\/li>\n<li><strong>\u00c1ngel Pe\u00f1a<\/strong>, palmas.<\/li>\n<\/ul>\n<\/div><\/div><\/div><\/div><\/div><\/div><div class=\"w-separator size_medium\"><\/div><div class=\"wpb_text_column\"><div class=\"wpb_wrapper\"><p>La conduzione dello spettacolo sar\u00e0 nuovamente affidata a <strong>Salvador Milla<\/strong>. Questa edizione \u00e8 dedicata a <strong>Jafelin Helten<\/strong>, fondatrice di ExpoFlamenco, in riconoscimento del suo lavoro di diffusione del flamenco.<\/p>\n<\/div><\/div><\/div><\/div><\/div><\/div><\/div><\/section><section class=\"l-section wpb_row height_huge\"><div class=\"l-section-h i-cf\"><div class=\"g-cols vc_row via_flex valign_top type_default stacking_default\"><div class=\"vc_col-sm-6 wpb_column vc_column_container\"><div class=\"vc_column-inner\"><div class=\"wpb_wrapper\"><div class=\"wpb_text_column\"><div class=\"wpb_wrapper\"><h2>El Pele, protagonista principale della 43\u00aa edizione<\/h2>\n<p>La presenza di <strong>El Pele<\/strong> \u00e8 uno dei grandi motivi di interesse di El B\u00facaro 2026. Il cantaor cordobese arriva a La Rinconada come una delle voci pi\u00f9 personali del flamenco contemporaneo, con una carriera lunga decenni e uno stile in cui convivono conoscenza delle forme tradizionali, libert\u00e0 espressiva e grande intensit\u00e0 scenica.<\/p>\n<p>La sua partecipazione colloca il festival in una linea molto riconoscibile: un appuntamento di pe\u00f1a, radicato nella tradizione, che continua per\u00f2 a invitare figure di primo piano. Accanto a lui, il cartellone offre diverse sfumature del cante.<\/p>\n<p><strong>Consuelo Hald\u00f3n<\/strong> porta un percorso strettamente legato al repertorio tradizionale; <strong>Rubito Hijo<\/strong> rappresenta la continuit\u00e0 di una famiglia flamenca; <strong>Caracolillo de C\u00e1diz<\/strong> porta sul palco la personalit\u00e0 dei cantes gaditani, mentre <strong>Fernando El Goyo<\/strong> mantiene il legame diretto con la stessa Pe\u00f1a Cultural Flamenca El B\u00facaro.<\/p>\n<p>Questa combinazione di figura affermata, artisti esperti e presenza locale \u00e8 proprio uno degli elementi che hanno garantito continuit\u00e0 al festival per oltre quattro decenni.<\/p>\n<\/div><\/div><\/div><\/div><\/div><div class=\"vc_col-sm-6 wpb_column vc_column_container\"><div class=\"vc_column-inner\"><div class=\"wpb_wrapper\"><div class=\"wpb_text_column\"><div class=\"wpb_wrapper\"><h2>Un cartellone di chitarristi particolarmente forte<\/h2>\n<p>L\u2019accompagnamento del 2026 merita un\u2019attenzione specifica. <strong>Antonio Carri\u00f3n<\/strong>, insignito nel 2025 della Medaglia d\u2019Oro della Provincia di Siviglia e con oltre cinquant\u2019anni di esperienza sul palco, fa parte di un gruppo di chitarristi con una lunga esperienza in recital e festival.<\/p>\n<p>Con lui ci saranno <strong>Ni\u00f1o Seve, Manuel Herrera e Juan Quir\u00f3s<\/strong>. L\u2019organizzazione riserva inoltre uno spazio specifico alla <strong>chitarra solista di Manuel Herrera Hijo<\/strong>, rappresentante di una generazione pi\u00f9 giovane.<\/p>\n<p>Per gli appassionati che prestano alla chitarra la stessa attenzione riservata al cante, El B\u00facaro offre quindi un interesse aggiuntivo: non si tratta semplicemente di accompagnatori funzionali, ma di chitarristi con una propria identit\u00e0 e una presenza importante durante la serata.<\/p>\n<p>Le palmas di <strong>Concha Carri\u00f3n e \u00c1ngel Pe\u00f1a<\/strong> completano la sezione ritmica.<\/p>\n<\/div><\/div><\/div><\/div><\/div><\/div><\/div><\/section><section class=\"l-section wpb_row height_huge color_alternate with_shape\"><div class=\"l-section-shape type_zigzag pos_top hor_flip\" style=\"height:3vmin;\"><svg xmlns=\"http:\/\/www.w3.org\/2000\/svg\" viewBox=\"0 0 64 8\" preserveAspectRatio=\"none\" width=\"100%\" height=\"100%\">\r\n\t<path fill=\"currentColor\" d=\"M64 8 L0 8 L0 0 L20 7.9 L40 3 L48 5 L64 0 Z\"\/>\r\n<\/svg><\/div><div class=\"l-section-shape type_zigzag pos_bottom\" style=\"height:3vmin;\"><svg xmlns=\"http:\/\/www.w3.org\/2000\/svg\" viewBox=\"0 0 64 8\" preserveAspectRatio=\"none\" width=\"100%\" height=\"100%\">\r\n\t<path fill=\"currentColor\" d=\"M64 8 L0 8 L0 0 L20 7.9 L40 3 L48 5 L64 0 Z\"\/>\r\n<\/svg><\/div><div class=\"l-section-h i-cf\"><div class=\"g-cols vc_row via_flex valign_top type_default stacking_default\"><div class=\"vc_col-sm-12 wpb_column vc_column_container\"><div class=\"vc_column-inner\"><div class=\"wpb_wrapper\"><div class=\"wpb_text_column\"><div class=\"wpb_wrapper\"><h2>Biglietti per El B\u00facaro 2026: prezzo e dove acquistarli<\/h2>\n<p>I biglietti del 43\u00ba Festival de Cante Flamenco El B\u00facaro hanno un <strong>prezzo unico di 10 euro<\/strong>. La prevendita \u00e8 iniziata il <strong>1\u00ba settembre<\/strong> e si svolge di persona presso il <strong>Centro Cultural de La Villa<\/strong>, a San Jos\u00e9 de La Rinconada.<\/p>\n<p>L\u2019orario di vendita annunciato \u00e8 <strong>dalle 10:00 alle 13:00<\/strong>. Il giorno del festival aprir\u00e0 anche la biglietteria della Hacienda Santa Cruz <strong>un\u2019ora prima dell\u2019inizio<\/strong>, quindi dalle 21:00, ma soltanto se saranno ancora disponibili posti.<\/p>\n<p>La presenza della biglietteria non va interpretata come garanzia di poter acquistare all\u2019ingresso. Con un prezzo di 10 euro, un cartellone guidato da El Pele e una data che coincide con uno dei periodi pi\u00f9 intensi dell\u2019anno per il flamenco a Siviglia, consigliamo di <strong>acquistare il biglietto in anticipo<\/strong> quando possibile.<\/p>\n<p>Il Centro Cultural de La Villa si trova in <strong>Vereda de Chapatales, 2, San Jos\u00e9 de La Rinconada<\/strong>. Il Comune indica inoltre il numero telefonico dell\u2019area Cultura, <strong>955 79 41 42<\/strong>, per informazioni sui propri spazi culturali.<\/p>\n<\/div><\/div><\/div><\/div><\/div><\/div><\/div><\/section><section class=\"l-section wpb_row height_huge\"><div class=\"l-section-h i-cf\"><div class=\"g-cols vc_row via_flex valign_top type_default stacking_default\"><div class=\"vc_col-sm-6 wpb_column vc_column_container\"><div class=\"vc_column-inner\"><div class=\"wpb_wrapper\"><div class=\"wpb_text_column\"><div class=\"wpb_wrapper\"><h2>Dove si svolge: Hacienda Santa Cruz<\/h2>\n<p>Il festival avr\u00e0 luogo presso la <strong>Hacienda Santa Cruz<\/strong>, in <strong>Carretera de la Estaci\u00f3n, 2<\/strong>, a San Jos\u00e9 de La Rinconada. Lo spazio fa parte della rete municipale di sedi culturali e torna a essere il punto d\u2019incontro di una delle grandi serate flamencas del comune.<\/p>\n<p>La scelta della Hacienda non \u00e8 un dettaglio secondario. El B\u00facaro appartiene a quella tradizione dei festival andalusi in cui il luogo, l\u2019atmosfera notturna e la vicinanza tra artisti e pubblico fanno parte dell\u2019esperienza tanto quanto il cartellone stesso.<\/p>\n<p>Se arrivi da Siviglia, conviene partire con un certo anticipo. L\u2019evento inizia alle 22:00 e, se rimangono biglietti, la biglietteria \u00e8 prevista un\u2019ora prima. Chi ha gi\u00e0 il proprio biglietto pu\u00f2 approfittare dell\u2019arrivo anticipato per visitare anche la mostra legata a questa edizione, sempre nei rispettivi orari di apertura.<\/p>\n<\/div><\/div><\/div><\/div><\/div><div class=\"vc_col-sm-6 wpb_column vc_column_container\"><div class=\"vc_column-inner\"><div class=\"wpb_wrapper\"><div class=\"wpb_text_column\"><div class=\"wpb_wrapper\"><h2>Come arrivare da Siviglia a San Jos\u00e9 de La Rinconada<\/h2>\n<p>San Jos\u00e9 de La Rinconada fa parte dell\u2019area metropolitana di Siviglia ed \u00e8 collegata tramite <strong>Cercan\u00edas<\/strong> sulla linea Siviglia\u2013Lora del R\u00edo, oltre che con autobus metropolitani. Per un evento che comincia alle 22:00 e pu\u00f2 terminare tardi, il punto pi\u00f9 importante non \u00e8 soltanto l\u2019andata, ma <strong>controllare l\u2019ultimo servizio disponibile per il ritorno<\/strong>.<\/p>\n<p>Se dipendi dai mezzi pubblici, consigliamo di verificare gli orari aggiornati di Renfe Cercan\u00edas e del Consorcio de Transportes proprio il 18 settembre. I collegamenti serali potrebbero non coincidere con l\u2019orario effettivo di conclusione di una serata flamenca di questo tipo.<\/p>\n<p>Per gruppi o visitatori che alloggiano a Siviglia, auto, taxi o VTC possono risultare pi\u00f9 comodi per il ritorno, soprattutto se si desidera restare fino alla fine senza dipendere dall\u2019ultima partenza dei mezzi pubblici.<\/p>\n<p>La Hacienda Santa Cruz si trova in Carretera de la Estaci\u00f3n, 2. \u00c8 consigliabile inserire nel navigatore il nome completo del luogo o l\u2019indirizzo esatto per evitare confusione con altri spazi del comune.<\/p>\n<\/div><\/div><\/div><\/div><\/div><\/div><\/div><\/section><section class=\"l-section wpb_row height_huge color_alternate with_shape\"><div class=\"l-section-shape type_zigzag pos_top hor_flip\" style=\"height:3vmin;\"><svg xmlns=\"http:\/\/www.w3.org\/2000\/svg\" viewBox=\"0 0 64 8\" preserveAspectRatio=\"none\" width=\"100%\" height=\"100%\">\r\n\t<path fill=\"currentColor\" d=\"M64 8 L0 8 L0 0 L20 7.9 L40 3 L48 5 L64 0 Z\"\/>\r\n<\/svg><\/div><div class=\"l-section-shape type_zigzag pos_bottom\" style=\"height:3vmin;\"><svg xmlns=\"http:\/\/www.w3.org\/2000\/svg\" viewBox=\"0 0 64 8\" preserveAspectRatio=\"none\" width=\"100%\" height=\"100%\">\r\n\t<path fill=\"currentColor\" d=\"M64 8 L0 8 L0 0 L20 7.9 L40 3 L48 5 L64 0 Z\"\/>\r\n<\/svg><\/div><div class=\"l-section-h i-cf\"><div class=\"g-cols vc_row via_flex valign_top type_default stacking_default\"><div class=\"vc_col-sm-12 wpb_column vc_column_container\"><div class=\"vc_column-inner\"><div class=\"wpb_wrapper\"><div class=\"wpb_text_column\"><div class=\"wpb_wrapper\"><h2>\u201cDame el B\u00facaro\u201d: arte contemporanea e flamenco intorno al festival<\/h2>\n<p>Una delle novit\u00e0 pi\u00f9 interessanti della 43\u00aa edizione \u00e8 <strong>\u201cDame el B\u00facaro\u201d<\/strong>, un progetto promosso dal Comune di La Rinconada in collaborazione con la Pe\u00f1a Cultural Flamenca El B\u00facaro. L\u2019iniziativa ha riunito <strong>50 artisti contemporanei<\/strong> chiamati a intervenire su cinquanta b\u00facaros di argilla bianca ispirandosi all\u2019universo dei testi flamencos.<\/p>\n<p>Il risultato \u00e8 una mostra allestita nella stessa <strong>Hacienda Santa Cruz<\/strong> e visitabile <strong>fino al 20 settembre 2026<\/strong>. La proposta mette in dialogo tre linguaggi che normalmente non compaiono insieme in un festival di cante: la tradizione materiale del b\u00facaro, la letteratura delle coplas flamencas e la creazione visiva contemporanea.<\/p>\n<p>L\u2019opera vincitrice della prima edizione del progetto \u00e8 <strong>\u201cOjos Verdes\u201d<\/strong>, dell\u2019artista di Mor\u00f3n <strong>Marina Ortiz<\/strong>. Questa opera \u00e8 diventata l\u2019<strong>immagine ufficiale del manifesto del 43\u00ba Festival<\/strong>. Inoltre, le dodici opere pi\u00f9 apprezzate sono state associate ai dodici artisti annunciati sul manifesto, creando una collezione visiva specifica per questa edizione.<\/p>\n<p>Per chi viaggia appositamente per El B\u00facaro, vale la pena controllare gli orari della mostra e considerare la visita come qualcosa di pi\u00f9 di una sola notte di cante.<\/p>\n<\/div><\/div><\/div><\/div><\/div><\/div><\/div><\/section><section class=\"l-section wpb_row height_huge\"><div class=\"l-section-h i-cf\"><div class=\"g-cols vc_row via_flex valign_top type_default stacking_default\"><div class=\"vc_col-sm-6 wpb_column vc_column_container\"><div class=\"vc_column-inner\"><div class=\"wpb_wrapper\"><div class=\"wpb_text_column\"><div class=\"wpb_wrapper\"><h2>Un festival di pe\u00f1a con 43 edizioni di continuit\u00e0<\/h2>\n<p>Il Festival de Cante Flamenco El B\u00facaro \u00e8 organizzato dalla <strong>Pe\u00f1a Cultural Flamenca El B\u00facaro<\/strong> con la collaborazione del Comune di La Rinconada. Arrivare alla 43\u00aa edizione colloca l\u2019evento tra i festival consolidati della provincia di Siviglia e dimostra il ruolo che le pe\u00f1as continuano ad avere nel mantenere circuiti stabili per il cante.<\/p>\n<p>La filosofia rivendicata dall\u2019organizzazione combina tre elementi: <strong>qualit\u00e0 artistica, difesa del flamenco e trasmissione alle nuove generazioni<\/strong>. Il cartellone del 2026 risponde bene a questa idea perch\u00e9 riunisce una figura di riferimento come El Pele, artisti di provenienze e generazioni diverse, una presenza locale e una sezione chitarristica molto curata.<\/p>\n<p>Il festival ricorda inoltre che una parte importante dell\u2019attivit\u00e0 flamenca andalusa avviene al di fuori dei grandi teatri. Pe\u00f1as, festival locali e circuiti provinciali formano una rete essenziale per mantenere il contatto diretto tra aficionados e artisti.<\/p>\n<p>Su Tablaos Flamencos seguiamo anche il <a href=\"https:\/\/www.tablaosflamencos.com\/circuito-andaluz-penas-flamencas-2026.html\">Circuito Andaluz de Pe\u00f1as 2026<\/a>, che quest\u2019anno comprende 225 recital gratuiti in tutta l\u2019Andalusia.<\/p>\n<\/div><\/div><\/div><\/div><\/div><div class=\"vc_col-sm-6 wpb_column vc_column_container\"><div class=\"vc_column-inner\"><div class=\"wpb_wrapper\"><div class=\"wpb_text_column\"><div class=\"wpb_wrapper\"><h2>El B\u00facaro e la Biennale del Flamenco: due opzioni il 18 settembre<\/h2>\n<p>La data aggiunge un interesse speciale per chi si trova a Siviglia a settembre: <strong>El B\u00facaro si svolge durante la 24\u00aa Biennale del Flamenco di Siviglia<\/strong>. Il 18 settembre cade in una delle settimane pi\u00f9 intense del programma della capitale, rendendo la serata di La Rinconada un\u2019alternativa o un complemento per gli aficionados che vogliono uscire dal centro di Siviglia e conoscere un\u2019altra atmosfera flamenca.<\/p>\n<p>Le due esperienze non sono equivalenti. La Biennale propone grandi produzioni sceniche, prime e teatri di formati diversi. El B\u00facaro segue la logica di un festival di pe\u00f1a: una lunga serata, un cartellone collettivo, grande peso del cante e della chitarra e un contatto pi\u00f9 diretto con la tradizione dei festival locali.<\/p>\n<p>Se stai organizzando quei giorni, consulta la nostra guida <a href=\"https:\/\/www.tablaosflamencos.com\/que-ver-bienal-flamenco-sevilla-14-20-septiembre-2026.html\">Cosa vedere alla Biennale dal 14 al 20 settembre 2026<\/a> per confrontare la programmazione della citt\u00e0.<\/p>\n<p>Abbiamo inoltre raccolto proposte fuori dal programma ufficiale in <a href=\"https:\/\/www.tablaosflamencos.com\/flamenco-sevilla-bienal-2026-espectaculos-fuera-programacion-oficial.html\">Flamenco a Siviglia durante la Biennale: dove vedere spettacoli oltre alla programmazione ufficiale<\/a>.<\/p>\n<\/div><\/div><\/div><\/div><\/div><\/div><\/div><\/section><section class=\"l-section wpb_row height_huge color_alternate with_shape\"><div class=\"l-section-shape type_zigzag pos_top hor_flip\" style=\"height:3vmin;\"><svg xmlns=\"http:\/\/www.w3.org\/2000\/svg\" viewBox=\"0 0 64 8\" preserveAspectRatio=\"none\" width=\"100%\" height=\"100%\">\r\n\t<path fill=\"currentColor\" d=\"M64 8 L0 8 L0 0 L20 7.9 L40 3 L48 5 L64 0 Z\"\/>\r\n<\/svg><\/div><div class=\"l-section-shape type_zigzag pos_bottom\" style=\"height:3vmin;\"><svg xmlns=\"http:\/\/www.w3.org\/2000\/svg\" viewBox=\"0 0 64 8\" preserveAspectRatio=\"none\" width=\"100%\" height=\"100%\">\r\n\t<path fill=\"currentColor\" d=\"M64 8 L0 8 L0 0 L20 7.9 L40 3 L48 5 L64 0 Z\"\/>\r\n<\/svg><\/div><div class=\"l-section-h i-cf\"><div class=\"g-cols vc_row via_flex valign_top type_default stacking_default\"><div class=\"vc_col-sm-12 wpb_column vc_column_container\"><div class=\"vc_column-inner\"><div class=\"wpb_wrapper\"><div class=\"wpb_text_column\"><div class=\"wpb_wrapper\"><h2>Il nostro consiglio per vivere il Festival El B\u00facaro 2026<\/h2>\n<p>Se l\u2019obiettivo principale \u00e8 ascoltare il cante, <strong>El B\u00facaro \u00e8 uno degli appuntamenti pi\u00f9 interessanti nei dintorni di Siviglia il 18 settembre<\/strong>. Il cartellone segue una logica molto flamenca: cinque cantaores con profili diversi, quattro chitarristi di accompagnamento, chitarra solista e un gruppo di palmas che completa la serata senza trasformare il festival in una successione di grandi produzioni.<\/p>\n<p>Lo consigliamo soprattutto a chi conosce gi\u00e0 il formato del tablao o del teatro e vuole vivere l\u2019atmosfera di un festival tradizionale di provincia. \u00c8 anche un\u2019ottima scelta per gli appassionati di chitarra, grazie ad Antonio Carri\u00f3n, Manuel Herrera, Ni\u00f1o Seve, Juan Quir\u00f3s e Manuel Herrera Hijo.<\/p>\n<p>Tre consigli pratici possono fare la differenza:<\/p>\n<ul>\n<li><strong>Acquista il biglietto prima del 18<\/strong> se hai la possibilit\u00e0 di passare dal Centro Cultural de La Villa.<\/li>\n<li><strong>Pianifica il ritorno prima di lasciare Siviglia<\/strong> se utilizzi i mezzi pubblici.<\/li>\n<li><strong>Arriva con un po\u2019 di anticipo<\/strong> e controlla gli orari di \u201cDame el B\u00facaro\u201d se vuoi aggiungere la mostra alla visita.<\/li>\n<\/ul>\n<p>Se non riesci a trovare un biglietto, preferisci rimanere a Siviglia o vuoi completare il viaggio con un\u2019altra serata di flamenco, puoi confrontare gli spettacoli di tablao disponibili in citt\u00e0.<\/p>\n<\/div><\/div><div class=\"w-separator size_medium\"><\/div><div class=\"w-hwrapper valign_top wrap stack_on_mobiles align_center\" style=\"--hwrapper-gap:1.2rem\"><div class=\"w-btn-wrapper align_none\"><a class=\"w-btn us-btn-style_1\" href=\"https:\/\/www.tablaosflamencos.com\/it\/flamenco-a-siviglia\"><span class=\"w-btn-label\">Vedi gli spettacoli di flamenco a Siviglia<\/span><\/a><\/div><\/div><\/div><\/div><\/div><\/div><\/div><\/section><section class=\"l-section wpb_row height_huge\"><div class=\"l-section-h i-cf\"><div class=\"g-cols vc_row via_flex valign_top type_default stacking_default\"><div class=\"vc_col-sm-1\/5 wpb_column vc_column_container\"><div class=\"vc_column-inner\"><div class=\"wpb_wrapper\"><\/div><\/div><\/div><div class=\"vc_col-sm-3\/5 wpb_column vc_column_container\"><div class=\"vc_column-inner\"><div class=\"wpb_wrapper\"><div class=\"wpb_text_column\"><div class=\"wpb_wrapper\"><h2>Domande frequenti sul Festival El B\u00facaro 2026<\/h2>\n<\/div><\/div><div class=\"w-separator size_medium\"><\/div><div class=\"w-tabs accordion toggle_style_1 has_scrolling\" style=\"--sections-title-size:inherit;--sections-gap:0.5rem;\"><div class=\"w-tabs-sections titles-align_none icon_plus cpos_left\"><div class=\"w-tabs-section\" id=\"ae30\" itemscope itemprop=\"mainEntity\" itemtype=\"https:\/\/schema.org\/Question\"><button type=\"button\" class=\"w-tabs-section-header\" aria-controls=\"content-ae30\" aria-expanded=\"false\"><h3 class=\"w-tabs-section-title\" itemprop=\"name\">Quando si svolge il Festival El B\u00facaro 2026?<\/h3><div class=\"w-tabs-section-control\"><\/div><\/button><div  class=\"w-tabs-section-content\" id=\"content-ae30\" itemscope itemprop=\"acceptedAnswer\" itemtype=\"https:\/\/schema.org\/Answer\"><div class=\"w-tabs-section-content-h i-cf\" itemprop=\"text\"><div class=\"wpb_text_column\"><div class=\"wpb_wrapper\"><p>Il 43\u00ba Festival de Cante Flamenco El B\u00facaro si svolge venerd\u00ec 18 settembre 2026. La serata inizia alle 22:00.<\/p>\n<\/div><\/div><\/div><\/div><\/div><div class=\"w-tabs-section\" id=\"kf31\" itemscope itemprop=\"mainEntity\" itemtype=\"https:\/\/schema.org\/Question\"><button type=\"button\" class=\"w-tabs-section-header\" aria-controls=\"content-kf31\" aria-expanded=\"false\"><h3 class=\"w-tabs-section-title\" itemprop=\"name\">Dove si svolge El B\u00facaro 2026?<\/h3><div class=\"w-tabs-section-control\"><\/div><\/button><div  class=\"w-tabs-section-content\" id=\"content-kf31\" itemscope itemprop=\"acceptedAnswer\" itemtype=\"https:\/\/schema.org\/Answer\"><div class=\"w-tabs-section-content-h i-cf\" itemprop=\"text\"><div class=\"wpb_text_column\"><div class=\"wpb_wrapper\"><p>Il festival si svolge presso la Hacienda Santa Cruz, in Carretera de la Estaci\u00f3n, 2, a San Jos\u00e9 de La Rinconada, comune di La Rinconada, Siviglia.<\/p>\n<\/div><\/div><\/div><\/div><\/div><div class=\"w-tabs-section\" id=\"g032\" itemscope itemprop=\"mainEntity\" itemtype=\"https:\/\/schema.org\/Question\"><button type=\"button\" class=\"w-tabs-section-header\" aria-controls=\"content-g032\" aria-expanded=\"false\"><h3 class=\"w-tabs-section-title\" itemprop=\"name\">Chi si esibisce al Festival El B\u00facaro 2026?<\/h3><div class=\"w-tabs-section-control\"><\/div><\/button><div  class=\"w-tabs-section-content\" id=\"content-g032\" itemscope itemprop=\"acceptedAnswer\" itemtype=\"https:\/\/schema.org\/Answer\"><div class=\"w-tabs-section-content-h i-cf\" itemprop=\"text\"><div class=\"wpb_text_column\"><div class=\"wpb_wrapper\"><p>Al cante sono annunciati El Pele, Consuelo Hald\u00f3n, Rubito Hijo, Caracolillo de C\u00e1diz e Fernando El Goyo. Alla chitarra partecipano Antonio Carri\u00f3n, Ni\u00f1o Seve, Manuel Herrera e Juan Quir\u00f3s. Manuel Herrera Hijo suona la chitarra solista e Concha Carri\u00f3n e \u00c1ngel Pe\u00f1a sono alle palmas.<\/p>\n<\/div><\/div><\/div><\/div><\/div><div class=\"w-tabs-section\" id=\"a14e\" itemscope itemprop=\"mainEntity\" itemtype=\"https:\/\/schema.org\/Question\"><button type=\"button\" class=\"w-tabs-section-header\" aria-controls=\"content-a14e\" aria-expanded=\"false\"><h3 class=\"w-tabs-section-title\" itemprop=\"name\">Quanto costano i biglietti per El B\u00facaro 2026?<\/h3><div class=\"w-tabs-section-control\"><\/div><\/button><div  class=\"w-tabs-section-content\" id=\"content-a14e\" itemscope itemprop=\"acceptedAnswer\" itemtype=\"https:\/\/schema.org\/Answer\"><div class=\"w-tabs-section-content-h i-cf\" itemprop=\"text\"><div class=\"wpb_text_column\"><div class=\"wpb_wrapper\"><p>Il biglietto costa 10 euro. La prevendita si svolge presso il Centro Cultural de La Villa, dalle 10:00 alle 13:00.<\/p>\n<\/div><\/div><\/div><\/div><\/div><div class=\"w-tabs-section\" id=\"t238\" itemscope itemprop=\"mainEntity\" itemtype=\"https:\/\/schema.org\/Question\"><button type=\"button\" class=\"w-tabs-section-header\" aria-controls=\"content-t238\" aria-expanded=\"false\"><h3 class=\"w-tabs-section-title\" itemprop=\"name\">Si possono acquistare i biglietti il giorno stesso del festival?<\/h3><div class=\"w-tabs-section-control\"><\/div><\/button><div  class=\"w-tabs-section-content\" id=\"content-t238\" itemscope itemprop=\"acceptedAnswer\" itemtype=\"https:\/\/schema.org\/Answer\"><div class=\"w-tabs-section-content-h i-cf\" itemprop=\"text\"><div class=\"wpb_text_column\"><div class=\"wpb_wrapper\"><p>S\u00ec, se rimangono posti disponibili. La biglietteria della Hacienda Santa Cruz apre un\u2019ora prima dell\u2019inizio, dalle 21:00. Per questo \u00e8 consigliabile acquistare in anticipo quando possibile.<\/p>\n<\/div><\/div><\/div><\/div><\/div><div class=\"w-tabs-section\" id=\"d315\" itemscope itemprop=\"mainEntity\" itemtype=\"https:\/\/schema.org\/Question\"><button type=\"button\" class=\"w-tabs-section-header\" aria-controls=\"content-d315\" aria-expanded=\"false\"><h3 class=\"w-tabs-section-title\" itemprop=\"name\">Esiste un orario di esibizione per ogni artista?<\/h3><div class=\"w-tabs-section-control\"><\/div><\/button><div  class=\"w-tabs-section-content\" id=\"content-d315\" itemscope itemprop=\"acceptedAnswer\" itemtype=\"https:\/\/schema.org\/Answer\"><div class=\"w-tabs-section-content-h i-cf\" itemprop=\"text\"><div class=\"wpb_text_column\"><div class=\"wpb_wrapper\"><p>Non \u00e8 stato pubblicato un orario individuale per ciascun artista. Il programma ufficiale indica l\u2019inizio generale alle 22:00 e presenta l\u2019intero cartellone della serata senza specificare un ordine di esibizione per orari.<\/p>\n<\/div><\/div><\/div><\/div><\/div><div class=\"w-tabs-section\" id=\"i3f3\" itemscope itemprop=\"mainEntity\" itemtype=\"https:\/\/schema.org\/Question\"><button type=\"button\" class=\"w-tabs-section-header\" aria-controls=\"content-i3f3\" aria-expanded=\"false\"><h3 class=\"w-tabs-section-title\" itemprop=\"name\">Che cos\u2019\u00e8 Dame el B\u00facaro?<\/h3><div class=\"w-tabs-section-control\"><\/div><\/button><div  class=\"w-tabs-section-content\" id=\"content-i3f3\" itemscope itemprop=\"acceptedAnswer\" itemtype=\"https:\/\/schema.org\/Answer\"><div class=\"w-tabs-section-content-h i-cf\" itemprop=\"text\"><div class=\"wpb_text_column\"><div class=\"wpb_wrapper\"><p>\u00c8 un progetto artistico legato alla 43\u00aa edizione del festival che riunisce 50 b\u00facaros di argilla trasformati da 50 artisti contemporanei a partire dai testi del flamenco. Secondo le informazioni comunali, la mostra \u00e8 visitabile alla Hacienda Santa Cruz fino al 20 settembre 2026.<\/p>\n<\/div><\/div><\/div><\/div><\/div><div class=\"w-tabs-section\" id=\"a4d3\" itemscope itemprop=\"mainEntity\" itemtype=\"https:\/\/schema.org\/Question\"><button type=\"button\" class=\"w-tabs-section-header\" aria-controls=\"content-a4d3\" aria-expanded=\"false\"><h3 class=\"w-tabs-section-title\" itemprop=\"name\">Si pu\u00f2 arrivare da Siviglia con i mezzi pubblici?<\/h3><div class=\"w-tabs-section-control\"><\/div><\/button><div  class=\"w-tabs-section-content\" id=\"content-a4d3\" itemscope itemprop=\"acceptedAnswer\" itemtype=\"https:\/\/schema.org\/Answer\"><div class=\"w-tabs-section-content-h i-cf\" itemprop=\"text\"><div class=\"wpb_text_column\"><div class=\"wpb_wrapper\"><p>S\u00ec. San Jos\u00e9 de La Rinconada \u00e8 collegata dai Cercan\u00edas sulla linea Siviglia\u2013Lora del R\u00edo e da autobus metropolitani. Poich\u00e9 il festival inizia alle 22:00 e pu\u00f2 finire tardi, \u00e8 particolarmente importante controllare gli ultimi servizi di ritorno del 18 settembre.<\/p>\n<\/div><\/div><\/div><\/div><\/div><\/div><\/div><\/div><\/div><\/div><div class=\"vc_col-sm-1\/5 wpb_column vc_column_container\"><div class=\"vc_column-inner\"><div class=\"wpb_wrapper\"><\/div><\/div><\/div><\/div><\/div><\/section><section class=\"l-section wpb_row height_huge color_alternate with_shape\"><div class=\"l-section-shape type_zigzag pos_top hor_flip\" style=\"height:3vmin;\"><svg xmlns=\"http:\/\/www.w3.org\/2000\/svg\" viewBox=\"0 0 64 8\" preserveAspectRatio=\"none\" width=\"100%\" height=\"100%\">\r\n\t<path fill=\"currentColor\" d=\"M64 8 L0 8 L0 0 L20 7.9 L40 3 L48 5 L64 0 Z\"\/>\r\n<\/svg><\/div><div class=\"l-section-shape type_zigzag pos_bottom\" style=\"height:3vmin;\"><svg xmlns=\"http:\/\/www.w3.org\/2000\/svg\" viewBox=\"0 0 64 8\" preserveAspectRatio=\"none\" width=\"100%\" height=\"100%\">\r\n\t<path fill=\"currentColor\" d=\"M64 8 L0 8 L0 0 L20 7.9 L40 3 L48 5 L64 0 Z\"\/>\r\n<\/svg><\/div><div class=\"l-section-h i-cf\"><div class=\"g-cols vc_row via_flex valign_top type_default stacking_default\"><div class=\"vc_col-sm-12 wpb_column vc_column_container\"><div class=\"vc_column-inner\"><div class=\"wpb_wrapper\"><div class=\"wpb_text_column\"><div class=\"wpb_wrapper\"><h2>Fonti e aggiornamento<\/h2>\n<p>Per preparare questa guida abbiamo confrontato le informazioni comunali e turistiche disponibili sull\u2019edizione 2026, dando priorit\u00e0 alle fonti ufficiali.<\/p>\n<ul>\n<li><a href=\"https:\/\/www.larinconada.es\/es\/noticias\/15493\/el-xliii-festival-de-cante-flamenco-el-bucaro-convierte-a-la-rinconada-en-referente-del-arte-jondo\" target=\"_blank\" rel=\"noopener\">Comune di La Rinconada \u2014 presentazione ufficiale del 43\u00ba Festival El B\u00facaro<\/a>.<\/li>\n<li><a href=\"https:\/\/www.larinconada.es\/es\/noticias\/15541\/50-bucaros-intervenidos-por-medio-centenar-de-artistas-se-reunen-en-una-exposicion-en-la-hacienda-santa-cruz\" target=\"_blank\" rel=\"noopener\">Comune di La Rinconada \u2014 mostra \u201cDame el B\u00facaro\u201d<\/a>.<\/li>\n<li><a href=\"https:\/\/www.turismosevilla.org\/es\/eventos-y-fiestas\/xliii-festival-flamenco-el-bucaro\" target=\"_blank\" rel=\"noopener\">Turismo della Provincia di Siviglia \u2014 43\u00ba Festival Flamenco El B\u00facaro<\/a>.<\/li>\n<li><a href=\"https:\/\/www.juntadeandalucia.es\/cultura\/agendaculturaldeandalucia\/espacios\/hacienda-santa-cruz-san-jose-de-la-rinconada\" target=\"_blank\" rel=\"noopener\">Agenda Culturale dell\u2019Andalusia \u2014 Hacienda Santa Cruz<\/a>.<\/li>\n<\/ul>\n<p><small>Informazioni verificate il 5 settembre 2026. Disponibilit\u00e0 dei biglietti, orari, ordine delle esibizioni e condizioni di accesso possono cambiare. Controlla sempre i canali ufficiali prima di partire.<\/small><\/p>\n<\/div><\/div><\/div><\/div><\/div><\/div><\/div><\/section>\n","protected":false},"excerpt":{"rendered":"<p>Guida al Festival El B\u00facaro 2026 a La Rinconada: data, orario, artisti, biglietti, programma, Hacienda Santa Cruz, come arrivare da Siviglia e mostra Dame el B\u00facaro.<\/p>\n","protected":false},"author":1,"featured_media":14943,"comment_status":"closed","ping_status":"closed","sticky":false,"template":"","format":"standard","meta":{"_acf_changed":false,"wpai_generated_summary":"","_ayudawp_aiss_exclude":false,"_ayudawp_aiss_exclude_summary":false,"_ayudawp_aiss_summary":"","_ayudawp_aiss_summary_provider":"","_ayudawp_aiss_summary_hash":"","footnotes":""},"categories":[1670],"tags":[1726,1398,1252,1177,1937],"class_list":["post-15039","post","type-post","status-publish","format-standard","has-post-thumbnail","hentry","category-festival-flamenco","tag-artisti-flamenco","tag-cante-flamenco-it","tag-festivales-flamencos","tag-flamenco-en-sevilla","tag-penas-flamencas-it"],"acf":[],"yoast_head":"<!-- This site is optimized with the Yoast SEO Premium plugin v28.4 (Yoast SEO v28.4) - https:\/\/yoast.com\/product\/yoast-seo-premium-wordpress\/ -->\n<title>Festival El B\u00facaro 2026: programma, artisti e biglietti<\/title>\n<meta name=\"description\" content=\"Festival El B\u00facaro 2026 a La Rinconada: data, orario, cartellone completo, biglietti a 10 \u20ac, Hacienda Santa Cruz, come arrivare e Dame el B\u00facaro.\" \/>\n<meta name=\"robots\" content=\"index, follow, max-snippet:-1, max-image-preview:large, max-video-preview:-1\" \/>\n<link rel=\"canonical\" href=\"https:\/\/www.tablaosflamencos.com\/it\/festival-el-bucaro-2026-programma-artisti-data-biglietti.html\" \/>\n<meta property=\"og:locale\" content=\"it_IT\" \/>\n<meta property=\"og:type\" content=\"article\" \/>\n<meta property=\"og:title\" content=\"Festival El B\u00facaro 2026: programma, artisti, data e tutto quello che c\u2019\u00e8 da sapere\" \/>\n<meta property=\"og:description\" content=\"Festival El B\u00facaro 2026 a La Rinconada: data, orario, cartellone completo, biglietti a 10 \u20ac, Hacienda Santa Cruz, come arrivare e Dame el B\u00facaro.\" \/>\n<meta property=\"og:url\" content=\"https:\/\/www.tablaosflamencos.com\/it\/festival-el-bucaro-2026-programma-artisti-data-biglietti.html\" \/>\n<meta property=\"og:site_name\" content=\"Tablaos Flamencos\" \/>\n<meta property=\"article:publisher\" content=\"https:\/\/www.facebook.com\/tablaosflamencos\" \/>\n<meta property=\"article:published_time\" content=\"2026-09-06T14:15:05+00:00\" \/>\n<meta property=\"article:modified_time\" content=\"2026-09-06T17:46:26+00:00\" \/>\n<meta property=\"og:image\" content=\"https:\/\/www.tablaosflamencos.com\/wp-content\/uploads\/festival-el-bucaro-2026-programa-artistas-fecha-y-todo-lo-que-necesitas-saber-01.webp\" \/>\n\t<meta property=\"og:image:width\" content=\"1536\" \/>\n\t<meta property=\"og:image:height\" content=\"1024\" \/>\n\t<meta property=\"og:image:type\" content=\"image\/webp\" \/>\n<meta name=\"author\" content=\"Miguel Ortiz\" \/>\n<meta name=\"twitter:card\" content=\"summary_large_image\" \/>\n<meta name=\"twitter:creator\" content=\"@tablaosflamenco\" \/>\n<meta name=\"twitter:site\" content=\"@tablaosflamenco\" \/>\n<meta name=\"twitter:label1\" content=\"Scritto da\" \/>\n\t<meta name=\"twitter:data1\" content=\"Miguel Ortiz\" \/>\n\t<meta name=\"twitter:label2\" content=\"Tempo di lettura stimato\" \/>\n\t<meta name=\"twitter:data2\" content=\"15 minuti\" \/>\n<script type=\"application\/ld+json\" class=\"yoast-schema-graph\">{\"@context\":\"https:\\\/\\\/schema.org\",\"@graph\":[{\"@type\":\"Article\",\"@id\":\"https:\\\/\\\/www.tablaosflamencos.com\\\/it\\\/festival-el-bucaro-2026-programma-artisti-data-biglietti.html#article\",\"isPartOf\":{\"@id\":\"https:\\\/\\\/www.tablaosflamencos.com\\\/it\\\/festival-el-bucaro-2026-programma-artisti-data-biglietti.html\"},\"author\":{\"name\":\"Miguel Ortiz\",\"@id\":\"https:\\\/\\\/www.tablaosflamencos.com\\\/it#\\\/schema\\\/person\\\/e7a9ebe14eb75a52ceabfbffb3c54f5d\"},\"headline\":\"Festival El B\u00facaro 2026: programma, artisti, data e tutto quello che c\u2019\u00e8 da sapere\",\"datePublished\":\"2026-09-06T14:15:05+00:00\",\"dateModified\":\"2026-09-06T17:46:26+00:00\",\"mainEntityOfPage\":{\"@id\":\"https:\\\/\\\/www.tablaosflamencos.com\\\/it\\\/festival-el-bucaro-2026-programma-artisti-data-biglietti.html\"},\"wordCount\":3051,\"publisher\":{\"@id\":\"https:\\\/\\\/www.tablaosflamencos.com\\\/it#organization\"},\"image\":{\"@id\":\"https:\\\/\\\/www.tablaosflamencos.com\\\/it\\\/festival-el-bucaro-2026-programma-artisti-data-biglietti.html#primaryimage\"},\"thumbnailUrl\":\"https:\\\/\\\/www.tablaosflamencos.com\\\/wp-content\\\/uploads\\\/festival-el-bucaro-2026-programa-artistas-fecha-y-todo-lo-que-necesitas-saber-01.webp\",\"keywords\":[\"artisti flamenco\",\"cante flamenco\",\"festivales flamencos\",\"flamenco en Sevilla\",\"pe\u00f1as flamencas\"],\"articleSection\":[\"Festival di flamenco\"],\"inLanguage\":\"it-IT\"},{\"@type\":\"WebPage\",\"@id\":\"https:\\\/\\\/www.tablaosflamencos.com\\\/it\\\/festival-el-bucaro-2026-programma-artisti-data-biglietti.html\",\"url\":\"https:\\\/\\\/www.tablaosflamencos.com\\\/it\\\/festival-el-bucaro-2026-programma-artisti-data-biglietti.html\",\"name\":\"Festival El B\u00facaro 2026: programma, artisti e biglietti\",\"isPartOf\":{\"@id\":\"https:\\\/\\\/www.tablaosflamencos.com\\\/it#website\"},\"primaryImageOfPage\":{\"@id\":\"https:\\\/\\\/www.tablaosflamencos.com\\\/it\\\/festival-el-bucaro-2026-programma-artisti-data-biglietti.html#primaryimage\"},\"image\":{\"@id\":\"https:\\\/\\\/www.tablaosflamencos.com\\\/it\\\/festival-el-bucaro-2026-programma-artisti-data-biglietti.html#primaryimage\"},\"thumbnailUrl\":\"https:\\\/\\\/www.tablaosflamencos.com\\\/wp-content\\\/uploads\\\/festival-el-bucaro-2026-programa-artistas-fecha-y-todo-lo-que-necesitas-saber-01.webp\",\"datePublished\":\"2026-09-06T14:15:05+00:00\",\"dateModified\":\"2026-09-06T17:46:26+00:00\",\"description\":\"Festival El B\u00facaro 2026 a La Rinconada: data, orario, cartellone completo, biglietti a 10 \u20ac, Hacienda Santa Cruz, come arrivare e Dame el B\u00facaro.\",\"breadcrumb\":{\"@id\":\"https:\\\/\\\/www.tablaosflamencos.com\\\/it\\\/festival-el-bucaro-2026-programma-artisti-data-biglietti.html#breadcrumb\"},\"inLanguage\":\"it-IT\",\"potentialAction\":[{\"@type\":\"ReadAction\",\"target\":[\"https:\\\/\\\/www.tablaosflamencos.com\\\/it\\\/festival-el-bucaro-2026-programma-artisti-data-biglietti.html\"]}]},{\"@type\":\"ImageObject\",\"inLanguage\":\"it-IT\",\"@id\":\"https:\\\/\\\/www.tablaosflamencos.com\\\/it\\\/festival-el-bucaro-2026-programma-artisti-data-biglietti.html#primaryimage\",\"url\":\"https:\\\/\\\/www.tablaosflamencos.com\\\/wp-content\\\/uploads\\\/festival-el-bucaro-2026-programa-artistas-fecha-y-todo-lo-que-necesitas-saber-01.webp\",\"contentUrl\":\"https:\\\/\\\/www.tablaosflamencos.com\\\/wp-content\\\/uploads\\\/festival-el-bucaro-2026-programa-artistas-fecha-y-todo-lo-que-necesitas-saber-01.webp\",\"width\":1536,\"height\":1024,\"caption\":\"Festival El B\u00facaro 2026: programa, artistas, fecha y todo lo que necesitas saber\"},{\"@type\":\"BreadcrumbList\",\"@id\":\"https:\\\/\\\/www.tablaosflamencos.com\\\/it\\\/festival-el-bucaro-2026-programma-artisti-data-biglietti.html#breadcrumb\",\"itemListElement\":[{\"@type\":\"ListItem\",\"position\":1,\"name\":\"Home\",\"item\":\"https:\\\/\\\/www.tablaosflamencos.com\\\/it\"},{\"@type\":\"ListItem\",\"position\":2,\"name\":\"Festival El B\u00facaro 2026: programma, artisti, data e tutto quello che c\u2019\u00e8 da sapere\"}]},{\"@type\":\"WebSite\",\"@id\":\"https:\\\/\\\/www.tablaosflamencos.com\\\/it#website\",\"url\":\"https:\\\/\\\/www.tablaosflamencos.com\\\/it\",\"name\":\"Tablaos Flamencos\",\"description\":\"Entradas para tablaos flamencos de Espa\u00f1a\",\"publisher\":{\"@id\":\"https:\\\/\\\/www.tablaosflamencos.com\\\/it#organization\"},\"alternateName\":\"Tablaos Flamencos\",\"potentialAction\":[{\"@type\":\"SearchAction\",\"target\":{\"@type\":\"EntryPoint\",\"urlTemplate\":\"https:\\\/\\\/www.tablaosflamencos.com\\\/it?s={search_term_string}\"},\"query-input\":{\"@type\":\"PropertyValueSpecification\",\"valueRequired\":true,\"valueName\":\"search_term_string\"}}],\"inLanguage\":\"it-IT\"},{\"@type\":[\"Organization\",\"Place\",\"EntertainmentBusiness\"],\"@id\":\"https:\\\/\\\/www.tablaosflamencos.com\\\/it#organization\",\"name\":\"Tablaos Flamencos\",\"alternateName\":\"Tablaos Flamencos\",\"url\":\"https:\\\/\\\/www.tablaosflamencos.com\\\/it\",\"logo\":{\"@id\":\"https:\\\/\\\/www.tablaosflamencos.com\\\/it\\\/festival-el-bucaro-2026-programma-artisti-data-biglietti.html#local-main-organization-logo\"},\"image\":{\"@id\":\"https:\\\/\\\/www.tablaosflamencos.com\\\/it\\\/festival-el-bucaro-2026-programma-artisti-data-biglietti.html#local-main-organization-logo\"},\"sameAs\":[\"https:\\\/\\\/www.facebook.com\\\/tablaosflamencos\",\"https:\\\/\\\/x.com\\\/tablaosflamenco\",\"https:\\\/\\\/mastodon.social\\\/@tablaosflamencos\",\"https:\\\/\\\/www.instagram.com\\\/tablaosflamencos\",\"https:\\\/\\\/tiktok.com\\\/@tablaosflamencos\",\"https:\\\/\\\/www.linkedin.com\\\/company\\\/109408238\\\/\"],\"description\":\"Venta de entradas para espect\u00e1culos flamencos\",\"legalName\":\"Tablaos Flamencos\",\"foundingDate\":\"2015-01-01\",\"numberOfEmployees\":{\"@type\":\"QuantitativeValue\",\"minValue\":\"1\",\"maxValue\":\"10\"},\"address\":{\"@id\":\"https:\\\/\\\/www.tablaosflamencos.com\\\/it\\\/festival-el-bucaro-2026-programma-artisti-data-biglietti.html#local-main-place-address\"},\"geo\":{\"@type\":\"GeoCoordinates\",\"latitude\":\"37.3868072\",\"longitude\":\"-5.993280299999999\"},\"telephone\":[\"+34623787787\"],\"contactPoint\":{\"@type\":\"ContactPoint\",\"telephone\":\"+34623787787\",\"email\":\"info@tablaosflamencos.com\"},\"openingHoursSpecification\":{\"@type\":\"OpeningHoursSpecification\",\"dayOfWeek\":[\"Monday\",\"Tuesday\",\"Wednesday\",\"Thursday\",\"Friday\",\"Saturday\",\"Sunday\"],\"opens\":\"00:00\",\"closes\":\"23:59\"},\"email\":\"info@tablaosflamencos.com\",\"priceRange\":\"$$$\",\"currenciesAccepted\":\"\u20ac\"},{\"@type\":\"Person\",\"@id\":\"https:\\\/\\\/www.tablaosflamencos.com\\\/it#\\\/schema\\\/person\\\/e7a9ebe14eb75a52ceabfbffb3c54f5d\",\"name\":\"Miguel Ortiz\",\"description\":\"Miguel Ortiz es un empresario flamenco, con una s\u00f3lida trayectoria dentro del sector. Ha presidido entidades culturales vinculadas al flamenco y, cuenta con un amplio recorrido profesional en la gesti\u00f3n y promoci\u00f3n de espect\u00e1culos y tablaos flamencos. Su pasi\u00f3n por la historia y el arte flamenco se refleja en cada art\u00edculo, donde combina experiencia, criterio y un profundo respeto por la tradici\u00f3n.\",\"sameAs\":[\"https:\\\/\\\/www.tablaosflamencos.com\",\"https:\\\/\\\/www.instagra.com\\\/miguelortizfe\",\"https:\\\/\\\/www.linkedin.com\\\/in\\\/miguelortizf\\\/\"],\"birthDate\":\"1984-11-22\",\"gender\":\"hombre\",\"knowsLanguage\":[\"espa\u00f1ol\",\"ingl\u00e9s\"],\"jobTitle\":\"Empresario flamenco\"},{\"@type\":\"PostalAddress\",\"@id\":\"https:\\\/\\\/www.tablaosflamencos.com\\\/it\\\/festival-el-bucaro-2026-programma-artisti-data-biglietti.html#local-main-place-address\",\"streetAddress\":\"C\\\/ Alemanes, 19\",\"addressLocality\":\"Sevilla\",\"postalCode\":\"41004\",\"addressRegion\":\"Sevilla\",\"addressCountry\":\"ES\"},{\"@type\":\"ImageObject\",\"inLanguage\":\"it-IT\",\"@id\":\"https:\\\/\\\/www.tablaosflamencos.com\\\/it\\\/festival-el-bucaro-2026-programma-artisti-data-biglietti.html#local-main-organization-logo\",\"url\":\"https:\\\/\\\/www.tablaosflamencos.com\\\/wp-content\\\/uploads\\\/tablaos-flamencos-06-3.webp\",\"contentUrl\":\"https:\\\/\\\/www.tablaosflamencos.com\\\/wp-content\\\/uploads\\\/tablaos-flamencos-06-3.webp\",\"width\":600,\"height\":620,\"caption\":\"Tablaos Flamencos\"}]}<\/script>\n<meta name=\"geo.placename\" content=\"Sevilla\" \/>\n<meta name=\"geo.position\" content=\"37.3868072;-5.993280299999999\" \/>\n<meta name=\"geo.region\" content=\"Spagna\" \/>\n<!-- \/ Yoast SEO Premium plugin. -->","yoast_head_json":{"title":"Festival El B\u00facaro 2026: programma, artisti e biglietti","description":"Festival El B\u00facaro 2026 a La Rinconada: data, orario, cartellone completo, biglietti a 10 \u20ac, Hacienda Santa Cruz, come arrivare e Dame el B\u00facaro.","robots":{"index":"index","follow":"follow","max-snippet":"max-snippet:-1","max-image-preview":"max-image-preview:large","max-video-preview":"max-video-preview:-1"},"canonical":"https:\/\/www.tablaosflamencos.com\/it\/festival-el-bucaro-2026-programma-artisti-data-biglietti.html","og_locale":"it_IT","og_type":"article","og_title":"Festival El B\u00facaro 2026: programma, artisti, data e tutto quello che c\u2019\u00e8 da sapere","og_description":"Festival El B\u00facaro 2026 a La Rinconada: data, orario, cartellone completo, biglietti a 10 \u20ac, Hacienda Santa Cruz, come arrivare e Dame el B\u00facaro.","og_url":"https:\/\/www.tablaosflamencos.com\/it\/festival-el-bucaro-2026-programma-artisti-data-biglietti.html","og_site_name":"Tablaos Flamencos","article_publisher":"https:\/\/www.facebook.com\/tablaosflamencos","article_published_time":"2026-09-06T14:15:05+00:00","article_modified_time":"2026-09-06T17:46:26+00:00","og_image":[{"width":1536,"height":1024,"url":"https:\/\/www.tablaosflamencos.com\/wp-content\/uploads\/festival-el-bucaro-2026-programa-artistas-fecha-y-todo-lo-que-necesitas-saber-01.webp","type":"image\/webp"}],"author":"Miguel Ortiz","twitter_card":"summary_large_image","twitter_creator":"@tablaosflamenco","twitter_site":"@tablaosflamenco","twitter_misc":{"Scritto da":"Miguel Ortiz","Tempo di lettura stimato":"15 minuti"},"schema":{"@context":"https:\/\/schema.org","@graph":[{"@type":"Article","@id":"https:\/\/www.tablaosflamencos.com\/it\/festival-el-bucaro-2026-programma-artisti-data-biglietti.html#article","isPartOf":{"@id":"https:\/\/www.tablaosflamencos.com\/it\/festival-el-bucaro-2026-programma-artisti-data-biglietti.html"},"author":{"name":"Miguel Ortiz","@id":"https:\/\/www.tablaosflamencos.com\/it#\/schema\/person\/e7a9ebe14eb75a52ceabfbffb3c54f5d"},"headline":"Festival El B\u00facaro 2026: programma, artisti, data e tutto quello che c\u2019\u00e8 da sapere","datePublished":"2026-09-06T14:15:05+00:00","dateModified":"2026-09-06T17:46:26+00:00","mainEntityOfPage":{"@id":"https:\/\/www.tablaosflamencos.com\/it\/festival-el-bucaro-2026-programma-artisti-data-biglietti.html"},"wordCount":3051,"publisher":{"@id":"https:\/\/www.tablaosflamencos.com\/it#organization"},"image":{"@id":"https:\/\/www.tablaosflamencos.com\/it\/festival-el-bucaro-2026-programma-artisti-data-biglietti.html#primaryimage"},"thumbnailUrl":"https:\/\/www.tablaosflamencos.com\/wp-content\/uploads\/festival-el-bucaro-2026-programa-artistas-fecha-y-todo-lo-que-necesitas-saber-01.webp","keywords":["artisti flamenco","cante flamenco","festivales flamencos","flamenco en Sevilla","pe\u00f1as flamencas"],"articleSection":["Festival di flamenco"],"inLanguage":"it-IT"},{"@type":"WebPage","@id":"https:\/\/www.tablaosflamencos.com\/it\/festival-el-bucaro-2026-programma-artisti-data-biglietti.html","url":"https:\/\/www.tablaosflamencos.com\/it\/festival-el-bucaro-2026-programma-artisti-data-biglietti.html","name":"Festival El B\u00facaro 2026: programma, artisti e biglietti","isPartOf":{"@id":"https:\/\/www.tablaosflamencos.com\/it#website"},"primaryImageOfPage":{"@id":"https:\/\/www.tablaosflamencos.com\/it\/festival-el-bucaro-2026-programma-artisti-data-biglietti.html#primaryimage"},"image":{"@id":"https:\/\/www.tablaosflamencos.com\/it\/festival-el-bucaro-2026-programma-artisti-data-biglietti.html#primaryimage"},"thumbnailUrl":"https:\/\/www.tablaosflamencos.com\/wp-content\/uploads\/festival-el-bucaro-2026-programa-artistas-fecha-y-todo-lo-que-necesitas-saber-01.webp","datePublished":"2026-09-06T14:15:05+00:00","dateModified":"2026-09-06T17:46:26+00:00","description":"Festival El B\u00facaro 2026 a La Rinconada: data, orario, cartellone completo, biglietti a 10 \u20ac, Hacienda Santa Cruz, come arrivare e Dame el B\u00facaro.","breadcrumb":{"@id":"https:\/\/www.tablaosflamencos.com\/it\/festival-el-bucaro-2026-programma-artisti-data-biglietti.html#breadcrumb"},"inLanguage":"it-IT","potentialAction":[{"@type":"ReadAction","target":["https:\/\/www.tablaosflamencos.com\/it\/festival-el-bucaro-2026-programma-artisti-data-biglietti.html"]}]},{"@type":"ImageObject","inLanguage":"it-IT","@id":"https:\/\/www.tablaosflamencos.com\/it\/festival-el-bucaro-2026-programma-artisti-data-biglietti.html#primaryimage","url":"https:\/\/www.tablaosflamencos.com\/wp-content\/uploads\/festival-el-bucaro-2026-programa-artistas-fecha-y-todo-lo-que-necesitas-saber-01.webp","contentUrl":"https:\/\/www.tablaosflamencos.com\/wp-content\/uploads\/festival-el-bucaro-2026-programa-artistas-fecha-y-todo-lo-que-necesitas-saber-01.webp","width":1536,"height":1024,"caption":"Festival El B\u00facaro 2026: programa, artistas, fecha y todo lo que necesitas saber"},{"@type":"BreadcrumbList","@id":"https:\/\/www.tablaosflamencos.com\/it\/festival-el-bucaro-2026-programma-artisti-data-biglietti.html#breadcrumb","itemListElement":[{"@type":"ListItem","position":1,"name":"Home","item":"https:\/\/www.tablaosflamencos.com\/it"},{"@type":"ListItem","position":2,"name":"Festival El B\u00facaro 2026: programma, artisti, data e tutto quello che c\u2019\u00e8 da sapere"}]},{"@type":"WebSite","@id":"https:\/\/www.tablaosflamencos.com\/it#website","url":"https:\/\/www.tablaosflamencos.com\/it","name":"Tablaos Flamencos","description":"Entradas para tablaos flamencos de Espa\u00f1a","publisher":{"@id":"https:\/\/www.tablaosflamencos.com\/it#organization"},"alternateName":"Tablaos Flamencos","potentialAction":[{"@type":"SearchAction","target":{"@type":"EntryPoint","urlTemplate":"https:\/\/www.tablaosflamencos.com\/it?s={search_term_string}"},"query-input":{"@type":"PropertyValueSpecification","valueRequired":true,"valueName":"search_term_string"}}],"inLanguage":"it-IT"},{"@type":["Organization","Place","EntertainmentBusiness"],"@id":"https:\/\/www.tablaosflamencos.com\/it#organization","name":"Tablaos Flamencos","alternateName":"Tablaos Flamencos","url":"https:\/\/www.tablaosflamencos.com\/it","logo":{"@id":"https:\/\/www.tablaosflamencos.com\/it\/festival-el-bucaro-2026-programma-artisti-data-biglietti.html#local-main-organization-logo"},"image":{"@id":"https:\/\/www.tablaosflamencos.com\/it\/festival-el-bucaro-2026-programma-artisti-data-biglietti.html#local-main-organization-logo"},"sameAs":["https:\/\/www.facebook.com\/tablaosflamencos","https:\/\/x.com\/tablaosflamenco","https:\/\/mastodon.social\/@tablaosflamencos","https:\/\/www.instagram.com\/tablaosflamencos","https:\/\/tiktok.com\/@tablaosflamencos","https:\/\/www.linkedin.com\/company\/109408238\/"],"description":"Venta de entradas para espect\u00e1culos flamencos","legalName":"Tablaos Flamencos","foundingDate":"2015-01-01","numberOfEmployees":{"@type":"QuantitativeValue","minValue":"1","maxValue":"10"},"address":{"@id":"https:\/\/www.tablaosflamencos.com\/it\/festival-el-bucaro-2026-programma-artisti-data-biglietti.html#local-main-place-address"},"geo":{"@type":"GeoCoordinates","latitude":"37.3868072","longitude":"-5.993280299999999"},"telephone":["+34623787787"],"contactPoint":{"@type":"ContactPoint","telephone":"+34623787787","email":"info@tablaosflamencos.com"},"openingHoursSpecification":{"@type":"OpeningHoursSpecification","dayOfWeek":["Monday","Tuesday","Wednesday","Thursday","Friday","Saturday","Sunday"],"opens":"00:00","closes":"23:59"},"email":"info@tablaosflamencos.com","priceRange":"$$$","currenciesAccepted":"\u20ac"},{"@type":"Person","@id":"https:\/\/www.tablaosflamencos.com\/it#\/schema\/person\/e7a9ebe14eb75a52ceabfbffb3c54f5d","name":"Miguel Ortiz","description":"Miguel Ortiz es un empresario flamenco, con una s\u00f3lida trayectoria dentro del sector. Ha presidido entidades culturales vinculadas al flamenco y, cuenta con un amplio recorrido profesional en la gesti\u00f3n y promoci\u00f3n de espect\u00e1culos y tablaos flamencos. Su pasi\u00f3n por la historia y el arte flamenco se refleja en cada art\u00edculo, donde combina experiencia, criterio y un profundo respeto por la tradici\u00f3n.","sameAs":["https:\/\/www.tablaosflamencos.com","https:\/\/www.instagra.com\/miguelortizfe","https:\/\/www.linkedin.com\/in\/miguelortizf\/"],"birthDate":"1984-11-22","gender":"hombre","knowsLanguage":["espa\u00f1ol","ingl\u00e9s"],"jobTitle":"Empresario flamenco"},{"@type":"PostalAddress","@id":"https:\/\/www.tablaosflamencos.com\/it\/festival-el-bucaro-2026-programma-artisti-data-biglietti.html#local-main-place-address","streetAddress":"C\/ Alemanes, 19","addressLocality":"Sevilla","postalCode":"41004","addressRegion":"Sevilla","addressCountry":"ES"},{"@type":"ImageObject","inLanguage":"it-IT","@id":"https:\/\/www.tablaosflamencos.com\/it\/festival-el-bucaro-2026-programma-artisti-data-biglietti.html#local-main-organization-logo","url":"https:\/\/www.tablaosflamencos.com\/wp-content\/uploads\/tablaos-flamencos-06-3.webp","contentUrl":"https:\/\/www.tablaosflamencos.com\/wp-content\/uploads\/tablaos-flamencos-06-3.webp","width":600,"height":620,"caption":"Tablaos Flamencos"}]},"geo.placename":"Sevilla","geo.position":{"lat":"37.3868072","long":"-5.993280299999999"},"geo.region":"Spagna"},"_links":{"self":[{"href":"https:\/\/www.tablaosflamencos.com\/it\/wp-json\/wp\/v2\/posts\/15039","targetHints":{"allow":["GET"]}}],"collection":[{"href":"https:\/\/www.tablaosflamencos.com\/it\/wp-json\/wp\/v2\/posts"}],"about":[{"href":"https:\/\/www.tablaosflamencos.com\/it\/wp-json\/wp\/v2\/types\/post"}],"author":[{"embeddable":true,"href":"https:\/\/www.tablaosflamencos.com\/it\/wp-json\/wp\/v2\/users\/1"}],"replies":[{"embeddable":true,"href":"https:\/\/www.tablaosflamencos.com\/it\/wp-json\/wp\/v2\/comments?post=15039"}],"version-history":[{"count":2,"href":"https:\/\/www.tablaosflamencos.com\/it\/wp-json\/wp\/v2\/posts\/15039\/revisions"}],"predecessor-version":[{"id":15177,"href":"https:\/\/www.tablaosflamencos.com\/it\/wp-json\/wp\/v2\/posts\/15039\/revisions\/15177"}],"wp:featuredmedia":[{"embeddable":true,"href":"https:\/\/www.tablaosflamencos.com\/it\/wp-json\/wp\/v2\/media\/14943"}],"wp:attachment":[{"href":"https:\/\/www.tablaosflamencos.com\/it\/wp-json\/wp\/v2\/media?parent=15039"}],"wp:term":[{"taxonomy":"category","embeddable":true,"href":"https:\/\/www.tablaosflamencos.com\/it\/wp-json\/wp\/v2\/categories?post=15039"},{"taxonomy":"post_tag","embeddable":true,"href":"https:\/\/www.tablaosflamencos.com\/it\/wp-json\/wp\/v2\/tags?post=15039"}],"curies":[{"name":"wp","href":"https:\/\/api.w.org\/{rel}","templated":true}]}}