{"id":14862,"date":"2026-09-05T14:14:08","date_gmt":"2026-09-05T12:14:08","guid":{"rendered":"https:\/\/www.tablaosflamencos.com\/?p=14862"},"modified":"2026-09-05T14:31:02","modified_gmt":"2026-09-05T12:31:02","slug":"circuito-andaluso-penas-siviglia-2026","status":"publish","type":"post","link":"https:\/\/www.tablaosflamencos.com\/it\/circuito-andaluso-penas-siviglia-2026.html","title":{"rendered":"Circuito andaluso delle pe\u00f1as a Siviglia 2026: calendario, artisti e recital gratuiti"},"content":{"rendered":"<section class=\"l-section wpb_row height_huge\"><div class=\"l-section-h i-cf\"><div class=\"g-cols vc_row via_flex valign_middle type_default stacking_default\"><div class=\"vc_col-sm-6 wpb_column vc_column_container\"><div class=\"vc_column-inner\"><div class=\"wpb_wrapper\"><div class=\"wpb_text_column\"><div class=\"wpb_wrapper\"><h2>56 appuntamenti per scoprire il flamenco delle pe\u00f1as a Siviglia<\/h2>\n<p>Il <strong>Circuito andaluso delle pe\u00f1as a Siviglia 2026<\/strong> trasforma la provincia in un grande itinerario di recital gratuiti. Il programma riunisce <strong>56 spettacoli in altrettante pe\u00f1as di 41 localit\u00e0<\/strong>: 53 appuntamenti di cante, due di danza e uno di chitarra. Il ciclo \u00e8 iniziato a giugno e concentra il periodo pi\u00f9 intenso tra settembre e ottobre.<\/p>\n<p>L\u2019edizione sivigliana commemora i <strong>50 anni di <em>Persecuci\u00f3n<\/em><\/strong>, l\u2019album di Juan Pe\u00f1a \u00abEl Lebrijano\u00bb pubblicato nel 1976 con testi di F\u00e9lix Grande. La dedica collega il programma attuale a un\u2019opera fondamentale per comprendere la memoria, l\u2019identit\u00e0 e la capacit\u00e0 narrativa del flamenco contemporaneo.<\/p>\n<p>Questa guida raccoglie il calendario dettagliato pubblicato per settembre e ottobre, gli artisti, le pe\u00f1as ospitanti, i comuni e le informazioni pratiche per partecipare. L\u2019ingresso \u00e8 gratuito fino a esaurimento posti, ma \u00e8 consigliabile confermare ogni appuntamento prima di partire.<\/p>\n<\/div><\/div><\/div><\/div><\/div><div class=\"vc_col-sm-6 wpb_column vc_column_container\"><div class=\"vc_column-inner\"><div class=\"wpb_wrapper\"><div class=\"w-image us_custom_c9d916e8 has_aspect_ratio align_center\"><div class=\"w-image-h\"><img fetchpriority=\"high\" decoding=\"async\" width=\"1024\" height=\"683\" src=\"https:\/\/www.tablaosflamencos.com\/wp-content\/uploads\/circuito-andaluz-de-penas-2026-225-recitales-de-flamenco-gratis-por-toda-andalucia-01-1-1024x683.webp\" class=\"attachment-large size-large\" alt=\"Circuito Andaluz de Pe\u00f1as en Sevilla 2026: calendario, artistas y recitales gratuitos\" loading=\"eager\" srcset=\"https:\/\/www.tablaosflamencos.com\/wp-content\/uploads\/circuito-andaluz-de-penas-2026-225-recitales-de-flamenco-gratis-por-toda-andalucia-01-1-1024x683.webp 1024w, https:\/\/www.tablaosflamencos.com\/wp-content\/uploads\/circuito-andaluz-de-penas-2026-225-recitales-de-flamenco-gratis-por-toda-andalucia-01-1-300x200.webp 300w, https:\/\/www.tablaosflamencos.com\/wp-content\/uploads\/circuito-andaluz-de-penas-2026-225-recitales-de-flamenco-gratis-por-toda-andalucia-01-1-600x400.webp 600w, https:\/\/www.tablaosflamencos.com\/wp-content\/uploads\/circuito-andaluz-de-penas-2026-225-recitales-de-flamenco-gratis-por-toda-andalucia-01-1-150x100.webp 150w, https:\/\/www.tablaosflamencos.com\/wp-content\/uploads\/circuito-andaluz-de-penas-2026-225-recitales-de-flamenco-gratis-por-toda-andalucia-01-1.webp 1536w\" sizes=\"auto, (max-width: 1024px) 100vw, 1024px\" \/><\/div><\/div><\/div><\/div><\/div><\/div><\/div><\/section><section class=\"l-section wpb_row height_huge\"><div class=\"l-section-h i-cf\"><div class=\"g-cols vc_row via_flex valign_middle type_default stacking_default\"><div class=\"vc_col-sm-12 wpb_column vc_column_container\"><div class=\"vc_column-inner\"><div class=\"wpb_wrapper\"><div class=\"w-image align_center\"><div class=\"w-image-h\"><img decoding=\"async\" width=\"819\" height=\"1024\" src=\"https:\/\/www.tablaosflamencos.com\/wp-content\/uploads\/circuito-andaluz-de-penas-en-sevilla-2026-calendario-artistas-y-recitales-gratuitos-01-1.webp\" class=\"attachment-large size-large\" alt=\"Circuito Andaluz de Pe\u00f1as en Sevilla 2026: calendario, artistas y recitales gratuitos\" loading=\"eager\" srcset=\"https:\/\/www.tablaosflamencos.com\/wp-content\/uploads\/circuito-andaluz-de-penas-en-sevilla-2026-calendario-artistas-y-recitales-gratuitos-01-1.webp 819w, https:\/\/www.tablaosflamencos.com\/wp-content\/uploads\/circuito-andaluz-de-penas-en-sevilla-2026-calendario-artistas-y-recitales-gratuitos-01-1-240x300.webp 240w, https:\/\/www.tablaosflamencos.com\/wp-content\/uploads\/circuito-andaluz-de-penas-en-sevilla-2026-calendario-artistas-y-recitales-gratuitos-01-1-480x600.webp 480w, https:\/\/www.tablaosflamencos.com\/wp-content\/uploads\/circuito-andaluz-de-penas-en-sevilla-2026-calendario-artistas-y-recitales-gratuitos-01-1-120x150.webp 120w\" sizes=\"auto, (max-width: 819px) 100vw, 819px\" \/><\/div><\/div><\/div><\/div><\/div><\/div><\/div><\/section><section class=\"l-section wpb_row height_huge color_alternate with_shape\"><div class=\"l-section-shape type_zigzag pos_top hor_flip\" style=\"height:3vmin;\"><svg xmlns=\"http:\/\/www.w3.org\/2000\/svg\" viewBox=\"0 0 64 8\" preserveAspectRatio=\"none\" width=\"100%\" height=\"100%\">\r\n\t<path fill=\"currentColor\" d=\"M64 8 L0 8 L0 0 L20 7.9 L40 3 L48 5 L64 0 Z\"\/>\r\n<\/svg><\/div><div class=\"l-section-shape type_zigzag pos_bottom\" style=\"height:3vmin;\"><svg xmlns=\"http:\/\/www.w3.org\/2000\/svg\" viewBox=\"0 0 64 8\" preserveAspectRatio=\"none\" width=\"100%\" height=\"100%\">\r\n\t<path fill=\"currentColor\" d=\"M64 8 L0 8 L0 0 L20 7.9 L40 3 L48 5 L64 0 Z\"\/>\r\n<\/svg><\/div><div class=\"l-section-h i-cf\"><div class=\"g-cols vc_row via_flex valign_middle type_default stacking_default\"><div class=\"vc_col-sm-6 wpb_column vc_column_container\"><div class=\"vc_column-inner\"><div class=\"wpb_wrapper\"><div class=\"wpb_text_column\"><div class=\"wpb_wrapper\"><h2>Risposta rapida<\/h2>\n<p>Il circuito programma a Siviglia <strong>56 spettacoli gratuiti<\/strong> in 41 localit\u00e0: 53 recital di cante, due spettacoli di danza e uno di chitarra. Dopo dodici appuntamenti tenuti a giugno, l\u2019agenda ufficiale dettaglia 44 spettacoli dal 2 settembre al 31 ottobre. L\u2019accesso \u00e8 gratuito fino a esaurimento posti e l\u2019orario va verificato con la pe\u00f1a prima di partire.<\/p>\n<\/div><\/div><\/div><\/div><\/div><div class=\"vc_col-sm-6 wpb_column vc_column_container\"><div class=\"vc_column-inner\"><div class=\"wpb_wrapper\"><div class=\"wpb_text_column\"><div class=\"wpb_wrapper\"><h3>Dati essenziali<\/h3>\n<ul>\n<li><strong>Totale:<\/strong> 56 spettacoli.<\/li>\n<li><strong>Localit\u00e0:<\/strong> 41.<\/li>\n<li><strong>Discipline:<\/strong> 53 cante, 2 danza e 1 chitarra.<\/li>\n<li><strong>Prezzo:<\/strong> gratuito fino a esaurimento posti.<\/li>\n<li><strong>Organizzazione:<\/strong> Istituto Andaluso del Flamenco e Federazione Provinciale di Siviglia delle Entit\u00e0 Flamenco.<\/li>\n<\/ul>\n<\/div><\/div><\/div><\/div><\/div><\/div><\/div><\/section><section class=\"l-section wpb_row height_huge\"><div class=\"l-section-h i-cf\"><div class=\"g-cols vc_row via_flex valign_middle type_default stacking_default\"><div class=\"vc_col-sm-6 wpb_column vc_column_container\"><div class=\"vc_column-inner\"><div class=\"wpb_wrapper\"><div class=\"wpb_text_column\"><div class=\"wpb_wrapper\"><h2>Contenuto di questa guida<\/h2>\n<ul>\n<li><a href=\"#datos-clave\">Dati chiave del circuito sivigliano<\/a><\/li>\n<li><a href=\"#septiembre\">Calendario di settembre<\/a><\/li>\n<li><a href=\"#octubre\">Calendario di ottobre<\/a><\/li>\n<li><a href=\"#capital\">Recital nella citt\u00e0 di Siviglia<\/a><\/li>\n<li><a href=\"#artistas\">Artisti e discipline<\/a><\/li>\n<\/ul>\n<\/div><\/div><\/div><\/div><\/div><div class=\"vc_col-sm-6 wpb_column vc_column_container\"><div class=\"vc_column-inner\"><div class=\"wpb_wrapper\"><div class=\"wpb_text_column\"><div class=\"wpb_wrapper\"><ul>\n<li><a href=\"#persecucion\">Omaggio a <em>Persecuci\u00f3n<\/em><\/a><\/li>\n<li><a href=\"#acceso\">Accesso ai recital gratuiti<\/a><\/li>\n<li><a href=\"#ruta\">Itinerario nella provincia<\/a><\/li>\n<li><a href=\"#fuentes\">Dove confermare le variazioni<\/a><\/li>\n<li><a href=\"#faq\">Domande frequenti<\/a><\/li>\n<\/ul>\n<\/div><\/div><\/div><\/div><\/div><\/div><\/div><\/section><section class=\"l-section wpb_row height_huge color_alternate with_shape\"><div class=\"l-section-shape type_zigzag pos_top hor_flip\" style=\"height:3vmin;\"><svg xmlns=\"http:\/\/www.w3.org\/2000\/svg\" viewBox=\"0 0 64 8\" preserveAspectRatio=\"none\" width=\"100%\" height=\"100%\">\r\n\t<path fill=\"currentColor\" d=\"M64 8 L0 8 L0 0 L20 7.9 L40 3 L48 5 L64 0 Z\"\/>\r\n<\/svg><\/div><div class=\"l-section-shape type_zigzag pos_bottom\" style=\"height:3vmin;\"><svg xmlns=\"http:\/\/www.w3.org\/2000\/svg\" viewBox=\"0 0 64 8\" preserveAspectRatio=\"none\" width=\"100%\" height=\"100%\">\r\n\t<path fill=\"currentColor\" d=\"M64 8 L0 8 L0 0 L20 7.9 L40 3 L48 5 L64 0 Z\"\/>\r\n<\/svg><\/div><div class=\"l-section-h i-cf\"><div class=\"g-cols vc_row via_flex valign_middle type_default stacking_default\"><div class=\"vc_col-sm-6 wpb_column vc_column_container\"><div class=\"vc_column-inner\"><div class=\"wpb_wrapper\"><div class=\"wpb_text_column\"><div class=\"wpb_wrapper\"><h2 id=\"datos-clave\">Il circuito sivigliano in sintesi<\/h2>\n<table>\n<thead>\n<tr>\n<th>Dato<\/th>\n<th>Informazione ufficiale<\/th>\n<\/tr>\n<\/thead>\n<tbody>\n<tr>\n<td><strong>Spettacoli<\/strong><\/td>\n<td>56<\/td>\n<\/tr>\n<tr>\n<td><strong>Cante<\/strong><\/td>\n<td>53<\/td>\n<\/tr>\n<tr>\n<td><strong>Danza<\/strong><\/td>\n<td>2<\/td>\n<\/tr>\n<tr>\n<td><strong>Chitarra<\/strong><\/td>\n<td>1<\/td>\n<\/tr>\n<tr>\n<td><strong>Localit\u00e0<\/strong><\/td>\n<td>41<\/td>\n<\/tr>\n<tr>\n<td><strong>Accesso<\/strong><\/td>\n<td>Gratuito fino a esaurimento posti<\/td>\n<\/tr>\n<\/tbody>\n<\/table>\n<\/div><\/div><\/div><\/div><\/div><div class=\"vc_col-sm-6 wpb_column vc_column_container\"><div class=\"vc_column-inner\"><div class=\"wpb_wrapper\"><div class=\"wpb_text_column\"><div class=\"wpb_wrapper\"><h2>Un programma diffuso in tutta la provincia<\/h2>\n<p>La mappa non si limita alla capitale. Raggiunge \u00c9cija, Alcal\u00e1 de Guada\u00edra, Dos Hermanas, Mairena del Alcor, Mor\u00f3n, Arahal, Tomares, Gelves, Bormujos, Olivares, Espartinas, Sanl\u00facar la Mayor, Villanueva del Ariscal, La Algaba, Burguillos, Paradas, Las Cabezas de San Juan, Mart\u00edn de la Jara, Pruna, Herrera, La Luisiana, Fuentes de Andaluc\u00eda, Isla Mayor, Aznalc\u00f3llar, Albaida del Aljarafe, El Castillo de las Guardas e Los Palacios y Villafranca, tra gli altri comuni.<\/p>\n<p>Siviglia dispone di <strong>80 pe\u00f1as federate<\/strong>, la rete provinciale pi\u00f9 numerosa dell\u2019Andalusia. Il circuito attiva una parte importante di questo tessuto e porta spettacoli professionali a pubblici che non sempre dispongono di una programmazione stabile.<\/p>\n<\/div><\/div><\/div><\/div><\/div><\/div><\/div><\/section><section class=\"l-section wpb_row height_huge\"><div class=\"l-section-h i-cf\"><div class=\"g-cols vc_row via_flex valign_top type_default stacking_default\"><div class=\"vc_col-sm-6 wpb_column vc_column_container\"><div class=\"vc_column-inner\"><div class=\"wpb_wrapper\"><div class=\"wpb_text_column\"><div class=\"wpb_wrapper\"><h2 id=\"septiembre\">Calendario di settembre 2026<\/h2>\n<h3>Dal 2 al 18 settembre<\/h3>\n<ul>\n<li><strong>2 settembre, 21:00.<\/strong> Fernanda Pe\u00f1a, cantaora. Pe\u00f1a Flamenca Cantes al Aire, Siviglia<\/li>\n<li><strong>4 settembre, 21:30.<\/strong> Manuel Romero, cantaor. Pe\u00f1a Flamenca de Isla Mayor<\/li>\n<li><strong>10 settembre, 21:30.<\/strong> Angelita Montoya, cantaora. Pe\u00f1a Flamenca El Carbonerillo, Siviglia<\/li>\n<li><strong>11 settembre, 21:00.<\/strong> Manuel Bellido, ballerino. Pe\u00f1a Flamenca Femenina Teresa Le\u00f3n, \u00c9cija<\/li>\n<li><strong>12 settembre, 14:00.<\/strong> Pura de Pura, cantaora. Pe\u00f1a Flamenca La Jumoza 3, Siviglia<\/li>\n<li><strong>12 settembre, 21:30.<\/strong> Alfredo Tejada, cantaor. Pe\u00f1a Flamenca Astigitana Antonio Mairena, \u00c9cija<\/li>\n<li><strong>12 settembre, 20:30.<\/strong> Luis Moneo, cantaor. Pe\u00f1a Flamenca La Era, Burguillos<\/li>\n<li><strong>18 settembre, 21:30.<\/strong> Tino Van der Sman, chitarrista. Pe\u00f1a Flamenca La Sole\u00e1, Alcal\u00e1 de Guada\u00edra<\/li>\n<li><strong>18 settembre, 21:00.<\/strong> Jeromo Segura, cantaor. Pe\u00f1a Flamenca El Paraguas, Espartinas<\/li>\n<\/ul>\n<\/div><\/div><\/div><\/div><\/div><div class=\"vc_col-sm-6 wpb_column vc_column_container\"><div class=\"vc_column-inner\"><div class=\"wpb_wrapper\"><div class=\"wpb_text_column\"><div class=\"wpb_wrapper\"><h3>Dal 19 al 27 settembre<\/h3>\n<ul>\n<li><strong>19 settembre, 20:00.<\/strong> Anabel de Vico, cantaora. Pe\u00f1a Flamenca Antonio El Lobito, Pruna<\/li>\n<li><strong>19 settembre, 21:30.<\/strong> Paqui R\u00edos, cantaora. Pe\u00f1a Flamenca Lepanto, Mairena del Aljarafe<\/li>\n<li><strong>20 settembre, 14:00.<\/strong> Joni Torres, cantaor. Pe\u00f1a Flamenca Juan Talega, Dos Hermanas<\/li>\n<li><strong>26 settembre, 15:00.<\/strong> Juanelo, cantaor. Pe\u00f1a Flamenca de Sanl\u00facar la Mayor<\/li>\n<li><strong>26 settembre, 14:00.<\/strong> Lidia Rodr\u00edguez, cantaora. Pe\u00f1a Flamenca El Madro\u00f1ero, Montellano<\/li>\n<li><strong>26 settembre, 21:30.<\/strong> Mar\u00eda T\u00e1vora, ballerina. Pe\u00f1a Flamenca Miguel Vargas, Paradas<\/li>\n<li><strong>27 settembre, 13:00.<\/strong> Olivia Molina, cantaora. Pe\u00f1a Flamenca Pozo Nuevo, Olivares<\/li>\n<\/ul>\n<p>Il programma permette di scegliere tra la citt\u00e0 di Siviglia, l\u2019Aljarafe, la Campi\u00f1a, la Sierra Sur e l\u2019area metropolitana. Gli orari vanno da mezzogiorno alla sera; non tutte le pe\u00f1as aprono le porte con lo stesso anticipo.<\/p>\n<\/div><\/div><\/div><\/div><\/div><\/div><\/div><\/section><section class=\"l-section wpb_row height_huge color_alternate with_shape\"><div class=\"l-section-shape type_zigzag pos_top hor_flip\" style=\"height:3vmin;\"><svg xmlns=\"http:\/\/www.w3.org\/2000\/svg\" viewBox=\"0 0 64 8\" preserveAspectRatio=\"none\" width=\"100%\" height=\"100%\">\r\n\t<path fill=\"currentColor\" d=\"M64 8 L0 8 L0 0 L20 7.9 L40 3 L48 5 L64 0 Z\"\/>\r\n<\/svg><\/div><div class=\"l-section-shape type_zigzag pos_bottom\" style=\"height:3vmin;\"><svg xmlns=\"http:\/\/www.w3.org\/2000\/svg\" viewBox=\"0 0 64 8\" preserveAspectRatio=\"none\" width=\"100%\" height=\"100%\">\r\n\t<path fill=\"currentColor\" d=\"M64 8 L0 8 L0 0 L20 7.9 L40 3 L48 5 L64 0 Z\"\/>\r\n<\/svg><\/div><div class=\"l-section-h i-cf\"><div class=\"g-cols vc_row via_flex valign_top type_default stacking_default\"><div class=\"vc_col-sm-6 wpb_column vc_column_container\"><div class=\"vc_column-inner\"><div class=\"wpb_wrapper\"><div class=\"wpb_text_column\"><div class=\"wpb_wrapper\"><h2 id=\"octubre\">Calendario di ottobre 2026<\/h2>\n<h3>Dal 2 all\u201911 ottobre<\/h3>\n<ul>\n<li><strong>2 ottobre, 21:00.<\/strong> Abraham El Zambo, cantaor. Pe\u00f1a Flamenca Alto de la Fuente, Gelves<\/li>\n<li><strong>3 ottobre, 21:30.<\/strong> Luis Heredia \u00abEl Polaco\u00bb, cantaor. Pe\u00f1a Flamenca El Ni\u00f1o de la Jara, Mart\u00edn de la Jara<\/li>\n<li><strong>3 ottobre, 13:30.<\/strong> Antonio L\u00f3pez, cantaor. Pe\u00f1a Flamenca Fernando El Herrero, Las Cabezas de San Juan<\/li>\n<li><strong>8 ottobre, 19:30.<\/strong> Anabel Valencia, cantaora. Pe\u00f1a Sentir Flamenco, Universit\u00e0 Pablo de Olavide, Siviglia<\/li>\n<li><strong>8 ottobre, 20:00.<\/strong> Armando Mateos, cantaor. Tertulia Flamenca Calixto S\u00e1nchez Mar\u00edn, Siviglia<\/li>\n<li><strong>9 ottobre, 21:00.<\/strong> Luis Perdiguero, cantaor. Pe\u00f1a Flamenca La Polea, Siviglia<\/li>\n<li><strong>9 ottobre, 21:30.<\/strong> Manuel Cantarote, cantaor. Pe\u00f1a Flamenca de Tomares<\/li>\n<li><strong>9 ottobre, 21:00.<\/strong> Mari Pe\u00f1a, cantaora. Pe\u00f1a Flamenca Pastora Pav\u00f3n Cruz \u00abNi\u00f1a de los Peines\u00bb, Arahal<\/li>\n<li><strong>10 ottobre, 15:30.<\/strong> Macarena de Jerez, cantaora. Tertulia Flamenca Sevilla Este, Siviglia<\/li>\n<li><strong>10 ottobre, 16:00.<\/strong> El Potito, cantaor. Pe\u00f1a Flamenca de Aznalc\u00f3llar<\/li>\n<li><strong>11 ottobre, 14:00.<\/strong> \u00c1frica Granado, cantaora. Pe\u00f1a Flamenca El Gallo, Mor\u00f3n de la Frontera<\/li>\n<li><strong>11 ottobre, 19:00.<\/strong> Vicente Gelo, cantaor. Pe\u00f1a Flamenca El Monino, Herrera<\/li>\n<\/ul>\n<\/div><\/div><\/div><\/div><\/div><div class=\"vc_col-sm-6 wpb_column vc_column_container\"><div class=\"vc_column-inner\"><div class=\"wpb_wrapper\"><div class=\"wpb_text_column\"><div class=\"wpb_wrapper\"><h3>Dal 17 al 31 ottobre<\/h3>\n<ul>\n<li><strong>17 ottobre, 12:00.<\/strong> Manuela Cordero, cantaora. Pe\u00f1a Flamenca Aires Flamencos, Siviglia<\/li>\n<li><strong>17 ottobre, 21:30.<\/strong> Luis Ortega, cantaor. Pe\u00f1a Flamenca La Pos\u00e1, La Luisiana<\/li>\n<li><strong>17 ottobre, 20:00.<\/strong> Perico El Pa\u00f1ero, cantaor. Pe\u00f1a Flamenca Villanove\u00f1a, Villanueva de San Juan<\/li>\n<li><strong>18 ottobre, 14:30.<\/strong> Jes\u00fas Corbacho, cantaor. Pe\u00f1a Flamenca Miguel Acal, Bormujos<\/li>\n<li><strong>23 ottobre, 21:30.<\/strong> Juan de Mairena, cantaor. Casa del Arte Antonio Mairena, Mairena del Alcor<\/li>\n<li><strong>24 ottobre, 15:00.<\/strong> Amparo \u00abLa Repompilla\u00bb, cantaora. Pe\u00f1a Flamenca La Ton\u00e1<\/li>\n<li><strong>24 ottobre, 20:00.<\/strong> Manuel Pajares, cantaor. Pe\u00f1a Flamenca Torremocha, Albaida del Aljarafe<\/li>\n<li><strong>24 ottobre, 13:30.<\/strong> Marta La Ni\u00f1a, cantaora. Pe\u00f1a Flamenca La Encina, El Castillo de las Guardas<\/li>\n<li><strong>24 ottobre, 23:00.<\/strong> Mar\u00eda Jes\u00fas Bernal, cantaora. Tertulia Flamenca El Pozo de las Penas, Los Palacios y Villafranca<\/li>\n<li><strong>24 ottobre, 16:30.<\/strong> Joselete de Linares, cantaor. Pe\u00f1a Flamenca El Despertar, Fuentes de Andaluc\u00eda<\/li>\n<li><strong>24 ottobre, 15:00.<\/strong> Malena Carrasco, cantaora. Pe\u00f1a Flamenca La Fragua, Siviglia<\/li>\n<li><strong>25 ottobre, 17:00.<\/strong> Elena de Mor\u00f3n, cantaora. Pe\u00f1a Flamenca Puertas Abiertas, La Algaba<\/li>\n<li><strong>25 ottobre, 13:30.<\/strong> Marta Aguilar, cantaora. Pe\u00f1a Flamenca El B\u00facaro, San Jos\u00e9 de la Rinconada<\/li>\n<li><strong>29 ottobre, 21:30.<\/strong> Fernando Caballo, cantaor. Pe\u00f1a Flamenca Torres Macarena, Siviglia<\/li>\n<li><strong>30 ottobre, 19:00.<\/strong> Luis Malena, cantaor. Pe\u00f1a Flamenca Pol\u00edgono Sur, Siviglia<\/li>\n<li><strong>31 ottobre, 13:00.<\/strong> Silvia Reina, cantaora. Pe\u00f1a Flamenca La Solera, Villanueva del Ariscal<\/li>\n<\/ul>\n<\/div><\/div><\/div><\/div><\/div><\/div><\/div><\/section><section class=\"l-section wpb_row height_huge\"><div class=\"l-section-h i-cf\"><div class=\"g-cols vc_row via_flex valign_top type_default stacking_default\"><div class=\"vc_col-sm-6 wpb_column vc_column_container\"><div class=\"vc_column-inner\"><div class=\"wpb_wrapper\"><div class=\"wpb_text_column\"><div class=\"wpb_wrapper\"><h2>Importante: la chiusura compare con due date<\/h2>\n<p>Le informazioni generali indicano che il circuito sivigliano prosegue fino al <strong>30 ottobre<\/strong>. Tuttavia, il calendario dettagliato dell\u2019Agenda Culturale dell\u2019Andalusia include un ultimo appuntamento il <strong>31 ottobre<\/strong>: Silvia Reina alla Pe\u00f1a Flamenca La Solera di Villanueva del Ariscal.<\/p>\n<p>Per prudenza, questa guida include lo spettacolo del 31. La stessa agenda avverte che il programma pu\u00f2 subire variazioni.<\/p>\n<\/div><\/div><\/div><\/div><\/div><div class=\"vc_col-sm-6 wpb_column vc_column_container\"><div class=\"vc_column-inner\"><div class=\"wpb_wrapper\"><div class=\"wpb_text_column\"><div class=\"wpb_wrapper\"><h2 id=\"capital\">Recital nella citt\u00e0 di Siviglia<\/h2>\n<p>La citt\u00e0 concentra appuntamenti a Cantes al Aire, El Carbonerillo, La Jumoza 3, Sentir Flamenco presso l\u2019Universit\u00e0 Pablo de Olavide, la Tertulia Calixto S\u00e1nchez Mar\u00edn, La Polea, Sevilla Este, Aires Flamencos, La Fragua, Torres Macarena e Pol\u00edgono Sur.<\/p>\n<p>Tra i nomi annunciati figurano Fernanda Pe\u00f1a, Angelita Montoya, Pura de Pura, Anabel Valencia, Armando Mateos, Luis Perdiguero, Macarena de Jerez, Manuela Cordero, Malena Carrasco, Fernando Caballo e Luis Malena.<\/p>\n<\/div><\/div><\/div><\/div><\/div><\/div><\/div><\/section><section class=\"l-section wpb_row height_huge\"><div class=\"l-section-h i-cf\"><div class=\"g-cols vc_row via_flex valign_middle type_default stacking_default\"><div class=\"vc_col-sm-6 wpb_column vc_column_container\"><div class=\"vc_column-inner\"><div class=\"wpb_wrapper\"><div class=\"wpb_text_column\"><div class=\"wpb_wrapper\"><h2 id=\"artistas\">Cante, danza e chitarra: cosa offre il cartellone<\/h2>\n<p>Il <strong>cante domina chiaramente il programma<\/strong>. Questa scelta rispecchia il formato storico del recital in una pe\u00f1a: una voce protagonista, chitarra d\u2019accompagnamento e un pubblico vicino, attento agli stili e alla personalit\u00e0 dell\u2019interprete.<\/p>\n<p>Artisti dalla carriera riconosciuta \u2014come Alfredo Tejada, Luis Moneo, Jeromo Segura, El Potito, Macarena de Jerez, Anabel Valencia o La Repompilla\u2014 convivono con voci che stanno ancora costruendo il proprio percorso professionale.<\/p>\n<p>La danza \u00e8 rappresentata da <strong>Manuel Bellido<\/strong>, a \u00c9cija, e <strong>Mar\u00eda T\u00e1vora<\/strong>, a Paradas. L\u2019unico recital annunciato specificamente come esibizione di chitarra \u00e8 quello di <strong>Tino Van der Sman<\/strong>, ad Alcal\u00e1 de Guada\u00edra.<\/p>\n<\/div><\/div><\/div><\/div><\/div><div class=\"vc_col-sm-6 wpb_column vc_column_container\"><div class=\"vc_column-inner\"><div class=\"wpb_wrapper\"><div class=\"wpb_text_column\"><div class=\"wpb_wrapper\"><h2>Come scegliere un appuntamento<\/h2>\n<ul>\n<li><strong>Se cerchi il cante:<\/strong> quasi ogni fine settimana offre diverse opzioni.<\/li>\n<li><strong>Se preferisci la danza:<\/strong> segnati l\u201911 settembre a \u00c9cija o il 26 a Paradas.<\/li>\n<li><strong>Se ti interessa la chitarra:<\/strong> l\u2019appuntamento specifico di chitarra \u00e8 il 18 settembre ad Alcal\u00e1.<\/li>\n<li><strong>Se ti trovi nella citt\u00e0 di Siviglia:<\/strong> ottobre concentra numerosi spettacoli in citt\u00e0.<\/li>\n<li><strong>Se cerchi un\u2019atmosfera locale:<\/strong> scegli un comune, conferma l\u2019indirizzo e arriva con anticipo.<\/li>\n<\/ul>\n<p>Per confrontare diversi formati, consulta anche la nostra guida su <a href=\"https:\/\/www.tablaosflamencos.com\/donde-ver-flamenco-autentico-sevilla.html\"><strong>dove vedere flamenco autentico a Siviglia<\/strong><\/a>.<\/p>\n<\/div><\/div><\/div><\/div><\/div><\/div><\/div><\/section><section class=\"l-section wpb_row height_huge color_alternate with_shape\"><div class=\"l-section-shape type_zigzag pos_top hor_flip\" style=\"height:3vmin;\"><svg xmlns=\"http:\/\/www.w3.org\/2000\/svg\" viewBox=\"0 0 64 8\" preserveAspectRatio=\"none\" width=\"100%\" height=\"100%\">\r\n\t<path fill=\"currentColor\" d=\"M64 8 L0 8 L0 0 L20 7.9 L40 3 L48 5 L64 0 Z\"\/>\r\n<\/svg><\/div><div class=\"l-section-shape type_zigzag pos_bottom\" style=\"height:3vmin;\"><svg xmlns=\"http:\/\/www.w3.org\/2000\/svg\" viewBox=\"0 0 64 8\" preserveAspectRatio=\"none\" width=\"100%\" height=\"100%\">\r\n\t<path fill=\"currentColor\" d=\"M64 8 L0 8 L0 0 L20 7.9 L40 3 L48 5 L64 0 Z\"\/>\r\n<\/svg><\/div><div class=\"l-section-h i-cf\"><div class=\"g-cols vc_row via_flex valign_middle type_default stacking_default\"><div class=\"vc_col-sm-6 wpb_column vc_column_container\"><div class=\"vc_column-inner\"><div class=\"wpb_wrapper\"><div class=\"wpb_text_column\"><div class=\"wpb_wrapper\"><h2 id=\"persecucion\">L\u2019omaggio a <em>Persecuci\u00f3n<\/em> e El Lebrijano<\/h2>\n<p>Il programma sivigliano \u00e8 dedicato al cinquantesimo anniversario di <em>Persecuci\u00f3n<\/em>, pubblicato da Juan Pe\u00f1a \u00abEl Lebrijano\u00bb nel 1976. Concepito con testi di F\u00e9lix Grande, l\u2019album port\u00f2 su disco un racconto sulla persecuzione storica del popolo rom e apr\u00ec un territorio espressivo allora poco comune nel flamenco registrato.<\/p>\n<p>L\u2019omaggio ha anche una dimensione territoriale: El Lebrijano nacque a Lebrija e apparteneva a una stirpe artistica essenziale per il flamenco sivigliano. Ricordare la sua opera attraverso una rete di pe\u00f1as collega la memoria discografica agli spazi in cui il cante si ascolta, si discute e si tramanda.<\/p>\n<\/div><\/div><\/div><\/div><\/div><div class=\"vc_col-sm-6 wpb_column vc_column_container\"><div class=\"vc_column-inner\"><div class=\"wpb_wrapper\"><div class=\"wpb_text_column\"><div class=\"wpb_wrapper\"><h2>Una celebrazione rivolta al presente<\/h2>\n<p>La dedica non trasforma il circuito in una ripetizione del repertorio di El Lebrijano. Funziona come filo conduttore di un programma vario, formato da artisti contemporanei e distribuito in tutta la provincia.<\/p>\n<p>Per una visione pi\u00f9 ampia del programma, consulta la nostra guida generale al <a href=\"https:\/\/www.tablaosflamencos.com\/circuito-andaluz-penas-flamencas-2026.html\"><strong>Circuito andaluso delle pe\u00f1as 2026<\/strong><\/a>. Qui sono riportati i dati delle otto province. Questa pagina si concentra esclusivamente su Siviglia e sul suo calendario dettagliato.<\/p>\n<\/div><\/div><\/div><\/div><\/div><\/div><\/div><\/section><section class=\"l-section wpb_row height_huge\"><div class=\"l-section-h i-cf\"><div class=\"g-cols vc_row via_flex valign_middle type_default stacking_default\"><div class=\"vc_col-sm-6 wpb_column vc_column_container\"><div class=\"vc_column-inner\"><div class=\"wpb_wrapper\"><div class=\"wpb_text_column\"><div class=\"wpb_wrapper\"><h2 id=\"acceso\">I recital sono davvero gratuiti?<\/h2>\n<p>S\u00ec. L\u2019Agenda Culturale dell\u2019Andalusia indica che <strong>l\u2019ingresso \u00e8 gratuito fino a esaurimento posti<\/strong>. Non \u00e8 necessario acquistare un biglietto, ma la gratuit\u00e0 non garantisce l\u2019accesso se la sala \u00e8 piena.<\/p>\n<p>Ogni pe\u00f1a pu\u00f2 organizzare l\u2019ingresso in modo diverso. Alcune ammettono il pubblico in ordine di arrivo; altre possono utilizzare inviti, conferme o dare priorit\u00e0 organizzativa ai soci. Se la scheda non spiega la procedura, la scelta pi\u00f9 sicura \u00e8 contattare l\u2019ente.<\/p>\n<\/div><\/div><\/div><\/div><\/div><div class=\"vc_col-sm-6 wpb_column vc_column_container\"><div class=\"vc_column-inner\"><div class=\"wpb_wrapper\"><div class=\"wpb_text_column\"><div class=\"wpb_wrapper\"><h2>Consigli per non restare fuori<\/h2>\n<ul>\n<li>Controlla data, ora e indirizzo il giorno stesso.<\/li>\n<li>Arriva in anticipo, soprattutto nei fine settimana.<\/li>\n<li>Chiedi se \u00e8 necessario un invito o una conferma preventiva.<\/li>\n<li>Non confondere il nome della pe\u00f1a con il comune.<\/li>\n<li>Tieni conto di eventuali sedi alternative.<\/li>\n<li>Rispetta il silenzio durante il cante ed evita di entrare o uscire a met\u00e0 di un brano.<\/li>\n<\/ul>\n<\/div><\/div><\/div><\/div><\/div><\/div><\/div><\/section><section class=\"l-section wpb_row height_huge color_alternate with_shape\"><div class=\"l-section-shape type_zigzag pos_top hor_flip\" style=\"height:3vmin;\"><svg xmlns=\"http:\/\/www.w3.org\/2000\/svg\" viewBox=\"0 0 64 8\" preserveAspectRatio=\"none\" width=\"100%\" height=\"100%\">\r\n\t<path fill=\"currentColor\" d=\"M64 8 L0 8 L0 0 L20 7.9 L40 3 L48 5 L64 0 Z\"\/>\r\n<\/svg><\/div><div class=\"l-section-shape type_zigzag pos_bottom\" style=\"height:3vmin;\"><svg xmlns=\"http:\/\/www.w3.org\/2000\/svg\" viewBox=\"0 0 64 8\" preserveAspectRatio=\"none\" width=\"100%\" height=\"100%\">\r\n\t<path fill=\"currentColor\" d=\"M64 8 L0 8 L0 0 L20 7.9 L40 3 L48 5 L64 0 Z\"\/>\r\n<\/svg><\/div><div class=\"l-section-h i-cf\"><div class=\"g-cols vc_row via_flex valign_middle type_default stacking_default\"><div class=\"vc_col-sm-6 wpb_column vc_column_container\"><div class=\"vc_column-inner\"><div class=\"wpb_wrapper\"><div class=\"wpb_text_column\"><div class=\"wpb_wrapper\"><h2 id=\"ruta\">Come organizzare un itinerario flamenco nella provincia di Siviglia<\/h2>\n<p>Nell\u2019Aljarafe trovi Gelves, Tomares, Bormujos, Olivares, Espartinas, Sanl\u00facar la Mayor, Villanueva del Ariscal e Albaida. La Campi\u00f1a propone appuntamenti a \u00c9cija, Arahal, Paradas, Fuentes de Andaluc\u00eda e La Luisiana. Nell\u2019area metropolitana spiccano Alcal\u00e1 de Guada\u00edra, Dos Hermanas, La Algaba, Mairena del Aljarafe e San Jos\u00e9 de la Rinconada.<\/p>\n<p>Prima di programmare due spettacoli nello stesso giorno, controlla distanze e orari. Accesso, parcheggio e durata non sono identici in tutte le sedi.<\/p>\n<\/div><\/div><\/div><\/div><\/div><div class=\"vc_col-sm-6 wpb_column vc_column_container\"><div class=\"vc_column-inner\"><div class=\"wpb_wrapper\"><div class=\"wpb_text_column\"><div class=\"wpb_wrapper\"><h2>Pe\u00f1a e tablao: esperienze complementari<\/h2>\n<p>Il circuito offre spettacoli occasionali nelle associazioni culturali e permette di avvicinarsi al flamenco attraverso la vita locale. Un tablao mantiene una programmazione regolare, consente di prenotare in anticipo ed \u00e8 pi\u00f9 facile da inserire in un viaggio con date fisse.<\/p>\n<p>Se il recital non coincide con il tuo soggiorno o i posti sono esauriti, consulta gli <a href=\"\/flamenco-sevilla\"><strong>spettacoli di flamenco a Siviglia<\/strong><\/a>. Una pe\u00f1a permette di vivere un appuntamento unico, mentre un tablao consente di assicurarsi uno spettacolo all\u2019interno dell\u2019itinerario.<\/p>\n<\/div><\/div><\/div><\/div><\/div><\/div><\/div><\/section><section class=\"l-section wpb_row height_huge\"><div class=\"l-section-h i-cf\"><div class=\"g-cols vc_row via_flex valign_middle type_default stacking_default\"><div class=\"vc_col-sm-6 wpb_column vc_column_container\"><div class=\"vc_column-inner\"><div class=\"wpb_wrapper\"><div class=\"wpb_text_column\"><div class=\"wpb_wrapper\"><h2 id=\"fuentes\">Dove confermare artisti, orari e variazioni<\/h2>\n<p>Il riferimento principale \u00e8 l\u2019 <strong>Agenda Culturale dell\u2019Andalusia<\/strong>. Raccoglie i recital annunciati e avverte che possono verificarsi cambiamenti. \u00c8 inoltre consigliabile consultare i canali della pe\u00f1a ospitante o della Federazione Provinciale di Siviglia delle Entit\u00e0 Flamenco.<\/p>\n<\/div><\/div><div class=\"w-separator size_medium\"><\/div><div class=\"w-hwrapper valign_top align_center\" style=\"--hwrapper-gap:1.2rem\"><div class=\"w-btn-wrapper align_center\"><a class=\"w-btn us-btn-style_1 icon_atleft\" href=\"https:\/\/www.juntadeandalucia.es\/cultura\/agendaculturaldeandalucia\/evento\/circuito-andaluz-de-penas-2026-provincia-de-sevilla\"><i class=\"fas fa-calendar-alt\"><\/i><span class=\"w-btn-label\">Consulta l\u2019agenda ufficiale di Siviglia<\/span><\/a><\/div><\/div><\/div><\/div><\/div><div class=\"vc_col-sm-6 wpb_column vc_column_container\"><div class=\"vc_column-inner\"><div class=\"wpb_wrapper\"><div class=\"wpb_text_column\"><div class=\"wpb_wrapper\"><h2>Chi organizza il circuito<\/h2>\n<p>Il programma si svolge grazie alla collaborazione tra l\u2019 <strong>Agenzia Andalusa delle Istituzioni Culturali e l\u2019Istituto Andaluso del Flamenco<\/strong> e la Federazione Provinciale di Siviglia delle Entit\u00e0 Flamenco.<\/p>\n<p>In Andalusia, l\u2019edizione 2026 conta 225 spettacoli e almeno 470 artisti. Il programma nasce da un bando pubblico e si avvale delle federazioni provinciali per creare cartelloni adattati alle loro reti di pe\u00f1as e comuni.<\/p>\n<\/div><\/div><\/div><\/div><\/div><\/div><\/div><\/section><section class=\"l-section wpb_row height_huge color_alternate with_shape\"><div class=\"l-section-shape type_zigzag pos_top hor_flip\" style=\"height:3vmin;\"><svg xmlns=\"http:\/\/www.w3.org\/2000\/svg\" viewBox=\"0 0 64 8\" preserveAspectRatio=\"none\" width=\"100%\" height=\"100%\">\r\n\t<path fill=\"currentColor\" d=\"M64 8 L0 8 L0 0 L20 7.9 L40 3 L48 5 L64 0 Z\"\/>\r\n<\/svg><\/div><div class=\"l-section-h i-cf\"><div class=\"g-cols vc_row via_flex valign_middle type_default stacking_default\"><div class=\"vc_col-sm-1\/5 wpb_column vc_column_container\"><div class=\"vc_column-inner\"><div class=\"wpb_wrapper\"><\/div><\/div><\/div><div class=\"vc_col-sm-3\/5 wpb_column vc_column_container\"><div class=\"vc_column-inner\"><div class=\"wpb_wrapper\"><div class=\"wpb_text_column\"><div class=\"wpb_wrapper\"><h2 id=\"faq\">Domande frequenti sul Circuito andaluso delle pe\u00f1as a Siviglia 2026<\/h2>\n<\/div><\/div><div class=\"w-separator size_medium\"><\/div><div class=\"w-tabs accordion toggle_style_1 has_scrolling\" style=\"--sections-title-size:inherit;--sections-gap:0.5rem;\"><div class=\"w-tabs-sections titles-align_none icon_chevron cpos_right\"><div class=\"w-tabs-section\" id=\"y0fe\"><button type=\"button\" class=\"w-tabs-section-header\" aria-controls=\"content-y0fe\" aria-expanded=\"false\"><div class=\"w-tabs-section-title\">Quanti spettacoli ci sono a Siviglia?<\/div><div class=\"w-tabs-section-control\"><\/div><\/button><div  class=\"w-tabs-section-content\" id=\"content-y0fe\"><div class=\"w-tabs-section-content-h i-cf\"><div class=\"wpb_text_column\"><div class=\"wpb_wrapper\"><p>Il programma annuncia <strong>56 spettacoli in 41 localit\u00e0<\/strong>: 53 di cante, due di danza e uno di chitarra.<\/p>\n<\/div><\/div><\/div><\/div><\/div><div class=\"w-tabs-section\" id=\"u207\"><button type=\"button\" class=\"w-tabs-section-header\" aria-controls=\"content-u207\" aria-expanded=\"false\"><div class=\"w-tabs-section-title\">Quando si svolge il circuito?<\/div><div class=\"w-tabs-section-control\"><\/div><\/button><div  class=\"w-tabs-section-content\" id=\"content-u207\"><div class=\"w-tabs-section-content-h i-cf\"><div class=\"wpb_text_column\"><div class=\"wpb_wrapper\"><p>Il ciclo \u00e8 iniziato il 6 giugno. Il calendario dettagliato disponibile raccoglie spettacoli dal 2 settembre al 31 ottobre 2026.<\/p>\n<\/div><\/div><\/div><\/div><\/div><div class=\"w-tabs-section\" id=\"b32c\"><button type=\"button\" class=\"w-tabs-section-header\" aria-controls=\"content-b32c\" aria-expanded=\"false\"><div class=\"w-tabs-section-title\">L\u2019ingresso \u00e8 gratuito?<\/div><div class=\"w-tabs-section-control\"><\/div><\/button><div  class=\"w-tabs-section-content\" id=\"content-b32c\"><div class=\"w-tabs-section-content-h i-cf\"><div class=\"wpb_text_column\"><div class=\"wpb_wrapper\"><p>S\u00ec. Tutti i recital sono annunciati con <strong>ingresso gratuito fino a esaurimento posti<\/strong>. A seconda della pe\u00f1a pu\u00f2 essere previsto un sistema di inviti o conferma.<\/p>\n<\/div><\/div><\/div><\/div><\/div><div class=\"w-tabs-section\" id=\"d43c\"><button type=\"button\" class=\"w-tabs-section-header\" aria-controls=\"content-d43c\" aria-expanded=\"false\"><div class=\"w-tabs-section-title\">Bisogna essere soci della pe\u00f1a?<\/div><div class=\"w-tabs-section-control\"><\/div><\/button><div  class=\"w-tabs-section-content\" id=\"content-d43c\"><div class=\"w-tabs-section-content-h i-cf\"><div class=\"wpb_text_column\"><div class=\"wpb_wrapper\"><p>La comunicazione ufficiale presenta gli spettacoli come gratuiti fino a esaurimento posti. Contatta la pe\u00f1a interessata per conoscere le modalit\u00e0 di accesso.<\/p>\n<\/div><\/div><\/div><\/div><\/div><div class=\"w-tabs-section\" id=\"d521\"><button type=\"button\" class=\"w-tabs-section-header\" aria-controls=\"content-d521\" aria-expanded=\"false\"><div class=\"w-tabs-section-title\">Quali spettacoli di danza sono previsti?<\/div><div class=\"w-tabs-section-control\"><\/div><\/button><div  class=\"w-tabs-section-content\" id=\"content-d521\"><div class=\"w-tabs-section-content-h i-cf\"><div class=\"wpb_text_column\"><div class=\"wpb_wrapper\"><p>Manuel Bellido si esibisce l\u201911 settembre a \u00c9cija e Mar\u00eda T\u00e1vora il 26 settembre a Paradas.<\/p>\n<\/div><\/div><\/div><\/div><\/div><div class=\"w-tabs-section\" id=\"g5fe\"><button type=\"button\" class=\"w-tabs-section-header\" aria-controls=\"content-g5fe\" aria-expanded=\"false\"><div class=\"w-tabs-section-title\">Dove si svolge il recital di chitarra?<\/div><div class=\"w-tabs-section-control\"><\/div><\/button><div  class=\"w-tabs-section-content\" id=\"content-g5fe\"><div class=\"w-tabs-section-content-h i-cf\"><div class=\"wpb_text_column\"><div class=\"wpb_wrapper\"><p>Tino Van der Sman si esibisce il 18 settembre alla Pe\u00f1a Flamenca La Sole\u00e1 di Alcal\u00e1 de Guada\u00edra.<\/p>\n<\/div><\/div><\/div><\/div><\/div><div class=\"w-tabs-section\" id=\"c74a\"><button type=\"button\" class=\"w-tabs-section-header\" aria-controls=\"content-c74a\" aria-expanded=\"false\"><div class=\"w-tabs-section-title\">Il calendario pu\u00f2 cambiare?<\/div><div class=\"w-tabs-section-control\"><\/div><\/button><div  class=\"w-tabs-section-content\" id=\"content-c74a\"><div class=\"w-tabs-section-content-h i-cf\"><div class=\"wpb_text_column\"><div class=\"wpb_wrapper\"><p>S\u00ec. Verifica artista, orario, indirizzo e condizioni di accesso prima di spostarti.<\/p>\n<\/div><\/div><\/div><\/div><\/div><div class=\"w-tabs-section\" id=\"d850\"><button type=\"button\" class=\"w-tabs-section-header\" aria-controls=\"content-d850\" aria-expanded=\"false\"><div class=\"w-tabs-section-title\">Dove posso consultare il programma aggiornato?<\/div><div class=\"w-tabs-section-control\"><\/div><\/button><div  class=\"w-tabs-section-content\" id=\"content-d850\"><div class=\"w-tabs-section-content-h i-cf\"><div class=\"wpb_text_column\"><div class=\"wpb_wrapper\"><p>Nell\u2019Agenda Culturale dell\u2019Andalusia e nei canali della pe\u00f1a ospitante o della federazione provinciale.<\/p>\n<\/div><\/div><\/div><\/div><\/div><\/div><\/div><\/div><\/div><\/div><div class=\"vc_col-sm-1\/5 wpb_column vc_column_container\"><div class=\"vc_column-inner\"><div class=\"wpb_wrapper\"><\/div><\/div><\/div><\/div><\/div><\/section>\n","protected":false},"excerpt":{"rendered":"<p>Il Circuito andaluso delle pe\u00f1as a Siviglia 2026 propone 56 spettacoli gratuiti in 41 localit\u00e0 della provincia, tra cante, danza e chitarra flamenca.<\/p>\n","protected":false},"author":1,"featured_media":14729,"comment_status":"closed","ping_status":"closed","sticky":false,"template":"","format":"standard","meta":{"_acf_changed":false,"wpai_generated_summary":"","_ayudawp_aiss_exclude":false,"_ayudawp_aiss_exclude_summary":false,"_ayudawp_aiss_summary":"","_ayudawp_aiss_summary_provider":"","_ayudawp_aiss_summary_hash":"","footnotes":""},"categories":[1901],"tags":[1398,1929,1177,1947,1937],"class_list":["post-14862","post","type-post","status-publish","format-standard","has-post-thumbnail","hentry","category-penas-di-flamenco","tag-cante-flamenco-it","tag-circuito-andaluso-delle-penas","tag-flamenco-en-sevilla","tag-flamenco-gratuito","tag-penas-flamencas-it"],"acf":[],"yoast_head":"<!-- This site is optimized with the Yoast SEO Premium plugin v28.4 (Yoast SEO v28.4) - https:\/\/yoast.com\/product\/yoast-seo-premium-wordpress\/ -->\n<title>Circuito andaluso delle pe\u00f1as a Siviglia 2026: calendario e artisti | Tablaos Flamencos<\/title>\n<meta name=\"description\" content=\"Consulta il calendario 2026 del Circuito andaluso delle pe\u00f1as a Siviglia: artisti, localit\u00e0, pe\u00f1as flamencas e recital gratuiti.\" \/>\n<meta name=\"robots\" content=\"index, follow, max-snippet:-1, max-image-preview:large, max-video-preview:-1\" \/>\n<link rel=\"canonical\" href=\"https:\/\/www.tablaosflamencos.com\/it\/circuito-andaluso-penas-siviglia-2026.html\" \/>\n<meta property=\"og:locale\" content=\"it_IT\" \/>\n<meta property=\"og:type\" content=\"article\" \/>\n<meta property=\"og:title\" content=\"Circuito andaluso delle pe\u00f1as a Siviglia 2026: calendario, artisti e recital gratuiti\" \/>\n<meta property=\"og:description\" content=\"Consulta il calendario 2026 del Circuito andaluso delle pe\u00f1as a Siviglia: artisti, localit\u00e0, pe\u00f1as flamencas e recital gratuiti.\" \/>\n<meta property=\"og:url\" content=\"https:\/\/www.tablaosflamencos.com\/it\/circuito-andaluso-penas-siviglia-2026.html\" \/>\n<meta property=\"og:site_name\" content=\"Tablaos Flamencos\" \/>\n<meta property=\"article:publisher\" content=\"https:\/\/www.facebook.com\/tablaosflamencos\" \/>\n<meta property=\"article:published_time\" content=\"2026-09-05T12:14:08+00:00\" \/>\n<meta property=\"article:modified_time\" content=\"2026-09-05T12:31:02+00:00\" \/>\n<meta property=\"og:image\" content=\"https:\/\/www.tablaosflamencos.com\/wp-content\/uploads\/circuito-andaluz-de-penas-en-sevilla-2026-calendario-artistas-y-recitales-gratuitos-01.webp\" \/>\n\t<meta property=\"og:image:width\" content=\"1536\" \/>\n\t<meta property=\"og:image:height\" content=\"1024\" \/>\n\t<meta property=\"og:image:type\" content=\"image\/webp\" \/>\n<meta name=\"author\" content=\"Miguel Ortiz\" \/>\n<meta name=\"twitter:card\" content=\"summary_large_image\" \/>\n<meta name=\"twitter:creator\" content=\"@tablaosflamenco\" \/>\n<meta name=\"twitter:site\" content=\"@tablaosflamenco\" \/>\n<meta name=\"twitter:label1\" content=\"Scritto da\" \/>\n\t<meta name=\"twitter:data1\" content=\"Miguel Ortiz\" \/>\n\t<meta name=\"twitter:label2\" content=\"Tempo di lettura stimato\" \/>\n\t<meta name=\"twitter:data2\" content=\"15 minuti\" \/>\n<script type=\"application\/ld+json\" class=\"yoast-schema-graph\">{\"@context\":\"https:\\\/\\\/schema.org\",\"@graph\":[{\"@type\":\"Article\",\"@id\":\"https:\\\/\\\/www.tablaosflamencos.com\\\/it\\\/circuito-andaluso-penas-siviglia-2026.html#article\",\"isPartOf\":{\"@id\":\"https:\\\/\\\/www.tablaosflamencos.com\\\/it\\\/circuito-andaluso-penas-siviglia-2026.html\"},\"author\":{\"name\":\"Miguel Ortiz\",\"@id\":\"https:\\\/\\\/www.tablaosflamencos.com\\\/it#\\\/schema\\\/person\\\/e7a9ebe14eb75a52ceabfbffb3c54f5d\"},\"headline\":\"Circuito andaluso delle pe\u00f1as a Siviglia 2026: calendario, artisti e recital gratuiti\",\"datePublished\":\"2026-09-05T12:14:08+00:00\",\"dateModified\":\"2026-09-05T12:31:02+00:00\",\"mainEntityOfPage\":{\"@id\":\"https:\\\/\\\/www.tablaosflamencos.com\\\/it\\\/circuito-andaluso-penas-siviglia-2026.html\"},\"wordCount\":2970,\"publisher\":{\"@id\":\"https:\\\/\\\/www.tablaosflamencos.com\\\/it#organization\"},\"image\":{\"@id\":\"https:\\\/\\\/www.tablaosflamencos.com\\\/it\\\/circuito-andaluso-penas-siviglia-2026.html#primaryimage\"},\"thumbnailUrl\":\"https:\\\/\\\/www.tablaosflamencos.com\\\/wp-content\\\/uploads\\\/circuito-andaluz-de-penas-en-sevilla-2026-calendario-artistas-y-recitales-gratuitos-01.webp\",\"keywords\":[\"cante flamenco\",\"Circuito andaluso delle pe\u00f1as\",\"flamenco en Sevilla\",\"flamenco gratuito\",\"pe\u00f1as flamencas\"],\"articleSection\":[\"Pe\u00f1as di flamenco\"],\"inLanguage\":\"it-IT\"},{\"@type\":\"WebPage\",\"@id\":\"https:\\\/\\\/www.tablaosflamencos.com\\\/it\\\/circuito-andaluso-penas-siviglia-2026.html\",\"url\":\"https:\\\/\\\/www.tablaosflamencos.com\\\/it\\\/circuito-andaluso-penas-siviglia-2026.html\",\"name\":\"Circuito andaluso delle pe\u00f1as a Siviglia 2026: calendario e artisti | Tablaos Flamencos\",\"isPartOf\":{\"@id\":\"https:\\\/\\\/www.tablaosflamencos.com\\\/it#website\"},\"primaryImageOfPage\":{\"@id\":\"https:\\\/\\\/www.tablaosflamencos.com\\\/it\\\/circuito-andaluso-penas-siviglia-2026.html#primaryimage\"},\"image\":{\"@id\":\"https:\\\/\\\/www.tablaosflamencos.com\\\/it\\\/circuito-andaluso-penas-siviglia-2026.html#primaryimage\"},\"thumbnailUrl\":\"https:\\\/\\\/www.tablaosflamencos.com\\\/wp-content\\\/uploads\\\/circuito-andaluz-de-penas-en-sevilla-2026-calendario-artistas-y-recitales-gratuitos-01.webp\",\"datePublished\":\"2026-09-05T12:14:08+00:00\",\"dateModified\":\"2026-09-05T12:31:02+00:00\",\"description\":\"Consulta il calendario 2026 del Circuito andaluso delle pe\u00f1as a Siviglia: artisti, localit\u00e0, pe\u00f1as flamencas e recital gratuiti.\",\"breadcrumb\":{\"@id\":\"https:\\\/\\\/www.tablaosflamencos.com\\\/it\\\/circuito-andaluso-penas-siviglia-2026.html#breadcrumb\"},\"inLanguage\":\"it-IT\",\"potentialAction\":[{\"@type\":\"ReadAction\",\"target\":[\"https:\\\/\\\/www.tablaosflamencos.com\\\/it\\\/circuito-andaluso-penas-siviglia-2026.html\"]}]},{\"@type\":\"ImageObject\",\"inLanguage\":\"it-IT\",\"@id\":\"https:\\\/\\\/www.tablaosflamencos.com\\\/it\\\/circuito-andaluso-penas-siviglia-2026.html#primaryimage\",\"url\":\"https:\\\/\\\/www.tablaosflamencos.com\\\/wp-content\\\/uploads\\\/circuito-andaluz-de-penas-en-sevilla-2026-calendario-artistas-y-recitales-gratuitos-01.webp\",\"contentUrl\":\"https:\\\/\\\/www.tablaosflamencos.com\\\/wp-content\\\/uploads\\\/circuito-andaluz-de-penas-en-sevilla-2026-calendario-artistas-y-recitales-gratuitos-01.webp\",\"width\":1536,\"height\":1024,\"caption\":\"Circuito Andaluz de Pe\u00f1as en Sevilla 2026: calendario, artistas y recitales gratuitos\"},{\"@type\":\"BreadcrumbList\",\"@id\":\"https:\\\/\\\/www.tablaosflamencos.com\\\/it\\\/circuito-andaluso-penas-siviglia-2026.html#breadcrumb\",\"itemListElement\":[{\"@type\":\"ListItem\",\"position\":1,\"name\":\"Home\",\"item\":\"https:\\\/\\\/www.tablaosflamencos.com\\\/it\"},{\"@type\":\"ListItem\",\"position\":2,\"name\":\"Circuito andaluso delle pe\u00f1as a Siviglia 2026: calendario, artisti e recital gratuiti\"}]},{\"@type\":\"WebSite\",\"@id\":\"https:\\\/\\\/www.tablaosflamencos.com\\\/it#website\",\"url\":\"https:\\\/\\\/www.tablaosflamencos.com\\\/it\",\"name\":\"Tablaos Flamencos\",\"description\":\"Entradas para tablaos flamencos de Espa\u00f1a\",\"publisher\":{\"@id\":\"https:\\\/\\\/www.tablaosflamencos.com\\\/it#organization\"},\"alternateName\":\"Tablaos Flamencos\",\"potentialAction\":[{\"@type\":\"SearchAction\",\"target\":{\"@type\":\"EntryPoint\",\"urlTemplate\":\"https:\\\/\\\/www.tablaosflamencos.com\\\/it?s={search_term_string}\"},\"query-input\":{\"@type\":\"PropertyValueSpecification\",\"valueRequired\":true,\"valueName\":\"search_term_string\"}}],\"inLanguage\":\"it-IT\"},{\"@type\":[\"Organization\",\"Place\",\"EntertainmentBusiness\"],\"@id\":\"https:\\\/\\\/www.tablaosflamencos.com\\\/it#organization\",\"name\":\"Tablaos Flamencos\",\"alternateName\":\"Tablaos Flamencos\",\"url\":\"https:\\\/\\\/www.tablaosflamencos.com\\\/it\",\"logo\":{\"@id\":\"https:\\\/\\\/www.tablaosflamencos.com\\\/it\\\/circuito-andaluso-penas-siviglia-2026.html#local-main-organization-logo\"},\"image\":{\"@id\":\"https:\\\/\\\/www.tablaosflamencos.com\\\/it\\\/circuito-andaluso-penas-siviglia-2026.html#local-main-organization-logo\"},\"sameAs\":[\"https:\\\/\\\/www.facebook.com\\\/tablaosflamencos\",\"https:\\\/\\\/x.com\\\/tablaosflamenco\",\"https:\\\/\\\/mastodon.social\\\/@tablaosflamencos\",\"https:\\\/\\\/www.instagram.com\\\/tablaosflamencos\",\"https:\\\/\\\/tiktok.com\\\/@tablaosflamencos\",\"https:\\\/\\\/www.linkedin.com\\\/company\\\/109408238\\\/\"],\"description\":\"Venta de entradas para espect\u00e1culos flamencos\",\"legalName\":\"Tablaos Flamencos\",\"foundingDate\":\"2015-01-01\",\"numberOfEmployees\":{\"@type\":\"QuantitativeValue\",\"minValue\":\"1\",\"maxValue\":\"10\"},\"address\":{\"@id\":\"https:\\\/\\\/www.tablaosflamencos.com\\\/it\\\/circuito-andaluso-penas-siviglia-2026.html#local-main-place-address\"},\"geo\":{\"@type\":\"GeoCoordinates\",\"latitude\":\"37.3868072\",\"longitude\":\"-5.993280299999999\"},\"telephone\":[\"+34623787787\"],\"contactPoint\":{\"@type\":\"ContactPoint\",\"telephone\":\"+34623787787\",\"email\":\"info@tablaosflamencos.com\"},\"openingHoursSpecification\":{\"@type\":\"OpeningHoursSpecification\",\"dayOfWeek\":[\"Monday\",\"Tuesday\",\"Wednesday\",\"Thursday\",\"Friday\",\"Saturday\",\"Sunday\"],\"opens\":\"00:00\",\"closes\":\"23:59\"},\"email\":\"info@tablaosflamencos.com\",\"priceRange\":\"$$$\",\"currenciesAccepted\":\"\u20ac\"},{\"@type\":\"Person\",\"@id\":\"https:\\\/\\\/www.tablaosflamencos.com\\\/it#\\\/schema\\\/person\\\/e7a9ebe14eb75a52ceabfbffb3c54f5d\",\"name\":\"Miguel Ortiz\",\"description\":\"Miguel Ortiz es un empresario flamenco, con una s\u00f3lida trayectoria dentro del sector. Ha presidido entidades culturales vinculadas al flamenco y, cuenta con un amplio recorrido profesional en la gesti\u00f3n y promoci\u00f3n de espect\u00e1culos y tablaos flamencos. Su pasi\u00f3n por la historia y el arte flamenco se refleja en cada art\u00edculo, donde combina experiencia, criterio y un profundo respeto por la tradici\u00f3n.\",\"sameAs\":[\"https:\\\/\\\/www.tablaosflamencos.com\",\"https:\\\/\\\/www.instagra.com\\\/miguelortizfe\",\"https:\\\/\\\/www.linkedin.com\\\/in\\\/miguelortizf\\\/\"],\"birthDate\":\"1984-11-22\",\"gender\":\"hombre\",\"knowsLanguage\":[\"espa\u00f1ol\",\"ingl\u00e9s\"],\"jobTitle\":\"Empresario flamenco\"},{\"@type\":\"PostalAddress\",\"@id\":\"https:\\\/\\\/www.tablaosflamencos.com\\\/it\\\/circuito-andaluso-penas-siviglia-2026.html#local-main-place-address\",\"streetAddress\":\"C\\\/ Alemanes, 19\",\"addressLocality\":\"Sevilla\",\"postalCode\":\"41004\",\"addressRegion\":\"Sevilla\",\"addressCountry\":\"ES\"},{\"@type\":\"ImageObject\",\"inLanguage\":\"it-IT\",\"@id\":\"https:\\\/\\\/www.tablaosflamencos.com\\\/it\\\/circuito-andaluso-penas-siviglia-2026.html#local-main-organization-logo\",\"url\":\"https:\\\/\\\/www.tablaosflamencos.com\\\/wp-content\\\/uploads\\\/tablaos-flamencos-06-3.webp\",\"contentUrl\":\"https:\\\/\\\/www.tablaosflamencos.com\\\/wp-content\\\/uploads\\\/tablaos-flamencos-06-3.webp\",\"width\":600,\"height\":620,\"caption\":\"Tablaos Flamencos\"}]}<\/script>\n<meta name=\"geo.placename\" content=\"Sevilla\" \/>\n<meta name=\"geo.position\" content=\"37.3868072;-5.993280299999999\" \/>\n<meta name=\"geo.region\" content=\"Spagna\" \/>\n<!-- \/ Yoast SEO Premium plugin. -->","yoast_head_json":{"title":"Circuito andaluso delle pe\u00f1as a Siviglia 2026: calendario e artisti | Tablaos Flamencos","description":"Consulta il calendario 2026 del Circuito andaluso delle pe\u00f1as a Siviglia: artisti, localit\u00e0, pe\u00f1as flamencas e recital gratuiti.","robots":{"index":"index","follow":"follow","max-snippet":"max-snippet:-1","max-image-preview":"max-image-preview:large","max-video-preview":"max-video-preview:-1"},"canonical":"https:\/\/www.tablaosflamencos.com\/it\/circuito-andaluso-penas-siviglia-2026.html","og_locale":"it_IT","og_type":"article","og_title":"Circuito andaluso delle pe\u00f1as a Siviglia 2026: calendario, artisti e recital gratuiti","og_description":"Consulta il calendario 2026 del Circuito andaluso delle pe\u00f1as a Siviglia: artisti, localit\u00e0, pe\u00f1as flamencas e recital gratuiti.","og_url":"https:\/\/www.tablaosflamencos.com\/it\/circuito-andaluso-penas-siviglia-2026.html","og_site_name":"Tablaos Flamencos","article_publisher":"https:\/\/www.facebook.com\/tablaosflamencos","article_published_time":"2026-09-05T12:14:08+00:00","article_modified_time":"2026-09-05T12:31:02+00:00","og_image":[{"width":1536,"height":1024,"url":"https:\/\/www.tablaosflamencos.com\/wp-content\/uploads\/circuito-andaluz-de-penas-en-sevilla-2026-calendario-artistas-y-recitales-gratuitos-01.webp","type":"image\/webp"}],"author":"Miguel Ortiz","twitter_card":"summary_large_image","twitter_creator":"@tablaosflamenco","twitter_site":"@tablaosflamenco","twitter_misc":{"Scritto da":"Miguel Ortiz","Tempo di lettura stimato":"15 minuti"},"schema":{"@context":"https:\/\/schema.org","@graph":[{"@type":"Article","@id":"https:\/\/www.tablaosflamencos.com\/it\/circuito-andaluso-penas-siviglia-2026.html#article","isPartOf":{"@id":"https:\/\/www.tablaosflamencos.com\/it\/circuito-andaluso-penas-siviglia-2026.html"},"author":{"name":"Miguel Ortiz","@id":"https:\/\/www.tablaosflamencos.com\/it#\/schema\/person\/e7a9ebe14eb75a52ceabfbffb3c54f5d"},"headline":"Circuito andaluso delle pe\u00f1as a Siviglia 2026: calendario, artisti e recital gratuiti","datePublished":"2026-09-05T12:14:08+00:00","dateModified":"2026-09-05T12:31:02+00:00","mainEntityOfPage":{"@id":"https:\/\/www.tablaosflamencos.com\/it\/circuito-andaluso-penas-siviglia-2026.html"},"wordCount":2970,"publisher":{"@id":"https:\/\/www.tablaosflamencos.com\/it#organization"},"image":{"@id":"https:\/\/www.tablaosflamencos.com\/it\/circuito-andaluso-penas-siviglia-2026.html#primaryimage"},"thumbnailUrl":"https:\/\/www.tablaosflamencos.com\/wp-content\/uploads\/circuito-andaluz-de-penas-en-sevilla-2026-calendario-artistas-y-recitales-gratuitos-01.webp","keywords":["cante flamenco","Circuito andaluso delle pe\u00f1as","flamenco en Sevilla","flamenco gratuito","pe\u00f1as flamencas"],"articleSection":["Pe\u00f1as di flamenco"],"inLanguage":"it-IT"},{"@type":"WebPage","@id":"https:\/\/www.tablaosflamencos.com\/it\/circuito-andaluso-penas-siviglia-2026.html","url":"https:\/\/www.tablaosflamencos.com\/it\/circuito-andaluso-penas-siviglia-2026.html","name":"Circuito andaluso delle pe\u00f1as a Siviglia 2026: calendario e artisti | Tablaos Flamencos","isPartOf":{"@id":"https:\/\/www.tablaosflamencos.com\/it#website"},"primaryImageOfPage":{"@id":"https:\/\/www.tablaosflamencos.com\/it\/circuito-andaluso-penas-siviglia-2026.html#primaryimage"},"image":{"@id":"https:\/\/www.tablaosflamencos.com\/it\/circuito-andaluso-penas-siviglia-2026.html#primaryimage"},"thumbnailUrl":"https:\/\/www.tablaosflamencos.com\/wp-content\/uploads\/circuito-andaluz-de-penas-en-sevilla-2026-calendario-artistas-y-recitales-gratuitos-01.webp","datePublished":"2026-09-05T12:14:08+00:00","dateModified":"2026-09-05T12:31:02+00:00","description":"Consulta il calendario 2026 del Circuito andaluso delle pe\u00f1as a Siviglia: artisti, localit\u00e0, pe\u00f1as flamencas e recital gratuiti.","breadcrumb":{"@id":"https:\/\/www.tablaosflamencos.com\/it\/circuito-andaluso-penas-siviglia-2026.html#breadcrumb"},"inLanguage":"it-IT","potentialAction":[{"@type":"ReadAction","target":["https:\/\/www.tablaosflamencos.com\/it\/circuito-andaluso-penas-siviglia-2026.html"]}]},{"@type":"ImageObject","inLanguage":"it-IT","@id":"https:\/\/www.tablaosflamencos.com\/it\/circuito-andaluso-penas-siviglia-2026.html#primaryimage","url":"https:\/\/www.tablaosflamencos.com\/wp-content\/uploads\/circuito-andaluz-de-penas-en-sevilla-2026-calendario-artistas-y-recitales-gratuitos-01.webp","contentUrl":"https:\/\/www.tablaosflamencos.com\/wp-content\/uploads\/circuito-andaluz-de-penas-en-sevilla-2026-calendario-artistas-y-recitales-gratuitos-01.webp","width":1536,"height":1024,"caption":"Circuito Andaluz de Pe\u00f1as en Sevilla 2026: calendario, artistas y recitales gratuitos"},{"@type":"BreadcrumbList","@id":"https:\/\/www.tablaosflamencos.com\/it\/circuito-andaluso-penas-siviglia-2026.html#breadcrumb","itemListElement":[{"@type":"ListItem","position":1,"name":"Home","item":"https:\/\/www.tablaosflamencos.com\/it"},{"@type":"ListItem","position":2,"name":"Circuito andaluso delle pe\u00f1as a Siviglia 2026: calendario, artisti e recital gratuiti"}]},{"@type":"WebSite","@id":"https:\/\/www.tablaosflamencos.com\/it#website","url":"https:\/\/www.tablaosflamencos.com\/it","name":"Tablaos Flamencos","description":"Entradas para tablaos flamencos de Espa\u00f1a","publisher":{"@id":"https:\/\/www.tablaosflamencos.com\/it#organization"},"alternateName":"Tablaos Flamencos","potentialAction":[{"@type":"SearchAction","target":{"@type":"EntryPoint","urlTemplate":"https:\/\/www.tablaosflamencos.com\/it?s={search_term_string}"},"query-input":{"@type":"PropertyValueSpecification","valueRequired":true,"valueName":"search_term_string"}}],"inLanguage":"it-IT"},{"@type":["Organization","Place","EntertainmentBusiness"],"@id":"https:\/\/www.tablaosflamencos.com\/it#organization","name":"Tablaos Flamencos","alternateName":"Tablaos Flamencos","url":"https:\/\/www.tablaosflamencos.com\/it","logo":{"@id":"https:\/\/www.tablaosflamencos.com\/it\/circuito-andaluso-penas-siviglia-2026.html#local-main-organization-logo"},"image":{"@id":"https:\/\/www.tablaosflamencos.com\/it\/circuito-andaluso-penas-siviglia-2026.html#local-main-organization-logo"},"sameAs":["https:\/\/www.facebook.com\/tablaosflamencos","https:\/\/x.com\/tablaosflamenco","https:\/\/mastodon.social\/@tablaosflamencos","https:\/\/www.instagram.com\/tablaosflamencos","https:\/\/tiktok.com\/@tablaosflamencos","https:\/\/www.linkedin.com\/company\/109408238\/"],"description":"Venta de entradas para espect\u00e1culos flamencos","legalName":"Tablaos Flamencos","foundingDate":"2015-01-01","numberOfEmployees":{"@type":"QuantitativeValue","minValue":"1","maxValue":"10"},"address":{"@id":"https:\/\/www.tablaosflamencos.com\/it\/circuito-andaluso-penas-siviglia-2026.html#local-main-place-address"},"geo":{"@type":"GeoCoordinates","latitude":"37.3868072","longitude":"-5.993280299999999"},"telephone":["+34623787787"],"contactPoint":{"@type":"ContactPoint","telephone":"+34623787787","email":"info@tablaosflamencos.com"},"openingHoursSpecification":{"@type":"OpeningHoursSpecification","dayOfWeek":["Monday","Tuesday","Wednesday","Thursday","Friday","Saturday","Sunday"],"opens":"00:00","closes":"23:59"},"email":"info@tablaosflamencos.com","priceRange":"$$$","currenciesAccepted":"\u20ac"},{"@type":"Person","@id":"https:\/\/www.tablaosflamencos.com\/it#\/schema\/person\/e7a9ebe14eb75a52ceabfbffb3c54f5d","name":"Miguel Ortiz","description":"Miguel Ortiz es un empresario flamenco, con una s\u00f3lida trayectoria dentro del sector. Ha presidido entidades culturales vinculadas al flamenco y, cuenta con un amplio recorrido profesional en la gesti\u00f3n y promoci\u00f3n de espect\u00e1culos y tablaos flamencos. Su pasi\u00f3n por la historia y el arte flamenco se refleja en cada art\u00edculo, donde combina experiencia, criterio y un profundo respeto por la tradici\u00f3n.","sameAs":["https:\/\/www.tablaosflamencos.com","https:\/\/www.instagra.com\/miguelortizfe","https:\/\/www.linkedin.com\/in\/miguelortizf\/"],"birthDate":"1984-11-22","gender":"hombre","knowsLanguage":["espa\u00f1ol","ingl\u00e9s"],"jobTitle":"Empresario flamenco"},{"@type":"PostalAddress","@id":"https:\/\/www.tablaosflamencos.com\/it\/circuito-andaluso-penas-siviglia-2026.html#local-main-place-address","streetAddress":"C\/ Alemanes, 19","addressLocality":"Sevilla","postalCode":"41004","addressRegion":"Sevilla","addressCountry":"ES"},{"@type":"ImageObject","inLanguage":"it-IT","@id":"https:\/\/www.tablaosflamencos.com\/it\/circuito-andaluso-penas-siviglia-2026.html#local-main-organization-logo","url":"https:\/\/www.tablaosflamencos.com\/wp-content\/uploads\/tablaos-flamencos-06-3.webp","contentUrl":"https:\/\/www.tablaosflamencos.com\/wp-content\/uploads\/tablaos-flamencos-06-3.webp","width":600,"height":620,"caption":"Tablaos Flamencos"}]},"geo.placename":"Sevilla","geo.position":{"lat":"37.3868072","long":"-5.993280299999999"},"geo.region":"Spagna"},"_links":{"self":[{"href":"https:\/\/www.tablaosflamencos.com\/it\/wp-json\/wp\/v2\/posts\/14862","targetHints":{"allow":["GET"]}}],"collection":[{"href":"https:\/\/www.tablaosflamencos.com\/it\/wp-json\/wp\/v2\/posts"}],"about":[{"href":"https:\/\/www.tablaosflamencos.com\/it\/wp-json\/wp\/v2\/types\/post"}],"author":[{"embeddable":true,"href":"https:\/\/www.tablaosflamencos.com\/it\/wp-json\/wp\/v2\/users\/1"}],"replies":[{"embeddable":true,"href":"https:\/\/www.tablaosflamencos.com\/it\/wp-json\/wp\/v2\/comments?post=14862"}],"version-history":[{"count":1,"href":"https:\/\/www.tablaosflamencos.com\/it\/wp-json\/wp\/v2\/posts\/14862\/revisions"}],"predecessor-version":[{"id":14863,"href":"https:\/\/www.tablaosflamencos.com\/it\/wp-json\/wp\/v2\/posts\/14862\/revisions\/14863"}],"wp:featuredmedia":[{"embeddable":true,"href":"https:\/\/www.tablaosflamencos.com\/it\/wp-json\/wp\/v2\/media\/14729"}],"wp:attachment":[{"href":"https:\/\/www.tablaosflamencos.com\/it\/wp-json\/wp\/v2\/media?parent=14862"}],"wp:term":[{"taxonomy":"category","embeddable":true,"href":"https:\/\/www.tablaosflamencos.com\/it\/wp-json\/wp\/v2\/categories?post=14862"},{"taxonomy":"post_tag","embeddable":true,"href":"https:\/\/www.tablaosflamencos.com\/it\/wp-json\/wp\/v2\/tags?post=14862"}],"curies":[{"name":"wp","href":"https:\/\/api.w.org\/{rel}","templated":true}]}}