{"id":14798,"date":"2026-09-05T13:46:58","date_gmt":"2026-09-05T11:46:58","guid":{"rendered":"https:\/\/www.tablaosflamencos.com\/?p=14798"},"modified":"2026-09-05T15:00:58","modified_gmt":"2026-09-05T13:00:58","slug":"noches-unicas-muelle-sal-hotel-triana-biennale-2026","status":"publish","type":"post","link":"https:\/\/www.tablaosflamencos.com\/it\/noches-unicas-muelle-sal-hotel-triana-biennale-2026.html","title":{"rendered":"Biennale di Flamenco: le Noches \u00danicas si trasferiscono dall&#8217;Hotel Triana al Muelle de la Sal"},"content":{"rendered":"<section class=\"l-section wpb_row height_huge\"><div class=\"l-section-h i-cf\"><div class=\"g-cols vc_row via_flex valign_middle type_default stacking_default\"><div class=\"vc_col-sm-6 wpb_column vc_column_container\"><div class=\"vc_column-inner\"><div class=\"wpb_wrapper\"><div class=\"wpb_text_column\"><div class=\"wpb_wrapper\"><p>La <a href=\"https:\/\/www.tablaosflamencos.com\/it\/biennale-flamenco-siviglia-2026.html\"><strong>XXIV Biennale di Flamenco di Siviglia 2026<\/strong><\/a> ha annunciato un cambiamento importante a pochi giorni dall&#8217;inizio del festival: le tre <strong>Noches \u00danicas previste all&#8217;Hotel Triana<\/strong> il 17, 18 e 19 settembre si svolgeranno invece al <strong>Muelle de la Sal<\/strong>.<\/p>\n<p>La decisione risponde alla forte domanda registrata per questi appuntamenti e permetter\u00e0 di accogliere un pubblico pi\u00f9 numeroso. Tutto il resto, tuttavia, rimane invariato: <strong>le stesse date, gli stessi orari e gli stessi artisti<\/strong>. Anche i biglietti gi\u00e0 acquistati restano validi, senza bisogno di effettuare alcun cambio.<\/p>\n<\/div><\/div><\/div><\/div><\/div><div class=\"vc_col-sm-6 wpb_column vc_column_container\"><div class=\"vc_column-inner\"><div class=\"wpb_wrapper\"><div class=\"wpb_text_column\"><div class=\"wpb_wrapper\"><h2>Informazioni essenziali sul cambio di sede<\/h2>\n<ul>\n<li><strong>Nuova sede:<\/strong> Muelle de la Sal, Siviglia.<\/li>\n<li><strong>Sede precedente:<\/strong> Hotel Triana.<\/li>\n<li><strong>Date:<\/strong> 17, 18 e 19 settembre 2026.<\/li>\n<li><strong>Orario:<\/strong> 23:00 per tutte e tre le serate.<\/li>\n<li><strong>Motivo:<\/strong> rispondere meglio alla domanda del pubblico.<\/li>\n<li><strong>Biglietti gi\u00e0 acquistati:<\/strong> restano validi.<\/li>\n<li><strong>Artisti e programma:<\/strong> non cambiano.<\/li>\n<\/ul>\n<\/div><\/div><\/div><\/div><\/div><\/div><\/div><\/section><section class=\"l-section wpb_row height_huge color_alternate with_shape\"><div class=\"l-section-shape type_zigzag pos_top hor_flip\" style=\"height:3vmin;\"><svg xmlns=\"http:\/\/www.w3.org\/2000\/svg\" viewBox=\"0 0 64 8\" preserveAspectRatio=\"none\" width=\"100%\" height=\"100%\">\r\n\t<path fill=\"currentColor\" d=\"M64 8 L0 8 L0 0 L20 7.9 L40 3 L48 5 L64 0 Z\"\/>\r\n<\/svg><\/div><div class=\"l-section-shape type_zigzag pos_bottom\" style=\"height:3vmin;\"><svg xmlns=\"http:\/\/www.w3.org\/2000\/svg\" viewBox=\"0 0 64 8\" preserveAspectRatio=\"none\" width=\"100%\" height=\"100%\">\r\n\t<path fill=\"currentColor\" d=\"M64 8 L0 8 L0 0 L20 7.9 L40 3 L48 5 L64 0 Z\"\/>\r\n<\/svg><\/div><div class=\"l-section-h i-cf\"><div class=\"g-cols vc_row via_flex valign_top type_default stacking_default\"><div class=\"vc_col-sm-12 wpb_column vc_column_container\"><div class=\"vc_column-inner\"><div class=\"wpb_wrapper\"><div class=\"wpb_text_column\"><div class=\"wpb_wrapper\"><blockquote>\n<p><strong>In breve:<\/strong> le tre Noches \u00danicas che dovevano svolgersi all&#8217;Hotel Triana si trasferiscono al Muelle de la Sal. <em>Mujeres gitanas<\/em> andr\u00e0 in scena il 17 settembre, <em>Uvitas negras<\/em> il 18 e <em>Andaluc\u00eda en el tiempo<\/em> il 19, sempre alle 23:00. I cast e le date non cambiano e i biglietti acquistati restano validi. Chi non desidera partecipare a causa del cambio di sede pu\u00f2 richiedere il rimborso.<\/p>\n<\/blockquote>\n<\/div><\/div><\/div><\/div><\/div><\/div><\/div><\/section><section class=\"l-section wpb_row height_huge\"><div class=\"l-section-h i-cf\"><div class=\"g-cols vc_row via_flex valign_top type_default stacking_default\"><div class=\"vc_col-sm-12 wpb_column vc_column_container\"><div class=\"vc_column-inner\"><div class=\"wpb_wrapper\"><div class=\"wpb_text_column\"><div class=\"wpb_wrapper\"><h2>Cosa cambia e cosa resta invariato nelle Noches \u00danicas<\/h2>\n<div style=\"overflow-x: auto;\">\n<table>\n<thead>\n<tr>\n<th>Elemento<\/th>\n<th>Situazione precedente<\/th>\n<th>Situazione attuale<\/th>\n<\/tr>\n<\/thead>\n<tbody>\n<tr>\n<td><strong>Sede<\/strong><\/td>\n<td>Hotel Triana<\/td>\n<td><strong>Muelle de la Sal<\/strong><\/td>\n<\/tr>\n<tr>\n<td><strong>Date<\/strong><\/td>\n<td>17, 18 e 19 settembre<\/td>\n<td>Invariate<\/td>\n<\/tr>\n<tr>\n<td><strong>Orario<\/strong><\/td>\n<td>23:00<\/td>\n<td>Invariato<\/td>\n<\/tr>\n<tr>\n<td><strong>Cast artistici<\/strong><\/td>\n<td>Quelli annunciati inizialmente<\/td>\n<td>Interamente confermati<\/td>\n<\/tr>\n<tr>\n<td><strong>Biglietti acquistati<\/strong><\/td>\n<td>Validi per l&#8217;Hotel Triana<\/td>\n<td>Restano validi per il Muelle de la Sal<\/td>\n<\/tr>\n<\/tbody>\n<\/table>\n<\/div>\n<p>&nbsp;<\/p>\n<p>Il cambiamento riguarda quindi il <strong>luogo degli spettacoli<\/strong>, non il contenuto artistico delle tre serate. Per chi aveva gi\u00e0 organizzato la propria agenda attorno a questi appuntamenti a tarda sera, la modifica principale sar\u00e0 il percorso per raggiungere la nuova sede.<\/p>\n<p>La notizia \u00e8 particolarmente rilevante perch\u00e9 questi spettacoli fanno parte del ciclo delle <a href=\"https:\/\/www.tablaosflamencos.com\/it\/notti-uniche-biennale-flamenco-siviglia-2026.html\"><strong>Noches \u00danicas della Biennale 2026<\/strong><\/a>, una selezione di proposte concepite come appuntamenti irripetibili per la combinazione di artisti, repertori e spazi. Il programma generale del festival comprende 26 Noches \u00danicas nel corso dell&#8217;edizione.<\/p>\n<\/div><\/div><div class=\"w-separator size_medium\"><\/div><div class=\"w-hwrapper valign_top wrap align_center\" style=\"--hwrapper-gap:1.2rem\"><div class=\"w-btn-wrapper align_none\"><a class=\"w-btn us-btn-style_1\" href=\"https:\/\/www.tablaosflamencos.com\/it\/biennale-flamenco-siviglia-2026.html\"><span class=\"w-btn-label\">Guida completa alla Biennale 2026<\/span><\/a><\/div><div class=\"w-btn-wrapper align_none\"><a class=\"w-btn us-btn-style_11\" href=\"https:\/\/www.tablaosflamencos.com\/it\/notti-uniche-biennale-flamenco-siviglia-2026.html\"><span class=\"w-btn-label\">Calendario delle Noches \u00danicas<\/span><\/a><\/div><\/div><\/div><\/div><\/div><\/div><\/div><\/section><section class=\"l-section wpb_row height_huge color_alternate with_shape\"><div class=\"l-section-shape type_zigzag pos_top hor_flip\" style=\"height:3vmin;\"><svg xmlns=\"http:\/\/www.w3.org\/2000\/svg\" viewBox=\"0 0 64 8\" preserveAspectRatio=\"none\" width=\"100%\" height=\"100%\">\r\n\t<path fill=\"currentColor\" d=\"M64 8 L0 8 L0 0 L20 7.9 L40 3 L48 5 L64 0 Z\"\/>\r\n<\/svg><\/div><div class=\"l-section-shape type_zigzag pos_bottom\" style=\"height:3vmin;\"><svg xmlns=\"http:\/\/www.w3.org\/2000\/svg\" viewBox=\"0 0 64 8\" preserveAspectRatio=\"none\" width=\"100%\" height=\"100%\">\r\n\t<path fill=\"currentColor\" d=\"M64 8 L0 8 L0 0 L20 7.9 L40 3 L48 5 L64 0 Z\"\/>\r\n<\/svg><\/div><div class=\"l-section-h i-cf\"><div class=\"g-cols vc_row via_flex valign_top type_default stacking_default\"><div class=\"vc_col-sm-6 wpb_column vc_column_container\"><div class=\"vc_column-inner\"><div class=\"wpb_wrapper\"><div class=\"wpb_text_column\"><div class=\"wpb_wrapper\"><h2>Perch\u00e9 la Biennale sostituisce l&#8217;Hotel Triana con il Muelle de la Sal<\/h2>\n<p>Il Comune di Siviglia, attraverso il settore Turismo e Cultura, e l&#8217;organizzazione della XXIV Biennale hanno spiegato che il trasferimento risponde alla <strong>forte domanda suscitata dai tre spettacoli<\/strong>. La nuova sede permetter\u00e0 di accogliere un pubblico pi\u00f9 ampio senza modificare il programma artistico previsto.<\/p>\n<p>Non \u00e8 stato annunciato un dato preciso sull&#8217;aumento della capienza, quindi non bisogna interpretare il trasferimento come una garanzia di disponibilit\u00e0 illimitata di biglietti. Ci\u00f2 che conta \u00e8 che il Muelle de la Sal offre una capacit\u00e0 maggiore per questi appuntamenti e permette di mantenere la data e l&#8217;orario di ciascuno.<\/p>\n<p>Il cambiamento arriva dopo che l&#8217;Hotel Triana era stato presentato come uno dei grandi ritorni tra le sedi dell&#8217;edizione 2026. L&#8217;antico edificio residenziale con cortile comune avrebbe dovuto tornare a ospitare gli spettacoli di tarda sera quattro anni dopo la sua precedente presenza alla Biennale.<\/p>\n<p>La risposta del pubblico ha finito per modificare quell&#8217;idea iniziale. Le tre proposte mantengono il loro carattere di Noche \u00danica, ma passano da un cortile residenziale intimo a uno spazio aperto accanto al Guadalquivir, in una delle zone pi\u00f9 riconoscibili del centro di Siviglia.<\/p>\n<\/div><\/div><\/div><\/div><\/div><div class=\"vc_col-sm-6 wpb_column vc_column_container\"><div class=\"vc_column-inner\"><div class=\"wpb_wrapper\"><div class=\"wpb_text_column\"><div class=\"wpb_wrapper\"><h2>Cosa offre il Muelle de la Sal come nuovo palcoscenico<\/h2>\n<p>Il <strong>Muelle de la Sal<\/strong> si trova sulla riva sinistra del Guadalquivir, accanto al Ponte di Isabella II e di fronte a Triana. \u00c8 uno spazio storicamente legato all&#8217;antico porto di Siviglia e oggi costituisce un&#8217;ampia area pedonale lungo il fiume.<\/p>\n<p>La sua posizione modifica in modo significativo l&#8217;esperienza prevista per queste tre serate. L&#8217;Hotel Triana offriva la dimensione domestica di un cortile comune, con gallerie e una grande vicinanza tra palcoscenico e pubblico. Il Muelle de la Sal, invece, porta il flamenco all&#8217;aperto, aprendolo al paesaggio urbano e fluviale di Siviglia.<\/p>\n<p>Non \u00e8 un luogo estraneo alla Biennale. L&#8217;area del Muelle de la Sal ha gi\u00e0 ospitato attivit\u00e0 di flamenco e celebrazioni legate al festival e alla Giornata mondiale del flamenco. Nel 2026 figura inoltre tra le sedi ufficiali della Biennale.<\/p>\n<p>L&#8217;area si trova sul <strong>Paseo Marqu\u00e9s de Contadero<\/strong>, vicino al Ponte di Triana, alla Plaza de Toros de la Maestranza e al Paseo de Crist\u00f3bal Col\u00f3n. Per chi soggiorna nel centro storico, \u00e8 facilmente raggiungibile a piedi da molti dei principali luoghi turistici di Siviglia.<\/p>\n<\/div><\/div><\/div><\/div><\/div><\/div><\/div><\/section><section class=\"l-section wpb_row height_huge\"><div class=\"l-section-h i-cf\"><div class=\"g-cols vc_row via_flex valign_top type_default stacking_default\"><div class=\"vc_col-sm-12 wpb_column vc_column_container\"><div class=\"vc_column-inner\"><div class=\"wpb_wrapper\"><div class=\"wpb_text_column\"><div class=\"wpb_wrapper\"><h2>Programma aggiornato al Muelle de la Sal<\/h2>\n<div style=\"overflow-x: auto;\">\n<table>\n<thead>\n<tr>\n<th>Data<\/th>\n<th>Orario<\/th>\n<th>Spettacolo<\/th>\n<th>Artisti principali<\/th>\n<\/tr>\n<\/thead>\n<tbody>\n<tr>\n<td>Gioved\u00ec 17 settembre<\/td>\n<td>23:00<\/td>\n<td><strong>Mujeres gitanas<\/strong><\/td>\n<td>Remedios Amaya, Montse Cort\u00e9s, La Fabi, Josemi Carmona e artisti ospiti<\/td>\n<\/tr>\n<tr>\n<td>Venerd\u00ec 18 settembre<\/td>\n<td>23:00<\/td>\n<td><strong>Uvitas negras<\/strong><\/td>\n<td>Artisti di Los Palacios, El Mistela e chitarristi ospiti<\/td>\n<\/tr>\n<tr>\n<td>Sabato 19 settembre<\/td>\n<td>23:00<\/td>\n<td><strong>Andaluc\u00eda en el tiempo<\/strong><\/td>\n<td>Maestri di diverse province andaluse con Antonio Carri\u00f3n ed Eduardo Rebollar<\/td>\n<\/tr>\n<\/tbody>\n<\/table>\n<\/div>\n<p>&nbsp;<\/p>\n<h2>17 settembre: Mujeres gitanas<\/h2>\n<p>La prima delle tre serate trasferite sar\u00e0 <strong><em>Mujeres gitanas<\/em><\/strong>, gioved\u00ec 17 settembre alle 23:00. Il canto sar\u00e0 affidato a <strong>Remedios Amaya, Montse Cort\u00e9s e La Fabi<\/strong>, tre voci con percorsi e personalit\u00e0 molto diversi, ma unite da un modo di intendere il flamenco che nasce dall&#8217;esperienza familiare, dalla trasmissione e dal palcoscenico.<\/p>\n<p>Alle chitarre ci saranno <strong>Josemi Carmona e Jos\u00e9 Serrano<\/strong>. Il cast comprende inoltre <strong>Israel Su\u00e1rez \u00abPira\u00f1a\u00bb<\/strong> alle percussioni, <strong>\u00c1lvaro Llanos<\/strong> al basso e <strong>Los Cherokee<\/strong> ai cori e alle palmas, il battito ritmico delle mani.<\/p>\n<p>La proposta nasce in relazione al progetto <em>La verdad duele<\/em> e mette al centro la donna gitana. L&#8217;idea originale era stata concepita pensando alla singolarit\u00e0 dell&#8217;Hotel Triana; con il trasferimento, lo stesso cast si esibir\u00e0 ora nel paesaggio aperto del Muelle de la Sal.<\/p>\n<p>Remedios Amaya mantiene inoltre un legame particolarmente forte con Triana e con la storia recente del flamenco sivigliano. La sua presenza accanto a Montse Cort\u00e9s e La Fabi rende questo spettacolo uno degli incontri vocali pi\u00f9 interessanti della seconda settimana della Biennale.<\/p>\n<h2>18 settembre: Uvitas negras e i 75 anni di El Pozo de las Penas<\/h2>\n<p>Venerd\u00ec 18, sempre alle 23:00, sar\u00e0 la volta di <strong><em>Uvitas negras<\/em><\/strong>, spettacolo creato per celebrare il <strong>75\u00ba anniversario della Pe\u00f1a El Pozo de las Penas<\/strong> di Los Palacios y Villafranca.<\/p>\n<p>La serata riunir\u00e0 diverse generazioni di artisti della citt\u00e0. Il cast comprende <strong>Itoly de Los Palacios, Juan \u00abEl Distinguido\u00bb, Nene Escalera, Manuel Orta, Miguel Ortega, Jos\u00e9 \u00c1ngel Carmona, Anabel de Vico e Juanelo<\/strong>. Alla danza ci sar\u00e0 <strong>Juan Manuel \u00abEl Mistela\u00bb<\/strong>, il cui ritorno su un palcoscenico sivigliano \u00e8 uno dei principali motivi d&#8217;interesse della proposta.<\/p>\n<p>Alle chitarre parteciperanno <strong>Ni\u00f1o Fraile, Salvador Guti\u00e9rrez e Juan Requena<\/strong>. La direzione \u00e8 affidata a <strong>Manuel Curao<\/strong>.<\/p>\n<p>Il titolo ricorda il canto di venditore che Manolo Caracol dedic\u00f2 all&#8217;uva di Los Palacios e fa da filo conduttore a una serata incentrata sulla memoria di una delle associazioni pi\u00f9 influenti del movimento flamenco sivigliano. La proposta mantiene integralmente il proprio cast nonostante il cambio di sede.<\/p>\n<h2>19 settembre: Andaluc\u00eda en el tiempo<\/h2>\n<p>Il terzo appuntamento sar\u00e0 <strong><em>Andaluc\u00eda en el tiempo<\/em><\/strong>, sabato 19 settembre alle 23:00. Lo spettacolo propone uno sguardo sulla diversit\u00e0 territoriale del canto flamenco attraverso artisti legati a diverse province andaluse.<\/p>\n<p>Parteciperanno <strong>Jos\u00e9 Sorroche<\/strong>, di Almer\u00eda; <strong>Paqui Corpas<\/strong>, di M\u00e1laga; <strong>Jaime \u00abEl Parr\u00f3n\u00bb<\/strong>, di Granada; <strong>Curro Lucena<\/strong>, di Cordova; <strong>Joselete de Linares<\/strong>, di Ja\u00e9n; <strong>El Boquer\u00f3n<\/strong>, di Siviglia; <strong>Carmen de la Jara<\/strong>, di Cadice; <strong>El Pecas<\/strong>, di Huelva; e <strong>Romerito de Jerez<\/strong>.<\/p>\n<p>Alle chitarre ci saranno <strong>Antonio Carri\u00f3n ed Eduardo Rebollar<\/strong>, con Antonio Amaya \u00abPetete\u00bb ed Emilio Casta\u00f1eda alle palmas. Manuel Curao dirige anche questa proposta.<\/p>\n<p>L&#8217;obiettivo \u00e8 riunire voci che conservano stili, varianti locali e modi di interpretare legati a diverse geografie del flamenco. Alcuni dei protagonisti sono oggi meno presenti nei grandi circuiti, il che rende il loro incontro una delle vere rarit\u00e0 del programma.<\/p>\n<\/div><\/div><\/div><\/div><\/div><\/div><\/div><\/section><section class=\"l-section wpb_row height_huge color_alternate with_shape\"><div class=\"l-section-shape type_zigzag pos_top\" style=\"height:3vmin;\"><svg xmlns=\"http:\/\/www.w3.org\/2000\/svg\" viewBox=\"0 0 64 8\" preserveAspectRatio=\"none\" width=\"100%\" height=\"100%\">\r\n\t<path fill=\"currentColor\" d=\"M64 8 L0 8 L0 0 L20 7.9 L40 3 L48 5 L64 0 Z\"\/>\r\n<\/svg><\/div><div class=\"l-section-shape type_zigzag pos_bottom\" style=\"height:3vmin;\"><svg xmlns=\"http:\/\/www.w3.org\/2000\/svg\" viewBox=\"0 0 64 8\" preserveAspectRatio=\"none\" width=\"100%\" height=\"100%\">\r\n\t<path fill=\"currentColor\" d=\"M64 8 L0 8 L0 0 L20 7.9 L40 3 L48 5 L64 0 Z\"\/>\r\n<\/svg><\/div><div class=\"l-section-h i-cf\"><div class=\"g-cols vc_row via_flex valign_top type_default stacking_default\"><div class=\"vc_col-sm-6 wpb_column vc_column_container\"><div class=\"vc_column-inner\"><div class=\"wpb_wrapper\"><div class=\"wpb_text_column\"><div class=\"wpb_wrapper\"><h2>Bisogna cambiare i biglietti gi\u00e0 acquistati?<\/h2>\n<p><strong>No.<\/strong> L&#8217;organizzazione ha espressamente indicato che i biglietti acquistati per i tre spettacoli restano pienamente validi nella nuova sede.<\/p>\n<p>Chi possiede gi\u00e0 un biglietto per <em>Mujeres gitanas<\/em>, <em>Uvitas negras<\/em> o <em>Andaluc\u00eda en el tiempo<\/em> non deve quindi effettuare alcuna procedura per accedere al Muelle de la Sal.<\/p>\n<p>\u00c8 comunque consigliabile controllare, prima di recarsi allo spettacolo, le eventuali comunicazioni della biglietteria o della Biennale, soprattutto perch\u00e9 la sede \u00e8 cambiata. Le informazioni ufficiali di ciascuno spettacolo devono prevalere su schermate salvate, agende stampate o programmi scaricati prima dell&#8217;annuncio.<\/p>\n<p>Se non hai ancora un biglietto, verifica la disponibilit\u00e0 attraverso i canali ufficiali. Nella nostra guida a <a href=\"https:\/\/www.tablaosflamencos.com\/it\/biennale-flamenco-siviglia-2026-biglietti-prezzi-sconti.html\"><strong>biglietti, prezzi e sconti della Biennale 2026<\/strong><\/a> spieghiamo dove acquistare e quali precauzioni prendere per evitare rivendite e collegamenti non ufficiali.<\/p>\n<\/div><\/div><\/div><\/div><\/div><div class=\"vc_col-sm-6 wpb_column vc_column_container\"><div class=\"vc_column-inner\"><div class=\"wpb_wrapper\"><div class=\"wpb_text_column\"><div class=\"wpb_wrapper\"><h2>Si pu\u00f2 chiedere il rimborso per il cambio di sede?<\/h2>\n<p>S\u00ec. Le persone che decidono di non partecipare a causa del trasferimento possono richiedere il <strong>rimborso dell&#8217;importo dei biglietti<\/strong>.<\/p>\n<p>L&#8217;organizzazione ha fornito per queste richieste il seguente indirizzo e-mail:<\/p>\n<p><strong>taquillaseulen.icas@gmail.com<\/strong><\/p>\n<p>Resta disponibile anche il numero di telefono della biglietteria:<\/p>\n<p><strong>955 472 822<\/strong><\/p>\n<p>\u00c8 consigliabile conservare la ricevuta d&#8217;acquisto e utilizzare i dati dell&#8217;acquirente forniti al momento della prenotazione. Se il biglietto \u00e8 stato comprato attraverso un operatore specifico, conviene controllare anche le istruzioni che potrebbe inviare.<\/p>\n<p>Il cambio di sede non obbliga a chiedere il rimborso: \u00e8 una possibilit\u00e0 per chi preferisce non recarsi nel nuovo spazio. Per il resto del pubblico, il biglietto originale mantiene la propria validit\u00e0.<\/p>\n<\/div><\/div><\/div><\/div><\/div><\/div><\/div><\/section><section class=\"l-section wpb_row height_huge\"><div class=\"l-section-h i-cf\"><div class=\"g-cols vc_row via_flex valign_top type_default stacking_default\"><div class=\"vc_col-sm-12 wpb_column vc_column_container\"><div class=\"vc_column-inner\"><div class=\"wpb_wrapper\"><div class=\"wpb_text_column\"><div class=\"wpb_wrapper\"><h2>Come raggiungere il Muelle de la Sal<\/h2>\n<p>La Biennale indica l&#8217;accesso al Muelle de la Sal sul <strong>Paseo Marqu\u00e9s de Contadero, s\/n<\/strong>. La sede si trova accanto al Guadalquivir, nel tratto compreso tra il Ponte di Isabella II e la Torre del Oro.<\/p>\n<p>L&#8217;organizzazione segnala come opzioni di trasporto pubblico le linee TUSSAM <strong>3, 21, 40, 41, EA e A2<\/strong>. Le stazioni della metropolitana pi\u00f9 vicine indicate dalla Biennale sono <strong>Puerta de Jerez<\/strong> e <strong>Plaza de Cuba<\/strong>.<\/p>\n<p>Per molti visitatori che alloggiano in centro, camminare sar\u00e0 una delle opzioni pi\u00f9 semplici. Il Muelle \u00e8 molto vicino alla Plaza de Toros de la Maestranza, al Mercado del Barranco e al Ponte di Triana. Poich\u00e9 gli spettacoli iniziano alle 23:00, conviene prevedere anche il ritorno all&#8217;alloggio, senza dipendere da coincidenze troppo strette alla fine della serata.<\/p>\n<p>Se vuoi abbinare uno di questi appuntamenti notturni a un altro spettacolo della Biennale, lascia un margine sufficiente tra le sedi. Il 17 e il 18 settembre sono previste rappresentazioni precedenti al Teatro Lope de Vega, mentre il 19 ci sono spettacoli in altri spazi della citt\u00e0. La durata effettiva di ciascuna rappresentazione pu\u00f2 variare, quindi \u00e8 sconsigliabile pianificare gli spostamenti al minuto.<\/p>\n<\/div><\/div><div class=\"w-separator size_medium\"><\/div><div class=\"w-hwrapper valign_top wrap align_center\" style=\"--hwrapper-gap:1.2rem\"><div class=\"w-btn-wrapper align_none\"><a class=\"w-btn us-btn-style_1\" href=\"https:\/\/www.tablaosflamencos.com\/it\/biennale-flamenco-siviglia-2026-biglietti-prezzi-sconti.html\"><span class=\"w-btn-label\">Biglietti, prezzi e sconti<\/span><\/a><\/div><div class=\"w-btn-wrapper align_none\"><a class=\"w-btn us-btn-style_11\" href=\"https:\/\/www.labienal.com\/espacios\/muelle-de-la-sal\"><span class=\"w-btn-label\">Muelle de la Sal sul sito ufficiale<\/span><\/a><\/div><\/div><\/div><\/div><\/div><\/div><\/div><\/section><section class=\"l-section wpb_row height_huge color_alternate with_shape\"><div class=\"l-section-shape type_zigzag pos_top hor_flip\" style=\"height:3vmin;\"><svg xmlns=\"http:\/\/www.w3.org\/2000\/svg\" viewBox=\"0 0 64 8\" preserveAspectRatio=\"none\" width=\"100%\" height=\"100%\">\r\n\t<path fill=\"currentColor\" d=\"M64 8 L0 8 L0 0 L20 7.9 L40 3 L48 5 L64 0 Z\"\/>\r\n<\/svg><\/div><div class=\"l-section-shape type_zigzag pos_bottom\" style=\"height:3vmin;\"><svg xmlns=\"http:\/\/www.w3.org\/2000\/svg\" viewBox=\"0 0 64 8\" preserveAspectRatio=\"none\" width=\"100%\" height=\"100%\">\r\n\t<path fill=\"currentColor\" d=\"M64 8 L0 8 L0 0 L20 7.9 L40 3 L48 5 L64 0 Z\"\/>\r\n<\/svg><\/div><div class=\"l-section-h i-cf\"><div class=\"g-cols vc_row via_flex valign_top type_default stacking_default\"><div class=\"vc_col-sm-12 wpb_column vc_column_container\"><div class=\"vc_column-inner\"><div class=\"wpb_wrapper\"><div class=\"wpb_text_column\"><div class=\"wpb_wrapper\"><h2>Un cambiamento importante per uno degli appuntamenti pi\u00f9 singolari della Biennale<\/h2>\n<p>Il trasferimento modifica uno dei progetti pi\u00f9 suggestivi presentati dalla Biennale per settembre 2026. Il ritorno dell&#8217;Hotel Triana aveva una forte componente simbolica: tre spettacoli di tarda sera in un antico cortile residenziale comune, collegando il programma alla memoria di Triana e a un modo intimo di vivere il flamenco.<\/p>\n<p>La forte domanda ha portato a privilegiare uno spazio capace di accogliere pi\u00f9 pubblico. Il risultato sar\u00e0 diverso, ma non necessariamente meno singolare. Il Muelle de la Sal colloca le tre Noches \u00danicas ai piedi del Ponte di Triana, con il Guadalquivir sullo sfondo, in un luogo che fa parte dell&#8217;immagine pi\u00f9 riconoscibile di Siviglia.<\/p>\n<p>Per il visitatore, il punto essenziale \u00e8 semplice: <strong>non occorre riorganizzare l&#8217;agenda, salvo per la sede<\/strong>. Le date restano il 17, 18 e 19 settembre, tutti e tre gli spettacoli iniziano alle 23:00 e i cast annunciati sono confermati.<\/p>\n<p>Poich\u00e9 la modifica \u00e8 stata comunicata a pochi giorni dall&#8217;inizio della Biennale, consigliamo di verificare il programma ufficiale prima di mettersi in viaggio. Aggiorneremo anche le nostre guide alla Biennale man mano che i cambiamenti saranno riportati nelle schede ufficiali di ciascuno spettacolo.<\/p>\n<p>E se non trovi biglietti per queste serate, Siviglia mantiene un&#8217;offerta di flamenco molto ampia durante tutto il festival. La nostra guida su <a href=\"https:\/\/www.tablaosflamencos.com\/it\/biennale-flamenco-siviglia-2026-biglietti-esauriti-alternative.html\"><strong>cosa vedere quando i biglietti della Biennale sono esauriti<\/strong><\/a> riunisce alternative per continuare a godersi gli spettacoli in quei giorni.<\/p>\n<\/div><\/div><\/div><\/div><\/div><\/div><\/div><\/section><section class=\"l-section wpb_row height_huge\"><div class=\"l-section-h i-cf\"><div class=\"g-cols vc_row via_flex valign_top type_default stacking_default\"><div class=\"vc_col-sm-1\/5 wpb_column vc_column_container\"><div class=\"vc_column-inner\"><div class=\"wpb_wrapper\"><\/div><\/div><\/div><div class=\"vc_col-sm-3\/5 wpb_column vc_column_container\"><div class=\"vc_column-inner\"><div class=\"wpb_wrapper\"><div class=\"wpb_text_column\"><div class=\"wpb_wrapper\"><h2>Domande frequenti sul trasferimento al Muelle de la Sal<\/h2>\n<\/div><\/div><div class=\"w-separator size_medium\"><\/div><div class=\"w-tabs accordion toggle_style_1 has_scrolling\" style=\"--sections-title-size:inherit;--sections-gap:0.5rem;\"><div class=\"w-tabs-sections titles-align_none icon_chevron cpos_right\"><div class=\"w-tabs-section\" id=\"h2fd\" itemscope itemprop=\"mainEntity\" itemtype=\"https:\/\/schema.org\/Question\"><button type=\"button\" class=\"w-tabs-section-header\" aria-controls=\"content-h2fd\" aria-expanded=\"false\"><div class=\"w-tabs-section-title\" itemprop=\"name\">Quali spettacoli si trasferiscono dall&#8217;Hotel Triana al Muelle de la Sal?<\/div><div class=\"w-tabs-section-control\"><\/div><\/button><div  class=\"w-tabs-section-content\" id=\"content-h2fd\" itemscope itemprop=\"acceptedAnswer\" itemtype=\"https:\/\/schema.org\/Answer\"><div class=\"w-tabs-section-content-h i-cf\" itemprop=\"text\"><div class=\"wpb_text_column\"><div class=\"wpb_wrapper\"><p>Si trasferiscono le tre Noches \u00danicas previste all&#8217;Hotel Triana: <em>Mujeres gitanas<\/em>, il 17 settembre; <em>Uvitas negras<\/em>, il 18; e <em>Andaluc\u00eda en el tiempo<\/em>, il 19.<\/p>\n<\/div><\/div><\/div><\/div><\/div><div class=\"w-tabs-section\" id=\"l3e4\" itemscope itemprop=\"mainEntity\" itemtype=\"https:\/\/schema.org\/Question\"><button type=\"button\" class=\"w-tabs-section-header\" aria-controls=\"content-l3e4\" aria-expanded=\"false\"><div class=\"w-tabs-section-title\" itemprop=\"name\">Perch\u00e9 cambia la sede?<\/div><div class=\"w-tabs-section-control\"><\/div><\/button><div  class=\"w-tabs-section-content\" id=\"content-l3e4\" itemscope itemprop=\"acceptedAnswer\" itemtype=\"https:\/\/schema.org\/Answer\"><div class=\"w-tabs-section-content-h i-cf\" itemprop=\"text\"><div class=\"wpb_text_column\"><div class=\"wpb_wrapper\"><p>Il Comune di Siviglia e l&#8217;organizzazione della Biennale hanno spiegato che la decisione risponde alla forte domanda suscitata da questi spettacoli. Il Muelle de la Sal permette di accogliere un pubblico pi\u00f9 numeroso.<\/p>\n<\/div><\/div><\/div><\/div><\/div><div class=\"w-tabs-section\" id=\"f503\" itemscope itemprop=\"mainEntity\" itemtype=\"https:\/\/schema.org\/Question\"><button type=\"button\" class=\"w-tabs-section-header\" aria-controls=\"content-f503\" aria-expanded=\"false\"><div class=\"w-tabs-section-title\" itemprop=\"name\">Cambiano le date o gli orari?<\/div><div class=\"w-tabs-section-control\"><\/div><\/button><div  class=\"w-tabs-section-content\" id=\"content-f503\" itemscope itemprop=\"acceptedAnswer\" itemtype=\"https:\/\/schema.org\/Answer\"><div class=\"w-tabs-section-content-h i-cf\" itemprop=\"text\"><div class=\"wpb_text_column\"><div class=\"wpb_wrapper\"><p>No. I tre spettacoli mantengono le date originali e inizieranno alle 23:00.<\/p>\n<\/div><\/div><\/div><\/div><\/div><div class=\"w-tabs-section\" id=\"q600\" itemscope itemprop=\"mainEntity\" itemtype=\"https:\/\/schema.org\/Question\"><button type=\"button\" class=\"w-tabs-section-header\" aria-controls=\"content-q600\" aria-expanded=\"false\"><div class=\"w-tabs-section-title\" itemprop=\"name\">I biglietti dell&#8217;Hotel Triana restano validi?<\/div><div class=\"w-tabs-section-control\"><\/div><\/button><div  class=\"w-tabs-section-content\" id=\"content-q600\" itemscope itemprop=\"acceptedAnswer\" itemtype=\"https:\/\/schema.org\/Answer\"><div class=\"w-tabs-section-content-h i-cf\" itemprop=\"text\"><div class=\"wpb_text_column\"><div class=\"wpb_wrapper\"><p>S\u00ec. I biglietti gi\u00e0 acquistati restano validi per gli stessi spettacoli al Muelle de la Sal e non \u00e8 necessario effettuare alcun cambio.<\/p>\n<\/div><\/div><\/div><\/div><\/div><div class=\"w-tabs-section\" id=\"g6f6\" itemscope itemprop=\"mainEntity\" itemtype=\"https:\/\/schema.org\/Question\"><button type=\"button\" class=\"w-tabs-section-header\" aria-controls=\"content-g6f6\" aria-expanded=\"false\"><div class=\"w-tabs-section-title\" itemprop=\"name\">Posso chiedere il rimborso se non voglio andare al Muelle de la Sal?<\/div><div class=\"w-tabs-section-control\"><\/div><\/button><div  class=\"w-tabs-section-content\" id=\"content-g6f6\" itemscope itemprop=\"acceptedAnswer\" itemtype=\"https:\/\/schema.org\/Answer\"><div class=\"w-tabs-section-content-h i-cf\" itemprop=\"text\"><div class=\"wpb_text_column\"><div class=\"wpb_wrapper\"><p>S\u00ec. L&#8217;organizzazione permette di richiedere il rimborso a chi decide di non partecipare a causa del cambio di sede. Per informazioni ha fornito l&#8217;indirizzo taquillaseulen.icas@gmail.com e il numero della biglietteria 955 472 822.<\/p>\n<\/div><\/div><\/div><\/div><\/div><div class=\"w-tabs-section\" id=\"n7d0\" itemscope itemprop=\"mainEntity\" itemtype=\"https:\/\/schema.org\/Question\"><button type=\"button\" class=\"w-tabs-section-header\" aria-controls=\"content-n7d0\" aria-expanded=\"false\"><div class=\"w-tabs-section-title\" itemprop=\"name\">Dove si trova il Muelle de la Sal?<\/div><div class=\"w-tabs-section-control\"><\/div><\/button><div  class=\"w-tabs-section-content\" id=\"content-n7d0\" itemscope itemprop=\"acceptedAnswer\" itemtype=\"https:\/\/schema.org\/Answer\"><div class=\"w-tabs-section-content-h i-cf\" itemprop=\"text\"><div class=\"wpb_text_column\"><div class=\"wpb_wrapper\"><p>Si trova accanto al fiume Guadalquivir, ai piedi del Ponte di Triana, sul Paseo Marqu\u00e9s de Contadero. \u00c8 molto vicino alla Plaza de Toros de la Maestranza e al Mercado del Barranco.<\/p>\n<\/div><\/div><\/div><\/div><\/div><div class=\"w-tabs-section\" id=\"f89e\" itemscope itemprop=\"mainEntity\" itemtype=\"https:\/\/schema.org\/Question\"><button type=\"button\" class=\"w-tabs-section-header\" aria-controls=\"content-f89e\" aria-expanded=\"false\"><div class=\"w-tabs-section-title\" itemprop=\"name\">Cambiano gli artisti delle tre Noches \u00danicas?<\/div><div class=\"w-tabs-section-control\"><\/div><\/button><div  class=\"w-tabs-section-content\" id=\"content-f89e\" itemscope itemprop=\"acceptedAnswer\" itemtype=\"https:\/\/schema.org\/Answer\"><div class=\"w-tabs-section-content-h i-cf\" itemprop=\"text\"><div class=\"wpb_text_column\"><div class=\"wpb_wrapper\"><p>No. L&#8217;organizzazione ha indicato che i cast artistici sono interamente confermati. Il cambiamento riguarda la sede, non gli artisti annunciati.<\/p>\n<\/div><\/div><\/div><\/div><\/div><div class=\"w-tabs-section\" id=\"e977\" itemscope itemprop=\"mainEntity\" itemtype=\"https:\/\/schema.org\/Question\"><button type=\"button\" class=\"w-tabs-section-header\" aria-controls=\"content-e977\" aria-expanded=\"false\"><div class=\"w-tabs-section-title\" itemprop=\"name\">Il Muelle de la Sal fa parte delle sedi ufficiali della Biennale 2026?<\/div><div class=\"w-tabs-section-control\"><\/div><\/button><div  class=\"w-tabs-section-content\" id=\"content-e977\" itemscope itemprop=\"acceptedAnswer\" itemtype=\"https:\/\/schema.org\/Answer\"><div class=\"w-tabs-section-content-h i-cf\" itemprop=\"text\"><div class=\"wpb_text_column\"><div class=\"wpb_wrapper\"><p>S\u00ec. Il Muelle de la Sal figura tra le sedi ufficiali della XXIV Biennale di Flamenco e dispone di una propria scheda sul sito del festival.<\/p>\n<\/div><\/div><\/div><\/div><\/div><\/div><\/div><\/div><\/div><\/div><div class=\"vc_col-sm-1\/5 wpb_column vc_column_container\"><div class=\"vc_column-inner\"><div class=\"wpb_wrapper\"><\/div><\/div><\/div><\/div><\/div><\/section><section class=\"l-section wpb_row height_huge color_alternate with_shape\"><div class=\"l-section-shape type_zigzag pos_top\" style=\"height:3vmin;\"><svg xmlns=\"http:\/\/www.w3.org\/2000\/svg\" viewBox=\"0 0 64 8\" preserveAspectRatio=\"none\" width=\"100%\" height=\"100%\">\r\n\t<path fill=\"currentColor\" d=\"M64 8 L0 8 L0 0 L20 7.9 L40 3 L48 5 L64 0 Z\"\/>\r\n<\/svg><\/div><div class=\"l-section-h i-cf\"><div class=\"g-cols vc_row via_flex valign_top type_default stacking_default\"><div class=\"vc_col-sm-12 wpb_column vc_column_container\"><div class=\"vc_column-inner\"><div class=\"wpb_wrapper\"><div class=\"wpb_text_column\"><div class=\"wpb_wrapper\"><h2>Tre serate accanto al Guadalquivir<\/h2>\n<p>L&#8217;Hotel Triana avrebbe offerto intimit\u00e0 e memoria della vita di vicinato. Il Muelle de la Sal offrir\u00e0 ampiezza, paesaggio e un rapporto diretto con il fiume. L&#8217;essenziale, in ogni caso, rimane: tre incontri concepiti come Noches \u00danicas e tre cast difficili da riunire al di fuori del contesto della Biennale.<\/p>\n<p>Il 17, 18 e 19 settembre 2026, alle 23:00, l&#8217;attenzione si sposter\u00e0 sulle rive del Guadalquivir. Per chi ha gi\u00e0 un biglietto, il cambiamento non richiede alcuna procedura. Per chi cerca ancora un posto, l&#8217;aumento della capienza pu\u00f2 aprire nuove possibilit\u00e0, ma la disponibilit\u00e0 va sempre verificata attraverso i canali ufficiali.<\/p>\n<p>La XXIV Biennale di Flamenco di Siviglia si svolger\u00e0 dal 9 settembre al 3 ottobre 2026. Puoi consultare date, sedi e consigli pratici nella nostra <a href=\"https:\/\/www.tablaosflamencos.com\/it\/biennale-flamenco-siviglia-2026.html\"><strong>guida completa alla Biennale di Flamenco 2026<\/strong><\/a>.<\/p>\n<\/div><\/div><div class=\"w-separator size_medium\"><\/div><div class=\"w-hwrapper valign_top wrap align_center\" style=\"--hwrapper-gap:1.2rem\"><div class=\"w-btn-wrapper align_none\"><a class=\"w-btn us-btn-style_1\" href=\"https:\/\/www.tablaosflamencos.com\/it\/biennale-flamenco-siviglia-2026.html\"><span class=\"w-btn-label\">Leggi la guida completa alla Biennale<\/span><\/a><\/div><div class=\"w-btn-wrapper align_none\"><a class=\"w-btn us-btn-style_11\" href=\"https:\/\/www.tablaosflamencos.com\/it\/notti-uniche-biennale-flamenco-siviglia-2026.html\"><span class=\"w-btn-label\">Scopri le Noches \u00danicas<\/span><\/a><\/div><\/div><\/div><\/div><\/div><\/div><\/div><\/section>\n","protected":false},"excerpt":{"rendered":"<p>La Biennale di Flamenco trasferisce al Muelle de la Sal le Noches \u00danicas del 17, 18 e 19 settembre per la forte domanda. Biglietti, artisti e rimborsi.<\/p>\n","protected":false},"author":1,"featured_media":14746,"comment_status":"closed","ping_status":"closed","sticky":false,"template":"","format":"standard","meta":{"_acf_changed":false,"wpai_generated_summary":"","_ayudawp_aiss_exclude":false,"_ayudawp_aiss_exclude_summary":false,"_ayudawp_aiss_summary":"","_ayudawp_aiss_summary_provider":"","_ayudawp_aiss_summary_hash":"","footnotes":""},"categories":[1429],"tags":[1249,1250,1251,1252,1177,1253],"class_list":["post-14798","post","type-post","status-publish","format-standard","has-post-thumbnail","hentry","category-biennale-di-flamenco","tag-agenda-flamenca","tag-bienal-2026","tag-bienal-de-flamenco","tag-festivales-flamencos","tag-flamenco-en-sevilla","tag-sevilla"],"acf":[],"yoast_head":"<!-- This site is optimized with the Yoast SEO Premium plugin v28.4 (Yoast SEO v28.4) - https:\/\/yoast.com\/product\/yoast-seo-premium-wordpress\/ -->\n<title>Noches \u00danicas al Muelle de la Sal | Biennale 2026<\/title>\n<meta name=\"description\" content=\"Le Noches \u00danicas del 17, 18 e 19 settembre si spostano al Muelle de la Sal. Date, artisti, validit\u00e0 dei biglietti e rimborsi per la Biennale 2026.\" \/>\n<meta name=\"robots\" content=\"index, follow, max-snippet:-1, max-image-preview:large, max-video-preview:-1\" \/>\n<link rel=\"canonical\" href=\"https:\/\/www.tablaosflamencos.com\/it\/noches-unicas-muelle-sal-hotel-triana-biennale-2026.html\" \/>\n<meta property=\"og:locale\" content=\"it_IT\" \/>\n<meta property=\"og:type\" content=\"article\" \/>\n<meta property=\"og:title\" content=\"Biennale di Flamenco: le Noches \u00danicas si trasferiscono dall&#039;Hotel Triana al Muelle de la Sal\" \/>\n<meta property=\"og:description\" content=\"Le Noches \u00danicas del 17, 18 e 19 settembre si spostano al Muelle de la Sal. Date, artisti, validit\u00e0 dei biglietti e rimborsi per la Biennale 2026.\" \/>\n<meta property=\"og:url\" content=\"https:\/\/www.tablaosflamencos.com\/it\/noches-unicas-muelle-sal-hotel-triana-biennale-2026.html\" \/>\n<meta property=\"og:site_name\" content=\"Tablaos Flamencos\" \/>\n<meta property=\"article:publisher\" content=\"https:\/\/www.facebook.com\/tablaosflamencos\" \/>\n<meta property=\"article:published_time\" content=\"2026-09-05T11:46:58+00:00\" \/>\n<meta property=\"article:modified_time\" content=\"2026-09-05T13:00:58+00:00\" \/>\n<meta property=\"og:image\" content=\"https:\/\/www.tablaosflamencos.com\/wp-content\/uploads\/bienal-de-flamenco-las-noches-unicas-se-trasladan-del-hotel-triana-al-muelle-de-la-sal-01.webp\" \/>\n\t<meta property=\"og:image:width\" content=\"1536\" \/>\n\t<meta property=\"og:image:height\" content=\"1024\" \/>\n\t<meta property=\"og:image:type\" content=\"image\/webp\" \/>\n<meta name=\"author\" content=\"Miguel Ortiz\" \/>\n<meta name=\"twitter:card\" content=\"summary_large_image\" \/>\n<meta name=\"twitter:creator\" content=\"@tablaosflamenco\" \/>\n<meta name=\"twitter:site\" content=\"@tablaosflamenco\" \/>\n<meta name=\"twitter:label1\" content=\"Scritto da\" \/>\n\t<meta name=\"twitter:data1\" content=\"Miguel Ortiz\" \/>\n\t<meta name=\"twitter:label2\" content=\"Tempo di lettura stimato\" \/>\n\t<meta name=\"twitter:data2\" content=\"15 minuti\" \/>\n<script type=\"application\/ld+json\" class=\"yoast-schema-graph\">{\"@context\":\"https:\\\/\\\/schema.org\",\"@graph\":[{\"@type\":\"Article\",\"@id\":\"https:\\\/\\\/www.tablaosflamencos.com\\\/it\\\/noches-unicas-muelle-sal-hotel-triana-biennale-2026.html#article\",\"isPartOf\":{\"@id\":\"https:\\\/\\\/www.tablaosflamencos.com\\\/it\\\/noches-unicas-muelle-sal-hotel-triana-biennale-2026.html\"},\"author\":{\"name\":\"Miguel Ortiz\",\"@id\":\"https:\\\/\\\/www.tablaosflamencos.com\\\/it#\\\/schema\\\/person\\\/e7a9ebe14eb75a52ceabfbffb3c54f5d\"},\"headline\":\"Biennale di Flamenco: le Noches \u00danicas si trasferiscono dall&#8217;Hotel Triana al Muelle de la Sal\",\"datePublished\":\"2026-09-05T11:46:58+00:00\",\"dateModified\":\"2026-09-05T13:00:58+00:00\",\"mainEntityOfPage\":{\"@id\":\"https:\\\/\\\/www.tablaosflamencos.com\\\/it\\\/noches-unicas-muelle-sal-hotel-triana-biennale-2026.html\"},\"wordCount\":2986,\"publisher\":{\"@id\":\"https:\\\/\\\/www.tablaosflamencos.com\\\/it#organization\"},\"image\":{\"@id\":\"https:\\\/\\\/www.tablaosflamencos.com\\\/it\\\/noches-unicas-muelle-sal-hotel-triana-biennale-2026.html#primaryimage\"},\"thumbnailUrl\":\"https:\\\/\\\/www.tablaosflamencos.com\\\/wp-content\\\/uploads\\\/bienal-de-flamenco-las-noches-unicas-se-trasladan-del-hotel-triana-al-muelle-de-la-sal-01.webp\",\"keywords\":[\"agenda flamenca\",\"Bienal 2026\",\"Bienal de Flamenco\",\"festivales flamencos\",\"flamenco en Sevilla\",\"sevilla\"],\"articleSection\":[\"Biennale di Flamenco\"],\"inLanguage\":\"it-IT\"},{\"@type\":\"WebPage\",\"@id\":\"https:\\\/\\\/www.tablaosflamencos.com\\\/it\\\/noches-unicas-muelle-sal-hotel-triana-biennale-2026.html\",\"url\":\"https:\\\/\\\/www.tablaosflamencos.com\\\/it\\\/noches-unicas-muelle-sal-hotel-triana-biennale-2026.html\",\"name\":\"Noches \u00danicas al Muelle de la Sal | Biennale 2026\",\"isPartOf\":{\"@id\":\"https:\\\/\\\/www.tablaosflamencos.com\\\/it#website\"},\"primaryImageOfPage\":{\"@id\":\"https:\\\/\\\/www.tablaosflamencos.com\\\/it\\\/noches-unicas-muelle-sal-hotel-triana-biennale-2026.html#primaryimage\"},\"image\":{\"@id\":\"https:\\\/\\\/www.tablaosflamencos.com\\\/it\\\/noches-unicas-muelle-sal-hotel-triana-biennale-2026.html#primaryimage\"},\"thumbnailUrl\":\"https:\\\/\\\/www.tablaosflamencos.com\\\/wp-content\\\/uploads\\\/bienal-de-flamenco-las-noches-unicas-se-trasladan-del-hotel-triana-al-muelle-de-la-sal-01.webp\",\"datePublished\":\"2026-09-05T11:46:58+00:00\",\"dateModified\":\"2026-09-05T13:00:58+00:00\",\"description\":\"Le Noches \u00danicas del 17, 18 e 19 settembre si spostano al Muelle de la Sal. Date, artisti, validit\u00e0 dei biglietti e rimborsi per la Biennale 2026.\",\"breadcrumb\":{\"@id\":\"https:\\\/\\\/www.tablaosflamencos.com\\\/it\\\/noches-unicas-muelle-sal-hotel-triana-biennale-2026.html#breadcrumb\"},\"inLanguage\":\"it-IT\",\"potentialAction\":[{\"@type\":\"ReadAction\",\"target\":[\"https:\\\/\\\/www.tablaosflamencos.com\\\/it\\\/noches-unicas-muelle-sal-hotel-triana-biennale-2026.html\"]}]},{\"@type\":\"ImageObject\",\"inLanguage\":\"it-IT\",\"@id\":\"https:\\\/\\\/www.tablaosflamencos.com\\\/it\\\/noches-unicas-muelle-sal-hotel-triana-biennale-2026.html#primaryimage\",\"url\":\"https:\\\/\\\/www.tablaosflamencos.com\\\/wp-content\\\/uploads\\\/bienal-de-flamenco-las-noches-unicas-se-trasladan-del-hotel-triana-al-muelle-de-la-sal-01.webp\",\"contentUrl\":\"https:\\\/\\\/www.tablaosflamencos.com\\\/wp-content\\\/uploads\\\/bienal-de-flamenco-las-noches-unicas-se-trasladan-del-hotel-triana-al-muelle-de-la-sal-01.webp\",\"width\":1536,\"height\":1024,\"caption\":\"Bienal de Flamenco: las Noches \u00danicas se trasladan del Hotel Triana al Muelle de la Sal\"},{\"@type\":\"BreadcrumbList\",\"@id\":\"https:\\\/\\\/www.tablaosflamencos.com\\\/it\\\/noches-unicas-muelle-sal-hotel-triana-biennale-2026.html#breadcrumb\",\"itemListElement\":[{\"@type\":\"ListItem\",\"position\":1,\"name\":\"Home\",\"item\":\"https:\\\/\\\/www.tablaosflamencos.com\\\/it\"},{\"@type\":\"ListItem\",\"position\":2,\"name\":\"Biennale di Flamenco: le Noches \u00danicas si trasferiscono dall&#8217;Hotel Triana al Muelle de la Sal\"}]},{\"@type\":\"WebSite\",\"@id\":\"https:\\\/\\\/www.tablaosflamencos.com\\\/it#website\",\"url\":\"https:\\\/\\\/www.tablaosflamencos.com\\\/it\",\"name\":\"Tablaos Flamencos\",\"description\":\"Entradas para tablaos flamencos de Espa\u00f1a\",\"publisher\":{\"@id\":\"https:\\\/\\\/www.tablaosflamencos.com\\\/it#organization\"},\"alternateName\":\"Tablaos Flamencos\",\"potentialAction\":[{\"@type\":\"SearchAction\",\"target\":{\"@type\":\"EntryPoint\",\"urlTemplate\":\"https:\\\/\\\/www.tablaosflamencos.com\\\/it?s={search_term_string}\"},\"query-input\":{\"@type\":\"PropertyValueSpecification\",\"valueRequired\":true,\"valueName\":\"search_term_string\"}}],\"inLanguage\":\"it-IT\"},{\"@type\":[\"Organization\",\"Place\",\"EntertainmentBusiness\"],\"@id\":\"https:\\\/\\\/www.tablaosflamencos.com\\\/it#organization\",\"name\":\"Tablaos Flamencos\",\"alternateName\":\"Tablaos Flamencos\",\"url\":\"https:\\\/\\\/www.tablaosflamencos.com\\\/it\",\"logo\":{\"@id\":\"https:\\\/\\\/www.tablaosflamencos.com\\\/it\\\/noches-unicas-muelle-sal-hotel-triana-biennale-2026.html#local-main-organization-logo\"},\"image\":{\"@id\":\"https:\\\/\\\/www.tablaosflamencos.com\\\/it\\\/noches-unicas-muelle-sal-hotel-triana-biennale-2026.html#local-main-organization-logo\"},\"sameAs\":[\"https:\\\/\\\/www.facebook.com\\\/tablaosflamencos\",\"https:\\\/\\\/x.com\\\/tablaosflamenco\",\"https:\\\/\\\/mastodon.social\\\/@tablaosflamencos\",\"https:\\\/\\\/www.instagram.com\\\/tablaosflamencos\",\"https:\\\/\\\/tiktok.com\\\/@tablaosflamencos\",\"https:\\\/\\\/www.linkedin.com\\\/company\\\/109408238\\\/\"],\"description\":\"Venta de entradas para espect\u00e1culos flamencos\",\"legalName\":\"Tablaos Flamencos\",\"foundingDate\":\"2015-01-01\",\"numberOfEmployees\":{\"@type\":\"QuantitativeValue\",\"minValue\":\"1\",\"maxValue\":\"10\"},\"address\":{\"@id\":\"https:\\\/\\\/www.tablaosflamencos.com\\\/it\\\/noches-unicas-muelle-sal-hotel-triana-biennale-2026.html#local-main-place-address\"},\"geo\":{\"@type\":\"GeoCoordinates\",\"latitude\":\"37.3868072\",\"longitude\":\"-5.993280299999999\"},\"telephone\":[\"+34623787787\"],\"contactPoint\":{\"@type\":\"ContactPoint\",\"telephone\":\"+34623787787\",\"email\":\"info@tablaosflamencos.com\"},\"openingHoursSpecification\":{\"@type\":\"OpeningHoursSpecification\",\"dayOfWeek\":[\"Monday\",\"Tuesday\",\"Wednesday\",\"Thursday\",\"Friday\",\"Saturday\",\"Sunday\"],\"opens\":\"00:00\",\"closes\":\"23:59\"},\"email\":\"info@tablaosflamencos.com\",\"priceRange\":\"$$$\",\"currenciesAccepted\":\"\u20ac\"},{\"@type\":\"Person\",\"@id\":\"https:\\\/\\\/www.tablaosflamencos.com\\\/it#\\\/schema\\\/person\\\/e7a9ebe14eb75a52ceabfbffb3c54f5d\",\"name\":\"Miguel Ortiz\",\"description\":\"Miguel Ortiz es un empresario flamenco, con una s\u00f3lida trayectoria dentro del sector. Ha presidido entidades culturales vinculadas al flamenco y, cuenta con un amplio recorrido profesional en la gesti\u00f3n y promoci\u00f3n de espect\u00e1culos y tablaos flamencos. Su pasi\u00f3n por la historia y el arte flamenco se refleja en cada art\u00edculo, donde combina experiencia, criterio y un profundo respeto por la tradici\u00f3n.\",\"sameAs\":[\"https:\\\/\\\/www.tablaosflamencos.com\",\"https:\\\/\\\/www.instagra.com\\\/miguelortizfe\",\"https:\\\/\\\/www.linkedin.com\\\/in\\\/miguelortizf\\\/\"],\"birthDate\":\"1984-11-22\",\"gender\":\"hombre\",\"knowsLanguage\":[\"espa\u00f1ol\",\"ingl\u00e9s\"],\"jobTitle\":\"Empresario flamenco\"},{\"@type\":\"PostalAddress\",\"@id\":\"https:\\\/\\\/www.tablaosflamencos.com\\\/it\\\/noches-unicas-muelle-sal-hotel-triana-biennale-2026.html#local-main-place-address\",\"streetAddress\":\"C\\\/ Alemanes, 19\",\"addressLocality\":\"Sevilla\",\"postalCode\":\"41004\",\"addressRegion\":\"Sevilla\",\"addressCountry\":\"ES\"},{\"@type\":\"ImageObject\",\"inLanguage\":\"it-IT\",\"@id\":\"https:\\\/\\\/www.tablaosflamencos.com\\\/it\\\/noches-unicas-muelle-sal-hotel-triana-biennale-2026.html#local-main-organization-logo\",\"url\":\"https:\\\/\\\/www.tablaosflamencos.com\\\/wp-content\\\/uploads\\\/tablaos-flamencos-06-3.webp\",\"contentUrl\":\"https:\\\/\\\/www.tablaosflamencos.com\\\/wp-content\\\/uploads\\\/tablaos-flamencos-06-3.webp\",\"width\":600,\"height\":620,\"caption\":\"Tablaos Flamencos\"}]}<\/script>\n<meta name=\"geo.placename\" content=\"Sevilla\" \/>\n<meta name=\"geo.position\" content=\"37.3868072;-5.993280299999999\" \/>\n<meta name=\"geo.region\" content=\"Spagna\" \/>\n<!-- \/ Yoast SEO Premium plugin. -->","yoast_head_json":{"title":"Noches \u00danicas al Muelle de la Sal | Biennale 2026","description":"Le Noches \u00danicas del 17, 18 e 19 settembre si spostano al Muelle de la Sal. Date, artisti, validit\u00e0 dei biglietti e rimborsi per la Biennale 2026.","robots":{"index":"index","follow":"follow","max-snippet":"max-snippet:-1","max-image-preview":"max-image-preview:large","max-video-preview":"max-video-preview:-1"},"canonical":"https:\/\/www.tablaosflamencos.com\/it\/noches-unicas-muelle-sal-hotel-triana-biennale-2026.html","og_locale":"it_IT","og_type":"article","og_title":"Biennale di Flamenco: le Noches \u00danicas si trasferiscono dall'Hotel Triana al Muelle de la Sal","og_description":"Le Noches \u00danicas del 17, 18 e 19 settembre si spostano al Muelle de la Sal. Date, artisti, validit\u00e0 dei biglietti e rimborsi per la Biennale 2026.","og_url":"https:\/\/www.tablaosflamencos.com\/it\/noches-unicas-muelle-sal-hotel-triana-biennale-2026.html","og_site_name":"Tablaos Flamencos","article_publisher":"https:\/\/www.facebook.com\/tablaosflamencos","article_published_time":"2026-09-05T11:46:58+00:00","article_modified_time":"2026-09-05T13:00:58+00:00","og_image":[{"width":1536,"height":1024,"url":"https:\/\/www.tablaosflamencos.com\/wp-content\/uploads\/bienal-de-flamenco-las-noches-unicas-se-trasladan-del-hotel-triana-al-muelle-de-la-sal-01.webp","type":"image\/webp"}],"author":"Miguel Ortiz","twitter_card":"summary_large_image","twitter_creator":"@tablaosflamenco","twitter_site":"@tablaosflamenco","twitter_misc":{"Scritto da":"Miguel Ortiz","Tempo di lettura stimato":"15 minuti"},"schema":{"@context":"https:\/\/schema.org","@graph":[{"@type":"Article","@id":"https:\/\/www.tablaosflamencos.com\/it\/noches-unicas-muelle-sal-hotel-triana-biennale-2026.html#article","isPartOf":{"@id":"https:\/\/www.tablaosflamencos.com\/it\/noches-unicas-muelle-sal-hotel-triana-biennale-2026.html"},"author":{"name":"Miguel Ortiz","@id":"https:\/\/www.tablaosflamencos.com\/it#\/schema\/person\/e7a9ebe14eb75a52ceabfbffb3c54f5d"},"headline":"Biennale di Flamenco: le Noches \u00danicas si trasferiscono dall&#8217;Hotel Triana al Muelle de la Sal","datePublished":"2026-09-05T11:46:58+00:00","dateModified":"2026-09-05T13:00:58+00:00","mainEntityOfPage":{"@id":"https:\/\/www.tablaosflamencos.com\/it\/noches-unicas-muelle-sal-hotel-triana-biennale-2026.html"},"wordCount":2986,"publisher":{"@id":"https:\/\/www.tablaosflamencos.com\/it#organization"},"image":{"@id":"https:\/\/www.tablaosflamencos.com\/it\/noches-unicas-muelle-sal-hotel-triana-biennale-2026.html#primaryimage"},"thumbnailUrl":"https:\/\/www.tablaosflamencos.com\/wp-content\/uploads\/bienal-de-flamenco-las-noches-unicas-se-trasladan-del-hotel-triana-al-muelle-de-la-sal-01.webp","keywords":["agenda flamenca","Bienal 2026","Bienal de Flamenco","festivales flamencos","flamenco en Sevilla","sevilla"],"articleSection":["Biennale di Flamenco"],"inLanguage":"it-IT"},{"@type":"WebPage","@id":"https:\/\/www.tablaosflamencos.com\/it\/noches-unicas-muelle-sal-hotel-triana-biennale-2026.html","url":"https:\/\/www.tablaosflamencos.com\/it\/noches-unicas-muelle-sal-hotel-triana-biennale-2026.html","name":"Noches \u00danicas al Muelle de la Sal | Biennale 2026","isPartOf":{"@id":"https:\/\/www.tablaosflamencos.com\/it#website"},"primaryImageOfPage":{"@id":"https:\/\/www.tablaosflamencos.com\/it\/noches-unicas-muelle-sal-hotel-triana-biennale-2026.html#primaryimage"},"image":{"@id":"https:\/\/www.tablaosflamencos.com\/it\/noches-unicas-muelle-sal-hotel-triana-biennale-2026.html#primaryimage"},"thumbnailUrl":"https:\/\/www.tablaosflamencos.com\/wp-content\/uploads\/bienal-de-flamenco-las-noches-unicas-se-trasladan-del-hotel-triana-al-muelle-de-la-sal-01.webp","datePublished":"2026-09-05T11:46:58+00:00","dateModified":"2026-09-05T13:00:58+00:00","description":"Le Noches \u00danicas del 17, 18 e 19 settembre si spostano al Muelle de la Sal. Date, artisti, validit\u00e0 dei biglietti e rimborsi per la Biennale 2026.","breadcrumb":{"@id":"https:\/\/www.tablaosflamencos.com\/it\/noches-unicas-muelle-sal-hotel-triana-biennale-2026.html#breadcrumb"},"inLanguage":"it-IT","potentialAction":[{"@type":"ReadAction","target":["https:\/\/www.tablaosflamencos.com\/it\/noches-unicas-muelle-sal-hotel-triana-biennale-2026.html"]}]},{"@type":"ImageObject","inLanguage":"it-IT","@id":"https:\/\/www.tablaosflamencos.com\/it\/noches-unicas-muelle-sal-hotel-triana-biennale-2026.html#primaryimage","url":"https:\/\/www.tablaosflamencos.com\/wp-content\/uploads\/bienal-de-flamenco-las-noches-unicas-se-trasladan-del-hotel-triana-al-muelle-de-la-sal-01.webp","contentUrl":"https:\/\/www.tablaosflamencos.com\/wp-content\/uploads\/bienal-de-flamenco-las-noches-unicas-se-trasladan-del-hotel-triana-al-muelle-de-la-sal-01.webp","width":1536,"height":1024,"caption":"Bienal de Flamenco: las Noches \u00danicas se trasladan del Hotel Triana al Muelle de la Sal"},{"@type":"BreadcrumbList","@id":"https:\/\/www.tablaosflamencos.com\/it\/noches-unicas-muelle-sal-hotel-triana-biennale-2026.html#breadcrumb","itemListElement":[{"@type":"ListItem","position":1,"name":"Home","item":"https:\/\/www.tablaosflamencos.com\/it"},{"@type":"ListItem","position":2,"name":"Biennale di Flamenco: le Noches \u00danicas si trasferiscono dall&#8217;Hotel Triana al Muelle de la Sal"}]},{"@type":"WebSite","@id":"https:\/\/www.tablaosflamencos.com\/it#website","url":"https:\/\/www.tablaosflamencos.com\/it","name":"Tablaos Flamencos","description":"Entradas para tablaos flamencos de Espa\u00f1a","publisher":{"@id":"https:\/\/www.tablaosflamencos.com\/it#organization"},"alternateName":"Tablaos Flamencos","potentialAction":[{"@type":"SearchAction","target":{"@type":"EntryPoint","urlTemplate":"https:\/\/www.tablaosflamencos.com\/it?s={search_term_string}"},"query-input":{"@type":"PropertyValueSpecification","valueRequired":true,"valueName":"search_term_string"}}],"inLanguage":"it-IT"},{"@type":["Organization","Place","EntertainmentBusiness"],"@id":"https:\/\/www.tablaosflamencos.com\/it#organization","name":"Tablaos Flamencos","alternateName":"Tablaos Flamencos","url":"https:\/\/www.tablaosflamencos.com\/it","logo":{"@id":"https:\/\/www.tablaosflamencos.com\/it\/noches-unicas-muelle-sal-hotel-triana-biennale-2026.html#local-main-organization-logo"},"image":{"@id":"https:\/\/www.tablaosflamencos.com\/it\/noches-unicas-muelle-sal-hotel-triana-biennale-2026.html#local-main-organization-logo"},"sameAs":["https:\/\/www.facebook.com\/tablaosflamencos","https:\/\/x.com\/tablaosflamenco","https:\/\/mastodon.social\/@tablaosflamencos","https:\/\/www.instagram.com\/tablaosflamencos","https:\/\/tiktok.com\/@tablaosflamencos","https:\/\/www.linkedin.com\/company\/109408238\/"],"description":"Venta de entradas para espect\u00e1culos flamencos","legalName":"Tablaos Flamencos","foundingDate":"2015-01-01","numberOfEmployees":{"@type":"QuantitativeValue","minValue":"1","maxValue":"10"},"address":{"@id":"https:\/\/www.tablaosflamencos.com\/it\/noches-unicas-muelle-sal-hotel-triana-biennale-2026.html#local-main-place-address"},"geo":{"@type":"GeoCoordinates","latitude":"37.3868072","longitude":"-5.993280299999999"},"telephone":["+34623787787"],"contactPoint":{"@type":"ContactPoint","telephone":"+34623787787","email":"info@tablaosflamencos.com"},"openingHoursSpecification":{"@type":"OpeningHoursSpecification","dayOfWeek":["Monday","Tuesday","Wednesday","Thursday","Friday","Saturday","Sunday"],"opens":"00:00","closes":"23:59"},"email":"info@tablaosflamencos.com","priceRange":"$$$","currenciesAccepted":"\u20ac"},{"@type":"Person","@id":"https:\/\/www.tablaosflamencos.com\/it#\/schema\/person\/e7a9ebe14eb75a52ceabfbffb3c54f5d","name":"Miguel Ortiz","description":"Miguel Ortiz es un empresario flamenco, con una s\u00f3lida trayectoria dentro del sector. Ha presidido entidades culturales vinculadas al flamenco y, cuenta con un amplio recorrido profesional en la gesti\u00f3n y promoci\u00f3n de espect\u00e1culos y tablaos flamencos. Su pasi\u00f3n por la historia y el arte flamenco se refleja en cada art\u00edculo, donde combina experiencia, criterio y un profundo respeto por la tradici\u00f3n.","sameAs":["https:\/\/www.tablaosflamencos.com","https:\/\/www.instagra.com\/miguelortizfe","https:\/\/www.linkedin.com\/in\/miguelortizf\/"],"birthDate":"1984-11-22","gender":"hombre","knowsLanguage":["espa\u00f1ol","ingl\u00e9s"],"jobTitle":"Empresario flamenco"},{"@type":"PostalAddress","@id":"https:\/\/www.tablaosflamencos.com\/it\/noches-unicas-muelle-sal-hotel-triana-biennale-2026.html#local-main-place-address","streetAddress":"C\/ Alemanes, 19","addressLocality":"Sevilla","postalCode":"41004","addressRegion":"Sevilla","addressCountry":"ES"},{"@type":"ImageObject","inLanguage":"it-IT","@id":"https:\/\/www.tablaosflamencos.com\/it\/noches-unicas-muelle-sal-hotel-triana-biennale-2026.html#local-main-organization-logo","url":"https:\/\/www.tablaosflamencos.com\/wp-content\/uploads\/tablaos-flamencos-06-3.webp","contentUrl":"https:\/\/www.tablaosflamencos.com\/wp-content\/uploads\/tablaos-flamencos-06-3.webp","width":600,"height":620,"caption":"Tablaos Flamencos"}]},"geo.placename":"Sevilla","geo.position":{"lat":"37.3868072","long":"-5.993280299999999"},"geo.region":"Spagna"},"_links":{"self":[{"href":"https:\/\/www.tablaosflamencos.com\/it\/wp-json\/wp\/v2\/posts\/14798","targetHints":{"allow":["GET"]}}],"collection":[{"href":"https:\/\/www.tablaosflamencos.com\/it\/wp-json\/wp\/v2\/posts"}],"about":[{"href":"https:\/\/www.tablaosflamencos.com\/it\/wp-json\/wp\/v2\/types\/post"}],"author":[{"embeddable":true,"href":"https:\/\/www.tablaosflamencos.com\/it\/wp-json\/wp\/v2\/users\/1"}],"replies":[{"embeddable":true,"href":"https:\/\/www.tablaosflamencos.com\/it\/wp-json\/wp\/v2\/comments?post=14798"}],"version-history":[{"count":10,"href":"https:\/\/www.tablaosflamencos.com\/it\/wp-json\/wp\/v2\/posts\/14798\/revisions"}],"predecessor-version":[{"id":14902,"href":"https:\/\/www.tablaosflamencos.com\/it\/wp-json\/wp\/v2\/posts\/14798\/revisions\/14902"}],"wp:featuredmedia":[{"embeddable":true,"href":"https:\/\/www.tablaosflamencos.com\/it\/wp-json\/wp\/v2\/media\/14746"}],"wp:attachment":[{"href":"https:\/\/www.tablaosflamencos.com\/it\/wp-json\/wp\/v2\/media?parent=14798"}],"wp:term":[{"taxonomy":"category","embeddable":true,"href":"https:\/\/www.tablaosflamencos.com\/it\/wp-json\/wp\/v2\/categories?post=14798"},{"taxonomy":"post_tag","embeddable":true,"href":"https:\/\/www.tablaosflamencos.com\/it\/wp-json\/wp\/v2\/tags?post=14798"}],"curies":[{"name":"wp","href":"https:\/\/api.w.org\/{rel}","templated":true}]}}