{"id":14797,"date":"2026-09-05T13:34:33","date_gmt":"2026-09-05T11:34:33","guid":{"rendered":"https:\/\/www.tablaosflamencos.com\/?p=14797"},"modified":"2026-09-05T16:29:51","modified_gmt":"2026-09-05T14:29:51","slug":"biennale-flamenco-siviglia-14-20-settembre-2026","status":"publish","type":"post","link":"https:\/\/www.tablaosflamencos.com\/it\/biennale-flamenco-siviglia-14-20-settembre-2026.html","title":{"rendered":"Cosa vedere alla Biennale di Flamenco di Siviglia dal 14 al 20 settembre 2026"},"content":{"rendered":"<section class=\"l-section wpb_row height_huge\"><div class=\"l-section-h i-cf\"><div class=\"g-cols vc_row via_flex valign_top type_default stacking_default\"><div class=\"vc_col-sm-6 wpb_column vc_column_container\"><div class=\"vc_column-inner\"><div class=\"wpb_wrapper\"><div class=\"wpb_text_column\"><div class=\"wpb_wrapper\"><h2>Cosa vedere alla Biennale di Flamenco di Siviglia dal 14 al 20 settembre 2026<\/h2>\n<p>La <strong>seconda settimana della Biennale di Flamenco di Siviglia 2026<\/strong>, da luned\u00ec 14 a domenica 20 settembre, cambia il ritmo del festival. Dopo il primo grande fine settimana, il programma si amplia: il Real Alc\u00e1zar ospita tre serate consecutive di canto e flamenco di tradizione; i tre spettacoli notturni inizialmente previsti all\u2019Hotel Triana si trasferiscono al Muelle de la Sal; il Lope de Vega accoglie due recital di canto dalla forte personalit\u00e0; e il fine settimana riunisce chitarra, orchestra, matin\u00e9e, giovani talenti e diverse serate uniche.<\/p>\n<p>In sette giorni sono previste <strong>20 rappresentazioni ufficiali<\/strong>. Non tutte si possono combinare e buona parte dell\u2019interesse di questa settimana sta proprio nello scegliere: Israel Fern\u00e1ndez si sovrappone ad Ana Morales e Macarena L\u00f3pez; Rancapino Chico coincide con l\u2019omaggio a Isabel Bay\u00f3n; Xerezan\u00edas obbliga a scegliere rispetto a Jos\u00e9 del Tomate; e nel fine settimana altre proposte si contendono le stesse fasce orarie.<\/p>\n<p>Questa guida organizza il programma dal <strong>14 al 20 settembre 2026<\/strong> e suggerisce cosa scegliere in base al tuo interesse per canto, chitarra, danza, flamenco tradizionale, creazione contemporanea o un\u2019esperienza particolarmente legata a Siviglia.<\/p>\n<\/div><\/div><\/div><\/div><\/div><div class=\"vc_col-sm-6 wpb_column vc_column_container\"><div class=\"vc_column-inner\"><div class=\"wpb_wrapper\"><div class=\"wpb_text_column\"><div class=\"wpb_wrapper\"><p style=\"text-align: center; font-size: 52px; line-height: 1; margin-bottom: 10px;\"><strong>14\u201320<\/strong><\/p>\n<h3 style=\"text-align: center;\">settembre 2026<\/h3>\n<p style=\"text-align: center;\"><strong>Da luned\u00ec a domenica<\/strong><\/p>\n<p style=\"text-align: center;\">20 rappresentazioni ufficiali<\/p>\n<p style=\"text-align: center;\">Canto \u00b7 danza \u00b7 chitarra \u00b7 serate uniche \u00b7 matin\u00e9e<\/p>\n<p style=\"text-align: center;\">Alc\u00e1zar \u00b7 Muelle de la Sal \u00b7 Maestranza \u00b7 Lope de Vega \u00b7 Turina \u00b7 Alameda \u00b7 Central \u00b7 San Luis \u00b7 Artiller\u00eda<\/p>\n<\/div><\/div><\/div><\/div><\/div><\/div><\/div><\/section><section class=\"l-section wpb_row height_huge color_alternate with_shape\"><div class=\"l-section-shape type_zigzag pos_top\" style=\"height:3vmin;\"><svg xmlns=\"http:\/\/www.w3.org\/2000\/svg\" viewBox=\"0 0 64 8\" preserveAspectRatio=\"none\" width=\"100%\" height=\"100%\">\r\n\t<path fill=\"currentColor\" d=\"M64 8 L0 8 L0 0 L20 7.9 L40 3 L48 5 L64 0 Z\"\/>\r\n<\/svg><\/div><div class=\"l-section-shape type_zigzag pos_bottom\" style=\"height:3vmin;\"><svg xmlns=\"http:\/\/www.w3.org\/2000\/svg\" viewBox=\"0 0 64 8\" preserveAspectRatio=\"none\" width=\"100%\" height=\"100%\">\r\n\t<path fill=\"currentColor\" d=\"M64 8 L0 8 L0 0 L20 7.9 L40 3 L48 5 L64 0 Z\"\/>\r\n<\/svg><\/div><div class=\"l-section-h i-cf\"><div class=\"g-cols vc_row via_flex valign_top type_default stacking_default\"><div class=\"vc_col-sm-12 wpb_column vc_column_container\"><div class=\"vc_column-inner\"><div class=\"wpb_wrapper\"><div class=\"wpb_text_column\"><div class=\"wpb_wrapper\"><blockquote>\n<p><strong>In breve:<\/strong> per ridurre questa settimana a pochi appuntamenti, il <strong>luned\u00ec 14<\/strong> offre tre percorsi molto diversi con Israel Fern\u00e1ndez, Ana Morales e Macarena L\u00f3pez; il <strong>marted\u00ec 15<\/strong> mette a confronto il canto di Rancapino Chico e una serata unica dedicata a Isabel Bay\u00f3n; il <strong>mercoled\u00ec 16<\/strong> contrappone l\u2019incontro di artisti di Jerez di <em>Xerezan\u00edas<\/em> alla chitarra di Jos\u00e9 del Tomate; il <strong>gioved\u00ec 17<\/strong> permette di abbinare Arc\u00e1ngel a <em>Mujeres Gitanas<\/em> al Muelle de la Sal; il <strong>venerd\u00ec 18<\/strong> spicca per Antonio Reyes e la serata dedicata alla Pe\u00f1a El Pozo de las Penas; il <strong>sabato 19<\/strong> riunisce Alejandro Hurtado, Mar\u00eda Mar\u00edn, Ca\u00f1izares con la ROSS e <em>Andaluc\u00eda en el tiempo<\/em>; e la <strong>domenica 20<\/strong> propone nuovamente Alejandro Hurtado, Manuel de la Luz &amp; Manuel Im\u00e1n, Jos\u00e9 Merc\u00e9 e il Gal\u00e0 del circuito andaluso dei giovani artisti di flamenco.<\/p>\n<\/blockquote>\n<p><strong>Ultimo aggiornamento: 5 settembre 2026.<\/strong> Orari e programma verificati con il calendario ufficiale della XXIV Biennale. Cambio di sede: gli spettacoli del 17, 18 e 19 settembre inizialmente previsti all\u2019Hotel Triana si terranno al Muelle de la Sal, mantenendo le date e l\u2019inizio alle 23:00. La disponibilit\u00e0 dei biglietti pu\u00f2 cambiare: controlla sempre la scheda ufficiale di ogni spettacolo prima di definire il tuo programma.<\/p>\n<\/div><\/div><div class=\"w-separator size_medium\"><\/div><div class=\"w-hwrapper valign_top wrap stack_on_mobiles align_center\" style=\"--hwrapper-gap:1.2rem\"><div class=\"w-btn-wrapper align_none\"><a class=\"w-btn us-btn-style_1\" href=\"https:\/\/www.tablaosflamencos.com\/it\/biennale-flamenco-siviglia-2026.html\"><span class=\"w-btn-label\">Guida completa alla Biennale 2026<\/span><\/a><\/div><div class=\"w-btn-wrapper align_none\"><a class=\"w-btn us-btn-style_1\" href=\"https:\/\/www.tablaosflamencos.com\/it\/biennale-flamenco-siviglia-2026-biglietti-prezzi-sconti.html\"><span class=\"w-btn-label\">Biglietti, prezzi e sconti<\/span><\/a><\/div><div class=\"w-btn-wrapper align_none\"><a class=\"w-btn us-btn-style_1\" target=\"_blank\" href=\"https:\/\/www.labienal.com\/programa-general\"><span class=\"w-btn-label\">Programma ufficiale<\/span><\/a><\/div><\/div><\/div><\/div><\/div><\/div><\/div><\/section><section class=\"l-section wpb_row height_huge\"><div class=\"l-section-h i-cf\"><div class=\"g-cols vc_row via_flex valign_top type_default stacking_default\"><div class=\"vc_col-sm-3 wpb_column vc_column_container\"><div class=\"vc_column-inner\"><div class=\"wpb_wrapper\"><\/div><\/div><\/div><div class=\"vc_col-sm-6 wpb_column vc_column_container\"><div class=\"vc_column-inner\"><div class=\"wpb_wrapper\"><div class=\"wpb_text_column\"><div class=\"wpb_wrapper\"><h2>In questa guida<\/h2>\n<ul>\n<li><a href=\"#semana-central\">Perch\u00e9 questa settimana \u00e8 speciale<\/a><\/li>\n<li><a href=\"#programa-14-20\">Programma completo dal 14 al 20 settembre<\/a><\/li>\n<li><a href=\"#lunes-14\">Luned\u00ec 14: Israel Fern\u00e1ndez, Ana Morales o Macarena L\u00f3pez<\/a><\/li>\n<li><a href=\"#martes-15\">Marted\u00ec 15: Rancapino Chico e l\u2019omaggio a Isabel Bay\u00f3n<\/a><\/li>\n<li><a href=\"#miercoles-16\">Mercoled\u00ec 16: Jerez all\u2019Alc\u00e1zar o chitarra all\u2019Alameda<\/a><\/li>\n<li><a href=\"#jueves-17\">Gioved\u00ec 17: Arc\u00e1ngel e Mujeres Gitanas<\/a><\/li>\n<li><a href=\"#viernes-18\">Venerd\u00ec 18: chitarra, Antonio Reyes e Muelle de la Sal<\/a><\/li>\n<li><a href=\"#sabado-19\">Sabato 19: la giornata pi\u00f9 completa della settimana<\/a><\/li>\n<li><a href=\"#domingo-20\">Domenica 20: dalla matin\u00e9e a Jos\u00e9 Merc\u00e9 e ai giovani<\/a><\/li>\n<li><a href=\"#itinerarios-14-20\">Itinerari consigliati<\/a><\/li>\n<li><a href=\"#perfiles-14-20\">Cosa scegliere secondo i tuoi gusti<\/a><\/li>\n<li><a href=\"#logistica-14-20\">Come combinare gli spettacoli senza correre<\/a><\/li>\n<li><a href=\"#faq-14-20\">Domande frequenti<\/a><\/li>\n<\/ul>\n<\/div><\/div><\/div><\/div><\/div><div class=\"vc_col-sm-3 wpb_column vc_column_container\"><div class=\"vc_column-inner\"><div class=\"wpb_wrapper\"><\/div><\/div><\/div><\/div><\/div><\/section><section class=\"l-section wpb_row height_huge color_alternate with_shape\"><div class=\"l-section-shape type_zigzag pos_top\" style=\"height:3vmin;\"><svg xmlns=\"http:\/\/www.w3.org\/2000\/svg\" viewBox=\"0 0 64 8\" preserveAspectRatio=\"none\" width=\"100%\" height=\"100%\">\r\n\t<path fill=\"currentColor\" d=\"M64 8 L0 8 L0 0 L20 7.9 L40 3 L48 5 L64 0 Z\"\/>\r\n<\/svg><\/div><div class=\"l-section-shape type_zigzag pos_bottom\" style=\"height:3vmin;\"><svg xmlns=\"http:\/\/www.w3.org\/2000\/svg\" viewBox=\"0 0 64 8\" preserveAspectRatio=\"none\" width=\"100%\" height=\"100%\">\r\n\t<path fill=\"currentColor\" d=\"M64 8 L0 8 L0 0 L20 7.9 L40 3 L48 5 L64 0 Z\"\/>\r\n<\/svg><\/div><div class=\"l-section-h i-cf\"><div class=\"g-cols vc_row via_flex valign_top type_default stacking_default\"><div class=\"vc_col-sm-6 wpb_column vc_column_container\"><div class=\"vc_column-inner\"><div class=\"wpb_wrapper\"><div class=\"wpb_text_column\"><div class=\"wpb_wrapper\"><h2 id=\"semana-central\">La settimana in cui la Biennale si estende a tutta Siviglia<\/h2>\n<p>Dal 14 al 20 settembre, la Biennale smette di sembrare una successione di grandi prime isolate e mostra con chiarezza la propria struttura completa. Luned\u00ec, marted\u00ec e mercoled\u00ec il <strong>Real Alc\u00e1zar<\/strong> diventa uno dei grandi centri del canto con Israel Fern\u00e1ndez, Rancapino Chico e l\u2019incontro di artisti di Jerez di <em>Xerezan\u00edas<\/em>. Da gioved\u00ec, l\u2019attenzione si sposta anche sul <strong>Muelle de la Sal<\/strong>, nuova sede delle tre serate uniche consecutive inizialmente annunciate all\u2019Hotel Triana.<\/p>\n<p>Nel frattempo, Lope de Vega, Alameda, Teatro Central, Turina, San Luis de los Franceses, Real F\u00e1brica de Artiller\u00eda e Teatro de la Maestranza mantengono linee di programmazione molto diverse. \u00c8 una settimana ideale per capire che la Biennale non propone un solo flamenco, ma tanti modi di avvicinarvisi.<\/p>\n<\/div><\/div><\/div><\/div><\/div><div class=\"vc_col-sm-6 wpb_column vc_column_container\"><div class=\"vc_column-inner\"><div class=\"wpb_wrapper\"><div class=\"wpb_text_column\"><div class=\"wpb_wrapper\"><h2>Dalle radici alle grandi produzioni nella stessa settimana<\/h2>\n<p>In pochi giorni si pu\u00f2 passare dal canto di Rancapino Chico alla danza contemporanea di Ana Morales; dalla chitarra solista di Jos\u00e9 del Tomate a un concerto sinfonico di Ca\u00f1izares con la Real Orquesta Sinf\u00f3nica de Sevilla; o dall\u2019intimit\u00e0 di San Luis de los Franceses all\u2019atmosfera notturna del Muelle de la Sal.<\/p>\n<p>Il segreto \u00e8 <strong>non cercare di vedere tutto<\/strong>. Le sovrapposizioni di orario impongono di costruire una Biennale personale. Questa guida distingue quindi tra spettacoli compatibili, abbinamenti rischiosi e proposte che richiedono necessariamente di scegliere l\u2019una o l\u2019altra.<\/p>\n<\/div><\/div><\/div><\/div><\/div><\/div><\/div><\/section><section class=\"l-section wpb_row height_huge\"><div class=\"l-section-h i-cf\"><div class=\"g-cols vc_row via_flex valign_top type_default stacking_default\"><div class=\"vc_col-sm-12 wpb_column vc_column_container\"><div class=\"vc_column-inner\"><div class=\"wpb_wrapper\"><div class=\"wpb_text_column\"><div class=\"wpb_wrapper\"><h2 id=\"programa-14-20\">Programma completo della Biennale dal 14 al 20 settembre 2026<\/h2>\n<div style=\"overflow-x: auto;\">\n<table>\n<thead>\n<tr>\n<th>Data<\/th>\n<th>Ora<\/th>\n<th>Luogo<\/th>\n<th>Artista \/ spettacolo<\/th>\n<th>Formato<\/th>\n<\/tr>\n<\/thead>\n<tbody>\n<tr>\n<td><strong>Lun. 14<\/strong><\/td>\n<td>21:30<\/td>\n<td>Real Alc\u00e1zar<\/td>\n<td>Israel Fern\u00e1ndez \u2014 <em>De oro y marfil<\/em><\/td>\n<td>Canto flamenco<\/td>\n<\/tr>\n<tr>\n<td><strong>Lun. 14<\/strong><\/td>\n<td>22:00<\/td>\n<td>Real F\u00e1brica de Artiller\u00eda<\/td>\n<td>Ana Morales \u2014 <em>Rapsodia. Fantas\u00eda subterr\u00e1nea<\/em><\/td>\n<td>Prima assoluta<\/td>\n<\/tr>\n<tr>\n<td><strong>Lun. 14<\/strong><\/td>\n<td>22:30<\/td>\n<td>Teatro Alameda<\/td>\n<td>Macarena L\u00f3pez \u2014 <em>Sobre todas las cosas<\/em><\/td>\n<td>Prima assoluta<\/td>\n<\/tr>\n<tr>\n<td><strong>Mar. 15<\/strong><\/td>\n<td>21:30<\/td>\n<td>Real Alc\u00e1zar<\/td>\n<td>Rancapino Chico \u2014 <em>Pizarra<\/em><\/td>\n<td>Prima assoluta<\/td>\n<\/tr>\n<tr>\n<td><strong>Mar. 15<\/strong><\/td>\n<td>22:30<\/td>\n<td>Teatro Central<\/td>\n<td>David Lagos, Miguel Ortega, Antonio Campos, Inma Rivero e Jos\u00e9 Luis Ortiz Nuevo \u2014 <em>Ep\u00edlogo de un cante que se hizo baile. Suite de cantes<\/em><\/td>\n<td>Serata unica \u00b7 omaggio a Isabel Bay\u00f3n<\/td>\n<\/tr>\n<tr>\n<td><strong>Mer. 16<\/strong><\/td>\n<td>21:30<\/td>\n<td>Real Alc\u00e1zar<\/td>\n<td>Luis El Zambo, Dolores Agujetas, Antonio de la Malena, Manuel Valencia e Las Tatas de Jerez \u2014 <em>Xerezan\u00edas<\/em><\/td>\n<td>Serata unica<\/td>\n<\/tr>\n<tr>\n<td><strong>Mer. 16<\/strong><\/td>\n<td>22:30<\/td>\n<td>Teatro Alameda<\/td>\n<td>Jos\u00e9 del Tomate \u2014 <em>Sonanta 3.0<\/em><\/td>\n<td>Chitarra<\/td>\n<\/tr>\n<tr>\n<td><strong>Gio. 17<\/strong><\/td>\n<td>20:00<\/td>\n<td>Teatro Lope de Vega<\/td>\n<td>Arc\u00e1ngel \u2014 <em>La copla del cante<\/em><\/td>\n<td>Serata unica<\/td>\n<\/tr>\n<tr>\n<td><strong>Gio. 17<\/strong><\/td>\n<td>23:00<\/td>\n<td>Muelle de la Sal<\/td>\n<td>Remedios Amaya, La Fabi, Montse Cort\u00e9s e Josemi Carmona \u2014 <em>Mujeres Gitanas<\/em><\/td>\n<td>Serata unica<\/td>\n<\/tr>\n<tr>\n<td><strong>Ven. 18<\/strong><\/td>\n<td>19:00<\/td>\n<td>Espacio Turina<\/td>\n<td>Juan Requena \u2014 <em>Requeneando<\/em><\/td>\n<td>Chitarra<\/td>\n<\/tr>\n<tr>\n<td><strong>Ven. 18<\/strong><\/td>\n<td>20:00<\/td>\n<td>Teatro Lope de Vega<\/td>\n<td>Antonio Reyes \u2014 <em>Seis cuerdas, seis<\/em><\/td>\n<td>Serata unica<\/td>\n<\/tr>\n<tr>\n<td><strong>Ven. 18<\/strong><\/td>\n<td>23:00<\/td>\n<td>Muelle de la Sal<\/td>\n<td>75\u00ba anniversario della Pe\u00f1a El Pozo de las Penas \u2014 <em>Uvitas negras<\/em><\/td>\n<td>Serata unica<\/td>\n<\/tr>\n<tr>\n<td><strong>Sab. 19<\/strong><\/td>\n<td>12:00<\/td>\n<td>San Luis de los Franceses<\/td>\n<td>Alejandro Hurtado + Enrique Solin\u00eds \u2014 <em>Devenir de la guitarra<\/em><\/td>\n<td>Matin\u00e9e unica<\/td>\n<\/tr>\n<tr>\n<td><strong>Sab. 19<\/strong><\/td>\n<td>19:00<\/td>\n<td>Espacio Turina<\/td>\n<td>Mar\u00eda Mar\u00edn \u2014 <em>Las tres Mar\u00edas<\/em><\/td>\n<td>Prima assoluta<\/td>\n<\/tr>\n<tr>\n<td><strong>Sab. 19<\/strong><\/td>\n<td>20:00<\/td>\n<td>Teatro de la Maestranza<\/td>\n<td>Ca\u00f1izares &amp; ROSS \u2014 <em>Ca\u00f1izares sinf\u00f3nico<\/em><\/td>\n<td>Serata unica<\/td>\n<\/tr>\n<tr>\n<td><strong>Sab. 19<\/strong><\/td>\n<td>23:00<\/td>\n<td>Muelle de la Sal<\/td>\n<td>El Boquer\u00f3n, Carmen de la Jara, Curro Lucena, Jaime \u201cEl Parr\u00f3n\u201d, Joselete de Linares, Jos\u00e9 Sorroche, Paqui Corpas, El Pecas e Romerito de Jerez \u2014 <em>Andaluc\u00eda en el tiempo<\/em><\/td>\n<td>Serata unica<\/td>\n<\/tr>\n<tr>\n<td><strong>Dom. 20<\/strong><\/td>\n<td>12:00<\/td>\n<td>San Luis de los Franceses<\/td>\n<td>Alejandro Hurtado + Enrique Solin\u00eds \u2014 <em>Devenir de la guitarra<\/em><\/td>\n<td>Matin\u00e9e unica<\/td>\n<\/tr>\n<tr>\n<td><strong>Dom. 20<\/strong><\/td>\n<td>19:00<\/td>\n<td>Espacio Turina<\/td>\n<td>Manuel de la Luz &amp; Manuel Im\u00e1n \u2014 <em>Manos que hablan<\/em><\/td>\n<td>Serata unica<\/td>\n<\/tr>\n<tr>\n<td><strong>Dom. 20<\/strong><\/td>\n<td>20:00<\/td>\n<td>Teatro de la Maestranza<\/td>\n<td>Jos\u00e9 Merc\u00e9 \u2014 <em>Toquen a rebato<\/em><\/td>\n<td>Serata unica<\/td>\n<\/tr>\n<tr>\n<td><strong>Dom. 20<\/strong><\/td>\n<td>22:30<\/td>\n<td>Teatro Alameda<\/td>\n<td>Gal\u00e0 del circuito andaluso dei giovani artisti di flamenco<\/td>\n<td>Giovani artisti di flamenco<\/td>\n<\/tr>\n<\/tbody>\n<\/table>\n<\/div>\n<p><strong>Consiglio:<\/strong> non considerare questa tabella un itinerario. Diverse rappresentazioni si sovrappongono o lasciano troppo poco tempo per cambiare luogo. La selezione giornaliera che segue serve a evitare programmi impossibili.<\/p>\n<\/div><\/div><\/div><\/div><\/div><\/div><\/div><\/section><section class=\"l-section wpb_row height_huge color_alternate with_shape\"><div class=\"l-section-shape type_zigzag pos_top\" style=\"height:3vmin;\"><svg xmlns=\"http:\/\/www.w3.org\/2000\/svg\" viewBox=\"0 0 64 8\" preserveAspectRatio=\"none\" width=\"100%\" height=\"100%\">\r\n\t<path fill=\"currentColor\" d=\"M64 8 L0 8 L0 0 L20 7.9 L40 3 L48 5 L64 0 Z\"\/>\r\n<\/svg><\/div><div class=\"l-section-shape type_zigzag pos_bottom\" style=\"height:3vmin;\"><svg xmlns=\"http:\/\/www.w3.org\/2000\/svg\" viewBox=\"0 0 64 8\" preserveAspectRatio=\"none\" width=\"100%\" height=\"100%\">\r\n\t<path fill=\"currentColor\" d=\"M64 8 L0 8 L0 0 L20 7.9 L40 3 L48 5 L64 0 Z\"\/>\r\n<\/svg><\/div><div class=\"l-section-h i-cf\"><div class=\"g-cols vc_row via_flex valign_top type_default stacking_default\"><div class=\"vc_col-sm-6 wpb_column vc_column_container\"><div class=\"vc_column-inner\"><div class=\"wpb_wrapper\"><div class=\"wpb_text_column\"><div class=\"wpb_wrapper\"><h2 id=\"lunes-14\">Luned\u00ec 14: tre Biennali diverse in appena un\u2019ora<\/h2>\n<p>Il luned\u00ec propone una delle scelte pi\u00f9 nette dell\u2019intera settimana. Alle <strong>21:30<\/strong>, Israel Fern\u00e1ndez porta <em>De oro y marfil<\/em> al Real Alc\u00e1zar. Per chi privilegia il canto, la voce e una serata legata a uno degli spazi storici pi\u00f9 speciali dell\u2019edizione, \u00e8 la scelta naturale.<\/p>\n<p>Mezz\u2019ora dopo, alle <strong>22:00<\/strong>, Ana Morales offre la seconda rappresentazione di <em>Rapsodia. Fantas\u00eda subterr\u00e1nea<\/em> alla Real F\u00e1brica de Artiller\u00eda. \u00c8 una creazione coreografica concepita per uno spazio industriale singolare e rappresenta il percorso pi\u00f9 contemporaneo della serata.<\/p>\n<p>Alle <strong>22:30<\/strong>, Macarena L\u00f3pez presenta la prima di <em>Sobre todas las cosas<\/em> al Teatro Alameda, un\u2019occasione per scoprire una generazione pi\u00f9 giovane della danza all\u2019interno della Biennale.<\/p>\n<\/div><\/div><\/div><\/div><\/div><div class=\"vc_col-sm-6 wpb_column vc_column_container\"><div class=\"vc_column-inner\"><div class=\"wpb_wrapper\"><div class=\"wpb_text_column\"><div class=\"wpb_wrapper\"><h2>Cosa scegliere il luned\u00ec<\/h2>\n<p><strong>Israel Fern\u00e1ndez<\/strong> per il canto e un\u2019esperienza notturna all\u2019Alc\u00e1zar. <strong>Ana Morales<\/strong> per la creazione scenica, la ricerca e la danza contemporanea. <strong>Macarena L\u00f3pez<\/strong> per scoprire una proposta nuova e seguire da vicino il rinnovamento della danza.<\/p>\n<p>Non consigliamo di provare ad abbinare due dei tre spettacoli. Gli orari sono troppo vicini e i luoghi distanti. Il luned\u00ec \u00e8 una serata per <strong>scegliere bene un solo spettacolo<\/strong> e goderselo senza guardare l\u2019orologio.<\/p>\n<p>Per approfondire l\u2019Alc\u00e1zar, consulta la nostra guida al <a href=\"https:\/\/www.tablaosflamencos.com\/it\/flamenco-real-alcazar-biennale-siviglia-2026.html\"><strong>flamenco al Real Alc\u00e1zar durante la Biennale 2026<\/strong><\/a>.<\/p>\n<\/div><\/div><\/div><\/div><\/div><\/div><\/div><\/section><section class=\"l-section wpb_row height_huge\"><div class=\"l-section-h i-cf\"><div class=\"g-cols vc_row via_flex valign_top type_default stacking_default\"><div class=\"vc_col-sm-6 wpb_column vc_column_container\"><div class=\"vc_column-inner\"><div class=\"wpb_wrapper\"><div class=\"wpb_text_column\"><div class=\"wpb_wrapper\"><h2 id=\"martes-15\">Marted\u00ec 15: Rancapino Chico o una serata irripetibile dedicata a Isabel Bay\u00f3n<\/h2>\n<p>Alle <strong>21:30 al Real Alc\u00e1zar<\/strong>, Rancapino Chico presenta <em>Pizarra<\/em>, in prima assoluta. Una scelta particolarmente interessante per chi cerca una serata centrata su canto, tradizione e personalit\u00e0 artistica nella cornice dell\u2019Alc\u00e1zar.<\/p>\n<p>Un\u2019ora dopo, il <strong>Teatro Central<\/strong> ospita <em>Ep\u00edlogo de un cante que se hizo baile. Suite de cantes<\/em>, una serata unica dedicata a Isabel Bay\u00f3n con David Lagos, Miguel Ortega, Antonio Campos, Inma Rivero e Jos\u00e9 Luis Ortiz Nuevo.<\/p>\n<p>Pi\u00f9 che uno spettacolo convenzionale, questo secondo appuntamento \u00e8 un evento: riunisce voci e memoria attorno a una figura fondamentale della danza sivigliana.<\/p>\n<\/div><\/div><\/div><\/div><\/div><div class=\"vc_col-sm-6 wpb_column vc_column_container\"><div class=\"vc_column-inner\"><div class=\"wpb_wrapper\"><div class=\"wpb_text_column\"><div class=\"wpb_wrapper\"><h2>Due modi di ascoltare la memoria del flamenco<\/h2>\n<p>Il marted\u00ec non contrappone tanto tradizione e modernit\u00e0 quanto <strong>due modi di guardare alla memoria<\/strong>. Rancapino Chico lo fa attraverso un proprio recital; la serata del Central attraverso l\u2019omaggio e la costruzione collettiva.<\/p>\n<p>Gli orari rendono poco realistico assistere a entrambi. Se ti interessa soprattutto il canto di un artista preciso, scegli l\u2019Alc\u00e1zar. Se preferisci le serate uniche e le proposte che acquistano senso proprio all\u2019interno di una Biennale, il Central ha un valore speciale.<\/p>\n<p>Puoi consultare anche il nostro calendario delle <a href=\"https:\/\/www.tablaosflamencos.com\/it\/notti-uniche-biennale-flamenco-siviglia-2026.html\"><strong>serate uniche della Biennale 2026<\/strong><\/a>.<\/p>\n<\/div><\/div><\/div><\/div><\/div><\/div><\/div><\/section><section class=\"l-section wpb_row height_huge color_alternate with_shape\"><div class=\"l-section-shape type_zigzag pos_top\" style=\"height:3vmin;\"><svg xmlns=\"http:\/\/www.w3.org\/2000\/svg\" viewBox=\"0 0 64 8\" preserveAspectRatio=\"none\" width=\"100%\" height=\"100%\">\r\n\t<path fill=\"currentColor\" d=\"M64 8 L0 8 L0 0 L20 7.9 L40 3 L48 5 L64 0 Z\"\/>\r\n<\/svg><\/div><div class=\"l-section-shape type_zigzag pos_bottom\" style=\"height:3vmin;\"><svg xmlns=\"http:\/\/www.w3.org\/2000\/svg\" viewBox=\"0 0 64 8\" preserveAspectRatio=\"none\" width=\"100%\" height=\"100%\">\r\n\t<path fill=\"currentColor\" d=\"M64 8 L0 8 L0 0 L20 7.9 L40 3 L48 5 L64 0 Z\"\/>\r\n<\/svg><\/div><div class=\"l-section-h i-cf\"><div class=\"g-cols vc_row via_flex valign_top type_default stacking_default\"><div class=\"vc_col-sm-6 wpb_column vc_column_container\"><div class=\"vc_column-inner\"><div class=\"wpb_wrapper\"><div class=\"wpb_text_column\"><div class=\"wpb_wrapper\"><h2 id=\"miercoles-16\">Mercoled\u00ec 16: Jerez conquista l\u2019Alc\u00e1zar<\/h2>\n<p>L\u2019appuntamento del mercoled\u00ec al Real Alc\u00e1zar \u00e8 uno degli incontri di canto pi\u00f9 intensi della settimana. <em>Xerezan\u00edas<\/em> riunisce <strong>Luis El Zambo, Dolores Agujetas, Antonio de la Malena, Manuel Valencia e Las Tatas de Jerez<\/strong> in una serata unica che fa di Jerez il centro simbolico dell\u2019incontro.<\/p>\n<p>Per chi cerca canto, comp\u00e1s, genealogie artistiche e una riunione difficile da ripetere fuori dalla Biennale, \u00e8 uno dei consigli pi\u00f9 chiari per il periodo dal 14 al 20.<\/p>\n<\/div><\/div><\/div><\/div><\/div><div class=\"vc_col-sm-6 wpb_column vc_column_container\"><div class=\"vc_column-inner\"><div class=\"wpb_wrapper\"><div class=\"wpb_text_column\"><div class=\"wpb_wrapper\"><h2>22:30: Jos\u00e9 del Tomate e l\u2019alternativa della chitarra<\/h2>\n<p>Alle <strong>22:30 al Teatro Alameda<\/strong>, Jos\u00e9 del Tomate presenta <em>Sonanta 3.0<\/em>. L\u2019orario impedisce di vederlo integralmente dopo <em>Xerezan\u00edas<\/em>, quindi anche il mercoled\u00ec richiede una scelta di linguaggio artistico.<\/p>\n<p>Per una settimana dedicata alla chitarra, Jos\u00e9 del Tomate deve entrare nella lista. Per una serata di canto che difficilmente riunir\u00e0 ancora questa formazione in questo luogo, la nostra priorit\u00e0 sarebbe <em>Xerezan\u00edas<\/em>.<\/p>\n<p>Per approfondire entrambi i percorsi, consulta le nostre guide sul <a href=\"https:\/\/www.tablaosflamencos.com\/it\/cante-biennale-flamenco-siviglia-2026.html\"><strong>canto alla Biennale 2026<\/strong><\/a> e sulla <a href=\"https:\/\/www.tablaosflamencos.com\/it\/chitarra-biennale-flamenco-siviglia-2026-spettacoli-imperdibili.html\"><strong>chitarra alla Biennale<\/strong><\/a>.<\/p>\n<\/div><\/div><\/div><\/div><\/div><\/div><\/div><\/section><section class=\"l-section wpb_row height_huge\"><div class=\"l-section-h i-cf\"><div class=\"g-cols vc_row via_flex valign_top type_default stacking_default\"><div class=\"vc_col-sm-6 wpb_column vc_column_container\"><div class=\"vc_column-inner\"><div class=\"wpb_wrapper\"><div class=\"wpb_text_column\"><div class=\"wpb_wrapper\"><h2 id=\"jueves-17\">Gioved\u00ec 17: Arc\u00e1ngel apre la serata al Lope de Vega<\/h2>\n<p>Arc\u00e1ngel presenta <em>La copla del cante<\/em> alle <strong>20:00 al Teatro Lope de Vega<\/strong>. La proposta esplora la relazione storica tra flamenco e copla, un territorio frequentato da numerosi artisti del XX secolo e che qui diventa il punto di partenza per una serata unica.<\/p>\n<p>\u00c8 una buona scelta per chi desidera ascoltare canto in un grande teatro senza assistere a un recital convenzionale. La formazione comprende chitarra, cori e battiti ritmici delle mani, percussioni, tastiere, flauto, armonica e violino.<\/p>\n<\/div><\/div><\/div><\/div><\/div><div class=\"vc_col-sm-6 wpb_column vc_column_container\"><div class=\"vc_column-inner\"><div class=\"wpb_wrapper\"><div class=\"wpb_text_column\"><div class=\"wpb_wrapper\"><h2>23:00: Mujeres Gitanas inaugura il ciclo al Muelle de la Sal<\/h2>\n<p>Tre ore dopo comincia una delle sequenze pi\u00f9 attese della settimana: le serate trasferite dall\u2019Hotel Triana al <strong>Muelle de la Sal<\/strong>. La prima riunisce <strong>Remedios Amaya, La Fabi, Montse Cort\u00e9s e Josemi Carmona<\/strong> sotto il titolo <em>Mujeres Gitanas<\/em>.<\/p>\n<p>Arc\u00e1ngel e poi Muelle de la Sal sono, sulla carta, uno degli abbinamenti pi\u00f9 ragionevoli della settimana, ma non costituiscono un collegamento garantito: bisogna considerare la durata reale dello spettacolo, l\u2019uscita dal Lope e lo spostamento verso il nuovo luogo sul fiume, non verso l\u2019Hotel Triana.<\/p>\n<p>Per conoscere il contesto della sede originaria, consulta la nostra guida sulle <a href=\"https:\/\/www.tablaosflamencos.com\/it\/hotel-triana-biennale-flamenco-siviglia-2026.html\"><strong>tre serate della Biennale inizialmente previste nell\u2019antico cortile comunitario<\/strong><\/a>.<\/p>\n<\/div><\/div><\/div><\/div><\/div><\/div><\/div><\/section><section class=\"l-section wpb_row height_huge color_alternate with_shape\"><div class=\"l-section-shape type_zigzag pos_top\" style=\"height:3vmin;\"><svg xmlns=\"http:\/\/www.w3.org\/2000\/svg\" viewBox=\"0 0 64 8\" preserveAspectRatio=\"none\" width=\"100%\" height=\"100%\">\r\n\t<path fill=\"currentColor\" d=\"M64 8 L0 8 L0 0 L20 7.9 L40 3 L48 5 L64 0 Z\"\/>\r\n<\/svg><\/div><div class=\"l-section-shape type_zigzag pos_bottom\" style=\"height:3vmin;\"><svg xmlns=\"http:\/\/www.w3.org\/2000\/svg\" viewBox=\"0 0 64 8\" preserveAspectRatio=\"none\" width=\"100%\" height=\"100%\">\r\n\t<path fill=\"currentColor\" d=\"M64 8 L0 8 L0 0 L20 7.9 L40 3 L48 5 L64 0 Z\"\/>\r\n<\/svg><\/div><div class=\"l-section-h i-cf\"><div class=\"g-cols vc_row via_flex valign_top type_default stacking_default\"><div class=\"vc_col-sm-6 wpb_column vc_column_container\"><div class=\"vc_column-inner\"><div class=\"wpb_wrapper\"><div class=\"wpb_text_column\"><div class=\"wpb_wrapper\"><h2 id=\"viernes-18\">Venerd\u00ec 18: Juan Requena o Antonio Reyes<\/h2>\n<p>Il venerd\u00ec comincia alle <strong>19:00 all\u2019Espacio Turina<\/strong> con Juan Requena e <em>Requeneando<\/em>. Un\u2019ora dopo, Antonio Reyes presenta <em>Seis cuerdas, seis<\/em> al Lope de Vega, una serata unica che pone il cantaor davanti a sei chitarre e rende l\u2019accompagnamento centrale nel progetto.<\/p>\n<p>Gli orari rendono incompatibili le due proposte. Per un appassionato di chitarra che desidera seguire il programma di Turina, Juan Requena \u00e8 la scelta naturale. Per chi privilegia il canto e un formato eccezionale costruito attorno a diversi chitarristi, Antonio Reyes \u00e8 particolarmente interessante.<\/p>\n<\/div><\/div><\/div><\/div><\/div><div class=\"vc_col-sm-6 wpb_column vc_column_container\"><div class=\"vc_column-inner\"><div class=\"wpb_wrapper\"><div class=\"wpb_text_column\"><div class=\"wpb_wrapper\"><h2>23:00: i 75 anni della Pe\u00f1a El Pozo de las Penas<\/h2>\n<p>La seconda serata al Muelle de la Sal celebra il <strong>75\u00ba anniversario della Pe\u00f1a El Pozo de las Penas<\/strong> con <em>Uvitas negras<\/em>. La formazione riunisce Itoly de Los Palacios, Juan El Distinguido, Nene Escalera, Miguel Ortega, Jos\u00e9 \u00c1ngel Carmona, Juanelo, Anabel de Vico e Manuel Orta, accompagnati dalle chitarre di Ni\u00f1o Fraile e Salvador Guti\u00e9rrez.<\/p>\n<p>La direzione di Manuel Curao rafforza il carattere di incontro e memoria di una serata direttamente legata alla cultura delle associazioni flamencas. Pu\u00f2 essere un\u2019ottima conclusione dopo un pomeriggio di chitarra o dopo Antonio Reyes, purch\u00e9 durata e spostamento consentano di arrivare con un margine sufficiente.<\/p>\n<\/div><\/div><\/div><\/div><\/div><\/div><\/div><\/section><section class=\"l-section wpb_row height_huge\"><div class=\"l-section-h i-cf\"><div class=\"g-cols vc_row via_flex valign_top type_default stacking_default\"><div class=\"vc_col-sm-6 wpb_column vc_column_container\"><div class=\"vc_column-inner\"><div class=\"wpb_wrapper\"><div class=\"wpb_text_column\"><div class=\"wpb_wrapper\"><h2 id=\"sabado-19\">Sabato 19: la giornata pi\u00f9 completa della settimana<\/h2>\n<p>Il sabato permette di vivere la Biennale da mezzogiorno fino a dopo mezzanotte. Alle <strong>12:00 a San Luis de los Franceses<\/strong>, Alejandro Hurtado presenta <em>Devenir de la guitarra<\/em> con la collaborazione di Enrique Solin\u00eds. Il programma attraversa grana\u00edna, alegr\u00edas, farruca, seguiriya, zapateado e taranta; il dialogo con un musicista legato alla musica antica si inserisce particolarmente bene nello spazio barocco.<\/p>\n<p>Alle <strong>19:00 a Turina<\/strong>, Mar\u00eda Mar\u00edn presenta la prima di <em>Las tres Mar\u00edas<\/em>. Un\u2019ora dopo, al Maestranza, Ca\u00f1izares si unisce alla Real Orquesta Sinf\u00f3nica de Sevilla per <em>Ca\u00f1izares sinf\u00f3nico<\/em>.<\/p>\n<\/div><\/div><\/div><\/div><\/div><div class=\"vc_col-sm-6 wpb_column vc_column_container\"><div class=\"vc_column-inner\"><div class=\"wpb_wrapper\"><div class=\"wpb_text_column\"><div class=\"wpb_wrapper\"><h2>Ca\u00f1izares con la ROSS o Mar\u00eda Mar\u00edn: un\u2019altra scelta obbligata<\/h2>\n<p>Anche se gli spettacoli iniziano a un\u2019ora di distanza, abbinarli non \u00e8 realistico. Chi entra a vedere Mar\u00eda Mar\u00edn alle 19:00 non dovrebbe programmare di essere seduto al Maestranza alle 20:00.<\/p>\n<p><em>Ca\u00f1izares sinf\u00f3nico<\/em> \u00e8 una delle produzioni pi\u00f9 ampie della settimana: comprende il <em>Concierto Al-\u00c1ndalus<\/em>, dedicato alla memoria di Paco de Luc\u00eda, e il <em>Concierto Mediterr\u00e1neo<\/em>, dedicato a Joaqu\u00edn Rodrigo. Mar\u00eda Mar\u00edn offre invece una prima assoluta in uno spazio pi\u00f9 intimo.<\/p>\n<p>Alle <strong>23:00<\/strong>, <em>Andaluc\u00eda en el tiempo<\/em> chiude il ciclo al Muelle de la Sal con cantaores di diverse province andaluse e le chitarre di Eduardo Rebollar e Antonio Carri\u00f3n. \u00c8 una delle serate pi\u00f9 chiaramente concepite come una mappa territoriale del canto flamenco.<\/p>\n<\/div><\/div><\/div><\/div><\/div><\/div><\/div><\/section><section class=\"l-section wpb_row height_huge color_alternate with_shape\"><div class=\"l-section-shape type_zigzag pos_top\" style=\"height:3vmin;\"><svg xmlns=\"http:\/\/www.w3.org\/2000\/svg\" viewBox=\"0 0 64 8\" preserveAspectRatio=\"none\" width=\"100%\" height=\"100%\">\r\n\t<path fill=\"currentColor\" d=\"M64 8 L0 8 L0 0 L20 7.9 L40 3 L48 5 L64 0 Z\"\/>\r\n<\/svg><\/div><div class=\"l-section-shape type_zigzag pos_bottom\" style=\"height:3vmin;\"><svg xmlns=\"http:\/\/www.w3.org\/2000\/svg\" viewBox=\"0 0 64 8\" preserveAspectRatio=\"none\" width=\"100%\" height=\"100%\">\r\n\t<path fill=\"currentColor\" d=\"M64 8 L0 8 L0 0 L20 7.9 L40 3 L48 5 L64 0 Z\"\/>\r\n<\/svg><\/div><div class=\"l-section-h i-cf\"><div class=\"g-cols vc_row via_flex valign_top type_default stacking_default\"><div class=\"vc_col-sm-6 wpb_column vc_column_container\"><div class=\"vc_column-inner\"><div class=\"wpb_wrapper\"><div class=\"wpb_text_column\"><div class=\"wpb_wrapper\"><h2 id=\"domingo-20\">Domenica 20: una seconda occasione per la matin\u00e9e<\/h2>\n<p><em>Devenir de la guitarra<\/em> torna a San Luis de los Franceses alle <strong>12:00<\/strong>. Per chi non ha potuto partecipare il sabato, la domenica offre la stessa opportunit\u00e0 di ascoltare Alejandro Hurtado con Enrique Solin\u00eds in uno degli spazi pi\u00f9 singolari dell\u2019intera Biennale.<\/p>\n<p>Le <a href=\"https:\/\/www.tablaosflamencos.com\/it\/matinee-uniche-biennale-flamenco-siviglia-2026.html\"><strong>matin\u00e9e uniche<\/strong><\/a> sono anche un modo diverso di vivere il festival: separano il concerto dalla serata e permettono di godersi Siviglia tra uno spettacolo e l\u2019altro, senza concatenare orari impossibili.<\/p>\n<\/div><\/div><\/div><\/div><\/div><div class=\"vc_col-sm-6 wpb_column vc_column_container\"><div class=\"vc_column-inner\"><div class=\"wpb_wrapper\"><div class=\"wpb_text_column\"><div class=\"wpb_wrapper\"><h2>19:00, 20:00 e 22:30: chitarra, Jos\u00e9 Merc\u00e9 e nuova generazione<\/h2>\n<p>Alle <strong>19:00 a Turina<\/strong>, Manuel de la Luz e Manuel Im\u00e1n presentano <em>Manos que hablan<\/em>, una serata unica centrata sul dialogo di due chitarre e due percorsi artistici. Alle <strong>20:00 al Teatro de la Maestranza<\/strong>, Jos\u00e9 Merc\u00e9 presenta <em>Toquen a rebato<\/em>, uno dei grandi appuntamenti di canto dell\u2019edizione.<\/p>\n<p>Le due rappresentazioni si sovrappongono ed \u00e8 necessario scegliere. Per approfondire Jos\u00e9 Merc\u00e9, consulta il nostro articolo su <a href=\"https:\/\/www.tablaosflamencos.com\/it\/jose-merce-biennale-flamenco-2026-toquen-a-rebato.html\"><strong>Toquen a rebato alla Biennale 2026<\/strong><\/a>.<\/p>\n<p>Alle <strong>22:30<\/strong>, il Teatro Alameda ospita il Gal\u00e0 del circuito andaluso dei giovani artisti di flamenco, un\u2019ottima occasione per chiudere la settimana guardando a chi potrebbe essere protagonista delle prossime edizioni.<\/p>\n<\/div><\/div><\/div><\/div><\/div><\/div><\/div><\/section><section class=\"l-section wpb_row height_huge\"><div class=\"l-section-h i-cf\"><div class=\"g-cols vc_row via_flex valign_top type_default stacking_default\"><div class=\"vc_col-sm-12 wpb_column vc_column_container\"><div class=\"vc_column-inner\"><div class=\"wpb_wrapper\"><div class=\"wpb_text_column\"><div class=\"wpb_wrapper\"><h2 id=\"itinerarios-14-20\" style=\"text-align: center;\">Quattro itinerari consigliati dal 14 al 20 settembre<\/h2>\n<p style=\"text-align: center;\">Il modo migliore per sfruttare questa settimana \u00e8 scegliere un filo conduttore e lasciare margine per modificare il programma in base alla disponibilit\u00e0.<\/p>\n<\/div><\/div><div class=\"w-separator size_medium\"><\/div><div class=\"g-cols wpb_row via_flex valign_top type_default stacking_default\"><div class=\"vc_col-sm-3 wpb_column vc_column_container\"><div class=\"vc_column-inner\"><div class=\"wpb_wrapper\"><div class=\"wpb_text_column\"><div class=\"wpb_wrapper\"><h3>1. Canto e tradizione<\/h3>\n<p><strong>Lun.:<\/strong> Israel Fern\u00e1ndez<\/p>\n<p><strong>Mar.:<\/strong> Rancapino Chico<\/p>\n<p><strong>Mer.:<\/strong> Xerezan\u00edas<\/p>\n<p><strong>Gio.:<\/strong> Arc\u00e1ngel<\/p>\n<p><strong>Ven.:<\/strong> Antonio Reyes<\/p>\n<p><strong>Dom.:<\/strong> Jos\u00e9 Merc\u00e9<\/p>\n<p>Il percorso pi\u00f9 diretto per chi vuole mettere la voce al centro della settimana.<\/p>\n<\/div><\/div><\/div><\/div><\/div><div class=\"vc_col-sm-3 wpb_column vc_column_container\"><div class=\"vc_column-inner\"><div class=\"wpb_wrapper\"><div class=\"wpb_text_column\"><div class=\"wpb_wrapper\"><h3>2. Chitarra<\/h3>\n<p><strong>Mer.:<\/strong> Jos\u00e9 del Tomate<\/p>\n<p><strong>Ven.:<\/strong> Juan Requena<\/p>\n<p><strong>Sab.:<\/strong> Alejandro Hurtado o Ca\u00f1izares<\/p>\n<p><strong>Dom.:<\/strong> Manuel de la Luz &amp; Manuel Im\u00e1n<\/p>\n<p>Quattro modi molto diversi di ascoltare la chitarra flamenca, dal recital al formato sinfonico.<\/p>\n<\/div><\/div><\/div><\/div><\/div><div class=\"vc_col-sm-3 wpb_column vc_column_container\"><div class=\"vc_column-inner\"><div class=\"wpb_wrapper\"><div class=\"wpb_text_column\"><div class=\"wpb_wrapper\"><h3>3. Serate irripetibili<\/h3>\n<p><strong>Mar.:<\/strong> Omaggio a Isabel Bay\u00f3n<\/p>\n<p><strong>Gio.:<\/strong> Mujeres Gitanas<\/p>\n<p><strong>Ven.:<\/strong> Uvitas negras<\/p>\n<p><strong>Sab.:<\/strong> Andaluc\u00eda en el tiempo<\/p>\n<p>Il percorso pi\u00f9 legato al concetto di serata unica e al carattere eccezionale della Biennale.<\/p>\n<\/div><\/div><\/div><\/div><\/div><div class=\"vc_col-sm-3 wpb_column vc_column_container\"><div class=\"vc_column-inner\"><div class=\"wpb_wrapper\"><div class=\"wpb_text_column\"><div class=\"wpb_wrapper\"><h3>4. Scoperte<\/h3>\n<p><strong>Lun.:<\/strong> Macarena L\u00f3pez<\/p>\n<p><strong>Ven.:<\/strong> Juan Requena<\/p>\n<p><strong>Sab.:<\/strong> Mar\u00eda Mar\u00edn<\/p>\n<p><strong>Dom.:<\/strong> Gal\u00e0 dei giovani artisti di flamenco<\/p>\n<p>Per chi vuole andare oltre i nomi pi\u00f9 evidenti e scoprire nuove voci e nuovi linguaggi.<\/p>\n<\/div><\/div><\/div><\/div><\/div><\/div><\/div><\/div><\/div><\/div><\/div><\/section><section class=\"l-section wpb_row height_huge color_alternate with_shape\"><div class=\"l-section-shape type_zigzag pos_top\" style=\"height:3vmin;\"><svg xmlns=\"http:\/\/www.w3.org\/2000\/svg\" viewBox=\"0 0 64 8\" preserveAspectRatio=\"none\" width=\"100%\" height=\"100%\">\r\n\t<path fill=\"currentColor\" d=\"M64 8 L0 8 L0 0 L20 7.9 L40 3 L48 5 L64 0 Z\"\/>\r\n<\/svg><\/div><div class=\"l-section-shape type_zigzag pos_bottom\" style=\"height:3vmin;\"><svg xmlns=\"http:\/\/www.w3.org\/2000\/svg\" viewBox=\"0 0 64 8\" preserveAspectRatio=\"none\" width=\"100%\" height=\"100%\">\r\n\t<path fill=\"currentColor\" d=\"M64 8 L0 8 L0 0 L20 7.9 L40 3 L48 5 L64 0 Z\"\/>\r\n<\/svg><\/div><div class=\"l-section-h i-cf\"><div class=\"g-cols vc_row via_flex valign_top type_default stacking_default\"><div class=\"vc_col-sm-6 wpb_column vc_column_container\"><div class=\"vc_column-inner\"><div class=\"wpb_wrapper\"><div class=\"wpb_text_column\"><div class=\"wpb_wrapper\"><h2 id=\"perfiles-14-20\">Per la tua prima Biennale<\/h2>\n<p>Non serve costruire una settimana enciclopedica. Per una prima esperienza abbineremmo <strong>un grande nome, uno spazio storico e una serata unica<\/strong>. Per esempio: Israel Fern\u00e1ndez all\u2019Alc\u00e1zar, una serata al Muelle de la Sal e Jos\u00e9 Merc\u00e9 al Maestranza.<\/p>\n<p>Con queste tre esperienze emergono gi\u00e0 tre dimensioni molto diverse del festival: intimit\u00e0 del patrimonio storico, incontro flamenco notturno e grande teatro.<\/p>\n<p>Se uno spettacolo ufficiale \u00e8 esaurito, ricorda che durante la Biennale il flamenco continua ogni sera anche fuori dal programma del festival. La nostra guida su <a href=\"https:\/\/www.tablaosflamencos.com\/it\/flamenco-siviglia-biennale-2026-spettacoli-fuori-programma-ufficiale.html\"><strong>dove vedere flamenco a Siviglia durante la Biennale<\/strong><\/a> raccoglie alternative stabili.<\/p>\n<\/div><\/div><\/div><\/div><\/div><div class=\"vc_col-sm-6 wpb_column vc_column_container\"><div class=\"vc_column-inner\"><div class=\"wpb_wrapper\"><div class=\"wpb_text_column\"><div class=\"wpb_wrapper\"><h2>Per chi conosce gi\u00e0 bene il flamenco<\/h2>\n<p>Questa settimana offre proprio ci\u00f2 che spesso interessa maggiormente agli appassionati che non inseguono soltanto le locandine pi\u00f9 mediatiche: incontri difficili da ripetere, incroci generazionali e formati costruiti appositamente per la Biennale.<\/p>\n<p><em>Xerezan\u00edas<\/em>, l\u2019omaggio a Isabel Bay\u00f3n, le tre serate trasferite al Muelle de la Sal, <em>Seis cuerdas, seis<\/em> e <em>Devenir de la guitarra<\/em> sono buoni esempi. Invece di scegliere in base alla fama, ha senso privilegiare la <strong>singolarit\u00e0<\/strong>: quale spettacolo sarebbe pi\u00f9 difficile rivedere fuori da Siviglia e da queste date?<\/p>\n<\/div><\/div><\/div><\/div><\/div><\/div><\/div><\/section><section class=\"l-section wpb_row height_huge\"><div class=\"l-section-h i-cf\"><div class=\"g-cols vc_row via_flex valign_top type_default stacking_default\"><div class=\"vc_col-sm-6 wpb_column vc_column_container\"><div class=\"vc_column-inner\"><div class=\"wpb_wrapper\"><div class=\"wpb_text_column\"><div class=\"wpb_wrapper\"><h2>Per gli amanti della danza<\/h2>\n<p>Il luned\u00ec concentra le due proposte di danza pi\u00f9 evidenti della settimana. Ana Morales porta <em>Rapsodia. Fantas\u00eda subterr\u00e1nea<\/em> alla Real F\u00e1brica de Artiller\u00eda e Macarena L\u00f3pez presenta la prima di <em>Sobre todas las cosas<\/em> al Teatro Alameda.<\/p>\n<p>Sono due dimensioni diverse: una creatrice affermata in un progetto strettamente legato allo spazio e una proposta della nuova generazione in un teatro pi\u00f9 raccolto. Se il tuo viaggio alla Biennale ha la danza come priorit\u00e0, il luned\u00ec 14 va segnato fin dall\u2019inizio.<\/p>\n<p>Puoi completare la selezione con la nostra guida sulla <a href=\"https:\/\/www.tablaosflamencos.com\/it\/danza-biennale-flamenco-siviglia-2026.html\"><strong>danza alla Biennale 2026<\/strong><\/a>.<\/p>\n<\/div><\/div><\/div><\/div><\/div><div class=\"vc_col-sm-6 wpb_column vc_column_container\"><div class=\"vc_column-inner\"><div class=\"wpb_wrapper\"><div class=\"wpb_text_column\"><div class=\"wpb_wrapper\"><h2>Per scoprire Siviglia oltre al flamenco<\/h2>\n<p>Real Alc\u00e1zar, San Luis de los Franceses, Muelle de la Sal e Real F\u00e1brica de Artiller\u00eda permettono al luogo stesso di diventare parte dell\u2019esperienza. Un recital in un teatro convenzionale non \u00e8 come una matin\u00e9e in una chiesa barocca o una serata di canto accanto al Guadalquivir. Le tre serate inizialmente previste nel cortile comunitario dell\u2019Hotel Triana si terranno ora al Muelle de la Sal.<\/p>\n<p>Per un viaggio che combina patrimonio e Biennale, daremmo priorit\u00e0 ad almeno uno spettacolo in questi luoghi. La nostra guida agli <a href=\"https:\/\/www.tablaosflamencos.com\/it\/spazi-spettacolari-biennale-flamenco-siviglia-2026.html\"><strong>spazi pi\u00f9 spettacolari della Biennale<\/strong><\/a> pu\u00f2 aiutarti a decidere.<\/p>\n<\/div><\/div><\/div><\/div><\/div><\/div><\/div><\/section><section class=\"l-section wpb_row height_huge color_alternate with_shape\"><div class=\"l-section-shape type_zigzag pos_top\" style=\"height:3vmin;\"><svg xmlns=\"http:\/\/www.w3.org\/2000\/svg\" viewBox=\"0 0 64 8\" preserveAspectRatio=\"none\" width=\"100%\" height=\"100%\">\r\n\t<path fill=\"currentColor\" d=\"M64 8 L0 8 L0 0 L20 7.9 L40 3 L48 5 L64 0 Z\"\/>\r\n<\/svg><\/div><div class=\"l-section-shape type_zigzag pos_bottom\" style=\"height:3vmin;\"><svg xmlns=\"http:\/\/www.w3.org\/2000\/svg\" viewBox=\"0 0 64 8\" preserveAspectRatio=\"none\" width=\"100%\" height=\"100%\">\r\n\t<path fill=\"currentColor\" d=\"M64 8 L0 8 L0 0 L20 7.9 L40 3 L48 5 L64 0 Z\"\/>\r\n<\/svg><\/div><div class=\"l-section-h i-cf\"><div class=\"g-cols vc_row via_flex valign_top type_default stacking_default\"><div class=\"vc_col-sm-6 wpb_column vc_column_container\"><div class=\"vc_column-inner\"><div class=\"wpb_wrapper\"><div class=\"wpb_text_column\"><div class=\"wpb_wrapper\"><h2 id=\"logistica-14-20\">Gli abbinamenti ragionevoli<\/h2>\n<ul>\n<li><strong>Arc\u00e1ngel 20:00 + Muelle de la Sal 23:00:<\/strong> ragionevole se lo spettacolo termina con margine e riesci a uscire senza ritardi.<\/li>\n<li><strong>Antonio Reyes 20:00 + Muelle de la Sal 23:00:<\/strong> possibile in linea di principio, ma non garantito senza conoscere la durata reale.<\/li>\n<li><strong>Alejandro Hurtado 12:00 + uno spettacolo serale:<\/strong> un abbinamento comodo e consigliato.<\/li>\n<li><strong>Uno spettacolo nel tardo pomeriggio + Muelle de la Sal 23:00:<\/strong> in genere \u00e8 la struttura pi\u00f9 logica per gioved\u00ec, venerd\u00ec e sabato.<\/li>\n<li><strong>Jos\u00e9 Merc\u00e9 20:00 + Gal\u00e0 dei giovani 22:30:<\/strong> potrebbe lasciare troppo poco tempo; verifica durata e spostamento prima di programmarlo.<\/li>\n<\/ul>\n<\/div><\/div><\/div><\/div><\/div><div class=\"vc_col-sm-6 wpb_column vc_column_container\"><div class=\"vc_column-inner\"><div class=\"wpb_wrapper\"><div class=\"wpb_text_column\"><div class=\"wpb_wrapper\"><h2>Gli abbinamenti da evitare<\/h2>\n<ul>\n<li><strong>Israel Fern\u00e1ndez 21:30 + Ana Morales 22:00:<\/strong> incompatibili.<\/li>\n<li><strong>Ana Morales 22:00 + Macarena L\u00f3pez 22:30:<\/strong> incompatibili.<\/li>\n<li><strong>Rancapino Chico 21:30 + omaggio a Isabel Bay\u00f3n 22:30:<\/strong> sconsigliato.<\/li>\n<li><strong>Xerezan\u00edas 21:30 + Jos\u00e9 del Tomate 22:30:<\/strong> incompatibili.<\/li>\n<li><strong>Juan Requena 19:00 + Antonio Reyes 20:00:<\/strong> incompatibili.<\/li>\n<li><strong>Mar\u00eda Mar\u00edn 19:00 + Ca\u00f1izares 20:00:<\/strong> incompatibili.<\/li>\n<li><strong>Manuel de la Luz &amp; Manuel Im\u00e1n 19:00 + Jos\u00e9 Merc\u00e9 20:00:<\/strong> incompatibili.<\/li>\n<\/ul>\n<p>Alla Biennale \u00e8 meglio rinunciare a uno spettacolo sulla carta che perderne met\u00e0 nella realt\u00e0. Lascia margine per entrare con calma, uscire dal luogo e muoverti in una citt\u00e0 che a settembre mantiene una vivace attivit\u00e0 notturna.<\/p>\n<\/div><\/div><\/div><\/div><\/div><\/div><\/div><\/section><section class=\"l-section wpb_row height_huge\"><div class=\"l-section-h i-cf\"><div class=\"g-cols vc_row via_flex valign_top type_default stacking_default\"><div class=\"vc_col-sm-12 wpb_column vc_column_container\"><div class=\"vc_column-inner\"><div class=\"wpb_wrapper\"><div class=\"wpb_text_column\"><div class=\"wpb_wrapper\"><h2 style=\"text-align: center;\">La nostra selezione per chi pu\u00f2 assistere solo a quattro spettacoli<\/h2>\n<p style=\"text-align: center;\"><strong>Israel Fern\u00e1ndez<\/strong> al Real Alc\u00e1zar per la combinazione di canto e luogo; <strong>Xerezan\u00edas<\/strong> per il carattere irripetibile dell\u2019incontro di Jerez; una delle <strong>tre serate al Muelle de la Sal<\/strong> per l\u2019atmosfera e il concetto di serata unica; e <strong>Jos\u00e9 Merc\u00e9<\/strong> al Teatro de la Maestranza per concludere alla grande la domenica.<\/p>\n<p style=\"text-align: center;\">Per privilegiare la chitarra, sostituiremmo una o due di queste scelte con <strong>Alejandro Hurtado<\/strong> a San Luis e <strong>Ca\u00f1izares con la ROSS<\/strong>. Per la danza, il luned\u00ec dovrebbe ruotare attorno ad <strong>Ana Morales<\/strong> o a <strong>Macarena L\u00f3pez<\/strong>.<\/p>\n<\/div><\/div><div class=\"w-separator size_medium\"><\/div><div class=\"w-hwrapper valign_top wrap stack_on_mobiles align_center\" style=\"--hwrapper-gap:1.2rem\"><div class=\"w-btn-wrapper align_none\"><a class=\"w-btn us-btn-style_1\" href=\"https:\/\/www.tablaosflamencos.com\/it\/biennale-flamenco-siviglia\"><span class=\"w-btn-label\">Scopri la Biennale di Flamenco 2026<\/span><\/a><\/div><div class=\"w-btn-wrapper align_none\"><a class=\"w-btn us-btn-style_1\" href=\"https:\/\/www.tablaosflamencos.com\/it\/notti-uniche-biennale-flamenco-siviglia-2026.html\"><span class=\"w-btn-label\">Serate uniche 2026<\/span><\/a><\/div><div class=\"w-btn-wrapper align_none\"><a class=\"w-btn us-btn-style_1\" href=\"https:\/\/www.tablaosflamencos.com\/it\/flamenco-a-siviglia\"><span class=\"w-btn-label\">Vedere flamenco a Siviglia<\/span><\/a><\/div><\/div><\/div><\/div><\/div><\/div><\/div><\/section><section class=\"l-section wpb_row height_huge color_alternate with_shape\"><div class=\"l-section-shape type_zigzag pos_top\" style=\"height:3vmin;\"><svg xmlns=\"http:\/\/www.w3.org\/2000\/svg\" viewBox=\"0 0 64 8\" preserveAspectRatio=\"none\" width=\"100%\" height=\"100%\">\r\n\t<path fill=\"currentColor\" d=\"M64 8 L0 8 L0 0 L20 7.9 L40 3 L48 5 L64 0 Z\"\/>\r\n<\/svg><\/div><div class=\"l-section-shape type_zigzag pos_bottom\" style=\"height:3vmin;\"><svg xmlns=\"http:\/\/www.w3.org\/2000\/svg\" viewBox=\"0 0 64 8\" preserveAspectRatio=\"none\" width=\"100%\" height=\"100%\">\r\n\t<path fill=\"currentColor\" d=\"M64 8 L0 8 L0 0 L20 7.9 L40 3 L48 5 L64 0 Z\"\/>\r\n<\/svg><\/div><div class=\"l-section-h i-cf\"><div class=\"g-cols vc_row via_flex valign_top type_default stacking_default\"><div class=\"vc_col-sm-1\/5 wpb_column vc_column_container\"><div class=\"vc_column-inner\"><div class=\"wpb_wrapper\"><\/div><\/div><\/div><div class=\"vc_col-sm-3\/5 wpb_column vc_column_container\"><div class=\"vc_column-inner\"><div class=\"wpb_wrapper\"><div class=\"wpb_text_column\"><div class=\"wpb_wrapper\"><h2 id=\"faq-14-20\" style=\"text-align: center;\">Domande frequenti sulla Biennale dal 14 al 20 settembre<\/h2>\n<\/div><\/div><div class=\"w-separator size_medium\"><\/div><div class=\"w-tabs accordion toggle_style_1 has_scrolling\" style=\"--sections-title-size:inherit;--sections-gap:0.5rem;\"><div class=\"w-tabs-sections titles-align_none icon_chevron cpos_right\"><div class=\"w-tabs-section\" id=\"ddef\"><button type=\"button\" class=\"w-tabs-section-header\" aria-controls=\"content-ddef\" aria-expanded=\"false\"><div class=\"w-tabs-section-title\">Quanti spettacoli ci sono alla Biennale dal 14 al 20 settembre 2026?<\/div><div class=\"w-tabs-section-control\"><\/div><\/button><div  class=\"w-tabs-section-content\" id=\"content-ddef\"><div class=\"w-tabs-section-content-h i-cf\"><div class=\"wpb_text_column\"><div class=\"wpb_wrapper\"><p>Il programma ufficiale comprende <strong>20 rappresentazioni<\/strong> tra luned\u00ec 14 e domenica 20 settembre, contando le due rappresentazioni di <em>Devenir de la guitarra<\/em> di Alejandro Hurtado ed Enrique Solin\u00eds a San Luis de los Franceses.<\/p>\n<\/div><\/div><\/div><\/div><\/div><div class=\"w-tabs-section\" id=\"vf71\"><button type=\"button\" class=\"w-tabs-section-header\" aria-controls=\"content-vf71\" aria-expanded=\"false\"><div class=\"w-tabs-section-title\">Cosa c\u2019\u00e8 luned\u00ec 14 settembre?<\/div><div class=\"w-tabs-section-control\"><\/div><\/button><div  class=\"w-tabs-section-content\" id=\"content-vf71\"><div class=\"w-tabs-section-content-h i-cf\"><div class=\"wpb_text_column\"><div class=\"wpb_wrapper\"><p>Il luned\u00ec sono in programma Israel Fern\u00e1ndez con <em>De oro y marfil<\/em> al Real Alc\u00e1zar alle 21:30, Ana Morales con <em>Rapsodia. Fantas\u00eda subterr\u00e1nea<\/em> alla Real F\u00e1brica de Artiller\u00eda alle 22:00 e Macarena L\u00f3pez con <em>Sobre todas las cosas<\/em> al Teatro Alameda alle 22:30.<\/p>\n<\/div><\/div><\/div><\/div><\/div><div class=\"w-tabs-section\" id=\"i0d2\"><button type=\"button\" class=\"w-tabs-section-header\" aria-controls=\"content-i0d2\" aria-expanded=\"false\"><div class=\"w-tabs-section-title\">Quando si tengono le serate trasferite dall\u2019Hotel Triana al Muelle de la Sal?<\/div><div class=\"w-tabs-section-control\"><\/div><\/button><div  class=\"w-tabs-section-content\" id=\"content-i0d2\"><div class=\"w-tabs-section-content-h i-cf\"><div class=\"wpb_text_column\"><div class=\"wpb_wrapper\"><p>Il Muelle de la Sal \u00e8 la nuova sede di tre serate uniche consecutive, con date e orari invariati: <em>Mujeres Gitanas<\/em> gioved\u00ec 17, <em>Uvitas negras<\/em> venerd\u00ec 18 e <em>Andaluc\u00eda en el tiempo<\/em> sabato 19, tutte alle 23:00.<\/p>\n<\/div><\/div><\/div><\/div><\/div><div class=\"w-tabs-section\" id=\"h238\"><button type=\"button\" class=\"w-tabs-section-header\" aria-controls=\"content-h238\" aria-expanded=\"false\"><div class=\"w-tabs-section-title\">Quando canta Jos\u00e9 Merc\u00e9 alla Biennale 2026?<\/div><div class=\"w-tabs-section-control\"><\/div><\/button><div  class=\"w-tabs-section-content\" id=\"content-h238\"><div class=\"w-tabs-section-content-h i-cf\"><div class=\"wpb_text_column\"><div class=\"wpb_wrapper\"><p>Jos\u00e9 Merc\u00e9 presenta <em>Toquen a rebato<\/em> la <strong>domenica 20 settembre 2026 alle 20:00<\/strong> al Teatro de la Maestranza.<\/p>\n<\/div><\/div><\/div><\/div><\/div><div class=\"w-tabs-section\" id=\"y38c\"><button type=\"button\" class=\"w-tabs-section-header\" aria-controls=\"content-y38c\" aria-expanded=\"false\"><div class=\"w-tabs-section-title\">Quali concerti di chitarra spiccano questa settimana?<\/div><div class=\"w-tabs-section-control\"><\/div><\/button><div  class=\"w-tabs-section-content\" id=\"content-y38c\"><div class=\"w-tabs-section-content-h i-cf\"><div class=\"wpb_text_column\"><div class=\"wpb_wrapper\"><p>Tra gli appuntamenti principali ci sono Jos\u00e9 del Tomate mercoled\u00ec 16, Juan Requena venerd\u00ec 18, Alejandro Hurtado con Enrique Solin\u00eds sabato 19 e domenica 20, Ca\u00f1izares con la Real Orquesta Sinf\u00f3nica de Sevilla sabato 19 e Manuel de la Luz con Manuel Im\u00e1n domenica 20.<\/p>\n<\/div><\/div><\/div><\/div><\/div><div class=\"w-tabs-section\" id=\"d4ca\"><button type=\"button\" class=\"w-tabs-section-header\" aria-controls=\"content-d4ca\" aria-expanded=\"false\"><div class=\"w-tabs-section-title\">Ci sono matin\u00e9e tra il 14 e il 20 settembre?<\/div><div class=\"w-tabs-section-control\"><\/div><\/button><div  class=\"w-tabs-section-content\" id=\"content-d4ca\"><div class=\"w-tabs-section-content-h i-cf\"><div class=\"wpb_text_column\"><div class=\"wpb_wrapper\"><p>S\u00ec. Alejandro Hurtado, con la collaborazione di Enrique Solin\u00eds, presenta <em>Devenir de la guitarra<\/em> sabato 19 e domenica 20 alle 12:00 nella chiesa di San Luis de los Franceses.<\/p>\n<\/div><\/div><\/div><\/div><\/div><div class=\"w-tabs-section\" id=\"j60c\"><button type=\"button\" class=\"w-tabs-section-header\" aria-controls=\"content-j60c\" aria-expanded=\"false\"><div class=\"w-tabs-section-title\">Qual \u00e8 il giorno con pi\u00f9 rappresentazioni?<\/div><div class=\"w-tabs-section-control\"><\/div><\/button><div  class=\"w-tabs-section-content\" id=\"content-j60c\"><div class=\"w-tabs-section-content-h i-cf\"><div class=\"wpb_text_column\"><div class=\"wpb_wrapper\"><p>Sabato 19 e domenica 20 hanno quattro rappresentazioni ciascuno. Il sabato il programma si distribuisce tra San Luis, Turina, Maestranza e Muelle de la Sal; la domenica tra San Luis, Turina, Maestranza e Teatro Alameda.<\/p>\n<\/div><\/div><\/div><\/div><\/div><div class=\"w-tabs-section\" id=\"a74f\"><button type=\"button\" class=\"w-tabs-section-header\" aria-controls=\"content-a74f\" aria-expanded=\"false\"><div class=\"w-tabs-section-title\">Posso vedere pi\u00f9 spettacoli nello stesso giorno?<\/div><div class=\"w-tabs-section-control\"><\/div><\/button><div  class=\"w-tabs-section-content\" id=\"content-a74f\"><div class=\"w-tabs-section-content-h i-cf\"><div class=\"wpb_text_column\"><div class=\"wpb_wrapper\"><p>In alcuni casi s\u00ec, soprattutto abbinando una matin\u00e9e a uno spettacolo serale o una rappresentazione anticipata al Muelle de la Sal alle 23:00. Molti appuntamenti, per\u00f2, si sovrappongono. Non consigliamo di combinare spettacoli che iniziano a soli 30 o 60 minuti di distanza in luoghi diversi.<\/p>\n<\/div><\/div><\/div><\/div><\/div><div class=\"w-tabs-section\" id=\"y898\"><button type=\"button\" class=\"w-tabs-section-header\" aria-controls=\"content-y898\" aria-expanded=\"false\"><div class=\"w-tabs-section-title\">Dove si acquistano i biglietti?<\/div><div class=\"w-tabs-section-control\"><\/div><\/button><div  class=\"w-tabs-section-content\" id=\"content-y898\"><div class=\"w-tabs-section-content-h i-cf\"><div class=\"wpb_text_column\"><div class=\"wpb_wrapper\"><p>La scelta pi\u00f9 sicura \u00e8 consultare il <a href=\"https:\/\/www.labienal.com\/programa-general\" target=\"_blank\" rel=\"noopener\"><strong>programma ufficiale della Biennale<\/strong><\/a>, aprire la scheda dello spettacolo e utilizzare il canale ufficiale di vendita indicato. La disponibilit\u00e0 pu\u00f2 cambiare con l\u2019avvicinarsi delle date.<\/p>\n<\/div><\/div><\/div><\/div><\/div><\/div><\/div><\/div><\/div><\/div><div class=\"vc_col-sm-1\/5 wpb_column vc_column_container\"><div class=\"vc_column-inner\"><div class=\"wpb_wrapper\"><\/div><\/div><\/div><\/div><\/div><\/section>\n","protected":false},"excerpt":{"rendered":"<p>La guida alla Biennale di Flamenco di Siviglia dal 14 al 20 settembre 2026: programma completo, consigli giorno per giorno, itinerari e abbinamenti realistici.<\/p>\n","protected":false},"author":1,"featured_media":14743,"comment_status":"closed","ping_status":"closed","sticky":false,"template":"","format":"standard","meta":{"_acf_changed":false,"wpai_generated_summary":"","_ayudawp_aiss_exclude":false,"_ayudawp_aiss_exclude_summary":false,"_ayudawp_aiss_summary":"","_ayudawp_aiss_summary_provider":"","_ayudawp_aiss_summary_hash":"","footnotes":""},"categories":[1429],"tags":[1249,1250,1251,1252,1177,1253],"class_list":["post-14797","post","type-post","status-publish","format-standard","has-post-thumbnail","hentry","category-biennale-di-flamenco","tag-agenda-flamenca","tag-bienal-2026","tag-bienal-de-flamenco","tag-festivales-flamencos","tag-flamenco-en-sevilla","tag-sevilla"],"acf":[],"yoast_head":"<!-- This site is optimized with the Yoast SEO Premium plugin v28.4 (Yoast SEO v28.4) - https:\/\/yoast.com\/product\/yoast-seo-premium-wordpress\/ -->\n<title>Biennale di Siviglia: cosa vedere dal 14 al 20 settembre 2026<\/title>\n<meta name=\"description\" content=\"Il programma della Biennale di Flamenco di Siviglia dal 14 al 20 settembre 2026: 20 spettacoli, orari, consigli e itinerari senza sovrapposizioni.\" \/>\n<meta name=\"robots\" content=\"index, follow, max-snippet:-1, max-image-preview:large, max-video-preview:-1\" \/>\n<link rel=\"canonical\" href=\"https:\/\/www.tablaosflamencos.com\/it\/biennale-flamenco-siviglia-14-20-settembre-2026.html\" \/>\n<meta property=\"og:locale\" content=\"it_IT\" \/>\n<meta property=\"og:type\" content=\"article\" \/>\n<meta property=\"og:title\" content=\"Cosa vedere alla Biennale di Flamenco di Siviglia dal 14 al 20 settembre 2026\" \/>\n<meta property=\"og:description\" content=\"Il programma della Biennale di Flamenco di Siviglia dal 14 al 20 settembre 2026: 20 spettacoli, orari, consigli e itinerari senza sovrapposizioni.\" \/>\n<meta property=\"og:url\" content=\"https:\/\/www.tablaosflamencos.com\/it\/biennale-flamenco-siviglia-14-20-settembre-2026.html\" \/>\n<meta property=\"og:site_name\" content=\"Tablaos Flamencos\" \/>\n<meta property=\"article:publisher\" content=\"https:\/\/www.facebook.com\/tablaosflamencos\" \/>\n<meta property=\"article:published_time\" content=\"2026-09-05T11:34:33+00:00\" \/>\n<meta property=\"article:modified_time\" content=\"2026-09-05T14:29:51+00:00\" \/>\n<meta property=\"og:image\" content=\"https:\/\/www.tablaosflamencos.com\/wp-content\/uploads\/que-ver-en-la-bienal-del-14-al-20-de-septiembre-de-2026-01.webp\" \/>\n\t<meta property=\"og:image:width\" content=\"1672\" \/>\n\t<meta property=\"og:image:height\" content=\"941\" \/>\n\t<meta property=\"og:image:type\" content=\"image\/webp\" \/>\n<meta name=\"author\" content=\"Miguel Ortiz\" \/>\n<meta name=\"twitter:card\" content=\"summary_large_image\" \/>\n<meta name=\"twitter:creator\" content=\"@tablaosflamenco\" \/>\n<meta name=\"twitter:site\" content=\"@tablaosflamenco\" \/>\n<meta name=\"twitter:label1\" content=\"Scritto da\" \/>\n\t<meta name=\"twitter:data1\" content=\"Miguel Ortiz\" \/>\n\t<meta name=\"twitter:label2\" content=\"Tempo di lettura stimato\" \/>\n\t<meta name=\"twitter:data2\" content=\"24 minuti\" \/>\n<script type=\"application\/ld+json\" class=\"yoast-schema-graph\">{\"@context\":\"https:\\\/\\\/schema.org\",\"@graph\":[{\"@type\":\"Article\",\"@id\":\"https:\\\/\\\/www.tablaosflamencos.com\\\/it\\\/biennale-flamenco-siviglia-14-20-settembre-2026.html#article\",\"isPartOf\":{\"@id\":\"https:\\\/\\\/www.tablaosflamencos.com\\\/it\\\/biennale-flamenco-siviglia-14-20-settembre-2026.html\"},\"author\":{\"name\":\"Miguel Ortiz\",\"@id\":\"https:\\\/\\\/www.tablaosflamencos.com\\\/it#\\\/schema\\\/person\\\/e7a9ebe14eb75a52ceabfbffb3c54f5d\"},\"headline\":\"Cosa vedere alla Biennale di Flamenco di Siviglia dal 14 al 20 settembre 2026\",\"datePublished\":\"2026-09-05T11:34:33+00:00\",\"dateModified\":\"2026-09-05T14:29:51+00:00\",\"mainEntityOfPage\":{\"@id\":\"https:\\\/\\\/www.tablaosflamencos.com\\\/it\\\/biennale-flamenco-siviglia-14-20-settembre-2026.html\"},\"wordCount\":4890,\"publisher\":{\"@id\":\"https:\\\/\\\/www.tablaosflamencos.com\\\/it#organization\"},\"image\":{\"@id\":\"https:\\\/\\\/www.tablaosflamencos.com\\\/it\\\/biennale-flamenco-siviglia-14-20-settembre-2026.html#primaryimage\"},\"thumbnailUrl\":\"https:\\\/\\\/www.tablaosflamencos.com\\\/wp-content\\\/uploads\\\/que-ver-en-la-bienal-del-14-al-20-de-septiembre-de-2026-01.webp\",\"keywords\":[\"agenda flamenca\",\"Bienal 2026\",\"Bienal de Flamenco\",\"festivales flamencos\",\"flamenco en Sevilla\",\"sevilla\"],\"articleSection\":[\"Biennale di Flamenco\"],\"inLanguage\":\"it-IT\"},{\"@type\":\"WebPage\",\"@id\":\"https:\\\/\\\/www.tablaosflamencos.com\\\/it\\\/biennale-flamenco-siviglia-14-20-settembre-2026.html\",\"url\":\"https:\\\/\\\/www.tablaosflamencos.com\\\/it\\\/biennale-flamenco-siviglia-14-20-settembre-2026.html\",\"name\":\"Biennale di Siviglia: cosa vedere dal 14 al 20 settembre 2026\",\"isPartOf\":{\"@id\":\"https:\\\/\\\/www.tablaosflamencos.com\\\/it#website\"},\"primaryImageOfPage\":{\"@id\":\"https:\\\/\\\/www.tablaosflamencos.com\\\/it\\\/biennale-flamenco-siviglia-14-20-settembre-2026.html#primaryimage\"},\"image\":{\"@id\":\"https:\\\/\\\/www.tablaosflamencos.com\\\/it\\\/biennale-flamenco-siviglia-14-20-settembre-2026.html#primaryimage\"},\"thumbnailUrl\":\"https:\\\/\\\/www.tablaosflamencos.com\\\/wp-content\\\/uploads\\\/que-ver-en-la-bienal-del-14-al-20-de-septiembre-de-2026-01.webp\",\"datePublished\":\"2026-09-05T11:34:33+00:00\",\"dateModified\":\"2026-09-05T14:29:51+00:00\",\"description\":\"Il programma della Biennale di Flamenco di Siviglia dal 14 al 20 settembre 2026: 20 spettacoli, orari, consigli e itinerari senza sovrapposizioni.\",\"breadcrumb\":{\"@id\":\"https:\\\/\\\/www.tablaosflamencos.com\\\/it\\\/biennale-flamenco-siviglia-14-20-settembre-2026.html#breadcrumb\"},\"inLanguage\":\"it-IT\",\"potentialAction\":[{\"@type\":\"ReadAction\",\"target\":[\"https:\\\/\\\/www.tablaosflamencos.com\\\/it\\\/biennale-flamenco-siviglia-14-20-settembre-2026.html\"]}]},{\"@type\":\"ImageObject\",\"inLanguage\":\"it-IT\",\"@id\":\"https:\\\/\\\/www.tablaosflamencos.com\\\/it\\\/biennale-flamenco-siviglia-14-20-settembre-2026.html#primaryimage\",\"url\":\"https:\\\/\\\/www.tablaosflamencos.com\\\/wp-content\\\/uploads\\\/que-ver-en-la-bienal-del-14-al-20-de-septiembre-de-2026-01.webp\",\"contentUrl\":\"https:\\\/\\\/www.tablaosflamencos.com\\\/wp-content\\\/uploads\\\/que-ver-en-la-bienal-del-14-al-20-de-septiembre-de-2026-01.webp\",\"width\":1672,\"height\":941,\"caption\":\"Qu\u00e9 ver en la Bienal del 14 al 20 de septiembre de 2026\"},{\"@type\":\"BreadcrumbList\",\"@id\":\"https:\\\/\\\/www.tablaosflamencos.com\\\/it\\\/biennale-flamenco-siviglia-14-20-settembre-2026.html#breadcrumb\",\"itemListElement\":[{\"@type\":\"ListItem\",\"position\":1,\"name\":\"Home\",\"item\":\"https:\\\/\\\/www.tablaosflamencos.com\\\/it\"},{\"@type\":\"ListItem\",\"position\":2,\"name\":\"Cosa vedere alla Biennale di Flamenco di Siviglia dal 14 al 20 settembre 2026\"}]},{\"@type\":\"WebSite\",\"@id\":\"https:\\\/\\\/www.tablaosflamencos.com\\\/it#website\",\"url\":\"https:\\\/\\\/www.tablaosflamencos.com\\\/it\",\"name\":\"Tablaos Flamencos\",\"description\":\"Entradas para tablaos flamencos de Espa\u00f1a\",\"publisher\":{\"@id\":\"https:\\\/\\\/www.tablaosflamencos.com\\\/it#organization\"},\"alternateName\":\"Tablaos Flamencos\",\"potentialAction\":[{\"@type\":\"SearchAction\",\"target\":{\"@type\":\"EntryPoint\",\"urlTemplate\":\"https:\\\/\\\/www.tablaosflamencos.com\\\/it?s={search_term_string}\"},\"query-input\":{\"@type\":\"PropertyValueSpecification\",\"valueRequired\":true,\"valueName\":\"search_term_string\"}}],\"inLanguage\":\"it-IT\"},{\"@type\":[\"Organization\",\"Place\",\"EntertainmentBusiness\"],\"@id\":\"https:\\\/\\\/www.tablaosflamencos.com\\\/it#organization\",\"name\":\"Tablaos Flamencos\",\"alternateName\":\"Tablaos Flamencos\",\"url\":\"https:\\\/\\\/www.tablaosflamencos.com\\\/it\",\"logo\":{\"@id\":\"https:\\\/\\\/www.tablaosflamencos.com\\\/it\\\/biennale-flamenco-siviglia-14-20-settembre-2026.html#local-main-organization-logo\"},\"image\":{\"@id\":\"https:\\\/\\\/www.tablaosflamencos.com\\\/it\\\/biennale-flamenco-siviglia-14-20-settembre-2026.html#local-main-organization-logo\"},\"sameAs\":[\"https:\\\/\\\/www.facebook.com\\\/tablaosflamencos\",\"https:\\\/\\\/x.com\\\/tablaosflamenco\",\"https:\\\/\\\/mastodon.social\\\/@tablaosflamencos\",\"https:\\\/\\\/www.instagram.com\\\/tablaosflamencos\",\"https:\\\/\\\/tiktok.com\\\/@tablaosflamencos\",\"https:\\\/\\\/www.linkedin.com\\\/company\\\/109408238\\\/\"],\"description\":\"Venta de entradas para espect\u00e1culos flamencos\",\"legalName\":\"Tablaos Flamencos\",\"foundingDate\":\"2015-01-01\",\"numberOfEmployees\":{\"@type\":\"QuantitativeValue\",\"minValue\":\"1\",\"maxValue\":\"10\"},\"address\":{\"@id\":\"https:\\\/\\\/www.tablaosflamencos.com\\\/it\\\/biennale-flamenco-siviglia-14-20-settembre-2026.html#local-main-place-address\"},\"geo\":{\"@type\":\"GeoCoordinates\",\"latitude\":\"37.3868072\",\"longitude\":\"-5.993280299999999\"},\"telephone\":[\"+34623787787\"],\"contactPoint\":{\"@type\":\"ContactPoint\",\"telephone\":\"+34623787787\",\"email\":\"info@tablaosflamencos.com\"},\"openingHoursSpecification\":{\"@type\":\"OpeningHoursSpecification\",\"dayOfWeek\":[\"Monday\",\"Tuesday\",\"Wednesday\",\"Thursday\",\"Friday\",\"Saturday\",\"Sunday\"],\"opens\":\"00:00\",\"closes\":\"23:59\"},\"email\":\"info@tablaosflamencos.com\",\"priceRange\":\"$$$\",\"currenciesAccepted\":\"\u20ac\"},{\"@type\":\"Person\",\"@id\":\"https:\\\/\\\/www.tablaosflamencos.com\\\/it#\\\/schema\\\/person\\\/e7a9ebe14eb75a52ceabfbffb3c54f5d\",\"name\":\"Miguel Ortiz\",\"description\":\"Miguel Ortiz es un empresario flamenco, con una s\u00f3lida trayectoria dentro del sector. Ha presidido entidades culturales vinculadas al flamenco y, cuenta con un amplio recorrido profesional en la gesti\u00f3n y promoci\u00f3n de espect\u00e1culos y tablaos flamencos. Su pasi\u00f3n por la historia y el arte flamenco se refleja en cada art\u00edculo, donde combina experiencia, criterio y un profundo respeto por la tradici\u00f3n.\",\"sameAs\":[\"https:\\\/\\\/www.tablaosflamencos.com\",\"https:\\\/\\\/www.instagra.com\\\/miguelortizfe\",\"https:\\\/\\\/www.linkedin.com\\\/in\\\/miguelortizf\\\/\"],\"birthDate\":\"1984-11-22\",\"gender\":\"hombre\",\"knowsLanguage\":[\"espa\u00f1ol\",\"ingl\u00e9s\"],\"jobTitle\":\"Empresario flamenco\"},{\"@type\":\"PostalAddress\",\"@id\":\"https:\\\/\\\/www.tablaosflamencos.com\\\/it\\\/biennale-flamenco-siviglia-14-20-settembre-2026.html#local-main-place-address\",\"streetAddress\":\"C\\\/ Alemanes, 19\",\"addressLocality\":\"Sevilla\",\"postalCode\":\"41004\",\"addressRegion\":\"Sevilla\",\"addressCountry\":\"ES\"},{\"@type\":\"ImageObject\",\"inLanguage\":\"it-IT\",\"@id\":\"https:\\\/\\\/www.tablaosflamencos.com\\\/it\\\/biennale-flamenco-siviglia-14-20-settembre-2026.html#local-main-organization-logo\",\"url\":\"https:\\\/\\\/www.tablaosflamencos.com\\\/wp-content\\\/uploads\\\/tablaos-flamencos-06-3.webp\",\"contentUrl\":\"https:\\\/\\\/www.tablaosflamencos.com\\\/wp-content\\\/uploads\\\/tablaos-flamencos-06-3.webp\",\"width\":600,\"height\":620,\"caption\":\"Tablaos Flamencos\"}]}<\/script>\n<meta name=\"geo.placename\" content=\"Sevilla\" \/>\n<meta name=\"geo.position\" content=\"37.3868072;-5.993280299999999\" \/>\n<meta name=\"geo.region\" content=\"Spagna\" \/>\n<!-- \/ Yoast SEO Premium plugin. -->","yoast_head_json":{"title":"Biennale di Siviglia: cosa vedere dal 14 al 20 settembre 2026","description":"Il programma della Biennale di Flamenco di Siviglia dal 14 al 20 settembre 2026: 20 spettacoli, orari, consigli e itinerari senza sovrapposizioni.","robots":{"index":"index","follow":"follow","max-snippet":"max-snippet:-1","max-image-preview":"max-image-preview:large","max-video-preview":"max-video-preview:-1"},"canonical":"https:\/\/www.tablaosflamencos.com\/it\/biennale-flamenco-siviglia-14-20-settembre-2026.html","og_locale":"it_IT","og_type":"article","og_title":"Cosa vedere alla Biennale di Flamenco di Siviglia dal 14 al 20 settembre 2026","og_description":"Il programma della Biennale di Flamenco di Siviglia dal 14 al 20 settembre 2026: 20 spettacoli, orari, consigli e itinerari senza sovrapposizioni.","og_url":"https:\/\/www.tablaosflamencos.com\/it\/biennale-flamenco-siviglia-14-20-settembre-2026.html","og_site_name":"Tablaos Flamencos","article_publisher":"https:\/\/www.facebook.com\/tablaosflamencos","article_published_time":"2026-09-05T11:34:33+00:00","article_modified_time":"2026-09-05T14:29:51+00:00","og_image":[{"width":1672,"height":941,"url":"https:\/\/www.tablaosflamencos.com\/wp-content\/uploads\/que-ver-en-la-bienal-del-14-al-20-de-septiembre-de-2026-01.webp","type":"image\/webp"}],"author":"Miguel Ortiz","twitter_card":"summary_large_image","twitter_creator":"@tablaosflamenco","twitter_site":"@tablaosflamenco","twitter_misc":{"Scritto da":"Miguel Ortiz","Tempo di lettura stimato":"24 minuti"},"schema":{"@context":"https:\/\/schema.org","@graph":[{"@type":"Article","@id":"https:\/\/www.tablaosflamencos.com\/it\/biennale-flamenco-siviglia-14-20-settembre-2026.html#article","isPartOf":{"@id":"https:\/\/www.tablaosflamencos.com\/it\/biennale-flamenco-siviglia-14-20-settembre-2026.html"},"author":{"name":"Miguel Ortiz","@id":"https:\/\/www.tablaosflamencos.com\/it#\/schema\/person\/e7a9ebe14eb75a52ceabfbffb3c54f5d"},"headline":"Cosa vedere alla Biennale di Flamenco di Siviglia dal 14 al 20 settembre 2026","datePublished":"2026-09-05T11:34:33+00:00","dateModified":"2026-09-05T14:29:51+00:00","mainEntityOfPage":{"@id":"https:\/\/www.tablaosflamencos.com\/it\/biennale-flamenco-siviglia-14-20-settembre-2026.html"},"wordCount":4890,"publisher":{"@id":"https:\/\/www.tablaosflamencos.com\/it#organization"},"image":{"@id":"https:\/\/www.tablaosflamencos.com\/it\/biennale-flamenco-siviglia-14-20-settembre-2026.html#primaryimage"},"thumbnailUrl":"https:\/\/www.tablaosflamencos.com\/wp-content\/uploads\/que-ver-en-la-bienal-del-14-al-20-de-septiembre-de-2026-01.webp","keywords":["agenda flamenca","Bienal 2026","Bienal de Flamenco","festivales flamencos","flamenco en Sevilla","sevilla"],"articleSection":["Biennale di Flamenco"],"inLanguage":"it-IT"},{"@type":"WebPage","@id":"https:\/\/www.tablaosflamencos.com\/it\/biennale-flamenco-siviglia-14-20-settembre-2026.html","url":"https:\/\/www.tablaosflamencos.com\/it\/biennale-flamenco-siviglia-14-20-settembre-2026.html","name":"Biennale di Siviglia: cosa vedere dal 14 al 20 settembre 2026","isPartOf":{"@id":"https:\/\/www.tablaosflamencos.com\/it#website"},"primaryImageOfPage":{"@id":"https:\/\/www.tablaosflamencos.com\/it\/biennale-flamenco-siviglia-14-20-settembre-2026.html#primaryimage"},"image":{"@id":"https:\/\/www.tablaosflamencos.com\/it\/biennale-flamenco-siviglia-14-20-settembre-2026.html#primaryimage"},"thumbnailUrl":"https:\/\/www.tablaosflamencos.com\/wp-content\/uploads\/que-ver-en-la-bienal-del-14-al-20-de-septiembre-de-2026-01.webp","datePublished":"2026-09-05T11:34:33+00:00","dateModified":"2026-09-05T14:29:51+00:00","description":"Il programma della Biennale di Flamenco di Siviglia dal 14 al 20 settembre 2026: 20 spettacoli, orari, consigli e itinerari senza sovrapposizioni.","breadcrumb":{"@id":"https:\/\/www.tablaosflamencos.com\/it\/biennale-flamenco-siviglia-14-20-settembre-2026.html#breadcrumb"},"inLanguage":"it-IT","potentialAction":[{"@type":"ReadAction","target":["https:\/\/www.tablaosflamencos.com\/it\/biennale-flamenco-siviglia-14-20-settembre-2026.html"]}]},{"@type":"ImageObject","inLanguage":"it-IT","@id":"https:\/\/www.tablaosflamencos.com\/it\/biennale-flamenco-siviglia-14-20-settembre-2026.html#primaryimage","url":"https:\/\/www.tablaosflamencos.com\/wp-content\/uploads\/que-ver-en-la-bienal-del-14-al-20-de-septiembre-de-2026-01.webp","contentUrl":"https:\/\/www.tablaosflamencos.com\/wp-content\/uploads\/que-ver-en-la-bienal-del-14-al-20-de-septiembre-de-2026-01.webp","width":1672,"height":941,"caption":"Qu\u00e9 ver en la Bienal del 14 al 20 de septiembre de 2026"},{"@type":"BreadcrumbList","@id":"https:\/\/www.tablaosflamencos.com\/it\/biennale-flamenco-siviglia-14-20-settembre-2026.html#breadcrumb","itemListElement":[{"@type":"ListItem","position":1,"name":"Home","item":"https:\/\/www.tablaosflamencos.com\/it"},{"@type":"ListItem","position":2,"name":"Cosa vedere alla Biennale di Flamenco di Siviglia dal 14 al 20 settembre 2026"}]},{"@type":"WebSite","@id":"https:\/\/www.tablaosflamencos.com\/it#website","url":"https:\/\/www.tablaosflamencos.com\/it","name":"Tablaos Flamencos","description":"Entradas para tablaos flamencos de Espa\u00f1a","publisher":{"@id":"https:\/\/www.tablaosflamencos.com\/it#organization"},"alternateName":"Tablaos Flamencos","potentialAction":[{"@type":"SearchAction","target":{"@type":"EntryPoint","urlTemplate":"https:\/\/www.tablaosflamencos.com\/it?s={search_term_string}"},"query-input":{"@type":"PropertyValueSpecification","valueRequired":true,"valueName":"search_term_string"}}],"inLanguage":"it-IT"},{"@type":["Organization","Place","EntertainmentBusiness"],"@id":"https:\/\/www.tablaosflamencos.com\/it#organization","name":"Tablaos Flamencos","alternateName":"Tablaos Flamencos","url":"https:\/\/www.tablaosflamencos.com\/it","logo":{"@id":"https:\/\/www.tablaosflamencos.com\/it\/biennale-flamenco-siviglia-14-20-settembre-2026.html#local-main-organization-logo"},"image":{"@id":"https:\/\/www.tablaosflamencos.com\/it\/biennale-flamenco-siviglia-14-20-settembre-2026.html#local-main-organization-logo"},"sameAs":["https:\/\/www.facebook.com\/tablaosflamencos","https:\/\/x.com\/tablaosflamenco","https:\/\/mastodon.social\/@tablaosflamencos","https:\/\/www.instagram.com\/tablaosflamencos","https:\/\/tiktok.com\/@tablaosflamencos","https:\/\/www.linkedin.com\/company\/109408238\/"],"description":"Venta de entradas para espect\u00e1culos flamencos","legalName":"Tablaos Flamencos","foundingDate":"2015-01-01","numberOfEmployees":{"@type":"QuantitativeValue","minValue":"1","maxValue":"10"},"address":{"@id":"https:\/\/www.tablaosflamencos.com\/it\/biennale-flamenco-siviglia-14-20-settembre-2026.html#local-main-place-address"},"geo":{"@type":"GeoCoordinates","latitude":"37.3868072","longitude":"-5.993280299999999"},"telephone":["+34623787787"],"contactPoint":{"@type":"ContactPoint","telephone":"+34623787787","email":"info@tablaosflamencos.com"},"openingHoursSpecification":{"@type":"OpeningHoursSpecification","dayOfWeek":["Monday","Tuesday","Wednesday","Thursday","Friday","Saturday","Sunday"],"opens":"00:00","closes":"23:59"},"email":"info@tablaosflamencos.com","priceRange":"$$$","currenciesAccepted":"\u20ac"},{"@type":"Person","@id":"https:\/\/www.tablaosflamencos.com\/it#\/schema\/person\/e7a9ebe14eb75a52ceabfbffb3c54f5d","name":"Miguel Ortiz","description":"Miguel Ortiz es un empresario flamenco, con una s\u00f3lida trayectoria dentro del sector. Ha presidido entidades culturales vinculadas al flamenco y, cuenta con un amplio recorrido profesional en la gesti\u00f3n y promoci\u00f3n de espect\u00e1culos y tablaos flamencos. Su pasi\u00f3n por la historia y el arte flamenco se refleja en cada art\u00edculo, donde combina experiencia, criterio y un profundo respeto por la tradici\u00f3n.","sameAs":["https:\/\/www.tablaosflamencos.com","https:\/\/www.instagra.com\/miguelortizfe","https:\/\/www.linkedin.com\/in\/miguelortizf\/"],"birthDate":"1984-11-22","gender":"hombre","knowsLanguage":["espa\u00f1ol","ingl\u00e9s"],"jobTitle":"Empresario flamenco"},{"@type":"PostalAddress","@id":"https:\/\/www.tablaosflamencos.com\/it\/biennale-flamenco-siviglia-14-20-settembre-2026.html#local-main-place-address","streetAddress":"C\/ Alemanes, 19","addressLocality":"Sevilla","postalCode":"41004","addressRegion":"Sevilla","addressCountry":"ES"},{"@type":"ImageObject","inLanguage":"it-IT","@id":"https:\/\/www.tablaosflamencos.com\/it\/biennale-flamenco-siviglia-14-20-settembre-2026.html#local-main-organization-logo","url":"https:\/\/www.tablaosflamencos.com\/wp-content\/uploads\/tablaos-flamencos-06-3.webp","contentUrl":"https:\/\/www.tablaosflamencos.com\/wp-content\/uploads\/tablaos-flamencos-06-3.webp","width":600,"height":620,"caption":"Tablaos Flamencos"}]},"geo.placename":"Sevilla","geo.position":{"lat":"37.3868072","long":"-5.993280299999999"},"geo.region":"Spagna"},"_links":{"self":[{"href":"https:\/\/www.tablaosflamencos.com\/it\/wp-json\/wp\/v2\/posts\/14797","targetHints":{"allow":["GET"]}}],"collection":[{"href":"https:\/\/www.tablaosflamencos.com\/it\/wp-json\/wp\/v2\/posts"}],"about":[{"href":"https:\/\/www.tablaosflamencos.com\/it\/wp-json\/wp\/v2\/types\/post"}],"author":[{"embeddable":true,"href":"https:\/\/www.tablaosflamencos.com\/it\/wp-json\/wp\/v2\/users\/1"}],"replies":[{"embeddable":true,"href":"https:\/\/www.tablaosflamencos.com\/it\/wp-json\/wp\/v2\/comments?post=14797"}],"version-history":[{"count":7,"href":"https:\/\/www.tablaosflamencos.com\/it\/wp-json\/wp\/v2\/posts\/14797\/revisions"}],"predecessor-version":[{"id":14923,"href":"https:\/\/www.tablaosflamencos.com\/it\/wp-json\/wp\/v2\/posts\/14797\/revisions\/14923"}],"wp:featuredmedia":[{"embeddable":true,"href":"https:\/\/www.tablaosflamencos.com\/it\/wp-json\/wp\/v2\/media\/14743"}],"wp:attachment":[{"href":"https:\/\/www.tablaosflamencos.com\/it\/wp-json\/wp\/v2\/media?parent=14797"}],"wp:term":[{"taxonomy":"category","embeddable":true,"href":"https:\/\/www.tablaosflamencos.com\/it\/wp-json\/wp\/v2\/categories?post=14797"},{"taxonomy":"post_tag","embeddable":true,"href":"https:\/\/www.tablaosflamencos.com\/it\/wp-json\/wp\/v2\/tags?post=14797"}],"curies":[{"name":"wp","href":"https:\/\/api.w.org\/{rel}","templated":true}]}}