{"id":14790,"date":"2026-09-05T12:42:59","date_gmt":"2026-09-05T10:42:59","guid":{"rendered":"https:\/\/www.tablaosflamencos.com\/?p=14790"},"modified":"2026-09-05T14:11:59","modified_gmt":"2026-09-05T12:11:59","slug":"jerez-fusion-2026-date-programma","status":"publish","type":"post","link":"https:\/\/www.tablaosflamencos.com\/it\/jerez-fusion-2026-date-programma.html","title":{"rendered":"Jerez Fusi\u00f3n 2026: date, programma e tutto quello che devi sapere"},"content":{"rendered":"<section class=\"l-section wpb_row height_huge\"><div class=\"l-section-h i-cf\"><div class=\"g-cols vc_row via_flex valign_top type_default stacking_default\"><div class=\"vc_col-sm-6 wpb_column vc_column_container\"><div class=\"vc_column-inner\"><div class=\"wpb_wrapper\"><div class=\"wpb_text_column\"><div class=\"wpb_wrapper\"><h2>Jerez inaugura un nuovo festival di flamenco, musica e vino<\/h2>\n<p><strong>Jerez Fusi\u00f3n 2026<\/strong> celebra la sua prima edizione dal <strong>10 al 13 settembre 2026<\/strong> a Jerez de la Frontera. Il festival nasce con un&#8217;idea chiara: partire dal flamenco per metterlo in dialogo con altre musiche, la creazione contemporanea, l&#8217;industria culturale, il vino e il brandy di Jerez.<\/p>\n<p>Non sar\u00e0 un festival concentrato in un&#8217;unica sede. Il programma si distribuisce in <strong>oltre dieci spazi della citt\u00e0<\/strong> e combina concerti, showcase, masterclass, tavole rotonde, networking professionale, mostre, cinema, teatro e gastronomia.<\/p>\n<p>L&#8217;organizzazione \u00e8 affidata al <strong>Cl\u00faster Tur\u00edstico Destino Jerez<\/strong>, con il sostegno del Comune di Jerez e la collaborazione di FEDEJEREZ. Il progetto rientra inoltre nella strategia culturale legata a Jerez 2031 e nella costruzione di un&#8217;identit\u00e0 cittadina che colleghi flamenco, cultura e turismo.<\/p>\n<\/div><\/div><\/div><\/div><\/div><div class=\"vc_col-sm-6 wpb_column vc_column_container\"><div class=\"vc_column-inner\"><div class=\"wpb_wrapper\"><div class=\"wpb_text_column\"><div class=\"wpb_wrapper\"><h2>Date e informazioni essenziali su Jerez Fusi\u00f3n 2026<\/h2>\n<ul>\n<li><strong>Date:<\/strong> da gioved\u00ec 10 a domenica 13 settembre 2026.<\/li>\n<li><strong>Citt\u00e0:<\/strong> Jerez de la Frontera, provincia di Cadice.<\/li>\n<li><strong>Edizione:<\/strong> prima edizione.<\/li>\n<li><strong>Formato:<\/strong> musica + vino + citt\u00e0.<\/li>\n<li><strong>Artisti:<\/strong> oltre 12 nomi e progetti annunciati.<\/li>\n<li><strong>Spazi:<\/strong> oltre 10 luoghi.<\/li>\n<li><strong>Attivit\u00e0:<\/strong> concerti, showcase, masterclass, tavole rotonde, networking, mostre, cinema, teatro e gastronomia.<\/li>\n<li><strong>Gran finale:<\/strong> concerto ad Alameda Vieja con un omaggio ad Antonio de los R\u00edos \u201cEl Madriles\u201d e un&#8217;esibizione di Raimundo Amador.<\/li>\n<\/ul>\n<p>Il sito ufficiale utilizza il concetto <strong>Flamenco Global Experience<\/strong>, una definizione che riassume bene l&#8217;obiettivo: presentare un flamenco aperto agli incontri con jazz, blues, musiche del mondo, elettronica e nuove forme di produzione.<\/p>\n<\/div><\/div><\/div><\/div><\/div><\/div><\/div><\/section><section class=\"l-section wpb_row height_huge color_alternate with_shape\"><div class=\"l-section-shape type_zigzag pos_top hor_flip\" style=\"height:3vmin;\"><svg xmlns=\"http:\/\/www.w3.org\/2000\/svg\" viewBox=\"0 0 64 8\" preserveAspectRatio=\"none\" width=\"100%\" height=\"100%\">\r\n\t<path fill=\"currentColor\" d=\"M64 8 L0 8 L0 0 L20 7.9 L40 3 L48 5 L64 0 Z\"\/>\r\n<\/svg><\/div><div class=\"l-section-shape type_zigzag pos_bottom\" style=\"height:3vmin;\"><svg xmlns=\"http:\/\/www.w3.org\/2000\/svg\" viewBox=\"0 0 64 8\" preserveAspectRatio=\"none\" width=\"100%\" height=\"100%\">\r\n\t<path fill=\"currentColor\" d=\"M64 8 L0 8 L0 0 L20 7.9 L40 3 L48 5 L64 0 Z\"\/>\r\n<\/svg><\/div><div class=\"l-section-h i-cf\"><div class=\"g-cols vc_row via_flex valign_top type_default stacking_default\"><div class=\"vc_col-sm-12 wpb_column vc_column_container\"><div class=\"vc_column-inner\"><div class=\"wpb_wrapper\"><div class=\"wpb_text_column\"><div class=\"wpb_wrapper\"><blockquote>\n<p><strong>In sintesi:<\/strong> Jerez Fusi\u00f3n 2026 si svolge dal <strong>10 al 13 settembre<\/strong> in diversi spazi di Jerez de la Frontera. Il programma combina flamenco contemporaneo con jazz, blues, elettronica e altre musiche, oltre a vino, showcase, mostre e incontri professionali. Tra i nomi annunciati figurano Raimundo Amador, Tomasito, Diego Carrasco, Curro Carrasco, Luis de Perik\u00edn, Jos\u00e9 de los Camarones, Chico P\u00e9rez, Juan Diego Mateos e altri progetti di flamenco fusion.<\/p>\n<\/blockquote>\n<p><strong>Ultimo aggiornamento: 5 settembre 2026.<\/strong> Il programma pu\u00f2 subire modifiche di orari o sedi: conviene quindi controllare il sito ufficiale prima di partire.<\/p>\n<\/div><\/div><div class=\"w-separator size_medium\"><\/div><div class=\"w-hwrapper valign_top wrap stack_on_mobiles align_center\" style=\"--hwrapper-gap:1.2rem\"><div class=\"w-btn-wrapper align_none\"><a class=\"w-btn us-btn-style_1\" href=\"https:\/\/www.jerezfusion.com\/\"><span class=\"w-btn-label\">Sito ufficiale di Jerez Fusi\u00f3n<\/span><\/a><\/div><div class=\"w-btn-wrapper align_none\"><a class=\"w-btn us-btn-style_1\" href=\"https:\/\/www.tablaosflamencos.com\/it\/flamenco-a-jerez\"><span class=\"w-btn-label\">Vedi il flamenco a Jerez<\/span><\/a><\/div><\/div><\/div><\/div><\/div><\/div><\/div><\/section><section class=\"l-section wpb_row height_huge\"><div class=\"l-section-h i-cf\"><div class=\"g-cols vc_row via_flex valign_top type_default stacking_default\"><div class=\"vc_col-sm-3 wpb_column vc_column_container\"><div class=\"vc_column-inner\"><div class=\"wpb_wrapper\"><\/div><\/div><\/div><div class=\"vc_col-sm-6 wpb_column vc_column_container\"><div class=\"vc_column-inner\"><div class=\"wpb_wrapper\"><div class=\"wpb_text_column\"><div class=\"wpb_wrapper\"><h2>Contenuto di questa guida<\/h2>\n<ul>\n<li><a href=\"#que-es\">Che cos&#8217;\u00e8 Jerez Fusi\u00f3n<\/a><\/li>\n<li><a href=\"#jueves\">Programma di gioved\u00ec 10<\/a><\/li>\n<li><a href=\"#viernes\">Programma di venerd\u00ec 11<\/a><\/li>\n<li><a href=\"#sabado\">Programma di sabato 12<\/a><\/li>\n<li><a href=\"#domingo\">Programma di domenica 13<\/a><\/li>\n<li><a href=\"#artistas\">Artisti in evidenza<\/a><\/li>\n<li><a href=\"#espacios\">Spazi del festival<\/a><\/li>\n<li><a href=\"#profesional\">Networking e programma professionale<\/a><\/li>\n<li><a href=\"#vino\">Flamenco, vino e brandy di Jerez<\/a><\/li>\n<li><a href=\"#entradas\">Biglietti e accesso<\/a><\/li>\n<li><a href=\"#planificar\">Come organizzare la visita<\/a><\/li>\n<li><a href=\"#faq\">Domande frequenti<\/a><\/li>\n<\/ul>\n<\/div><\/div><div class=\"w-separator size_medium\"><\/div><div class=\"wpb_text_column\"><div class=\"wpb_wrapper\"><h2 id=\"que-es\">Che cos&#8217;\u00e8 Jerez Fusi\u00f3n?<\/h2>\n<p>Jerez Fusi\u00f3n non considera il flamenco un&#8217;arte chiusa o esclusivamente tradizionale. Il suo punto di partenza \u00e8 esattamente l&#8217;opposto: <strong>le radici come linguaggio capace di mescolarsi<\/strong>.<\/p>\n<p>Il festival vuole collegare il flamenco a jazz, blues, soul, hip-hop, elettronica e altre musiche contemporanee, mantenendo Jerez come centro di gravit\u00e0 culturale. La citt\u00e0 non funziona soltanto come palcoscenico: bodegas, sale, spazi culturali, strade e patrimonio fanno parte dell&#8217;esperienza.<\/p>\n<p>Questa dimensione urbana \u00e8 importante. In quattro giornate ci saranno programmazione artistica, attivit\u00e0 per il grande pubblico e incontri per artisti, manager, programmatori, festival, agenzie, media e professionisti dell&#8217;industria musicale.<\/p>\n<\/div><\/div><\/div><\/div><\/div><div class=\"vc_col-sm-3 wpb_column vc_column_container\"><div class=\"vc_column-inner\"><div class=\"wpb_wrapper\"><\/div><\/div><\/div><\/div><\/div><\/section><section class=\"l-section wpb_row height_huge color_alternate with_shape\"><div class=\"l-section-shape type_zigzag pos_top\" style=\"height:3vmin;\"><svg xmlns=\"http:\/\/www.w3.org\/2000\/svg\" viewBox=\"0 0 64 8\" preserveAspectRatio=\"none\" width=\"100%\" height=\"100%\">\r\n\t<path fill=\"currentColor\" d=\"M64 8 L0 8 L0 0 L20 7.9 L40 3 L48 5 L64 0 Z\"\/>\r\n<\/svg><\/div><div class=\"l-section-shape type_zigzag pos_bottom\" style=\"height:3vmin;\"><svg xmlns=\"http:\/\/www.w3.org\/2000\/svg\" viewBox=\"0 0 64 8\" preserveAspectRatio=\"none\" width=\"100%\" height=\"100%\">\r\n\t<path fill=\"currentColor\" d=\"M64 8 L0 8 L0 0 L20 7.9 L40 3 L48 5 L64 0 Z\"\/>\r\n<\/svg><\/div><div class=\"l-section-h i-cf\"><div class=\"g-cols vc_row via_flex valign_top type_default stacking_default\"><div class=\"vc_col-sm-6 wpb_column vc_column_container\"><div class=\"vc_column-inner\"><div class=\"wpb_wrapper\"><div class=\"wpb_text_column\"><div class=\"wpb_wrapper\"><h2 id=\"jueves\">Gioved\u00ec 10 settembre: apertura e prime fusioni<\/h2>\n<p>La prima giornata inizia con un programma pomeridiano e serale in diverse sale.<\/p>\n<p><strong>Cuarto Creciente \u00b7 19:00\u201321:00<\/strong><\/p>\n<ul>\n<li><strong>Borondo<\/strong>: una proposta che incrocia flamenco, musica classica e jazz.<\/li>\n<li><strong>Flamenco FC<\/strong>: uno sguardo giovane sul flamenco contemporaneo.<\/li>\n<\/ul>\n<p><strong>La Guarida del \u00c1ngel \u00b7 21:00\u201301:00<\/strong><\/p>\n<ul>\n<li><strong>Trilog<\/strong>: un incontro tra flamenco, jazz e musica hindustani.<\/li>\n<li><strong>Esther Weekes Triana Blues<\/strong>: un legame tra blues e flamenco.<\/li>\n<\/ul>\n<p>Il pomeriggio si completa con gli showcase. A <strong>Damajuana<\/strong>, alle 17:30, \u00e8 annunciato <strong>Naima Jazz<\/strong>. A <strong>El 55<\/strong> ci saranno appuntamenti pomeridiani e notturni con <strong>Jesule de la Tomasa<\/strong>, la sua band e un DJ set.<\/p>\n<\/div><\/div><\/div><\/div><\/div><div class=\"vc_col-sm-6 wpb_column vc_column_container\"><div class=\"vc_column-inner\"><div class=\"wpb_wrapper\"><div class=\"wpb_text_column\"><div class=\"wpb_wrapper\"><h2 id=\"viernes\">Venerd\u00ec 11: pianoforte, cante, chitarra e una notte di musica di Jerez<\/h2>\n<p>Venerd\u00ec amplia il ventaglio musicale e rafforza il programma professionale.<\/p>\n<p><strong>Cuarto Creciente \u00b7 19:00\u201321:00<\/strong><\/p>\n<ul>\n<li><strong>Chico P\u00e9rez<\/strong>: pianoforte in dialogo tra flamenco e jazz.<\/li>\n<li><strong>Juan Diego Mateos e Sole\u00e1 Gatica<\/strong>: una proposta di flamenco contemporaneo.<\/li>\n<\/ul>\n<p><strong>La Guarida del \u00c1ngel \u00b7 21:00\u201301:00<\/strong><\/p>\n<ul>\n<li><strong>Notte di flamenco fusion di Jerez<\/strong>.<\/li>\n<li><strong>Jos\u00e9 de los Camarones<\/strong>.<\/li>\n<li><strong>D\u2019Chipen \u2013 El Zambo<\/strong>.<\/li>\n<\/ul>\n<p>A Damajuana \u00e8 annunciato uno showcase di <strong>Johnny Ayuga<\/strong> alle 17:30, mentre El 55 propone un DJ set notturno.<\/p>\n<\/div><\/div><\/div><\/div><\/div><\/div><\/div><\/section><section class=\"l-section wpb_row height_huge\"><div class=\"l-section-h i-cf\"><div class=\"g-cols vc_row via_flex valign_top type_default stacking_default\"><div class=\"vc_col-sm-6 wpb_column vc_column_container\"><div class=\"vc_column-inner\"><div class=\"wpb_wrapper\"><div class=\"wpb_text_column\"><div class=\"wpb_wrapper\"><h2 id=\"sabado\">Sabato 12: grande serata di chiusura ad Alameda Vieja<\/h2>\n<p>Anche se il festival prosegue con attivit\u00e0 domenica 13, sabato ospita il grande concerto di chiusura musicale ad <strong>Alameda Vieja<\/strong>, a partire dalle <strong>21:00<\/strong>.<\/p>\n<p>La prima parte sar\u00e0 un <strong>omaggio ad Antonio de los R\u00edos \u201cEl Madriles\u201d<\/strong>, compositore e figura legata a numerosi artisti e progetti del flamenco di Jerez. Tra i nomi annunciati per questa celebrazione figurano <strong>Tomasito, Curro Carrasco, Luis de Perik\u00edn e Diego Carrasco<\/strong>, oltre ad altri partecipanti.<\/p>\n<p>Poi arriver\u00e0 uno dei nomi pi\u00f9 riconoscibili del cartellone: <strong>Raimundo Amador<\/strong> con il suo spettacolo <em>De Pata Negra a Raimundo<\/em>, un percorso attraverso la sua carriera e quello storico legame tra flamenco, blues e rock che ha segnato buona parte del suo lavoro.<\/p>\n<\/div><\/div><\/div><\/div><\/div><div class=\"vc_col-sm-6 wpb_column vc_column_container\"><div class=\"vc_column-inner\"><div class=\"wpb_wrapper\"><div class=\"wpb_text_column\"><div class=\"wpb_wrapper\"><h2 id=\"domingo\">Domenica 13: attivit\u00e0, mostre e un incontro di caj\u00f3n<\/h2>\n<p>Domenica \u00e8 la giornata finale e mantiene attivit\u00e0 aperte al pubblico durante il giorno.<\/p>\n<p>Tra le proposte annunciate compare un <strong>incontro collettivo di caj\u00f3n<\/strong> in <strong>Plaza del Arenal<\/strong>, previsto tra le <strong>12:30 e le 15:00<\/strong>.<\/p>\n<p>Durante la giornata proseguono inoltre le mostre legate al festival, tra cui un&#8217;esposizione dedicata a <strong>Fr\u00e9d\u00e9ric Deval<\/strong> alla Sherry Gallery e la mostra <strong>Flamencos<\/strong> al Centro Andaluz de Flamenco.<\/p>\n<p>Il formato della domenica rispecchia l&#8217;idea generale del festival: non limitare l&#8217;esperienza al concerto serale, ma estenderla agli spazi culturali e ai luoghi d&#8217;incontro della citt\u00e0.<\/p>\n<\/div><\/div><\/div><\/div><\/div><\/div><\/div><\/section><section class=\"l-section wpb_row height_huge color_alternate with_shape\"><div class=\"l-section-shape type_zigzag pos_top hor_flip\" style=\"height:3vmin;\"><svg xmlns=\"http:\/\/www.w3.org\/2000\/svg\" viewBox=\"0 0 64 8\" preserveAspectRatio=\"none\" width=\"100%\" height=\"100%\">\r\n\t<path fill=\"currentColor\" d=\"M64 8 L0 8 L0 0 L20 7.9 L40 3 L48 5 L64 0 Z\"\/>\r\n<\/svg><\/div><div class=\"l-section-shape type_zigzag pos_bottom\" style=\"height:3vmin;\"><svg xmlns=\"http:\/\/www.w3.org\/2000\/svg\" viewBox=\"0 0 64 8\" preserveAspectRatio=\"none\" width=\"100%\" height=\"100%\">\r\n\t<path fill=\"currentColor\" d=\"M64 8 L0 8 L0 0 L20 7.9 L40 3 L48 5 L64 0 Z\"\/>\r\n<\/svg><\/div><div class=\"l-section-h i-cf\"><div class=\"g-cols vc_row via_flex valign_top type_default stacking_default\"><div class=\"vc_col-sm-12 wpb_column vc_column_container\"><div class=\"vc_column-inner\"><div class=\"wpb_wrapper\"><div class=\"wpb_text_column\"><div class=\"wpb_wrapper\"><h2 id=\"artistas\" style=\"text-align: center;\">Artisti e progetti in evidenza a Jerez Fusi\u00f3n 2026<\/h2>\n<p>&nbsp;<\/p>\n<div style=\"overflow-x: auto;\">\n<table>\n<thead>\n<tr>\n<th>Artista \/ progetto<\/th>\n<th>Orientamento musicale<\/th>\n<th>Giornata<\/th>\n<\/tr>\n<\/thead>\n<tbody>\n<tr>\n<td>Raimundo Amador<\/td>\n<td>Flamenco, blues e rock<\/td>\n<td>Sabato 12<\/td>\n<\/tr>\n<tr>\n<td>Tomasito<\/td>\n<td>Flamenco di Jerez e fusion<\/td>\n<td>Sabato 12<\/td>\n<\/tr>\n<tr>\n<td>Diego Carrasco<\/td>\n<td>Radici del flamenco e sperimentazione<\/td>\n<td>Sabato 12<\/td>\n<\/tr>\n<tr>\n<td>Curro Carrasco<\/td>\n<td>Flamenco contemporaneo<\/td>\n<td>Sabato 12<\/td>\n<\/tr>\n<tr>\n<td>Luis de Perik\u00edn<\/td>\n<td>Comp\u00e1s e flamenco di Jerez<\/td>\n<td>Sabato 12<\/td>\n<\/tr>\n<tr>\n<td>Jos\u00e9 de los Camarones<\/td>\n<td>Cante e personalit\u00e0 di Jerez<\/td>\n<td>Venerd\u00ec 11<\/td>\n<\/tr>\n<tr>\n<td>Chico P\u00e9rez<\/td>\n<td>Pianoforte, flamenco e jazz<\/td>\n<td>Venerd\u00ec 11<\/td>\n<\/tr>\n<tr>\n<td>Juan Diego Mateos + Sole\u00e1 Gatica<\/td>\n<td>Flamenco contemporaneo<\/td>\n<td>Venerd\u00ec 11<\/td>\n<\/tr>\n<tr>\n<td>Borondo<\/td>\n<td>Flamenco, musica classica e jazz<\/td>\n<td>Gioved\u00ec 10<\/td>\n<\/tr>\n<tr>\n<td>Trilog<\/td>\n<td>Flamenco, jazz e musica hindustani<\/td>\n<td>Gioved\u00ec 10<\/td>\n<\/tr>\n<\/tbody>\n<\/table>\n<\/div>\n<\/div><\/div><\/div><\/div><\/div><\/div><\/div><\/section><section class=\"l-section wpb_row height_huge\"><div class=\"l-section-h i-cf\"><div class=\"g-cols vc_row via_flex valign_top type_default stacking_default\"><div class=\"vc_col-sm-6 wpb_column vc_column_container\"><div class=\"vc_column-inner\"><div class=\"wpb_wrapper\"><div class=\"wpb_text_column\"><div class=\"wpb_wrapper\"><h2 id=\"espacios\">Un festival diffuso a Jerez<\/h2>\n<p>Uno degli aspetti pi\u00f9 interessanti di Jerez Fusi\u00f3n \u00e8 il suo carattere diffuso. Tra gli spazi citati nel programma figurano:<\/p>\n<ul>\n<li><strong>Alameda Vieja<\/strong>, sede del grande concerto del sabato.<\/li>\n<li><strong>La Guarida del \u00c1ngel<\/strong>, sala storica legata al flamenco di Jerez.<\/li>\n<li><strong>Cuarto Creciente<\/strong>, con programmazione pomeridiana.<\/li>\n<li><strong>Damajuana<\/strong>, sede degli showcase.<\/li>\n<li><strong>El 55<\/strong>, con appuntamenti pomeridiani e notturni.<\/li>\n<li><strong>Sherry Gallery<\/strong>, legata alle mostre e al networking.<\/li>\n<li><strong>Consejo Regulador<\/strong>, sede delle attivit\u00e0 professionali.<\/li>\n<li><strong>Centro Andaluz de Flamenco<\/strong>, con contenuti espositivi.<\/li>\n<li><strong>Plaza del Arenal<\/strong>, con un&#8217;attivit\u00e0 di chiusura la domenica.<\/li>\n<\/ul>\n<p>Questo modello richiede di pianificare gli spostamenti, ma trasforma anche il festival in un modo per esplorare diverse anime di Jerez nella stessa giornata.<\/p>\n<\/div><\/div><\/div><\/div><\/div><div class=\"vc_col-sm-6 wpb_column vc_column_container\"><div class=\"vc_column-inner\"><div class=\"wpb_wrapper\"><div class=\"wpb_text_column\"><div class=\"wpb_wrapper\"><h2 id=\"profesional\">Networking e programma professionale<\/h2>\n<p>Jerez Fusi\u00f3n vuole essere anche un punto d&#8217;incontro per l&#8217;industria musicale. La registrazione professionale \u00e8 rivolta ad artisti, band, manager, agenzie di booking, festival, programmatori culturali, promotori, etichette, media, istituzioni e professionisti dell&#8217;audiovisivo e della creativit\u00e0.<\/p>\n<p>Le sessioni di <strong>networking e incontri d&#8217;affari<\/strong> sono annunciate per:<\/p>\n<ul>\n<li><strong>11 settembre<\/strong> alla Sherry Gallery.<\/li>\n<li><strong>12 settembre<\/strong> al Consejo Regulador.<\/li>\n<li><strong>Orario:<\/strong> dalle 13:00 alle 14:30.<\/li>\n<\/ul>\n<p>La partecipazione professionale richiede <strong>iscrizione anticipata e accreditamento<\/strong> e i posti sono limitati.<\/p>\n<\/div><\/div><\/div><\/div><\/div><\/div><\/div><\/section><section class=\"l-section wpb_row height_huge color_alternate with_shape\"><div class=\"l-section-shape type_zigzag pos_top\" style=\"height:3vmin;\"><svg xmlns=\"http:\/\/www.w3.org\/2000\/svg\" viewBox=\"0 0 64 8\" preserveAspectRatio=\"none\" width=\"100%\" height=\"100%\">\r\n\t<path fill=\"currentColor\" d=\"M64 8 L0 8 L0 0 L20 7.9 L40 3 L48 5 L64 0 Z\"\/>\r\n<\/svg><\/div><div class=\"l-section-shape type_zigzag pos_bottom\" style=\"height:3vmin;\"><svg xmlns=\"http:\/\/www.w3.org\/2000\/svg\" viewBox=\"0 0 64 8\" preserveAspectRatio=\"none\" width=\"100%\" height=\"100%\">\r\n\t<path fill=\"currentColor\" d=\"M64 8 L0 8 L0 0 L20 7.9 L40 3 L48 5 L64 0 Z\"\/>\r\n<\/svg><\/div><div class=\"l-section-h i-cf\"><div class=\"g-cols vc_row via_flex valign_top type_default stacking_default\"><div class=\"vc_col-sm-6 wpb_column vc_column_container\"><div class=\"vc_column-inner\"><div class=\"wpb_wrapper\"><div class=\"wpb_text_column\"><div class=\"wpb_wrapper\"><h2 id=\"vino\">Perch\u00e9 il vino fa parte del festival<\/h2>\n<p>Uno degli assi di Jerez Fusi\u00f3n \u00e8 il rapporto tra <strong>musica, vino e brandy<\/strong>. Non si tratta semplicemente di aggiungere un calice ai concerti: l&#8217;identit\u00e0 stessa del festival si costruisce attorno ai prodotti e agli spazi che fanno parte della cultura di Jerez.<\/p>\n<p>La collaborazione di FEDEJEREZ e la presenza di luoghi legati al settore vinicolo rafforzano questa idea. Il festival coincide inoltre con la parte finale delle <strong>Feste della Vendemmia di Jerez 2026<\/strong>, che terminano il 13 settembre.<\/p>\n<p>La visita pu\u00f2 quindi diventare facilmente un weekend pi\u00f9 ricco: flamenco, bodegas, gastronomia, patrimonio e attivit\u00e0 della vendemmia in parallelo.<\/p>\n<\/div><\/div><\/div><\/div><\/div><div class=\"vc_col-sm-6 wpb_column vc_column_container\"><div class=\"vc_column-inner\"><div class=\"wpb_wrapper\"><div class=\"wpb_text_column\"><div class=\"wpb_wrapper\"><h2 id=\"entradas\">Jerez Fusi\u00f3n 2026 \u00e8 gratuito? Biglietti e accesso<\/h2>\n<p>Buona parte della programmazione annunciata \u00e8 presentata come <strong>gratuita<\/strong>, compreso il grande concerto del sabato ad Alameda Vieja. Tuttavia, il festival combina molti formati e spazi e alcune attivit\u00e0 professionali richiedono iscrizione o accreditamento anticipati.<\/p>\n<p>Conviene quindi distinguere tre tipi di accesso:<\/p>\n<ul>\n<li><strong>Concerti e attivit\u00e0 aperte al pubblico:<\/strong> controllare le condizioni di capienza di ciascuno spazio.<\/li>\n<li><strong>Networking professionale:<\/strong> iscrizione anticipata e accreditamento.<\/li>\n<li><strong>Attivit\u00e0 specifiche:<\/strong> verificare la scheda ufficiale prima di partecipare.<\/li>\n<\/ul>\n<p>Non consigliamo di dare per scontato che tutti gli eventi prevedano le stesse modalit\u00e0 d&#8217;accesso. Il riferimento pi\u00f9 sicuro \u00e8 sempre il sito ufficiale del festival.<\/p>\n<\/div><\/div><\/div><\/div><\/div><\/div><\/div><\/section><section class=\"l-section wpb_row height_huge\"><div class=\"l-section-h i-cf\"><div class=\"g-cols vc_row via_flex valign_top type_default stacking_default\"><div class=\"vc_col-sm-6 wpb_column vc_column_container\"><div class=\"vc_column-inner\"><div class=\"wpb_wrapper\"><div class=\"wpb_text_column\"><div class=\"wpb_wrapper\"><h2 id=\"planificar\">Come organizzare una visita a Jerez Fusi\u00f3n<\/h2>\n<p>Se arrivi da fuori Jerez, la strategia migliore \u00e8 scegliere prima i concerti imperdibili e organizzare il resto della giornata attorno a essi.<\/p>\n<p><strong>Gioved\u00ec e venerd\u00ec:<\/strong> i concerti si distribuiscono soprattutto tra pomeriggio e sera, quindi puoi riservare la mattina al centro storico, a una visita in bodega o al Centro Andaluz de Flamenco.<\/p>\n<p><strong>Sabato:<\/strong> lascia un buon margine per arrivare in anticipo ad Alameda Vieja. \u00c8 la giornata capace di attirare pi\u00f9 pubblico, grazie all&#8217;omaggio a El Madriles e al concerto di Raimundo Amador.<\/p>\n<p><strong>Domenica:<\/strong> il programma diurno permette di combinare la chiusura del festival con le ultime attivit\u00e0 delle Feste della Vendemmia.<\/p>\n<p>Per vedere anche uno spettacolo di flamenco regolare, puoi consultare la nostra <a href=\"https:\/\/www.tablaosflamencos.com\/it\/flamenco-a-jerez\"><strong>guida al flamenco a Jerez<\/strong><\/a>. Jerez mantiene un&#8217;offerta flamenca al di fuori del festival e questo consente di prolungare il viaggio di uno o pi\u00f9 giorni.<\/p>\n<\/div><\/div><\/div><\/div><\/div><div class=\"vc_col-sm-6 wpb_column vc_column_container\"><div class=\"vc_column-inner\"><div class=\"wpb_wrapper\"><div class=\"wpb_text_column\"><div class=\"wpb_wrapper\"><h2>Jerez Fusi\u00f3n e l&#8217;identit\u00e0 flamenca della citt\u00e0<\/h2>\n<p>La scelta della fusion ha un significato particolare a Jerez: non nasce da una citt\u00e0 priva di tradizione che cerca di appropriarsi di un&#8217;etichetta flamenca. Jerez \u00e8 uno dei grandi territori storici del cante, della chitarra, del baile e del comp\u00e1s.<\/p>\n<p>Proprio per questo il dialogo con sonorit\u00e0 contemporanee pu\u00f2 essere ancora pi\u00f9 interessante: le radici sono presenti e riconoscibili. La domanda del festival non \u00e8 se Jerez abbia flamenco, ma <strong>che cosa possa fare oggi con tutto questo patrimonio<\/strong>.<\/p>\n<p>Chi desidera completare questo sguardo contemporaneo con altri contesti della citt\u00e0 pu\u00f2 leggere anche la nostra guida sul <a href=\"https:\/\/www.tablaosflamencos.com\/it\/flamenco-a-jerez-feria-del-caballo.html\"><strong>flamenco a Jerez durante la Feria del Caballo<\/strong><\/a>, in cui spieghiamo come la cultura flamenca si integri in altri grandi eventi di Jerez.<\/p>\n<\/div><\/div><\/div><\/div><\/div><\/div><\/div><\/section><section class=\"l-section wpb_row height_huge color_alternate with_shape\"><div class=\"l-section-shape type_zigzag pos_top hor_flip\" style=\"height:3vmin;\"><svg xmlns=\"http:\/\/www.w3.org\/2000\/svg\" viewBox=\"0 0 64 8\" preserveAspectRatio=\"none\" width=\"100%\" height=\"100%\">\r\n\t<path fill=\"currentColor\" d=\"M64 8 L0 8 L0 0 L20 7.9 L40 3 L48 5 L64 0 Z\"\/>\r\n<\/svg><\/div><div class=\"l-section-shape type_zigzag pos_bottom\" style=\"height:3vmin;\"><svg xmlns=\"http:\/\/www.w3.org\/2000\/svg\" viewBox=\"0 0 64 8\" preserveAspectRatio=\"none\" width=\"100%\" height=\"100%\">\r\n\t<path fill=\"currentColor\" d=\"M64 8 L0 8 L0 0 L20 7.9 L40 3 L48 5 L64 0 Z\"\/>\r\n<\/svg><\/div><div class=\"l-section-h i-cf\"><div class=\"g-cols vc_row via_flex valign_top type_default stacking_default\"><div class=\"vc_col-sm-12 wpb_column vc_column_container\"><div class=\"vc_column-inner\"><div class=\"wpb_wrapper\"><div class=\"wpb_text_column\"><div class=\"wpb_wrapper\"><h2 style=\"text-align: center;\">Una prima edizione che vuole guardare oltre il festival<\/h2>\n<p style=\"text-align: center;\">Jerez Fusi\u00f3n nasce con l&#8217;ambizione di un progetto cittadino. Non programma soltanto concerti: collega spazi, artisti, vino, industria musicale, turismo e patrimonio.<\/p>\n<p style=\"text-align: center;\">La chiave di questa prima edizione sar\u00e0 capire se questa combinazione funziona in modo naturale e se il festival pu\u00f2 consolidarsi come appuntamento annuale nel calendario flamenco nazionale.<\/p>\n<p style=\"text-align: center;\">Per il 2026, il motivo d&#8217;interesse \u00e8 gi\u00e0 chiaro: <strong>quattro giorni per vedere come Jerez mette le proprie radici del flamenco in dialogo con nuove musiche e nuovi pubblici<\/strong>.<\/p>\n<\/div><\/div><div class=\"w-separator size_medium\"><\/div><div class=\"w-hwrapper valign_top wrap stack_on_mobiles align_center\" style=\"--hwrapper-gap:1.2rem\"><div class=\"w-btn-wrapper align_none\"><a class=\"w-btn us-btn-style_1\" href=\"https:\/\/www.jerezfusion.com\/\"><span class=\"w-btn-label\">Consulta il programma aggiornato<\/span><\/a><\/div><div class=\"w-btn-wrapper align_none\"><a class=\"w-btn us-btn-style_1\" href=\"https:\/\/www.tablaosflamencos.com\/it\/flamenco-a-jerez\"><span class=\"w-btn-label\">Scopri il flamenco a Jerez<\/span><\/a><\/div><\/div><\/div><\/div><\/div><\/div><\/div><\/section><section class=\"l-section wpb_row height_huge with_shape\"><div class=\"l-section-shape type_zigzag pos_bottom\" style=\"height:3vmin;\"><svg xmlns=\"http:\/\/www.w3.org\/2000\/svg\" viewBox=\"0 0 64 8\" preserveAspectRatio=\"none\" width=\"100%\" height=\"100%\">\r\n\t<path fill=\"currentColor\" d=\"M64 8 L0 8 L0 0 L20 7.9 L40 3 L48 5 L64 0 Z\"\/>\r\n<\/svg><\/div><div class=\"l-section-h i-cf\"><div class=\"g-cols vc_row via_flex valign_top type_default stacking_default\"><div class=\"vc_col-sm-1\/5 wpb_column vc_column_container\"><div class=\"vc_column-inner\"><div class=\"wpb_wrapper\"><\/div><\/div><\/div><div class=\"vc_col-sm-3\/5 wpb_column vc_column_container\"><div class=\"vc_column-inner\"><div class=\"wpb_wrapper\"><div class=\"wpb_text_column\"><div class=\"wpb_wrapper\"><h2 id=\"faq\" style=\"text-align: center;\">Domande frequenti su Jerez Fusi\u00f3n 2026<\/h2>\n<\/div><\/div><div class=\"w-separator size_medium\"><\/div><div class=\"w-tabs accordion toggle_style_1 has_scrolling\" style=\"--sections-title-size:inherit;--sections-gap:0.5rem;\"><div class=\"w-tabs-sections titles-align_none icon_chevron cpos_right\"><div class=\"w-tabs-section\" id=\"fc83\"><button type=\"button\" class=\"w-tabs-section-header\" aria-controls=\"content-fc83\" aria-expanded=\"false\"><div class=\"w-tabs-section-title\">Quando si svolge Jerez Fusi\u00f3n 2026?<\/div><div class=\"w-tabs-section-control\"><\/div><\/button><div  class=\"w-tabs-section-content\" id=\"content-fc83\"><div class=\"w-tabs-section-content-h i-cf\"><div class=\"wpb_text_column\"><div class=\"wpb_wrapper\"><p>Jerez Fusi\u00f3n 2026 si svolge da gioved\u00ec 10 a domenica 13 settembre 2026 a Jerez de la Frontera.<\/p>\n<\/div><\/div><\/div><\/div><\/div><div class=\"w-tabs-section\" id=\"rde2\"><button type=\"button\" class=\"w-tabs-section-header\" aria-controls=\"content-rde2\" aria-expanded=\"false\"><div class=\"w-tabs-section-title\">\u00c8 la prima edizione di Jerez Fusi\u00f3n?<\/div><div class=\"w-tabs-section-control\"><\/div><\/button><div  class=\"w-tabs-section-content\" id=\"content-rde2\"><div class=\"w-tabs-section-content-h i-cf\"><div class=\"wpb_text_column\"><div class=\"wpb_wrapper\"><p>S\u00ec. L&#8217;edizione 2026 \u00e8 la prima di Jerez Fusi\u00f3n, un progetto promosso dal Cl\u00faster Tur\u00edstico Destino Jerez con il sostegno del Comune e la collaborazione di FEDEJEREZ.<\/p>\n<\/div><\/div><\/div><\/div><\/div><div class=\"w-tabs-section\" id=\"nf2d\"><button type=\"button\" class=\"w-tabs-section-header\" aria-controls=\"content-nf2d\" aria-expanded=\"false\"><div class=\"w-tabs-section-title\">Che tipo di musica ci sar\u00e0 al festival?<\/div><div class=\"w-tabs-section-control\"><\/div><\/button><div  class=\"w-tabs-section-content\" id=\"content-nf2d\"><div class=\"w-tabs-section-content-h i-cf\"><div class=\"wpb_text_column\"><div class=\"wpb_wrapper\"><p>Il flamenco \u00e8 il punto di partenza, ma il programma esplora incroci con jazz, blues, rock, musica classica, musiche del mondo e proposte contemporanee.<\/p>\n<\/div><\/div><\/div><\/div><\/div><div class=\"w-tabs-section\" id=\"t094\"><button type=\"button\" class=\"w-tabs-section-header\" aria-controls=\"content-t094\" aria-expanded=\"false\"><div class=\"w-tabs-section-title\">Quali artisti spiccano a Jerez Fusi\u00f3n 2026?<\/div><div class=\"w-tabs-section-control\"><\/div><\/button><div  class=\"w-tabs-section-content\" id=\"content-t094\"><div class=\"w-tabs-section-content-h i-cf\"><div class=\"wpb_text_column\"><div class=\"wpb_wrapper\"><p>Tra i nomi annunciati figurano Raimundo Amador, Tomasito, Diego Carrasco, Curro Carrasco, Luis de Perik\u00edn, Jos\u00e9 de los Camarones, Chico P\u00e9rez, Juan Diego Mateos, Sole\u00e1 Gatica, Borondo, Trilog e altri progetti.<\/p>\n<\/div><\/div><\/div><\/div><\/div><div class=\"w-tabs-section\" id=\"j1d0\"><button type=\"button\" class=\"w-tabs-section-header\" aria-controls=\"content-j1d0\" aria-expanded=\"false\"><div class=\"w-tabs-section-title\">Dove si terr\u00e0 il concerto principale di Jerez Fusi\u00f3n?<\/div><div class=\"w-tabs-section-control\"><\/div><\/button><div  class=\"w-tabs-section-content\" id=\"content-j1d0\"><div class=\"w-tabs-section-content-h i-cf\"><div class=\"wpb_text_column\"><div class=\"wpb_wrapper\"><p>Il grande concerto di sabato 12 \u00e8 annunciato ad Alameda Vieja, con un omaggio ad Antonio de los R\u00edos \u201cEl Madriles\u201d e chiusura di Raimundo Amador con De Pata Negra a Raimundo.<\/p>\n<\/div><\/div><\/div><\/div><\/div><div class=\"w-tabs-section\" id=\"x30a\"><button type=\"button\" class=\"w-tabs-section-header\" aria-controls=\"content-x30a\" aria-expanded=\"false\"><div class=\"w-tabs-section-title\">Jerez Fusi\u00f3n 2026 \u00e8 gratuito?<\/div><div class=\"w-tabs-section-control\"><\/div><\/button><div  class=\"w-tabs-section-content\" id=\"content-x30a\"><div class=\"w-tabs-section-content-h i-cf\"><div class=\"wpb_text_column\"><div class=\"wpb_wrapper\"><p>Buona parte della programmazione pubblica annunciata \u00e8 gratuita, anche se alcune attivit\u00e0 professionali richiedono iscrizione e accreditamento. Conviene verificare le condizioni specifiche di ogni attivit\u00e0 sul sito ufficiale.<\/p>\n<\/div><\/div><\/div><\/div><\/div><div class=\"w-tabs-section\" id=\"q476\"><button type=\"button\" class=\"w-tabs-section-header\" aria-controls=\"content-q476\" aria-expanded=\"false\"><div class=\"w-tabs-section-title\">Ci sono attivit\u00e0 per i professionisti del flamenco e della musica?<\/div><div class=\"w-tabs-section-control\"><\/div><\/button><div  class=\"w-tabs-section-content\" id=\"content-q476\"><div class=\"w-tabs-section-content-h i-cf\"><div class=\"wpb_text_column\"><div class=\"wpb_wrapper\"><p>S\u00ec. Il festival include networking e incontri d&#8217;affari per artisti, manager, agenzie, festival, programmatori, promotori, etichette, media e istituzioni. Le sessioni principali sono annunciate per l&#8217;11 e il 12 settembre.<\/p>\n<\/div><\/div><\/div><\/div><\/div><div class=\"w-tabs-section\" id=\"w5db\"><button type=\"button\" class=\"w-tabs-section-header\" aria-controls=\"content-w5db\" aria-expanded=\"false\"><div class=\"w-tabs-section-title\">Che rapporto ha il festival con il vino di Jerez?<\/div><div class=\"w-tabs-section-control\"><\/div><\/button><div  class=\"w-tabs-section-content\" id=\"content-w5db\"><div class=\"w-tabs-section-content-h i-cf\"><div class=\"wpb_text_column\"><div class=\"wpb_wrapper\"><p>Il concetto del festival combina musica, vino e citt\u00e0. Vino e brandy fanno parte dell&#8217;identit\u00e0 del progetto e l&#8217;organizzazione conta sulla collaborazione di FEDEJEREZ.<\/p>\n<\/div><\/div><\/div><\/div><\/div><div class=\"w-tabs-section\" id=\"d71d\"><button type=\"button\" class=\"w-tabs-section-header\" aria-controls=\"content-d71d\" aria-expanded=\"false\"><div class=\"w-tabs-section-title\">Jerez Fusi\u00f3n coincide con le Feste della Vendemmia?<\/div><div class=\"w-tabs-section-control\"><\/div><\/button><div  class=\"w-tabs-section-content\" id=\"content-d71d\"><div class=\"w-tabs-section-content-h i-cf\"><div class=\"wpb_text_column\"><div class=\"wpb_wrapper\"><p>S\u00ec. Le Feste della Vendemmia di Jerez 2026 proseguono fino al 13 settembre, quindi i quattro giorni di Jerez Fusi\u00f3n coincidono con la loro parte finale.<\/p>\n<\/div><\/div><\/div><\/div><\/div><div class=\"w-tabs-section\" id=\"k886\"><button type=\"button\" class=\"w-tabs-section-header\" aria-controls=\"content-k886\" aria-expanded=\"false\"><div class=\"w-tabs-section-title\">Dove posso controllare eventuali modifiche dell&#8217;ultimo minuto?<\/div><div class=\"w-tabs-section-control\"><\/div><\/button><div  class=\"w-tabs-section-content\" id=\"content-k886\"><div class=\"w-tabs-section-content-h i-cf\"><div class=\"wpb_text_column\"><div class=\"wpb_wrapper\"><p>La fonte principale \u00e8 il sito ufficiale jerezfusion.com. Trattandosi di un festival distribuito in diversi spazi, \u00e8 consigliabile controllare l\u00ec orari, accessi e modifiche prima di spostarsi.<\/p>\n<\/div><\/div><\/div><\/div><\/div><\/div><\/div><\/div><\/div><\/div><div class=\"vc_col-sm-1\/5 wpb_column vc_column_container\"><div class=\"vc_column-inner\"><div class=\"wpb_wrapper\"><\/div><\/div><\/div><\/div><\/div><\/section>\n","protected":false},"excerpt":{"rendered":"<p>La guida completa a Jerez Fusi\u00f3n 2026: date, programma, artisti, luoghi, concerti, attivit\u00e0 professionali, vino, biglietti e consigli per vivere il festival.<\/p>\n","protected":false},"author":1,"featured_media":14719,"comment_status":"closed","ping_status":"closed","sticky":false,"template":"","format":"standard","meta":{"_acf_changed":false,"wpai_generated_summary":"","_ayudawp_aiss_exclude":false,"_ayudawp_aiss_exclude_summary":false,"_ayudawp_aiss_summary":"","_ayudawp_aiss_summary_provider":"","_ayudawp_aiss_summary_hash":"","footnotes":""},"categories":[1670],"tags":[1249,1252,2023,2026,1085,2024,2025],"class_list":["post-14790","post","type-post","status-publish","format-standard","has-post-thumbnail","hentry","category-festival-flamenco","tag-agenda-flamenca","tag-festivales-flamencos","tag-flamenco-a-jerez-it","tag-flamenco-fusion-it","tag-jerez-de-la-frontera","tag-jerez-fusion-it","tag-jerez-fusion-2026-it"],"acf":[],"yoast_head":"<!-- This site is optimized with the Yoast SEO Premium plugin v28.4 (Yoast SEO v28.4) - https:\/\/yoast.com\/product\/yoast-seo-premium-wordpress\/ -->\n<title>Jerez Fusi\u00f3n 2026: date, programma, artisti e guida<\/title>\n<meta name=\"description\" content=\"Jerez Fusi\u00f3n 2026 si svolge dal 10 al 13 settembre. Scopri programma, artisti, luoghi, concerti, attivit\u00e0, vino e consigli per visitare il festival.\" \/>\n<meta name=\"robots\" content=\"index, follow, max-snippet:-1, max-image-preview:large, max-video-preview:-1\" \/>\n<link rel=\"canonical\" href=\"https:\/\/www.tablaosflamencos.com\/it\/jerez-fusion-2026-date-programma.html\" \/>\n<meta property=\"og:locale\" content=\"it_IT\" \/>\n<meta property=\"og:type\" content=\"article\" \/>\n<meta property=\"og:title\" content=\"Jerez Fusi\u00f3n 2026: date, programma e tutto quello che devi sapere\" \/>\n<meta property=\"og:description\" content=\"Jerez Fusi\u00f3n 2026 si svolge dal 10 al 13 settembre. Scopri programma, artisti, luoghi, concerti, attivit\u00e0, vino e consigli per visitare il festival.\" \/>\n<meta property=\"og:url\" content=\"https:\/\/www.tablaosflamencos.com\/it\/jerez-fusion-2026-date-programma.html\" \/>\n<meta property=\"og:site_name\" content=\"Tablaos Flamencos\" \/>\n<meta property=\"article:publisher\" content=\"https:\/\/www.facebook.com\/tablaosflamencos\" \/>\n<meta property=\"article:published_time\" content=\"2026-09-05T10:42:59+00:00\" \/>\n<meta property=\"article:modified_time\" content=\"2026-09-05T12:11:59+00:00\" \/>\n<meta property=\"og:image\" content=\"https:\/\/www.tablaosflamencos.com\/wp-content\/uploads\/jerez-fusion-2026-fechas-programacion-y-todo-lo-que-debes-saber-01.webp\" \/>\n\t<meta property=\"og:image:width\" content=\"1491\" \/>\n\t<meta property=\"og:image:height\" content=\"1055\" \/>\n\t<meta property=\"og:image:type\" content=\"image\/webp\" \/>\n<meta name=\"author\" content=\"Miguel Ortiz\" \/>\n<meta name=\"twitter:card\" content=\"summary_large_image\" \/>\n<meta name=\"twitter:creator\" content=\"@tablaosflamenco\" \/>\n<meta name=\"twitter:site\" content=\"@tablaosflamenco\" \/>\n<meta name=\"twitter:label1\" content=\"Scritto da\" \/>\n\t<meta name=\"twitter:data1\" content=\"Miguel Ortiz\" \/>\n\t<meta name=\"twitter:label2\" content=\"Tempo di lettura stimato\" \/>\n\t<meta name=\"twitter:data2\" content=\"14 minuti\" \/>\n<script type=\"application\/ld+json\" class=\"yoast-schema-graph\">{\"@context\":\"https:\\\/\\\/schema.org\",\"@graph\":[{\"@type\":\"Article\",\"@id\":\"https:\\\/\\\/www.tablaosflamencos.com\\\/it\\\/jerez-fusion-2026-date-programma.html#article\",\"isPartOf\":{\"@id\":\"https:\\\/\\\/www.tablaosflamencos.com\\\/it\\\/jerez-fusion-2026-date-programma.html\"},\"author\":{\"name\":\"Miguel Ortiz\",\"@id\":\"https:\\\/\\\/www.tablaosflamencos.com\\\/it#\\\/schema\\\/person\\\/e7a9ebe14eb75a52ceabfbffb3c54f5d\"},\"headline\":\"Jerez Fusi\u00f3n 2026: date, programma e tutto quello che devi sapere\",\"datePublished\":\"2026-09-05T10:42:59+00:00\",\"dateModified\":\"2026-09-05T12:11:59+00:00\",\"mainEntityOfPage\":{\"@id\":\"https:\\\/\\\/www.tablaosflamencos.com\\\/it\\\/jerez-fusion-2026-date-programma.html\"},\"wordCount\":2811,\"publisher\":{\"@id\":\"https:\\\/\\\/www.tablaosflamencos.com\\\/it#organization\"},\"image\":{\"@id\":\"https:\\\/\\\/www.tablaosflamencos.com\\\/it\\\/jerez-fusion-2026-date-programma.html#primaryimage\"},\"thumbnailUrl\":\"https:\\\/\\\/www.tablaosflamencos.com\\\/wp-content\\\/uploads\\\/jerez-fusion-2026-fechas-programacion-y-todo-lo-que-debes-saber-01.webp\",\"keywords\":[\"agenda flamenca\",\"festivales flamencos\",\"flamenco a Jerez\",\"flamenco fusion\",\"Jerez de la Frontera\",\"Jerez Fusi\u00f3n\",\"Jerez Fusi\u00f3n 2026\"],\"articleSection\":[\"Festival di flamenco\"],\"inLanguage\":\"it-IT\"},{\"@type\":\"WebPage\",\"@id\":\"https:\\\/\\\/www.tablaosflamencos.com\\\/it\\\/jerez-fusion-2026-date-programma.html\",\"url\":\"https:\\\/\\\/www.tablaosflamencos.com\\\/it\\\/jerez-fusion-2026-date-programma.html\",\"name\":\"Jerez Fusi\u00f3n 2026: date, programma, artisti e guida\",\"isPartOf\":{\"@id\":\"https:\\\/\\\/www.tablaosflamencos.com\\\/it#website\"},\"primaryImageOfPage\":{\"@id\":\"https:\\\/\\\/www.tablaosflamencos.com\\\/it\\\/jerez-fusion-2026-date-programma.html#primaryimage\"},\"image\":{\"@id\":\"https:\\\/\\\/www.tablaosflamencos.com\\\/it\\\/jerez-fusion-2026-date-programma.html#primaryimage\"},\"thumbnailUrl\":\"https:\\\/\\\/www.tablaosflamencos.com\\\/wp-content\\\/uploads\\\/jerez-fusion-2026-fechas-programacion-y-todo-lo-que-debes-saber-01.webp\",\"datePublished\":\"2026-09-05T10:42:59+00:00\",\"dateModified\":\"2026-09-05T12:11:59+00:00\",\"description\":\"Jerez Fusi\u00f3n 2026 si svolge dal 10 al 13 settembre. Scopri programma, artisti, luoghi, concerti, attivit\u00e0, vino e consigli per visitare il festival.\",\"breadcrumb\":{\"@id\":\"https:\\\/\\\/www.tablaosflamencos.com\\\/it\\\/jerez-fusion-2026-date-programma.html#breadcrumb\"},\"inLanguage\":\"it-IT\",\"potentialAction\":[{\"@type\":\"ReadAction\",\"target\":[\"https:\\\/\\\/www.tablaosflamencos.com\\\/it\\\/jerez-fusion-2026-date-programma.html\"]}]},{\"@type\":\"ImageObject\",\"inLanguage\":\"it-IT\",\"@id\":\"https:\\\/\\\/www.tablaosflamencos.com\\\/it\\\/jerez-fusion-2026-date-programma.html#primaryimage\",\"url\":\"https:\\\/\\\/www.tablaosflamencos.com\\\/wp-content\\\/uploads\\\/jerez-fusion-2026-fechas-programacion-y-todo-lo-que-debes-saber-01.webp\",\"contentUrl\":\"https:\\\/\\\/www.tablaosflamencos.com\\\/wp-content\\\/uploads\\\/jerez-fusion-2026-fechas-programacion-y-todo-lo-que-debes-saber-01.webp\",\"width\":1491,\"height\":1055,\"caption\":\"Jerez Fusi\u00f3n 2026: fechas, programaci\u00f3n y todo lo que debes saber\"},{\"@type\":\"BreadcrumbList\",\"@id\":\"https:\\\/\\\/www.tablaosflamencos.com\\\/it\\\/jerez-fusion-2026-date-programma.html#breadcrumb\",\"itemListElement\":[{\"@type\":\"ListItem\",\"position\":1,\"name\":\"Home\",\"item\":\"https:\\\/\\\/www.tablaosflamencos.com\\\/it\"},{\"@type\":\"ListItem\",\"position\":2,\"name\":\"Jerez Fusi\u00f3n 2026: date, programma e tutto quello che devi sapere\"}]},{\"@type\":\"WebSite\",\"@id\":\"https:\\\/\\\/www.tablaosflamencos.com\\\/it#website\",\"url\":\"https:\\\/\\\/www.tablaosflamencos.com\\\/it\",\"name\":\"Tablaos Flamencos\",\"description\":\"Entradas para tablaos flamencos de Espa\u00f1a\",\"publisher\":{\"@id\":\"https:\\\/\\\/www.tablaosflamencos.com\\\/it#organization\"},\"alternateName\":\"Tablaos Flamencos\",\"potentialAction\":[{\"@type\":\"SearchAction\",\"target\":{\"@type\":\"EntryPoint\",\"urlTemplate\":\"https:\\\/\\\/www.tablaosflamencos.com\\\/it?s={search_term_string}\"},\"query-input\":{\"@type\":\"PropertyValueSpecification\",\"valueRequired\":true,\"valueName\":\"search_term_string\"}}],\"inLanguage\":\"it-IT\"},{\"@type\":[\"Organization\",\"Place\",\"EntertainmentBusiness\"],\"@id\":\"https:\\\/\\\/www.tablaosflamencos.com\\\/it#organization\",\"name\":\"Tablaos Flamencos\",\"alternateName\":\"Tablaos Flamencos\",\"url\":\"https:\\\/\\\/www.tablaosflamencos.com\\\/it\",\"logo\":{\"@id\":\"https:\\\/\\\/www.tablaosflamencos.com\\\/it\\\/jerez-fusion-2026-date-programma.html#local-main-organization-logo\"},\"image\":{\"@id\":\"https:\\\/\\\/www.tablaosflamencos.com\\\/it\\\/jerez-fusion-2026-date-programma.html#local-main-organization-logo\"},\"sameAs\":[\"https:\\\/\\\/www.facebook.com\\\/tablaosflamencos\",\"https:\\\/\\\/x.com\\\/tablaosflamenco\",\"https:\\\/\\\/mastodon.social\\\/@tablaosflamencos\",\"https:\\\/\\\/www.instagram.com\\\/tablaosflamencos\",\"https:\\\/\\\/tiktok.com\\\/@tablaosflamencos\",\"https:\\\/\\\/www.linkedin.com\\\/company\\\/109408238\\\/\"],\"description\":\"Venta de entradas para espect\u00e1culos flamencos\",\"legalName\":\"Tablaos Flamencos\",\"foundingDate\":\"2015-01-01\",\"numberOfEmployees\":{\"@type\":\"QuantitativeValue\",\"minValue\":\"1\",\"maxValue\":\"10\"},\"address\":{\"@id\":\"https:\\\/\\\/www.tablaosflamencos.com\\\/it\\\/jerez-fusion-2026-date-programma.html#local-main-place-address\"},\"geo\":{\"@type\":\"GeoCoordinates\",\"latitude\":\"37.3868072\",\"longitude\":\"-5.993280299999999\"},\"telephone\":[\"+34623787787\"],\"contactPoint\":{\"@type\":\"ContactPoint\",\"telephone\":\"+34623787787\",\"email\":\"info@tablaosflamencos.com\"},\"openingHoursSpecification\":{\"@type\":\"OpeningHoursSpecification\",\"dayOfWeek\":[\"Monday\",\"Tuesday\",\"Wednesday\",\"Thursday\",\"Friday\",\"Saturday\",\"Sunday\"],\"opens\":\"00:00\",\"closes\":\"23:59\"},\"email\":\"info@tablaosflamencos.com\",\"priceRange\":\"$$$\",\"currenciesAccepted\":\"\u20ac\"},{\"@type\":\"Person\",\"@id\":\"https:\\\/\\\/www.tablaosflamencos.com\\\/it#\\\/schema\\\/person\\\/e7a9ebe14eb75a52ceabfbffb3c54f5d\",\"name\":\"Miguel Ortiz\",\"description\":\"Miguel Ortiz es un empresario flamenco, con una s\u00f3lida trayectoria dentro del sector. Ha presidido entidades culturales vinculadas al flamenco y, cuenta con un amplio recorrido profesional en la gesti\u00f3n y promoci\u00f3n de espect\u00e1culos y tablaos flamencos. Su pasi\u00f3n por la historia y el arte flamenco se refleja en cada art\u00edculo, donde combina experiencia, criterio y un profundo respeto por la tradici\u00f3n.\",\"sameAs\":[\"https:\\\/\\\/www.tablaosflamencos.com\",\"https:\\\/\\\/www.instagra.com\\\/miguelortizfe\",\"https:\\\/\\\/www.linkedin.com\\\/in\\\/miguelortizf\\\/\"],\"birthDate\":\"1984-11-22\",\"gender\":\"hombre\",\"knowsLanguage\":[\"espa\u00f1ol\",\"ingl\u00e9s\"],\"jobTitle\":\"Empresario flamenco\"},{\"@type\":\"PostalAddress\",\"@id\":\"https:\\\/\\\/www.tablaosflamencos.com\\\/it\\\/jerez-fusion-2026-date-programma.html#local-main-place-address\",\"streetAddress\":\"C\\\/ Alemanes, 19\",\"addressLocality\":\"Sevilla\",\"postalCode\":\"41004\",\"addressRegion\":\"Sevilla\",\"addressCountry\":\"ES\"},{\"@type\":\"ImageObject\",\"inLanguage\":\"it-IT\",\"@id\":\"https:\\\/\\\/www.tablaosflamencos.com\\\/it\\\/jerez-fusion-2026-date-programma.html#local-main-organization-logo\",\"url\":\"https:\\\/\\\/www.tablaosflamencos.com\\\/wp-content\\\/uploads\\\/tablaos-flamencos-06-3.webp\",\"contentUrl\":\"https:\\\/\\\/www.tablaosflamencos.com\\\/wp-content\\\/uploads\\\/tablaos-flamencos-06-3.webp\",\"width\":600,\"height\":620,\"caption\":\"Tablaos Flamencos\"}]}<\/script>\n<meta name=\"geo.placename\" content=\"Sevilla\" \/>\n<meta name=\"geo.position\" content=\"37.3868072;-5.993280299999999\" \/>\n<meta name=\"geo.region\" content=\"Spagna\" \/>\n<!-- \/ Yoast SEO Premium plugin. -->","yoast_head_json":{"title":"Jerez Fusi\u00f3n 2026: date, programma, artisti e guida","description":"Jerez Fusi\u00f3n 2026 si svolge dal 10 al 13 settembre. Scopri programma, artisti, luoghi, concerti, attivit\u00e0, vino e consigli per visitare il festival.","robots":{"index":"index","follow":"follow","max-snippet":"max-snippet:-1","max-image-preview":"max-image-preview:large","max-video-preview":"max-video-preview:-1"},"canonical":"https:\/\/www.tablaosflamencos.com\/it\/jerez-fusion-2026-date-programma.html","og_locale":"it_IT","og_type":"article","og_title":"Jerez Fusi\u00f3n 2026: date, programma e tutto quello che devi sapere","og_description":"Jerez Fusi\u00f3n 2026 si svolge dal 10 al 13 settembre. Scopri programma, artisti, luoghi, concerti, attivit\u00e0, vino e consigli per visitare il festival.","og_url":"https:\/\/www.tablaosflamencos.com\/it\/jerez-fusion-2026-date-programma.html","og_site_name":"Tablaos Flamencos","article_publisher":"https:\/\/www.facebook.com\/tablaosflamencos","article_published_time":"2026-09-05T10:42:59+00:00","article_modified_time":"2026-09-05T12:11:59+00:00","og_image":[{"width":1491,"height":1055,"url":"https:\/\/www.tablaosflamencos.com\/wp-content\/uploads\/jerez-fusion-2026-fechas-programacion-y-todo-lo-que-debes-saber-01.webp","type":"image\/webp"}],"author":"Miguel Ortiz","twitter_card":"summary_large_image","twitter_creator":"@tablaosflamenco","twitter_site":"@tablaosflamenco","twitter_misc":{"Scritto da":"Miguel Ortiz","Tempo di lettura stimato":"14 minuti"},"schema":{"@context":"https:\/\/schema.org","@graph":[{"@type":"Article","@id":"https:\/\/www.tablaosflamencos.com\/it\/jerez-fusion-2026-date-programma.html#article","isPartOf":{"@id":"https:\/\/www.tablaosflamencos.com\/it\/jerez-fusion-2026-date-programma.html"},"author":{"name":"Miguel Ortiz","@id":"https:\/\/www.tablaosflamencos.com\/it#\/schema\/person\/e7a9ebe14eb75a52ceabfbffb3c54f5d"},"headline":"Jerez Fusi\u00f3n 2026: date, programma e tutto quello che devi sapere","datePublished":"2026-09-05T10:42:59+00:00","dateModified":"2026-09-05T12:11:59+00:00","mainEntityOfPage":{"@id":"https:\/\/www.tablaosflamencos.com\/it\/jerez-fusion-2026-date-programma.html"},"wordCount":2811,"publisher":{"@id":"https:\/\/www.tablaosflamencos.com\/it#organization"},"image":{"@id":"https:\/\/www.tablaosflamencos.com\/it\/jerez-fusion-2026-date-programma.html#primaryimage"},"thumbnailUrl":"https:\/\/www.tablaosflamencos.com\/wp-content\/uploads\/jerez-fusion-2026-fechas-programacion-y-todo-lo-que-debes-saber-01.webp","keywords":["agenda flamenca","festivales flamencos","flamenco a Jerez","flamenco fusion","Jerez de la Frontera","Jerez Fusi\u00f3n","Jerez Fusi\u00f3n 2026"],"articleSection":["Festival di flamenco"],"inLanguage":"it-IT"},{"@type":"WebPage","@id":"https:\/\/www.tablaosflamencos.com\/it\/jerez-fusion-2026-date-programma.html","url":"https:\/\/www.tablaosflamencos.com\/it\/jerez-fusion-2026-date-programma.html","name":"Jerez Fusi\u00f3n 2026: date, programma, artisti e guida","isPartOf":{"@id":"https:\/\/www.tablaosflamencos.com\/it#website"},"primaryImageOfPage":{"@id":"https:\/\/www.tablaosflamencos.com\/it\/jerez-fusion-2026-date-programma.html#primaryimage"},"image":{"@id":"https:\/\/www.tablaosflamencos.com\/it\/jerez-fusion-2026-date-programma.html#primaryimage"},"thumbnailUrl":"https:\/\/www.tablaosflamencos.com\/wp-content\/uploads\/jerez-fusion-2026-fechas-programacion-y-todo-lo-que-debes-saber-01.webp","datePublished":"2026-09-05T10:42:59+00:00","dateModified":"2026-09-05T12:11:59+00:00","description":"Jerez Fusi\u00f3n 2026 si svolge dal 10 al 13 settembre. Scopri programma, artisti, luoghi, concerti, attivit\u00e0, vino e consigli per visitare il festival.","breadcrumb":{"@id":"https:\/\/www.tablaosflamencos.com\/it\/jerez-fusion-2026-date-programma.html#breadcrumb"},"inLanguage":"it-IT","potentialAction":[{"@type":"ReadAction","target":["https:\/\/www.tablaosflamencos.com\/it\/jerez-fusion-2026-date-programma.html"]}]},{"@type":"ImageObject","inLanguage":"it-IT","@id":"https:\/\/www.tablaosflamencos.com\/it\/jerez-fusion-2026-date-programma.html#primaryimage","url":"https:\/\/www.tablaosflamencos.com\/wp-content\/uploads\/jerez-fusion-2026-fechas-programacion-y-todo-lo-que-debes-saber-01.webp","contentUrl":"https:\/\/www.tablaosflamencos.com\/wp-content\/uploads\/jerez-fusion-2026-fechas-programacion-y-todo-lo-que-debes-saber-01.webp","width":1491,"height":1055,"caption":"Jerez Fusi\u00f3n 2026: fechas, programaci\u00f3n y todo lo que debes saber"},{"@type":"BreadcrumbList","@id":"https:\/\/www.tablaosflamencos.com\/it\/jerez-fusion-2026-date-programma.html#breadcrumb","itemListElement":[{"@type":"ListItem","position":1,"name":"Home","item":"https:\/\/www.tablaosflamencos.com\/it"},{"@type":"ListItem","position":2,"name":"Jerez Fusi\u00f3n 2026: date, programma e tutto quello che devi sapere"}]},{"@type":"WebSite","@id":"https:\/\/www.tablaosflamencos.com\/it#website","url":"https:\/\/www.tablaosflamencos.com\/it","name":"Tablaos Flamencos","description":"Entradas para tablaos flamencos de Espa\u00f1a","publisher":{"@id":"https:\/\/www.tablaosflamencos.com\/it#organization"},"alternateName":"Tablaos Flamencos","potentialAction":[{"@type":"SearchAction","target":{"@type":"EntryPoint","urlTemplate":"https:\/\/www.tablaosflamencos.com\/it?s={search_term_string}"},"query-input":{"@type":"PropertyValueSpecification","valueRequired":true,"valueName":"search_term_string"}}],"inLanguage":"it-IT"},{"@type":["Organization","Place","EntertainmentBusiness"],"@id":"https:\/\/www.tablaosflamencos.com\/it#organization","name":"Tablaos Flamencos","alternateName":"Tablaos Flamencos","url":"https:\/\/www.tablaosflamencos.com\/it","logo":{"@id":"https:\/\/www.tablaosflamencos.com\/it\/jerez-fusion-2026-date-programma.html#local-main-organization-logo"},"image":{"@id":"https:\/\/www.tablaosflamencos.com\/it\/jerez-fusion-2026-date-programma.html#local-main-organization-logo"},"sameAs":["https:\/\/www.facebook.com\/tablaosflamencos","https:\/\/x.com\/tablaosflamenco","https:\/\/mastodon.social\/@tablaosflamencos","https:\/\/www.instagram.com\/tablaosflamencos","https:\/\/tiktok.com\/@tablaosflamencos","https:\/\/www.linkedin.com\/company\/109408238\/"],"description":"Venta de entradas para espect\u00e1culos flamencos","legalName":"Tablaos Flamencos","foundingDate":"2015-01-01","numberOfEmployees":{"@type":"QuantitativeValue","minValue":"1","maxValue":"10"},"address":{"@id":"https:\/\/www.tablaosflamencos.com\/it\/jerez-fusion-2026-date-programma.html#local-main-place-address"},"geo":{"@type":"GeoCoordinates","latitude":"37.3868072","longitude":"-5.993280299999999"},"telephone":["+34623787787"],"contactPoint":{"@type":"ContactPoint","telephone":"+34623787787","email":"info@tablaosflamencos.com"},"openingHoursSpecification":{"@type":"OpeningHoursSpecification","dayOfWeek":["Monday","Tuesday","Wednesday","Thursday","Friday","Saturday","Sunday"],"opens":"00:00","closes":"23:59"},"email":"info@tablaosflamencos.com","priceRange":"$$$","currenciesAccepted":"\u20ac"},{"@type":"Person","@id":"https:\/\/www.tablaosflamencos.com\/it#\/schema\/person\/e7a9ebe14eb75a52ceabfbffb3c54f5d","name":"Miguel Ortiz","description":"Miguel Ortiz es un empresario flamenco, con una s\u00f3lida trayectoria dentro del sector. Ha presidido entidades culturales vinculadas al flamenco y, cuenta con un amplio recorrido profesional en la gesti\u00f3n y promoci\u00f3n de espect\u00e1culos y tablaos flamencos. Su pasi\u00f3n por la historia y el arte flamenco se refleja en cada art\u00edculo, donde combina experiencia, criterio y un profundo respeto por la tradici\u00f3n.","sameAs":["https:\/\/www.tablaosflamencos.com","https:\/\/www.instagra.com\/miguelortizfe","https:\/\/www.linkedin.com\/in\/miguelortizf\/"],"birthDate":"1984-11-22","gender":"hombre","knowsLanguage":["espa\u00f1ol","ingl\u00e9s"],"jobTitle":"Empresario flamenco"},{"@type":"PostalAddress","@id":"https:\/\/www.tablaosflamencos.com\/it\/jerez-fusion-2026-date-programma.html#local-main-place-address","streetAddress":"C\/ Alemanes, 19","addressLocality":"Sevilla","postalCode":"41004","addressRegion":"Sevilla","addressCountry":"ES"},{"@type":"ImageObject","inLanguage":"it-IT","@id":"https:\/\/www.tablaosflamencos.com\/it\/jerez-fusion-2026-date-programma.html#local-main-organization-logo","url":"https:\/\/www.tablaosflamencos.com\/wp-content\/uploads\/tablaos-flamencos-06-3.webp","contentUrl":"https:\/\/www.tablaosflamencos.com\/wp-content\/uploads\/tablaos-flamencos-06-3.webp","width":600,"height":620,"caption":"Tablaos Flamencos"}]},"geo.placename":"Sevilla","geo.position":{"lat":"37.3868072","long":"-5.993280299999999"},"geo.region":"Spagna"},"_links":{"self":[{"href":"https:\/\/www.tablaosflamencos.com\/it\/wp-json\/wp\/v2\/posts\/14790","targetHints":{"allow":["GET"]}}],"collection":[{"href":"https:\/\/www.tablaosflamencos.com\/it\/wp-json\/wp\/v2\/posts"}],"about":[{"href":"https:\/\/www.tablaosflamencos.com\/it\/wp-json\/wp\/v2\/types\/post"}],"author":[{"embeddable":true,"href":"https:\/\/www.tablaosflamencos.com\/it\/wp-json\/wp\/v2\/users\/1"}],"replies":[{"embeddable":true,"href":"https:\/\/www.tablaosflamencos.com\/it\/wp-json\/wp\/v2\/comments?post=14790"}],"version-history":[{"count":2,"href":"https:\/\/www.tablaosflamencos.com\/it\/wp-json\/wp\/v2\/posts\/14790\/revisions"}],"predecessor-version":[{"id":14792,"href":"https:\/\/www.tablaosflamencos.com\/it\/wp-json\/wp\/v2\/posts\/14790\/revisions\/14792"}],"wp:featuredmedia":[{"embeddable":true,"href":"https:\/\/www.tablaosflamencos.com\/it\/wp-json\/wp\/v2\/media\/14719"}],"wp:attachment":[{"href":"https:\/\/www.tablaosflamencos.com\/it\/wp-json\/wp\/v2\/media?parent=14790"}],"wp:term":[{"taxonomy":"category","embeddable":true,"href":"https:\/\/www.tablaosflamencos.com\/it\/wp-json\/wp\/v2\/categories?post=14790"},{"taxonomy":"post_tag","embeddable":true,"href":"https:\/\/www.tablaosflamencos.com\/it\/wp-json\/wp\/v2\/tags?post=14790"}],"curies":[{"name":"wp","href":"https:\/\/api.w.org\/{rel}","templated":true}]}}