{"id":14766,"date":"2026-09-05T13:50:39","date_gmt":"2026-09-05T11:50:39","guid":{"rendered":"https:\/\/www.tablaosflamencos.com\/?p=14766"},"modified":"2026-09-05T14:11:25","modified_gmt":"2026-09-05T12:11:25","slug":"macarena-flamenca-2026-programma-biglietti","status":"publish","type":"post","link":"https:\/\/www.tablaosflamencos.com\/it\/macarena-flamenca-2026-programma-biglietti.html","title":{"rendered":"Macarena Flamenca 2026: programma, biglietti e tutto quello che devi sapere"},"content":{"rendered":"<section class=\"l-section wpb_row height_huge\"><div class=\"l-section-h i-cf\"><div class=\"g-cols vc_row via_flex valign_top type_default stacking_default\"><div class=\"vc_col-sm-6 wpb_column vc_column_container\"><div class=\"vc_column-inner\"><div class=\"wpb_wrapper\"><div class=\"wpb_text_column\"><div class=\"wpb_wrapper\"><h2>Il flamenco torna nelle strade della Macarena<\/h2>\n<p>Il <strong>II Festival Macarena Flamenca 2026<\/strong> si svolge sabato 5 settembre in Plaza Virgen del Pilar, nel quartiere sivigliano di La Barzola. L&#8217;appuntamento trasforma una piazza del distretto Macarena in un palcoscenico flamenco e dedica la sua seconda edizione a <strong>Jos\u00e9 de la Tomasa<\/strong>, una delle voci essenziali del cante sivigliano.<\/p>\n<p>Il cartellone riunisce cante, chitarra e danza con artisti di diverse generazioni: Potito, Antonio Reyes, Remedios Reyes, Manuel de la Tomasa e Manuela Amador Carrasco, accompagnati dai rispettivi ensemble. L&#8217;ingresso \u00e8 gratuito e non \u00e8 necessario acquistare un biglietto, anche se l&#8217;accesso dipende dalla capienza disponibile.<\/p>\n<\/div><\/div><\/div><\/div><\/div><div class=\"vc_col-sm-6 wpb_column vc_column_container\"><div class=\"vc_column-inner\"><div class=\"wpb_wrapper\"><div class=\"wpb_text_column\"><div class=\"wpb_wrapper\"><h2>Informazioni essenziali<\/h2>\n<ul>\n<li><strong>Data:<\/strong> sabato 5 settembre 2026.<\/li>\n<li><strong>Luogo:<\/strong> Plaza Virgen del Pilar, La Barzola, Siviglia.<\/li>\n<li><strong>Orario pi\u00f9 recente:<\/strong> 21:30.<\/li>\n<li><strong>Arrivo consigliato:<\/strong> prima delle 21:00.<\/li>\n<li><strong>Biglietti:<\/strong> ingresso libero e gratuito.<\/li>\n<li><strong>Omaggio a:<\/strong> Jos\u00e9 de la Tomasa.<\/li>\n<li><strong>Organizza:<\/strong> Distretto Macarena del Comune di Siviglia.<\/li>\n<li><strong>Contesto:<\/strong> attivit\u00e0 precedenti alla XXIV Biennale del Flamenco.<\/li>\n<\/ul>\n<\/div><\/div><\/div><\/div><\/div><\/div><\/div><\/section><section class=\"l-section wpb_row height_huge color_alternate with_shape\"><div class=\"l-section-shape type_zigzag pos_top\" style=\"height:3vmin;\"><svg xmlns=\"http:\/\/www.w3.org\/2000\/svg\" viewBox=\"0 0 64 8\" preserveAspectRatio=\"none\" width=\"100%\" height=\"100%\">\r\n\t<path fill=\"currentColor\" d=\"M64 8 L0 8 L0 0 L20 7.9 L40 3 L48 5 L64 0 Z\"\/>\r\n<\/svg><\/div><div class=\"l-section-shape type_zigzag pos_bottom\" style=\"height:3vmin;\"><svg xmlns=\"http:\/\/www.w3.org\/2000\/svg\" viewBox=\"0 0 64 8\" preserveAspectRatio=\"none\" width=\"100%\" height=\"100%\">\r\n\t<path fill=\"currentColor\" d=\"M64 8 L0 8 L0 0 L20 7.9 L40 3 L48 5 L64 0 Z\"\/>\r\n<\/svg><\/div><div class=\"l-section-h i-cf\"><div class=\"g-cols vc_row via_flex valign_top type_default stacking_default\"><div class=\"vc_col-sm-12 wpb_column vc_column_container\"><div class=\"vc_column-inner\"><div class=\"wpb_wrapper\"><div class=\"wpb_text_column\"><div class=\"wpb_wrapper\"><blockquote>\n<p><strong>Risposta rapida:<\/strong> Macarena Flamenca 2026 si svolge sabato 5 settembre in Plaza Virgen del Pilar, a La Barzola. Si esibiranno Potito, Antonio Reyes, Remedios Reyes, Manuel de la Tomasa e la bailaora Manuela Amador Carrasco, in un&#8217;edizione dedicata a Jos\u00e9 de la Tomasa. L&#8217;ingresso \u00e8 gratuito e non \u00e8 necessario prenotare. Le informazioni comunali pi\u00f9 recenti fissano l&#8217;inizio alle 21:30, anche se un&#8217;altra scheda ufficiale indica ancora le 21:00; la scelta pi\u00f9 prudente \u00e8 arrivare prima di quell&#8217;ora.<\/p>\n<\/blockquote>\n<\/div><\/div><\/div><\/div><\/div><\/div><\/div><\/section><section class=\"l-section wpb_row height_huge\"><div class=\"l-section-h i-cf\"><div class=\"g-cols vc_row via_flex valign_top type_default stacking_default\"><div class=\"vc_col-sm-3 wpb_column vc_column_container\"><div class=\"vc_column-inner\"><div class=\"wpb_wrapper\"><\/div><\/div><\/div><div class=\"vc_col-sm-6 wpb_column vc_column_container\"><div class=\"vc_column-inner\"><div class=\"wpb_wrapper\"><div class=\"wpb_text_column\"><div class=\"wpb_wrapper\"><h2>Contenuto di questa guida<\/h2>\n<ul>\n<li><a href=\"#programa\">Programma e artisti<\/a><\/li>\n<li><a href=\"#homenaje\">Omaggio a Jos\u00e9 de la Tomasa<\/a><\/li>\n<li><a href=\"#entradas\">Biglietti e accesso<\/a><\/li>\n<li><a href=\"#horario\">Orario e discrepanza ufficiale<\/a><\/li>\n<li><a href=\"#lugar\">Luogo e arrivo<\/a><\/li>\n<li><a href=\"#bienal\">Rapporto con la Biennale<\/a><\/li>\n<li><a href=\"#consejos\">Consigli pratici<\/a><\/li>\n<li><a href=\"#faq\">Domande frequenti<\/a><\/li>\n<\/ul>\n<\/div><\/div><\/div><\/div><\/div><div class=\"vc_col-sm-3 wpb_column vc_column_container\"><div class=\"vc_column-inner\"><div class=\"wpb_wrapper\"><\/div><\/div><\/div><\/div><\/div><\/section><section class=\"l-section wpb_row height_huge color_alternate with_shape\"><div class=\"l-section-shape type_zigzag pos_top\" style=\"height:3vmin;\"><svg xmlns=\"http:\/\/www.w3.org\/2000\/svg\" viewBox=\"0 0 64 8\" preserveAspectRatio=\"none\" width=\"100%\" height=\"100%\">\r\n\t<path fill=\"currentColor\" d=\"M64 8 L0 8 L0 0 L20 7.9 L40 3 L48 5 L64 0 Z\"\/>\r\n<\/svg><\/div><div class=\"l-section-shape type_zigzag pos_bottom\" style=\"height:3vmin;\"><svg xmlns=\"http:\/\/www.w3.org\/2000\/svg\" viewBox=\"0 0 64 8\" preserveAspectRatio=\"none\" width=\"100%\" height=\"100%\">\r\n\t<path fill=\"currentColor\" d=\"M64 8 L0 8 L0 0 L20 7.9 L40 3 L48 5 L64 0 Z\"\/>\r\n<\/svg><\/div><div class=\"l-section-h i-cf\"><div class=\"g-cols vc_row via_flex valign_top type_default stacking_default\"><div class=\"vc_col-sm-6 wpb_column vc_column_container\"><div class=\"vc_column-inner\"><div class=\"wpb_wrapper\"><div class=\"wpb_text_column\"><div class=\"wpb_wrapper\"><h2 id=\"programa\">Programma di Macarena Flamenca 2026<\/h2>\n<p>Il programma riunisce quattro nomi del cante e una proposta di danza. Non \u00e8 stato diffuso un ordine individuale degli orari, quindi l&#8217;evento va inteso come un gala continuo e non come vari concerti con accessi indipendenti.<\/p>\n<h3>Potito, con Manuel Herrera<\/h3>\n<p>Antonio Vargas Cort\u00e9s, <strong>Potito<\/strong>, porta un legame diretto con il cante gitano sivigliano e una carriera sviluppata tra recital e collaborazioni con grandi figure. Sar\u00e0 accompagnato alla chitarra da <strong>Manuel Herrera<\/strong>.<\/p>\n<h3>Antonio Reyes, con Nono Reyes<\/h3>\n<p><strong>Antonio Reyes<\/strong> \u00e8 uno dei cantaores pi\u00f9 apprezzati della sua generazione per il senso del comp\u00e1s, l&#8217;intonazione e un modo di interpretare che unisce tradizione e personalit\u00e0. Sar\u00e0 accompagnato da <strong>Nono Reyes<\/strong>.<\/p>\n<\/div><\/div><\/div><\/div><\/div><div class=\"vc_col-sm-6 wpb_column vc_column_container\"><div class=\"vc_column-inner\"><div class=\"wpb_wrapper\"><div class=\"wpb_text_column\"><div class=\"wpb_wrapper\"><h3>Remedios Reyes, con Julio Romero<\/h3>\n<p>La cantaora di Chiclana <strong>Remedios Reyes<\/strong> porter\u00e0 sul palco un&#8217;interpretazione caratterizzata dalla forza espressiva e dalla conoscenza dei cantes. Alla chitarra sar\u00e0 accompagnata da <strong>Julio Romero<\/strong>.<\/p>\n<h3>Manuel de la Tomasa, con Nono Reyes<\/h3>\n<p>La presenza di <strong>Manuel de la Tomasa<\/strong> ha un significato speciale in una serata dedicata a suo nonno. Rappresenta la continuit\u00e0 familiare di una dinastia fondamentale del cante sivigliano. Anche lui sar\u00e0 accompagnato da Nono Reyes.<\/p>\n<h3>Manuela Amador Carrasco e il suo gruppo<\/h3>\n<p>La danza sar\u00e0 rappresentata da <strong>Manuela Amador Carrasco<\/strong>, accompagnata da <strong>Luis Amador<\/strong> alla chitarra e <strong>Emilio Molina<\/strong> e <strong>Manuel Ta\u00f1\u00e9<\/strong> al cante. La loro partecipazione completa un cartellone basato sul rapporto tra voce, chitarra, danza e comp\u00e1s.<\/p>\n<p>Gli artisti e gli accompagnamenti sono quelli indicati nel programma diffuso. Come in qualsiasi festival all&#8217;aperto, l&#8217;ordine e lo svolgimento finale possono subire modifiche.<\/p>\n<\/div><\/div><\/div><\/div><\/div><\/div><\/div><\/section><section class=\"l-section wpb_row height_huge\"><div class=\"l-section-h i-cf\"><div class=\"g-cols vc_row via_flex valign_top type_default stacking_default\"><div class=\"vc_col-sm-6 wpb_column vc_column_container\"><div class=\"vc_column-inner\"><div class=\"wpb_wrapper\"><div class=\"wpb_text_column\"><div class=\"wpb_wrapper\"><h2 id=\"homenaje\">Un&#8217;edizione dedicata a Jos\u00e9 de la Tomasa<\/h2>\n<p>Il filo conduttore di Macarena Flamenca 2026 \u00e8 l&#8217;omaggio a <strong>Jos\u00e9 de la Tomasa<\/strong>, presentato dal Comune come una figura fondamentale del flamenco sivigliano. Nato e cresciuto a Siviglia, appartiene a una famiglia intimamente legata al cante: \u00e8 nipote di Pepe Torre e figlio di Pies de Plomo e Tomasa Soto, anche se la sua personalit\u00e0 artistica va ben oltre il peso della genealogia.<\/p>\n<p>Il suo repertorio, la conoscenza degli stili e il lavoro di trasmissione lo hanno reso un punto di riferimento per appassionati e artisti. Tra i riconoscimenti recenti figurano la Medaglia della Citt\u00e0 di Siviglia, assegnata nel 2023, e il Giraldillo Internacional Ciudad de Sevilla ricevuto nel 2024.<\/p>\n<p>La presenza di Manuel de la Tomasa rafforza l&#8217;idea di continuit\u00e0. La tradizione appare come qualcosa che si impara, si condivide e si trasforma, non come un elemento immobile.<\/p>\n<\/div><\/div><\/div><\/div><\/div><div class=\"vc_col-sm-6 wpb_column vc_column_container\"><div class=\"vc_column-inner\"><div class=\"wpb_wrapper\"><div class=\"wpb_text_column\"><div class=\"wpb_wrapper\"><h2>Jos\u00e9 de la Tomasa si esibir\u00e0?<\/h2>\n<p>Le comunicazioni ufficiali presentano il maestro come protagonista e omaggiato, ma non descrivono un numero completo interpretato da lui. Per questo non \u00e8 opportuno garantire una sua esibizione autonoma. Il centro della serata sar\u00e0 la sua figura, la sua eredit\u00e0 e il riconoscimento del quartiere, indipendentemente dal fatto che intervenga durante l&#8217;evento.<\/p>\n<p>La dedica ha inoltre una dimensione territoriale: l&#8217;omaggio si celebra nel distretto Macarena, all&#8217;interno di un festival creato per portare l&#8217;arte nelle piazze. Collega memoria artistica, quartiere e convivenza.<\/p>\n<p>Per approfondire il contesto di questi giorni, consulta la nostra guida sugli <a href=\"https:\/\/www.tablaosflamencos.com\/bienal-flamenco-2026-antes-9-septiembre.html\">eventi della Biennale prima del 9 settembre<\/a>.<\/p>\n<\/div><\/div><\/div><\/div><\/div><\/div><\/div><\/section><section class=\"l-section wpb_row height_huge color_alternate with_shape\"><div class=\"l-section-shape type_zigzag pos_top hor_flip\" style=\"height:3vmin;\"><svg xmlns=\"http:\/\/www.w3.org\/2000\/svg\" viewBox=\"0 0 64 8\" preserveAspectRatio=\"none\" width=\"100%\" height=\"100%\">\r\n\t<path fill=\"currentColor\" d=\"M64 8 L0 8 L0 0 L20 7.9 L40 3 L48 5 L64 0 Z\"\/>\r\n<\/svg><\/div><div class=\"l-section-shape type_zigzag pos_bottom\" style=\"height:3vmin;\"><svg xmlns=\"http:\/\/www.w3.org\/2000\/svg\" viewBox=\"0 0 64 8\" preserveAspectRatio=\"none\" width=\"100%\" height=\"100%\">\r\n\t<path fill=\"currentColor\" d=\"M64 8 L0 8 L0 0 L20 7.9 L40 3 L48 5 L64 0 Z\"\/>\r\n<\/svg><\/div><div class=\"l-section-h i-cf\"><div class=\"g-cols vc_row via_flex valign_top type_default stacking_default\"><div class=\"vc_col-sm-6 wpb_column vc_column_container\"><div class=\"vc_column-inner\"><div class=\"wpb_wrapper\"><div class=\"wpb_text_column\"><div class=\"wpb_wrapper\"><h2 id=\"entradas\">Biglietti: il festival \u00e8 gratuito<\/h2>\n<p>Non esistono biglietti a pagamento per Macarena Flamenca 2026. Il Comune annuncia <strong>ingresso libero<\/strong> e la Biennale include l&#8217;attivit\u00e0 tra le proposte gratuite di Flamenco a pie de calle.<\/p>\n<ul>\n<li>Non \u00e8 necessario acquistare un posto.<\/li>\n<li>Non esiste una biglietteria ufficiale.<\/li>\n<li>Non \u00e8 stata annunciata alcuna prenotazione anticipata n\u00e9 il ritiro di inviti.<\/li>\n<li>L&#8217;accesso dipende dallo spazio disponibile.<\/li>\n<li>Arrivare presto aumenta le possibilit\u00e0 di trovare una buona posizione.<\/li>\n<\/ul>\n<p>Il fatto che sia gratuito non equivale ad avere un posto garantito. Se l&#8217;area destinata al pubblico raggiunge la capienza operativa, l&#8217;organizzazione pu\u00f2 limitare l&#8217;accesso per motivi di sicurezza.<\/p>\n<\/div><\/div><\/div><\/div><\/div><div class=\"vc_col-sm-6 wpb_column vc_column_container\"><div class=\"vc_column-inner\"><div class=\"wpb_wrapper\"><div class=\"wpb_text_column\"><div class=\"wpb_wrapper\"><h2>\u00c8 necessario prenotare?<\/h2>\n<p>Alla data di aggiornamento di questa guida, <strong>non \u00e8 richiesta la prenotazione<\/strong>. Non risulta neppure un processo ufficiale di iscrizione. \u00c8 sufficiente recarsi in Plaza Virgen del Pilar con anticipo.<\/p>\n<p>\u00c8 bene diffidare di qualsiasi sito che tenti di vendere biglietti per questo gala. Le informazioni comunali lo annunciano come attivit\u00e0 gratuita. Qualsiasi modifica dovrebbe essere comunicata attraverso i canali del Comune, del Distretto Macarena o della Biennale.<\/p>\n<p>Il festival fa parte di una settimana con diverse proposte a ingresso libero. Le abbiamo raccolte nella guida agli <a href=\"https:\/\/www.tablaosflamencos.com\/bienal-flamenco-sevilla-2026-gratis.html\">spettacoli e attivit\u00e0 gratuite della Biennale 2026<\/a>.<\/p>\n<\/div><\/div><\/div><\/div><\/div><\/div><\/div><\/section><section class=\"l-section wpb_row height_huge\"><div class=\"l-section-h i-cf\"><div class=\"g-cols vc_row via_flex valign_top type_default stacking_default\"><div class=\"vc_col-sm-6 wpb_column vc_column_container\"><div class=\"vc_column-inner\"><div class=\"wpb_wrapper\"><div class=\"wpb_text_column\"><div class=\"wpb_wrapper\"><h2 id=\"horario\">Inizia alle 21:00 o alle 21:30?<\/h2>\n<p>Le fonti ufficiali non indicano esattamente lo stesso orario. L&#8217; <a href=\"https:\/\/www.sevilla.org\/distritos\/macarena\/eventos\/ii-festival-macarena-flamenca-2026\" target=\"_blank\" rel=\"noopener\">agenda del Distretto Macarena<\/a> riporta ancora le <strong>21:00<\/strong>. Tuttavia, la <a href=\"https:\/\/www.sevilla.org\/actualidad\/noticias\/2026\/de-la-cultura-popular-al-flamenco-sevilla-despliega-una-nueva-semana-de-programacion-cultural\" target=\"_blank\" rel=\"noopener\">notizia pubblicata dal Comune il 4 settembre<\/a>, pi\u00f9 recente e dettagliata, annuncia le <strong>21:30<\/strong>. Anche la Biennale indica l&#8217;inizio alle 21:30.<\/p>\n<p>Il consiglio pratico \u00e8 arrivare prima delle 21:00. In questo modo ci sar\u00e0 tempo per trovare la piazza, verificare l&#8217;accesso e trovare posto, qualunque sia l&#8217;orario applicato alla fine.<\/p>\n<\/div><\/div><\/div><\/div><\/div><div class=\"vc_col-sm-6 wpb_column vc_column_container\"><div class=\"vc_column-inner\"><div class=\"wpb_wrapper\"><div class=\"wpb_text_column\"><div class=\"wpb_wrapper\"><h2 id=\"lugar\">Dove si svolge<\/h2>\n<p>Il palco sar\u00e0 allestito in <strong>Plaza Virgen del Pilar<\/strong>, nel quartiere di <strong>La Barzola<\/strong>, nel distretto Macarena. Non va confusa con la Basilica della Macarena n\u00e9 con altri spazi del centro storico.<\/p>\n<p>Si consiglia di controllare il percorso prima di partire, privilegiare il trasporto pubblico, il taxi o un VTC dal centro e prevedere tempo per l&#8217;ultimo tratto a piedi. \u00c8 inoltre importante rispettare le zone riservate dall&#8217;organizzazione, gli accessi dei residenti e i percorsi di emergenza.<\/p>\n<p>Lo svolgimento fuori dai teatri fa parte del carattere del festival: per una notte, lo spazio quotidiano del quartiere diventa un punto d&#8217;incontro tra artisti, residenti, appassionati e visitatori.<\/p>\n<\/div><\/div><\/div><\/div><\/div><\/div><\/div><\/section><section class=\"l-section wpb_row height_huge color_alternate with_shape\"><div class=\"l-section-shape type_zigzag pos_top\" style=\"height:3vmin;\"><svg xmlns=\"http:\/\/www.w3.org\/2000\/svg\" viewBox=\"0 0 64 8\" preserveAspectRatio=\"none\" width=\"100%\" height=\"100%\">\r\n\t<path fill=\"currentColor\" d=\"M64 8 L0 8 L0 0 L20 7.9 L40 3 L48 5 L64 0 Z\"\/>\r\n<\/svg><\/div><div class=\"l-section-shape type_zigzag pos_bottom\" style=\"height:3vmin;\"><svg xmlns=\"http:\/\/www.w3.org\/2000\/svg\" viewBox=\"0 0 64 8\" preserveAspectRatio=\"none\" width=\"100%\" height=\"100%\">\r\n\t<path fill=\"currentColor\" d=\"M64 8 L0 8 L0 0 L20 7.9 L40 3 L48 5 L64 0 Z\"\/>\r\n<\/svg><\/div><div class=\"l-section-h i-cf\"><div class=\"g-cols vc_row via_flex valign_top type_default stacking_default\"><div class=\"vc_col-sm-6 wpb_column vc_column_container\"><div class=\"vc_column-inner\"><div class=\"wpb_wrapper\"><div class=\"wpb_text_column\"><div class=\"wpb_wrapper\"><h2 id=\"bienal\">Macarena Flamenca e la Biennale di Siviglia<\/h2>\n<p>Il festival \u00e8 integrato nelle attivit\u00e0 che anticipano la XXIV Biennale del Flamenco di Siviglia. L&#8217;edizione ufficiale si svolge dal 9 settembre al 3 ottobre 2026, ma nei giorni precedenti sono gi\u00e0 previste mostre, spettacoli nei quartieri e cinema.<\/p>\n<p>Macarena Flamenca rientra in <em>Flamenco a pie de calle<\/em>, una delle linee delle attivit\u00e0 parallele che porta cante, chitarra e danza negli spazi aperti di Siviglia. La proposta del giorno 5 unisce il formato di festival di quartiere all&#8217;omaggio a una figura storica.<\/p>\n<p>Consulta date, spazi e spettacoli nella nostra <a href=\"https:\/\/www.tablaosflamencos.com\/bienal-flamenco-sevilla-2026.html\">guida completa alla Biennale del Flamenco di Siviglia 2026<\/a>.<\/p>\n<\/div><\/div><\/div><\/div><\/div><div class=\"vc_col-sm-6 wpb_column vc_column_container\"><div class=\"vc_column-inner\"><div class=\"wpb_wrapper\"><div class=\"wpb_text_column\"><div class=\"wpb_wrapper\"><h2>Un festival giovane con vocazione di continuit\u00e0<\/h2>\n<p>Macarena Flamenca \u00e8 nato nel 2025 per iniziativa del Distretto Macarena. La seconda edizione conferma l&#8217;intenzione di consolidare un appuntamento stabile con una propria programmazione flamenca.<\/p>\n<p>Il suo formato avvicina artisti di primo livello a un pubblico ampio, anima culturalmente una piazza di quartiere ed elimina il prezzo come barriera. Allo stesso tempo presenta le sfide tipiche di uno spazio all&#8217;aperto: capienza, visibilit\u00e0, acustica e possibili cambiamenti meteorologici.<\/p>\n<p>Il valore della proposta sta proprio in questo mix di vicinanza e qualit\u00e0. Non cerca di competere con il teatro, ma di offrire un altro modo di incontrare il flamenco.<\/p>\n<\/div><\/div><\/div><\/div><\/div><\/div><\/div><\/section><section class=\"l-section wpb_row height_huge\"><div class=\"l-section-h i-cf\"><div class=\"g-cols vc_row via_flex valign_top type_default stacking_default\"><div class=\"vc_col-sm-6 wpb_column vc_column_container\"><div class=\"vc_column-inner\"><div class=\"wpb_wrapper\"><div class=\"wpb_text_column\"><div class=\"wpb_wrapper\"><h2 id=\"consejos\">Consigli per godersi il festival<\/h2>\n<h3>Arriva con anticipo<\/h3>\n<p>Per un inizio previsto tra le 21:00 e le 21:30, \u00e8 ragionevole essere in zona prima delle 21:00. L&#8217;ingresso libero e l&#8217;assenza di posti numerati rendono utile questo margine.<\/p>\n<h3>Preparati a uno spettacolo all&#8217;aperto<\/h3>\n<p>Controlla le previsioni meteo, porta dell&#8217;acqua e scegli un abbigliamento adatto a rimanere per un po&#8217; in una piazza. Evita di occupare pi\u00f9 spazio del necessario.<\/p>\n<h3>Mantieni il silenzio durante il cante<\/h3>\n<p>Il silenzio permette di apprezzare le sfumature e facilita la comunicazione tra artista e pubblico. I cellulari dovrebbero rimanere in modalit\u00e0 silenziosa e le registrazioni non dovrebbero ostacolare la visuale degli altri.<\/p>\n<\/div><\/div><\/div><\/div><\/div><div class=\"vc_col-sm-6 wpb_column vc_column_container\"><div class=\"vc_column-inner\"><div class=\"wpb_wrapper\"><div class=\"wpb_text_column\"><div class=\"wpb_wrapper\"><h2>Se non riesci ad accedere<\/h2>\n<p>Trattandosi di un&#8217;attivit\u00e0 gratuita, non \u00e8 possibile garantire un posto. Se arrivi quando l&#8217;area destinata al pubblico \u00e8 completa, rispetta le indicazioni e evita le zone che potrebbero ostacolare la sicurezza o la convivenza con i residenti.<\/p>\n<p>Siviglia mantiene un&#8217;offerta flamenca stabile oltre questo gala e la Biennale. Se cerchi un&#8217;alternativa con orario e posto confermati, consulta la nostra selezione di <a href=\"https:\/\/www.tablaosflamencos.com\/flamenco-en-sevilla\">spettacoli di flamenco a Siviglia<\/a>.<\/p>\n<p>Macarena Flamenca \u00e8 un&#8217;attivit\u00e0 pubblica e gratuita di una sola serata; i tablaos offrono una programmazione professionale regolare e la prenotazione anticipata. Entrambi i formati permettono di avvicinarsi al flamenco attraverso esperienze diverse.<\/p>\n<\/div><\/div><\/div><\/div><\/div><\/div><\/div><\/section><section class=\"l-section wpb_row height_huge color_alternate with_shape\"><div class=\"l-section-shape type_zigzag pos_top hor_flip\" style=\"height:3vmin;\"><svg xmlns=\"http:\/\/www.w3.org\/2000\/svg\" viewBox=\"0 0 64 8\" preserveAspectRatio=\"none\" width=\"100%\" height=\"100%\">\r\n\t<path fill=\"currentColor\" d=\"M64 8 L0 8 L0 0 L20 7.9 L40 3 L48 5 L64 0 Z\"\/>\r\n<\/svg><\/div><div class=\"l-section-shape type_zigzag pos_bottom\" style=\"height:3vmin;\"><svg xmlns=\"http:\/\/www.w3.org\/2000\/svg\" viewBox=\"0 0 64 8\" preserveAspectRatio=\"none\" width=\"100%\" height=\"100%\">\r\n\t<path fill=\"currentColor\" d=\"M64 8 L0 8 L0 0 L20 7.9 L40 3 L48 5 L64 0 Z\"\/>\r\n<\/svg><\/div><div class=\"l-section-h i-cf\"><div class=\"g-cols vc_row via_flex valign_top type_default stacking_default\"><div class=\"vc_col-sm-12 wpb_column vc_column_container\"><div class=\"vc_column-inner\"><div class=\"wpb_wrapper\"><div class=\"wpb_text_column\"><div class=\"wpb_wrapper\"><h2 style=\"text-align: center;\">Riepilogo pratico<\/h2>\n<div style=\"overflow-x: auto;\">\n<table>\n<thead>\n<tr>\n<th>Domanda<\/th>\n<th>Risposta<\/th>\n<\/tr>\n<\/thead>\n<tbody>\n<tr>\n<td>Quando?<\/td>\n<td>Sabato 5 settembre 2026.<\/td>\n<\/tr>\n<tr>\n<td>Dove?<\/td>\n<td>Plaza Virgen del Pilar, La Barzola, Siviglia.<\/td>\n<\/tr>\n<tr>\n<td>A che ora?<\/td>\n<td>La fonte pi\u00f9 recente indica le 21:30; un&#8217;altra agenda ufficiale mostra le 21:00. \u00c8 consigliabile arrivare prima delle 21:00.<\/td>\n<\/tr>\n<tr>\n<td>Quanto costa?<\/td>\n<td>\u00c8 gratuito.<\/td>\n<\/tr>\n<tr>\n<td>Bisogna prenotare?<\/td>\n<td>Non sono state annunciate prenotazioni n\u00e9 inviti.<\/td>\n<\/tr>\n<tr>\n<td>A chi \u00e8 dedicato l&#8217;omaggio?<\/td>\n<td>A Jos\u00e9 de la Tomasa.<\/td>\n<\/tr>\n<tr>\n<td>Cosa comprende?<\/td>\n<td>Cante, chitarra, danza e palmas.<\/td>\n<\/tr>\n<\/tbody>\n<\/table>\n<\/div>\n<\/div><\/div><\/div><\/div><\/div><\/div><\/div><\/section><section class=\"l-section wpb_row height_huge\"><div class=\"l-section-h i-cf\"><div class=\"g-cols vc_row via_flex valign_top type_default stacking_default\"><div class=\"vc_col-sm-12 wpb_column vc_column_container\"><div class=\"vc_column-inner\"><div class=\"wpb_wrapper\"><div class=\"wpb_text_column\"><div class=\"wpb_wrapper\"><h2>Una notte di cante, memoria e quartiere<\/h2>\n<p>Macarena Flamenca 2026 riunisce un omaggio significativo, un cartellone di cante di primo livello, la presenza della danza e uno spazio aperto al quartiere. Jos\u00e9 de la Tomasa apporta profondit\u00e0 storica; Manuel de la Tomasa introduce il legame tra le generazioni; Potito, Antonio Reyes e Remedios Reyes offrono prospettive diverse sul cante. Manuela Amador Carrasco completa il programma con la danza.<\/p>\n<p>L&#8217;ingresso gratuito rende la proposta accessibile, ma richiede di organizzare bene l&#8217;arrivo. Presentarsi prima delle 21:00 \u00e8 l&#8217;opzione pi\u00f9 sicura di fronte alla discrepanza degli orari e alla possibile affluenza. Poi non resta che ascoltare: per una notte, la piazza sar\u00e0 un palcoscenico flamenco.<\/p>\n<\/div><\/div><div class=\"w-separator size_medium\"><\/div><div class=\"w-hwrapper valign_top wrap align_center\" style=\"--hwrapper-gap:1.2rem\"><div class=\"w-btn-wrapper align_none\"><a class=\"w-btn us-btn-style_1\" href=\"\/?p=13027\"><span class=\"w-btn-label\">Vedi la guida completa alla Biennale 2026<\/span><\/a><\/div><div class=\"w-btn-wrapper align_none\"><a class=\"w-btn us-btn-style_1\" href=\"\/?page_id=8549\"><span class=\"w-btn-label\">Scopri il flamenco a Siviglia<\/span><\/a><\/div><\/div><\/div><\/div><\/div><\/div><\/div><\/section><section class=\"l-section wpb_row height_huge color_alternate with_shape\"><div class=\"l-section-shape type_zigzag pos_top\" style=\"height:3vmin;\"><svg xmlns=\"http:\/\/www.w3.org\/2000\/svg\" viewBox=\"0 0 64 8\" preserveAspectRatio=\"none\" width=\"100%\" height=\"100%\">\r\n\t<path fill=\"currentColor\" d=\"M64 8 L0 8 L0 0 L20 7.9 L40 3 L48 5 L64 0 Z\"\/>\r\n<\/svg><\/div><div class=\"l-section-h i-cf\"><div class=\"g-cols vc_row via_flex valign_top type_default stacking_default\"><div class=\"vc_col-sm-1\/5 wpb_column vc_column_container\"><div class=\"vc_column-inner\"><div class=\"wpb_wrapper\"><\/div><\/div><\/div><div class=\"vc_col-sm-3\/5 wpb_column vc_column_container\"><div class=\"vc_column-inner\"><div class=\"wpb_wrapper\"><div class=\"wpb_text_column\"><div class=\"wpb_wrapper\"><h2 id=\"faq\">Domande frequenti su Macarena Flamenca 2026<\/h2>\n<\/div><\/div><div class=\"w-separator size_medium\"><\/div><div class=\"w-tabs accordion toggle_style_1 has_scrolling\" style=\"--sections-title-size:inherit;--sections-gap:0.5rem;\"><div class=\"w-tabs-sections titles-align_none icon_chevron cpos_right\"><div class=\"w-tabs-section\" id=\"se2c\"><button type=\"button\" class=\"w-tabs-section-header\" aria-controls=\"content-se2c\" aria-expanded=\"false\"><div class=\"w-tabs-section-title\">Quando si svolge Macarena Flamenca 2026?<\/div><div class=\"w-tabs-section-control\"><\/div><\/button><div  class=\"w-tabs-section-content\" id=\"content-se2c\"><div class=\"w-tabs-section-content-h i-cf\"><div class=\"wpb_text_column\"><div class=\"wpb_wrapper\"><p>Sabato 5 settembre 2026 in Plaza Virgen del Pilar, nel quartiere La Barzola di Siviglia.<\/p>\n<\/div><\/div><\/div><\/div><\/div><div class=\"w-tabs-section\" id=\"sf45\"><button type=\"button\" class=\"w-tabs-section-header\" aria-controls=\"content-sf45\" aria-expanded=\"false\"><div class=\"w-tabs-section-title\">A che ora inizia Macarena Flamenca?<\/div><div class=\"w-tabs-section-control\"><\/div><\/button><div  class=\"w-tabs-section-content\" id=\"content-sf45\"><div class=\"w-tabs-section-content-h i-cf\"><div class=\"wpb_text_column\"><div class=\"wpb_wrapper\"><p>Le informazioni comunali pi\u00f9 recenti e la Biennale indicano le 21:30, anche se l&#8217;agenda del Distretto Macarena riporta ancora le 21:00. Consigliamo di arrivare prima delle 21:00.<\/p>\n<\/div><\/div><\/div><\/div><\/div><div class=\"w-tabs-section\" id=\"z049\"><button type=\"button\" class=\"w-tabs-section-header\" aria-controls=\"content-z049\" aria-expanded=\"false\"><div class=\"w-tabs-section-title\">Bisogna acquistare biglietti per Macarena Flamenca?<\/div><div class=\"w-tabs-section-control\"><\/div><\/button><div  class=\"w-tabs-section-content\" id=\"content-z049\"><div class=\"w-tabs-section-content-h i-cf\"><div class=\"wpb_text_column\"><div class=\"wpb_wrapper\"><p>No. Il festival \u00e8 a ingresso libero e gratuito. Non esiste una biglietteria ufficiale e non \u00e8 stata annunciata alcuna prenotazione anticipata.<\/p>\n<\/div><\/div><\/div><\/div><\/div><div class=\"w-tabs-section\" id=\"g127\"><button type=\"button\" class=\"w-tabs-section-header\" aria-controls=\"content-g127\" aria-expanded=\"false\"><div class=\"w-tabs-section-title\">L&#8217;ingresso gratuito garantisce un posto?<\/div><div class=\"w-tabs-section-control\"><\/div><\/button><div  class=\"w-tabs-section-content\" id=\"content-g127\"><div class=\"w-tabs-section-content-h i-cf\"><div class=\"wpb_text_column\"><div class=\"wpb_wrapper\"><p>No. L&#8217;accesso dipende dalla capienza disponibile e dalle indicazioni dell&#8217;organizzazione. \u00c8 consigliabile arrivare con anticipo.<\/p>\n<\/div><\/div><\/div><\/div><\/div><div class=\"w-tabs-section\" id=\"o1f8\"><button type=\"button\" class=\"w-tabs-section-header\" aria-controls=\"content-o1f8\" aria-expanded=\"false\"><div class=\"w-tabs-section-title\">Chi si esibisce a Macarena Flamenca 2026?<\/div><div class=\"w-tabs-section-control\"><\/div><\/button><div  class=\"w-tabs-section-content\" id=\"content-o1f8\"><div class=\"w-tabs-section-content-h i-cf\"><div class=\"wpb_text_column\"><div class=\"wpb_wrapper\"><p>Il cartellone annuncia Potito, Antonio Reyes, Remedios Reyes, Manuel de la Tomasa e Manuela Amador Carrasco, con Manuel Herrera, Nono Reyes, Julio Romero, Luis Amador, Emilio Molina e Manuel Ta\u00f1\u00e9 negli accompagnamenti.<\/p>\n<\/div><\/div><\/div><\/div><\/div><div class=\"w-tabs-section\" id=\"t2e7\"><button type=\"button\" class=\"w-tabs-section-header\" aria-controls=\"content-t2e7\" aria-expanded=\"false\"><div class=\"w-tabs-section-title\">A chi \u00e8 dedicato il festival?<\/div><div class=\"w-tabs-section-control\"><\/div><\/button><div  class=\"w-tabs-section-content\" id=\"content-t2e7\"><div class=\"w-tabs-section-content-h i-cf\"><div class=\"wpb_text_column\"><div class=\"wpb_wrapper\"><p>La seconda edizione rende omaggio a Jos\u00e9 de la Tomasa per la sua carriera, la sua importanza nel cante sivigliano e il suo lavoro di trasmissione.<\/p>\n<\/div><\/div><\/div><\/div><\/div><div class=\"w-tabs-section\" id=\"p3b7\"><button type=\"button\" class=\"w-tabs-section-header\" aria-controls=\"content-p3b7\" aria-expanded=\"false\"><div class=\"w-tabs-section-title\">Jos\u00e9 de la Tomasa si esibir\u00e0 durante l&#8217;omaggio?<\/div><div class=\"w-tabs-section-control\"><\/div><\/button><div  class=\"w-tabs-section-content\" id=\"content-p3b7\"><div class=\"w-tabs-section-content-h i-cf\"><div class=\"wpb_text_column\"><div class=\"wpb_wrapper\"><p>Le fonti ufficiali lo presentano come protagonista e omaggiato, ma non descrivono una sua esibizione completa.<\/p>\n<\/div><\/div><\/div><\/div><\/div><div class=\"w-tabs-section\" id=\"y496\"><button type=\"button\" class=\"w-tabs-section-header\" aria-controls=\"content-y496\" aria-expanded=\"false\"><div class=\"w-tabs-section-title\">Dove si trova Plaza Virgen del Pilar?<\/div><div class=\"w-tabs-section-control\"><\/div><\/button><div  class=\"w-tabs-section-content\" id=\"content-y496\"><div class=\"w-tabs-section-content-h i-cf\"><div class=\"wpb_text_column\"><div class=\"wpb_wrapper\"><p>Si trova nel quartiere La Barzola, all&#8217;interno del distretto Macarena di Siviglia. Non va confusa con la Basilica della Macarena.<\/p>\n<\/div><\/div><\/div><\/div><\/div><div class=\"w-tabs-section\" id=\"k557\"><button type=\"button\" class=\"w-tabs-section-header\" aria-controls=\"content-k557\" aria-expanded=\"false\"><div class=\"w-tabs-section-title\">Fa parte della Biennale del Flamenco?<\/div><div class=\"w-tabs-section-control\"><\/div><\/button><div  class=\"w-tabs-section-content\" id=\"content-k557\"><div class=\"w-tabs-section-content-h i-cf\"><div class=\"wpb_text_column\"><div class=\"wpb_wrapper\"><p>S\u00ec. \u00c8 collegato alle attivit\u00e0 precedenti alla Biennale e al programma Flamenco a pie de calle della XXIV Biennale del Flamenco di Siviglia.<\/p>\n<\/div><\/div><\/div><\/div><\/div><div class=\"w-tabs-section\" id=\"d622\"><button type=\"button\" class=\"w-tabs-section-header\" aria-controls=\"content-d622\" aria-expanded=\"false\"><div class=\"w-tabs-section-title\">Cosa succede se piove o cambia l&#8217;orario?<\/div><div class=\"w-tabs-section-control\"><\/div><\/button><div  class=\"w-tabs-section-content\" id=\"content-d622\"><div class=\"w-tabs-section-content-h i-cf\"><div class=\"wpb_text_column\"><div class=\"wpb_wrapper\"><p>Essendo un evento all&#8217;aperto, possono verificarsi modifiche. \u00c8 consigliabile controllare il giorno stesso i canali del Comune, del Distretto Macarena e della Biennale.<\/p>\n<\/div><\/div><\/div><\/div><\/div><\/div><\/div><\/div><\/div><\/div><div class=\"vc_col-sm-1\/5 wpb_column vc_column_container\"><div class=\"vc_column-inner\"><div class=\"wpb_wrapper\"><\/div><\/div><\/div><\/div><\/div><\/section>\n","protected":false},"excerpt":{"rendered":"<p>Macarena Flamenca 2026 a Siviglia: programma, artisti, omaggio a Jos\u00e9 de la Tomasa, orario, luogo e ingresso gratuito.<\/p>\n","protected":false},"author":1,"featured_media":14653,"comment_status":"closed","ping_status":"closed","sticky":false,"template":"","format":"standard","meta":{"_acf_changed":false,"wpai_generated_summary":"","_ayudawp_aiss_exclude":false,"_ayudawp_aiss_exclude_summary":false,"_ayudawp_aiss_summary":"","_ayudawp_aiss_summary_provider":"","_ayudawp_aiss_summary_hash":"","footnotes":""},"categories":[1670],"tags":[1251,1398,1402,1252,1177,1947,1253],"class_list":["post-14766","post","type-post","status-publish","format-standard","has-post-thumbnail","hentry","category-festival-flamenco","tag-bienal-de-flamenco","tag-cante-flamenco-it","tag-danza-flamenca","tag-festivales-flamencos","tag-flamenco-en-sevilla","tag-flamenco-gratuito","tag-sevilla"],"acf":[],"yoast_head":"<!-- This site is optimized with the Yoast SEO Premium plugin v28.4 (Yoast SEO v28.4) - https:\/\/yoast.com\/product\/yoast-seo-premium-wordpress\/ -->\n<title>Macarena Flamenca 2026: programma, orario e ingresso gratuito<\/title>\n<meta name=\"description\" content=\"Macarena Flamenca 2026 a Siviglia: programma, artisti, omaggio a Jos\u00e9 de la Tomasa, orario, luogo e ingresso gratuito.\" \/>\n<meta name=\"robots\" content=\"index, follow, max-snippet:-1, max-image-preview:large, max-video-preview:-1\" \/>\n<link rel=\"canonical\" href=\"https:\/\/www.tablaosflamencos.com\/it\/macarena-flamenca-2026-programma-biglietti.html\" \/>\n<meta property=\"og:locale\" content=\"it_IT\" \/>\n<meta property=\"og:type\" content=\"article\" \/>\n<meta property=\"og:title\" content=\"Macarena Flamenca 2026: programma, biglietti e tutto quello che devi sapere\" \/>\n<meta property=\"og:description\" content=\"Macarena Flamenca 2026 a Siviglia: programma, artisti, omaggio a Jos\u00e9 de la Tomasa, orario, luogo e ingresso gratuito.\" \/>\n<meta property=\"og:url\" content=\"https:\/\/www.tablaosflamencos.com\/it\/macarena-flamenca-2026-programma-biglietti.html\" \/>\n<meta property=\"og:site_name\" content=\"Tablaos Flamencos\" \/>\n<meta property=\"article:publisher\" content=\"https:\/\/www.facebook.com\/tablaosflamencos\" \/>\n<meta property=\"article:published_time\" content=\"2026-09-05T11:50:39+00:00\" \/>\n<meta property=\"article:modified_time\" content=\"2026-09-05T12:11:25+00:00\" \/>\n<meta property=\"og:image\" content=\"https:\/\/www.tablaosflamencos.com\/wp-content\/uploads\/macarena-flamenca-2026-programacion-entradas-y-todo-lo-que-necesitas-saber-01.webp\" \/>\n\t<meta property=\"og:image:width\" content=\"1672\" \/>\n\t<meta property=\"og:image:height\" content=\"941\" \/>\n\t<meta property=\"og:image:type\" content=\"image\/webp\" \/>\n<meta name=\"author\" content=\"Miguel Ortiz\" \/>\n<meta name=\"twitter:card\" content=\"summary_large_image\" \/>\n<meta name=\"twitter:creator\" content=\"@tablaosflamenco\" \/>\n<meta name=\"twitter:site\" content=\"@tablaosflamenco\" \/>\n<meta name=\"twitter:label1\" content=\"Scritto da\" \/>\n\t<meta name=\"twitter:data1\" content=\"Miguel Ortiz\" \/>\n\t<meta name=\"twitter:label2\" content=\"Tempo di lettura stimato\" \/>\n\t<meta name=\"twitter:data2\" content=\"13 minuti\" \/>\n<script type=\"application\/ld+json\" class=\"yoast-schema-graph\">{\"@context\":\"https:\\\/\\\/schema.org\",\"@graph\":[{\"@type\":\"Article\",\"@id\":\"https:\\\/\\\/www.tablaosflamencos.com\\\/it\\\/macarena-flamenca-2026-programma-biglietti.html#article\",\"isPartOf\":{\"@id\":\"https:\\\/\\\/www.tablaosflamencos.com\\\/it\\\/macarena-flamenca-2026-programma-biglietti.html\"},\"author\":{\"name\":\"Miguel Ortiz\",\"@id\":\"https:\\\/\\\/www.tablaosflamencos.com\\\/it#\\\/schema\\\/person\\\/e7a9ebe14eb75a52ceabfbffb3c54f5d\"},\"headline\":\"Macarena Flamenca 2026: programma, biglietti e tutto quello che devi sapere\",\"datePublished\":\"2026-09-05T11:50:39+00:00\",\"dateModified\":\"2026-09-05T12:11:25+00:00\",\"mainEntityOfPage\":{\"@id\":\"https:\\\/\\\/www.tablaosflamencos.com\\\/it\\\/macarena-flamenca-2026-programma-biglietti.html\"},\"wordCount\":2687,\"publisher\":{\"@id\":\"https:\\\/\\\/www.tablaosflamencos.com\\\/it#organization\"},\"image\":{\"@id\":\"https:\\\/\\\/www.tablaosflamencos.com\\\/it\\\/macarena-flamenca-2026-programma-biglietti.html#primaryimage\"},\"thumbnailUrl\":\"https:\\\/\\\/www.tablaosflamencos.com\\\/wp-content\\\/uploads\\\/macarena-flamenca-2026-programacion-entradas-y-todo-lo-que-necesitas-saber-01.webp\",\"keywords\":[\"Bienal de Flamenco\",\"cante flamenco\",\"danza flamenca\",\"festivales flamencos\",\"flamenco en Sevilla\",\"flamenco gratuito\",\"sevilla\"],\"articleSection\":[\"Festival di flamenco\"],\"inLanguage\":\"it-IT\"},{\"@type\":\"WebPage\",\"@id\":\"https:\\\/\\\/www.tablaosflamencos.com\\\/it\\\/macarena-flamenca-2026-programma-biglietti.html\",\"url\":\"https:\\\/\\\/www.tablaosflamencos.com\\\/it\\\/macarena-flamenca-2026-programma-biglietti.html\",\"name\":\"Macarena Flamenca 2026: programma, orario e ingresso gratuito\",\"isPartOf\":{\"@id\":\"https:\\\/\\\/www.tablaosflamencos.com\\\/it#website\"},\"primaryImageOfPage\":{\"@id\":\"https:\\\/\\\/www.tablaosflamencos.com\\\/it\\\/macarena-flamenca-2026-programma-biglietti.html#primaryimage\"},\"image\":{\"@id\":\"https:\\\/\\\/www.tablaosflamencos.com\\\/it\\\/macarena-flamenca-2026-programma-biglietti.html#primaryimage\"},\"thumbnailUrl\":\"https:\\\/\\\/www.tablaosflamencos.com\\\/wp-content\\\/uploads\\\/macarena-flamenca-2026-programacion-entradas-y-todo-lo-que-necesitas-saber-01.webp\",\"datePublished\":\"2026-09-05T11:50:39+00:00\",\"dateModified\":\"2026-09-05T12:11:25+00:00\",\"description\":\"Macarena Flamenca 2026 a Siviglia: programma, artisti, omaggio a Jos\u00e9 de la Tomasa, orario, luogo e ingresso gratuito.\",\"breadcrumb\":{\"@id\":\"https:\\\/\\\/www.tablaosflamencos.com\\\/it\\\/macarena-flamenca-2026-programma-biglietti.html#breadcrumb\"},\"inLanguage\":\"it-IT\",\"potentialAction\":[{\"@type\":\"ReadAction\",\"target\":[\"https:\\\/\\\/www.tablaosflamencos.com\\\/it\\\/macarena-flamenca-2026-programma-biglietti.html\"]}]},{\"@type\":\"ImageObject\",\"inLanguage\":\"it-IT\",\"@id\":\"https:\\\/\\\/www.tablaosflamencos.com\\\/it\\\/macarena-flamenca-2026-programma-biglietti.html#primaryimage\",\"url\":\"https:\\\/\\\/www.tablaosflamencos.com\\\/wp-content\\\/uploads\\\/macarena-flamenca-2026-programacion-entradas-y-todo-lo-que-necesitas-saber-01.webp\",\"contentUrl\":\"https:\\\/\\\/www.tablaosflamencos.com\\\/wp-content\\\/uploads\\\/macarena-flamenca-2026-programacion-entradas-y-todo-lo-que-necesitas-saber-01.webp\",\"width\":1672,\"height\":941,\"caption\":\"Macarena Flamenca 2026: programaci\u00f3n, entradas y todo lo que necesitas saber\"},{\"@type\":\"BreadcrumbList\",\"@id\":\"https:\\\/\\\/www.tablaosflamencos.com\\\/it\\\/macarena-flamenca-2026-programma-biglietti.html#breadcrumb\",\"itemListElement\":[{\"@type\":\"ListItem\",\"position\":1,\"name\":\"Home\",\"item\":\"https:\\\/\\\/www.tablaosflamencos.com\\\/it\"},{\"@type\":\"ListItem\",\"position\":2,\"name\":\"Macarena Flamenca 2026: programma, biglietti e tutto quello che devi sapere\"}]},{\"@type\":\"WebSite\",\"@id\":\"https:\\\/\\\/www.tablaosflamencos.com\\\/it#website\",\"url\":\"https:\\\/\\\/www.tablaosflamencos.com\\\/it\",\"name\":\"Tablaos Flamencos\",\"description\":\"Entradas para tablaos flamencos de Espa\u00f1a\",\"publisher\":{\"@id\":\"https:\\\/\\\/www.tablaosflamencos.com\\\/it#organization\"},\"alternateName\":\"Tablaos Flamencos\",\"potentialAction\":[{\"@type\":\"SearchAction\",\"target\":{\"@type\":\"EntryPoint\",\"urlTemplate\":\"https:\\\/\\\/www.tablaosflamencos.com\\\/it?s={search_term_string}\"},\"query-input\":{\"@type\":\"PropertyValueSpecification\",\"valueRequired\":true,\"valueName\":\"search_term_string\"}}],\"inLanguage\":\"it-IT\"},{\"@type\":[\"Organization\",\"Place\",\"EntertainmentBusiness\"],\"@id\":\"https:\\\/\\\/www.tablaosflamencos.com\\\/it#organization\",\"name\":\"Tablaos Flamencos\",\"alternateName\":\"Tablaos Flamencos\",\"url\":\"https:\\\/\\\/www.tablaosflamencos.com\\\/it\",\"logo\":{\"@id\":\"https:\\\/\\\/www.tablaosflamencos.com\\\/it\\\/macarena-flamenca-2026-programma-biglietti.html#local-main-organization-logo\"},\"image\":{\"@id\":\"https:\\\/\\\/www.tablaosflamencos.com\\\/it\\\/macarena-flamenca-2026-programma-biglietti.html#local-main-organization-logo\"},\"sameAs\":[\"https:\\\/\\\/www.facebook.com\\\/tablaosflamencos\",\"https:\\\/\\\/x.com\\\/tablaosflamenco\",\"https:\\\/\\\/mastodon.social\\\/@tablaosflamencos\",\"https:\\\/\\\/www.instagram.com\\\/tablaosflamencos\",\"https:\\\/\\\/tiktok.com\\\/@tablaosflamencos\",\"https:\\\/\\\/www.linkedin.com\\\/company\\\/109408238\\\/\"],\"description\":\"Venta de entradas para espect\u00e1culos flamencos\",\"legalName\":\"Tablaos Flamencos\",\"foundingDate\":\"2015-01-01\",\"numberOfEmployees\":{\"@type\":\"QuantitativeValue\",\"minValue\":\"1\",\"maxValue\":\"10\"},\"address\":{\"@id\":\"https:\\\/\\\/www.tablaosflamencos.com\\\/it\\\/macarena-flamenca-2026-programma-biglietti.html#local-main-place-address\"},\"geo\":{\"@type\":\"GeoCoordinates\",\"latitude\":\"37.3868072\",\"longitude\":\"-5.993280299999999\"},\"telephone\":[\"+34623787787\"],\"contactPoint\":{\"@type\":\"ContactPoint\",\"telephone\":\"+34623787787\",\"email\":\"info@tablaosflamencos.com\"},\"openingHoursSpecification\":{\"@type\":\"OpeningHoursSpecification\",\"dayOfWeek\":[\"Monday\",\"Tuesday\",\"Wednesday\",\"Thursday\",\"Friday\",\"Saturday\",\"Sunday\"],\"opens\":\"00:00\",\"closes\":\"23:59\"},\"email\":\"info@tablaosflamencos.com\",\"priceRange\":\"$$$\",\"currenciesAccepted\":\"\u20ac\"},{\"@type\":\"Person\",\"@id\":\"https:\\\/\\\/www.tablaosflamencos.com\\\/it#\\\/schema\\\/person\\\/e7a9ebe14eb75a52ceabfbffb3c54f5d\",\"name\":\"Miguel Ortiz\",\"description\":\"Miguel Ortiz es un empresario flamenco, con una s\u00f3lida trayectoria dentro del sector. Ha presidido entidades culturales vinculadas al flamenco y, cuenta con un amplio recorrido profesional en la gesti\u00f3n y promoci\u00f3n de espect\u00e1culos y tablaos flamencos. Su pasi\u00f3n por la historia y el arte flamenco se refleja en cada art\u00edculo, donde combina experiencia, criterio y un profundo respeto por la tradici\u00f3n.\",\"sameAs\":[\"https:\\\/\\\/www.tablaosflamencos.com\",\"https:\\\/\\\/www.instagra.com\\\/miguelortizfe\",\"https:\\\/\\\/www.linkedin.com\\\/in\\\/miguelortizf\\\/\"],\"birthDate\":\"1984-11-22\",\"gender\":\"hombre\",\"knowsLanguage\":[\"espa\u00f1ol\",\"ingl\u00e9s\"],\"jobTitle\":\"Empresario flamenco\"},{\"@type\":\"PostalAddress\",\"@id\":\"https:\\\/\\\/www.tablaosflamencos.com\\\/it\\\/macarena-flamenca-2026-programma-biglietti.html#local-main-place-address\",\"streetAddress\":\"C\\\/ Alemanes, 19\",\"addressLocality\":\"Sevilla\",\"postalCode\":\"41004\",\"addressRegion\":\"Sevilla\",\"addressCountry\":\"ES\"},{\"@type\":\"ImageObject\",\"inLanguage\":\"it-IT\",\"@id\":\"https:\\\/\\\/www.tablaosflamencos.com\\\/it\\\/macarena-flamenca-2026-programma-biglietti.html#local-main-organization-logo\",\"url\":\"https:\\\/\\\/www.tablaosflamencos.com\\\/wp-content\\\/uploads\\\/tablaos-flamencos-06-3.webp\",\"contentUrl\":\"https:\\\/\\\/www.tablaosflamencos.com\\\/wp-content\\\/uploads\\\/tablaos-flamencos-06-3.webp\",\"width\":600,\"height\":620,\"caption\":\"Tablaos Flamencos\"}]}<\/script>\n<meta name=\"geo.placename\" content=\"Sevilla\" \/>\n<meta name=\"geo.position\" content=\"37.3868072;-5.993280299999999\" \/>\n<meta name=\"geo.region\" content=\"Spagna\" \/>\n<!-- \/ Yoast SEO Premium plugin. -->","yoast_head_json":{"title":"Macarena Flamenca 2026: programma, orario e ingresso gratuito","description":"Macarena Flamenca 2026 a Siviglia: programma, artisti, omaggio a Jos\u00e9 de la Tomasa, orario, luogo e ingresso gratuito.","robots":{"index":"index","follow":"follow","max-snippet":"max-snippet:-1","max-image-preview":"max-image-preview:large","max-video-preview":"max-video-preview:-1"},"canonical":"https:\/\/www.tablaosflamencos.com\/it\/macarena-flamenca-2026-programma-biglietti.html","og_locale":"it_IT","og_type":"article","og_title":"Macarena Flamenca 2026: programma, biglietti e tutto quello che devi sapere","og_description":"Macarena Flamenca 2026 a Siviglia: programma, artisti, omaggio a Jos\u00e9 de la Tomasa, orario, luogo e ingresso gratuito.","og_url":"https:\/\/www.tablaosflamencos.com\/it\/macarena-flamenca-2026-programma-biglietti.html","og_site_name":"Tablaos Flamencos","article_publisher":"https:\/\/www.facebook.com\/tablaosflamencos","article_published_time":"2026-09-05T11:50:39+00:00","article_modified_time":"2026-09-05T12:11:25+00:00","og_image":[{"width":1672,"height":941,"url":"https:\/\/www.tablaosflamencos.com\/wp-content\/uploads\/macarena-flamenca-2026-programacion-entradas-y-todo-lo-que-necesitas-saber-01.webp","type":"image\/webp"}],"author":"Miguel Ortiz","twitter_card":"summary_large_image","twitter_creator":"@tablaosflamenco","twitter_site":"@tablaosflamenco","twitter_misc":{"Scritto da":"Miguel Ortiz","Tempo di lettura stimato":"13 minuti"},"schema":{"@context":"https:\/\/schema.org","@graph":[{"@type":"Article","@id":"https:\/\/www.tablaosflamencos.com\/it\/macarena-flamenca-2026-programma-biglietti.html#article","isPartOf":{"@id":"https:\/\/www.tablaosflamencos.com\/it\/macarena-flamenca-2026-programma-biglietti.html"},"author":{"name":"Miguel Ortiz","@id":"https:\/\/www.tablaosflamencos.com\/it#\/schema\/person\/e7a9ebe14eb75a52ceabfbffb3c54f5d"},"headline":"Macarena Flamenca 2026: programma, biglietti e tutto quello che devi sapere","datePublished":"2026-09-05T11:50:39+00:00","dateModified":"2026-09-05T12:11:25+00:00","mainEntityOfPage":{"@id":"https:\/\/www.tablaosflamencos.com\/it\/macarena-flamenca-2026-programma-biglietti.html"},"wordCount":2687,"publisher":{"@id":"https:\/\/www.tablaosflamencos.com\/it#organization"},"image":{"@id":"https:\/\/www.tablaosflamencos.com\/it\/macarena-flamenca-2026-programma-biglietti.html#primaryimage"},"thumbnailUrl":"https:\/\/www.tablaosflamencos.com\/wp-content\/uploads\/macarena-flamenca-2026-programacion-entradas-y-todo-lo-que-necesitas-saber-01.webp","keywords":["Bienal de Flamenco","cante flamenco","danza flamenca","festivales flamencos","flamenco en Sevilla","flamenco gratuito","sevilla"],"articleSection":["Festival di flamenco"],"inLanguage":"it-IT"},{"@type":"WebPage","@id":"https:\/\/www.tablaosflamencos.com\/it\/macarena-flamenca-2026-programma-biglietti.html","url":"https:\/\/www.tablaosflamencos.com\/it\/macarena-flamenca-2026-programma-biglietti.html","name":"Macarena Flamenca 2026: programma, orario e ingresso gratuito","isPartOf":{"@id":"https:\/\/www.tablaosflamencos.com\/it#website"},"primaryImageOfPage":{"@id":"https:\/\/www.tablaosflamencos.com\/it\/macarena-flamenca-2026-programma-biglietti.html#primaryimage"},"image":{"@id":"https:\/\/www.tablaosflamencos.com\/it\/macarena-flamenca-2026-programma-biglietti.html#primaryimage"},"thumbnailUrl":"https:\/\/www.tablaosflamencos.com\/wp-content\/uploads\/macarena-flamenca-2026-programacion-entradas-y-todo-lo-que-necesitas-saber-01.webp","datePublished":"2026-09-05T11:50:39+00:00","dateModified":"2026-09-05T12:11:25+00:00","description":"Macarena Flamenca 2026 a Siviglia: programma, artisti, omaggio a Jos\u00e9 de la Tomasa, orario, luogo e ingresso gratuito.","breadcrumb":{"@id":"https:\/\/www.tablaosflamencos.com\/it\/macarena-flamenca-2026-programma-biglietti.html#breadcrumb"},"inLanguage":"it-IT","potentialAction":[{"@type":"ReadAction","target":["https:\/\/www.tablaosflamencos.com\/it\/macarena-flamenca-2026-programma-biglietti.html"]}]},{"@type":"ImageObject","inLanguage":"it-IT","@id":"https:\/\/www.tablaosflamencos.com\/it\/macarena-flamenca-2026-programma-biglietti.html#primaryimage","url":"https:\/\/www.tablaosflamencos.com\/wp-content\/uploads\/macarena-flamenca-2026-programacion-entradas-y-todo-lo-que-necesitas-saber-01.webp","contentUrl":"https:\/\/www.tablaosflamencos.com\/wp-content\/uploads\/macarena-flamenca-2026-programacion-entradas-y-todo-lo-que-necesitas-saber-01.webp","width":1672,"height":941,"caption":"Macarena Flamenca 2026: programaci\u00f3n, entradas y todo lo que necesitas saber"},{"@type":"BreadcrumbList","@id":"https:\/\/www.tablaosflamencos.com\/it\/macarena-flamenca-2026-programma-biglietti.html#breadcrumb","itemListElement":[{"@type":"ListItem","position":1,"name":"Home","item":"https:\/\/www.tablaosflamencos.com\/it"},{"@type":"ListItem","position":2,"name":"Macarena Flamenca 2026: programma, biglietti e tutto quello che devi sapere"}]},{"@type":"WebSite","@id":"https:\/\/www.tablaosflamencos.com\/it#website","url":"https:\/\/www.tablaosflamencos.com\/it","name":"Tablaos Flamencos","description":"Entradas para tablaos flamencos de Espa\u00f1a","publisher":{"@id":"https:\/\/www.tablaosflamencos.com\/it#organization"},"alternateName":"Tablaos Flamencos","potentialAction":[{"@type":"SearchAction","target":{"@type":"EntryPoint","urlTemplate":"https:\/\/www.tablaosflamencos.com\/it?s={search_term_string}"},"query-input":{"@type":"PropertyValueSpecification","valueRequired":true,"valueName":"search_term_string"}}],"inLanguage":"it-IT"},{"@type":["Organization","Place","EntertainmentBusiness"],"@id":"https:\/\/www.tablaosflamencos.com\/it#organization","name":"Tablaos Flamencos","alternateName":"Tablaos Flamencos","url":"https:\/\/www.tablaosflamencos.com\/it","logo":{"@id":"https:\/\/www.tablaosflamencos.com\/it\/macarena-flamenca-2026-programma-biglietti.html#local-main-organization-logo"},"image":{"@id":"https:\/\/www.tablaosflamencos.com\/it\/macarena-flamenca-2026-programma-biglietti.html#local-main-organization-logo"},"sameAs":["https:\/\/www.facebook.com\/tablaosflamencos","https:\/\/x.com\/tablaosflamenco","https:\/\/mastodon.social\/@tablaosflamencos","https:\/\/www.instagram.com\/tablaosflamencos","https:\/\/tiktok.com\/@tablaosflamencos","https:\/\/www.linkedin.com\/company\/109408238\/"],"description":"Venta de entradas para espect\u00e1culos flamencos","legalName":"Tablaos Flamencos","foundingDate":"2015-01-01","numberOfEmployees":{"@type":"QuantitativeValue","minValue":"1","maxValue":"10"},"address":{"@id":"https:\/\/www.tablaosflamencos.com\/it\/macarena-flamenca-2026-programma-biglietti.html#local-main-place-address"},"geo":{"@type":"GeoCoordinates","latitude":"37.3868072","longitude":"-5.993280299999999"},"telephone":["+34623787787"],"contactPoint":{"@type":"ContactPoint","telephone":"+34623787787","email":"info@tablaosflamencos.com"},"openingHoursSpecification":{"@type":"OpeningHoursSpecification","dayOfWeek":["Monday","Tuesday","Wednesday","Thursday","Friday","Saturday","Sunday"],"opens":"00:00","closes":"23:59"},"email":"info@tablaosflamencos.com","priceRange":"$$$","currenciesAccepted":"\u20ac"},{"@type":"Person","@id":"https:\/\/www.tablaosflamencos.com\/it#\/schema\/person\/e7a9ebe14eb75a52ceabfbffb3c54f5d","name":"Miguel Ortiz","description":"Miguel Ortiz es un empresario flamenco, con una s\u00f3lida trayectoria dentro del sector. Ha presidido entidades culturales vinculadas al flamenco y, cuenta con un amplio recorrido profesional en la gesti\u00f3n y promoci\u00f3n de espect\u00e1culos y tablaos flamencos. Su pasi\u00f3n por la historia y el arte flamenco se refleja en cada art\u00edculo, donde combina experiencia, criterio y un profundo respeto por la tradici\u00f3n.","sameAs":["https:\/\/www.tablaosflamencos.com","https:\/\/www.instagra.com\/miguelortizfe","https:\/\/www.linkedin.com\/in\/miguelortizf\/"],"birthDate":"1984-11-22","gender":"hombre","knowsLanguage":["espa\u00f1ol","ingl\u00e9s"],"jobTitle":"Empresario flamenco"},{"@type":"PostalAddress","@id":"https:\/\/www.tablaosflamencos.com\/it\/macarena-flamenca-2026-programma-biglietti.html#local-main-place-address","streetAddress":"C\/ Alemanes, 19","addressLocality":"Sevilla","postalCode":"41004","addressRegion":"Sevilla","addressCountry":"ES"},{"@type":"ImageObject","inLanguage":"it-IT","@id":"https:\/\/www.tablaosflamencos.com\/it\/macarena-flamenca-2026-programma-biglietti.html#local-main-organization-logo","url":"https:\/\/www.tablaosflamencos.com\/wp-content\/uploads\/tablaos-flamencos-06-3.webp","contentUrl":"https:\/\/www.tablaosflamencos.com\/wp-content\/uploads\/tablaos-flamencos-06-3.webp","width":600,"height":620,"caption":"Tablaos Flamencos"}]},"geo.placename":"Sevilla","geo.position":{"lat":"37.3868072","long":"-5.993280299999999"},"geo.region":"Spagna"},"_links":{"self":[{"href":"https:\/\/www.tablaosflamencos.com\/it\/wp-json\/wp\/v2\/posts\/14766","targetHints":{"allow":["GET"]}}],"collection":[{"href":"https:\/\/www.tablaosflamencos.com\/it\/wp-json\/wp\/v2\/posts"}],"about":[{"href":"https:\/\/www.tablaosflamencos.com\/it\/wp-json\/wp\/v2\/types\/post"}],"author":[{"embeddable":true,"href":"https:\/\/www.tablaosflamencos.com\/it\/wp-json\/wp\/v2\/users\/1"}],"replies":[{"embeddable":true,"href":"https:\/\/www.tablaosflamencos.com\/it\/wp-json\/wp\/v2\/comments?post=14766"}],"version-history":[{"count":1,"href":"https:\/\/www.tablaosflamencos.com\/it\/wp-json\/wp\/v2\/posts\/14766\/revisions"}],"predecessor-version":[{"id":14808,"href":"https:\/\/www.tablaosflamencos.com\/it\/wp-json\/wp\/v2\/posts\/14766\/revisions\/14808"}],"wp:featuredmedia":[{"embeddable":true,"href":"https:\/\/www.tablaosflamencos.com\/it\/wp-json\/wp\/v2\/media\/14653"}],"wp:attachment":[{"href":"https:\/\/www.tablaosflamencos.com\/it\/wp-json\/wp\/v2\/media?parent=14766"}],"wp:term":[{"taxonomy":"category","embeddable":true,"href":"https:\/\/www.tablaosflamencos.com\/it\/wp-json\/wp\/v2\/categories?post=14766"},{"taxonomy":"post_tag","embeddable":true,"href":"https:\/\/www.tablaosflamencos.com\/it\/wp-json\/wp\/v2\/tags?post=14766"}],"curies":[{"name":"wp","href":"https:\/\/api.w.org\/{rel}","templated":true}]}}