{"id":14720,"date":"2026-09-05T12:21:41","date_gmt":"2026-09-05T10:21:41","guid":{"rendered":"https:\/\/www.tablaosflamencos.com\/?p=14720"},"modified":"2026-09-05T12:51:07","modified_gmt":"2026-09-05T10:51:07","slug":"cosa-fare-siviglia-durante-biennale-flamenco-2026","status":"publish","type":"post","link":"https:\/\/www.tablaosflamencos.com\/it\/cosa-fare-siviglia-durante-biennale-flamenco-2026.html","title":{"rendered":"Cosa fare a Siviglia durante la Biennale di Flamenco 2026"},"content":{"rendered":"<section class=\"l-section wpb_row height_huge\"><div class=\"l-section-h i-cf\"><div class=\"g-cols vc_row via_flex valign_middle type_default stacking_default\"><div class=\"vc_col-sm-6 wpb_column vc_column_container\"><div class=\"vc_column-inner\"><div class=\"wpb_wrapper\"><div class=\"wpb_text_column\"><div class=\"wpb_wrapper\"><h2>Siviglia durante la Biennale: molto pi\u00f9 che passare da uno spettacolo all\u2019altro<\/h2>\n<p>La <strong>Biennale di Flamenco di Siviglia 2026<\/strong> si svolge dal <strong>9 settembre al 3 ottobre<\/strong> e durante quelle settimane la citt\u00e0 cambia ritmo. I grandi teatri, gli spazi storici e i palcoscenici all\u2019aperto ospitano un programma eccezionale, ma limitare la visita a entrare e uscire dagli spettacoli significa perdere una parte importante dell\u2019esperienza.<\/p>\n<p>La Biennale si vive anche al mattino, tra una rappresentazione e l\u2019altra e dopo l\u2019ultimo spettacolo. Ci sono mostre gratuite, flamenco in strada, quartieri legati alla storia di quest\u2019arte, mercati, terrazze, monumenti, passeggiate lungo il Guadalquivir e un\u2019offerta stabile di tablaos che continua indipendentemente dal programma ufficiale.<\/p>\n<p>Questa guida \u00e8 pensata per chi visita Siviglia durante la Biennale e vuole organizzare l\u2019intera giornata: <strong>cosa fare prima di uno spettacolo, come sfruttare le ore tra due rappresentazioni e dove proseguire la serata flamenca<\/strong>.<\/p>\n<\/div><\/div><\/div><\/div><\/div><div class=\"vc_col-sm-6 wpb_column vc_column_container\"><div class=\"vc_column-inner\"><div class=\"wpb_wrapper\"><div class=\"wpb_text_column\"><div class=\"wpb_wrapper\"><blockquote>\n<p style=\"margin: 0;\"><strong>Risposta rapida:<\/strong> durante la Biennale di Flamenco 2026 puoi abbinare il programma ufficiale alla mostra gratuita <em>La noche azul<\/em>, alle attivit\u00e0 di \u201cOtras perlas\u201d, alle passeggiate per Triana e il centro storico, alle visite al Real Alc\u00e1zar, alla Cattedrale o a Plaza de Espa\u00f1a, alla gastronomia sivigliana e agli spettacoli di flamenco fuori dal cartellone ufficiale. La chiave \u00e8 organizzare la giornata per zone, riducendo gli spostamenti.<\/p>\n<\/blockquote>\n<\/div><\/div><\/div><\/div><\/div><\/div><\/div><\/section><section class=\"l-section wpb_row height_huge\"><div class=\"l-section-h i-cf\"><div class=\"g-cols vc_row via_flex valign_top type_default stacking_default\"><div class=\"vc_col-sm-3 wpb_column vc_column_container\"><div class=\"vc_column-inner\"><div class=\"wpb_wrapper\"><\/div><\/div><\/div><div class=\"vc_col-sm-6 wpb_column vc_column_container\"><div class=\"vc_column-inner\"><div class=\"wpb_wrapper\"><div class=\"wpb_text_column\"><div class=\"wpb_wrapper\"><h2>Cosa fare a Siviglia durante la Biennale di Flamenco 2026<\/h2>\n<ul>\n<li><a href=\"#manana\">Cosa fare al mattino<\/a><\/li>\n<li><a href=\"#otras-perlas\">Attivit\u00e0 collaterali della Biennale<\/a><\/li>\n<li><a href=\"#barrios\">Quartieri che meritano una passeggiata<\/a><\/li>\n<li><a href=\"#entre-espectaculos\">Cosa fare tra due spettacoli<\/a><\/li>\n<li><a href=\"#comer\">Come inserire la gastronomia sivigliana nella giornata<\/a><\/li>\n<li><a href=\"#noche\">Come proseguire la serata dopo uno spettacolo della Biennale<\/a><\/li>\n<li><a href=\"#itinerarios\">Tre itinerari pratici<\/a><\/li>\n<li><a href=\"#consejos\">Consigli per organizzare il soggiorno<\/a><\/li>\n<li><a href=\"#faq\">Domande frequenti<\/a><\/li>\n<\/ul>\n<p>Se stai ancora scegliendo gli spettacoli a cui assistere, consulta prima la nostra <a href=\"https:\/\/www.tablaosflamencos.com\/it\/biennale-flamenco-siviglia-2026.html\"><strong>guida completa alla Biennale di Flamenco di Siviglia 2026<\/strong><\/a>, con programma, date e sedi.<\/p>\n<\/div><\/div><\/div><\/div><\/div><div class=\"vc_col-sm-3 wpb_column vc_column_container\"><div class=\"vc_column-inner\"><div class=\"wpb_wrapper\"><\/div><\/div><\/div><\/div><\/div><\/section><section class=\"l-section wpb_row height_huge color_alternate with_shape\"><div class=\"l-section-shape type_zigzag pos_top hor_flip\" style=\"height:3vmin;\"><svg xmlns=\"http:\/\/www.w3.org\/2000\/svg\" viewBox=\"0 0 64 8\" preserveAspectRatio=\"none\" width=\"100%\" height=\"100%\">\r\n\t<path fill=\"currentColor\" d=\"M64 8 L0 8 L0 0 L20 7.9 L40 3 L48 5 L64 0 Z\"\/>\r\n<\/svg><\/div><div class=\"l-section-shape type_zigzag pos_bottom\" style=\"height:3vmin;\"><svg xmlns=\"http:\/\/www.w3.org\/2000\/svg\" viewBox=\"0 0 64 8\" preserveAspectRatio=\"none\" width=\"100%\" height=\"100%\">\r\n\t<path fill=\"currentColor\" d=\"M64 8 L0 8 L0 0 L20 7.9 L40 3 L48 5 L64 0 Z\"\/>\r\n<\/svg><\/div><div class=\"l-section-h i-cf\"><div class=\"g-cols vc_row via_flex valign_top type_default stacking_default\"><div class=\"vc_col-sm-12 wpb_column vc_column_container\"><div class=\"vc_column-inner\"><div class=\"wpb_wrapper\"><div class=\"wpb_text_column\"><div class=\"wpb_wrapper\"><h2 id=\"manana\">Al mattino: Siviglia prima che inizi il flamenco<\/h2>\n<p>La maggior parte degli spettacoli della Biennale si concentra nel pomeriggio e alla sera, anche se non mancano matin\u00e9e e attivit\u00e0 speciali. Restano quindi molte mattinate libere per conoscere Siviglia senza rinunciare alle rappresentazioni.<\/p>\n<h3>Real Alc\u00e1zar e quartiere di Santa Cruz<\/h3>\n<p>Il Real Alc\u00e1zar \u00e8 particolarmente interessante durante questa edizione perch\u00e9 fa parte anche delle sedi della Biennale. Visitarlo al mattino permette di comprendere meglio il valore patrimoniale di un programma che utilizza edifici storici come palcoscenici.<\/p>\n<p>Puoi poi esplorare Santa Cruz, raggiungere la Cattedrale e la Giralda e proseguire fino all\u2019Archivo de Indias. Questo insieme di luoghi si trova a breve distanza a piedi da diverse sedi abituali della Biennale ed \u00e8 una scelta pratica quando hai uno spettacolo pomeridiano in centro.<\/p>\n<p>Per la programmazione specifica in questo monumento, abbiamo una guida dedicata al <a href=\"https:\/\/www.tablaosflamencos.com\/it\/flamenco-real-alcazar-biennale-siviglia-2026.html\"><strong>flamenco al Real Alc\u00e1zar durante la Biennale 2026<\/strong><\/a>.<\/p>\n<h3>Plaza de Espa\u00f1a e Parco di Mar\u00eda Luisa<\/h3>\n<p>Un\u2019altra proposta semplice per la mattinata \u00e8 passeggiare nel Parco di Mar\u00eda Luisa e in Plaza de Espa\u00f1a. La zona \u00e8 particolarmente comoda se in seguito hai uno spettacolo al Teatro Lope de Vega, accanto al parco.<\/p>\n<p>Il vantaggio di organizzare le visite intorno alla sede dello spettacolo serale \u00e8 semplice: il centro di Siviglia si percorre bene a piedi, ma accumulare spostamenti inutili pu\u00f2 risultare stancante quando ti aspettano ancora diverse ore di spettacoli.<\/p>\n<\/div><\/div><\/div><\/div><\/div><\/div><\/div><\/section><section class=\"l-section wpb_row height_huge\"><div class=\"l-section-h i-cf\"><div class=\"g-cols vc_row via_flex valign_top type_default stacking_default\"><div class=\"vc_col-sm-12 wpb_column vc_column_container\"><div class=\"vc_column-inner\"><div class=\"wpb_wrapper\"><div class=\"wpb_text_column\"><div class=\"wpb_wrapper\"><h2 id=\"otras-perlas\">Approfitta di \u201cOtras perlas\u201d: la Biennale fuori dai teatri<\/h2>\n<p>Il programma collaterale ufficiale del 2026 si presenta con il nome <strong>\u201cOtras perlas\u201d<\/strong> e comprende mostre, iniziative in strada, attivit\u00e0 per famiglie e altre proposte culturali. \u00c8 uno dei modi migliori per riempire le ore tra gli spettacoli senza uscire dall\u2019universo del flamenco.<\/p>\n<h3>La noche azul: una mostra gratuita per capire l\u2019\u00d3pera Flamenca<\/h3>\n<p>Dal <strong>2 settembre al 22 novembre 2026<\/strong>, la Real F\u00e1brica de Artiller\u00eda ospita <em>La noche azul. \u00d3pera Flamenca en la colecci\u00f3n de Carlos Mart\u00edn Ballester<\/em>. La mostra riunisce centinaia di documenti, manifesti, dischi, grammofoni, fotografie e materiali legati all\u2019espansione dell\u2019\u00d3pera Flamenca nella prima met\u00e0 del Novecento.<\/p>\n<p>L\u2019ingresso \u00e8 gratuito fino a esaurimento della capienza. Gli orari annunciati dal Comune sono dal luned\u00ec al sabato dalle 10:00 alle 20:00 e la domenica dalle 10:00 alle 14:00. \u00c8 una visita particolarmente consigliata al mattino o nel primo pomeriggio, perch\u00e9 permette di approfondire la storia del cante prima di ascoltare flamenco dal vivo.<\/p>\n<p>Puoi trovare ulteriori informazioni nella nostra guida a <a href=\"https:\/\/www.tablaosflamencos.com\/it\/la-notte-blu-opera-flamenca-biennale-siviglia-2026.html\"><strong>La noche azul<\/strong><\/a>.<\/p>\n<h3>Flamenco in strada<\/h3>\n<p>La Biennale porta parte della propria programmazione anche nelle piazze e negli spazi aperti. Queste attivit\u00e0 permettono di incontrare il flamenco fuori dal formato di uno spettacolo convenzionale e collegano il festival ai diversi quartieri di Siviglia.<\/p>\n<p>Il programma collaterale comprende inoltre proposte come l\u2019installazione itinerante <strong>\u201cSala de revelado\u201d<\/strong>, creata per mostrare il lavoro normalmente nascosto dietro gli spettacoli: prove, processi creativi, testimonianze e materiali documentari.<\/p>\n<p>Per trovare proposte senza costi, consulta la nostra raccolta aggiornata di <a href=\"https:\/\/www.tablaosflamencos.com\/it\/biennale-flamenco-siviglia-2026-gratis.html\"><strong>spettacoli e attivit\u00e0 gratuite della Biennale 2026<\/strong><\/a>.<\/p>\n<\/div><\/div><\/div><\/div><\/div><\/div><\/div><\/section><section class=\"l-section wpb_row height_huge color_alternate with_shape\"><div class=\"l-section-shape type_zigzag pos_top hor_flip\" style=\"height:3vmin;\"><svg xmlns=\"http:\/\/www.w3.org\/2000\/svg\" viewBox=\"0 0 64 8\" preserveAspectRatio=\"none\" width=\"100%\" height=\"100%\">\r\n\t<path fill=\"currentColor\" d=\"M64 8 L0 8 L0 0 L20 7.9 L40 3 L48 5 L64 0 Z\"\/>\r\n<\/svg><\/div><div class=\"l-section-shape type_zigzag pos_bottom\" style=\"height:3vmin;\"><svg xmlns=\"http:\/\/www.w3.org\/2000\/svg\" viewBox=\"0 0 64 8\" preserveAspectRatio=\"none\" width=\"100%\" height=\"100%\">\r\n\t<path fill=\"currentColor\" d=\"M64 8 L0 8 L0 0 L20 7.9 L40 3 L48 5 L64 0 Z\"\/>\r\n<\/svg><\/div><div class=\"l-section-h i-cf\"><div class=\"g-cols vc_row via_flex valign_top type_default stacking_default\"><div class=\"vc_col-sm-12 wpb_column vc_column_container\"><div class=\"vc_column-inner\"><div class=\"wpb_wrapper\"><div class=\"wpb_text_column\"><div class=\"wpb_wrapper\"><h2 id=\"barrios\">Esplora i quartieri flamencos di Siviglia<\/h2>\n<h3>Triana: una visita naturale durante la Biennale<\/h3>\n<p>Triana fa parte della storia del flamenco sivigliano e merita una visita anche quando il tuo spettacolo serale si trova in un\u2019altra zona. Puoi attraversare il Puente de Isabel II, percorrere calle Pureza, entrare nel Mercato di Triana, passeggiare in calle Betis e concludere lungo il fiume.<\/p>\n<p>Durante la Biennale il quartiere assume inoltre un\u2019importanza particolare per le attivit\u00e0 storicamente legate all\u2019Hotel Triana. Nel 2026, a causa dell\u2019elevata richiesta, le tre rappresentazioni previste l\u00ec per il 17, 18 e 19 settembre sono state trasferite al <strong>Muelle de la Sal<\/strong>, mantenendo le date e gli orari annunciati.<\/p>\n<h3>Centro storico: da San Luis all\u2019Alameda<\/h3>\n<p>La parte settentrionale del centro permette di abbinare facilmente patrimonio e flamenco. La chiesa di San Luis de los Franceses ospita le <strong>Matin\u00e9s \u00danicas<\/strong> e nelle immediate vicinanze si trovano l\u2019Alameda de H\u00e9rcules, calle Feria e alcuni luoghi interessanti per mangiare o bere qualcosa senza allontanarsi troppo.<\/p>\n<p>Se hai una matin\u00e9e, consulta prima la nostra guida alle <a href=\"https:\/\/www.tablaosflamencos.com\/it\/matinee-uniche-biennale-flamenco-siviglia-2026.html\"><strong>Matin\u00e9s \u00danicas della Biennale 2026<\/strong><\/a>.<\/p>\n<h3>El Arenal: fiume, Maestranza e Biennale<\/h3>\n<p>El Arenal \u00e8 un\u2019altra zona strategica. Qui puoi abbinare una passeggiata lungo il Guadalquivir, la Torre del Oro, l\u2019arena della Real Maestranza, il Muelle de la Sal e il Teatro de la Maestranza. Se il tuo spettacolo si svolge in uno di questi luoghi, la scelta pi\u00f9 pratica \u00e8 riservare l\u2019intero pomeriggio a questa zona.<\/p>\n<\/div><\/div><\/div><\/div><\/div><\/div><\/div><\/section><section class=\"l-section wpb_row height_huge\"><div class=\"l-section-h i-cf\"><div class=\"g-cols vc_row via_flex valign_top type_default stacking_default\"><div class=\"vc_col-sm-12 wpb_column vc_column_container\"><div class=\"vc_column-inner\"><div class=\"wpb_wrapper\"><div class=\"wpb_text_column\"><div class=\"wpb_wrapper\"><h2 id=\"entre-espectaculos\">Cosa fare tra due spettacoli della Biennale<\/h2>\n<p>Uno dei problemi pi\u00f9 frequenti nell\u2019organizzazione della Biennale si presenta quando acquisti due spettacoli nello stesso giorno e restano due o tre ore tra l\u2019uno e l\u2019altro. In questo caso non ha senso cercare di inserire una visita monumentale completa.<\/p>\n<h3>Se sei in centro<\/h3>\n<p>Puoi passeggiare nei pressi della Cattedrale, di Avenida de la Constituci\u00f3n, Plaza Nueva e Plaza de San Francisco; bere qualcosa in terrazza; visitare una mostra; oppure avvicinarti al Guadalquivir. Sono attivit\u00e0 facili da interrompere quando \u00e8 il momento di raggiungere la sede successiva.<\/p>\n<h3>Se sei alla Cartuja<\/h3>\n<p>Il Teatro Central \u00e8 pi\u00f9 lontano dal centro storico. Se hai uno spettacolo l\u00ec, calcola con attenzione i tempi di spostamento ed evita attivit\u00e0 troppo ravvicinate subito prima o dopo. Puoi restare nella zona della Cartuja oppure tornare in centro soltanto quando hai un margine sufficiente.<\/p>\n<h3>Tra il Lope de Vega e la Maestranza<\/h3>\n<p>La distanza permette di attraversare una buona parte del centro a piedi, passando per il Parco di Mar\u00eda Luisa, Puerta de Jerez, la Torre del Oro e Paseo de Col\u00f3n. \u00c8 un percorso piacevole che trasforma il trasferimento tra le sedi in una parte della giornata di visita.<\/p>\n<\/div><\/div><\/div><\/div><\/div><\/div><\/div><\/section><section class=\"l-section wpb_row height_huge color_alternate with_shape\"><div class=\"l-section-shape type_zigzag pos_top hor_flip\" style=\"height:3vmin;\"><svg xmlns=\"http:\/\/www.w3.org\/2000\/svg\" viewBox=\"0 0 64 8\" preserveAspectRatio=\"none\" width=\"100%\" height=\"100%\">\r\n\t<path fill=\"currentColor\" d=\"M64 8 L0 8 L0 0 L20 7.9 L40 3 L48 5 L64 0 Z\"\/>\r\n<\/svg><\/div><div class=\"l-section-shape type_zigzag pos_bottom\" style=\"height:3vmin;\"><svg xmlns=\"http:\/\/www.w3.org\/2000\/svg\" viewBox=\"0 0 64 8\" preserveAspectRatio=\"none\" width=\"100%\" height=\"100%\">\r\n\t<path fill=\"currentColor\" d=\"M64 8 L0 8 L0 0 L20 7.9 L40 3 L48 5 L64 0 Z\"\/>\r\n<\/svg><\/div><div class=\"l-section-h i-cf\"><div class=\"g-cols vc_row via_flex valign_top type_default stacking_default\"><div class=\"vc_col-sm-12 wpb_column vc_column_container\"><div class=\"vc_column-inner\"><div class=\"wpb_wrapper\"><div class=\"wpb_text_column\"><div class=\"wpb_wrapper\"><h2 id=\"comer\">Gastronomia: mangiare bene senza arrivare tardi allo spettacolo<\/h2>\n<p>Durante la Biennale conviene adattare gli orari dei pasti ai biglietti che hai prenotato. Alcuni spettacoli iniziano alle 19:00 o alle 20:00, altri intorno alle 21:30 e le rappresentazioni pi\u00f9 tarde possono cominciare dopo le 22:00.<\/p>\n<p>Se hai uno spettacolo presto, una buona strategia \u00e8 consumare il pasto principale un po\u2019 pi\u00f9 tardi e lasciare per dopo una cena leggera o qualche tapas. Se lo spettacolo inizia alle 22:30, puoi cenare prima, ma \u00e8 meglio evitare ristoranti lontani dalla sede o pasti che richiedano troppo tempo.<\/p>\n<h3>Cosa assaggiare<\/h3>\n<p>Settembre \u00e8 ancora un periodo caldo a Siviglia: piatti come gazpacho, salmorejo, ensaladilla, spinaci con ceci, pesce fritto e tapas fredde sono particolarmente adatti. Puoi anche provare classici sivigliani come montaditos, pring\u00e1, filetto di maiale al whisky o diverse preparazioni di baccal\u00e0.<\/p>\n<p>A Triana, Arenal, Santa Cruz, Alameda e nei dintorni di calle Feria trovi abbastanza possibilit\u00e0 per adattare il pasto al percorso della giornata. Durante la Biennale la priorit\u00e0 dovrebbe essere <strong>mangiare vicino allo spettacolo successivo<\/strong>, non attraversare la citt\u00e0 per un ristorante specifico subito prima della rappresentazione.<\/p>\n<\/div><\/div><\/div><\/div><\/div><\/div><\/div><\/section><section class=\"l-section wpb_row height_huge\"><div class=\"l-section-h i-cf\"><div class=\"g-cols vc_row via_flex valign_top type_default stacking_default\"><div class=\"vc_col-sm-12 wpb_column vc_column_container\"><div class=\"vc_column-inner\"><div class=\"wpb_wrapper\"><div class=\"wpb_text_column\"><div class=\"wpb_wrapper\"><h2 id=\"noche\">Dopo lo spettacolo: il flamenco non finisce con la Biennale<\/h2>\n<p>Uno spettacolo della Biennale pu\u00f2 essere il momento centrale della serata, ma non necessariamente la sua conclusione. Siviglia propone tutto l\u2019anno un\u2019offerta stabile di spettacoli flamencos, con tablaos di formati e atmosfere molto diversi.<\/p>\n<p>Questo \u00e8 particolarmente utile in tre situazioni: quando non hai trovato il biglietto per lo spettacolo desiderato, quando il programma ufficiale occupa solo una parte del soggiorno o quando vuoi confrontare l\u2019esperienza di un grande teatro con quella di uno spazio pi\u00f9 raccolto.<\/p>\n<p>Nella nostra guida al <a href=\"https:\/\/www.tablaosflamencos.com\/it\/flamenco-siviglia-biennale-2026-spettacoli-fuori-programma-ufficiale.html\"><strong>flamenco a Siviglia durante la Biennale fuori dal programma ufficiale<\/strong><\/a> puoi trovare alternative. Se vuoi prima capire la differenza tra uno spettacolo turistico dignitoso e una proposta di maggiore interesse artistico, consulta anche <a href=\"https:\/\/www.tablaosflamencos.com\/it\/dove-vedere-flamenco-autentico-siviglia.html\"><strong>dove vedere flamenco autentico a Siviglia<\/strong><\/a>.<\/p>\n<p>E se uno spettacolo risulta esaurito, abbiamo una guida specifica su <a href=\"https:\/\/www.tablaosflamencos.com\/it\/biennale-flamenco-siviglia-2026-biglietti-esauriti-alternative.html\"><strong>cosa vedere quando non trovi pi\u00f9 biglietti per la Biennale<\/strong><\/a>.<\/p>\n<\/div><\/div><\/div><\/div><\/div><\/div><\/div><\/section><section class=\"l-section wpb_row height_huge color_alternate with_shape\"><div class=\"l-section-shape type_zigzag pos_top hor_flip\" style=\"height:3vmin;\"><svg xmlns=\"http:\/\/www.w3.org\/2000\/svg\" viewBox=\"0 0 64 8\" preserveAspectRatio=\"none\" width=\"100%\" height=\"100%\">\r\n\t<path fill=\"currentColor\" d=\"M64 8 L0 8 L0 0 L20 7.9 L40 3 L48 5 L64 0 Z\"\/>\r\n<\/svg><\/div><div class=\"l-section-shape type_zigzag pos_bottom\" style=\"height:3vmin;\"><svg xmlns=\"http:\/\/www.w3.org\/2000\/svg\" viewBox=\"0 0 64 8\" preserveAspectRatio=\"none\" width=\"100%\" height=\"100%\">\r\n\t<path fill=\"currentColor\" d=\"M64 8 L0 8 L0 0 L20 7.9 L40 3 L48 5 L64 0 Z\"\/>\r\n<\/svg><\/div><div class=\"l-section-h i-cf\"><div class=\"g-cols vc_row via_flex valign_top type_default stacking_default\"><div class=\"vc_col-sm-12 wpb_column vc_column_container\"><div class=\"vc_column-inner\"><div class=\"wpb_wrapper\"><div class=\"wpb_text_column\"><div class=\"wpb_wrapper\"><h2 id=\"itinerarios\">Tre itinerari per sfruttare un\u2019intera giornata durante la Biennale<\/h2>\n<h3>Itinerario 1: patrimonio e Biennale in centro<\/h3>\n<ul>\n<li><strong>Mattina:<\/strong> Real Alc\u00e1zar, Cattedrale e quartiere di Santa Cruz.<\/li>\n<li><strong>Mezzogiorno:<\/strong> pranzo in centro.<\/li>\n<li><strong>Pomeriggio:<\/strong> mostra <em>La noche azul<\/em> alla Real F\u00e1brica de Artiller\u00eda.<\/li>\n<li><strong>Sera:<\/strong> spettacolo ufficiale della Biennale.<\/li>\n<li><strong>Dopo:<\/strong> passeggiata o drink ad Arenal, in centro o all\u2019Alameda, in base alla sede.<\/li>\n<\/ul>\n<h3>Itinerario 2: Triana, fiume e flamenco<\/h3>\n<ul>\n<li><strong>Mattina:<\/strong> Mercato di Triana, calle Pureza e passeggiata nel quartiere.<\/li>\n<li><strong>Mezzogiorno:<\/strong> tapas a Triana.<\/li>\n<li><strong>Pomeriggio:<\/strong> calle Betis, Ponte di Triana, Muelle de la Sal e Paseo de Col\u00f3n.<\/li>\n<li><strong>Sera:<\/strong> spettacolo alla Maestranza, ad Arenal o in un\u2019altra sede vicina.<\/li>\n<li><strong>Dopo:<\/strong> tablao o spettacolo alternativo per proseguire la serata.<\/li>\n<\/ul>\n<h3>Itinerario 3: un\u2019intera giornata di flamenco<\/h3>\n<ul>\n<li><strong>Mattina:<\/strong> attivit\u00e0 collaterale o mostra.<\/li>\n<li><strong>Mezzogiorno:<\/strong> passeggiata per San Luis, Alameda o calle Feria.<\/li>\n<li><strong>Pomeriggio:<\/strong> primo spettacolo della Biennale o attivit\u00e0 gratuita.<\/li>\n<li><strong>Sera:<\/strong> secondo spettacolo, una Noche \u00danica o un tablao.<\/li>\n<\/ul>\n<p>Per scoprire le rappresentazioni concepite come esperienze irripetibili, consulta il <a href=\"https:\/\/www.tablaosflamencos.com\/it\/notti-uniche-biennale-flamenco-siviglia-2026.html\"><strong>calendario delle Noches \u00danicas della Biennale 2026<\/strong><\/a>.<\/p>\n<\/div><\/div><\/div><\/div><\/div><\/div><\/div><\/section><section class=\"l-section wpb_row height_huge\"><div class=\"l-section-h i-cf\"><div class=\"g-cols vc_row via_flex valign_top type_default stacking_default\"><div class=\"vc_col-sm-12 wpb_column vc_column_container\"><div class=\"vc_column-inner\"><div class=\"wpb_wrapper\"><div class=\"wpb_text_column\"><div class=\"wpb_wrapper\"><h2 id=\"consejos\">Consigli per organizzare Siviglia durante la Biennale<\/h2>\n<ul>\n<li><strong>Raggruppa le attivit\u00e0 per zone.<\/strong> Evita di combinare Triana, Cartuja e Parco di Mar\u00eda Luisa in poche ore.<\/li>\n<li><strong>Lascia un margine prima di ogni spettacolo.<\/strong> Arrivare di corsa \u00e8 particolarmente scomodo quando ci sono controlli d\u2019accesso, posti numerati o un pubblico numeroso.<\/li>\n<li><strong>Non riempire ogni ora della giornata.<\/strong> La Biennale pu\u00f2 significare diverse serate consecutive di spettacoli; riservare momenti di riposo migliora l\u2019esperienza.<\/li>\n<li><strong>Controlla le modifiche dell\u2019ultimo momento.<\/strong> Nel 2026, per esempio, gli spettacoli previsti all\u2019Hotel Triana sono gi\u00e0 stati trasferiti al Muelle de la Sal.<\/li>\n<li><strong>Approfitta delle attivit\u00e0 gratuite.<\/strong> Permettono di vivere la Biennale anche nei giorni in cui non hai biglietti.<\/li>\n<li><strong>Combina grandi palcoscenici e spazi intimi.<\/strong> Uno spettacolo alla Maestranza o al Lope de Vega e una serata in un tablao offrono esperienze molto diverse e complementari.<\/li>\n<li><strong>Prenota in anticipo.<\/strong> Sia la Biennale sia gli spettacoli regolari possono attirare una forte domanda a settembre.<\/li>\n<\/ul>\n<\/div><\/div><\/div><\/div><\/div><\/div><\/div><\/section><section class=\"l-section wpb_row height_huge color_alternate with_shape\"><div class=\"l-section-shape type_zigzag pos_top hor_flip\" style=\"height:3vmin;\"><svg xmlns=\"http:\/\/www.w3.org\/2000\/svg\" viewBox=\"0 0 64 8\" preserveAspectRatio=\"none\" width=\"100%\" height=\"100%\">\r\n\t<path fill=\"currentColor\" d=\"M64 8 L0 8 L0 0 L20 7.9 L40 3 L48 5 L64 0 Z\"\/>\r\n<\/svg><\/div><div class=\"l-section-shape type_zigzag pos_bottom\" style=\"height:3vmin;\"><svg xmlns=\"http:\/\/www.w3.org\/2000\/svg\" viewBox=\"0 0 64 8\" preserveAspectRatio=\"none\" width=\"100%\" height=\"100%\">\r\n\t<path fill=\"currentColor\" d=\"M64 8 L0 8 L0 0 L20 7.9 L40 3 L48 5 L64 0 Z\"\/>\r\n<\/svg><\/div><div class=\"l-section-h i-cf\"><div class=\"g-cols vc_row via_flex valign_top type_default stacking_default\"><div class=\"vc_col-sm-12 wpb_column vc_column_container\"><div class=\"vc_column-inner\"><div class=\"wpb_wrapper\"><div class=\"wpb_text_column\"><div class=\"wpb_wrapper\"><h2>Il modo migliore di vivere la Biennale \u00e8 combinare festival e citt\u00e0<\/h2>\n<p>La Biennale di Flamenco \u00e8 un\u2019occasione eccezionale per vedere artisti che raramente si trovano nella stessa citt\u00e0 e per assistere a prime, gal\u00e0 e formati creati appositamente per l\u2019edizione. Ma Siviglia non \u00e8 soltanto un palcoscenico: fa parte dell\u2019esperienza.<\/p>\n<p>Assistere a una matin\u00e9e a San Luis, attraversare Triana, entrare in una mostra alla Real F\u00e1brica de Artiller\u00eda, passeggiare lungo il Guadalquivir e concludere la serata con flamenco dal vivo aiuta a comprendere meglio il rapporto tra la citt\u00e0 e quest\u2019arte.<\/p>\n<p>Se resti diversi giorni durante la Biennale, quindi, non cercare soltanto di accumulare spettacoli. Alterna <strong>patrimonio, quartieri, gastronomia, attivit\u00e0 gratuite, programma ufficiale e flamenco fuori dai grandi palcoscenici<\/strong>. Questo insieme \u00e8 probabilmente il modo pi\u00f9 completo di vivere Siviglia tra il 9 settembre e il 3 ottobre 2026.<\/p>\n<\/div><\/div><\/div><\/div><\/div><\/div><\/div><\/section><section class=\"l-section wpb_row height_huge\"><div class=\"l-section-h i-cf\"><div class=\"g-cols vc_row via_flex valign_top type_default stacking_default\"><div class=\"vc_col-sm-1\/5 wpb_column vc_column_container\"><div class=\"vc_column-inner\"><div class=\"wpb_wrapper\"><\/div><\/div><\/div><div class=\"vc_col-sm-3\/5 wpb_column vc_column_container\"><div class=\"vc_column-inner\"><div class=\"wpb_wrapper\"><div class=\"wpb_text_column\"><div class=\"wpb_wrapper\"><h2 id=\"faq\">Domande frequenti su cosa fare a Siviglia durante la Biennale 2026<\/h2>\n<\/div><\/div><div class=\"w-separator size_medium\"><\/div><div class=\"w-tabs accordion toggle_style_1 has_scrolling\" style=\"--sections-title-size:inherit;--sections-gap:0.5rem;\"><div class=\"w-tabs-sections titles-align_none icon_plus cpos_left\"><div class=\"w-tabs-section\" id=\"n035\" itemscope itemprop=\"mainEntity\" itemtype=\"https:\/\/schema.org\/Question\"><button type=\"button\" class=\"w-tabs-section-header\" aria-controls=\"content-n035\" aria-expanded=\"false\"><h3 class=\"w-tabs-section-title\" itemprop=\"name\">Quando si svolge la Biennale di Flamenco di Siviglia 2026?<\/h3><div class=\"w-tabs-section-control\"><\/div><\/button><div  class=\"w-tabs-section-content\" id=\"content-n035\" itemscope itemprop=\"acceptedAnswer\" itemtype=\"https:\/\/schema.org\/Answer\"><div class=\"w-tabs-section-content-h i-cf\" itemprop=\"text\"><div class=\"wpb_text_column\"><div class=\"wpb_wrapper\"><p>La XXIV Biennale di Flamenco di Siviglia si svolge dal <strong>9 settembre al 3 ottobre 2026<\/strong>, anche se alcune attivit\u00e0 collaterali sono iniziate prima dell\u2019inaugurazione ufficiale.<\/p>\n<\/div><\/div><\/div><\/div><\/div><div class=\"w-tabs-section\" id=\"g13d\" itemscope itemprop=\"mainEntity\" itemtype=\"https:\/\/schema.org\/Question\"><button type=\"button\" class=\"w-tabs-section-header\" aria-controls=\"content-g13d\" aria-expanded=\"false\"><h3 class=\"w-tabs-section-title\" itemprop=\"name\">Ci sono attivit\u00e0 gratuite durante la Biennale?<\/h3><div class=\"w-tabs-section-control\"><\/div><\/button><div  class=\"w-tabs-section-content\" id=\"content-g13d\" itemscope itemprop=\"acceptedAnswer\" itemtype=\"https:\/\/schema.org\/Answer\"><div class=\"w-tabs-section-content-h i-cf\" itemprop=\"text\"><div class=\"wpb_text_column\"><div class=\"wpb_wrapper\"><p>S\u00ec. Il programma collaterale comprende mostre e attivit\u00e0 negli spazi pubblici. La mostra <em>La noche azul<\/em>, per esempio, ha ingresso gratuito fino a esaurimento della capienza.<\/p>\n<\/div><\/div><\/div><\/div><\/div><div class=\"w-tabs-section\" id=\"j214\" itemscope itemprop=\"mainEntity\" itemtype=\"https:\/\/schema.org\/Question\"><button type=\"button\" class=\"w-tabs-section-header\" aria-controls=\"content-j214\" aria-expanded=\"false\"><h3 class=\"w-tabs-section-title\" itemprop=\"name\">Cosa posso fare al mattino se il mio spettacolo \u00e8 di sera?<\/h3><div class=\"w-tabs-section-control\"><\/div><\/button><div  class=\"w-tabs-section-content\" id=\"content-j214\" itemscope itemprop=\"acceptedAnswer\" itemtype=\"https:\/\/schema.org\/Answer\"><div class=\"w-tabs-section-content-h i-cf\" itemprop=\"text\"><div class=\"wpb_text_column\"><div class=\"wpb_wrapper\"><p>Puoi visitare il Real Alc\u00e1zar, la Cattedrale e Santa Cruz; passeggiare in Plaza de Espa\u00f1a e nel Parco di Mar\u00eda Luisa; conoscere Triana; oppure approfittare delle mostre e delle attivit\u00e0 collaterali della Biennale.<\/p>\n<\/div><\/div><\/div><\/div><\/div><div class=\"w-tabs-section\" id=\"l2de\" itemscope itemprop=\"mainEntity\" itemtype=\"https:\/\/schema.org\/Question\"><button type=\"button\" class=\"w-tabs-section-header\" aria-controls=\"content-l2de\" aria-expanded=\"false\"><h3 class=\"w-tabs-section-title\" itemprop=\"name\">Si pu\u00f2 vedere flamenco fuori dal programma ufficiale?<\/h3><div class=\"w-tabs-section-control\"><\/div><\/button><div  class=\"w-tabs-section-content\" id=\"content-l2de\" itemscope itemprop=\"acceptedAnswer\" itemtype=\"https:\/\/schema.org\/Answer\"><div class=\"w-tabs-section-content-h i-cf\" itemprop=\"text\"><div class=\"wpb_text_column\"><div class=\"wpb_wrapper\"><p>S\u00ec. I tablaos e gli altri spazi flamencos di Siviglia continuano con la programmazione regolare durante la Biennale, offrendo alternative ogni giorno al di fuori del cartellone ufficiale.<\/p>\n<\/div><\/div><\/div><\/div><\/div><div class=\"w-tabs-section\" id=\"v3a4\" itemscope itemprop=\"mainEntity\" itemtype=\"https:\/\/schema.org\/Question\"><button type=\"button\" class=\"w-tabs-section-header\" aria-controls=\"content-v3a4\" aria-expanded=\"false\"><h3 class=\"w-tabs-section-title\" itemprop=\"name\">Quale quartiere \u00e8 meglio visitare durante la Biennale?<\/h3><div class=\"w-tabs-section-control\"><\/div><\/button><div  class=\"w-tabs-section-content\" id=\"content-v3a4\" itemscope itemprop=\"acceptedAnswer\" itemtype=\"https:\/\/schema.org\/Answer\"><div class=\"w-tabs-section-content-h i-cf\" itemprop=\"text\"><div class=\"wpb_text_column\"><div class=\"wpb_wrapper\"><p>Triana \u00e8 imprescindibile per il suo legame storico con il flamenco, ma sono molto interessanti anche Arenal, Santa Cruz, San Luis, Alameda e i dintorni di calle Feria. La scelta migliore dipende dalla sede del tuo spettacolo.<\/p>\n<\/div><\/div><\/div><\/div><\/div><div class=\"w-tabs-section\" id=\"g480\" itemscope itemprop=\"mainEntity\" itemtype=\"https:\/\/schema.org\/Question\"><button type=\"button\" class=\"w-tabs-section-header\" aria-controls=\"content-g480\" aria-expanded=\"false\"><h3 class=\"w-tabs-section-title\" itemprop=\"name\">\u00c8 possibile assistere a due spettacoli della Biennale nello stesso giorno?<\/h3><div class=\"w-tabs-section-control\"><\/div><\/button><div  class=\"w-tabs-section-content\" id=\"content-g480\" itemscope itemprop=\"acceptedAnswer\" itemtype=\"https:\/\/schema.org\/Answer\"><div class=\"w-tabs-section-content-h i-cf\" itemprop=\"text\"><div class=\"wpb_text_column\"><div class=\"wpb_wrapper\"><p>In alcuni giorni s\u00ec, perch\u00e9 il programma prevede orari diversi. Prima di acquistare entrambi i biglietti, verifica l\u2019orario di fine previsto e la distanza tra le sedi.<\/p>\n<\/div><\/div><\/div><\/div><\/div><div class=\"w-tabs-section\" id=\"d54b\" itemscope itemprop=\"mainEntity\" itemtype=\"https:\/\/schema.org\/Question\"><button type=\"button\" class=\"w-tabs-section-header\" aria-controls=\"content-d54b\" aria-expanded=\"false\"><h3 class=\"w-tabs-section-title\" itemprop=\"name\">Cosa fare se uno spettacolo \u00e8 esaurito?<\/h3><div class=\"w-tabs-section-control\"><\/div><\/button><div  class=\"w-tabs-section-content\" id=\"content-d54b\" itemscope itemprop=\"acceptedAnswer\" itemtype=\"https:\/\/schema.org\/Answer\"><div class=\"w-tabs-section-content-h i-cf\" itemprop=\"text\"><div class=\"wpb_text_column\"><div class=\"wpb_wrapper\"><p>Puoi consultare gli altri spettacoli ufficiali, le attivit\u00e0 gratuite o la programmazione stabile dei tablaos flamencos di Siviglia. Conviene evitare la rivendita non ufficiale e verificare eventuali aggiornamenti sui canali della Biennale.<\/p>\n<\/div><\/div><\/div><\/div><\/div><div class=\"w-tabs-section\" id=\"x60c\" itemscope itemprop=\"mainEntity\" itemtype=\"https:\/\/schema.org\/Question\"><button type=\"button\" class=\"w-tabs-section-header\" aria-controls=\"content-x60c\" aria-expanded=\"false\"><h3 class=\"w-tabs-section-title\" itemprop=\"name\">Serve un\u2019auto per spostarsi durante la Biennale?<\/h3><div class=\"w-tabs-section-control\"><\/div><\/button><div  class=\"w-tabs-section-content\" id=\"content-x60c\" itemscope itemprop=\"acceptedAnswer\" itemtype=\"https:\/\/schema.org\/Answer\"><div class=\"w-tabs-section-content-h i-cf\" itemprop=\"text\"><div class=\"wpb_text_column\"><div class=\"wpb_wrapper\"><p>Non per la maggior parte delle attivit\u00e0 in centro. Molte sedi e zone turistiche sono raggiungibili a piedi o con i mezzi pubblici. Per gli spazi pi\u00f9 lontani, come il Teatro Central alla Cartuja, conviene prevedere pi\u00f9 tempo per lo spostamento.<\/p>\n<\/div><\/div><\/div><\/div><\/div><\/div><\/div><\/div><\/div><\/div><div class=\"vc_col-sm-1\/5 wpb_column vc_column_container\"><div class=\"vc_column-inner\"><div class=\"wpb_wrapper\"><\/div><\/div><\/div><\/div><\/div><\/section>\n","protected":false},"excerpt":{"rendered":"<p>Guida pratica per vivere Siviglia durante la Biennale di Flamenco 2026: attivit\u00e0 al mattino, eventi gratuiti, quartieri, gastronomia, itinerari e flamenco fuori dal programma ufficiale.<\/p>\n","protected":false},"author":1,"featured_media":14704,"comment_status":"closed","ping_status":"closed","sticky":false,"template":"","format":"standard","meta":{"_acf_changed":false,"wpai_generated_summary":"","_ayudawp_aiss_exclude":false,"_ayudawp_aiss_exclude_summary":false,"_ayudawp_aiss_summary":"","_ayudawp_aiss_summary_provider":"","_ayudawp_aiss_summary_hash":"","footnotes":""},"categories":[1429],"tags":[1250,1251,2007,1864,1253],"class_list":["post-14720","post","type-post","status-publish","format-standard","has-post-thumbnail","hentry","category-biennale-di-flamenco","tag-bienal-2026","tag-bienal-de-flamenco","tag-cosa-fare-a-siviglia","tag-cose-da-fare-a-siviglia","tag-sevilla"],"acf":[],"yoast_head":"<!-- This site is optimized with the Yoast SEO Premium plugin v28.4 (Yoast SEO v28.4) - https:\/\/yoast.com\/product\/yoast-seo-premium-wordpress\/ -->\n<title>Cosa fare a Siviglia durante la Biennale di Flamenco 2026<\/title>\n<meta name=\"description\" content=\"Cosa fare a Siviglia durante la Biennale di Flamenco 2026: attivit\u00e0 gratuite, quartieri, gastronomia, itinerari e spettacoli fuori dal programma ufficiale.\" \/>\n<meta name=\"robots\" content=\"index, follow, max-snippet:-1, max-image-preview:large, max-video-preview:-1\" \/>\n<link rel=\"canonical\" href=\"https:\/\/www.tablaosflamencos.com\/it\/cosa-fare-siviglia-durante-biennale-flamenco-2026.html\" \/>\n<meta property=\"og:locale\" content=\"it_IT\" \/>\n<meta property=\"og:type\" content=\"article\" \/>\n<meta property=\"og:title\" content=\"Cosa fare a Siviglia durante la Biennale di Flamenco 2026\" \/>\n<meta property=\"og:description\" content=\"Cosa fare a Siviglia durante la Biennale di Flamenco 2026: attivit\u00e0 gratuite, quartieri, gastronomia, itinerari e spettacoli fuori dal programma ufficiale.\" \/>\n<meta property=\"og:url\" content=\"https:\/\/www.tablaosflamencos.com\/it\/cosa-fare-siviglia-durante-biennale-flamenco-2026.html\" \/>\n<meta property=\"og:site_name\" content=\"Tablaos Flamencos\" \/>\n<meta property=\"article:publisher\" content=\"https:\/\/www.facebook.com\/tablaosflamencos\" \/>\n<meta property=\"article:published_time\" content=\"2026-09-05T10:21:41+00:00\" \/>\n<meta property=\"article:modified_time\" content=\"2026-09-05T10:51:07+00:00\" \/>\n<meta property=\"og:image\" content=\"https:\/\/www.tablaosflamencos.com\/wp-content\/uploads\/que-hacer-en-sevilla-durante-la-bienal-de-flamenco-2026-01.webp\" \/>\n\t<meta property=\"og:image:width\" content=\"1491\" \/>\n\t<meta property=\"og:image:height\" content=\"1055\" \/>\n\t<meta property=\"og:image:type\" content=\"image\/webp\" \/>\n<meta name=\"author\" content=\"Miguel Ortiz\" \/>\n<meta name=\"twitter:card\" content=\"summary_large_image\" \/>\n<meta name=\"twitter:creator\" content=\"@tablaosflamenco\" \/>\n<meta name=\"twitter:site\" content=\"@tablaosflamenco\" \/>\n<meta name=\"twitter:label1\" content=\"Scritto da\" \/>\n\t<meta name=\"twitter:data1\" content=\"Miguel Ortiz\" \/>\n\t<meta name=\"twitter:label2\" content=\"Tempo di lettura stimato\" \/>\n\t<meta name=\"twitter:data2\" content=\"15 minuti\" \/>\n<script type=\"application\/ld+json\" class=\"yoast-schema-graph\">{\"@context\":\"https:\\\/\\\/schema.org\",\"@graph\":[{\"@type\":\"Article\",\"@id\":\"https:\\\/\\\/www.tablaosflamencos.com\\\/it\\\/cosa-fare-siviglia-durante-biennale-flamenco-2026.html#article\",\"isPartOf\":{\"@id\":\"https:\\\/\\\/www.tablaosflamencos.com\\\/it\\\/cosa-fare-siviglia-durante-biennale-flamenco-2026.html\"},\"author\":{\"name\":\"Miguel Ortiz\",\"@id\":\"https:\\\/\\\/www.tablaosflamencos.com\\\/it#\\\/schema\\\/person\\\/e7a9ebe14eb75a52ceabfbffb3c54f5d\"},\"headline\":\"Cosa fare a Siviglia durante la Biennale di Flamenco 2026\",\"datePublished\":\"2026-09-05T10:21:41+00:00\",\"dateModified\":\"2026-09-05T10:51:07+00:00\",\"mainEntityOfPage\":{\"@id\":\"https:\\\/\\\/www.tablaosflamencos.com\\\/it\\\/cosa-fare-siviglia-durante-biennale-flamenco-2026.html\"},\"wordCount\":2911,\"publisher\":{\"@id\":\"https:\\\/\\\/www.tablaosflamencos.com\\\/it#organization\"},\"image\":{\"@id\":\"https:\\\/\\\/www.tablaosflamencos.com\\\/it\\\/cosa-fare-siviglia-durante-biennale-flamenco-2026.html#primaryimage\"},\"thumbnailUrl\":\"https:\\\/\\\/www.tablaosflamencos.com\\\/wp-content\\\/uploads\\\/que-hacer-en-sevilla-durante-la-bienal-de-flamenco-2026-01.webp\",\"keywords\":[\"Bienal 2026\",\"Bienal de Flamenco\",\"cosa fare a Siviglia\",\"cose da fare a Siviglia\",\"sevilla\"],\"articleSection\":[\"Biennale di Flamenco\"],\"inLanguage\":\"it-IT\"},{\"@type\":\"WebPage\",\"@id\":\"https:\\\/\\\/www.tablaosflamencos.com\\\/it\\\/cosa-fare-siviglia-durante-biennale-flamenco-2026.html\",\"url\":\"https:\\\/\\\/www.tablaosflamencos.com\\\/it\\\/cosa-fare-siviglia-durante-biennale-flamenco-2026.html\",\"name\":\"Cosa fare a Siviglia durante la Biennale di Flamenco 2026\",\"isPartOf\":{\"@id\":\"https:\\\/\\\/www.tablaosflamencos.com\\\/it#website\"},\"primaryImageOfPage\":{\"@id\":\"https:\\\/\\\/www.tablaosflamencos.com\\\/it\\\/cosa-fare-siviglia-durante-biennale-flamenco-2026.html#primaryimage\"},\"image\":{\"@id\":\"https:\\\/\\\/www.tablaosflamencos.com\\\/it\\\/cosa-fare-siviglia-durante-biennale-flamenco-2026.html#primaryimage\"},\"thumbnailUrl\":\"https:\\\/\\\/www.tablaosflamencos.com\\\/wp-content\\\/uploads\\\/que-hacer-en-sevilla-durante-la-bienal-de-flamenco-2026-01.webp\",\"datePublished\":\"2026-09-05T10:21:41+00:00\",\"dateModified\":\"2026-09-05T10:51:07+00:00\",\"description\":\"Cosa fare a Siviglia durante la Biennale di Flamenco 2026: attivit\u00e0 gratuite, quartieri, gastronomia, itinerari e spettacoli fuori dal programma ufficiale.\",\"breadcrumb\":{\"@id\":\"https:\\\/\\\/www.tablaosflamencos.com\\\/it\\\/cosa-fare-siviglia-durante-biennale-flamenco-2026.html#breadcrumb\"},\"inLanguage\":\"it-IT\",\"potentialAction\":[{\"@type\":\"ReadAction\",\"target\":[\"https:\\\/\\\/www.tablaosflamencos.com\\\/it\\\/cosa-fare-siviglia-durante-biennale-flamenco-2026.html\"]}]},{\"@type\":\"ImageObject\",\"inLanguage\":\"it-IT\",\"@id\":\"https:\\\/\\\/www.tablaosflamencos.com\\\/it\\\/cosa-fare-siviglia-durante-biennale-flamenco-2026.html#primaryimage\",\"url\":\"https:\\\/\\\/www.tablaosflamencos.com\\\/wp-content\\\/uploads\\\/que-hacer-en-sevilla-durante-la-bienal-de-flamenco-2026-01.webp\",\"contentUrl\":\"https:\\\/\\\/www.tablaosflamencos.com\\\/wp-content\\\/uploads\\\/que-hacer-en-sevilla-durante-la-bienal-de-flamenco-2026-01.webp\",\"width\":1491,\"height\":1055,\"caption\":\"Qu\u00e9 hacer en Sevilla durante la Bienal de Flamenco 2026\"},{\"@type\":\"BreadcrumbList\",\"@id\":\"https:\\\/\\\/www.tablaosflamencos.com\\\/it\\\/cosa-fare-siviglia-durante-biennale-flamenco-2026.html#breadcrumb\",\"itemListElement\":[{\"@type\":\"ListItem\",\"position\":1,\"name\":\"Home\",\"item\":\"https:\\\/\\\/www.tablaosflamencos.com\\\/it\"},{\"@type\":\"ListItem\",\"position\":2,\"name\":\"Cosa fare a Siviglia durante la Biennale di Flamenco 2026\"}]},{\"@type\":\"WebSite\",\"@id\":\"https:\\\/\\\/www.tablaosflamencos.com\\\/it#website\",\"url\":\"https:\\\/\\\/www.tablaosflamencos.com\\\/it\",\"name\":\"Tablaos Flamencos\",\"description\":\"Entradas para tablaos flamencos de Espa\u00f1a\",\"publisher\":{\"@id\":\"https:\\\/\\\/www.tablaosflamencos.com\\\/it#organization\"},\"alternateName\":\"Tablaos Flamencos\",\"potentialAction\":[{\"@type\":\"SearchAction\",\"target\":{\"@type\":\"EntryPoint\",\"urlTemplate\":\"https:\\\/\\\/www.tablaosflamencos.com\\\/it?s={search_term_string}\"},\"query-input\":{\"@type\":\"PropertyValueSpecification\",\"valueRequired\":true,\"valueName\":\"search_term_string\"}}],\"inLanguage\":\"it-IT\"},{\"@type\":[\"Organization\",\"Place\",\"EntertainmentBusiness\"],\"@id\":\"https:\\\/\\\/www.tablaosflamencos.com\\\/it#organization\",\"name\":\"Tablaos Flamencos\",\"alternateName\":\"Tablaos Flamencos\",\"url\":\"https:\\\/\\\/www.tablaosflamencos.com\\\/it\",\"logo\":{\"@id\":\"https:\\\/\\\/www.tablaosflamencos.com\\\/it\\\/cosa-fare-siviglia-durante-biennale-flamenco-2026.html#local-main-organization-logo\"},\"image\":{\"@id\":\"https:\\\/\\\/www.tablaosflamencos.com\\\/it\\\/cosa-fare-siviglia-durante-biennale-flamenco-2026.html#local-main-organization-logo\"},\"sameAs\":[\"https:\\\/\\\/www.facebook.com\\\/tablaosflamencos\",\"https:\\\/\\\/x.com\\\/tablaosflamenco\",\"https:\\\/\\\/mastodon.social\\\/@tablaosflamencos\",\"https:\\\/\\\/www.instagram.com\\\/tablaosflamencos\",\"https:\\\/\\\/tiktok.com\\\/@tablaosflamencos\",\"https:\\\/\\\/www.linkedin.com\\\/company\\\/109408238\\\/\"],\"description\":\"Venta de entradas para espect\u00e1culos flamencos\",\"legalName\":\"Tablaos Flamencos\",\"foundingDate\":\"2015-01-01\",\"numberOfEmployees\":{\"@type\":\"QuantitativeValue\",\"minValue\":\"1\",\"maxValue\":\"10\"},\"address\":{\"@id\":\"https:\\\/\\\/www.tablaosflamencos.com\\\/it\\\/cosa-fare-siviglia-durante-biennale-flamenco-2026.html#local-main-place-address\"},\"geo\":{\"@type\":\"GeoCoordinates\",\"latitude\":\"37.3868072\",\"longitude\":\"-5.993280299999999\"},\"telephone\":[\"+34623787787\"],\"contactPoint\":{\"@type\":\"ContactPoint\",\"telephone\":\"+34623787787\",\"email\":\"info@tablaosflamencos.com\"},\"openingHoursSpecification\":{\"@type\":\"OpeningHoursSpecification\",\"dayOfWeek\":[\"Monday\",\"Tuesday\",\"Wednesday\",\"Thursday\",\"Friday\",\"Saturday\",\"Sunday\"],\"opens\":\"00:00\",\"closes\":\"23:59\"},\"email\":\"info@tablaosflamencos.com\",\"priceRange\":\"$$$\",\"currenciesAccepted\":\"\u20ac\"},{\"@type\":\"Person\",\"@id\":\"https:\\\/\\\/www.tablaosflamencos.com\\\/it#\\\/schema\\\/person\\\/e7a9ebe14eb75a52ceabfbffb3c54f5d\",\"name\":\"Miguel Ortiz\",\"description\":\"Miguel Ortiz es un empresario flamenco, con una s\u00f3lida trayectoria dentro del sector. Ha presidido entidades culturales vinculadas al flamenco y, cuenta con un amplio recorrido profesional en la gesti\u00f3n y promoci\u00f3n de espect\u00e1culos y tablaos flamencos. Su pasi\u00f3n por la historia y el arte flamenco se refleja en cada art\u00edculo, donde combina experiencia, criterio y un profundo respeto por la tradici\u00f3n.\",\"sameAs\":[\"https:\\\/\\\/www.tablaosflamencos.com\",\"https:\\\/\\\/www.instagra.com\\\/miguelortizfe\",\"https:\\\/\\\/www.linkedin.com\\\/in\\\/miguelortizf\\\/\"],\"birthDate\":\"1984-11-22\",\"gender\":\"hombre\",\"knowsLanguage\":[\"espa\u00f1ol\",\"ingl\u00e9s\"],\"jobTitle\":\"Empresario flamenco\"},{\"@type\":\"PostalAddress\",\"@id\":\"https:\\\/\\\/www.tablaosflamencos.com\\\/it\\\/cosa-fare-siviglia-durante-biennale-flamenco-2026.html#local-main-place-address\",\"streetAddress\":\"C\\\/ Alemanes, 19\",\"addressLocality\":\"Sevilla\",\"postalCode\":\"41004\",\"addressRegion\":\"Sevilla\",\"addressCountry\":\"ES\"},{\"@type\":\"ImageObject\",\"inLanguage\":\"it-IT\",\"@id\":\"https:\\\/\\\/www.tablaosflamencos.com\\\/it\\\/cosa-fare-siviglia-durante-biennale-flamenco-2026.html#local-main-organization-logo\",\"url\":\"https:\\\/\\\/www.tablaosflamencos.com\\\/wp-content\\\/uploads\\\/tablaos-flamencos-06-3.webp\",\"contentUrl\":\"https:\\\/\\\/www.tablaosflamencos.com\\\/wp-content\\\/uploads\\\/tablaos-flamencos-06-3.webp\",\"width\":600,\"height\":620,\"caption\":\"Tablaos Flamencos\"}]}<\/script>\n<meta name=\"geo.placename\" content=\"Sevilla\" \/>\n<meta name=\"geo.position\" content=\"37.3868072;-5.993280299999999\" \/>\n<meta name=\"geo.region\" content=\"Spagna\" \/>\n<!-- \/ Yoast SEO Premium plugin. -->","yoast_head_json":{"title":"Cosa fare a Siviglia durante la Biennale di Flamenco 2026","description":"Cosa fare a Siviglia durante la Biennale di Flamenco 2026: attivit\u00e0 gratuite, quartieri, gastronomia, itinerari e spettacoli fuori dal programma ufficiale.","robots":{"index":"index","follow":"follow","max-snippet":"max-snippet:-1","max-image-preview":"max-image-preview:large","max-video-preview":"max-video-preview:-1"},"canonical":"https:\/\/www.tablaosflamencos.com\/it\/cosa-fare-siviglia-durante-biennale-flamenco-2026.html","og_locale":"it_IT","og_type":"article","og_title":"Cosa fare a Siviglia durante la Biennale di Flamenco 2026","og_description":"Cosa fare a Siviglia durante la Biennale di Flamenco 2026: attivit\u00e0 gratuite, quartieri, gastronomia, itinerari e spettacoli fuori dal programma ufficiale.","og_url":"https:\/\/www.tablaosflamencos.com\/it\/cosa-fare-siviglia-durante-biennale-flamenco-2026.html","og_site_name":"Tablaos Flamencos","article_publisher":"https:\/\/www.facebook.com\/tablaosflamencos","article_published_time":"2026-09-05T10:21:41+00:00","article_modified_time":"2026-09-05T10:51:07+00:00","og_image":[{"width":1491,"height":1055,"url":"https:\/\/www.tablaosflamencos.com\/wp-content\/uploads\/que-hacer-en-sevilla-durante-la-bienal-de-flamenco-2026-01.webp","type":"image\/webp"}],"author":"Miguel Ortiz","twitter_card":"summary_large_image","twitter_creator":"@tablaosflamenco","twitter_site":"@tablaosflamenco","twitter_misc":{"Scritto da":"Miguel Ortiz","Tempo di lettura stimato":"15 minuti"},"schema":{"@context":"https:\/\/schema.org","@graph":[{"@type":"Article","@id":"https:\/\/www.tablaosflamencos.com\/it\/cosa-fare-siviglia-durante-biennale-flamenco-2026.html#article","isPartOf":{"@id":"https:\/\/www.tablaosflamencos.com\/it\/cosa-fare-siviglia-durante-biennale-flamenco-2026.html"},"author":{"name":"Miguel Ortiz","@id":"https:\/\/www.tablaosflamencos.com\/it#\/schema\/person\/e7a9ebe14eb75a52ceabfbffb3c54f5d"},"headline":"Cosa fare a Siviglia durante la Biennale di Flamenco 2026","datePublished":"2026-09-05T10:21:41+00:00","dateModified":"2026-09-05T10:51:07+00:00","mainEntityOfPage":{"@id":"https:\/\/www.tablaosflamencos.com\/it\/cosa-fare-siviglia-durante-biennale-flamenco-2026.html"},"wordCount":2911,"publisher":{"@id":"https:\/\/www.tablaosflamencos.com\/it#organization"},"image":{"@id":"https:\/\/www.tablaosflamencos.com\/it\/cosa-fare-siviglia-durante-biennale-flamenco-2026.html#primaryimage"},"thumbnailUrl":"https:\/\/www.tablaosflamencos.com\/wp-content\/uploads\/que-hacer-en-sevilla-durante-la-bienal-de-flamenco-2026-01.webp","keywords":["Bienal 2026","Bienal de Flamenco","cosa fare a Siviglia","cose da fare a Siviglia","sevilla"],"articleSection":["Biennale di Flamenco"],"inLanguage":"it-IT"},{"@type":"WebPage","@id":"https:\/\/www.tablaosflamencos.com\/it\/cosa-fare-siviglia-durante-biennale-flamenco-2026.html","url":"https:\/\/www.tablaosflamencos.com\/it\/cosa-fare-siviglia-durante-biennale-flamenco-2026.html","name":"Cosa fare a Siviglia durante la Biennale di Flamenco 2026","isPartOf":{"@id":"https:\/\/www.tablaosflamencos.com\/it#website"},"primaryImageOfPage":{"@id":"https:\/\/www.tablaosflamencos.com\/it\/cosa-fare-siviglia-durante-biennale-flamenco-2026.html#primaryimage"},"image":{"@id":"https:\/\/www.tablaosflamencos.com\/it\/cosa-fare-siviglia-durante-biennale-flamenco-2026.html#primaryimage"},"thumbnailUrl":"https:\/\/www.tablaosflamencos.com\/wp-content\/uploads\/que-hacer-en-sevilla-durante-la-bienal-de-flamenco-2026-01.webp","datePublished":"2026-09-05T10:21:41+00:00","dateModified":"2026-09-05T10:51:07+00:00","description":"Cosa fare a Siviglia durante la Biennale di Flamenco 2026: attivit\u00e0 gratuite, quartieri, gastronomia, itinerari e spettacoli fuori dal programma ufficiale.","breadcrumb":{"@id":"https:\/\/www.tablaosflamencos.com\/it\/cosa-fare-siviglia-durante-biennale-flamenco-2026.html#breadcrumb"},"inLanguage":"it-IT","potentialAction":[{"@type":"ReadAction","target":["https:\/\/www.tablaosflamencos.com\/it\/cosa-fare-siviglia-durante-biennale-flamenco-2026.html"]}]},{"@type":"ImageObject","inLanguage":"it-IT","@id":"https:\/\/www.tablaosflamencos.com\/it\/cosa-fare-siviglia-durante-biennale-flamenco-2026.html#primaryimage","url":"https:\/\/www.tablaosflamencos.com\/wp-content\/uploads\/que-hacer-en-sevilla-durante-la-bienal-de-flamenco-2026-01.webp","contentUrl":"https:\/\/www.tablaosflamencos.com\/wp-content\/uploads\/que-hacer-en-sevilla-durante-la-bienal-de-flamenco-2026-01.webp","width":1491,"height":1055,"caption":"Qu\u00e9 hacer en Sevilla durante la Bienal de Flamenco 2026"},{"@type":"BreadcrumbList","@id":"https:\/\/www.tablaosflamencos.com\/it\/cosa-fare-siviglia-durante-biennale-flamenco-2026.html#breadcrumb","itemListElement":[{"@type":"ListItem","position":1,"name":"Home","item":"https:\/\/www.tablaosflamencos.com\/it"},{"@type":"ListItem","position":2,"name":"Cosa fare a Siviglia durante la Biennale di Flamenco 2026"}]},{"@type":"WebSite","@id":"https:\/\/www.tablaosflamencos.com\/it#website","url":"https:\/\/www.tablaosflamencos.com\/it","name":"Tablaos Flamencos","description":"Entradas para tablaos flamencos de Espa\u00f1a","publisher":{"@id":"https:\/\/www.tablaosflamencos.com\/it#organization"},"alternateName":"Tablaos Flamencos","potentialAction":[{"@type":"SearchAction","target":{"@type":"EntryPoint","urlTemplate":"https:\/\/www.tablaosflamencos.com\/it?s={search_term_string}"},"query-input":{"@type":"PropertyValueSpecification","valueRequired":true,"valueName":"search_term_string"}}],"inLanguage":"it-IT"},{"@type":["Organization","Place","EntertainmentBusiness"],"@id":"https:\/\/www.tablaosflamencos.com\/it#organization","name":"Tablaos Flamencos","alternateName":"Tablaos Flamencos","url":"https:\/\/www.tablaosflamencos.com\/it","logo":{"@id":"https:\/\/www.tablaosflamencos.com\/it\/cosa-fare-siviglia-durante-biennale-flamenco-2026.html#local-main-organization-logo"},"image":{"@id":"https:\/\/www.tablaosflamencos.com\/it\/cosa-fare-siviglia-durante-biennale-flamenco-2026.html#local-main-organization-logo"},"sameAs":["https:\/\/www.facebook.com\/tablaosflamencos","https:\/\/x.com\/tablaosflamenco","https:\/\/mastodon.social\/@tablaosflamencos","https:\/\/www.instagram.com\/tablaosflamencos","https:\/\/tiktok.com\/@tablaosflamencos","https:\/\/www.linkedin.com\/company\/109408238\/"],"description":"Venta de entradas para espect\u00e1culos flamencos","legalName":"Tablaos Flamencos","foundingDate":"2015-01-01","numberOfEmployees":{"@type":"QuantitativeValue","minValue":"1","maxValue":"10"},"address":{"@id":"https:\/\/www.tablaosflamencos.com\/it\/cosa-fare-siviglia-durante-biennale-flamenco-2026.html#local-main-place-address"},"geo":{"@type":"GeoCoordinates","latitude":"37.3868072","longitude":"-5.993280299999999"},"telephone":["+34623787787"],"contactPoint":{"@type":"ContactPoint","telephone":"+34623787787","email":"info@tablaosflamencos.com"},"openingHoursSpecification":{"@type":"OpeningHoursSpecification","dayOfWeek":["Monday","Tuesday","Wednesday","Thursday","Friday","Saturday","Sunday"],"opens":"00:00","closes":"23:59"},"email":"info@tablaosflamencos.com","priceRange":"$$$","currenciesAccepted":"\u20ac"},{"@type":"Person","@id":"https:\/\/www.tablaosflamencos.com\/it#\/schema\/person\/e7a9ebe14eb75a52ceabfbffb3c54f5d","name":"Miguel Ortiz","description":"Miguel Ortiz es un empresario flamenco, con una s\u00f3lida trayectoria dentro del sector. Ha presidido entidades culturales vinculadas al flamenco y, cuenta con un amplio recorrido profesional en la gesti\u00f3n y promoci\u00f3n de espect\u00e1culos y tablaos flamencos. Su pasi\u00f3n por la historia y el arte flamenco se refleja en cada art\u00edculo, donde combina experiencia, criterio y un profundo respeto por la tradici\u00f3n.","sameAs":["https:\/\/www.tablaosflamencos.com","https:\/\/www.instagra.com\/miguelortizfe","https:\/\/www.linkedin.com\/in\/miguelortizf\/"],"birthDate":"1984-11-22","gender":"hombre","knowsLanguage":["espa\u00f1ol","ingl\u00e9s"],"jobTitle":"Empresario flamenco"},{"@type":"PostalAddress","@id":"https:\/\/www.tablaosflamencos.com\/it\/cosa-fare-siviglia-durante-biennale-flamenco-2026.html#local-main-place-address","streetAddress":"C\/ Alemanes, 19","addressLocality":"Sevilla","postalCode":"41004","addressRegion":"Sevilla","addressCountry":"ES"},{"@type":"ImageObject","inLanguage":"it-IT","@id":"https:\/\/www.tablaosflamencos.com\/it\/cosa-fare-siviglia-durante-biennale-flamenco-2026.html#local-main-organization-logo","url":"https:\/\/www.tablaosflamencos.com\/wp-content\/uploads\/tablaos-flamencos-06-3.webp","contentUrl":"https:\/\/www.tablaosflamencos.com\/wp-content\/uploads\/tablaos-flamencos-06-3.webp","width":600,"height":620,"caption":"Tablaos Flamencos"}]},"geo.placename":"Sevilla","geo.position":{"lat":"37.3868072","long":"-5.993280299999999"},"geo.region":"Spagna"},"_links":{"self":[{"href":"https:\/\/www.tablaosflamencos.com\/it\/wp-json\/wp\/v2\/posts\/14720","targetHints":{"allow":["GET"]}}],"collection":[{"href":"https:\/\/www.tablaosflamencos.com\/it\/wp-json\/wp\/v2\/posts"}],"about":[{"href":"https:\/\/www.tablaosflamencos.com\/it\/wp-json\/wp\/v2\/types\/post"}],"author":[{"embeddable":true,"href":"https:\/\/www.tablaosflamencos.com\/it\/wp-json\/wp\/v2\/users\/1"}],"replies":[{"embeddable":true,"href":"https:\/\/www.tablaosflamencos.com\/it\/wp-json\/wp\/v2\/comments?post=14720"}],"version-history":[{"count":2,"href":"https:\/\/www.tablaosflamencos.com\/it\/wp-json\/wp\/v2\/posts\/14720\/revisions"}],"predecessor-version":[{"id":14733,"href":"https:\/\/www.tablaosflamencos.com\/it\/wp-json\/wp\/v2\/posts\/14720\/revisions\/14733"}],"wp:featuredmedia":[{"embeddable":true,"href":"https:\/\/www.tablaosflamencos.com\/it\/wp-json\/wp\/v2\/media\/14704"}],"wp:attachment":[{"href":"https:\/\/www.tablaosflamencos.com\/it\/wp-json\/wp\/v2\/media?parent=14720"}],"wp:term":[{"taxonomy":"category","embeddable":true,"href":"https:\/\/www.tablaosflamencos.com\/it\/wp-json\/wp\/v2\/categories?post=14720"},{"taxonomy":"post_tag","embeddable":true,"href":"https:\/\/www.tablaosflamencos.com\/it\/wp-json\/wp\/v2\/tags?post=14720"}],"curies":[{"name":"wp","href":"https:\/\/api.w.org\/{rel}","templated":true}]}}