{"id":14669,"date":"2026-09-05T11:17:33","date_gmt":"2026-09-05T09:17:33","guid":{"rendered":"https:\/\/www.tablaosflamencos.com\/?p=14669"},"modified":"2026-09-05T12:32:50","modified_gmt":"2026-09-05T10:32:50","slug":"attivita-collaterali-biennale-flamenco-siviglia-2026","status":"publish","type":"post","link":"https:\/\/www.tablaosflamencos.com\/it\/attivita-collaterali-biennale-flamenco-siviglia-2026.html","title":{"rendered":"Attivit\u00e0 collaterali della Biennale 2026: mostre, cinema, flamenco in strada e molto altro"},"content":{"rendered":"<section class=\"l-section wpb_row height_huge\"><div class=\"l-section-h i-cf\"><div class=\"g-cols vc_row via_flex valign_top type_default stacking_default\"><div class=\"vc_col-sm-6 wpb_column vc_column_container\"><div class=\"vc_column-inner\"><div class=\"wpb_wrapper\"><div class=\"wpb_text_column\"><div class=\"wpb_wrapper\"><h2>Attivit\u00e0 collaterali della Biennale 2026: molto pi\u00f9 degli spettacoli<\/h2>\n<p>La XXIV Biennale di Flamenco di Siviglia si svolge dal <strong>9 settembre al 3 ottobre 2026<\/strong>, ma la sua attivit\u00e0 culturale va oltre queste date e i palcoscenici principali. Sotto il nome di <strong>\u201cOtras perlas\u201d (Altre perle)<\/strong>, la Biennale riunisce mostre, cinema, flamenco in strada, proposte per famiglie, interventi urbani e attivit\u00e0 organizzate insieme alle istituzioni culturali di Siviglia.<\/p>\n<p>Questo significa che puoi vivere la Biennale anche senza entrare ogni giorno in un teatro. Alcune attivit\u00e0 sono gratuite, altre completano il programma principale e diverse iniziano prima dell\u2019inaugurazione ufficiale o proseguono dopo la fine del festival.<\/p>\n<p>In questa guida raccogliamo le attivit\u00e0 collaterali pi\u00f9 interessanti del 2026 e spieghiamo <strong>che cosa vale la pena vedere, quando si svolge e come inserirlo in una visita a Siviglia<\/strong>.<\/p>\n<\/div><\/div><\/div><\/div><\/div><div class=\"vc_col-sm-6 wpb_column vc_column_container\"><div class=\"vc_column-inner\"><div class=\"wpb_wrapper\"><div class=\"wpb_text_column\"><div class=\"wpb_wrapper\"><h2>Che cosa comprende \u201cOtras perlas\u201d nel 2026<\/h2>\n<p>Il programma collaterale non \u00e8 un\u2019appendice secondaria. La Biennale lo utilizza per aprire il flamenco ad altri linguaggi e ad altri pubblici: patrimonio, fotografia, cinema documentario, attivit\u00e0 familiari, spazi urbani e programmazione associata di universit\u00e0, fondazioni ed enti culturali.<\/p>\n<p>Tra i grandi filoni del 2026 ci sono <strong>La noche azul<\/strong>, il ciclo <strong>Flamenco a pie de calle<\/strong>, il prologo inaugurale cantato <strong>Ecos Primitivos<\/strong>, il laboratorio per famiglie <strong>Tirititr\u00e1n<\/strong>, l\u2019intervento urbano <strong>Sala de revelado<\/strong> e il programma associato <strong>Sevilla se deja ver<\/strong>.<\/p>\n<p>Il vantaggio pratico \u00e8 importante: se rimani diversi giorni a Siviglia, puoi abbinare uno spettacolo ufficiale serale a mostre, cinema o attivit\u00e0 gratuite durante il giorno.<\/p>\n<\/div><\/div><\/div><\/div><\/div><\/div><\/div><\/section><section class=\"l-section wpb_row height_huge color_alternate with_shape\"><div class=\"l-section-shape type_zigzag pos_top hor_flip\" style=\"height:3vmin;\"><svg xmlns=\"http:\/\/www.w3.org\/2000\/svg\" viewBox=\"0 0 64 8\" preserveAspectRatio=\"none\" width=\"100%\" height=\"100%\">\r\n\t<path fill=\"currentColor\" d=\"M64 8 L0 8 L0 0 L20 7.9 L40 3 L48 5 L64 0 Z\"\/>\r\n<\/svg><\/div><div class=\"l-section-shape type_zigzag pos_bottom\" style=\"height:3vmin;\"><svg xmlns=\"http:\/\/www.w3.org\/2000\/svg\" viewBox=\"0 0 64 8\" preserveAspectRatio=\"none\" width=\"100%\" height=\"100%\">\r\n\t<path fill=\"currentColor\" d=\"M64 8 L0 8 L0 0 L20 7.9 L40 3 L48 5 L64 0 Z\"\/>\r\n<\/svg><\/div><div class=\"l-section-h i-cf\"><div class=\"g-cols vc_row via_flex valign_top type_default stacking_default\"><div class=\"vc_col-sm-12 wpb_column vc_column_container\"><div class=\"vc_column-inner\"><div class=\"wpb_wrapper\"><div class=\"wpb_text_column\"><div class=\"wpb_wrapper\"><blockquote>\n<p><strong>Risposta rapida:<\/strong> le attivit\u00e0 collaterali della Biennale 2026 sono riunite nel programma <strong>\u201cOtras perlas\u201d<\/strong> e comprendono la mostra gratuita <em>La noche azul<\/em>, gli spettacoli di <em>Flamenco a pie de calle<\/em>, il prologo inaugurale cantato <em>Ecos Primitivos<\/em>, i laboratori familiari con <em>Tirititr\u00e1n<\/em>, gli interventi urbani come <em>Sala de revelado<\/em> e il programma culturale associato <em>Sevilla se deja ver<\/em>, con cinema, mostre, conferenze e altre proposte.<\/p>\n<\/blockquote>\n<p><strong>Ultimo aggiornamento: 5 settembre 2026.<\/strong><\/p>\n<p>Per cercare specificamente attivit\u00e0 senza costi, consulta anche la nostra guida <a href=\"https:\/\/www.tablaosflamencos.com\/it\/biennale-flamenco-siviglia-2026-gratis.html\"><strong>Biennale di Flamenco di Siviglia 2026 gratis<\/strong><\/a>. Per organizzare l\u2019intero festival trovi la nostra <a href=\"https:\/\/www.tablaosflamencos.com\/it\/biennale-flamenco-siviglia-2026.html\"><strong>guida generale alla Biennale 2026<\/strong><\/a>.<\/p>\n<\/div><\/div><div class=\"w-separator size_medium\"><\/div><div class=\"w-hwrapper valign_top wrap align_center\" style=\"--hwrapper-gap:1.2rem\"><div class=\"w-btn-wrapper align_none\"><a class=\"w-btn us-btn-style_1\" href=\"https:\/\/www.tablaosflamencos.com\/it\/biennale-flamenco-siviglia-2026.html\"><span class=\"w-btn-label\">Vedi la guida completa alla Biennale<\/span><\/a><\/div><div class=\"w-btn-wrapper align_none\"><a class=\"w-btn us-btn-style_11\" href=\"https:\/\/www.tablaosflamencos.com\/it\/biennale-flamenco-siviglia-2026-gratis.html\"><span class=\"w-btn-label\">Vedi le attivit\u00e0 gratuite<\/span><\/a><\/div><\/div><\/div><\/div><\/div><\/div><\/div><\/section><section class=\"l-section wpb_row height_huge\"><div class=\"l-section-h i-cf\"><div class=\"g-cols vc_row via_flex valign_top type_default stacking_default\"><div class=\"vc_col-sm-3 wpb_column vc_column_container\"><div class=\"vc_column-inner\"><div class=\"wpb_wrapper\"><\/div><\/div><\/div><div class=\"vc_col-sm-6 wpb_column vc_column_container\"><div class=\"vc_column-inner\"><div class=\"wpb_wrapper\"><div class=\"wpb_text_column\"><div class=\"wpb_wrapper\"><h2>Indice della guida<\/h2>\n<ul>\n<li><a href=\"#resumen\">Calendario delle attivit\u00e0 collaterali in breve<\/a><\/li>\n<li><a href=\"#noche-azul\">La noche azul<\/a><\/li>\n<li><a href=\"#calle\">Flamenco a pie de calle<\/a><\/li>\n<li><a href=\"#revelado\">Sala de revelado<\/a><\/li>\n<li><a href=\"#pregon\">Prologo inaugurale cantato Ecos Primitivos<\/a><\/li>\n<li><a href=\"#familias\">Tirititr\u00e1n: flamenco in famiglia<\/a><\/li>\n<li><a href=\"#sevilla-se-deja-ver\">Sevilla se deja ver: cinema e cultura<\/a><\/li>\n<li><a href=\"#organizar\">Come organizzare le attivit\u00e0<\/a><\/li>\n<li><a href=\"#faq\">Domande frequenti<\/a><\/li>\n<\/ul>\n<\/div><\/div><\/div><\/div><\/div><div class=\"vc_col-sm-3 wpb_column vc_column_container\"><div class=\"vc_column-inner\"><div class=\"wpb_wrapper\"><\/div><\/div><\/div><\/div><\/div><\/section><section class=\"l-section wpb_row height_huge\"><div class=\"l-section-h i-cf\"><div class=\"g-cols vc_row via_flex valign_top type_default stacking_default\"><div class=\"vc_col-sm-12 wpb_column vc_column_container\"><div class=\"vc_column-inner\"><div class=\"wpb_wrapper\"><div class=\"wpb_text_column\"><div class=\"wpb_wrapper\"><h2 id=\"resumen\">Calendario in breve: le attivit\u00e0 collaterali della Biennale 2026<\/h2>\n<div style=\"overflow-x: auto;\">\n<table>\n<thead>\n<tr>\n<th>Attivit\u00e0<\/th>\n<th>Data<\/th>\n<th>Luogo \/ ambito<\/th>\n<th>Che cosa propone<\/th>\n<\/tr>\n<\/thead>\n<tbody>\n<tr>\n<td><strong>La noche azul<\/strong><\/td>\n<td>2 settembre\u201322 novembre<\/td>\n<td>Real F\u00e1brica de Artiller\u00eda<\/td>\n<td>Grande mostra sull\u2019\u00d3pera Flamenca; ingresso gratuito<\/td>\n<\/tr>\n<tr>\n<td><strong>Flamenco a pie de calle<\/strong><\/td>\n<td>Dal 3 settembre<\/td>\n<td>Diversi quartieri e spazi<\/td>\n<td>Spettacoli aperti al pubblico e flamenco fuori dai teatri<\/td>\n<\/tr>\n<tr>\n<td><strong>Sala de revelado<\/strong><\/td>\n<td>Dal 3 settembre<\/td>\n<td>Percorso urbano a Siviglia<\/td>\n<td>Fotografia e suono sul processo creativo degli artisti della Biennale<\/td>\n<\/tr>\n<tr>\n<td><strong>Ecos Primitivos<\/strong><\/td>\n<td>9 settembre, ore 20:30<\/td>\n<td>Plaza de San Francisco<\/td>\n<td>Prologo cantato e immersivo con canto e danza<\/td>\n<\/tr>\n<tr>\n<td><strong>Tirititr\u00e1n<\/strong><\/td>\n<td>11\u201313 settembre<\/td>\n<td>CaixaForum Sevilla<\/td>\n<td>Attivit\u00e0 per famiglie alla scoperta del ritmo flamenco<\/td>\n<\/tr>\n<tr>\n<td><strong>Flamencas<\/strong><\/td>\n<td>8, 15, 22 e 29 settembre<\/td>\n<td>Fundaci\u00f3n Tres Culturas<\/td>\n<td>Rassegna cinematografica dedicata alle donne del flamenco<\/td>\n<\/tr>\n<tr>\n<td><strong>Sevilla se deja ver<\/strong><\/td>\n<td>Durante la Biennale<\/td>\n<td>Diverse istituzioni<\/td>\n<td>Cinema, mostre, conferenze e attivit\u00e0 culturali associate<\/td>\n<\/tr>\n<\/tbody>\n<\/table>\n<\/div>\n<p>Date e orari possono essere ampliati o aggiornati durante il festival. Per le proposte gratuite dell\u2019ultimo momento conviene controllare anche i canali ufficiali della Biennale e di ogni istituzione partecipante.<\/p>\n<\/div><\/div><\/div><\/div><\/div><\/div><\/div><\/section><section class=\"l-section wpb_row height_huge color_alternate with_shape\"><div class=\"l-section-shape type_zigzag pos_top\" style=\"height:3vmin;\"><svg xmlns=\"http:\/\/www.w3.org\/2000\/svg\" viewBox=\"0 0 64 8\" preserveAspectRatio=\"none\" width=\"100%\" height=\"100%\">\r\n\t<path fill=\"currentColor\" d=\"M64 8 L0 8 L0 0 L20 7.9 L40 3 L48 5 L64 0 Z\"\/>\r\n<\/svg><\/div><div class=\"l-section-shape type_zigzag pos_bottom\" style=\"height:3vmin;\"><svg xmlns=\"http:\/\/www.w3.org\/2000\/svg\" viewBox=\"0 0 64 8\" preserveAspectRatio=\"none\" width=\"100%\" height=\"100%\">\r\n\t<path fill=\"currentColor\" d=\"M64 8 L0 8 L0 0 L20 7.9 L40 3 L48 5 L64 0 Z\"\/>\r\n<\/svg><\/div><div class=\"l-section-h i-cf\"><div class=\"g-cols vc_row via_flex valign_top type_default stacking_default\"><div class=\"vc_col-sm-6 wpb_column vc_column_container\"><div class=\"vc_column-inner\"><div class=\"wpb_wrapper\"><div class=\"wpb_text_column\"><div class=\"wpb_wrapper\"><h2 id=\"noche-azul\">La noche azul: la grande mostra della Biennale 2026<\/h2>\n<p>L\u2019attivit\u00e0 collaterale pi\u00f9 ambiziosa di questa edizione \u00e8 <strong>\u201cLa noche azul. \u00d3pera Flamenca en la colecci\u00f3n de Carlos Mart\u00edn Ballester\u201d<\/strong>. Si pu\u00f2 visitare dal <strong>2 settembre al 22 novembre<\/strong> nella Nave de Grabados della Real F\u00e1brica de Artiller\u00eda, e rimane quindi aperta ben oltre la fine della Biennale.<\/p>\n<p>La mostra, curata da Carlos Mart\u00edn Ballester e Zaida Hern\u00e1ndez-\u00darculo, riunisce <strong>328 pezzi<\/strong> legati al fenomeno dell\u2019\u00d3pera Flamenca: manifesti, dischi in gommalacca, grammofoni, fotografie e documenti. Il percorso aiuta a capire come, tra gli anni Venti e Cinquanta, il flamenco sia diventato uno spettacolo di massa collegato a teatri, arene, radio e industria discografica.<\/p>\n<p>L\u2019ingresso \u00e8 <strong>gratuito fino a esaurimento dei posti<\/strong>. Per approfondire la mostra abbiamo preparato una guida dedicata a <a href=\"https:\/\/www.tablaosflamencos.com\/it\/la-notte-blu-opera-flamenca-biennale-siviglia-2026.html\"><strong>La noche azul e all\u2019epoca dell\u2019\u00d3pera Flamenca<\/strong><\/a>.<\/p>\n<\/div><\/div><\/div><\/div><\/div><div class=\"vc_col-sm-6 wpb_column vc_column_container\"><div class=\"vc_column-inner\"><div class=\"wpb_wrapper\"><div class=\"wpb_text_column\"><div class=\"wpb_wrapper\"><h2>Perch\u00e9 merita una visita anche se andrai a diversi spettacoli<\/h2>\n<p>La mostra offre qualcosa che una rappresentazione della Biennale, da sola, non pu\u00f2 dare: <strong>un contesto storico<\/strong>. Assistere a uno spettacolo contemporaneo dopo aver osservato manifesti, registrazioni e fotografie di un secolo fa permette di capire meglio quanto sia cambiato il flamenco e quali elementi siano ancora vivi.<\/p>\n<p>\u00c8 anche una proposta particolarmente utile per le ore centrali della giornata. Puoi visitare la Real F\u00e1brica de Artiller\u00eda e riservare la sera a uno spettacolo ufficiale, a un tablao o a un\u2019attivit\u00e0 in strada.<\/p>\n<p>Inoltre, il calendario fino a novembre la rende una delle poche \u201cOtras perlas\u201d accessibili anche a chi arriva a Siviglia <strong>dopo il 3 ottobre<\/strong>. In questo caso, consulta la nostra guida su <a href=\"https:\/\/www.tablaosflamencos.com\/it\/flamenco-dopo-biennale-dove-vedere-siviglia.html\"><strong>dove continuare a vedere flamenco a Siviglia dopo la Biennale<\/strong><\/a>.<\/p>\n<\/div><\/div><\/div><\/div><\/div><\/div><\/div><\/section><section class=\"l-section wpb_row height_huge\"><div class=\"l-section-h i-cf\"><div class=\"g-cols vc_row via_flex valign_top type_default stacking_default\"><div class=\"vc_col-sm-6 wpb_column vc_column_container\"><div class=\"vc_column-inner\"><div class=\"wpb_wrapper\"><div class=\"wpb_text_column\"><div class=\"wpb_wrapper\"><h2 id=\"calle\">Flamenco a pie de calle: la Biennale esce dai teatri<\/h2>\n<p>Uno degli obiettivi pi\u00f9 chiari del 2026 \u00e8 portare il flamenco nei quartieri e negli spazi quotidiani. Il ciclo <strong>Flamenco a pie de calle<\/strong> \u00e8 iniziato prima ancora dell\u2019inaugurazione ufficiale.<\/p>\n<p>Il <strong>3 settembre<\/strong>, il Pol\u00edgono Sur ha ospitato <em>La noche de las gitanas<\/em>, una proposta corale legata alla memoria e alla cultura flamenca delle donne gitane. Il <strong>4 settembre<\/strong>, i fratelli Diego e Hugo Aguilar hanno presentato <em>Cuesti\u00f3n de tiempo<\/em> nel Monasterio de San Jer\u00f3nimo, una creazione di danza sulla memoria, l\u2019identit\u00e0 e l\u2019eredit\u00e0 familiare.<\/p>\n<p>Il <strong>5 settembre<\/strong>, la Plaza Virgen del Pilar della Barzola ospita il secondo Festival Macarena Flamenca, dedicato a Jos\u00e9 el de la Tomasa. Queste proposte mostrano che la Biennale 2026 non comincia culturalmente il giorno 9: le attivit\u00e0 si diffondono in citt\u00e0 fin dai primi giorni di settembre.<\/p>\n<\/div><\/div><\/div><\/div><\/div><div class=\"vc_col-sm-6 wpb_column vc_column_container\"><div class=\"vc_column-inner\"><div class=\"wpb_wrapper\"><div class=\"wpb_text_column\"><div class=\"wpb_wrapper\"><h2>Una Biennale pi\u00f9 diffusa a Siviglia<\/h2>\n<p>L\u2019interesse di <em>Flamenco a pie de calle<\/em> non sta soltanto nell\u2019apertura al pubblico di molte proposte. Cambia anche la mappa mentale del visitatore: il flamenco non rimane confinato al centro monumentale o alle grandi sale.<\/p>\n<p>Pol\u00edgono Sur, San Jer\u00f3nimo, Macarena e altri luoghi permettono di avvicinarsi a quartieri dalle identit\u00e0 diverse. Per chi visita Siviglia per pi\u00f9 giorni, queste attivit\u00e0 sono una buona occasione per <strong>uscire dal consueto circuito turistico<\/strong> e capire che la cultura flamenca della citt\u00e0 non appartiene a un solo quartiere.<\/p>\n<p>Se la tua priorit\u00e0 \u00e8 trovare tutte le opzioni senza costi, leggi il nostro articolo sugli <a href=\"https:\/\/www.tablaosflamencos.com\/it\/biennale-flamenco-siviglia-2026-gratis.html\"><strong>spettacoli e le attivit\u00e0 gratuite della Biennale 2026<\/strong><\/a>, che aggiorniamo con le proposte confermate.<\/p>\n<\/div><\/div><\/div><\/div><\/div><\/div><\/div><\/section><section class=\"l-section wpb_row height_huge color_alternate with_shape\"><div class=\"l-section-shape type_zigzag pos_top hor_flip\" style=\"height:3vmin;\"><svg xmlns=\"http:\/\/www.w3.org\/2000\/svg\" viewBox=\"0 0 64 8\" preserveAspectRatio=\"none\" width=\"100%\" height=\"100%\">\r\n\t<path fill=\"currentColor\" d=\"M64 8 L0 8 L0 0 L20 7.9 L40 3 L48 5 L64 0 Z\"\/>\r\n<\/svg><\/div><div class=\"l-section-shape type_zigzag pos_bottom\" style=\"height:3vmin;\"><svg xmlns=\"http:\/\/www.w3.org\/2000\/svg\" viewBox=\"0 0 64 8\" preserveAspectRatio=\"none\" width=\"100%\" height=\"100%\">\r\n\t<path fill=\"currentColor\" d=\"M64 8 L0 8 L0 0 L20 7.9 L40 3 L48 5 L64 0 Z\"\/>\r\n<\/svg><\/div><div class=\"l-section-h i-cf\"><div class=\"g-cols vc_row via_flex valign_top type_default stacking_default\"><div class=\"vc_col-sm-6 wpb_column vc_column_container\"><div class=\"vc_column-inner\"><div class=\"wpb_wrapper\"><div class=\"wpb_text_column\"><div class=\"wpb_wrapper\"><h2 id=\"revelado\">Sala de revelado: \u201cAnche l\u2019invisibile \u00e8 flamenco\u201d<\/h2>\n<p>A settembre la Biennale ha aggiunto un intervento urbano particolarmente interessante: <strong>\u201cSala de revelado\u201d<\/strong>. Il progetto \u00e8 iniziato il 3 settembre in calle San Jacinto, a Triana, ed \u00e8 concepito come un percorso attraverso diversi punti della citt\u00e0, da Triana a Nervi\u00f3n passando per calle Feria.<\/p>\n<p>Attraverso fotografia e suono, la proposta mostra <strong>ci\u00f2 che accade prima che si alzi il sipario<\/strong>: prove, ricerca, ripetizione, esplorazione e costruzione degli spettacoli.<\/p>\n<p>La fotografa ufficiale della Biennale, Laura Le\u00f3n, ha documentato i processi creativi di artisti come Manuel Li\u00f1\u00e1n, Ana Morales, Andr\u00e9s Mar\u00edn, David Coria, Patricia Guerrero, il Ballet Flamenco de Andaluc\u00eda e Rosario La Tremendita. Un modo diverso di avvicinarsi alla Biennale senza entrare in una sala.<\/p>\n<\/div><\/div><\/div><\/div><\/div><div class=\"vc_col-sm-6 wpb_column vc_column_container\"><div class=\"vc_column-inner\"><div class=\"wpb_wrapper\"><div class=\"wpb_text_column\"><div class=\"wpb_wrapper\"><h2>Flamenco in strada senza dover trovare un palcoscenico<\/h2>\n<p>Questa iniziativa \u00e8 diversa da <em>Flamenco a pie de calle<\/em>. Qui l\u2019obiettivo non \u00e8 necessariamente assistere a uno spettacolo completo, ma <strong>incontrare il processo creativo nello spazio urbano<\/strong>.<\/p>\n<p>Per il visitatore \u00e8 quindi un\u2019attivit\u00e0 particolarmente flessibile: pu\u00f2 comparire durante una passeggiata in quartieri gi\u00e0 presenti nel suo itinerario. La Biennale vuole proprio che il flamenco raggiunga anche chi non stava cercando un evento programmato.<\/p>\n<p>L\u2019idea si inserisce in un\u2019edizione che vuole rivelare la parte meno visibile della creazione. Quando poi ritrovi gli stessi artisti su un palcoscenico, \u00e8 pi\u00f9 facile riconoscere tutto il lavoro dietro una produzione.<\/p>\n<\/div><\/div><\/div><\/div><\/div><\/div><\/div><\/section><section class=\"l-section wpb_row height_huge\"><div class=\"l-section-h i-cf\"><div class=\"g-cols vc_row via_flex valign_top type_default stacking_default\"><div class=\"vc_col-sm-6 wpb_column vc_column_container\"><div class=\"vc_column-inner\"><div class=\"wpb_wrapper\"><div class=\"wpb_text_column\"><div class=\"wpb_wrapper\"><h2 id=\"pregon\">Ecos Primitivos: un prologo inaugurale cantato in Plaza de San Francisco<\/h2>\n<p>L\u2019apertura del <strong>9 settembre<\/strong> comprender\u00e0 una delle attivit\u00e0 pi\u00f9 singolari di tutto il programma collaterale. Alle <strong>20:30<\/strong>, la Plaza de San Francisco ospita <strong>\u201cEcos Primitivos. Cante en Altura \u00b7 Danza en Tierra\u201d<\/strong>, concepito come prologo inaugurale cantato della Biennale e coorganizzato con la Fundaci\u00f3n Cajasol.<\/p>\n<p>La direzione artistica \u00e8 affidata a <strong>Segundo Falc\u00f3n<\/strong>. Le voci di Segundo Falc\u00f3n, Esperanza Fern\u00e1ndez, Pedro El Grana\u00edno, Rafael de Utrera e Mar\u00eda Terremoto si distribuiscono sui balconi della piazza, mentre <strong>Ana Morales<\/strong> occupa lo spazio centrale con la danza.<\/p>\n<p>L\u2019architettura urbana diventa cos\u00ec parte della drammaturgia: pubblico attorno all\u2019azione, voci dall\u2019alto e danza a livello della strada. \u00c8 un\u2019inaugurazione pensata come esperienza collettiva, non come un consueto spettacolo frontale.<\/p>\n<\/div><\/div><\/div><\/div><\/div><div class=\"vc_col-sm-6 wpb_column vc_column_container\"><div class=\"vc_column-inner\"><div class=\"wpb_wrapper\"><div class=\"wpb_text_column\"><div class=\"wpb_wrapper\"><h2>Come inserire il prologo nella prima serata della Biennale<\/h2>\n<p>La posizione in Plaza de San Francisco rende facile abbinare il prologo ad altri programmi in centro. La cattedrale, Plaza Nueva, Avenida de la Constituci\u00f3n e i dintorni del municipio distano pochi minuti a piedi.<\/p>\n<p>Per organizzare in particolare i primi giorni, puoi consultare anche il nostro articolo su <a href=\"https:\/\/www.tablaosflamencos.com\/it\/inaugurazione-biennale-flamenco-siviglia-2026.html\"><strong>come sar\u00e0 l\u2019inaugurazione della Biennale di Flamenco 2026<\/strong><\/a> e l\u2019articolo <a href=\"https:\/\/www.tablaosflamencos.com\/it\/biennale-flamenco-siviglia-2026-prima-9-settembre.html\"><strong>La Biennale inizia prima del 9 settembre<\/strong><\/a>, dove raccogliamo gli eventi precedenti.<\/p>\n<p>Il consiglio pratico \u00e8 arrivare con anticipo. Trattandosi di una proposta nello spazio pubblico, l\u2019esperienza dipende molto dalla posizione da cui puoi ascoltare e osservare il rapporto tra balconi, piazza e danza.<\/p>\n<\/div><\/div><\/div><\/div><\/div><\/div><\/div><\/section><section class=\"l-section wpb_row height_huge color_alternate with_shape\"><div class=\"l-section-shape type_zigzag pos_top hor_flip\" style=\"height:3vmin;\"><svg xmlns=\"http:\/\/www.w3.org\/2000\/svg\" viewBox=\"0 0 64 8\" preserveAspectRatio=\"none\" width=\"100%\" height=\"100%\">\r\n\t<path fill=\"currentColor\" d=\"M64 8 L0 8 L0 0 L20 7.9 L40 3 L48 5 L64 0 Z\"\/>\r\n<\/svg><\/div><div class=\"l-section-shape type_zigzag pos_bottom\" style=\"height:3vmin;\"><svg xmlns=\"http:\/\/www.w3.org\/2000\/svg\" viewBox=\"0 0 64 8\" preserveAspectRatio=\"none\" width=\"100%\" height=\"100%\">\r\n\t<path fill=\"currentColor\" d=\"M64 8 L0 8 L0 0 L20 7.9 L40 3 L48 5 L64 0 Z\"\/>\r\n<\/svg><\/div><div class=\"l-section-h i-cf\"><div class=\"g-cols vc_row via_flex valign_top type_default stacking_default\"><div class=\"vc_col-sm-6 wpb_column vc_column_container\"><div class=\"vc_column-inner\"><div class=\"wpb_wrapper\"><div class=\"wpb_text_column\"><div class=\"wpb_wrapper\"><h2 id=\"familias\">Tirititr\u00e1n: vivere il ritmo flamenco in famiglia<\/h2>\n<p>La Biennale 2026 comprende anche una proposta pensata appositamente per le famiglie. <strong>\u201cVieni a vivere il ritmo flamenco in famiglia con Tirititr\u00e1n\u201d<\/strong> si svolge al CaixaForum Sevilla nei giorni <strong>11, 12 e 13 settembre<\/strong>, con diversi incontri e fasce orarie.<\/p>\n<p>Il laboratorio, diretto da <strong>Ra\u00fal Mart\u00ednez<\/strong>, utilizza le alegr\u00edas per avvicinare bambini e adulti al ciclo ritmico di dodici tempi attraverso percussioni corporee, giochi ritmici e partecipazione diretta.<\/p>\n<p>La proposta \u00e8 gratuita e permette di sperimentare il flamenco dall\u2019interno: non soltanto guardare o ascoltare, ma <strong>sentire il ritmo e partecipare<\/strong>. Per le famiglie in viaggio a Siviglia durante la Biennale pu\u00f2 essere una delle attivit\u00e0 collaterali pi\u00f9 accessibili e originali.<\/p>\n<\/div><\/div><\/div><\/div><\/div><div class=\"vc_col-sm-6 wpb_column vc_column_container\"><div class=\"vc_column-inner\"><div class=\"wpb_wrapper\"><div class=\"wpb_text_column\"><div class=\"wpb_wrapper\"><h2>La Biennale pu\u00f2 essere anche un\u2019esperienza con i bambini<\/h2>\n<p>Un festival di queste dimensioni non deve essere esclusivamente notturno o riservato agli adulti. Il laboratorio del CaixaForum introduce al flamenco attraverso il gioco e il ritmo, senza richiedere conoscenze precedenti.<\/p>\n<p>Se viaggi in famiglia, controlla ogni giorno l\u2019agenda ufficiale: condizioni di accesso, incontri e capienza possono variare secondo l\u2019attivit\u00e0. Per gli spettacoli nei teatri e nei tablaos, verifica anche le condizioni specifiche prima di prenotare.<\/p>\n<p>L\u2019abbinamento pu\u00f2 funzionare molto bene: laboratorio familiare durante il giorno, passeggiata a Siviglia e uno spettacolo adatto al gruppo nel pomeriggio o la sera.<\/p>\n<\/div><\/div><\/div><\/div><\/div><\/div><\/div><\/section><section class=\"l-section wpb_row height_huge\"><div class=\"l-section-h i-cf\"><div class=\"g-cols vc_row via_flex valign_top type_default stacking_default\"><div class=\"vc_col-sm-6 wpb_column vc_column_container\"><div class=\"vc_column-inner\"><div class=\"wpb_wrapper\"><div class=\"wpb_text_column\"><div class=\"wpb_wrapper\"><h2 id=\"sevilla-se-deja-ver\">\u201cSevilla se deja ver\u201d: cinema, mostre e attivit\u00e0 delle istituzioni culturali<\/h2>\n<p>Oltre alle attivit\u00e0 prodotte direttamente dalla Biennale, esiste un programma associato chiamato <strong>\u201cSevilla se deja ver\u201d<\/strong>. Universit\u00e0, fondazioni ed enti culturali della citt\u00e0 ampliano il festival con mostre, proiezioni, conferenze e incontri.<\/p>\n<p>Uno dei filoni pi\u00f9 chiari \u00e8 il cinema. La <strong>Fundaci\u00f3n Tres Culturas del Mediterr\u00e1neo<\/strong> organizza il ciclo <strong>\u201cFlamencas\u201d<\/strong> nei giorni <strong>8, 15, 22 e 29 settembre<\/strong>, con documentari dedicati alle donne che hanno contribuito alla creazione, alla conservazione e alla diffusione internazionale del flamenco.<\/p>\n<p>Questa programmazione permette di avvicinarsi all\u2019arte jondo attraverso la memoria, la riflessione e l\u2019audiovisivo: una prospettiva particolarmente interessante per chi vuole andare oltre lo spettacolo sul palcoscenico.<\/p>\n<\/div><\/div><\/div><\/div><\/div><div class=\"vc_col-sm-6 wpb_column vc_column_container\"><div class=\"vc_column-inner\"><div class=\"wpb_wrapper\"><div class=\"wpb_text_column\"><div class=\"wpb_wrapper\"><h2>Perch\u00e9 conviene consultare anche l\u2019agenda delle istituzioni<\/h2>\n<p>La programmazione associata \u00e8 la parte pi\u00f9 distribuita della Biennale. Non tutto si svolge nei consueti spazi teatrali o segue la stessa logica della vendita dei biglietti per gli spettacoli principali.<\/p>\n<p>Per un soggiorno di pi\u00f9 giorni, vale quindi la pena consultare le agende delle istituzioni partecipanti oltre al sito della Biennale. Puoi trovare una conferenza, una proiezione o una mostra da inserire proprio tra due rappresentazioni.<\/p>\n<p>Questo programma trasforma inoltre la citt\u00e0 in una sorta di <strong>festival diffuso<\/strong>: il visitatore pu\u00f2 iniziare la giornata con il patrimonio o il cinema e concluderla con canto, danza o chitarra dal vivo.<\/p>\n<\/div><\/div><\/div><\/div><\/div><\/div><\/div><\/section><section class=\"l-section wpb_row height_huge color_alternate with_shape\"><div class=\"l-section-shape type_zigzag pos_top\" style=\"height:3vmin;\"><svg xmlns=\"http:\/\/www.w3.org\/2000\/svg\" viewBox=\"0 0 64 8\" preserveAspectRatio=\"none\" width=\"100%\" height=\"100%\">\r\n\t<path fill=\"currentColor\" d=\"M64 8 L0 8 L0 0 L20 7.9 L40 3 L48 5 L64 0 Z\"\/>\r\n<\/svg><\/div><div class=\"l-section-shape type_zigzag pos_bottom\" style=\"height:3vmin;\"><svg xmlns=\"http:\/\/www.w3.org\/2000\/svg\" viewBox=\"0 0 64 8\" preserveAspectRatio=\"none\" width=\"100%\" height=\"100%\">\r\n\t<path fill=\"currentColor\" d=\"M64 8 L0 8 L0 0 L20 7.9 L40 3 L48 5 L64 0 Z\"\/>\r\n<\/svg><\/div><div class=\"l-section-h i-cf\"><div class=\"g-cols vc_row via_flex valign_top type_default stacking_default\"><div class=\"vc_col-sm-6 wpb_column vc_column_container\"><div class=\"vc_column-inner\"><div class=\"wpb_wrapper\"><div class=\"wpb_text_column\"><div class=\"wpb_wrapper\"><h2 id=\"organizar\">Come organizzare una giornata di attivit\u00e0 collaterali e flamenco<\/h2>\n<p>Per goderti la Biennale senza riempire troppo la giornata, una buona strategia \u00e8 prevedere <strong>un\u2019attivit\u00e0 diurna e un\u2019esperienza flamenca principale<\/strong>.<\/p>\n<p>Per esempio, puoi visitare <em>La noche azul<\/em> la mattina o il pomeriggio, fare una pausa in centro e poi assistere a uno spettacolo ufficiale. Un\u2019altra opzione \u00e8 scegliere una giornata di cinema del ciclo <em>Flamencas<\/em> e completare la serata in un tablao.<\/p>\n<p>Se il programma ufficiale della data scelta non ti interessa o \u00e8 esaurito, consulta la nostra guida <a href=\"https:\/\/www.tablaosflamencos.com\/it\/biennale-esaurita-dove-vedere-flamenco-stasera-siviglia.html\"><strong>Biennale esaurita: dove vedere flamenco oggi a Siviglia<\/strong><\/a> o l\u2019articolo <a href=\"https:\/\/www.tablaosflamencos.com\/it\/flamenco-stasera-siviglia-biennale-2026.html\"><strong>Flamenco stasera a Siviglia durante la Biennale<\/strong><\/a>.<\/p>\n<\/div><\/div><\/div><\/div><\/div><div class=\"vc_col-sm-6 wpb_column vc_column_container\"><div class=\"vc_column-inner\"><div class=\"wpb_wrapper\"><div class=\"wpb_text_column\"><div class=\"wpb_wrapper\"><h2>Non cercare di fare tutto<\/h2>\n<p>La Biennale dura diverse settimane e la sua programmazione collaterale si sovrappone a decine di spettacoli. Cercare di concatenare troppe attivit\u00e0 pu\u00f2 trasformare un\u2019esperienza culturale in una corsa attraverso la citt\u00e0.<\/p>\n<p>Scegli in base ai tuoi interessi: <strong>storia<\/strong> con <em>La noche azul<\/em>; <strong>spazio pubblico<\/strong> con <em>Flamenco a pie de calle<\/em> e <em>Sala de revelado<\/em>; <strong>famiglie<\/strong> con <em>Tirititr\u00e1n<\/em>; <strong>cinema e riflessione<\/strong> con <em>Sevilla se deja ver<\/em>; ed <strong>esperienza collettiva<\/strong> con <em>Ecos Primitivos<\/em>.<\/p>\n<p>Lascia poi del tempo per passeggiare, cenare e goderti Siviglia. Durante la Biennale il flamenco \u00e8 anche nell\u2019atmosfera della citt\u00e0, non soltanto nel prossimo evento in agenda.<\/p>\n<\/div><\/div><\/div><\/div><\/div><\/div><\/div><\/section><section class=\"l-section wpb_row height_huge\"><div class=\"l-section-h i-cf\"><div class=\"g-cols vc_row via_flex valign_top type_default stacking_default\"><div class=\"vc_col-sm-12 wpb_column vc_column_container\"><div class=\"vc_column-inner\"><div class=\"wpb_wrapper\"><div class=\"wpb_text_column\"><div class=\"wpb_wrapper\"><h2>Quali attivit\u00e0 sono gratuite<\/h2>\n<p>Una parte importante delle attivit\u00e0 collaterali punta ad ampliare l\u2019accesso alla Biennale. <strong>La noche azul<\/strong> offre ingresso gratuito fino a esaurimento dei posti; <strong>Tirititr\u00e1n<\/strong> \u00e8 presentato come attivit\u00e0 gratuita; e molte proposte nello spazio pubblico permettono di avvicinarsi al flamenco senza comprare un biglietto teatrale.<\/p>\n<p>Tuttavia, \u201cattivit\u00e0 collaterale\u201d non significa automaticamente \u201cattivit\u00e0 gratuita\u201d. Il programma associato pu\u00f2 comprendere proposte con condizioni diverse secondo l\u2019istituzione organizzatrice. Controlla quindi sempre la scheda specifica prima di spostarti.<\/p>\n<p>Per distinguere queste due esigenze di ricerca, nella nostra guida <a href=\"https:\/\/www.tablaosflamencos.com\/it\/biennale-flamenco-siviglia-2026-gratis.html\"><strong>Biennale di Flamenco 2026 gratis<\/strong><\/a> raccogliamo specificamente le attivit\u00e0 senza costi, mentre questa pagina offre una panoramica di tutta la programmazione collaterale.<\/p>\n<\/div><\/div><div class=\"w-separator size_medium\"><\/div><div class=\"w-hwrapper valign_top wrap align_center\" style=\"--hwrapper-gap:1.2rem\"><div class=\"w-btn-wrapper align_none\"><a class=\"w-btn us-btn-style_1\" href=\"https:\/\/www.tablaosflamencos.com\/it\/biennale-flamenco-siviglia-2026-gratis.html\"><span class=\"w-btn-label\">Scopri la Biennale 2026 gratis<\/span><\/a><\/div><div class=\"w-btn-wrapper align_none\"><a class=\"w-btn us-btn-style_11\" href=\"https:\/\/www.tablaosflamencos.com\/it\/flamenco-stasera-siviglia-biennale-2026.html\"><span class=\"w-btn-label\">Flamenco stasera a Siviglia<\/span><\/a><\/div><\/div><\/div><\/div><\/div><\/div><\/div><\/section><section class=\"l-section wpb_row height_huge color_alternate with_shape\"><div class=\"l-section-shape type_zigzag pos_top hor_flip\" style=\"height:3vmin;\"><svg xmlns=\"http:\/\/www.w3.org\/2000\/svg\" viewBox=\"0 0 64 8\" preserveAspectRatio=\"none\" width=\"100%\" height=\"100%\">\r\n\t<path fill=\"currentColor\" d=\"M64 8 L0 8 L0 0 L20 7.9 L40 3 L48 5 L64 0 Z\"\/>\r\n<\/svg><\/div><div class=\"l-section-shape type_zigzag pos_bottom\" style=\"height:3vmin;\"><svg xmlns=\"http:\/\/www.w3.org\/2000\/svg\" viewBox=\"0 0 64 8\" preserveAspectRatio=\"none\" width=\"100%\" height=\"100%\">\r\n\t<path fill=\"currentColor\" d=\"M64 8 L0 8 L0 0 L20 7.9 L40 3 L48 5 L64 0 Z\"\/>\r\n<\/svg><\/div><div class=\"l-section-h i-cf\"><div class=\"g-cols vc_row via_flex valign_top type_default stacking_default\"><div class=\"vc_col-sm-1\/5 wpb_column vc_column_container\"><div class=\"vc_column-inner\"><div class=\"wpb_wrapper\"><\/div><\/div><\/div><div class=\"vc_col-sm-3\/5 wpb_column vc_column_container\"><div class=\"vc_column-inner\"><div class=\"wpb_wrapper\"><div class=\"wpb_text_column\"><div class=\"wpb_wrapper\"><h2 id=\"faq\">Domande frequenti sulle attivit\u00e0 collaterali della Biennale 2026<\/h2>\n<\/div><\/div><div class=\"w-separator size_medium\"><\/div><div class=\"w-tabs accordion toggle_style_1 has_scrolling\" style=\"--sections-title-size:inherit;--sections-gap:0.5rem;\"><div class=\"w-tabs-sections titles-align_none icon_plus cpos_left\"><div class=\"w-tabs-section\" id=\"u320\" itemscope itemprop=\"mainEntity\" itemtype=\"https:\/\/schema.org\/Question\"><button type=\"button\" class=\"w-tabs-section-header\" aria-controls=\"content-u320\" aria-expanded=\"false\"><h3 class=\"w-tabs-section-title\" itemprop=\"name\">Che cosa sono le attivit\u00e0 collaterali della Biennale 2026?<\/h3><div class=\"w-tabs-section-control\"><\/div><\/button><div  class=\"w-tabs-section-content\" id=\"content-u320\" itemscope itemprop=\"acceptedAnswer\" itemtype=\"https:\/\/schema.org\/Answer\"><div class=\"w-tabs-section-content-h i-cf\" itemprop=\"text\"><div class=\"wpb_text_column\"><div class=\"wpb_wrapper\"><p>Sono proposte che completano gli spettacoli principali della Biennale: mostre, cinema, rappresentazioni negli spazi pubblici, attivit\u00e0 familiari, incontri, conferenze e iniziative culturali distribuite a Siviglia. Molte sono riunite nel programma \u201cOtras perlas\u201d.<\/p>\n<\/div><\/div><\/div><\/div><\/div><div class=\"w-tabs-section\" id=\"l42d\" itemscope itemprop=\"mainEntity\" itemtype=\"https:\/\/schema.org\/Question\"><button type=\"button\" class=\"w-tabs-section-header\" aria-controls=\"content-l42d\" aria-expanded=\"false\"><h3 class=\"w-tabs-section-title\" itemprop=\"name\">Dove posso consultare il programma di Otras perlas?<\/h3><div class=\"w-tabs-section-control\"><\/div><\/button><div  class=\"w-tabs-section-content\" id=\"content-l42d\" itemscope itemprop=\"acceptedAnswer\" itemtype=\"https:\/\/schema.org\/Answer\"><div class=\"w-tabs-section-content-h i-cf\" itemprop=\"text\"><div class=\"wpb_text_column\"><div class=\"wpb_wrapper\"><p>La Biennale ha una sezione dedicata alle attivit\u00e0 collaterali sul proprio sito ufficiale. Poich\u00e9 l\u2019agenda pu\u00f2 essere ampliata o modificata, conviene controllarla durante i giorni della visita.<\/p>\n<\/div><\/div><\/div><\/div><\/div><div class=\"w-tabs-section\" id=\"l510\" itemscope itemprop=\"mainEntity\" itemtype=\"https:\/\/schema.org\/Question\"><button type=\"button\" class=\"w-tabs-section-header\" aria-controls=\"content-l510\" aria-expanded=\"false\"><h3 class=\"w-tabs-section-title\" itemprop=\"name\">Le attivit\u00e0 collaterali sono gratuite?<\/h3><div class=\"w-tabs-section-control\"><\/div><\/button><div  class=\"w-tabs-section-content\" id=\"content-l510\" itemscope itemprop=\"acceptedAnswer\" itemtype=\"https:\/\/schema.org\/Answer\"><div class=\"w-tabs-section-content-h i-cf\" itemprop=\"text\"><div class=\"wpb_text_column\"><div class=\"wpb_wrapper\"><p>Molte s\u00ec, in particolare alcune proposte in strada, La noche azul e attivit\u00e0 per famiglie come Tirititr\u00e1n. Non tutte hanno per\u00f2 le stesse condizioni: verifica ogni scheda specifica.<\/p>\n<\/div><\/div><\/div><\/div><\/div><div class=\"w-tabs-section\" id=\"b5ee\" itemscope itemprop=\"mainEntity\" itemtype=\"https:\/\/schema.org\/Question\"><button type=\"button\" class=\"w-tabs-section-header\" aria-controls=\"content-b5ee\" aria-expanded=\"false\"><h3 class=\"w-tabs-section-title\" itemprop=\"name\">Quando si pu\u00f2 visitare La noche azul?<\/h3><div class=\"w-tabs-section-control\"><\/div><\/button><div  class=\"w-tabs-section-content\" id=\"content-b5ee\" itemscope itemprop=\"acceptedAnswer\" itemtype=\"https:\/\/schema.org\/Answer\"><div class=\"w-tabs-section-content-h i-cf\" itemprop=\"text\"><div class=\"wpb_text_column\"><div class=\"wpb_wrapper\"><p>La mostra \u00e8 visitabile dal 2 settembre al 22 novembre 2026 nella Nave de Grabados della Real F\u00e1brica de Artiller\u00eda. La sua durata supera ampiamente le date ufficiali della Biennale.<\/p>\n<\/div><\/div><\/div><\/div><\/div><div class=\"w-tabs-section\" id=\"l6bd\" itemscope itemprop=\"mainEntity\" itemtype=\"https:\/\/schema.org\/Question\"><button type=\"button\" class=\"w-tabs-section-header\" aria-controls=\"content-l6bd\" aria-expanded=\"false\"><h3 class=\"w-tabs-section-title\" itemprop=\"name\">C\u2019\u00e8 flamenco gratuito in strada durante la Biennale?<\/h3><div class=\"w-tabs-section-control\"><\/div><\/button><div  class=\"w-tabs-section-content\" id=\"content-l6bd\" itemscope itemprop=\"acceptedAnswer\" itemtype=\"https:\/\/schema.org\/Answer\"><div class=\"w-tabs-section-content-h i-cf\" itemprop=\"text\"><div class=\"wpb_text_column\"><div class=\"wpb_wrapper\"><p>S\u00ec. Il programma Flamenco a pie de calle porta proposte in diversi quartieri e spazi di Siviglia. La Biennale realizza inoltre interventi urbani come Sala de revelado e altri eventi aperti legati alla programmazione collaterale.<\/p>\n<\/div><\/div><\/div><\/div><\/div><div class=\"w-tabs-section\" id=\"a788\" itemscope itemprop=\"mainEntity\" itemtype=\"https:\/\/schema.org\/Question\"><button type=\"button\" class=\"w-tabs-section-header\" aria-controls=\"content-a788\" aria-expanded=\"false\"><h3 class=\"w-tabs-section-title\" itemprop=\"name\">Che cos\u2019\u00e8 Ecos Primitivos?<\/h3><div class=\"w-tabs-section-control\"><\/div><\/button><div  class=\"w-tabs-section-content\" id=\"content-a788\" itemscope itemprop=\"acceptedAnswer\" itemtype=\"https:\/\/schema.org\/Answer\"><div class=\"w-tabs-section-content-h i-cf\" itemprop=\"text\"><div class=\"wpb_text_column\"><div class=\"wpb_wrapper\"><p>\u00c8 il prologo inaugurale cantato della Biennale 2026, diretto da Segundo Falc\u00f3n e programmato il 9 settembre alle 20:30 in Plaza de San Francisco. Combina cinque voci dai balconi con la danza di Ana Morales al centro della piazza.<\/p>\n<\/div><\/div><\/div><\/div><\/div><div class=\"w-tabs-section\" id=\"c874\" itemscope itemprop=\"mainEntity\" itemtype=\"https:\/\/schema.org\/Question\"><button type=\"button\" class=\"w-tabs-section-header\" aria-controls=\"content-c874\" aria-expanded=\"false\"><h3 class=\"w-tabs-section-title\" itemprop=\"name\">Ci sono attivit\u00e0 della Biennale per bambini?<\/h3><div class=\"w-tabs-section-control\"><\/div><\/button><div  class=\"w-tabs-section-content\" id=\"content-c874\" itemscope itemprop=\"acceptedAnswer\" itemtype=\"https:\/\/schema.org\/Answer\"><div class=\"w-tabs-section-content-h i-cf\" itemprop=\"text\"><div class=\"wpb_text_column\"><div class=\"wpb_wrapper\"><p>S\u00ec. Al CaixaForum, Tirititr\u00e1n propone un avvicinamento familiare al ritmo flamenco attraverso percussioni corporee, giochi ritmici e partecipazione. \u00c8 programmato nei giorni 11, 12 e 13 settembre.<\/p>\n<\/div><\/div><\/div><\/div><\/div><div class=\"w-tabs-section\" id=\"v98f\" itemscope itemprop=\"mainEntity\" itemtype=\"https:\/\/schema.org\/Question\"><button type=\"button\" class=\"w-tabs-section-header\" aria-controls=\"content-v98f\" aria-expanded=\"false\"><h3 class=\"w-tabs-section-title\" itemprop=\"name\">C\u2019\u00e8 cinema flamenco durante la Biennale 2026?<\/h3><div class=\"w-tabs-section-control\"><\/div><\/button><div  class=\"w-tabs-section-content\" id=\"content-v98f\" itemscope itemprop=\"acceptedAnswer\" itemtype=\"https:\/\/schema.org\/Answer\"><div class=\"w-tabs-section-content-h i-cf\" itemprop=\"text\"><div class=\"wpb_text_column\"><div class=\"wpb_wrapper\"><p>S\u00ec. Nell\u2019ambito di Sevilla se deja ver, la Fundaci\u00f3n Tres Culturas programma il ciclo Flamencas nei giorni 8, 15, 22 e 29 settembre, con documentari sulle donne fondamentali per la storia e la diffusione del flamenco.<\/p>\n<\/div><\/div><\/div><\/div><\/div><div class=\"w-tabs-section\" id=\"fa9c\" itemscope itemprop=\"mainEntity\" itemtype=\"https:\/\/schema.org\/Question\"><button type=\"button\" class=\"w-tabs-section-header\" aria-controls=\"content-fa9c\" aria-expanded=\"false\"><h3 class=\"w-tabs-section-title\" itemprop=\"name\">Le attivit\u00e0 collaterali iniziano prima del 9 settembre?<\/h3><div class=\"w-tabs-section-control\"><\/div><\/button><div  class=\"w-tabs-section-content\" id=\"content-fa9c\" itemscope itemprop=\"acceptedAnswer\" itemtype=\"https:\/\/schema.org\/Answer\"><div class=\"w-tabs-section-content-h i-cf\" itemprop=\"text\"><div class=\"wpb_text_column\"><div class=\"wpb_wrapper\"><p>S\u00ec. La mostra La noche azul ha aperto il 2 settembre e Flamenco a pie de calle \u00e8 iniziato il giorno 3. L\u2019attivit\u00e0 culturale della Biennale comincia quindi prima della data ufficiale di apertura del festival.<\/p>\n<\/div><\/div><\/div><\/div><\/div><div class=\"w-tabs-section\" id=\"eba2\" itemscope itemprop=\"mainEntity\" itemtype=\"https:\/\/schema.org\/Question\"><button type=\"button\" class=\"w-tabs-section-header\" aria-controls=\"content-eba2\" aria-expanded=\"false\"><h3 class=\"w-tabs-section-title\" itemprop=\"name\">Che cosa posso fare senza biglietti per uno spettacolo della Biennale?<\/h3><div class=\"w-tabs-section-control\"><\/div><\/button><div  class=\"w-tabs-section-content\" id=\"content-eba2\" itemscope itemprop=\"acceptedAnswer\" itemtype=\"https:\/\/schema.org\/Answer\"><div class=\"w-tabs-section-content-h i-cf\" itemprop=\"text\"><div class=\"wpb_text_column\"><div class=\"wpb_wrapper\"><p>Puoi approfittare di mostre, cinema e attivit\u00e0 nello spazio pubblico e, per concludere la giornata con flamenco dal vivo, confrontare i tablaos disponibili a Siviglia per la sera stessa.<\/p>\n<\/div><\/div><\/div><\/div><\/div><\/div><\/div><\/div><\/div><\/div><div class=\"vc_col-sm-1\/5 wpb_column vc_column_container\"><div class=\"vc_column-inner\"><div class=\"wpb_wrapper\"><\/div><\/div><\/div><\/div><\/div><\/section><section class=\"l-section wpb_row height_huge\"><div class=\"l-section-h i-cf\"><div class=\"g-cols vc_row via_flex valign_top type_default stacking_default\"><div class=\"vc_col-sm-12 wpb_column vc_column_container\"><div class=\"vc_column-inner\"><div class=\"wpb_wrapper\"><div class=\"wpb_text_column\"><div class=\"wpb_wrapper\"><h2 style=\"text-align: center;\">La Biennale si vive anche fuori dal palcoscenico<\/h2>\n<p style=\"text-align: center;\">La programmazione collaterale del 2026 conferma un\u2019idea importante: la Biennale di Siviglia non si limita a una successione di spettacoli. Per diverse settimane, il flamenco entra in musei, fondazioni, piazze, quartieri, schermi cinematografici e spazi familiari.<\/p>\n<p style=\"text-align: center;\">Durante il tuo soggiorno a Siviglia per il festival, riserva del tempo a qualcuna di queste \u201cOtras perlas\u201d. Una mostra, una proiezione o un\u2019attivit\u00e0 in strada pu\u00f2 offrirti una prospettiva diversa sul flamenco e completare perfettamente una serata di canto, danza e chitarra.<\/p>\n<\/div><\/div><\/div><\/div><\/div><\/div><\/div><\/section>\n","protected":false},"excerpt":{"rendered":"<p>Guida alle attivit\u00e0 collaterali della Biennale di Flamenco di Siviglia 2026: mostre, cinema, flamenco in strada, proposte per famiglie e programma culturale associato.<\/p>\n","protected":false},"author":1,"featured_media":14654,"comment_status":"closed","ping_status":"closed","sticky":false,"template":"","format":"standard","meta":{"_acf_changed":false,"wpai_generated_summary":"","_ayudawp_aiss_exclude":false,"_ayudawp_aiss_exclude_summary":false,"_ayudawp_aiss_summary":"","_ayudawp_aiss_summary_provider":"","_ayudawp_aiss_summary_hash":"","footnotes":""},"categories":[1429],"tags":[1249,1250,1251,1252,1177,1253],"class_list":["post-14669","post","type-post","status-publish","format-standard","has-post-thumbnail","hentry","category-biennale-di-flamenco","tag-agenda-flamenca","tag-bienal-2026","tag-bienal-de-flamenco","tag-festivales-flamencos","tag-flamenco-en-sevilla","tag-sevilla"],"acf":[],"yoast_head":"<!-- This site is optimized with the Yoast SEO Premium plugin v28.4 (Yoast SEO v28.4) - https:\/\/yoast.com\/product\/yoast-seo-premium-wordpress\/ -->\n<title>Biennale 2026: attivit\u00e0 collaterali, mostre, cinema e flamenco<\/title>\n<meta name=\"description\" content=\"Scopri le attivit\u00e0 collaterali della Biennale di Flamenco di Siviglia 2026: mostre, cinema, flamenco in strada, laboratori e proposte gratuite.\" \/>\n<meta name=\"robots\" content=\"index, follow, max-snippet:-1, max-image-preview:large, max-video-preview:-1\" \/>\n<link rel=\"canonical\" href=\"https:\/\/www.tablaosflamencos.com\/it\/attivita-collaterali-biennale-flamenco-siviglia-2026.html\" \/>\n<meta property=\"og:locale\" content=\"it_IT\" \/>\n<meta property=\"og:type\" content=\"article\" \/>\n<meta property=\"og:title\" content=\"Attivit\u00e0 collaterali della Biennale 2026: mostre, cinema, flamenco in strada e molto altro\" \/>\n<meta property=\"og:description\" content=\"Scopri le attivit\u00e0 collaterali della Biennale di Flamenco di Siviglia 2026: mostre, cinema, flamenco in strada, laboratori e proposte gratuite.\" \/>\n<meta property=\"og:url\" content=\"https:\/\/www.tablaosflamencos.com\/it\/attivita-collaterali-biennale-flamenco-siviglia-2026.html\" \/>\n<meta property=\"og:site_name\" content=\"Tablaos Flamencos\" \/>\n<meta property=\"article:publisher\" content=\"https:\/\/www.facebook.com\/tablaosflamencos\" \/>\n<meta property=\"article:published_time\" content=\"2026-09-05T09:17:33+00:00\" \/>\n<meta property=\"article:modified_time\" content=\"2026-09-05T10:32:50+00:00\" \/>\n<meta property=\"og:image\" content=\"https:\/\/www.tablaosflamencos.com\/wp-content\/uploads\/actividades-paralelas-de-la-bienal-2026-exposiciones-cine-flamenco-en-la-calle-y-mas-01.webp\" \/>\n\t<meta property=\"og:image:width\" content=\"1672\" \/>\n\t<meta property=\"og:image:height\" content=\"941\" \/>\n\t<meta property=\"og:image:type\" content=\"image\/webp\" \/>\n<meta name=\"author\" content=\"Miguel Ortiz\" \/>\n<meta name=\"twitter:card\" content=\"summary_large_image\" \/>\n<meta name=\"twitter:creator\" content=\"@tablaosflamenco\" \/>\n<meta name=\"twitter:site\" content=\"@tablaosflamenco\" \/>\n<meta name=\"twitter:label1\" content=\"Scritto da\" \/>\n\t<meta name=\"twitter:data1\" content=\"Miguel Ortiz\" \/>\n\t<meta name=\"twitter:label2\" content=\"Tempo di lettura stimato\" \/>\n\t<meta name=\"twitter:data2\" content=\"18 minuti\" \/>\n<script type=\"application\/ld+json\" class=\"yoast-schema-graph\">{\"@context\":\"https:\\\/\\\/schema.org\",\"@graph\":[{\"@type\":\"Article\",\"@id\":\"https:\\\/\\\/www.tablaosflamencos.com\\\/it\\\/attivita-collaterali-biennale-flamenco-siviglia-2026.html#article\",\"isPartOf\":{\"@id\":\"https:\\\/\\\/www.tablaosflamencos.com\\\/it\\\/attivita-collaterali-biennale-flamenco-siviglia-2026.html\"},\"author\":{\"name\":\"Miguel Ortiz\",\"@id\":\"https:\\\/\\\/www.tablaosflamencos.com\\\/it#\\\/schema\\\/person\\\/e7a9ebe14eb75a52ceabfbffb3c54f5d\"},\"headline\":\"Attivit\u00e0 collaterali della Biennale 2026: mostre, cinema, flamenco in strada e molto altro\",\"datePublished\":\"2026-09-05T09:17:33+00:00\",\"dateModified\":\"2026-09-05T10:32:50+00:00\",\"mainEntityOfPage\":{\"@id\":\"https:\\\/\\\/www.tablaosflamencos.com\\\/it\\\/attivita-collaterali-biennale-flamenco-siviglia-2026.html\"},\"wordCount\":3605,\"publisher\":{\"@id\":\"https:\\\/\\\/www.tablaosflamencos.com\\\/it#organization\"},\"image\":{\"@id\":\"https:\\\/\\\/www.tablaosflamencos.com\\\/it\\\/attivita-collaterali-biennale-flamenco-siviglia-2026.html#primaryimage\"},\"thumbnailUrl\":\"https:\\\/\\\/www.tablaosflamencos.com\\\/wp-content\\\/uploads\\\/actividades-paralelas-de-la-bienal-2026-exposiciones-cine-flamenco-en-la-calle-y-mas-01.webp\",\"keywords\":[\"agenda flamenca\",\"Bienal 2026\",\"Bienal de Flamenco\",\"festivales flamencos\",\"flamenco en Sevilla\",\"sevilla\"],\"articleSection\":[\"Biennale di Flamenco\"],\"inLanguage\":\"it-IT\"},{\"@type\":\"WebPage\",\"@id\":\"https:\\\/\\\/www.tablaosflamencos.com\\\/it\\\/attivita-collaterali-biennale-flamenco-siviglia-2026.html\",\"url\":\"https:\\\/\\\/www.tablaosflamencos.com\\\/it\\\/attivita-collaterali-biennale-flamenco-siviglia-2026.html\",\"name\":\"Biennale 2026: attivit\u00e0 collaterali, mostre, cinema e flamenco\",\"isPartOf\":{\"@id\":\"https:\\\/\\\/www.tablaosflamencos.com\\\/it#website\"},\"primaryImageOfPage\":{\"@id\":\"https:\\\/\\\/www.tablaosflamencos.com\\\/it\\\/attivita-collaterali-biennale-flamenco-siviglia-2026.html#primaryimage\"},\"image\":{\"@id\":\"https:\\\/\\\/www.tablaosflamencos.com\\\/it\\\/attivita-collaterali-biennale-flamenco-siviglia-2026.html#primaryimage\"},\"thumbnailUrl\":\"https:\\\/\\\/www.tablaosflamencos.com\\\/wp-content\\\/uploads\\\/actividades-paralelas-de-la-bienal-2026-exposiciones-cine-flamenco-en-la-calle-y-mas-01.webp\",\"datePublished\":\"2026-09-05T09:17:33+00:00\",\"dateModified\":\"2026-09-05T10:32:50+00:00\",\"description\":\"Scopri le attivit\u00e0 collaterali della Biennale di Flamenco di Siviglia 2026: mostre, cinema, flamenco in strada, laboratori e proposte gratuite.\",\"breadcrumb\":{\"@id\":\"https:\\\/\\\/www.tablaosflamencos.com\\\/it\\\/attivita-collaterali-biennale-flamenco-siviglia-2026.html#breadcrumb\"},\"inLanguage\":\"it-IT\",\"potentialAction\":[{\"@type\":\"ReadAction\",\"target\":[\"https:\\\/\\\/www.tablaosflamencos.com\\\/it\\\/attivita-collaterali-biennale-flamenco-siviglia-2026.html\"]}]},{\"@type\":\"ImageObject\",\"inLanguage\":\"it-IT\",\"@id\":\"https:\\\/\\\/www.tablaosflamencos.com\\\/it\\\/attivita-collaterali-biennale-flamenco-siviglia-2026.html#primaryimage\",\"url\":\"https:\\\/\\\/www.tablaosflamencos.com\\\/wp-content\\\/uploads\\\/actividades-paralelas-de-la-bienal-2026-exposiciones-cine-flamenco-en-la-calle-y-mas-01.webp\",\"contentUrl\":\"https:\\\/\\\/www.tablaosflamencos.com\\\/wp-content\\\/uploads\\\/actividades-paralelas-de-la-bienal-2026-exposiciones-cine-flamenco-en-la-calle-y-mas-01.webp\",\"width\":1672,\"height\":941,\"caption\":\"Actividades paralelas de la Bienal 2026: exposiciones, cine, flamenco en la calle y m\u00e1s\"},{\"@type\":\"BreadcrumbList\",\"@id\":\"https:\\\/\\\/www.tablaosflamencos.com\\\/it\\\/attivita-collaterali-biennale-flamenco-siviglia-2026.html#breadcrumb\",\"itemListElement\":[{\"@type\":\"ListItem\",\"position\":1,\"name\":\"Home\",\"item\":\"https:\\\/\\\/www.tablaosflamencos.com\\\/it\"},{\"@type\":\"ListItem\",\"position\":2,\"name\":\"Attivit\u00e0 collaterali della Biennale 2026: mostre, cinema, flamenco in strada e molto altro\"}]},{\"@type\":\"WebSite\",\"@id\":\"https:\\\/\\\/www.tablaosflamencos.com\\\/it#website\",\"url\":\"https:\\\/\\\/www.tablaosflamencos.com\\\/it\",\"name\":\"Tablaos Flamencos\",\"description\":\"Entradas para tablaos flamencos de Espa\u00f1a\",\"publisher\":{\"@id\":\"https:\\\/\\\/www.tablaosflamencos.com\\\/it#organization\"},\"alternateName\":\"Tablaos Flamencos\",\"potentialAction\":[{\"@type\":\"SearchAction\",\"target\":{\"@type\":\"EntryPoint\",\"urlTemplate\":\"https:\\\/\\\/www.tablaosflamencos.com\\\/it?s={search_term_string}\"},\"query-input\":{\"@type\":\"PropertyValueSpecification\",\"valueRequired\":true,\"valueName\":\"search_term_string\"}}],\"inLanguage\":\"it-IT\"},{\"@type\":[\"Organization\",\"Place\",\"EntertainmentBusiness\"],\"@id\":\"https:\\\/\\\/www.tablaosflamencos.com\\\/it#organization\",\"name\":\"Tablaos Flamencos\",\"alternateName\":\"Tablaos Flamencos\",\"url\":\"https:\\\/\\\/www.tablaosflamencos.com\\\/it\",\"logo\":{\"@id\":\"https:\\\/\\\/www.tablaosflamencos.com\\\/it\\\/attivita-collaterali-biennale-flamenco-siviglia-2026.html#local-main-organization-logo\"},\"image\":{\"@id\":\"https:\\\/\\\/www.tablaosflamencos.com\\\/it\\\/attivita-collaterali-biennale-flamenco-siviglia-2026.html#local-main-organization-logo\"},\"sameAs\":[\"https:\\\/\\\/www.facebook.com\\\/tablaosflamencos\",\"https:\\\/\\\/x.com\\\/tablaosflamenco\",\"https:\\\/\\\/mastodon.social\\\/@tablaosflamencos\",\"https:\\\/\\\/www.instagram.com\\\/tablaosflamencos\",\"https:\\\/\\\/tiktok.com\\\/@tablaosflamencos\",\"https:\\\/\\\/www.linkedin.com\\\/company\\\/109408238\\\/\"],\"description\":\"Venta de entradas para espect\u00e1culos flamencos\",\"legalName\":\"Tablaos Flamencos\",\"foundingDate\":\"2015-01-01\",\"numberOfEmployees\":{\"@type\":\"QuantitativeValue\",\"minValue\":\"1\",\"maxValue\":\"10\"},\"address\":{\"@id\":\"https:\\\/\\\/www.tablaosflamencos.com\\\/it\\\/attivita-collaterali-biennale-flamenco-siviglia-2026.html#local-main-place-address\"},\"geo\":{\"@type\":\"GeoCoordinates\",\"latitude\":\"37.3868072\",\"longitude\":\"-5.993280299999999\"},\"telephone\":[\"+34623787787\"],\"contactPoint\":{\"@type\":\"ContactPoint\",\"telephone\":\"+34623787787\",\"email\":\"info@tablaosflamencos.com\"},\"openingHoursSpecification\":{\"@type\":\"OpeningHoursSpecification\",\"dayOfWeek\":[\"Monday\",\"Tuesday\",\"Wednesday\",\"Thursday\",\"Friday\",\"Saturday\",\"Sunday\"],\"opens\":\"00:00\",\"closes\":\"23:59\"},\"email\":\"info@tablaosflamencos.com\",\"priceRange\":\"$$$\",\"currenciesAccepted\":\"\u20ac\"},{\"@type\":\"Person\",\"@id\":\"https:\\\/\\\/www.tablaosflamencos.com\\\/it#\\\/schema\\\/person\\\/e7a9ebe14eb75a52ceabfbffb3c54f5d\",\"name\":\"Miguel Ortiz\",\"description\":\"Miguel Ortiz es un empresario flamenco, con una s\u00f3lida trayectoria dentro del sector. Ha presidido entidades culturales vinculadas al flamenco y, cuenta con un amplio recorrido profesional en la gesti\u00f3n y promoci\u00f3n de espect\u00e1culos y tablaos flamencos. Su pasi\u00f3n por la historia y el arte flamenco se refleja en cada art\u00edculo, donde combina experiencia, criterio y un profundo respeto por la tradici\u00f3n.\",\"sameAs\":[\"https:\\\/\\\/www.tablaosflamencos.com\",\"https:\\\/\\\/www.instagra.com\\\/miguelortizfe\",\"https:\\\/\\\/www.linkedin.com\\\/in\\\/miguelortizf\\\/\"],\"birthDate\":\"1984-11-22\",\"gender\":\"hombre\",\"knowsLanguage\":[\"espa\u00f1ol\",\"ingl\u00e9s\"],\"jobTitle\":\"Empresario flamenco\"},{\"@type\":\"PostalAddress\",\"@id\":\"https:\\\/\\\/www.tablaosflamencos.com\\\/it\\\/attivita-collaterali-biennale-flamenco-siviglia-2026.html#local-main-place-address\",\"streetAddress\":\"C\\\/ Alemanes, 19\",\"addressLocality\":\"Sevilla\",\"postalCode\":\"41004\",\"addressRegion\":\"Sevilla\",\"addressCountry\":\"ES\"},{\"@type\":\"ImageObject\",\"inLanguage\":\"it-IT\",\"@id\":\"https:\\\/\\\/www.tablaosflamencos.com\\\/it\\\/attivita-collaterali-biennale-flamenco-siviglia-2026.html#local-main-organization-logo\",\"url\":\"https:\\\/\\\/www.tablaosflamencos.com\\\/wp-content\\\/uploads\\\/tablaos-flamencos-06-3.webp\",\"contentUrl\":\"https:\\\/\\\/www.tablaosflamencos.com\\\/wp-content\\\/uploads\\\/tablaos-flamencos-06-3.webp\",\"width\":600,\"height\":620,\"caption\":\"Tablaos Flamencos\"}]}<\/script>\n<meta name=\"geo.placename\" content=\"Sevilla\" \/>\n<meta name=\"geo.position\" content=\"37.3868072;-5.993280299999999\" \/>\n<meta name=\"geo.region\" content=\"Spagna\" \/>\n<!-- \/ Yoast SEO Premium plugin. -->","yoast_head_json":{"title":"Biennale 2026: attivit\u00e0 collaterali, mostre, cinema e flamenco","description":"Scopri le attivit\u00e0 collaterali della Biennale di Flamenco di Siviglia 2026: mostre, cinema, flamenco in strada, laboratori e proposte gratuite.","robots":{"index":"index","follow":"follow","max-snippet":"max-snippet:-1","max-image-preview":"max-image-preview:large","max-video-preview":"max-video-preview:-1"},"canonical":"https:\/\/www.tablaosflamencos.com\/it\/attivita-collaterali-biennale-flamenco-siviglia-2026.html","og_locale":"it_IT","og_type":"article","og_title":"Attivit\u00e0 collaterali della Biennale 2026: mostre, cinema, flamenco in strada e molto altro","og_description":"Scopri le attivit\u00e0 collaterali della Biennale di Flamenco di Siviglia 2026: mostre, cinema, flamenco in strada, laboratori e proposte gratuite.","og_url":"https:\/\/www.tablaosflamencos.com\/it\/attivita-collaterali-biennale-flamenco-siviglia-2026.html","og_site_name":"Tablaos Flamencos","article_publisher":"https:\/\/www.facebook.com\/tablaosflamencos","article_published_time":"2026-09-05T09:17:33+00:00","article_modified_time":"2026-09-05T10:32:50+00:00","og_image":[{"width":1672,"height":941,"url":"https:\/\/www.tablaosflamencos.com\/wp-content\/uploads\/actividades-paralelas-de-la-bienal-2026-exposiciones-cine-flamenco-en-la-calle-y-mas-01.webp","type":"image\/webp"}],"author":"Miguel Ortiz","twitter_card":"summary_large_image","twitter_creator":"@tablaosflamenco","twitter_site":"@tablaosflamenco","twitter_misc":{"Scritto da":"Miguel Ortiz","Tempo di lettura stimato":"18 minuti"},"schema":{"@context":"https:\/\/schema.org","@graph":[{"@type":"Article","@id":"https:\/\/www.tablaosflamencos.com\/it\/attivita-collaterali-biennale-flamenco-siviglia-2026.html#article","isPartOf":{"@id":"https:\/\/www.tablaosflamencos.com\/it\/attivita-collaterali-biennale-flamenco-siviglia-2026.html"},"author":{"name":"Miguel Ortiz","@id":"https:\/\/www.tablaosflamencos.com\/it#\/schema\/person\/e7a9ebe14eb75a52ceabfbffb3c54f5d"},"headline":"Attivit\u00e0 collaterali della Biennale 2026: mostre, cinema, flamenco in strada e molto altro","datePublished":"2026-09-05T09:17:33+00:00","dateModified":"2026-09-05T10:32:50+00:00","mainEntityOfPage":{"@id":"https:\/\/www.tablaosflamencos.com\/it\/attivita-collaterali-biennale-flamenco-siviglia-2026.html"},"wordCount":3605,"publisher":{"@id":"https:\/\/www.tablaosflamencos.com\/it#organization"},"image":{"@id":"https:\/\/www.tablaosflamencos.com\/it\/attivita-collaterali-biennale-flamenco-siviglia-2026.html#primaryimage"},"thumbnailUrl":"https:\/\/www.tablaosflamencos.com\/wp-content\/uploads\/actividades-paralelas-de-la-bienal-2026-exposiciones-cine-flamenco-en-la-calle-y-mas-01.webp","keywords":["agenda flamenca","Bienal 2026","Bienal de Flamenco","festivales flamencos","flamenco en Sevilla","sevilla"],"articleSection":["Biennale di Flamenco"],"inLanguage":"it-IT"},{"@type":"WebPage","@id":"https:\/\/www.tablaosflamencos.com\/it\/attivita-collaterali-biennale-flamenco-siviglia-2026.html","url":"https:\/\/www.tablaosflamencos.com\/it\/attivita-collaterali-biennale-flamenco-siviglia-2026.html","name":"Biennale 2026: attivit\u00e0 collaterali, mostre, cinema e flamenco","isPartOf":{"@id":"https:\/\/www.tablaosflamencos.com\/it#website"},"primaryImageOfPage":{"@id":"https:\/\/www.tablaosflamencos.com\/it\/attivita-collaterali-biennale-flamenco-siviglia-2026.html#primaryimage"},"image":{"@id":"https:\/\/www.tablaosflamencos.com\/it\/attivita-collaterali-biennale-flamenco-siviglia-2026.html#primaryimage"},"thumbnailUrl":"https:\/\/www.tablaosflamencos.com\/wp-content\/uploads\/actividades-paralelas-de-la-bienal-2026-exposiciones-cine-flamenco-en-la-calle-y-mas-01.webp","datePublished":"2026-09-05T09:17:33+00:00","dateModified":"2026-09-05T10:32:50+00:00","description":"Scopri le attivit\u00e0 collaterali della Biennale di Flamenco di Siviglia 2026: mostre, cinema, flamenco in strada, laboratori e proposte gratuite.","breadcrumb":{"@id":"https:\/\/www.tablaosflamencos.com\/it\/attivita-collaterali-biennale-flamenco-siviglia-2026.html#breadcrumb"},"inLanguage":"it-IT","potentialAction":[{"@type":"ReadAction","target":["https:\/\/www.tablaosflamencos.com\/it\/attivita-collaterali-biennale-flamenco-siviglia-2026.html"]}]},{"@type":"ImageObject","inLanguage":"it-IT","@id":"https:\/\/www.tablaosflamencos.com\/it\/attivita-collaterali-biennale-flamenco-siviglia-2026.html#primaryimage","url":"https:\/\/www.tablaosflamencos.com\/wp-content\/uploads\/actividades-paralelas-de-la-bienal-2026-exposiciones-cine-flamenco-en-la-calle-y-mas-01.webp","contentUrl":"https:\/\/www.tablaosflamencos.com\/wp-content\/uploads\/actividades-paralelas-de-la-bienal-2026-exposiciones-cine-flamenco-en-la-calle-y-mas-01.webp","width":1672,"height":941,"caption":"Actividades paralelas de la Bienal 2026: exposiciones, cine, flamenco en la calle y m\u00e1s"},{"@type":"BreadcrumbList","@id":"https:\/\/www.tablaosflamencos.com\/it\/attivita-collaterali-biennale-flamenco-siviglia-2026.html#breadcrumb","itemListElement":[{"@type":"ListItem","position":1,"name":"Home","item":"https:\/\/www.tablaosflamencos.com\/it"},{"@type":"ListItem","position":2,"name":"Attivit\u00e0 collaterali della Biennale 2026: mostre, cinema, flamenco in strada e molto altro"}]},{"@type":"WebSite","@id":"https:\/\/www.tablaosflamencos.com\/it#website","url":"https:\/\/www.tablaosflamencos.com\/it","name":"Tablaos Flamencos","description":"Entradas para tablaos flamencos de Espa\u00f1a","publisher":{"@id":"https:\/\/www.tablaosflamencos.com\/it#organization"},"alternateName":"Tablaos Flamencos","potentialAction":[{"@type":"SearchAction","target":{"@type":"EntryPoint","urlTemplate":"https:\/\/www.tablaosflamencos.com\/it?s={search_term_string}"},"query-input":{"@type":"PropertyValueSpecification","valueRequired":true,"valueName":"search_term_string"}}],"inLanguage":"it-IT"},{"@type":["Organization","Place","EntertainmentBusiness"],"@id":"https:\/\/www.tablaosflamencos.com\/it#organization","name":"Tablaos Flamencos","alternateName":"Tablaos Flamencos","url":"https:\/\/www.tablaosflamencos.com\/it","logo":{"@id":"https:\/\/www.tablaosflamencos.com\/it\/attivita-collaterali-biennale-flamenco-siviglia-2026.html#local-main-organization-logo"},"image":{"@id":"https:\/\/www.tablaosflamencos.com\/it\/attivita-collaterali-biennale-flamenco-siviglia-2026.html#local-main-organization-logo"},"sameAs":["https:\/\/www.facebook.com\/tablaosflamencos","https:\/\/x.com\/tablaosflamenco","https:\/\/mastodon.social\/@tablaosflamencos","https:\/\/www.instagram.com\/tablaosflamencos","https:\/\/tiktok.com\/@tablaosflamencos","https:\/\/www.linkedin.com\/company\/109408238\/"],"description":"Venta de entradas para espect\u00e1culos flamencos","legalName":"Tablaos Flamencos","foundingDate":"2015-01-01","numberOfEmployees":{"@type":"QuantitativeValue","minValue":"1","maxValue":"10"},"address":{"@id":"https:\/\/www.tablaosflamencos.com\/it\/attivita-collaterali-biennale-flamenco-siviglia-2026.html#local-main-place-address"},"geo":{"@type":"GeoCoordinates","latitude":"37.3868072","longitude":"-5.993280299999999"},"telephone":["+34623787787"],"contactPoint":{"@type":"ContactPoint","telephone":"+34623787787","email":"info@tablaosflamencos.com"},"openingHoursSpecification":{"@type":"OpeningHoursSpecification","dayOfWeek":["Monday","Tuesday","Wednesday","Thursday","Friday","Saturday","Sunday"],"opens":"00:00","closes":"23:59"},"email":"info@tablaosflamencos.com","priceRange":"$$$","currenciesAccepted":"\u20ac"},{"@type":"Person","@id":"https:\/\/www.tablaosflamencos.com\/it#\/schema\/person\/e7a9ebe14eb75a52ceabfbffb3c54f5d","name":"Miguel Ortiz","description":"Miguel Ortiz es un empresario flamenco, con una s\u00f3lida trayectoria dentro del sector. Ha presidido entidades culturales vinculadas al flamenco y, cuenta con un amplio recorrido profesional en la gesti\u00f3n y promoci\u00f3n de espect\u00e1culos y tablaos flamencos. Su pasi\u00f3n por la historia y el arte flamenco se refleja en cada art\u00edculo, donde combina experiencia, criterio y un profundo respeto por la tradici\u00f3n.","sameAs":["https:\/\/www.tablaosflamencos.com","https:\/\/www.instagra.com\/miguelortizfe","https:\/\/www.linkedin.com\/in\/miguelortizf\/"],"birthDate":"1984-11-22","gender":"hombre","knowsLanguage":["espa\u00f1ol","ingl\u00e9s"],"jobTitle":"Empresario flamenco"},{"@type":"PostalAddress","@id":"https:\/\/www.tablaosflamencos.com\/it\/attivita-collaterali-biennale-flamenco-siviglia-2026.html#local-main-place-address","streetAddress":"C\/ Alemanes, 19","addressLocality":"Sevilla","postalCode":"41004","addressRegion":"Sevilla","addressCountry":"ES"},{"@type":"ImageObject","inLanguage":"it-IT","@id":"https:\/\/www.tablaosflamencos.com\/it\/attivita-collaterali-biennale-flamenco-siviglia-2026.html#local-main-organization-logo","url":"https:\/\/www.tablaosflamencos.com\/wp-content\/uploads\/tablaos-flamencos-06-3.webp","contentUrl":"https:\/\/www.tablaosflamencos.com\/wp-content\/uploads\/tablaos-flamencos-06-3.webp","width":600,"height":620,"caption":"Tablaos Flamencos"}]},"geo.placename":"Sevilla","geo.position":{"lat":"37.3868072","long":"-5.993280299999999"},"geo.region":"Spagna"},"_links":{"self":[{"href":"https:\/\/www.tablaosflamencos.com\/it\/wp-json\/wp\/v2\/posts\/14669","targetHints":{"allow":["GET"]}}],"collection":[{"href":"https:\/\/www.tablaosflamencos.com\/it\/wp-json\/wp\/v2\/posts"}],"about":[{"href":"https:\/\/www.tablaosflamencos.com\/it\/wp-json\/wp\/v2\/types\/post"}],"author":[{"embeddable":true,"href":"https:\/\/www.tablaosflamencos.com\/it\/wp-json\/wp\/v2\/users\/1"}],"replies":[{"embeddable":true,"href":"https:\/\/www.tablaosflamencos.com\/it\/wp-json\/wp\/v2\/comments?post=14669"}],"version-history":[{"count":8,"href":"https:\/\/www.tablaosflamencos.com\/it\/wp-json\/wp\/v2\/posts\/14669\/revisions"}],"predecessor-version":[{"id":14718,"href":"https:\/\/www.tablaosflamencos.com\/it\/wp-json\/wp\/v2\/posts\/14669\/revisions\/14718"}],"wp:featuredmedia":[{"embeddable":true,"href":"https:\/\/www.tablaosflamencos.com\/it\/wp-json\/wp\/v2\/media\/14654"}],"wp:attachment":[{"href":"https:\/\/www.tablaosflamencos.com\/it\/wp-json\/wp\/v2\/media?parent=14669"}],"wp:term":[{"taxonomy":"category","embeddable":true,"href":"https:\/\/www.tablaosflamencos.com\/it\/wp-json\/wp\/v2\/categories?post=14669"},{"taxonomy":"post_tag","embeddable":true,"href":"https:\/\/www.tablaosflamencos.com\/it\/wp-json\/wp\/v2\/tags?post=14669"}],"curies":[{"name":"wp","href":"https:\/\/api.w.org\/{rel}","templated":true}]}}