{"id":14540,"date":"2026-09-04T18:48:29","date_gmt":"2026-09-04T16:48:29","guid":{"rendered":"https:\/\/www.tablaosflamencos.com\/?p=14540"},"modified":"2026-09-04T19:15:51","modified_gmt":"2026-09-04T17:15:51","slug":"flamenco-siviglia-weekend-prima-biennale-2026","status":"publish","type":"post","link":"https:\/\/www.tablaosflamencos.com\/it\/flamenco-siviglia-weekend-prima-biennale-2026.html","title":{"rendered":"Flamenco a Siviglia questo weekend: cosa vedere prima della Biennale"},"content":{"rendered":"<section class=\"l-section wpb_row height_huge\"><div class=\"l-section-h i-cf\"><div class=\"g-cols vc_row via_flex valign_top type_default stacking_default\"><div class=\"vc_col-sm-6 wpb_column vc_column_container\"><div class=\"vc_column-inner\"><div class=\"wpb_wrapper\"><div class=\"wpb_text_column\"><div class=\"wpb_wrapper\"><h2>Il weekend subito prima della Biennale \u00e8 gi\u00e0 pieno di flamenco<\/h2>\n<p>La <strong>XXIV Biennale di Flamenco di Siviglia<\/strong> inizia ufficialmente mercoled\u00ec <strong>9 settembre 2026<\/strong>, ma chi si trova in citt\u00e0 questo weekend non deve aspettare fino ad allora. Tra <strong>venerd\u00ec 4 e domenica 6 settembre<\/strong> ci sono tre appuntamenti flamenco gratuiti legati alla programmazione che precede la Biennale, oltre a mostre ed esperienze aperte durante il giorno.<\/p>\n<p>\u00c8, infatti, uno dei weekend pi\u00f9 interessanti per arrivare a Siviglia prima che inizi il grande calendario dei teatri. C&#8217;\u00e8 meno pressione sui biglietti, diverse proposte sono a ingresso libero fino a esaurimento posti e il programma si distribuisce tra quartieri e spazi monumentali molto diversi tra loro.<\/p>\n<\/div><\/div><\/div><\/div><\/div><div class=\"vc_col-sm-6 wpb_column vc_column_container\"><div class=\"vc_column-inner\"><div class=\"wpb_wrapper\"><div class=\"wpb_text_column\"><div class=\"wpb_wrapper\"><h2>Cosa puoi vedere dal 4 al 6 settembre<\/h2>\n<p><strong>Venerd\u00ec 4:<\/strong> <em>Cuesti\u00f3n de tiempo<\/em>, degli Hermanos Aguilar, al Monastero di San Jer\u00f3nimo.<\/p>\n<p><strong>Sabato 5:<\/strong> II Festival <em>Macarena Flamenca<\/em>, omaggio a Jos\u00e9 de la Tomasa, in Plaza Virgen del Pilar a La Barzola.<\/p>\n<p><strong>Domenica 6:<\/strong> <em>Nazareno y Olivares<\/em>, omaggio a Fosforito, al Museo de Artes y Costumbres Populares.<\/p>\n<p>Tutti e tre gli appuntamenti iniziano alle <strong>21:30<\/strong> e sono annunciati con <strong>ingresso libero fino a esaurimento posti<\/strong>. Durante il giorno si pu\u00f2 anche visitare la mostra <em>La noche azul<\/em> e, da sabato, la nuova <em>Sala de revelado<\/em> della Biennale alla Real F\u00e1brica de Artiller\u00eda.<\/p>\n<\/div><\/div><\/div><\/div><\/div><\/div><\/div><\/section><section class=\"l-section wpb_row height_huge color_alternate with_shape\"><div class=\"l-section-shape type_zigzag pos_top hor_flip\" style=\"height:3vmin;\"><svg xmlns=\"http:\/\/www.w3.org\/2000\/svg\" viewBox=\"0 0 64 8\" preserveAspectRatio=\"none\" width=\"100%\" height=\"100%\">\r\n\t<path fill=\"currentColor\" d=\"M64 8 L0 8 L0 0 L20 7.9 L40 3 L48 5 L64 0 Z\"\/>\r\n<\/svg><\/div><div class=\"l-section-shape type_zigzag pos_bottom\" style=\"height:3vmin;\"><svg xmlns=\"http:\/\/www.w3.org\/2000\/svg\" viewBox=\"0 0 64 8\" preserveAspectRatio=\"none\" width=\"100%\" height=\"100%\">\r\n\t<path fill=\"currentColor\" d=\"M64 8 L0 8 L0 0 L20 7.9 L40 3 L48 5 L64 0 Z\"\/>\r\n<\/svg><\/div><div class=\"l-section-h i-cf\"><div class=\"g-cols vc_row via_flex valign_top type_default stacking_default\"><div class=\"vc_col-sm-12 wpb_column vc_column_container\"><div class=\"vc_column-inner\"><div class=\"wpb_wrapper\"><div class=\"wpb_text_column\"><div class=\"wpb_wrapper\"><blockquote>\n<p><strong>Risposta rapida:<\/strong> se cerchi flamenco a Siviglia questo weekend, dal 4 al 6 settembre 2026, il piano migliore \u00e8 approfittare dei tre spettacoli gratuiti che precedono la Biennale: Hermanos Aguilar venerd\u00ec, Macarena Flamenca sabato e l&#8217;omaggio a Fosforito domenica. Di giorno puoi completare il percorso con <em>La noche azul<\/em> e la <em>Sala de revelado<\/em> alla Real F\u00e1brica de Artiller\u00eda. Se preferisci assicurarti orario e posto, i tablaos di Siviglia mantengono inoltre la loro programmazione abituale.<\/p>\n<\/blockquote>\n<p><strong>Ultimo aggiornamento: 4 settembre 2026.<\/strong> Per le attivit\u00e0 a ingresso libero conviene arrivare in anticipo, perch\u00e9 l&#8217;accesso dipende dalla capienza disponibile.<\/p>\n<\/div><\/div><div class=\"w-separator size_medium\"><\/div><div class=\"w-hwrapper valign_top wrap stack_on_mobiles align_center\" style=\"--hwrapper-gap:1.2rem\"><div class=\"w-btn-wrapper align_none\"><a class=\"w-btn us-btn-style_1\" href=\"https:\/\/www.tablaosflamencos.com\/it\/biennale-flamenco-siviglia-2026-prima-9-settembre.html\"><span class=\"w-btn-label\">Vedi tutti gli eventi prima della Biennale<\/span><\/a><\/div><div class=\"w-btn-wrapper align_none\"><a class=\"w-btn us-btn-style_1\" href=\"https:\/\/www.tablaosflamencos.com\/it\/flamenco-siviglia-biennale-2026-spettacoli-fuori-programma-ufficiale.html\"><span class=\"w-btn-label\">Vedi flamenco fuori dal programma ufficiale<\/span><\/a><\/div><\/div><\/div><\/div><\/div><\/div><\/div><\/section><section class=\"l-section wpb_row height_huge\"><div class=\"l-section-h i-cf\"><div class=\"g-cols vc_row via_flex valign_top type_default stacking_default\"><div class=\"vc_col-sm-6 wpb_column vc_column_container\"><div class=\"vc_column-inner\"><div class=\"wpb_wrapper\"><div class=\"wpb_text_column\"><div class=\"wpb_wrapper\"><h2>Contenuto di questa guida<\/h2>\n<ul>\n<li><a href=\"#viernes\">Venerd\u00ec 4: Hermanos Aguilar a San Jer\u00f3nimo<\/a><\/li>\n<li><a href=\"#sabado\">Sabato 5: Macarena Flamenca<\/a><\/li>\n<li><a href=\"#domingo\">Domenica 6: omaggio a Fosforito<\/a><\/li>\n<li><a href=\"#dia\">Cosa fare durante il giorno<\/a><\/li>\n<li><a href=\"#artilleria\">La noche azul e Sala de revelado<\/a><\/li>\n<li><a href=\"#tablaos\">Tablaos per completare il weekend<\/a><\/li>\n<li><a href=\"#agenda\">Agenda rapida dal 4 al 6 settembre<\/a><\/li>\n<li><a href=\"#organizar\">Come organizzare il weekend<\/a><\/li>\n<li><a href=\"#despues\">Cosa viene dopo<\/a><\/li>\n<li><a href=\"#faq\">Domande frequenti<\/a><\/li>\n<\/ul>\n<\/div><\/div><\/div><\/div><\/div><div class=\"vc_col-sm-6 wpb_column vc_column_container\"><div class=\"vc_column-inner\"><div class=\"wpb_wrapper\"><div class=\"wpb_text_column\"><div class=\"wpb_wrapper\"><h2>Un weekend di transizione<\/h2>\n<p>Questo weekend funziona come un ponte tra la Siviglia flamenca di tutto l&#8217;anno e la citt\u00e0 che, dal 9 settembre, entra pienamente nella Biennale. Le grandi produzioni del Maestranza, Lope de Vega, Teatro Central o Espacio Turina non sono ancora iniziate, ma il programma parallelo sta gi\u00e0 occupando quartieri, piazze e spazi monumentali.<\/p>\n<p>Questo permette di vivere un&#8217;atmosfera diversa: meno concentrata nei grandi teatri e pi\u00f9 distribuita per la citt\u00e0. \u00c8 anche una buona occasione per combinare <strong>flamenco gratuito + patrimonio + tablao<\/strong> senza dover concatenare pi\u00f9 spettacoli ufficiali nella stessa giornata.<\/p>\n<\/div><\/div><\/div><\/div><\/div><\/div><\/div><\/section><section class=\"l-section wpb_row height_huge color_alternate with_shape\"><div class=\"l-section-shape type_zigzag pos_top\" style=\"height:3vmin;\"><svg xmlns=\"http:\/\/www.w3.org\/2000\/svg\" viewBox=\"0 0 64 8\" preserveAspectRatio=\"none\" width=\"100%\" height=\"100%\">\r\n\t<path fill=\"currentColor\" d=\"M64 8 L0 8 L0 0 L20 7.9 L40 3 L48 5 L64 0 Z\"\/>\r\n<\/svg><\/div><div class=\"l-section-shape type_zigzag pos_bottom\" style=\"height:3vmin;\"><svg xmlns=\"http:\/\/www.w3.org\/2000\/svg\" viewBox=\"0 0 64 8\" preserveAspectRatio=\"none\" width=\"100%\" height=\"100%\">\r\n\t<path fill=\"currentColor\" d=\"M64 8 L0 8 L0 0 L20 7.9 L40 3 L48 5 L64 0 Z\"\/>\r\n<\/svg><\/div><div class=\"l-section-h i-cf\"><div class=\"g-cols vc_row via_flex valign_top type_default stacking_default\"><div class=\"vc_col-sm-6 wpb_column vc_column_container\"><div class=\"vc_column-inner\"><div class=\"wpb_wrapper\"><div class=\"wpb_text_column\"><div class=\"wpb_wrapper\"><h2 id=\"viernes\">Venerd\u00ec 4: <em>Cuesti\u00f3n de tiempo<\/em>, Hermanos Aguilar<\/h2>\n<p><strong>21:30 \u00b7 Monastero di San Jer\u00f3nimo \u00b7 Ingresso libero fino a esaurimento posti<\/strong><\/p>\n<p>Venerd\u00ec la programmazione precedente alla Biennale si sposta al <strong>Monastero di San Jer\u00f3nimo<\/strong> con <em>Cuesti\u00f3n de tiempo<\/em>, un&#8217;opera creata e interpretata da <strong>Diego e Hugo Aguilar<\/strong>.<\/p>\n<p>L&#8217;opera ruota attorno alla memoria, all&#8217;identit\u00e0, all&#8217;eredit\u00e0 familiare e al modo in cui il tempo trasforma i legami. \u00c8 organizzata in cinque atti \u2014<em>Lembranza, Albor, Confluencia, Soler<\/em> e <em>Umbral<\/em>\u2014 e parte da un&#8217;idea molto fisica della trasmissione: il passato familiare rimane presente nel corpo di chi danza.<\/p>\n<p>Non \u00e8 una proposta concepita soltanto come esibizione di baile. Gli Aguilar costruiscono una pi\u00e8ce scenica introspettiva, con la presenza del padre degli artisti come simbolo di origine e continuit\u00e0.<\/p>\n<p><strong>Perch\u00e9 andarci:<\/strong> perch\u00e9 permette di iniziare il weekend con una proposta di creazione contemporanea in uno spazio monumentale molto diverso dai principali teatri della Biennale.<\/p>\n<\/div><\/div><\/div><\/div><\/div><div class=\"vc_col-sm-6 wpb_column vc_column_container\"><div class=\"vc_column-inner\"><div class=\"wpb_wrapper\"><div class=\"wpb_text_column\"><div class=\"wpb_wrapper\"><h2 id=\"sabado\">Sabato 5: II Festival Macarena Flamenca<\/h2>\n<p><strong>21:30 \u00b7 Plaza Virgen del Pilar, La Barzola \u00b7 Ingresso libero fino a esaurimento posti<\/strong><\/p>\n<p>Sabato l&#8217;attenzione si sposta nel Distretto Macarena con la seconda edizione di <strong>Macarena Flamenca<\/strong>, un festival nato nel 2025 che quest&#8217;anno rende omaggio a <strong>Jos\u00e9 de la Tomasa<\/strong> per la sua carriera e per la sua importanza nella trasmissione dei cantes sivigliani.<\/p>\n<p>Il cartellone riunisce diverse generazioni e profili. Al cante sono annunciati <strong>Potito, Antonio Reyes, Remedios Reyes e Manuel de la Tomasa<\/strong>, con le chitarre di Manuel Herrera, Nono Reyes e Julio Romero, oltre a palmas e accompagnamenti. Nel baile partecipa <strong>Manuela Amador Carrasco<\/strong>, con il cante di Emilio Molina e Manuel Ta\u00f1\u00e9 e la chitarra di Luis Amador.<\/p>\n<p><strong>Perch\u00e9 pu\u00f2 essere il grande appuntamento del sabato:<\/strong> perch\u00e9 riunisce un cartellone ampio, si svolge all&#8217;aperto in un quartiere con una forte identit\u00e0 flamenca e funziona come un vero festival, non come una semplice esibizione isolata.<\/p>\n<\/div><\/div><\/div><\/div><\/div><\/div><\/div><\/section><section class=\"l-section wpb_row height_huge\"><div class=\"l-section-h i-cf\"><div class=\"g-cols vc_row via_flex valign_top type_default stacking_default\"><div class=\"vc_col-sm-6 wpb_column vc_column_container\"><div class=\"vc_column-inner\"><div class=\"wpb_wrapper\"><div class=\"wpb_text_column\"><div class=\"wpb_wrapper\"><h2 id=\"domingo\">Domenica 6: <em>Nazareno y Olivares<\/em>, omaggio a Fosforito<\/h2>\n<p><strong>21:30 \u00b7 Museo de Artes y Costumbres Populares \u00b7 Ingresso libero fino a esaurimento posti<\/strong><\/p>\n<p>Domenica il weekend si chiude nella <strong>Plaza de Am\u00e9rica del Parque de Mar\u00eda Luisa<\/strong>, con una proposta dedicata a una delle figure fondamentali del cante del XX secolo: <strong>Antonio Fern\u00e1ndez D\u00edaz, Fosforito<\/strong>.<\/p>\n<p><em>Nazareno y Olivares<\/em> ripercorre la sua vita e la sua opera attraverso una combinazione di parola, musica e danza. Tra i partecipanti annunciati figurano <strong>Enrique Garc\u00e9s, Bernardo Miranda, Alejandro Hurtado e Yolanda Osuna<\/strong>.<\/p>\n<p>Il luogo aggiunge molto al programma. Il Museo de Artes y Costumbres Populares occupa il Padiglione Mud\u00e9jar di Plaza de Am\u00e9rica, quindi lo spettacolo permette di concludere un pomeriggio nel Parque de Mar\u00eda Luisa con un appuntamento flamenco legato alla memoria e al repertorio storico.<\/p>\n<p><strong>Ideale per:<\/strong> chi preferisce cante, chitarra, racconto e omaggio al patrimonio rispetto a una proposta concentrata esclusivamente sul baile.<\/p>\n<\/div><\/div><\/div><\/div><\/div><div class=\"vc_col-sm-6 wpb_column vc_column_container\"><div class=\"vc_column-inner\"><div class=\"wpb_wrapper\"><div class=\"wpb_text_column\"><div class=\"wpb_wrapper\"><h2 id=\"dia\">Cosa fare durante il giorno prima degli spettacoli<\/h2>\n<p>Il fatto che i tre spettacoli principali inizino alle 21:30 lascia praticamente tutta la giornata libera. Questo permette di costruire giornate molto complete senza fretta.<\/p>\n<p>Venerd\u00ec puoi dedicare il pomeriggio al centro e poi spostarti a San Jer\u00f3nimo. Sabato ha senso visitare Macarena, Feria, Alameda o la zona nord prima di raggiungere La Barzola. Domenica, invece, lo stesso Parque de Mar\u00eda Luisa, Plaza de Espa\u00f1a e Plaza de Am\u00e9rica permettono di organizzare tutta la parte finale del pomeriggio a pochi minuti dallo spettacolo.<\/p>\n<p>Inoltre, per tutto il weekend c&#8217;\u00e8 un luogo particolarmente consigliato a chi vuole approfondire la storia e i processi creativi del flamenco: la <strong>Real F\u00e1brica de Artiller\u00eda<\/strong>.<\/p>\n<\/div><\/div><\/div><\/div><\/div><\/div><\/div><\/section><section class=\"l-section wpb_row height_huge color_alternate with_shape\"><div class=\"l-section-shape type_zigzag pos_top hor_flip\" style=\"height:3vmin;\"><svg xmlns=\"http:\/\/www.w3.org\/2000\/svg\" viewBox=\"0 0 64 8\" preserveAspectRatio=\"none\" width=\"100%\" height=\"100%\">\r\n\t<path fill=\"currentColor\" d=\"M64 8 L0 8 L0 0 L20 7.9 L40 3 L48 5 L64 0 Z\"\/>\r\n<\/svg><\/div><div class=\"l-section-shape type_zigzag pos_bottom\" style=\"height:3vmin;\"><svg xmlns=\"http:\/\/www.w3.org\/2000\/svg\" viewBox=\"0 0 64 8\" preserveAspectRatio=\"none\" width=\"100%\" height=\"100%\">\r\n\t<path fill=\"currentColor\" d=\"M64 8 L0 8 L0 0 L20 7.9 L40 3 L48 5 L64 0 Z\"\/>\r\n<\/svg><\/div><div class=\"l-section-h i-cf\"><div class=\"g-cols vc_row via_flex valign_top type_default stacking_default\"><div class=\"vc_col-sm-6 wpb_column vc_column_container\"><div class=\"vc_column-inner\"><div class=\"wpb_wrapper\"><div class=\"wpb_text_column\"><div class=\"wpb_wrapper\"><h2 id=\"artilleria\"><em>La noche azul<\/em>: una mostra per capire l&#8217;\u00d3pera Flamenca<\/h2>\n<p>Dal 2 settembre la Real F\u00e1brica de Artiller\u00eda ospita la mostra <strong><em>La noche azul. \u00d3pera Flamenca en la colecci\u00f3n de Carlos Mart\u00edn Ballester<\/em><\/strong>.<\/p>\n<p>La mostra riunisce <strong>328 pezzi<\/strong> tra manifesti, dischi in gommalacca, grammofoni, fotografie e documentazione storica per spiegare come, circa un secolo fa, il flamenco pass\u00f2 dai caf\u00e9s cantantes ai grandi teatri, alle arene, alla radio e alla prima industria discografica.<\/p>\n<p>L&#8217;ingresso \u00e8 gratuito. L&#8217;orario ufficiale annunciato \u00e8 <strong>dalle 10:00 alle 20:00 dal luned\u00ec al sabato<\/strong> e <strong>dalle 10:00 alle 14:00 la domenica<\/strong>. Questo la rende un piano particolarmente facile da inserire il sabato o la domenica prima di uno degli spettacoli serali.<\/p>\n<\/div><\/div><div class=\"w-separator size_medium\"><\/div><div class=\"w-hwrapper valign_top wrap stack_on_mobiles align_center\" style=\"--hwrapper-gap:1.2rem\"><div class=\"w-btn-wrapper align_none\"><a class=\"w-btn us-btn-style_1\" href=\"https:\/\/www.tablaosflamencos.com\/it\/la-notte-blu-opera-flamenca-biennale-siviglia-2026.html\"><span class=\"w-btn-label\">Guida a La noche azul<\/span><\/a><\/div><\/div><\/div><\/div><\/div><div class=\"vc_col-sm-6 wpb_column vc_column_container\"><div class=\"vc_column-inner\"><div class=\"wpb_wrapper\"><div class=\"wpb_text_column\"><div class=\"wpb_wrapper\"><h2>Da sabato: la nuova Sala de revelado<\/h2>\n<p>La Biennale ha inoltre inaugurato un&#8217;installazione itinerante con il motto <strong>\u00abAnche l&#8217;invisibile \u00e8 flamenco\u00bb<\/strong>. La <em>Sala de revelado<\/em> mostra processi di prova, ricerca e creazione che normalmente restano fuori dallo sguardo del pubblico.<\/p>\n<p>Dopo aver attraversato Triana, El Prado\/Nervi\u00f3n e calle Feria, l&#8217;installazione si stabilisce <strong>da sabato 5 settembre alla Real F\u00e1brica de Artiller\u00eda<\/strong>. Qui amplia l&#8217;esperienza con fotografie documentarie, testimonianze, materiali sonori, podcast e interviste legate ai processi creativi degli artisti della Biennale.<\/p>\n<p>La combinazione \u00e8 particolarmente logica: visitare <em>La noche azul<\/em> e la <em>Sala de revelado<\/em> nello stesso edificio permette di esplorare due facce del flamenco \u2014 memoria storica e creazione contemporanea \u2014 prima di uscire la sera per vedere uno spettacolo.<\/p>\n<\/div><\/div><\/div><\/div><\/div><\/div><\/div><\/section><section class=\"l-section wpb_row height_huge\"><div class=\"l-section-h i-cf\"><div class=\"g-cols vc_row via_flex valign_top type_default stacking_default\"><div class=\"vc_col-sm-6 wpb_column vc_column_container\"><div class=\"vc_column-inner\"><div class=\"wpb_wrapper\"><div class=\"wpb_text_column\"><div class=\"wpb_wrapper\"><h2 id=\"tablaos\">Se preferisci assicurarti un posto: tablaos per tutto il weekend<\/h2>\n<p>I tre grandi appuntamenti precedenti di venerd\u00ec, sabato e domenica sono gratuiti fino a esaurimento posti. Questo ha un vantaggio evidente, ma anche un limite: <strong>non equivale ad avere un posto garantito<\/strong>.<\/p>\n<p>Se arrivi tardi, viaggi con un programma molto rigido o semplicemente preferisci prenotare in anticipo, i tablaos di Siviglia mantengono la loro programmazione abituale per tutto il weekend. Ci sono opzioni a Las Setas, Santa Cruz, Arenal, Plaza Nueva, nel centro storico e a Triana, normalmente con formati di circa un&#8217;ora.<\/p>\n<p>Pu\u00f2 anche essere un buon complemento: mostra o attivit\u00e0 di giorno, evento gratuito alle 21:30 e tablao in un&#8217;altra giornata. Non \u00e8 necessario cercare di fare tutto la stessa sera.<\/p>\n<\/div><\/div><div class=\"w-separator size_medium\"><\/div><div class=\"w-hwrapper valign_top wrap stack_on_mobiles align_center\" style=\"--hwrapper-gap:1.2rem\"><div class=\"w-btn-wrapper align_none\"><a class=\"w-btn us-btn-style_1\" href=\"https:\/\/www.tablaosflamencos.com\/it\/flamenco-siviglia-biennale-2026-spettacoli-fuori-programma-ufficiale.html\"><span class=\"w-btn-label\">Confronta i tablaos a Siviglia<\/span><\/a><\/div><\/div><\/div><\/div><\/div><div class=\"vc_col-sm-6 wpb_column vc_column_container\"><div class=\"vc_column-inner\"><div class=\"wpb_wrapper\"><div class=\"wpb_text_column\"><div class=\"wpb_wrapper\"><h2>Quale programma scegliere in base ai tuoi interessi<\/h2>\n<ul>\n<li><strong>Baile e creazione contemporanea:<\/strong> Hermanos Aguilar, venerd\u00ec 4.<\/li>\n<li><strong>Festival di cante con un ampio cartellone:<\/strong> Macarena Flamenca, sabato 5.<\/li>\n<li><strong>Storia del cante e omaggio a una figura essenziale:<\/strong> Fosforito, domenica 6.<\/li>\n<li><strong>Storia e patrimonio documentario:<\/strong> <em>La noche azul<\/em>.<\/li>\n<li><strong>Processi creativi attuali:<\/strong> <em>Sala de revelado<\/em>.<\/li>\n<li><strong>Orario prenotato e spettacolo regolare:<\/strong> tablao.<\/li>\n<\/ul>\n<p>Se puoi scegliere una sola sera, la decisione dipende pi\u00f9 dal tipo di flamenco che cerchi che da una gerarchia assoluta. Sono proposte molto diverse e proprio questa diversit\u00e0 \u00e8 uno degli aspetti pi\u00f9 interessanti del weekend precedente alla Biennale.<\/p>\n<\/div><\/div><\/div><\/div><\/div><\/div><\/div><\/section><section class=\"l-section wpb_row height_huge color_alternate with_shape\"><div class=\"l-section-shape type_zigzag pos_top\" style=\"height:3vmin;\"><svg xmlns=\"http:\/\/www.w3.org\/2000\/svg\" viewBox=\"0 0 64 8\" preserveAspectRatio=\"none\" width=\"100%\" height=\"100%\">\r\n\t<path fill=\"currentColor\" d=\"M64 8 L0 8 L0 0 L20 7.9 L40 3 L48 5 L64 0 Z\"\/>\r\n<\/svg><\/div><div class=\"l-section-shape type_zigzag pos_bottom\" style=\"height:3vmin;\"><svg xmlns=\"http:\/\/www.w3.org\/2000\/svg\" viewBox=\"0 0 64 8\" preserveAspectRatio=\"none\" width=\"100%\" height=\"100%\">\r\n\t<path fill=\"currentColor\" d=\"M64 8 L0 8 L0 0 L20 7.9 L40 3 L48 5 L64 0 Z\"\/>\r\n<\/svg><\/div><div class=\"l-section-h i-cf\"><div class=\"g-cols vc_row via_flex valign_top type_default stacking_default\"><div class=\"vc_col-sm-12 wpb_column vc_column_container\"><div class=\"vc_column-inner\"><div class=\"wpb_wrapper\"><div class=\"wpb_text_column\"><div class=\"wpb_wrapper\"><h2 id=\"agenda\" style=\"text-align: center;\">Agenda rapida: flamenco a Siviglia dal 4 al 6 settembre 2026<\/h2>\n<div style=\"overflow-x: auto;\">\n<table>\n<thead>\n<tr>\n<th>Giorno<\/th>\n<th>Programma<\/th>\n<th>Ora<\/th>\n<th>Luogo<\/th>\n<th>Ingresso<\/th>\n<\/tr>\n<\/thead>\n<tbody>\n<tr>\n<td>Venerd\u00ec 4<\/td>\n<td><strong>Hermanos Aguilar \u2014 <em>Cuesti\u00f3n de tiempo<\/em><\/strong><\/td>\n<td>21:30<\/td>\n<td>Monastero di San Jer\u00f3nimo<\/td>\n<td>Libero fino a esaurimento posti<\/td>\n<\/tr>\n<tr>\n<td>Sabato 5<\/td>\n<td><strong>II Festival Macarena Flamenca<\/strong><\/td>\n<td>21:30<\/td>\n<td>Plaza Virgen del Pilar, La Barzola<\/td>\n<td>Libero fino a esaurimento posti<\/td>\n<\/tr>\n<tr>\n<td>Domenica 6<\/td>\n<td><strong><em>Nazareno y Olivares<\/em> \u2014 Omaggio a Fosforito<\/strong><\/td>\n<td>21:30<\/td>\n<td>Museo de Artes y Costumbres Populares<\/td>\n<td>Libero fino a esaurimento posti<\/td>\n<\/tr>\n<tr>\n<td>Sabato 5<\/td>\n<td><strong><em>La noche azul<\/em> + Sala de revelado<\/strong><\/td>\n<td>10:00\u201320:00<\/td>\n<td>Real F\u00e1brica de Artiller\u00eda<\/td>\n<td>Gratuito<\/td>\n<\/tr>\n<tr>\n<td>Domenica 6<\/td>\n<td><strong><em>La noche azul<\/em> + Sala de revelado<\/strong><\/td>\n<td>10:00\u201314:00<\/td>\n<td>Real F\u00e1brica de Artiller\u00eda<\/td>\n<td>Gratuito<\/td>\n<\/tr>\n<\/tbody>\n<\/table>\n<\/div>\n<\/div><\/div><\/div><\/div><\/div><\/div><\/div><\/section><section class=\"l-section wpb_row height_huge\"><div class=\"l-section-h i-cf\"><div class=\"g-cols vc_row via_flex valign_top type_default stacking_default\"><div class=\"vc_col-sm-6 wpb_column vc_column_container\"><div class=\"vc_column-inner\"><div class=\"wpb_wrapper\"><div class=\"wpb_text_column\"><div class=\"wpb_wrapper\"><h2 id=\"organizar\">Come organizzare il weekend senza correre<\/h2>\n<p>Una buona strategia \u00e8 riservare ogni sera a un solo appuntamento principale e usare il giorno per conoscere la citt\u00e0. Non serve trasformare il weekend in una maratona.<\/p>\n<p><strong>Venerd\u00ec:<\/strong> centro storico nel pomeriggio + San Jer\u00f3nimo alle 21:30.<\/p>\n<p><strong>Sabato:<\/strong> Artiller\u00eda al mattino o nel primo pomeriggio + Macarena e Alameda + Festival Macarena Flamenca la sera.<\/p>\n<p><strong>Domenica:<\/strong> Artiller\u00eda al mattino + Parque de Mar\u00eda Luisa e Plaza de Espa\u00f1a nel pomeriggio + omaggio a Fosforito alle 21:30.<\/p>\n<p>Per gli eventi gratuiti, consigliamo di arrivare con un buon margine. In un evento senza biglietto numerato, arrivare presto \u00e8 molto pi\u00f9 importante che in uno spettacolo prenotato.<\/p>\n<\/div><\/div><\/div><\/div><\/div><div class=\"vc_col-sm-6 wpb_column vc_column_container\"><div class=\"vc_column-inner\"><div class=\"wpb_wrapper\"><div class=\"wpb_text_column\"><div class=\"wpb_wrapper\"><h2 id=\"despues\">E dopo: la Biennale inizia ufficialmente il 9<\/h2>\n<p>Il weekend non \u00e8 la fine di questa programmazione preliminare. Marted\u00ec 8 continua la rassegna cinematografica <em>Flamencas<\/em> e mercoled\u00ec <strong>9 settembre<\/strong> arriva l&#8217;apertura ufficiale con il <strong>Preg\u00f3n Cantado<\/strong> in Plaza de San Francisco.<\/p>\n<p>Da quel momento cambia la scala: iniziano i grandi spettacoli e la programmazione si espande nei principali spazi dell&#8217;edizione. Se resterai a Siviglia pi\u00f9 giorni, conviene passare da questa guida del weekend alla nostra <strong>guida completa alla Biennale<\/strong> e all&#8217;articolo specifico sul <strong>primo weekend ufficiale<\/strong>, che copre gi\u00e0 gli spettacoli a partire dal 9 settembre.<\/p>\n<\/div><\/div><div class=\"w-separator size_medium\"><\/div><div class=\"w-hwrapper valign_top wrap stack_on_mobiles align_center\" style=\"--hwrapper-gap:1.2rem\"><div class=\"w-btn-wrapper align_none\"><a class=\"w-btn us-btn-style_1\" href=\"https:\/\/www.tablaosflamencos.com\/it\/biennale-flamenco-siviglia-2026.html\"><span class=\"w-btn-label\">Guida completa Biennale 2026<\/span><\/a><\/div><div class=\"w-btn-wrapper align_none\"><a class=\"w-btn us-btn-style_1\" href=\"https:\/\/www.tablaosflamencos.com\/it\/cosa-vedere-primo-weekend-biennale-flamenco-siviglia-2026.html\"><span class=\"w-btn-label\">Cosa vedere nel primo weekend ufficiale<\/span><\/a><\/div><\/div><\/div><\/div><\/div><\/div><\/div><\/section><section class=\"l-section wpb_row height_huge color_alternate with_shape\"><div class=\"l-section-shape type_zigzag pos_top hor_flip\" style=\"height:3vmin;\"><svg xmlns=\"http:\/\/www.w3.org\/2000\/svg\" viewBox=\"0 0 64 8\" preserveAspectRatio=\"none\" width=\"100%\" height=\"100%\">\r\n\t<path fill=\"currentColor\" d=\"M64 8 L0 8 L0 0 L20 7.9 L40 3 L48 5 L64 0 Z\"\/>\r\n<\/svg><\/div><div class=\"l-section-shape type_zigzag pos_bottom\" style=\"height:3vmin;\"><svg xmlns=\"http:\/\/www.w3.org\/2000\/svg\" viewBox=\"0 0 64 8\" preserveAspectRatio=\"none\" width=\"100%\" height=\"100%\">\r\n\t<path fill=\"currentColor\" d=\"M64 8 L0 8 L0 0 L20 7.9 L40 3 L48 5 L64 0 Z\"\/>\r\n<\/svg><\/div><div class=\"l-section-h i-cf\"><div class=\"g-cols vc_row via_flex valign_top type_default stacking_default\"><div class=\"vc_col-sm-12 wpb_column vc_column_container\"><div class=\"vc_column-inner\"><div class=\"wpb_wrapper\"><div class=\"wpb_text_column\"><div class=\"wpb_wrapper\"><h2 style=\"text-align: center;\">La Biennale non \u00e8 ancora iniziata ufficialmente, ma Siviglia \u00e8 gi\u00e0 in modalit\u00e0 flamenco<\/h2>\n<p style=\"text-align: center;\">Il weekend dal 4 al 6 settembre offre una combinazione particolarmente interessante: tre spettacoli gratuiti la sera, due proposte culturali di giorno alla Real F\u00e1brica de Artiller\u00eda e tutta la programmazione abituale dei tablaos.<\/p>\n<p style=\"text-align: center;\">Se sarai a Siviglia in questi giorni, non \u00e8 necessario aspettare il 9 settembre per iniziare a vivere la Biennale. La citt\u00e0 sta gi\u00e0 mostrando parte di ci\u00f2 che arriver\u00e0: <strong>baile, cante, memoria, patrimonio, creazione e flamenco per strada<\/strong>.<\/p>\n<\/div><\/div><div class=\"w-separator size_medium\"><\/div><div class=\"w-hwrapper valign_top wrap stack_on_mobiles align_center\" style=\"--hwrapper-gap:1.2rem\"><div class=\"w-btn-wrapper align_none\"><a class=\"w-btn us-btn-style_1\" href=\"https:\/\/www.tablaosflamencos.com\/it\/biennale-flamenco-siviglia-2026-gratis.html\"><span class=\"w-btn-label\">Vedi le attivit\u00e0 gratuite della Biennale<\/span><\/a><\/div><\/div><\/div><\/div><\/div><\/div><\/div><\/section><section class=\"l-section wpb_row height_huge with_shape\"><div class=\"l-section-shape type_zigzag pos_bottom\" style=\"height:3vmin;\"><svg xmlns=\"http:\/\/www.w3.org\/2000\/svg\" viewBox=\"0 0 64 8\" preserveAspectRatio=\"none\" width=\"100%\" height=\"100%\">\r\n\t<path fill=\"currentColor\" d=\"M64 8 L0 8 L0 0 L20 7.9 L40 3 L48 5 L64 0 Z\"\/>\r\n<\/svg><\/div><div class=\"l-section-h i-cf\"><div class=\"g-cols vc_row via_flex valign_top type_default stacking_default\"><div class=\"vc_col-sm-1\/5 wpb_column vc_column_container\"><div class=\"vc_column-inner\"><div class=\"wpb_wrapper\"><\/div><\/div><\/div><div class=\"vc_col-sm-3\/5 wpb_column vc_column_container\"><div class=\"vc_column-inner\"><div class=\"wpb_wrapper\"><div class=\"wpb_text_column\"><div class=\"wpb_wrapper\"><h2 id=\"faq\" style=\"text-align: center;\">Domande frequenti sul flamenco a Siviglia questo weekend<\/h2>\n<\/div><\/div><div class=\"w-separator size_medium\"><\/div><div class=\"w-tabs accordion toggle_style_1 has_scrolling\" style=\"--sections-title-size:inherit;--sections-gap:0.5rem;\"><div class=\"w-tabs-sections titles-align_none icon_chevron cpos_right\"><div class=\"w-tabs-section\" id=\"nd16\"><button type=\"button\" class=\"w-tabs-section-header\" aria-controls=\"content-nd16\" aria-expanded=\"false\"><div class=\"w-tabs-section-title\">Quale flamenco c&#8217;\u00e8 a Siviglia questo weekend, dal 4 al 6 settembre 2026?<\/div><div class=\"w-tabs-section-control\"><\/div><\/button><div  class=\"w-tabs-section-content\" id=\"content-nd16\"><div class=\"w-tabs-section-content-h i-cf\"><div class=\"wpb_text_column\"><div class=\"wpb_wrapper\"><p>Venerd\u00ec 4 gli Hermanos Aguilar presentano <em>Cuesti\u00f3n de tiempo<\/em> al Monastero di San Jer\u00f3nimo; sabato 5 si svolge il II Festival Macarena Flamenca in Plaza Virgen del Pilar; e domenica 6 ha luogo <em>Nazareno y Olivares<\/em>, omaggio a Fosforito, al Museo de Artes y Costumbres Populares. Tutti e tre gli appuntamenti iniziano alle 21:30.<\/p>\n<\/div><\/div><\/div><\/div><\/div><div class=\"w-tabs-section\" id=\"ue79\"><button type=\"button\" class=\"w-tabs-section-header\" aria-controls=\"content-ue79\" aria-expanded=\"false\"><div class=\"w-tabs-section-title\">Gli spettacoli che precedono la Biennale questo weekend sono gratuiti?<\/div><div class=\"w-tabs-section-control\"><\/div><\/button><div  class=\"w-tabs-section-content\" id=\"content-ue79\"><div class=\"w-tabs-section-content-h i-cf\"><div class=\"wpb_text_column\"><div class=\"wpb_wrapper\"><p>S\u00ec. Gli spettacoli del 4, 5 e 6 settembre sono annunciati con ingresso libero fino a esaurimento posti, quindi conviene arrivare in anticipo.<\/p>\n<\/div><\/div><\/div><\/div><\/div><div class=\"w-tabs-section\" id=\"kf92\"><button type=\"button\" class=\"w-tabs-section-header\" aria-controls=\"content-kf92\" aria-expanded=\"false\"><div class=\"w-tabs-section-title\">Quando inizia ufficialmente la Biennale di Flamenco di Siviglia 2026?<\/div><div class=\"w-tabs-section-control\"><\/div><\/button><div  class=\"w-tabs-section-content\" id=\"content-kf92\"><div class=\"w-tabs-section-content-h i-cf\"><div class=\"wpb_text_column\"><div class=\"wpb_wrapper\"><p>La XXIV Biennale di Flamenco si svolge ufficialmente dal 9 settembre al 3 ottobre 2026. Tuttavia, diverse attivit\u00e0 parallele e spettacoli iniziano prima del giorno 9.<\/p>\n<\/div><\/div><\/div><\/div><\/div><div class=\"w-tabs-section\" id=\"d0c6\"><button type=\"button\" class=\"w-tabs-section-header\" aria-controls=\"content-d0c6\" aria-expanded=\"false\"><div class=\"w-tabs-section-title\">Cosa posso vedere venerd\u00ec 4 settembre?<\/div><div class=\"w-tabs-section-control\"><\/div><\/button><div  class=\"w-tabs-section-content\" id=\"content-d0c6\"><div class=\"w-tabs-section-content-h i-cf\"><div class=\"wpb_text_column\"><div class=\"wpb_wrapper\"><p><em>Cuesti\u00f3n de tiempo<\/em>, degli Hermanos Aguilar, alle 21:30 al Monastero di San Jer\u00f3nimo. \u00c8 una pi\u00e8ce di baile e creazione contemporanea incentrata sulla memoria, l&#8217;identit\u00e0 e l&#8217;eredit\u00e0 familiare.<\/p>\n<\/div><\/div><\/div><\/div><\/div><div class=\"w-tabs-section\" id=\"y1e4\"><button type=\"button\" class=\"w-tabs-section-header\" aria-controls=\"content-y1e4\" aria-expanded=\"false\"><div class=\"w-tabs-section-title\">Cosa c&#8217;\u00e8 sabato 5 settembre?<\/div><div class=\"w-tabs-section-control\"><\/div><\/button><div  class=\"w-tabs-section-content\" id=\"content-y1e4\"><div class=\"w-tabs-section-content-h i-cf\"><div class=\"wpb_text_column\"><div class=\"wpb_wrapper\"><p>Il II Festival Macarena Flamenca si svolge alle 21:30 in Plaza Virgen del Pilar a La Barzola e rende omaggio a Jos\u00e9 de la Tomasa. Il cartellone include, tra gli altri, Potito, Antonio Reyes, Remedios Reyes, Manuel de la Tomasa e Manuela Amador Carrasco.<\/p>\n<\/div><\/div><\/div><\/div><\/div><div class=\"w-tabs-section\" id=\"f2ef\"><button type=\"button\" class=\"w-tabs-section-header\" aria-controls=\"content-f2ef\" aria-expanded=\"false\"><div class=\"w-tabs-section-title\">Cosa c&#8217;\u00e8 domenica 6 settembre?<\/div><div class=\"w-tabs-section-control\"><\/div><\/button><div  class=\"w-tabs-section-content\" id=\"content-f2ef\"><div class=\"w-tabs-section-content-h i-cf\"><div class=\"wpb_text_column\"><div class=\"wpb_wrapper\"><p>Alle 21:30 viene presentato <em>Nazareno y Olivares<\/em> al Museo de Artes y Costumbres Populares, una proposta dedicata alla vita e all&#8217;opera di Fosforito attraverso musica, parola e danza.<\/p>\n<\/div><\/div><\/div><\/div><\/div><div class=\"w-tabs-section\" id=\"l40d\"><button type=\"button\" class=\"w-tabs-section-header\" aria-controls=\"content-l40d\" aria-expanded=\"false\"><div class=\"w-tabs-section-title\">Ci sono programmi flamenco durante il giorno?<\/div><div class=\"w-tabs-section-control\"><\/div><\/button><div  class=\"w-tabs-section-content\" id=\"content-l40d\"><div class=\"w-tabs-section-content-h i-cf\"><div class=\"wpb_text_column\"><div class=\"wpb_wrapper\"><p>S\u00ec. La Real F\u00e1brica de Artiller\u00eda ospita la mostra gratuita <em>La noche azul<\/em> e, da sabato 5, anche la <em>Sala de revelado<\/em>, dedicata a mostrare i processi creativi degli artisti della Biennale.<\/p>\n<\/div><\/div><\/div><\/div><\/div><div class=\"w-tabs-section\" id=\"t519\"><button type=\"button\" class=\"w-tabs-section-header\" aria-controls=\"content-t519\" aria-expanded=\"false\"><div class=\"w-tabs-section-title\">Quali sono gli orari di La noche azul questo weekend?<\/div><div class=\"w-tabs-section-control\"><\/div><\/button><div  class=\"w-tabs-section-content\" id=\"content-t519\"><div class=\"w-tabs-section-content-h i-cf\"><div class=\"wpb_text_column\"><div class=\"wpb_wrapper\"><p>L&#8217;orario ufficiale della mostra \u00e8 dalle 10:00 alle 20:00 dal luned\u00ec al sabato e dalle 10:00 alle 14:00 la domenica. L&#8217;ingresso \u00e8 gratuito.<\/p>\n<\/div><\/div><\/div><\/div><\/div><div class=\"w-tabs-section\" id=\"g614\"><button type=\"button\" class=\"w-tabs-section-header\" aria-controls=\"content-g614\" aria-expanded=\"false\"><div class=\"w-tabs-section-title\">Posso prenotare un tablao se non voglio dipendere dalla capienza degli eventi gratuiti?<\/div><div class=\"w-tabs-section-control\"><\/div><\/button><div  class=\"w-tabs-section-content\" id=\"content-g614\"><div class=\"w-tabs-section-content-h i-cf\"><div class=\"wpb_text_column\"><div class=\"wpb_wrapper\"><p>S\u00ec. I tablaos di Siviglia mantengono la loro programmazione abituale per tutto il weekend. \u00c8 un&#8217;alternativa consigliata se vuoi assicurarti un posto, scegliere un orario preciso o combinare una delle attivit\u00e0 precedenti alla Biennale con un altro spettacolo flamenco.<\/p>\n<\/div><\/div><\/div><\/div><\/div><div class=\"w-tabs-section\" id=\"h717\"><button type=\"button\" class=\"w-tabs-section-header\" aria-controls=\"content-h717\" aria-expanded=\"false\"><div class=\"w-tabs-section-title\">Cosa succede dopo questo weekend?<\/div><div class=\"w-tabs-section-control\"><\/div><\/button><div  class=\"w-tabs-section-content\" id=\"content-h717\"><div class=\"w-tabs-section-content-h i-cf\"><div class=\"wpb_text_column\"><div class=\"wpb_wrapper\"><p>La programmazione preliminare continua l&#8217;8 settembre e la Biennale inizia ufficialmente il giorno 9. Da quel momento iniziano le grandi produzioni, le prime e i cicli nei principali spazi di Siviglia.<\/p>\n<\/div><\/div><\/div><\/div><\/div><\/div><\/div><\/div><\/div><\/div><div class=\"vc_col-sm-1\/5 wpb_column vc_column_container\"><div class=\"vc_column-inner\"><div class=\"wpb_wrapper\"><\/div><\/div><\/div><\/div><\/div><\/section>\n","protected":false},"excerpt":{"rendered":"<p>Cosa vedere a Siviglia dal 4 al 6 settembre 2026 prima della Biennale: spettacoli gratuiti, mostre, tablaos e idee pratiche.<\/p>\n","protected":false},"author":1,"featured_media":14517,"comment_status":"closed","ping_status":"closed","sticky":false,"template":"","format":"standard","meta":{"_acf_changed":false,"wpai_generated_summary":"","_ayudawp_aiss_exclude":false,"_ayudawp_aiss_exclude_summary":false,"_ayudawp_aiss_summary":"","_ayudawp_aiss_summary_provider":"","_ayudawp_aiss_summary_hash":"","footnotes":""},"categories":[1429],"tags":[1249,1250,1251,1252,1177,1253,1254],"class_list":["post-14540","post","type-post","status-publish","format-standard","has-post-thumbnail","hentry","category-biennale-di-flamenco","tag-agenda-flamenca","tag-bienal-2026","tag-bienal-de-flamenco","tag-festivales-flamencos","tag-flamenco-en-sevilla","tag-sevilla","tag-tablaos-de-sevilla"],"acf":[],"yoast_head":"<!-- This site is optimized with the Yoast SEO Premium plugin v28.4 (Yoast SEO v28.4) - https:\/\/yoast.com\/product\/yoast-seo-premium-wordpress\/ -->\n<title>Flamenco a Siviglia questo weekend: 4\u20136 settembre<\/title>\n<meta name=\"description\" content=\"Cosa vedere a Siviglia dal 4 al 6 settembre 2026 prima della Biennale: Hermanos Aguilar, Macarena Flamenca, omaggio a Fosforito, mostre e tablaos.\" \/>\n<meta name=\"robots\" content=\"index, follow, max-snippet:-1, max-image-preview:large, max-video-preview:-1\" \/>\n<link rel=\"canonical\" href=\"https:\/\/www.tablaosflamencos.com\/it\/flamenco-siviglia-weekend-prima-biennale-2026.html\" \/>\n<meta property=\"og:locale\" content=\"it_IT\" \/>\n<meta property=\"og:type\" content=\"article\" \/>\n<meta property=\"og:title\" content=\"Flamenco a Siviglia questo weekend: cosa vedere prima della Biennale\" \/>\n<meta property=\"og:description\" content=\"Cosa vedere a Siviglia dal 4 al 6 settembre 2026 prima della Biennale: Hermanos Aguilar, Macarena Flamenca, omaggio a Fosforito, mostre e tablaos.\" \/>\n<meta property=\"og:url\" content=\"https:\/\/www.tablaosflamencos.com\/it\/flamenco-siviglia-weekend-prima-biennale-2026.html\" \/>\n<meta property=\"og:site_name\" content=\"Tablaos Flamencos\" \/>\n<meta property=\"article:publisher\" content=\"https:\/\/www.facebook.com\/tablaosflamencos\" \/>\n<meta property=\"article:published_time\" content=\"2026-09-04T16:48:29+00:00\" \/>\n<meta property=\"article:modified_time\" content=\"2026-09-04T17:15:51+00:00\" \/>\n<meta property=\"og:image\" content=\"https:\/\/www.tablaosflamencos.com\/wp-content\/uploads\/flamenco-en-sevilla-este-fin-de-semana-que-ver-antes-de-la-bienal-01.webp\" \/>\n\t<meta property=\"og:image:width\" content=\"1672\" \/>\n\t<meta property=\"og:image:height\" content=\"941\" \/>\n\t<meta property=\"og:image:type\" content=\"image\/webp\" \/>\n<meta name=\"author\" content=\"Miguel Ortiz\" \/>\n<meta name=\"twitter:card\" content=\"summary_large_image\" \/>\n<meta name=\"twitter:creator\" content=\"@tablaosflamenco\" \/>\n<meta name=\"twitter:site\" content=\"@tablaosflamenco\" \/>\n<meta name=\"twitter:label1\" content=\"Scritto da\" \/>\n\t<meta name=\"twitter:data1\" content=\"Miguel Ortiz\" \/>\n\t<meta name=\"twitter:label2\" content=\"Tempo di lettura stimato\" \/>\n\t<meta name=\"twitter:data2\" content=\"15 minuti\" \/>\n<script type=\"application\/ld+json\" class=\"yoast-schema-graph\">{\"@context\":\"https:\\\/\\\/schema.org\",\"@graph\":[{\"@type\":\"Article\",\"@id\":\"https:\\\/\\\/www.tablaosflamencos.com\\\/it\\\/flamenco-siviglia-weekend-prima-biennale-2026.html#article\",\"isPartOf\":{\"@id\":\"https:\\\/\\\/www.tablaosflamencos.com\\\/it\\\/flamenco-siviglia-weekend-prima-biennale-2026.html\"},\"author\":{\"name\":\"Miguel Ortiz\",\"@id\":\"https:\\\/\\\/www.tablaosflamencos.com\\\/it#\\\/schema\\\/person\\\/e7a9ebe14eb75a52ceabfbffb3c54f5d\"},\"headline\":\"Flamenco a Siviglia questo weekend: cosa vedere prima della Biennale\",\"datePublished\":\"2026-09-04T16:48:29+00:00\",\"dateModified\":\"2026-09-04T17:15:51+00:00\",\"mainEntityOfPage\":{\"@id\":\"https:\\\/\\\/www.tablaosflamencos.com\\\/it\\\/flamenco-siviglia-weekend-prima-biennale-2026.html\"},\"wordCount\":3091,\"publisher\":{\"@id\":\"https:\\\/\\\/www.tablaosflamencos.com\\\/it#organization\"},\"image\":{\"@id\":\"https:\\\/\\\/www.tablaosflamencos.com\\\/it\\\/flamenco-siviglia-weekend-prima-biennale-2026.html#primaryimage\"},\"thumbnailUrl\":\"https:\\\/\\\/www.tablaosflamencos.com\\\/wp-content\\\/uploads\\\/flamenco-en-sevilla-este-fin-de-semana-que-ver-antes-de-la-bienal-01.webp\",\"keywords\":[\"agenda flamenca\",\"Bienal 2026\",\"Bienal de Flamenco\",\"festivales flamencos\",\"flamenco en Sevilla\",\"sevilla\",\"tablaos de Sevilla\"],\"articleSection\":[\"Biennale di Flamenco\"],\"inLanguage\":\"it-IT\"},{\"@type\":\"WebPage\",\"@id\":\"https:\\\/\\\/www.tablaosflamencos.com\\\/it\\\/flamenco-siviglia-weekend-prima-biennale-2026.html\",\"url\":\"https:\\\/\\\/www.tablaosflamencos.com\\\/it\\\/flamenco-siviglia-weekend-prima-biennale-2026.html\",\"name\":\"Flamenco a Siviglia questo weekend: 4\u20136 settembre\",\"isPartOf\":{\"@id\":\"https:\\\/\\\/www.tablaosflamencos.com\\\/it#website\"},\"primaryImageOfPage\":{\"@id\":\"https:\\\/\\\/www.tablaosflamencos.com\\\/it\\\/flamenco-siviglia-weekend-prima-biennale-2026.html#primaryimage\"},\"image\":{\"@id\":\"https:\\\/\\\/www.tablaosflamencos.com\\\/it\\\/flamenco-siviglia-weekend-prima-biennale-2026.html#primaryimage\"},\"thumbnailUrl\":\"https:\\\/\\\/www.tablaosflamencos.com\\\/wp-content\\\/uploads\\\/flamenco-en-sevilla-este-fin-de-semana-que-ver-antes-de-la-bienal-01.webp\",\"datePublished\":\"2026-09-04T16:48:29+00:00\",\"dateModified\":\"2026-09-04T17:15:51+00:00\",\"description\":\"Cosa vedere a Siviglia dal 4 al 6 settembre 2026 prima della Biennale: Hermanos Aguilar, Macarena Flamenca, omaggio a Fosforito, mostre e tablaos.\",\"breadcrumb\":{\"@id\":\"https:\\\/\\\/www.tablaosflamencos.com\\\/it\\\/flamenco-siviglia-weekend-prima-biennale-2026.html#breadcrumb\"},\"inLanguage\":\"it-IT\",\"potentialAction\":[{\"@type\":\"ReadAction\",\"target\":[\"https:\\\/\\\/www.tablaosflamencos.com\\\/it\\\/flamenco-siviglia-weekend-prima-biennale-2026.html\"]}]},{\"@type\":\"ImageObject\",\"inLanguage\":\"it-IT\",\"@id\":\"https:\\\/\\\/www.tablaosflamencos.com\\\/it\\\/flamenco-siviglia-weekend-prima-biennale-2026.html#primaryimage\",\"url\":\"https:\\\/\\\/www.tablaosflamencos.com\\\/wp-content\\\/uploads\\\/flamenco-en-sevilla-este-fin-de-semana-que-ver-antes-de-la-bienal-01.webp\",\"contentUrl\":\"https:\\\/\\\/www.tablaosflamencos.com\\\/wp-content\\\/uploads\\\/flamenco-en-sevilla-este-fin-de-semana-que-ver-antes-de-la-bienal-01.webp\",\"width\":1672,\"height\":941,\"caption\":\"Flamenco en Sevilla este fin de semana: qu\u00e9 ver antes de la Bienal\"},{\"@type\":\"BreadcrumbList\",\"@id\":\"https:\\\/\\\/www.tablaosflamencos.com\\\/it\\\/flamenco-siviglia-weekend-prima-biennale-2026.html#breadcrumb\",\"itemListElement\":[{\"@type\":\"ListItem\",\"position\":1,\"name\":\"Home\",\"item\":\"https:\\\/\\\/www.tablaosflamencos.com\\\/it\"},{\"@type\":\"ListItem\",\"position\":2,\"name\":\"Flamenco a Siviglia questo weekend: cosa vedere prima della Biennale\"}]},{\"@type\":\"WebSite\",\"@id\":\"https:\\\/\\\/www.tablaosflamencos.com\\\/it#website\",\"url\":\"https:\\\/\\\/www.tablaosflamencos.com\\\/it\",\"name\":\"Tablaos Flamencos\",\"description\":\"Entradas para tablaos flamencos de Espa\u00f1a\",\"publisher\":{\"@id\":\"https:\\\/\\\/www.tablaosflamencos.com\\\/it#organization\"},\"alternateName\":\"Tablaos Flamencos\",\"potentialAction\":[{\"@type\":\"SearchAction\",\"target\":{\"@type\":\"EntryPoint\",\"urlTemplate\":\"https:\\\/\\\/www.tablaosflamencos.com\\\/it?s={search_term_string}\"},\"query-input\":{\"@type\":\"PropertyValueSpecification\",\"valueRequired\":true,\"valueName\":\"search_term_string\"}}],\"inLanguage\":\"it-IT\"},{\"@type\":[\"Organization\",\"Place\",\"EntertainmentBusiness\"],\"@id\":\"https:\\\/\\\/www.tablaosflamencos.com\\\/it#organization\",\"name\":\"Tablaos Flamencos\",\"alternateName\":\"Tablaos Flamencos\",\"url\":\"https:\\\/\\\/www.tablaosflamencos.com\\\/it\",\"logo\":{\"@id\":\"https:\\\/\\\/www.tablaosflamencos.com\\\/it\\\/flamenco-siviglia-weekend-prima-biennale-2026.html#local-main-organization-logo\"},\"image\":{\"@id\":\"https:\\\/\\\/www.tablaosflamencos.com\\\/it\\\/flamenco-siviglia-weekend-prima-biennale-2026.html#local-main-organization-logo\"},\"sameAs\":[\"https:\\\/\\\/www.facebook.com\\\/tablaosflamencos\",\"https:\\\/\\\/x.com\\\/tablaosflamenco\",\"https:\\\/\\\/mastodon.social\\\/@tablaosflamencos\",\"https:\\\/\\\/www.instagram.com\\\/tablaosflamencos\",\"https:\\\/\\\/tiktok.com\\\/@tablaosflamencos\",\"https:\\\/\\\/www.linkedin.com\\\/company\\\/109408238\\\/\"],\"description\":\"Venta de entradas para espect\u00e1culos flamencos\",\"legalName\":\"Tablaos Flamencos\",\"foundingDate\":\"2015-01-01\",\"numberOfEmployees\":{\"@type\":\"QuantitativeValue\",\"minValue\":\"1\",\"maxValue\":\"10\"},\"address\":{\"@id\":\"https:\\\/\\\/www.tablaosflamencos.com\\\/it\\\/flamenco-siviglia-weekend-prima-biennale-2026.html#local-main-place-address\"},\"geo\":{\"@type\":\"GeoCoordinates\",\"latitude\":\"37.3868072\",\"longitude\":\"-5.993280299999999\"},\"telephone\":[\"+34623787787\"],\"contactPoint\":{\"@type\":\"ContactPoint\",\"telephone\":\"+34623787787\",\"email\":\"info@tablaosflamencos.com\"},\"openingHoursSpecification\":{\"@type\":\"OpeningHoursSpecification\",\"dayOfWeek\":[\"Monday\",\"Tuesday\",\"Wednesday\",\"Thursday\",\"Friday\",\"Saturday\",\"Sunday\"],\"opens\":\"00:00\",\"closes\":\"23:59\"},\"email\":\"info@tablaosflamencos.com\",\"priceRange\":\"$$$\",\"currenciesAccepted\":\"\u20ac\"},{\"@type\":\"Person\",\"@id\":\"https:\\\/\\\/www.tablaosflamencos.com\\\/it#\\\/schema\\\/person\\\/e7a9ebe14eb75a52ceabfbffb3c54f5d\",\"name\":\"Miguel Ortiz\",\"description\":\"Miguel Ortiz es un empresario flamenco, con una s\u00f3lida trayectoria dentro del sector. Ha presidido entidades culturales vinculadas al flamenco y, cuenta con un amplio recorrido profesional en la gesti\u00f3n y promoci\u00f3n de espect\u00e1culos y tablaos flamencos. Su pasi\u00f3n por la historia y el arte flamenco se refleja en cada art\u00edculo, donde combina experiencia, criterio y un profundo respeto por la tradici\u00f3n.\",\"sameAs\":[\"https:\\\/\\\/www.tablaosflamencos.com\",\"https:\\\/\\\/www.instagra.com\\\/miguelortizfe\",\"https:\\\/\\\/www.linkedin.com\\\/in\\\/miguelortizf\\\/\"],\"birthDate\":\"1984-11-22\",\"gender\":\"hombre\",\"knowsLanguage\":[\"espa\u00f1ol\",\"ingl\u00e9s\"],\"jobTitle\":\"Empresario flamenco\"},{\"@type\":\"PostalAddress\",\"@id\":\"https:\\\/\\\/www.tablaosflamencos.com\\\/it\\\/flamenco-siviglia-weekend-prima-biennale-2026.html#local-main-place-address\",\"streetAddress\":\"C\\\/ Alemanes, 19\",\"addressLocality\":\"Sevilla\",\"postalCode\":\"41004\",\"addressRegion\":\"Sevilla\",\"addressCountry\":\"ES\"},{\"@type\":\"ImageObject\",\"inLanguage\":\"it-IT\",\"@id\":\"https:\\\/\\\/www.tablaosflamencos.com\\\/it\\\/flamenco-siviglia-weekend-prima-biennale-2026.html#local-main-organization-logo\",\"url\":\"https:\\\/\\\/www.tablaosflamencos.com\\\/wp-content\\\/uploads\\\/tablaos-flamencos-06-3.webp\",\"contentUrl\":\"https:\\\/\\\/www.tablaosflamencos.com\\\/wp-content\\\/uploads\\\/tablaos-flamencos-06-3.webp\",\"width\":600,\"height\":620,\"caption\":\"Tablaos Flamencos\"}]}<\/script>\n<meta name=\"geo.placename\" content=\"Sevilla\" \/>\n<meta name=\"geo.position\" content=\"37.3868072;-5.993280299999999\" \/>\n<meta name=\"geo.region\" content=\"Spagna\" \/>\n<!-- \/ Yoast SEO Premium plugin. -->","yoast_head_json":{"title":"Flamenco a Siviglia questo weekend: 4\u20136 settembre","description":"Cosa vedere a Siviglia dal 4 al 6 settembre 2026 prima della Biennale: Hermanos Aguilar, Macarena Flamenca, omaggio a Fosforito, mostre e tablaos.","robots":{"index":"index","follow":"follow","max-snippet":"max-snippet:-1","max-image-preview":"max-image-preview:large","max-video-preview":"max-video-preview:-1"},"canonical":"https:\/\/www.tablaosflamencos.com\/it\/flamenco-siviglia-weekend-prima-biennale-2026.html","og_locale":"it_IT","og_type":"article","og_title":"Flamenco a Siviglia questo weekend: cosa vedere prima della Biennale","og_description":"Cosa vedere a Siviglia dal 4 al 6 settembre 2026 prima della Biennale: Hermanos Aguilar, Macarena Flamenca, omaggio a Fosforito, mostre e tablaos.","og_url":"https:\/\/www.tablaosflamencos.com\/it\/flamenco-siviglia-weekend-prima-biennale-2026.html","og_site_name":"Tablaos Flamencos","article_publisher":"https:\/\/www.facebook.com\/tablaosflamencos","article_published_time":"2026-09-04T16:48:29+00:00","article_modified_time":"2026-09-04T17:15:51+00:00","og_image":[{"width":1672,"height":941,"url":"https:\/\/www.tablaosflamencos.com\/wp-content\/uploads\/flamenco-en-sevilla-este-fin-de-semana-que-ver-antes-de-la-bienal-01.webp","type":"image\/webp"}],"author":"Miguel Ortiz","twitter_card":"summary_large_image","twitter_creator":"@tablaosflamenco","twitter_site":"@tablaosflamenco","twitter_misc":{"Scritto da":"Miguel Ortiz","Tempo di lettura stimato":"15 minuti"},"schema":{"@context":"https:\/\/schema.org","@graph":[{"@type":"Article","@id":"https:\/\/www.tablaosflamencos.com\/it\/flamenco-siviglia-weekend-prima-biennale-2026.html#article","isPartOf":{"@id":"https:\/\/www.tablaosflamencos.com\/it\/flamenco-siviglia-weekend-prima-biennale-2026.html"},"author":{"name":"Miguel Ortiz","@id":"https:\/\/www.tablaosflamencos.com\/it#\/schema\/person\/e7a9ebe14eb75a52ceabfbffb3c54f5d"},"headline":"Flamenco a Siviglia questo weekend: cosa vedere prima della Biennale","datePublished":"2026-09-04T16:48:29+00:00","dateModified":"2026-09-04T17:15:51+00:00","mainEntityOfPage":{"@id":"https:\/\/www.tablaosflamencos.com\/it\/flamenco-siviglia-weekend-prima-biennale-2026.html"},"wordCount":3091,"publisher":{"@id":"https:\/\/www.tablaosflamencos.com\/it#organization"},"image":{"@id":"https:\/\/www.tablaosflamencos.com\/it\/flamenco-siviglia-weekend-prima-biennale-2026.html#primaryimage"},"thumbnailUrl":"https:\/\/www.tablaosflamencos.com\/wp-content\/uploads\/flamenco-en-sevilla-este-fin-de-semana-que-ver-antes-de-la-bienal-01.webp","keywords":["agenda flamenca","Bienal 2026","Bienal de Flamenco","festivales flamencos","flamenco en Sevilla","sevilla","tablaos de Sevilla"],"articleSection":["Biennale di Flamenco"],"inLanguage":"it-IT"},{"@type":"WebPage","@id":"https:\/\/www.tablaosflamencos.com\/it\/flamenco-siviglia-weekend-prima-biennale-2026.html","url":"https:\/\/www.tablaosflamencos.com\/it\/flamenco-siviglia-weekend-prima-biennale-2026.html","name":"Flamenco a Siviglia questo weekend: 4\u20136 settembre","isPartOf":{"@id":"https:\/\/www.tablaosflamencos.com\/it#website"},"primaryImageOfPage":{"@id":"https:\/\/www.tablaosflamencos.com\/it\/flamenco-siviglia-weekend-prima-biennale-2026.html#primaryimage"},"image":{"@id":"https:\/\/www.tablaosflamencos.com\/it\/flamenco-siviglia-weekend-prima-biennale-2026.html#primaryimage"},"thumbnailUrl":"https:\/\/www.tablaosflamencos.com\/wp-content\/uploads\/flamenco-en-sevilla-este-fin-de-semana-que-ver-antes-de-la-bienal-01.webp","datePublished":"2026-09-04T16:48:29+00:00","dateModified":"2026-09-04T17:15:51+00:00","description":"Cosa vedere a Siviglia dal 4 al 6 settembre 2026 prima della Biennale: Hermanos Aguilar, Macarena Flamenca, omaggio a Fosforito, mostre e tablaos.","breadcrumb":{"@id":"https:\/\/www.tablaosflamencos.com\/it\/flamenco-siviglia-weekend-prima-biennale-2026.html#breadcrumb"},"inLanguage":"it-IT","potentialAction":[{"@type":"ReadAction","target":["https:\/\/www.tablaosflamencos.com\/it\/flamenco-siviglia-weekend-prima-biennale-2026.html"]}]},{"@type":"ImageObject","inLanguage":"it-IT","@id":"https:\/\/www.tablaosflamencos.com\/it\/flamenco-siviglia-weekend-prima-biennale-2026.html#primaryimage","url":"https:\/\/www.tablaosflamencos.com\/wp-content\/uploads\/flamenco-en-sevilla-este-fin-de-semana-que-ver-antes-de-la-bienal-01.webp","contentUrl":"https:\/\/www.tablaosflamencos.com\/wp-content\/uploads\/flamenco-en-sevilla-este-fin-de-semana-que-ver-antes-de-la-bienal-01.webp","width":1672,"height":941,"caption":"Flamenco en Sevilla este fin de semana: qu\u00e9 ver antes de la Bienal"},{"@type":"BreadcrumbList","@id":"https:\/\/www.tablaosflamencos.com\/it\/flamenco-siviglia-weekend-prima-biennale-2026.html#breadcrumb","itemListElement":[{"@type":"ListItem","position":1,"name":"Home","item":"https:\/\/www.tablaosflamencos.com\/it"},{"@type":"ListItem","position":2,"name":"Flamenco a Siviglia questo weekend: cosa vedere prima della Biennale"}]},{"@type":"WebSite","@id":"https:\/\/www.tablaosflamencos.com\/it#website","url":"https:\/\/www.tablaosflamencos.com\/it","name":"Tablaos Flamencos","description":"Entradas para tablaos flamencos de Espa\u00f1a","publisher":{"@id":"https:\/\/www.tablaosflamencos.com\/it#organization"},"alternateName":"Tablaos Flamencos","potentialAction":[{"@type":"SearchAction","target":{"@type":"EntryPoint","urlTemplate":"https:\/\/www.tablaosflamencos.com\/it?s={search_term_string}"},"query-input":{"@type":"PropertyValueSpecification","valueRequired":true,"valueName":"search_term_string"}}],"inLanguage":"it-IT"},{"@type":["Organization","Place","EntertainmentBusiness"],"@id":"https:\/\/www.tablaosflamencos.com\/it#organization","name":"Tablaos Flamencos","alternateName":"Tablaos Flamencos","url":"https:\/\/www.tablaosflamencos.com\/it","logo":{"@id":"https:\/\/www.tablaosflamencos.com\/it\/flamenco-siviglia-weekend-prima-biennale-2026.html#local-main-organization-logo"},"image":{"@id":"https:\/\/www.tablaosflamencos.com\/it\/flamenco-siviglia-weekend-prima-biennale-2026.html#local-main-organization-logo"},"sameAs":["https:\/\/www.facebook.com\/tablaosflamencos","https:\/\/x.com\/tablaosflamenco","https:\/\/mastodon.social\/@tablaosflamencos","https:\/\/www.instagram.com\/tablaosflamencos","https:\/\/tiktok.com\/@tablaosflamencos","https:\/\/www.linkedin.com\/company\/109408238\/"],"description":"Venta de entradas para espect\u00e1culos flamencos","legalName":"Tablaos Flamencos","foundingDate":"2015-01-01","numberOfEmployees":{"@type":"QuantitativeValue","minValue":"1","maxValue":"10"},"address":{"@id":"https:\/\/www.tablaosflamencos.com\/it\/flamenco-siviglia-weekend-prima-biennale-2026.html#local-main-place-address"},"geo":{"@type":"GeoCoordinates","latitude":"37.3868072","longitude":"-5.993280299999999"},"telephone":["+34623787787"],"contactPoint":{"@type":"ContactPoint","telephone":"+34623787787","email":"info@tablaosflamencos.com"},"openingHoursSpecification":{"@type":"OpeningHoursSpecification","dayOfWeek":["Monday","Tuesday","Wednesday","Thursday","Friday","Saturday","Sunday"],"opens":"00:00","closes":"23:59"},"email":"info@tablaosflamencos.com","priceRange":"$$$","currenciesAccepted":"\u20ac"},{"@type":"Person","@id":"https:\/\/www.tablaosflamencos.com\/it#\/schema\/person\/e7a9ebe14eb75a52ceabfbffb3c54f5d","name":"Miguel Ortiz","description":"Miguel Ortiz es un empresario flamenco, con una s\u00f3lida trayectoria dentro del sector. Ha presidido entidades culturales vinculadas al flamenco y, cuenta con un amplio recorrido profesional en la gesti\u00f3n y promoci\u00f3n de espect\u00e1culos y tablaos flamencos. Su pasi\u00f3n por la historia y el arte flamenco se refleja en cada art\u00edculo, donde combina experiencia, criterio y un profundo respeto por la tradici\u00f3n.","sameAs":["https:\/\/www.tablaosflamencos.com","https:\/\/www.instagra.com\/miguelortizfe","https:\/\/www.linkedin.com\/in\/miguelortizf\/"],"birthDate":"1984-11-22","gender":"hombre","knowsLanguage":["espa\u00f1ol","ingl\u00e9s"],"jobTitle":"Empresario flamenco"},{"@type":"PostalAddress","@id":"https:\/\/www.tablaosflamencos.com\/it\/flamenco-siviglia-weekend-prima-biennale-2026.html#local-main-place-address","streetAddress":"C\/ Alemanes, 19","addressLocality":"Sevilla","postalCode":"41004","addressRegion":"Sevilla","addressCountry":"ES"},{"@type":"ImageObject","inLanguage":"it-IT","@id":"https:\/\/www.tablaosflamencos.com\/it\/flamenco-siviglia-weekend-prima-biennale-2026.html#local-main-organization-logo","url":"https:\/\/www.tablaosflamencos.com\/wp-content\/uploads\/tablaos-flamencos-06-3.webp","contentUrl":"https:\/\/www.tablaosflamencos.com\/wp-content\/uploads\/tablaos-flamencos-06-3.webp","width":600,"height":620,"caption":"Tablaos Flamencos"}]},"geo.placename":"Sevilla","geo.position":{"lat":"37.3868072","long":"-5.993280299999999"},"geo.region":"Spagna"},"_links":{"self":[{"href":"https:\/\/www.tablaosflamencos.com\/it\/wp-json\/wp\/v2\/posts\/14540","targetHints":{"allow":["GET"]}}],"collection":[{"href":"https:\/\/www.tablaosflamencos.com\/it\/wp-json\/wp\/v2\/posts"}],"about":[{"href":"https:\/\/www.tablaosflamencos.com\/it\/wp-json\/wp\/v2\/types\/post"}],"author":[{"embeddable":true,"href":"https:\/\/www.tablaosflamencos.com\/it\/wp-json\/wp\/v2\/users\/1"}],"replies":[{"embeddable":true,"href":"https:\/\/www.tablaosflamencos.com\/it\/wp-json\/wp\/v2\/comments?post=14540"}],"version-history":[{"count":2,"href":"https:\/\/www.tablaosflamencos.com\/it\/wp-json\/wp\/v2\/posts\/14540\/revisions"}],"predecessor-version":[{"id":14572,"href":"https:\/\/www.tablaosflamencos.com\/it\/wp-json\/wp\/v2\/posts\/14540\/revisions\/14572"}],"wp:featuredmedia":[{"embeddable":true,"href":"https:\/\/www.tablaosflamencos.com\/it\/wp-json\/wp\/v2\/media\/14517"}],"wp:attachment":[{"href":"https:\/\/www.tablaosflamencos.com\/it\/wp-json\/wp\/v2\/media?parent=14540"}],"wp:term":[{"taxonomy":"category","embeddable":true,"href":"https:\/\/www.tablaosflamencos.com\/it\/wp-json\/wp\/v2\/categories?post=14540"},{"taxonomy":"post_tag","embeddable":true,"href":"https:\/\/www.tablaosflamencos.com\/it\/wp-json\/wp\/v2\/tags?post=14540"}],"curies":[{"name":"wp","href":"https:\/\/api.w.org\/{rel}","templated":true}]}}