{"id":14519,"date":"2026-09-04T18:37:03","date_gmt":"2026-09-04T16:37:03","guid":{"rendered":"https:\/\/www.tablaosflamencos.com\/?p=14519"},"modified":"2026-09-05T00:10:38","modified_gmt":"2026-09-04T22:10:38","slug":"flamenco-stasera-siviglia-biennale-2026","status":"publish","type":"post","link":"https:\/\/www.tablaosflamencos.com\/it\/flamenco-stasera-siviglia-biennale-2026.html","title":{"rendered":"Flamenco stasera a Siviglia durante la Biennale"},"content":{"rendered":"<section class=\"l-section wpb_row height_huge\"><div class=\"l-section-h i-cf\"><div class=\"g-cols vc_row via_flex valign_top type_default stacking_default\"><div class=\"vc_col-sm-6 wpb_column vc_column_container\"><div class=\"vc_column-inner\"><div class=\"wpb_wrapper\"><div class=\"wpb_text_column\"><div class=\"wpb_wrapper\"><h2>Flamenco stasera a Siviglia durante la Biennale<\/h2>\n<p>Se sei a Siviglia tra il <strong>9 settembre e il 3 ottobre 2026<\/strong> e vuoi vedere flamenco stasera, hai due possibilit\u00e0 complementari: controllare cosa propone oggi la <a href=\"https:\/\/www.labienal.com\/programa-general\" target=\"_blank\" rel=\"noopener\"><strong>programmazione ufficiale della Biennale<\/strong><\/a> e verificare quali spettacoli stabili puoi prenotare direttamente nei tablaos della citt\u00e0.<\/p>\n<p>La Biennale cambia artisti, orari e spazi quasi ogni giorno. Possono esserci proposte al Teatro de la Maestranza, Lope de Vega, Teatro Central, Espacio Turina, Real Alc\u00e1zar, Hotel Triana, Real F\u00e1brica de Artiller\u00eda e in altri luoghi. Per questo, se la tua ricerca \u00e8 letteralmente <strong>\u201cflamenco stasera a Siviglia\u201d<\/strong>, la decisione va presa tenendo davanti la data precisa.<\/p>\n<\/div><\/div><\/div><\/div><\/div><div class=\"vc_col-sm-6 wpb_column vc_column_container\"><div class=\"vc_column-inner\"><div class=\"wpb_wrapper\"><div class=\"wpb_text_column\"><div class=\"wpb_wrapper\"><h2>Il modo pi\u00f9 rapido per decidere cosa vedere oggi<\/h2>\n<p>Non serve rivedere tutto il programma della Biennale dall\u2019inizio. Controlla prima quali spettacoli ufficiali si svolgono oggi e se ci sono ancora biglietti. Poi confronta questa possibilit\u00e0 con i <strong>tablaos che lavorano tutto l\u2019anno<\/strong> e che puoi prenotare direttamente su Tablaos Flamencos.<\/p>\n<p>Questo secondo passaggio \u00e8 particolarmente utile se arrivi tardi in citt\u00e0, se lo spettacolo della Biennale che volevi \u00e8 esaurito, se preferisci una sala pi\u00f9 intima o se semplicemente hai bisogno di un\u2019opzione con disponibilit\u00e0 confermata per stasera.<\/p>\n<p>La chiave \u00e8 semplice: <strong>prima assicurati uno spettacolo; poi costruisci il resto della serata intorno a quello<\/strong>.<\/p>\n<\/div><\/div><\/div><\/div><\/div><\/div><\/div><\/section><section class=\"l-section wpb_row height_huge color_alternate with_shape\"><div class=\"l-section-shape type_zigzag pos_top hor_flip\" style=\"height:3vmin;\"><svg xmlns=\"http:\/\/www.w3.org\/2000\/svg\" viewBox=\"0 0 64 8\" preserveAspectRatio=\"none\" width=\"100%\" height=\"100%\">\r\n\t<path fill=\"currentColor\" d=\"M64 8 L0 8 L0 0 L20 7.9 L40 3 L48 5 L64 0 Z\"\/>\r\n<\/svg><\/div><div class=\"l-section-shape type_zigzag pos_bottom\" style=\"height:3vmin;\"><svg xmlns=\"http:\/\/www.w3.org\/2000\/svg\" viewBox=\"0 0 64 8\" preserveAspectRatio=\"none\" width=\"100%\" height=\"100%\">\r\n\t<path fill=\"currentColor\" d=\"M64 8 L0 8 L0 0 L20 7.9 L40 3 L48 5 L64 0 Z\"\/>\r\n<\/svg><\/div><div class=\"l-section-h i-cf\"><div class=\"g-cols vc_row via_flex valign_top type_default stacking_default\"><div class=\"vc_col-sm-12 wpb_column vc_column_container\"><div class=\"vc_column-inner\"><div class=\"wpb_wrapper\"><div class=\"wpb_text_column\"><div class=\"wpb_wrapper\"><blockquote>\n<p><strong>Risposta rapida:<\/strong> se cerchi flamenco stasera a Siviglia durante la Biennale 2026, consulta prima il programma ufficiale relativo alla tua data. Se non ci sono biglietti, l\u2019orario non ti va bene o vuoi un\u2019alternativa immediata, puoi prenotare direttamente sul nostro portale tablaos come <a href=\"https:\/\/www.tablaosflamencos.com\/it\/tablao\/tablao-flamenco-las-setas\"><strong>Tablao Flamenco Las Setas<\/strong><\/a>, <a href=\"https:\/\/www.tablaosflamencos.com\/it\/tablao\/tablao-flamenco-la-cantaora\"><strong>Tablao Flamenco La Cantaora<\/strong><\/a>, <a href=\"https:\/\/www.tablaosflamencos.com\/it\/tablao\/casa-duende-tablao\"><strong>Casa Duende Tablao<\/strong><\/a>, <a href=\"https:\/\/www.tablaosflamencos.com\/it\/tablao\/tablao-flamenco-las-duenas\"><strong>Tablao Flamenco Las Due\u00f1as<\/strong><\/a>, <a href=\"https:\/\/www.tablaosflamencos.com\/it\/tablao\/tablao-flamenco-casa-inquieta\"><strong>Casa Inquieta<\/strong><\/a>, <a href=\"https:\/\/www.tablaosflamencos.com\/it\/tablao\/casa-flamenco-azahar\"><strong>Casa Flamenco Azahar<\/strong><\/a>, <a href=\"https:\/\/www.tablaosflamencos.com\/it\/tablao\/tablao-flamenco-el-jardin-de-murillo\"><strong>El Jard\u00edn de Murillo<\/strong><\/a>, <a href=\"https:\/\/www.tablaosflamencos.com\/it\/tablao\/baraka-sala-flamenca\"><strong>Baraka Sala Flamenca<\/strong><\/a> o <a href=\"https:\/\/www.tablaosflamencos.com\/it\/tablao\/tablao-flamenco-triana\"><strong>Tablao Flamenco Triana<\/strong><\/a>.<\/p>\n<\/blockquote>\n<p><strong>Ultimo aggiornamento: 4 settembre 2026.<\/strong><\/p>\n<p>Se stai ancora organizzando pi\u00f9 giorni, consulta la nostra <a href=\"https:\/\/www.tablaosflamencos.com\/it\/biennale-flamenco-siviglia-2026.html\"><strong>guida completa alla Biennale di Flamenco di Siviglia 2026<\/strong><\/a>. Se il problema \u00e8 che non ci sono pi\u00f9 biglietti per lo spettacolo che volevi, vai direttamente a <a href=\"https:\/\/www.tablaosflamencos.com\/it\/biennale-esaurita-dove-vedere-flamenco-stasera-siviglia.html\"><strong>Biennale esaurita: dove vedere flamenco oggi a Siviglia<\/strong><\/a>.<\/p>\n<\/div><\/div><div class=\"w-separator size_medium\"><\/div><div class=\"w-hwrapper valign_top wrap align_center\" style=\"--hwrapper-gap:1.2rem\"><div class=\"w-btn-wrapper align_none\"><a class=\"w-btn us-btn-style_1\" href=\"https:\/\/www.tablaosflamencos.com\/it\/flamenco-a-siviglia\"><span class=\"w-btn-label\">Confronta il flamenco a Siviglia<\/span><\/a><\/div><div class=\"w-btn-wrapper align_none\"><a class=\"w-btn us-btn-style_11\" href=\"https:\/\/www.tablaosflamencos.com\/it\/biennale-esaurita-dove-vedere-flamenco-stasera-siviglia.html\"><span class=\"w-btn-label\">Vedi alternative se la Biennale \u00e8 esaurita<\/span><\/a><\/div><\/div><\/div><\/div><\/div><\/div><\/div><\/section><section class=\"l-section wpb_row height_huge\"><div class=\"l-section-h i-cf\"><div class=\"g-cols vc_row via_flex valign_top type_default stacking_default\"><div class=\"vc_col-sm-3 wpb_column vc_column_container\"><div class=\"vc_column-inner\"><div class=\"wpb_wrapper\"><\/div><\/div><\/div><div class=\"vc_col-sm-6 wpb_column vc_column_container\"><div class=\"vc_column-inner\"><div class=\"wpb_wrapper\"><div class=\"wpb_text_column\"><div class=\"wpb_wrapper\"><h2>Contenuto di questa guida<\/h2>\n<ul>\n<li><a href=\"#paso-1\">Passo 1: controllare cosa c\u2019\u00e8 oggi alla Biennale<\/a><\/li>\n<li><a href=\"#paso-2\">Passo 2: assicurarsi un\u2019alternativa in un tablao<\/a><\/li>\n<li><a href=\"#tablaos\">Tablaos che puoi prenotare stasera<\/a><\/li>\n<li><a href=\"#centro\">Opzioni nel centro di Siviglia<\/a><\/li>\n<li><a href=\"#triana\">Opzioni a Triana<\/a><\/li>\n<li><a href=\"#ultima-hora\">Cosa fare se cerchi all\u2019ultimo minuto<\/a><\/li>\n<li><a href=\"#combinar\">Come combinare Biennale e tablao<\/a><\/li>\n<li><a href=\"#elegir\">Come scegliere in cinque minuti<\/a><\/li>\n<li><a href=\"#faq\">Domande frequenti<\/a><\/li>\n<\/ul>\n<\/div><\/div><\/div><\/div><\/div><div class=\"vc_col-sm-3 wpb_column vc_column_container\"><div class=\"vc_column-inner\"><div class=\"wpb_wrapper\"><\/div><\/div><\/div><\/div><\/div><\/section><section class=\"l-section wpb_row height_huge color_alternate with_shape\"><div class=\"l-section-shape type_zigzag pos_top\" style=\"height:3vmin;\"><svg xmlns=\"http:\/\/www.w3.org\/2000\/svg\" viewBox=\"0 0 64 8\" preserveAspectRatio=\"none\" width=\"100%\" height=\"100%\">\r\n\t<path fill=\"currentColor\" d=\"M64 8 L0 8 L0 0 L20 7.9 L40 3 L48 5 L64 0 Z\"\/>\r\n<\/svg><\/div><div class=\"l-section-shape type_zigzag pos_bottom\" style=\"height:3vmin;\"><svg xmlns=\"http:\/\/www.w3.org\/2000\/svg\" viewBox=\"0 0 64 8\" preserveAspectRatio=\"none\" width=\"100%\" height=\"100%\">\r\n\t<path fill=\"currentColor\" d=\"M64 8 L0 8 L0 0 L20 7.9 L40 3 L48 5 L64 0 Z\"\/>\r\n<\/svg><\/div><div class=\"l-section-h i-cf\"><div class=\"g-cols vc_row via_flex valign_top type_default stacking_default\"><div class=\"vc_col-sm-6 wpb_column vc_column_container\"><div class=\"vc_column-inner\"><div class=\"wpb_wrapper\"><div class=\"wpb_text_column\"><div class=\"wpb_wrapper\"><h2 id=\"paso-1\">Passo 1: controlla cosa c\u2019\u00e8 oggi alla Biennale<\/h2>\n<p>La XXIV Biennale di Flamenco non \u00e8 un festival concentrato in un unico luogo. Ogni sera pu\u00f2 distribuire i suoi spettacoli tra diversi spazi e fasce orarie. La programmazione ufficiale comprende canto, danza e chitarra, oltre a prime, Noches \u00danicas e proposte create appositamente per questa edizione.<\/p>\n<p>Se la tua priorit\u00e0 \u00e8 vivere la Biennale, inizia aprendo il <a href=\"https:\/\/www.labienal.com\/programa-general\" target=\"_blank\" rel=\"noopener\"><strong>programma ufficiale<\/strong><\/a> e individua la data di oggi. Controlla tre cose: <strong>orario, luogo e disponibilit\u00e0 dei biglietti<\/strong>.<\/p>\n<p>Non guardare soltanto l\u2019artista. La posizione pu\u00f2 cambiare completamente il programma della serata. Uno spettacolo al Real Alc\u00e1zar non si organizza come uno al Teatro Central o una Noche \u00danica in un altro punto di Siviglia.<\/p>\n<p>Conviene anche consultare il nostro articolo su <a href=\"https:\/\/www.tablaosflamencos.com\/it\/spazi-spettacolari-biennale-flamenco-siviglia-2026.html\"><strong>gli spazi pi\u00f9 spettacolari della Biennale 2026<\/strong><\/a> se sei indeciso tra pi\u00f9 proposte.<\/p>\n<\/div><\/div><\/div><\/div><\/div><div class=\"vc_col-sm-6 wpb_column vc_column_container\"><div class=\"vc_column-inner\"><div class=\"wpb_wrapper\"><div class=\"wpb_text_column\"><div class=\"wpb_wrapper\"><h2 id=\"paso-2\">Passo 2: assicurati un\u2019alternativa in un tablao<\/h2>\n<p>La programmazione della Biennale \u00e8 straordinaria, ma dipende dai biglietti per singole funzioni. I tablaos funzionano con un\u2019altra logica: mantengono una programmazione flamenca stabile e sono quindi la via pi\u00f9 semplice quando hai bisogno di <strong>flamenco per questa stessa sera<\/strong>.<\/p>\n<p>Questo \u00e8 particolarmente utile durante la Biennale, perch\u00e9 la citt\u00e0 riceve molti visitatori interessati specificamente al flamenco. Una funzione ufficiale pu\u00f2 essere esaurita, ma questo non significa dover rinunciare a canto, danza e chitarra dal vivo.<\/p>\n<p>Abbiamo infatti preparato una guida specifica su <a href=\"https:\/\/www.tablaosflamencos.com\/it\/flamenco-siviglia-biennale-2026-spettacoli-fuori-programma-ufficiale.html\"><strong>dove vedere flamenco durante la Biennale oltre alla programmazione ufficiale<\/strong><\/a>. Questo articolo ha un obiettivo ancora pi\u00f9 immediato: aiutarti a decidere cosa fare <strong>oggi<\/strong> senza perdere tempo.<\/p>\n<p>Se trovi un\u2019opzione adatta alla tua zona e con disponibilit\u00e0, prenota prima di continuare a organizzare cena, tapas o passeggiata precedente.<\/p>\n<\/div><\/div><\/div><\/div><\/div><\/div><\/div><\/section><section class=\"l-section wpb_row height_huge\"><div class=\"l-section-h i-cf\"><div class=\"g-cols vc_row via_flex valign_top type_default stacking_default\"><div class=\"vc_col-sm-12 wpb_column vc_column_container\"><div class=\"vc_column-inner\"><div class=\"wpb_wrapper\"><div class=\"wpb_text_column\"><div class=\"wpb_wrapper\"><h2 id=\"tablaos\">Tablaos che puoi prenotare per vedere flamenco stasera a Siviglia<\/h2>\n<p>La disponibilit\u00e0 esatta dipende sempre dalla data. I seguenti spazi fanno parte del nostro portale e permettono di consultare e prenotare direttamente lo spettacolo disponibile.<\/p>\n<div style=\"overflow-x: auto;\">\n<table>\n<thead>\n<tr>\n<th>Tablao<\/th>\n<th>Zona<\/th>\n<th>Pu\u00f2 interessarti se cerchi&#8230;<\/th>\n<th>Prenotazione<\/th>\n<\/tr>\n<\/thead>\n<tbody>\n<tr>\n<td><strong>Tablao Flamenco Las Setas<\/strong><\/td>\n<td>Encarnaci\u00f3n<\/td>\n<td>Una posizione molto centrale e una produzione curata per completare una serata nel centro storico.<\/td>\n<td><a href=\"https:\/\/www.tablaosflamencos.com\/it\/tablao\/tablao-flamenco-las-setas\"><strong>Verifica disponibilit\u00e0<\/strong><\/a><\/td>\n<\/tr>\n<tr>\n<td><strong>Tablao Flamenco La Cantaora<\/strong><\/td>\n<td>Plaza Nueva \/ Centro<\/td>\n<td>Un\u2019opzione centrale con la possibilit\u00e0 di combinare flamenco e gastronomia.<\/td>\n<td><a href=\"https:\/\/www.tablaosflamencos.com\/it\/tablao\/tablao-flamenco-la-cantaora\"><strong>Verifica disponibilit\u00e0<\/strong><\/a><\/td>\n<\/tr>\n<tr>\n<td><strong>Casa Duende Tablao<\/strong><\/td>\n<td>Centro<\/td>\n<td>Una sala di piccole dimensioni con grande vicinanza agli artisti.<\/td>\n<td><a href=\"https:\/\/www.tablaosflamencos.com\/it\/tablao\/casa-duende-tablao\"><strong>Verifica disponibilit\u00e0<\/strong><\/a><\/td>\n<\/tr>\n<tr>\n<td><strong>Tablao Flamenco Las Due\u00f1as<\/strong><\/td>\n<td>Santa Catalina \/ Due\u00f1as<\/td>\n<td>Un formato intimo molto vicino al centro storico.<\/td>\n<td><a href=\"https:\/\/www.tablaosflamencos.com\/it\/tablao\/tablao-flamenco-las-duenas\"><strong>Verifica disponibilit\u00e0<\/strong><\/a><\/td>\n<\/tr>\n<tr>\n<td><strong>Casa Inquieta<\/strong><\/td>\n<td>Calle Zaragoza \/ Centro<\/td>\n<td>Flamenco in una casa-palazzo del XIX secolo e un\u2019esperienza ravvicinata.<\/td>\n<td><a href=\"https:\/\/www.tablaosflamencos.com\/it\/tablao\/tablao-flamenco-casa-inquieta\"><strong>Verifica disponibilit\u00e0<\/strong><\/a><\/td>\n<\/tr>\n<tr>\n<td><strong>Casa Flamenco Azahar<\/strong><\/td>\n<td>Santa Cruz<\/td>\n<td>Un\u2019esperienza particolarmente intima, con capienza ridotta e senza amplificazione.<\/td>\n<td><a href=\"https:\/\/www.tablaosflamencos.com\/it\/tablao\/casa-flamenco-azahar\"><strong>Verifica disponibilit\u00e0<\/strong><\/a><\/td>\n<\/tr>\n<tr>\n<td><strong>El Jard\u00edn de Murillo<\/strong><\/td>\n<td>Santa Cruz<\/td>\n<td>Inserire il flamenco dopo aver visitato Alc\u00e1zar, Cattedrale o quartiere di Santa Cruz.<\/td>\n<td><a href=\"https:\/\/www.tablaosflamencos.com\/it\/tablao\/tablao-flamenco-el-jardin-de-murillo\"><strong>Verifica disponibilit\u00e0<\/strong><\/a><\/td>\n<\/tr>\n<tr>\n<td><strong>Baraka Sala Flamenca<\/strong><\/td>\n<td>Triana<\/td>\n<td>Flamenco tradizionale a Triana con gli artisti molto vicini al pubblico.<\/td>\n<td><a href=\"https:\/\/www.tablaosflamencos.com\/it\/tablao\/baraka-sala-flamenca\"><strong>Verifica disponibilit\u00e0<\/strong><\/a><\/td>\n<\/tr>\n<tr>\n<td><strong>Tablao Flamenco Triana<\/strong><\/td>\n<td>Triana<\/td>\n<td>Costruire una serata completa nel quartiere combinando passeggiata, gastronomia e flamenco.<\/td>\n<td><a href=\"https:\/\/www.tablaosflamencos.com\/it\/tablao\/tablao-flamenco-triana\"><strong>Verifica disponibilit\u00e0<\/strong><\/a><\/td>\n<\/tr>\n<\/tbody>\n<\/table>\n<\/div>\n<p>Non \u00e8 necessario scegliere il tablao \u201cpi\u00f9 famoso\u201d. Per una prenotazione dell\u2019ultimo minuto \u00e8 spesso pi\u00f9 utile confrontare <strong>zona, disponibilit\u00e0, dimensione della sala e tipo di esperienza<\/strong>. Puoi vedere tutte le opzioni insieme nella nostra pagina dedicata al <a href=\"https:\/\/www.tablaosflamencos.com\/it\/flamenco-a-siviglia\"><strong>flamenco a Siviglia<\/strong><\/a>.<\/p>\n<\/div><\/div><\/div><\/div><\/div><\/div><\/div><\/section><section class=\"l-section wpb_row height_huge color_alternate with_shape\"><div class=\"l-section-shape type_zigzag pos_top hor_flip\" style=\"height:3vmin;\"><svg xmlns=\"http:\/\/www.w3.org\/2000\/svg\" viewBox=\"0 0 64 8\" preserveAspectRatio=\"none\" width=\"100%\" height=\"100%\">\r\n\t<path fill=\"currentColor\" d=\"M64 8 L0 8 L0 0 L20 7.9 L40 3 L48 5 L64 0 Z\"\/>\r\n<\/svg><\/div><div class=\"l-section-shape type_zigzag pos_bottom\" style=\"height:3vmin;\"><svg xmlns=\"http:\/\/www.w3.org\/2000\/svg\" viewBox=\"0 0 64 8\" preserveAspectRatio=\"none\" width=\"100%\" height=\"100%\">\r\n\t<path fill=\"currentColor\" d=\"M64 8 L0 8 L0 0 L20 7.9 L40 3 L48 5 L64 0 Z\"\/>\r\n<\/svg><\/div><div class=\"l-section-h i-cf\"><div class=\"g-cols vc_row via_flex valign_top type_default stacking_default\"><div class=\"vc_col-sm-6 wpb_column vc_column_container\"><div class=\"vc_column-inner\"><div class=\"wpb_wrapper\"><div class=\"wpb_text_column\"><div class=\"wpb_wrapper\"><h2 id=\"centro\">Se vuoi restare in centro<\/h2>\n<p>Se alloggi nel centro storico o stai gi\u00e0 visitando Cattedrale, Alc\u00e1zar, Santa Cruz, Plaza Nueva, Encarnaci\u00f3n o le principali zone turistiche, probabilmente non hai bisogno di attraversare mezza citt\u00e0 per vedere flamenco stasera.<\/p>\n<p>Tra le opzioni del portale trovi <a href=\"https:\/\/www.tablaosflamencos.com\/it\/tablao\/tablao-flamenco-las-setas\"><strong>Las Setas<\/strong><\/a>, <a href=\"https:\/\/www.tablaosflamencos.com\/it\/tablao\/tablao-flamenco-la-cantaora\"><strong>La Cantaora<\/strong><\/a>, <a href=\"https:\/\/www.tablaosflamencos.com\/it\/tablao\/casa-duende-tablao\"><strong>Casa Duende<\/strong><\/a>, <a href=\"https:\/\/www.tablaosflamencos.com\/it\/tablao\/tablao-flamenco-las-duenas\"><strong>Las Due\u00f1as<\/strong><\/a>, <a href=\"https:\/\/www.tablaosflamencos.com\/it\/tablao\/tablao-flamenco-casa-inquieta\"><strong>Casa Inquieta<\/strong><\/a>, <a href=\"https:\/\/www.tablaosflamencos.com\/it\/tablao\/casa-flamenco-azahar\"><strong>Casa Flamenco Azahar<\/strong><\/a> e <a href=\"https:\/\/www.tablaosflamencos.com\/it\/tablao\/tablao-flamenco-el-jardin-de-murillo\"><strong>El Jard\u00edn de Murillo<\/strong><\/a>.<\/p>\n<p>Per una decisione dell\u2019ultimo minuto la posizione conta: meno spostamenti servono, pi\u00f9 \u00e8 facile combinare lo spettacolo con cena o passeggiata senza fretta.<\/p>\n<\/div><\/div><\/div><\/div><\/div><div class=\"vc_col-sm-6 wpb_column vc_column_container\"><div class=\"vc_column-inner\"><div class=\"wpb_wrapper\"><div class=\"wpb_text_column\"><div class=\"wpb_wrapper\"><h2 id=\"triana\">Se stasera vuoi andare a Triana<\/h2>\n<p>Triana permette di trasformare lo spettacolo in un\u2019esperienza di quartiere. Puoi attraversare il Ponte de Isabel II, passeggiare per Pureza, San Jacinto o nei dintorni di calle Betis e poi prenotare una funzione.<\/p>\n<p>Sul nostro portale puoi prenotare direttamente <a href=\"https:\/\/www.tablaosflamencos.com\/it\/tablao\/baraka-sala-flamenca\"><strong>Baraka Sala Flamenca<\/strong><\/a> e <a href=\"https:\/\/www.tablaosflamencos.com\/it\/tablao\/tablao-flamenco-triana\"><strong>Tablao Flamenco Triana<\/strong><\/a>.<\/p>\n<p>Durante la Biennale, Triana ha inoltre un interesse speciale per il suo rapporto storico con il flamenco e per la presenza di programmazione straordinaria nel quartiere. Se vuoi ampliare il programma, consulta la nostra guida sul <a href=\"https:\/\/www.tablaosflamencos.com\/it\/flamenco-a-triana\"><strong>flamenco a Triana<\/strong><\/a> e l\u2019articolo dedicato all\u2019 <a href=\"https:\/\/www.tablaosflamencos.com\/it\/hotel-triana-biennale-flamenco-siviglia-2026.html\"><strong>Hotel Triana durante la Biennale 2026<\/strong><\/a>.<\/p>\n<\/div><\/div><\/div><\/div><\/div><\/div><\/div><\/section><section class=\"l-section wpb_row height_huge\"><div class=\"l-section-h i-cf\"><div class=\"g-cols vc_row via_flex valign_top type_default stacking_default\"><div class=\"vc_col-sm-6 wpb_column vc_column_container\"><div class=\"vc_column-inner\"><div class=\"wpb_wrapper\"><div class=\"wpb_text_column\"><div class=\"wpb_wrapper\"><h2 id=\"ultima-hora\">Cerchi flamenco all\u2019ultimo minuto?<\/h2>\n<p>Se \u00e8 gi\u00e0 pomeriggio o stai organizzando la serata con pochissimo preavviso, semplifica la decisione.<\/p>\n<p><strong>1. Controlla prima la disponibilit\u00e0 reale.<\/strong> Non scegliere in base a un vecchio elenco di orari o a una raccomandazione generica: conta la disponibilit\u00e0 di oggi.<\/p>\n<p><strong>2. Scegli la zona.<\/strong> Centro e Triana concentrano molte opzioni e permettono di completare la serata a piedi.<\/p>\n<p><strong>3. Prenota prima di cena.<\/strong> Durante la Biennale aumenta il numero di visitatori che cercano flamenco e gli spazi con capienza ridotta possono riempire le sessioni.<\/p>\n<p><strong>4. Non aspettarti di trovare biglietti alla porta.<\/strong> Se un\u2019opzione risulta disponibile online e si adatta al tuo piano, bloccarla \u00e8 di solito la scelta pi\u00f9 pratica.<\/p>\n<p><strong>5. Se la Biennale \u00e8 esaurita, cambia formato, non programma.<\/strong> Puoi passare da una grande produzione teatrale a un tablao intimo e continuare ad avere una serata interamente dedicata al flamenco.<\/p>\n<p>Per questo caso specifico usa la nostra guida <a href=\"https:\/\/www.tablaosflamencos.com\/it\/biennale-esaurita-dove-vedere-flamenco-stasera-siviglia.html\"><strong>Biennale esaurita: dove vedere flamenco oggi a Siviglia<\/strong><\/a>.<\/p>\n<\/div><\/div><\/div><\/div><\/div><div class=\"vc_col-sm-6 wpb_column vc_column_container\"><div class=\"vc_column-inner\"><div class=\"wpb_wrapper\"><div class=\"wpb_text_column\"><div class=\"wpb_wrapper\"><h2 id=\"combinar\">Si pu\u00f2 combinare una funzione della Biennale e un tablao nella stessa sera?<\/h2>\n<p>In alcune date pu\u00f2 essere possibile, perch\u00e9 la programmazione ufficiale utilizza fasce orarie diverse e alcuni spettacoli iniziano prima o pi\u00f9 tardi di altri. Ma non trasformare la serata in una corsa.<\/p>\n<p>Prima di prenotare due funzioni controlla <strong>orario approssimativo di fine, distanza tra gli spazi e tempo reale di spostamento<\/strong>. Il centro di Siviglia \u00e8 molto percorribile a piedi, ma Teatro Central, Triana e altri punti possono richiedere pi\u00f9 margine.<\/p>\n<p>Se hai gi\u00e0 un biglietto della Biennale, di solito \u00e8 meglio costruire la serata intorno a quella funzione. Il tablao pu\u00f2 essere un\u2019alternativa per un\u2019altra sera del soggiorno o una soluzione quando lo spettacolo ufficiale non si adatta.<\/p>\n<p>Se il viaggio dura pi\u00f9 giorni, consulta anche <a href=\"https:\/\/www.tablaosflamencos.com\/it\/notti-uniche-biennale-flamenco-siviglia-2026.html\"><strong>le Noches \u00danicas della Biennale 2026<\/strong><\/a> e la nostra guida a <a href=\"https:\/\/www.tablaosflamencos.com\/it\/biennale-flamenco-siviglia-2026-biglietti-prezzi-sconti.html\"><strong>biglietti, prezzi e sconti<\/strong><\/a> per distribuire meglio le esperienze.<\/p>\n<\/div><\/div><\/div><\/div><\/div><\/div><\/div><\/section><section class=\"l-section wpb_row height_huge color_alternate with_shape\"><div class=\"l-section-shape type_zigzag pos_top hor_flip\" style=\"height:3vmin;\"><svg xmlns=\"http:\/\/www.w3.org\/2000\/svg\" viewBox=\"0 0 64 8\" preserveAspectRatio=\"none\" width=\"100%\" height=\"100%\">\r\n\t<path fill=\"currentColor\" d=\"M64 8 L0 8 L0 0 L20 7.9 L40 3 L48 5 L64 0 Z\"\/>\r\n<\/svg><\/div><div class=\"l-section-shape type_zigzag pos_bottom\" style=\"height:3vmin;\"><svg xmlns=\"http:\/\/www.w3.org\/2000\/svg\" viewBox=\"0 0 64 8\" preserveAspectRatio=\"none\" width=\"100%\" height=\"100%\">\r\n\t<path fill=\"currentColor\" d=\"M64 8 L0 8 L0 0 L20 7.9 L40 3 L48 5 L64 0 Z\"\/>\r\n<\/svg><\/div><div class=\"l-section-h i-cf\"><div class=\"g-cols vc_row via_flex valign_top type_default stacking_default\"><div class=\"vc_col-sm-6 wpb_column vc_column_container\"><div class=\"vc_column-inner\"><div class=\"wpb_wrapper\"><div class=\"wpb_text_column\"><div class=\"wpb_wrapper\"><h2>Se vuoi un\u2019esperienza molto intima<\/h2>\n<p>Uscire da un grande teatro della Biennale ed entrare poi in una piccola sala pu\u00f2 cambiare completamente la percezione del flamenco. In un formato ravvicinato si sentono meglio i respiri, i richiami tra gli artisti, il colpo del piede e la comunicazione del cuadro.<\/p>\n<p>Nel nostro catalogo, <a href=\"https:\/\/www.tablaosflamencos.com\/it\/tablao\/casa-flamenco-azahar\"><strong>Casa Flamenco Azahar<\/strong><\/a> e <a href=\"https:\/\/www.tablaosflamencos.com\/it\/tablao\/casa-duende-tablao\"><strong>Casa Duende Tablao<\/strong><\/a> si adattano particolarmente bene a questa ricerca di vicinanza. Anche <a href=\"https:\/\/www.tablaosflamencos.com\/it\/tablao\/tablao-flamenco-las-duenas\"><strong>Las Due\u00f1as<\/strong><\/a> e <a href=\"https:\/\/www.tablaosflamencos.com\/it\/tablao\/baraka-sala-flamenca\"><strong>Baraka<\/strong><\/a> possono interessarti se vuoi sentire gli artisti molto vicini.<\/p>\n<p>La capienza ridotta ha una conseguenza evidente: <strong>se vedi disponibilit\u00e0 per stasera, non conviene rimandare la decisione all\u2019ultimo momento<\/strong>.<\/p>\n<\/div><\/div><\/div><\/div><\/div><div class=\"vc_col-sm-6 wpb_column vc_column_container\"><div class=\"vc_column-inner\"><div class=\"wpb_wrapper\"><div class=\"wpb_text_column\"><div class=\"wpb_wrapper\"><h2>Se cerchi una serata pi\u00f9 completa<\/h2>\n<p>Altri visitatori preferiscono integrare il flamenco in un programma con gastronomia, architettura o una messa in scena pi\u00f9 ampia.<\/p>\n<p><a href=\"https:\/\/www.tablaosflamencos.com\/it\/tablao\/tablao-flamenco-la-cantaora\"><strong>La Cantaora<\/strong><\/a> permette di valutare opzioni che combinano spettacolo e gastronomia. <a href=\"https:\/\/www.tablaosflamencos.com\/it\/tablao\/tablao-flamenco-las-setas\"><strong>Las Setas<\/strong><\/a> si inserisce molto bene in una serata tra Encarnaci\u00f3n e il centro. <a href=\"https:\/\/www.tablaosflamencos.com\/it\/tablao\/tablao-flamenco-casa-inquieta\"><strong>Casa Inquieta<\/strong><\/a> aggiunge il fascino di una casa-palazzo del XIX secolo. E <a href=\"https:\/\/www.tablaosflamencos.com\/it\/tablao\/tablao-flamenco-el-jardin-de-murillo\"><strong>El Jard\u00edn de Murillo<\/strong><\/a> \u00e8 particolarmente comodo se arrivi da Santa Cruz, dalla Cattedrale o dall\u2019Alc\u00e1zar.<\/p>\n<p>Se il flamenco \u00e8 il motivo principale della serata, la nostra raccomandazione generale resta dare priorit\u00e0 a <strong>qualit\u00e0 e formato dello spettacolo<\/strong>; la cena pu\u00f2 essere organizzata prima o dopo, se preferisci.<\/p>\n<\/div><\/div><\/div><\/div><\/div><\/div><\/div><\/section><section class=\"l-section wpb_row height_huge\"><div class=\"l-section-h i-cf\"><div class=\"g-cols vc_row via_flex valign_top type_default stacking_default\"><div class=\"vc_col-sm-12 wpb_column vc_column_container\"><div class=\"vc_column-inner\"><div class=\"wpb_wrapper\"><div class=\"wpb_text_column\"><div class=\"wpb_wrapper\"><h2 id=\"elegir\">Come scegliere cosa vedere stasera in cinque minuti<\/h2>\n<p>Se non vuoi continuare a confrontare per mezz\u2019ora, segui questo ordine:<\/p>\n<p><strong>1. Data:<\/strong> apri il programma ufficiale e guarda soltanto cosa succede oggi.<\/p>\n<p><strong>2. Disponibilit\u00e0:<\/strong> scarta le funzioni per cui non puoi pi\u00f9 comprare un biglietto.<\/p>\n<p><strong>3. Zona:<\/strong> decidi tra centro, Santa Cruz, Encarnaci\u00f3n o Triana.<\/p>\n<p><strong>4. Formato:<\/strong> scegli tra una grande produzione della Biennale, un tablao intimo o un\u2019esperienza pi\u00f9 ampia.<\/p>\n<p><strong>5. Prenotazione:<\/strong> conferma il biglietto prima di completare il resto del programma.<\/p>\n<p><strong>6. Cena e passeggiata:<\/strong> organizzale intorno all\u2019orario e alla zona dello spettacolo, non il contrario.<\/p>\n<p><strong>7. Piano B:<\/strong> se la Biennale \u00e8 esaurita, confronta subito i tablaos disponibili su <a href=\"https:\/\/www.tablaosflamencos.com\/it\/flamenco-a-siviglia\"><strong>flamenco a Siviglia<\/strong><\/a>.<\/p>\n<p>Questo sistema \u00e8 particolarmente utile durante la Biennale perch\u00e9 evita un errore comune: perdere troppo tempo a cercare \u201clo spettacolo perfetto\u201d e finire per lasciarsi sfuggire le opzioni che avevano ancora disponibilit\u00e0.<\/p>\n<\/div><\/div><div class=\"w-separator size_medium\"><\/div><div class=\"w-hwrapper valign_top wrap align_center\" style=\"--hwrapper-gap:1.2rem\"><div class=\"w-btn-wrapper align_none\"><a class=\"w-btn us-btn-style_1\" href=\"https:\/\/www.tablaosflamencos.com\/it\/flamenco-a-siviglia\"><span class=\"w-btn-label\">Vedi il flamenco disponibile a Siviglia<\/span><\/a><\/div><div class=\"w-btn-wrapper align_none\"><a class=\"w-btn us-btn-style_11\" href=\"https:\/\/www.labienal.com\/programa-general\"><span class=\"w-btn-label\">Consulta il programma ufficiale<\/span><\/a><\/div><\/div><\/div><\/div><\/div><\/div><\/div><\/section><section class=\"l-section wpb_row height_huge color_alternate with_shape\"><div class=\"l-section-shape type_zigzag pos_top hor_flip\" style=\"height:3vmin;\"><svg xmlns=\"http:\/\/www.w3.org\/2000\/svg\" viewBox=\"0 0 64 8\" preserveAspectRatio=\"none\" width=\"100%\" height=\"100%\">\r\n\t<path fill=\"currentColor\" d=\"M64 8 L0 8 L0 0 L20 7.9 L40 3 L48 5 L64 0 Z\"\/>\r\n<\/svg><\/div><div class=\"l-section-shape type_zigzag pos_bottom\" style=\"height:3vmin;\"><svg xmlns=\"http:\/\/www.w3.org\/2000\/svg\" viewBox=\"0 0 64 8\" preserveAspectRatio=\"none\" width=\"100%\" height=\"100%\">\r\n\t<path fill=\"currentColor\" d=\"M64 8 L0 8 L0 0 L20 7.9 L40 3 L48 5 L64 0 Z\"\/>\r\n<\/svg><\/div><div class=\"l-section-h i-cf\"><div class=\"g-cols vc_row via_flex valign_top type_default stacking_default\"><div class=\"vc_col-sm-1\/5 wpb_column vc_column_container\"><div class=\"vc_column-inner\"><div class=\"wpb_wrapper\"><\/div><\/div><\/div><div class=\"vc_col-sm-3\/5 wpb_column vc_column_container\"><div class=\"vc_column-inner\"><div class=\"wpb_wrapper\"><div class=\"wpb_text_column\"><div class=\"wpb_wrapper\"><h2 id=\"faq\">Domande frequenti sul flamenco stasera a Siviglia durante la Biennale<\/h2>\n<\/div><\/div><div class=\"w-separator size_medium\"><\/div><div class=\"w-tabs accordion toggle_style_1 has_scrolling\" style=\"--sections-title-size:inherit;--sections-gap:0.5rem;\"><div class=\"w-tabs-sections titles-align_none icon_plus cpos_left\"><div class=\"w-tabs-section\" id=\"ma85\" itemscope itemprop=\"mainEntity\" itemtype=\"https:\/\/schema.org\/Question\"><button type=\"button\" class=\"w-tabs-section-header\" aria-controls=\"content-ma85\" aria-expanded=\"false\"><h3 class=\"w-tabs-section-title\" itemprop=\"name\">Dove posso vedere flamenco stasera a Siviglia durante la Biennale?<\/h3><div class=\"w-tabs-section-control\"><\/div><\/button><div  class=\"w-tabs-section-content\" id=\"content-ma85\" itemscope itemprop=\"acceptedAnswer\" itemtype=\"https:\/\/schema.org\/Answer\"><div class=\"w-tabs-section-content-h i-cf\" itemprop=\"text\"><div class=\"wpb_text_column\"><div class=\"wpb_wrapper\"><p>Dipende dalla data precisa. Consulta prima la programmazione ufficiale della Biennale e, se cerchi un\u2019alternativa o una funzione con prenotazione diretta, confronta i tablaos disponibili su Tablaos Flamencos. Centro, Santa Cruz, Encarnaci\u00f3n e Triana offrono diverse opzioni.<\/p>\n<\/div><\/div><\/div><\/div><\/div><div class=\"w-tabs-section\" id=\"bb7b\" itemscope itemprop=\"mainEntity\" itemtype=\"https:\/\/schema.org\/Question\"><button type=\"button\" class=\"w-tabs-section-header\" aria-controls=\"content-bb7b\" aria-expanded=\"false\"><h3 class=\"w-tabs-section-title\" itemprop=\"name\">La Biennale ha spettacoli tutte le sere?<\/h3><div class=\"w-tabs-section-control\"><\/div><\/button><div  class=\"w-tabs-section-content\" id=\"content-bb7b\" itemscope itemprop=\"acceptedAnswer\" itemtype=\"https:\/\/schema.org\/Answer\"><div class=\"w-tabs-section-content-h i-cf\" itemprop=\"text\"><div class=\"wpb_text_column\"><div class=\"wpb_wrapper\"><p>La Biennale si svolge dal 9 settembre al 3 ottobre 2026 e la programmazione cambia a seconda della data. Consulta il programma ufficiale per verificare quali funzioni si svolgono esattamente il giorno della tua visita.<\/p>\n<\/div><\/div><\/div><\/div><\/div><div class=\"w-tabs-section\" id=\"hc5d\" itemscope itemprop=\"mainEntity\" itemtype=\"https:\/\/schema.org\/Question\"><button type=\"button\" class=\"w-tabs-section-header\" aria-controls=\"content-hc5d\" aria-expanded=\"false\"><h3 class=\"w-tabs-section-title\" itemprop=\"name\">Cosa faccio se lo spettacolo della Biennale che volevo \u00e8 esaurito?<\/h3><div class=\"w-tabs-section-control\"><\/div><\/button><div  class=\"w-tabs-section-content\" id=\"content-hc5d\" itemscope itemprop=\"acceptedAnswer\" itemtype=\"https:\/\/schema.org\/Answer\"><div class=\"w-tabs-section-content-h i-cf\" itemprop=\"text\"><div class=\"wpb_text_column\"><div class=\"wpb_wrapper\"><p>Non devi rinunciare al flamenco. Puoi cercare un altro spettacolo ufficiale con disponibilit\u00e0 oppure prenotare direttamente un tablao. Consulta anche la nostra guida specifica Biennale esaurita: dove vedere flamenco oggi a Siviglia.<\/p>\n<\/div><\/div><\/div><\/div><\/div><div class=\"w-tabs-section\" id=\"gd2c\" itemscope itemprop=\"mainEntity\" itemtype=\"https:\/\/schema.org\/Question\"><button type=\"button\" class=\"w-tabs-section-header\" aria-controls=\"content-gd2c\" aria-expanded=\"false\"><h3 class=\"w-tabs-section-title\" itemprop=\"name\">Posso prenotare un tablao per stasera?<\/h3><div class=\"w-tabs-section-control\"><\/div><\/button><div  class=\"w-tabs-section-content\" id=\"content-gd2c\" itemscope itemprop=\"acceptedAnswer\" itemtype=\"https:\/\/schema.org\/Answer\"><div class=\"w-tabs-section-content-h i-cf\" itemprop=\"text\"><div class=\"wpb_text_column\"><div class=\"wpb_wrapper\"><p>S\u00ec, finch\u00e9 ci sono posti disponibili. La disponibilit\u00e0 cambia in base alla data e alla sessione, quindi conviene controllare online e prenotare appena trovi un\u2019opzione adatta al tuo programma.<\/p>\n<\/div><\/div><\/div><\/div><\/div><div class=\"w-tabs-section\" id=\"be0f\" itemscope itemprop=\"mainEntity\" itemtype=\"https:\/\/schema.org\/Question\"><button type=\"button\" class=\"w-tabs-section-header\" aria-controls=\"content-be0f\" aria-expanded=\"false\"><h3 class=\"w-tabs-section-title\" itemprop=\"name\">\u00c8 meglio la Biennale o un tablao?<\/h3><div class=\"w-tabs-section-control\"><\/div><\/button><div  class=\"w-tabs-section-content\" id=\"content-be0f\" itemscope itemprop=\"acceptedAnswer\" itemtype=\"https:\/\/schema.org\/Answer\"><div class=\"w-tabs-section-content-h i-cf\" itemprop=\"text\"><div class=\"wpb_text_column\"><div class=\"wpb_wrapper\"><p>Sono esperienze diverse. La Biennale offre produzioni straordinarie, prime e funzioni uniche; il tablao offre regolarit\u00e0, vicinanza e una relazione diretta tra canto, chitarra e danza. Un soggiorno di pi\u00f9 giorni permette di godersi entrambi i formati.<\/p>\n<\/div><\/div><\/div><\/div><\/div><div class=\"w-tabs-section\" id=\"iee3\" itemscope itemprop=\"mainEntity\" itemtype=\"https:\/\/schema.org\/Question\"><button type=\"button\" class=\"w-tabs-section-header\" aria-controls=\"content-iee3\" aria-expanded=\"false\"><h3 class=\"w-tabs-section-title\" itemprop=\"name\">Qual \u00e8 la zona migliore per cercare flamenco all\u2019ultimo minuto?<\/h3><div class=\"w-tabs-section-control\"><\/div><\/button><div  class=\"w-tabs-section-content\" id=\"content-iee3\" itemscope itemprop=\"acceptedAnswer\" itemtype=\"https:\/\/schema.org\/Answer\"><div class=\"w-tabs-section-content-h i-cf\" itemprop=\"text\"><div class=\"wpb_text_column\"><div class=\"wpb_wrapper\"><p>Il centro storico e Triana riuniscono molte opzioni e permettono di combinare facilmente lo spettacolo con altri programmi. Se sei gi\u00e0 a Santa Cruz, Encarnaci\u00f3n o Plaza Nueva, scegliere una sala vicina riduce gli spostamenti e facilita l\u2019organizzazione della serata.<\/p>\n<\/div><\/div><\/div><\/div><\/div><div class=\"w-tabs-section\" id=\"lfeb\" itemscope itemprop=\"mainEntity\" itemtype=\"https:\/\/schema.org\/Question\"><button type=\"button\" class=\"w-tabs-section-header\" aria-controls=\"content-lfeb\" aria-expanded=\"false\"><h3 class=\"w-tabs-section-title\" itemprop=\"name\">Posso cenare prima o dopo il flamenco?<\/h3><div class=\"w-tabs-section-control\"><\/div><\/button><div  class=\"w-tabs-section-content\" id=\"content-lfeb\" itemscope itemprop=\"acceptedAnswer\" itemtype=\"https:\/\/schema.org\/Answer\"><div class=\"w-tabs-section-content-h i-cf\" itemprop=\"text\"><div class=\"wpb_text_column\"><div class=\"wpb_wrapper\"><p>S\u00ec. Se il flamenco \u00e8 la tua priorit\u00e0, di solito \u00e8 pratico prenotare prima lo spettacolo e organizzare poi cena o tapas in base all\u2019orario e alla zona. Alcuni spazi offrono anche formule che integrano gastronomia.<\/p>\n<\/div><\/div><\/div><\/div><\/div><div class=\"w-tabs-section\" id=\"v0d2\" itemscope itemprop=\"mainEntity\" itemtype=\"https:\/\/schema.org\/Question\"><button type=\"button\" class=\"w-tabs-section-header\" aria-controls=\"content-v0d2\" aria-expanded=\"false\"><h3 class=\"w-tabs-section-title\" itemprop=\"name\">Si pu\u00f2 andare a vedere flamenco con i bambini durante la Biennale?<\/h3><div class=\"w-tabs-section-control\"><\/div><\/button><div  class=\"w-tabs-section-content\" id=\"content-v0d2\" itemscope itemprop=\"acceptedAnswer\" itemtype=\"https:\/\/schema.org\/Answer\"><div class=\"w-tabs-section-content-h i-cf\" itemprop=\"text\"><div class=\"wpb_text_column\"><div class=\"wpb_wrapper\"><p>Dipende dallo spettacolo e dallo spazio. Nei tablaos le condizioni e le eventuali et\u00e0 minime possono variare; per la Biennale devi verificare le condizioni specifiche della funzione scelta prima di acquistare i biglietti.<\/p>\n<\/div><\/div><\/div><\/div><\/div><div class=\"w-tabs-section\" id=\"w1ab\" itemscope itemprop=\"mainEntity\" itemtype=\"https:\/\/schema.org\/Question\"><button type=\"button\" class=\"w-tabs-section-header\" aria-controls=\"content-w1ab\" aria-expanded=\"false\"><h3 class=\"w-tabs-section-title\" itemprop=\"name\">Dove vedo tutti i tablaos che posso prenotare a Siviglia?<\/h3><div class=\"w-tabs-section-control\"><\/div><\/button><div  class=\"w-tabs-section-content\" id=\"content-w1ab\" itemscope itemprop=\"acceptedAnswer\" itemtype=\"https:\/\/schema.org\/Answer\"><div class=\"w-tabs-section-content-h i-cf\" itemprop=\"text\"><div class=\"wpb_text_column\"><div class=\"wpb_wrapper\"><p>Nella nostra pagina sul flamenco a Siviglia puoi confrontare gli spazi disponibili e aprire le loro schede per verificare le opzioni di prenotazione per la tua data.<\/p>\n<\/div><\/div><\/div><\/div><\/div><div class=\"w-tabs-section\" id=\"c285\" itemscope itemprop=\"mainEntity\" itemtype=\"https:\/\/schema.org\/Question\"><button type=\"button\" class=\"w-tabs-section-header\" aria-controls=\"content-c285\" aria-expanded=\"false\"><h3 class=\"w-tabs-section-title\" itemprop=\"name\">Cosa faccio se arrivo a Siviglia senza alcun programma per stasera?<\/h3><div class=\"w-tabs-section-control\"><\/div><\/button><div  class=\"w-tabs-section-content\" id=\"content-c285\" itemscope itemprop=\"acceptedAnswer\" itemtype=\"https:\/\/schema.org\/Answer\"><div class=\"w-tabs-section-content-h i-cf\" itemprop=\"text\"><div class=\"wpb_text_column\"><div class=\"wpb_wrapper\"><p>Controlla prima quali funzioni ufficiali della Biennale si svolgono oggi e se ci sono ancora biglietti. Se non trovi un\u2019opzione adatta, confronta subito i tablaos del nostro portale per zona e disponibilit\u00e0. Prenota prima lo spettacolo e organizza poi il resto della serata.<\/p>\n<\/div><\/div><\/div><\/div><\/div><\/div><\/div><\/div><\/div><\/div><div class=\"vc_col-sm-1\/5 wpb_column vc_column_container\"><div class=\"vc_column-inner\"><div class=\"wpb_wrapper\"><\/div><\/div><\/div><\/div><\/div><\/section><section class=\"l-section wpb_row height_huge\"><div class=\"l-section-h i-cf\"><div class=\"g-cols vc_row via_flex valign_top type_default stacking_default\"><div class=\"vc_col-sm-12 wpb_column vc_column_container\"><div class=\"vc_column-inner\"><div class=\"wpb_wrapper\"><div class=\"wpb_text_column\"><div class=\"wpb_wrapper\"><h2 style=\"text-align: center;\">Stasera c\u2019\u00e8 flamenco: la chiave \u00e8 assicurarsi il biglietto<\/h2>\n<p style=\"text-align: center;\">Durante la Biennale, Siviglia moltiplica le sue possibilit\u00e0 flamencas. Il problema di solito non \u00e8 trovare qualcosa da vedere, ma scegliere bene tra una programmazione straordinaria, orari diversi, vari quartieri e capienze che possono esaurirsi.<\/p>\n<p style=\"text-align: center;\">Se cerchi una soluzione immediata, parti dalla data di oggi, controlla la programmazione ufficiale e poi confronta gli spettacoli stabili che puoi prenotare direttamente. Se la funzione della Biennale che volevi non ha pi\u00f9 biglietti, <strong>non cambiare programma: cambia palcoscenico<\/strong>.<\/p>\n<p style=\"text-align: center;\">Puoi continuare a vedere canto, danza e chitarra questa stessa sera nei tablaos di Siviglia e prenotare dalla nostra selezione di <a href=\"https:\/\/www.tablaosflamencos.com\/it\/flamenco-a-siviglia\"><strong>flamenco a Siviglia<\/strong><\/a>.<\/p>\n<\/div><\/div><\/div><\/div><\/div><\/div><\/div><\/section>\n","protected":false},"excerpt":{"rendered":"<p>Guida rapida per scegliere quale flamenco vedere stasera a Siviglia durante la Biennale 2026: programma ufficiale, tablaos, zone e prenotazioni last minute.<\/p>\n","protected":false},"author":1,"featured_media":14496,"comment_status":"closed","ping_status":"closed","sticky":false,"template":"","format":"standard","meta":{"_acf_changed":false,"wpai_generated_summary":"","_ayudawp_aiss_exclude":false,"_ayudawp_aiss_exclude_summary":false,"_ayudawp_aiss_summary":"","_ayudawp_aiss_summary_provider":"","_ayudawp_aiss_summary_hash":"","footnotes":""},"categories":[1429],"tags":[1249,1250,1251,1252,1177,1253,1254],"class_list":["post-14519","post","type-post","status-publish","format-standard","has-post-thumbnail","hentry","category-biennale-di-flamenco","tag-agenda-flamenca","tag-bienal-2026","tag-bienal-de-flamenco","tag-festivales-flamencos","tag-flamenco-en-sevilla","tag-sevilla","tag-tablaos-de-sevilla"],"acf":[],"yoast_head":"<!-- This site is optimized with the Yoast SEO Premium plugin v28.4 (Yoast SEO v28.4) - https:\/\/yoast.com\/product\/yoast-seo-premium-wordpress\/ -->\n<title>Flamenco stasera a Siviglia durante la Biennale 2026<\/title>\n<meta name=\"description\" content=\"Cerchi flamenco stasera a Siviglia durante la Biennale 2026? Consulta il programma ufficiale e prenota alternative nei tablaos del centro e di Triana.\" \/>\n<meta name=\"robots\" content=\"index, follow, max-snippet:-1, max-image-preview:large, max-video-preview:-1\" \/>\n<link rel=\"canonical\" href=\"https:\/\/www.tablaosflamencos.com\/it\/flamenco-stasera-siviglia-biennale-2026.html\" \/>\n<meta property=\"og:locale\" content=\"it_IT\" \/>\n<meta property=\"og:type\" content=\"article\" \/>\n<meta property=\"og:title\" content=\"Flamenco stasera a Siviglia durante la Biennale\" \/>\n<meta property=\"og:description\" content=\"Cerchi flamenco stasera a Siviglia durante la Biennale 2026? Consulta il programma ufficiale e prenota alternative nei tablaos del centro e di Triana.\" \/>\n<meta property=\"og:url\" content=\"https:\/\/www.tablaosflamencos.com\/it\/flamenco-stasera-siviglia-biennale-2026.html\" \/>\n<meta property=\"og:site_name\" content=\"Tablaos Flamencos\" \/>\n<meta property=\"article:publisher\" content=\"https:\/\/www.facebook.com\/tablaosflamencos\" \/>\n<meta property=\"article:published_time\" content=\"2026-09-04T16:37:03+00:00\" \/>\n<meta property=\"article:modified_time\" content=\"2026-09-04T22:10:38+00:00\" \/>\n<meta property=\"og:image\" content=\"https:\/\/www.tablaosflamencos.com\/wp-content\/uploads\/flamenco-esta-noche-en-sevilla-durante-la-bienal-01.webp\" \/>\n\t<meta property=\"og:image:width\" content=\"1672\" \/>\n\t<meta property=\"og:image:height\" content=\"941\" \/>\n\t<meta property=\"og:image:type\" content=\"image\/webp\" \/>\n<meta name=\"author\" content=\"Miguel Ortiz\" \/>\n<meta name=\"twitter:card\" content=\"summary_large_image\" \/>\n<meta name=\"twitter:creator\" content=\"@tablaosflamenco\" \/>\n<meta name=\"twitter:site\" content=\"@tablaosflamenco\" \/>\n<meta name=\"twitter:label1\" content=\"Scritto da\" \/>\n\t<meta name=\"twitter:data1\" content=\"Miguel Ortiz\" \/>\n\t<meta name=\"twitter:label2\" content=\"Tempo di lettura stimato\" \/>\n\t<meta name=\"twitter:data2\" content=\"15 minuti\" \/>\n<script type=\"application\/ld+json\" class=\"yoast-schema-graph\">{\"@context\":\"https:\\\/\\\/schema.org\",\"@graph\":[{\"@type\":\"Article\",\"@id\":\"https:\\\/\\\/www.tablaosflamencos.com\\\/it\\\/flamenco-stasera-siviglia-biennale-2026.html#article\",\"isPartOf\":{\"@id\":\"https:\\\/\\\/www.tablaosflamencos.com\\\/it\\\/flamenco-stasera-siviglia-biennale-2026.html\"},\"author\":{\"name\":\"Miguel Ortiz\",\"@id\":\"https:\\\/\\\/www.tablaosflamencos.com\\\/it#\\\/schema\\\/person\\\/e7a9ebe14eb75a52ceabfbffb3c54f5d\"},\"headline\":\"Flamenco stasera a Siviglia durante la Biennale\",\"datePublished\":\"2026-09-04T16:37:03+00:00\",\"dateModified\":\"2026-09-04T22:10:38+00:00\",\"mainEntityOfPage\":{\"@id\":\"https:\\\/\\\/www.tablaosflamencos.com\\\/it\\\/flamenco-stasera-siviglia-biennale-2026.html\"},\"wordCount\":3009,\"publisher\":{\"@id\":\"https:\\\/\\\/www.tablaosflamencos.com\\\/it#organization\"},\"image\":{\"@id\":\"https:\\\/\\\/www.tablaosflamencos.com\\\/it\\\/flamenco-stasera-siviglia-biennale-2026.html#primaryimage\"},\"thumbnailUrl\":\"https:\\\/\\\/www.tablaosflamencos.com\\\/wp-content\\\/uploads\\\/flamenco-esta-noche-en-sevilla-durante-la-bienal-01.webp\",\"keywords\":[\"agenda flamenca\",\"Bienal 2026\",\"Bienal de Flamenco\",\"festivales flamencos\",\"flamenco en Sevilla\",\"sevilla\",\"tablaos de Sevilla\"],\"articleSection\":[\"Biennale di Flamenco\"],\"inLanguage\":\"it-IT\"},{\"@type\":\"WebPage\",\"@id\":\"https:\\\/\\\/www.tablaosflamencos.com\\\/it\\\/flamenco-stasera-siviglia-biennale-2026.html\",\"url\":\"https:\\\/\\\/www.tablaosflamencos.com\\\/it\\\/flamenco-stasera-siviglia-biennale-2026.html\",\"name\":\"Flamenco stasera a Siviglia durante la Biennale 2026\",\"isPartOf\":{\"@id\":\"https:\\\/\\\/www.tablaosflamencos.com\\\/it#website\"},\"primaryImageOfPage\":{\"@id\":\"https:\\\/\\\/www.tablaosflamencos.com\\\/it\\\/flamenco-stasera-siviglia-biennale-2026.html#primaryimage\"},\"image\":{\"@id\":\"https:\\\/\\\/www.tablaosflamencos.com\\\/it\\\/flamenco-stasera-siviglia-biennale-2026.html#primaryimage\"},\"thumbnailUrl\":\"https:\\\/\\\/www.tablaosflamencos.com\\\/wp-content\\\/uploads\\\/flamenco-esta-noche-en-sevilla-durante-la-bienal-01.webp\",\"datePublished\":\"2026-09-04T16:37:03+00:00\",\"dateModified\":\"2026-09-04T22:10:38+00:00\",\"description\":\"Cerchi flamenco stasera a Siviglia durante la Biennale 2026? Consulta il programma ufficiale e prenota alternative nei tablaos del centro e di Triana.\",\"breadcrumb\":{\"@id\":\"https:\\\/\\\/www.tablaosflamencos.com\\\/it\\\/flamenco-stasera-siviglia-biennale-2026.html#breadcrumb\"},\"inLanguage\":\"it-IT\",\"potentialAction\":[{\"@type\":\"ReadAction\",\"target\":[\"https:\\\/\\\/www.tablaosflamencos.com\\\/it\\\/flamenco-stasera-siviglia-biennale-2026.html\"]}]},{\"@type\":\"ImageObject\",\"inLanguage\":\"it-IT\",\"@id\":\"https:\\\/\\\/www.tablaosflamencos.com\\\/it\\\/flamenco-stasera-siviglia-biennale-2026.html#primaryimage\",\"url\":\"https:\\\/\\\/www.tablaosflamencos.com\\\/wp-content\\\/uploads\\\/flamenco-esta-noche-en-sevilla-durante-la-bienal-01.webp\",\"contentUrl\":\"https:\\\/\\\/www.tablaosflamencos.com\\\/wp-content\\\/uploads\\\/flamenco-esta-noche-en-sevilla-durante-la-bienal-01.webp\",\"width\":1672,\"height\":941,\"caption\":\"Flamenco esta noche en Sevilla durante la Bienal\"},{\"@type\":\"BreadcrumbList\",\"@id\":\"https:\\\/\\\/www.tablaosflamencos.com\\\/it\\\/flamenco-stasera-siviglia-biennale-2026.html#breadcrumb\",\"itemListElement\":[{\"@type\":\"ListItem\",\"position\":1,\"name\":\"Home\",\"item\":\"https:\\\/\\\/www.tablaosflamencos.com\\\/it\"},{\"@type\":\"ListItem\",\"position\":2,\"name\":\"Flamenco stasera a Siviglia durante la Biennale\"}]},{\"@type\":\"WebSite\",\"@id\":\"https:\\\/\\\/www.tablaosflamencos.com\\\/it#website\",\"url\":\"https:\\\/\\\/www.tablaosflamencos.com\\\/it\",\"name\":\"Tablaos Flamencos\",\"description\":\"Entradas para tablaos flamencos de Espa\u00f1a\",\"publisher\":{\"@id\":\"https:\\\/\\\/www.tablaosflamencos.com\\\/it#organization\"},\"alternateName\":\"Tablaos Flamencos\",\"potentialAction\":[{\"@type\":\"SearchAction\",\"target\":{\"@type\":\"EntryPoint\",\"urlTemplate\":\"https:\\\/\\\/www.tablaosflamencos.com\\\/it?s={search_term_string}\"},\"query-input\":{\"@type\":\"PropertyValueSpecification\",\"valueRequired\":true,\"valueName\":\"search_term_string\"}}],\"inLanguage\":\"it-IT\"},{\"@type\":[\"Organization\",\"Place\",\"EntertainmentBusiness\"],\"@id\":\"https:\\\/\\\/www.tablaosflamencos.com\\\/it#organization\",\"name\":\"Tablaos Flamencos\",\"alternateName\":\"Tablaos Flamencos\",\"url\":\"https:\\\/\\\/www.tablaosflamencos.com\\\/it\",\"logo\":{\"@id\":\"https:\\\/\\\/www.tablaosflamencos.com\\\/it\\\/flamenco-stasera-siviglia-biennale-2026.html#local-main-organization-logo\"},\"image\":{\"@id\":\"https:\\\/\\\/www.tablaosflamencos.com\\\/it\\\/flamenco-stasera-siviglia-biennale-2026.html#local-main-organization-logo\"},\"sameAs\":[\"https:\\\/\\\/www.facebook.com\\\/tablaosflamencos\",\"https:\\\/\\\/x.com\\\/tablaosflamenco\",\"https:\\\/\\\/mastodon.social\\\/@tablaosflamencos\",\"https:\\\/\\\/www.instagram.com\\\/tablaosflamencos\",\"https:\\\/\\\/tiktok.com\\\/@tablaosflamencos\",\"https:\\\/\\\/www.linkedin.com\\\/company\\\/109408238\\\/\"],\"description\":\"Venta de entradas para espect\u00e1culos flamencos\",\"legalName\":\"Tablaos Flamencos\",\"foundingDate\":\"2015-01-01\",\"numberOfEmployees\":{\"@type\":\"QuantitativeValue\",\"minValue\":\"1\",\"maxValue\":\"10\"},\"address\":{\"@id\":\"https:\\\/\\\/www.tablaosflamencos.com\\\/it\\\/flamenco-stasera-siviglia-biennale-2026.html#local-main-place-address\"},\"geo\":{\"@type\":\"GeoCoordinates\",\"latitude\":\"37.3868072\",\"longitude\":\"-5.993280299999999\"},\"telephone\":[\"+34623787787\"],\"contactPoint\":{\"@type\":\"ContactPoint\",\"telephone\":\"+34623787787\",\"email\":\"info@tablaosflamencos.com\"},\"openingHoursSpecification\":{\"@type\":\"OpeningHoursSpecification\",\"dayOfWeek\":[\"Monday\",\"Tuesday\",\"Wednesday\",\"Thursday\",\"Friday\",\"Saturday\",\"Sunday\"],\"opens\":\"00:00\",\"closes\":\"23:59\"},\"email\":\"info@tablaosflamencos.com\",\"priceRange\":\"$$$\",\"currenciesAccepted\":\"\u20ac\"},{\"@type\":\"Person\",\"@id\":\"https:\\\/\\\/www.tablaosflamencos.com\\\/it#\\\/schema\\\/person\\\/e7a9ebe14eb75a52ceabfbffb3c54f5d\",\"name\":\"Miguel Ortiz\",\"description\":\"Miguel Ortiz es un empresario flamenco, con una s\u00f3lida trayectoria dentro del sector. Ha presidido entidades culturales vinculadas al flamenco y, cuenta con un amplio recorrido profesional en la gesti\u00f3n y promoci\u00f3n de espect\u00e1culos y tablaos flamencos. Su pasi\u00f3n por la historia y el arte flamenco se refleja en cada art\u00edculo, donde combina experiencia, criterio y un profundo respeto por la tradici\u00f3n.\",\"sameAs\":[\"https:\\\/\\\/www.tablaosflamencos.com\",\"https:\\\/\\\/www.instagra.com\\\/miguelortizfe\",\"https:\\\/\\\/www.linkedin.com\\\/in\\\/miguelortizf\\\/\"],\"birthDate\":\"1984-11-22\",\"gender\":\"hombre\",\"knowsLanguage\":[\"espa\u00f1ol\",\"ingl\u00e9s\"],\"jobTitle\":\"Empresario flamenco\"},{\"@type\":\"PostalAddress\",\"@id\":\"https:\\\/\\\/www.tablaosflamencos.com\\\/it\\\/flamenco-stasera-siviglia-biennale-2026.html#local-main-place-address\",\"streetAddress\":\"C\\\/ Alemanes, 19\",\"addressLocality\":\"Sevilla\",\"postalCode\":\"41004\",\"addressRegion\":\"Sevilla\",\"addressCountry\":\"ES\"},{\"@type\":\"ImageObject\",\"inLanguage\":\"it-IT\",\"@id\":\"https:\\\/\\\/www.tablaosflamencos.com\\\/it\\\/flamenco-stasera-siviglia-biennale-2026.html#local-main-organization-logo\",\"url\":\"https:\\\/\\\/www.tablaosflamencos.com\\\/wp-content\\\/uploads\\\/tablaos-flamencos-06-3.webp\",\"contentUrl\":\"https:\\\/\\\/www.tablaosflamencos.com\\\/wp-content\\\/uploads\\\/tablaos-flamencos-06-3.webp\",\"width\":600,\"height\":620,\"caption\":\"Tablaos Flamencos\"}]}<\/script>\n<meta name=\"geo.placename\" content=\"Sevilla\" \/>\n<meta name=\"geo.position\" content=\"37.3868072;-5.993280299999999\" \/>\n<meta name=\"geo.region\" content=\"Spagna\" \/>\n<!-- \/ Yoast SEO Premium plugin. -->","yoast_head_json":{"title":"Flamenco stasera a Siviglia durante la Biennale 2026","description":"Cerchi flamenco stasera a Siviglia durante la Biennale 2026? Consulta il programma ufficiale e prenota alternative nei tablaos del centro e di Triana.","robots":{"index":"index","follow":"follow","max-snippet":"max-snippet:-1","max-image-preview":"max-image-preview:large","max-video-preview":"max-video-preview:-1"},"canonical":"https:\/\/www.tablaosflamencos.com\/it\/flamenco-stasera-siviglia-biennale-2026.html","og_locale":"it_IT","og_type":"article","og_title":"Flamenco stasera a Siviglia durante la Biennale","og_description":"Cerchi flamenco stasera a Siviglia durante la Biennale 2026? Consulta il programma ufficiale e prenota alternative nei tablaos del centro e di Triana.","og_url":"https:\/\/www.tablaosflamencos.com\/it\/flamenco-stasera-siviglia-biennale-2026.html","og_site_name":"Tablaos Flamencos","article_publisher":"https:\/\/www.facebook.com\/tablaosflamencos","article_published_time":"2026-09-04T16:37:03+00:00","article_modified_time":"2026-09-04T22:10:38+00:00","og_image":[{"width":1672,"height":941,"url":"https:\/\/www.tablaosflamencos.com\/wp-content\/uploads\/flamenco-esta-noche-en-sevilla-durante-la-bienal-01.webp","type":"image\/webp"}],"author":"Miguel Ortiz","twitter_card":"summary_large_image","twitter_creator":"@tablaosflamenco","twitter_site":"@tablaosflamenco","twitter_misc":{"Scritto da":"Miguel Ortiz","Tempo di lettura stimato":"15 minuti"},"schema":{"@context":"https:\/\/schema.org","@graph":[{"@type":"Article","@id":"https:\/\/www.tablaosflamencos.com\/it\/flamenco-stasera-siviglia-biennale-2026.html#article","isPartOf":{"@id":"https:\/\/www.tablaosflamencos.com\/it\/flamenco-stasera-siviglia-biennale-2026.html"},"author":{"name":"Miguel Ortiz","@id":"https:\/\/www.tablaosflamencos.com\/it#\/schema\/person\/e7a9ebe14eb75a52ceabfbffb3c54f5d"},"headline":"Flamenco stasera a Siviglia durante la Biennale","datePublished":"2026-09-04T16:37:03+00:00","dateModified":"2026-09-04T22:10:38+00:00","mainEntityOfPage":{"@id":"https:\/\/www.tablaosflamencos.com\/it\/flamenco-stasera-siviglia-biennale-2026.html"},"wordCount":3009,"publisher":{"@id":"https:\/\/www.tablaosflamencos.com\/it#organization"},"image":{"@id":"https:\/\/www.tablaosflamencos.com\/it\/flamenco-stasera-siviglia-biennale-2026.html#primaryimage"},"thumbnailUrl":"https:\/\/www.tablaosflamencos.com\/wp-content\/uploads\/flamenco-esta-noche-en-sevilla-durante-la-bienal-01.webp","keywords":["agenda flamenca","Bienal 2026","Bienal de Flamenco","festivales flamencos","flamenco en Sevilla","sevilla","tablaos de Sevilla"],"articleSection":["Biennale di Flamenco"],"inLanguage":"it-IT"},{"@type":"WebPage","@id":"https:\/\/www.tablaosflamencos.com\/it\/flamenco-stasera-siviglia-biennale-2026.html","url":"https:\/\/www.tablaosflamencos.com\/it\/flamenco-stasera-siviglia-biennale-2026.html","name":"Flamenco stasera a Siviglia durante la Biennale 2026","isPartOf":{"@id":"https:\/\/www.tablaosflamencos.com\/it#website"},"primaryImageOfPage":{"@id":"https:\/\/www.tablaosflamencos.com\/it\/flamenco-stasera-siviglia-biennale-2026.html#primaryimage"},"image":{"@id":"https:\/\/www.tablaosflamencos.com\/it\/flamenco-stasera-siviglia-biennale-2026.html#primaryimage"},"thumbnailUrl":"https:\/\/www.tablaosflamencos.com\/wp-content\/uploads\/flamenco-esta-noche-en-sevilla-durante-la-bienal-01.webp","datePublished":"2026-09-04T16:37:03+00:00","dateModified":"2026-09-04T22:10:38+00:00","description":"Cerchi flamenco stasera a Siviglia durante la Biennale 2026? Consulta il programma ufficiale e prenota alternative nei tablaos del centro e di Triana.","breadcrumb":{"@id":"https:\/\/www.tablaosflamencos.com\/it\/flamenco-stasera-siviglia-biennale-2026.html#breadcrumb"},"inLanguage":"it-IT","potentialAction":[{"@type":"ReadAction","target":["https:\/\/www.tablaosflamencos.com\/it\/flamenco-stasera-siviglia-biennale-2026.html"]}]},{"@type":"ImageObject","inLanguage":"it-IT","@id":"https:\/\/www.tablaosflamencos.com\/it\/flamenco-stasera-siviglia-biennale-2026.html#primaryimage","url":"https:\/\/www.tablaosflamencos.com\/wp-content\/uploads\/flamenco-esta-noche-en-sevilla-durante-la-bienal-01.webp","contentUrl":"https:\/\/www.tablaosflamencos.com\/wp-content\/uploads\/flamenco-esta-noche-en-sevilla-durante-la-bienal-01.webp","width":1672,"height":941,"caption":"Flamenco esta noche en Sevilla durante la Bienal"},{"@type":"BreadcrumbList","@id":"https:\/\/www.tablaosflamencos.com\/it\/flamenco-stasera-siviglia-biennale-2026.html#breadcrumb","itemListElement":[{"@type":"ListItem","position":1,"name":"Home","item":"https:\/\/www.tablaosflamencos.com\/it"},{"@type":"ListItem","position":2,"name":"Flamenco stasera a Siviglia durante la Biennale"}]},{"@type":"WebSite","@id":"https:\/\/www.tablaosflamencos.com\/it#website","url":"https:\/\/www.tablaosflamencos.com\/it","name":"Tablaos Flamencos","description":"Entradas para tablaos flamencos de Espa\u00f1a","publisher":{"@id":"https:\/\/www.tablaosflamencos.com\/it#organization"},"alternateName":"Tablaos Flamencos","potentialAction":[{"@type":"SearchAction","target":{"@type":"EntryPoint","urlTemplate":"https:\/\/www.tablaosflamencos.com\/it?s={search_term_string}"},"query-input":{"@type":"PropertyValueSpecification","valueRequired":true,"valueName":"search_term_string"}}],"inLanguage":"it-IT"},{"@type":["Organization","Place","EntertainmentBusiness"],"@id":"https:\/\/www.tablaosflamencos.com\/it#organization","name":"Tablaos Flamencos","alternateName":"Tablaos Flamencos","url":"https:\/\/www.tablaosflamencos.com\/it","logo":{"@id":"https:\/\/www.tablaosflamencos.com\/it\/flamenco-stasera-siviglia-biennale-2026.html#local-main-organization-logo"},"image":{"@id":"https:\/\/www.tablaosflamencos.com\/it\/flamenco-stasera-siviglia-biennale-2026.html#local-main-organization-logo"},"sameAs":["https:\/\/www.facebook.com\/tablaosflamencos","https:\/\/x.com\/tablaosflamenco","https:\/\/mastodon.social\/@tablaosflamencos","https:\/\/www.instagram.com\/tablaosflamencos","https:\/\/tiktok.com\/@tablaosflamencos","https:\/\/www.linkedin.com\/company\/109408238\/"],"description":"Venta de entradas para espect\u00e1culos flamencos","legalName":"Tablaos Flamencos","foundingDate":"2015-01-01","numberOfEmployees":{"@type":"QuantitativeValue","minValue":"1","maxValue":"10"},"address":{"@id":"https:\/\/www.tablaosflamencos.com\/it\/flamenco-stasera-siviglia-biennale-2026.html#local-main-place-address"},"geo":{"@type":"GeoCoordinates","latitude":"37.3868072","longitude":"-5.993280299999999"},"telephone":["+34623787787"],"contactPoint":{"@type":"ContactPoint","telephone":"+34623787787","email":"info@tablaosflamencos.com"},"openingHoursSpecification":{"@type":"OpeningHoursSpecification","dayOfWeek":["Monday","Tuesday","Wednesday","Thursday","Friday","Saturday","Sunday"],"opens":"00:00","closes":"23:59"},"email":"info@tablaosflamencos.com","priceRange":"$$$","currenciesAccepted":"\u20ac"},{"@type":"Person","@id":"https:\/\/www.tablaosflamencos.com\/it#\/schema\/person\/e7a9ebe14eb75a52ceabfbffb3c54f5d","name":"Miguel Ortiz","description":"Miguel Ortiz es un empresario flamenco, con una s\u00f3lida trayectoria dentro del sector. Ha presidido entidades culturales vinculadas al flamenco y, cuenta con un amplio recorrido profesional en la gesti\u00f3n y promoci\u00f3n de espect\u00e1culos y tablaos flamencos. Su pasi\u00f3n por la historia y el arte flamenco se refleja en cada art\u00edculo, donde combina experiencia, criterio y un profundo respeto por la tradici\u00f3n.","sameAs":["https:\/\/www.tablaosflamencos.com","https:\/\/www.instagra.com\/miguelortizfe","https:\/\/www.linkedin.com\/in\/miguelortizf\/"],"birthDate":"1984-11-22","gender":"hombre","knowsLanguage":["espa\u00f1ol","ingl\u00e9s"],"jobTitle":"Empresario flamenco"},{"@type":"PostalAddress","@id":"https:\/\/www.tablaosflamencos.com\/it\/flamenco-stasera-siviglia-biennale-2026.html#local-main-place-address","streetAddress":"C\/ Alemanes, 19","addressLocality":"Sevilla","postalCode":"41004","addressRegion":"Sevilla","addressCountry":"ES"},{"@type":"ImageObject","inLanguage":"it-IT","@id":"https:\/\/www.tablaosflamencos.com\/it\/flamenco-stasera-siviglia-biennale-2026.html#local-main-organization-logo","url":"https:\/\/www.tablaosflamencos.com\/wp-content\/uploads\/tablaos-flamencos-06-3.webp","contentUrl":"https:\/\/www.tablaosflamencos.com\/wp-content\/uploads\/tablaos-flamencos-06-3.webp","width":600,"height":620,"caption":"Tablaos Flamencos"}]},"geo.placename":"Sevilla","geo.position":{"lat":"37.3868072","long":"-5.993280299999999"},"geo.region":"Spagna"},"_links":{"self":[{"href":"https:\/\/www.tablaosflamencos.com\/it\/wp-json\/wp\/v2\/posts\/14519","targetHints":{"allow":["GET"]}}],"collection":[{"href":"https:\/\/www.tablaosflamencos.com\/it\/wp-json\/wp\/v2\/posts"}],"about":[{"href":"https:\/\/www.tablaosflamencos.com\/it\/wp-json\/wp\/v2\/types\/post"}],"author":[{"embeddable":true,"href":"https:\/\/www.tablaosflamencos.com\/it\/wp-json\/wp\/v2\/users\/1"}],"replies":[{"embeddable":true,"href":"https:\/\/www.tablaosflamencos.com\/it\/wp-json\/wp\/v2\/comments?post=14519"}],"version-history":[{"count":8,"href":"https:\/\/www.tablaosflamencos.com\/it\/wp-json\/wp\/v2\/posts\/14519\/revisions"}],"predecessor-version":[{"id":14618,"href":"https:\/\/www.tablaosflamencos.com\/it\/wp-json\/wp\/v2\/posts\/14519\/revisions\/14618"}],"wp:featuredmedia":[{"embeddable":true,"href":"https:\/\/www.tablaosflamencos.com\/it\/wp-json\/wp\/v2\/media\/14496"}],"wp:attachment":[{"href":"https:\/\/www.tablaosflamencos.com\/it\/wp-json\/wp\/v2\/media?parent=14519"}],"wp:term":[{"taxonomy":"category","embeddable":true,"href":"https:\/\/www.tablaosflamencos.com\/it\/wp-json\/wp\/v2\/categories?post=14519"},{"taxonomy":"post_tag","embeddable":true,"href":"https:\/\/www.tablaosflamencos.com\/it\/wp-json\/wp\/v2\/tags?post=14519"}],"curies":[{"name":"wp","href":"https:\/\/api.w.org\/{rel}","templated":true}]}}