{"id":14501,"date":"2026-09-04T17:20:37","date_gmt":"2026-09-04T15:20:37","guid":{"rendered":"https:\/\/www.tablaosflamencos.com\/?p=14501"},"modified":"2026-09-04T19:09:28","modified_gmt":"2026-09-04T17:09:28","slug":"baraka-sala-flamenca-flamenco-intimo-calle-pureza","status":"publish","type":"post","link":"https:\/\/www.tablaosflamencos.com\/it\/baraka-sala-flamenca-flamenco-intimo-calle-pureza.html","title":{"rendered":"Baraka Sala Flamenca: flamenco intimo in calle Pureza"},"content":{"rendered":"<section class=\"l-section wpb_row height_huge\"><div class=\"l-section-h i-cf\"><div class=\"g-cols vc_row via_flex valign_top type_default stacking_default\"><div class=\"vc_col-sm-6 wpb_column vc_column_container\"><div class=\"vc_column-inner\"><div class=\"wpb_wrapper\"><div class=\"wpb_text_column\"><div class=\"wpb_wrapper\"><h2>Baraka Sala Flamenca, un tablao per vivere il flamenco da vicino<\/h2>\n<p>In una citt\u00e0 con proposte di flamenco molto diverse, <strong>Baraka Sala Flamenca<\/strong> occupa una posizione facile da riconoscere: una sala dalla capienza ridotta, situata in calle Pureza a Triana, dove il pubblico \u00e8 molto vicino al canto, alla chitarra e al ballo. Non cerca le dimensioni di un grande teatro n\u00e9 accompagna lo spettacolo con una cena. La proposta si concentra sull\u2019essenziale: quattro artisti, un\u2019ora di spettacolo e una bevanda inclusa.<\/p>\n<p>La funzione si svolge nella sala flamenca Lola de los Reyes, uno spazio dall\u2019estetica andalusa con 48 posti. Questa dimensione determina gran parte dell\u2019esperienza. Da quasi ogni punto si percepiscono il colpo del tacco, il respiro del canto, le falsetas della chitarra, le palmas e gli sguardi con cui il cuadro si coordina dal vivo.<\/p>\n<p>Per chi desidera vedere il flamenco durante una visita a Triana, Baraka permette di unire lo spettacolo a una passeggiata per l\u2019Altozano, calle Betis, i dintorni di Santa Ana e la stessa calle Pureza. La posizione offre il contesto; la vicinanza al palco fa il resto.<\/p>\n<\/div><\/div><\/div><\/div><\/div><div class=\"vc_col-sm-6 wpb_column vc_column_container\"><div class=\"vc_column-inner\"><div class=\"wpb_wrapper\"><div class=\"w-image has_ratio align_center\"><div class=\"w-image-h\"><div style=\"padding-bottom:75%\"><\/div><img fetchpriority=\"high\" decoding=\"async\" width=\"600\" height=\"400\" src=\"https:\/\/www.tablaosflamencos.com\/wp-content\/uploads\/baraka-sala-flamenca-01-1-600x400.webp\" class=\"attachment-us_600_600 size-us_600_600\" alt=\"Baraka Sala Flamenca - Baraka Flamenco show | Tablaos Flamencos\" loading=\"eager\" \/><\/div><\/div><div class=\"wpb_text_column\"><div class=\"wpb_wrapper\"><p style=\"text-align: center;\"><em>La capienza ridotta consente di seguire da vicino il dialogo tra canto, chitarra e ballo.<\/em><\/p>\n<\/div><\/div><\/div><\/div><\/div><\/div><\/div><\/section><section class=\"l-section wpb_row height_huge with_shape\"><div class=\"l-section-overlay\" style=\"background:#f5f5f5\"><\/div><div class=\"l-section-shape type_zigzag pos_top\" style=\"height:3vmin;\"><svg xmlns=\"http:\/\/www.w3.org\/2000\/svg\" viewBox=\"0 0 64 8\" preserveAspectRatio=\"none\" width=\"100%\" height=\"100%\">\r\n\t<path fill=\"currentColor\" d=\"M64 8 L0 8 L0 0 L20 7.9 L40 3 L48 5 L64 0 Z\"\/>\r\n<\/svg><\/div><div class=\"l-section-shape type_zigzag pos_bottom\" style=\"height:3vmin;\"><svg xmlns=\"http:\/\/www.w3.org\/2000\/svg\" viewBox=\"0 0 64 8\" preserveAspectRatio=\"none\" width=\"100%\" height=\"100%\">\r\n\t<path fill=\"currentColor\" d=\"M64 8 L0 8 L0 0 L20 7.9 L40 3 L48 5 L64 0 Z\"\/>\r\n<\/svg><\/div><div class=\"l-section-h i-cf\"><div class=\"g-cols vc_row via_flex valign_top type_default stacking_default\"><div class=\"vc_col-sm-12 wpb_column vc_column_container\"><div class=\"vc_column-inner\"><div class=\"wpb_wrapper\"><div class=\"wpb_text_column\"><div class=\"wpb_wrapper\"><blockquote>\n<p style=\"margin: 0;\"><strong>Risposta rapida:<\/strong> Baraka Sala Flamenca \u00e8 un tablao intimo situato in calle Pureza 107, a Triana. Lo spettacolo dura circa un\u2019ora e riunisce quattro artisti \u2014 canto, chitarra, ballerino e ballerina \u2014 nella sala Lola de los Reyes, con una capienza di 48 persone. Il biglietto include una bevanda ma non la cena. Sessioni e prezzi possono variare in base alla data, quindi \u00e8 consigliabile verificare la disponibilit\u00e0 e prenotare in anticipo.<\/p>\n<\/blockquote>\n<\/div><\/div><div class=\"w-separator size_medium\"><\/div><div class=\"w-hwrapper valign_top wrap stack_on_mobiles align_center\" style=\"--hwrapper-gap:1.2rem\"><div class=\"w-btn-wrapper align_none\"><a class=\"w-btn us-btn-style_1\" href=\"https:\/\/www.tablaosflamencos.com\/it\/tablao\/baraka-sala-flamenca\"><span class=\"w-btn-label\">Vedi la disponibilit\u00e0 di Baraka<\/span><\/a><\/div><div class=\"w-btn-wrapper align_none\"><a class=\"w-btn us-btn-style_1\" href=\"https:\/\/www.tablaosflamencos.com\/it\/flamenco-a-triana\"><span class=\"w-btn-label\">Vedi il flamenco a Triana<\/span><\/a><\/div><\/div><\/div><\/div><\/div><\/div><\/div><\/section><section class=\"l-section wpb_row height_huge\"><div class=\"l-section-h i-cf\"><div class=\"g-cols vc_row via_flex valign_top type_default stacking_default\"><div class=\"vc_col-sm-3 wpb_column vc_column_container\"><div class=\"vc_column-inner\"><div class=\"wpb_wrapper\"><\/div><\/div><\/div><div class=\"vc_col-sm-6 wpb_column vc_column_container\"><div class=\"vc_column-inner\"><div class=\"wpb_wrapper\"><div class=\"wpb_text_column\"><div class=\"wpb_wrapper\"><h2>Contenuto di questa guida<\/h2>\n<ul>\n<li><a href=\"#sala-intima\">Cosa significa vedere il flamenco in una sala intima<\/a><\/li>\n<li><a href=\"#espectaculo\">Com\u2019\u00e8 lo spettacolo di Baraka<\/a><\/li>\n<li><a href=\"#calle-pureza\">L\u2019esperienza di arrivare attraverso calle Pureza<\/a><\/li>\n<li><a href=\"#informacion-practica\">Durata, biglietto, bevanda e orari<\/a><\/li>\n<li><a href=\"#para-quien\">Per chi \u00e8 una buona scelta<\/a><\/li>\n<li><a href=\"#primera-vez\">Cosa aspettarsi se \u00e8 la prima volta<\/a><\/li>\n<li><a href=\"#plan-triana\">Come completare il programma a Triana<\/a><\/li>\n<li><a href=\"#reservar\">Perch\u00e9 conviene prenotare prima<\/a><\/li>\n<li><a href=\"#faq\">Domande frequenti<\/a><\/li>\n<\/ul>\n<\/div><\/div><\/div><\/div><\/div><div class=\"vc_col-sm-3 wpb_column vc_column_container\"><div class=\"vc_column-inner\"><div class=\"wpb_wrapper\"><\/div><\/div><\/div><\/div><\/div><\/section><section class=\"l-section wpb_row height_huge with_shape\"><div class=\"l-section-overlay\" style=\"background:#f5f5f5\"><\/div><div class=\"l-section-shape type_zigzag pos_top\" style=\"height:3vmin;\"><svg xmlns=\"http:\/\/www.w3.org\/2000\/svg\" viewBox=\"0 0 64 8\" preserveAspectRatio=\"none\" width=\"100%\" height=\"100%\">\r\n\t<path fill=\"currentColor\" d=\"M64 8 L0 8 L0 0 L20 7.9 L40 3 L48 5 L64 0 Z\"\/>\r\n<\/svg><\/div><div class=\"l-section-shape type_zigzag pos_bottom\" style=\"height:3vmin;\"><svg xmlns=\"http:\/\/www.w3.org\/2000\/svg\" viewBox=\"0 0 64 8\" preserveAspectRatio=\"none\" width=\"100%\" height=\"100%\">\r\n\t<path fill=\"currentColor\" d=\"M64 8 L0 8 L0 0 L20 7.9 L40 3 L48 5 L64 0 Z\"\/>\r\n<\/svg><\/div><div class=\"l-section-h i-cf\"><div class=\"g-cols vc_row via_flex valign_top type_default stacking_default\"><div class=\"vc_col-sm-6 wpb_column vc_column_container\"><div class=\"vc_column-inner\"><div class=\"wpb_wrapper\"><div class=\"wpb_text_column\"><div class=\"wpb_wrapper\"><h2 id=\"sala-intima\">Cosa significa vedere il flamenco in una sala intima<\/h2>\n<p>La parola \u00abintimo\u00bb viene spesso usata per descrivere spettacoli piccoli, ma a Baraka ha una conseguenza concreta: la capienza \u00e8 di 48 persone. Non c\u2019\u00e8 una grande distanza tra il palco e il pubblico, cos\u00ec la rappresentazione viene percepita come un incontro ravvicinato e non come un\u2019immagine osservata da lontano.<\/p>\n<p>Nel flamenco, questa vicinanza permette di scoprire elementi che possono passare inosservati in uno spazio pi\u00f9 grande. Si sente come la chitarra accompagna il canto, come le palmas sostengono il comp\u00e1s e come il ballo risponde a una chiamata o cambia intensit\u00e0. Si osservano anche i gesti con cui gli artisti si cedono lo spazio, si incoraggiano o preparano una chiusura.<\/p>\n<p>La vicinanza non significa che lo spettacolo sia improvvisato dall\u2019inizio alla fine. Esiste una struttura professionale, ma al suo interno canto, chitarra e ballo devono ascoltarsi a vicenda. Ogni sessione ha sfumature proprie perch\u00e9 il flamenco sul palco vive di questa relazione diretta.<\/p>\n<\/div><\/div><\/div><\/div><\/div><div class=\"vc_col-sm-6 wpb_column vc_column_container\"><div class=\"vc_column-inner\"><div class=\"wpb_wrapper\"><div class=\"wpb_text_column\"><div class=\"wpb_wrapper\"><h3>Un\u2019esperienza concentrata sul palco<\/h3>\n<p>Baraka non offre la cena: la formula disponibile \u00e8 incentrata sullo spettacolo e include una bevanda. Questo aiuta a rendere il palco il vero protagonista durante l\u2019ora della funzione. Chi desidera cenare pu\u00f2 farlo prima o dopo a Triana, senza trasformare la gastronomia in una parte obbligatoria del biglietto.<\/p>\n<p>Lo spazio dall\u2019estetica andalusa contribuisce all\u2019atmosfera, ma non sostituisce il contenuto artistico. Il motivo principale per scegliere la sala \u00e8 poter osservare da vicino un cuadro flamenco formato da quattro interpreti e seguire la relazione tra le loro discipline.<\/p>\n<p>Questo formato \u00e8 particolarmente adatto a chi apprezza la concentrazione, preferisce un locale raccolto o vuole che il primo contatto con il flamenco sia diretto e facile da seguire. Non serve conoscere i palos n\u00e9 capire tutte le parole: basta prestare attenzione al ritmo, ai silenzi, ai cambi di energia e alla comunicazione sul palco.<\/p>\n<\/div><\/div><\/div><\/div><\/div><\/div><\/div><\/section><section class=\"l-section wpb_row height_huge\"><div class=\"l-section-h i-cf\"><div class=\"g-cols vc_row via_flex valign_top type_default stacking_default\"><div class=\"vc_col-sm-6 wpb_column vc_column_container\"><div class=\"vc_column-inner\"><div class=\"wpb_wrapper\"><div class=\"wpb_text_column\"><div class=\"wpb_wrapper\"><h2 id=\"espectaculo\">Com\u2019\u00e8 lo spettacolo di Baraka Sala Flamenca<\/h2>\n<p>La formazione abituale riunisce <strong>quattro artisti: una voce al canto, un chitarrista, un ballerino e una ballerina<\/strong>. \u00c8 un cuadro compatto ma abbastanza completo da mostrare i pilastri di un tablao tradizionale.<\/p>\n<p>Il canto non funziona come una colonna sonora: definisce il carattere di ogni momento e dialoga con la chitarra. La chitarra accompagna, sostiene e apre spazi propri attraverso le falsetas. Il ballo trasforma il comp\u00e1s in movimento e percussione, mentre le palmas e gli incitamenti integrano l\u2019insieme.<\/p>\n<p>La presenza di un ballerino e di una ballerina non va intesa come due numeri separati e identici. Ogni interprete porta il proprio linguaggio, il proprio modo di occupare il palco e il proprio rapporto con i musicisti. A seconda della sessione, ordine, sfumature e intensit\u00e0 possono variare. Questa variazione fa parte della natura viva del tablao.<\/p>\n<\/div><\/div><\/div><\/div><\/div><div class=\"vc_col-sm-6 wpb_column vc_column_container\"><div class=\"vc_column-inner\"><div class=\"wpb_wrapper\"><div class=\"wpb_text_column\"><div class=\"wpb_wrapper\"><h3>Un\u2019ora con un ritmo proprio<\/h3>\n<p>La durata approssimativa \u00e8 di 60 minuti. \u00c8 un formato comodo da inserire in un pomeriggio o in una serata a Siviglia, ma abbastanza lungo da permettere allo spettacolo di sviluppare contrasti: momenti di ascolto, assoli, ballo, cambi di comp\u00e1s e chiusure pi\u00f9 intense.<\/p>\n<p>Un\u2019ora di flamenco non equivale a una successione continua di taconeo. Il canto e la chitarra hanno bisogno dei propri spazi, e anche i silenzi hanno peso. Se \u00e8 la prima volta, non aspettarti che tutto lo spettacolo mantenga la stessa velocit\u00e0. L\u2019emozione nasce proprio dal contrasto tra contenimento ed esplosione.<\/p>\n<p>La sala permette di vedere i dettagli tecnici senza perdere la sensazione dell\u2019insieme. Questo \u00e8 uno dei grandi vantaggi di Baraka: il formato non obbliga a scegliere tra osservare i piedi o seguire i musicisti. La vicinanza aiuta a capire come ogni parte sostenga le altre.<\/p>\n<\/div><\/div><\/div><\/div><\/div><\/div><\/div><\/section><section class=\"l-section wpb_row height_huge with_shape\"><div class=\"l-section-overlay\" style=\"background:#f5f5f5\"><\/div><div class=\"l-section-shape type_zigzag pos_top\" style=\"height:3vmin;\"><svg xmlns=\"http:\/\/www.w3.org\/2000\/svg\" viewBox=\"0 0 64 8\" preserveAspectRatio=\"none\" width=\"100%\" height=\"100%\">\r\n\t<path fill=\"currentColor\" d=\"M64 8 L0 8 L0 0 L20 7.9 L40 3 L48 5 L64 0 Z\"\/>\r\n<\/svg><\/div><div class=\"l-section-shape type_zigzag pos_bottom\" style=\"height:3vmin;\"><svg xmlns=\"http:\/\/www.w3.org\/2000\/svg\" viewBox=\"0 0 64 8\" preserveAspectRatio=\"none\" width=\"100%\" height=\"100%\">\r\n\t<path fill=\"currentColor\" d=\"M64 8 L0 8 L0 0 L20 7.9 L40 3 L48 5 L64 0 Z\"\/>\r\n<\/svg><\/div><div class=\"l-section-h i-cf\"><div class=\"g-cols vc_row via_flex valign_top type_default stacking_default\"><div class=\"vc_col-sm-6 wpb_column vc_column_container\"><div class=\"vc_column-inner\"><div class=\"wpb_wrapper\"><div class=\"wpb_text_column\"><div class=\"wpb_wrapper\"><h2 id=\"calle-pureza\">L\u2019esperienza di arrivare attraverso calle Pureza<\/h2>\n<p>Baraka si trova al numero 107 di calle Pureza, una delle strade pi\u00f9 riconoscibili di Triana. La posizione consente di arrivare a piedi dal ponte di Isabel II e di trasformare il tragitto in parte del programma. Dall\u2019Altozano, il percorso entra nel quartiere, vicino alla Real Parroquia de Se\u00f1ora Santa Ana e a poca distanza da calle Betis e dal Guadalquivir.<\/p>\n<p>Essere a Triana non rende automaticamente autentico qualsiasi spettacolo. La qualit\u00e0 dipende dagli artisti, dal comp\u00e1s, dalla musica dal vivo e dal rispetto per il palco. Il quartiere offre per\u00f2 un contesto culturale e storico che arricchisce la visita quando viene percorso con attenzione, senza ridurlo a una scenografia.<\/p>\n<\/div><\/div><\/div><\/div><\/div><div class=\"vc_col-sm-6 wpb_column vc_column_container\"><div class=\"vc_column-inner\"><div class=\"wpb_wrapper\"><div class=\"wpb_text_column\"><div class=\"wpb_wrapper\"><h3>Una posizione pratica per organizzare la serata<\/h3>\n<p>L\u2019indirizzo \u00e8 comodo sia per chi alloggia a Triana sia per chi arriva dal centro storico. Attraversare il ponte a piedi permette di collegare il tablao con Plaza Nueva, l\u2019Arenal e la zona della Cattedrale senza dipendere necessariamente da un veicolo.<\/p>\n<p>Se vuoi conoscere altre proposte vicine o confrontare i formati, consulta la nostra pagina sul <a href=\"https:\/\/www.tablaosflamencos.com\/flamenco-en-triana\"><strong>flamenco a Triana<\/strong><\/a>. Per ampliare la ricerca a tutta la citt\u00e0, la nostra guida agli <a href=\"https:\/\/www.tablaosflamencos.com\/flamenco-en-sevilla\"><strong>spettacoli di flamenco a Siviglia<\/strong><\/a> riunisce le opzioni disponibili per zona e formula.<\/p>\n<p>Calcola la passeggiata con un certo margine. Arrivare per tempo evita di entrare di fretta, permette di riconoscere l\u2019ingresso e rende pi\u00f9 facile accomodarsi prima dell\u2019inizio.<\/p>\n<\/div><\/div><\/div><\/div><\/div><\/div><\/div><\/section><section class=\"l-section wpb_row height_huge\"><div class=\"l-section-h i-cf\"><div class=\"g-cols vc_row via_flex valign_top type_default stacking_default\"><div class=\"vc_col-sm-6 wpb_column vc_column_container\"><div class=\"vc_column-inner\"><div class=\"wpb_wrapper\"><div class=\"wpb_text_column\"><div class=\"wpb_wrapper\"><h2 id=\"informacion-practica\">Informazioni pratiche prima di prenotare<\/h2>\n<ul>\n<li><strong>Indirizzo:<\/strong> calle Pureza 107, 41010 Siviglia.<\/li>\n<li><strong>Quartiere:<\/strong> Triana.<\/li>\n<li><strong>Sala:<\/strong> Lola de los Reyes.<\/li>\n<li><strong>Durata:<\/strong> circa 60 minuti.<\/li>\n<li><strong>Artisti:<\/strong> quattro interpreti: canto, chitarra, ballerino e ballerina.<\/li>\n<li><strong>Capienza:<\/strong> 48 persone.<\/li>\n<li><strong>Biglietto:<\/strong> spettacolo con una bevanda inclusa.<\/li>\n<li><strong>Cena:<\/strong> non inclusa; la sala serve bevande.<\/li>\n<li><strong>Accessibilit\u00e0:<\/strong> lo spazio \u00e8 indicato come accessibile.<\/li>\n<li><strong>Bambini:<\/strong> accesso dai 4 anni, sempre secondo le condizioni del biglietto scelto.<\/li>\n<\/ul>\n<\/div><\/div><\/div><\/div><\/div><div class=\"vc_col-sm-6 wpb_column vc_column_container\"><div class=\"vc_column-inner\"><div class=\"wpb_wrapper\"><div class=\"wpb_text_column\"><div class=\"wpb_wrapper\"><h3>Orari e prezzi<\/h3>\n<p>Baraka programma diverse sessioni e pu\u00f2 modificare gli orari in base al giorno e alla stagione. Per questo motivo, l\u2019informazione davvero utile \u00e8 quella mostrata selezionando una data concreta. La pagina di prenotazione indica le sessioni disponibili e il prezzo applicabile a ogni tipo di biglietto.<\/p>\n<p>Al momento della preparazione di questa guida, la pagina mostrava biglietti a partire da 22 euro e opzioni per et\u00e0 per bambini, adulti e persone con pi\u00f9 di 65 anni. Poich\u00e9 importi e sessioni possono cambiare, controlla il totale prima di completare l\u2019acquisto.<\/p>\n<p>Si consiglia di arrivare 15-20 minuti prima. Il biglietto viene inviato via e-mail dopo la prenotazione e pu\u00f2 essere mostrato dal telefono, senza stamparlo. Se hai un\u2019esigenza specifica di accessibilit\u00e0, \u00e8 consigliabile comunicarla durante la prenotazione.<\/p>\n<\/div><\/div><div class=\"w-separator size_medium\"><\/div><div class=\"w-btn-wrapper align_left\"><a class=\"w-btn us-btn-style_1 icon_atleft\" href=\"https:\/\/www.tablaosflamencos.com\/it\/tablao\/baraka-sala-flamenca\"><i class=\"fas fa-ticket-alt\"><\/i><span class=\"w-btn-label\">Consulta sessioni e prezzi<\/span><\/a><\/div><\/div><\/div><\/div><\/div><\/div><\/section><section class=\"l-section wpb_row height_huge with_shape\"><div class=\"l-section-overlay\" style=\"background:#f5f5f5\"><\/div><div class=\"l-section-shape type_zigzag pos_top\" style=\"height:3vmin;\"><svg xmlns=\"http:\/\/www.w3.org\/2000\/svg\" viewBox=\"0 0 64 8\" preserveAspectRatio=\"none\" width=\"100%\" height=\"100%\">\r\n\t<path fill=\"currentColor\" d=\"M64 8 L0 8 L0 0 L20 7.9 L40 3 L48 5 L64 0 Z\"\/>\r\n<\/svg><\/div><div class=\"l-section-shape type_zigzag pos_bottom\" style=\"height:3vmin;\"><svg xmlns=\"http:\/\/www.w3.org\/2000\/svg\" viewBox=\"0 0 64 8\" preserveAspectRatio=\"none\" width=\"100%\" height=\"100%\">\r\n\t<path fill=\"currentColor\" d=\"M64 8 L0 8 L0 0 L20 7.9 L40 3 L48 5 L64 0 Z\"\/>\r\n<\/svg><\/div><div class=\"l-section-h i-cf\"><div class=\"g-cols vc_row via_flex valign_top type_default stacking_default\"><div class=\"vc_col-sm-6 wpb_column vc_column_container\"><div class=\"vc_column-inner\"><div class=\"wpb_wrapper\"><div class=\"wpb_text_column\"><div class=\"wpb_wrapper\"><h2 id=\"para-quien\">Per chi \u00e8 una buona scelta<\/h2>\n<h3>Per chi cerca la vicinanza<\/h3>\n<p>La capienza ridotta \u00e8 la caratteristica pi\u00f9 evidente di Baraka. Se per te \u00e8 importante distinguere i gesti, il taconeo e la comunicazione del cuadro, il formato intimo offre un chiaro vantaggio.<\/p>\n<h3>Per una prima esperienza di flamenco<\/h3>\n<p>La durata di un\u2019ora e la combinazione di canto, chitarra e due profili di ballo permettono di conoscere gli elementi principali senza preparazione preliminare. \u00c8 un\u2019introduzione accessibile al linguaggio del tablao.<\/p>\n<h3>Per chi vuole conoscere Triana<\/h3>\n<p>Calle Pureza rende facile integrare lo spettacolo in un itinerario a piedi nel quartiere. Non \u00e8 necessario spostarsi poi in un\u2019altra zona per completare la serata.<\/p>\n<\/div><\/div><\/div><\/div><\/div><div class=\"vc_col-sm-6 wpb_column vc_column_container\"><div class=\"vc_column-inner\"><div class=\"wpb_wrapper\"><div class=\"wpb_text_column\"><div class=\"wpb_wrapper\"><h3>Per chi preferisce scegliere liberamente la cena<\/h3>\n<p>Il biglietto include una bevanda, non la cena. Questo offre la libert\u00e0 di scegliere ristorante, orario e budget prima o dopo lo spettacolo. Riduce anche i movimenti del servizio durante la funzione.<\/p>\n<h3>Per coppie, famiglie e piccoli gruppi<\/h3>\n<p>L\u2019atmosfera raccolta pu\u00f2 essere adatta a un\u2019uscita di coppia, a una visita in famiglia con bambini dall\u2019et\u00e0 consentita o a un gruppo che desidera condividere l\u2019esperienza senza perdere la vicinanza.<\/p>\n<h3>Per viaggiatori con un programma serrato<\/h3>\n<p>La durata definita rende facile combinare la funzione con altri programmi. Tuttavia, non conviene inserirla tra attivit\u00e0 senza margine: riserva tempo per arrivare, entrare con calma e uscire senza fretta.<\/p>\n<\/div><\/div><\/div><\/div><\/div><\/div><\/div><\/section><section class=\"l-section wpb_row height_huge\"><div class=\"l-section-h i-cf\"><div class=\"g-cols vc_row via_flex valign_top type_default stacking_default\"><div class=\"vc_col-sm-6 wpb_column vc_column_container\"><div class=\"vc_column-inner\"><div class=\"wpb_wrapper\"><div class=\"wpb_text_column\"><div class=\"wpb_wrapper\"><h2 id=\"primera-vez\">Cosa aspettarsi se \u00e8 la prima volta in un tablao<\/h2>\n<p>Non serve riconoscere una sole\u00e1, unas alegr\u00edas o una buler\u00eda per godersi lo spettacolo. Puoi osservare anzitutto il rapporto tra gli interpreti: chi d\u00e0 l\u2019inizio, come risponde la chitarra, quando entrano le palmas e in che modo il ballo utilizza gli accenti.<\/p>\n<p>Durante il canto, l\u2019atmosfera di solito diventa pi\u00f9 silenziosa. Nelle chiusure e nei momenti di ballo appare un\u2019energia pi\u00f9 visibile, con incitamenti e risposte del cuadro. Il pubblico pu\u00f2 esprimere emozione, ma \u00e8 meglio evitare conversazioni che competano con la musica.<\/p>\n<p>Fotografie e video dipendono dalle regole della sala. Se \u00e8 consentito scattare qualche immagine, fallo senza flash e senza tenere il telefono alzato a lungo. La vicinanza che rende speciale Baraka significa anche che ogni distrazione si nota di pi\u00f9.<\/p>\n<\/div><\/div><\/div><\/div><\/div><div class=\"vc_col-sm-6 wpb_column vc_column_container\"><div class=\"vc_column-inner\"><div class=\"wpb_wrapper\"><div class=\"wpb_text_column\"><div class=\"wpb_wrapper\"><h3>Autenticit\u00e0 senza stereotipi<\/h3>\n<p>Un tablao professionale pu\u00f2 accogliere visitatori di molti paesi e offrire flamenco autentico. La provenienza del pubblico non determina la qualit\u00e0. Ci\u00f2 che conta \u00e8 che canto, chitarra e ballo siano dal vivo, che gli artisti lavorino all\u2019interno del linguaggio flamenco e che la sala consenta di ascoltare la funzione.<\/p>\n<p>Non \u00e8 nemmeno necessario che tutto sembri spontaneo o informale. Puntualit\u00e0, illuminazione, prevendita e un\u2019organizzazione chiara non sottraggono verit\u00e0 allo spettacolo; creano le condizioni perch\u00e9 il cuadro possa concentrarsi.<\/p>\n<p>Se vuoi approfondire questi criteri prima di fare un confronto, consulta la nostra guida su <a href=\"https:\/\/www.tablaosflamencos.com\/donde-ver-flamenco-autentico-sevilla.html\"><strong>dove vedere flamenco autentico a Siviglia<\/strong><\/a>. Ti aiuter\u00e0 a distinguere la qualit\u00e0 artistica dalle etichette commerciali.<\/p>\n<\/div><\/div><\/div><\/div><\/div><\/div><\/div><\/section><section class=\"l-section wpb_row height_huge with_shape\"><div class=\"l-section-overlay\" style=\"background:#f5f5f5\"><\/div><div class=\"l-section-shape type_zigzag pos_top\" style=\"height:3vmin;\"><svg xmlns=\"http:\/\/www.w3.org\/2000\/svg\" viewBox=\"0 0 64 8\" preserveAspectRatio=\"none\" width=\"100%\" height=\"100%\">\r\n\t<path fill=\"currentColor\" d=\"M64 8 L0 8 L0 0 L20 7.9 L40 3 L48 5 L64 0 Z\"\/>\r\n<\/svg><\/div><div class=\"l-section-shape type_zigzag pos_bottom\" style=\"height:3vmin;\"><svg xmlns=\"http:\/\/www.w3.org\/2000\/svg\" viewBox=\"0 0 64 8\" preserveAspectRatio=\"none\" width=\"100%\" height=\"100%\">\r\n\t<path fill=\"currentColor\" d=\"M64 8 L0 8 L0 0 L20 7.9 L40 3 L48 5 L64 0 Z\"\/>\r\n<\/svg><\/div><div class=\"l-section-h i-cf\"><div class=\"g-cols vc_row via_flex valign_top type_default stacking_default\"><div class=\"vc_col-sm-6 wpb_column vc_column_container\"><div class=\"vc_column-inner\"><div class=\"wpb_wrapper\"><div class=\"wpb_text_column\"><div class=\"wpb_wrapper\"><h2 id=\"plan-triana\">Come completare il programma a Triana<\/h2>\n<p>Un modo semplice per organizzare la visita \u00e8 arrivare in anticipo all\u2019Altozano, passare dal Mercato di Triana e poi percorrere calle Pureza. Se preferisci contemplare il fiume, aggiungi un tratto di calle Betis prima di entrare allo spettacolo.<\/p>\n<p>La cena pu\u00f2 essere prima o dopo, a seconda della sessione scelta. Poich\u00e9 Baraka include una bevanda ma non il cibo, non dovrai adattare la tua scelta gastronomica a un menu fisso. Nei fine settimana, nei giorni festivi o nei periodi di alta domanda, prenota anche il ristorante se \u00e8 una parte importante del programma.<\/p>\n<p>Dopo la funzione, la passeggiata verso il ponte offre una piacevole transizione per tornare in centro. Se vuoi continuare la serata a Triana, controlla in anticipo gli orari delle cucine e dei trasporti, soprattutto per le sessioni tarde.<\/p>\n<\/div><\/div><\/div><\/div><\/div><div class=\"vc_col-sm-6 wpb_column vc_column_container\"><div class=\"vc_column-inner\"><div class=\"wpb_wrapper\"><div class=\"wpb_text_column\"><div class=\"wpb_wrapper\"><h3>Una proposta permanente, non solo per date speciali<\/h3>\n<p>Baraka pu\u00f2 inserirsi nella Vel\u00e1 de Santa Ana e in altre feste del quartiere, ma il suo interesse non dipende da un evento specifico. La sala mantiene una programmazione regolare durante tutto l\u2019anno ed \u00e8 un\u2019opzione stabile per chi cerca flamenco a Triana.<\/p>\n<p>Se visiti Siviglia a luglio, puoi ampliare il programma con la nostra guida sul <a href=\"https:\/\/www.tablaosflamencos.com\/flamenco-en-triana-vela-santa-ana.html\"><strong>flamenco a Triana durante la Vel\u00e1 de Santa Ana<\/strong><\/a>. Al di fuori di quelle date, calle Pureza conserva il suo fascino e lo spettacolo resta il centro dell\u2019esperienza.<\/p>\n<p>Il consiglio pratico \u00e8 scegliere prima la sessione, fissare l\u2019ora di arrivo e costruire attorno a essa la passeggiata e il pasto. Eviterai cos\u00ec che un\u2019attivit\u00e0 improvvisata ti faccia arrivare tardi in una sala con posti limitati.<\/p>\n<\/div><\/div><\/div><\/div><\/div><\/div><\/div><\/section><section class=\"l-section wpb_row height_huge\"><div class=\"l-section-h i-cf\"><div class=\"g-cols vc_row via_flex valign_top type_default stacking_default\"><div class=\"vc_col-sm-6 wpb_column vc_column_container\"><div class=\"vc_column-inner\"><div class=\"wpb_wrapper\"><div class=\"wpb_text_column\"><div class=\"wpb_wrapper\"><h2 id=\"reservar\">Perch\u00e9 conviene prenotare Baraka in anticipo<\/h2>\n<p>In una sala da 48 posti, la disponibilit\u00e0 pu\u00f2 ridursi rapidamente. Aspettare di acquistare all\u2019ingresso limita la scelta degli orari e non garantisce che restino biglietti per la sessione pi\u00f9 adatta al tuo itinerario.<\/p>\n<p>La prenotazione online permette di selezionare la data, controllare i tipi di biglietto e ricevere la conferma via e-mail. Tenere il biglietto sul telefono semplifica l\u2019accesso ed evita di dipendere da una biglietteria all\u2019ultimo momento.<\/p>\n<p>Prima di pagare, controlla la data, la sessione, il numero di partecipanti e la fascia d\u2019et\u00e0. Consulta anche le condizioni di vendita applicabili. Nella nostra pagina su <a href=\"https:\/\/www.tablaosflamencos.com\/como-reservar\"><strong>come prenotare<\/strong><\/a> spieghiamo il processo generale e cosa fare dopo aver ricevuto i biglietti.<\/p>\n<\/div><\/div><\/div><\/div><\/div><div class=\"vc_col-sm-6 wpb_column vc_column_container\"><div class=\"vc_column-inner\"><div class=\"wpb_wrapper\"><div class=\"wpb_text_column\"><div class=\"wpb_wrapper\"><h3>Il motivo migliore per scegliere Baraka<\/h3>\n<p>Baraka non ha bisogno di competere per dimensioni. Il suo valore sta proprio nella scala: un cuadro di quattro artisti davanti a un pubblico ridotto, in una sala dove la distanza fisica non attenua le sfumature.<\/p>\n<p>\u00c8 una proposta chiara per chi vuole dedicare un\u2019ora al flamenco senza cena obbligatoria, a Triana e con informazioni pratiche definite. La bevanda inclusa completa l\u2019accoglienza, ma lo spettacolo resta il centro della prenotazione.<\/p>\n<p>Se questa combinazione corrisponde a ci\u00f2 che cerchi, consulta la sessione per la tua data e prenota prima di organizzare il resto della serata. L\u2019intimit\u00e0 funziona meglio quando non dipende dal trovare un posto libero all\u2019ultimo momento.<\/p>\n<\/div><\/div><div class=\"w-separator size_medium\"><\/div><div class=\"w-btn-wrapper align_left\"><a class=\"w-btn us-btn-style_1 icon_atleft\" href=\"https:\/\/www.tablaosflamencos.com\/it\/tablao\/baraka-sala-flamenca\"><i class=\"fas fa-ticket-alt\"><\/i><span class=\"w-btn-label\">Prenota Baraka Sala Flamenca<\/span><\/a><\/div><\/div><\/div><\/div><\/div><\/div><\/section><section class=\"l-section wpb_row height_huge with_shape\"><div class=\"l-section-overlay\" style=\"background:#f5f5f5\"><\/div><div class=\"l-section-shape type_zigzag pos_top\" style=\"height:3vmin;\"><svg xmlns=\"http:\/\/www.w3.org\/2000\/svg\" viewBox=\"0 0 64 8\" preserveAspectRatio=\"none\" width=\"100%\" height=\"100%\">\r\n\t<path fill=\"currentColor\" d=\"M64 8 L0 8 L0 0 L20 7.9 L40 3 L48 5 L64 0 Z\"\/>\r\n<\/svg><\/div><div class=\"l-section-shape type_zigzag pos_bottom\" style=\"height:3vmin;\"><svg xmlns=\"http:\/\/www.w3.org\/2000\/svg\" viewBox=\"0 0 64 8\" preserveAspectRatio=\"none\" width=\"100%\" height=\"100%\">\r\n\t<path fill=\"currentColor\" d=\"M64 8 L0 8 L0 0 L20 7.9 L40 3 L48 5 L64 0 Z\"\/>\r\n<\/svg><\/div><div class=\"l-section-h i-cf\"><div class=\"g-cols vc_row via_flex valign_top type_default stacking_default\"><div class=\"vc_col-sm-12 wpb_column vc_column_container\"><div class=\"vc_column-inner\"><div class=\"wpb_wrapper\"><div class=\"wpb_text_column\"><div class=\"wpb_wrapper\"><h2 style=\"text-align: center;\">Il flamenco alla giusta distanza<\/h2>\n<p style=\"text-align: center;\">L\u2019esperienza di Baraka Sala Flamenca si comprende meglio attraverso la vicinanza. La capienza di 48 persone, la formazione di quattro artisti e l\u2019assenza di una cena durante la funzione dirigono l\u2019attenzione verso canto, chitarra e ballo. Calle Pureza e Triana offrono la cornice; il dialogo del cuadro offre il contenuto.<\/p>\n<p style=\"text-align: center;\">Consulta le sessioni disponibili per la tua data, arriva 15-20 minuti prima e organizza il resto della serata attorno allo spettacolo. Potrai cos\u00ec goderti il quartiere senza fretta ed entrare nella sala pronto ad ascoltare.<\/p>\n<\/div><\/div><div class=\"w-separator size_medium\"><\/div><div class=\"w-hwrapper valign_top wrap stack_on_mobiles align_center\" style=\"--hwrapper-gap:1.2rem\"><div class=\"w-btn-wrapper align_none\"><a class=\"w-btn us-btn-style_1\" href=\"https:\/\/www.tablaosflamencos.com\/it\/tablao\/baraka-sala-flamenca\"><span class=\"w-btn-label\">Vedi i biglietti per Baraka<\/span><\/a><\/div><div class=\"w-btn-wrapper align_none\"><a class=\"w-btn us-btn-style_1\" href=\"https:\/\/www.tablaosflamencos.com\/it\/flamenco-a-triana\"><span class=\"w-btn-label\">Confronta i tablaos a Triana<\/span><\/a><\/div><\/div><\/div><\/div><\/div><\/div><\/div><\/section><section class=\"l-section wpb_row height_huge\"><div class=\"l-section-h i-cf\"><div class=\"g-cols vc_row via_flex valign_top type_default stacking_default\"><div class=\"vc_col-sm-1\/5 wpb_column vc_column_container\"><div class=\"vc_column-inner\"><div class=\"wpb_wrapper\"><\/div><\/div><\/div><div class=\"vc_col-sm-3\/5 wpb_column vc_column_container\"><div class=\"vc_column-inner\"><div class=\"wpb_wrapper\"><div class=\"wpb_text_column\"><div class=\"wpb_wrapper\"><h2 id=\"faq\">Domande frequenti su Baraka Sala Flamenca<\/h2>\n<\/div><\/div><div class=\"w-separator size_medium\"><\/div><div class=\"w-tabs accordion toggle_style_1\" style=\"--sections-title-size:inherit;--sections-gap:0.5rem;\"><div class=\"w-tabs-sections titles-align_none icon_chevron cpos_right\"><div class=\"w-tabs-section\" id=\"baa2\" itemscope itemprop=\"mainEntity\" itemtype=\"https:\/\/schema.org\/Question\"><button type=\"button\" class=\"w-tabs-section-header\" aria-controls=\"content-baa2\" aria-expanded=\"false\"><div class=\"w-tabs-section-title\" itemprop=\"name\">Dove si trova Baraka Sala Flamenca?<\/div><div class=\"w-tabs-section-control\"><\/div><\/button><div  class=\"w-tabs-section-content\" id=\"content-baa2\" itemscope itemprop=\"acceptedAnswer\" itemtype=\"https:\/\/schema.org\/Answer\"><div class=\"w-tabs-section-content-h i-cf\" itemprop=\"text\"><div class=\"wpb_text_column\"><div class=\"wpb_wrapper\"><p>Baraka Sala Flamenca si trova in calle Pureza 107, nel quartiere di Triana a Siviglia. \u00c8 a poca distanza dall\u2019Altozano, da calle Betis, dal Guadalquivir e dalla parrocchia di Santa Ana.<\/p>\n<\/div><\/div><\/div><\/div><\/div><div class=\"w-tabs-section\" id=\"lc4b\" itemscope itemprop=\"mainEntity\" itemtype=\"https:\/\/schema.org\/Question\"><button type=\"button\" class=\"w-tabs-section-header\" aria-controls=\"content-lc4b\" aria-expanded=\"false\"><div class=\"w-tabs-section-title\" itemprop=\"name\">Quanto dura lo spettacolo di Baraka?<\/div><div class=\"w-tabs-section-control\"><\/div><\/button><div  class=\"w-tabs-section-content\" id=\"content-lc4b\" itemscope itemprop=\"acceptedAnswer\" itemtype=\"https:\/\/schema.org\/Answer\"><div class=\"w-tabs-section-content-h i-cf\" itemprop=\"text\"><div class=\"wpb_text_column\"><div class=\"wpb_wrapper\"><p>Lo spettacolo dura circa 60 minuti. \u00c8 consigliabile arrivare con 15-20 minuti di anticipo per entrare e accomodarsi con tranquillit\u00e0.<\/p>\n<\/div><\/div><\/div><\/div><\/div><div class=\"w-tabs-section\" id=\"ldd9\" itemscope itemprop=\"mainEntity\" itemtype=\"https:\/\/schema.org\/Question\"><button type=\"button\" class=\"w-tabs-section-header\" aria-controls=\"content-ldd9\" aria-expanded=\"false\"><div class=\"w-tabs-section-title\" itemprop=\"name\">Quanti artisti si esibiscono a Baraka Sala Flamenca?<\/div><div class=\"w-tabs-section-control\"><\/div><\/button><div  class=\"w-tabs-section-content\" id=\"content-ldd9\" itemscope itemprop=\"acceptedAnswer\" itemtype=\"https:\/\/schema.org\/Answer\"><div class=\"w-tabs-section-content-h i-cf\" itemprop=\"text\"><div class=\"wpb_text_column\"><div class=\"wpb_wrapper\"><p>La formazione abituale \u00e8 composta da quattro artisti: una voce al canto, un chitarrista, un ballerino e una ballerina. Il cuadro presenta canto, chitarra e ballo dal vivo.<\/p>\n<\/div><\/div><\/div><\/div><\/div><div class=\"w-tabs-section\" id=\"wf25\" itemscope itemprop=\"mainEntity\" itemtype=\"https:\/\/schema.org\/Question\"><button type=\"button\" class=\"w-tabs-section-header\" aria-controls=\"content-wf25\" aria-expanded=\"false\"><div class=\"w-tabs-section-title\" itemprop=\"name\">Cosa include il biglietto di Baraka?<\/div><div class=\"w-tabs-section-control\"><\/div><\/button><div  class=\"w-tabs-section-content\" id=\"content-wf25\" itemscope itemprop=\"acceptedAnswer\" itemtype=\"https:\/\/schema.org\/Answer\"><div class=\"w-tabs-section-content-h i-cf\" itemprop=\"text\"><div class=\"wpb_text_column\"><div class=\"wpb_wrapper\"><p>Il biglietto include lo spettacolo di flamenco e una bevanda. Le opzioni disponibili, i prezzi e gli orari devono essere verificati selezionando la data della prenotazione.<\/p>\n<\/div><\/div><\/div><\/div><\/div><div class=\"w-tabs-section\" id=\"i0b6\" itemscope itemprop=\"mainEntity\" itemtype=\"https:\/\/schema.org\/Question\"><button type=\"button\" class=\"w-tabs-section-header\" aria-controls=\"content-i0b6\" aria-expanded=\"false\"><div class=\"w-tabs-section-title\" itemprop=\"name\">\u00c8 possibile cenare durante lo spettacolo?<\/div><div class=\"w-tabs-section-control\"><\/div><\/button><div  class=\"w-tabs-section-content\" id=\"content-i0b6\" itemscope itemprop=\"acceptedAnswer\" itemtype=\"https:\/\/schema.org\/Answer\"><div class=\"w-tabs-section-content-h i-cf\" itemprop=\"text\"><div class=\"wpb_text_column\"><div class=\"wpb_wrapper\"><p>La cena non \u00e8 inclusa nel biglietto; la sala serve bevande. Puoi mangiare prima o dopo a Triana e dedicare l\u2019ora della funzione allo spettacolo.<\/p>\n<\/div><\/div><\/div><\/div><\/div><div class=\"w-tabs-section\" id=\"w246\" itemscope itemprop=\"mainEntity\" itemtype=\"https:\/\/schema.org\/Question\"><button type=\"button\" class=\"w-tabs-section-header\" aria-controls=\"content-w246\" aria-expanded=\"false\"><div class=\"w-tabs-section-title\" itemprop=\"name\">I bambini possono entrare a Baraka Sala Flamenca?<\/div><div class=\"w-tabs-section-control\"><\/div><\/button><div  class=\"w-tabs-section-content\" id=\"content-w246\" itemscope itemprop=\"acceptedAnswer\" itemtype=\"https:\/\/schema.org\/Answer\"><div class=\"w-tabs-section-content-h i-cf\" itemprop=\"text\"><div class=\"wpb_text_column\"><div class=\"wpb_wrapper\"><p>La pagina di prenotazione consente l\u2019ingresso ai bambini dai 4 anni e propone un biglietto infantile. I bambini devono essere accompagnati da un adulto ed \u00e8 opportuno verificare le condizioni della data scelta.<\/p>\n<\/div><\/div><\/div><\/div><\/div><div class=\"w-tabs-section\" id=\"e3d4\" itemscope itemprop=\"mainEntity\" itemtype=\"https:\/\/schema.org\/Question\"><button type=\"button\" class=\"w-tabs-section-header\" aria-controls=\"content-e3d4\" aria-expanded=\"false\"><div class=\"w-tabs-section-title\" itemprop=\"name\">Baraka Sala Flamenca \u00e8 accessibile?<\/div><div class=\"w-tabs-section-control\"><\/div><\/button><div  class=\"w-tabs-section-content\" id=\"content-e3d4\" itemscope itemprop=\"acceptedAnswer\" itemtype=\"https:\/\/schema.org\/Answer\"><div class=\"w-tabs-section-content-h i-cf\" itemprop=\"text\"><div class=\"wpb_text_column\"><div class=\"wpb_wrapper\"><p>La sala \u00e8 indicata come accessibile. Se hai bisogno di spazio per una sedia a rotelle o di un altro adattamento specifico, segnalalo durante la prenotazione affinch\u00e9 l\u2019accesso possa essere preparato correttamente.<\/p>\n<\/div><\/div><\/div><\/div><\/div><div class=\"w-tabs-section\" id=\"q543\" itemscope itemprop=\"mainEntity\" itemtype=\"https:\/\/schema.org\/Question\"><button type=\"button\" class=\"w-tabs-section-header\" aria-controls=\"content-q543\" aria-expanded=\"false\"><div class=\"w-tabs-section-title\" itemprop=\"name\">\u00c8 necessario prenotare in anticipo?<\/div><div class=\"w-tabs-section-control\"><\/div><\/button><div  class=\"w-tabs-section-content\" id=\"content-q543\" itemscope itemprop=\"acceptedAnswer\" itemtype=\"https:\/\/schema.org\/Answer\"><div class=\"w-tabs-section-content-h i-cf\" itemprop=\"text\"><div class=\"wpb_text_column\"><div class=\"wpb_wrapper\"><p>\u00c8 consigliabile. Baraka ha una capienza di 48 persone e alcune sessioni possono esaurirsi. Prenotando online puoi verificare la disponibilit\u00e0, scegliere la sessione e ricevere il biglietto sul telefono.<\/p>\n<\/div><\/div><\/div><\/div><\/div><\/div><\/div><\/div><\/div><\/div><div class=\"vc_col-sm-1\/5 wpb_column vc_column_container\"><div class=\"vc_column-inner\"><div class=\"wpb_wrapper\"><\/div><\/div><\/div><\/div><\/div><\/section>\n","protected":false},"excerpt":{"rendered":"<p>Scopri Baraka Sala Flamenca, un tablao raccolto in calle Pureza a Triana, con canto, chitarra, ballo dal vivo e una bevanda inclusa.<\/p>\n","protected":false},"author":1,"featured_media":11530,"comment_status":"closed","ping_status":"closed","sticky":false,"template":"","format":"standard","meta":{"_acf_changed":false,"wpai_generated_summary":"","_ayudawp_aiss_exclude":false,"_ayudawp_aiss_exclude_summary":false,"_ayudawp_aiss_summary":"","_ayudawp_aiss_summary_provider":"","_ayudawp_aiss_summary_hash":"","footnotes":""},"categories":[349],"tags":[1172,1175,1178],"class_list":["post-14501","post","type-post","status-publish","format-standard","has-post-thumbnail","hentry","category-tablaos-e-spettacoli-di-flamenco","tag-baraka-sala-flamenca","tag-calle-pureza","tag-flamenco-en-triana"],"acf":[],"yoast_head":"<!-- This site is optimized with the Yoast SEO Premium plugin v28.4 (Yoast SEO v28.4) - https:\/\/yoast.com\/product\/yoast-seo-premium-wordpress\/ -->\n<title>Baraka Sala Flamenca: flamenco intimo a Triana | Tablaos Flamencos<\/title>\n<meta name=\"description\" content=\"Scopri Baraka Sala Flamenca in calle Pureza: spettacolo intimo a Triana con quattro artisti, un\u2019ora di flamenco e una bevanda inclusa.\" \/>\n<meta name=\"robots\" content=\"index, follow, max-snippet:-1, max-image-preview:large, max-video-preview:-1\" \/>\n<link rel=\"canonical\" href=\"https:\/\/www.tablaosflamencos.com\/it\/baraka-sala-flamenca-flamenco-intimo-calle-pureza.html\" \/>\n<meta property=\"og:locale\" content=\"it_IT\" \/>\n<meta property=\"og:type\" content=\"article\" \/>\n<meta property=\"og:title\" content=\"Baraka Sala Flamenca: flamenco intimo in calle Pureza\" \/>\n<meta property=\"og:description\" content=\"Scopri Baraka Sala Flamenca in calle Pureza: spettacolo intimo a Triana con quattro artisti, un\u2019ora di flamenco e una bevanda inclusa.\" \/>\n<meta property=\"og:url\" content=\"https:\/\/www.tablaosflamencos.com\/it\/baraka-sala-flamenca-flamenco-intimo-calle-pureza.html\" \/>\n<meta property=\"og:site_name\" content=\"Tablaos Flamencos\" \/>\n<meta property=\"article:publisher\" content=\"https:\/\/www.facebook.com\/tablaosflamencos\" \/>\n<meta property=\"article:published_time\" content=\"2026-09-04T15:20:37+00:00\" \/>\n<meta property=\"article:modified_time\" content=\"2026-09-04T17:09:28+00:00\" \/>\n<meta property=\"og:image\" content=\"https:\/\/www.tablaosflamencos.com\/wp-content\/uploads\/baraka-sala-flamenca-01-2.webp\" \/>\n\t<meta property=\"og:image:width\" content=\"1920\" \/>\n\t<meta property=\"og:image:height\" content=\"1281\" \/>\n\t<meta property=\"og:image:type\" content=\"image\/webp\" \/>\n<meta name=\"author\" content=\"Miguel Ortiz\" \/>\n<meta name=\"twitter:card\" content=\"summary_large_image\" \/>\n<meta name=\"twitter:creator\" content=\"@tablaosflamenco\" \/>\n<meta name=\"twitter:site\" content=\"@tablaosflamenco\" \/>\n<meta name=\"twitter:label1\" content=\"Scritto da\" \/>\n\t<meta name=\"twitter:data1\" content=\"Miguel Ortiz\" \/>\n\t<meta name=\"twitter:label2\" content=\"Tempo di lettura stimato\" \/>\n\t<meta name=\"twitter:data2\" content=\"18 minuti\" \/>\n<script type=\"application\/ld+json\" class=\"yoast-schema-graph\">{\"@context\":\"https:\\\/\\\/schema.org\",\"@graph\":[{\"@type\":\"Article\",\"@id\":\"https:\\\/\\\/www.tablaosflamencos.com\\\/it\\\/baraka-sala-flamenca-flamenco-intimo-calle-pureza.html#article\",\"isPartOf\":{\"@id\":\"https:\\\/\\\/www.tablaosflamencos.com\\\/it\\\/baraka-sala-flamenca-flamenco-intimo-calle-pureza.html\"},\"author\":{\"name\":\"Miguel Ortiz\",\"@id\":\"https:\\\/\\\/www.tablaosflamencos.com\\\/it#\\\/schema\\\/person\\\/e7a9ebe14eb75a52ceabfbffb3c54f5d\"},\"headline\":\"Baraka Sala Flamenca: flamenco intimo in calle Pureza\",\"datePublished\":\"2026-09-04T15:20:37+00:00\",\"dateModified\":\"2026-09-04T17:09:28+00:00\",\"mainEntityOfPage\":{\"@id\":\"https:\\\/\\\/www.tablaosflamencos.com\\\/it\\\/baraka-sala-flamenca-flamenco-intimo-calle-pureza.html\"},\"wordCount\":3562,\"publisher\":{\"@id\":\"https:\\\/\\\/www.tablaosflamencos.com\\\/it#organization\"},\"image\":{\"@id\":\"https:\\\/\\\/www.tablaosflamencos.com\\\/it\\\/baraka-sala-flamenca-flamenco-intimo-calle-pureza.html#primaryimage\"},\"thumbnailUrl\":\"https:\\\/\\\/www.tablaosflamencos.com\\\/wp-content\\\/uploads\\\/baraka-sala-flamenca-01-2.webp\",\"keywords\":[\"Baraka Sala Flamenca\",\"calle Pureza\",\"flamenco en Triana\"],\"articleSection\":[\"Tablaos e spettacoli di flamenco\"],\"inLanguage\":\"it-IT\"},{\"@type\":\"WebPage\",\"@id\":\"https:\\\/\\\/www.tablaosflamencos.com\\\/it\\\/baraka-sala-flamenca-flamenco-intimo-calle-pureza.html\",\"url\":\"https:\\\/\\\/www.tablaosflamencos.com\\\/it\\\/baraka-sala-flamenca-flamenco-intimo-calle-pureza.html\",\"name\":\"Baraka Sala Flamenca: flamenco intimo a Triana | Tablaos Flamencos\",\"isPartOf\":{\"@id\":\"https:\\\/\\\/www.tablaosflamencos.com\\\/it#website\"},\"primaryImageOfPage\":{\"@id\":\"https:\\\/\\\/www.tablaosflamencos.com\\\/it\\\/baraka-sala-flamenca-flamenco-intimo-calle-pureza.html#primaryimage\"},\"image\":{\"@id\":\"https:\\\/\\\/www.tablaosflamencos.com\\\/it\\\/baraka-sala-flamenca-flamenco-intimo-calle-pureza.html#primaryimage\"},\"thumbnailUrl\":\"https:\\\/\\\/www.tablaosflamencos.com\\\/wp-content\\\/uploads\\\/baraka-sala-flamenca-01-2.webp\",\"datePublished\":\"2026-09-04T15:20:37+00:00\",\"dateModified\":\"2026-09-04T17:09:28+00:00\",\"description\":\"Scopri Baraka Sala Flamenca in calle Pureza: spettacolo intimo a Triana con quattro artisti, un\u2019ora di flamenco e una bevanda inclusa.\",\"breadcrumb\":{\"@id\":\"https:\\\/\\\/www.tablaosflamencos.com\\\/it\\\/baraka-sala-flamenca-flamenco-intimo-calle-pureza.html#breadcrumb\"},\"inLanguage\":\"it-IT\",\"potentialAction\":[{\"@type\":\"ReadAction\",\"target\":[\"https:\\\/\\\/www.tablaosflamencos.com\\\/it\\\/baraka-sala-flamenca-flamenco-intimo-calle-pureza.html\"]}]},{\"@type\":\"ImageObject\",\"inLanguage\":\"it-IT\",\"@id\":\"https:\\\/\\\/www.tablaosflamencos.com\\\/it\\\/baraka-sala-flamenca-flamenco-intimo-calle-pureza.html#primaryimage\",\"url\":\"https:\\\/\\\/www.tablaosflamencos.com\\\/wp-content\\\/uploads\\\/baraka-sala-flamenca-01-2.webp\",\"contentUrl\":\"https:\\\/\\\/www.tablaosflamencos.com\\\/wp-content\\\/uploads\\\/baraka-sala-flamenca-01-2.webp\",\"width\":1920,\"height\":1281,\"caption\":\"Baraka Sala Flamenca - Baraka Flamenco show | Tablaos Flamencos\"},{\"@type\":\"BreadcrumbList\",\"@id\":\"https:\\\/\\\/www.tablaosflamencos.com\\\/it\\\/baraka-sala-flamenca-flamenco-intimo-calle-pureza.html#breadcrumb\",\"itemListElement\":[{\"@type\":\"ListItem\",\"position\":1,\"name\":\"Home\",\"item\":\"https:\\\/\\\/www.tablaosflamencos.com\\\/it\"},{\"@type\":\"ListItem\",\"position\":2,\"name\":\"Baraka Sala Flamenca: flamenco intimo in calle Pureza\"}]},{\"@type\":\"WebSite\",\"@id\":\"https:\\\/\\\/www.tablaosflamencos.com\\\/it#website\",\"url\":\"https:\\\/\\\/www.tablaosflamencos.com\\\/it\",\"name\":\"Tablaos Flamencos\",\"description\":\"Entradas para tablaos flamencos de Espa\u00f1a\",\"publisher\":{\"@id\":\"https:\\\/\\\/www.tablaosflamencos.com\\\/it#organization\"},\"alternateName\":\"Tablaos Flamencos\",\"potentialAction\":[{\"@type\":\"SearchAction\",\"target\":{\"@type\":\"EntryPoint\",\"urlTemplate\":\"https:\\\/\\\/www.tablaosflamencos.com\\\/it?s={search_term_string}\"},\"query-input\":{\"@type\":\"PropertyValueSpecification\",\"valueRequired\":true,\"valueName\":\"search_term_string\"}}],\"inLanguage\":\"it-IT\"},{\"@type\":[\"Organization\",\"Place\",\"EntertainmentBusiness\"],\"@id\":\"https:\\\/\\\/www.tablaosflamencos.com\\\/it#organization\",\"name\":\"Tablaos Flamencos\",\"alternateName\":\"Tablaos Flamencos\",\"url\":\"https:\\\/\\\/www.tablaosflamencos.com\\\/it\",\"logo\":{\"@id\":\"https:\\\/\\\/www.tablaosflamencos.com\\\/it\\\/baraka-sala-flamenca-flamenco-intimo-calle-pureza.html#local-main-organization-logo\"},\"image\":{\"@id\":\"https:\\\/\\\/www.tablaosflamencos.com\\\/it\\\/baraka-sala-flamenca-flamenco-intimo-calle-pureza.html#local-main-organization-logo\"},\"sameAs\":[\"https:\\\/\\\/www.facebook.com\\\/tablaosflamencos\",\"https:\\\/\\\/x.com\\\/tablaosflamenco\",\"https:\\\/\\\/mastodon.social\\\/@tablaosflamencos\",\"https:\\\/\\\/www.instagram.com\\\/tablaosflamencos\",\"https:\\\/\\\/tiktok.com\\\/@tablaosflamencos\",\"https:\\\/\\\/www.linkedin.com\\\/company\\\/109408238\\\/\"],\"description\":\"Venta de entradas para espect\u00e1culos flamencos\",\"legalName\":\"Tablaos Flamencos\",\"foundingDate\":\"2015-01-01\",\"numberOfEmployees\":{\"@type\":\"QuantitativeValue\",\"minValue\":\"1\",\"maxValue\":\"10\"},\"address\":{\"@id\":\"https:\\\/\\\/www.tablaosflamencos.com\\\/it\\\/baraka-sala-flamenca-flamenco-intimo-calle-pureza.html#local-main-place-address\"},\"geo\":{\"@type\":\"GeoCoordinates\",\"latitude\":\"37.3868072\",\"longitude\":\"-5.993280299999999\"},\"telephone\":[\"+34623787787\"],\"contactPoint\":{\"@type\":\"ContactPoint\",\"telephone\":\"+34623787787\",\"email\":\"info@tablaosflamencos.com\"},\"openingHoursSpecification\":{\"@type\":\"OpeningHoursSpecification\",\"dayOfWeek\":[\"Monday\",\"Tuesday\",\"Wednesday\",\"Thursday\",\"Friday\",\"Saturday\",\"Sunday\"],\"opens\":\"00:00\",\"closes\":\"23:59\"},\"email\":\"info@tablaosflamencos.com\",\"priceRange\":\"$$$\",\"currenciesAccepted\":\"\u20ac\"},{\"@type\":\"Person\",\"@id\":\"https:\\\/\\\/www.tablaosflamencos.com\\\/it#\\\/schema\\\/person\\\/e7a9ebe14eb75a52ceabfbffb3c54f5d\",\"name\":\"Miguel Ortiz\",\"description\":\"Miguel Ortiz es un empresario flamenco, con una s\u00f3lida trayectoria dentro del sector. Ha presidido entidades culturales vinculadas al flamenco y, cuenta con un amplio recorrido profesional en la gesti\u00f3n y promoci\u00f3n de espect\u00e1culos y tablaos flamencos. Su pasi\u00f3n por la historia y el arte flamenco se refleja en cada art\u00edculo, donde combina experiencia, criterio y un profundo respeto por la tradici\u00f3n.\",\"sameAs\":[\"https:\\\/\\\/www.tablaosflamencos.com\",\"https:\\\/\\\/www.instagra.com\\\/miguelortizfe\",\"https:\\\/\\\/www.linkedin.com\\\/in\\\/miguelortizf\\\/\"],\"birthDate\":\"1984-11-22\",\"gender\":\"hombre\",\"knowsLanguage\":[\"espa\u00f1ol\",\"ingl\u00e9s\"],\"jobTitle\":\"Empresario flamenco\"},{\"@type\":\"PostalAddress\",\"@id\":\"https:\\\/\\\/www.tablaosflamencos.com\\\/it\\\/baraka-sala-flamenca-flamenco-intimo-calle-pureza.html#local-main-place-address\",\"streetAddress\":\"C\\\/ Alemanes, 19\",\"addressLocality\":\"Sevilla\",\"postalCode\":\"41004\",\"addressRegion\":\"Sevilla\",\"addressCountry\":\"ES\"},{\"@type\":\"ImageObject\",\"inLanguage\":\"it-IT\",\"@id\":\"https:\\\/\\\/www.tablaosflamencos.com\\\/it\\\/baraka-sala-flamenca-flamenco-intimo-calle-pureza.html#local-main-organization-logo\",\"url\":\"https:\\\/\\\/www.tablaosflamencos.com\\\/wp-content\\\/uploads\\\/tablaos-flamencos-06-3.webp\",\"contentUrl\":\"https:\\\/\\\/www.tablaosflamencos.com\\\/wp-content\\\/uploads\\\/tablaos-flamencos-06-3.webp\",\"width\":600,\"height\":620,\"caption\":\"Tablaos Flamencos\"}]}<\/script>\n<meta name=\"geo.placename\" content=\"Sevilla\" \/>\n<meta name=\"geo.position\" content=\"37.3868072;-5.993280299999999\" \/>\n<meta name=\"geo.region\" content=\"Spagna\" \/>\n<!-- \/ Yoast SEO Premium plugin. -->","yoast_head_json":{"title":"Baraka Sala Flamenca: flamenco intimo a Triana | Tablaos Flamencos","description":"Scopri Baraka Sala Flamenca in calle Pureza: spettacolo intimo a Triana con quattro artisti, un\u2019ora di flamenco e una bevanda inclusa.","robots":{"index":"index","follow":"follow","max-snippet":"max-snippet:-1","max-image-preview":"max-image-preview:large","max-video-preview":"max-video-preview:-1"},"canonical":"https:\/\/www.tablaosflamencos.com\/it\/baraka-sala-flamenca-flamenco-intimo-calle-pureza.html","og_locale":"it_IT","og_type":"article","og_title":"Baraka Sala Flamenca: flamenco intimo in calle Pureza","og_description":"Scopri Baraka Sala Flamenca in calle Pureza: spettacolo intimo a Triana con quattro artisti, un\u2019ora di flamenco e una bevanda inclusa.","og_url":"https:\/\/www.tablaosflamencos.com\/it\/baraka-sala-flamenca-flamenco-intimo-calle-pureza.html","og_site_name":"Tablaos Flamencos","article_publisher":"https:\/\/www.facebook.com\/tablaosflamencos","article_published_time":"2026-09-04T15:20:37+00:00","article_modified_time":"2026-09-04T17:09:28+00:00","og_image":[{"width":1920,"height":1281,"url":"https:\/\/www.tablaosflamencos.com\/wp-content\/uploads\/baraka-sala-flamenca-01-2.webp","type":"image\/webp"}],"author":"Miguel Ortiz","twitter_card":"summary_large_image","twitter_creator":"@tablaosflamenco","twitter_site":"@tablaosflamenco","twitter_misc":{"Scritto da":"Miguel Ortiz","Tempo di lettura stimato":"18 minuti"},"schema":{"@context":"https:\/\/schema.org","@graph":[{"@type":"Article","@id":"https:\/\/www.tablaosflamencos.com\/it\/baraka-sala-flamenca-flamenco-intimo-calle-pureza.html#article","isPartOf":{"@id":"https:\/\/www.tablaosflamencos.com\/it\/baraka-sala-flamenca-flamenco-intimo-calle-pureza.html"},"author":{"name":"Miguel Ortiz","@id":"https:\/\/www.tablaosflamencos.com\/it#\/schema\/person\/e7a9ebe14eb75a52ceabfbffb3c54f5d"},"headline":"Baraka Sala Flamenca: flamenco intimo in calle Pureza","datePublished":"2026-09-04T15:20:37+00:00","dateModified":"2026-09-04T17:09:28+00:00","mainEntityOfPage":{"@id":"https:\/\/www.tablaosflamencos.com\/it\/baraka-sala-flamenca-flamenco-intimo-calle-pureza.html"},"wordCount":3562,"publisher":{"@id":"https:\/\/www.tablaosflamencos.com\/it#organization"},"image":{"@id":"https:\/\/www.tablaosflamencos.com\/it\/baraka-sala-flamenca-flamenco-intimo-calle-pureza.html#primaryimage"},"thumbnailUrl":"https:\/\/www.tablaosflamencos.com\/wp-content\/uploads\/baraka-sala-flamenca-01-2.webp","keywords":["Baraka Sala Flamenca","calle Pureza","flamenco en Triana"],"articleSection":["Tablaos e spettacoli di flamenco"],"inLanguage":"it-IT"},{"@type":"WebPage","@id":"https:\/\/www.tablaosflamencos.com\/it\/baraka-sala-flamenca-flamenco-intimo-calle-pureza.html","url":"https:\/\/www.tablaosflamencos.com\/it\/baraka-sala-flamenca-flamenco-intimo-calle-pureza.html","name":"Baraka Sala Flamenca: flamenco intimo a Triana | Tablaos Flamencos","isPartOf":{"@id":"https:\/\/www.tablaosflamencos.com\/it#website"},"primaryImageOfPage":{"@id":"https:\/\/www.tablaosflamencos.com\/it\/baraka-sala-flamenca-flamenco-intimo-calle-pureza.html#primaryimage"},"image":{"@id":"https:\/\/www.tablaosflamencos.com\/it\/baraka-sala-flamenca-flamenco-intimo-calle-pureza.html#primaryimage"},"thumbnailUrl":"https:\/\/www.tablaosflamencos.com\/wp-content\/uploads\/baraka-sala-flamenca-01-2.webp","datePublished":"2026-09-04T15:20:37+00:00","dateModified":"2026-09-04T17:09:28+00:00","description":"Scopri Baraka Sala Flamenca in calle Pureza: spettacolo intimo a Triana con quattro artisti, un\u2019ora di flamenco e una bevanda inclusa.","breadcrumb":{"@id":"https:\/\/www.tablaosflamencos.com\/it\/baraka-sala-flamenca-flamenco-intimo-calle-pureza.html#breadcrumb"},"inLanguage":"it-IT","potentialAction":[{"@type":"ReadAction","target":["https:\/\/www.tablaosflamencos.com\/it\/baraka-sala-flamenca-flamenco-intimo-calle-pureza.html"]}]},{"@type":"ImageObject","inLanguage":"it-IT","@id":"https:\/\/www.tablaosflamencos.com\/it\/baraka-sala-flamenca-flamenco-intimo-calle-pureza.html#primaryimage","url":"https:\/\/www.tablaosflamencos.com\/wp-content\/uploads\/baraka-sala-flamenca-01-2.webp","contentUrl":"https:\/\/www.tablaosflamencos.com\/wp-content\/uploads\/baraka-sala-flamenca-01-2.webp","width":1920,"height":1281,"caption":"Baraka Sala Flamenca - Baraka Flamenco show | Tablaos Flamencos"},{"@type":"BreadcrumbList","@id":"https:\/\/www.tablaosflamencos.com\/it\/baraka-sala-flamenca-flamenco-intimo-calle-pureza.html#breadcrumb","itemListElement":[{"@type":"ListItem","position":1,"name":"Home","item":"https:\/\/www.tablaosflamencos.com\/it"},{"@type":"ListItem","position":2,"name":"Baraka Sala Flamenca: flamenco intimo in calle Pureza"}]},{"@type":"WebSite","@id":"https:\/\/www.tablaosflamencos.com\/it#website","url":"https:\/\/www.tablaosflamencos.com\/it","name":"Tablaos Flamencos","description":"Entradas para tablaos flamencos de Espa\u00f1a","publisher":{"@id":"https:\/\/www.tablaosflamencos.com\/it#organization"},"alternateName":"Tablaos Flamencos","potentialAction":[{"@type":"SearchAction","target":{"@type":"EntryPoint","urlTemplate":"https:\/\/www.tablaosflamencos.com\/it?s={search_term_string}"},"query-input":{"@type":"PropertyValueSpecification","valueRequired":true,"valueName":"search_term_string"}}],"inLanguage":"it-IT"},{"@type":["Organization","Place","EntertainmentBusiness"],"@id":"https:\/\/www.tablaosflamencos.com\/it#organization","name":"Tablaos Flamencos","alternateName":"Tablaos Flamencos","url":"https:\/\/www.tablaosflamencos.com\/it","logo":{"@id":"https:\/\/www.tablaosflamencos.com\/it\/baraka-sala-flamenca-flamenco-intimo-calle-pureza.html#local-main-organization-logo"},"image":{"@id":"https:\/\/www.tablaosflamencos.com\/it\/baraka-sala-flamenca-flamenco-intimo-calle-pureza.html#local-main-organization-logo"},"sameAs":["https:\/\/www.facebook.com\/tablaosflamencos","https:\/\/x.com\/tablaosflamenco","https:\/\/mastodon.social\/@tablaosflamencos","https:\/\/www.instagram.com\/tablaosflamencos","https:\/\/tiktok.com\/@tablaosflamencos","https:\/\/www.linkedin.com\/company\/109408238\/"],"description":"Venta de entradas para espect\u00e1culos flamencos","legalName":"Tablaos Flamencos","foundingDate":"2015-01-01","numberOfEmployees":{"@type":"QuantitativeValue","minValue":"1","maxValue":"10"},"address":{"@id":"https:\/\/www.tablaosflamencos.com\/it\/baraka-sala-flamenca-flamenco-intimo-calle-pureza.html#local-main-place-address"},"geo":{"@type":"GeoCoordinates","latitude":"37.3868072","longitude":"-5.993280299999999"},"telephone":["+34623787787"],"contactPoint":{"@type":"ContactPoint","telephone":"+34623787787","email":"info@tablaosflamencos.com"},"openingHoursSpecification":{"@type":"OpeningHoursSpecification","dayOfWeek":["Monday","Tuesday","Wednesday","Thursday","Friday","Saturday","Sunday"],"opens":"00:00","closes":"23:59"},"email":"info@tablaosflamencos.com","priceRange":"$$$","currenciesAccepted":"\u20ac"},{"@type":"Person","@id":"https:\/\/www.tablaosflamencos.com\/it#\/schema\/person\/e7a9ebe14eb75a52ceabfbffb3c54f5d","name":"Miguel Ortiz","description":"Miguel Ortiz es un empresario flamenco, con una s\u00f3lida trayectoria dentro del sector. Ha presidido entidades culturales vinculadas al flamenco y, cuenta con un amplio recorrido profesional en la gesti\u00f3n y promoci\u00f3n de espect\u00e1culos y tablaos flamencos. Su pasi\u00f3n por la historia y el arte flamenco se refleja en cada art\u00edculo, donde combina experiencia, criterio y un profundo respeto por la tradici\u00f3n.","sameAs":["https:\/\/www.tablaosflamencos.com","https:\/\/www.instagra.com\/miguelortizfe","https:\/\/www.linkedin.com\/in\/miguelortizf\/"],"birthDate":"1984-11-22","gender":"hombre","knowsLanguage":["espa\u00f1ol","ingl\u00e9s"],"jobTitle":"Empresario flamenco"},{"@type":"PostalAddress","@id":"https:\/\/www.tablaosflamencos.com\/it\/baraka-sala-flamenca-flamenco-intimo-calle-pureza.html#local-main-place-address","streetAddress":"C\/ Alemanes, 19","addressLocality":"Sevilla","postalCode":"41004","addressRegion":"Sevilla","addressCountry":"ES"},{"@type":"ImageObject","inLanguage":"it-IT","@id":"https:\/\/www.tablaosflamencos.com\/it\/baraka-sala-flamenca-flamenco-intimo-calle-pureza.html#local-main-organization-logo","url":"https:\/\/www.tablaosflamencos.com\/wp-content\/uploads\/tablaos-flamencos-06-3.webp","contentUrl":"https:\/\/www.tablaosflamencos.com\/wp-content\/uploads\/tablaos-flamencos-06-3.webp","width":600,"height":620,"caption":"Tablaos Flamencos"}]},"geo.placename":"Sevilla","geo.position":{"lat":"37.3868072","long":"-5.993280299999999"},"geo.region":"Spagna"},"_links":{"self":[{"href":"https:\/\/www.tablaosflamencos.com\/it\/wp-json\/wp\/v2\/posts\/14501","targetHints":{"allow":["GET"]}}],"collection":[{"href":"https:\/\/www.tablaosflamencos.com\/it\/wp-json\/wp\/v2\/posts"}],"about":[{"href":"https:\/\/www.tablaosflamencos.com\/it\/wp-json\/wp\/v2\/types\/post"}],"author":[{"embeddable":true,"href":"https:\/\/www.tablaosflamencos.com\/it\/wp-json\/wp\/v2\/users\/1"}],"replies":[{"embeddable":true,"href":"https:\/\/www.tablaosflamencos.com\/it\/wp-json\/wp\/v2\/comments?post=14501"}],"version-history":[{"count":5,"href":"https:\/\/www.tablaosflamencos.com\/it\/wp-json\/wp\/v2\/posts\/14501\/revisions"}],"predecessor-version":[{"id":14578,"href":"https:\/\/www.tablaosflamencos.com\/it\/wp-json\/wp\/v2\/posts\/14501\/revisions\/14578"}],"wp:featuredmedia":[{"embeddable":true,"href":"https:\/\/www.tablaosflamencos.com\/it\/wp-json\/wp\/v2\/media\/11530"}],"wp:attachment":[{"href":"https:\/\/www.tablaosflamencos.com\/it\/wp-json\/wp\/v2\/media?parent=14501"}],"wp:term":[{"taxonomy":"category","embeddable":true,"href":"https:\/\/www.tablaosflamencos.com\/it\/wp-json\/wp\/v2\/categories?post=14501"},{"taxonomy":"post_tag","embeddable":true,"href":"https:\/\/www.tablaosflamencos.com\/it\/wp-json\/wp\/v2\/tags?post=14501"}],"curies":[{"name":"wp","href":"https:\/\/api.w.org\/{rel}","templated":true}]}}