{"id":14387,"date":"2026-09-04T17:00:57","date_gmt":"2026-09-04T15:00:57","guid":{"rendered":"https:\/\/www.tablaosflamencos.com\/?p=14387"},"modified":"2026-09-04T17:31:24","modified_gmt":"2026-09-04T15:31:24","slug":"festival-cante-jondo-antonio-mairena-2026-da-siviglia","status":"publish","type":"post","link":"https:\/\/www.tablaosflamencos.com\/it\/festival-cante-jondo-antonio-mairena-2026-da-siviglia.html","title":{"rendered":"Festival de Cante Jondo Antonio Mairena 2026: programma, biglietti e come arrivare da Siviglia"},"content":{"rendered":"<section class=\"l-section wpb_row height_huge\"><div class=\"l-section-h i-cf\"><div class=\"g-cols vc_row via_flex valign_middle type_default stacking_default\"><div class=\"vc_col-sm-6 wpb_column vc_column_container\"><div class=\"vc_column-inner\"><div class=\"wpb_wrapper\"><div class=\"wpb_text_column\"><div class=\"wpb_wrapper\"><h2>Uno dei grandi appuntamenti del cante jondo a meno di un\u2019ora da Siviglia<\/h2>\n<p>Il <strong>Festival de Cante Jondo Antonio Mairena 2026<\/strong> celebra la sua 65\u00aa edizione dal <strong>1 al 5 settembre 2026<\/strong> a Mairena del Alcor. Dichiarato Festa di Interesse Turistico dell\u2019Andalusia, riunisce per cinque giorni cante, danza, chitarra, conferenze e attivit\u00e0 formative in diversi spazi della localit\u00e0 sivigliana.<\/p>\n<p>L\u2019edizione 2026 \u00e8 dedicata al cantaor <strong>Diego Clavel<\/strong> e culmina sabato 5 settembre con un grande gala all\u2019Auditorio Municipal Manuel Mairena. Il cartellone comprende Jos\u00e9 Merc\u00e9, La Macanita, Juan de Mairena, Roc\u00edo Luna e Farruquito, insieme a chitarristi e artisti di accompagnamento di primo livello.<\/p>\n<p>In questa guida raccogliamo il programma completo, i prezzi e i punti vendita ufficiali dei biglietti, le sedi del festival e le opzioni pi\u00f9 pratiche per raggiungere Mairena del Alcor da Siviglia.<\/p>\n<\/div><\/div><\/div><\/div><\/div><div class=\"vc_col-sm-6 wpb_column vc_column_container\"><div class=\"vc_column-inner\"><div class=\"wpb_wrapper\"><div class=\"wpb_text_column\"><div class=\"wpb_wrapper\"><blockquote>\n<p style=\"margin: 0;\"><strong>Risposta rapida:<\/strong> il Festival de Cante Jondo Antonio Mairena 2026 si svolge dal 1 al 5 settembre a Mairena del Alcor. Il grande gala sar\u00e0 sabato 5 alle 22:00 all\u2019Auditorio Municipal Manuel Mairena, con Jos\u00e9 Merc\u00e9, La Macanita, Juan de Mairena, Roc\u00edo Luna e Farruquito. I biglietti partono da 10 euro e sono venduti attraverso i canali ufficiali del Comune e Giglon.<\/p>\n<\/blockquote>\n<\/div><\/div><\/div><\/div><\/div><\/div><\/div><\/section><section class=\"l-section wpb_row height_huge\"><div class=\"l-section-h i-cf\"><div class=\"g-cols vc_row via_flex valign_top type_default stacking_default\"><div class=\"vc_col-sm-3 wpb_column vc_column_container\"><div class=\"vc_column-inner\"><div class=\"wpb_wrapper\"><\/div><\/div><\/div><div class=\"vc_col-sm-6 wpb_column vc_column_container\"><div class=\"vc_column-inner\"><div class=\"wpb_wrapper\"><div class=\"wpb_text_column\"><div class=\"wpb_wrapper\"><h2>Contenuto di questa guida<\/h2>\n<ul>\n<li><a href=\"#datos-clave\">Dati chiave del Festival Antonio Mairena 2026<\/a><\/li>\n<li><a href=\"#programacion\">Programma completo dal 1 al 5 settembre<\/a><\/li>\n<li><a href=\"#gala\">Il grande gala di sabato 5<\/a><\/li>\n<li><a href=\"#concurso\">Il Concorso Nazionale trasformato in festival<\/a><\/li>\n<li><a href=\"#entradas\">Biglietti, prezzi e dove acquistarli<\/a><\/li>\n<li><a href=\"#espacios\">Dove si svolge<\/a><\/li>\n<li><a href=\"#desde-sevilla\">Come arrivare da Siviglia<\/a><\/li>\n<li><a href=\"#consejos\">Consigli pratici<\/a><\/li>\n<li><a href=\"#faq\">Domande frequenti<\/a><\/li>\n<\/ul>\n<\/div><\/div><\/div><\/div><\/div><div class=\"vc_col-sm-3 wpb_column vc_column_container\"><div class=\"vc_column-inner\"><div class=\"wpb_wrapper\"><\/div><\/div><\/div><\/div><\/div><\/section><section class=\"l-section wpb_row height_huge color_alternate with_shape\"><div class=\"l-section-shape type_zigzag pos_top hor_flip\" style=\"height:3vmin;\"><svg xmlns=\"http:\/\/www.w3.org\/2000\/svg\" viewBox=\"0 0 64 8\" preserveAspectRatio=\"none\" width=\"100%\" height=\"100%\">\r\n\t<path fill=\"currentColor\" d=\"M64 8 L0 8 L0 0 L20 7.9 L40 3 L48 5 L64 0 Z\"\/>\r\n<\/svg><\/div><div class=\"l-section-shape type_zigzag pos_bottom\" style=\"height:3vmin;\"><svg xmlns=\"http:\/\/www.w3.org\/2000\/svg\" viewBox=\"0 0 64 8\" preserveAspectRatio=\"none\" width=\"100%\" height=\"100%\">\r\n\t<path fill=\"currentColor\" d=\"M64 8 L0 8 L0 0 L20 7.9 L40 3 L48 5 L64 0 Z\"\/>\r\n<\/svg><\/div><div class=\"l-section-h i-cf\"><div class=\"g-cols vc_row via_flex valign_top type_default stacking_default\"><div class=\"vc_col-sm-12 wpb_column vc_column_container\"><div class=\"vc_column-inner\"><div class=\"wpb_wrapper\"><div class=\"wpb_text_column\"><div class=\"wpb_wrapper\"><h2 id=\"datos-clave\">Festival de Cante Jondo Antonio Mairena 2026: dati chiave<\/h2>\n<table>\n<tbody>\n<tr>\n<td><strong>Edizione<\/strong><\/td>\n<td>LXV, 65\u00aa edizione<\/td>\n<\/tr>\n<tr>\n<td><strong>Date<\/strong><\/td>\n<td>1\u20135 settembre 2026<\/td>\n<\/tr>\n<tr>\n<td><strong>Localit\u00e0<\/strong><\/td>\n<td>Mairena del Alcor, Siviglia<\/td>\n<\/tr>\n<tr>\n<td><strong>Omaggio<\/strong><\/td>\n<td>Diego Clavel<\/td>\n<\/tr>\n<tr>\n<td><strong>Gala principale<\/strong><\/td>\n<td>Sabato 5 settembre, 22:00<\/td>\n<\/tr>\n<tr>\n<td><strong>Sede del gala<\/strong><\/td>\n<td>Auditorio Municipal Manuel Mairena<\/td>\n<\/tr>\n<tr>\n<td><strong>Prezzo<\/strong><\/td>\n<td>Da 10 \u20ac; gala da 15 \u20ac<\/td>\n<\/tr>\n<tr>\n<td><strong>Vendita<\/strong><\/td>\n<td>Comune di Mairena del Alcor, Giglon e vendita in presenza<\/td>\n<\/tr>\n<\/tbody>\n<\/table>\n<p>Il festival nacque nel 1962 e si \u00e8 consolidato come uno degli appuntamenti storici del calendario flamenco andaluso. Il legame con Antonio Mairena e con la tradizione del cante di Los Alcores gli conferisce un\u2019identit\u00e0 particolarmente legata al canto, anche se il programma attuale apre spazio anche alla danza, alla chitarra, alla formazione e alla divulgazione.<\/p>\n<\/div><\/div><\/div><\/div><\/div><\/div><\/div><\/section><section class=\"l-section wpb_row height_huge\"><div class=\"l-section-h i-cf\"><div class=\"g-cols vc_row via_flex valign_top type_default stacking_default\"><div class=\"vc_col-sm-12 wpb_column vc_column_container\"><div class=\"vc_column-inner\"><div class=\"wpb_wrapper\"><div class=\"wpb_text_column\"><div class=\"wpb_wrapper\"><h2 id=\"programacion\">Programma completo del Festival Antonio Mairena 2026<\/h2>\n<h3>Marted\u00ec 1 settembre: apertura e omaggio a Diego Clavel<\/h3>\n<p><strong>Casa Palacio de los Duques de Arcos.<\/strong><\/p>\n<ul>\n<li><strong>21:00:<\/strong> inaugurazione ufficiale del LXV Festival de Cante Jondo Antonio Mairena.<\/li>\n<li><strong>21:15:<\/strong> conferenza \u00abDiego Clavel, etica ed estetica\u00bb, a cura di Pedro Lopeh.<\/li>\n<li><strong>22:30:<\/strong> recital di Rubito de Par\u00e1, accompagnato alla chitarra da Antonio Carri\u00f3n.<\/li>\n<\/ul>\n<p>La prima serata mette l\u2019omaggiato al centro dell\u2019edizione e combina riflessione e cante. Diego Clavel ha un legame storico con il concorso: vinse il Concurso de Cante Jondo Antonio Mairena nel 1970.<\/p>\n<h3>Mercoled\u00ec 2 settembre: Ballet Flamenco de Andaluc\u00eda<\/h3>\n<p><strong>Teatro Municipal Calixto S\u00e1nchez, 21:30.<\/strong> Il Ballet Flamenco de Andaluc\u00eda presenta <em>Flamenco Patrimonio<\/em>, uno spettacolo incentrato sulle radici, la trasmissione e l\u2019evoluzione del flamenco.<\/p>\n<h3>Gioved\u00ec 3 settembre: formazione, memoria e chitarra<\/h3>\n<p>La giornata si divide tra il Teatro Municipal Calixto S\u00e1nchez e la Casa Palacio de los Duques de Arcos.<\/p>\n<ul>\n<li><strong>11:00:<\/strong> masterclass gratuita di danza con Alejandro Rodr\u00edguez, con posti limitati.<\/li>\n<li><strong>21:00:<\/strong> incontro \u00abRomerito de Jerez, quasi un secolo di testimonianza flamenca\u00bb, con Romerito de Jerez e Juan Garrido.<\/li>\n<li><strong>22:30:<\/strong> recital di chitarra di Diego del Morao.<\/li>\n<\/ul>\n<p>Il recital di Diego del Morao \u00e8 uno dei momenti pi\u00f9 interessanti per gli appassionati di chitarra: appartiene a una delle grandi dinastie chitarristiche di Jerez e il suo linguaggio unisce tradizione, personalit\u00e0 e una sonorit\u00e0 pienamente contemporanea.<\/p>\n<h3 id=\"concurso\">Venerd\u00ec 4 settembre: LXIV Concorso Nazionale di Cante Jondo<\/h3>\n<p>Nel 2026 il concorso competitivo viene eccezionalmente trasformato in <strong>\u00abIl concorso diventato festival\u00bb<\/strong>, un incontro di vincitori delle edizioni precedenti dedicato ad Aurora Vargas.<\/p>\n<p>Dalle 22:00 si esibiranno Remedios Reyes con Julio Romero; Ana La Yiya con Antonio Garc\u00eda; Caracolillo de C\u00e1diz con Nono Reyes; Manuel C\u00e1stulo con Manolo Herrera; e Rubio de Pruna con Marcos de Silva. La serata comprende inoltre la danza di Mar\u00eda T\u00e1vora e del suo gruppo, le palmas di Cepa N\u00fa\u00f1ez e Manuel Vinaza e la presentazione di Juan Garrido.<\/p>\n<\/div><\/div><\/div><\/div><\/div><\/div><\/div><\/section><section class=\"l-section wpb_row height_huge color_alternate with_shape\"><div class=\"l-section-shape type_zigzag pos_top hor_flip\" style=\"height:3vmin;\"><svg xmlns=\"http:\/\/www.w3.org\/2000\/svg\" viewBox=\"0 0 64 8\" preserveAspectRatio=\"none\" width=\"100%\" height=\"100%\">\r\n\t<path fill=\"currentColor\" d=\"M64 8 L0 8 L0 0 L20 7.9 L40 3 L48 5 L64 0 Z\"\/>\r\n<\/svg><\/div><div class=\"l-section-shape type_zigzag pos_bottom\" style=\"height:3vmin;\"><svg xmlns=\"http:\/\/www.w3.org\/2000\/svg\" viewBox=\"0 0 64 8\" preserveAspectRatio=\"none\" width=\"100%\" height=\"100%\">\r\n\t<path fill=\"currentColor\" d=\"M64 8 L0 8 L0 0 L20 7.9 L40 3 L48 5 L64 0 Z\"\/>\r\n<\/svg><\/div><div class=\"l-section-h i-cf\"><div class=\"g-cols vc_row via_flex valign_top type_default stacking_default\"><div class=\"vc_col-sm-12 wpb_column vc_column_container\"><div class=\"vc_column-inner\"><div class=\"wpb_wrapper\"><div class=\"wpb_text_column\"><div class=\"wpb_wrapper\"><h2 id=\"gala\">Sabato 5 settembre: il grande Gala del Festival<\/h2>\n<p><strong>Auditorio Municipal Manuel Mairena, 22:00.<\/strong><\/p>\n<p>La grande serata della LXV edizione riunisce un cartellone pensato per combinare generazioni e linguaggi diversi del flamenco.<\/p>\n<ul>\n<li><strong>Al cante:<\/strong> Jos\u00e9 Merc\u00e9, La Macanita, Juan de Mairena e Roc\u00edo Luna.<\/li>\n<li><strong>Alla chitarra:<\/strong> Antonio Higuero, Manuel Valencia e Francis G\u00f3mez.<\/li>\n<li><strong>Alla danza:<\/strong> Juan Manuel Fern\u00e1ndez Montoya \u00abFarruquito\u00bb.<\/li>\n<\/ul>\n<p>Farruquito sar\u00e0 accompagnato da Ismael de la Rosa \u00abBola\u00bb, Manuel de la Nina e Mari Viz\u00e1rraga al cante, Manuel Valencia alla chitarra e Paco Vega alle percussioni.<\/p>\n<p>Per chi viaggia da Siviglia appositamente per questa giornata, il gala \u00e8 l\u2019evento centrale del festival. Jos\u00e9 Merc\u00e9 e La Macanita rappresentano due modi imprescindibili di intendere il cante contemporaneo, mentre Roc\u00edo Luna porta la voce di una generazione pi\u00f9 giovane. La danza di Farruquito aggiunge una forte dimensione scenica a una serata che, nonostante il nome storico del festival, non si limita al tradizionale recital di cante e chitarra.<\/p>\n<\/div><\/div><\/div><\/div><\/div><\/div><\/div><\/section><section class=\"l-section wpb_row height_huge\"><div class=\"l-section-h i-cf\"><div class=\"g-cols vc_row via_flex valign_top type_default stacking_default\"><div class=\"vc_col-sm-12 wpb_column vc_column_container\"><div class=\"vc_column-inner\"><div class=\"wpb_wrapper\"><div class=\"wpb_text_column\"><div class=\"wpb_wrapper\"><h2 id=\"entradas\">Biglietti per il Festival Antonio Mairena 2026: prezzi e vendita ufficiale<\/h2>\n<p>La vendita ufficiale avviene attraverso i canali annunciati dall\u2019organizzazione: il sito del Comune di Mairena del Alcor, la piattaforma Giglon e la vendita in presenza presso la Villa del Conocimiento y las Artes.<\/p>\n<table>\n<tbody>\n<tr>\n<td><strong>Flamenkada<\/strong><\/td>\n<td>10 \u20ac<\/td>\n<\/tr>\n<tr>\n<td><strong>Flamenkada + Festival<\/strong><\/td>\n<td>20 \u20ac<\/td>\n<\/tr>\n<tr>\n<td><strong>Flamenco Patrimonio<\/strong><\/td>\n<td>10 \u20ac<\/td>\n<\/tr>\n<tr>\n<td><strong>Gala del Festival, posto non numerato<\/strong><\/td>\n<td>15 \u20ac<\/td>\n<\/tr>\n<tr>\n<td><strong>Gala del Festival, posto numerato<\/strong><\/td>\n<td>20 \u20ac<\/td>\n<\/tr>\n<tr>\n<td><strong>Flamenkada + Flamenco Patrimonio + Gala<\/strong><\/td>\n<td>25 \u20ac<\/td>\n<\/tr>\n<\/tbody>\n<\/table>\n<p>La vendita in presenza \u00e8 annunciata nell\u2019edificio <strong>Villa del Conocimiento y las Artes<\/strong>, dalle 9:00 alle 14:00. Come in qualsiasi festival con capienza limitata, consigliamo di verificare la disponibilit\u00e0 sul canale ufficiale prima di spostarsi, soprattutto per il gala di sabato.<\/p>\n<p>Sconsigliamo di acquistare biglietti tramite intermediari non indicati dall\u2019organizzazione. Se una sessione risulta esaurita sulla biglietteria ufficiale, \u00e8 opportuno controllare anche gli aggiornamenti del Comune nel caso di resi, riapertura di contingenti o indicazioni specifiche della biglietteria.<\/p>\n<\/div><\/div><div class=\"w-separator size_medium\"><\/div><div class=\"w-hwrapper valign_top align_center\" style=\"--hwrapper-gap:1.2rem\"><div class=\"w-btn-wrapper align_center\"><a class=\"w-btn us-btn-style_1 icon_atleft\" href=\"https:\/\/www.giglon.com\"><i class=\"fas fa-ticket-alt\"><\/i><span class=\"w-btn-label\">Acquista i biglietti su Giglon<\/span><\/a><\/div><\/div><\/div><\/div><\/div><\/div><\/div><\/section><section class=\"l-section wpb_row height_huge color_alternate with_shape\"><div class=\"l-section-shape type_zigzag pos_top hor_flip\" style=\"height:3vmin;\"><svg xmlns=\"http:\/\/www.w3.org\/2000\/svg\" viewBox=\"0 0 64 8\" preserveAspectRatio=\"none\" width=\"100%\" height=\"100%\">\r\n\t<path fill=\"currentColor\" d=\"M64 8 L0 8 L0 0 L20 7.9 L40 3 L48 5 L64 0 Z\"\/>\r\n<\/svg><\/div><div class=\"l-section-shape type_zigzag pos_bottom\" style=\"height:3vmin;\"><svg xmlns=\"http:\/\/www.w3.org\/2000\/svg\" viewBox=\"0 0 64 8\" preserveAspectRatio=\"none\" width=\"100%\" height=\"100%\">\r\n\t<path fill=\"currentColor\" d=\"M64 8 L0 8 L0 0 L20 7.9 L40 3 L48 5 L64 0 Z\"\/>\r\n<\/svg><\/div><div class=\"l-section-h i-cf\"><div class=\"g-cols vc_row via_flex valign_top type_default stacking_default\"><div class=\"vc_col-sm-12 wpb_column vc_column_container\"><div class=\"vc_column-inner\"><div class=\"wpb_wrapper\"><div class=\"wpb_text_column\"><div class=\"wpb_wrapper\"><h2 id=\"espacios\">Dove si svolge il festival<\/h2>\n<p>Il Festival Antonio Mairena non si concentra in un\u2019unica sede. Il programma utilizza diversi spazi culturali di Mairena del Alcor:<\/p>\n<h3>Casa Palacio de los Duques de Arcos<\/h3>\n<p>\u00c8 uno degli scenari storici della settimana e ospita conferenze, incontri e recital. L\u2019atmosfera del cortile favorisce un formato pi\u00f9 intimo, particolarmente adatto al cante e alla chitarra.<\/p>\n<h3>Teatro Municipal Calixto S\u00e1nchez<\/h3>\n<p>Ospita le proposte di formato teatrale, come lo spettacolo del Ballet Flamenco de Andaluc\u00eda, oltre alle attivit\u00e0 formative.<\/p>\n<h3>Auditorio Municipal Manuel Mairena<\/h3>\n<p>\u00c8 lo spazio pi\u00f9 grande e la sede del grande gala di sabato 5. Si trova nella zona del Camino de Alconchel di Mairena del Alcor.<\/p>\n<p>Prima di partire conviene verificare la sede esatta di ogni attivit\u00e0: non tutte le giornate del festival si svolgono all\u2019Auditorio Manuel Mairena.<\/p>\n<\/div><\/div><\/div><\/div><\/div><\/div><\/div><\/section><section class=\"l-section wpb_row height_huge\"><div class=\"l-section-h i-cf\"><div class=\"g-cols vc_row via_flex valign_top type_default stacking_default\"><div class=\"vc_col-sm-12 wpb_column vc_column_container\"><div class=\"vc_column-inner\"><div class=\"wpb_wrapper\"><div class=\"wpb_text_column\"><div class=\"wpb_wrapper\"><h2 id=\"desde-sevilla\">Come arrivare al Festival Antonio Mairena da Siviglia<\/h2>\n<p>Mairena del Alcor si trova a est di Siviglia, nella comarca di Los Alcores. Per chi soggiorna nel capoluogo ci sono due opzioni principali: auto e autobus interurbano.<\/p>\n<h3>In auto da Siviglia<\/h3>\n<p>\u00c8 l\u2019opzione pi\u00f9 flessibile, soprattutto per il gala serale. Il tragitto \u00e8 di circa 25\u201330 chilometri a seconda del punto di partenza e richiede normalmente circa mezz\u2019ora in condizioni normali, utilizzando gli accessi verso Alcal\u00e1 de Guada\u00edra e Mairena del Alcor.<\/p>\n<p>Se vai al gala delle 22:00, consigliamo di partire con sufficiente anticipo per trovare parcheggio e arrivare prima dell\u2019inizio. Un appuntamento di queste dimensioni pu\u00f2 concentrare il traffico sugli accessi pi\u00f9 vicini all\u2019auditorium.<\/p>\n<h3>In autobus da Siviglia<\/h3>\n<p>Mairena del Alcor fa parte della rete metropolitana del Consorcio de Transportes del \u00c1rea de Sevilla. Esistono servizi interurbani tra Siviglia e il comune, ma gli orari variano in base ai giorni feriali, ai fine settimana e alla stagione.<\/p>\n<p>Per uno spettacolo serale, il punto decisivo non \u00e8 solo l\u2019orario di andata, ma l\u2019 <strong>ultimo servizio di ritorno a Siviglia<\/strong>. Il gala inizia alle 22:00 e pu\u00f2 prolungarsi, quindi \u00e8 indispensabile consultare l\u2019orario ufficiale aggiornato prima di acquistare il biglietto se dipendi dai trasporti pubblici.<\/p>\n<p>Se non esiste un ritorno compatibile, le alternative sono auto propria, taxi o VTC. Per gruppi di due-quattro persone, condividere il tragitto pu\u00f2 essere particolarmente pratico.<\/p>\n<\/div><\/div><\/div><\/div><\/div><\/div><\/div><\/section><section class=\"l-section wpb_row height_huge color_alternate with_shape\"><div class=\"l-section-shape type_zigzag pos_top hor_flip\" style=\"height:3vmin;\"><svg xmlns=\"http:\/\/www.w3.org\/2000\/svg\" viewBox=\"0 0 64 8\" preserveAspectRatio=\"none\" width=\"100%\" height=\"100%\">\r\n\t<path fill=\"currentColor\" d=\"M64 8 L0 8 L0 0 L20 7.9 L40 3 L48 5 L64 0 Z\"\/>\r\n<\/svg><\/div><div class=\"l-section-shape type_zigzag pos_bottom\" style=\"height:3vmin;\"><svg xmlns=\"http:\/\/www.w3.org\/2000\/svg\" viewBox=\"0 0 64 8\" preserveAspectRatio=\"none\" width=\"100%\" height=\"100%\">\r\n\t<path fill=\"currentColor\" d=\"M64 8 L0 8 L0 0 L20 7.9 L40 3 L48 5 L64 0 Z\"\/>\r\n<\/svg><\/div><div class=\"l-section-h i-cf\"><div class=\"g-cols vc_row via_flex valign_top type_default stacking_default\"><div class=\"vc_col-sm-12 wpb_column vc_column_container\"><div class=\"vc_column-inner\"><div class=\"wpb_wrapper\"><div class=\"wpb_text_column\"><div class=\"wpb_wrapper\"><h2 id=\"consejos\">Consigli per organizzare la visita<\/h2>\n<ul>\n<li><strong>Controlla il biglietto prima di partire.<\/strong> Il gala \u00e8 la sessione con la maggiore capacit\u00e0 di attrazione.<\/li>\n<li><strong>Verifica la sede esatta.<\/strong> Il festival utilizza tre spazi diversi.<\/li>\n<li><strong>Arriva in anticipo.<\/strong> Soprattutto se il tuo posto non \u00e8 numerato.<\/li>\n<li><strong>Pianifica il ritorno a Siviglia.<\/strong> Se usi l\u2019autobus, verifica l\u2019ultimo servizio.<\/li>\n<li><strong>Non limitare la visita al gala.<\/strong> Il concorso speciale, i recital e gli incontri permettono di conoscere un\u2019altra dimensione del festival.<\/li>\n<li><strong>Approfittane per conoscere Mairena del Alcor.<\/strong> Il festival \u00e8 profondamente legato all\u2019identit\u00e0 locale e alla memoria di Antonio Mairena.<\/li>\n<\/ul>\n<p>Se resterai diversi giorni a Siviglia, puoi combinare questa escursione con la programmazione regolare dei <a href=\"https:\/\/www.tablaosflamencos.com\/flamenco-en-sevilla\"><strong>tablaos flamencos a Siviglia<\/strong><\/a>. L\u2019esperienza \u00e8 diversa: il Festival Antonio Mairena \u00e8 un appuntamento annuale legato al territorio e alla tradizione del cante, mentre i tablaos consentono di prenotare spettacoli durante tutto l\u2019anno.<\/p>\n<\/div><\/div><\/div><\/div><\/div><\/div><\/div><\/section><section class=\"l-section wpb_row height_huge\"><div class=\"l-section-h i-cf\"><div class=\"g-cols vc_row via_flex valign_top type_default stacking_default\"><div class=\"vc_col-sm-12 wpb_column vc_column_container\"><div class=\"vc_column-inner\"><div class=\"wpb_wrapper\"><div class=\"wpb_text_column\"><div class=\"wpb_wrapper\"><h2>Perch\u00e9 il Festival Antonio Mairena continua a essere un punto di riferimento<\/h2>\n<p>L\u2019importanza del festival non dipende soltanto dalla sua anzianit\u00e0. Mairena del Alcor occupa un posto singolare nella storia del flamenco per la figura di Antonio Mairena, per il ruolo degli aficionados locali e per una concezione del cante che per decenni ha influenzato la ricerca, l\u2019interpretazione e la valutazione di determinati stili.<\/p>\n<p>Nel tempo, il festival ha ampliato il proprio linguaggio senza perdere queste radici. Nel 2026 convivono una conferenza su Diego Clavel, il Ballet Flamenco de Andaluc\u00eda, una masterclass, un incontro con Romerito de Jerez, la chitarra di Diego del Morao, una serata dedicata agli ex vincitori del concorso e un gala con grandi figure del cante e della danza.<\/p>\n<p>Questa combinazione spiega il suo interesse per pubblici diversi. L\u2019aficionado pu\u00f2 trovare artisti e formati profondamente legati alla tradizione; chi si avvicina al flamenco per la prima volta dispone di un programma vario; e il visitatore che soggiorna a Siviglia ha a breve distanza un appuntamento dall\u2019identit\u00e0 molto diversa rispetto ai grandi teatri del capoluogo.<\/p>\n<\/div><\/div><\/div><\/div><\/div><\/div><\/div><\/section><section class=\"l-section wpb_row height_huge\"><div class=\"l-section-h i-cf\"><div class=\"g-cols vc_row via_flex valign_top type_default stacking_default\"><div class=\"vc_col-sm-1\/5 wpb_column vc_column_container\"><div class=\"vc_column-inner\"><div class=\"wpb_wrapper\"><\/div><\/div><\/div><div class=\"vc_col-sm-3\/5 wpb_column vc_column_container\"><div class=\"vc_column-inner\"><div class=\"wpb_wrapper\"><div class=\"wpb_text_column\"><div class=\"wpb_wrapper\"><h2 id=\"faq\">Domande frequenti sul Festival Antonio Mairena 2026<\/h2>\n<\/div><\/div><div class=\"w-separator size_medium\"><\/div><div class=\"w-tabs accordion toggle_style_1 has_scrolling\" style=\"--sections-title-size:inherit;--sections-gap:0.5rem;\"><div class=\"w-tabs-sections titles-align_none icon_chevron cpos_right\"><div class=\"w-tabs-section\" id=\"bb1b\"><button type=\"button\" class=\"w-tabs-section-header\" aria-controls=\"content-bb1b\" aria-expanded=\"false\"><div class=\"w-tabs-section-title\">Quando si svolge il Festival de Cante Jondo Antonio Mairena 2026?<\/div><div class=\"w-tabs-section-control\"><\/div><\/button><div  class=\"w-tabs-section-content\" id=\"content-bb1b\"><div class=\"w-tabs-section-content-h i-cf\"><div class=\"wpb_text_column\"><div class=\"wpb_wrapper\"><p>La LXV edizione si svolge <strong>dal 1 al 5 settembre 2026<\/strong> a Mairena del Alcor, provincia di Siviglia.<\/p>\n<\/div><\/div><\/div><\/div><\/div><div class=\"w-tabs-section\" id=\"fc2c\"><button type=\"button\" class=\"w-tabs-section-header\" aria-controls=\"content-fc2c\" aria-expanded=\"false\"><div class=\"w-tabs-section-title\">Quando si svolge il grande gala del festival?<\/div><div class=\"w-tabs-section-control\"><\/div><\/button><div  class=\"w-tabs-section-content\" id=\"content-fc2c\"><div class=\"w-tabs-section-content-h i-cf\"><div class=\"wpb_text_column\"><div class=\"wpb_wrapper\"><p>Il gala principale si terr\u00e0 <strong>sabato 5 settembre alle 22:00<\/strong> all\u2019Auditorio Municipal Manuel Mairena.<\/p>\n<\/div><\/div><\/div><\/div><\/div><div class=\"w-tabs-section\" id=\"jd0a\"><button type=\"button\" class=\"w-tabs-section-header\" aria-controls=\"content-jd0a\" aria-expanded=\"false\"><div class=\"w-tabs-section-title\">Chi si esibisce nel gala del 2026?<\/div><div class=\"w-tabs-section-control\"><\/div><\/button><div  class=\"w-tabs-section-content\" id=\"content-jd0a\"><div class=\"w-tabs-section-content-h i-cf\"><div class=\"wpb_text_column\"><div class=\"wpb_wrapper\"><p>Il cartellone comprende Jos\u00e9 Merc\u00e9, La Macanita, Juan de Mairena e Roc\u00edo Luna al cante, e Farruquito alla danza, insieme ai rispettivi chitarristi e artisti di accompagnamento.<\/p>\n<\/div><\/div><\/div><\/div><\/div><div class=\"w-tabs-section\" id=\"qdef\"><button type=\"button\" class=\"w-tabs-section-header\" aria-controls=\"content-qdef\" aria-expanded=\"false\"><div class=\"w-tabs-section-title\">Quanto costano i biglietti?<\/div><div class=\"w-tabs-section-control\"><\/div><\/button><div  class=\"w-tabs-section-content\" id=\"content-qdef\"><div class=\"w-tabs-section-content-h i-cf\"><div class=\"wpb_text_column\"><div class=\"wpb_wrapper\"><p>I prezzi partono da <strong>10 euro<\/strong>. Il Gala del Festival costa 15 euro per i posti non numerati e 20 euro per i posti numerati, secondo le informazioni ufficiali pubblicate.<\/p>\n<\/div><\/div><\/div><\/div><\/div><div class=\"w-tabs-section\" id=\"pebb\"><button type=\"button\" class=\"w-tabs-section-header\" aria-controls=\"content-pebb\" aria-expanded=\"false\"><div class=\"w-tabs-section-title\">Dove si acquistano i biglietti ufficiali?<\/div><div class=\"w-tabs-section-control\"><\/div><\/button><div  class=\"w-tabs-section-content\" id=\"content-pebb\"><div class=\"w-tabs-section-content-h i-cf\"><div class=\"wpb_text_column\"><div class=\"wpb_wrapper\"><p>L\u2019organizzazione annuncia la vendita attraverso il Comune di Mairena del Alcor, la piattaforma Giglon e in presenza presso la Villa del Conocimiento y las Artes.<\/p>\n<\/div><\/div><\/div><\/div><\/div><div class=\"w-tabs-section\" id=\"xfa1\"><button type=\"button\" class=\"w-tabs-section-header\" aria-controls=\"content-xfa1\" aria-expanded=\"false\"><div class=\"w-tabs-section-title\">A chi \u00e8 dedicata l\u2019edizione 2026?<\/div><div class=\"w-tabs-section-control\"><\/div><\/button><div  class=\"w-tabs-section-content\" id=\"content-xfa1\"><div class=\"w-tabs-section-content-h i-cf\"><div class=\"wpb_text_column\"><div class=\"wpb_wrapper\"><p>La 65\u00aa edizione \u00e8 dedicata al cantaor <strong>Diego Clavel<\/strong>, vincitore del Concurso Antonio Mairena nel 1970.<\/p>\n<\/div><\/div><\/div><\/div><\/div><div class=\"w-tabs-section\" id=\"x06d\"><button type=\"button\" class=\"w-tabs-section-header\" aria-controls=\"content-x06d\" aria-expanded=\"false\"><div class=\"w-tabs-section-title\">Si pu\u00f2 arrivare da Siviglia in autobus?<\/div><div class=\"w-tabs-section-control\"><\/div><\/button><div  class=\"w-tabs-section-content\" id=\"content-x06d\"><div class=\"w-tabs-section-content-h i-cf\"><div class=\"wpb_text_column\"><div class=\"wpb_wrapper\"><p>S\u00ec. Esistono collegamenti metropolitani tra Siviglia e Mairena del Alcor. Per le attivit\u00e0 serali \u00e8 essenziale verificare l\u2019ultimo servizio di ritorno prima di partire.<\/p>\n<\/div><\/div><\/div><\/div><\/div><div class=\"w-tabs-section\" id=\"g131\"><button type=\"button\" class=\"w-tabs-section-header\" aria-controls=\"content-g131\" aria-expanded=\"false\"><div class=\"w-tabs-section-title\">Mairena del Alcor \u00e8 lontana da Siviglia?<\/div><div class=\"w-tabs-section-control\"><\/div><\/button><div  class=\"w-tabs-section-content\" id=\"content-g131\"><div class=\"w-tabs-section-content-h i-cf\"><div class=\"wpb_text_column\"><div class=\"wpb_wrapper\"><p>No. La localit\u00e0 si trova a circa 25\u201330 chilometri da Siviglia e il tragitto in auto dura normalmente circa mezz\u2019ora in condizioni normali.<\/p>\n<\/div><\/div><\/div><\/div><\/div><\/div><\/div><\/div><\/div><\/div><div class=\"vc_col-sm-1\/5 wpb_column vc_column_container\"><div class=\"vc_column-inner\"><div class=\"wpb_wrapper\"><\/div><\/div><\/div><\/div><\/div><\/section>\n","protected":false},"excerpt":{"rendered":"<p>Guida al Festival de Cante Jondo Antonio Mairena 2026: programma completo, artisti, biglietti, prezzi, sedi e come arrivare da Siviglia.<\/p>\n","protected":false},"author":1,"featured_media":14378,"comment_status":"closed","ping_status":"closed","sticky":false,"template":"","format":"standard","meta":{"_acf_changed":false,"wpai_generated_summary":"","_ayudawp_aiss_exclude":false,"_ayudawp_aiss_exclude_summary":false,"_ayudawp_aiss_summary":"","_ayudawp_aiss_summary_provider":"","_ayudawp_aiss_summary_hash":"","footnotes":""},"categories":[1670],"tags":[1990,1398,1984,1252],"class_list":["post-14387","post","type-post","status-publish","format-standard","has-post-thumbnail","hentry","category-festival-flamenco","tag-antonio-mairena-it","tag-cante-flamenco-it","tag-festival-cante-jondo-antonio-mairena-it","tag-festivales-flamencos"],"acf":[],"yoast_head":"<!-- This site is optimized with the Yoast SEO Premium plugin v28.4 (Yoast SEO v28.4) - https:\/\/yoast.com\/product\/yoast-seo-premium-wordpress\/ -->\n<title>Festival Antonio Mairena 2026: programma e biglietti<\/title>\n<meta name=\"description\" content=\"Festival de Cante Jondo Antonio Mairena 2026: programma completo, artisti, biglietti, prezzi, sedi e come arrivare da Siviglia.\" \/>\n<meta name=\"robots\" content=\"index, follow, max-snippet:-1, max-image-preview:large, max-video-preview:-1\" \/>\n<link rel=\"canonical\" href=\"https:\/\/www.tablaosflamencos.com\/it\/festival-cante-jondo-antonio-mairena-2026.html\" \/>\n<meta property=\"og:locale\" content=\"it_IT\" \/>\n<meta property=\"og:type\" content=\"article\" \/>\n<meta property=\"og:title\" content=\"Festival de Cante Jondo Antonio Mairena 2026: programma, biglietti e come arrivare da Siviglia\" \/>\n<meta property=\"og:description\" content=\"Festival de Cante Jondo Antonio Mairena 2026: programma completo, artisti, biglietti, prezzi, sedi e come arrivare da Siviglia.\" \/>\n<meta property=\"og:url\" content=\"https:\/\/www.tablaosflamencos.com\/it\/festival-cante-jondo-antonio-mairena-2026.html\" \/>\n<meta property=\"og:site_name\" content=\"Tablaos Flamencos\" \/>\n<meta property=\"article:publisher\" content=\"https:\/\/www.facebook.com\/tablaosflamencos\" \/>\n<meta property=\"article:published_time\" content=\"2026-09-04T15:00:57+00:00\" \/>\n<meta property=\"article:modified_time\" content=\"2026-09-04T15:31:24+00:00\" \/>\n<meta property=\"og:image\" content=\"https:\/\/www.tablaosflamencos.com\/wp-content\/uploads\/festival-de-cante-jondo-antonio-mairena-2026-programacion-entradas-y-como-llegar-desde-sevilla-01.webp\" \/>\n\t<meta property=\"og:image:width\" content=\"1491\" \/>\n\t<meta property=\"og:image:height\" content=\"1055\" \/>\n\t<meta property=\"og:image:type\" content=\"image\/webp\" \/>\n<meta name=\"author\" content=\"Miguel Ortiz\" \/>\n<meta name=\"twitter:card\" content=\"summary_large_image\" \/>\n<meta name=\"twitter:creator\" content=\"@tablaosflamenco\" \/>\n<meta name=\"twitter:site\" content=\"@tablaosflamenco\" \/>\n<meta name=\"twitter:label1\" content=\"Scritto da\" \/>\n\t<meta name=\"twitter:data1\" content=\"Miguel Ortiz\" \/>\n\t<meta name=\"twitter:label2\" content=\"Tempo di lettura stimato\" \/>\n\t<meta name=\"twitter:data2\" content=\"12 minuti\" \/>\n<script type=\"application\/ld+json\" class=\"yoast-schema-graph\">{\"@context\":\"https:\\\/\\\/schema.org\",\"@graph\":[{\"@type\":\"Article\",\"@id\":\"https:\\\/\\\/www.tablaosflamencos.com\\\/it\\\/festival-cante-jondo-antonio-mairena-2026.html#article\",\"isPartOf\":{\"@id\":\"https:\\\/\\\/www.tablaosflamencos.com\\\/it\\\/festival-cante-jondo-antonio-mairena-2026-da-siviglia.html\"},\"author\":{\"name\":\"Miguel Ortiz\",\"@id\":\"https:\\\/\\\/www.tablaosflamencos.com\\\/it#\\\/schema\\\/person\\\/e7a9ebe14eb75a52ceabfbffb3c54f5d\"},\"headline\":\"Festival de Cante Jondo Antonio Mairena 2026: programma, biglietti e come arrivare da Siviglia\",\"datePublished\":\"2026-09-04T15:00:57+00:00\",\"dateModified\":\"2026-09-04T15:31:24+00:00\",\"mainEntityOfPage\":{\"@id\":\"https:\\\/\\\/www.tablaosflamencos.com\\\/it\\\/festival-cante-jondo-antonio-mairena-2026-da-siviglia.html\"},\"wordCount\":2389,\"publisher\":{\"@id\":\"https:\\\/\\\/www.tablaosflamencos.com\\\/it#organization\"},\"image\":{\"@id\":\"https:\\\/\\\/www.tablaosflamencos.com\\\/it\\\/festival-cante-jondo-antonio-mairena-2026.html#primaryimage\"},\"thumbnailUrl\":\"https:\\\/\\\/www.tablaosflamencos.com\\\/wp-content\\\/uploads\\\/festival-de-cante-jondo-antonio-mairena-2026-programacion-entradas-y-como-llegar-desde-sevilla-01.webp\",\"keywords\":[\"Antonio Mairena\",\"cante flamenco\",\"Festival di Cante Jondo Antonio Mairena\",\"festivales flamencos\"],\"articleSection\":[\"Festival di flamenco\"],\"inLanguage\":\"it-IT\"},{\"@type\":\"WebPage\",\"@id\":\"https:\\\/\\\/www.tablaosflamencos.com\\\/it\\\/festival-cante-jondo-antonio-mairena-2026-da-siviglia.html\",\"url\":\"https:\\\/\\\/www.tablaosflamencos.com\\\/it\\\/festival-cante-jondo-antonio-mairena-2026.html\",\"name\":\"Festival Antonio Mairena 2026: programma e biglietti\",\"isPartOf\":{\"@id\":\"https:\\\/\\\/www.tablaosflamencos.com\\\/it#website\"},\"primaryImageOfPage\":{\"@id\":\"https:\\\/\\\/www.tablaosflamencos.com\\\/it\\\/festival-cante-jondo-antonio-mairena-2026.html#primaryimage\"},\"image\":{\"@id\":\"https:\\\/\\\/www.tablaosflamencos.com\\\/it\\\/festival-cante-jondo-antonio-mairena-2026.html#primaryimage\"},\"thumbnailUrl\":\"https:\\\/\\\/www.tablaosflamencos.com\\\/wp-content\\\/uploads\\\/festival-de-cante-jondo-antonio-mairena-2026-programacion-entradas-y-como-llegar-desde-sevilla-01.webp\",\"datePublished\":\"2026-09-04T15:00:57+00:00\",\"dateModified\":\"2026-09-04T15:31:24+00:00\",\"description\":\"Festival de Cante Jondo Antonio Mairena 2026: programma completo, artisti, biglietti, prezzi, sedi e come arrivare da Siviglia.\",\"breadcrumb\":{\"@id\":\"https:\\\/\\\/www.tablaosflamencos.com\\\/it\\\/festival-cante-jondo-antonio-mairena-2026.html#breadcrumb\"},\"inLanguage\":\"it-IT\",\"potentialAction\":[{\"@type\":\"ReadAction\",\"target\":[\"https:\\\/\\\/www.tablaosflamencos.com\\\/it\\\/festival-cante-jondo-antonio-mairena-2026.html\"]}]},{\"@type\":\"ImageObject\",\"inLanguage\":\"it-IT\",\"@id\":\"https:\\\/\\\/www.tablaosflamencos.com\\\/it\\\/festival-cante-jondo-antonio-mairena-2026.html#primaryimage\",\"url\":\"https:\\\/\\\/www.tablaosflamencos.com\\\/wp-content\\\/uploads\\\/festival-de-cante-jondo-antonio-mairena-2026-programacion-entradas-y-como-llegar-desde-sevilla-01.webp\",\"contentUrl\":\"https:\\\/\\\/www.tablaosflamencos.com\\\/wp-content\\\/uploads\\\/festival-de-cante-jondo-antonio-mairena-2026-programacion-entradas-y-como-llegar-desde-sevilla-01.webp\",\"width\":1491,\"height\":1055,\"caption\":\"Festival de Cante Jondo Antonio Mairena 2026: programaci\u00f3n, entradas y c\u00f3mo llegar desde Sevilla\"},{\"@type\":\"BreadcrumbList\",\"@id\":\"https:\\\/\\\/www.tablaosflamencos.com\\\/it\\\/festival-cante-jondo-antonio-mairena-2026.html#breadcrumb\",\"itemListElement\":[{\"@type\":\"ListItem\",\"position\":1,\"name\":\"Home\",\"item\":\"https:\\\/\\\/www.tablaosflamencos.com\\\/it\"},{\"@type\":\"ListItem\",\"position\":2,\"name\":\"Festival de Cante Jondo Antonio Mairena 2026: programma, biglietti e come arrivare da Siviglia\"}]},{\"@type\":\"WebSite\",\"@id\":\"https:\\\/\\\/www.tablaosflamencos.com\\\/it#website\",\"url\":\"https:\\\/\\\/www.tablaosflamencos.com\\\/it\",\"name\":\"Tablaos Flamencos\",\"description\":\"Entradas para tablaos flamencos de Espa\u00f1a\",\"publisher\":{\"@id\":\"https:\\\/\\\/www.tablaosflamencos.com\\\/it#organization\"},\"alternateName\":\"Tablaos Flamencos\",\"potentialAction\":[{\"@type\":\"SearchAction\",\"target\":{\"@type\":\"EntryPoint\",\"urlTemplate\":\"https:\\\/\\\/www.tablaosflamencos.com\\\/it?s={search_term_string}\"},\"query-input\":{\"@type\":\"PropertyValueSpecification\",\"valueRequired\":true,\"valueName\":\"search_term_string\"}}],\"inLanguage\":\"it-IT\"},{\"@type\":[\"Organization\",\"Place\",\"EntertainmentBusiness\"],\"@id\":\"https:\\\/\\\/www.tablaosflamencos.com\\\/it#organization\",\"name\":\"Tablaos Flamencos\",\"alternateName\":\"Tablaos Flamencos\",\"url\":\"https:\\\/\\\/www.tablaosflamencos.com\\\/it\",\"logo\":{\"@id\":\"https:\\\/\\\/www.tablaosflamencos.com\\\/it\\\/festival-cante-jondo-antonio-mairena-2026.html#local-main-organization-logo\"},\"image\":{\"@id\":\"https:\\\/\\\/www.tablaosflamencos.com\\\/it\\\/festival-cante-jondo-antonio-mairena-2026.html#local-main-organization-logo\"},\"sameAs\":[\"https:\\\/\\\/www.facebook.com\\\/tablaosflamencos\",\"https:\\\/\\\/x.com\\\/tablaosflamenco\",\"https:\\\/\\\/mastodon.social\\\/@tablaosflamencos\",\"https:\\\/\\\/www.instagram.com\\\/tablaosflamencos\",\"https:\\\/\\\/tiktok.com\\\/@tablaosflamencos\",\"https:\\\/\\\/www.linkedin.com\\\/company\\\/109408238\\\/\"],\"description\":\"Venta de entradas para espect\u00e1culos flamencos\",\"legalName\":\"Tablaos Flamencos\",\"foundingDate\":\"2015-01-01\",\"numberOfEmployees\":{\"@type\":\"QuantitativeValue\",\"minValue\":\"1\",\"maxValue\":\"10\"},\"address\":{\"@id\":\"https:\\\/\\\/www.tablaosflamencos.com\\\/it\\\/festival-cante-jondo-antonio-mairena-2026.html#local-main-place-address\"},\"geo\":{\"@type\":\"GeoCoordinates\",\"latitude\":\"37.3868072\",\"longitude\":\"-5.993280299999999\"},\"telephone\":[\"+34623787787\"],\"contactPoint\":{\"@type\":\"ContactPoint\",\"telephone\":\"+34623787787\",\"email\":\"info@tablaosflamencos.com\"},\"openingHoursSpecification\":{\"@type\":\"OpeningHoursSpecification\",\"dayOfWeek\":[\"Monday\",\"Tuesday\",\"Wednesday\",\"Thursday\",\"Friday\",\"Saturday\",\"Sunday\"],\"opens\":\"00:00\",\"closes\":\"23:59\"},\"email\":\"info@tablaosflamencos.com\",\"priceRange\":\"$$$\",\"currenciesAccepted\":\"\u20ac\"},{\"@type\":\"Person\",\"@id\":\"https:\\\/\\\/www.tablaosflamencos.com\\\/it#\\\/schema\\\/person\\\/e7a9ebe14eb75a52ceabfbffb3c54f5d\",\"name\":\"Miguel Ortiz\",\"description\":\"Miguel Ortiz es un empresario flamenco, con una s\u00f3lida trayectoria dentro del sector. Ha presidido entidades culturales vinculadas al flamenco y, cuenta con un amplio recorrido profesional en la gesti\u00f3n y promoci\u00f3n de espect\u00e1culos y tablaos flamencos. Su pasi\u00f3n por la historia y el arte flamenco se refleja en cada art\u00edculo, donde combina experiencia, criterio y un profundo respeto por la tradici\u00f3n.\",\"sameAs\":[\"https:\\\/\\\/www.tablaosflamencos.com\",\"https:\\\/\\\/www.instagra.com\\\/miguelortizfe\",\"https:\\\/\\\/www.linkedin.com\\\/in\\\/miguelortizf\\\/\"],\"birthDate\":\"1984-11-22\",\"gender\":\"hombre\",\"knowsLanguage\":[\"espa\u00f1ol\",\"ingl\u00e9s\"],\"jobTitle\":\"Empresario flamenco\"},{\"@type\":\"PostalAddress\",\"@id\":\"https:\\\/\\\/www.tablaosflamencos.com\\\/it\\\/festival-cante-jondo-antonio-mairena-2026.html#local-main-place-address\",\"streetAddress\":\"C\\\/ Alemanes, 19\",\"addressLocality\":\"Sevilla\",\"postalCode\":\"41004\",\"addressRegion\":\"Sevilla\",\"addressCountry\":\"ES\"},{\"@type\":\"ImageObject\",\"inLanguage\":\"it-IT\",\"@id\":\"https:\\\/\\\/www.tablaosflamencos.com\\\/it\\\/festival-cante-jondo-antonio-mairena-2026.html#local-main-organization-logo\",\"url\":\"https:\\\/\\\/www.tablaosflamencos.com\\\/wp-content\\\/uploads\\\/tablaos-flamencos-06-3.webp\",\"contentUrl\":\"https:\\\/\\\/www.tablaosflamencos.com\\\/wp-content\\\/uploads\\\/tablaos-flamencos-06-3.webp\",\"width\":600,\"height\":620,\"caption\":\"Tablaos Flamencos\"}]}<\/script>\n<meta name=\"geo.placename\" content=\"Sevilla\" \/>\n<meta name=\"geo.position\" content=\"37.3868072;-5.993280299999999\" \/>\n<meta name=\"geo.region\" content=\"Spagna\" \/>\n<!-- \/ Yoast SEO Premium plugin. -->","yoast_head_json":{"title":"Festival Antonio Mairena 2026: programma e biglietti","description":"Festival de Cante Jondo Antonio Mairena 2026: programma completo, artisti, biglietti, prezzi, sedi e come arrivare da Siviglia.","robots":{"index":"index","follow":"follow","max-snippet":"max-snippet:-1","max-image-preview":"max-image-preview:large","max-video-preview":"max-video-preview:-1"},"canonical":"https:\/\/www.tablaosflamencos.com\/it\/festival-cante-jondo-antonio-mairena-2026.html","og_locale":"it_IT","og_type":"article","og_title":"Festival de Cante Jondo Antonio Mairena 2026: programma, biglietti e come arrivare da Siviglia","og_description":"Festival de Cante Jondo Antonio Mairena 2026: programma completo, artisti, biglietti, prezzi, sedi e come arrivare da Siviglia.","og_url":"https:\/\/www.tablaosflamencos.com\/it\/festival-cante-jondo-antonio-mairena-2026.html","og_site_name":"Tablaos Flamencos","article_publisher":"https:\/\/www.facebook.com\/tablaosflamencos","article_published_time":"2026-09-04T15:00:57+00:00","article_modified_time":"2026-09-04T15:31:24+00:00","og_image":[{"width":1491,"height":1055,"url":"https:\/\/www.tablaosflamencos.com\/wp-content\/uploads\/festival-de-cante-jondo-antonio-mairena-2026-programacion-entradas-y-como-llegar-desde-sevilla-01.webp","type":"image\/webp"}],"author":"Miguel Ortiz","twitter_card":"summary_large_image","twitter_creator":"@tablaosflamenco","twitter_site":"@tablaosflamenco","twitter_misc":{"Scritto da":"Miguel Ortiz","Tempo di lettura stimato":"12 minuti"},"schema":{"@context":"https:\/\/schema.org","@graph":[{"@type":"Article","@id":"https:\/\/www.tablaosflamencos.com\/it\/festival-cante-jondo-antonio-mairena-2026.html#article","isPartOf":{"@id":"https:\/\/www.tablaosflamencos.com\/it\/festival-cante-jondo-antonio-mairena-2026-da-siviglia.html"},"author":{"name":"Miguel Ortiz","@id":"https:\/\/www.tablaosflamencos.com\/it#\/schema\/person\/e7a9ebe14eb75a52ceabfbffb3c54f5d"},"headline":"Festival de Cante Jondo Antonio Mairena 2026: programma, biglietti e come arrivare da Siviglia","datePublished":"2026-09-04T15:00:57+00:00","dateModified":"2026-09-04T15:31:24+00:00","mainEntityOfPage":{"@id":"https:\/\/www.tablaosflamencos.com\/it\/festival-cante-jondo-antonio-mairena-2026-da-siviglia.html"},"wordCount":2389,"publisher":{"@id":"https:\/\/www.tablaosflamencos.com\/it#organization"},"image":{"@id":"https:\/\/www.tablaosflamencos.com\/it\/festival-cante-jondo-antonio-mairena-2026.html#primaryimage"},"thumbnailUrl":"https:\/\/www.tablaosflamencos.com\/wp-content\/uploads\/festival-de-cante-jondo-antonio-mairena-2026-programacion-entradas-y-como-llegar-desde-sevilla-01.webp","keywords":["Antonio Mairena","cante flamenco","Festival di Cante Jondo Antonio Mairena","festivales flamencos"],"articleSection":["Festival di flamenco"],"inLanguage":"it-IT"},{"@type":"WebPage","@id":"https:\/\/www.tablaosflamencos.com\/it\/festival-cante-jondo-antonio-mairena-2026-da-siviglia.html","url":"https:\/\/www.tablaosflamencos.com\/it\/festival-cante-jondo-antonio-mairena-2026.html","name":"Festival Antonio Mairena 2026: programma e biglietti","isPartOf":{"@id":"https:\/\/www.tablaosflamencos.com\/it#website"},"primaryImageOfPage":{"@id":"https:\/\/www.tablaosflamencos.com\/it\/festival-cante-jondo-antonio-mairena-2026.html#primaryimage"},"image":{"@id":"https:\/\/www.tablaosflamencos.com\/it\/festival-cante-jondo-antonio-mairena-2026.html#primaryimage"},"thumbnailUrl":"https:\/\/www.tablaosflamencos.com\/wp-content\/uploads\/festival-de-cante-jondo-antonio-mairena-2026-programacion-entradas-y-como-llegar-desde-sevilla-01.webp","datePublished":"2026-09-04T15:00:57+00:00","dateModified":"2026-09-04T15:31:24+00:00","description":"Festival de Cante Jondo Antonio Mairena 2026: programma completo, artisti, biglietti, prezzi, sedi e come arrivare da Siviglia.","breadcrumb":{"@id":"https:\/\/www.tablaosflamencos.com\/it\/festival-cante-jondo-antonio-mairena-2026.html#breadcrumb"},"inLanguage":"it-IT","potentialAction":[{"@type":"ReadAction","target":["https:\/\/www.tablaosflamencos.com\/it\/festival-cante-jondo-antonio-mairena-2026.html"]}]},{"@type":"ImageObject","inLanguage":"it-IT","@id":"https:\/\/www.tablaosflamencos.com\/it\/festival-cante-jondo-antonio-mairena-2026.html#primaryimage","url":"https:\/\/www.tablaosflamencos.com\/wp-content\/uploads\/festival-de-cante-jondo-antonio-mairena-2026-programacion-entradas-y-como-llegar-desde-sevilla-01.webp","contentUrl":"https:\/\/www.tablaosflamencos.com\/wp-content\/uploads\/festival-de-cante-jondo-antonio-mairena-2026-programacion-entradas-y-como-llegar-desde-sevilla-01.webp","width":1491,"height":1055,"caption":"Festival de Cante Jondo Antonio Mairena 2026: programaci\u00f3n, entradas y c\u00f3mo llegar desde Sevilla"},{"@type":"BreadcrumbList","@id":"https:\/\/www.tablaosflamencos.com\/it\/festival-cante-jondo-antonio-mairena-2026.html#breadcrumb","itemListElement":[{"@type":"ListItem","position":1,"name":"Home","item":"https:\/\/www.tablaosflamencos.com\/it"},{"@type":"ListItem","position":2,"name":"Festival de Cante Jondo Antonio Mairena 2026: programma, biglietti e come arrivare da Siviglia"}]},{"@type":"WebSite","@id":"https:\/\/www.tablaosflamencos.com\/it#website","url":"https:\/\/www.tablaosflamencos.com\/it","name":"Tablaos Flamencos","description":"Entradas para tablaos flamencos de Espa\u00f1a","publisher":{"@id":"https:\/\/www.tablaosflamencos.com\/it#organization"},"alternateName":"Tablaos Flamencos","potentialAction":[{"@type":"SearchAction","target":{"@type":"EntryPoint","urlTemplate":"https:\/\/www.tablaosflamencos.com\/it?s={search_term_string}"},"query-input":{"@type":"PropertyValueSpecification","valueRequired":true,"valueName":"search_term_string"}}],"inLanguage":"it-IT"},{"@type":["Organization","Place","EntertainmentBusiness"],"@id":"https:\/\/www.tablaosflamencos.com\/it#organization","name":"Tablaos Flamencos","alternateName":"Tablaos Flamencos","url":"https:\/\/www.tablaosflamencos.com\/it","logo":{"@id":"https:\/\/www.tablaosflamencos.com\/it\/festival-cante-jondo-antonio-mairena-2026.html#local-main-organization-logo"},"image":{"@id":"https:\/\/www.tablaosflamencos.com\/it\/festival-cante-jondo-antonio-mairena-2026.html#local-main-organization-logo"},"sameAs":["https:\/\/www.facebook.com\/tablaosflamencos","https:\/\/x.com\/tablaosflamenco","https:\/\/mastodon.social\/@tablaosflamencos","https:\/\/www.instagram.com\/tablaosflamencos","https:\/\/tiktok.com\/@tablaosflamencos","https:\/\/www.linkedin.com\/company\/109408238\/"],"description":"Venta de entradas para espect\u00e1culos flamencos","legalName":"Tablaos Flamencos","foundingDate":"2015-01-01","numberOfEmployees":{"@type":"QuantitativeValue","minValue":"1","maxValue":"10"},"address":{"@id":"https:\/\/www.tablaosflamencos.com\/it\/festival-cante-jondo-antonio-mairena-2026.html#local-main-place-address"},"geo":{"@type":"GeoCoordinates","latitude":"37.3868072","longitude":"-5.993280299999999"},"telephone":["+34623787787"],"contactPoint":{"@type":"ContactPoint","telephone":"+34623787787","email":"info@tablaosflamencos.com"},"openingHoursSpecification":{"@type":"OpeningHoursSpecification","dayOfWeek":["Monday","Tuesday","Wednesday","Thursday","Friday","Saturday","Sunday"],"opens":"00:00","closes":"23:59"},"email":"info@tablaosflamencos.com","priceRange":"$$$","currenciesAccepted":"\u20ac"},{"@type":"Person","@id":"https:\/\/www.tablaosflamencos.com\/it#\/schema\/person\/e7a9ebe14eb75a52ceabfbffb3c54f5d","name":"Miguel Ortiz","description":"Miguel Ortiz es un empresario flamenco, con una s\u00f3lida trayectoria dentro del sector. Ha presidido entidades culturales vinculadas al flamenco y, cuenta con un amplio recorrido profesional en la gesti\u00f3n y promoci\u00f3n de espect\u00e1culos y tablaos flamencos. Su pasi\u00f3n por la historia y el arte flamenco se refleja en cada art\u00edculo, donde combina experiencia, criterio y un profundo respeto por la tradici\u00f3n.","sameAs":["https:\/\/www.tablaosflamencos.com","https:\/\/www.instagra.com\/miguelortizfe","https:\/\/www.linkedin.com\/in\/miguelortizf\/"],"birthDate":"1984-11-22","gender":"hombre","knowsLanguage":["espa\u00f1ol","ingl\u00e9s"],"jobTitle":"Empresario flamenco"},{"@type":"PostalAddress","@id":"https:\/\/www.tablaosflamencos.com\/it\/festival-cante-jondo-antonio-mairena-2026.html#local-main-place-address","streetAddress":"C\/ Alemanes, 19","addressLocality":"Sevilla","postalCode":"41004","addressRegion":"Sevilla","addressCountry":"ES"},{"@type":"ImageObject","inLanguage":"it-IT","@id":"https:\/\/www.tablaosflamencos.com\/it\/festival-cante-jondo-antonio-mairena-2026.html#local-main-organization-logo","url":"https:\/\/www.tablaosflamencos.com\/wp-content\/uploads\/tablaos-flamencos-06-3.webp","contentUrl":"https:\/\/www.tablaosflamencos.com\/wp-content\/uploads\/tablaos-flamencos-06-3.webp","width":600,"height":620,"caption":"Tablaos Flamencos"}]},"geo.placename":"Sevilla","geo.position":{"lat":"37.3868072","long":"-5.993280299999999"},"geo.region":"Spagna"},"_links":{"self":[{"href":"https:\/\/www.tablaosflamencos.com\/it\/wp-json\/wp\/v2\/posts\/14387","targetHints":{"allow":["GET"]}}],"collection":[{"href":"https:\/\/www.tablaosflamencos.com\/it\/wp-json\/wp\/v2\/posts"}],"about":[{"href":"https:\/\/www.tablaosflamencos.com\/it\/wp-json\/wp\/v2\/types\/post"}],"author":[{"embeddable":true,"href":"https:\/\/www.tablaosflamencos.com\/it\/wp-json\/wp\/v2\/users\/1"}],"replies":[{"embeddable":true,"href":"https:\/\/www.tablaosflamencos.com\/it\/wp-json\/wp\/v2\/comments?post=14387"}],"version-history":[{"count":0,"href":"https:\/\/www.tablaosflamencos.com\/it\/wp-json\/wp\/v2\/posts\/14387\/revisions"}],"wp:featuredmedia":[{"embeddable":true,"href":"https:\/\/www.tablaosflamencos.com\/it\/wp-json\/wp\/v2\/media\/14378"}],"wp:attachment":[{"href":"https:\/\/www.tablaosflamencos.com\/it\/wp-json\/wp\/v2\/media?parent=14387"}],"wp:term":[{"taxonomy":"category","embeddable":true,"href":"https:\/\/www.tablaosflamencos.com\/it\/wp-json\/wp\/v2\/categories?post=14387"},{"taxonomy":"post_tag","embeddable":true,"href":"https:\/\/www.tablaosflamencos.com\/it\/wp-json\/wp\/v2\/tags?post=14387"}],"curies":[{"name":"wp","href":"https:\/\/api.w.org\/{rel}","templated":true}]}}