{"id":14320,"date":"2026-09-03T23:26:41","date_gmt":"2026-09-03T21:26:41","guid":{"rendered":"https:\/\/www.tablaosflamencos.com\/?p=14320"},"modified":"2026-09-03T23:57:43","modified_gmt":"2026-09-03T21:57:43","slug":"flamenco-dopo-biennale-dove-vedere-siviglia","status":"publish","type":"post","link":"https:\/\/www.tablaosflamencos.com\/it\/flamenco-dopo-biennale-dove-vedere-siviglia.html","title":{"rendered":"Flamenco dopo la Biennale: dove continuare a vedere flamenco a Siviglia"},"content":{"rendered":"<section class=\"l-section wpb_row height_huge\"><div class=\"l-section-h i-cf\"><div class=\"g-cols vc_row via_flex valign_top type_default stacking_default\"><div class=\"vc_col-sm-6 wpb_column vc_column_container\"><div class=\"vc_column-inner\"><div class=\"wpb_wrapper\"><div class=\"wpb_text_column\"><div class=\"wpb_wrapper\"><h2>Flamenco dopo la Biennale: dove continuare a vedere flamenco a Siviglia<\/h2>\n<p>La <strong>Biennale di Flamenco di Siviglia 2026<\/strong> termina il 3 ottobre, ma questo non significa che la citt\u00e0 smetta di offrire flamenco dal vivo. Per diverse settimane la Biennale concentra prime, grandi produzioni, incontri irripetibili e artisti provenienti da tutta la Spagna; quando questo calendario straordinario si conclude, Siviglia torna al suo ritmo flamenco abituale, che resta molto intenso durante tutto il resto dell\u2019anno.<\/p>\n<p>Non \u00e8 la fine della stagione flamenca, ma il ritorno alla rete stabile di spazi che funziona durante tutto l\u2019anno.<\/p>\n<\/div><\/div><\/div><\/div><\/div><div class=\"vc_col-sm-6 wpb_column vc_column_container\"><div class=\"vc_column-inner\"><div class=\"wpb_wrapper\"><div class=\"wpb_text_column\"><div class=\"wpb_wrapper\"><h2>Cosa troverai a partire dal 4 ottobre<\/h2>\n<p>Per chi visita la citt\u00e0 <strong>a partire dal 4 ottobre<\/strong>, il cambiamento principale non \u00e8 la scomparsa del flamenco, ma il tipo di offerta. I grandi teatri smettono di funzionare come una rete temporanea di sedi del festival e tornano in primo piano i <strong>tablaos, gli spazi culturali, i teatri flamenco e le proposte stabili<\/strong> che programmano spettacoli con regolarit\u00e0.<\/p>\n<p>In molti casi, inoltre, questi spazi ospitano artisti che partecipano anche a festival, Biennali e circuiti professionali.<\/p>\n<p>Questa guida \u00e8 pensata per chi arriva a Siviglia dopo la Biennale e si chiede <strong>dove continuare a vedere buon flamenco, quale tipo di spettacolo scegliere e come organizzare una serata flamenca senza dipendere da un grande festival<\/strong>.<\/p>\n<\/div><\/div><\/div><\/div><\/div><\/div><\/div><\/section><section class=\"l-section wpb_row height_huge color_alternate with_shape\"><div class=\"l-section-shape type_zigzag pos_top hor_flip\" style=\"height:3vmin;\"><svg xmlns=\"http:\/\/www.w3.org\/2000\/svg\" viewBox=\"0 0 64 8\" preserveAspectRatio=\"none\" width=\"100%\" height=\"100%\">\r\n\t<path fill=\"currentColor\" d=\"M64 8 L0 8 L0 0 L20 7.9 L40 3 L48 5 L64 0 Z\"\/>\r\n<\/svg><\/div><div class=\"l-section-shape type_zigzag pos_bottom\" style=\"height:3vmin;\"><svg xmlns=\"http:\/\/www.w3.org\/2000\/svg\" viewBox=\"0 0 64 8\" preserveAspectRatio=\"none\" width=\"100%\" height=\"100%\">\r\n\t<path fill=\"currentColor\" d=\"M64 8 L0 8 L0 0 L20 7.9 L40 3 L48 5 L64 0 Z\"\/>\r\n<\/svg><\/div><div class=\"l-section-h i-cf\"><div class=\"g-cols vc_row via_flex valign_top type_default stacking_default\"><div class=\"vc_col-sm-12 wpb_column vc_column_container\"><div class=\"vc_column-inner\"><div class=\"wpb_wrapper\"><div class=\"wpb_text_column\"><div class=\"wpb_wrapper\"><blockquote>\n<p><strong>Risposta rapida:<\/strong> dopo la Biennale di Flamenco 2026 puoi continuare a vedere flamenco a Siviglia durante tutto l\u2019anno. L\u2019opzione pi\u00f9 semplice per un visitatore \u00e8 prenotare uno spettacolo stabile in un tablao o teatro flamenco. Tra le opzioni che puoi prenotare direttamente su Tablaos Flamencos ci sono <a href=\"https:\/\/www.tablaosflamencos.com\/it\/tablao\/tablao-flamenco-las-setas\"><strong>Tablao Flamenco Las Setas<\/strong><\/a>, <a href=\"https:\/\/www.tablaosflamencos.com\/it\/tablao\/tablao-flamenco-la-cantaora\"><strong>Tablao Flamenco La Cantaora<\/strong><\/a>, <a href=\"https:\/\/www.tablaosflamencos.com\/it\/tablao\/casa-duende-tablao\"><strong>Casa Duende Tablao<\/strong><\/a>, <a href=\"https:\/\/www.tablaosflamencos.com\/it\/tablao\/tablao-flamenco-las-duenas\"><strong>Tablao Flamenco Las Due\u00f1as<\/strong><\/a>, <a href=\"https:\/\/www.tablaosflamencos.com\/it\/tablao\/tablao-flamenco-casa-inquieta\"><strong>Casa Inquieta<\/strong><\/a>, <a href=\"https:\/\/www.tablaosflamencos.com\/it\/tablao\/casa-flamenco-azahar\"><strong>Casa Flamenco Azahar<\/strong><\/a> e <a href=\"https:\/\/www.tablaosflamencos.com\/it\/tablao\/tablao-flamenco-el-jardin-de-murillo\"><strong>El Jard\u00edn de Murillo<\/strong><\/a>; a Triana puoi prenotare <a href=\"https:\/\/www.tablaosflamencos.com\/it\/tablao\/baraka-sala-flamenca\"><strong>Baraka Sala Flamenca<\/strong><\/a> e <a href=\"https:\/\/www.tablaosflamencos.com\/it\/tablao\/tablao-flamenco-triana\"><strong>Tablao Flamenco Triana<\/strong><\/a>. Orari, cast e prezzi possono cambiare, quindi \u00e8 consigliabile prenotare in anticipo e verificare la sessione disponibile per la data specifica.<\/p>\n<\/blockquote>\n<p><strong>Ultimo aggiornamento: 3 settembre 2026.<\/strong><\/p>\n<p>Consulta anche la nostra <a href=\"https:\/\/www.tablaosflamencos.com\/it\/flamenco-a-siviglia\"><strong>guida completa per vedere flamenco a Siviglia<\/strong><\/a> e la <a href=\"https:\/\/www.tablaosflamencos.com\/it\/biennale-flamenco-siviglia-2026.html\"><strong>guida alla Biennale di Flamenco di Siviglia 2026<\/strong><\/a>.<\/p>\n<\/div><\/div><div class=\"w-separator size_medium\"><\/div><div class=\"w-hwrapper valign_top wrap align_center\" style=\"--hwrapper-gap:1.2rem\"><div class=\"w-btn-wrapper align_none\"><a class=\"w-btn us-btn-style_1\" href=\"https:\/\/www.tablaosflamencos.com\/it\/flamenco-a-siviglia\"><span class=\"w-btn-label\">Vedi flamenco a Siviglia<\/span><\/a><\/div><div class=\"w-btn-wrapper align_none\"><a class=\"w-btn us-btn-style_11\" href=\"https:\/\/www.tablaosflamencos.com\/it\/come-prenotare\"><span class=\"w-btn-label\">Come prenotare<\/span><\/a><\/div><\/div><\/div><\/div><\/div><\/div><\/div><\/section><section class=\"l-section wpb_row height_huge\"><div class=\"l-section-h i-cf\"><div class=\"g-cols vc_row via_flex valign_top type_default stacking_default\"><div class=\"vc_col-sm-3 wpb_column vc_column_container\"><div class=\"vc_column-inner\"><div class=\"wpb_wrapper\"><\/div><\/div><\/div><div class=\"vc_col-sm-6 wpb_column vc_column_container\"><div class=\"vc_column-inner\"><div class=\"wpb_wrapper\"><div class=\"wpb_text_column\"><div class=\"wpb_wrapper\"><h2>Contenuto di questa guida<\/h2>\n<ul>\n<li><a href=\"#que-cambia\">Cosa cambia quando finisce la Biennale<\/a><\/li>\n<li><a href=\"#tablaos\">I tablaos: l\u2019opzione pi\u00f9 stabile<\/a><\/li>\n<li><a href=\"#donde-ver\">Dove continuare a vedere flamenco a Siviglia<\/a><\/li>\n<li><a href=\"#triana\">Continuare a vivere il flamenco a Triana<\/a><\/li>\n<li><a href=\"#intimo\">Spazi intimi e formati ravvicinati<\/a><\/li>\n<li><a href=\"#gran-formato\">Proposte di formato pi\u00f9 ampio<\/a><\/li>\n<li><a href=\"#elegir\">Come scegliere un buon spettacolo<\/a><\/li>\n<li><a href=\"#plan\">Un piano pratico per una serata flamenca<\/a><\/li>\n<li><a href=\"#mas-alla\">Oltre i tablaos<\/a><\/li>\n<li><a href=\"#faq\">Domande frequenti<\/a><\/li>\n<\/ul>\n<\/div><\/div><\/div><\/div><\/div><div class=\"vc_col-sm-3 wpb_column vc_column_container\"><div class=\"vc_column-inner\"><div class=\"wpb_wrapper\"><\/div><\/div><\/div><\/div><\/div><\/section><section class=\"l-section wpb_row height_huge color_alternate with_shape\"><div class=\"l-section-shape type_zigzag pos_top\" style=\"height:3vmin;\"><svg xmlns=\"http:\/\/www.w3.org\/2000\/svg\" viewBox=\"0 0 64 8\" preserveAspectRatio=\"none\" width=\"100%\" height=\"100%\">\r\n\t<path fill=\"currentColor\" d=\"M64 8 L0 8 L0 0 L20 7.9 L40 3 L48 5 L64 0 Z\"\/>\r\n<\/svg><\/div><div class=\"l-section-shape type_zigzag pos_bottom\" style=\"height:3vmin;\"><svg xmlns=\"http:\/\/www.w3.org\/2000\/svg\" viewBox=\"0 0 64 8\" preserveAspectRatio=\"none\" width=\"100%\" height=\"100%\">\r\n\t<path fill=\"currentColor\" d=\"M64 8 L0 8 L0 0 L20 7.9 L40 3 L48 5 L64 0 Z\"\/>\r\n<\/svg><\/div><div class=\"l-section-h i-cf\"><div class=\"g-cols vc_row via_flex valign_top type_default stacking_default\"><div class=\"vc_col-sm-6 wpb_column vc_column_container\"><div class=\"vc_column-inner\"><div class=\"wpb_wrapper\"><div class=\"wpb_text_column\"><div class=\"wpb_wrapper\"><h2 id=\"que-cambia\">Cosa cambia a Siviglia quando finisce la Biennale<\/h2>\n<p>Durante la Biennale, il visitatore pu\u00f2 trovare flamenco in spazi che normalmente non fanno parte di un circuito quotidiano: grandi teatri, monumenti, cortili storici, antiche fabbriche, chiese sconsacrate o luoghi utilizzati appositamente per un\u2019edizione del festival. Questa eccezionalit\u00e0 \u00e8 uno dei grandi punti di forza della Biennale, ma pu\u00f2 anche creare un\u2019impressione sbagliata: che fuori da queste date l\u2019offerta flamenca sia molto pi\u00f9 limitata.<\/p>\n<p>In realt\u00e0 si tratta di due modelli diversi. <strong>La Biennale \u00e8 un evento straordinario; i tablaos e gli spazi flamenco costituiscono l\u2019infrastruttura stabile della citt\u00e0.<\/strong><\/p>\n<p>Dopo il 3 ottobre non \u00e8 pi\u00f9 necessario costruire la visita attorno al calendario ufficiale del festival. In compenso, diventa molto pi\u00f9 facile organizzare liberamente una serata flamenca: scegliere zona, sessione, tipo di sala, vicinanza al palco e formato dello spettacolo in base al resto dell\u2019itinerario turistico.<\/p>\n<p>Il visitatore deve inoltre tenere presente che i cast di un tablao non funzionano di solito come il cast fisso di una produzione teatrale. I quadri artistici possono variare e questa rotazione fa parte della natura professionale di questi spazi.<\/p>\n<p>Per questo, scegliendo dopo la Biennale, conviene pensare meno a inseguire un solo nome e pi\u00f9 a <strong>scegliere uno spazio, un\u2019esperienza e un formato che corrispondano a ci\u00f2 che cerchi<\/strong>.<\/p>\n<\/div><\/div><\/div><\/div><\/div><div class=\"vc_col-sm-6 wpb_column vc_column_container\"><div class=\"vc_column-inner\"><div class=\"wpb_wrapper\"><div class=\"wpb_text_column\"><div class=\"wpb_wrapper\"><h2 id=\"tablaos\">I tablaos: il modo pi\u00f9 semplice per continuare a vedere flamenco<\/h2>\n<p>Per un visitatore che vuole assicurarsi una serata di flamenco dopo la Biennale, il tablao \u00e8 solitamente l\u2019opzione pi\u00f9 pratica. Il suo principale vantaggio \u00e8 la <strong>regolarit\u00e0<\/strong>: mentre un recital teatrale, una pe\u00f1a o un festival dipendono da una data specifica, i tablaos mantengono calendari stabili o molto frequenti per gran parte dell\u2019anno.<\/p>\n<p>Questo non significa che tutti i tablaos siano uguali. Siviglia offre spazi storici con decenni di esperienza, sale contemporanee, piccoli centri culturali e teatri specificamente dedicati al flamenco.<\/p>\n<p>Un buon cuadro flamenco permette di ascoltare e vedere i tre pilastri fondamentali dello spettacolo dal vivo: <strong>cante, baile e chitarra<\/strong>. A seconda della sala possono aggiungersi palmas, percussioni o altri elementi, ma ci\u00f2 che conta \u00e8 che l\u2019esperienza sia costruita attorno a veri interpreti e alla loro interazione.<\/p>\n<p>Se \u00e8 la tua prima volta, di solito \u00e8 preferibile scegliere lo spettacolo per la qualit\u00e0 e il tipo di sala piuttosto che per i servizi secondari. La cena pu\u00f2 essere una soluzione comoda in alcuni spazi, ma non \u00e8 necessaria per godersi il flamenco. Se la tua priorit\u00e0 \u00e8 il palco, una buona strategia consiste nel <strong>prenotare lo spettacolo e organizzare tapas o cena prima o dopo<\/strong>.<\/p>\n<p>Puoi consultare la selezione attuale della citt\u00e0 nella nostra pagina <a href=\"https:\/\/www.tablaosflamencos.com\/it\/flamenco-a-siviglia\"><strong>flamenco a Siviglia<\/strong><\/a> e scoprire anche come funziona il processo in <a href=\"https:\/\/www.tablaosflamencos.com\/it\/come-prenotare\"><strong>Come prenotare<\/strong><\/a>.<\/p>\n<\/div><\/div><\/div><\/div><\/div><\/div><\/div><\/section><section class=\"l-section wpb_row height_huge\"><div class=\"l-section-h i-cf\"><div class=\"g-cols vc_row via_flex valign_top type_default stacking_default\"><div class=\"vc_col-sm-12 wpb_column vc_column_container\"><div class=\"vc_column-inner\"><div class=\"wpb_wrapper\"><div class=\"wpb_text_column\"><div class=\"wpb_wrapper\"><h2 id=\"donde-ver\">Dove continuare a vedere flamenco a Siviglia dopo la Biennale<\/h2>\n<p>Non esiste un unico \u201cmiglior tablao\u201d per tutti. La scelta dipende dal fatto che tu cerchi tradizione, vicinanza, una produzione visiva pi\u00f9 ampia, una posizione specifica o un\u2019esperienza combinata con altri programmi. Questi sono alcuni degli spazi che fanno parte dell\u2019offerta flamenca stabile di Siviglia e possono servire come riferimento per organizzare la visita:<\/p>\n<div style=\"overflow-x: auto;\">\n<table>\n<thead>\n<tr>\n<th>Spazio<\/th>\n<th>Zona<\/th>\n<th>Pu\u00f2 interessarti se cerchi&#8230;<\/th>\n<\/tr>\n<\/thead>\n<tbody>\n<tr>\n<td><a href=\"https:\/\/www.tablaosflamencos.com\/it\/tablao\/tablao-flamenco-las-setas\"><strong>Tablao Flamenco Las Setas<\/strong><\/a><\/td>\n<td>Las Setas \/ Encarnaci\u00f3n<\/td>\n<td>Posizione centrale, formato curato e possibilit\u00e0 di integrare lo spettacolo in un itinerario nel centro.<\/td>\n<\/tr>\n<tr>\n<td><a href=\"https:\/\/www.tablaosflamencos.com\/it\/tablao\/tablao-flamenco-la-cantaora\"><strong>Tablao Flamenco La Cantaora<\/strong><\/a><\/td>\n<td>Plaza Nueva \/ Centro<\/td>\n<td>Combinare flamenco e gastronomia in un\u2019unica prenotazione.<\/td>\n<\/tr>\n<tr>\n<td><a href=\"https:\/\/www.tablaosflamencos.com\/it\/tablao\/casa-duende-tablao\"><strong>Casa Duende Tablao<\/strong><\/a><\/td>\n<td>Centro<\/td>\n<td>Una sala di piccole dimensioni con grande vicinanza agli artisti.<\/td>\n<\/tr>\n<tr>\n<td><a href=\"https:\/\/www.tablaosflamencos.com\/it\/tablao\/tablao-flamenco-las-duenas\"><strong>Tablao Flamenco Las Due\u00f1as<\/strong><\/a><\/td>\n<td>Santa Catalina \/ Due\u00f1as<\/td>\n<td>Un formato intimo di fronte al Palacio de las Due\u00f1as.<\/td>\n<\/tr>\n<tr>\n<td><a href=\"https:\/\/www.tablaosflamencos.com\/it\/tablao\/tablao-flamenco-casa-inquieta\"><strong>Tablao Flamenco Casa Inquieta<\/strong><\/a><\/td>\n<td>Calle Zaragoza \/ Centro<\/td>\n<td>Una casa-palazzo del XIX secolo con un cuadro flamenco in formato ravvicinato.<\/td>\n<\/tr>\n<tr>\n<td><a href=\"https:\/\/www.tablaosflamencos.com\/it\/tablao\/casa-flamenco-azahar\"><strong>Casa Flamenco Azahar<\/strong><\/a><\/td>\n<td>Santa Cruz<\/td>\n<td>Un\u2019esperienza particolarmente intima, con capienza molto ridotta e senza amplificazione.<\/td>\n<\/tr>\n<tr>\n<td><a href=\"https:\/\/www.tablaosflamencos.com\/it\/tablao\/tablao-flamenco-el-jardin-de-murillo\"><strong>Tablao Flamenco El Jard\u00edn de Murillo<\/strong><\/a><\/td>\n<td>Santa Cruz \/ Jardines de Murillo<\/td>\n<td>Inserire il flamenco dopo aver visitato Alc\u00e1zar, Cattedrale e Santa Cruz.<\/td>\n<\/tr>\n<tr>\n<td><a href=\"https:\/\/www.tablaosflamencos.com\/it\/tablao\/baraka-sala-flamenca\"><strong>Baraka Sala Flamenca<\/strong><\/a><\/td>\n<td>Triana<\/td>\n<td>Flamenco tradizionale a Triana con gli artisti molto vicini al pubblico.<\/td>\n<\/tr>\n<tr>\n<td><a href=\"https:\/\/www.tablaosflamencos.com\/it\/tablao\/tablao-flamenco-triana\"><strong>Tablao Flamenco Triana<\/strong><\/a><\/td>\n<td>Triana<\/td>\n<td>Completare una serata nel quartiere con cante, chitarra e baile vicino al Guadalquivir.<\/td>\n<\/tr>\n<\/tbody>\n<\/table>\n<\/div>\n<p>Questa lista non pretende di esaurire l\u2019offerta della citt\u00e0. Siviglia dispone di altri tablaos, sale e spazi culturali e la disponibilit\u00e0 cambia in base alla data. L\u2019obiettivo \u00e8 mostrare che, una volta terminata la Biennale, <strong>continuano a esserci opzioni molto diverse tra loro<\/strong>.<\/p>\n<p>Il modo pi\u00f9 affidabile per scegliere \u00e8 consultare le sessioni disponibili per la data specifica e confrontare posizione, durata approssimativa, dimensioni della sala e tipo di esperienza prima di prenotare.<\/p>\n<\/div><\/div><\/div><\/div><\/div><\/div><\/div><\/section><section class=\"l-section wpb_row height_huge color_alternate with_shape\"><div class=\"l-section-shape type_zigzag pos_top hor_flip\" style=\"height:3vmin;\"><svg xmlns=\"http:\/\/www.w3.org\/2000\/svg\" viewBox=\"0 0 64 8\" preserveAspectRatio=\"none\" width=\"100%\" height=\"100%\">\r\n\t<path fill=\"currentColor\" d=\"M64 8 L0 8 L0 0 L20 7.9 L40 3 L48 5 L64 0 Z\"\/>\r\n<\/svg><\/div><div class=\"l-section-shape type_zigzag pos_bottom\" style=\"height:3vmin;\"><svg xmlns=\"http:\/\/www.w3.org\/2000\/svg\" viewBox=\"0 0 64 8\" preserveAspectRatio=\"none\" width=\"100%\" height=\"100%\">\r\n\t<path fill=\"currentColor\" d=\"M64 8 L0 8 L0 0 L20 7.9 L40 3 L48 5 L64 0 Z\"\/>\r\n<\/svg><\/div><div class=\"l-section-h i-cf\"><div class=\"g-cols vc_row via_flex valign_top type_default stacking_default\"><div class=\"vc_col-sm-6 wpb_column vc_column_container\"><div class=\"vc_column-inner\"><div class=\"wpb_wrapper\"><div class=\"wpb_text_column\"><div class=\"wpb_wrapper\"><h2 id=\"triana\">Triana dopo la Biennale: attraversare il fiume per continuare con il flamenco<\/h2>\n<p>Triana occupa un posto speciale nella storia e nell\u2019immaginario flamenco di Siviglia. Durante la Biennale pu\u00f2 essere legata a sedi straordinarie e progetti specifici; fuori dal festival, il quartiere resta uno dei luoghi pi\u00f9 interessanti per inserire il flamenco in una serata sivigliana.<\/p>\n<p>Il vantaggio di scegliere Triana non sta soltanto nello spettacolo. Permette di costruire un itinerario completo a piedi: attraversare il Ponte Isabel II, passeggiare nei dintorni di calle Betis, entrare nel quartiere da San Jacinto o Pureza e terminare la serata in uno spazio flamenco.<\/p>\n<p>Nel nostro portale puoi prenotare direttamente due opzioni stabili nel quartiere: <a href=\"https:\/\/www.tablaosflamencos.com\/it\/tablao\/baraka-sala-flamenca\"><strong>Baraka Sala Flamenca<\/strong><\/a>, in calle Pureza, e <a href=\"https:\/\/www.tablaosflamencos.com\/it\/tablao\/tablao-flamenco-triana\"><strong>Tablao Flamenco Triana<\/strong><\/a>. Entrambe permettono di organizzare la serata a Triana attorno a una sessione confermata e completare il programma passeggiando nel quartiere prima o dopo.<\/p>\n<p>Se l\u2019obiettivo \u00e8 prenotare con certezza, conviene distinguere tra <strong>uno spettacolo con sessione confermata<\/strong> e la possibilit\u00e0 pi\u00f9 aperta di trovare attivit\u00e0 flamenca spontanea. Per un viaggio di pochi giorni, prenotare prima e lasciare l\u2019imprevisto come complemento \u00e8 solitamente la scelta pi\u00f9 pratica.<\/p>\n<p>Consulta la nostra guida specifica sul <a href=\"https:\/\/www.tablaosflamencos.com\/it\/flamenco-a-triana\"><strong>flamenco a Triana<\/strong><\/a> per approfondire questa parte del viaggio.<\/p>\n<\/div><\/div><\/div><\/div><\/div><div class=\"vc_col-sm-6 wpb_column vc_column_container\"><div class=\"vc_column-inner\"><div class=\"wpb_wrapper\"><div class=\"wpb_text_column\"><div class=\"wpb_wrapper\"><h2 id=\"intimo\">Se cerchi un formato intimo: meno distanza, pi\u00f9 attenzione ai dettagli<\/h2>\n<p>Una delle esperienze che sorprende di pi\u00f9 chi arriva dai grandi teatri della Biennale \u00e8 passare a una sala piccola. Il cambio di scala modifica completamente la percezione: si sentono i respiri, i richiami tra gli interpreti, il colpo del piede sul pavimento e le risposte del cuadro con una vicinanza che un grande palcoscenico non pu\u00f2 riprodurre nello stesso modo.<\/p>\n<p>Tra le opzioni del nostro portale che meglio corrispondono a questa idea ci sono <a href=\"https:\/\/www.tablaosflamencos.com\/it\/tablao\/casa-flamenco-azahar\"><strong>Casa Flamenco Azahar<\/strong><\/a>, con una capienza massima molto ridotta e senza microfoni, e <a href=\"https:\/\/www.tablaosflamencos.com\/it\/tablao\/casa-duende-tablao\"><strong>Casa Duende Tablao<\/strong><\/a>, anch\u2019esso orientato a un\u2019esperienza di grande vicinanza. Per un visitatore interessato al cante, alla chitarra o a osservare da vicino la costruzione del baile, questo tipo di formato pu\u00f2 essere particolarmente consigliabile.<\/p>\n<p>L\u2019intimit\u00e0, tuttavia, non va confusa con l\u2019improvvisazione turistica. Uno spazio piccolo pu\u00f2 offrire uno spettacolo molto professionale. L\u2019importante \u00e8 valutare se esistono una programmazione definita, un palco adeguato e un quadro artistico chiaramente annunciato.<\/p>\n<p>C\u2019\u00e8 anche una conseguenza pratica: <strong>pi\u00f9 piccola \u00e8 la capienza, pi\u00f9 \u00e8 importante prenotare<\/strong>. In autunno, ponti festivi, fine settimana e date con congressi o grandi eventi a Siviglia possono concentrare molta domanda anche dopo la fine della Biennale.<\/p>\n<\/div><\/div><\/div><\/div><\/div><\/div><\/div><\/section><section class=\"l-section wpb_row height_huge\"><div class=\"l-section-h i-cf\"><div class=\"g-cols vc_row via_flex valign_top type_default stacking_default\"><div class=\"vc_col-sm-6 wpb_column vc_column_container\"><div class=\"vc_column-inner\"><div class=\"wpb_wrapper\"><div class=\"wpb_text_column\"><div class=\"wpb_wrapper\"><h2 id=\"gran-formato\">Se ti manca il grande formato della Biennale<\/h2>\n<p>Chi ha assistito durante la Biennale a una grande produzione al Maestranza, al Lope de Vega o al Teatro Central deve tenere presente che il formato abituale di un tablao \u00e8 diverso. Il tablao non cerca di riprodurre una produzione teatrale da festival: la sua forza sta nella vicinanza, nella rotazione artistica e nel rapporto diretto tra cante, toque e baile.<\/p>\n<p>Anche cos\u00ec, nel nostro catalogo ci sono proposte con una messa in scena pi\u00f9 strutturata o un\u2019esperienza pi\u00f9 ampia. <a href=\"https:\/\/www.tablaosflamencos.com\/it\/tablao\/tablao-flamenco-las-setas\"><strong>Tablao Flamenco Las Setas<\/strong><\/a> combina un ambiente contemporaneo con una produzione curata; e <a href=\"https:\/\/www.tablaosflamencos.com\/it\/tablao\/tablao-flamenco-la-cantaora\"><strong>Tablao Flamenco La Cantaora<\/strong><\/a> offre formule che integrano spettacolo e gastronomia.<\/p>\n<p>Se preferisci che l\u2019architettura faccia parte del programma, <a href=\"https:\/\/www.tablaosflamencos.com\/it\/tablao\/tablao-flamenco-casa-inquieta\"><strong>Casa Inquieta<\/strong><\/a> propone lo spettacolo in una casa-palazzo del XIX secolo e permette di includere l\u2019edificio stesso nell\u2019esperienza flamenca.<\/p>\n<p>Non esiste una gerarchia automatica tra sala grande e piccola. Sono esperienze diverse. La domanda utile \u00e8: <strong>vuoi sentire il flamenco a pochi metri di distanza o preferisci una produzione pi\u00f9 ampia e teatrale?<\/strong><\/p>\n<\/div><\/div><\/div><\/div><\/div><div class=\"vc_col-sm-6 wpb_column vc_column_container\"><div class=\"vc_column-inner\"><div class=\"wpb_wrapper\"><div class=\"wpb_text_column\"><div class=\"wpb_wrapper\"><h2 id=\"elegir\">Come scegliere un buon spettacolo dopo la Biennale<\/h2>\n<p>L\u2019enorme qualit\u00e0 e diversit\u00e0 di una Biennale pu\u00f2 alzare molto le aspettative. Per scegliere bene dopo il festival conviene cambiare criterio di confronto: non cercare la replica di una produzione straordinaria, ma una buona esperienza di flamenco dal vivo.<\/p>\n<p><strong>1. Verifica che lo spettacolo includa cante, baile e chitarra.<\/strong> Per una prima esperienza, un cuadro completo permette di capire meglio come interagiscono i tre linguaggi.<\/p>\n<p><strong>2. Scegli la dimensione della sala che preferisci.<\/strong> Uno spazio piccolo offre vicinanza; una sala grande pu\u00f2 offrire una messa in scena pi\u00f9 spettacolare.<\/p>\n<p><strong>3. Dai priorit\u00e0 allo spettacolo rispetto alla cena se il flamenco \u00e8 il motivo principale.<\/strong> Puoi cenare o prendere tapas prima o dopo e dedicare la funzione esclusivamente a guardare e ascoltare.<\/p>\n<p><strong>4. Non basare tutta la decisione su un solo artista.<\/strong> I cast possono variare. In un tablao professionale, parte dell\u2019interesse sta proprio nello scoprire combinazioni diverse di interpreti.<\/p>\n<p><strong>5. Considera la posizione all\u2019interno del tuo itinerario.<\/strong> Santa Cruz, Arenal, Encarnaci\u00f3n, il centro e Triana offrono esperienze molto diverse prima e dopo lo spettacolo.<\/p>\n<p><strong>6. Prenota online.<\/strong> La fine del festival non significa che la domanda scompaia. Siviglia riceve visitatori per tutto l\u2019autunno e alcune sessioni possono esaurirsi.<\/p>\n<p><strong>7. Se viaggi con bambini, verifica le condizioni dello spazio.<\/strong> Molti spettacoli accolgono famiglie, ma et\u00e0 minime e condizioni possono variare da uno spazio all\u2019altro.<\/p>\n<p>Se hai dubbi sul processo, consulta <a href=\"https:\/\/www.tablaosflamencos.com\/it\/come-prenotare\"><strong>come prenotare<\/strong><\/a> e le nostre <a href=\"https:\/\/www.tablaosflamencos.com\/it\/condizioni-di-vendita-e-cancellazione\"><strong>condizioni di vendita<\/strong><\/a> prima di confermare.<\/p>\n<\/div><\/div><\/div><\/div><\/div><\/div><\/div><\/section><section class=\"l-section wpb_row height_huge color_alternate with_shape\"><div class=\"l-section-shape type_zigzag pos_top hor_flip\" style=\"height:3vmin;\"><svg xmlns=\"http:\/\/www.w3.org\/2000\/svg\" viewBox=\"0 0 64 8\" preserveAspectRatio=\"none\" width=\"100%\" height=\"100%\">\r\n\t<path fill=\"currentColor\" d=\"M64 8 L0 8 L0 0 L20 7.9 L40 3 L48 5 L64 0 Z\"\/>\r\n<\/svg><\/div><div class=\"l-section-shape type_zigzag pos_bottom\" style=\"height:3vmin;\"><svg xmlns=\"http:\/\/www.w3.org\/2000\/svg\" viewBox=\"0 0 64 8\" preserveAspectRatio=\"none\" width=\"100%\" height=\"100%\">\r\n\t<path fill=\"currentColor\" d=\"M64 8 L0 8 L0 0 L20 7.9 L40 3 L48 5 L64 0 Z\"\/>\r\n<\/svg><\/div><div class=\"l-section-h i-cf\"><div class=\"g-cols vc_row via_flex valign_top type_default stacking_default\"><div class=\"vc_col-sm-6 wpb_column vc_column_container\"><div class=\"vc_column-inner\"><div class=\"wpb_wrapper\"><div class=\"wpb_text_column\"><div class=\"wpb_wrapper\"><h2 id=\"plan\">Un piano semplice per una serata flamenca a Siviglia dopo il 3 ottobre<\/h2>\n<p>Se hai a disposizione una sola serata, non \u00e8 necessario complicare troppo l\u2019itinerario. Una formula efficace \u00e8 scegliere prima lo spettacolo e costruire il resto attorno ad esso.<\/p>\n<p><strong>Opzione centro storico:<\/strong> passeggiata tra Cattedrale, Santa Cruz o zona del Municipio; tapas prima della funzione; spettacolo in un tablao del centro; passeggiata successiva nel centro storico.<\/p>\n<p><strong>Opzione Arenal:<\/strong> passeggiata lungo il Guadalquivir e la Torre del Oro; cena o tapas in zona; spettacolo flamenco; rientro a piedi verso Puerta Jerez o il centro.<\/p>\n<p><strong>Opzione Encarnaci\u00f3n:<\/strong> visita alla zona di Las Setas; cena presto in centro; spettacolo; prosecuzione della serata per le vie del centro storico.<\/p>\n<p><strong>Opzione Triana:<\/strong> attraversare il Ponte Isabel II al tramonto; passeggiare nel quartiere; assistere a uno spettacolo flamenco; terminare con un drink o una cena tardiva a Triana.<\/p>\n<p>Questo approccio ha un vantaggio: evita di dipendere dalla possibilit\u00e0 di trovare flamenco spontaneamente. Prima assicuri la funzione, poi lasci spazio alla citt\u00e0 per offrirti l\u2019imprevisto.<\/p>\n<\/div><\/div><\/div><\/div><\/div><div class=\"vc_col-sm-6 wpb_column vc_column_container\"><div class=\"vc_column-inner\"><div class=\"wpb_wrapper\"><div class=\"wpb_text_column\"><div class=\"wpb_wrapper\"><h2 id=\"mas-alla\">Oltre il tablao: pe\u00f1as, teatri e programmazione occasionale<\/h2>\n<p>Dopo la Biennale il flamenco continua anche al di fuori degli spazi con programmazione quotidiana. Siviglia e la sua provincia hanno <strong>pe\u00f1as flamencas, rassegne culturali, teatri e festival<\/strong> che organizzano recital e attivit\u00e0 durante l\u2019anno.<\/p>\n<p>Per un appassionato, questi appuntamenti possono essere straordinari. Tuttavia, non funzionano come un tablao. Possono svolgersi una volta al mese, concentrarsi in determinati fine settimana o prevedere condizioni di accesso specifiche. Sono quindi un\u2019ottima seconda possibilit\u00e0 per chi ha tempo di studiare l\u2019agenda, ma non sempre l\u2019opzione pi\u00f9 sicura per un visitatore che ha bisogno di flamenco in una serata precisa.<\/p>\n<p>Vale anche la pena seguire la programmazione dei teatri sivigliani. La fine della Biennale non significa che Maestranza, Lope de Vega, Central o Alameda smettano di ospitare flamenco; tornano semplicemente alle loro stagioni generali, in cui il genere condivide il cartellone con musica, danza e teatro.<\/p>\n<p>La differenza fondamentale \u00e8 la disponibilit\u00e0: <strong>il tablao offre continuit\u00e0; la programmazione culturale offre appuntamenti occasionali<\/strong>. Entrambe le formule possono convivere perfettamente nello stesso viaggio.<\/p>\n<\/div><\/div><\/div><\/div><\/div><\/div><\/div><\/section><section class=\"l-section wpb_row height_huge\"><div class=\"l-section-h i-cf\"><div class=\"g-cols vc_row via_flex valign_top type_default stacking_default\"><div class=\"vc_col-sm-12 wpb_column vc_column_container\"><div class=\"vc_column-inner\"><div class=\"wpb_wrapper\"><div class=\"wpb_text_column\"><div class=\"wpb_wrapper\"><h2>Arrivi subito dopo la Biennale?<\/h2>\n<p>I primi giorni di ottobre possono essere particolarmente interessanti. Siviglia conserva ancora l\u2019atmosfera delle settimane precedenti, una parte del pubblico specializzato rimane in citt\u00e0 e la stagione turistica autunnale mantiene molta attivit\u00e0 nel centro.<\/p>\n<p>Se il tuo viaggio inizia quando la Biennale \u00e8 gi\u00e0 terminata, non vale la pena cambiare le date soltanto perch\u00e9 pensi di aver perso il flamenco. L\u2019esperienza sar\u00e0 diversa, ma potrai continuare a vedere spettacoli professionali e avrai anche molta pi\u00f9 libert\u00e0 per combinare flamenco, monumenti, gastronomia e quartieri di Siviglia.<\/p>\n<p>Se durante la Biennale cercavi alternative per mancanza di biglietti, puoi consultare anche la nostra guida <a href=\"https:\/\/www.tablaosflamencos.com\/it\/biennale-esaurita-dove-vedere-flamenco-stasera-siviglia.html\"><strong>Biennale esaurita: dove vedere flamenco oggi a Siviglia<\/strong><\/a>. Molte delle idee restano utili anche dopo il festival, perch\u00e9 si basano proprio sull\u2019offerta flamenca stabile della citt\u00e0.<\/p>\n<\/div><\/div><div class=\"w-separator size_medium\"><\/div><div class=\"w-hwrapper valign_top wrap align_center\" style=\"--hwrapper-gap:1.2rem\"><div class=\"w-btn-wrapper align_none\"><a class=\"w-btn us-btn-style_1\" href=\"https:\/\/www.tablaosflamencos.com\/it\/flamenco-a-siviglia\"><span class=\"w-btn-label\">Confronta il flamenco a Siviglia<\/span><\/a><\/div><div class=\"w-btn-wrapper align_none\"><a class=\"w-btn us-btn-style_11\" href=\"https:\/\/www.tablaosflamencos.com\/it\/flamenco-a-triana\"><span class=\"w-btn-label\">Flamenco a Triana<\/span><\/a><\/div><\/div><\/div><\/div><\/div><\/div><\/div><\/section><section class=\"l-section wpb_row height_huge color_alternate with_shape\"><div class=\"l-section-shape type_zigzag pos_top hor_flip\" style=\"height:3vmin;\"><svg xmlns=\"http:\/\/www.w3.org\/2000\/svg\" viewBox=\"0 0 64 8\" preserveAspectRatio=\"none\" width=\"100%\" height=\"100%\">\r\n\t<path fill=\"currentColor\" d=\"M64 8 L0 8 L0 0 L20 7.9 L40 3 L48 5 L64 0 Z\"\/>\r\n<\/svg><\/div><div class=\"l-section-shape type_zigzag pos_bottom\" style=\"height:3vmin;\"><svg xmlns=\"http:\/\/www.w3.org\/2000\/svg\" viewBox=\"0 0 64 8\" preserveAspectRatio=\"none\" width=\"100%\" height=\"100%\">\r\n\t<path fill=\"currentColor\" d=\"M64 8 L0 8 L0 0 L20 7.9 L40 3 L48 5 L64 0 Z\"\/>\r\n<\/svg><\/div><div class=\"l-section-h i-cf\"><div class=\"g-cols vc_row via_flex valign_top type_default stacking_default\"><div class=\"vc_col-sm-1\/5 wpb_column vc_column_container\"><div class=\"vc_column-inner\"><div class=\"wpb_wrapper\"><\/div><\/div><\/div><div class=\"vc_col-sm-3\/5 wpb_column vc_column_container\"><div class=\"vc_column-inner\"><div class=\"wpb_wrapper\"><div class=\"wpb_text_column\"><div class=\"wpb_wrapper\"><h2 id=\"faq\">Domande frequenti su dove vedere flamenco dopo la Biennale<\/h2>\n<\/div><\/div><div class=\"w-separator size_medium\"><\/div><div class=\"w-tabs accordion toggle_style_1 has_scrolling\" style=\"--sections-title-size:inherit;--sections-gap:0.5rem;\"><div class=\"w-tabs-sections titles-align_none icon_plus cpos_left\"><div class=\"w-tabs-section\" id=\"sd8e\" itemscope itemprop=\"mainEntity\" itemtype=\"https:\/\/schema.org\/Question\"><button type=\"button\" class=\"w-tabs-section-header\" aria-controls=\"content-sd8e\" aria-expanded=\"false\"><h3 class=\"w-tabs-section-title\" itemprop=\"name\">Si pu\u00f2 continuare a vedere flamenco a Siviglia quando finisce la Biennale?<\/h3><div class=\"w-tabs-section-control\"><\/div><\/button><div  class=\"w-tabs-section-content\" id=\"content-sd8e\" itemscope itemprop=\"acceptedAnswer\" itemtype=\"https:\/\/schema.org\/Answer\"><div class=\"w-tabs-section-content-h i-cf\" itemprop=\"text\"><div class=\"wpb_text_column\"><div class=\"wpb_wrapper\"><p>S\u00ec. La Biennale termina il 3 ottobre 2026, ma Siviglia mantiene per tutto il resto dell\u2019anno un\u2019ampia offerta di tablaos, teatri flamenco e spazi culturali con programmazione regolare. A terminare \u00e8 il calendario straordinario del festival, non l\u2019attivit\u00e0 flamenca della citt\u00e0.<\/p>\n<\/div><\/div><\/div><\/div><\/div><div class=\"w-tabs-section\" id=\"keb9\" itemscope itemprop=\"mainEntity\" itemtype=\"https:\/\/schema.org\/Question\"><button type=\"button\" class=\"w-tabs-section-header\" aria-controls=\"content-keb9\" aria-expanded=\"false\"><h3 class=\"w-tabs-section-title\" itemprop=\"name\">Dove posso vedere flamenco a Siviglia a partire dal 4 ottobre 2026?<\/h3><div class=\"w-tabs-section-control\"><\/div><\/button><div  class=\"w-tabs-section-content\" id=\"content-keb9\" itemscope itemprop=\"acceptedAnswer\" itemtype=\"https:\/\/schema.org\/Answer\"><div class=\"w-tabs-section-content-h i-cf\" itemprop=\"text\"><div class=\"wpb_text_column\"><div class=\"wpb_wrapper\"><p>Puoi prenotare direttamente sul nostro portale opzioni come <a href=\"https:\/\/www.tablaosflamencos.com\/it\/tablao\/tablao-flamenco-las-setas\">Tablao Flamenco Las Setas<\/a>, <a href=\"https:\/\/www.tablaosflamencos.com\/it\/tablao\/tablao-flamenco-la-cantaora\">La Cantaora<\/a>, <a href=\"https:\/\/www.tablaosflamencos.com\/it\/tablao\/casa-duende-tablao\">Casa Duende<\/a>, <a href=\"https:\/\/www.tablaosflamencos.com\/it\/tablao\/tablao-flamenco-las-duenas\">Las Due\u00f1as<\/a>, <a href=\"https:\/\/www.tablaosflamencos.com\/it\/tablao\/tablao-flamenco-casa-inquieta\">Casa Inquieta<\/a>, <a href=\"https:\/\/www.tablaosflamencos.com\/it\/tablao\/casa-flamenco-azahar\">Casa Flamenco Azahar<\/a>, <a href=\"https:\/\/www.tablaosflamencos.com\/it\/tablao\/tablao-flamenco-el-jardin-de-murillo\">El Jard\u00edn de Murillo<\/a>, <a href=\"https:\/\/www.tablaosflamencos.com\/it\/tablao\/baraka-sala-flamenca\">Baraka Sala Flamenca<\/a> o <a href=\"https:\/\/www.tablaosflamencos.com\/it\/tablao\/tablao-flamenco-triana\">Tablao Flamenco Triana<\/a>. Verifica sempre la disponibilit\u00e0 per la data specifica.<\/p>\n<\/div><\/div><\/div><\/div><\/div><div class=\"w-tabs-section\" id=\"mfa8\" itemscope itemprop=\"mainEntity\" itemtype=\"https:\/\/schema.org\/Question\"><button type=\"button\" class=\"w-tabs-section-header\" aria-controls=\"content-mfa8\" aria-expanded=\"false\"><h3 class=\"w-tabs-section-title\" itemprop=\"name\">Gli artisti della Biennale si esibiscono anche nei tablaos?<\/h3><div class=\"w-tabs-section-control\"><\/div><\/button><div  class=\"w-tabs-section-content\" id=\"content-mfa8\" itemscope itemprop=\"acceptedAnswer\" itemtype=\"https:\/\/schema.org\/Answer\"><div class=\"w-tabs-section-content-h i-cf\" itemprop=\"text\"><div class=\"wpb_text_column\"><div class=\"wpb_wrapper\"><p>Molti artisti professionisti alternano nel corso della loro carriera tablaos, compagnie, festival, tourn\u00e9e e teatri. Tuttavia, i cast cambiano e non bisogna dare per scontato che un determinato artista della Biennale si esibisca in un tablao in una data specifica. \u00c8 meglio verificare la programmazione disponibile.<\/p>\n<\/div><\/div><\/div><\/div><\/div><div class=\"w-tabs-section\" id=\"p07a\" itemscope itemprop=\"mainEntity\" itemtype=\"https:\/\/schema.org\/Question\"><button type=\"button\" class=\"w-tabs-section-header\" aria-controls=\"content-p07a\" aria-expanded=\"false\"><h3 class=\"w-tabs-section-title\" itemprop=\"name\">\u00c8 meglio un tablao piccolo o uno grande?<\/h3><div class=\"w-tabs-section-control\"><\/div><\/button><div  class=\"w-tabs-section-content\" id=\"content-p07a\" itemscope itemprop=\"acceptedAnswer\" itemtype=\"https:\/\/schema.org\/Answer\"><div class=\"w-tabs-section-content-h i-cf\" itemprop=\"text\"><div class=\"wpb_text_column\"><div class=\"wpb_wrapper\"><p>Dipende dall\u2019esperienza che cerchi. Uno spazio piccolo offre maggiore vicinanza al cante, alla chitarra e al baile. Una sala pi\u00f9 grande pu\u00f2 offrire una messa in scena pi\u00f9 ampia. Non esiste una dimensione automaticamente migliore per tutti.<\/p>\n<\/div><\/div><\/div><\/div><\/div><div class=\"w-tabs-section\" id=\"v143\" itemscope itemprop=\"mainEntity\" itemtype=\"https:\/\/schema.org\/Question\"><button type=\"button\" class=\"w-tabs-section-header\" aria-controls=\"content-v143\" aria-expanded=\"false\"><h3 class=\"w-tabs-section-title\" itemprop=\"name\">Vale la pena vedere flamenco a Triana dopo la Biennale?<\/h3><div class=\"w-tabs-section-control\"><\/div><\/button><div  class=\"w-tabs-section-content\" id=\"content-v143\" itemscope itemprop=\"acceptedAnswer\" itemtype=\"https:\/\/schema.org\/Answer\"><div class=\"w-tabs-section-content-h i-cf\" itemprop=\"text\"><div class=\"wpb_text_column\"><div class=\"wpb_wrapper\"><p>S\u00ec. Triana \u00e8 una delle zone pi\u00f9 legate alla storia flamenca di Siviglia e dispone di un\u2019offerta scenica stabile, oltre a una programmazione culturale occasionale. Per un visitatore \u00e8 consigliabile prenotare prima uno spettacolo confermato e poi completare la serata esplorando il quartiere.<\/p>\n<\/div><\/div><\/div><\/div><\/div><div class=\"w-tabs-section\" id=\"q216\" itemscope itemprop=\"mainEntity\" itemtype=\"https:\/\/schema.org\/Question\"><button type=\"button\" class=\"w-tabs-section-header\" aria-controls=\"content-q216\" aria-expanded=\"false\"><h3 class=\"w-tabs-section-title\" itemprop=\"name\">Devo prenotare il flamenco in anticipo a ottobre?<\/h3><div class=\"w-tabs-section-control\"><\/div><\/button><div  class=\"w-tabs-section-content\" id=\"content-q216\" itemscope itemprop=\"acceptedAnswer\" itemtype=\"https:\/\/schema.org\/Answer\"><div class=\"w-tabs-section-content-h i-cf\" itemprop=\"text\"><div class=\"wpb_text_column\"><div class=\"wpb_wrapper\"><p>\u00c8 consigliabile. Anche se la Biennale \u00e8 terminata, Siviglia mantiene una forte domanda turistica in autunno e le sale con capienza ridotta possono esaurire alcune sessioni, soprattutto nei fine settimana, nei ponti festivi e durante i grandi eventi.<\/p>\n<\/div><\/div><\/div><\/div><\/div><div class=\"w-tabs-section\" id=\"f2dd\" itemscope itemprop=\"mainEntity\" itemtype=\"https:\/\/schema.org\/Question\"><button type=\"button\" class=\"w-tabs-section-header\" aria-controls=\"content-f2dd\" aria-expanded=\"false\"><h3 class=\"w-tabs-section-title\" itemprop=\"name\">\u00c8 necessario prenotare una cena insieme allo spettacolo?<\/h3><div class=\"w-tabs-section-control\"><\/div><\/button><div  class=\"w-tabs-section-content\" id=\"content-f2dd\" itemscope itemprop=\"acceptedAnswer\" itemtype=\"https:\/\/schema.org\/Answer\"><div class=\"w-tabs-section-content-h i-cf\" itemprop=\"text\"><div class=\"wpb_text_column\"><div class=\"wpb_wrapper\"><p>No. Se la tua priorit\u00e0 \u00e8 il flamenco, puoi prenotare soltanto lo spettacolo quando lo spazio offre questa modalit\u00e0 e organizzare cena o tapas prima o dopo. Scegliere cena e spettacolo \u00e8 una questione di comodit\u00e0 e preferenze, non un requisito per godersi una buona funzione.<\/p>\n<\/div><\/div><\/div><\/div><\/div><div class=\"w-tabs-section\" id=\"w3a6\" itemscope itemprop=\"mainEntity\" itemtype=\"https:\/\/schema.org\/Question\"><button type=\"button\" class=\"w-tabs-section-header\" aria-controls=\"content-w3a6\" aria-expanded=\"false\"><h3 class=\"w-tabs-section-title\" itemprop=\"name\">C\u2019\u00e8 flamenco fuori dai tablaos dopo la Biennale?<\/h3><div class=\"w-tabs-section-control\"><\/div><\/button><div  class=\"w-tabs-section-content\" id=\"content-w3a6\" itemscope itemprop=\"acceptedAnswer\" itemtype=\"https:\/\/schema.org\/Answer\"><div class=\"w-tabs-section-content-h i-cf\" itemprop=\"text\"><div class=\"wpb_text_column\"><div class=\"wpb_wrapper\"><p>S\u00ec. Possono esserci recital in teatri, pe\u00f1as, centri culturali, festival e rassegne occasionali. La differenza \u00e8 che queste attivit\u00e0 non hanno sempre frequenza quotidiana, quindi conviene consultare l\u2019agenda in anticipo.<\/p>\n<\/div><\/div><\/div><\/div><\/div><div class=\"w-tabs-section\" id=\"u46a\" itemscope itemprop=\"mainEntity\" itemtype=\"https:\/\/schema.org\/Question\"><button type=\"button\" class=\"w-tabs-section-header\" aria-controls=\"content-u46a\" aria-expanded=\"false\"><h3 class=\"w-tabs-section-title\" itemprop=\"name\">Posso andare a uno spettacolo flamenco con bambini?<\/h3><div class=\"w-tabs-section-control\"><\/div><\/button><div  class=\"w-tabs-section-content\" id=\"content-u46a\" itemscope itemprop=\"acceptedAnswer\" itemtype=\"https:\/\/schema.org\/Answer\"><div class=\"w-tabs-section-content-h i-cf\" itemprop=\"text\"><div class=\"wpb_text_column\"><div class=\"wpb_wrapper\"><p>Molti spazi accolgono famiglie, ma condizioni ed et\u00e0 minime variano. Prima di prenotare, verifica le condizioni specifiche dello spettacolo scelto.<\/p>\n<\/div><\/div><\/div><\/div><\/div><div class=\"w-tabs-section\" id=\"v538\" itemscope itemprop=\"mainEntity\" itemtype=\"https:\/\/schema.org\/Question\"><button type=\"button\" class=\"w-tabs-section-header\" aria-controls=\"content-v538\" aria-expanded=\"false\"><h3 class=\"w-tabs-section-title\" itemprop=\"name\">Dove posso confrontare le opzioni di flamenco a Siviglia?<\/h3><div class=\"w-tabs-section-control\"><\/div><\/button><div  class=\"w-tabs-section-content\" id=\"content-v538\" itemscope itemprop=\"acceptedAnswer\" itemtype=\"https:\/\/schema.org\/Answer\"><div class=\"w-tabs-section-content-h i-cf\" itemprop=\"text\"><div class=\"wpb_text_column\"><div class=\"wpb_wrapper\"><p>Puoi consultare la nostra pagina <a href=\"https:\/\/www.tablaosflamencos.com\/it\/flamenco-a-siviglia\"><strong>flamenco a Siviglia<\/strong><\/a>, dove riuniamo opzioni da confrontare e per organizzare la prenotazione in base alla data della visita.<\/p>\n<\/div><\/div><\/div><\/div><\/div><\/div><\/div><\/div><\/div><\/div><div class=\"vc_col-sm-1\/5 wpb_column vc_column_container\"><div class=\"vc_column-inner\"><div class=\"wpb_wrapper\"><\/div><\/div><\/div><\/div><\/div><\/section><section class=\"l-section wpb_row height_huge\"><div class=\"l-section-h i-cf\"><div class=\"g-cols vc_row via_flex valign_top type_default stacking_default\"><div class=\"vc_col-sm-12 wpb_column vc_column_container\"><div class=\"vc_column-inner\"><div class=\"wpb_wrapper\"><div class=\"wpb_text_column\"><div class=\"wpb_wrapper\"><h2 style=\"text-align: center;\">La Biennale finisce; il flamenco di Siviglia continua<\/h2>\n<p style=\"text-align: center;\">La Biennale di Flamenco \u00e8 uno dei momenti pi\u00f9 intensi del calendario culturale sivigliano, ma non \u00e8 l\u2019unico periodo in cui vivere il flamenco in citt\u00e0. La sua conclusione segna la fine di un\u2019edizione straordinaria, non della stagione flamenca.<\/p>\n<p style=\"text-align: center;\">Dopo il 3 ottobre, Siviglia torna a mostrare uno dei suoi grandi punti di forza: una <strong>rete stabile di tablaos e spazi scenici<\/strong> capace di offrire flamenco a chi arriva in qualsiasi settimana dell\u2019anno. L\u2019esperienza cambia per scala, formato e ritmo, ma continua a permettere di ascoltare il cante, vedere il baile e sentire la chitarra da molto vicino.<\/p>\n<p style=\"text-align: center;\">Se viaggi dopo la Biennale, la strategia pi\u00f9 semplice \u00e8 scegliere il tipo di esperienza che desideri, <a href=\"https:\/\/www.tablaosflamencos.com\/it\/flamenco-a-siviglia\"><strong>confrontare gli spettacoli di flamenco disponibili a Siviglia<\/strong><\/a> e prenotare prima di arrivare. Il festival avr\u00e0 salutato fino alla prossima edizione; il flamenco no.<\/p>\n<\/div><\/div><\/div><\/div><\/div><\/div><\/div><\/section>\n","protected":false},"excerpt":{"rendered":"<p>La Biennale finisce, ma il flamenco continua a Siviglia. Guida a tablaos, Triana e spettacoli regolari dopo il 3 ottobre 2026.<\/p>\n","protected":false},"author":1,"featured_media":14271,"comment_status":"closed","ping_status":"closed","sticky":false,"template":"","format":"standard","meta":{"_acf_changed":false,"wpai_generated_summary":"","_ayudawp_aiss_exclude":false,"_ayudawp_aiss_exclude_summary":false,"_ayudawp_aiss_summary":"","_ayudawp_aiss_summary_provider":"","_ayudawp_aiss_summary_hash":"","footnotes":""},"categories":[1429],"tags":[1249,1250,1251,1252,1177,1253],"class_list":["post-14320","post","type-post","status-publish","format-standard","has-post-thumbnail","hentry","category-biennale-di-flamenco","tag-agenda-flamenca","tag-bienal-2026","tag-bienal-de-flamenco","tag-festivales-flamencos","tag-flamenco-en-sevilla","tag-sevilla"],"acf":[],"yoast_head":"<!-- This site is optimized with the Yoast SEO Premium plugin v28.4 (Yoast SEO v28.4) - https:\/\/yoast.com\/product\/yoast-seo-premium-wordpress\/ -->\n<title>Flamenco a Siviglia dopo la Biennale 2026<\/title>\n<meta name=\"description\" content=\"La Biennale termina il 3 ottobre, ma il flamenco continua a Siviglia. Guida a tablaos, Triana, spettacoli e prenotazioni dopo il festival.\" \/>\n<meta name=\"robots\" content=\"index, follow, max-snippet:-1, max-image-preview:large, max-video-preview:-1\" \/>\n<link rel=\"canonical\" href=\"https:\/\/www.tablaosflamencos.com\/it\/flamenco-dopo-biennale-dove-vedere-siviglia.html\" \/>\n<meta property=\"og:locale\" content=\"it_IT\" \/>\n<meta property=\"og:type\" content=\"article\" \/>\n<meta property=\"og:title\" content=\"Flamenco dopo la Biennale: dove continuare a vedere flamenco a Siviglia\" \/>\n<meta property=\"og:description\" content=\"La Biennale termina il 3 ottobre, ma il flamenco continua a Siviglia. Guida a tablaos, Triana, spettacoli e prenotazioni dopo il festival.\" \/>\n<meta property=\"og:url\" content=\"https:\/\/www.tablaosflamencos.com\/it\/flamenco-dopo-biennale-dove-vedere-siviglia.html\" \/>\n<meta property=\"og:site_name\" content=\"Tablaos Flamencos\" \/>\n<meta property=\"article:publisher\" content=\"https:\/\/www.facebook.com\/tablaosflamencos\" \/>\n<meta property=\"article:published_time\" content=\"2026-09-03T21:26:41+00:00\" \/>\n<meta property=\"article:modified_time\" content=\"2026-09-03T21:57:43+00:00\" \/>\n<meta property=\"og:image\" content=\"https:\/\/www.tablaosflamencos.com\/wp-content\/uploads\/flamenco-despues-de-la-bienal-donde-seguir-viendo-flamenco-en-sevilla-01.webp\" \/>\n\t<meta property=\"og:image:width\" content=\"1672\" \/>\n\t<meta property=\"og:image:height\" content=\"941\" \/>\n\t<meta property=\"og:image:type\" content=\"image\/webp\" \/>\n<meta name=\"author\" content=\"Miguel Ortiz\" \/>\n<meta name=\"twitter:card\" content=\"summary_large_image\" \/>\n<meta name=\"twitter:creator\" content=\"@tablaosflamenco\" \/>\n<meta name=\"twitter:site\" content=\"@tablaosflamenco\" \/>\n<meta name=\"twitter:label1\" content=\"Scritto da\" \/>\n\t<meta name=\"twitter:data1\" content=\"Miguel Ortiz\" \/>\n\t<meta name=\"twitter:label2\" content=\"Tempo di lettura stimato\" \/>\n\t<meta name=\"twitter:data2\" content=\"19 minuti\" \/>\n<script type=\"application\/ld+json\" class=\"yoast-schema-graph\">{\"@context\":\"https:\\\/\\\/schema.org\",\"@graph\":[{\"@type\":\"Article\",\"@id\":\"https:\\\/\\\/www.tablaosflamencos.com\\\/it\\\/flamenco-dopo-biennale-dove-vedere-siviglia.html#article\",\"isPartOf\":{\"@id\":\"https:\\\/\\\/www.tablaosflamencos.com\\\/it\\\/flamenco-dopo-biennale-dove-vedere-siviglia.html\"},\"author\":{\"name\":\"Miguel Ortiz\",\"@id\":\"https:\\\/\\\/www.tablaosflamencos.com\\\/it#\\\/schema\\\/person\\\/e7a9ebe14eb75a52ceabfbffb3c54f5d\"},\"headline\":\"Flamenco dopo la Biennale: dove continuare a vedere flamenco a Siviglia\",\"datePublished\":\"2026-09-03T21:26:41+00:00\",\"dateModified\":\"2026-09-03T21:57:43+00:00\",\"mainEntityOfPage\":{\"@id\":\"https:\\\/\\\/www.tablaosflamencos.com\\\/it\\\/flamenco-dopo-biennale-dove-vedere-siviglia.html\"},\"wordCount\":3760,\"publisher\":{\"@id\":\"https:\\\/\\\/www.tablaosflamencos.com\\\/it#organization\"},\"image\":{\"@id\":\"https:\\\/\\\/www.tablaosflamencos.com\\\/it\\\/flamenco-dopo-biennale-dove-vedere-siviglia.html#primaryimage\"},\"thumbnailUrl\":\"https:\\\/\\\/www.tablaosflamencos.com\\\/wp-content\\\/uploads\\\/flamenco-despues-de-la-bienal-donde-seguir-viendo-flamenco-en-sevilla-01.webp\",\"keywords\":[\"agenda flamenca\",\"Bienal 2026\",\"Bienal de Flamenco\",\"festivales flamencos\",\"flamenco en Sevilla\",\"sevilla\"],\"articleSection\":[\"Biennale di Flamenco\"],\"inLanguage\":\"it-IT\"},{\"@type\":\"WebPage\",\"@id\":\"https:\\\/\\\/www.tablaosflamencos.com\\\/it\\\/flamenco-dopo-biennale-dove-vedere-siviglia.html\",\"url\":\"https:\\\/\\\/www.tablaosflamencos.com\\\/it\\\/flamenco-dopo-biennale-dove-vedere-siviglia.html\",\"name\":\"Flamenco a Siviglia dopo la Biennale 2026\",\"isPartOf\":{\"@id\":\"https:\\\/\\\/www.tablaosflamencos.com\\\/it#website\"},\"primaryImageOfPage\":{\"@id\":\"https:\\\/\\\/www.tablaosflamencos.com\\\/it\\\/flamenco-dopo-biennale-dove-vedere-siviglia.html#primaryimage\"},\"image\":{\"@id\":\"https:\\\/\\\/www.tablaosflamencos.com\\\/it\\\/flamenco-dopo-biennale-dove-vedere-siviglia.html#primaryimage\"},\"thumbnailUrl\":\"https:\\\/\\\/www.tablaosflamencos.com\\\/wp-content\\\/uploads\\\/flamenco-despues-de-la-bienal-donde-seguir-viendo-flamenco-en-sevilla-01.webp\",\"datePublished\":\"2026-09-03T21:26:41+00:00\",\"dateModified\":\"2026-09-03T21:57:43+00:00\",\"description\":\"La Biennale termina il 3 ottobre, ma il flamenco continua a Siviglia. Guida a tablaos, Triana, spettacoli e prenotazioni dopo il festival.\",\"breadcrumb\":{\"@id\":\"https:\\\/\\\/www.tablaosflamencos.com\\\/it\\\/flamenco-dopo-biennale-dove-vedere-siviglia.html#breadcrumb\"},\"inLanguage\":\"it-IT\",\"potentialAction\":[{\"@type\":\"ReadAction\",\"target\":[\"https:\\\/\\\/www.tablaosflamencos.com\\\/it\\\/flamenco-dopo-biennale-dove-vedere-siviglia.html\"]}]},{\"@type\":\"ImageObject\",\"inLanguage\":\"it-IT\",\"@id\":\"https:\\\/\\\/www.tablaosflamencos.com\\\/it\\\/flamenco-dopo-biennale-dove-vedere-siviglia.html#primaryimage\",\"url\":\"https:\\\/\\\/www.tablaosflamencos.com\\\/wp-content\\\/uploads\\\/flamenco-despues-de-la-bienal-donde-seguir-viendo-flamenco-en-sevilla-01.webp\",\"contentUrl\":\"https:\\\/\\\/www.tablaosflamencos.com\\\/wp-content\\\/uploads\\\/flamenco-despues-de-la-bienal-donde-seguir-viendo-flamenco-en-sevilla-01.webp\",\"width\":1672,\"height\":941,\"caption\":\"Flamenco despu\u00e9s de la Bienal: d\u00f3nde seguir viendo flamenco en Sevilla\"},{\"@type\":\"BreadcrumbList\",\"@id\":\"https:\\\/\\\/www.tablaosflamencos.com\\\/it\\\/flamenco-dopo-biennale-dove-vedere-siviglia.html#breadcrumb\",\"itemListElement\":[{\"@type\":\"ListItem\",\"position\":1,\"name\":\"Home\",\"item\":\"https:\\\/\\\/www.tablaosflamencos.com\\\/it\"},{\"@type\":\"ListItem\",\"position\":2,\"name\":\"Flamenco dopo la Biennale: dove continuare a vedere flamenco a Siviglia\"}]},{\"@type\":\"WebSite\",\"@id\":\"https:\\\/\\\/www.tablaosflamencos.com\\\/it#website\",\"url\":\"https:\\\/\\\/www.tablaosflamencos.com\\\/it\",\"name\":\"Tablaos Flamencos\",\"description\":\"Entradas para tablaos flamencos de Espa\u00f1a\",\"publisher\":{\"@id\":\"https:\\\/\\\/www.tablaosflamencos.com\\\/it#organization\"},\"alternateName\":\"Tablaos Flamencos\",\"potentialAction\":[{\"@type\":\"SearchAction\",\"target\":{\"@type\":\"EntryPoint\",\"urlTemplate\":\"https:\\\/\\\/www.tablaosflamencos.com\\\/it?s={search_term_string}\"},\"query-input\":{\"@type\":\"PropertyValueSpecification\",\"valueRequired\":true,\"valueName\":\"search_term_string\"}}],\"inLanguage\":\"it-IT\"},{\"@type\":[\"Organization\",\"Place\",\"EntertainmentBusiness\"],\"@id\":\"https:\\\/\\\/www.tablaosflamencos.com\\\/it#organization\",\"name\":\"Tablaos Flamencos\",\"alternateName\":\"Tablaos Flamencos\",\"url\":\"https:\\\/\\\/www.tablaosflamencos.com\\\/it\",\"logo\":{\"@id\":\"https:\\\/\\\/www.tablaosflamencos.com\\\/it\\\/flamenco-dopo-biennale-dove-vedere-siviglia.html#local-main-organization-logo\"},\"image\":{\"@id\":\"https:\\\/\\\/www.tablaosflamencos.com\\\/it\\\/flamenco-dopo-biennale-dove-vedere-siviglia.html#local-main-organization-logo\"},\"sameAs\":[\"https:\\\/\\\/www.facebook.com\\\/tablaosflamencos\",\"https:\\\/\\\/x.com\\\/tablaosflamenco\",\"https:\\\/\\\/mastodon.social\\\/@tablaosflamencos\",\"https:\\\/\\\/www.instagram.com\\\/tablaosflamencos\",\"https:\\\/\\\/tiktok.com\\\/@tablaosflamencos\",\"https:\\\/\\\/www.linkedin.com\\\/company\\\/109408238\\\/\"],\"description\":\"Venta de entradas para espect\u00e1culos flamencos\",\"legalName\":\"Tablaos Flamencos\",\"foundingDate\":\"2015-01-01\",\"numberOfEmployees\":{\"@type\":\"QuantitativeValue\",\"minValue\":\"1\",\"maxValue\":\"10\"},\"address\":{\"@id\":\"https:\\\/\\\/www.tablaosflamencos.com\\\/it\\\/flamenco-dopo-biennale-dove-vedere-siviglia.html#local-main-place-address\"},\"geo\":{\"@type\":\"GeoCoordinates\",\"latitude\":\"37.3868072\",\"longitude\":\"-5.993280299999999\"},\"telephone\":[\"+34623787787\"],\"contactPoint\":{\"@type\":\"ContactPoint\",\"telephone\":\"+34623787787\",\"email\":\"info@tablaosflamencos.com\"},\"openingHoursSpecification\":{\"@type\":\"OpeningHoursSpecification\",\"dayOfWeek\":[\"Monday\",\"Tuesday\",\"Wednesday\",\"Thursday\",\"Friday\",\"Saturday\",\"Sunday\"],\"opens\":\"00:00\",\"closes\":\"23:59\"},\"email\":\"info@tablaosflamencos.com\",\"priceRange\":\"$$$\",\"currenciesAccepted\":\"\u20ac\"},{\"@type\":\"Person\",\"@id\":\"https:\\\/\\\/www.tablaosflamencos.com\\\/it#\\\/schema\\\/person\\\/e7a9ebe14eb75a52ceabfbffb3c54f5d\",\"name\":\"Miguel Ortiz\",\"description\":\"Miguel Ortiz es un empresario flamenco, con una s\u00f3lida trayectoria dentro del sector. Ha presidido entidades culturales vinculadas al flamenco y, cuenta con un amplio recorrido profesional en la gesti\u00f3n y promoci\u00f3n de espect\u00e1culos y tablaos flamencos. Su pasi\u00f3n por la historia y el arte flamenco se refleja en cada art\u00edculo, donde combina experiencia, criterio y un profundo respeto por la tradici\u00f3n.\",\"sameAs\":[\"https:\\\/\\\/www.tablaosflamencos.com\",\"https:\\\/\\\/www.instagra.com\\\/miguelortizfe\",\"https:\\\/\\\/www.linkedin.com\\\/in\\\/miguelortizf\\\/\"],\"birthDate\":\"1984-11-22\",\"gender\":\"hombre\",\"knowsLanguage\":[\"espa\u00f1ol\",\"ingl\u00e9s\"],\"jobTitle\":\"Empresario flamenco\"},{\"@type\":\"PostalAddress\",\"@id\":\"https:\\\/\\\/www.tablaosflamencos.com\\\/it\\\/flamenco-dopo-biennale-dove-vedere-siviglia.html#local-main-place-address\",\"streetAddress\":\"C\\\/ Alemanes, 19\",\"addressLocality\":\"Sevilla\",\"postalCode\":\"41004\",\"addressRegion\":\"Sevilla\",\"addressCountry\":\"ES\"},{\"@type\":\"ImageObject\",\"inLanguage\":\"it-IT\",\"@id\":\"https:\\\/\\\/www.tablaosflamencos.com\\\/it\\\/flamenco-dopo-biennale-dove-vedere-siviglia.html#local-main-organization-logo\",\"url\":\"https:\\\/\\\/www.tablaosflamencos.com\\\/wp-content\\\/uploads\\\/tablaos-flamencos-06-3.webp\",\"contentUrl\":\"https:\\\/\\\/www.tablaosflamencos.com\\\/wp-content\\\/uploads\\\/tablaos-flamencos-06-3.webp\",\"width\":600,\"height\":620,\"caption\":\"Tablaos Flamencos\"}]}<\/script>\n<meta name=\"geo.placename\" content=\"Sevilla\" \/>\n<meta name=\"geo.position\" content=\"37.3868072;-5.993280299999999\" \/>\n<meta name=\"geo.region\" content=\"Spagna\" \/>\n<!-- \/ Yoast SEO Premium plugin. -->","yoast_head_json":{"title":"Flamenco a Siviglia dopo la Biennale 2026","description":"La Biennale termina il 3 ottobre, ma il flamenco continua a Siviglia. Guida a tablaos, Triana, spettacoli e prenotazioni dopo il festival.","robots":{"index":"index","follow":"follow","max-snippet":"max-snippet:-1","max-image-preview":"max-image-preview:large","max-video-preview":"max-video-preview:-1"},"canonical":"https:\/\/www.tablaosflamencos.com\/it\/flamenco-dopo-biennale-dove-vedere-siviglia.html","og_locale":"it_IT","og_type":"article","og_title":"Flamenco dopo la Biennale: dove continuare a vedere flamenco a Siviglia","og_description":"La Biennale termina il 3 ottobre, ma il flamenco continua a Siviglia. Guida a tablaos, Triana, spettacoli e prenotazioni dopo il festival.","og_url":"https:\/\/www.tablaosflamencos.com\/it\/flamenco-dopo-biennale-dove-vedere-siviglia.html","og_site_name":"Tablaos Flamencos","article_publisher":"https:\/\/www.facebook.com\/tablaosflamencos","article_published_time":"2026-09-03T21:26:41+00:00","article_modified_time":"2026-09-03T21:57:43+00:00","og_image":[{"width":1672,"height":941,"url":"https:\/\/www.tablaosflamencos.com\/wp-content\/uploads\/flamenco-despues-de-la-bienal-donde-seguir-viendo-flamenco-en-sevilla-01.webp","type":"image\/webp"}],"author":"Miguel Ortiz","twitter_card":"summary_large_image","twitter_creator":"@tablaosflamenco","twitter_site":"@tablaosflamenco","twitter_misc":{"Scritto da":"Miguel Ortiz","Tempo di lettura stimato":"19 minuti"},"schema":{"@context":"https:\/\/schema.org","@graph":[{"@type":"Article","@id":"https:\/\/www.tablaosflamencos.com\/it\/flamenco-dopo-biennale-dove-vedere-siviglia.html#article","isPartOf":{"@id":"https:\/\/www.tablaosflamencos.com\/it\/flamenco-dopo-biennale-dove-vedere-siviglia.html"},"author":{"name":"Miguel Ortiz","@id":"https:\/\/www.tablaosflamencos.com\/it#\/schema\/person\/e7a9ebe14eb75a52ceabfbffb3c54f5d"},"headline":"Flamenco dopo la Biennale: dove continuare a vedere flamenco a Siviglia","datePublished":"2026-09-03T21:26:41+00:00","dateModified":"2026-09-03T21:57:43+00:00","mainEntityOfPage":{"@id":"https:\/\/www.tablaosflamencos.com\/it\/flamenco-dopo-biennale-dove-vedere-siviglia.html"},"wordCount":3760,"publisher":{"@id":"https:\/\/www.tablaosflamencos.com\/it#organization"},"image":{"@id":"https:\/\/www.tablaosflamencos.com\/it\/flamenco-dopo-biennale-dove-vedere-siviglia.html#primaryimage"},"thumbnailUrl":"https:\/\/www.tablaosflamencos.com\/wp-content\/uploads\/flamenco-despues-de-la-bienal-donde-seguir-viendo-flamenco-en-sevilla-01.webp","keywords":["agenda flamenca","Bienal 2026","Bienal de Flamenco","festivales flamencos","flamenco en Sevilla","sevilla"],"articleSection":["Biennale di Flamenco"],"inLanguage":"it-IT"},{"@type":"WebPage","@id":"https:\/\/www.tablaosflamencos.com\/it\/flamenco-dopo-biennale-dove-vedere-siviglia.html","url":"https:\/\/www.tablaosflamencos.com\/it\/flamenco-dopo-biennale-dove-vedere-siviglia.html","name":"Flamenco a Siviglia dopo la Biennale 2026","isPartOf":{"@id":"https:\/\/www.tablaosflamencos.com\/it#website"},"primaryImageOfPage":{"@id":"https:\/\/www.tablaosflamencos.com\/it\/flamenco-dopo-biennale-dove-vedere-siviglia.html#primaryimage"},"image":{"@id":"https:\/\/www.tablaosflamencos.com\/it\/flamenco-dopo-biennale-dove-vedere-siviglia.html#primaryimage"},"thumbnailUrl":"https:\/\/www.tablaosflamencos.com\/wp-content\/uploads\/flamenco-despues-de-la-bienal-donde-seguir-viendo-flamenco-en-sevilla-01.webp","datePublished":"2026-09-03T21:26:41+00:00","dateModified":"2026-09-03T21:57:43+00:00","description":"La Biennale termina il 3 ottobre, ma il flamenco continua a Siviglia. Guida a tablaos, Triana, spettacoli e prenotazioni dopo il festival.","breadcrumb":{"@id":"https:\/\/www.tablaosflamencos.com\/it\/flamenco-dopo-biennale-dove-vedere-siviglia.html#breadcrumb"},"inLanguage":"it-IT","potentialAction":[{"@type":"ReadAction","target":["https:\/\/www.tablaosflamencos.com\/it\/flamenco-dopo-biennale-dove-vedere-siviglia.html"]}]},{"@type":"ImageObject","inLanguage":"it-IT","@id":"https:\/\/www.tablaosflamencos.com\/it\/flamenco-dopo-biennale-dove-vedere-siviglia.html#primaryimage","url":"https:\/\/www.tablaosflamencos.com\/wp-content\/uploads\/flamenco-despues-de-la-bienal-donde-seguir-viendo-flamenco-en-sevilla-01.webp","contentUrl":"https:\/\/www.tablaosflamencos.com\/wp-content\/uploads\/flamenco-despues-de-la-bienal-donde-seguir-viendo-flamenco-en-sevilla-01.webp","width":1672,"height":941,"caption":"Flamenco despu\u00e9s de la Bienal: d\u00f3nde seguir viendo flamenco en Sevilla"},{"@type":"BreadcrumbList","@id":"https:\/\/www.tablaosflamencos.com\/it\/flamenco-dopo-biennale-dove-vedere-siviglia.html#breadcrumb","itemListElement":[{"@type":"ListItem","position":1,"name":"Home","item":"https:\/\/www.tablaosflamencos.com\/it"},{"@type":"ListItem","position":2,"name":"Flamenco dopo la Biennale: dove continuare a vedere flamenco a Siviglia"}]},{"@type":"WebSite","@id":"https:\/\/www.tablaosflamencos.com\/it#website","url":"https:\/\/www.tablaosflamencos.com\/it","name":"Tablaos Flamencos","description":"Entradas para tablaos flamencos de Espa\u00f1a","publisher":{"@id":"https:\/\/www.tablaosflamencos.com\/it#organization"},"alternateName":"Tablaos Flamencos","potentialAction":[{"@type":"SearchAction","target":{"@type":"EntryPoint","urlTemplate":"https:\/\/www.tablaosflamencos.com\/it?s={search_term_string}"},"query-input":{"@type":"PropertyValueSpecification","valueRequired":true,"valueName":"search_term_string"}}],"inLanguage":"it-IT"},{"@type":["Organization","Place","EntertainmentBusiness"],"@id":"https:\/\/www.tablaosflamencos.com\/it#organization","name":"Tablaos Flamencos","alternateName":"Tablaos Flamencos","url":"https:\/\/www.tablaosflamencos.com\/it","logo":{"@id":"https:\/\/www.tablaosflamencos.com\/it\/flamenco-dopo-biennale-dove-vedere-siviglia.html#local-main-organization-logo"},"image":{"@id":"https:\/\/www.tablaosflamencos.com\/it\/flamenco-dopo-biennale-dove-vedere-siviglia.html#local-main-organization-logo"},"sameAs":["https:\/\/www.facebook.com\/tablaosflamencos","https:\/\/x.com\/tablaosflamenco","https:\/\/mastodon.social\/@tablaosflamencos","https:\/\/www.instagram.com\/tablaosflamencos","https:\/\/tiktok.com\/@tablaosflamencos","https:\/\/www.linkedin.com\/company\/109408238\/"],"description":"Venta de entradas para espect\u00e1culos flamencos","legalName":"Tablaos Flamencos","foundingDate":"2015-01-01","numberOfEmployees":{"@type":"QuantitativeValue","minValue":"1","maxValue":"10"},"address":{"@id":"https:\/\/www.tablaosflamencos.com\/it\/flamenco-dopo-biennale-dove-vedere-siviglia.html#local-main-place-address"},"geo":{"@type":"GeoCoordinates","latitude":"37.3868072","longitude":"-5.993280299999999"},"telephone":["+34623787787"],"contactPoint":{"@type":"ContactPoint","telephone":"+34623787787","email":"info@tablaosflamencos.com"},"openingHoursSpecification":{"@type":"OpeningHoursSpecification","dayOfWeek":["Monday","Tuesday","Wednesday","Thursday","Friday","Saturday","Sunday"],"opens":"00:00","closes":"23:59"},"email":"info@tablaosflamencos.com","priceRange":"$$$","currenciesAccepted":"\u20ac"},{"@type":"Person","@id":"https:\/\/www.tablaosflamencos.com\/it#\/schema\/person\/e7a9ebe14eb75a52ceabfbffb3c54f5d","name":"Miguel Ortiz","description":"Miguel Ortiz es un empresario flamenco, con una s\u00f3lida trayectoria dentro del sector. Ha presidido entidades culturales vinculadas al flamenco y, cuenta con un amplio recorrido profesional en la gesti\u00f3n y promoci\u00f3n de espect\u00e1culos y tablaos flamencos. Su pasi\u00f3n por la historia y el arte flamenco se refleja en cada art\u00edculo, donde combina experiencia, criterio y un profundo respeto por la tradici\u00f3n.","sameAs":["https:\/\/www.tablaosflamencos.com","https:\/\/www.instagra.com\/miguelortizfe","https:\/\/www.linkedin.com\/in\/miguelortizf\/"],"birthDate":"1984-11-22","gender":"hombre","knowsLanguage":["espa\u00f1ol","ingl\u00e9s"],"jobTitle":"Empresario flamenco"},{"@type":"PostalAddress","@id":"https:\/\/www.tablaosflamencos.com\/it\/flamenco-dopo-biennale-dove-vedere-siviglia.html#local-main-place-address","streetAddress":"C\/ Alemanes, 19","addressLocality":"Sevilla","postalCode":"41004","addressRegion":"Sevilla","addressCountry":"ES"},{"@type":"ImageObject","inLanguage":"it-IT","@id":"https:\/\/www.tablaosflamencos.com\/it\/flamenco-dopo-biennale-dove-vedere-siviglia.html#local-main-organization-logo","url":"https:\/\/www.tablaosflamencos.com\/wp-content\/uploads\/tablaos-flamencos-06-3.webp","contentUrl":"https:\/\/www.tablaosflamencos.com\/wp-content\/uploads\/tablaos-flamencos-06-3.webp","width":600,"height":620,"caption":"Tablaos Flamencos"}]},"geo.placename":"Sevilla","geo.position":{"lat":"37.3868072","long":"-5.993280299999999"},"geo.region":"Spagna"},"_links":{"self":[{"href":"https:\/\/www.tablaosflamencos.com\/it\/wp-json\/wp\/v2\/posts\/14320","targetHints":{"allow":["GET"]}}],"collection":[{"href":"https:\/\/www.tablaosflamencos.com\/it\/wp-json\/wp\/v2\/posts"}],"about":[{"href":"https:\/\/www.tablaosflamencos.com\/it\/wp-json\/wp\/v2\/types\/post"}],"author":[{"embeddable":true,"href":"https:\/\/www.tablaosflamencos.com\/it\/wp-json\/wp\/v2\/users\/1"}],"replies":[{"embeddable":true,"href":"https:\/\/www.tablaosflamencos.com\/it\/wp-json\/wp\/v2\/comments?post=14320"}],"version-history":[{"count":3,"href":"https:\/\/www.tablaosflamencos.com\/it\/wp-json\/wp\/v2\/posts\/14320\/revisions"}],"predecessor-version":[{"id":14347,"href":"https:\/\/www.tablaosflamencos.com\/it\/wp-json\/wp\/v2\/posts\/14320\/revisions\/14347"}],"wp:featuredmedia":[{"embeddable":true,"href":"https:\/\/www.tablaosflamencos.com\/it\/wp-json\/wp\/v2\/media\/14271"}],"wp:attachment":[{"href":"https:\/\/www.tablaosflamencos.com\/it\/wp-json\/wp\/v2\/media?parent=14320"}],"wp:term":[{"taxonomy":"category","embeddable":true,"href":"https:\/\/www.tablaosflamencos.com\/it\/wp-json\/wp\/v2\/categories?post=14320"},{"taxonomy":"post_tag","embeddable":true,"href":"https:\/\/www.tablaosflamencos.com\/it\/wp-json\/wp\/v2\/tags?post=14320"}],"curies":[{"name":"wp","href":"https:\/\/api.w.org\/{rel}","templated":true}]}}